{"id":10141,"date":"2022-06-21T18:12:00","date_gmt":"2022-06-21T18:12:00","guid":{"rendered":"https:\/\/nova.rutesentrerefugis.com\/?p=10141"},"modified":"2024-04-25T10:58:50","modified_gmt":"2024-04-25T10:58:50","slug":"la-ruta-de-los-estanys-amagats","status":"publish","type":"post","link":"https:\/\/rutesentrerefugis.com\/index.php\/es\/2022\/06\/21\/la-ruta-de-los-estanys-amagats\/","title":{"rendered":"LA RUTA DE LOS ESTANYS AMAGATS"},"content":{"rendered":"\t\t<div data-elementor-type=\"wp-post\" data-elementor-id=\"10141\" class=\"elementor elementor-10141\" data-elementor-post-type=\"post\">\n\t\t\t\t\t\t<section class=\"elementor-section elementor-top-section elementor-element elementor-element-95df28b elementor-section-full_width elementor-section-height-default elementor-section-height-default\" data-id=\"95df28b\" data-element_type=\"section\" data-e-type=\"section\" data-settings=\"{&quot;background_background&quot;:&quot;classic&quot;}\">\n\t\t\t\t\t\t<div class=\"elementor-container elementor-column-gap-default\">\n\t\t\t\t\t<div class=\"elementor-column elementor-col-100 elementor-top-column elementor-element elementor-element-84065af\" data-id=\"84065af\" data-element_type=\"column\" data-e-type=\"column\">\n\t\t\t<div class=\"elementor-widget-wrap elementor-element-populated\">\n\t\t\t\t\t\t<div class=\"elementor-element elementor-element-c09c1a0 elementor-widget elementor-widget-image\" data-id=\"c09c1a0\" data-element_type=\"widget\" data-e-type=\"widget\" data-widget_type=\"image.default\">\n\t\t\t\t<div class=\"elementor-widget-container\">\n\t\t\t\t\t\t\t\t\t\t\t\t\t\t\t<img fetchpriority=\"high\" decoding=\"async\" width=\"2000\" height=\"450\" src=\"https:\/\/rutesentrerefugis.com\/wp-content\/uploads\/2023\/03\/Ruta-Estanys-Amagats-Cap.jpg\" class=\"attachment-full size-full wp-image-10065\" alt=\"\" srcset=\"https:\/\/rutesentrerefugis.com\/wp-content\/uploads\/2023\/03\/Ruta-Estanys-Amagats-Cap.jpg 2000w, https:\/\/rutesentrerefugis.com\/wp-content\/uploads\/2023\/03\/Ruta-Estanys-Amagats-Cap-300x68.jpg 300w, https:\/\/rutesentrerefugis.com\/wp-content\/uploads\/2023\/03\/Ruta-Estanys-Amagats-Cap-1024x230.jpg 1024w, https:\/\/rutesentrerefugis.com\/wp-content\/uploads\/2023\/03\/Ruta-Estanys-Amagats-Cap-768x173.jpg 768w, https:\/\/rutesentrerefugis.com\/wp-content\/uploads\/2023\/03\/Ruta-Estanys-Amagats-Cap-1536x346.jpg 1536w\" sizes=\"(max-width: 2000px) 100vw, 2000px\" \/>\t\t\t\t\t\t\t\t\t\t\t\t\t\t\t<\/div>\n\t\t\t\t<\/div>\n\t\t\t\t\t<\/div>\n\t\t<\/div>\n\t\t\t\t\t<\/div>\n\t\t<\/section>\n\t\t\t\t<section class=\"elementor-section elementor-top-section elementor-element elementor-element-c2db30a elementor-section-full_width elementor-section-height-default elementor-section-height-default\" data-id=\"c2db30a\" data-element_type=\"section\" data-e-type=\"section\" data-settings=\"{&quot;background_background&quot;:&quot;classic&quot;}\">\n\t\t\t\t\t\t<div class=\"elementor-container elementor-column-gap-default\">\n\t\t\t\t\t<div class=\"elementor-column elementor-col-100 elementor-top-column elementor-element elementor-element-7702d15\" data-id=\"7702d15\" data-element_type=\"column\" data-e-type=\"column\">\n\t\t\t<div class=\"elementor-widget-wrap elementor-element-populated\">\n\t\t\t\t\t\t<div class=\"elementor-element elementor-element-d6bdcec elementor-widget elementor-widget-heading\" data-id=\"d6bdcec\" data-element_type=\"widget\" data-e-type=\"widget\" data-widget_type=\"heading.default\">\n\t\t\t\t<div class=\"elementor-widget-container\">\n\t\t\t\t\t<h2 class=\"elementor-heading-title elementor-size-default\">LA RUTA DE LOS ESTANYS AMAGATS<\/h2>\t\t\t\t<\/div>\n\t\t\t\t<\/div>\n\t\t\t\t\t<\/div>\n\t\t<\/div>\n\t\t\t\t\t<\/div>\n\t\t<\/section>\n\t\t\t\t<section class=\"elementor-section elementor-top-section elementor-element elementor-element-d4773d0 elementor-section-full_width elementor-section-height-default elementor-section-height-default\" data-id=\"d4773d0\" data-element_type=\"section\" data-e-type=\"section\" data-settings=\"{&quot;background_background&quot;:&quot;classic&quot;}\">\n\t\t\t\t\t\t<div class=\"elementor-container elementor-column-gap-default\">\n\t\t\t\t\t<div class=\"elementor-column elementor-col-100 elementor-top-column elementor-element elementor-element-a8be536\" data-id=\"a8be536\" data-element_type=\"column\" data-e-type=\"column\">\n\t\t\t<div class=\"elementor-widget-wrap elementor-element-populated\">\n\t\t\t\t\t\t<div class=\"elementor-element elementor-element-7b5d92c elementor-widget-divider--view-line elementor-widget elementor-widget-divider\" data-id=\"7b5d92c\" data-element_type=\"widget\" data-e-type=\"widget\" data-widget_type=\"divider.default\">\n\t\t\t\t<div class=\"elementor-widget-container\">\n\t\t\t\t\t\t\t<div class=\"elementor-divider\">\n\t\t\t<span class=\"elementor-divider-separator\">\n\t\t\t\t\t\t<\/span>\n\t\t<\/div>\n\t\t\t\t\t\t<\/div>\n\t\t\t\t<\/div>\n\t\t\t\t\t<\/div>\n\t\t<\/div>\n\t\t\t\t\t<\/div>\n\t\t<\/section>\n\t\t\t\t<section class=\"elementor-section elementor-top-section elementor-element elementor-element-88c38ed elementor-section-full_width elementor-section-height-default elementor-section-height-default\" data-id=\"88c38ed\" data-element_type=\"section\" data-e-type=\"section\">\n\t\t\t\t\t\t<div class=\"elementor-container elementor-column-gap-default\">\n\t\t\t\t\t<div class=\"elementor-column elementor-col-100 elementor-top-column elementor-element elementor-element-27365fc\" data-id=\"27365fc\" data-element_type=\"column\" data-e-type=\"column\">\n\t\t\t<div class=\"elementor-widget-wrap elementor-element-populated\">\n\t\t\t\t\t\t<div class=\"elementor-element elementor-element-a8716c3 elementor-widget elementor-widget-spacer\" data-id=\"a8716c3\" data-element_type=\"widget\" data-e-type=\"widget\" data-widget_type=\"spacer.default\">\n\t\t\t\t<div class=\"elementor-widget-container\">\n\t\t\t\t\t\t\t<div class=\"elementor-spacer\">\n\t\t\t<div class=\"elementor-spacer-inner\"><\/div>\n\t\t<\/div>\n\t\t\t\t\t\t<\/div>\n\t\t\t\t<\/div>\n\t\t\t\t\t<\/div>\n\t\t<\/div>\n\t\t\t\t\t<\/div>\n\t\t<\/section>\n\t\t\t\t<section class=\"elementor-section elementor-top-section elementor-element elementor-element-84dd0e4 elementor-section-full_width elementor-section-height-default elementor-section-height-default\" data-id=\"84dd0e4\" data-element_type=\"section\" data-e-type=\"section\">\n\t\t\t\t\t\t<div class=\"elementor-container elementor-column-gap-default\">\n\t\t\t\t\t<div class=\"elementor-column elementor-col-100 elementor-top-column elementor-element elementor-element-884b924\" data-id=\"884b924\" data-element_type=\"column\" data-e-type=\"column\">\n\t\t\t<div class=\"elementor-widget-wrap elementor-element-populated\">\n\t\t\t\t\t\t<div class=\"elementor-element elementor-element-09cba43 elementor-widget elementor-widget-heading\" data-id=\"09cba43\" data-element_type=\"widget\" data-e-type=\"widget\" data-widget_type=\"heading.default\">\n\t\t\t\t<div class=\"elementor-widget-container\">\n\t\t\t\t\t<h2 class=\"elementor-heading-title elementor-size-default\">ENTRE LA CERDANYA Y ANDORRA<\/h2>\t\t\t\t<\/div>\n\t\t\t\t<\/div>\n\t\t\t\t\t<\/div>\n\t\t<\/div>\n\t\t\t\t\t<\/div>\n\t\t<\/section>\n\t\t\t\t<section class=\"elementor-section elementor-top-section elementor-element elementor-element-d03fa05 elementor-section-full_width elementor-section-height-default elementor-section-height-default\" data-id=\"d03fa05\" data-element_type=\"section\" data-e-type=\"section\">\n\t\t\t\t\t\t<div class=\"elementor-container elementor-column-gap-default\">\n\t\t\t\t\t<div class=\"elementor-column elementor-col-100 elementor-top-column elementor-element elementor-element-c4e6e7c\" data-id=\"c4e6e7c\" data-element_type=\"column\" data-e-type=\"column\">\n\t\t\t<div class=\"elementor-widget-wrap elementor-element-populated\">\n\t\t\t\t\t\t<div class=\"elementor-element elementor-element-c9b0e54 elementor-widget elementor-widget-text-editor\" data-id=\"c9b0e54\" data-element_type=\"widget\" data-e-type=\"widget\" data-widget_type=\"text-editor.default\">\n\t\t\t\t<div class=\"elementor-widget-container\">\n\t\t\t\t\t\t\t\t\t<p>Cr\u00f3nica escrita por DAVID MENGUAL publicada en la revista MUNTANYA n\u00famero 934<\/p>\t\t\t\t\t\t\t\t<\/div>\n\t\t\t\t<\/div>\n\t\t\t\t\t<\/div>\n\t\t<\/div>\n\t\t\t\t\t<\/div>\n\t\t<\/section>\n\t\t\t\t<section class=\"elementor-section elementor-top-section elementor-element elementor-element-df088b6 elementor-section-full_width elementor-section-height-default elementor-section-height-default\" data-id=\"df088b6\" data-element_type=\"section\" data-e-type=\"section\">\n\t\t\t\t\t\t<div class=\"elementor-container elementor-column-gap-default\">\n\t\t\t\t\t<div class=\"elementor-column elementor-col-100 elementor-top-column elementor-element elementor-element-298e764\" data-id=\"298e764\" data-element_type=\"column\" data-e-type=\"column\">\n\t\t\t<div class=\"elementor-widget-wrap elementor-element-populated\">\n\t\t\t\t\t\t<div class=\"elementor-element elementor-element-8e13bf9 elementor-widget elementor-widget-text-editor\" data-id=\"8e13bf9\" data-element_type=\"widget\" data-e-type=\"widget\" data-widget_type=\"text-editor.default\">\n\t\t\t\t<div class=\"elementor-widget-container\">\n\t\t\t\t\t\t\t\t\t<h5><span style=\"color: #b40404;\">La ruta conocida como Estanys Amagats (lagos escondidos o rec\u00f3nditos), es una ruta entre refugios guardados que discurre entre el norte de la comarca catalana de la Cerdanya y el sur de Andorra y permite conocer pueblos que quedan fuera de los circuitos habituales, recorrer valles con un inter\u00e9s muy especial como el valle de Madriu, o, si se quiere, invita a subir a cumbres tan conocidas como el Puigpedr\u00f3s, los picos de Engorgs, los Pessons, el Perafita o la Tossa Plana de Lles.<\/h5>\t\t\t\t\t\t\t\t<\/div>\n\t\t\t\t<\/div>\n\t\t\t\t\t<\/div>\n\t\t<\/div>\n\t\t\t\t\t<\/div>\n\t\t<\/section>\n\t\t\t\t<section class=\"elementor-section elementor-top-section elementor-element elementor-element-df814d9 elementor-section-full_width elementor-section-height-default elementor-section-height-default\" data-id=\"df814d9\" data-element_type=\"section\" data-e-type=\"section\">\n\t\t\t\t\t\t<div class=\"elementor-container elementor-column-gap-default\">\n\t\t\t\t\t<div class=\"elementor-column elementor-col-100 elementor-top-column elementor-element elementor-element-3019391\" data-id=\"3019391\" data-element_type=\"column\" data-e-type=\"column\">\n\t\t\t<div class=\"elementor-widget-wrap elementor-element-populated\">\n\t\t\t\t\t\t<div class=\"elementor-element elementor-element-d5e2b84 elementor-widget elementor-widget-image\" data-id=\"d5e2b84\" data-element_type=\"widget\" data-e-type=\"widget\" data-widget_type=\"image.default\">\n\t\t\t\t<div class=\"elementor-widget-container\">\n\t\t\t\t\t\t\t\t\t\t\t\t<figure class=\"wp-caption\">\n\t\t\t\t\t\t\t\t\t\t<img decoding=\"async\" width=\"2000\" height=\"1000\" src=\"https:\/\/rutesentrerefugis.com\/wp-content\/uploads\/2023\/03\/01-Ruta-Estanys-Amagats.jpg\" class=\"attachment-full size-full wp-image-10078\" alt=\"\" srcset=\"https:\/\/rutesentrerefugis.com\/wp-content\/uploads\/2023\/03\/01-Ruta-Estanys-Amagats.jpg 2000w, https:\/\/rutesentrerefugis.com\/wp-content\/uploads\/2023\/03\/01-Ruta-Estanys-Amagats-300x150.jpg 300w, https:\/\/rutesentrerefugis.com\/wp-content\/uploads\/2023\/03\/01-Ruta-Estanys-Amagats-1024x512.jpg 1024w, https:\/\/rutesentrerefugis.com\/wp-content\/uploads\/2023\/03\/01-Ruta-Estanys-Amagats-768x384.jpg 768w, https:\/\/rutesentrerefugis.com\/wp-content\/uploads\/2023\/03\/01-Ruta-Estanys-Amagats-1536x768.jpg 1536w\" sizes=\"(max-width: 2000px) 100vw, 2000px\" \/>\t\t\t\t\t\t\t\t\t\t\t<figcaption class=\"widget-image-caption wp-caption-text\">Bajando del Refugio de l'Illa por el Valle del Madriu. (\u00a9 David Mengual)<\/figcaption>\n\t\t\t\t\t\t\t\t\t\t<\/figure>\n\t\t\t\t\t\t\t\t\t<\/div>\n\t\t\t\t<\/div>\n\t\t\t\t\t<\/div>\n\t\t<\/div>\n\t\t\t\t\t<\/div>\n\t\t<\/section>\n\t\t\t\t<section class=\"elementor-section elementor-top-section elementor-element elementor-element-20dcee0 elementor-section-full_width elementor-section-height-default elementor-section-height-default\" data-id=\"20dcee0\" data-element_type=\"section\" data-e-type=\"section\">\n\t\t\t\t\t\t<div class=\"elementor-container elementor-column-gap-default\">\n\t\t\t\t\t<div class=\"elementor-column elementor-col-100 elementor-top-column elementor-element elementor-element-e5e3c21\" data-id=\"e5e3c21\" data-element_type=\"column\" data-e-type=\"column\">\n\t\t\t<div class=\"elementor-widget-wrap elementor-element-populated\">\n\t\t\t\t\t\t<div class=\"elementor-element elementor-element-74e4dfb elementor-widget elementor-widget-text-editor\" data-id=\"74e4dfb\" data-element_type=\"widget\" data-e-type=\"widget\" data-widget_type=\"text-editor.default\">\n\t\t\t\t<div class=\"elementor-widget-container\">\n\t\t\t\t\t\t\t\t\t<h5>La idea inicial del itinerario fue de la familia Jornet, que durante muchos a\u00f1os regent\u00f3 el refugio de Cap de Rec y que ha iniciado otras actividades e itinerarios por el Pirineo; de Manel Figuera, buen conocedor de estos parajes y autor de numerosas gu\u00edas y trabajos sobre la Cerdanya y Andorra y de Jaume Pifarr\u00e9, gu\u00eda de monta\u00f1a y actual coordinador de la ruta, que se encarga de las reservas y de las inscripciones.<\/br>\n<\/br>\nEsta ruta funciona de manera coordinada desde el a\u00f1o 2007. En sus inicios, todos los refugios eran guardados excepto el de Illa en Andorra que todav\u00eda era libre, lo cual supon\u00eda que para una sola noche hab\u00eda que cargar con una cena y un desayuno, y tal vez con un saco de dormir y una colchoneta para pasar una noche confortable. Desde junio de 2017, el refugio de Illa ya est\u00e1 guardado. Una reforma importante de la vieja instalaci\u00f3n, lo ha convertido en uno de los refugios m\u00e1s modernos y confortables del Pirineo. Con ello, se abri\u00f3 la posibilidad de hacer esta traves\u00eda disfrutando de no tener que cargar saco y colchoneta y de poder cenar y desayunar caliente cada d\u00eda sin cargar peso, lo cual todav\u00eda la hac\u00eda m\u00e1s atractiva.<\/h5>\t\t\t\t\t\t\t\t<\/div>\n\t\t\t\t<\/div>\n\t\t\t\t\t<\/div>\n\t\t<\/div>\n\t\t\t\t\t<\/div>\n\t\t<\/section>\n\t\t\t\t<section class=\"elementor-section elementor-top-section elementor-element elementor-element-f4eac7e elementor-section-full_width elementor-section-height-default elementor-section-height-default\" data-id=\"f4eac7e\" data-element_type=\"section\" data-e-type=\"section\">\n\t\t\t\t\t\t<div class=\"elementor-container elementor-column-gap-default\">\n\t\t\t\t\t<div class=\"elementor-column elementor-col-33 elementor-top-column elementor-element elementor-element-8ce70a5\" data-id=\"8ce70a5\" data-element_type=\"column\" data-e-type=\"column\">\n\t\t\t<div class=\"elementor-widget-wrap elementor-element-populated\">\n\t\t\t\t\t\t<div class=\"elementor-element elementor-element-ff37bc2 elementor-widget elementor-widget-image\" data-id=\"ff37bc2\" data-element_type=\"widget\" data-e-type=\"widget\" data-widget_type=\"image.default\">\n\t\t\t\t<div class=\"elementor-widget-container\">\n\t\t\t\t\t\t\t\t\t\t\t\t<figure class=\"wp-caption\">\n\t\t\t\t\t\t\t\t\t\t<img decoding=\"async\" width=\"1200\" height=\"1600\" src=\"https:\/\/rutesentrerefugis.com\/wp-content\/uploads\/2023\/03\/02-Ruta-Estanys-Amagats.jpg\" class=\"attachment-full size-full wp-image-10090\" alt=\"\" srcset=\"https:\/\/rutesentrerefugis.com\/wp-content\/uploads\/2023\/03\/02-Ruta-Estanys-Amagats.jpg 1200w, https:\/\/rutesentrerefugis.com\/wp-content\/uploads\/2023\/03\/02-Ruta-Estanys-Amagats-225x300.jpg 225w, https:\/\/rutesentrerefugis.com\/wp-content\/uploads\/2023\/03\/02-Ruta-Estanys-Amagats-768x1024.jpg 768w, https:\/\/rutesentrerefugis.com\/wp-content\/uploads\/2023\/03\/02-Ruta-Estanys-Amagats-1152x1536.jpg 1152w\" sizes=\"(max-width: 1200px) 100vw, 1200px\" \/>\t\t\t\t\t\t\t\t\t\t\t<figcaption class=\"widget-image-caption wp-caption-text\">La iglesia rom\u00e1nica de Sant Cerni de Meranges<\/br>(\u00a9 David Mengual)<\/figcaption>\n\t\t\t\t\t\t\t\t\t\t<\/figure>\n\t\t\t\t\t\t\t\t\t<\/div>\n\t\t\t\t<\/div>\n\t\t\t\t\t<\/div>\n\t\t<\/div>\n\t\t\t\t<div class=\"elementor-column elementor-col-66 elementor-top-column elementor-element elementor-element-b8ee762\" data-id=\"b8ee762\" data-element_type=\"column\" data-e-type=\"column\">\n\t\t\t<div class=\"elementor-widget-wrap elementor-element-populated\">\n\t\t\t\t\t\t<div class=\"elementor-element elementor-element-1afc8a4 elementor-widget elementor-widget-text-editor\" data-id=\"1afc8a4\" data-element_type=\"widget\" data-e-type=\"widget\" data-widget_type=\"text-editor.default\">\n\t\t\t\t<div class=\"elementor-widget-container\">\n\t\t\t\t\t\t\t\t\t<h5><span style=\"color: #2145cb;\"><u>PRIMERA JORNADA<\/u><\/span><\/h5><h6><b>Itinerario:<\/b> Refugio de Cap Rec &#8211; Collado de Salam\u00ed &#8211; Viliella &#8211; Mol\u00ed del Salt &#8211; Capella de Sant Antoni &#8211; Coborriu de la Llosa &#8211; Santa Anna &#8211; La Bastida &#8211; Talltendre (Refugio de Cal Pere Sidr\u00f3)<br \/><b>Desnivel Subida:<\/b> 370 metros<br \/><b>Desnivel Bajada:<\/b> 750 metros<br \/><b>Tiempo:<\/b> 5:05 horas<\/h6><h5>Iniciamos nuestro recorrido en el refugio Cap de Rec, en la estaci\u00f3n de esqu\u00ed n\u00f3rdico de Lles de Cerdanya. El hecho de llegar en coche hasta la puerta del refugio y poder dejarlo aparcado sin problemas durante unos d\u00edas nos parece un buen lugar para iniciar nuestro itinerario. Hemos llegado una tarde de un d\u00eda entre semana de septiembre y esta noche seremos los \u00fanicos que cenaremos y dormiremos en el refugio. Es una tarde lluviosa y la previsi\u00f3n para los dos pr\u00f3ximos d\u00edas no es demasiado alentadora. Antes de cenar nos damos un paseo por los alrededores del refugio que se encuentra en la estaci\u00f3n de esqu\u00ed de fondo de Cap de Rec y buscamos el monolito que en su momento se alz\u00f3 en homenaje y recuerdo al amigo Lluis Arnau Angas que fue unos de los promotores de esta estaci\u00f3n de esqu\u00ed pero tambi\u00e9n de la Marcha Pirineos o de la Marcha Beret en el valle de Ar\u00e1n entre otras muchas inicitaivas y que desgraciadamente nos dej\u00f3 de manera prematura el a\u00f1o 2000. Cenamos muy bien, descansamos y nos acostamos pronto.<br \/><br \/>Ha llovido con una cierta intensidad toda la noche y, despu\u00e9s de desayunar, a\u00fan esperamos un buen rato hasta que deja de llover. Comenzamos a caminar por la pista que empieza delante del refugio y que entra en el bosque manteniendo la altura. Todo el entorno huele a humedad y hay barro por todas partes. Seguimos las marcas del GR11 hasta el collado de Salam\u00ed (1959). Dejamos la pista principal y tomamos una secundaria a la derecha para m\u00e1s adelante tomar un sendero a la izquierda que entra hacia el torrente de Viliella. Estemos siguiendo el Sendero Cerdanya 31. Andamos un buen rato por el margen del torrente hasta que el camino nuevamente se convierte en una pista y nos lleva hasta Viliella.<\/h5>\t\t\t\t\t\t\t\t<\/div>\n\t\t\t\t<\/div>\n\t\t\t\t\t<\/div>\n\t\t<\/div>\n\t\t\t\t\t<\/div>\n\t\t<\/section>\n\t\t\t\t<section class=\"elementor-section elementor-top-section elementor-element elementor-element-675b386 elementor-section-full_width elementor-section-height-default elementor-section-height-default\" data-id=\"675b386\" data-element_type=\"section\" data-e-type=\"section\">\n\t\t\t\t\t\t<div class=\"elementor-container elementor-column-gap-default\">\n\t\t\t\t\t<div class=\"elementor-column elementor-col-100 elementor-top-column elementor-element elementor-element-4ab0d9d\" data-id=\"4ab0d9d\" data-element_type=\"column\" data-e-type=\"column\">\n\t\t\t<div class=\"elementor-widget-wrap elementor-element-populated\">\n\t\t\t\t\t\t<div class=\"elementor-element elementor-element-e102413 elementor-widget elementor-widget-text-editor\" data-id=\"e102413\" data-element_type=\"widget\" data-e-type=\"widget\" data-widget_type=\"text-editor.default\">\n\t\t\t\t<div class=\"elementor-widget-container\">\n\t\t\t\t\t\t\t\t\t<h5>Viliella es un peque\u00f1o pueblo de cuatro casas en el que destaca la iglesia de origen rom\u00e1nico dedicada a San Sebasti\u00e0. Tenemos la opci\u00f3n de bajar al Vilar y seguir un camino paralelo a la pista que sube a Cal Jan de la Llosa, o ir directamente por la pista. Nuevamente est\u00e1 lloviznado y nos decidimos por esta segunda opci\u00f3n. Seguimos por la pista hasta el Molino del Salt (1495). Estamos en el valle de la Llosa. El rio lleva bastante agua y nos cuesta un poco encontrar el puente para pasar a la otra orilla. Suponemos que en este tramo falta alguna se\u00f1al orientativa. Una vez lo conseguimos, el camino se vuelve a convertir en pista i nos lleva hasta la capilla San Antoni muy cerca de Coborriu de la Llosa (1540). Cuatro casas m\u00e1s construidas alrededor de la iglesia dedicada a Santa Ll\u00facia. No vemos a nadie. Salimos de Coborriu por una pista que pronto se convierte en un camino que discurre por el medio del bosque. M\u00e1s adelante se vuelve a convertir en pista y nos lleva hasta el oratorio de Santa Ana. Un poco m\u00e1s adelante pasamos por delante de la mas\u00eda conocida como la Bastida; una casa de origen medieval situada en un solitario entorno privilegado. A partir de aqu\u00ed, la pista nos lleva hasta Talltendre (1580) despu\u00e9s de atravesar el Serrat de Sobirons. Hemos dejado atr\u00e1s el bosque y hemos entrado en un p\u00e1ramo \u00e1rido y pedregoso salpicado de enebros y poca cosa m\u00e1s.<\/br>\n<\/br>\nEn Talltendre nos instalamos en el refugio Cal Pere Sidr\u00f3 que \u00e9s una casa ceretana del siglo XVI. El guarda, Manel, nos explica que pertenece a su familia des de hace m\u00e1s de 150 a\u00f1os y que hab\u00eda funcionado como hostal m\u00e1s de un siglo hasta el a\u00f1o 1968. Se alojaban comerciantes de ganado y tambi\u00e9n contrabandistas que hac\u00edan la ruta de Andorra. Estuvo unos a\u00f1os cerrado y despu\u00e9s de una buena reforma, desde el a\u00f1o 2001 funciona como refugio. Nos recuerda que el asfalto de la carreta del pueblo no lleg\u00f3 hasta el a\u00f1o 2000 y que poco antes hab\u00edan llegado la electricidad y el agua corriente a todas las casas\u2026 Es un pueblo tranquilo y acogedor con unas magn\u00edficas vistas sobre la sierra del Cad\u00ed y la plana ceretana. Hoy tambi\u00e9n estamos solos. Llovizna nuevamente. Nos queda la tarde libre y ya que estamos y tenemos tiempo aprovechamos para inscribirnos en la ruta de forma oficial de manera que nos aseguramos la reserva para los refugios de los pr\u00f3ximos d\u00edas. Tenemos cobertura y a trav\u00e9s del m\u00f3vil contactamos con Jaume Pifarr\u00e9 que nos tramita las reservas para los d\u00edas que nos quedan y realizamos el correspondiente pago. Hoy d\u00eda disfrutamos de las ventajas del m\u00f3vil incluso en la monta\u00f1a en los lugares m\u00e1s rec\u00f3nditos y olvidados del mundo.<\/br>\nPasamos el resto de la tarde secando la ropa y el material y conversando con Manel compartiendo unas cervezas mientras nos cuenta historia del pueblo, de su familia, de la Cerdanya\u2026. Cenamos magn\u00edficamente bien y disfrutamos de la soledad del lugar y de su entra\u00f1able compa\u00f1\u00eda y sabia conversaci\u00f3n del que sabe y es consciente de que vive en un entorno privilegiado entre nieblas y lluvias disfrutando de la vista de las monta\u00f1as en la lejan\u00eda&#8230;<\/h5>\t\t\t\t\t\t\t\t<\/div>\n\t\t\t\t<\/div>\n\t\t\t\t\t<\/div>\n\t\t<\/div>\n\t\t\t\t\t<\/div>\n\t\t<\/section>\n\t\t\t\t<section class=\"elementor-section elementor-top-section elementor-element elementor-element-ede018a elementor-section-full_width elementor-section-height-default elementor-section-height-default\" data-id=\"ede018a\" data-element_type=\"section\" data-e-type=\"section\">\n\t\t\t\t\t\t<div class=\"elementor-container elementor-column-gap-default\">\n\t\t\t\t\t<div class=\"elementor-column elementor-col-100 elementor-top-column elementor-element elementor-element-ec1072d\" data-id=\"ec1072d\" data-element_type=\"column\" data-e-type=\"column\">\n\t\t\t<div class=\"elementor-widget-wrap elementor-element-populated\">\n\t\t\t\t\t\t<div class=\"elementor-element elementor-element-fe9edcc elementor-widget elementor-widget-image\" data-id=\"fe9edcc\" data-element_type=\"widget\" data-e-type=\"widget\" data-widget_type=\"image.default\">\n\t\t\t\t<div class=\"elementor-widget-container\">\n\t\t\t\t\t\t\t\t\t\t\t\t<figure class=\"wp-caption\">\n\t\t\t\t\t\t\t\t\t\t<img loading=\"lazy\" decoding=\"async\" width=\"2000\" height=\"1000\" src=\"https:\/\/rutesentrerefugis.com\/wp-content\/uploads\/2023\/03\/03-Ruta-Estanys-Amagats.jpg\" class=\"attachment-full size-full wp-image-10121\" alt=\"\" srcset=\"https:\/\/rutesentrerefugis.com\/wp-content\/uploads\/2023\/03\/03-Ruta-Estanys-Amagats.jpg 2000w, https:\/\/rutesentrerefugis.com\/wp-content\/uploads\/2023\/03\/03-Ruta-Estanys-Amagats-300x150.jpg 300w, https:\/\/rutesentrerefugis.com\/wp-content\/uploads\/2023\/03\/03-Ruta-Estanys-Amagats-1024x512.jpg 1024w, https:\/\/rutesentrerefugis.com\/wp-content\/uploads\/2023\/03\/03-Ruta-Estanys-Amagats-768x384.jpg 768w, https:\/\/rutesentrerefugis.com\/wp-content\/uploads\/2023\/03\/03-Ruta-Estanys-Amagats-1536x768.jpg 1536w\" sizes=\"(max-width: 2000px) 100vw, 2000px\" \/>\t\t\t\t\t\t\t\t\t\t\t<figcaption class=\"widget-image-caption wp-caption-text\">El lago Sec de Malniu, despu\u00e9s de una tormenta de tarde. (\u00a9 David Mengual)<\/figcaption>\n\t\t\t\t\t\t\t\t\t\t<\/figure>\n\t\t\t\t\t\t\t\t\t<\/div>\n\t\t\t\t<\/div>\n\t\t\t\t\t<\/div>\n\t\t<\/div>\n\t\t\t\t\t<\/div>\n\t\t<\/section>\n\t\t\t\t<section class=\"elementor-section elementor-top-section elementor-element elementor-element-8ddcc13 elementor-section-full_width elementor-section-height-default elementor-section-height-default\" data-id=\"8ddcc13\" data-element_type=\"section\" data-e-type=\"section\">\n\t\t\t\t\t\t<div class=\"elementor-container elementor-column-gap-default\">\n\t\t\t\t\t<div class=\"elementor-column elementor-col-100 elementor-top-column elementor-element elementor-element-9138a68\" data-id=\"9138a68\" data-element_type=\"column\" data-e-type=\"column\">\n\t\t\t<div class=\"elementor-widget-wrap elementor-element-populated\">\n\t\t\t\t\t\t<div class=\"elementor-element elementor-element-baa7edc elementor-widget elementor-widget-text-editor\" data-id=\"baa7edc\" data-element_type=\"widget\" data-e-type=\"widget\" data-widget_type=\"text-editor.default\">\n\t\t\t\t<div class=\"elementor-widget-container\">\n\t\t\t\t\t\t\t\t\t<h5><span style=\"color: #2145cb;\"><u>SEGUNDA JORNADA<\/u><\/span><\/h5>\n<h6><b>Itinerario:<\/b> Talltendre (Refugio de Cal Pere Sidr\u00f3) &#8211; \u00c8ller sin bajar a Ord\u00e9n &#8211; pista hasta el Mol\u00ed y Meranges &#8211; Refugio de Malniu<\/br>\n<b>Desnivel Subida:<\/b> 1.100 metros<\/br>\n<b>Desnivel Bajada:<\/b> 542 metros<\/br>\n<b>Tiempo:<\/b> 4:00 horas<\/h6>\n<h5>Ha llovido toda la noche y deja de hacerlo justo cuando acabamos de desayunar. En el mapa que llevamos de Sua, la ruta baja hasta Ord\u00e9n y despu\u00e9s remonta hasta \u00c9ller pero Manel nos recomienda ir directamente a \u00c9ller siguiendo un camino ganadero que flanquea un centenar de metros por encima de Ord\u00e9n y est\u00e1 se\u00f1alizado con puntos azules. Nos despedimos y reiniciamos la ruta. Y efectivamente el camino avanza hacia el este manteniendo la altura hasta que se convierte en una pista. Cuando Talltendre nos queda detr\u00e1s, debajo de nuestros pies se encuentra Ord\u00e9n. La pista supera el Serrat de les Comes, se orienta hacia el norte y la seguimos hasta \u00c9ller (1447)\u2026 y empieza a llover de nuevo. Paramos un buen rato en el hostal de \u00c9ller disfrutando de un caf\u00e9 con leche caliente esperando que acabe el aguacero\u2026 Despu\u00e9s de un buen rato de contemplar la lluvia reinicamos la marcha.<\/br>\nAhora debemos remontar la Vall Tova hasta el pueblo de Meranges. Nuevamente, tanto el mapa de Sua como el de Alpina nos marcan la ruta por un sendero que baja hasta Prat de Fontanet y va hasta a la Fuente del Mol\u00ed pero como el tiempo no acaba de mejorar decidimos abreviar y seguir la pista que nos lleva m\u00e1s c\u00f3modamente a pesar de que esta opci\u00f3n parece un poco m\u00e1s larga. Desde la Fuente del Mol\u00ed ya s\u00f3lo nos queda remontar hasta el pueblo de Meranges (1539). Llegamos a mediod\u00eda y nos apatecer\u00eda comer en alguno de los restaurantes del pueblo que gozan de buena fama pero el cielo nuevamente amenaza lluvia y decidimos continuar a ritmo r\u00e1pido no sea que se consuma la amenaza. Pasamos junto a la iglesia rom\u00e1nica dedicada a San Serni que est\u00e0 cerrada y tambi\u00e9n junto al Museo del Esclop (Zueco) que tambi\u00e9n est\u00e1 cerrado y ya salimos del pueblo. Nos quedan 600 metros de una dura subida hasta el refugio de Malniu Un cartel nos indica que por el camino de las Deveses \u2013 Sendero 117 tardaremos 1h45 en llegar. Viendo el estado del cielo, pensamos que no disponemos de tanto de tiempo antes de mojarnos&#8230; Y efectivamente, la subida es bonita pero directa y dura. El sendero est\u00e1 bien trazado y bien se\u00f1alizado pero a tan solo un cuarto de hora del refugio, cuando ya hemos superado todo el desnivel y penetramos en el bosque, comienza una violenta tormenta de rayos y truenos que nos anima a acelerar si cabe a\u00fan m\u00e1s el paso y avanzamos r\u00e1pidamente para conseguir refugiarnos a primera hora de la tarde.<\/br>\n<\/br>\nPoco antes de llegar hemos encontrado el GR11 que es la ruta transpirenaica que cruza toda la cordillera por la vertiente sur del Pirineo desde el Cabo Higuer en el Mar Cant\u00e1brico hasta el Cabo de Creus en el Mediterr\u00e1neo. Cuando llegamos al refugio nos encontramos con la grata sorpresa de que est\u00e1 trabajando en \u00e9l nuestro amigo Xavi Gonzalez del CEC. Xavi, son su compa\u00f1era Cristina habitualmente gestionan el refugio Mas del Tronc en la sierra de Rubi\u00f3 pero casualmente estos d\u00edas est\u00e1 trabajando aqu\u00ed. Ahora s\u00ed, nos secamos, ponemos el material a secar, comemos y pasamos la tarde viendo como descarga la tormenta. Solo al atardecer, justo antes de la cena podemos pasear junto al lago y disfrutar de las vistas del lugar. Afortunadamente la previsi\u00f3n para ma\u00f1ana parece que ya es buena, y ya nos va bien porque dejamos los pueblos y el fondo de los valles para entrar en el terreno de la alta monta\u00f1a. Cenamos disfrutando de la buena compa\u00f1\u00eda y nos acostamos.<\/h5>\t\t\t\t\t\t\t\t<\/div>\n\t\t\t\t<\/div>\n\t\t\t\t\t<\/div>\n\t\t<\/div>\n\t\t\t\t\t<\/div>\n\t\t<\/section>\n\t\t\t\t<section class=\"elementor-section elementor-top-section elementor-element elementor-element-45d2f0a elementor-section-full_width elementor-section-height-default elementor-section-height-default\" data-id=\"45d2f0a\" data-element_type=\"section\" data-e-type=\"section\">\n\t\t\t\t\t\t<div class=\"elementor-container elementor-column-gap-default\">\n\t\t\t\t\t<div class=\"elementor-column elementor-col-100 elementor-top-column elementor-element elementor-element-96fc5fd\" data-id=\"96fc5fd\" data-element_type=\"column\" data-e-type=\"column\">\n\t\t\t<div class=\"elementor-widget-wrap elementor-element-populated\">\n\t\t\t\t\t\t<div class=\"elementor-element elementor-element-52bdf63 elementor-widget elementor-widget-image\" data-id=\"52bdf63\" data-element_type=\"widget\" data-e-type=\"widget\" data-widget_type=\"image.default\">\n\t\t\t\t<div class=\"elementor-widget-container\">\n\t\t\t\t\t\t\t\t\t\t\t\t<figure class=\"wp-caption\">\n\t\t\t\t\t\t\t\t\t\t<img loading=\"lazy\" decoding=\"async\" width=\"2000\" height=\"1000\" src=\"https:\/\/rutesentrerefugis.com\/wp-content\/uploads\/2023\/03\/04-Ruta-Estanys-Amagats.jpg\" class=\"attachment-full size-full wp-image-10122\" alt=\"\" srcset=\"https:\/\/rutesentrerefugis.com\/wp-content\/uploads\/2023\/03\/04-Ruta-Estanys-Amagats.jpg 2000w, https:\/\/rutesentrerefugis.com\/wp-content\/uploads\/2023\/03\/04-Ruta-Estanys-Amagats-300x150.jpg 300w, https:\/\/rutesentrerefugis.com\/wp-content\/uploads\/2023\/03\/04-Ruta-Estanys-Amagats-1024x512.jpg 1024w, https:\/\/rutesentrerefugis.com\/wp-content\/uploads\/2023\/03\/04-Ruta-Estanys-Amagats-768x384.jpg 768w, https:\/\/rutesentrerefugis.com\/wp-content\/uploads\/2023\/03\/04-Ruta-Estanys-Amagats-1536x768.jpg 1536w\" sizes=\"(max-width: 2000px) 100vw, 2000px\" \/>\t\t\t\t\t\t\t\t\t\t\t<figcaption class=\"widget-image-caption wp-caption-text\">Progresando por la cresta d'Engorgs. (\u00a9 David Mengual)<\/figcaption>\n\t\t\t\t\t\t\t\t\t\t<\/figure>\n\t\t\t\t\t\t\t\t\t<\/div>\n\t\t\t\t<\/div>\n\t\t\t\t\t<\/div>\n\t\t<\/div>\n\t\t\t\t\t<\/div>\n\t\t<\/section>\n\t\t\t\t<section class=\"elementor-section elementor-top-section elementor-element elementor-element-c2e923c elementor-section-full_width elementor-section-height-default elementor-section-height-default\" data-id=\"c2e923c\" data-element_type=\"section\" data-e-type=\"section\">\n\t\t\t\t\t\t<div class=\"elementor-container elementor-column-gap-default\">\n\t\t\t\t\t<div class=\"elementor-column elementor-col-100 elementor-top-column elementor-element elementor-element-4e5ecd4\" data-id=\"4e5ecd4\" data-element_type=\"column\" data-e-type=\"column\">\n\t\t\t<div class=\"elementor-widget-wrap elementor-element-populated\">\n\t\t\t\t\t\t<div class=\"elementor-element elementor-element-a9b3c5e elementor-widget elementor-widget-text-editor\" data-id=\"a9b3c5e\" data-element_type=\"widget\" data-e-type=\"widget\" data-widget_type=\"text-editor.default\">\n\t\t\t\t<div class=\"elementor-widget-container\">\n\t\t\t\t\t\t\t\t\t<h5><span style=\"color: #2145cb;\"><u>TERCERA JORNADA<\/u><\/span><\/h5>\n<h6><b>Itinerario:<\/b> Refugio de Malniu &#8211; Mulleres del Puigpedr\u00f3s &#8211; Puigpedr\u00f3s &#8211; Portella de Meranges &#8211; Pics d&#8217;Engorgs &#8211; Tosseta de l&#8217;Esquella &#8211; Portella d&#8217;Engorgs &#8211; Cabana dels Esparvers &#8211; Pla de Vallcivera &#8211; Port al Nord del Port de Vallcivera &#8211; Estany de l&#8217;Illa &#8211; Refugio de l&#8217;Illa<\/br>\n<b>Desnivel Subida:<\/b> 1.610 metros<\/br>\n<b>Desnivel Bajada:<\/b> 1.260 metros<\/br>\n<b>Tiempo:<\/b> 8:05 horas<\/h6>\n<h5>Y despu\u00e9s de la tormenta ha llegado la calma. Ha estado lloviendo una buena parte de la noche pero el d\u00eda ha despertado soleado y claro. El panorama es n\u00edtido y el cielo es de un azul cristalino. Hoy queremos llegar hasta el refugio de l\u2019Illa en Andorra. Durante el primer tramo hasta la Portella de Engorgs podr\u00edamos seguir el recorrido se\u00f1alizado del GR-11 que discurre por el fondo del valle y pasa por el refugio J. Folch Girona o podemos seguir el crester\u00edo del Puigpedr\u00f3s por las alturas de la monta\u00f1a. El d\u00eda ha amanecido magn\u00edfico y decidimos aprovechar el buen tiempo para subir a las alturas.<\/br>\n<\/br>\nDespu\u00e9s de desayunar nos despedimos de Xavi y salimos hacia el oeste siguiendo en un primer momento el GR-11 bordeando el Estany Sec hasta que encontramos un cartel que nos indica seguir a la derecha hacia la cumbre del Puigpedr\u00f3s. El sendero est\u00e1 marcado con hitos de piedra y remonta un torrente al lado del Pedradreta y el Collado de Molleres hasta las Molleres del Puigpedros de las que hoy surge agua por doquier. Hay muchas vacas y caminos de vacas pero no hay demasiados hitos pero tal y como vamos ganando altura, a nuestra izquierda intuimos la cumbre y nos dirigimos hasta ella sin perder altura en ning\u00fan momento. El Puigpedr\u00f3s \u00e9s la segunda cumbre m\u00e1s alta de la Cerdanya y hoy nos ofrece un n\u00edtido panorma de 360 grados. A partir de la cumbre seguimos bajando la amplia cresta hasta la Portella de Meranges (2634). A nuestra izquierda destaca la altiva aguja del Roc Colom sobre el valle de Campcard\u00f3s. Ahora seguimos remontando la cresta por la izquierda, por la vertiente de Engorgs, entre bloques gran\u00edticos hasta la punta oriental del pico de Engorgs (2819). Nos entretenemos un buen rato mirando la cresta Peiraforca Roc-Colom que desde aqu\u00ed es visible en toda su magnitud. Seguimos avanzando por la cresta hasta la punta occidental del pico de Engorgs (2831). Hoy tampoco nos hemos encontrado con nadie, pero en este \u00faltimo tramo nos ha estado acompa\u00f1ando un buen reba\u00f1o de rebecos que campan libremente por estas alturas. El descenso hasta la Portella d\u2019Engorgs (2691) lo hacemos siguiendo la cresta por la Tosseta de l\u2019Esquella, que ya es m\u00e1s entretenida, pero la seguimos poco a poco buscando los pasos m\u00e1s f\u00e1ciles siguiendo algunos hitos hasta que llegamos a ella y encontramos nuevamente las se\u00f1ales del GR-11.<\/h5>\t\t\t\t\t\t\t\t<\/div>\n\t\t\t\t<\/div>\n\t\t\t\t\t<\/div>\n\t\t<\/div>\n\t\t\t\t\t<\/div>\n\t\t<\/section>\n\t\t\t\t<section class=\"elementor-section elementor-top-section elementor-element elementor-element-ab2076d elementor-section-full_width elementor-section-height-default elementor-section-height-default\" data-id=\"ab2076d\" data-element_type=\"section\" data-e-type=\"section\">\n\t\t\t\t\t\t<div class=\"elementor-container elementor-column-gap-default\">\n\t\t\t\t\t<div class=\"elementor-column elementor-col-50 elementor-top-column elementor-element elementor-element-b7ef8b4\" data-id=\"b7ef8b4\" data-element_type=\"column\" data-e-type=\"column\">\n\t\t\t<div class=\"elementor-widget-wrap elementor-element-populated\">\n\t\t\t\t\t\t<div class=\"elementor-element elementor-element-315f2eb elementor-widget elementor-widget-image\" data-id=\"315f2eb\" data-element_type=\"widget\" data-e-type=\"widget\" data-widget_type=\"image.default\">\n\t\t\t\t<div class=\"elementor-widget-container\">\n\t\t\t\t\t\t\t\t\t\t\t\t<figure class=\"wp-caption\">\n\t\t\t\t\t\t\t\t\t\t<img loading=\"lazy\" decoding=\"async\" width=\"2000\" height=\"1000\" src=\"https:\/\/rutesentrerefugis.com\/wp-content\/uploads\/2023\/03\/05-Ruta-Estanys-Amagats.jpg\" class=\"attachment-full size-full wp-image-10123\" alt=\"\" srcset=\"https:\/\/rutesentrerefugis.com\/wp-content\/uploads\/2023\/03\/05-Ruta-Estanys-Amagats.jpg 2000w, https:\/\/rutesentrerefugis.com\/wp-content\/uploads\/2023\/03\/05-Ruta-Estanys-Amagats-300x150.jpg 300w, https:\/\/rutesentrerefugis.com\/wp-content\/uploads\/2023\/03\/05-Ruta-Estanys-Amagats-1024x512.jpg 1024w, https:\/\/rutesentrerefugis.com\/wp-content\/uploads\/2023\/03\/05-Ruta-Estanys-Amagats-768x384.jpg 768w, https:\/\/rutesentrerefugis.com\/wp-content\/uploads\/2023\/03\/05-Ruta-Estanys-Amagats-1536x768.jpg 1536w\" sizes=\"(max-width: 2000px) 100vw, 2000px\" \/>\t\t\t\t\t\t\t\t\t\t\t<figcaption class=\"widget-image-caption wp-caption-text\">Los lagos de l'Illa. (\u00a9 David Mengual)<\/figcaption>\n\t\t\t\t\t\t\t\t\t\t<\/figure>\n\t\t\t\t\t\t\t\t\t<\/div>\n\t\t\t\t<\/div>\n\t\t\t\t\t<\/div>\n\t\t<\/div>\n\t\t\t\t<div class=\"elementor-column elementor-col-50 elementor-top-column elementor-element elementor-element-8a46f93\" data-id=\"8a46f93\" data-element_type=\"column\" data-e-type=\"column\">\n\t\t\t<div class=\"elementor-widget-wrap elementor-element-populated\">\n\t\t\t\t\t\t<div class=\"elementor-element elementor-element-8ef6d0b elementor-widget elementor-widget-image\" data-id=\"8ef6d0b\" data-element_type=\"widget\" data-e-type=\"widget\" data-widget_type=\"image.default\">\n\t\t\t\t<div class=\"elementor-widget-container\">\n\t\t\t\t\t\t\t\t\t\t\t\t<figure class=\"wp-caption\">\n\t\t\t\t\t\t\t\t\t\t<img loading=\"lazy\" decoding=\"async\" width=\"2000\" height=\"1000\" src=\"https:\/\/rutesentrerefugis.com\/wp-content\/uploads\/2023\/03\/06-Ruta-Estanys-Amagats.jpg\" class=\"attachment-full size-full wp-image-10124\" alt=\"\" srcset=\"https:\/\/rutesentrerefugis.com\/wp-content\/uploads\/2023\/03\/06-Ruta-Estanys-Amagats.jpg 2000w, https:\/\/rutesentrerefugis.com\/wp-content\/uploads\/2023\/03\/06-Ruta-Estanys-Amagats-300x150.jpg 300w, https:\/\/rutesentrerefugis.com\/wp-content\/uploads\/2023\/03\/06-Ruta-Estanys-Amagats-1024x512.jpg 1024w, https:\/\/rutesentrerefugis.com\/wp-content\/uploads\/2023\/03\/06-Ruta-Estanys-Amagats-768x384.jpg 768w, https:\/\/rutesentrerefugis.com\/wp-content\/uploads\/2023\/03\/06-Ruta-Estanys-Amagats-1536x768.jpg 1536w\" sizes=\"(max-width: 2000px) 100vw, 2000px\" \/>\t\t\t\t\t\t\t\t\t\t\t<figcaption class=\"widget-image-caption wp-caption-text\">Bajando de la Tossa Plana de Lles. (\u00a9 David Mengual)<\/figcaption>\n\t\t\t\t\t\t\t\t\t\t<\/figure>\n\t\t\t\t\t\t\t\t\t<\/div>\n\t\t\t\t<\/div>\n\t\t\t\t\t<\/div>\n\t\t<\/div>\n\t\t\t\t\t<\/div>\n\t\t<\/section>\n\t\t\t\t<section class=\"elementor-section elementor-top-section elementor-element elementor-element-295e445 elementor-section-full_width elementor-section-height-default elementor-section-height-default\" data-id=\"295e445\" data-element_type=\"section\" data-e-type=\"section\">\n\t\t\t\t\t\t<div class=\"elementor-container elementor-column-gap-default\">\n\t\t\t\t\t<div class=\"elementor-column elementor-col-100 elementor-top-column elementor-element elementor-element-b140aa1\" data-id=\"b140aa1\" data-element_type=\"column\" data-e-type=\"column\">\n\t\t\t<div class=\"elementor-widget-wrap elementor-element-populated\">\n\t\t\t\t\t\t<div class=\"elementor-element elementor-element-2869c01 elementor-widget elementor-widget-text-editor\" data-id=\"2869c01\" data-element_type=\"widget\" data-e-type=\"widget\" data-widget_type=\"text-editor.default\">\n\t\t\t\t<div class=\"elementor-widget-container\">\n\t\t\t\t\t\t\t\t\t<h5>Desde este punto vemos lo que nos queda por bajar, pero sobre todo lo que nos queda por subir para saltar el crester\u00edo que nos separa de nuestro objetivo del d\u00eda. El primer tramo de descenso siguiendo el GR es suave pero conviene no despistarse porque el camino tiende a ir hacia la derecha, entra en el bosque y se convierte en un tramo muy entretenido que sinuosamente va buscando los escalones de granito entre matas y rododendros para perder altura de manera algo abrupta. No es dif\u00edcil, pero requiere atenci\u00f3n. Finalizado el descenso nos encontramos en la parte alta del valle de la Llosa. Durante la primera etapa de la ruta ya pasamos por la parte baja de este valle cuando pasamos por el Molino del Salt. Ahora, llegados al fondo del valle, cruzamos el r\u00edo, remontamos unos pocos metros y en un llano despejado encontramos la barraca de Esparvers (2060), que en otros tiempos fue refugio de contrabandistas. Por aqu\u00ed pasan una variante del GR-11 y el GR-107 que tambi\u00e9n es conocido como el Cam\u00ed dels Bons Homes que con un recorrido de 200 km une el santuario de Queralt en Berga con el Castillo de Montsegur en la Arieja; es el camino de los C\u00e1taros cargado de historia y de leyendas.<\/br>\n<\/br>\nNosotros seguimos nuestra ruta que remonta el valle del rio Vallcivera. Cuando llegamos al llano de Vallcivera (2355) nos encontramos con una se\u00f1al indicadora del GR cerca de los restos de una construcci\u00f3n circular prehist\u00f3rica. Si desde aqu\u00ed nos miramos el puerto que hemos de cruzar, veremos que tiene dos cotas destacadas a 2518m i a 2575m, estando esta \u00faltima m\u00e1s a la derecha y situadas ambas a la izquierda de la Punta Sibaneja. Seguimos el sendero que va a buscar la cota m\u00e1s alta del puerto subiendo en un fuerte zig-zag para superar los doscientos metros de desnivel que nos separan del puerto. El puerto es el l\u00edmite de la frontera andorrana. A pocos metros ya vemos el Estany de l\u2019Illa, inconfundible por la isla que lo caracteriza en medio de sus aguas. Despu\u00e9s de rodearlo unos metros a la izquierda llegamos al refugio (2488). Nuevamente hoy estaremos solos en esta instalaci\u00f3n. Se trata de un refugio nuevo construido sobre la base del antiguo que ahora es una parte del refugio libre. Es una instalaci\u00f3n muy moderna en la l\u00ednea de los refugios m\u00e1s modernos de Pirineos o de Alpes. Dispone de una moderna cocina muy espaciosa, un comedor luminoso y acogedor, unas buenas habitaciones, ba\u00f1os y duchas, espacio para guardar el material y una magn\u00edfica terraza con vistas al lago y a las monta\u00f1as que lo rodean que sin duda invita a tomar una buena cerveza disfrutando del panorama. Es uno de los cuatro refugios guardados que hay en Andorra que son el de Jucl\u00e0, la Borda Sorteny y el de Comapedrosa. Este es sin duda, el m\u00e1s moderno y sorprendente. Ya nos esperaban y disfrutaremos de una buena cena.<\/h5>\t\t\t\t\t\t\t\t<\/div>\n\t\t\t\t<\/div>\n\t\t\t\t\t<\/div>\n\t\t<\/div>\n\t\t\t\t\t<\/div>\n\t\t<\/section>\n\t\t\t\t<section class=\"elementor-section elementor-top-section elementor-element elementor-element-c03cc9a elementor-section-full_width elementor-section-height-default elementor-section-height-default\" data-id=\"c03cc9a\" data-element_type=\"section\" data-e-type=\"section\">\n\t\t\t\t\t\t<div class=\"elementor-container elementor-column-gap-default\">\n\t\t\t\t\t<div class=\"elementor-column elementor-col-100 elementor-top-column elementor-element elementor-element-45dd38f\" data-id=\"45dd38f\" data-element_type=\"column\" data-e-type=\"column\">\n\t\t\t<div class=\"elementor-widget-wrap elementor-element-populated\">\n\t\t\t\t\t\t<div class=\"elementor-element elementor-element-cf75ec7 elementor-widget elementor-widget-image\" data-id=\"cf75ec7\" data-element_type=\"widget\" data-e-type=\"widget\" data-widget_type=\"image.default\">\n\t\t\t\t<div class=\"elementor-widget-container\">\n\t\t\t\t\t\t\t\t\t\t\t\t<figure class=\"wp-caption\">\n\t\t\t\t\t\t\t\t\t\t<img loading=\"lazy\" decoding=\"async\" width=\"2000\" height=\"1000\" src=\"https:\/\/rutesentrerefugis.com\/wp-content\/uploads\/2023\/03\/07-Ruta-Estanys-Amagats.jpg\" class=\"attachment-full size-full wp-image-10128\" alt=\"\" srcset=\"https:\/\/rutesentrerefugis.com\/wp-content\/uploads\/2023\/03\/07-Ruta-Estanys-Amagats.jpg 2000w, https:\/\/rutesentrerefugis.com\/wp-content\/uploads\/2023\/03\/07-Ruta-Estanys-Amagats-300x150.jpg 300w, https:\/\/rutesentrerefugis.com\/wp-content\/uploads\/2023\/03\/07-Ruta-Estanys-Amagats-1024x512.jpg 1024w, https:\/\/rutesentrerefugis.com\/wp-content\/uploads\/2023\/03\/07-Ruta-Estanys-Amagats-768x384.jpg 768w, https:\/\/rutesentrerefugis.com\/wp-content\/uploads\/2023\/03\/07-Ruta-Estanys-Amagats-1536x768.jpg 1536w\" sizes=\"(max-width: 2000px) 100vw, 2000px\" \/>\t\t\t\t\t\t\t\t\t\t\t<figcaption class=\"widget-image-caption wp-caption-text\">En el valle de Mandriu, el agua est\u00e1 presente en toda la ruta. (\u00a9 David Mengual)<\/figcaption>\n\t\t\t\t\t\t\t\t\t\t<\/figure>\n\t\t\t\t\t\t\t\t\t<\/div>\n\t\t\t\t<\/div>\n\t\t\t\t\t<\/div>\n\t\t<\/div>\n\t\t\t\t\t<\/div>\n\t\t<\/section>\n\t\t\t\t<section class=\"elementor-section elementor-top-section elementor-element elementor-element-47e944e elementor-section-full_width elementor-section-height-default elementor-section-height-default\" data-id=\"47e944e\" data-element_type=\"section\" data-e-type=\"section\">\n\t\t\t\t\t\t<div class=\"elementor-container elementor-column-gap-default\">\n\t\t\t\t\t<div class=\"elementor-column elementor-col-100 elementor-top-column elementor-element elementor-element-7c673d6\" data-id=\"7c673d6\" data-element_type=\"column\" data-e-type=\"column\">\n\t\t\t<div class=\"elementor-widget-wrap elementor-element-populated\">\n\t\t\t\t\t\t<div class=\"elementor-element elementor-element-e95c4da elementor-widget elementor-widget-text-editor\" data-id=\"e95c4da\" data-element_type=\"widget\" data-e-type=\"widget\" data-widget_type=\"text-editor.default\">\n\t\t\t\t<div class=\"elementor-widget-container\">\n\t\t\t\t\t\t\t\t\t<h5><span style=\"color: #2145cb;\"><u>CUARTA JORNADA<\/u><\/span><\/h5>\n<h6><b>Itinerario:<\/b> Refugio de l&#8217;Illa &#8211; Cabana dels Estanys &#8211; Refugio del Riu dels Orris &#8211; Pla de l&#8217;Ingla &#8211; Cabana de l&#8217;Estall Serrer -Collado de la Maiana &#8211; Carena de la Tossa Plana &#8211; Port de Perafita &#8211; Tossal de la Truita o Pic de Perafita &#8211; Port de Perafita &#8211; Clots del Port &#8211; Refugi0 dels Estanys de la Pera<\/br>\n<b>Desnivel Subida:<\/b> 905 metros<\/br>\n<b>Desnivel Bajada:<\/b> 1.036 metros<\/br>\n<b>Tiempo:<\/b> 5:45 horas<\/h6>\n<h5>Esta vez hemos estado en el refugio solos con los guardas; bien, con los guardas y con media docena de gallinas que veranean alrededor del refugio y que ponen unos huevos magn\u00edficos que hemos podido degustar durante el desayuno. Huevos de gallina feliz con el sabor de la alta monta\u00f1a!!<\/br>\nEstamos en el valle del Madriu. El espacio Madriu-Perafita-Claror ocupa 4247ha y por su valor paisaj\u00edstico fue declarado Patrimonio de la Humanidad por la Unesco el a\u00f1o 2004. Son los \u00fanicos valles pirenaicos catalogados con esta distinci\u00f3n y hoy disfrutaremos de una larga caminata per este entorno tan bello y tan especial. Antes de partir dudamos sobre si subir o no al pico de Pessons, pero finalmente decidimos no hacerlo y dirigirnos directamente hacia el refugio de Estanys de la Pera porque la previsi\u00f3n meteorol\u00f3gica se vuelve a complicar y tal vez volvamos a tener tormentas por la tarde.<\/br>\n<\/br>\nLa primera parte de la jornada iremos de bajada por el valle de Madriu siguiendo el GR-11. Pasamos por el Estany Rod\u00f3 y el Estany de la Bova. Hay infinidad de caballos pastando a sus anchas por todas partes. Seguimos bajando, entramos en el bosque y llegamos al peque\u00f1o refugio de Riu del Orris (2230). Cotinuamos el descenso por este magn\u00edfico valle gran\u00edtico que combina los pastos con el bosque de pino negro hasta la cota (2035) donde encontramos a la izquierda el desv\u00edo hacia el Collado de la Maiana y dejamos el GR-11. Aqu\u00ed tambi\u00e9n encontramos unas se\u00f1ales rojas y amarillas que corresponden al sendero de alta monta\u00f1a que da la vuelta circular a todo el principado de Andorra (GRP). Cruzamos el r\u00edo Madriu y llegamos al prado del Estall Serrer en el que hay una caba\u00f1a que est\u00e1 cerrada. El camino sube por el fondo del valle hasta el Colllado de la Maiana (2426). Los mapas y las rese\u00f1as que hemos consultado marcan nuestra ruta bajando hasta el refugio Perafita (2200) para despu\u00e9s remontar hasta el puerto de Perafita (2573), pero tambi\u00e9n marcan una variante que sube por la cresta que tenemos a la izquierda y pasando por la Tossa Plana (2616) baja directamente hasta el puerto. Nos lo pensamos y finalmente nos decidimos por esta segunda opci\u00f3n para ahorrarnos una parte de descenso. La ruta que seguimos est\u00e1 se\u00f1alada con hitos de piedra y discurre por el filo de la cresta que al principio es muy sencilla pero que poco a poco va adquiriendo un car\u00e1cter m\u00e1s t\u00e9cnico. No es que tenga ninguna dificultad t\u00e9cnica especial ni que requiera utilizar ning\u00fan tipo de material de progresi\u00f3n o de aseguramiento, pero s\u00ed que es muy expuesta por ambos lados y conviene prestar la m\u00e1xima atenci\u00f3n a cada paso. Pasar por aqu\u00ed no es nada recomendable en caso de niebla, lluvia o tormenta. Finalizada la cresta, desembocamos en unos prados repletos de rebecos que nos acompa\u00f1an hasta el Puerto de Perafita (2573). Echando la vista atr\u00e1s, valoramos que tal vez hubi\u00e9ramos ido mejor descendiendo al refugio Perafita y subiendo por el valle pero ahora ya est\u00e1 hecho y ya estamos aqu\u00ed.<\/br>\n<\/br>\nVolvemos a estar en la frontera entre Andorra y la Cerdanya. Como todav\u00eda es temprano y como el tiempo permanece estable subimos hacia la derecha hasta el Tossal de la Truita o Pico de Perafita (2752) y durante un buen rato disfrutamos de unas buenas vistas y sobretodo, nos podemos fijar en la ruta que seguiremos ma\u00f1ana hacia la Tossa Plana de Lles. Volvemos sobre nuestros pasos hasta el Puerto de Perafita y ya sin m\u00e1s dilaci\u00f3n descendemos hacia el Refugio dels Estanys de las Pera por el camino dels Clots del Port que est\u00e1 muy bien trazado y muy bien marcado. En el refugio de la FEEC nos encontramos con los amigos Geni i el Dani, tambi\u00e9n del CEC que son los guardas desde hace unos a\u00f1os. Bi\u00f3loga marina ella y espele\u00f3logos los dos. De sus experiencias en el mar y en las cavidades m\u00e1s profundas de la tierra, la vida les ha llevado a regentar un refugio de monta\u00f1a. Pasamos una agradable velada y degustamos los pasteles de Genni cuya fama ya trasciende al refugio y descansamos en la que ser\u00e1 nuestra \u00faltima noche en estas monta\u00f1as.<\/h5>\t\t\t\t\t\t\t\t<\/div>\n\t\t\t\t<\/div>\n\t\t\t\t\t<\/div>\n\t\t<\/div>\n\t\t\t\t\t<\/div>\n\t\t<\/section>\n\t\t\t\t<section class=\"elementor-section elementor-top-section elementor-element elementor-element-d44eb28 elementor-section-full_width elementor-section-height-default elementor-section-height-default\" data-id=\"d44eb28\" data-element_type=\"section\" data-e-type=\"section\">\n\t\t\t\t\t\t<div class=\"elementor-container elementor-column-gap-default\">\n\t\t\t\t\t<div class=\"elementor-column elementor-col-100 elementor-top-column elementor-element elementor-element-2aac9ec\" data-id=\"2aac9ec\" data-element_type=\"column\" data-e-type=\"column\">\n\t\t\t<div class=\"elementor-widget-wrap elementor-element-populated\">\n\t\t\t\t\t\t<div class=\"elementor-element elementor-element-06005aa elementor-widget elementor-widget-image\" data-id=\"06005aa\" data-element_type=\"widget\" data-e-type=\"widget\" data-widget_type=\"image.default\">\n\t\t\t\t<div class=\"elementor-widget-container\">\n\t\t\t\t\t\t\t\t\t\t\t\t<figure class=\"wp-caption\">\n\t\t\t\t\t\t\t\t\t\t<img loading=\"lazy\" decoding=\"async\" width=\"2000\" height=\"1000\" src=\"https:\/\/rutesentrerefugis.com\/wp-content\/uploads\/2023\/03\/08-Ruta-Estanys-Amagats.jpg\" class=\"attachment-full size-full wp-image-10129\" alt=\"\" srcset=\"https:\/\/rutesentrerefugis.com\/wp-content\/uploads\/2023\/03\/08-Ruta-Estanys-Amagats.jpg 2000w, https:\/\/rutesentrerefugis.com\/wp-content\/uploads\/2023\/03\/08-Ruta-Estanys-Amagats-300x150.jpg 300w, https:\/\/rutesentrerefugis.com\/wp-content\/uploads\/2023\/03\/08-Ruta-Estanys-Amagats-1024x512.jpg 1024w, https:\/\/rutesentrerefugis.com\/wp-content\/uploads\/2023\/03\/08-Ruta-Estanys-Amagats-768x384.jpg 768w, https:\/\/rutesentrerefugis.com\/wp-content\/uploads\/2023\/03\/08-Ruta-Estanys-Amagats-1536x768.jpg 1536w\" sizes=\"(max-width: 2000px) 100vw, 2000px\" \/>\t\t\t\t\t\t\t\t\t\t\t<figcaption class=\"widget-image-caption wp-caption-text\">El Monturull o la Torre dels Soldats desde el Pic de Perafita (\u00a9 David Mengual)<\/figcaption>\n\t\t\t\t\t\t\t\t\t\t<\/figure>\n\t\t\t\t\t\t\t\t\t<\/div>\n\t\t\t\t<\/div>\n\t\t\t\t\t<\/div>\n\t\t<\/div>\n\t\t\t\t\t<\/div>\n\t\t<\/section>\n\t\t\t\t<section class=\"elementor-section elementor-top-section elementor-element elementor-element-f980cc6 elementor-section-full_width elementor-section-height-default elementor-section-height-default\" data-id=\"f980cc6\" data-element_type=\"section\" data-e-type=\"section\">\n\t\t\t\t\t\t<div class=\"elementor-container elementor-column-gap-default\">\n\t\t\t\t\t<div class=\"elementor-column elementor-col-100 elementor-top-column elementor-element elementor-element-aba81f5\" data-id=\"aba81f5\" data-element_type=\"column\" data-e-type=\"column\">\n\t\t\t<div class=\"elementor-widget-wrap elementor-element-populated\">\n\t\t\t\t\t\t<div class=\"elementor-element elementor-element-198f7e4 elementor-widget elementor-widget-text-editor\" data-id=\"198f7e4\" data-element_type=\"widget\" data-e-type=\"widget\" data-widget_type=\"text-editor.default\">\n\t\t\t\t<div class=\"elementor-widget-container\">\n\t\t\t\t\t\t\t\t\t<h5><span style=\"color: #2145cb;\"><u>QUINTA JORNADA<\/u><\/span><\/h5>\n<h6><b>Itinerario:<\/b> Refugio dels Estanys de la Pera &#8211; Pic de la Colilla &#8211; Tossal Bovinar &#8211; Collada Fonda &#8211; Port de Setut &#8211; salida d&#8217;aigues de l&#8217;Estany Gran de Setut &#8211; Tossa Plana de Lles o Pic de la Portelleta &#8211; Refugi del Pradell &#8211; Refugio Cap de Rec<\/br>\n<b>Desnivel Subida:<\/b> 860 metros<\/br>\n<b>Desnivel Bajada:<\/b> 1.257 metros<\/br>\n<b>Tiempo:<\/b> 5:35 horas<\/h6>\n<h5>Hoy nuevamente tenemos dos opciones; ir directamente a Cap de Rec bajando a Pollineres y pasando por el Fornell, o ganar altura y pasar por la cumbre de la Tossa Plana de Lles. El tiempo esta ma\u00f1ana ha vuelto a cambiar. El cielo est\u00e1 muy cubierto, hay nubes bajas y algo de niebla, sopla una brisa un tanto desagradable pero es el \u00faltimo d\u00eda y finalmente nos decidimos por subir a la Tossa Plana. Nos despedimos de los amigos y empezamos a caminar.<\/br>\n<\/br>\nSalimos del refugio en direcci\u00f3n al Puerto de Perafita hasta la percha nivom\u00e9trica en la que nos desviamos a la derecha siguiendo un sendero poco marcado hacia el pico de la Colilla (2887). Nos sorprende la abundancia de cuarzo en este peque\u00f1o valle, hoy fr\u00edo y solitario. Seguimos la cresta hasta llegar a la cumbre del Tossal Bovinar (2842). A pesar del tiempo todav\u00eda gozamos de una cierta vista sobre el valle del Madriu y contemplamos todo el recorrido de la etapa que hicimos ayer. Descendemos hasta la Collada Fonda (2701). Ya llevamos un buen rato observando el crester\u00edo que desde el Puerto del Setut bordea esta monta\u00f1a y sube hasta la Tossa Plana y no lo acabamos de ver claro. Nos atrapa la niebla, empieza a lloviznar y la roca empieza a resbalar. Decidimos bajar por la Coma Extremera hasta la salida de aguas del Estany Gran de Setut. Encontramos hitos y un principio de camino. En lo alto de la cresta que hemos desestimado, entre la niebla vemos dos parejas que intentan progresar pero no acaban de avanzar. Finalmente, vemos como retroceden y siguen nuestros pasos. Nosotros cruzamos la salida de aguas del lago y seguimos un sendero que sin ninguna dificultad nos conduce hasta la cumbre de la Tossa Plana (2916). Estamos en el techo comarcal de la Cerdanya. A pesar del d\u00eda, gozamos de un panorama bastante extenso. A\u00fan y as\u00ed, hace fr\u00edo y no nos entretenemos mucho.<\/br>\n<\/br>\nBajamos hacia el sur siguiendo hitos hasta llegar al llano de les Someres (2328). Ahora ya por un camino bien trazado seguimos bajando hasta cruzar la pista que va de Cap de Rec a Pollineres y Aransa y llegamos al refugio del Pradell (2115) que est\u00e1 cerrado. Finalmente, un buen camino se\u00f1alizado nos lleva sin problemas hasta el refugio de Cap de Rec. Empieza a llover con cierta intensidad. Comemos en el refugio, y damos la ruta por acabada.<\/h5>\t\t\t\t\t\t\t\t<\/div>\n\t\t\t\t<\/div>\n\t\t\t\t\t<\/div>\n\t\t<\/div>\n\t\t\t\t\t<\/div>\n\t\t<\/section>\n\t\t\t\t<section class=\"elementor-section elementor-top-section elementor-element elementor-element-d0d5839 elementor-section-full_width elementor-section-height-default elementor-section-height-default\" data-id=\"d0d5839\" data-element_type=\"section\" data-e-type=\"section\">\n\t\t\t\t\t\t<div class=\"elementor-container elementor-column-gap-default\">\n\t\t\t\t\t<div class=\"elementor-column elementor-col-100 elementor-top-column elementor-element elementor-element-5a0835f\" data-id=\"5a0835f\" data-element_type=\"column\" data-e-type=\"column\">\n\t\t\t<div class=\"elementor-widget-wrap elementor-element-populated\">\n\t\t\t\t\t\t<div class=\"elementor-element elementor-element-0849bd8 elementor-widget elementor-widget-heading\" data-id=\"0849bd8\" data-element_type=\"widget\" data-e-type=\"widget\" data-widget_type=\"heading.default\">\n\t\t\t\t<div class=\"elementor-widget-container\">\n\t\t\t\t\t<h2 class=\"elementor-heading-title elementor-size-default\"><u>REFUGIOS DE LA RUTA<\/u><\/h2>\t\t\t\t<\/div>\n\t\t\t\t<\/div>\n\t\t\t\t\t<\/div>\n\t\t<\/div>\n\t\t\t\t\t<\/div>\n\t\t<\/section>\n\t\t\t\t<section class=\"elementor-section elementor-top-section elementor-element elementor-element-698383f elementor-section-full_width elementor-section-height-default elementor-section-height-default\" data-id=\"698383f\" data-element_type=\"section\" data-e-type=\"section\">\n\t\t\t\t\t\t<div class=\"elementor-container elementor-column-gap-default\">\n\t\t\t\t\t<div class=\"elementor-column elementor-col-20 elementor-top-column elementor-element elementor-element-5964622\" data-id=\"5964622\" data-element_type=\"column\" data-e-type=\"column\">\n\t\t\t<div class=\"elementor-widget-wrap elementor-element-populated\">\n\t\t\t\t\t\t<div class=\"elementor-element elementor-element-2263354 elementor-widget elementor-widget-image\" data-id=\"2263354\" data-element_type=\"widget\" data-e-type=\"widget\" data-widget_type=\"image.default\">\n\t\t\t\t<div class=\"elementor-widget-container\">\n\t\t\t\t\t\t\t\t\t\t\t\t<figure class=\"wp-caption\">\n\t\t\t\t\t\t\t\t\t\t<img loading=\"lazy\" decoding=\"async\" width=\"500\" height=\"375\" src=\"https:\/\/rutesentrerefugis.com\/wp-content\/uploads\/2023\/03\/09-Cap-de-Rec.jpg\" class=\"attachment-full size-full wp-image-10130\" alt=\"\" srcset=\"https:\/\/rutesentrerefugis.com\/wp-content\/uploads\/2023\/03\/09-Cap-de-Rec.jpg 500w, https:\/\/rutesentrerefugis.com\/wp-content\/uploads\/2023\/03\/09-Cap-de-Rec-300x225.jpg 300w\" sizes=\"(max-width: 500px) 100vw, 500px\" \/>\t\t\t\t\t\t\t\t\t\t\t<figcaption class=\"widget-image-caption wp-caption-text\">Refugi Cap del Rec<\/br>(\u00a9 David Mengual)<\/figcaption>\n\t\t\t\t\t\t\t\t\t\t<\/figure>\n\t\t\t\t\t\t\t\t\t<\/div>\n\t\t\t\t<\/div>\n\t\t\t\t\t<\/div>\n\t\t<\/div>\n\t\t\t\t<div class=\"elementor-column elementor-col-20 elementor-top-column elementor-element elementor-element-a2956ba\" data-id=\"a2956ba\" data-element_type=\"column\" data-e-type=\"column\">\n\t\t\t<div class=\"elementor-widget-wrap elementor-element-populated\">\n\t\t\t\t\t\t<div class=\"elementor-element elementor-element-8420aea elementor-widget elementor-widget-image\" data-id=\"8420aea\" data-element_type=\"widget\" data-e-type=\"widget\" data-widget_type=\"image.default\">\n\t\t\t\t<div class=\"elementor-widget-container\">\n\t\t\t\t\t\t\t\t\t\t\t\t<figure class=\"wp-caption\">\n\t\t\t\t\t\t\t\t\t\t<img loading=\"lazy\" decoding=\"async\" width=\"500\" height=\"375\" src=\"https:\/\/rutesentrerefugis.com\/wp-content\/uploads\/2023\/03\/10-Cal-Pere-Sidro.jpg\" class=\"attachment-full size-full wp-image-10131\" alt=\"\" srcset=\"https:\/\/rutesentrerefugis.com\/wp-content\/uploads\/2023\/03\/10-Cal-Pere-Sidro.jpg 500w, https:\/\/rutesentrerefugis.com\/wp-content\/uploads\/2023\/03\/10-Cal-Pere-Sidro-300x225.jpg 300w\" sizes=\"(max-width: 500px) 100vw, 500px\" \/>\t\t\t\t\t\t\t\t\t\t\t<figcaption class=\"widget-image-caption wp-caption-text\">Refugi Cal Pere Sidr\u00f3<\/br>(\u00a9 David Mengual)<\/figcaption>\n\t\t\t\t\t\t\t\t\t\t<\/figure>\n\t\t\t\t\t\t\t\t\t<\/div>\n\t\t\t\t<\/div>\n\t\t\t\t\t<\/div>\n\t\t<\/div>\n\t\t\t\t<div class=\"elementor-column elementor-col-20 elementor-top-column elementor-element elementor-element-fd07f01\" data-id=\"fd07f01\" data-element_type=\"column\" data-e-type=\"column\">\n\t\t\t<div class=\"elementor-widget-wrap elementor-element-populated\">\n\t\t\t\t\t\t<div class=\"elementor-element elementor-element-1290f5f elementor-widget elementor-widget-image\" data-id=\"1290f5f\" data-element_type=\"widget\" data-e-type=\"widget\" data-widget_type=\"image.default\">\n\t\t\t\t<div class=\"elementor-widget-container\">\n\t\t\t\t\t\t\t\t\t\t\t\t<figure class=\"wp-caption\">\n\t\t\t\t\t\t\t\t\t\t<img loading=\"lazy\" decoding=\"async\" width=\"500\" height=\"375\" src=\"https:\/\/rutesentrerefugis.com\/wp-content\/uploads\/2023\/03\/11-Refugi-de-Malniu.jpg\" class=\"attachment-full size-full wp-image-10132\" alt=\"\" srcset=\"https:\/\/rutesentrerefugis.com\/wp-content\/uploads\/2023\/03\/11-Refugi-de-Malniu.jpg 500w, https:\/\/rutesentrerefugis.com\/wp-content\/uploads\/2023\/03\/11-Refugi-de-Malniu-300x225.jpg 300w\" sizes=\"(max-width: 500px) 100vw, 500px\" \/>\t\t\t\t\t\t\t\t\t\t\t<figcaption class=\"widget-image-caption wp-caption-text\">Refugi de Malniu<\/br>(\u00a9 David Mengual)<\/figcaption>\n\t\t\t\t\t\t\t\t\t\t<\/figure>\n\t\t\t\t\t\t\t\t\t<\/div>\n\t\t\t\t<\/div>\n\t\t\t\t\t<\/div>\n\t\t<\/div>\n\t\t\t\t<div class=\"elementor-column elementor-col-20 elementor-top-column elementor-element elementor-element-9226b61\" data-id=\"9226b61\" data-element_type=\"column\" data-e-type=\"column\">\n\t\t\t<div class=\"elementor-widget-wrap elementor-element-populated\">\n\t\t\t\t\t\t<div class=\"elementor-element elementor-element-8c02499 elementor-widget elementor-widget-image\" data-id=\"8c02499\" data-element_type=\"widget\" data-e-type=\"widget\" data-widget_type=\"image.default\">\n\t\t\t\t<div class=\"elementor-widget-container\">\n\t\t\t\t\t\t\t\t\t\t\t\t<figure class=\"wp-caption\">\n\t\t\t\t\t\t\t\t\t\t<img loading=\"lazy\" decoding=\"async\" width=\"500\" height=\"375\" src=\"https:\/\/rutesentrerefugis.com\/wp-content\/uploads\/2023\/03\/12-Refugi-Illa.jpg\" class=\"attachment-full size-full wp-image-10133\" alt=\"\" srcset=\"https:\/\/rutesentrerefugis.com\/wp-content\/uploads\/2023\/03\/12-Refugi-Illa.jpg 500w, https:\/\/rutesentrerefugis.com\/wp-content\/uploads\/2023\/03\/12-Refugi-Illa-300x225.jpg 300w\" sizes=\"(max-width: 500px) 100vw, 500px\" \/>\t\t\t\t\t\t\t\t\t\t\t<figcaption class=\"widget-image-caption wp-caption-text\">Refugi de l'Illa<\/br>(\u00a9 David Mengual)<\/figcaption>\n\t\t\t\t\t\t\t\t\t\t<\/figure>\n\t\t\t\t\t\t\t\t\t<\/div>\n\t\t\t\t<\/div>\n\t\t\t\t\t<\/div>\n\t\t<\/div>\n\t\t\t\t<div class=\"elementor-column elementor-col-20 elementor-top-column elementor-element elementor-element-8eb2100\" data-id=\"8eb2100\" data-element_type=\"column\" data-e-type=\"column\">\n\t\t\t<div class=\"elementor-widget-wrap elementor-element-populated\">\n\t\t\t\t\t\t<div class=\"elementor-element elementor-element-6eaf421 elementor-widget elementor-widget-image\" data-id=\"6eaf421\" data-element_type=\"widget\" data-e-type=\"widget\" data-widget_type=\"image.default\">\n\t\t\t\t<div class=\"elementor-widget-container\">\n\t\t\t\t\t\t\t\t\t\t\t\t<figure class=\"wp-caption\">\n\t\t\t\t\t\t\t\t\t\t<img loading=\"lazy\" decoding=\"async\" width=\"500\" height=\"375\" src=\"https:\/\/rutesentrerefugis.com\/wp-content\/uploads\/2023\/03\/13-Refugi-Estanys-de-la-Pera.jpg\" class=\"attachment-full size-full wp-image-10134\" alt=\"\" srcset=\"https:\/\/rutesentrerefugis.com\/wp-content\/uploads\/2023\/03\/13-Refugi-Estanys-de-la-Pera.jpg 500w, https:\/\/rutesentrerefugis.com\/wp-content\/uploads\/2023\/03\/13-Refugi-Estanys-de-la-Pera-300x225.jpg 300w\" sizes=\"(max-width: 500px) 100vw, 500px\" \/>\t\t\t\t\t\t\t\t\t\t\t<figcaption class=\"widget-image-caption wp-caption-text\">Refugi Estanys de la Pera<\/br>(\u00a9 David Mengual)<\/figcaption>\n\t\t\t\t\t\t\t\t\t\t<\/figure>\n\t\t\t\t\t\t\t\t\t<\/div>\n\t\t\t\t<\/div>\n\t\t\t\t\t<\/div>\n\t\t<\/div>\n\t\t\t\t\t<\/div>\n\t\t<\/section>\n\t\t\t\t<section class=\"elementor-section elementor-top-section elementor-element elementor-element-ae9d95b elementor-section-full_width elementor-section-height-default elementor-section-height-default\" data-id=\"ae9d95b\" data-element_type=\"section\" data-e-type=\"section\">\n\t\t\t\t\t\t<div class=\"elementor-container elementor-column-gap-default\">\n\t\t\t\t\t<div class=\"elementor-column elementor-col-100 elementor-top-column elementor-element elementor-element-45e9b8b\" data-id=\"45e9b8b\" data-element_type=\"column\" data-e-type=\"column\">\n\t\t\t<div class=\"elementor-widget-wrap elementor-element-populated\">\n\t\t\t\t\t\t<div class=\"elementor-element elementor-element-73598f9 elementor-widget elementor-widget-spacer\" data-id=\"73598f9\" data-element_type=\"widget\" data-e-type=\"widget\" data-widget_type=\"spacer.default\">\n\t\t\t\t<div class=\"elementor-widget-container\">\n\t\t\t\t\t\t\t<div class=\"elementor-spacer\">\n\t\t\t<div class=\"elementor-spacer-inner\"><\/div>\n\t\t<\/div>\n\t\t\t\t\t\t<\/div>\n\t\t\t\t<\/div>\n\t\t\t\t\t<\/div>\n\t\t<\/div>\n\t\t\t\t\t<\/div>\n\t\t<\/section>\n\t\t\t\t<section class=\"elementor-section elementor-top-section elementor-element elementor-element-b7002c1 elementor-section-full_width elementor-section-height-default elementor-section-height-default\" data-id=\"b7002c1\" data-element_type=\"section\" data-e-type=\"section\" data-settings=\"{&quot;background_background&quot;:&quot;classic&quot;}\">\n\t\t\t\t\t\t<div class=\"elementor-container elementor-column-gap-default\">\n\t\t\t\t\t<div class=\"elementor-column elementor-col-100 elementor-top-column elementor-element elementor-element-7907b10\" data-id=\"7907b10\" data-element_type=\"column\" data-e-type=\"column\">\n\t\t\t<div class=\"elementor-widget-wrap elementor-element-populated\">\n\t\t\t\t\t\t<div class=\"elementor-element elementor-element-65ac145 elementor-widget elementor-widget-image\" data-id=\"65ac145\" data-element_type=\"widget\" data-e-type=\"widget\" data-widget_type=\"image.default\">\n\t\t\t\t<div class=\"elementor-widget-container\">\n\t\t\t\t\t\t\t\t\t\t\t\t\t\t\t<img loading=\"lazy\" decoding=\"async\" width=\"100\" height=\"100\" src=\"https:\/\/rutesentrerefugis.com\/wp-content\/uploads\/2023\/03\/David-Mengual-NW.jpg\" class=\"attachment-full size-full wp-image-10085\" alt=\"\" \/>\t\t\t\t\t\t\t\t\t\t\t\t\t\t\t<\/div>\n\t\t\t\t<\/div>\n\t\t\t\t<div class=\"elementor-element elementor-element-a13caad elementor-widget elementor-widget-text-editor\" data-id=\"a13caad\" data-element_type=\"widget\" data-e-type=\"widget\" data-widget_type=\"text-editor.default\">\n\t\t\t\t<div class=\"elementor-widget-container\">\n\t\t\t\t\t\t\t\t\t<h4>DAVID MENGUAL<\/h4>\n<h5>(Barcelona, 1967) El a\u00f1o 1976 empez\u00f3 a salir de excursi\u00f3n con el Agrupament Escolta Sant Pius X de Minyons Escoltes i Guies de Sant Jordi y es socio del Centre Excursionista de Catalunya desde el 1983 con licencia federativa desde el 1988. Realiza excursiones a pie, escalando en roca, nieve o hielo, con esqu\u00eds, en bicicleta o con caiac y ha recorrido las monta\u00f1as de la Pen\u00ednsula Ib\u00e9rica, el Pirineu de punta a punta, los Alpes desde les Calanques hasta Cro\u00e1cia, y algunas monta\u00f1as de C\u00f3rcega, T\u00fanez, Nueva Zelanda y Nepal. Colabora habitualmente con la revista Muntanya del CEC y otras publicaciones.<\/h5>\t\t\t\t\t\t\t\t<\/div>\n\t\t\t\t<\/div>\n\t\t\t\t\t<\/div>\n\t\t<\/div>\n\t\t\t\t\t<\/div>\n\t\t<\/section>\n\t\t\t\t<section class=\"elementor-section elementor-top-section elementor-element elementor-element-c5916d8 elementor-section-full_width elementor-section-height-default elementor-section-height-default\" data-id=\"c5916d8\" data-element_type=\"section\" data-e-type=\"section\">\n\t\t\t\t\t\t<div class=\"elementor-container elementor-column-gap-default\">\n\t\t\t\t\t<div class=\"elementor-column elementor-col-100 elementor-top-column elementor-element elementor-element-eaf7d1c\" data-id=\"eaf7d1c\" data-element_type=\"column\" data-e-type=\"column\">\n\t\t\t<div class=\"elementor-widget-wrap elementor-element-populated\">\n\t\t\t\t\t\t<div class=\"elementor-element elementor-element-a4f2400 elementor-widget elementor-widget-spacer\" data-id=\"a4f2400\" data-element_type=\"widget\" data-e-type=\"widget\" data-widget_type=\"spacer.default\">\n\t\t\t\t<div class=\"elementor-widget-container\">\n\t\t\t\t\t\t\t<div class=\"elementor-spacer\">\n\t\t\t<div class=\"elementor-spacer-inner\"><\/div>\n\t\t<\/div>\n\t\t\t\t\t\t<\/div>\n\t\t\t\t<\/div>\n\t\t\t\t\t<\/div>\n\t\t<\/div>\n\t\t\t\t\t<\/div>\n\t\t<\/section>\n\t\t\t\t<section class=\"elementor-section elementor-top-section elementor-element elementor-element-d03f068 elementor-section-full_width elementor-section-height-default elementor-section-height-default\" data-id=\"d03f068\" data-element_type=\"section\" data-e-type=\"section\">\n\t\t\t\t\t\t<div class=\"elementor-container elementor-column-gap-default\">\n\t\t\t\t\t<div class=\"elementor-column elementor-col-100 elementor-top-column elementor-element elementor-element-67197d5\" data-id=\"67197d5\" data-element_type=\"column\" data-e-type=\"column\">\n\t\t\t<div class=\"elementor-widget-wrap elementor-element-populated\">\n\t\t\t\t\t\t<div class=\"elementor-element elementor-element-43b22c2 elementor-widget elementor-widget-heading\" data-id=\"43b22c2\" data-element_type=\"widget\" data-e-type=\"widget\" data-widget_type=\"heading.default\">\n\t\t\t\t<div class=\"elementor-widget-container\">\n\t\t\t\t\t<h5 class=\"elementor-heading-title elementor-size-default\"><font color=\"#999999\"><u>Por si quieres compartir esta cr\u00f3nica<\/u><\/font><\/h5>\t\t\t\t<\/div>\n\t\t\t\t<\/div>\n\t\t\t\t\t<\/div>\n\t\t<\/div>\n\t\t\t\t\t<\/div>\n\t\t<\/section>\n\t\t\t\t<section class=\"elementor-section elementor-top-section elementor-element elementor-element-691fa33 elementor-section-full_width elementor-section-height-default elementor-section-height-default\" data-id=\"691fa33\" data-element_type=\"section\" data-e-type=\"section\">\n\t\t\t\t\t\t<div class=\"elementor-container elementor-column-gap-default\">\n\t\t\t\t\t<div class=\"elementor-column elementor-col-100 elementor-top-column elementor-element elementor-element-45d5ec7\" data-id=\"45d5ec7\" data-element_type=\"column\" data-e-type=\"column\">\n\t\t\t<div class=\"elementor-widget-wrap elementor-element-populated\">\n\t\t\t\t\t\t<div class=\"elementor-element elementor-element-75ed3c8 elementor-share-buttons--view-icon elementor-share-buttons--skin-framed elementor-share-buttons--shape-circle elementor-share-buttons--color-custom elementor-grid-0 elementor-widget elementor-widget-share-buttons\" data-id=\"75ed3c8\" data-element_type=\"widget\" data-e-type=\"widget\" data-widget_type=\"share-buttons.default\">\n\t\t\t\t<div class=\"elementor-widget-container\">\n\t\t\t\t\t\t\t<div class=\"elementor-grid\" role=\"list\">\n\t\t\t\t\t\t\t\t<div class=\"elementor-grid-item\" role=\"listitem\">\n\t\t\t\t\t\t<div class=\"elementor-share-btn elementor-share-btn_facebook\" role=\"button\" tabindex=\"0\" aria-label=\"Compartir en facebook\">\n\t\t\t\t\t\t\t\t\t\t\t\t\t\t\t<span class=\"elementor-share-btn__icon\">\n\t\t\t\t\t\t\t\t<i class=\"fab fa-facebook\" aria-hidden=\"true\"><\/i>\t\t\t\t\t\t\t<\/span>\n\t\t\t\t\t\t\t\t\t\t\t\t\t\t\t\t\t\t\t\t<\/div>\n\t\t\t\t\t<\/div>\n\t\t\t\t\t\t\t\t\t<div class=\"elementor-grid-item\" role=\"listitem\">\n\t\t\t\t\t\t<div class=\"elementor-share-btn elementor-share-btn_twitter\" role=\"button\" tabindex=\"0\" aria-label=\"Compartir en twitter\">\n\t\t\t\t\t\t\t\t\t\t\t\t\t\t\t<span class=\"elementor-share-btn__icon\">\n\t\t\t\t\t\t\t\t<i class=\"fab fa-twitter\" aria-hidden=\"true\"><\/i>\t\t\t\t\t\t\t<\/span>\n\t\t\t\t\t\t\t\t\t\t\t\t\t\t\t\t\t\t\t\t<\/div>\n\t\t\t\t\t<\/div>\n\t\t\t\t\t\t\t\t\t<div class=\"elementor-grid-item\" role=\"listitem\">\n\t\t\t\t\t\t<div class=\"elementor-share-btn elementor-share-btn_telegram\" role=\"button\" tabindex=\"0\" aria-label=\"Compartir en telegram\">\n\t\t\t\t\t\t\t\t\t\t\t\t\t\t\t<span class=\"elementor-share-btn__icon\">\n\t\t\t\t\t\t\t\t<i class=\"fab fa-telegram\" aria-hidden=\"true\"><\/i>\t\t\t\t\t\t\t<\/span>\n\t\t\t\t\t\t\t\t\t\t\t\t\t\t\t\t\t\t\t\t<\/div>\n\t\t\t\t\t<\/div>\n\t\t\t\t\t\t\t\t\t<div class=\"elementor-grid-item\" role=\"listitem\">\n\t\t\t\t\t\t<div class=\"elementor-share-btn elementor-share-btn_pinterest\" role=\"button\" tabindex=\"0\" aria-label=\"Compartir en pinterest\">\n\t\t\t\t\t\t\t\t\t\t\t\t\t\t\t<span class=\"elementor-share-btn__icon\">\n\t\t\t\t\t\t\t\t<i class=\"fab fa-pinterest\" aria-hidden=\"true\"><\/i>\t\t\t\t\t\t\t<\/span>\n\t\t\t\t\t\t\t\t\t\t\t\t\t\t\t\t\t\t\t\t<\/div>\n\t\t\t\t\t<\/div>\n\t\t\t\t\t\t\t\t\t<div class=\"elementor-grid-item\" role=\"listitem\">\n\t\t\t\t\t\t<div class=\"elementor-share-btn elementor-share-btn_whatsapp\" role=\"button\" tabindex=\"0\" aria-label=\"Compartir en whatsapp\">\n\t\t\t\t\t\t\t\t\t\t\t\t\t\t\t<span class=\"elementor-share-btn__icon\">\n\t\t\t\t\t\t\t\t<i class=\"fab fa-whatsapp\" aria-hidden=\"true\"><\/i>\t\t\t\t\t\t\t<\/span>\n\t\t\t\t\t\t\t\t\t\t\t\t\t\t\t\t\t\t\t\t<\/div>\n\t\t\t\t\t<\/div>\n\t\t\t\t\t\t\t\t\t<div class=\"elementor-grid-item\" role=\"listitem\">\n\t\t\t\t\t\t<div class=\"elementor-share-btn elementor-share-btn_email\" role=\"button\" tabindex=\"0\" aria-label=\"Compartir en email\">\n\t\t\t\t\t\t\t\t\t\t\t\t\t\t\t<span class=\"elementor-share-btn__icon\">\n\t\t\t\t\t\t\t\t<i class=\"fas fa-envelope\" aria-hidden=\"true\"><\/i>\t\t\t\t\t\t\t<\/span>\n\t\t\t\t\t\t\t\t\t\t\t\t\t\t\t\t\t\t\t\t<\/div>\n\t\t\t\t\t<\/div>\n\t\t\t\t\t\t\t\t\t<div class=\"elementor-grid-item\" role=\"listitem\">\n\t\t\t\t\t\t<div class=\"elementor-share-btn elementor-share-btn_print\" role=\"button\" tabindex=\"0\" aria-label=\"Compartir en print\">\n\t\t\t\t\t\t\t\t\t\t\t\t\t\t\t<span class=\"elementor-share-btn__icon\">\n\t\t\t\t\t\t\t\t<i class=\"fas fa-print\" aria-hidden=\"true\"><\/i>\t\t\t\t\t\t\t<\/span>\n\t\t\t\t\t\t\t\t\t\t\t\t\t\t\t\t\t\t\t\t<\/div>\n\t\t\t\t\t<\/div>\n\t\t\t\t\t\t<\/div>\n\t\t\t\t\t\t<\/div>\n\t\t\t\t<\/div>\n\t\t\t\t\t<\/div>\n\t\t<\/div>\n\t\t\t\t\t<\/div>\n\t\t<\/section>\n\t\t\t\t<section class=\"elementor-section elementor-top-section elementor-element elementor-element-f8892df elementor-section-full_width elementor-section-height-default elementor-section-height-default\" data-id=\"f8892df\" data-element_type=\"section\" data-e-type=\"section\">\n\t\t\t\t\t\t<div class=\"elementor-container elementor-column-gap-default\">\n\t\t\t\t\t<div class=\"elementor-column elementor-col-100 elementor-top-column elementor-element elementor-element-70b735e\" data-id=\"70b735e\" data-element_type=\"column\" data-e-type=\"column\">\n\t\t\t<div class=\"elementor-widget-wrap elementor-element-populated\">\n\t\t\t\t\t\t<div class=\"elementor-element elementor-element-cefc0b1 elementor-widget elementor-widget-spacer\" data-id=\"cefc0b1\" data-element_type=\"widget\" data-e-type=\"widget\" data-widget_type=\"spacer.default\">\n\t\t\t\t<div class=\"elementor-widget-container\">\n\t\t\t\t\t\t\t<div class=\"elementor-spacer\">\n\t\t\t<div class=\"elementor-spacer-inner\"><\/div>\n\t\t<\/div>\n\t\t\t\t\t\t<\/div>\n\t\t\t\t<\/div>\n\t\t\t\t\t<\/div>\n\t\t<\/div>\n\t\t\t\t\t<\/div>\n\t\t<\/section>\n\t\t\t\t<section class=\"elementor-section elementor-top-section elementor-element elementor-element-d9b512c elementor-section-full_width elementor-section-height-default elementor-section-height-default\" data-id=\"d9b512c\" data-element_type=\"section\" data-e-type=\"section\">\n\t\t\t\t\t\t<div class=\"elementor-container elementor-column-gap-default\">\n\t\t\t\t\t<div class=\"elementor-column elementor-col-100 elementor-top-column elementor-element elementor-element-c63fdca\" data-id=\"c63fdca\" data-element_type=\"column\" data-e-type=\"column\">\n\t\t\t<div class=\"elementor-widget-wrap elementor-element-populated\">\n\t\t\t\t\t\t<div class=\"elementor-element elementor-element-513ff8c elementor-widget-divider--view-line elementor-widget elementor-widget-divider\" data-id=\"513ff8c\" data-element_type=\"widget\" data-e-type=\"widget\" data-widget_type=\"divider.default\">\n\t\t\t\t<div class=\"elementor-widget-container\">\n\t\t\t\t\t\t\t<div class=\"elementor-divider\">\n\t\t\t<span class=\"elementor-divider-separator\">\n\t\t\t\t\t\t<\/span>\n\t\t<\/div>\n\t\t\t\t\t\t<\/div>\n\t\t\t\t<\/div>\n\t\t\t\t\t<\/div>\n\t\t<\/div>\n\t\t\t\t\t<\/div>\n\t\t<\/section>\n\t\t\t\t<section class=\"elementor-section elementor-top-section elementor-element elementor-element-cb66a5f elementor-section-full_width elementor-section-height-default elementor-section-height-default\" data-id=\"cb66a5f\" data-element_type=\"section\" data-e-type=\"section\">\n\t\t\t\t\t\t<div class=\"elementor-container elementor-column-gap-default\">\n\t\t\t\t\t<div class=\"elementor-column elementor-col-100 elementor-top-column elementor-element elementor-element-20e8dd4\" data-id=\"20e8dd4\" data-element_type=\"column\" data-e-type=\"column\">\n\t\t\t<div class=\"elementor-widget-wrap elementor-element-populated\">\n\t\t\t\t\t\t<div class=\"elementor-element elementor-element-ec3909d elementor-widget elementor-widget-heading\" data-id=\"ec3909d\" data-element_type=\"widget\" data-e-type=\"widget\" data-widget_type=\"heading.default\">\n\t\t\t\t<div class=\"elementor-widget-container\">\n\t\t\t\t\t<h2 class=\"elementor-heading-title elementor-size-default\"><u>ART\u00cdCULOS PUBLICADOS POR EL AUTOR<\/u><\/h2>\t\t\t\t<\/div>\n\t\t\t\t<\/div>\n\t\t\t\t\t<\/div>\n\t\t<\/div>\n\t\t\t\t\t<\/div>\n\t\t<\/section>\n\t\t\t\t<section class=\"elementor-section elementor-top-section elementor-element elementor-element-51b6da6 elementor-section-full_width elementor-section-height-default elementor-section-height-default\" data-id=\"51b6da6\" data-element_type=\"section\" data-e-type=\"section\">\n\t\t\t\t\t\t<div class=\"elementor-container elementor-column-gap-default\">\n\t\t\t\t\t<div class=\"elementor-column elementor-col-100 elementor-top-column elementor-element elementor-element-df996bb\" data-id=\"df996bb\" data-element_type=\"column\" data-e-type=\"column\">\n\t\t\t<div class=\"elementor-widget-wrap elementor-element-populated\">\n\t\t\t\t\t\t<div class=\"elementor-element elementor-element-5fbb780 elementor-widget elementor-widget-spacer\" data-id=\"5fbb780\" data-element_type=\"widget\" data-e-type=\"widget\" data-widget_type=\"spacer.default\">\n\t\t\t\t<div class=\"elementor-widget-container\">\n\t\t\t\t\t\t\t<div class=\"elementor-spacer\">\n\t\t\t<div class=\"elementor-spacer-inner\"><\/div>\n\t\t<\/div>\n\t\t\t\t\t\t<\/div>\n\t\t\t\t<\/div>\n\t\t\t\t\t<\/div>\n\t\t<\/div>\n\t\t\t\t\t<\/div>\n\t\t<\/section>\n\t\t\t\t<section class=\"elementor-section elementor-top-section elementor-element elementor-element-cd738cf elementor-section-full_width elementor-section-height-default elementor-section-height-default\" data-id=\"cd738cf\" data-element_type=\"section\" data-e-type=\"section\">\n\t\t\t\t\t\t<div class=\"elementor-container elementor-column-gap-default\">\n\t\t\t\t\t<div class=\"elementor-column elementor-col-100 elementor-top-column elementor-element elementor-element-740523a\" data-id=\"740523a\" data-element_type=\"column\" data-e-type=\"column\">\n\t\t\t<div class=\"elementor-widget-wrap elementor-element-populated\">\n\t\t\t\t\t\t<div class=\"elementor-element elementor-element-dc568fd elementor-grid-5 elementor-grid-tablet-2 elementor-grid-mobile-1 elementor-posts--thumbnail-top elementor-widget elementor-widget-posts\" data-id=\"dc568fd\" data-element_type=\"widget\" data-e-type=\"widget\" data-settings=\"{&quot;classic_columns&quot;:&quot;5&quot;,&quot;classic_columns_tablet&quot;:&quot;2&quot;,&quot;classic_columns_mobile&quot;:&quot;1&quot;,&quot;classic_row_gap&quot;:{&quot;unit&quot;:&quot;px&quot;,&quot;size&quot;:35,&quot;sizes&quot;:[]},&quot;classic_row_gap_tablet&quot;:{&quot;unit&quot;:&quot;px&quot;,&quot;size&quot;:&quot;&quot;,&quot;sizes&quot;:[]},&quot;classic_row_gap_mobile&quot;:{&quot;unit&quot;:&quot;px&quot;,&quot;size&quot;:&quot;&quot;,&quot;sizes&quot;:[]}}\" data-widget_type=\"posts.classic\">\n\t\t\t\t<div class=\"elementor-widget-container\">\n\t\t\t\t\t\t\t<div class=\"elementor-posts-container elementor-posts elementor-posts--skin-classic elementor-grid\" role=\"list\">\n\t\t\t\t<article class=\"elementor-post elementor-grid-item post-21373 post type-post status-publish format-standard has-post-thumbnail hentry category-blog-es category-david-mengual-es-es tag-brana-de-mumian-es tag-branas-de-saliencia-es tag-cogollu-de-cebolleu-es tag-david-mengual-es tag-el-cornon-es tag-jordi-mengual-es tag-parque-natural-de-somiedo-es tag-pico-albo-occidental-es tag-pico-albo-oriental-es tag-reserva-de-la-biosfera-es tag-somiedo-es\" role=\"listitem\">\n\t\t\t\t<a class=\"elementor-post__thumbnail__link\" href=\"https:\/\/rutesentrerefugis.com\/index.php\/es\/2024\/06\/04\/somiedo-es\/\" tabindex=\"-1\" >\n\t\t\t<div class=\"elementor-post__thumbnail\"><img loading=\"lazy\" decoding=\"async\" width=\"300\" height=\"200\" src=\"https:\/\/rutesentrerefugis.com\/wp-content\/uploads\/2024\/06\/Somiedo-Inici-300x200.jpg\" class=\"attachment-medium size-medium wp-image-21371\" alt=\"\" srcset=\"https:\/\/rutesentrerefugis.com\/wp-content\/uploads\/2024\/06\/Somiedo-Inici-300x200.jpg 300w, https:\/\/rutesentrerefugis.com\/wp-content\/uploads\/2024\/06\/Somiedo-Inici-1024x683.jpg 1024w, https:\/\/rutesentrerefugis.com\/wp-content\/uploads\/2024\/06\/Somiedo-Inici-768x512.jpg 768w, https:\/\/rutesentrerefugis.com\/wp-content\/uploads\/2024\/06\/Somiedo-Inici.jpg 1200w\" sizes=\"(max-width: 300px) 100vw, 300px\" \/><\/div>\n\t\t<\/a>\n\t\t\t\t<div class=\"elementor-post__text\">\n\t\t\t\t<h3 class=\"elementor-post__title\">\n\t\t\t<a href=\"https:\/\/rutesentrerefugis.com\/index.php\/es\/2024\/06\/04\/somiedo-es\/\" >\n\t\t\t\tSOMIEDO\t\t\t<\/a>\n\t\t<\/h3>\n\t\t\t\t<div class=\"elementor-post__meta-data\">\n\t\t\t\t\t<span class=\"elementor-post-date\">\n\t\t\t04\/06\/2024\t\t<\/span>\n\t\t\t\t<\/div>\n\t\t\t\t<\/div>\n\t\t\t\t<\/article>\n\t\t\t\t<article class=\"elementor-post elementor-grid-item post-10141 post type-post status-publish format-standard has-post-thumbnail hentry category-blog-es category-david-mengual-es-es tag-andorra-es tag-cerdanya-es tag-cronicas-ca-es tag-croniques-ca-es tag-david-mengual-es tag-engorgs-es tag-la-ruta-dels-estanys-amagats-es tag-perafita-es tag-pessons-es tag-puigpedros-es tag-tossa-plana-de-lles-es tag-vall-del-madriu-es\" role=\"listitem\">\n\t\t\t\t<a class=\"elementor-post__thumbnail__link\" href=\"https:\/\/rutesentrerefugis.com\/index.php\/es\/2022\/06\/21\/la-ruta-de-los-estanys-amagats\/\" tabindex=\"-1\" >\n\t\t\t<div class=\"elementor-post__thumbnail\"><img loading=\"lazy\" decoding=\"async\" width=\"300\" height=\"200\" src=\"https:\/\/rutesentrerefugis.com\/wp-content\/uploads\/2023\/03\/Ruta-Estanys-Amagats-Inici-NW-300x200.jpg\" class=\"attachment-medium size-medium wp-image-10063\" alt=\"\" srcset=\"https:\/\/rutesentrerefugis.com\/wp-content\/uploads\/2023\/03\/Ruta-Estanys-Amagats-Inici-NW-300x200.jpg 300w, https:\/\/rutesentrerefugis.com\/wp-content\/uploads\/2023\/03\/Ruta-Estanys-Amagats-Inici-NW-1024x683.jpg 1024w, https:\/\/rutesentrerefugis.com\/wp-content\/uploads\/2023\/03\/Ruta-Estanys-Amagats-Inici-NW-768x512.jpg 768w, https:\/\/rutesentrerefugis.com\/wp-content\/uploads\/2023\/03\/Ruta-Estanys-Amagats-Inici-NW.jpg 1200w\" sizes=\"(max-width: 300px) 100vw, 300px\" \/><\/div>\n\t\t<\/a>\n\t\t\t\t<div class=\"elementor-post__text\">\n\t\t\t\t<h3 class=\"elementor-post__title\">\n\t\t\t<a href=\"https:\/\/rutesentrerefugis.com\/index.php\/es\/2022\/06\/21\/la-ruta-de-los-estanys-amagats\/\" >\n\t\t\t\tLA RUTA DE LOS ESTANYS AMAGATS\t\t\t<\/a>\n\t\t<\/h3>\n\t\t\t\t<div class=\"elementor-post__meta-data\">\n\t\t\t\t\t<span class=\"elementor-post-date\">\n\t\t\t21\/06\/2022\t\t<\/span>\n\t\t\t\t<\/div>\n\t\t\t\t<\/div>\n\t\t\t\t<\/article>\n\t\t\t\t<article class=\"elementor-post elementor-grid-item post-10170 post type-post status-publish format-standard has-post-thumbnail hentry category-blog-es category-david-mengual-es-es category-pass-aran-es tag-couserans-es tag-cronicas-ca-es tag-croniques-ca-es tag-david-mengual-es tag-passaran-es tag-val-daran-es\" role=\"listitem\">\n\t\t\t\t<a class=\"elementor-post__thumbnail__link\" href=\"https:\/\/rutesentrerefugis.com\/index.php\/es\/2019\/06\/25\/pass-aran-articulo\/\" tabindex=\"-1\" >\n\t\t\t<div class=\"elementor-post__thumbnail\"><img loading=\"lazy\" decoding=\"async\" width=\"300\" height=\"200\" src=\"https:\/\/rutesentrerefugis.com\/wp-content\/uploads\/2023\/03\/Pass-Aran-Inici-NW-300x200.jpg\" class=\"attachment-medium size-medium wp-image-10152\" alt=\"\" srcset=\"https:\/\/rutesentrerefugis.com\/wp-content\/uploads\/2023\/03\/Pass-Aran-Inici-NW-300x200.jpg 300w, https:\/\/rutesentrerefugis.com\/wp-content\/uploads\/2023\/03\/Pass-Aran-Inici-NW-1024x683.jpg 1024w, https:\/\/rutesentrerefugis.com\/wp-content\/uploads\/2023\/03\/Pass-Aran-Inici-NW-768x512.jpg 768w, https:\/\/rutesentrerefugis.com\/wp-content\/uploads\/2023\/03\/Pass-Aran-Inici-NW.jpg 1200w\" sizes=\"(max-width: 300px) 100vw, 300px\" \/><\/div>\n\t\t<\/a>\n\t\t\t\t<div class=\"elementor-post__text\">\n\t\t\t\t<h3 class=\"elementor-post__title\">\n\t\t\t<a href=\"https:\/\/rutesentrerefugis.com\/index.php\/es\/2019\/06\/25\/pass-aran-articulo\/\" >\n\t\t\t\tPASS&#8217;ARAN\t\t\t<\/a>\n\t\t<\/h3>\n\t\t\t\t<div class=\"elementor-post__meta-data\">\n\t\t\t\t\t<span class=\"elementor-post-date\">\n\t\t\t25\/06\/2019\t\t<\/span>\n\t\t\t\t<\/div>\n\t\t\t\t<\/div>\n\t\t\t\t<\/article>\n\t\t\t\t<\/div>\n\t\t\n\t\t\t\t\t\t<\/div>\n\t\t\t\t<\/div>\n\t\t\t\t\t<\/div>\n\t\t<\/div>\n\t\t\t\t\t<\/div>\n\t\t<\/section>\n\t\t\t\t<section class=\"elementor-section elementor-top-section elementor-element elementor-element-24091e8 elementor-section-full_width elementor-section-height-default elementor-section-height-default\" data-id=\"24091e8\" data-element_type=\"section\" data-e-type=\"section\">\n\t\t\t\t\t\t<div class=\"elementor-container elementor-column-gap-default\">\n\t\t\t\t\t<div class=\"elementor-column elementor-col-100 elementor-top-column elementor-element elementor-element-bcf0e5d\" data-id=\"bcf0e5d\" data-element_type=\"column\" data-e-type=\"column\">\n\t\t\t<div class=\"elementor-widget-wrap elementor-element-populated\">\n\t\t\t\t\t\t<div class=\"elementor-element elementor-element-4046bbe elementor-widget-divider--view-line elementor-widget elementor-widget-divider\" data-id=\"4046bbe\" data-element_type=\"widget\" data-e-type=\"widget\" data-widget_type=\"divider.default\">\n\t\t\t\t<div class=\"elementor-widget-container\">\n\t\t\t\t\t\t\t<div class=\"elementor-divider\">\n\t\t\t<span class=\"elementor-divider-separator\">\n\t\t\t\t\t\t<\/span>\n\t\t<\/div>\n\t\t\t\t\t\t<\/div>\n\t\t\t\t<\/div>\n\t\t\t\t\t<\/div>\n\t\t<\/div>\n\t\t\t\t\t<\/div>\n\t\t<\/section>\n\t\t\t\t<section class=\"elementor-section elementor-top-section elementor-element elementor-element-2497fed elementor-section-full_width elementor-section-height-default elementor-section-height-default\" data-id=\"2497fed\" data-element_type=\"section\" data-e-type=\"section\">\n\t\t\t\t\t\t<div class=\"elementor-container elementor-column-gap-default\">\n\t\t\t\t\t<div class=\"elementor-column elementor-col-100 elementor-top-column elementor-element elementor-element-ec68757\" data-id=\"ec68757\" data-element_type=\"column\" data-e-type=\"column\">\n\t\t\t<div class=\"elementor-widget-wrap elementor-element-populated\">\n\t\t\t\t\t\t<div class=\"elementor-element elementor-element-f86efba elementor-widget elementor-widget-spacer\" data-id=\"f86efba\" data-element_type=\"widget\" data-e-type=\"widget\" data-widget_type=\"spacer.default\">\n\t\t\t\t<div class=\"elementor-widget-container\">\n\t\t\t\t\t\t\t<div class=\"elementor-spacer\">\n\t\t\t<div class=\"elementor-spacer-inner\"><\/div>\n\t\t<\/div>\n\t\t\t\t\t\t<\/div>\n\t\t\t\t<\/div>\n\t\t\t\t\t<\/div>\n\t\t<\/div>\n\t\t\t\t\t<\/div>\n\t\t<\/section>\n\t\t\t\t<\/div>\n\t\t","protected":false},"excerpt":{"rendered":"<p>LA RUTA DE LOS ESTANYS AMAGATS ENTRE LA CERDANYA Y ANDORRA Cr\u00f3nica escrita por DAVID MENGUAL publicada en la revista MUNTANYA n\u00famero 934 La ruta<\/p>\n","protected":false},"author":29,"featured_media":10063,"comment_status":"open","ping_status":"open","sticky":false,"template":"elementor_header_footer","format":"standard","meta":{"_monsterinsights_skip_tracking":false,"_monsterinsights_sitenote_active":false,"_monsterinsights_sitenote_note":"","_monsterinsights_sitenote_category":0,"footnotes":""},"categories":[5126,5564],"tags":[5758,5760,5146,5148,5568,5762,5764,5766,5768,5770,5772,5774],"class_list":["post-10141","post","type-post","status-publish","format-standard","has-post-thumbnail","hentry","category-blog-es","category-david-mengual-es-es","tag-andorra-es","tag-cerdanya-es","tag-cronicas-ca-es","tag-croniques-ca-es","tag-david-mengual-es","tag-engorgs-es","tag-la-ruta-dels-estanys-amagats-es","tag-perafita-es","tag-pessons-es","tag-puigpedros-es","tag-tossa-plana-de-lles-es","tag-vall-del-madriu-es"],"yoast_head":"<!-- This site is optimized with the Yoast SEO plugin v27.5 - https:\/\/yoast.com\/product\/yoast-seo-wordpress\/ -->\n<title>LA RUTA DE LOS ESTANYS AMAGATS - Rutes Entre Refugis<\/title>\n<meta name=\"robots\" content=\"index, follow, max-snippet:-1, max-image-preview:large, max-video-preview:-1\" \/>\n<link rel=\"canonical\" href=\"https:\/\/rutesentrerefugis.com\/index.php\/es\/2022\/06\/21\/la-ruta-de-los-estanys-amagats\/\" \/>\n<meta property=\"og:locale\" content=\"es_ES\" \/>\n<meta property=\"og:type\" content=\"article\" \/>\n<meta property=\"og:title\" content=\"LA RUTA DE LOS ESTANYS AMAGATS - Rutes Entre Refugis\" \/>\n<meta property=\"og:description\" content=\"LA RUTA DE LOS ESTANYS AMAGATS ENTRE LA CERDANYA Y ANDORRA Cr\u00f3nica escrita por DAVID MENGUAL publicada en la revista MUNTANYA n\u00famero 934 La ruta\" \/>\n<meta property=\"og:url\" content=\"https:\/\/rutesentrerefugis.com\/index.php\/es\/2022\/06\/21\/la-ruta-de-los-estanys-amagats\/\" \/>\n<meta property=\"og:site_name\" content=\"Rutes Entre Refugis\" \/>\n<meta property=\"article:published_time\" content=\"2022-06-21T18:12:00+00:00\" \/>\n<meta property=\"article:modified_time\" content=\"2024-04-25T10:58:50+00:00\" \/>\n<meta property=\"og:image\" content=\"https:\/\/rutesentrerefugis.com\/wp-content\/uploads\/2023\/03\/Ruta-Estanys-Amagats-Inici-NW.jpg\" \/>\n\t<meta property=\"og:image:width\" content=\"1200\" \/>\n\t<meta property=\"og:image:height\" content=\"800\" \/>\n\t<meta property=\"og:image:type\" content=\"image\/jpeg\" \/>\n<meta name=\"author\" content=\"David Mengual\" \/>\n<meta name=\"twitter:card\" content=\"summary_large_image\" \/>\n<meta name=\"twitter:label1\" content=\"Escrito por\" \/>\n\t<meta name=\"twitter:data1\" content=\"David Mengual\" \/>\n\t<meta name=\"twitter:label2\" content=\"Tiempo de lectura\" \/>\n\t<meta name=\"twitter:data2\" content=\"27 minutos\" \/>\n<script type=\"application\/ld+json\" class=\"yoast-schema-graph\">{\"@context\":\"https:\\\/\\\/schema.org\",\"@graph\":[{\"@type\":\"Article\",\"@id\":\"https:\\\/\\\/rutesentrerefugis.com\\\/index.php\\\/es\\\/2022\\\/06\\\/21\\\/la-ruta-de-los-estanys-amagats\\\/#article\",\"isPartOf\":{\"@id\":\"https:\\\/\\\/rutesentrerefugis.com\\\/index.php\\\/es\\\/2022\\\/06\\\/21\\\/la-ruta-de-los-estanys-amagats\\\/\"},\"author\":{\"name\":\"David Mengual\",\"@id\":\"https:\\\/\\\/rutesentrerefugis.com\\\/#\\\/schema\\\/person\\\/91564598edebb15c76cf783dee9c37d6\"},\"headline\":\"LA RUTA DE LOS ESTANYS AMAGATS\",\"datePublished\":\"2022-06-21T18:12:00+00:00\",\"dateModified\":\"2024-04-25T10:58:50+00:00\",\"mainEntityOfPage\":{\"@id\":\"https:\\\/\\\/rutesentrerefugis.com\\\/index.php\\\/es\\\/2022\\\/06\\\/21\\\/la-ruta-de-los-estanys-amagats\\\/\"},\"wordCount\":4473,\"commentCount\":0,\"publisher\":{\"@id\":\"https:\\\/\\\/rutesentrerefugis.com\\\/#organization\"},\"image\":{\"@id\":\"https:\\\/\\\/rutesentrerefugis.com\\\/index.php\\\/es\\\/2022\\\/06\\\/21\\\/la-ruta-de-los-estanys-amagats\\\/#primaryimage\"},\"thumbnailUrl\":\"https:\\\/\\\/rutesentrerefugis.com\\\/wp-content\\\/uploads\\\/2023\\\/03\\\/Ruta-Estanys-Amagats-Inici-NW.jpg\",\"keywords\":[\"Andorra\",\"Cerdanya\",\"Cr\u00f3nicas\",\"Cr\u00f2niques\",\"David Mengual\",\"Engorgs\",\"La Ruta dels Estanys Amagats\",\"Perafita\",\"Pessons\",\"Puigpedr\u00f3s\",\"Tossa Plana de Lles\",\"Vall del Madriu\"],\"articleSection\":[\"Blog.\",\"David Mengual.\"],\"inLanguage\":\"es\",\"potentialAction\":[{\"@type\":\"CommentAction\",\"name\":\"Comment\",\"target\":[\"https:\\\/\\\/rutesentrerefugis.com\\\/index.php\\\/es\\\/2022\\\/06\\\/21\\\/la-ruta-de-los-estanys-amagats\\\/#respond\"]}]},{\"@type\":\"WebPage\",\"@id\":\"https:\\\/\\\/rutesentrerefugis.com\\\/index.php\\\/es\\\/2022\\\/06\\\/21\\\/la-ruta-de-los-estanys-amagats\\\/\",\"url\":\"https:\\\/\\\/rutesentrerefugis.com\\\/index.php\\\/es\\\/2022\\\/06\\\/21\\\/la-ruta-de-los-estanys-amagats\\\/\",\"name\":\"LA RUTA DE LOS ESTANYS AMAGATS - Rutes Entre Refugis\",\"isPartOf\":{\"@id\":\"https:\\\/\\\/rutesentrerefugis.com\\\/#website\"},\"primaryImageOfPage\":{\"@id\":\"https:\\\/\\\/rutesentrerefugis.com\\\/index.php\\\/es\\\/2022\\\/06\\\/21\\\/la-ruta-de-los-estanys-amagats\\\/#primaryimage\"},\"image\":{\"@id\":\"https:\\\/\\\/rutesentrerefugis.com\\\/index.php\\\/es\\\/2022\\\/06\\\/21\\\/la-ruta-de-los-estanys-amagats\\\/#primaryimage\"},\"thumbnailUrl\":\"https:\\\/\\\/rutesentrerefugis.com\\\/wp-content\\\/uploads\\\/2023\\\/03\\\/Ruta-Estanys-Amagats-Inici-NW.jpg\",\"datePublished\":\"2022-06-21T18:12:00+00:00\",\"dateModified\":\"2024-04-25T10:58:50+00:00\",\"breadcrumb\":{\"@id\":\"https:\\\/\\\/rutesentrerefugis.com\\\/index.php\\\/es\\\/2022\\\/06\\\/21\\\/la-ruta-de-los-estanys-amagats\\\/#breadcrumb\"},\"inLanguage\":\"es\",\"potentialAction\":[{\"@type\":\"ReadAction\",\"target\":[\"https:\\\/\\\/rutesentrerefugis.com\\\/index.php\\\/es\\\/2022\\\/06\\\/21\\\/la-ruta-de-los-estanys-amagats\\\/\"]}]},{\"@type\":\"ImageObject\",\"inLanguage\":\"es\",\"@id\":\"https:\\\/\\\/rutesentrerefugis.com\\\/index.php\\\/es\\\/2022\\\/06\\\/21\\\/la-ruta-de-los-estanys-amagats\\\/#primaryimage\",\"url\":\"https:\\\/\\\/rutesentrerefugis.com\\\/wp-content\\\/uploads\\\/2023\\\/03\\\/Ruta-Estanys-Amagats-Inici-NW.jpg\",\"contentUrl\":\"https:\\\/\\\/rutesentrerefugis.com\\\/wp-content\\\/uploads\\\/2023\\\/03\\\/Ruta-Estanys-Amagats-Inici-NW.jpg\",\"width\":1200,\"height\":800},{\"@type\":\"BreadcrumbList\",\"@id\":\"https:\\\/\\\/rutesentrerefugis.com\\\/index.php\\\/es\\\/2022\\\/06\\\/21\\\/la-ruta-de-los-estanys-amagats\\\/#breadcrumb\",\"itemListElement\":[{\"@type\":\"ListItem\",\"position\":1,\"name\":\"Inici\",\"item\":\"https:\\\/\\\/rutesentrerefugis.com\\\/\"},{\"@type\":\"ListItem\",\"position\":2,\"name\":\"LA RUTA DE LOS ESTANYS AMAGATS\"}]},{\"@type\":\"WebSite\",\"@id\":\"https:\\\/\\\/rutesentrerefugis.com\\\/#website\",\"url\":\"https:\\\/\\\/rutesentrerefugis.com\\\/\",\"name\":\"Rutes Entre Refugis\",\"description\":\"Caminant sota un nom\",\"publisher\":{\"@id\":\"https:\\\/\\\/rutesentrerefugis.com\\\/#organization\"},\"potentialAction\":[{\"@type\":\"SearchAction\",\"target\":{\"@type\":\"EntryPoint\",\"urlTemplate\":\"https:\\\/\\\/rutesentrerefugis.com\\\/?s={search_term_string}\"},\"query-input\":{\"@type\":\"PropertyValueSpecification\",\"valueRequired\":true,\"valueName\":\"search_term_string\"}}],\"inLanguage\":\"es\"},{\"@type\":\"Organization\",\"@id\":\"https:\\\/\\\/rutesentrerefugis.com\\\/#organization\",\"name\":\"Rutes Entre Refugis\",\"url\":\"https:\\\/\\\/rutesentrerefugis.com\\\/\",\"logo\":{\"@type\":\"ImageObject\",\"inLanguage\":\"es\",\"@id\":\"https:\\\/\\\/rutesentrerefugis.com\\\/#\\\/schema\\\/logo\\\/image\\\/\",\"url\":\"https:\\\/\\\/rutesentrerefugis.com\\\/wp-content\\\/uploads\\\/2022\\\/08\\\/RutesEntreRefugis-Blanc-Retina-1.png\",\"contentUrl\":\"https:\\\/\\\/rutesentrerefugis.com\\\/wp-content\\\/uploads\\\/2022\\\/08\\\/RutesEntreRefugis-Blanc-Retina-1.png\",\"width\":400,\"height\":400,\"caption\":\"Rutes Entre Refugis\"},\"image\":{\"@id\":\"https:\\\/\\\/rutesentrerefugis.com\\\/#\\\/schema\\\/logo\\\/image\\\/\"}},{\"@type\":\"Person\",\"@id\":\"https:\\\/\\\/rutesentrerefugis.com\\\/#\\\/schema\\\/person\\\/91564598edebb15c76cf783dee9c37d6\",\"name\":\"David Mengual\",\"image\":{\"@type\":\"ImageObject\",\"inLanguage\":\"es\",\"@id\":\"https:\\\/\\\/rutesentrerefugis.com\\\/wp-content\\\/uploads\\\/2023\\\/05\\\/avatar_user_29_1683353884-96x96.jpg\",\"url\":\"https:\\\/\\\/rutesentrerefugis.com\\\/wp-content\\\/uploads\\\/2023\\\/05\\\/avatar_user_29_1683353884-96x96.jpg\",\"contentUrl\":\"https:\\\/\\\/rutesentrerefugis.com\\\/wp-content\\\/uploads\\\/2023\\\/05\\\/avatar_user_29_1683353884-96x96.jpg\",\"caption\":\"David Mengual\"},\"url\":\"https:\\\/\\\/rutesentrerefugis.com\\\/index.php\\\/author\\\/david-mengual\\\/\"}]}<\/script>\n<!-- \/ Yoast SEO plugin. -->","yoast_head_json":{"title":"LA RUTA DE LOS ESTANYS AMAGATS - Rutes Entre Refugis","robots":{"index":"index","follow":"follow","max-snippet":"max-snippet:-1","max-image-preview":"max-image-preview:large","max-video-preview":"max-video-preview:-1"},"canonical":"https:\/\/rutesentrerefugis.com\/index.php\/es\/2022\/06\/21\/la-ruta-de-los-estanys-amagats\/","og_locale":"es_ES","og_type":"article","og_title":"LA RUTA DE LOS ESTANYS AMAGATS - Rutes Entre Refugis","og_description":"LA RUTA DE LOS ESTANYS AMAGATS ENTRE LA CERDANYA Y ANDORRA Cr\u00f3nica escrita por DAVID MENGUAL publicada en la revista MUNTANYA n\u00famero 934 La ruta","og_url":"https:\/\/rutesentrerefugis.com\/index.php\/es\/2022\/06\/21\/la-ruta-de-los-estanys-amagats\/","og_site_name":"Rutes Entre Refugis","article_published_time":"2022-06-21T18:12:00+00:00","article_modified_time":"2024-04-25T10:58:50+00:00","og_image":[{"width":1200,"height":800,"url":"https:\/\/rutesentrerefugis.com\/wp-content\/uploads\/2023\/03\/Ruta-Estanys-Amagats-Inici-NW.jpg","type":"image\/jpeg"}],"author":"David Mengual","twitter_card":"summary_large_image","twitter_misc":{"Escrito por":"David Mengual","Tiempo de lectura":"27 minutos"},"schema":{"@context":"https:\/\/schema.org","@graph":[{"@type":"Article","@id":"https:\/\/rutesentrerefugis.com\/index.php\/es\/2022\/06\/21\/la-ruta-de-los-estanys-amagats\/#article","isPartOf":{"@id":"https:\/\/rutesentrerefugis.com\/index.php\/es\/2022\/06\/21\/la-ruta-de-los-estanys-amagats\/"},"author":{"name":"David Mengual","@id":"https:\/\/rutesentrerefugis.com\/#\/schema\/person\/91564598edebb15c76cf783dee9c37d6"},"headline":"LA RUTA DE LOS ESTANYS AMAGATS","datePublished":"2022-06-21T18:12:00+00:00","dateModified":"2024-04-25T10:58:50+00:00","mainEntityOfPage":{"@id":"https:\/\/rutesentrerefugis.com\/index.php\/es\/2022\/06\/21\/la-ruta-de-los-estanys-amagats\/"},"wordCount":4473,"commentCount":0,"publisher":{"@id":"https:\/\/rutesentrerefugis.com\/#organization"},"image":{"@id":"https:\/\/rutesentrerefugis.com\/index.php\/es\/2022\/06\/21\/la-ruta-de-los-estanys-amagats\/#primaryimage"},"thumbnailUrl":"https:\/\/rutesentrerefugis.com\/wp-content\/uploads\/2023\/03\/Ruta-Estanys-Amagats-Inici-NW.jpg","keywords":["Andorra","Cerdanya","Cr\u00f3nicas","Cr\u00f2niques","David Mengual","Engorgs","La Ruta dels Estanys Amagats","Perafita","Pessons","Puigpedr\u00f3s","Tossa Plana de Lles","Vall del Madriu"],"articleSection":["Blog.","David Mengual."],"inLanguage":"es","potentialAction":[{"@type":"CommentAction","name":"Comment","target":["https:\/\/rutesentrerefugis.com\/index.php\/es\/2022\/06\/21\/la-ruta-de-los-estanys-amagats\/#respond"]}]},{"@type":"WebPage","@id":"https:\/\/rutesentrerefugis.com\/index.php\/es\/2022\/06\/21\/la-ruta-de-los-estanys-amagats\/","url":"https:\/\/rutesentrerefugis.com\/index.php\/es\/2022\/06\/21\/la-ruta-de-los-estanys-amagats\/","name":"LA RUTA DE LOS ESTANYS AMAGATS - Rutes Entre Refugis","isPartOf":{"@id":"https:\/\/rutesentrerefugis.com\/#website"},"primaryImageOfPage":{"@id":"https:\/\/rutesentrerefugis.com\/index.php\/es\/2022\/06\/21\/la-ruta-de-los-estanys-amagats\/#primaryimage"},"image":{"@id":"https:\/\/rutesentrerefugis.com\/index.php\/es\/2022\/06\/21\/la-ruta-de-los-estanys-amagats\/#primaryimage"},"thumbnailUrl":"https:\/\/rutesentrerefugis.com\/wp-content\/uploads\/2023\/03\/Ruta-Estanys-Amagats-Inici-NW.jpg","datePublished":"2022-06-21T18:12:00+00:00","dateModified":"2024-04-25T10:58:50+00:00","breadcrumb":{"@id":"https:\/\/rutesentrerefugis.com\/index.php\/es\/2022\/06\/21\/la-ruta-de-los-estanys-amagats\/#breadcrumb"},"inLanguage":"es","potentialAction":[{"@type":"ReadAction","target":["https:\/\/rutesentrerefugis.com\/index.php\/es\/2022\/06\/21\/la-ruta-de-los-estanys-amagats\/"]}]},{"@type":"ImageObject","inLanguage":"es","@id":"https:\/\/rutesentrerefugis.com\/index.php\/es\/2022\/06\/21\/la-ruta-de-los-estanys-amagats\/#primaryimage","url":"https:\/\/rutesentrerefugis.com\/wp-content\/uploads\/2023\/03\/Ruta-Estanys-Amagats-Inici-NW.jpg","contentUrl":"https:\/\/rutesentrerefugis.com\/wp-content\/uploads\/2023\/03\/Ruta-Estanys-Amagats-Inici-NW.jpg","width":1200,"height":800},{"@type":"BreadcrumbList","@id":"https:\/\/rutesentrerefugis.com\/index.php\/es\/2022\/06\/21\/la-ruta-de-los-estanys-amagats\/#breadcrumb","itemListElement":[{"@type":"ListItem","position":1,"name":"Inici","item":"https:\/\/rutesentrerefugis.com\/"},{"@type":"ListItem","position":2,"name":"LA RUTA DE LOS ESTANYS AMAGATS"}]},{"@type":"WebSite","@id":"https:\/\/rutesentrerefugis.com\/#website","url":"https:\/\/rutesentrerefugis.com\/","name":"Rutes Entre Refugis","description":"Caminant sota un nom","publisher":{"@id":"https:\/\/rutesentrerefugis.com\/#organization"},"potentialAction":[{"@type":"SearchAction","target":{"@type":"EntryPoint","urlTemplate":"https:\/\/rutesentrerefugis.com\/?s={search_term_string}"},"query-input":{"@type":"PropertyValueSpecification","valueRequired":true,"valueName":"search_term_string"}}],"inLanguage":"es"},{"@type":"Organization","@id":"https:\/\/rutesentrerefugis.com\/#organization","name":"Rutes Entre Refugis","url":"https:\/\/rutesentrerefugis.com\/","logo":{"@type":"ImageObject","inLanguage":"es","@id":"https:\/\/rutesentrerefugis.com\/#\/schema\/logo\/image\/","url":"https:\/\/rutesentrerefugis.com\/wp-content\/uploads\/2022\/08\/RutesEntreRefugis-Blanc-Retina-1.png","contentUrl":"https:\/\/rutesentrerefugis.com\/wp-content\/uploads\/2022\/08\/RutesEntreRefugis-Blanc-Retina-1.png","width":400,"height":400,"caption":"Rutes Entre Refugis"},"image":{"@id":"https:\/\/rutesentrerefugis.com\/#\/schema\/logo\/image\/"}},{"@type":"Person","@id":"https:\/\/rutesentrerefugis.com\/#\/schema\/person\/91564598edebb15c76cf783dee9c37d6","name":"David Mengual","image":{"@type":"ImageObject","inLanguage":"es","@id":"https:\/\/rutesentrerefugis.com\/wp-content\/uploads\/2023\/05\/avatar_user_29_1683353884-96x96.jpg","url":"https:\/\/rutesentrerefugis.com\/wp-content\/uploads\/2023\/05\/avatar_user_29_1683353884-96x96.jpg","contentUrl":"https:\/\/rutesentrerefugis.com\/wp-content\/uploads\/2023\/05\/avatar_user_29_1683353884-96x96.jpg","caption":"David Mengual"},"url":"https:\/\/rutesentrerefugis.com\/index.php\/author\/david-mengual\/"}]}},"_links":{"self":[{"href":"https:\/\/rutesentrerefugis.com\/index.php\/wp-json\/wp\/v2\/posts\/10141","targetHints":{"allow":["GET"]}}],"collection":[{"href":"https:\/\/rutesentrerefugis.com\/index.php\/wp-json\/wp\/v2\/posts"}],"about":[{"href":"https:\/\/rutesentrerefugis.com\/index.php\/wp-json\/wp\/v2\/types\/post"}],"author":[{"embeddable":true,"href":"https:\/\/rutesentrerefugis.com\/index.php\/wp-json\/wp\/v2\/users\/29"}],"replies":[{"embeddable":true,"href":"https:\/\/rutesentrerefugis.com\/index.php\/wp-json\/wp\/v2\/comments?post=10141"}],"version-history":[{"count":15,"href":"https:\/\/rutesentrerefugis.com\/index.php\/wp-json\/wp\/v2\/posts\/10141\/revisions"}],"predecessor-version":[{"id":20920,"href":"https:\/\/rutesentrerefugis.com\/index.php\/wp-json\/wp\/v2\/posts\/10141\/revisions\/20920"}],"wp:featuredmedia":[{"embeddable":true,"href":"https:\/\/rutesentrerefugis.com\/index.php\/wp-json\/wp\/v2\/media\/10063"}],"wp:attachment":[{"href":"https:\/\/rutesentrerefugis.com\/index.php\/wp-json\/wp\/v2\/media?parent=10141"}],"wp:term":[{"taxonomy":"category","embeddable":true,"href":"https:\/\/rutesentrerefugis.com\/index.php\/wp-json\/wp\/v2\/categories?post=10141"},{"taxonomy":"post_tag","embeddable":true,"href":"https:\/\/rutesentrerefugis.com\/index.php\/wp-json\/wp\/v2\/tags?post=10141"}],"curies":[{"name":"wp","href":"https:\/\/api.w.org\/{rel}","templated":true}]}}