{"id":10170,"date":"2019-06-25T11:24:00","date_gmt":"2019-06-25T11:24:00","guid":{"rendered":"https:\/\/nova.rutesentrerefugis.com\/?p=10170"},"modified":"2024-04-25T11:00:39","modified_gmt":"2024-04-25T11:00:39","slug":"pass-aran-articulo","status":"publish","type":"post","link":"https:\/\/rutesentrerefugis.com\/index.php\/es\/2019\/06\/25\/pass-aran-articulo\/","title":{"rendered":"PASS&#8217;ARAN"},"content":{"rendered":"\t\t<div data-elementor-type=\"wp-post\" data-elementor-id=\"10170\" class=\"elementor elementor-10170\" data-elementor-post-type=\"post\">\n\t\t\t\t\t\t<section class=\"elementor-section elementor-top-section elementor-element elementor-element-95df28b elementor-section-full_width elementor-section-height-default elementor-section-height-default\" data-id=\"95df28b\" data-element_type=\"section\" data-e-type=\"section\" data-settings=\"{&quot;background_background&quot;:&quot;classic&quot;}\">\n\t\t\t\t\t\t<div class=\"elementor-container elementor-column-gap-default\">\n\t\t\t\t\t<div class=\"elementor-column elementor-col-100 elementor-top-column elementor-element elementor-element-84065af\" data-id=\"84065af\" data-element_type=\"column\" data-e-type=\"column\">\n\t\t\t<div class=\"elementor-widget-wrap elementor-element-populated\">\n\t\t\t\t\t\t<div class=\"elementor-element elementor-element-c09c1a0 elementor-widget elementor-widget-image\" data-id=\"c09c1a0\" data-element_type=\"widget\" data-e-type=\"widget\" data-widget_type=\"image.default\">\n\t\t\t\t<div class=\"elementor-widget-container\">\n\t\t\t\t\t\t\t\t\t\t\t\t\t\t\t<img fetchpriority=\"high\" decoding=\"async\" width=\"2000\" height=\"450\" src=\"https:\/\/rutesentrerefugis.com\/wp-content\/uploads\/2023\/03\/Pass-Aran-Cap.jpg\" class=\"attachment-full size-full wp-image-10154\" alt=\"\" srcset=\"https:\/\/rutesentrerefugis.com\/wp-content\/uploads\/2023\/03\/Pass-Aran-Cap.jpg 2000w, https:\/\/rutesentrerefugis.com\/wp-content\/uploads\/2023\/03\/Pass-Aran-Cap-300x68.jpg 300w, https:\/\/rutesentrerefugis.com\/wp-content\/uploads\/2023\/03\/Pass-Aran-Cap-1024x230.jpg 1024w, https:\/\/rutesentrerefugis.com\/wp-content\/uploads\/2023\/03\/Pass-Aran-Cap-768x173.jpg 768w, https:\/\/rutesentrerefugis.com\/wp-content\/uploads\/2023\/03\/Pass-Aran-Cap-1536x346.jpg 1536w\" sizes=\"(max-width: 2000px) 100vw, 2000px\" \/>\t\t\t\t\t\t\t\t\t\t\t\t\t\t\t<\/div>\n\t\t\t\t<\/div>\n\t\t\t\t\t<\/div>\n\t\t<\/div>\n\t\t\t\t\t<\/div>\n\t\t<\/section>\n\t\t\t\t<section class=\"elementor-section elementor-top-section elementor-element elementor-element-c2db30a elementor-section-full_width elementor-section-height-default elementor-section-height-default\" data-id=\"c2db30a\" data-element_type=\"section\" data-e-type=\"section\" data-settings=\"{&quot;background_background&quot;:&quot;classic&quot;}\">\n\t\t\t\t\t\t<div class=\"elementor-container elementor-column-gap-default\">\n\t\t\t\t\t<div class=\"elementor-column elementor-col-100 elementor-top-column elementor-element elementor-element-7702d15\" data-id=\"7702d15\" data-element_type=\"column\" data-e-type=\"column\">\n\t\t\t<div class=\"elementor-widget-wrap elementor-element-populated\">\n\t\t\t\t\t\t<div class=\"elementor-element elementor-element-d6bdcec elementor-widget elementor-widget-heading\" data-id=\"d6bdcec\" data-element_type=\"widget\" data-e-type=\"widget\" data-widget_type=\"heading.default\">\n\t\t\t\t<div class=\"elementor-widget-container\">\n\t\t\t\t\t<h2 class=\"elementor-heading-title elementor-size-default\">PASS'ARAN<\/h2>\t\t\t\t<\/div>\n\t\t\t\t<\/div>\n\t\t\t\t\t<\/div>\n\t\t<\/div>\n\t\t\t\t\t<\/div>\n\t\t<\/section>\n\t\t\t\t<section class=\"elementor-section elementor-top-section elementor-element elementor-element-d4773d0 elementor-section-full_width elementor-section-height-default elementor-section-height-default\" data-id=\"d4773d0\" data-element_type=\"section\" data-e-type=\"section\" data-settings=\"{&quot;background_background&quot;:&quot;classic&quot;}\">\n\t\t\t\t\t\t<div class=\"elementor-container elementor-column-gap-default\">\n\t\t\t\t\t<div class=\"elementor-column elementor-col-100 elementor-top-column elementor-element elementor-element-a8be536\" data-id=\"a8be536\" data-element_type=\"column\" data-e-type=\"column\">\n\t\t\t<div class=\"elementor-widget-wrap elementor-element-populated\">\n\t\t\t\t\t\t<div class=\"elementor-element elementor-element-7b5d92c elementor-widget-divider--view-line elementor-widget elementor-widget-divider\" data-id=\"7b5d92c\" data-element_type=\"widget\" data-e-type=\"widget\" data-widget_type=\"divider.default\">\n\t\t\t\t<div class=\"elementor-widget-container\">\n\t\t\t\t\t\t\t<div class=\"elementor-divider\">\n\t\t\t<span class=\"elementor-divider-separator\">\n\t\t\t\t\t\t<\/span>\n\t\t<\/div>\n\t\t\t\t\t\t<\/div>\n\t\t\t\t<\/div>\n\t\t\t\t\t<\/div>\n\t\t<\/div>\n\t\t\t\t\t<\/div>\n\t\t<\/section>\n\t\t\t\t<section class=\"elementor-section elementor-top-section elementor-element elementor-element-88c38ed elementor-section-full_width elementor-section-height-default elementor-section-height-default\" data-id=\"88c38ed\" data-element_type=\"section\" data-e-type=\"section\">\n\t\t\t\t\t\t<div class=\"elementor-container elementor-column-gap-default\">\n\t\t\t\t\t<div class=\"elementor-column elementor-col-100 elementor-top-column elementor-element elementor-element-27365fc\" data-id=\"27365fc\" data-element_type=\"column\" data-e-type=\"column\">\n\t\t\t<div class=\"elementor-widget-wrap elementor-element-populated\">\n\t\t\t\t\t\t<div class=\"elementor-element elementor-element-a8716c3 elementor-widget elementor-widget-spacer\" data-id=\"a8716c3\" data-element_type=\"widget\" data-e-type=\"widget\" data-widget_type=\"spacer.default\">\n\t\t\t\t<div class=\"elementor-widget-container\">\n\t\t\t\t\t\t\t<div class=\"elementor-spacer\">\n\t\t\t<div class=\"elementor-spacer-inner\"><\/div>\n\t\t<\/div>\n\t\t\t\t\t\t<\/div>\n\t\t\t\t<\/div>\n\t\t\t\t\t<\/div>\n\t\t<\/div>\n\t\t\t\t\t<\/div>\n\t\t<\/section>\n\t\t\t\t<section class=\"elementor-section elementor-top-section elementor-element elementor-element-84dd0e4 elementor-section-full_width elementor-section-height-default elementor-section-height-default\" data-id=\"84dd0e4\" data-element_type=\"section\" data-e-type=\"section\">\n\t\t\t\t\t\t<div class=\"elementor-container elementor-column-gap-default\">\n\t\t\t\t\t<div class=\"elementor-column elementor-col-100 elementor-top-column elementor-element elementor-element-884b924\" data-id=\"884b924\" data-element_type=\"column\" data-e-type=\"column\">\n\t\t\t<div class=\"elementor-widget-wrap elementor-element-populated\">\n\t\t\t\t\t\t<div class=\"elementor-element elementor-element-09cba43 elementor-widget elementor-widget-heading\" data-id=\"09cba43\" data-element_type=\"widget\" data-e-type=\"widget\" data-widget_type=\"heading.default\">\n\t\t\t\t<div class=\"elementor-widget-container\">\n\t\t\t\t\t<h2 class=\"elementor-heading-title elementor-size-default\">LA TRAVES\u00cdA TRANSFRONTERERA DE ALTA MONTA\u00d1A<\/h2>\t\t\t\t<\/div>\n\t\t\t\t<\/div>\n\t\t\t\t\t<\/div>\n\t\t<\/div>\n\t\t\t\t\t<\/div>\n\t\t<\/section>\n\t\t\t\t<section class=\"elementor-section elementor-top-section elementor-element elementor-element-d03fa05 elementor-section-full_width elementor-section-height-default elementor-section-height-default\" data-id=\"d03fa05\" data-element_type=\"section\" data-e-type=\"section\">\n\t\t\t\t\t\t<div class=\"elementor-container elementor-column-gap-default\">\n\t\t\t\t\t<div class=\"elementor-column elementor-col-100 elementor-top-column elementor-element elementor-element-c4e6e7c\" data-id=\"c4e6e7c\" data-element_type=\"column\" data-e-type=\"column\">\n\t\t\t<div class=\"elementor-widget-wrap elementor-element-populated\">\n\t\t\t\t\t\t<div class=\"elementor-element elementor-element-c9b0e54 elementor-widget elementor-widget-text-editor\" data-id=\"c9b0e54\" data-element_type=\"widget\" data-e-type=\"widget\" data-widget_type=\"text-editor.default\">\n\t\t\t\t<div class=\"elementor-widget-container\">\n\t\t\t\t\t\t\t\t\t<p>Cr\u00f3nica escrita por DAVID MENGUAL publicada en la revista MUNTANYA n\u00famero 904<\/p>\t\t\t\t\t\t\t\t<\/div>\n\t\t\t\t<\/div>\n\t\t\t\t\t<\/div>\n\t\t<\/div>\n\t\t\t\t\t<\/div>\n\t\t<\/section>\n\t\t\t\t<section class=\"elementor-section elementor-top-section elementor-element elementor-element-df088b6 elementor-section-full_width elementor-section-height-default elementor-section-height-default\" data-id=\"df088b6\" data-element_type=\"section\" data-e-type=\"section\">\n\t\t\t\t\t\t<div class=\"elementor-container elementor-column-gap-default\">\n\t\t\t\t\t<div class=\"elementor-column elementor-col-100 elementor-top-column elementor-element elementor-element-298e764\" data-id=\"298e764\" data-element_type=\"column\" data-e-type=\"column\">\n\t\t\t<div class=\"elementor-widget-wrap elementor-element-populated\">\n\t\t\t\t\t\t<div class=\"elementor-element elementor-element-8e13bf9 elementor-widget elementor-widget-text-editor\" data-id=\"8e13bf9\" data-element_type=\"widget\" data-e-type=\"widget\" data-widget_type=\"text-editor.default\">\n\t\t\t\t<div class=\"elementor-widget-container\">\n\t\t\t\t\t\t\t\t\t<h5><span style=\"color: #b40404;\">Las monta\u00f1as del norte del Valle de Aran, que a su vez son las del sur de los valles de Biros y Castillonnais, constituyen un macizo \u00fanico, salvaje e ignorado al que hay que acercarse. La traves\u00eda Pass&#8217;Aran es una buena forma de descubrir este para\u00edso olvidado entre Ar\u00e1n m\u00e1s agreste y el Coserans m\u00e1s inexplorado. Un recorrido en el sentido inverso a las agujas del reloj nos permitir\u00e1 conocer la zona.<\/h5>\t\t\t\t\t\t\t\t<\/div>\n\t\t\t\t<\/div>\n\t\t\t\t\t<\/div>\n\t\t<\/div>\n\t\t\t\t\t<\/div>\n\t\t<\/section>\n\t\t\t\t<section class=\"elementor-section elementor-top-section elementor-element elementor-element-df814d9 elementor-section-full_width elementor-section-height-default elementor-section-height-default\" data-id=\"df814d9\" data-element_type=\"section\" data-e-type=\"section\">\n\t\t\t\t\t\t<div class=\"elementor-container elementor-column-gap-default\">\n\t\t\t\t\t<div class=\"elementor-column elementor-col-100 elementor-top-column elementor-element elementor-element-3019391\" data-id=\"3019391\" data-element_type=\"column\" data-e-type=\"column\">\n\t\t\t<div class=\"elementor-widget-wrap elementor-element-populated\">\n\t\t\t\t\t\t<div class=\"elementor-element elementor-element-d5e2b84 elementor-widget elementor-widget-image\" data-id=\"d5e2b84\" data-element_type=\"widget\" data-e-type=\"widget\" data-widget_type=\"image.default\">\n\t\t\t\t<div class=\"elementor-widget-container\">\n\t\t\t\t\t\t\t\t\t\t\t\t<figure class=\"wp-caption\">\n\t\t\t\t\t\t\t\t\t\t<img decoding=\"async\" width=\"2000\" height=\"1415\" src=\"https:\/\/rutesentrerefugis.com\/wp-content\/uploads\/2023\/03\/Pass-Aran-01-NW.jpg\" class=\"attachment-full size-full wp-image-10155\" alt=\"\" srcset=\"https:\/\/rutesentrerefugis.com\/wp-content\/uploads\/2023\/03\/Pass-Aran-01-NW.jpg 2000w, https:\/\/rutesentrerefugis.com\/wp-content\/uploads\/2023\/03\/Pass-Aran-01-NW-300x212.jpg 300w, https:\/\/rutesentrerefugis.com\/wp-content\/uploads\/2023\/03\/Pass-Aran-01-NW-1024x724.jpg 1024w, https:\/\/rutesentrerefugis.com\/wp-content\/uploads\/2023\/03\/Pass-Aran-01-NW-768x543.jpg 768w, https:\/\/rutesentrerefugis.com\/wp-content\/uploads\/2023\/03\/Pass-Aran-01-NW-1536x1087.jpg 1536w\" sizes=\"(max-width: 2000px) 100vw, 2000px\" \/>\t\t\t\t\t\t\t\t\t\t\t<figcaption class=\"widget-image-caption wp-caption-text\">Llegada al Santuario de Montgarri, en el municipi de Salard\u00fa, situado en el valle de Montgarri, donde el refugio ha vuelto la vida al despoblado<\/figcaption>\n\t\t\t\t\t\t\t\t\t\t<\/figure>\n\t\t\t\t\t\t\t\t\t<\/div>\n\t\t\t\t<\/div>\n\t\t\t\t\t<\/div>\n\t\t<\/div>\n\t\t\t\t\t<\/div>\n\t\t<\/section>\n\t\t\t\t<section class=\"elementor-section elementor-top-section elementor-element elementor-element-8ddcc13 elementor-section-full_width elementor-section-height-default elementor-section-height-default\" data-id=\"8ddcc13\" data-element_type=\"section\" data-e-type=\"section\">\n\t\t\t\t\t\t<div class=\"elementor-container elementor-column-gap-default\">\n\t\t\t\t\t<div class=\"elementor-column elementor-col-100 elementor-top-column elementor-element elementor-element-9138a68\" data-id=\"9138a68\" data-element_type=\"column\" data-e-type=\"column\">\n\t\t\t<div class=\"elementor-widget-wrap elementor-element-populated\">\n\t\t\t\t\t\t<div class=\"elementor-element elementor-element-baa7edc elementor-widget elementor-widget-text-editor\" data-id=\"baa7edc\" data-element_type=\"widget\" data-e-type=\"widget\" data-widget_type=\"text-editor.default\">\n\t\t\t\t<div class=\"elementor-widget-container\">\n\t\t\t\t\t\t\t\t\t<h5><span style=\"color: #2145cb;\"><u>PRIMERA JORNADA<\/u><\/span><\/h5>\n<h6><b>Itinerario:<\/b> refugio de Montgarri (1.657 m) &#8211; p\u00f2rt de Gireta (2.503 m) &#8211; p\u00f2rt de Barlongu\u00e8ra (2.401 m) &#8211; estanh Long (2.130 m) &#8211; estanh Redon (1.936 m) &#8211; refugio des Estagnous (2.245 m)<\/br>\n<b>Desnivel Subida:<\/b> 1.155 metros<\/br>\n<b>Desnivel Bajada:<\/b> 567 metros<\/br>\n<b>Distancia:<\/b> 10,9 km<\/br>\n<b>Tiempo:<\/b> 6:30 horas<\/br>\n<b>Opcional:<\/b> ascensi\u00f3n al tuc de Barlongu\u00e8ra desde el port de Gireta (300 m de subida)<\/h6>\n<h5>Iniciamos la traves\u00eda a Montgarri. Este hecho ya es entra\u00f1able. Este pueblo, abandonado desde hace a\u00f1os, ya hace tiempo que dispone de un acogedor refugio regentado por unos guardas que se esfuerzan por dar a conocer la zona y que ofrecen una hospitalidad y unos comidas araneses dignas de menci\u00f3n.<\/br>\n<\/br>\nSalimos del refugio siguiendo el sendero GR que remonta el valle de Montagarri hacia el NE. Cruzamos el barranco deth Milh y seguimos remontando, ya por el bosque hasta que divisamos el valle que subiremos en su totalidad hasta el puerto de Giret. Desde este punto en la cota 1.980 bajaremos unos 60 m hasta el fondo del valle para comenzar la remontada en direcci\u00f3n NE a base de largas zigzags, buscando se\u00f1ales y metas, pues en alguno de los puntos el camino se desdibuja sobre los prados de hierba. Desde el puerto de Giret podemos ascender al cerro de Barlongu\u00e8ra, situado 300 metros m\u00e1s arriba, y m\u00e1s accesible que por la directa desde Montgarri, subiendo por el barranco deth Milh. Situados en el puerto de Giret, donde hay un cartel indicador, toca bajar hacia la izquierda (E) un centenar de metros hasta el puerto de Barlongu\u00e8ra.<\/br>\n<\/br>\nHay que tener cuidado en este tramo caro las se\u00f1ales se pierden y el camino se desdibuja. Una vez en el puerto, el sendero baja r\u00e1pidamente por el fondo del valle sin ning\u00fan problema hasta la laguna Long. Flanqueamos el lago por la orilla izquierda de manera que el agua nos queda a la derecha. El camino no tiene p\u00e9rdida, pero conviene no salir, porque en determinados momentos queda muy colgado sobre las aguas; alguna cadena y alg\u00fan pasamano nos ayudar\u00e1n en la progresi\u00f3n a llegar a la salida de aguas. Desde all\u00ed, el descenso hasta la laguna Redon se tortuoso y entretenido. Unas cuantas cadenas nos ayudan a desgrimpar sin problemas, pero sin dejarnos distraer. Una vez en el lago encontramos el poste indicador del sendero del refugio. Los m\u00e1s de 250 m de subida amontonan tras una etapa larga, y m\u00e1s por el hecho de que no vemos el refugio hasta que pr\u00e1cticamente ya estamos.<\/br>\n<\/br>\nUna buena instalaci\u00f3n con una buena vista sobre el valle. Acogedor y de buenas comidas. Cantidad y calidad.<\/h5>\t\t\t\t\t\t\t\t<\/div>\n\t\t\t\t<\/div>\n\t\t\t\t\t<\/div>\n\t\t<\/div>\n\t\t\t\t\t<\/div>\n\t\t<\/section>\n\t\t\t\t<section class=\"elementor-section elementor-top-section elementor-element elementor-element-45d2f0a elementor-section-full_width elementor-section-height-default elementor-section-height-default\" data-id=\"45d2f0a\" data-element_type=\"section\" data-e-type=\"section\">\n\t\t\t\t\t\t<div class=\"elementor-container elementor-column-gap-default\">\n\t\t\t\t\t<div class=\"elementor-column elementor-col-100 elementor-top-column elementor-element elementor-element-96fc5fd\" data-id=\"96fc5fd\" data-element_type=\"column\" data-e-type=\"column\">\n\t\t\t<div class=\"elementor-widget-wrap elementor-element-populated\">\n\t\t\t\t\t\t<div class=\"elementor-element elementor-element-52bdf63 elementor-widget elementor-widget-image\" data-id=\"52bdf63\" data-element_type=\"widget\" data-e-type=\"widget\" data-widget_type=\"image.default\">\n\t\t\t\t<div class=\"elementor-widget-container\">\n\t\t\t\t\t\t\t\t\t\t\t\t<figure class=\"wp-caption\">\n\t\t\t\t\t\t\t\t\t\t<img decoding=\"async\" width=\"2000\" height=\"1435\" src=\"https:\/\/rutesentrerefugis.com\/wp-content\/uploads\/2023\/03\/Pass-Aran-03-NW.jpg\" class=\"attachment-full size-full wp-image-10157\" alt=\"\" srcset=\"https:\/\/rutesentrerefugis.com\/wp-content\/uploads\/2023\/03\/Pass-Aran-03-NW.jpg 2000w, https:\/\/rutesentrerefugis.com\/wp-content\/uploads\/2023\/03\/Pass-Aran-03-NW-300x215.jpg 300w, https:\/\/rutesentrerefugis.com\/wp-content\/uploads\/2023\/03\/Pass-Aran-03-NW-1024x735.jpg 1024w, https:\/\/rutesentrerefugis.com\/wp-content\/uploads\/2023\/03\/Pass-Aran-03-NW-768x551.jpg 768w, https:\/\/rutesentrerefugis.com\/wp-content\/uploads\/2023\/03\/Pass-Aran-03-NW-1536x1102.jpg 1536w\" sizes=\"(max-width: 2000px) 100vw, 2000px\" \/>\t\t\t\t\t\t\t\t\t\t\t<figcaption class=\"widget-image-caption wp-caption-text\">Una vez estamos en el p\u00f2rt de la Gireta, el sendero baja r\u00e1pidamente al fondo del valle<\/figcaption>\n\t\t\t\t\t\t\t\t\t\t<\/figure>\n\t\t\t\t\t\t\t\t\t<\/div>\n\t\t\t\t<\/div>\n\t\t\t\t\t<\/div>\n\t\t<\/div>\n\t\t\t\t\t<\/div>\n\t\t<\/section>\n\t\t\t\t<section class=\"elementor-section elementor-top-section elementor-element elementor-element-c2e923c elementor-section-full_width elementor-section-height-default elementor-section-height-default\" data-id=\"c2e923c\" data-element_type=\"section\" data-e-type=\"section\">\n\t\t\t\t\t\t<div class=\"elementor-container elementor-column-gap-default\">\n\t\t\t\t\t<div class=\"elementor-column elementor-col-100 elementor-top-column elementor-element elementor-element-4e5ecd4\" data-id=\"4e5ecd4\" data-element_type=\"column\" data-e-type=\"column\">\n\t\t\t<div class=\"elementor-widget-wrap elementor-element-populated\">\n\t\t\t\t\t\t<div class=\"elementor-element elementor-element-a9b3c5e elementor-widget elementor-widget-text-editor\" data-id=\"a9b3c5e\" data-element_type=\"widget\" data-e-type=\"widget\" data-widget_type=\"text-editor.default\">\n\t\t\t\t<div class=\"elementor-widget-container\">\n\t\t\t\t\t\t\t\t\t<h5><span style=\"color: #2145cb;\"><u>SEGUNDA JORNADA<\/u><\/span><\/h5>\n<h6><b>Itinerario:<\/b> refugio des Estagnous (2.245 m) &#8211; refugio des Caucis &#8211; cabana de N\u00e9rech &#8211; G\u00eete d&#8217;\u00c9tape Maison du Valier (933 m)<\/br>\n<b>Desnivel Subida:<\/b> 262 metros<\/br>\n<b>Desnivel Bajada:<\/b> 1.522 metros<\/br>\n<b>Distancia:<\/b> 10,3 km<\/br>\n<b>Tiempo:<\/b> 4:00 horas<\/br>\n<b>Opcional:<\/b> ascensi\u00f3n al mont Valier (593 m de subida)<\/h6>\n<h5>Si dispon\u00e9is de un d\u00eda, desde este refugio pod\u00e9is aprovechar para hacer la ascensi\u00f3n al Mont Valier, que constituye una de las atalayas m\u00e1s importantes de la zona y que queda muy alejado de todas partes.<\/br>\n<\/br>\nNosotros para bajar hasta el G\u00eete de \u00c9tape Maison du Valier tenemos dos opciones: remontar por el cuello de P\u00e9couch hasta el lago de Milouga y bajar por el valle donde est\u00e1 la caba\u00f1a de Aouen o bajar directamente por el valle, por el camino normal de acceso al refugio. El d\u00eda est\u00e1 nublado y no se ve nada, por lo que decidimos bajar directamente y recuperarnos de la etapa anterior, que hicimos lloviendo sin parar. El camino perfectamente se\u00f1alizado baja por unas lastras hasta el refugio desde Cauca, y desde all\u00ed, se adentra en el bosque para bajar un gran escal\u00f3n hasta el fondo del valle. Pasamos por la cascada de N\u00e9rech y sin m\u00e1s problemas el camino nos lleva hasta el G\u00eete de \u00c9tape. Una nueva instalaci\u00f3n regentada por los veteranos y antiguos guardas de Estagnous. Un lugar pensado para monta\u00f1eros y para no monta\u00f1eros, no exento de peque\u00f1os lujos y de una elaborada cocina del pa\u00eds.<\/h5>\t\t\t\t\t\t\t\t<\/div>\n\t\t\t\t<\/div>\n\t\t\t\t\t<\/div>\n\t\t<\/div>\n\t\t\t\t\t<\/div>\n\t\t<\/section>\n\t\t\t\t<section class=\"elementor-section elementor-top-section elementor-element elementor-element-cd71b4f elementor-section-full_width elementor-section-height-default elementor-section-height-default\" data-id=\"cd71b4f\" data-element_type=\"section\" data-e-type=\"section\">\n\t\t\t\t\t\t<div class=\"elementor-container elementor-column-gap-default\">\n\t\t\t\t\t<div class=\"elementor-column elementor-col-100 elementor-top-column elementor-element elementor-element-2a56497\" data-id=\"2a56497\" data-element_type=\"column\" data-e-type=\"column\">\n\t\t\t<div class=\"elementor-widget-wrap elementor-element-populated\">\n\t\t\t\t\t\t<div class=\"elementor-element elementor-element-8cbbde6 elementor-widget elementor-widget-image\" data-id=\"8cbbde6\" data-element_type=\"widget\" data-e-type=\"widget\" data-widget_type=\"image.default\">\n\t\t\t\t<div class=\"elementor-widget-container\">\n\t\t\t\t\t\t\t\t\t\t\t\t<figure class=\"wp-caption\">\n\t\t\t\t\t\t\t\t\t\t<img loading=\"lazy\" decoding=\"async\" width=\"2000\" height=\"1418\" src=\"https:\/\/rutesentrerefugis.com\/wp-content\/uploads\/2023\/03\/Pass-Aran-02-NW.jpg\" class=\"attachment-full size-full wp-image-10158\" alt=\"\" srcset=\"https:\/\/rutesentrerefugis.com\/wp-content\/uploads\/2023\/03\/Pass-Aran-02-NW.jpg 2000w, https:\/\/rutesentrerefugis.com\/wp-content\/uploads\/2023\/03\/Pass-Aran-02-NW-300x213.jpg 300w, https:\/\/rutesentrerefugis.com\/wp-content\/uploads\/2023\/03\/Pass-Aran-02-NW-1024x726.jpg 1024w, https:\/\/rutesentrerefugis.com\/wp-content\/uploads\/2023\/03\/Pass-Aran-02-NW-768x545.jpg 768w, https:\/\/rutesentrerefugis.com\/wp-content\/uploads\/2023\/03\/Pass-Aran-02-NW-1536x1089.jpg 1536w\" sizes=\"(max-width: 2000px) 100vw, 2000px\" \/>\t\t\t\t\t\t\t\t\t\t\t<figcaption class=\"widget-image-caption wp-caption-text\">Los bosques de los Valles de Biros y Castillonnais est\u00e1n habitados por osos... que conviven con hadas y duendes<\/figcaption>\n\t\t\t\t\t\t\t\t\t\t<\/figure>\n\t\t\t\t\t\t\t\t\t<\/div>\n\t\t\t\t<\/div>\n\t\t\t\t\t<\/div>\n\t\t<\/div>\n\t\t\t\t\t<\/div>\n\t\t<\/section>\n\t\t\t\t<section class=\"elementor-section elementor-top-section elementor-element elementor-element-47e944e elementor-section-full_width elementor-section-height-default elementor-section-height-default\" data-id=\"47e944e\" data-element_type=\"section\" data-e-type=\"section\">\n\t\t\t\t\t\t<div class=\"elementor-container elementor-column-gap-default\">\n\t\t\t\t\t<div class=\"elementor-column elementor-col-100 elementor-top-column elementor-element elementor-element-7c673d6\" data-id=\"7c673d6\" data-element_type=\"column\" data-e-type=\"column\">\n\t\t\t<div class=\"elementor-widget-wrap elementor-element-populated\">\n\t\t\t\t\t\t<div class=\"elementor-element elementor-element-e95c4da elementor-widget elementor-widget-text-editor\" data-id=\"e95c4da\" data-element_type=\"widget\" data-e-type=\"widget\" data-widget_type=\"text-editor.default\">\n\t\t\t\t<div class=\"elementor-widget-container\">\n\t\t\t\t\t\t\t\t\t<h5><span style=\"color: #2145cb;\"><u>TERCERA JORNADA<\/u><\/span><\/h5>\n<h6><b>Itinerario:<\/b> G\u00eete d&#8217;\u00c9tape Maison du Valier (933 m) &#8211; cabana de l&#8217;Artiga &#8211; cabana du Trapet du Milieu (1.560 m) &#8211; collado y cabana du Clot du Lac (1.821 m) &#8211; bosque de Basset &#8211; riu (1.080 m) &#8211; cabana d&#8217;Areth &#8211; port d&#8217;Areth (1.802 m) &#8211; G\u00eete d&#8217;\u00c9tape d&#8217;Eilia (1.000 m)<\/br>\n<b>Desnivel Subida:<\/b> 1.610 metros<\/br>\n<b>Desnivel Bajada:<\/b> 1.543 metros<\/br>\n<b>Distancia:<\/b> 16,7 km<\/br>\n<b>Tiempo:<\/b> 9:25 horas<\/h6>\n<h5>Nos encontramos con la que posiblemente sea la etapa reina de la traves\u00eda. No tanto por la distancia o por el desnivel total que supera, sino por el hecho de que el perfil del desnivel del d\u00eda tiene la forma de casi una eme perfecta. Remontaremos 750 m, los bajaremos, y remontaremos 800 m m\u00e1s para volver a bajar, y psicol\u00f3gicamente, la segunda subida es agotadora.<\/br>\n<\/br>\nSin embargo, el hecho de cruzar dos valles tan profundas, nos confirmar\u00e1 la percepci\u00f3n que ten\u00edamos que los valles del Coserans son largas, profundas, abruptos y, sin embargo, bastante inaccesibles. La alta monta\u00f1a pirenaica en estado puro y duro, h\u00e1bitat del oso y de una variada fauna aut\u00f3ctona.<\/br>\n<\/br>\nEl caso es que nuestra ruta est\u00e1 perfectamente se\u00f1alizada. Es una etapa del GR 10 que atraviesa el Pirineo de mar a mar por la vertiente norte. El camino est\u00e1 totalmente trillado, por lo que hay que armarse de paciencia y disfrutar de la espectacularidad y de la soledad del paisaje.<\/br>\n<\/br>\nSalimos del G\u00eete de \u00c9tape por la carretera hasta que muy pronto a mano izquierda encontramos el sendero que sube a la caba\u00f1a de la Artiga, donde hay un buen abrevadero. Poco antes de llegar dejamos el bosque de hayas y robles para adentrarnos en el terreno de los pastos, lo que a su vez nos permite ver el desnivel que a\u00fan nos queda por superar. La compa\u00f1\u00eda de unos pastores, que est\u00e1n reconstruyendo las caba\u00f1a du Trapet de Milieu, m\u00e1s cerca del cuello, nos entretiene, mientras poco a poco y paso a paso vamos superando el desnivel que no cede ni un momento.<\/br>\n<\/br>\nSituados en el cuello del Clot du Lac, donde hay una caba\u00f1a en buen estado, disfrutamos del tama\u00f1o del Coserans en toda su dimensi\u00f3n. Las grandes monta\u00f1as del Aran en el sur, la profundidad de los valles a nuestros pies, el abrupto valle por la que bajamos de Estagnous y, evidentemente, el valle que tendremos que bajar y el puerto de Aretha al oeste, que se encuentra de tal modo a nuestra altura y que desde aqu\u00ed a\u00fan parece lejano. El descenso hasta el r\u00edo no presenta m\u00e1s problemas que el propio de un descenso de 800 m en el \u00faltimo tramo relleno de rododendros amarillos y morados. El r\u00edo nos permite un ba\u00f1o, comer algo y recuperar fuerzas antes de iniciar el seg\u00fan ascenso. Sin duda, este ser\u00eda un buen punto para construir un G\u00eete de \u00c9tape o un refugio que aliviar\u00eda mucho el esfuerzo de esta etapa. Remontamos el sendero, salimos del bosque por una fuerte pendiente cubierto de helechos y, siguiendo un zigzag, llegamos hasta cerca de la caba\u00f1a de Aretha, a la que se accede tambi\u00e9n por una pista apta para 4&#215;4 que viene del fondo del valle. Superamos la caba\u00f1a y seguimos remontando hasta el cuello de Aretha, bajo la mole del Malh de bolardos. Una vez en la cresta, el camino la recorre fuerza rato arriba y abajo hasta que finalmente logramos el cuello. Durante el descenso tomaremos conciencia de que estamos adentr\u00e1ndonos en una antigua zona minera de primer orden. Restos de cables entre el hayedo, restos de torres met\u00e1licas de viejos telef\u00e9ricos abandonados, bocas de mina escondidas, materiales abandonados partes, hacen pensar en el esplendor econ\u00f3mico de estas tierras a\u00f1os atr\u00e1s, cuando las compa\u00f1\u00edas mineras explotaban los recursos en estas altas monta\u00f1as, entonces a\u00fan m\u00e1s alejadas del mundo conocido.<\/br>\n<\/br>\nUna vegetaci\u00f3n exuberante de robles, hayas y helechos que han engullido las instalaciones del pasado nos acompa\u00f1an hasta a Eilis. Eilis, final de carretera, final de valle, y reflejo del final de una \u00e9poca remota, es una vieja villa minera abandonada en la que actualmente s\u00f3lo viven dos familias, una de las cuales regenta el G\u00eete de \u00c9tape desde hace unos cuantos a\u00f1os. La frialdad del pueblo medio abandonado, contrasta con la belleza espectacular del lugar, salvaje y abrupto como \u00e9l mismo. La calidez del G\u00eete, el trato entra\u00f1able y una comida exquisita y deliciosa redondean el final de la etapa quiz\u00e1s m\u00e1s dura que haremos por las monta\u00f1as del Coserans.<\/h5>\t\t\t\t\t\t\t\t<\/div>\n\t\t\t\t<\/div>\n\t\t\t\t\t<\/div>\n\t\t<\/div>\n\t\t\t\t\t<\/div>\n\t\t<\/section>\n\t\t\t\t<section class=\"elementor-section elementor-top-section elementor-element elementor-element-d44eb28 elementor-section-full_width elementor-section-height-default elementor-section-height-default\" data-id=\"d44eb28\" data-element_type=\"section\" data-e-type=\"section\">\n\t\t\t\t\t\t<div class=\"elementor-container elementor-column-gap-default\">\n\t\t\t\t\t<div class=\"elementor-column elementor-col-100 elementor-top-column elementor-element elementor-element-2aac9ec\" data-id=\"2aac9ec\" data-element_type=\"column\" data-e-type=\"column\">\n\t\t\t<div class=\"elementor-widget-wrap elementor-element-populated\">\n\t\t\t\t\t\t<div class=\"elementor-element elementor-element-06005aa elementor-widget elementor-widget-image\" data-id=\"06005aa\" data-element_type=\"widget\" data-e-type=\"widget\" data-widget_type=\"image.default\">\n\t\t\t\t<div class=\"elementor-widget-container\">\n\t\t\t\t\t\t\t\t\t\t\t\t<figure class=\"wp-caption\">\n\t\t\t\t\t\t\t\t\t\t<img loading=\"lazy\" decoding=\"async\" width=\"2000\" height=\"1337\" src=\"https:\/\/rutesentrerefugis.com\/wp-content\/uploads\/2023\/03\/Pass-Aran-04-NW.jpg\" class=\"attachment-full size-full wp-image-10159\" alt=\"\" srcset=\"https:\/\/rutesentrerefugis.com\/wp-content\/uploads\/2023\/03\/Pass-Aran-04-NW.jpg 2000w, https:\/\/rutesentrerefugis.com\/wp-content\/uploads\/2023\/03\/Pass-Aran-04-NW-300x201.jpg 300w, https:\/\/rutesentrerefugis.com\/wp-content\/uploads\/2023\/03\/Pass-Aran-04-NW-1024x685.jpg 1024w, https:\/\/rutesentrerefugis.com\/wp-content\/uploads\/2023\/03\/Pass-Aran-04-NW-768x513.jpg 768w, https:\/\/rutesentrerefugis.com\/wp-content\/uploads\/2023\/03\/Pass-Aran-04-NW-1536x1027.jpg 1536w\" sizes=\"(max-width: 2000px) 100vw, 2000px\" \/>\t\t\t\t\t\t\t\t\t\t\t<figcaption class=\"widget-image-caption wp-caption-text\">La villa de Eilia muestra la tranquilidad y la solitud de los valles perdidas<\/figcaption>\n\t\t\t\t\t\t\t\t\t\t<\/figure>\n\t\t\t\t\t\t\t\t\t<\/div>\n\t\t\t\t<\/div>\n\t\t\t\t\t<\/div>\n\t\t<\/div>\n\t\t\t\t\t<\/div>\n\t\t<\/section>\n\t\t\t\t<section class=\"elementor-section elementor-top-section elementor-element elementor-element-f980cc6 elementor-section-full_width elementor-section-height-default elementor-section-height-default\" data-id=\"f980cc6\" data-element_type=\"section\" data-e-type=\"section\">\n\t\t\t\t\t\t<div class=\"elementor-container elementor-column-gap-default\">\n\t\t\t\t\t<div class=\"elementor-column elementor-col-100 elementor-top-column elementor-element elementor-element-aba81f5\" data-id=\"aba81f5\" data-element_type=\"column\" data-e-type=\"column\">\n\t\t\t<div class=\"elementor-widget-wrap elementor-element-populated\">\n\t\t\t\t\t\t<div class=\"elementor-element elementor-element-198f7e4 elementor-widget elementor-widget-text-editor\" data-id=\"198f7e4\" data-element_type=\"widget\" data-e-type=\"widget\" data-widget_type=\"text-editor.default\">\n\t\t\t\t<div class=\"elementor-widget-container\">\n\t\t\t\t\t\t\t\t\t<h5><span style=\"color: #2145cb;\"><u>CUARTA JORNADA<\/u><\/span><\/h5>\n<h6><b>Itinerario:<\/b> G\u00eete d&#8217;\u00c9tape d&#8217;Eilia (1.000 m) &#8211; cabana y minas de Ventalhor &#8211; collado de Aranh (2.221 m) &#8211; estanh d&#8217;Aranh (1.890 m) &#8211; refugio de Aranh (1.965 m)<\/br>\n<b>Desnivel Subida:<\/b> 1.296 metros<\/br>\n<b>Desnivel Bajada:<\/b> 331 metros<\/br>\n<b>Distancia:<\/b> 7,1 km<\/br>\n<b>Tiempo:<\/b> 5:50 hores<\/br>\n<b>Opcional:<\/b> ascensi\u00f3n al tuc de Crab\u00e8ra (720 m)<\/h6>\n<h5>Hoy, nuevamente seguiremos una etapa del GR 10 correctamente se\u00f1alizado, y a su vez, tambi\u00e9n etapa del tour de Biros. Este tour es un sendero de media monta\u00f1a que en cuatro o cinco d\u00edas, permite conocer los lugares mineros m\u00e1s significativos de la regi\u00f3n.<\/br>\n<\/br>\nPara nosotros, sin embargo, si la etapa de ayer result\u00f3 dura para la maldita forma de ema del perfil de desnivel, el cansancio acumulado hace que la subida de hoy tampoco sea f\u00e1cil. Y es que el sendero, si bien no ofrece ning\u00fan problema de orientaci\u00f3n, sube de manera continua y obstinada hasta cerca de las minas de blenda y galena de Ventalhor. Un breve flanqueo por la pista justo antes de llegar a las minas es la \u00fanica tregua que nos da el desnivel. Ventalhor es un lugar inh\u00f3spito y medio abandonado rodeado de un paisaje grandioso y talmente solitario que despierta en nosotros la curiosidad por un pasado glorioso, donde cientos de mineros arrancaban el mineral de las entra\u00f1as de estas monta\u00f1as y lo transportaban heroicamente con rudimentarias instala ciones hasta el fondo del valle, que sin embargo estaba a\u00fan m\u00e1s lejos de todas partes. Del esplendor de los tiempos de la explotaci\u00f3n de la mina quedan unas instalaciones abandonadas que no dejan de plantearnos preguntas sin respuesta a medida que ganamos desnivel, aumentando el cansancio del d\u00eda anterior.<\/br>\n<\/br>\nAlcanzado el cuello muy por encima de la mina, por donde pasa la l\u00ednea el\u00e9ctrica que viene de Ventalhor, intuimos a nuestra izquierda el Portilhon de Albi, que tendremos que superar ma\u00f1ana para volver a nuestro Aran, y vemos a nuestros pies el embalse de ara\u00f1a y el refugio donde pasaremos la pr\u00f3xima noche. El descenso no presenta ning\u00fan problema, salvo el hecho de pensar que al d\u00eda siguiente, y al amanecer, tendremos que remontar sobre nuestros pasos para volver al mismo collado.<\/br>\n<\/br>\nEl embalse es de gran tama\u00f1o. Si el trabajo en las minas que hemos dejado atr\u00e1s ser\u00eda dur\u00edsima, no podemos dejar pasar por alto las penurias que deb\u00edan sufrir los trabajadores que construyeron este embalse a casi 2.000 m de altura, que no fueron otros que prisioneros jud\u00edos durante los a\u00f1os de la Segunda Guerra Mundial. Ahora, la prohibici\u00f3n de cruzar por encima de la corona de la presa nos hace perder unos metros muy valiosos que tendremos que remontar hasta el refugio, que est\u00e1 al otro lado.<\/br>\n<\/br>\nUn refugio de la d\u00e9cada de 1970, cr\u00edptico y de calidez discutible, pero bien equipado y con buena cocina a pesar de ser en un lugar muy aislado del mundo.<\/h5>\t\t\t\t\t\t\t\t<\/div>\n\t\t\t\t<\/div>\n\t\t\t\t\t<\/div>\n\t\t<\/div>\n\t\t\t\t\t<\/div>\n\t\t<\/section>\n\t\t\t\t<section class=\"elementor-section elementor-top-section elementor-element elementor-element-72c098e elementor-section-full_width elementor-section-height-default elementor-section-height-default\" data-id=\"72c098e\" data-element_type=\"section\" data-e-type=\"section\">\n\t\t\t\t\t\t<div class=\"elementor-container elementor-column-gap-default\">\n\t\t\t\t\t<div class=\"elementor-column elementor-col-100 elementor-top-column elementor-element elementor-element-4886ea7\" data-id=\"4886ea7\" data-element_type=\"column\" data-e-type=\"column\">\n\t\t\t<div class=\"elementor-widget-wrap elementor-element-populated\">\n\t\t\t\t\t\t<div class=\"elementor-element elementor-element-eb54a63 elementor-widget elementor-widget-image\" data-id=\"eb54a63\" data-element_type=\"widget\" data-e-type=\"widget\" data-widget_type=\"image.default\">\n\t\t\t\t<div class=\"elementor-widget-container\">\n\t\t\t\t\t\t\t\t\t\t\t\t<figure class=\"wp-caption\">\n\t\t\t\t\t\t\t\t\t\t<img loading=\"lazy\" decoding=\"async\" width=\"2000\" height=\"1422\" src=\"https:\/\/rutesentrerefugis.com\/wp-content\/uploads\/2023\/03\/Pass-Aran-06-NW.jpg\" class=\"attachment-full size-full wp-image-10160\" alt=\"\" srcset=\"https:\/\/rutesentrerefugis.com\/wp-content\/uploads\/2023\/03\/Pass-Aran-06-NW.jpg 2000w, https:\/\/rutesentrerefugis.com\/wp-content\/uploads\/2023\/03\/Pass-Aran-06-NW-300x213.jpg 300w, https:\/\/rutesentrerefugis.com\/wp-content\/uploads\/2023\/03\/Pass-Aran-06-NW-1024x728.jpg 1024w, https:\/\/rutesentrerefugis.com\/wp-content\/uploads\/2023\/03\/Pass-Aran-06-NW-768x546.jpg 768w, https:\/\/rutesentrerefugis.com\/wp-content\/uploads\/2023\/03\/Pass-Aran-06-NW-1536x1092.jpg 1536w\" sizes=\"(max-width: 2000px) 100vw, 2000px\" \/>\t\t\t\t\t\t\t\t\t\t\t<figcaption class=\"widget-image-caption wp-caption-text\">El refugio de Aranh, situado en  el lago del mismo nombre, nos permite disfrutar de la \u00faltima noche en la monta\u00f1a<\/figcaption>\n\t\t\t\t\t\t\t\t\t\t<\/figure>\n\t\t\t\t\t\t\t\t\t<\/div>\n\t\t\t\t<\/div>\n\t\t\t\t\t<\/div>\n\t\t<\/div>\n\t\t\t\t\t<\/div>\n\t\t<\/section>\n\t\t\t\t<section class=\"elementor-section elementor-top-section elementor-element elementor-element-87a0505 elementor-section-full_width elementor-section-height-default elementor-section-height-default\" data-id=\"87a0505\" data-element_type=\"section\" data-e-type=\"section\">\n\t\t\t\t\t\t<div class=\"elementor-container elementor-column-gap-default\">\n\t\t\t\t\t<div class=\"elementor-column elementor-col-100 elementor-top-column elementor-element elementor-element-6d0dcc4\" data-id=\"6d0dcc4\" data-element_type=\"column\" data-e-type=\"column\">\n\t\t\t<div class=\"elementor-widget-wrap elementor-element-populated\">\n\t\t\t\t\t\t<div class=\"elementor-element elementor-element-e9bf608 elementor-widget elementor-widget-text-editor\" data-id=\"e9bf608\" data-element_type=\"widget\" data-e-type=\"widget\" data-widget_type=\"text-editor.default\">\n\t\t\t\t<div class=\"elementor-widget-container\">\n\t\t\t\t\t\t\t\t\t<h5><span style=\"color: #2145cb;\"><u>QUINTA JORNADA<\/u><\/span><\/h5>\n<h6><b>Itinerario:<\/b> refugio de Aranh (1.965 m) &#8211; collado de Aranh (2.221 m) &#8211; Portilhon d&#8217;Albi (2.457 m) &#8211; pales de Liat &#8211; tuc de Mauberme (2.880 m) y retorno al collado &#8211; estany de Montoliu (2.360 m) collado de Montoliu ((2.470 m) &#8211; prats de l&#8217;Horcalh &#8211; refugio Amics de Montgarri (1.657 m)<\/br>\n<b>Desnivel Subida:<\/b> 1.305 metros<\/br>\n<b>Desnivel Bajada:<\/b> 1.603 metros<\/br>\n<b>Distancia:<\/b> 19 km (sin el Mauberme)<\/br>\n<b>Tiempo:<\/b> 9:50 horas<\/h6>\n<h5>Por primera vez estos d\u00edas volvemos sobre nuestros pasos. Primero bajamos hasta el embalse, y despu\u00e9s volvemos a remontar hasta el cuello de ara\u00f1a, cerca de la l\u00ednea el\u00e9ctrica.<\/br>\n<\/br>\nDejamos las se\u00f1ales de color rojo y blanco del GR 10 y seguimos el camino dad que hacia la derecha (O) remonta una serie de pelda\u00f1os rocosos para pasar sobre el id\u00edlico lugar del estanque de Albi antes de llegar al Portilhon de Albi. Visi\u00f3n espectacular sobre los estanques de Liat y de toda la cuenca minera, pues aqu\u00ed arriba, en su tiempo, la miner\u00eda fue la principal actividad. A la izquierda, (SE) se alza imponente la gran monta\u00f1a de la zona, el Mauberme, que con los 2.880 m se convierte en una atalaya imprescindible del sector, y de la traves\u00eda que hoy finalizaremos. El flanqueo de Liat procurando no perder altura y siguiendo unas estacas de madera pintadas con amarillo hasta el pie de la monta\u00f1a se convierte largo y entretenido, no por su dificultad, que no tiene ninguna, sino por su longitud. No en vano, esta es la etapa m\u00e1s larga de la traves\u00eda.<\/br>\n<\/br>\nEl ascenso a la cima la basura por la ruta normal que va a buscar la canal orientada a N-NO, que por un sendero sin dificultad, pero con fuerte desnivel, permite alcanzar la cima de esta monta\u00f1a imponente, solitaria y alejada de todo partes. Durante el ascenso hay que prestar mucha atenci\u00f3n a la ca\u00edda de piedras. El Coserans, Ari\u00e8ge, Ar\u00e1n, etc., desde esta cima se divisan en toda su dimensi\u00f3n. Al oeste, el Barlongu\u00e8ra y el monte Valier delimitan la regi\u00f3n. De los diversos picos que permite esta ruta, sin duda este es el que menos nos desv\u00eda del itinerario original y quiz\u00e1s es uno de los m\u00e1s bonitos.<\/br>\n<\/br>\nSin prisa, pero sin entretenernos, porque la etapa es larga, bajamos hasta la salida de aguas del lago de Montoliu y remontamos hasta el cuello de Montoliu para enfilar la largu\u00edsima valle que nos llevar\u00e1 hasta Montgarri. Nuestro camino desciende sin tregua hasta la caba\u00f1a del Forcalh, que dejaremos elevada a la izquierda en medio de un paraje id\u00edlico, y desde all\u00ed, ya por el bosque, despu\u00e9s de cruzar el r\u00edo por un puente, descenderemos hasta en el valle de Montgarri. Llegados a la pista y siguiendo a mano izquierda, volveremos al punto donde comenzamos la traves\u00eda.<\/h5>\t\t\t\t\t\t\t\t<\/div>\n\t\t\t\t<\/div>\n\t\t\t\t\t<\/div>\n\t\t<\/div>\n\t\t\t\t\t<\/div>\n\t\t<\/section>\n\t\t\t\t<section class=\"elementor-section elementor-top-section elementor-element elementor-element-d2ec2af elementor-section-full_width elementor-section-height-default elementor-section-height-default\" data-id=\"d2ec2af\" data-element_type=\"section\" data-e-type=\"section\">\n\t\t\t\t\t\t<div class=\"elementor-container elementor-column-gap-default\">\n\t\t\t\t\t<div class=\"elementor-column elementor-col-100 elementor-top-column elementor-element elementor-element-22b6dfa\" data-id=\"22b6dfa\" data-element_type=\"column\" data-e-type=\"column\">\n\t\t\t<div class=\"elementor-widget-wrap elementor-element-populated\">\n\t\t\t\t\t\t<div class=\"elementor-element elementor-element-610ea4e elementor-widget elementor-widget-image\" data-id=\"610ea4e\" data-element_type=\"widget\" data-e-type=\"widget\" data-widget_type=\"image.default\">\n\t\t\t\t<div class=\"elementor-widget-container\">\n\t\t\t\t\t\t\t\t\t\t\t\t<figure class=\"wp-caption\">\n\t\t\t\t\t\t\t\t\t\t<img loading=\"lazy\" decoding=\"async\" width=\"2000\" height=\"1422\" src=\"https:\/\/rutesentrerefugis.com\/wp-content\/uploads\/2023\/03\/Pass-Aran-07-NW.jpg\" class=\"attachment-full size-full wp-image-10161\" alt=\"\" srcset=\"https:\/\/rutesentrerefugis.com\/wp-content\/uploads\/2023\/03\/Pass-Aran-07-NW.jpg 2000w, https:\/\/rutesentrerefugis.com\/wp-content\/uploads\/2023\/03\/Pass-Aran-07-NW-300x213.jpg 300w, https:\/\/rutesentrerefugis.com\/wp-content\/uploads\/2023\/03\/Pass-Aran-07-NW-1024x728.jpg 1024w, https:\/\/rutesentrerefugis.com\/wp-content\/uploads\/2023\/03\/Pass-Aran-07-NW-768x546.jpg 768w, https:\/\/rutesentrerefugis.com\/wp-content\/uploads\/2023\/03\/Pass-Aran-07-NW-1536x1092.jpg 1536w\" sizes=\"(max-width: 2000px) 100vw, 2000px\" \/>\t\t\t\t\t\t\t\t\t\t\t<figcaption class=\"widget-image-caption wp-caption-text\">Bajando hacia el lago de Montoliu<\/figcaption>\n\t\t\t\t\t\t\t\t\t\t<\/figure>\n\t\t\t\t\t\t\t\t\t<\/div>\n\t\t\t\t<\/div>\n\t\t\t\t\t<\/div>\n\t\t<\/div>\n\t\t\t\t\t<\/div>\n\t\t<\/section>\n\t\t\t\t<section class=\"elementor-section elementor-top-section elementor-element elementor-element-d0d5839 elementor-section-full_width elementor-section-height-default elementor-section-height-default\" data-id=\"d0d5839\" data-element_type=\"section\" data-e-type=\"section\">\n\t\t\t\t\t\t<div class=\"elementor-container elementor-column-gap-default\">\n\t\t\t\t\t<div class=\"elementor-column elementor-col-100 elementor-top-column elementor-element elementor-element-5a0835f\" data-id=\"5a0835f\" data-element_type=\"column\" data-e-type=\"column\">\n\t\t\t<div class=\"elementor-widget-wrap elementor-element-populated\">\n\t\t\t\t\t\t<div class=\"elementor-element elementor-element-0849bd8 elementor-widget elementor-widget-heading\" data-id=\"0849bd8\" data-element_type=\"widget\" data-e-type=\"widget\" data-widget_type=\"heading.default\">\n\t\t\t\t<div class=\"elementor-widget-container\">\n\t\t\t\t\t<h2 class=\"elementor-heading-title elementor-size-default\"><u>REFUGIOS DE LA RUTA<\/u><\/h2>\t\t\t\t<\/div>\n\t\t\t\t<\/div>\n\t\t\t\t\t<\/div>\n\t\t<\/div>\n\t\t\t\t\t<\/div>\n\t\t<\/section>\n\t\t\t\t<section class=\"elementor-section elementor-top-section elementor-element elementor-element-698383f elementor-section-full_width elementor-section-height-default elementor-section-height-default\" data-id=\"698383f\" data-element_type=\"section\" data-e-type=\"section\">\n\t\t\t\t\t\t<div class=\"elementor-container elementor-column-gap-default\">\n\t\t\t\t\t<div class=\"elementor-column elementor-col-20 elementor-top-column elementor-element elementor-element-5964622\" data-id=\"5964622\" data-element_type=\"column\" data-e-type=\"column\">\n\t\t\t<div class=\"elementor-widget-wrap elementor-element-populated\">\n\t\t\t\t\t\t<div class=\"elementor-element elementor-element-2263354 elementor-widget elementor-widget-image\" data-id=\"2263354\" data-element_type=\"widget\" data-e-type=\"widget\" data-widget_type=\"image.default\">\n\t\t\t\t<div class=\"elementor-widget-container\">\n\t\t\t\t\t\t\t\t\t\t\t\t<figure class=\"wp-caption\">\n\t\t\t\t\t\t\t\t\t\t<img loading=\"lazy\" decoding=\"async\" width=\"300\" height=\"230\" src=\"https:\/\/rutesentrerefugis.com\/wp-content\/uploads\/2023\/03\/Refugi-Montgarri.jpg\" class=\"attachment-full size-full wp-image-10162\" alt=\"\" \/>\t\t\t\t\t\t\t\t\t\t\t<figcaption class=\"widget-image-caption wp-caption-text\">Refugio Amics de Montgarri<\/br>(\u00a9 David Mengual)<\/figcaption>\n\t\t\t\t\t\t\t\t\t\t<\/figure>\n\t\t\t\t\t\t\t\t\t<\/div>\n\t\t\t\t<\/div>\n\t\t\t\t\t<\/div>\n\t\t<\/div>\n\t\t\t\t<div class=\"elementor-column elementor-col-20 elementor-top-column elementor-element elementor-element-a2956ba\" data-id=\"a2956ba\" data-element_type=\"column\" data-e-type=\"column\">\n\t\t\t<div class=\"elementor-widget-wrap elementor-element-populated\">\n\t\t\t\t\t\t<div class=\"elementor-element elementor-element-8420aea elementor-widget elementor-widget-image\" data-id=\"8420aea\" data-element_type=\"widget\" data-e-type=\"widget\" data-widget_type=\"image.default\">\n\t\t\t\t<div class=\"elementor-widget-container\">\n\t\t\t\t\t\t\t\t\t\t\t\t<figure class=\"wp-caption\">\n\t\t\t\t\t\t\t\t\t\t<img loading=\"lazy\" decoding=\"async\" width=\"300\" height=\"230\" src=\"https:\/\/rutesentrerefugis.com\/wp-content\/uploads\/2023\/03\/Refugi-Estagnous.jpg\" class=\"attachment-full size-full wp-image-10163\" alt=\"\" \/>\t\t\t\t\t\t\t\t\t\t\t<figcaption class=\"widget-image-caption wp-caption-text\">Refugio des Estagnous<\/br>(\u00a9 David Mengual)<\/figcaption>\n\t\t\t\t\t\t\t\t\t\t<\/figure>\n\t\t\t\t\t\t\t\t\t<\/div>\n\t\t\t\t<\/div>\n\t\t\t\t\t<\/div>\n\t\t<\/div>\n\t\t\t\t<div class=\"elementor-column elementor-col-20 elementor-top-column elementor-element elementor-element-fd07f01\" data-id=\"fd07f01\" data-element_type=\"column\" data-e-type=\"column\">\n\t\t\t<div class=\"elementor-widget-wrap elementor-element-populated\">\n\t\t\t\t\t\t<div class=\"elementor-element elementor-element-1290f5f elementor-widget elementor-widget-image\" data-id=\"1290f5f\" data-element_type=\"widget\" data-e-type=\"widget\" data-widget_type=\"image.default\">\n\t\t\t\t<div class=\"elementor-widget-container\">\n\t\t\t\t\t\t\t\t\t\t\t\t<figure class=\"wp-caption\">\n\t\t\t\t\t\t\t\t\t\t<img loading=\"lazy\" decoding=\"async\" width=\"300\" height=\"230\" src=\"https:\/\/rutesentrerefugis.com\/wp-content\/uploads\/2023\/03\/Refugi-Maison-du-Valier.jpg\" class=\"attachment-full size-full wp-image-10164\" alt=\"\" \/>\t\t\t\t\t\t\t\t\t\t\t<figcaption class=\"widget-image-caption wp-caption-text\">Maison du Valier<\/br>(\u00a9 David Mengual)<\/figcaption>\n\t\t\t\t\t\t\t\t\t\t<\/figure>\n\t\t\t\t\t\t\t\t\t<\/div>\n\t\t\t\t<\/div>\n\t\t\t\t\t<\/div>\n\t\t<\/div>\n\t\t\t\t<div class=\"elementor-column elementor-col-20 elementor-top-column elementor-element elementor-element-9226b61\" data-id=\"9226b61\" data-element_type=\"column\" data-e-type=\"column\">\n\t\t\t<div class=\"elementor-widget-wrap elementor-element-populated\">\n\t\t\t\t\t\t<div class=\"elementor-element elementor-element-8c02499 elementor-widget elementor-widget-image\" data-id=\"8c02499\" data-element_type=\"widget\" data-e-type=\"widget\" data-widget_type=\"image.default\">\n\t\t\t\t<div class=\"elementor-widget-container\">\n\t\t\t\t\t\t\t\t\t\t\t\t<figure class=\"wp-caption\">\n\t\t\t\t\t\t\t\t\t\t<img loading=\"lazy\" decoding=\"async\" width=\"300\" height=\"230\" src=\"https:\/\/rutesentrerefugis.com\/wp-content\/uploads\/2023\/03\/Refugi-Gite-Eilia.jpg\" class=\"attachment-full size-full wp-image-10165\" alt=\"\" \/>\t\t\t\t\t\t\t\t\t\t\t<figcaption class=\"widget-image-caption wp-caption-text\">Refugio G\u00eete d'Eilia<\/br>(\u00a9 David Mengual)<\/figcaption>\n\t\t\t\t\t\t\t\t\t\t<\/figure>\n\t\t\t\t\t\t\t\t\t<\/div>\n\t\t\t\t<\/div>\n\t\t\t\t\t<\/div>\n\t\t<\/div>\n\t\t\t\t<div class=\"elementor-column elementor-col-20 elementor-top-column elementor-element elementor-element-8eb2100\" data-id=\"8eb2100\" data-element_type=\"column\" data-e-type=\"column\">\n\t\t\t<div class=\"elementor-widget-wrap elementor-element-populated\">\n\t\t\t\t\t\t<div class=\"elementor-element elementor-element-6eaf421 elementor-widget elementor-widget-image\" data-id=\"6eaf421\" data-element_type=\"widget\" data-e-type=\"widget\" data-widget_type=\"image.default\">\n\t\t\t\t<div class=\"elementor-widget-container\">\n\t\t\t\t\t\t\t\t\t\t\t\t<figure class=\"wp-caption\">\n\t\t\t\t\t\t\t\t\t\t<img loading=\"lazy\" decoding=\"async\" width=\"300\" height=\"230\" src=\"https:\/\/rutesentrerefugis.com\/wp-content\/uploads\/2023\/03\/Refugi-Aranh.jpg\" class=\"attachment-full size-full wp-image-10166\" alt=\"\" \/>\t\t\t\t\t\t\t\t\t\t\t<figcaption class=\"widget-image-caption wp-caption-text\">Refugio d'Aranh<\/br>(\u00a9 David Mengual)<\/figcaption>\n\t\t\t\t\t\t\t\t\t\t<\/figure>\n\t\t\t\t\t\t\t\t\t<\/div>\n\t\t\t\t<\/div>\n\t\t\t\t\t<\/div>\n\t\t<\/div>\n\t\t\t\t\t<\/div>\n\t\t<\/section>\n\t\t\t\t<section class=\"elementor-section elementor-top-section elementor-element elementor-element-ae9d95b elementor-section-full_width elementor-section-height-default elementor-section-height-default\" data-id=\"ae9d95b\" data-element_type=\"section\" data-e-type=\"section\">\n\t\t\t\t\t\t<div class=\"elementor-container elementor-column-gap-default\">\n\t\t\t\t\t<div class=\"elementor-column elementor-col-100 elementor-top-column elementor-element elementor-element-45e9b8b\" data-id=\"45e9b8b\" data-element_type=\"column\" data-e-type=\"column\">\n\t\t\t<div class=\"elementor-widget-wrap elementor-element-populated\">\n\t\t\t\t\t\t<div class=\"elementor-element elementor-element-73598f9 elementor-widget elementor-widget-spacer\" data-id=\"73598f9\" data-element_type=\"widget\" data-e-type=\"widget\" data-widget_type=\"spacer.default\">\n\t\t\t\t<div class=\"elementor-widget-container\">\n\t\t\t\t\t\t\t<div class=\"elementor-spacer\">\n\t\t\t<div class=\"elementor-spacer-inner\"><\/div>\n\t\t<\/div>\n\t\t\t\t\t\t<\/div>\n\t\t\t\t<\/div>\n\t\t\t\t\t<\/div>\n\t\t<\/div>\n\t\t\t\t\t<\/div>\n\t\t<\/section>\n\t\t\t\t<section class=\"elementor-section elementor-top-section elementor-element elementor-element-b7002c1 elementor-section-full_width elementor-section-height-default elementor-section-height-default\" data-id=\"b7002c1\" data-element_type=\"section\" data-e-type=\"section\" data-settings=\"{&quot;background_background&quot;:&quot;classic&quot;}\">\n\t\t\t\t\t\t<div class=\"elementor-container elementor-column-gap-default\">\n\t\t\t\t\t<div class=\"elementor-column elementor-col-100 elementor-top-column elementor-element elementor-element-7907b10\" data-id=\"7907b10\" data-element_type=\"column\" data-e-type=\"column\">\n\t\t\t<div class=\"elementor-widget-wrap elementor-element-populated\">\n\t\t\t\t\t\t<div class=\"elementor-element elementor-element-65ac145 elementor-widget elementor-widget-image\" data-id=\"65ac145\" data-element_type=\"widget\" data-e-type=\"widget\" data-widget_type=\"image.default\">\n\t\t\t\t<div class=\"elementor-widget-container\">\n\t\t\t\t\t\t\t\t\t\t\t\t\t\t\t<img loading=\"lazy\" decoding=\"async\" width=\"100\" height=\"100\" src=\"https:\/\/rutesentrerefugis.com\/wp-content\/uploads\/2023\/03\/David-Mengual-NW.jpg\" class=\"attachment-full size-full wp-image-10085\" alt=\"\" \/>\t\t\t\t\t\t\t\t\t\t\t\t\t\t\t<\/div>\n\t\t\t\t<\/div>\n\t\t\t\t<div class=\"elementor-element elementor-element-a13caad elementor-widget elementor-widget-text-editor\" data-id=\"a13caad\" data-element_type=\"widget\" data-e-type=\"widget\" data-widget_type=\"text-editor.default\">\n\t\t\t\t<div class=\"elementor-widget-container\">\n\t\t\t\t\t\t\t\t\t<h4>DAVID MENGUAL<\/h4>\n<h5>(Barcelona, 1967) El a\u00f1o 1976 empez\u00f3 a salir de excursi\u00f3n con el Agrupament Escolta Sant Pius X de Minyons Escoltes i Guies de Sant Jordi y es socio del Centre Excursionista de Catalunya desde el 1983 con licencia federativa desde el 1988. Realiza excursiones a pie, escalando en roca, nieve o hielo, con esqu\u00eds, en bicicleta o con caiac y ha recorrido las monta\u00f1as de la Pen\u00ednsula Ib\u00e9rica, el Pirineu de punta a punta, los Alpes desde les Calanques hasta Cro\u00e1cia, y algunas monta\u00f1as de C\u00f3rcega, T\u00fanez, Nueva Zelanda y Nepal. Colabora habitualmente con la revista Muntanya del CEC y otras publicaciones.<\/h5>\t\t\t\t\t\t\t\t<\/div>\n\t\t\t\t<\/div>\n\t\t\t\t\t<\/div>\n\t\t<\/div>\n\t\t\t\t\t<\/div>\n\t\t<\/section>\n\t\t\t\t<section class=\"elementor-section elementor-top-section elementor-element elementor-element-c5916d8 elementor-section-full_width elementor-section-height-default elementor-section-height-default\" data-id=\"c5916d8\" data-element_type=\"section\" data-e-type=\"section\">\n\t\t\t\t\t\t<div class=\"elementor-container elementor-column-gap-default\">\n\t\t\t\t\t<div class=\"elementor-column elementor-col-100 elementor-top-column elementor-element elementor-element-eaf7d1c\" data-id=\"eaf7d1c\" data-element_type=\"column\" data-e-type=\"column\">\n\t\t\t<div class=\"elementor-widget-wrap elementor-element-populated\">\n\t\t\t\t\t\t<div class=\"elementor-element elementor-element-a4f2400 elementor-widget elementor-widget-spacer\" data-id=\"a4f2400\" data-element_type=\"widget\" data-e-type=\"widget\" data-widget_type=\"spacer.default\">\n\t\t\t\t<div class=\"elementor-widget-container\">\n\t\t\t\t\t\t\t<div class=\"elementor-spacer\">\n\t\t\t<div class=\"elementor-spacer-inner\"><\/div>\n\t\t<\/div>\n\t\t\t\t\t\t<\/div>\n\t\t\t\t<\/div>\n\t\t\t\t\t<\/div>\n\t\t<\/div>\n\t\t\t\t\t<\/div>\n\t\t<\/section>\n\t\t\t\t<section class=\"elementor-section elementor-top-section elementor-element elementor-element-d03f068 elementor-section-full_width elementor-section-height-default elementor-section-height-default\" data-id=\"d03f068\" data-element_type=\"section\" data-e-type=\"section\">\n\t\t\t\t\t\t<div class=\"elementor-container elementor-column-gap-default\">\n\t\t\t\t\t<div class=\"elementor-column elementor-col-100 elementor-top-column elementor-element elementor-element-67197d5\" data-id=\"67197d5\" data-element_type=\"column\" data-e-type=\"column\">\n\t\t\t<div class=\"elementor-widget-wrap elementor-element-populated\">\n\t\t\t\t\t\t<div class=\"elementor-element elementor-element-43b22c2 elementor-widget elementor-widget-heading\" data-id=\"43b22c2\" data-element_type=\"widget\" data-e-type=\"widget\" data-widget_type=\"heading.default\">\n\t\t\t\t<div class=\"elementor-widget-container\">\n\t\t\t\t\t<h5 class=\"elementor-heading-title elementor-size-default\"><font color=\"#999999\"><u>Por si quires compartir esta cr\u00f3nica<\/u><\/font><\/h5>\t\t\t\t<\/div>\n\t\t\t\t<\/div>\n\t\t\t\t\t<\/div>\n\t\t<\/div>\n\t\t\t\t\t<\/div>\n\t\t<\/section>\n\t\t\t\t<section class=\"elementor-section elementor-top-section elementor-element elementor-element-691fa33 elementor-section-full_width elementor-section-height-default elementor-section-height-default\" data-id=\"691fa33\" data-element_type=\"section\" data-e-type=\"section\">\n\t\t\t\t\t\t<div class=\"elementor-container elementor-column-gap-default\">\n\t\t\t\t\t<div class=\"elementor-column elementor-col-100 elementor-top-column elementor-element elementor-element-45d5ec7\" data-id=\"45d5ec7\" data-element_type=\"column\" data-e-type=\"column\">\n\t\t\t<div class=\"elementor-widget-wrap elementor-element-populated\">\n\t\t\t\t\t\t<div class=\"elementor-element elementor-element-75ed3c8 elementor-share-buttons--view-icon elementor-share-buttons--skin-framed elementor-share-buttons--shape-circle elementor-share-buttons--color-custom elementor-grid-0 elementor-widget elementor-widget-share-buttons\" data-id=\"75ed3c8\" data-element_type=\"widget\" data-e-type=\"widget\" data-widget_type=\"share-buttons.default\">\n\t\t\t\t<div class=\"elementor-widget-container\">\n\t\t\t\t\t\t\t<div class=\"elementor-grid\" role=\"list\">\n\t\t\t\t\t\t\t\t<div class=\"elementor-grid-item\" role=\"listitem\">\n\t\t\t\t\t\t<div class=\"elementor-share-btn elementor-share-btn_facebook\" role=\"button\" tabindex=\"0\" aria-label=\"Compartir en facebook\">\n\t\t\t\t\t\t\t\t\t\t\t\t\t\t\t<span class=\"elementor-share-btn__icon\">\n\t\t\t\t\t\t\t\t<i class=\"fab fa-facebook\" aria-hidden=\"true\"><\/i>\t\t\t\t\t\t\t<\/span>\n\t\t\t\t\t\t\t\t\t\t\t\t\t\t\t\t\t\t\t\t<\/div>\n\t\t\t\t\t<\/div>\n\t\t\t\t\t\t\t\t\t<div class=\"elementor-grid-item\" role=\"listitem\">\n\t\t\t\t\t\t<div class=\"elementor-share-btn elementor-share-btn_twitter\" role=\"button\" tabindex=\"0\" aria-label=\"Compartir en twitter\">\n\t\t\t\t\t\t\t\t\t\t\t\t\t\t\t<span class=\"elementor-share-btn__icon\">\n\t\t\t\t\t\t\t\t<i class=\"fab fa-twitter\" aria-hidden=\"true\"><\/i>\t\t\t\t\t\t\t<\/span>\n\t\t\t\t\t\t\t\t\t\t\t\t\t\t\t\t\t\t\t\t<\/div>\n\t\t\t\t\t<\/div>\n\t\t\t\t\t\t\t\t\t<div class=\"elementor-grid-item\" role=\"listitem\">\n\t\t\t\t\t\t<div class=\"elementor-share-btn elementor-share-btn_telegram\" role=\"button\" tabindex=\"0\" aria-label=\"Compartir en telegram\">\n\t\t\t\t\t\t\t\t\t\t\t\t\t\t\t<span class=\"elementor-share-btn__icon\">\n\t\t\t\t\t\t\t\t<i class=\"fab fa-telegram\" aria-hidden=\"true\"><\/i>\t\t\t\t\t\t\t<\/span>\n\t\t\t\t\t\t\t\t\t\t\t\t\t\t\t\t\t\t\t\t<\/div>\n\t\t\t\t\t<\/div>\n\t\t\t\t\t\t\t\t\t<div class=\"elementor-grid-item\" role=\"listitem\">\n\t\t\t\t\t\t<div class=\"elementor-share-btn elementor-share-btn_pinterest\" role=\"button\" tabindex=\"0\" aria-label=\"Compartir en pinterest\">\n\t\t\t\t\t\t\t\t\t\t\t\t\t\t\t<span class=\"elementor-share-btn__icon\">\n\t\t\t\t\t\t\t\t<i class=\"fab fa-pinterest\" aria-hidden=\"true\"><\/i>\t\t\t\t\t\t\t<\/span>\n\t\t\t\t\t\t\t\t\t\t\t\t\t\t\t\t\t\t\t\t<\/div>\n\t\t\t\t\t<\/div>\n\t\t\t\t\t\t\t\t\t<div class=\"elementor-grid-item\" role=\"listitem\">\n\t\t\t\t\t\t<div class=\"elementor-share-btn elementor-share-btn_whatsapp\" role=\"button\" tabindex=\"0\" aria-label=\"Compartir en whatsapp\">\n\t\t\t\t\t\t\t\t\t\t\t\t\t\t\t<span class=\"elementor-share-btn__icon\">\n\t\t\t\t\t\t\t\t<i class=\"fab fa-whatsapp\" aria-hidden=\"true\"><\/i>\t\t\t\t\t\t\t<\/span>\n\t\t\t\t\t\t\t\t\t\t\t\t\t\t\t\t\t\t\t\t<\/div>\n\t\t\t\t\t<\/div>\n\t\t\t\t\t\t\t\t\t<div class=\"elementor-grid-item\" role=\"listitem\">\n\t\t\t\t\t\t<div class=\"elementor-share-btn elementor-share-btn_email\" role=\"button\" tabindex=\"0\" aria-label=\"Compartir en email\">\n\t\t\t\t\t\t\t\t\t\t\t\t\t\t\t<span class=\"elementor-share-btn__icon\">\n\t\t\t\t\t\t\t\t<i class=\"fas fa-envelope\" aria-hidden=\"true\"><\/i>\t\t\t\t\t\t\t<\/span>\n\t\t\t\t\t\t\t\t\t\t\t\t\t\t\t\t\t\t\t\t<\/div>\n\t\t\t\t\t<\/div>\n\t\t\t\t\t\t\t\t\t<div class=\"elementor-grid-item\" role=\"listitem\">\n\t\t\t\t\t\t<div class=\"elementor-share-btn elementor-share-btn_print\" role=\"button\" tabindex=\"0\" aria-label=\"Compartir en print\">\n\t\t\t\t\t\t\t\t\t\t\t\t\t\t\t<span class=\"elementor-share-btn__icon\">\n\t\t\t\t\t\t\t\t<i class=\"fas fa-print\" aria-hidden=\"true\"><\/i>\t\t\t\t\t\t\t<\/span>\n\t\t\t\t\t\t\t\t\t\t\t\t\t\t\t\t\t\t\t\t<\/div>\n\t\t\t\t\t<\/div>\n\t\t\t\t\t\t<\/div>\n\t\t\t\t\t\t<\/div>\n\t\t\t\t<\/div>\n\t\t\t\t\t<\/div>\n\t\t<\/div>\n\t\t\t\t\t<\/div>\n\t\t<\/section>\n\t\t\t\t<section class=\"elementor-section elementor-top-section elementor-element elementor-element-f8892df elementor-section-full_width elementor-section-height-default elementor-section-height-default\" data-id=\"f8892df\" data-element_type=\"section\" data-e-type=\"section\">\n\t\t\t\t\t\t<div class=\"elementor-container elementor-column-gap-default\">\n\t\t\t\t\t<div class=\"elementor-column elementor-col-100 elementor-top-column elementor-element elementor-element-70b735e\" data-id=\"70b735e\" data-element_type=\"column\" data-e-type=\"column\">\n\t\t\t<div class=\"elementor-widget-wrap elementor-element-populated\">\n\t\t\t\t\t\t<div class=\"elementor-element elementor-element-cefc0b1 elementor-widget elementor-widget-spacer\" data-id=\"cefc0b1\" data-element_type=\"widget\" data-e-type=\"widget\" data-widget_type=\"spacer.default\">\n\t\t\t\t<div class=\"elementor-widget-container\">\n\t\t\t\t\t\t\t<div class=\"elementor-spacer\">\n\t\t\t<div class=\"elementor-spacer-inner\"><\/div>\n\t\t<\/div>\n\t\t\t\t\t\t<\/div>\n\t\t\t\t<\/div>\n\t\t\t\t\t<\/div>\n\t\t<\/div>\n\t\t\t\t\t<\/div>\n\t\t<\/section>\n\t\t\t\t<section class=\"elementor-section elementor-top-section elementor-element elementor-element-d9b512c elementor-section-full_width elementor-section-height-default elementor-section-height-default\" data-id=\"d9b512c\" data-element_type=\"section\" data-e-type=\"section\">\n\t\t\t\t\t\t<div class=\"elementor-container elementor-column-gap-default\">\n\t\t\t\t\t<div class=\"elementor-column elementor-col-100 elementor-top-column elementor-element elementor-element-c63fdca\" data-id=\"c63fdca\" data-element_type=\"column\" data-e-type=\"column\">\n\t\t\t<div class=\"elementor-widget-wrap elementor-element-populated\">\n\t\t\t\t\t\t<div class=\"elementor-element elementor-element-513ff8c elementor-widget-divider--view-line elementor-widget elementor-widget-divider\" data-id=\"513ff8c\" data-element_type=\"widget\" data-e-type=\"widget\" data-widget_type=\"divider.default\">\n\t\t\t\t<div class=\"elementor-widget-container\">\n\t\t\t\t\t\t\t<div class=\"elementor-divider\">\n\t\t\t<span class=\"elementor-divider-separator\">\n\t\t\t\t\t\t<\/span>\n\t\t<\/div>\n\t\t\t\t\t\t<\/div>\n\t\t\t\t<\/div>\n\t\t\t\t\t<\/div>\n\t\t<\/div>\n\t\t\t\t\t<\/div>\n\t\t<\/section>\n\t\t\t\t<section class=\"elementor-section elementor-top-section elementor-element elementor-element-cb66a5f elementor-section-full_width elementor-section-height-default elementor-section-height-default\" data-id=\"cb66a5f\" data-element_type=\"section\" data-e-type=\"section\">\n\t\t\t\t\t\t<div class=\"elementor-container elementor-column-gap-default\">\n\t\t\t\t\t<div class=\"elementor-column elementor-col-100 elementor-top-column elementor-element elementor-element-20e8dd4\" data-id=\"20e8dd4\" data-element_type=\"column\" data-e-type=\"column\">\n\t\t\t<div class=\"elementor-widget-wrap elementor-element-populated\">\n\t\t\t\t\t\t<div class=\"elementor-element elementor-element-ec3909d elementor-widget elementor-widget-heading\" data-id=\"ec3909d\" data-element_type=\"widget\" data-e-type=\"widget\" data-widget_type=\"heading.default\">\n\t\t\t\t<div class=\"elementor-widget-container\">\n\t\t\t\t\t<h2 class=\"elementor-heading-title elementor-size-default\"><u>ART\u00cdCULOS PUBLICADOS POR EL AUTOR<\/u><\/h2>\t\t\t\t<\/div>\n\t\t\t\t<\/div>\n\t\t\t\t\t<\/div>\n\t\t<\/div>\n\t\t\t\t\t<\/div>\n\t\t<\/section>\n\t\t\t\t<section class=\"elementor-section elementor-top-section elementor-element elementor-element-51b6da6 elementor-section-full_width elementor-section-height-default elementor-section-height-default\" data-id=\"51b6da6\" data-element_type=\"section\" data-e-type=\"section\">\n\t\t\t\t\t\t<div class=\"elementor-container elementor-column-gap-default\">\n\t\t\t\t\t<div class=\"elementor-column elementor-col-100 elementor-top-column elementor-element elementor-element-df996bb\" data-id=\"df996bb\" data-element_type=\"column\" data-e-type=\"column\">\n\t\t\t<div class=\"elementor-widget-wrap elementor-element-populated\">\n\t\t\t\t\t\t<div class=\"elementor-element elementor-element-5fbb780 elementor-widget elementor-widget-spacer\" data-id=\"5fbb780\" data-element_type=\"widget\" data-e-type=\"widget\" data-widget_type=\"spacer.default\">\n\t\t\t\t<div class=\"elementor-widget-container\">\n\t\t\t\t\t\t\t<div class=\"elementor-spacer\">\n\t\t\t<div class=\"elementor-spacer-inner\"><\/div>\n\t\t<\/div>\n\t\t\t\t\t\t<\/div>\n\t\t\t\t<\/div>\n\t\t\t\t\t<\/div>\n\t\t<\/div>\n\t\t\t\t\t<\/div>\n\t\t<\/section>\n\t\t\t\t<section class=\"elementor-section elementor-top-section elementor-element elementor-element-cd738cf elementor-section-full_width elementor-section-height-default elementor-section-height-default\" data-id=\"cd738cf\" data-element_type=\"section\" data-e-type=\"section\">\n\t\t\t\t\t\t<div class=\"elementor-container elementor-column-gap-default\">\n\t\t\t\t\t<div class=\"elementor-column elementor-col-100 elementor-top-column elementor-element elementor-element-740523a\" data-id=\"740523a\" data-element_type=\"column\" data-e-type=\"column\">\n\t\t\t<div class=\"elementor-widget-wrap elementor-element-populated\">\n\t\t\t\t\t\t<div class=\"elementor-element elementor-element-dc568fd elementor-grid-5 elementor-grid-tablet-2 elementor-grid-mobile-1 elementor-posts--thumbnail-top elementor-widget elementor-widget-posts\" data-id=\"dc568fd\" data-element_type=\"widget\" data-e-type=\"widget\" data-settings=\"{&quot;classic_columns&quot;:&quot;5&quot;,&quot;classic_columns_tablet&quot;:&quot;2&quot;,&quot;classic_columns_mobile&quot;:&quot;1&quot;,&quot;classic_row_gap&quot;:{&quot;unit&quot;:&quot;px&quot;,&quot;size&quot;:35,&quot;sizes&quot;:[]},&quot;classic_row_gap_tablet&quot;:{&quot;unit&quot;:&quot;px&quot;,&quot;size&quot;:&quot;&quot;,&quot;sizes&quot;:[]},&quot;classic_row_gap_mobile&quot;:{&quot;unit&quot;:&quot;px&quot;,&quot;size&quot;:&quot;&quot;,&quot;sizes&quot;:[]}}\" data-widget_type=\"posts.classic\">\n\t\t\t\t<div class=\"elementor-widget-container\">\n\t\t\t\t\t\t\t<div class=\"elementor-posts-container elementor-posts elementor-posts--skin-classic elementor-grid\" role=\"list\">\n\t\t\t\t<article class=\"elementor-post elementor-grid-item post-21373 post type-post status-publish format-standard has-post-thumbnail hentry category-blog-es category-david-mengual-es-es tag-brana-de-mumian-es tag-branas-de-saliencia-es tag-cogollu-de-cebolleu-es tag-david-mengual-es tag-el-cornon-es tag-jordi-mengual-es tag-parque-natural-de-somiedo-es tag-pico-albo-occidental-es tag-pico-albo-oriental-es tag-reserva-de-la-biosfera-es tag-somiedo-es\" role=\"listitem\">\n\t\t\t\t<a class=\"elementor-post__thumbnail__link\" href=\"https:\/\/rutesentrerefugis.com\/index.php\/es\/2024\/06\/04\/somiedo-es\/\" tabindex=\"-1\" >\n\t\t\t<div class=\"elementor-post__thumbnail\"><img loading=\"lazy\" decoding=\"async\" width=\"300\" height=\"200\" src=\"https:\/\/rutesentrerefugis.com\/wp-content\/uploads\/2024\/06\/Somiedo-Inici-300x200.jpg\" class=\"attachment-medium size-medium wp-image-21371\" alt=\"\" srcset=\"https:\/\/rutesentrerefugis.com\/wp-content\/uploads\/2024\/06\/Somiedo-Inici-300x200.jpg 300w, https:\/\/rutesentrerefugis.com\/wp-content\/uploads\/2024\/06\/Somiedo-Inici-1024x683.jpg 1024w, https:\/\/rutesentrerefugis.com\/wp-content\/uploads\/2024\/06\/Somiedo-Inici-768x512.jpg 768w, https:\/\/rutesentrerefugis.com\/wp-content\/uploads\/2024\/06\/Somiedo-Inici.jpg 1200w\" sizes=\"(max-width: 300px) 100vw, 300px\" \/><\/div>\n\t\t<\/a>\n\t\t\t\t<div class=\"elementor-post__text\">\n\t\t\t\t<h3 class=\"elementor-post__title\">\n\t\t\t<a href=\"https:\/\/rutesentrerefugis.com\/index.php\/es\/2024\/06\/04\/somiedo-es\/\" >\n\t\t\t\tSOMIEDO\t\t\t<\/a>\n\t\t<\/h3>\n\t\t\t\t<div class=\"elementor-post__meta-data\">\n\t\t\t\t\t<span class=\"elementor-post-date\">\n\t\t\t04\/06\/2024\t\t<\/span>\n\t\t\t\t<\/div>\n\t\t\t\t<\/div>\n\t\t\t\t<\/article>\n\t\t\t\t<article class=\"elementor-post elementor-grid-item post-10141 post type-post status-publish format-standard has-post-thumbnail hentry category-blog-es category-david-mengual-es-es tag-andorra-es tag-cerdanya-es tag-cronicas-ca-es tag-croniques-ca-es tag-david-mengual-es tag-engorgs-es tag-la-ruta-dels-estanys-amagats-es tag-perafita-es tag-pessons-es tag-puigpedros-es tag-tossa-plana-de-lles-es tag-vall-del-madriu-es\" role=\"listitem\">\n\t\t\t\t<a class=\"elementor-post__thumbnail__link\" href=\"https:\/\/rutesentrerefugis.com\/index.php\/es\/2022\/06\/21\/la-ruta-de-los-estanys-amagats\/\" tabindex=\"-1\" >\n\t\t\t<div class=\"elementor-post__thumbnail\"><img loading=\"lazy\" decoding=\"async\" width=\"300\" height=\"200\" src=\"https:\/\/rutesentrerefugis.com\/wp-content\/uploads\/2023\/03\/Ruta-Estanys-Amagats-Inici-NW-300x200.jpg\" class=\"attachment-medium size-medium wp-image-10063\" alt=\"\" srcset=\"https:\/\/rutesentrerefugis.com\/wp-content\/uploads\/2023\/03\/Ruta-Estanys-Amagats-Inici-NW-300x200.jpg 300w, https:\/\/rutesentrerefugis.com\/wp-content\/uploads\/2023\/03\/Ruta-Estanys-Amagats-Inici-NW-1024x683.jpg 1024w, https:\/\/rutesentrerefugis.com\/wp-content\/uploads\/2023\/03\/Ruta-Estanys-Amagats-Inici-NW-768x512.jpg 768w, https:\/\/rutesentrerefugis.com\/wp-content\/uploads\/2023\/03\/Ruta-Estanys-Amagats-Inici-NW.jpg 1200w\" sizes=\"(max-width: 300px) 100vw, 300px\" \/><\/div>\n\t\t<\/a>\n\t\t\t\t<div class=\"elementor-post__text\">\n\t\t\t\t<h3 class=\"elementor-post__title\">\n\t\t\t<a href=\"https:\/\/rutesentrerefugis.com\/index.php\/es\/2022\/06\/21\/la-ruta-de-los-estanys-amagats\/\" >\n\t\t\t\tLA RUTA DE LOS ESTANYS AMAGATS\t\t\t<\/a>\n\t\t<\/h3>\n\t\t\t\t<div class=\"elementor-post__meta-data\">\n\t\t\t\t\t<span class=\"elementor-post-date\">\n\t\t\t21\/06\/2022\t\t<\/span>\n\t\t\t\t<\/div>\n\t\t\t\t<\/div>\n\t\t\t\t<\/article>\n\t\t\t\t<article class=\"elementor-post elementor-grid-item post-10170 post type-post status-publish format-standard has-post-thumbnail hentry category-blog-es category-david-mengual-es-es category-pass-aran-es tag-couserans-es tag-cronicas-ca-es tag-croniques-ca-es tag-david-mengual-es tag-passaran-es tag-val-daran-es\" role=\"listitem\">\n\t\t\t\t<a class=\"elementor-post__thumbnail__link\" href=\"https:\/\/rutesentrerefugis.com\/index.php\/es\/2019\/06\/25\/pass-aran-articulo\/\" tabindex=\"-1\" >\n\t\t\t<div class=\"elementor-post__thumbnail\"><img loading=\"lazy\" decoding=\"async\" width=\"300\" height=\"200\" src=\"https:\/\/rutesentrerefugis.com\/wp-content\/uploads\/2023\/03\/Pass-Aran-Inici-NW-300x200.jpg\" class=\"attachment-medium size-medium wp-image-10152\" alt=\"\" srcset=\"https:\/\/rutesentrerefugis.com\/wp-content\/uploads\/2023\/03\/Pass-Aran-Inici-NW-300x200.jpg 300w, https:\/\/rutesentrerefugis.com\/wp-content\/uploads\/2023\/03\/Pass-Aran-Inici-NW-1024x683.jpg 1024w, https:\/\/rutesentrerefugis.com\/wp-content\/uploads\/2023\/03\/Pass-Aran-Inici-NW-768x512.jpg 768w, https:\/\/rutesentrerefugis.com\/wp-content\/uploads\/2023\/03\/Pass-Aran-Inici-NW.jpg 1200w\" sizes=\"(max-width: 300px) 100vw, 300px\" \/><\/div>\n\t\t<\/a>\n\t\t\t\t<div class=\"elementor-post__text\">\n\t\t\t\t<h3 class=\"elementor-post__title\">\n\t\t\t<a href=\"https:\/\/rutesentrerefugis.com\/index.php\/es\/2019\/06\/25\/pass-aran-articulo\/\" >\n\t\t\t\tPASS&#8217;ARAN\t\t\t<\/a>\n\t\t<\/h3>\n\t\t\t\t<div class=\"elementor-post__meta-data\">\n\t\t\t\t\t<span class=\"elementor-post-date\">\n\t\t\t25\/06\/2019\t\t<\/span>\n\t\t\t\t<\/div>\n\t\t\t\t<\/div>\n\t\t\t\t<\/article>\n\t\t\t\t<\/div>\n\t\t\n\t\t\t\t\t\t<\/div>\n\t\t\t\t<\/div>\n\t\t\t\t\t<\/div>\n\t\t<\/div>\n\t\t\t\t\t<\/div>\n\t\t<\/section>\n\t\t\t\t<section class=\"elementor-section elementor-top-section elementor-element elementor-element-24091e8 elementor-section-full_width elementor-section-height-default elementor-section-height-default\" data-id=\"24091e8\" data-element_type=\"section\" data-e-type=\"section\">\n\t\t\t\t\t\t<div class=\"elementor-container elementor-column-gap-default\">\n\t\t\t\t\t<div class=\"elementor-column elementor-col-100 elementor-top-column elementor-element elementor-element-bcf0e5d\" data-id=\"bcf0e5d\" data-element_type=\"column\" data-e-type=\"column\">\n\t\t\t<div class=\"elementor-widget-wrap elementor-element-populated\">\n\t\t\t\t\t\t<div class=\"elementor-element elementor-element-4046bbe elementor-widget-divider--view-line elementor-widget elementor-widget-divider\" data-id=\"4046bbe\" data-element_type=\"widget\" data-e-type=\"widget\" data-widget_type=\"divider.default\">\n\t\t\t\t<div class=\"elementor-widget-container\">\n\t\t\t\t\t\t\t<div class=\"elementor-divider\">\n\t\t\t<span class=\"elementor-divider-separator\">\n\t\t\t\t\t\t<\/span>\n\t\t<\/div>\n\t\t\t\t\t\t<\/div>\n\t\t\t\t<\/div>\n\t\t\t\t\t<\/div>\n\t\t<\/div>\n\t\t\t\t\t<\/div>\n\t\t<\/section>\n\t\t\t\t<section class=\"elementor-section elementor-top-section elementor-element elementor-element-2497fed elementor-section-full_width elementor-section-height-default elementor-section-height-default\" data-id=\"2497fed\" data-element_type=\"section\" data-e-type=\"section\">\n\t\t\t\t\t\t<div class=\"elementor-container elementor-column-gap-default\">\n\t\t\t\t\t<div class=\"elementor-column elementor-col-100 elementor-top-column elementor-element elementor-element-ec68757\" data-id=\"ec68757\" data-element_type=\"column\" data-e-type=\"column\">\n\t\t\t<div class=\"elementor-widget-wrap elementor-element-populated\">\n\t\t\t\t\t\t<div class=\"elementor-element elementor-element-f86efba elementor-widget elementor-widget-spacer\" data-id=\"f86efba\" data-element_type=\"widget\" data-e-type=\"widget\" data-widget_type=\"spacer.default\">\n\t\t\t\t<div class=\"elementor-widget-container\">\n\t\t\t\t\t\t\t<div class=\"elementor-spacer\">\n\t\t\t<div class=\"elementor-spacer-inner\"><\/div>\n\t\t<\/div>\n\t\t\t\t\t\t<\/div>\n\t\t\t\t<\/div>\n\t\t\t\t\t<\/div>\n\t\t<\/div>\n\t\t\t\t\t<\/div>\n\t\t<\/section>\n\t\t\t\t<\/div>\n\t\t","protected":false},"excerpt":{"rendered":"<p>PASS&#8217;ARAN LA TRAVES\u00cdA TRANSFRONTERERA DE ALTA MONTA\u00d1A Cr\u00f3nica escrita por DAVID MENGUAL publicada en la revista MUNTANYA n\u00famero 904 Las monta\u00f1as del norte del Valle<\/p>\n","protected":false},"author":29,"featured_media":10152,"comment_status":"open","ping_status":"open","sticky":false,"template":"elementor_header_footer","format":"standard","meta":{"_monsterinsights_skip_tracking":false,"_monsterinsights_sitenote_active":false,"_monsterinsights_sitenote_note":"","_monsterinsights_sitenote_category":0,"footnotes":""},"categories":[5126,5564,2873],"tags":[5566,5146,5148,5568,5570,5460],"class_list":["post-10170","post","type-post","status-publish","format-standard","has-post-thumbnail","hentry","category-blog-es","category-david-mengual-es-es","category-pass-aran-es","tag-couserans-es","tag-cronicas-ca-es","tag-croniques-ca-es","tag-david-mengual-es","tag-passaran-es","tag-val-daran-es"],"yoast_head":"<!-- This site is optimized with the Yoast SEO plugin v27.5 - https:\/\/yoast.com\/product\/yoast-seo-wordpress\/ -->\n<title>PASS&#039;ARAN - Rutes Entre Refugis<\/title>\n<meta name=\"robots\" content=\"index, follow, max-snippet:-1, max-image-preview:large, max-video-preview:-1\" \/>\n<link rel=\"canonical\" href=\"https:\/\/rutesentrerefugis.com\/index.php\/es\/2019\/06\/25\/pass-aran-articulo\/\" \/>\n<meta property=\"og:locale\" content=\"es_ES\" \/>\n<meta property=\"og:type\" content=\"article\" \/>\n<meta property=\"og:title\" content=\"PASS&#039;ARAN - Rutes Entre Refugis\" \/>\n<meta property=\"og:description\" content=\"PASS&#8217;ARAN LA TRAVES\u00cdA TRANSFRONTERERA DE ALTA MONTA\u00d1A Cr\u00f3nica escrita por DAVID MENGUAL publicada en la revista MUNTANYA n\u00famero 904 Las monta\u00f1as del norte del Valle\" \/>\n<meta property=\"og:url\" content=\"https:\/\/rutesentrerefugis.com\/index.php\/es\/2019\/06\/25\/pass-aran-articulo\/\" \/>\n<meta property=\"og:site_name\" content=\"Rutes Entre Refugis\" \/>\n<meta property=\"article:published_time\" content=\"2019-06-25T11:24:00+00:00\" \/>\n<meta property=\"article:modified_time\" content=\"2024-04-25T11:00:39+00:00\" \/>\n<meta property=\"og:image\" content=\"https:\/\/rutesentrerefugis.com\/wp-content\/uploads\/2023\/03\/Pass-Aran-Inici-NW.jpg\" \/>\n\t<meta property=\"og:image:width\" content=\"1200\" \/>\n\t<meta property=\"og:image:height\" content=\"800\" \/>\n\t<meta property=\"og:image:type\" content=\"image\/jpeg\" \/>\n<meta name=\"author\" content=\"David Mengual\" \/>\n<meta name=\"twitter:card\" content=\"summary_large_image\" \/>\n<meta name=\"twitter:label1\" content=\"Escrito por\" \/>\n\t<meta name=\"twitter:data1\" content=\"David Mengual\" \/>\n\t<meta name=\"twitter:label2\" content=\"Tiempo de lectura\" \/>\n\t<meta name=\"twitter:data2\" content=\"18 minutos\" \/>\n<script type=\"application\/ld+json\" class=\"yoast-schema-graph\">{\"@context\":\"https:\\\/\\\/schema.org\",\"@graph\":[{\"@type\":\"Article\",\"@id\":\"https:\\\/\\\/rutesentrerefugis.com\\\/index.php\\\/es\\\/2019\\\/06\\\/25\\\/pass-aran-articulo\\\/#article\",\"isPartOf\":{\"@id\":\"https:\\\/\\\/rutesentrerefugis.com\\\/index.php\\\/es\\\/2019\\\/06\\\/25\\\/pass-aran-articulo\\\/\"},\"author\":{\"name\":\"David Mengual\",\"@id\":\"https:\\\/\\\/rutesentrerefugis.com\\\/#\\\/schema\\\/person\\\/91564598edebb15c76cf783dee9c37d6\"},\"headline\":\"PASS&#8217;ARAN\",\"datePublished\":\"2019-06-25T11:24:00+00:00\",\"dateModified\":\"2024-04-25T11:00:39+00:00\",\"mainEntityOfPage\":{\"@id\":\"https:\\\/\\\/rutesentrerefugis.com\\\/index.php\\\/es\\\/2019\\\/06\\\/25\\\/pass-aran-articulo\\\/\"},\"wordCount\":2854,\"commentCount\":0,\"publisher\":{\"@id\":\"https:\\\/\\\/rutesentrerefugis.com\\\/#organization\"},\"image\":{\"@id\":\"https:\\\/\\\/rutesentrerefugis.com\\\/index.php\\\/es\\\/2019\\\/06\\\/25\\\/pass-aran-articulo\\\/#primaryimage\"},\"thumbnailUrl\":\"https:\\\/\\\/rutesentrerefugis.com\\\/wp-content\\\/uploads\\\/2023\\\/03\\\/Pass-Aran-Inici-NW.jpg\",\"keywords\":[\"Couserans\",\"Cr\u00f3nicas\",\"Cr\u00f2niques\",\"David Mengual\",\"Pass&#039;Aran\",\"Val d\u2019Aran\"],\"articleSection\":[\"Blog.\",\"David Mengual.\",\"Pass'Aran.\"],\"inLanguage\":\"es\",\"potentialAction\":[{\"@type\":\"CommentAction\",\"name\":\"Comment\",\"target\":[\"https:\\\/\\\/rutesentrerefugis.com\\\/index.php\\\/es\\\/2019\\\/06\\\/25\\\/pass-aran-articulo\\\/#respond\"]}]},{\"@type\":\"WebPage\",\"@id\":\"https:\\\/\\\/rutesentrerefugis.com\\\/index.php\\\/es\\\/2019\\\/06\\\/25\\\/pass-aran-articulo\\\/\",\"url\":\"https:\\\/\\\/rutesentrerefugis.com\\\/index.php\\\/es\\\/2019\\\/06\\\/25\\\/pass-aran-articulo\\\/\",\"name\":\"PASS'ARAN - Rutes Entre Refugis\",\"isPartOf\":{\"@id\":\"https:\\\/\\\/rutesentrerefugis.com\\\/#website\"},\"primaryImageOfPage\":{\"@id\":\"https:\\\/\\\/rutesentrerefugis.com\\\/index.php\\\/es\\\/2019\\\/06\\\/25\\\/pass-aran-articulo\\\/#primaryimage\"},\"image\":{\"@id\":\"https:\\\/\\\/rutesentrerefugis.com\\\/index.php\\\/es\\\/2019\\\/06\\\/25\\\/pass-aran-articulo\\\/#primaryimage\"},\"thumbnailUrl\":\"https:\\\/\\\/rutesentrerefugis.com\\\/wp-content\\\/uploads\\\/2023\\\/03\\\/Pass-Aran-Inici-NW.jpg\",\"datePublished\":\"2019-06-25T11:24:00+00:00\",\"dateModified\":\"2024-04-25T11:00:39+00:00\",\"breadcrumb\":{\"@id\":\"https:\\\/\\\/rutesentrerefugis.com\\\/index.php\\\/es\\\/2019\\\/06\\\/25\\\/pass-aran-articulo\\\/#breadcrumb\"},\"inLanguage\":\"es\",\"potentialAction\":[{\"@type\":\"ReadAction\",\"target\":[\"https:\\\/\\\/rutesentrerefugis.com\\\/index.php\\\/es\\\/2019\\\/06\\\/25\\\/pass-aran-articulo\\\/\"]}]},{\"@type\":\"ImageObject\",\"inLanguage\":\"es\",\"@id\":\"https:\\\/\\\/rutesentrerefugis.com\\\/index.php\\\/es\\\/2019\\\/06\\\/25\\\/pass-aran-articulo\\\/#primaryimage\",\"url\":\"https:\\\/\\\/rutesentrerefugis.com\\\/wp-content\\\/uploads\\\/2023\\\/03\\\/Pass-Aran-Inici-NW.jpg\",\"contentUrl\":\"https:\\\/\\\/rutesentrerefugis.com\\\/wp-content\\\/uploads\\\/2023\\\/03\\\/Pass-Aran-Inici-NW.jpg\",\"width\":1200,\"height\":800},{\"@type\":\"BreadcrumbList\",\"@id\":\"https:\\\/\\\/rutesentrerefugis.com\\\/index.php\\\/es\\\/2019\\\/06\\\/25\\\/pass-aran-articulo\\\/#breadcrumb\",\"itemListElement\":[{\"@type\":\"ListItem\",\"position\":1,\"name\":\"Inici\",\"item\":\"https:\\\/\\\/rutesentrerefugis.com\\\/\"},{\"@type\":\"ListItem\",\"position\":2,\"name\":\"PASS&#8217;ARAN\"}]},{\"@type\":\"WebSite\",\"@id\":\"https:\\\/\\\/rutesentrerefugis.com\\\/#website\",\"url\":\"https:\\\/\\\/rutesentrerefugis.com\\\/\",\"name\":\"Rutes Entre Refugis\",\"description\":\"Caminant sota un nom\",\"publisher\":{\"@id\":\"https:\\\/\\\/rutesentrerefugis.com\\\/#organization\"},\"potentialAction\":[{\"@type\":\"SearchAction\",\"target\":{\"@type\":\"EntryPoint\",\"urlTemplate\":\"https:\\\/\\\/rutesentrerefugis.com\\\/?s={search_term_string}\"},\"query-input\":{\"@type\":\"PropertyValueSpecification\",\"valueRequired\":true,\"valueName\":\"search_term_string\"}}],\"inLanguage\":\"es\"},{\"@type\":\"Organization\",\"@id\":\"https:\\\/\\\/rutesentrerefugis.com\\\/#organization\",\"name\":\"Rutes Entre Refugis\",\"url\":\"https:\\\/\\\/rutesentrerefugis.com\\\/\",\"logo\":{\"@type\":\"ImageObject\",\"inLanguage\":\"es\",\"@id\":\"https:\\\/\\\/rutesentrerefugis.com\\\/#\\\/schema\\\/logo\\\/image\\\/\",\"url\":\"https:\\\/\\\/rutesentrerefugis.com\\\/wp-content\\\/uploads\\\/2022\\\/08\\\/RutesEntreRefugis-Blanc-Retina-1.png\",\"contentUrl\":\"https:\\\/\\\/rutesentrerefugis.com\\\/wp-content\\\/uploads\\\/2022\\\/08\\\/RutesEntreRefugis-Blanc-Retina-1.png\",\"width\":400,\"height\":400,\"caption\":\"Rutes Entre Refugis\"},\"image\":{\"@id\":\"https:\\\/\\\/rutesentrerefugis.com\\\/#\\\/schema\\\/logo\\\/image\\\/\"}},{\"@type\":\"Person\",\"@id\":\"https:\\\/\\\/rutesentrerefugis.com\\\/#\\\/schema\\\/person\\\/91564598edebb15c76cf783dee9c37d6\",\"name\":\"David Mengual\",\"image\":{\"@type\":\"ImageObject\",\"inLanguage\":\"es\",\"@id\":\"https:\\\/\\\/rutesentrerefugis.com\\\/wp-content\\\/uploads\\\/2023\\\/05\\\/avatar_user_29_1683353884-96x96.jpg\",\"url\":\"https:\\\/\\\/rutesentrerefugis.com\\\/wp-content\\\/uploads\\\/2023\\\/05\\\/avatar_user_29_1683353884-96x96.jpg\",\"contentUrl\":\"https:\\\/\\\/rutesentrerefugis.com\\\/wp-content\\\/uploads\\\/2023\\\/05\\\/avatar_user_29_1683353884-96x96.jpg\",\"caption\":\"David Mengual\"},\"url\":\"https:\\\/\\\/rutesentrerefugis.com\\\/index.php\\\/author\\\/david-mengual\\\/\"}]}<\/script>\n<!-- \/ Yoast SEO plugin. -->","yoast_head_json":{"title":"PASS'ARAN - Rutes Entre Refugis","robots":{"index":"index","follow":"follow","max-snippet":"max-snippet:-1","max-image-preview":"max-image-preview:large","max-video-preview":"max-video-preview:-1"},"canonical":"https:\/\/rutesentrerefugis.com\/index.php\/es\/2019\/06\/25\/pass-aran-articulo\/","og_locale":"es_ES","og_type":"article","og_title":"PASS'ARAN - Rutes Entre Refugis","og_description":"PASS&#8217;ARAN LA TRAVES\u00cdA TRANSFRONTERERA DE ALTA MONTA\u00d1A Cr\u00f3nica escrita por DAVID MENGUAL publicada en la revista MUNTANYA n\u00famero 904 Las monta\u00f1as del norte del Valle","og_url":"https:\/\/rutesentrerefugis.com\/index.php\/es\/2019\/06\/25\/pass-aran-articulo\/","og_site_name":"Rutes Entre Refugis","article_published_time":"2019-06-25T11:24:00+00:00","article_modified_time":"2024-04-25T11:00:39+00:00","og_image":[{"width":1200,"height":800,"url":"https:\/\/rutesentrerefugis.com\/wp-content\/uploads\/2023\/03\/Pass-Aran-Inici-NW.jpg","type":"image\/jpeg"}],"author":"David Mengual","twitter_card":"summary_large_image","twitter_misc":{"Escrito por":"David Mengual","Tiempo de lectura":"18 minutos"},"schema":{"@context":"https:\/\/schema.org","@graph":[{"@type":"Article","@id":"https:\/\/rutesentrerefugis.com\/index.php\/es\/2019\/06\/25\/pass-aran-articulo\/#article","isPartOf":{"@id":"https:\/\/rutesentrerefugis.com\/index.php\/es\/2019\/06\/25\/pass-aran-articulo\/"},"author":{"name":"David Mengual","@id":"https:\/\/rutesentrerefugis.com\/#\/schema\/person\/91564598edebb15c76cf783dee9c37d6"},"headline":"PASS&#8217;ARAN","datePublished":"2019-06-25T11:24:00+00:00","dateModified":"2024-04-25T11:00:39+00:00","mainEntityOfPage":{"@id":"https:\/\/rutesentrerefugis.com\/index.php\/es\/2019\/06\/25\/pass-aran-articulo\/"},"wordCount":2854,"commentCount":0,"publisher":{"@id":"https:\/\/rutesentrerefugis.com\/#organization"},"image":{"@id":"https:\/\/rutesentrerefugis.com\/index.php\/es\/2019\/06\/25\/pass-aran-articulo\/#primaryimage"},"thumbnailUrl":"https:\/\/rutesentrerefugis.com\/wp-content\/uploads\/2023\/03\/Pass-Aran-Inici-NW.jpg","keywords":["Couserans","Cr\u00f3nicas","Cr\u00f2niques","David Mengual","Pass&#039;Aran","Val d\u2019Aran"],"articleSection":["Blog.","David Mengual.","Pass'Aran."],"inLanguage":"es","potentialAction":[{"@type":"CommentAction","name":"Comment","target":["https:\/\/rutesentrerefugis.com\/index.php\/es\/2019\/06\/25\/pass-aran-articulo\/#respond"]}]},{"@type":"WebPage","@id":"https:\/\/rutesentrerefugis.com\/index.php\/es\/2019\/06\/25\/pass-aran-articulo\/","url":"https:\/\/rutesentrerefugis.com\/index.php\/es\/2019\/06\/25\/pass-aran-articulo\/","name":"PASS'ARAN - Rutes Entre Refugis","isPartOf":{"@id":"https:\/\/rutesentrerefugis.com\/#website"},"primaryImageOfPage":{"@id":"https:\/\/rutesentrerefugis.com\/index.php\/es\/2019\/06\/25\/pass-aran-articulo\/#primaryimage"},"image":{"@id":"https:\/\/rutesentrerefugis.com\/index.php\/es\/2019\/06\/25\/pass-aran-articulo\/#primaryimage"},"thumbnailUrl":"https:\/\/rutesentrerefugis.com\/wp-content\/uploads\/2023\/03\/Pass-Aran-Inici-NW.jpg","datePublished":"2019-06-25T11:24:00+00:00","dateModified":"2024-04-25T11:00:39+00:00","breadcrumb":{"@id":"https:\/\/rutesentrerefugis.com\/index.php\/es\/2019\/06\/25\/pass-aran-articulo\/#breadcrumb"},"inLanguage":"es","potentialAction":[{"@type":"ReadAction","target":["https:\/\/rutesentrerefugis.com\/index.php\/es\/2019\/06\/25\/pass-aran-articulo\/"]}]},{"@type":"ImageObject","inLanguage":"es","@id":"https:\/\/rutesentrerefugis.com\/index.php\/es\/2019\/06\/25\/pass-aran-articulo\/#primaryimage","url":"https:\/\/rutesentrerefugis.com\/wp-content\/uploads\/2023\/03\/Pass-Aran-Inici-NW.jpg","contentUrl":"https:\/\/rutesentrerefugis.com\/wp-content\/uploads\/2023\/03\/Pass-Aran-Inici-NW.jpg","width":1200,"height":800},{"@type":"BreadcrumbList","@id":"https:\/\/rutesentrerefugis.com\/index.php\/es\/2019\/06\/25\/pass-aran-articulo\/#breadcrumb","itemListElement":[{"@type":"ListItem","position":1,"name":"Inici","item":"https:\/\/rutesentrerefugis.com\/"},{"@type":"ListItem","position":2,"name":"PASS&#8217;ARAN"}]},{"@type":"WebSite","@id":"https:\/\/rutesentrerefugis.com\/#website","url":"https:\/\/rutesentrerefugis.com\/","name":"Rutes Entre Refugis","description":"Caminant sota un nom","publisher":{"@id":"https:\/\/rutesentrerefugis.com\/#organization"},"potentialAction":[{"@type":"SearchAction","target":{"@type":"EntryPoint","urlTemplate":"https:\/\/rutesentrerefugis.com\/?s={search_term_string}"},"query-input":{"@type":"PropertyValueSpecification","valueRequired":true,"valueName":"search_term_string"}}],"inLanguage":"es"},{"@type":"Organization","@id":"https:\/\/rutesentrerefugis.com\/#organization","name":"Rutes Entre Refugis","url":"https:\/\/rutesentrerefugis.com\/","logo":{"@type":"ImageObject","inLanguage":"es","@id":"https:\/\/rutesentrerefugis.com\/#\/schema\/logo\/image\/","url":"https:\/\/rutesentrerefugis.com\/wp-content\/uploads\/2022\/08\/RutesEntreRefugis-Blanc-Retina-1.png","contentUrl":"https:\/\/rutesentrerefugis.com\/wp-content\/uploads\/2022\/08\/RutesEntreRefugis-Blanc-Retina-1.png","width":400,"height":400,"caption":"Rutes Entre Refugis"},"image":{"@id":"https:\/\/rutesentrerefugis.com\/#\/schema\/logo\/image\/"}},{"@type":"Person","@id":"https:\/\/rutesentrerefugis.com\/#\/schema\/person\/91564598edebb15c76cf783dee9c37d6","name":"David Mengual","image":{"@type":"ImageObject","inLanguage":"es","@id":"https:\/\/rutesentrerefugis.com\/wp-content\/uploads\/2023\/05\/avatar_user_29_1683353884-96x96.jpg","url":"https:\/\/rutesentrerefugis.com\/wp-content\/uploads\/2023\/05\/avatar_user_29_1683353884-96x96.jpg","contentUrl":"https:\/\/rutesentrerefugis.com\/wp-content\/uploads\/2023\/05\/avatar_user_29_1683353884-96x96.jpg","caption":"David Mengual"},"url":"https:\/\/rutesentrerefugis.com\/index.php\/author\/david-mengual\/"}]}},"_links":{"self":[{"href":"https:\/\/rutesentrerefugis.com\/index.php\/wp-json\/wp\/v2\/posts\/10170","targetHints":{"allow":["GET"]}}],"collection":[{"href":"https:\/\/rutesentrerefugis.com\/index.php\/wp-json\/wp\/v2\/posts"}],"about":[{"href":"https:\/\/rutesentrerefugis.com\/index.php\/wp-json\/wp\/v2\/types\/post"}],"author":[{"embeddable":true,"href":"https:\/\/rutesentrerefugis.com\/index.php\/wp-json\/wp\/v2\/users\/29"}],"replies":[{"embeddable":true,"href":"https:\/\/rutesentrerefugis.com\/index.php\/wp-json\/wp\/v2\/comments?post=10170"}],"version-history":[{"count":30,"href":"https:\/\/rutesentrerefugis.com\/index.php\/wp-json\/wp\/v2\/posts\/10170\/revisions"}],"predecessor-version":[{"id":20926,"href":"https:\/\/rutesentrerefugis.com\/index.php\/wp-json\/wp\/v2\/posts\/10170\/revisions\/20926"}],"wp:featuredmedia":[{"embeddable":true,"href":"https:\/\/rutesentrerefugis.com\/index.php\/wp-json\/wp\/v2\/media\/10152"}],"wp:attachment":[{"href":"https:\/\/rutesentrerefugis.com\/index.php\/wp-json\/wp\/v2\/media?parent=10170"}],"wp:term":[{"taxonomy":"category","embeddable":true,"href":"https:\/\/rutesentrerefugis.com\/index.php\/wp-json\/wp\/v2\/categories?post=10170"},{"taxonomy":"post_tag","embeddable":true,"href":"https:\/\/rutesentrerefugis.com\/index.php\/wp-json\/wp\/v2\/tags?post=10170"}],"curies":[{"name":"wp","href":"https:\/\/api.w.org\/{rel}","templated":true}]}}