{"id":10241,"date":"2022-03-08T15:53:00","date_gmt":"2022-03-08T15:53:00","guid":{"rendered":"https:\/\/nova.rutesentrerefugis.com\/?p=10241"},"modified":"2024-04-25T11:27:47","modified_gmt":"2024-04-25T11:27:47","slug":"el-avituallamiento-que-cae-del-cielo","status":"publish","type":"post","link":"https:\/\/rutesentrerefugis.com\/index.php\/es\/2022\/03\/08\/el-avituallamiento-que-cae-del-cielo\/","title":{"rendered":"EL AVITUALLAMIENTO QUE CAE DEL CIELO"},"content":{"rendered":"\t\t<div data-elementor-type=\"wp-post\" data-elementor-id=\"10241\" class=\"elementor elementor-10241\" data-elementor-post-type=\"post\">\n\t\t\t\t\t\t<section class=\"elementor-section elementor-top-section elementor-element elementor-element-95df28b elementor-section-full_width elementor-section-height-default elementor-section-height-default\" data-id=\"95df28b\" data-element_type=\"section\" data-e-type=\"section\" data-settings=\"{&quot;background_background&quot;:&quot;classic&quot;}\">\n\t\t\t\t\t\t<div class=\"elementor-container elementor-column-gap-default\">\n\t\t\t\t\t<div class=\"elementor-column elementor-col-100 elementor-top-column elementor-element elementor-element-84065af\" data-id=\"84065af\" data-element_type=\"column\" data-e-type=\"column\">\n\t\t\t<div class=\"elementor-widget-wrap elementor-element-populated\">\n\t\t\t\t\t\t<div class=\"elementor-element elementor-element-c09c1a0 elementor-widget elementor-widget-image\" data-id=\"c09c1a0\" data-element_type=\"widget\" data-e-type=\"widget\" data-widget_type=\"image.default\">\n\t\t\t\t<div class=\"elementor-widget-container\">\n\t\t\t\t\t\t\t\t\t\t\t\t\t\t\t<img fetchpriority=\"high\" decoding=\"async\" width=\"2000\" height=\"450\" src=\"https:\/\/rutesentrerefugis.com\/wp-content\/uploads\/2023\/03\/Helicopters-Refugis-Cap.jpg\" class=\"attachment-full size-full wp-image-10198\" alt=\"\" srcset=\"https:\/\/rutesentrerefugis.com\/wp-content\/uploads\/2023\/03\/Helicopters-Refugis-Cap.jpg 2000w, https:\/\/rutesentrerefugis.com\/wp-content\/uploads\/2023\/03\/Helicopters-Refugis-Cap-300x68.jpg 300w, https:\/\/rutesentrerefugis.com\/wp-content\/uploads\/2023\/03\/Helicopters-Refugis-Cap-1024x230.jpg 1024w, https:\/\/rutesentrerefugis.com\/wp-content\/uploads\/2023\/03\/Helicopters-Refugis-Cap-768x173.jpg 768w, https:\/\/rutesentrerefugis.com\/wp-content\/uploads\/2023\/03\/Helicopters-Refugis-Cap-1536x346.jpg 1536w\" sizes=\"(max-width: 2000px) 100vw, 2000px\" \/>\t\t\t\t\t\t\t\t\t\t\t\t\t\t\t<\/div>\n\t\t\t\t<\/div>\n\t\t\t\t\t<\/div>\n\t\t<\/div>\n\t\t\t\t\t<\/div>\n\t\t<\/section>\n\t\t\t\t<section class=\"elementor-section elementor-top-section elementor-element elementor-element-c2db30a elementor-section-full_width elementor-section-height-default elementor-section-height-default\" data-id=\"c2db30a\" data-element_type=\"section\" data-e-type=\"section\" data-settings=\"{&quot;background_background&quot;:&quot;classic&quot;}\">\n\t\t\t\t\t\t<div class=\"elementor-container elementor-column-gap-default\">\n\t\t\t\t\t<div class=\"elementor-column elementor-col-100 elementor-top-column elementor-element elementor-element-7702d15\" data-id=\"7702d15\" data-element_type=\"column\" data-e-type=\"column\">\n\t\t\t<div class=\"elementor-widget-wrap elementor-element-populated\">\n\t\t\t\t\t\t<div class=\"elementor-element elementor-element-d6bdcec elementor-widget elementor-widget-heading\" data-id=\"d6bdcec\" data-element_type=\"widget\" data-e-type=\"widget\" data-widget_type=\"heading.default\">\n\t\t\t\t<div class=\"elementor-widget-container\">\n\t\t\t\t\t<h2 class=\"elementor-heading-title elementor-size-default\">EL AVITUALLAMIENTO QUE VIENE DEL CIELO<\/h2>\t\t\t\t<\/div>\n\t\t\t\t<\/div>\n\t\t\t\t\t<\/div>\n\t\t<\/div>\n\t\t\t\t\t<\/div>\n\t\t<\/section>\n\t\t\t\t<section class=\"elementor-section elementor-top-section elementor-element elementor-element-d4773d0 elementor-section-full_width elementor-section-height-default elementor-section-height-default\" data-id=\"d4773d0\" data-element_type=\"section\" data-e-type=\"section\" data-settings=\"{&quot;background_background&quot;:&quot;classic&quot;}\">\n\t\t\t\t\t\t<div class=\"elementor-container elementor-column-gap-default\">\n\t\t\t\t\t<div class=\"elementor-column elementor-col-100 elementor-top-column elementor-element elementor-element-a8be536\" data-id=\"a8be536\" data-element_type=\"column\" data-e-type=\"column\">\n\t\t\t<div class=\"elementor-widget-wrap elementor-element-populated\">\n\t\t\t\t\t\t<div class=\"elementor-element elementor-element-7b5d92c elementor-widget-divider--view-line elementor-widget elementor-widget-divider\" data-id=\"7b5d92c\" data-element_type=\"widget\" data-e-type=\"widget\" data-widget_type=\"divider.default\">\n\t\t\t\t<div class=\"elementor-widget-container\">\n\t\t\t\t\t\t\t<div class=\"elementor-divider\">\n\t\t\t<span class=\"elementor-divider-separator\">\n\t\t\t\t\t\t<\/span>\n\t\t<\/div>\n\t\t\t\t\t\t<\/div>\n\t\t\t\t<\/div>\n\t\t\t\t\t<\/div>\n\t\t<\/div>\n\t\t\t\t\t<\/div>\n\t\t<\/section>\n\t\t\t\t<section class=\"elementor-section elementor-top-section elementor-element elementor-element-88c38ed elementor-section-full_width elementor-section-height-default elementor-section-height-default\" data-id=\"88c38ed\" data-element_type=\"section\" data-e-type=\"section\">\n\t\t\t\t\t\t<div class=\"elementor-container elementor-column-gap-default\">\n\t\t\t\t\t<div class=\"elementor-column elementor-col-100 elementor-top-column elementor-element elementor-element-27365fc\" data-id=\"27365fc\" data-element_type=\"column\" data-e-type=\"column\">\n\t\t\t<div class=\"elementor-widget-wrap elementor-element-populated\">\n\t\t\t\t\t\t<div class=\"elementor-element elementor-element-a8716c3 elementor-widget elementor-widget-spacer\" data-id=\"a8716c3\" data-element_type=\"widget\" data-e-type=\"widget\" data-widget_type=\"spacer.default\">\n\t\t\t\t<div class=\"elementor-widget-container\">\n\t\t\t\t\t\t\t<div class=\"elementor-spacer\">\n\t\t\t<div class=\"elementor-spacer-inner\"><\/div>\n\t\t<\/div>\n\t\t\t\t\t\t<\/div>\n\t\t\t\t<\/div>\n\t\t\t\t\t<\/div>\n\t\t<\/div>\n\t\t\t\t\t<\/div>\n\t\t<\/section>\n\t\t\t\t<section class=\"elementor-section elementor-top-section elementor-element elementor-element-22508a8 elementor-section-full_width elementor-section-height-default elementor-section-height-default\" data-id=\"22508a8\" data-element_type=\"section\" data-e-type=\"section\">\n\t\t\t\t\t\t<div class=\"elementor-container elementor-column-gap-default\">\n\t\t\t\t\t<div class=\"elementor-column elementor-col-100 elementor-top-column elementor-element elementor-element-4f16c46\" data-id=\"4f16c46\" data-element_type=\"column\" data-e-type=\"column\">\n\t\t\t<div class=\"elementor-widget-wrap elementor-element-populated\">\n\t\t\t\t\t\t<div class=\"elementor-element elementor-element-b239672 elementor-widget elementor-widget-heading\" data-id=\"b239672\" data-element_type=\"widget\" data-e-type=\"widget\" data-widget_type=\"heading.default\">\n\t\t\t\t<div class=\"elementor-widget-container\">\n\t\t\t\t\t<h2 class=\"elementor-heading-title elementor-size-default\">HELIC\u00d3PTEROS Y REFUGIOS<\/h2>\t\t\t\t<\/div>\n\t\t\t\t<\/div>\n\t\t\t\t\t<\/div>\n\t\t<\/div>\n\t\t\t\t\t<\/div>\n\t\t<\/section>\n\t\t\t\t<section class=\"elementor-section elementor-top-section elementor-element elementor-element-d03fa05 elementor-section-full_width elementor-section-height-default elementor-section-height-default\" data-id=\"d03fa05\" data-element_type=\"section\" data-e-type=\"section\">\n\t\t\t\t\t\t<div class=\"elementor-container elementor-column-gap-default\">\n\t\t\t\t\t<div class=\"elementor-column elementor-col-100 elementor-top-column elementor-element elementor-element-c4e6e7c\" data-id=\"c4e6e7c\" data-element_type=\"column\" data-e-type=\"column\">\n\t\t\t<div class=\"elementor-widget-wrap elementor-element-populated\">\n\t\t\t\t\t\t<div class=\"elementor-element elementor-element-c9b0e54 elementor-widget elementor-widget-text-editor\" data-id=\"c9b0e54\" data-element_type=\"widget\" data-e-type=\"widget\" data-widget_type=\"text-editor.default\">\n\t\t\t\t<div class=\"elementor-widget-container\">\n\t\t\t\t\t\t\t\t\t<p>Cr\u00f3nica escrita por CLARA BLANCHAR (<img decoding=\"async\" class=\"scale-with-grid\" src=\"http:\/\/rutesentrerefugis.com\/wp-content\/uploads\/2021\/03\/Twitter-10-Negre.jpg\" alt=\"\" \/>@clarablanchar), periodista del diario EL PA\u00cdS y colaboradora de la revista V\u00c8RTEX.<br \/>Publicada en la revista V\u00c8RTEX n\u00famero 295<\/p>\t\t\t\t\t\t\t\t<\/div>\n\t\t\t\t<\/div>\n\t\t\t\t\t<\/div>\n\t\t<\/div>\n\t\t\t\t\t<\/div>\n\t\t<\/section>\n\t\t\t\t<section class=\"elementor-section elementor-top-section elementor-element elementor-element-df088b6 elementor-section-full_width elementor-section-height-default elementor-section-height-default\" data-id=\"df088b6\" data-element_type=\"section\" data-e-type=\"section\">\n\t\t\t\t\t\t<div class=\"elementor-container elementor-column-gap-default\">\n\t\t\t\t\t<div class=\"elementor-column elementor-col-100 elementor-top-column elementor-element elementor-element-298e764\" data-id=\"298e764\" data-element_type=\"column\" data-e-type=\"column\">\n\t\t\t<div class=\"elementor-widget-wrap elementor-element-populated\">\n\t\t\t\t\t\t<div class=\"elementor-element elementor-element-8e13bf9 elementor-widget elementor-widget-text-editor\" data-id=\"8e13bf9\" data-element_type=\"widget\" data-e-type=\"widget\" data-widget_type=\"text-editor.default\">\n\t\t\t\t<div class=\"elementor-widget-container\">\n\t\t\t\t\t\t\t\t\t<h5><span style=\"color: #b40404;\">El transporte de comida y material con helic\u00f3pteros se ha convertido en esencial para el d\u00eda a d\u00eda de la mayor\u00eda de los refugios de monta\u00f1a. Repasamos el trabajo que realizan estos veh\u00edculos a trav\u00e9s de la voz de los guardas y recordamos al piloto Haritz Galarraga Gort\u00e1zar y al mec\u00e1nico Jordi Figueras, fallecidos en verano de 2020 en un accidente en el valle de la Vansa.<\/h5>\t\t\t\t\t\t\t\t<\/div>\n\t\t\t\t<\/div>\n\t\t\t\t\t<\/div>\n\t\t<\/div>\n\t\t\t\t\t<\/div>\n\t\t<\/section>\n\t\t\t\t<section class=\"elementor-section elementor-top-section elementor-element elementor-element-d7a90e4 elementor-section-full_width elementor-section-height-default elementor-section-height-default\" data-id=\"d7a90e4\" data-element_type=\"section\" data-e-type=\"section\">\n\t\t\t\t\t\t<div class=\"elementor-container elementor-column-gap-default\">\n\t\t\t\t\t<div class=\"elementor-column elementor-col-100 elementor-top-column elementor-element elementor-element-153c029\" data-id=\"153c029\" data-element_type=\"column\" data-e-type=\"column\">\n\t\t\t<div class=\"elementor-widget-wrap elementor-element-populated\">\n\t\t\t\t\t\t<div class=\"elementor-element elementor-element-d152be4 elementor-widget elementor-widget-text-editor\" data-id=\"d152be4\" data-element_type=\"widget\" data-e-type=\"widget\" data-widget_type=\"text-editor.default\">\n\t\t\t\t<div class=\"elementor-widget-container\">\n\t\t\t\t\t\t\t\t\t<h5>6 de julio de 2020. Los boletines de las radios informan de un accidente de helic\u00f3ptero en el municipio de La Vansa i F\u00f3rnols (Alt Urgell, Catalu\u00f1a). Han muerto un piloto y un mec\u00e1nico que trabajaban preparando las bases para las torres de una l\u00ednea el\u00e9ctrica. Se desconocen las causas del siniestro. Pronto, las cuentas de las redes sociales de refugios de los Pirineos y Picos de Europa se abocan en lamentar la muerte del piloto Haritz Galarraga Gortazar y el mec\u00e1nico Jordi Figueras. Lo hacen en primera persona. Con fotos, incluso. Galarraga era el fundador, propietario y alma de Helitrans Pyrinees, la empresa l\u00edder en el sector de los trabajos a\u00e9reos. Quienes les recuerdan son guardas que desde hace casi veinte a\u00f1os conocen a Haritz, que ha volado decenas de veces hasta sus refugios para abastecerlos de material y comida. Los mensajes de recuerdo y de despedida son impresionantes.<\/br>\n<\/br>\n\u00bfY nosotros, los monta\u00f1eros? \u00bfCu\u00e1ntos de los caf\u00e9s que hemos desayunado o de los platos de pasta que hemos cenado a media traves\u00eda han subido con Helitrans, volando en sacos suspendidos de eslingas de veinte metros? En Coma de Vaca, en Ensija, en Certascan&#8230; \u00bfCu\u00e1ntas cervezas frescas nos hemos bebido, despu\u00e9s de un d\u00eda de dar ca\u00f1a a las piernas, han llegado al refugio desde el aire? \u00bfY qui\u00e9n sube los generadores, placas solares, le\u00f1a, bombonas de butano, rollos de papel de v\u00e1ter? \u00bfQui\u00e9n baja los residuos? \u00bfQui\u00e9n particip\u00f3 en la ampliaci\u00f3n del refugio de G\u00f3riz?<\/br>\n<\/br>\nHaritz fue uno de ellos. El piloto vasco de 47 a\u00f1os que se instal\u00f3 de adolescente a la Seu d\u2019Urgell para participar en el preol\u00edmpico de pirag\u00fcismo de aguas bravas previo a los Juegos de Barcelona. Que no se clasific\u00f3, pero se qued\u00f3 en el pueblo. Que no ten\u00eda muy claro lo que quer\u00eda hacer. Que regres\u00f3 a Donosti, de donde es su familia, para estudiar, pero regres\u00f3 a la Seu. Que un d\u00eda decidi\u00f3 que quer\u00eda ser piloto y volar se convirti\u00f3 en su pasi\u00f3n, su oficio y su vida. Hasta el punto de que pese a ser el jefe de la empresa, que tiene doce helic\u00f3pteros (2,5 millones de euros cada uno), nunca dej\u00f3 de pilotar trabajando en l\u00edneas el\u00e9ctricas, rodajes, retransmisiones deportivas, incendios, transportes especiales&#8230; Haritz meticuloso, exigente, comprometido, seco, que al mando de la nave no estaba para tonter\u00edas. Extremadamente profesional. Que era capaz de echar broncas que los destinatarios recuerdan como si fuera ahora. Pero que, al igual que se embalaba con los decibelios y los insultos y se cagaba en todo como s\u00f3lo saben hacerlo los vascos, acabado el trabajo y de regreso a Helitran llamaba al guarda para comprobar que todo hab\u00eda ido bien. Que si hab\u00eda un accidente, donde fuera, se ofrec\u00eda para ayudar. Que hac\u00eda lo necesario si le ped\u00edan un favor. Su hermana Naiara explica que conservaba decenas de camisetas de refugios de toda Espa\u00f1a. Los guardas entrevistados reconocen que los helic\u00f3pteros se han convertido en imprescindibles para el funcionamiento de unos refugios que cada d\u00eda ofrecen mayor confort y mejor servicio de restauraci\u00f3n. Avituallar desde el aire, admiten, es caro, pero a\u00fan lo ser\u00eda mucho m\u00e1s hacerlo con burros o caballos porque requerir\u00eda tiempo y personal.<\/h5>\t\t\t\t\t\t\t\t<\/div>\n\t\t\t\t<\/div>\n\t\t\t\t\t<\/div>\n\t\t<\/div>\n\t\t\t\t\t<\/div>\n\t\t<\/section>\n\t\t\t\t<section class=\"elementor-section elementor-top-section elementor-element elementor-element-06e52e9 elementor-section-full_width elementor-section-height-default elementor-section-height-default\" data-id=\"06e52e9\" data-element_type=\"section\" data-e-type=\"section\">\n\t\t\t\t\t\t<div class=\"elementor-container elementor-column-gap-default\">\n\t\t\t\t\t<div class=\"elementor-column elementor-col-100 elementor-top-column elementor-element elementor-element-57818c6\" data-id=\"57818c6\" data-element_type=\"column\" data-e-type=\"column\">\n\t\t\t<div class=\"elementor-widget-wrap elementor-element-populated\">\n\t\t\t\t\t\t<div class=\"elementor-element elementor-element-d715cba elementor-widget elementor-widget-image\" data-id=\"d715cba\" data-element_type=\"widget\" data-e-type=\"widget\" data-widget_type=\"image.default\">\n\t\t\t\t<div class=\"elementor-widget-container\">\n\t\t\t\t\t\t\t\t\t\t\t\t<figure class=\"wp-caption\">\n\t\t\t\t\t\t\t\t\t\t<img decoding=\"async\" width=\"2000\" height=\"875\" src=\"https:\/\/rutesentrerefugis.com\/wp-content\/uploads\/2023\/03\/Helicopters-Refugis-01.jpg\" class=\"attachment-full size-full wp-image-10209\" alt=\"\" srcset=\"https:\/\/rutesentrerefugis.com\/wp-content\/uploads\/2023\/03\/Helicopters-Refugis-01.jpg 2000w, https:\/\/rutesentrerefugis.com\/wp-content\/uploads\/2023\/03\/Helicopters-Refugis-01-300x131.jpg 300w, https:\/\/rutesentrerefugis.com\/wp-content\/uploads\/2023\/03\/Helicopters-Refugis-01-1024x448.jpg 1024w, https:\/\/rutesentrerefugis.com\/wp-content\/uploads\/2023\/03\/Helicopters-Refugis-01-768x336.jpg 768w, https:\/\/rutesentrerefugis.com\/wp-content\/uploads\/2023\/03\/Helicopters-Refugis-01-1536x672.jpg 1536w\" sizes=\"(max-width: 2000px) 100vw, 2000px\" \/>\t\t\t\t\t\t\t\t\t\t\t<figcaption class=\"widget-image-caption wp-caption-text\">Transporte de material para realizar una actuaci\u00f3n de mejora en el refugio de Serra d'Ensija (\u00a9 Josep Llus\u00e0)<\/figcaption>\n\t\t\t\t\t\t\t\t\t\t<\/figure>\n\t\t\t\t\t\t\t\t\t<\/div>\n\t\t\t\t<\/div>\n\t\t\t\t\t<\/div>\n\t\t<\/div>\n\t\t\t\t\t<\/div>\n\t\t<\/section>\n\t\t\t\t<section class=\"elementor-section elementor-top-section elementor-element elementor-element-8ff0afd elementor-section-full_width elementor-section-height-default elementor-section-height-default\" data-id=\"8ff0afd\" data-element_type=\"section\" data-e-type=\"section\">\n\t\t\t\t\t\t<div class=\"elementor-container elementor-column-gap-default\">\n\t\t\t\t\t<div class=\"elementor-column elementor-col-100 elementor-top-column elementor-element elementor-element-6e82def\" data-id=\"6e82def\" data-element_type=\"column\" data-e-type=\"column\">\n\t\t\t<div class=\"elementor-widget-wrap elementor-element-populated\">\n\t\t\t\t\t\t<div class=\"elementor-element elementor-element-9e21748 elementor-widget elementor-widget-text-editor\" data-id=\"9e21748\" data-element_type=\"widget\" data-e-type=\"widget\" data-widget_type=\"text-editor.default\">\n\t\t\t\t<div class=\"elementor-widget-container\">\n\t\t\t\t\t\t\t\t\t<h5>Xavi Fernandez, guarda en Coma de Vaca (Ripoll\u00e8s), le conoci\u00f3 \u00aba finales de los 90 o principios de 2000\u00bb. Con los a\u00f1os ya ten\u00edan muy por la mano los avituallamientos. En un refugio que cada temporada sirve unas 2.500 cenas y comidas, avituallan cuatro veces al a\u00f1o: mayo o junio, julio, agosto y septiembre u octubre. Entre siete y diez cargas cada vez. Hasta 8.000 kilos. 800 como m\u00e1ximo en cada viaje (rotaci\u00f3n) desde la central de Dai\u00f3, en Queralbs, hasta el refugio. Siete u ocho minutos cada vez por las gargantas del Freser y las rocas de Totlom\u00f3n. Aceite, pasta, legumbre, pan, carne congelada, verdura, caf\u00e9, leche, az\u00facar, tostadas y huevos bien protegidos&#8230; El precio de los avituallamientos es una suma del transfer (los minutos que dura el trayecto desde el helipuerto hasta el punto de recogida de las cestas y volver a la base) y la rotaci\u00f3n, a tanto el minuto. En el caso de Coma de Vaca, el coste de cada avituallamiento asciende a unos 3.000 euros. Son d\u00edas que llevan mucho trabajo de preparaci\u00f3n, explican los guardas. Es necesario acumular toda la carga en un mismo punto. Si es posible, con congeladores cerca. D\u00edas muy estresantes, de mirar mucho al cielo. Y de gran cansancio cuando llega la noche y todo est\u00e1 guardado donde toca. \u00abEl avituallamiento de principio de temporada es f\u00e1cil, porque no hay gente alojada en el refugio; en pleno verano es una locura porque tienes un gent\u00edo\u00bb, dice Xavi Fernandez. Con los cuatro avituallamientos no tienen suficiente y, durante el resto del verano, cada tres o cuatro d\u00edas tienen que verdura y pan porteando con mochilas. \u00abHaritz era muy buen t\u00edo. Siempre acelerado y atareado, pero siempre dispuesto a ayudarnos en los refugios, que no podemos olvidar que comparados con grandes empresas somos clientes modestos\u00bb, resume.<\/br>\n<\/br>\nEn cada cerebro, los responsables de los refugios guardan recuerdos de la \u00e9pica de los d\u00edas complicados. \u00abEra un piloto excepcional\u00bb. \u00abVirtuoso\u00bb. \u00abTen\u00eda una habilidad bestial\u00bb. \u00abSolo \u00e9l lo habr\u00eda podido hacer\u00bb. Xavi Fernandez recuerda un d\u00eda que relataron en un post en Facebook. \u00abUn agujero en la niebla\u00bb, lleva por t\u00edtulo. Ten\u00edan todas las cargas preparadas y el cielo se cerr\u00f3. Decidieron abortar la carga: dejaron el helic\u00f3ptero y aprovecharon para ir a desayunar a Queralbs. Al volver, decidieron dejarlo estar. Pero quince minutos despu\u00e9s le llam\u00f3 Haritz: \u00a1hab\u00eda un agujero en la niebla y ve\u00eda colores entre las nubes! \u00abSub\u00f3 cinco veces enganchado a las rocas. Solo \u00e9l pod\u00eda hacerlo\u00bb, relata. La sexta vez, la niebla volvi\u00f3 a cerrarse y tuvo que abandonar la carga del butano en un prado. M\u00e1s all\u00e1 de la relaci\u00f3n profesional, fueron tantos a\u00f1os que hab\u00eda trabado amistad con los guardas. En Coma de Vaca recuerdan el d\u00eda que subi\u00f3 con el helic\u00f3ptero, y \u00abpor la cara\u00bb, a una amiga que ten\u00eda esclerosis. O c\u00f3mo le gustaba leer revistas de monta\u00f1a, a pesar de no ser aficionado a caminar: \u00abPreguntaba, sent\u00eda admiraci\u00f3n y curiosidad\u00bb. Xevi Gener\u00f3, que fue guarda de Ensija (Bergued\u00e0), cuenta otra de 2018, la v\u00edspera del acto Cims per la Llibertat, el ascenso simult\u00e1neo a dieciocho picos en apoyo a los presos pol\u00edticos: \u00abTuvimos un problema con el generador, le llamamos y en unas horas nos ayud\u00f3 a subir otro\u00bb.<\/br>\n<\/br>\nDavid Abajo es el guarda de Respomuso, un concurrido refugio del Pirineo aragon\u00e9s. \u00abHacemos un porteo gordo a inicio de temporada, de unos veinte vuelos, en el que nos ayudan una docena de amigos, y luego dos o tres, cada 15 d\u00edas\u00bb, dice. Tambi\u00e9n conoc\u00eda a Haritz desde hac\u00eda veinte a\u00f1os: \u00abImpulsivo, a veces quedabas a una hora y aparec\u00eda m\u00e1s tarde, o de mal humor, pero ten\u00eda un lado humano incre\u00edble que compensaba a todo lo dem\u00e1s\u00bb. Un ejemplo: \u00abEn las dos avalanchas que hemos tenido en el refugio, fue de las primeras personas que llam\u00f3 ofreci\u00e9ndose para ayudar. Estaba trabajando en otro lado y vino volando y baj\u00f3 a gente herida\u00bb, explica. \u00abEra muy habilidoso, hac\u00eda obras de arte como la m\u00e1quina. Era capaz de pilotar en malas condiciones. Una vez que hab\u00eda comprado un helic\u00f3ptero nuevo, vino a probarlo y me llev\u00f3 de paseo. Me cont\u00f3 algo alucinante: interpretaba el viento con el que hab\u00eda aprendido en las aguas bravas con la piragua\u00bb, recuerda. En Colomina (Pallars Juss\u00e0), el guarda Gerard Garreta dice haber trabajado s\u00f3lo puntualmente con Haritz. \u00abPero nos hab\u00eda ayudado en algunos marrones, como cuando la empresa con la que trabajamos, de la Vall d&#8217;Aran, tuvo una aver\u00eda y le llamamos porque ya lo ten\u00edamos todo preparado. Era un currante y siempre estaba disponible\u00bb, dice. Y s\u00ed, a veces ten\u00eda mal genio, \u00abpero cuando tienes un aparato como un helic\u00f3ptero en las manos y eres el jefe de una empresa como Helitrans, tonter\u00edas, las justas\u00bb.<\/h5>\t\t\t\t\t\t\t\t<\/div>\n\t\t\t\t<\/div>\n\t\t\t\t\t<\/div>\n\t\t<\/div>\n\t\t\t\t\t<\/div>\n\t\t<\/section>\n\t\t\t\t<section class=\"elementor-section elementor-top-section elementor-element elementor-element-a05f06e elementor-section-full_width elementor-section-height-default elementor-section-height-default\" data-id=\"a05f06e\" data-element_type=\"section\" data-e-type=\"section\">\n\t\t\t\t\t\t<div class=\"elementor-container elementor-column-gap-default\">\n\t\t\t\t\t<div class=\"elementor-column elementor-col-100 elementor-top-column elementor-element elementor-element-944623c\" data-id=\"944623c\" data-element_type=\"column\" data-e-type=\"column\">\n\t\t\t<div class=\"elementor-widget-wrap elementor-element-populated\">\n\t\t\t\t\t\t<div class=\"elementor-element elementor-element-34600c4 elementor-widget elementor-widget-image\" data-id=\"34600c4\" data-element_type=\"widget\" data-e-type=\"widget\" data-widget_type=\"image.default\">\n\t\t\t\t<div class=\"elementor-widget-container\">\n\t\t\t\t\t\t\t\t\t\t\t\t<figure class=\"wp-caption\">\n\t\t\t\t\t\t\t\t\t\t<img decoding=\"async\" width=\"2000\" height=\"1504\" src=\"https:\/\/rutesentrerefugis.com\/wp-content\/uploads\/2023\/03\/Helicopters-Refugis-08.jpg\" class=\"attachment-full size-full wp-image-10211\" alt=\"\" srcset=\"https:\/\/rutesentrerefugis.com\/wp-content\/uploads\/2023\/03\/Helicopters-Refugis-08.jpg 2000w, https:\/\/rutesentrerefugis.com\/wp-content\/uploads\/2023\/03\/Helicopters-Refugis-08-300x226.jpg 300w, https:\/\/rutesentrerefugis.com\/wp-content\/uploads\/2023\/03\/Helicopters-Refugis-08-1024x770.jpg 1024w, https:\/\/rutesentrerefugis.com\/wp-content\/uploads\/2023\/03\/Helicopters-Refugis-08-768x578.jpg 768w, https:\/\/rutesentrerefugis.com\/wp-content\/uploads\/2023\/03\/Helicopters-Refugis-08-1536x1155.jpg 1536w\" sizes=\"(max-width: 2000px) 100vw, 2000px\" \/>\t\t\t\t\t\t\t\t\t\t\t<figcaption class=\"widget-image-caption wp-caption-text\">Avituallamiento en el refugio de Coma de Vaca (\u00a9 Xavi Fernandez)<\/figcaption>\n\t\t\t\t\t\t\t\t\t\t<\/figure>\n\t\t\t\t\t\t\t\t\t<\/div>\n\t\t\t\t<\/div>\n\t\t\t\t\t<\/div>\n\t\t<\/div>\n\t\t\t\t\t<\/div>\n\t\t<\/section>\n\t\t\t\t<section class=\"elementor-section elementor-top-section elementor-element elementor-element-4003676 elementor-section-full_width elementor-section-height-default elementor-section-height-default\" data-id=\"4003676\" data-element_type=\"section\" data-e-type=\"section\">\n\t\t\t\t\t\t<div class=\"elementor-container elementor-column-gap-default\">\n\t\t\t\t\t<div class=\"elementor-column elementor-col-100 elementor-top-column elementor-element elementor-element-ea9473f\" data-id=\"ea9473f\" data-element_type=\"column\" data-e-type=\"column\">\n\t\t\t<div class=\"elementor-widget-wrap elementor-element-populated\">\n\t\t\t\t\t\t<div class=\"elementor-element elementor-element-e5dde9f elementor-widget elementor-widget-text-editor\" data-id=\"e5dde9f\" data-element_type=\"widget\" data-e-type=\"widget\" data-widget_type=\"text-editor.default\">\n\t\t\t\t<div class=\"elementor-widget-container\">\n\t\t\t\t\t\t\t\t\t<h5>Los helic\u00f3pteros vuelan diferente en funci\u00f3n de la altura, la densidad del aire y la temperatura. No es lo mismo volar junto al mar que en alta monta\u00f1a. Con fr\u00edo que con calor. Por la ma\u00f1ana que por la tarde. Puede haber viento, niebla, turbulencias. La potencia que necesitas para levantar peso es bestial. Hay otra frase que repet\u00eda Haritz, coinciden los guardas: \u00abSi la levanto, te la subo\u00bb, refiri\u00e9ndose a sacas pasadas de peso. En cada avituallamiento los guardas informan de los kilos y contenido de cada saco. El piloto empieza por las m\u00e1s ligeras y deja para el final las m\u00e1s pesadas, cuando el helic\u00f3ptero ya ha quemado combustible y pesa menos. \u00abLos aviones van de una pista a otra. Los helic\u00f3pteros son mucho m\u00e1s divertidos. Los pilotos de avi\u00f3n llevan americana y corbata y duermen en hoteles. Nosotros vestimos de cualquier forma y dormimos en la fonda La Paca\u00bb. Habla desde Mallorca Josep Maria Giral, piloto en activo de 69 a\u00f1os, que conoci\u00f3 a Haritz en la Seu en los noventa, cuando empezaba a hacer cursos. \u00abEra un excelente profesional y estaba loco por su trabajo. Mont\u00f3 la mejor empresa de trabajos a\u00e9reos de Espa\u00f1a\u00bb, sentencia.<\/br>\n<\/br>\nEn Certascan (valle de Card\u00f3s), el guarda Agust\u00ed Tur\u00f3n tambi\u00e9n es de quienes trabajaba con Haritz desde hac\u00eda dos d\u00e9cadas. Porque aparte de los avituallamientos en el Pallars Sobir\u00e0, realiza trabajos en alta monta\u00f1a como obras en bordas, infraestructuras o pluvi\u00f3metros, para las que son necesarios helic\u00f3pteros. \u00abSe desviv\u00eda por el trabajo y es cierto que sus broncas eran monumentales, pero no le duraba nada. Cuando volv\u00eda a la Seu te llamaba, repas\u00e1bamos c\u00f3mo hab\u00eda ido y qu\u00e9 pod\u00edamos mejorar, porque era muy meticuloso y lo ten\u00eda todo super controlado. Al mil\u00edmetro. Cuanta m\u00e1s informaci\u00f3n y preparaci\u00f3n, menos riesgo de contratiempo\u00bb, analiza. Sergio Gonzalez es, desde los 18 a\u00f1os (y ahora tiene 43), el guarda y responsable de log\u00edstica de dos refugios de los Picos de Europa: Urriellu y Jou de los Cabrones (Asturias). \u00abLo m\u00e1s inaccesible de toda la Pen\u00ednsula\u00bb, presume. \u00abEl d\u00eda a d\u00eda en un refugio ser\u00eda imposible sin los helic\u00f3pteros\u00bb. En Jou hay una cueva que es una nevera natural y Haritz era de los pocos que consegu\u00edan dejar la carga dentro de un solo movimiento. \u00abHay que ejecutar una maniobra que muy pocos saben hacer, requiere movimientos muy r\u00e1pidos y perfectos\u00bb, dice y sigue: \u00abEra un piloto incre\u00edble, se cagaba en todo, pero luego te tomabas algo con \u00e9l. Tuvo un accidente en el Mediterr\u00e1neo en 2015 [ante la costa de Valencia, el avi\u00f3n que pilotaba volviendo de Murcia perdi\u00f3 altura desde 700 pies y cay\u00f3 al mar, pero \u00e9l y su compa\u00f1ero solo sufrieron golpes e hipotermia despu\u00e9s de estar una hora en el agua] y dicen que se libr\u00f3 de hacerse m\u00e1s da\u00f1o gracias a su pericia. Ha sido un golpe muy duro, sentimos que nos falta algo, como una pata de la silla, porque el avituallamiento es una de las jornadas m\u00e1s intensas del a\u00f1o\u00bb.<\/h5>\t\t\t\t\t\t\t\t<\/div>\n\t\t\t\t<\/div>\n\t\t\t\t\t<\/div>\n\t\t<\/div>\n\t\t\t\t\t<\/div>\n\t\t<\/section>\n\t\t\t\t<section class=\"elementor-section elementor-top-section elementor-element elementor-element-9f724d7 elementor-section-full_width elementor-section-height-default elementor-section-height-default\" data-id=\"9f724d7\" data-element_type=\"section\" data-e-type=\"section\">\n\t\t\t\t\t\t<div class=\"elementor-container elementor-column-gap-default\">\n\t\t\t\t\t<div class=\"elementor-column elementor-col-50 elementor-top-column elementor-element elementor-element-b908a98\" data-id=\"b908a98\" data-element_type=\"column\" data-e-type=\"column\">\n\t\t\t<div class=\"elementor-widget-wrap elementor-element-populated\">\n\t\t\t\t\t\t<div class=\"elementor-element elementor-element-4f89e97 elementor-widget elementor-widget-image\" data-id=\"4f89e97\" data-element_type=\"widget\" data-e-type=\"widget\" data-widget_type=\"image.default\">\n\t\t\t\t<div class=\"elementor-widget-container\">\n\t\t\t\t\t\t\t\t\t\t\t\t<figure class=\"wp-caption\">\n\t\t\t\t\t\t\t\t\t\t<img loading=\"lazy\" decoding=\"async\" width=\"800\" height=\"530\" src=\"https:\/\/rutesentrerefugis.com\/wp-content\/uploads\/2023\/03\/Helicopters-Refugis-03.jpg\" class=\"attachment-full size-full wp-image-10212\" alt=\"\" srcset=\"https:\/\/rutesentrerefugis.com\/wp-content\/uploads\/2023\/03\/Helicopters-Refugis-03.jpg 800w, https:\/\/rutesentrerefugis.com\/wp-content\/uploads\/2023\/03\/Helicopters-Refugis-03-300x199.jpg 300w, https:\/\/rutesentrerefugis.com\/wp-content\/uploads\/2023\/03\/Helicopters-Refugis-03-768x509.jpg 768w\" sizes=\"(max-width: 800px) 100vw, 800px\" \/>\t\t\t\t\t\t\t\t\t\t\t<figcaption class=\"widget-image-caption wp-caption-text\">Los helic\u00f3pteros son b\u00e1sicos para las obras de los equipamientos de monta\u00f1a,<\/br>como fue el caso de la ampliaci\u00f3n del refugio de Colomina en mayo del 2017<\/br>(\u00a9 Josep Llus\u00e0)<\/figcaption>\n\t\t\t\t\t\t\t\t\t\t<\/figure>\n\t\t\t\t\t\t\t\t\t<\/div>\n\t\t\t\t<\/div>\n\t\t\t\t\t<\/div>\n\t\t<\/div>\n\t\t\t\t<div class=\"elementor-column elementor-col-50 elementor-top-column elementor-element elementor-element-263a27a\" data-id=\"263a27a\" data-element_type=\"column\" data-e-type=\"column\">\n\t\t\t<div class=\"elementor-widget-wrap elementor-element-populated\">\n\t\t\t\t\t\t<div class=\"elementor-element elementor-element-c0b62a4 elementor-widget elementor-widget-image\" data-id=\"c0b62a4\" data-element_type=\"widget\" data-e-type=\"widget\" data-widget_type=\"image.default\">\n\t\t\t\t<div class=\"elementor-widget-container\">\n\t\t\t\t\t\t\t\t\t\t\t\t<figure class=\"wp-caption\">\n\t\t\t\t\t\t\t\t\t\t<img loading=\"lazy\" decoding=\"async\" width=\"800\" height=\"530\" src=\"https:\/\/rutesentrerefugis.com\/wp-content\/uploads\/2023\/03\/Helicopters-Refugis-04.jpg\" class=\"attachment-full size-full wp-image-10213\" alt=\"\" srcset=\"https:\/\/rutesentrerefugis.com\/wp-content\/uploads\/2023\/03\/Helicopters-Refugis-04.jpg 800w, https:\/\/rutesentrerefugis.com\/wp-content\/uploads\/2023\/03\/Helicopters-Refugis-04-300x199.jpg 300w, https:\/\/rutesentrerefugis.com\/wp-content\/uploads\/2023\/03\/Helicopters-Refugis-04-768x509.jpg 768w\" sizes=\"(max-width: 800px) 100vw, 800px\" \/>\t\t\t\t\t\t\t\t\t\t\t<figcaption class=\"widget-image-caption wp-caption-text\">Actuaci\u00f3n de emergencia en el refugio de Prat d'Aguil\u00f3 (Serra del Cad\u00ed),<\/br>a ra\u00edz del fuerte temporal que en enero del 2020 destroz\u00f3 parte de su tejado<\/br>(\u00a9 Josep Llus\u00e0)<\/figcaption>\n\t\t\t\t\t\t\t\t\t\t<\/figure>\n\t\t\t\t\t\t\t\t\t<\/div>\n\t\t\t\t<\/div>\n\t\t\t\t\t<\/div>\n\t\t<\/div>\n\t\t\t\t\t<\/div>\n\t\t<\/section>\n\t\t\t\t<section class=\"elementor-section elementor-top-section elementor-element elementor-element-2b84a67 elementor-section-full_width elementor-section-height-default elementor-section-height-default\" data-id=\"2b84a67\" data-element_type=\"section\" data-e-type=\"section\">\n\t\t\t\t\t\t<div class=\"elementor-container elementor-column-gap-default\">\n\t\t\t\t\t<div class=\"elementor-column elementor-col-100 elementor-top-column elementor-element elementor-element-0dc9801\" data-id=\"0dc9801\" data-element_type=\"column\" data-e-type=\"column\">\n\t\t\t<div class=\"elementor-widget-wrap elementor-element-populated\">\n\t\t\t\t\t\t<div class=\"elementor-element elementor-element-b3757c9 elementor-widget elementor-widget-text-editor\" data-id=\"b3757c9\" data-element_type=\"widget\" data-e-type=\"widget\" data-widget_type=\"text-editor.default\">\n\t\t\t\t<div class=\"elementor-widget-container\">\n\t\t\t\t\t\t\t\t\t<h5>\u00abLos helic\u00f3pteros son imprescindibles para el d\u00eda a d\u00eda de los refugios alejados de las v\u00edas de comunicaci\u00f3n\u00bb, coincide el vicepresidente de la FEEC y jefe del \u00c1rea de Territorio, Josep Casanovas. \u00abEn la gran mayor\u00eda de los trece refugios guardados y siete de emergencias que tiene la FEEC, los helic\u00f3pteros son necesarios en las obras de mantenimiento: tejados, soportales, placas, sanitarios, fosas s\u00e9pticas&#8230;\u00bb, enumera y precisa que la Federaci\u00f3n trabaja, sobre todo, con Helitrans.<\/br>\n<\/br>\nFue en el a\u00f1o 2006 cuando Haritz cre\u00f3 Helitrans Pyrinees. Uno de sus compa\u00f1eros pilotos es Robert Abell\u00f3. \u00ab\u00c9l era el m\u00e1ximo responsable de una empresa que ten\u00eda doce helic\u00f3pteros, doce operaciones en marcha, una de ellas pilotada por \u00e9l. Y adem\u00e1s controlando el resto: oficinas, mantenimiento, comercial&#8230;\u00bb. Explica los viajes de Haritz a Chile a Nepal (justo tras el terremoto del 2015 y particip\u00f3 en la ayuda posterior) para hacer formaci\u00f3n. Quien antes hab\u00eda ido a Nepal era otro piloto de la empresa, Jofre Juangran: \u00abNo he conocido a ning\u00fan piloto tan bueno, tan fino. Era muy seguro, un Juan sin Miedo. Deja una huella enorme\u00bb, dice sin eludir su faceta torpedo: \u00abTen\u00eda un pronto endemoniado, pero al mismo tiempo un coraz\u00f3n enorme\u00bb. En abril de 2021, Helitrans recib\u00eda una gran noticia: hab\u00edan ganado el concurso del contrato de rescate de los Bomberos de la Generalitat, explica orgulloso Robert Abell\u00f3: \u00abEl proyecto m\u00e1s ambicioso que ten\u00eda Haritz, el objetivo que persegu\u00eda durante los \u00faltimos a\u00f1os\u00bb. Las causas del accidente del 6 de julio todav\u00eda no se conoc\u00edan en el momento de cerrar este texto en 2021. Hay dos investigaciones en curso, una t\u00e9cnica y otra judicial.<\/h5>\t\t\t\t\t\t\t\t<\/div>\n\t\t\t\t<\/div>\n\t\t\t\t\t<\/div>\n\t\t<\/div>\n\t\t\t\t\t<\/div>\n\t\t<\/section>\n\t\t\t\t<section class=\"elementor-section elementor-top-section elementor-element elementor-element-4aa3ad6 elementor-section-full_width elementor-section-height-default elementor-section-height-default\" data-id=\"4aa3ad6\" data-element_type=\"section\" data-e-type=\"section\">\n\t\t\t\t\t\t<div class=\"elementor-container elementor-column-gap-default\">\n\t\t\t\t\t<div class=\"elementor-column elementor-col-50 elementor-top-column elementor-element elementor-element-0109598\" data-id=\"0109598\" data-element_type=\"column\" data-e-type=\"column\">\n\t\t\t<div class=\"elementor-widget-wrap elementor-element-populated\">\n\t\t\t\t\t\t<div class=\"elementor-element elementor-element-c07c4eb elementor-widget elementor-widget-text-editor\" data-id=\"c07c4eb\" data-element_type=\"widget\" data-e-type=\"widget\" data-widget_type=\"text-editor.default\">\n\t\t\t\t<div class=\"elementor-widget-container\">\n\t\t\t\t\t\t\t\t\t<h5><b>EL PILOTO QUE SE CONVIRTI\u00d3 EN EMPRESARIO PERO NUNCA DEJ\u00d3 DE VOLAR<\/b><\/br>\nNacido en Donosti en 1972, Haritz Galarraga Gortazar era el segundo de cinco hermanos y lleg\u00f3 a la Seu d&#8217;Urgell a los diecis\u00e9is a\u00f1os para las pruebas preol\u00edmpicas de kayak de los Juegos del 92. No fue seleccionado, pero se all\u00ed qued\u00f3, cuenta su hermana Naiara. Sorprende cuando asegura que \u00able cost\u00f3 mucho encontrar su vocaci\u00f3n, no dec\u00eda de peque\u00f1o que quer\u00eda ser piloto\u00bb. Naiara Galarraga recuerda que su hermano \u00abten\u00eda una gran capacidad de concentrarse y de esfuerzo y era muy perfeccionista y disciplinado\u201d. \u201cEstoy segura de que en su oficio hay una parte de don, de destreza, pero tambi\u00e9n de capacidad de aprender. Hab\u00eda aprendido sobre meteorolog\u00eda y a pilotar avionetas. Haritz cre\u00eda mucho en lo que un equipo se lidera con ejemplo; no ped\u00eda nada que no hiciera \u00e9l mismo. Si ten\u00eda que currar en Navidad, primero \u00e9l; y luego ped\u00eda a otros\u00bb, afirma.<\/br>\n<\/br>\nHabla de su hermano como \u00abun piloto que se convirti\u00f3 en empresario, que descubri\u00f3 el desaf\u00edo de los trabajos a\u00e9reos, que le permiti\u00f3 unir la vida en el Pirineo, la monta\u00f1a, el trabajo y la aventura\u00bb. Como todo el mundo que hace de su pasi\u00f3n un oficio, la frontera entre el trabajo y la vida era muy tenue. El coste personal tambi\u00e9n es elevado. \u00abPr\u00e1cticamente no se tomaba vacaciones, o se iba a Estados Unidos para hacer un curso. Sibarita, exigente, generoso con sus amigos y muy sensible, aunque no lo pareciera\u00bb, a\u00f1ade. Y concluye: \u00abTen\u00eda los pies en la tierra y fue valiente pero nunca quiso dejar de volar: esa sensaci\u00f3n de poder que debes sentir viendo el mundo desde el aire, pero darte cuenta de lo min\u00fasculo que eres\u00bb. En total, acumul\u00f3 14.000 horas de vuelo. 583 d\u00edas enteros.<\/h5>\t\t\t\t\t\t\t\t<\/div>\n\t\t\t\t<\/div>\n\t\t\t\t\t<\/div>\n\t\t<\/div>\n\t\t\t\t<div class=\"elementor-column elementor-col-50 elementor-top-column elementor-element elementor-element-fb7310d\" data-id=\"fb7310d\" data-element_type=\"column\" data-e-type=\"column\">\n\t\t\t<div class=\"elementor-widget-wrap elementor-element-populated\">\n\t\t\t\t\t\t<div class=\"elementor-element elementor-element-734fa6b elementor-widget elementor-widget-text-editor\" data-id=\"734fa6b\" data-element_type=\"widget\" data-e-type=\"widget\" data-widget_type=\"text-editor.default\">\n\t\t\t\t<div class=\"elementor-widget-container\">\n\t\t\t\t\t\t\t\t\t<h5><b>EL MEC\u00c1NICO QUE QUER\u00cdA TRABAJAR ENSUCI\u00c1NDOSE LAS MANOS Y COLECCIONABA AMIGOS<\/b><\/br>\nJordi Figueras (1989) le conoc\u00edan como Roma en Vilafranca del Pened\u00e8s, de donde era, por el segundo apellido, el de su madre Margarita. Y como el Cupra en la Seu d&#8217;Urgell, donde lleg\u00f3 a trabajar hac\u00eda unos a\u00f1os. Cupra era una broma sobre el coche que conduc\u00eda. Como recordaban sus amigos el d\u00eda de la despedida, el Roma, casi siempre con la gorra puesta, hab\u00eda logrado reunir su pasi\u00f3n y su oficio. Margarita explica que de peque\u00f1o \u00able hab\u00eda gustado la mec\u00e1nica, la de ensuciarse las manos. Era un enamorado de su trabajo, hab\u00eda estudiado en la Escuela de Formaci\u00f3n Aeron\u00e1utica de Vilanova y la Geltr\u00fa\u00bb. Llevaba cuatro a\u00f1os en la Seu. Primero trabaj\u00f3 en una empresa de avionetas, hasta que Haritz le fich\u00f3. \u00abEra muy maduro, responsable, currante, gentil, optimista\u00bb, dice el piloto Jofre Juangran. Adem\u00e1s de mec\u00e1nico hac\u00eda de operador de vuelo, que es quien prepara las cargas y el combustible.<\/br>\n<\/br>\n\u00abCompa\u00f1erismo al mil por mil\u00bb, resume Llu\u00eds Casanovas, compa\u00f1ero de mantenimiento que a menudo iba a verle cuando acababa su turno. \u00abHab\u00eda trabajado todo el d\u00eda y se quedaba a echar una mano\u00bb.\n\nSe hicieron muy amigos: cenas, salidas en bici, esqu\u00ed. Porque Jordi era de los que coleccionan amigos. El homenaje que le hicieron en Vilafranca el pasado verano fue brutal. Un gent\u00edo en la calle: castellers, diables, los del esplai, de la escuela de m\u00fasica (\u00a1tocaba el saxo!), los de la pe\u00f1a ciclista El Repetx\u00f3. A veces, trabajando, le llamaban de la radio para comentar alguna etapa, relataron sus amigos de Vilafranca el d\u00eda de la despedida, donde tambi\u00e9n destacaron la capacidad que tuvo de mantener sus v\u00ednculos. Hay unanimidad en citar su frase m\u00e1s c\u00e9lebre: \u00abQue no falte de n\u00e1\u00bb.<\/h5>\t\t\t\t\t\t\t\t<\/div>\n\t\t\t\t<\/div>\n\t\t\t\t\t<\/div>\n\t\t<\/div>\n\t\t\t\t\t<\/div>\n\t\t<\/section>\n\t\t\t\t<section class=\"elementor-section elementor-top-section elementor-element elementor-element-aa8f872 elementor-section-full_width elementor-section-height-default elementor-section-height-default\" data-id=\"aa8f872\" data-element_type=\"section\" data-e-type=\"section\">\n\t\t\t\t\t\t<div class=\"elementor-container elementor-column-gap-default\">\n\t\t\t\t\t<div class=\"elementor-column elementor-col-100 elementor-top-column elementor-element elementor-element-cf94727\" data-id=\"cf94727\" data-element_type=\"column\" data-e-type=\"column\">\n\t\t\t<div class=\"elementor-widget-wrap elementor-element-populated\">\n\t\t\t\t\t\t<div class=\"elementor-element elementor-element-55d91d7 elementor-widget elementor-widget-spacer\" data-id=\"55d91d7\" data-element_type=\"widget\" data-e-type=\"widget\" data-widget_type=\"spacer.default\">\n\t\t\t\t<div class=\"elementor-widget-container\">\n\t\t\t\t\t\t\t<div class=\"elementor-spacer\">\n\t\t\t<div class=\"elementor-spacer-inner\"><\/div>\n\t\t<\/div>\n\t\t\t\t\t\t<\/div>\n\t\t\t\t<\/div>\n\t\t\t\t\t<\/div>\n\t\t<\/div>\n\t\t\t\t\t<\/div>\n\t\t<\/section>\n\t\t\t\t<section class=\"elementor-section elementor-top-section elementor-element elementor-element-0974111 elementor-section-full_width elementor-section-height-default elementor-section-height-default\" data-id=\"0974111\" data-element_type=\"section\" data-e-type=\"section\" data-settings=\"{&quot;background_background&quot;:&quot;classic&quot;}\">\n\t\t\t\t\t\t<div class=\"elementor-container elementor-column-gap-default\">\n\t\t\t\t\t<div class=\"elementor-column elementor-col-100 elementor-top-column elementor-element elementor-element-cc55e81\" data-id=\"cc55e81\" data-element_type=\"column\" data-e-type=\"column\">\n\t\t\t<div class=\"elementor-widget-wrap elementor-element-populated\">\n\t\t\t\t\t\t<div class=\"elementor-element elementor-element-29dcfc6 elementor-widget elementor-widget-image\" data-id=\"29dcfc6\" data-element_type=\"widget\" data-e-type=\"widget\" data-widget_type=\"image.default\">\n\t\t\t\t<div class=\"elementor-widget-container\">\n\t\t\t\t\t\t\t\t\t\t\t\t\t\t\t<img loading=\"lazy\" decoding=\"async\" width=\"100\" height=\"100\" src=\"https:\/\/rutesentrerefugis.com\/wp-content\/uploads\/2021\/04\/Clara-Blanchar-NW-Negre.jpg\" class=\"attachment-full size-full wp-image-7228\" alt=\"\" \/>\t\t\t\t\t\t\t\t\t\t\t\t\t\t\t<\/div>\n\t\t\t\t<\/div>\n\t\t\t\t<div class=\"elementor-element elementor-element-dff6861 elementor-widget elementor-widget-text-editor\" data-id=\"dff6861\" data-element_type=\"widget\" data-e-type=\"widget\" data-widget_type=\"text-editor.default\">\n\t\t\t\t<div class=\"elementor-widget-container\">\n\t\t\t\t\t\t\t\t\t<h4>CLARA BLANCHAR<\/h4>\n<h5>Periodista de la redacci\u00f3n de Barcelona del diario El Pa\u00eds, ha pasado por las secciones de econom\u00eda, pol\u00edtica, deportes y municipal. La ciudad, el urbanismo y la movilidad son sus principales \u00e1reas de informaci\u00f3n. Para tomar distancia, intenta salir todo lo que puede de la urbe para pedalear o caminar. Cuando la informaci\u00f3n diaria le da una tregua colabora con Ciclosfera o V\u00e8rtex y tiene una mini secci\u00f3n semanal en el programa Aqu\u00ed Cun\u00ed de la Cadena SER.<\/h5>\t\t\t\t\t\t\t\t<\/div>\n\t\t\t\t<\/div>\n\t\t\t\t\t<\/div>\n\t\t<\/div>\n\t\t\t\t\t<\/div>\n\t\t<\/section>\n\t\t\t\t<section class=\"elementor-section elementor-top-section elementor-element elementor-element-c5916d8 elementor-section-full_width elementor-section-height-default elementor-section-height-default\" data-id=\"c5916d8\" data-element_type=\"section\" data-e-type=\"section\">\n\t\t\t\t\t\t<div class=\"elementor-container elementor-column-gap-default\">\n\t\t\t\t\t<div class=\"elementor-column elementor-col-100 elementor-top-column elementor-element elementor-element-eaf7d1c\" data-id=\"eaf7d1c\" data-element_type=\"column\" data-e-type=\"column\">\n\t\t\t<div class=\"elementor-widget-wrap elementor-element-populated\">\n\t\t\t\t\t\t<div class=\"elementor-element elementor-element-a4f2400 elementor-widget elementor-widget-spacer\" data-id=\"a4f2400\" data-element_type=\"widget\" data-e-type=\"widget\" data-widget_type=\"spacer.default\">\n\t\t\t\t<div class=\"elementor-widget-container\">\n\t\t\t\t\t\t\t<div class=\"elementor-spacer\">\n\t\t\t<div class=\"elementor-spacer-inner\"><\/div>\n\t\t<\/div>\n\t\t\t\t\t\t<\/div>\n\t\t\t\t<\/div>\n\t\t\t\t\t<\/div>\n\t\t<\/div>\n\t\t\t\t\t<\/div>\n\t\t<\/section>\n\t\t\t\t<section class=\"elementor-section elementor-top-section elementor-element elementor-element-d03f068 elementor-section-full_width elementor-section-height-default elementor-section-height-default\" data-id=\"d03f068\" data-element_type=\"section\" data-e-type=\"section\">\n\t\t\t\t\t\t<div class=\"elementor-container elementor-column-gap-default\">\n\t\t\t\t\t<div class=\"elementor-column elementor-col-100 elementor-top-column elementor-element elementor-element-67197d5\" data-id=\"67197d5\" data-element_type=\"column\" data-e-type=\"column\">\n\t\t\t<div class=\"elementor-widget-wrap elementor-element-populated\">\n\t\t\t\t\t\t<div class=\"elementor-element elementor-element-43b22c2 elementor-widget elementor-widget-heading\" data-id=\"43b22c2\" data-element_type=\"widget\" data-e-type=\"widget\" data-widget_type=\"heading.default\">\n\t\t\t\t<div class=\"elementor-widget-container\">\n\t\t\t\t\t<h5 class=\"elementor-heading-title elementor-size-default\"><font color=\"#999999\"><u>Por si quieres compartir esta cr\u00f3nica<\/u><\/font><\/h5>\t\t\t\t<\/div>\n\t\t\t\t<\/div>\n\t\t\t\t\t<\/div>\n\t\t<\/div>\n\t\t\t\t\t<\/div>\n\t\t<\/section>\n\t\t\t\t<section class=\"elementor-section elementor-top-section elementor-element elementor-element-691fa33 elementor-section-full_width elementor-section-height-default elementor-section-height-default\" data-id=\"691fa33\" data-element_type=\"section\" data-e-type=\"section\">\n\t\t\t\t\t\t<div class=\"elementor-container elementor-column-gap-default\">\n\t\t\t\t\t<div class=\"elementor-column elementor-col-100 elementor-top-column elementor-element elementor-element-45d5ec7\" data-id=\"45d5ec7\" data-element_type=\"column\" data-e-type=\"column\">\n\t\t\t<div class=\"elementor-widget-wrap elementor-element-populated\">\n\t\t\t\t\t\t<div class=\"elementor-element elementor-element-75ed3c8 elementor-share-buttons--view-icon elementor-share-buttons--skin-framed elementor-share-buttons--shape-circle elementor-share-buttons--color-custom elementor-grid-0 elementor-widget elementor-widget-share-buttons\" data-id=\"75ed3c8\" data-element_type=\"widget\" data-e-type=\"widget\" data-widget_type=\"share-buttons.default\">\n\t\t\t\t<div class=\"elementor-widget-container\">\n\t\t\t\t\t\t\t<div class=\"elementor-grid\" role=\"list\">\n\t\t\t\t\t\t\t\t<div class=\"elementor-grid-item\" role=\"listitem\">\n\t\t\t\t\t\t<div class=\"elementor-share-btn elementor-share-btn_facebook\" role=\"button\" tabindex=\"0\" aria-label=\"Compartir en facebook\">\n\t\t\t\t\t\t\t\t\t\t\t\t\t\t\t<span class=\"elementor-share-btn__icon\">\n\t\t\t\t\t\t\t\t<i class=\"fab fa-facebook\" aria-hidden=\"true\"><\/i>\t\t\t\t\t\t\t<\/span>\n\t\t\t\t\t\t\t\t\t\t\t\t\t\t\t\t\t\t\t\t<\/div>\n\t\t\t\t\t<\/div>\n\t\t\t\t\t\t\t\t\t<div class=\"elementor-grid-item\" role=\"listitem\">\n\t\t\t\t\t\t<div class=\"elementor-share-btn elementor-share-btn_twitter\" role=\"button\" tabindex=\"0\" aria-label=\"Compartir en twitter\">\n\t\t\t\t\t\t\t\t\t\t\t\t\t\t\t<span class=\"elementor-share-btn__icon\">\n\t\t\t\t\t\t\t\t<i class=\"fab fa-twitter\" aria-hidden=\"true\"><\/i>\t\t\t\t\t\t\t<\/span>\n\t\t\t\t\t\t\t\t\t\t\t\t\t\t\t\t\t\t\t\t<\/div>\n\t\t\t\t\t<\/div>\n\t\t\t\t\t\t\t\t\t<div class=\"elementor-grid-item\" role=\"listitem\">\n\t\t\t\t\t\t<div class=\"elementor-share-btn elementor-share-btn_telegram\" role=\"button\" tabindex=\"0\" aria-label=\"Compartir en telegram\">\n\t\t\t\t\t\t\t\t\t\t\t\t\t\t\t<span class=\"elementor-share-btn__icon\">\n\t\t\t\t\t\t\t\t<i class=\"fab fa-telegram\" aria-hidden=\"true\"><\/i>\t\t\t\t\t\t\t<\/span>\n\t\t\t\t\t\t\t\t\t\t\t\t\t\t\t\t\t\t\t\t<\/div>\n\t\t\t\t\t<\/div>\n\t\t\t\t\t\t\t\t\t<div class=\"elementor-grid-item\" role=\"listitem\">\n\t\t\t\t\t\t<div class=\"elementor-share-btn elementor-share-btn_pinterest\" role=\"button\" tabindex=\"0\" aria-label=\"Compartir en pinterest\">\n\t\t\t\t\t\t\t\t\t\t\t\t\t\t\t<span class=\"elementor-share-btn__icon\">\n\t\t\t\t\t\t\t\t<i class=\"fab fa-pinterest\" aria-hidden=\"true\"><\/i>\t\t\t\t\t\t\t<\/span>\n\t\t\t\t\t\t\t\t\t\t\t\t\t\t\t\t\t\t\t\t<\/div>\n\t\t\t\t\t<\/div>\n\t\t\t\t\t\t\t\t\t<div class=\"elementor-grid-item\" role=\"listitem\">\n\t\t\t\t\t\t<div class=\"elementor-share-btn elementor-share-btn_whatsapp\" role=\"button\" tabindex=\"0\" aria-label=\"Compartir en whatsapp\">\n\t\t\t\t\t\t\t\t\t\t\t\t\t\t\t<span class=\"elementor-share-btn__icon\">\n\t\t\t\t\t\t\t\t<i class=\"fab fa-whatsapp\" aria-hidden=\"true\"><\/i>\t\t\t\t\t\t\t<\/span>\n\t\t\t\t\t\t\t\t\t\t\t\t\t\t\t\t\t\t\t\t<\/div>\n\t\t\t\t\t<\/div>\n\t\t\t\t\t\t\t\t\t<div class=\"elementor-grid-item\" role=\"listitem\">\n\t\t\t\t\t\t<div class=\"elementor-share-btn elementor-share-btn_email\" role=\"button\" tabindex=\"0\" aria-label=\"Compartir en email\">\n\t\t\t\t\t\t\t\t\t\t\t\t\t\t\t<span class=\"elementor-share-btn__icon\">\n\t\t\t\t\t\t\t\t<i class=\"fas fa-envelope\" aria-hidden=\"true\"><\/i>\t\t\t\t\t\t\t<\/span>\n\t\t\t\t\t\t\t\t\t\t\t\t\t\t\t\t\t\t\t\t<\/div>\n\t\t\t\t\t<\/div>\n\t\t\t\t\t\t\t\t\t<div class=\"elementor-grid-item\" role=\"listitem\">\n\t\t\t\t\t\t<div class=\"elementor-share-btn elementor-share-btn_print\" role=\"button\" tabindex=\"0\" aria-label=\"Compartir en print\">\n\t\t\t\t\t\t\t\t\t\t\t\t\t\t\t<span class=\"elementor-share-btn__icon\">\n\t\t\t\t\t\t\t\t<i class=\"fas fa-print\" aria-hidden=\"true\"><\/i>\t\t\t\t\t\t\t<\/span>\n\t\t\t\t\t\t\t\t\t\t\t\t\t\t\t\t\t\t\t\t<\/div>\n\t\t\t\t\t<\/div>\n\t\t\t\t\t\t<\/div>\n\t\t\t\t\t\t<\/div>\n\t\t\t\t<\/div>\n\t\t\t\t\t<\/div>\n\t\t<\/div>\n\t\t\t\t\t<\/div>\n\t\t<\/section>\n\t\t\t\t<section class=\"elementor-section elementor-top-section elementor-element elementor-element-f8892df elementor-section-full_width elementor-section-height-default elementor-section-height-default\" data-id=\"f8892df\" data-element_type=\"section\" data-e-type=\"section\">\n\t\t\t\t\t\t<div class=\"elementor-container elementor-column-gap-default\">\n\t\t\t\t\t<div class=\"elementor-column elementor-col-100 elementor-top-column elementor-element elementor-element-70b735e\" data-id=\"70b735e\" data-element_type=\"column\" data-e-type=\"column\">\n\t\t\t<div class=\"elementor-widget-wrap elementor-element-populated\">\n\t\t\t\t\t\t<div class=\"elementor-element elementor-element-cefc0b1 elementor-widget elementor-widget-spacer\" data-id=\"cefc0b1\" data-element_type=\"widget\" data-e-type=\"widget\" data-widget_type=\"spacer.default\">\n\t\t\t\t<div class=\"elementor-widget-container\">\n\t\t\t\t\t\t\t<div class=\"elementor-spacer\">\n\t\t\t<div class=\"elementor-spacer-inner\"><\/div>\n\t\t<\/div>\n\t\t\t\t\t\t<\/div>\n\t\t\t\t<\/div>\n\t\t\t\t\t<\/div>\n\t\t<\/div>\n\t\t\t\t\t<\/div>\n\t\t<\/section>\n\t\t\t\t<section class=\"elementor-section elementor-top-section elementor-element elementor-element-ef5e52d elementor-section-full_width elementor-section-height-default elementor-section-height-default\" data-id=\"ef5e52d\" data-element_type=\"section\" data-e-type=\"section\">\n\t\t\t\t\t\t<div class=\"elementor-container elementor-column-gap-default\">\n\t\t\t\t\t<div class=\"elementor-column elementor-col-100 elementor-top-column elementor-element elementor-element-c7bc544\" data-id=\"c7bc544\" data-element_type=\"column\" data-e-type=\"column\">\n\t\t\t<div class=\"elementor-widget-wrap elementor-element-populated\">\n\t\t\t\t\t\t<div class=\"elementor-element elementor-element-330fc54 elementor-widget-divider--view-line elementor-widget elementor-widget-divider\" data-id=\"330fc54\" data-element_type=\"widget\" data-e-type=\"widget\" data-widget_type=\"divider.default\">\n\t\t\t\t<div class=\"elementor-widget-container\">\n\t\t\t\t\t\t\t<div class=\"elementor-divider\">\n\t\t\t<span class=\"elementor-divider-separator\">\n\t\t\t\t\t\t<\/span>\n\t\t<\/div>\n\t\t\t\t\t\t<\/div>\n\t\t\t\t<\/div>\n\t\t\t\t\t<\/div>\n\t\t<\/div>\n\t\t\t\t\t<\/div>\n\t\t<\/section>\n\t\t\t\t<section class=\"elementor-section elementor-top-section elementor-element elementor-element-4ab3c04 elementor-section-full_width elementor-section-height-default elementor-section-height-default\" data-id=\"4ab3c04\" data-element_type=\"section\" data-e-type=\"section\">\n\t\t\t\t\t\t<div class=\"elementor-container elementor-column-gap-default\">\n\t\t\t\t\t<div class=\"elementor-column elementor-col-100 elementor-top-column elementor-element elementor-element-c06b13d\" data-id=\"c06b13d\" data-element_type=\"column\" data-e-type=\"column\">\n\t\t\t<div class=\"elementor-widget-wrap elementor-element-populated\">\n\t\t\t\t\t\t<div class=\"elementor-element elementor-element-1692ba6 elementor-widget elementor-widget-heading\" data-id=\"1692ba6\" data-element_type=\"widget\" data-e-type=\"widget\" data-widget_type=\"heading.default\">\n\t\t\t\t<div class=\"elementor-widget-container\">\n\t\t\t\t\t<h2 class=\"elementor-heading-title elementor-size-default\"><u>ART\u00cdCULOS PUBLICADOS POR LA AUTORA<\/u><\/h2>\t\t\t\t<\/div>\n\t\t\t\t<\/div>\n\t\t\t\t\t<\/div>\n\t\t<\/div>\n\t\t\t\t\t<\/div>\n\t\t<\/section>\n\t\t\t\t<section class=\"elementor-section elementor-top-section elementor-element elementor-element-82c0638 elementor-section-full_width elementor-section-height-default elementor-section-height-default\" data-id=\"82c0638\" data-element_type=\"section\" data-e-type=\"section\">\n\t\t\t\t\t\t<div class=\"elementor-container elementor-column-gap-default\">\n\t\t\t\t\t<div class=\"elementor-column elementor-col-100 elementor-top-column elementor-element elementor-element-978c63b\" data-id=\"978c63b\" data-element_type=\"column\" data-e-type=\"column\">\n\t\t\t<div class=\"elementor-widget-wrap elementor-element-populated\">\n\t\t\t\t\t\t<div class=\"elementor-element elementor-element-d656983 elementor-widget elementor-widget-spacer\" data-id=\"d656983\" data-element_type=\"widget\" data-e-type=\"widget\" data-widget_type=\"spacer.default\">\n\t\t\t\t<div class=\"elementor-widget-container\">\n\t\t\t\t\t\t\t<div class=\"elementor-spacer\">\n\t\t\t<div class=\"elementor-spacer-inner\"><\/div>\n\t\t<\/div>\n\t\t\t\t\t\t<\/div>\n\t\t\t\t<\/div>\n\t\t\t\t\t<\/div>\n\t\t<\/div>\n\t\t\t\t\t<\/div>\n\t\t<\/section>\n\t\t\t\t<section class=\"elementor-section elementor-top-section elementor-element elementor-element-4530529 elementor-section-full_width elementor-section-height-default elementor-section-height-default\" data-id=\"4530529\" data-element_type=\"section\" data-e-type=\"section\">\n\t\t\t\t\t\t<div class=\"elementor-container elementor-column-gap-default\">\n\t\t\t\t\t<div class=\"elementor-column elementor-col-100 elementor-top-column elementor-element elementor-element-883bb5f\" data-id=\"883bb5f\" data-element_type=\"column\" data-e-type=\"column\">\n\t\t\t<div class=\"elementor-widget-wrap elementor-element-populated\">\n\t\t\t\t\t\t<div class=\"elementor-element elementor-element-389220e elementor-grid-5 elementor-grid-tablet-2 elementor-grid-mobile-1 elementor-posts--thumbnail-top elementor-widget elementor-widget-posts\" data-id=\"389220e\" data-element_type=\"widget\" data-e-type=\"widget\" data-settings=\"{&quot;classic_columns&quot;:&quot;5&quot;,&quot;classic_columns_tablet&quot;:&quot;2&quot;,&quot;classic_columns_mobile&quot;:&quot;1&quot;,&quot;classic_row_gap&quot;:{&quot;unit&quot;:&quot;px&quot;,&quot;size&quot;:35,&quot;sizes&quot;:[]},&quot;classic_row_gap_tablet&quot;:{&quot;unit&quot;:&quot;px&quot;,&quot;size&quot;:&quot;&quot;,&quot;sizes&quot;:[]},&quot;classic_row_gap_mobile&quot;:{&quot;unit&quot;:&quot;px&quot;,&quot;size&quot;:&quot;&quot;,&quot;sizes&quot;:[]}}\" data-widget_type=\"posts.classic\">\n\t\t\t\t<div class=\"elementor-widget-container\">\n\t\t\t\t\t\t\t<div class=\"elementor-posts-container elementor-posts elementor-posts--skin-classic elementor-grid\" role=\"list\">\n\t\t\t\t<article class=\"elementor-post elementor-grid-item post-10241 post type-post status-publish format-standard has-post-thumbnail hentry category-blog-es category-clara-blanchar-es-es tag-avituallament-que-ve-del-cel-es tag-avituallamiento-que-cae-del-cielo-es tag-clara-blanchar-es tag-cronicas-ca-es tag-croniques-ca-es tag-revista-vertex-es\" role=\"listitem\">\n\t\t\t\t<a class=\"elementor-post__thumbnail__link\" href=\"https:\/\/rutesentrerefugis.com\/index.php\/es\/2022\/03\/08\/el-avituallamiento-que-cae-del-cielo\/\" tabindex=\"-1\" >\n\t\t\t<div class=\"elementor-post__thumbnail\"><img loading=\"lazy\" decoding=\"async\" width=\"300\" height=\"200\" src=\"https:\/\/rutesentrerefugis.com\/wp-content\/uploads\/2023\/03\/Avituallament-Refugis-Inici-NW-300x200.jpg\" class=\"attachment-medium size-medium wp-image-10196\" alt=\"\" srcset=\"https:\/\/rutesentrerefugis.com\/wp-content\/uploads\/2023\/03\/Avituallament-Refugis-Inici-NW-300x200.jpg 300w, https:\/\/rutesentrerefugis.com\/wp-content\/uploads\/2023\/03\/Avituallament-Refugis-Inici-NW-1024x683.jpg 1024w, https:\/\/rutesentrerefugis.com\/wp-content\/uploads\/2023\/03\/Avituallament-Refugis-Inici-NW-768x512.jpg 768w, https:\/\/rutesentrerefugis.com\/wp-content\/uploads\/2023\/03\/Avituallament-Refugis-Inici-NW.jpg 1200w\" sizes=\"(max-width: 300px) 100vw, 300px\" \/><\/div>\n\t\t<\/a>\n\t\t\t\t<div class=\"elementor-post__text\">\n\t\t\t\t<h3 class=\"elementor-post__title\">\n\t\t\t<a href=\"https:\/\/rutesentrerefugis.com\/index.php\/es\/2022\/03\/08\/el-avituallamiento-que-cae-del-cielo\/\" >\n\t\t\t\tEL AVITUALLAMIENTO QUE CAE DEL CIELO\t\t\t<\/a>\n\t\t<\/h3>\n\t\t\t\t<div class=\"elementor-post__meta-data\">\n\t\t\t\t\t<span class=\"elementor-post-date\">\n\t\t\t08\/03\/2022\t\t<\/span>\n\t\t\t\t<\/div>\n\t\t\t\t<\/div>\n\t\t\t\t<\/article>\n\t\t\t\t<article class=\"elementor-post elementor-grid-item post-4410 post type-post status-publish format-standard has-post-thumbnail hentry category-blog-es category-clara-blanchar-es-es tag-clara-blanchar-es tag-editorial-alpina-es tag-espai-quera-es tag-llibreria-quera-es tag-mapes-amb-historia-es tag-marti-nadal-es tag-muntanya-de-llibres-es tag-raimon-quera-es tag-revista-vertex-es tag-xevi-cortacans-es\" role=\"listitem\">\n\t\t\t\t<a class=\"elementor-post__thumbnail__link\" href=\"https:\/\/rutesentrerefugis.com\/index.php\/es\/2021\/04\/10\/mapas-con-historia-editorial-alpina\/\" tabindex=\"-1\" >\n\t\t\t<div class=\"elementor-post__thumbnail\"><img loading=\"lazy\" decoding=\"async\" width=\"300\" height=\"200\" src=\"https:\/\/rutesentrerefugis.com\/wp-content\/uploads\/2022\/12\/Mapes-amb-Historia-Inici-NW-300x200.jpg\" class=\"attachment-medium size-medium wp-image-4291\" alt=\"\" srcset=\"https:\/\/rutesentrerefugis.com\/wp-content\/uploads\/2022\/12\/Mapes-amb-Historia-Inici-NW-300x200.jpg 300w, https:\/\/rutesentrerefugis.com\/wp-content\/uploads\/2022\/12\/Mapes-amb-Historia-Inici-NW-1024x683.jpg 1024w, https:\/\/rutesentrerefugis.com\/wp-content\/uploads\/2022\/12\/Mapes-amb-Historia-Inici-NW-768x512.jpg 768w, https:\/\/rutesentrerefugis.com\/wp-content\/uploads\/2022\/12\/Mapes-amb-Historia-Inici-NW.jpg 1200w\" sizes=\"(max-width: 300px) 100vw, 300px\" \/><\/div>\n\t\t<\/a>\n\t\t\t\t<div class=\"elementor-post__text\">\n\t\t\t\t<h3 class=\"elementor-post__title\">\n\t\t\t<a href=\"https:\/\/rutesentrerefugis.com\/index.php\/es\/2021\/04\/10\/mapas-con-historia-editorial-alpina\/\" >\n\t\t\t\tMAPAS CON HISTORIA\t\t\t<\/a>\n\t\t<\/h3>\n\t\t\t\t<div class=\"elementor-post__meta-data\">\n\t\t\t\t\t<span class=\"elementor-post-date\">\n\t\t\t10\/04\/2021\t\t<\/span>\n\t\t\t\t<\/div>\n\t\t\t\t<\/div>\n\t\t\t\t<\/article>\n\t\t\t\t<\/div>\n\t\t\n\t\t\t\t\t\t<\/div>\n\t\t\t\t<\/div>\n\t\t\t\t\t<\/div>\n\t\t<\/div>\n\t\t\t\t\t<\/div>\n\t\t<\/section>\n\t\t\t\t<section class=\"elementor-section elementor-top-section elementor-element elementor-element-5d35125 elementor-section-full_width elementor-section-height-default elementor-section-height-default\" data-id=\"5d35125\" data-element_type=\"section\" data-e-type=\"section\">\n\t\t\t\t\t\t<div class=\"elementor-container elementor-column-gap-default\">\n\t\t\t\t\t<div class=\"elementor-column elementor-col-100 elementor-top-column elementor-element elementor-element-0808a8b\" data-id=\"0808a8b\" data-element_type=\"column\" data-e-type=\"column\">\n\t\t\t<div class=\"elementor-widget-wrap elementor-element-populated\">\n\t\t\t\t\t\t<div class=\"elementor-element elementor-element-7eb524d elementor-widget-divider--view-line elementor-widget elementor-widget-divider\" data-id=\"7eb524d\" data-element_type=\"widget\" data-e-type=\"widget\" data-widget_type=\"divider.default\">\n\t\t\t\t<div class=\"elementor-widget-container\">\n\t\t\t\t\t\t\t<div class=\"elementor-divider\">\n\t\t\t<span class=\"elementor-divider-separator\">\n\t\t\t\t\t\t<\/span>\n\t\t<\/div>\n\t\t\t\t\t\t<\/div>\n\t\t\t\t<\/div>\n\t\t\t\t\t<\/div>\n\t\t<\/div>\n\t\t\t\t\t<\/div>\n\t\t<\/section>\n\t\t\t\t<section class=\"elementor-section elementor-top-section elementor-element elementor-element-e195794 elementor-section-full_width elementor-section-height-default elementor-section-height-default\" data-id=\"e195794\" data-element_type=\"section\" data-e-type=\"section\">\n\t\t\t\t\t\t<div class=\"elementor-container elementor-column-gap-default\">\n\t\t\t\t\t<div class=\"elementor-column elementor-col-100 elementor-top-column elementor-element elementor-element-5caa241\" data-id=\"5caa241\" data-element_type=\"column\" data-e-type=\"column\">\n\t\t\t<div class=\"elementor-widget-wrap elementor-element-populated\">\n\t\t\t\t\t\t<div class=\"elementor-element elementor-element-d2fe7b4 elementor-widget elementor-widget-spacer\" data-id=\"d2fe7b4\" data-element_type=\"widget\" data-e-type=\"widget\" data-widget_type=\"spacer.default\">\n\t\t\t\t<div class=\"elementor-widget-container\">\n\t\t\t\t\t\t\t<div class=\"elementor-spacer\">\n\t\t\t<div class=\"elementor-spacer-inner\"><\/div>\n\t\t<\/div>\n\t\t\t\t\t\t<\/div>\n\t\t\t\t<\/div>\n\t\t\t\t\t<\/div>\n\t\t<\/div>\n\t\t\t\t\t<\/div>\n\t\t<\/section>\n\t\t\t\t<\/div>\n\t\t","protected":false},"excerpt":{"rendered":"<p>EL AVITUALLAMIENTO QUE VIENE DEL CIELO HELIC\u00d3PTEROS Y REFUGIOS Cr\u00f3nica escrita por CLARA BLANCHAR (@clarablanchar), periodista del diario EL PA\u00cdS y colaboradora de la revista<\/p>\n","protected":false},"author":9,"featured_media":10196,"comment_status":"open","ping_status":"open","sticky":false,"template":"elementor_header_footer","format":"standard","meta":{"_monsterinsights_skip_tracking":false,"_monsterinsights_sitenote_active":false,"_monsterinsights_sitenote_note":"","_monsterinsights_sitenote_category":0,"footnotes":""},"categories":[5126,11162],"tags":[5794,5796,5700,5146,5148,5166],"class_list":["post-10241","post","type-post","status-publish","format-standard","has-post-thumbnail","hentry","category-blog-es","category-clara-blanchar-es-es","tag-avituallament-que-ve-del-cel-es","tag-avituallamiento-que-cae-del-cielo-es","tag-clara-blanchar-es","tag-cronicas-ca-es","tag-croniques-ca-es","tag-revista-vertex-es"],"yoast_head":"<!-- This site is optimized with the Yoast SEO plugin v27.5 - https:\/\/yoast.com\/product\/yoast-seo-wordpress\/ -->\n<title>EL AVITUALLAMIENTO QUE CAE DEL CIELO - Rutes Entre Refugis<\/title>\n<meta name=\"robots\" content=\"index, follow, max-snippet:-1, max-image-preview:large, max-video-preview:-1\" \/>\n<link rel=\"canonical\" href=\"https:\/\/rutesentrerefugis.com\/index.php\/es\/2022\/03\/08\/el-avituallamiento-que-cae-del-cielo\/\" \/>\n<meta property=\"og:locale\" content=\"es_ES\" \/>\n<meta property=\"og:type\" content=\"article\" \/>\n<meta property=\"og:title\" content=\"EL AVITUALLAMIENTO QUE CAE DEL CIELO - Rutes Entre Refugis\" \/>\n<meta property=\"og:description\" content=\"EL AVITUALLAMIENTO QUE VIENE DEL CIELO HELIC\u00d3PTEROS Y REFUGIOS Cr\u00f3nica escrita por CLARA BLANCHAR (@clarablanchar), periodista del diario EL PA\u00cdS y colaboradora de la revista\" \/>\n<meta property=\"og:url\" content=\"https:\/\/rutesentrerefugis.com\/index.php\/es\/2022\/03\/08\/el-avituallamiento-que-cae-del-cielo\/\" \/>\n<meta property=\"og:site_name\" content=\"Rutes Entre Refugis\" \/>\n<meta property=\"article:published_time\" content=\"2022-03-08T15:53:00+00:00\" \/>\n<meta property=\"article:modified_time\" content=\"2024-04-25T11:27:47+00:00\" \/>\n<meta property=\"og:image\" content=\"https:\/\/rutesentrerefugis.com\/wp-content\/uploads\/2023\/03\/Avituallament-Refugis-Inici-NW.jpg\" \/>\n\t<meta property=\"og:image:width\" content=\"1200\" \/>\n\t<meta property=\"og:image:height\" content=\"800\" \/>\n\t<meta property=\"og:image:type\" content=\"image\/jpeg\" \/>\n<meta name=\"author\" content=\"Clara Blanchar\" \/>\n<meta name=\"twitter:card\" content=\"summary_large_image\" \/>\n<meta name=\"twitter:label1\" content=\"Escrito por\" \/>\n\t<meta name=\"twitter:data1\" content=\"Clara Blanchar\" \/>\n\t<meta name=\"twitter:label2\" content=\"Tiempo de lectura\" \/>\n\t<meta name=\"twitter:data2\" content=\"18 minutos\" \/>\n<script type=\"application\/ld+json\" class=\"yoast-schema-graph\">{\"@context\":\"https:\\\/\\\/schema.org\",\"@graph\":[{\"@type\":\"Article\",\"@id\":\"https:\\\/\\\/rutesentrerefugis.com\\\/index.php\\\/es\\\/2022\\\/03\\\/08\\\/el-avituallamiento-que-cae-del-cielo\\\/#article\",\"isPartOf\":{\"@id\":\"https:\\\/\\\/rutesentrerefugis.com\\\/index.php\\\/es\\\/2022\\\/03\\\/08\\\/el-avituallamiento-que-cae-del-cielo\\\/\"},\"author\":{\"name\":\"Clara Blanchar\",\"@id\":\"https:\\\/\\\/rutesentrerefugis.com\\\/#\\\/schema\\\/person\\\/fb0047c44473751281c738241567f055\"},\"headline\":\"EL AVITUALLAMIENTO QUE CAE DEL CIELO\",\"datePublished\":\"2022-03-08T15:53:00+00:00\",\"dateModified\":\"2024-04-25T11:27:47+00:00\",\"mainEntityOfPage\":{\"@id\":\"https:\\\/\\\/rutesentrerefugis.com\\\/index.php\\\/es\\\/2022\\\/03\\\/08\\\/el-avituallamiento-que-cae-del-cielo\\\/\"},\"wordCount\":3247,\"commentCount\":0,\"publisher\":{\"@id\":\"https:\\\/\\\/rutesentrerefugis.com\\\/#organization\"},\"image\":{\"@id\":\"https:\\\/\\\/rutesentrerefugis.com\\\/index.php\\\/es\\\/2022\\\/03\\\/08\\\/el-avituallamiento-que-cae-del-cielo\\\/#primaryimage\"},\"thumbnailUrl\":\"https:\\\/\\\/rutesentrerefugis.com\\\/wp-content\\\/uploads\\\/2023\\\/03\\\/Avituallament-Refugis-Inici-NW.jpg\",\"keywords\":[\"Avituallament que ve del Cel\",\"Avituallamiento que cae del Cielo\",\"Clara Blanchar\",\"Cr\u00f3nicas\",\"Cr\u00f2niques\",\"Revista V\u00e8rtex\"],\"articleSection\":[\"Blog.\",\"Clara Blanchar.\"],\"inLanguage\":\"es\",\"potentialAction\":[{\"@type\":\"CommentAction\",\"name\":\"Comment\",\"target\":[\"https:\\\/\\\/rutesentrerefugis.com\\\/index.php\\\/es\\\/2022\\\/03\\\/08\\\/el-avituallamiento-que-cae-del-cielo\\\/#respond\"]}]},{\"@type\":\"WebPage\",\"@id\":\"https:\\\/\\\/rutesentrerefugis.com\\\/index.php\\\/es\\\/2022\\\/03\\\/08\\\/el-avituallamiento-que-cae-del-cielo\\\/\",\"url\":\"https:\\\/\\\/rutesentrerefugis.com\\\/index.php\\\/es\\\/2022\\\/03\\\/08\\\/el-avituallamiento-que-cae-del-cielo\\\/\",\"name\":\"EL AVITUALLAMIENTO QUE CAE DEL CIELO - Rutes Entre Refugis\",\"isPartOf\":{\"@id\":\"https:\\\/\\\/rutesentrerefugis.com\\\/#website\"},\"primaryImageOfPage\":{\"@id\":\"https:\\\/\\\/rutesentrerefugis.com\\\/index.php\\\/es\\\/2022\\\/03\\\/08\\\/el-avituallamiento-que-cae-del-cielo\\\/#primaryimage\"},\"image\":{\"@id\":\"https:\\\/\\\/rutesentrerefugis.com\\\/index.php\\\/es\\\/2022\\\/03\\\/08\\\/el-avituallamiento-que-cae-del-cielo\\\/#primaryimage\"},\"thumbnailUrl\":\"https:\\\/\\\/rutesentrerefugis.com\\\/wp-content\\\/uploads\\\/2023\\\/03\\\/Avituallament-Refugis-Inici-NW.jpg\",\"datePublished\":\"2022-03-08T15:53:00+00:00\",\"dateModified\":\"2024-04-25T11:27:47+00:00\",\"breadcrumb\":{\"@id\":\"https:\\\/\\\/rutesentrerefugis.com\\\/index.php\\\/es\\\/2022\\\/03\\\/08\\\/el-avituallamiento-que-cae-del-cielo\\\/#breadcrumb\"},\"inLanguage\":\"es\",\"potentialAction\":[{\"@type\":\"ReadAction\",\"target\":[\"https:\\\/\\\/rutesentrerefugis.com\\\/index.php\\\/es\\\/2022\\\/03\\\/08\\\/el-avituallamiento-que-cae-del-cielo\\\/\"]}]},{\"@type\":\"ImageObject\",\"inLanguage\":\"es\",\"@id\":\"https:\\\/\\\/rutesentrerefugis.com\\\/index.php\\\/es\\\/2022\\\/03\\\/08\\\/el-avituallamiento-que-cae-del-cielo\\\/#primaryimage\",\"url\":\"https:\\\/\\\/rutesentrerefugis.com\\\/wp-content\\\/uploads\\\/2023\\\/03\\\/Avituallament-Refugis-Inici-NW.jpg\",\"contentUrl\":\"https:\\\/\\\/rutesentrerefugis.com\\\/wp-content\\\/uploads\\\/2023\\\/03\\\/Avituallament-Refugis-Inici-NW.jpg\",\"width\":1200,\"height\":800},{\"@type\":\"BreadcrumbList\",\"@id\":\"https:\\\/\\\/rutesentrerefugis.com\\\/index.php\\\/es\\\/2022\\\/03\\\/08\\\/el-avituallamiento-que-cae-del-cielo\\\/#breadcrumb\",\"itemListElement\":[{\"@type\":\"ListItem\",\"position\":1,\"name\":\"Inici\",\"item\":\"https:\\\/\\\/rutesentrerefugis.com\\\/\"},{\"@type\":\"ListItem\",\"position\":2,\"name\":\"EL AVITUALLAMIENTO QUE CAE DEL CIELO\"}]},{\"@type\":\"WebSite\",\"@id\":\"https:\\\/\\\/rutesentrerefugis.com\\\/#website\",\"url\":\"https:\\\/\\\/rutesentrerefugis.com\\\/\",\"name\":\"Rutes Entre Refugis\",\"description\":\"Caminant sota un nom\",\"publisher\":{\"@id\":\"https:\\\/\\\/rutesentrerefugis.com\\\/#organization\"},\"potentialAction\":[{\"@type\":\"SearchAction\",\"target\":{\"@type\":\"EntryPoint\",\"urlTemplate\":\"https:\\\/\\\/rutesentrerefugis.com\\\/?s={search_term_string}\"},\"query-input\":{\"@type\":\"PropertyValueSpecification\",\"valueRequired\":true,\"valueName\":\"search_term_string\"}}],\"inLanguage\":\"es\"},{\"@type\":\"Organization\",\"@id\":\"https:\\\/\\\/rutesentrerefugis.com\\\/#organization\",\"name\":\"Rutes Entre Refugis\",\"url\":\"https:\\\/\\\/rutesentrerefugis.com\\\/\",\"logo\":{\"@type\":\"ImageObject\",\"inLanguage\":\"es\",\"@id\":\"https:\\\/\\\/rutesentrerefugis.com\\\/#\\\/schema\\\/logo\\\/image\\\/\",\"url\":\"https:\\\/\\\/rutesentrerefugis.com\\\/wp-content\\\/uploads\\\/2022\\\/08\\\/RutesEntreRefugis-Blanc-Retina-1.png\",\"contentUrl\":\"https:\\\/\\\/rutesentrerefugis.com\\\/wp-content\\\/uploads\\\/2022\\\/08\\\/RutesEntreRefugis-Blanc-Retina-1.png\",\"width\":400,\"height\":400,\"caption\":\"Rutes Entre Refugis\"},\"image\":{\"@id\":\"https:\\\/\\\/rutesentrerefugis.com\\\/#\\\/schema\\\/logo\\\/image\\\/\"}},{\"@type\":\"Person\",\"@id\":\"https:\\\/\\\/rutesentrerefugis.com\\\/#\\\/schema\\\/person\\\/fb0047c44473751281c738241567f055\",\"name\":\"Clara Blanchar\",\"image\":{\"@type\":\"ImageObject\",\"inLanguage\":\"es\",\"@id\":\"https:\\\/\\\/rutesentrerefugis.com\\\/wp-content\\\/uploads\\\/2021\\\/04\\\/Clara-Blanchar-NW-Negre-96x96.jpg\",\"url\":\"https:\\\/\\\/rutesentrerefugis.com\\\/wp-content\\\/uploads\\\/2021\\\/04\\\/Clara-Blanchar-NW-Negre-96x96.jpg\",\"contentUrl\":\"https:\\\/\\\/rutesentrerefugis.com\\\/wp-content\\\/uploads\\\/2021\\\/04\\\/Clara-Blanchar-NW-Negre-96x96.jpg\",\"caption\":\"Clara Blanchar\"},\"url\":\"https:\\\/\\\/rutesentrerefugis.com\\\/index.php\\\/author\\\/clara-blanchar\\\/\"}]}<\/script>\n<!-- \/ Yoast SEO plugin. -->","yoast_head_json":{"title":"EL AVITUALLAMIENTO QUE CAE DEL CIELO - Rutes Entre Refugis","robots":{"index":"index","follow":"follow","max-snippet":"max-snippet:-1","max-image-preview":"max-image-preview:large","max-video-preview":"max-video-preview:-1"},"canonical":"https:\/\/rutesentrerefugis.com\/index.php\/es\/2022\/03\/08\/el-avituallamiento-que-cae-del-cielo\/","og_locale":"es_ES","og_type":"article","og_title":"EL AVITUALLAMIENTO QUE CAE DEL CIELO - Rutes Entre Refugis","og_description":"EL AVITUALLAMIENTO QUE VIENE DEL CIELO HELIC\u00d3PTEROS Y REFUGIOS Cr\u00f3nica escrita por CLARA BLANCHAR (@clarablanchar), periodista del diario EL PA\u00cdS y colaboradora de la revista","og_url":"https:\/\/rutesentrerefugis.com\/index.php\/es\/2022\/03\/08\/el-avituallamiento-que-cae-del-cielo\/","og_site_name":"Rutes Entre Refugis","article_published_time":"2022-03-08T15:53:00+00:00","article_modified_time":"2024-04-25T11:27:47+00:00","og_image":[{"width":1200,"height":800,"url":"https:\/\/rutesentrerefugis.com\/wp-content\/uploads\/2023\/03\/Avituallament-Refugis-Inici-NW.jpg","type":"image\/jpeg"}],"author":"Clara Blanchar","twitter_card":"summary_large_image","twitter_misc":{"Escrito por":"Clara Blanchar","Tiempo de lectura":"18 minutos"},"schema":{"@context":"https:\/\/schema.org","@graph":[{"@type":"Article","@id":"https:\/\/rutesentrerefugis.com\/index.php\/es\/2022\/03\/08\/el-avituallamiento-que-cae-del-cielo\/#article","isPartOf":{"@id":"https:\/\/rutesentrerefugis.com\/index.php\/es\/2022\/03\/08\/el-avituallamiento-que-cae-del-cielo\/"},"author":{"name":"Clara Blanchar","@id":"https:\/\/rutesentrerefugis.com\/#\/schema\/person\/fb0047c44473751281c738241567f055"},"headline":"EL AVITUALLAMIENTO QUE CAE DEL CIELO","datePublished":"2022-03-08T15:53:00+00:00","dateModified":"2024-04-25T11:27:47+00:00","mainEntityOfPage":{"@id":"https:\/\/rutesentrerefugis.com\/index.php\/es\/2022\/03\/08\/el-avituallamiento-que-cae-del-cielo\/"},"wordCount":3247,"commentCount":0,"publisher":{"@id":"https:\/\/rutesentrerefugis.com\/#organization"},"image":{"@id":"https:\/\/rutesentrerefugis.com\/index.php\/es\/2022\/03\/08\/el-avituallamiento-que-cae-del-cielo\/#primaryimage"},"thumbnailUrl":"https:\/\/rutesentrerefugis.com\/wp-content\/uploads\/2023\/03\/Avituallament-Refugis-Inici-NW.jpg","keywords":["Avituallament que ve del Cel","Avituallamiento que cae del Cielo","Clara Blanchar","Cr\u00f3nicas","Cr\u00f2niques","Revista V\u00e8rtex"],"articleSection":["Blog.","Clara Blanchar."],"inLanguage":"es","potentialAction":[{"@type":"CommentAction","name":"Comment","target":["https:\/\/rutesentrerefugis.com\/index.php\/es\/2022\/03\/08\/el-avituallamiento-que-cae-del-cielo\/#respond"]}]},{"@type":"WebPage","@id":"https:\/\/rutesentrerefugis.com\/index.php\/es\/2022\/03\/08\/el-avituallamiento-que-cae-del-cielo\/","url":"https:\/\/rutesentrerefugis.com\/index.php\/es\/2022\/03\/08\/el-avituallamiento-que-cae-del-cielo\/","name":"EL AVITUALLAMIENTO QUE CAE DEL CIELO - Rutes Entre Refugis","isPartOf":{"@id":"https:\/\/rutesentrerefugis.com\/#website"},"primaryImageOfPage":{"@id":"https:\/\/rutesentrerefugis.com\/index.php\/es\/2022\/03\/08\/el-avituallamiento-que-cae-del-cielo\/#primaryimage"},"image":{"@id":"https:\/\/rutesentrerefugis.com\/index.php\/es\/2022\/03\/08\/el-avituallamiento-que-cae-del-cielo\/#primaryimage"},"thumbnailUrl":"https:\/\/rutesentrerefugis.com\/wp-content\/uploads\/2023\/03\/Avituallament-Refugis-Inici-NW.jpg","datePublished":"2022-03-08T15:53:00+00:00","dateModified":"2024-04-25T11:27:47+00:00","breadcrumb":{"@id":"https:\/\/rutesentrerefugis.com\/index.php\/es\/2022\/03\/08\/el-avituallamiento-que-cae-del-cielo\/#breadcrumb"},"inLanguage":"es","potentialAction":[{"@type":"ReadAction","target":["https:\/\/rutesentrerefugis.com\/index.php\/es\/2022\/03\/08\/el-avituallamiento-que-cae-del-cielo\/"]}]},{"@type":"ImageObject","inLanguage":"es","@id":"https:\/\/rutesentrerefugis.com\/index.php\/es\/2022\/03\/08\/el-avituallamiento-que-cae-del-cielo\/#primaryimage","url":"https:\/\/rutesentrerefugis.com\/wp-content\/uploads\/2023\/03\/Avituallament-Refugis-Inici-NW.jpg","contentUrl":"https:\/\/rutesentrerefugis.com\/wp-content\/uploads\/2023\/03\/Avituallament-Refugis-Inici-NW.jpg","width":1200,"height":800},{"@type":"BreadcrumbList","@id":"https:\/\/rutesentrerefugis.com\/index.php\/es\/2022\/03\/08\/el-avituallamiento-que-cae-del-cielo\/#breadcrumb","itemListElement":[{"@type":"ListItem","position":1,"name":"Inici","item":"https:\/\/rutesentrerefugis.com\/"},{"@type":"ListItem","position":2,"name":"EL AVITUALLAMIENTO QUE CAE DEL CIELO"}]},{"@type":"WebSite","@id":"https:\/\/rutesentrerefugis.com\/#website","url":"https:\/\/rutesentrerefugis.com\/","name":"Rutes Entre Refugis","description":"Caminant sota un nom","publisher":{"@id":"https:\/\/rutesentrerefugis.com\/#organization"},"potentialAction":[{"@type":"SearchAction","target":{"@type":"EntryPoint","urlTemplate":"https:\/\/rutesentrerefugis.com\/?s={search_term_string}"},"query-input":{"@type":"PropertyValueSpecification","valueRequired":true,"valueName":"search_term_string"}}],"inLanguage":"es"},{"@type":"Organization","@id":"https:\/\/rutesentrerefugis.com\/#organization","name":"Rutes Entre Refugis","url":"https:\/\/rutesentrerefugis.com\/","logo":{"@type":"ImageObject","inLanguage":"es","@id":"https:\/\/rutesentrerefugis.com\/#\/schema\/logo\/image\/","url":"https:\/\/rutesentrerefugis.com\/wp-content\/uploads\/2022\/08\/RutesEntreRefugis-Blanc-Retina-1.png","contentUrl":"https:\/\/rutesentrerefugis.com\/wp-content\/uploads\/2022\/08\/RutesEntreRefugis-Blanc-Retina-1.png","width":400,"height":400,"caption":"Rutes Entre Refugis"},"image":{"@id":"https:\/\/rutesentrerefugis.com\/#\/schema\/logo\/image\/"}},{"@type":"Person","@id":"https:\/\/rutesentrerefugis.com\/#\/schema\/person\/fb0047c44473751281c738241567f055","name":"Clara Blanchar","image":{"@type":"ImageObject","inLanguage":"es","@id":"https:\/\/rutesentrerefugis.com\/wp-content\/uploads\/2021\/04\/Clara-Blanchar-NW-Negre-96x96.jpg","url":"https:\/\/rutesentrerefugis.com\/wp-content\/uploads\/2021\/04\/Clara-Blanchar-NW-Negre-96x96.jpg","contentUrl":"https:\/\/rutesentrerefugis.com\/wp-content\/uploads\/2021\/04\/Clara-Blanchar-NW-Negre-96x96.jpg","caption":"Clara Blanchar"},"url":"https:\/\/rutesentrerefugis.com\/index.php\/author\/clara-blanchar\/"}]}},"_links":{"self":[{"href":"https:\/\/rutesentrerefugis.com\/index.php\/wp-json\/wp\/v2\/posts\/10241","targetHints":{"allow":["GET"]}}],"collection":[{"href":"https:\/\/rutesentrerefugis.com\/index.php\/wp-json\/wp\/v2\/posts"}],"about":[{"href":"https:\/\/rutesentrerefugis.com\/index.php\/wp-json\/wp\/v2\/types\/post"}],"author":[{"embeddable":true,"href":"https:\/\/rutesentrerefugis.com\/index.php\/wp-json\/wp\/v2\/users\/9"}],"replies":[{"embeddable":true,"href":"https:\/\/rutesentrerefugis.com\/index.php\/wp-json\/wp\/v2\/comments?post=10241"}],"version-history":[{"count":20,"href":"https:\/\/rutesentrerefugis.com\/index.php\/wp-json\/wp\/v2\/posts\/10241\/revisions"}],"predecessor-version":[{"id":20992,"href":"https:\/\/rutesentrerefugis.com\/index.php\/wp-json\/wp\/v2\/posts\/10241\/revisions\/20992"}],"wp:featuredmedia":[{"embeddable":true,"href":"https:\/\/rutesentrerefugis.com\/index.php\/wp-json\/wp\/v2\/media\/10196"}],"wp:attachment":[{"href":"https:\/\/rutesentrerefugis.com\/index.php\/wp-json\/wp\/v2\/media?parent=10241"}],"wp:term":[{"taxonomy":"category","embeddable":true,"href":"https:\/\/rutesentrerefugis.com\/index.php\/wp-json\/wp\/v2\/categories?post=10241"},{"taxonomy":"post_tag","embeddable":true,"href":"https:\/\/rutesentrerefugis.com\/index.php\/wp-json\/wp\/v2\/tags?post=10241"}],"curies":[{"name":"wp","href":"https:\/\/api.w.org\/{rel}","templated":true}]}}