{"id":10374,"date":"2018-10-10T09:05:00","date_gmt":"2018-10-10T09:05:00","guid":{"rendered":"https:\/\/nova.rutesentrerefugis.com\/?p=10374"},"modified":"2023-10-31T07:12:18","modified_gmt":"2023-10-31T07:12:18","slug":"donasa","status":"publish","type":"post","link":"https:\/\/rutesentrerefugis.com\/index.php\/2018\/10\/10\/donasa\/","title":{"rendered":"DONAS\u00c0"},"content":{"rendered":"\t\t<div data-elementor-type=\"wp-post\" data-elementor-id=\"10374\" class=\"elementor elementor-10374\" data-elementor-post-type=\"post\">\n\t\t\t\t\t\t<section class=\"elementor-section elementor-top-section elementor-element elementor-element-95df28b elementor-section-full_width elementor-section-height-default elementor-section-height-default\" data-id=\"95df28b\" data-element_type=\"section\" data-e-type=\"section\" data-settings=\"{&quot;background_background&quot;:&quot;classic&quot;}\">\n\t\t\t\t\t\t<div class=\"elementor-container elementor-column-gap-default\">\n\t\t\t\t\t<div class=\"elementor-column elementor-col-100 elementor-top-column elementor-element elementor-element-84065af\" data-id=\"84065af\" data-element_type=\"column\" data-e-type=\"column\">\n\t\t\t<div class=\"elementor-widget-wrap elementor-element-populated\">\n\t\t\t\t\t\t<div class=\"elementor-element elementor-element-c09c1a0 elementor-widget elementor-widget-image\" data-id=\"c09c1a0\" data-element_type=\"widget\" data-e-type=\"widget\" data-widget_type=\"image.default\">\n\t\t\t\t<div class=\"elementor-widget-container\">\n\t\t\t\t\t\t\t\t\t\t\t\t\t\t\t<img fetchpriority=\"high\" decoding=\"async\" width=\"2000\" height=\"450\" src=\"https:\/\/rutesentrerefugis.com\/wp-content\/uploads\/2023\/03\/Donasa-Cap.jpg\" class=\"attachment-full size-full wp-image-10378\" alt=\"\" srcset=\"https:\/\/rutesentrerefugis.com\/wp-content\/uploads\/2023\/03\/Donasa-Cap.jpg 2000w, https:\/\/rutesentrerefugis.com\/wp-content\/uploads\/2023\/03\/Donasa-Cap-300x68.jpg 300w, https:\/\/rutesentrerefugis.com\/wp-content\/uploads\/2023\/03\/Donasa-Cap-1024x230.jpg 1024w, https:\/\/rutesentrerefugis.com\/wp-content\/uploads\/2023\/03\/Donasa-Cap-768x173.jpg 768w, https:\/\/rutesentrerefugis.com\/wp-content\/uploads\/2023\/03\/Donasa-Cap-1536x346.jpg 1536w\" sizes=\"(max-width: 2000px) 100vw, 2000px\" \/>\t\t\t\t\t\t\t\t\t\t\t\t\t\t\t<\/div>\n\t\t\t\t<\/div>\n\t\t\t\t\t<\/div>\n\t\t<\/div>\n\t\t\t\t\t<\/div>\n\t\t<\/section>\n\t\t\t\t<section class=\"elementor-section elementor-top-section elementor-element elementor-element-c2db30a elementor-section-full_width elementor-section-height-default elementor-section-height-default\" data-id=\"c2db30a\" data-element_type=\"section\" data-e-type=\"section\" data-settings=\"{&quot;background_background&quot;:&quot;classic&quot;}\">\n\t\t\t\t\t\t<div class=\"elementor-container elementor-column-gap-default\">\n\t\t\t\t\t<div class=\"elementor-column elementor-col-100 elementor-top-column elementor-element elementor-element-7702d15\" data-id=\"7702d15\" data-element_type=\"column\" data-e-type=\"column\">\n\t\t\t<div class=\"elementor-widget-wrap elementor-element-populated\">\n\t\t\t\t\t\t<div class=\"elementor-element elementor-element-d6bdcec elementor-widget elementor-widget-heading\" data-id=\"d6bdcec\" data-element_type=\"widget\" data-e-type=\"widget\" data-widget_type=\"heading.default\">\n\t\t\t\t<div class=\"elementor-widget-container\">\n\t\t\t\t\t<h2 class=\"elementor-heading-title elementor-size-default\">DONAS\u00c0<\/h2>\t\t\t\t<\/div>\n\t\t\t\t<\/div>\n\t\t\t\t\t<\/div>\n\t\t<\/div>\n\t\t\t\t\t<\/div>\n\t\t<\/section>\n\t\t\t\t<section class=\"elementor-section elementor-top-section elementor-element elementor-element-d4773d0 elementor-section-full_width elementor-section-height-default elementor-section-height-default\" data-id=\"d4773d0\" data-element_type=\"section\" data-e-type=\"section\" data-settings=\"{&quot;background_background&quot;:&quot;classic&quot;}\">\n\t\t\t\t\t\t<div class=\"elementor-container elementor-column-gap-default\">\n\t\t\t\t\t<div class=\"elementor-column elementor-col-100 elementor-top-column elementor-element elementor-element-a8be536\" data-id=\"a8be536\" data-element_type=\"column\" data-e-type=\"column\">\n\t\t\t<div class=\"elementor-widget-wrap elementor-element-populated\">\n\t\t\t\t\t\t<div class=\"elementor-element elementor-element-7b5d92c elementor-widget-divider--view-line elementor-widget elementor-widget-divider\" data-id=\"7b5d92c\" data-element_type=\"widget\" data-e-type=\"widget\" data-widget_type=\"divider.default\">\n\t\t\t\t<div class=\"elementor-widget-container\">\n\t\t\t\t\t\t\t<div class=\"elementor-divider\">\n\t\t\t<span class=\"elementor-divider-separator\">\n\t\t\t\t\t\t<\/span>\n\t\t<\/div>\n\t\t\t\t\t\t<\/div>\n\t\t\t\t<\/div>\n\t\t\t\t\t<\/div>\n\t\t<\/div>\n\t\t\t\t\t<\/div>\n\t\t<\/section>\n\t\t\t\t<section class=\"elementor-section elementor-top-section elementor-element elementor-element-88c38ed elementor-section-full_width elementor-section-height-default elementor-section-height-default\" data-id=\"88c38ed\" data-element_type=\"section\" data-e-type=\"section\">\n\t\t\t\t\t\t<div class=\"elementor-container elementor-column-gap-default\">\n\t\t\t\t\t<div class=\"elementor-column elementor-col-100 elementor-top-column elementor-element elementor-element-27365fc\" data-id=\"27365fc\" data-element_type=\"column\" data-e-type=\"column\">\n\t\t\t<div class=\"elementor-widget-wrap elementor-element-populated\">\n\t\t\t\t\t\t<div class=\"elementor-element elementor-element-a8716c3 elementor-widget elementor-widget-spacer\" data-id=\"a8716c3\" data-element_type=\"widget\" data-e-type=\"widget\" data-widget_type=\"spacer.default\">\n\t\t\t\t<div class=\"elementor-widget-container\">\n\t\t\t\t\t\t\t<div class=\"elementor-spacer\">\n\t\t\t<div class=\"elementor-spacer-inner\"><\/div>\n\t\t<\/div>\n\t\t\t\t\t\t<\/div>\n\t\t\t\t<\/div>\n\t\t\t\t\t<\/div>\n\t\t<\/div>\n\t\t\t\t\t<\/div>\n\t\t<\/section>\n\t\t\t\t<section class=\"elementor-section elementor-top-section elementor-element elementor-element-22508a8 elementor-section-full_width elementor-section-height-default elementor-section-height-default\" data-id=\"22508a8\" data-element_type=\"section\" data-e-type=\"section\">\n\t\t\t\t\t\t<div class=\"elementor-container elementor-column-gap-default\">\n\t\t\t\t\t<div class=\"elementor-column elementor-col-100 elementor-top-column elementor-element elementor-element-4f16c46\" data-id=\"4f16c46\" data-element_type=\"column\" data-e-type=\"column\">\n\t\t\t<div class=\"elementor-widget-wrap elementor-element-populated\">\n\t\t\t\t\t\t<div class=\"elementor-element elementor-element-b239672 elementor-widget elementor-widget-heading\" data-id=\"b239672\" data-element_type=\"widget\" data-e-type=\"widget\" data-widget_type=\"heading.default\">\n\t\t\t\t<div class=\"elementor-widget-container\">\n\t\t\t\t\t<h2 class=\"elementor-heading-title elementor-size-default\">L'ED\u00c8N AL PIRINEU ORIENTAL<\/h2>\t\t\t\t<\/div>\n\t\t\t\t<\/div>\n\t\t\t\t\t<\/div>\n\t\t<\/div>\n\t\t\t\t\t<\/div>\n\t\t<\/section>\n\t\t\t\t<section class=\"elementor-section elementor-top-section elementor-element elementor-element-d03fa05 elementor-section-full_width elementor-section-height-default elementor-section-height-default\" data-id=\"d03fa05\" data-element_type=\"section\" data-e-type=\"section\">\n\t\t\t\t\t\t<div class=\"elementor-container elementor-column-gap-default\">\n\t\t\t\t\t<div class=\"elementor-column elementor-col-100 elementor-top-column elementor-element elementor-element-c4e6e7c\" data-id=\"c4e6e7c\" data-element_type=\"column\" data-e-type=\"column\">\n\t\t\t<div class=\"elementor-widget-wrap elementor-element-populated\">\n\t\t\t\t\t\t<div class=\"elementor-element elementor-element-c9b0e54 elementor-widget elementor-widget-text-editor\" data-id=\"c9b0e54\" data-element_type=\"widget\" data-e-type=\"widget\" data-widget_type=\"text-editor.default\">\n\t\t\t\t<div class=\"elementor-widget-container\">\n\t\t\t\t\t\t\t\t\t<p>Cr\u00f2nica escrita per PITO COSTA i publicada a la revista V\u00c8RTEX n\u00famero 279<\/p>\t\t\t\t\t\t\t\t<\/div>\n\t\t\t\t<\/div>\n\t\t\t\t\t<\/div>\n\t\t<\/div>\n\t\t\t\t\t<\/div>\n\t\t<\/section>\n\t\t\t\t<section class=\"elementor-section elementor-top-section elementor-element elementor-element-df088b6 elementor-section-full_width elementor-section-height-default elementor-section-height-default\" data-id=\"df088b6\" data-element_type=\"section\" data-e-type=\"section\">\n\t\t\t\t\t\t<div class=\"elementor-container elementor-column-gap-default\">\n\t\t\t\t\t<div class=\"elementor-column elementor-col-100 elementor-top-column elementor-element elementor-element-298e764\" data-id=\"298e764\" data-element_type=\"column\" data-e-type=\"column\">\n\t\t\t<div class=\"elementor-widget-wrap elementor-element-populated\">\n\t\t\t\t\t\t<div class=\"elementor-element elementor-element-8e13bf9 elementor-widget elementor-widget-text-editor\" data-id=\"8e13bf9\" data-element_type=\"widget\" data-e-type=\"widget\" data-widget_type=\"text-editor.default\">\n\t\t\t\t<div class=\"elementor-widget-container\">\n\t\t\t\t\t\t\t\t\t<h5>El Donas\u00e0 \u00e9s una comarca enclavada al nord del Capcir, a cavall entre l&#8217;Aude i l&#8217;Ari\u00e8ge. Un indret on el temps s&#8217;ha aturat i podem gaudir de l&#8217;ess\u00e8ncia dels Pirineus aut\u00e8ntics. Valls de frondosa vegetaci\u00f3 esquitxades d&#8217;estanys d&#8217;una bellesa fora de mida, ramats de bestiar, carreteres estretes i revirades per als amants del ciclisme, i poblets de postal amb un ritme de vida tranquil i reposat, lluny del brogit i l&#8217;acceleraci\u00f3 de la societat moderna.<\/br>\n<\/br>\nUs proposem una ruta de senderisme que travessa les muntanyes del Donas\u00e0, endinsant-se pel cor del Capcir i la vall d&#8217;Orlu. Tres dies de travessa que no tenen res a envejar a les rutes cl\u00e0ssiques i mercantilitzades dels Pirineus m\u00e9s populars. Una aut\u00e8ntica joia!<\/h5>\t\t\t\t\t\t\t\t<\/div>\n\t\t\t\t<\/div>\n\t\t\t\t\t<\/div>\n\t\t<\/div>\n\t\t\t\t\t<\/div>\n\t\t<\/section>\n\t\t\t\t<section class=\"elementor-section elementor-top-section elementor-element elementor-element-13bdb44 elementor-section-full_width elementor-section-height-default elementor-section-height-default\" data-id=\"13bdb44\" data-element_type=\"section\" data-e-type=\"section\">\n\t\t\t\t\t\t<div class=\"elementor-container elementor-column-gap-default\">\n\t\t\t\t\t<div class=\"elementor-column elementor-col-50 elementor-top-column elementor-element elementor-element-a122034\" data-id=\"a122034\" data-element_type=\"column\" data-e-type=\"column\">\n\t\t\t<div class=\"elementor-widget-wrap elementor-element-populated\">\n\t\t\t\t\t\t<div class=\"elementor-element elementor-element-f438084 elementor-widget elementor-widget-image\" data-id=\"f438084\" data-element_type=\"widget\" data-e-type=\"widget\" data-widget_type=\"image.default\">\n\t\t\t\t<div class=\"elementor-widget-container\">\n\t\t\t\t\t\t\t\t\t\t\t\t<figure class=\"wp-caption\">\n\t\t\t\t\t\t\t\t\t\t<img decoding=\"async\" width=\"1200\" height=\"800\" src=\"https:\/\/rutesentrerefugis.com\/wp-content\/uploads\/2023\/03\/01-Refugi-Laurenti-NW.jpg\" class=\"attachment-full size-full wp-image-10382\" alt=\"\" srcset=\"https:\/\/rutesentrerefugis.com\/wp-content\/uploads\/2023\/03\/01-Refugi-Laurenti-NW.jpg 1200w, https:\/\/rutesentrerefugis.com\/wp-content\/uploads\/2023\/03\/01-Refugi-Laurenti-NW-300x200.jpg 300w, https:\/\/rutesentrerefugis.com\/wp-content\/uploads\/2023\/03\/01-Refugi-Laurenti-NW-1024x683.jpg 1024w, https:\/\/rutesentrerefugis.com\/wp-content\/uploads\/2023\/03\/01-Refugi-Laurenti-NW-768x512.jpg 768w\" sizes=\"(max-width: 1200px) 100vw, 1200px\" \/>\t\t\t\t\t\t\t\t\t\t\t<figcaption class=\"widget-image-caption wp-caption-text\">Refugi Laurent\u00ed<\/figcaption>\n\t\t\t\t\t\t\t\t\t\t<\/figure>\n\t\t\t\t\t\t\t\t\t<\/div>\n\t\t\t\t<\/div>\n\t\t\t\t\t<\/div>\n\t\t<\/div>\n\t\t\t\t<div class=\"elementor-column elementor-col-50 elementor-top-column elementor-element elementor-element-88913bc\" data-id=\"88913bc\" data-element_type=\"column\" data-e-type=\"column\">\n\t\t\t<div class=\"elementor-widget-wrap elementor-element-populated\">\n\t\t\t\t\t\t<div class=\"elementor-element elementor-element-cad9d76 elementor-widget elementor-widget-image\" data-id=\"cad9d76\" data-element_type=\"widget\" data-e-type=\"widget\" data-widget_type=\"image.default\">\n\t\t\t\t<div class=\"elementor-widget-container\">\n\t\t\t\t\t\t\t\t\t\t\t\t<figure class=\"wp-caption\">\n\t\t\t\t\t\t\t\t\t\t<img decoding=\"async\" width=\"1200\" height=\"800\" src=\"https:\/\/rutesentrerefugis.com\/wp-content\/uploads\/2023\/03\/02-Estany-Laurenti-NW.jpg\" class=\"attachment-full size-full wp-image-10383\" alt=\"\" srcset=\"https:\/\/rutesentrerefugis.com\/wp-content\/uploads\/2023\/03\/02-Estany-Laurenti-NW.jpg 1200w, https:\/\/rutesentrerefugis.com\/wp-content\/uploads\/2023\/03\/02-Estany-Laurenti-NW-300x200.jpg 300w, https:\/\/rutesentrerefugis.com\/wp-content\/uploads\/2023\/03\/02-Estany-Laurenti-NW-1024x683.jpg 1024w, https:\/\/rutesentrerefugis.com\/wp-content\/uploads\/2023\/03\/02-Estany-Laurenti-NW-768x512.jpg 768w\" sizes=\"(max-width: 1200px) 100vw, 1200px\" \/>\t\t\t\t\t\t\t\t\t\t\t<figcaption class=\"widget-image-caption wp-caption-text\">Estany Laurent\u00ed<\/figcaption>\n\t\t\t\t\t\t\t\t\t\t<\/figure>\n\t\t\t\t\t\t\t\t\t<\/div>\n\t\t\t\t<\/div>\n\t\t\t\t\t<\/div>\n\t\t<\/div>\n\t\t\t\t\t<\/div>\n\t\t<\/section>\n\t\t\t\t<section class=\"elementor-section elementor-top-section elementor-element elementor-element-d7a90e4 elementor-section-full_width elementor-section-height-default elementor-section-height-default\" data-id=\"d7a90e4\" data-element_type=\"section\" data-e-type=\"section\">\n\t\t\t\t\t\t<div class=\"elementor-container elementor-column-gap-default\">\n\t\t\t\t\t<div class=\"elementor-column elementor-col-100 elementor-top-column elementor-element elementor-element-153c029\" data-id=\"153c029\" data-element_type=\"column\" data-e-type=\"column\">\n\t\t\t<div class=\"elementor-widget-wrap elementor-element-populated\">\n\t\t\t\t\t\t<div class=\"elementor-element elementor-element-d152be4 elementor-widget elementor-widget-text-editor\" data-id=\"d152be4\" data-element_type=\"widget\" data-e-type=\"widget\" data-widget_type=\"text-editor.default\">\n\t\t\t\t<div class=\"elementor-widget-container\">\n\t\t\t\t\t\t\t\t\t<h4><font color=\"#000000\"><b>ETAPA 1<\/b><\/font><\/br>\n<font color=\"#B40404\">REFUGI DE LAURENTI (1.616 m) &#8211; REFUGI DE CAMPORELLS (2.240 m)<\/font><\/h4>\n<h6><b>Dist\u00e0ncia:<\/b> 14 kms<\/br>\n<b>Desnivell positiu:<\/b> 1.500 metres<\/br>\n<b>Desnivell negatiu:<\/b> 876 metres<\/br>\n<b>Horari:<\/b> 6-7 hores<\/h6>\n<h5>Comencem la travessa al refugi lliure de Laurenti, en condicions for\u00e7a prec\u00e0ries, llar de foc, matalassos i capacitat per unes 10-12 persones. Hi ha la possibilitat d&#8217;acampar pels voltants del refugi, en un entorn absolutament buc\u00f2lic. La jornada comen\u00e7a al cor del Donas\u00e0, per fer cap a l&#8217;estany de Laurenti i ascendir al Roc Blanc, el Pic de Canras i el Pic de Baxouillade, per entrar al Capcir per cap\u00e7alera de la vall de Galba i la zona de Camporells.<\/br>\n<\/br>\nSortim del refugi de Laurenti per la pista forestal que ens condueix a Mijan\u00e8s. En un centenar de metres, just despr\u00e9s de creuar el riu en un revolt de 180 graus, prenem el cam\u00ed que surt en direcci\u00f3 sud fins a l&#8217;estany de Laurenti. Anem guanyant al\u00e7ada progressivament, enmig d&#8217;un bosc d&#8217;avets monumentals fins a arribar a l&#8217;estany, un dels punts m\u00e0gics de la travessa. El Roc Blanc, al sud-oest, es mostra inaccessible, per\u00f2 la seva ascensi\u00f3 no presenta cap mena de dificultat t\u00e8cnica. Voregem l&#8217;estany deixant-lo a la nostra esquerra per guanyar al\u00e7ada progressivament per pendents herboses en direcci\u00f3 sud-oest fins a un petit punt d&#8217;inflexi\u00f3 que ens portar\u00e0 a la base d&#8217;un petit estany que a voltes el trobarem sense aigua. Es tracta de vorejar el cim pel sud i accedir al Coll de Laurenti per atacar la part final de l&#8217;ascensi\u00f3 pel vessant oest. Un cop arribem al petit estany (2.251 m), el vorejarem pel sud per pujar al Coll de Laurenti en direcci\u00f3 nord-oest. Una petita escultura de forja ens d\u00f3na la benvinguda. Entrem a la reserva natural d&#8217;Orlu i aquest \u00e9s el s\u00edmbol distintiu d&#8217;aquesta vall. Del Coll de Laurenti seguim pujant cap a l&#8217;est per arribar al Roc Blanc (2.542 m) per terreny roc\u00f3s. El cim ens regala unes vistes espectaculars. Del Tarbes\u00f3 al Pic de la Tribuna, totes les muntanyes del Donas\u00e0 amb la Dent d&#8217;Orlu a tocar. Els Peric, el Coma d&#8217;Or, les muntanyes d&#8217;Andorra, la Pica d&#8217;Estats i el Mont Valier a la llunyania.<\/br>\n<\/br>\nDavallem pel mateix itinerari de pujada fins al Coll de Laurenti per dirigir-nos en direcci\u00f3 sud fins el Pic de Canras. Progressem amb precauci\u00f3 per un cam\u00ed herb\u00f3s poc definit, seguint la carena pel vessant de llevant, deixant l&#8217;agulla caracter\u00edstica que precedeix el cim a la nostra esquerra. Un cop superat aquest pas, s&#8217;obre un llom herb\u00f3s que ens permetr\u00e0 accedir sense dificultats al Pic de Canr\u00e0s. Progressem en direcci\u00f3 sud fins al Pic de Baxouillade (2.546 m) fixant-nos b\u00e9 amb el petit collet que s&#8217;intueix a l&#8217;oest del cim, pas que ens situar\u00e0 a la vall de Galba. Coronem el Pic de Baxouillade sense cap dificultat per resseguir la carena en direcci\u00f3 oest fins al pas anteriorment esmentat. Per la vessant sud s&#8217;obre una bretxa que caldr\u00e0 davallar per terreny pedreg\u00f3s, inclinat i un xic inc\u00f2mode. A mesura que perdem al\u00e7ada derivem cap al sud-oest, tot seguint les fites que ens situaran al cam\u00ed que davalla de la Portella d&#8217;Orlu. Seguim davallant per terreny m\u00e9s c\u00f2mode vers el sud-est fins a la Ja\u00e7a de les Formigues, on prendrem el sender del \u201cTour du Capcir\u201d en direcci\u00f3 oest i despr\u00e9s sud, fins al refugi de Camporells. Aquest \u00e9s un altre dels indrets meravellosos de la travessa. Una plana esquitxada d&#8217;estanys s&#8217;obre despr\u00e9s de deixar enrere la vall de la Galba, amb els Perics omnipresents en aquest entorn id\u00edl\u00b7lic. Marmotes, isards, voltors, muflons i algun c\u00e9rvol escadusser es deixen veure, mentre fem cam\u00ed envoltats de prats alpins i estanys d&#8217;un blau intens que invita a fer-hi una remullada. Un aut\u00e8ntic espectacle!<\/h5>\t\t\t\t\t\t\t\t<\/div>\n\t\t\t\t<\/div>\n\t\t\t\t\t<\/div>\n\t\t<\/div>\n\t\t\t\t\t<\/div>\n\t\t<\/section>\n\t\t\t\t<section class=\"elementor-section elementor-top-section elementor-element elementor-element-6e42abf elementor-section-full_width elementor-section-height-default elementor-section-height-default\" data-id=\"6e42abf\" data-element_type=\"section\" data-e-type=\"section\">\n\t\t\t\t\t\t<div class=\"elementor-container elementor-column-gap-default\">\n\t\t\t\t\t<div class=\"elementor-column elementor-col-50 elementor-top-column elementor-element elementor-element-f7a660b\" data-id=\"f7a660b\" data-element_type=\"column\" data-e-type=\"column\">\n\t\t\t<div class=\"elementor-widget-wrap elementor-element-populated\">\n\t\t\t\t\t\t<div class=\"elementor-element elementor-element-5d482da elementor-widget elementor-widget-image\" data-id=\"5d482da\" data-element_type=\"widget\" data-e-type=\"widget\" data-widget_type=\"image.default\">\n\t\t\t\t<div class=\"elementor-widget-container\">\n\t\t\t\t\t\t\t\t\t\t\t\t<figure class=\"wp-caption\">\n\t\t\t\t\t\t\t\t\t\t<img loading=\"lazy\" decoding=\"async\" width=\"1200\" height=\"800\" src=\"https:\/\/rutesentrerefugis.com\/wp-content\/uploads\/2023\/03\/03-Dent-Orlu-NW.jpg\" class=\"attachment-full size-full wp-image-10387\" alt=\"\" srcset=\"https:\/\/rutesentrerefugis.com\/wp-content\/uploads\/2023\/03\/03-Dent-Orlu-NW.jpg 1200w, https:\/\/rutesentrerefugis.com\/wp-content\/uploads\/2023\/03\/03-Dent-Orlu-NW-300x200.jpg 300w, https:\/\/rutesentrerefugis.com\/wp-content\/uploads\/2023\/03\/03-Dent-Orlu-NW-1024x683.jpg 1024w, https:\/\/rutesentrerefugis.com\/wp-content\/uploads\/2023\/03\/03-Dent-Orlu-NW-768x512.jpg 768w\" sizes=\"(max-width: 1200px) 100vw, 1200px\" \/>\t\t\t\t\t\t\t\t\t\t\t<figcaption class=\"widget-image-caption wp-caption-text\">La Dent d'Orlu (2.222 metres)<\/figcaption>\n\t\t\t\t\t\t\t\t\t\t<\/figure>\n\t\t\t\t\t\t\t\t\t<\/div>\n\t\t\t\t<\/div>\n\t\t\t\t\t<\/div>\n\t\t<\/div>\n\t\t\t\t<div class=\"elementor-column elementor-col-50 elementor-top-column elementor-element elementor-element-bfd66ee\" data-id=\"bfd66ee\" data-element_type=\"column\" data-e-type=\"column\">\n\t\t\t<div class=\"elementor-widget-wrap elementor-element-populated\">\n\t\t\t\t\t\t<div class=\"elementor-element elementor-element-da4702c elementor-widget elementor-widget-image\" data-id=\"da4702c\" data-element_type=\"widget\" data-e-type=\"widget\" data-widget_type=\"image.default\">\n\t\t\t\t<div class=\"elementor-widget-container\">\n\t\t\t\t\t\t\t\t\t\t\t\t<figure class=\"wp-caption\">\n\t\t\t\t\t\t\t\t\t\t<img loading=\"lazy\" decoding=\"async\" width=\"1200\" height=\"800\" src=\"https:\/\/rutesentrerefugis.com\/wp-content\/uploads\/2023\/03\/04-Estant-Baxouillade-NW.jpg\" class=\"attachment-full size-full wp-image-10388\" alt=\"\" srcset=\"https:\/\/rutesentrerefugis.com\/wp-content\/uploads\/2023\/03\/04-Estant-Baxouillade-NW.jpg 1200w, https:\/\/rutesentrerefugis.com\/wp-content\/uploads\/2023\/03\/04-Estant-Baxouillade-NW-300x200.jpg 300w, https:\/\/rutesentrerefugis.com\/wp-content\/uploads\/2023\/03\/04-Estant-Baxouillade-NW-1024x683.jpg 1024w, https:\/\/rutesentrerefugis.com\/wp-content\/uploads\/2023\/03\/04-Estant-Baxouillade-NW-768x512.jpg 768w\" sizes=\"(max-width: 1200px) 100vw, 1200px\" \/>\t\t\t\t\t\t\t\t\t\t\t<figcaption class=\"widget-image-caption wp-caption-text\">Estany de Baxouillade<\/figcaption>\n\t\t\t\t\t\t\t\t\t\t<\/figure>\n\t\t\t\t\t\t\t\t\t<\/div>\n\t\t\t\t<\/div>\n\t\t\t\t\t<\/div>\n\t\t<\/div>\n\t\t\t\t\t<\/div>\n\t\t<\/section>\n\t\t\t\t<section class=\"elementor-section elementor-top-section elementor-element elementor-element-f8e37d7 elementor-section-full_width elementor-section-height-default elementor-section-height-default\" data-id=\"f8e37d7\" data-element_type=\"section\" data-e-type=\"section\">\n\t\t\t\t\t\t<div class=\"elementor-container elementor-column-gap-default\">\n\t\t\t\t\t<div class=\"elementor-column elementor-col-100 elementor-top-column elementor-element elementor-element-c36f3cb\" data-id=\"c36f3cb\" data-element_type=\"column\" data-e-type=\"column\">\n\t\t\t<div class=\"elementor-widget-wrap elementor-element-populated\">\n\t\t\t\t\t\t<div class=\"elementor-element elementor-element-6e5a5a9 elementor-widget elementor-widget-text-editor\" data-id=\"6e5a5a9\" data-element_type=\"widget\" data-e-type=\"widget\" data-widget_type=\"text-editor.default\">\n\t\t\t\t<div class=\"elementor-widget-container\">\n\t\t\t\t\t\t\t\t\t<h4><span style=\"color: #000000;\"><b>ETAPA 2<\/b><\/br>\n<span style=\"color: #b40404;\">REFUGI DE CAMPORELLS (2.240 m) &#8211; REFUGI D&#8217;EN BEYS (1.956 m)<\/br><\/h4>\n<h6><b>Dist\u00e0ncia:<\/b> 11,50 kms<\/br>\n<b>Desnivell positiu:<\/b>\u00a0920 metres<\/br>\n<b>Desnivell negatiu:<\/b>\u00a01.189 metres<\/br>\n<b>Horari:<\/b>\u00a05-6 hores<\/h6>\n<h5>Coronarem els cims del Petit Peric i el Puig Peric per entrar altre cop a la vall d&#8217;Orlu per la Portella Gran. Seguirem la ruta per estanys de somni i valls solit\u00e0ries i inh\u00f2spites per acabar al\u00e7ats sobre la vall d&#8217;Orlu per un sender que, a mig vessant, ens portar\u00e0 fins al refugi d&#8217;en Beys. Una altra jornada cinco jotas!<\/br>\n<\/br>\nSortim del refugi de Camporells, tot gaudint de l&#8217;espectacle que ens regalen els primers raigs de sol esculpits en els estanys i les muntanyes que ens disposem a coronar. Voregem l&#8217;estany del Mig pel sud, per creuar la sortida d&#8217;aig\u00fces i derivar vers el sud-oest per passar entre dos estanys i davallar fins a l&#8217;estanyet situat a 2.236 m. Voregem el Petit Peric per anar a cercar el llom sud-est, m\u00e9s tombat i que ens permetr\u00e0 progressar d&#8217;una manera m\u00e9s c\u00f2mode fins al cim. Del Petit Peric seguim l&#8217;ampla aresta vers l&#8217;oest fins al Puig Peric (2.810 m) seguint un sender\u00f3 inclinat i pedreg\u00f3s que es deixa fer.<\/br>\n<\/br>\nDavallem del cim en direcci\u00f3 nord-oest per cercar una canal ampla, dreta i pedregosa que ens portar\u00e0 fins al peu del Petit Estany Blau. El terreny \u00e9s inc\u00f2mode per\u00f2 en cap cas presenta dificultats t\u00e8cniques apreciables. Altre cop l&#8217;espectacle dels llacs que divisem ens deixa bocabadats. L&#8217;estany Blau, migpartit en dos l\u00f2buls, presenta diferents tonalitats de blau intens d&#8217;una delicadesa suprema. Superem els lloms que ens condueixen a la Portella Gran. L&#8217;escultura de forja ens torna a donar la benvinguda. Ens endinsem altre cop a la vall d&#8217;Orlu. Penetrem per una vall inh\u00f2spita i solit\u00e0ria fins a arribar a la cota 2.000 m, per creuar el riu per una presa de ciment armat i prendre el sender que tra\u00e7a un flanqueig vers l&#8217;oest-sud-oest, al\u00e7at a mig vessant sobre la vall d&#8217;Orlu. Un altre dels punts m\u00e0gics de la ruta. Una balconada amb vistes espectaculars de la vall i les seves muntanyes. El cam\u00ed guanya al\u00e7ada, molt progressivament amb algun puja i baixa, fins a trobar el GR-7 (el sender que creua Fran\u00e7a per la divis\u00f2ria d&#8217;aig\u00fces Atl\u00e0ntic-Mediterr\u00e0nia) que ens conduir\u00e0 fins a l&#8217;estany i el refugi d&#8217;en Beys.<\/h5>\t\t\t\t\t\t\t\t<\/div>\n\t\t\t\t<\/div>\n\t\t\t\t\t<\/div>\n\t\t<\/div>\n\t\t\t\t\t<\/div>\n\t\t<\/section>\n\t\t\t\t<section class=\"elementor-section elementor-top-section elementor-element elementor-element-50fb3e4 elementor-section-full_width elementor-section-height-default elementor-section-height-default\" data-id=\"50fb3e4\" data-element_type=\"section\" data-e-type=\"section\">\n\t\t\t\t\t\t<div class=\"elementor-container elementor-column-gap-default\">\n\t\t\t\t\t<div class=\"elementor-column elementor-col-50 elementor-top-column elementor-element elementor-element-83b0d3a\" data-id=\"83b0d3a\" data-element_type=\"column\" data-e-type=\"column\">\n\t\t\t<div class=\"elementor-widget-wrap elementor-element-populated\">\n\t\t\t\t\t\t<div class=\"elementor-element elementor-element-0ba6a22 elementor-widget elementor-widget-image\" data-id=\"0ba6a22\" data-element_type=\"widget\" data-e-type=\"widget\" data-widget_type=\"image.default\">\n\t\t\t\t<div class=\"elementor-widget-container\">\n\t\t\t\t\t\t\t\t\t\t\t\t<figure class=\"wp-caption\">\n\t\t\t\t\t\t\t\t\t\t<img loading=\"lazy\" decoding=\"async\" width=\"1200\" height=\"800\" src=\"https:\/\/rutesentrerefugis.com\/wp-content\/uploads\/2023\/03\/05-Petit-Peric-NW.jpg\" class=\"attachment-full size-full wp-image-10393\" alt=\"\" srcset=\"https:\/\/rutesentrerefugis.com\/wp-content\/uploads\/2023\/03\/05-Petit-Peric-NW.jpg 1200w, https:\/\/rutesentrerefugis.com\/wp-content\/uploads\/2023\/03\/05-Petit-Peric-NW-300x200.jpg 300w, https:\/\/rutesentrerefugis.com\/wp-content\/uploads\/2023\/03\/05-Petit-Peric-NW-1024x683.jpg 1024w, https:\/\/rutesentrerefugis.com\/wp-content\/uploads\/2023\/03\/05-Petit-Peric-NW-768x512.jpg 768w\" sizes=\"(max-width: 1200px) 100vw, 1200px\" \/>\t\t\t\t\t\t\t\t\t\t\t<figcaption class=\"widget-image-caption wp-caption-text\">Pujant al Petit Peric (2.690 metres)<\/figcaption>\n\t\t\t\t\t\t\t\t\t\t<\/figure>\n\t\t\t\t\t\t\t\t\t<\/div>\n\t\t\t\t<\/div>\n\t\t\t\t\t<\/div>\n\t\t<\/div>\n\t\t\t\t<div class=\"elementor-column elementor-col-50 elementor-top-column elementor-element elementor-element-815565b\" data-id=\"815565b\" data-element_type=\"column\" data-e-type=\"column\">\n\t\t\t<div class=\"elementor-widget-wrap elementor-element-populated\">\n\t\t\t\t\t\t<div class=\"elementor-element elementor-element-7bce8f5 elementor-widget elementor-widget-image\" data-id=\"7bce8f5\" data-element_type=\"widget\" data-e-type=\"widget\" data-widget_type=\"image.default\">\n\t\t\t\t<div class=\"elementor-widget-container\">\n\t\t\t\t\t\t\t\t\t\t\t\t<figure class=\"wp-caption\">\n\t\t\t\t\t\t\t\t\t\t<img loading=\"lazy\" decoding=\"async\" width=\"1200\" height=\"800\" src=\"https:\/\/rutesentrerefugis.com\/wp-content\/uploads\/2023\/03\/06-Estany-Blau-NW.jpg\" class=\"attachment-full size-full wp-image-10394\" alt=\"\" srcset=\"https:\/\/rutesentrerefugis.com\/wp-content\/uploads\/2023\/03\/06-Estany-Blau-NW.jpg 1200w, https:\/\/rutesentrerefugis.com\/wp-content\/uploads\/2023\/03\/06-Estany-Blau-NW-300x200.jpg 300w, https:\/\/rutesentrerefugis.com\/wp-content\/uploads\/2023\/03\/06-Estany-Blau-NW-1024x683.jpg 1024w, https:\/\/rutesentrerefugis.com\/wp-content\/uploads\/2023\/03\/06-Estany-Blau-NW-768x512.jpg 768w\" sizes=\"(max-width: 1200px) 100vw, 1200px\" \/>\t\t\t\t\t\t\t\t\t\t\t<figcaption class=\"widget-image-caption wp-caption-text\">Estany Blau del Puig de la Cometa<\/figcaption>\n\t\t\t\t\t\t\t\t\t\t<\/figure>\n\t\t\t\t\t\t\t\t\t<\/div>\n\t\t\t\t<\/div>\n\t\t\t\t\t<\/div>\n\t\t<\/div>\n\t\t\t\t\t<\/div>\n\t\t<\/section>\n\t\t\t\t<section class=\"elementor-section elementor-top-section elementor-element elementor-element-b201718 elementor-section-full_width elementor-section-height-default elementor-section-height-default\" data-id=\"b201718\" data-element_type=\"section\" data-e-type=\"section\">\n\t\t\t\t\t\t<div class=\"elementor-container elementor-column-gap-default\">\n\t\t\t\t\t<div class=\"elementor-column elementor-col-100 elementor-top-column elementor-element elementor-element-1e05de7\" data-id=\"1e05de7\" data-element_type=\"column\" data-e-type=\"column\">\n\t\t\t<div class=\"elementor-widget-wrap elementor-element-populated\">\n\t\t\t\t\t\t<div class=\"elementor-element elementor-element-2e5a503 elementor-widget elementor-widget-text-editor\" data-id=\"2e5a503\" data-element_type=\"widget\" data-e-type=\"widget\" data-widget_type=\"text-editor.default\">\n\t\t\t\t<div class=\"elementor-widget-container\">\n\t\t\t\t\t\t\t\t\t<h4><span style=\"color: #000000;\"><b>ETAPA 3<\/b><\/br>\n<span style=\"color: #b40404;\">REFUGI D&#8217;EN BEYS (1.956 m) &#8211; LA RESTANQUE (1.632 m)<\/h4>\n<h6><b>Dist\u00e0ncia:<\/b>\u00a021 kms<\/br>\n<b>Desnivell positiu:<\/b>\u00a01.370 metres<\/br>\n<b>Desnivell negatiu:<\/b>\u00a01.750 metres<\/br>\n<b>Horari:<\/b>\u00a07-8 hores<\/h6>\n<h5>Deixarem el refugi d&#8217;en Beys per davallar per la vall d&#8217;Orlu i entrar al Donas\u00e0 per la vall de Baxouillade, la m\u00e9s bonica de tot l&#8217;itinerari. Un bosc de faigs monumentals ens conduir\u00e0 cap als estanys de Baxouillade, on els rius serpentegen pels aiguamolls formant figures capricioses sobre els prats alpins. Un rac\u00f3 de m\u00f3n solitari i desconegut que ens deixar\u00e0 als peus del Donas\u00e0, per ballar per les seves carenes, sobre la balconada d&#8217;Orlu amb la Dent majestuosa, i davallar pels estanys Blau i de Rabassoles. Un fi de festa sublim i digne d&#8217;aquesta travessa.<\/br>\n<\/br>\nDavallem per la vall d&#8217;Orlu seguint les marques blanques i vermelles del GR-7, primer per sender i despr\u00e9s per pista forestal fins a la cota (1.304 m). Creuem el riu per una palanca i pugem en direcci\u00f3 est per una fageda preciosa, per sender ben fressat. Quan deixem la fageda entrem en una zona de plans on el riu serpenteja capriciosament. Aquest \u00e9s el riu que davalla dels estanys de Baxouillade. Tanmateix, hem de seguir el GR-7 amb cura per no prendre la vall al sud-est que ens portaria a la Portella d&#8217;Orlu. L&#8217;espectacle continua. Deixem el bosc per arribar al primer estany. El verd intens of\u00e8n les nostres pupil\u2022les. El riu s&#8217;enfila com una serp a mesura que avancem pels plans en un indret absolutament espectacular. El Baxouillade i els lloms que v\u00e0rem resseguir el primer dia de ruta, a llevant, ens recorden que el Donas\u00e0 ens torna a rebre. Coronem la Portella de Borbouill\u00e8re per resseguir la variant del GR-7B vers l&#8217;oest, tot flanquejant la carena per la coma de Ballbonne, per tornar a creuar cap a la vall d&#8217;Orlu i resseguir la balconada fins a l&#8217;estany de les Llauses i el Coll de l&#8217;Egue. El cam\u00ed es perd intermitentment, entre prats alpins resseguint el GR amb la Dent d&#8217;Orlu que ens marca el sentit de la marxa, i les muntanyes del Capcir com a tel\u00f3 de fons. Un cop coronat el Col de l&#8217;Egue, l&#8217;escultura de la vall d&#8217;Orlu s&#8217;acomiada de nosaltres deixant pas a l&#8217;\u00faltim espectacle de la travessa, davallant en sentit nord cap als estanys Bleu i de Rabassoles, per acabar en direcci\u00f3 est per prats id\u00edl\u00b7lics farcits de bestiar i un bosc d&#8217;arbres monumentals fins a l&#8217;aparcament de la Restanque. Des d&#8217;aquest punt, quatre quil\u00f2metres de pista forestal ens separen de l&#8217;inici de la ruta.<\/h5>\t\t\t\t\t\t\t\t<\/div>\n\t\t\t\t<\/div>\n\t\t\t\t\t<\/div>\n\t\t<\/div>\n\t\t\t\t\t<\/div>\n\t\t<\/section>\n\t\t\t\t<section class=\"elementor-section elementor-top-section elementor-element elementor-element-aa8f872 elementor-section-full_width elementor-section-height-default elementor-section-height-default\" data-id=\"aa8f872\" data-element_type=\"section\" data-e-type=\"section\">\n\t\t\t\t\t\t<div class=\"elementor-container elementor-column-gap-default\">\n\t\t\t\t\t<div class=\"elementor-column elementor-col-100 elementor-top-column elementor-element elementor-element-cf94727\" data-id=\"cf94727\" data-element_type=\"column\" data-e-type=\"column\">\n\t\t\t<div class=\"elementor-widget-wrap elementor-element-populated\">\n\t\t\t\t\t\t<div class=\"elementor-element elementor-element-55d91d7 elementor-widget elementor-widget-spacer\" data-id=\"55d91d7\" data-element_type=\"widget\" data-e-type=\"widget\" data-widget_type=\"spacer.default\">\n\t\t\t\t<div class=\"elementor-widget-container\">\n\t\t\t\t\t\t\t<div class=\"elementor-spacer\">\n\t\t\t<div class=\"elementor-spacer-inner\"><\/div>\n\t\t<\/div>\n\t\t\t\t\t\t<\/div>\n\t\t\t\t<\/div>\n\t\t\t\t\t<\/div>\n\t\t<\/div>\n\t\t\t\t\t<\/div>\n\t\t<\/section>\n\t\t\t\t<section class=\"elementor-section elementor-top-section elementor-element elementor-element-0974111 elementor-section-full_width elementor-section-height-default elementor-section-height-default\" data-id=\"0974111\" data-element_type=\"section\" data-e-type=\"section\" data-settings=\"{&quot;background_background&quot;:&quot;classic&quot;}\">\n\t\t\t\t\t\t<div class=\"elementor-container elementor-column-gap-default\">\n\t\t\t\t\t<div class=\"elementor-column elementor-col-100 elementor-top-column elementor-element elementor-element-cc55e81\" data-id=\"cc55e81\" data-element_type=\"column\" data-e-type=\"column\">\n\t\t\t<div class=\"elementor-widget-wrap elementor-element-populated\">\n\t\t\t\t\t\t<div class=\"elementor-element elementor-element-29dcfc6 elementor-widget elementor-widget-image\" data-id=\"29dcfc6\" data-element_type=\"widget\" data-e-type=\"widget\" data-widget_type=\"image.default\">\n\t\t\t\t<div class=\"elementor-widget-container\">\n\t\t\t\t\t\t\t\t\t\t\t\t\t\t\t<img loading=\"lazy\" decoding=\"async\" width=\"100\" height=\"100\" src=\"https:\/\/rutesentrerefugis.com\/wp-content\/uploads\/2023\/03\/Foto-Perfil-Pito-NW.jpg\" class=\"attachment-full size-full wp-image-10398\" alt=\"\" \/>\t\t\t\t\t\t\t\t\t\t\t\t\t\t\t<\/div>\n\t\t\t\t<\/div>\n\t\t\t\t<div class=\"elementor-element elementor-element-dff6861 elementor-widget elementor-widget-text-editor\" data-id=\"dff6861\" data-element_type=\"widget\" data-e-type=\"widget\" data-widget_type=\"text-editor.default\">\n\t\t\t\t<div class=\"elementor-widget-container\">\n\t\t\t\t\t\t\t\t\t<h4>PITO COSTA I SERNA<\/h4>\n<h5>Nascut a Badalona el 1971 i fill adoptiu del Baell, municipi de Campelles. Compositor i productor musical en el sector audiovisual. Pirine\u00edsta. Ha realitzat altes rutes amb esqu\u00eds de muntanya per tot el mass\u00eds, n&#8217;ha fet la travessa integral en tres ocasions i ha pujat a tots els cims de m\u00e9s de 3000 metres. Ascensions i altes rutes amb esqu\u00eds als massisos dels Alps, Atlas, Caucas, Cordillera Blanca, Pamir, Kunlun, Mount Kenya, Kilimanjaro i Alps de Lyngen, entre d&#8217;altres. Col\u00b7labora en la revista V\u00e8rtex amb l&#8217;elaboraci\u00f3 d&#8217;articles d&#8217;esqu\u00ed de muntanya, bicicleta de muntanya i senderisme. Actualment, en forma part del consell assessor. Combina l&#8217;activitat de l&#8217;alta muntanya amb la bicicleta de carretera&#8230;de muntanya.<\/h5>\t\t\t\t\t\t\t\t<\/div>\n\t\t\t\t<\/div>\n\t\t\t\t\t<\/div>\n\t\t<\/div>\n\t\t\t\t\t<\/div>\n\t\t<\/section>\n\t\t\t\t<section class=\"elementor-section elementor-top-section elementor-element elementor-element-c5916d8 elementor-section-full_width elementor-section-height-default elementor-section-height-default\" data-id=\"c5916d8\" data-element_type=\"section\" data-e-type=\"section\">\n\t\t\t\t\t\t<div class=\"elementor-container elementor-column-gap-default\">\n\t\t\t\t\t<div class=\"elementor-column elementor-col-100 elementor-top-column elementor-element elementor-element-eaf7d1c\" data-id=\"eaf7d1c\" data-element_type=\"column\" data-e-type=\"column\">\n\t\t\t<div class=\"elementor-widget-wrap elementor-element-populated\">\n\t\t\t\t\t\t<div class=\"elementor-element elementor-element-a4f2400 elementor-widget elementor-widget-spacer\" data-id=\"a4f2400\" data-element_type=\"widget\" data-e-type=\"widget\" data-widget_type=\"spacer.default\">\n\t\t\t\t<div class=\"elementor-widget-container\">\n\t\t\t\t\t\t\t<div class=\"elementor-spacer\">\n\t\t\t<div class=\"elementor-spacer-inner\"><\/div>\n\t\t<\/div>\n\t\t\t\t\t\t<\/div>\n\t\t\t\t<\/div>\n\t\t\t\t\t<\/div>\n\t\t<\/div>\n\t\t\t\t\t<\/div>\n\t\t<\/section>\n\t\t\t\t<section class=\"elementor-section elementor-top-section elementor-element elementor-element-d03f068 elementor-section-full_width elementor-section-height-default elementor-section-height-default\" data-id=\"d03f068\" data-element_type=\"section\" data-e-type=\"section\">\n\t\t\t\t\t\t<div class=\"elementor-container elementor-column-gap-default\">\n\t\t\t\t\t<div class=\"elementor-column elementor-col-100 elementor-top-column elementor-element elementor-element-67197d5\" data-id=\"67197d5\" data-element_type=\"column\" data-e-type=\"column\">\n\t\t\t<div class=\"elementor-widget-wrap elementor-element-populated\">\n\t\t\t\t\t\t<div class=\"elementor-element elementor-element-43b22c2 elementor-widget elementor-widget-heading\" data-id=\"43b22c2\" data-element_type=\"widget\" data-e-type=\"widget\" data-widget_type=\"heading.default\">\n\t\t\t\t<div class=\"elementor-widget-container\">\n\t\t\t\t\t<h5 class=\"elementor-heading-title elementor-size-default\"><font color=\"#999999\"><u>Per si vols compartir aquesta cr\u00f2nica<\/u><\/font><\/h5>\t\t\t\t<\/div>\n\t\t\t\t<\/div>\n\t\t\t\t\t<\/div>\n\t\t<\/div>\n\t\t\t\t\t<\/div>\n\t\t<\/section>\n\t\t\t\t<section class=\"elementor-section elementor-top-section elementor-element elementor-element-691fa33 elementor-section-full_width elementor-section-height-default elementor-section-height-default\" data-id=\"691fa33\" data-element_type=\"section\" data-e-type=\"section\">\n\t\t\t\t\t\t<div class=\"elementor-container elementor-column-gap-default\">\n\t\t\t\t\t<div class=\"elementor-column elementor-col-100 elementor-top-column elementor-element elementor-element-45d5ec7\" data-id=\"45d5ec7\" data-element_type=\"column\" data-e-type=\"column\">\n\t\t\t<div class=\"elementor-widget-wrap elementor-element-populated\">\n\t\t\t\t\t\t<div class=\"elementor-element elementor-element-75ed3c8 elementor-share-buttons--view-icon elementor-share-buttons--skin-framed elementor-share-buttons--shape-circle elementor-share-buttons--color-custom elementor-grid-0 elementor-widget elementor-widget-share-buttons\" data-id=\"75ed3c8\" data-element_type=\"widget\" data-e-type=\"widget\" data-widget_type=\"share-buttons.default\">\n\t\t\t\t<div class=\"elementor-widget-container\">\n\t\t\t\t\t\t\t<div class=\"elementor-grid\" role=\"list\">\n\t\t\t\t\t\t\t\t<div class=\"elementor-grid-item\" role=\"listitem\">\n\t\t\t\t\t\t<div class=\"elementor-share-btn elementor-share-btn_facebook\" role=\"button\" tabindex=\"0\" aria-label=\"Compartir en facebook\">\n\t\t\t\t\t\t\t\t\t\t\t\t\t\t\t<span class=\"elementor-share-btn__icon\">\n\t\t\t\t\t\t\t\t<i class=\"fab fa-facebook\" aria-hidden=\"true\"><\/i>\t\t\t\t\t\t\t<\/span>\n\t\t\t\t\t\t\t\t\t\t\t\t\t\t\t\t\t\t\t\t<\/div>\n\t\t\t\t\t<\/div>\n\t\t\t\t\t\t\t\t\t<div class=\"elementor-grid-item\" role=\"listitem\">\n\t\t\t\t\t\t<div class=\"elementor-share-btn elementor-share-btn_twitter\" role=\"button\" tabindex=\"0\" aria-label=\"Compartir en twitter\">\n\t\t\t\t\t\t\t\t\t\t\t\t\t\t\t<span class=\"elementor-share-btn__icon\">\n\t\t\t\t\t\t\t\t<i class=\"fab fa-twitter\" aria-hidden=\"true\"><\/i>\t\t\t\t\t\t\t<\/span>\n\t\t\t\t\t\t\t\t\t\t\t\t\t\t\t\t\t\t\t\t<\/div>\n\t\t\t\t\t<\/div>\n\t\t\t\t\t\t\t\t\t<div class=\"elementor-grid-item\" role=\"listitem\">\n\t\t\t\t\t\t<div class=\"elementor-share-btn elementor-share-btn_telegram\" role=\"button\" tabindex=\"0\" aria-label=\"Compartir en telegram\">\n\t\t\t\t\t\t\t\t\t\t\t\t\t\t\t<span class=\"elementor-share-btn__icon\">\n\t\t\t\t\t\t\t\t<i class=\"fab fa-telegram\" aria-hidden=\"true\"><\/i>\t\t\t\t\t\t\t<\/span>\n\t\t\t\t\t\t\t\t\t\t\t\t\t\t\t\t\t\t\t\t<\/div>\n\t\t\t\t\t<\/div>\n\t\t\t\t\t\t\t\t\t<div class=\"elementor-grid-item\" role=\"listitem\">\n\t\t\t\t\t\t<div class=\"elementor-share-btn elementor-share-btn_pinterest\" role=\"button\" tabindex=\"0\" aria-label=\"Compartir en pinterest\">\n\t\t\t\t\t\t\t\t\t\t\t\t\t\t\t<span class=\"elementor-share-btn__icon\">\n\t\t\t\t\t\t\t\t<i class=\"fab fa-pinterest\" aria-hidden=\"true\"><\/i>\t\t\t\t\t\t\t<\/span>\n\t\t\t\t\t\t\t\t\t\t\t\t\t\t\t\t\t\t\t\t<\/div>\n\t\t\t\t\t<\/div>\n\t\t\t\t\t\t\t\t\t<div class=\"elementor-grid-item\" role=\"listitem\">\n\t\t\t\t\t\t<div class=\"elementor-share-btn elementor-share-btn_whatsapp\" role=\"button\" tabindex=\"0\" aria-label=\"Compartir en whatsapp\">\n\t\t\t\t\t\t\t\t\t\t\t\t\t\t\t<span class=\"elementor-share-btn__icon\">\n\t\t\t\t\t\t\t\t<i class=\"fab fa-whatsapp\" aria-hidden=\"true\"><\/i>\t\t\t\t\t\t\t<\/span>\n\t\t\t\t\t\t\t\t\t\t\t\t\t\t\t\t\t\t\t\t<\/div>\n\t\t\t\t\t<\/div>\n\t\t\t\t\t\t\t\t\t<div class=\"elementor-grid-item\" role=\"listitem\">\n\t\t\t\t\t\t<div class=\"elementor-share-btn elementor-share-btn_email\" role=\"button\" tabindex=\"0\" aria-label=\"Compartir en email\">\n\t\t\t\t\t\t\t\t\t\t\t\t\t\t\t<span class=\"elementor-share-btn__icon\">\n\t\t\t\t\t\t\t\t<i class=\"fas fa-envelope\" aria-hidden=\"true\"><\/i>\t\t\t\t\t\t\t<\/span>\n\t\t\t\t\t\t\t\t\t\t\t\t\t\t\t\t\t\t\t\t<\/div>\n\t\t\t\t\t<\/div>\n\t\t\t\t\t\t\t\t\t<div class=\"elementor-grid-item\" role=\"listitem\">\n\t\t\t\t\t\t<div class=\"elementor-share-btn elementor-share-btn_print\" role=\"button\" tabindex=\"0\" aria-label=\"Compartir en print\">\n\t\t\t\t\t\t\t\t\t\t\t\t\t\t\t<span class=\"elementor-share-btn__icon\">\n\t\t\t\t\t\t\t\t<i class=\"fas fa-print\" aria-hidden=\"true\"><\/i>\t\t\t\t\t\t\t<\/span>\n\t\t\t\t\t\t\t\t\t\t\t\t\t\t\t\t\t\t\t\t<\/div>\n\t\t\t\t\t<\/div>\n\t\t\t\t\t\t<\/div>\n\t\t\t\t\t\t<\/div>\n\t\t\t\t<\/div>\n\t\t\t\t\t<\/div>\n\t\t<\/div>\n\t\t\t\t\t<\/div>\n\t\t<\/section>\n\t\t\t\t<section class=\"elementor-section elementor-top-section elementor-element elementor-element-f8892df elementor-section-full_width elementor-section-height-default elementor-section-height-default\" data-id=\"f8892df\" data-element_type=\"section\" data-e-type=\"section\">\n\t\t\t\t\t\t<div class=\"elementor-container elementor-column-gap-default\">\n\t\t\t\t\t<div class=\"elementor-column elementor-col-100 elementor-top-column elementor-element elementor-element-70b735e\" data-id=\"70b735e\" data-element_type=\"column\" data-e-type=\"column\">\n\t\t\t<div class=\"elementor-widget-wrap elementor-element-populated\">\n\t\t\t\t\t\t<div class=\"elementor-element elementor-element-cefc0b1 elementor-widget elementor-widget-spacer\" data-id=\"cefc0b1\" data-element_type=\"widget\" data-e-type=\"widget\" data-widget_type=\"spacer.default\">\n\t\t\t\t<div class=\"elementor-widget-container\">\n\t\t\t\t\t\t\t<div class=\"elementor-spacer\">\n\t\t\t<div class=\"elementor-spacer-inner\"><\/div>\n\t\t<\/div>\n\t\t\t\t\t\t<\/div>\n\t\t\t\t<\/div>\n\t\t\t\t\t<\/div>\n\t\t<\/div>\n\t\t\t\t\t<\/div>\n\t\t<\/section>\n\t\t\t\t<\/div>\n\t\t","protected":false},"excerpt":{"rendered":"<p>DONAS\u00c0 L&#8217;ED\u00c8N AL PIRINEU ORIENTAL Cr\u00f2nica escrita per PITO COSTA i publicada a la revista V\u00c8RTEX n\u00famero 279 El Donas\u00e0 \u00e9s una comarca enclavada al nord del Capcir, a cavall entre l&#8217;Aude i l&#8217;Ari\u00e8ge. Un indret on el temps s&#8217;ha aturat i podem gaudir de l&#8217;ess\u00e8ncia dels Pirineus aut\u00e8ntics. Valls de frondosa vegetaci\u00f3 esquitxades d&#8217;estanys [&hellip;]<\/p>\n","protected":false},"author":31,"featured_media":10416,"comment_status":"open","ping_status":"open","sticky":false,"template":"elementor_header_footer","format":"standard","meta":{"_monsterinsights_skip_tracking":false,"_monsterinsights_sitenote_active":false,"_monsterinsights_sitenote_note":"","_monsterinsights_sitenote_category":0,"footnotes":""},"categories":[5124,5128],"tags":[5130,5132,5134,5136,5138,5140,5042],"class_list":["post-10374","post","type-post","status-publish","format-standard","has-post-thumbnail","hentry","category-blog","category-pito-costa-ca","tag-cronicas-ca","tag-croniques-ca","tag-donasa-ca","tag-donezan-ca","tag-el-eden-en-el-pirineo-oriental-ca","tag-leden-al-pirineu-oriental-ca","tag-revista-muntanya-ca"],"yoast_head":"<!-- This site is optimized with the Yoast SEO plugin v27.5 - https:\/\/yoast.com\/product\/yoast-seo-wordpress\/ -->\n<title>DONAS\u00c0 - Rutes Entre Refugis<\/title>\n<meta name=\"robots\" content=\"index, follow, max-snippet:-1, max-image-preview:large, max-video-preview:-1\" \/>\n<link rel=\"canonical\" href=\"https:\/\/rutesentrerefugis.com\/index.php\/2018\/10\/10\/donasa\/\" \/>\n<meta property=\"og:locale\" content=\"es_ES\" \/>\n<meta property=\"og:type\" content=\"article\" \/>\n<meta property=\"og:title\" content=\"DONAS\u00c0 - Rutes Entre Refugis\" \/>\n<meta property=\"og:description\" content=\"DONAS\u00c0 L&#8217;ED\u00c8N AL PIRINEU ORIENTAL Cr\u00f2nica escrita per PITO COSTA i publicada a la revista V\u00c8RTEX n\u00famero 279 El Donas\u00e0 \u00e9s una comarca enclavada al nord del Capcir, a cavall entre l&#8217;Aude i l&#8217;Ari\u00e8ge. Un indret on el temps s&#8217;ha aturat i podem gaudir de l&#8217;ess\u00e8ncia dels Pirineus aut\u00e8ntics. Valls de frondosa vegetaci\u00f3 esquitxades d&#8217;estanys [&hellip;]\" \/>\n<meta property=\"og:url\" content=\"https:\/\/rutesentrerefugis.com\/index.php\/2018\/10\/10\/donasa\/\" \/>\n<meta property=\"og:site_name\" content=\"Rutes Entre Refugis\" \/>\n<meta property=\"article:published_time\" content=\"2018-10-10T09:05:00+00:00\" \/>\n<meta property=\"article:modified_time\" content=\"2023-10-31T07:12:18+00:00\" \/>\n<meta property=\"og:image\" content=\"https:\/\/rutesentrerefugis.com\/wp-content\/uploads\/2018\/10\/Donasa-Inici-NW-1.jpg\" \/>\n\t<meta property=\"og:image:width\" content=\"1200\" \/>\n\t<meta property=\"og:image:height\" content=\"800\" \/>\n\t<meta property=\"og:image:type\" content=\"image\/jpeg\" \/>\n<meta name=\"author\" content=\"Pito Costa\" \/>\n<meta name=\"twitter:card\" content=\"summary_large_image\" \/>\n<meta name=\"twitter:label1\" content=\"Escrito por\" \/>\n\t<meta name=\"twitter:data1\" content=\"Pito Costa\" \/>\n\t<meta name=\"twitter:label2\" content=\"Tiempo de lectura\" \/>\n\t<meta name=\"twitter:data2\" content=\"11 minutos\" \/>\n<script type=\"application\/ld+json\" class=\"yoast-schema-graph\">{\"@context\":\"https:\\\/\\\/schema.org\",\"@graph\":[{\"@type\":\"Article\",\"@id\":\"https:\\\/\\\/rutesentrerefugis.com\\\/index.php\\\/2018\\\/10\\\/10\\\/donasa\\\/#article\",\"isPartOf\":{\"@id\":\"https:\\\/\\\/rutesentrerefugis.com\\\/index.php\\\/2018\\\/10\\\/10\\\/donasa\\\/\"},\"author\":{\"name\":\"Pito Costa\",\"@id\":\"https:\\\/\\\/rutesentrerefugis.com\\\/#\\\/schema\\\/person\\\/dd81bc42f1954db1e4e5aff452113b50\"},\"headline\":\"DONAS\u00c0\",\"datePublished\":\"2018-10-10T09:05:00+00:00\",\"dateModified\":\"2023-10-31T07:12:18+00:00\",\"mainEntityOfPage\":{\"@id\":\"https:\\\/\\\/rutesentrerefugis.com\\\/index.php\\\/2018\\\/10\\\/10\\\/donasa\\\/\"},\"wordCount\":1854,\"commentCount\":0,\"publisher\":{\"@id\":\"https:\\\/\\\/rutesentrerefugis.com\\\/#organization\"},\"image\":{\"@id\":\"https:\\\/\\\/rutesentrerefugis.com\\\/index.php\\\/2018\\\/10\\\/10\\\/donasa\\\/#primaryimage\"},\"thumbnailUrl\":\"https:\\\/\\\/rutesentrerefugis.com\\\/wp-content\\\/uploads\\\/2018\\\/10\\\/Donasa-Inici-NW-1.jpg\",\"keywords\":[\"Cr\u00f3nicas\",\"Cr\u00f2niques\",\"Donasa\",\"Donezan\",\"El Eden en el Pirineo Oriental\",\"L&#039;Eden al Pirineu Oriental\",\"Revista Muntanya\"],\"articleSection\":[\"Blog\",\"Pito Costa\"],\"inLanguage\":\"es\",\"potentialAction\":[{\"@type\":\"CommentAction\",\"name\":\"Comment\",\"target\":[\"https:\\\/\\\/rutesentrerefugis.com\\\/index.php\\\/2018\\\/10\\\/10\\\/donasa\\\/#respond\"]}]},{\"@type\":\"WebPage\",\"@id\":\"https:\\\/\\\/rutesentrerefugis.com\\\/index.php\\\/2018\\\/10\\\/10\\\/donasa\\\/\",\"url\":\"https:\\\/\\\/rutesentrerefugis.com\\\/index.php\\\/2018\\\/10\\\/10\\\/donasa\\\/\",\"name\":\"DONAS\u00c0 - Rutes Entre Refugis\",\"isPartOf\":{\"@id\":\"https:\\\/\\\/rutesentrerefugis.com\\\/#website\"},\"primaryImageOfPage\":{\"@id\":\"https:\\\/\\\/rutesentrerefugis.com\\\/index.php\\\/2018\\\/10\\\/10\\\/donasa\\\/#primaryimage\"},\"image\":{\"@id\":\"https:\\\/\\\/rutesentrerefugis.com\\\/index.php\\\/2018\\\/10\\\/10\\\/donasa\\\/#primaryimage\"},\"thumbnailUrl\":\"https:\\\/\\\/rutesentrerefugis.com\\\/wp-content\\\/uploads\\\/2018\\\/10\\\/Donasa-Inici-NW-1.jpg\",\"datePublished\":\"2018-10-10T09:05:00+00:00\",\"dateModified\":\"2023-10-31T07:12:18+00:00\",\"breadcrumb\":{\"@id\":\"https:\\\/\\\/rutesentrerefugis.com\\\/index.php\\\/2018\\\/10\\\/10\\\/donasa\\\/#breadcrumb\"},\"inLanguage\":\"es\",\"potentialAction\":[{\"@type\":\"ReadAction\",\"target\":[\"https:\\\/\\\/rutesentrerefugis.com\\\/index.php\\\/2018\\\/10\\\/10\\\/donasa\\\/\"]}]},{\"@type\":\"ImageObject\",\"inLanguage\":\"es\",\"@id\":\"https:\\\/\\\/rutesentrerefugis.com\\\/index.php\\\/2018\\\/10\\\/10\\\/donasa\\\/#primaryimage\",\"url\":\"https:\\\/\\\/rutesentrerefugis.com\\\/wp-content\\\/uploads\\\/2018\\\/10\\\/Donasa-Inici-NW-1.jpg\",\"contentUrl\":\"https:\\\/\\\/rutesentrerefugis.com\\\/wp-content\\\/uploads\\\/2018\\\/10\\\/Donasa-Inici-NW-1.jpg\",\"width\":1200,\"height\":800},{\"@type\":\"BreadcrumbList\",\"@id\":\"https:\\\/\\\/rutesentrerefugis.com\\\/index.php\\\/2018\\\/10\\\/10\\\/donasa\\\/#breadcrumb\",\"itemListElement\":[{\"@type\":\"ListItem\",\"position\":1,\"name\":\"Inici\",\"item\":\"https:\\\/\\\/rutesentrerefugis.com\\\/\"},{\"@type\":\"ListItem\",\"position\":2,\"name\":\"DONAS\u00c0\"}]},{\"@type\":\"WebSite\",\"@id\":\"https:\\\/\\\/rutesentrerefugis.com\\\/#website\",\"url\":\"https:\\\/\\\/rutesentrerefugis.com\\\/\",\"name\":\"Rutes Entre Refugis\",\"description\":\"Caminant sota un nom\",\"publisher\":{\"@id\":\"https:\\\/\\\/rutesentrerefugis.com\\\/#organization\"},\"potentialAction\":[{\"@type\":\"SearchAction\",\"target\":{\"@type\":\"EntryPoint\",\"urlTemplate\":\"https:\\\/\\\/rutesentrerefugis.com\\\/?s={search_term_string}\"},\"query-input\":{\"@type\":\"PropertyValueSpecification\",\"valueRequired\":true,\"valueName\":\"search_term_string\"}}],\"inLanguage\":\"es\"},{\"@type\":\"Organization\",\"@id\":\"https:\\\/\\\/rutesentrerefugis.com\\\/#organization\",\"name\":\"Rutes Entre Refugis\",\"url\":\"https:\\\/\\\/rutesentrerefugis.com\\\/\",\"logo\":{\"@type\":\"ImageObject\",\"inLanguage\":\"es\",\"@id\":\"https:\\\/\\\/rutesentrerefugis.com\\\/#\\\/schema\\\/logo\\\/image\\\/\",\"url\":\"https:\\\/\\\/rutesentrerefugis.com\\\/wp-content\\\/uploads\\\/2022\\\/08\\\/RutesEntreRefugis-Blanc-Retina-1.png\",\"contentUrl\":\"https:\\\/\\\/rutesentrerefugis.com\\\/wp-content\\\/uploads\\\/2022\\\/08\\\/RutesEntreRefugis-Blanc-Retina-1.png\",\"width\":400,\"height\":400,\"caption\":\"Rutes Entre Refugis\"},\"image\":{\"@id\":\"https:\\\/\\\/rutesentrerefugis.com\\\/#\\\/schema\\\/logo\\\/image\\\/\"}},{\"@type\":\"Person\",\"@id\":\"https:\\\/\\\/rutesentrerefugis.com\\\/#\\\/schema\\\/person\\\/dd81bc42f1954db1e4e5aff452113b50\",\"name\":\"Pito Costa\",\"image\":{\"@type\":\"ImageObject\",\"inLanguage\":\"es\",\"@id\":\"https:\\\/\\\/rutesentrerefugis.com\\\/wp-content\\\/uploads\\\/2023\\\/05\\\/avatar_user_31_1683354334-96x96.jpg\",\"url\":\"https:\\\/\\\/rutesentrerefugis.com\\\/wp-content\\\/uploads\\\/2023\\\/05\\\/avatar_user_31_1683354334-96x96.jpg\",\"contentUrl\":\"https:\\\/\\\/rutesentrerefugis.com\\\/wp-content\\\/uploads\\\/2023\\\/05\\\/avatar_user_31_1683354334-96x96.jpg\",\"caption\":\"Pito Costa\"},\"url\":\"https:\\\/\\\/rutesentrerefugis.com\\\/index.php\\\/author\\\/pito-costa\\\/\"}]}<\/script>\n<!-- \/ Yoast SEO plugin. -->","yoast_head_json":{"title":"DONAS\u00c0 - Rutes Entre Refugis","robots":{"index":"index","follow":"follow","max-snippet":"max-snippet:-1","max-image-preview":"max-image-preview:large","max-video-preview":"max-video-preview:-1"},"canonical":"https:\/\/rutesentrerefugis.com\/index.php\/2018\/10\/10\/donasa\/","og_locale":"es_ES","og_type":"article","og_title":"DONAS\u00c0 - Rutes Entre Refugis","og_description":"DONAS\u00c0 L&#8217;ED\u00c8N AL PIRINEU ORIENTAL Cr\u00f2nica escrita per PITO COSTA i publicada a la revista V\u00c8RTEX n\u00famero 279 El Donas\u00e0 \u00e9s una comarca enclavada al nord del Capcir, a cavall entre l&#8217;Aude i l&#8217;Ari\u00e8ge. Un indret on el temps s&#8217;ha aturat i podem gaudir de l&#8217;ess\u00e8ncia dels Pirineus aut\u00e8ntics. Valls de frondosa vegetaci\u00f3 esquitxades d&#8217;estanys [&hellip;]","og_url":"https:\/\/rutesentrerefugis.com\/index.php\/2018\/10\/10\/donasa\/","og_site_name":"Rutes Entre Refugis","article_published_time":"2018-10-10T09:05:00+00:00","article_modified_time":"2023-10-31T07:12:18+00:00","og_image":[{"width":1200,"height":800,"url":"https:\/\/rutesentrerefugis.com\/wp-content\/uploads\/2018\/10\/Donasa-Inici-NW-1.jpg","type":"image\/jpeg"}],"author":"Pito Costa","twitter_card":"summary_large_image","twitter_misc":{"Escrito por":"Pito Costa","Tiempo de lectura":"11 minutos"},"schema":{"@context":"https:\/\/schema.org","@graph":[{"@type":"Article","@id":"https:\/\/rutesentrerefugis.com\/index.php\/2018\/10\/10\/donasa\/#article","isPartOf":{"@id":"https:\/\/rutesentrerefugis.com\/index.php\/2018\/10\/10\/donasa\/"},"author":{"name":"Pito Costa","@id":"https:\/\/rutesentrerefugis.com\/#\/schema\/person\/dd81bc42f1954db1e4e5aff452113b50"},"headline":"DONAS\u00c0","datePublished":"2018-10-10T09:05:00+00:00","dateModified":"2023-10-31T07:12:18+00:00","mainEntityOfPage":{"@id":"https:\/\/rutesentrerefugis.com\/index.php\/2018\/10\/10\/donasa\/"},"wordCount":1854,"commentCount":0,"publisher":{"@id":"https:\/\/rutesentrerefugis.com\/#organization"},"image":{"@id":"https:\/\/rutesentrerefugis.com\/index.php\/2018\/10\/10\/donasa\/#primaryimage"},"thumbnailUrl":"https:\/\/rutesentrerefugis.com\/wp-content\/uploads\/2018\/10\/Donasa-Inici-NW-1.jpg","keywords":["Cr\u00f3nicas","Cr\u00f2niques","Donasa","Donezan","El Eden en el Pirineo Oriental","L&#039;Eden al Pirineu Oriental","Revista Muntanya"],"articleSection":["Blog","Pito Costa"],"inLanguage":"es","potentialAction":[{"@type":"CommentAction","name":"Comment","target":["https:\/\/rutesentrerefugis.com\/index.php\/2018\/10\/10\/donasa\/#respond"]}]},{"@type":"WebPage","@id":"https:\/\/rutesentrerefugis.com\/index.php\/2018\/10\/10\/donasa\/","url":"https:\/\/rutesentrerefugis.com\/index.php\/2018\/10\/10\/donasa\/","name":"DONAS\u00c0 - Rutes Entre Refugis","isPartOf":{"@id":"https:\/\/rutesentrerefugis.com\/#website"},"primaryImageOfPage":{"@id":"https:\/\/rutesentrerefugis.com\/index.php\/2018\/10\/10\/donasa\/#primaryimage"},"image":{"@id":"https:\/\/rutesentrerefugis.com\/index.php\/2018\/10\/10\/donasa\/#primaryimage"},"thumbnailUrl":"https:\/\/rutesentrerefugis.com\/wp-content\/uploads\/2018\/10\/Donasa-Inici-NW-1.jpg","datePublished":"2018-10-10T09:05:00+00:00","dateModified":"2023-10-31T07:12:18+00:00","breadcrumb":{"@id":"https:\/\/rutesentrerefugis.com\/index.php\/2018\/10\/10\/donasa\/#breadcrumb"},"inLanguage":"es","potentialAction":[{"@type":"ReadAction","target":["https:\/\/rutesentrerefugis.com\/index.php\/2018\/10\/10\/donasa\/"]}]},{"@type":"ImageObject","inLanguage":"es","@id":"https:\/\/rutesentrerefugis.com\/index.php\/2018\/10\/10\/donasa\/#primaryimage","url":"https:\/\/rutesentrerefugis.com\/wp-content\/uploads\/2018\/10\/Donasa-Inici-NW-1.jpg","contentUrl":"https:\/\/rutesentrerefugis.com\/wp-content\/uploads\/2018\/10\/Donasa-Inici-NW-1.jpg","width":1200,"height":800},{"@type":"BreadcrumbList","@id":"https:\/\/rutesentrerefugis.com\/index.php\/2018\/10\/10\/donasa\/#breadcrumb","itemListElement":[{"@type":"ListItem","position":1,"name":"Inici","item":"https:\/\/rutesentrerefugis.com\/"},{"@type":"ListItem","position":2,"name":"DONAS\u00c0"}]},{"@type":"WebSite","@id":"https:\/\/rutesentrerefugis.com\/#website","url":"https:\/\/rutesentrerefugis.com\/","name":"Rutes Entre Refugis","description":"Caminant sota un nom","publisher":{"@id":"https:\/\/rutesentrerefugis.com\/#organization"},"potentialAction":[{"@type":"SearchAction","target":{"@type":"EntryPoint","urlTemplate":"https:\/\/rutesentrerefugis.com\/?s={search_term_string}"},"query-input":{"@type":"PropertyValueSpecification","valueRequired":true,"valueName":"search_term_string"}}],"inLanguage":"es"},{"@type":"Organization","@id":"https:\/\/rutesentrerefugis.com\/#organization","name":"Rutes Entre Refugis","url":"https:\/\/rutesentrerefugis.com\/","logo":{"@type":"ImageObject","inLanguage":"es","@id":"https:\/\/rutesentrerefugis.com\/#\/schema\/logo\/image\/","url":"https:\/\/rutesentrerefugis.com\/wp-content\/uploads\/2022\/08\/RutesEntreRefugis-Blanc-Retina-1.png","contentUrl":"https:\/\/rutesentrerefugis.com\/wp-content\/uploads\/2022\/08\/RutesEntreRefugis-Blanc-Retina-1.png","width":400,"height":400,"caption":"Rutes Entre Refugis"},"image":{"@id":"https:\/\/rutesentrerefugis.com\/#\/schema\/logo\/image\/"}},{"@type":"Person","@id":"https:\/\/rutesentrerefugis.com\/#\/schema\/person\/dd81bc42f1954db1e4e5aff452113b50","name":"Pito Costa","image":{"@type":"ImageObject","inLanguage":"es","@id":"https:\/\/rutesentrerefugis.com\/wp-content\/uploads\/2023\/05\/avatar_user_31_1683354334-96x96.jpg","url":"https:\/\/rutesentrerefugis.com\/wp-content\/uploads\/2023\/05\/avatar_user_31_1683354334-96x96.jpg","contentUrl":"https:\/\/rutesentrerefugis.com\/wp-content\/uploads\/2023\/05\/avatar_user_31_1683354334-96x96.jpg","caption":"Pito Costa"},"url":"https:\/\/rutesentrerefugis.com\/index.php\/author\/pito-costa\/"}]}},"_links":{"self":[{"href":"https:\/\/rutesentrerefugis.com\/index.php\/wp-json\/wp\/v2\/posts\/10374","targetHints":{"allow":["GET"]}}],"collection":[{"href":"https:\/\/rutesentrerefugis.com\/index.php\/wp-json\/wp\/v2\/posts"}],"about":[{"href":"https:\/\/rutesentrerefugis.com\/index.php\/wp-json\/wp\/v2\/types\/post"}],"author":[{"embeddable":true,"href":"https:\/\/rutesentrerefugis.com\/index.php\/wp-json\/wp\/v2\/users\/31"}],"replies":[{"embeddable":true,"href":"https:\/\/rutesentrerefugis.com\/index.php\/wp-json\/wp\/v2\/comments?post=10374"}],"version-history":[{"count":45,"href":"https:\/\/rutesentrerefugis.com\/index.php\/wp-json\/wp\/v2\/posts\/10374\/revisions"}],"predecessor-version":[{"id":15613,"href":"https:\/\/rutesentrerefugis.com\/index.php\/wp-json\/wp\/v2\/posts\/10374\/revisions\/15613"}],"wp:featuredmedia":[{"embeddable":true,"href":"https:\/\/rutesentrerefugis.com\/index.php\/wp-json\/wp\/v2\/media\/10416"}],"wp:attachment":[{"href":"https:\/\/rutesentrerefugis.com\/index.php\/wp-json\/wp\/v2\/media?parent=10374"}],"wp:term":[{"taxonomy":"category","embeddable":true,"href":"https:\/\/rutesentrerefugis.com\/index.php\/wp-json\/wp\/v2\/categories?post=10374"},{"taxonomy":"post_tag","embeddable":true,"href":"https:\/\/rutesentrerefugis.com\/index.php\/wp-json\/wp\/v2\/tags?post=10374"}],"curies":[{"name":"wp","href":"https:\/\/api.w.org\/{rel}","templated":true}]}}