{"id":10454,"date":"2019-03-06T11:00:00","date_gmt":"2019-03-06T11:00:00","guid":{"rendered":"https:\/\/nova.rutesentrerefugis.com\/?p=10454"},"modified":"2024-04-25T12:30:07","modified_gmt":"2024-04-25T12:30:07","slug":"regio-de-jungfrau-1-2","status":"publish","type":"post","link":"https:\/\/rutesentrerefugis.com\/index.php\/2019\/03\/06\/regio-de-jungfrau-1-2\/","title":{"rendered":"REGI\u00d3 DE JUNGFRAU (1\/2)"},"content":{"rendered":"\t\t<div data-elementor-type=\"wp-post\" data-elementor-id=\"10454\" class=\"elementor elementor-10454\" data-elementor-post-type=\"post\">\n\t\t\t\t\t\t<section class=\"elementor-section elementor-top-section elementor-element elementor-element-95df28b elementor-section-full_width elementor-section-height-default elementor-section-height-default\" data-id=\"95df28b\" data-element_type=\"section\" data-e-type=\"section\" data-settings=\"{&quot;background_background&quot;:&quot;classic&quot;}\">\n\t\t\t\t\t\t<div class=\"elementor-container elementor-column-gap-default\">\n\t\t\t\t\t<div class=\"elementor-column elementor-col-100 elementor-top-column elementor-element elementor-element-84065af\" data-id=\"84065af\" data-element_type=\"column\" data-e-type=\"column\">\n\t\t\t<div class=\"elementor-widget-wrap elementor-element-populated\">\n\t\t\t\t\t\t<div class=\"elementor-element elementor-element-c09c1a0 elementor-widget elementor-widget-image\" data-id=\"c09c1a0\" data-element_type=\"widget\" data-e-type=\"widget\" data-widget_type=\"image.default\">\n\t\t\t\t<div class=\"elementor-widget-container\">\n\t\t\t\t\t\t\t\t\t\t\t\t\t\t\t<img fetchpriority=\"high\" decoding=\"async\" width=\"2000\" height=\"450\" src=\"https:\/\/rutesentrerefugis.com\/wp-content\/uploads\/2023\/03\/01-Banner-Cap-Jungfrau-01-NW.jpg\" class=\"attachment-full size-full wp-image-10458\" alt=\"\" srcset=\"https:\/\/rutesentrerefugis.com\/wp-content\/uploads\/2023\/03\/01-Banner-Cap-Jungfrau-01-NW.jpg 2000w, https:\/\/rutesentrerefugis.com\/wp-content\/uploads\/2023\/03\/01-Banner-Cap-Jungfrau-01-NW-300x68.jpg 300w, https:\/\/rutesentrerefugis.com\/wp-content\/uploads\/2023\/03\/01-Banner-Cap-Jungfrau-01-NW-1024x230.jpg 1024w, https:\/\/rutesentrerefugis.com\/wp-content\/uploads\/2023\/03\/01-Banner-Cap-Jungfrau-01-NW-768x173.jpg 768w, https:\/\/rutesentrerefugis.com\/wp-content\/uploads\/2023\/03\/01-Banner-Cap-Jungfrau-01-NW-1536x346.jpg 1536w\" sizes=\"(max-width: 2000px) 100vw, 2000px\" \/>\t\t\t\t\t\t\t\t\t\t\t\t\t\t\t<\/div>\n\t\t\t\t<\/div>\n\t\t\t\t\t<\/div>\n\t\t<\/div>\n\t\t\t\t\t<\/div>\n\t\t<\/section>\n\t\t\t\t<section class=\"elementor-section elementor-top-section elementor-element elementor-element-c2db30a elementor-section-full_width elementor-section-height-default elementor-section-height-default\" data-id=\"c2db30a\" data-element_type=\"section\" data-e-type=\"section\" data-settings=\"{&quot;background_background&quot;:&quot;classic&quot;}\">\n\t\t\t\t\t\t<div class=\"elementor-container elementor-column-gap-default\">\n\t\t\t\t\t<div class=\"elementor-column elementor-col-100 elementor-top-column elementor-element elementor-element-7702d15\" data-id=\"7702d15\" data-element_type=\"column\" data-e-type=\"column\">\n\t\t\t<div class=\"elementor-widget-wrap elementor-element-populated\">\n\t\t\t\t\t\t<div class=\"elementor-element elementor-element-d6bdcec elementor-widget elementor-widget-heading\" data-id=\"d6bdcec\" data-element_type=\"widget\" data-e-type=\"widget\" data-widget_type=\"heading.default\">\n\t\t\t\t<div class=\"elementor-widget-container\">\n\t\t\t\t\t<h2 class=\"elementor-heading-title elementor-size-default\">REGI\u00d3 DE LA JUNGFRAU - (1 de 2)<\/h2>\t\t\t\t<\/div>\n\t\t\t\t<\/div>\n\t\t\t\t\t<\/div>\n\t\t<\/div>\n\t\t\t\t\t<\/div>\n\t\t<\/section>\n\t\t\t\t<section class=\"elementor-section elementor-top-section elementor-element elementor-element-d4773d0 elementor-section-full_width elementor-section-height-default elementor-section-height-default\" data-id=\"d4773d0\" data-element_type=\"section\" data-e-type=\"section\" data-settings=\"{&quot;background_background&quot;:&quot;classic&quot;}\">\n\t\t\t\t\t\t<div class=\"elementor-container elementor-column-gap-default\">\n\t\t\t\t\t<div class=\"elementor-column elementor-col-100 elementor-top-column elementor-element elementor-element-a8be536\" data-id=\"a8be536\" data-element_type=\"column\" data-e-type=\"column\">\n\t\t\t<div class=\"elementor-widget-wrap elementor-element-populated\">\n\t\t\t\t\t\t<div class=\"elementor-element elementor-element-7b5d92c elementor-widget-divider--view-line elementor-widget elementor-widget-divider\" data-id=\"7b5d92c\" data-element_type=\"widget\" data-e-type=\"widget\" data-widget_type=\"divider.default\">\n\t\t\t\t<div class=\"elementor-widget-container\">\n\t\t\t\t\t\t\t<div class=\"elementor-divider\">\n\t\t\t<span class=\"elementor-divider-separator\">\n\t\t\t\t\t\t<\/span>\n\t\t<\/div>\n\t\t\t\t\t\t<\/div>\n\t\t\t\t<\/div>\n\t\t\t\t\t<\/div>\n\t\t<\/div>\n\t\t\t\t\t<\/div>\n\t\t<\/section>\n\t\t\t\t<section class=\"elementor-section elementor-top-section elementor-element elementor-element-88c38ed elementor-section-full_width elementor-section-height-default elementor-section-height-default\" data-id=\"88c38ed\" data-element_type=\"section\" data-e-type=\"section\">\n\t\t\t\t\t\t<div class=\"elementor-container elementor-column-gap-default\">\n\t\t\t\t\t<div class=\"elementor-column elementor-col-100 elementor-top-column elementor-element elementor-element-27365fc\" data-id=\"27365fc\" data-element_type=\"column\" data-e-type=\"column\">\n\t\t\t<div class=\"elementor-widget-wrap elementor-element-populated\">\n\t\t\t\t\t\t<div class=\"elementor-element elementor-element-a8716c3 elementor-widget elementor-widget-spacer\" data-id=\"a8716c3\" data-element_type=\"widget\" data-e-type=\"widget\" data-widget_type=\"spacer.default\">\n\t\t\t\t<div class=\"elementor-widget-container\">\n\t\t\t\t\t\t\t<div class=\"elementor-spacer\">\n\t\t\t<div class=\"elementor-spacer-inner\"><\/div>\n\t\t<\/div>\n\t\t\t\t\t\t<\/div>\n\t\t\t\t<\/div>\n\t\t\t\t\t<\/div>\n\t\t<\/div>\n\t\t\t\t\t<\/div>\n\t\t<\/section>\n\t\t\t\t<section class=\"elementor-section elementor-top-section elementor-element elementor-element-22508a8 elementor-section-full_width elementor-section-height-default elementor-section-height-default\" data-id=\"22508a8\" data-element_type=\"section\" data-e-type=\"section\">\n\t\t\t\t\t\t<div class=\"elementor-container elementor-column-gap-default\">\n\t\t\t\t\t<div class=\"elementor-column elementor-col-100 elementor-top-column elementor-element elementor-element-4f16c46\" data-id=\"4f16c46\" data-element_type=\"column\" data-e-type=\"column\">\n\t\t\t<div class=\"elementor-widget-wrap elementor-element-populated\">\n\t\t\t\t\t\t<div class=\"elementor-element elementor-element-b239672 elementor-widget elementor-widget-heading\" data-id=\"b239672\" data-element_type=\"widget\" data-e-type=\"widget\" data-widget_type=\"heading.default\">\n\t\t\t\t<div class=\"elementor-widget-container\">\n\t\t\t\t\t<h2 class=\"elementor-heading-title elementor-size-default\">PARATGES DELS GEGANTS<\/h2>\t\t\t\t<\/div>\n\t\t\t\t<\/div>\n\t\t\t\t\t<\/div>\n\t\t<\/div>\n\t\t\t\t\t<\/div>\n\t\t<\/section>\n\t\t\t\t<section class=\"elementor-section elementor-top-section elementor-element elementor-element-d03fa05 elementor-section-full_width elementor-section-height-default elementor-section-height-default\" data-id=\"d03fa05\" data-element_type=\"section\" data-e-type=\"section\">\n\t\t\t\t\t\t<div class=\"elementor-container elementor-column-gap-default\">\n\t\t\t\t\t<div class=\"elementor-column elementor-col-100 elementor-top-column elementor-element elementor-element-c4e6e7c\" data-id=\"c4e6e7c\" data-element_type=\"column\" data-e-type=\"column\">\n\t\t\t<div class=\"elementor-widget-wrap elementor-element-populated\">\n\t\t\t\t\t\t<div class=\"elementor-element elementor-element-c9b0e54 elementor-widget elementor-widget-text-editor\" data-id=\"c9b0e54\" data-element_type=\"widget\" data-e-type=\"widget\" data-widget_type=\"text-editor.default\">\n\t\t\t\t<div class=\"elementor-widget-container\">\n\t\t\t\t\t\t\t\t\t<p>Cr\u00f2nica escrita per FRANCESC CATAL\u00c0 i publicada a la revista V\u00c8RTEX n\u00famero 273<\/p>\t\t\t\t\t\t\t\t<\/div>\n\t\t\t\t<\/div>\n\t\t\t\t\t<\/div>\n\t\t<\/div>\n\t\t\t\t\t<\/div>\n\t\t<\/section>\n\t\t\t\t<section class=\"elementor-section elementor-top-section elementor-element elementor-element-df088b6 elementor-section-full_width elementor-section-height-default elementor-section-height-default\" data-id=\"df088b6\" data-element_type=\"section\" data-e-type=\"section\">\n\t\t\t\t\t\t<div class=\"elementor-container elementor-column-gap-default\">\n\t\t\t\t\t<div class=\"elementor-column elementor-col-100 elementor-top-column elementor-element elementor-element-298e764\" data-id=\"298e764\" data-element_type=\"column\" data-e-type=\"column\">\n\t\t\t<div class=\"elementor-widget-wrap elementor-element-populated\">\n\t\t\t\t\t\t<div class=\"elementor-element elementor-element-8e13bf9 elementor-widget elementor-widget-text-editor\" data-id=\"8e13bf9\" data-element_type=\"widget\" data-e-type=\"widget\" data-widget_type=\"text-editor.default\">\n\t\t\t\t<div class=\"elementor-widget-container\">\n\t\t\t\t\t\t\t\t\t<h5><em>\u201cFrodo caminava per les ribes del cabal\u00f3s Bruinen i va veure els p\u00e0l\u00b7lids i freds rajos de sol sortint a les llunyanes muntanyes, que anaven descendint per barrejant-se amb la boirina&#8230; Sam caminava al seu costat&#8230; mirant cap a les altituds de l\u2019Est. La neu era blanca sobre els cims. L\u2019aigua corria i saltava sorollosament i la tarda era amarada d\u2019un suau aroma a arbres i flors com si l\u2019estiu encara s\u2019allargu\u00e9s\u201d.<\/em> Aix\u00ed comen\u00e7a \u201cReturn to Middle Earth\u201d, un interessant article de Sarah Warwick, on ens relaciona aquesta descripci\u00f3 de Rivendell, al llibre El senyor dels anells amb la vall de Lauterbrunnen. I \u00e9s que J. J. Tolkien viatj\u00e0 el 1911, amb el seu germ\u00e0 i una colla d\u2019amics des d\u2019Interlaken fins a Zermatt, caminant 290 quil\u00f2metres per les zones de l\u2019Oberhorn Bern\u00e8s. Llavors, Tolkien tenia nom\u00e9s 19 anys i seria un viatge que el marcaria de tal manera que 56 anys despr\u00e9s escrivia una carta al seu fill explicant-li que la inspiraci\u00f3 per crear Rivendell li havia vingut recordant aquell viatge. I, efectivament, la vall de Lauterbrunnen, a la regi\u00f3 de la Jungfrau representa perfectament aquesta vall tancada, amb un riu cabal\u00f3s que la creua, altes cingleres per on ragen potents torrenteres glacials que s\u2019estavellen fins al fons de la vall, amb els cims de neus permanents nom\u00e9s visibles, llunyans, en l\u2019obertura del fons. Ens explica Tolkien que en aquest viatge \u201cdormien sobre el fenc, en bordes i estables, sense fer cap reserva, esmorzant lleuger per, durant el dia, menjar a l\u2019aire lliure&#8230; mentre caminaven, mapa en m\u00e0, tot evitant les carreteres\u201d. Un viatge ben envejable per als qui gaudim de l\u2019entorn de la muntanya en el seu estat m\u00e9s salvatge; no ens costa gaire d\u2019imaginar com va arribar a ser d\u2019important, aquesta aventura, per a un jove vingut d\u2019Anglaterra.<\/br>\n<\/br>\nAquest viatge, per\u00f2, no va ser pas una casualitat, perqu\u00e8 al segle XIX, l\u2019Oberhorn Bern\u00e8s als Alps Su\u00efssos, ja era una destinaci\u00f3 massiva del turisme de muntanya, pensem que una de les joies d\u2019aquesta zona \u00e9s la Jungfraujoch, tamb\u00e9 anomenat el Top Europe perqu\u00e8 \u00e9s l\u2019estaci\u00f3 de tren m\u00e9s alta d\u2019Europa, concretament a 3.454 metres, una obra d\u2019enginyeria ferrovi\u00e0ria inaugurada l\u20191 d\u2019agost de 1912, i que m\u00e9s de cent anys despr\u00e9s de la seva posta en marxa encara ens sorpr\u00e8n per la seva gosadia t\u00e8cnica, van haver de foradar l\u2019interior de l\u2019Eiger (3.970 m) per arribar a l\u2019estaci\u00f3 que queda als peus de la glacera de l\u2019Alesch entre la Jungfrau (4.158 m) i el M\u00f6nch (4.107 m), un veritable espectacle d\u2019alta muntanya que actualment visiten cada any m\u00e9s d\u2019un mili\u00f3 de turistes.<\/br>\nI, segurament, per aix\u00f2 actualment entre les nostres destinacions als Alps Su\u00efssos hi ha llocs que una vegada rere l\u2019altra han sortit entre els nostres plans, segurament un d\u2019aquests \u00e9s el poblet de Zermatt amb el Matterhorn i els massissos ve\u00efns, i, sense cap dubte l\u2019altra \u00e9s Interlaken, la porta d\u2019entrada cap a la regi\u00f3 de la Jungfrau amb les valls de Lauterbrunnen i Grindelwald. Aquesta entrada a les dos valls \u00e9s impetuosa: Interlaken, un poble al vell mig de dos llacs de 17,5 quil\u00f2metres de llarg\u00e0ria el de Thun i 14 el de Brienz, connectats pel riu que Aar que el creua i des d\u2019on ja podrem veure les muntanyes si encarem la nostra mirada cap al fons de la vall.<\/h5>\t\t\t\t\t\t\t\t<\/div>\n\t\t\t\t<\/div>\n\t\t\t\t\t<\/div>\n\t\t<\/div>\n\t\t\t\t\t<\/div>\n\t\t<\/section>\n\t\t\t\t<section class=\"elementor-section elementor-top-section elementor-element elementor-element-2d883b0 elementor-section-full_width elementor-section-height-default elementor-section-height-default\" data-id=\"2d883b0\" data-element_type=\"section\" data-e-type=\"section\">\n\t\t\t\t\t\t<div class=\"elementor-container elementor-column-gap-default\">\n\t\t\t\t\t<div class=\"elementor-column elementor-col-100 elementor-top-column elementor-element elementor-element-b1e3e69\" data-id=\"b1e3e69\" data-element_type=\"column\" data-e-type=\"column\">\n\t\t\t<div class=\"elementor-widget-wrap elementor-element-populated\">\n\t\t\t\t\t\t<div class=\"elementor-element elementor-element-a8092e3 elementor-widget elementor-widget-image\" data-id=\"a8092e3\" data-element_type=\"widget\" data-e-type=\"widget\" data-widget_type=\"image.default\">\n\t\t\t\t<div class=\"elementor-widget-container\">\n\t\t\t\t\t\t\t\t\t\t\t\t<figure class=\"wp-caption\">\n\t\t\t\t\t\t\t\t\t\t<img decoding=\"async\" width=\"2000\" height=\"1500\" src=\"https:\/\/rutesentrerefugis.com\/wp-content\/uploads\/2023\/03\/01-Article-Jungfrau-01-NW.jpg\" class=\"attachment-full size-full wp-image-10465\" alt=\"\" srcset=\"https:\/\/rutesentrerefugis.com\/wp-content\/uploads\/2023\/03\/01-Article-Jungfrau-01-NW.jpg 2000w, https:\/\/rutesentrerefugis.com\/wp-content\/uploads\/2023\/03\/01-Article-Jungfrau-01-NW-300x225.jpg 300w, https:\/\/rutesentrerefugis.com\/wp-content\/uploads\/2023\/03\/01-Article-Jungfrau-01-NW-1024x768.jpg 1024w, https:\/\/rutesentrerefugis.com\/wp-content\/uploads\/2023\/03\/01-Article-Jungfrau-01-NW-768x576.jpg 768w, https:\/\/rutesentrerefugis.com\/wp-content\/uploads\/2023\/03\/01-Article-Jungfrau-01-NW-1536x1152.jpg 1536w\" sizes=\"(max-width: 2000px) 100vw, 2000px\" \/>\t\t\t\t\t\t\t\t\t\t\t<figcaption class=\"widget-image-caption wp-caption-text\">Les superbes parets nord de l\u2019Eiger i el M\u00f6nch apareixen en el cam\u00ed de Manlinchen a Kleine Sheidegg<\/figcaption>\n\t\t\t\t\t\t\t\t\t\t<\/figure>\n\t\t\t\t\t\t\t\t\t<\/div>\n\t\t\t\t<\/div>\n\t\t\t\t\t<\/div>\n\t\t<\/div>\n\t\t\t\t\t<\/div>\n\t\t<\/section>\n\t\t\t\t<section class=\"elementor-section elementor-top-section elementor-element elementor-element-d7a90e4 elementor-section-full_width elementor-section-height-default elementor-section-height-default\" data-id=\"d7a90e4\" data-element_type=\"section\" data-e-type=\"section\">\n\t\t\t\t\t\t<div class=\"elementor-container elementor-column-gap-default\">\n\t\t\t\t\t<div class=\"elementor-column elementor-col-100 elementor-top-column elementor-element elementor-element-153c029\" data-id=\"153c029\" data-element_type=\"column\" data-e-type=\"column\">\n\t\t\t<div class=\"elementor-widget-wrap elementor-element-populated\">\n\t\t\t\t\t\t<div class=\"elementor-element elementor-element-d152be4 elementor-widget elementor-widget-text-editor\" data-id=\"d152be4\" data-element_type=\"widget\" data-e-type=\"widget\" data-widget_type=\"text-editor.default\">\n\t\t\t\t<div class=\"elementor-widget-container\">\n\t\t\t\t\t\t\t\t\t<h5>Anem, per\u00f2, als nostres punts de partida excursionistes: Grindelwald (1.034 m) i Lauterbrunnen (795 m), aquestes dos valls representen dos zones for\u00e7a diferents i complement\u00e0ries. La primera vall \u00e9s oberta i assolellada en la part final i la recorre el riu Schwarze L\u00fctschine (riu negre). El poble compta amb for\u00e7a hotels, un camp de golf i diversos carrers amb botigues de tota mena, per als \u201cturistes muntanyencs\u201d, all\u00e0 hi arriben els trens d\u2019Interlaken que continuen cap a la Jungfraunjoch, tamb\u00e9 hi parteixen diversos telef\u00e8rics que ens portaran cap les zones m\u00e9s altes. \u00c9s, doncs, un poble amb for\u00e7a oferta tur\u00edstica i ben connectat amb totes les zones d\u2019excursions a l\u2019estiu i amb les pistes d\u2019esqu\u00ed a l\u2019hivern. Ja a la mateixa estaci\u00f3 de tren contemplem la nord de l\u2019Eiger, una paret que no ens deixa apartar la mirada, ens atrau per la seua perfecta forma triangular i la seva inexpugnable brutalitat, una via que es va cobrar v\u00edctimes des de les primeres temptatives i que fins que no es va v\u00e8ncer el 24 de juliol del 1938 va ajudar a forjar el mite d\u2019una de les ascensions m\u00e9s cobdiciades per als escaladors dels Alps.<\/br>\n<\/br>\nAturem-nos un moment en aquesta via per saber com arribem a la primera ascensi\u00f3. El primer intent per la cara nord el van fer el 1934 Willy Beck, Kurt Lowinger i George Lowinger, que varen assolir els 2.900 metres abans de descendir per una finestra del t\u00fanel del ferrocarril de l&#8217;interior de la muntanya. El 1935 dos bavaresos, Karl Mehring i Max Sedlmeyer, van tornar a l\u2019atac passant cinc nits a la paret, i enmig de tempestes, allaus de neu i la boira, acabaran morint congelats en el lloc des de llavors anomenat com el Bivac de la Mort a 3.300 metres d\u2019al\u00e7ada. La progressi\u00f3 dels joves havia estat observada des de Grindelwald pel gran p\u00fablic amb telescopis i el tr\u00e0gic final caus\u00e0 un gran impacte en la premsa internacional. L\u2019any seg\u00fcent el 1936, seran quatre escaladors, dos bavaresos, Andreas Hinterstoisser i Toni Kurz, i dos austr\u00edacs Willy Angerer i Edi Rainer qui protagonitzaran una de les trag\u00e8dies m\u00e9s impactats de la paret. El grup va poder arribar fins al Bivac de la Mort per\u00f2 a causa del mal temps i que Angerer va patir serioses ferides al cap, a causa de la caiguda de roques, van haver de descendir. Durant l&#8217;ascens, Hinterstoisser havia pendolat amb una corda per superar una placa calc\u00e0ria, van passar els seus companys, i la va retirar. Aix\u00f2 ser\u00e0 la clau del frac\u00e0s ja que van haver de descendir directament i despr\u00e9s de dos dies de mal temps acabaran sent escombrats per una allau. Nom\u00e9s va sobreviure el m\u00e9s jove que anava al mig de la cordada, Toni Kurz que va quedar penjant d\u2019una corda amb els seus companys ja morts. Els guies van acudir al seu rescat i van poder parlar amb Kurz per\u00f2 no van poder arribar fins a ell, l\u2019endem\u00e0 al mat\u00ed hi tornaran i el jove encara vivia, i despr\u00e9s de tallar la corda i alliberar-se dels seus companys la va nuar per arribar fins als guies, la mala sort va fer que el nus top\u00e9s amb el mosquet\u00f3, desencadenant el tr\u00e0gic final en qu\u00e8 acabar\u00e0 morint d\u2019esgotament a escassos metres dels guies que l\u2019havien anat a rescatar. L&#8217;any 1937 l\u2019intent va recaure en Matthias Rebitsch i Ludwig V\u00f6rg que van aconseguir pujar per sobre del Bivac de la Mort, des d\u2019on van haver de retirar-se. Tot i que l\u2019intent no va tenir \u00e8xit, van ser els primers escaladors que van tornar il\u00b7lesos despr\u00e9s d\u2019un intent seri\u00f3s sobre la paret.<\/h5>\t\t\t\t\t\t\t\t<\/div>\n\t\t\t\t<\/div>\n\t\t\t\t\t<\/div>\n\t\t<\/div>\n\t\t\t\t\t<\/div>\n\t\t<\/section>\n\t\t\t\t<section class=\"elementor-section elementor-top-section elementor-element elementor-element-6a11d9f elementor-section-full_width elementor-section-height-default elementor-section-height-default\" data-id=\"6a11d9f\" data-element_type=\"section\" data-e-type=\"section\">\n\t\t\t\t\t\t<div class=\"elementor-container elementor-column-gap-default\">\n\t\t\t\t\t<div class=\"elementor-column elementor-col-100 elementor-top-column elementor-element elementor-element-e7f652a\" data-id=\"e7f652a\" data-element_type=\"column\" data-e-type=\"column\">\n\t\t\t<div class=\"elementor-widget-wrap elementor-element-populated\">\n\t\t\t\t\t\t<div class=\"elementor-element elementor-element-55e43f3 elementor-widget elementor-widget-image\" data-id=\"55e43f3\" data-element_type=\"widget\" data-e-type=\"widget\" data-widget_type=\"image.default\">\n\t\t\t\t<div class=\"elementor-widget-container\">\n\t\t\t\t\t\t\t\t\t\t\t\t<figure class=\"wp-caption\">\n\t\t\t\t\t\t\t\t\t\t<img decoding=\"async\" width=\"2000\" height=\"1500\" src=\"https:\/\/rutesentrerefugis.com\/wp-content\/uploads\/2023\/03\/01-Article-Jungfrau-02-NW.jpg\" class=\"attachment-full size-full wp-image-10466\" alt=\"\" srcset=\"https:\/\/rutesentrerefugis.com\/wp-content\/uploads\/2023\/03\/01-Article-Jungfrau-02-NW.jpg 2000w, https:\/\/rutesentrerefugis.com\/wp-content\/uploads\/2023\/03\/01-Article-Jungfrau-02-NW-300x225.jpg 300w, https:\/\/rutesentrerefugis.com\/wp-content\/uploads\/2023\/03\/01-Article-Jungfrau-02-NW-1024x768.jpg 1024w, https:\/\/rutesentrerefugis.com\/wp-content\/uploads\/2023\/03\/01-Article-Jungfrau-02-NW-768x576.jpg 768w, https:\/\/rutesentrerefugis.com\/wp-content\/uploads\/2023\/03\/01-Article-Jungfrau-02-NW-1536x1152.jpg 1536w\" sizes=\"(max-width: 2000px) 100vw, 2000px\" \/>\t\t\t\t\t\t\t\t\t\t\t<figcaption class=\"widget-image-caption wp-caption-text\">Tren de Junfraujoch en direcci\u00f3 a l'Eiger, al seu pas pel llac artificial de la Kleine Sheidegg<\/figcaption>\n\t\t\t\t\t\t\t\t\t\t<\/figure>\n\t\t\t\t\t\t\t\t\t<\/div>\n\t\t\t\t<\/div>\n\t\t\t\t\t<\/div>\n\t\t<\/div>\n\t\t\t\t\t<\/div>\n\t\t<\/section>\n\t\t\t\t<section class=\"elementor-section elementor-top-section elementor-element elementor-element-f8e37d7 elementor-section-full_width elementor-section-height-default elementor-section-height-default\" data-id=\"f8e37d7\" data-element_type=\"section\" data-e-type=\"section\">\n\t\t\t\t\t\t<div class=\"elementor-container elementor-column-gap-default\">\n\t\t\t\t\t<div class=\"elementor-column elementor-col-100 elementor-top-column elementor-element elementor-element-c36f3cb\" data-id=\"c36f3cb\" data-element_type=\"column\" data-e-type=\"column\">\n\t\t\t<div class=\"elementor-widget-wrap elementor-element-populated\">\n\t\t\t\t\t\t<div class=\"elementor-element elementor-element-6e5a5a9 elementor-widget elementor-widget-text-editor\" data-id=\"6e5a5a9\" data-element_type=\"widget\" data-e-type=\"widget\" data-widget_type=\"text-editor.default\">\n\t\t\t\t<div class=\"elementor-widget-container\">\n\t\t\t\t\t\t\t\t\t<h5>Arribem aix\u00ed al 1938, any de la seva conquesta, tot i que comen\u00e7ar\u00e0 malament, ja que els italians Bartolo Sandri i Mario Berti, van morir en caure de la paret en ser sorpresos per una tempesta. Les autoritats berneses arribaran a prohibir l\u2019escalada i van amena\u00e7ar de multar qui ho intent\u00e9s de nou. Edward Lisle Strutt, editor de l&#8217;Alpine Journal, va arribar a dir de la via que era \u00abuna obsessi\u00f3 pels mentalment trastornats\u00bb i \u00abla variant m\u00e9s imb\u00e8cil des que va comen\u00e7ar el muntanyisme\u00bb. Per\u00f2 l\u2019inter\u00e8s per assolir el repte era imparable i entre les diverses cordades d\u2019aquell any, hi havia els alemanys Anderl Heckmair i Ludwig V\u00f6rg formant una cordada, i els austr\u00edacs Heinrich Harrer i Fritz Kasparek conformant-ne una altra. Van comen\u00e7ar a pujar separats per ajuntar-se a la zona de la Travessa Hinterstoisser. L\u2019Ascensi\u00f3 va ser r\u00e0pida fins que es van veure atrapats pels allaus de neu a la zona de l\u2019Aranya que van acabar superant, a les 4 de la tarda assolien l\u2019aresta cimera per acabar descendint per la ruta normal quan ja els donaven per desapareguts. Havien estat tres dies els necessaris per v\u00e8ncer l\u2019Ogre. Aquesta vict\u00f2ria ser\u00e0 molt celebrada pel nazisme que havia fet de l\u2019ascensi\u00f3 a la paret una q\u00fcesti\u00f3 nacional, que havia de ser conquerida per joves escaladors de ra\u00e7a \u00e0ria. Afegirem uns apunts m\u00e9s per dir que la segona escalada a la nord haur\u00e0 d\u2019esperar fins passada la Guerra Mundial al 1947 i la faran els guies francesos, Louis Lachenal i Lionel Terray. I, que actualment el r\u00e8cord d\u2019escalada de la paret el t\u00e9 el su\u00eds Ueli Steck amb 2 hores 22 minuts i 50 segons. Tamb\u00e9 esmentar que la primera ascensi\u00f3 catalana fou de Joan Manuel Anglada y Jordi Pons que aconseguiren al 1964, escalar la paret en el seu segon intent. I el malaurat intent espanyol al 1963 dels hist\u00f2rics escaladors aragonesos Ernesto Navarro y Alberto Rabad\u00e1 que van morir a causa del fred i l\u2019esgotament a la zona coneguda com l\u2019Aranya.<\/br>\n<\/br>\nAnem, per\u00f2, a Lauterbrunnen, aquesta \u00e9s una verd\u00edssima vall tancada en forma de U, creuada pel riu Weisse L\u00fctschine (riu blanc), allargada i ombr\u00edvola, tamb\u00e9 anomenada la vall de les 72 cascades, perqu\u00e8 recull l\u2019aigua de totes les geleres que l\u2019envolten, que cau cap al fons des dels enormes precipicis que conformen la vall. Una torrentera que baixa dels contraforts de la Jungfrau formar\u00e0 unes famoses gorges a l\u2019interior de la muntanya, les Tr\u00fcmmelbachf\u00e4lle, impressionant conjunt de cascades interiors on l\u2019aigua baixa amb tota la seva for\u00e7a, en fluir encotillada per les parets de la muntanya. Lauterbrunnen \u00e9s un poble tranquil, amb els serveis necessaris pel turista de muntanya i t\u00e9, a m\u00e9s, dos poblets a sobre dels seus murs, Wengen i M\u00fcrren, nom\u00e9s assolibles per tren o caminant, des d\u2019on ja tenim la perspectiva de totes les muntanyes de la regi\u00f3, no cal dir que les primeres que identificarem ser\u00e0 el nostre triumvirat de l\u2019Eiger, M\u00f6nch i Jungfrau i el Breithorn tot seguit. Aquesta vall, darrerament, tamb\u00e9 s\u2019ha convertit en un lloc de pr\u00e0ctica habitual de salt base, esport extrem que cada dia compta de m\u00e9s addictes. A Lauterbrunnen acaba el recorregut dels trens que v\u00e9nen d\u2019Interlaken, llavors connecta amb un cremallera que l\u2019uneix amb la vall de Grindelwald, via Wengen, per la collada on hi ha l\u2019estaci\u00f3 d\u2019Scheidegg als peus de l\u2019Eiger, per tamb\u00e9 connectar amb els trens que pugen a la Jungfraujonch (3.454 m).<\/br>\n<\/br>\nEn si, tota la regi\u00f3 de la Jungfrau est\u00e0 connectada per trens, telef\u00e8rics i autobusos, amb totes les combinacions que puguem imaginar, de les quals en fa gala l\u2019enginyeria Su\u00efssa a l\u2019hora de projectar infraestructures de transport en alta muntanya. De vegades, a vista d\u2019ocell tindrem la impressi\u00f3 que estem contemplant un paisatge fet a mida perqu\u00e8 hi transcorrin els trens i telef\u00e8rics, com el que tenen els apassionats de les maquetes ferrovi\u00e0ries a l\u2019habitaci\u00f3 m\u00e9s gran de casa.<\/h5>\t\t\t\t\t\t\t\t<\/div>\n\t\t\t\t<\/div>\n\t\t\t\t\t<\/div>\n\t\t<\/div>\n\t\t\t\t\t<\/div>\n\t\t<\/section>\n\t\t\t\t<section class=\"elementor-section elementor-top-section elementor-element elementor-element-5767317 elementor-section-full_width elementor-section-height-default elementor-section-height-default\" data-id=\"5767317\" data-element_type=\"section\" data-e-type=\"section\">\n\t\t\t\t\t\t<div class=\"elementor-container elementor-column-gap-default\">\n\t\t\t\t\t<div class=\"elementor-column elementor-col-100 elementor-top-column elementor-element elementor-element-f8689c8\" data-id=\"f8689c8\" data-element_type=\"column\" data-e-type=\"column\">\n\t\t\t<div class=\"elementor-widget-wrap elementor-element-populated\">\n\t\t\t\t\t\t<div class=\"elementor-element elementor-element-c46273a elementor-widget elementor-widget-image\" data-id=\"c46273a\" data-element_type=\"widget\" data-e-type=\"widget\" data-widget_type=\"image.default\">\n\t\t\t\t<div class=\"elementor-widget-container\">\n\t\t\t\t\t\t\t\t\t\t\t\t<figure class=\"wp-caption\">\n\t\t\t\t\t\t\t\t\t\t<img loading=\"lazy\" decoding=\"async\" width=\"2000\" height=\"1500\" src=\"https:\/\/rutesentrerefugis.com\/wp-content\/uploads\/2023\/03\/01-Article-Jungfrau-03-NW.jpg\" class=\"attachment-full size-full wp-image-10468\" alt=\"\" srcset=\"https:\/\/rutesentrerefugis.com\/wp-content\/uploads\/2023\/03\/01-Article-Jungfrau-03-NW.jpg 2000w, https:\/\/rutesentrerefugis.com\/wp-content\/uploads\/2023\/03\/01-Article-Jungfrau-03-NW-300x225.jpg 300w, https:\/\/rutesentrerefugis.com\/wp-content\/uploads\/2023\/03\/01-Article-Jungfrau-03-NW-1024x768.jpg 1024w, https:\/\/rutesentrerefugis.com\/wp-content\/uploads\/2023\/03\/01-Article-Jungfrau-03-NW-768x576.jpg 768w, https:\/\/rutesentrerefugis.com\/wp-content\/uploads\/2023\/03\/01-Article-Jungfrau-03-NW-1536x1152.jpg 1536w\" sizes=\"(max-width: 2000px) 100vw, 2000px\" \/>\t\t\t\t\t\t\t\t\t\t\t<figcaption class=\"widget-image-caption wp-caption-text\">Vista a\u00e8ria de la cua de la Vall de Lauterbrunnen<\/figcaption>\n\t\t\t\t\t\t\t\t\t\t<\/figure>\n\t\t\t\t\t\t\t\t\t<\/div>\n\t\t\t\t<\/div>\n\t\t\t\t\t<\/div>\n\t\t<\/div>\n\t\t\t\t\t<\/div>\n\t\t<\/section>\n\t\t\t\t<section class=\"elementor-section elementor-top-section elementor-element elementor-element-b201718 elementor-section-full_width elementor-section-height-default elementor-section-height-default\" data-id=\"b201718\" data-element_type=\"section\" data-e-type=\"section\">\n\t\t\t\t\t\t<div class=\"elementor-container elementor-column-gap-default\">\n\t\t\t\t\t<div class=\"elementor-column elementor-col-100 elementor-top-column elementor-element elementor-element-1e05de7\" data-id=\"1e05de7\" data-element_type=\"column\" data-e-type=\"column\">\n\t\t\t<div class=\"elementor-widget-wrap elementor-element-populated\">\n\t\t\t\t\t\t<div class=\"elementor-element elementor-element-2e5a503 elementor-widget elementor-widget-text-editor\" data-id=\"2e5a503\" data-element_type=\"widget\" data-e-type=\"widget\" data-widget_type=\"text-editor.default\">\n\t\t\t\t<div class=\"elementor-widget-container\">\n\t\t\t\t\t\t\t\t\t<h5>La zona de la regi\u00f3 Jungfrau-Alesch va ser declarada Patrimoni Mundial de la Humanitat per la Unesco el 2001, ja que es consider\u00e0 un exemple excepcional de la formaci\u00f3 dels Alts Alps, que compr\u00e8n la major part de la superf\u00edcie gelada de la serralada alpina i la m\u00e9s gran glacera d\u2019Eur\u00e0sia. El s\u00edngular valor de la regi\u00f3 no solament \u00e9s representat per la seua bellesa, sin\u00f3 tamb\u00e9 per l\u2019abundant informaci\u00f3 que proporciona sobre el canvi clim\u00e0tic i la formaci\u00f3 de les muntanyes i glaceres. Com a darrer apunt es consider\u00e0 que el seu paisatge ha influ\u00eft, tamb\u00e9, en l\u2019art, la literatura, el muntanyisme i el turisme alp\u00ed del continent europeu. Hi ha diversos camins que estan marcats espec\u00edficament com a recorreguts pel Patrimoni Mundial de la Unesco.<\/br>\n<\/br>\nCom podem anar intuint, doncs, les excursions per la zona s\u00f3n infinites i adaptables a tots els gustos i dificultats. Nosaltres n\u2019hem escollit unes que ens situaran en les diverses zones de la regi\u00f3 i que ens faran gaudir dels racons m\u00e9s cl\u00e0ssics de cada zona. Les ressenyes no volen ser una descripci\u00f3 de cru\u00eflles i direccions a seguir perqu\u00e8 trobarem senyals indicatius cada cop que els necessitem i realment la dita que \u201cno hi ha p\u00e8rdua\u201d \u00e9s compleix amb la senyalitzaci\u00f3 que hi ha. Per tant el que descriurem ser\u00e0 m\u00e9s el tipus de terreny que podrem trobar en cada sortida per aix\u00ed poder tenir m\u00e9s criteri a l\u2019hora de planificar les nostres excursions segons les nostres prefer\u00e8ncies.<\/h5>\t\t\t\t\t\t\t\t<\/div>\n\t\t\t\t<\/div>\n\t\t\t\t\t<\/div>\n\t\t<\/div>\n\t\t\t\t\t<\/div>\n\t\t<\/section>\n\t\t\t\t<section class=\"elementor-section elementor-top-section elementor-element elementor-element-aa8f872 elementor-section-full_width elementor-section-height-default elementor-section-height-default\" data-id=\"aa8f872\" data-element_type=\"section\" data-e-type=\"section\">\n\t\t\t\t\t\t<div class=\"elementor-container elementor-column-gap-default\">\n\t\t\t\t\t<div class=\"elementor-column elementor-col-100 elementor-top-column elementor-element elementor-element-cf94727\" data-id=\"cf94727\" data-element_type=\"column\" data-e-type=\"column\">\n\t\t\t<div class=\"elementor-widget-wrap elementor-element-populated\">\n\t\t\t\t\t\t<div class=\"elementor-element elementor-element-55d91d7 elementor-widget elementor-widget-spacer\" data-id=\"55d91d7\" data-element_type=\"widget\" data-e-type=\"widget\" data-widget_type=\"spacer.default\">\n\t\t\t\t<div class=\"elementor-widget-container\">\n\t\t\t\t\t\t\t<div class=\"elementor-spacer\">\n\t\t\t<div class=\"elementor-spacer-inner\"><\/div>\n\t\t<\/div>\n\t\t\t\t\t\t<\/div>\n\t\t\t\t<\/div>\n\t\t\t\t\t<\/div>\n\t\t<\/div>\n\t\t\t\t\t<\/div>\n\t\t<\/section>\n\t\t\t\t<section class=\"elementor-section elementor-top-section elementor-element elementor-element-0974111 elementor-section-full_width elementor-section-height-default elementor-section-height-default\" data-id=\"0974111\" data-element_type=\"section\" data-e-type=\"section\" data-settings=\"{&quot;background_background&quot;:&quot;classic&quot;}\">\n\t\t\t\t\t\t<div class=\"elementor-container elementor-column-gap-default\">\n\t\t\t\t\t<div class=\"elementor-column elementor-col-100 elementor-top-column elementor-element elementor-element-cc55e81\" data-id=\"cc55e81\" data-element_type=\"column\" data-e-type=\"column\">\n\t\t\t<div class=\"elementor-widget-wrap elementor-element-populated\">\n\t\t\t\t\t\t<div class=\"elementor-element elementor-element-29dcfc6 elementor-widget elementor-widget-image\" data-id=\"29dcfc6\" data-element_type=\"widget\" data-e-type=\"widget\" data-widget_type=\"image.default\">\n\t\t\t\t<div class=\"elementor-widget-container\">\n\t\t\t\t\t\t\t\t\t\t\t\t\t\t\t<img loading=\"lazy\" decoding=\"async\" width=\"100\" height=\"100\" src=\"https:\/\/rutesentrerefugis.com\/wp-content\/uploads\/2023\/03\/Francesc-Catala-NW.jpg\" class=\"attachment-full size-full wp-image-10472\" alt=\"\" \/>\t\t\t\t\t\t\t\t\t\t\t\t\t\t\t<\/div>\n\t\t\t\t<\/div>\n\t\t\t\t<div class=\"elementor-element elementor-element-dff6861 elementor-widget elementor-widget-text-editor\" data-id=\"dff6861\" data-element_type=\"widget\" data-e-type=\"widget\" data-widget_type=\"text-editor.default\">\n\t\t\t\t<div class=\"elementor-widget-container\">\n\t\t\t\t\t\t\t\t\t<h4>FRANCESC CATAL\u00c0<\/h4>\n<h5>Lleida, 1966. Fil\u00f2leg i responsable de producci\u00f3 de l\u2019editorial de la Universitat de Lleida, pertanyent al Centre Excursionista de Lleida i dirigeix la revista de caire sociocultural Arts. La seva passi\u00f3 pel muntanyisme i els viatges l\u2019ha dut per l\u2019\u00c0sia, Am\u00e8rica i Europa, amb prefer\u00e8ncia pels Alps. L&#8217;esqu\u00ed de fons, bicicleta de muntanya i alpinisme s\u00f3n les activitats a qu\u00e8 es dedica quan les lletres li donen treva.<\/h5>\t\t\t\t\t\t\t\t<\/div>\n\t\t\t\t<\/div>\n\t\t\t\t\t<\/div>\n\t\t<\/div>\n\t\t\t\t\t<\/div>\n\t\t<\/section>\n\t\t\t\t<section class=\"elementor-section elementor-top-section elementor-element elementor-element-c5916d8 elementor-section-full_width elementor-section-height-default elementor-section-height-default\" data-id=\"c5916d8\" data-element_type=\"section\" data-e-type=\"section\">\n\t\t\t\t\t\t<div class=\"elementor-container elementor-column-gap-default\">\n\t\t\t\t\t<div class=\"elementor-column elementor-col-100 elementor-top-column elementor-element elementor-element-eaf7d1c\" data-id=\"eaf7d1c\" data-element_type=\"column\" data-e-type=\"column\">\n\t\t\t<div class=\"elementor-widget-wrap elementor-element-populated\">\n\t\t\t\t\t\t<div class=\"elementor-element elementor-element-a4f2400 elementor-widget elementor-widget-spacer\" data-id=\"a4f2400\" data-element_type=\"widget\" data-e-type=\"widget\" data-widget_type=\"spacer.default\">\n\t\t\t\t<div class=\"elementor-widget-container\">\n\t\t\t\t\t\t\t<div class=\"elementor-spacer\">\n\t\t\t<div class=\"elementor-spacer-inner\"><\/div>\n\t\t<\/div>\n\t\t\t\t\t\t<\/div>\n\t\t\t\t<\/div>\n\t\t\t\t\t<\/div>\n\t\t<\/div>\n\t\t\t\t\t<\/div>\n\t\t<\/section>\n\t\t\t\t<section class=\"elementor-section elementor-top-section elementor-element elementor-element-d03f068 elementor-section-full_width elementor-section-height-default elementor-section-height-default\" data-id=\"d03f068\" data-element_type=\"section\" data-e-type=\"section\">\n\t\t\t\t\t\t<div class=\"elementor-container elementor-column-gap-default\">\n\t\t\t\t\t<div class=\"elementor-column elementor-col-100 elementor-top-column elementor-element elementor-element-67197d5\" data-id=\"67197d5\" data-element_type=\"column\" data-e-type=\"column\">\n\t\t\t<div class=\"elementor-widget-wrap elementor-element-populated\">\n\t\t\t\t\t\t<div class=\"elementor-element elementor-element-43b22c2 elementor-widget elementor-widget-heading\" data-id=\"43b22c2\" data-element_type=\"widget\" data-e-type=\"widget\" data-widget_type=\"heading.default\">\n\t\t\t\t<div class=\"elementor-widget-container\">\n\t\t\t\t\t<h5 class=\"elementor-heading-title elementor-size-default\"><font color=\"#999999\"><u>Per si vols compartir aquesta cr\u00f2nica<\/u><\/font><\/h5>\t\t\t\t<\/div>\n\t\t\t\t<\/div>\n\t\t\t\t\t<\/div>\n\t\t<\/div>\n\t\t\t\t\t<\/div>\n\t\t<\/section>\n\t\t\t\t<section class=\"elementor-section elementor-top-section elementor-element elementor-element-691fa33 elementor-section-full_width elementor-section-height-default elementor-section-height-default\" data-id=\"691fa33\" data-element_type=\"section\" data-e-type=\"section\">\n\t\t\t\t\t\t<div class=\"elementor-container elementor-column-gap-default\">\n\t\t\t\t\t<div class=\"elementor-column elementor-col-100 elementor-top-column elementor-element elementor-element-45d5ec7\" data-id=\"45d5ec7\" data-element_type=\"column\" data-e-type=\"column\">\n\t\t\t<div class=\"elementor-widget-wrap elementor-element-populated\">\n\t\t\t\t\t\t<div class=\"elementor-element elementor-element-75ed3c8 elementor-share-buttons--view-icon elementor-share-buttons--skin-framed elementor-share-buttons--shape-circle elementor-share-buttons--color-custom elementor-grid-0 elementor-widget elementor-widget-share-buttons\" data-id=\"75ed3c8\" data-element_type=\"widget\" data-e-type=\"widget\" data-widget_type=\"share-buttons.default\">\n\t\t\t\t<div class=\"elementor-widget-container\">\n\t\t\t\t\t\t\t<div class=\"elementor-grid\" role=\"list\">\n\t\t\t\t\t\t\t\t<div class=\"elementor-grid-item\" role=\"listitem\">\n\t\t\t\t\t\t<div class=\"elementor-share-btn elementor-share-btn_facebook\" role=\"button\" tabindex=\"0\" aria-label=\"Compartici\u00f3 en facebook\">\n\t\t\t\t\t\t\t\t\t\t\t\t\t\t\t<span class=\"elementor-share-btn__icon\">\n\t\t\t\t\t\t\t\t<i class=\"fab fa-facebook\" aria-hidden=\"true\"><\/i>\t\t\t\t\t\t\t<\/span>\n\t\t\t\t\t\t\t\t\t\t\t\t\t\t\t\t\t\t\t\t<\/div>\n\t\t\t\t\t<\/div>\n\t\t\t\t\t\t\t\t\t<div class=\"elementor-grid-item\" role=\"listitem\">\n\t\t\t\t\t\t<div class=\"elementor-share-btn elementor-share-btn_twitter\" role=\"button\" tabindex=\"0\" aria-label=\"Compartici\u00f3 en twitter\">\n\t\t\t\t\t\t\t\t\t\t\t\t\t\t\t<span class=\"elementor-share-btn__icon\">\n\t\t\t\t\t\t\t\t<i class=\"fab fa-twitter\" aria-hidden=\"true\"><\/i>\t\t\t\t\t\t\t<\/span>\n\t\t\t\t\t\t\t\t\t\t\t\t\t\t\t\t\t\t\t\t<\/div>\n\t\t\t\t\t<\/div>\n\t\t\t\t\t\t\t\t\t<div class=\"elementor-grid-item\" role=\"listitem\">\n\t\t\t\t\t\t<div class=\"elementor-share-btn elementor-share-btn_telegram\" role=\"button\" tabindex=\"0\" aria-label=\"Compartici\u00f3 en telegram\">\n\t\t\t\t\t\t\t\t\t\t\t\t\t\t\t<span class=\"elementor-share-btn__icon\">\n\t\t\t\t\t\t\t\t<i class=\"fab fa-telegram\" aria-hidden=\"true\"><\/i>\t\t\t\t\t\t\t<\/span>\n\t\t\t\t\t\t\t\t\t\t\t\t\t\t\t\t\t\t\t\t<\/div>\n\t\t\t\t\t<\/div>\n\t\t\t\t\t\t\t\t\t<div class=\"elementor-grid-item\" role=\"listitem\">\n\t\t\t\t\t\t<div class=\"elementor-share-btn elementor-share-btn_pinterest\" role=\"button\" tabindex=\"0\" aria-label=\"Compartici\u00f3 en pinterest\">\n\t\t\t\t\t\t\t\t\t\t\t\t\t\t\t<span class=\"elementor-share-btn__icon\">\n\t\t\t\t\t\t\t\t<i class=\"fab fa-pinterest\" aria-hidden=\"true\"><\/i>\t\t\t\t\t\t\t<\/span>\n\t\t\t\t\t\t\t\t\t\t\t\t\t\t\t\t\t\t\t\t<\/div>\n\t\t\t\t\t<\/div>\n\t\t\t\t\t\t\t\t\t<div class=\"elementor-grid-item\" role=\"listitem\">\n\t\t\t\t\t\t<div class=\"elementor-share-btn elementor-share-btn_whatsapp\" role=\"button\" tabindex=\"0\" aria-label=\"Compartici\u00f3 en whatsapp\">\n\t\t\t\t\t\t\t\t\t\t\t\t\t\t\t<span class=\"elementor-share-btn__icon\">\n\t\t\t\t\t\t\t\t<i class=\"fab fa-whatsapp\" aria-hidden=\"true\"><\/i>\t\t\t\t\t\t\t<\/span>\n\t\t\t\t\t\t\t\t\t\t\t\t\t\t\t\t\t\t\t\t<\/div>\n\t\t\t\t\t<\/div>\n\t\t\t\t\t\t\t\t\t<div class=\"elementor-grid-item\" role=\"listitem\">\n\t\t\t\t\t\t<div class=\"elementor-share-btn elementor-share-btn_email\" role=\"button\" tabindex=\"0\" aria-label=\"Compartici\u00f3 en email\">\n\t\t\t\t\t\t\t\t\t\t\t\t\t\t\t<span class=\"elementor-share-btn__icon\">\n\t\t\t\t\t\t\t\t<i class=\"fas fa-envelope\" aria-hidden=\"true\"><\/i>\t\t\t\t\t\t\t<\/span>\n\t\t\t\t\t\t\t\t\t\t\t\t\t\t\t\t\t\t\t\t<\/div>\n\t\t\t\t\t<\/div>\n\t\t\t\t\t\t\t\t\t<div class=\"elementor-grid-item\" role=\"listitem\">\n\t\t\t\t\t\t<div class=\"elementor-share-btn elementor-share-btn_print\" role=\"button\" tabindex=\"0\" aria-label=\"Compartici\u00f3 en print\">\n\t\t\t\t\t\t\t\t\t\t\t\t\t\t\t<span class=\"elementor-share-btn__icon\">\n\t\t\t\t\t\t\t\t<i class=\"fas fa-print\" aria-hidden=\"true\"><\/i>\t\t\t\t\t\t\t<\/span>\n\t\t\t\t\t\t\t\t\t\t\t\t\t\t\t\t\t\t\t\t<\/div>\n\t\t\t\t\t<\/div>\n\t\t\t\t\t\t<\/div>\n\t\t\t\t\t\t<\/div>\n\t\t\t\t<\/div>\n\t\t\t\t\t<\/div>\n\t\t<\/div>\n\t\t\t\t\t<\/div>\n\t\t<\/section>\n\t\t\t\t<section class=\"elementor-section elementor-top-section elementor-element elementor-element-f8892df elementor-section-full_width elementor-section-height-default elementor-section-height-default\" data-id=\"f8892df\" data-element_type=\"section\" data-e-type=\"section\">\n\t\t\t\t\t\t<div class=\"elementor-container elementor-column-gap-default\">\n\t\t\t\t\t<div class=\"elementor-column elementor-col-100 elementor-top-column elementor-element elementor-element-70b735e\" data-id=\"70b735e\" data-element_type=\"column\" data-e-type=\"column\">\n\t\t\t<div class=\"elementor-widget-wrap elementor-element-populated\">\n\t\t\t\t\t\t<div class=\"elementor-element elementor-element-cefc0b1 elementor-widget elementor-widget-spacer\" data-id=\"cefc0b1\" data-element_type=\"widget\" data-e-type=\"widget\" data-widget_type=\"spacer.default\">\n\t\t\t\t<div class=\"elementor-widget-container\">\n\t\t\t\t\t\t\t<div class=\"elementor-spacer\">\n\t\t\t<div class=\"elementor-spacer-inner\"><\/div>\n\t\t<\/div>\n\t\t\t\t\t\t<\/div>\n\t\t\t\t<\/div>\n\t\t\t\t\t<\/div>\n\t\t<\/div>\n\t\t\t\t\t<\/div>\n\t\t<\/section>\n\t\t\t\t<section class=\"elementor-section elementor-top-section elementor-element elementor-element-1bf5bd0 elementor-section-full_width elementor-section-height-default elementor-section-height-default\" data-id=\"1bf5bd0\" data-element_type=\"section\" data-e-type=\"section\">\n\t\t\t\t\t\t<div class=\"elementor-container elementor-column-gap-default\">\n\t\t\t\t\t<div class=\"elementor-column elementor-col-100 elementor-top-column elementor-element elementor-element-0b552eb\" data-id=\"0b552eb\" data-element_type=\"column\" data-e-type=\"column\">\n\t\t\t<div class=\"elementor-widget-wrap elementor-element-populated\">\n\t\t\t\t\t\t<div class=\"elementor-element elementor-element-3baf22f elementor-widget-divider--view-line elementor-widget elementor-widget-divider\" data-id=\"3baf22f\" data-element_type=\"widget\" data-e-type=\"widget\" data-widget_type=\"divider.default\">\n\t\t\t\t<div class=\"elementor-widget-container\">\n\t\t\t\t\t\t\t<div class=\"elementor-divider\">\n\t\t\t<span class=\"elementor-divider-separator\">\n\t\t\t\t\t\t<\/span>\n\t\t<\/div>\n\t\t\t\t\t\t<\/div>\n\t\t\t\t<\/div>\n\t\t\t\t\t<\/div>\n\t\t<\/div>\n\t\t\t\t\t<\/div>\n\t\t<\/section>\n\t\t\t\t<section class=\"elementor-section elementor-top-section elementor-element elementor-element-3813ed4 elementor-section-full_width elementor-section-height-default elementor-section-height-default\" data-id=\"3813ed4\" data-element_type=\"section\" data-e-type=\"section\">\n\t\t\t\t\t\t<div class=\"elementor-container elementor-column-gap-default\">\n\t\t\t\t\t<div class=\"elementor-column elementor-col-100 elementor-top-column elementor-element elementor-element-5c6b095\" data-id=\"5c6b095\" data-element_type=\"column\" data-e-type=\"column\">\n\t\t\t<div class=\"elementor-widget-wrap elementor-element-populated\">\n\t\t\t\t\t\t<div class=\"elementor-element elementor-element-ffec6f9 elementor-widget elementor-widget-heading\" data-id=\"ffec6f9\" data-element_type=\"widget\" data-e-type=\"widget\" data-widget_type=\"heading.default\">\n\t\t\t\t<div class=\"elementor-widget-container\">\n\t\t\t\t\t<h2 class=\"elementor-heading-title elementor-size-default\"><u>ARTICLES PUBLICATS PER L'AUTOR<\/u><\/h2>\t\t\t\t<\/div>\n\t\t\t\t<\/div>\n\t\t\t\t\t<\/div>\n\t\t<\/div>\n\t\t\t\t\t<\/div>\n\t\t<\/section>\n\t\t\t\t<section class=\"elementor-section elementor-top-section elementor-element elementor-element-1ced10f elementor-section-full_width elementor-section-height-default elementor-section-height-default\" data-id=\"1ced10f\" data-element_type=\"section\" data-e-type=\"section\">\n\t\t\t\t\t\t<div class=\"elementor-container elementor-column-gap-default\">\n\t\t\t\t\t<div class=\"elementor-column elementor-col-100 elementor-top-column elementor-element elementor-element-70fec9a\" data-id=\"70fec9a\" data-element_type=\"column\" data-e-type=\"column\">\n\t\t\t<div class=\"elementor-widget-wrap elementor-element-populated\">\n\t\t\t\t\t\t<div class=\"elementor-element elementor-element-af5ace3 elementor-widget elementor-widget-spacer\" data-id=\"af5ace3\" data-element_type=\"widget\" data-e-type=\"widget\" data-widget_type=\"spacer.default\">\n\t\t\t\t<div class=\"elementor-widget-container\">\n\t\t\t\t\t\t\t<div class=\"elementor-spacer\">\n\t\t\t<div class=\"elementor-spacer-inner\"><\/div>\n\t\t<\/div>\n\t\t\t\t\t\t<\/div>\n\t\t\t\t<\/div>\n\t\t\t\t\t<\/div>\n\t\t<\/div>\n\t\t\t\t\t<\/div>\n\t\t<\/section>\n\t\t\t\t<section class=\"elementor-section elementor-top-section elementor-element elementor-element-e3231c1 elementor-section-full_width elementor-section-height-default elementor-section-height-default\" data-id=\"e3231c1\" data-element_type=\"section\" data-e-type=\"section\">\n\t\t\t\t\t\t<div class=\"elementor-container elementor-column-gap-default\">\n\t\t\t\t\t<div class=\"elementor-column elementor-col-100 elementor-top-column elementor-element elementor-element-6b4a906\" data-id=\"6b4a906\" data-element_type=\"column\" data-e-type=\"column\">\n\t\t\t<div class=\"elementor-widget-wrap elementor-element-populated\">\n\t\t\t\t\t\t<div class=\"elementor-element elementor-element-a53ebf7 elementor-grid-5 elementor-grid-tablet-2 elementor-grid-mobile-1 elementor-posts--thumbnail-top elementor-widget elementor-widget-posts\" data-id=\"a53ebf7\" data-element_type=\"widget\" data-e-type=\"widget\" data-settings=\"{&quot;classic_columns&quot;:&quot;5&quot;,&quot;classic_columns_tablet&quot;:&quot;2&quot;,&quot;classic_columns_mobile&quot;:&quot;1&quot;,&quot;classic_row_gap&quot;:{&quot;unit&quot;:&quot;px&quot;,&quot;size&quot;:35,&quot;sizes&quot;:[]},&quot;classic_row_gap_tablet&quot;:{&quot;unit&quot;:&quot;px&quot;,&quot;size&quot;:&quot;&quot;,&quot;sizes&quot;:[]},&quot;classic_row_gap_mobile&quot;:{&quot;unit&quot;:&quot;px&quot;,&quot;size&quot;:&quot;&quot;,&quot;sizes&quot;:[]}}\" data-widget_type=\"posts.classic\">\n\t\t\t\t<div class=\"elementor-widget-container\">\n\t\t\t\t\t\t\t<div class=\"elementor-posts-container elementor-posts elementor-posts--skin-classic elementor-grid\" role=\"list\">\n\t\t\t\t<article class=\"elementor-post elementor-grid-item post-10546 post type-post status-publish format-standard has-post-thumbnail hentry category-blog category-francesc-catala-ca tag-caminos-de-agua-ca tag-camins-daigua-ca tag-cronicas-ca tag-croniques-ca tag-francesc-catala-ca tag-revista-vertex-es-ca\" role=\"listitem\">\n\t\t\t\t<a class=\"elementor-post__thumbnail__link\" href=\"https:\/\/rutesentrerefugis.com\/index.php\/2020\/05\/26\/camins-aigua\/\" tabindex=\"-1\" >\n\t\t\t<div class=\"elementor-post__thumbnail\"><img loading=\"lazy\" decoding=\"async\" width=\"300\" height=\"200\" src=\"https:\/\/rutesentrerefugis.com\/wp-content\/uploads\/2023\/03\/Canal-Urgell-Inici-NW-300x200.jpg\" class=\"attachment-medium size-medium wp-image-10547\" alt=\"\" srcset=\"https:\/\/rutesentrerefugis.com\/wp-content\/uploads\/2023\/03\/Canal-Urgell-Inici-NW-300x200.jpg 300w, https:\/\/rutesentrerefugis.com\/wp-content\/uploads\/2023\/03\/Canal-Urgell-Inici-NW-1024x683.jpg 1024w, https:\/\/rutesentrerefugis.com\/wp-content\/uploads\/2023\/03\/Canal-Urgell-Inici-NW-768x512.jpg 768w, https:\/\/rutesentrerefugis.com\/wp-content\/uploads\/2023\/03\/Canal-Urgell-Inici-NW.jpg 1200w\" sizes=\"(max-width: 300px) 100vw, 300px\" \/><\/div>\n\t\t<\/a>\n\t\t\t\t<div class=\"elementor-post__text\">\n\t\t\t\t<h3 class=\"elementor-post__title\">\n\t\t\t<a href=\"https:\/\/rutesentrerefugis.com\/index.php\/2020\/05\/26\/camins-aigua\/\" >\n\t\t\t\tCAMINS D&#8217;AIGUA\t\t\t<\/a>\n\t\t<\/h3>\n\t\t\t\t<div class=\"elementor-post__meta-data\">\n\t\t\t\t\t<span class=\"elementor-post-date\">\n\t\t\t26\/05\/2020\t\t<\/span>\n\t\t\t\t<\/div>\n\t\t\t\t<\/div>\n\t\t\t\t<\/article>\n\t\t\t\t<article class=\"elementor-post elementor-grid-item post-10489 post type-post status-publish format-standard has-post-thumbnail hentry category-blog category-francesc-catala-ca tag-cronicas-ca tag-croniques-ca tag-francesc-catala-ca tag-regio-de-jungfrau-ca tag-region-del-jungfrau-ca tag-revista-vertex-es-ca\" role=\"listitem\">\n\t\t\t\t<a class=\"elementor-post__thumbnail__link\" href=\"https:\/\/rutesentrerefugis.com\/index.php\/2019\/03\/26\/regio-de-jungfrau-2-2\/\" tabindex=\"-1\" >\n\t\t\t<div class=\"elementor-post__thumbnail\"><img loading=\"lazy\" decoding=\"async\" width=\"300\" height=\"200\" src=\"https:\/\/rutesentrerefugis.com\/wp-content\/uploads\/2023\/03\/02-Article-Jungfrau-Inici-NW-300x200.jpg\" class=\"attachment-medium size-medium wp-image-10490\" alt=\"\" srcset=\"https:\/\/rutesentrerefugis.com\/wp-content\/uploads\/2023\/03\/02-Article-Jungfrau-Inici-NW-300x200.jpg 300w, https:\/\/rutesentrerefugis.com\/wp-content\/uploads\/2023\/03\/02-Article-Jungfrau-Inici-NW-1024x683.jpg 1024w, https:\/\/rutesentrerefugis.com\/wp-content\/uploads\/2023\/03\/02-Article-Jungfrau-Inici-NW-768x512.jpg 768w, https:\/\/rutesentrerefugis.com\/wp-content\/uploads\/2023\/03\/02-Article-Jungfrau-Inici-NW.jpg 1200w\" sizes=\"(max-width: 300px) 100vw, 300px\" \/><\/div>\n\t\t<\/a>\n\t\t\t\t<div class=\"elementor-post__text\">\n\t\t\t\t<h3 class=\"elementor-post__title\">\n\t\t\t<a href=\"https:\/\/rutesentrerefugis.com\/index.php\/2019\/03\/26\/regio-de-jungfrau-2-2\/\" >\n\t\t\t\tREGI\u00d3 DE JUNGFRAU (2\/2)\t\t\t<\/a>\n\t\t<\/h3>\n\t\t\t\t<div class=\"elementor-post__meta-data\">\n\t\t\t\t\t<span class=\"elementor-post-date\">\n\t\t\t26\/03\/2019\t\t<\/span>\n\t\t\t\t<\/div>\n\t\t\t\t<\/div>\n\t\t\t\t<\/article>\n\t\t\t\t<article class=\"elementor-post elementor-grid-item post-10454 post type-post status-publish format-standard has-post-thumbnail hentry category-blog category-francesc-catala-ca tag-cronicas-ca tag-croniques-ca tag-francesc-catala-ca tag-regio-de-jungfrau-ca tag-region-del-jungfrau-ca tag-revista-vertex-es-ca\" role=\"listitem\">\n\t\t\t\t<a class=\"elementor-post__thumbnail__link\" href=\"https:\/\/rutesentrerefugis.com\/index.php\/2019\/03\/06\/regio-de-jungfrau-1-2\/\" tabindex=\"-1\" >\n\t\t\t<div class=\"elementor-post__thumbnail\"><img loading=\"lazy\" decoding=\"async\" width=\"300\" height=\"200\" src=\"https:\/\/rutesentrerefugis.com\/wp-content\/uploads\/2019\/03\/01-Article-Jungfrau-Inici-NW-300x200.jpg\" class=\"attachment-medium size-medium wp-image-10543\" alt=\"\" srcset=\"https:\/\/rutesentrerefugis.com\/wp-content\/uploads\/2019\/03\/01-Article-Jungfrau-Inici-NW-300x200.jpg 300w, https:\/\/rutesentrerefugis.com\/wp-content\/uploads\/2019\/03\/01-Article-Jungfrau-Inici-NW-1024x683.jpg 1024w, https:\/\/rutesentrerefugis.com\/wp-content\/uploads\/2019\/03\/01-Article-Jungfrau-Inici-NW-768x512.jpg 768w, https:\/\/rutesentrerefugis.com\/wp-content\/uploads\/2019\/03\/01-Article-Jungfrau-Inici-NW.jpg 1200w\" sizes=\"(max-width: 300px) 100vw, 300px\" \/><\/div>\n\t\t<\/a>\n\t\t\t\t<div class=\"elementor-post__text\">\n\t\t\t\t<h3 class=\"elementor-post__title\">\n\t\t\t<a href=\"https:\/\/rutesentrerefugis.com\/index.php\/2019\/03\/06\/regio-de-jungfrau-1-2\/\" >\n\t\t\t\tREGI\u00d3 DE JUNGFRAU (1\/2)\t\t\t<\/a>\n\t\t<\/h3>\n\t\t\t\t<div class=\"elementor-post__meta-data\">\n\t\t\t\t\t<span class=\"elementor-post-date\">\n\t\t\t06\/03\/2019\t\t<\/span>\n\t\t\t\t<\/div>\n\t\t\t\t<\/div>\n\t\t\t\t<\/article>\n\t\t\t\t<\/div>\n\t\t\n\t\t\t\t\t\t<\/div>\n\t\t\t\t<\/div>\n\t\t\t\t\t<\/div>\n\t\t<\/div>\n\t\t\t\t\t<\/div>\n\t\t<\/section>\n\t\t\t\t<section class=\"elementor-section elementor-top-section elementor-element elementor-element-fbe246c elementor-section-full_width elementor-section-height-default elementor-section-height-default\" data-id=\"fbe246c\" data-element_type=\"section\" data-e-type=\"section\">\n\t\t\t\t\t\t<div class=\"elementor-container elementor-column-gap-default\">\n\t\t\t\t\t<div class=\"elementor-column elementor-col-100 elementor-top-column elementor-element elementor-element-d523ff9\" data-id=\"d523ff9\" data-element_type=\"column\" data-e-type=\"column\">\n\t\t\t<div class=\"elementor-widget-wrap elementor-element-populated\">\n\t\t\t\t\t\t<div class=\"elementor-element elementor-element-ef8af22 elementor-widget-divider--view-line elementor-widget elementor-widget-divider\" data-id=\"ef8af22\" data-element_type=\"widget\" data-e-type=\"widget\" data-widget_type=\"divider.default\">\n\t\t\t\t<div class=\"elementor-widget-container\">\n\t\t\t\t\t\t\t<div class=\"elementor-divider\">\n\t\t\t<span class=\"elementor-divider-separator\">\n\t\t\t\t\t\t<\/span>\n\t\t<\/div>\n\t\t\t\t\t\t<\/div>\n\t\t\t\t<\/div>\n\t\t\t\t\t<\/div>\n\t\t<\/div>\n\t\t\t\t\t<\/div>\n\t\t<\/section>\n\t\t\t\t<section class=\"elementor-section elementor-top-section elementor-element elementor-element-95e0e8c elementor-section-full_width elementor-section-height-default elementor-section-height-default\" data-id=\"95e0e8c\" data-element_type=\"section\" data-e-type=\"section\">\n\t\t\t\t\t\t<div class=\"elementor-container elementor-column-gap-default\">\n\t\t\t\t\t<div class=\"elementor-column elementor-col-100 elementor-top-column elementor-element elementor-element-d1b76e7\" data-id=\"d1b76e7\" data-element_type=\"column\" data-e-type=\"column\">\n\t\t\t<div class=\"elementor-widget-wrap elementor-element-populated\">\n\t\t\t\t\t\t<div class=\"elementor-element elementor-element-18b520c elementor-widget elementor-widget-spacer\" data-id=\"18b520c\" data-element_type=\"widget\" data-e-type=\"widget\" data-widget_type=\"spacer.default\">\n\t\t\t\t<div class=\"elementor-widget-container\">\n\t\t\t\t\t\t\t<div class=\"elementor-spacer\">\n\t\t\t<div class=\"elementor-spacer-inner\"><\/div>\n\t\t<\/div>\n\t\t\t\t\t\t<\/div>\n\t\t\t\t<\/div>\n\t\t\t\t\t<\/div>\n\t\t<\/div>\n\t\t\t\t\t<\/div>\n\t\t<\/section>\n\t\t\t\t<\/div>\n\t\t","protected":false},"excerpt":{"rendered":"<p>REGI\u00d3 DE LA JUNGFRAU &#8211; (1 de 2) PARATGES DELS GEGANTS Cr\u00f2nica escrita per FRANCESC CATAL\u00c0 i publicada a la revista V\u00c8RTEX n\u00famero 273 \u201cFrodo<\/p>\n","protected":false},"author":33,"featured_media":10543,"comment_status":"open","ping_status":"open","sticky":false,"template":"elementor_header_footer","format":"standard","meta":{"_monsterinsights_skip_tracking":false,"_monsterinsights_sitenote_active":false,"_monsterinsights_sitenote_note":"","_monsterinsights_sitenote_category":0,"footnotes":""},"categories":[5124,5262],"tags":[5130,5132,5264,5266,5268,5172],"class_list":["post-10454","post","type-post","status-publish","format-standard","has-post-thumbnail","hentry","category-blog","category-francesc-catala-ca","tag-cronicas-ca","tag-croniques-ca","tag-francesc-catala-ca","tag-regio-de-jungfrau-ca","tag-region-del-jungfrau-ca","tag-revista-vertex-es-ca"],"yoast_head":"<!-- This site is optimized with the Yoast SEO plugin v27.5 - https:\/\/yoast.com\/product\/yoast-seo-wordpress\/ -->\n<title>REGI\u00d3 DE JUNGFRAU (1\/2) - Rutes Entre Refugis<\/title>\n<meta name=\"robots\" content=\"index, follow, max-snippet:-1, max-image-preview:large, max-video-preview:-1\" \/>\n<link rel=\"canonical\" href=\"https:\/\/rutesentrerefugis.com\/index.php\/2019\/03\/06\/regio-de-jungfrau-1-2\/\" \/>\n<meta property=\"og:locale\" content=\"es_ES\" \/>\n<meta property=\"og:type\" content=\"article\" \/>\n<meta property=\"og:title\" content=\"REGI\u00d3 DE JUNGFRAU (1\/2) - Rutes Entre Refugis\" \/>\n<meta property=\"og:description\" content=\"REGI\u00d3 DE LA JUNGFRAU &#8211; (1 de 2) PARATGES DELS GEGANTS Cr\u00f2nica escrita per FRANCESC CATAL\u00c0 i publicada a la revista V\u00c8RTEX n\u00famero 273 \u201cFrodo\" \/>\n<meta property=\"og:url\" content=\"https:\/\/rutesentrerefugis.com\/index.php\/2019\/03\/06\/regio-de-jungfrau-1-2\/\" \/>\n<meta property=\"og:site_name\" content=\"Rutes Entre Refugis\" \/>\n<meta property=\"article:published_time\" content=\"2019-03-06T11:00:00+00:00\" \/>\n<meta property=\"article:modified_time\" content=\"2024-04-25T12:30:07+00:00\" \/>\n<meta property=\"og:image\" content=\"https:\/\/rutesentrerefugis.com\/wp-content\/uploads\/2019\/03\/01-Article-Jungfrau-Inici-NW.jpg\" \/>\n\t<meta property=\"og:image:width\" content=\"1200\" \/>\n\t<meta property=\"og:image:height\" content=\"800\" \/>\n\t<meta property=\"og:image:type\" content=\"image\/jpeg\" \/>\n<meta name=\"author\" content=\"Francesc Catal\u00e0\" \/>\n<meta name=\"twitter:card\" content=\"summary_large_image\" \/>\n<meta name=\"twitter:label1\" content=\"Escrito por\" \/>\n\t<meta name=\"twitter:data1\" content=\"Francesc Catal\u00e0\" \/>\n\t<meta name=\"twitter:label2\" content=\"Tiempo de lectura\" \/>\n\t<meta name=\"twitter:data2\" content=\"14 minutos\" \/>\n<script type=\"application\/ld+json\" class=\"yoast-schema-graph\">{\"@context\":\"https:\\\/\\\/schema.org\",\"@graph\":[{\"@type\":\"Article\",\"@id\":\"https:\\\/\\\/rutesentrerefugis.com\\\/index.php\\\/2019\\\/03\\\/06\\\/regio-de-jungfrau-1-2\\\/#article\",\"isPartOf\":{\"@id\":\"https:\\\/\\\/rutesentrerefugis.com\\\/index.php\\\/2019\\\/03\\\/06\\\/regio-de-jungfrau-1-2\\\/\"},\"author\":{\"name\":\"Francesc Catal\u00e0\",\"@id\":\"https:\\\/\\\/rutesentrerefugis.com\\\/#\\\/schema\\\/person\\\/238d998ac5303c5c45568035644eaba1\"},\"headline\":\"REGI\u00d3 DE JUNGFRAU (1\\\/2)\",\"datePublished\":\"2019-03-06T11:00:00+00:00\",\"dateModified\":\"2024-04-25T12:30:07+00:00\",\"mainEntityOfPage\":{\"@id\":\"https:\\\/\\\/rutesentrerefugis.com\\\/index.php\\\/2019\\\/03\\\/06\\\/regio-de-jungfrau-1-2\\\/\"},\"wordCount\":2384,\"commentCount\":0,\"publisher\":{\"@id\":\"https:\\\/\\\/rutesentrerefugis.com\\\/#organization\"},\"image\":{\"@id\":\"https:\\\/\\\/rutesentrerefugis.com\\\/index.php\\\/2019\\\/03\\\/06\\\/regio-de-jungfrau-1-2\\\/#primaryimage\"},\"thumbnailUrl\":\"https:\\\/\\\/rutesentrerefugis.com\\\/wp-content\\\/uploads\\\/2019\\\/03\\\/01-Article-Jungfrau-Inici-NW.jpg\",\"keywords\":[\"Cr\u00f3nicas\",\"Cr\u00f2niques\",\"Francesc Catal\u00e0\",\"Regi\u00f3 de Jungfrau\",\"Regi\u00f3n del Jungfrau\",\"Revista V\u00e8rtex\"],\"articleSection\":[\"Blog\",\"Francesc Catal\u00e0\"],\"inLanguage\":\"es\",\"potentialAction\":[{\"@type\":\"CommentAction\",\"name\":\"Comment\",\"target\":[\"https:\\\/\\\/rutesentrerefugis.com\\\/index.php\\\/2019\\\/03\\\/06\\\/regio-de-jungfrau-1-2\\\/#respond\"]}]},{\"@type\":\"WebPage\",\"@id\":\"https:\\\/\\\/rutesentrerefugis.com\\\/index.php\\\/2019\\\/03\\\/06\\\/regio-de-jungfrau-1-2\\\/\",\"url\":\"https:\\\/\\\/rutesentrerefugis.com\\\/index.php\\\/2019\\\/03\\\/06\\\/regio-de-jungfrau-1-2\\\/\",\"name\":\"REGI\u00d3 DE JUNGFRAU (1\\\/2) - Rutes Entre Refugis\",\"isPartOf\":{\"@id\":\"https:\\\/\\\/rutesentrerefugis.com\\\/#website\"},\"primaryImageOfPage\":{\"@id\":\"https:\\\/\\\/rutesentrerefugis.com\\\/index.php\\\/2019\\\/03\\\/06\\\/regio-de-jungfrau-1-2\\\/#primaryimage\"},\"image\":{\"@id\":\"https:\\\/\\\/rutesentrerefugis.com\\\/index.php\\\/2019\\\/03\\\/06\\\/regio-de-jungfrau-1-2\\\/#primaryimage\"},\"thumbnailUrl\":\"https:\\\/\\\/rutesentrerefugis.com\\\/wp-content\\\/uploads\\\/2019\\\/03\\\/01-Article-Jungfrau-Inici-NW.jpg\",\"datePublished\":\"2019-03-06T11:00:00+00:00\",\"dateModified\":\"2024-04-25T12:30:07+00:00\",\"breadcrumb\":{\"@id\":\"https:\\\/\\\/rutesentrerefugis.com\\\/index.php\\\/2019\\\/03\\\/06\\\/regio-de-jungfrau-1-2\\\/#breadcrumb\"},\"inLanguage\":\"es\",\"potentialAction\":[{\"@type\":\"ReadAction\",\"target\":[\"https:\\\/\\\/rutesentrerefugis.com\\\/index.php\\\/2019\\\/03\\\/06\\\/regio-de-jungfrau-1-2\\\/\"]}]},{\"@type\":\"ImageObject\",\"inLanguage\":\"es\",\"@id\":\"https:\\\/\\\/rutesentrerefugis.com\\\/index.php\\\/2019\\\/03\\\/06\\\/regio-de-jungfrau-1-2\\\/#primaryimage\",\"url\":\"https:\\\/\\\/rutesentrerefugis.com\\\/wp-content\\\/uploads\\\/2019\\\/03\\\/01-Article-Jungfrau-Inici-NW.jpg\",\"contentUrl\":\"https:\\\/\\\/rutesentrerefugis.com\\\/wp-content\\\/uploads\\\/2019\\\/03\\\/01-Article-Jungfrau-Inici-NW.jpg\",\"width\":1200,\"height\":800},{\"@type\":\"BreadcrumbList\",\"@id\":\"https:\\\/\\\/rutesentrerefugis.com\\\/index.php\\\/2019\\\/03\\\/06\\\/regio-de-jungfrau-1-2\\\/#breadcrumb\",\"itemListElement\":[{\"@type\":\"ListItem\",\"position\":1,\"name\":\"Inici\",\"item\":\"https:\\\/\\\/rutesentrerefugis.com\\\/\"},{\"@type\":\"ListItem\",\"position\":2,\"name\":\"REGI\u00d3 DE JUNGFRAU (1\\\/2)\"}]},{\"@type\":\"WebSite\",\"@id\":\"https:\\\/\\\/rutesentrerefugis.com\\\/#website\",\"url\":\"https:\\\/\\\/rutesentrerefugis.com\\\/\",\"name\":\"Rutes Entre Refugis\",\"description\":\"Caminant sota un nom\",\"publisher\":{\"@id\":\"https:\\\/\\\/rutesentrerefugis.com\\\/#organization\"},\"potentialAction\":[{\"@type\":\"SearchAction\",\"target\":{\"@type\":\"EntryPoint\",\"urlTemplate\":\"https:\\\/\\\/rutesentrerefugis.com\\\/?s={search_term_string}\"},\"query-input\":{\"@type\":\"PropertyValueSpecification\",\"valueRequired\":true,\"valueName\":\"search_term_string\"}}],\"inLanguage\":\"es\"},{\"@type\":\"Organization\",\"@id\":\"https:\\\/\\\/rutesentrerefugis.com\\\/#organization\",\"name\":\"Rutes Entre Refugis\",\"url\":\"https:\\\/\\\/rutesentrerefugis.com\\\/\",\"logo\":{\"@type\":\"ImageObject\",\"inLanguage\":\"es\",\"@id\":\"https:\\\/\\\/rutesentrerefugis.com\\\/#\\\/schema\\\/logo\\\/image\\\/\",\"url\":\"https:\\\/\\\/rutesentrerefugis.com\\\/wp-content\\\/uploads\\\/2022\\\/08\\\/RutesEntreRefugis-Blanc-Retina-1.png\",\"contentUrl\":\"https:\\\/\\\/rutesentrerefugis.com\\\/wp-content\\\/uploads\\\/2022\\\/08\\\/RutesEntreRefugis-Blanc-Retina-1.png\",\"width\":400,\"height\":400,\"caption\":\"Rutes Entre Refugis\"},\"image\":{\"@id\":\"https:\\\/\\\/rutesentrerefugis.com\\\/#\\\/schema\\\/logo\\\/image\\\/\"}},{\"@type\":\"Person\",\"@id\":\"https:\\\/\\\/rutesentrerefugis.com\\\/#\\\/schema\\\/person\\\/238d998ac5303c5c45568035644eaba1\",\"name\":\"Francesc Catal\u00e0\",\"image\":{\"@type\":\"ImageObject\",\"inLanguage\":\"es\",\"@id\":\"https:\\\/\\\/rutesentrerefugis.com\\\/wp-content\\\/uploads\\\/2023\\\/05\\\/avatar_user_33_1683354226-96x96.jpg\",\"url\":\"https:\\\/\\\/rutesentrerefugis.com\\\/wp-content\\\/uploads\\\/2023\\\/05\\\/avatar_user_33_1683354226-96x96.jpg\",\"contentUrl\":\"https:\\\/\\\/rutesentrerefugis.com\\\/wp-content\\\/uploads\\\/2023\\\/05\\\/avatar_user_33_1683354226-96x96.jpg\",\"caption\":\"Francesc Catal\u00e0\"},\"url\":\"https:\\\/\\\/rutesentrerefugis.com\\\/index.php\\\/author\\\/francesc-catala\\\/\"}]}<\/script>\n<!-- \/ Yoast SEO plugin. -->","yoast_head_json":{"title":"REGI\u00d3 DE JUNGFRAU (1\/2) - Rutes Entre Refugis","robots":{"index":"index","follow":"follow","max-snippet":"max-snippet:-1","max-image-preview":"max-image-preview:large","max-video-preview":"max-video-preview:-1"},"canonical":"https:\/\/rutesentrerefugis.com\/index.php\/2019\/03\/06\/regio-de-jungfrau-1-2\/","og_locale":"es_ES","og_type":"article","og_title":"REGI\u00d3 DE JUNGFRAU (1\/2) - Rutes Entre Refugis","og_description":"REGI\u00d3 DE LA JUNGFRAU &#8211; (1 de 2) PARATGES DELS GEGANTS Cr\u00f2nica escrita per FRANCESC CATAL\u00c0 i publicada a la revista V\u00c8RTEX n\u00famero 273 \u201cFrodo","og_url":"https:\/\/rutesentrerefugis.com\/index.php\/2019\/03\/06\/regio-de-jungfrau-1-2\/","og_site_name":"Rutes Entre Refugis","article_published_time":"2019-03-06T11:00:00+00:00","article_modified_time":"2024-04-25T12:30:07+00:00","og_image":[{"width":1200,"height":800,"url":"https:\/\/rutesentrerefugis.com\/wp-content\/uploads\/2019\/03\/01-Article-Jungfrau-Inici-NW.jpg","type":"image\/jpeg"}],"author":"Francesc Catal\u00e0","twitter_card":"summary_large_image","twitter_misc":{"Escrito por":"Francesc Catal\u00e0","Tiempo de lectura":"14 minutos"},"schema":{"@context":"https:\/\/schema.org","@graph":[{"@type":"Article","@id":"https:\/\/rutesentrerefugis.com\/index.php\/2019\/03\/06\/regio-de-jungfrau-1-2\/#article","isPartOf":{"@id":"https:\/\/rutesentrerefugis.com\/index.php\/2019\/03\/06\/regio-de-jungfrau-1-2\/"},"author":{"name":"Francesc Catal\u00e0","@id":"https:\/\/rutesentrerefugis.com\/#\/schema\/person\/238d998ac5303c5c45568035644eaba1"},"headline":"REGI\u00d3 DE JUNGFRAU (1\/2)","datePublished":"2019-03-06T11:00:00+00:00","dateModified":"2024-04-25T12:30:07+00:00","mainEntityOfPage":{"@id":"https:\/\/rutesentrerefugis.com\/index.php\/2019\/03\/06\/regio-de-jungfrau-1-2\/"},"wordCount":2384,"commentCount":0,"publisher":{"@id":"https:\/\/rutesentrerefugis.com\/#organization"},"image":{"@id":"https:\/\/rutesentrerefugis.com\/index.php\/2019\/03\/06\/regio-de-jungfrau-1-2\/#primaryimage"},"thumbnailUrl":"https:\/\/rutesentrerefugis.com\/wp-content\/uploads\/2019\/03\/01-Article-Jungfrau-Inici-NW.jpg","keywords":["Cr\u00f3nicas","Cr\u00f2niques","Francesc Catal\u00e0","Regi\u00f3 de Jungfrau","Regi\u00f3n del Jungfrau","Revista V\u00e8rtex"],"articleSection":["Blog","Francesc Catal\u00e0"],"inLanguage":"es","potentialAction":[{"@type":"CommentAction","name":"Comment","target":["https:\/\/rutesentrerefugis.com\/index.php\/2019\/03\/06\/regio-de-jungfrau-1-2\/#respond"]}]},{"@type":"WebPage","@id":"https:\/\/rutesentrerefugis.com\/index.php\/2019\/03\/06\/regio-de-jungfrau-1-2\/","url":"https:\/\/rutesentrerefugis.com\/index.php\/2019\/03\/06\/regio-de-jungfrau-1-2\/","name":"REGI\u00d3 DE JUNGFRAU (1\/2) - Rutes Entre Refugis","isPartOf":{"@id":"https:\/\/rutesentrerefugis.com\/#website"},"primaryImageOfPage":{"@id":"https:\/\/rutesentrerefugis.com\/index.php\/2019\/03\/06\/regio-de-jungfrau-1-2\/#primaryimage"},"image":{"@id":"https:\/\/rutesentrerefugis.com\/index.php\/2019\/03\/06\/regio-de-jungfrau-1-2\/#primaryimage"},"thumbnailUrl":"https:\/\/rutesentrerefugis.com\/wp-content\/uploads\/2019\/03\/01-Article-Jungfrau-Inici-NW.jpg","datePublished":"2019-03-06T11:00:00+00:00","dateModified":"2024-04-25T12:30:07+00:00","breadcrumb":{"@id":"https:\/\/rutesentrerefugis.com\/index.php\/2019\/03\/06\/regio-de-jungfrau-1-2\/#breadcrumb"},"inLanguage":"es","potentialAction":[{"@type":"ReadAction","target":["https:\/\/rutesentrerefugis.com\/index.php\/2019\/03\/06\/regio-de-jungfrau-1-2\/"]}]},{"@type":"ImageObject","inLanguage":"es","@id":"https:\/\/rutesentrerefugis.com\/index.php\/2019\/03\/06\/regio-de-jungfrau-1-2\/#primaryimage","url":"https:\/\/rutesentrerefugis.com\/wp-content\/uploads\/2019\/03\/01-Article-Jungfrau-Inici-NW.jpg","contentUrl":"https:\/\/rutesentrerefugis.com\/wp-content\/uploads\/2019\/03\/01-Article-Jungfrau-Inici-NW.jpg","width":1200,"height":800},{"@type":"BreadcrumbList","@id":"https:\/\/rutesentrerefugis.com\/index.php\/2019\/03\/06\/regio-de-jungfrau-1-2\/#breadcrumb","itemListElement":[{"@type":"ListItem","position":1,"name":"Inici","item":"https:\/\/rutesentrerefugis.com\/"},{"@type":"ListItem","position":2,"name":"REGI\u00d3 DE JUNGFRAU (1\/2)"}]},{"@type":"WebSite","@id":"https:\/\/rutesentrerefugis.com\/#website","url":"https:\/\/rutesentrerefugis.com\/","name":"Rutes Entre Refugis","description":"Caminant sota un nom","publisher":{"@id":"https:\/\/rutesentrerefugis.com\/#organization"},"potentialAction":[{"@type":"SearchAction","target":{"@type":"EntryPoint","urlTemplate":"https:\/\/rutesentrerefugis.com\/?s={search_term_string}"},"query-input":{"@type":"PropertyValueSpecification","valueRequired":true,"valueName":"search_term_string"}}],"inLanguage":"es"},{"@type":"Organization","@id":"https:\/\/rutesentrerefugis.com\/#organization","name":"Rutes Entre Refugis","url":"https:\/\/rutesentrerefugis.com\/","logo":{"@type":"ImageObject","inLanguage":"es","@id":"https:\/\/rutesentrerefugis.com\/#\/schema\/logo\/image\/","url":"https:\/\/rutesentrerefugis.com\/wp-content\/uploads\/2022\/08\/RutesEntreRefugis-Blanc-Retina-1.png","contentUrl":"https:\/\/rutesentrerefugis.com\/wp-content\/uploads\/2022\/08\/RutesEntreRefugis-Blanc-Retina-1.png","width":400,"height":400,"caption":"Rutes Entre Refugis"},"image":{"@id":"https:\/\/rutesentrerefugis.com\/#\/schema\/logo\/image\/"}},{"@type":"Person","@id":"https:\/\/rutesentrerefugis.com\/#\/schema\/person\/238d998ac5303c5c45568035644eaba1","name":"Francesc Catal\u00e0","image":{"@type":"ImageObject","inLanguage":"es","@id":"https:\/\/rutesentrerefugis.com\/wp-content\/uploads\/2023\/05\/avatar_user_33_1683354226-96x96.jpg","url":"https:\/\/rutesentrerefugis.com\/wp-content\/uploads\/2023\/05\/avatar_user_33_1683354226-96x96.jpg","contentUrl":"https:\/\/rutesentrerefugis.com\/wp-content\/uploads\/2023\/05\/avatar_user_33_1683354226-96x96.jpg","caption":"Francesc Catal\u00e0"},"url":"https:\/\/rutesentrerefugis.com\/index.php\/author\/francesc-catala\/"}]}},"_links":{"self":[{"href":"https:\/\/rutesentrerefugis.com\/index.php\/wp-json\/wp\/v2\/posts\/10454","targetHints":{"allow":["GET"]}}],"collection":[{"href":"https:\/\/rutesentrerefugis.com\/index.php\/wp-json\/wp\/v2\/posts"}],"about":[{"href":"https:\/\/rutesentrerefugis.com\/index.php\/wp-json\/wp\/v2\/types\/post"}],"author":[{"embeddable":true,"href":"https:\/\/rutesentrerefugis.com\/index.php\/wp-json\/wp\/v2\/users\/33"}],"replies":[{"embeddable":true,"href":"https:\/\/rutesentrerefugis.com\/index.php\/wp-json\/wp\/v2\/comments?post=10454"}],"version-history":[{"count":31,"href":"https:\/\/rutesentrerefugis.com\/index.php\/wp-json\/wp\/v2\/posts\/10454\/revisions"}],"predecessor-version":[{"id":21190,"href":"https:\/\/rutesentrerefugis.com\/index.php\/wp-json\/wp\/v2\/posts\/10454\/revisions\/21190"}],"wp:featuredmedia":[{"embeddable":true,"href":"https:\/\/rutesentrerefugis.com\/index.php\/wp-json\/wp\/v2\/media\/10543"}],"wp:attachment":[{"href":"https:\/\/rutesentrerefugis.com\/index.php\/wp-json\/wp\/v2\/media?parent=10454"}],"wp:term":[{"taxonomy":"category","embeddable":true,"href":"https:\/\/rutesentrerefugis.com\/index.php\/wp-json\/wp\/v2\/categories?post=10454"},{"taxonomy":"post_tag","embeddable":true,"href":"https:\/\/rutesentrerefugis.com\/index.php\/wp-json\/wp\/v2\/tags?post=10454"}],"curies":[{"name":"wp","href":"https:\/\/api.w.org\/{rel}","templated":true}]}}