{"id":11628,"date":"2019-10-10T08:24:00","date_gmt":"2019-10-10T08:24:00","guid":{"rendered":"https:\/\/nova.rutesentrerefugis.com\/?p=11628"},"modified":"2023-10-31T07:52:03","modified_gmt":"2023-10-31T07:52:03","slug":"descobrint-i-gaudint-les-illes-lofoten","status":"publish","type":"post","link":"https:\/\/rutesentrerefugis.com\/index.php\/2019\/10\/10\/descobrint-i-gaudint-les-illes-lofoten\/","title":{"rendered":"DESCOBRINT I GAUDINT LES ILLES LOFOTEN"},"content":{"rendered":"\t\t<div data-elementor-type=\"wp-post\" data-elementor-id=\"11628\" class=\"elementor elementor-11628\" data-elementor-post-type=\"post\">\n\t\t\t\t\t\t<section class=\"elementor-section elementor-top-section elementor-element elementor-element-95df28b elementor-section-full_width elementor-section-height-default elementor-section-height-default\" data-id=\"95df28b\" data-element_type=\"section\" data-e-type=\"section\" data-settings=\"{&quot;background_background&quot;:&quot;classic&quot;}\">\n\t\t\t\t\t\t<div class=\"elementor-container elementor-column-gap-default\">\n\t\t\t\t\t<div class=\"elementor-column elementor-col-100 elementor-top-column elementor-element elementor-element-84065af\" data-id=\"84065af\" data-element_type=\"column\" data-e-type=\"column\">\n\t\t\t<div class=\"elementor-widget-wrap elementor-element-populated\">\n\t\t\t\t\t\t<div class=\"elementor-element elementor-element-c09c1a0 elementor-widget elementor-widget-image\" data-id=\"c09c1a0\" data-element_type=\"widget\" data-e-type=\"widget\" data-widget_type=\"image.default\">\n\t\t\t\t<div class=\"elementor-widget-container\">\n\t\t\t\t\t\t\t\t\t\t\t\t\t\t\t<img fetchpriority=\"high\" decoding=\"async\" width=\"2000\" height=\"450\" src=\"https:\/\/rutesentrerefugis.com\/wp-content\/uploads\/2023\/03\/Lofoten-Cap-03.jpg\" class=\"attachment-full size-full wp-image-11632\" alt=\"\" srcset=\"https:\/\/rutesentrerefugis.com\/wp-content\/uploads\/2023\/03\/Lofoten-Cap-03.jpg 2000w, https:\/\/rutesentrerefugis.com\/wp-content\/uploads\/2023\/03\/Lofoten-Cap-03-300x68.jpg 300w, https:\/\/rutesentrerefugis.com\/wp-content\/uploads\/2023\/03\/Lofoten-Cap-03-1024x230.jpg 1024w, https:\/\/rutesentrerefugis.com\/wp-content\/uploads\/2023\/03\/Lofoten-Cap-03-768x173.jpg 768w, https:\/\/rutesentrerefugis.com\/wp-content\/uploads\/2023\/03\/Lofoten-Cap-03-1536x346.jpg 1536w\" sizes=\"(max-width: 2000px) 100vw, 2000px\" \/>\t\t\t\t\t\t\t\t\t\t\t\t\t\t\t<\/div>\n\t\t\t\t<\/div>\n\t\t\t\t\t<\/div>\n\t\t<\/div>\n\t\t\t\t\t<\/div>\n\t\t<\/section>\n\t\t\t\t<section class=\"elementor-section elementor-top-section elementor-element elementor-element-c2db30a elementor-section-full_width elementor-section-height-default elementor-section-height-default\" data-id=\"c2db30a\" data-element_type=\"section\" data-e-type=\"section\" data-settings=\"{&quot;background_background&quot;:&quot;classic&quot;}\">\n\t\t\t\t\t\t<div class=\"elementor-container elementor-column-gap-default\">\n\t\t\t\t\t<div class=\"elementor-column elementor-col-100 elementor-top-column elementor-element elementor-element-7702d15\" data-id=\"7702d15\" data-element_type=\"column\" data-e-type=\"column\">\n\t\t\t<div class=\"elementor-widget-wrap elementor-element-populated\">\n\t\t\t\t\t\t<div class=\"elementor-element elementor-element-d6bdcec elementor-widget elementor-widget-heading\" data-id=\"d6bdcec\" data-element_type=\"widget\" data-e-type=\"widget\" data-widget_type=\"heading.default\">\n\t\t\t\t<div class=\"elementor-widget-container\">\n\t\t\t\t\t<h2 class=\"elementor-heading-title elementor-size-default\">DESCOBRINT I GAUDINT LES ILLES LOFOTEN<\/h2>\t\t\t\t<\/div>\n\t\t\t\t<\/div>\n\t\t\t\t\t<\/div>\n\t\t<\/div>\n\t\t\t\t\t<\/div>\n\t\t<\/section>\n\t\t\t\t<section class=\"elementor-section elementor-top-section elementor-element elementor-element-d4773d0 elementor-section-full_width elementor-section-height-default elementor-section-height-default\" data-id=\"d4773d0\" data-element_type=\"section\" data-e-type=\"section\" data-settings=\"{&quot;background_background&quot;:&quot;classic&quot;}\">\n\t\t\t\t\t\t<div class=\"elementor-container elementor-column-gap-default\">\n\t\t\t\t\t<div class=\"elementor-column elementor-col-100 elementor-top-column elementor-element elementor-element-a8be536\" data-id=\"a8be536\" data-element_type=\"column\" data-e-type=\"column\">\n\t\t\t<div class=\"elementor-widget-wrap elementor-element-populated\">\n\t\t\t\t\t\t<div class=\"elementor-element elementor-element-7b5d92c elementor-widget-divider--view-line elementor-widget elementor-widget-divider\" data-id=\"7b5d92c\" data-element_type=\"widget\" data-e-type=\"widget\" data-widget_type=\"divider.default\">\n\t\t\t\t<div class=\"elementor-widget-container\">\n\t\t\t\t\t\t\t<div class=\"elementor-divider\">\n\t\t\t<span class=\"elementor-divider-separator\">\n\t\t\t\t\t\t<\/span>\n\t\t<\/div>\n\t\t\t\t\t\t<\/div>\n\t\t\t\t<\/div>\n\t\t\t\t\t<\/div>\n\t\t<\/div>\n\t\t\t\t\t<\/div>\n\t\t<\/section>\n\t\t\t\t<section class=\"elementor-section elementor-top-section elementor-element elementor-element-88c38ed elementor-section-full_width elementor-section-height-default elementor-section-height-default\" data-id=\"88c38ed\" data-element_type=\"section\" data-e-type=\"section\">\n\t\t\t\t\t\t<div class=\"elementor-container elementor-column-gap-default\">\n\t\t\t\t\t<div class=\"elementor-column elementor-col-100 elementor-top-column elementor-element elementor-element-27365fc\" data-id=\"27365fc\" data-element_type=\"column\" data-e-type=\"column\">\n\t\t\t<div class=\"elementor-widget-wrap elementor-element-populated\">\n\t\t\t\t\t\t<div class=\"elementor-element elementor-element-a8716c3 elementor-widget elementor-widget-spacer\" data-id=\"a8716c3\" data-element_type=\"widget\" data-e-type=\"widget\" data-widget_type=\"spacer.default\">\n\t\t\t\t<div class=\"elementor-widget-container\">\n\t\t\t\t\t\t\t<div class=\"elementor-spacer\">\n\t\t\t<div class=\"elementor-spacer-inner\"><\/div>\n\t\t<\/div>\n\t\t\t\t\t\t<\/div>\n\t\t\t\t<\/div>\n\t\t\t\t\t<\/div>\n\t\t<\/div>\n\t\t\t\t\t<\/div>\n\t\t<\/section>\n\t\t\t\t<section class=\"elementor-section elementor-top-section elementor-element elementor-element-22508a8 elementor-section-full_width elementor-section-height-default elementor-section-height-default\" data-id=\"22508a8\" data-element_type=\"section\" data-e-type=\"section\">\n\t\t\t\t\t\t<div class=\"elementor-container elementor-column-gap-default\">\n\t\t\t\t\t<div class=\"elementor-column elementor-col-100 elementor-top-column elementor-element elementor-element-4f16c46\" data-id=\"4f16c46\" data-element_type=\"column\" data-e-type=\"column\">\n\t\t\t<div class=\"elementor-widget-wrap elementor-element-populated\">\n\t\t\t\t\t\t<div class=\"elementor-element elementor-element-b239672 elementor-widget elementor-widget-heading\" data-id=\"b239672\" data-element_type=\"widget\" data-e-type=\"widget\" data-widget_type=\"heading.default\">\n\t\t\t\t<div class=\"elementor-widget-container\">\n\t\t\t\t\t<h2 class=\"elementor-heading-title elementor-size-default\">UNA PERLA NORUEGA<\/h2>\t\t\t\t<\/div>\n\t\t\t\t<\/div>\n\t\t\t\t\t<\/div>\n\t\t<\/div>\n\t\t\t\t\t<\/div>\n\t\t<\/section>\n\t\t\t\t<section class=\"elementor-section elementor-top-section elementor-element elementor-element-d03fa05 elementor-section-full_width elementor-section-height-default elementor-section-height-default\" data-id=\"d03fa05\" data-element_type=\"section\" data-e-type=\"section\">\n\t\t\t\t\t\t<div class=\"elementor-container elementor-column-gap-default\">\n\t\t\t\t\t<div class=\"elementor-column elementor-col-100 elementor-top-column elementor-element elementor-element-c4e6e7c\" data-id=\"c4e6e7c\" data-element_type=\"column\" data-e-type=\"column\">\n\t\t\t<div class=\"elementor-widget-wrap elementor-element-populated\">\n\t\t\t\t\t\t<div class=\"elementor-element elementor-element-c9b0e54 elementor-widget elementor-widget-text-editor\" data-id=\"c9b0e54\" data-element_type=\"widget\" data-e-type=\"widget\" data-widget_type=\"text-editor.default\">\n\t\t\t\t<div class=\"elementor-widget-container\">\n\t\t\t\t\t\t\t\t\t<h6>Cr\u00f2nica escrita per V\u00cdCTOR RIVEROLA I MORERA<\/br>\nFotografies de JEKATERINA NIKITINA i V\u00cdCTOR RIVEROLA I MORERA<\/h6>\t\t\t\t\t\t\t\t<\/div>\n\t\t\t\t<\/div>\n\t\t\t\t\t<\/div>\n\t\t<\/div>\n\t\t\t\t\t<\/div>\n\t\t<\/section>\n\t\t\t\t<section class=\"elementor-section elementor-top-section elementor-element elementor-element-df088b6 elementor-section-full_width elementor-section-height-default elementor-section-height-default\" data-id=\"df088b6\" data-element_type=\"section\" data-e-type=\"section\">\n\t\t\t\t\t\t<div class=\"elementor-container elementor-column-gap-default\">\n\t\t\t\t\t<div class=\"elementor-column elementor-col-100 elementor-top-column elementor-element elementor-element-298e764\" data-id=\"298e764\" data-element_type=\"column\" data-e-type=\"column\">\n\t\t\t<div class=\"elementor-widget-wrap elementor-element-populated\">\n\t\t\t\t\t\t<div class=\"elementor-element elementor-element-8e13bf9 elementor-widget elementor-widget-text-editor\" data-id=\"8e13bf9\" data-element_type=\"widget\" data-e-type=\"widget\" data-widget_type=\"text-editor.default\">\n\t\t\t\t<div class=\"elementor-widget-container\">\n\t\t\t\t\t\t\t\t\t<h5>Recordo amb molt afecte llegir a molt primerenca edat El far de la fi del m\u00f3n de Jules Verne i gaudir amb L&#8217;illa de la fi del m\u00f3n, un entretingut film de la factoria Disney molt en la l\u00ednia dels films d&#8217;aventures dels anys 70. Al costat amb Viatge al centre de la Terra, ambientada a Isl\u00e0ndia, van ser moltes les aventures localitzades en illes remotes les que van obrir la meva imaginaci\u00f3, inoculant en mi la passi\u00f3 pels viatges i les aventures per terres llunyanes. Fa m\u00e9s de vint anys, investigant i viatjant, vaig descobrir les illes Lofoten, parad\u00eds natural de sublim bellesa situat al nord de Noruega, per sobre del cercle polar \u00e0rtic. Amb el pas del temps, les Lofoten s&#8217;havien convertit en el decorat perfecte, a la font d&#8217;inspiraci\u00f3 d&#8217;autors, artistes i creadors d&#8217;hist\u00f2ries que veien en les imponents parets de roca que cauen cap al mar, l&#8217;escenari ideal per a situar les aventures d&#8217;heroics personatges.<\/h5>\t\t\t\t\t\t\t\t<\/div>\n\t\t\t\t<\/div>\n\t\t\t\t\t<\/div>\n\t\t<\/div>\n\t\t\t\t\t<\/div>\n\t\t<\/section>\n\t\t\t\t<section class=\"elementor-section elementor-top-section elementor-element elementor-element-1bbc012 elementor-section-full_width elementor-section-height-default elementor-section-height-default\" data-id=\"1bbc012\" data-element_type=\"section\" data-e-type=\"section\">\n\t\t\t\t\t\t<div class=\"elementor-container elementor-column-gap-default\">\n\t\t\t\t\t<div class=\"elementor-column elementor-col-50 elementor-top-column elementor-element elementor-element-e5a2933\" data-id=\"e5a2933\" data-element_type=\"column\" data-e-type=\"column\">\n\t\t\t<div class=\"elementor-widget-wrap elementor-element-populated\">\n\t\t\t\t\t\t<div class=\"elementor-element elementor-element-931572b elementor-widget elementor-widget-image\" data-id=\"931572b\" data-element_type=\"widget\" data-e-type=\"widget\" data-widget_type=\"image.default\">\n\t\t\t\t<div class=\"elementor-widget-container\">\n\t\t\t\t\t\t\t\t\t\t\t\t\t\t\t<img decoding=\"async\" width=\"1000\" height=\"750\" src=\"https:\/\/rutesentrerefugis.com\/wp-content\/uploads\/2023\/03\/Lofoten-01-NW.jpg\" class=\"attachment-full size-full wp-image-11638\" alt=\"\" srcset=\"https:\/\/rutesentrerefugis.com\/wp-content\/uploads\/2023\/03\/Lofoten-01-NW.jpg 1000w, https:\/\/rutesentrerefugis.com\/wp-content\/uploads\/2023\/03\/Lofoten-01-NW-300x225.jpg 300w, https:\/\/rutesentrerefugis.com\/wp-content\/uploads\/2023\/03\/Lofoten-01-NW-768x576.jpg 768w\" sizes=\"(max-width: 1000px) 100vw, 1000px\" \/>\t\t\t\t\t\t\t\t\t\t\t\t\t\t\t<\/div>\n\t\t\t\t<\/div>\n\t\t\t\t\t<\/div>\n\t\t<\/div>\n\t\t\t\t<div class=\"elementor-column elementor-col-50 elementor-top-column elementor-element elementor-element-245ea5a\" data-id=\"245ea5a\" data-element_type=\"column\" data-e-type=\"column\">\n\t\t\t<div class=\"elementor-widget-wrap elementor-element-populated\">\n\t\t\t\t\t\t<div class=\"elementor-element elementor-element-b86c7ea elementor-widget elementor-widget-text-editor\" data-id=\"b86c7ea\" data-element_type=\"widget\" data-e-type=\"widget\" data-widget_type=\"text-editor.default\">\n\t\t\t\t<div class=\"elementor-widget-container\">\n\t\t\t\t\t\t\t\t\t<h5>L\u2019inexorable pas del temps ens va situar en 2012, any en el qual vam realitzar un viatge en fam\u00edlia per mitja Europa arran de la gira promocional del nostre Manual de muntanyisme amb nens (Ediciones Desnivel) en col\u00b7laboraci\u00f3 amb InterRail, Rail Europe, Turisme de Noruega, Elipsos i Wideroe. Un dels moments m\u00e9s espectaculars d&#8217;aquest viatge va ser l&#8217;arribada al Cap Nord aut\u00e8ntic (no el tur\u00edstic amb la bola del m\u00f3n) a l&#8217;illa de Mageroya, conegut amb el nom geogr\u00e0fic de Knivskjellodden. Acampar en fam\u00edlia al Cap Nord va ser una experi\u00e8ncia \u00fanica, descobrint la m\u00e0gia del nord de Noruega, m\u00e9s enll\u00e0 de Tromso i Hammerfest. En Tromso record realitzar diversos trekkings molt panor\u00e0mics, gaudint dels espais infinits que ens regalen les terres situades dins del cercle polar \u00e0rtic. Tamb\u00e9 guardo un excel\u00b7lent record de Bergen, Finse, Stavanger, Rovaer i el Preikestolen, deixant la visita a les illes Lofoten per a una altra ocasi\u00f3.<\/h5>\t\t\t\t\t\t\t\t<\/div>\n\t\t\t\t<\/div>\n\t\t\t\t\t<\/div>\n\t\t<\/div>\n\t\t\t\t\t<\/div>\n\t\t<\/section>\n\t\t\t\t<section class=\"elementor-section elementor-top-section elementor-element elementor-element-c5b0a30 elementor-section-full_width elementor-section-height-default elementor-section-height-default\" data-id=\"c5b0a30\" data-element_type=\"section\" data-e-type=\"section\">\n\t\t\t\t\t\t<div class=\"elementor-container elementor-column-gap-default\">\n\t\t\t\t\t<div class=\"elementor-column elementor-col-100 elementor-top-column elementor-element elementor-element-1dab3a9\" data-id=\"1dab3a9\" data-element_type=\"column\" data-e-type=\"column\">\n\t\t\t<div class=\"elementor-widget-wrap elementor-element-populated\">\n\t\t\t\t\t\t<div class=\"elementor-element elementor-element-f3cfa73 elementor-widget elementor-widget-text-editor\" data-id=\"f3cfa73\" data-element_type=\"widget\" data-e-type=\"widget\" data-widget_type=\"text-editor.default\">\n\t\t\t\t<div class=\"elementor-widget-container\">\n\t\t\t\t\t\t\t\t\t<h5>Per fortuna, aquesta ocasi\u00f3 va arribar el passat mes d&#8217;agost, quan vam poder gaudir d&#8217;uns dies de calma i de pau en un dels arxip\u00e8lags m\u00e9s impressionants del planeta. Sempre he pensat que Noruega \u00e9s un pa\u00eds impressionant, ple de contrastos, colors, paisatges aclaparadors i grans espais naturals lliures de tota mena de contaminaci\u00f3. Noruega \u00e9s Noruega &#8230; i dins d&#8217;aquest univers natural \u00fanic, les Lofoten s&#8217;erigeixen com un ens a part, com si es tract\u00e9s d&#8217;una altra terra, aixecant davant dels nostres ulls at\u00f2nits amb una eleg\u00e0ncia sublim. Roques que sorgeixen de l&#8217;aigua esgarrapant el cel, cims borrascosos, llacs d&#8217;aigua dol\u00e7a situats a escassos metres de la mar, petits pobles i llogarets dibuixats amb colors vius, platges d&#8217;aig\u00fces turquesa, una fauna i una flora \u00faniques i diverses carreteres que ens traslladen a un altre m\u00f3n &#8230; Segles d&#8217;hist\u00f2ria forjats a for\u00e7a de vent i marea reben al visitant que decideix deixar-se seduir per la bellesa d&#8217;una natura en el seu estat m\u00e9s pur. Aix\u00ed s\u00f3n les Lofoten, un aut\u00e8ntic parad\u00eds per al muntanyenc, el viatger i l&#8217;esquiador.<\/br>\n<\/br>\nPer descobrir les illes Lofoten, gaudint dels seus paisatges, gents, pobles, ports pesquers i cims, recomanem invertir com a m\u00ednim una setmana (dues setmanes seria l&#8217;ideal per viatjar amb calma), prenent com a punt de partida el pr\u00e0ctic aeroport d&#8217;Evenes (Narvik -Harstad), situat a una hora escassa de Narvik. A l&#8217;aeroport podem llogar un cotxe o agafar l&#8217;autob\u00fas que baixa fins Reine (ull perqu\u00e8 hi ha pocs al dia). Si lloguem un cotxe, prendrem la m\u00edtica carretera E-10 que creua en horitzontal al nord de Su\u00e8cia per endinsar a Noruega arribant fins a les Lofoten. En deixar enrere l&#8217;aeroport, l&#8217;E-10 s&#8217;endinsa en un preci\u00f3s bosc cap a l&#8217;oest, arribant a un punt al cap d&#8217;una mitja hora en el que travessar\u00e0 un pont de mida considerable, on bufen vents forts (est\u00e0 ben senyalitzat). Gaireb\u00e9 sota el pont, trobarem una petita carretera (825) que en cinc minuts ens conduir\u00e0 fins al c\u00e0mping de Tjeldsundbrua, realment preci\u00f3s, amb una platja que convida a plantar la tenda o instal\u00b7lar l&#8217;autocaravana molt a prop de l&#8217;aigua. Al c\u00e0mping disposen de contenidors convertits en c\u00f2modes habitacions per a quatre persones, banys, dutxes i una bona cuina. El Tjeldsundbrua c\u00e0mping \u00e9s la base ideal per pernoctar la primera nit a la zona si el nostre vol arriba a la tarda-nit, o per passar l&#8217;\u00faltima nit de viatge, abans de marxar cap a Oslo.<\/h5>\t\t\t\t\t\t\t\t<\/div>\n\t\t\t\t<\/div>\n\t\t\t\t\t<\/div>\n\t\t<\/div>\n\t\t\t\t\t<\/div>\n\t\t<\/section>\n\t\t\t\t<section class=\"elementor-section elementor-top-section elementor-element elementor-element-28ee574 elementor-section-full_width elementor-section-height-default elementor-section-height-default\" data-id=\"28ee574\" data-element_type=\"section\" data-e-type=\"section\">\n\t\t\t\t\t\t<div class=\"elementor-container elementor-column-gap-default\">\n\t\t\t\t\t<div class=\"elementor-column elementor-col-50 elementor-top-column elementor-element elementor-element-916a7bb\" data-id=\"916a7bb\" data-element_type=\"column\" data-e-type=\"column\">\n\t\t\t<div class=\"elementor-widget-wrap elementor-element-populated\">\n\t\t\t\t\t\t<div class=\"elementor-element elementor-element-3033f64 elementor-widget elementor-widget-image\" data-id=\"3033f64\" data-element_type=\"widget\" data-e-type=\"widget\" data-widget_type=\"image.default\">\n\t\t\t\t<div class=\"elementor-widget-container\">\n\t\t\t\t\t\t\t\t\t\t\t\t\t\t\t<img decoding=\"async\" width=\"1000\" height=\"750\" src=\"https:\/\/rutesentrerefugis.com\/wp-content\/uploads\/2023\/03\/Lofoten-02-NW.jpg\" class=\"attachment-full size-full wp-image-11639\" alt=\"\" srcset=\"https:\/\/rutesentrerefugis.com\/wp-content\/uploads\/2023\/03\/Lofoten-02-NW.jpg 1000w, https:\/\/rutesentrerefugis.com\/wp-content\/uploads\/2023\/03\/Lofoten-02-NW-300x225.jpg 300w, https:\/\/rutesentrerefugis.com\/wp-content\/uploads\/2023\/03\/Lofoten-02-NW-768x576.jpg 768w\" sizes=\"(max-width: 1000px) 100vw, 1000px\" \/>\t\t\t\t\t\t\t\t\t\t\t\t\t\t\t<\/div>\n\t\t\t\t<\/div>\n\t\t\t\t\t<\/div>\n\t\t<\/div>\n\t\t\t\t<div class=\"elementor-column elementor-col-50 elementor-top-column elementor-element elementor-element-92d0810\" data-id=\"92d0810\" data-element_type=\"column\" data-e-type=\"column\">\n\t\t\t<div class=\"elementor-widget-wrap elementor-element-populated\">\n\t\t\t\t\t\t<div class=\"elementor-element elementor-element-4003879 elementor-widget elementor-widget-image\" data-id=\"4003879\" data-element_type=\"widget\" data-e-type=\"widget\" data-widget_type=\"image.default\">\n\t\t\t\t<div class=\"elementor-widget-container\">\n\t\t\t\t\t\t\t\t\t\t\t\t\t\t\t<img loading=\"lazy\" decoding=\"async\" width=\"1000\" height=\"750\" src=\"https:\/\/rutesentrerefugis.com\/wp-content\/uploads\/2023\/03\/Lofoten-03-NW.jpg\" class=\"attachment-full size-full wp-image-11640\" alt=\"\" srcset=\"https:\/\/rutesentrerefugis.com\/wp-content\/uploads\/2023\/03\/Lofoten-03-NW.jpg 1000w, https:\/\/rutesentrerefugis.com\/wp-content\/uploads\/2023\/03\/Lofoten-03-NW-300x225.jpg 300w, https:\/\/rutesentrerefugis.com\/wp-content\/uploads\/2023\/03\/Lofoten-03-NW-768x576.jpg 768w\" sizes=\"(max-width: 1000px) 100vw, 1000px\" \/>\t\t\t\t\t\t\t\t\t\t\t\t\t\t\t<\/div>\n\t\t\t\t<\/div>\n\t\t\t\t\t<\/div>\n\t\t<\/div>\n\t\t\t\t\t<\/div>\n\t\t<\/section>\n\t\t\t\t<section class=\"elementor-section elementor-top-section elementor-element elementor-element-14c34de elementor-section-full_width elementor-section-height-default elementor-section-height-default\" data-id=\"14c34de\" data-element_type=\"section\" data-e-type=\"section\">\n\t\t\t\t\t\t<div class=\"elementor-container elementor-column-gap-default\">\n\t\t\t\t\t<div class=\"elementor-column elementor-col-100 elementor-top-column elementor-element elementor-element-5db3393\" data-id=\"5db3393\" data-element_type=\"column\" data-e-type=\"column\">\n\t\t\t<div class=\"elementor-widget-wrap elementor-element-populated\">\n\t\t\t\t\t\t<div class=\"elementor-element elementor-element-0d2eb3e elementor-widget elementor-widget-text-editor\" data-id=\"0d2eb3e\" data-element_type=\"widget\" data-e-type=\"widget\" data-widget_type=\"text-editor.default\">\n\t\t\t\t<div class=\"elementor-widget-container\">\n\t\t\t\t\t\t\t\t\t<h4><font color=\"#000000\"><u>BAIXANT PER LA E-10<\/u><\/font><\/h4>\n<h5>En creuar el pont podem desviar-nos a la nostra dreta i pujar en menys de vint minuts per la carretera 83 fins Harstad, on s&#8217;aixeca l&#8217;esgl\u00e9sia medieval situada mes al nord d&#8217;Europa. Al costat d&#8217;ella, un petit cementiri, preci\u00f3s al costat del mar, ens recorda que a la zona va existir durant la Segona Guerra Mundial un camp de treballs for\u00e7ats per a presoners sovi\u00e8tics. Quan els nazis van ocupar Noruega, es van encarregar de construir diversos camps de treball per a presoners en zones remotes, on les condicions de vida eren realment inhumanes, sobretot a l&#8217;hivern. Noruega va jugar un paper molt important al llarg de la IIGM, sent la resist\u00e8ncia noruega una de les m\u00e9s heroiques de tota la contesa, juntament amb la francesa.<\/br>\n<\/br>\nLa visita a Harstad ens ajudar\u00e0 a situar-nos en el temps i l&#8217;espai, ja que tota la zona es va convertir en un camp de batalla terrible quan els aliats van alliberar la costa de Noruega, arribant fins a Narvik. Com a detall curi\u00f3s, comentar\u00e9 que una part de les tropes que van lluitar en Narvik contra els nazis eren espanyoles, formades per republicans exiliats. El paisatge que envolta la petita esgl\u00e9sia medieval i el seu cementiri ens convidar\u00e0 a seure davant del mar, practicant l&#8217;oblidat art de la contemplaci\u00f3.<\/h5>\t\t\t\t\t\t\t\t<\/div>\n\t\t\t\t<\/div>\n\t\t\t\t\t<\/div>\n\t\t<\/div>\n\t\t\t\t\t<\/div>\n\t\t<\/section>\n\t\t\t\t<section class=\"elementor-section elementor-top-section elementor-element elementor-element-aca1aa4 elementor-section-full_width elementor-section-height-default elementor-section-height-default\" data-id=\"aca1aa4\" data-element_type=\"section\" data-e-type=\"section\">\n\t\t\t\t\t\t<div class=\"elementor-container elementor-column-gap-default\">\n\t\t\t\t\t<div class=\"elementor-column elementor-col-50 elementor-top-column elementor-element elementor-element-f553ac9\" data-id=\"f553ac9\" data-element_type=\"column\" data-e-type=\"column\">\n\t\t\t<div class=\"elementor-widget-wrap elementor-element-populated\">\n\t\t\t\t\t\t<div class=\"elementor-element elementor-element-49c6b24 elementor-widget elementor-widget-image\" data-id=\"49c6b24\" data-element_type=\"widget\" data-e-type=\"widget\" data-widget_type=\"image.default\">\n\t\t\t\t<div class=\"elementor-widget-container\">\n\t\t\t\t\t\t\t\t\t\t\t\t\t\t\t<img loading=\"lazy\" decoding=\"async\" width=\"1000\" height=\"750\" src=\"https:\/\/rutesentrerefugis.com\/wp-content\/uploads\/2023\/03\/Lofoten-04-NW.jpg\" class=\"attachment-full size-full wp-image-11641\" alt=\"\" srcset=\"https:\/\/rutesentrerefugis.com\/wp-content\/uploads\/2023\/03\/Lofoten-04-NW.jpg 1000w, https:\/\/rutesentrerefugis.com\/wp-content\/uploads\/2023\/03\/Lofoten-04-NW-300x225.jpg 300w, https:\/\/rutesentrerefugis.com\/wp-content\/uploads\/2023\/03\/Lofoten-04-NW-768x576.jpg 768w\" sizes=\"(max-width: 1000px) 100vw, 1000px\" \/>\t\t\t\t\t\t\t\t\t\t\t\t\t\t\t<\/div>\n\t\t\t\t<\/div>\n\t\t\t\t\t<\/div>\n\t\t<\/div>\n\t\t\t\t<div class=\"elementor-column elementor-col-50 elementor-top-column elementor-element elementor-element-7719393\" data-id=\"7719393\" data-element_type=\"column\" data-e-type=\"column\">\n\t\t\t<div class=\"elementor-widget-wrap elementor-element-populated\">\n\t\t\t\t\t\t<div class=\"elementor-element elementor-element-ae06113 elementor-widget elementor-widget-image\" data-id=\"ae06113\" data-element_type=\"widget\" data-e-type=\"widget\" data-widget_type=\"image.default\">\n\t\t\t\t<div class=\"elementor-widget-container\">\n\t\t\t\t\t\t\t\t\t\t\t\t\t\t\t<img loading=\"lazy\" decoding=\"async\" width=\"1000\" height=\"750\" src=\"https:\/\/rutesentrerefugis.com\/wp-content\/uploads\/2023\/03\/Lofoten-05-NW.jpg\" class=\"attachment-full size-full wp-image-11642\" alt=\"\" srcset=\"https:\/\/rutesentrerefugis.com\/wp-content\/uploads\/2023\/03\/Lofoten-05-NW.jpg 1000w, https:\/\/rutesentrerefugis.com\/wp-content\/uploads\/2023\/03\/Lofoten-05-NW-300x225.jpg 300w, https:\/\/rutesentrerefugis.com\/wp-content\/uploads\/2023\/03\/Lofoten-05-NW-768x576.jpg 768w\" sizes=\"(max-width: 1000px) 100vw, 1000px\" \/>\t\t\t\t\t\t\t\t\t\t\t\t\t\t\t<\/div>\n\t\t\t\t<\/div>\n\t\t\t\t\t<\/div>\n\t\t<\/div>\n\t\t\t\t\t<\/div>\n\t\t<\/section>\n\t\t\t\t<section class=\"elementor-section elementor-top-section elementor-element elementor-element-39a2ee4 elementor-section-full_width elementor-section-height-default elementor-section-height-default\" data-id=\"39a2ee4\" data-element_type=\"section\" data-e-type=\"section\">\n\t\t\t\t\t\t<div class=\"elementor-container elementor-column-gap-default\">\n\t\t\t\t\t<div class=\"elementor-column elementor-col-50 elementor-top-column elementor-element elementor-element-163ddc8\" data-id=\"163ddc8\" data-element_type=\"column\" data-e-type=\"column\">\n\t\t\t<div class=\"elementor-widget-wrap elementor-element-populated\">\n\t\t\t\t\t\t<div class=\"elementor-element elementor-element-7bee38b elementor-widget elementor-widget-text-editor\" data-id=\"7bee38b\" data-element_type=\"widget\" data-e-type=\"widget\" data-widget_type=\"text-editor.default\">\n\t\t\t\t<div class=\"elementor-widget-container\">\n\t\t\t\t\t\t\t\t\t<h5>Un cop tornem al punt de partida inicial, seguirem la carretera E-10 cap al S-SO, baixant cap al cor de les Lofoten. L&#8217;E-10 recorre la costa est del Tjeldsundet, l&#8217;estret que parteix del fiord V\u00e2gsfjorden, connectant m\u00e9s cap al sud amb l\u2019Ofotrjorden, el bra\u00e7 de mar que arriba fins a Narvik. \u00c9s una carretera de doble sentit perfectament asfaltada, prou ampla perqu\u00e8 passin dos vehicles, per\u00f2, en alguns punts s&#8217;estreny (en alguns ponts hi ha sem\u00e0fors per regular el pas). Els t\u00fanels estan perfectament il\u00b7luminats i senyalitzats, i en general, la conducci\u00f3 sol ser tranquil\u00b7la. Molt de compte amb els excessos de velocitat, ja que les multes a Noruega s\u00f3n potents. Baixant per la E-10 arribarem al desviament de Lodinguen, simp\u00e0tica poblaci\u00f3 que ens obre les portes de les illes Lofoten endinsant-nos en un paisatge preci\u00f3s, esquitxat per bra\u00e7os de mar i petits llacs. Arribarem a un punt en qu\u00e8 l&#8217;E-10 es bifurca pujant per una banda cap al N (variant nord), passant per Sortland fins a arribar a Melbu, on connecta amb Fiskebol i la variant sud de l&#8217;E-10 a trav\u00e9s d&#8217;un ferri. Nosaltres seguirem la E-10 per la variant S, desviant-nos cap a l&#8217;esquerra (O), passant pel costat del Parc Nacional d&#8217;M\u00f8ysalen.<\/h5>\t\t\t\t\t\t\t\t<\/div>\n\t\t\t\t<\/div>\n\t\t\t\t\t<\/div>\n\t\t<\/div>\n\t\t\t\t<div class=\"elementor-column elementor-col-50 elementor-top-column elementor-element elementor-element-508f688\" data-id=\"508f688\" data-element_type=\"column\" data-e-type=\"column\">\n\t\t\t<div class=\"elementor-widget-wrap elementor-element-populated\">\n\t\t\t\t\t\t<div class=\"elementor-element elementor-element-69077b6 elementor-widget elementor-widget-image\" data-id=\"69077b6\" data-element_type=\"widget\" data-e-type=\"widget\" data-widget_type=\"image.default\">\n\t\t\t\t<div class=\"elementor-widget-container\">\n\t\t\t\t\t\t\t\t\t\t\t\t\t\t\t<img loading=\"lazy\" decoding=\"async\" width=\"1000\" height=\"750\" src=\"https:\/\/rutesentrerefugis.com\/wp-content\/uploads\/2023\/03\/Lofoten-06-NW.jpg\" class=\"attachment-full size-full wp-image-11643\" alt=\"\" srcset=\"https:\/\/rutesentrerefugis.com\/wp-content\/uploads\/2023\/03\/Lofoten-06-NW.jpg 1000w, https:\/\/rutesentrerefugis.com\/wp-content\/uploads\/2023\/03\/Lofoten-06-NW-300x225.jpg 300w, https:\/\/rutesentrerefugis.com\/wp-content\/uploads\/2023\/03\/Lofoten-06-NW-768x576.jpg 768w\" sizes=\"(max-width: 1000px) 100vw, 1000px\" \/>\t\t\t\t\t\t\t\t\t\t\t\t\t\t\t<\/div>\n\t\t\t\t<\/div>\n\t\t\t\t\t<\/div>\n\t\t<\/div>\n\t\t\t\t\t<\/div>\n\t\t<\/section>\n\t\t\t\t<section class=\"elementor-section elementor-top-section elementor-element elementor-element-d7a90e4 elementor-section-full_width elementor-section-height-default elementor-section-height-default\" data-id=\"d7a90e4\" data-element_type=\"section\" data-e-type=\"section\">\n\t\t\t\t\t\t<div class=\"elementor-container elementor-column-gap-default\">\n\t\t\t\t\t<div class=\"elementor-column elementor-col-100 elementor-top-column elementor-element elementor-element-153c029\" data-id=\"153c029\" data-element_type=\"column\" data-e-type=\"column\">\n\t\t\t<div class=\"elementor-widget-wrap elementor-element-populated\">\n\t\t\t\t\t\t<div class=\"elementor-element elementor-element-d152be4 elementor-widget elementor-widget-text-editor\" data-id=\"d152be4\" data-element_type=\"widget\" data-e-type=\"widget\" data-widget_type=\"text-editor.default\">\n\t\t\t\t<div class=\"elementor-widget-container\">\n\t\t\t\t\t\t\t\t\t<h4><span style=\"color: #000000;\"><u>LES LOFOTEN IN FULL-EFFECT<\/u><\/span><\/h4>\n<h5>A poc a poc ens anem adonant de la majestuositat paisatg\u00edstica que ens envolta. La magnitud, els grans espais &#8230; la m\u00e0gia del nord de Noruega es mostra davant nostre en tota la seva esplendor. A poc a poc, la carretera ens va descobrint petites platges, bra\u00e7os d&#8217;aigua que ens envolten i que creuem gr\u00e0cies als ponts i els t\u00fanels que l&#8217;\u00e9sser hum\u00e0 ha constru\u00eft. Les illes Lofoten han creat al llarg dels segles un immens trencaclosques on l&#8217;aigua i la roca creen formes i paisatges \u00fanics. Estem gaudint d&#8217;una obra mestra de la natura, amb l&#8217;afegit de comptar amb un microclima molt especial &#8230; En poques hores pot ploure a bots i barrals, sortir el sol, pujar la temperatura fins als 22 graus per baixar fins als 14 en pocs minuts i tornar a ploure, fins i tot a nevar si estem al juny o setembre. Em recorda a Irlanda, per\u00f2 al b\u00e8stia. Roques que sorgeixen de l&#8217;aigua esgarrapant el cel, cims borrascosos, llacs d&#8217;aigua dol\u00e7a situats a escassos metres de la mar, petits pobles i llogarets dibuixats amb colors vius, platges d&#8217;aig\u00fces turquesa, una fauna i una flora \u00faniques i diverses carreteres que ens traslladen a un altre m\u00f3n.<\/br>\n<\/br>\nCreuarem un t\u00fanel per sota de la mar deixant de banda Fiskebol i seguirem baixant passant per Sildpollnes i Svolvaer, poblaci\u00f3 important amb aeroport, la visita vam deixar per al nostre retorn de pujada cap a Narvik. Poc abans d&#8217;arribar a Lyngvaer deixarem a la nostra esquerra el desviament a Henningsvaer, una poblaci\u00f3 de postal on podem parar unes hores. Nosaltres ens vam quedar un parell de dies a la zona en pujar cap a Narvik, baixant directament fins al final de la carretera E-10, m\u00e9s enll\u00e0 de Reine. Si seguim baixant, passarem per Lyngvaer, Alstad i Borg per arribar a Leknes, on tamb\u00e9 trobem un petit aeroport amb vols de Wideroe. Des de Leknes baixarem fins a la platja de Ramberg, on podem pujar en un parell d&#8217;hores a la preci\u00f3s tur\u00f3 que domina la platja, des d&#8217;on s&#8217;obt\u00e9 una panor\u00e0mica de gran bellesa. En Ramberg podem acampar o llogar una de les cabanes davant del mar, sent un enclavament molt interessant en l\u2019\u00e0mbit log\u00edstic.<\/br>\n<\/br>\nEn arribar al desviament de Fredvang, podem entrar al poble a trav\u00e9s de diversos ponts o seguir baixant cap a Reine. Des de Fredvang parteixen diversos trekkings assequibles molt panor\u00e0mics, un d&#8217;ells condueix fins a la buc\u00f2lica platja de Kvalvika, ideal per acampar i gaudir de la posta de sol. Fredvang \u00e9s un bon punt per instal\u00b7lar un camp base de diversos dies, gaudint d&#8217;un entorn natural de gran bellesa.<\/h5>\t\t\t\t\t\t\t\t<\/div>\n\t\t\t\t<\/div>\n\t\t\t\t\t<\/div>\n\t\t<\/div>\n\t\t\t\t\t<\/div>\n\t\t<\/section>\n\t\t\t\t<section class=\"elementor-section elementor-top-section elementor-element elementor-element-dff0137 elementor-section-full_width elementor-section-height-default elementor-section-height-default\" data-id=\"dff0137\" data-element_type=\"section\" data-e-type=\"section\">\n\t\t\t\t\t\t<div class=\"elementor-container elementor-column-gap-default\">\n\t\t\t\t\t<div class=\"elementor-column elementor-col-33 elementor-top-column elementor-element elementor-element-71a7c5b\" data-id=\"71a7c5b\" data-element_type=\"column\" data-e-type=\"column\">\n\t\t\t<div class=\"elementor-widget-wrap elementor-element-populated\">\n\t\t\t\t\t\t<div class=\"elementor-element elementor-element-3236ea3 elementor-widget elementor-widget-image\" data-id=\"3236ea3\" data-element_type=\"widget\" data-e-type=\"widget\" data-widget_type=\"image.default\">\n\t\t\t\t<div class=\"elementor-widget-container\">\n\t\t\t\t\t\t\t\t\t\t\t\t\t\t\t<img loading=\"lazy\" decoding=\"async\" width=\"1000\" height=\"750\" src=\"https:\/\/rutesentrerefugis.com\/wp-content\/uploads\/2023\/03\/Lofoten-07-NW.jpg\" class=\"attachment-full size-full wp-image-11644\" alt=\"\" srcset=\"https:\/\/rutesentrerefugis.com\/wp-content\/uploads\/2023\/03\/Lofoten-07-NW.jpg 1000w, https:\/\/rutesentrerefugis.com\/wp-content\/uploads\/2023\/03\/Lofoten-07-NW-300x225.jpg 300w, https:\/\/rutesentrerefugis.com\/wp-content\/uploads\/2023\/03\/Lofoten-07-NW-768x576.jpg 768w\" sizes=\"(max-width: 1000px) 100vw, 1000px\" \/>\t\t\t\t\t\t\t\t\t\t\t\t\t\t\t<\/div>\n\t\t\t\t<\/div>\n\t\t\t\t\t<\/div>\n\t\t<\/div>\n\t\t\t\t<div class=\"elementor-column elementor-col-33 elementor-top-column elementor-element elementor-element-463e473\" data-id=\"463e473\" data-element_type=\"column\" data-e-type=\"column\">\n\t\t\t<div class=\"elementor-widget-wrap elementor-element-populated\">\n\t\t\t\t\t\t<div class=\"elementor-element elementor-element-5fc9ef9 elementor-widget elementor-widget-image\" data-id=\"5fc9ef9\" data-element_type=\"widget\" data-e-type=\"widget\" data-widget_type=\"image.default\">\n\t\t\t\t<div class=\"elementor-widget-container\">\n\t\t\t\t\t\t\t\t\t\t\t\t\t\t\t<img loading=\"lazy\" decoding=\"async\" width=\"1000\" height=\"750\" src=\"https:\/\/rutesentrerefugis.com\/wp-content\/uploads\/2023\/03\/Lofoten-08-NW.jpg\" class=\"attachment-full size-full wp-image-11645\" alt=\"\" srcset=\"https:\/\/rutesentrerefugis.com\/wp-content\/uploads\/2023\/03\/Lofoten-08-NW.jpg 1000w, https:\/\/rutesentrerefugis.com\/wp-content\/uploads\/2023\/03\/Lofoten-08-NW-300x225.jpg 300w, https:\/\/rutesentrerefugis.com\/wp-content\/uploads\/2023\/03\/Lofoten-08-NW-768x576.jpg 768w\" sizes=\"(max-width: 1000px) 100vw, 1000px\" \/>\t\t\t\t\t\t\t\t\t\t\t\t\t\t\t<\/div>\n\t\t\t\t<\/div>\n\t\t\t\t\t<\/div>\n\t\t<\/div>\n\t\t\t\t<div class=\"elementor-column elementor-col-33 elementor-top-column elementor-element elementor-element-c7e98d5\" data-id=\"c7e98d5\" data-element_type=\"column\" data-e-type=\"column\">\n\t\t\t<div class=\"elementor-widget-wrap elementor-element-populated\">\n\t\t\t\t\t\t<div class=\"elementor-element elementor-element-89adb6a elementor-widget elementor-widget-image\" data-id=\"89adb6a\" data-element_type=\"widget\" data-e-type=\"widget\" data-widget_type=\"image.default\">\n\t\t\t\t<div class=\"elementor-widget-container\">\n\t\t\t\t\t\t\t\t\t\t\t\t\t\t\t<img loading=\"lazy\" decoding=\"async\" width=\"1000\" height=\"750\" src=\"https:\/\/rutesentrerefugis.com\/wp-content\/uploads\/2023\/03\/Lofoten-09-NW.jpg\" class=\"attachment-full size-full wp-image-11646\" alt=\"\" srcset=\"https:\/\/rutesentrerefugis.com\/wp-content\/uploads\/2023\/03\/Lofoten-09-NW.jpg 1000w, https:\/\/rutesentrerefugis.com\/wp-content\/uploads\/2023\/03\/Lofoten-09-NW-300x225.jpg 300w, https:\/\/rutesentrerefugis.com\/wp-content\/uploads\/2023\/03\/Lofoten-09-NW-768x576.jpg 768w\" sizes=\"(max-width: 1000px) 100vw, 1000px\" \/>\t\t\t\t\t\t\t\t\t\t\t\t\t\t\t<\/div>\n\t\t\t\t<\/div>\n\t\t\t\t\t<\/div>\n\t\t<\/div>\n\t\t\t\t\t<\/div>\n\t\t<\/section>\n\t\t\t\t<section class=\"elementor-section elementor-top-section elementor-element elementor-element-f8e37d7 elementor-section-full_width elementor-section-height-default elementor-section-height-default\" data-id=\"f8e37d7\" data-element_type=\"section\" data-e-type=\"section\">\n\t\t\t\t\t\t<div class=\"elementor-container elementor-column-gap-default\">\n\t\t\t\t\t<div class=\"elementor-column elementor-col-100 elementor-top-column elementor-element elementor-element-c36f3cb\" data-id=\"c36f3cb\" data-element_type=\"column\" data-e-type=\"column\">\n\t\t\t<div class=\"elementor-widget-wrap elementor-element-populated\">\n\t\t\t\t\t\t<div class=\"elementor-element elementor-element-6e5a5a9 elementor-widget elementor-widget-text-editor\" data-id=\"6e5a5a9\" data-element_type=\"widget\" data-e-type=\"widget\" data-widget_type=\"text-editor.default\">\n\t\t\t\t<div class=\"elementor-widget-container\">\n\t\t\t\t\t\t\t\t\t<h5>De Fredvang baixem fins Hamnoy i Reine i aqui ladies and gentlemen, l&#8217;espectacle est\u00e0 garantit. El dit es va cap a la c\u00e0mera, possessi\u00f3 total, les targetes de mem\u00f2ria s&#8217;esgoten &#8230; perill no tocar. Cada deu minuts estarem parant en algun dels p\u00e0rquings panor\u00e0mics que trobarem al llarg de tot el recorregut, endinsant-nos en la zona m\u00e9s fotografiada de totes les Lofoten. Les roques cauen a plom cap al mar, creant un espectacle natural total. Les casetes de colors, l&#8217;aigua transparent, els vaixells, la gent, l&#8217;olor que ens regala l&#8217;herba verda despr\u00e9s de la pluja.<\/br>\n<\/br>\nMolt a prop de Reine, direcci\u00f3 sud, trobem la petita vila de Moskenesv\u00e2gen, amb un c\u00e0mping estrat\u00e8gicament situat on pernoctem una nit de pluja intensa (la nostra botiga Vaude va aguantar com sempre, estoicament). Sense cap dubte va ser el camp base ideal per a realitzar diversos trekkings per la zona. La cuina \u00e9s una cosa petita, per\u00f2 si anem a finals d&#8217;agost o a finals de juny, no sol estar tan plena. \u00c9s important recordar que estem a la zona m\u00e9s coneguda o \u00abfamosa\u00bb de les illes Lofoten, i on hi ha postals, hi ha turistes. El c\u00e0mping t\u00e9 bones dutxes, serveis nets i un petit bar.<\/br>\n<\/br>\nTamb\u00e9 resulta perfecte per a relaxar-se en fam\u00edlia o en parella (o en solitari) i descansar durant uns dies, gaudint del mar i la muntanya amb tranquil\u00b7litat. La visi\u00f3 panor\u00e0mica de la platja i els enormes penyals que cauen a plom sobre nosaltres, \u00e9s impressionant.<\/br>\n<\/br>\nEn Reine trobem una de les excursions m\u00e9s espectaculars de les illes Lofoten, antany un trekking de certa dificultat (degut en gran part a la verticalitat de la senda i a la quantitat de fang rellisc\u00f3s que pod\u00edem trobar pujant). Actualment, i despr\u00e9s de diversos accidents, les autoritats locals han arreglat el sender de pujada, construint graons de pedra a les parts m\u00e9s complicades (gran part del recorregut). L&#8217;inici de la pujada s&#8217;ha mogut uns metres a l&#8217;esquerra (aquesta ben senyalitzada) deixant de banda els primers metres de l&#8217;antic sender.<\/h5>\t\t\t\t\t\t\t\t<\/div>\n\t\t\t\t<\/div>\n\t\t\t\t\t<\/div>\n\t\t<\/div>\n\t\t\t\t\t<\/div>\n\t\t<\/section>\n\t\t\t\t<section class=\"elementor-section elementor-top-section elementor-element elementor-element-cd43044 elementor-section-full_width elementor-section-height-default elementor-section-height-default\" data-id=\"cd43044\" data-element_type=\"section\" data-e-type=\"section\">\n\t\t\t\t\t\t<div class=\"elementor-container elementor-column-gap-default\">\n\t\t\t\t\t<div class=\"elementor-column elementor-col-50 elementor-top-column elementor-element elementor-element-f82cdd2\" data-id=\"f82cdd2\" data-element_type=\"column\" data-e-type=\"column\">\n\t\t\t<div class=\"elementor-widget-wrap elementor-element-populated\">\n\t\t\t\t\t\t<div class=\"elementor-element elementor-element-96f05d0 elementor-widget elementor-widget-image\" data-id=\"96f05d0\" data-element_type=\"widget\" data-e-type=\"widget\" data-widget_type=\"image.default\">\n\t\t\t\t<div class=\"elementor-widget-container\">\n\t\t\t\t\t\t\t\t\t\t\t\t\t\t\t<img loading=\"lazy\" decoding=\"async\" width=\"1000\" height=\"750\" src=\"https:\/\/rutesentrerefugis.com\/wp-content\/uploads\/2023\/03\/Lofoten-10-NW.jpg\" class=\"attachment-full size-full wp-image-11647\" alt=\"\" srcset=\"https:\/\/rutesentrerefugis.com\/wp-content\/uploads\/2023\/03\/Lofoten-10-NW.jpg 1000w, https:\/\/rutesentrerefugis.com\/wp-content\/uploads\/2023\/03\/Lofoten-10-NW-300x225.jpg 300w, https:\/\/rutesentrerefugis.com\/wp-content\/uploads\/2023\/03\/Lofoten-10-NW-768x576.jpg 768w\" sizes=\"(max-width: 1000px) 100vw, 1000px\" \/>\t\t\t\t\t\t\t\t\t\t\t\t\t\t\t<\/div>\n\t\t\t\t<\/div>\n\t\t\t\t\t<\/div>\n\t\t<\/div>\n\t\t\t\t<div class=\"elementor-column elementor-col-50 elementor-top-column elementor-element elementor-element-9de470f\" data-id=\"9de470f\" data-element_type=\"column\" data-e-type=\"column\">\n\t\t\t<div class=\"elementor-widget-wrap elementor-element-populated\">\n\t\t\t\t\t\t<div class=\"elementor-element elementor-element-de435da elementor-widget elementor-widget-image\" data-id=\"de435da\" data-element_type=\"widget\" data-e-type=\"widget\" data-widget_type=\"image.default\">\n\t\t\t\t<div class=\"elementor-widget-container\">\n\t\t\t\t\t\t\t\t\t\t\t\t\t\t\t<img loading=\"lazy\" decoding=\"async\" width=\"1000\" height=\"750\" src=\"https:\/\/rutesentrerefugis.com\/wp-content\/uploads\/2023\/03\/Lofoten-11-NW.jpg\" class=\"attachment-full size-full wp-image-11648\" alt=\"\" srcset=\"https:\/\/rutesentrerefugis.com\/wp-content\/uploads\/2023\/03\/Lofoten-11-NW.jpg 1000w, https:\/\/rutesentrerefugis.com\/wp-content\/uploads\/2023\/03\/Lofoten-11-NW-300x225.jpg 300w, https:\/\/rutesentrerefugis.com\/wp-content\/uploads\/2023\/03\/Lofoten-11-NW-768x576.jpg 768w\" sizes=\"(max-width: 1000px) 100vw, 1000px\" \/>\t\t\t\t\t\t\t\t\t\t\t\t\t\t\t<\/div>\n\t\t\t\t<\/div>\n\t\t\t\t\t<\/div>\n\t\t<\/div>\n\t\t\t\t\t<\/div>\n\t\t<\/section>\n\t\t\t\t<section class=\"elementor-section elementor-top-section elementor-element elementor-element-b201718 elementor-section-full_width elementor-section-height-default elementor-section-height-default\" data-id=\"b201718\" data-element_type=\"section\" data-e-type=\"section\">\n\t\t\t\t\t\t<div class=\"elementor-container elementor-column-gap-default\">\n\t\t\t\t\t<div class=\"elementor-column elementor-col-100 elementor-top-column elementor-element elementor-element-1e05de7\" data-id=\"1e05de7\" data-element_type=\"column\" data-e-type=\"column\">\n\t\t\t<div class=\"elementor-widget-wrap elementor-element-populated\">\n\t\t\t\t\t\t<div class=\"elementor-element elementor-element-2e5a503 elementor-widget elementor-widget-text-editor\" data-id=\"2e5a503\" data-element_type=\"widget\" data-e-type=\"widget\" data-widget_type=\"text-editor.default\">\n\t\t\t\t<div class=\"elementor-widget-container\">\n\t\t\t\t\t\t\t\t\t<h5>El punt de partida el trobem a la carretera que discorre al costat del t\u00fanel de l&#8217;E-10, sortint de Reine cap al sud. La pujada al Reinebringen \u00e9s impressionant, per tal motiu, recomanem pujar a primera hora del dia per evitar les hores centrals on a l&#8217;estiu el sol es fa notar. S\u00f3n 480 m de pujada sense parar, des del nivell del mar fins a un dels cims que envolten Reine, sent un dels miradors m\u00e9s impressionants de totes les illes Lofoten. Avui dia la pujada no presenta cap dificultat, m\u00e9s enll\u00e0 d&#8217;algun pas aeri en arribar a la carena i del pati que cau davant nostre en arribar a la primera cimera (486 m). El cim m\u00e9s alt, que sobrepassa els 500 m \u00e9s davant d&#8217;on sol arribar tothom, obligant-nos a baixar uns metres per seguir per la cresta a\u00e8ria fins al cim. Amb mal temps haurem de tenir molta cura en baixar, ja que encara que hi ha graons, podem relliscar. La pujada posar\u00e0 a prova els nostres genolls, per\u00f2 l&#8217;esfor\u00e7 est\u00e0 justificat, ja que la visi\u00f3 panor\u00e0mica que s&#8217;obre davant dels nostres ulls, \u00e9s espectacular, sobrevolant literalment Reine.<\/br>\n<\/br>\nDes de Reine seguirem baixant fins S\u00f8rv\u00e5gen i \u00c2, on acaba la carretera E-10. M\u00e9s enll\u00e0, nom\u00e9s queda roca i aigua &#8230; fins a arribar a les \u00faltimes illes, Varoy i Rost, accessibles en vaixell des del port de Moskenes. En Varoy podem realitzar diverses excursions panor\u00e0miques, podent transportar el nostre cotxe al ferri. La carretera E-10 acaba en un punt on podem donar la volta o aparcar tranquil\u00b7lament, seguint uns metres per un cam\u00ed de terra que es converteix en sender, arribant gaireb\u00e9 a l&#8217;aigua. Els cims i parets de roca s\u00f3n un c\u00f2ctel perfecte entre Jurassic Park, Joc de trons, El senyor dels anells i V\u00edkings.<\/br>\n<\/br>\nUn dels trekkings m\u00e9s interessants de les Lofoten, al costat dels senders que condueixen a platges i la pujada al Reinebringen, \u00e9s el que ascendeix fins al refugi Munkebu i el cim de l\u2019Hermansdalstinden (1.029 m), un dels cims m\u00e9s alts de les Lofoten. El cam\u00ed s&#8217;inicia a S\u00f8rv\u00e5gen i puja vorejant diversos llacs preciosos. Si no parem a dormir al costat del refugi o en el seu interior (\u00e9s lliure i cal demanar el codi de la porta en S\u00f8rv\u00e5gen), la pujada inverteix unes 14 hores (anada i tornada), sent recomanable realitzar el trekking en dues jornades, per poder gaudir de l&#8217;itinerari i del paisatge que s&#8217;obre davant nostre. Des de la punta situada m\u00e9s al sud de les Lofoten, iniciarem el cam\u00ed de tornada cap a Narvik (podem seguir pujant cap a Tromso i el Cap Nord si disposem de temps suficient) recorrent en aquesta ocasi\u00f3 de sud a nord les illes a trav\u00e9s de la E- 10, una carretera que sens dubte ser\u00e0 llargament recordada. En pujar cap a Narvik i Harstad, el paisatge canvia, ja que el que abans v\u00e8iem de baixada, ara ho veiem de pujada, amb el contrast que implica tenir una mateixa visi\u00f3 panor\u00e0mica des d&#8217;angles diferents. Passarem per Leknes i recomanem parar almenys un dia a Henningsvaer, dormint al buc\u00f2lic i acollidor c\u00e0mping de Sandvika, situat molt a prop d\u2019Henningsvaer, amb la intenci\u00f3 de sopar amb calma i gaudir de la posta de sol. El c\u00e0mping est\u00e0 situat en una platja molt simp\u00e0tica, amb un petit cim que domina tot l&#8217;\u00e0rea d&#8217;acampada. S\u00f3n molts els que v\u00e9nen a Henningsvaer per fer excursions en caiac, aix\u00ed com BTT i senderisme.<\/br>\n<\/br>\nLa cuina del c\u00e0mping \u00e9s gran, les dutxes perfectes, tenen calefacci\u00f3 potent, petites cabanes per als que no volen acampar amb tenda ni autocaravana, bons banys i un magn\u00edfic edifici de serveis on serveixen caf\u00e8s per menys de dos euros, cosa que a Noruega s&#8217;agraeix. Des del c\u00e0mping, ens acostem a Henningsvaer, un dels pobles m\u00e9s fotografiats de totes les illes Lofoten (al costat de Reine) al costat del seu petit port, diversos canals i el seu camp de futbol que apareix en milers de postals gr\u00e0cies a les fotos que faciliten els drons. Els cims que s&#8217;alcen al nord de la poblaci\u00f3 s\u00f3n assequibles a trav\u00e9s d&#8217;un sender ben visible des de la carretera, permetent arribar fins a un coll (semblant a Reinebringen) des d&#8217;on es gaudeix d&#8217;una visi\u00f3 panor\u00e0mica sublim. Un bon cal\u00e7at i una bona forma f\u00edsica ens ajudaran a superar una pujada dura, per\u00f2 molt gratificant.<\/br>\n<\/br>\nDeixem enrere Henningsvaer i el c\u00e0mping de Sandvika (on ens remullem els peus i part del cos en l&#8217;aigua freda per\u00f2 no gelada) i seguim pujant cap a Narvik. Al cap d&#8217;uns minuts, arribem a una de les poblacions m\u00e9s grans de Lofoten, Svolvaer, on trobem un interessant museu sobre la import\u00e0ncia de les illes durant la Segona Guerra Mundial. Les tropes alemanyes van destacar a les illes diverses bases de submarins, amagades estrat\u00e8gicament. De Svolvaer parteixen ferris cap a Bodo i cap a la petita illa de Skrova. Podem visitar el centre de la poblaci\u00f3 i alguna de les petites illes connectades per ponts, on brillen amb llum pr\u00f2pia les casetes de colors t\u00edpics del nord de Noruega i els vaixells pesquers.<\/h5>\t\t\t\t\t\t\t\t<\/div>\n\t\t\t\t<\/div>\n\t\t\t\t\t<\/div>\n\t\t<\/div>\n\t\t\t\t\t<\/div>\n\t\t<\/section>\n\t\t\t\t<section class=\"elementor-section elementor-top-section elementor-element elementor-element-36bd360 elementor-section-full_width elementor-section-height-default elementor-section-height-default\" data-id=\"36bd360\" data-element_type=\"section\" data-e-type=\"section\">\n\t\t\t\t\t\t<div class=\"elementor-container elementor-column-gap-default\">\n\t\t\t\t\t<div class=\"elementor-column elementor-col-50 elementor-top-column elementor-element elementor-element-1182672\" data-id=\"1182672\" data-element_type=\"column\" data-e-type=\"column\">\n\t\t\t<div class=\"elementor-widget-wrap elementor-element-populated\">\n\t\t\t\t\t\t<div class=\"elementor-element elementor-element-6b68d37 elementor-widget elementor-widget-image\" data-id=\"6b68d37\" data-element_type=\"widget\" data-e-type=\"widget\" data-widget_type=\"image.default\">\n\t\t\t\t<div class=\"elementor-widget-container\">\n\t\t\t\t\t\t\t\t\t\t\t\t\t\t\t<img loading=\"lazy\" decoding=\"async\" width=\"1000\" height=\"750\" src=\"https:\/\/rutesentrerefugis.com\/wp-content\/uploads\/2023\/03\/Lofoten-12-NW.jpg\" class=\"attachment-full size-full wp-image-11649\" alt=\"\" srcset=\"https:\/\/rutesentrerefugis.com\/wp-content\/uploads\/2023\/03\/Lofoten-12-NW.jpg 1000w, https:\/\/rutesentrerefugis.com\/wp-content\/uploads\/2023\/03\/Lofoten-12-NW-300x225.jpg 300w, https:\/\/rutesentrerefugis.com\/wp-content\/uploads\/2023\/03\/Lofoten-12-NW-768x576.jpg 768w\" sizes=\"(max-width: 1000px) 100vw, 1000px\" \/>\t\t\t\t\t\t\t\t\t\t\t\t\t\t\t<\/div>\n\t\t\t\t<\/div>\n\t\t\t\t\t<\/div>\n\t\t<\/div>\n\t\t\t\t<div class=\"elementor-column elementor-col-50 elementor-top-column elementor-element elementor-element-f2b2e0d\" data-id=\"f2b2e0d\" data-element_type=\"column\" data-e-type=\"column\">\n\t\t\t<div class=\"elementor-widget-wrap elementor-element-populated\">\n\t\t\t\t\t\t<div class=\"elementor-element elementor-element-08c9429 elementor-widget elementor-widget-image\" data-id=\"08c9429\" data-element_type=\"widget\" data-e-type=\"widget\" data-widget_type=\"image.default\">\n\t\t\t\t<div class=\"elementor-widget-container\">\n\t\t\t\t\t\t\t\t\t\t\t\t\t\t\t<img loading=\"lazy\" decoding=\"async\" width=\"1000\" height=\"750\" src=\"https:\/\/rutesentrerefugis.com\/wp-content\/uploads\/2023\/03\/Lofoten-13-NW.jpg\" class=\"attachment-full size-full wp-image-11650\" alt=\"\" srcset=\"https:\/\/rutesentrerefugis.com\/wp-content\/uploads\/2023\/03\/Lofoten-13-NW.jpg 1000w, https:\/\/rutesentrerefugis.com\/wp-content\/uploads\/2023\/03\/Lofoten-13-NW-300x225.jpg 300w, https:\/\/rutesentrerefugis.com\/wp-content\/uploads\/2023\/03\/Lofoten-13-NW-768x576.jpg 768w\" sizes=\"(max-width: 1000px) 100vw, 1000px\" \/>\t\t\t\t\t\t\t\t\t\t\t\t\t\t\t<\/div>\n\t\t\t\t<\/div>\n\t\t\t\t\t<\/div>\n\t\t<\/div>\n\t\t\t\t\t<\/div>\n\t\t<\/section>\n\t\t\t\t<section class=\"elementor-section elementor-top-section elementor-element elementor-element-3e23690 elementor-section-full_width elementor-section-height-default elementor-section-height-default\" data-id=\"3e23690\" data-element_type=\"section\" data-e-type=\"section\">\n\t\t\t\t\t\t<div class=\"elementor-container elementor-column-gap-default\">\n\t\t\t\t\t<div class=\"elementor-column elementor-col-50 elementor-top-column elementor-element elementor-element-5f59ecb\" data-id=\"5f59ecb\" data-element_type=\"column\" data-e-type=\"column\">\n\t\t\t<div class=\"elementor-widget-wrap elementor-element-populated\">\n\t\t\t\t\t\t<div class=\"elementor-element elementor-element-9d53901 elementor-widget elementor-widget-image\" data-id=\"9d53901\" data-element_type=\"widget\" data-e-type=\"widget\" data-widget_type=\"image.default\">\n\t\t\t\t<div class=\"elementor-widget-container\">\n\t\t\t\t\t\t\t\t\t\t\t\t\t\t\t<img loading=\"lazy\" decoding=\"async\" width=\"1000\" height=\"750\" src=\"https:\/\/rutesentrerefugis.com\/wp-content\/uploads\/2023\/03\/Lofoten-14-NW.jpg\" class=\"attachment-full size-full wp-image-11651\" alt=\"\" srcset=\"https:\/\/rutesentrerefugis.com\/wp-content\/uploads\/2023\/03\/Lofoten-14-NW.jpg 1000w, https:\/\/rutesentrerefugis.com\/wp-content\/uploads\/2023\/03\/Lofoten-14-NW-300x225.jpg 300w, https:\/\/rutesentrerefugis.com\/wp-content\/uploads\/2023\/03\/Lofoten-14-NW-768x576.jpg 768w\" sizes=\"(max-width: 1000px) 100vw, 1000px\" \/>\t\t\t\t\t\t\t\t\t\t\t\t\t\t\t<\/div>\n\t\t\t\t<\/div>\n\t\t\t\t\t<\/div>\n\t\t<\/div>\n\t\t\t\t<div class=\"elementor-column elementor-col-50 elementor-top-column elementor-element elementor-element-95dc883\" data-id=\"95dc883\" data-element_type=\"column\" data-e-type=\"column\">\n\t\t\t<div class=\"elementor-widget-wrap elementor-element-populated\">\n\t\t\t\t\t\t<div class=\"elementor-element elementor-element-eee5d4e elementor-widget elementor-widget-image\" data-id=\"eee5d4e\" data-element_type=\"widget\" data-e-type=\"widget\" data-widget_type=\"image.default\">\n\t\t\t\t<div class=\"elementor-widget-container\">\n\t\t\t\t\t\t\t\t\t\t\t\t\t\t\t<img loading=\"lazy\" decoding=\"async\" width=\"1000\" height=\"750\" src=\"https:\/\/rutesentrerefugis.com\/wp-content\/uploads\/2023\/03\/Lofoten-15-NW.jpg\" class=\"attachment-full size-full wp-image-11652\" alt=\"\" srcset=\"https:\/\/rutesentrerefugis.com\/wp-content\/uploads\/2023\/03\/Lofoten-15-NW.jpg 1000w, https:\/\/rutesentrerefugis.com\/wp-content\/uploads\/2023\/03\/Lofoten-15-NW-300x225.jpg 300w, https:\/\/rutesentrerefugis.com\/wp-content\/uploads\/2023\/03\/Lofoten-15-NW-768x576.jpg 768w\" sizes=\"(max-width: 1000px) 100vw, 1000px\" \/>\t\t\t\t\t\t\t\t\t\t\t\t\t\t\t<\/div>\n\t\t\t\t<\/div>\n\t\t\t\t\t<\/div>\n\t\t<\/div>\n\t\t\t\t\t<\/div>\n\t\t<\/section>\n\t\t\t\t<section class=\"elementor-section elementor-top-section elementor-element elementor-element-50948d1 elementor-section-full_width elementor-section-height-default elementor-section-height-default\" data-id=\"50948d1\" data-element_type=\"section\" data-e-type=\"section\">\n\t\t\t\t\t\t<div class=\"elementor-container elementor-column-gap-default\">\n\t\t\t\t\t<div class=\"elementor-column elementor-col-100 elementor-top-column elementor-element elementor-element-a919a0d\" data-id=\"a919a0d\" data-element_type=\"column\" data-e-type=\"column\">\n\t\t\t<div class=\"elementor-widget-wrap elementor-element-populated\">\n\t\t\t\t\t\t<div class=\"elementor-element elementor-element-cd6fd96 elementor-widget elementor-widget-text-editor\" data-id=\"cd6fd96\" data-element_type=\"widget\" data-e-type=\"widget\" data-widget_type=\"text-editor.default\">\n\t\t\t\t<div class=\"elementor-widget-container\">\n\t\t\t\t\t\t\t\t\t<h5>La zona est\u00e0 plena d&#8217;assecadors de peix, una activitat que aporta grans beneficis no nom\u00e9s a la regi\u00f3, sin\u00f3 a tota Noruega. En Svolvaer trobem petites illes urbanitzades amb apartaments i cases de lloguer d&#8217;alt nivell, ideals per a grups grans o per als que volen donar-se un caprici de tant en tant m\u00e9s enll\u00e0 del cercle polar \u00e0rtic. Despr\u00e9s d&#8217;invertir un bon mat\u00ed a descobrir Svolvaer, vam seguir la nostra ruta cap al nord. En arribar al desviament de Laukvik i el c\u00e0mping de Sansletta recomanem encaridament seguir la petita carretera que surt a la nostra esquerra, amb la intenci\u00f3 de descobrir Laukvik i el Grunnforfjorden, un fiord molt interessant, de gran bellesa paisatg\u00edstica. Seguint la petita carretera que avan\u00e7a cap a l&#8217;oest, arribarem a un punt on la carretera segueix a m\u00e0 dreta, deixant al nostre esquerra el desviament de la carretera que entra a Laukvik, petita poblaci\u00f3 costanera on podem menjar al costat del petit far i la seva escullera.<\/br>\n<\/br>\nAl supermercat de Laukvik trobarem tot el necessari per poder gaudir d&#8217;un bon pic-nic amb les seves taules i bancs de fusta just davant. Passejar en fam\u00edlia, sigui amb nens petits o m\u00e9s grans, al costat del mar i sota imponents muralles rocoses, envoltats per una natura salvatge en estat pur, no \u00e9s una cosa que puguem fer cada dia. Despr\u00e9s un bon dinar, vam seguir la nostra aventura per la petita carretera que segueix cap Delp i el Grunnforfjorden. De totes les carreteres panor\u00e0miques que he tingut la sort de descobrir al llarg dels meus gaireb\u00e9 44 anys, puc assegurar que la que creua \u00e9s una de les m\u00e9s espectaculars que he vist. Si la meteo acompanya, el calidoscopi de llums, els colors, els reflexos a l&#8217;aigua &#8230; \u00e9s realment impressionant. Nosaltres vam gaudir creuant a peu tot el dic\/pont que creua el fiord.<\/br>\n<\/br>\nLa petita carretera acaba a prop de Fiskebol, connectant amb l&#8217;E-10, just abans de la boca sud del t\u00fanel que creua el mar de Noruega. Tal com succeeix a Isl\u00e0ndia, construir t\u00fanels sota el mar \u00e9s una pr\u00e0ctica habitual, que permet creuar d&#8217;una manera segura, discret i r\u00e0pid d&#8217;una illa o punta de fiord a una altra, sense necessitat d&#8217;haver d&#8217;allargar carreteres ni construir ponts. L&#8217;E-10 segueix pujant cap a Lodingen i Narvik, deixant enrere les illes Lofoten, un aut\u00e8ntic parad\u00eds per als amants de la muntanya &#8230; i del mar.<\/h5>\t\t\t\t\t\t\t\t<\/div>\n\t\t\t\t<\/div>\n\t\t\t\t\t<\/div>\n\t\t<\/div>\n\t\t\t\t\t<\/div>\n\t\t<\/section>\n\t\t\t\t<section class=\"elementor-section elementor-top-section elementor-element elementor-element-4970fdd elementor-section-full_width elementor-section-height-default elementor-section-height-default\" data-id=\"4970fdd\" data-element_type=\"section\" data-e-type=\"section\">\n\t\t\t\t\t\t<div class=\"elementor-container elementor-column-gap-default\">\n\t\t\t\t\t<div class=\"elementor-column elementor-col-50 elementor-top-column elementor-element elementor-element-9ff8b52\" data-id=\"9ff8b52\" data-element_type=\"column\" data-e-type=\"column\">\n\t\t\t<div class=\"elementor-widget-wrap elementor-element-populated\">\n\t\t\t\t\t\t<div class=\"elementor-element elementor-element-efa1add elementor-widget elementor-widget-image\" data-id=\"efa1add\" data-element_type=\"widget\" data-e-type=\"widget\" data-widget_type=\"image.default\">\n\t\t\t\t<div class=\"elementor-widget-container\">\n\t\t\t\t\t\t\t\t\t\t\t\t\t\t\t<img loading=\"lazy\" decoding=\"async\" width=\"1000\" height=\"750\" src=\"https:\/\/rutesentrerefugis.com\/wp-content\/uploads\/2023\/03\/Lofoten-16-NW.jpg\" class=\"attachment-full size-full wp-image-11653\" alt=\"\" srcset=\"https:\/\/rutesentrerefugis.com\/wp-content\/uploads\/2023\/03\/Lofoten-16-NW.jpg 1000w, https:\/\/rutesentrerefugis.com\/wp-content\/uploads\/2023\/03\/Lofoten-16-NW-300x225.jpg 300w, https:\/\/rutesentrerefugis.com\/wp-content\/uploads\/2023\/03\/Lofoten-16-NW-768x576.jpg 768w\" sizes=\"(max-width: 1000px) 100vw, 1000px\" \/>\t\t\t\t\t\t\t\t\t\t\t\t\t\t\t<\/div>\n\t\t\t\t<\/div>\n\t\t\t\t\t<\/div>\n\t\t<\/div>\n\t\t\t\t<div class=\"elementor-column elementor-col-50 elementor-top-column elementor-element elementor-element-209f7bd\" data-id=\"209f7bd\" data-element_type=\"column\" data-e-type=\"column\">\n\t\t\t<div class=\"elementor-widget-wrap elementor-element-populated\">\n\t\t\t\t\t\t<div class=\"elementor-element elementor-element-782c5c3 elementor-widget elementor-widget-image\" data-id=\"782c5c3\" data-element_type=\"widget\" data-e-type=\"widget\" data-widget_type=\"image.default\">\n\t\t\t\t<div class=\"elementor-widget-container\">\n\t\t\t\t\t\t\t\t\t\t\t\t\t\t\t<img loading=\"lazy\" decoding=\"async\" width=\"1000\" height=\"750\" src=\"https:\/\/rutesentrerefugis.com\/wp-content\/uploads\/2023\/03\/Lofoten-17-NW.jpg\" class=\"attachment-full size-full wp-image-11654\" alt=\"\" srcset=\"https:\/\/rutesentrerefugis.com\/wp-content\/uploads\/2023\/03\/Lofoten-17-NW.jpg 1000w, https:\/\/rutesentrerefugis.com\/wp-content\/uploads\/2023\/03\/Lofoten-17-NW-300x225.jpg 300w, https:\/\/rutesentrerefugis.com\/wp-content\/uploads\/2023\/03\/Lofoten-17-NW-768x576.jpg 768w\" sizes=\"(max-width: 1000px) 100vw, 1000px\" \/>\t\t\t\t\t\t\t\t\t\t\t\t\t\t\t<\/div>\n\t\t\t\t<\/div>\n\t\t\t\t\t<\/div>\n\t\t<\/div>\n\t\t\t\t\t<\/div>\n\t\t<\/section>\n\t\t\t\t<section class=\"elementor-section elementor-top-section elementor-element elementor-element-33a06cb elementor-section-full_width elementor-section-height-default elementor-section-height-default\" data-id=\"33a06cb\" data-element_type=\"section\" data-e-type=\"section\">\n\t\t\t\t\t\t<div class=\"elementor-container elementor-column-gap-default\">\n\t\t\t\t\t<div class=\"elementor-column elementor-col-100 elementor-top-column elementor-element elementor-element-43e4195\" data-id=\"43e4195\" data-element_type=\"column\" data-e-type=\"column\">\n\t\t\t<div class=\"elementor-widget-wrap elementor-element-populated\">\n\t\t\t\t\t\t<div class=\"elementor-element elementor-element-c7f2039 elementor-widget-divider--view-line elementor-widget elementor-widget-divider\" data-id=\"c7f2039\" data-element_type=\"widget\" data-e-type=\"widget\" data-widget_type=\"divider.default\">\n\t\t\t\t<div class=\"elementor-widget-container\">\n\t\t\t\t\t\t\t<div class=\"elementor-divider\">\n\t\t\t<span class=\"elementor-divider-separator\">\n\t\t\t\t\t\t<\/span>\n\t\t<\/div>\n\t\t\t\t\t\t<\/div>\n\t\t\t\t<\/div>\n\t\t\t\t\t<\/div>\n\t\t<\/div>\n\t\t\t\t\t<\/div>\n\t\t<\/section>\n\t\t\t\t<section class=\"elementor-section elementor-top-section elementor-element elementor-element-1c8998f elementor-section-full_width elementor-section-height-default elementor-section-height-default\" data-id=\"1c8998f\" data-element_type=\"section\" data-e-type=\"section\">\n\t\t\t\t\t\t<div class=\"elementor-container elementor-column-gap-default\">\n\t\t\t\t\t<div class=\"elementor-column elementor-col-100 elementor-top-column elementor-element elementor-element-d4f55a7\" data-id=\"d4f55a7\" data-element_type=\"column\" data-e-type=\"column\">\n\t\t\t<div class=\"elementor-widget-wrap elementor-element-populated\">\n\t\t\t\t\t\t<div class=\"elementor-element elementor-element-23b5065 elementor-widget elementor-widget-text-editor\" data-id=\"23b5065\" data-element_type=\"widget\" data-e-type=\"widget\" data-widget_type=\"text-editor.default\">\n\t\t\t\t<div class=\"elementor-widget-container\">\n\t\t\t\t\t\t\t\t\t<h4><font color=\"#000000\"><u>QUAN PODEM VISITAR LES LOFOTEN<\/u><\/font><\/h4>\n<h5>La millor \u00e8poca per visitar les illes Lofoten \u00e9s a finals de primavera, durant l&#8217;estiu i a comen\u00e7ament de tardor. No obstant aix\u00f2, a causa que la neu pot retirar tard o arribar molt d&#8217;hora, els mesos de juliol i agost solen ser els m\u00e9s tranquils a nivell de complicacions meteorol\u00f2giques &#8230; Mai hem d&#8217;oblidar que els canvis de temps m\u00e9s enll\u00e0 del cercle polar \u00e0rtic s\u00f3n el pa nostre de cada dia, per tal motiu, \u00e9s important viatjar ben equipats, amb roba de qualitat (tres capes), diversos canvis en la motxilla i un bon impermeable.<\/br>\n<\/br>\nSi voleu fer c\u00e0mping, els mesos de juliol i agost hi sol haver for\u00e7a gent, encara que menys que en altres zones de Noruega. Durant els mesos de juny i juliol les hores del dia s&#8217;allarguen molt\u00edssim a causa de les nits blanques, permetent al viatger allargar les jornades de trekking. Els senders a l&#8217;estiu poden estar molt relliscosos despr\u00e9s d&#8217;una bona tempesta estiuenca, i hi ha moltes zones humides on en trepitjar, el cal\u00e7at s&#8217;enfonsa en una capa d&#8217;aigua de diversos cent\u00edmetres (indispensable Gore Tex).<\/br>\n<\/br>\nA finals d&#8217;agost, estareu m\u00e9s tranquils, ja que el turisme desapareix i les temperatures s\u00f3n realment agradables, fins i tot fredes. A la tardor la policromia que ens regalen les Lofoten \u00e9s de postal i un cop arribat l&#8217;hivern, el paisatge canvia radicalment, obrint-se davant nostre la possibilitat de realitzar travessies i descensos amb esqu\u00eds de pel\u00b7l\u00edcula. Encara que no hi hagi estacions d&#8217;esqu\u00ed alp\u00ed amb remuntadors, s\u00f3n diverses les zones on podem esquiar a Lofoten. En diverses poblacions l&#8217;esqu\u00ed de fons s&#8217;ha convertit al llarg del temps en alguna cosa m\u00e9s que un esport, oferint recorreguts espectaculars.<\/h5>\t\t\t\t\t\t\t\t<\/div>\n\t\t\t\t<\/div>\n\t\t\t\t\t<\/div>\n\t\t<\/div>\n\t\t\t\t\t<\/div>\n\t\t<\/section>\n\t\t\t\t<section class=\"elementor-section elementor-top-section elementor-element elementor-element-aa8f872 elementor-section-full_width elementor-section-height-default elementor-section-height-default\" data-id=\"aa8f872\" data-element_type=\"section\" data-e-type=\"section\">\n\t\t\t\t\t\t<div class=\"elementor-container elementor-column-gap-default\">\n\t\t\t\t\t<div class=\"elementor-column elementor-col-100 elementor-top-column elementor-element elementor-element-cf94727\" data-id=\"cf94727\" data-element_type=\"column\" data-e-type=\"column\">\n\t\t\t<div class=\"elementor-widget-wrap elementor-element-populated\">\n\t\t\t\t\t\t<div class=\"elementor-element elementor-element-55d91d7 elementor-widget elementor-widget-spacer\" data-id=\"55d91d7\" data-element_type=\"widget\" data-e-type=\"widget\" data-widget_type=\"spacer.default\">\n\t\t\t\t<div class=\"elementor-widget-container\">\n\t\t\t\t\t\t\t<div class=\"elementor-spacer\">\n\t\t\t<div class=\"elementor-spacer-inner\"><\/div>\n\t\t<\/div>\n\t\t\t\t\t\t<\/div>\n\t\t\t\t<\/div>\n\t\t\t\t\t<\/div>\n\t\t<\/div>\n\t\t\t\t\t<\/div>\n\t\t<\/section>\n\t\t\t\t<section class=\"elementor-section elementor-top-section elementor-element elementor-element-0974111 elementor-section-full_width elementor-section-height-default elementor-section-height-default\" data-id=\"0974111\" data-element_type=\"section\" data-e-type=\"section\" data-settings=\"{&quot;background_background&quot;:&quot;classic&quot;}\">\n\t\t\t\t\t\t<div class=\"elementor-container elementor-column-gap-default\">\n\t\t\t\t\t<div class=\"elementor-column elementor-col-100 elementor-top-column elementor-element elementor-element-cc55e81\" data-id=\"cc55e81\" data-element_type=\"column\" data-e-type=\"column\">\n\t\t\t<div class=\"elementor-widget-wrap elementor-element-populated\">\n\t\t\t\t\t\t<div class=\"elementor-element elementor-element-29dcfc6 elementor-widget elementor-widget-image\" data-id=\"29dcfc6\" data-element_type=\"widget\" data-e-type=\"widget\" data-widget_type=\"image.default\">\n\t\t\t\t<div class=\"elementor-widget-container\">\n\t\t\t\t\t\t\t\t\t\t\t\t\t\t\t<img loading=\"lazy\" decoding=\"async\" width=\"100\" height=\"100\" src=\"https:\/\/rutesentrerefugis.com\/wp-content\/uploads\/2019\/10\/Victor-Riverola-NW.jpg\" class=\"attachment-full size-full wp-image-11666\" alt=\"\" \/>\t\t\t\t\t\t\t\t\t\t\t\t\t\t\t<\/div>\n\t\t\t\t<\/div>\n\t\t\t\t<div class=\"elementor-element elementor-element-dff6861 elementor-widget elementor-widget-text-editor\" data-id=\"dff6861\" data-element_type=\"widget\" data-e-type=\"widget\" data-widget_type=\"text-editor.default\">\n\t\t\t\t<div class=\"elementor-widget-container\">\n\t\t\t\t\t\t\t\t\t<h4>V\u00cdCTOR RIVEROLA I MORERA<\/h4>\t\t\t\t\t\t\t\t<\/div>\n\t\t\t\t<\/div>\n\t\t\t\t\t<\/div>\n\t\t<\/div>\n\t\t\t\t\t<\/div>\n\t\t<\/section>\n\t\t\t\t<section class=\"elementor-section elementor-top-section elementor-element elementor-element-c5916d8 elementor-section-full_width elementor-section-height-default elementor-section-height-default\" data-id=\"c5916d8\" data-element_type=\"section\" data-e-type=\"section\">\n\t\t\t\t\t\t<div class=\"elementor-container elementor-column-gap-default\">\n\t\t\t\t\t<div class=\"elementor-column elementor-col-100 elementor-top-column elementor-element elementor-element-eaf7d1c\" data-id=\"eaf7d1c\" data-element_type=\"column\" data-e-type=\"column\">\n\t\t\t<div class=\"elementor-widget-wrap elementor-element-populated\">\n\t\t\t\t\t\t<div class=\"elementor-element elementor-element-a4f2400 elementor-widget elementor-widget-spacer\" data-id=\"a4f2400\" data-element_type=\"widget\" data-e-type=\"widget\" data-widget_type=\"spacer.default\">\n\t\t\t\t<div class=\"elementor-widget-container\">\n\t\t\t\t\t\t\t<div class=\"elementor-spacer\">\n\t\t\t<div class=\"elementor-spacer-inner\"><\/div>\n\t\t<\/div>\n\t\t\t\t\t\t<\/div>\n\t\t\t\t<\/div>\n\t\t\t\t\t<\/div>\n\t\t<\/div>\n\t\t\t\t\t<\/div>\n\t\t<\/section>\n\t\t\t\t<section class=\"elementor-section elementor-top-section elementor-element elementor-element-d03f068 elementor-section-full_width elementor-section-height-default elementor-section-height-default\" data-id=\"d03f068\" data-element_type=\"section\" data-e-type=\"section\">\n\t\t\t\t\t\t<div class=\"elementor-container elementor-column-gap-default\">\n\t\t\t\t\t<div class=\"elementor-column elementor-col-100 elementor-top-column elementor-element elementor-element-67197d5\" data-id=\"67197d5\" data-element_type=\"column\" data-e-type=\"column\">\n\t\t\t<div class=\"elementor-widget-wrap elementor-element-populated\">\n\t\t\t\t\t\t<div class=\"elementor-element elementor-element-43b22c2 elementor-widget elementor-widget-heading\" data-id=\"43b22c2\" data-element_type=\"widget\" data-e-type=\"widget\" data-widget_type=\"heading.default\">\n\t\t\t\t<div class=\"elementor-widget-container\">\n\t\t\t\t\t<h5 class=\"elementor-heading-title elementor-size-default\"><font color=\"#999999\"><u>Per si vols compartir aquesta cr\u00f2nica<\/u><\/font><\/h5>\t\t\t\t<\/div>\n\t\t\t\t<\/div>\n\t\t\t\t\t<\/div>\n\t\t<\/div>\n\t\t\t\t\t<\/div>\n\t\t<\/section>\n\t\t\t\t<section class=\"elementor-section elementor-top-section elementor-element elementor-element-691fa33 elementor-section-full_width elementor-section-height-default elementor-section-height-default\" data-id=\"691fa33\" data-element_type=\"section\" data-e-type=\"section\">\n\t\t\t\t\t\t<div class=\"elementor-container elementor-column-gap-default\">\n\t\t\t\t\t<div class=\"elementor-column elementor-col-100 elementor-top-column elementor-element elementor-element-45d5ec7\" data-id=\"45d5ec7\" data-element_type=\"column\" data-e-type=\"column\">\n\t\t\t<div class=\"elementor-widget-wrap elementor-element-populated\">\n\t\t\t\t\t\t<div class=\"elementor-element elementor-element-75ed3c8 elementor-share-buttons--view-icon elementor-share-buttons--skin-framed elementor-share-buttons--shape-circle elementor-share-buttons--color-custom elementor-grid-0 elementor-widget elementor-widget-share-buttons\" data-id=\"75ed3c8\" data-element_type=\"widget\" data-e-type=\"widget\" data-widget_type=\"share-buttons.default\">\n\t\t\t\t<div class=\"elementor-widget-container\">\n\t\t\t\t\t\t\t<div class=\"elementor-grid\" role=\"list\">\n\t\t\t\t\t\t\t\t<div class=\"elementor-grid-item\" role=\"listitem\">\n\t\t\t\t\t\t<div class=\"elementor-share-btn elementor-share-btn_facebook\" role=\"button\" tabindex=\"0\" aria-label=\"Compartici\u00f3 en facebook\">\n\t\t\t\t\t\t\t\t\t\t\t\t\t\t\t<span class=\"elementor-share-btn__icon\">\n\t\t\t\t\t\t\t\t<i class=\"fab fa-facebook\" aria-hidden=\"true\"><\/i>\t\t\t\t\t\t\t<\/span>\n\t\t\t\t\t\t\t\t\t\t\t\t\t\t\t\t\t\t\t\t<\/div>\n\t\t\t\t\t<\/div>\n\t\t\t\t\t\t\t\t\t<div class=\"elementor-grid-item\" role=\"listitem\">\n\t\t\t\t\t\t<div class=\"elementor-share-btn elementor-share-btn_twitter\" role=\"button\" tabindex=\"0\" aria-label=\"Compartici\u00f3 en twitter\">\n\t\t\t\t\t\t\t\t\t\t\t\t\t\t\t<span class=\"elementor-share-btn__icon\">\n\t\t\t\t\t\t\t\t<i class=\"fab fa-twitter\" aria-hidden=\"true\"><\/i>\t\t\t\t\t\t\t<\/span>\n\t\t\t\t\t\t\t\t\t\t\t\t\t\t\t\t\t\t\t\t<\/div>\n\t\t\t\t\t<\/div>\n\t\t\t\t\t\t\t\t\t<div class=\"elementor-grid-item\" role=\"listitem\">\n\t\t\t\t\t\t<div class=\"elementor-share-btn elementor-share-btn_telegram\" role=\"button\" tabindex=\"0\" aria-label=\"Compartici\u00f3 en telegram\">\n\t\t\t\t\t\t\t\t\t\t\t\t\t\t\t<span class=\"elementor-share-btn__icon\">\n\t\t\t\t\t\t\t\t<i class=\"fab fa-telegram\" aria-hidden=\"true\"><\/i>\t\t\t\t\t\t\t<\/span>\n\t\t\t\t\t\t\t\t\t\t\t\t\t\t\t\t\t\t\t\t<\/div>\n\t\t\t\t\t<\/div>\n\t\t\t\t\t\t\t\t\t<div class=\"elementor-grid-item\" role=\"listitem\">\n\t\t\t\t\t\t<div class=\"elementor-share-btn elementor-share-btn_pinterest\" role=\"button\" tabindex=\"0\" aria-label=\"Compartici\u00f3 en pinterest\">\n\t\t\t\t\t\t\t\t\t\t\t\t\t\t\t<span class=\"elementor-share-btn__icon\">\n\t\t\t\t\t\t\t\t<i class=\"fab fa-pinterest\" aria-hidden=\"true\"><\/i>\t\t\t\t\t\t\t<\/span>\n\t\t\t\t\t\t\t\t\t\t\t\t\t\t\t\t\t\t\t\t<\/div>\n\t\t\t\t\t<\/div>\n\t\t\t\t\t\t\t\t\t<div class=\"elementor-grid-item\" role=\"listitem\">\n\t\t\t\t\t\t<div class=\"elementor-share-btn elementor-share-btn_whatsapp\" role=\"button\" tabindex=\"0\" aria-label=\"Compartici\u00f3 en whatsapp\">\n\t\t\t\t\t\t\t\t\t\t\t\t\t\t\t<span class=\"elementor-share-btn__icon\">\n\t\t\t\t\t\t\t\t<i class=\"fab fa-whatsapp\" aria-hidden=\"true\"><\/i>\t\t\t\t\t\t\t<\/span>\n\t\t\t\t\t\t\t\t\t\t\t\t\t\t\t\t\t\t\t\t<\/div>\n\t\t\t\t\t<\/div>\n\t\t\t\t\t\t\t\t\t<div class=\"elementor-grid-item\" role=\"listitem\">\n\t\t\t\t\t\t<div class=\"elementor-share-btn elementor-share-btn_email\" role=\"button\" tabindex=\"0\" aria-label=\"Compartici\u00f3 en email\">\n\t\t\t\t\t\t\t\t\t\t\t\t\t\t\t<span class=\"elementor-share-btn__icon\">\n\t\t\t\t\t\t\t\t<i class=\"fas fa-envelope\" aria-hidden=\"true\"><\/i>\t\t\t\t\t\t\t<\/span>\n\t\t\t\t\t\t\t\t\t\t\t\t\t\t\t\t\t\t\t\t<\/div>\n\t\t\t\t\t<\/div>\n\t\t\t\t\t\t\t\t\t<div class=\"elementor-grid-item\" role=\"listitem\">\n\t\t\t\t\t\t<div class=\"elementor-share-btn elementor-share-btn_print\" role=\"button\" tabindex=\"0\" aria-label=\"Compartici\u00f3 en print\">\n\t\t\t\t\t\t\t\t\t\t\t\t\t\t\t<span class=\"elementor-share-btn__icon\">\n\t\t\t\t\t\t\t\t<i class=\"fas fa-print\" aria-hidden=\"true\"><\/i>\t\t\t\t\t\t\t<\/span>\n\t\t\t\t\t\t\t\t\t\t\t\t\t\t\t\t\t\t\t\t<\/div>\n\t\t\t\t\t<\/div>\n\t\t\t\t\t\t<\/div>\n\t\t\t\t\t\t<\/div>\n\t\t\t\t<\/div>\n\t\t\t\t\t<\/div>\n\t\t<\/div>\n\t\t\t\t\t<\/div>\n\t\t<\/section>\n\t\t\t\t<section class=\"elementor-section elementor-top-section elementor-element elementor-element-f8892df elementor-section-full_width elementor-section-height-default elementor-section-height-default\" data-id=\"f8892df\" data-element_type=\"section\" data-e-type=\"section\">\n\t\t\t\t\t\t<div class=\"elementor-container elementor-column-gap-default\">\n\t\t\t\t\t<div class=\"elementor-column elementor-col-100 elementor-top-column elementor-element elementor-element-70b735e\" data-id=\"70b735e\" data-element_type=\"column\" data-e-type=\"column\">\n\t\t\t<div class=\"elementor-widget-wrap elementor-element-populated\">\n\t\t\t\t\t\t<div class=\"elementor-element elementor-element-cefc0b1 elementor-widget elementor-widget-spacer\" data-id=\"cefc0b1\" data-element_type=\"widget\" data-e-type=\"widget\" data-widget_type=\"spacer.default\">\n\t\t\t\t<div class=\"elementor-widget-container\">\n\t\t\t\t\t\t\t<div class=\"elementor-spacer\">\n\t\t\t<div class=\"elementor-spacer-inner\"><\/div>\n\t\t<\/div>\n\t\t\t\t\t\t<\/div>\n\t\t\t\t<\/div>\n\t\t\t\t\t<\/div>\n\t\t<\/div>\n\t\t\t\t\t<\/div>\n\t\t<\/section>\n\t\t\t\t<\/div>\n\t\t","protected":false},"excerpt":{"rendered":"<p>DESCOBRINT I GAUDINT LES ILLES LOFOTEN UNA PERLA NORUEGA Cr\u00f2nica escrita per V\u00cdCTOR RIVEROLA I MORERA Fotografies de JEKATERINA NIKITINA i V\u00cdCTOR RIVEROLA I MORERA Recordo amb molt afecte llegir a molt primerenca edat El far de la fi del m\u00f3n de Jules Verne i gaudir amb L&#8217;illa de la fi del m\u00f3n, un entretingut [&hellip;]<\/p>\n","protected":false},"author":48,"featured_media":11630,"comment_status":"open","ping_status":"open","sticky":false,"template":"elementor_header_footer","format":"standard","meta":{"_monsterinsights_skip_tracking":false,"_monsterinsights_sitenote_active":false,"_monsterinsights_sitenote_note":"","_monsterinsights_sitenote_category":0,"footnotes":""},"categories":[5124,5894],"tags":[5130,5132,5896,5898,5900,5902,5904],"class_list":["post-11628","post","type-post","status-publish","format-standard","has-post-thumbnail","hentry","category-blog","category-victor-riverola-ca","tag-cronicas-ca","tag-croniques-ca","tag-descobrint-i-gaudint-les-illes-lofoten-ca","tag-descubriendo-y-disfrutando-de-las-islas-lofoten-ca","tag-illes-lofoten-es-ca","tag-islas-lofoten-es-ca","tag-victor-riverola-es-ca"],"yoast_head":"<!-- This site is optimized with the Yoast SEO plugin v27.5 - https:\/\/yoast.com\/product\/yoast-seo-wordpress\/ -->\n<title>DESCOBRINT I GAUDINT LES ILLES LOFOTEN - Rutes Entre Refugis<\/title>\n<meta name=\"robots\" content=\"index, follow, max-snippet:-1, max-image-preview:large, max-video-preview:-1\" \/>\n<link rel=\"canonical\" href=\"https:\/\/rutesentrerefugis.com\/index.php\/2019\/10\/10\/descobrint-i-gaudint-les-illes-lofoten\/\" \/>\n<meta property=\"og:locale\" content=\"es_ES\" \/>\n<meta property=\"og:type\" content=\"article\" \/>\n<meta property=\"og:title\" content=\"DESCOBRINT I GAUDINT LES ILLES LOFOTEN - Rutes Entre Refugis\" \/>\n<meta property=\"og:description\" content=\"DESCOBRINT I GAUDINT LES ILLES LOFOTEN UNA PERLA NORUEGA Cr\u00f2nica escrita per V\u00cdCTOR RIVEROLA I MORERA Fotografies de JEKATERINA NIKITINA i V\u00cdCTOR RIVEROLA I MORERA Recordo amb molt afecte llegir a molt primerenca edat El far de la fi del m\u00f3n de Jules Verne i gaudir amb L&#8217;illa de la fi del m\u00f3n, un entretingut [&hellip;]\" \/>\n<meta property=\"og:url\" content=\"https:\/\/rutesentrerefugis.com\/index.php\/2019\/10\/10\/descobrint-i-gaudint-les-illes-lofoten\/\" \/>\n<meta property=\"og:site_name\" content=\"Rutes Entre Refugis\" \/>\n<meta property=\"article:published_time\" content=\"2019-10-10T08:24:00+00:00\" \/>\n<meta property=\"article:modified_time\" content=\"2023-10-31T07:52:03+00:00\" \/>\n<meta property=\"og:image\" content=\"https:\/\/rutesentrerefugis.com\/wp-content\/uploads\/2023\/03\/Lofoten-Inici-NW.jpg\" \/>\n\t<meta property=\"og:image:width\" content=\"1200\" \/>\n\t<meta property=\"og:image:height\" content=\"800\" \/>\n\t<meta property=\"og:image:type\" content=\"image\/jpeg\" \/>\n<meta name=\"author\" content=\"V\u00edctor Riverola\" \/>\n<meta name=\"twitter:card\" content=\"summary_large_image\" \/>\n<meta name=\"twitter:label1\" content=\"Escrito por\" \/>\n\t<meta name=\"twitter:data1\" content=\"V\u00edctor Riverola\" \/>\n<script type=\"application\/ld+json\" class=\"yoast-schema-graph\">{\"@context\":\"https:\\\/\\\/schema.org\",\"@graph\":[{\"@type\":\"Article\",\"@id\":\"https:\\\/\\\/rutesentrerefugis.com\\\/index.php\\\/2019\\\/10\\\/10\\\/descobrint-i-gaudint-les-illes-lofoten\\\/#article\",\"isPartOf\":{\"@id\":\"https:\\\/\\\/rutesentrerefugis.com\\\/index.php\\\/2019\\\/10\\\/10\\\/descobrint-i-gaudint-les-illes-lofoten\\\/\"},\"author\":{\"name\":\"V\u00edctor Riverola\",\"@id\":\"https:\\\/\\\/rutesentrerefugis.com\\\/#\\\/schema\\\/person\\\/9731ce6bec6c125d61e7257dbab656ea\"},\"headline\":\"DESCOBRINT I GAUDINT LES ILLES LOFOTEN\",\"datePublished\":\"2019-10-10T08:24:00+00:00\",\"dateModified\":\"2023-10-31T07:52:03+00:00\",\"mainEntityOfPage\":{\"@id\":\"https:\\\/\\\/rutesentrerefugis.com\\\/index.php\\\/2019\\\/10\\\/10\\\/descobrint-i-gaudint-les-illes-lofoten\\\/\"},\"wordCount\":3791,\"commentCount\":0,\"publisher\":{\"@id\":\"https:\\\/\\\/rutesentrerefugis.com\\\/#organization\"},\"image\":{\"@id\":\"https:\\\/\\\/rutesentrerefugis.com\\\/index.php\\\/2019\\\/10\\\/10\\\/descobrint-i-gaudint-les-illes-lofoten\\\/#primaryimage\"},\"thumbnailUrl\":\"https:\\\/\\\/rutesentrerefugis.com\\\/wp-content\\\/uploads\\\/2023\\\/03\\\/Lofoten-Inici-NW.jpg\",\"keywords\":[\"Cr\u00f3nicas\",\"Cr\u00f2niques\",\"Descobrint i Gaudint les Illes Lofoten\",\"Descubriendo y Disfrutando de las Islas Lofoten\",\"Illes Lofoten\",\"Islas Lofoten\",\"Victor Riverola\"],\"articleSection\":[\"Blog\",\"Victor Riverola\"],\"inLanguage\":\"es\",\"potentialAction\":[{\"@type\":\"CommentAction\",\"name\":\"Comment\",\"target\":[\"https:\\\/\\\/rutesentrerefugis.com\\\/index.php\\\/2019\\\/10\\\/10\\\/descobrint-i-gaudint-les-illes-lofoten\\\/#respond\"]}]},{\"@type\":\"WebPage\",\"@id\":\"https:\\\/\\\/rutesentrerefugis.com\\\/index.php\\\/2019\\\/10\\\/10\\\/descobrint-i-gaudint-les-illes-lofoten\\\/\",\"url\":\"https:\\\/\\\/rutesentrerefugis.com\\\/index.php\\\/2019\\\/10\\\/10\\\/descobrint-i-gaudint-les-illes-lofoten\\\/\",\"name\":\"DESCOBRINT I GAUDINT LES ILLES LOFOTEN - Rutes Entre Refugis\",\"isPartOf\":{\"@id\":\"https:\\\/\\\/rutesentrerefugis.com\\\/#website\"},\"primaryImageOfPage\":{\"@id\":\"https:\\\/\\\/rutesentrerefugis.com\\\/index.php\\\/2019\\\/10\\\/10\\\/descobrint-i-gaudint-les-illes-lofoten\\\/#primaryimage\"},\"image\":{\"@id\":\"https:\\\/\\\/rutesentrerefugis.com\\\/index.php\\\/2019\\\/10\\\/10\\\/descobrint-i-gaudint-les-illes-lofoten\\\/#primaryimage\"},\"thumbnailUrl\":\"https:\\\/\\\/rutesentrerefugis.com\\\/wp-content\\\/uploads\\\/2023\\\/03\\\/Lofoten-Inici-NW.jpg\",\"datePublished\":\"2019-10-10T08:24:00+00:00\",\"dateModified\":\"2023-10-31T07:52:03+00:00\",\"breadcrumb\":{\"@id\":\"https:\\\/\\\/rutesentrerefugis.com\\\/index.php\\\/2019\\\/10\\\/10\\\/descobrint-i-gaudint-les-illes-lofoten\\\/#breadcrumb\"},\"inLanguage\":\"es\",\"potentialAction\":[{\"@type\":\"ReadAction\",\"target\":[\"https:\\\/\\\/rutesentrerefugis.com\\\/index.php\\\/2019\\\/10\\\/10\\\/descobrint-i-gaudint-les-illes-lofoten\\\/\"]}]},{\"@type\":\"ImageObject\",\"inLanguage\":\"es\",\"@id\":\"https:\\\/\\\/rutesentrerefugis.com\\\/index.php\\\/2019\\\/10\\\/10\\\/descobrint-i-gaudint-les-illes-lofoten\\\/#primaryimage\",\"url\":\"https:\\\/\\\/rutesentrerefugis.com\\\/wp-content\\\/uploads\\\/2023\\\/03\\\/Lofoten-Inici-NW.jpg\",\"contentUrl\":\"https:\\\/\\\/rutesentrerefugis.com\\\/wp-content\\\/uploads\\\/2023\\\/03\\\/Lofoten-Inici-NW.jpg\",\"width\":1200,\"height\":800},{\"@type\":\"BreadcrumbList\",\"@id\":\"https:\\\/\\\/rutesentrerefugis.com\\\/index.php\\\/2019\\\/10\\\/10\\\/descobrint-i-gaudint-les-illes-lofoten\\\/#breadcrumb\",\"itemListElement\":[{\"@type\":\"ListItem\",\"position\":1,\"name\":\"Inici\",\"item\":\"https:\\\/\\\/rutesentrerefugis.com\\\/\"},{\"@type\":\"ListItem\",\"position\":2,\"name\":\"DESCOBRINT I GAUDINT LES ILLES LOFOTEN\"}]},{\"@type\":\"WebSite\",\"@id\":\"https:\\\/\\\/rutesentrerefugis.com\\\/#website\",\"url\":\"https:\\\/\\\/rutesentrerefugis.com\\\/\",\"name\":\"Rutes Entre Refugis\",\"description\":\"Caminant sota un nom\",\"publisher\":{\"@id\":\"https:\\\/\\\/rutesentrerefugis.com\\\/#organization\"},\"potentialAction\":[{\"@type\":\"SearchAction\",\"target\":{\"@type\":\"EntryPoint\",\"urlTemplate\":\"https:\\\/\\\/rutesentrerefugis.com\\\/?s={search_term_string}\"},\"query-input\":{\"@type\":\"PropertyValueSpecification\",\"valueRequired\":true,\"valueName\":\"search_term_string\"}}],\"inLanguage\":\"es\"},{\"@type\":\"Organization\",\"@id\":\"https:\\\/\\\/rutesentrerefugis.com\\\/#organization\",\"name\":\"Rutes Entre Refugis\",\"url\":\"https:\\\/\\\/rutesentrerefugis.com\\\/\",\"logo\":{\"@type\":\"ImageObject\",\"inLanguage\":\"es\",\"@id\":\"https:\\\/\\\/rutesentrerefugis.com\\\/#\\\/schema\\\/logo\\\/image\\\/\",\"url\":\"https:\\\/\\\/rutesentrerefugis.com\\\/wp-content\\\/uploads\\\/2022\\\/08\\\/RutesEntreRefugis-Blanc-Retina-1.png\",\"contentUrl\":\"https:\\\/\\\/rutesentrerefugis.com\\\/wp-content\\\/uploads\\\/2022\\\/08\\\/RutesEntreRefugis-Blanc-Retina-1.png\",\"width\":400,\"height\":400,\"caption\":\"Rutes Entre Refugis\"},\"image\":{\"@id\":\"https:\\\/\\\/rutesentrerefugis.com\\\/#\\\/schema\\\/logo\\\/image\\\/\"}},{\"@type\":\"Person\",\"@id\":\"https:\\\/\\\/rutesentrerefugis.com\\\/#\\\/schema\\\/person\\\/9731ce6bec6c125d61e7257dbab656ea\",\"name\":\"V\u00edctor Riverola\",\"image\":{\"@type\":\"ImageObject\",\"inLanguage\":\"es\",\"@id\":\"https:\\\/\\\/rutesentrerefugis.com\\\/wp-content\\\/uploads\\\/2023\\\/05\\\/avatar_user_48_1683354419-96x96.jpg\",\"url\":\"https:\\\/\\\/rutesentrerefugis.com\\\/wp-content\\\/uploads\\\/2023\\\/05\\\/avatar_user_48_1683354419-96x96.jpg\",\"contentUrl\":\"https:\\\/\\\/rutesentrerefugis.com\\\/wp-content\\\/uploads\\\/2023\\\/05\\\/avatar_user_48_1683354419-96x96.jpg\",\"caption\":\"V\u00edctor Riverola\"},\"url\":\"https:\\\/\\\/rutesentrerefugis.com\\\/index.php\\\/author\\\/victor-riverola\\\/\"}]}<\/script>\n<!-- \/ Yoast SEO plugin. -->","yoast_head_json":{"title":"DESCOBRINT I GAUDINT LES ILLES LOFOTEN - Rutes Entre Refugis","robots":{"index":"index","follow":"follow","max-snippet":"max-snippet:-1","max-image-preview":"max-image-preview:large","max-video-preview":"max-video-preview:-1"},"canonical":"https:\/\/rutesentrerefugis.com\/index.php\/2019\/10\/10\/descobrint-i-gaudint-les-illes-lofoten\/","og_locale":"es_ES","og_type":"article","og_title":"DESCOBRINT I GAUDINT LES ILLES LOFOTEN - Rutes Entre Refugis","og_description":"DESCOBRINT I GAUDINT LES ILLES LOFOTEN UNA PERLA NORUEGA Cr\u00f2nica escrita per V\u00cdCTOR RIVEROLA I MORERA Fotografies de JEKATERINA NIKITINA i V\u00cdCTOR RIVEROLA I MORERA Recordo amb molt afecte llegir a molt primerenca edat El far de la fi del m\u00f3n de Jules Verne i gaudir amb L&#8217;illa de la fi del m\u00f3n, un entretingut [&hellip;]","og_url":"https:\/\/rutesentrerefugis.com\/index.php\/2019\/10\/10\/descobrint-i-gaudint-les-illes-lofoten\/","og_site_name":"Rutes Entre Refugis","article_published_time":"2019-10-10T08:24:00+00:00","article_modified_time":"2023-10-31T07:52:03+00:00","og_image":[{"width":1200,"height":800,"url":"https:\/\/rutesentrerefugis.com\/wp-content\/uploads\/2023\/03\/Lofoten-Inici-NW.jpg","type":"image\/jpeg"}],"author":"V\u00edctor Riverola","twitter_card":"summary_large_image","twitter_misc":{"Escrito por":"V\u00edctor Riverola"},"schema":{"@context":"https:\/\/schema.org","@graph":[{"@type":"Article","@id":"https:\/\/rutesentrerefugis.com\/index.php\/2019\/10\/10\/descobrint-i-gaudint-les-illes-lofoten\/#article","isPartOf":{"@id":"https:\/\/rutesentrerefugis.com\/index.php\/2019\/10\/10\/descobrint-i-gaudint-les-illes-lofoten\/"},"author":{"name":"V\u00edctor Riverola","@id":"https:\/\/rutesentrerefugis.com\/#\/schema\/person\/9731ce6bec6c125d61e7257dbab656ea"},"headline":"DESCOBRINT I GAUDINT LES ILLES LOFOTEN","datePublished":"2019-10-10T08:24:00+00:00","dateModified":"2023-10-31T07:52:03+00:00","mainEntityOfPage":{"@id":"https:\/\/rutesentrerefugis.com\/index.php\/2019\/10\/10\/descobrint-i-gaudint-les-illes-lofoten\/"},"wordCount":3791,"commentCount":0,"publisher":{"@id":"https:\/\/rutesentrerefugis.com\/#organization"},"image":{"@id":"https:\/\/rutesentrerefugis.com\/index.php\/2019\/10\/10\/descobrint-i-gaudint-les-illes-lofoten\/#primaryimage"},"thumbnailUrl":"https:\/\/rutesentrerefugis.com\/wp-content\/uploads\/2023\/03\/Lofoten-Inici-NW.jpg","keywords":["Cr\u00f3nicas","Cr\u00f2niques","Descobrint i Gaudint les Illes Lofoten","Descubriendo y Disfrutando de las Islas Lofoten","Illes Lofoten","Islas Lofoten","Victor Riverola"],"articleSection":["Blog","Victor Riverola"],"inLanguage":"es","potentialAction":[{"@type":"CommentAction","name":"Comment","target":["https:\/\/rutesentrerefugis.com\/index.php\/2019\/10\/10\/descobrint-i-gaudint-les-illes-lofoten\/#respond"]}]},{"@type":"WebPage","@id":"https:\/\/rutesentrerefugis.com\/index.php\/2019\/10\/10\/descobrint-i-gaudint-les-illes-lofoten\/","url":"https:\/\/rutesentrerefugis.com\/index.php\/2019\/10\/10\/descobrint-i-gaudint-les-illes-lofoten\/","name":"DESCOBRINT I GAUDINT LES ILLES LOFOTEN - Rutes Entre Refugis","isPartOf":{"@id":"https:\/\/rutesentrerefugis.com\/#website"},"primaryImageOfPage":{"@id":"https:\/\/rutesentrerefugis.com\/index.php\/2019\/10\/10\/descobrint-i-gaudint-les-illes-lofoten\/#primaryimage"},"image":{"@id":"https:\/\/rutesentrerefugis.com\/index.php\/2019\/10\/10\/descobrint-i-gaudint-les-illes-lofoten\/#primaryimage"},"thumbnailUrl":"https:\/\/rutesentrerefugis.com\/wp-content\/uploads\/2023\/03\/Lofoten-Inici-NW.jpg","datePublished":"2019-10-10T08:24:00+00:00","dateModified":"2023-10-31T07:52:03+00:00","breadcrumb":{"@id":"https:\/\/rutesentrerefugis.com\/index.php\/2019\/10\/10\/descobrint-i-gaudint-les-illes-lofoten\/#breadcrumb"},"inLanguage":"es","potentialAction":[{"@type":"ReadAction","target":["https:\/\/rutesentrerefugis.com\/index.php\/2019\/10\/10\/descobrint-i-gaudint-les-illes-lofoten\/"]}]},{"@type":"ImageObject","inLanguage":"es","@id":"https:\/\/rutesentrerefugis.com\/index.php\/2019\/10\/10\/descobrint-i-gaudint-les-illes-lofoten\/#primaryimage","url":"https:\/\/rutesentrerefugis.com\/wp-content\/uploads\/2023\/03\/Lofoten-Inici-NW.jpg","contentUrl":"https:\/\/rutesentrerefugis.com\/wp-content\/uploads\/2023\/03\/Lofoten-Inici-NW.jpg","width":1200,"height":800},{"@type":"BreadcrumbList","@id":"https:\/\/rutesentrerefugis.com\/index.php\/2019\/10\/10\/descobrint-i-gaudint-les-illes-lofoten\/#breadcrumb","itemListElement":[{"@type":"ListItem","position":1,"name":"Inici","item":"https:\/\/rutesentrerefugis.com\/"},{"@type":"ListItem","position":2,"name":"DESCOBRINT I GAUDINT LES ILLES LOFOTEN"}]},{"@type":"WebSite","@id":"https:\/\/rutesentrerefugis.com\/#website","url":"https:\/\/rutesentrerefugis.com\/","name":"Rutes Entre Refugis","description":"Caminant sota un nom","publisher":{"@id":"https:\/\/rutesentrerefugis.com\/#organization"},"potentialAction":[{"@type":"SearchAction","target":{"@type":"EntryPoint","urlTemplate":"https:\/\/rutesentrerefugis.com\/?s={search_term_string}"},"query-input":{"@type":"PropertyValueSpecification","valueRequired":true,"valueName":"search_term_string"}}],"inLanguage":"es"},{"@type":"Organization","@id":"https:\/\/rutesentrerefugis.com\/#organization","name":"Rutes Entre Refugis","url":"https:\/\/rutesentrerefugis.com\/","logo":{"@type":"ImageObject","inLanguage":"es","@id":"https:\/\/rutesentrerefugis.com\/#\/schema\/logo\/image\/","url":"https:\/\/rutesentrerefugis.com\/wp-content\/uploads\/2022\/08\/RutesEntreRefugis-Blanc-Retina-1.png","contentUrl":"https:\/\/rutesentrerefugis.com\/wp-content\/uploads\/2022\/08\/RutesEntreRefugis-Blanc-Retina-1.png","width":400,"height":400,"caption":"Rutes Entre Refugis"},"image":{"@id":"https:\/\/rutesentrerefugis.com\/#\/schema\/logo\/image\/"}},{"@type":"Person","@id":"https:\/\/rutesentrerefugis.com\/#\/schema\/person\/9731ce6bec6c125d61e7257dbab656ea","name":"V\u00edctor Riverola","image":{"@type":"ImageObject","inLanguage":"es","@id":"https:\/\/rutesentrerefugis.com\/wp-content\/uploads\/2023\/05\/avatar_user_48_1683354419-96x96.jpg","url":"https:\/\/rutesentrerefugis.com\/wp-content\/uploads\/2023\/05\/avatar_user_48_1683354419-96x96.jpg","contentUrl":"https:\/\/rutesentrerefugis.com\/wp-content\/uploads\/2023\/05\/avatar_user_48_1683354419-96x96.jpg","caption":"V\u00edctor Riverola"},"url":"https:\/\/rutesentrerefugis.com\/index.php\/author\/victor-riverola\/"}]}},"_links":{"self":[{"href":"https:\/\/rutesentrerefugis.com\/index.php\/wp-json\/wp\/v2\/posts\/11628","targetHints":{"allow":["GET"]}}],"collection":[{"href":"https:\/\/rutesentrerefugis.com\/index.php\/wp-json\/wp\/v2\/posts"}],"about":[{"href":"https:\/\/rutesentrerefugis.com\/index.php\/wp-json\/wp\/v2\/types\/post"}],"author":[{"embeddable":true,"href":"https:\/\/rutesentrerefugis.com\/index.php\/wp-json\/wp\/v2\/users\/48"}],"replies":[{"embeddable":true,"href":"https:\/\/rutesentrerefugis.com\/index.php\/wp-json\/wp\/v2\/comments?post=11628"}],"version-history":[{"count":12,"href":"https:\/\/rutesentrerefugis.com\/index.php\/wp-json\/wp\/v2\/posts\/11628\/revisions"}],"predecessor-version":[{"id":16862,"href":"https:\/\/rutesentrerefugis.com\/index.php\/wp-json\/wp\/v2\/posts\/11628\/revisions\/16862"}],"wp:featuredmedia":[{"embeddable":true,"href":"https:\/\/rutesentrerefugis.com\/index.php\/wp-json\/wp\/v2\/media\/11630"}],"wp:attachment":[{"href":"https:\/\/rutesentrerefugis.com\/index.php\/wp-json\/wp\/v2\/media?parent=11628"}],"wp:term":[{"taxonomy":"category","embeddable":true,"href":"https:\/\/rutesentrerefugis.com\/index.php\/wp-json\/wp\/v2\/categories?post=11628"},{"taxonomy":"post_tag","embeddable":true,"href":"https:\/\/rutesentrerefugis.com\/index.php\/wp-json\/wp\/v2\/tags?post=11628"}],"curies":[{"name":"wp","href":"https:\/\/api.w.org\/{rel}","templated":true}]}}