{"id":13938,"date":"2018-06-24T11:18:00","date_gmt":"2018-06-24T11:18:00","guid":{"rendered":"https:\/\/nova.rutesentrerefugis.com\/?p=13938"},"modified":"2025-02-22T11:44:40","modified_gmt":"2025-02-22T11:44:40","slug":"el-anillos-de-picos-es","status":"publish","type":"post","link":"https:\/\/rutesentrerefugis.com\/index.php\/es\/2018\/06\/24\/el-anillos-de-picos-es\/","title":{"rendered":"EL ANILLO DE PICOS"},"content":{"rendered":"\t\t<div data-elementor-type=\"wp-post\" data-elementor-id=\"13938\" class=\"elementor elementor-13938\" data-elementor-post-type=\"post\">\n\t\t\t\t\t\t<section class=\"elementor-section elementor-top-section elementor-element elementor-element-e9ba06d elementor-section-full_width elementor-section-height-default elementor-section-height-default\" data-id=\"e9ba06d\" data-element_type=\"section\" data-e-type=\"section\">\n\t\t\t\t\t\t<div class=\"elementor-container elementor-column-gap-default\">\n\t\t\t\t\t<div class=\"elementor-column elementor-col-100 elementor-top-column elementor-element elementor-element-9e3f98e\" data-id=\"9e3f98e\" data-element_type=\"column\" data-e-type=\"column\">\n\t\t\t<div class=\"elementor-widget-wrap elementor-element-populated\">\n\t\t\t\t\t\t<div class=\"elementor-element elementor-element-64bfbc7 elementor-widget elementor-widget-image\" data-id=\"64bfbc7\" data-element_type=\"widget\" data-e-type=\"widget\" data-widget_type=\"image.default\">\n\t\t\t\t<div class=\"elementor-widget-container\">\n\t\t\t\t\t\t\t\t\t\t\t\t\t\t\t<img fetchpriority=\"high\" decoding=\"async\" width=\"2000\" height=\"450\" src=\"https:\/\/rutesentrerefugis.com\/wp-content\/uploads\/2022\/08\/A-Peu-Inici-NW.jpg\" class=\"attachment-full size-full wp-image-849\" alt=\"Rutes Entre Refugis\" srcset=\"https:\/\/rutesentrerefugis.com\/wp-content\/uploads\/2022\/08\/A-Peu-Inici-NW.jpg 2000w, https:\/\/rutesentrerefugis.com\/wp-content\/uploads\/2022\/08\/A-Peu-Inici-NW-300x68.jpg 300w, https:\/\/rutesentrerefugis.com\/wp-content\/uploads\/2022\/08\/A-Peu-Inici-NW-1024x230.jpg 1024w, https:\/\/rutesentrerefugis.com\/wp-content\/uploads\/2022\/08\/A-Peu-Inici-NW-768x173.jpg 768w, https:\/\/rutesentrerefugis.com\/wp-content\/uploads\/2022\/08\/A-Peu-Inici-NW-1536x346.jpg 1536w\" sizes=\"(max-width: 2000px) 100vw, 2000px\" \/>\t\t\t\t\t\t\t\t\t\t\t\t\t\t\t<\/div>\n\t\t\t\t<\/div>\n\t\t\t\t\t<\/div>\n\t\t<\/div>\n\t\t\t\t\t<\/div>\n\t\t<\/section>\n\t\t\t\t<section class=\"elementor-section elementor-top-section elementor-element elementor-element-34b90c5 elementor-section-full_width elementor-section-height-default elementor-section-height-default\" data-id=\"34b90c5\" data-element_type=\"section\" data-e-type=\"section\" data-settings=\"{&quot;background_background&quot;:&quot;classic&quot;}\">\n\t\t\t\t\t\t<div class=\"elementor-container elementor-column-gap-default\">\n\t\t\t\t\t<div class=\"elementor-column elementor-col-100 elementor-top-column elementor-element elementor-element-3482507\" data-id=\"3482507\" data-element_type=\"column\" data-e-type=\"column\">\n\t\t\t<div class=\"elementor-widget-wrap elementor-element-populated\">\n\t\t\t\t\t\t<div class=\"elementor-element elementor-element-f9f51f1 elementor-widget elementor-widget-heading\" data-id=\"f9f51f1\" data-element_type=\"widget\" data-e-type=\"widget\" data-widget_type=\"heading.default\">\n\t\t\t\t<div class=\"elementor-widget-container\">\n\t\t\t\t\t<h1 class=\"elementor-heading-title elementor-size-default\">\u00b7 <font color=\"#000000\"><\/b>EL ANILLO DE PICOS<\/b><\/font> \u00b7<\/h1>\t\t\t\t<\/div>\n\t\t\t\t<\/div>\n\t\t\t\t\t<\/div>\n\t\t<\/div>\n\t\t\t\t\t<\/div>\n\t\t<\/section>\n\t\t\t\t<section class=\"elementor-section elementor-top-section elementor-element elementor-element-124b988 elementor-section-full_width elementor-section-height-default elementor-section-height-default\" data-id=\"124b988\" data-element_type=\"section\" data-e-type=\"section\" data-settings=\"{&quot;background_background&quot;:&quot;classic&quot;}\">\n\t\t\t\t\t\t<div class=\"elementor-container elementor-column-gap-default\">\n\t\t\t\t\t<div class=\"elementor-column elementor-col-100 elementor-top-column elementor-element elementor-element-5cbd8fb\" data-id=\"5cbd8fb\" data-element_type=\"column\" data-e-type=\"column\">\n\t\t\t<div class=\"elementor-widget-wrap elementor-element-populated\">\n\t\t\t\t\t\t<div class=\"elementor-element elementor-element-6f67eba elementor-widget-divider--view-line elementor-widget elementor-widget-divider\" data-id=\"6f67eba\" data-element_type=\"widget\" data-e-type=\"widget\" data-widget_type=\"divider.default\">\n\t\t\t\t<div class=\"elementor-widget-container\">\n\t\t\t\t\t\t\t<div class=\"elementor-divider\">\n\t\t\t<span class=\"elementor-divider-separator\">\n\t\t\t\t\t\t<\/span>\n\t\t<\/div>\n\t\t\t\t\t\t<\/div>\n\t\t\t\t<\/div>\n\t\t\t\t\t<\/div>\n\t\t<\/div>\n\t\t\t\t\t<\/div>\n\t\t<\/section>\n\t\t\t\t<section class=\"elementor-section elementor-top-section elementor-element elementor-element-efbb316 elementor-section-full_width elementor-section-height-default elementor-section-height-default\" data-id=\"efbb316\" data-element_type=\"section\" data-e-type=\"section\">\n\t\t\t\t\t\t<div class=\"elementor-container elementor-column-gap-default\">\n\t\t\t\t\t<div class=\"elementor-column elementor-col-100 elementor-top-column elementor-element elementor-element-e9ca57b\" data-id=\"e9ca57b\" data-element_type=\"column\" data-e-type=\"column\">\n\t\t\t<div class=\"elementor-widget-wrap elementor-element-populated\">\n\t\t\t\t\t\t<div class=\"elementor-element elementor-element-6ac66ce elementor-widget elementor-widget-spacer\" data-id=\"6ac66ce\" data-element_type=\"widget\" data-e-type=\"widget\" data-widget_type=\"spacer.default\">\n\t\t\t\t<div class=\"elementor-widget-container\">\n\t\t\t\t\t\t\t<div class=\"elementor-spacer\">\n\t\t\t<div class=\"elementor-spacer-inner\"><\/div>\n\t\t<\/div>\n\t\t\t\t\t\t<\/div>\n\t\t\t\t<\/div>\n\t\t\t\t\t<\/div>\n\t\t<\/div>\n\t\t\t\t\t<\/div>\n\t\t<\/section>\n\t\t\t\t<section class=\"elementor-section elementor-top-section elementor-element elementor-element-e125e0d elementor-section-full_width elementor-section-height-default elementor-section-height-default\" data-id=\"e125e0d\" data-element_type=\"section\" data-e-type=\"section\">\n\t\t\t\t\t\t<div class=\"elementor-container elementor-column-gap-default\">\n\t\t\t\t\t<div class=\"elementor-column elementor-col-33 elementor-top-column elementor-element elementor-element-2e22631\" data-id=\"2e22631\" data-element_type=\"column\" data-e-type=\"column\">\n\t\t\t<div class=\"elementor-widget-wrap elementor-element-populated\">\n\t\t\t\t\t\t<div class=\"elementor-element elementor-element-81df6da elementor-widget elementor-widget-text-editor\" data-id=\"81df6da\" data-element_type=\"widget\" data-e-type=\"widget\" data-widget_type=\"text-editor.default\">\n\t\t\t\t<div class=\"elementor-widget-container\">\n\t\t\t\t\t\t\t\t\t<h5><span style=\"color: #b40404;\"><u><b>UBICACI\u00d3N<\/b><\/u><\/span><\/h5><h6>Parque Nacional de Picos de Europa<\/h6>\t\t\t\t\t\t\t\t<\/div>\n\t\t\t\t<\/div>\n\t\t\t\t<div class=\"elementor-element elementor-element-38b8886 elementor-widget elementor-widget-text-editor\" data-id=\"38b8886\" data-element_type=\"widget\" data-e-type=\"widget\" data-widget_type=\"text-editor.default\">\n\t\t\t\t<div class=\"elementor-widget-container\">\n\t\t\t\t\t\t\t\t\t<h5><span style=\"color: #b40404;\"><u><b>COMARCAS<\/b><\/u><\/span><\/h5><h6><span style=\"color: #666666;\">Oriente (Asturies)<br \/>Li\u00e9bana (Cantabria)<br \/>Valde\u00f3n (Le\u00f3n)<\/span><\/h6>\t\t\t\t\t\t\t\t<\/div>\n\t\t\t\t<\/div>\n\t\t\t\t<div class=\"elementor-element elementor-element-f57335f elementor-widget elementor-widget-text-editor\" data-id=\"f57335f\" data-element_type=\"widget\" data-e-type=\"widget\" data-widget_type=\"text-editor.default\">\n\t\t\t\t<div class=\"elementor-widget-container\">\n\t\t\t\t\t\t\t\t\t<h5><span style=\"color: #b40404;\"><u><b>WEB &#8211; REDES SOCIALES<\/b><\/u><\/span><\/h5>\n<h6><a href=\"http:\/\/www.elanillodepicos.com\" target=\"_blank\" rel=\"noopener\"><span style=\"color: #666666;\">www.elanillodepicos.com<\/span><\/a><\/h6>\n<a href=\"https:\/\/es-es.facebook.com\/pages\/category\/Website\/Anillo-de-Picos-155282477870932\/\" target=\"_blank\" rel=\"noopener\"><img decoding=\"async\" src=\"http:\/\/rutesentrerefugis.com\/wp-content\/uploads\/2021\/01\/Facebook-50x50-2.jpg\" width=\"50\" height=\"50\" \/><\/a>\t\t\t\t\t\t\t\t<\/div>\n\t\t\t\t<\/div>\n\t\t\t\t<div class=\"elementor-element elementor-element-b23d66a elementor-widget elementor-widget-text-editor\" data-id=\"b23d66a\" data-element_type=\"widget\" data-e-type=\"widget\" data-widget_type=\"text-editor.default\">\n\t\t\t\t<div class=\"elementor-widget-container\">\n\t\t\t\t\t\t\t\t\t<h5><strong><span style=\"color: #b40404;\"><u>AG\u00c9NCIA RECOMENDADA<\/u><\/span><\/strong><\/h5>\n<a href=\"https:\/\/www.viajesapie.com\/anillo-picos-de-europa?rq=anillo\" target=\"_blank\" rel=\"noopener\"><img decoding=\"async\" src=\"https:\/\/rutesentrerefugis.com\/wp-content\/uploads\/2023\/04\/Logo-Marro-100x100-1.jpg\" width=\"100\" height=\"100\" \/><\/a>\t\t\t\t\t\t\t\t<\/div>\n\t\t\t\t<\/div>\n\t\t\t\t\t<\/div>\n\t\t<\/div>\n\t\t\t\t<div class=\"elementor-column elementor-col-33 elementor-top-column elementor-element elementor-element-4c461d8\" data-id=\"4c461d8\" data-element_type=\"column\" data-e-type=\"column\">\n\t\t\t<div class=\"elementor-widget-wrap elementor-element-populated\">\n\t\t\t\t\t\t<div class=\"elementor-element elementor-element-009a57a elementor-widget elementor-widget-text-editor\" data-id=\"009a57a\" data-element_type=\"widget\" data-e-type=\"widget\" data-widget_type=\"text-editor.default\">\n\t\t\t\t<div class=\"elementor-widget-container\">\n\t\t\t\t\t\t\t\t\t<h5><span style=\"color: #000000;\"><u><b>ANILLO VINDIO<\/b><\/u><\/span><\/h5><h6><span style=\"color: #b40404;\"><u><b>4 ETAPAS<\/b><\/u><\/span><\/h6><h6><span style=\"color: #000000;\">63 kms \u239c+3.900 m \u239c- m<\/span><\/h6><h6>Valde\u00f3n \u2013 Ref. Vega de Ario<br \/>Ref. Vega de Ario \u2013 Ref. Vegarredonda<br \/>Ref. Vegarredonda \u2013 Ref. Vegaba\u00f1o<br \/>Ref. Vegaba\u00f1o &#8211; Valde\u00f3n<\/h6>\t\t\t\t\t\t\t\t<\/div>\n\t\t\t\t<\/div>\n\t\t\t\t<div class=\"elementor-element elementor-element-64adaa2 elementor-widget elementor-widget-text-editor\" data-id=\"64adaa2\" data-element_type=\"widget\" data-e-type=\"widget\" data-widget_type=\"text-editor.default\">\n\t\t\t\t<div class=\"elementor-widget-container\">\n\t\t\t\t\t\t\t\t\t<h5><span style=\"color: #000000;\"><u><b>ANILLO EXTREM<\/b><\/u><\/span><\/h5><h6><span style=\"color: #b40404;\"><u><b>8 ETAPAS<\/b><\/u><\/span><\/h6><h6><span style=\"color: #000000;\">82 kms \u239c+7.050 m \u239c- m<\/span><\/h6><h6>Valde\u00f3n \u2013 Ref. Collado Jermoso<br \/>Ref. Collado Jermoso \u2013 Ref. Caba\u00f1a Ver\u00f3nica<br \/>Ref. Caba\u00f1a Ver\u00f3nica \u2013 Ref. Vega de Urriellu<br \/>Ref. Vega de Urriellu \u2013 Ref. Jou de los Cabrones<br \/>Ref. Jou de los Cabrones \u2013 Ref. Vega de Ario<br \/>Ref. Vega de Ario &#8211; Ref. Vegarredonda<br \/>Ref. Vegarredonda &#8211; Ref. Vegaba\u00f1o<br \/>Ref. Vegaba\u00f1o &#8211; Valde\u00f3n<\/h6>\t\t\t\t\t\t\t\t<\/div>\n\t\t\t\t<\/div>\n\t\t\t\t<div class=\"elementor-element elementor-element-f11aadf elementor-widget elementor-widget-text-editor\" data-id=\"f11aadf\" data-element_type=\"widget\" data-e-type=\"widget\" data-widget_type=\"text-editor.default\">\n\t\t\t\t<div class=\"elementor-widget-container\">\n\t\t\t\t\t\t\t\t\t<h5><span style=\"color: #000000;\"><u><b>ANILLO 3 MACIZOS<\/b><\/u><\/span><\/h5><h6><span style=\"color: #b40404;\"><u><b>9 ETAPAS<\/b><\/u><\/span><\/h6><h6><span style=\"color: #000000;\">110 kms \u239c+9.350 m \u239c- m<\/span><\/h6><h6>Valde\u00f3n \u2013 Ref. Collado Jermoso<br \/>Ref. Collado Jermoso \u2013 Ref. Caba\u00f1a Ver\u00f3nica<br \/>Ref. Caba\u00f1a Ver\u00f3nica \u2013 Ref. Caset\u00f3n de Andara<br \/>Ref. Caset\u00f3n de Andara \u2013 Ref. Vega de Urriellu<br \/>Ref. Vega de Urriellu \u2013 Ref. Jou de los Cabrones<br \/>Ref. Jou de los Cabrones \u2013 Ref. Vega de Ario<br \/>Ref. Vega de Ario &#8211; Ref. Vegarredonda<br \/>Ref. Vegarredonda &#8211; Ref. Vegaba\u00f1o<br \/>Ref. Vegaba\u00f1o &#8211; Valde\u00f3n<\/h6>\t\t\t\t\t\t\t\t<\/div>\n\t\t\t\t<\/div>\n\t\t\t\t\t<\/div>\n\t\t<\/div>\n\t\t\t\t<div class=\"elementor-column elementor-col-33 elementor-top-column elementor-element elementor-element-d99ccff\" data-id=\"d99ccff\" data-element_type=\"column\" data-e-type=\"column\">\n\t\t\t<div class=\"elementor-widget-wrap elementor-element-populated\">\n\t\t\t\t\t\t<div class=\"elementor-element elementor-element-cf05424 elementor-widget elementor-widget-text-editor\" data-id=\"cf05424\" data-element_type=\"widget\" data-e-type=\"widget\" data-widget_type=\"text-editor.default\">\n\t\t\t\t<div class=\"elementor-widget-container\">\n\t\t\t\t\t\t\t\t\t<h5><span style=\"color: #b40404;\"><u><b>DONDE DORMIR<\/b><\/u><\/span><\/h5><h6><a href=\"http:\/\/www.refugiovegadeario.es\" target=\"_blank\" rel=\"noopener\"><span style=\"color: #666666;\">Refugio Vega de Ario (1.630 m)<\/span><\/a><br \/><a href=\"http:\/\/www.refugiovegarredonda.com\" target=\"_blank\" rel=\"noopener\"><span style=\"color: #666666;\">Refugio Vegarreonda (1.470 m)<\/span><\/a><br \/><a href=\"http:\/\/www.refugiopicos.com\" target=\"_blank\" rel=\"noopener\"><span style=\"color: #666666;\">Refugio Vegaba\u00f1o (1.432 m)<\/span><\/a><br \/><a href=\"http:\/\/www.colladojermoso.com\" target=\"_blank\" rel=\"noopener\"><span style=\"color: #666666;\">Refugio Collado Jermoso (2.064 m)<\/span><\/a><br \/><a href=\"http:\/\/www.elanillodepicos.com\/refugio-cabana-veronica\" target=\"_blank\" rel=\"noopener\"><span style=\"color: #666666;\">Refugio Caba\u00f1a Ver\u00f3nica (2.325 m)<\/span><\/a><br \/><a href=\"http:\/\/www.casetondeandara.com\" target=\"_blank\" rel=\"noopener\"><span style=\"color: #666666;\">Refugio Caset\u00f3n de Andara (1.725 m)<\/span><\/a><br \/><a href=\"http:\/\/www.refugiodeurriellu.com\/web\/\" target=\"_blank\" rel=\"noopener\"><span style=\"color: #666666;\">Refugio Vega de Urriellu (1.960 m)<\/span><\/a><br \/><a href=\"http:\/\/www.refugiojoudeloscabrones.com\/\" target=\"_blank\" rel=\"noopener\"><span style=\"color: #666666;\">Refugio Jou de los Cabrones (2.034 m)<\/span><\/a><br \/><a href=\"http:\/\/www.elanillodepicos.com\/refugio-la-tenerosa\" target=\"_blank\" rel=\"noopener\"><span style=\"color: #666666;\">Refugio La Tenerosa (1.300 m)<\/span><\/a><\/h6>\t\t\t\t\t\t\t\t<\/div>\n\t\t\t\t<\/div>\n\t\t\t\t<div class=\"elementor-element elementor-element-271cc5f elementor-widget elementor-widget-text-editor\" data-id=\"271cc5f\" data-element_type=\"widget\" data-e-type=\"widget\" data-widget_type=\"text-editor.default\">\n\t\t\t\t<div class=\"elementor-widget-container\">\n\t\t\t\t\t\t\t\t\t<h5><span style=\"color: #b40404;\"><u><b>PICOS OPCIONALES<\/b><\/u><\/span><\/h5><h6><span style=\"color: #666666;\">Pico de la Rasa (2.087 m)<br \/>El Llambri\u00f3n (2.642 m)<br \/>Pe\u00f1alba (1.780 m)<br \/>La Palanca (2.614 m)<br \/>El Friero (2.554 m)<br \/>Torre de los Horcados Rojos (2.503 m)<br \/>Pico Tesorero (2.563 m)<br \/>Pico San Carlos (2.390 m)<br \/>Pico Samelar (2.237 m)<br \/>La Rasa del Inagotable (2.284 m)<br \/>Pica del Jierru (2.424 m)<br \/>Morra de Lechugales (2.443 m)<br \/>Pico Valdominguero (2.265 m)<br \/>Naranjo de Bulnes \u00abPicu Urriellu\u00bb (2.519 m)<br \/>Torrecerredo (2.648 m)<br \/>Cuetos del Trave (2.251 m)<br \/>Albo Oriental (2.109 m)<br \/>Dobresengos (2.384 m)<br \/>Pico y Agujas de los Cabrones (2.558 m)<br \/>Torre Bermeja (2.392 m)<br \/>Torre de la P\u00e1rdida (2.582 m)<br \/>Never\u00f3n de Urriellu (2.555 m)<\/span><\/h6>\t\t\t\t\t\t\t\t<\/div>\n\t\t\t\t<\/div>\n\t\t\t\t\t<\/div>\n\t\t<\/div>\n\t\t\t\t\t<\/div>\n\t\t<\/section>\n\t\t\t\t<section class=\"elementor-section elementor-top-section elementor-element elementor-element-e431279 elementor-section-full_width elementor-section-height-default elementor-section-height-default\" data-id=\"e431279\" data-element_type=\"section\" data-e-type=\"section\">\n\t\t\t\t\t\t<div class=\"elementor-container elementor-column-gap-default\">\n\t\t\t\t\t<div class=\"elementor-column elementor-col-100 elementor-top-column elementor-element elementor-element-33e28c2\" data-id=\"33e28c2\" data-element_type=\"column\" data-e-type=\"column\">\n\t\t\t<div class=\"elementor-widget-wrap elementor-element-populated\">\n\t\t\t\t\t\t<div class=\"elementor-element elementor-element-ddc476c elementor-widget elementor-widget-text-editor\" data-id=\"ddc476c\" data-element_type=\"widget\" data-e-type=\"widget\" data-widget_type=\"text-editor.default\">\n\t\t\t\t<div class=\"elementor-widget-container\">\n\t\t\t\t\t\t\t\t\t<p><iframe src=\"https:\/\/www.google.com\/maps\/d\/embed?mid=1MijfNVycpODebwofCr-na2WMvLrZx-tA\" width=\"2000\" height=\"500\"><\/iframe><\/p>\t\t\t\t\t\t\t\t<\/div>\n\t\t\t\t<\/div>\n\t\t\t\t\t<\/div>\n\t\t<\/div>\n\t\t\t\t\t<\/div>\n\t\t<\/section>\n\t\t\t\t<section class=\"elementor-section elementor-top-section elementor-element elementor-element-0a5ffa0 elementor-section-full_width elementor-section-height-default elementor-section-height-default\" data-id=\"0a5ffa0\" data-element_type=\"section\" data-e-type=\"section\">\n\t\t\t\t\t\t<div class=\"elementor-container elementor-column-gap-default\">\n\t\t\t\t\t<div class=\"elementor-column elementor-col-100 elementor-top-column elementor-element elementor-element-2536f4b\" data-id=\"2536f4b\" data-element_type=\"column\" data-e-type=\"column\">\n\t\t\t<div class=\"elementor-widget-wrap elementor-element-populated\">\n\t\t\t\t\t\t<div class=\"elementor-element elementor-element-285f5e1 elementor-widget elementor-widget-heading\" data-id=\"285f5e1\" data-element_type=\"widget\" data-e-type=\"widget\" data-widget_type=\"heading.default\">\n\t\t\t\t<div class=\"elementor-widget-container\">\n\t\t\t\t\t<h3 class=\"elementor-heading-title elementor-size-default\">\u00b7 <u>CARTOGRAF\u00cdA - GU\u00cdAS<\/u> \u00b7<\/h3>\t\t\t\t<\/div>\n\t\t\t\t<\/div>\n\t\t\t\t\t<\/div>\n\t\t<\/div>\n\t\t\t\t\t<\/div>\n\t\t<\/section>\n\t\t\t\t<section class=\"elementor-section elementor-top-section elementor-element elementor-element-50e6b5e elementor-section-full_width elementor-section-height-default elementor-section-height-default\" data-id=\"50e6b5e\" data-element_type=\"section\" data-e-type=\"section\">\n\t\t\t\t\t\t<div class=\"elementor-container elementor-column-gap-default\">\n\t\t\t\t\t<div class=\"elementor-column elementor-col-16 elementor-top-column elementor-element elementor-element-44d50c7\" data-id=\"44d50c7\" data-element_type=\"column\" data-e-type=\"column\">\n\t\t\t<div class=\"elementor-widget-wrap elementor-element-populated\">\n\t\t\t\t\t\t<div class=\"elementor-element elementor-element-2b97832 elementor-widget elementor-widget-image\" data-id=\"2b97832\" data-element_type=\"widget\" data-e-type=\"widget\" data-widget_type=\"image.default\">\n\t\t\t\t<div class=\"elementor-widget-container\">\n\t\t\t\t\t\t\t\t\t\t\t\t\t\t\t<img loading=\"lazy\" decoding=\"async\" width=\"300\" height=\"480\" src=\"https:\/\/rutesentrerefugis.com\/wp-content\/uploads\/2023\/03\/Anillo-Picos.jpg\" class=\"attachment-full size-full wp-image-13929\" alt=\"\" srcset=\"https:\/\/rutesentrerefugis.com\/wp-content\/uploads\/2023\/03\/Anillo-Picos.jpg 300w, https:\/\/rutesentrerefugis.com\/wp-content\/uploads\/2023\/03\/Anillo-Picos-188x300.jpg 188w\" sizes=\"(max-width: 300px) 100vw, 300px\" \/>\t\t\t\t\t\t\t\t\t\t\t\t\t\t\t<\/div>\n\t\t\t\t<\/div>\n\t\t\t\t\t<\/div>\n\t\t<\/div>\n\t\t\t\t<div class=\"elementor-column elementor-col-16 elementor-top-column elementor-element elementor-element-4fe47f5\" data-id=\"4fe47f5\" data-element_type=\"column\" data-e-type=\"column\">\n\t\t\t<div class=\"elementor-widget-wrap elementor-element-populated\">\n\t\t\t\t\t\t<div class=\"elementor-element elementor-element-a990ba1 elementor-widget elementor-widget-image\" data-id=\"a990ba1\" data-element_type=\"widget\" data-e-type=\"widget\" data-widget_type=\"image.default\">\n\t\t\t\t<div class=\"elementor-widget-container\">\n\t\t\t\t\t\t\t\t\t\t\t\t\t\t\t<img loading=\"lazy\" decoding=\"async\" width=\"300\" height=\"550\" src=\"https:\/\/rutesentrerefugis.com\/wp-content\/uploads\/2018\/06\/Picos-Europa-02-25000.jpg\" class=\"attachment-full size-full wp-image-24330\" alt=\"\" srcset=\"https:\/\/rutesentrerefugis.com\/wp-content\/uploads\/2018\/06\/Picos-Europa-02-25000.jpg 300w, https:\/\/rutesentrerefugis.com\/wp-content\/uploads\/2018\/06\/Picos-Europa-02-25000-164x300.jpg 164w\" sizes=\"(max-width: 300px) 100vw, 300px\" \/>\t\t\t\t\t\t\t\t\t\t\t\t\t\t\t<\/div>\n\t\t\t\t<\/div>\n\t\t\t\t\t<\/div>\n\t\t<\/div>\n\t\t\t\t<div class=\"elementor-column elementor-col-16 elementor-top-column elementor-element elementor-element-458a425\" data-id=\"458a425\" data-element_type=\"column\" data-e-type=\"column\">\n\t\t\t<div class=\"elementor-widget-wrap elementor-element-populated\">\n\t\t\t\t\t\t<div class=\"elementor-element elementor-element-14d0c05 elementor-widget elementor-widget-image\" data-id=\"14d0c05\" data-element_type=\"widget\" data-e-type=\"widget\" data-widget_type=\"image.default\">\n\t\t\t\t<div class=\"elementor-widget-container\">\n\t\t\t\t\t\t\t\t\t\t\t\t\t\t\t<img loading=\"lazy\" decoding=\"async\" width=\"300\" height=\"550\" src=\"https:\/\/rutesentrerefugis.com\/wp-content\/uploads\/2023\/03\/Anillos-de-Picos-02-edicio.jpg\" class=\"attachment-full size-full wp-image-13932\" alt=\"\" srcset=\"https:\/\/rutesentrerefugis.com\/wp-content\/uploads\/2023\/03\/Anillos-de-Picos-02-edicio.jpg 300w, https:\/\/rutesentrerefugis.com\/wp-content\/uploads\/2023\/03\/Anillos-de-Picos-02-edicio-164x300.jpg 164w\" sizes=\"(max-width: 300px) 100vw, 300px\" \/>\t\t\t\t\t\t\t\t\t\t\t\t\t\t\t<\/div>\n\t\t\t\t<\/div>\n\t\t\t\t\t<\/div>\n\t\t<\/div>\n\t\t\t\t<div class=\"elementor-column elementor-col-16 elementor-top-column elementor-element elementor-element-286de26\" data-id=\"286de26\" data-element_type=\"column\" data-e-type=\"column\">\n\t\t\t<div class=\"elementor-widget-wrap elementor-element-populated\">\n\t\t\t\t\t\t<div class=\"elementor-element elementor-element-ef61277 elementor-widget elementor-widget-image\" data-id=\"ef61277\" data-element_type=\"widget\" data-e-type=\"widget\" data-widget_type=\"image.default\">\n\t\t\t\t<div class=\"elementor-widget-container\">\n\t\t\t\t\t\t\t\t\t\t\t\t\t\t\t<img loading=\"lazy\" decoding=\"async\" width=\"300\" height=\"550\" src=\"https:\/\/rutesentrerefugis.com\/wp-content\/uploads\/2023\/03\/Anillos-de-Picos.jpg\" class=\"attachment-full size-full wp-image-13933\" alt=\"\" srcset=\"https:\/\/rutesentrerefugis.com\/wp-content\/uploads\/2023\/03\/Anillos-de-Picos.jpg 300w, https:\/\/rutesentrerefugis.com\/wp-content\/uploads\/2023\/03\/Anillos-de-Picos-164x300.jpg 164w\" sizes=\"(max-width: 300px) 100vw, 300px\" \/>\t\t\t\t\t\t\t\t\t\t\t\t\t\t\t<\/div>\n\t\t\t\t<\/div>\n\t\t\t\t\t<\/div>\n\t\t<\/div>\n\t\t\t\t<div class=\"elementor-column elementor-col-16 elementor-top-column elementor-element elementor-element-2868c87\" data-id=\"2868c87\" data-element_type=\"column\" data-e-type=\"column\">\n\t\t\t<div class=\"elementor-widget-wrap elementor-element-populated\">\n\t\t\t\t\t\t<div class=\"elementor-element elementor-element-4546b76 elementor-widget elementor-widget-image\" data-id=\"4546b76\" data-element_type=\"widget\" data-e-type=\"widget\" data-widget_type=\"image.default\">\n\t\t\t\t<div class=\"elementor-widget-container\">\n\t\t\t\t\t\t\t\t\t\t\t\t\t\t\t<img loading=\"lazy\" decoding=\"async\" width=\"300\" height=\"550\" src=\"https:\/\/rutesentrerefugis.com\/wp-content\/uploads\/2023\/03\/Picos-Rutas-Anillos.jpg\" class=\"attachment-full size-full wp-image-13934\" alt=\"\" srcset=\"https:\/\/rutesentrerefugis.com\/wp-content\/uploads\/2023\/03\/Picos-Rutas-Anillos.jpg 300w, https:\/\/rutesentrerefugis.com\/wp-content\/uploads\/2023\/03\/Picos-Rutas-Anillos-164x300.jpg 164w\" sizes=\"(max-width: 300px) 100vw, 300px\" \/>\t\t\t\t\t\t\t\t\t\t\t\t\t\t\t<\/div>\n\t\t\t\t<\/div>\n\t\t\t\t\t<\/div>\n\t\t<\/div>\n\t\t\t\t<div class=\"elementor-column elementor-col-16 elementor-top-column elementor-element elementor-element-44ea4a1\" data-id=\"44ea4a1\" data-element_type=\"column\" data-e-type=\"column\">\n\t\t\t<div class=\"elementor-widget-wrap\">\n\t\t\t\t\t\t\t<\/div>\n\t\t<\/div>\n\t\t\t\t\t<\/div>\n\t\t<\/section>\n\t\t\t\t<section class=\"elementor-section elementor-top-section elementor-element elementor-element-3570b89 elementor-section-full_width elementor-section-height-default elementor-section-height-default\" data-id=\"3570b89\" data-element_type=\"section\" data-e-type=\"section\">\n\t\t\t\t\t\t<div class=\"elementor-container elementor-column-gap-default\">\n\t\t\t\t\t<div class=\"elementor-column elementor-col-100 elementor-top-column elementor-element elementor-element-85bad31\" data-id=\"85bad31\" data-element_type=\"column\" data-e-type=\"column\">\n\t\t\t<div class=\"elementor-widget-wrap elementor-element-populated\">\n\t\t\t\t\t\t<div class=\"elementor-element elementor-element-4a93688 elementor-widget elementor-widget-spacer\" data-id=\"4a93688\" data-element_type=\"widget\" data-e-type=\"widget\" data-widget_type=\"spacer.default\">\n\t\t\t\t<div class=\"elementor-widget-container\">\n\t\t\t\t\t\t\t<div class=\"elementor-spacer\">\n\t\t\t<div class=\"elementor-spacer-inner\"><\/div>\n\t\t<\/div>\n\t\t\t\t\t\t<\/div>\n\t\t\t\t<\/div>\n\t\t\t\t\t<\/div>\n\t\t<\/div>\n\t\t\t\t\t<\/div>\n\t\t<\/section>\n\t\t\t\t<\/div>\n\t\t","protected":false},"excerpt":{"rendered":"<p>\u00b7 EL ANILLO DE PICOS \u00b7 UBICACI\u00d3N Parque Nacional de Picos de Europa COMARCAS Oriente (Asturies)Li\u00e9bana (Cantabria)Valde\u00f3n (Le\u00f3n) WEB &#8211; REDES SOCIALES www.elanillodepicos.com AG\u00c9NCIA RECOMENDADA ANILLO VINDIO 4 ETAPAS 63 kms \u239c+3.900 m \u239c- m Valde\u00f3n \u2013 Ref. Vega de ArioRef. Vega de Ario \u2013 Ref. VegarredondaRef. Vegarredonda \u2013 Ref. Vegaba\u00f1oRef. Vegaba\u00f1o &#8211; Valde\u00f3n ANILLO [&hellip;]<\/p>\n","protected":false},"author":2,"featured_media":13921,"comment_status":"open","ping_status":"open","sticky":false,"template":"elementor_header_footer","format":"standard","meta":{"_monsterinsights_skip_tracking":false,"_monsterinsights_sitenote_active":false,"_monsterinsights_sitenote_note":"","_monsterinsights_sitenote_category":0,"footnotes":""},"categories":[7184,11164],"tags":[1995,1997,1999,2001,2003,2005,2007,2009,10814,2011,2013,2015,2017,2019,2021,10236,2023,2025,2027,2029,2031,2033,2035,2037,2039,2041,2043,2045,2047,2049,2051,2053,2055,2057,2059,2061,2063,2065,2067,2069,2071,2073,2075],"class_list":["post-13938","post","type-post","status-publish","format-standard","has-post-thumbnail","hentry","category-a-pie-es","category-rutas-es","tag-agujas-de-los-cabrones-es","tag-albo-oriental-es","tag-anillo-3-macizos-es","tag-anillo-extrem-es","tag-anillo-vindio-es","tag-anillos-de-picos-es","tag-asturias-es","tag-cabana-veronica-es","tag-cantabria-es","tag-cuetos-del-trave-es","tag-dobresengos-es","tag-el-friero-es","tag-el-llambrion-es","tag-la-palanca-es","tag-la-rasa-del-inagotable-es","tag-leon-es","tag-liebana-es","tag-morra-de-lechugales-es","tag-naranjo-de-bulnes-es","tag-neveron-de-urriellu-es","tag-oriente-es","tag-parque-nacional-de-picos-de-europa-es","tag-penalba-es","tag-pica-del-jierru-es","tag-pico-de-la-rasa-es","tag-pico-de-los-cabrones-es","tag-pico-samelar-es","tag-pico-san-carlos-es","tag-pico-tesorero-es","tag-pico-valdominguero-es","tag-picu-urriellu-es","tag-refugio-caseton-de-andara-es","tag-refugio-collado-jermoso-es","tag-refugio-jou-de-los-cabrones-es","tag-refugio-la-tenerosa-es","tag-refugio-vega-de-ario-es","tag-refugio-vega-de-urriellu-es","tag-refugio-vegabano-es","tag-refugio-vegarredonda-remis-es","tag-torre-bermeja-es","tag-torre-de-la-pardida-es","tag-torre-de-los-horcados-rojos-es","tag-torrecerredo-es"],"yoast_head":"<!-- This site is optimized with the Yoast SEO plugin v27.5 - https:\/\/yoast.com\/product\/yoast-seo-wordpress\/ -->\n<title>EL ANILLO DE PICOS - Rutes Entre Refugis<\/title>\n<meta name=\"robots\" content=\"index, follow, max-snippet:-1, max-image-preview:large, max-video-preview:-1\" \/>\n<link rel=\"canonical\" href=\"https:\/\/rutesentrerefugis.com\/index.php\/es\/2018\/06\/24\/el-anillos-de-picos-es\/\" \/>\n<meta property=\"og:locale\" content=\"es_ES\" \/>\n<meta property=\"og:type\" content=\"article\" \/>\n<meta property=\"og:title\" content=\"EL ANILLO DE PICOS - Rutes Entre Refugis\" \/>\n<meta property=\"og:description\" content=\"\u00b7 EL ANILLO DE PICOS \u00b7 UBICACI\u00d3N Parque Nacional de Picos de Europa COMARCAS Oriente (Asturies)Li\u00e9bana (Cantabria)Valde\u00f3n (Le\u00f3n) WEB &#8211; REDES SOCIALES www.elanillodepicos.com AG\u00c9NCIA RECOMENDADA ANILLO VINDIO 4 ETAPAS 63 kms \u239c+3.900 m \u239c- m Valde\u00f3n \u2013 Ref. Vega de ArioRef. Vega de Ario \u2013 Ref. VegarredondaRef. Vegarredonda \u2013 Ref. Vegaba\u00f1oRef. Vegaba\u00f1o &#8211; Valde\u00f3n ANILLO [&hellip;]\" \/>\n<meta property=\"og:url\" content=\"https:\/\/rutesentrerefugis.com\/index.php\/es\/2018\/06\/24\/el-anillos-de-picos-es\/\" \/>\n<meta property=\"og:site_name\" content=\"Rutes Entre Refugis\" \/>\n<meta property=\"article:published_time\" content=\"2018-06-24T11:18:00+00:00\" \/>\n<meta property=\"article:modified_time\" content=\"2025-02-22T11:44:40+00:00\" \/>\n<meta property=\"og:image\" content=\"https:\/\/rutesentrerefugis.com\/wp-content\/uploads\/2023\/03\/Anillo-de-Picos-NW.jpg\" \/>\n\t<meta property=\"og:image:width\" content=\"400\" \/>\n\t<meta property=\"og:image:height\" content=\"280\" \/>\n\t<meta property=\"og:image:type\" content=\"image\/jpeg\" \/>\n<meta name=\"author\" content=\"Rutes Entre Refugis\" \/>\n<meta name=\"twitter:card\" content=\"summary_large_image\" \/>\n<meta name=\"twitter:label1\" content=\"Escrito por\" \/>\n\t<meta name=\"twitter:data1\" content=\"Rutes Entre Refugis\" \/>\n\t<meta name=\"twitter:label2\" content=\"Tiempo de lectura\" \/>\n\t<meta name=\"twitter:data2\" content=\"4 minutos\" \/>\n<script type=\"application\/ld+json\" class=\"yoast-schema-graph\">{\"@context\":\"https:\\\/\\\/schema.org\",\"@graph\":[{\"@type\":\"Article\",\"@id\":\"https:\\\/\\\/rutesentrerefugis.com\\\/index.php\\\/es\\\/2018\\\/06\\\/24\\\/el-anillos-de-picos-es\\\/#article\",\"isPartOf\":{\"@id\":\"https:\\\/\\\/rutesentrerefugis.com\\\/index.php\\\/es\\\/2018\\\/06\\\/24\\\/el-anillos-de-picos-es\\\/\"},\"author\":{\"name\":\"Rutes Entre Refugis\",\"@id\":\"https:\\\/\\\/rutesentrerefugis.com\\\/#\\\/schema\\\/person\\\/6e6f59c84210840610f19bafce39adc2\"},\"headline\":\"EL ANILLO DE PICOS\",\"datePublished\":\"2018-06-24T11:18:00+00:00\",\"dateModified\":\"2025-02-22T11:44:40+00:00\",\"mainEntityOfPage\":{\"@id\":\"https:\\\/\\\/rutesentrerefugis.com\\\/index.php\\\/es\\\/2018\\\/06\\\/24\\\/el-anillos-de-picos-es\\\/\"},\"wordCount\":330,\"commentCount\":0,\"publisher\":{\"@id\":\"https:\\\/\\\/rutesentrerefugis.com\\\/#organization\"},\"image\":{\"@id\":\"https:\\\/\\\/rutesentrerefugis.com\\\/index.php\\\/es\\\/2018\\\/06\\\/24\\\/el-anillos-de-picos-es\\\/#primaryimage\"},\"thumbnailUrl\":\"https:\\\/\\\/rutesentrerefugis.com\\\/wp-content\\\/uploads\\\/2023\\\/03\\\/Anillo-de-Picos-NW.jpg\",\"keywords\":[\"Agujas de los Cabrones\",\"Albo Oriental\",\"Anillo 3 Macizos\",\"Anillo Extrem\",\"Anillo Vindio\",\"Anillos de Picos\",\"Asturias\",\"Caba\u00f1a Veronica\",\"Cantabria\",\"Cuetos del Trave\",\"Dobresengos\",\"El Friero\",\"El Llambrion\",\"La Palanca\",\"La Rasa del Inagotable\",\"Le\u00f3n\",\"Liebana\",\"Morra de Lechugales\",\"Naranjo de Bulnes\",\"Neveron de Urriellu\",\"Oriente\",\"Parque Nacional de Picos de Europa\",\"Pe\u00f1alba\",\"Pica del Jierru\",\"Pico de la Rasa\",\"Pico de los Cabrones\",\"Pico Samelar\",\"Pico San Carlos\",\"Pico Tesorero\",\"Pico Valdominguero\",\"Picu Urriellu\",\"Refugio Caseton de Andara\",\"Refugio Collado Jermoso\",\"Refugio Jou de los Cabrones\",\"Refugio La Tenerosa\",\"Refugio Vega de Ario\",\"Refugio Vega de Urriellu\",\"Refugio Vegaba\u00f1o\",\"Refugio Vegarredonda Remis\",\"Torre Bermeja\",\"Torre de la P\u00e1rdida\",\"Torre de los Horcados Rojos\",\"Torrecerredo\"],\"articleSection\":[\"A Pie\",\"Rutas\"],\"inLanguage\":\"es\",\"potentialAction\":[{\"@type\":\"CommentAction\",\"name\":\"Comment\",\"target\":[\"https:\\\/\\\/rutesentrerefugis.com\\\/index.php\\\/es\\\/2018\\\/06\\\/24\\\/el-anillos-de-picos-es\\\/#respond\"]}]},{\"@type\":\"WebPage\",\"@id\":\"https:\\\/\\\/rutesentrerefugis.com\\\/index.php\\\/es\\\/2018\\\/06\\\/24\\\/el-anillos-de-picos-es\\\/\",\"url\":\"https:\\\/\\\/rutesentrerefugis.com\\\/index.php\\\/es\\\/2018\\\/06\\\/24\\\/el-anillos-de-picos-es\\\/\",\"name\":\"EL ANILLO DE PICOS - Rutes Entre Refugis\",\"isPartOf\":{\"@id\":\"https:\\\/\\\/rutesentrerefugis.com\\\/#website\"},\"primaryImageOfPage\":{\"@id\":\"https:\\\/\\\/rutesentrerefugis.com\\\/index.php\\\/es\\\/2018\\\/06\\\/24\\\/el-anillos-de-picos-es\\\/#primaryimage\"},\"image\":{\"@id\":\"https:\\\/\\\/rutesentrerefugis.com\\\/index.php\\\/es\\\/2018\\\/06\\\/24\\\/el-anillos-de-picos-es\\\/#primaryimage\"},\"thumbnailUrl\":\"https:\\\/\\\/rutesentrerefugis.com\\\/wp-content\\\/uploads\\\/2023\\\/03\\\/Anillo-de-Picos-NW.jpg\",\"datePublished\":\"2018-06-24T11:18:00+00:00\",\"dateModified\":\"2025-02-22T11:44:40+00:00\",\"breadcrumb\":{\"@id\":\"https:\\\/\\\/rutesentrerefugis.com\\\/index.php\\\/es\\\/2018\\\/06\\\/24\\\/el-anillos-de-picos-es\\\/#breadcrumb\"},\"inLanguage\":\"es\",\"potentialAction\":[{\"@type\":\"ReadAction\",\"target\":[\"https:\\\/\\\/rutesentrerefugis.com\\\/index.php\\\/es\\\/2018\\\/06\\\/24\\\/el-anillos-de-picos-es\\\/\"]}]},{\"@type\":\"ImageObject\",\"inLanguage\":\"es\",\"@id\":\"https:\\\/\\\/rutesentrerefugis.com\\\/index.php\\\/es\\\/2018\\\/06\\\/24\\\/el-anillos-de-picos-es\\\/#primaryimage\",\"url\":\"https:\\\/\\\/rutesentrerefugis.com\\\/wp-content\\\/uploads\\\/2023\\\/03\\\/Anillo-de-Picos-NW.jpg\",\"contentUrl\":\"https:\\\/\\\/rutesentrerefugis.com\\\/wp-content\\\/uploads\\\/2023\\\/03\\\/Anillo-de-Picos-NW.jpg\",\"width\":400,\"height\":280},{\"@type\":\"BreadcrumbList\",\"@id\":\"https:\\\/\\\/rutesentrerefugis.com\\\/index.php\\\/es\\\/2018\\\/06\\\/24\\\/el-anillos-de-picos-es\\\/#breadcrumb\",\"itemListElement\":[{\"@type\":\"ListItem\",\"position\":1,\"name\":\"Inici\",\"item\":\"https:\\\/\\\/rutesentrerefugis.com\\\/\"},{\"@type\":\"ListItem\",\"position\":2,\"name\":\"EL ANILLO DE PICOS\"}]},{\"@type\":\"WebSite\",\"@id\":\"https:\\\/\\\/rutesentrerefugis.com\\\/#website\",\"url\":\"https:\\\/\\\/rutesentrerefugis.com\\\/\",\"name\":\"Rutes Entre Refugis\",\"description\":\"Caminant sota un nom\",\"publisher\":{\"@id\":\"https:\\\/\\\/rutesentrerefugis.com\\\/#organization\"},\"potentialAction\":[{\"@type\":\"SearchAction\",\"target\":{\"@type\":\"EntryPoint\",\"urlTemplate\":\"https:\\\/\\\/rutesentrerefugis.com\\\/?s={search_term_string}\"},\"query-input\":{\"@type\":\"PropertyValueSpecification\",\"valueRequired\":true,\"valueName\":\"search_term_string\"}}],\"inLanguage\":\"es\"},{\"@type\":\"Organization\",\"@id\":\"https:\\\/\\\/rutesentrerefugis.com\\\/#organization\",\"name\":\"Rutes Entre Refugis\",\"url\":\"https:\\\/\\\/rutesentrerefugis.com\\\/\",\"logo\":{\"@type\":\"ImageObject\",\"inLanguage\":\"es\",\"@id\":\"https:\\\/\\\/rutesentrerefugis.com\\\/#\\\/schema\\\/logo\\\/image\\\/\",\"url\":\"https:\\\/\\\/rutesentrerefugis.com\\\/wp-content\\\/uploads\\\/2022\\\/08\\\/RutesEntreRefugis-Blanc-Retina-1.png\",\"contentUrl\":\"https:\\\/\\\/rutesentrerefugis.com\\\/wp-content\\\/uploads\\\/2022\\\/08\\\/RutesEntreRefugis-Blanc-Retina-1.png\",\"width\":400,\"height\":400,\"caption\":\"Rutes Entre Refugis\"},\"image\":{\"@id\":\"https:\\\/\\\/rutesentrerefugis.com\\\/#\\\/schema\\\/logo\\\/image\\\/\"}},{\"@type\":\"Person\",\"@id\":\"https:\\\/\\\/rutesentrerefugis.com\\\/#\\\/schema\\\/person\\\/6e6f59c84210840610f19bafce39adc2\",\"name\":\"Rutes Entre Refugis\",\"image\":{\"@type\":\"ImageObject\",\"inLanguage\":\"es\",\"@id\":\"https:\\\/\\\/rutesentrerefugis.com\\\/wp-content\\\/uploads\\\/2023\\\/05\\\/avatar_user_2_1683354561-96x96.jpg\",\"url\":\"https:\\\/\\\/rutesentrerefugis.com\\\/wp-content\\\/uploads\\\/2023\\\/05\\\/avatar_user_2_1683354561-96x96.jpg\",\"contentUrl\":\"https:\\\/\\\/rutesentrerefugis.com\\\/wp-content\\\/uploads\\\/2023\\\/05\\\/avatar_user_2_1683354561-96x96.jpg\",\"caption\":\"Rutes Entre Refugis\"},\"url\":\"https:\\\/\\\/rutesentrerefugis.com\\\/index.php\\\/author\\\/entre-refugis\\\/\"}]}<\/script>\n<!-- \/ Yoast SEO plugin. -->","yoast_head_json":{"title":"EL ANILLO DE PICOS - Rutes Entre Refugis","robots":{"index":"index","follow":"follow","max-snippet":"max-snippet:-1","max-image-preview":"max-image-preview:large","max-video-preview":"max-video-preview:-1"},"canonical":"https:\/\/rutesentrerefugis.com\/index.php\/es\/2018\/06\/24\/el-anillos-de-picos-es\/","og_locale":"es_ES","og_type":"article","og_title":"EL ANILLO DE PICOS - Rutes Entre Refugis","og_description":"\u00b7 EL ANILLO DE PICOS \u00b7 UBICACI\u00d3N Parque Nacional de Picos de Europa COMARCAS Oriente (Asturies)Li\u00e9bana (Cantabria)Valde\u00f3n (Le\u00f3n) WEB &#8211; REDES SOCIALES www.elanillodepicos.com AG\u00c9NCIA RECOMENDADA ANILLO VINDIO 4 ETAPAS 63 kms \u239c+3.900 m \u239c- m Valde\u00f3n \u2013 Ref. Vega de ArioRef. Vega de Ario \u2013 Ref. VegarredondaRef. Vegarredonda \u2013 Ref. Vegaba\u00f1oRef. Vegaba\u00f1o &#8211; Valde\u00f3n ANILLO [&hellip;]","og_url":"https:\/\/rutesentrerefugis.com\/index.php\/es\/2018\/06\/24\/el-anillos-de-picos-es\/","og_site_name":"Rutes Entre Refugis","article_published_time":"2018-06-24T11:18:00+00:00","article_modified_time":"2025-02-22T11:44:40+00:00","og_image":[{"width":400,"height":280,"url":"https:\/\/rutesentrerefugis.com\/wp-content\/uploads\/2023\/03\/Anillo-de-Picos-NW.jpg","type":"image\/jpeg"}],"author":"Rutes Entre Refugis","twitter_card":"summary_large_image","twitter_misc":{"Escrito por":"Rutes Entre Refugis","Tiempo de lectura":"4 minutos"},"schema":{"@context":"https:\/\/schema.org","@graph":[{"@type":"Article","@id":"https:\/\/rutesentrerefugis.com\/index.php\/es\/2018\/06\/24\/el-anillos-de-picos-es\/#article","isPartOf":{"@id":"https:\/\/rutesentrerefugis.com\/index.php\/es\/2018\/06\/24\/el-anillos-de-picos-es\/"},"author":{"name":"Rutes Entre Refugis","@id":"https:\/\/rutesentrerefugis.com\/#\/schema\/person\/6e6f59c84210840610f19bafce39adc2"},"headline":"EL ANILLO DE PICOS","datePublished":"2018-06-24T11:18:00+00:00","dateModified":"2025-02-22T11:44:40+00:00","mainEntityOfPage":{"@id":"https:\/\/rutesentrerefugis.com\/index.php\/es\/2018\/06\/24\/el-anillos-de-picos-es\/"},"wordCount":330,"commentCount":0,"publisher":{"@id":"https:\/\/rutesentrerefugis.com\/#organization"},"image":{"@id":"https:\/\/rutesentrerefugis.com\/index.php\/es\/2018\/06\/24\/el-anillos-de-picos-es\/#primaryimage"},"thumbnailUrl":"https:\/\/rutesentrerefugis.com\/wp-content\/uploads\/2023\/03\/Anillo-de-Picos-NW.jpg","keywords":["Agujas de los Cabrones","Albo Oriental","Anillo 3 Macizos","Anillo Extrem","Anillo Vindio","Anillos de Picos","Asturias","Caba\u00f1a Veronica","Cantabria","Cuetos del Trave","Dobresengos","El Friero","El Llambrion","La Palanca","La Rasa del Inagotable","Le\u00f3n","Liebana","Morra de Lechugales","Naranjo de Bulnes","Neveron de Urriellu","Oriente","Parque Nacional de Picos de Europa","Pe\u00f1alba","Pica del Jierru","Pico de la Rasa","Pico de los Cabrones","Pico Samelar","Pico San Carlos","Pico Tesorero","Pico Valdominguero","Picu Urriellu","Refugio Caseton de Andara","Refugio Collado Jermoso","Refugio Jou de los Cabrones","Refugio La Tenerosa","Refugio Vega de Ario","Refugio Vega de Urriellu","Refugio Vegaba\u00f1o","Refugio Vegarredonda Remis","Torre Bermeja","Torre de la P\u00e1rdida","Torre de los Horcados Rojos","Torrecerredo"],"articleSection":["A Pie","Rutas"],"inLanguage":"es","potentialAction":[{"@type":"CommentAction","name":"Comment","target":["https:\/\/rutesentrerefugis.com\/index.php\/es\/2018\/06\/24\/el-anillos-de-picos-es\/#respond"]}]},{"@type":"WebPage","@id":"https:\/\/rutesentrerefugis.com\/index.php\/es\/2018\/06\/24\/el-anillos-de-picos-es\/","url":"https:\/\/rutesentrerefugis.com\/index.php\/es\/2018\/06\/24\/el-anillos-de-picos-es\/","name":"EL ANILLO DE PICOS - Rutes Entre Refugis","isPartOf":{"@id":"https:\/\/rutesentrerefugis.com\/#website"},"primaryImageOfPage":{"@id":"https:\/\/rutesentrerefugis.com\/index.php\/es\/2018\/06\/24\/el-anillos-de-picos-es\/#primaryimage"},"image":{"@id":"https:\/\/rutesentrerefugis.com\/index.php\/es\/2018\/06\/24\/el-anillos-de-picos-es\/#primaryimage"},"thumbnailUrl":"https:\/\/rutesentrerefugis.com\/wp-content\/uploads\/2023\/03\/Anillo-de-Picos-NW.jpg","datePublished":"2018-06-24T11:18:00+00:00","dateModified":"2025-02-22T11:44:40+00:00","breadcrumb":{"@id":"https:\/\/rutesentrerefugis.com\/index.php\/es\/2018\/06\/24\/el-anillos-de-picos-es\/#breadcrumb"},"inLanguage":"es","potentialAction":[{"@type":"ReadAction","target":["https:\/\/rutesentrerefugis.com\/index.php\/es\/2018\/06\/24\/el-anillos-de-picos-es\/"]}]},{"@type":"ImageObject","inLanguage":"es","@id":"https:\/\/rutesentrerefugis.com\/index.php\/es\/2018\/06\/24\/el-anillos-de-picos-es\/#primaryimage","url":"https:\/\/rutesentrerefugis.com\/wp-content\/uploads\/2023\/03\/Anillo-de-Picos-NW.jpg","contentUrl":"https:\/\/rutesentrerefugis.com\/wp-content\/uploads\/2023\/03\/Anillo-de-Picos-NW.jpg","width":400,"height":280},{"@type":"BreadcrumbList","@id":"https:\/\/rutesentrerefugis.com\/index.php\/es\/2018\/06\/24\/el-anillos-de-picos-es\/#breadcrumb","itemListElement":[{"@type":"ListItem","position":1,"name":"Inici","item":"https:\/\/rutesentrerefugis.com\/"},{"@type":"ListItem","position":2,"name":"EL ANILLO DE PICOS"}]},{"@type":"WebSite","@id":"https:\/\/rutesentrerefugis.com\/#website","url":"https:\/\/rutesentrerefugis.com\/","name":"Rutes Entre Refugis","description":"Caminant sota un nom","publisher":{"@id":"https:\/\/rutesentrerefugis.com\/#organization"},"potentialAction":[{"@type":"SearchAction","target":{"@type":"EntryPoint","urlTemplate":"https:\/\/rutesentrerefugis.com\/?s={search_term_string}"},"query-input":{"@type":"PropertyValueSpecification","valueRequired":true,"valueName":"search_term_string"}}],"inLanguage":"es"},{"@type":"Organization","@id":"https:\/\/rutesentrerefugis.com\/#organization","name":"Rutes Entre Refugis","url":"https:\/\/rutesentrerefugis.com\/","logo":{"@type":"ImageObject","inLanguage":"es","@id":"https:\/\/rutesentrerefugis.com\/#\/schema\/logo\/image\/","url":"https:\/\/rutesentrerefugis.com\/wp-content\/uploads\/2022\/08\/RutesEntreRefugis-Blanc-Retina-1.png","contentUrl":"https:\/\/rutesentrerefugis.com\/wp-content\/uploads\/2022\/08\/RutesEntreRefugis-Blanc-Retina-1.png","width":400,"height":400,"caption":"Rutes Entre Refugis"},"image":{"@id":"https:\/\/rutesentrerefugis.com\/#\/schema\/logo\/image\/"}},{"@type":"Person","@id":"https:\/\/rutesentrerefugis.com\/#\/schema\/person\/6e6f59c84210840610f19bafce39adc2","name":"Rutes Entre Refugis","image":{"@type":"ImageObject","inLanguage":"es","@id":"https:\/\/rutesentrerefugis.com\/wp-content\/uploads\/2023\/05\/avatar_user_2_1683354561-96x96.jpg","url":"https:\/\/rutesentrerefugis.com\/wp-content\/uploads\/2023\/05\/avatar_user_2_1683354561-96x96.jpg","contentUrl":"https:\/\/rutesentrerefugis.com\/wp-content\/uploads\/2023\/05\/avatar_user_2_1683354561-96x96.jpg","caption":"Rutes Entre Refugis"},"url":"https:\/\/rutesentrerefugis.com\/index.php\/author\/entre-refugis\/"}]}},"_links":{"self":[{"href":"https:\/\/rutesentrerefugis.com\/index.php\/wp-json\/wp\/v2\/posts\/13938","targetHints":{"allow":["GET"]}}],"collection":[{"href":"https:\/\/rutesentrerefugis.com\/index.php\/wp-json\/wp\/v2\/posts"}],"about":[{"href":"https:\/\/rutesentrerefugis.com\/index.php\/wp-json\/wp\/v2\/types\/post"}],"author":[{"embeddable":true,"href":"https:\/\/rutesentrerefugis.com\/index.php\/wp-json\/wp\/v2\/users\/2"}],"replies":[{"embeddable":true,"href":"https:\/\/rutesentrerefugis.com\/index.php\/wp-json\/wp\/v2\/comments?post=13938"}],"version-history":[{"count":24,"href":"https:\/\/rutesentrerefugis.com\/index.php\/wp-json\/wp\/v2\/posts\/13938\/revisions"}],"predecessor-version":[{"id":24333,"href":"https:\/\/rutesentrerefugis.com\/index.php\/wp-json\/wp\/v2\/posts\/13938\/revisions\/24333"}],"wp:featuredmedia":[{"embeddable":true,"href":"https:\/\/rutesentrerefugis.com\/index.php\/wp-json\/wp\/v2\/media\/13921"}],"wp:attachment":[{"href":"https:\/\/rutesentrerefugis.com\/index.php\/wp-json\/wp\/v2\/media?parent=13938"}],"wp:term":[{"taxonomy":"category","embeddable":true,"href":"https:\/\/rutesentrerefugis.com\/index.php\/wp-json\/wp\/v2\/categories?post=13938"},{"taxonomy":"post_tag","embeddable":true,"href":"https:\/\/rutesentrerefugis.com\/index.php\/wp-json\/wp\/v2\/tags?post=13938"}],"curies":[{"name":"wp","href":"https:\/\/api.w.org\/{rel}","templated":true}]}}