{"id":14278,"date":"2022-05-19T15:59:00","date_gmt":"2022-05-19T15:59:00","guid":{"rendered":"https:\/\/nova.rutesentrerefugis.com\/?p=14278"},"modified":"2025-07-12T16:47:37","modified_gmt":"2025-07-12T16:47:37","slug":"las-feixas-es","status":"publish","type":"post","link":"https:\/\/rutesentrerefugis.com\/index.php\/es\/2022\/05\/19\/las-feixas-es\/","title":{"rendered":"LAS FEIXAS"},"content":{"rendered":"\t\t<div data-elementor-type=\"wp-post\" data-elementor-id=\"14278\" class=\"elementor elementor-14278\" data-elementor-post-type=\"post\">\n\t\t\t\t\t\t<section class=\"elementor-section elementor-top-section elementor-element elementor-element-8360c0a elementor-section-full_width elementor-section-height-default elementor-section-height-default\" data-id=\"8360c0a\" data-element_type=\"section\" data-e-type=\"section\">\n\t\t\t\t\t\t<div class=\"elementor-container elementor-column-gap-default\">\n\t\t\t\t\t<div class=\"elementor-column elementor-col-100 elementor-top-column elementor-element elementor-element-c07ea79\" data-id=\"c07ea79\" data-element_type=\"column\" data-e-type=\"column\">\n\t\t\t<div class=\"elementor-widget-wrap elementor-element-populated\">\n\t\t\t\t\t\t<div class=\"elementor-element elementor-element-be4ea59 elementor-widget elementor-widget-image\" data-id=\"be4ea59\" data-element_type=\"widget\" data-e-type=\"widget\" data-widget_type=\"image.default\">\n\t\t\t\t<div class=\"elementor-widget-container\">\n\t\t\t\t\t\t\t\t\t\t\t\t\t\t\t<img fetchpriority=\"high\" decoding=\"async\" width=\"2000\" height=\"450\" src=\"https:\/\/rutesentrerefugis.com\/wp-content\/uploads\/2022\/08\/A-Peu-Inici-NW.jpg\" class=\"attachment-full size-full wp-image-849\" alt=\"Rutes Entre Refugis\" srcset=\"https:\/\/rutesentrerefugis.com\/wp-content\/uploads\/2022\/08\/A-Peu-Inici-NW.jpg 2000w, https:\/\/rutesentrerefugis.com\/wp-content\/uploads\/2022\/08\/A-Peu-Inici-NW-300x68.jpg 300w, https:\/\/rutesentrerefugis.com\/wp-content\/uploads\/2022\/08\/A-Peu-Inici-NW-1024x230.jpg 1024w, https:\/\/rutesentrerefugis.com\/wp-content\/uploads\/2022\/08\/A-Peu-Inici-NW-768x173.jpg 768w, https:\/\/rutesentrerefugis.com\/wp-content\/uploads\/2022\/08\/A-Peu-Inici-NW-1536x346.jpg 1536w\" sizes=\"(max-width: 2000px) 100vw, 2000px\" \/>\t\t\t\t\t\t\t\t\t\t\t\t\t\t\t<\/div>\n\t\t\t\t<\/div>\n\t\t\t\t\t<\/div>\n\t\t<\/div>\n\t\t\t\t\t<\/div>\n\t\t<\/section>\n\t\t\t\t<section class=\"elementor-section elementor-top-section elementor-element elementor-element-34b90c5 elementor-section-full_width elementor-section-height-default elementor-section-height-default\" data-id=\"34b90c5\" data-element_type=\"section\" data-e-type=\"section\" data-settings=\"{&quot;background_background&quot;:&quot;classic&quot;}\">\n\t\t\t\t\t\t<div class=\"elementor-container elementor-column-gap-default\">\n\t\t\t\t\t<div class=\"elementor-column elementor-col-100 elementor-top-column elementor-element elementor-element-3482507\" data-id=\"3482507\" data-element_type=\"column\" data-e-type=\"column\">\n\t\t\t<div class=\"elementor-widget-wrap elementor-element-populated\">\n\t\t\t\t\t\t<div class=\"elementor-element elementor-element-f9f51f1 elementor-widget elementor-widget-heading\" data-id=\"f9f51f1\" data-element_type=\"widget\" data-e-type=\"widget\" data-widget_type=\"heading.default\">\n\t\t\t\t<div class=\"elementor-widget-container\">\n\t\t\t\t\t<h1 class=\"elementor-heading-title elementor-size-default\">\u00b7 <font color=\"#000000\"><\/b>LAS FEIXAS<\/b><\/font> \u00b7<\/h1>\t\t\t\t<\/div>\n\t\t\t\t<\/div>\n\t\t\t\t\t<\/div>\n\t\t<\/div>\n\t\t\t\t\t<\/div>\n\t\t<\/section>\n\t\t\t\t<section class=\"elementor-section elementor-top-section elementor-element elementor-element-124b988 elementor-section-full_width elementor-section-height-default elementor-section-height-default\" data-id=\"124b988\" data-element_type=\"section\" data-e-type=\"section\" data-settings=\"{&quot;background_background&quot;:&quot;classic&quot;}\">\n\t\t\t\t\t\t<div class=\"elementor-container elementor-column-gap-default\">\n\t\t\t\t\t<div class=\"elementor-column elementor-col-100 elementor-top-column elementor-element elementor-element-5cbd8fb\" data-id=\"5cbd8fb\" data-element_type=\"column\" data-e-type=\"column\">\n\t\t\t<div class=\"elementor-widget-wrap elementor-element-populated\">\n\t\t\t\t\t\t<div class=\"elementor-element elementor-element-6f67eba elementor-widget-divider--view-line elementor-widget elementor-widget-divider\" data-id=\"6f67eba\" data-element_type=\"widget\" data-e-type=\"widget\" data-widget_type=\"divider.default\">\n\t\t\t\t<div class=\"elementor-widget-container\">\n\t\t\t\t\t\t\t<div class=\"elementor-divider\">\n\t\t\t<span class=\"elementor-divider-separator\">\n\t\t\t\t\t\t<\/span>\n\t\t<\/div>\n\t\t\t\t\t\t<\/div>\n\t\t\t\t<\/div>\n\t\t\t\t\t<\/div>\n\t\t<\/div>\n\t\t\t\t\t<\/div>\n\t\t<\/section>\n\t\t\t\t<section class=\"elementor-section elementor-top-section elementor-element elementor-element-efbb316 elementor-section-full_width elementor-section-height-default elementor-section-height-default\" data-id=\"efbb316\" data-element_type=\"section\" data-e-type=\"section\">\n\t\t\t\t\t\t<div class=\"elementor-container elementor-column-gap-default\">\n\t\t\t\t\t<div class=\"elementor-column elementor-col-100 elementor-top-column elementor-element elementor-element-e9ca57b\" data-id=\"e9ca57b\" data-element_type=\"column\" data-e-type=\"column\">\n\t\t\t<div class=\"elementor-widget-wrap elementor-element-populated\">\n\t\t\t\t\t\t<div class=\"elementor-element elementor-element-6ac66ce elementor-widget elementor-widget-spacer\" data-id=\"6ac66ce\" data-element_type=\"widget\" data-e-type=\"widget\" data-widget_type=\"spacer.default\">\n\t\t\t\t<div class=\"elementor-widget-container\">\n\t\t\t\t\t\t\t<div class=\"elementor-spacer\">\n\t\t\t<div class=\"elementor-spacer-inner\"><\/div>\n\t\t<\/div>\n\t\t\t\t\t\t<\/div>\n\t\t\t\t<\/div>\n\t\t\t\t\t<\/div>\n\t\t<\/div>\n\t\t\t\t\t<\/div>\n\t\t<\/section>\n\t\t\t\t<section class=\"elementor-section elementor-top-section elementor-element elementor-element-e125e0d elementor-section-full_width elementor-section-height-default elementor-section-height-default\" data-id=\"e125e0d\" data-element_type=\"section\" data-e-type=\"section\">\n\t\t\t\t\t\t<div class=\"elementor-container elementor-column-gap-default\">\n\t\t\t\t\t<div class=\"elementor-column elementor-col-33 elementor-top-column elementor-element elementor-element-2e22631\" data-id=\"2e22631\" data-element_type=\"column\" data-e-type=\"column\">\n\t\t\t<div class=\"elementor-widget-wrap elementor-element-populated\">\n\t\t\t\t\t\t<div class=\"elementor-element elementor-element-81df6da elementor-widget elementor-widget-text-editor\" data-id=\"81df6da\" data-element_type=\"widget\" data-e-type=\"widget\" data-widget_type=\"text-editor.default\">\n\t\t\t\t<div class=\"elementor-widget-container\">\n\t\t\t\t\t\t\t\t\t<h5><span style=\"color: #b40404;\"><u><b>UBICACI\u00d3N<\/b><\/u><\/span><\/h5><h6>P.N. de Ordesa y Monte Perdido<br \/>P.N. Posets-Maladeta<br \/>Parc National des Pyr\u00e9n\u00e9es<\/h6>\t\t\t\t\t\t\t\t<\/div>\n\t\t\t\t<\/div>\n\t\t\t\t<div class=\"elementor-element elementor-element-38b8886 elementor-widget elementor-widget-text-editor\" data-id=\"38b8886\" data-element_type=\"widget\" data-e-type=\"widget\" data-widget_type=\"text-editor.default\">\n\t\t\t\t<div class=\"elementor-widget-container\">\n\t\t\t\t\t\t\t\t\t<h5><span style=\"color: #b40404;\"><u><b>COMARCAS<\/b><\/u><\/span><\/h5><h6><span style=\"color: #666666;\">Sobrarbe<br \/>Occit\u00e0nia<\/span><\/h6>\t\t\t\t\t\t\t\t<\/div>\n\t\t\t\t<\/div>\n\t\t\t\t<div class=\"elementor-element elementor-element-f57335f elementor-widget elementor-widget-text-editor\" data-id=\"f57335f\" data-element_type=\"widget\" data-e-type=\"widget\" data-widget_type=\"text-editor.default\">\n\t\t\t\t<div class=\"elementor-widget-container\">\n\t\t\t\t\t\t\t\t\t<h5><span style=\"color: #b40404;\"><u><b>WEB &#8211; REDES SOCIALES<\/b><\/u><\/span><\/h5>\n<h6><a href=\"https:\/\/lasfeixas.com\" target=\"_blank\" rel=\"noopener\"><span style=\"color: #666666;\">www.lasfeixas.com<\/span><\/a><\/h6>\n<a href=\"https:\/\/www.facebook.com\/lasfeixas\" target=\"_blank\" rel=\"noopener\"><img decoding=\"async\" src=\"http:\/\/rutesentrerefugis.com\/wp-content\/uploads\/2021\/01\/Facebook-50x50-2.jpg\" width=\"50\" height=\"50\" \/><\/a> <a href=\"https:\/\/www.instagram.com\/lasfeixas\/\" target=\"_blank\" rel=\"noopener\"><img decoding=\"async\" src=\"http:\/\/rutesentrerefugis.com\/wp-content\/uploads\/2023\/04\/Instagram-50x50-1.jpg\" width=\"50\" height=\"50\" \/><\/a>\t\t\t\t\t\t\t\t<\/div>\n\t\t\t\t<\/div>\n\t\t\t\t<div class=\"elementor-element elementor-element-cf05424 elementor-widget elementor-widget-text-editor\" data-id=\"cf05424\" data-element_type=\"widget\" data-e-type=\"widget\" data-widget_type=\"text-editor.default\">\n\t\t\t\t<div class=\"elementor-widget-container\">\n\t\t\t\t\t\t\t\t\t<h5><span style=\"color: #b40404;\"><u><b>DONDE DORMIR<\/b><\/u><\/span><\/h5><h6><a href=\"https:\/\/www.bielsa.es\" target=\"_blank\" rel=\"noopener\"><span style=\"color: #666666;\">Bielsa (1.053 m)<\/span><\/a><br \/><span style=\"color: #666666;\">Lamiana (1.125 m)<\/span><br \/><span style=\"color: #666666;\">Bestu\u00e9 (1.228 m)<\/span><br \/><a href=\"https:\/\/alberguenerin.es\" target=\"_blank\" rel=\"noopener\"><span style=\"color: #666666;\">Ner\u00edn (1.281 m)<\/span><\/a><br \/><a href=\"https:\/\/www.alberguesyrefugios.com\/pineta\/\" target=\"_blank\" rel=\"noopener\"><span style=\"color: #666666;\">Refugio de Pineta (1.240 m)<\/span><\/a><br \/><a href=\"http:\/\/www.le-maillet.fr\/es\/posada-del-maillet\/\" target=\"_blank\" rel=\"noopener\"><span style=\"color: #666666;\">Aubergue du Maillet (1.800 m)<\/span><\/a><br \/><a href=\"https:\/\/www.skylodge.fr\/es\/inicio\/\" target=\"_blank\" rel=\"noopener\"><span style=\"color: #666666;\">Piau (1.860 m)<\/span><\/a><br \/><span style=\"color: #666666;\">Hospice du Rioumajou (1.550 m)<\/span><br \/><a href=\"https:\/\/www.alberguesyrefugios.com\/viados\/\" target=\"_blank\" rel=\"noopener\"><span style=\"color: #666666;\">Refugio de Viad\u00f3s (1.726 m)<\/span><\/a><\/h6>\t\t\t\t\t\t\t\t<\/div>\n\t\t\t\t<\/div>\n\t\t\t\t<div class=\"elementor-element elementor-element-271cc5f elementor-widget elementor-widget-text-editor\" data-id=\"271cc5f\" data-element_type=\"widget\" data-e-type=\"widget\" data-widget_type=\"text-editor.default\">\n\t\t\t\t<div class=\"elementor-widget-container\">\n\t\t\t\t\t\t\t\t\t<h5><span style=\"color: #b40404;\"><u><b>PICOS OPCIONALES<\/b><\/u><\/span><\/h5><h6><span style=\"color: #666666;\">Pico de Monte Perdido (3.355 m)<br \/>Astazu Oriental (3.071 m)<br \/>Petit Astazu (3.012 m)<br \/>Pico de La M\u00fania (3.134 m)<br \/>Pico Robinyera (3.003 m)<br \/>Pico de Campbieil (3.173 m)<br \/>Pico de Culfreda (3.034 m)<br \/>Pic de Lustou (3.023 m)<br \/>Pic de l&#8217;Abeill\u00e9 (3.029 m)<br \/>Pice de Bachimala (3.177 m)<br \/>Punta del Sabre (3.136 m)<br \/>Pico de Posets (3.369 m)<br \/>Pico de Eriste (3.053 m)<\/span><\/h6>\t\t\t\t\t\t\t\t<\/div>\n\t\t\t\t<\/div>\n\t\t\t\t\t<\/div>\n\t\t<\/div>\n\t\t\t\t<div class=\"elementor-column elementor-col-33 elementor-top-column elementor-element elementor-element-4c461d8\" data-id=\"4c461d8\" data-element_type=\"column\" data-e-type=\"column\">\n\t\t\t<div class=\"elementor-widget-wrap elementor-element-populated\">\n\t\t\t\t\t\t<div class=\"elementor-element elementor-element-009a57a elementor-widget elementor-widget-text-editor\" data-id=\"009a57a\" data-element_type=\"widget\" data-e-type=\"widget\" data-widget_type=\"text-editor.default\">\n\t\t\t\t<div class=\"elementor-widget-container\">\n\t\t\t\t\t\t\t\t\t<h5><span style=\"color: #000000;\"><u><b>OPCI\u00d3N \u00abINTEGRAL\u00bb<\/b><\/u><\/span><\/h5><h6><span style=\"color: #b40404;\"><u><b>9 ETAPAS<\/b><\/u><\/span><\/h6><h6><span style=\"color: #000000;\">154 kms \u239c+10.200 m \u239c-10.300 m<\/span><\/h6><h6><span style=\"color: #666666;\">Bielsa &#8211; Lamiana<br \/>Lamiana &#8211; Bestu\u00e9<br \/>Bestu\u00e9 &#8211; Ner\u00edn<br \/>Ner\u00edn &#8211; Pineta<br \/>Pineta &#8211; Plateau du Maillet<br \/>Plateau du Maillet &#8211; Piau<br \/>Piau &#8211; Hospice de Rioumajou<br \/>Hospice du Rioumajou &#8211; Viad\u00f3s<br \/>Viad\u00f3s &#8211; Bielsa<\/span><\/h6>\t\t\t\t\t\t\t\t<\/div>\n\t\t\t\t<\/div>\n\t\t\t\t<div class=\"elementor-element elementor-element-a226412 elementor-widget elementor-widget-text-editor\" data-id=\"a226412\" data-element_type=\"widget\" data-e-type=\"widget\" data-widget_type=\"text-editor.default\">\n\t\t\t\t<div class=\"elementor-widget-container\">\n\t\t\t\t\t\t\t\t\t<h5><span style=\"color: #000000;\"><u><b>OPCI\u00d3N \u00abLOS MALLOS\u00bb<\/b><\/u><\/span><\/h5><h6><span style=\"color: #b40404;\"><u><b>7 ETAPAS<\/b><\/u><\/span><\/h6><h6><span style=\"color: #000000;\">123 kms \u239c+8.250 m \u239c-8.600 m<\/span><\/h6><h6><span style=\"color: #666666;\">Bielsa &#8211; Lamiana<br \/>Lamiana &#8211; Ner\u00edn<br \/>Ner\u00edn &#8211; Pineta<br \/>Pineta &#8211; Plateau du Maillet<br \/>Plateau du Maillet &#8211; Piau<br \/>Piau &#8211; Hospice de Rioumajou<br \/>Hospice du Rioumajou &#8211; Bielsa<\/span><\/h6>\t\t\t\t\t\t\t\t<\/div>\n\t\t\t\t<\/div>\n\t\t\t\t<div class=\"elementor-element elementor-element-c72c2d7 elementor-widget elementor-widget-text-editor\" data-id=\"c72c2d7\" data-element_type=\"widget\" data-e-type=\"widget\" data-widget_type=\"text-editor.default\">\n\t\t\t\t<div class=\"elementor-widget-container\">\n\t\t\t\t\t\t\t\t\t<h5><span style=\"color: #000000;\"><u><b>OPCI\u00d3N \u00abLAS PUNTAS\u00bb<\/b><\/u><\/span><\/h5><h6><span style=\"color: #b40404;\"><u><b>6 ETAPAS<\/b><\/u><\/span><\/h6><h6><span style=\"color: #000000;\">109 kms \u239c+7.700 m \u239c-7.000 m<\/span><\/h6><h6><span style=\"color: #666666;\">Bielsa &#8211; Pineta<br \/>Pineta &#8211; Plateau du Maillet<br \/>Plateau du Maillet &#8211; Piau<br \/>Piau &#8211; Hospice de Rioumajou<br \/>Hospice du Rioumajou &#8211; Viad\u00f3s<br \/>Viad\u00f3s &#8211; Bielsa<\/span><\/h6>\t\t\t\t\t\t\t\t<\/div>\n\t\t\t\t<\/div>\n\t\t\t\t<div class=\"elementor-element elementor-element-b78246a elementor-widget elementor-widget-text-editor\" data-id=\"b78246a\" data-element_type=\"widget\" data-e-type=\"widget\" data-widget_type=\"text-editor.default\">\n\t\t\t\t<div class=\"elementor-widget-container\">\n\t\t\t\t\t\t\t\t\t<h5><span style=\"color: #000000;\"><u><b>OPCI\u00d3N \u00abLAS SELVAS\u00bb<\/b><\/u><\/span><\/h5><h6><span style=\"color: #b40404;\"><u><b>4 ETAPAS<\/b><\/u><\/span><\/h6><h6><span style=\"color: #000000;\">72,5 kms \u239c+4.550 m \u239c-5.500 m<\/span><\/h6><h6><span style=\"color: #666666;\">Bielsa &#8211; Lamiana<br \/>Lamiana &#8211; Ner\u00edn<br \/>Ner\u00edn &#8211;\u00a0Pineta<br \/>Pineta &#8211; Bielsa<\/span><\/h6>\t\t\t\t\t\t\t\t<\/div>\n\t\t\t\t<\/div>\n\t\t\t\t\t<\/div>\n\t\t<\/div>\n\t\t\t\t<div class=\"elementor-column elementor-col-33 elementor-top-column elementor-element elementor-element-d99ccff\" data-id=\"d99ccff\" data-element_type=\"column\" data-e-type=\"column\">\n\t\t\t<div class=\"elementor-widget-wrap elementor-element-populated\">\n\t\t\t\t\t\t<div class=\"elementor-element elementor-element-b073765 elementor-widget elementor-widget-text-editor\" data-id=\"b073765\" data-element_type=\"widget\" data-e-type=\"widget\" data-widget_type=\"text-editor.default\">\n\t\t\t\t<div class=\"elementor-widget-container\">\n\t\t\t\t\t\t\t\t\t<h5><span style=\"color: #000000;\"><u><b>OPCI\u00d3N \u00abLOS PUERTOS\u00bb<\/b><\/u><\/span><\/h5><h6><span style=\"color: #b40404;\"><u><b>8 ETAPAS<\/b><\/u><\/span><\/h6><h6><span style=\"color: #000000;\">140,5 kms \u239c+9.450 m \u239c-9.700 m<\/span><\/h6><h6><span style=\"color: #666666;\">Bielsa &#8211; Lamiana<br \/>Lamiana &#8211; Ner\u00edn<br \/>Ner\u00edn &#8211; Pineta<br \/>Pineta &#8211; Plateau du Maillet<br \/>Plateau du Maillet &#8211; Piau<br \/>Piau &#8211; Hospice de Rioumajou<br \/>Hospice du Rioumajou &#8211; Viad\u00f3s<br \/>Viad\u00f3s &#8211; Bielsa<\/span><\/h6>\t\t\t\t\t\t\t\t<\/div>\n\t\t\t\t<\/div>\n\t\t\t\t<div class=\"elementor-element elementor-element-2251cd7 elementor-widget elementor-widget-text-editor\" data-id=\"2251cd7\" data-element_type=\"widget\" data-e-type=\"widget\" data-widget_type=\"text-editor.default\">\n\t\t\t\t<div class=\"elementor-widget-container\">\n\t\t\t\t\t\t\t\t\t<h5><span style=\"color: #000000;\"><u><b>OPCI\u00d3N \u00abLOS CERROS\u00bb<\/b><\/u><\/span><\/h5><h6><span style=\"color: #b40404;\"><u><b>8 ETAPAS<\/b><\/u><\/span><\/h6><h6><span style=\"color: #000000;\">136,5 kms \u239c+9.000 m \u239c-9.200 m<\/span><\/h6><h6><span style=\"color: #666666;\">Bielsa &#8211; Lamiana<br \/>Lamiana &#8211; Bestu\u00e9<br \/>Bestu\u00e9 &#8211; Ner\u00edn<br \/>Ner\u00edn &#8211; Pineta<br \/>Pineta &#8211; Plateau du Maillet<br \/>Plateau du Maillet &#8211; Piau<br \/>Piau &#8211; Hospice de Rioumajou<br \/>Hospice du Rioumajou &#8211; Bielsa<\/span><\/h6>\t\t\t\t\t\t\t\t<\/div>\n\t\t\t\t<\/div>\n\t\t\t\t<div class=\"elementor-element elementor-element-63a02e7 elementor-widget elementor-widget-text-editor\" data-id=\"63a02e7\" data-element_type=\"widget\" data-e-type=\"widget\" data-widget_type=\"text-editor.default\">\n\t\t\t\t<div class=\"elementor-widget-container\">\n\t\t\t\t\t\t\t\t\t<h5><span style=\"color: #000000;\"><u><b>OPCI\u00d3N \u00abLOS CIRCOS\u00bb<\/b><\/u><\/span><\/h5><h6><span style=\"color: #b40404;\"><u><b>5 ETAPAS<\/b><\/u><\/span><\/h6><h6><span style=\"color: #000000;\">91,5 kms \u239c+6.500 m \u239c-5.900 m<\/span><\/h6><h6><span style=\"color: #666666;\">Bielsa &#8211; Pineta<br \/>Pineta &#8211; Plateau du Maillet<br \/>Plateau du Maillet &#8211; Piau<br \/>Piau &#8211; Hospice de Rioumajou<br \/>Hospice du Rioumajou &#8211; Bielsa<\/span><\/h6>\t\t\t\t\t\t\t\t<\/div>\n\t\t\t\t<\/div>\n\t\t\t\t<div class=\"elementor-element elementor-element-4e5d041 elementor-widget elementor-widget-text-editor\" data-id=\"4e5d041\" data-element_type=\"widget\" data-e-type=\"widget\" data-widget_type=\"text-editor.default\">\n\t\t\t\t<div class=\"elementor-widget-container\">\n\t\t\t\t\t\t\t\t\t<h5><span style=\"color: #000000;\"><u><b>OPCI\u00d3N \u00abLOS VALLES\u00bb<\/b><\/u><\/span><\/h5><h6><span style=\"color: #b40404;\"><u><b>5 ETAPAS<\/b><\/u><\/span><\/h6><h6><span style=\"color: #000000;\">86 kms \u239c+5.300 m \u239c-6.100 m<\/span><\/h6><h6><span style=\"color: #666666;\">Bielsa &#8211; Lamiana<br \/>Lamiana &#8211; Bestu\u00e9<br \/>Bestu\u00e9 &#8211; Ner\u00edn<br \/>Ner\u00edn &#8211;\u00a0Pineta<br \/>Pineta &#8211; Bielsa<\/span><\/h6>\t\t\t\t\t\t\t\t<\/div>\n\t\t\t\t<\/div>\n\t\t\t\t\t<\/div>\n\t\t<\/div>\n\t\t\t\t\t<\/div>\n\t\t<\/section>\n\t\t\t\t<section class=\"elementor-section elementor-top-section elementor-element elementor-element-e431279 elementor-section-full_width elementor-section-height-default elementor-section-height-default\" data-id=\"e431279\" data-element_type=\"section\" data-e-type=\"section\">\n\t\t\t\t\t\t<div class=\"elementor-container elementor-column-gap-default\">\n\t\t\t\t\t<div class=\"elementor-column elementor-col-100 elementor-top-column elementor-element elementor-element-33e28c2\" data-id=\"33e28c2\" data-element_type=\"column\" data-e-type=\"column\">\n\t\t\t<div class=\"elementor-widget-wrap elementor-element-populated\">\n\t\t\t\t\t\t<div class=\"elementor-element elementor-element-ddc476c elementor-widget elementor-widget-text-editor\" data-id=\"ddc476c\" data-element_type=\"widget\" data-e-type=\"widget\" data-widget_type=\"text-editor.default\">\n\t\t\t\t<div class=\"elementor-widget-container\">\n\t\t\t\t\t\t\t\t\t<p><iframe src=\"https:\/\/www.google.com\/maps\/d\/embed?mid=1pd_oyBVBvIUoteSNMycw5Pxq7jZUbWef\" width=\"2000\" height=\"500\"><\/iframe><\/p>\t\t\t\t\t\t\t\t<\/div>\n\t\t\t\t<\/div>\n\t\t\t\t\t<\/div>\n\t\t<\/div>\n\t\t\t\t\t<\/div>\n\t\t<\/section>\n\t\t\t\t<section class=\"elementor-section elementor-top-section elementor-element elementor-element-0a5ffa0 elementor-section-full_width elementor-section-height-default elementor-section-height-default\" data-id=\"0a5ffa0\" data-element_type=\"section\" data-e-type=\"section\">\n\t\t\t\t\t\t<div class=\"elementor-container elementor-column-gap-default\">\n\t\t\t\t\t<div class=\"elementor-column elementor-col-100 elementor-top-column elementor-element elementor-element-2536f4b\" data-id=\"2536f4b\" data-element_type=\"column\" data-e-type=\"column\">\n\t\t\t<div class=\"elementor-widget-wrap elementor-element-populated\">\n\t\t\t\t\t\t<div class=\"elementor-element elementor-element-285f5e1 elementor-widget elementor-widget-heading\" data-id=\"285f5e1\" data-element_type=\"widget\" data-e-type=\"widget\" data-widget_type=\"heading.default\">\n\t\t\t\t<div class=\"elementor-widget-container\">\n\t\t\t\t\t<h3 class=\"elementor-heading-title elementor-size-default\">\u00b7 <u>CARTOGRAF\u00cdA - GU\u00cdAS<\/u> \u00b7<\/h3>\t\t\t\t<\/div>\n\t\t\t\t<\/div>\n\t\t\t\t\t<\/div>\n\t\t<\/div>\n\t\t\t\t\t<\/div>\n\t\t<\/section>\n\t\t\t\t<section class=\"elementor-section elementor-top-section elementor-element elementor-element-50e6b5e elementor-section-full_width elementor-section-height-default elementor-section-height-default\" data-id=\"50e6b5e\" data-element_type=\"section\" data-e-type=\"section\">\n\t\t\t\t\t\t<div class=\"elementor-container elementor-column-gap-default\">\n\t\t\t\t\t<div class=\"elementor-column elementor-col-16 elementor-top-column elementor-element elementor-element-44d50c7\" data-id=\"44d50c7\" data-element_type=\"column\" data-e-type=\"column\">\n\t\t\t<div class=\"elementor-widget-wrap elementor-element-populated\">\n\t\t\t\t\t\t<div class=\"elementor-element elementor-element-2b97832 elementor-widget elementor-widget-image\" data-id=\"2b97832\" data-element_type=\"widget\" data-e-type=\"widget\" data-widget_type=\"image.default\">\n\t\t\t\t<div class=\"elementor-widget-container\">\n\t\t\t\t\t\t\t\t\t\t\t\t\t\t\t<img loading=\"lazy\" decoding=\"async\" width=\"300\" height=\"550\" src=\"https:\/\/rutesentrerefugis.com\/wp-content\/uploads\/2023\/03\/Las-Feixas.jpg\" class=\"attachment-full size-full wp-image-14270\" alt=\"\" srcset=\"https:\/\/rutesentrerefugis.com\/wp-content\/uploads\/2023\/03\/Las-Feixas.jpg 300w, https:\/\/rutesentrerefugis.com\/wp-content\/uploads\/2023\/03\/Las-Feixas-164x300.jpg 164w\" sizes=\"(max-width: 300px) 100vw, 300px\" \/>\t\t\t\t\t\t\t\t\t\t\t\t\t\t\t<\/div>\n\t\t\t\t<\/div>\n\t\t\t\t\t<\/div>\n\t\t<\/div>\n\t\t\t\t<div class=\"elementor-column elementor-col-16 elementor-top-column elementor-element elementor-element-4fe47f5\" data-id=\"4fe47f5\" data-element_type=\"column\" data-e-type=\"column\">\n\t\t\t<div class=\"elementor-widget-wrap elementor-element-populated\">\n\t\t\t\t\t\t<div class=\"elementor-element elementor-element-a990ba1 elementor-widget elementor-widget-image\" data-id=\"a990ba1\" data-element_type=\"widget\" data-e-type=\"widget\" data-widget_type=\"image.default\">\n\t\t\t\t<div class=\"elementor-widget-container\">\n\t\t\t\t\t\t\t\t\t\t\t\t\t\t\t<img loading=\"lazy\" decoding=\"async\" width=\"300\" height=\"550\" src=\"https:\/\/rutesentrerefugis.com\/wp-content\/uploads\/2018\/04\/PN-Ordesa-Monte-Perdido-05.jpg\" class=\"attachment-full size-full wp-image-21469\" alt=\"\" srcset=\"https:\/\/rutesentrerefugis.com\/wp-content\/uploads\/2018\/04\/PN-Ordesa-Monte-Perdido-05.jpg 300w, https:\/\/rutesentrerefugis.com\/wp-content\/uploads\/2018\/04\/PN-Ordesa-Monte-Perdido-05-164x300.jpg 164w\" sizes=\"(max-width: 300px) 100vw, 300px\" \/>\t\t\t\t\t\t\t\t\t\t\t\t\t\t\t<\/div>\n\t\t\t\t<\/div>\n\t\t\t\t\t<\/div>\n\t\t<\/div>\n\t\t\t\t<div class=\"elementor-column elementor-col-16 elementor-top-column elementor-element elementor-element-458a425\" data-id=\"458a425\" data-element_type=\"column\" data-e-type=\"column\">\n\t\t\t<div class=\"elementor-widget-wrap elementor-element-populated\">\n\t\t\t\t\t\t<div class=\"elementor-element elementor-element-14d0c05 elementor-widget elementor-widget-image\" data-id=\"14d0c05\" data-element_type=\"widget\" data-e-type=\"widget\" data-widget_type=\"image.default\">\n\t\t\t\t<div class=\"elementor-widget-container\">\n\t\t\t\t\t\t\t\t\t\t\t\t\t\t\t<img loading=\"lazy\" decoding=\"async\" width=\"300\" height=\"550\" src=\"https:\/\/rutesentrerefugis.com\/wp-content\/uploads\/2022\/05\/Bachimala-02.jpg\" class=\"attachment-full size-full wp-image-26716\" alt=\"\" srcset=\"https:\/\/rutesentrerefugis.com\/wp-content\/uploads\/2022\/05\/Bachimala-02.jpg 300w, https:\/\/rutesentrerefugis.com\/wp-content\/uploads\/2022\/05\/Bachimala-02-164x300.jpg 164w\" sizes=\"(max-width: 300px) 100vw, 300px\" \/>\t\t\t\t\t\t\t\t\t\t\t\t\t\t\t<\/div>\n\t\t\t\t<\/div>\n\t\t\t\t\t<\/div>\n\t\t<\/div>\n\t\t\t\t<div class=\"elementor-column elementor-col-16 elementor-top-column elementor-element elementor-element-286de26\" data-id=\"286de26\" data-element_type=\"column\" data-e-type=\"column\">\n\t\t\t<div class=\"elementor-widget-wrap elementor-element-populated\">\n\t\t\t\t\t\t<div class=\"elementor-element elementor-element-ef61277 elementor-widget elementor-widget-image\" data-id=\"ef61277\" data-element_type=\"widget\" data-e-type=\"widget\" data-widget_type=\"image.default\">\n\t\t\t\t<div class=\"elementor-widget-container\">\n\t\t\t\t\t\t\t\t\t\t\t\t\t\t\t<img loading=\"lazy\" decoding=\"async\" width=\"300\" height=\"550\" src=\"https:\/\/rutesentrerefugis.com\/wp-content\/uploads\/2018\/07\/PN-Posets-Maladeta.jpg\" class=\"attachment-full size-full wp-image-4949\" alt=\"\" srcset=\"https:\/\/rutesentrerefugis.com\/wp-content\/uploads\/2018\/07\/PN-Posets-Maladeta.jpg 300w, https:\/\/rutesentrerefugis.com\/wp-content\/uploads\/2018\/07\/PN-Posets-Maladeta-164x300.jpg 164w\" sizes=\"(max-width: 300px) 100vw, 300px\" \/>\t\t\t\t\t\t\t\t\t\t\t\t\t\t\t<\/div>\n\t\t\t\t<\/div>\n\t\t\t\t\t<\/div>\n\t\t<\/div>\n\t\t\t\t<div class=\"elementor-column elementor-col-16 elementor-top-column elementor-element elementor-element-2868c87\" data-id=\"2868c87\" data-element_type=\"column\" data-e-type=\"column\">\n\t\t\t<div class=\"elementor-widget-wrap elementor-element-populated\">\n\t\t\t\t\t\t<div class=\"elementor-element elementor-element-4546b76 elementor-widget elementor-widget-image\" data-id=\"4546b76\" data-element_type=\"widget\" data-e-type=\"widget\" data-widget_type=\"image.default\">\n\t\t\t\t<div class=\"elementor-widget-container\">\n\t\t\t\t\t\t\t\t\t\t\t\t\t\t\t<img loading=\"lazy\" decoding=\"async\" width=\"300\" height=\"550\" src=\"https:\/\/rutesentrerefugis.com\/wp-content\/uploads\/2020\/04\/1748-OT-02.jpg\" class=\"attachment-full size-full wp-image-3442\" alt=\"\" srcset=\"https:\/\/rutesentrerefugis.com\/wp-content\/uploads\/2020\/04\/1748-OT-02.jpg 300w, https:\/\/rutesentrerefugis.com\/wp-content\/uploads\/2020\/04\/1748-OT-02-164x300.jpg 164w\" sizes=\"(max-width: 300px) 100vw, 300px\" \/>\t\t\t\t\t\t\t\t\t\t\t\t\t\t\t<\/div>\n\t\t\t\t<\/div>\n\t\t\t\t\t<\/div>\n\t\t<\/div>\n\t\t\t\t<div class=\"elementor-column elementor-col-16 elementor-top-column elementor-element elementor-element-44ea4a1\" data-id=\"44ea4a1\" data-element_type=\"column\" data-e-type=\"column\">\n\t\t\t<div class=\"elementor-widget-wrap elementor-element-populated\">\n\t\t\t\t\t\t<div class=\"elementor-element elementor-element-f23540f elementor-widget elementor-widget-image\" data-id=\"f23540f\" data-element_type=\"widget\" data-e-type=\"widget\" data-widget_type=\"image.default\">\n\t\t\t\t<div class=\"elementor-widget-container\">\n\t\t\t\t\t\t\t\t\t\t\t\t\t\t\t<img loading=\"lazy\" decoding=\"async\" width=\"300\" height=\"550\" src=\"https:\/\/rutesentrerefugis.com\/wp-content\/uploads\/2020\/04\/1748-ET-02.jpg\" class=\"attachment-full size-full wp-image-3443\" alt=\"\" srcset=\"https:\/\/rutesentrerefugis.com\/wp-content\/uploads\/2020\/04\/1748-ET-02.jpg 300w, https:\/\/rutesentrerefugis.com\/wp-content\/uploads\/2020\/04\/1748-ET-02-164x300.jpg 164w\" sizes=\"(max-width: 300px) 100vw, 300px\" \/>\t\t\t\t\t\t\t\t\t\t\t\t\t\t\t<\/div>\n\t\t\t\t<\/div>\n\t\t\t\t\t<\/div>\n\t\t<\/div>\n\t\t\t\t\t<\/div>\n\t\t<\/section>\n\t\t\t\t<section class=\"elementor-section elementor-top-section elementor-element elementor-element-3570b89 elementor-section-full_width elementor-section-height-default elementor-section-height-default\" data-id=\"3570b89\" data-element_type=\"section\" data-e-type=\"section\">\n\t\t\t\t\t\t<div class=\"elementor-container elementor-column-gap-default\">\n\t\t\t\t\t<div class=\"elementor-column elementor-col-100 elementor-top-column elementor-element elementor-element-85bad31\" data-id=\"85bad31\" data-element_type=\"column\" data-e-type=\"column\">\n\t\t\t<div class=\"elementor-widget-wrap elementor-element-populated\">\n\t\t\t\t\t\t<div class=\"elementor-element elementor-element-4a93688 elementor-widget elementor-widget-spacer\" data-id=\"4a93688\" data-element_type=\"widget\" data-e-type=\"widget\" data-widget_type=\"spacer.default\">\n\t\t\t\t<div class=\"elementor-widget-container\">\n\t\t\t\t\t\t\t<div class=\"elementor-spacer\">\n\t\t\t<div class=\"elementor-spacer-inner\"><\/div>\n\t\t<\/div>\n\t\t\t\t\t\t<\/div>\n\t\t\t\t<\/div>\n\t\t\t\t\t<\/div>\n\t\t<\/div>\n\t\t\t\t\t<\/div>\n\t\t<\/section>\n\t\t\t\t<\/div>\n\t\t","protected":false},"excerpt":{"rendered":"<p>\u00b7 LAS FEIXAS \u00b7 UBICACI\u00d3N P.N. de Ordesa y Monte PerdidoP.N. Posets-MaladetaParc National des Pyr\u00e9n\u00e9es COMARCAS SobrarbeOccit\u00e0nia WEB &#8211; REDES SOCIALES www.lasfeixas.com DONDE DORMIR Bielsa (1.053 m)Lamiana (1.125 m)Bestu\u00e9 (1.228 m)Ner\u00edn (1.281 m)Refugio de Pineta (1.240 m)Aubergue du Maillet (1.800 m)Piau (1.860 m)Hospice du Rioumajou (1.550 m)Refugio de Viad\u00f3s (1.726 m) PICOS OPCIONALES Pico de [&hellip;]<\/p>\n","protected":false},"author":2,"featured_media":14253,"comment_status":"open","ping_status":"open","sticky":false,"template":"elementor_header_footer","format":"standard","meta":{"_monsterinsights_skip_tracking":false,"_monsterinsights_sitenote_active":false,"_monsterinsights_sitenote_note":"","_monsterinsights_sitenote_category":0,"footnotes":""},"categories":[7184],"tags":[6390,6392,6394,6396,5340,6398,5346,6400,6402],"class_list":["post-14278","post","type-post","status-publish","format-standard","has-post-thumbnail","hentry","category-a-pie-es","tag-bielsa-es","tag-nerin-2-es","tag-occitania-es","tag-parc-national-des-pyrenees-es","tag-parque-nacional-de-ordesa-y-monte-perdido-es","tag-parque-natural-posets-maladeta-es","tag-refugi-de-pineta-es","tag-refugio-de-biados-es","tag-sobrarbe-es"],"yoast_head":"<!-- This site is optimized with the Yoast SEO plugin v27.5 - https:\/\/yoast.com\/product\/yoast-seo-wordpress\/ -->\n<title>LAS FEIXAS - Rutes Entre Refugis<\/title>\n<meta name=\"robots\" content=\"index, follow, max-snippet:-1, max-image-preview:large, max-video-preview:-1\" \/>\n<link rel=\"canonical\" href=\"https:\/\/rutesentrerefugis.com\/index.php\/es\/2022\/05\/19\/las-feixas-es\/\" \/>\n<meta property=\"og:locale\" content=\"es_ES\" \/>\n<meta property=\"og:type\" content=\"article\" \/>\n<meta property=\"og:title\" content=\"LAS FEIXAS - Rutes Entre Refugis\" \/>\n<meta property=\"og:description\" content=\"\u00b7 LAS FEIXAS \u00b7 UBICACI\u00d3N P.N. de Ordesa y Monte PerdidoP.N. Posets-MaladetaParc National des Pyr\u00e9n\u00e9es COMARCAS SobrarbeOccit\u00e0nia WEB &#8211; REDES SOCIALES www.lasfeixas.com DONDE DORMIR Bielsa (1.053 m)Lamiana (1.125 m)Bestu\u00e9 (1.228 m)Ner\u00edn (1.281 m)Refugio de Pineta (1.240 m)Aubergue du Maillet (1.800 m)Piau (1.860 m)Hospice du Rioumajou (1.550 m)Refugio de Viad\u00f3s (1.726 m) PICOS OPCIONALES Pico de [&hellip;]\" \/>\n<meta property=\"og:url\" content=\"https:\/\/rutesentrerefugis.com\/index.php\/es\/2022\/05\/19\/las-feixas-es\/\" \/>\n<meta property=\"og:site_name\" content=\"Rutes Entre Refugis\" \/>\n<meta property=\"article:published_time\" content=\"2022-05-19T15:59:00+00:00\" \/>\n<meta property=\"article:modified_time\" content=\"2025-07-12T16:47:37+00:00\" \/>\n<meta property=\"og:image\" content=\"https:\/\/rutesentrerefugis.com\/wp-content\/uploads\/2023\/03\/Las-Feixas-NW.jpg\" \/>\n\t<meta property=\"og:image:width\" content=\"400\" \/>\n\t<meta property=\"og:image:height\" content=\"280\" \/>\n\t<meta property=\"og:image:type\" content=\"image\/jpeg\" \/>\n<meta name=\"author\" content=\"Rutes Entre Refugis\" \/>\n<meta name=\"twitter:card\" content=\"summary_large_image\" \/>\n<meta name=\"twitter:label1\" content=\"Escrito por\" \/>\n\t<meta name=\"twitter:data1\" content=\"Rutes Entre Refugis\" \/>\n\t<meta name=\"twitter:label2\" content=\"Tiempo de lectura\" \/>\n\t<meta name=\"twitter:data2\" content=\"4 minutos\" \/>\n<script type=\"application\/ld+json\" class=\"yoast-schema-graph\">{\"@context\":\"https:\\\/\\\/schema.org\",\"@graph\":[{\"@type\":\"Article\",\"@id\":\"https:\\\/\\\/rutesentrerefugis.com\\\/index.php\\\/es\\\/2022\\\/05\\\/19\\\/las-feixas-es\\\/#article\",\"isPartOf\":{\"@id\":\"https:\\\/\\\/rutesentrerefugis.com\\\/index.php\\\/es\\\/2022\\\/05\\\/19\\\/las-feixas-es\\\/\"},\"author\":{\"name\":\"Rutes Entre Refugis\",\"@id\":\"https:\\\/\\\/rutesentrerefugis.com\\\/#\\\/schema\\\/person\\\/6e6f59c84210840610f19bafce39adc2\"},\"headline\":\"LAS FEIXAS\",\"datePublished\":\"2022-05-19T15:59:00+00:00\",\"dateModified\":\"2025-07-12T16:47:37+00:00\",\"mainEntityOfPage\":{\"@id\":\"https:\\\/\\\/rutesentrerefugis.com\\\/index.php\\\/es\\\/2022\\\/05\\\/19\\\/las-feixas-es\\\/\"},\"wordCount\":372,\"commentCount\":0,\"publisher\":{\"@id\":\"https:\\\/\\\/rutesentrerefugis.com\\\/#organization\"},\"image\":{\"@id\":\"https:\\\/\\\/rutesentrerefugis.com\\\/index.php\\\/es\\\/2022\\\/05\\\/19\\\/las-feixas-es\\\/#primaryimage\"},\"thumbnailUrl\":\"https:\\\/\\\/rutesentrerefugis.com\\\/wp-content\\\/uploads\\\/2023\\\/03\\\/Las-Feixas-NW.jpg\",\"keywords\":[\"Bielsa\",\"Ner\u00edn\",\"Occitania\",\"Parc National des Pyrenees\",\"Parque Nacional de Ordesa y Monte Perdido\",\"Parque Natural Posets Maladeta\",\"Refugi de Pineta\",\"Refugio de Biados\",\"Sobrarbe\"],\"articleSection\":[\"A Pie\"],\"inLanguage\":\"es\",\"potentialAction\":[{\"@type\":\"CommentAction\",\"name\":\"Comment\",\"target\":[\"https:\\\/\\\/rutesentrerefugis.com\\\/index.php\\\/es\\\/2022\\\/05\\\/19\\\/las-feixas-es\\\/#respond\"]}]},{\"@type\":\"WebPage\",\"@id\":\"https:\\\/\\\/rutesentrerefugis.com\\\/index.php\\\/es\\\/2022\\\/05\\\/19\\\/las-feixas-es\\\/\",\"url\":\"https:\\\/\\\/rutesentrerefugis.com\\\/index.php\\\/es\\\/2022\\\/05\\\/19\\\/las-feixas-es\\\/\",\"name\":\"LAS FEIXAS - Rutes Entre Refugis\",\"isPartOf\":{\"@id\":\"https:\\\/\\\/rutesentrerefugis.com\\\/#website\"},\"primaryImageOfPage\":{\"@id\":\"https:\\\/\\\/rutesentrerefugis.com\\\/index.php\\\/es\\\/2022\\\/05\\\/19\\\/las-feixas-es\\\/#primaryimage\"},\"image\":{\"@id\":\"https:\\\/\\\/rutesentrerefugis.com\\\/index.php\\\/es\\\/2022\\\/05\\\/19\\\/las-feixas-es\\\/#primaryimage\"},\"thumbnailUrl\":\"https:\\\/\\\/rutesentrerefugis.com\\\/wp-content\\\/uploads\\\/2023\\\/03\\\/Las-Feixas-NW.jpg\",\"datePublished\":\"2022-05-19T15:59:00+00:00\",\"dateModified\":\"2025-07-12T16:47:37+00:00\",\"breadcrumb\":{\"@id\":\"https:\\\/\\\/rutesentrerefugis.com\\\/index.php\\\/es\\\/2022\\\/05\\\/19\\\/las-feixas-es\\\/#breadcrumb\"},\"inLanguage\":\"es\",\"potentialAction\":[{\"@type\":\"ReadAction\",\"target\":[\"https:\\\/\\\/rutesentrerefugis.com\\\/index.php\\\/es\\\/2022\\\/05\\\/19\\\/las-feixas-es\\\/\"]}]},{\"@type\":\"ImageObject\",\"inLanguage\":\"es\",\"@id\":\"https:\\\/\\\/rutesentrerefugis.com\\\/index.php\\\/es\\\/2022\\\/05\\\/19\\\/las-feixas-es\\\/#primaryimage\",\"url\":\"https:\\\/\\\/rutesentrerefugis.com\\\/wp-content\\\/uploads\\\/2023\\\/03\\\/Las-Feixas-NW.jpg\",\"contentUrl\":\"https:\\\/\\\/rutesentrerefugis.com\\\/wp-content\\\/uploads\\\/2023\\\/03\\\/Las-Feixas-NW.jpg\",\"width\":400,\"height\":280},{\"@type\":\"BreadcrumbList\",\"@id\":\"https:\\\/\\\/rutesentrerefugis.com\\\/index.php\\\/es\\\/2022\\\/05\\\/19\\\/las-feixas-es\\\/#breadcrumb\",\"itemListElement\":[{\"@type\":\"ListItem\",\"position\":1,\"name\":\"Inici\",\"item\":\"https:\\\/\\\/rutesentrerefugis.com\\\/\"},{\"@type\":\"ListItem\",\"position\":2,\"name\":\"LAS FEIXAS\"}]},{\"@type\":\"WebSite\",\"@id\":\"https:\\\/\\\/rutesentrerefugis.com\\\/#website\",\"url\":\"https:\\\/\\\/rutesentrerefugis.com\\\/\",\"name\":\"Rutes Entre Refugis\",\"description\":\"Caminant sota un nom\",\"publisher\":{\"@id\":\"https:\\\/\\\/rutesentrerefugis.com\\\/#organization\"},\"potentialAction\":[{\"@type\":\"SearchAction\",\"target\":{\"@type\":\"EntryPoint\",\"urlTemplate\":\"https:\\\/\\\/rutesentrerefugis.com\\\/?s={search_term_string}\"},\"query-input\":{\"@type\":\"PropertyValueSpecification\",\"valueRequired\":true,\"valueName\":\"search_term_string\"}}],\"inLanguage\":\"es\"},{\"@type\":\"Organization\",\"@id\":\"https:\\\/\\\/rutesentrerefugis.com\\\/#organization\",\"name\":\"Rutes Entre Refugis\",\"url\":\"https:\\\/\\\/rutesentrerefugis.com\\\/\",\"logo\":{\"@type\":\"ImageObject\",\"inLanguage\":\"es\",\"@id\":\"https:\\\/\\\/rutesentrerefugis.com\\\/#\\\/schema\\\/logo\\\/image\\\/\",\"url\":\"https:\\\/\\\/rutesentrerefugis.com\\\/wp-content\\\/uploads\\\/2022\\\/08\\\/RutesEntreRefugis-Blanc-Retina-1.png\",\"contentUrl\":\"https:\\\/\\\/rutesentrerefugis.com\\\/wp-content\\\/uploads\\\/2022\\\/08\\\/RutesEntreRefugis-Blanc-Retina-1.png\",\"width\":400,\"height\":400,\"caption\":\"Rutes Entre Refugis\"},\"image\":{\"@id\":\"https:\\\/\\\/rutesentrerefugis.com\\\/#\\\/schema\\\/logo\\\/image\\\/\"}},{\"@type\":\"Person\",\"@id\":\"https:\\\/\\\/rutesentrerefugis.com\\\/#\\\/schema\\\/person\\\/6e6f59c84210840610f19bafce39adc2\",\"name\":\"Rutes Entre Refugis\",\"image\":{\"@type\":\"ImageObject\",\"inLanguage\":\"es\",\"@id\":\"https:\\\/\\\/rutesentrerefugis.com\\\/wp-content\\\/uploads\\\/2023\\\/05\\\/avatar_user_2_1683354561-96x96.jpg\",\"url\":\"https:\\\/\\\/rutesentrerefugis.com\\\/wp-content\\\/uploads\\\/2023\\\/05\\\/avatar_user_2_1683354561-96x96.jpg\",\"contentUrl\":\"https:\\\/\\\/rutesentrerefugis.com\\\/wp-content\\\/uploads\\\/2023\\\/05\\\/avatar_user_2_1683354561-96x96.jpg\",\"caption\":\"Rutes Entre Refugis\"},\"url\":\"https:\\\/\\\/rutesentrerefugis.com\\\/index.php\\\/author\\\/entre-refugis\\\/\"}]}<\/script>\n<!-- \/ Yoast SEO plugin. -->","yoast_head_json":{"title":"LAS FEIXAS - Rutes Entre Refugis","robots":{"index":"index","follow":"follow","max-snippet":"max-snippet:-1","max-image-preview":"max-image-preview:large","max-video-preview":"max-video-preview:-1"},"canonical":"https:\/\/rutesentrerefugis.com\/index.php\/es\/2022\/05\/19\/las-feixas-es\/","og_locale":"es_ES","og_type":"article","og_title":"LAS FEIXAS - Rutes Entre Refugis","og_description":"\u00b7 LAS FEIXAS \u00b7 UBICACI\u00d3N P.N. de Ordesa y Monte PerdidoP.N. Posets-MaladetaParc National des Pyr\u00e9n\u00e9es COMARCAS SobrarbeOccit\u00e0nia WEB &#8211; REDES SOCIALES www.lasfeixas.com DONDE DORMIR Bielsa (1.053 m)Lamiana (1.125 m)Bestu\u00e9 (1.228 m)Ner\u00edn (1.281 m)Refugio de Pineta (1.240 m)Aubergue du Maillet (1.800 m)Piau (1.860 m)Hospice du Rioumajou (1.550 m)Refugio de Viad\u00f3s (1.726 m) PICOS OPCIONALES Pico de [&hellip;]","og_url":"https:\/\/rutesentrerefugis.com\/index.php\/es\/2022\/05\/19\/las-feixas-es\/","og_site_name":"Rutes Entre Refugis","article_published_time":"2022-05-19T15:59:00+00:00","article_modified_time":"2025-07-12T16:47:37+00:00","og_image":[{"width":400,"height":280,"url":"https:\/\/rutesentrerefugis.com\/wp-content\/uploads\/2023\/03\/Las-Feixas-NW.jpg","type":"image\/jpeg"}],"author":"Rutes Entre Refugis","twitter_card":"summary_large_image","twitter_misc":{"Escrito por":"Rutes Entre Refugis","Tiempo de lectura":"4 minutos"},"schema":{"@context":"https:\/\/schema.org","@graph":[{"@type":"Article","@id":"https:\/\/rutesentrerefugis.com\/index.php\/es\/2022\/05\/19\/las-feixas-es\/#article","isPartOf":{"@id":"https:\/\/rutesentrerefugis.com\/index.php\/es\/2022\/05\/19\/las-feixas-es\/"},"author":{"name":"Rutes Entre Refugis","@id":"https:\/\/rutesentrerefugis.com\/#\/schema\/person\/6e6f59c84210840610f19bafce39adc2"},"headline":"LAS FEIXAS","datePublished":"2022-05-19T15:59:00+00:00","dateModified":"2025-07-12T16:47:37+00:00","mainEntityOfPage":{"@id":"https:\/\/rutesentrerefugis.com\/index.php\/es\/2022\/05\/19\/las-feixas-es\/"},"wordCount":372,"commentCount":0,"publisher":{"@id":"https:\/\/rutesentrerefugis.com\/#organization"},"image":{"@id":"https:\/\/rutesentrerefugis.com\/index.php\/es\/2022\/05\/19\/las-feixas-es\/#primaryimage"},"thumbnailUrl":"https:\/\/rutesentrerefugis.com\/wp-content\/uploads\/2023\/03\/Las-Feixas-NW.jpg","keywords":["Bielsa","Ner\u00edn","Occitania","Parc National des Pyrenees","Parque Nacional de Ordesa y Monte Perdido","Parque Natural Posets Maladeta","Refugi de Pineta","Refugio de Biados","Sobrarbe"],"articleSection":["A Pie"],"inLanguage":"es","potentialAction":[{"@type":"CommentAction","name":"Comment","target":["https:\/\/rutesentrerefugis.com\/index.php\/es\/2022\/05\/19\/las-feixas-es\/#respond"]}]},{"@type":"WebPage","@id":"https:\/\/rutesentrerefugis.com\/index.php\/es\/2022\/05\/19\/las-feixas-es\/","url":"https:\/\/rutesentrerefugis.com\/index.php\/es\/2022\/05\/19\/las-feixas-es\/","name":"LAS FEIXAS - Rutes Entre Refugis","isPartOf":{"@id":"https:\/\/rutesentrerefugis.com\/#website"},"primaryImageOfPage":{"@id":"https:\/\/rutesentrerefugis.com\/index.php\/es\/2022\/05\/19\/las-feixas-es\/#primaryimage"},"image":{"@id":"https:\/\/rutesentrerefugis.com\/index.php\/es\/2022\/05\/19\/las-feixas-es\/#primaryimage"},"thumbnailUrl":"https:\/\/rutesentrerefugis.com\/wp-content\/uploads\/2023\/03\/Las-Feixas-NW.jpg","datePublished":"2022-05-19T15:59:00+00:00","dateModified":"2025-07-12T16:47:37+00:00","breadcrumb":{"@id":"https:\/\/rutesentrerefugis.com\/index.php\/es\/2022\/05\/19\/las-feixas-es\/#breadcrumb"},"inLanguage":"es","potentialAction":[{"@type":"ReadAction","target":["https:\/\/rutesentrerefugis.com\/index.php\/es\/2022\/05\/19\/las-feixas-es\/"]}]},{"@type":"ImageObject","inLanguage":"es","@id":"https:\/\/rutesentrerefugis.com\/index.php\/es\/2022\/05\/19\/las-feixas-es\/#primaryimage","url":"https:\/\/rutesentrerefugis.com\/wp-content\/uploads\/2023\/03\/Las-Feixas-NW.jpg","contentUrl":"https:\/\/rutesentrerefugis.com\/wp-content\/uploads\/2023\/03\/Las-Feixas-NW.jpg","width":400,"height":280},{"@type":"BreadcrumbList","@id":"https:\/\/rutesentrerefugis.com\/index.php\/es\/2022\/05\/19\/las-feixas-es\/#breadcrumb","itemListElement":[{"@type":"ListItem","position":1,"name":"Inici","item":"https:\/\/rutesentrerefugis.com\/"},{"@type":"ListItem","position":2,"name":"LAS FEIXAS"}]},{"@type":"WebSite","@id":"https:\/\/rutesentrerefugis.com\/#website","url":"https:\/\/rutesentrerefugis.com\/","name":"Rutes Entre Refugis","description":"Caminant sota un nom","publisher":{"@id":"https:\/\/rutesentrerefugis.com\/#organization"},"potentialAction":[{"@type":"SearchAction","target":{"@type":"EntryPoint","urlTemplate":"https:\/\/rutesentrerefugis.com\/?s={search_term_string}"},"query-input":{"@type":"PropertyValueSpecification","valueRequired":true,"valueName":"search_term_string"}}],"inLanguage":"es"},{"@type":"Organization","@id":"https:\/\/rutesentrerefugis.com\/#organization","name":"Rutes Entre Refugis","url":"https:\/\/rutesentrerefugis.com\/","logo":{"@type":"ImageObject","inLanguage":"es","@id":"https:\/\/rutesentrerefugis.com\/#\/schema\/logo\/image\/","url":"https:\/\/rutesentrerefugis.com\/wp-content\/uploads\/2022\/08\/RutesEntreRefugis-Blanc-Retina-1.png","contentUrl":"https:\/\/rutesentrerefugis.com\/wp-content\/uploads\/2022\/08\/RutesEntreRefugis-Blanc-Retina-1.png","width":400,"height":400,"caption":"Rutes Entre Refugis"},"image":{"@id":"https:\/\/rutesentrerefugis.com\/#\/schema\/logo\/image\/"}},{"@type":"Person","@id":"https:\/\/rutesentrerefugis.com\/#\/schema\/person\/6e6f59c84210840610f19bafce39adc2","name":"Rutes Entre Refugis","image":{"@type":"ImageObject","inLanguage":"es","@id":"https:\/\/rutesentrerefugis.com\/wp-content\/uploads\/2023\/05\/avatar_user_2_1683354561-96x96.jpg","url":"https:\/\/rutesentrerefugis.com\/wp-content\/uploads\/2023\/05\/avatar_user_2_1683354561-96x96.jpg","contentUrl":"https:\/\/rutesentrerefugis.com\/wp-content\/uploads\/2023\/05\/avatar_user_2_1683354561-96x96.jpg","caption":"Rutes Entre Refugis"},"url":"https:\/\/rutesentrerefugis.com\/index.php\/author\/entre-refugis\/"}]}},"_links":{"self":[{"href":"https:\/\/rutesentrerefugis.com\/index.php\/wp-json\/wp\/v2\/posts\/14278","targetHints":{"allow":["GET"]}}],"collection":[{"href":"https:\/\/rutesentrerefugis.com\/index.php\/wp-json\/wp\/v2\/posts"}],"about":[{"href":"https:\/\/rutesentrerefugis.com\/index.php\/wp-json\/wp\/v2\/types\/post"}],"author":[{"embeddable":true,"href":"https:\/\/rutesentrerefugis.com\/index.php\/wp-json\/wp\/v2\/users\/2"}],"replies":[{"embeddable":true,"href":"https:\/\/rutesentrerefugis.com\/index.php\/wp-json\/wp\/v2\/comments?post=14278"}],"version-history":[{"count":17,"href":"https:\/\/rutesentrerefugis.com\/index.php\/wp-json\/wp\/v2\/posts\/14278\/revisions"}],"predecessor-version":[{"id":26719,"href":"https:\/\/rutesentrerefugis.com\/index.php\/wp-json\/wp\/v2\/posts\/14278\/revisions\/26719"}],"wp:featuredmedia":[{"embeddable":true,"href":"https:\/\/rutesentrerefugis.com\/index.php\/wp-json\/wp\/v2\/media\/14253"}],"wp:attachment":[{"href":"https:\/\/rutesentrerefugis.com\/index.php\/wp-json\/wp\/v2\/media?parent=14278"}],"wp:term":[{"taxonomy":"category","embeddable":true,"href":"https:\/\/rutesentrerefugis.com\/index.php\/wp-json\/wp\/v2\/categories?post=14278"},{"taxonomy":"post_tag","embeddable":true,"href":"https:\/\/rutesentrerefugis.com\/index.php\/wp-json\/wp\/v2\/tags?post=14278"}],"curies":[{"name":"wp","href":"https:\/\/api.w.org\/{rel}","templated":true}]}}