{"id":17200,"date":"2023-05-08T07:18:16","date_gmt":"2023-05-08T07:18:16","guid":{"rendered":"https:\/\/rutesentrerefugis.com\/?p=17200"},"modified":"2023-10-31T07:34:21","modified_gmt":"2023-10-31T07:34:21","slug":"desfent-les-passes-den-j-verdaguer-a-la-cat700","status":"publish","type":"post","link":"https:\/\/rutesentrerefugis.com\/index.php\/2023\/05\/08\/desfent-les-passes-den-j-verdaguer-a-la-cat700\/","title":{"rendered":"DESFENT LES PASSES D&#8217;EN J. VERDAGUER A LA CAT700"},"content":{"rendered":"\t\t<div data-elementor-type=\"wp-post\" data-elementor-id=\"17200\" class=\"elementor elementor-17200\" data-elementor-post-type=\"post\">\n\t\t\t\t\t\t<section class=\"elementor-section elementor-top-section elementor-element elementor-element-49e71f9 elementor-section-full_width elementor-section-height-default elementor-section-height-default\" data-id=\"49e71f9\" data-element_type=\"section\" data-e-type=\"section\">\n\t\t\t\t\t\t<div class=\"elementor-container elementor-column-gap-default\">\n\t\t\t\t\t<div class=\"elementor-column elementor-col-100 elementor-top-column elementor-element elementor-element-e8a3f1b\" data-id=\"e8a3f1b\" data-element_type=\"column\" data-e-type=\"column\" data-settings=\"{&quot;background_background&quot;:&quot;classic&quot;}\">\n\t\t\t<div class=\"elementor-widget-wrap elementor-element-populated\">\n\t\t\t\t\t\t<div class=\"elementor-element elementor-element-e0bd260 elementor-widget elementor-widget-image\" data-id=\"e0bd260\" data-element_type=\"widget\" data-e-type=\"widget\" data-widget_type=\"image.default\">\n\t\t\t\t<div class=\"elementor-widget-container\">\n\t\t\t\t\t\t\t\t\t\t\t\t\t\t\t<img fetchpriority=\"high\" decoding=\"async\" width=\"2000\" height=\"450\" src=\"https:\/\/rutesentrerefugis.com\/wp-content\/uploads\/2023\/05\/Bikesketching-CAT700-Cap.jpg\" class=\"attachment-full size-full wp-image-17243\" alt=\"\" srcset=\"https:\/\/rutesentrerefugis.com\/wp-content\/uploads\/2023\/05\/Bikesketching-CAT700-Cap.jpg 2000w, https:\/\/rutesentrerefugis.com\/wp-content\/uploads\/2023\/05\/Bikesketching-CAT700-Cap-300x68.jpg 300w, https:\/\/rutesentrerefugis.com\/wp-content\/uploads\/2023\/05\/Bikesketching-CAT700-Cap-1024x230.jpg 1024w, https:\/\/rutesentrerefugis.com\/wp-content\/uploads\/2023\/05\/Bikesketching-CAT700-Cap-768x173.jpg 768w, https:\/\/rutesentrerefugis.com\/wp-content\/uploads\/2023\/05\/Bikesketching-CAT700-Cap-1536x346.jpg 1536w\" sizes=\"(max-width: 2000px) 100vw, 2000px\" \/>\t\t\t\t\t\t\t\t\t\t\t\t\t\t\t<\/div>\n\t\t\t\t<\/div>\n\t\t\t\t\t<\/div>\n\t\t<\/div>\n\t\t\t\t\t<\/div>\n\t\t<\/section>\n\t\t\t\t<section class=\"elementor-section elementor-top-section elementor-element elementor-element-f5da543 elementor-section-full_width elementor-section-height-default elementor-section-height-default\" data-id=\"f5da543\" data-element_type=\"section\" data-e-type=\"section\">\n\t\t\t\t\t\t<div class=\"elementor-container elementor-column-gap-default\">\n\t\t\t\t\t<div class=\"elementor-column elementor-col-100 elementor-top-column elementor-element elementor-element-a7b3bf6\" data-id=\"a7b3bf6\" data-element_type=\"column\" data-e-type=\"column\" data-settings=\"{&quot;background_background&quot;:&quot;classic&quot;}\">\n\t\t\t<div class=\"elementor-widget-wrap elementor-element-populated\">\n\t\t\t\t\t\t<div class=\"elementor-element elementor-element-904cab1 elementor-widget elementor-widget-heading\" data-id=\"904cab1\" data-element_type=\"widget\" data-e-type=\"widget\" data-widget_type=\"heading.default\">\n\t\t\t\t<div class=\"elementor-widget-container\">\n\t\t\t\t\t<h2 class=\"elementor-heading-title elementor-size-default\">DESFENT LES PASSES D'EN J. VERDAGUER A LA CAT700<\/h2>\t\t\t\t<\/div>\n\t\t\t\t<\/div>\n\t\t\t\t\t<\/div>\n\t\t<\/div>\n\t\t\t\t\t<\/div>\n\t\t<\/section>\n\t\t\t\t<section class=\"elementor-section elementor-top-section elementor-element elementor-element-6dc0412 elementor-section-full_width elementor-section-height-default elementor-section-height-default\" data-id=\"6dc0412\" data-element_type=\"section\" data-e-type=\"section\">\n\t\t\t\t\t\t<div class=\"elementor-container elementor-column-gap-default\">\n\t\t\t\t\t<div class=\"elementor-column elementor-col-100 elementor-top-column elementor-element elementor-element-414505c\" data-id=\"414505c\" data-element_type=\"column\" data-e-type=\"column\" data-settings=\"{&quot;background_background&quot;:&quot;classic&quot;}\">\n\t\t\t<div class=\"elementor-widget-wrap elementor-element-populated\">\n\t\t\t\t\t\t<div class=\"elementor-element elementor-element-5b37f04 elementor-widget-divider--view-line elementor-widget elementor-widget-divider\" data-id=\"5b37f04\" data-element_type=\"widget\" data-e-type=\"widget\" data-widget_type=\"divider.default\">\n\t\t\t\t<div class=\"elementor-widget-container\">\n\t\t\t\t\t\t\t<div class=\"elementor-divider\">\n\t\t\t<span class=\"elementor-divider-separator\">\n\t\t\t\t\t\t<\/span>\n\t\t<\/div>\n\t\t\t\t\t\t<\/div>\n\t\t\t\t<\/div>\n\t\t\t\t\t<\/div>\n\t\t<\/div>\n\t\t\t\t\t<\/div>\n\t\t<\/section>\n\t\t\t\t<section class=\"elementor-section elementor-top-section elementor-element elementor-element-42fd159 elementor-section-full_width elementor-section-height-default elementor-section-height-default\" data-id=\"42fd159\" data-element_type=\"section\" data-e-type=\"section\">\n\t\t\t\t\t\t<div class=\"elementor-container elementor-column-gap-default\">\n\t\t\t\t\t<div class=\"elementor-column elementor-col-100 elementor-top-column elementor-element elementor-element-35641fc\" data-id=\"35641fc\" data-element_type=\"column\" data-e-type=\"column\">\n\t\t\t<div class=\"elementor-widget-wrap elementor-element-populated\">\n\t\t\t\t\t\t<div class=\"elementor-element elementor-element-c647afa elementor-widget elementor-widget-spacer\" data-id=\"c647afa\" data-element_type=\"widget\" data-e-type=\"widget\" data-widget_type=\"spacer.default\">\n\t\t\t\t<div class=\"elementor-widget-container\">\n\t\t\t\t\t\t\t<div class=\"elementor-spacer\">\n\t\t\t<div class=\"elementor-spacer-inner\"><\/div>\n\t\t<\/div>\n\t\t\t\t\t\t<\/div>\n\t\t\t\t<\/div>\n\t\t\t\t\t<\/div>\n\t\t<\/div>\n\t\t\t\t\t<\/div>\n\t\t<\/section>\n\t\t\t\t<section class=\"elementor-section elementor-top-section elementor-element elementor-element-71d3942 elementor-section-full_width elementor-section-height-default elementor-section-height-default\" data-id=\"71d3942\" data-element_type=\"section\" data-e-type=\"section\">\n\t\t\t\t\t\t<div class=\"elementor-container elementor-column-gap-default\">\n\t\t\t\t\t<div class=\"elementor-column elementor-col-100 elementor-top-column elementor-element elementor-element-991de4d\" data-id=\"991de4d\" data-element_type=\"column\" data-e-type=\"column\">\n\t\t\t<div class=\"elementor-widget-wrap elementor-element-populated\">\n\t\t\t\t\t\t<div class=\"elementor-element elementor-element-bdbabf5 elementor-widget elementor-widget-heading\" data-id=\"bdbabf5\" data-element_type=\"widget\" data-e-type=\"widget\" data-widget_type=\"heading.default\">\n\t\t\t\t<div class=\"elementor-widget-container\">\n\t\t\t\t\t<h2 class=\"elementor-heading-title elementor-size-default\">UN BIKEPACKING DIBUIXAT<\/h2>\t\t\t\t<\/div>\n\t\t\t\t<\/div>\n\t\t\t\t\t<\/div>\n\t\t<\/div>\n\t\t\t\t\t<\/div>\n\t\t<\/section>\n\t\t\t\t<section class=\"elementor-section elementor-top-section elementor-element elementor-element-75d0eec elementor-section-full_width elementor-section-height-default elementor-section-height-default\" data-id=\"75d0eec\" data-element_type=\"section\" data-e-type=\"section\">\n\t\t\t\t\t\t<div class=\"elementor-container elementor-column-gap-default\">\n\t\t\t\t\t<div class=\"elementor-column elementor-col-100 elementor-top-column elementor-element elementor-element-2125826\" data-id=\"2125826\" data-element_type=\"column\" data-e-type=\"column\">\n\t\t\t<div class=\"elementor-widget-wrap elementor-element-populated\">\n\t\t\t\t\t\t<div class=\"elementor-element elementor-element-5711d63 elementor-widget elementor-widget-text-editor\" data-id=\"5711d63\" data-element_type=\"widget\" data-e-type=\"widget\" data-widget_type=\"text-editor.default\">\n\t\t\t\t<div class=\"elementor-widget-container\">\n\t\t\t\t\t\t\t\t\t<h6>Cr\u00f2nica escrita per N\u00daRIA GALBE &#8211; @bikesketching<br \/>Fotografies: CAT700 &#8211; FUNDACI\u00d3 JACINT VERDAGUER &#8211; N\u00daRIA GALBE<\/h6>\t\t\t\t\t\t\t\t<\/div>\n\t\t\t\t<\/div>\n\t\t\t\t\t<\/div>\n\t\t<\/div>\n\t\t\t\t\t<\/div>\n\t\t<\/section>\n\t\t\t\t<section class=\"elementor-section elementor-top-section elementor-element elementor-element-fb7a83f elementor-section-full_width elementor-section-height-default elementor-section-height-default\" data-id=\"fb7a83f\" data-element_type=\"section\" data-e-type=\"section\">\n\t\t\t\t\t\t<div class=\"elementor-container elementor-column-gap-default\">\n\t\t\t\t\t<div class=\"elementor-column elementor-col-100 elementor-top-column elementor-element elementor-element-8bf4b55\" data-id=\"8bf4b55\" data-element_type=\"column\" data-e-type=\"column\">\n\t\t\t<div class=\"elementor-widget-wrap elementor-element-populated\">\n\t\t\t\t\t\t<div class=\"elementor-element elementor-element-059e92b elementor-widget elementor-widget-text-editor\" data-id=\"059e92b\" data-element_type=\"widget\" data-e-type=\"widget\" data-widget_type=\"text-editor.default\">\n\t\t\t\t<div class=\"elementor-widget-container\">\n\t\t\t\t\t\t\t\t\t<h5>L\u2019aventura del moss\u00e8n excursionista el 1882 per arribar a l\u2019Aneto des de la Seu d\u2019Urgell, m\u2019arriba de la m\u00e0 d\u2019en Bernat Gasull al llibre \u201cMale\u00efda\u201d (Verdaguer Edicions). Em frapa el relat i penso: \u201cque guapo refer l\u2019itinerari i dibuixar-lo alhora\u201d. I vet aqu\u00ed que al juny 2022 preparant la Cat700, l\u2019aventura en bicicleta d\u2019autosufici\u00e8ncia a Catalunya, m\u2019adono que passa pels mateixos vells camins de l\u2019Aran i d\u2019\u00c0neu que va fer el moss\u00e8n el 1882&#8230; per\u00f2 en sentit contrari. Ail\u00e0s! Ja ho tinc! Almenys un tram, que jo acabar\u00e9 al Delta de l\u2019Ebre.<\/h5>\t\t\t\t\t\t\t\t<\/div>\n\t\t\t\t<\/div>\n\t\t\t\t\t<\/div>\n\t\t<\/div>\n\t\t\t\t\t<\/div>\n\t\t<\/section>\n\t\t\t\t<section class=\"elementor-section elementor-top-section elementor-element elementor-element-ade46a4 elementor-section-full_width elementor-section-height-default elementor-section-height-default\" data-id=\"ade46a4\" data-element_type=\"section\" data-e-type=\"section\">\n\t\t\t\t\t\t<div class=\"elementor-container elementor-column-gap-default\">\n\t\t\t\t\t<div class=\"elementor-column elementor-col-100 elementor-top-column elementor-element elementor-element-9fec491\" data-id=\"9fec491\" data-element_type=\"column\" data-e-type=\"column\">\n\t\t\t<div class=\"elementor-widget-wrap elementor-element-populated\">\n\t\t\t\t\t\t<div class=\"elementor-element elementor-element-5de29ad elementor-widget elementor-widget-text-editor\" data-id=\"5de29ad\" data-element_type=\"widget\" data-e-type=\"widget\" data-widget_type=\"text-editor.default\">\n\t\t\t\t<div class=\"elementor-widget-container\">\n\t\t\t\t\t\t\t\t\t<h5>Seran 2 reptes: pedalar l\u2019itinerari complet i dibuixar el quadern de viatge incl\u00f2s el tram d\u2019en Verdaguer. S\u00f3n 520 kms (faig la versi\u00f3 Gravel) per travessar tota Catalunya de nord (Les, Vall d\u2019Aran) a sud (Delta de l\u2019Ebre) i tinc 5 dies. \u00c9s la meva aventura. \u201cL\u2019he de fer al meu ritme\u201d li dic al Mario, el meu marit. Anirem per separat. Ha de ser aix\u00ed si m\u2019he d\u2019organitzar les hores, dibuixar, menjar i dormir per assolir el repte.<\/h5>\t\t\t\t\t\t\t\t<\/div>\n\t\t\t\t<\/div>\n\t\t\t\t\t<\/div>\n\t\t<\/div>\n\t\t\t\t\t<\/div>\n\t\t<\/section>\n\t\t\t\t<section class=\"elementor-section elementor-top-section elementor-element elementor-element-884f5b8 elementor-section-full_width elementor-section-height-default elementor-section-height-default\" data-id=\"884f5b8\" data-element_type=\"section\" data-e-type=\"section\">\n\t\t\t\t\t\t<div class=\"elementor-container elementor-column-gap-default\">\n\t\t\t\t\t<div class=\"elementor-column elementor-col-50 elementor-top-column elementor-element elementor-element-6f1a872\" data-id=\"6f1a872\" data-element_type=\"column\" data-e-type=\"column\">\n\t\t\t<div class=\"elementor-widget-wrap elementor-element-populated\">\n\t\t\t\t\t\t<div class=\"elementor-element elementor-element-797f3f7 elementor-widget elementor-widget-image\" data-id=\"797f3f7\" data-element_type=\"widget\" data-e-type=\"widget\" data-widget_type=\"image.default\">\n\t\t\t\t<div class=\"elementor-widget-container\">\n\t\t\t\t\t\t\t\t\t\t\t\t\t\t\t<img decoding=\"async\" width=\"1000\" height=\"685\" src=\"https:\/\/rutesentrerefugis.com\/wp-content\/uploads\/2023\/05\/Bikesketching-CAT700-01.jpg\" class=\"attachment-full size-full wp-image-17219\" alt=\"\" srcset=\"https:\/\/rutesentrerefugis.com\/wp-content\/uploads\/2023\/05\/Bikesketching-CAT700-01.jpg 1000w, https:\/\/rutesentrerefugis.com\/wp-content\/uploads\/2023\/05\/Bikesketching-CAT700-01-300x206.jpg 300w, https:\/\/rutesentrerefugis.com\/wp-content\/uploads\/2023\/05\/Bikesketching-CAT700-01-768x526.jpg 768w\" sizes=\"(max-width: 1000px) 100vw, 1000px\" \/>\t\t\t\t\t\t\t\t\t\t\t\t\t\t\t<\/div>\n\t\t\t\t<\/div>\n\t\t\t\t\t<\/div>\n\t\t<\/div>\n\t\t\t\t<div class=\"elementor-column elementor-col-50 elementor-top-column elementor-element elementor-element-42bf76c\" data-id=\"42bf76c\" data-element_type=\"column\" data-e-type=\"column\">\n\t\t\t<div class=\"elementor-widget-wrap elementor-element-populated\">\n\t\t\t\t\t\t<div class=\"elementor-element elementor-element-aa9e37c elementor-widget elementor-widget-image\" data-id=\"aa9e37c\" data-element_type=\"widget\" data-e-type=\"widget\" data-widget_type=\"image.default\">\n\t\t\t\t<div class=\"elementor-widget-container\">\n\t\t\t\t\t\t\t\t\t\t\t\t\t\t\t<img decoding=\"async\" width=\"1000\" height=\"685\" src=\"https:\/\/rutesentrerefugis.com\/wp-content\/uploads\/2023\/05\/Bikesketching-CAT700-02.jpg\" class=\"attachment-full size-full wp-image-17220\" alt=\"\" srcset=\"https:\/\/rutesentrerefugis.com\/wp-content\/uploads\/2023\/05\/Bikesketching-CAT700-02.jpg 1000w, https:\/\/rutesentrerefugis.com\/wp-content\/uploads\/2023\/05\/Bikesketching-CAT700-02-300x206.jpg 300w, https:\/\/rutesentrerefugis.com\/wp-content\/uploads\/2023\/05\/Bikesketching-CAT700-02-768x526.jpg 768w\" sizes=\"(max-width: 1000px) 100vw, 1000px\" \/>\t\t\t\t\t\t\t\t\t\t\t\t\t\t\t<\/div>\n\t\t\t\t<\/div>\n\t\t\t\t\t<\/div>\n\t\t<\/div>\n\t\t\t\t\t<\/div>\n\t\t<\/section>\n\t\t\t\t<section class=\"elementor-section elementor-top-section elementor-element elementor-element-1325a34 elementor-section-full_width elementor-section-height-default elementor-section-height-default\" data-id=\"1325a34\" data-element_type=\"section\" data-e-type=\"section\">\n\t\t\t\t\t\t<div class=\"elementor-container elementor-column-gap-default\">\n\t\t\t\t\t<div class=\"elementor-column elementor-col-100 elementor-top-column elementor-element elementor-element-30463cc\" data-id=\"30463cc\" data-element_type=\"column\" data-e-type=\"column\">\n\t\t\t<div class=\"elementor-widget-wrap elementor-element-populated\">\n\t\t\t\t\t\t<div class=\"elementor-element elementor-element-acf9687 elementor-widget elementor-widget-text-editor\" data-id=\"acf9687\" data-element_type=\"widget\" data-e-type=\"widget\" data-widget_type=\"text-editor.default\">\n\t\t\t\t<div class=\"elementor-widget-container\">\n\t\t\t\t\t\t\t\t\t<h4><font color=\"#000000\"><u>SORTIDA DE LES EN DIRECCI\u00d3 ARTIGA DE LIN<\/u><\/font><\/h4>\n<h5>Abans de sortir, briefing i control de material per part de l\u2019organitzaci\u00f3. Aquest juny els incendis devasten Catalunya. Canvis de ruta i nervis: dem\u00e0 el foc pot tornar a canviar l\u2019itinerari.<\/br>\n<\/br>\n-\u201c<em>Potser no \u00e9s el cap de setmana per fer bivac a plena muntanya<\/em>\u201d -ens diu l\u2019Eliseu als participants.<\/br>\n<\/br>\nI ens ho prenem molt seriosament. Aix\u00ed i tot, tamb\u00e9 per seguretat, no descarrego el material de bivac de la bici. A Les veiem plantat l\u2019Haro, la falla que cremaran el seg\u00fcent cap de setmana, pel solstici de Sant Joan. Quina ironia &#8230; el mateix foc que male\u00efm avui, el venerarem a tota Catalunya en pocs dies.\t\t\t\t\t\t\t\t<\/div>\n\t\t\t\t<\/div>\n\t\t\t\t\t<\/div>\n\t\t<\/div>\n\t\t\t\t\t<\/div>\n\t\t<\/section>\n\t\t\t\t<section class=\"elementor-section elementor-top-section elementor-element elementor-element-a627602 elementor-section-full_width elementor-section-height-default elementor-section-height-default\" data-id=\"a627602\" data-element_type=\"section\" data-e-type=\"section\">\n\t\t\t\t\t\t<div class=\"elementor-container elementor-column-gap-default\">\n\t\t\t\t\t<div class=\"elementor-column elementor-col-33 elementor-top-column elementor-element elementor-element-e77f052\" data-id=\"e77f052\" data-element_type=\"column\" data-e-type=\"column\">\n\t\t\t<div class=\"elementor-widget-wrap elementor-element-populated\">\n\t\t\t\t\t\t<div class=\"elementor-element elementor-element-6af131e elementor-widget elementor-widget-image\" data-id=\"6af131e\" data-element_type=\"widget\" data-e-type=\"widget\" data-widget_type=\"image.default\">\n\t\t\t\t<div class=\"elementor-widget-container\">\n\t\t\t\t\t\t\t\t\t\t\t\t<figure class=\"wp-caption\">\n\t\t\t\t\t\t\t\t\t\t<img loading=\"lazy\" decoding=\"async\" width=\"1000\" height=\"905\" src=\"https:\/\/rutesentrerefugis.com\/wp-content\/uploads\/2023\/05\/Bikesketching-CAT700-03.jpg\" class=\"attachment-full size-full wp-image-17225\" alt=\"\" srcset=\"https:\/\/rutesentrerefugis.com\/wp-content\/uploads\/2023\/05\/Bikesketching-CAT700-03.jpg 1000w, https:\/\/rutesentrerefugis.com\/wp-content\/uploads\/2023\/05\/Bikesketching-CAT700-03-300x272.jpg 300w, https:\/\/rutesentrerefugis.com\/wp-content\/uploads\/2023\/05\/Bikesketching-CAT700-03-768x695.jpg 768w\" sizes=\"(max-width: 1000px) 100vw, 1000px\" \/>\t\t\t\t\t\t\t\t\t\t\t<figcaption class=\"widget-image-caption wp-caption-text\">El croquis de Jacint Verdaguer el 1882<\/br>(imatge i cortesia de la Fundaci\u00f3 Jacint Verdaguer)<\/figcaption>\n\t\t\t\t\t\t\t\t\t\t<\/figure>\n\t\t\t\t\t\t\t\t\t<\/div>\n\t\t\t\t<\/div>\n\t\t\t\t\t<\/div>\n\t\t<\/div>\n\t\t\t\t<div class=\"elementor-column elementor-col-66 elementor-top-column elementor-element elementor-element-a708cbd\" data-id=\"a708cbd\" data-element_type=\"column\" data-e-type=\"column\">\n\t\t\t<div class=\"elementor-widget-wrap elementor-element-populated\">\n\t\t\t\t\t\t<div class=\"elementor-element elementor-element-83770ff elementor-widget elementor-widget-text-editor\" data-id=\"83770ff\" data-element_type=\"widget\" data-e-type=\"widget\" data-widget_type=\"text-editor.default\">\n\t\t\t\t<div class=\"elementor-widget-container\">\n\t\t\t\t\t\t\t\t\t<h5>Al mat\u00ed sortim tranquils, enfilem el Camin Reiau i prenem la carretera de l&#8217;Artiga de Lin cap a Vielha. Ja penso en les notes de Verdaguer al seu pas per Artiga i sense adonar-me&#8217;n, ja soc al llom de serra, on el cam\u00ed trenca en una corba molt marcada. Em giro i miro amunt. Oh! &#8230; LA MALE\u00cfDA! Cim i glacera treuen el cap rere el C\u00f2th deth H\u00f2ro.<\/br>\n<\/br>\nSoc a Arr\u00f2ca de S\u00e8rra, on Verdaguer es va aturar a fer un dels seus croquis el 1882. El dia \u00e9s tan net, &#8230; veig el cim a tocar dels dits. A en Gasull li sembla un lloc encisador. A mi tamb\u00e9.<\/br>\n<\/br>\n-\u00abAl l\u00edo! A dibuixar\u00bb i m&#8217;assec sobre l&#8217;herba florida. \u00abFem-ho f\u00e0cil: 2 llapis, un per l&#8217;Aneto (les llums) i un altre pels contrallums, no vull entretenir-me gaire\u00bb.<\/br>\n<\/br>\n-\u00abHola N\u00faria!\u00bb sento una veu. \u00c9s el Sergi, que em passa pedalant. Tamb\u00e9 fa la Cat700, i a qui vaig dibuixar en una altra travessa quan va trinxar el canvi en ruta.<\/h5>\t\t\t\t\t\t\t\t<\/div>\n\t\t\t\t<\/div>\n\t\t\t\t\t<\/div>\n\t\t<\/div>\n\t\t\t\t\t<\/div>\n\t\t<\/section>\n\t\t\t\t<section class=\"elementor-section elementor-top-section elementor-element elementor-element-29887f2 elementor-section-full_width elementor-section-height-default elementor-section-height-default\" data-id=\"29887f2\" data-element_type=\"section\" data-e-type=\"section\">\n\t\t\t\t\t\t<div class=\"elementor-container elementor-column-gap-default\">\n\t\t\t\t\t<div class=\"elementor-column elementor-col-100 elementor-top-column elementor-element elementor-element-2ba6a5b\" data-id=\"2ba6a5b\" data-element_type=\"column\" data-e-type=\"column\">\n\t\t\t<div class=\"elementor-widget-wrap elementor-element-populated\">\n\t\t\t\t\t\t<div class=\"elementor-element elementor-element-8911b08 elementor-widget elementor-widget-image\" data-id=\"8911b08\" data-element_type=\"widget\" data-e-type=\"widget\" data-widget_type=\"image.default\">\n\t\t\t\t<div class=\"elementor-widget-container\">\n\t\t\t\t\t\t\t\t\t\t\t\t\t\t\t<img loading=\"lazy\" decoding=\"async\" width=\"2000\" height=\"1500\" src=\"https:\/\/rutesentrerefugis.com\/wp-content\/uploads\/2023\/05\/Bikesketching-CAT700-04.jpg\" class=\"attachment-full size-full wp-image-17235\" alt=\"\" srcset=\"https:\/\/rutesentrerefugis.com\/wp-content\/uploads\/2023\/05\/Bikesketching-CAT700-04.jpg 2000w, https:\/\/rutesentrerefugis.com\/wp-content\/uploads\/2023\/05\/Bikesketching-CAT700-04-300x225.jpg 300w, https:\/\/rutesentrerefugis.com\/wp-content\/uploads\/2023\/05\/Bikesketching-CAT700-04-1024x768.jpg 1024w, https:\/\/rutesentrerefugis.com\/wp-content\/uploads\/2023\/05\/Bikesketching-CAT700-04-768x576.jpg 768w, https:\/\/rutesentrerefugis.com\/wp-content\/uploads\/2023\/05\/Bikesketching-CAT700-04-1536x1152.jpg 1536w\" sizes=\"(max-width: 2000px) 100vw, 2000px\" \/>\t\t\t\t\t\t\t\t\t\t\t\t\t\t\t<\/div>\n\t\t\t\t<\/div>\n\t\t\t\t\t<\/div>\n\t\t<\/div>\n\t\t\t\t\t<\/div>\n\t\t<\/section>\n\t\t\t\t<section class=\"elementor-section elementor-top-section elementor-element elementor-element-a906731 elementor-section-full_width elementor-section-height-default elementor-section-height-default\" data-id=\"a906731\" data-element_type=\"section\" data-e-type=\"section\">\n\t\t\t\t\t\t<div class=\"elementor-container elementor-column-gap-default\">\n\t\t\t\t\t<div class=\"elementor-column elementor-col-100 elementor-top-column elementor-element elementor-element-b8a5165\" data-id=\"b8a5165\" data-element_type=\"column\" data-e-type=\"column\">\n\t\t\t<div class=\"elementor-widget-wrap elementor-element-populated\">\n\t\t\t\t\t\t<div class=\"elementor-element elementor-element-552f4e5 elementor-widget elementor-widget-text-editor\" data-id=\"552f4e5\" data-element_type=\"widget\" data-e-type=\"widget\" data-widget_type=\"text-editor.default\">\n\t\t\t\t<div class=\"elementor-widget-container\">\n\t\t\t\t\t\t\t\t\t<h4><span style=\"color: #000000;\"><u>ANETO, LA MALE\u00cfDA<\/u><\/span><\/h4>\n<h5>El 1882 era encara molt poc visitat. Una dotzena d&#8217;expedicions registrades l&#8217;any.<\/br>\n-El 1er intent d&#8217;assolir el cim va ser de Francesc Sauci d&#8217;Esterri d&#8217;\u00c0neu el 1725. Frustrat, hi va perdre la vida.<\/br>\n-Louis de Ramond de Carbonni\u00e8res el 1787, tamb\u00e9 frustrat.<\/br>\n-La 1a ascensi\u00f3 eixida a l&#8217;Aneto va ser el 1842, d&#8217;Albert de Franqueville (franc\u00e8s) i Platon de Tchiharchev (rus) i 4 guies occitans. Un 20 de juliol.<\/br>\n<\/br>\nVerdaguer el 22 de juliol del 1882, no duia ni bast\u00f3 ni grampons ni cordes. Volia assolir el cim de l&#8217;Aneto des de l&#8217;Artiga de Lin, en un sol dia. Una bogeria.<\/br>\n<\/br>\n\u00ab<em>Com ho ha fet la naturalesa per tallar eixos molars de granit (&#8230;)?<\/em>\u00bb\nEll l&#8217;anomenava \u00abLo Goliat de nostres muntanyes\u00bb.<\/br>\n<\/br>\nEn aquest llom, Verdaguer ens parla dels avets gegants del bosc de Varicauba. (Ja no ho son, tan grans):\n\u00ab<em>Son los avets m\u00e9s prims i llargs que he vist. La ra\u00e7a dels gegants de la muntanya no s&#8217;acaba, encara<\/em>\u00ab.<\/br>\n\u00ab<em>Davant se veuen les Male\u00efdes, clapades de neu, dretes i espadades, i als costats, immenses arbredes (&#8230;)<\/em>\u00ab.<\/br>\n<\/br>\nEn Gasull ens recorda que la glacera de l&#8217;Aneto tenia vuit vegades m\u00e9s extensi\u00f3 que no pas ara. A partir dels anys noranta del segle XX, la glacera ha perdut entre el 80 i el 90% de la superf\u00edcie!<\/br>\n<\/br>\nPer\u00f2 avui, els meus Goliat son Beret i Espot, m&#8217;esperen +2.400\u202fm de desnivell acumulat en un centenar de kil\u00f2metres, aix\u00ed que m&#8217;he d&#8217;afanyar. Plego r\u00e0pidament el quadern a la bossa del tub de la bici i continuo pedalant cap a Vielha.<\/h5>\t\t\t\t\t\t\t\t<\/div>\n\t\t\t\t<\/div>\n\t\t\t\t\t<\/div>\n\t\t<\/div>\n\t\t\t\t\t<\/div>\n\t\t<\/section>\n\t\t\t\t<section class=\"elementor-section elementor-top-section elementor-element elementor-element-e7db488 elementor-section-full_width elementor-section-height-default elementor-section-height-default\" data-id=\"e7db488\" data-element_type=\"section\" data-e-type=\"section\">\n\t\t\t\t\t\t<div class=\"elementor-container elementor-column-gap-default\">\n\t\t\t\t\t<div class=\"elementor-column elementor-col-33 elementor-top-column elementor-element elementor-element-7559f69\" data-id=\"7559f69\" data-element_type=\"column\" data-e-type=\"column\">\n\t\t\t<div class=\"elementor-widget-wrap elementor-element-populated\">\n\t\t\t\t\t\t<div class=\"elementor-element elementor-element-bfcd515 elementor-widget elementor-widget-image\" data-id=\"bfcd515\" data-element_type=\"widget\" data-e-type=\"widget\" data-widget_type=\"image.default\">\n\t\t\t\t<div class=\"elementor-widget-container\">\n\t\t\t\t\t\t\t\t\t\t\t\t\t\t\t<img loading=\"lazy\" decoding=\"async\" width=\"1000\" height=\"670\" src=\"https:\/\/rutesentrerefugis.com\/wp-content\/uploads\/2023\/05\/Bikesketching-CAT700-05.jpg\" class=\"attachment-full size-full wp-image-17251\" alt=\"\" srcset=\"https:\/\/rutesentrerefugis.com\/wp-content\/uploads\/2023\/05\/Bikesketching-CAT700-05.jpg 1000w, https:\/\/rutesentrerefugis.com\/wp-content\/uploads\/2023\/05\/Bikesketching-CAT700-05-300x201.jpg 300w, https:\/\/rutesentrerefugis.com\/wp-content\/uploads\/2023\/05\/Bikesketching-CAT700-05-768x515.jpg 768w\" sizes=\"(max-width: 1000px) 100vw, 1000px\" \/>\t\t\t\t\t\t\t\t\t\t\t\t\t\t\t<\/div>\n\t\t\t\t<\/div>\n\t\t\t\t\t<\/div>\n\t\t<\/div>\n\t\t\t\t<div class=\"elementor-column elementor-col-33 elementor-top-column elementor-element elementor-element-243889e\" data-id=\"243889e\" data-element_type=\"column\" data-e-type=\"column\">\n\t\t\t<div class=\"elementor-widget-wrap elementor-element-populated\">\n\t\t\t\t\t\t<div class=\"elementor-element elementor-element-2ebc0fd elementor-widget elementor-widget-image\" data-id=\"2ebc0fd\" data-element_type=\"widget\" data-e-type=\"widget\" data-widget_type=\"image.default\">\n\t\t\t\t<div class=\"elementor-widget-container\">\n\t\t\t\t\t\t\t\t\t\t\t\t\t\t\t<img loading=\"lazy\" decoding=\"async\" width=\"1000\" height=\"670\" src=\"https:\/\/rutesentrerefugis.com\/wp-content\/uploads\/2023\/05\/Bikesketching-CAT700-06.jpg\" class=\"attachment-full size-full wp-image-17252\" alt=\"\" srcset=\"https:\/\/rutesentrerefugis.com\/wp-content\/uploads\/2023\/05\/Bikesketching-CAT700-06.jpg 1000w, https:\/\/rutesentrerefugis.com\/wp-content\/uploads\/2023\/05\/Bikesketching-CAT700-06-300x201.jpg 300w, https:\/\/rutesentrerefugis.com\/wp-content\/uploads\/2023\/05\/Bikesketching-CAT700-06-768x515.jpg 768w\" sizes=\"(max-width: 1000px) 100vw, 1000px\" \/>\t\t\t\t\t\t\t\t\t\t\t\t\t\t\t<\/div>\n\t\t\t\t<\/div>\n\t\t\t\t\t<\/div>\n\t\t<\/div>\n\t\t\t\t<div class=\"elementor-column elementor-col-33 elementor-top-column elementor-element elementor-element-1f8e6b6\" data-id=\"1f8e6b6\" data-element_type=\"column\" data-e-type=\"column\">\n\t\t\t<div class=\"elementor-widget-wrap elementor-element-populated\">\n\t\t\t\t\t\t<div class=\"elementor-element elementor-element-2f354d5 elementor-widget elementor-widget-image\" data-id=\"2f354d5\" data-element_type=\"widget\" data-e-type=\"widget\" data-widget_type=\"image.default\">\n\t\t\t\t<div class=\"elementor-widget-container\">\n\t\t\t\t\t\t\t\t\t\t\t\t\t\t\t<img loading=\"lazy\" decoding=\"async\" width=\"1000\" height=\"670\" src=\"https:\/\/rutesentrerefugis.com\/wp-content\/uploads\/2023\/05\/Bikesketching-CAT700-07.jpg\" class=\"attachment-full size-full wp-image-17253\" alt=\"\" srcset=\"https:\/\/rutesentrerefugis.com\/wp-content\/uploads\/2023\/05\/Bikesketching-CAT700-07.jpg 1000w, https:\/\/rutesentrerefugis.com\/wp-content\/uploads\/2023\/05\/Bikesketching-CAT700-07-300x201.jpg 300w, https:\/\/rutesentrerefugis.com\/wp-content\/uploads\/2023\/05\/Bikesketching-CAT700-07-768x515.jpg 768w\" sizes=\"(max-width: 1000px) 100vw, 1000px\" \/>\t\t\t\t\t\t\t\t\t\t\t\t\t\t\t<\/div>\n\t\t\t\t<\/div>\n\t\t\t\t\t<\/div>\n\t\t<\/div>\n\t\t\t\t\t<\/div>\n\t\t<\/section>\n\t\t\t\t<section class=\"elementor-section elementor-top-section elementor-element elementor-element-b1874aa elementor-section-full_width elementor-section-height-default elementor-section-height-default\" data-id=\"b1874aa\" data-element_type=\"section\" data-e-type=\"section\">\n\t\t\t\t\t\t<div class=\"elementor-container elementor-column-gap-default\">\n\t\t\t\t\t<div class=\"elementor-column elementor-col-100 elementor-top-column elementor-element elementor-element-9694eda\" data-id=\"9694eda\" data-element_type=\"column\" data-e-type=\"column\">\n\t\t\t<div class=\"elementor-widget-wrap elementor-element-populated\">\n\t\t\t\t\t\t<div class=\"elementor-element elementor-element-07c2493 elementor-widget elementor-widget-text-editor\" data-id=\"07c2493\" data-element_type=\"widget\" data-e-type=\"widget\" data-widget_type=\"text-editor.default\">\n\t\t\t\t<div class=\"elementor-widget-container\">\n\t\t\t\t\t\t\t\t\t<h4><font color=\"#000000\"><u>ARRIBANT A GESSA<\/u><\/font><\/h4>\n<h5>Camin Reiau amunt per l&#8217;obaga, passat Camin des Banhs d&#8217;Arties, canviem de vessant travessant la Garona cap a solana, a Gessa. Se sap que Verdaguer devia dormir aqu\u00ed, per\u00f2 no se sap on, molt probablement era a la rectoria, un casalot del s. XVI.<\/br>\n<\/br>\nEntro per un rampot que se&#8217;m fa llarg (el pujo arrossegant la bici), i en plena fa\u00e7ana veig unes rodes de bici amb flors penjant.<\/br>\n-\u00abMira, aqu\u00ed hi viu un@ ciclista! Ves quina bona excusa, una pausa a l&#8217;ombra\u00bb.<\/br>\n<\/br>\nGasull diu: \u00ab<em>D&#8217;aquest cam\u00ed per l&#8217;Aran encisa el paisatge, les esgl\u00e9sies, les cases, les torres, les teulades de quatre vessants, les balconades amb flors i encisa (&#8230;) redescobrir la vivesa de la llengua occitana<\/em>\u00ab.<\/br>\n<\/br>\nPasso l&#8217;esgl\u00e9sia i segueixo cap a Bagergue i Beret, tram que tamb\u00e9 va fer Verdaguer l&#8217;estiu del seg\u00fcent any, el 1883. La pujada \u00e9s un mirador preci\u00f3s, per\u00f2 el sol cau a plom i l&#8217;aire \u00e9s foc. Torno a caminar, em falten energies. Jo ja no veig cap altra ciclista (\u00abaix que ja soc l&#8217;\u00faltima\u00bb penso).<\/br>\n<\/br>\nPoc despr\u00e9s veig l&#8217;organitzaci\u00f3 a l&#8217;ombra de l&#8217;\u00fanic arbre i la M\u00f2nica ve a trobar-me, acompanyant-me una estona: sembla que no ho soc pas l&#8217;\u00faltima, la calor tamb\u00e9 passa factura a la resta de participants. Veig les antenes de Beret \u00abVa vinga, que ja ho tinc\u00bb.<\/h5>\n<\/br>\n<h4><font color=\"#000000\"><u>PLA DE BERET &#8211; La  \u00abpeira lhevada\u00bb, anomenada \u00abPeira deth Uelh deth Garona\u00bb<\/u><\/font><\/h4>\n<h5>Beret, ja hi soc! Fa molt temps que li tenia ganes a aquesta pedra!&#8230; 1000 cops passat, mai dibuixada.<\/br>\n<\/br>\nLa divis\u00f2ria d&#8217;aig\u00fces entre l&#8217;Atl\u00e0ntic i el Mediterrani, entre la Garona i la Noguera Pallaresa.<\/br>\n<\/br>\nNo \u00e9s un menhir, es considera una fita de refer\u00e8ncia indicadora d&#8217;un lloc de pas des de temps molt antics. A 1850 m d&#8217;altitud, fa quasi 2 metres d&#8217;al\u00e7ada i 1,5 m de per\u00edmetre.<\/br>\n<\/br>\nVerdaguer a Beret ens parla de les pedres i li fa gr\u00e0cia l&#8217;anagrama dels dos rierols, la Garona i el Noguera: \u00ab<em>Obert en forma de llibre immens de fulles verdes, que t\u00e9 ramades per lletres i alguns -pocs- penyals perduts entre l&#8217;herba. (&#8230;) All\u00ed naixen, a un quart de dist\u00e0ncia, la Noguera i lo Garona, quals son anagrama l&#8217;un de l&#8217;altre i els quals cursos segueixen direccions totalment oposades, com si es tinguessin por<\/em>\u00ab.<\/br>\n<\/br>\n<em>Noguera per Al\u00f3s \/ tot joguin\u00f3s,<\/br>\nGarona per Aran \/ tot rondinant.<\/em><\/br>\n(Cant VII de Canig\u00f3)<\/br>\n<\/br>\nBeret dona per moltes hist\u00f2ries, com la llegenda de l&#8217;aran\u00e8s llest prometent al batlle de Bordeus fer un pont de plata a la Garona amb nom\u00e9s tres napoleons de plata. Per\u00f2 la deixo per un altre moment.<\/br>\n<\/br>\nDe nou, salto a la bici i cap a Montgarri, tot baixada! Em conec el cam\u00ed, b\u00e9 per la Marxa Beret d&#8217;esqu\u00ed de fons, b\u00e9 per la travessa de muntanya Pass&#8217;Aran entre les Valls d&#8217;Aran i Coserans.<\/h5>\t\t\t\t\t\t\t\t<\/div>\n\t\t\t\t<\/div>\n\t\t\t\t\t<\/div>\n\t\t<\/div>\n\t\t\t\t\t<\/div>\n\t\t<\/section>\n\t\t\t\t<section class=\"elementor-section elementor-top-section elementor-element elementor-element-e9207ed elementor-section-full_width elementor-section-height-default elementor-section-height-default\" data-id=\"e9207ed\" data-element_type=\"section\" data-e-type=\"section\">\n\t\t\t\t\t\t<div class=\"elementor-container elementor-column-gap-default\">\n\t\t\t\t\t<div class=\"elementor-column elementor-col-50 elementor-top-column elementor-element elementor-element-0d51cbd\" data-id=\"0d51cbd\" data-element_type=\"column\" data-e-type=\"column\">\n\t\t\t<div class=\"elementor-widget-wrap elementor-element-populated\">\n\t\t\t\t\t\t<div class=\"elementor-element elementor-element-c612840 elementor-widget elementor-widget-image\" data-id=\"c612840\" data-element_type=\"widget\" data-e-type=\"widget\" data-widget_type=\"image.default\">\n\t\t\t\t<div class=\"elementor-widget-container\">\n\t\t\t\t\t\t\t\t\t\t\t\t\t\t\t<img loading=\"lazy\" decoding=\"async\" width=\"1000\" height=\"1330\" src=\"https:\/\/rutesentrerefugis.com\/wp-content\/uploads\/2023\/05\/Bikesketching-CAT700-08.jpg\" class=\"attachment-full size-full wp-image-17268\" alt=\"\" srcset=\"https:\/\/rutesentrerefugis.com\/wp-content\/uploads\/2023\/05\/Bikesketching-CAT700-08.jpg 1000w, https:\/\/rutesentrerefugis.com\/wp-content\/uploads\/2023\/05\/Bikesketching-CAT700-08-226x300.jpg 226w, https:\/\/rutesentrerefugis.com\/wp-content\/uploads\/2023\/05\/Bikesketching-CAT700-08-770x1024.jpg 770w, https:\/\/rutesentrerefugis.com\/wp-content\/uploads\/2023\/05\/Bikesketching-CAT700-08-768x1021.jpg 768w\" sizes=\"(max-width: 1000px) 100vw, 1000px\" \/>\t\t\t\t\t\t\t\t\t\t\t\t\t\t\t<\/div>\n\t\t\t\t<\/div>\n\t\t\t\t\t<\/div>\n\t\t<\/div>\n\t\t\t\t<div class=\"elementor-column elementor-col-50 elementor-top-column elementor-element elementor-element-780c07a\" data-id=\"780c07a\" data-element_type=\"column\" data-e-type=\"column\">\n\t\t\t<div class=\"elementor-widget-wrap elementor-element-populated\">\n\t\t\t\t\t\t<div class=\"elementor-element elementor-element-bbcdf80 elementor-widget elementor-widget-image\" data-id=\"bbcdf80\" data-element_type=\"widget\" data-e-type=\"widget\" data-widget_type=\"image.default\">\n\t\t\t\t<div class=\"elementor-widget-container\">\n\t\t\t\t\t\t\t\t\t\t\t\t\t\t\t<img loading=\"lazy\" decoding=\"async\" width=\"1000\" height=\"1330\" src=\"https:\/\/rutesentrerefugis.com\/wp-content\/uploads\/2023\/05\/Bikesketching-CAT700-09.jpg\" class=\"attachment-full size-full wp-image-17269\" alt=\"\" srcset=\"https:\/\/rutesentrerefugis.com\/wp-content\/uploads\/2023\/05\/Bikesketching-CAT700-09.jpg 1000w, https:\/\/rutesentrerefugis.com\/wp-content\/uploads\/2023\/05\/Bikesketching-CAT700-09-226x300.jpg 226w, https:\/\/rutesentrerefugis.com\/wp-content\/uploads\/2023\/05\/Bikesketching-CAT700-09-770x1024.jpg 770w, https:\/\/rutesentrerefugis.com\/wp-content\/uploads\/2023\/05\/Bikesketching-CAT700-09-768x1021.jpg 768w\" sizes=\"(max-width: 1000px) 100vw, 1000px\" \/>\t\t\t\t\t\t\t\t\t\t\t\t\t\t\t<\/div>\n\t\t\t\t<\/div>\n\t\t\t\t\t<\/div>\n\t\t<\/div>\n\t\t\t\t\t<\/div>\n\t\t<\/section>\n\t\t\t\t<section class=\"elementor-section elementor-top-section elementor-element elementor-element-c249082 elementor-section-full_width elementor-section-height-default elementor-section-height-default\" data-id=\"c249082\" data-element_type=\"section\" data-e-type=\"section\">\n\t\t\t\t\t\t<div class=\"elementor-container elementor-column-gap-default\">\n\t\t\t\t\t<div class=\"elementor-column elementor-col-100 elementor-top-column elementor-element elementor-element-4461ffd\" data-id=\"4461ffd\" data-element_type=\"column\" data-e-type=\"column\">\n\t\t\t<div class=\"elementor-widget-wrap elementor-element-populated\">\n\t\t\t\t\t\t<div class=\"elementor-element elementor-element-ff57f12 elementor-widget elementor-widget-text-editor\" data-id=\"ff57f12\" data-element_type=\"widget\" data-e-type=\"widget\" data-widget_type=\"text-editor.default\">\n\t\t\t\t<div class=\"elementor-widget-container\">\n\t\t\t\t\t\t\t\t\t<h4><font color=#000000\"><u>MONTGARRI<\/u><\/font><\/h4>\n<h5>Per fi! Dinar!!!<\/br>\nJust arribant reconec sortint pista avall un altre ciclista de la CAT700. Ll\u00e0stima, no hi coincideixo.<\/br>\n<\/br>\nA la terrassa de l&#8217;era hi ha for\u00e7a ciclistes. Repasso les cares, per\u00f2 cap \u00abdels meus\u00bb. Torna la sensaci\u00f3 \u00abJa no queda ning\u00fa\u00bb. B\u00e9, a dinar que hi ha gana\u00bb.<\/br>\n<\/br>\nFaig cua a la barra darrera una senyora francesa amb sand\u00e0lies i pedicura molt glamuroses. En canvi, l&#8217;educaci\u00f3 no la t\u00e9 tan polida. No m&#8217;agrada com tracta a la cambrera. Penso en la \u00abfauna\u00bb de Baqu\u00e8ira mentre paga.<\/br>\n<\/br>\n-\u00abHola! Un entrep\u00e0 de tonyina si us plau, i un Aquarius si teniu?&#8230; I de pas, despr\u00e9s, em podries reomplir aquests dos bidons amb aigua, si us plau?\u00bb (dic assenyalant l&#8217;aixeta que t\u00e9 la noia al seu davant).<\/br>\nPago els 10,50\u202f\u20ac per l&#8217;entrep\u00e0 i la llauna i sento una veu que just passa darrere meu:<\/br>\n-\u00abSi vols aigua pels bidons, all\u00e0 fora tens una aixeta\u00bb. (Vaja. Aix\u00f2 tampoc m&#8217;agrada).<\/br>\n<\/br>\nMentre me&#8217;l cruspeixo i dibuixo em retorna el bon humor. I a m\u00e9s aconsegueixo no deixar ditades d&#8217;oli al paper, un miracle!<\/br>\n<\/br>\nLa porta de l&#8217;esgl\u00e9sia \u00e9s oberta. Aquest cop no hi entro. Verdaguer hi va fer nit a Montgarri aquell juliol. El refugi actual era part de la rectoria i de l&#8217;hospital. Venia d&#8217;Al\u00f3s i d&#8217;Isil. Jo vaig en direcci\u00f3 contr\u00e0ria, de fet com quan Flordeneu porta a Gentil Noguera avall al seu cant del Canig\u00f3.<\/br>\n<\/br>\nPoso cera a la cadena de la bici, els camins s\u00f3n massa eixuts i polsosos. I cap avall que fa baixada!<\/br>\n<\/br>\nM&#8217;engresco amb tanta pista avall que el quadern de dibuixos surt volant en algun bot d&#8217;arrel, i no me n&#8217;adono. Tot i retornar pista amunt m\u00e9s tard, no el trobar\u00e9. Potser se l&#8217;ha cruspit alguna de les vaques que m&#8217;he trobat al cam\u00ed. D&#8217;acord, em queden les fotos i algun paper blanc solt. Bye-bye!<\/br>\n<\/br>\n<h4><font color=#000000\"><u>ESTERRI D&#8217;\u00c0NEU<\/u><\/font><\/h4>\n<h5>Arribo a Esterri (km 85), on Gasull ens recorda va sortir Francesc Sauci el 1725 cap a l&#8217;Aneto. Va ser el 1er intent d&#8217;assolir el cim que hi tenim registrat, i frustrat.\nVolia comprovar la llegenda de les Male\u00efdes amb l&#8217;encanteri dels ramats i dels pastors. A mitja costa del cim ja no els calia seguir. Eren prou a la vora per confirmar que la llegenda era certa: \u00ab<em>hi havia set mil caps de bestiar petrificats a la cresta de la muntanya<\/em>\u00ab.<\/br>\n<\/br>\nVerdaguer tamb\u00e9 hi va fer nit (jo vaig pista avall, he tardat poca estona). Pedalo resseguint l&#8217;esquerra del pant\u00e0, per la carretera de Berr\u00f3s cap al pont de la Torrassa, i la presa, per\u00f2 no hi veig el Mall de Rotll\u00e0 (la barra d&#8217;uns 8 pams de llarg) que ens menciona. Ara l&#8217;han traslladat una mica m\u00e9s amunt, a la carretera principal.<\/br>\n<\/br>\n\u00ab<em>Tot passant pel pla d&#8217;Esterri, \/ Pel cam\u00ed que baixa a Gerri,\nMalclavada en un llis d&#8217;herba, \/ Ha obirat f\u00e8rria i superba\nLa gran Ma\u00e7a de Roland<\/em>\u00ab.<\/br>\n<\/br>\nQui s\u00ed que veig -il\u00b7lusionada- s\u00f3n les cares conegudes de l&#8217;organitzaci\u00f3 i un munt d&#8217;altres ciclistes de la CAT700. Quanta gent! Tamb\u00e9 han fet parada pel cam\u00ed&#8230; ells per una cervesa.<\/br>\n<\/br>\nA la benzinera de la cru\u00eflla ruixo la bici, i aqu\u00ed m&#8217;acomiado de Jacint Verdaguer, enfilant carretera amunt, ara uns quants plegats.<\/br>\n<\/br>\nEls 2 \u00faltims kil\u00f2metres a Espot se&#8217;m fan eterns, porto 2.500\u202fm de desnivell acumulat en 100 km i crec que toca tornar a menjar. Intento comprar una llibreta nova (que no aconsegueixo) i fem nit a l&#8217;Alberg Les Daines. Dutxa, sopar en companyia i l&#8217;endem\u00e0 a continuar l&#8217;aventura de bikepacking, d&#8217;autosufici\u00e8ncia, llarga dist\u00e0ncia i dibuixada. Ser\u00e0 el 2n tram m\u00e9s esperat d&#8217;aquest repte: la travessa cap al Triad\u00f3 i la Vall Fosca.<\/h5>\t\t\t\t\t\t\t\t<\/div>\n\t\t\t\t<\/div>\n\t\t\t\t\t<\/div>\n\t\t<\/div>\n\t\t\t\t\t<\/div>\n\t\t<\/section>\n\t\t\t\t<section class=\"elementor-section elementor-top-section elementor-element elementor-element-c0a60ee elementor-section-full_width elementor-section-height-default elementor-section-height-default\" data-id=\"c0a60ee\" data-element_type=\"section\" data-e-type=\"section\">\n\t\t\t\t\t\t<div class=\"elementor-container elementor-column-gap-default\">\n\t\t\t\t\t<div class=\"elementor-column elementor-col-100 elementor-top-column elementor-element elementor-element-27f3781\" data-id=\"27f3781\" data-element_type=\"column\" data-e-type=\"column\">\n\t\t\t<div class=\"elementor-widget-wrap elementor-element-populated\">\n\t\t\t\t\t\t<div class=\"elementor-element elementor-element-4268377 elementor-widget elementor-widget-image\" data-id=\"4268377\" data-element_type=\"widget\" data-e-type=\"widget\" data-widget_type=\"image.default\">\n\t\t\t\t<div class=\"elementor-widget-container\">\n\t\t\t\t\t\t\t\t\t\t\t\t\t\t\t<img loading=\"lazy\" decoding=\"async\" width=\"2000\" height=\"1160\" src=\"https:\/\/rutesentrerefugis.com\/wp-content\/uploads\/2023\/05\/Bikesketching-CAT700-10.jpg\" class=\"attachment-full size-full wp-image-17277\" alt=\"\" srcset=\"https:\/\/rutesentrerefugis.com\/wp-content\/uploads\/2023\/05\/Bikesketching-CAT700-10.jpg 2000w, https:\/\/rutesentrerefugis.com\/wp-content\/uploads\/2023\/05\/Bikesketching-CAT700-10-300x174.jpg 300w, https:\/\/rutesentrerefugis.com\/wp-content\/uploads\/2023\/05\/Bikesketching-CAT700-10-1024x594.jpg 1024w, https:\/\/rutesentrerefugis.com\/wp-content\/uploads\/2023\/05\/Bikesketching-CAT700-10-768x445.jpg 768w, https:\/\/rutesentrerefugis.com\/wp-content\/uploads\/2023\/05\/Bikesketching-CAT700-10-1536x891.jpg 1536w\" sizes=\"(max-width: 2000px) 100vw, 2000px\" \/>\t\t\t\t\t\t\t\t\t\t\t\t\t\t\t<\/div>\n\t\t\t\t<\/div>\n\t\t\t\t\t<\/div>\n\t\t<\/div>\n\t\t\t\t\t<\/div>\n\t\t<\/section>\n\t\t\t\t<section class=\"elementor-section elementor-top-section elementor-element elementor-element-3c121d0 elementor-section-full_width elementor-section-height-default elementor-section-height-default\" data-id=\"3c121d0\" data-element_type=\"section\" data-e-type=\"section\">\n\t\t\t\t\t\t<div class=\"elementor-container elementor-column-gap-default\">\n\t\t\t\t\t<div class=\"elementor-column elementor-col-100 elementor-top-column elementor-element elementor-element-46bc759\" data-id=\"46bc759\" data-element_type=\"column\" data-e-type=\"column\">\n\t\t\t<div class=\"elementor-widget-wrap elementor-element-populated\">\n\t\t\t\t\t\t<div class=\"elementor-element elementor-element-bcc3f56 elementor-widget elementor-widget-text-editor\" data-id=\"bcc3f56\" data-element_type=\"widget\" data-e-type=\"widget\" data-widget_type=\"text-editor.default\">\n\t\t\t\t<div class=\"elementor-widget-container\">\n\t\t\t\t\t\t\t\t\t<h4><font color=\"#000000\"><u>EL COLL: LA CREU D&#8217;EIXOL<\/u><\/font><\/h4>\n<h5>D&#8217;aquells paratges que flipes, i a 2231 m. Mereixen una pausa per gaudir-ne uns instants m\u00e9s &#8211; o agafar aire despr\u00e9s dels 7 km de pujada.<\/br>\n<\/br>\nEn Pau i en Christian tamb\u00e9 s&#8217;han aturat davant meu. Fent un mos m&#8217;expliquen amb pena que es perden una competici\u00f3 de les seves filles petites. El yin i el yan.<\/br>\n<\/br>\n&#8211; Fins despr\u00e9s Nuri!<\/br>\n&#8211; Sortireu al dibuix.<\/br>\n&#8211; Ens dibuixar\u00e0s?<\/br>\n&#8211; S\u00ed. Sereu dos puntets (dic rient).<\/br>\n<\/br>\nI surten direcci\u00f3 el refugi forestal Quatrepins (jo no n&#8217;hi veur\u00e9 cap, de pi)<\/h5>\n<\/br>\n<h4><font color=\"#000000\"><u>CAP AL TRIAD\u00d3, PISTA D&#8217;ESPOT A LLESSUI<\/u><\/font><\/h4>\n<h5>ES \u2013 PEC \u2013 TA &#8211; CU \u2013 LAR<\/br>\n\u00c9s grandi\u00f3s. Serra dels Estanyets, Serravilla i Serrat de Mainera l&#8217;\u00faltim tram.<\/br>\n<\/br>\nTorno a aturar-me. No me&#8217;n puc estar de fer una taca r\u00e0pida amb ceres mentre veig els companys pedalant per la pista travessera. Ja recuperar\u00e9 temps baixant!<\/br>\n<\/br>\nAl Salt d&#8217;Aigua Mainera no m&#8217;agrada veure un 4&#215;4 a tocar d&#8217;un senyal de Parking (cal?, aqu\u00ed??) i uns excursionistes fent un mos sobre la taula de p\u00edcnic. (Si voleu fer una excursi\u00f3, perqu\u00e8 no aneu caminant?). \u00c9s un indret preci\u00f3s: per un costat el rierol desapareix al buit, per l&#8217;altre, m\u00e9s amunt, la cascada.<\/br>\n<\/br>\nBaixo el Triad\u00f3 amb precauci\u00f3, no vull petar cap radi: mil lla\u00e7ades en vertical i pedra ferruginosa de color intens. A Torre de Capdella, mentre cruspeixo un pl\u00e0tan, m&#8217;assabento que el Mario, m\u00e9s endavant, t\u00e9 un cop de calor i no es troba b\u00e9. Me&#8217;n vaig a trobar-lo i l&#8217;acompanyo. Ara tenim for\u00e7a tram de carretera tranquil.<\/br>\n<\/br>\nEl dia avan\u00e7a, la calor puja, aix\u00ed com les terribles columnes de fum del foc d&#8217;Artesa. Nou canvi de recorregut a causa dels incendis. El cor s&#8217;encongeix.<\/br>\n<\/br>\nL&#8217;endem\u00e0 baixada r\u00e0pida entre les parets de Terradets, i despr\u00e9s les planes cap a T\u00e0rrega. Hem passat del verd muntanyenc del dia anterior a les planes daurades de cereals, un contrast encegador. Per\u00f2 el term\u00f2metre no ens dona treva i s&#8217;enfila entre els 40 i 48 graus. Hem coincidit amb uns dies d&#8217;extrema calor. No em sento amb esma de dibuixar i el Mario ha de plegar a T\u00e0rrega, t\u00e9 mal cos. Ens tornem a separar.<\/br>\n<\/br>\nA Vallbona de les Monges un acolorit picot garser gros et dona la benvinguda. \u00c9s el magn\u00edfic mural de Swen Schmitz Coll, l&#8217;il\u00b7lustrador d&#8217;ocells.\t\t\t\t\t\t\t\t<\/div>\n\t\t\t\t<\/div>\n\t\t\t\t\t<\/div>\n\t\t<\/div>\n\t\t\t\t\t<\/div>\n\t\t<\/section>\n\t\t\t\t<section class=\"elementor-section elementor-top-section elementor-element elementor-element-f0ec9ec elementor-section-full_width elementor-section-height-default elementor-section-height-default\" data-id=\"f0ec9ec\" data-element_type=\"section\" data-e-type=\"section\">\n\t\t\t\t\t\t<div class=\"elementor-container elementor-column-gap-default\">\n\t\t\t\t\t<div class=\"elementor-column elementor-col-33 elementor-top-column elementor-element elementor-element-3798a83\" data-id=\"3798a83\" data-element_type=\"column\" data-e-type=\"column\">\n\t\t\t<div class=\"elementor-widget-wrap elementor-element-populated\">\n\t\t\t\t\t\t<div class=\"elementor-element elementor-element-24ff497 elementor-widget elementor-widget-image\" data-id=\"24ff497\" data-element_type=\"widget\" data-e-type=\"widget\" data-widget_type=\"image.default\">\n\t\t\t\t<div class=\"elementor-widget-container\">\n\t\t\t\t\t\t\t\t\t\t\t\t\t\t\t<img loading=\"lazy\" decoding=\"async\" width=\"1000\" height=\"750\" src=\"https:\/\/rutesentrerefugis.com\/wp-content\/uploads\/2023\/05\/Bikesketching-CAT700-11.jpg\" class=\"attachment-full size-full wp-image-17282\" alt=\"\" srcset=\"https:\/\/rutesentrerefugis.com\/wp-content\/uploads\/2023\/05\/Bikesketching-CAT700-11.jpg 1000w, https:\/\/rutesentrerefugis.com\/wp-content\/uploads\/2023\/05\/Bikesketching-CAT700-11-300x225.jpg 300w, https:\/\/rutesentrerefugis.com\/wp-content\/uploads\/2023\/05\/Bikesketching-CAT700-11-768x576.jpg 768w\" sizes=\"(max-width: 1000px) 100vw, 1000px\" \/>\t\t\t\t\t\t\t\t\t\t\t\t\t\t\t<\/div>\n\t\t\t\t<\/div>\n\t\t\t\t\t<\/div>\n\t\t<\/div>\n\t\t\t\t<div class=\"elementor-column elementor-col-33 elementor-top-column elementor-element elementor-element-dcde142\" data-id=\"dcde142\" data-element_type=\"column\" data-e-type=\"column\">\n\t\t\t<div class=\"elementor-widget-wrap elementor-element-populated\">\n\t\t\t\t\t\t<div class=\"elementor-element elementor-element-732ad01 elementor-widget elementor-widget-image\" data-id=\"732ad01\" data-element_type=\"widget\" data-e-type=\"widget\" data-widget_type=\"image.default\">\n\t\t\t\t<div class=\"elementor-widget-container\">\n\t\t\t\t\t\t\t\t\t\t\t\t\t\t\t<img loading=\"lazy\" decoding=\"async\" width=\"1000\" height=\"750\" src=\"https:\/\/rutesentrerefugis.com\/wp-content\/uploads\/2023\/05\/Bikesketching-CAT700-12.jpg\" class=\"attachment-full size-full wp-image-17283\" alt=\"\" srcset=\"https:\/\/rutesentrerefugis.com\/wp-content\/uploads\/2023\/05\/Bikesketching-CAT700-12.jpg 1000w, https:\/\/rutesentrerefugis.com\/wp-content\/uploads\/2023\/05\/Bikesketching-CAT700-12-300x225.jpg 300w, https:\/\/rutesentrerefugis.com\/wp-content\/uploads\/2023\/05\/Bikesketching-CAT700-12-768x576.jpg 768w\" sizes=\"(max-width: 1000px) 100vw, 1000px\" \/>\t\t\t\t\t\t\t\t\t\t\t\t\t\t\t<\/div>\n\t\t\t\t<\/div>\n\t\t\t\t\t<\/div>\n\t\t<\/div>\n\t\t\t\t<div class=\"elementor-column elementor-col-33 elementor-top-column elementor-element elementor-element-9cffb82\" data-id=\"9cffb82\" data-element_type=\"column\" data-e-type=\"column\">\n\t\t\t<div class=\"elementor-widget-wrap elementor-element-populated\">\n\t\t\t\t\t\t<div class=\"elementor-element elementor-element-2e23a68 elementor-widget elementor-widget-image\" data-id=\"2e23a68\" data-element_type=\"widget\" data-e-type=\"widget\" data-widget_type=\"image.default\">\n\t\t\t\t<div class=\"elementor-widget-container\">\n\t\t\t\t\t\t\t\t\t\t\t\t\t\t\t<img loading=\"lazy\" decoding=\"async\" width=\"1000\" height=\"750\" src=\"https:\/\/rutesentrerefugis.com\/wp-content\/uploads\/2023\/05\/Bikesketching-CAT700-13-2.jpg\" class=\"attachment-full size-full wp-image-17285\" alt=\"\" srcset=\"https:\/\/rutesentrerefugis.com\/wp-content\/uploads\/2023\/05\/Bikesketching-CAT700-13-2.jpg 1000w, https:\/\/rutesentrerefugis.com\/wp-content\/uploads\/2023\/05\/Bikesketching-CAT700-13-2-300x225.jpg 300w, https:\/\/rutesentrerefugis.com\/wp-content\/uploads\/2023\/05\/Bikesketching-CAT700-13-2-768x576.jpg 768w\" sizes=\"(max-width: 1000px) 100vw, 1000px\" \/>\t\t\t\t\t\t\t\t\t\t\t\t\t\t\t<\/div>\n\t\t\t\t<\/div>\n\t\t\t\t\t<\/div>\n\t\t<\/div>\n\t\t\t\t\t<\/div>\n\t\t<\/section>\n\t\t\t\t<section class=\"elementor-section elementor-top-section elementor-element elementor-element-92d6fb9 elementor-section-full_width elementor-section-height-default elementor-section-height-default\" data-id=\"92d6fb9\" data-element_type=\"section\" data-e-type=\"section\">\n\t\t\t\t\t\t<div class=\"elementor-container elementor-column-gap-default\">\n\t\t\t\t\t<div class=\"elementor-column elementor-col-100 elementor-top-column elementor-element elementor-element-80ab529\" data-id=\"80ab529\" data-element_type=\"column\" data-e-type=\"column\">\n\t\t\t<div class=\"elementor-widget-wrap elementor-element-populated\">\n\t\t\t\t\t\t<div class=\"elementor-element elementor-element-dbd5d60 elementor-widget elementor-widget-text-editor\" data-id=\"dbd5d60\" data-element_type=\"widget\" data-e-type=\"widget\" data-widget_type=\"text-editor.default\">\n\t\t\t\t<div class=\"elementor-widget-container\">\n\t\t\t\t\t\t\t\t\t<h4><font color=#000000\"><u>DE POBLET A PRADES<\/u><\/font><\/h4>\n<h5>Al mat\u00ed voregem el majestu\u00f3s monestir cistercenc de Poblet entre vinyes i la c\u00e0mera de l&#8217;Eliseu, esquivant branques arrancades pel vent la nit anterior. Cistercenc. Em venen al cap les runes amagades de Valldaura, a Collserola, d&#8217;on van sortir els monjos que aixecaren Santes Creus. Em pregunto: Quan es va fundar Poblet?, abans o despr\u00e9s que Valldaura? Prenc nota mental per mirar-ho m\u00e9s tard.(*)<\/br>\n<\/br>\n(*) Valldaura (Collserola) i Poblet varen ser paral\u00b7lels: el 1150. El primer amb monjos fets venir pel senyor de Montcada des de Tolosa de Llenguadoc i el segon fet, venir de Fontfreda (Narbona) pel comte Berenguer de Barcelona.<\/br>\n<\/br>\nEls kil\u00f2metres avancen r\u00e0pidament, fent via. Al bosc (m\u00e0gic) de Poblet -Paratge Natural Protegit- un follet (Gen\u00eds Colell) hi ha dibuixat grans bolets als arbres. L&#8217;ou de reig, el rovell\u00f3, l&#8217;apagallum &#8230; i segueixo cap amunt al refugi lliure de l&#8217;Era de Noguers. D&#8217;aqu\u00ed baixada r\u00e0pida cap a Prades, hi ha gana.<\/br>\n<\/br>\nA Prades (km 357) dino unes mandonguilles amb s\u00e8pia que han entrat de meravella. I una clara fresqueta. En Ferran -multirepetidor de la CAT700- feineja a l&#8217;ombra d&#8217;un arbre:<\/br> &#8211; \u00abjo uns peus de porc!\u00bb<\/br>\n<\/br>\nSe&#8217;ns acosta un padr\u00ed, curi\u00f3s de veure qu\u00e8 fem al banc:<\/br>\n-Em venc 60 anys&#8230; i b\u00e9 de preu, eh?<\/br>\n-Quina bona idea! (contestem)<\/br>\n&#8211; S\u00ed. Per\u00f2 ning\u00fa me&#8217;ls ha comprat, encara.<\/h5>\t\t\t\t\t\t\t\t<\/div>\n\t\t\t\t<\/div>\n\t\t\t\t\t<\/div>\n\t\t<\/div>\n\t\t\t\t\t<\/div>\n\t\t<\/section>\n\t\t\t\t<section class=\"elementor-section elementor-top-section elementor-element elementor-element-e1233f4 elementor-section-full_width elementor-section-height-default elementor-section-height-default\" data-id=\"e1233f4\" data-element_type=\"section\" data-e-type=\"section\">\n\t\t\t\t\t\t<div class=\"elementor-container elementor-column-gap-default\">\n\t\t\t\t\t<div class=\"elementor-column elementor-col-50 elementor-top-column elementor-element elementor-element-de9a294\" data-id=\"de9a294\" data-element_type=\"column\" data-e-type=\"column\">\n\t\t\t<div class=\"elementor-widget-wrap elementor-element-populated\">\n\t\t\t\t\t\t<div class=\"elementor-element elementor-element-d9781b7 elementor-widget elementor-widget-image\" data-id=\"d9781b7\" data-element_type=\"widget\" data-e-type=\"widget\" data-widget_type=\"image.default\">\n\t\t\t\t<div class=\"elementor-widget-container\">\n\t\t\t\t\t\t\t\t\t\t\t\t\t\t\t<img loading=\"lazy\" decoding=\"async\" width=\"1000\" height=\"750\" src=\"https:\/\/rutesentrerefugis.com\/wp-content\/uploads\/2023\/05\/Bikesketching-CAT700-14.jpg\" class=\"attachment-full size-full wp-image-17292\" alt=\"\" srcset=\"https:\/\/rutesentrerefugis.com\/wp-content\/uploads\/2023\/05\/Bikesketching-CAT700-14.jpg 1000w, https:\/\/rutesentrerefugis.com\/wp-content\/uploads\/2023\/05\/Bikesketching-CAT700-14-300x225.jpg 300w, https:\/\/rutesentrerefugis.com\/wp-content\/uploads\/2023\/05\/Bikesketching-CAT700-14-768x576.jpg 768w\" sizes=\"(max-width: 1000px) 100vw, 1000px\" \/>\t\t\t\t\t\t\t\t\t\t\t\t\t\t\t<\/div>\n\t\t\t\t<\/div>\n\t\t\t\t\t<\/div>\n\t\t<\/div>\n\t\t\t\t<div class=\"elementor-column elementor-col-50 elementor-top-column elementor-element elementor-element-7e9ba80\" data-id=\"7e9ba80\" data-element_type=\"column\" data-e-type=\"column\">\n\t\t\t<div class=\"elementor-widget-wrap elementor-element-populated\">\n\t\t\t\t\t\t<div class=\"elementor-element elementor-element-c176ad3 elementor-widget elementor-widget-image\" data-id=\"c176ad3\" data-element_type=\"widget\" data-e-type=\"widget\" data-widget_type=\"image.default\">\n\t\t\t\t<div class=\"elementor-widget-container\">\n\t\t\t\t\t\t\t\t\t\t\t\t\t\t\t<img loading=\"lazy\" decoding=\"async\" width=\"1000\" height=\"750\" src=\"https:\/\/rutesentrerefugis.com\/wp-content\/uploads\/2023\/05\/Bikesketching-CAT700-15.jpg\" class=\"attachment-full size-full wp-image-17293\" alt=\"\" srcset=\"https:\/\/rutesentrerefugis.com\/wp-content\/uploads\/2023\/05\/Bikesketching-CAT700-15.jpg 1000w, https:\/\/rutesentrerefugis.com\/wp-content\/uploads\/2023\/05\/Bikesketching-CAT700-15-300x225.jpg 300w, https:\/\/rutesentrerefugis.com\/wp-content\/uploads\/2023\/05\/Bikesketching-CAT700-15-768x576.jpg 768w\" sizes=\"(max-width: 1000px) 100vw, 1000px\" \/>\t\t\t\t\t\t\t\t\t\t\t\t\t\t\t<\/div>\n\t\t\t\t<\/div>\n\t\t\t\t\t<\/div>\n\t\t<\/div>\n\t\t\t\t\t<\/div>\n\t\t<\/section>\n\t\t\t\t<section class=\"elementor-section elementor-top-section elementor-element elementor-element-4b46c63 elementor-section-full_width elementor-section-height-default elementor-section-height-default\" data-id=\"4b46c63\" data-element_type=\"section\" data-e-type=\"section\">\n\t\t\t\t\t\t<div class=\"elementor-container elementor-column-gap-default\">\n\t\t\t\t\t<div class=\"elementor-column elementor-col-100 elementor-top-column elementor-element elementor-element-f5b5d2e\" data-id=\"f5b5d2e\" data-element_type=\"column\" data-e-type=\"column\">\n\t\t\t<div class=\"elementor-widget-wrap elementor-element-populated\">\n\t\t\t\t\t\t<div class=\"elementor-element elementor-element-afb351b elementor-widget elementor-widget-text-editor\" data-id=\"afb351b\" data-element_type=\"widget\" data-e-type=\"widget\" data-widget_type=\"text-editor.default\">\n\t\t\t\t<div class=\"elementor-widget-container\">\n\t\t\t\t\t\t\t\t\t<h4><font color=\"#000000\"><u>AI EL MONTSANT, &#8230; TERRA DE VINYES<\/u><\/font><\/h4>\n<h5>La brisa puja de la vall i duu olor a vinya. Ja s&#8217;olorava al mat\u00ed amb la rosada, baixant a l&#8217;Espluga de Francol\u00ed, i encara ara, passat migdia i Cornudella de Montsant, que la calor -i les xitxarres- estan al seu punt \u00e0lgid. L&#8217;airet refresca una mica, a difer\u00e8ncia dels darrers dies.<\/br>\n<\/br>\nM&#8217;aturo a la porta d&#8217;un celler (km 375). Un muret de pedra seca em fa de tauleta. Crec que vaig b\u00e9 de temps (aix que anir\u00e9 errada) i faig un altre dibuix, a l&#8217;ombra s&#8217;est\u00e0 b\u00e9.<\/br>\n<\/br>\nI ser\u00e0 l&#8217;\u00faltim! Ostres que les terres del Priorat s\u00f3n un puja-baixa ciclista constant. Aquells kil\u00f2metres que no avancen mai, pedra solta&#8230; cometo un error en una cru\u00eflla i em toca refer un pujadot encimentat dret com un bast\u00f3. Continuo, per\u00f2 els colors, a la bossa, ja no en sortiran m\u00e9s.<\/h5>\n<\/br>\n<h4><font color=\"#000000\"><u>ARRIBANT AL DELTA<\/u><\/font><\/h4>\n<h5>A partir d&#8217;aqu\u00ed vaig per feina i no dibuixo m\u00e9s, no vull que l&#8217;organitzaci\u00f3 m&#8217;hagi d&#8217;esperar. I em costa, perqu\u00e8 els espadats de Tivissa (km 436) i les vistes baixant al Perell\u00f3 (veiem el mar per primer cop!) s\u00f3n brutals. Em creuo amb ciclistes de passeig, la majoria estrangers.<\/br>\n<\/br>\nA Amposta (km 493) cau una orxata fresca, que \u00e9s millor euf\u00f2ric que cap altre gel energ\u00e8tic, i em deixo portar pel passeig de ribera a tocar de l&#8217;Ebre. Em sorprenen els kil\u00f2metres de t\u00fanel vegetal d&#8217;ombra que tenen en recuperaci\u00f3. Deixa entreveure a un costat el riu, a l&#8217;altre els arrossars&#8230; aquests arrossars d&#8217;un verd vibrant, vius, inacabables. Pel cam\u00ed passo un parell de companys aturats a un banc, diria que volen fer un bany. S&#8217;hi est\u00e0 b\u00e9.<\/br>\n<\/br>\nLa cirereta del past\u00eds \u00e9s el corriol ratoner a tocar de la platja, on em ve a trobar de nou la M\u00f2nica amb la bici. Em torna a acompanyar els darrers metres fins a l&#8217;arribada, on m&#8217;espera el Mario.\nJa hi soc!, repte assolit. I que b\u00e9 m&#8217;ho he passat!<\/br>\n<\/br>\nUna meravella de recorregut i paisatges diversos, de companys, organitzaci\u00f3 impecable&#8230; i els 2 reptes assolits tot i els entrebancs. Ara me&#8217;n pensar\u00e9 algun repte m\u00e9s per a la pr\u00f2xima edici\u00f3.<\/h5>\t\t\t\t\t\t\t\t<\/div>\n\t\t\t\t<\/div>\n\t\t\t\t\t<\/div>\n\t\t<\/div>\n\t\t\t\t\t<\/div>\n\t\t<\/section>\n\t\t\t\t<section class=\"elementor-section elementor-top-section elementor-element elementor-element-7910f3d elementor-section-full_width elementor-section-height-default elementor-section-height-default\" data-id=\"7910f3d\" data-element_type=\"section\" data-e-type=\"section\">\n\t\t\t\t\t\t<div class=\"elementor-container elementor-column-gap-default\">\n\t\t\t\t\t<div class=\"elementor-column elementor-col-50 elementor-top-column elementor-element elementor-element-7d21df8\" data-id=\"7d21df8\" data-element_type=\"column\" data-e-type=\"column\">\n\t\t\t<div class=\"elementor-widget-wrap elementor-element-populated\">\n\t\t\t\t\t\t<div class=\"elementor-element elementor-element-cac914e elementor-widget elementor-widget-image\" data-id=\"cac914e\" data-element_type=\"widget\" data-e-type=\"widget\" data-widget_type=\"image.default\">\n\t\t\t\t<div class=\"elementor-widget-container\">\n\t\t\t\t\t\t\t\t\t\t\t\t\t\t\t<img loading=\"lazy\" decoding=\"async\" width=\"1000\" height=\"750\" src=\"https:\/\/rutesentrerefugis.com\/wp-content\/uploads\/2023\/05\/Bikesketching-CAT700-16.jpg\" class=\"attachment-full size-full wp-image-17300\" alt=\"\" srcset=\"https:\/\/rutesentrerefugis.com\/wp-content\/uploads\/2023\/05\/Bikesketching-CAT700-16.jpg 1000w, https:\/\/rutesentrerefugis.com\/wp-content\/uploads\/2023\/05\/Bikesketching-CAT700-16-300x225.jpg 300w, https:\/\/rutesentrerefugis.com\/wp-content\/uploads\/2023\/05\/Bikesketching-CAT700-16-768x576.jpg 768w\" sizes=\"(max-width: 1000px) 100vw, 1000px\" \/>\t\t\t\t\t\t\t\t\t\t\t\t\t\t\t<\/div>\n\t\t\t\t<\/div>\n\t\t\t\t\t<\/div>\n\t\t<\/div>\n\t\t\t\t<div class=\"elementor-column elementor-col-50 elementor-top-column elementor-element elementor-element-5bcd0c0\" data-id=\"5bcd0c0\" data-element_type=\"column\" data-e-type=\"column\">\n\t\t\t<div class=\"elementor-widget-wrap elementor-element-populated\">\n\t\t\t\t\t\t<div class=\"elementor-element elementor-element-0448671 elementor-widget elementor-widget-image\" data-id=\"0448671\" data-element_type=\"widget\" data-e-type=\"widget\" data-widget_type=\"image.default\">\n\t\t\t\t<div class=\"elementor-widget-container\">\n\t\t\t\t\t\t\t\t\t\t\t\t\t\t\t<img loading=\"lazy\" decoding=\"async\" width=\"1000\" height=\"750\" src=\"https:\/\/rutesentrerefugis.com\/wp-content\/uploads\/2023\/05\/Bikesketching-CAT700-17.jpg\" class=\"attachment-full size-full wp-image-17301\" alt=\"\" srcset=\"https:\/\/rutesentrerefugis.com\/wp-content\/uploads\/2023\/05\/Bikesketching-CAT700-17.jpg 1000w, https:\/\/rutesentrerefugis.com\/wp-content\/uploads\/2023\/05\/Bikesketching-CAT700-17-300x225.jpg 300w, https:\/\/rutesentrerefugis.com\/wp-content\/uploads\/2023\/05\/Bikesketching-CAT700-17-768x576.jpg 768w\" sizes=\"(max-width: 1000px) 100vw, 1000px\" \/>\t\t\t\t\t\t\t\t\t\t\t\t\t\t\t<\/div>\n\t\t\t\t<\/div>\n\t\t\t\t\t<\/div>\n\t\t<\/div>\n\t\t\t\t\t<\/div>\n\t\t<\/section>\n\t\t\t\t<section class=\"elementor-section elementor-top-section elementor-element elementor-element-9f6bdbb elementor-section-full_width elementor-section-height-default elementor-section-height-default\" data-id=\"9f6bdbb\" data-element_type=\"section\" data-e-type=\"section\">\n\t\t\t\t\t\t<div class=\"elementor-container elementor-column-gap-default\">\n\t\t\t\t\t<div class=\"elementor-column elementor-col-100 elementor-top-column elementor-element elementor-element-e09be1a\" data-id=\"e09be1a\" data-element_type=\"column\" data-e-type=\"column\">\n\t\t\t<div class=\"elementor-widget-wrap elementor-element-populated\">\n\t\t\t\t\t\t<div class=\"elementor-element elementor-element-fdd11e1 elementor-widget elementor-widget-text-editor\" data-id=\"fdd11e1\" data-element_type=\"widget\" data-e-type=\"widget\" data-widget_type=\"text-editor.default\">\n\t\t\t\t<div class=\"elementor-widget-container\">\n\t\t\t\t\t\t\t\t\t<h5><span style=\"color: #000000;\"><u>PER ALS QUI ELS AGRADEN LES ESTAD\u00cdSTIQUES<\/u><\/span><\/h5><h6>530 kil\u00f2metres<br \/>Gaireb\u00e9 9000 m de desnivell acumulat<br \/>12 dibuixos en ruta<br \/>1 quadern de viatge perdut<br \/>4 dies i mig en ruta<br \/>0 bivacs<br \/>0 problemes mec\u00e0nics<br \/>Catalunya travessada de cap a peus (o de peus a cap)<\/h6><p>Nuri Galbe: @bikesketching<\/p><p>Per saber-ne m\u00e9s de l&#8217;aventura de Verdaguer a l&#8217;Aneto: <a href=\"https:\/\/maleida1882.wordpress.com\/\" target=\"_blank\" rel=\"noopener\">https:\/\/maleida1882.wordpress.com\/<\/a><\/p>\t\t\t\t\t\t\t\t<\/div>\n\t\t\t\t<\/div>\n\t\t\t\t\t<\/div>\n\t\t<\/div>\n\t\t\t\t\t<\/div>\n\t\t<\/section>\n\t\t\t\t<section class=\"elementor-section elementor-top-section elementor-element elementor-element-43fdae4 elementor-section-full_width elementor-section-height-default elementor-section-height-default\" data-id=\"43fdae4\" data-element_type=\"section\" data-e-type=\"section\">\n\t\t\t\t\t\t<div class=\"elementor-container elementor-column-gap-default\">\n\t\t\t\t\t<div class=\"elementor-column elementor-col-100 elementor-top-column elementor-element elementor-element-4d8f465\" data-id=\"4d8f465\" data-element_type=\"column\" data-e-type=\"column\">\n\t\t\t<div class=\"elementor-widget-wrap elementor-element-populated\">\n\t\t\t\t\t\t<div class=\"elementor-element elementor-element-d1f5194 elementor-widget elementor-widget-spacer\" data-id=\"d1f5194\" data-element_type=\"widget\" data-e-type=\"widget\" data-widget_type=\"spacer.default\">\n\t\t\t\t<div class=\"elementor-widget-container\">\n\t\t\t\t\t\t\t<div class=\"elementor-spacer\">\n\t\t\t<div class=\"elementor-spacer-inner\"><\/div>\n\t\t<\/div>\n\t\t\t\t\t\t<\/div>\n\t\t\t\t<\/div>\n\t\t\t\t\t<\/div>\n\t\t<\/div>\n\t\t\t\t\t<\/div>\n\t\t<\/section>\n\t\t\t\t<section class=\"elementor-section elementor-top-section elementor-element elementor-element-7326131 elementor-section-full_width elementor-section-height-default elementor-section-height-default\" data-id=\"7326131\" data-element_type=\"section\" data-e-type=\"section\" data-settings=\"{&quot;background_background&quot;:&quot;classic&quot;}\">\n\t\t\t\t\t\t<div class=\"elementor-container elementor-column-gap-default\">\n\t\t\t\t\t<div class=\"elementor-column elementor-col-100 elementor-top-column elementor-element elementor-element-93725fa\" data-id=\"93725fa\" data-element_type=\"column\" data-e-type=\"column\">\n\t\t\t<div class=\"elementor-widget-wrap elementor-element-populated\">\n\t\t\t\t\t\t<div class=\"elementor-element elementor-element-3aa8fee elementor-widget elementor-widget-image\" data-id=\"3aa8fee\" data-element_type=\"widget\" data-e-type=\"widget\" data-widget_type=\"image.default\">\n\t\t\t\t<div class=\"elementor-widget-container\">\n\t\t\t\t\t\t\t\t\t\t\t\t\t\t\t<img loading=\"lazy\" decoding=\"async\" width=\"100\" height=\"100\" src=\"https:\/\/rutesentrerefugis.com\/wp-content\/uploads\/2023\/05\/Nuri-Galbe-Negre-NW.jpg\" class=\"attachment-full size-full wp-image-17306\" alt=\"\" \/>\t\t\t\t\t\t\t\t\t\t\t\t\t\t\t<\/div>\n\t\t\t\t<\/div>\n\t\t\t\t\t<\/div>\n\t\t<\/div>\n\t\t\t\t\t<\/div>\n\t\t<\/section>\n\t\t\t\t<section class=\"elementor-section elementor-top-section elementor-element elementor-element-b48e0e9 elementor-section-full_width elementor-section-height-default elementor-section-height-default\" data-id=\"b48e0e9\" data-element_type=\"section\" data-e-type=\"section\" data-settings=\"{&quot;background_background&quot;:&quot;classic&quot;}\">\n\t\t\t\t\t\t<div class=\"elementor-container elementor-column-gap-default\">\n\t\t\t\t\t<div class=\"elementor-column elementor-col-100 elementor-top-column elementor-element elementor-element-d6ee9cf\" data-id=\"d6ee9cf\" data-element_type=\"column\" data-e-type=\"column\">\n\t\t\t<div class=\"elementor-widget-wrap elementor-element-populated\">\n\t\t\t\t\t\t<div class=\"elementor-element elementor-element-f13bb45 elementor-widget elementor-widget-text-editor\" data-id=\"f13bb45\" data-element_type=\"widget\" data-e-type=\"widget\" data-widget_type=\"text-editor.default\">\n\t\t\t\t<div class=\"elementor-widget-container\">\n\t\t\t\t\t\t\t\t\t<h4>N\u00daRIA GALBE<\/h4><h5>Filla de Collserola (Barcelona), ent\u00e9n la vida entre muntanyes i natura. Esportista? Prefereix dir-ne \u00abactivitats de muntanya\u00bb: des de l&#8217;excursionisme fins al ciclisme i l&#8217;esqu\u00ed (tots dos en diverses disciplines), o d&#8217;altres com l&#8217;alpinisme, els barrancs&#8230; La travessa i la llarga dist\u00e0ncia l&#8217;ajuden a entrar en natura, m\u00e9s que no pas dir-ne sortir d&#8217;excursi\u00f3.<br \/>Llicencianda en Comunicaci\u00f3\/Publicitat i M\u00e0rqueting, l&#8217;atrau l&#8217;exploraci\u00f3, sortir dels camins marcats&#8230; i el dibuix. Formada al taller de diversos artistes, el 2015 coneix l&#8217;urban sketching, el dibuix in-situ i el seu lema: \u00abel m\u00f3n dibuix a dibuix\u00bb.\u00a0La N\u00faria ajunta totes dues passions, desenvolupant una t\u00e8cnica tant personal com intensa per copsar sobre el paper \u2013 i comunicar- els instants viscuts arreu de manera activa.<\/h5>\t\t\t\t\t\t\t\t<\/div>\n\t\t\t\t<\/div>\n\t\t\t\t\t<\/div>\n\t\t<\/div>\n\t\t\t\t\t<\/div>\n\t\t<\/section>\n\t\t\t\t<section class=\"elementor-section elementor-top-section elementor-element elementor-element-6862852 elementor-section-full_width elementor-section-height-default elementor-section-height-default\" data-id=\"6862852\" data-element_type=\"section\" data-e-type=\"section\">\n\t\t\t\t\t\t<div class=\"elementor-container elementor-column-gap-default\">\n\t\t\t\t\t<div class=\"elementor-column elementor-col-100 elementor-top-column elementor-element elementor-element-535203f\" data-id=\"535203f\" data-element_type=\"column\" data-e-type=\"column\">\n\t\t\t<div class=\"elementor-widget-wrap elementor-element-populated\">\n\t\t\t\t\t\t<div class=\"elementor-element elementor-element-f58bc22 elementor-widget elementor-widget-spacer\" data-id=\"f58bc22\" data-element_type=\"widget\" data-e-type=\"widget\" data-widget_type=\"spacer.default\">\n\t\t\t\t<div class=\"elementor-widget-container\">\n\t\t\t\t\t\t\t<div class=\"elementor-spacer\">\n\t\t\t<div class=\"elementor-spacer-inner\"><\/div>\n\t\t<\/div>\n\t\t\t\t\t\t<\/div>\n\t\t\t\t<\/div>\n\t\t\t\t\t<\/div>\n\t\t<\/div>\n\t\t\t\t\t<\/div>\n\t\t<\/section>\n\t\t\t\t<section class=\"elementor-section elementor-top-section elementor-element elementor-element-8cdf51e elementor-section-full_width elementor-section-height-default elementor-section-height-default\" data-id=\"8cdf51e\" data-element_type=\"section\" data-e-type=\"section\">\n\t\t\t\t\t\t<div class=\"elementor-container elementor-column-gap-default\">\n\t\t\t\t\t<div class=\"elementor-column elementor-col-100 elementor-top-column elementor-element elementor-element-d0066f3\" data-id=\"d0066f3\" data-element_type=\"column\" data-e-type=\"column\">\n\t\t\t<div class=\"elementor-widget-wrap elementor-element-populated\">\n\t\t\t\t\t\t<div class=\"elementor-element elementor-element-fbbd880 elementor-widget elementor-widget-heading\" data-id=\"fbbd880\" data-element_type=\"widget\" data-e-type=\"widget\" data-widget_type=\"heading.default\">\n\t\t\t\t<div class=\"elementor-widget-container\">\n\t\t\t\t\t<h5 class=\"elementor-heading-title elementor-size-default\"><font color=\"#999999\"><u>Per si vols compartir aquesta cr\u00f2nica<\/u><\/font><\/h5>\t\t\t\t<\/div>\n\t\t\t\t<\/div>\n\t\t\t\t\t<\/div>\n\t\t<\/div>\n\t\t\t\t\t<\/div>\n\t\t<\/section>\n\t\t\t\t<section class=\"elementor-section elementor-top-section elementor-element elementor-element-57fc934 elementor-section-full_width elementor-section-height-default elementor-section-height-default\" data-id=\"57fc934\" data-element_type=\"section\" data-e-type=\"section\">\n\t\t\t\t\t\t<div class=\"elementor-container elementor-column-gap-default\">\n\t\t\t\t\t<div class=\"elementor-column elementor-col-100 elementor-top-column elementor-element elementor-element-d8afc0e\" data-id=\"d8afc0e\" data-element_type=\"column\" data-e-type=\"column\">\n\t\t\t<div class=\"elementor-widget-wrap elementor-element-populated\">\n\t\t\t\t\t\t<div class=\"elementor-element elementor-element-fb1f042 elementor-share-buttons--view-icon elementor-share-buttons--skin-framed elementor-share-buttons--shape-circle elementor-share-buttons--color-custom elementor-grid-0 elementor-widget elementor-widget-share-buttons\" data-id=\"fb1f042\" data-element_type=\"widget\" data-e-type=\"widget\" data-widget_type=\"share-buttons.default\">\n\t\t\t\t<div class=\"elementor-widget-container\">\n\t\t\t\t\t\t\t<div class=\"elementor-grid\" role=\"list\">\n\t\t\t\t\t\t\t\t<div class=\"elementor-grid-item\" role=\"listitem\">\n\t\t\t\t\t\t<div class=\"elementor-share-btn elementor-share-btn_facebook\" role=\"button\" tabindex=\"0\" aria-label=\"Compartici\u00f3 en facebook\">\n\t\t\t\t\t\t\t\t\t\t\t\t\t\t\t<span class=\"elementor-share-btn__icon\">\n\t\t\t\t\t\t\t\t<i class=\"fab fa-facebook\" aria-hidden=\"true\"><\/i>\t\t\t\t\t\t\t<\/span>\n\t\t\t\t\t\t\t\t\t\t\t\t\t\t\t\t\t\t\t\t<\/div>\n\t\t\t\t\t<\/div>\n\t\t\t\t\t\t\t\t\t<div class=\"elementor-grid-item\" role=\"listitem\">\n\t\t\t\t\t\t<div class=\"elementor-share-btn elementor-share-btn_twitter\" role=\"button\" tabindex=\"0\" aria-label=\"Compartici\u00f3 en twitter\">\n\t\t\t\t\t\t\t\t\t\t\t\t\t\t\t<span class=\"elementor-share-btn__icon\">\n\t\t\t\t\t\t\t\t<i class=\"fab fa-twitter\" aria-hidden=\"true\"><\/i>\t\t\t\t\t\t\t<\/span>\n\t\t\t\t\t\t\t\t\t\t\t\t\t\t\t\t\t\t\t\t<\/div>\n\t\t\t\t\t<\/div>\n\t\t\t\t\t\t\t\t\t<div class=\"elementor-grid-item\" role=\"listitem\">\n\t\t\t\t\t\t<div class=\"elementor-share-btn elementor-share-btn_telegram\" role=\"button\" tabindex=\"0\" aria-label=\"Compartici\u00f3 en telegram\">\n\t\t\t\t\t\t\t\t\t\t\t\t\t\t\t<span class=\"elementor-share-btn__icon\">\n\t\t\t\t\t\t\t\t<i class=\"fab fa-telegram\" aria-hidden=\"true\"><\/i>\t\t\t\t\t\t\t<\/span>\n\t\t\t\t\t\t\t\t\t\t\t\t\t\t\t\t\t\t\t\t<\/div>\n\t\t\t\t\t<\/div>\n\t\t\t\t\t\t\t\t\t<div class=\"elementor-grid-item\" role=\"listitem\">\n\t\t\t\t\t\t<div class=\"elementor-share-btn elementor-share-btn_pinterest\" role=\"button\" tabindex=\"0\" aria-label=\"Compartici\u00f3 en pinterest\">\n\t\t\t\t\t\t\t\t\t\t\t\t\t\t\t<span class=\"elementor-share-btn__icon\">\n\t\t\t\t\t\t\t\t<i class=\"fab fa-pinterest\" aria-hidden=\"true\"><\/i>\t\t\t\t\t\t\t<\/span>\n\t\t\t\t\t\t\t\t\t\t\t\t\t\t\t\t\t\t\t\t<\/div>\n\t\t\t\t\t<\/div>\n\t\t\t\t\t\t\t\t\t<div class=\"elementor-grid-item\" role=\"listitem\">\n\t\t\t\t\t\t<div class=\"elementor-share-btn elementor-share-btn_whatsapp\" role=\"button\" tabindex=\"0\" aria-label=\"Compartici\u00f3 en whatsapp\">\n\t\t\t\t\t\t\t\t\t\t\t\t\t\t\t<span class=\"elementor-share-btn__icon\">\n\t\t\t\t\t\t\t\t<i class=\"fab fa-whatsapp\" aria-hidden=\"true\"><\/i>\t\t\t\t\t\t\t<\/span>\n\t\t\t\t\t\t\t\t\t\t\t\t\t\t\t\t\t\t\t\t<\/div>\n\t\t\t\t\t<\/div>\n\t\t\t\t\t\t\t\t\t<div class=\"elementor-grid-item\" role=\"listitem\">\n\t\t\t\t\t\t<div class=\"elementor-share-btn elementor-share-btn_email\" role=\"button\" tabindex=\"0\" aria-label=\"Compartici\u00f3 en email\">\n\t\t\t\t\t\t\t\t\t\t\t\t\t\t\t<span class=\"elementor-share-btn__icon\">\n\t\t\t\t\t\t\t\t<i class=\"fas fa-envelope\" aria-hidden=\"true\"><\/i>\t\t\t\t\t\t\t<\/span>\n\t\t\t\t\t\t\t\t\t\t\t\t\t\t\t\t\t\t\t\t<\/div>\n\t\t\t\t\t<\/div>\n\t\t\t\t\t\t\t\t\t<div class=\"elementor-grid-item\" role=\"listitem\">\n\t\t\t\t\t\t<div class=\"elementor-share-btn elementor-share-btn_print\" role=\"button\" tabindex=\"0\" aria-label=\"Compartici\u00f3 en print\">\n\t\t\t\t\t\t\t\t\t\t\t\t\t\t\t<span class=\"elementor-share-btn__icon\">\n\t\t\t\t\t\t\t\t<i class=\"fas fa-print\" aria-hidden=\"true\"><\/i>\t\t\t\t\t\t\t<\/span>\n\t\t\t\t\t\t\t\t\t\t\t\t\t\t\t\t\t\t\t\t<\/div>\n\t\t\t\t\t<\/div>\n\t\t\t\t\t\t<\/div>\n\t\t\t\t\t\t<\/div>\n\t\t\t\t<\/div>\n\t\t\t\t\t<\/div>\n\t\t<\/div>\n\t\t\t\t\t<\/div>\n\t\t<\/section>\n\t\t\t\t<section class=\"elementor-section elementor-top-section elementor-element elementor-element-41314f0 elementor-section-full_width elementor-section-height-default elementor-section-height-default\" data-id=\"41314f0\" data-element_type=\"section\" data-e-type=\"section\">\n\t\t\t\t\t\t<div class=\"elementor-container elementor-column-gap-default\">\n\t\t\t\t\t<div class=\"elementor-column elementor-col-100 elementor-top-column elementor-element elementor-element-8c77b23\" data-id=\"8c77b23\" data-element_type=\"column\" data-e-type=\"column\">\n\t\t\t<div class=\"elementor-widget-wrap elementor-element-populated\">\n\t\t\t\t\t\t<div class=\"elementor-element elementor-element-d32d00e elementor-widget elementor-widget-spacer\" data-id=\"d32d00e\" data-element_type=\"widget\" data-e-type=\"widget\" data-widget_type=\"spacer.default\">\n\t\t\t\t<div class=\"elementor-widget-container\">\n\t\t\t\t\t\t\t<div class=\"elementor-spacer\">\n\t\t\t<div class=\"elementor-spacer-inner\"><\/div>\n\t\t<\/div>\n\t\t\t\t\t\t<\/div>\n\t\t\t\t<\/div>\n\t\t\t\t\t<\/div>\n\t\t<\/div>\n\t\t\t\t\t<\/div>\n\t\t<\/section>\n\t\t\t\t<\/div>\n\t\t","protected":false},"excerpt":{"rendered":"<p>DESFENT LES PASSES D&#8217;EN J. VERDAGUER A LA CAT700 UN BIKEPACKING DIBUIXAT Cr\u00f2nica escrita per N\u00daRIA GALBE &#8211; @bikesketchingFotografies: CAT700 &#8211; FUNDACI\u00d3 JACINT VERDAGUER &#8211; N\u00daRIA GALBE L\u2019aventura del moss\u00e8n excursionista el 1882 per arribar a l\u2019Aneto des de la Seu d\u2019Urgell, m\u2019arriba de la m\u00e0 d\u2019en Bernat Gasull al llibre \u201cMale\u00efda\u201d (Verdaguer Edicions). Em [&hellip;]<\/p>\n","protected":false},"author":55,"featured_media":17244,"comment_status":"open","ping_status":"open","sticky":false,"template":"elementor_header_footer","format":"standard","meta":{"_monsterinsights_skip_tracking":false,"_monsterinsights_sitenote_active":false,"_monsterinsights_sitenote_note":"","_monsterinsights_sitenote_category":0,"footnotes":""},"categories":[5124],"tags":[5580,4419,5582,4421,4423,4425,4427,5130,5132,4429,5584,5586,4431,5588,4433,5590,4435,4437,5592,5594,5596,5598,4439,4441,4443,5600,4445,4447],"class_list":["post-17200","post","type-post","status-publish","format-standard","has-post-thumbnail","hentry","category-blog","tag-aneto-ca","tag-artiga-de-lin-ca","tag-bernat-gasull-ca","tag-bickepacking-ca","tag-cat700-ca","tag-collserola-ca","tag-creu-deixol-ca","tag-cronicas-ca","tag-croniques-ca","tag-delta-de-lebre-ca","tag-espot-ca","tag-esterri-daneu-ca","tag-fundacio-jacint-verdaguer-ca","tag-gessa-ca","tag-jacint-verdaguer-ca","tag-les-ca","tag-llessui-ca","tag-maleida-ca","tag-monestir-de-poblet-ca","tag-monestir-de-santes-creus-ca","tag-monestir-de-vallbona-de-les-monges-ca","tag-montgarri-ca","tag-montsant-ca","tag-nuria-galbe-ca","tag-pla-de-beret-ca","tag-prades-ca","tag-seu-durgell-ca","tag-triado-ca"],"yoast_head":"<!-- This site is optimized with the Yoast SEO plugin v27.5 - https:\/\/yoast.com\/product\/yoast-seo-wordpress\/ -->\n<title>DESFENT LES PASSES D&#039;EN J. VERDAGUER A LA CAT700 - Rutes Entre Refugis<\/title>\n<meta name=\"robots\" content=\"index, follow, max-snippet:-1, max-image-preview:large, max-video-preview:-1\" \/>\n<link rel=\"canonical\" href=\"https:\/\/rutesentrerefugis.com\/index.php\/2023\/05\/08\/desfent-les-passes-den-j-verdaguer-a-la-cat700\/\" \/>\n<meta property=\"og:locale\" content=\"es_ES\" \/>\n<meta property=\"og:type\" content=\"article\" \/>\n<meta property=\"og:title\" content=\"DESFENT LES PASSES D&#039;EN J. VERDAGUER A LA CAT700 - Rutes Entre Refugis\" \/>\n<meta property=\"og:description\" content=\"DESFENT LES PASSES D&#8217;EN J. VERDAGUER A LA CAT700 UN BIKEPACKING DIBUIXAT Cr\u00f2nica escrita per N\u00daRIA GALBE &#8211; @bikesketchingFotografies: CAT700 &#8211; FUNDACI\u00d3 JACINT VERDAGUER &#8211; N\u00daRIA GALBE L\u2019aventura del moss\u00e8n excursionista el 1882 per arribar a l\u2019Aneto des de la Seu d\u2019Urgell, m\u2019arriba de la m\u00e0 d\u2019en Bernat Gasull al llibre \u201cMale\u00efda\u201d (Verdaguer Edicions). Em [&hellip;]\" \/>\n<meta property=\"og:url\" content=\"https:\/\/rutesentrerefugis.com\/index.php\/2023\/05\/08\/desfent-les-passes-den-j-verdaguer-a-la-cat700\/\" \/>\n<meta property=\"og:site_name\" content=\"Rutes Entre Refugis\" \/>\n<meta property=\"article:published_time\" content=\"2023-05-08T07:18:16+00:00\" \/>\n<meta property=\"article:modified_time\" content=\"2023-10-31T07:34:21+00:00\" \/>\n<meta property=\"og:image\" content=\"https:\/\/rutesentrerefugis.com\/wp-content\/uploads\/2023\/05\/Bikesketching-CAT700-Inici.jpg\" \/>\n\t<meta property=\"og:image:width\" content=\"1200\" \/>\n\t<meta property=\"og:image:height\" content=\"800\" \/>\n\t<meta property=\"og:image:type\" content=\"image\/jpeg\" \/>\n<meta name=\"author\" content=\"N\u00faria Galbe\" \/>\n<meta name=\"twitter:card\" content=\"summary_large_image\" \/>\n<meta name=\"twitter:label1\" content=\"Escrito por\" \/>\n\t<meta name=\"twitter:data1\" content=\"N\u00faria Galbe\" \/>\n\t<meta name=\"twitter:label2\" content=\"Tiempo de lectura\" \/>\n\t<meta name=\"twitter:data2\" content=\"21 minutos\" \/>\n<script type=\"application\/ld+json\" class=\"yoast-schema-graph\">{\"@context\":\"https:\\\/\\\/schema.org\",\"@graph\":[{\"@type\":\"Article\",\"@id\":\"https:\\\/\\\/rutesentrerefugis.com\\\/index.php\\\/2023\\\/05\\\/08\\\/desfent-les-passes-den-j-verdaguer-a-la-cat700\\\/#article\",\"isPartOf\":{\"@id\":\"https:\\\/\\\/rutesentrerefugis.com\\\/index.php\\\/2023\\\/05\\\/08\\\/desfent-les-passes-den-j-verdaguer-a-la-cat700\\\/\"},\"author\":{\"name\":\"N\u00faria Galbe\",\"@id\":\"https:\\\/\\\/rutesentrerefugis.com\\\/#\\\/schema\\\/person\\\/2db1f3f5bc4038f1b271817bd65530b2\"},\"headline\":\"DESFENT LES PASSES D&#8217;EN J. VERDAGUER A LA CAT700\",\"datePublished\":\"2023-05-08T07:18:16+00:00\",\"dateModified\":\"2023-10-31T07:34:21+00:00\",\"mainEntityOfPage\":{\"@id\":\"https:\\\/\\\/rutesentrerefugis.com\\\/index.php\\\/2023\\\/05\\\/08\\\/desfent-les-passes-den-j-verdaguer-a-la-cat700\\\/\"},\"wordCount\":1326,\"commentCount\":0,\"publisher\":{\"@id\":\"https:\\\/\\\/rutesentrerefugis.com\\\/#organization\"},\"image\":{\"@id\":\"https:\\\/\\\/rutesentrerefugis.com\\\/index.php\\\/2023\\\/05\\\/08\\\/desfent-les-passes-den-j-verdaguer-a-la-cat700\\\/#primaryimage\"},\"thumbnailUrl\":\"https:\\\/\\\/rutesentrerefugis.com\\\/wp-content\\\/uploads\\\/2023\\\/05\\\/Bikesketching-CAT700-Inici.jpg\",\"keywords\":[\"Aneto\",\"Artiga de Lin\",\"Bernat Gasull\",\"Bickepacking\",\"CAT700\",\"Collserola\",\"Creu d'Eixol\",\"Cr\u00f3nicas\",\"Cr\u00f2niques\",\"Delta de l'Ebre\",\"Espot\",\"Esterri d&#039;\u00c0neu\",\"Fundaci\u00f3 Jacint Verdaguer\",\"Gessa\",\"Jacint Verdaguer\",\"Les\",\"Llessui\",\"Male\u00efda\",\"Monestir de Poblet\",\"Monestir de Santes Creus\",\"Monestir de Vallbona de les Monges\",\"Montgarri\",\"Montsant\",\"N\u00faria Galbe\",\"Pla de Beret\",\"Prades\",\"Seu d'Urgell\",\"Triad\u00f3\"],\"articleSection\":[\"Blog\"],\"inLanguage\":\"es\",\"potentialAction\":[{\"@type\":\"CommentAction\",\"name\":\"Comment\",\"target\":[\"https:\\\/\\\/rutesentrerefugis.com\\\/index.php\\\/2023\\\/05\\\/08\\\/desfent-les-passes-den-j-verdaguer-a-la-cat700\\\/#respond\"]}]},{\"@type\":\"WebPage\",\"@id\":\"https:\\\/\\\/rutesentrerefugis.com\\\/index.php\\\/2023\\\/05\\\/08\\\/desfent-les-passes-den-j-verdaguer-a-la-cat700\\\/\",\"url\":\"https:\\\/\\\/rutesentrerefugis.com\\\/index.php\\\/2023\\\/05\\\/08\\\/desfent-les-passes-den-j-verdaguer-a-la-cat700\\\/\",\"name\":\"DESFENT LES PASSES D'EN J. VERDAGUER A LA CAT700 - Rutes Entre Refugis\",\"isPartOf\":{\"@id\":\"https:\\\/\\\/rutesentrerefugis.com\\\/#website\"},\"primaryImageOfPage\":{\"@id\":\"https:\\\/\\\/rutesentrerefugis.com\\\/index.php\\\/2023\\\/05\\\/08\\\/desfent-les-passes-den-j-verdaguer-a-la-cat700\\\/#primaryimage\"},\"image\":{\"@id\":\"https:\\\/\\\/rutesentrerefugis.com\\\/index.php\\\/2023\\\/05\\\/08\\\/desfent-les-passes-den-j-verdaguer-a-la-cat700\\\/#primaryimage\"},\"thumbnailUrl\":\"https:\\\/\\\/rutesentrerefugis.com\\\/wp-content\\\/uploads\\\/2023\\\/05\\\/Bikesketching-CAT700-Inici.jpg\",\"datePublished\":\"2023-05-08T07:18:16+00:00\",\"dateModified\":\"2023-10-31T07:34:21+00:00\",\"breadcrumb\":{\"@id\":\"https:\\\/\\\/rutesentrerefugis.com\\\/index.php\\\/2023\\\/05\\\/08\\\/desfent-les-passes-den-j-verdaguer-a-la-cat700\\\/#breadcrumb\"},\"inLanguage\":\"es\",\"potentialAction\":[{\"@type\":\"ReadAction\",\"target\":[\"https:\\\/\\\/rutesentrerefugis.com\\\/index.php\\\/2023\\\/05\\\/08\\\/desfent-les-passes-den-j-verdaguer-a-la-cat700\\\/\"]}]},{\"@type\":\"ImageObject\",\"inLanguage\":\"es\",\"@id\":\"https:\\\/\\\/rutesentrerefugis.com\\\/index.php\\\/2023\\\/05\\\/08\\\/desfent-les-passes-den-j-verdaguer-a-la-cat700\\\/#primaryimage\",\"url\":\"https:\\\/\\\/rutesentrerefugis.com\\\/wp-content\\\/uploads\\\/2023\\\/05\\\/Bikesketching-CAT700-Inici.jpg\",\"contentUrl\":\"https:\\\/\\\/rutesentrerefugis.com\\\/wp-content\\\/uploads\\\/2023\\\/05\\\/Bikesketching-CAT700-Inici.jpg\",\"width\":1200,\"height\":800},{\"@type\":\"BreadcrumbList\",\"@id\":\"https:\\\/\\\/rutesentrerefugis.com\\\/index.php\\\/2023\\\/05\\\/08\\\/desfent-les-passes-den-j-verdaguer-a-la-cat700\\\/#breadcrumb\",\"itemListElement\":[{\"@type\":\"ListItem\",\"position\":1,\"name\":\"Inici\",\"item\":\"https:\\\/\\\/rutesentrerefugis.com\\\/\"},{\"@type\":\"ListItem\",\"position\":2,\"name\":\"DESFENT LES PASSES D&#8217;EN J. VERDAGUER A LA CAT700\"}]},{\"@type\":\"WebSite\",\"@id\":\"https:\\\/\\\/rutesentrerefugis.com\\\/#website\",\"url\":\"https:\\\/\\\/rutesentrerefugis.com\\\/\",\"name\":\"Rutes Entre Refugis\",\"description\":\"Caminant sota un nom\",\"publisher\":{\"@id\":\"https:\\\/\\\/rutesentrerefugis.com\\\/#organization\"},\"potentialAction\":[{\"@type\":\"SearchAction\",\"target\":{\"@type\":\"EntryPoint\",\"urlTemplate\":\"https:\\\/\\\/rutesentrerefugis.com\\\/?s={search_term_string}\"},\"query-input\":{\"@type\":\"PropertyValueSpecification\",\"valueRequired\":true,\"valueName\":\"search_term_string\"}}],\"inLanguage\":\"es\"},{\"@type\":\"Organization\",\"@id\":\"https:\\\/\\\/rutesentrerefugis.com\\\/#organization\",\"name\":\"Rutes Entre Refugis\",\"url\":\"https:\\\/\\\/rutesentrerefugis.com\\\/\",\"logo\":{\"@type\":\"ImageObject\",\"inLanguage\":\"es\",\"@id\":\"https:\\\/\\\/rutesentrerefugis.com\\\/#\\\/schema\\\/logo\\\/image\\\/\",\"url\":\"https:\\\/\\\/rutesentrerefugis.com\\\/wp-content\\\/uploads\\\/2022\\\/08\\\/RutesEntreRefugis-Blanc-Retina-1.png\",\"contentUrl\":\"https:\\\/\\\/rutesentrerefugis.com\\\/wp-content\\\/uploads\\\/2022\\\/08\\\/RutesEntreRefugis-Blanc-Retina-1.png\",\"width\":400,\"height\":400,\"caption\":\"Rutes Entre Refugis\"},\"image\":{\"@id\":\"https:\\\/\\\/rutesentrerefugis.com\\\/#\\\/schema\\\/logo\\\/image\\\/\"}},{\"@type\":\"Person\",\"@id\":\"https:\\\/\\\/rutesentrerefugis.com\\\/#\\\/schema\\\/person\\\/2db1f3f5bc4038f1b271817bd65530b2\",\"name\":\"N\u00faria Galbe\",\"image\":{\"@type\":\"ImageObject\",\"inLanguage\":\"es\",\"@id\":\"https:\\\/\\\/rutesentrerefugis.com\\\/wp-content\\\/uploads\\\/2023\\\/05\\\/avatar_user_55_1684060931-96x96.jpg\",\"url\":\"https:\\\/\\\/rutesentrerefugis.com\\\/wp-content\\\/uploads\\\/2023\\\/05\\\/avatar_user_55_1684060931-96x96.jpg\",\"contentUrl\":\"https:\\\/\\\/rutesentrerefugis.com\\\/wp-content\\\/uploads\\\/2023\\\/05\\\/avatar_user_55_1684060931-96x96.jpg\",\"caption\":\"N\u00faria Galbe\"},\"url\":\"https:\\\/\\\/rutesentrerefugis.com\\\/index.php\\\/author\\\/nuria-galbe\\\/\"}]}<\/script>\n<!-- \/ Yoast SEO plugin. -->","yoast_head_json":{"title":"DESFENT LES PASSES D'EN J. VERDAGUER A LA CAT700 - Rutes Entre Refugis","robots":{"index":"index","follow":"follow","max-snippet":"max-snippet:-1","max-image-preview":"max-image-preview:large","max-video-preview":"max-video-preview:-1"},"canonical":"https:\/\/rutesentrerefugis.com\/index.php\/2023\/05\/08\/desfent-les-passes-den-j-verdaguer-a-la-cat700\/","og_locale":"es_ES","og_type":"article","og_title":"DESFENT LES PASSES D'EN J. VERDAGUER A LA CAT700 - Rutes Entre Refugis","og_description":"DESFENT LES PASSES D&#8217;EN J. VERDAGUER A LA CAT700 UN BIKEPACKING DIBUIXAT Cr\u00f2nica escrita per N\u00daRIA GALBE &#8211; @bikesketchingFotografies: CAT700 &#8211; FUNDACI\u00d3 JACINT VERDAGUER &#8211; N\u00daRIA GALBE L\u2019aventura del moss\u00e8n excursionista el 1882 per arribar a l\u2019Aneto des de la Seu d\u2019Urgell, m\u2019arriba de la m\u00e0 d\u2019en Bernat Gasull al llibre \u201cMale\u00efda\u201d (Verdaguer Edicions). Em [&hellip;]","og_url":"https:\/\/rutesentrerefugis.com\/index.php\/2023\/05\/08\/desfent-les-passes-den-j-verdaguer-a-la-cat700\/","og_site_name":"Rutes Entre Refugis","article_published_time":"2023-05-08T07:18:16+00:00","article_modified_time":"2023-10-31T07:34:21+00:00","og_image":[{"width":1200,"height":800,"url":"https:\/\/rutesentrerefugis.com\/wp-content\/uploads\/2023\/05\/Bikesketching-CAT700-Inici.jpg","type":"image\/jpeg"}],"author":"N\u00faria Galbe","twitter_card":"summary_large_image","twitter_misc":{"Escrito por":"N\u00faria Galbe","Tiempo de lectura":"21 minutos"},"schema":{"@context":"https:\/\/schema.org","@graph":[{"@type":"Article","@id":"https:\/\/rutesentrerefugis.com\/index.php\/2023\/05\/08\/desfent-les-passes-den-j-verdaguer-a-la-cat700\/#article","isPartOf":{"@id":"https:\/\/rutesentrerefugis.com\/index.php\/2023\/05\/08\/desfent-les-passes-den-j-verdaguer-a-la-cat700\/"},"author":{"name":"N\u00faria Galbe","@id":"https:\/\/rutesentrerefugis.com\/#\/schema\/person\/2db1f3f5bc4038f1b271817bd65530b2"},"headline":"DESFENT LES PASSES D&#8217;EN J. VERDAGUER A LA CAT700","datePublished":"2023-05-08T07:18:16+00:00","dateModified":"2023-10-31T07:34:21+00:00","mainEntityOfPage":{"@id":"https:\/\/rutesentrerefugis.com\/index.php\/2023\/05\/08\/desfent-les-passes-den-j-verdaguer-a-la-cat700\/"},"wordCount":1326,"commentCount":0,"publisher":{"@id":"https:\/\/rutesentrerefugis.com\/#organization"},"image":{"@id":"https:\/\/rutesentrerefugis.com\/index.php\/2023\/05\/08\/desfent-les-passes-den-j-verdaguer-a-la-cat700\/#primaryimage"},"thumbnailUrl":"https:\/\/rutesentrerefugis.com\/wp-content\/uploads\/2023\/05\/Bikesketching-CAT700-Inici.jpg","keywords":["Aneto","Artiga de Lin","Bernat Gasull","Bickepacking","CAT700","Collserola","Creu d'Eixol","Cr\u00f3nicas","Cr\u00f2niques","Delta de l'Ebre","Espot","Esterri d&#039;\u00c0neu","Fundaci\u00f3 Jacint Verdaguer","Gessa","Jacint Verdaguer","Les","Llessui","Male\u00efda","Monestir de Poblet","Monestir de Santes Creus","Monestir de Vallbona de les Monges","Montgarri","Montsant","N\u00faria Galbe","Pla de Beret","Prades","Seu d'Urgell","Triad\u00f3"],"articleSection":["Blog"],"inLanguage":"es","potentialAction":[{"@type":"CommentAction","name":"Comment","target":["https:\/\/rutesentrerefugis.com\/index.php\/2023\/05\/08\/desfent-les-passes-den-j-verdaguer-a-la-cat700\/#respond"]}]},{"@type":"WebPage","@id":"https:\/\/rutesentrerefugis.com\/index.php\/2023\/05\/08\/desfent-les-passes-den-j-verdaguer-a-la-cat700\/","url":"https:\/\/rutesentrerefugis.com\/index.php\/2023\/05\/08\/desfent-les-passes-den-j-verdaguer-a-la-cat700\/","name":"DESFENT LES PASSES D'EN J. VERDAGUER A LA CAT700 - Rutes Entre Refugis","isPartOf":{"@id":"https:\/\/rutesentrerefugis.com\/#website"},"primaryImageOfPage":{"@id":"https:\/\/rutesentrerefugis.com\/index.php\/2023\/05\/08\/desfent-les-passes-den-j-verdaguer-a-la-cat700\/#primaryimage"},"image":{"@id":"https:\/\/rutesentrerefugis.com\/index.php\/2023\/05\/08\/desfent-les-passes-den-j-verdaguer-a-la-cat700\/#primaryimage"},"thumbnailUrl":"https:\/\/rutesentrerefugis.com\/wp-content\/uploads\/2023\/05\/Bikesketching-CAT700-Inici.jpg","datePublished":"2023-05-08T07:18:16+00:00","dateModified":"2023-10-31T07:34:21+00:00","breadcrumb":{"@id":"https:\/\/rutesentrerefugis.com\/index.php\/2023\/05\/08\/desfent-les-passes-den-j-verdaguer-a-la-cat700\/#breadcrumb"},"inLanguage":"es","potentialAction":[{"@type":"ReadAction","target":["https:\/\/rutesentrerefugis.com\/index.php\/2023\/05\/08\/desfent-les-passes-den-j-verdaguer-a-la-cat700\/"]}]},{"@type":"ImageObject","inLanguage":"es","@id":"https:\/\/rutesentrerefugis.com\/index.php\/2023\/05\/08\/desfent-les-passes-den-j-verdaguer-a-la-cat700\/#primaryimage","url":"https:\/\/rutesentrerefugis.com\/wp-content\/uploads\/2023\/05\/Bikesketching-CAT700-Inici.jpg","contentUrl":"https:\/\/rutesentrerefugis.com\/wp-content\/uploads\/2023\/05\/Bikesketching-CAT700-Inici.jpg","width":1200,"height":800},{"@type":"BreadcrumbList","@id":"https:\/\/rutesentrerefugis.com\/index.php\/2023\/05\/08\/desfent-les-passes-den-j-verdaguer-a-la-cat700\/#breadcrumb","itemListElement":[{"@type":"ListItem","position":1,"name":"Inici","item":"https:\/\/rutesentrerefugis.com\/"},{"@type":"ListItem","position":2,"name":"DESFENT LES PASSES D&#8217;EN J. VERDAGUER A LA CAT700"}]},{"@type":"WebSite","@id":"https:\/\/rutesentrerefugis.com\/#website","url":"https:\/\/rutesentrerefugis.com\/","name":"Rutes Entre Refugis","description":"Caminant sota un nom","publisher":{"@id":"https:\/\/rutesentrerefugis.com\/#organization"},"potentialAction":[{"@type":"SearchAction","target":{"@type":"EntryPoint","urlTemplate":"https:\/\/rutesentrerefugis.com\/?s={search_term_string}"},"query-input":{"@type":"PropertyValueSpecification","valueRequired":true,"valueName":"search_term_string"}}],"inLanguage":"es"},{"@type":"Organization","@id":"https:\/\/rutesentrerefugis.com\/#organization","name":"Rutes Entre Refugis","url":"https:\/\/rutesentrerefugis.com\/","logo":{"@type":"ImageObject","inLanguage":"es","@id":"https:\/\/rutesentrerefugis.com\/#\/schema\/logo\/image\/","url":"https:\/\/rutesentrerefugis.com\/wp-content\/uploads\/2022\/08\/RutesEntreRefugis-Blanc-Retina-1.png","contentUrl":"https:\/\/rutesentrerefugis.com\/wp-content\/uploads\/2022\/08\/RutesEntreRefugis-Blanc-Retina-1.png","width":400,"height":400,"caption":"Rutes Entre Refugis"},"image":{"@id":"https:\/\/rutesentrerefugis.com\/#\/schema\/logo\/image\/"}},{"@type":"Person","@id":"https:\/\/rutesentrerefugis.com\/#\/schema\/person\/2db1f3f5bc4038f1b271817bd65530b2","name":"N\u00faria Galbe","image":{"@type":"ImageObject","inLanguage":"es","@id":"https:\/\/rutesentrerefugis.com\/wp-content\/uploads\/2023\/05\/avatar_user_55_1684060931-96x96.jpg","url":"https:\/\/rutesentrerefugis.com\/wp-content\/uploads\/2023\/05\/avatar_user_55_1684060931-96x96.jpg","contentUrl":"https:\/\/rutesentrerefugis.com\/wp-content\/uploads\/2023\/05\/avatar_user_55_1684060931-96x96.jpg","caption":"N\u00faria Galbe"},"url":"https:\/\/rutesentrerefugis.com\/index.php\/author\/nuria-galbe\/"}]}},"_links":{"self":[{"href":"https:\/\/rutesentrerefugis.com\/index.php\/wp-json\/wp\/v2\/posts\/17200","targetHints":{"allow":["GET"]}}],"collection":[{"href":"https:\/\/rutesentrerefugis.com\/index.php\/wp-json\/wp\/v2\/posts"}],"about":[{"href":"https:\/\/rutesentrerefugis.com\/index.php\/wp-json\/wp\/v2\/types\/post"}],"author":[{"embeddable":true,"href":"https:\/\/rutesentrerefugis.com\/index.php\/wp-json\/wp\/v2\/users\/55"}],"replies":[{"embeddable":true,"href":"https:\/\/rutesentrerefugis.com\/index.php\/wp-json\/wp\/v2\/comments?post=17200"}],"version-history":[{"count":101,"href":"https:\/\/rutesentrerefugis.com\/index.php\/wp-json\/wp\/v2\/posts\/17200\/revisions"}],"predecessor-version":[{"id":18127,"href":"https:\/\/rutesentrerefugis.com\/index.php\/wp-json\/wp\/v2\/posts\/17200\/revisions\/18127"}],"wp:featuredmedia":[{"embeddable":true,"href":"https:\/\/rutesentrerefugis.com\/index.php\/wp-json\/wp\/v2\/media\/17244"}],"wp:attachment":[{"href":"https:\/\/rutesentrerefugis.com\/index.php\/wp-json\/wp\/v2\/media?parent=17200"}],"wp:term":[{"taxonomy":"category","embeddable":true,"href":"https:\/\/rutesentrerefugis.com\/index.php\/wp-json\/wp\/v2\/categories?post=17200"},{"taxonomy":"post_tag","embeddable":true,"href":"https:\/\/rutesentrerefugis.com\/index.php\/wp-json\/wp\/v2\/tags?post=17200"}],"curies":[{"name":"wp","href":"https:\/\/api.w.org\/{rel}","templated":true}]}}