{"id":17326,"date":"2023-05-14T08:49:16","date_gmt":"2023-05-14T08:49:16","guid":{"rendered":"https:\/\/rutesentrerefugis.com\/?p=17326"},"modified":"2023-10-31T07:35:30","modified_gmt":"2023-10-31T07:35:30","slug":"deshaciendo-los-pasos-de-j-verdaguer-en-la-cat700","status":"publish","type":"post","link":"https:\/\/rutesentrerefugis.com\/index.php\/es\/2023\/05\/14\/deshaciendo-los-pasos-de-j-verdaguer-en-la-cat700\/","title":{"rendered":"DESHACIENDO LOS PASOS DE J. VERDAGUER EN LA CAT700"},"content":{"rendered":"\t\t<div data-elementor-type=\"wp-post\" data-elementor-id=\"17326\" class=\"elementor elementor-17326\" data-elementor-post-type=\"post\">\n\t\t\t\t\t\t<section class=\"elementor-section elementor-top-section elementor-element elementor-element-49e71f9 elementor-section-full_width elementor-section-height-default elementor-section-height-default\" data-id=\"49e71f9\" data-element_type=\"section\" data-e-type=\"section\">\n\t\t\t\t\t\t<div class=\"elementor-container elementor-column-gap-default\">\n\t\t\t\t\t<div class=\"elementor-column elementor-col-100 elementor-top-column elementor-element elementor-element-e8a3f1b\" data-id=\"e8a3f1b\" data-element_type=\"column\" data-e-type=\"column\" data-settings=\"{&quot;background_background&quot;:&quot;classic&quot;}\">\n\t\t\t<div class=\"elementor-widget-wrap elementor-element-populated\">\n\t\t\t\t\t\t<div class=\"elementor-element elementor-element-e0bd260 elementor-widget elementor-widget-image\" data-id=\"e0bd260\" data-element_type=\"widget\" data-e-type=\"widget\" data-widget_type=\"image.default\">\n\t\t\t\t<div class=\"elementor-widget-container\">\n\t\t\t\t\t\t\t\t\t\t\t\t\t\t\t<img fetchpriority=\"high\" decoding=\"async\" width=\"2000\" height=\"450\" src=\"https:\/\/rutesentrerefugis.com\/wp-content\/uploads\/2023\/05\/Bikesketching-CAT700-Cap.jpg\" class=\"attachment-full size-full wp-image-17243\" alt=\"\" srcset=\"https:\/\/rutesentrerefugis.com\/wp-content\/uploads\/2023\/05\/Bikesketching-CAT700-Cap.jpg 2000w, https:\/\/rutesentrerefugis.com\/wp-content\/uploads\/2023\/05\/Bikesketching-CAT700-Cap-300x68.jpg 300w, https:\/\/rutesentrerefugis.com\/wp-content\/uploads\/2023\/05\/Bikesketching-CAT700-Cap-1024x230.jpg 1024w, https:\/\/rutesentrerefugis.com\/wp-content\/uploads\/2023\/05\/Bikesketching-CAT700-Cap-768x173.jpg 768w, https:\/\/rutesentrerefugis.com\/wp-content\/uploads\/2023\/05\/Bikesketching-CAT700-Cap-1536x346.jpg 1536w\" sizes=\"(max-width: 2000px) 100vw, 2000px\" \/>\t\t\t\t\t\t\t\t\t\t\t\t\t\t\t<\/div>\n\t\t\t\t<\/div>\n\t\t\t\t\t<\/div>\n\t\t<\/div>\n\t\t\t\t\t<\/div>\n\t\t<\/section>\n\t\t\t\t<section class=\"elementor-section elementor-top-section elementor-element elementor-element-f5da543 elementor-section-full_width elementor-section-height-default elementor-section-height-default\" data-id=\"f5da543\" data-element_type=\"section\" data-e-type=\"section\">\n\t\t\t\t\t\t<div class=\"elementor-container elementor-column-gap-default\">\n\t\t\t\t\t<div class=\"elementor-column elementor-col-100 elementor-top-column elementor-element elementor-element-a7b3bf6\" data-id=\"a7b3bf6\" data-element_type=\"column\" data-e-type=\"column\" data-settings=\"{&quot;background_background&quot;:&quot;classic&quot;}\">\n\t\t\t<div class=\"elementor-widget-wrap elementor-element-populated\">\n\t\t\t\t\t\t<div class=\"elementor-element elementor-element-904cab1 elementor-widget elementor-widget-heading\" data-id=\"904cab1\" data-element_type=\"widget\" data-e-type=\"widget\" data-widget_type=\"heading.default\">\n\t\t\t\t<div class=\"elementor-widget-container\">\n\t\t\t\t\t<h2 class=\"elementor-heading-title elementor-size-default\">DESHACIENDO LOS PASOS DE J. VERDAGUER EN LA CAT700<\/h2>\t\t\t\t<\/div>\n\t\t\t\t<\/div>\n\t\t\t\t\t<\/div>\n\t\t<\/div>\n\t\t\t\t\t<\/div>\n\t\t<\/section>\n\t\t\t\t<section class=\"elementor-section elementor-top-section elementor-element elementor-element-6dc0412 elementor-section-full_width elementor-section-height-default elementor-section-height-default\" data-id=\"6dc0412\" data-element_type=\"section\" data-e-type=\"section\">\n\t\t\t\t\t\t<div class=\"elementor-container elementor-column-gap-default\">\n\t\t\t\t\t<div class=\"elementor-column elementor-col-100 elementor-top-column elementor-element elementor-element-414505c\" data-id=\"414505c\" data-element_type=\"column\" data-e-type=\"column\" data-settings=\"{&quot;background_background&quot;:&quot;classic&quot;}\">\n\t\t\t<div class=\"elementor-widget-wrap elementor-element-populated\">\n\t\t\t\t\t\t<div class=\"elementor-element elementor-element-5b37f04 elementor-widget-divider--view-line elementor-widget elementor-widget-divider\" data-id=\"5b37f04\" data-element_type=\"widget\" data-e-type=\"widget\" data-widget_type=\"divider.default\">\n\t\t\t\t<div class=\"elementor-widget-container\">\n\t\t\t\t\t\t\t<div class=\"elementor-divider\">\n\t\t\t<span class=\"elementor-divider-separator\">\n\t\t\t\t\t\t<\/span>\n\t\t<\/div>\n\t\t\t\t\t\t<\/div>\n\t\t\t\t<\/div>\n\t\t\t\t\t<\/div>\n\t\t<\/div>\n\t\t\t\t\t<\/div>\n\t\t<\/section>\n\t\t\t\t<section class=\"elementor-section elementor-top-section elementor-element elementor-element-42fd159 elementor-section-full_width elementor-section-height-default elementor-section-height-default\" data-id=\"42fd159\" data-element_type=\"section\" data-e-type=\"section\">\n\t\t\t\t\t\t<div class=\"elementor-container elementor-column-gap-default\">\n\t\t\t\t\t<div class=\"elementor-column elementor-col-100 elementor-top-column elementor-element elementor-element-35641fc\" data-id=\"35641fc\" data-element_type=\"column\" data-e-type=\"column\">\n\t\t\t<div class=\"elementor-widget-wrap elementor-element-populated\">\n\t\t\t\t\t\t<div class=\"elementor-element elementor-element-c647afa elementor-widget elementor-widget-spacer\" data-id=\"c647afa\" data-element_type=\"widget\" data-e-type=\"widget\" data-widget_type=\"spacer.default\">\n\t\t\t\t<div class=\"elementor-widget-container\">\n\t\t\t\t\t\t\t<div class=\"elementor-spacer\">\n\t\t\t<div class=\"elementor-spacer-inner\"><\/div>\n\t\t<\/div>\n\t\t\t\t\t\t<\/div>\n\t\t\t\t<\/div>\n\t\t\t\t\t<\/div>\n\t\t<\/div>\n\t\t\t\t\t<\/div>\n\t\t<\/section>\n\t\t\t\t<section class=\"elementor-section elementor-top-section elementor-element elementor-element-71d3942 elementor-section-full_width elementor-section-height-default elementor-section-height-default\" data-id=\"71d3942\" data-element_type=\"section\" data-e-type=\"section\">\n\t\t\t\t\t\t<div class=\"elementor-container elementor-column-gap-default\">\n\t\t\t\t\t<div class=\"elementor-column elementor-col-100 elementor-top-column elementor-element elementor-element-991de4d\" data-id=\"991de4d\" data-element_type=\"column\" data-e-type=\"column\">\n\t\t\t<div class=\"elementor-widget-wrap elementor-element-populated\">\n\t\t\t\t\t\t<div class=\"elementor-element elementor-element-bdbabf5 elementor-widget elementor-widget-heading\" data-id=\"bdbabf5\" data-element_type=\"widget\" data-e-type=\"widget\" data-widget_type=\"heading.default\">\n\t\t\t\t<div class=\"elementor-widget-container\">\n\t\t\t\t\t<h2 class=\"elementor-heading-title elementor-size-default\">UN BIKEPACKING DIBUJADO<\/h2>\t\t\t\t<\/div>\n\t\t\t\t<\/div>\n\t\t\t\t\t<\/div>\n\t\t<\/div>\n\t\t\t\t\t<\/div>\n\t\t<\/section>\n\t\t\t\t<section class=\"elementor-section elementor-top-section elementor-element elementor-element-75d0eec elementor-section-full_width elementor-section-height-default elementor-section-height-default\" data-id=\"75d0eec\" data-element_type=\"section\" data-e-type=\"section\">\n\t\t\t\t\t\t<div class=\"elementor-container elementor-column-gap-default\">\n\t\t\t\t\t<div class=\"elementor-column elementor-col-100 elementor-top-column elementor-element elementor-element-2125826\" data-id=\"2125826\" data-element_type=\"column\" data-e-type=\"column\">\n\t\t\t<div class=\"elementor-widget-wrap elementor-element-populated\">\n\t\t\t\t\t\t<div class=\"elementor-element elementor-element-5711d63 elementor-widget elementor-widget-text-editor\" data-id=\"5711d63\" data-element_type=\"widget\" data-e-type=\"widget\" data-widget_type=\"text-editor.default\">\n\t\t\t\t<div class=\"elementor-widget-container\">\n\t\t\t\t\t\t\t\t\t<h6>Cr\u00f3nica escrita por N\u00daRIA GALBE &#8211; @bikesketching<br \/>Fotograf\u00edas: CAT700 &#8211; FUNDACI\u00d3 JACINT VERDAGUER &#8211; N\u00daRIA GALBE<\/h6>\t\t\t\t\t\t\t\t<\/div>\n\t\t\t\t<\/div>\n\t\t\t\t\t<\/div>\n\t\t<\/div>\n\t\t\t\t\t<\/div>\n\t\t<\/section>\n\t\t\t\t<section class=\"elementor-section elementor-top-section elementor-element elementor-element-fb7a83f elementor-section-full_width elementor-section-height-default elementor-section-height-default\" data-id=\"fb7a83f\" data-element_type=\"section\" data-e-type=\"section\">\n\t\t\t\t\t\t<div class=\"elementor-container elementor-column-gap-default\">\n\t\t\t\t\t<div class=\"elementor-column elementor-col-100 elementor-top-column elementor-element elementor-element-8bf4b55\" data-id=\"8bf4b55\" data-element_type=\"column\" data-e-type=\"column\">\n\t\t\t<div class=\"elementor-widget-wrap elementor-element-populated\">\n\t\t\t\t\t\t<div class=\"elementor-element elementor-element-059e92b elementor-widget elementor-widget-text-editor\" data-id=\"059e92b\" data-element_type=\"widget\" data-e-type=\"widget\" data-widget_type=\"text-editor.default\">\n\t\t\t\t<div class=\"elementor-widget-container\">\n\t\t\t\t\t\t\t\t\t<h5>La aventura del cura excursionista en 1882 para llegar al Aneto desde la Seu d&#8217;Urgell, me llega de la mano de Bernat Gasull en el libro \u201cMale\u00efda\u201d (Verdaguer Edicions). Me emociona el relato y pienso: \u00abque guapo rehacer el itinerario y dibujarlo a la vez\u00bb. Y he aqu\u00ed que en junio 2022 preparando la CAT700, la aventura en bicicleta de autosuficiencia en Catalu\u00f1a, me doy cuenta de que pasa por los mismos viejos caminos del Ar\u00e1n y \u00c0neu que hizo el cura en 1882&#8230; pero en sentido contrario. \u00a1Ail\u00e1s! \u00a1Ya lo tengo! Al menos un tramo, que yo acabar\u00e9 en el Delta del Ebro.<\/h5>\t\t\t\t\t\t\t\t<\/div>\n\t\t\t\t<\/div>\n\t\t\t\t\t<\/div>\n\t\t<\/div>\n\t\t\t\t\t<\/div>\n\t\t<\/section>\n\t\t\t\t<section class=\"elementor-section elementor-top-section elementor-element elementor-element-ade46a4 elementor-section-full_width elementor-section-height-default elementor-section-height-default\" data-id=\"ade46a4\" data-element_type=\"section\" data-e-type=\"section\">\n\t\t\t\t\t\t<div class=\"elementor-container elementor-column-gap-default\">\n\t\t\t\t\t<div class=\"elementor-column elementor-col-100 elementor-top-column elementor-element elementor-element-9fec491\" data-id=\"9fec491\" data-element_type=\"column\" data-e-type=\"column\">\n\t\t\t<div class=\"elementor-widget-wrap elementor-element-populated\">\n\t\t\t\t\t\t<div class=\"elementor-element elementor-element-5de29ad elementor-widget elementor-widget-text-editor\" data-id=\"5de29ad\" data-element_type=\"widget\" data-e-type=\"widget\" data-widget_type=\"text-editor.default\">\n\t\t\t\t<div class=\"elementor-widget-container\">\n\t\t\t\t\t\t\t\t\t<h5>Ser\u00e1n 2 retos: pedalear el itinerario completo y dibujar en el cuaderno de viaje incluido el tramo de Verdaguer. Son 520 kms (hago la versi\u00f3n Gravel) para atravesar toda Catalu\u00f1a de norte (Les, Vall d&#8217;Aran) a sur (Delta del Ebro) y tengo 5 d\u00edas. Es mi aventura. \u201cTengo que hacerlo a mi ritmo\u201d le digo a Mario, mi marido. Iremos por separado. Debe ser as\u00ed si tengo que organizarme las horas, dibujar, comer y dormir para lograr el reto.<\/h5>\t\t\t\t\t\t\t\t<\/div>\n\t\t\t\t<\/div>\n\t\t\t\t\t<\/div>\n\t\t<\/div>\n\t\t\t\t\t<\/div>\n\t\t<\/section>\n\t\t\t\t<section class=\"elementor-section elementor-top-section elementor-element elementor-element-884f5b8 elementor-section-full_width elementor-section-height-default elementor-section-height-default\" data-id=\"884f5b8\" data-element_type=\"section\" data-e-type=\"section\">\n\t\t\t\t\t\t<div class=\"elementor-container elementor-column-gap-default\">\n\t\t\t\t\t<div class=\"elementor-column elementor-col-50 elementor-top-column elementor-element elementor-element-6f1a872\" data-id=\"6f1a872\" data-element_type=\"column\" data-e-type=\"column\">\n\t\t\t<div class=\"elementor-widget-wrap elementor-element-populated\">\n\t\t\t\t\t\t<div class=\"elementor-element elementor-element-797f3f7 elementor-widget elementor-widget-image\" data-id=\"797f3f7\" data-element_type=\"widget\" data-e-type=\"widget\" data-widget_type=\"image.default\">\n\t\t\t\t<div class=\"elementor-widget-container\">\n\t\t\t\t\t\t\t\t\t\t\t\t\t\t\t<img decoding=\"async\" width=\"1000\" height=\"685\" src=\"https:\/\/rutesentrerefugis.com\/wp-content\/uploads\/2023\/05\/Bikesketching-CAT700-01.jpg\" class=\"attachment-full size-full wp-image-17219\" alt=\"\" srcset=\"https:\/\/rutesentrerefugis.com\/wp-content\/uploads\/2023\/05\/Bikesketching-CAT700-01.jpg 1000w, https:\/\/rutesentrerefugis.com\/wp-content\/uploads\/2023\/05\/Bikesketching-CAT700-01-300x206.jpg 300w, https:\/\/rutesentrerefugis.com\/wp-content\/uploads\/2023\/05\/Bikesketching-CAT700-01-768x526.jpg 768w\" sizes=\"(max-width: 1000px) 100vw, 1000px\" \/>\t\t\t\t\t\t\t\t\t\t\t\t\t\t\t<\/div>\n\t\t\t\t<\/div>\n\t\t\t\t\t<\/div>\n\t\t<\/div>\n\t\t\t\t<div class=\"elementor-column elementor-col-50 elementor-top-column elementor-element elementor-element-42bf76c\" data-id=\"42bf76c\" data-element_type=\"column\" data-e-type=\"column\">\n\t\t\t<div class=\"elementor-widget-wrap elementor-element-populated\">\n\t\t\t\t\t\t<div class=\"elementor-element elementor-element-aa9e37c elementor-widget elementor-widget-image\" data-id=\"aa9e37c\" data-element_type=\"widget\" data-e-type=\"widget\" data-widget_type=\"image.default\">\n\t\t\t\t<div class=\"elementor-widget-container\">\n\t\t\t\t\t\t\t\t\t\t\t\t\t\t\t<img decoding=\"async\" width=\"1000\" height=\"685\" src=\"https:\/\/rutesentrerefugis.com\/wp-content\/uploads\/2023\/05\/Bikesketching-CAT700-02.jpg\" class=\"attachment-full size-full wp-image-17220\" alt=\"\" srcset=\"https:\/\/rutesentrerefugis.com\/wp-content\/uploads\/2023\/05\/Bikesketching-CAT700-02.jpg 1000w, https:\/\/rutesentrerefugis.com\/wp-content\/uploads\/2023\/05\/Bikesketching-CAT700-02-300x206.jpg 300w, https:\/\/rutesentrerefugis.com\/wp-content\/uploads\/2023\/05\/Bikesketching-CAT700-02-768x526.jpg 768w\" sizes=\"(max-width: 1000px) 100vw, 1000px\" \/>\t\t\t\t\t\t\t\t\t\t\t\t\t\t\t<\/div>\n\t\t\t\t<\/div>\n\t\t\t\t\t<\/div>\n\t\t<\/div>\n\t\t\t\t\t<\/div>\n\t\t<\/section>\n\t\t\t\t<section class=\"elementor-section elementor-top-section elementor-element elementor-element-1325a34 elementor-section-full_width elementor-section-height-default elementor-section-height-default\" data-id=\"1325a34\" data-element_type=\"section\" data-e-type=\"section\">\n\t\t\t\t\t\t<div class=\"elementor-container elementor-column-gap-default\">\n\t\t\t\t\t<div class=\"elementor-column elementor-col-100 elementor-top-column elementor-element elementor-element-30463cc\" data-id=\"30463cc\" data-element_type=\"column\" data-e-type=\"column\">\n\t\t\t<div class=\"elementor-widget-wrap elementor-element-populated\">\n\t\t\t\t\t\t<div class=\"elementor-element elementor-element-acf9687 elementor-widget elementor-widget-text-editor\" data-id=\"acf9687\" data-element_type=\"widget\" data-e-type=\"widget\" data-widget_type=\"text-editor.default\">\n\t\t\t\t<div class=\"elementor-widget-container\">\n\t\t\t\t\t\t\t\t\t<h4><span style=\"color: #000000;\"><u>SALIDA DE LES EN DIRECCI\u00d3N A ARTIGA DE LIN<\/u><\/span><\/h4><h5>Antes de salir, briefing y control de material por parte de la organizaci\u00f3n. Este junio los incendios devastan Catalunya. Cambios de ruta y nervios: ma\u00f1ana el fuego puede cambiar de nuevo el itinerario.<br \/><br \/>-\u201c<em>Quiz\u00e1s no es el fin de semana para hacer vivac en plena monta\u00f1a<\/em>\u201d -nos dice Eliseu a los participantes.<br \/><br \/>Y nos lo tomamos muy en serio. Aun as\u00ed, tambi\u00e9n por seguridad, no descargo el material de vivac de la bici. En Les vemos plantado el Haro, la falla que quemar\u00e1n el siguiente fin de semana, por el solsticio de Sant Joan. Qu\u00e9 iron\u00eda&#8230; el mismo fuego que maldecimos hoy, lo veneramos en toda Catalu\u00f1a en pocos d\u00edas.<\/h5>\t\t\t\t\t\t\t\t<\/div>\n\t\t\t\t<\/div>\n\t\t\t\t\t<\/div>\n\t\t<\/div>\n\t\t\t\t\t<\/div>\n\t\t<\/section>\n\t\t\t\t<section class=\"elementor-section elementor-top-section elementor-element elementor-element-a627602 elementor-section-full_width elementor-section-height-default elementor-section-height-default\" data-id=\"a627602\" data-element_type=\"section\" data-e-type=\"section\">\n\t\t\t\t\t\t<div class=\"elementor-container elementor-column-gap-default\">\n\t\t\t\t\t<div class=\"elementor-column elementor-col-33 elementor-top-column elementor-element elementor-element-e77f052\" data-id=\"e77f052\" data-element_type=\"column\" data-e-type=\"column\">\n\t\t\t<div class=\"elementor-widget-wrap elementor-element-populated\">\n\t\t\t\t\t\t<div class=\"elementor-element elementor-element-6af131e elementor-widget elementor-widget-image\" data-id=\"6af131e\" data-element_type=\"widget\" data-e-type=\"widget\" data-widget_type=\"image.default\">\n\t\t\t\t<div class=\"elementor-widget-container\">\n\t\t\t\t\t\t\t\t\t\t\t\t<figure class=\"wp-caption\">\n\t\t\t\t\t\t\t\t\t\t<img loading=\"lazy\" decoding=\"async\" width=\"1000\" height=\"905\" src=\"https:\/\/rutesentrerefugis.com\/wp-content\/uploads\/2023\/05\/Bikesketching-CAT700-03.jpg\" class=\"attachment-full size-full wp-image-17225\" alt=\"\" srcset=\"https:\/\/rutesentrerefugis.com\/wp-content\/uploads\/2023\/05\/Bikesketching-CAT700-03.jpg 1000w, https:\/\/rutesentrerefugis.com\/wp-content\/uploads\/2023\/05\/Bikesketching-CAT700-03-300x272.jpg 300w, https:\/\/rutesentrerefugis.com\/wp-content\/uploads\/2023\/05\/Bikesketching-CAT700-03-768x695.jpg 768w\" sizes=\"(max-width: 1000px) 100vw, 1000px\" \/>\t\t\t\t\t\t\t\t\t\t\t<figcaption class=\"widget-image-caption wp-caption-text\">El croquis de Jacint Verdaguer del 1882<\/br>(imagen y cortes\u00eda de la Fundaci\u00f3 Jacint Verdaguer)<\/figcaption>\n\t\t\t\t\t\t\t\t\t\t<\/figure>\n\t\t\t\t\t\t\t\t\t<\/div>\n\t\t\t\t<\/div>\n\t\t\t\t\t<\/div>\n\t\t<\/div>\n\t\t\t\t<div class=\"elementor-column elementor-col-66 elementor-top-column elementor-element elementor-element-a708cbd\" data-id=\"a708cbd\" data-element_type=\"column\" data-e-type=\"column\">\n\t\t\t<div class=\"elementor-widget-wrap elementor-element-populated\">\n\t\t\t\t\t\t<div class=\"elementor-element elementor-element-83770ff elementor-widget elementor-widget-text-editor\" data-id=\"83770ff\" data-element_type=\"widget\" data-e-type=\"widget\" data-widget_type=\"text-editor.default\">\n\t\t\t\t<div class=\"elementor-widget-container\">\n\t\t\t\t\t\t\t\t\t<h5>Por la ma\u00f1ana salimos tranquilos, subimos el Camin Reiau y tomamos la carretera de la Artiga de Lin hacia Vielha. Ya pienso en las notas de Verdaguer a su paso por Artiga y sin darme cuenta, ya estoy en el lomo de la sierra, donde el camino rompe en una curva muy marcada. Me giro y miro arriba. \u00a1Oh! &#8230; \u00a1LA MALE\u00cfDA! Cumbre y glaciar asoman tras el C\u00f2th deth H\u00f2ro.<\/br>\nEstoy en Arr\u00f2ca de S\u00e8rra, donde Verdaguer se detuvo a hacer uno de sus croquis en 1882. El d\u00eda es tan limpio, &#8230; veo la cima junto a los dedos. A Gasull le parece un sitio encantador. A m\u00ed tambi\u00e9n.<\/br>\n<\/br>\n-\u00abAl l\u00edo! A dibujar\u00bb me siento sobre la hierba florida. \u00abHag\u00e1moslo f\u00e1cil: 2 l\u00e1pices, uno para el Aneto (las luces) y otro para las contraluces, no quiero entretenerme mucho\u00bb.<\/br>\n<\/br>\n-\u00abHola N\u00faria!\u00bb oigo una voz. Es Sergi, que me pasa pedaleando. Tambi\u00e9n hace la Cat700, y a quien dibuj\u00e9 en otra traves\u00eda cuando trinch\u00f3 el cambio en ruta.\t\t\t\t\t\t\t\t<\/div>\n\t\t\t\t<\/div>\n\t\t\t\t\t<\/div>\n\t\t<\/div>\n\t\t\t\t\t<\/div>\n\t\t<\/section>\n\t\t\t\t<section class=\"elementor-section elementor-top-section elementor-element elementor-element-29887f2 elementor-section-full_width elementor-section-height-default elementor-section-height-default\" data-id=\"29887f2\" data-element_type=\"section\" data-e-type=\"section\">\n\t\t\t\t\t\t<div class=\"elementor-container elementor-column-gap-default\">\n\t\t\t\t\t<div class=\"elementor-column elementor-col-100 elementor-top-column elementor-element elementor-element-2ba6a5b\" data-id=\"2ba6a5b\" data-element_type=\"column\" data-e-type=\"column\">\n\t\t\t<div class=\"elementor-widget-wrap elementor-element-populated\">\n\t\t\t\t\t\t<div class=\"elementor-element elementor-element-8911b08 elementor-widget elementor-widget-image\" data-id=\"8911b08\" data-element_type=\"widget\" data-e-type=\"widget\" data-widget_type=\"image.default\">\n\t\t\t\t<div class=\"elementor-widget-container\">\n\t\t\t\t\t\t\t\t\t\t\t\t\t\t\t<img loading=\"lazy\" decoding=\"async\" width=\"2000\" height=\"1500\" src=\"https:\/\/rutesentrerefugis.com\/wp-content\/uploads\/2023\/05\/Bikesketching-CAT700-04.jpg\" class=\"attachment-full size-full wp-image-17235\" alt=\"\" srcset=\"https:\/\/rutesentrerefugis.com\/wp-content\/uploads\/2023\/05\/Bikesketching-CAT700-04.jpg 2000w, https:\/\/rutesentrerefugis.com\/wp-content\/uploads\/2023\/05\/Bikesketching-CAT700-04-300x225.jpg 300w, https:\/\/rutesentrerefugis.com\/wp-content\/uploads\/2023\/05\/Bikesketching-CAT700-04-1024x768.jpg 1024w, https:\/\/rutesentrerefugis.com\/wp-content\/uploads\/2023\/05\/Bikesketching-CAT700-04-768x576.jpg 768w, https:\/\/rutesentrerefugis.com\/wp-content\/uploads\/2023\/05\/Bikesketching-CAT700-04-1536x1152.jpg 1536w\" sizes=\"(max-width: 2000px) 100vw, 2000px\" \/>\t\t\t\t\t\t\t\t\t\t\t\t\t\t\t<\/div>\n\t\t\t\t<\/div>\n\t\t\t\t\t<\/div>\n\t\t<\/div>\n\t\t\t\t\t<\/div>\n\t\t<\/section>\n\t\t\t\t<section class=\"elementor-section elementor-top-section elementor-element elementor-element-a906731 elementor-section-full_width elementor-section-height-default elementor-section-height-default\" data-id=\"a906731\" data-element_type=\"section\" data-e-type=\"section\">\n\t\t\t\t\t\t<div class=\"elementor-container elementor-column-gap-default\">\n\t\t\t\t\t<div class=\"elementor-column elementor-col-100 elementor-top-column elementor-element elementor-element-b8a5165\" data-id=\"b8a5165\" data-element_type=\"column\" data-e-type=\"column\">\n\t\t\t<div class=\"elementor-widget-wrap elementor-element-populated\">\n\t\t\t\t\t\t<div class=\"elementor-element elementor-element-552f4e5 elementor-widget elementor-widget-text-editor\" data-id=\"552f4e5\" data-element_type=\"widget\" data-e-type=\"widget\" data-widget_type=\"text-editor.default\">\n\t\t\t\t<div class=\"elementor-widget-container\">\n\t\t\t\t\t\t\t\t\t<h4><span style=\"color: #000000;\"><u>ANETO, LA MALE\u00cfDA<\/u><\/span><\/h4><h5>En 1882 era todav\u00eda muy poco visitado. Una docena de expediciones registradas al a\u00f1o.<br \/>-El 1er intento de alcanzar la cima fue de Francesc Sauci de Esterri d&#8217;\u00c0neu en 1725. Frustrado, perdi\u00f3 la vida.<br \/>-Louis de Ramond de Carbonni\u00e8res en 1787, tambi\u00e9n frustrado.<br \/>-La 1\u00aa ascensi\u00f3n exitosa al Aneto fue en 1842, de Albert de Franqueville (franc\u00e9s) y Plat\u00f3n de Tchiharchev (ruso) y 4 gu\u00edas occitanos. Un 20 de julio.<br \/><br \/>Verdaguer el 22 de julio de 1882, no llevaba ni bast\u00f3n ni crampones ni cuerdas. Quer\u00eda alcanzar la cima del Aneto desde Artiga de Lin, en un solo d\u00eda. Una locura.<br \/><br \/>\u00ab<em>Com ho ha fet la naturalesa per tallar eixos molars de granit (&#8230;)?<\/em>\u00ab<br \/>El lo llamaba \u00abLo Goliat de nostres muntanyes\u00bb.<br \/><br \/>En esta loma, Verdaguer nos habla de los abetos gigantes del bosque de Varicauba. (Ya no son, tan grandes):<br \/>\u00ab<em>Son los avets m\u00e9s prims i llargs que he vist. La ra\u00e7a dels gegants de la muntanya no s&#8217;acaba, encara<\/em>\u00ab.<br \/>\u00ab<em>Davant se veuen les Male\u00efdes, clapades de neu, dretes i espadades, i als costats, immenses arbredes (&#8230;)<\/em>\u00ab.<br \/>Gasull nos recuerda que el glaciar de Aneto ten\u00eda ocho veces m\u00e1s extensi\u00f3n que ahora. \u00a1A partir de los a\u00f1os noventa del siglo XX, el glaciar ha perdido entre el 80 y el 90% de la superficie!<br \/><br \/>Pero hoy, mis Goliat son Beret y Espot, me esperan +2.400m de desnivel acumulado en un centenar de kil\u00f3metros, as\u00ed que tengo que apresurarme. Guardo r\u00e1pidamente el cuaderno en la bolsa del tubo de la bici y sigo pedaleando hacia Vielha.<\/h5>\t\t\t\t\t\t\t\t<\/div>\n\t\t\t\t<\/div>\n\t\t\t\t\t<\/div>\n\t\t<\/div>\n\t\t\t\t\t<\/div>\n\t\t<\/section>\n\t\t\t\t<section class=\"elementor-section elementor-top-section elementor-element elementor-element-e7db488 elementor-section-full_width elementor-section-height-default elementor-section-height-default\" data-id=\"e7db488\" data-element_type=\"section\" data-e-type=\"section\">\n\t\t\t\t\t\t<div class=\"elementor-container elementor-column-gap-default\">\n\t\t\t\t\t<div class=\"elementor-column elementor-col-33 elementor-top-column elementor-element elementor-element-7559f69\" data-id=\"7559f69\" data-element_type=\"column\" data-e-type=\"column\">\n\t\t\t<div class=\"elementor-widget-wrap elementor-element-populated\">\n\t\t\t\t\t\t<div class=\"elementor-element elementor-element-bfcd515 elementor-widget elementor-widget-image\" data-id=\"bfcd515\" data-element_type=\"widget\" data-e-type=\"widget\" data-widget_type=\"image.default\">\n\t\t\t\t<div class=\"elementor-widget-container\">\n\t\t\t\t\t\t\t\t\t\t\t\t\t\t\t<img loading=\"lazy\" decoding=\"async\" width=\"1000\" height=\"670\" src=\"https:\/\/rutesentrerefugis.com\/wp-content\/uploads\/2023\/05\/Bikesketching-CAT700-05.jpg\" class=\"attachment-full size-full wp-image-17251\" alt=\"\" srcset=\"https:\/\/rutesentrerefugis.com\/wp-content\/uploads\/2023\/05\/Bikesketching-CAT700-05.jpg 1000w, https:\/\/rutesentrerefugis.com\/wp-content\/uploads\/2023\/05\/Bikesketching-CAT700-05-300x201.jpg 300w, https:\/\/rutesentrerefugis.com\/wp-content\/uploads\/2023\/05\/Bikesketching-CAT700-05-768x515.jpg 768w\" sizes=\"(max-width: 1000px) 100vw, 1000px\" \/>\t\t\t\t\t\t\t\t\t\t\t\t\t\t\t<\/div>\n\t\t\t\t<\/div>\n\t\t\t\t\t<\/div>\n\t\t<\/div>\n\t\t\t\t<div class=\"elementor-column elementor-col-33 elementor-top-column elementor-element elementor-element-243889e\" data-id=\"243889e\" data-element_type=\"column\" data-e-type=\"column\">\n\t\t\t<div class=\"elementor-widget-wrap elementor-element-populated\">\n\t\t\t\t\t\t<div class=\"elementor-element elementor-element-2ebc0fd elementor-widget elementor-widget-image\" data-id=\"2ebc0fd\" data-element_type=\"widget\" data-e-type=\"widget\" data-widget_type=\"image.default\">\n\t\t\t\t<div class=\"elementor-widget-container\">\n\t\t\t\t\t\t\t\t\t\t\t\t\t\t\t<img loading=\"lazy\" decoding=\"async\" width=\"1000\" height=\"670\" src=\"https:\/\/rutesentrerefugis.com\/wp-content\/uploads\/2023\/05\/Bikesketching-CAT700-06.jpg\" class=\"attachment-full size-full wp-image-17252\" alt=\"\" srcset=\"https:\/\/rutesentrerefugis.com\/wp-content\/uploads\/2023\/05\/Bikesketching-CAT700-06.jpg 1000w, https:\/\/rutesentrerefugis.com\/wp-content\/uploads\/2023\/05\/Bikesketching-CAT700-06-300x201.jpg 300w, https:\/\/rutesentrerefugis.com\/wp-content\/uploads\/2023\/05\/Bikesketching-CAT700-06-768x515.jpg 768w\" sizes=\"(max-width: 1000px) 100vw, 1000px\" \/>\t\t\t\t\t\t\t\t\t\t\t\t\t\t\t<\/div>\n\t\t\t\t<\/div>\n\t\t\t\t\t<\/div>\n\t\t<\/div>\n\t\t\t\t<div class=\"elementor-column elementor-col-33 elementor-top-column elementor-element elementor-element-1f8e6b6\" data-id=\"1f8e6b6\" data-element_type=\"column\" data-e-type=\"column\">\n\t\t\t<div class=\"elementor-widget-wrap elementor-element-populated\">\n\t\t\t\t\t\t<div class=\"elementor-element elementor-element-2f354d5 elementor-widget elementor-widget-image\" data-id=\"2f354d5\" data-element_type=\"widget\" data-e-type=\"widget\" data-widget_type=\"image.default\">\n\t\t\t\t<div class=\"elementor-widget-container\">\n\t\t\t\t\t\t\t\t\t\t\t\t\t\t\t<img loading=\"lazy\" decoding=\"async\" width=\"1000\" height=\"670\" src=\"https:\/\/rutesentrerefugis.com\/wp-content\/uploads\/2023\/05\/Bikesketching-CAT700-07.jpg\" class=\"attachment-full size-full wp-image-17253\" alt=\"\" srcset=\"https:\/\/rutesentrerefugis.com\/wp-content\/uploads\/2023\/05\/Bikesketching-CAT700-07.jpg 1000w, https:\/\/rutesentrerefugis.com\/wp-content\/uploads\/2023\/05\/Bikesketching-CAT700-07-300x201.jpg 300w, https:\/\/rutesentrerefugis.com\/wp-content\/uploads\/2023\/05\/Bikesketching-CAT700-07-768x515.jpg 768w\" sizes=\"(max-width: 1000px) 100vw, 1000px\" \/>\t\t\t\t\t\t\t\t\t\t\t\t\t\t\t<\/div>\n\t\t\t\t<\/div>\n\t\t\t\t\t<\/div>\n\t\t<\/div>\n\t\t\t\t\t<\/div>\n\t\t<\/section>\n\t\t\t\t<section class=\"elementor-section elementor-top-section elementor-element elementor-element-b1874aa elementor-section-full_width elementor-section-height-default elementor-section-height-default\" data-id=\"b1874aa\" data-element_type=\"section\" data-e-type=\"section\">\n\t\t\t\t\t\t<div class=\"elementor-container elementor-column-gap-default\">\n\t\t\t\t\t<div class=\"elementor-column elementor-col-100 elementor-top-column elementor-element elementor-element-9694eda\" data-id=\"9694eda\" data-element_type=\"column\" data-e-type=\"column\">\n\t\t\t<div class=\"elementor-widget-wrap elementor-element-populated\">\n\t\t\t\t\t\t<div class=\"elementor-element elementor-element-07c2493 elementor-widget elementor-widget-text-editor\" data-id=\"07c2493\" data-element_type=\"widget\" data-e-type=\"widget\" data-widget_type=\"text-editor.default\">\n\t\t\t\t<div class=\"elementor-widget-container\">\n\t\t\t\t\t\t\t\t\t<h4><span style=\"color: #000000;\"><u>LLEGANDO A GESSA<\/u><\/span><\/h4>\n<h5>Camin Reiau arriba por la umbr\u00eda, pasado Camin des Banhs d&#8217;Arties, cambiamos de vertiente atravesando el Garona hacia la solana, en Gessa. Se sabe que Verdaguer deb\u00eda dormir aqu\u00ed, pero no se sabe d\u00f3nde, muy probablemente se aloj\u00f3 en la rector\u00eda, un caser\u00f3n del s. XVI.<\/br>\n<\/br>\nEntro por una rampa que se me hace larga (la subo arrastrando la bici), y en plena fachada veo unas ruedas de bici con flores colgando.<\/br>\n-\u00ab<em>Mira, aqu\u00ed vive un@ ciclista! Mira qu\u00e9 buena excusa, una pausa en la sombra<\/em>\u00ab.<\/br>\n<\/br>\nGasull dice: \u00ab<em>De este camino por Ar\u00e1n hechiza el paisaje, las iglesias, las casas, las torres, los tejados de cuatro vertientes, los balcones con flores y hechizo (&#8230;) redescubrir la viveza de la lengua occitana\u00bb.<\/em><\/br>\n<\/br>\nPaso la iglesia y sigo hacia Bagergue y Beret, tramo que tambi\u00e9n hizo Verdaguer el verano del siguiente a\u00f1o, en 1883. La subida es un mirador precioso, pero el sol cae a plomo y el aire es fuego. Vuelvo a andar, me faltan energ\u00edas. Yo ya no veo a otra ciclista (\u00abas\u00ed que ya soy la \u00faltima\u00bb pienso).<\/br>\n<\/br>\nPoco despu\u00e9s veo a la organizaci\u00f3n bajo la sombra del \u00fanico \u00e1rbol y M\u00f3nica viene a mi encuentro, acompa\u00f1\u00e1ndome un rato: parece que no soy la \u00faltima, el calor tambi\u00e9n pasa factura al resto de participantes. Veo las antenas de Beret \u00abVenga, que ya lo tengo\u00bb.<\/h5>\n<\/br>\n<h4><span style=\"color: #000000;\"><u>PLA DE BERET \u2013 La \u201cpeira lhevada\u201d, llamada \u201cPeira deth Uelh deth Garona\u201d<\/u><\/span><\/h4>\n<h5>Beret, \u00a1ya estoy! \u00a1Hace mucho tiempo que le ten\u00eda ganas a esta piedra!\u2026 1000 veces pasado, nunca dibujada.<\/br>\n<\/br>\nLa divisoria de aguas entre el Atl\u00e1ntico y el Mediterr\u00e1neo, entre el Garona y la Noguera Pallaresa.<\/br>\n<\/br>\nNo es un menhir, se considera un hito de referencia indicador de un lugar de paso desde tiempos muy antiguos. A 1.850 m de altitud, mide casi 2 metros de altura y 1,5 m de per\u00edmetro.<\/br>\n<\/br>\nVerdaguer en Beret nos habla de las piedras y le hace gracia el anagrama de los dos arroyos, el Garona y la Noguera: \u201cObert en forma de llibre immens de fulles verdes, que t\u00e9 ramades per lletres i alguns -pocs- penyals perduts entre l\u2019herba. (\u2026) All\u00ed naixen, a un quart de dist\u00e0ncia, la Noguera i lo Garona, quals son anagrama l\u2019un de l\u2019altre i els quals cursos segueixen direccions totalment oposades, com si es tinguessin por\u201c.<\/br>\n<\/br>\n<em>Noguera per Al\u00f3s \/ tot joguin\u00f3s,<\/br>\nGarona per Aran \/ tot rondinant.<\/em><\/br>\n(Canto VII de Canig\u00f3)<\/br>\n<\/br>\nBeret da para muchas historias, como la leyenda del aran\u00e9s listo prometiendo al alcalde de Burdeos hacer un puente de plata en el Garona con s\u00f3lo tres napoleones de plata. Pero la dejo para otro momento.<\/br>\n<\/br>\nDe nuevo, salto a la bici y hacia Montgarri, \u00a1todo bajada! Me conozco el camino, bien por la Marcha Beret de esqu\u00ed de fondo, bien por la traves\u00eda de monta\u00f1a Pass\u2019Aran entre las Valls d&#8217;Aran y Coserans.<\/h5>\t\t\t\t\t\t\t\t<\/div>\n\t\t\t\t<\/div>\n\t\t\t\t\t<\/div>\n\t\t<\/div>\n\t\t\t\t\t<\/div>\n\t\t<\/section>\n\t\t\t\t<section class=\"elementor-section elementor-top-section elementor-element elementor-element-e9207ed elementor-section-full_width elementor-section-height-default elementor-section-height-default\" data-id=\"e9207ed\" data-element_type=\"section\" data-e-type=\"section\">\n\t\t\t\t\t\t<div class=\"elementor-container elementor-column-gap-default\">\n\t\t\t\t\t<div class=\"elementor-column elementor-col-50 elementor-top-column elementor-element elementor-element-0d51cbd\" data-id=\"0d51cbd\" data-element_type=\"column\" data-e-type=\"column\">\n\t\t\t<div class=\"elementor-widget-wrap elementor-element-populated\">\n\t\t\t\t\t\t<div class=\"elementor-element elementor-element-c612840 elementor-widget elementor-widget-image\" data-id=\"c612840\" data-element_type=\"widget\" data-e-type=\"widget\" data-widget_type=\"image.default\">\n\t\t\t\t<div class=\"elementor-widget-container\">\n\t\t\t\t\t\t\t\t\t\t\t\t\t\t\t<img loading=\"lazy\" decoding=\"async\" width=\"1000\" height=\"1330\" src=\"https:\/\/rutesentrerefugis.com\/wp-content\/uploads\/2023\/05\/Bikesketching-CAT700-08.jpg\" class=\"attachment-full size-full wp-image-17268\" alt=\"\" srcset=\"https:\/\/rutesentrerefugis.com\/wp-content\/uploads\/2023\/05\/Bikesketching-CAT700-08.jpg 1000w, https:\/\/rutesentrerefugis.com\/wp-content\/uploads\/2023\/05\/Bikesketching-CAT700-08-226x300.jpg 226w, https:\/\/rutesentrerefugis.com\/wp-content\/uploads\/2023\/05\/Bikesketching-CAT700-08-770x1024.jpg 770w, https:\/\/rutesentrerefugis.com\/wp-content\/uploads\/2023\/05\/Bikesketching-CAT700-08-768x1021.jpg 768w\" sizes=\"(max-width: 1000px) 100vw, 1000px\" \/>\t\t\t\t\t\t\t\t\t\t\t\t\t\t\t<\/div>\n\t\t\t\t<\/div>\n\t\t\t\t\t<\/div>\n\t\t<\/div>\n\t\t\t\t<div class=\"elementor-column elementor-col-50 elementor-top-column elementor-element elementor-element-780c07a\" data-id=\"780c07a\" data-element_type=\"column\" data-e-type=\"column\">\n\t\t\t<div class=\"elementor-widget-wrap elementor-element-populated\">\n\t\t\t\t\t\t<div class=\"elementor-element elementor-element-bbcdf80 elementor-widget elementor-widget-image\" data-id=\"bbcdf80\" data-element_type=\"widget\" data-e-type=\"widget\" data-widget_type=\"image.default\">\n\t\t\t\t<div class=\"elementor-widget-container\">\n\t\t\t\t\t\t\t\t\t\t\t\t\t\t\t<img loading=\"lazy\" decoding=\"async\" width=\"1000\" height=\"1330\" src=\"https:\/\/rutesentrerefugis.com\/wp-content\/uploads\/2023\/05\/Bikesketching-CAT700-09.jpg\" class=\"attachment-full size-full wp-image-17269\" alt=\"\" srcset=\"https:\/\/rutesentrerefugis.com\/wp-content\/uploads\/2023\/05\/Bikesketching-CAT700-09.jpg 1000w, https:\/\/rutesentrerefugis.com\/wp-content\/uploads\/2023\/05\/Bikesketching-CAT700-09-226x300.jpg 226w, https:\/\/rutesentrerefugis.com\/wp-content\/uploads\/2023\/05\/Bikesketching-CAT700-09-770x1024.jpg 770w, https:\/\/rutesentrerefugis.com\/wp-content\/uploads\/2023\/05\/Bikesketching-CAT700-09-768x1021.jpg 768w\" sizes=\"(max-width: 1000px) 100vw, 1000px\" \/>\t\t\t\t\t\t\t\t\t\t\t\t\t\t\t<\/div>\n\t\t\t\t<\/div>\n\t\t\t\t\t<\/div>\n\t\t<\/div>\n\t\t\t\t\t<\/div>\n\t\t<\/section>\n\t\t\t\t<section class=\"elementor-section elementor-top-section elementor-element elementor-element-c249082 elementor-section-full_width elementor-section-height-default elementor-section-height-default\" data-id=\"c249082\" data-element_type=\"section\" data-e-type=\"section\">\n\t\t\t\t\t\t<div class=\"elementor-container elementor-column-gap-default\">\n\t\t\t\t\t<div class=\"elementor-column elementor-col-100 elementor-top-column elementor-element elementor-element-4461ffd\" data-id=\"4461ffd\" data-element_type=\"column\" data-e-type=\"column\">\n\t\t\t<div class=\"elementor-widget-wrap elementor-element-populated\">\n\t\t\t\t\t\t<div class=\"elementor-element elementor-element-ff57f12 elementor-widget elementor-widget-text-editor\" data-id=\"ff57f12\" data-element_type=\"widget\" data-e-type=\"widget\" data-widget_type=\"text-editor.default\">\n\t\t\t\t<div class=\"elementor-widget-container\">\n\t\t\t\t\t\t\t\t\t<h4><span style=\"color: #000000;\"><u>MONTGARRI<\/u><\/span><\/h4>\n<h5><em>\u00a1Por fin! El almuerzo!!!<\/em><\/br>\nJusto Llegando reconozco saliendo pista abajo otro ciclista de la CAT700. L\u00e1stima, no coincido.<\/br>\n<\/br>\nEn la terraza del patio hay bastantes ciclistas. Repaso las caras, pero ninguna \u00abde las m\u00edas\u00bb. Vuelve la sensaci\u00f3n \u00abYa no queda nadie\u00bb. Bien, a comer que hay hambre\u00bb.<\/br>\n<\/br>\nHago cola en la barra detr\u00e1s de una se\u00f1ora francesa con sandalias y pedicura muy glamurosas. En cambio, la educaci\u00f3n no la tiene tan pulida. No me gusta c\u00f3mo trata a la camarera. Pienso en la \u00abfauna\u00bb de Baqueira mientras paga.<\/br>\n<\/br>\n-\u00ab\u00a1Hola! Un bocadillo de at\u00fan por favor, y un Aquarius si tiene?&#8230; Y de paso, despu\u00e9s, \u00bfme podr\u00edas rellenar estos dos bidones con agua, por favor?\u00bb (Digo se\u00f1alando el grifo que tiene la chica delante).<\/br>\nPago los 10,50\u20ac por el bocadillo y la lata y oigo una voz que justo pasa detr\u00e1s de m\u00ed:<\/br>\n-\u00abSi quieres agua para los bidones, ah\u00ed fuera tienes un grifo\u00bb. (Vaya. Esto tampoco me gusta).<\/br>\n<\/br>\nMientras me lo zampo y dibujo me vuelve el buen humor. Y adem\u00e1s consigo no dejar huellas de aceite en el papel, \u00a1un milagro!<\/br>\n<\/br>\nLa puerta de la iglesia est\u00e1 abierta. Esta vez no entro. Verdaguer estuvo una noche en Montgarri en julio. El refugio actual era parte de la rector\u00eda y del hospital. Ven\u00eda de Al\u00f3s y de Isil. Yo voy en direcci\u00f3n contraria, de hecho como cuando Flordeneu lleva a Gentil a su lado Noguera abajo en el Canto del Canig\u00f3.<\/br>\n<\/br>\nPongo cera en la cadena de la bici, los caminos est\u00e1n demasiado secos y polvorientos. \u00a1Y hacia abajo que vien bajada!<\/br>\n<\/br>\nMe animo con tantas ganas pista abajo que el cuaderno de dibujos sale volando en alg\u00fan rebote de ra\u00edz, y no me doy cuenta. Aunque regreso pista arriba m\u00e1s tarde, no lo encontrar\u00e9. Quiz\u00e1s se lo ha comido alguna de las vacas que me he encontrado en el camino. Vale, me quedan las fotos y alg\u00fan papel blanco suelto. Bye-bye!<\/h5>\n<\/br>\n<h4><span style=\"color: #000000;\"><u>ESTERRI D&#8217;\u00c0NEU<\/u><\/span><\/h4>\n<h5>Llego a Esterri (km 85), donde Gasull nos recuerda de donde sali\u00f3 Francesc Sauci en 1725 hacia el Aneto. Fue el 1er intento de alcanzar la cima que tenemos registrada, y frustrado.<\/br>\nQuer\u00eda comprobar la leyenda de las Male\u00efdas con el hechizo de los reba\u00f1os y de los pastores. A media cuesta de la cima ya no necesitaban seguir. Estaban suficientemente cerca para confirmar que la leyenda era cierta: \u00abhab\u00eda siete mil cabezas de ganado petrificadas en la cresta de la monta\u00f1a\u00bb.<\/br>\n<\/br>\nVerdaguer tambi\u00e9n hizo noche aqu\u00ed (yo voy pista abajo, he tardado poco rato). Pedaleo siguiendo la izquierda del pantano, por la carretera de Berr\u00f3s hacia el puente de la Torrassa, y la presa, pero no veo el Mazo de Rolando (la barra de unos 8 palmos de largo) que nos menciona. Ahora la han trasladado un poco m\u00e1s arriba, junto a la carretera principal.<\/br>\n<\/br>\n\u00ab<em>Tot passant pel pla d&#8217;Esterri, \/ Pel cam\u00ed que baixa a Gerri,\nMalclavada en un llis d&#8217;herba, \/ Ha obirat f\u00e8rria i superba\nLa gran Ma\u00e7a de Roland<\/em>\u00ab.<\/br>\n<\/br>\nQuienes s\u00ed veo -ilusionada- son las caras conocidas de la organizaci\u00f3n y un mont\u00f3n de otros ciclistas de la CAT700. \u00a1Cu\u00e1nta gente! Tambi\u00e9n han hecho parada por el camino&#8230; ellos por una cerveza.<\/br>\n<\/br>\nEn la gasolinera del cruce doy manguerazo a la bici, y aqu\u00ed me despido de Jacint Verdaguer, subiendo carretera arriba, ahora somos unos cuantos juntos.<\/br>\n<\/br>\nLos 2 \u00faltimos kil\u00f3metros a Espot se me hacen eternos, llevo 2.500m de desnivel acumulado en 100 km y creo que toca volver a comer. Intento comprar una libreta nueva (no lo consigo) y hacemos noche en el Albergue Les Daines. Ducha, cena en compa\u00f1\u00eda y al d\u00eda siguiente a continuar la aventura de bikepacking, autosuficiencia, larga distancia y dibujada. Ser\u00e1 el 2\u00ba tramo m\u00e1s esperado de este reto: la traves\u00eda hacia el Triad\u00f3 y la Vall Fosca.<\/h5>\t\t\t\t\t\t\t\t<\/div>\n\t\t\t\t<\/div>\n\t\t\t\t\t<\/div>\n\t\t<\/div>\n\t\t\t\t\t<\/div>\n\t\t<\/section>\n\t\t\t\t<section class=\"elementor-section elementor-top-section elementor-element elementor-element-c0a60ee elementor-section-full_width elementor-section-height-default elementor-section-height-default\" data-id=\"c0a60ee\" data-element_type=\"section\" data-e-type=\"section\">\n\t\t\t\t\t\t<div class=\"elementor-container elementor-column-gap-default\">\n\t\t\t\t\t<div class=\"elementor-column elementor-col-100 elementor-top-column elementor-element elementor-element-27f3781\" data-id=\"27f3781\" data-element_type=\"column\" data-e-type=\"column\">\n\t\t\t<div class=\"elementor-widget-wrap elementor-element-populated\">\n\t\t\t\t\t\t<div class=\"elementor-element elementor-element-4268377 elementor-widget elementor-widget-image\" data-id=\"4268377\" data-element_type=\"widget\" data-e-type=\"widget\" data-widget_type=\"image.default\">\n\t\t\t\t<div class=\"elementor-widget-container\">\n\t\t\t\t\t\t\t\t\t\t\t\t\t\t\t<img loading=\"lazy\" decoding=\"async\" width=\"2000\" height=\"1160\" src=\"https:\/\/rutesentrerefugis.com\/wp-content\/uploads\/2023\/05\/Bikesketching-CAT700-10.jpg\" class=\"attachment-full size-full wp-image-17277\" alt=\"\" srcset=\"https:\/\/rutesentrerefugis.com\/wp-content\/uploads\/2023\/05\/Bikesketching-CAT700-10.jpg 2000w, https:\/\/rutesentrerefugis.com\/wp-content\/uploads\/2023\/05\/Bikesketching-CAT700-10-300x174.jpg 300w, https:\/\/rutesentrerefugis.com\/wp-content\/uploads\/2023\/05\/Bikesketching-CAT700-10-1024x594.jpg 1024w, https:\/\/rutesentrerefugis.com\/wp-content\/uploads\/2023\/05\/Bikesketching-CAT700-10-768x445.jpg 768w, https:\/\/rutesentrerefugis.com\/wp-content\/uploads\/2023\/05\/Bikesketching-CAT700-10-1536x891.jpg 1536w\" sizes=\"(max-width: 2000px) 100vw, 2000px\" \/>\t\t\t\t\t\t\t\t\t\t\t\t\t\t\t<\/div>\n\t\t\t\t<\/div>\n\t\t\t\t\t<\/div>\n\t\t<\/div>\n\t\t\t\t\t<\/div>\n\t\t<\/section>\n\t\t\t\t<section class=\"elementor-section elementor-top-section elementor-element elementor-element-3c121d0 elementor-section-full_width elementor-section-height-default elementor-section-height-default\" data-id=\"3c121d0\" data-element_type=\"section\" data-e-type=\"section\">\n\t\t\t\t\t\t<div class=\"elementor-container elementor-column-gap-default\">\n\t\t\t\t\t<div class=\"elementor-column elementor-col-100 elementor-top-column elementor-element elementor-element-46bc759\" data-id=\"46bc759\" data-element_type=\"column\" data-e-type=\"column\">\n\t\t\t<div class=\"elementor-widget-wrap elementor-element-populated\">\n\t\t\t\t\t\t<div class=\"elementor-element elementor-element-bcc3f56 elementor-widget elementor-widget-text-editor\" data-id=\"bcc3f56\" data-element_type=\"widget\" data-e-type=\"widget\" data-widget_type=\"text-editor.default\">\n\t\t\t\t<div class=\"elementor-widget-container\">\n\t\t\t\t\t\t\t\t\t<h4><span style=\"color: #000000;\"><u>EL COLL: LA CREU D&#8217;EIXOL<\/u><\/span><\/h4><h5>De esos parajes que flipas, ya 2.231 m. Merecen una pausa para disfrutar unos instantes m\u00e1s &#8211; o tomar aire despu\u00e9s de los 7 km de subida.<br \/><br \/>Pau y Christian tambi\u00e9n se han parado poco antes de llegar yo. Dando un bocado me cuentan con pena que se pierden una competici\u00f3n de sus hijas peque\u00f1as. El yin y el yan.<br \/><br \/>&#8211; Hasta luego Nuri!<br \/>&#8211; Saldr\u00e9is en el dibujo.<br \/>&#8211; \u00bfNos dibujar\u00e1s?<br \/>&#8211; S\u00ed. Ser\u00e9is dos puntitos (digo riendo).<br \/><br \/>Y salen direcci\u00f3n al refugio forestal Quatrepins (yo no ver\u00e9 ning\u00fan pino)<\/h5><p>\u00a0<\/p><h4><span style=\"color: #000000;\"><u>HACIA EL TRIAD\u00d3, PISTA DE ESPOT A LLESSUI<\/u><\/span><\/h4><h5>ES \u2013 PEC \u2013 TA &#8211; CU \u2013 LAR<br \/>Es grandioso. Serra dels Estanyets, Serravilla y Serrat de Mainera el \u00faltimo tramo.<br \/><br \/>Vuelvo a detenerme. No puedo evitar dejar de hacerme una mancha r\u00e1pida con ceras mientras veo a mis compa\u00f1eros pedaleando por la pista travesera. \u00a1Ya recuperar\u00e9 tiempo bajando!<br \/><br \/>En el Salto de Agua Mainera no me gusta ver un 4&#215;4 junto a una se\u00f1al de Parking (\u00bfes necesario?, \u00bfaqu\u00ed??) y unos excursionistas dando un bocado sobre la mesa de picnic. (Si quieren hacer una excursi\u00f3n, \u00bfpor qu\u00e9 no van caminando?). Es un lugar precioso: por un lado el arroyo desaparece en el vac\u00edo, por el otro, m\u00e1s arriba, la cascada.<br \/><br \/>Desciendo el Triad\u00f3 con precauci\u00f3n, no quiero romper ning\u00fan radio: mil lazadas en vertical y piedra ferruginosa de rojo intenso. En Torre de Capdella, mientras me como un pl\u00e1tano, me entero de que Mario, m\u00e1s adelante, tiene un golpe de calor y no se encuentra bien. Me voy a encontrarlo y le acompa\u00f1o. Ahora tenemos bastante tramo de carretera tranquilo.<br \/><br \/>El d\u00eda avanza, el calor sube, as\u00ed como las terribles columnas de humo del fuego de Artesa. Nuevo cambio de recorrido a causa de los incendios. El coraz\u00f3n se nos encoge.<br \/><br \/>Al d\u00eda siguiente bajada r\u00e1pida entre las paredes de Terradets, y despu\u00e9s las llanuras hacia T\u00e0rrega. Hemos pasado del verde monta\u00f1oso del d\u00eda anterior a las llanuras doradas de cereales, un contraste cegador. Pero el term\u00f3metro no nos da tregua y sube entre los 40 y 48 grados. Hemos coincidido con unos d\u00edas de extremo calor. No me siento con \u00e1nimo de dibujar y Mario tiene que dejarlo en T\u00e0rrega, tiene mal cuerpo. Nos volvemos a separar.<br \/><br \/>En Vallbona de les Monges un colorido p\u00e1jaro carpintero te da la bienvenida. Es el magn\u00edfico mural de Swen Schmitz Coll, el ilustrador de p\u00e1jaros.<\/h5>\t\t\t\t\t\t\t\t<\/div>\n\t\t\t\t<\/div>\n\t\t\t\t\t<\/div>\n\t\t<\/div>\n\t\t\t\t\t<\/div>\n\t\t<\/section>\n\t\t\t\t<section class=\"elementor-section elementor-top-section elementor-element elementor-element-f0ec9ec elementor-section-full_width elementor-section-height-default elementor-section-height-default\" data-id=\"f0ec9ec\" data-element_type=\"section\" data-e-type=\"section\">\n\t\t\t\t\t\t<div class=\"elementor-container elementor-column-gap-default\">\n\t\t\t\t\t<div class=\"elementor-column elementor-col-33 elementor-top-column elementor-element elementor-element-3798a83\" data-id=\"3798a83\" data-element_type=\"column\" data-e-type=\"column\">\n\t\t\t<div class=\"elementor-widget-wrap elementor-element-populated\">\n\t\t\t\t\t\t<div class=\"elementor-element elementor-element-24ff497 elementor-widget elementor-widget-image\" data-id=\"24ff497\" data-element_type=\"widget\" data-e-type=\"widget\" data-widget_type=\"image.default\">\n\t\t\t\t<div class=\"elementor-widget-container\">\n\t\t\t\t\t\t\t\t\t\t\t\t\t\t\t<img loading=\"lazy\" decoding=\"async\" width=\"1000\" height=\"750\" src=\"https:\/\/rutesentrerefugis.com\/wp-content\/uploads\/2023\/05\/Bikesketching-CAT700-11.jpg\" class=\"attachment-full size-full wp-image-17282\" alt=\"\" srcset=\"https:\/\/rutesentrerefugis.com\/wp-content\/uploads\/2023\/05\/Bikesketching-CAT700-11.jpg 1000w, https:\/\/rutesentrerefugis.com\/wp-content\/uploads\/2023\/05\/Bikesketching-CAT700-11-300x225.jpg 300w, https:\/\/rutesentrerefugis.com\/wp-content\/uploads\/2023\/05\/Bikesketching-CAT700-11-768x576.jpg 768w\" sizes=\"(max-width: 1000px) 100vw, 1000px\" \/>\t\t\t\t\t\t\t\t\t\t\t\t\t\t\t<\/div>\n\t\t\t\t<\/div>\n\t\t\t\t\t<\/div>\n\t\t<\/div>\n\t\t\t\t<div class=\"elementor-column elementor-col-33 elementor-top-column elementor-element elementor-element-dcde142\" data-id=\"dcde142\" data-element_type=\"column\" data-e-type=\"column\">\n\t\t\t<div class=\"elementor-widget-wrap elementor-element-populated\">\n\t\t\t\t\t\t<div class=\"elementor-element elementor-element-732ad01 elementor-widget elementor-widget-image\" data-id=\"732ad01\" data-element_type=\"widget\" data-e-type=\"widget\" data-widget_type=\"image.default\">\n\t\t\t\t<div class=\"elementor-widget-container\">\n\t\t\t\t\t\t\t\t\t\t\t\t\t\t\t<img loading=\"lazy\" decoding=\"async\" width=\"1000\" height=\"750\" src=\"https:\/\/rutesentrerefugis.com\/wp-content\/uploads\/2023\/05\/Bikesketching-CAT700-12.jpg\" class=\"attachment-full size-full wp-image-17283\" alt=\"\" srcset=\"https:\/\/rutesentrerefugis.com\/wp-content\/uploads\/2023\/05\/Bikesketching-CAT700-12.jpg 1000w, https:\/\/rutesentrerefugis.com\/wp-content\/uploads\/2023\/05\/Bikesketching-CAT700-12-300x225.jpg 300w, https:\/\/rutesentrerefugis.com\/wp-content\/uploads\/2023\/05\/Bikesketching-CAT700-12-768x576.jpg 768w\" sizes=\"(max-width: 1000px) 100vw, 1000px\" \/>\t\t\t\t\t\t\t\t\t\t\t\t\t\t\t<\/div>\n\t\t\t\t<\/div>\n\t\t\t\t\t<\/div>\n\t\t<\/div>\n\t\t\t\t<div class=\"elementor-column elementor-col-33 elementor-top-column elementor-element elementor-element-9cffb82\" data-id=\"9cffb82\" data-element_type=\"column\" data-e-type=\"column\">\n\t\t\t<div class=\"elementor-widget-wrap elementor-element-populated\">\n\t\t\t\t\t\t<div class=\"elementor-element elementor-element-2e23a68 elementor-widget elementor-widget-image\" data-id=\"2e23a68\" data-element_type=\"widget\" data-e-type=\"widget\" data-widget_type=\"image.default\">\n\t\t\t\t<div class=\"elementor-widget-container\">\n\t\t\t\t\t\t\t\t\t\t\t\t\t\t\t<img loading=\"lazy\" decoding=\"async\" width=\"1000\" height=\"750\" src=\"https:\/\/rutesentrerefugis.com\/wp-content\/uploads\/2023\/05\/Bikesketching-CAT700-13-2.jpg\" class=\"attachment-full size-full wp-image-17285\" alt=\"\" srcset=\"https:\/\/rutesentrerefugis.com\/wp-content\/uploads\/2023\/05\/Bikesketching-CAT700-13-2.jpg 1000w, https:\/\/rutesentrerefugis.com\/wp-content\/uploads\/2023\/05\/Bikesketching-CAT700-13-2-300x225.jpg 300w, https:\/\/rutesentrerefugis.com\/wp-content\/uploads\/2023\/05\/Bikesketching-CAT700-13-2-768x576.jpg 768w\" sizes=\"(max-width: 1000px) 100vw, 1000px\" \/>\t\t\t\t\t\t\t\t\t\t\t\t\t\t\t<\/div>\n\t\t\t\t<\/div>\n\t\t\t\t\t<\/div>\n\t\t<\/div>\n\t\t\t\t\t<\/div>\n\t\t<\/section>\n\t\t\t\t<section class=\"elementor-section elementor-top-section elementor-element elementor-element-92d6fb9 elementor-section-full_width elementor-section-height-default elementor-section-height-default\" data-id=\"92d6fb9\" data-element_type=\"section\" data-e-type=\"section\">\n\t\t\t\t\t\t<div class=\"elementor-container elementor-column-gap-default\">\n\t\t\t\t\t<div class=\"elementor-column elementor-col-100 elementor-top-column elementor-element elementor-element-80ab529\" data-id=\"80ab529\" data-element_type=\"column\" data-e-type=\"column\">\n\t\t\t<div class=\"elementor-widget-wrap elementor-element-populated\">\n\t\t\t\t\t\t<div class=\"elementor-element elementor-element-dbd5d60 elementor-widget elementor-widget-text-editor\" data-id=\"dbd5d60\" data-element_type=\"widget\" data-e-type=\"widget\" data-widget_type=\"text-editor.default\">\n\t\t\t\t<div class=\"elementor-widget-container\">\n\t\t\t\t\t\t\t\t\t<h4><span style=\"color: #000000;\"><u>DE POBLET A PRADES<\/u><\/span><\/h4><h5>Por la ma\u00f1ana bordeamos el majestuoso monasterio cisterciense de Poblet entre vi\u00f1edos y la c\u00e1mara de Eliseu, esquivando ramas arrancadas por el viento de la noche anterior. Cisterciense. Me vienen a la cabeza las ruinas escondidas de Valldaura, en Collserola, de donde salieron los monjes que levantaron Santes Creus. Me pregunto: \u00bfCu\u00e1ndo se fund\u00f3 Poblet?, \u00bfantes o despu\u00e9s que Valldaura? Tomo nota mental para mirarlo m\u00e1s tarde.(*)<br \/><br \/>(*) Valldaura (Collserola) y Poblet fueron paralelos: en 1150. El primero con monjes tra\u00eddos venir por el se\u00f1or de Montcada desde Tolosa de Languedoc y el segundo venidos, venir de Fontfreda (Narbona) por deseo del conde Berenguer de Barcelona.<br \/><br \/>Los kil\u00f3metros avanzan r\u00e1pidamente, voy haciendo v\u00eda. En el bosque (m\u00e1gico) de Poblet -Paraje Natural Protegido- un duende (Gen\u00eds Colell) ha dibujado grandes setas en los \u00e1rboles. La oronjael n\u00edscalo, el parasol&#8230; y sigo subiendo al refugio libre de la Era de Noguers. De ah\u00ed bajada r\u00e1pida hacia Prades, hay hambre.<br \/><br \/>En Prades (km 357) almuerzo unas alb\u00f3ndigas con sepia que han entrado de maravilla. Y un clara fresquita. Ferran -multirepetidor de la CAT700- trabaja a la sombra de un \u00e1rbol: &#8211; \u00ab\u00a1yo unos pies de cerdo!\u00bb<br \/><br \/>Se nos acerca un abuelo, curioso de ver qu\u00e9 hacemos en el banco:<br \/>-Me vendo 60 a\u00f1os&#8230; y bien de precio, \u00bfeh?<br \/>-\u00a1Qu\u00e9 buena idea! (contestamos)<br \/>&#8211; S\u00ed. Pero nadie me los ha comprado todav\u00eda.<\/h5>\t\t\t\t\t\t\t\t<\/div>\n\t\t\t\t<\/div>\n\t\t\t\t\t<\/div>\n\t\t<\/div>\n\t\t\t\t\t<\/div>\n\t\t<\/section>\n\t\t\t\t<section class=\"elementor-section elementor-top-section elementor-element elementor-element-e1233f4 elementor-section-full_width elementor-section-height-default elementor-section-height-default\" data-id=\"e1233f4\" data-element_type=\"section\" data-e-type=\"section\">\n\t\t\t\t\t\t<div class=\"elementor-container elementor-column-gap-default\">\n\t\t\t\t\t<div class=\"elementor-column elementor-col-50 elementor-top-column elementor-element elementor-element-de9a294\" data-id=\"de9a294\" data-element_type=\"column\" data-e-type=\"column\">\n\t\t\t<div class=\"elementor-widget-wrap elementor-element-populated\">\n\t\t\t\t\t\t<div class=\"elementor-element elementor-element-d9781b7 elementor-widget elementor-widget-image\" data-id=\"d9781b7\" data-element_type=\"widget\" data-e-type=\"widget\" data-widget_type=\"image.default\">\n\t\t\t\t<div class=\"elementor-widget-container\">\n\t\t\t\t\t\t\t\t\t\t\t\t\t\t\t<img loading=\"lazy\" decoding=\"async\" width=\"1000\" height=\"750\" src=\"https:\/\/rutesentrerefugis.com\/wp-content\/uploads\/2023\/05\/Bikesketching-CAT700-14.jpg\" class=\"attachment-full size-full wp-image-17292\" alt=\"\" srcset=\"https:\/\/rutesentrerefugis.com\/wp-content\/uploads\/2023\/05\/Bikesketching-CAT700-14.jpg 1000w, https:\/\/rutesentrerefugis.com\/wp-content\/uploads\/2023\/05\/Bikesketching-CAT700-14-300x225.jpg 300w, https:\/\/rutesentrerefugis.com\/wp-content\/uploads\/2023\/05\/Bikesketching-CAT700-14-768x576.jpg 768w\" sizes=\"(max-width: 1000px) 100vw, 1000px\" \/>\t\t\t\t\t\t\t\t\t\t\t\t\t\t\t<\/div>\n\t\t\t\t<\/div>\n\t\t\t\t\t<\/div>\n\t\t<\/div>\n\t\t\t\t<div class=\"elementor-column elementor-col-50 elementor-top-column elementor-element elementor-element-7e9ba80\" data-id=\"7e9ba80\" data-element_type=\"column\" data-e-type=\"column\">\n\t\t\t<div class=\"elementor-widget-wrap elementor-element-populated\">\n\t\t\t\t\t\t<div class=\"elementor-element elementor-element-c176ad3 elementor-widget elementor-widget-image\" data-id=\"c176ad3\" data-element_type=\"widget\" data-e-type=\"widget\" data-widget_type=\"image.default\">\n\t\t\t\t<div class=\"elementor-widget-container\">\n\t\t\t\t\t\t\t\t\t\t\t\t\t\t\t<img loading=\"lazy\" decoding=\"async\" width=\"1000\" height=\"750\" src=\"https:\/\/rutesentrerefugis.com\/wp-content\/uploads\/2023\/05\/Bikesketching-CAT700-15.jpg\" class=\"attachment-full size-full wp-image-17293\" alt=\"\" srcset=\"https:\/\/rutesentrerefugis.com\/wp-content\/uploads\/2023\/05\/Bikesketching-CAT700-15.jpg 1000w, https:\/\/rutesentrerefugis.com\/wp-content\/uploads\/2023\/05\/Bikesketching-CAT700-15-300x225.jpg 300w, https:\/\/rutesentrerefugis.com\/wp-content\/uploads\/2023\/05\/Bikesketching-CAT700-15-768x576.jpg 768w\" sizes=\"(max-width: 1000px) 100vw, 1000px\" \/>\t\t\t\t\t\t\t\t\t\t\t\t\t\t\t<\/div>\n\t\t\t\t<\/div>\n\t\t\t\t\t<\/div>\n\t\t<\/div>\n\t\t\t\t\t<\/div>\n\t\t<\/section>\n\t\t\t\t<section class=\"elementor-section elementor-top-section elementor-element elementor-element-4b46c63 elementor-section-full_width elementor-section-height-default elementor-section-height-default\" data-id=\"4b46c63\" data-element_type=\"section\" data-e-type=\"section\">\n\t\t\t\t\t\t<div class=\"elementor-container elementor-column-gap-default\">\n\t\t\t\t\t<div class=\"elementor-column elementor-col-100 elementor-top-column elementor-element elementor-element-f5b5d2e\" data-id=\"f5b5d2e\" data-element_type=\"column\" data-e-type=\"column\">\n\t\t\t<div class=\"elementor-widget-wrap elementor-element-populated\">\n\t\t\t\t\t\t<div class=\"elementor-element elementor-element-afb351b elementor-widget elementor-widget-text-editor\" data-id=\"afb351b\" data-element_type=\"widget\" data-e-type=\"widget\" data-widget_type=\"text-editor.default\">\n\t\t\t\t<div class=\"elementor-widget-container\">\n\t\t\t\t\t\t\t\t\t<h4><span style=\"color: #000000;\"><u>AI EL MONTSANT, &#8230; TIERRA DE VI\u00d1AS<\/u><\/span><\/h4><h5>La brisa sube del valle y trae olor a vi\u00f1edo. Ya se ol\u00eda por la ma\u00f1ana con el roc\u00edo, bajando a la Espluga de Francol\u00ed, y a\u00fan ahora, pasado mediod\u00eda y Cornudella de Montsant, que el calor -y las chicharras- est\u00e1n en su punto \u00e1lgido. El aire refresca un poco, a diferencia de los \u00faltimos d\u00edas.<br \/><br \/>Me detengo en la puerta de una bodega (km 375). Un murete de piedra seca me hace de mesita. Creo que voy bien de tiempo (creo que estoy equivocada) y hago otro dibujo, a la sombra se est\u00e1 bien.<br \/><br \/>\u00a1Y ser\u00e1 el \u00faltimo! Ostras que las tierras del Priorat son un sube-baja ciclista constante. Aquellos kil\u00f3metros que nunca avanzan, piedra suelta&#8230; cometo un error en un cruce y me toca rehacer un subid\u00f3n cementado derecho como un bast\u00f3n. Sigo, pero los colores, ya no saldr\u00e1n m\u00e1s de la bolsa.<\/h5><p>\u00a0<\/p><h4><span style=\"color: #000000;\"><u>LLEGANDO AL DELTA<\/u><\/span><\/h4><h5>A partir de aqu\u00ed no me entretengo y no dibujo m\u00e1s, no quiero que la organizaci\u00f3n tenga que esperarme. Y me cuesta, porque los acantilados de Tivissa (km 436) y las vistas bajando al Perell\u00f3 (\u00a1vemos el mar por primera vez!) son brutales. Me cruzo con ciclistas de paseo, la mayor\u00eda extranjeros.<br \/><br \/>En Amposta (km 493) cae una horchata fresca, que es mejor euf\u00f3rico que cualquier otro gel energ\u00e9tico, y me dejo llevar por el paseo de ribera junto al Ebro. Me asombran los kil\u00f3metros de t\u00fanel vegetal de sombra que tienen en recuperaci\u00f3n. Deja entrever a un lado el r\u00edo, en el otro los arrozales&#8230; estos arrozales de un verde vibrante, vivos, interminables. Por el camino paso un par de compa\u00f1eros parados en un banco, dir\u00eda que quieren darse un ba\u00f1o. Se est\u00e1 bien.<br \/><br \/>La guinda del pastel es el sendero ratonero junto a la playa, donde me viene a encontrar de nuevo M\u00f3nica con la bici. Me vuelve a acompa\u00f1ar los \u00faltimos metros hasta la llegada, donde me espera Mario.<br \/><br \/>\u00a1Ya estoy!, reto logrado. \u00a1Qu\u00e9 bien me lo he pasado!<br \/><br \/>Una maravilla de recorrido y paisajes diversos, de compa\u00f1eros, organizaci\u00f3n impecable&#8230; y los 2 retos logrados a pesar de los obst\u00e1culos. Ahora voy a pensar alg\u00fan reto m\u00e1s para la pr\u00f3xima edici\u00f3n.<\/h5>\t\t\t\t\t\t\t\t<\/div>\n\t\t\t\t<\/div>\n\t\t\t\t\t<\/div>\n\t\t<\/div>\n\t\t\t\t\t<\/div>\n\t\t<\/section>\n\t\t\t\t<section class=\"elementor-section elementor-top-section elementor-element elementor-element-7910f3d elementor-section-full_width elementor-section-height-default elementor-section-height-default\" data-id=\"7910f3d\" data-element_type=\"section\" data-e-type=\"section\">\n\t\t\t\t\t\t<div class=\"elementor-container elementor-column-gap-default\">\n\t\t\t\t\t<div class=\"elementor-column elementor-col-50 elementor-top-column elementor-element elementor-element-7d21df8\" data-id=\"7d21df8\" data-element_type=\"column\" data-e-type=\"column\">\n\t\t\t<div class=\"elementor-widget-wrap elementor-element-populated\">\n\t\t\t\t\t\t<div class=\"elementor-element elementor-element-cac914e elementor-widget elementor-widget-image\" data-id=\"cac914e\" data-element_type=\"widget\" data-e-type=\"widget\" data-widget_type=\"image.default\">\n\t\t\t\t<div class=\"elementor-widget-container\">\n\t\t\t\t\t\t\t\t\t\t\t\t\t\t\t<img loading=\"lazy\" decoding=\"async\" width=\"1000\" height=\"750\" src=\"https:\/\/rutesentrerefugis.com\/wp-content\/uploads\/2023\/05\/Bikesketching-CAT700-16.jpg\" class=\"attachment-full size-full wp-image-17300\" alt=\"\" srcset=\"https:\/\/rutesentrerefugis.com\/wp-content\/uploads\/2023\/05\/Bikesketching-CAT700-16.jpg 1000w, https:\/\/rutesentrerefugis.com\/wp-content\/uploads\/2023\/05\/Bikesketching-CAT700-16-300x225.jpg 300w, https:\/\/rutesentrerefugis.com\/wp-content\/uploads\/2023\/05\/Bikesketching-CAT700-16-768x576.jpg 768w\" sizes=\"(max-width: 1000px) 100vw, 1000px\" \/>\t\t\t\t\t\t\t\t\t\t\t\t\t\t\t<\/div>\n\t\t\t\t<\/div>\n\t\t\t\t\t<\/div>\n\t\t<\/div>\n\t\t\t\t<div class=\"elementor-column elementor-col-50 elementor-top-column elementor-element elementor-element-5bcd0c0\" data-id=\"5bcd0c0\" data-element_type=\"column\" data-e-type=\"column\">\n\t\t\t<div class=\"elementor-widget-wrap elementor-element-populated\">\n\t\t\t\t\t\t<div class=\"elementor-element elementor-element-0448671 elementor-widget elementor-widget-image\" data-id=\"0448671\" data-element_type=\"widget\" data-e-type=\"widget\" data-widget_type=\"image.default\">\n\t\t\t\t<div class=\"elementor-widget-container\">\n\t\t\t\t\t\t\t\t\t\t\t\t\t\t\t<img loading=\"lazy\" decoding=\"async\" width=\"1000\" height=\"750\" src=\"https:\/\/rutesentrerefugis.com\/wp-content\/uploads\/2023\/05\/Bikesketching-CAT700-17.jpg\" class=\"attachment-full size-full wp-image-17301\" alt=\"\" srcset=\"https:\/\/rutesentrerefugis.com\/wp-content\/uploads\/2023\/05\/Bikesketching-CAT700-17.jpg 1000w, https:\/\/rutesentrerefugis.com\/wp-content\/uploads\/2023\/05\/Bikesketching-CAT700-17-300x225.jpg 300w, https:\/\/rutesentrerefugis.com\/wp-content\/uploads\/2023\/05\/Bikesketching-CAT700-17-768x576.jpg 768w\" sizes=\"(max-width: 1000px) 100vw, 1000px\" \/>\t\t\t\t\t\t\t\t\t\t\t\t\t\t\t<\/div>\n\t\t\t\t<\/div>\n\t\t\t\t\t<\/div>\n\t\t<\/div>\n\t\t\t\t\t<\/div>\n\t\t<\/section>\n\t\t\t\t<section class=\"elementor-section elementor-top-section elementor-element elementor-element-9f6bdbb elementor-section-full_width elementor-section-height-default elementor-section-height-default\" data-id=\"9f6bdbb\" data-element_type=\"section\" data-e-type=\"section\">\n\t\t\t\t\t\t<div class=\"elementor-container elementor-column-gap-default\">\n\t\t\t\t\t<div class=\"elementor-column elementor-col-100 elementor-top-column elementor-element elementor-element-e09be1a\" data-id=\"e09be1a\" data-element_type=\"column\" data-e-type=\"column\">\n\t\t\t<div class=\"elementor-widget-wrap elementor-element-populated\">\n\t\t\t\t\t\t<div class=\"elementor-element elementor-element-fdd11e1 elementor-widget elementor-widget-text-editor\" data-id=\"fdd11e1\" data-element_type=\"widget\" data-e-type=\"widget\" data-widget_type=\"text-editor.default\">\n\t\t\t\t<div class=\"elementor-widget-container\">\n\t\t\t\t\t\t\t\t\t<h5><span style=\"color: #000000;\"><u>PARA <em>A<\/em> LOS QUE LES GUSTAN LAS ESTAD\u00cdSTICAS<\/u><\/span><\/h5><h6>530 kil\u00f3metros<br \/>Casi 9000 m de desnivel acumulado<br \/>12 dibujos en ruta<br \/>1 cuaderno de viaje perdido<br \/>4 d\u00edas y medio en ruta<br \/>0 vivacs<br \/>0 problemas mec\u00e1nicos<br \/>Catalunya cruzada de cabo a rabo (o de rabo a cabo)<\/h6><p>Nuri Galbe: @bikesketching<br \/>Para saber m\u00e1s de la aventura de Verdaguer en el Aneto: <a href=\"https:\/\/maleida1882.wordpress.com\/\" target=\"_blank\" rel=\"noopener\">https:\/\/maleida1882.wordpress.com\/<\/a><\/p>\t\t\t\t\t\t\t\t<\/div>\n\t\t\t\t<\/div>\n\t\t\t\t\t<\/div>\n\t\t<\/div>\n\t\t\t\t\t<\/div>\n\t\t<\/section>\n\t\t\t\t<section class=\"elementor-section elementor-top-section elementor-element elementor-element-43fdae4 elementor-section-full_width elementor-section-height-default elementor-section-height-default\" data-id=\"43fdae4\" data-element_type=\"section\" data-e-type=\"section\">\n\t\t\t\t\t\t<div class=\"elementor-container elementor-column-gap-default\">\n\t\t\t\t\t<div class=\"elementor-column elementor-col-100 elementor-top-column elementor-element elementor-element-4d8f465\" data-id=\"4d8f465\" data-element_type=\"column\" data-e-type=\"column\">\n\t\t\t<div class=\"elementor-widget-wrap elementor-element-populated\">\n\t\t\t\t\t\t<div class=\"elementor-element elementor-element-d1f5194 elementor-widget elementor-widget-spacer\" data-id=\"d1f5194\" data-element_type=\"widget\" data-e-type=\"widget\" data-widget_type=\"spacer.default\">\n\t\t\t\t<div class=\"elementor-widget-container\">\n\t\t\t\t\t\t\t<div class=\"elementor-spacer\">\n\t\t\t<div class=\"elementor-spacer-inner\"><\/div>\n\t\t<\/div>\n\t\t\t\t\t\t<\/div>\n\t\t\t\t<\/div>\n\t\t\t\t\t<\/div>\n\t\t<\/div>\n\t\t\t\t\t<\/div>\n\t\t<\/section>\n\t\t\t\t<section class=\"elementor-section elementor-top-section elementor-element elementor-element-7326131 elementor-section-full_width elementor-section-height-default elementor-section-height-default\" data-id=\"7326131\" data-element_type=\"section\" data-e-type=\"section\" data-settings=\"{&quot;background_background&quot;:&quot;classic&quot;}\">\n\t\t\t\t\t\t<div class=\"elementor-container elementor-column-gap-default\">\n\t\t\t\t\t<div class=\"elementor-column elementor-col-100 elementor-top-column elementor-element elementor-element-93725fa\" data-id=\"93725fa\" data-element_type=\"column\" data-e-type=\"column\">\n\t\t\t<div class=\"elementor-widget-wrap elementor-element-populated\">\n\t\t\t\t\t\t<div class=\"elementor-element elementor-element-3aa8fee elementor-widget elementor-widget-image\" data-id=\"3aa8fee\" data-element_type=\"widget\" data-e-type=\"widget\" data-widget_type=\"image.default\">\n\t\t\t\t<div class=\"elementor-widget-container\">\n\t\t\t\t\t\t\t\t\t\t\t\t\t\t\t<img loading=\"lazy\" decoding=\"async\" width=\"100\" height=\"100\" src=\"https:\/\/rutesentrerefugis.com\/wp-content\/uploads\/2023\/05\/Nuri-Galbe-Negre-NW.jpg\" class=\"attachment-full size-full wp-image-17306\" alt=\"\" \/>\t\t\t\t\t\t\t\t\t\t\t\t\t\t\t<\/div>\n\t\t\t\t<\/div>\n\t\t\t\t\t<\/div>\n\t\t<\/div>\n\t\t\t\t\t<\/div>\n\t\t<\/section>\n\t\t\t\t<section class=\"elementor-section elementor-top-section elementor-element elementor-element-b48e0e9 elementor-section-full_width elementor-section-height-default elementor-section-height-default\" data-id=\"b48e0e9\" data-element_type=\"section\" data-e-type=\"section\" data-settings=\"{&quot;background_background&quot;:&quot;classic&quot;}\">\n\t\t\t\t\t\t<div class=\"elementor-container elementor-column-gap-default\">\n\t\t\t\t\t<div class=\"elementor-column elementor-col-100 elementor-top-column elementor-element elementor-element-d6ee9cf\" data-id=\"d6ee9cf\" data-element_type=\"column\" data-e-type=\"column\">\n\t\t\t<div class=\"elementor-widget-wrap elementor-element-populated\">\n\t\t\t\t\t\t<div class=\"elementor-element elementor-element-f13bb45 elementor-widget elementor-widget-text-editor\" data-id=\"f13bb45\" data-element_type=\"widget\" data-e-type=\"widget\" data-widget_type=\"text-editor.default\">\n\t\t\t\t<div class=\"elementor-widget-container\">\n\t\t\t\t\t\t\t\t\t<h4>N\u00daRIA GALBE<\/h4><h5>Hija de Collserola (Barcelona), entiende la vida entre monta\u00f1as y naturaleza. \u00bfDeportista? Prefiere llamarlo \u00abactividades de monta\u00f1a\u00bb: desde el excursionismo hasta el ciclismo y el esqu\u00ed (ambos en diversas disciplinas), u otros como el alpinismo, los barrancos&#8230; La traves\u00eda y la larga distancia le ayudan a entrar en la naturaleza, m\u00e1s que decir salir de excursi\u00f3n. Licenciada en Comunicaci\u00f3n\/Publicidad y Marketing, le atrae la exploraci\u00f3n, salir de los caminos marcados&#8230; y el dibujo. Formada en el taller de varios artistas, en 2015 conoce el urban sketching, el dibujo in-situ y su lema: \u00abel mundo dibujo a dibujo\u00bb. N\u00faria junta ambas pasiones, desarrollando una t\u00e9cnica tanto personal como intensa para captar sobre el papel \u2013 y comunicar- los instantes vividos de forma activamente.<\/h5>\t\t\t\t\t\t\t\t<\/div>\n\t\t\t\t<\/div>\n\t\t\t\t\t<\/div>\n\t\t<\/div>\n\t\t\t\t\t<\/div>\n\t\t<\/section>\n\t\t\t\t<section class=\"elementor-section elementor-top-section elementor-element elementor-element-6862852 elementor-section-full_width elementor-section-height-default elementor-section-height-default\" data-id=\"6862852\" data-element_type=\"section\" data-e-type=\"section\">\n\t\t\t\t\t\t<div class=\"elementor-container elementor-column-gap-default\">\n\t\t\t\t\t<div class=\"elementor-column elementor-col-100 elementor-top-column elementor-element elementor-element-535203f\" data-id=\"535203f\" data-element_type=\"column\" data-e-type=\"column\">\n\t\t\t<div class=\"elementor-widget-wrap elementor-element-populated\">\n\t\t\t\t\t\t<div class=\"elementor-element elementor-element-f58bc22 elementor-widget elementor-widget-spacer\" data-id=\"f58bc22\" data-element_type=\"widget\" data-e-type=\"widget\" data-widget_type=\"spacer.default\">\n\t\t\t\t<div class=\"elementor-widget-container\">\n\t\t\t\t\t\t\t<div class=\"elementor-spacer\">\n\t\t\t<div class=\"elementor-spacer-inner\"><\/div>\n\t\t<\/div>\n\t\t\t\t\t\t<\/div>\n\t\t\t\t<\/div>\n\t\t\t\t\t<\/div>\n\t\t<\/div>\n\t\t\t\t\t<\/div>\n\t\t<\/section>\n\t\t\t\t<section class=\"elementor-section elementor-top-section elementor-element elementor-element-8cdf51e elementor-section-full_width elementor-section-height-default elementor-section-height-default\" data-id=\"8cdf51e\" data-element_type=\"section\" data-e-type=\"section\">\n\t\t\t\t\t\t<div class=\"elementor-container elementor-column-gap-default\">\n\t\t\t\t\t<div class=\"elementor-column elementor-col-100 elementor-top-column elementor-element elementor-element-d0066f3\" data-id=\"d0066f3\" data-element_type=\"column\" data-e-type=\"column\">\n\t\t\t<div class=\"elementor-widget-wrap elementor-element-populated\">\n\t\t\t\t\t\t<div class=\"elementor-element elementor-element-fbbd880 elementor-widget elementor-widget-heading\" data-id=\"fbbd880\" data-element_type=\"widget\" data-e-type=\"widget\" data-widget_type=\"heading.default\">\n\t\t\t\t<div class=\"elementor-widget-container\">\n\t\t\t\t\t<h5 class=\"elementor-heading-title elementor-size-default\"><font color=\"#999999\"><u>Por si quieres compartir esta cr\u00f3nica<\/u><\/font><\/h5>\t\t\t\t<\/div>\n\t\t\t\t<\/div>\n\t\t\t\t\t<\/div>\n\t\t<\/div>\n\t\t\t\t\t<\/div>\n\t\t<\/section>\n\t\t\t\t<section class=\"elementor-section elementor-top-section elementor-element elementor-element-57fc934 elementor-section-full_width elementor-section-height-default elementor-section-height-default\" data-id=\"57fc934\" data-element_type=\"section\" data-e-type=\"section\">\n\t\t\t\t\t\t<div class=\"elementor-container elementor-column-gap-default\">\n\t\t\t\t\t<div class=\"elementor-column elementor-col-100 elementor-top-column elementor-element elementor-element-d8afc0e\" data-id=\"d8afc0e\" data-element_type=\"column\" data-e-type=\"column\">\n\t\t\t<div class=\"elementor-widget-wrap elementor-element-populated\">\n\t\t\t\t\t\t<div class=\"elementor-element elementor-element-fb1f042 elementor-share-buttons--view-icon elementor-share-buttons--skin-framed elementor-share-buttons--shape-circle elementor-share-buttons--color-custom elementor-grid-0 elementor-widget elementor-widget-share-buttons\" data-id=\"fb1f042\" data-element_type=\"widget\" data-e-type=\"widget\" data-widget_type=\"share-buttons.default\">\n\t\t\t\t<div class=\"elementor-widget-container\">\n\t\t\t\t\t\t\t<div class=\"elementor-grid\" role=\"list\">\n\t\t\t\t\t\t\t\t<div class=\"elementor-grid-item\" role=\"listitem\">\n\t\t\t\t\t\t<div class=\"elementor-share-btn elementor-share-btn_facebook\" role=\"button\" tabindex=\"0\" aria-label=\"Compartir en facebook\">\n\t\t\t\t\t\t\t\t\t\t\t\t\t\t\t<span class=\"elementor-share-btn__icon\">\n\t\t\t\t\t\t\t\t<i class=\"fab fa-facebook\" aria-hidden=\"true\"><\/i>\t\t\t\t\t\t\t<\/span>\n\t\t\t\t\t\t\t\t\t\t\t\t\t\t\t\t\t\t\t\t<\/div>\n\t\t\t\t\t<\/div>\n\t\t\t\t\t\t\t\t\t<div class=\"elementor-grid-item\" role=\"listitem\">\n\t\t\t\t\t\t<div class=\"elementor-share-btn elementor-share-btn_twitter\" role=\"button\" tabindex=\"0\" aria-label=\"Compartir en twitter\">\n\t\t\t\t\t\t\t\t\t\t\t\t\t\t\t<span class=\"elementor-share-btn__icon\">\n\t\t\t\t\t\t\t\t<i class=\"fab fa-twitter\" aria-hidden=\"true\"><\/i>\t\t\t\t\t\t\t<\/span>\n\t\t\t\t\t\t\t\t\t\t\t\t\t\t\t\t\t\t\t\t<\/div>\n\t\t\t\t\t<\/div>\n\t\t\t\t\t\t\t\t\t<div class=\"elementor-grid-item\" role=\"listitem\">\n\t\t\t\t\t\t<div class=\"elementor-share-btn elementor-share-btn_telegram\" role=\"button\" tabindex=\"0\" aria-label=\"Compartir en telegram\">\n\t\t\t\t\t\t\t\t\t\t\t\t\t\t\t<span class=\"elementor-share-btn__icon\">\n\t\t\t\t\t\t\t\t<i class=\"fab fa-telegram\" aria-hidden=\"true\"><\/i>\t\t\t\t\t\t\t<\/span>\n\t\t\t\t\t\t\t\t\t\t\t\t\t\t\t\t\t\t\t\t<\/div>\n\t\t\t\t\t<\/div>\n\t\t\t\t\t\t\t\t\t<div class=\"elementor-grid-item\" role=\"listitem\">\n\t\t\t\t\t\t<div class=\"elementor-share-btn elementor-share-btn_pinterest\" role=\"button\" tabindex=\"0\" aria-label=\"Compartir en pinterest\">\n\t\t\t\t\t\t\t\t\t\t\t\t\t\t\t<span class=\"elementor-share-btn__icon\">\n\t\t\t\t\t\t\t\t<i class=\"fab fa-pinterest\" aria-hidden=\"true\"><\/i>\t\t\t\t\t\t\t<\/span>\n\t\t\t\t\t\t\t\t\t\t\t\t\t\t\t\t\t\t\t\t<\/div>\n\t\t\t\t\t<\/div>\n\t\t\t\t\t\t\t\t\t<div class=\"elementor-grid-item\" role=\"listitem\">\n\t\t\t\t\t\t<div class=\"elementor-share-btn elementor-share-btn_whatsapp\" role=\"button\" tabindex=\"0\" aria-label=\"Compartir en whatsapp\">\n\t\t\t\t\t\t\t\t\t\t\t\t\t\t\t<span class=\"elementor-share-btn__icon\">\n\t\t\t\t\t\t\t\t<i class=\"fab fa-whatsapp\" aria-hidden=\"true\"><\/i>\t\t\t\t\t\t\t<\/span>\n\t\t\t\t\t\t\t\t\t\t\t\t\t\t\t\t\t\t\t\t<\/div>\n\t\t\t\t\t<\/div>\n\t\t\t\t\t\t\t\t\t<div class=\"elementor-grid-item\" role=\"listitem\">\n\t\t\t\t\t\t<div class=\"elementor-share-btn elementor-share-btn_email\" role=\"button\" tabindex=\"0\" aria-label=\"Compartir en email\">\n\t\t\t\t\t\t\t\t\t\t\t\t\t\t\t<span class=\"elementor-share-btn__icon\">\n\t\t\t\t\t\t\t\t<i class=\"fas fa-envelope\" aria-hidden=\"true\"><\/i>\t\t\t\t\t\t\t<\/span>\n\t\t\t\t\t\t\t\t\t\t\t\t\t\t\t\t\t\t\t\t<\/div>\n\t\t\t\t\t<\/div>\n\t\t\t\t\t\t\t\t\t<div class=\"elementor-grid-item\" role=\"listitem\">\n\t\t\t\t\t\t<div class=\"elementor-share-btn elementor-share-btn_print\" role=\"button\" tabindex=\"0\" aria-label=\"Compartir en print\">\n\t\t\t\t\t\t\t\t\t\t\t\t\t\t\t<span class=\"elementor-share-btn__icon\">\n\t\t\t\t\t\t\t\t<i class=\"fas fa-print\" aria-hidden=\"true\"><\/i>\t\t\t\t\t\t\t<\/span>\n\t\t\t\t\t\t\t\t\t\t\t\t\t\t\t\t\t\t\t\t<\/div>\n\t\t\t\t\t<\/div>\n\t\t\t\t\t\t<\/div>\n\t\t\t\t\t\t<\/div>\n\t\t\t\t<\/div>\n\t\t\t\t\t<\/div>\n\t\t<\/div>\n\t\t\t\t\t<\/div>\n\t\t<\/section>\n\t\t\t\t<section class=\"elementor-section elementor-top-section elementor-element elementor-element-41314f0 elementor-section-full_width elementor-section-height-default elementor-section-height-default\" data-id=\"41314f0\" data-element_type=\"section\" data-e-type=\"section\">\n\t\t\t\t\t\t<div class=\"elementor-container elementor-column-gap-default\">\n\t\t\t\t\t<div class=\"elementor-column elementor-col-100 elementor-top-column elementor-element elementor-element-8c77b23\" data-id=\"8c77b23\" data-element_type=\"column\" data-e-type=\"column\">\n\t\t\t<div class=\"elementor-widget-wrap elementor-element-populated\">\n\t\t\t\t\t\t<div class=\"elementor-element elementor-element-d32d00e elementor-widget elementor-widget-spacer\" data-id=\"d32d00e\" data-element_type=\"widget\" data-e-type=\"widget\" data-widget_type=\"spacer.default\">\n\t\t\t\t<div class=\"elementor-widget-container\">\n\t\t\t\t\t\t\t<div class=\"elementor-spacer\">\n\t\t\t<div class=\"elementor-spacer-inner\"><\/div>\n\t\t<\/div>\n\t\t\t\t\t\t<\/div>\n\t\t\t\t<\/div>\n\t\t\t\t\t<\/div>\n\t\t<\/div>\n\t\t\t\t\t<\/div>\n\t\t<\/section>\n\t\t\t\t<\/div>\n\t\t","protected":false},"excerpt":{"rendered":"<p>DESHACIENDO LOS PASOS DE J. VERDAGUER EN LA CAT700 UN BIKEPACKING DIBUJADO Cr\u00f3nica escrita por N\u00daRIA GALBE &#8211; @bikesketchingFotograf\u00edas: CAT700 &#8211; FUNDACI\u00d3 JACINT VERDAGUER &#8211; N\u00daRIA GALBE La aventura del cura excursionista en 1882 para llegar al Aneto desde la Seu d&#8217;Urgell, me llega de la mano de Bernat Gasull en el libro \u201cMale\u00efda\u201d (Verdaguer [&hellip;]<\/p>\n","protected":false},"author":55,"featured_media":17244,"comment_status":"open","ping_status":"open","sticky":false,"template":"elementor_header_footer","format":"standard","meta":{"_monsterinsights_skip_tracking":false,"_monsterinsights_sitenote_active":false,"_monsterinsights_sitenote_note":"","_monsterinsights_sitenote_category":0,"footnotes":""},"categories":[5126],"tags":[5602,4407,5604,4393,4391,4405,4411,5146,5148,4403,5606,5608,4399,5610,4395,5612,4415,4397,5614,5616,5618,5620,4417,4389,4409,5622,4401,4413],"class_list":["post-17326","post","type-post","status-publish","format-standard","has-post-thumbnail","hentry","category-blog-es","tag-aneto-es","tag-artiga-de-lin","tag-bernat-gasull-es","tag-bickepacking","tag-cat700","tag-collserola","tag-creu-deixol","tag-cronicas-ca-es","tag-croniques-ca-es","tag-delta-de-lebre","tag-espot-es","tag-esterri-daneu-es","tag-fundacio-jacint-verdaguer","tag-gessa-es","tag-jacint-verdaguer","tag-les-es","tag-llessui","tag-maleida","tag-monestir-de-poblet-es","tag-monestir-de-santes-creus-es","tag-monestir-de-vallbona-de-les-monges-es","tag-montgarri-es","tag-montsant","tag-nuria-galbe","tag-pla-de-beret","tag-prades-es","tag-seu-durgell","tag-triado"],"yoast_head":"<!-- This site is optimized with the Yoast SEO plugin v27.5 - https:\/\/yoast.com\/product\/yoast-seo-wordpress\/ -->\n<title>DESHACIENDO LOS PASOS DE J. VERDAGUER EN LA CAT700 - Rutes Entre Refugis<\/title>\n<meta name=\"robots\" content=\"index, follow, max-snippet:-1, max-image-preview:large, max-video-preview:-1\" \/>\n<link rel=\"canonical\" href=\"https:\/\/rutesentrerefugis.com\/index.php\/es\/2023\/05\/14\/deshaciendo-los-pasos-de-j-verdaguer-en-la-cat700\/\" \/>\n<meta property=\"og:locale\" content=\"es_ES\" \/>\n<meta property=\"og:type\" content=\"article\" \/>\n<meta property=\"og:title\" content=\"DESHACIENDO LOS PASOS DE J. VERDAGUER EN LA CAT700 - Rutes Entre Refugis\" \/>\n<meta property=\"og:description\" content=\"DESHACIENDO LOS PASOS DE J. VERDAGUER EN LA CAT700 UN BIKEPACKING DIBUJADO Cr\u00f3nica escrita por N\u00daRIA GALBE &#8211; @bikesketchingFotograf\u00edas: CAT700 &#8211; FUNDACI\u00d3 JACINT VERDAGUER &#8211; N\u00daRIA GALBE La aventura del cura excursionista en 1882 para llegar al Aneto desde la Seu d&#8217;Urgell, me llega de la mano de Bernat Gasull en el libro \u201cMale\u00efda\u201d (Verdaguer [&hellip;]\" \/>\n<meta property=\"og:url\" content=\"https:\/\/rutesentrerefugis.com\/index.php\/es\/2023\/05\/14\/deshaciendo-los-pasos-de-j-verdaguer-en-la-cat700\/\" \/>\n<meta property=\"og:site_name\" content=\"Rutes Entre Refugis\" \/>\n<meta property=\"article:published_time\" content=\"2023-05-14T08:49:16+00:00\" \/>\n<meta property=\"article:modified_time\" content=\"2023-10-31T07:35:30+00:00\" \/>\n<meta property=\"og:image\" content=\"https:\/\/rutesentrerefugis.com\/wp-content\/uploads\/2023\/05\/Bikesketching-CAT700-Inici.jpg\" \/>\n\t<meta property=\"og:image:width\" content=\"1200\" \/>\n\t<meta property=\"og:image:height\" content=\"800\" \/>\n\t<meta property=\"og:image:type\" content=\"image\/jpeg\" \/>\n<meta name=\"author\" content=\"N\u00faria Galbe\" \/>\n<meta name=\"twitter:card\" content=\"summary_large_image\" \/>\n<meta name=\"twitter:label1\" content=\"Escrito por\" \/>\n\t<meta name=\"twitter:data1\" content=\"N\u00faria Galbe\" \/>\n\t<meta name=\"twitter:label2\" content=\"Tiempo de lectura\" \/>\n\t<meta name=\"twitter:data2\" content=\"21 minutos\" \/>\n<script type=\"application\/ld+json\" class=\"yoast-schema-graph\">{\"@context\":\"https:\\\/\\\/schema.org\",\"@graph\":[{\"@type\":\"Article\",\"@id\":\"https:\\\/\\\/rutesentrerefugis.com\\\/index.php\\\/es\\\/2023\\\/05\\\/14\\\/deshaciendo-los-pasos-de-j-verdaguer-en-la-cat700\\\/#article\",\"isPartOf\":{\"@id\":\"https:\\\/\\\/rutesentrerefugis.com\\\/index.php\\\/es\\\/2023\\\/05\\\/14\\\/deshaciendo-los-pasos-de-j-verdaguer-en-la-cat700\\\/\"},\"author\":{\"name\":\"N\u00faria Galbe\",\"@id\":\"https:\\\/\\\/rutesentrerefugis.com\\\/#\\\/schema\\\/person\\\/2db1f3f5bc4038f1b271817bd65530b2\"},\"headline\":\"DESHACIENDO LOS PASOS DE J. VERDAGUER EN LA CAT700\",\"datePublished\":\"2023-05-14T08:49:16+00:00\",\"dateModified\":\"2023-10-31T07:35:30+00:00\",\"mainEntityOfPage\":{\"@id\":\"https:\\\/\\\/rutesentrerefugis.com\\\/index.php\\\/es\\\/2023\\\/05\\\/14\\\/deshaciendo-los-pasos-de-j-verdaguer-en-la-cat700\\\/\"},\"wordCount\":3278,\"commentCount\":0,\"publisher\":{\"@id\":\"https:\\\/\\\/rutesentrerefugis.com\\\/#organization\"},\"image\":{\"@id\":\"https:\\\/\\\/rutesentrerefugis.com\\\/index.php\\\/es\\\/2023\\\/05\\\/14\\\/deshaciendo-los-pasos-de-j-verdaguer-en-la-cat700\\\/#primaryimage\"},\"thumbnailUrl\":\"https:\\\/\\\/rutesentrerefugis.com\\\/wp-content\\\/uploads\\\/2023\\\/05\\\/Bikesketching-CAT700-Inici.jpg\",\"keywords\":[\"Aneto\",\"Artiga de Lin\",\"Bernat Gasull\",\"Bickepacking\",\"CAT700\",\"Collserola\",\"Creu d'Eixol\",\"Cr\u00f3nicas\",\"Cr\u00f2niques\",\"Delta de l'Ebre\",\"Espot\",\"Esterri d&#039;\u00c0neu\",\"Fundaci\u00f3 Jacint Verdaguer\",\"Gessa\",\"Jacint Verdaguer\",\"Les\",\"Llessui\",\"Male\u00efda\",\"Monestir de Poblet\",\"Monestir de Santes Creus\",\"Monestir de Vallbona de les Monges\",\"Montgarri\",\"Montsant\",\"N\u00faria Galbe\",\"Pla de Beret\",\"Prades\",\"Seu d'Urgell\",\"Triad\u00f3\"],\"articleSection\":[\"Blog.\"],\"inLanguage\":\"es\",\"potentialAction\":[{\"@type\":\"CommentAction\",\"name\":\"Comment\",\"target\":[\"https:\\\/\\\/rutesentrerefugis.com\\\/index.php\\\/es\\\/2023\\\/05\\\/14\\\/deshaciendo-los-pasos-de-j-verdaguer-en-la-cat700\\\/#respond\"]}]},{\"@type\":\"WebPage\",\"@id\":\"https:\\\/\\\/rutesentrerefugis.com\\\/index.php\\\/es\\\/2023\\\/05\\\/14\\\/deshaciendo-los-pasos-de-j-verdaguer-en-la-cat700\\\/\",\"url\":\"https:\\\/\\\/rutesentrerefugis.com\\\/index.php\\\/es\\\/2023\\\/05\\\/14\\\/deshaciendo-los-pasos-de-j-verdaguer-en-la-cat700\\\/\",\"name\":\"DESHACIENDO LOS PASOS DE J. VERDAGUER EN LA CAT700 - Rutes Entre Refugis\",\"isPartOf\":{\"@id\":\"https:\\\/\\\/rutesentrerefugis.com\\\/#website\"},\"primaryImageOfPage\":{\"@id\":\"https:\\\/\\\/rutesentrerefugis.com\\\/index.php\\\/es\\\/2023\\\/05\\\/14\\\/deshaciendo-los-pasos-de-j-verdaguer-en-la-cat700\\\/#primaryimage\"},\"image\":{\"@id\":\"https:\\\/\\\/rutesentrerefugis.com\\\/index.php\\\/es\\\/2023\\\/05\\\/14\\\/deshaciendo-los-pasos-de-j-verdaguer-en-la-cat700\\\/#primaryimage\"},\"thumbnailUrl\":\"https:\\\/\\\/rutesentrerefugis.com\\\/wp-content\\\/uploads\\\/2023\\\/05\\\/Bikesketching-CAT700-Inici.jpg\",\"datePublished\":\"2023-05-14T08:49:16+00:00\",\"dateModified\":\"2023-10-31T07:35:30+00:00\",\"breadcrumb\":{\"@id\":\"https:\\\/\\\/rutesentrerefugis.com\\\/index.php\\\/es\\\/2023\\\/05\\\/14\\\/deshaciendo-los-pasos-de-j-verdaguer-en-la-cat700\\\/#breadcrumb\"},\"inLanguage\":\"es\",\"potentialAction\":[{\"@type\":\"ReadAction\",\"target\":[\"https:\\\/\\\/rutesentrerefugis.com\\\/index.php\\\/es\\\/2023\\\/05\\\/14\\\/deshaciendo-los-pasos-de-j-verdaguer-en-la-cat700\\\/\"]}]},{\"@type\":\"ImageObject\",\"inLanguage\":\"es\",\"@id\":\"https:\\\/\\\/rutesentrerefugis.com\\\/index.php\\\/es\\\/2023\\\/05\\\/14\\\/deshaciendo-los-pasos-de-j-verdaguer-en-la-cat700\\\/#primaryimage\",\"url\":\"https:\\\/\\\/rutesentrerefugis.com\\\/wp-content\\\/uploads\\\/2023\\\/05\\\/Bikesketching-CAT700-Inici.jpg\",\"contentUrl\":\"https:\\\/\\\/rutesentrerefugis.com\\\/wp-content\\\/uploads\\\/2023\\\/05\\\/Bikesketching-CAT700-Inici.jpg\",\"width\":1200,\"height\":800},{\"@type\":\"BreadcrumbList\",\"@id\":\"https:\\\/\\\/rutesentrerefugis.com\\\/index.php\\\/es\\\/2023\\\/05\\\/14\\\/deshaciendo-los-pasos-de-j-verdaguer-en-la-cat700\\\/#breadcrumb\",\"itemListElement\":[{\"@type\":\"ListItem\",\"position\":1,\"name\":\"Inici\",\"item\":\"https:\\\/\\\/rutesentrerefugis.com\\\/\"},{\"@type\":\"ListItem\",\"position\":2,\"name\":\"DESHACIENDO LOS PASOS DE J. VERDAGUER EN LA CAT700\"}]},{\"@type\":\"WebSite\",\"@id\":\"https:\\\/\\\/rutesentrerefugis.com\\\/#website\",\"url\":\"https:\\\/\\\/rutesentrerefugis.com\\\/\",\"name\":\"Rutes Entre Refugis\",\"description\":\"Caminant sota un nom\",\"publisher\":{\"@id\":\"https:\\\/\\\/rutesentrerefugis.com\\\/#organization\"},\"potentialAction\":[{\"@type\":\"SearchAction\",\"target\":{\"@type\":\"EntryPoint\",\"urlTemplate\":\"https:\\\/\\\/rutesentrerefugis.com\\\/?s={search_term_string}\"},\"query-input\":{\"@type\":\"PropertyValueSpecification\",\"valueRequired\":true,\"valueName\":\"search_term_string\"}}],\"inLanguage\":\"es\"},{\"@type\":\"Organization\",\"@id\":\"https:\\\/\\\/rutesentrerefugis.com\\\/#organization\",\"name\":\"Rutes Entre Refugis\",\"url\":\"https:\\\/\\\/rutesentrerefugis.com\\\/\",\"logo\":{\"@type\":\"ImageObject\",\"inLanguage\":\"es\",\"@id\":\"https:\\\/\\\/rutesentrerefugis.com\\\/#\\\/schema\\\/logo\\\/image\\\/\",\"url\":\"https:\\\/\\\/rutesentrerefugis.com\\\/wp-content\\\/uploads\\\/2022\\\/08\\\/RutesEntreRefugis-Blanc-Retina-1.png\",\"contentUrl\":\"https:\\\/\\\/rutesentrerefugis.com\\\/wp-content\\\/uploads\\\/2022\\\/08\\\/RutesEntreRefugis-Blanc-Retina-1.png\",\"width\":400,\"height\":400,\"caption\":\"Rutes Entre Refugis\"},\"image\":{\"@id\":\"https:\\\/\\\/rutesentrerefugis.com\\\/#\\\/schema\\\/logo\\\/image\\\/\"}},{\"@type\":\"Person\",\"@id\":\"https:\\\/\\\/rutesentrerefugis.com\\\/#\\\/schema\\\/person\\\/2db1f3f5bc4038f1b271817bd65530b2\",\"name\":\"N\u00faria Galbe\",\"image\":{\"@type\":\"ImageObject\",\"inLanguage\":\"es\",\"@id\":\"https:\\\/\\\/rutesentrerefugis.com\\\/wp-content\\\/uploads\\\/2023\\\/05\\\/avatar_user_55_1684060931-96x96.jpg\",\"url\":\"https:\\\/\\\/rutesentrerefugis.com\\\/wp-content\\\/uploads\\\/2023\\\/05\\\/avatar_user_55_1684060931-96x96.jpg\",\"contentUrl\":\"https:\\\/\\\/rutesentrerefugis.com\\\/wp-content\\\/uploads\\\/2023\\\/05\\\/avatar_user_55_1684060931-96x96.jpg\",\"caption\":\"N\u00faria Galbe\"},\"url\":\"https:\\\/\\\/rutesentrerefugis.com\\\/index.php\\\/author\\\/nuria-galbe\\\/\"}]}<\/script>\n<!-- \/ Yoast SEO plugin. -->","yoast_head_json":{"title":"DESHACIENDO LOS PASOS DE J. VERDAGUER EN LA CAT700 - Rutes Entre Refugis","robots":{"index":"index","follow":"follow","max-snippet":"max-snippet:-1","max-image-preview":"max-image-preview:large","max-video-preview":"max-video-preview:-1"},"canonical":"https:\/\/rutesentrerefugis.com\/index.php\/es\/2023\/05\/14\/deshaciendo-los-pasos-de-j-verdaguer-en-la-cat700\/","og_locale":"es_ES","og_type":"article","og_title":"DESHACIENDO LOS PASOS DE J. VERDAGUER EN LA CAT700 - Rutes Entre Refugis","og_description":"DESHACIENDO LOS PASOS DE J. VERDAGUER EN LA CAT700 UN BIKEPACKING DIBUJADO Cr\u00f3nica escrita por N\u00daRIA GALBE &#8211; @bikesketchingFotograf\u00edas: CAT700 &#8211; FUNDACI\u00d3 JACINT VERDAGUER &#8211; N\u00daRIA GALBE La aventura del cura excursionista en 1882 para llegar al Aneto desde la Seu d&#8217;Urgell, me llega de la mano de Bernat Gasull en el libro \u201cMale\u00efda\u201d (Verdaguer [&hellip;]","og_url":"https:\/\/rutesentrerefugis.com\/index.php\/es\/2023\/05\/14\/deshaciendo-los-pasos-de-j-verdaguer-en-la-cat700\/","og_site_name":"Rutes Entre Refugis","article_published_time":"2023-05-14T08:49:16+00:00","article_modified_time":"2023-10-31T07:35:30+00:00","og_image":[{"width":1200,"height":800,"url":"https:\/\/rutesentrerefugis.com\/wp-content\/uploads\/2023\/05\/Bikesketching-CAT700-Inici.jpg","type":"image\/jpeg"}],"author":"N\u00faria Galbe","twitter_card":"summary_large_image","twitter_misc":{"Escrito por":"N\u00faria Galbe","Tiempo de lectura":"21 minutos"},"schema":{"@context":"https:\/\/schema.org","@graph":[{"@type":"Article","@id":"https:\/\/rutesentrerefugis.com\/index.php\/es\/2023\/05\/14\/deshaciendo-los-pasos-de-j-verdaguer-en-la-cat700\/#article","isPartOf":{"@id":"https:\/\/rutesentrerefugis.com\/index.php\/es\/2023\/05\/14\/deshaciendo-los-pasos-de-j-verdaguer-en-la-cat700\/"},"author":{"name":"N\u00faria Galbe","@id":"https:\/\/rutesentrerefugis.com\/#\/schema\/person\/2db1f3f5bc4038f1b271817bd65530b2"},"headline":"DESHACIENDO LOS PASOS DE J. VERDAGUER EN LA CAT700","datePublished":"2023-05-14T08:49:16+00:00","dateModified":"2023-10-31T07:35:30+00:00","mainEntityOfPage":{"@id":"https:\/\/rutesentrerefugis.com\/index.php\/es\/2023\/05\/14\/deshaciendo-los-pasos-de-j-verdaguer-en-la-cat700\/"},"wordCount":3278,"commentCount":0,"publisher":{"@id":"https:\/\/rutesentrerefugis.com\/#organization"},"image":{"@id":"https:\/\/rutesentrerefugis.com\/index.php\/es\/2023\/05\/14\/deshaciendo-los-pasos-de-j-verdaguer-en-la-cat700\/#primaryimage"},"thumbnailUrl":"https:\/\/rutesentrerefugis.com\/wp-content\/uploads\/2023\/05\/Bikesketching-CAT700-Inici.jpg","keywords":["Aneto","Artiga de Lin","Bernat Gasull","Bickepacking","CAT700","Collserola","Creu d'Eixol","Cr\u00f3nicas","Cr\u00f2niques","Delta de l'Ebre","Espot","Esterri d&#039;\u00c0neu","Fundaci\u00f3 Jacint Verdaguer","Gessa","Jacint Verdaguer","Les","Llessui","Male\u00efda","Monestir de Poblet","Monestir de Santes Creus","Monestir de Vallbona de les Monges","Montgarri","Montsant","N\u00faria Galbe","Pla de Beret","Prades","Seu d'Urgell","Triad\u00f3"],"articleSection":["Blog."],"inLanguage":"es","potentialAction":[{"@type":"CommentAction","name":"Comment","target":["https:\/\/rutesentrerefugis.com\/index.php\/es\/2023\/05\/14\/deshaciendo-los-pasos-de-j-verdaguer-en-la-cat700\/#respond"]}]},{"@type":"WebPage","@id":"https:\/\/rutesentrerefugis.com\/index.php\/es\/2023\/05\/14\/deshaciendo-los-pasos-de-j-verdaguer-en-la-cat700\/","url":"https:\/\/rutesentrerefugis.com\/index.php\/es\/2023\/05\/14\/deshaciendo-los-pasos-de-j-verdaguer-en-la-cat700\/","name":"DESHACIENDO LOS PASOS DE J. VERDAGUER EN LA CAT700 - Rutes Entre Refugis","isPartOf":{"@id":"https:\/\/rutesentrerefugis.com\/#website"},"primaryImageOfPage":{"@id":"https:\/\/rutesentrerefugis.com\/index.php\/es\/2023\/05\/14\/deshaciendo-los-pasos-de-j-verdaguer-en-la-cat700\/#primaryimage"},"image":{"@id":"https:\/\/rutesentrerefugis.com\/index.php\/es\/2023\/05\/14\/deshaciendo-los-pasos-de-j-verdaguer-en-la-cat700\/#primaryimage"},"thumbnailUrl":"https:\/\/rutesentrerefugis.com\/wp-content\/uploads\/2023\/05\/Bikesketching-CAT700-Inici.jpg","datePublished":"2023-05-14T08:49:16+00:00","dateModified":"2023-10-31T07:35:30+00:00","breadcrumb":{"@id":"https:\/\/rutesentrerefugis.com\/index.php\/es\/2023\/05\/14\/deshaciendo-los-pasos-de-j-verdaguer-en-la-cat700\/#breadcrumb"},"inLanguage":"es","potentialAction":[{"@type":"ReadAction","target":["https:\/\/rutesentrerefugis.com\/index.php\/es\/2023\/05\/14\/deshaciendo-los-pasos-de-j-verdaguer-en-la-cat700\/"]}]},{"@type":"ImageObject","inLanguage":"es","@id":"https:\/\/rutesentrerefugis.com\/index.php\/es\/2023\/05\/14\/deshaciendo-los-pasos-de-j-verdaguer-en-la-cat700\/#primaryimage","url":"https:\/\/rutesentrerefugis.com\/wp-content\/uploads\/2023\/05\/Bikesketching-CAT700-Inici.jpg","contentUrl":"https:\/\/rutesentrerefugis.com\/wp-content\/uploads\/2023\/05\/Bikesketching-CAT700-Inici.jpg","width":1200,"height":800},{"@type":"BreadcrumbList","@id":"https:\/\/rutesentrerefugis.com\/index.php\/es\/2023\/05\/14\/deshaciendo-los-pasos-de-j-verdaguer-en-la-cat700\/#breadcrumb","itemListElement":[{"@type":"ListItem","position":1,"name":"Inici","item":"https:\/\/rutesentrerefugis.com\/"},{"@type":"ListItem","position":2,"name":"DESHACIENDO LOS PASOS DE J. VERDAGUER EN LA CAT700"}]},{"@type":"WebSite","@id":"https:\/\/rutesentrerefugis.com\/#website","url":"https:\/\/rutesentrerefugis.com\/","name":"Rutes Entre Refugis","description":"Caminant sota un nom","publisher":{"@id":"https:\/\/rutesentrerefugis.com\/#organization"},"potentialAction":[{"@type":"SearchAction","target":{"@type":"EntryPoint","urlTemplate":"https:\/\/rutesentrerefugis.com\/?s={search_term_string}"},"query-input":{"@type":"PropertyValueSpecification","valueRequired":true,"valueName":"search_term_string"}}],"inLanguage":"es"},{"@type":"Organization","@id":"https:\/\/rutesentrerefugis.com\/#organization","name":"Rutes Entre Refugis","url":"https:\/\/rutesentrerefugis.com\/","logo":{"@type":"ImageObject","inLanguage":"es","@id":"https:\/\/rutesentrerefugis.com\/#\/schema\/logo\/image\/","url":"https:\/\/rutesentrerefugis.com\/wp-content\/uploads\/2022\/08\/RutesEntreRefugis-Blanc-Retina-1.png","contentUrl":"https:\/\/rutesentrerefugis.com\/wp-content\/uploads\/2022\/08\/RutesEntreRefugis-Blanc-Retina-1.png","width":400,"height":400,"caption":"Rutes Entre Refugis"},"image":{"@id":"https:\/\/rutesentrerefugis.com\/#\/schema\/logo\/image\/"}},{"@type":"Person","@id":"https:\/\/rutesentrerefugis.com\/#\/schema\/person\/2db1f3f5bc4038f1b271817bd65530b2","name":"N\u00faria Galbe","image":{"@type":"ImageObject","inLanguage":"es","@id":"https:\/\/rutesentrerefugis.com\/wp-content\/uploads\/2023\/05\/avatar_user_55_1684060931-96x96.jpg","url":"https:\/\/rutesentrerefugis.com\/wp-content\/uploads\/2023\/05\/avatar_user_55_1684060931-96x96.jpg","contentUrl":"https:\/\/rutesentrerefugis.com\/wp-content\/uploads\/2023\/05\/avatar_user_55_1684060931-96x96.jpg","caption":"N\u00faria Galbe"},"url":"https:\/\/rutesentrerefugis.com\/index.php\/author\/nuria-galbe\/"}]}},"_links":{"self":[{"href":"https:\/\/rutesentrerefugis.com\/index.php\/wp-json\/wp\/v2\/posts\/17326","targetHints":{"allow":["GET"]}}],"collection":[{"href":"https:\/\/rutesentrerefugis.com\/index.php\/wp-json\/wp\/v2\/posts"}],"about":[{"href":"https:\/\/rutesentrerefugis.com\/index.php\/wp-json\/wp\/v2\/types\/post"}],"author":[{"embeddable":true,"href":"https:\/\/rutesentrerefugis.com\/index.php\/wp-json\/wp\/v2\/users\/55"}],"replies":[{"embeddable":true,"href":"https:\/\/rutesentrerefugis.com\/index.php\/wp-json\/wp\/v2\/comments?post=17326"}],"version-history":[{"count":54,"href":"https:\/\/rutesentrerefugis.com\/index.php\/wp-json\/wp\/v2\/posts\/17326\/revisions"}],"predecessor-version":[{"id":18124,"href":"https:\/\/rutesentrerefugis.com\/index.php\/wp-json\/wp\/v2\/posts\/17326\/revisions\/18124"}],"wp:featuredmedia":[{"embeddable":true,"href":"https:\/\/rutesentrerefugis.com\/index.php\/wp-json\/wp\/v2\/media\/17244"}],"wp:attachment":[{"href":"https:\/\/rutesentrerefugis.com\/index.php\/wp-json\/wp\/v2\/media?parent=17326"}],"wp:term":[{"taxonomy":"category","embeddable":true,"href":"https:\/\/rutesentrerefugis.com\/index.php\/wp-json\/wp\/v2\/categories?post=17326"},{"taxonomy":"post_tag","embeddable":true,"href":"https:\/\/rutesentrerefugis.com\/index.php\/wp-json\/wp\/v2\/tags?post=17326"}],"curies":[{"name":"wp","href":"https:\/\/api.w.org\/{rel}","templated":true}]}}