{"id":18116,"date":"2023-07-03T07:13:10","date_gmt":"2023-07-03T07:13:10","guid":{"rendered":"https:\/\/rutesentrerefugis.com\/?p=18116"},"modified":"2024-04-25T10:17:56","modified_gmt":"2024-04-25T10:17:56","slug":"abrupta-i-solitaria","status":"publish","type":"post","link":"https:\/\/rutesentrerefugis.com\/index.php\/2023\/07\/03\/abrupta-i-solitaria\/","title":{"rendered":"ABRUPTA I SOLIT\u00c0RIA"},"content":{"rendered":"\t\t<div data-elementor-type=\"wp-post\" data-elementor-id=\"18116\" class=\"elementor elementor-18116\" data-elementor-post-type=\"post\">\n\t\t\t\t\t\t<section class=\"elementor-section elementor-top-section elementor-element elementor-element-49e71f9 elementor-section-full_width elementor-section-height-default elementor-section-height-default\" data-id=\"49e71f9\" data-element_type=\"section\" data-e-type=\"section\">\n\t\t\t\t\t\t<div class=\"elementor-container elementor-column-gap-default\">\n\t\t\t\t\t<div class=\"elementor-column elementor-col-100 elementor-top-column elementor-element elementor-element-e8a3f1b\" data-id=\"e8a3f1b\" data-element_type=\"column\" data-e-type=\"column\" data-settings=\"{&quot;background_background&quot;:&quot;classic&quot;}\">\n\t\t\t<div class=\"elementor-widget-wrap elementor-element-populated\">\n\t\t\t\t\t\t<div class=\"elementor-element elementor-element-e0bd260 elementor-widget elementor-widget-image\" data-id=\"e0bd260\" data-element_type=\"widget\" data-e-type=\"widget\" data-widget_type=\"image.default\">\n\t\t\t\t<div class=\"elementor-widget-container\">\n\t\t\t\t\t\t\t\t\t\t\t\t\t\t\t<img fetchpriority=\"high\" decoding=\"async\" width=\"2000\" height=\"450\" src=\"https:\/\/rutesentrerefugis.com\/wp-content\/uploads\/2023\/06\/Abrupta-i-Solitaria-Cap-01.jpg\" class=\"attachment-full size-full wp-image-18138\" alt=\"\" srcset=\"https:\/\/rutesentrerefugis.com\/wp-content\/uploads\/2023\/06\/Abrupta-i-Solitaria-Cap-01.jpg 2000w, https:\/\/rutesentrerefugis.com\/wp-content\/uploads\/2023\/06\/Abrupta-i-Solitaria-Cap-01-300x68.jpg 300w, https:\/\/rutesentrerefugis.com\/wp-content\/uploads\/2023\/06\/Abrupta-i-Solitaria-Cap-01-1024x230.jpg 1024w, https:\/\/rutesentrerefugis.com\/wp-content\/uploads\/2023\/06\/Abrupta-i-Solitaria-Cap-01-768x173.jpg 768w, https:\/\/rutesentrerefugis.com\/wp-content\/uploads\/2023\/06\/Abrupta-i-Solitaria-Cap-01-1536x346.jpg 1536w\" sizes=\"(max-width: 2000px) 100vw, 2000px\" \/>\t\t\t\t\t\t\t\t\t\t\t\t\t\t\t<\/div>\n\t\t\t\t<\/div>\n\t\t\t\t\t<\/div>\n\t\t<\/div>\n\t\t\t\t\t<\/div>\n\t\t<\/section>\n\t\t\t\t<section class=\"elementor-section elementor-top-section elementor-element elementor-element-f5da543 elementor-section-full_width elementor-section-height-default elementor-section-height-default\" data-id=\"f5da543\" data-element_type=\"section\" data-e-type=\"section\">\n\t\t\t\t\t\t<div class=\"elementor-container elementor-column-gap-default\">\n\t\t\t\t\t<div class=\"elementor-column elementor-col-100 elementor-top-column elementor-element elementor-element-a7b3bf6\" data-id=\"a7b3bf6\" data-element_type=\"column\" data-e-type=\"column\" data-settings=\"{&quot;background_background&quot;:&quot;classic&quot;}\">\n\t\t\t<div class=\"elementor-widget-wrap elementor-element-populated\">\n\t\t\t\t\t\t<div class=\"elementor-element elementor-element-904cab1 elementor-widget elementor-widget-heading\" data-id=\"904cab1\" data-element_type=\"widget\" data-e-type=\"widget\" data-widget_type=\"heading.default\">\n\t\t\t\t<div class=\"elementor-widget-container\">\n\t\t\t\t\t<h2 class=\"elementor-heading-title elementor-size-default\">ABRUPTA I SOLIT\u00c0RIA<\/h2>\t\t\t\t<\/div>\n\t\t\t\t<\/div>\n\t\t\t\t\t<\/div>\n\t\t<\/div>\n\t\t\t\t\t<\/div>\n\t\t<\/section>\n\t\t\t\t<section class=\"elementor-section elementor-top-section elementor-element elementor-element-6dc0412 elementor-section-full_width elementor-section-height-default elementor-section-height-default\" data-id=\"6dc0412\" data-element_type=\"section\" data-e-type=\"section\">\n\t\t\t\t\t\t<div class=\"elementor-container elementor-column-gap-default\">\n\t\t\t\t\t<div class=\"elementor-column elementor-col-100 elementor-top-column elementor-element elementor-element-414505c\" data-id=\"414505c\" data-element_type=\"column\" data-e-type=\"column\" data-settings=\"{&quot;background_background&quot;:&quot;classic&quot;}\">\n\t\t\t<div class=\"elementor-widget-wrap elementor-element-populated\">\n\t\t\t\t\t\t<div class=\"elementor-element elementor-element-5b37f04 elementor-widget-divider--view-line elementor-widget elementor-widget-divider\" data-id=\"5b37f04\" data-element_type=\"widget\" data-e-type=\"widget\" data-widget_type=\"divider.default\">\n\t\t\t\t<div class=\"elementor-widget-container\">\n\t\t\t\t\t\t\t<div class=\"elementor-divider\">\n\t\t\t<span class=\"elementor-divider-separator\">\n\t\t\t\t\t\t<\/span>\n\t\t<\/div>\n\t\t\t\t\t\t<\/div>\n\t\t\t\t<\/div>\n\t\t\t\t\t<\/div>\n\t\t<\/div>\n\t\t\t\t\t<\/div>\n\t\t<\/section>\n\t\t\t\t<section class=\"elementor-section elementor-top-section elementor-element elementor-element-42fd159 elementor-section-full_width elementor-section-height-default elementor-section-height-default\" data-id=\"42fd159\" data-element_type=\"section\" data-e-type=\"section\">\n\t\t\t\t\t\t<div class=\"elementor-container elementor-column-gap-default\">\n\t\t\t\t\t<div class=\"elementor-column elementor-col-100 elementor-top-column elementor-element elementor-element-35641fc\" data-id=\"35641fc\" data-element_type=\"column\" data-e-type=\"column\">\n\t\t\t<div class=\"elementor-widget-wrap elementor-element-populated\">\n\t\t\t\t\t\t<div class=\"elementor-element elementor-element-c647afa elementor-widget elementor-widget-spacer\" data-id=\"c647afa\" data-element_type=\"widget\" data-e-type=\"widget\" data-widget_type=\"spacer.default\">\n\t\t\t\t<div class=\"elementor-widget-container\">\n\t\t\t\t\t\t\t<div class=\"elementor-spacer\">\n\t\t\t<div class=\"elementor-spacer-inner\"><\/div>\n\t\t<\/div>\n\t\t\t\t\t\t<\/div>\n\t\t\t\t<\/div>\n\t\t\t\t\t<\/div>\n\t\t<\/div>\n\t\t\t\t\t<\/div>\n\t\t<\/section>\n\t\t\t\t<section class=\"elementor-section elementor-top-section elementor-element elementor-element-71d3942 elementor-section-full_width elementor-section-height-default elementor-section-height-default\" data-id=\"71d3942\" data-element_type=\"section\" data-e-type=\"section\">\n\t\t\t\t\t\t<div class=\"elementor-container elementor-column-gap-default\">\n\t\t\t\t\t<div class=\"elementor-column elementor-col-100 elementor-top-column elementor-element elementor-element-991de4d\" data-id=\"991de4d\" data-element_type=\"column\" data-e-type=\"column\">\n\t\t\t<div class=\"elementor-widget-wrap elementor-element-populated\">\n\t\t\t\t\t\t<div class=\"elementor-element elementor-element-bdbabf5 elementor-widget elementor-widget-heading\" data-id=\"bdbabf5\" data-element_type=\"widget\" data-e-type=\"widget\" data-widget_type=\"heading.default\">\n\t\t\t\t<div class=\"elementor-widget-container\">\n\t\t\t\t\t<h2 class=\"elementor-heading-title elementor-size-default\">LA RUTA 7 POBLES DE LA TINEN\u00c7A DE BENIFASS\u00c0<\/h2>\t\t\t\t<\/div>\n\t\t\t\t<\/div>\n\t\t\t\t\t<\/div>\n\t\t<\/div>\n\t\t\t\t\t<\/div>\n\t\t<\/section>\n\t\t\t\t<section class=\"elementor-section elementor-top-section elementor-element elementor-element-75d0eec elementor-section-full_width elementor-section-height-default elementor-section-height-default\" data-id=\"75d0eec\" data-element_type=\"section\" data-e-type=\"section\">\n\t\t\t\t\t\t<div class=\"elementor-container elementor-column-gap-default\">\n\t\t\t\t\t<div class=\"elementor-column elementor-col-100 elementor-top-column elementor-element elementor-element-2125826\" data-id=\"2125826\" data-element_type=\"column\" data-e-type=\"column\">\n\t\t\t<div class=\"elementor-widget-wrap elementor-element-populated\">\n\t\t\t\t\t\t<div class=\"elementor-element elementor-element-5711d63 elementor-widget elementor-widget-text-editor\" data-id=\"5711d63\" data-element_type=\"widget\" data-e-type=\"widget\" data-widget_type=\"text-editor.default\">\n\t\t\t\t<div class=\"elementor-widget-container\">\n\t\t\t\t\t\t\t\t\t<h6>Cr\u00f2nica escrita per ELISEU T. CLIMENT publicada a la revista V\u00c8RTEX n\u00fam. 304<\/br>\nFotografies ELISEU T. CLIMENT<\/h6>\t\t\t\t\t\t\t\t<\/div>\n\t\t\t\t<\/div>\n\t\t\t\t\t<\/div>\n\t\t<\/div>\n\t\t\t\t\t<\/div>\n\t\t<\/section>\n\t\t\t\t<section class=\"elementor-section elementor-top-section elementor-element elementor-element-ade46a4 elementor-section-full_width elementor-section-height-default elementor-section-height-default\" data-id=\"ade46a4\" data-element_type=\"section\" data-e-type=\"section\">\n\t\t\t\t\t\t<div class=\"elementor-container elementor-column-gap-default\">\n\t\t\t\t\t<div class=\"elementor-column elementor-col-100 elementor-top-column elementor-element elementor-element-9fec491\" data-id=\"9fec491\" data-element_type=\"column\" data-e-type=\"column\">\n\t\t\t<div class=\"elementor-widget-wrap elementor-element-populated\">\n\t\t\t\t\t\t<div class=\"elementor-element elementor-element-5de29ad elementor-widget elementor-widget-text-editor\" data-id=\"5de29ad\" data-element_type=\"widget\" data-e-type=\"widget\" data-widget_type=\"text-editor.default\">\n\t\t\t\t<div class=\"elementor-widget-container\">\n\t\t\t\t\t\t\t\t\t<h5>Som a Castell\u00f3, oficialment a la comarca del Baix Maestrat. Fa poc m\u00e9s de dos segles, el bot\u00e0nic valenci\u00e0 Antoni Josep Cavanilles va rec\u00f3rrer a peu la Tinen\u00e7a de Benifass\u00e0 i va descriure-la amb aquestes paraules: \u201c<em>Ocupa esta lo peor y m\u00e1s septentrional del reino. Confina por la parte septentrional con Arag\u00f3n y parte de Catalu\u00f1a. Su verdadera extensi\u00f3n pasar\u00e1 poco de tres leguas, pero se emplean siete horas en cruzarla por ser freq\u00fcentes las cuestas y barrancos. Por todas partes la rodean y la cierran altos montes calizos.<\/em>\u201d<\/br>\n<\/br>\nJoan Fuster tamb\u00e9 digu\u00e9 la seua: \u201c<em>Les muntanyes ens aclaparen. El paratge \u00e9s francament agrest i dur, entre altures que excedeixen els mil metres. La Tinen\u00e7a est\u00e0 constitu\u00efda per set pobles: la Pobla de Benifass\u00e0, el m\u00e9s gran, no arriba a 600 habitants: Castell de Cabres, el Boixar, Bellestar, Coratx\u00e0, Bel i Fredes, aquest \u00faltim, amb una poblaci\u00f3 inferior als 100 habitants.<\/em>\u00bb Aquest desert demogr\u00e0fic, \u00e9s fruit de la complexa orografia que a\u00eflla els pobles en un rang altim\u00e8tric dilatad\u00edssim: mentre que Fredes (1.090 m), el Boixar (1.098), Coratx\u00e0 (1.220 m) o Castell de Cabres (1.190 m) suporten els rigors climatol\u00f2gics de la muntanya mitjana, Bellestar (715 m) i la Pobla de Benifass\u00e0 (670 m) perviuen abrigats al fons de la vall. Bel, per la seua banda, una mica apartat i a 953 metres d&#8217;altitud. La Ruta dels 7 Pobles de la Tinen\u00e7a de Benifass\u00e0, que us presentem en aquestes p\u00e0gines, pret\u00e9n fer descobrir aquesta comarca hist\u00f2rica.<\/h5>\t\t\t\t\t\t\t\t<\/div>\n\t\t\t\t<\/div>\n\t\t\t\t\t<\/div>\n\t\t<\/div>\n\t\t\t\t\t<\/div>\n\t\t<\/section>\n\t\t\t\t<section class=\"elementor-section elementor-top-section elementor-element elementor-element-c9cb0f6 elementor-section-full_width elementor-section-height-default elementor-section-height-default\" data-id=\"c9cb0f6\" data-element_type=\"section\" data-e-type=\"section\">\n\t\t\t\t\t\t<div class=\"elementor-container elementor-column-gap-default\">\n\t\t\t\t\t<div class=\"elementor-column elementor-col-100 elementor-top-column elementor-element elementor-element-b8d6717\" data-id=\"b8d6717\" data-element_type=\"column\" data-e-type=\"column\">\n\t\t\t<div class=\"elementor-widget-wrap elementor-element-populated\">\n\t\t\t\t\t\t<div class=\"elementor-element elementor-element-a71c370 elementor-widget elementor-widget-image\" data-id=\"a71c370\" data-element_type=\"widget\" data-e-type=\"widget\" data-widget_type=\"image.default\">\n\t\t\t\t<div class=\"elementor-widget-container\">\n\t\t\t\t\t\t\t\t\t\t\t\t<figure class=\"wp-caption\">\n\t\t\t\t\t\t\t\t\t\t<img decoding=\"async\" width=\"2000\" height=\"1333\" src=\"https:\/\/rutesentrerefugis.com\/wp-content\/uploads\/2023\/06\/Abrupta-i-Solitaria-01.jpg\" class=\"attachment-full size-full wp-image-18142\" alt=\"\" srcset=\"https:\/\/rutesentrerefugis.com\/wp-content\/uploads\/2023\/06\/Abrupta-i-Solitaria-01.jpg 2000w, https:\/\/rutesentrerefugis.com\/wp-content\/uploads\/2023\/06\/Abrupta-i-Solitaria-01-300x200.jpg 300w, https:\/\/rutesentrerefugis.com\/wp-content\/uploads\/2023\/06\/Abrupta-i-Solitaria-01-1024x682.jpg 1024w, https:\/\/rutesentrerefugis.com\/wp-content\/uploads\/2023\/06\/Abrupta-i-Solitaria-01-768x512.jpg 768w, https:\/\/rutesentrerefugis.com\/wp-content\/uploads\/2023\/06\/Abrupta-i-Solitaria-01-1536x1024.jpg 1536w\" sizes=\"(max-width: 2000px) 100vw, 2000px\" \/>\t\t\t\t\t\t\t\t\t\t\t<figcaption class=\"widget-image-caption wp-caption-text\">L'abrupte portell de l'Infern obre les portes a un dels indrets m\u00e9s impactants de la Tinen\u00e7a de Benifass\u00e0.<\/figcaption>\n\t\t\t\t\t\t\t\t\t\t<\/figure>\n\t\t\t\t\t\t\t\t\t<\/div>\n\t\t\t\t<\/div>\n\t\t\t\t\t<\/div>\n\t\t<\/div>\n\t\t\t\t\t<\/div>\n\t\t<\/section>\n\t\t\t\t<section class=\"elementor-section elementor-top-section elementor-element elementor-element-d21285b elementor-section-full_width elementor-section-height-default elementor-section-height-default\" data-id=\"d21285b\" data-element_type=\"section\" data-e-type=\"section\">\n\t\t\t\t\t\t<div class=\"elementor-container elementor-column-gap-default\">\n\t\t\t\t\t<div class=\"elementor-column elementor-col-100 elementor-top-column elementor-element elementor-element-50a071a\" data-id=\"50a071a\" data-element_type=\"column\" data-e-type=\"column\">\n\t\t\t<div class=\"elementor-widget-wrap elementor-element-populated\">\n\t\t\t\t\t\t<div class=\"elementor-element elementor-element-f8b0ed0 elementor-widget elementor-widget-text-editor\" data-id=\"f8b0ed0\" data-element_type=\"widget\" data-e-type=\"widget\" data-widget_type=\"text-editor.default\">\n\t\t\t\t<div class=\"elementor-widget-container\">\n\t\t\t\t\t\t\t\t\t<h4><u><span style=\"color: #000000;\">EN TEMPS DE JAUME I<\/span><\/u><\/h4>\n<h5>Al cor de la Tinen\u00e7a, coneguda tamb\u00e9 com Setena de Benifass\u00e0, per la pres\u00e8ncia de les set localitats citades, es troba el convent de Benifass\u00e0, l&#8217;origen del qual remunta a temps de Jaume I. Fundat el 1233 per monjos cistercencs del Monestir de Poblet, all\u00e0 cap al 1250 s&#8217;havia convertit ja en un dels principals convents valencians i havia esdevingut senyor dels set pobles i dels seus recursos agr\u00edcoles i naturals. El convent va ser abandonat arran de la desamortitzaci\u00f3 del 1835 i posteriorment rescatat de la ru\u00efna: avui hi habita una petita comunitat de monges cartoixanes de clausura que ha perm\u00e8s que una part del recinte sigui visitable.<\/br>\nAmb el pas dels segles, l&#8217;a\u00efllament de la Tinen\u00e7a de Benifass\u00e0 ha provocat, com hem apuntat l\u00ednies amunt, un irreversible proc\u00e9s de despoblament i el conseq\u00fcent abandonament de camps i conreus, la p\u00e8rdua d&#8217;una forma de vida ancestral, i l&#8217;oblit d&#8217;un patrimoni cultural -en especial, de la pedra seca, que tant abunda ac\u00ed- i de la xarxa de camins hist\u00f2rics. Davant d&#8217;aquest escenari, i considerant el valors natural, cultural i paisatg\u00edstic de la Tinen\u00e7a de Benifass\u00e0, la Generalitat Valenciana va declarar-la parc natural el 19 de maig de 2006.<\/h5><\/br>\n<\/br>\n<h4><u><span style=\"color: #000000;\">EN MARXA<\/span><\/u><\/h4>\n<h5>En xifres, la Ruta dels 7 Pobles de la Tinen\u00e7a de Benifass\u00e0\u00ae es tradueix en 70 quil\u00f2metres i 4.600 metres positius que poden realitzar-se des de non-stop fins a cinc etapes. La presentem en quatre jornades, perqu\u00e8 es tracta d&#8217;una proporci\u00f3 equilibrada i factible. El recorregut \u00e9s de car\u00e0cter circular i recomanable en sentit antihorari.<\/br>\n<\/br>\n<h5><font color=\"#B40404\"><b>1a ETAPA<\/b><\/font><\/br>\n<font color=\"#000000\"><b>EL BOIXAR &#8211; CASTELL DE CABRES<\/b><\/font><\/br><\/h5>\n<h6><b>Longitud:<\/b> 14 km<\/br>\n<b>Desnivell positiu:<\/b> 700 m<\/h6>\n<h5>El Boixar, i concretament la Casa-refugi El Boixar, \u00e9s el punt d&#8217;inici del periple. El poble, enlairat i exposat als vents, es troba a 1.100 metres d&#8217;altitud. El paisatge ostenta una aridesa end\u00e8mica, on regna la roca mare i el matollar eixut i una meteorologia constrastada. Ens acomiadem del poble per un cam\u00ed que transcorre paral\u00b7lel a la carretera. Aviat penetra en un barranc que concentra la humitat local i condensa una apreciable massa forestal, al capdamunt de la qual trobarem l&#8217;anomenat pi del Peir\u00f3, un exemplar noble, de copa dilatad\u00edssima, al bell mig de la serra de les Albardes que separa el Boixar de Coratx\u00e0, el poble m\u00e9s alt de la Tinen\u00e7a de Benifass\u00e0, a 1.235 metres sobre el nivell del mar. Quan hom s&#8217;hi atansa des del barranc de l&#8217;Avellanar, la imatge en contrapicat d&#8217;aquest nucli no pot ser m\u00e9s est\u00e8tica. Un grapat de revolts en pujada constant i desemboquem en les primeres cases. La sobrietat arquitect\u00f2nica sedueix, integrada en un paisatge despullat de tot artifici, on la pedra seca \u00e9s l&#8217;\u00fanic indici d&#8217;antropitzaci\u00f3. La pla\u00e7a major \u00e9s presidida per la Casa de la Vila, un edifici min\u00fascul, proporcionat, de parets emblanquinades i equipat amb els elements fonamentals per ordenar la vida del lloc: un rellotge, una campana i un banc on deixar passar les hores.  \nCoratx\u00e0 ha gaudit d&#8217;una transcend\u00e8ncia hist\u00f2rica inq\u00fcestionable, per ubicar-se en el dit canal de Pavia, un cam\u00ed ancestral que unia el Mediterrani amb Arag\u00f3. Per ac\u00ed, a m\u00e9s, passaren algunes romeries, com la que travessava aquestes muntanyes, des de Vallibona a Penya-roja de Tastavins, a la comarca aragonesa del Matarranya. Sembla que el poble va ser completament arrasat per Felip V durant la Guerra de Successi\u00f3 (s. XVIII) i, per aix\u00f2 mateix, l&#8217;\u00fanic edifici que es conserva anterior a aquesta data \u00e9s l&#8217;esgl\u00e9sia de Sant Jaume, de mitjan del XIII, medieval (la m\u00e9s antiga del Pa\u00eds Valenci\u00e0), lleugerament separada del poble i amb el petit cementiri adossat al seu extrem nord.\nEntre Coratx\u00e0 i Castell de Cabres, la Ruta dels 7 Pobles aprofita el cam\u00ed hist\u00f2ric que unia ambdues poblacions: ressegueix una orografia de relativa suavitat, un puja-i-baixa de turons indefinits, amb les ru\u00efnes de l&#8217;ermita rom\u00e0nica de Sant Crist\u00f2fol erigint-se sobre una proa de la serra hom\u00f2nima. La panor\u00e0mica que es desplega des del temple \u00e9s excepcional: cap al nord i als nostres peus, davalla el mass\u00eds del Port i la vall del riu Tastavins; al sud i a poca dist\u00e0ncia, Castell de Cabres, final d&#8217;aquesta primera etapa.<\/h5>\t\t\t\t\t\t\t\t<\/div>\n\t\t\t\t<\/div>\n\t\t\t\t\t<\/div>\n\t\t<\/div>\n\t\t\t\t\t<\/div>\n\t\t<\/section>\n\t\t\t\t<section class=\"elementor-section elementor-top-section elementor-element elementor-element-46f9ec1 elementor-section-full_width elementor-section-height-default elementor-section-height-default\" data-id=\"46f9ec1\" data-element_type=\"section\" data-e-type=\"section\">\n\t\t\t\t\t\t<div class=\"elementor-container elementor-column-gap-default\">\n\t\t\t\t\t<div class=\"elementor-column elementor-col-50 elementor-top-column elementor-element elementor-element-c526445\" data-id=\"c526445\" data-element_type=\"column\" data-e-type=\"column\">\n\t\t\t<div class=\"elementor-widget-wrap elementor-element-populated\">\n\t\t\t\t\t\t<div class=\"elementor-element elementor-element-4d5154f elementor-widget elementor-widget-image\" data-id=\"4d5154f\" data-element_type=\"widget\" data-e-type=\"widget\" data-widget_type=\"image.default\">\n\t\t\t\t<div class=\"elementor-widget-container\">\n\t\t\t\t\t\t\t\t\t\t\t\t<figure class=\"wp-caption\">\n\t\t\t\t\t\t\t\t\t\t<img decoding=\"async\" width=\"1000\" height=\"667\" src=\"https:\/\/rutesentrerefugis.com\/wp-content\/uploads\/2023\/06\/Abrupta-i-Solitaria-02.jpg\" class=\"attachment-full size-full wp-image-18157\" alt=\"\" srcset=\"https:\/\/rutesentrerefugis.com\/wp-content\/uploads\/2023\/06\/Abrupta-i-Solitaria-02.jpg 1000w, https:\/\/rutesentrerefugis.com\/wp-content\/uploads\/2023\/06\/Abrupta-i-Solitaria-02-300x200.jpg 300w, https:\/\/rutesentrerefugis.com\/wp-content\/uploads\/2023\/06\/Abrupta-i-Solitaria-02-768x512.jpg 768w\" sizes=\"(max-width: 1000px) 100vw, 1000px\" \/>\t\t\t\t\t\t\t\t\t\t\t<figcaption class=\"widget-image-caption wp-caption-text\">La serra de Sant Crist\u00f2fol tanca per l'extrem septentrional la Tinen\u00e7a de Benifass\u00e0<\/br>i s'obre com una balconada cap al sud. La fita, de dimensions excepcionals, marca l'inici del cam\u00ed tradicional que uneix Castell de Cabres amb l'ermita medieval de Sant Crist\u00f2fol.<\/figcaption>\n\t\t\t\t\t\t\t\t\t\t<\/figure>\n\t\t\t\t\t\t\t\t\t<\/div>\n\t\t\t\t<\/div>\n\t\t\t\t\t<\/div>\n\t\t<\/div>\n\t\t\t\t<div class=\"elementor-column elementor-col-50 elementor-top-column elementor-element elementor-element-dfaf2dd\" data-id=\"dfaf2dd\" data-element_type=\"column\" data-e-type=\"column\">\n\t\t\t<div class=\"elementor-widget-wrap elementor-element-populated\">\n\t\t\t\t\t\t<div class=\"elementor-element elementor-element-4e22723 elementor-widget elementor-widget-image\" data-id=\"4e22723\" data-element_type=\"widget\" data-e-type=\"widget\" data-widget_type=\"image.default\">\n\t\t\t\t<div class=\"elementor-widget-container\">\n\t\t\t\t\t\t\t\t\t\t\t\t<figure class=\"wp-caption\">\n\t\t\t\t\t\t\t\t\t\t<img loading=\"lazy\" decoding=\"async\" width=\"1000\" height=\"667\" src=\"https:\/\/rutesentrerefugis.com\/wp-content\/uploads\/2023\/06\/Abrupta-i-Solitaria-03.jpg\" class=\"attachment-full size-full wp-image-18158\" alt=\"\" srcset=\"https:\/\/rutesentrerefugis.com\/wp-content\/uploads\/2023\/06\/Abrupta-i-Solitaria-03.jpg 1000w, https:\/\/rutesentrerefugis.com\/wp-content\/uploads\/2023\/06\/Abrupta-i-Solitaria-03-300x200.jpg 300w, https:\/\/rutesentrerefugis.com\/wp-content\/uploads\/2023\/06\/Abrupta-i-Solitaria-03-768x512.jpg 768w\" sizes=\"(max-width: 1000px) 100vw, 1000px\" \/>\t\t\t\t\t\t\t\t\t\t\t<figcaption class=\"widget-image-caption wp-caption-text\">Des de Ballestar, el cam\u00ed tradicional penetra sinuosament en la vall del riu de la S\u00e9nia.<\/br>Som gaireb\u00e9 a la cota m\u00e9s baixa del recorregut i prop de la cua del pant\u00e0 d'Ulldecona<\/br>que vorejarem fins a la conflu\u00e8ncia amb el barranc de la Fou.<\/figcaption>\n\t\t\t\t\t\t\t\t\t\t<\/figure>\n\t\t\t\t\t\t\t\t\t<\/div>\n\t\t\t\t<\/div>\n\t\t\t\t\t<\/div>\n\t\t<\/div>\n\t\t\t\t\t<\/div>\n\t\t<\/section>\n\t\t\t\t<section class=\"elementor-section elementor-top-section elementor-element elementor-element-3a64ece elementor-section-full_width elementor-section-height-default elementor-section-height-default\" data-id=\"3a64ece\" data-element_type=\"section\" data-e-type=\"section\">\n\t\t\t\t\t\t<div class=\"elementor-container elementor-column-gap-default\">\n\t\t\t\t\t<div class=\"elementor-column elementor-col-100 elementor-top-column elementor-element elementor-element-3de6d20\" data-id=\"3de6d20\" data-element_type=\"column\" data-e-type=\"column\">\n\t\t\t<div class=\"elementor-widget-wrap elementor-element-populated\">\n\t\t\t\t\t\t<div class=\"elementor-element elementor-element-76623b2 elementor-widget elementor-widget-text-editor\" data-id=\"76623b2\" data-element_type=\"widget\" data-e-type=\"widget\" data-widget_type=\"text-editor.default\">\n\t\t\t\t<div class=\"elementor-widget-container\">\n\t\t\t\t\t\t\t\t\t<h5><span style=\"color: #b40404;\"><b>2a ETAPA<\/b><\/span><\/br>\n<span style=\"color: #000000;\"><b>CASTELL DE CABRES &#8211; LA POBLA DE BENIFASS\u00c0<\/b><\/span><\/h5>\n<h6><b>Longitud:<\/b> 27 km<\/br>\n<b>Desnivell positiu:<\/b> 1.500 m<\/h6>\n<h5>La segona i tercera etapa representen els punts forts del recorregut quant a exig\u00e8ncia f\u00edsica. Caldr\u00e0, doncs, matinar per tal de poder gaudir, sense presses, d&#8217;aquest territori.<\/br>\nIniciem la jornada encarant un cam\u00ed amb lla\u00e7ades que no deixa temps per a l&#8217;escalfament. La pujada \u00e9s intensa, per\u00f2 breu. Al capdamunt, cal girar la vista: ens acomiadem del poble, que perviu a recer d&#8217;un tur\u00f3. La pedra seca fa acte de pres\u00e8ncia; es manifesta visiblement en marges, en restes de l&#8217;empedrat del cam\u00ed tradicional per on circulem, en l&#8217;assagador que serv\u00ed per al despla\u00e7ament del ramat. Vertebra una composici\u00f3 natural nua, calc\u00e0ria, aspra. Som a una altitud considerable, sempre per sobre dels 1.100 metres. La meteorologia, en dies inclements, posa ac\u00ed les coses dif\u00edcils: no \u00e9s q\u00fcesti\u00f3 de confiar-se.<\/br>\nI \u00e9s en aquesta latitud on es desplega un paisatge d&#8217;una singular vaguetat, caracter\u00edstic de les cotes altes de la Tinen\u00e7a de Benifass\u00e0, amb alternan\u00e7a de petits plans amb turons poc marcats. Ac\u00ed i all\u00e0, masos, testimonis d&#8217;una vida resistent, obstinada, dispersa. I una topon\u00edmia que recorda l&#8217;\u00fas que tingueren els lloc i la gent que els posse\u00ed: passem el Boveral, on degueren pasturar ramats de bous, i el Muladar, amb una etimologia evident.<\/br>\nA mesura que avan\u00e7a l&#8217;etapa, l&#8217;orografia s&#8217;encrespa: les muntanyes prenen forma amb absoluta contund\u00e8ncia, els pendents s&#8217;accentuen i el terreny es torna intransigent. Tan bon punt perdem al\u00e7ada, apareix de nou el bosc. En una clariana, hi ha el mas de la Borja. En ru\u00efnes i d&#8217;unes dimensions espectaculars amb els diversos edificis que el componen, preserva l&#8217;eco d&#8217;un temps pret\u00e8rit. Des d&#8217;ac\u00ed, ens submergim en el barranc del mateix nom, on la pedra fa que els quil\u00f2metres es guanyen amb un esfor\u00e7 penitent. Enmig d&#8217;aquesta geografia solit\u00e0ria, la sensaci\u00f3 d&#8217;a\u00efllament \u00e9s excessiva. A l&#8217;eixida del barranc de la Borja, apareix el penya-segat inflexible, un altre element identitari del paisatge de la Tinen\u00e7a de Benifass\u00e0.<\/br>\nToquem puntualment l&#8217;asfalt per abastir-nos a la font de la Fou. Es tracta d&#8217;una carretera estreta, ve\u00efnal, que connecta els pobles de Vallibona i Rossell. La font \u00e9s un punt estrat\u00e8gic per a fer un rec\u00e8s: el tram final de l&#8217;etapa reclama una bona dosi d&#8217;energia per a salvar els gaireb\u00e9 500 metres que ens separen de Bel. D&#8217;aquest poble a la Pobla de Benifass\u00e0, circulem per l&#8217;antic cam\u00ed amb un descens final acusat que acabar\u00e0 de consumir-nos les reserves.<\/h5><\/br>\n<h5><span style=\"color: #b40404;\"><b>3a ETAPA<\/b><\/span><\/br>\n<span style=\"color: #000000;\"><b>LA POBLA DE BENIFASS\u00c0 &#8211; FREDES<\/b><\/span><\/h5>\n<h6><b>Longitud:<\/b> 27 km<\/br>\n<b>Desnivell positiu:<\/b> 2.000 m<\/h6>\n<h5>Una nova etapa exigent. Amb les cames encara endormiscades, salvem de cop els 350 metres de desnivell que ens separen de la part superior de la serra de la Creu. Alguns pensareu que per arribar al Bellestar aquesta pujada \u00e9s gratu\u00efta. Res m\u00e9s lluny d&#8217;aix\u00f2: la cota alta de la serra conforma un mirador de primer ordre sobre la vall que rega el riu Verd. S&#8217;hi assenten la Pobla de Benifass\u00e0 i el Bellestar voltats d&#8217;una ret\u00edcula de camps de sec\u00e0.<\/br> \nEns incorporem a la vall del riu Verd i flu\u00efm amb ell. Les seues aig\u00fces aviat seran embassades pel pant\u00e0 d&#8217;Ulldecona, que vorejarem pel seu flanc meridional, fins al Mol\u00ed l&#8217;Abad. La instal\u00b7laci\u00f3, a la vora de la carretera, ofereix un restaurant i un temptador hotel de muntanya. Remuntem durant dos quil\u00f2metres la pista del barranc de la Fou, anegat pel citat embassament. La via, plana, \u00e9s transitada, sobretot durant els caps de setmana. Ens fuguem per una secund\u00e0ria, al final de la qual s&#8217;inicia el cam\u00ed que d\u00f3na acc\u00e9s a un dels espais m\u00e9s bells i amb m\u00e9s car\u00e0cter de la Ruta dels 7 Pobles de la Tinen\u00e7a de Benifass\u00e0: el Portell de l&#8217;Infern. El nom ho diu tot: es tracta d&#8217;un pas entre el rocam, una escletxa magistral que ha perm\u00e8s tradicionalment comunicar Fredes amb la plana i el litoral. Un cop travessat, penetrem en un univers mineral majestu\u00f3s i un punt catedralici. Passem al peu de parets extraplomades i abrics naturals que conserven permanentment la humitat i la frescor de la terra. Caminem suspesos per sobre del barranc de la Tenalla, al qual ens submergirem per un corriol dins del bosc que davalla amb trams de fort pendent i algunes lla\u00e7ades. Al fons del barranc i en uns minuts, arribem a un altre highlight de la ruta: el Salt de Robert. L&#8217;indret, tancat, recollid\u00edssim, alberga una cascada de dimensions considerables, especialment si la pluja ha fet acte de pres\u00e8ncia els dies anteriors al nostre pas. Som (o almenys \u00e9s la sensaci\u00f3 que tenim) n\u00e0ufrags al centre de la Terra. Ara, nom\u00e9s queda eixir de nou a la superf\u00edcie. La tasca no ser\u00e0 f\u00e0cil. Un cam\u00ed remunta decidit cap a Fredes. El bosc \u00e9s tancat i humit; la llum, t\u00e8nue, gaireb\u00e9 una penombra. Guanyem desnivell a cada pas, amb un pendent que posa a prova la nostra capacitat pulmonar. I arribats a la cota superior, la t\u00f2nica se suavitza. A l&#8217;eixida del bosc, Fredes, enmig d&#8217;una relativa verdor.<\/h5>\t\t\t\t\t\t\t\t<\/div>\n\t\t\t\t<\/div>\n\t\t\t\t\t<\/div>\n\t\t<\/div>\n\t\t\t\t\t<\/div>\n\t\t<\/section>\n\t\t\t\t<section class=\"elementor-section elementor-top-section elementor-element elementor-element-c135c43 elementor-section-full_width elementor-section-height-default elementor-section-height-default\" data-id=\"c135c43\" data-element_type=\"section\" data-e-type=\"section\">\n\t\t\t\t\t\t<div class=\"elementor-container elementor-column-gap-default\">\n\t\t\t\t\t<div class=\"elementor-column elementor-col-100 elementor-top-column elementor-element elementor-element-e82212d\" data-id=\"e82212d\" data-element_type=\"column\" data-e-type=\"column\">\n\t\t\t<div class=\"elementor-widget-wrap elementor-element-populated\">\n\t\t\t\t\t\t<div class=\"elementor-element elementor-element-dafc0d4 elementor-widget elementor-widget-image\" data-id=\"dafc0d4\" data-element_type=\"widget\" data-e-type=\"widget\" data-widget_type=\"image.default\">\n\t\t\t\t<div class=\"elementor-widget-container\">\n\t\t\t\t\t\t\t\t\t\t\t\t<figure class=\"wp-caption\">\n\t\t\t\t\t\t\t\t\t\t<img loading=\"lazy\" decoding=\"async\" width=\"2000\" height=\"1333\" src=\"https:\/\/rutesentrerefugis.com\/wp-content\/uploads\/2023\/06\/Abrupta-i-Solitaria-04.jpg\" class=\"attachment-full size-full wp-image-18165\" alt=\"\" srcset=\"https:\/\/rutesentrerefugis.com\/wp-content\/uploads\/2023\/06\/Abrupta-i-Solitaria-04.jpg 2000w, https:\/\/rutesentrerefugis.com\/wp-content\/uploads\/2023\/06\/Abrupta-i-Solitaria-04-300x200.jpg 300w, https:\/\/rutesentrerefugis.com\/wp-content\/uploads\/2023\/06\/Abrupta-i-Solitaria-04-1024x682.jpg 1024w, https:\/\/rutesentrerefugis.com\/wp-content\/uploads\/2023\/06\/Abrupta-i-Solitaria-04-768x512.jpg 768w, https:\/\/rutesentrerefugis.com\/wp-content\/uploads\/2023\/06\/Abrupta-i-Solitaria-04-1536x1024.jpg 1536w\" sizes=\"(max-width: 2000px) 100vw, 2000px\" \/>\t\t\t\t\t\t\t\t\t\t\t<figcaption class=\"widget-image-caption wp-caption-text\">La l\u00e0mina d'aigua del pant\u00e0 d'Ulldecona cobreix les dues valls principals que nodreixen el riu de la S\u00e9nia. Un talaia, situada sobre el Mol\u00ed de l'Abad, permet contemplar-ne l'espectacle.<\/figcaption>\n\t\t\t\t\t\t\t\t\t\t<\/figure>\n\t\t\t\t\t\t\t\t\t<\/div>\n\t\t\t\t<\/div>\n\t\t\t\t\t<\/div>\n\t\t<\/div>\n\t\t\t\t\t<\/div>\n\t\t<\/section>\n\t\t\t\t<section class=\"elementor-section elementor-top-section elementor-element elementor-element-ec4cf60 elementor-section-full_width elementor-section-height-default elementor-section-height-default\" data-id=\"ec4cf60\" data-element_type=\"section\" data-e-type=\"section\">\n\t\t\t\t\t\t<div class=\"elementor-container elementor-column-gap-default\">\n\t\t\t\t\t<div class=\"elementor-column elementor-col-50 elementor-top-column elementor-element elementor-element-dc2d2e6\" data-id=\"dc2d2e6\" data-element_type=\"column\" data-e-type=\"column\">\n\t\t\t<div class=\"elementor-widget-wrap elementor-element-populated\">\n\t\t\t\t\t\t<div class=\"elementor-element elementor-element-ef47073 elementor-widget elementor-widget-image\" data-id=\"ef47073\" data-element_type=\"widget\" data-e-type=\"widget\" data-widget_type=\"image.default\">\n\t\t\t\t<div class=\"elementor-widget-container\">\n\t\t\t\t\t\t\t\t\t\t\t\t<figure class=\"wp-caption\">\n\t\t\t\t\t\t\t\t\t\t<img loading=\"lazy\" decoding=\"async\" width=\"1000\" height=\"667\" src=\"https:\/\/rutesentrerefugis.com\/wp-content\/uploads\/2023\/06\/Abrupta-i-Solitaria-05.jpg\" class=\"attachment-full size-full wp-image-18172\" alt=\"\" srcset=\"https:\/\/rutesentrerefugis.com\/wp-content\/uploads\/2023\/06\/Abrupta-i-Solitaria-05.jpg 1000w, https:\/\/rutesentrerefugis.com\/wp-content\/uploads\/2023\/06\/Abrupta-i-Solitaria-05-300x200.jpg 300w, https:\/\/rutesentrerefugis.com\/wp-content\/uploads\/2023\/06\/Abrupta-i-Solitaria-05-768x512.jpg 768w\" sizes=\"(max-width: 1000px) 100vw, 1000px\" \/>\t\t\t\t\t\t\t\t\t\t\t<figcaption class=\"widget-image-caption wp-caption-text\">La pedra seca acompanya a tota hora qui realitza la Ruta dels  7 Pobles de la Tinen\u00e7a de Benifass\u00e1. \u00c9s un patrimoni sovint poc valorat, ancestral i declarat Patrimoni de la Humanitat de la UNESCO.<\/figcaption>\n\t\t\t\t\t\t\t\t\t\t<\/figure>\n\t\t\t\t\t\t\t\t\t<\/div>\n\t\t\t\t<\/div>\n\t\t\t\t\t<\/div>\n\t\t<\/div>\n\t\t\t\t<div class=\"elementor-column elementor-col-50 elementor-top-column elementor-element elementor-element-e886515\" data-id=\"e886515\" data-element_type=\"column\" data-e-type=\"column\" data-settings=\"{&quot;background_background&quot;:&quot;classic&quot;}\">\n\t\t\t<div class=\"elementor-widget-wrap elementor-element-populated\">\n\t\t\t\t\t\t<div class=\"elementor-element elementor-element-2485c44 elementor-widget elementor-widget-text-editor\" data-id=\"2485c44\" data-element_type=\"widget\" data-e-type=\"widget\" data-widget_type=\"text-editor.default\">\n\t\t\t\t<div class=\"elementor-widget-container\">\n\t\t\t\t\t\t\t\t\t<h4><span style=\"color: #000000;\">EN FAVOR DE LA PEDRA SECA,<\/br>\nPATRIMONI DE LA HUMANITAT<\/span><\/h4>\n<h5>Un dels principals elements identitaris de la Tinen\u00e7a de Benifass\u00e0 \u00e9s la pedra seca. Hi trobareu refugis de pastor, marges i bancals, assagadors, aljubs i altres solucions constructives que han definit el paisatge d&#8217;aquest territori. La Ruta dels 7 Pobles de la Tinen\u00e7a de Benifass\u00e0 en visita mostres representatives, rescatant-les de l&#8217;oblit i atorgant-los el valor intr\u00ednsec i internacionalment reconegut per la UNESCO, que inclo\u00efa el 2018 la pedra seca dins la seua Llista Representativa del Patrimoni Cultural Immaterial.<\/h5>\t\t\t\t\t\t\t\t<\/div>\n\t\t\t\t<\/div>\n\t\t\t\t\t<\/div>\n\t\t<\/div>\n\t\t\t\t\t<\/div>\n\t\t<\/section>\n\t\t\t\t<section class=\"elementor-section elementor-top-section elementor-element elementor-element-fdb90d3 elementor-section-full_width elementor-section-height-default elementor-section-height-default\" data-id=\"fdb90d3\" data-element_type=\"section\" data-e-type=\"section\">\n\t\t\t\t\t\t<div class=\"elementor-container elementor-column-gap-default\">\n\t\t\t\t\t<div class=\"elementor-column elementor-col-50 elementor-top-column elementor-element elementor-element-38234e7\" data-id=\"38234e7\" data-element_type=\"column\" data-e-type=\"column\">\n\t\t\t<div class=\"elementor-widget-wrap elementor-element-populated\">\n\t\t\t\t\t\t<div class=\"elementor-element elementor-element-4a4b671 elementor-widget elementor-widget-text-editor\" data-id=\"4a4b671\" data-element_type=\"widget\" data-e-type=\"widget\" data-widget_type=\"text-editor.default\">\n\t\t\t\t<div class=\"elementor-widget-container\">\n\t\t\t\t\t\t\t\t\t<h5><span style=\"color: #b40404;\"><b>4a ETAPA<\/b><\/br><\/span>\n<span style=\"color: #000000;\"><b>FREDES &#8211; EL BOIXAR<\/b><\/span><\/h5>\n<h6><b>Longitud:<\/b> 9 km<\/br>\n<b>Desnivell positiu:<\/b> 400 m<\/h6>\n<h5>La darrera etapa \u00e9s curta, per\u00f2 no per aix\u00f2 menys atractiva. Abandonem Fredes per un cam\u00ed que delimiten marges de pedra seca d&#8217;un calcari blanquin\u00f3s. El pla que presideix el poble aporta una bondat transit\u00f2ria a aquest entorn fer\u00e9stec. Com un oasi, dona respir entre tanta roca. El travessem i anem guanyant altitud de manera suau; superem camps i erms, i penetrem de nou en el pend\u00eds acusat de la muntanya. El cam\u00ed \u00e9s preci\u00f3s, regular, predictible. Antic. D&#8217;una relativa comoditat. El Mas de l&#8217;Hostalet ens acull a l&#8217;eixida del barranc de la Pasq\u00fcala. Som a un tir de pedra del Boixar, per\u00f2 la Ruta dels 7 Pobles de la Tinen\u00e7a de Benifass\u00e0 no enfila la via m\u00e9s curta, sin\u00f3 que tanca el cercle pujant al tossal Gros, de nou a la serra de les Albardes que hav\u00edem travessat a l&#8217;inici de l&#8217;itinerari. I, ara s\u00ed, despr\u00e9s de l&#8217;esfor\u00e7 final, toca la recompensa: una bona recuperaci\u00f3 a la Casa-refugi El Boixar.<\/h5>\t\t\t\t\t\t\t\t<\/div>\n\t\t\t\t<\/div>\n\t\t\t\t\t<\/div>\n\t\t<\/div>\n\t\t\t\t<div class=\"elementor-column elementor-col-50 elementor-top-column elementor-element elementor-element-82559f0\" data-id=\"82559f0\" data-element_type=\"column\" data-e-type=\"column\">\n\t\t\t<div class=\"elementor-widget-wrap elementor-element-populated\">\n\t\t\t\t\t\t<div class=\"elementor-element elementor-element-a6d747c elementor-widget elementor-widget-image\" data-id=\"a6d747c\" data-element_type=\"widget\" data-e-type=\"widget\" data-widget_type=\"image.default\">\n\t\t\t\t<div class=\"elementor-widget-container\">\n\t\t\t\t\t\t\t\t\t\t\t\t<figure class=\"wp-caption\">\n\t\t\t\t\t\t\t\t\t\t<img loading=\"lazy\" decoding=\"async\" width=\"1000\" height=\"667\" src=\"https:\/\/rutesentrerefugis.com\/wp-content\/uploads\/2023\/06\/Abrupta-i-Solitaria-06.jpg\" class=\"attachment-full size-full wp-image-18221\" alt=\"\" srcset=\"https:\/\/rutesentrerefugis.com\/wp-content\/uploads\/2023\/06\/Abrupta-i-Solitaria-06.jpg 1000w, https:\/\/rutesentrerefugis.com\/wp-content\/uploads\/2023\/06\/Abrupta-i-Solitaria-06-300x200.jpg 300w, https:\/\/rutesentrerefugis.com\/wp-content\/uploads\/2023\/06\/Abrupta-i-Solitaria-06-768x512.jpg 768w\" sizes=\"(max-width: 1000px) 100vw, 1000px\" \/>\t\t\t\t\t\t\t\t\t\t\t<figcaption class=\"widget-image-caption wp-caption-text\">La Casa-refugi El Boixar \u00e9s punt d'inici i final de la Ruta dels 7 Pobles de la Tinen\u00e7a de Benifassar,<\/br>i un lloc idoni per a planificar les diferents etapes del recorregut.<\/figcaption>\n\t\t\t\t\t\t\t\t\t\t<\/figure>\n\t\t\t\t\t\t\t\t\t<\/div>\n\t\t\t\t<\/div>\n\t\t\t\t\t<\/div>\n\t\t<\/div>\n\t\t\t\t\t<\/div>\n\t\t<\/section>\n\t\t\t\t<section class=\"elementor-section elementor-top-section elementor-element elementor-element-57193c0 elementor-section-full_width elementor-section-height-default elementor-section-height-default\" data-id=\"57193c0\" data-element_type=\"section\" data-e-type=\"section\">\n\t\t\t\t\t\t<div class=\"elementor-container elementor-column-gap-default\">\n\t\t\t\t\t<div class=\"elementor-column elementor-col-100 elementor-top-column elementor-element elementor-element-1cc0828\" data-id=\"1cc0828\" data-element_type=\"column\" data-e-type=\"column\">\n\t\t\t<div class=\"elementor-widget-wrap elementor-element-populated\">\n\t\t\t\t\t\t<div class=\"elementor-element elementor-element-abd0cf8 elementor-widget-divider--view-line elementor-widget elementor-widget-divider\" data-id=\"abd0cf8\" data-element_type=\"widget\" data-e-type=\"widget\" data-widget_type=\"divider.default\">\n\t\t\t\t<div class=\"elementor-widget-container\">\n\t\t\t\t\t\t\t<div class=\"elementor-divider\">\n\t\t\t<span class=\"elementor-divider-separator\">\n\t\t\t\t\t\t<\/span>\n\t\t<\/div>\n\t\t\t\t\t\t<\/div>\n\t\t\t\t<\/div>\n\t\t\t\t\t<\/div>\n\t\t<\/div>\n\t\t\t\t\t<\/div>\n\t\t<\/section>\n\t\t\t\t<section class=\"elementor-section elementor-top-section elementor-element elementor-element-a684d77 elementor-section-full_width elementor-section-height-default elementor-section-height-default\" data-id=\"a684d77\" data-element_type=\"section\" data-e-type=\"section\">\n\t\t\t\t\t\t<div class=\"elementor-container elementor-column-gap-default\">\n\t\t\t\t\t<div class=\"elementor-column elementor-col-50 elementor-top-column elementor-element elementor-element-1f3d5eb\" data-id=\"1f3d5eb\" data-element_type=\"column\" data-e-type=\"column\">\n\t\t\t<div class=\"elementor-widget-wrap elementor-element-populated\">\n\t\t\t\t\t\t<div class=\"elementor-element elementor-element-00aeced elementor-widget elementor-widget-image\" data-id=\"00aeced\" data-element_type=\"widget\" data-e-type=\"widget\" data-widget_type=\"image.default\">\n\t\t\t\t<div class=\"elementor-widget-container\">\n\t\t\t\t\t\t\t\t\t\t\t\t\t\t\t<img loading=\"lazy\" decoding=\"async\" width=\"1000\" height=\"667\" src=\"https:\/\/rutesentrerefugis.com\/wp-content\/uploads\/2023\/06\/Abrupta-i-Solitaria-07.jpg\" class=\"attachment-full size-full wp-image-18250\" alt=\"\" srcset=\"https:\/\/rutesentrerefugis.com\/wp-content\/uploads\/2023\/06\/Abrupta-i-Solitaria-07.jpg 1000w, https:\/\/rutesentrerefugis.com\/wp-content\/uploads\/2023\/06\/Abrupta-i-Solitaria-07-300x200.jpg 300w, https:\/\/rutesentrerefugis.com\/wp-content\/uploads\/2023\/06\/Abrupta-i-Solitaria-07-768x512.jpg 768w\" sizes=\"(max-width: 1000px) 100vw, 1000px\" \/>\t\t\t\t\t\t\t\t\t\t\t\t\t\t\t<\/div>\n\t\t\t\t<\/div>\n\t\t\t\t\t<\/div>\n\t\t<\/div>\n\t\t\t\t<div class=\"elementor-column elementor-col-50 elementor-top-column elementor-element elementor-element-1460dec\" data-id=\"1460dec\" data-element_type=\"column\" data-e-type=\"column\">\n\t\t\t<div class=\"elementor-widget-wrap elementor-element-populated\">\n\t\t\t\t\t\t<div class=\"elementor-element elementor-element-6077f71 elementor-widget elementor-widget-heading\" data-id=\"6077f71\" data-element_type=\"widget\" data-e-type=\"widget\" data-widget_type=\"heading.default\">\n\t\t\t\t<div class=\"elementor-widget-container\">\n\t\t\t\t\t<h2 class=\"elementor-heading-title elementor-size-default\"><font color=\"#B40404\">ENTREVISTA<\/font> <font color=\"#000000\">JOEL GARCIA<\/font><\/h2>\t\t\t\t<\/div>\n\t\t\t\t<\/div>\n\t\t\t\t<div class=\"elementor-element elementor-element-ae66c23 elementor-widget elementor-widget-text-editor\" data-id=\"ae66c23\" data-element_type=\"widget\" data-e-type=\"widget\" data-widget_type=\"text-editor.default\">\n\t\t\t\t<div class=\"elementor-widget-container\">\n\t\t\t\t\t\t\t\t\t<h5>Fill de la S\u00e9nia, \u00e9s el creador de la Ruta dels 7 Pobles de la Tinen\u00e7a de Benifass\u00e0\u00ae. A m\u00e9s de guia de mitja muntanya, regenta la Casa-refugi El Boixar,\ndes d&#8217;on organitza activitats relacionades amb el medi natural, per tal d&#8217;aportar el seu gra de sorra a la dinamitzaci\u00f3 de la zona. El gener de 2013 va llen\u00e7ar la proposta senderista que ens ocupa.<\/h5>\t\t\t\t\t\t\t\t<\/div>\n\t\t\t\t<\/div>\n\t\t\t\t<div class=\"elementor-element elementor-element-e8c4e18 elementor-blockquote--skin-boxed elementor-blockquote--align-center elementor-widget elementor-widget-blockquote\" data-id=\"e8c4e18\" data-element_type=\"widget\" data-e-type=\"widget\" data-widget_type=\"blockquote.default\">\n\t\t\t\t<div class=\"elementor-widget-container\">\n\t\t\t\t\t\t\t<blockquote class=\"elementor-blockquote\">\n\t\t\t<p class=\"elementor-blockquote__content\">\n\t\t\t\t\u00abPer als de la S\u00e9nia, la Tinen\u00e7a de Benifass\u00e0<\/br>\n\u00e9s la porta natural a les muntanyes\u00bb\t\t\t<\/p>\n\t\t\t\t\t<\/blockquote>\n\t\t\t\t\t\t<\/div>\n\t\t\t\t<\/div>\n\t\t\t\t\t<\/div>\n\t\t<\/div>\n\t\t\t\t\t<\/div>\n\t\t<\/section>\n\t\t\t\t<section class=\"elementor-section elementor-top-section elementor-element elementor-element-ff43c6a elementor-section-full_width elementor-section-height-default elementor-section-height-default\" data-id=\"ff43c6a\" data-element_type=\"section\" data-e-type=\"section\">\n\t\t\t\t\t\t<div class=\"elementor-container elementor-column-gap-default\">\n\t\t\t\t\t<div class=\"elementor-column elementor-col-50 elementor-top-column elementor-element elementor-element-b04f641\" data-id=\"b04f641\" data-element_type=\"column\" data-e-type=\"column\">\n\t\t\t<div class=\"elementor-widget-wrap elementor-element-populated\">\n\t\t\t\t\t\t<div class=\"elementor-element elementor-element-acea194 elementor-widget elementor-widget-text-editor\" data-id=\"acea194\" data-element_type=\"widget\" data-e-type=\"widget\" data-widget_type=\"text-editor.default\">\n\t\t\t\t<div class=\"elementor-widget-container\">\n\t\t\t\t\t\t\t\t\t<h5><span style=\"color: #000000;\"><b>De la Ruta dels 7 Pobles de la Tinen\u00e7a de Benifass\u00e0, quins s\u00f3n els punts forts que no podem deixar de contemplar?<\/b><\/span><br \/>D&#8217;entrada, cadascun dels set pobles, com tamb\u00e9 el patrimoni viari de camins hist\u00f2rics que els uneixen i per on passa el recorregut, molts d&#8217;ells encara empedrats. Quant a natura, alguns dels llocs m\u00e9s impressionants s\u00f3n el Portell de l&#8217;Infern, el Salt de Robert, la serra de la Creu, o el tram entre Boixar i Coratx\u00e0.<br \/><br \/><b><span style=\"color: #000000;\">La proposta \u00e9s guiada o autoguiada?<\/span><\/b><br \/>En un primer moment, vaig plantejar-la com un recorregut autoguiat, en el qual oferim gesti\u00f3 de reserves, tracks i mapa, trasllat d&#8217;equipatges i pack de benvinguda, per\u00f2 la titulaci\u00f3 de guia de mitja muntanya m&#8217;ha perm\u00e8s, tamb\u00e9, oferir-la guiada.<br \/><br \/><b><span style=\"color: #000000;\">La Tinen\u00e7a de Benifass\u00e0 \u00e9s una zona poc coneguda, encara, i poc valorada.<\/span><\/b><br \/>Efectivament, continua sent un dels espais menys freq\u00fcentats i menys massificats. Per als catalans, la Tinen\u00e7a deu quedar massa al sud i per als valencians, massa al nord, tot i que el p\u00fablic majoritari prov\u00e9 del Pa\u00eds Valenci\u00e0.<br \/><span style=\"color: #000000;\"><b>Quan vares dissenyar la ruta, per quin tiups de sender vas optar?<\/b><\/span><br \/>L&#8217;itinerari aprofita b\u00e0sicament GR&#8217;s i PR&#8217;s, perqu\u00e8 s\u00f3n homologats i perqu\u00e8 formen part de la xarxa de camins de la Tinen\u00e7a creada pel Centre Excursionista de Castell\u00f3, a partir d&#8217;una investigaci\u00f3 sobre els camins antics. Per tant, el recorregut aprofita aquest treball previ i, per la seva banda, vol contribuir al manteniment d&#8217;aquestes vies tradicionals, tornant a donar-los \u00fas.<\/h5>\t\t\t\t\t\t\t\t<\/div>\n\t\t\t\t<\/div>\n\t\t\t\t\t<\/div>\n\t\t<\/div>\n\t\t\t\t<div class=\"elementor-column elementor-col-50 elementor-top-column elementor-element elementor-element-8603887\" data-id=\"8603887\" data-element_type=\"column\" data-e-type=\"column\">\n\t\t\t<div class=\"elementor-widget-wrap elementor-element-populated\">\n\t\t\t\t\t\t<div class=\"elementor-element elementor-element-57c6af4 elementor-widget elementor-widget-text-editor\" data-id=\"57c6af4\" data-element_type=\"widget\" data-e-type=\"widget\" data-widget_type=\"text-editor.default\">\n\t\t\t\t<div class=\"elementor-widget-container\">\n\t\t\t\t\t\t\t\t\t<h5><b><span style=\"color: #000000;\">A la Tinen\u00e7a hi ha una realitat social molt preocupant, pel que fa a despoblament.<\/span><\/b><br \/>S\u00ed, \u00e9s un cas extrem de despoblament. A la Pobla de Benifass\u00e0, s&#8217;ha instal\u00b7lat en els \u00faltims anys alguna fam\u00edlia, i tot i aix\u00f2, el cens volta els 70 habitants. Pel que fa a la resta de pobles \u00e9s molt trist. I si no hi ha escoles, els pobles no creixeran mai. Per exemple, el Boixar t\u00e9 vuit habitants.<br \/>Aquests pobles s&#8217;estan convertint en espais de segones resid\u00e8ncies i de turisme rural.<br \/><br \/><b><span style=\"color: #000000;\">A banda de la Ruta dels 7 Pobles de la Tinen\u00e7a de Benifass\u00e0, vares crear la ruta Tres Regnes en BTT. Varen n\u00e0ixer simult\u00e0niament?<\/span><\/b><br \/>Va ser posterior, per\u00f2 no gaire m\u00e9s posterior. Tres Regnes en BTT est\u00e0 plantejada com un tr\u00e8vol, amb el centre a la Casa-refugi El Boixar. Aix\u00ed, pots escollir si fas un, dos o els tres cercles.<br \/><br \/><b><span style=\"color: #000000;\">Altres creacions pr\u00f2pies?<\/span><\/b><br \/>Vaig llen\u00e7ar, junt amb Senda, una ag\u00e8ncia de viatges i turisme actiu i cultural de Beseit, Un Paseo por los Puertos de Beceite (53 km \/ 2.300 m+). Es tracta d&#8217;un recorregut senderista que reprodueix l&#8217;itinerari que varen fer un grup de bot\u00e0nics a mitjan segle XIX. L&#8217;any passat v\u00e0rem allargar-la, batejant el nou itinerari Gran Paseo por los Puertos de Beceite, amb quatre etapes (86 km \/3.920 m+). La proposta m\u00e9s recent \u00e9s Lo Port en Gravel, un recorregut autoguiat en bicicleta de gravel que travessa el mass\u00eds del Port.<\/h5>\t\t\t\t\t\t\t\t<\/div>\n\t\t\t\t<\/div>\n\t\t\t\t\t<\/div>\n\t\t<\/div>\n\t\t\t\t\t<\/div>\n\t\t<\/section>\n\t\t\t\t<section class=\"elementor-section elementor-top-section elementor-element elementor-element-43fdae4 elementor-section-full_width elementor-section-height-default elementor-section-height-default\" data-id=\"43fdae4\" data-element_type=\"section\" data-e-type=\"section\">\n\t\t\t\t\t\t<div class=\"elementor-container elementor-column-gap-default\">\n\t\t\t\t\t<div class=\"elementor-column elementor-col-100 elementor-top-column elementor-element elementor-element-4d8f465\" data-id=\"4d8f465\" data-element_type=\"column\" data-e-type=\"column\">\n\t\t\t<div class=\"elementor-widget-wrap elementor-element-populated\">\n\t\t\t\t\t\t<div class=\"elementor-element elementor-element-d1f5194 elementor-widget elementor-widget-spacer\" data-id=\"d1f5194\" data-element_type=\"widget\" data-e-type=\"widget\" data-widget_type=\"spacer.default\">\n\t\t\t\t<div class=\"elementor-widget-container\">\n\t\t\t\t\t\t\t<div class=\"elementor-spacer\">\n\t\t\t<div class=\"elementor-spacer-inner\"><\/div>\n\t\t<\/div>\n\t\t\t\t\t\t<\/div>\n\t\t\t\t<\/div>\n\t\t\t\t\t<\/div>\n\t\t<\/div>\n\t\t\t\t\t<\/div>\n\t\t<\/section>\n\t\t\t\t<section class=\"elementor-section elementor-top-section elementor-element elementor-element-7326131 elementor-section-full_width elementor-section-height-default elementor-section-height-default\" data-id=\"7326131\" data-element_type=\"section\" data-e-type=\"section\" data-settings=\"{&quot;background_background&quot;:&quot;classic&quot;}\">\n\t\t\t\t\t\t<div class=\"elementor-container elementor-column-gap-default\">\n\t\t\t\t\t<div class=\"elementor-column elementor-col-100 elementor-top-column elementor-element elementor-element-93725fa\" data-id=\"93725fa\" data-element_type=\"column\" data-e-type=\"column\">\n\t\t\t<div class=\"elementor-widget-wrap elementor-element-populated\">\n\t\t\t\t\t\t<div class=\"elementor-element elementor-element-3aa8fee elementor-widget elementor-widget-image\" data-id=\"3aa8fee\" data-element_type=\"widget\" data-e-type=\"widget\" data-widget_type=\"image.default\">\n\t\t\t\t<div class=\"elementor-widget-container\">\n\t\t\t\t\t\t\t\t\t\t\t\t\t\t\t<img loading=\"lazy\" decoding=\"async\" width=\"100\" height=\"100\" src=\"https:\/\/rutesentrerefugis.com\/wp-content\/uploads\/2023\/03\/Eliseu-Inici.jpg\" class=\"attachment-full size-full wp-image-9416\" alt=\"\" \/>\t\t\t\t\t\t\t\t\t\t\t\t\t\t\t<\/div>\n\t\t\t\t<\/div>\n\t\t\t\t\t<\/div>\n\t\t<\/div>\n\t\t\t\t\t<\/div>\n\t\t<\/section>\n\t\t\t\t<section class=\"elementor-section elementor-top-section elementor-element elementor-element-b48e0e9 elementor-section-full_width elementor-section-height-default elementor-section-height-default\" data-id=\"b48e0e9\" data-element_type=\"section\" data-e-type=\"section\" data-settings=\"{&quot;background_background&quot;:&quot;classic&quot;}\">\n\t\t\t\t\t\t<div class=\"elementor-container elementor-column-gap-default\">\n\t\t\t\t\t<div class=\"elementor-column elementor-col-100 elementor-top-column elementor-element elementor-element-d6ee9cf\" data-id=\"d6ee9cf\" data-element_type=\"column\" data-e-type=\"column\">\n\t\t\t<div class=\"elementor-widget-wrap elementor-element-populated\">\n\t\t\t\t\t\t<div class=\"elementor-element elementor-element-f13bb45 elementor-widget elementor-widget-text-editor\" data-id=\"f13bb45\" data-element_type=\"widget\" data-e-type=\"widget\" data-widget_type=\"text-editor.default\">\n\t\t\t\t<div class=\"elementor-widget-container\">\n\t\t\t\t\t\t\t\t\t<h4>ELISEU T. CLIMENT<\/h4>\n<h5>Treballa com a periodista des del 1993. Primer com a periodista cultural i mediambiental, per centrar-se posteriorment en el periodisme esportiu especialitzat, tot i que mant\u00e9 la primera activitat al setmanari EL TEMPS. \u00c9s cap de redacci\u00f3 de la revista TRAIL, dedicada al trail running; ha estat assessor i col\u00b7laborador de la revista de cultura ciclista VOLATA, i des de 2014 col\u00b7labora amb V\u00c8RTEX, de la qual va ser-ne el cap de redacci\u00f3 a principis dels 2000. Ha col\u00b7laborat, entre d\u2019altres mitjans, a DESNIVEL, GRANDES ESPACIOS, ALTA\u00cfR o VIAJAR. \u00c9s autor de la guia de trail running COLLSEROLA. 20 ITINERARIS PER DESCOBRIR-LA (Editorial Alpina) i coautor del mapa-guia CAVALLS DEL VENT, de la mateixa editorial. Els seus esports s\u00f3n l\u2019escalada, c\u00f3rrer per muntanya, l\u2019esqu\u00ed de muntanya en telemark i la bicicleta en diferents modalitats (carretera, btt, t\u00e0ndem, cicloturisme). La seva passi\u00f3 per la bicicleta des del 1982 l\u2019ha portat a viatjar arreu: Isl\u00e0ndia, Finl\u00e0ndia a l\u2019hivern, Marroc, Ben\u00edn, Cuba\u2026 i els principals pa\u00efsos i massissos europeus. Per a ell, el ciclisme \u00e9s, abans que res, una experi\u00e8ncia geogr\u00e0fica. \u00c9s per aix\u00f2 que va crear el 2015 la CAT700, una aventura en autosufici\u00e8ncia que travessa Catalunya de Nord a Sud. Ha estat l\u2019impulsor de la modalitat de ciclisme de grava a Catalunya, el gravel, com a via de descoberta i exploraci\u00f3 territorial. El 2013 va crear la seva pr\u00f2pia marca de bicicletes a mida, GRAVEL CYCLES, que dissenya ell mateix.<\/h5>\t\t\t\t\t\t\t\t<\/div>\n\t\t\t\t<\/div>\n\t\t\t\t\t<\/div>\n\t\t<\/div>\n\t\t\t\t\t<\/div>\n\t\t<\/section>\n\t\t\t\t<section class=\"elementor-section elementor-top-section elementor-element elementor-element-6862852 elementor-section-full_width elementor-section-height-default elementor-section-height-default\" data-id=\"6862852\" data-element_type=\"section\" data-e-type=\"section\">\n\t\t\t\t\t\t<div class=\"elementor-container elementor-column-gap-default\">\n\t\t\t\t\t<div class=\"elementor-column elementor-col-100 elementor-top-column elementor-element elementor-element-535203f\" data-id=\"535203f\" data-element_type=\"column\" data-e-type=\"column\">\n\t\t\t<div class=\"elementor-widget-wrap elementor-element-populated\">\n\t\t\t\t\t\t<div class=\"elementor-element elementor-element-f58bc22 elementor-widget elementor-widget-spacer\" data-id=\"f58bc22\" data-element_type=\"widget\" data-e-type=\"widget\" data-widget_type=\"spacer.default\">\n\t\t\t\t<div class=\"elementor-widget-container\">\n\t\t\t\t\t\t\t<div class=\"elementor-spacer\">\n\t\t\t<div class=\"elementor-spacer-inner\"><\/div>\n\t\t<\/div>\n\t\t\t\t\t\t<\/div>\n\t\t\t\t<\/div>\n\t\t\t\t\t<\/div>\n\t\t<\/div>\n\t\t\t\t\t<\/div>\n\t\t<\/section>\n\t\t\t\t<section class=\"elementor-section elementor-top-section elementor-element elementor-element-8cdf51e elementor-section-full_width elementor-section-height-default elementor-section-height-default\" data-id=\"8cdf51e\" data-element_type=\"section\" data-e-type=\"section\">\n\t\t\t\t\t\t<div class=\"elementor-container elementor-column-gap-default\">\n\t\t\t\t\t<div class=\"elementor-column elementor-col-100 elementor-top-column elementor-element elementor-element-d0066f3\" data-id=\"d0066f3\" data-element_type=\"column\" data-e-type=\"column\">\n\t\t\t<div class=\"elementor-widget-wrap elementor-element-populated\">\n\t\t\t\t\t\t<div class=\"elementor-element elementor-element-fbbd880 elementor-widget elementor-widget-heading\" data-id=\"fbbd880\" data-element_type=\"widget\" data-e-type=\"widget\" data-widget_type=\"heading.default\">\n\t\t\t\t<div class=\"elementor-widget-container\">\n\t\t\t\t\t<h5 class=\"elementor-heading-title elementor-size-default\"><font color=\"#999999\"><u>Per si vols compartir aquesta cr\u00f2nica<\/u><\/font><\/h5>\t\t\t\t<\/div>\n\t\t\t\t<\/div>\n\t\t\t\t\t<\/div>\n\t\t<\/div>\n\t\t\t\t\t<\/div>\n\t\t<\/section>\n\t\t\t\t<section class=\"elementor-section elementor-top-section elementor-element elementor-element-57fc934 elementor-section-full_width elementor-section-height-default elementor-section-height-default\" data-id=\"57fc934\" data-element_type=\"section\" data-e-type=\"section\">\n\t\t\t\t\t\t<div class=\"elementor-container elementor-column-gap-default\">\n\t\t\t\t\t<div class=\"elementor-column elementor-col-100 elementor-top-column elementor-element elementor-element-d8afc0e\" data-id=\"d8afc0e\" data-element_type=\"column\" data-e-type=\"column\">\n\t\t\t<div class=\"elementor-widget-wrap elementor-element-populated\">\n\t\t\t\t\t\t<div class=\"elementor-element elementor-element-fb1f042 elementor-share-buttons--view-icon elementor-share-buttons--skin-framed elementor-share-buttons--shape-circle elementor-share-buttons--color-custom elementor-grid-0 elementor-widget elementor-widget-share-buttons\" data-id=\"fb1f042\" data-element_type=\"widget\" data-e-type=\"widget\" data-widget_type=\"share-buttons.default\">\n\t\t\t\t<div class=\"elementor-widget-container\">\n\t\t\t\t\t\t\t<div class=\"elementor-grid\" role=\"list\">\n\t\t\t\t\t\t\t\t<div class=\"elementor-grid-item\" role=\"listitem\">\n\t\t\t\t\t\t<div class=\"elementor-share-btn elementor-share-btn_facebook\" role=\"button\" tabindex=\"0\" aria-label=\"Compartici\u00f3 en facebook\">\n\t\t\t\t\t\t\t\t\t\t\t\t\t\t\t<span class=\"elementor-share-btn__icon\">\n\t\t\t\t\t\t\t\t<i class=\"fab fa-facebook\" aria-hidden=\"true\"><\/i>\t\t\t\t\t\t\t<\/span>\n\t\t\t\t\t\t\t\t\t\t\t\t\t\t\t\t\t\t\t\t<\/div>\n\t\t\t\t\t<\/div>\n\t\t\t\t\t\t\t\t\t<div class=\"elementor-grid-item\" role=\"listitem\">\n\t\t\t\t\t\t<div class=\"elementor-share-btn elementor-share-btn_twitter\" role=\"button\" tabindex=\"0\" aria-label=\"Compartici\u00f3 en twitter\">\n\t\t\t\t\t\t\t\t\t\t\t\t\t\t\t<span class=\"elementor-share-btn__icon\">\n\t\t\t\t\t\t\t\t<i class=\"fab fa-twitter\" aria-hidden=\"true\"><\/i>\t\t\t\t\t\t\t<\/span>\n\t\t\t\t\t\t\t\t\t\t\t\t\t\t\t\t\t\t\t\t<\/div>\n\t\t\t\t\t<\/div>\n\t\t\t\t\t\t\t\t\t<div class=\"elementor-grid-item\" role=\"listitem\">\n\t\t\t\t\t\t<div class=\"elementor-share-btn elementor-share-btn_telegram\" role=\"button\" tabindex=\"0\" aria-label=\"Compartici\u00f3 en telegram\">\n\t\t\t\t\t\t\t\t\t\t\t\t\t\t\t<span class=\"elementor-share-btn__icon\">\n\t\t\t\t\t\t\t\t<i class=\"fab fa-telegram\" aria-hidden=\"true\"><\/i>\t\t\t\t\t\t\t<\/span>\n\t\t\t\t\t\t\t\t\t\t\t\t\t\t\t\t\t\t\t\t<\/div>\n\t\t\t\t\t<\/div>\n\t\t\t\t\t\t\t\t\t<div class=\"elementor-grid-item\" role=\"listitem\">\n\t\t\t\t\t\t<div class=\"elementor-share-btn elementor-share-btn_pinterest\" role=\"button\" tabindex=\"0\" aria-label=\"Compartici\u00f3 en pinterest\">\n\t\t\t\t\t\t\t\t\t\t\t\t\t\t\t<span class=\"elementor-share-btn__icon\">\n\t\t\t\t\t\t\t\t<i class=\"fab fa-pinterest\" aria-hidden=\"true\"><\/i>\t\t\t\t\t\t\t<\/span>\n\t\t\t\t\t\t\t\t\t\t\t\t\t\t\t\t\t\t\t\t<\/div>\n\t\t\t\t\t<\/div>\n\t\t\t\t\t\t\t\t\t<div class=\"elementor-grid-item\" role=\"listitem\">\n\t\t\t\t\t\t<div class=\"elementor-share-btn elementor-share-btn_whatsapp\" role=\"button\" tabindex=\"0\" aria-label=\"Compartici\u00f3 en whatsapp\">\n\t\t\t\t\t\t\t\t\t\t\t\t\t\t\t<span class=\"elementor-share-btn__icon\">\n\t\t\t\t\t\t\t\t<i class=\"fab fa-whatsapp\" aria-hidden=\"true\"><\/i>\t\t\t\t\t\t\t<\/span>\n\t\t\t\t\t\t\t\t\t\t\t\t\t\t\t\t\t\t\t\t<\/div>\n\t\t\t\t\t<\/div>\n\t\t\t\t\t\t\t\t\t<div class=\"elementor-grid-item\" role=\"listitem\">\n\t\t\t\t\t\t<div class=\"elementor-share-btn elementor-share-btn_email\" role=\"button\" tabindex=\"0\" aria-label=\"Compartici\u00f3 en email\">\n\t\t\t\t\t\t\t\t\t\t\t\t\t\t\t<span class=\"elementor-share-btn__icon\">\n\t\t\t\t\t\t\t\t<i class=\"fas fa-envelope\" aria-hidden=\"true\"><\/i>\t\t\t\t\t\t\t<\/span>\n\t\t\t\t\t\t\t\t\t\t\t\t\t\t\t\t\t\t\t\t<\/div>\n\t\t\t\t\t<\/div>\n\t\t\t\t\t\t\t\t\t<div class=\"elementor-grid-item\" role=\"listitem\">\n\t\t\t\t\t\t<div class=\"elementor-share-btn elementor-share-btn_print\" role=\"button\" tabindex=\"0\" aria-label=\"Compartici\u00f3 en print\">\n\t\t\t\t\t\t\t\t\t\t\t\t\t\t\t<span class=\"elementor-share-btn__icon\">\n\t\t\t\t\t\t\t\t<i class=\"fas fa-print\" aria-hidden=\"true\"><\/i>\t\t\t\t\t\t\t<\/span>\n\t\t\t\t\t\t\t\t\t\t\t\t\t\t\t\t\t\t\t\t<\/div>\n\t\t\t\t\t<\/div>\n\t\t\t\t\t\t<\/div>\n\t\t\t\t\t\t<\/div>\n\t\t\t\t<\/div>\n\t\t\t\t\t<\/div>\n\t\t<\/div>\n\t\t\t\t\t<\/div>\n\t\t<\/section>\n\t\t\t\t<section class=\"elementor-section elementor-top-section elementor-element elementor-element-41314f0 elementor-section-full_width elementor-section-height-default elementor-section-height-default\" data-id=\"41314f0\" data-element_type=\"section\" data-e-type=\"section\">\n\t\t\t\t\t\t<div class=\"elementor-container elementor-column-gap-default\">\n\t\t\t\t\t<div class=\"elementor-column elementor-col-100 elementor-top-column elementor-element elementor-element-8c77b23\" data-id=\"8c77b23\" data-element_type=\"column\" data-e-type=\"column\">\n\t\t\t<div class=\"elementor-widget-wrap elementor-element-populated\">\n\t\t\t\t\t\t<div class=\"elementor-element elementor-element-d32d00e elementor-widget elementor-widget-spacer\" data-id=\"d32d00e\" data-element_type=\"widget\" data-e-type=\"widget\" data-widget_type=\"spacer.default\">\n\t\t\t\t<div class=\"elementor-widget-container\">\n\t\t\t\t\t\t\t<div class=\"elementor-spacer\">\n\t\t\t<div class=\"elementor-spacer-inner\"><\/div>\n\t\t<\/div>\n\t\t\t\t\t\t<\/div>\n\t\t\t\t<\/div>\n\t\t\t\t\t<\/div>\n\t\t<\/div>\n\t\t\t\t\t<\/div>\n\t\t<\/section>\n\t\t\t\t<section class=\"elementor-section elementor-top-section elementor-element elementor-element-023685b elementor-section-full_width elementor-section-height-default elementor-section-height-default\" data-id=\"023685b\" data-element_type=\"section\" data-e-type=\"section\">\n\t\t\t\t\t\t<div class=\"elementor-container elementor-column-gap-default\">\n\t\t\t\t\t<div class=\"elementor-column elementor-col-100 elementor-top-column elementor-element elementor-element-587db6e\" data-id=\"587db6e\" data-element_type=\"column\" data-e-type=\"column\">\n\t\t\t<div class=\"elementor-widget-wrap elementor-element-populated\">\n\t\t\t\t\t\t<div class=\"elementor-element elementor-element-b3bcd97 elementor-widget-divider--view-line elementor-widget elementor-widget-divider\" data-id=\"b3bcd97\" data-element_type=\"widget\" data-e-type=\"widget\" data-widget_type=\"divider.default\">\n\t\t\t\t<div class=\"elementor-widget-container\">\n\t\t\t\t\t\t\t<div class=\"elementor-divider\">\n\t\t\t<span class=\"elementor-divider-separator\">\n\t\t\t\t\t\t<\/span>\n\t\t<\/div>\n\t\t\t\t\t\t<\/div>\n\t\t\t\t<\/div>\n\t\t\t\t\t<\/div>\n\t\t<\/div>\n\t\t\t\t\t<\/div>\n\t\t<\/section>\n\t\t\t\t<section class=\"elementor-section elementor-top-section elementor-element elementor-element-2e6415a elementor-section-full_width elementor-section-height-default elementor-section-height-default\" data-id=\"2e6415a\" data-element_type=\"section\" data-e-type=\"section\">\n\t\t\t\t\t\t<div class=\"elementor-container elementor-column-gap-default\">\n\t\t\t\t\t<div class=\"elementor-column elementor-col-100 elementor-top-column elementor-element elementor-element-6e2cc66\" data-id=\"6e2cc66\" data-element_type=\"column\" data-e-type=\"column\">\n\t\t\t<div class=\"elementor-widget-wrap elementor-element-populated\">\n\t\t\t\t\t\t<div class=\"elementor-element elementor-element-afa2556 elementor-widget elementor-widget-heading\" data-id=\"afa2556\" data-element_type=\"widget\" data-e-type=\"widget\" data-widget_type=\"heading.default\">\n\t\t\t\t<div class=\"elementor-widget-container\">\n\t\t\t\t\t<h2 class=\"elementor-heading-title elementor-size-default\"><u>ARTICLES PUBLICATS PER L'AUTOR<\/u><\/h2>\t\t\t\t<\/div>\n\t\t\t\t<\/div>\n\t\t\t\t\t<\/div>\n\t\t<\/div>\n\t\t\t\t\t<\/div>\n\t\t<\/section>\n\t\t\t\t<section class=\"elementor-section elementor-top-section elementor-element elementor-element-cc00698 elementor-section-full_width elementor-section-height-default elementor-section-height-default\" data-id=\"cc00698\" data-element_type=\"section\" data-e-type=\"section\">\n\t\t\t\t\t\t<div class=\"elementor-container elementor-column-gap-default\">\n\t\t\t\t\t<div class=\"elementor-column elementor-col-100 elementor-top-column elementor-element elementor-element-19d0ab3\" data-id=\"19d0ab3\" data-element_type=\"column\" data-e-type=\"column\">\n\t\t\t<div class=\"elementor-widget-wrap elementor-element-populated\">\n\t\t\t\t\t\t<div class=\"elementor-element elementor-element-9d8ea37 elementor-widget elementor-widget-spacer\" data-id=\"9d8ea37\" data-element_type=\"widget\" data-e-type=\"widget\" data-widget_type=\"spacer.default\">\n\t\t\t\t<div class=\"elementor-widget-container\">\n\t\t\t\t\t\t\t<div class=\"elementor-spacer\">\n\t\t\t<div class=\"elementor-spacer-inner\"><\/div>\n\t\t<\/div>\n\t\t\t\t\t\t<\/div>\n\t\t\t\t<\/div>\n\t\t\t\t\t<\/div>\n\t\t<\/div>\n\t\t\t\t\t<\/div>\n\t\t<\/section>\n\t\t\t\t<section class=\"elementor-section elementor-top-section elementor-element elementor-element-876f6c1 elementor-section-full_width elementor-section-height-default elementor-section-height-default\" data-id=\"876f6c1\" data-element_type=\"section\" data-e-type=\"section\">\n\t\t\t\t\t\t<div class=\"elementor-container elementor-column-gap-default\">\n\t\t\t\t\t<div class=\"elementor-column elementor-col-100 elementor-top-column elementor-element elementor-element-6eed234\" data-id=\"6eed234\" data-element_type=\"column\" data-e-type=\"column\">\n\t\t\t<div class=\"elementor-widget-wrap elementor-element-populated\">\n\t\t\t\t\t\t<div class=\"elementor-element elementor-element-8c3c0f4 elementor-grid-5 elementor-grid-tablet-2 elementor-grid-mobile-1 elementor-posts--thumbnail-top elementor-widget elementor-widget-posts\" data-id=\"8c3c0f4\" data-element_type=\"widget\" data-e-type=\"widget\" data-settings=\"{&quot;classic_columns&quot;:&quot;5&quot;,&quot;classic_columns_tablet&quot;:&quot;2&quot;,&quot;classic_columns_mobile&quot;:&quot;1&quot;,&quot;classic_row_gap&quot;:{&quot;unit&quot;:&quot;px&quot;,&quot;size&quot;:35,&quot;sizes&quot;:[]},&quot;classic_row_gap_tablet&quot;:{&quot;unit&quot;:&quot;px&quot;,&quot;size&quot;:&quot;&quot;,&quot;sizes&quot;:[]},&quot;classic_row_gap_mobile&quot;:{&quot;unit&quot;:&quot;px&quot;,&quot;size&quot;:&quot;&quot;,&quot;sizes&quot;:[]}}\" data-widget_type=\"posts.classic\">\n\t\t\t\t<div class=\"elementor-widget-container\">\n\t\t\t\t\t\t\t<div class=\"elementor-posts-container elementor-posts elementor-posts--skin-classic elementor-grid\" role=\"list\">\n\t\t\t\t<article class=\"elementor-post elementor-grid-item post-24127 post type-post status-publish format-standard has-post-thumbnail hentry category-blog category-eliseu-t-climent-ca tag-columnas-ca tag-columnes-ca tag-el-territori-en-paraules tag-el-territorio-en-palabras tag-eliseu-t-climent-ca\" role=\"listitem\">\n\t\t\t\t<a class=\"elementor-post__thumbnail__link\" href=\"https:\/\/rutesentrerefugis.com\/index.php\/2025\/01\/19\/el-territori-en-paraules\/\" tabindex=\"-1\" >\n\t\t\t<div class=\"elementor-post__thumbnail\"><img loading=\"lazy\" decoding=\"async\" width=\"300\" height=\"200\" src=\"https:\/\/rutesentrerefugis.com\/wp-content\/uploads\/2025\/01\/El-Territori-en-Paraules-Inici-300x200.jpg\" class=\"attachment-medium size-medium wp-image-24130\" alt=\"\" srcset=\"https:\/\/rutesentrerefugis.com\/wp-content\/uploads\/2025\/01\/El-Territori-en-Paraules-Inici-300x200.jpg 300w, https:\/\/rutesentrerefugis.com\/wp-content\/uploads\/2025\/01\/El-Territori-en-Paraules-Inici-1024x683.jpg 1024w, https:\/\/rutesentrerefugis.com\/wp-content\/uploads\/2025\/01\/El-Territori-en-Paraules-Inici-768x512.jpg 768w, https:\/\/rutesentrerefugis.com\/wp-content\/uploads\/2025\/01\/El-Territori-en-Paraules-Inici.jpg 1200w\" sizes=\"(max-width: 300px) 100vw, 300px\" \/><\/div>\n\t\t<\/a>\n\t\t\t\t<div class=\"elementor-post__text\">\n\t\t\t\t<h3 class=\"elementor-post__title\">\n\t\t\t<a href=\"https:\/\/rutesentrerefugis.com\/index.php\/2025\/01\/19\/el-territori-en-paraules\/\" >\n\t\t\t\tEL TERRITORI EN PARAULES\t\t\t<\/a>\n\t\t<\/h3>\n\t\t\t\t<div class=\"elementor-post__meta-data\">\n\t\t\t\t\t<span class=\"elementor-post-date\">\n\t\t\t19\/01\/2025\t\t<\/span>\n\t\t\t\t<\/div>\n\t\t\t\t<\/div>\n\t\t\t\t<\/article>\n\t\t\t\t<article class=\"elementor-post elementor-grid-item post-18116 post type-post status-publish format-standard has-post-thumbnail hentry category-blog category-eliseu-t-climent-ca tag-3-regnes-en-btt tag-7-pobles-ca tag-bel-ca tag-bellestar tag-castell-de-cabres-ca tag-coratxa-ca tag-el-boixar-ca tag-eliseu-t-climent-ca tag-fredes-ca tag-joel-garcia tag-la-pobla-de-benifassa-ca tag-lo-port-en-gravel tag-portell-de-linfern tag-ruta-dels-7-pobles-de-la-tinenca-de-benifassa tag-salt-de-robert tag-un-paseo-por-los-puertos-de-beceite\" role=\"listitem\">\n\t\t\t\t<a class=\"elementor-post__thumbnail__link\" href=\"https:\/\/rutesentrerefugis.com\/index.php\/2023\/07\/03\/abrupta-i-solitaria\/\" tabindex=\"-1\" >\n\t\t\t<div class=\"elementor-post__thumbnail\"><img loading=\"lazy\" decoding=\"async\" width=\"300\" height=\"200\" src=\"https:\/\/rutesentrerefugis.com\/wp-content\/uploads\/2023\/06\/Abrupta-i-Solitaria-Inici-300x200.jpg\" class=\"attachment-medium size-medium wp-image-18117\" alt=\"\" srcset=\"https:\/\/rutesentrerefugis.com\/wp-content\/uploads\/2023\/06\/Abrupta-i-Solitaria-Inici-300x200.jpg 300w, https:\/\/rutesentrerefugis.com\/wp-content\/uploads\/2023\/06\/Abrupta-i-Solitaria-Inici-1024x683.jpg 1024w, https:\/\/rutesentrerefugis.com\/wp-content\/uploads\/2023\/06\/Abrupta-i-Solitaria-Inici-768x512.jpg 768w, https:\/\/rutesentrerefugis.com\/wp-content\/uploads\/2023\/06\/Abrupta-i-Solitaria-Inici.jpg 1200w\" sizes=\"(max-width: 300px) 100vw, 300px\" \/><\/div>\n\t\t<\/a>\n\t\t\t\t<div class=\"elementor-post__text\">\n\t\t\t\t<h3 class=\"elementor-post__title\">\n\t\t\t<a href=\"https:\/\/rutesentrerefugis.com\/index.php\/2023\/07\/03\/abrupta-i-solitaria\/\" >\n\t\t\t\tABRUPTA I SOLIT\u00c0RIA\t\t\t<\/a>\n\t\t<\/h3>\n\t\t\t\t<div class=\"elementor-post__meta-data\">\n\t\t\t\t\t<span class=\"elementor-post-date\">\n\t\t\t03\/07\/2023\t\t<\/span>\n\t\t\t\t<\/div>\n\t\t\t\t<\/div>\n\t\t\t\t<\/article>\n\t\t\t\t<article class=\"elementor-post elementor-grid-item post-9507 post type-post status-publish format-standard has-post-thumbnail hentry category-blog category-eliseu-t-climent-ca tag-columnas-ca tag-columnes-ca tag-el-refugi-ca tag-eliseu-t-climent-ca tag-una-historia-de-trincheras-es-ca tag-una-historia-de-trinxeres-es-ca\" role=\"listitem\">\n\t\t\t\t<a class=\"elementor-post__thumbnail__link\" href=\"https:\/\/rutesentrerefugis.com\/index.php\/2022\/03\/11\/una-historia-de-trinxeres\/\" tabindex=\"-1\" >\n\t\t\t<div class=\"elementor-post__thumbnail\"><img loading=\"lazy\" decoding=\"async\" width=\"300\" height=\"200\" src=\"https:\/\/rutesentrerefugis.com\/wp-content\/uploads\/2023\/03\/Historia-Trinxeres-Inici-NW-300x200.jpg\" class=\"attachment-medium size-medium wp-image-9508\" alt=\"\" srcset=\"https:\/\/rutesentrerefugis.com\/wp-content\/uploads\/2023\/03\/Historia-Trinxeres-Inici-NW-300x200.jpg 300w, https:\/\/rutesentrerefugis.com\/wp-content\/uploads\/2023\/03\/Historia-Trinxeres-Inici-NW-1024x683.jpg 1024w, https:\/\/rutesentrerefugis.com\/wp-content\/uploads\/2023\/03\/Historia-Trinxeres-Inici-NW-768x512.jpg 768w, https:\/\/rutesentrerefugis.com\/wp-content\/uploads\/2023\/03\/Historia-Trinxeres-Inici-NW.jpg 1200w\" sizes=\"(max-width: 300px) 100vw, 300px\" \/><\/div>\n\t\t<\/a>\n\t\t\t\t<div class=\"elementor-post__text\">\n\t\t\t\t<h3 class=\"elementor-post__title\">\n\t\t\t<a href=\"https:\/\/rutesentrerefugis.com\/index.php\/2022\/03\/11\/una-historia-de-trinxeres\/\" >\n\t\t\t\tUNA HIST\u00d2RIA DE TRINXERES\t\t\t<\/a>\n\t\t<\/h3>\n\t\t\t\t<div class=\"elementor-post__meta-data\">\n\t\t\t\t\t<span class=\"elementor-post-date\">\n\t\t\t11\/03\/2022\t\t<\/span>\n\t\t\t\t<\/div>\n\t\t\t\t<\/div>\n\t\t\t\t<\/article>\n\t\t\t\t<article class=\"elementor-post elementor-grid-item post-9487 post type-post status-publish format-standard has-post-thumbnail hentry category-blog category-eliseu-t-climent-ca tag-columnas-ca tag-columnes-ca tag-el-refugi-ca tag-eliseu-t-climent-ca tag-els-camins-de-la-historia-es-ca tag-los-caminos-de-la-historia-ca\" role=\"listitem\">\n\t\t\t\t<a class=\"elementor-post__thumbnail__link\" href=\"https:\/\/rutesentrerefugis.com\/index.php\/2021\/03\/22\/els-camins-de-la-historia\/\" tabindex=\"-1\" >\n\t\t\t<div class=\"elementor-post__thumbnail\"><img loading=\"lazy\" decoding=\"async\" width=\"300\" height=\"200\" src=\"https:\/\/rutesentrerefugis.com\/wp-content\/uploads\/2023\/03\/Els-Camins-de-la-Historia-Inici-NW-300x200.jpg\" class=\"attachment-medium size-medium wp-image-9488\" alt=\"\" srcset=\"https:\/\/rutesentrerefugis.com\/wp-content\/uploads\/2023\/03\/Els-Camins-de-la-Historia-Inici-NW-300x200.jpg 300w, https:\/\/rutesentrerefugis.com\/wp-content\/uploads\/2023\/03\/Els-Camins-de-la-Historia-Inici-NW-1024x683.jpg 1024w, https:\/\/rutesentrerefugis.com\/wp-content\/uploads\/2023\/03\/Els-Camins-de-la-Historia-Inici-NW-768x512.jpg 768w, https:\/\/rutesentrerefugis.com\/wp-content\/uploads\/2023\/03\/Els-Camins-de-la-Historia-Inici-NW.jpg 1200w\" sizes=\"(max-width: 300px) 100vw, 300px\" \/><\/div>\n\t\t<\/a>\n\t\t\t\t<div class=\"elementor-post__text\">\n\t\t\t\t<h3 class=\"elementor-post__title\">\n\t\t\t<a href=\"https:\/\/rutesentrerefugis.com\/index.php\/2021\/03\/22\/els-camins-de-la-historia\/\" >\n\t\t\t\tELS CAMINS DE LA HIST\u00d2RIA\t\t\t<\/a>\n\t\t<\/h3>\n\t\t\t\t<div class=\"elementor-post__meta-data\">\n\t\t\t\t\t<span class=\"elementor-post-date\">\n\t\t\t22\/03\/2021\t\t<\/span>\n\t\t\t\t<\/div>\n\t\t\t\t<\/div>\n\t\t\t\t<\/article>\n\t\t\t\t<article class=\"elementor-post elementor-grid-item post-9461 post type-post status-publish format-standard has-post-thumbnail hentry category-blog category-eliseu-t-climent-ca tag-columnas-ca tag-columnes-ca tag-el-nomada-es-ca tag-el-refugi-ca tag-eliseu-t-climent-ca\" role=\"listitem\">\n\t\t\t\t<a class=\"elementor-post__thumbnail__link\" href=\"https:\/\/rutesentrerefugis.com\/index.php\/2020\/11\/11\/el-nomada\/\" tabindex=\"-1\" >\n\t\t\t<div class=\"elementor-post__thumbnail\"><img loading=\"lazy\" decoding=\"async\" width=\"300\" height=\"200\" src=\"https:\/\/rutesentrerefugis.com\/wp-content\/uploads\/2023\/03\/El-Nomada-Inici-NW-300x200.jpg\" class=\"attachment-medium size-medium wp-image-9462\" alt=\"\" srcset=\"https:\/\/rutesentrerefugis.com\/wp-content\/uploads\/2023\/03\/El-Nomada-Inici-NW-300x200.jpg 300w, https:\/\/rutesentrerefugis.com\/wp-content\/uploads\/2023\/03\/El-Nomada-Inici-NW-1024x683.jpg 1024w, https:\/\/rutesentrerefugis.com\/wp-content\/uploads\/2023\/03\/El-Nomada-Inici-NW-768x512.jpg 768w, https:\/\/rutesentrerefugis.com\/wp-content\/uploads\/2023\/03\/El-Nomada-Inici-NW.jpg 1200w\" sizes=\"(max-width: 300px) 100vw, 300px\" \/><\/div>\n\t\t<\/a>\n\t\t\t\t<div class=\"elementor-post__text\">\n\t\t\t\t<h3 class=\"elementor-post__title\">\n\t\t\t<a href=\"https:\/\/rutesentrerefugis.com\/index.php\/2020\/11\/11\/el-nomada\/\" >\n\t\t\t\tEL N\u00d2MADA\t\t\t<\/a>\n\t\t<\/h3>\n\t\t\t\t<div class=\"elementor-post__meta-data\">\n\t\t\t\t\t<span class=\"elementor-post-date\">\n\t\t\t11\/11\/2020\t\t<\/span>\n\t\t\t\t<\/div>\n\t\t\t\t<\/div>\n\t\t\t\t<\/article>\n\t\t\t\t<article class=\"elementor-post elementor-grid-item post-9436 post type-post status-publish format-standard has-post-thumbnail hentry category-blog category-eliseu-t-climent-ca tag-columnas-ca tag-columnes-ca tag-el-refugi-ca tag-el-refugio-ca tag-eliseu-t-climent-ca\" role=\"listitem\">\n\t\t\t\t<a class=\"elementor-post__thumbnail__link\" href=\"https:\/\/rutesentrerefugis.com\/index.php\/2020\/06\/28\/el-refugi\/\" tabindex=\"-1\" >\n\t\t\t<div class=\"elementor-post__thumbnail\"><img loading=\"lazy\" decoding=\"async\" width=\"300\" height=\"200\" src=\"https:\/\/rutesentrerefugis.com\/wp-content\/uploads\/2023\/03\/El-Refugi-Inici-NW-300x200.jpg\" class=\"attachment-medium size-medium wp-image-9437\" alt=\"\" srcset=\"https:\/\/rutesentrerefugis.com\/wp-content\/uploads\/2023\/03\/El-Refugi-Inici-NW-300x200.jpg 300w, https:\/\/rutesentrerefugis.com\/wp-content\/uploads\/2023\/03\/El-Refugi-Inici-NW-1024x683.jpg 1024w, https:\/\/rutesentrerefugis.com\/wp-content\/uploads\/2023\/03\/El-Refugi-Inici-NW-768x512.jpg 768w, https:\/\/rutesentrerefugis.com\/wp-content\/uploads\/2023\/03\/El-Refugi-Inici-NW.jpg 1200w\" sizes=\"(max-width: 300px) 100vw, 300px\" \/><\/div>\n\t\t<\/a>\n\t\t\t\t<div class=\"elementor-post__text\">\n\t\t\t\t<h3 class=\"elementor-post__title\">\n\t\t\t<a href=\"https:\/\/rutesentrerefugis.com\/index.php\/2020\/06\/28\/el-refugi\/\" >\n\t\t\t\tEL REFUGI\t\t\t<\/a>\n\t\t<\/h3>\n\t\t\t\t<div class=\"elementor-post__meta-data\">\n\t\t\t\t\t<span class=\"elementor-post-date\">\n\t\t\t28\/06\/2020\t\t<\/span>\n\t\t\t\t<\/div>\n\t\t\t\t<\/div>\n\t\t\t\t<\/article>\n\t\t\t\t<article class=\"elementor-post elementor-grid-item post-9409 post type-post status-publish format-standard has-post-thumbnail hentry category-blog category-eliseu-t-climent-ca tag-columnas-ca tag-columnes-ca tag-eliseu-t-climent-ca tag-hablemos-de-leer-ca tag-parlem-de-llegir-ca\" role=\"listitem\">\n\t\t\t\t<a class=\"elementor-post__thumbnail__link\" href=\"https:\/\/rutesentrerefugis.com\/index.php\/2020\/04\/13\/parlem-de-llegir\/\" tabindex=\"-1\" >\n\t\t\t<div class=\"elementor-post__thumbnail\"><img loading=\"lazy\" decoding=\"async\" width=\"300\" height=\"200\" src=\"https:\/\/rutesentrerefugis.com\/wp-content\/uploads\/2023\/03\/Llegim-Inici-NW-300x200.jpg\" class=\"attachment-medium size-medium wp-image-9410\" alt=\"\" srcset=\"https:\/\/rutesentrerefugis.com\/wp-content\/uploads\/2023\/03\/Llegim-Inici-NW-300x200.jpg 300w, https:\/\/rutesentrerefugis.com\/wp-content\/uploads\/2023\/03\/Llegim-Inici-NW-1024x683.jpg 1024w, https:\/\/rutesentrerefugis.com\/wp-content\/uploads\/2023\/03\/Llegim-Inici-NW-768x512.jpg 768w, https:\/\/rutesentrerefugis.com\/wp-content\/uploads\/2023\/03\/Llegim-Inici-NW.jpg 1200w\" sizes=\"(max-width: 300px) 100vw, 300px\" \/><\/div>\n\t\t<\/a>\n\t\t\t\t<div class=\"elementor-post__text\">\n\t\t\t\t<h3 class=\"elementor-post__title\">\n\t\t\t<a href=\"https:\/\/rutesentrerefugis.com\/index.php\/2020\/04\/13\/parlem-de-llegir\/\" >\n\t\t\t\tPARLEM DE LLEGIR\t\t\t<\/a>\n\t\t<\/h3>\n\t\t\t\t<div class=\"elementor-post__meta-data\">\n\t\t\t\t\t<span class=\"elementor-post-date\">\n\t\t\t13\/04\/2020\t\t<\/span>\n\t\t\t\t<\/div>\n\t\t\t\t<\/div>\n\t\t\t\t<\/article>\n\t\t\t\t<\/div>\n\t\t\n\t\t\t\t\t\t<\/div>\n\t\t\t\t<\/div>\n\t\t\t\t\t<\/div>\n\t\t<\/div>\n\t\t\t\t\t<\/div>\n\t\t<\/section>\n\t\t\t\t<section class=\"elementor-section elementor-top-section elementor-element elementor-element-1140a2d elementor-section-full_width elementor-section-height-default elementor-section-height-default\" data-id=\"1140a2d\" data-element_type=\"section\" data-e-type=\"section\">\n\t\t\t\t\t\t<div class=\"elementor-container elementor-column-gap-default\">\n\t\t\t\t\t<div class=\"elementor-column elementor-col-100 elementor-top-column elementor-element elementor-element-6407d56\" data-id=\"6407d56\" data-element_type=\"column\" data-e-type=\"column\">\n\t\t\t<div class=\"elementor-widget-wrap elementor-element-populated\">\n\t\t\t\t\t\t<div class=\"elementor-element elementor-element-0c7840f elementor-widget-divider--view-line elementor-widget elementor-widget-divider\" data-id=\"0c7840f\" data-element_type=\"widget\" data-e-type=\"widget\" data-widget_type=\"divider.default\">\n\t\t\t\t<div class=\"elementor-widget-container\">\n\t\t\t\t\t\t\t<div class=\"elementor-divider\">\n\t\t\t<span class=\"elementor-divider-separator\">\n\t\t\t\t\t\t<\/span>\n\t\t<\/div>\n\t\t\t\t\t\t<\/div>\n\t\t\t\t<\/div>\n\t\t\t\t\t<\/div>\n\t\t<\/div>\n\t\t\t\t\t<\/div>\n\t\t<\/section>\n\t\t\t\t<section class=\"elementor-section elementor-top-section elementor-element elementor-element-236bab8 elementor-section-full_width elementor-section-height-default elementor-section-height-default\" data-id=\"236bab8\" data-element_type=\"section\" data-e-type=\"section\">\n\t\t\t\t\t\t<div class=\"elementor-container elementor-column-gap-default\">\n\t\t\t\t\t<div class=\"elementor-column elementor-col-100 elementor-top-column elementor-element elementor-element-93ca1f2\" data-id=\"93ca1f2\" data-element_type=\"column\" data-e-type=\"column\">\n\t\t\t<div class=\"elementor-widget-wrap elementor-element-populated\">\n\t\t\t\t\t\t<div class=\"elementor-element elementor-element-8595ddf elementor-widget elementor-widget-spacer\" data-id=\"8595ddf\" data-element_type=\"widget\" data-e-type=\"widget\" data-widget_type=\"spacer.default\">\n\t\t\t\t<div class=\"elementor-widget-container\">\n\t\t\t\t\t\t\t<div class=\"elementor-spacer\">\n\t\t\t<div class=\"elementor-spacer-inner\"><\/div>\n\t\t<\/div>\n\t\t\t\t\t\t<\/div>\n\t\t\t\t<\/div>\n\t\t\t\t\t<\/div>\n\t\t<\/div>\n\t\t\t\t\t<\/div>\n\t\t<\/section>\n\t\t\t\t<\/div>\n\t\t","protected":false},"excerpt":{"rendered":"<p>ABRUPTA I SOLIT\u00c0RIA LA RUTA 7 POBLES DE LA TINEN\u00c7A DE BENIFASS\u00c0 Cr\u00f2nica escrita per ELISEU T. CLIMENT publicada a la revista V\u00c8RTEX n\u00fam. 304<\/p>\n","protected":false},"author":24,"featured_media":18117,"comment_status":"open","ping_status":"open","sticky":false,"template":"elementor_header_footer","format":"standard","meta":{"_monsterinsights_skip_tracking":false,"_monsterinsights_sitenote_active":false,"_monsterinsights_sitenote_note":"","_monsterinsights_sitenote_category":0,"footnotes":""},"categories":[5124,6254],"tags":[4752,6614,6616,4758,6618,6620,6622,6256,6624,4748,6626,4754,4762,4750,4760,4756],"class_list":["post-18116","post","type-post","status-publish","format-standard","has-post-thumbnail","hentry","category-blog","category-eliseu-t-climent-ca","tag-3-regnes-en-btt","tag-7-pobles-ca","tag-bel-ca","tag-bellestar","tag-castell-de-cabres-ca","tag-coratxa-ca","tag-el-boixar-ca","tag-eliseu-t-climent-ca","tag-fredes-ca","tag-joel-garcia","tag-la-pobla-de-benifassa-ca","tag-lo-port-en-gravel","tag-portell-de-linfern","tag-ruta-dels-7-pobles-de-la-tinenca-de-benifassa","tag-salt-de-robert","tag-un-paseo-por-los-puertos-de-beceite"],"yoast_head":"<!-- This site is optimized with the Yoast SEO plugin v27.5 - https:\/\/yoast.com\/product\/yoast-seo-wordpress\/ -->\n<title>ABRUPTA I SOLIT\u00c0RIA - Rutes Entre Refugis<\/title>\n<meta name=\"robots\" content=\"index, follow, max-snippet:-1, max-image-preview:large, max-video-preview:-1\" \/>\n<link rel=\"canonical\" href=\"https:\/\/rutesentrerefugis.com\/index.php\/2023\/07\/03\/abrupta-i-solitaria\/\" \/>\n<meta property=\"og:locale\" content=\"es_ES\" \/>\n<meta property=\"og:type\" content=\"article\" \/>\n<meta property=\"og:title\" content=\"ABRUPTA I SOLIT\u00c0RIA - Rutes Entre Refugis\" \/>\n<meta property=\"og:description\" content=\"ABRUPTA I SOLIT\u00c0RIA LA RUTA 7 POBLES DE LA TINEN\u00c7A DE BENIFASS\u00c0 Cr\u00f2nica escrita per ELISEU T. CLIMENT publicada a la revista V\u00c8RTEX n\u00fam. 304\" \/>\n<meta property=\"og:url\" content=\"https:\/\/rutesentrerefugis.com\/index.php\/2023\/07\/03\/abrupta-i-solitaria\/\" \/>\n<meta property=\"og:site_name\" content=\"Rutes Entre Refugis\" \/>\n<meta property=\"article:published_time\" content=\"2023-07-03T07:13:10+00:00\" \/>\n<meta property=\"article:modified_time\" content=\"2024-04-25T10:17:56+00:00\" \/>\n<meta property=\"og:image\" content=\"https:\/\/rutesentrerefugis.com\/wp-content\/uploads\/2023\/06\/Abrupta-i-Solitaria-Inici.jpg\" \/>\n\t<meta property=\"og:image:width\" content=\"1200\" \/>\n\t<meta property=\"og:image:height\" content=\"800\" \/>\n\t<meta property=\"og:image:type\" content=\"image\/jpeg\" \/>\n<meta name=\"author\" content=\"Eliseu T. Climent\" \/>\n<meta name=\"twitter:card\" content=\"summary_large_image\" \/>\n<meta name=\"twitter:label1\" content=\"Escrito por\" \/>\n\t<meta name=\"twitter:data1\" content=\"Eliseu T. Climent\" \/>\n\t<meta name=\"twitter:label2\" content=\"Tiempo de lectura\" \/>\n\t<meta name=\"twitter:data2\" content=\"20 minutos\" \/>\n<script type=\"application\/ld+json\" class=\"yoast-schema-graph\">{\"@context\":\"https:\\\/\\\/schema.org\",\"@graph\":[{\"@type\":\"Article\",\"@id\":\"https:\\\/\\\/rutesentrerefugis.com\\\/index.php\\\/2023\\\/07\\\/03\\\/abrupta-i-solitaria\\\/#article\",\"isPartOf\":{\"@id\":\"https:\\\/\\\/rutesentrerefugis.com\\\/index.php\\\/2023\\\/07\\\/03\\\/abrupta-i-solitaria\\\/\"},\"author\":{\"name\":\"Eliseu T. Climent\",\"@id\":\"https:\\\/\\\/rutesentrerefugis.com\\\/#\\\/schema\\\/person\\\/094a8b6d340fe8131848553b614930f7\"},\"headline\":\"ABRUPTA I SOLIT\u00c0RIA\",\"datePublished\":\"2023-07-03T07:13:10+00:00\",\"dateModified\":\"2024-04-25T10:17:56+00:00\",\"mainEntityOfPage\":{\"@id\":\"https:\\\/\\\/rutesentrerefugis.com\\\/index.php\\\/2023\\\/07\\\/03\\\/abrupta-i-solitaria\\\/\"},\"wordCount\":3338,\"commentCount\":0,\"publisher\":{\"@id\":\"https:\\\/\\\/rutesentrerefugis.com\\\/#organization\"},\"image\":{\"@id\":\"https:\\\/\\\/rutesentrerefugis.com\\\/index.php\\\/2023\\\/07\\\/03\\\/abrupta-i-solitaria\\\/#primaryimage\"},\"thumbnailUrl\":\"https:\\\/\\\/rutesentrerefugis.com\\\/wp-content\\\/uploads\\\/2023\\\/06\\\/Abrupta-i-Solitaria-Inici.jpg\",\"keywords\":[\"3 Regnes en BTT\",\"7 Pobles\",\"Bel\",\"Bellestar\",\"Castell de Cabres\",\"Coratx\u00e0\",\"El Boixar\",\"Eliseu T. Climent\",\"Fredes\",\"Joel Garcia\",\"La Pobla de Benifass\u00e0\",\"Lo Port en Gravel\",\"Portell de l'Infern\",\"Ruta dels 7 Pobles de la Tinen\u00e7a de Benifass\u00e0\",\"Salt de Robert\",\"Un Paseo por los Puertos de Beceite\"],\"articleSection\":[\"Blog\",\"Eliseu T. Climent\"],\"inLanguage\":\"es\",\"potentialAction\":[{\"@type\":\"CommentAction\",\"name\":\"Comment\",\"target\":[\"https:\\\/\\\/rutesentrerefugis.com\\\/index.php\\\/2023\\\/07\\\/03\\\/abrupta-i-solitaria\\\/#respond\"]}]},{\"@type\":\"WebPage\",\"@id\":\"https:\\\/\\\/rutesentrerefugis.com\\\/index.php\\\/2023\\\/07\\\/03\\\/abrupta-i-solitaria\\\/\",\"url\":\"https:\\\/\\\/rutesentrerefugis.com\\\/index.php\\\/2023\\\/07\\\/03\\\/abrupta-i-solitaria\\\/\",\"name\":\"ABRUPTA I SOLIT\u00c0RIA - Rutes Entre Refugis\",\"isPartOf\":{\"@id\":\"https:\\\/\\\/rutesentrerefugis.com\\\/#website\"},\"primaryImageOfPage\":{\"@id\":\"https:\\\/\\\/rutesentrerefugis.com\\\/index.php\\\/2023\\\/07\\\/03\\\/abrupta-i-solitaria\\\/#primaryimage\"},\"image\":{\"@id\":\"https:\\\/\\\/rutesentrerefugis.com\\\/index.php\\\/2023\\\/07\\\/03\\\/abrupta-i-solitaria\\\/#primaryimage\"},\"thumbnailUrl\":\"https:\\\/\\\/rutesentrerefugis.com\\\/wp-content\\\/uploads\\\/2023\\\/06\\\/Abrupta-i-Solitaria-Inici.jpg\",\"datePublished\":\"2023-07-03T07:13:10+00:00\",\"dateModified\":\"2024-04-25T10:17:56+00:00\",\"breadcrumb\":{\"@id\":\"https:\\\/\\\/rutesentrerefugis.com\\\/index.php\\\/2023\\\/07\\\/03\\\/abrupta-i-solitaria\\\/#breadcrumb\"},\"inLanguage\":\"es\",\"potentialAction\":[{\"@type\":\"ReadAction\",\"target\":[\"https:\\\/\\\/rutesentrerefugis.com\\\/index.php\\\/2023\\\/07\\\/03\\\/abrupta-i-solitaria\\\/\"]}]},{\"@type\":\"ImageObject\",\"inLanguage\":\"es\",\"@id\":\"https:\\\/\\\/rutesentrerefugis.com\\\/index.php\\\/2023\\\/07\\\/03\\\/abrupta-i-solitaria\\\/#primaryimage\",\"url\":\"https:\\\/\\\/rutesentrerefugis.com\\\/wp-content\\\/uploads\\\/2023\\\/06\\\/Abrupta-i-Solitaria-Inici.jpg\",\"contentUrl\":\"https:\\\/\\\/rutesentrerefugis.com\\\/wp-content\\\/uploads\\\/2023\\\/06\\\/Abrupta-i-Solitaria-Inici.jpg\",\"width\":1200,\"height\":800},{\"@type\":\"BreadcrumbList\",\"@id\":\"https:\\\/\\\/rutesentrerefugis.com\\\/index.php\\\/2023\\\/07\\\/03\\\/abrupta-i-solitaria\\\/#breadcrumb\",\"itemListElement\":[{\"@type\":\"ListItem\",\"position\":1,\"name\":\"Inici\",\"item\":\"https:\\\/\\\/rutesentrerefugis.com\\\/\"},{\"@type\":\"ListItem\",\"position\":2,\"name\":\"ABRUPTA I SOLIT\u00c0RIA\"}]},{\"@type\":\"WebSite\",\"@id\":\"https:\\\/\\\/rutesentrerefugis.com\\\/#website\",\"url\":\"https:\\\/\\\/rutesentrerefugis.com\\\/\",\"name\":\"Rutes Entre Refugis\",\"description\":\"Caminant sota un nom\",\"publisher\":{\"@id\":\"https:\\\/\\\/rutesentrerefugis.com\\\/#organization\"},\"potentialAction\":[{\"@type\":\"SearchAction\",\"target\":{\"@type\":\"EntryPoint\",\"urlTemplate\":\"https:\\\/\\\/rutesentrerefugis.com\\\/?s={search_term_string}\"},\"query-input\":{\"@type\":\"PropertyValueSpecification\",\"valueRequired\":true,\"valueName\":\"search_term_string\"}}],\"inLanguage\":\"es\"},{\"@type\":\"Organization\",\"@id\":\"https:\\\/\\\/rutesentrerefugis.com\\\/#organization\",\"name\":\"Rutes Entre Refugis\",\"url\":\"https:\\\/\\\/rutesentrerefugis.com\\\/\",\"logo\":{\"@type\":\"ImageObject\",\"inLanguage\":\"es\",\"@id\":\"https:\\\/\\\/rutesentrerefugis.com\\\/#\\\/schema\\\/logo\\\/image\\\/\",\"url\":\"https:\\\/\\\/rutesentrerefugis.com\\\/wp-content\\\/uploads\\\/2022\\\/08\\\/RutesEntreRefugis-Blanc-Retina-1.png\",\"contentUrl\":\"https:\\\/\\\/rutesentrerefugis.com\\\/wp-content\\\/uploads\\\/2022\\\/08\\\/RutesEntreRefugis-Blanc-Retina-1.png\",\"width\":400,\"height\":400,\"caption\":\"Rutes Entre Refugis\"},\"image\":{\"@id\":\"https:\\\/\\\/rutesentrerefugis.com\\\/#\\\/schema\\\/logo\\\/image\\\/\"}},{\"@type\":\"Person\",\"@id\":\"https:\\\/\\\/rutesentrerefugis.com\\\/#\\\/schema\\\/person\\\/094a8b6d340fe8131848553b614930f7\",\"name\":\"Eliseu T. Climent\",\"image\":{\"@type\":\"ImageObject\",\"inLanguage\":\"es\",\"@id\":\"https:\\\/\\\/rutesentrerefugis.com\\\/wp-content\\\/uploads\\\/2023\\\/05\\\/avatar_user_24_1683353083-96x96.jpg\",\"url\":\"https:\\\/\\\/rutesentrerefugis.com\\\/wp-content\\\/uploads\\\/2023\\\/05\\\/avatar_user_24_1683353083-96x96.jpg\",\"contentUrl\":\"https:\\\/\\\/rutesentrerefugis.com\\\/wp-content\\\/uploads\\\/2023\\\/05\\\/avatar_user_24_1683353083-96x96.jpg\",\"caption\":\"Eliseu T. Climent\"},\"url\":\"https:\\\/\\\/rutesentrerefugis.com\\\/index.php\\\/author\\\/eliseu-t-climent\\\/\"}]}<\/script>\n<!-- \/ Yoast SEO plugin. -->","yoast_head_json":{"title":"ABRUPTA I SOLIT\u00c0RIA - Rutes Entre Refugis","robots":{"index":"index","follow":"follow","max-snippet":"max-snippet:-1","max-image-preview":"max-image-preview:large","max-video-preview":"max-video-preview:-1"},"canonical":"https:\/\/rutesentrerefugis.com\/index.php\/2023\/07\/03\/abrupta-i-solitaria\/","og_locale":"es_ES","og_type":"article","og_title":"ABRUPTA I SOLIT\u00c0RIA - Rutes Entre Refugis","og_description":"ABRUPTA I SOLIT\u00c0RIA LA RUTA 7 POBLES DE LA TINEN\u00c7A DE BENIFASS\u00c0 Cr\u00f2nica escrita per ELISEU T. CLIMENT publicada a la revista V\u00c8RTEX n\u00fam. 304","og_url":"https:\/\/rutesentrerefugis.com\/index.php\/2023\/07\/03\/abrupta-i-solitaria\/","og_site_name":"Rutes Entre Refugis","article_published_time":"2023-07-03T07:13:10+00:00","article_modified_time":"2024-04-25T10:17:56+00:00","og_image":[{"width":1200,"height":800,"url":"https:\/\/rutesentrerefugis.com\/wp-content\/uploads\/2023\/06\/Abrupta-i-Solitaria-Inici.jpg","type":"image\/jpeg"}],"author":"Eliseu T. Climent","twitter_card":"summary_large_image","twitter_misc":{"Escrito por":"Eliseu T. Climent","Tiempo de lectura":"20 minutos"},"schema":{"@context":"https:\/\/schema.org","@graph":[{"@type":"Article","@id":"https:\/\/rutesentrerefugis.com\/index.php\/2023\/07\/03\/abrupta-i-solitaria\/#article","isPartOf":{"@id":"https:\/\/rutesentrerefugis.com\/index.php\/2023\/07\/03\/abrupta-i-solitaria\/"},"author":{"name":"Eliseu T. Climent","@id":"https:\/\/rutesentrerefugis.com\/#\/schema\/person\/094a8b6d340fe8131848553b614930f7"},"headline":"ABRUPTA I SOLIT\u00c0RIA","datePublished":"2023-07-03T07:13:10+00:00","dateModified":"2024-04-25T10:17:56+00:00","mainEntityOfPage":{"@id":"https:\/\/rutesentrerefugis.com\/index.php\/2023\/07\/03\/abrupta-i-solitaria\/"},"wordCount":3338,"commentCount":0,"publisher":{"@id":"https:\/\/rutesentrerefugis.com\/#organization"},"image":{"@id":"https:\/\/rutesentrerefugis.com\/index.php\/2023\/07\/03\/abrupta-i-solitaria\/#primaryimage"},"thumbnailUrl":"https:\/\/rutesentrerefugis.com\/wp-content\/uploads\/2023\/06\/Abrupta-i-Solitaria-Inici.jpg","keywords":["3 Regnes en BTT","7 Pobles","Bel","Bellestar","Castell de Cabres","Coratx\u00e0","El Boixar","Eliseu T. Climent","Fredes","Joel Garcia","La Pobla de Benifass\u00e0","Lo Port en Gravel","Portell de l'Infern","Ruta dels 7 Pobles de la Tinen\u00e7a de Benifass\u00e0","Salt de Robert","Un Paseo por los Puertos de Beceite"],"articleSection":["Blog","Eliseu T. Climent"],"inLanguage":"es","potentialAction":[{"@type":"CommentAction","name":"Comment","target":["https:\/\/rutesentrerefugis.com\/index.php\/2023\/07\/03\/abrupta-i-solitaria\/#respond"]}]},{"@type":"WebPage","@id":"https:\/\/rutesentrerefugis.com\/index.php\/2023\/07\/03\/abrupta-i-solitaria\/","url":"https:\/\/rutesentrerefugis.com\/index.php\/2023\/07\/03\/abrupta-i-solitaria\/","name":"ABRUPTA I SOLIT\u00c0RIA - Rutes Entre Refugis","isPartOf":{"@id":"https:\/\/rutesentrerefugis.com\/#website"},"primaryImageOfPage":{"@id":"https:\/\/rutesentrerefugis.com\/index.php\/2023\/07\/03\/abrupta-i-solitaria\/#primaryimage"},"image":{"@id":"https:\/\/rutesentrerefugis.com\/index.php\/2023\/07\/03\/abrupta-i-solitaria\/#primaryimage"},"thumbnailUrl":"https:\/\/rutesentrerefugis.com\/wp-content\/uploads\/2023\/06\/Abrupta-i-Solitaria-Inici.jpg","datePublished":"2023-07-03T07:13:10+00:00","dateModified":"2024-04-25T10:17:56+00:00","breadcrumb":{"@id":"https:\/\/rutesentrerefugis.com\/index.php\/2023\/07\/03\/abrupta-i-solitaria\/#breadcrumb"},"inLanguage":"es","potentialAction":[{"@type":"ReadAction","target":["https:\/\/rutesentrerefugis.com\/index.php\/2023\/07\/03\/abrupta-i-solitaria\/"]}]},{"@type":"ImageObject","inLanguage":"es","@id":"https:\/\/rutesentrerefugis.com\/index.php\/2023\/07\/03\/abrupta-i-solitaria\/#primaryimage","url":"https:\/\/rutesentrerefugis.com\/wp-content\/uploads\/2023\/06\/Abrupta-i-Solitaria-Inici.jpg","contentUrl":"https:\/\/rutesentrerefugis.com\/wp-content\/uploads\/2023\/06\/Abrupta-i-Solitaria-Inici.jpg","width":1200,"height":800},{"@type":"BreadcrumbList","@id":"https:\/\/rutesentrerefugis.com\/index.php\/2023\/07\/03\/abrupta-i-solitaria\/#breadcrumb","itemListElement":[{"@type":"ListItem","position":1,"name":"Inici","item":"https:\/\/rutesentrerefugis.com\/"},{"@type":"ListItem","position":2,"name":"ABRUPTA I SOLIT\u00c0RIA"}]},{"@type":"WebSite","@id":"https:\/\/rutesentrerefugis.com\/#website","url":"https:\/\/rutesentrerefugis.com\/","name":"Rutes Entre Refugis","description":"Caminant sota un nom","publisher":{"@id":"https:\/\/rutesentrerefugis.com\/#organization"},"potentialAction":[{"@type":"SearchAction","target":{"@type":"EntryPoint","urlTemplate":"https:\/\/rutesentrerefugis.com\/?s={search_term_string}"},"query-input":{"@type":"PropertyValueSpecification","valueRequired":true,"valueName":"search_term_string"}}],"inLanguage":"es"},{"@type":"Organization","@id":"https:\/\/rutesentrerefugis.com\/#organization","name":"Rutes Entre Refugis","url":"https:\/\/rutesentrerefugis.com\/","logo":{"@type":"ImageObject","inLanguage":"es","@id":"https:\/\/rutesentrerefugis.com\/#\/schema\/logo\/image\/","url":"https:\/\/rutesentrerefugis.com\/wp-content\/uploads\/2022\/08\/RutesEntreRefugis-Blanc-Retina-1.png","contentUrl":"https:\/\/rutesentrerefugis.com\/wp-content\/uploads\/2022\/08\/RutesEntreRefugis-Blanc-Retina-1.png","width":400,"height":400,"caption":"Rutes Entre Refugis"},"image":{"@id":"https:\/\/rutesentrerefugis.com\/#\/schema\/logo\/image\/"}},{"@type":"Person","@id":"https:\/\/rutesentrerefugis.com\/#\/schema\/person\/094a8b6d340fe8131848553b614930f7","name":"Eliseu T. Climent","image":{"@type":"ImageObject","inLanguage":"es","@id":"https:\/\/rutesentrerefugis.com\/wp-content\/uploads\/2023\/05\/avatar_user_24_1683353083-96x96.jpg","url":"https:\/\/rutesentrerefugis.com\/wp-content\/uploads\/2023\/05\/avatar_user_24_1683353083-96x96.jpg","contentUrl":"https:\/\/rutesentrerefugis.com\/wp-content\/uploads\/2023\/05\/avatar_user_24_1683353083-96x96.jpg","caption":"Eliseu T. Climent"},"url":"https:\/\/rutesentrerefugis.com\/index.php\/author\/eliseu-t-climent\/"}]}},"_links":{"self":[{"href":"https:\/\/rutesentrerefugis.com\/index.php\/wp-json\/wp\/v2\/posts\/18116","targetHints":{"allow":["GET"]}}],"collection":[{"href":"https:\/\/rutesentrerefugis.com\/index.php\/wp-json\/wp\/v2\/posts"}],"about":[{"href":"https:\/\/rutesentrerefugis.com\/index.php\/wp-json\/wp\/v2\/types\/post"}],"author":[{"embeddable":true,"href":"https:\/\/rutesentrerefugis.com\/index.php\/wp-json\/wp\/v2\/users\/24"}],"replies":[{"embeddable":true,"href":"https:\/\/rutesentrerefugis.com\/index.php\/wp-json\/wp\/v2\/comments?post=18116"}],"version-history":[{"count":156,"href":"https:\/\/rutesentrerefugis.com\/index.php\/wp-json\/wp\/v2\/posts\/18116\/revisions"}],"predecessor-version":[{"id":20836,"href":"https:\/\/rutesentrerefugis.com\/index.php\/wp-json\/wp\/v2\/posts\/18116\/revisions\/20836"}],"wp:featuredmedia":[{"embeddable":true,"href":"https:\/\/rutesentrerefugis.com\/index.php\/wp-json\/wp\/v2\/media\/18117"}],"wp:attachment":[{"href":"https:\/\/rutesentrerefugis.com\/index.php\/wp-json\/wp\/v2\/media?parent=18116"}],"wp:term":[{"taxonomy":"category","embeddable":true,"href":"https:\/\/rutesentrerefugis.com\/index.php\/wp-json\/wp\/v2\/categories?post=18116"},{"taxonomy":"post_tag","embeddable":true,"href":"https:\/\/rutesentrerefugis.com\/index.php\/wp-json\/wp\/v2\/tags?post=18116"}],"curies":[{"name":"wp","href":"https:\/\/api.w.org\/{rel}","templated":true}]}}