{"id":18282,"date":"2023-07-03T07:47:17","date_gmt":"2023-07-03T07:47:17","guid":{"rendered":"https:\/\/rutesentrerefugis.com\/?p=18282"},"modified":"2024-04-25T10:19:10","modified_gmt":"2024-04-25T10:19:10","slug":"abrupta-y-solitaria","status":"publish","type":"post","link":"https:\/\/rutesentrerefugis.com\/index.php\/es\/2023\/07\/03\/abrupta-y-solitaria\/","title":{"rendered":"ABRUPTA Y SOLITARIA"},"content":{"rendered":"\t\t<div data-elementor-type=\"wp-post\" data-elementor-id=\"18282\" class=\"elementor elementor-18282\" data-elementor-post-type=\"post\">\n\t\t\t\t\t\t<section class=\"elementor-section elementor-top-section elementor-element elementor-element-49e71f9 elementor-section-full_width elementor-section-height-default elementor-section-height-default\" data-id=\"49e71f9\" data-element_type=\"section\" data-e-type=\"section\">\n\t\t\t\t\t\t<div class=\"elementor-container elementor-column-gap-default\">\n\t\t\t\t\t<div class=\"elementor-column elementor-col-100 elementor-top-column elementor-element elementor-element-e8a3f1b\" data-id=\"e8a3f1b\" data-element_type=\"column\" data-e-type=\"column\" data-settings=\"{&quot;background_background&quot;:&quot;classic&quot;}\">\n\t\t\t<div class=\"elementor-widget-wrap elementor-element-populated\">\n\t\t\t\t\t\t<div class=\"elementor-element elementor-element-e0bd260 elementor-widget elementor-widget-image\" data-id=\"e0bd260\" data-element_type=\"widget\" data-e-type=\"widget\" data-widget_type=\"image.default\">\n\t\t\t\t<div class=\"elementor-widget-container\">\n\t\t\t\t\t\t\t\t\t\t\t\t\t\t\t<img fetchpriority=\"high\" decoding=\"async\" width=\"2000\" height=\"450\" src=\"https:\/\/rutesentrerefugis.com\/wp-content\/uploads\/2023\/06\/Abrupta-i-Solitaria-Cap-01.jpg\" class=\"attachment-full size-full wp-image-18138\" alt=\"\" srcset=\"https:\/\/rutesentrerefugis.com\/wp-content\/uploads\/2023\/06\/Abrupta-i-Solitaria-Cap-01.jpg 2000w, https:\/\/rutesentrerefugis.com\/wp-content\/uploads\/2023\/06\/Abrupta-i-Solitaria-Cap-01-300x68.jpg 300w, https:\/\/rutesentrerefugis.com\/wp-content\/uploads\/2023\/06\/Abrupta-i-Solitaria-Cap-01-1024x230.jpg 1024w, https:\/\/rutesentrerefugis.com\/wp-content\/uploads\/2023\/06\/Abrupta-i-Solitaria-Cap-01-768x173.jpg 768w, https:\/\/rutesentrerefugis.com\/wp-content\/uploads\/2023\/06\/Abrupta-i-Solitaria-Cap-01-1536x346.jpg 1536w\" sizes=\"(max-width: 2000px) 100vw, 2000px\" \/>\t\t\t\t\t\t\t\t\t\t\t\t\t\t\t<\/div>\n\t\t\t\t<\/div>\n\t\t\t\t\t<\/div>\n\t\t<\/div>\n\t\t\t\t\t<\/div>\n\t\t<\/section>\n\t\t\t\t<section class=\"elementor-section elementor-top-section elementor-element elementor-element-f5da543 elementor-section-full_width elementor-section-height-default elementor-section-height-default\" data-id=\"f5da543\" data-element_type=\"section\" data-e-type=\"section\">\n\t\t\t\t\t\t<div class=\"elementor-container elementor-column-gap-default\">\n\t\t\t\t\t<div class=\"elementor-column elementor-col-100 elementor-top-column elementor-element elementor-element-a7b3bf6\" data-id=\"a7b3bf6\" data-element_type=\"column\" data-e-type=\"column\" data-settings=\"{&quot;background_background&quot;:&quot;classic&quot;}\">\n\t\t\t<div class=\"elementor-widget-wrap elementor-element-populated\">\n\t\t\t\t\t\t<div class=\"elementor-element elementor-element-904cab1 elementor-widget elementor-widget-heading\" data-id=\"904cab1\" data-element_type=\"widget\" data-e-type=\"widget\" data-widget_type=\"heading.default\">\n\t\t\t\t<div class=\"elementor-widget-container\">\n\t\t\t\t\t<h2 class=\"elementor-heading-title elementor-size-default\">ABRUPTA Y SOLITARIA<\/h2>\t\t\t\t<\/div>\n\t\t\t\t<\/div>\n\t\t\t\t\t<\/div>\n\t\t<\/div>\n\t\t\t\t\t<\/div>\n\t\t<\/section>\n\t\t\t\t<section class=\"elementor-section elementor-top-section elementor-element elementor-element-6dc0412 elementor-section-full_width elementor-section-height-default elementor-section-height-default\" data-id=\"6dc0412\" data-element_type=\"section\" data-e-type=\"section\">\n\t\t\t\t\t\t<div class=\"elementor-container elementor-column-gap-default\">\n\t\t\t\t\t<div class=\"elementor-column elementor-col-100 elementor-top-column elementor-element elementor-element-414505c\" data-id=\"414505c\" data-element_type=\"column\" data-e-type=\"column\" data-settings=\"{&quot;background_background&quot;:&quot;classic&quot;}\">\n\t\t\t<div class=\"elementor-widget-wrap elementor-element-populated\">\n\t\t\t\t\t\t<div class=\"elementor-element elementor-element-5b37f04 elementor-widget-divider--view-line elementor-widget elementor-widget-divider\" data-id=\"5b37f04\" data-element_type=\"widget\" data-e-type=\"widget\" data-widget_type=\"divider.default\">\n\t\t\t\t<div class=\"elementor-widget-container\">\n\t\t\t\t\t\t\t<div class=\"elementor-divider\">\n\t\t\t<span class=\"elementor-divider-separator\">\n\t\t\t\t\t\t<\/span>\n\t\t<\/div>\n\t\t\t\t\t\t<\/div>\n\t\t\t\t<\/div>\n\t\t\t\t\t<\/div>\n\t\t<\/div>\n\t\t\t\t\t<\/div>\n\t\t<\/section>\n\t\t\t\t<section class=\"elementor-section elementor-top-section elementor-element elementor-element-42fd159 elementor-section-full_width elementor-section-height-default elementor-section-height-default\" data-id=\"42fd159\" data-element_type=\"section\" data-e-type=\"section\">\n\t\t\t\t\t\t<div class=\"elementor-container elementor-column-gap-default\">\n\t\t\t\t\t<div class=\"elementor-column elementor-col-100 elementor-top-column elementor-element elementor-element-35641fc\" data-id=\"35641fc\" data-element_type=\"column\" data-e-type=\"column\">\n\t\t\t<div class=\"elementor-widget-wrap elementor-element-populated\">\n\t\t\t\t\t\t<div class=\"elementor-element elementor-element-c647afa elementor-widget elementor-widget-spacer\" data-id=\"c647afa\" data-element_type=\"widget\" data-e-type=\"widget\" data-widget_type=\"spacer.default\">\n\t\t\t\t<div class=\"elementor-widget-container\">\n\t\t\t\t\t\t\t<div class=\"elementor-spacer\">\n\t\t\t<div class=\"elementor-spacer-inner\"><\/div>\n\t\t<\/div>\n\t\t\t\t\t\t<\/div>\n\t\t\t\t<\/div>\n\t\t\t\t\t<\/div>\n\t\t<\/div>\n\t\t\t\t\t<\/div>\n\t\t<\/section>\n\t\t\t\t<section class=\"elementor-section elementor-top-section elementor-element elementor-element-71d3942 elementor-section-full_width elementor-section-height-default elementor-section-height-default\" data-id=\"71d3942\" data-element_type=\"section\" data-e-type=\"section\">\n\t\t\t\t\t\t<div class=\"elementor-container elementor-column-gap-default\">\n\t\t\t\t\t<div class=\"elementor-column elementor-col-100 elementor-top-column elementor-element elementor-element-991de4d\" data-id=\"991de4d\" data-element_type=\"column\" data-e-type=\"column\">\n\t\t\t<div class=\"elementor-widget-wrap elementor-element-populated\">\n\t\t\t\t\t\t<div class=\"elementor-element elementor-element-bdbabf5 elementor-widget elementor-widget-heading\" data-id=\"bdbabf5\" data-element_type=\"widget\" data-e-type=\"widget\" data-widget_type=\"heading.default\">\n\t\t\t\t<div class=\"elementor-widget-container\">\n\t\t\t\t\t<h2 class=\"elementor-heading-title elementor-size-default\">LA RUTA 7 POBLES DE LA TINEN\u00c7A DE BENIFASS\u00c0<\/h2>\t\t\t\t<\/div>\n\t\t\t\t<\/div>\n\t\t\t\t\t<\/div>\n\t\t<\/div>\n\t\t\t\t\t<\/div>\n\t\t<\/section>\n\t\t\t\t<section class=\"elementor-section elementor-top-section elementor-element elementor-element-75d0eec elementor-section-full_width elementor-section-height-default elementor-section-height-default\" data-id=\"75d0eec\" data-element_type=\"section\" data-e-type=\"section\">\n\t\t\t\t\t\t<div class=\"elementor-container elementor-column-gap-default\">\n\t\t\t\t\t<div class=\"elementor-column elementor-col-100 elementor-top-column elementor-element elementor-element-2125826\" data-id=\"2125826\" data-element_type=\"column\" data-e-type=\"column\">\n\t\t\t<div class=\"elementor-widget-wrap elementor-element-populated\">\n\t\t\t\t\t\t<div class=\"elementor-element elementor-element-5711d63 elementor-widget elementor-widget-text-editor\" data-id=\"5711d63\" data-element_type=\"widget\" data-e-type=\"widget\" data-widget_type=\"text-editor.default\">\n\t\t\t\t<div class=\"elementor-widget-container\">\n\t\t\t\t\t\t\t\t\t<h6>Cr\u00f3nica escrita por ELISEU T. CLIMENT publicada en la revista V\u00c8RTEX n\u00fam. 304<br \/>Fotograf\u00edas ELISEU T. CLIMENT<\/h6>\t\t\t\t\t\t\t\t<\/div>\n\t\t\t\t<\/div>\n\t\t\t\t\t<\/div>\n\t\t<\/div>\n\t\t\t\t\t<\/div>\n\t\t<\/section>\n\t\t\t\t<section class=\"elementor-section elementor-top-section elementor-element elementor-element-ade46a4 elementor-section-full_width elementor-section-height-default elementor-section-height-default\" data-id=\"ade46a4\" data-element_type=\"section\" data-e-type=\"section\">\n\t\t\t\t\t\t<div class=\"elementor-container elementor-column-gap-default\">\n\t\t\t\t\t<div class=\"elementor-column elementor-col-100 elementor-top-column elementor-element elementor-element-9fec491\" data-id=\"9fec491\" data-element_type=\"column\" data-e-type=\"column\">\n\t\t\t<div class=\"elementor-widget-wrap elementor-element-populated\">\n\t\t\t\t\t\t<div class=\"elementor-element elementor-element-5de29ad elementor-widget elementor-widget-text-editor\" data-id=\"5de29ad\" data-element_type=\"widget\" data-e-type=\"widget\" data-widget_type=\"text-editor.default\">\n\t\t\t\t<div class=\"elementor-widget-container\">\n\t\t\t\t\t\t\t\t\t<h5>Estamos en Castell\u00f3, oficialmente en la comarca del Baix Maestrat. Hace poco m\u00e1s de dos siglos, el bot\u00e1nico valenciano Antoni Josep Cavanilles recorri\u00f3 a pie la Tinen\u00e7a de Benifass\u00e0 y la describi\u00f3 con estas palabras: \u201cOcupa esta lo peor y m\u00e1s septentrional del reino. Colinda por la parte septentrional con Arag\u00f3n y parte de Catalu\u00f1a. Su verdadera extensi\u00f3n pasar\u00e1 poco de tres leguas, pero se emplean siete horas en cruzarla por ser frecuentes las cuestas y barrancos. Por todas partes la rodean y la cierran altos montes calizos.\u201d\n<\/br>\n<\/br>\nJoan Fuster tambi\u00e9n dijo la suya: \u201cLas monta\u00f1as nos abrumaron. El paraje es francamente agreste y duro, entre alturas que exceden los mil metros. La Tinen\u00e7a est\u00e1 constituida por siete pueblos: la Pobla de Benifass\u00e0, el m\u00e1s grande, no llega a 600 habitantes: Castell de Cabres, el Boixar, Bellestar, Coratx\u00e0, Bel y Fredes, \u00e9ste \u00faltimo, con una poblaci\u00f3n inferior a los 100 habitantes.\u00bb Este desierto demogr\u00e1fico, es fruto de la compleja orograf\u00eda que a\u00edsla a los pueblos en un rango altim\u00e9trico dilatad\u00edsimo: mientras que Fredes (1.090 m), el Boixar (1.098), Coratx\u00e0 (1.220 m) o Castell de Cabres (1.190 m) soportan los rigores climatol\u00f3gicos de la media monta\u00f1a, Bellestar (715 m) y la Pobla de Benifass\u00e0 (670 m) perviven abrigados en el fondo del valle. Bel, por su parte, algo apartado y a 953 metros de altitud. Pueblos de la Tinen\u00e7a de Benifass\u00e0, que presentamos en estas p\u00e1ginas, pretende hacer descubrir esta comarca hist\u00f3rica.<\/h5>\t\t\t\t\t\t\t\t<\/div>\n\t\t\t\t<\/div>\n\t\t\t\t\t<\/div>\n\t\t<\/div>\n\t\t\t\t\t<\/div>\n\t\t<\/section>\n\t\t\t\t<section class=\"elementor-section elementor-top-section elementor-element elementor-element-c9cb0f6 elementor-section-full_width elementor-section-height-default elementor-section-height-default\" data-id=\"c9cb0f6\" data-element_type=\"section\" data-e-type=\"section\">\n\t\t\t\t\t\t<div class=\"elementor-container elementor-column-gap-default\">\n\t\t\t\t\t<div class=\"elementor-column elementor-col-100 elementor-top-column elementor-element elementor-element-b8d6717\" data-id=\"b8d6717\" data-element_type=\"column\" data-e-type=\"column\">\n\t\t\t<div class=\"elementor-widget-wrap elementor-element-populated\">\n\t\t\t\t\t\t<div class=\"elementor-element elementor-element-a71c370 elementor-widget elementor-widget-image\" data-id=\"a71c370\" data-element_type=\"widget\" data-e-type=\"widget\" data-widget_type=\"image.default\">\n\t\t\t\t<div class=\"elementor-widget-container\">\n\t\t\t\t\t\t\t\t\t\t\t\t<figure class=\"wp-caption\">\n\t\t\t\t\t\t\t\t\t\t<img decoding=\"async\" width=\"2000\" height=\"1333\" src=\"https:\/\/rutesentrerefugis.com\/wp-content\/uploads\/2023\/06\/Abrupta-i-Solitaria-01.jpg\" class=\"attachment-full size-full wp-image-18142\" alt=\"\" srcset=\"https:\/\/rutesentrerefugis.com\/wp-content\/uploads\/2023\/06\/Abrupta-i-Solitaria-01.jpg 2000w, https:\/\/rutesentrerefugis.com\/wp-content\/uploads\/2023\/06\/Abrupta-i-Solitaria-01-300x200.jpg 300w, https:\/\/rutesentrerefugis.com\/wp-content\/uploads\/2023\/06\/Abrupta-i-Solitaria-01-1024x682.jpg 1024w, https:\/\/rutesentrerefugis.com\/wp-content\/uploads\/2023\/06\/Abrupta-i-Solitaria-01-768x512.jpg 768w, https:\/\/rutesentrerefugis.com\/wp-content\/uploads\/2023\/06\/Abrupta-i-Solitaria-01-1536x1024.jpg 1536w\" sizes=\"(max-width: 2000px) 100vw, 2000px\" \/>\t\t\t\t\t\t\t\t\t\t\t<figcaption class=\"widget-image-caption wp-caption-text\">El abrupto portell de l'Infern abre las puertas a uno de los lugares m\u00e1s impactantes de la Tinen\u00e7a de Benifass\u00e0.<\/figcaption>\n\t\t\t\t\t\t\t\t\t\t<\/figure>\n\t\t\t\t\t\t\t\t\t<\/div>\n\t\t\t\t<\/div>\n\t\t\t\t\t<\/div>\n\t\t<\/div>\n\t\t\t\t\t<\/div>\n\t\t<\/section>\n\t\t\t\t<section class=\"elementor-section elementor-top-section elementor-element elementor-element-d21285b elementor-section-full_width elementor-section-height-default elementor-section-height-default\" data-id=\"d21285b\" data-element_type=\"section\" data-e-type=\"section\">\n\t\t\t\t\t\t<div class=\"elementor-container elementor-column-gap-default\">\n\t\t\t\t\t<div class=\"elementor-column elementor-col-100 elementor-top-column elementor-element elementor-element-50a071a\" data-id=\"50a071a\" data-element_type=\"column\" data-e-type=\"column\">\n\t\t\t<div class=\"elementor-widget-wrap elementor-element-populated\">\n\t\t\t\t\t\t<div class=\"elementor-element elementor-element-f8b0ed0 elementor-widget elementor-widget-text-editor\" data-id=\"f8b0ed0\" data-element_type=\"widget\" data-e-type=\"widget\" data-widget_type=\"text-editor.default\">\n\t\t\t\t<div class=\"elementor-widget-container\">\n\t\t\t\t\t\t\t\t\t<h4><u><span style=\"color: #000000;\">EN TIEMPOS DE JAUME I<\/span><\/u><\/h4>\n<h5>En el coraz\u00f3n de la Tinen\u00e7a, conocida tambi\u00e9n como S\u00e9ptima de Benifass\u00e0, por la presencia de las siete localidades citadas, se encuentra el convento de Benifass\u00e0, cuyo origen remonta a tiempo de Jaume I. Fundado en 1233 por monjes cistercienses del Monasterio de Poblet, all\u00ed hacia 1250 se hab\u00eda convertido ya en uno de los principales conventos valencianos y se hab\u00eda convertido en se\u00f1or de los siete pueblos y de sus recursos agr\u00edcolas y naturales. El convento fue abandonado a ra\u00edz de la desamortizaci\u00f3n de 1835 y posteriormente rescatado de la ruina: hoy habita una peque\u00f1a comunidad de monjas cartujanas de clausura que ha permitido que una parte del recinto sea visitable.<\/br>\nCon el paso de los siglos, el aislamiento de la Tinen\u00e7a de Benifass\u00e0 ha provocado, como hemos apuntado l\u00edneas arriba, un irreversible proceso de despoblamiento y el consecuente abandono de campos y cultivos, la p\u00e9rdida de una forma de vida ancestral, y el olvido de un patrimonio cultural -en especial, de la piedra seca, que tanto abunda aqu\u00ed- y de la red de caminos hist\u00f3ricos. Ante este escenario, y considerando los valores natural, cultural y paisaj\u00edstico de la Tinen\u00e7a de Benifass\u00e0, la Generalitat Valenciana la declar\u00f3 parque natural el 19 de mayo de 2006.<\/h5><\/br>\n<h4><u><span style=\"color: #000000;\">EN MARCHA<\/span><\/u><\/h4>\n<h5>En cifras, la Ruta de los 7 Pobles de la Tinen\u00e7a de Benifass\u00e0\u00ae se traduce en 70 kil\u00f3metros y 4.600 metros positivos que pueden realizarse desde non-stop hasta cinco etapas. La presentamos en cuatro jornadas, porque se trata de una proporci\u00f3n equilibrada y factible. El recorrido es de car\u00e1cter circular y recomendable en sentido antihorario.<\/h5><\/br>\n<h5><span style=\"color: #b40404;\"><b>1a ETAPA<\/b><\/span><\/br>\n<span style=\"color: #000000;\"><b>EL BOIXAR &#8211; CASTELL DE CABRES<\/b><\/span><\/h5>\n<h6><b>Longitud:<\/b> 14 km<\/br>\n<b>Desnivel positivo:<\/b> 700 m<\/h6>\n<h5>El Boixar, y concretamente la Casa-refugio El Boixar, es el punto de inicio del periplo. El pueblo, elevado y expuesto a los vientos, se encuentra a 1.100 metros de altitud. El paisaje ostenta una aridez end\u00e9mica, donde reina la roca madre y el matorral seco y una meteorolog\u00eda contrastada. Nos despedimos del pueblo por un camino que transcurre paralelo a la carretera. Pronto penetra en un barranco que concentra la humedad local y condensa una apreciable masa forestal, en cuyo extremo encontraremos el llamado pino del Peir\u00f3, un ejemplar noble, de copa dilatad\u00edsima, en medio de la sierra de las Albardes que separa el Boixar de Coratx\u00e0, el pueblo m\u00e1s alto de la Tinen\u00e7a de Benifass\u00e0, a 1.235 metros sobre el nivel del mar. Cuando uno se acerca desde el barranco del Avellanar, la imagen en contrapicado de este n\u00facleo no puede ser m\u00e1s est\u00e9tica. Un pu\u00f1ado de curvas en subida constante y desembocamos en las primeras casas. La sobriedad arquitect\u00f3nica seduce, integrada en un paisaje desnudo de todo artificio, donde la piedra seca es el \u00fanico atisbo de antropizaci\u00f3n. La plaza mayor est\u00e1 presidida por la Casa de la Vila, un edificio min\u00fasculo, proporcionado, de paredes encaladas y equipado con los elementos fundamentales para ordenar la vida del lugar: un reloj, una campana y un banco donde dejar pasar las horas.\nCoratx\u00e0 ha gozado de una trascendencia hist\u00f3rica incuestionable, por ubicarse en dicho canal de Pavia, un camino ancestral que un\u00eda el Mediterr\u00e1neo con Arag\u00f3n. Por aqu\u00ed, adem\u00e1s, pasaron algunas romer\u00edas, como la que atravesaba estas monta\u00f1as, desde Vallibona a Penya-roja de Tastavins, en la comarca aragonesa del Matarra\u00f1a. Parece que el pueblo fue completamente arrasado por Felipe V durante la Guerra de Sucesi\u00f3n (s. XVIII) y, por eso mismo, el \u00fanico edificio que se conserva anterior a esta fecha es la iglesia de Sant Jaume, de mediados del XIII , medieval (la m\u00e1s antigua del Pa\u00eds Valenciano), ligeramente separada del pueblo y con el peque\u00f1o cementerio adosado a su extremo norte.\nEntre Coratx\u00e0 y Castell de Cabres, la Ruta de los 7 Pobles aprovecha el camino hist\u00f3rico que un\u00eda ambas poblaciones: sigue una orograf\u00eda de relativa suavidad, un sube-baja de colinas indefinidas, con las ruinas de la ermita rom\u00e1nica de Sant Crist\u00f2fol erigiendo sobre una proa de la sierra hom\u00f3nima. La panor\u00e1mica que se despliega desde el templo es excepcional: hacia el norte ya nuestros pies, desciende el macizo del Port y el valle del r\u00edo Tastavins; al sur ya poca distancia, Castell de Cabres, final de esta primera etapa.<\/h5>\t\t\t\t\t\t\t\t<\/div>\n\t\t\t\t<\/div>\n\t\t\t\t\t<\/div>\n\t\t<\/div>\n\t\t\t\t\t<\/div>\n\t\t<\/section>\n\t\t\t\t<section class=\"elementor-section elementor-top-section elementor-element elementor-element-46f9ec1 elementor-section-full_width elementor-section-height-default elementor-section-height-default\" data-id=\"46f9ec1\" data-element_type=\"section\" data-e-type=\"section\">\n\t\t\t\t\t\t<div class=\"elementor-container elementor-column-gap-default\">\n\t\t\t\t\t<div class=\"elementor-column elementor-col-50 elementor-top-column elementor-element elementor-element-c526445\" data-id=\"c526445\" data-element_type=\"column\" data-e-type=\"column\">\n\t\t\t<div class=\"elementor-widget-wrap elementor-element-populated\">\n\t\t\t\t\t\t<div class=\"elementor-element elementor-element-4d5154f elementor-widget elementor-widget-image\" data-id=\"4d5154f\" data-element_type=\"widget\" data-e-type=\"widget\" data-widget_type=\"image.default\">\n\t\t\t\t<div class=\"elementor-widget-container\">\n\t\t\t\t\t\t\t\t\t\t\t\t<figure class=\"wp-caption\">\n\t\t\t\t\t\t\t\t\t\t<img decoding=\"async\" width=\"1000\" height=\"667\" src=\"https:\/\/rutesentrerefugis.com\/wp-content\/uploads\/2023\/06\/Abrupta-i-Solitaria-02.jpg\" class=\"attachment-full size-full wp-image-18157\" alt=\"\" srcset=\"https:\/\/rutesentrerefugis.com\/wp-content\/uploads\/2023\/06\/Abrupta-i-Solitaria-02.jpg 1000w, https:\/\/rutesentrerefugis.com\/wp-content\/uploads\/2023\/06\/Abrupta-i-Solitaria-02-300x200.jpg 300w, https:\/\/rutesentrerefugis.com\/wp-content\/uploads\/2023\/06\/Abrupta-i-Solitaria-02-768x512.jpg 768w\" sizes=\"(max-width: 1000px) 100vw, 1000px\" \/>\t\t\t\t\t\t\t\t\t\t\t<figcaption class=\"widget-image-caption wp-caption-text\">La sierra de Sant Crist\u00f2fol cierra por el extremo septentrional la Tinen\u00e7a de Benifass\u00e0<\/br>y se abre como una balconada hacia el sur. El hito, de dimensiones excepcionales, marca el inicio del camino tradicional que une Castell de Cabres con la ermita medieval de Sant Crist\u00f2fol.<\/figcaption>\n\t\t\t\t\t\t\t\t\t\t<\/figure>\n\t\t\t\t\t\t\t\t\t<\/div>\n\t\t\t\t<\/div>\n\t\t\t\t\t<\/div>\n\t\t<\/div>\n\t\t\t\t<div class=\"elementor-column elementor-col-50 elementor-top-column elementor-element elementor-element-dfaf2dd\" data-id=\"dfaf2dd\" data-element_type=\"column\" data-e-type=\"column\">\n\t\t\t<div class=\"elementor-widget-wrap elementor-element-populated\">\n\t\t\t\t\t\t<div class=\"elementor-element elementor-element-4e22723 elementor-widget elementor-widget-image\" data-id=\"4e22723\" data-element_type=\"widget\" data-e-type=\"widget\" data-widget_type=\"image.default\">\n\t\t\t\t<div class=\"elementor-widget-container\">\n\t\t\t\t\t\t\t\t\t\t\t\t<figure class=\"wp-caption\">\n\t\t\t\t\t\t\t\t\t\t<img loading=\"lazy\" decoding=\"async\" width=\"1000\" height=\"667\" src=\"https:\/\/rutesentrerefugis.com\/wp-content\/uploads\/2023\/06\/Abrupta-i-Solitaria-03.jpg\" class=\"attachment-full size-full wp-image-18158\" alt=\"\" srcset=\"https:\/\/rutesentrerefugis.com\/wp-content\/uploads\/2023\/06\/Abrupta-i-Solitaria-03.jpg 1000w, https:\/\/rutesentrerefugis.com\/wp-content\/uploads\/2023\/06\/Abrupta-i-Solitaria-03-300x200.jpg 300w, https:\/\/rutesentrerefugis.com\/wp-content\/uploads\/2023\/06\/Abrupta-i-Solitaria-03-768x512.jpg 768w\" sizes=\"(max-width: 1000px) 100vw, 1000px\" \/>\t\t\t\t\t\t\t\t\t\t\t<figcaption class=\"widget-image-caption wp-caption-text\">Desde Ballestar, el camino tradicional penetra sinuosamente en el valle del r\u00edo de la S\u00e9nia.<\/br>Estamos casi en la cota m\u00e1s baja del recorrido y cerca de la cola del pantano de Ulldecona<\/br>que rodearemos hasta la confluencia con el barranco de la Fou.<\/figcaption>\n\t\t\t\t\t\t\t\t\t\t<\/figure>\n\t\t\t\t\t\t\t\t\t<\/div>\n\t\t\t\t<\/div>\n\t\t\t\t\t<\/div>\n\t\t<\/div>\n\t\t\t\t\t<\/div>\n\t\t<\/section>\n\t\t\t\t<section class=\"elementor-section elementor-top-section elementor-element elementor-element-3a64ece elementor-section-full_width elementor-section-height-default elementor-section-height-default\" data-id=\"3a64ece\" data-element_type=\"section\" data-e-type=\"section\">\n\t\t\t\t\t\t<div class=\"elementor-container elementor-column-gap-default\">\n\t\t\t\t\t<div class=\"elementor-column elementor-col-100 elementor-top-column elementor-element elementor-element-3de6d20\" data-id=\"3de6d20\" data-element_type=\"column\" data-e-type=\"column\">\n\t\t\t<div class=\"elementor-widget-wrap elementor-element-populated\">\n\t\t\t\t\t\t<div class=\"elementor-element elementor-element-76623b2 elementor-widget elementor-widget-text-editor\" data-id=\"76623b2\" data-element_type=\"widget\" data-e-type=\"widget\" data-widget_type=\"text-editor.default\">\n\t\t\t\t<div class=\"elementor-widget-container\">\n\t\t\t\t\t\t\t\t\t<h5><span style=\"color: #b40404;\"><b>2a ETAPA<\/b><\/span><\/br>\n<span style=\"color: #000000;\"><b>CASTELL DE CABRES &#8211; LA POBLA DE BENIFASS\u00c0<\/b><\/span><\/h5>\n<h6><b>Longitud:<\/b> 27 km<\/br>\n<b>Desnivel positivo:<\/b> 1.500 m<\/h6>\n<h5>La segunda y tercera etapa representan los puntos fuertes del recorrido en cuanto a exigencia f\u00edsica. Habr\u00e1, pues, que madrugar para poder disfrutar, sin prisas, de este territorio.<\/br>\nIniciamos la jornada encarando un camino con lazadas que no deja tiempo para el calentamiento. La subida es intensa pero breve. En lo alto, hay que girar la vista: nos despedimos del pueblo, que pervive al abrigo de una colina. La piedra seca hace acto de presencia; se manifiesta visiblemente en m\u00e1rgenes, en restos del adoquinado del camino tradicional por donde circulamos, en el vertedero que sirvi\u00f3 para el desplazamiento del reba\u00f1o. Vertebra una composici\u00f3n natural desnuda, caliza, \u00e1spera. Estamos a una considerable altitud, siempre por encima de los 1.100 metros. La meteorolog\u00eda, en d\u00edas inclementes, pone aqu\u00ed lo dif\u00edcil: no es cuesti\u00f3n de confiarse.<\/br>\nY es en esta latitud donde se despliega un paisaje de una singular vaguedad, caracter\u00edstico de las cotas altas de la Tinen\u00e7a de Benifass\u00e0, con alternancia de peque\u00f1os planos con colinas poco marcadas. Aqu\u00ed y all\u00e1, mas\u00edas, testigos de una vida resistente, obstinada, dispersa. Y una toponimia que recuerda el uso que tuvieron el lugar y la gente que los posey\u00f3: pasamos el Boveral, donde debieron pastar reba\u00f1os de bueyes, y el Muladar, con una etimolog\u00eda evidente.<\/br>\nA medida que avanza la etapa, la orograf\u00eda se encrespa: las monta\u00f1as toman forma con absoluta contundencia, las pendientes se acent\u00faan y el terreno se vuelve intransigente. Nada m\u00e1s perder altura, aparece de nuevo el bosque. En un claro, est\u00e1 la mas\u00eda de la Borja. En ruinas y de unas dimensiones espectaculares con los distintos edificios que lo componen, preserva el eco de un tiempo pret\u00e9rito. Desde aqu\u00ed, nos sumergimos en el barranco del mismo nombre, donde la piedra hace que los kil\u00f3metros se ganen con un esfuerzo penitente. En medio de esa geograf\u00eda solitaria, la sensaci\u00f3n de aislamiento es excesiva. A la salida del barranco de la Borja, aparece el acantilado inflexible, otro elemento identitario del paisaje de la Tinen\u00e7a de Benifass\u00e0.<\/br>\nTocamos puntualmente el asfalto para abastecernos en la fuente de la Fou. Se trata de una carretera estrecha, vecinal, que conecta los pueblos de Vallibona y Rossell. La fuente es un punto estrat\u00e9gico para hacer un receso: el tramo final de la etapa reclama una buena dosis de energ\u00eda para salvar los casi 500 metros que nos separan de Bel. De este pueblo a La Pobla de Benifass\u00e0, circulamos por el antiguo camino con un descenso final acusado que acabar\u00e1 de consumirnos las reservas.<\/h5>\n&nbsp;\n<h5><span style=\"color: #b40404;\"><b>3a ETAPA<\/b><\/span><\/br>\n<span style=\"color: #000000;\"><b>LA POBLA DE BENIFASS\u00c0 &#8211; FREDES<\/b><\/span><\/h5>\n<h6><b>Longitud:<\/b> 27 km<\/br>\n<b>Desnivel positivo:<\/b> 2.000 m<\/h6>\n<h5>Una nueva etapa exigente. Con las piernas todav\u00eda adormiladas, salvamos de golpe los 350 metros de desnivel que nos separan de la parte superior de la sierra de la Creu. Algunos pensar\u00e1n que para llegar al Bellestar esta subida es gratuita. Nada m\u00e1s lejos de esto: la cota alta de la sierra conforma un mirador de primer orden sobre el valle que riega el r\u00edo Verd. Se asientan la Pobla de Benifass\u00e0 y el Bellestar rodeados de una ret\u00edcula de campos de secano.<\/br>\nNos incorporamos al valle del r\u00edo Verd y fluimos con \u00e9l. Sus aguas pronto ser\u00e1n embalsadas por el pantano de Ulldecona, que bordearemos por su flanco meridional, hasta el Molino el Abad. La instalaci\u00f3n, junto a la carretera, ofrece un restaurante y un tentador hotel de monta\u00f1a. Remontamos durante dos kil\u00f3metros la pista del barranco de la Fou, anegado por el citado embalse. La v\u00eda, llana, es transitada, sobre todo durante los fines de semana. Nos fugamos por una secundaria, al final de la cual se inicia el camino que da acceso a uno de los espacios m\u00e1s bellos y con m\u00e1s car\u00e1cter de la Ruta de los 7 Pobles de la Tinen\u00e7a de Benifass\u00e0: el Portell de l&#8217;Infern. El nombre lo dice todo: se trata de un paso entre la roca, una rendija magistral que ha permitido tradicionalmente comunicar a Fredes con la llanura y el litoral. Una vez atravesado, penetramos en un universo mineral majestuoso y un punto catedralicio. Pasamos al pie de paredes extraplomadas y abrigos naturales que conservan permanentemente la humedad y la frescura de la tierra. Caminamos suspendidos por encima del barranco de la Tenalla, al que nos sumergiremos por un sendero dentro del bosque que desciende con tramos de fuerte pendiente y algunas lazadas. Al fondo del barranco y en unos minutos llegamos a otro highlight de la ruta: el Salt de Robert. El lugar, cerrado, recogid\u00edsimo, alberga una cascada de considerables dimensiones, especialmente si la lluvia ha hecho acto de presencia los d\u00edas anteriores a nuestro paso. Somos (o al menos es la sensaci\u00f3n que tenemos) n\u00e1ufragos en el centro de la Tierra. Ahora, s\u00f3lo queda salir de nuevo a la superficie. La tarea no ser\u00e1 f\u00e1cil. Un camino remonta decidido hacia Fredes. El bosque est\u00e1 cerrado y h\u00famedo; la luz, tenue, casi una penumbra. Ganamos desnivel a cada paso, con una pendiente que pone a prueba nuestra capacidad pulmonar. Y llegados a la cota superior, la t\u00f3nica se suaviza. A la salida del bosque, Fredes, en medio de un relativa verdor.<\/h5>\t\t\t\t\t\t\t\t<\/div>\n\t\t\t\t<\/div>\n\t\t\t\t\t<\/div>\n\t\t<\/div>\n\t\t\t\t\t<\/div>\n\t\t<\/section>\n\t\t\t\t<section class=\"elementor-section elementor-top-section elementor-element elementor-element-c135c43 elementor-section-full_width elementor-section-height-default elementor-section-height-default\" data-id=\"c135c43\" data-element_type=\"section\" data-e-type=\"section\">\n\t\t\t\t\t\t<div class=\"elementor-container elementor-column-gap-default\">\n\t\t\t\t\t<div class=\"elementor-column elementor-col-100 elementor-top-column elementor-element elementor-element-e82212d\" data-id=\"e82212d\" data-element_type=\"column\" data-e-type=\"column\">\n\t\t\t<div class=\"elementor-widget-wrap elementor-element-populated\">\n\t\t\t\t\t\t<div class=\"elementor-element elementor-element-dafc0d4 elementor-widget elementor-widget-image\" data-id=\"dafc0d4\" data-element_type=\"widget\" data-e-type=\"widget\" data-widget_type=\"image.default\">\n\t\t\t\t<div class=\"elementor-widget-container\">\n\t\t\t\t\t\t\t\t\t\t\t\t<figure class=\"wp-caption\">\n\t\t\t\t\t\t\t\t\t\t<img loading=\"lazy\" decoding=\"async\" width=\"2000\" height=\"1333\" src=\"https:\/\/rutesentrerefugis.com\/wp-content\/uploads\/2023\/06\/Abrupta-i-Solitaria-04.jpg\" class=\"attachment-full size-full wp-image-18165\" alt=\"\" srcset=\"https:\/\/rutesentrerefugis.com\/wp-content\/uploads\/2023\/06\/Abrupta-i-Solitaria-04.jpg 2000w, https:\/\/rutesentrerefugis.com\/wp-content\/uploads\/2023\/06\/Abrupta-i-Solitaria-04-300x200.jpg 300w, https:\/\/rutesentrerefugis.com\/wp-content\/uploads\/2023\/06\/Abrupta-i-Solitaria-04-1024x682.jpg 1024w, https:\/\/rutesentrerefugis.com\/wp-content\/uploads\/2023\/06\/Abrupta-i-Solitaria-04-768x512.jpg 768w, https:\/\/rutesentrerefugis.com\/wp-content\/uploads\/2023\/06\/Abrupta-i-Solitaria-04-1536x1024.jpg 1536w\" sizes=\"(max-width: 2000px) 100vw, 2000px\" \/>\t\t\t\t\t\t\t\t\t\t\t<figcaption class=\"widget-image-caption wp-caption-text\">La l\u00e1mina de agua del pantano de Ulldecona cubre los dos valles principales que nutren el r\u00edo de la S\u00e9nia. Un atalaya, situada sobre el Mol\u00ed de l'Abad, permite contemplar el espect\u00e1culo.<\/figcaption>\n\t\t\t\t\t\t\t\t\t\t<\/figure>\n\t\t\t\t\t\t\t\t\t<\/div>\n\t\t\t\t<\/div>\n\t\t\t\t\t<\/div>\n\t\t<\/div>\n\t\t\t\t\t<\/div>\n\t\t<\/section>\n\t\t\t\t<section class=\"elementor-section elementor-top-section elementor-element elementor-element-ec4cf60 elementor-section-full_width elementor-section-height-default elementor-section-height-default\" data-id=\"ec4cf60\" data-element_type=\"section\" data-e-type=\"section\">\n\t\t\t\t\t\t<div class=\"elementor-container elementor-column-gap-default\">\n\t\t\t\t\t<div class=\"elementor-column elementor-col-50 elementor-top-column elementor-element elementor-element-dc2d2e6\" data-id=\"dc2d2e6\" data-element_type=\"column\" data-e-type=\"column\">\n\t\t\t<div class=\"elementor-widget-wrap elementor-element-populated\">\n\t\t\t\t\t\t<div class=\"elementor-element elementor-element-ef47073 elementor-widget elementor-widget-image\" data-id=\"ef47073\" data-element_type=\"widget\" data-e-type=\"widget\" data-widget_type=\"image.default\">\n\t\t\t\t<div class=\"elementor-widget-container\">\n\t\t\t\t\t\t\t\t\t\t\t\t<figure class=\"wp-caption\">\n\t\t\t\t\t\t\t\t\t\t<img loading=\"lazy\" decoding=\"async\" width=\"1000\" height=\"667\" src=\"https:\/\/rutesentrerefugis.com\/wp-content\/uploads\/2023\/06\/Abrupta-i-Solitaria-05.jpg\" class=\"attachment-full size-full wp-image-18172\" alt=\"\" srcset=\"https:\/\/rutesentrerefugis.com\/wp-content\/uploads\/2023\/06\/Abrupta-i-Solitaria-05.jpg 1000w, https:\/\/rutesentrerefugis.com\/wp-content\/uploads\/2023\/06\/Abrupta-i-Solitaria-05-300x200.jpg 300w, https:\/\/rutesentrerefugis.com\/wp-content\/uploads\/2023\/06\/Abrupta-i-Solitaria-05-768x512.jpg 768w\" sizes=\"(max-width: 1000px) 100vw, 1000px\" \/>\t\t\t\t\t\t\t\t\t\t\t<figcaption class=\"widget-image-caption wp-caption-text\">La piedra seca acompa\u00f1a a todas horas a quien realiza la Ruta de los 7 Pobles de la Tinen\u00e7a de Benifass\u00e0. Es un patrimonio a menudo poco valorado, ancestral y declarado Patrimonio de la Humanidad de la UNESCO.<\/figcaption>\n\t\t\t\t\t\t\t\t\t\t<\/figure>\n\t\t\t\t\t\t\t\t\t<\/div>\n\t\t\t\t<\/div>\n\t\t\t\t\t<\/div>\n\t\t<\/div>\n\t\t\t\t<div class=\"elementor-column elementor-col-50 elementor-top-column elementor-element elementor-element-e886515\" data-id=\"e886515\" data-element_type=\"column\" data-e-type=\"column\" data-settings=\"{&quot;background_background&quot;:&quot;classic&quot;}\">\n\t\t\t<div class=\"elementor-widget-wrap elementor-element-populated\">\n\t\t\t\t\t\t<div class=\"elementor-element elementor-element-2485c44 elementor-widget elementor-widget-text-editor\" data-id=\"2485c44\" data-element_type=\"widget\" data-e-type=\"widget\" data-widget_type=\"text-editor.default\">\n\t\t\t\t<div class=\"elementor-widget-container\">\n\t\t\t\t\t\t\t\t\t<h4><span style=\"color: #000000;\">EN FAVOR DE LA PIEDRA SECA,\nPATRIMONIO DE LA HUMANIDAD<\/span><\/h4>\n<h5>Uno de los principales elementos identitarios de la Tinen\u00e7a de Benifass\u00e0 es la piedra seca. Encontrar\u00e9is refugios de pastor, m\u00e1rgenes y bancales, azagadores, aljibes y otras soluciones constructivas que han definido el paisaje de este territorio. La Ruta de los 7 Pobles de la Tinen\u00e7a de Benifass\u00e0 visita muestras representativas, rescat\u00e1ndolas del olvido y otorg\u00e1ndoles el valor intr\u00ednseco e internacionalmente reconocido por la UNESCO, que inclu\u00eda en 2018 la piedra seca dentro de su Lista Representativa del Patrimonio Cultural Inmaterial.<\/h5>\t\t\t\t\t\t\t\t<\/div>\n\t\t\t\t<\/div>\n\t\t\t\t\t<\/div>\n\t\t<\/div>\n\t\t\t\t\t<\/div>\n\t\t<\/section>\n\t\t\t\t<section class=\"elementor-section elementor-top-section elementor-element elementor-element-fdb90d3 elementor-section-full_width elementor-section-height-default elementor-section-height-default\" data-id=\"fdb90d3\" data-element_type=\"section\" data-e-type=\"section\">\n\t\t\t\t\t\t<div class=\"elementor-container elementor-column-gap-default\">\n\t\t\t\t\t<div class=\"elementor-column elementor-col-50 elementor-top-column elementor-element elementor-element-38234e7\" data-id=\"38234e7\" data-element_type=\"column\" data-e-type=\"column\">\n\t\t\t<div class=\"elementor-widget-wrap elementor-element-populated\">\n\t\t\t\t\t\t<div class=\"elementor-element elementor-element-4a4b671 elementor-widget elementor-widget-text-editor\" data-id=\"4a4b671\" data-element_type=\"widget\" data-e-type=\"widget\" data-widget_type=\"text-editor.default\">\n\t\t\t\t<div class=\"elementor-widget-container\">\n\t\t\t\t\t\t\t\t\t<h5><span style=\"color: #b40404;\"><b>4a ETAPA<\/b><\/span><\/br>\n<span style=\"color: #000000;\"><b>FREDES &#8211; EL BOIXAR<\/b><\/span><\/h5>\n<h6><b>Longitud:<\/b> 9 km<\/br>\n<b>Desnivel positivo:<\/b> 400 m<\/h6>\n<h5>La \u00faltima etapa es corta pero no por ello menos atractiva. Abandonamos Fredes por un camino que delimitan m\u00e1rgenes de piedra seca de un calizo blanquecino. El plan que preside el pueblo aporta una bondad transitoria a este entorno salvaje. Como un oasis, da respiro entre tanta roca. Lo atravesamos y vamos ganando altitud de forma suave; superamos campos y bald\u00edos, y penetramos de nuevo en el pendiente acusado de la monta\u00f1a. El camino es precioso, regular, predecible. Antiguo. De una relativa comodidad. El Mas de l&#8217;Hostalet nos acoge a la salida del barranco de la Pasq\u00fcala. Estamos a un tiro de piedra del Boixar, pero la Ruta de los 7 Pobles de la Tinen\u00e7a de Benifass\u00e0 no sube la v\u00eda m\u00e1s corta, sino que cierra el c\u00edrculo subiendo al cerro Gros, de nuevo a la sierra de las Albardes que hab\u00edamos atravesado en inicio del itinerario. Y, ahora s\u00ed, despu\u00e9s del esfuerzo final, toca la recompensa: una buena recuperaci\u00f3n en la Casa-refugio El Boixar.<\/h5>\t\t\t\t\t\t\t\t<\/div>\n\t\t\t\t<\/div>\n\t\t\t\t\t<\/div>\n\t\t<\/div>\n\t\t\t\t<div class=\"elementor-column elementor-col-50 elementor-top-column elementor-element elementor-element-82559f0\" data-id=\"82559f0\" data-element_type=\"column\" data-e-type=\"column\">\n\t\t\t<div class=\"elementor-widget-wrap elementor-element-populated\">\n\t\t\t\t\t\t<div class=\"elementor-element elementor-element-a6d747c elementor-widget elementor-widget-image\" data-id=\"a6d747c\" data-element_type=\"widget\" data-e-type=\"widget\" data-widget_type=\"image.default\">\n\t\t\t\t<div class=\"elementor-widget-container\">\n\t\t\t\t\t\t\t\t\t\t\t\t<figure class=\"wp-caption\">\n\t\t\t\t\t\t\t\t\t\t<img loading=\"lazy\" decoding=\"async\" width=\"1000\" height=\"667\" src=\"https:\/\/rutesentrerefugis.com\/wp-content\/uploads\/2023\/06\/Abrupta-i-Solitaria-06.jpg\" class=\"attachment-full size-full wp-image-18221\" alt=\"\" srcset=\"https:\/\/rutesentrerefugis.com\/wp-content\/uploads\/2023\/06\/Abrupta-i-Solitaria-06.jpg 1000w, https:\/\/rutesentrerefugis.com\/wp-content\/uploads\/2023\/06\/Abrupta-i-Solitaria-06-300x200.jpg 300w, https:\/\/rutesentrerefugis.com\/wp-content\/uploads\/2023\/06\/Abrupta-i-Solitaria-06-768x512.jpg 768w\" sizes=\"(max-width: 1000px) 100vw, 1000px\" \/>\t\t\t\t\t\t\t\t\t\t\t<figcaption class=\"widget-image-caption wp-caption-text\">La Casa-refugio El Boixar es punto de inicio y final de la Ruta de los 7 Pobles de la Tinen\u00e7a de Benifassar,<\/br>y un lugar ideal para planificar las diferentes etapas del recorrido.<\/figcaption>\n\t\t\t\t\t\t\t\t\t\t<\/figure>\n\t\t\t\t\t\t\t\t\t<\/div>\n\t\t\t\t<\/div>\n\t\t\t\t\t<\/div>\n\t\t<\/div>\n\t\t\t\t\t<\/div>\n\t\t<\/section>\n\t\t\t\t<section class=\"elementor-section elementor-top-section elementor-element elementor-element-57193c0 elementor-section-full_width elementor-section-height-default elementor-section-height-default\" data-id=\"57193c0\" data-element_type=\"section\" data-e-type=\"section\">\n\t\t\t\t\t\t<div class=\"elementor-container elementor-column-gap-default\">\n\t\t\t\t\t<div class=\"elementor-column elementor-col-100 elementor-top-column elementor-element elementor-element-1cc0828\" data-id=\"1cc0828\" data-element_type=\"column\" data-e-type=\"column\">\n\t\t\t<div class=\"elementor-widget-wrap elementor-element-populated\">\n\t\t\t\t\t\t<div class=\"elementor-element elementor-element-abd0cf8 elementor-widget-divider--view-line elementor-widget elementor-widget-divider\" data-id=\"abd0cf8\" data-element_type=\"widget\" data-e-type=\"widget\" data-widget_type=\"divider.default\">\n\t\t\t\t<div class=\"elementor-widget-container\">\n\t\t\t\t\t\t\t<div class=\"elementor-divider\">\n\t\t\t<span class=\"elementor-divider-separator\">\n\t\t\t\t\t\t<\/span>\n\t\t<\/div>\n\t\t\t\t\t\t<\/div>\n\t\t\t\t<\/div>\n\t\t\t\t\t<\/div>\n\t\t<\/div>\n\t\t\t\t\t<\/div>\n\t\t<\/section>\n\t\t\t\t<section class=\"elementor-section elementor-top-section elementor-element elementor-element-a684d77 elementor-section-full_width elementor-section-height-default elementor-section-height-default\" data-id=\"a684d77\" data-element_type=\"section\" data-e-type=\"section\">\n\t\t\t\t\t\t<div class=\"elementor-container elementor-column-gap-default\">\n\t\t\t\t\t<div class=\"elementor-column elementor-col-50 elementor-top-column elementor-element elementor-element-1f3d5eb\" data-id=\"1f3d5eb\" data-element_type=\"column\" data-e-type=\"column\">\n\t\t\t<div class=\"elementor-widget-wrap elementor-element-populated\">\n\t\t\t\t\t\t<div class=\"elementor-element elementor-element-00aeced elementor-widget elementor-widget-image\" data-id=\"00aeced\" data-element_type=\"widget\" data-e-type=\"widget\" data-widget_type=\"image.default\">\n\t\t\t\t<div class=\"elementor-widget-container\">\n\t\t\t\t\t\t\t\t\t\t\t\t\t\t\t<img loading=\"lazy\" decoding=\"async\" width=\"1000\" height=\"667\" src=\"https:\/\/rutesentrerefugis.com\/wp-content\/uploads\/2023\/06\/Abrupta-i-Solitaria-07.jpg\" class=\"attachment-full size-full wp-image-18250\" alt=\"\" srcset=\"https:\/\/rutesentrerefugis.com\/wp-content\/uploads\/2023\/06\/Abrupta-i-Solitaria-07.jpg 1000w, https:\/\/rutesentrerefugis.com\/wp-content\/uploads\/2023\/06\/Abrupta-i-Solitaria-07-300x200.jpg 300w, https:\/\/rutesentrerefugis.com\/wp-content\/uploads\/2023\/06\/Abrupta-i-Solitaria-07-768x512.jpg 768w\" sizes=\"(max-width: 1000px) 100vw, 1000px\" \/>\t\t\t\t\t\t\t\t\t\t\t\t\t\t\t<\/div>\n\t\t\t\t<\/div>\n\t\t\t\t\t<\/div>\n\t\t<\/div>\n\t\t\t\t<div class=\"elementor-column elementor-col-50 elementor-top-column elementor-element elementor-element-1460dec\" data-id=\"1460dec\" data-element_type=\"column\" data-e-type=\"column\">\n\t\t\t<div class=\"elementor-widget-wrap elementor-element-populated\">\n\t\t\t\t\t\t<div class=\"elementor-element elementor-element-6077f71 elementor-widget elementor-widget-heading\" data-id=\"6077f71\" data-element_type=\"widget\" data-e-type=\"widget\" data-widget_type=\"heading.default\">\n\t\t\t\t<div class=\"elementor-widget-container\">\n\t\t\t\t\t<h2 class=\"elementor-heading-title elementor-size-default\"><font color=\"#B40404\">ENTREVISTA<\/font> <font color=\"#000000\">JOEL GARCIA<\/font><\/h2>\t\t\t\t<\/div>\n\t\t\t\t<\/div>\n\t\t\t\t<div class=\"elementor-element elementor-element-ae66c23 elementor-widget elementor-widget-text-editor\" data-id=\"ae66c23\" data-element_type=\"widget\" data-e-type=\"widget\" data-widget_type=\"text-editor.default\">\n\t\t\t\t<div class=\"elementor-widget-container\">\n\t\t\t\t\t\t\t\t\t<h5>Joel Garcia, hijo de la S\u00e9nia, es el creador de la Ruta de los 7 Pueblos de la Tenencia de Benifass\u00e0\u00ae. Adem\u00e1s de gu\u00eda de media monta\u00f1a, regenta la Casa-refugio El Boixar, desde donde organiza actividades relacionadas con el medio natural, para aportar su granito de arena a la dinamizaci\u00f3n de la zona. En enero de 2013 lanz\u00f3 la propuesta senderista que nos ocupa.<\/h5>\t\t\t\t\t\t\t\t<\/div>\n\t\t\t\t<\/div>\n\t\t\t\t<div class=\"elementor-element elementor-element-e8c4e18 elementor-blockquote--skin-boxed elementor-blockquote--align-center elementor-widget elementor-widget-blockquote\" data-id=\"e8c4e18\" data-element_type=\"widget\" data-e-type=\"widget\" data-widget_type=\"blockquote.default\">\n\t\t\t\t<div class=\"elementor-widget-container\">\n\t\t\t\t\t\t\t<blockquote class=\"elementor-blockquote\">\n\t\t\t<p class=\"elementor-blockquote__content\">\n\t\t\t\t\u00abPara los de la S\u00e9nia, la Tinen\u00e7a de Benifass\u00e0<\/br>\nes la puerta natural a las monta\u00f1as\u00bb\t\t\t<\/p>\n\t\t\t\t\t<\/blockquote>\n\t\t\t\t\t\t<\/div>\n\t\t\t\t<\/div>\n\t\t\t\t\t<\/div>\n\t\t<\/div>\n\t\t\t\t\t<\/div>\n\t\t<\/section>\n\t\t\t\t<section class=\"elementor-section elementor-top-section elementor-element elementor-element-ff43c6a elementor-section-full_width elementor-section-height-default elementor-section-height-default\" data-id=\"ff43c6a\" data-element_type=\"section\" data-e-type=\"section\">\n\t\t\t\t\t\t<div class=\"elementor-container elementor-column-gap-default\">\n\t\t\t\t\t<div class=\"elementor-column elementor-col-50 elementor-top-column elementor-element elementor-element-b04f641\" data-id=\"b04f641\" data-element_type=\"column\" data-e-type=\"column\">\n\t\t\t<div class=\"elementor-widget-wrap elementor-element-populated\">\n\t\t\t\t\t\t<div class=\"elementor-element elementor-element-acea194 elementor-widget elementor-widget-text-editor\" data-id=\"acea194\" data-element_type=\"widget\" data-e-type=\"widget\" data-widget_type=\"text-editor.default\">\n\t\t\t\t<div class=\"elementor-widget-container\">\n\t\t\t\t\t\t\t\t\t<h5><span style=\"color: #000000;\"><b>De la Ruta de los 7 Puebles de la Tinen\u00e7a de Benifass\u00e0, \u00bfcu\u00e1les son los puntos fuertes que no podemos dejar de contemplar?<\/b><\/span><\/br>\nDe entrada, cada uno de los siete pueblos, as\u00ed como el patrimonio viario de caminos hist\u00f3ricos que los unen y por d\u00f3nde pasa el recorrido, muchos de ellos todav\u00eda empedrados. En cuanto a naturaleza, algunos de los lugares m\u00e1s impresionantes son el Portell de l&#8217;Infern, el Salt de Robert, la sierra de la Cruz, o el tramo entre Boixar y Coratx\u00e0.<\/br>\n<\/br>\n<b><span style=\"color: #000000;\">\u00bfLa propuesta es guiada o autoguiada?<\/span><\/b><\/br>\nEn un primer momento, la plante\u00e9 como un recorrido autoguiado, en el que ofrecemos gesti\u00f3n de reservas, tracks y mapa, traslado de equipajes y pack de bienvenida, pero la titulaci\u00f3n de gu\u00eda de media monta\u00f1a me ha permitido, tambi\u00e9n, ofrecerla guiada.<\/br>\n<\/br>\n<b><span style=\"color: #000000;\">La Tinen\u00e7a de Benifass\u00e0 es una zona poco conocida, todav\u00eda, y poco valorada.<\/span><\/b><\/br>\nEfectivamente, sigue siendo uno de los espacios menos frecuentados y menos masificados. Para los catalanes, la Tinen\u00e7a debe quedar demasiado al sur y para los valencianos, demasiado al norte, aunque el p\u00fablico mayoritario proviene del Pa\u00eds Valenciano.<\/br>\n<\/br>\n<span style=\"color: #000000;\"><b>Cuando dise\u00f1aste la ruta, \u00bfporqu\u00e9 tipos de sendero optaste?<\/b><\/span><\/br>\nEl itinerario aprovecha b\u00e1sicamente GR&#8217;s y PR&#8217;s, porque son homologados y porque forman parte de la red de caminos de la Tinen\u00e7a creada por el Centre Excursionista de Castell\u00f3, a partir de una investigaci\u00f3n sobre los caminos antiguos. Por tanto, el recorrido aprovecha este trabajo previo y, por su parte, quiere contribuir al mantenimiento de estas v\u00edas tradicionales, volviendo a darles uso.<\/h5>\t\t\t\t\t\t\t\t<\/div>\n\t\t\t\t<\/div>\n\t\t\t\t\t<\/div>\n\t\t<\/div>\n\t\t\t\t<div class=\"elementor-column elementor-col-50 elementor-top-column elementor-element elementor-element-8603887\" data-id=\"8603887\" data-element_type=\"column\" data-e-type=\"column\">\n\t\t\t<div class=\"elementor-widget-wrap elementor-element-populated\">\n\t\t\t\t\t\t<div class=\"elementor-element elementor-element-57c6af4 elementor-widget elementor-widget-text-editor\" data-id=\"57c6af4\" data-element_type=\"widget\" data-e-type=\"widget\" data-widget_type=\"text-editor.default\">\n\t\t\t\t<div class=\"elementor-widget-container\">\n\t\t\t\t\t\t\t\t\t<h5><b><span style=\"color: #000000;\">En la Tinen\u00e7a hay una realidad social muy preocupante, en cuanto a despoblamiento.<\/b><\/br>\nS\u00ed, es un caso extremo de despoblamiento. En La Pobla de Benifass\u00e0, se ha instalado en los \u00faltimos a\u00f1os alguna familia, y sin embargo, el censo ronda los 70 habitantes. Por lo que respecta al resto de pueblos es muy triste. Y si no hay escuelas, los pueblos nunca crecer\u00e1n. Por ejemplo, el Boixar tiene ocho habitantes. Estos pueblos se est\u00e1n convirtiendo en espacios de segunda residencia y turismo rural.<\/br>\n<\/br>\n<b><span style=\"color: #000000;\">Aparte de la Ruta de los 7 Pobles de la Tinen\u00e7a de Benifass\u00e0, creaste la ruta Tres Regnes en BTT. \u00bfNacieron simult\u00e1neamente?<\/span><\/b><\/br>\nFue posterior, pero no mucho m\u00e1s posterior. Tres Regnes en BTT est\u00e1 planteada como un tr\u00e9bol, con el centro en la Casa-refugio El Boixar. As\u00ed, puedes elegir si haces uno, dos o tres c\u00edrculos.<\/br>\n<\/br>\n<b><span style=\"color: #000000;\">\u00bfOtras creaciones propias?<\/span><\/b><\/br>\nLanc\u00e9, junto con Senda, una agencia de viajes y turismo activo y cultural de Beseit, Un Paseo por los Puertos de Beceite (53 km \/ 2.300 m+). Se trata de un recorrido senderista que reproduce el itinerario que realizaron un grupo de bot\u00e1nicos a mediados del siglo XIX. El a\u00f1o pasado la alargamos, bautizando el nuevo itinerario Gran Paseo por los Puertos de Beceite, con cuatro etapas (86 km \/3.920 m+). La propuesta m\u00e1s reciente es Lo Port en Gravel, un recorrido autoguiado en bicicleta de gravel que atraviesa el macizo del Port.<\/h5>\t\t\t\t\t\t\t\t<\/div>\n\t\t\t\t<\/div>\n\t\t\t\t\t<\/div>\n\t\t<\/div>\n\t\t\t\t\t<\/div>\n\t\t<\/section>\n\t\t\t\t<section class=\"elementor-section elementor-top-section elementor-element elementor-element-43fdae4 elementor-section-full_width elementor-section-height-default elementor-section-height-default\" data-id=\"43fdae4\" data-element_type=\"section\" data-e-type=\"section\">\n\t\t\t\t\t\t<div class=\"elementor-container elementor-column-gap-default\">\n\t\t\t\t\t<div class=\"elementor-column elementor-col-100 elementor-top-column elementor-element elementor-element-4d8f465\" data-id=\"4d8f465\" data-element_type=\"column\" data-e-type=\"column\">\n\t\t\t<div class=\"elementor-widget-wrap elementor-element-populated\">\n\t\t\t\t\t\t<div class=\"elementor-element elementor-element-d1f5194 elementor-widget elementor-widget-spacer\" data-id=\"d1f5194\" data-element_type=\"widget\" data-e-type=\"widget\" data-widget_type=\"spacer.default\">\n\t\t\t\t<div class=\"elementor-widget-container\">\n\t\t\t\t\t\t\t<div class=\"elementor-spacer\">\n\t\t\t<div class=\"elementor-spacer-inner\"><\/div>\n\t\t<\/div>\n\t\t\t\t\t\t<\/div>\n\t\t\t\t<\/div>\n\t\t\t\t\t<\/div>\n\t\t<\/div>\n\t\t\t\t\t<\/div>\n\t\t<\/section>\n\t\t\t\t<section class=\"elementor-section elementor-top-section elementor-element elementor-element-7326131 elementor-section-full_width elementor-section-height-default elementor-section-height-default\" data-id=\"7326131\" data-element_type=\"section\" data-e-type=\"section\" data-settings=\"{&quot;background_background&quot;:&quot;classic&quot;}\">\n\t\t\t\t\t\t<div class=\"elementor-container elementor-column-gap-default\">\n\t\t\t\t\t<div class=\"elementor-column elementor-col-100 elementor-top-column elementor-element elementor-element-93725fa\" data-id=\"93725fa\" data-element_type=\"column\" data-e-type=\"column\">\n\t\t\t<div class=\"elementor-widget-wrap elementor-element-populated\">\n\t\t\t\t\t\t<div class=\"elementor-element elementor-element-3aa8fee elementor-widget elementor-widget-image\" data-id=\"3aa8fee\" data-element_type=\"widget\" data-e-type=\"widget\" data-widget_type=\"image.default\">\n\t\t\t\t<div class=\"elementor-widget-container\">\n\t\t\t\t\t\t\t\t\t\t\t\t\t\t\t<img loading=\"lazy\" decoding=\"async\" width=\"100\" height=\"100\" src=\"https:\/\/rutesentrerefugis.com\/wp-content\/uploads\/2023\/03\/Eliseu-Inici.jpg\" class=\"attachment-full size-full wp-image-9416\" alt=\"\" \/>\t\t\t\t\t\t\t\t\t\t\t\t\t\t\t<\/div>\n\t\t\t\t<\/div>\n\t\t\t\t\t<\/div>\n\t\t<\/div>\n\t\t\t\t\t<\/div>\n\t\t<\/section>\n\t\t\t\t<section class=\"elementor-section elementor-top-section elementor-element elementor-element-b48e0e9 elementor-section-full_width elementor-section-height-default elementor-section-height-default\" data-id=\"b48e0e9\" data-element_type=\"section\" data-e-type=\"section\" data-settings=\"{&quot;background_background&quot;:&quot;classic&quot;}\">\n\t\t\t\t\t\t<div class=\"elementor-container elementor-column-gap-default\">\n\t\t\t\t\t<div class=\"elementor-column elementor-col-100 elementor-top-column elementor-element elementor-element-d6ee9cf\" data-id=\"d6ee9cf\" data-element_type=\"column\" data-e-type=\"column\">\n\t\t\t<div class=\"elementor-widget-wrap elementor-element-populated\">\n\t\t\t\t\t\t<div class=\"elementor-element elementor-element-f13bb45 elementor-widget elementor-widget-text-editor\" data-id=\"f13bb45\" data-element_type=\"widget\" data-e-type=\"widget\" data-widget_type=\"text-editor.default\">\n\t\t\t\t<div class=\"elementor-widget-container\">\n\t\t\t\t\t\t\t\t\t<h4>ELISEU T. CLIMENT<\/h4>\n<h5>Trabaja como periodista desde 1993. Primero como periodista cultural y medioambiental, para centrarse posteriormente en el periodismo deportivo especializado, aunque mantiene la primera actividad en el semanario EL TEMPS. Es jefe de redacci\u00f3n de la revista TRAIL, dedicada al trail running; ha sido asesor y colaborador de la revista de cultura ciclista VOLATA, y desde 2014 colabora con V\u00c8RTEX, de la que fue su jefe de redacci\u00f3n a principios de los 2000. Ha colaborado, entre otros medios, en DESNIVEL, GRANDES ESPACIOS, ALTA\u00cfR o VIAJAR. Es autor de la gu\u00eda de trail running COLLSEROLA. 20 ITINERARIS PER A DESCOBRIR-LA (Editorial Alpina) y coautor del mapa-gu\u00eda CAVALLS DEL VENT, de la misma editorial. Sus deportes son la escalada, correr por monta\u00f1a, el esqu\u00ed de monta\u00f1a en telemark y la bicicleta en diferentes modalidades (carretera, mountain bike, t\u00e1ndem, cicloturismo). Su pasi\u00f3n por la bicicleta desde 1982 le ha llevado a viajar por todas partes: Islandia, Finlandia en invierno, Marruecos, Benin, Cuba \u2026 y los principales pa\u00edses y macizos europeos. Para \u00e9l, el ciclismo es, ante todo, una experiencia geogr\u00e1fica. Es por eso que cre\u00f3 en 2015 la CAT700, una aventura en autosuficiencia que atraviesa Catalu\u00f1a de Norte a Sur. Ha sido el impulsor de la modalidad de ciclismo de grava en Catalu\u00f1a, el gravel, como v\u00eda de descubrimiento y exploraci\u00f3n territorial. En 2013 cre\u00f3 su propia marca de bicicletas a medida, GRAVEL CYCLES, que dise\u00f1a \u00e9l mismo.<\/h5>\t\t\t\t\t\t\t\t<\/div>\n\t\t\t\t<\/div>\n\t\t\t\t\t<\/div>\n\t\t<\/div>\n\t\t\t\t\t<\/div>\n\t\t<\/section>\n\t\t\t\t<section class=\"elementor-section elementor-top-section elementor-element elementor-element-6862852 elementor-section-full_width elementor-section-height-default elementor-section-height-default\" data-id=\"6862852\" data-element_type=\"section\" data-e-type=\"section\">\n\t\t\t\t\t\t<div class=\"elementor-container elementor-column-gap-default\">\n\t\t\t\t\t<div class=\"elementor-column elementor-col-100 elementor-top-column elementor-element elementor-element-535203f\" data-id=\"535203f\" data-element_type=\"column\" data-e-type=\"column\">\n\t\t\t<div class=\"elementor-widget-wrap elementor-element-populated\">\n\t\t\t\t\t\t<div class=\"elementor-element elementor-element-f58bc22 elementor-widget elementor-widget-spacer\" data-id=\"f58bc22\" data-element_type=\"widget\" data-e-type=\"widget\" data-widget_type=\"spacer.default\">\n\t\t\t\t<div class=\"elementor-widget-container\">\n\t\t\t\t\t\t\t<div class=\"elementor-spacer\">\n\t\t\t<div class=\"elementor-spacer-inner\"><\/div>\n\t\t<\/div>\n\t\t\t\t\t\t<\/div>\n\t\t\t\t<\/div>\n\t\t\t\t\t<\/div>\n\t\t<\/div>\n\t\t\t\t\t<\/div>\n\t\t<\/section>\n\t\t\t\t<section class=\"elementor-section elementor-top-section elementor-element elementor-element-8cdf51e elementor-section-full_width elementor-section-height-default elementor-section-height-default\" data-id=\"8cdf51e\" data-element_type=\"section\" data-e-type=\"section\">\n\t\t\t\t\t\t<div class=\"elementor-container elementor-column-gap-default\">\n\t\t\t\t\t<div class=\"elementor-column elementor-col-100 elementor-top-column elementor-element elementor-element-d0066f3\" data-id=\"d0066f3\" data-element_type=\"column\" data-e-type=\"column\">\n\t\t\t<div class=\"elementor-widget-wrap elementor-element-populated\">\n\t\t\t\t\t\t<div class=\"elementor-element elementor-element-fbbd880 elementor-widget elementor-widget-heading\" data-id=\"fbbd880\" data-element_type=\"widget\" data-e-type=\"widget\" data-widget_type=\"heading.default\">\n\t\t\t\t<div class=\"elementor-widget-container\">\n\t\t\t\t\t<h5 class=\"elementor-heading-title elementor-size-default\"><font color=\"#999999\"><u>Por si quieres compartir esta cr\u00f3nica<\/u><\/font><\/h5>\t\t\t\t<\/div>\n\t\t\t\t<\/div>\n\t\t\t\t\t<\/div>\n\t\t<\/div>\n\t\t\t\t\t<\/div>\n\t\t<\/section>\n\t\t\t\t<section class=\"elementor-section elementor-top-section elementor-element elementor-element-57fc934 elementor-section-full_width elementor-section-height-default elementor-section-height-default\" data-id=\"57fc934\" data-element_type=\"section\" data-e-type=\"section\">\n\t\t\t\t\t\t<div class=\"elementor-container elementor-column-gap-default\">\n\t\t\t\t\t<div class=\"elementor-column elementor-col-100 elementor-top-column elementor-element elementor-element-d8afc0e\" data-id=\"d8afc0e\" data-element_type=\"column\" data-e-type=\"column\">\n\t\t\t<div class=\"elementor-widget-wrap elementor-element-populated\">\n\t\t\t\t\t\t<div class=\"elementor-element elementor-element-fb1f042 elementor-share-buttons--view-icon elementor-share-buttons--skin-framed elementor-share-buttons--shape-circle elementor-share-buttons--color-custom elementor-grid-0 elementor-widget elementor-widget-share-buttons\" data-id=\"fb1f042\" data-element_type=\"widget\" data-e-type=\"widget\" data-widget_type=\"share-buttons.default\">\n\t\t\t\t<div class=\"elementor-widget-container\">\n\t\t\t\t\t\t\t<div class=\"elementor-grid\" role=\"list\">\n\t\t\t\t\t\t\t\t<div class=\"elementor-grid-item\" role=\"listitem\">\n\t\t\t\t\t\t<div class=\"elementor-share-btn elementor-share-btn_facebook\" role=\"button\" tabindex=\"0\" aria-label=\"Compartir en facebook\">\n\t\t\t\t\t\t\t\t\t\t\t\t\t\t\t<span class=\"elementor-share-btn__icon\">\n\t\t\t\t\t\t\t\t<i class=\"fab fa-facebook\" aria-hidden=\"true\"><\/i>\t\t\t\t\t\t\t<\/span>\n\t\t\t\t\t\t\t\t\t\t\t\t\t\t\t\t\t\t\t\t<\/div>\n\t\t\t\t\t<\/div>\n\t\t\t\t\t\t\t\t\t<div class=\"elementor-grid-item\" role=\"listitem\">\n\t\t\t\t\t\t<div class=\"elementor-share-btn elementor-share-btn_twitter\" role=\"button\" tabindex=\"0\" aria-label=\"Compartir en twitter\">\n\t\t\t\t\t\t\t\t\t\t\t\t\t\t\t<span class=\"elementor-share-btn__icon\">\n\t\t\t\t\t\t\t\t<i class=\"fab fa-twitter\" aria-hidden=\"true\"><\/i>\t\t\t\t\t\t\t<\/span>\n\t\t\t\t\t\t\t\t\t\t\t\t\t\t\t\t\t\t\t\t<\/div>\n\t\t\t\t\t<\/div>\n\t\t\t\t\t\t\t\t\t<div class=\"elementor-grid-item\" role=\"listitem\">\n\t\t\t\t\t\t<div class=\"elementor-share-btn elementor-share-btn_telegram\" role=\"button\" tabindex=\"0\" aria-label=\"Compartir en telegram\">\n\t\t\t\t\t\t\t\t\t\t\t\t\t\t\t<span class=\"elementor-share-btn__icon\">\n\t\t\t\t\t\t\t\t<i class=\"fab fa-telegram\" aria-hidden=\"true\"><\/i>\t\t\t\t\t\t\t<\/span>\n\t\t\t\t\t\t\t\t\t\t\t\t\t\t\t\t\t\t\t\t<\/div>\n\t\t\t\t\t<\/div>\n\t\t\t\t\t\t\t\t\t<div class=\"elementor-grid-item\" role=\"listitem\">\n\t\t\t\t\t\t<div class=\"elementor-share-btn elementor-share-btn_pinterest\" role=\"button\" tabindex=\"0\" aria-label=\"Compartir en pinterest\">\n\t\t\t\t\t\t\t\t\t\t\t\t\t\t\t<span class=\"elementor-share-btn__icon\">\n\t\t\t\t\t\t\t\t<i class=\"fab fa-pinterest\" aria-hidden=\"true\"><\/i>\t\t\t\t\t\t\t<\/span>\n\t\t\t\t\t\t\t\t\t\t\t\t\t\t\t\t\t\t\t\t<\/div>\n\t\t\t\t\t<\/div>\n\t\t\t\t\t\t\t\t\t<div class=\"elementor-grid-item\" role=\"listitem\">\n\t\t\t\t\t\t<div class=\"elementor-share-btn elementor-share-btn_whatsapp\" role=\"button\" tabindex=\"0\" aria-label=\"Compartir en whatsapp\">\n\t\t\t\t\t\t\t\t\t\t\t\t\t\t\t<span class=\"elementor-share-btn__icon\">\n\t\t\t\t\t\t\t\t<i class=\"fab fa-whatsapp\" aria-hidden=\"true\"><\/i>\t\t\t\t\t\t\t<\/span>\n\t\t\t\t\t\t\t\t\t\t\t\t\t\t\t\t\t\t\t\t<\/div>\n\t\t\t\t\t<\/div>\n\t\t\t\t\t\t\t\t\t<div class=\"elementor-grid-item\" role=\"listitem\">\n\t\t\t\t\t\t<div class=\"elementor-share-btn elementor-share-btn_email\" role=\"button\" tabindex=\"0\" aria-label=\"Compartir en email\">\n\t\t\t\t\t\t\t\t\t\t\t\t\t\t\t<span class=\"elementor-share-btn__icon\">\n\t\t\t\t\t\t\t\t<i class=\"fas fa-envelope\" aria-hidden=\"true\"><\/i>\t\t\t\t\t\t\t<\/span>\n\t\t\t\t\t\t\t\t\t\t\t\t\t\t\t\t\t\t\t\t<\/div>\n\t\t\t\t\t<\/div>\n\t\t\t\t\t\t\t\t\t<div class=\"elementor-grid-item\" role=\"listitem\">\n\t\t\t\t\t\t<div class=\"elementor-share-btn elementor-share-btn_print\" role=\"button\" tabindex=\"0\" aria-label=\"Compartir en print\">\n\t\t\t\t\t\t\t\t\t\t\t\t\t\t\t<span class=\"elementor-share-btn__icon\">\n\t\t\t\t\t\t\t\t<i class=\"fas fa-print\" aria-hidden=\"true\"><\/i>\t\t\t\t\t\t\t<\/span>\n\t\t\t\t\t\t\t\t\t\t\t\t\t\t\t\t\t\t\t\t<\/div>\n\t\t\t\t\t<\/div>\n\t\t\t\t\t\t<\/div>\n\t\t\t\t\t\t<\/div>\n\t\t\t\t<\/div>\n\t\t\t\t\t<\/div>\n\t\t<\/div>\n\t\t\t\t\t<\/div>\n\t\t<\/section>\n\t\t\t\t<section class=\"elementor-section elementor-top-section elementor-element elementor-element-41314f0 elementor-section-full_width elementor-section-height-default elementor-section-height-default\" data-id=\"41314f0\" data-element_type=\"section\" data-e-type=\"section\">\n\t\t\t\t\t\t<div class=\"elementor-container elementor-column-gap-default\">\n\t\t\t\t\t<div class=\"elementor-column elementor-col-100 elementor-top-column elementor-element elementor-element-8c77b23\" data-id=\"8c77b23\" data-element_type=\"column\" data-e-type=\"column\">\n\t\t\t<div class=\"elementor-widget-wrap elementor-element-populated\">\n\t\t\t\t\t\t<div class=\"elementor-element elementor-element-d32d00e elementor-widget elementor-widget-spacer\" data-id=\"d32d00e\" data-element_type=\"widget\" data-e-type=\"widget\" data-widget_type=\"spacer.default\">\n\t\t\t\t<div class=\"elementor-widget-container\">\n\t\t\t\t\t\t\t<div class=\"elementor-spacer\">\n\t\t\t<div class=\"elementor-spacer-inner\"><\/div>\n\t\t<\/div>\n\t\t\t\t\t\t<\/div>\n\t\t\t\t<\/div>\n\t\t\t\t\t<\/div>\n\t\t<\/div>\n\t\t\t\t\t<\/div>\n\t\t<\/section>\n\t\t\t\t<section class=\"elementor-section elementor-top-section elementor-element elementor-element-023685b elementor-section-full_width elementor-section-height-default elementor-section-height-default\" data-id=\"023685b\" data-element_type=\"section\" data-e-type=\"section\">\n\t\t\t\t\t\t<div class=\"elementor-container elementor-column-gap-default\">\n\t\t\t\t\t<div class=\"elementor-column elementor-col-100 elementor-top-column elementor-element elementor-element-587db6e\" data-id=\"587db6e\" data-element_type=\"column\" data-e-type=\"column\">\n\t\t\t<div class=\"elementor-widget-wrap elementor-element-populated\">\n\t\t\t\t\t\t<div class=\"elementor-element elementor-element-b3bcd97 elementor-widget-divider--view-line elementor-widget elementor-widget-divider\" data-id=\"b3bcd97\" data-element_type=\"widget\" data-e-type=\"widget\" data-widget_type=\"divider.default\">\n\t\t\t\t<div class=\"elementor-widget-container\">\n\t\t\t\t\t\t\t<div class=\"elementor-divider\">\n\t\t\t<span class=\"elementor-divider-separator\">\n\t\t\t\t\t\t<\/span>\n\t\t<\/div>\n\t\t\t\t\t\t<\/div>\n\t\t\t\t<\/div>\n\t\t\t\t\t<\/div>\n\t\t<\/div>\n\t\t\t\t\t<\/div>\n\t\t<\/section>\n\t\t\t\t<section class=\"elementor-section elementor-top-section elementor-element elementor-element-2e6415a elementor-section-full_width elementor-section-height-default elementor-section-height-default\" data-id=\"2e6415a\" data-element_type=\"section\" data-e-type=\"section\">\n\t\t\t\t\t\t<div class=\"elementor-container elementor-column-gap-default\">\n\t\t\t\t\t<div class=\"elementor-column elementor-col-100 elementor-top-column elementor-element elementor-element-6e2cc66\" data-id=\"6e2cc66\" data-element_type=\"column\" data-e-type=\"column\">\n\t\t\t<div class=\"elementor-widget-wrap elementor-element-populated\">\n\t\t\t\t\t\t<div class=\"elementor-element elementor-element-afa2556 elementor-widget elementor-widget-heading\" data-id=\"afa2556\" data-element_type=\"widget\" data-e-type=\"widget\" data-widget_type=\"heading.default\">\n\t\t\t\t<div class=\"elementor-widget-container\">\n\t\t\t\t\t<h2 class=\"elementor-heading-title elementor-size-default\"><u>ART\u00cdCULOS PUBLICADOS POR EL AUTOR<\/u><\/h2>\t\t\t\t<\/div>\n\t\t\t\t<\/div>\n\t\t\t\t\t<\/div>\n\t\t<\/div>\n\t\t\t\t\t<\/div>\n\t\t<\/section>\n\t\t\t\t<section class=\"elementor-section elementor-top-section elementor-element elementor-element-cc00698 elementor-section-full_width elementor-section-height-default elementor-section-height-default\" data-id=\"cc00698\" data-element_type=\"section\" data-e-type=\"section\">\n\t\t\t\t\t\t<div class=\"elementor-container elementor-column-gap-default\">\n\t\t\t\t\t<div class=\"elementor-column elementor-col-100 elementor-top-column elementor-element elementor-element-19d0ab3\" data-id=\"19d0ab3\" data-element_type=\"column\" data-e-type=\"column\">\n\t\t\t<div class=\"elementor-widget-wrap elementor-element-populated\">\n\t\t\t\t\t\t<div class=\"elementor-element elementor-element-9d8ea37 elementor-widget elementor-widget-spacer\" data-id=\"9d8ea37\" data-element_type=\"widget\" data-e-type=\"widget\" data-widget_type=\"spacer.default\">\n\t\t\t\t<div class=\"elementor-widget-container\">\n\t\t\t\t\t\t\t<div class=\"elementor-spacer\">\n\t\t\t<div class=\"elementor-spacer-inner\"><\/div>\n\t\t<\/div>\n\t\t\t\t\t\t<\/div>\n\t\t\t\t<\/div>\n\t\t\t\t\t<\/div>\n\t\t<\/div>\n\t\t\t\t\t<\/div>\n\t\t<\/section>\n\t\t\t\t<section class=\"elementor-section elementor-top-section elementor-element elementor-element-876f6c1 elementor-section-full_width elementor-section-height-default elementor-section-height-default\" data-id=\"876f6c1\" data-element_type=\"section\" data-e-type=\"section\">\n\t\t\t\t\t\t<div class=\"elementor-container elementor-column-gap-default\">\n\t\t\t\t\t<div class=\"elementor-column elementor-col-100 elementor-top-column elementor-element elementor-element-6eed234\" data-id=\"6eed234\" data-element_type=\"column\" data-e-type=\"column\">\n\t\t\t<div class=\"elementor-widget-wrap elementor-element-populated\">\n\t\t\t\t\t\t<div class=\"elementor-element elementor-element-8c3c0f4 elementor-grid-5 elementor-grid-tablet-2 elementor-grid-mobile-1 elementor-posts--thumbnail-top elementor-widget elementor-widget-posts\" data-id=\"8c3c0f4\" data-element_type=\"widget\" data-e-type=\"widget\" data-settings=\"{&quot;classic_columns&quot;:&quot;5&quot;,&quot;classic_columns_tablet&quot;:&quot;2&quot;,&quot;classic_columns_mobile&quot;:&quot;1&quot;,&quot;classic_row_gap&quot;:{&quot;unit&quot;:&quot;px&quot;,&quot;size&quot;:35,&quot;sizes&quot;:[]},&quot;classic_row_gap_tablet&quot;:{&quot;unit&quot;:&quot;px&quot;,&quot;size&quot;:&quot;&quot;,&quot;sizes&quot;:[]},&quot;classic_row_gap_mobile&quot;:{&quot;unit&quot;:&quot;px&quot;,&quot;size&quot;:&quot;&quot;,&quot;sizes&quot;:[]}}\" data-widget_type=\"posts.classic\">\n\t\t\t\t<div class=\"elementor-widget-container\">\n\t\t\t\t\t\t\t<div class=\"elementor-posts-container elementor-posts elementor-posts--skin-classic elementor-grid\" role=\"list\">\n\t\t\t\t<article class=\"elementor-post elementor-grid-item post-24141 post type-post status-publish format-standard has-post-thumbnail hentry category-blog-es category-eliseu-t-climent-es-es tag-columnas-es tag-columnes-es tag-el-territori-en-paraules-es tag-el-territorio-en-palabras-es tag-eliseu-t-climent-ca-es\" role=\"listitem\">\n\t\t\t\t<a class=\"elementor-post__thumbnail__link\" href=\"https:\/\/rutesentrerefugis.com\/index.php\/es\/2025\/01\/19\/el-territorio-en-palabras\/\" tabindex=\"-1\" >\n\t\t\t<div class=\"elementor-post__thumbnail\"><img loading=\"lazy\" decoding=\"async\" width=\"300\" height=\"200\" src=\"https:\/\/rutesentrerefugis.com\/wp-content\/uploads\/2025\/01\/El-Territori-en-Paraules-Inici-300x200.jpg\" class=\"attachment-medium size-medium wp-image-24130\" alt=\"\" srcset=\"https:\/\/rutesentrerefugis.com\/wp-content\/uploads\/2025\/01\/El-Territori-en-Paraules-Inici-300x200.jpg 300w, https:\/\/rutesentrerefugis.com\/wp-content\/uploads\/2025\/01\/El-Territori-en-Paraules-Inici-1024x683.jpg 1024w, https:\/\/rutesentrerefugis.com\/wp-content\/uploads\/2025\/01\/El-Territori-en-Paraules-Inici-768x512.jpg 768w, https:\/\/rutesentrerefugis.com\/wp-content\/uploads\/2025\/01\/El-Territori-en-Paraules-Inici.jpg 1200w\" sizes=\"(max-width: 300px) 100vw, 300px\" \/><\/div>\n\t\t<\/a>\n\t\t\t\t<div class=\"elementor-post__text\">\n\t\t\t\t<h3 class=\"elementor-post__title\">\n\t\t\t<a href=\"https:\/\/rutesentrerefugis.com\/index.php\/es\/2025\/01\/19\/el-territorio-en-palabras\/\" >\n\t\t\t\tEL TERRITORIO EN PALABRAS\t\t\t<\/a>\n\t\t<\/h3>\n\t\t\t\t<div class=\"elementor-post__meta-data\">\n\t\t\t\t\t<span class=\"elementor-post-date\">\n\t\t\t19\/01\/2025\t\t<\/span>\n\t\t\t\t<\/div>\n\t\t\t\t<\/div>\n\t\t\t\t<\/article>\n\t\t\t\t<article class=\"elementor-post elementor-grid-item post-18282 post type-post status-publish format-standard has-post-thumbnail hentry category-blog-es category-eliseu-t-climent-es-es tag-3-regnes-en-btt-es tag-7-pobles-es tag-bel-es tag-bellestar-es tag-castell-de-cabres-es tag-coratxa-es tag-el-boixar-es tag-eliseu-t-climent-ca-es tag-fredes-es tag-joel-garcia-es tag-la-pobla-de-benifassa-es tag-lo-port-en-gravel-es tag-portell-de-linfern-es tag-ruta-dels-7-pobles-de-la-tinenca-de-benifassa-es tag-salt-de-robert-es tag-un-paseo-por-los-puertos-de-beceite-es\" role=\"listitem\">\n\t\t\t\t<a class=\"elementor-post__thumbnail__link\" href=\"https:\/\/rutesentrerefugis.com\/index.php\/es\/2023\/07\/03\/abrupta-y-solitaria\/\" tabindex=\"-1\" >\n\t\t\t<div class=\"elementor-post__thumbnail\"><img loading=\"lazy\" decoding=\"async\" width=\"300\" height=\"200\" src=\"https:\/\/rutesentrerefugis.com\/wp-content\/uploads\/2023\/06\/Abrupta-i-Solitaria-Inici-300x200.jpg\" class=\"attachment-medium size-medium wp-image-18117\" alt=\"\" srcset=\"https:\/\/rutesentrerefugis.com\/wp-content\/uploads\/2023\/06\/Abrupta-i-Solitaria-Inici-300x200.jpg 300w, https:\/\/rutesentrerefugis.com\/wp-content\/uploads\/2023\/06\/Abrupta-i-Solitaria-Inici-1024x683.jpg 1024w, https:\/\/rutesentrerefugis.com\/wp-content\/uploads\/2023\/06\/Abrupta-i-Solitaria-Inici-768x512.jpg 768w, https:\/\/rutesentrerefugis.com\/wp-content\/uploads\/2023\/06\/Abrupta-i-Solitaria-Inici.jpg 1200w\" sizes=\"(max-width: 300px) 100vw, 300px\" \/><\/div>\n\t\t<\/a>\n\t\t\t\t<div class=\"elementor-post__text\">\n\t\t\t\t<h3 class=\"elementor-post__title\">\n\t\t\t<a href=\"https:\/\/rutesentrerefugis.com\/index.php\/es\/2023\/07\/03\/abrupta-y-solitaria\/\" >\n\t\t\t\tABRUPTA Y SOLITARIA\t\t\t<\/a>\n\t\t<\/h3>\n\t\t\t\t<div class=\"elementor-post__meta-data\">\n\t\t\t\t\t<span class=\"elementor-post-date\">\n\t\t\t03\/07\/2023\t\t<\/span>\n\t\t\t\t<\/div>\n\t\t\t\t<\/div>\n\t\t\t\t<\/article>\n\t\t\t\t<article class=\"elementor-post elementor-grid-item post-9518 post type-post status-publish format-standard has-post-thumbnail hentry category-blog-es category-eliseu-t-climent-es-es tag-columnas-es tag-columnes-es tag-el-refugi-es tag-eliseu-t-climent-ca-es tag-una-historia-de-trincheras-es tag-una-historia-de-trinxeres-es\" role=\"listitem\">\n\t\t\t\t<a class=\"elementor-post__thumbnail__link\" href=\"https:\/\/rutesentrerefugis.com\/index.php\/es\/2022\/03\/11\/una-historia-de-tricheras\/\" tabindex=\"-1\" >\n\t\t\t<div class=\"elementor-post__thumbnail\"><img loading=\"lazy\" decoding=\"async\" width=\"300\" height=\"200\" src=\"https:\/\/rutesentrerefugis.com\/wp-content\/uploads\/2023\/03\/Historia-Trinxeres-Inici-NW-300x200.jpg\" class=\"attachment-medium size-medium wp-image-9508\" alt=\"\" srcset=\"https:\/\/rutesentrerefugis.com\/wp-content\/uploads\/2023\/03\/Historia-Trinxeres-Inici-NW-300x200.jpg 300w, https:\/\/rutesentrerefugis.com\/wp-content\/uploads\/2023\/03\/Historia-Trinxeres-Inici-NW-1024x683.jpg 1024w, https:\/\/rutesentrerefugis.com\/wp-content\/uploads\/2023\/03\/Historia-Trinxeres-Inici-NW-768x512.jpg 768w, https:\/\/rutesentrerefugis.com\/wp-content\/uploads\/2023\/03\/Historia-Trinxeres-Inici-NW.jpg 1200w\" sizes=\"(max-width: 300px) 100vw, 300px\" \/><\/div>\n\t\t<\/a>\n\t\t\t\t<div class=\"elementor-post__text\">\n\t\t\t\t<h3 class=\"elementor-post__title\">\n\t\t\t<a href=\"https:\/\/rutesentrerefugis.com\/index.php\/es\/2022\/03\/11\/una-historia-de-tricheras\/\" >\n\t\t\t\tUNA HISTORIA DE TRINCHERAS\t\t\t<\/a>\n\t\t<\/h3>\n\t\t\t\t<div class=\"elementor-post__meta-data\">\n\t\t\t\t\t<span class=\"elementor-post-date\">\n\t\t\t11\/03\/2022\t\t<\/span>\n\t\t\t\t<\/div>\n\t\t\t\t<\/div>\n\t\t\t\t<\/article>\n\t\t\t\t<article class=\"elementor-post elementor-grid-item post-9497 post type-post status-publish format-standard has-post-thumbnail hentry category-blog-es category-eliseu-t-climent-es-es tag-columnas-es tag-columnes-es tag-el-refugi-es tag-eliseu-t-climent-ca-es tag-els-camins-de-la-historia-es tag-los-caminos-de-la-historia-es\" role=\"listitem\">\n\t\t\t\t<a class=\"elementor-post__thumbnail__link\" href=\"https:\/\/rutesentrerefugis.com\/index.php\/es\/2021\/03\/22\/los-caminos-de-la-historia\/\" tabindex=\"-1\" >\n\t\t\t<div class=\"elementor-post__thumbnail\"><img loading=\"lazy\" decoding=\"async\" width=\"300\" height=\"200\" src=\"https:\/\/rutesentrerefugis.com\/wp-content\/uploads\/2023\/03\/Els-Camins-de-la-Historia-Inici-NW-300x200.jpg\" class=\"attachment-medium size-medium wp-image-9488\" alt=\"\" srcset=\"https:\/\/rutesentrerefugis.com\/wp-content\/uploads\/2023\/03\/Els-Camins-de-la-Historia-Inici-NW-300x200.jpg 300w, https:\/\/rutesentrerefugis.com\/wp-content\/uploads\/2023\/03\/Els-Camins-de-la-Historia-Inici-NW-1024x683.jpg 1024w, https:\/\/rutesentrerefugis.com\/wp-content\/uploads\/2023\/03\/Els-Camins-de-la-Historia-Inici-NW-768x512.jpg 768w, https:\/\/rutesentrerefugis.com\/wp-content\/uploads\/2023\/03\/Els-Camins-de-la-Historia-Inici-NW.jpg 1200w\" sizes=\"(max-width: 300px) 100vw, 300px\" \/><\/div>\n\t\t<\/a>\n\t\t\t\t<div class=\"elementor-post__text\">\n\t\t\t\t<h3 class=\"elementor-post__title\">\n\t\t\t<a href=\"https:\/\/rutesentrerefugis.com\/index.php\/es\/2021\/03\/22\/los-caminos-de-la-historia\/\" >\n\t\t\t\tLOS CAMINOS DE LA HISTORIA\t\t\t<\/a>\n\t\t<\/h3>\n\t\t\t\t<div class=\"elementor-post__meta-data\">\n\t\t\t\t\t<span class=\"elementor-post-date\">\n\t\t\t22\/03\/2021\t\t<\/span>\n\t\t\t\t<\/div>\n\t\t\t\t<\/div>\n\t\t\t\t<\/article>\n\t\t\t\t<article class=\"elementor-post elementor-grid-item post-9471 post type-post status-publish format-standard has-post-thumbnail hentry category-blog-es category-eliseu-t-climent-es-es tag-columnas-es tag-columnes-es tag-el-nomada-es tag-el-refugi-es tag-eliseu-t-climent-ca-es\" role=\"listitem\">\n\t\t\t\t<a class=\"elementor-post__thumbnail__link\" href=\"https:\/\/rutesentrerefugis.com\/index.php\/es\/2020\/11\/11\/el-nomada-es\/\" tabindex=\"-1\" >\n\t\t\t<div class=\"elementor-post__thumbnail\"><img loading=\"lazy\" decoding=\"async\" width=\"300\" height=\"200\" src=\"https:\/\/rutesentrerefugis.com\/wp-content\/uploads\/2023\/03\/El-Nomada-Inici-NW-300x200.jpg\" class=\"attachment-medium size-medium wp-image-9462\" alt=\"\" srcset=\"https:\/\/rutesentrerefugis.com\/wp-content\/uploads\/2023\/03\/El-Nomada-Inici-NW-300x200.jpg 300w, https:\/\/rutesentrerefugis.com\/wp-content\/uploads\/2023\/03\/El-Nomada-Inici-NW-1024x683.jpg 1024w, https:\/\/rutesentrerefugis.com\/wp-content\/uploads\/2023\/03\/El-Nomada-Inici-NW-768x512.jpg 768w, https:\/\/rutesentrerefugis.com\/wp-content\/uploads\/2023\/03\/El-Nomada-Inici-NW.jpg 1200w\" sizes=\"(max-width: 300px) 100vw, 300px\" \/><\/div>\n\t\t<\/a>\n\t\t\t\t<div class=\"elementor-post__text\">\n\t\t\t\t<h3 class=\"elementor-post__title\">\n\t\t\t<a href=\"https:\/\/rutesentrerefugis.com\/index.php\/es\/2020\/11\/11\/el-nomada-es\/\" >\n\t\t\t\tEL N\u00d3MADA\t\t\t<\/a>\n\t\t<\/h3>\n\t\t\t\t<div class=\"elementor-post__meta-data\">\n\t\t\t\t\t<span class=\"elementor-post-date\">\n\t\t\t11\/11\/2020\t\t<\/span>\n\t\t\t\t<\/div>\n\t\t\t\t<\/div>\n\t\t\t\t<\/article>\n\t\t\t\t<article class=\"elementor-post elementor-grid-item post-9446 post type-post status-publish format-standard has-post-thumbnail hentry category-blog-es category-eliseu-t-climent-es-es tag-columnas-es tag-columnes-es tag-el-refugi-es tag-el-refugio-es tag-eliseu-t-climent-ca-es\" role=\"listitem\">\n\t\t\t\t<a class=\"elementor-post__thumbnail__link\" href=\"https:\/\/rutesentrerefugis.com\/index.php\/es\/2020\/06\/28\/el-refugio\/\" tabindex=\"-1\" >\n\t\t\t<div class=\"elementor-post__thumbnail\"><img loading=\"lazy\" decoding=\"async\" width=\"300\" height=\"200\" src=\"https:\/\/rutesentrerefugis.com\/wp-content\/uploads\/2023\/03\/El-Refugi-Inici-NW-300x200.jpg\" class=\"attachment-medium size-medium wp-image-9437\" alt=\"\" srcset=\"https:\/\/rutesentrerefugis.com\/wp-content\/uploads\/2023\/03\/El-Refugi-Inici-NW-300x200.jpg 300w, https:\/\/rutesentrerefugis.com\/wp-content\/uploads\/2023\/03\/El-Refugi-Inici-NW-1024x683.jpg 1024w, https:\/\/rutesentrerefugis.com\/wp-content\/uploads\/2023\/03\/El-Refugi-Inici-NW-768x512.jpg 768w, https:\/\/rutesentrerefugis.com\/wp-content\/uploads\/2023\/03\/El-Refugi-Inici-NW.jpg 1200w\" sizes=\"(max-width: 300px) 100vw, 300px\" \/><\/div>\n\t\t<\/a>\n\t\t\t\t<div class=\"elementor-post__text\">\n\t\t\t\t<h3 class=\"elementor-post__title\">\n\t\t\t<a href=\"https:\/\/rutesentrerefugis.com\/index.php\/es\/2020\/06\/28\/el-refugio\/\" >\n\t\t\t\tEL REFUGIO\t\t\t<\/a>\n\t\t<\/h3>\n\t\t\t\t<div class=\"elementor-post__meta-data\">\n\t\t\t\t\t<span class=\"elementor-post-date\">\n\t\t\t28\/06\/2020\t\t<\/span>\n\t\t\t\t<\/div>\n\t\t\t\t<\/div>\n\t\t\t\t<\/article>\n\t\t\t\t<article class=\"elementor-post elementor-grid-item post-9423 post type-post status-publish format-standard has-post-thumbnail hentry category-blog-es category-eliseu-t-climent-es-es tag-columnas-es tag-columnes-es tag-eliseu-t-climent-ca-es tag-hablemos-de-leer-ca-es tag-parlem-de-llegir-ca-es\" role=\"listitem\">\n\t\t\t\t<a class=\"elementor-post__thumbnail__link\" href=\"https:\/\/rutesentrerefugis.com\/index.php\/es\/2020\/04\/13\/hablemos-de-leer\/\" tabindex=\"-1\" >\n\t\t\t<div class=\"elementor-post__thumbnail\"><img loading=\"lazy\" decoding=\"async\" width=\"300\" height=\"200\" src=\"https:\/\/rutesentrerefugis.com\/wp-content\/uploads\/2023\/03\/Llegim-Inici-NW-300x200.jpg\" class=\"attachment-medium size-medium wp-image-9410\" alt=\"\" srcset=\"https:\/\/rutesentrerefugis.com\/wp-content\/uploads\/2023\/03\/Llegim-Inici-NW-300x200.jpg 300w, https:\/\/rutesentrerefugis.com\/wp-content\/uploads\/2023\/03\/Llegim-Inici-NW-1024x683.jpg 1024w, https:\/\/rutesentrerefugis.com\/wp-content\/uploads\/2023\/03\/Llegim-Inici-NW-768x512.jpg 768w, https:\/\/rutesentrerefugis.com\/wp-content\/uploads\/2023\/03\/Llegim-Inici-NW.jpg 1200w\" sizes=\"(max-width: 300px) 100vw, 300px\" \/><\/div>\n\t\t<\/a>\n\t\t\t\t<div class=\"elementor-post__text\">\n\t\t\t\t<h3 class=\"elementor-post__title\">\n\t\t\t<a href=\"https:\/\/rutesentrerefugis.com\/index.php\/es\/2020\/04\/13\/hablemos-de-leer\/\" >\n\t\t\t\tHABLEMOS DE LEER\t\t\t<\/a>\n\t\t<\/h3>\n\t\t\t\t<div class=\"elementor-post__meta-data\">\n\t\t\t\t\t<span class=\"elementor-post-date\">\n\t\t\t13\/04\/2020\t\t<\/span>\n\t\t\t\t<\/div>\n\t\t\t\t<\/div>\n\t\t\t\t<\/article>\n\t\t\t\t<\/div>\n\t\t\n\t\t\t\t\t\t<\/div>\n\t\t\t\t<\/div>\n\t\t\t\t\t<\/div>\n\t\t<\/div>\n\t\t\t\t\t<\/div>\n\t\t<\/section>\n\t\t\t\t<section class=\"elementor-section elementor-top-section elementor-element elementor-element-1140a2d elementor-section-full_width elementor-section-height-default elementor-section-height-default\" data-id=\"1140a2d\" data-element_type=\"section\" data-e-type=\"section\">\n\t\t\t\t\t\t<div class=\"elementor-container elementor-column-gap-default\">\n\t\t\t\t\t<div class=\"elementor-column elementor-col-100 elementor-top-column elementor-element elementor-element-6407d56\" data-id=\"6407d56\" data-element_type=\"column\" data-e-type=\"column\">\n\t\t\t<div class=\"elementor-widget-wrap elementor-element-populated\">\n\t\t\t\t\t\t<div class=\"elementor-element elementor-element-0c7840f elementor-widget-divider--view-line elementor-widget elementor-widget-divider\" data-id=\"0c7840f\" data-element_type=\"widget\" data-e-type=\"widget\" data-widget_type=\"divider.default\">\n\t\t\t\t<div class=\"elementor-widget-container\">\n\t\t\t\t\t\t\t<div class=\"elementor-divider\">\n\t\t\t<span class=\"elementor-divider-separator\">\n\t\t\t\t\t\t<\/span>\n\t\t<\/div>\n\t\t\t\t\t\t<\/div>\n\t\t\t\t<\/div>\n\t\t\t\t\t<\/div>\n\t\t<\/div>\n\t\t\t\t\t<\/div>\n\t\t<\/section>\n\t\t\t\t<section class=\"elementor-section elementor-top-section elementor-element elementor-element-236bab8 elementor-section-full_width elementor-section-height-default elementor-section-height-default\" data-id=\"236bab8\" data-element_type=\"section\" data-e-type=\"section\">\n\t\t\t\t\t\t<div class=\"elementor-container elementor-column-gap-default\">\n\t\t\t\t\t<div class=\"elementor-column elementor-col-100 elementor-top-column elementor-element elementor-element-93ca1f2\" data-id=\"93ca1f2\" data-element_type=\"column\" data-e-type=\"column\">\n\t\t\t<div class=\"elementor-widget-wrap elementor-element-populated\">\n\t\t\t\t\t\t<div class=\"elementor-element elementor-element-8595ddf elementor-widget elementor-widget-spacer\" data-id=\"8595ddf\" data-element_type=\"widget\" data-e-type=\"widget\" data-widget_type=\"spacer.default\">\n\t\t\t\t<div class=\"elementor-widget-container\">\n\t\t\t\t\t\t\t<div class=\"elementor-spacer\">\n\t\t\t<div class=\"elementor-spacer-inner\"><\/div>\n\t\t<\/div>\n\t\t\t\t\t\t<\/div>\n\t\t\t\t<\/div>\n\t\t\t\t\t<\/div>\n\t\t<\/div>\n\t\t\t\t\t<\/div>\n\t\t<\/section>\n\t\t\t\t<\/div>\n\t\t","protected":false},"excerpt":{"rendered":"<p>ABRUPTA Y SOLITARIA LA RUTA 7 POBLES DE LA TINEN\u00c7A DE BENIFASS\u00c0 Cr\u00f3nica escrita por ELISEU T. CLIMENT publicada en la revista V\u00c8RTEX n\u00fam. 304Fotograf\u00edas<\/p>\n","protected":false},"author":24,"featured_media":18117,"comment_status":"open","ping_status":"open","sticky":false,"template":"elementor_header_footer","format":"standard","meta":{"_monsterinsights_skip_tracking":false,"_monsterinsights_sitenote_active":false,"_monsterinsights_sitenote_note":"","_monsterinsights_sitenote_category":0,"footnotes":""},"categories":[5126,6262],"tags":[4764,6600,6602,4766,6604,6606,6608,6264,6610,4768,6612,4770,4772,4774,4776,4778],"class_list":["post-18282","post","type-post","status-publish","format-standard","has-post-thumbnail","hentry","category-blog-es","category-eliseu-t-climent-es-es","tag-3-regnes-en-btt-es","tag-7-pobles-es","tag-bel-es","tag-bellestar-es","tag-castell-de-cabres-es","tag-coratxa-es","tag-el-boixar-es","tag-eliseu-t-climent-ca-es","tag-fredes-es","tag-joel-garcia-es","tag-la-pobla-de-benifassa-es","tag-lo-port-en-gravel-es","tag-portell-de-linfern-es","tag-ruta-dels-7-pobles-de-la-tinenca-de-benifassa-es","tag-salt-de-robert-es","tag-un-paseo-por-los-puertos-de-beceite-es"],"yoast_head":"<!-- This site is optimized with the Yoast SEO plugin v27.5 - https:\/\/yoast.com\/product\/yoast-seo-wordpress\/ -->\n<title>ABRUPTA Y SOLITARIA - Rutes Entre Refugis<\/title>\n<meta name=\"robots\" content=\"index, follow, max-snippet:-1, max-image-preview:large, max-video-preview:-1\" \/>\n<link rel=\"canonical\" href=\"https:\/\/rutesentrerefugis.com\/index.php\/es\/2023\/07\/03\/abrupta-y-solitaria\/\" \/>\n<meta property=\"og:locale\" content=\"es_ES\" \/>\n<meta property=\"og:type\" content=\"article\" \/>\n<meta property=\"og:title\" content=\"ABRUPTA Y SOLITARIA - Rutes Entre Refugis\" \/>\n<meta property=\"og:description\" content=\"ABRUPTA Y SOLITARIA LA RUTA 7 POBLES DE LA TINEN\u00c7A DE BENIFASS\u00c0 Cr\u00f3nica escrita por ELISEU T. CLIMENT publicada en la revista V\u00c8RTEX n\u00fam. 304Fotograf\u00edas\" \/>\n<meta property=\"og:url\" content=\"https:\/\/rutesentrerefugis.com\/index.php\/es\/2023\/07\/03\/abrupta-y-solitaria\/\" \/>\n<meta property=\"og:site_name\" content=\"Rutes Entre Refugis\" \/>\n<meta property=\"article:published_time\" content=\"2023-07-03T07:47:17+00:00\" \/>\n<meta property=\"article:modified_time\" content=\"2024-04-25T10:19:10+00:00\" \/>\n<meta property=\"og:image\" content=\"https:\/\/rutesentrerefugis.com\/wp-content\/uploads\/2023\/06\/Abrupta-i-Solitaria-Inici.jpg\" \/>\n\t<meta property=\"og:image:width\" content=\"1200\" \/>\n\t<meta property=\"og:image:height\" content=\"800\" \/>\n\t<meta property=\"og:image:type\" content=\"image\/jpeg\" \/>\n<meta name=\"author\" content=\"Eliseu T. Climent\" \/>\n<meta name=\"twitter:card\" content=\"summary_large_image\" \/>\n<meta name=\"twitter:label1\" content=\"Escrito por\" \/>\n\t<meta name=\"twitter:data1\" content=\"Eliseu T. Climent\" \/>\n\t<meta name=\"twitter:label2\" content=\"Tiempo de lectura\" \/>\n\t<meta name=\"twitter:data2\" content=\"21 minutos\" \/>\n<script type=\"application\/ld+json\" class=\"yoast-schema-graph\">{\"@context\":\"https:\\\/\\\/schema.org\",\"@graph\":[{\"@type\":\"Article\",\"@id\":\"https:\\\/\\\/rutesentrerefugis.com\\\/index.php\\\/es\\\/2023\\\/07\\\/03\\\/abrupta-y-solitaria\\\/#article\",\"isPartOf\":{\"@id\":\"https:\\\/\\\/rutesentrerefugis.com\\\/index.php\\\/es\\\/2023\\\/07\\\/03\\\/abrupta-y-solitaria\\\/\"},\"author\":{\"name\":\"Eliseu T. Climent\",\"@id\":\"https:\\\/\\\/rutesentrerefugis.com\\\/#\\\/schema\\\/person\\\/094a8b6d340fe8131848553b614930f7\"},\"headline\":\"ABRUPTA Y SOLITARIA\",\"datePublished\":\"2023-07-03T07:47:17+00:00\",\"dateModified\":\"2024-04-25T10:19:10+00:00\",\"mainEntityOfPage\":{\"@id\":\"https:\\\/\\\/rutesentrerefugis.com\\\/index.php\\\/es\\\/2023\\\/07\\\/03\\\/abrupta-y-solitaria\\\/\"},\"wordCount\":3321,\"commentCount\":0,\"publisher\":{\"@id\":\"https:\\\/\\\/rutesentrerefugis.com\\\/#organization\"},\"image\":{\"@id\":\"https:\\\/\\\/rutesentrerefugis.com\\\/index.php\\\/es\\\/2023\\\/07\\\/03\\\/abrupta-y-solitaria\\\/#primaryimage\"},\"thumbnailUrl\":\"https:\\\/\\\/rutesentrerefugis.com\\\/wp-content\\\/uploads\\\/2023\\\/06\\\/Abrupta-i-Solitaria-Inici.jpg\",\"keywords\":[\"3 Regnes en BTT\",\"7 Pobles\",\"Bel\",\"Bellestar\",\"Castell de Cabres\",\"Coratx\u00e0\",\"El Boixar\",\"Eliseu T. Climent\",\"Fredes\",\"Joel Garcia\",\"La Pobla de Benifass\u00e0\",\"Lo Port en Gravel\",\"Portell de l'Infern\",\"Ruta dels 7 Pobles de la Tinen\u00e7a de Benifass\u00e0\",\"Salt de Robert\",\"Un Paseo por los Puertos de Beceite\"],\"articleSection\":[\"Blog.\",\"Eliseu T. Climent.\"],\"inLanguage\":\"es\",\"potentialAction\":[{\"@type\":\"CommentAction\",\"name\":\"Comment\",\"target\":[\"https:\\\/\\\/rutesentrerefugis.com\\\/index.php\\\/es\\\/2023\\\/07\\\/03\\\/abrupta-y-solitaria\\\/#respond\"]}]},{\"@type\":\"WebPage\",\"@id\":\"https:\\\/\\\/rutesentrerefugis.com\\\/index.php\\\/es\\\/2023\\\/07\\\/03\\\/abrupta-y-solitaria\\\/\",\"url\":\"https:\\\/\\\/rutesentrerefugis.com\\\/index.php\\\/es\\\/2023\\\/07\\\/03\\\/abrupta-y-solitaria\\\/\",\"name\":\"ABRUPTA Y SOLITARIA - Rutes Entre Refugis\",\"isPartOf\":{\"@id\":\"https:\\\/\\\/rutesentrerefugis.com\\\/#website\"},\"primaryImageOfPage\":{\"@id\":\"https:\\\/\\\/rutesentrerefugis.com\\\/index.php\\\/es\\\/2023\\\/07\\\/03\\\/abrupta-y-solitaria\\\/#primaryimage\"},\"image\":{\"@id\":\"https:\\\/\\\/rutesentrerefugis.com\\\/index.php\\\/es\\\/2023\\\/07\\\/03\\\/abrupta-y-solitaria\\\/#primaryimage\"},\"thumbnailUrl\":\"https:\\\/\\\/rutesentrerefugis.com\\\/wp-content\\\/uploads\\\/2023\\\/06\\\/Abrupta-i-Solitaria-Inici.jpg\",\"datePublished\":\"2023-07-03T07:47:17+00:00\",\"dateModified\":\"2024-04-25T10:19:10+00:00\",\"breadcrumb\":{\"@id\":\"https:\\\/\\\/rutesentrerefugis.com\\\/index.php\\\/es\\\/2023\\\/07\\\/03\\\/abrupta-y-solitaria\\\/#breadcrumb\"},\"inLanguage\":\"es\",\"potentialAction\":[{\"@type\":\"ReadAction\",\"target\":[\"https:\\\/\\\/rutesentrerefugis.com\\\/index.php\\\/es\\\/2023\\\/07\\\/03\\\/abrupta-y-solitaria\\\/\"]}]},{\"@type\":\"ImageObject\",\"inLanguage\":\"es\",\"@id\":\"https:\\\/\\\/rutesentrerefugis.com\\\/index.php\\\/es\\\/2023\\\/07\\\/03\\\/abrupta-y-solitaria\\\/#primaryimage\",\"url\":\"https:\\\/\\\/rutesentrerefugis.com\\\/wp-content\\\/uploads\\\/2023\\\/06\\\/Abrupta-i-Solitaria-Inici.jpg\",\"contentUrl\":\"https:\\\/\\\/rutesentrerefugis.com\\\/wp-content\\\/uploads\\\/2023\\\/06\\\/Abrupta-i-Solitaria-Inici.jpg\",\"width\":1200,\"height\":800},{\"@type\":\"BreadcrumbList\",\"@id\":\"https:\\\/\\\/rutesentrerefugis.com\\\/index.php\\\/es\\\/2023\\\/07\\\/03\\\/abrupta-y-solitaria\\\/#breadcrumb\",\"itemListElement\":[{\"@type\":\"ListItem\",\"position\":1,\"name\":\"Inici\",\"item\":\"https:\\\/\\\/rutesentrerefugis.com\\\/\"},{\"@type\":\"ListItem\",\"position\":2,\"name\":\"ABRUPTA Y SOLITARIA\"}]},{\"@type\":\"WebSite\",\"@id\":\"https:\\\/\\\/rutesentrerefugis.com\\\/#website\",\"url\":\"https:\\\/\\\/rutesentrerefugis.com\\\/\",\"name\":\"Rutes Entre Refugis\",\"description\":\"Caminant sota un nom\",\"publisher\":{\"@id\":\"https:\\\/\\\/rutesentrerefugis.com\\\/#organization\"},\"potentialAction\":[{\"@type\":\"SearchAction\",\"target\":{\"@type\":\"EntryPoint\",\"urlTemplate\":\"https:\\\/\\\/rutesentrerefugis.com\\\/?s={search_term_string}\"},\"query-input\":{\"@type\":\"PropertyValueSpecification\",\"valueRequired\":true,\"valueName\":\"search_term_string\"}}],\"inLanguage\":\"es\"},{\"@type\":\"Organization\",\"@id\":\"https:\\\/\\\/rutesentrerefugis.com\\\/#organization\",\"name\":\"Rutes Entre Refugis\",\"url\":\"https:\\\/\\\/rutesentrerefugis.com\\\/\",\"logo\":{\"@type\":\"ImageObject\",\"inLanguage\":\"es\",\"@id\":\"https:\\\/\\\/rutesentrerefugis.com\\\/#\\\/schema\\\/logo\\\/image\\\/\",\"url\":\"https:\\\/\\\/rutesentrerefugis.com\\\/wp-content\\\/uploads\\\/2022\\\/08\\\/RutesEntreRefugis-Blanc-Retina-1.png\",\"contentUrl\":\"https:\\\/\\\/rutesentrerefugis.com\\\/wp-content\\\/uploads\\\/2022\\\/08\\\/RutesEntreRefugis-Blanc-Retina-1.png\",\"width\":400,\"height\":400,\"caption\":\"Rutes Entre Refugis\"},\"image\":{\"@id\":\"https:\\\/\\\/rutesentrerefugis.com\\\/#\\\/schema\\\/logo\\\/image\\\/\"}},{\"@type\":\"Person\",\"@id\":\"https:\\\/\\\/rutesentrerefugis.com\\\/#\\\/schema\\\/person\\\/094a8b6d340fe8131848553b614930f7\",\"name\":\"Eliseu T. Climent\",\"image\":{\"@type\":\"ImageObject\",\"inLanguage\":\"es\",\"@id\":\"https:\\\/\\\/rutesentrerefugis.com\\\/wp-content\\\/uploads\\\/2023\\\/05\\\/avatar_user_24_1683353083-96x96.jpg\",\"url\":\"https:\\\/\\\/rutesentrerefugis.com\\\/wp-content\\\/uploads\\\/2023\\\/05\\\/avatar_user_24_1683353083-96x96.jpg\",\"contentUrl\":\"https:\\\/\\\/rutesentrerefugis.com\\\/wp-content\\\/uploads\\\/2023\\\/05\\\/avatar_user_24_1683353083-96x96.jpg\",\"caption\":\"Eliseu T. Climent\"},\"url\":\"https:\\\/\\\/rutesentrerefugis.com\\\/index.php\\\/author\\\/eliseu-t-climent\\\/\"}]}<\/script>\n<!-- \/ Yoast SEO plugin. -->","yoast_head_json":{"title":"ABRUPTA Y SOLITARIA - Rutes Entre Refugis","robots":{"index":"index","follow":"follow","max-snippet":"max-snippet:-1","max-image-preview":"max-image-preview:large","max-video-preview":"max-video-preview:-1"},"canonical":"https:\/\/rutesentrerefugis.com\/index.php\/es\/2023\/07\/03\/abrupta-y-solitaria\/","og_locale":"es_ES","og_type":"article","og_title":"ABRUPTA Y SOLITARIA - Rutes Entre Refugis","og_description":"ABRUPTA Y SOLITARIA LA RUTA 7 POBLES DE LA TINEN\u00c7A DE BENIFASS\u00c0 Cr\u00f3nica escrita por ELISEU T. CLIMENT publicada en la revista V\u00c8RTEX n\u00fam. 304Fotograf\u00edas","og_url":"https:\/\/rutesentrerefugis.com\/index.php\/es\/2023\/07\/03\/abrupta-y-solitaria\/","og_site_name":"Rutes Entre Refugis","article_published_time":"2023-07-03T07:47:17+00:00","article_modified_time":"2024-04-25T10:19:10+00:00","og_image":[{"width":1200,"height":800,"url":"https:\/\/rutesentrerefugis.com\/wp-content\/uploads\/2023\/06\/Abrupta-i-Solitaria-Inici.jpg","type":"image\/jpeg"}],"author":"Eliseu T. Climent","twitter_card":"summary_large_image","twitter_misc":{"Escrito por":"Eliseu T. Climent","Tiempo de lectura":"21 minutos"},"schema":{"@context":"https:\/\/schema.org","@graph":[{"@type":"Article","@id":"https:\/\/rutesentrerefugis.com\/index.php\/es\/2023\/07\/03\/abrupta-y-solitaria\/#article","isPartOf":{"@id":"https:\/\/rutesentrerefugis.com\/index.php\/es\/2023\/07\/03\/abrupta-y-solitaria\/"},"author":{"name":"Eliseu T. Climent","@id":"https:\/\/rutesentrerefugis.com\/#\/schema\/person\/094a8b6d340fe8131848553b614930f7"},"headline":"ABRUPTA Y SOLITARIA","datePublished":"2023-07-03T07:47:17+00:00","dateModified":"2024-04-25T10:19:10+00:00","mainEntityOfPage":{"@id":"https:\/\/rutesentrerefugis.com\/index.php\/es\/2023\/07\/03\/abrupta-y-solitaria\/"},"wordCount":3321,"commentCount":0,"publisher":{"@id":"https:\/\/rutesentrerefugis.com\/#organization"},"image":{"@id":"https:\/\/rutesentrerefugis.com\/index.php\/es\/2023\/07\/03\/abrupta-y-solitaria\/#primaryimage"},"thumbnailUrl":"https:\/\/rutesentrerefugis.com\/wp-content\/uploads\/2023\/06\/Abrupta-i-Solitaria-Inici.jpg","keywords":["3 Regnes en BTT","7 Pobles","Bel","Bellestar","Castell de Cabres","Coratx\u00e0","El Boixar","Eliseu T. Climent","Fredes","Joel Garcia","La Pobla de Benifass\u00e0","Lo Port en Gravel","Portell de l'Infern","Ruta dels 7 Pobles de la Tinen\u00e7a de Benifass\u00e0","Salt de Robert","Un Paseo por los Puertos de Beceite"],"articleSection":["Blog.","Eliseu T. Climent."],"inLanguage":"es","potentialAction":[{"@type":"CommentAction","name":"Comment","target":["https:\/\/rutesentrerefugis.com\/index.php\/es\/2023\/07\/03\/abrupta-y-solitaria\/#respond"]}]},{"@type":"WebPage","@id":"https:\/\/rutesentrerefugis.com\/index.php\/es\/2023\/07\/03\/abrupta-y-solitaria\/","url":"https:\/\/rutesentrerefugis.com\/index.php\/es\/2023\/07\/03\/abrupta-y-solitaria\/","name":"ABRUPTA Y SOLITARIA - Rutes Entre Refugis","isPartOf":{"@id":"https:\/\/rutesentrerefugis.com\/#website"},"primaryImageOfPage":{"@id":"https:\/\/rutesentrerefugis.com\/index.php\/es\/2023\/07\/03\/abrupta-y-solitaria\/#primaryimage"},"image":{"@id":"https:\/\/rutesentrerefugis.com\/index.php\/es\/2023\/07\/03\/abrupta-y-solitaria\/#primaryimage"},"thumbnailUrl":"https:\/\/rutesentrerefugis.com\/wp-content\/uploads\/2023\/06\/Abrupta-i-Solitaria-Inici.jpg","datePublished":"2023-07-03T07:47:17+00:00","dateModified":"2024-04-25T10:19:10+00:00","breadcrumb":{"@id":"https:\/\/rutesentrerefugis.com\/index.php\/es\/2023\/07\/03\/abrupta-y-solitaria\/#breadcrumb"},"inLanguage":"es","potentialAction":[{"@type":"ReadAction","target":["https:\/\/rutesentrerefugis.com\/index.php\/es\/2023\/07\/03\/abrupta-y-solitaria\/"]}]},{"@type":"ImageObject","inLanguage":"es","@id":"https:\/\/rutesentrerefugis.com\/index.php\/es\/2023\/07\/03\/abrupta-y-solitaria\/#primaryimage","url":"https:\/\/rutesentrerefugis.com\/wp-content\/uploads\/2023\/06\/Abrupta-i-Solitaria-Inici.jpg","contentUrl":"https:\/\/rutesentrerefugis.com\/wp-content\/uploads\/2023\/06\/Abrupta-i-Solitaria-Inici.jpg","width":1200,"height":800},{"@type":"BreadcrumbList","@id":"https:\/\/rutesentrerefugis.com\/index.php\/es\/2023\/07\/03\/abrupta-y-solitaria\/#breadcrumb","itemListElement":[{"@type":"ListItem","position":1,"name":"Inici","item":"https:\/\/rutesentrerefugis.com\/"},{"@type":"ListItem","position":2,"name":"ABRUPTA Y SOLITARIA"}]},{"@type":"WebSite","@id":"https:\/\/rutesentrerefugis.com\/#website","url":"https:\/\/rutesentrerefugis.com\/","name":"Rutes Entre Refugis","description":"Caminant sota un nom","publisher":{"@id":"https:\/\/rutesentrerefugis.com\/#organization"},"potentialAction":[{"@type":"SearchAction","target":{"@type":"EntryPoint","urlTemplate":"https:\/\/rutesentrerefugis.com\/?s={search_term_string}"},"query-input":{"@type":"PropertyValueSpecification","valueRequired":true,"valueName":"search_term_string"}}],"inLanguage":"es"},{"@type":"Organization","@id":"https:\/\/rutesentrerefugis.com\/#organization","name":"Rutes Entre Refugis","url":"https:\/\/rutesentrerefugis.com\/","logo":{"@type":"ImageObject","inLanguage":"es","@id":"https:\/\/rutesentrerefugis.com\/#\/schema\/logo\/image\/","url":"https:\/\/rutesentrerefugis.com\/wp-content\/uploads\/2022\/08\/RutesEntreRefugis-Blanc-Retina-1.png","contentUrl":"https:\/\/rutesentrerefugis.com\/wp-content\/uploads\/2022\/08\/RutesEntreRefugis-Blanc-Retina-1.png","width":400,"height":400,"caption":"Rutes Entre Refugis"},"image":{"@id":"https:\/\/rutesentrerefugis.com\/#\/schema\/logo\/image\/"}},{"@type":"Person","@id":"https:\/\/rutesentrerefugis.com\/#\/schema\/person\/094a8b6d340fe8131848553b614930f7","name":"Eliseu T. Climent","image":{"@type":"ImageObject","inLanguage":"es","@id":"https:\/\/rutesentrerefugis.com\/wp-content\/uploads\/2023\/05\/avatar_user_24_1683353083-96x96.jpg","url":"https:\/\/rutesentrerefugis.com\/wp-content\/uploads\/2023\/05\/avatar_user_24_1683353083-96x96.jpg","contentUrl":"https:\/\/rutesentrerefugis.com\/wp-content\/uploads\/2023\/05\/avatar_user_24_1683353083-96x96.jpg","caption":"Eliseu T. Climent"},"url":"https:\/\/rutesentrerefugis.com\/index.php\/author\/eliseu-t-climent\/"}]}},"_links":{"self":[{"href":"https:\/\/rutesentrerefugis.com\/index.php\/wp-json\/wp\/v2\/posts\/18282","targetHints":{"allow":["GET"]}}],"collection":[{"href":"https:\/\/rutesentrerefugis.com\/index.php\/wp-json\/wp\/v2\/posts"}],"about":[{"href":"https:\/\/rutesentrerefugis.com\/index.php\/wp-json\/wp\/v2\/types\/post"}],"author":[{"embeddable":true,"href":"https:\/\/rutesentrerefugis.com\/index.php\/wp-json\/wp\/v2\/users\/24"}],"replies":[{"embeddable":true,"href":"https:\/\/rutesentrerefugis.com\/index.php\/wp-json\/wp\/v2\/comments?post=18282"}],"version-history":[{"count":53,"href":"https:\/\/rutesentrerefugis.com\/index.php\/wp-json\/wp\/v2\/posts\/18282\/revisions"}],"predecessor-version":[{"id":20839,"href":"https:\/\/rutesentrerefugis.com\/index.php\/wp-json\/wp\/v2\/posts\/18282\/revisions\/20839"}],"wp:featuredmedia":[{"embeddable":true,"href":"https:\/\/rutesentrerefugis.com\/index.php\/wp-json\/wp\/v2\/media\/18117"}],"wp:attachment":[{"href":"https:\/\/rutesentrerefugis.com\/index.php\/wp-json\/wp\/v2\/media?parent=18282"}],"wp:term":[{"taxonomy":"category","embeddable":true,"href":"https:\/\/rutesentrerefugis.com\/index.php\/wp-json\/wp\/v2\/categories?post=18282"},{"taxonomy":"post_tag","embeddable":true,"href":"https:\/\/rutesentrerefugis.com\/index.php\/wp-json\/wp\/v2\/tags?post=18282"}],"curies":[{"name":"wp","href":"https:\/\/api.w.org\/{rel}","templated":true}]}}