{"id":1949,"date":"2018-04-22T17:13:00","date_gmt":"2018-04-22T17:13:00","guid":{"rendered":"https:\/\/nova.rutesentrerefugis.com\/?p=1949"},"modified":"2024-07-20T11:33:26","modified_gmt":"2024-07-20T11:33:26","slug":"carros-de-foc-es","status":"publish","type":"post","link":"https:\/\/rutesentrerefugis.com\/index.php\/es\/2018\/04\/22\/carros-de-foc-es\/","title":{"rendered":"CARROS DE FOC"},"content":{"rendered":"\t\t<div data-elementor-type=\"wp-post\" data-elementor-id=\"1949\" class=\"elementor elementor-1949\" data-elementor-post-type=\"post\">\n\t\t\t\t\t\t<section class=\"elementor-section elementor-top-section elementor-element elementor-element-56de444 elementor-section-full_width elementor-section-height-default elementor-section-height-default\" data-id=\"56de444\" data-element_type=\"section\" data-e-type=\"section\" data-settings=\"{&quot;background_background&quot;:&quot;classic&quot;}\">\n\t\t\t\t\t\t<div class=\"elementor-container elementor-column-gap-default\">\n\t\t\t\t\t<div class=\"elementor-column elementor-col-100 elementor-top-column elementor-element elementor-element-97fcd65\" data-id=\"97fcd65\" data-element_type=\"column\" data-e-type=\"column\">\n\t\t\t<div class=\"elementor-widget-wrap elementor-element-populated\">\n\t\t\t\t\t\t<div class=\"elementor-element elementor-element-9fc429e elementor-widget elementor-widget-image\" data-id=\"9fc429e\" data-element_type=\"widget\" data-e-type=\"widget\" data-widget_type=\"image.default\">\n\t\t\t\t<div class=\"elementor-widget-container\">\n\t\t\t\t\t\t\t\t\t\t\t\t\t\t\t<img fetchpriority=\"high\" decoding=\"async\" width=\"2000\" height=\"450\" src=\"https:\/\/rutesentrerefugis.com\/wp-content\/uploads\/2022\/08\/A-Peu-Inici-NW.jpg\" class=\"attachment-full size-full wp-image-849\" alt=\"Rutes Entre Refugis\" srcset=\"https:\/\/rutesentrerefugis.com\/wp-content\/uploads\/2022\/08\/A-Peu-Inici-NW.jpg 2000w, https:\/\/rutesentrerefugis.com\/wp-content\/uploads\/2022\/08\/A-Peu-Inici-NW-300x68.jpg 300w, https:\/\/rutesentrerefugis.com\/wp-content\/uploads\/2022\/08\/A-Peu-Inici-NW-1024x230.jpg 1024w, https:\/\/rutesentrerefugis.com\/wp-content\/uploads\/2022\/08\/A-Peu-Inici-NW-768x173.jpg 768w, https:\/\/rutesentrerefugis.com\/wp-content\/uploads\/2022\/08\/A-Peu-Inici-NW-1536x346.jpg 1536w\" sizes=\"(max-width: 2000px) 100vw, 2000px\" \/>\t\t\t\t\t\t\t\t\t\t\t\t\t\t\t<\/div>\n\t\t\t\t<\/div>\n\t\t\t\t\t<\/div>\n\t\t<\/div>\n\t\t\t\t\t<\/div>\n\t\t<\/section>\n\t\t\t\t<section class=\"elementor-section elementor-top-section elementor-element elementor-element-8fb9e08 elementor-section-full_width elementor-section-height-default elementor-section-height-default\" data-id=\"8fb9e08\" data-element_type=\"section\" data-e-type=\"section\" data-settings=\"{&quot;background_background&quot;:&quot;classic&quot;}\">\n\t\t\t\t\t\t<div class=\"elementor-container elementor-column-gap-default\">\n\t\t\t\t\t<div class=\"elementor-column elementor-col-100 elementor-top-column elementor-element elementor-element-26b1a68\" data-id=\"26b1a68\" data-element_type=\"column\" data-e-type=\"column\">\n\t\t\t<div class=\"elementor-widget-wrap elementor-element-populated\">\n\t\t\t\t\t\t<div class=\"elementor-element elementor-element-76dc064 elementor-widget elementor-widget-heading\" data-id=\"76dc064\" data-element_type=\"widget\" data-e-type=\"widget\" data-widget_type=\"heading.default\">\n\t\t\t\t<div class=\"elementor-widget-container\">\n\t\t\t\t\t<h1 class=\"elementor-heading-title elementor-size-default\">\u00b7 <font color=\"#000000\">CARROS DE FOC<\/font> \u00b7<\/h1>\t\t\t\t<\/div>\n\t\t\t\t<\/div>\n\t\t\t\t\t<\/div>\n\t\t<\/div>\n\t\t\t\t\t<\/div>\n\t\t<\/section>\n\t\t\t\t<section class=\"elementor-section elementor-top-section elementor-element elementor-element-6951ece elementor-section-full_width elementor-section-height-default elementor-section-height-default\" data-id=\"6951ece\" data-element_type=\"section\" data-e-type=\"section\" data-settings=\"{&quot;background_background&quot;:&quot;classic&quot;}\">\n\t\t\t\t\t\t<div class=\"elementor-container elementor-column-gap-default\">\n\t\t\t\t\t<div class=\"elementor-column elementor-col-100 elementor-top-column elementor-element elementor-element-d3e256c\" data-id=\"d3e256c\" data-element_type=\"column\" data-e-type=\"column\">\n\t\t\t<div class=\"elementor-widget-wrap elementor-element-populated\">\n\t\t\t\t\t\t<div class=\"elementor-element elementor-element-556ba83 elementor-widget-divider--view-line elementor-widget elementor-widget-divider\" data-id=\"556ba83\" data-element_type=\"widget\" data-e-type=\"widget\" data-widget_type=\"divider.default\">\n\t\t\t\t<div class=\"elementor-widget-container\">\n\t\t\t\t\t\t\t<div class=\"elementor-divider\">\n\t\t\t<span class=\"elementor-divider-separator\">\n\t\t\t\t\t\t<\/span>\n\t\t<\/div>\n\t\t\t\t\t\t<\/div>\n\t\t\t\t<\/div>\n\t\t\t\t\t<\/div>\n\t\t<\/div>\n\t\t\t\t\t<\/div>\n\t\t<\/section>\n\t\t\t\t<section class=\"elementor-section elementor-top-section elementor-element elementor-element-84829cf elementor-section-full_width elementor-section-height-default elementor-section-height-default\" data-id=\"84829cf\" data-element_type=\"section\" data-e-type=\"section\">\n\t\t\t\t\t\t<div class=\"elementor-container elementor-column-gap-default\">\n\t\t\t\t\t<div class=\"elementor-column elementor-col-100 elementor-top-column elementor-element elementor-element-57cae14\" data-id=\"57cae14\" data-element_type=\"column\" data-e-type=\"column\">\n\t\t\t<div class=\"elementor-widget-wrap elementor-element-populated\">\n\t\t\t\t\t\t<div class=\"elementor-element elementor-element-bb17a24 elementor-widget elementor-widget-spacer\" data-id=\"bb17a24\" data-element_type=\"widget\" data-e-type=\"widget\" data-widget_type=\"spacer.default\">\n\t\t\t\t<div class=\"elementor-widget-container\">\n\t\t\t\t\t\t\t<div class=\"elementor-spacer\">\n\t\t\t<div class=\"elementor-spacer-inner\"><\/div>\n\t\t<\/div>\n\t\t\t\t\t\t<\/div>\n\t\t\t\t<\/div>\n\t\t\t\t\t<\/div>\n\t\t<\/div>\n\t\t\t\t\t<\/div>\n\t\t<\/section>\n\t\t\t\t<section class=\"elementor-section elementor-top-section elementor-element elementor-element-d867956 elementor-section-full_width elementor-section-height-default elementor-section-height-default\" data-id=\"d867956\" data-element_type=\"section\" data-e-type=\"section\" data-settings=\"{&quot;background_background&quot;:&quot;classic&quot;}\">\n\t\t\t\t\t\t<div class=\"elementor-container elementor-column-gap-default\">\n\t\t\t\t\t<div class=\"elementor-column elementor-col-33 elementor-top-column elementor-element elementor-element-aa5225d\" data-id=\"aa5225d\" data-element_type=\"column\" data-e-type=\"column\">\n\t\t\t<div class=\"elementor-widget-wrap elementor-element-populated\">\n\t\t\t\t\t\t<div class=\"elementor-element elementor-element-0c35cdc elementor-widget elementor-widget-text-editor\" data-id=\"0c35cdc\" data-element_type=\"widget\" data-e-type=\"widget\" data-widget_type=\"text-editor.default\">\n\t\t\t\t<div class=\"elementor-widget-container\">\n\t\t\t\t\t\t\t\t\t<h5><span style=\"color: #b40404;\"><b><u>UBICACI\u00d3N<\/u><\/b><\/span><\/h5><h6><span style=\"color: #666666;\"><span style=\"caret-color: #666666;\">P. N. d&#8217;Aig\u00fcestortes i Estany de Sant Maurici<\/span><\/span><\/h6>\t\t\t\t\t\t\t\t<\/div>\n\t\t\t\t<\/div>\n\t\t\t\t<div class=\"elementor-element elementor-element-0036cfe elementor-widget elementor-widget-text-editor\" data-id=\"0036cfe\" data-element_type=\"widget\" data-e-type=\"widget\" data-widget_type=\"text-editor.default\">\n\t\t\t\t<div class=\"elementor-widget-container\">\n\t\t\t\t\t\t\t\t\t<h5><span style=\"color: #b40404;\"><b><u>COMARCAS<\/u><\/b><\/span><\/h5><h6><span style=\"color: #666666;\">Pallars Juss\u00e0<br \/>Pallars Sobir\u00e0<br \/>Alta Ribagor\u00e7a<br \/>Val d&#8217;Aran<\/span><\/h6>\t\t\t\t\t\t\t\t<\/div>\n\t\t\t\t<\/div>\n\t\t\t\t<div class=\"elementor-element elementor-element-272a4ba elementor-widget elementor-widget-text-editor\" data-id=\"272a4ba\" data-element_type=\"widget\" data-e-type=\"widget\" data-widget_type=\"text-editor.default\">\n\t\t\t\t<div class=\"elementor-widget-container\">\n\t\t\t\t\t\t\t\t\t<h5><span style=\"color: #b40404;\"><b><u>WEB &#8211; REDES SOCIALES<\/u><\/b><\/span><\/h5>\n<h6><a href=\"http:\/\/www.carrosdefoc.com\/\" target=\"_blank\" rel=\"noopener\"><span style=\"color: #666666;\">www.carrosdefoc.com<\/span><\/a><\/h6>\n<a href=\"https:\/\/twitter.com\/rutacarrosdefoc\" target=\"_blank\" rel=\"noopener\"><img decoding=\"async\" src=\"http:\/\/rutesentrerefugis.com\/wp-content\/uploads\/2021\/01\/Twitter-50x50-NW.jpg\" width=\"50\" height=\"50\" \/><\/a> <a href=\"https:\/\/www.facebook.com\/carrosdefoc.oficial\/?ref=ts\" target=\"_blank\" rel=\"noopener\"><img decoding=\"async\" src=\"http:\/\/rutesentrerefugis.com\/wp-content\/uploads\/2021\/01\/Facebook-50x50-2.jpg\" width=\"50\" height=\"50\" \/><\/a> <a href=\"https:\/\/www.instagram.com\/carrosdefoc.oficial\/\" target=\"_blank\" rel=\"noopener\"><img loading=\"lazy\" decoding=\"async\" src=\"http:\/\/rutesentrerefugis.com\/wp-content\/uploads\/2023\/04\/Instagram-50x50-1.jpg\" width=\"50\" height=\"50\" \/><\/a> <a href=\"https:\/\/www.youtube.com\/channel\/UCWFq_OnRnulNo4ywY9XrzLQ\" target=\"_blank\" rel=\"noopener\"><img loading=\"lazy\" decoding=\"async\" src=\"http:\/\/rutesentrerefugis.com\/wp-content\/uploads\/2023\/04\/YouTube-50x50-1.jpg\" width=\"50\" height=\"50\" \/><\/a>\t\t\t\t\t\t\t\t<\/div>\n\t\t\t\t<\/div>\n\t\t\t\t<div class=\"elementor-element elementor-element-8cc0e53 elementor-widget elementor-widget-text-editor\" data-id=\"8cc0e53\" data-element_type=\"widget\" data-e-type=\"widget\" data-widget_type=\"text-editor.default\">\n\t\t\t\t<div class=\"elementor-widget-container\">\n\t\t\t\t\t\t\t\t\t<h5><strong><span style=\"color: #b40404;\"><u>DONDE DORMIR<\/u><\/span><\/strong><\/h5><h6><a href=\"http:\/\/www.feec.cat\/refugi\/refugi-mallafre-sant-maurici\/\" target=\"_blank\" rel=\"noopener\"><span style=\"color: #666666;\">Refugio Ernest Mallafr\u00e9 (1.890 m)\u00a0<\/span><\/a><br \/><a href=\"http:\/\/www.pladelafont.com\/\" target=\"_blank\" rel=\"noopener\"><span style=\"color: #666666;\">Refugio Pla de la Font (2.015 m)<\/span><\/a><br \/><a href=\"https:\/\/refugidelgerdar.com\" target=\"_blank\" rel=\"noopener\"><span style=\"color: #666666;\">Refugio del Gerdar (1.458 m)<\/span><\/a><br \/><a href=\"http:\/\/www.amitges.com\/\" target=\"_blank\" rel=\"noopener\"><span style=\"color: #666666;\">Refugio Amitges (2.365 m)<\/span><\/a><br \/><span style=\"color: #666666;\">Refugio Saboredo (2.310 m)<\/span><br \/><a href=\"http:\/\/www.refugicolomers.com\/\" target=\"_blank\" rel=\"noopener\"><span style=\"color: #666666;\">Refugio Colomers (2.135 m)<\/span><\/a><br \/><a href=\"http:\/\/www.restanca.com\/\" target=\"_blank\" rel=\"noopener\"><span style=\"color: #666666;\">Refugio Restanca (2.010 m)<\/span><\/a><br \/><a href=\"http:\/\/www.refugiventosa.com\/\" target=\"_blank\" rel=\"noopener\"><span style=\"color: #666666;\">Refugio Ventosa i Calvell (2.220 m)<\/span><\/a><br \/><span style=\"color: #666666;\">Refugio Estany Llong (1.985 m)<\/span><br \/><a href=\"https:\/\/www.feec.cat\/refugi\/refugi-colomina\/\" target=\"_blank\" rel=\"noopener\"><span style=\"color: #666666;\">Refugio Colomina (2.420 m)<\/span><\/a><br \/><span style=\"color: #666666;\">Refugio Josep M\u00aa Blanc (2.350 m)<br \/><\/span><a href=\"https:\/\/www.espot.cat\/ca\/establiments\/allotjaments\/hotels-pensions-i-albergs\" target=\"_blank\" rel=\"noopener\"><span style=\"color: #666666;\">Espot (1.318 m)<\/span><\/a><\/h6>\t\t\t\t\t\t\t\t<\/div>\n\t\t\t\t<\/div>\n\t\t\t\t\t<\/div>\n\t\t<\/div>\n\t\t\t\t<div class=\"elementor-column elementor-col-33 elementor-top-column elementor-element elementor-element-14f9330\" data-id=\"14f9330\" data-element_type=\"column\" data-e-type=\"column\">\n\t\t\t<div class=\"elementor-widget-wrap elementor-element-populated\">\n\t\t\t\t\t\t<div class=\"elementor-element elementor-element-36fbece elementor-widget elementor-widget-text-editor\" data-id=\"36fbece\" data-element_type=\"widget\" data-e-type=\"widget\" data-widget_type=\"text-editor.default\">\n\t\t\t\t<div class=\"elementor-widget-container\">\n\t\t\t\t\t\t\t\t\t<h5><span style=\"color: #000000;\"><b><u>OPCI\u00d3N OPEN<\/u><\/b><br \/><\/span><\/h5><h6><span style=\"color: #b40404;\"><b><u>9 ETAPAS<\/u><\/b><br \/><\/span><\/h6><h6><span style=\"color: #000000;\">55 kms | +4.400 m | -4.400 m<\/span><\/h6><h6><span style=\"color: #666666;\">Ref. Ernest Mallafr\u00e9 &#8211; Ref. Amitges<br \/><span style=\"color: #666666;\">Ref. Amitges &#8211; Ref. Saboredo<br \/><span style=\"color: #666666;\">Ref. Saboredo &#8211; Ref. Colomers<br \/><span style=\"color: #666666;\">Ref. Colomers &#8211; Ref. Restanca<br \/><span style=\"color: #666666;\">Ref. Restanca &#8211; Ref. Ventosa i Calvell<br \/><span style=\"color: #666666;\">Ref. Ventosa &#8211; Ref. Estany Llong<br \/><span style=\"color: #666666;\">Ref. Estany Llong &#8211; Ref. Colomina<br \/><span style=\"color: #666666;\">Ref. Colomina &#8211; Ref. Josep M. Blanc <span style=\"color: #666666;\">Ref. Josep M. Blanc &#8211; Ref. Mallafr\u00e9<\/span><\/span><\/span><\/span><\/span><\/span><\/span><\/span><\/span><\/h6><h5><span style=\"color: #000000;\"><b><u>OPCI\u00d3N PLUS<\/u><\/b><\/span><\/h5><h6><span style=\"color: #b40404;\"><b><u>11 ETAPAS<\/u><\/b><\/span><\/h6><h6><span style=\"color: #000000;\">83,6 kms | +6.756 m | -6.296 M<\/span><\/h6><h6><span style=\"color: #666666;\">Ref. Mallafr\u00e9 &#8211; Ref. Pla de la Font<br \/><span style=\"color: #666666;\">Ref. Pla de la Font &#8211; Ref. Gerdar<br \/><span style=\"color: #666666;\">Ref. Gerdar &#8211; Ref. Amitges<br \/><span style=\"color: #666666;\">Ref. Amitges &#8211; Ref. Saboredo<br \/><span style=\"color: #666666;\">Ref. Saboredo &#8211; Ref. Colomers<br \/><span style=\"color: #666666;\">Ref. Colomers &#8211; Ref. Restanca<br \/><span style=\"color: #666666;\">Ref. Restanca &#8211; Ref. Ventosa i Calvell<br \/><span style=\"color: #666666;\">Ref. Ventosa &#8211; Ref. Estany Llong<br \/><span style=\"color: #666666;\">Ref. Estany Llong &#8211; Ref. Colomina<br \/><span style=\"color: #666666;\">Ref. Colomina &#8211; Ref. Josep M. Blanc<br \/><span style=\"color: #666666;\">Ref. Josep M\u00aa Blanc &#8211; Ref. Mallafr\u00e9<\/span><\/span><\/span><\/span><\/span><\/span><\/span><\/span><\/span><\/span><\/span><\/h6>\t\t\t\t\t\t\t\t<\/div>\n\t\t\t\t<\/div>\n\t\t\t\t\t<\/div>\n\t\t<\/div>\n\t\t\t\t<div class=\"elementor-column elementor-col-33 elementor-top-column elementor-element elementor-element-2568f90\" data-id=\"2568f90\" data-element_type=\"column\" data-e-type=\"column\">\n\t\t\t<div class=\"elementor-widget-wrap elementor-element-populated\">\n\t\t\t\t\t\t<div class=\"elementor-element elementor-element-a055c4b elementor-widget elementor-widget-text-editor\" data-id=\"a055c4b\" data-element_type=\"widget\" data-e-type=\"widget\" data-widget_type=\"text-editor.default\">\n\t\t\t\t<div class=\"elementor-widget-container\">\n\t\t\t\t\t\t\t\t\t<h5><strong><span style=\"color: #b40404;\"><u>PICOS OPCIONALES<\/u><\/span><\/strong><\/h5><h6><span style=\"color: #666666;\">Pic de Subenuix (2.950 m)<br \/>Encantat Gran (2.748 m)<br \/>Pic de Quartiules (2.226 m)<br \/>Pic del Pinet\u00f3 (2.648 m)<br \/>Roca Blanca (2.691 m)<br \/>Tess\u00f3 de Son (2.700 m)<br \/>Milpotros (2.628 m)<br \/>Pic de Ratera (2.862m)<br \/>Pic d&#8217;Amitges (2.848 m)<br \/>Tuc de Saboredo (2.829 m)<br \/>Pic de Bassiero Occ. o Punta Brulle (2.903 m)<br \/>Montsaliente (2.890 m)<br \/>Pic del Portarr\u00f3 (2.794 m)<br \/>Punta Alta (2.019 m)<br \/>Pic de Comalesbienes (2.997 m)<br \/>Montardo (2.837 m)<br \/>Pic de Contraix (2.957 m)<br \/>Tumeneis (2.783 m)<br \/>La Creu de Colom\u00e8rs (2.895 m)<br \/>Gran Tuc de Colm\u00e8rs (2.934 m)<br \/>Pic del Berg\u00fas (2.843m)<br \/>Pic de la Pala Pedregosa (2.882 m)<br \/>Pic dels Vidals (2.904 m)<br \/>Pic de Tort (2.886 m)<br \/>Pic de Mariolo (2.857 m)<br \/>Pic de Peguera (2.980 m)<br \/>Pic de Mainera (2.910 m)<br \/>Pic de Monestero (2.877 m)<br \/>Cresta de l&#8217;Avi\u00f3 (2.781 m)<br \/>Pic de Sabur\u00f3 (2.906 m)<\/span><\/h6>\t\t\t\t\t\t\t\t<\/div>\n\t\t\t\t<\/div>\n\t\t\t\t\t<\/div>\n\t\t<\/div>\n\t\t\t\t\t<\/div>\n\t\t<\/section>\n\t\t\t\t<section class=\"elementor-section elementor-top-section elementor-element elementor-element-f2b368e elementor-section-full_width elementor-section-height-default elementor-section-height-default\" data-id=\"f2b368e\" data-element_type=\"section\" data-e-type=\"section\">\n\t\t\t\t\t\t<div class=\"elementor-container elementor-column-gap-default\">\n\t\t\t\t\t<div class=\"elementor-column elementor-col-100 elementor-top-column elementor-element elementor-element-0e60613\" data-id=\"0e60613\" data-element_type=\"column\" data-e-type=\"column\">\n\t\t\t<div class=\"elementor-widget-wrap elementor-element-populated\">\n\t\t\t\t\t\t<div class=\"elementor-element elementor-element-b589226 elementor-widget elementor-widget-text-editor\" data-id=\"b589226\" data-element_type=\"widget\" data-e-type=\"widget\" data-widget_type=\"text-editor.default\">\n\t\t\t\t<div class=\"elementor-widget-container\">\n\t\t\t\t\t\t\t\t\t<p><iframe src=\"https:\/\/www.google.com\/maps\/d\/embed?mid=17TidUK3Qk9WnhtAwUu7HGwUQoxifWI8e\" width=\"2000\" height=\"500\"><\/iframe><\/p>\t\t\t\t\t\t\t\t<\/div>\n\t\t\t\t<\/div>\n\t\t\t\t\t<\/div>\n\t\t<\/div>\n\t\t\t\t\t<\/div>\n\t\t<\/section>\n\t\t\t\t<section class=\"elementor-section elementor-top-section elementor-element elementor-element-3d9d705 elementor-section-full_width elementor-section-height-default elementor-section-height-default\" data-id=\"3d9d705\" data-element_type=\"section\" data-e-type=\"section\" data-settings=\"{&quot;background_background&quot;:&quot;classic&quot;}\">\n\t\t\t\t\t\t<div class=\"elementor-container elementor-column-gap-default\">\n\t\t\t\t\t<div class=\"elementor-column elementor-col-100 elementor-top-column elementor-element elementor-element-23b48a4\" data-id=\"23b48a4\" data-element_type=\"column\" data-e-type=\"column\">\n\t\t\t<div class=\"elementor-widget-wrap elementor-element-populated\">\n\t\t\t\t\t\t<div class=\"elementor-element elementor-element-31d3049 elementor-widget elementor-widget-heading\" data-id=\"31d3049\" data-element_type=\"widget\" data-e-type=\"widget\" data-widget_type=\"heading.default\">\n\t\t\t\t<div class=\"elementor-widget-container\">\n\t\t\t\t\t<h3 class=\"elementor-heading-title elementor-size-default\">\u00b7 <u>CARTOGRAF\u00cdA - GU\u00cdAS<\/u> \u00b7<\/h3>\t\t\t\t<\/div>\n\t\t\t\t<\/div>\n\t\t\t\t\t<\/div>\n\t\t<\/div>\n\t\t\t\t\t<\/div>\n\t\t<\/section>\n\t\t\t\t<section class=\"elementor-section elementor-top-section elementor-element elementor-element-2710395 elementor-section-full_width elementor-section-height-default elementor-section-height-default\" data-id=\"2710395\" data-element_type=\"section\" data-e-type=\"section\" data-settings=\"{&quot;background_background&quot;:&quot;classic&quot;}\">\n\t\t\t\t\t\t<div class=\"elementor-container elementor-column-gap-default\">\n\t\t\t\t\t<div class=\"elementor-column elementor-col-16 elementor-top-column elementor-element elementor-element-55019c4\" data-id=\"55019c4\" data-element_type=\"column\" data-e-type=\"column\">\n\t\t\t<div class=\"elementor-widget-wrap elementor-element-populated\">\n\t\t\t\t\t\t<div class=\"elementor-element elementor-element-2fa47ed elementor-widget elementor-widget-image\" data-id=\"2fa47ed\" data-element_type=\"widget\" data-e-type=\"widget\" data-widget_type=\"image.default\">\n\t\t\t\t<div class=\"elementor-widget-container\">\n\t\t\t\t\t\t\t\t\t\t\t\t\t\t\t<img loading=\"lazy\" decoding=\"async\" width=\"300\" height=\"550\" src=\"https:\/\/rutesentrerefugis.com\/wp-content\/uploads\/2018\/04\/Carros-de-Foc-04.jpg\" class=\"attachment-full size-full wp-image-21533\" alt=\"\" srcset=\"https:\/\/rutesentrerefugis.com\/wp-content\/uploads\/2018\/04\/Carros-de-Foc-04.jpg 300w, https:\/\/rutesentrerefugis.com\/wp-content\/uploads\/2018\/04\/Carros-de-Foc-04-164x300.jpg 164w\" sizes=\"(max-width: 300px) 100vw, 300px\" \/>\t\t\t\t\t\t\t\t\t\t\t\t\t\t\t<\/div>\n\t\t\t\t<\/div>\n\t\t\t\t\t<\/div>\n\t\t<\/div>\n\t\t\t\t<div class=\"elementor-column elementor-col-16 elementor-top-column elementor-element elementor-element-fad493f\" data-id=\"fad493f\" data-element_type=\"column\" data-e-type=\"column\">\n\t\t\t<div class=\"elementor-widget-wrap elementor-element-populated\">\n\t\t\t\t\t\t<div class=\"elementor-element elementor-element-c0a6a8e elementor-widget elementor-widget-image\" data-id=\"c0a6a8e\" data-element_type=\"widget\" data-e-type=\"widget\" data-widget_type=\"image.default\">\n\t\t\t\t<div class=\"elementor-widget-container\">\n\t\t\t\t\t\t\t\t\t\t\t\t\t\t\t<img loading=\"lazy\" decoding=\"async\" width=\"300\" height=\"550\" src=\"https:\/\/rutesentrerefugis.com\/wp-content\/uploads\/2022\/06\/PN-Aiguestortes-Sant-Maurici-04.jpg\" class=\"attachment-full size-full wp-image-7445\" alt=\"\" srcset=\"https:\/\/rutesentrerefugis.com\/wp-content\/uploads\/2022\/06\/PN-Aiguestortes-Sant-Maurici-04.jpg 300w, https:\/\/rutesentrerefugis.com\/wp-content\/uploads\/2022\/06\/PN-Aiguestortes-Sant-Maurici-04-164x300.jpg 164w\" sizes=\"(max-width: 300px) 100vw, 300px\" \/>\t\t\t\t\t\t\t\t\t\t\t\t\t\t\t<\/div>\n\t\t\t\t<\/div>\n\t\t\t\t\t<\/div>\n\t\t<\/div>\n\t\t\t\t<div class=\"elementor-column elementor-col-16 elementor-top-column elementor-element elementor-element-968d1e4\" data-id=\"968d1e4\" data-element_type=\"column\" data-e-type=\"column\">\n\t\t\t<div class=\"elementor-widget-wrap elementor-element-populated\">\n\t\t\t\t\t\t<div class=\"elementor-element elementor-element-99a83ac elementor-widget elementor-widget-image\" data-id=\"99a83ac\" data-element_type=\"widget\" data-e-type=\"widget\" data-widget_type=\"image.default\">\n\t\t\t\t<div class=\"elementor-widget-container\">\n\t\t\t\t\t\t\t\t\t\t\t\t\t\t\t<img loading=\"lazy\" decoding=\"async\" width=\"300\" height=\"550\" src=\"https:\/\/rutesentrerefugis.com\/wp-content\/uploads\/2022\/10\/42-Aiguestortes.jpg\" class=\"attachment-full size-full wp-image-1733\" alt=\"\" srcset=\"https:\/\/rutesentrerefugis.com\/wp-content\/uploads\/2022\/10\/42-Aiguestortes.jpg 300w, https:\/\/rutesentrerefugis.com\/wp-content\/uploads\/2022\/10\/42-Aiguestortes-164x300.jpg 164w\" sizes=\"(max-width: 300px) 100vw, 300px\" \/>\t\t\t\t\t\t\t\t\t\t\t\t\t\t\t<\/div>\n\t\t\t\t<\/div>\n\t\t\t\t\t<\/div>\n\t\t<\/div>\n\t\t\t\t<div class=\"elementor-column elementor-col-16 elementor-top-column elementor-element elementor-element-3acba33\" data-id=\"3acba33\" data-element_type=\"column\" data-e-type=\"column\">\n\t\t\t<div class=\"elementor-widget-wrap elementor-element-populated\">\n\t\t\t\t\t\t<div class=\"elementor-element elementor-element-c1a26a6 elementor-widget elementor-widget-image\" data-id=\"c1a26a6\" data-element_type=\"widget\" data-e-type=\"widget\" data-widget_type=\"image.default\">\n\t\t\t\t<div class=\"elementor-widget-container\">\n\t\t\t\t\t\t\t\t\t\t\t\t\t\t\t<img loading=\"lazy\" decoding=\"async\" width=\"300\" height=\"550\" src=\"https:\/\/rutesentrerefugis.com\/wp-content\/uploads\/2018\/04\/Ruta-9-Refugis.jpg\" class=\"attachment-full size-full wp-image-1939\" alt=\"\" srcset=\"https:\/\/rutesentrerefugis.com\/wp-content\/uploads\/2018\/04\/Ruta-9-Refugis.jpg 300w, https:\/\/rutesentrerefugis.com\/wp-content\/uploads\/2018\/04\/Ruta-9-Refugis-164x300.jpg 164w\" sizes=\"(max-width: 300px) 100vw, 300px\" \/>\t\t\t\t\t\t\t\t\t\t\t\t\t\t\t<\/div>\n\t\t\t\t<\/div>\n\t\t\t\t\t<\/div>\n\t\t<\/div>\n\t\t\t\t<div class=\"elementor-column elementor-col-16 elementor-top-column elementor-element elementor-element-d0d54c3\" data-id=\"d0d54c3\" data-element_type=\"column\" data-e-type=\"column\">\n\t\t\t<div class=\"elementor-widget-wrap elementor-element-populated\">\n\t\t\t\t\t\t<div class=\"elementor-element elementor-element-d6d132f elementor-widget elementor-widget-image\" data-id=\"d6d132f\" data-element_type=\"widget\" data-e-type=\"widget\" data-widget_type=\"image.default\">\n\t\t\t\t<div class=\"elementor-widget-container\">\n\t\t\t\t\t\t\t\t\t\t\t\t\t\t\t<img loading=\"lazy\" decoding=\"async\" width=\"300\" height=\"390\" src=\"https:\/\/rutesentrerefugis.com\/wp-content\/uploads\/2022\/10\/Aiguestortes.jpg\" class=\"attachment-full size-full wp-image-1730\" alt=\"\" srcset=\"https:\/\/rutesentrerefugis.com\/wp-content\/uploads\/2022\/10\/Aiguestortes.jpg 300w, https:\/\/rutesentrerefugis.com\/wp-content\/uploads\/2022\/10\/Aiguestortes-231x300.jpg 231w\" sizes=\"(max-width: 300px) 100vw, 300px\" \/>\t\t\t\t\t\t\t\t\t\t\t\t\t\t\t<\/div>\n\t\t\t\t<\/div>\n\t\t\t\t\t<\/div>\n\t\t<\/div>\n\t\t\t\t<div class=\"elementor-column elementor-col-16 elementor-top-column elementor-element elementor-element-3605a25\" data-id=\"3605a25\" data-element_type=\"column\" data-e-type=\"column\">\n\t\t\t<div class=\"elementor-widget-wrap elementor-element-populated\">\n\t\t\t\t\t\t<div class=\"elementor-element elementor-element-2dee33e elementor-widget elementor-widget-image\" data-id=\"2dee33e\" data-element_type=\"widget\" data-e-type=\"widget\" data-widget_type=\"image.default\">\n\t\t\t\t<div class=\"elementor-widget-container\">\n\t\t\t\t\t\t\t\t\t\t\t\t\t\t\t<img loading=\"lazy\" decoding=\"async\" width=\"300\" height=\"485\" src=\"https:\/\/rutesentrerefugis.com\/wp-content\/uploads\/2018\/04\/Carros-de-Foc.jpg\" class=\"attachment-full size-full wp-image-1940\" alt=\"\" srcset=\"https:\/\/rutesentrerefugis.com\/wp-content\/uploads\/2018\/04\/Carros-de-Foc.jpg 300w, https:\/\/rutesentrerefugis.com\/wp-content\/uploads\/2018\/04\/Carros-de-Foc-186x300.jpg 186w\" sizes=\"(max-width: 300px) 100vw, 300px\" \/>\t\t\t\t\t\t\t\t\t\t\t\t\t\t\t<\/div>\n\t\t\t\t<\/div>\n\t\t\t\t\t<\/div>\n\t\t<\/div>\n\t\t\t\t\t<\/div>\n\t\t<\/section>\n\t\t\t\t<section class=\"elementor-section elementor-top-section elementor-element elementor-element-af7266c elementor-section-full_width elementor-section-height-default elementor-section-height-default\" data-id=\"af7266c\" data-element_type=\"section\" data-e-type=\"section\">\n\t\t\t\t\t\t<div class=\"elementor-container elementor-column-gap-default\">\n\t\t\t\t\t<div class=\"elementor-column elementor-col-100 elementor-top-column elementor-element elementor-element-a355804\" data-id=\"a355804\" data-element_type=\"column\" data-e-type=\"column\">\n\t\t\t<div class=\"elementor-widget-wrap elementor-element-populated\">\n\t\t\t\t\t\t<div class=\"elementor-element elementor-element-1642e5b elementor-widget elementor-widget-spacer\" data-id=\"1642e5b\" data-element_type=\"widget\" data-e-type=\"widget\" data-widget_type=\"spacer.default\">\n\t\t\t\t<div class=\"elementor-widget-container\">\n\t\t\t\t\t\t\t<div class=\"elementor-spacer\">\n\t\t\t<div class=\"elementor-spacer-inner\"><\/div>\n\t\t<\/div>\n\t\t\t\t\t\t<\/div>\n\t\t\t\t<\/div>\n\t\t\t\t\t<\/div>\n\t\t<\/div>\n\t\t\t\t\t<\/div>\n\t\t<\/section>\n\t\t\t\t<section class=\"elementor-section elementor-top-section elementor-element elementor-element-b4ffd56 elementor-section-full_width elementor-section-height-default elementor-section-height-default\" data-id=\"b4ffd56\" data-element_type=\"section\" data-e-type=\"section\">\n\t\t\t\t\t\t<div class=\"elementor-container elementor-column-gap-default\">\n\t\t\t\t\t<div class=\"elementor-column elementor-col-100 elementor-top-column elementor-element elementor-element-dbb5c54\" data-id=\"dbb5c54\" data-element_type=\"column\" data-e-type=\"column\">\n\t\t\t<div class=\"elementor-widget-wrap elementor-element-populated\">\n\t\t\t\t\t\t<div class=\"elementor-element elementor-element-a4c59df elementor-widget-divider--view-line elementor-widget elementor-widget-divider\" data-id=\"a4c59df\" data-element_type=\"widget\" data-e-type=\"widget\" data-widget_type=\"divider.default\">\n\t\t\t\t<div class=\"elementor-widget-container\">\n\t\t\t\t\t\t\t<div class=\"elementor-divider\">\n\t\t\t<span class=\"elementor-divider-separator\">\n\t\t\t\t\t\t<\/span>\n\t\t<\/div>\n\t\t\t\t\t\t<\/div>\n\t\t\t\t<\/div>\n\t\t\t\t\t<\/div>\n\t\t<\/div>\n\t\t\t\t\t<\/div>\n\t\t<\/section>\n\t\t\t\t<section class=\"elementor-section elementor-top-section elementor-element elementor-element-6a91dbd elementor-section-full_width elementor-section-height-default elementor-section-height-default\" data-id=\"6a91dbd\" data-element_type=\"section\" data-e-type=\"section\">\n\t\t\t\t\t\t<div class=\"elementor-container elementor-column-gap-default\">\n\t\t\t\t\t<div class=\"elementor-column elementor-col-100 elementor-top-column elementor-element elementor-element-c559290\" data-id=\"c559290\" data-element_type=\"column\" data-e-type=\"column\">\n\t\t\t<div class=\"elementor-widget-wrap elementor-element-populated\">\n\t\t\t\t\t\t<div class=\"elementor-element elementor-element-92e3967 elementor-widget elementor-widget-heading\" data-id=\"92e3967\" data-element_type=\"widget\" data-e-type=\"widget\" data-widget_type=\"heading.default\">\n\t\t\t\t<div class=\"elementor-widget-container\">\n\t\t\t\t\t<h2 class=\"elementor-heading-title elementor-size-default\"><u>ART\u00cdCULOS Y RUTAS RELACIONADAS<\/u><\/h2>\t\t\t\t<\/div>\n\t\t\t\t<\/div>\n\t\t\t\t\t<\/div>\n\t\t<\/div>\n\t\t\t\t\t<\/div>\n\t\t<\/section>\n\t\t\t\t<section class=\"elementor-section elementor-top-section elementor-element elementor-element-b74c2ae elementor-section-full_width elementor-section-height-default elementor-section-height-default\" data-id=\"b74c2ae\" data-element_type=\"section\" data-e-type=\"section\">\n\t\t\t\t\t\t<div class=\"elementor-container elementor-column-gap-default\">\n\t\t\t\t\t<div class=\"elementor-column elementor-col-100 elementor-top-column elementor-element elementor-element-2a661a8\" data-id=\"2a661a8\" data-element_type=\"column\" data-e-type=\"column\">\n\t\t\t<div class=\"elementor-widget-wrap elementor-element-populated\">\n\t\t\t\t\t\t<div class=\"elementor-element elementor-element-2c700f2 elementor-widget elementor-widget-spacer\" data-id=\"2c700f2\" data-element_type=\"widget\" data-e-type=\"widget\" data-widget_type=\"spacer.default\">\n\t\t\t\t<div class=\"elementor-widget-container\">\n\t\t\t\t\t\t\t<div class=\"elementor-spacer\">\n\t\t\t<div class=\"elementor-spacer-inner\"><\/div>\n\t\t<\/div>\n\t\t\t\t\t\t<\/div>\n\t\t\t\t<\/div>\n\t\t\t\t\t<\/div>\n\t\t<\/div>\n\t\t\t\t\t<\/div>\n\t\t<\/section>\n\t\t\t\t<section class=\"elementor-section elementor-top-section elementor-element elementor-element-dedb765 elementor-section-full_width elementor-section-height-default elementor-section-height-default\" data-id=\"dedb765\" data-element_type=\"section\" data-e-type=\"section\">\n\t\t\t\t\t\t<div class=\"elementor-container elementor-column-gap-default\">\n\t\t\t\t\t<div class=\"elementor-column elementor-col-100 elementor-top-column elementor-element elementor-element-323e314\" data-id=\"323e314\" data-element_type=\"column\" data-e-type=\"column\">\n\t\t\t<div class=\"elementor-widget-wrap elementor-element-populated\">\n\t\t\t\t\t\t<div class=\"elementor-element elementor-element-1d2f4d4 elementor-grid-5 elementor-posts--align-left elementor-grid-tablet-2 elementor-grid-mobile-1 elementor-posts--thumbnail-top elementor-widget elementor-widget-posts\" data-id=\"1d2f4d4\" data-element_type=\"widget\" data-e-type=\"widget\" data-settings=\"{&quot;classic_columns&quot;:&quot;5&quot;,&quot;classic_columns_tablet&quot;:&quot;2&quot;,&quot;classic_columns_mobile&quot;:&quot;1&quot;,&quot;classic_row_gap&quot;:{&quot;unit&quot;:&quot;px&quot;,&quot;size&quot;:35,&quot;sizes&quot;:[]},&quot;classic_row_gap_tablet&quot;:{&quot;unit&quot;:&quot;px&quot;,&quot;size&quot;:&quot;&quot;,&quot;sizes&quot;:[]},&quot;classic_row_gap_mobile&quot;:{&quot;unit&quot;:&quot;px&quot;,&quot;size&quot;:&quot;&quot;,&quot;sizes&quot;:[]}}\" data-widget_type=\"posts.classic\">\n\t\t\t\t<div class=\"elementor-widget-container\">\n\t\t\t\t\t\t\t<div class=\"elementor-posts-container elementor-posts elementor-posts--skin-classic elementor-grid\" role=\"list\">\n\t\t\t\t<article class=\"elementor-post elementor-grid-item post-8785 post type-post status-publish format-standard has-post-thumbnail hentry category-blog-es category-libros category-pn-aiguestortes-es-es tag-cossetania-edicions-es tag-cronicas-ca-es tag-croniques-ca-es tag-el-guardia-de-lestany-negre-es tag-miquel-sanchez-2-es tag-parc-nacional-daiguestortes-i-estany-de-sant-maurici-es tag-refugi-ventosa-i-calvell-es tag-rosa-ma-bosch-es\" role=\"listitem\">\n\t\t\t\t<a class=\"elementor-post__thumbnail__link\" href=\"https:\/\/rutesentrerefugis.com\/index.php\/es\/2022\/04\/21\/el-guardia-de-l-estany-negre-es\/\" tabindex=\"-1\" >\n\t\t\t<div class=\"elementor-post__thumbnail\"><img loading=\"lazy\" decoding=\"async\" width=\"300\" height=\"200\" src=\"https:\/\/rutesentrerefugis.com\/wp-content\/uploads\/2022\/04\/El-Guardia-de-l-Estany-Negre-Inici-NW-300x200.jpg\" class=\"attachment-medium size-medium wp-image-8821\" alt=\"\" srcset=\"https:\/\/rutesentrerefugis.com\/wp-content\/uploads\/2022\/04\/El-Guardia-de-l-Estany-Negre-Inici-NW-300x200.jpg 300w, https:\/\/rutesentrerefugis.com\/wp-content\/uploads\/2022\/04\/El-Guardia-de-l-Estany-Negre-Inici-NW-1024x683.jpg 1024w, https:\/\/rutesentrerefugis.com\/wp-content\/uploads\/2022\/04\/El-Guardia-de-l-Estany-Negre-Inici-NW-768x512.jpg 768w, https:\/\/rutesentrerefugis.com\/wp-content\/uploads\/2022\/04\/El-Guardia-de-l-Estany-Negre-Inici-NW.jpg 1200w\" sizes=\"(max-width: 300px) 100vw, 300px\" \/><\/div>\n\t\t<\/a>\n\t\t\t\t<div class=\"elementor-post__text\">\n\t\t\t\t<h3 class=\"elementor-post__title\">\n\t\t\t<a href=\"https:\/\/rutesentrerefugis.com\/index.php\/es\/2022\/04\/21\/el-guardia-de-l-estany-negre-es\/\" >\n\t\t\t\tEL GUARDI\u00c0 DE L&#8217;ESTANY NEGRE\t\t\t<\/a>\n\t\t<\/h3>\n\t\t\t\t<div class=\"elementor-post__meta-data\">\n\t\t\t\t\t<span class=\"elementor-post-date\">\n\t\t\t21\/04\/2022\t\t<\/span>\n\t\t\t\t<\/div>\n\t\t\t\t<\/div>\n\t\t\t\t<\/article>\n\t\t\t\t<article class=\"elementor-post elementor-grid-item post-4072 post type-post status-publish format-standard has-post-thumbnail hentry category-btt-es-es category-occitania-es-es category-pn-aiguestortes-es-es tag-alos-disil-es tag-arties-es tag-astell-es tag-bagergue-es tag-betren-es tag-boren-es tag-casarilh-es tag-castellars-es tag-encantats-es tag-erta-es tag-espot-es tag-espui-es tag-garos-es tag-gessa-es tag-ginast-es tag-gotarta-es tag-guiro-es tag-iran-es tag-irgo-es tag-isil-es tag-la-torre-de-capdella-es tag-les-esglesies-es tag-malpas-es tag-montgarri-es tag-pallars-jussa-es tag-pallars-sobira-es tag-parc-nacional-daiguestortes-i-estany-de-sant-maurici-es tag-pedals-de-foc-es tag-raons-es tag-ribagorca-es tag-sant-maurici-es tag-sas-es tag-senet-es tag-son-es tag-sorpe-es tag-unha-es tag-val-daran-es tag-valencia-daneu-es tag-vall-de-boi-es tag-vielha-es tag-villaler-es\" role=\"listitem\">\n\t\t\t\t<a class=\"elementor-post__thumbnail__link\" href=\"https:\/\/rutesentrerefugis.com\/index.php\/es\/2021\/01\/27\/gran-pedales-foc-occitania\/\" tabindex=\"-1\" >\n\t\t\t<div class=\"elementor-post__thumbnail\"><img loading=\"lazy\" decoding=\"async\" width=\"300\" height=\"210\" src=\"https:\/\/rutesentrerefugis.com\/wp-content\/uploads\/2022\/12\/Gran-Pedals-Foc-Occitania-NW-300x210.jpg\" class=\"attachment-medium size-medium wp-image-4034\" alt=\"\" srcset=\"https:\/\/rutesentrerefugis.com\/wp-content\/uploads\/2022\/12\/Gran-Pedals-Foc-Occitania-NW-300x210.jpg 300w, https:\/\/rutesentrerefugis.com\/wp-content\/uploads\/2022\/12\/Gran-Pedals-Foc-Occitania-NW.jpg 400w\" sizes=\"(max-width: 300px) 100vw, 300px\" \/><\/div>\n\t\t<\/a>\n\t\t\t\t<div class=\"elementor-post__text\">\n\t\t\t\t<h3 class=\"elementor-post__title\">\n\t\t\t<a href=\"https:\/\/rutesentrerefugis.com\/index.php\/es\/2021\/01\/27\/gran-pedales-foc-occitania\/\" >\n\t\t\t\tGRAN PEDALES FOC D&#8217;OCCIT\u00c0NIA\t\t\t<\/a>\n\t\t<\/h3>\n\t\t\t\t<div class=\"elementor-post__meta-data\">\n\t\t\t\t\t<span class=\"elementor-post-date\">\n\t\t\t27\/01\/2021\t\t<\/span>\n\t\t\t\t<\/div>\n\t\t\t\t<\/div>\n\t\t\t\t<\/article>\n\t\t\t\t<article class=\"elementor-post elementor-grid-item post-1784 post type-post status-publish format-standard has-post-thumbnail hentry category-blog-es category-pn-aiguestortes-es-es tag-aiguestortes-es tag-alta-ribagorca-es tag-miquel-sanchez-2-es tag-pallars-jussa-es tag-pallars-sobira-es tag-pn-aiguestortes-i-estany-de-sant-maurici-es tag-quim-farrero-es tag-refugi-amitges-es tag-refugi-colomers-es tag-refugi-colomina-es tag-refugi-ernest-mallafre-es tag-refugi-estany-llong-es tag-refugi-jm-blanch-es tag-refugi-restanca-es tag-refugi-saboredo-es tag-refugi-ventosa-i-calvell-es tag-sant-maurici-es tag-val-daran-es tag-vall-de-boi-es\" role=\"listitem\">\n\t\t\t\t<a class=\"elementor-post__thumbnail__link\" href=\"https:\/\/rutesentrerefugis.com\/index.php\/es\/2019\/06\/12\/carros-de-roc-es\/\" tabindex=\"-1\" >\n\t\t\t<div class=\"elementor-post__thumbnail\"><img loading=\"lazy\" decoding=\"async\" width=\"300\" height=\"200\" src=\"https:\/\/rutesentrerefugis.com\/wp-content\/uploads\/2022\/09\/Carros-de-Roc-Inici-NW-300x200.jpg\" class=\"attachment-medium size-medium wp-image-1193\" alt=\"Carros de Roc\" srcset=\"https:\/\/rutesentrerefugis.com\/wp-content\/uploads\/2022\/09\/Carros-de-Roc-Inici-NW-300x200.jpg 300w, https:\/\/rutesentrerefugis.com\/wp-content\/uploads\/2022\/09\/Carros-de-Roc-Inici-NW-1024x683.jpg 1024w, https:\/\/rutesentrerefugis.com\/wp-content\/uploads\/2022\/09\/Carros-de-Roc-Inici-NW-768x512.jpg 768w, https:\/\/rutesentrerefugis.com\/wp-content\/uploads\/2022\/09\/Carros-de-Roc-Inici-NW.jpg 1200w\" sizes=\"(max-width: 300px) 100vw, 300px\" \/><\/div>\n\t\t<\/a>\n\t\t\t\t<div class=\"elementor-post__text\">\n\t\t\t\t<h3 class=\"elementor-post__title\">\n\t\t\t<a href=\"https:\/\/rutesentrerefugis.com\/index.php\/es\/2019\/06\/12\/carros-de-roc-es\/\" >\n\t\t\t\tCARROS DE ROC\t\t\t<\/a>\n\t\t<\/h3>\n\t\t\t\t<div class=\"elementor-post__meta-data\">\n\t\t\t\t\t<span class=\"elementor-post-date\">\n\t\t\t12\/06\/2019\t\t<\/span>\n\t\t\t\t<\/div>\n\t\t\t\t<\/div>\n\t\t\t\t<\/article>\n\t\t\t\t<article class=\"elementor-post elementor-grid-item post-1876 post type-post status-publish format-standard has-post-thumbnail hentry category-btt-es-es category-pn-aiguestortes-es-es tag-alos-disil-es tag-arties-es tag-astell-es tag-bagergue-es tag-betren-es tag-boren-es tag-casarilh-es tag-castellars-es tag-encantats-es tag-erta-es tag-espot-es tag-espui-es tag-garos-es tag-gessa-es tag-ginast-es tag-gotarta-es tag-guiro-es tag-iran-es tag-irgo-es tag-isil-es tag-la-torre-de-capdella-es tag-les-esglesies-es tag-malpas-es tag-montgarri-es tag-pallars-jussa-es tag-pallars-sobira-es tag-parc-nacional-daiguestortes-i-estany-de-sant-maurici-es tag-pedals-de-foc-es tag-raons-es tag-ribagorca-es tag-sant-maurici-es tag-sas-es tag-senet-es tag-son-es tag-sorpe-es tag-unha-es tag-val-daran-es tag-valencia-daneu-es tag-vall-de-boi-es tag-vielha-es tag-villaler-es\" role=\"listitem\">\n\t\t\t\t<a class=\"elementor-post__thumbnail__link\" href=\"https:\/\/rutesentrerefugis.com\/index.php\/es\/2018\/05\/07\/pedales-de-foc\/\" tabindex=\"-1\" >\n\t\t\t<div class=\"elementor-post__thumbnail\"><img loading=\"lazy\" decoding=\"async\" width=\"300\" height=\"210\" src=\"https:\/\/rutesentrerefugis.com\/wp-content\/uploads\/2022\/10\/Pedals-de-Foc-NW-300x210.jpg\" class=\"attachment-medium size-medium wp-image-1689\" alt=\"\" srcset=\"https:\/\/rutesentrerefugis.com\/wp-content\/uploads\/2022\/10\/Pedals-de-Foc-NW-300x210.jpg 300w, https:\/\/rutesentrerefugis.com\/wp-content\/uploads\/2022\/10\/Pedals-de-Foc-NW.jpg 400w\" sizes=\"(max-width: 300px) 100vw, 300px\" \/><\/div>\n\t\t<\/a>\n\t\t\t\t<div class=\"elementor-post__text\">\n\t\t\t\t<h3 class=\"elementor-post__title\">\n\t\t\t<a href=\"https:\/\/rutesentrerefugis.com\/index.php\/es\/2018\/05\/07\/pedales-de-foc\/\" >\n\t\t\t\tPEDALES DE FOC\t\t\t<\/a>\n\t\t<\/h3>\n\t\t\t\t<div class=\"elementor-post__meta-data\">\n\t\t\t\t\t<span class=\"elementor-post-date\">\n\t\t\t07\/05\/2018\t\t<\/span>\n\t\t\t\t<\/div>\n\t\t\t\t<\/div>\n\t\t\t\t<\/article>\n\t\t\t\t<article class=\"elementor-post elementor-grid-item post-1949 post type-post status-publish format-standard has-post-thumbnail hentry category-a-pie-es category-pn-aiguestortes-es-es tag-carros-de-foc-es tag-carros-de-foc-open-es tag-carros-de-foc-plus-es tag-cresta-de-lavio-es tag-encantat-gran-es tag-espot-es tag-gran-tuc-de-colomers-es tag-la-creu-de-colomers-es tag-milpotros-es tag-montardo-es tag-montsaliente-es tag-pallars-jussa-es tag-pallars-sobira-es tag-parc-nacional-daiguestortes-i-estany-de-sant-maurici-es tag-pic-damitges-es tag-pic-de-bassiero-es tag-pic-de-bergus-es tag-pic-de-comalesbienes-es tag-pic-de-contraix-es tag-pic-de-la-pala-pedregosa-es tag-pic-de-mainera-es tag-pic-de-mariolo-es tag-pic-de-monestero-es tag-pic-de-peguera-es tag-pic-de-quartiules-es tag-pic-de-ratera-es tag-pic-de-saburo-es tag-pic-de-subenuix-es tag-pic-de-tort-es tag-pic-del-pineto-es tag-pic-del-portarro-es tag-pic-dels-vidals-es tag-punta-alta-de-comalesbienes-es tag-punta-brulle-es tag-refugi-damitges-es tag-refugi-de-colomers-es tag-refugi-de-colomina-es tag-refugi-de-gerdar-es tag-refugi-de-la-restanca-es tag-refugi-de-saboredo-es tag-refugi-ernest-mallafre-es tag-refugi-estany-llong-es tag-refugi-jm-blanch-es tag-refugi-pla-de-la-font-es tag-refugi-ventosa-i-calvell-es tag-roca-blanca-es tag-ruta-dels-9-refugis-es tag-sant-maurici-es tag-tesso-de-son-es tag-tuc-de-saboredo-es tag-tumeneis-es tag-val-daran-es tag-vall-de-boi-es\" role=\"listitem\">\n\t\t\t\t<a class=\"elementor-post__thumbnail__link\" href=\"https:\/\/rutesentrerefugis.com\/index.php\/es\/2018\/04\/22\/carros-de-foc-es\/\" tabindex=\"-1\" >\n\t\t\t<div class=\"elementor-post__thumbnail\"><img loading=\"lazy\" decoding=\"async\" width=\"300\" height=\"210\" src=\"https:\/\/rutesentrerefugis.com\/wp-content\/uploads\/2022\/10\/Carros-de-Foc-NW-300x210.jpg\" class=\"attachment-medium size-medium wp-image-1919\" alt=\"\" srcset=\"https:\/\/rutesentrerefugis.com\/wp-content\/uploads\/2022\/10\/Carros-de-Foc-NW-300x210.jpg 300w, https:\/\/rutesentrerefugis.com\/wp-content\/uploads\/2022\/10\/Carros-de-Foc-NW.jpg 400w\" sizes=\"(max-width: 300px) 100vw, 300px\" \/><\/div>\n\t\t<\/a>\n\t\t\t\t<div class=\"elementor-post__text\">\n\t\t\t\t<h3 class=\"elementor-post__title\">\n\t\t\t<a href=\"https:\/\/rutesentrerefugis.com\/index.php\/es\/2018\/04\/22\/carros-de-foc-es\/\" >\n\t\t\t\tCARROS DE FOC\t\t\t<\/a>\n\t\t<\/h3>\n\t\t\t\t<div class=\"elementor-post__meta-data\">\n\t\t\t\t\t<span class=\"elementor-post-date\">\n\t\t\t22\/04\/2018\t\t<\/span>\n\t\t\t\t<\/div>\n\t\t\t\t<\/div>\n\t\t\t\t<\/article>\n\t\t\t\t<\/div>\n\t\t\n\t\t\t\t\t\t<\/div>\n\t\t\t\t<\/div>\n\t\t\t\t\t<\/div>\n\t\t<\/div>\n\t\t\t\t\t<\/div>\n\t\t<\/section>\n\t\t\t\t<section class=\"elementor-section elementor-top-section elementor-element elementor-element-c1eca68 elementor-section-full_width elementor-section-height-default elementor-section-height-default\" data-id=\"c1eca68\" data-element_type=\"section\" data-e-type=\"section\">\n\t\t\t\t\t\t<div class=\"elementor-container elementor-column-gap-default\">\n\t\t\t\t\t<div class=\"elementor-column elementor-col-100 elementor-top-column elementor-element elementor-element-5aad507\" data-id=\"5aad507\" data-element_type=\"column\" data-e-type=\"column\">\n\t\t\t<div class=\"elementor-widget-wrap elementor-element-populated\">\n\t\t\t\t\t\t<div class=\"elementor-element elementor-element-b0eca39 elementor-widget-divider--view-line elementor-widget elementor-widget-divider\" data-id=\"b0eca39\" data-element_type=\"widget\" data-e-type=\"widget\" data-widget_type=\"divider.default\">\n\t\t\t\t<div class=\"elementor-widget-container\">\n\t\t\t\t\t\t\t<div class=\"elementor-divider\">\n\t\t\t<span class=\"elementor-divider-separator\">\n\t\t\t\t\t\t<\/span>\n\t\t<\/div>\n\t\t\t\t\t\t<\/div>\n\t\t\t\t<\/div>\n\t\t\t\t\t<\/div>\n\t\t<\/div>\n\t\t\t\t\t<\/div>\n\t\t<\/section>\n\t\t\t\t<section class=\"elementor-section elementor-top-section elementor-element elementor-element-2bfa9da elementor-section-full_width elementor-section-height-default elementor-section-height-default\" data-id=\"2bfa9da\" data-element_type=\"section\" data-e-type=\"section\">\n\t\t\t\t\t\t<div class=\"elementor-container elementor-column-gap-default\">\n\t\t\t\t\t<div class=\"elementor-column elementor-col-100 elementor-top-column elementor-element elementor-element-b1171a9\" data-id=\"b1171a9\" data-element_type=\"column\" data-e-type=\"column\">\n\t\t\t<div class=\"elementor-widget-wrap elementor-element-populated\">\n\t\t\t\t\t\t<div class=\"elementor-element elementor-element-f355afe elementor-widget elementor-widget-spacer\" data-id=\"f355afe\" data-element_type=\"widget\" data-e-type=\"widget\" data-widget_type=\"spacer.default\">\n\t\t\t\t<div class=\"elementor-widget-container\">\n\t\t\t\t\t\t\t<div class=\"elementor-spacer\">\n\t\t\t<div class=\"elementor-spacer-inner\"><\/div>\n\t\t<\/div>\n\t\t\t\t\t\t<\/div>\n\t\t\t\t<\/div>\n\t\t\t\t\t<\/div>\n\t\t<\/div>\n\t\t\t\t\t<\/div>\n\t\t<\/section>\n\t\t\t\t<\/div>\n\t\t","protected":false},"excerpt":{"rendered":"<p>\u00b7 CARROS DE FOC \u00b7 UBICACI\u00d3N P. N. d&#8217;Aig\u00fcestortes i Estany de Sant Maurici COMARCAS Pallars Juss\u00e0Pallars Sobir\u00e0Alta Ribagor\u00e7aVal d&#8217;Aran WEB &#8211; REDES SOCIALES www.carrosdefoc.com<\/p>\n","protected":false},"author":2,"featured_media":1919,"comment_status":"open","ping_status":"open","sticky":false,"template":"elementor_header_footer","format":"standard","meta":{"_monsterinsights_skip_tracking":false,"_monsterinsights_sitenote_active":false,"_monsterinsights_sitenote_note":"","_monsterinsights_sitenote_category":0,"footnotes":""},"categories":[7184,5424],"tags":[9342,9344,9346,9348,9350,5606,9352,9354,9356,9358,9360,5432,5434,5536,9362,9364,9366,9368,9370,9372,9374,9376,9378,8160,9380,9382,9384,9386,9388,9390,9392,9394,9396,9398,9400,9402,7214,9404,8352,9406,5446,5448,5450,9408,5456,9410,9412,5458,9414,9416,9418,5460,5462],"class_list":["post-1949","post","type-post","status-publish","format-standard","has-post-thumbnail","hentry","category-a-pie-es","category-pn-aiguestortes-es-es","tag-carros-de-foc-es","tag-carros-de-foc-open-es","tag-carros-de-foc-plus-es","tag-cresta-de-lavio-es","tag-encantat-gran-es","tag-espot-es","tag-gran-tuc-de-colomers-es","tag-la-creu-de-colomers-es","tag-milpotros-es","tag-montardo-es","tag-montsaliente-es","tag-pallars-jussa-es","tag-pallars-sobira-es","tag-parc-nacional-daiguestortes-i-estany-de-sant-maurici-es","tag-pic-damitges-es","tag-pic-de-bassiero-es","tag-pic-de-bergus-es","tag-pic-de-comalesbienes-es","tag-pic-de-contraix-es","tag-pic-de-la-pala-pedregosa-es","tag-pic-de-mainera-es","tag-pic-de-mariolo-es","tag-pic-de-monestero-es","tag-pic-de-peguera-es","tag-pic-de-quartiules-es","tag-pic-de-ratera-es","tag-pic-de-saburo-es","tag-pic-de-subenuix-es","tag-pic-de-tort-es","tag-pic-del-pineto-es","tag-pic-del-portarro-es","tag-pic-dels-vidals-es","tag-punta-alta-de-comalesbienes-es","tag-punta-brulle-es","tag-refugi-damitges-es","tag-refugi-de-colomers-es","tag-refugi-de-colomina-es","tag-refugi-de-gerdar-es","tag-refugi-de-la-restanca-es","tag-refugi-de-saboredo-es","tag-refugi-ernest-mallafre-es","tag-refugi-estany-llong-es","tag-refugi-jm-blanch-es","tag-refugi-pla-de-la-font-es","tag-refugi-ventosa-i-calvell-es","tag-roca-blanca-es","tag-ruta-dels-9-refugis-es","tag-sant-maurici-es","tag-tesso-de-son-es","tag-tuc-de-saboredo-es","tag-tumeneis-es","tag-val-daran-es","tag-vall-de-boi-es"],"yoast_head":"<!-- This site is optimized with the Yoast SEO plugin v27.5 - https:\/\/yoast.com\/product\/yoast-seo-wordpress\/ -->\n<title>CARROS DE FOC - Rutes Entre Refugis<\/title>\n<meta name=\"robots\" content=\"index, follow, max-snippet:-1, max-image-preview:large, max-video-preview:-1\" \/>\n<link rel=\"canonical\" href=\"https:\/\/rutesentrerefugis.com\/index.php\/es\/2018\/04\/22\/carros-de-foc-es\/\" \/>\n<meta property=\"og:locale\" content=\"es_ES\" \/>\n<meta property=\"og:type\" content=\"article\" \/>\n<meta property=\"og:title\" content=\"CARROS DE FOC - Rutes Entre Refugis\" \/>\n<meta property=\"og:description\" content=\"\u00b7 CARROS DE FOC \u00b7 UBICACI\u00d3N P. N. d&#8217;Aig\u00fcestortes i Estany de Sant Maurici COMARCAS Pallars Juss\u00e0Pallars Sobir\u00e0Alta Ribagor\u00e7aVal d&#8217;Aran WEB &#8211; REDES SOCIALES www.carrosdefoc.com\" \/>\n<meta property=\"og:url\" content=\"https:\/\/rutesentrerefugis.com\/index.php\/es\/2018\/04\/22\/carros-de-foc-es\/\" \/>\n<meta property=\"og:site_name\" content=\"Rutes Entre Refugis\" \/>\n<meta property=\"article:published_time\" content=\"2018-04-22T17:13:00+00:00\" \/>\n<meta property=\"article:modified_time\" content=\"2024-07-20T11:33:26+00:00\" \/>\n<meta property=\"og:image\" content=\"https:\/\/rutesentrerefugis.com\/wp-content\/uploads\/2022\/10\/Carros-de-Foc-NW.jpg\" \/>\n\t<meta property=\"og:image:width\" content=\"400\" \/>\n\t<meta property=\"og:image:height\" content=\"280\" \/>\n\t<meta property=\"og:image:type\" content=\"image\/jpeg\" \/>\n<meta name=\"author\" content=\"Rutes Entre Refugis\" \/>\n<meta name=\"twitter:card\" content=\"summary_large_image\" \/>\n<meta name=\"twitter:label1\" content=\"Escrito por\" \/>\n\t<meta name=\"twitter:data1\" content=\"Rutes Entre Refugis\" \/>\n\t<meta name=\"twitter:label2\" content=\"Tiempo de lectura\" \/>\n\t<meta name=\"twitter:data2\" content=\"6 minutos\" \/>\n<script type=\"application\/ld+json\" class=\"yoast-schema-graph\">{\"@context\":\"https:\\\/\\\/schema.org\",\"@graph\":[{\"@type\":\"Article\",\"@id\":\"https:\\\/\\\/rutesentrerefugis.com\\\/index.php\\\/es\\\/2018\\\/04\\\/22\\\/carros-de-foc-es\\\/#article\",\"isPartOf\":{\"@id\":\"https:\\\/\\\/rutesentrerefugis.com\\\/index.php\\\/es\\\/2018\\\/04\\\/22\\\/carros-de-foc-es\\\/\"},\"author\":{\"name\":\"Rutes Entre Refugis\",\"@id\":\"https:\\\/\\\/rutesentrerefugis.com\\\/#\\\/schema\\\/person\\\/6e6f59c84210840610f19bafce39adc2\"},\"headline\":\"CARROS DE FOC\",\"datePublished\":\"2018-04-22T17:13:00+00:00\",\"dateModified\":\"2024-07-20T11:33:26+00:00\",\"mainEntityOfPage\":{\"@id\":\"https:\\\/\\\/rutesentrerefugis.com\\\/index.php\\\/es\\\/2018\\\/04\\\/22\\\/carros-de-foc-es\\\/\"},\"wordCount\":337,\"commentCount\":0,\"publisher\":{\"@id\":\"https:\\\/\\\/rutesentrerefugis.com\\\/#organization\"},\"image\":{\"@id\":\"https:\\\/\\\/rutesentrerefugis.com\\\/index.php\\\/es\\\/2018\\\/04\\\/22\\\/carros-de-foc-es\\\/#primaryimage\"},\"thumbnailUrl\":\"https:\\\/\\\/rutesentrerefugis.com\\\/wp-content\\\/uploads\\\/2022\\\/10\\\/Carros-de-Foc-NW.jpg\",\"keywords\":[\"Carros de Foc\",\"Carros de Foc Open\",\"Carros de Foc Plus\",\"Cresta de l&#039;Avi\u00f3\",\"Encantat Gran\",\"Espot\",\"Gran Tuc de Colomers\",\"La Creu de Colomers\",\"Milpotros\",\"Montardo\",\"Montsaliente\",\"Pallars Jussa\",\"Pallars Sobira\",\"Parc Nacional d\u2019Aig\u00fcestortes i Estany de Sant Maurici\",\"Pic d&#039;Amitges\",\"Pic de Bassiero\",\"Pic de Bergus\",\"Pic de Comalesbienes\",\"Pic de Contraix\",\"Pic de la Pala Pedregosa\",\"Pic de Mainera\",\"Pic de Mariolo\",\"Pic de Monestero\",\"Pic de Peguera\",\"Pic de Quartiules\",\"Pic de Ratera\",\"Pic de Saburo\",\"Pic de Subenuix\",\"Pic de Tort\",\"Pic del Pineto\",\"Pic del Portarro\",\"Pic dels Vidals\",\"Punta Alta de Comalesbienes\",\"Punta Brulle\",\"Refugi d&#039;Amitges\",\"Refugi de Colomers\",\"Refugi de Colomina\",\"Refugi de Gerdar\",\"Refugi de la Restanca\",\"Refugi de Saboredo\",\"Refugi Ernest Mallafre\",\"Refugi Estany Llong\",\"Refugi JM Blanch\",\"Refugi Pla de la Font\",\"Refugi Ventosa i Calvell\",\"Roca Blanca\",\"Ruta dels 9 Refugis\",\"Sant Maurici\",\"Tess\u00f3 de Son\",\"Tuc de Saboredo\",\"Tumeneis\",\"Val d\u2019Aran\",\"Vall de Boi\"],\"articleSection\":[\"A Pie\",\"PN Aiguestortes.\"],\"inLanguage\":\"es\",\"potentialAction\":[{\"@type\":\"CommentAction\",\"name\":\"Comment\",\"target\":[\"https:\\\/\\\/rutesentrerefugis.com\\\/index.php\\\/es\\\/2018\\\/04\\\/22\\\/carros-de-foc-es\\\/#respond\"]}]},{\"@type\":\"WebPage\",\"@id\":\"https:\\\/\\\/rutesentrerefugis.com\\\/index.php\\\/es\\\/2018\\\/04\\\/22\\\/carros-de-foc-es\\\/\",\"url\":\"https:\\\/\\\/rutesentrerefugis.com\\\/index.php\\\/es\\\/2018\\\/04\\\/22\\\/carros-de-foc-es\\\/\",\"name\":\"CARROS DE FOC - Rutes Entre Refugis\",\"isPartOf\":{\"@id\":\"https:\\\/\\\/rutesentrerefugis.com\\\/#website\"},\"primaryImageOfPage\":{\"@id\":\"https:\\\/\\\/rutesentrerefugis.com\\\/index.php\\\/es\\\/2018\\\/04\\\/22\\\/carros-de-foc-es\\\/#primaryimage\"},\"image\":{\"@id\":\"https:\\\/\\\/rutesentrerefugis.com\\\/index.php\\\/es\\\/2018\\\/04\\\/22\\\/carros-de-foc-es\\\/#primaryimage\"},\"thumbnailUrl\":\"https:\\\/\\\/rutesentrerefugis.com\\\/wp-content\\\/uploads\\\/2022\\\/10\\\/Carros-de-Foc-NW.jpg\",\"datePublished\":\"2018-04-22T17:13:00+00:00\",\"dateModified\":\"2024-07-20T11:33:26+00:00\",\"breadcrumb\":{\"@id\":\"https:\\\/\\\/rutesentrerefugis.com\\\/index.php\\\/es\\\/2018\\\/04\\\/22\\\/carros-de-foc-es\\\/#breadcrumb\"},\"inLanguage\":\"es\",\"potentialAction\":[{\"@type\":\"ReadAction\",\"target\":[\"https:\\\/\\\/rutesentrerefugis.com\\\/index.php\\\/es\\\/2018\\\/04\\\/22\\\/carros-de-foc-es\\\/\"]}]},{\"@type\":\"ImageObject\",\"inLanguage\":\"es\",\"@id\":\"https:\\\/\\\/rutesentrerefugis.com\\\/index.php\\\/es\\\/2018\\\/04\\\/22\\\/carros-de-foc-es\\\/#primaryimage\",\"url\":\"https:\\\/\\\/rutesentrerefugis.com\\\/wp-content\\\/uploads\\\/2022\\\/10\\\/Carros-de-Foc-NW.jpg\",\"contentUrl\":\"https:\\\/\\\/rutesentrerefugis.com\\\/wp-content\\\/uploads\\\/2022\\\/10\\\/Carros-de-Foc-NW.jpg\",\"width\":400,\"height\":280},{\"@type\":\"BreadcrumbList\",\"@id\":\"https:\\\/\\\/rutesentrerefugis.com\\\/index.php\\\/es\\\/2018\\\/04\\\/22\\\/carros-de-foc-es\\\/#breadcrumb\",\"itemListElement\":[{\"@type\":\"ListItem\",\"position\":1,\"name\":\"Inici\",\"item\":\"https:\\\/\\\/rutesentrerefugis.com\\\/\"},{\"@type\":\"ListItem\",\"position\":2,\"name\":\"CARROS DE FOC\"}]},{\"@type\":\"WebSite\",\"@id\":\"https:\\\/\\\/rutesentrerefugis.com\\\/#website\",\"url\":\"https:\\\/\\\/rutesentrerefugis.com\\\/\",\"name\":\"Rutes Entre Refugis\",\"description\":\"Caminant sota un nom\",\"publisher\":{\"@id\":\"https:\\\/\\\/rutesentrerefugis.com\\\/#organization\"},\"potentialAction\":[{\"@type\":\"SearchAction\",\"target\":{\"@type\":\"EntryPoint\",\"urlTemplate\":\"https:\\\/\\\/rutesentrerefugis.com\\\/?s={search_term_string}\"},\"query-input\":{\"@type\":\"PropertyValueSpecification\",\"valueRequired\":true,\"valueName\":\"search_term_string\"}}],\"inLanguage\":\"es\"},{\"@type\":\"Organization\",\"@id\":\"https:\\\/\\\/rutesentrerefugis.com\\\/#organization\",\"name\":\"Rutes Entre Refugis\",\"url\":\"https:\\\/\\\/rutesentrerefugis.com\\\/\",\"logo\":{\"@type\":\"ImageObject\",\"inLanguage\":\"es\",\"@id\":\"https:\\\/\\\/rutesentrerefugis.com\\\/#\\\/schema\\\/logo\\\/image\\\/\",\"url\":\"https:\\\/\\\/rutesentrerefugis.com\\\/wp-content\\\/uploads\\\/2022\\\/08\\\/RutesEntreRefugis-Blanc-Retina-1.png\",\"contentUrl\":\"https:\\\/\\\/rutesentrerefugis.com\\\/wp-content\\\/uploads\\\/2022\\\/08\\\/RutesEntreRefugis-Blanc-Retina-1.png\",\"width\":400,\"height\":400,\"caption\":\"Rutes Entre Refugis\"},\"image\":{\"@id\":\"https:\\\/\\\/rutesentrerefugis.com\\\/#\\\/schema\\\/logo\\\/image\\\/\"}},{\"@type\":\"Person\",\"@id\":\"https:\\\/\\\/rutesentrerefugis.com\\\/#\\\/schema\\\/person\\\/6e6f59c84210840610f19bafce39adc2\",\"name\":\"Rutes Entre Refugis\",\"image\":{\"@type\":\"ImageObject\",\"inLanguage\":\"es\",\"@id\":\"https:\\\/\\\/rutesentrerefugis.com\\\/wp-content\\\/uploads\\\/2023\\\/05\\\/avatar_user_2_1683354561-96x96.jpg\",\"url\":\"https:\\\/\\\/rutesentrerefugis.com\\\/wp-content\\\/uploads\\\/2023\\\/05\\\/avatar_user_2_1683354561-96x96.jpg\",\"contentUrl\":\"https:\\\/\\\/rutesentrerefugis.com\\\/wp-content\\\/uploads\\\/2023\\\/05\\\/avatar_user_2_1683354561-96x96.jpg\",\"caption\":\"Rutes Entre Refugis\"},\"url\":\"https:\\\/\\\/rutesentrerefugis.com\\\/index.php\\\/author\\\/entre-refugis\\\/\"}]}<\/script>\n<!-- \/ Yoast SEO plugin. -->","yoast_head_json":{"title":"CARROS DE FOC - Rutes Entre Refugis","robots":{"index":"index","follow":"follow","max-snippet":"max-snippet:-1","max-image-preview":"max-image-preview:large","max-video-preview":"max-video-preview:-1"},"canonical":"https:\/\/rutesentrerefugis.com\/index.php\/es\/2018\/04\/22\/carros-de-foc-es\/","og_locale":"es_ES","og_type":"article","og_title":"CARROS DE FOC - Rutes Entre Refugis","og_description":"\u00b7 CARROS DE FOC \u00b7 UBICACI\u00d3N P. N. d&#8217;Aig\u00fcestortes i Estany de Sant Maurici COMARCAS Pallars Juss\u00e0Pallars Sobir\u00e0Alta Ribagor\u00e7aVal d&#8217;Aran WEB &#8211; REDES SOCIALES www.carrosdefoc.com","og_url":"https:\/\/rutesentrerefugis.com\/index.php\/es\/2018\/04\/22\/carros-de-foc-es\/","og_site_name":"Rutes Entre Refugis","article_published_time":"2018-04-22T17:13:00+00:00","article_modified_time":"2024-07-20T11:33:26+00:00","og_image":[{"width":400,"height":280,"url":"https:\/\/rutesentrerefugis.com\/wp-content\/uploads\/2022\/10\/Carros-de-Foc-NW.jpg","type":"image\/jpeg"}],"author":"Rutes Entre Refugis","twitter_card":"summary_large_image","twitter_misc":{"Escrito por":"Rutes Entre Refugis","Tiempo de lectura":"6 minutos"},"schema":{"@context":"https:\/\/schema.org","@graph":[{"@type":"Article","@id":"https:\/\/rutesentrerefugis.com\/index.php\/es\/2018\/04\/22\/carros-de-foc-es\/#article","isPartOf":{"@id":"https:\/\/rutesentrerefugis.com\/index.php\/es\/2018\/04\/22\/carros-de-foc-es\/"},"author":{"name":"Rutes Entre Refugis","@id":"https:\/\/rutesentrerefugis.com\/#\/schema\/person\/6e6f59c84210840610f19bafce39adc2"},"headline":"CARROS DE FOC","datePublished":"2018-04-22T17:13:00+00:00","dateModified":"2024-07-20T11:33:26+00:00","mainEntityOfPage":{"@id":"https:\/\/rutesentrerefugis.com\/index.php\/es\/2018\/04\/22\/carros-de-foc-es\/"},"wordCount":337,"commentCount":0,"publisher":{"@id":"https:\/\/rutesentrerefugis.com\/#organization"},"image":{"@id":"https:\/\/rutesentrerefugis.com\/index.php\/es\/2018\/04\/22\/carros-de-foc-es\/#primaryimage"},"thumbnailUrl":"https:\/\/rutesentrerefugis.com\/wp-content\/uploads\/2022\/10\/Carros-de-Foc-NW.jpg","keywords":["Carros de Foc","Carros de Foc Open","Carros de Foc Plus","Cresta de l&#039;Avi\u00f3","Encantat Gran","Espot","Gran Tuc de Colomers","La Creu de Colomers","Milpotros","Montardo","Montsaliente","Pallars Jussa","Pallars Sobira","Parc Nacional d\u2019Aig\u00fcestortes i Estany de Sant Maurici","Pic d&#039;Amitges","Pic de Bassiero","Pic de Bergus","Pic de Comalesbienes","Pic de Contraix","Pic de la Pala Pedregosa","Pic de Mainera","Pic de Mariolo","Pic de Monestero","Pic de Peguera","Pic de Quartiules","Pic de Ratera","Pic de Saburo","Pic de Subenuix","Pic de Tort","Pic del Pineto","Pic del Portarro","Pic dels Vidals","Punta Alta de Comalesbienes","Punta Brulle","Refugi d&#039;Amitges","Refugi de Colomers","Refugi de Colomina","Refugi de Gerdar","Refugi de la Restanca","Refugi de Saboredo","Refugi Ernest Mallafre","Refugi Estany Llong","Refugi JM Blanch","Refugi Pla de la Font","Refugi Ventosa i Calvell","Roca Blanca","Ruta dels 9 Refugis","Sant Maurici","Tess\u00f3 de Son","Tuc de Saboredo","Tumeneis","Val d\u2019Aran","Vall de Boi"],"articleSection":["A Pie","PN Aiguestortes."],"inLanguage":"es","potentialAction":[{"@type":"CommentAction","name":"Comment","target":["https:\/\/rutesentrerefugis.com\/index.php\/es\/2018\/04\/22\/carros-de-foc-es\/#respond"]}]},{"@type":"WebPage","@id":"https:\/\/rutesentrerefugis.com\/index.php\/es\/2018\/04\/22\/carros-de-foc-es\/","url":"https:\/\/rutesentrerefugis.com\/index.php\/es\/2018\/04\/22\/carros-de-foc-es\/","name":"CARROS DE FOC - Rutes Entre Refugis","isPartOf":{"@id":"https:\/\/rutesentrerefugis.com\/#website"},"primaryImageOfPage":{"@id":"https:\/\/rutesentrerefugis.com\/index.php\/es\/2018\/04\/22\/carros-de-foc-es\/#primaryimage"},"image":{"@id":"https:\/\/rutesentrerefugis.com\/index.php\/es\/2018\/04\/22\/carros-de-foc-es\/#primaryimage"},"thumbnailUrl":"https:\/\/rutesentrerefugis.com\/wp-content\/uploads\/2022\/10\/Carros-de-Foc-NW.jpg","datePublished":"2018-04-22T17:13:00+00:00","dateModified":"2024-07-20T11:33:26+00:00","breadcrumb":{"@id":"https:\/\/rutesentrerefugis.com\/index.php\/es\/2018\/04\/22\/carros-de-foc-es\/#breadcrumb"},"inLanguage":"es","potentialAction":[{"@type":"ReadAction","target":["https:\/\/rutesentrerefugis.com\/index.php\/es\/2018\/04\/22\/carros-de-foc-es\/"]}]},{"@type":"ImageObject","inLanguage":"es","@id":"https:\/\/rutesentrerefugis.com\/index.php\/es\/2018\/04\/22\/carros-de-foc-es\/#primaryimage","url":"https:\/\/rutesentrerefugis.com\/wp-content\/uploads\/2022\/10\/Carros-de-Foc-NW.jpg","contentUrl":"https:\/\/rutesentrerefugis.com\/wp-content\/uploads\/2022\/10\/Carros-de-Foc-NW.jpg","width":400,"height":280},{"@type":"BreadcrumbList","@id":"https:\/\/rutesentrerefugis.com\/index.php\/es\/2018\/04\/22\/carros-de-foc-es\/#breadcrumb","itemListElement":[{"@type":"ListItem","position":1,"name":"Inici","item":"https:\/\/rutesentrerefugis.com\/"},{"@type":"ListItem","position":2,"name":"CARROS DE FOC"}]},{"@type":"WebSite","@id":"https:\/\/rutesentrerefugis.com\/#website","url":"https:\/\/rutesentrerefugis.com\/","name":"Rutes Entre Refugis","description":"Caminant sota un nom","publisher":{"@id":"https:\/\/rutesentrerefugis.com\/#organization"},"potentialAction":[{"@type":"SearchAction","target":{"@type":"EntryPoint","urlTemplate":"https:\/\/rutesentrerefugis.com\/?s={search_term_string}"},"query-input":{"@type":"PropertyValueSpecification","valueRequired":true,"valueName":"search_term_string"}}],"inLanguage":"es"},{"@type":"Organization","@id":"https:\/\/rutesentrerefugis.com\/#organization","name":"Rutes Entre Refugis","url":"https:\/\/rutesentrerefugis.com\/","logo":{"@type":"ImageObject","inLanguage":"es","@id":"https:\/\/rutesentrerefugis.com\/#\/schema\/logo\/image\/","url":"https:\/\/rutesentrerefugis.com\/wp-content\/uploads\/2022\/08\/RutesEntreRefugis-Blanc-Retina-1.png","contentUrl":"https:\/\/rutesentrerefugis.com\/wp-content\/uploads\/2022\/08\/RutesEntreRefugis-Blanc-Retina-1.png","width":400,"height":400,"caption":"Rutes Entre Refugis"},"image":{"@id":"https:\/\/rutesentrerefugis.com\/#\/schema\/logo\/image\/"}},{"@type":"Person","@id":"https:\/\/rutesentrerefugis.com\/#\/schema\/person\/6e6f59c84210840610f19bafce39adc2","name":"Rutes Entre Refugis","image":{"@type":"ImageObject","inLanguage":"es","@id":"https:\/\/rutesentrerefugis.com\/wp-content\/uploads\/2023\/05\/avatar_user_2_1683354561-96x96.jpg","url":"https:\/\/rutesentrerefugis.com\/wp-content\/uploads\/2023\/05\/avatar_user_2_1683354561-96x96.jpg","contentUrl":"https:\/\/rutesentrerefugis.com\/wp-content\/uploads\/2023\/05\/avatar_user_2_1683354561-96x96.jpg","caption":"Rutes Entre Refugis"},"url":"https:\/\/rutesentrerefugis.com\/index.php\/author\/entre-refugis\/"}]}},"_links":{"self":[{"href":"https:\/\/rutesentrerefugis.com\/index.php\/wp-json\/wp\/v2\/posts\/1949","targetHints":{"allow":["GET"]}}],"collection":[{"href":"https:\/\/rutesentrerefugis.com\/index.php\/wp-json\/wp\/v2\/posts"}],"about":[{"href":"https:\/\/rutesentrerefugis.com\/index.php\/wp-json\/wp\/v2\/types\/post"}],"author":[{"embeddable":true,"href":"https:\/\/rutesentrerefugis.com\/index.php\/wp-json\/wp\/v2\/users\/2"}],"replies":[{"embeddable":true,"href":"https:\/\/rutesentrerefugis.com\/index.php\/wp-json\/wp\/v2\/comments?post=1949"}],"version-history":[{"count":40,"href":"https:\/\/rutesentrerefugis.com\/index.php\/wp-json\/wp\/v2\/posts\/1949\/revisions"}],"predecessor-version":[{"id":21894,"href":"https:\/\/rutesentrerefugis.com\/index.php\/wp-json\/wp\/v2\/posts\/1949\/revisions\/21894"}],"wp:featuredmedia":[{"embeddable":true,"href":"https:\/\/rutesentrerefugis.com\/index.php\/wp-json\/wp\/v2\/media\/1919"}],"wp:attachment":[{"href":"https:\/\/rutesentrerefugis.com\/index.php\/wp-json\/wp\/v2\/media?parent=1949"}],"wp:term":[{"taxonomy":"category","embeddable":true,"href":"https:\/\/rutesentrerefugis.com\/index.php\/wp-json\/wp\/v2\/categories?post=1949"},{"taxonomy":"post_tag","embeddable":true,"href":"https:\/\/rutesentrerefugis.com\/index.php\/wp-json\/wp\/v2\/tags?post=1949"}],"curies":[{"name":"wp","href":"https:\/\/api.w.org\/{rel}","templated":true}]}}