{"id":22377,"date":"2024-01-22T16:12:45","date_gmt":"2024-01-22T16:12:45","guid":{"rendered":"https:\/\/rutesentrerefugis.com\/?p=22377"},"modified":"2024-08-22T16:32:15","modified_gmt":"2024-08-22T16:32:15","slug":"andorra-bike-3-naciones","status":"publish","type":"post","link":"https:\/\/rutesentrerefugis.com\/index.php\/es\/2024\/01\/22\/andorra-bike-3-naciones\/","title":{"rendered":"ANDORRA BIKE 3 NACIONES"},"content":{"rendered":"\t\t<div data-elementor-type=\"wp-post\" data-elementor-id=\"22377\" class=\"elementor elementor-22377\" data-elementor-post-type=\"post\">\n\t\t\t\t\t\t<section class=\"elementor-section elementor-top-section elementor-element elementor-element-56de444 elementor-section-full_width elementor-section-height-default elementor-section-height-default\" data-id=\"56de444\" data-element_type=\"section\" data-e-type=\"section\" data-settings=\"{&quot;background_background&quot;:&quot;classic&quot;}\">\n\t\t\t\t\t\t<div class=\"elementor-container elementor-column-gap-default\">\n\t\t\t\t\t<div class=\"elementor-column elementor-col-100 elementor-top-column elementor-element elementor-element-97fcd65\" data-id=\"97fcd65\" data-element_type=\"column\" data-e-type=\"column\">\n\t\t\t<div class=\"elementor-widget-wrap elementor-element-populated\">\n\t\t\t\t\t\t<div class=\"elementor-element elementor-element-9fc429e elementor-widget elementor-widget-image\" data-id=\"9fc429e\" data-element_type=\"widget\" data-e-type=\"widget\" data-widget_type=\"image.default\">\n\t\t\t\t<div class=\"elementor-widget-container\">\n\t\t\t\t\t\t\t\t\t\t\t\t\t\t\t<img fetchpriority=\"high\" decoding=\"async\" width=\"2000\" height=\"450\" src=\"https:\/\/rutesentrerefugis.com\/wp-content\/uploads\/2022\/08\/Cicloturisme-Banner.jpg\" class=\"attachment-full size-full wp-image-863\" alt=\"Rutes Entre Refugis\" srcset=\"https:\/\/rutesentrerefugis.com\/wp-content\/uploads\/2022\/08\/Cicloturisme-Banner.jpg 2000w, https:\/\/rutesentrerefugis.com\/wp-content\/uploads\/2022\/08\/Cicloturisme-Banner-300x68.jpg 300w, https:\/\/rutesentrerefugis.com\/wp-content\/uploads\/2022\/08\/Cicloturisme-Banner-1024x230.jpg 1024w, https:\/\/rutesentrerefugis.com\/wp-content\/uploads\/2022\/08\/Cicloturisme-Banner-768x173.jpg 768w, https:\/\/rutesentrerefugis.com\/wp-content\/uploads\/2022\/08\/Cicloturisme-Banner-1536x346.jpg 1536w\" sizes=\"(max-width: 2000px) 100vw, 2000px\" \/>\t\t\t\t\t\t\t\t\t\t\t\t\t\t\t<\/div>\n\t\t\t\t<\/div>\n\t\t\t\t\t<\/div>\n\t\t<\/div>\n\t\t\t\t\t<\/div>\n\t\t<\/section>\n\t\t\t\t<section class=\"elementor-section elementor-top-section elementor-element elementor-element-8fb9e08 elementor-section-full_width elementor-section-height-default elementor-section-height-default\" data-id=\"8fb9e08\" data-element_type=\"section\" data-e-type=\"section\" data-settings=\"{&quot;background_background&quot;:&quot;classic&quot;}\">\n\t\t\t\t\t\t<div class=\"elementor-container elementor-column-gap-default\">\n\t\t\t\t\t<div class=\"elementor-column elementor-col-100 elementor-top-column elementor-element elementor-element-26b1a68\" data-id=\"26b1a68\" data-element_type=\"column\" data-e-type=\"column\">\n\t\t\t<div class=\"elementor-widget-wrap elementor-element-populated\">\n\t\t\t\t\t\t<div class=\"elementor-element elementor-element-76dc064 elementor-widget elementor-widget-heading\" data-id=\"76dc064\" data-element_type=\"widget\" data-e-type=\"widget\" data-widget_type=\"heading.default\">\n\t\t\t\t<div class=\"elementor-widget-container\">\n\t\t\t\t\t<h1 class=\"elementor-heading-title elementor-size-default\">\u00b7 <font color=\"#000000\">ANDORRA BIKE 3 NACIONES<\/font> \u00b7<\/h1>\t\t\t\t<\/div>\n\t\t\t\t<\/div>\n\t\t\t\t\t<\/div>\n\t\t<\/div>\n\t\t\t\t\t<\/div>\n\t\t<\/section>\n\t\t\t\t<section class=\"elementor-section elementor-top-section elementor-element elementor-element-6951ece elementor-section-full_width elementor-section-height-default elementor-section-height-default\" data-id=\"6951ece\" data-element_type=\"section\" data-e-type=\"section\" data-settings=\"{&quot;background_background&quot;:&quot;classic&quot;}\">\n\t\t\t\t\t\t<div class=\"elementor-container elementor-column-gap-default\">\n\t\t\t\t\t<div class=\"elementor-column elementor-col-100 elementor-top-column elementor-element elementor-element-d3e256c\" data-id=\"d3e256c\" data-element_type=\"column\" data-e-type=\"column\">\n\t\t\t<div class=\"elementor-widget-wrap elementor-element-populated\">\n\t\t\t\t\t\t<div class=\"elementor-element elementor-element-556ba83 elementor-widget-divider--view-line elementor-widget elementor-widget-divider\" data-id=\"556ba83\" data-element_type=\"widget\" data-e-type=\"widget\" data-widget_type=\"divider.default\">\n\t\t\t\t<div class=\"elementor-widget-container\">\n\t\t\t\t\t\t\t<div class=\"elementor-divider\">\n\t\t\t<span class=\"elementor-divider-separator\">\n\t\t\t\t\t\t<\/span>\n\t\t<\/div>\n\t\t\t\t\t\t<\/div>\n\t\t\t\t<\/div>\n\t\t\t\t\t<\/div>\n\t\t<\/div>\n\t\t\t\t\t<\/div>\n\t\t<\/section>\n\t\t\t\t<section class=\"elementor-section elementor-top-section elementor-element elementor-element-84829cf elementor-section-full_width elementor-section-height-default elementor-section-height-default\" data-id=\"84829cf\" data-element_type=\"section\" data-e-type=\"section\">\n\t\t\t\t\t\t<div class=\"elementor-container elementor-column-gap-default\">\n\t\t\t\t\t<div class=\"elementor-column elementor-col-100 elementor-top-column elementor-element elementor-element-57cae14\" data-id=\"57cae14\" data-element_type=\"column\" data-e-type=\"column\">\n\t\t\t<div class=\"elementor-widget-wrap elementor-element-populated\">\n\t\t\t\t\t\t<div class=\"elementor-element elementor-element-bb17a24 elementor-widget elementor-widget-spacer\" data-id=\"bb17a24\" data-element_type=\"widget\" data-e-type=\"widget\" data-widget_type=\"spacer.default\">\n\t\t\t\t<div class=\"elementor-widget-container\">\n\t\t\t\t\t\t\t<div class=\"elementor-spacer\">\n\t\t\t<div class=\"elementor-spacer-inner\"><\/div>\n\t\t<\/div>\n\t\t\t\t\t\t<\/div>\n\t\t\t\t<\/div>\n\t\t\t\t\t<\/div>\n\t\t<\/div>\n\t\t\t\t\t<\/div>\n\t\t<\/section>\n\t\t\t\t<section class=\"elementor-section elementor-top-section elementor-element elementor-element-2d893be elementor-section-full_width elementor-section-height-default elementor-section-height-default\" data-id=\"2d893be\" data-element_type=\"section\" data-e-type=\"section\">\n\t\t\t\t\t\t<div class=\"elementor-container elementor-column-gap-default\">\n\t\t\t\t\t<div class=\"elementor-column elementor-col-33 elementor-top-column elementor-element elementor-element-7341d12\" data-id=\"7341d12\" data-element_type=\"column\" data-e-type=\"column\">\n\t\t\t<div class=\"elementor-widget-wrap elementor-element-populated\">\n\t\t\t\t\t\t<div class=\"elementor-element elementor-element-24d0f00 elementor-widget elementor-widget-text-editor\" data-id=\"24d0f00\" data-element_type=\"widget\" data-e-type=\"widget\" data-widget_type=\"text-editor.default\">\n\t\t\t\t<div class=\"elementor-widget-container\">\n\t\t\t\t\t\t\t\t\t<h5><span style=\"color: #b40404;\"><b><u>UBICACI\u00d3N<\/u><\/b><\/span><\/h5><h6><span style=\"color: #666666;\">Andorra<\/span><br \/><span style=\"color: #666666;\"><span style=\"caret-color: #666666;\">Ari\u00e8ge<\/span><br \/><br \/><span style=\"color: #666666;\">Capcir<\/span><br \/><\/span><br \/><span style=\"color: #666666;\">Catalunya<\/span><\/h6>\t\t\t\t\t\t\t\t<\/div>\n\t\t\t\t<\/div>\n\t\t\t\t<div class=\"elementor-element elementor-element-eb7cf05 elementor-widget elementor-widget-text-editor\" data-id=\"eb7cf05\" data-element_type=\"widget\" data-e-type=\"widget\" data-widget_type=\"text-editor.default\">\n\t\t\t\t<div class=\"elementor-widget-container\">\n\t\t\t\t\t\t\t\t\t<h5><span style=\"color: #b40404;\"><b><u>PARROQUIAS \/ COMARCAS<\/u><\/b><\/span><\/h5><h6><span style=\"color: #666666;\">Encamp<br \/>Canillo<br \/>Cerdanya<br \/>Alt Urgell<\/span><\/h6>\t\t\t\t\t\t\t\t<\/div>\n\t\t\t\t<\/div>\n\t\t\t\t<div class=\"elementor-element elementor-element-ea55cbe elementor-widget elementor-widget-text-editor\" data-id=\"ea55cbe\" data-element_type=\"widget\" data-e-type=\"widget\" data-widget_type=\"text-editor.default\">\n\t\t\t\t<div class=\"elementor-widget-container\">\n\t\t\t\t\t\t\t\t\t<h5><span style=\"color: #b40404;\"><b><u>WEB &#8211; REDES SOCIALES<\/u><\/b><\/span><\/h5><h6><span style=\"color: #666666;\"><a href=\"https:\/\/www.andorrabiketracks.com\/rutes-carretera\/\" target=\"_blank\" rel=\"noopener\"><span style=\"color: #666666;\">www.andorra-bike-tracks-road.com<\/span><\/a><\/span><\/h6><p><a href=\"https:\/\/www.facebook.com\/andorra.biketracks.5\" target=\"_blank\" rel=\"noopener\"><img decoding=\"async\" src=\"http:\/\/rutesentrerefugis.com\/wp-content\/uploads\/2021\/01\/Facebook-50x50-2.jpg\" width=\"50\" height=\"50\" \/><\/a> <a href=\"https:\/\/www.instagram.com\/andorra_bike_tracks\/\" target=\"_blank\" rel=\"noopener\"><img decoding=\"async\" src=\"http:\/\/rutesentrerefugis.com\/wp-content\/uploads\/2023\/04\/Instagram-50x50-1.jpg\" width=\"50\" height=\"50\" \/><\/a> <a href=\"https:\/\/www.youtube.com\/channel\/UCAFtd0moLfW5vp9ExvgDiGQ\" target=\"_blank\" rel=\"noopener\"><img loading=\"lazy\" decoding=\"async\" src=\"http:\/\/rutesentrerefugis.com\/wp-content\/uploads\/2023\/04\/YouTube-50x50-1.jpg\" width=\"50\" height=\"50\" \/><\/a><\/p>\t\t\t\t\t\t\t\t<\/div>\n\t\t\t\t<\/div>\n\t\t\t\t\t<\/div>\n\t\t<\/div>\n\t\t\t\t<div class=\"elementor-column elementor-col-33 elementor-top-column elementor-element elementor-element-b05ad06\" data-id=\"b05ad06\" data-element_type=\"column\" data-e-type=\"column\">\n\t\t\t<div class=\"elementor-widget-wrap elementor-element-populated\">\n\t\t\t\t\t\t<div class=\"elementor-element elementor-element-f7a318c elementor-widget elementor-widget-text-editor\" data-id=\"f7a318c\" data-element_type=\"widget\" data-e-type=\"widget\" data-widget_type=\"text-editor.default\">\n\t\t\t\t<div class=\"elementor-widget-container\">\n\t\t\t\t\t\t\t\t\t<h5><strong><span style=\"color: #000000;\"><u>NIVEL ALTO<\/u><\/span><\/strong><\/h5><h6><strong><span style=\"color: #b40404;\"><u>4 ETAPAS<\/u><\/span><\/strong><\/h6><h6><span style=\"color: #000000;\">393 kms | \u00b19.490 m<\/span><\/h6><h6><span style=\"color: #666666;\">Encamp &#8211; Soldeu<br \/>Soldeu &#8211; Puigcerd\u00e0<br \/>Puigcerd\u00e0 &#8211; \u00d3s de Civ\u00eds<br \/>\u00d3s de Civ\u00eds &#8211; Encamp<\/span><\/h6><h6><strong><span style=\"color: #b40404;\"><u>3 ETAPAS<\/u><\/span><\/strong><\/h6><h6><span style=\"color: #000000;\">332 kms | \u00b17.400 m<\/span><\/h6><h6><span style=\"color: #666666;\"><span style=\"caret-color: #666666;\">Encamp &#8211; Soldeu<br \/>Soldeu &#8211; Puigcerd\u00e0<br \/>Puigcerd\u00e0 &#8211; Encamp<\/span><\/span><\/h6>\t\t\t\t\t\t\t\t<\/div>\n\t\t\t\t<\/div>\n\t\t\t\t<div class=\"elementor-element elementor-element-d079ae3 elementor-widget elementor-widget-text-editor\" data-id=\"d079ae3\" data-element_type=\"widget\" data-e-type=\"widget\" data-widget_type=\"text-editor.default\">\n\t\t\t\t<div class=\"elementor-widget-container\">\n\t\t\t\t\t\t\t\t\t<h5><span style=\"color: #b40404;\"><b><u>DONDE DORMIR<\/u><\/b><\/span><\/h5><h6><a href=\"https:\/\/visitandorra.com\/es\/cultura\/encamp-!una-visita-llena-de-naturaleza-historia-y-cultura\/\" target=\"_blank\" rel=\"noopener\"><span style=\"color: #666666;\">Encamp (1.240 m)<\/span><\/a><br \/><a href=\"https:\/\/www.centraldereservas.com\/hoteles\/andorra\/canillo\/el-tarter\" target=\"_blank\" rel=\"noopener\"><span style=\"color: #666666;\">El Tarter (1.766 m)<\/span><\/a><br \/><a href=\"https:\/\/www.puigcerda.cat\/ca\/\" target=\"_blank\" rel=\"noopener\"><span style=\"color: #666666;\">Puigcerd\u00e0 (1.202 m)<\/span><\/a><br \/><a href=\"https:\/\/www.escapadarural.com\/que-hacer\/os-de-civis\" target=\"_blank\" rel=\"noopener\"><span style=\"color: #666666;\">Os de Civ\u00eds (1.492 m)<\/span><\/a><\/h6>\t\t\t\t\t\t\t\t<\/div>\n\t\t\t\t<\/div>\n\t\t\t\t\t<\/div>\n\t\t<\/div>\n\t\t\t\t<div class=\"elementor-column elementor-col-33 elementor-top-column elementor-element elementor-element-e3276c8\" data-id=\"e3276c8\" data-element_type=\"column\" data-e-type=\"column\">\n\t\t\t<div class=\"elementor-widget-wrap elementor-element-populated\">\n\t\t\t\t\t\t<div class=\"elementor-element elementor-element-c00e442 elementor-widget elementor-widget-text-editor\" data-id=\"c00e442\" data-element_type=\"widget\" data-e-type=\"widget\" data-widget_type=\"text-editor.default\">\n\t\t\t\t<div class=\"elementor-widget-container\">\n\t\t\t\t\t\t\t\t\t<h5><strong><span style=\"color: #000000;\"><u>NIVEL MEDIO<\/u><\/span><\/strong><\/h5>\n<h6><strong><span style=\"color: #b40404;\"><u>4 ETAPAS<\/u><\/span><\/strong><\/h6>\n<h6><span style=\"color: #000000;\">280 kms | <\/span><span style=\"color: #000000;\">\u00b1<\/span><span style=\"color: #000000;\">6.700 m<\/span><\/h6>\n<h6><span style=\"color: #666666;\">Encamp &#8211; Soldeu<\/br>\nSoldeu &#8211; Puigcerd\u00e0<\/br>\nPuigcerd\u00e0 &#8211; \u00d3s de Civ\u00eds<\/br>\n\u00d3s de Civ\u00eds &#8211; Encamp<\/span><\/h6>\n<h6><strong><span style=\"color: #b40404;\"><u>3 ETAPAS<\/u><\/span><\/strong><\/h6>\n<h6><span style=\"color: #000000;\">238 kms | \u00b15.200 m<\/span><\/h6>\n<h6><span style=\"color: #666666;\"><span style=\"caret-color: #666666;\">Encamp &#8211; Soldeu<\/br>\nSoldeu &#8211; Puigcerd\u00e0<\/br>\nPuigcerd\u00e0 &#8211; Encamp<\/span><\/span><\/h6>\t\t\t\t\t\t\t\t<\/div>\n\t\t\t\t<\/div>\n\t\t\t\t\t<\/div>\n\t\t<\/div>\n\t\t\t\t\t<\/div>\n\t\t<\/section>\n\t\t\t\t<section class=\"elementor-section elementor-top-section elementor-element elementor-element-f2b368e elementor-section-full_width elementor-section-height-default elementor-section-height-default\" data-id=\"f2b368e\" data-element_type=\"section\" data-e-type=\"section\">\n\t\t\t\t\t\t<div class=\"elementor-container elementor-column-gap-default\">\n\t\t\t\t\t<div class=\"elementor-column elementor-col-100 elementor-top-column elementor-element elementor-element-0e60613\" data-id=\"0e60613\" data-element_type=\"column\" data-e-type=\"column\">\n\t\t\t<div class=\"elementor-widget-wrap elementor-element-populated\">\n\t\t\t\t\t\t<div class=\"elementor-element elementor-element-b589226 elementor-widget elementor-widget-text-editor\" data-id=\"b589226\" data-element_type=\"widget\" data-e-type=\"widget\" data-widget_type=\"text-editor.default\">\n\t\t\t\t<div class=\"elementor-widget-container\">\n\t\t\t\t\t\t\t\t\t<iframe src=\"https:\/\/www.google.com\/maps\/d\/embed?mid=1PuSWGTBBx6n6g50FkyuCqGE4Uv_sp0k\" width=\"2000\" height=\"500\"><\/iframe>\t\t\t\t\t\t\t\t<\/div>\n\t\t\t\t<\/div>\n\t\t\t\t\t<\/div>\n\t\t<\/div>\n\t\t\t\t\t<\/div>\n\t\t<\/section>\n\t\t\t\t<section class=\"elementor-section elementor-top-section elementor-element elementor-element-3d9d705 elementor-section-full_width elementor-section-height-default elementor-section-height-default\" data-id=\"3d9d705\" data-element_type=\"section\" data-e-type=\"section\" data-settings=\"{&quot;background_background&quot;:&quot;classic&quot;}\">\n\t\t\t\t\t\t<div class=\"elementor-container elementor-column-gap-default\">\n\t\t\t\t\t<div class=\"elementor-column elementor-col-100 elementor-top-column elementor-element elementor-element-23b48a4\" data-id=\"23b48a4\" data-element_type=\"column\" data-e-type=\"column\">\n\t\t\t<div class=\"elementor-widget-wrap elementor-element-populated\">\n\t\t\t\t\t\t<div class=\"elementor-element elementor-element-31d3049 elementor-widget elementor-widget-heading\" data-id=\"31d3049\" data-element_type=\"widget\" data-e-type=\"widget\" data-widget_type=\"heading.default\">\n\t\t\t\t<div class=\"elementor-widget-container\">\n\t\t\t\t\t<h3 class=\"elementor-heading-title elementor-size-default\">\u00b7 <u>CARTOGRAF\u00cdA - GU\u00cdAS<\/u> \u00b7<\/h3>\t\t\t\t<\/div>\n\t\t\t\t<\/div>\n\t\t\t\t\t<\/div>\n\t\t<\/div>\n\t\t\t\t\t<\/div>\n\t\t<\/section>\n\t\t\t\t<section class=\"elementor-section elementor-top-section elementor-element elementor-element-2710395 elementor-section-full_width elementor-section-height-default elementor-section-height-default\" data-id=\"2710395\" data-element_type=\"section\" data-e-type=\"section\" data-settings=\"{&quot;background_background&quot;:&quot;classic&quot;}\">\n\t\t\t\t\t\t<div class=\"elementor-container elementor-column-gap-default\">\n\t\t\t\t\t<div class=\"elementor-column elementor-col-16 elementor-top-column elementor-element elementor-element-55019c4\" data-id=\"55019c4\" data-element_type=\"column\" data-e-type=\"column\">\n\t\t\t<div class=\"elementor-widget-wrap elementor-element-populated\">\n\t\t\t\t\t\t<div class=\"elementor-element elementor-element-2fa47ed elementor-widget elementor-widget-image\" data-id=\"2fa47ed\" data-element_type=\"widget\" data-e-type=\"widget\" data-widget_type=\"image.default\">\n\t\t\t\t<div class=\"elementor-widget-container\">\n\t\t\t\t\t\t\t\t\t\t\t\t\t\t\t<img loading=\"lazy\" decoding=\"async\" width=\"300\" height=\"550\" src=\"https:\/\/rutesentrerefugis.com\/wp-content\/uploads\/2021\/02\/Andorra-03.jpg\" class=\"attachment-full size-full wp-image-21495\" alt=\"\" srcset=\"https:\/\/rutesentrerefugis.com\/wp-content\/uploads\/2021\/02\/Andorra-03.jpg 300w, https:\/\/rutesentrerefugis.com\/wp-content\/uploads\/2021\/02\/Andorra-03-164x300.jpg 164w\" sizes=\"(max-width: 300px) 100vw, 300px\" \/>\t\t\t\t\t\t\t\t\t\t\t\t\t\t\t<\/div>\n\t\t\t\t<\/div>\n\t\t\t\t\t<\/div>\n\t\t<\/div>\n\t\t\t\t<div class=\"elementor-column elementor-col-16 elementor-top-column elementor-element elementor-element-fad493f\" data-id=\"fad493f\" data-element_type=\"column\" data-e-type=\"column\">\n\t\t\t<div class=\"elementor-widget-wrap elementor-element-populated\">\n\t\t\t\t\t\t<div class=\"elementor-element elementor-element-c0a6a8e elementor-widget elementor-widget-image\" data-id=\"c0a6a8e\" data-element_type=\"widget\" data-e-type=\"widget\" data-widget_type=\"image.default\">\n\t\t\t\t<div class=\"elementor-widget-container\">\n\t\t\t\t\t\t\t\t\t\t\t\t\t\t\t<img loading=\"lazy\" decoding=\"async\" width=\"300\" height=\"550\" src=\"https:\/\/rutesentrerefugis.com\/wp-content\/uploads\/2022\/08\/Andorra.jpg\" class=\"attachment-full size-full wp-image-962\" alt=\"\" srcset=\"https:\/\/rutesentrerefugis.com\/wp-content\/uploads\/2022\/08\/Andorra.jpg 300w, https:\/\/rutesentrerefugis.com\/wp-content\/uploads\/2022\/08\/Andorra-164x300.jpg 164w\" sizes=\"(max-width: 300px) 100vw, 300px\" \/>\t\t\t\t\t\t\t\t\t\t\t\t\t\t\t<\/div>\n\t\t\t\t<\/div>\n\t\t\t\t\t<\/div>\n\t\t<\/div>\n\t\t\t\t<div class=\"elementor-column elementor-col-16 elementor-top-column elementor-element elementor-element-968d1e4\" data-id=\"968d1e4\" data-element_type=\"column\" data-e-type=\"column\">\n\t\t\t<div class=\"elementor-widget-wrap elementor-element-populated\">\n\t\t\t\t\t\t<div class=\"elementor-element elementor-element-99a83ac elementor-widget elementor-widget-image\" data-id=\"99a83ac\" data-element_type=\"widget\" data-e-type=\"widget\" data-widget_type=\"image.default\">\n\t\t\t\t<div class=\"elementor-widget-container\">\n\t\t\t\t\t\t\t\t\t\t\t\t\t\t\t<img loading=\"lazy\" decoding=\"async\" width=\"300\" height=\"550\" src=\"https:\/\/rutesentrerefugis.com\/wp-content\/uploads\/2021\/01\/23-Puigcerda.jpg\" class=\"attachment-full size-full wp-image-1996\" alt=\"\" srcset=\"https:\/\/rutesentrerefugis.com\/wp-content\/uploads\/2021\/01\/23-Puigcerda.jpg 300w, https:\/\/rutesentrerefugis.com\/wp-content\/uploads\/2021\/01\/23-Puigcerda-164x300.jpg 164w\" sizes=\"(max-width: 300px) 100vw, 300px\" \/>\t\t\t\t\t\t\t\t\t\t\t\t\t\t\t<\/div>\n\t\t\t\t<\/div>\n\t\t\t\t\t<\/div>\n\t\t<\/div>\n\t\t\t\t<div class=\"elementor-column elementor-col-16 elementor-top-column elementor-element elementor-element-3acba33\" data-id=\"3acba33\" data-element_type=\"column\" data-e-type=\"column\">\n\t\t\t<div class=\"elementor-widget-wrap elementor-element-populated\">\n\t\t\t\t\t\t<div class=\"elementor-element elementor-element-c1a26a6 elementor-widget elementor-widget-image\" data-id=\"c1a26a6\" data-element_type=\"widget\" data-e-type=\"widget\" data-widget_type=\"image.default\">\n\t\t\t\t<div class=\"elementor-widget-container\">\n\t\t\t\t\t\t\t\t\t\t\t\t\t\t\t<img loading=\"lazy\" decoding=\"async\" width=\"300\" height=\"550\" src=\"https:\/\/rutesentrerefugis.com\/wp-content\/uploads\/2022\/08\/55-Vall-Llosa-Barida-2.jpg\" class=\"attachment-full size-full wp-image-963\" alt=\"Andorra Bike Tracks\" srcset=\"https:\/\/rutesentrerefugis.com\/wp-content\/uploads\/2022\/08\/55-Vall-Llosa-Barida-2.jpg 300w, https:\/\/rutesentrerefugis.com\/wp-content\/uploads\/2022\/08\/55-Vall-Llosa-Barida-2-164x300.jpg 164w\" sizes=\"(max-width: 300px) 100vw, 300px\" \/>\t\t\t\t\t\t\t\t\t\t\t\t\t\t\t<\/div>\n\t\t\t\t<\/div>\n\t\t\t\t\t<\/div>\n\t\t<\/div>\n\t\t\t\t<div class=\"elementor-column elementor-col-16 elementor-top-column elementor-element elementor-element-d0d54c3\" data-id=\"d0d54c3\" data-element_type=\"column\" data-e-type=\"column\">\n\t\t\t<div class=\"elementor-widget-wrap elementor-element-populated\">\n\t\t\t\t\t\t<div class=\"elementor-element elementor-element-d6d132f elementor-widget elementor-widget-image\" data-id=\"d6d132f\" data-element_type=\"widget\" data-e-type=\"widget\" data-widget_type=\"image.default\">\n\t\t\t\t<div class=\"elementor-widget-container\">\n\t\t\t\t\t\t\t\t\t\t\t\t\t\t\t<img loading=\"lazy\" decoding=\"async\" width=\"300\" height=\"550\" src=\"https:\/\/rutesentrerefugis.com\/wp-content\/uploads\/2022\/08\/29-Seu-Urgell.jpg\" class=\"attachment-full size-full wp-image-964\" alt=\"\" srcset=\"https:\/\/rutesentrerefugis.com\/wp-content\/uploads\/2022\/08\/29-Seu-Urgell.jpg 300w, https:\/\/rutesentrerefugis.com\/wp-content\/uploads\/2022\/08\/29-Seu-Urgell-164x300.jpg 164w\" sizes=\"(max-width: 300px) 100vw, 300px\" \/>\t\t\t\t\t\t\t\t\t\t\t\t\t\t\t<\/div>\n\t\t\t\t<\/div>\n\t\t\t\t\t<\/div>\n\t\t<\/div>\n\t\t\t\t<div class=\"elementor-column elementor-col-16 elementor-top-column elementor-element elementor-element-3605a25\" data-id=\"3605a25\" data-element_type=\"column\" data-e-type=\"column\">\n\t\t\t<div class=\"elementor-widget-wrap\">\n\t\t\t\t\t\t\t<\/div>\n\t\t<\/div>\n\t\t\t\t\t<\/div>\n\t\t<\/section>\n\t\t\t\t<section class=\"elementor-section elementor-top-section elementor-element elementor-element-af7266c elementor-section-full_width elementor-section-height-default elementor-section-height-default\" data-id=\"af7266c\" data-element_type=\"section\" data-e-type=\"section\">\n\t\t\t\t\t\t<div class=\"elementor-container elementor-column-gap-default\">\n\t\t\t\t\t<div class=\"elementor-column elementor-col-100 elementor-top-column elementor-element elementor-element-a355804\" data-id=\"a355804\" data-element_type=\"column\" data-e-type=\"column\">\n\t\t\t<div class=\"elementor-widget-wrap elementor-element-populated\">\n\t\t\t\t\t\t<div class=\"elementor-element elementor-element-1642e5b elementor-widget elementor-widget-spacer\" data-id=\"1642e5b\" data-element_type=\"widget\" data-e-type=\"widget\" data-widget_type=\"spacer.default\">\n\t\t\t\t<div class=\"elementor-widget-container\">\n\t\t\t\t\t\t\t<div class=\"elementor-spacer\">\n\t\t\t<div class=\"elementor-spacer-inner\"><\/div>\n\t\t<\/div>\n\t\t\t\t\t\t<\/div>\n\t\t\t\t<\/div>\n\t\t\t\t\t<\/div>\n\t\t<\/div>\n\t\t\t\t\t<\/div>\n\t\t<\/section>\n\t\t\t\t<section class=\"elementor-section elementor-top-section elementor-element elementor-element-c2086fa elementor-section-full_width elementor-section-height-default elementor-section-height-default\" data-id=\"c2086fa\" data-element_type=\"section\" data-e-type=\"section\">\n\t\t\t\t\t\t<div class=\"elementor-container elementor-column-gap-default\">\n\t\t\t\t\t<div class=\"elementor-column elementor-col-100 elementor-top-column elementor-element elementor-element-3708241\" data-id=\"3708241\" data-element_type=\"column\" data-e-type=\"column\">\n\t\t\t<div class=\"elementor-widget-wrap elementor-element-populated\">\n\t\t\t\t\t\t<div class=\"elementor-element elementor-element-7dcfe5e elementor-widget-divider--view-line elementor-widget elementor-widget-divider\" data-id=\"7dcfe5e\" data-element_type=\"widget\" data-e-type=\"widget\" data-widget_type=\"divider.default\">\n\t\t\t\t<div class=\"elementor-widget-container\">\n\t\t\t\t\t\t\t<div class=\"elementor-divider\">\n\t\t\t<span class=\"elementor-divider-separator\">\n\t\t\t\t\t\t<\/span>\n\t\t<\/div>\n\t\t\t\t\t\t<\/div>\n\t\t\t\t<\/div>\n\t\t\t\t\t<\/div>\n\t\t<\/div>\n\t\t\t\t\t<\/div>\n\t\t<\/section>\n\t\t\t\t<section class=\"elementor-section elementor-top-section elementor-element elementor-element-3f1d4ab elementor-section-full_width elementor-section-height-default elementor-section-height-default\" data-id=\"3f1d4ab\" data-element_type=\"section\" data-e-type=\"section\">\n\t\t\t\t\t\t<div class=\"elementor-container elementor-column-gap-default\">\n\t\t\t\t\t<div class=\"elementor-column elementor-col-100 elementor-top-column elementor-element elementor-element-edd1528\" data-id=\"edd1528\" data-element_type=\"column\" data-e-type=\"column\">\n\t\t\t<div class=\"elementor-widget-wrap elementor-element-populated\">\n\t\t\t\t\t\t<div class=\"elementor-element elementor-element-542eab1 elementor-widget elementor-widget-heading\" data-id=\"542eab1\" data-element_type=\"widget\" data-e-type=\"widget\" data-widget_type=\"heading.default\">\n\t\t\t\t<div class=\"elementor-widget-container\">\n\t\t\t\t\t<h2 class=\"elementor-heading-title elementor-size-default\"><u>ART\u00cdCULOS Y RUTAS RELACIONADAS<\/u><\/h2>\t\t\t\t<\/div>\n\t\t\t\t<\/div>\n\t\t\t\t\t<\/div>\n\t\t<\/div>\n\t\t\t\t\t<\/div>\n\t\t<\/section>\n\t\t\t\t<section class=\"elementor-section elementor-top-section elementor-element elementor-element-fe115fd elementor-section-full_width elementor-section-height-default elementor-section-height-default\" data-id=\"fe115fd\" data-element_type=\"section\" data-e-type=\"section\">\n\t\t\t\t\t\t<div class=\"elementor-container elementor-column-gap-default\">\n\t\t\t\t\t<div class=\"elementor-column elementor-col-100 elementor-top-column elementor-element elementor-element-58c01bd\" data-id=\"58c01bd\" data-element_type=\"column\" data-e-type=\"column\">\n\t\t\t<div class=\"elementor-widget-wrap elementor-element-populated\">\n\t\t\t\t\t\t<div class=\"elementor-element elementor-element-5c198e3 elementor-widget elementor-widget-spacer\" data-id=\"5c198e3\" data-element_type=\"widget\" data-e-type=\"widget\" data-widget_type=\"spacer.default\">\n\t\t\t\t<div class=\"elementor-widget-container\">\n\t\t\t\t\t\t\t<div class=\"elementor-spacer\">\n\t\t\t<div class=\"elementor-spacer-inner\"><\/div>\n\t\t<\/div>\n\t\t\t\t\t\t<\/div>\n\t\t\t\t<\/div>\n\t\t\t\t\t<\/div>\n\t\t<\/div>\n\t\t\t\t\t<\/div>\n\t\t<\/section>\n\t\t\t\t<section class=\"elementor-section elementor-top-section elementor-element elementor-element-0a1012d elementor-section-full_width elementor-section-height-default elementor-section-height-default\" data-id=\"0a1012d\" data-element_type=\"section\" data-e-type=\"section\">\n\t\t\t\t\t\t<div class=\"elementor-container elementor-column-gap-default\">\n\t\t\t\t\t<div class=\"elementor-column elementor-col-100 elementor-top-column elementor-element elementor-element-8c0d355\" data-id=\"8c0d355\" data-element_type=\"column\" data-e-type=\"column\">\n\t\t\t<div class=\"elementor-widget-wrap elementor-element-populated\">\n\t\t\t\t\t\t<div class=\"elementor-element elementor-element-2e3ab47 elementor-grid-5 elementor-grid-tablet-2 elementor-grid-mobile-1 elementor-posts--thumbnail-top elementor-widget elementor-widget-posts\" data-id=\"2e3ab47\" data-element_type=\"widget\" data-e-type=\"widget\" data-settings=\"{&quot;classic_columns&quot;:&quot;5&quot;,&quot;classic_columns_tablet&quot;:&quot;2&quot;,&quot;classic_columns_mobile&quot;:&quot;1&quot;,&quot;classic_row_gap&quot;:{&quot;unit&quot;:&quot;px&quot;,&quot;size&quot;:35,&quot;sizes&quot;:[]},&quot;classic_row_gap_tablet&quot;:{&quot;unit&quot;:&quot;px&quot;,&quot;size&quot;:&quot;&quot;,&quot;sizes&quot;:[]},&quot;classic_row_gap_mobile&quot;:{&quot;unit&quot;:&quot;px&quot;,&quot;size&quot;:&quot;&quot;,&quot;sizes&quot;:[]}}\" data-widget_type=\"posts.classic\">\n\t\t\t\t<div class=\"elementor-widget-container\">\n\t\t\t\t\t\t\t<div class=\"elementor-posts-container elementor-posts elementor-posts--skin-classic elementor-grid\" role=\"list\">\n\t\t\t\t<article class=\"elementor-post elementor-grid-item post-22377 post type-post status-publish format-standard has-post-thumbnail hentry category-andorra-es category-cicloturismo-es category-ultima-ruta-es tag-alt-urgell-es tag-andorra-es tag-andorra-bike-tracks-es tag-andorra-la-vella-es tag-ariege-es tag-catalunya-es tag-cerdanya-es tag-el-tarter-es tag-encamp-es tag-os-de-civis-2-es tag-pas-de-la-casa-es tag-puigcerda-es tag-sant-julia-de-loria-es\" role=\"listitem\">\n\t\t\t\t<a class=\"elementor-post__thumbnail__link\" href=\"https:\/\/rutesentrerefugis.com\/index.php\/es\/2024\/01\/22\/andorra-bike-3-naciones\/\" tabindex=\"-1\" >\n\t\t\t<div class=\"elementor-post__thumbnail\"><img loading=\"lazy\" decoding=\"async\" width=\"300\" height=\"210\" src=\"https:\/\/rutesentrerefugis.com\/wp-content\/uploads\/2024\/08\/Andorra-Bike-3-Nacions-NW-300x210.jpg\" class=\"attachment-medium size-medium wp-image-22375\" alt=\"\" srcset=\"https:\/\/rutesentrerefugis.com\/wp-content\/uploads\/2024\/08\/Andorra-Bike-3-Nacions-NW-300x210.jpg 300w, https:\/\/rutesentrerefugis.com\/wp-content\/uploads\/2024\/08\/Andorra-Bike-3-Nacions-NW.jpg 400w\" sizes=\"(max-width: 300px) 100vw, 300px\" \/><\/div>\n\t\t<\/a>\n\t\t\t\t<div class=\"elementor-post__text\">\n\t\t\t\t<h3 class=\"elementor-post__title\">\n\t\t\t<a href=\"https:\/\/rutesentrerefugis.com\/index.php\/es\/2024\/01\/22\/andorra-bike-3-naciones\/\" >\n\t\t\t\tANDORRA BIKE 3 NACIONES\t\t\t<\/a>\n\t\t<\/h3>\n\t\t\t\t<div class=\"elementor-post__meta-data\">\n\t\t\t\t\t<span class=\"elementor-post-date\">\n\t\t\t22\/01\/2024\t\t<\/span>\n\t\t\t\t<\/div>\n\t\t\t\t<\/div>\n\t\t\t\t<\/article>\n\t\t\t\t<article class=\"elementor-post elementor-grid-item post-4150 post type-post status-publish format-standard has-post-thumbnail hentry category-andorra-es category-pirineos category-trail-running-es-es tag-andorra-es tag-arinsal-es tag-cerdanya-es tag-encamp-es tag-esterri-daneu-es tag-guils-de-cerdanya-es tag-la-masella-es tag-la-massana-es tag-nuria-es tag-pallars-sobira-es tag-parc-natural-de-lalt-pirineu-es tag-parc-natural-de-les-capcaleres-del-ter-i-del-freser-es tag-pica-destats-es tag-pyrenees-stage-run-es tag-ribes-de-freser-es tag-ripolles-es tag-salardu-es tag-tavascan-es tag-trail-running-es tag-val-daran-es tag-valls-daneu-es\" role=\"listitem\">\n\t\t\t\t<a class=\"elementor-post__thumbnail__link\" href=\"https:\/\/rutesentrerefugis.com\/index.php\/es\/2022\/12\/08\/pyrenees-stage-run-es\/\" tabindex=\"-1\" >\n\t\t\t<div class=\"elementor-post__thumbnail\"><img loading=\"lazy\" decoding=\"async\" width=\"300\" height=\"210\" src=\"https:\/\/rutesentrerefugis.com\/wp-content\/uploads\/2022\/12\/Pyrenees-Stage-Run-300x210.jpg\" class=\"attachment-medium size-medium wp-image-4103\" alt=\"\" srcset=\"https:\/\/rutesentrerefugis.com\/wp-content\/uploads\/2022\/12\/Pyrenees-Stage-Run-300x210.jpg 300w, https:\/\/rutesentrerefugis.com\/wp-content\/uploads\/2022\/12\/Pyrenees-Stage-Run.jpg 400w\" sizes=\"(max-width: 300px) 100vw, 300px\" \/><\/div>\n\t\t<\/a>\n\t\t\t\t<div class=\"elementor-post__text\">\n\t\t\t\t<h3 class=\"elementor-post__title\">\n\t\t\t<a href=\"https:\/\/rutesentrerefugis.com\/index.php\/es\/2022\/12\/08\/pyrenees-stage-run-es\/\" >\n\t\t\t\tPYRENEES STAGE RUN\t\t\t<\/a>\n\t\t<\/h3>\n\t\t\t\t<div class=\"elementor-post__meta-data\">\n\t\t\t\t\t<span class=\"elementor-post-date\">\n\t\t\t08\/12\/2022\t\t<\/span>\n\t\t\t\t<\/div>\n\t\t\t\t<\/div>\n\t\t\t\t<\/article>\n\t\t\t\t<article class=\"elementor-post elementor-grid-item post-4795 post type-post status-publish format-standard has-post-thumbnail hentry category-a-pie-es category-andorra-es tag-aixovall-es tag-andorra-es tag-canillo-es tag-el-serrat-es tag-encamp-es tag-la-massana-es tag-ordino-es tag-peretol-es tag-refugi-comapedrosa-es tag-refugi-de-claror-es tag-refugi-de-jucla-es tag-refugi-illa-es tag-sant-julia-de-loria-es\" role=\"listitem\">\n\t\t\t\t<a class=\"elementor-post__thumbnail__link\" href=\"https:\/\/rutesentrerefugis.com\/index.php\/es\/2021\/02\/12\/andorra-grp-es\/\" tabindex=\"-1\" >\n\t\t\t<div class=\"elementor-post__thumbnail\"><img loading=\"lazy\" decoding=\"async\" width=\"300\" height=\"210\" src=\"https:\/\/rutesentrerefugis.com\/wp-content\/uploads\/2022\/12\/Andorra-GRP-300x210.jpg\" class=\"attachment-medium size-medium wp-image-4783\" alt=\"\" srcset=\"https:\/\/rutesentrerefugis.com\/wp-content\/uploads\/2022\/12\/Andorra-GRP-300x210.jpg 300w, https:\/\/rutesentrerefugis.com\/wp-content\/uploads\/2022\/12\/Andorra-GRP.jpg 400w\" sizes=\"(max-width: 300px) 100vw, 300px\" \/><\/div>\n\t\t<\/a>\n\t\t\t\t<div class=\"elementor-post__text\">\n\t\t\t\t<h3 class=\"elementor-post__title\">\n\t\t\t<a href=\"https:\/\/rutesentrerefugis.com\/index.php\/es\/2021\/02\/12\/andorra-grp-es\/\" >\n\t\t\t\tANDORRA GRP\t\t\t<\/a>\n\t\t<\/h3>\n\t\t\t\t<div class=\"elementor-post__meta-data\">\n\t\t\t\t\t<span class=\"elementor-post-date\">\n\t\t\t12\/02\/2021\t\t<\/span>\n\t\t\t\t<\/div>\n\t\t\t\t<\/div>\n\t\t\t\t<\/article>\n\t\t\t\t<article class=\"elementor-post elementor-grid-item post-4895 post type-post status-publish format-standard has-post-thumbnail hentry category-a-pie-es category-andorra-es tag-andorra-es tag-ariege-es tag-arinsal-es tag-el-serrat-es tag-la-massana-es tag-mounicou-es tag-ordino-es tag-p-n-r-des-pyrenees-ariegeoises-es tag-pallars-sobira-es tag-parc-natural-de-lalt-pirineu-es tag-parc-natural-valls-de-comapedrosa-es tag-parc-pirinenc-de-les-tres-nacions-es tag-refugi-de-comapedrosa-es tag-refugi-de-pinet-es tag-refugi-de-vallferrera-es tag-refugi-estanys-fourcats-es\" role=\"listitem\">\n\t\t\t\t<a class=\"elementor-post__thumbnail__link\" href=\"https:\/\/rutesentrerefugis.com\/index.php\/es\/2021\/01\/15\/los-gigantes-de-las-3-naciones\/\" tabindex=\"-1\" >\n\t\t\t<div class=\"elementor-post__thumbnail\"><img loading=\"lazy\" decoding=\"async\" width=\"300\" height=\"210\" src=\"https:\/\/rutesentrerefugis.com\/wp-content\/uploads\/2022\/12\/Els-Gegants-de-les-3-Nacions-NW-300x210.jpg\" class=\"attachment-medium size-medium wp-image-4896\" alt=\"\" srcset=\"https:\/\/rutesentrerefugis.com\/wp-content\/uploads\/2022\/12\/Els-Gegants-de-les-3-Nacions-NW-300x210.jpg 300w, https:\/\/rutesentrerefugis.com\/wp-content\/uploads\/2022\/12\/Els-Gegants-de-les-3-Nacions-NW.jpg 400w\" sizes=\"(max-width: 300px) 100vw, 300px\" \/><\/div>\n\t\t<\/a>\n\t\t\t\t<div class=\"elementor-post__text\">\n\t\t\t\t<h3 class=\"elementor-post__title\">\n\t\t\t<a href=\"https:\/\/rutesentrerefugis.com\/index.php\/es\/2021\/01\/15\/los-gigantes-de-las-3-naciones\/\" >\n\t\t\t\tLOS GIGANTES DE LAS 3 NACIONES\t\t\t<\/a>\n\t\t<\/h3>\n\t\t\t\t<div class=\"elementor-post__meta-data\">\n\t\t\t\t\t<span class=\"elementor-post-date\">\n\t\t\t15\/01\/2021\t\t<\/span>\n\t\t\t\t<\/div>\n\t\t\t\t<\/div>\n\t\t\t\t<\/article>\n\t\t\t\t<article class=\"elementor-post elementor-grid-item post-4756 post type-post status-publish format-standard has-post-thumbnail hentry category-andorra-es category-btt-es-es tag-alt-urgell-es tag-andorra-es tag-andorra-bike-tracks-es tag-andorra-la-vella-es tag-ars-es tag-canillo-es tag-el-tarter-es tag-encamp-es tag-escaldes-engordany-es tag-grandvalira-es tag-la-farga-de-moles-es tag-la-massana-es tag-la-seu-durgell-es tag-naturlandia-es tag-os-de-civis-2-es tag-pas-de-la-casa-es tag-sant-julia-de-loria-es tag-soldeu-es tag-tracks-tour-es\" role=\"listitem\">\n\t\t\t\t<a class=\"elementor-post__thumbnail__link\" href=\"https:\/\/rutesentrerefugis.com\/index.php\/es\/2021\/01\/12\/tracks-andorra-btt-es\/\" tabindex=\"-1\" >\n\t\t\t<div class=\"elementor-post__thumbnail\"><img loading=\"lazy\" decoding=\"async\" width=\"300\" height=\"210\" src=\"https:\/\/rutesentrerefugis.com\/wp-content\/uploads\/2022\/12\/Tracks-Andorra-NW-300x210.jpg\" class=\"attachment-medium size-medium wp-image-4741\" alt=\"\" srcset=\"https:\/\/rutesentrerefugis.com\/wp-content\/uploads\/2022\/12\/Tracks-Andorra-NW-300x210.jpg 300w, https:\/\/rutesentrerefugis.com\/wp-content\/uploads\/2022\/12\/Tracks-Andorra-NW.jpg 400w\" sizes=\"(max-width: 300px) 100vw, 300px\" \/><\/div>\n\t\t<\/a>\n\t\t\t\t<div class=\"elementor-post__text\">\n\t\t\t\t<h3 class=\"elementor-post__title\">\n\t\t\t<a href=\"https:\/\/rutesentrerefugis.com\/index.php\/es\/2021\/01\/12\/tracks-andorra-btt-es\/\" >\n\t\t\t\tTRACKS ANDORRA BTT\t\t\t<\/a>\n\t\t<\/h3>\n\t\t\t\t<div class=\"elementor-post__meta-data\">\n\t\t\t\t\t<span class=\"elementor-post-date\">\n\t\t\t12\/01\/2021\t\t<\/span>\n\t\t\t\t<\/div>\n\t\t\t\t<\/div>\n\t\t\t\t<\/article>\n\t\t\t\t<article class=\"elementor-post elementor-grid-item post-1011 post type-post status-publish format-standard has-post-thumbnail hentry category-andorra-es category-btt-es-es tag-andorra-es tag-andorra-bike-tracks-es tag-arcavell-es tag-bescaran-es tag-canillo-es tag-el-tarter-es tag-encamp-es tag-la-massana-es tag-ordino-es tag-os-de-civis-2-es tag-seturia-es\" role=\"listitem\">\n\t\t\t\t<a class=\"elementor-post__thumbnail__link\" href=\"https:\/\/rutesentrerefugis.com\/index.php\/es\/2021\/01\/11\/andorra-bike-tracks-btt-es\/\" tabindex=\"-1\" >\n\t\t\t<div class=\"elementor-post__thumbnail\"><img loading=\"lazy\" decoding=\"async\" width=\"300\" height=\"210\" src=\"https:\/\/rutesentrerefugis.com\/wp-content\/uploads\/2021\/01\/Andorra-Bike-Tracks-NW-300x210.jpg\" class=\"attachment-medium size-medium wp-image-1148\" alt=\"\" srcset=\"https:\/\/rutesentrerefugis.com\/wp-content\/uploads\/2021\/01\/Andorra-Bike-Tracks-NW-300x210.jpg 300w, https:\/\/rutesentrerefugis.com\/wp-content\/uploads\/2021\/01\/Andorra-Bike-Tracks-NW.jpg 400w\" sizes=\"(max-width: 300px) 100vw, 300px\" \/><\/div>\n\t\t<\/a>\n\t\t\t\t<div class=\"elementor-post__text\">\n\t\t\t\t<h3 class=\"elementor-post__title\">\n\t\t\t<a href=\"https:\/\/rutesentrerefugis.com\/index.php\/es\/2021\/01\/11\/andorra-bike-tracks-btt-es\/\" >\n\t\t\t\tANDORRA BIKE TRACKS EN BTT\t\t\t<\/a>\n\t\t<\/h3>\n\t\t\t\t<div class=\"elementor-post__meta-data\">\n\t\t\t\t\t<span class=\"elementor-post-date\">\n\t\t\t11\/01\/2021\t\t<\/span>\n\t\t\t\t<\/div>\n\t\t\t\t<\/div>\n\t\t\t\t<\/article>\n\t\t\t\t<article class=\"elementor-post elementor-grid-item post-2012 post type-post status-publish format-standard has-post-thumbnail hentry category-andorra-es category-cicloturismo-es tag-alt-urgell-es tag-andorra-es tag-andorra-bike-tracks-es tag-andorra-la-vella-es tag-ariege-es tag-catalunya-es tag-cerdanya-es tag-el-tarter-es tag-encamp-es tag-os-de-civis-2-es tag-pas-de-la-casa-es tag-puigcerda-es tag-sant-julia-de-loria-es\" role=\"listitem\">\n\t\t\t\t<a class=\"elementor-post__thumbnail__link\" href=\"https:\/\/rutesentrerefugis.com\/index.php\/es\/2021\/01\/11\/andorra-bike-tracks-road-es\/\" tabindex=\"-1\" >\n\t\t\t<div class=\"elementor-post__thumbnail\"><img loading=\"lazy\" decoding=\"async\" width=\"300\" height=\"210\" src=\"https:\/\/rutesentrerefugis.com\/wp-content\/uploads\/2022\/10\/Andorra-Bike-Tracks-NW-300x210.jpg\" class=\"attachment-medium size-medium wp-image-1973\" alt=\"\" srcset=\"https:\/\/rutesentrerefugis.com\/wp-content\/uploads\/2022\/10\/Andorra-Bike-Tracks-NW-300x210.jpg 300w, https:\/\/rutesentrerefugis.com\/wp-content\/uploads\/2022\/10\/Andorra-Bike-Tracks-NW.jpg 400w\" sizes=\"(max-width: 300px) 100vw, 300px\" \/><\/div>\n\t\t<\/a>\n\t\t\t\t<div class=\"elementor-post__text\">\n\t\t\t\t<h3 class=\"elementor-post__title\">\n\t\t\t<a href=\"https:\/\/rutesentrerefugis.com\/index.php\/es\/2021\/01\/11\/andorra-bike-tracks-road-es\/\" >\n\t\t\t\tANDORRA BIKE TRACKS ROAD\t\t\t<\/a>\n\t\t<\/h3>\n\t\t\t\t<div class=\"elementor-post__meta-data\">\n\t\t\t\t\t<span class=\"elementor-post-date\">\n\t\t\t11\/01\/2021\t\t<\/span>\n\t\t\t\t<\/div>\n\t\t\t\t<\/div>\n\t\t\t\t<\/article>\n\t\t\t\t<article class=\"elementor-post elementor-grid-item post-4920 post type-post status-publish format-standard has-post-thumbnail hentry category-a-pie-es category-andorra-es tag-andorra-es tag-cerdanya-es tag-circ-de-pessons-es tag-circ-dels-estanys-de-la-pera-es tag-encamp-es tag-escaldes-engordany-es tag-estany-dengolasters-es tag-grau-roig-es tag-refugi-cap-del-rec-es tag-refugi-de-lilla-es tag-refugi-dels-estanys-de-la-pera-es tag-vall-de-la-llosa-es tag-vall-de-madriu-es\" role=\"listitem\">\n\t\t\t\t<a class=\"elementor-post__thumbnail__link\" href=\"https:\/\/rutesentrerefugis.com\/index.php\/es\/2021\/01\/02\/ruta-de-los-101-lagos\/\" tabindex=\"-1\" >\n\t\t\t<div class=\"elementor-post__thumbnail\"><img loading=\"lazy\" decoding=\"async\" width=\"300\" height=\"210\" src=\"https:\/\/rutesentrerefugis.com\/wp-content\/uploads\/2022\/12\/101-Llacs-300x210.jpg\" class=\"attachment-medium size-medium wp-image-4906\" alt=\"\" srcset=\"https:\/\/rutesentrerefugis.com\/wp-content\/uploads\/2022\/12\/101-Llacs-300x210.jpg 300w, https:\/\/rutesentrerefugis.com\/wp-content\/uploads\/2022\/12\/101-Llacs.jpg 400w\" sizes=\"(max-width: 300px) 100vw, 300px\" \/><\/div>\n\t\t<\/a>\n\t\t\t\t<div class=\"elementor-post__text\">\n\t\t\t\t<h3 class=\"elementor-post__title\">\n\t\t\t<a href=\"https:\/\/rutesentrerefugis.com\/index.php\/es\/2021\/01\/02\/ruta-de-los-101-lagos\/\" >\n\t\t\t\tRUTA DE LOS 101 LAGOS\t\t\t<\/a>\n\t\t<\/h3>\n\t\t\t\t<div class=\"elementor-post__meta-data\">\n\t\t\t\t\t<span class=\"elementor-post-date\">\n\t\t\t02\/01\/2021\t\t<\/span>\n\t\t\t\t<\/div>\n\t\t\t\t<\/div>\n\t\t\t\t<\/article>\n\t\t\t\t<article class=\"elementor-post elementor-grid-item post-4822 post type-post status-publish format-standard has-post-thumbnail hentry category-a-pie-es category-andorra-es tag-aixovall-es tag-andorra-es tag-andorra-la-vella-es tag-canillo-es tag-escaldes-engordany-es tag-la-massana-es tag-ordino-es tag-refugi-de-comapedrosa-es tag-refugi-de-jucla-es tag-refugi-de-sorteny-es tag-refugi-illa-es\" role=\"listitem\">\n\t\t\t\t<a class=\"elementor-post__thumbnail__link\" href=\"https:\/\/rutesentrerefugis.com\/index.php\/es\/2018\/07\/06\/coronallacs-es\/\" tabindex=\"-1\" >\n\t\t\t<div class=\"elementor-post__thumbnail\"><img loading=\"lazy\" decoding=\"async\" width=\"300\" height=\"210\" src=\"https:\/\/rutesentrerefugis.com\/wp-content\/uploads\/2022\/12\/Coronallacs-300x210.jpg\" class=\"attachment-medium size-medium wp-image-4810\" alt=\"\" srcset=\"https:\/\/rutesentrerefugis.com\/wp-content\/uploads\/2022\/12\/Coronallacs-300x210.jpg 300w, https:\/\/rutesentrerefugis.com\/wp-content\/uploads\/2022\/12\/Coronallacs.jpg 400w\" sizes=\"(max-width: 300px) 100vw, 300px\" \/><\/div>\n\t\t<\/a>\n\t\t\t\t<div class=\"elementor-post__text\">\n\t\t\t\t<h3 class=\"elementor-post__title\">\n\t\t\t<a href=\"https:\/\/rutesentrerefugis.com\/index.php\/es\/2018\/07\/06\/coronallacs-es\/\" >\n\t\t\t\tCORONALLACS\t\t\t<\/a>\n\t\t<\/h3>\n\t\t\t\t<div class=\"elementor-post__meta-data\">\n\t\t\t\t\t<span class=\"elementor-post-date\">\n\t\t\t06\/07\/2018\t\t<\/span>\n\t\t\t\t<\/div>\n\t\t\t\t<\/div>\n\t\t\t\t<\/article>\n\t\t\t\t<article class=\"elementor-post elementor-grid-item post-4848 post type-post status-publish format-standard has-post-thumbnail hentry category-a-pie-es category-andorra-es category-rutas-es tag-alt-urgell-es tag-andorra-es tag-cal-pere-sidro-es tag-cerdanya-es tag-encamp-es tag-refugi-cap-del-rec-es tag-refugi-de-malniu-es tag-refugi-estanys-de-la-pera-es tag-refugi-illa-es\" role=\"listitem\">\n\t\t\t\t<a class=\"elementor-post__thumbnail__link\" href=\"https:\/\/rutesentrerefugis.com\/index.php\/es\/2018\/06\/23\/ruta-dels-estanys-amagats-es\/\" tabindex=\"-1\" >\n\t\t\t<div class=\"elementor-post__thumbnail\"><img loading=\"lazy\" decoding=\"async\" width=\"300\" height=\"210\" src=\"https:\/\/rutesentrerefugis.com\/wp-content\/uploads\/2022\/12\/Ruta-dels-Estanys-Amagats-NW-300x210.jpg\" class=\"attachment-medium size-medium wp-image-4836\" alt=\"\" srcset=\"https:\/\/rutesentrerefugis.com\/wp-content\/uploads\/2022\/12\/Ruta-dels-Estanys-Amagats-NW-300x210.jpg 300w, https:\/\/rutesentrerefugis.com\/wp-content\/uploads\/2022\/12\/Ruta-dels-Estanys-Amagats-NW.jpg 400w\" sizes=\"(max-width: 300px) 100vw, 300px\" \/><\/div>\n\t\t<\/a>\n\t\t\t\t<div class=\"elementor-post__text\">\n\t\t\t\t<h3 class=\"elementor-post__title\">\n\t\t\t<a href=\"https:\/\/rutesentrerefugis.com\/index.php\/es\/2018\/06\/23\/ruta-dels-estanys-amagats-es\/\" >\n\t\t\t\tRUTA DELS ESTANYS AMAGATS\t\t\t<\/a>\n\t\t<\/h3>\n\t\t\t\t<div class=\"elementor-post__meta-data\">\n\t\t\t\t\t<span class=\"elementor-post-date\">\n\t\t\t23\/06\/2018\t\t<\/span>\n\t\t\t\t<\/div>\n\t\t\t\t<\/div>\n\t\t\t\t<\/article>\n\t\t\t\t<article class=\"elementor-post elementor-grid-item post-4875 post type-post status-publish format-standard has-post-thumbnail hentry category-a-pie-es category-andorra-es category-rutas-es tag-alt-urgell-es tag-andorra-es tag-andorra-la-vella-es tag-ariege-es tag-arinsal-es tag-auzat-es tag-bescaran-es tag-canillo-es tag-el-serrat-es tag-encamp-es tag-escaldes-engordany-es tag-la-comella-es tag-la-massana-es tag-la-seu-durgell-es tag-naturlandia-es tag-ordino-es tag-orris-du-carla-es tag-p-n-r-des-pyrenees-ariegeoises-es tag-parc-natural-de-lalt-pirineu-2-es tag-prats-es tag-refugi-de-claror-es tag-sant-julia-de-loria-es\" role=\"listitem\">\n\t\t\t\t<a class=\"elementor-post__thumbnail__link\" href=\"https:\/\/rutesentrerefugis.com\/index.php\/es\/2018\/05\/29\/camino-de-reencuentro\/\" tabindex=\"-1\" >\n\t\t\t<div class=\"elementor-post__thumbnail\"><img loading=\"lazy\" decoding=\"async\" width=\"300\" height=\"210\" src=\"https:\/\/rutesentrerefugis.com\/wp-content\/uploads\/2022\/12\/Cami-de-Retrobament-NW-300x210.jpg\" class=\"attachment-medium size-medium wp-image-4861\" alt=\"\" srcset=\"https:\/\/rutesentrerefugis.com\/wp-content\/uploads\/2022\/12\/Cami-de-Retrobament-NW-300x210.jpg 300w, https:\/\/rutesentrerefugis.com\/wp-content\/uploads\/2022\/12\/Cami-de-Retrobament-NW.jpg 400w\" sizes=\"(max-width: 300px) 100vw, 300px\" \/><\/div>\n\t\t<\/a>\n\t\t\t\t<div class=\"elementor-post__text\">\n\t\t\t\t<h3 class=\"elementor-post__title\">\n\t\t\t<a href=\"https:\/\/rutesentrerefugis.com\/index.php\/es\/2018\/05\/29\/camino-de-reencuentro\/\" >\n\t\t\t\tCAMINO DE REENCUENTRO\t\t\t<\/a>\n\t\t<\/h3>\n\t\t\t\t<div class=\"elementor-post__meta-data\">\n\t\t\t\t\t<span class=\"elementor-post-date\">\n\t\t\t29\/05\/2018\t\t<\/span>\n\t\t\t\t<\/div>\n\t\t\t\t<\/div>\n\t\t\t\t<\/article>\n\t\t\t\t<article class=\"elementor-post elementor-grid-item post-4774 post type-post status-publish format-standard has-post-thumbnail hentry category-a-pie-es category-andorra-es tag-andorra-es tag-encamp-es tag-escaldes-engordany-es tag-refugi-de-fontverd-es tag-refugi-del-riu-dels-orris-es tag-refugi-ensagents-es tag-refugi-illa-es tag-vall-de-madriu-es\" role=\"listitem\">\n\t\t\t\t<a class=\"elementor-post__thumbnail__link\" href=\"https:\/\/rutesentrerefugis.com\/index.php\/es\/2018\/05\/05\/cami-ossa-es\/\" tabindex=\"-1\" >\n\t\t\t<div class=\"elementor-post__thumbnail\"><img loading=\"lazy\" decoding=\"async\" width=\"300\" height=\"210\" src=\"https:\/\/rutesentrerefugis.com\/wp-content\/uploads\/2022\/12\/Cami-de-l-Ossa-NW-300x210.jpg\" class=\"attachment-medium size-medium wp-image-4765\" alt=\"\" srcset=\"https:\/\/rutesentrerefugis.com\/wp-content\/uploads\/2022\/12\/Cami-de-l-Ossa-NW-300x210.jpg 300w, https:\/\/rutesentrerefugis.com\/wp-content\/uploads\/2022\/12\/Cami-de-l-Ossa-NW.jpg 400w\" sizes=\"(max-width: 300px) 100vw, 300px\" \/><\/div>\n\t\t<\/a>\n\t\t\t\t<div class=\"elementor-post__text\">\n\t\t\t\t<h3 class=\"elementor-post__title\">\n\t\t\t<a href=\"https:\/\/rutesentrerefugis.com\/index.php\/es\/2018\/05\/05\/cami-ossa-es\/\" >\n\t\t\t\tCAM\u00cd DE L&#8217;OSSA\t\t\t<\/a>\n\t\t<\/h3>\n\t\t\t\t<div class=\"elementor-post__meta-data\">\n\t\t\t\t\t<span class=\"elementor-post-date\">\n\t\t\t05\/05\/2018\t\t<\/span>\n\t\t\t\t<\/div>\n\t\t\t\t<\/div>\n\t\t\t\t<\/article>\n\t\t\t\t<\/div>\n\t\t\n\t\t\t\t\t\t<\/div>\n\t\t\t\t<\/div>\n\t\t\t\t\t<\/div>\n\t\t<\/div>\n\t\t\t\t\t<\/div>\n\t\t<\/section>\n\t\t\t\t<section class=\"elementor-section elementor-top-section elementor-element elementor-element-1419f76 elementor-section-full_width elementor-section-height-default elementor-section-height-default\" data-id=\"1419f76\" data-element_type=\"section\" data-e-type=\"section\">\n\t\t\t\t\t\t<div class=\"elementor-container elementor-column-gap-default\">\n\t\t\t\t\t<div class=\"elementor-column elementor-col-100 elementor-top-column elementor-element elementor-element-b9c79b2\" data-id=\"b9c79b2\" data-element_type=\"column\" data-e-type=\"column\">\n\t\t\t<div class=\"elementor-widget-wrap elementor-element-populated\">\n\t\t\t\t\t\t<div class=\"elementor-element elementor-element-33a3c18 elementor-widget-divider--view-line elementor-widget elementor-widget-divider\" data-id=\"33a3c18\" data-element_type=\"widget\" data-e-type=\"widget\" data-widget_type=\"divider.default\">\n\t\t\t\t<div class=\"elementor-widget-container\">\n\t\t\t\t\t\t\t<div class=\"elementor-divider\">\n\t\t\t<span class=\"elementor-divider-separator\">\n\t\t\t\t\t\t<\/span>\n\t\t<\/div>\n\t\t\t\t\t\t<\/div>\n\t\t\t\t<\/div>\n\t\t\t\t\t<\/div>\n\t\t<\/div>\n\t\t\t\t\t<\/div>\n\t\t<\/section>\n\t\t\t\t<section class=\"elementor-section elementor-top-section elementor-element elementor-element-d530833 elementor-section-full_width elementor-section-height-default elementor-section-height-default\" data-id=\"d530833\" data-element_type=\"section\" data-e-type=\"section\">\n\t\t\t\t\t\t<div class=\"elementor-container elementor-column-gap-default\">\n\t\t\t\t\t<div class=\"elementor-column elementor-col-100 elementor-top-column elementor-element elementor-element-2a98244\" data-id=\"2a98244\" data-element_type=\"column\" data-e-type=\"column\">\n\t\t\t<div class=\"elementor-widget-wrap elementor-element-populated\">\n\t\t\t\t\t\t<div class=\"elementor-element elementor-element-bf5f00b elementor-widget elementor-widget-spacer\" data-id=\"bf5f00b\" data-element_type=\"widget\" data-e-type=\"widget\" data-widget_type=\"spacer.default\">\n\t\t\t\t<div class=\"elementor-widget-container\">\n\t\t\t\t\t\t\t<div class=\"elementor-spacer\">\n\t\t\t<div class=\"elementor-spacer-inner\"><\/div>\n\t\t<\/div>\n\t\t\t\t\t\t<\/div>\n\t\t\t\t<\/div>\n\t\t\t\t\t<\/div>\n\t\t<\/div>\n\t\t\t\t\t<\/div>\n\t\t<\/section>\n\t\t\t\t<\/div>\n\t\t","protected":false},"excerpt":{"rendered":"<p>\u00b7 ANDORRA BIKE 3 NACIONES \u00b7 UBICACI\u00d3N AndorraAri\u00e8ge Capcir Catalunya PARROQUIAS \/ COMARCAS EncampCanilloCerdanyaAlt Urgell WEB &#8211; REDES SOCIALES www.andorra-bike-tracks-road.com NIVEL ALTO 4 ETAPAS 393<\/p>\n","protected":false},"author":2,"featured_media":22375,"comment_status":"open","ping_status":"open","sticky":false,"template":"elementor_header_footer","format":"standard","meta":{"_monsterinsights_skip_tracking":false,"_monsterinsights_sitenote_active":false,"_monsterinsights_sitenote_note":"","_monsterinsights_sitenote_category":0,"footnotes":""},"categories":[4997,7934,7178],"tags":[7186,5758,9158,9160,9086,7848,5760,9164,7190,8142,9174,7508,8922],"class_list":["post-22377","post","type-post","status-publish","format-standard","has-post-thumbnail","hentry","category-andorra-es","category-cicloturismo-es","category-ultima-ruta-es","tag-alt-urgell-es","tag-andorra-es","tag-andorra-bike-tracks-es","tag-andorra-la-vella-es","tag-ariege-es","tag-catalunya-es","tag-cerdanya-es","tag-el-tarter-es","tag-encamp-es","tag-os-de-civis-2-es","tag-pas-de-la-casa-es","tag-puigcerda-es","tag-sant-julia-de-loria-es"],"yoast_head":"<!-- This site is optimized with the Yoast SEO plugin v27.5 - https:\/\/yoast.com\/product\/yoast-seo-wordpress\/ -->\n<title>ANDORRA BIKE 3 NACIONES - Rutes Entre Refugis<\/title>\n<meta name=\"robots\" content=\"index, follow, max-snippet:-1, max-image-preview:large, max-video-preview:-1\" \/>\n<link rel=\"canonical\" href=\"https:\/\/rutesentrerefugis.com\/index.php\/es\/2024\/01\/22\/andorra-bike-3-naciones\/\" \/>\n<meta property=\"og:locale\" content=\"es_ES\" \/>\n<meta property=\"og:type\" content=\"article\" \/>\n<meta property=\"og:title\" content=\"ANDORRA BIKE 3 NACIONES - Rutes Entre Refugis\" \/>\n<meta property=\"og:description\" content=\"\u00b7 ANDORRA BIKE 3 NACIONES \u00b7 UBICACI\u00d3N AndorraAri\u00e8ge Capcir Catalunya PARROQUIAS \/ COMARCAS EncampCanilloCerdanyaAlt Urgell WEB &#8211; REDES SOCIALES www.andorra-bike-tracks-road.com NIVEL ALTO 4 ETAPAS 393\" \/>\n<meta property=\"og:url\" content=\"https:\/\/rutesentrerefugis.com\/index.php\/es\/2024\/01\/22\/andorra-bike-3-naciones\/\" \/>\n<meta property=\"og:site_name\" content=\"Rutes Entre Refugis\" \/>\n<meta property=\"article:published_time\" content=\"2024-01-22T16:12:45+00:00\" \/>\n<meta property=\"article:modified_time\" content=\"2024-08-22T16:32:15+00:00\" \/>\n<meta property=\"og:image\" content=\"https:\/\/rutesentrerefugis.com\/wp-content\/uploads\/2024\/08\/Andorra-Bike-3-Nacions-NW.jpg\" \/>\n\t<meta property=\"og:image:width\" content=\"400\" \/>\n\t<meta property=\"og:image:height\" content=\"280\" \/>\n\t<meta property=\"og:image:type\" content=\"image\/jpeg\" \/>\n<meta name=\"author\" content=\"Rutes Entre Refugis\" \/>\n<meta name=\"twitter:card\" content=\"summary_large_image\" \/>\n<meta name=\"twitter:label1\" content=\"Escrito por\" \/>\n\t<meta name=\"twitter:data1\" content=\"Rutes Entre Refugis\" \/>\n\t<meta name=\"twitter:label2\" content=\"Tiempo de lectura\" \/>\n\t<meta name=\"twitter:data2\" content=\"6 minutos\" \/>\n<script type=\"application\/ld+json\" class=\"yoast-schema-graph\">{\"@context\":\"https:\\\/\\\/schema.org\",\"@graph\":[{\"@type\":\"Article\",\"@id\":\"https:\\\/\\\/rutesentrerefugis.com\\\/index.php\\\/es\\\/2024\\\/01\\\/22\\\/andorra-bike-3-naciones\\\/#article\",\"isPartOf\":{\"@id\":\"https:\\\/\\\/rutesentrerefugis.com\\\/index.php\\\/es\\\/2024\\\/01\\\/22\\\/andorra-bike-3-naciones\\\/\"},\"author\":{\"name\":\"Rutes Entre Refugis\",\"@id\":\"https:\\\/\\\/rutesentrerefugis.com\\\/#\\\/schema\\\/person\\\/6e6f59c84210840610f19bafce39adc2\"},\"headline\":\"ANDORRA BIKE 3 NACIONES\",\"datePublished\":\"2024-01-22T16:12:45+00:00\",\"dateModified\":\"2024-08-22T16:32:15+00:00\",\"mainEntityOfPage\":{\"@id\":\"https:\\\/\\\/rutesentrerefugis.com\\\/index.php\\\/es\\\/2024\\\/01\\\/22\\\/andorra-bike-3-naciones\\\/\"},\"wordCount\":115,\"commentCount\":0,\"publisher\":{\"@id\":\"https:\\\/\\\/rutesentrerefugis.com\\\/#organization\"},\"image\":{\"@id\":\"https:\\\/\\\/rutesentrerefugis.com\\\/index.php\\\/es\\\/2024\\\/01\\\/22\\\/andorra-bike-3-naciones\\\/#primaryimage\"},\"thumbnailUrl\":\"https:\\\/\\\/rutesentrerefugis.com\\\/wp-content\\\/uploads\\\/2024\\\/08\\\/Andorra-Bike-3-Nacions-NW.jpg\",\"keywords\":[\"Alt Urgell\",\"Andorra\",\"Andorra Bike Tracks\",\"Andorra la Vella\",\"Ari\u00e8ge\",\"Catalunya\",\"Cerdanya\",\"El Tarter\",\"Encamp\",\"Os de Civ\u00eds\",\"Pas de la Casa\",\"Puigcerd\u00e0\",\"Sant Juli\u00e0 de L\u00f2ria\"],\"articleSection\":[\"ANDORRA.\",\"Cicloturismo\",\"Ultima Ruta.\"],\"inLanguage\":\"es\",\"potentialAction\":[{\"@type\":\"CommentAction\",\"name\":\"Comment\",\"target\":[\"https:\\\/\\\/rutesentrerefugis.com\\\/index.php\\\/es\\\/2024\\\/01\\\/22\\\/andorra-bike-3-naciones\\\/#respond\"]}]},{\"@type\":\"WebPage\",\"@id\":\"https:\\\/\\\/rutesentrerefugis.com\\\/index.php\\\/es\\\/2024\\\/01\\\/22\\\/andorra-bike-3-naciones\\\/\",\"url\":\"https:\\\/\\\/rutesentrerefugis.com\\\/index.php\\\/es\\\/2024\\\/01\\\/22\\\/andorra-bike-3-naciones\\\/\",\"name\":\"ANDORRA BIKE 3 NACIONES - Rutes Entre Refugis\",\"isPartOf\":{\"@id\":\"https:\\\/\\\/rutesentrerefugis.com\\\/#website\"},\"primaryImageOfPage\":{\"@id\":\"https:\\\/\\\/rutesentrerefugis.com\\\/index.php\\\/es\\\/2024\\\/01\\\/22\\\/andorra-bike-3-naciones\\\/#primaryimage\"},\"image\":{\"@id\":\"https:\\\/\\\/rutesentrerefugis.com\\\/index.php\\\/es\\\/2024\\\/01\\\/22\\\/andorra-bike-3-naciones\\\/#primaryimage\"},\"thumbnailUrl\":\"https:\\\/\\\/rutesentrerefugis.com\\\/wp-content\\\/uploads\\\/2024\\\/08\\\/Andorra-Bike-3-Nacions-NW.jpg\",\"datePublished\":\"2024-01-22T16:12:45+00:00\",\"dateModified\":\"2024-08-22T16:32:15+00:00\",\"breadcrumb\":{\"@id\":\"https:\\\/\\\/rutesentrerefugis.com\\\/index.php\\\/es\\\/2024\\\/01\\\/22\\\/andorra-bike-3-naciones\\\/#breadcrumb\"},\"inLanguage\":\"es\",\"potentialAction\":[{\"@type\":\"ReadAction\",\"target\":[\"https:\\\/\\\/rutesentrerefugis.com\\\/index.php\\\/es\\\/2024\\\/01\\\/22\\\/andorra-bike-3-naciones\\\/\"]}]},{\"@type\":\"ImageObject\",\"inLanguage\":\"es\",\"@id\":\"https:\\\/\\\/rutesentrerefugis.com\\\/index.php\\\/es\\\/2024\\\/01\\\/22\\\/andorra-bike-3-naciones\\\/#primaryimage\",\"url\":\"https:\\\/\\\/rutesentrerefugis.com\\\/wp-content\\\/uploads\\\/2024\\\/08\\\/Andorra-Bike-3-Nacions-NW.jpg\",\"contentUrl\":\"https:\\\/\\\/rutesentrerefugis.com\\\/wp-content\\\/uploads\\\/2024\\\/08\\\/Andorra-Bike-3-Nacions-NW.jpg\",\"width\":400,\"height\":280},{\"@type\":\"BreadcrumbList\",\"@id\":\"https:\\\/\\\/rutesentrerefugis.com\\\/index.php\\\/es\\\/2024\\\/01\\\/22\\\/andorra-bike-3-naciones\\\/#breadcrumb\",\"itemListElement\":[{\"@type\":\"ListItem\",\"position\":1,\"name\":\"Inici\",\"item\":\"https:\\\/\\\/rutesentrerefugis.com\\\/\"},{\"@type\":\"ListItem\",\"position\":2,\"name\":\"ANDORRA BIKE 3 NACIONES\"}]},{\"@type\":\"WebSite\",\"@id\":\"https:\\\/\\\/rutesentrerefugis.com\\\/#website\",\"url\":\"https:\\\/\\\/rutesentrerefugis.com\\\/\",\"name\":\"Rutes Entre Refugis\",\"description\":\"Caminant sota un nom\",\"publisher\":{\"@id\":\"https:\\\/\\\/rutesentrerefugis.com\\\/#organization\"},\"potentialAction\":[{\"@type\":\"SearchAction\",\"target\":{\"@type\":\"EntryPoint\",\"urlTemplate\":\"https:\\\/\\\/rutesentrerefugis.com\\\/?s={search_term_string}\"},\"query-input\":{\"@type\":\"PropertyValueSpecification\",\"valueRequired\":true,\"valueName\":\"search_term_string\"}}],\"inLanguage\":\"es\"},{\"@type\":\"Organization\",\"@id\":\"https:\\\/\\\/rutesentrerefugis.com\\\/#organization\",\"name\":\"Rutes Entre Refugis\",\"url\":\"https:\\\/\\\/rutesentrerefugis.com\\\/\",\"logo\":{\"@type\":\"ImageObject\",\"inLanguage\":\"es\",\"@id\":\"https:\\\/\\\/rutesentrerefugis.com\\\/#\\\/schema\\\/logo\\\/image\\\/\",\"url\":\"https:\\\/\\\/rutesentrerefugis.com\\\/wp-content\\\/uploads\\\/2022\\\/08\\\/RutesEntreRefugis-Blanc-Retina-1.png\",\"contentUrl\":\"https:\\\/\\\/rutesentrerefugis.com\\\/wp-content\\\/uploads\\\/2022\\\/08\\\/RutesEntreRefugis-Blanc-Retina-1.png\",\"width\":400,\"height\":400,\"caption\":\"Rutes Entre Refugis\"},\"image\":{\"@id\":\"https:\\\/\\\/rutesentrerefugis.com\\\/#\\\/schema\\\/logo\\\/image\\\/\"}},{\"@type\":\"Person\",\"@id\":\"https:\\\/\\\/rutesentrerefugis.com\\\/#\\\/schema\\\/person\\\/6e6f59c84210840610f19bafce39adc2\",\"name\":\"Rutes Entre Refugis\",\"image\":{\"@type\":\"ImageObject\",\"inLanguage\":\"es\",\"@id\":\"https:\\\/\\\/rutesentrerefugis.com\\\/wp-content\\\/uploads\\\/2023\\\/05\\\/avatar_user_2_1683354561-96x96.jpg\",\"url\":\"https:\\\/\\\/rutesentrerefugis.com\\\/wp-content\\\/uploads\\\/2023\\\/05\\\/avatar_user_2_1683354561-96x96.jpg\",\"contentUrl\":\"https:\\\/\\\/rutesentrerefugis.com\\\/wp-content\\\/uploads\\\/2023\\\/05\\\/avatar_user_2_1683354561-96x96.jpg\",\"caption\":\"Rutes Entre Refugis\"},\"url\":\"https:\\\/\\\/rutesentrerefugis.com\\\/index.php\\\/author\\\/entre-refugis\\\/\"}]}<\/script>\n<!-- \/ Yoast SEO plugin. -->","yoast_head_json":{"title":"ANDORRA BIKE 3 NACIONES - Rutes Entre Refugis","robots":{"index":"index","follow":"follow","max-snippet":"max-snippet:-1","max-image-preview":"max-image-preview:large","max-video-preview":"max-video-preview:-1"},"canonical":"https:\/\/rutesentrerefugis.com\/index.php\/es\/2024\/01\/22\/andorra-bike-3-naciones\/","og_locale":"es_ES","og_type":"article","og_title":"ANDORRA BIKE 3 NACIONES - Rutes Entre Refugis","og_description":"\u00b7 ANDORRA BIKE 3 NACIONES \u00b7 UBICACI\u00d3N AndorraAri\u00e8ge Capcir Catalunya PARROQUIAS \/ COMARCAS EncampCanilloCerdanyaAlt Urgell WEB &#8211; REDES SOCIALES www.andorra-bike-tracks-road.com NIVEL ALTO 4 ETAPAS 393","og_url":"https:\/\/rutesentrerefugis.com\/index.php\/es\/2024\/01\/22\/andorra-bike-3-naciones\/","og_site_name":"Rutes Entre Refugis","article_published_time":"2024-01-22T16:12:45+00:00","article_modified_time":"2024-08-22T16:32:15+00:00","og_image":[{"width":400,"height":280,"url":"https:\/\/rutesentrerefugis.com\/wp-content\/uploads\/2024\/08\/Andorra-Bike-3-Nacions-NW.jpg","type":"image\/jpeg"}],"author":"Rutes Entre Refugis","twitter_card":"summary_large_image","twitter_misc":{"Escrito por":"Rutes Entre Refugis","Tiempo de lectura":"6 minutos"},"schema":{"@context":"https:\/\/schema.org","@graph":[{"@type":"Article","@id":"https:\/\/rutesentrerefugis.com\/index.php\/es\/2024\/01\/22\/andorra-bike-3-naciones\/#article","isPartOf":{"@id":"https:\/\/rutesentrerefugis.com\/index.php\/es\/2024\/01\/22\/andorra-bike-3-naciones\/"},"author":{"name":"Rutes Entre Refugis","@id":"https:\/\/rutesentrerefugis.com\/#\/schema\/person\/6e6f59c84210840610f19bafce39adc2"},"headline":"ANDORRA BIKE 3 NACIONES","datePublished":"2024-01-22T16:12:45+00:00","dateModified":"2024-08-22T16:32:15+00:00","mainEntityOfPage":{"@id":"https:\/\/rutesentrerefugis.com\/index.php\/es\/2024\/01\/22\/andorra-bike-3-naciones\/"},"wordCount":115,"commentCount":0,"publisher":{"@id":"https:\/\/rutesentrerefugis.com\/#organization"},"image":{"@id":"https:\/\/rutesentrerefugis.com\/index.php\/es\/2024\/01\/22\/andorra-bike-3-naciones\/#primaryimage"},"thumbnailUrl":"https:\/\/rutesentrerefugis.com\/wp-content\/uploads\/2024\/08\/Andorra-Bike-3-Nacions-NW.jpg","keywords":["Alt Urgell","Andorra","Andorra Bike Tracks","Andorra la Vella","Ari\u00e8ge","Catalunya","Cerdanya","El Tarter","Encamp","Os de Civ\u00eds","Pas de la Casa","Puigcerd\u00e0","Sant Juli\u00e0 de L\u00f2ria"],"articleSection":["ANDORRA.","Cicloturismo","Ultima Ruta."],"inLanguage":"es","potentialAction":[{"@type":"CommentAction","name":"Comment","target":["https:\/\/rutesentrerefugis.com\/index.php\/es\/2024\/01\/22\/andorra-bike-3-naciones\/#respond"]}]},{"@type":"WebPage","@id":"https:\/\/rutesentrerefugis.com\/index.php\/es\/2024\/01\/22\/andorra-bike-3-naciones\/","url":"https:\/\/rutesentrerefugis.com\/index.php\/es\/2024\/01\/22\/andorra-bike-3-naciones\/","name":"ANDORRA BIKE 3 NACIONES - Rutes Entre Refugis","isPartOf":{"@id":"https:\/\/rutesentrerefugis.com\/#website"},"primaryImageOfPage":{"@id":"https:\/\/rutesentrerefugis.com\/index.php\/es\/2024\/01\/22\/andorra-bike-3-naciones\/#primaryimage"},"image":{"@id":"https:\/\/rutesentrerefugis.com\/index.php\/es\/2024\/01\/22\/andorra-bike-3-naciones\/#primaryimage"},"thumbnailUrl":"https:\/\/rutesentrerefugis.com\/wp-content\/uploads\/2024\/08\/Andorra-Bike-3-Nacions-NW.jpg","datePublished":"2024-01-22T16:12:45+00:00","dateModified":"2024-08-22T16:32:15+00:00","breadcrumb":{"@id":"https:\/\/rutesentrerefugis.com\/index.php\/es\/2024\/01\/22\/andorra-bike-3-naciones\/#breadcrumb"},"inLanguage":"es","potentialAction":[{"@type":"ReadAction","target":["https:\/\/rutesentrerefugis.com\/index.php\/es\/2024\/01\/22\/andorra-bike-3-naciones\/"]}]},{"@type":"ImageObject","inLanguage":"es","@id":"https:\/\/rutesentrerefugis.com\/index.php\/es\/2024\/01\/22\/andorra-bike-3-naciones\/#primaryimage","url":"https:\/\/rutesentrerefugis.com\/wp-content\/uploads\/2024\/08\/Andorra-Bike-3-Nacions-NW.jpg","contentUrl":"https:\/\/rutesentrerefugis.com\/wp-content\/uploads\/2024\/08\/Andorra-Bike-3-Nacions-NW.jpg","width":400,"height":280},{"@type":"BreadcrumbList","@id":"https:\/\/rutesentrerefugis.com\/index.php\/es\/2024\/01\/22\/andorra-bike-3-naciones\/#breadcrumb","itemListElement":[{"@type":"ListItem","position":1,"name":"Inici","item":"https:\/\/rutesentrerefugis.com\/"},{"@type":"ListItem","position":2,"name":"ANDORRA BIKE 3 NACIONES"}]},{"@type":"WebSite","@id":"https:\/\/rutesentrerefugis.com\/#website","url":"https:\/\/rutesentrerefugis.com\/","name":"Rutes Entre Refugis","description":"Caminant sota un nom","publisher":{"@id":"https:\/\/rutesentrerefugis.com\/#organization"},"potentialAction":[{"@type":"SearchAction","target":{"@type":"EntryPoint","urlTemplate":"https:\/\/rutesentrerefugis.com\/?s={search_term_string}"},"query-input":{"@type":"PropertyValueSpecification","valueRequired":true,"valueName":"search_term_string"}}],"inLanguage":"es"},{"@type":"Organization","@id":"https:\/\/rutesentrerefugis.com\/#organization","name":"Rutes Entre Refugis","url":"https:\/\/rutesentrerefugis.com\/","logo":{"@type":"ImageObject","inLanguage":"es","@id":"https:\/\/rutesentrerefugis.com\/#\/schema\/logo\/image\/","url":"https:\/\/rutesentrerefugis.com\/wp-content\/uploads\/2022\/08\/RutesEntreRefugis-Blanc-Retina-1.png","contentUrl":"https:\/\/rutesentrerefugis.com\/wp-content\/uploads\/2022\/08\/RutesEntreRefugis-Blanc-Retina-1.png","width":400,"height":400,"caption":"Rutes Entre Refugis"},"image":{"@id":"https:\/\/rutesentrerefugis.com\/#\/schema\/logo\/image\/"}},{"@type":"Person","@id":"https:\/\/rutesentrerefugis.com\/#\/schema\/person\/6e6f59c84210840610f19bafce39adc2","name":"Rutes Entre Refugis","image":{"@type":"ImageObject","inLanguage":"es","@id":"https:\/\/rutesentrerefugis.com\/wp-content\/uploads\/2023\/05\/avatar_user_2_1683354561-96x96.jpg","url":"https:\/\/rutesentrerefugis.com\/wp-content\/uploads\/2023\/05\/avatar_user_2_1683354561-96x96.jpg","contentUrl":"https:\/\/rutesentrerefugis.com\/wp-content\/uploads\/2023\/05\/avatar_user_2_1683354561-96x96.jpg","caption":"Rutes Entre Refugis"},"url":"https:\/\/rutesentrerefugis.com\/index.php\/author\/entre-refugis\/"}]}},"_links":{"self":[{"href":"https:\/\/rutesentrerefugis.com\/index.php\/wp-json\/wp\/v2\/posts\/22377","targetHints":{"allow":["GET"]}}],"collection":[{"href":"https:\/\/rutesentrerefugis.com\/index.php\/wp-json\/wp\/v2\/posts"}],"about":[{"href":"https:\/\/rutesentrerefugis.com\/index.php\/wp-json\/wp\/v2\/types\/post"}],"author":[{"embeddable":true,"href":"https:\/\/rutesentrerefugis.com\/index.php\/wp-json\/wp\/v2\/users\/2"}],"replies":[{"embeddable":true,"href":"https:\/\/rutesentrerefugis.com\/index.php\/wp-json\/wp\/v2\/comments?post=22377"}],"version-history":[{"count":22,"href":"https:\/\/rutesentrerefugis.com\/index.php\/wp-json\/wp\/v2\/posts\/22377\/revisions"}],"predecessor-version":[{"id":22405,"href":"https:\/\/rutesentrerefugis.com\/index.php\/wp-json\/wp\/v2\/posts\/22377\/revisions\/22405"}],"wp:featuredmedia":[{"embeddable":true,"href":"https:\/\/rutesentrerefugis.com\/index.php\/wp-json\/wp\/v2\/media\/22375"}],"wp:attachment":[{"href":"https:\/\/rutesentrerefugis.com\/index.php\/wp-json\/wp\/v2\/media?parent=22377"}],"wp:term":[{"taxonomy":"category","embeddable":true,"href":"https:\/\/rutesentrerefugis.com\/index.php\/wp-json\/wp\/v2\/categories?post=22377"},{"taxonomy":"post_tag","embeddable":true,"href":"https:\/\/rutesentrerefugis.com\/index.php\/wp-json\/wp\/v2\/tags?post=22377"}],"curies":[{"name":"wp","href":"https:\/\/api.w.org\/{rel}","templated":true}]}}