{"id":25395,"date":"2025-03-26T18:22:32","date_gmt":"2025-03-26T18:22:32","guid":{"rendered":"https:\/\/rutesentrerefugis.com\/?p=25395"},"modified":"2025-03-26T18:58:27","modified_gmt":"2025-03-26T18:58:27","slug":"puig-i-cadafalch-es","status":"publish","type":"post","link":"https:\/\/rutesentrerefugis.com\/index.php\/es\/2025\/03\/26\/puig-i-cadafalch-es\/","title":{"rendered":"PUIG I CADAFALCH"},"content":{"rendered":"\t\t<div data-elementor-type=\"wp-post\" data-elementor-id=\"25395\" class=\"elementor elementor-25395\" data-elementor-post-type=\"post\">\n\t\t\t\t\t\t<section class=\"elementor-section elementor-top-section elementor-element elementor-element-49e71f9 elementor-section-full_width elementor-section-height-default elementor-section-height-default\" data-id=\"49e71f9\" data-element_type=\"section\" data-e-type=\"section\">\n\t\t\t\t\t\t<div class=\"elementor-container elementor-column-gap-default\">\n\t\t\t\t\t<div class=\"elementor-column elementor-col-100 elementor-top-column elementor-element elementor-element-e8a3f1b\" data-id=\"e8a3f1b\" data-element_type=\"column\" data-e-type=\"column\" data-settings=\"{&quot;background_background&quot;:&quot;classic&quot;}\">\n\t\t\t<div class=\"elementor-widget-wrap elementor-element-populated\">\n\t\t\t\t\t\t<div class=\"elementor-element elementor-element-e0bd260 elementor-widget elementor-widget-image\" data-id=\"e0bd260\" data-element_type=\"widget\" data-e-type=\"widget\" data-widget_type=\"image.default\">\n\t\t\t\t<div class=\"elementor-widget-container\">\n\t\t\t\t\t\t\t\t\t\t\t\t\t\t\t<img fetchpriority=\"high\" decoding=\"async\" width=\"2000\" height=\"450\" src=\"https:\/\/rutesentrerefugis.com\/wp-content\/uploads\/2025\/03\/Puig-i-Cadafalch-Cap.jpg\" class=\"attachment-full size-full wp-image-25132\" alt=\"\" srcset=\"https:\/\/rutesentrerefugis.com\/wp-content\/uploads\/2025\/03\/Puig-i-Cadafalch-Cap.jpg 2000w, https:\/\/rutesentrerefugis.com\/wp-content\/uploads\/2025\/03\/Puig-i-Cadafalch-Cap-300x68.jpg 300w, https:\/\/rutesentrerefugis.com\/wp-content\/uploads\/2025\/03\/Puig-i-Cadafalch-Cap-1024x230.jpg 1024w, https:\/\/rutesentrerefugis.com\/wp-content\/uploads\/2025\/03\/Puig-i-Cadafalch-Cap-768x173.jpg 768w, https:\/\/rutesentrerefugis.com\/wp-content\/uploads\/2025\/03\/Puig-i-Cadafalch-Cap-1536x346.jpg 1536w\" sizes=\"(max-width: 2000px) 100vw, 2000px\" \/>\t\t\t\t\t\t\t\t\t\t\t\t\t\t\t<\/div>\n\t\t\t\t<\/div>\n\t\t\t\t\t<\/div>\n\t\t<\/div>\n\t\t\t\t\t<\/div>\n\t\t<\/section>\n\t\t\t\t<section class=\"elementor-section elementor-top-section elementor-element elementor-element-f5da543 elementor-section-full_width elementor-section-height-default elementor-section-height-default\" data-id=\"f5da543\" data-element_type=\"section\" data-e-type=\"section\">\n\t\t\t\t\t\t<div class=\"elementor-container elementor-column-gap-default\">\n\t\t\t\t\t<div class=\"elementor-column elementor-col-100 elementor-top-column elementor-element elementor-element-a7b3bf6\" data-id=\"a7b3bf6\" data-element_type=\"column\" data-e-type=\"column\" data-settings=\"{&quot;background_background&quot;:&quot;classic&quot;}\">\n\t\t\t<div class=\"elementor-widget-wrap elementor-element-populated\">\n\t\t\t\t\t\t<div class=\"elementor-element elementor-element-904cab1 elementor-widget elementor-widget-heading\" data-id=\"904cab1\" data-element_type=\"widget\" data-e-type=\"widget\" data-widget_type=\"heading.default\">\n\t\t\t\t<div class=\"elementor-widget-container\">\n\t\t\t\t\t<h2 class=\"elementor-heading-title elementor-size-default\">PUIG I CADAFALCH<\/h2>\t\t\t\t<\/div>\n\t\t\t\t<\/div>\n\t\t\t\t\t<\/div>\n\t\t<\/div>\n\t\t\t\t\t<\/div>\n\t\t<\/section>\n\t\t\t\t<section class=\"elementor-section elementor-top-section elementor-element elementor-element-6dc0412 elementor-section-full_width elementor-section-height-default elementor-section-height-default\" data-id=\"6dc0412\" data-element_type=\"section\" data-e-type=\"section\">\n\t\t\t\t\t\t<div class=\"elementor-container elementor-column-gap-default\">\n\t\t\t\t\t<div class=\"elementor-column elementor-col-100 elementor-top-column elementor-element elementor-element-414505c\" data-id=\"414505c\" data-element_type=\"column\" data-e-type=\"column\" data-settings=\"{&quot;background_background&quot;:&quot;classic&quot;}\">\n\t\t\t<div class=\"elementor-widget-wrap elementor-element-populated\">\n\t\t\t\t\t\t<div class=\"elementor-element elementor-element-5b37f04 elementor-widget-divider--view-line elementor-widget elementor-widget-divider\" data-id=\"5b37f04\" data-element_type=\"widget\" data-e-type=\"widget\" data-widget_type=\"divider.default\">\n\t\t\t\t<div class=\"elementor-widget-container\">\n\t\t\t\t\t\t\t<div class=\"elementor-divider\">\n\t\t\t<span class=\"elementor-divider-separator\">\n\t\t\t\t\t\t<\/span>\n\t\t<\/div>\n\t\t\t\t\t\t<\/div>\n\t\t\t\t<\/div>\n\t\t\t\t\t<\/div>\n\t\t<\/div>\n\t\t\t\t\t<\/div>\n\t\t<\/section>\n\t\t\t\t<section class=\"elementor-section elementor-top-section elementor-element elementor-element-42fd159 elementor-section-full_width elementor-section-height-default elementor-section-height-default\" data-id=\"42fd159\" data-element_type=\"section\" data-e-type=\"section\">\n\t\t\t\t\t\t<div class=\"elementor-container elementor-column-gap-default\">\n\t\t\t\t\t<div class=\"elementor-column elementor-col-100 elementor-top-column elementor-element elementor-element-35641fc\" data-id=\"35641fc\" data-element_type=\"column\" data-e-type=\"column\">\n\t\t\t<div class=\"elementor-widget-wrap elementor-element-populated\">\n\t\t\t\t\t\t<div class=\"elementor-element elementor-element-c647afa elementor-widget elementor-widget-spacer\" data-id=\"c647afa\" data-element_type=\"widget\" data-e-type=\"widget\" data-widget_type=\"spacer.default\">\n\t\t\t\t<div class=\"elementor-widget-container\">\n\t\t\t\t\t\t\t<div class=\"elementor-spacer\">\n\t\t\t<div class=\"elementor-spacer-inner\"><\/div>\n\t\t<\/div>\n\t\t\t\t\t\t<\/div>\n\t\t\t\t<\/div>\n\t\t\t\t\t<\/div>\n\t\t<\/div>\n\t\t\t\t\t<\/div>\n\t\t<\/section>\n\t\t\t\t<section class=\"elementor-section elementor-top-section elementor-element elementor-element-71d3942 elementor-section-full_width elementor-section-height-default elementor-section-height-default\" data-id=\"71d3942\" data-element_type=\"section\" data-e-type=\"section\">\n\t\t\t\t\t\t<div class=\"elementor-container elementor-column-gap-default\">\n\t\t\t\t\t<div class=\"elementor-column elementor-col-100 elementor-top-column elementor-element elementor-element-991de4d\" data-id=\"991de4d\" data-element_type=\"column\" data-e-type=\"column\">\n\t\t\t<div class=\"elementor-widget-wrap elementor-element-populated\">\n\t\t\t\t\t\t<div class=\"elementor-element elementor-element-bdbabf5 elementor-widget elementor-widget-heading\" data-id=\"bdbabf5\" data-element_type=\"widget\" data-e-type=\"widget\" data-widget_type=\"heading.default\">\n\t\t\t\t<div class=\"elementor-widget-container\">\n\t\t\t\t\t<h2 class=\"elementor-heading-title elementor-size-default\">LA MISI\u00d3N ARQUEOL\u00d3GICA DE 1907<\/h2>\t\t\t\t<\/div>\n\t\t\t\t<\/div>\n\t\t\t\t\t<\/div>\n\t\t<\/div>\n\t\t\t\t\t<\/div>\n\t\t<\/section>\n\t\t\t\t<section class=\"elementor-section elementor-top-section elementor-element elementor-element-75d0eec elementor-section-full_width elementor-section-height-default elementor-section-height-default\" data-id=\"75d0eec\" data-element_type=\"section\" data-e-type=\"section\">\n\t\t\t\t\t\t<div class=\"elementor-container elementor-column-gap-default\">\n\t\t\t\t\t<div class=\"elementor-column elementor-col-100 elementor-top-column elementor-element elementor-element-2125826\" data-id=\"2125826\" data-element_type=\"column\" data-e-type=\"column\">\n\t\t\t<div class=\"elementor-widget-wrap elementor-element-populated\">\n\t\t\t\t\t\t<div class=\"elementor-element elementor-element-5711d63 elementor-widget elementor-widget-text-editor\" data-id=\"5711d63\" data-element_type=\"widget\" data-e-type=\"widget\" data-widget_type=\"text-editor.default\">\n\t\t\t\t<div class=\"elementor-widget-container\">\n\t\t\t\t\t\t\t\t\t<h6>Cr\u00f3nica escrita por ENRIC SOLER I RASPALL,<br \/>publicada en la revista MUNTANYA n\u00famero 921<\/h6>\t\t\t\t\t\t\t\t<\/div>\n\t\t\t\t<\/div>\n\t\t\t\t\t<\/div>\n\t\t<\/div>\n\t\t\t\t\t<\/div>\n\t\t<\/section>\n\t\t\t\t<section class=\"elementor-section elementor-top-section elementor-element elementor-element-a16c7cf elementor-section-full_width elementor-section-height-default elementor-section-height-default\" data-id=\"a16c7cf\" data-element_type=\"section\" data-e-type=\"section\">\n\t\t\t\t\t\t<div class=\"elementor-container elementor-column-gap-default\">\n\t\t\t\t\t<div class=\"elementor-column elementor-col-100 elementor-top-column elementor-element elementor-element-af9efcc\" data-id=\"af9efcc\" data-element_type=\"column\" data-e-type=\"column\">\n\t\t\t<div class=\"elementor-widget-wrap elementor-element-populated\">\n\t\t\t\t\t\t<div class=\"elementor-element elementor-element-2e96a7f elementor-widget elementor-widget-text-editor\" data-id=\"2e96a7f\" data-element_type=\"widget\" data-e-type=\"widget\" data-widget_type=\"text-editor.default\">\n\t\t\t\t<div class=\"elementor-widget-container\">\n\t\t\t\t\t\t\t\t\t<h4><span style=\"color: #b40404;\"><b><u>EL NACIMIENTO DE UN PROYECTO<\/u><\/b><\/span><\/h4>\n<h5>Fue de forma fortuita, mientras visitaba una exposici\u00f3n en CaixaF\u00f2rum Barcelona, cuando descubr\u00ed en la librer\u00eda un cat\u00e1logo que la Fundaci\u00f3 \u201cla Caixa\u201d hab\u00eda editado junto con la Fundaci\u00f3 Institut Amatller d&#8217;Art Hisp\u00e0nic para conmemorar una gran efem\u00e9ride.<\/br>\n<\/br>\nEn 2007 se hab\u00edan cumplido cien a\u00f1os desde que los cinco protagonistas de esta historia pusieran en marcha un camino que les llevar\u00eda por cuatro valles pirenaicos, con el objetivo de documentar, inventariar y valorizar lo que hab\u00eda en las iglesias rom\u00e1nicas de aquellos valles, desde entonces remotos y de dif\u00edcil acceso desde la capital. El cat\u00e1logo me fascin\u00f3, ya que hab\u00eda reproducidas, p\u00e1gina a p\u00e1gina, los cuadernos de dos de los expedicionarios, adem\u00e1s de estar profusamente ilustrado con las fotograf\u00edas de otro de los personajes de esta larga traves\u00eda, que al final dur\u00f3 14 d\u00edas. La informaci\u00f3n recogida durante el recorrido sirvi\u00f3 para la posterior salvaguarda de esculturas, pinturas y otros bienes eclesi\u00e1sticos, en el Museu Nacional d&#8217;Art de Catalunya (MNAC), en el Museu Episcopal de Vic, en el Maricel de Sitges y en otros organismos, p\u00fablicos y privados.<\/br>\n<\/br>\nInmediatamente me pregunt\u00e9 si alguien hab\u00eda reproducido ese viaje, ya que se trataba de toda una traves\u00eda pirenaica y si alguien hab\u00eda escrito algo. Ante la negativa de ambas preguntas, decid\u00ed ponerme manos a la obra y empezar a documentarme, de cara a rehacer la ruta (si eso era posible) y escribir un nuevo libro. As\u00ed naci\u00f3 mi proyecto, a ra\u00edz de otro ya existente, que me llevar\u00eda indefectiblemente hacia inicios del siglo XX.<\/h5>\t\t\t\t\t\t\t\t<\/div>\n\t\t\t\t<\/div>\n\t\t\t\t\t<\/div>\n\t\t<\/div>\n\t\t\t\t\t<\/div>\n\t\t<\/section>\n\t\t\t\t<section class=\"elementor-section elementor-top-section elementor-element elementor-element-3328816 elementor-section-full_width elementor-section-height-default elementor-section-height-default\" data-id=\"3328816\" data-element_type=\"section\" data-e-type=\"section\">\n\t\t\t\t\t\t<div class=\"elementor-container elementor-column-gap-default\">\n\t\t\t\t\t<div class=\"elementor-column elementor-col-66 elementor-top-column elementor-element elementor-element-ddf47b3\" data-id=\"ddf47b3\" data-element_type=\"column\" data-e-type=\"column\">\n\t\t\t<div class=\"elementor-widget-wrap elementor-element-populated\">\n\t\t\t\t\t\t<div class=\"elementor-element elementor-element-5de29ad elementor-widget elementor-widget-text-editor\" data-id=\"5de29ad\" data-element_type=\"widget\" data-e-type=\"widget\" data-widget_type=\"text-editor.default\">\n\t\t\t\t<div class=\"elementor-widget-container\">\n\t\t\t\t\t\t\t\t\t<h4><span style=\"color: #b40404;\"><b><u>LA MISI\u00d3N ARQUEOL\u00d3GICA DE 1907<\/u><\/b><\/span><\/h4>\n<h5>El d\u00eda 18 de junio de 1907, fruto del empuje de Enric Prat de la Riba \u2013entonces presidente de la Diputaci\u00f3 de Barcelona\u2013 se cre\u00f3 el Institut d&#8217;Estudis Catalans, con el objetivo de valorar el patrimonio natural, hist\u00f3rico y humano de Catalunya; por lo que se dot\u00f3 al conjunto de un marcado car\u00e1cter patri\u00f3tico. Ese mismo a\u00f1o, se ped\u00eda al arquitecto Josep Puig i Cadafalch que redactara un ambicioso proyecto para dar a conocer el estado de los bienes muebles e inmuebles de las iglesias rom\u00e1nicas que hab\u00eda esparcidos por cuatro valles pirenaicos.<\/br>\n<\/br>\nEl equipo no va nada arbitrario. Los v\u00ednculos que se adivinan entre ellos nos ofrecen un equipo cohesionado que trabaj\u00f3 intensamente en los catorce d\u00edas que dur\u00f3 la expedici\u00f3n. En primer lugar, estaba Josep Puig i Cadafalch, que ten\u00eda 40 a\u00f1os. Por aquel entonces, ya era un arquitecto reputado, l\u00edder del movimiento modernista catal\u00e1n. El despertar por el rom\u00e1nico le hab\u00eda inculcado su maestro, el arquitecto Llu\u00eds Dom\u00e8nech i Montaner (diecisiete a\u00f1os mayor que \u00e9l), que curiosamente hab\u00eda recorrido estos mismos valles pallareses, ribagorzanos y araneses entre los a\u00f1os 1904 y 1905.<\/br>\n<\/br>\nJosep Gudiol Cunill, de 35 a\u00f1os, participaba en esta expedici\u00f3n con una doble funci\u00f3n: en primer lugar, como conservador del Museu Episcopal de Vic, ya que fue el encargado \u2013como demuestran las met\u00f3dicas anotaciones en sus dos diarios\u2013 de inventariar los bienes inmuebles de las iglesias. La disposici\u00f3n de los distintos elementos en los retablos, los instrumentos lit\u00fargicos, la descripci\u00f3n de las pinturas murales, etc. Pero, por otra parte, iba como cargo estamental religioso; por eso llevaba dos documentos firmados por los obispos de Urgell y de Vic que funcionaban como salvoconductos, para poder acceder sin trabas a todos los edificios religiosos que hab\u00eda a su paso.<\/br>\n<\/br>\nAdolf Mas i Ginest\u00e0, de 47 a\u00f1os, ya era entonces un fot\u00f3grafo de cierto reconocimiento. Hab\u00eda coincidido con Puig i Cadafalch en la cervecer\u00eda y cabaret Els Quatre Gats, situado en el edificio de la casa Mart\u00ed, edificado precisamente por Puig i Cadafalch. Era director y gerente de <em>Establissents Mass<\/em> desde 1905 y su rigor a la hora de trabajar \u2013especialmente en cuanto a la fotograf\u00eda del patrimonio hist\u00f3rico-art\u00edstico\u2013 le vali\u00f3 poder incorporarse al equipo.<\/em>\n<\/em>\nEl jurista Guillem Maria de Broc\u00e0 i de Montagut, de 57 a\u00f1os, hab\u00eda sido uno de los creadores del Institut d&#8217;Estudis Catalans y, por tanto, conoc\u00eda a Puig i Cadafalch. Siempre se ha dicho que se hab\u00eda a\u00f1adido a la expedici\u00f3n porque quer\u00eda realizar un estudio sobre la jurisprudencia y el derecho civil catal\u00e1n en la franja de poniente. Pero lo cierto es que, como consta en una cita del excursionista Cefer\u00ed Rocafort en uno de los boletines del Centre Excursionista de Catalunya, Guillem Maria de Broc\u00e0, adem\u00e1s, hab\u00eda estado varias veces en Caldes de Bo\u00ed y, por tanto, el recorrido desde all\u00ed en direcci\u00f3n al sur, ya les ser\u00eda conocido.<\/h5>\t\t\t\t\t\t\t\t<\/div>\n\t\t\t\t<\/div>\n\t\t\t\t\t<\/div>\n\t\t<\/div>\n\t\t\t\t<div class=\"elementor-column elementor-col-33 elementor-top-column elementor-element elementor-element-5757ef6\" data-id=\"5757ef6\" data-element_type=\"column\" data-e-type=\"column\">\n\t\t\t<div class=\"elementor-widget-wrap elementor-element-populated\">\n\t\t\t\t\t\t<div class=\"elementor-element elementor-element-d41c676 elementor-widget elementor-widget-image\" data-id=\"d41c676\" data-element_type=\"widget\" data-e-type=\"widget\" data-widget_type=\"image.default\">\n\t\t\t\t<div class=\"elementor-widget-container\">\n\t\t\t\t\t\t\t\t\t\t\t\t\t\t\t<img decoding=\"async\" width=\"578\" height=\"1024\" src=\"https:\/\/rutesentrerefugis.com\/wp-content\/uploads\/2025\/03\/Puig-i-Cadafalch-01-578x1024.jpg\" class=\"attachment-large size-large wp-image-25343\" alt=\"\" srcset=\"https:\/\/rutesentrerefugis.com\/wp-content\/uploads\/2025\/03\/Puig-i-Cadafalch-01-578x1024.jpg 578w, https:\/\/rutesentrerefugis.com\/wp-content\/uploads\/2025\/03\/Puig-i-Cadafalch-01-169x300.jpg 169w, https:\/\/rutesentrerefugis.com\/wp-content\/uploads\/2025\/03\/Puig-i-Cadafalch-01.jpg 700w\" sizes=\"(max-width: 578px) 100vw, 578px\" \/>\t\t\t\t\t\t\t\t\t\t\t\t\t\t\t<\/div>\n\t\t\t\t<\/div>\n\t\t\t\t\t<\/div>\n\t\t<\/div>\n\t\t\t\t\t<\/div>\n\t\t<\/section>\n\t\t\t\t<section class=\"elementor-section elementor-top-section elementor-element elementor-element-ade46a4 elementor-section-full_width elementor-section-height-default elementor-section-height-default\" data-id=\"ade46a4\" data-element_type=\"section\" data-e-type=\"section\">\n\t\t\t\t\t\t<div class=\"elementor-container elementor-column-gap-default\">\n\t\t\t\t\t<div class=\"elementor-column elementor-col-100 elementor-top-column elementor-element elementor-element-9fec491\" data-id=\"9fec491\" data-element_type=\"column\" data-e-type=\"column\">\n\t\t\t<div class=\"elementor-widget-wrap elementor-element-populated\">\n\t\t\t\t\t\t<div class=\"elementor-element elementor-element-b2e26fd elementor-widget elementor-widget-text-editor\" data-id=\"b2e26fd\" data-element_type=\"widget\" data-e-type=\"widget\" data-widget_type=\"text-editor.default\">\n\t\t\t\t<div class=\"elementor-widget-container\">\n\t\t\t\t\t\t\t\t\t<h5>Finalmente, tambi\u00e9n iba Josep Goday i Casals, de 26 a\u00f1os, en calidad de ayudante de Puig i Cadafalch. Sin embargo, hay que decir que, como se pudo comprobar especialmente en la labor que realizaron en la Val d&#8217;Aran, donde se separaron en dos grupos para recorrer e inventariar todo el valle en un solo d\u00eda, su versatilidad y resoluci\u00f3n a la hora de trabajar no fue menos que la de su maestro, con quien seguir\u00eda colaborando despu\u00e9s de la traves\u00eda. He aqu\u00ed, pues, el equipo de la misi\u00f3n arqueol\u00f3gica que, el d\u00eda 30 de agosto de 1907, parti\u00f3 de Barcelona para dirigirse, en tren, a Narbona y Toulouse.<\/h5>\t\t\t\t\t\t\t\t<\/div>\n\t\t\t\t<\/div>\n\t\t\t\t\t<\/div>\n\t\t<\/div>\n\t\t\t\t\t<\/div>\n\t\t<\/section>\n\t\t\t\t<section class=\"elementor-section elementor-top-section elementor-element elementor-element-72664eb elementor-section-full_width elementor-section-height-default elementor-section-height-default\" data-id=\"72664eb\" data-element_type=\"section\" data-e-type=\"section\">\n\t\t\t\t\t\t<div class=\"elementor-container elementor-column-gap-default\">\n\t\t\t\t\t<div class=\"elementor-column elementor-col-50 elementor-top-column elementor-element elementor-element-626aa2f\" data-id=\"626aa2f\" data-element_type=\"column\" data-e-type=\"column\">\n\t\t\t<div class=\"elementor-widget-wrap elementor-element-populated\">\n\t\t\t\t\t\t<div class=\"elementor-element elementor-element-9128629 elementor-widget elementor-widget-image\" data-id=\"9128629\" data-element_type=\"widget\" data-e-type=\"widget\" data-widget_type=\"image.default\">\n\t\t\t\t<div class=\"elementor-widget-container\">\n\t\t\t\t\t\t\t\t\t\t\t\t\t\t\t<img decoding=\"async\" width=\"700\" height=\"700\" src=\"https:\/\/rutesentrerefugis.com\/wp-content\/uploads\/2025\/03\/Puig-i-Cadafalch-02.jpg\" class=\"attachment-large size-large wp-image-25359\" alt=\"\" srcset=\"https:\/\/rutesentrerefugis.com\/wp-content\/uploads\/2025\/03\/Puig-i-Cadafalch-02.jpg 700w, https:\/\/rutesentrerefugis.com\/wp-content\/uploads\/2025\/03\/Puig-i-Cadafalch-02-300x300.jpg 300w, https:\/\/rutesentrerefugis.com\/wp-content\/uploads\/2025\/03\/Puig-i-Cadafalch-02-150x150.jpg 150w\" sizes=\"(max-width: 700px) 100vw, 700px\" \/>\t\t\t\t\t\t\t\t\t\t\t\t\t\t\t<\/div>\n\t\t\t\t<\/div>\n\t\t\t\t\t<\/div>\n\t\t<\/div>\n\t\t\t\t<div class=\"elementor-column elementor-col-50 elementor-top-column elementor-element elementor-element-709cf9b\" data-id=\"709cf9b\" data-element_type=\"column\" data-e-type=\"column\">\n\t\t\t<div class=\"elementor-widget-wrap elementor-element-populated\">\n\t\t\t\t\t\t<div class=\"elementor-element elementor-element-3b59656 elementor-widget elementor-widget-image\" data-id=\"3b59656\" data-element_type=\"widget\" data-e-type=\"widget\" data-widget_type=\"image.default\">\n\t\t\t\t<div class=\"elementor-widget-container\">\n\t\t\t\t\t\t\t\t\t\t\t\t\t\t\t<img loading=\"lazy\" decoding=\"async\" width=\"700\" height=\"700\" src=\"https:\/\/rutesentrerefugis.com\/wp-content\/uploads\/2025\/03\/Puig-i-Cadafalch-03.jpg\" class=\"attachment-large size-large wp-image-25360\" alt=\"\" srcset=\"https:\/\/rutesentrerefugis.com\/wp-content\/uploads\/2025\/03\/Puig-i-Cadafalch-03.jpg 700w, https:\/\/rutesentrerefugis.com\/wp-content\/uploads\/2025\/03\/Puig-i-Cadafalch-03-300x300.jpg 300w, https:\/\/rutesentrerefugis.com\/wp-content\/uploads\/2025\/03\/Puig-i-Cadafalch-03-150x150.jpg 150w\" sizes=\"(max-width: 700px) 100vw, 700px\" \/>\t\t\t\t\t\t\t\t\t\t\t\t\t\t\t<\/div>\n\t\t\t\t<\/div>\n\t\t\t\t\t<\/div>\n\t\t<\/div>\n\t\t\t\t\t<\/div>\n\t\t<\/section>\n\t\t\t\t<section class=\"elementor-section elementor-top-section elementor-element elementor-element-a18590c elementor-section-full_width elementor-section-height-default elementor-section-height-default\" data-id=\"a18590c\" data-element_type=\"section\" data-e-type=\"section\">\n\t\t\t\t\t\t<div class=\"elementor-container elementor-column-gap-default\">\n\t\t\t\t\t<div class=\"elementor-column elementor-col-100 elementor-top-column elementor-element elementor-element-1945d4e\" data-id=\"1945d4e\" data-element_type=\"column\" data-e-type=\"column\">\n\t\t\t<div class=\"elementor-widget-wrap elementor-element-populated\">\n\t\t\t\t\t\t<div class=\"elementor-element elementor-element-bff7e96 elementor-widget elementor-widget-text-editor\" data-id=\"bff7e96\" data-element_type=\"widget\" data-e-type=\"widget\" data-widget_type=\"text-editor.default\">\n\t\t\t\t<div class=\"elementor-widget-container\">\n\t\t\t\t\t\t\t\t\t<h4><span style=\"color: #b40404;\"><b><u>EL VALLE DE LUISHON Y LA VAL D&#8217;ARAN<\/u><\/b><\/span><\/h4>\n<h5>\u00bfPor qu\u00e9 empezaron este recorrido por tierras de la Catalu\u00f1a del Norte? Hay dos motivos de peso. En primer lugar, en el museo del monasterio de los Agustinos de Toulouse hab\u00eda agolpado \u2013m\u00e1s que almacenado\u2013 una cantidad ingente de material rom\u00e1nico y prerrom\u00e1nico (urnas y estelas funerarias) proveniente de las iglesias de aquella regi\u00f3n. Actualmente podemos visitar el Museo de los Agustinianos, donde quedaremos maravillados de todos los vestigios que se exponen, especialmente de la sala de los Capiteles. Adem\u00e1s, en la villa estaba la majestuosa iglesia de Sant Sadurn\u00ed, de la que no pod\u00edan obviar la visita, dado que era uno de los puntos destacados del camino de Santiago. Y en segundo lugar, resultaba imperativo inventariar las peque\u00f1as iglesias rom\u00e1nicas del valle del Arbost \u2013Sant Pe, Cas\u00f3s de l&#8217;Arbost y Sant Avent\u00ed\u2013 verdaderos exponentes del rom\u00e1nico pirenaico, de las que se ten\u00edan muy pocas noticias.<\/br>\n<\/br>\nAs\u00ed pues, la ruta de la misi\u00f3n arqueol\u00f3gica \u2013como la que pude recuperar, 107 a\u00f1os m\u00e1s tarde\u2013 comienza en Banh\u00e8ras de Luishon. Desde all\u00ed, antes de empezar a cruzar hacia el sur, conviene visitar el bonito valle del Arbost. Despu\u00e9s, subi\u00e9ndonos por los bosques esponerosos de hayas y robles que rodean el pueblo de Luishon ascendemos hasta el Portilh\u00f2n, puerta de acceso a la Val d&#8217;Aran. Justamente, en alg\u00fan punto de esta ascensi\u00f3n, Adolf Mas inmortaliz\u00f3 una fotograf\u00eda, de gran valor para la posteridad, porque se ve al equipo comandado por Puig i Cadafalch, que est\u00e1 situado en primer t\u00e9rmino, mirando a la c\u00e1mara. Se puede comprobar el equipamiento que llevaban: 90 kg de material fotogr\u00e1fico a lomos de machos y caballos.<\/br>\n<\/br>\nDesde el Portilh\u00f2n (1.293 m), el camino baja hasta Boss\u00f2st donde, siguiendo el cauce del r\u00edo Garona, se llega a Viella. All\u00ed, el equipo se reparti\u00f3 en dos grupos para peinar todo el valle en un solo d\u00eda, por lo que, despu\u00e9s de un d\u00eda de trabajo verdaderamente maratoniano, pasaron la noche en Salard\u00fa. Actualmente, nosotros tambi\u00e9n podemos hacerlo, haciendo noche en el refugio Juli Soler i Santal\u00f3. Aqu\u00ed es donde la historia nos proporciona el primer gui\u00f1o porque, si bien Guillem Maria de Broc\u00e0 era buen conocedor del valle de Bo\u00ed y de la ruta que se extend\u00eda hacia el sur desde Caldes de Bo\u00ed, el equipo de 1907 tuvo el privilegio de ser acompa\u00f1ado durante su estancia en el Ar\u00e1n por un gu\u00eda de excepci\u00f3n. Nada menos que Juli Soler i Santal\u00f3, que en 1903 hab\u00eda escrito <em>Excursiones por la Alta Ribagor\u00e7a<\/em> y en 1906 (justo el a\u00f1o antes de la expedici\u00f3n) <em<La Vall d'Aran<\/em>.<\/h5>\n<\/br>\n<h4><span style=\"color: #b40404;\"><b><u>UNA JORNADA PELIGROSA<\/u><\/b><\/span><\/h4>\n<h5>El d\u00eda 3 de septiembre de 1907 empez\u00f3 muy temprano. Mos\u00e9n Gudiol, que hab\u00eda pernoctado en Salard\u00fa, se hab\u00eda levantado a las cuatro y cuarto de la ma\u00f1ana para oficiar misa. A las cinco se hab\u00eda puesto en marcha hacia Salard\u00fa, donde hab\u00eda encontrado a todos los miembros del equipo todav\u00eda dormidos, extenuados. Se levantaron a las seis, pero no salieron del pueblo hasta las ocho pasadas, cabalgando a lomos de cinco machos, y otro de refuerzo para los bultos fotogr\u00e1ficos. Dice Gudiol que \u00aba les tres hores de cam\u00ed ja\u2019m recordava de l\u2019entrada a l\u2019infern explicada pel Dant\u00bb. Cuando iniciaron la \u00faltima subida hasta el puerto de Caldes, ahora ya a pie, el cielo estaba cubierto, del todo nublado, el suelo mojado y estaban exhaustos. Eran las dos y media cuando cruzaron el collado, las piernas les flaqueaban y todav\u00eda les faltaba todo el largo descenso hasta Caldes de Bo\u00ed. Actualmente, por supuesto, la red de refugios permite hacerlo con mucha m\u00e1s confortabilidad. Los caminos est\u00e1n suficientemente marcados, acotados e indicados en planos y coordenadas GPS. Los refugios de Colomers y del Ventosa i Calvell permiten partir esta larga jornada en dos, por lo que nada tiene que ver con aquella otra expedici\u00f3n, de hace m\u00e1s de cien a\u00f1os.<\/br>\n<\/br>\nAl bajar del puerto se perdieron: \u00abFeya un fred terrible y a les tres de la tarde trobarem un lloc abrigat entre dues roques per entre les que sortia ayga y\u2019ns aturarem per menjar algo.\u00bb Nuevamente en el camino, Adolf Mas resbal\u00f3 y cay\u00f3 de espaldas y recibi\u00f3 un fuerte golpe. Cuando ya anochec\u00eda, continuaban perdidos, bajando como buenamente pod\u00edan entre el roquedal. Por suerte, encontraron un numeroso reba\u00f1o de ovejas y cuando se acercaron, vieron al pastor. Entonces, dice Gudiol: \u00abV\u00e9 en Puig i Cadafalch y en Goday y li demanem que\u2019ns tregui d\u2019aquell lloch.\u00bb El pastor accedi\u00f3 a hacerlo e iniciaron el lento descenso entre los afrades de los lastres de la Morta. A las siete y media, ya a oscuras, el pastor y uno de los arrieros que llevaban se adelant\u00f3, dej\u00e1ndolos con el intento de encender fuego. Pasadas dos horas, vinieron los refuerzos y as\u00ed, despu\u00e9s de una aventura aut\u00e9nticamente \u00e9pica, llegaron a Caldes de Bo\u00ed a la una de la noche, diecis\u00e9is horas despu\u00e9s de haber iniciado el ascenso por la vertiente aran\u00e9sa, donde \u00abels banyistes nos dispensaren una carinyosa rebuda.\u00bb<\/br>\n<\/br>\nTras el espanto de ese d\u00eda, permanecieron un d\u00eda de descanso en Caldes de Bo\u00ed, para rehacerse y reponer fuerzas. Fue all\u00ed donde el padre Gudiol escribi\u00f3 un art\u00edculo que se publicar\u00eda el 11 de septiembre del mismo a\u00f1o en la Gazeta Montanyesa de Vic, titulado: Jornada peligrosa.<\/h5>\t\t\t\t\t\t\t\t<\/div>\n\t\t\t\t<\/div>\n\t\t\t\t\t<\/div>\n\t\t<\/div>\n\t\t\t\t\t<\/div>\n\t\t<\/section>\n\t\t\t\t<section class=\"elementor-section elementor-top-section elementor-element elementor-element-13f89a5 elementor-section-full_width elementor-section-height-default elementor-section-height-default\" data-id=\"13f89a5\" data-element_type=\"section\" data-e-type=\"section\">\n\t\t\t\t\t\t<div class=\"elementor-container elementor-column-gap-default\">\n\t\t\t\t\t<div class=\"elementor-column elementor-col-50 elementor-top-column elementor-element elementor-element-639b657\" data-id=\"639b657\" data-element_type=\"column\" data-e-type=\"column\">\n\t\t\t<div class=\"elementor-widget-wrap elementor-element-populated\">\n\t\t\t\t\t\t<div class=\"elementor-element elementor-element-e3600d9 elementor-widget elementor-widget-image\" data-id=\"e3600d9\" data-element_type=\"widget\" data-e-type=\"widget\" data-widget_type=\"image.default\">\n\t\t\t\t<div class=\"elementor-widget-container\">\n\t\t\t\t\t\t\t\t\t\t\t\t\t\t\t<img loading=\"lazy\" decoding=\"async\" width=\"700\" height=\"700\" src=\"https:\/\/rutesentrerefugis.com\/wp-content\/uploads\/2025\/03\/Puig-i-Cadafalch-04.jpg\" class=\"attachment-large size-large wp-image-25368\" alt=\"\" srcset=\"https:\/\/rutesentrerefugis.com\/wp-content\/uploads\/2025\/03\/Puig-i-Cadafalch-04.jpg 700w, https:\/\/rutesentrerefugis.com\/wp-content\/uploads\/2025\/03\/Puig-i-Cadafalch-04-300x300.jpg 300w, https:\/\/rutesentrerefugis.com\/wp-content\/uploads\/2025\/03\/Puig-i-Cadafalch-04-150x150.jpg 150w\" sizes=\"(max-width: 700px) 100vw, 700px\" \/>\t\t\t\t\t\t\t\t\t\t\t\t\t\t\t<\/div>\n\t\t\t\t<\/div>\n\t\t\t\t\t<\/div>\n\t\t<\/div>\n\t\t\t\t<div class=\"elementor-column elementor-col-50 elementor-top-column elementor-element elementor-element-d0d79c7\" data-id=\"d0d79c7\" data-element_type=\"column\" data-e-type=\"column\">\n\t\t\t<div class=\"elementor-widget-wrap elementor-element-populated\">\n\t\t\t\t\t\t<div class=\"elementor-element elementor-element-40e1395 elementor-widget elementor-widget-image\" data-id=\"40e1395\" data-element_type=\"widget\" data-e-type=\"widget\" data-widget_type=\"image.default\">\n\t\t\t\t<div class=\"elementor-widget-container\">\n\t\t\t\t\t\t\t\t\t\t\t\t\t\t\t<img loading=\"lazy\" decoding=\"async\" width=\"700\" height=\"700\" src=\"https:\/\/rutesentrerefugis.com\/wp-content\/uploads\/2025\/03\/Puig-i-Cadafalch-05.jpg\" class=\"attachment-large size-large wp-image-25369\" alt=\"\" srcset=\"https:\/\/rutesentrerefugis.com\/wp-content\/uploads\/2025\/03\/Puig-i-Cadafalch-05.jpg 700w, https:\/\/rutesentrerefugis.com\/wp-content\/uploads\/2025\/03\/Puig-i-Cadafalch-05-300x300.jpg 300w, https:\/\/rutesentrerefugis.com\/wp-content\/uploads\/2025\/03\/Puig-i-Cadafalch-05-150x150.jpg 150w\" sizes=\"(max-width: 700px) 100vw, 700px\" \/>\t\t\t\t\t\t\t\t\t\t\t\t\t\t\t<\/div>\n\t\t\t\t<\/div>\n\t\t\t\t\t<\/div>\n\t\t<\/div>\n\t\t\t\t\t<\/div>\n\t\t<\/section>\n\t\t\t\t<section class=\"elementor-section elementor-top-section elementor-element elementor-element-ef17088 elementor-section-full_width elementor-section-height-default elementor-section-height-default\" data-id=\"ef17088\" data-element_type=\"section\" data-e-type=\"section\">\n\t\t\t\t\t\t<div class=\"elementor-container elementor-column-gap-default\">\n\t\t\t\t\t<div class=\"elementor-column elementor-col-100 elementor-top-column elementor-element elementor-element-f4d226a\" data-id=\"f4d226a\" data-element_type=\"column\" data-e-type=\"column\">\n\t\t\t<div class=\"elementor-widget-wrap elementor-element-populated\">\n\t\t\t\t\t\t<div class=\"elementor-element elementor-element-c8b9508 elementor-widget elementor-widget-text-editor\" data-id=\"c8b9508\" data-element_type=\"widget\" data-e-type=\"widget\" data-widget_type=\"text-editor.default\">\n\t\t\t\t<div class=\"elementor-widget-container\">\n\t\t\t\t\t\t\t\t\t<h4><span style=\"color: #b40404;\"><b><u>EL VALLE DE BO\u00cd: LOS HALLAZGOS ROM\u00c1NICOS M\u00c1S IMPRESIONANTES<\/u><\/b><\/span><\/h4>\n<h5>Desde Caldes de Bo\u00ed, hoy d\u00eda \u2013como antes\u2013 se desciende por el camino de l&#8217;Aigua, un sendero precioso, frescal, que comunica el pantano de Escales y lo que queda del monasterio de Lavaix con el balneario de Caldes de Bo\u00ed. Adem\u00e1s, todos los pueblos del valle est\u00e1n perfectamente comunicados por medio de los antiguos senderos de trashumancia y los caminos que utilizaron desde siempre sus habitantes para ir al pueblo vecino o para bajar a Pont de Suert. El equipo de 1907 baj\u00f3 hasta Erill la Vall, donde quedaron completamente fascinados por la esbeltez del campanario de Santa Eul\u00e0lia. Pero, adem\u00e1s, encontraron uno de los dos Davallaments (el otro apareci\u00f3 en Durro) y, gracias a su descubrimiento y a las fotograf\u00edas tomadas por Adolf Mas, posteriormente se pudieron salvaguardar, aunque repartidos entre dos espacios. Una parte est\u00e1 en el MNAC y otra en el Museu Episcopal de Vic.<\/br>\n<\/br>\nA\u00f1os m\u00e1s tarde, el cura Gudiol escribir\u00eda, plet\u00f3rico: \u00absempre recordar\u00e9 amb fru\u00efci\u00f3 el moment d\u2019entreveure aquestes escultures dintre del clos profund, on sens dubte havien estat deixades perqu\u00e8 s\u2019anessin consumint en \u00e9sser tretes del culte p\u00fablic.\u00bb Actualmente, anexo a la iglesia se encuentra el Centre del Rom\u00e0nic de la Vall de Bo\u00ed que, aparte de coordinar las visitas a las iglesias de todo el valle, dispone de un peque\u00f1o y muy interesante circuito pedag\u00f3gico merecedor de una visita. Uno de los personajes teatralizados que aparecen, explicando su singladura es Puig i Cadafalch.<\/br>\n<\/br>\nEn Bo\u00ed, encontraron el vestigio m\u00e1s importante y \u00fanico en todo el valle. Las pinturas exteriores en los muros de la iglesia de Sant Esteve. En Ta\u00fcll pudieron contemplar la majestuosidad de Santa Mar\u00eda y de Sant Climent donde, detr\u00e1s del retablo mayor de este \u00faltimo templo aparec\u00eda, hier\u00e1tico y majestuoso, el Pantocr\u00e1tor, Cristo en majestad que tres a\u00f1os antes ya hab\u00eda fotografiado Llu\u00eds Dom\u00e8nech i Montaner a su paso por el Valle de Bo\u00ed. Ese fue un d\u00eda plet\u00f3rico.<\/br>\n<\/br>\nEl equipo atraves\u00f3 el puente sobre la Noguera Ribagor\u00e7ana para llegar a Barruera y yo hice lo mismo. A partir de aqu\u00ed, el descenso hasta el Pont de Suert es pl\u00e1cido y sin complicaciones. Merece la pena alargar la ruta, siguiendo el mismo camino de l&#8217;Aigua hasta el pantano de Escales para ver las ruinas del antiguo monasterio de Lavaix, que tanto Dom\u00e8nech i Montaner como Adolf Mas fotografiaron. A partir de aqu\u00ed, el equipo de la misi\u00f3n arqueol\u00f3gica sigui\u00f3 el camino m\u00e1s l\u00f3gico: bajar siguiendo las aguas de la Noguera Ribagor\u00e7ana por un bonito camino empedrado que entonces hab\u00eda, visitar el imponente monasterio de Sopeira, seguir hacia Areny y, desde all\u00ed, subirse hacia Sant Esteve del Mall y Roda d&#8217;Is\u00e0vena. Una vez llegaron completaron el viaje hasta el monasterio de Ovarra, que yac\u00eda protegido por los riscos, enclavado entre monta\u00f1as, en un callej\u00f3n sin salida geol\u00f3gico. Ahora, pero, con el pantano de Escales, esta ruta no es factible. \u00bfQu\u00e9 hacer, pues?<\/h5>\t\t\t\t\t\t\t\t<\/div>\n\t\t\t\t<\/div>\n\t\t\t\t\t<\/div>\n\t\t<\/div>\n\t\t\t\t\t<\/div>\n\t\t<\/section>\n\t\t\t\t<section class=\"elementor-section elementor-top-section elementor-element elementor-element-53fdc1f elementor-section-full_width elementor-section-height-default elementor-section-height-default\" data-id=\"53fdc1f\" data-element_type=\"section\" data-e-type=\"section\">\n\t\t\t\t\t\t<div class=\"elementor-container elementor-column-gap-default\">\n\t\t\t\t\t<div class=\"elementor-column elementor-col-33 elementor-top-column elementor-element elementor-element-c6d1621\" data-id=\"c6d1621\" data-element_type=\"column\" data-e-type=\"column\">\n\t\t\t<div class=\"elementor-widget-wrap elementor-element-populated\">\n\t\t\t\t\t\t<div class=\"elementor-element elementor-element-f8e2f8d elementor-widget elementor-widget-image\" data-id=\"f8e2f8d\" data-element_type=\"widget\" data-e-type=\"widget\" data-widget_type=\"image.default\">\n\t\t\t\t<div class=\"elementor-widget-container\">\n\t\t\t\t\t\t\t\t\t\t\t\t\t\t\t<img loading=\"lazy\" decoding=\"async\" width=\"700\" height=\"935\" src=\"https:\/\/rutesentrerefugis.com\/wp-content\/uploads\/2025\/03\/Puig-i-Cadafalch-06.jpg\" class=\"attachment-large size-large wp-image-25379\" alt=\"\" srcset=\"https:\/\/rutesentrerefugis.com\/wp-content\/uploads\/2025\/03\/Puig-i-Cadafalch-06.jpg 700w, https:\/\/rutesentrerefugis.com\/wp-content\/uploads\/2025\/03\/Puig-i-Cadafalch-06-225x300.jpg 225w\" sizes=\"(max-width: 700px) 100vw, 700px\" \/>\t\t\t\t\t\t\t\t\t\t\t\t\t\t\t<\/div>\n\t\t\t\t<\/div>\n\t\t\t\t\t<\/div>\n\t\t<\/div>\n\t\t\t\t<div class=\"elementor-column elementor-col-66 elementor-top-column elementor-element elementor-element-1bfc7a0\" data-id=\"1bfc7a0\" data-element_type=\"column\" data-e-type=\"column\">\n\t\t\t<div class=\"elementor-widget-wrap elementor-element-populated\">\n\t\t\t\t\t\t<div class=\"elementor-element elementor-element-9c7850c elementor-widget elementor-widget-text-editor\" data-id=\"9c7850c\" data-element_type=\"widget\" data-e-type=\"widget\" data-widget_type=\"text-editor.default\">\n\t\t\t\t<div class=\"elementor-widget-container\">\n\t\t\t\t\t\t\t\t\t<h4><span style=\"color: #b40404;\"><b><u>EL CAMINO DEL OBISPO RAM\u00d3N: OVARRA Y RODA D&#8217;IS\u00c0VENA<\/u><\/b><\/span><\/h4><h5>La soluci\u00f3n a este callej\u00f3n sin salida me lo proporcion\u00f3 la historia, pero no la del siglo pasado, sino la historia medieval. Resulta que Sant Ramon, obispo de Roda d&#8217;Is\u00e0vena, en 1123 se desplaz\u00f3 hasta el valle de Bo\u00ed para consagrar las iglesias de Santa Maria y de Sant Climent de Ta\u00fcll. \u00bfPor d\u00f3nde fue? Pues por un camino hist\u00f3rico, que a\u00fan hoy en d\u00eda se conoce como el camino del obispo Ramon que, de Roda va hasta Ovarra y desde all\u00ed sube por los congostos del Paso de la Croqueta y nos lleva a encadenar una serie de bonitos pueblos con mucho encanto (Bonansa, Alins&#8230;) hasta el Pont de Suert. Hecho al rev\u00e9s, fue la soluci\u00f3n que adopt\u00e9 para poder llegar a Roda d&#8217;Is\u00e0vena, a trav\u00e9s de la Ribagor\u00e7a. En Ovarra tuve el privilegio de redescubrir a la antigua virgen rom\u00e1nica de Ovarra, a partir de una frase que pronunci\u00f3 la gu\u00eda Rosa Moncl\u00fas durante la visita que hice a primera hora de la ma\u00f1ana. Esta virgen, que all\u00ed nadie sab\u00eda qu\u00e9 rostro ten\u00eda, ya que llevaba a\u00f1os permaneciendo en una colecci\u00f3n privada. Gracias al cat\u00e1logo que se edit\u00f3, a prop\u00f3sito de una exposici\u00f3n de v\u00edrgenes marianas que se realiz\u00f3 en la Fundaci\u00f3 Mar\u00e8s de Barcelona, pude rastrear el cat\u00e1logo hasta llegar a la descripci\u00f3n de la virgen.<br \/><br \/>Los miembros de la expedici\u00f3n, cuando pasaron por aqu\u00ed, encontraron el monasterio lleno a rebosar de elementos sacros, tal y como se apresur\u00f3 a dejar constancia fotogr\u00e1fica Adolf Mas. Tambi\u00e9n quedaron impresionados con el sarc\u00f3fago del caballero Ramon de Peralta y Desp\u00e9s. Puig i Cadafalch y su equipo regresaron a Barcelona a partir de Roda d&#8217;Is\u00e0vena y yo hice lo mismo, 107 a\u00f1os m\u00e1s tarde, con el camino hecho, la mochila cargada de ilusiones, un importante reportaje fotogr\u00e1fico y, lo m\u00e1s importante, con el material suficiente para escribir el libro: <em>Pantocr\u00e0tor, seguint Puig i Cadafalch i la Missi\u00f3 Arqueol\u00f2gica de 1907<\/em>.<br \/><br \/>A la llegada, los miembros de la expedici\u00f3n fueron recibidos con todos los honores y fruto de su intenso trabajo, a partir del a\u00f1o 1919 se pudieron iniciar los tr\u00e1mites de arranque de las pinturas murales m\u00e1s importantes de las iglesias pirenaicas, para acabar dotando de contenido el fondo muse\u00edstico del que posteriormente ser\u00edan los importantes Museu Episcopal de Vic y el Museu Nacional d&#8217;Art de Catalunya, donde se preserva el legado rom\u00e1nico m\u00e1s importante de toda Catalu\u00f1a.<\/h5>\t\t\t\t\t\t\t\t<\/div>\n\t\t\t\t<\/div>\n\t\t\t\t\t<\/div>\n\t\t<\/div>\n\t\t\t\t\t<\/div>\n\t\t<\/section>\n\t\t\t\t<section class=\"elementor-section elementor-top-section elementor-element elementor-element-43fdae4 elementor-section-full_width elementor-section-height-default elementor-section-height-default\" data-id=\"43fdae4\" data-element_type=\"section\" data-e-type=\"section\">\n\t\t\t\t\t\t<div class=\"elementor-container elementor-column-gap-default\">\n\t\t\t\t\t<div class=\"elementor-column elementor-col-100 elementor-top-column elementor-element elementor-element-4d8f465\" data-id=\"4d8f465\" data-element_type=\"column\" data-e-type=\"column\">\n\t\t\t<div class=\"elementor-widget-wrap elementor-element-populated\">\n\t\t\t\t\t\t<div class=\"elementor-element elementor-element-d1f5194 elementor-widget elementor-widget-spacer\" data-id=\"d1f5194\" data-element_type=\"widget\" data-e-type=\"widget\" data-widget_type=\"spacer.default\">\n\t\t\t\t<div class=\"elementor-widget-container\">\n\t\t\t\t\t\t\t<div class=\"elementor-spacer\">\n\t\t\t<div class=\"elementor-spacer-inner\"><\/div>\n\t\t<\/div>\n\t\t\t\t\t\t<\/div>\n\t\t\t\t<\/div>\n\t\t\t\t\t<\/div>\n\t\t<\/div>\n\t\t\t\t\t<\/div>\n\t\t<\/section>\n\t\t\t\t<section class=\"elementor-section elementor-top-section elementor-element elementor-element-7326131 elementor-section-full_width elementor-section-height-default elementor-section-height-default\" data-id=\"7326131\" data-element_type=\"section\" data-e-type=\"section\" data-settings=\"{&quot;background_background&quot;:&quot;classic&quot;}\">\n\t\t\t\t\t\t<div class=\"elementor-container elementor-column-gap-default\">\n\t\t\t\t\t<div class=\"elementor-column elementor-col-100 elementor-top-column elementor-element elementor-element-93725fa\" data-id=\"93725fa\" data-element_type=\"column\" data-e-type=\"column\">\n\t\t\t<div class=\"elementor-widget-wrap elementor-element-populated\">\n\t\t\t\t\t\t<div class=\"elementor-element elementor-element-3aa8fee elementor-widget elementor-widget-image\" data-id=\"3aa8fee\" data-element_type=\"widget\" data-e-type=\"widget\" data-widget_type=\"image.default\">\n\t\t\t\t<div class=\"elementor-widget-container\">\n\t\t\t\t\t\t\t\t\t\t\t\t\t\t\t<img loading=\"lazy\" decoding=\"async\" width=\"100\" height=\"100\" src=\"https:\/\/rutesentrerefugis.com\/wp-content\/uploads\/2023\/03\/Enric-Inici.jpg\" class=\"attachment-full size-full wp-image-8857\" alt=\"\" \/>\t\t\t\t\t\t\t\t\t\t\t\t\t\t\t<\/div>\n\t\t\t\t<\/div>\n\t\t\t\t\t<\/div>\n\t\t<\/div>\n\t\t\t\t\t<\/div>\n\t\t<\/section>\n\t\t\t\t<section class=\"elementor-section elementor-top-section elementor-element elementor-element-b48e0e9 elementor-section-full_width elementor-section-height-default elementor-section-height-default\" data-id=\"b48e0e9\" data-element_type=\"section\" data-e-type=\"section\" data-settings=\"{&quot;background_background&quot;:&quot;classic&quot;}\">\n\t\t\t\t\t\t<div class=\"elementor-container elementor-column-gap-default\">\n\t\t\t\t\t<div class=\"elementor-column elementor-col-100 elementor-top-column elementor-element elementor-element-d6ee9cf\" data-id=\"d6ee9cf\" data-element_type=\"column\" data-e-type=\"column\">\n\t\t\t<div class=\"elementor-widget-wrap elementor-element-populated\">\n\t\t\t\t\t\t<div class=\"elementor-element elementor-element-f13bb45 elementor-widget elementor-widget-text-editor\" data-id=\"f13bb45\" data-element_type=\"widget\" data-e-type=\"widget\" data-widget_type=\"text-editor.default\">\n\t\t\t\t<div class=\"elementor-widget-container\">\n\t\t\t\t\t\t\t\t\t<h4>ENRIC SOLER I RASPALL<\/h4>\n<h5>Nacido en Terrassa el 1966, es escritor, editor y viajero. Dedicado en cuerpo y alma a la literatura de viajes y de monta\u00f1a, es autor de los siguientes libros: ESCOLTA, VENT\u2026 (1996), UN ESTIU DE GUAITA (1997), PER LA RUTA 40 \u2013 A trav\u00e9s de la Patag\u00f2nia de Chatwin (1998 y 2012), SOTA EL CEL DE TUSHITA \u2013 Viatge al Ladakh, el Petit Tibet de l\u2019\u00cdndia (2004), MALE\u00cfDES MUNTANYES! \u2013 Cr\u00f2nica d\u2019una amistat (obra galardonada con el \u201cVI Concurso de Literatura de monta\u00f1a y de viajes Narc\u00eds de Puigdevall\u201d) (2008), KI, KI, SO, SOOO! \u2013 Les nou portes del Zangskar (2012), PANTOCR\u00c0TOR \u2013 Seguint les passes de Puig i Cadafalch i la Missi\u00f3 Arqueol\u00f2gica de 1907 (2016), y MAREDED\u00c9U, QUIN VIATGE -Seguint les passes de Lluis Dom\u00e8nech i Montaner per la Noguera Pallaresa (1904). Desde el a\u00f1o 2012 dirige el sello editorial TUSHITA EDICIONS, especializada en literatura de viaje y de monta\u00f1a (www.tushitaedicions.com). Desde 2009 conduce la tert\u00falia liter\u00e1ria y viajera de la Biblioteca Els Safareigs (Sabadell); y la de narrativa universal, en la Biblioteca del Sud (Sabadell). El a\u00f1o 2017 ha a\u00f1adido una tert\u00falia espec\u00edfica de literatura de viajes en el Centre Excursionista de Sant Celoni. Escritor habitual de las revistas de viajes y aventuras: ALTA\u00cfR, EL MUNDO DE LOS PIRINEOS, TURISMO RURAL, MUNTANYA y DESCOBRIR CATALUNYA, entre otras. Tambi\u00e9n participa asiduamente en el programa de Catalunya R\u00e0dio \u201cELS VIATGERS DE LA GRAN ANACONDA\u201d, dirigido por Toni Arbon\u00e8s. \u00daltimamente recomienda libros de viajes en el programa \u201cRIUS DE TINTA\u201d de Catalunya R\u00e0dio y participa en el Consejo de Redacci\u00f3n de la Revista MUNTANYA, del Centre Excursionista de Catalunya.<\/h5>\t\t\t\t\t\t\t\t<\/div>\n\t\t\t\t<\/div>\n\t\t\t\t\t<\/div>\n\t\t<\/div>\n\t\t\t\t\t<\/div>\n\t\t<\/section>\n\t\t\t\t<section class=\"elementor-section elementor-top-section elementor-element elementor-element-6862852 elementor-section-full_width elementor-section-height-default elementor-section-height-default\" data-id=\"6862852\" data-element_type=\"section\" data-e-type=\"section\">\n\t\t\t\t\t\t<div class=\"elementor-container elementor-column-gap-default\">\n\t\t\t\t\t<div class=\"elementor-column elementor-col-100 elementor-top-column elementor-element elementor-element-535203f\" data-id=\"535203f\" data-element_type=\"column\" data-e-type=\"column\">\n\t\t\t<div class=\"elementor-widget-wrap elementor-element-populated\">\n\t\t\t\t\t\t<div class=\"elementor-element elementor-element-f58bc22 elementor-widget elementor-widget-spacer\" data-id=\"f58bc22\" data-element_type=\"widget\" data-e-type=\"widget\" data-widget_type=\"spacer.default\">\n\t\t\t\t<div class=\"elementor-widget-container\">\n\t\t\t\t\t\t\t<div class=\"elementor-spacer\">\n\t\t\t<div class=\"elementor-spacer-inner\"><\/div>\n\t\t<\/div>\n\t\t\t\t\t\t<\/div>\n\t\t\t\t<\/div>\n\t\t\t\t\t<\/div>\n\t\t<\/div>\n\t\t\t\t\t<\/div>\n\t\t<\/section>\n\t\t\t\t<section class=\"elementor-section elementor-top-section elementor-element elementor-element-8cdf51e elementor-section-full_width elementor-section-height-default elementor-section-height-default\" data-id=\"8cdf51e\" data-element_type=\"section\" data-e-type=\"section\">\n\t\t\t\t\t\t<div class=\"elementor-container elementor-column-gap-default\">\n\t\t\t\t\t<div class=\"elementor-column elementor-col-100 elementor-top-column elementor-element elementor-element-d0066f3\" data-id=\"d0066f3\" data-element_type=\"column\" data-e-type=\"column\">\n\t\t\t<div class=\"elementor-widget-wrap elementor-element-populated\">\n\t\t\t\t\t\t<div class=\"elementor-element elementor-element-fbbd880 elementor-widget elementor-widget-heading\" data-id=\"fbbd880\" data-element_type=\"widget\" data-e-type=\"widget\" data-widget_type=\"heading.default\">\n\t\t\t\t<div class=\"elementor-widget-container\">\n\t\t\t\t\t<h5 class=\"elementor-heading-title elementor-size-default\"><font color=\"#999999\"><u>Por si quieres compartir esta cr\u00f3nica<\/u><\/font><\/h5>\t\t\t\t<\/div>\n\t\t\t\t<\/div>\n\t\t\t\t\t<\/div>\n\t\t<\/div>\n\t\t\t\t\t<\/div>\n\t\t<\/section>\n\t\t\t\t<section class=\"elementor-section elementor-top-section elementor-element elementor-element-57fc934 elementor-section-full_width elementor-section-height-default elementor-section-height-default\" data-id=\"57fc934\" data-element_type=\"section\" data-e-type=\"section\">\n\t\t\t\t\t\t<div class=\"elementor-container elementor-column-gap-default\">\n\t\t\t\t\t<div class=\"elementor-column elementor-col-100 elementor-top-column elementor-element elementor-element-d8afc0e\" data-id=\"d8afc0e\" data-element_type=\"column\" data-e-type=\"column\">\n\t\t\t<div class=\"elementor-widget-wrap elementor-element-populated\">\n\t\t\t\t\t\t<div class=\"elementor-element elementor-element-fb1f042 elementor-share-buttons--view-icon elementor-share-buttons--skin-framed elementor-share-buttons--shape-circle elementor-share-buttons--color-custom elementor-grid-0 elementor-widget elementor-widget-share-buttons\" data-id=\"fb1f042\" data-element_type=\"widget\" data-e-type=\"widget\" data-widget_type=\"share-buttons.default\">\n\t\t\t\t<div class=\"elementor-widget-container\">\n\t\t\t\t\t\t\t<div class=\"elementor-grid\" role=\"list\">\n\t\t\t\t\t\t\t\t<div class=\"elementor-grid-item\" role=\"listitem\">\n\t\t\t\t\t\t<div class=\"elementor-share-btn elementor-share-btn_facebook\" role=\"button\" tabindex=\"0\" aria-label=\"Compartir en facebook\">\n\t\t\t\t\t\t\t\t\t\t\t\t\t\t\t<span class=\"elementor-share-btn__icon\">\n\t\t\t\t\t\t\t\t<i class=\"fab fa-facebook\" aria-hidden=\"true\"><\/i>\t\t\t\t\t\t\t<\/span>\n\t\t\t\t\t\t\t\t\t\t\t\t\t\t\t\t\t\t\t\t<\/div>\n\t\t\t\t\t<\/div>\n\t\t\t\t\t\t\t\t\t<div class=\"elementor-grid-item\" role=\"listitem\">\n\t\t\t\t\t\t<div class=\"elementor-share-btn elementor-share-btn_twitter\" role=\"button\" tabindex=\"0\" aria-label=\"Compartir en twitter\">\n\t\t\t\t\t\t\t\t\t\t\t\t\t\t\t<span class=\"elementor-share-btn__icon\">\n\t\t\t\t\t\t\t\t<i class=\"fab fa-twitter\" aria-hidden=\"true\"><\/i>\t\t\t\t\t\t\t<\/span>\n\t\t\t\t\t\t\t\t\t\t\t\t\t\t\t\t\t\t\t\t<\/div>\n\t\t\t\t\t<\/div>\n\t\t\t\t\t\t\t\t\t<div class=\"elementor-grid-item\" role=\"listitem\">\n\t\t\t\t\t\t<div class=\"elementor-share-btn elementor-share-btn_telegram\" role=\"button\" tabindex=\"0\" aria-label=\"Compartir en telegram\">\n\t\t\t\t\t\t\t\t\t\t\t\t\t\t\t<span class=\"elementor-share-btn__icon\">\n\t\t\t\t\t\t\t\t<i class=\"fab fa-telegram\" aria-hidden=\"true\"><\/i>\t\t\t\t\t\t\t<\/span>\n\t\t\t\t\t\t\t\t\t\t\t\t\t\t\t\t\t\t\t\t<\/div>\n\t\t\t\t\t<\/div>\n\t\t\t\t\t\t\t\t\t<div class=\"elementor-grid-item\" role=\"listitem\">\n\t\t\t\t\t\t<div class=\"elementor-share-btn elementor-share-btn_pinterest\" role=\"button\" tabindex=\"0\" aria-label=\"Compartir en pinterest\">\n\t\t\t\t\t\t\t\t\t\t\t\t\t\t\t<span class=\"elementor-share-btn__icon\">\n\t\t\t\t\t\t\t\t<i class=\"fab fa-pinterest\" aria-hidden=\"true\"><\/i>\t\t\t\t\t\t\t<\/span>\n\t\t\t\t\t\t\t\t\t\t\t\t\t\t\t\t\t\t\t\t<\/div>\n\t\t\t\t\t<\/div>\n\t\t\t\t\t\t\t\t\t<div class=\"elementor-grid-item\" role=\"listitem\">\n\t\t\t\t\t\t<div class=\"elementor-share-btn elementor-share-btn_whatsapp\" role=\"button\" tabindex=\"0\" aria-label=\"Compartir en whatsapp\">\n\t\t\t\t\t\t\t\t\t\t\t\t\t\t\t<span class=\"elementor-share-btn__icon\">\n\t\t\t\t\t\t\t\t<i class=\"fab fa-whatsapp\" aria-hidden=\"true\"><\/i>\t\t\t\t\t\t\t<\/span>\n\t\t\t\t\t\t\t\t\t\t\t\t\t\t\t\t\t\t\t\t<\/div>\n\t\t\t\t\t<\/div>\n\t\t\t\t\t\t\t\t\t<div class=\"elementor-grid-item\" role=\"listitem\">\n\t\t\t\t\t\t<div class=\"elementor-share-btn elementor-share-btn_email\" role=\"button\" tabindex=\"0\" aria-label=\"Compartir en email\">\n\t\t\t\t\t\t\t\t\t\t\t\t\t\t\t<span class=\"elementor-share-btn__icon\">\n\t\t\t\t\t\t\t\t<i class=\"fas fa-envelope\" aria-hidden=\"true\"><\/i>\t\t\t\t\t\t\t<\/span>\n\t\t\t\t\t\t\t\t\t\t\t\t\t\t\t\t\t\t\t\t<\/div>\n\t\t\t\t\t<\/div>\n\t\t\t\t\t\t\t\t\t<div class=\"elementor-grid-item\" role=\"listitem\">\n\t\t\t\t\t\t<div class=\"elementor-share-btn elementor-share-btn_print\" role=\"button\" tabindex=\"0\" aria-label=\"Compartir en print\">\n\t\t\t\t\t\t\t\t\t\t\t\t\t\t\t<span class=\"elementor-share-btn__icon\">\n\t\t\t\t\t\t\t\t<i class=\"fas fa-print\" aria-hidden=\"true\"><\/i>\t\t\t\t\t\t\t<\/span>\n\t\t\t\t\t\t\t\t\t\t\t\t\t\t\t\t\t\t\t\t<\/div>\n\t\t\t\t\t<\/div>\n\t\t\t\t\t\t<\/div>\n\t\t\t\t\t\t<\/div>\n\t\t\t\t<\/div>\n\t\t\t\t\t<\/div>\n\t\t<\/div>\n\t\t\t\t\t<\/div>\n\t\t<\/section>\n\t\t\t\t<section class=\"elementor-section elementor-top-section elementor-element elementor-element-5034a7e elementor-section-full_width elementor-section-height-default elementor-section-height-default\" data-id=\"5034a7e\" data-element_type=\"section\" data-e-type=\"section\">\n\t\t\t\t\t\t<div class=\"elementor-container elementor-column-gap-default\">\n\t\t\t\t\t<div class=\"elementor-column elementor-col-100 elementor-top-column elementor-element elementor-element-1185fd5\" data-id=\"1185fd5\" data-element_type=\"column\" data-e-type=\"column\">\n\t\t\t<div class=\"elementor-widget-wrap elementor-element-populated\">\n\t\t\t\t\t\t<div class=\"elementor-element elementor-element-6aa1bb1 elementor-widget elementor-widget-spacer\" data-id=\"6aa1bb1\" data-element_type=\"widget\" data-e-type=\"widget\" data-widget_type=\"spacer.default\">\n\t\t\t\t<div class=\"elementor-widget-container\">\n\t\t\t\t\t\t\t<div class=\"elementor-spacer\">\n\t\t\t<div class=\"elementor-spacer-inner\"><\/div>\n\t\t<\/div>\n\t\t\t\t\t\t<\/div>\n\t\t\t\t<\/div>\n\t\t\t\t\t<\/div>\n\t\t<\/div>\n\t\t\t\t\t<\/div>\n\t\t<\/section>\n\t\t\t\t<section class=\"elementor-section elementor-top-section elementor-element elementor-element-3156005 elementor-section-full_width elementor-section-height-default elementor-section-height-default\" data-id=\"3156005\" data-element_type=\"section\" data-e-type=\"section\">\n\t\t\t\t\t\t<div class=\"elementor-container elementor-column-gap-default\">\n\t\t\t\t\t<div class=\"elementor-column elementor-col-100 elementor-top-column elementor-element elementor-element-d00f9f7\" data-id=\"d00f9f7\" data-element_type=\"column\" data-e-type=\"column\">\n\t\t\t<div class=\"elementor-widget-wrap elementor-element-populated\">\n\t\t\t\t\t\t<div class=\"elementor-element elementor-element-d2d30c7 elementor-widget-divider--view-line elementor-widget elementor-widget-divider\" data-id=\"d2d30c7\" data-element_type=\"widget\" data-e-type=\"widget\" data-widget_type=\"divider.default\">\n\t\t\t\t<div class=\"elementor-widget-container\">\n\t\t\t\t\t\t\t<div class=\"elementor-divider\">\n\t\t\t<span class=\"elementor-divider-separator\">\n\t\t\t\t\t\t<\/span>\n\t\t<\/div>\n\t\t\t\t\t\t<\/div>\n\t\t\t\t<\/div>\n\t\t\t\t\t<\/div>\n\t\t<\/div>\n\t\t\t\t\t<\/div>\n\t\t<\/section>\n\t\t\t\t<section class=\"elementor-section elementor-top-section elementor-element elementor-element-d4d9d3e elementor-section-full_width elementor-section-height-default elementor-section-height-default\" data-id=\"d4d9d3e\" data-element_type=\"section\" data-e-type=\"section\">\n\t\t\t\t\t\t<div class=\"elementor-container elementor-column-gap-default\">\n\t\t\t\t\t<div class=\"elementor-column elementor-col-100 elementor-top-column elementor-element elementor-element-c4e80f5\" data-id=\"c4e80f5\" data-element_type=\"column\" data-e-type=\"column\">\n\t\t\t<div class=\"elementor-widget-wrap elementor-element-populated\">\n\t\t\t\t\t\t<div class=\"elementor-element elementor-element-7c05224 elementor-widget elementor-widget-heading\" data-id=\"7c05224\" data-element_type=\"widget\" data-e-type=\"widget\" data-widget_type=\"heading.default\">\n\t\t\t\t<div class=\"elementor-widget-container\">\n\t\t\t\t\t<h2 class=\"elementor-heading-title elementor-size-default\">ART\u00cdCULOS PUBLICADOS POR EL AUTOR<\/h2>\t\t\t\t<\/div>\n\t\t\t\t<\/div>\n\t\t\t\t\t<\/div>\n\t\t<\/div>\n\t\t\t\t\t<\/div>\n\t\t<\/section>\n\t\t\t\t<section class=\"elementor-section elementor-top-section elementor-element elementor-element-f682ac2 elementor-section-full_width elementor-section-height-default elementor-section-height-default\" data-id=\"f682ac2\" data-element_type=\"section\" data-e-type=\"section\">\n\t\t\t\t\t\t<div class=\"elementor-container elementor-column-gap-default\">\n\t\t\t\t\t<div class=\"elementor-column elementor-col-100 elementor-top-column elementor-element elementor-element-c48bc6f\" data-id=\"c48bc6f\" data-element_type=\"column\" data-e-type=\"column\">\n\t\t\t<div class=\"elementor-widget-wrap elementor-element-populated\">\n\t\t\t\t\t\t<div class=\"elementor-element elementor-element-9858034 elementor-widget elementor-widget-spacer\" data-id=\"9858034\" data-element_type=\"widget\" data-e-type=\"widget\" data-widget_type=\"spacer.default\">\n\t\t\t\t<div class=\"elementor-widget-container\">\n\t\t\t\t\t\t\t<div class=\"elementor-spacer\">\n\t\t\t<div class=\"elementor-spacer-inner\"><\/div>\n\t\t<\/div>\n\t\t\t\t\t\t<\/div>\n\t\t\t\t<\/div>\n\t\t\t\t\t<\/div>\n\t\t<\/div>\n\t\t\t\t\t<\/div>\n\t\t<\/section>\n\t\t\t\t<section class=\"elementor-section elementor-top-section elementor-element elementor-element-e498642 elementor-section-full_width elementor-section-height-default elementor-section-height-default\" data-id=\"e498642\" data-element_type=\"section\" data-e-type=\"section\">\n\t\t\t\t\t\t<div class=\"elementor-container elementor-column-gap-default\">\n\t\t\t\t\t<div class=\"elementor-column elementor-col-100 elementor-top-column elementor-element elementor-element-e9df35b\" data-id=\"e9df35b\" data-element_type=\"column\" data-e-type=\"column\">\n\t\t\t<div class=\"elementor-widget-wrap elementor-element-populated\">\n\t\t\t\t\t\t<div class=\"elementor-element elementor-element-1bb592c elementor-grid-5 elementor-grid-tablet-2 elementor-grid-mobile-1 elementor-posts--thumbnail-top elementor-widget elementor-widget-posts\" data-id=\"1bb592c\" data-element_type=\"widget\" data-e-type=\"widget\" data-settings=\"{&quot;classic_columns&quot;:&quot;5&quot;,&quot;classic_columns_tablet&quot;:&quot;2&quot;,&quot;classic_columns_mobile&quot;:&quot;1&quot;,&quot;classic_row_gap&quot;:{&quot;unit&quot;:&quot;px&quot;,&quot;size&quot;:35,&quot;sizes&quot;:[]},&quot;classic_row_gap_tablet&quot;:{&quot;unit&quot;:&quot;px&quot;,&quot;size&quot;:&quot;&quot;,&quot;sizes&quot;:[]},&quot;classic_row_gap_mobile&quot;:{&quot;unit&quot;:&quot;px&quot;,&quot;size&quot;:&quot;&quot;,&quot;sizes&quot;:[]}}\" data-widget_type=\"posts.classic\">\n\t\t\t\t<div class=\"elementor-widget-container\">\n\t\t\t\t\t\t\t<div class=\"elementor-posts-container elementor-posts elementor-posts--skin-classic elementor-grid\" role=\"list\">\n\t\t\t\t<article class=\"elementor-post elementor-grid-item post-25128 post type-post status-publish format-standard has-post-thumbnail hentry category-blog category-enric-soler-ca tag-adolf-mas-i-ginesta tag-enric-soler-i-raspall-es-ca tag-guillem-maria-de-broca-i-de-montagut tag-josep-goday-i-casals tag-josep-gudiol-cunill tag-puig-i-cadafalch tag-tushita-edicions-es-ca tag-val-daran-es-ca tag-vall-de-boi-es-ca tag-vall-de-luishon\" role=\"listitem\">\n\t\t\t\t<a class=\"elementor-post__thumbnail__link\" href=\"https:\/\/rutesentrerefugis.com\/index.php\/2025\/03\/25\/puig-i-cadafalch\/\" tabindex=\"-1\" >\n\t\t\t<div class=\"elementor-post__thumbnail\"><img loading=\"lazy\" decoding=\"async\" width=\"300\" height=\"200\" src=\"https:\/\/rutesentrerefugis.com\/wp-content\/uploads\/2025\/03\/Puig-i-Cadafalch-Inici-300x200.jpg\" class=\"attachment-medium size-medium wp-image-25130\" alt=\"\" srcset=\"https:\/\/rutesentrerefugis.com\/wp-content\/uploads\/2025\/03\/Puig-i-Cadafalch-Inici-300x200.jpg 300w, https:\/\/rutesentrerefugis.com\/wp-content\/uploads\/2025\/03\/Puig-i-Cadafalch-Inici-1024x683.jpg 1024w, https:\/\/rutesentrerefugis.com\/wp-content\/uploads\/2025\/03\/Puig-i-Cadafalch-Inici-768x512.jpg 768w, https:\/\/rutesentrerefugis.com\/wp-content\/uploads\/2025\/03\/Puig-i-Cadafalch-Inici.jpg 1200w\" sizes=\"(max-width: 300px) 100vw, 300px\" \/><\/div>\n\t\t<\/a>\n\t\t\t\t<div class=\"elementor-post__text\">\n\t\t\t\t<h3 class=\"elementor-post__title\">\n\t\t\t<a href=\"https:\/\/rutesentrerefugis.com\/index.php\/2025\/03\/25\/puig-i-cadafalch\/\" >\n\t\t\t\tPUIG I CADAFALCH\t\t\t<\/a>\n\t\t<\/h3>\n\t\t\t\t<div class=\"elementor-post__meta-data\">\n\t\t\t\t\t<span class=\"elementor-post-date\">\n\t\t\t25\/03\/2025\t\t<\/span>\n\t\t\t\t<\/div>\n\t\t\t\t<\/div>\n\t\t\t\t<\/article>\n\t\t\t\t<article class=\"elementor-post elementor-grid-item post-19804 post type-post status-publish format-standard has-post-thumbnail hentry category-blog category-enric-soler-ca category-llibres category-tushita-edicions tag-domenech-i-montaner tag-enric-soler-i-raspall-es-ca tag-marededeu-quin-viatge tag-tushita-edicions-es-ca\" role=\"listitem\">\n\t\t\t\t<a class=\"elementor-post__thumbnail__link\" href=\"https:\/\/rutesentrerefugis.com\/index.php\/2024\/01\/16\/marededeu-quin-viatge\/\" tabindex=\"-1\" >\n\t\t\t<div class=\"elementor-post__thumbnail\"><img loading=\"lazy\" decoding=\"async\" width=\"300\" height=\"200\" src=\"https:\/\/rutesentrerefugis.com\/wp-content\/uploads\/2024\/01\/Marededeu-Quin-Viatge-Inici-300x200.jpg\" class=\"attachment-medium size-medium wp-image-19813\" alt=\"\" srcset=\"https:\/\/rutesentrerefugis.com\/wp-content\/uploads\/2024\/01\/Marededeu-Quin-Viatge-Inici-300x200.jpg 300w, https:\/\/rutesentrerefugis.com\/wp-content\/uploads\/2024\/01\/Marededeu-Quin-Viatge-Inici-1024x683.jpg 1024w, https:\/\/rutesentrerefugis.com\/wp-content\/uploads\/2024\/01\/Marededeu-Quin-Viatge-Inici-768x512.jpg 768w, https:\/\/rutesentrerefugis.com\/wp-content\/uploads\/2024\/01\/Marededeu-Quin-Viatge-Inici.jpg 1200w\" sizes=\"(max-width: 300px) 100vw, 300px\" \/><\/div>\n\t\t<\/a>\n\t\t\t\t<div class=\"elementor-post__text\">\n\t\t\t\t<h3 class=\"elementor-post__title\">\n\t\t\t<a href=\"https:\/\/rutesentrerefugis.com\/index.php\/2024\/01\/16\/marededeu-quin-viatge\/\" >\n\t\t\t\tMAREDED\u00c9U, QUIN VIATGE!\t\t\t<\/a>\n\t\t<\/h3>\n\t\t\t\t<div class=\"elementor-post__meta-data\">\n\t\t\t\t\t<span class=\"elementor-post-date\">\n\t\t\t16\/01\/2024\t\t<\/span>\n\t\t\t\t<\/div>\n\t\t\t\t<\/div>\n\t\t\t\t<\/article>\n\t\t\t\t<article class=\"elementor-post elementor-grid-item post-9596 post type-post status-publish format-standard has-post-thumbnail hentry category-blog category-enric-soler-ca tag-columnas-ca tag-columnes-ca tag-enric-soler-i-raspall-es-ca tag-la-montana-esta-para-todos-es-ca tag-la-muntanya-hi-es-per-a-tothom-es-ca\" role=\"listitem\">\n\t\t\t\t<a class=\"elementor-post__thumbnail__link\" href=\"https:\/\/rutesentrerefugis.com\/index.php\/2020\/10\/17\/la-muntanya-hi-es-per-a-tothom\/\" tabindex=\"-1\" >\n\t\t\t<div class=\"elementor-post__thumbnail\"><img loading=\"lazy\" decoding=\"async\" width=\"300\" height=\"200\" src=\"https:\/\/rutesentrerefugis.com\/wp-content\/uploads\/2023\/03\/La-Muntanya-hi-es-per-a-tothom-Inici-NW-300x200.jpg\" class=\"attachment-medium size-medium wp-image-9597\" alt=\"\" srcset=\"https:\/\/rutesentrerefugis.com\/wp-content\/uploads\/2023\/03\/La-Muntanya-hi-es-per-a-tothom-Inici-NW-300x200.jpg 300w, https:\/\/rutesentrerefugis.com\/wp-content\/uploads\/2023\/03\/La-Muntanya-hi-es-per-a-tothom-Inici-NW-1024x683.jpg 1024w, https:\/\/rutesentrerefugis.com\/wp-content\/uploads\/2023\/03\/La-Muntanya-hi-es-per-a-tothom-Inici-NW-768x512.jpg 768w, https:\/\/rutesentrerefugis.com\/wp-content\/uploads\/2023\/03\/La-Muntanya-hi-es-per-a-tothom-Inici-NW.jpg 1200w\" sizes=\"(max-width: 300px) 100vw, 300px\" \/><\/div>\n\t\t<\/a>\n\t\t\t\t<div class=\"elementor-post__text\">\n\t\t\t\t<h3 class=\"elementor-post__title\">\n\t\t\t<a href=\"https:\/\/rutesentrerefugis.com\/index.php\/2020\/10\/17\/la-muntanya-hi-es-per-a-tothom\/\" >\n\t\t\t\tLA MUNTANYA HI \u00c9S PER A TOTHOM\t\t\t<\/a>\n\t\t<\/h3>\n\t\t\t\t<div class=\"elementor-post__meta-data\">\n\t\t\t\t\t<span class=\"elementor-post-date\">\n\t\t\t17\/10\/2020\t\t<\/span>\n\t\t\t\t<\/div>\n\t\t\t\t<\/div>\n\t\t\t\t<\/article>\n\t\t\t\t<article class=\"elementor-post elementor-grid-item post-9732 post type-post status-publish format-standard has-post-thumbnail hentry category-blog category-enric-soler-ca tag-a-stairway-to-heaven-es-ca tag-columnas-ca tag-columnes-ca tag-enric-soler-i-raspall-es-ca tag-una-escala-al-cel-es-ca tag-una-escalera-al-cielo-es-ca\" role=\"listitem\">\n\t\t\t\t<a class=\"elementor-post__thumbnail__link\" href=\"https:\/\/rutesentrerefugis.com\/index.php\/2020\/04\/24\/a-stairway-to-heaven\/\" tabindex=\"-1\" >\n\t\t\t<div class=\"elementor-post__thumbnail\"><img loading=\"lazy\" decoding=\"async\" width=\"300\" height=\"200\" src=\"https:\/\/rutesentrerefugis.com\/wp-content\/uploads\/2023\/03\/Escala-al-Cel-Inici-NW-300x200.jpg\" class=\"attachment-medium size-medium wp-image-9733\" alt=\"\" srcset=\"https:\/\/rutesentrerefugis.com\/wp-content\/uploads\/2023\/03\/Escala-al-Cel-Inici-NW-300x200.jpg 300w, https:\/\/rutesentrerefugis.com\/wp-content\/uploads\/2023\/03\/Escala-al-Cel-Inici-NW-1024x683.jpg 1024w, https:\/\/rutesentrerefugis.com\/wp-content\/uploads\/2023\/03\/Escala-al-Cel-Inici-NW-768x512.jpg 768w, https:\/\/rutesentrerefugis.com\/wp-content\/uploads\/2023\/03\/Escala-al-Cel-Inici-NW.jpg 1200w\" sizes=\"(max-width: 300px) 100vw, 300px\" \/><\/div>\n\t\t<\/a>\n\t\t\t\t<div class=\"elementor-post__text\">\n\t\t\t\t<h3 class=\"elementor-post__title\">\n\t\t\t<a href=\"https:\/\/rutesentrerefugis.com\/index.php\/2020\/04\/24\/a-stairway-to-heaven\/\" >\n\t\t\t\tA STAIRWAY TO HEAVEN\t\t\t<\/a>\n\t\t<\/h3>\n\t\t\t\t<div class=\"elementor-post__meta-data\">\n\t\t\t\t\t<span class=\"elementor-post-date\">\n\t\t\t24\/04\/2020\t\t<\/span>\n\t\t\t\t<\/div>\n\t\t\t\t<\/div>\n\t\t\t\t<\/article>\n\t\t\t\t<article class=\"elementor-post elementor-grid-item post-8829 post type-post status-publish format-standard has-post-thumbnail hentry category-blog category-enric-soler-ca category-llibres category-tushita-edicions tag-cronicas-ca tag-croniques-ca tag-enric-soler-i-raspall-es-ca tag-pantocrator-es-ca tag-tushita-edicions-es-ca\" role=\"listitem\">\n\t\t\t\t<a class=\"elementor-post__thumbnail__link\" href=\"https:\/\/rutesentrerefugis.com\/index.php\/2019\/01\/21\/pantocrator\/\" tabindex=\"-1\" >\n\t\t\t<div class=\"elementor-post__thumbnail\"><img loading=\"lazy\" decoding=\"async\" width=\"300\" height=\"200\" src=\"https:\/\/rutesentrerefugis.com\/wp-content\/uploads\/2023\/03\/Pantocrator-Inici-NW-300x200.jpg\" class=\"attachment-medium size-medium wp-image-8830\" alt=\"\" srcset=\"https:\/\/rutesentrerefugis.com\/wp-content\/uploads\/2023\/03\/Pantocrator-Inici-NW-300x200.jpg 300w, https:\/\/rutesentrerefugis.com\/wp-content\/uploads\/2023\/03\/Pantocrator-Inici-NW-1024x683.jpg 1024w, https:\/\/rutesentrerefugis.com\/wp-content\/uploads\/2023\/03\/Pantocrator-Inici-NW-768x512.jpg 768w, https:\/\/rutesentrerefugis.com\/wp-content\/uploads\/2023\/03\/Pantocrator-Inici-NW.jpg 1200w\" sizes=\"(max-width: 300px) 100vw, 300px\" \/><\/div>\n\t\t<\/a>\n\t\t\t\t<div class=\"elementor-post__text\">\n\t\t\t\t<h3 class=\"elementor-post__title\">\n\t\t\t<a href=\"https:\/\/rutesentrerefugis.com\/index.php\/2019\/01\/21\/pantocrator\/\" >\n\t\t\t\tPANTOCR\u00c0TOR\t\t\t<\/a>\n\t\t<\/h3>\n\t\t\t\t<div class=\"elementor-post__meta-data\">\n\t\t\t\t\t<span class=\"elementor-post-date\">\n\t\t\t21\/01\/2019\t\t<\/span>\n\t\t\t\t<\/div>\n\t\t\t\t<\/div>\n\t\t\t\t<\/article>\n\t\t\t\t<\/div>\n\t\t\n\t\t\t\t\t\t<\/div>\n\t\t\t\t<\/div>\n\t\t\t\t\t<\/div>\n\t\t<\/div>\n\t\t\t\t\t<\/div>\n\t\t<\/section>\n\t\t\t\t<section class=\"elementor-section elementor-top-section elementor-element elementor-element-674d301 elementor-section-full_width elementor-section-height-default elementor-section-height-default\" data-id=\"674d301\" data-element_type=\"section\" data-e-type=\"section\">\n\t\t\t\t\t\t<div class=\"elementor-container elementor-column-gap-default\">\n\t\t\t\t\t<div class=\"elementor-column elementor-col-100 elementor-top-column elementor-element elementor-element-47124b5\" data-id=\"47124b5\" data-element_type=\"column\" data-e-type=\"column\">\n\t\t\t<div class=\"elementor-widget-wrap elementor-element-populated\">\n\t\t\t\t\t\t<div class=\"elementor-element elementor-element-5ef7806 elementor-widget-divider--view-line elementor-widget elementor-widget-divider\" data-id=\"5ef7806\" data-element_type=\"widget\" data-e-type=\"widget\" data-widget_type=\"divider.default\">\n\t\t\t\t<div class=\"elementor-widget-container\">\n\t\t\t\t\t\t\t<div class=\"elementor-divider\">\n\t\t\t<span class=\"elementor-divider-separator\">\n\t\t\t\t\t\t<\/span>\n\t\t<\/div>\n\t\t\t\t\t\t<\/div>\n\t\t\t\t<\/div>\n\t\t\t\t\t<\/div>\n\t\t<\/div>\n\t\t\t\t\t<\/div>\n\t\t<\/section>\n\t\t\t\t<section class=\"elementor-section elementor-top-section elementor-element elementor-element-41314f0 elementor-section-full_width elementor-section-height-default elementor-section-height-default\" data-id=\"41314f0\" data-element_type=\"section\" data-e-type=\"section\">\n\t\t\t\t\t\t<div class=\"elementor-container elementor-column-gap-default\">\n\t\t\t\t\t<div class=\"elementor-column elementor-col-100 elementor-top-column elementor-element elementor-element-8c77b23\" data-id=\"8c77b23\" data-element_type=\"column\" data-e-type=\"column\">\n\t\t\t<div class=\"elementor-widget-wrap elementor-element-populated\">\n\t\t\t\t\t\t<div class=\"elementor-element elementor-element-d32d00e elementor-widget elementor-widget-spacer\" data-id=\"d32d00e\" data-element_type=\"widget\" data-e-type=\"widget\" data-widget_type=\"spacer.default\">\n\t\t\t\t<div class=\"elementor-widget-container\">\n\t\t\t\t\t\t\t<div class=\"elementor-spacer\">\n\t\t\t<div class=\"elementor-spacer-inner\"><\/div>\n\t\t<\/div>\n\t\t\t\t\t\t<\/div>\n\t\t\t\t<\/div>\n\t\t\t\t\t<\/div>\n\t\t<\/div>\n\t\t\t\t\t<\/div>\n\t\t<\/section>\n\t\t\t\t<\/div>\n\t\t","protected":false},"excerpt":{"rendered":"<p>PUIG I CADAFALCH LA MISI\u00d3N ARQUEOL\u00d3GICA DE 1907 Cr\u00f3nica escrita por ENRIC SOLER I RASPALL,publicada en la revista MUNTANYA n\u00famero 921 EL NACIMIENTO DE UN<\/p>\n","protected":false},"author":18,"featured_media":25130,"comment_status":"open","ping_status":"open","sticky":false,"template":"elementor_header_footer","format":"standard","meta":{"_monsterinsights_skip_tracking":false,"_monsterinsights_sitenote_active":false,"_monsterinsights_sitenote_note":"","_monsterinsights_sitenote_category":0,"footnotes":""},"categories":[5126,5210],"tags":[11933,5212,11935,11937,11939,11941,5216,5460,5462,11943],"class_list":["post-25395","post","type-post","status-publish","format-standard","has-post-thumbnail","hentry","category-blog-es","category-enric-soler-es-es","tag-adolf-mas-i-ginesta-es","tag-enric-soler-i-raspall-es","tag-guillem-maria-de-broca-i-de-montagut-es","tag-josep-goday-i-casals-es","tag-josep-gudiol-cunill-es","tag-puig-i-cadafalch-es","tag-tushita-edicions-es","tag-val-daran-es","tag-vall-de-boi-es","tag-vall-de-luishon-es"],"yoast_head":"<!-- This site is optimized with the Yoast SEO plugin v27.5 - https:\/\/yoast.com\/product\/yoast-seo-wordpress\/ -->\n<title>PUIG I CADAFALCH - Rutes Entre Refugis<\/title>\n<meta name=\"robots\" content=\"index, follow, max-snippet:-1, max-image-preview:large, max-video-preview:-1\" \/>\n<link rel=\"canonical\" href=\"https:\/\/rutesentrerefugis.com\/index.php\/es\/2025\/03\/26\/puig-i-cadafalch-es\/\" \/>\n<meta property=\"og:locale\" content=\"es_ES\" \/>\n<meta property=\"og:type\" content=\"article\" \/>\n<meta property=\"og:title\" content=\"PUIG I CADAFALCH - Rutes Entre Refugis\" \/>\n<meta property=\"og:description\" content=\"PUIG I CADAFALCH LA MISI\u00d3N ARQUEOL\u00d3GICA DE 1907 Cr\u00f3nica escrita por ENRIC SOLER I RASPALL,publicada en la revista MUNTANYA n\u00famero 921 EL NACIMIENTO DE UN\" \/>\n<meta property=\"og:url\" content=\"https:\/\/rutesentrerefugis.com\/index.php\/es\/2025\/03\/26\/puig-i-cadafalch-es\/\" \/>\n<meta property=\"og:site_name\" content=\"Rutes Entre Refugis\" \/>\n<meta property=\"article:published_time\" content=\"2025-03-26T18:22:32+00:00\" \/>\n<meta property=\"article:modified_time\" content=\"2025-03-26T18:58:27+00:00\" \/>\n<meta property=\"og:image\" content=\"https:\/\/rutesentrerefugis.com\/wp-content\/uploads\/2025\/03\/Puig-i-Cadafalch-Inici.jpg\" \/>\n\t<meta property=\"og:image:width\" content=\"1200\" \/>\n\t<meta property=\"og:image:height\" content=\"800\" \/>\n\t<meta property=\"og:image:type\" content=\"image\/jpeg\" \/>\n<meta name=\"author\" content=\"Enric Soler i Raspall\" \/>\n<meta name=\"twitter:card\" content=\"summary_large_image\" \/>\n<meta name=\"twitter:label1\" content=\"Escrito por\" \/>\n\t<meta name=\"twitter:data1\" content=\"Enric Soler i Raspall\" \/>\n\t<meta name=\"twitter:label2\" content=\"Tiempo de lectura\" \/>\n\t<meta name=\"twitter:data2\" content=\"19 minutos\" \/>\n<script type=\"application\/ld+json\" class=\"yoast-schema-graph\">{\"@context\":\"https:\\\/\\\/schema.org\",\"@graph\":[{\"@type\":\"Article\",\"@id\":\"https:\\\/\\\/rutesentrerefugis.com\\\/index.php\\\/es\\\/2025\\\/03\\\/26\\\/puig-i-cadafalch-es\\\/#article\",\"isPartOf\":{\"@id\":\"https:\\\/\\\/rutesentrerefugis.com\\\/index.php\\\/es\\\/2025\\\/03\\\/26\\\/puig-i-cadafalch-es\\\/\"},\"author\":{\"name\":\"Enric Soler i Raspall\",\"@id\":\"https:\\\/\\\/rutesentrerefugis.com\\\/#\\\/schema\\\/person\\\/cb6acb5a24d3c6add2e1b389e14cd795\"},\"headline\":\"PUIG I CADAFALCH\",\"datePublished\":\"2025-03-26T18:22:32+00:00\",\"dateModified\":\"2025-03-26T18:58:27+00:00\",\"mainEntityOfPage\":{\"@id\":\"https:\\\/\\\/rutesentrerefugis.com\\\/index.php\\\/es\\\/2025\\\/03\\\/26\\\/puig-i-cadafalch-es\\\/\"},\"wordCount\":1426,\"commentCount\":0,\"publisher\":{\"@id\":\"https:\\\/\\\/rutesentrerefugis.com\\\/#organization\"},\"image\":{\"@id\":\"https:\\\/\\\/rutesentrerefugis.com\\\/index.php\\\/es\\\/2025\\\/03\\\/26\\\/puig-i-cadafalch-es\\\/#primaryimage\"},\"thumbnailUrl\":\"https:\\\/\\\/rutesentrerefugis.com\\\/wp-content\\\/uploads\\\/2025\\\/03\\\/Puig-i-Cadafalch-Inici.jpg\",\"keywords\":[\"Adolf Mas i Ginest\u00e0\",\"Enric Soler i Raspall\",\"Guillem Maria de Broc\u00e0 i de Montagut\",\"Josep Goday i Casals\",\"Josep Gudiol Cunill\",\"Puig i Cadafalch\",\"Tushita Edicions\",\"Val d\u2019Aran\",\"Vall de Boi\",\"Vall de Luishon\"],\"articleSection\":[\"Blog.\",\"Enric Soler.\"],\"inLanguage\":\"es\",\"potentialAction\":[{\"@type\":\"CommentAction\",\"name\":\"Comment\",\"target\":[\"https:\\\/\\\/rutesentrerefugis.com\\\/index.php\\\/es\\\/2025\\\/03\\\/26\\\/puig-i-cadafalch-es\\\/#respond\"]}]},{\"@type\":\"WebPage\",\"@id\":\"https:\\\/\\\/rutesentrerefugis.com\\\/index.php\\\/es\\\/2025\\\/03\\\/26\\\/puig-i-cadafalch-es\\\/\",\"url\":\"https:\\\/\\\/rutesentrerefugis.com\\\/index.php\\\/es\\\/2025\\\/03\\\/26\\\/puig-i-cadafalch-es\\\/\",\"name\":\"PUIG I CADAFALCH - Rutes Entre Refugis\",\"isPartOf\":{\"@id\":\"https:\\\/\\\/rutesentrerefugis.com\\\/#website\"},\"primaryImageOfPage\":{\"@id\":\"https:\\\/\\\/rutesentrerefugis.com\\\/index.php\\\/es\\\/2025\\\/03\\\/26\\\/puig-i-cadafalch-es\\\/#primaryimage\"},\"image\":{\"@id\":\"https:\\\/\\\/rutesentrerefugis.com\\\/index.php\\\/es\\\/2025\\\/03\\\/26\\\/puig-i-cadafalch-es\\\/#primaryimage\"},\"thumbnailUrl\":\"https:\\\/\\\/rutesentrerefugis.com\\\/wp-content\\\/uploads\\\/2025\\\/03\\\/Puig-i-Cadafalch-Inici.jpg\",\"datePublished\":\"2025-03-26T18:22:32+00:00\",\"dateModified\":\"2025-03-26T18:58:27+00:00\",\"breadcrumb\":{\"@id\":\"https:\\\/\\\/rutesentrerefugis.com\\\/index.php\\\/es\\\/2025\\\/03\\\/26\\\/puig-i-cadafalch-es\\\/#breadcrumb\"},\"inLanguage\":\"es\",\"potentialAction\":[{\"@type\":\"ReadAction\",\"target\":[\"https:\\\/\\\/rutesentrerefugis.com\\\/index.php\\\/es\\\/2025\\\/03\\\/26\\\/puig-i-cadafalch-es\\\/\"]}]},{\"@type\":\"ImageObject\",\"inLanguage\":\"es\",\"@id\":\"https:\\\/\\\/rutesentrerefugis.com\\\/index.php\\\/es\\\/2025\\\/03\\\/26\\\/puig-i-cadafalch-es\\\/#primaryimage\",\"url\":\"https:\\\/\\\/rutesentrerefugis.com\\\/wp-content\\\/uploads\\\/2025\\\/03\\\/Puig-i-Cadafalch-Inici.jpg\",\"contentUrl\":\"https:\\\/\\\/rutesentrerefugis.com\\\/wp-content\\\/uploads\\\/2025\\\/03\\\/Puig-i-Cadafalch-Inici.jpg\",\"width\":1200,\"height\":800},{\"@type\":\"BreadcrumbList\",\"@id\":\"https:\\\/\\\/rutesentrerefugis.com\\\/index.php\\\/es\\\/2025\\\/03\\\/26\\\/puig-i-cadafalch-es\\\/#breadcrumb\",\"itemListElement\":[{\"@type\":\"ListItem\",\"position\":1,\"name\":\"Inici\",\"item\":\"https:\\\/\\\/rutesentrerefugis.com\\\/\"},{\"@type\":\"ListItem\",\"position\":2,\"name\":\"PUIG I CADAFALCH\"}]},{\"@type\":\"WebSite\",\"@id\":\"https:\\\/\\\/rutesentrerefugis.com\\\/#website\",\"url\":\"https:\\\/\\\/rutesentrerefugis.com\\\/\",\"name\":\"Rutes Entre Refugis\",\"description\":\"Caminant sota un nom\",\"publisher\":{\"@id\":\"https:\\\/\\\/rutesentrerefugis.com\\\/#organization\"},\"potentialAction\":[{\"@type\":\"SearchAction\",\"target\":{\"@type\":\"EntryPoint\",\"urlTemplate\":\"https:\\\/\\\/rutesentrerefugis.com\\\/?s={search_term_string}\"},\"query-input\":{\"@type\":\"PropertyValueSpecification\",\"valueRequired\":true,\"valueName\":\"search_term_string\"}}],\"inLanguage\":\"es\"},{\"@type\":\"Organization\",\"@id\":\"https:\\\/\\\/rutesentrerefugis.com\\\/#organization\",\"name\":\"Rutes Entre Refugis\",\"url\":\"https:\\\/\\\/rutesentrerefugis.com\\\/\",\"logo\":{\"@type\":\"ImageObject\",\"inLanguage\":\"es\",\"@id\":\"https:\\\/\\\/rutesentrerefugis.com\\\/#\\\/schema\\\/logo\\\/image\\\/\",\"url\":\"https:\\\/\\\/rutesentrerefugis.com\\\/wp-content\\\/uploads\\\/2022\\\/08\\\/RutesEntreRefugis-Blanc-Retina-1.png\",\"contentUrl\":\"https:\\\/\\\/rutesentrerefugis.com\\\/wp-content\\\/uploads\\\/2022\\\/08\\\/RutesEntreRefugis-Blanc-Retina-1.png\",\"width\":400,\"height\":400,\"caption\":\"Rutes Entre Refugis\"},\"image\":{\"@id\":\"https:\\\/\\\/rutesentrerefugis.com\\\/#\\\/schema\\\/logo\\\/image\\\/\"}},{\"@type\":\"Person\",\"@id\":\"https:\\\/\\\/rutesentrerefugis.com\\\/#\\\/schema\\\/person\\\/cb6acb5a24d3c6add2e1b389e14cd795\",\"name\":\"Enric Soler i Raspall\",\"image\":{\"@type\":\"ImageObject\",\"inLanguage\":\"es\",\"@id\":\"https:\\\/\\\/rutesentrerefugis.com\\\/wp-content\\\/uploads\\\/2023\\\/05\\\/avatar_user_18_1683353182-96x96.jpg\",\"url\":\"https:\\\/\\\/rutesentrerefugis.com\\\/wp-content\\\/uploads\\\/2023\\\/05\\\/avatar_user_18_1683353182-96x96.jpg\",\"contentUrl\":\"https:\\\/\\\/rutesentrerefugis.com\\\/wp-content\\\/uploads\\\/2023\\\/05\\\/avatar_user_18_1683353182-96x96.jpg\",\"caption\":\"Enric Soler i Raspall\"},\"url\":\"https:\\\/\\\/rutesentrerefugis.com\\\/index.php\\\/author\\\/enric-soler-i-raspall\\\/\"}]}<\/script>\n<!-- \/ Yoast SEO plugin. -->","yoast_head_json":{"title":"PUIG I CADAFALCH - Rutes Entre Refugis","robots":{"index":"index","follow":"follow","max-snippet":"max-snippet:-1","max-image-preview":"max-image-preview:large","max-video-preview":"max-video-preview:-1"},"canonical":"https:\/\/rutesentrerefugis.com\/index.php\/es\/2025\/03\/26\/puig-i-cadafalch-es\/","og_locale":"es_ES","og_type":"article","og_title":"PUIG I CADAFALCH - Rutes Entre Refugis","og_description":"PUIG I CADAFALCH LA MISI\u00d3N ARQUEOL\u00d3GICA DE 1907 Cr\u00f3nica escrita por ENRIC SOLER I RASPALL,publicada en la revista MUNTANYA n\u00famero 921 EL NACIMIENTO DE UN","og_url":"https:\/\/rutesentrerefugis.com\/index.php\/es\/2025\/03\/26\/puig-i-cadafalch-es\/","og_site_name":"Rutes Entre Refugis","article_published_time":"2025-03-26T18:22:32+00:00","article_modified_time":"2025-03-26T18:58:27+00:00","og_image":[{"width":1200,"height":800,"url":"https:\/\/rutesentrerefugis.com\/wp-content\/uploads\/2025\/03\/Puig-i-Cadafalch-Inici.jpg","type":"image\/jpeg"}],"author":"Enric Soler i Raspall","twitter_card":"summary_large_image","twitter_misc":{"Escrito por":"Enric Soler i Raspall","Tiempo de lectura":"19 minutos"},"schema":{"@context":"https:\/\/schema.org","@graph":[{"@type":"Article","@id":"https:\/\/rutesentrerefugis.com\/index.php\/es\/2025\/03\/26\/puig-i-cadafalch-es\/#article","isPartOf":{"@id":"https:\/\/rutesentrerefugis.com\/index.php\/es\/2025\/03\/26\/puig-i-cadafalch-es\/"},"author":{"name":"Enric Soler i Raspall","@id":"https:\/\/rutesentrerefugis.com\/#\/schema\/person\/cb6acb5a24d3c6add2e1b389e14cd795"},"headline":"PUIG I CADAFALCH","datePublished":"2025-03-26T18:22:32+00:00","dateModified":"2025-03-26T18:58:27+00:00","mainEntityOfPage":{"@id":"https:\/\/rutesentrerefugis.com\/index.php\/es\/2025\/03\/26\/puig-i-cadafalch-es\/"},"wordCount":1426,"commentCount":0,"publisher":{"@id":"https:\/\/rutesentrerefugis.com\/#organization"},"image":{"@id":"https:\/\/rutesentrerefugis.com\/index.php\/es\/2025\/03\/26\/puig-i-cadafalch-es\/#primaryimage"},"thumbnailUrl":"https:\/\/rutesentrerefugis.com\/wp-content\/uploads\/2025\/03\/Puig-i-Cadafalch-Inici.jpg","keywords":["Adolf Mas i Ginest\u00e0","Enric Soler i Raspall","Guillem Maria de Broc\u00e0 i de Montagut","Josep Goday i Casals","Josep Gudiol Cunill","Puig i Cadafalch","Tushita Edicions","Val d\u2019Aran","Vall de Boi","Vall de Luishon"],"articleSection":["Blog.","Enric Soler."],"inLanguage":"es","potentialAction":[{"@type":"CommentAction","name":"Comment","target":["https:\/\/rutesentrerefugis.com\/index.php\/es\/2025\/03\/26\/puig-i-cadafalch-es\/#respond"]}]},{"@type":"WebPage","@id":"https:\/\/rutesentrerefugis.com\/index.php\/es\/2025\/03\/26\/puig-i-cadafalch-es\/","url":"https:\/\/rutesentrerefugis.com\/index.php\/es\/2025\/03\/26\/puig-i-cadafalch-es\/","name":"PUIG I CADAFALCH - Rutes Entre Refugis","isPartOf":{"@id":"https:\/\/rutesentrerefugis.com\/#website"},"primaryImageOfPage":{"@id":"https:\/\/rutesentrerefugis.com\/index.php\/es\/2025\/03\/26\/puig-i-cadafalch-es\/#primaryimage"},"image":{"@id":"https:\/\/rutesentrerefugis.com\/index.php\/es\/2025\/03\/26\/puig-i-cadafalch-es\/#primaryimage"},"thumbnailUrl":"https:\/\/rutesentrerefugis.com\/wp-content\/uploads\/2025\/03\/Puig-i-Cadafalch-Inici.jpg","datePublished":"2025-03-26T18:22:32+00:00","dateModified":"2025-03-26T18:58:27+00:00","breadcrumb":{"@id":"https:\/\/rutesentrerefugis.com\/index.php\/es\/2025\/03\/26\/puig-i-cadafalch-es\/#breadcrumb"},"inLanguage":"es","potentialAction":[{"@type":"ReadAction","target":["https:\/\/rutesentrerefugis.com\/index.php\/es\/2025\/03\/26\/puig-i-cadafalch-es\/"]}]},{"@type":"ImageObject","inLanguage":"es","@id":"https:\/\/rutesentrerefugis.com\/index.php\/es\/2025\/03\/26\/puig-i-cadafalch-es\/#primaryimage","url":"https:\/\/rutesentrerefugis.com\/wp-content\/uploads\/2025\/03\/Puig-i-Cadafalch-Inici.jpg","contentUrl":"https:\/\/rutesentrerefugis.com\/wp-content\/uploads\/2025\/03\/Puig-i-Cadafalch-Inici.jpg","width":1200,"height":800},{"@type":"BreadcrumbList","@id":"https:\/\/rutesentrerefugis.com\/index.php\/es\/2025\/03\/26\/puig-i-cadafalch-es\/#breadcrumb","itemListElement":[{"@type":"ListItem","position":1,"name":"Inici","item":"https:\/\/rutesentrerefugis.com\/"},{"@type":"ListItem","position":2,"name":"PUIG I CADAFALCH"}]},{"@type":"WebSite","@id":"https:\/\/rutesentrerefugis.com\/#website","url":"https:\/\/rutesentrerefugis.com\/","name":"Rutes Entre Refugis","description":"Caminant sota un nom","publisher":{"@id":"https:\/\/rutesentrerefugis.com\/#organization"},"potentialAction":[{"@type":"SearchAction","target":{"@type":"EntryPoint","urlTemplate":"https:\/\/rutesentrerefugis.com\/?s={search_term_string}"},"query-input":{"@type":"PropertyValueSpecification","valueRequired":true,"valueName":"search_term_string"}}],"inLanguage":"es"},{"@type":"Organization","@id":"https:\/\/rutesentrerefugis.com\/#organization","name":"Rutes Entre Refugis","url":"https:\/\/rutesentrerefugis.com\/","logo":{"@type":"ImageObject","inLanguage":"es","@id":"https:\/\/rutesentrerefugis.com\/#\/schema\/logo\/image\/","url":"https:\/\/rutesentrerefugis.com\/wp-content\/uploads\/2022\/08\/RutesEntreRefugis-Blanc-Retina-1.png","contentUrl":"https:\/\/rutesentrerefugis.com\/wp-content\/uploads\/2022\/08\/RutesEntreRefugis-Blanc-Retina-1.png","width":400,"height":400,"caption":"Rutes Entre Refugis"},"image":{"@id":"https:\/\/rutesentrerefugis.com\/#\/schema\/logo\/image\/"}},{"@type":"Person","@id":"https:\/\/rutesentrerefugis.com\/#\/schema\/person\/cb6acb5a24d3c6add2e1b389e14cd795","name":"Enric Soler i Raspall","image":{"@type":"ImageObject","inLanguage":"es","@id":"https:\/\/rutesentrerefugis.com\/wp-content\/uploads\/2023\/05\/avatar_user_18_1683353182-96x96.jpg","url":"https:\/\/rutesentrerefugis.com\/wp-content\/uploads\/2023\/05\/avatar_user_18_1683353182-96x96.jpg","contentUrl":"https:\/\/rutesentrerefugis.com\/wp-content\/uploads\/2023\/05\/avatar_user_18_1683353182-96x96.jpg","caption":"Enric Soler i Raspall"},"url":"https:\/\/rutesentrerefugis.com\/index.php\/author\/enric-soler-i-raspall\/"}]}},"_links":{"self":[{"href":"https:\/\/rutesentrerefugis.com\/index.php\/wp-json\/wp\/v2\/posts\/25395","targetHints":{"allow":["GET"]}}],"collection":[{"href":"https:\/\/rutesentrerefugis.com\/index.php\/wp-json\/wp\/v2\/posts"}],"about":[{"href":"https:\/\/rutesentrerefugis.com\/index.php\/wp-json\/wp\/v2\/types\/post"}],"author":[{"embeddable":true,"href":"https:\/\/rutesentrerefugis.com\/index.php\/wp-json\/wp\/v2\/users\/18"}],"replies":[{"embeddable":true,"href":"https:\/\/rutesentrerefugis.com\/index.php\/wp-json\/wp\/v2\/comments?post=25395"}],"version-history":[{"count":42,"href":"https:\/\/rutesentrerefugis.com\/index.php\/wp-json\/wp\/v2\/posts\/25395\/revisions"}],"predecessor-version":[{"id":25446,"href":"https:\/\/rutesentrerefugis.com\/index.php\/wp-json\/wp\/v2\/posts\/25395\/revisions\/25446"}],"wp:featuredmedia":[{"embeddable":true,"href":"https:\/\/rutesentrerefugis.com\/index.php\/wp-json\/wp\/v2\/media\/25130"}],"wp:attachment":[{"href":"https:\/\/rutesentrerefugis.com\/index.php\/wp-json\/wp\/v2\/media?parent=25395"}],"wp:term":[{"taxonomy":"category","embeddable":true,"href":"https:\/\/rutesentrerefugis.com\/index.php\/wp-json\/wp\/v2\/categories?post=25395"},{"taxonomy":"post_tag","embeddable":true,"href":"https:\/\/rutesentrerefugis.com\/index.php\/wp-json\/wp\/v2\/tags?post=25395"}],"curies":[{"name":"wp","href":"https:\/\/api.w.org\/{rel}","templated":true}]}}