{"id":27259,"date":"2025-08-06T16:15:09","date_gmt":"2025-08-06T16:15:09","guid":{"rendered":"https:\/\/rutesentrerefugis.com\/?p=27259"},"modified":"2025-08-13T17:50:24","modified_gmt":"2025-08-13T17:50:24","slug":"gr-11-senda-pirinenca","status":"publish","type":"post","link":"https:\/\/rutesentrerefugis.com\/index.php\/2025\/08\/06\/gr-11-senda-pirinenca\/","title":{"rendered":"GR-11 SENDA PIRINENCA"},"content":{"rendered":"\t\t<div data-elementor-type=\"wp-post\" data-elementor-id=\"27259\" class=\"elementor elementor-27259\" data-elementor-post-type=\"post\">\n\t\t\t\t\t\t<section class=\"elementor-section elementor-top-section elementor-element elementor-element-8360c0a elementor-section-full_width elementor-section-height-default elementor-section-height-default\" data-id=\"8360c0a\" data-element_type=\"section\" data-e-type=\"section\">\n\t\t\t\t\t\t<div class=\"elementor-container elementor-column-gap-default\">\n\t\t\t\t\t<div class=\"elementor-column elementor-col-100 elementor-top-column elementor-element elementor-element-c07ea79\" data-id=\"c07ea79\" data-element_type=\"column\" data-e-type=\"column\">\n\t\t\t<div class=\"elementor-widget-wrap elementor-element-populated\">\n\t\t\t\t\t\t<div class=\"elementor-element elementor-element-be4ea59 elementor-widget elementor-widget-image\" data-id=\"be4ea59\" data-element_type=\"widget\" data-e-type=\"widget\" data-widget_type=\"image.default\">\n\t\t\t\t<div class=\"elementor-widget-container\">\n\t\t\t\t\t\t\t\t\t\t\t\t\t\t\t<img fetchpriority=\"high\" decoding=\"async\" width=\"2000\" height=\"450\" src=\"https:\/\/rutesentrerefugis.com\/wp-content\/uploads\/2022\/08\/A-Peu-Inici-NW.jpg\" class=\"attachment-full size-full wp-image-849\" alt=\"Rutes Entre Refugis\" srcset=\"https:\/\/rutesentrerefugis.com\/wp-content\/uploads\/2022\/08\/A-Peu-Inici-NW.jpg 2000w, https:\/\/rutesentrerefugis.com\/wp-content\/uploads\/2022\/08\/A-Peu-Inici-NW-300x68.jpg 300w, https:\/\/rutesentrerefugis.com\/wp-content\/uploads\/2022\/08\/A-Peu-Inici-NW-1024x230.jpg 1024w, https:\/\/rutesentrerefugis.com\/wp-content\/uploads\/2022\/08\/A-Peu-Inici-NW-768x173.jpg 768w, https:\/\/rutesentrerefugis.com\/wp-content\/uploads\/2022\/08\/A-Peu-Inici-NW-1536x346.jpg 1536w\" sizes=\"(max-width: 2000px) 100vw, 2000px\" \/>\t\t\t\t\t\t\t\t\t\t\t\t\t\t\t<\/div>\n\t\t\t\t<\/div>\n\t\t\t\t\t<\/div>\n\t\t<\/div>\n\t\t\t\t\t<\/div>\n\t\t<\/section>\n\t\t\t\t<section class=\"elementor-section elementor-top-section elementor-element elementor-element-34b90c5 elementor-section-full_width elementor-section-height-default elementor-section-height-default\" data-id=\"34b90c5\" data-element_type=\"section\" data-e-type=\"section\" data-settings=\"{&quot;background_background&quot;:&quot;classic&quot;}\">\n\t\t\t\t\t\t<div class=\"elementor-container elementor-column-gap-default\">\n\t\t\t\t\t<div class=\"elementor-column elementor-col-100 elementor-top-column elementor-element elementor-element-3482507\" data-id=\"3482507\" data-element_type=\"column\" data-e-type=\"column\">\n\t\t\t<div class=\"elementor-widget-wrap elementor-element-populated\">\n\t\t\t\t\t\t<div class=\"elementor-element elementor-element-f9f51f1 elementor-widget elementor-widget-heading\" data-id=\"f9f51f1\" data-element_type=\"widget\" data-e-type=\"widget\" data-widget_type=\"heading.default\">\n\t\t\t\t<div class=\"elementor-widget-container\">\n\t\t\t\t\t<h1 class=\"elementor-heading-title elementor-size-default\">\u00b7 <font color=\"#000000\"><\/b>GR-11 SENDA PIRINENCA<\/b><\/font> \u00b7<\/h1>\t\t\t\t<\/div>\n\t\t\t\t<\/div>\n\t\t\t\t\t<\/div>\n\t\t<\/div>\n\t\t\t\t\t<\/div>\n\t\t<\/section>\n\t\t\t\t<section class=\"elementor-section elementor-top-section elementor-element elementor-element-124b988 elementor-section-full_width elementor-section-height-default elementor-section-height-default\" data-id=\"124b988\" data-element_type=\"section\" data-e-type=\"section\" data-settings=\"{&quot;background_background&quot;:&quot;classic&quot;}\">\n\t\t\t\t\t\t<div class=\"elementor-container elementor-column-gap-default\">\n\t\t\t\t\t<div class=\"elementor-column elementor-col-100 elementor-top-column elementor-element elementor-element-5cbd8fb\" data-id=\"5cbd8fb\" data-element_type=\"column\" data-e-type=\"column\">\n\t\t\t<div class=\"elementor-widget-wrap elementor-element-populated\">\n\t\t\t\t\t\t<div class=\"elementor-element elementor-element-6f67eba elementor-widget-divider--view-line elementor-widget elementor-widget-divider\" data-id=\"6f67eba\" data-element_type=\"widget\" data-e-type=\"widget\" data-widget_type=\"divider.default\">\n\t\t\t\t<div class=\"elementor-widget-container\">\n\t\t\t\t\t\t\t<div class=\"elementor-divider\">\n\t\t\t<span class=\"elementor-divider-separator\">\n\t\t\t\t\t\t<\/span>\n\t\t<\/div>\n\t\t\t\t\t\t<\/div>\n\t\t\t\t<\/div>\n\t\t\t\t\t<\/div>\n\t\t<\/div>\n\t\t\t\t\t<\/div>\n\t\t<\/section>\n\t\t\t\t<section class=\"elementor-section elementor-top-section elementor-element elementor-element-efbb316 elementor-section-full_width elementor-section-height-default elementor-section-height-default\" data-id=\"efbb316\" data-element_type=\"section\" data-e-type=\"section\">\n\t\t\t\t\t\t<div class=\"elementor-container elementor-column-gap-default\">\n\t\t\t\t\t<div class=\"elementor-column elementor-col-100 elementor-top-column elementor-element elementor-element-e9ca57b\" data-id=\"e9ca57b\" data-element_type=\"column\" data-e-type=\"column\">\n\t\t\t<div class=\"elementor-widget-wrap elementor-element-populated\">\n\t\t\t\t\t\t<div class=\"elementor-element elementor-element-6ac66ce elementor-widget elementor-widget-spacer\" data-id=\"6ac66ce\" data-element_type=\"widget\" data-e-type=\"widget\" data-widget_type=\"spacer.default\">\n\t\t\t\t<div class=\"elementor-widget-container\">\n\t\t\t\t\t\t\t<div class=\"elementor-spacer\">\n\t\t\t<div class=\"elementor-spacer-inner\"><\/div>\n\t\t<\/div>\n\t\t\t\t\t\t<\/div>\n\t\t\t\t<\/div>\n\t\t\t\t\t<\/div>\n\t\t<\/div>\n\t\t\t\t\t<\/div>\n\t\t<\/section>\n\t\t\t\t<section class=\"elementor-section elementor-top-section elementor-element elementor-element-e125e0d elementor-section-full_width elementor-section-height-default elementor-section-height-default\" data-id=\"e125e0d\" data-element_type=\"section\" data-e-type=\"section\">\n\t\t\t\t\t\t<div class=\"elementor-container elementor-column-gap-default\">\n\t\t\t\t\t<div class=\"elementor-column elementor-col-33 elementor-top-column elementor-element elementor-element-2e22631\" data-id=\"2e22631\" data-element_type=\"column\" data-e-type=\"column\">\n\t\t\t<div class=\"elementor-widget-wrap elementor-element-populated\">\n\t\t\t\t\t\t<div class=\"elementor-element elementor-element-81df6da elementor-widget elementor-widget-text-editor\" data-id=\"81df6da\" data-element_type=\"widget\" data-e-type=\"widget\" data-widget_type=\"text-editor.default\">\n\t\t\t\t<div class=\"elementor-widget-container\">\n\t\t\t\t\t\t\t\t\t<h5><span style=\"color: #b40404;\"><u><b>UBICACI\u00d3<\/b><\/u><\/span><\/h5>\n<h6><span style=\"color: #666666\">Pirineus Vessant Sud<\/coloR<\/h6>\t\t\t\t\t\t\t\t<\/div>\n\t\t\t\t<\/div>\n\t\t\t\t<div class=\"elementor-element elementor-element-38b8886 elementor-widget elementor-widget-text-editor\" data-id=\"38b8886\" data-element_type=\"widget\" data-e-type=\"widget\" data-widget_type=\"text-editor.default\">\n\t\t\t\t<div class=\"elementor-widget-container\">\n\t\t\t\t\t\t\t\t\t<h5><span style=\"color: #b40404;\"><u><b>COMARQUES \/ PARROQUIES<\/b><\/u><\/span><\/h5>\n<h6><span style=\"color: #666666;\"><b><u>PA\u00cdS BASC<\/u><\/b><\/br>\nBajo Bidasoa<\/br>\n<\/br>\n<b><u>NAVARRA<\/u><\/b><\/br>\nBaztan-Bidasoa<\/br>\nPirinoak<\/br>\n<\/br>\n<b><u>ARAG\u00d3<\/u><\/b><\/br>\nLa Jacetania<\/br>\nAlto G\u00e1llego<\/br>\nSobrarbe<\/br>\nLa Ribagorza<\/br>\n<\/br>\n<b><u>CATALUNYA<\/u><\/b><\/br>\nVal d&#8217;Aran<\/br>\nPallars Sobir\u00e0<\/br>\n<\/br>\n<b><u>ANDORRA<\/u><\/b><\/br>\nOrdino<\/br>\nEncamp<\/br>\n<\/br>\n<b><u>CATALUNYA<\/u><\/b><\/br>\nCerdanya<\/br>\nRipoll\u00e8s<\/br>\nGarrotxa<\/br>\nAlt Empord\u00e0<\/h6>\t\t\t\t\t\t\t\t<\/div>\n\t\t\t\t<\/div>\n\t\t\t\t<div class=\"elementor-element elementor-element-f57335f elementor-widget elementor-widget-text-editor\" data-id=\"f57335f\" data-element_type=\"widget\" data-e-type=\"widget\" data-widget_type=\"text-editor.default\">\n\t\t\t\t<div class=\"elementor-widget-container\">\n\t\t\t\t\t\t\t\t\t<h5><span style=\"color: #b40404;\"><u><b>WEB &#8211; XARXES SOCIALS<\/b><\/u><\/span><\/h5>\n<h6><a href=\"https:\/\/travesiapirenaica.com\/gr-11\/\" target=\"_blank\" rel=\"noopener\"><span style=\"color: #666666;\">www.travesiapirenaica.com<\/span><\/a><\/h6>\n<a href=\"https:\/\/x.com\/SendaPirenaica\" target=\"_blank\" rel=\"noopener\"><img decoding=\"async\" src=\"http:\/\/rutesentrerefugis.com\/wp-content\/uploads\/2021\/01\/Twitter-50x50-NW.jpg\" width=\"50\" height=\"50\" \/><\/a> <a href=\"https:\/\/www.facebook.com\/TravesiaPirenaica\/\" target=\"_blank\" rel=\"noopener\"><img decoding=\"async\" src=\"http:\/\/rutesentrerefugis.com\/wp-content\/uploads\/2021\/01\/Facebook-50x50-2.jpg\" width=\"50\" height=\"50\" \/><\/a> <a href=\"https:\/\/www.instagram.com\/travesiapirenaica\/\" target=\"_blank\" rel=\"noopener\"><img loading=\"lazy\" decoding=\"async\" src=\"http:\/\/rutesentrerefugis.com\/wp-content\/uploads\/2023\/04\/Instagram-50x50-1.jpg\" width=\"50\" height=\"50\" \/><\/a>\t\t\t\t\t\t\t\t<\/div>\n\t\t\t\t<\/div>\n\t\t\t\t<div class=\"elementor-element elementor-element-10ca1a3 elementor-widget elementor-widget-text-editor\" data-id=\"10ca1a3\" data-element_type=\"widget\" data-e-type=\"widget\" data-widget_type=\"text-editor.default\">\n\t\t\t\t<div class=\"elementor-widget-container\">\n\t\t\t\t\t\t\t\t\t<h5><strong><span style=\"color: #b40404;\"><u>AG\u00c8NCIA RECOMANADA<\/u><\/span><\/strong><\/h5>\n<a href=\"https:\/\/www.viajesapie.com\/transpirenaica\" target=\"_blank\" rel=\"noopener\"><img loading=\"lazy\" decoding=\"async\" src=\"https:\/\/rutesentrerefugis.com\/wp-content\/uploads\/2023\/04\/Logo-Marro-100x100-1.jpg\" width=\"100\" height=\"100\" \/><\/a>\t\t\t\t\t\t\t\t<\/div>\n\t\t\t\t<\/div>\n\t\t\t\t\t<\/div>\n\t\t<\/div>\n\t\t\t\t<div class=\"elementor-column elementor-col-33 elementor-top-column elementor-element elementor-element-4c461d8\" data-id=\"4c461d8\" data-element_type=\"column\" data-e-type=\"column\">\n\t\t\t<div class=\"elementor-widget-wrap elementor-element-populated\">\n\t\t\t\t\t\t<div class=\"elementor-element elementor-element-009a57a elementor-widget elementor-widget-text-editor\" data-id=\"009a57a\" data-element_type=\"widget\" data-e-type=\"widget\" data-widget_type=\"text-editor.default\">\n\t\t\t\t<div class=\"elementor-widget-container\">\n\t\t\t\t\t\t\t\t\t<h5><span style=\"color: #000000;\"><u><b>RUTA CL\u00c0SSICA<\/b><\/u><\/span><\/h5><h6><span style=\"color: #b40404;\"><u><b>46 ETAPES<\/b><\/u><\/span><\/h6><h6><span style=\"color: #000000;\">824,4 kms \u239c+40.338 m \u239c-40.469 m<\/span><\/h6><h6><span style=\"color: #666666;\">Cabo Higuer &#8211; Bera de Bidasoa<br \/>Bera de Bidasoa &#8211; Elizondo<br \/>Elizondo &#8211; Puerto de Urkiaga<br \/>Puerto de Urkiaga &#8211; Burguete\/Auritz<br \/>Burguete\/Auritz &#8211; Villanueva de Aezkoa<br \/>Villanueva de Aezkoa &#8211; Otsagabia<br \/>Otsagabia &#8211; Isaba<br \/>Isaba &#8211; Ref. de Zuriza<br \/>Ref. de Zuriza &#8211; Aguas Tuertas<br \/>Aguas Tuertas &#8211; Ref. de Lizara<br \/>Ref. de Lizara &#8211; Candanch\u00fa<br \/>Candanch\u00fa &#8211; Sallent de G\u00e1llego<br \/>Sallent de G\u00e1llego &#8211; Ref. de Respomuso<br \/>Ref. de Respomuso &#8211; Casa de Piedra<br \/>Casa de Piedra &#8211; Ref. de Bujaruelo<br \/>Ref. de Bujaruelo &#8211; Ref. de G\u00f3riz<br \/>Ref. de G\u00f3riz &#8211; Ref. de Pineta<br \/>Ref. de Pineta &#8211; Parz\u00e1n<br \/>Parz\u00e1n &#8211; Ref. de Viad\u00f3s<br \/>Ref. de Viad\u00f3s &#8211; Puente de San Jaime<br \/>Puente de San Jaime &#8211; Ref. Cap de Llauset<br \/>Re. Cap de Llauset &#8211; Ref. de Conangles<br \/>Ref. de Conangles &#8211; Ref. de la Restanca<br \/>Ref. de la Restanca &#8211; Ref. de Colom\u00e8rs<br \/>Ref. de Colom\u00e8rs &#8211; Ref. Ernest Mallafr\u00e9<br \/>Ref. Ernest Mallafr\u00e9 &#8211; La Guingueta d&#8217;\u00c0neu<br \/>La Guingueta d&#8217;\u00c0neu &#8211; Esta\u00f3n<br \/>Esta\u00f3n &#8211; Tavascan<br \/>Tavascan &#8211; \u00c0reu<br \/>\u00c0reu &#8211; Ref. de Baiau<br \/>Ref. de Baiau &#8211; Arans<br \/>Arans &#8211; Encamp<br \/>Encamp &#8211; Ref. de l&#8217;Illa<br \/>Ref. de l&#8217;Illa &#8211; Ref. de Malniu<br \/>Ref. de Malniu &#8211; Puigcerd\u00e0<br \/>Puigcerd\u00e0 &#8211; Planoles<br \/>Planoles &#8211; Santuari de N\u00faria<br \/>Santuari de N\u00faria &#8211; Ref. d&#8217;Ulldeter<br \/>Ref. d&#8217;Ulldeter &#8211; Moll\u00f3<br \/>Moll\u00f3 &#8211; Talaix\u00e0<br \/>Talaix\u00e0 &#8211; Albany\u00e0<br \/>Albany\u00e0 &#8211; La Vajol<br \/>La Vajol &#8211; Requesens<br \/>Requesens &#8211; Vilamaniscle<br \/>Vilamaniscle &#8211; El Port de la Selva<br \/>El Port de la Selva &#8211; Cap de Creus<\/span><\/h6>\t\t\t\t\t\t\t\t<\/div>\n\t\t\t\t<\/div>\n\t\t\t\t\t<\/div>\n\t\t<\/div>\n\t\t\t\t<div class=\"elementor-column elementor-col-33 elementor-top-column elementor-element elementor-element-d99ccff\" data-id=\"d99ccff\" data-element_type=\"column\" data-e-type=\"column\">\n\t\t\t<div class=\"elementor-widget-wrap elementor-element-populated\">\n\t\t\t\t\t\t<div class=\"elementor-element elementor-element-cf05424 elementor-widget elementor-widget-text-editor\" data-id=\"cf05424\" data-element_type=\"widget\" data-e-type=\"widget\" data-widget_type=\"text-editor.default\">\n\t\t\t\t<div class=\"elementor-widget-container\">\n\t\t\t\t\t\t\t\t\t<h5><span style=\"color: #b40404;\"><u><b>ON DORMIR<\/b><\/u><\/span><\/h5>\n<h6><a href=\"https:\/\/www.irun.org\/es\/\" target=\"_blank\" rel=\"noopener\"><span style=\"color: #666666;\">Irun (20 m)<\/span><\/a><\/br>\n<a href=\"https:\/\/bera.eus\/es\/\" target=\"_blank\" rel=\"noopener\"><span style=\"color: #666666;\">Bera de Bidasoa (35 m)<\/span><\/a><\/br>\n<a href=\"https:\/\/www.baztan.eus\/es\/lugar-y-gentes\/geografia\/historia\/lugares\/elizondo\/\" target=\"_blank\" rel=\"noopener\"><span style=\"color: #666666;\">Elizondo (190 m)<\/span><\/a><\/br>\n<span style=\"color: #666666;\">Puerto de Urkiaga (912 m)<\/span><\/br>\n<a href=\"http:\/\/www.burguete.es\" target=\"_blank\" rel=\"noopener\"><span style=\"color: #666666;\">Burguete\/Auritz (890 m)<\/span><\/a><\/br>\n<a href=\"http:\/\/www.hiriberri-villanuevadeaezkoa.es\" target=\"_blank\" rel=\"noopener\"><span style=\"color: #666666;\">Villanueva de Aezkoa (920 m)<\/span><\/a><\/br>\n<a href=\"https:\/\/www.ochagavia.com\" target=\"_blank\" rel=\"noopener\"><span style=\"color: #666666;\">Otsagabia (750 m)<\/span><\/a><\/br>\n<a href=\"https:\/\/isaba.es\" target=\"_blank\" rel=\"noopener\"><span style=\"color: #666666;\">Isaba (790 m)<\/span><\/a><\/br>\n<span style=\"color: #666666;\">Zuriza (1.220 m)<\/span><\/br>\n<span style=\"color: #666666;\">Aguas Tuertas (1.620 m)<\/span><\/br>\n<a href=\"https:\/\/www.alberguesyrefugios.com\/lizara\/\" target=\"_blank\" rel=\"noopener\"><span style=\"color: #666666;\">Ref. de Lizara (1.540 m)<\/span><\/a><\/br>\n<span style=\"color: #666666;\">Candanch\u00fa (1.565 m)<\/span><\/br>\n<a href=\"https:\/\/www.sallentdeg\u00e1llego.es\" target=\"_blank\" rel=\"noopener\"><span style=\"color: #666666;\">Sallent de G\u00e1llego (1.288 m)<\/span><\/a><\/br>\n<a href=\"https:\/\/www.alberguesyrefugios.com\/respomuso\/\" target=\"_blank\" rel=\"noopener\"><span style=\"color: #666666;\">Ref. de Respomuso (2.200 m)<\/span><\/a><\/br>\n<a href=\"https:\/\/www.alberguesyrefugios.com\/casadepiedra\/\" target=\"_blank\" rel=\"noopener\"><span style=\"color: #666666;\">Casa de Piedra (1.636 m)<\/span><\/a><\/br>\n<a href=\"https:\/\/www.refugiodebujaruelo.com\" target=\"_blank\" rel=\"noopener\"><span style=\"color: #666666;\">Ref. de Bujaruelo (1.338 m)<\/span><\/a><\/br>\n<a href=\"https:\/\/www.goriz.es\" target=\"_blank\" rel=\"noopener\"><span style=\"color: #666666;\">Ref. de G\u00f3riz (2.200 m)<\/span><\/a><\/br>\n<a href=\"https:\/\/www.alberguesyrefugios.com\/pineta\/\" target=\"_blank\" rel=\"noopener\"><span style=\"color: #666666;\">Ref. de Pineta (1.240 m)<\/span><\/a><\/br>\n<span style=\"color: #666666;\">Parz\u00e1n (1.400 m)<\/span><\/a><\/br>\n<a href=\"https:\/\/www.viados.es\" target=\"_blank\" rel=\"noopener\"><span style=\"color: #666666;\">Ref. de Viad\u00f3s (1.760 m)<\/span><\/a><\/br>\n<span style=\"color: #666666;\">Puente de San Jaime (1.254 m)<\/span><\/a><\/br>\n<a href=\"https:\/\/refugiodellauset.es\" target=\"_blank\" rel=\"noopener\"><span style=\"color: #666666;\">Ref. Cap de Llauset (2.425 m)<\/span><\/a><\/br>\n<a href=\"https:\/\/www.eraportadaran.com\/refugi-de-conangles\/\" target=\"_blank\" rel=\"noopener\"><span style=\"color: #666666;\">Ref. de Conangles (1.555 m)<\/span><\/a><\/br>\n<a href=\"https:\/\/www.lacentralderefugis.com\/refugios\/restanca\/\" target=\"_blank\" rel=\"noopener\"><span style=\"color: #666666;\">Ref. de la Restanca (2.010 m)<\/span><\/a><\/br>\n<a href=\"https:\/\/www.lacentralderefugis.com\/ca\/refugis\/colomers\/\" target=\"_blank\" rel=\"noopener\"><span style=\"color: #666666;\">Ref. de Colom\u00e8rs (2.135 m)<\/span><\/a><\/br>\n<a href=\"https:\/\/refugimallafre.com\" target=\"_blank\" rel=\"noopener\"><span style=\"color: #666666;\">Ref. Ernest Mallafr\u00e9 (1.950 m)<\/span><\/a><\/br>\n<a href=\"https:\/\/guingueta.ddl.net\" target=\"_blank\" rel=\"noopener\"><span style=\"color: #666666;\">La Guingueta d&#8217;\u00c0neu (1.400 m)<\/span><\/a><\/br>\n<span style=\"color: #666666;\">Esta\u00f3n (1.530 m)<\/span><\/a><\/br>\n<a href=\"https:\/\/tavascan.net\" target=\"_blank\" rel=\"noopener\"><span style=\"color: #666666;\">Tavascan (1.110 m)<\/span><\/a><\/br>\n<a href=\"https:\/\/areu.es\" target=\"_blank\" rel=\"noopener\"><span style=\"color: #666666;\">\u00c0reu (1.245 m)<\/span><\/a><\/br>\n<a href=\"https:\/\/www.feec.cat\/fem-muntanya\/refugis\/refugi\/refugi-baiau-josep-maria-montfort\/\" target=\"_blank\" rel=\"noopener\"><span style=\"color: #666666;\">Ref. de Baiau (2.517 m)<\/span><\/a><\/br>\n<span style=\"color: #666666;\">Arans (1.370 m)<\/span><\/a><\/br>\n<a href=\"https:\/\/www.comuencamp.ad\" target=\"_blank\" rel=\"noopener\"><span style=\"color: #666666;\">Encamp (1.280 m)<\/span><\/a><\/br>\n<a href=\"https:\/\/www.refugidelilla.ad\" target=\"_blank\" rel=\"noopener\"><span style=\"color: #666666;\">Ref. de l&#8217;Illa (2.517 m)<\/span><\/a><\/br>\n<a href=\"https:\/\/refugimalniu.com\" target=\"_blank\" rel=\"noopener\"><span style=\"color: #666666;\">Ref. de Malniu (2.128 m)<\/span><\/a><\/br>\n<a href=\"https:\/\/www.puigcerda.cat\/ca\/\" target=\"_blank\" rel=\"noopener\"><span style=\"color: #666666;\">Puigcerd\u00e0 (1.202 m)<\/span><\/a><\/br>\n<a href=\"https:\/\/planoles.cat\" target=\"_blank\" rel=\"noopener\"><span style=\"color: #666666;\">Planoles (1.136 m)<\/span><\/a><\/br>\n<a href=\"https:\/\/www.valldenuria.cat\/estiu\/valldenuria\/santuari-basilica\/\" target=\"_blank\" rel=\"noopener\"><span style=\"color: #666666;\">Santuari de N\u00faria (1.965 m)<\/span><\/a><\/br>\n<a href=\"https:\/\/ulldeter.es\" target=\"_blank\" rel=\"noopener\"><span style=\"color: #666666;\">Ref. d&#8217;Ulldeter (2.220 m)<\/span><\/a><\/br>\n<a href=\"https:\/\/www.mollo.cat\" target=\"_blank\" rel=\"noopener\"><span style=\"color: #666666;\">Moll\u00f3 (1.182 m)<\/span><\/a><\/br>\n<span style=\"color: #666666;\">Talaix\u00e0 (735 m)<\/span><\/a><\/br>\n<a href=\"https:\/\/albanya.cat\" target=\"_blank\" rel=\"noopener\"><span style=\"color: #666666;\">Albany\u00e0 (362 m)<\/span><\/a><\/br>\n<a href=\"https:\/\/www.lavajol.cat\" target=\"_blank\" rel=\"noopener\"><span style=\"color: #666666;\">La Vajol (546 m)<\/span><\/a><\/br>\n<span style=\"color: #666666;\">Requesens (511 m)<\/span><\/a><\/br>\n<a href=\"https:\/\/www.elportdelaselva.cat\/ca\/\" target=\"_blank\" rel=\"noopener\"><span style=\"color: #666666;\">El Port de la Selva (12 m)<\/span><\/a><\/br>\n<span style=\"color: #666666;\">Cap de Creus (25 m)<\/span><\/a><\/h6>\t\t\t\t\t\t\t\t<\/div>\n\t\t\t\t<\/div>\n\t\t\t\t<div class=\"elementor-element elementor-element-271cc5f elementor-widget elementor-widget-text-editor\" data-id=\"271cc5f\" data-element_type=\"widget\" data-e-type=\"widget\" data-widget_type=\"text-editor.default\">\n\t\t\t\t<div class=\"elementor-widget-container\">\n\t\t\t\t\t\t\t\t\t<h5><span style=\"color: #b40404;\"><u><b>VARIANTS<\/b><\/u><\/span><\/h5><h6><span style=\"color: #666666;\">Per veure les diferents alternatives que podem<br \/>trobar al llarg del recorregut seguiu l&#8217;enlla\u00e7 <a href=\"https:\/\/travesiapirenaica.com\/gr-11\/\" target=\"_blank\" rel=\"noopener\"><span style=\"color: #b40404;\"><b>aqu\u00ed<\/b><\/span><\/a><\/span><\/h6>\t\t\t\t\t\t\t\t<\/div>\n\t\t\t\t<\/div>\n\t\t\t\t\t<\/div>\n\t\t<\/div>\n\t\t\t\t\t<\/div>\n\t\t<\/section>\n\t\t\t\t<section class=\"elementor-section elementor-top-section elementor-element elementor-element-e431279 elementor-section-full_width elementor-section-height-default elementor-section-height-default\" data-id=\"e431279\" data-element_type=\"section\" data-e-type=\"section\">\n\t\t\t\t\t\t<div class=\"elementor-container elementor-column-gap-default\">\n\t\t\t\t\t<div class=\"elementor-column elementor-col-100 elementor-top-column elementor-element elementor-element-33e28c2\" data-id=\"33e28c2\" data-element_type=\"column\" data-e-type=\"column\">\n\t\t\t<div class=\"elementor-widget-wrap elementor-element-populated\">\n\t\t\t\t\t\t<div class=\"elementor-element elementor-element-ddc476c elementor-widget elementor-widget-text-editor\" data-id=\"ddc476c\" data-element_type=\"widget\" data-e-type=\"widget\" data-widget_type=\"text-editor.default\">\n\t\t\t\t<div class=\"elementor-widget-container\">\n\t\t\t\t\t\t\t\t\t<iframe src=\"https:\/\/www.google.com\/maps\/d\/embed?mid=1LDzubloXnfFZCGPH4Ze0TACGnWHtLWE\" width=\"2000\" height=\"500\"><\/iframe>\t\t\t\t\t\t\t\t<\/div>\n\t\t\t\t<\/div>\n\t\t\t\t\t<\/div>\n\t\t<\/div>\n\t\t\t\t\t<\/div>\n\t\t<\/section>\n\t\t\t\t<section class=\"elementor-section elementor-top-section elementor-element elementor-element-0a5ffa0 elementor-section-full_width elementor-section-height-default elementor-section-height-default\" data-id=\"0a5ffa0\" data-element_type=\"section\" data-e-type=\"section\">\n\t\t\t\t\t\t<div class=\"elementor-container elementor-column-gap-default\">\n\t\t\t\t\t<div class=\"elementor-column elementor-col-100 elementor-top-column elementor-element elementor-element-2536f4b\" data-id=\"2536f4b\" data-element_type=\"column\" data-e-type=\"column\">\n\t\t\t<div class=\"elementor-widget-wrap elementor-element-populated\">\n\t\t\t\t\t\t<div class=\"elementor-element elementor-element-285f5e1 elementor-widget elementor-widget-heading\" data-id=\"285f5e1\" data-element_type=\"widget\" data-e-type=\"widget\" data-widget_type=\"heading.default\">\n\t\t\t\t<div class=\"elementor-widget-container\">\n\t\t\t\t\t<h3 class=\"elementor-heading-title elementor-size-default\">\u00b7 <u>CARTOGRAFIA - GUIES<\/u> \u00b7<\/h3>\t\t\t\t<\/div>\n\t\t\t\t<\/div>\n\t\t\t\t\t<\/div>\n\t\t<\/div>\n\t\t\t\t\t<\/div>\n\t\t<\/section>\n\t\t\t\t<section class=\"elementor-section elementor-top-section elementor-element elementor-element-50e6b5e elementor-section-full_width elementor-section-height-default elementor-section-height-default\" data-id=\"50e6b5e\" data-element_type=\"section\" data-e-type=\"section\">\n\t\t\t\t\t\t<div class=\"elementor-container elementor-column-gap-default\">\n\t\t\t\t\t<div class=\"elementor-column elementor-col-14 elementor-top-column elementor-element elementor-element-44d50c7\" data-id=\"44d50c7\" data-element_type=\"column\" data-e-type=\"column\">\n\t\t\t<div class=\"elementor-widget-wrap elementor-element-populated\">\n\t\t\t\t\t\t<div class=\"elementor-element elementor-element-2b97832 elementor-widget elementor-widget-image\" data-id=\"2b97832\" data-element_type=\"widget\" data-e-type=\"widget\" data-widget_type=\"image.default\">\n\t\t\t\t<div class=\"elementor-widget-container\">\n\t\t\t\t\t\t\t\t\t\t\t\t\t\t\t<img loading=\"lazy\" decoding=\"async\" width=\"300\" height=\"550\" src=\"https:\/\/rutesentrerefugis.com\/wp-content\/uploads\/2025\/08\/GR-11-Alpina.png\" class=\"attachment-full size-full wp-image-27359\" alt=\"\" srcset=\"https:\/\/rutesentrerefugis.com\/wp-content\/uploads\/2025\/08\/GR-11-Alpina.png 300w, https:\/\/rutesentrerefugis.com\/wp-content\/uploads\/2025\/08\/GR-11-Alpina-164x300.png 164w\" sizes=\"(max-width: 300px) 100vw, 300px\" \/>\t\t\t\t\t\t\t\t\t\t\t\t\t\t\t<\/div>\n\t\t\t\t<\/div>\n\t\t\t\t\t<\/div>\n\t\t<\/div>\n\t\t\t\t<div class=\"elementor-column elementor-col-14 elementor-top-column elementor-element elementor-element-4fe47f5\" data-id=\"4fe47f5\" data-element_type=\"column\" data-e-type=\"column\">\n\t\t\t<div class=\"elementor-widget-wrap elementor-element-populated\">\n\t\t\t\t\t\t<div class=\"elementor-element elementor-element-a990ba1 elementor-widget elementor-widget-image\" data-id=\"a990ba1\" data-element_type=\"widget\" data-e-type=\"widget\" data-widget_type=\"image.default\">\n\t\t\t\t<div class=\"elementor-widget-container\">\n\t\t\t\t\t\t\t\t\t\t\t\t\t\t\t<img loading=\"lazy\" decoding=\"async\" width=\"300\" height=\"590\" src=\"https:\/\/rutesentrerefugis.com\/wp-content\/uploads\/2025\/08\/Cote-Basque.jpg\" class=\"attachment-full size-full wp-image-27358\" alt=\"\" srcset=\"https:\/\/rutesentrerefugis.com\/wp-content\/uploads\/2025\/08\/Cote-Basque.jpg 300w, https:\/\/rutesentrerefugis.com\/wp-content\/uploads\/2025\/08\/Cote-Basque-153x300.jpg 153w\" sizes=\"(max-width: 300px) 100vw, 300px\" \/>\t\t\t\t\t\t\t\t\t\t\t\t\t\t\t<\/div>\n\t\t\t\t<\/div>\n\t\t\t\t\t<\/div>\n\t\t<\/div>\n\t\t\t\t<div class=\"elementor-column elementor-col-14 elementor-top-column elementor-element elementor-element-458a425\" data-id=\"458a425\" data-element_type=\"column\" data-e-type=\"column\">\n\t\t\t<div class=\"elementor-widget-wrap elementor-element-populated\">\n\t\t\t\t\t\t<div class=\"elementor-element elementor-element-14d0c05 elementor-widget elementor-widget-image\" data-id=\"14d0c05\" data-element_type=\"widget\" data-e-type=\"widget\" data-widget_type=\"image.default\">\n\t\t\t\t<div class=\"elementor-widget-container\">\n\t\t\t\t\t\t\t\t\t\t\t\t\t\t\t<img loading=\"lazy\" decoding=\"async\" width=\"300\" height=\"420\" src=\"https:\/\/rutesentrerefugis.com\/wp-content\/uploads\/2022\/08\/Bidasoa-02.jpg\" class=\"attachment-full size-full wp-image-922\" alt=\"\" srcset=\"https:\/\/rutesentrerefugis.com\/wp-content\/uploads\/2022\/08\/Bidasoa-02.jpg 300w, https:\/\/rutesentrerefugis.com\/wp-content\/uploads\/2022\/08\/Bidasoa-02-214x300.jpg 214w\" sizes=\"(max-width: 300px) 100vw, 300px\" \/>\t\t\t\t\t\t\t\t\t\t\t\t\t\t\t<\/div>\n\t\t\t\t<\/div>\n\t\t\t\t\t<\/div>\n\t\t<\/div>\n\t\t\t\t<div class=\"elementor-column elementor-col-14 elementor-top-column elementor-element elementor-element-286de26\" data-id=\"286de26\" data-element_type=\"column\" data-e-type=\"column\">\n\t\t\t<div class=\"elementor-widget-wrap elementor-element-populated\">\n\t\t\t\t\t\t<div class=\"elementor-element elementor-element-ef61277 elementor-widget elementor-widget-image\" data-id=\"ef61277\" data-element_type=\"widget\" data-e-type=\"widget\" data-widget_type=\"image.default\">\n\t\t\t\t<div class=\"elementor-widget-container\">\n\t\t\t\t\t\t\t\t\t\t\t\t\t\t\t<img loading=\"lazy\" decoding=\"async\" width=\"300\" height=\"550\" src=\"https:\/\/rutesentrerefugis.com\/wp-content\/uploads\/2025\/08\/Valles-de-Irati-Aezkoa-02.jpg\" class=\"attachment-full size-full wp-image-27360\" alt=\"\" srcset=\"https:\/\/rutesentrerefugis.com\/wp-content\/uploads\/2025\/08\/Valles-de-Irati-Aezkoa-02.jpg 300w, https:\/\/rutesentrerefugis.com\/wp-content\/uploads\/2025\/08\/Valles-de-Irati-Aezkoa-02-164x300.jpg 164w\" sizes=\"(max-width: 300px) 100vw, 300px\" \/>\t\t\t\t\t\t\t\t\t\t\t\t\t\t\t<\/div>\n\t\t\t\t<\/div>\n\t\t\t\t\t<\/div>\n\t\t<\/div>\n\t\t\t\t<div class=\"elementor-column elementor-col-14 elementor-top-column elementor-element elementor-element-2868c87\" data-id=\"2868c87\" data-element_type=\"column\" data-e-type=\"column\">\n\t\t\t<div class=\"elementor-widget-wrap elementor-element-populated\">\n\t\t\t\t\t\t<div class=\"elementor-element elementor-element-4546b76 elementor-widget elementor-widget-image\" data-id=\"4546b76\" data-element_type=\"widget\" data-e-type=\"widget\" data-widget_type=\"image.default\">\n\t\t\t\t<div class=\"elementor-widget-container\">\n\t\t\t\t\t\t\t\t\t\t\t\t\t\t\t<img loading=\"lazy\" decoding=\"async\" width=\"300\" height=\"550\" src=\"https:\/\/rutesentrerefugis.com\/wp-content\/uploads\/2023\/02\/Valles-Belagua-Roncal.jpg\" class=\"attachment-full size-full wp-image-8293\" alt=\"\" srcset=\"https:\/\/rutesentrerefugis.com\/wp-content\/uploads\/2023\/02\/Valles-Belagua-Roncal.jpg 300w, https:\/\/rutesentrerefugis.com\/wp-content\/uploads\/2023\/02\/Valles-Belagua-Roncal-164x300.jpg 164w\" sizes=\"(max-width: 300px) 100vw, 300px\" \/>\t\t\t\t\t\t\t\t\t\t\t\t\t\t\t<\/div>\n\t\t\t\t<\/div>\n\t\t\t\t\t<\/div>\n\t\t<\/div>\n\t\t\t\t<div class=\"elementor-column elementor-col-14 elementor-top-column elementor-element elementor-element-44ea4a1\" data-id=\"44ea4a1\" data-element_type=\"column\" data-e-type=\"column\">\n\t\t\t<div class=\"elementor-widget-wrap elementor-element-populated\">\n\t\t\t\t\t\t<div class=\"elementor-element elementor-element-f23540f elementor-widget elementor-widget-image\" data-id=\"f23540f\" data-element_type=\"widget\" data-e-type=\"widget\" data-widget_type=\"image.default\">\n\t\t\t\t<div class=\"elementor-widget-container\">\n\t\t\t\t\t\t\t\t\t\t\t\t\t\t\t<img loading=\"lazy\" decoding=\"async\" width=\"300\" height=\"550\" src=\"https:\/\/rutesentrerefugis.com\/wp-content\/uploads\/2023\/03\/Valles-Anso-Echo-02.jpg\" class=\"attachment-full size-full wp-image-14302\" alt=\"\" srcset=\"https:\/\/rutesentrerefugis.com\/wp-content\/uploads\/2023\/03\/Valles-Anso-Echo-02.jpg 300w, https:\/\/rutesentrerefugis.com\/wp-content\/uploads\/2023\/03\/Valles-Anso-Echo-02-164x300.jpg 164w\" sizes=\"(max-width: 300px) 100vw, 300px\" \/>\t\t\t\t\t\t\t\t\t\t\t\t\t\t\t<\/div>\n\t\t\t\t<\/div>\n\t\t\t\t\t<\/div>\n\t\t<\/div>\n\t\t\t\t<div class=\"elementor-column elementor-col-14 elementor-top-column elementor-element elementor-element-207bef7\" data-id=\"207bef7\" data-element_type=\"column\" data-e-type=\"column\">\n\t\t\t<div class=\"elementor-widget-wrap elementor-element-populated\">\n\t\t\t\t\t\t<div class=\"elementor-element elementor-element-2da04cd elementor-widget elementor-widget-image\" data-id=\"2da04cd\" data-element_type=\"widget\" data-e-type=\"widget\" data-widget_type=\"image.default\">\n\t\t\t\t<div class=\"elementor-widget-container\">\n\t\t\t\t\t\t\t\t\t\t\t\t\t\t\t<img loading=\"lazy\" decoding=\"async\" width=\"300\" height=\"550\" src=\"https:\/\/rutesentrerefugis.com\/wp-content\/uploads\/2018\/07\/Valle-Canfranc-03.jpg\" class=\"attachment-full size-full wp-image-26774\" alt=\"\" srcset=\"https:\/\/rutesentrerefugis.com\/wp-content\/uploads\/2018\/07\/Valle-Canfranc-03.jpg 300w, https:\/\/rutesentrerefugis.com\/wp-content\/uploads\/2018\/07\/Valle-Canfranc-03-164x300.jpg 164w\" sizes=\"(max-width: 300px) 100vw, 300px\" \/>\t\t\t\t\t\t\t\t\t\t\t\t\t\t\t<\/div>\n\t\t\t\t<\/div>\n\t\t\t\t\t<\/div>\n\t\t<\/div>\n\t\t\t\t\t<\/div>\n\t\t<\/section>\n\t\t\t\t<section class=\"elementor-section elementor-top-section elementor-element elementor-element-f0bc59e elementor-section-full_width elementor-section-height-default elementor-section-height-default\" data-id=\"f0bc59e\" data-element_type=\"section\" data-e-type=\"section\">\n\t\t\t\t\t\t<div class=\"elementor-container elementor-column-gap-default\">\n\t\t\t\t\t<div class=\"elementor-column elementor-col-14 elementor-top-column elementor-element elementor-element-7856d31\" data-id=\"7856d31\" data-element_type=\"column\" data-e-type=\"column\">\n\t\t\t<div class=\"elementor-widget-wrap elementor-element-populated\">\n\t\t\t\t\t\t<div class=\"elementor-element elementor-element-7044c04 elementor-widget elementor-widget-image\" data-id=\"7044c04\" data-element_type=\"widget\" data-e-type=\"widget\" data-widget_type=\"image.default\">\n\t\t\t\t<div class=\"elementor-widget-container\">\n\t\t\t\t\t\t\t\t\t\t\t\t\t\t\t<img loading=\"lazy\" decoding=\"async\" width=\"300\" height=\"550\" src=\"https:\/\/rutesentrerefugis.com\/wp-content\/uploads\/2020\/05\/Valle-Tena-03.jpg\" class=\"attachment-full size-full wp-image-26624\" alt=\"\" srcset=\"https:\/\/rutesentrerefugis.com\/wp-content\/uploads\/2020\/05\/Valle-Tena-03.jpg 300w, https:\/\/rutesentrerefugis.com\/wp-content\/uploads\/2020\/05\/Valle-Tena-03-164x300.jpg 164w\" sizes=\"(max-width: 300px) 100vw, 300px\" \/>\t\t\t\t\t\t\t\t\t\t\t\t\t\t\t<\/div>\n\t\t\t\t<\/div>\n\t\t\t\t\t<\/div>\n\t\t<\/div>\n\t\t\t\t<div class=\"elementor-column elementor-col-14 elementor-top-column elementor-element elementor-element-ecc5561\" data-id=\"ecc5561\" data-element_type=\"column\" data-e-type=\"column\">\n\t\t\t<div class=\"elementor-widget-wrap elementor-element-populated\">\n\t\t\t\t\t\t<div class=\"elementor-element elementor-element-e947a61 elementor-widget elementor-widget-image\" data-id=\"e947a61\" data-element_type=\"widget\" data-e-type=\"widget\" data-widget_type=\"image.default\">\n\t\t\t\t<div class=\"elementor-widget-container\">\n\t\t\t\t\t\t\t\t\t\t\t\t\t\t\t<img loading=\"lazy\" decoding=\"async\" width=\"300\" height=\"550\" src=\"https:\/\/rutesentrerefugis.com\/wp-content\/uploads\/2020\/05\/Pena-Telera-Pico-Tendenera.jpg\" class=\"attachment-full size-full wp-image-24424\" alt=\"\" srcset=\"https:\/\/rutesentrerefugis.com\/wp-content\/uploads\/2020\/05\/Pena-Telera-Pico-Tendenera.jpg 300w, https:\/\/rutesentrerefugis.com\/wp-content\/uploads\/2020\/05\/Pena-Telera-Pico-Tendenera-164x300.jpg 164w\" sizes=\"(max-width: 300px) 100vw, 300px\" \/>\t\t\t\t\t\t\t\t\t\t\t\t\t\t\t<\/div>\n\t\t\t\t<\/div>\n\t\t\t\t\t<\/div>\n\t\t<\/div>\n\t\t\t\t<div class=\"elementor-column elementor-col-14 elementor-top-column elementor-element elementor-element-ee6b7a2\" data-id=\"ee6b7a2\" data-element_type=\"column\" data-e-type=\"column\">\n\t\t\t<div class=\"elementor-widget-wrap elementor-element-populated\">\n\t\t\t\t\t\t<div class=\"elementor-element elementor-element-ed3e086 elementor-widget elementor-widget-image\" data-id=\"ed3e086\" data-element_type=\"widget\" data-e-type=\"widget\" data-widget_type=\"image.default\">\n\t\t\t\t<div class=\"elementor-widget-container\">\n\t\t\t\t\t\t\t\t\t\t\t\t\t\t\t<img loading=\"lazy\" decoding=\"async\" width=\"300\" height=\"550\" src=\"https:\/\/rutesentrerefugis.com\/wp-content\/uploads\/2018\/04\/PN-Ordesa-Monte-Perdido-05.jpg\" class=\"attachment-full size-full wp-image-21469\" alt=\"\" srcset=\"https:\/\/rutesentrerefugis.com\/wp-content\/uploads\/2018\/04\/PN-Ordesa-Monte-Perdido-05.jpg 300w, https:\/\/rutesentrerefugis.com\/wp-content\/uploads\/2018\/04\/PN-Ordesa-Monte-Perdido-05-164x300.jpg 164w\" sizes=\"(max-width: 300px) 100vw, 300px\" \/>\t\t\t\t\t\t\t\t\t\t\t\t\t\t\t<\/div>\n\t\t\t\t<\/div>\n\t\t\t\t\t<\/div>\n\t\t<\/div>\n\t\t\t\t<div class=\"elementor-column elementor-col-14 elementor-top-column elementor-element elementor-element-1486a40\" data-id=\"1486a40\" data-element_type=\"column\" data-e-type=\"column\">\n\t\t\t<div class=\"elementor-widget-wrap elementor-element-populated\">\n\t\t\t\t\t\t<div class=\"elementor-element elementor-element-b199c50 elementor-widget elementor-widget-image\" data-id=\"b199c50\" data-element_type=\"widget\" data-e-type=\"widget\" data-widget_type=\"image.default\">\n\t\t\t\t<div class=\"elementor-widget-container\">\n\t\t\t\t\t\t\t\t\t\t\t\t\t\t\t<img loading=\"lazy\" decoding=\"async\" width=\"300\" height=\"550\" src=\"https:\/\/rutesentrerefugis.com\/wp-content\/uploads\/2022\/05\/Bachimala-02.jpg\" class=\"attachment-full size-full wp-image-26716\" alt=\"\" srcset=\"https:\/\/rutesentrerefugis.com\/wp-content\/uploads\/2022\/05\/Bachimala-02.jpg 300w, https:\/\/rutesentrerefugis.com\/wp-content\/uploads\/2022\/05\/Bachimala-02-164x300.jpg 164w\" sizes=\"(max-width: 300px) 100vw, 300px\" \/>\t\t\t\t\t\t\t\t\t\t\t\t\t\t\t<\/div>\n\t\t\t\t<\/div>\n\t\t\t\t\t<\/div>\n\t\t<\/div>\n\t\t\t\t<div class=\"elementor-column elementor-col-14 elementor-top-column elementor-element elementor-element-82d4c7e\" data-id=\"82d4c7e\" data-element_type=\"column\" data-e-type=\"column\">\n\t\t\t<div class=\"elementor-widget-wrap elementor-element-populated\">\n\t\t\t\t\t\t<div class=\"elementor-element elementor-element-5771517 elementor-widget elementor-widget-image\" data-id=\"5771517\" data-element_type=\"widget\" data-e-type=\"widget\" data-widget_type=\"image.default\">\n\t\t\t\t<div class=\"elementor-widget-container\">\n\t\t\t\t\t\t\t\t\t\t\t\t\t\t\t<img loading=\"lazy\" decoding=\"async\" width=\"300\" height=\"550\" src=\"https:\/\/rutesentrerefugis.com\/wp-content\/uploads\/2018\/07\/PN-Posets-Maladeta.jpg\" class=\"attachment-full size-full wp-image-4949\" alt=\"\" srcset=\"https:\/\/rutesentrerefugis.com\/wp-content\/uploads\/2018\/07\/PN-Posets-Maladeta.jpg 300w, https:\/\/rutesentrerefugis.com\/wp-content\/uploads\/2018\/07\/PN-Posets-Maladeta-164x300.jpg 164w\" sizes=\"(max-width: 300px) 100vw, 300px\" \/>\t\t\t\t\t\t\t\t\t\t\t\t\t\t\t<\/div>\n\t\t\t\t<\/div>\n\t\t\t\t\t<\/div>\n\t\t<\/div>\n\t\t\t\t<div class=\"elementor-column elementor-col-14 elementor-top-column elementor-element elementor-element-7dd9295\" data-id=\"7dd9295\" data-element_type=\"column\" data-e-type=\"column\">\n\t\t\t<div class=\"elementor-widget-wrap elementor-element-populated\">\n\t\t\t\t\t\t<div class=\"elementor-element elementor-element-9cb9e63 elementor-widget elementor-widget-image\" data-id=\"9cb9e63\" data-element_type=\"widget\" data-e-type=\"widget\" data-widget_type=\"image.default\">\n\t\t\t\t<div class=\"elementor-widget-container\">\n\t\t\t\t\t\t\t\t\t\t\t\t\t\t\t<img loading=\"lazy\" decoding=\"async\" width=\"300\" height=\"550\" src=\"https:\/\/rutesentrerefugis.com\/wp-content\/uploads\/2022\/06\/PN-Aiguestortes-Sant-Maurici-04.jpg\" class=\"attachment-full size-full wp-image-7445\" alt=\"\" srcset=\"https:\/\/rutesentrerefugis.com\/wp-content\/uploads\/2022\/06\/PN-Aiguestortes-Sant-Maurici-04.jpg 300w, https:\/\/rutesentrerefugis.com\/wp-content\/uploads\/2022\/06\/PN-Aiguestortes-Sant-Maurici-04-164x300.jpg 164w\" sizes=\"(max-width: 300px) 100vw, 300px\" \/>\t\t\t\t\t\t\t\t\t\t\t\t\t\t\t<\/div>\n\t\t\t\t<\/div>\n\t\t\t\t\t<\/div>\n\t\t<\/div>\n\t\t\t\t<div class=\"elementor-column elementor-col-14 elementor-top-column elementor-element elementor-element-a4d5b17\" data-id=\"a4d5b17\" data-element_type=\"column\" data-e-type=\"column\">\n\t\t\t<div class=\"elementor-widget-wrap elementor-element-populated\">\n\t\t\t\t\t\t<div class=\"elementor-element elementor-element-7f94a63 elementor-widget elementor-widget-image\" data-id=\"7f94a63\" data-element_type=\"widget\" data-e-type=\"widget\" data-widget_type=\"image.default\">\n\t\t\t\t<div class=\"elementor-widget-container\">\n\t\t\t\t\t\t\t\t\t\t\t\t\t\t\t<img loading=\"lazy\" decoding=\"async\" width=\"300\" height=\"550\" src=\"https:\/\/rutesentrerefugis.com\/wp-content\/uploads\/2018\/06\/Pica-Estats-Carpeta-02.jpg\" class=\"attachment-full size-full wp-image-21462\" alt=\"\" srcset=\"https:\/\/rutesentrerefugis.com\/wp-content\/uploads\/2018\/06\/Pica-Estats-Carpeta-02.jpg 300w, https:\/\/rutesentrerefugis.com\/wp-content\/uploads\/2018\/06\/Pica-Estats-Carpeta-02-164x300.jpg 164w\" sizes=\"(max-width: 300px) 100vw, 300px\" \/>\t\t\t\t\t\t\t\t\t\t\t\t\t\t\t<\/div>\n\t\t\t\t<\/div>\n\t\t\t\t\t<\/div>\n\t\t<\/div>\n\t\t\t\t\t<\/div>\n\t\t<\/section>\n\t\t\t\t<section class=\"elementor-section elementor-top-section elementor-element elementor-element-7181978 elementor-section-full_width elementor-section-height-default elementor-section-height-default\" data-id=\"7181978\" data-element_type=\"section\" data-e-type=\"section\">\n\t\t\t\t\t\t<div class=\"elementor-container elementor-column-gap-default\">\n\t\t\t\t\t<div class=\"elementor-column elementor-col-14 elementor-top-column elementor-element elementor-element-4835f4d\" data-id=\"4835f4d\" data-element_type=\"column\" data-e-type=\"column\">\n\t\t\t<div class=\"elementor-widget-wrap elementor-element-populated\">\n\t\t\t\t\t\t<div class=\"elementor-element elementor-element-7c0adb9 elementor-widget elementor-widget-image\" data-id=\"7c0adb9\" data-element_type=\"widget\" data-e-type=\"widget\" data-widget_type=\"image.default\">\n\t\t\t\t<div class=\"elementor-widget-container\">\n\t\t\t\t\t\t\t\t\t\t\t\t\t\t\t<img loading=\"lazy\" decoding=\"async\" width=\"300\" height=\"550\" src=\"https:\/\/rutesentrerefugis.com\/wp-content\/uploads\/2021\/02\/Andorra-03.jpg\" class=\"attachment-full size-full wp-image-21495\" alt=\"\" srcset=\"https:\/\/rutesentrerefugis.com\/wp-content\/uploads\/2021\/02\/Andorra-03.jpg 300w, https:\/\/rutesentrerefugis.com\/wp-content\/uploads\/2021\/02\/Andorra-03-164x300.jpg 164w\" sizes=\"(max-width: 300px) 100vw, 300px\" \/>\t\t\t\t\t\t\t\t\t\t\t\t\t\t\t<\/div>\n\t\t\t\t<\/div>\n\t\t\t\t\t<\/div>\n\t\t<\/div>\n\t\t\t\t<div class=\"elementor-column elementor-col-14 elementor-top-column elementor-element elementor-element-a61502d\" data-id=\"a61502d\" data-element_type=\"column\" data-e-type=\"column\">\n\t\t\t<div class=\"elementor-widget-wrap elementor-element-populated\">\n\t\t\t\t\t\t<div class=\"elementor-element elementor-element-8033761 elementor-widget elementor-widget-image\" data-id=\"8033761\" data-element_type=\"widget\" data-e-type=\"widget\" data-widget_type=\"image.default\">\n\t\t\t\t<div class=\"elementor-widget-container\">\n\t\t\t\t\t\t\t\t\t\t\t\t\t\t\t<img loading=\"lazy\" decoding=\"async\" width=\"300\" height=\"550\" src=\"https:\/\/rutesentrerefugis.com\/wp-content\/uploads\/2022\/06\/Cerdanya-02.jpg\" class=\"attachment-full size-full wp-image-2083\" alt=\"\" srcset=\"https:\/\/rutesentrerefugis.com\/wp-content\/uploads\/2022\/06\/Cerdanya-02.jpg 300w, https:\/\/rutesentrerefugis.com\/wp-content\/uploads\/2022\/06\/Cerdanya-02-164x300.jpg 164w\" sizes=\"(max-width: 300px) 100vw, 300px\" \/>\t\t\t\t\t\t\t\t\t\t\t\t\t\t\t<\/div>\n\t\t\t\t<\/div>\n\t\t\t\t\t<\/div>\n\t\t<\/div>\n\t\t\t\t<div class=\"elementor-column elementor-col-14 elementor-top-column elementor-element elementor-element-bbab038\" data-id=\"bbab038\" data-element_type=\"column\" data-e-type=\"column\">\n\t\t\t<div class=\"elementor-widget-wrap elementor-element-populated\">\n\t\t\t\t\t\t<div class=\"elementor-element elementor-element-b44450a elementor-widget elementor-widget-image\" data-id=\"b44450a\" data-element_type=\"widget\" data-e-type=\"widget\" data-widget_type=\"image.default\">\n\t\t\t\t<div class=\"elementor-widget-container\">\n\t\t\t\t\t\t\t\t\t\t\t\t\t\t\t<img loading=\"lazy\" decoding=\"async\" width=\"300\" height=\"550\" src=\"https:\/\/rutesentrerefugis.com\/wp-content\/uploads\/2025\/08\/PN-Capcaleres-Ter-Freser-3.jpg\" class=\"attachment-full size-full wp-image-27368\" alt=\"\" srcset=\"https:\/\/rutesentrerefugis.com\/wp-content\/uploads\/2025\/08\/PN-Capcaleres-Ter-Freser-3.jpg 300w, https:\/\/rutesentrerefugis.com\/wp-content\/uploads\/2025\/08\/PN-Capcaleres-Ter-Freser-3-164x300.jpg 164w\" sizes=\"(max-width: 300px) 100vw, 300px\" \/>\t\t\t\t\t\t\t\t\t\t\t\t\t\t\t<\/div>\n\t\t\t\t<\/div>\n\t\t\t\t\t<\/div>\n\t\t<\/div>\n\t\t\t\t<div class=\"elementor-column elementor-col-14 elementor-top-column elementor-element elementor-element-a1e04f3\" data-id=\"a1e04f3\" data-element_type=\"column\" data-e-type=\"column\">\n\t\t\t<div class=\"elementor-widget-wrap elementor-element-populated\">\n\t\t\t\t\t\t<div class=\"elementor-element elementor-element-ecd5b03 elementor-widget elementor-widget-image\" data-id=\"ecd5b03\" data-element_type=\"widget\" data-e-type=\"widget\" data-widget_type=\"image.default\">\n\t\t\t\t<div class=\"elementor-widget-container\">\n\t\t\t\t\t\t\t\t\t\t\t\t\t\t\t<img loading=\"lazy\" decoding=\"async\" width=\"300\" height=\"550\" src=\"https:\/\/rutesentrerefugis.com\/wp-content\/uploads\/2021\/03\/Alta-Garrotxa-03.jpg\" class=\"attachment-full size-full wp-image-3347\" alt=\"\" srcset=\"https:\/\/rutesentrerefugis.com\/wp-content\/uploads\/2021\/03\/Alta-Garrotxa-03.jpg 300w, https:\/\/rutesentrerefugis.com\/wp-content\/uploads\/2021\/03\/Alta-Garrotxa-03-164x300.jpg 164w\" sizes=\"(max-width: 300px) 100vw, 300px\" \/>\t\t\t\t\t\t\t\t\t\t\t\t\t\t\t<\/div>\n\t\t\t\t<\/div>\n\t\t\t\t\t<\/div>\n\t\t<\/div>\n\t\t\t\t<div class=\"elementor-column elementor-col-14 elementor-top-column elementor-element elementor-element-25d9af2\" data-id=\"25d9af2\" data-element_type=\"column\" data-e-type=\"column\">\n\t\t\t<div class=\"elementor-widget-wrap elementor-element-populated\">\n\t\t\t\t\t\t<div class=\"elementor-element elementor-element-a08864a elementor-widget elementor-widget-image\" data-id=\"a08864a\" data-element_type=\"widget\" data-e-type=\"widget\" data-widget_type=\"image.default\">\n\t\t\t\t<div class=\"elementor-widget-container\">\n\t\t\t\t\t\t\t\t\t\t\t\t\t\t\t<img loading=\"lazy\" decoding=\"async\" width=\"300\" height=\"550\" src=\"https:\/\/rutesentrerefugis.com\/wp-content\/uploads\/2020\/02\/Alt-Emporda-05.jpg\" class=\"attachment-full size-full wp-image-21651\" alt=\"\" srcset=\"https:\/\/rutesentrerefugis.com\/wp-content\/uploads\/2020\/02\/Alt-Emporda-05.jpg 300w, https:\/\/rutesentrerefugis.com\/wp-content\/uploads\/2020\/02\/Alt-Emporda-05-164x300.jpg 164w\" sizes=\"(max-width: 300px) 100vw, 300px\" \/>\t\t\t\t\t\t\t\t\t\t\t\t\t\t\t<\/div>\n\t\t\t\t<\/div>\n\t\t\t\t\t<\/div>\n\t\t<\/div>\n\t\t\t\t<div class=\"elementor-column elementor-col-14 elementor-top-column elementor-element elementor-element-7f50902\" data-id=\"7f50902\" data-element_type=\"column\" data-e-type=\"column\">\n\t\t\t<div class=\"elementor-widget-wrap elementor-element-populated\">\n\t\t\t\t\t\t<div class=\"elementor-element elementor-element-4f43870 elementor-widget elementor-widget-image\" data-id=\"4f43870\" data-element_type=\"widget\" data-e-type=\"widget\" data-widget_type=\"image.default\">\n\t\t\t\t<div class=\"elementor-widget-container\">\n\t\t\t\t\t\t\t\t\t\t\t\t\t\t\t<img loading=\"lazy\" decoding=\"async\" width=\"300\" height=\"550\" src=\"https:\/\/rutesentrerefugis.com\/wp-content\/uploads\/2023\/11\/Cap-de-Creus-03.jpg\" class=\"attachment-full size-full wp-image-21546\" alt=\"\" srcset=\"https:\/\/rutesentrerefugis.com\/wp-content\/uploads\/2023\/11\/Cap-de-Creus-03.jpg 300w, https:\/\/rutesentrerefugis.com\/wp-content\/uploads\/2023\/11\/Cap-de-Creus-03-164x300.jpg 164w\" sizes=\"(max-width: 300px) 100vw, 300px\" \/>\t\t\t\t\t\t\t\t\t\t\t\t\t\t\t<\/div>\n\t\t\t\t<\/div>\n\t\t\t\t\t<\/div>\n\t\t<\/div>\n\t\t\t\t<div class=\"elementor-column elementor-col-14 elementor-top-column elementor-element elementor-element-c3fd141\" data-id=\"c3fd141\" data-element_type=\"column\" data-e-type=\"column\">\n\t\t\t<div class=\"elementor-widget-wrap\">\n\t\t\t\t\t\t\t<\/div>\n\t\t<\/div>\n\t\t\t\t\t<\/div>\n\t\t<\/section>\n\t\t\t\t<section class=\"elementor-section elementor-top-section elementor-element elementor-element-3570b89 elementor-section-full_width elementor-section-height-default elementor-section-height-default\" data-id=\"3570b89\" data-element_type=\"section\" data-e-type=\"section\">\n\t\t\t\t\t\t<div class=\"elementor-container elementor-column-gap-default\">\n\t\t\t\t\t<div class=\"elementor-column elementor-col-100 elementor-top-column elementor-element elementor-element-85bad31\" data-id=\"85bad31\" data-element_type=\"column\" data-e-type=\"column\">\n\t\t\t<div class=\"elementor-widget-wrap elementor-element-populated\">\n\t\t\t\t\t\t<div class=\"elementor-element elementor-element-4a93688 elementor-widget elementor-widget-spacer\" data-id=\"4a93688\" data-element_type=\"widget\" data-e-type=\"widget\" data-widget_type=\"spacer.default\">\n\t\t\t\t<div class=\"elementor-widget-container\">\n\t\t\t\t\t\t\t<div class=\"elementor-spacer\">\n\t\t\t<div class=\"elementor-spacer-inner\"><\/div>\n\t\t<\/div>\n\t\t\t\t\t\t<\/div>\n\t\t\t\t<\/div>\n\t\t\t\t\t<\/div>\n\t\t<\/div>\n\t\t\t\t\t<\/div>\n\t\t<\/section>\n\t\t\t\t<section class=\"elementor-section elementor-top-section elementor-element elementor-element-407b4c4 elementor-section-full_width elementor-section-height-default elementor-section-height-default\" data-id=\"407b4c4\" data-element_type=\"section\" data-e-type=\"section\">\n\t\t\t\t\t\t<div class=\"elementor-container elementor-column-gap-default\">\n\t\t\t\t\t<div class=\"elementor-column elementor-col-100 elementor-top-column elementor-element elementor-element-8a41d78\" data-id=\"8a41d78\" data-element_type=\"column\" data-e-type=\"column\">\n\t\t\t<div class=\"elementor-widget-wrap elementor-element-populated\">\n\t\t\t\t\t\t<div class=\"elementor-element elementor-element-dea5e0d elementor-widget-divider--view-line elementor-widget elementor-widget-divider\" data-id=\"dea5e0d\" data-element_type=\"widget\" data-e-type=\"widget\" data-widget_type=\"divider.default\">\n\t\t\t\t<div class=\"elementor-widget-container\">\n\t\t\t\t\t\t\t<div class=\"elementor-divider\">\n\t\t\t<span class=\"elementor-divider-separator\">\n\t\t\t\t\t\t<\/span>\n\t\t<\/div>\n\t\t\t\t\t\t<\/div>\n\t\t\t\t<\/div>\n\t\t\t\t\t<\/div>\n\t\t<\/div>\n\t\t\t\t\t<\/div>\n\t\t<\/section>\n\t\t\t\t<section class=\"elementor-section elementor-top-section elementor-element elementor-element-34edd64 elementor-section-full_width elementor-section-height-default elementor-section-height-default\" data-id=\"34edd64\" data-element_type=\"section\" data-e-type=\"section\">\n\t\t\t\t\t\t<div class=\"elementor-container elementor-column-gap-default\">\n\t\t\t\t\t<div class=\"elementor-column elementor-col-100 elementor-top-column elementor-element elementor-element-c83e3b4\" data-id=\"c83e3b4\" data-element_type=\"column\" data-e-type=\"column\">\n\t\t\t<div class=\"elementor-widget-wrap elementor-element-populated\">\n\t\t\t\t\t\t<div class=\"elementor-element elementor-element-5b456dc elementor-widget elementor-widget-heading\" data-id=\"5b456dc\" data-element_type=\"widget\" data-e-type=\"widget\" data-widget_type=\"heading.default\">\n\t\t\t\t<div class=\"elementor-widget-container\">\n\t\t\t\t\t<h2 class=\"elementor-heading-title elementor-size-default\"><u>ARTICLES I RUTES RELACIONATS<\/u><\/h2>\t\t\t\t<\/div>\n\t\t\t\t<\/div>\n\t\t\t\t\t<\/div>\n\t\t<\/div>\n\t\t\t\t\t<\/div>\n\t\t<\/section>\n\t\t\t\t<section class=\"elementor-section elementor-top-section elementor-element elementor-element-7b29be2 elementor-section-full_width elementor-section-height-default elementor-section-height-default\" data-id=\"7b29be2\" data-element_type=\"section\" data-e-type=\"section\">\n\t\t\t\t\t\t<div class=\"elementor-container elementor-column-gap-default\">\n\t\t\t\t\t<div class=\"elementor-column elementor-col-100 elementor-top-column elementor-element elementor-element-f116e13\" data-id=\"f116e13\" data-element_type=\"column\" data-e-type=\"column\">\n\t\t\t<div class=\"elementor-widget-wrap elementor-element-populated\">\n\t\t\t\t\t\t<div class=\"elementor-element elementor-element-1606c32 elementor-widget elementor-widget-spacer\" data-id=\"1606c32\" data-element_type=\"widget\" data-e-type=\"widget\" data-widget_type=\"spacer.default\">\n\t\t\t\t<div class=\"elementor-widget-container\">\n\t\t\t\t\t\t\t<div class=\"elementor-spacer\">\n\t\t\t<div class=\"elementor-spacer-inner\"><\/div>\n\t\t<\/div>\n\t\t\t\t\t\t<\/div>\n\t\t\t\t<\/div>\n\t\t\t\t\t<\/div>\n\t\t<\/div>\n\t\t\t\t\t<\/div>\n\t\t<\/section>\n\t\t\t\t<section class=\"elementor-section elementor-top-section elementor-element elementor-element-f8e431f elementor-section-full_width elementor-section-height-default elementor-section-height-default\" data-id=\"f8e431f\" data-element_type=\"section\" data-e-type=\"section\">\n\t\t\t\t\t\t<div class=\"elementor-container elementor-column-gap-default\">\n\t\t\t\t\t<div class=\"elementor-column elementor-col-100 elementor-top-column elementor-element elementor-element-d1ec4fb\" data-id=\"d1ec4fb\" data-element_type=\"column\" data-e-type=\"column\">\n\t\t\t<div class=\"elementor-widget-wrap elementor-element-populated\">\n\t\t\t\t\t\t<div class=\"elementor-element elementor-element-2fa23ed elementor-grid-5 elementor-grid-tablet-2 elementor-grid-mobile-1 elementor-posts--thumbnail-top elementor-widget elementor-widget-posts\" data-id=\"2fa23ed\" data-element_type=\"widget\" data-e-type=\"widget\" data-settings=\"{&quot;classic_columns&quot;:&quot;5&quot;,&quot;classic_columns_tablet&quot;:&quot;2&quot;,&quot;classic_columns_mobile&quot;:&quot;1&quot;,&quot;classic_row_gap&quot;:{&quot;unit&quot;:&quot;px&quot;,&quot;size&quot;:35,&quot;sizes&quot;:[]},&quot;classic_row_gap_tablet&quot;:{&quot;unit&quot;:&quot;px&quot;,&quot;size&quot;:&quot;&quot;,&quot;sizes&quot;:[]},&quot;classic_row_gap_mobile&quot;:{&quot;unit&quot;:&quot;px&quot;,&quot;size&quot;:&quot;&quot;,&quot;sizes&quot;:[]}}\" data-widget_type=\"posts.classic\">\n\t\t\t\t<div class=\"elementor-widget-container\">\n\t\t\t\t\t\t\t<div class=\"elementor-posts-container elementor-posts elementor-posts--skin-classic elementor-grid\" role=\"list\">\n\t\t\t\t<article class=\"elementor-post elementor-grid-item post-27425 post type-post status-publish format-standard has-post-thumbnail hentry category-a-peu-ca category-triple-corona-catala category-ultima-ruta tag-arrens tag-bagneres-de-luchon tag-balledreyt tag-banyuls-sur-mer-ca tag-bareges-ca tag-bidarrai tag-bolquere tag-cauterets-es-ca tag-chalets-diraty tag-coll-de-lullat-ca tag-esbintz tag-esterencuby tag-etsaut tag-eylie tag-fos tag-gabas tag-gourette-ca tag-gr-10 tag-gr-10-transpirenaica tag-gr-10-transpirinenca tag-hendaia-es-ca tag-hendaya tag-la-palette tag-las-illas tag-lescun-ca tag-logibar tag-loundenville tag-maison-de-valier tag-mantet tag-mentet-ca tag-mounicou-aulus-les-bains tag-pirineos-es-ca tag-pirineus-es-ca tag-py tag-refugi-dayous tag-refugi-despingo tag-refugi-doule tag-refugi-de-besines tag-refugi-de-cortalets-ca tag-refugi-de-rulhe tag-refugi-du-goulier tag-refugi-ras-de-caranca tag-rouze tag-saint-etienne-de-baigorri tag-saint-lizier-dustou tag-saint-sauveur tag-santa-grazi tag-sare tag-triple-corona tag-vigorats\" role=\"listitem\">\n\t\t\t\t<a class=\"elementor-post__thumbnail__link\" href=\"https:\/\/rutesentrerefugis.com\/index.php\/2025\/08\/11\/gr-10-transpirinenca\/\" tabindex=\"-1\" >\n\t\t\t<div class=\"elementor-post__thumbnail\"><img loading=\"lazy\" decoding=\"async\" width=\"300\" height=\"211\" src=\"https:\/\/rutesentrerefugis.com\/wp-content\/uploads\/2025\/08\/GR-10-300x211.jpg\" class=\"attachment-medium size-medium wp-image-27427\" alt=\"\" srcset=\"https:\/\/rutesentrerefugis.com\/wp-content\/uploads\/2025\/08\/GR-10-300x211.jpg 300w, https:\/\/rutesentrerefugis.com\/wp-content\/uploads\/2025\/08\/GR-10.jpg 399w\" sizes=\"(max-width: 300px) 100vw, 300px\" \/><\/div>\n\t\t<\/a>\n\t\t\t\t<div class=\"elementor-post__text\">\n\t\t\t\t<h3 class=\"elementor-post__title\">\n\t\t\t<a href=\"https:\/\/rutesentrerefugis.com\/index.php\/2025\/08\/11\/gr-10-transpirinenca\/\" >\n\t\t\t\tGR-10 TRANSPIRINENCA\t\t\t<\/a>\n\t\t<\/h3>\n\t\t\t\t<div class=\"elementor-post__meta-data\">\n\t\t\t\t\t<span class=\"elementor-post-date\">\n\t\t\t11\/08\/2025\t\t<\/span>\n\t\t\t\t<\/div>\n\t\t\t\t<\/div>\n\t\t\t\t<\/article>\n\t\t\t\t<article class=\"elementor-post elementor-grid-item post-27259 post type-post status-publish format-standard has-post-thumbnail hentry category-a-peu-ca category-triple-corona-catala category-ultima-ruta tag-aguas-tuertas tag-albanya-es-ca tag-arans tag-areu-ca tag-auritz tag-bera-de-bidasoa-es-ca tag-burguete-ca tag-cabo-higuer tag-candanchu tag-cap-de-creus tag-el-port-de-la-selva-es-ca tag-elizondo-ca tag-encamp-ca tag-estaon-ca tag-gr-11 tag-hiriberri tag-irun-ca tag-isaba-ca tag-izaba tag-la-guingueta-daneu-ca tag-la-vajol tag-mollo-ca tag-ochagavia tag-otsagabia tag-panticosa-ca tag-parzan-ca tag-planoles tag-puente-de-san-jaime tag-puerto-de-urkiaga tag-puigcerda-ca tag-refugi-dulldeter-ca tag-refugi-de-colomers-ca tag-refugi-de-conangles-ca tag-refugi-de-lilla-ca tag-refugi-de-la-baiau tag-refugi-de-malniu-ca tag-refugi-dera-restanca tag-refugi-ernest-mallafre-es-ca tag-refugio-casa-de-piedra tag-refugio-de-biados-es-ca tag-refugio-de-bujaruelo-es-ca tag-refugio-de-cap-de-llauset tag-refugio-de-goriz-es-ca tag-refugio-de-lizara-ca tag-refugio-de-pineta-ca tag-refugio-de-respomuso tag-refugio-de-viados tag-refugio-de-zurita tag-refugio-ibones-de-bachimana tag-requesens tag-sallent-de-gallego-ca tag-santuari-de-nuria tag-senda-pirenaica tag-senda-pirinenca tag-sorogain-ca tag-talaixa tag-tavascan-ca tag-vera-de-bidasoa tag-vilamaniscle tag-villanueva-de-aezkoa\" role=\"listitem\">\n\t\t\t\t<a class=\"elementor-post__thumbnail__link\" href=\"https:\/\/rutesentrerefugis.com\/index.php\/2025\/08\/06\/gr-11-senda-pirinenca\/\" tabindex=\"-1\" >\n\t\t\t<div class=\"elementor-post__thumbnail\"><img loading=\"lazy\" decoding=\"async\" width=\"300\" height=\"211\" src=\"https:\/\/rutesentrerefugis.com\/wp-content\/uploads\/2025\/08\/GR-11-300x211.jpg\" class=\"attachment-medium size-medium wp-image-27384\" alt=\"\" srcset=\"https:\/\/rutesentrerefugis.com\/wp-content\/uploads\/2025\/08\/GR-11-300x211.jpg 300w, https:\/\/rutesentrerefugis.com\/wp-content\/uploads\/2025\/08\/GR-11.jpg 399w\" sizes=\"(max-width: 300px) 100vw, 300px\" \/><\/div>\n\t\t<\/a>\n\t\t\t\t<div class=\"elementor-post__text\">\n\t\t\t\t<h3 class=\"elementor-post__title\">\n\t\t\t<a href=\"https:\/\/rutesentrerefugis.com\/index.php\/2025\/08\/06\/gr-11-senda-pirinenca\/\" >\n\t\t\t\tGR-11 SENDA PIRINENCA\t\t\t<\/a>\n\t\t<\/h3>\n\t\t\t\t<div class=\"elementor-post__meta-data\">\n\t\t\t\t\t<span class=\"elementor-post-date\">\n\t\t\t06\/08\/2025\t\t<\/span>\n\t\t\t\t<\/div>\n\t\t\t\t<\/div>\n\t\t\t\t<\/article>\n\t\t\t\t<\/div>\n\t\t\n\t\t\t\t\t\t<\/div>\n\t\t\t\t<\/div>\n\t\t\t\t\t<\/div>\n\t\t<\/div>\n\t\t\t\t\t<\/div>\n\t\t<\/section>\n\t\t\t\t<section class=\"elementor-section elementor-top-section elementor-element elementor-element-ded9c69 elementor-section-full_width elementor-section-height-default elementor-section-height-default\" data-id=\"ded9c69\" data-element_type=\"section\" data-e-type=\"section\">\n\t\t\t\t\t\t<div class=\"elementor-container elementor-column-gap-default\">\n\t\t\t\t\t<div class=\"elementor-column elementor-col-100 elementor-top-column elementor-element elementor-element-f769fb9\" data-id=\"f769fb9\" data-element_type=\"column\" data-e-type=\"column\">\n\t\t\t<div class=\"elementor-widget-wrap elementor-element-populated\">\n\t\t\t\t\t\t<div class=\"elementor-element elementor-element-c47ca5d elementor-widget-divider--view-line elementor-widget elementor-widget-divider\" data-id=\"c47ca5d\" data-element_type=\"widget\" data-e-type=\"widget\" data-widget_type=\"divider.default\">\n\t\t\t\t<div class=\"elementor-widget-container\">\n\t\t\t\t\t\t\t<div class=\"elementor-divider\">\n\t\t\t<span class=\"elementor-divider-separator\">\n\t\t\t\t\t\t<\/span>\n\t\t<\/div>\n\t\t\t\t\t\t<\/div>\n\t\t\t\t<\/div>\n\t\t\t\t\t<\/div>\n\t\t<\/div>\n\t\t\t\t\t<\/div>\n\t\t<\/section>\n\t\t\t\t<section class=\"elementor-section elementor-top-section elementor-element elementor-element-14f9861 elementor-section-full_width elementor-section-height-default elementor-section-height-default\" data-id=\"14f9861\" data-element_type=\"section\" data-e-type=\"section\">\n\t\t\t\t\t\t<div class=\"elementor-container elementor-column-gap-default\">\n\t\t\t\t\t<div class=\"elementor-column elementor-col-100 elementor-top-column elementor-element elementor-element-469abc6\" data-id=\"469abc6\" data-element_type=\"column\" data-e-type=\"column\">\n\t\t\t<div class=\"elementor-widget-wrap elementor-element-populated\">\n\t\t\t\t\t\t<div class=\"elementor-element elementor-element-47d3d48 elementor-widget elementor-widget-spacer\" data-id=\"47d3d48\" data-element_type=\"widget\" data-e-type=\"widget\" data-widget_type=\"spacer.default\">\n\t\t\t\t<div class=\"elementor-widget-container\">\n\t\t\t\t\t\t\t<div class=\"elementor-spacer\">\n\t\t\t<div class=\"elementor-spacer-inner\"><\/div>\n\t\t<\/div>\n\t\t\t\t\t\t<\/div>\n\t\t\t\t<\/div>\n\t\t\t\t\t<\/div>\n\t\t<\/div>\n\t\t\t\t\t<\/div>\n\t\t<\/section>\n\t\t\t\t<\/div>\n\t\t","protected":false},"excerpt":{"rendered":"<p>\u00b7 GR-11 SENDA PIRINENCA \u00b7 UBICACI\u00d3 Pirineus Vessant Sud<\/p>\n","protected":false},"author":2,"featured_media":27384,"comment_status":"open","ping_status":"open","sticky":false,"template":"elementor_header_footer","format":"standard","meta":{"_monsterinsights_skip_tracking":false,"_monsterinsights_sitenote_active":false,"_monsterinsights_sitenote_note":"","_monsterinsights_sitenote_category":0,"footnotes":""},"categories":[7244,12639,7176],"tags":[12606,7438,12626,8696,12592,10930,8340,12586,12608,5049,7476,3446,7250,7252,12580,12596,3452,2248,12602,9250,12628,2962,12600,12598,9896,9926,4565,12618,12590,7518,2658,9480,8220,7280,12624,8222,12622,5486,12614,6644,9592,12620,9594,2743,9596,12610,12616,12604,12612,12630,9914,4567,12584,12582,8884,4571,7820,12588,12632,12594],"class_list":["post-27259","post","type-post","status-publish","format-standard","has-post-thumbnail","hentry","category-a-peu-ca","category-triple-corona-catala","category-ultima-ruta","tag-aguas-tuertas","tag-albanya-es-ca","tag-arans","tag-areu-ca","tag-auritz","tag-bera-de-bidasoa-es-ca","tag-burguete-ca","tag-cabo-higuer","tag-candanchu","tag-cap-de-creus","tag-el-port-de-la-selva-es-ca","tag-elizondo-ca","tag-encamp-ca","tag-estaon-ca","tag-gr-11","tag-hiriberri","tag-irun-ca","tag-isaba-ca","tag-izaba","tag-la-guingueta-daneu-ca","tag-la-vajol","tag-mollo-ca","tag-ochagavia","tag-otsagabia","tag-panticosa-ca","tag-parzan-ca","tag-planoles","tag-puente-de-san-jaime","tag-puerto-de-urkiaga","tag-puigcerda-ca","tag-refugi-dulldeter-ca","tag-refugi-de-colomers-ca","tag-refugi-de-conangles-ca","tag-refugi-de-lilla-ca","tag-refugi-de-la-baiau","tag-refugi-de-malniu-ca","tag-refugi-dera-restanca","tag-refugi-ernest-mallafre-es-ca","tag-refugio-casa-de-piedra","tag-refugio-de-biados-es-ca","tag-refugio-de-bujaruelo-es-ca","tag-refugio-de-cap-de-llauset","tag-refugio-de-goriz-es-ca","tag-refugio-de-lizara-ca","tag-refugio-de-pineta-ca","tag-refugio-de-respomuso","tag-refugio-de-viados","tag-refugio-de-zurita","tag-refugio-ibones-de-bachimana","tag-requesens","tag-sallent-de-gallego-ca","tag-santuari-de-nuria","tag-senda-pirenaica","tag-senda-pirinenca","tag-sorogain-ca","tag-talaixa","tag-tavascan-ca","tag-vera-de-bidasoa","tag-vilamaniscle","tag-villanueva-de-aezkoa"],"yoast_head":"<!-- This site is optimized with the Yoast SEO plugin v27.5 - https:\/\/yoast.com\/product\/yoast-seo-wordpress\/ -->\n<title>GR-11 SENDA PIRINENCA - Rutes Entre Refugis<\/title>\n<meta name=\"robots\" content=\"index, follow, max-snippet:-1, max-image-preview:large, max-video-preview:-1\" \/>\n<link rel=\"canonical\" href=\"https:\/\/rutesentrerefugis.com\/index.php\/2025\/08\/06\/gr-11-senda-pirinenca\/\" \/>\n<meta property=\"og:locale\" content=\"es_ES\" \/>\n<meta property=\"og:type\" content=\"article\" \/>\n<meta property=\"og:title\" content=\"GR-11 SENDA PIRINENCA - Rutes Entre Refugis\" \/>\n<meta property=\"og:description\" content=\"\u00b7 GR-11 SENDA PIRINENCA \u00b7 UBICACI\u00d3 Pirineus Vessant Sud\" \/>\n<meta property=\"og:url\" content=\"https:\/\/rutesentrerefugis.com\/index.php\/2025\/08\/06\/gr-11-senda-pirinenca\/\" \/>\n<meta property=\"og:site_name\" content=\"Rutes Entre Refugis\" \/>\n<meta property=\"article:published_time\" content=\"2025-08-06T16:15:09+00:00\" \/>\n<meta property=\"article:modified_time\" content=\"2025-08-13T17:50:24+00:00\" \/>\n<meta property=\"og:image\" content=\"https:\/\/rutesentrerefugis.com\/wp-content\/uploads\/2025\/08\/GR-11.jpg\" \/>\n\t<meta property=\"og:image:width\" content=\"399\" \/>\n\t<meta property=\"og:image:height\" content=\"280\" \/>\n\t<meta property=\"og:image:type\" content=\"image\/jpeg\" \/>\n<meta name=\"author\" content=\"Rutes Entre Refugis\" \/>\n<meta name=\"twitter:card\" content=\"summary_large_image\" \/>\n<meta name=\"twitter:label1\" content=\"Escrito por\" \/>\n\t<meta name=\"twitter:data1\" content=\"Rutes Entre Refugis\" \/>\n\t<meta name=\"twitter:label2\" content=\"Tiempo de lectura\" \/>\n\t<meta name=\"twitter:data2\" content=\"9 minutos\" \/>\n<script type=\"application\/ld+json\" class=\"yoast-schema-graph\">{\"@context\":\"https:\\\/\\\/schema.org\",\"@graph\":[{\"@type\":\"Article\",\"@id\":\"https:\\\/\\\/rutesentrerefugis.com\\\/index.php\\\/2025\\\/08\\\/06\\\/gr-11-senda-pirinenca\\\/#article\",\"isPartOf\":{\"@id\":\"https:\\\/\\\/rutesentrerefugis.com\\\/index.php\\\/2025\\\/08\\\/06\\\/gr-11-senda-pirinenca\\\/\"},\"author\":{\"name\":\"Rutes Entre Refugis\",\"@id\":\"https:\\\/\\\/rutesentrerefugis.com\\\/#\\\/schema\\\/person\\\/6e6f59c84210840610f19bafce39adc2\"},\"headline\":\"GR-11 SENDA PIRINENCA\",\"datePublished\":\"2025-08-06T16:15:09+00:00\",\"dateModified\":\"2025-08-13T17:50:24+00:00\",\"mainEntityOfPage\":{\"@id\":\"https:\\\/\\\/rutesentrerefugis.com\\\/index.php\\\/2025\\\/08\\\/06\\\/gr-11-senda-pirinenca\\\/\"},\"wordCount\":10,\"commentCount\":0,\"publisher\":{\"@id\":\"https:\\\/\\\/rutesentrerefugis.com\\\/#organization\"},\"image\":{\"@id\":\"https:\\\/\\\/rutesentrerefugis.com\\\/index.php\\\/2025\\\/08\\\/06\\\/gr-11-senda-pirinenca\\\/#primaryimage\"},\"thumbnailUrl\":\"https:\\\/\\\/rutesentrerefugis.com\\\/wp-content\\\/uploads\\\/2025\\\/08\\\/GR-11.jpg\",\"keywords\":[\"Aguas Tuertas\",\"Albany\u00e0\",\"Arans\",\"\u00c0reu\",\"Auritz\",\"Bera de Bidasoa\",\"Burguete\",\"Cabo Higuer\",\"Candanch\u00fa\",\"Cap de Creus\",\"El Port de la Selva\",\"Elizondo\",\"Encamp\",\"Estaon\",\"GR-11\",\"Hiriberri\",\"Irun\",\"Isaba\",\"Izaba\",\"La Guingueta d&#039;\u00c0neu\",\"La Vajol\",\"Moll\u00f3\",\"Ochagavia\",\"Otsagabia\",\"Panticosa\",\"Parz\u00e1n\",\"Planoles\",\"Puente de San Jaime\",\"Puerto de Urkiaga\",\"Puigcerd\u00e0\",\"Refugi d'Ulldeter\",\"Refugi de Colomers\",\"Refugi de Conangles\",\"Refugi de l&#039;Illa\",\"Refugi de la Baiau\",\"Refugi de Malniu\",\"Refugi dera Restanca\",\"Refugi Ernest Mallafre\",\"Refugio Casa de Piedra\",\"Refugio de Biados\",\"Refugio de Bujaruelo\",\"Refugio de Cap de Llauset\",\"Refugio de G\u00f3riz\",\"Refugio de Lizara\",\"Refugio de Pineta\",\"Refugio de Respomuso\",\"Refugio de Viad\u00f3s\",\"Refugio de Zurita\",\"Refugio Ibones de Bachima\u00f1a\",\"Requesens\",\"Sallent de G\u00e1llego\",\"Santuari de N\u00faria\",\"Senda Pirenaica\",\"Senda Pirinenca\",\"Sorogain\",\"Talaix\u00e0\",\"Tavascan\",\"Vera de Bidasoa\",\"Vilamaniscle\",\"Villanueva de Aezkoa\"],\"articleSection\":[\"A Peu\",\"Triple Corona Catala\",\"Ultima Ruta\"],\"inLanguage\":\"es\",\"potentialAction\":[{\"@type\":\"CommentAction\",\"name\":\"Comment\",\"target\":[\"https:\\\/\\\/rutesentrerefugis.com\\\/index.php\\\/2025\\\/08\\\/06\\\/gr-11-senda-pirinenca\\\/#respond\"]}]},{\"@type\":\"WebPage\",\"@id\":\"https:\\\/\\\/rutesentrerefugis.com\\\/index.php\\\/2025\\\/08\\\/06\\\/gr-11-senda-pirinenca\\\/\",\"url\":\"https:\\\/\\\/rutesentrerefugis.com\\\/index.php\\\/2025\\\/08\\\/06\\\/gr-11-senda-pirinenca\\\/\",\"name\":\"GR-11 SENDA PIRINENCA - Rutes Entre Refugis\",\"isPartOf\":{\"@id\":\"https:\\\/\\\/rutesentrerefugis.com\\\/#website\"},\"primaryImageOfPage\":{\"@id\":\"https:\\\/\\\/rutesentrerefugis.com\\\/index.php\\\/2025\\\/08\\\/06\\\/gr-11-senda-pirinenca\\\/#primaryimage\"},\"image\":{\"@id\":\"https:\\\/\\\/rutesentrerefugis.com\\\/index.php\\\/2025\\\/08\\\/06\\\/gr-11-senda-pirinenca\\\/#primaryimage\"},\"thumbnailUrl\":\"https:\\\/\\\/rutesentrerefugis.com\\\/wp-content\\\/uploads\\\/2025\\\/08\\\/GR-11.jpg\",\"datePublished\":\"2025-08-06T16:15:09+00:00\",\"dateModified\":\"2025-08-13T17:50:24+00:00\",\"breadcrumb\":{\"@id\":\"https:\\\/\\\/rutesentrerefugis.com\\\/index.php\\\/2025\\\/08\\\/06\\\/gr-11-senda-pirinenca\\\/#breadcrumb\"},\"inLanguage\":\"es\",\"potentialAction\":[{\"@type\":\"ReadAction\",\"target\":[\"https:\\\/\\\/rutesentrerefugis.com\\\/index.php\\\/2025\\\/08\\\/06\\\/gr-11-senda-pirinenca\\\/\"]}]},{\"@type\":\"ImageObject\",\"inLanguage\":\"es\",\"@id\":\"https:\\\/\\\/rutesentrerefugis.com\\\/index.php\\\/2025\\\/08\\\/06\\\/gr-11-senda-pirinenca\\\/#primaryimage\",\"url\":\"https:\\\/\\\/rutesentrerefugis.com\\\/wp-content\\\/uploads\\\/2025\\\/08\\\/GR-11.jpg\",\"contentUrl\":\"https:\\\/\\\/rutesentrerefugis.com\\\/wp-content\\\/uploads\\\/2025\\\/08\\\/GR-11.jpg\",\"width\":399,\"height\":280},{\"@type\":\"BreadcrumbList\",\"@id\":\"https:\\\/\\\/rutesentrerefugis.com\\\/index.php\\\/2025\\\/08\\\/06\\\/gr-11-senda-pirinenca\\\/#breadcrumb\",\"itemListElement\":[{\"@type\":\"ListItem\",\"position\":1,\"name\":\"Inici\",\"item\":\"https:\\\/\\\/rutesentrerefugis.com\\\/\"},{\"@type\":\"ListItem\",\"position\":2,\"name\":\"GR-11 SENDA PIRINENCA\"}]},{\"@type\":\"WebSite\",\"@id\":\"https:\\\/\\\/rutesentrerefugis.com\\\/#website\",\"url\":\"https:\\\/\\\/rutesentrerefugis.com\\\/\",\"name\":\"Rutes Entre Refugis\",\"description\":\"Caminant sota un nom\",\"publisher\":{\"@id\":\"https:\\\/\\\/rutesentrerefugis.com\\\/#organization\"},\"potentialAction\":[{\"@type\":\"SearchAction\",\"target\":{\"@type\":\"EntryPoint\",\"urlTemplate\":\"https:\\\/\\\/rutesentrerefugis.com\\\/?s={search_term_string}\"},\"query-input\":{\"@type\":\"PropertyValueSpecification\",\"valueRequired\":true,\"valueName\":\"search_term_string\"}}],\"inLanguage\":\"es\"},{\"@type\":\"Organization\",\"@id\":\"https:\\\/\\\/rutesentrerefugis.com\\\/#organization\",\"name\":\"Rutes Entre Refugis\",\"url\":\"https:\\\/\\\/rutesentrerefugis.com\\\/\",\"logo\":{\"@type\":\"ImageObject\",\"inLanguage\":\"es\",\"@id\":\"https:\\\/\\\/rutesentrerefugis.com\\\/#\\\/schema\\\/logo\\\/image\\\/\",\"url\":\"https:\\\/\\\/rutesentrerefugis.com\\\/wp-content\\\/uploads\\\/2022\\\/08\\\/RutesEntreRefugis-Blanc-Retina-1.png\",\"contentUrl\":\"https:\\\/\\\/rutesentrerefugis.com\\\/wp-content\\\/uploads\\\/2022\\\/08\\\/RutesEntreRefugis-Blanc-Retina-1.png\",\"width\":400,\"height\":400,\"caption\":\"Rutes Entre Refugis\"},\"image\":{\"@id\":\"https:\\\/\\\/rutesentrerefugis.com\\\/#\\\/schema\\\/logo\\\/image\\\/\"}},{\"@type\":\"Person\",\"@id\":\"https:\\\/\\\/rutesentrerefugis.com\\\/#\\\/schema\\\/person\\\/6e6f59c84210840610f19bafce39adc2\",\"name\":\"Rutes Entre Refugis\",\"image\":{\"@type\":\"ImageObject\",\"inLanguage\":\"es\",\"@id\":\"https:\\\/\\\/rutesentrerefugis.com\\\/wp-content\\\/uploads\\\/2023\\\/05\\\/avatar_user_2_1683354561-96x96.jpg\",\"url\":\"https:\\\/\\\/rutesentrerefugis.com\\\/wp-content\\\/uploads\\\/2023\\\/05\\\/avatar_user_2_1683354561-96x96.jpg\",\"contentUrl\":\"https:\\\/\\\/rutesentrerefugis.com\\\/wp-content\\\/uploads\\\/2023\\\/05\\\/avatar_user_2_1683354561-96x96.jpg\",\"caption\":\"Rutes Entre Refugis\"},\"url\":\"https:\\\/\\\/rutesentrerefugis.com\\\/index.php\\\/author\\\/entre-refugis\\\/\"}]}<\/script>\n<!-- \/ Yoast SEO plugin. -->","yoast_head_json":{"title":"GR-11 SENDA PIRINENCA - Rutes Entre Refugis","robots":{"index":"index","follow":"follow","max-snippet":"max-snippet:-1","max-image-preview":"max-image-preview:large","max-video-preview":"max-video-preview:-1"},"canonical":"https:\/\/rutesentrerefugis.com\/index.php\/2025\/08\/06\/gr-11-senda-pirinenca\/","og_locale":"es_ES","og_type":"article","og_title":"GR-11 SENDA PIRINENCA - Rutes Entre Refugis","og_description":"\u00b7 GR-11 SENDA PIRINENCA \u00b7 UBICACI\u00d3 Pirineus Vessant Sud","og_url":"https:\/\/rutesentrerefugis.com\/index.php\/2025\/08\/06\/gr-11-senda-pirinenca\/","og_site_name":"Rutes Entre Refugis","article_published_time":"2025-08-06T16:15:09+00:00","article_modified_time":"2025-08-13T17:50:24+00:00","og_image":[{"width":399,"height":280,"url":"https:\/\/rutesentrerefugis.com\/wp-content\/uploads\/2025\/08\/GR-11.jpg","type":"image\/jpeg"}],"author":"Rutes Entre Refugis","twitter_card":"summary_large_image","twitter_misc":{"Escrito por":"Rutes Entre Refugis","Tiempo de lectura":"9 minutos"},"schema":{"@context":"https:\/\/schema.org","@graph":[{"@type":"Article","@id":"https:\/\/rutesentrerefugis.com\/index.php\/2025\/08\/06\/gr-11-senda-pirinenca\/#article","isPartOf":{"@id":"https:\/\/rutesentrerefugis.com\/index.php\/2025\/08\/06\/gr-11-senda-pirinenca\/"},"author":{"name":"Rutes Entre Refugis","@id":"https:\/\/rutesentrerefugis.com\/#\/schema\/person\/6e6f59c84210840610f19bafce39adc2"},"headline":"GR-11 SENDA PIRINENCA","datePublished":"2025-08-06T16:15:09+00:00","dateModified":"2025-08-13T17:50:24+00:00","mainEntityOfPage":{"@id":"https:\/\/rutesentrerefugis.com\/index.php\/2025\/08\/06\/gr-11-senda-pirinenca\/"},"wordCount":10,"commentCount":0,"publisher":{"@id":"https:\/\/rutesentrerefugis.com\/#organization"},"image":{"@id":"https:\/\/rutesentrerefugis.com\/index.php\/2025\/08\/06\/gr-11-senda-pirinenca\/#primaryimage"},"thumbnailUrl":"https:\/\/rutesentrerefugis.com\/wp-content\/uploads\/2025\/08\/GR-11.jpg","keywords":["Aguas Tuertas","Albany\u00e0","Arans","\u00c0reu","Auritz","Bera de Bidasoa","Burguete","Cabo Higuer","Candanch\u00fa","Cap de Creus","El Port de la Selva","Elizondo","Encamp","Estaon","GR-11","Hiriberri","Irun","Isaba","Izaba","La Guingueta d&#039;\u00c0neu","La Vajol","Moll\u00f3","Ochagavia","Otsagabia","Panticosa","Parz\u00e1n","Planoles","Puente de San Jaime","Puerto de Urkiaga","Puigcerd\u00e0","Refugi d'Ulldeter","Refugi de Colomers","Refugi de Conangles","Refugi de l&#039;Illa","Refugi de la Baiau","Refugi de Malniu","Refugi dera Restanca","Refugi Ernest Mallafre","Refugio Casa de Piedra","Refugio de Biados","Refugio de Bujaruelo","Refugio de Cap de Llauset","Refugio de G\u00f3riz","Refugio de Lizara","Refugio de Pineta","Refugio de Respomuso","Refugio de Viad\u00f3s","Refugio de Zurita","Refugio Ibones de Bachima\u00f1a","Requesens","Sallent de G\u00e1llego","Santuari de N\u00faria","Senda Pirenaica","Senda Pirinenca","Sorogain","Talaix\u00e0","Tavascan","Vera de Bidasoa","Vilamaniscle","Villanueva de Aezkoa"],"articleSection":["A Peu","Triple Corona Catala","Ultima Ruta"],"inLanguage":"es","potentialAction":[{"@type":"CommentAction","name":"Comment","target":["https:\/\/rutesentrerefugis.com\/index.php\/2025\/08\/06\/gr-11-senda-pirinenca\/#respond"]}]},{"@type":"WebPage","@id":"https:\/\/rutesentrerefugis.com\/index.php\/2025\/08\/06\/gr-11-senda-pirinenca\/","url":"https:\/\/rutesentrerefugis.com\/index.php\/2025\/08\/06\/gr-11-senda-pirinenca\/","name":"GR-11 SENDA PIRINENCA - Rutes Entre Refugis","isPartOf":{"@id":"https:\/\/rutesentrerefugis.com\/#website"},"primaryImageOfPage":{"@id":"https:\/\/rutesentrerefugis.com\/index.php\/2025\/08\/06\/gr-11-senda-pirinenca\/#primaryimage"},"image":{"@id":"https:\/\/rutesentrerefugis.com\/index.php\/2025\/08\/06\/gr-11-senda-pirinenca\/#primaryimage"},"thumbnailUrl":"https:\/\/rutesentrerefugis.com\/wp-content\/uploads\/2025\/08\/GR-11.jpg","datePublished":"2025-08-06T16:15:09+00:00","dateModified":"2025-08-13T17:50:24+00:00","breadcrumb":{"@id":"https:\/\/rutesentrerefugis.com\/index.php\/2025\/08\/06\/gr-11-senda-pirinenca\/#breadcrumb"},"inLanguage":"es","potentialAction":[{"@type":"ReadAction","target":["https:\/\/rutesentrerefugis.com\/index.php\/2025\/08\/06\/gr-11-senda-pirinenca\/"]}]},{"@type":"ImageObject","inLanguage":"es","@id":"https:\/\/rutesentrerefugis.com\/index.php\/2025\/08\/06\/gr-11-senda-pirinenca\/#primaryimage","url":"https:\/\/rutesentrerefugis.com\/wp-content\/uploads\/2025\/08\/GR-11.jpg","contentUrl":"https:\/\/rutesentrerefugis.com\/wp-content\/uploads\/2025\/08\/GR-11.jpg","width":399,"height":280},{"@type":"BreadcrumbList","@id":"https:\/\/rutesentrerefugis.com\/index.php\/2025\/08\/06\/gr-11-senda-pirinenca\/#breadcrumb","itemListElement":[{"@type":"ListItem","position":1,"name":"Inici","item":"https:\/\/rutesentrerefugis.com\/"},{"@type":"ListItem","position":2,"name":"GR-11 SENDA PIRINENCA"}]},{"@type":"WebSite","@id":"https:\/\/rutesentrerefugis.com\/#website","url":"https:\/\/rutesentrerefugis.com\/","name":"Rutes Entre Refugis","description":"Caminant sota un nom","publisher":{"@id":"https:\/\/rutesentrerefugis.com\/#organization"},"potentialAction":[{"@type":"SearchAction","target":{"@type":"EntryPoint","urlTemplate":"https:\/\/rutesentrerefugis.com\/?s={search_term_string}"},"query-input":{"@type":"PropertyValueSpecification","valueRequired":true,"valueName":"search_term_string"}}],"inLanguage":"es"},{"@type":"Organization","@id":"https:\/\/rutesentrerefugis.com\/#organization","name":"Rutes Entre Refugis","url":"https:\/\/rutesentrerefugis.com\/","logo":{"@type":"ImageObject","inLanguage":"es","@id":"https:\/\/rutesentrerefugis.com\/#\/schema\/logo\/image\/","url":"https:\/\/rutesentrerefugis.com\/wp-content\/uploads\/2022\/08\/RutesEntreRefugis-Blanc-Retina-1.png","contentUrl":"https:\/\/rutesentrerefugis.com\/wp-content\/uploads\/2022\/08\/RutesEntreRefugis-Blanc-Retina-1.png","width":400,"height":400,"caption":"Rutes Entre Refugis"},"image":{"@id":"https:\/\/rutesentrerefugis.com\/#\/schema\/logo\/image\/"}},{"@type":"Person","@id":"https:\/\/rutesentrerefugis.com\/#\/schema\/person\/6e6f59c84210840610f19bafce39adc2","name":"Rutes Entre Refugis","image":{"@type":"ImageObject","inLanguage":"es","@id":"https:\/\/rutesentrerefugis.com\/wp-content\/uploads\/2023\/05\/avatar_user_2_1683354561-96x96.jpg","url":"https:\/\/rutesentrerefugis.com\/wp-content\/uploads\/2023\/05\/avatar_user_2_1683354561-96x96.jpg","contentUrl":"https:\/\/rutesentrerefugis.com\/wp-content\/uploads\/2023\/05\/avatar_user_2_1683354561-96x96.jpg","caption":"Rutes Entre Refugis"},"url":"https:\/\/rutesentrerefugis.com\/index.php\/author\/entre-refugis\/"}]}},"_links":{"self":[{"href":"https:\/\/rutesentrerefugis.com\/index.php\/wp-json\/wp\/v2\/posts\/27259","targetHints":{"allow":["GET"]}}],"collection":[{"href":"https:\/\/rutesentrerefugis.com\/index.php\/wp-json\/wp\/v2\/posts"}],"about":[{"href":"https:\/\/rutesentrerefugis.com\/index.php\/wp-json\/wp\/v2\/types\/post"}],"author":[{"embeddable":true,"href":"https:\/\/rutesentrerefugis.com\/index.php\/wp-json\/wp\/v2\/users\/2"}],"replies":[{"embeddable":true,"href":"https:\/\/rutesentrerefugis.com\/index.php\/wp-json\/wp\/v2\/comments?post=27259"}],"version-history":[{"count":118,"href":"https:\/\/rutesentrerefugis.com\/index.php\/wp-json\/wp\/v2\/posts\/27259\/revisions"}],"predecessor-version":[{"id":27652,"href":"https:\/\/rutesentrerefugis.com\/index.php\/wp-json\/wp\/v2\/posts\/27259\/revisions\/27652"}],"wp:featuredmedia":[{"embeddable":true,"href":"https:\/\/rutesentrerefugis.com\/index.php\/wp-json\/wp\/v2\/media\/27384"}],"wp:attachment":[{"href":"https:\/\/rutesentrerefugis.com\/index.php\/wp-json\/wp\/v2\/media?parent=27259"}],"wp:term":[{"taxonomy":"category","embeddable":true,"href":"https:\/\/rutesentrerefugis.com\/index.php\/wp-json\/wp\/v2\/categories?post=27259"},{"taxonomy":"post_tag","embeddable":true,"href":"https:\/\/rutesentrerefugis.com\/index.php\/wp-json\/wp\/v2\/tags?post=27259"}],"curies":[{"name":"wp","href":"https:\/\/api.w.org\/{rel}","templated":true}]}}