{"id":28361,"date":"2025-09-05T09:02:52","date_gmt":"2025-09-05T09:02:52","guid":{"rendered":"https:\/\/rutesentrerefugis.com\/?p=28361"},"modified":"2025-09-09T16:53:14","modified_gmt":"2025-09-09T16:53:14","slug":"la-gran-travessa-de-montserrat","status":"publish","type":"post","link":"https:\/\/rutesentrerefugis.com\/index.php\/2025\/09\/05\/la-gran-travessa-de-montserrat\/","title":{"rendered":"LA GRAN TRAVESSA DE MONTSERRAT"},"content":{"rendered":"\t\t<div data-elementor-type=\"wp-post\" data-elementor-id=\"28361\" class=\"elementor elementor-28361\" data-elementor-post-type=\"post\">\n\t\t\t\t\t\t<section class=\"elementor-section elementor-top-section elementor-element elementor-element-49e71f9 elementor-section-full_width elementor-section-height-default elementor-section-height-default\" data-id=\"49e71f9\" data-element_type=\"section\" data-e-type=\"section\">\n\t\t\t\t\t\t<div class=\"elementor-container elementor-column-gap-default\">\n\t\t\t\t\t<div class=\"elementor-column elementor-col-100 elementor-top-column elementor-element elementor-element-e8a3f1b\" data-id=\"e8a3f1b\" data-element_type=\"column\" data-e-type=\"column\" data-settings=\"{&quot;background_background&quot;:&quot;classic&quot;}\">\n\t\t\t<div class=\"elementor-widget-wrap elementor-element-populated\">\n\t\t\t\t\t\t<div class=\"elementor-element elementor-element-e0bd260 elementor-widget elementor-widget-image\" data-id=\"e0bd260\" data-element_type=\"widget\" data-e-type=\"widget\" data-widget_type=\"image.default\">\n\t\t\t\t<div class=\"elementor-widget-container\">\n\t\t\t\t\t\t\t\t\t\t\t\t\t\t\t<img fetchpriority=\"high\" decoding=\"async\" width=\"2000\" height=\"450\" src=\"https:\/\/rutesentrerefugis.com\/wp-content\/uploads\/2025\/09\/Gran-Travessa-Montserrat-Cap.jpg\" class=\"attachment-full size-full wp-image-28364\" alt=\"\" srcset=\"https:\/\/rutesentrerefugis.com\/wp-content\/uploads\/2025\/09\/Gran-Travessa-Montserrat-Cap.jpg 2000w, https:\/\/rutesentrerefugis.com\/wp-content\/uploads\/2025\/09\/Gran-Travessa-Montserrat-Cap-300x68.jpg 300w, https:\/\/rutesentrerefugis.com\/wp-content\/uploads\/2025\/09\/Gran-Travessa-Montserrat-Cap-1024x230.jpg 1024w, https:\/\/rutesentrerefugis.com\/wp-content\/uploads\/2025\/09\/Gran-Travessa-Montserrat-Cap-768x173.jpg 768w, https:\/\/rutesentrerefugis.com\/wp-content\/uploads\/2025\/09\/Gran-Travessa-Montserrat-Cap-1536x346.jpg 1536w\" sizes=\"(max-width: 2000px) 100vw, 2000px\" \/>\t\t\t\t\t\t\t\t\t\t\t\t\t\t\t<\/div>\n\t\t\t\t<\/div>\n\t\t\t\t\t<\/div>\n\t\t<\/div>\n\t\t\t\t\t<\/div>\n\t\t<\/section>\n\t\t\t\t<section class=\"elementor-section elementor-top-section elementor-element elementor-element-f5da543 elementor-section-full_width elementor-section-height-default elementor-section-height-default\" data-id=\"f5da543\" data-element_type=\"section\" data-e-type=\"section\">\n\t\t\t\t\t\t<div class=\"elementor-container elementor-column-gap-default\">\n\t\t\t\t\t<div class=\"elementor-column elementor-col-100 elementor-top-column elementor-element elementor-element-a7b3bf6\" data-id=\"a7b3bf6\" data-element_type=\"column\" data-e-type=\"column\" data-settings=\"{&quot;background_background&quot;:&quot;classic&quot;}\">\n\t\t\t<div class=\"elementor-widget-wrap elementor-element-populated\">\n\t\t\t\t\t\t<div class=\"elementor-element elementor-element-904cab1 elementor-widget elementor-widget-heading\" data-id=\"904cab1\" data-element_type=\"widget\" data-e-type=\"widget\" data-widget_type=\"heading.default\">\n\t\t\t\t<div class=\"elementor-widget-container\">\n\t\t\t\t\t<h2 class=\"elementor-heading-title elementor-size-default\">LA GRAN TRAVESSA DE MONTSERRAT<\/h2>\t\t\t\t<\/div>\n\t\t\t\t<\/div>\n\t\t\t\t\t<\/div>\n\t\t<\/div>\n\t\t\t\t\t<\/div>\n\t\t<\/section>\n\t\t\t\t<section class=\"elementor-section elementor-top-section elementor-element elementor-element-6dc0412 elementor-section-full_width elementor-section-height-default elementor-section-height-default\" data-id=\"6dc0412\" data-element_type=\"section\" data-e-type=\"section\">\n\t\t\t\t\t\t<div class=\"elementor-container elementor-column-gap-default\">\n\t\t\t\t\t<div class=\"elementor-column elementor-col-100 elementor-top-column elementor-element elementor-element-414505c\" data-id=\"414505c\" data-element_type=\"column\" data-e-type=\"column\" data-settings=\"{&quot;background_background&quot;:&quot;classic&quot;}\">\n\t\t\t<div class=\"elementor-widget-wrap elementor-element-populated\">\n\t\t\t\t\t\t<div class=\"elementor-element elementor-element-5b37f04 elementor-widget-divider--view-line elementor-widget elementor-widget-divider\" data-id=\"5b37f04\" data-element_type=\"widget\" data-e-type=\"widget\" data-widget_type=\"divider.default\">\n\t\t\t\t<div class=\"elementor-widget-container\">\n\t\t\t\t\t\t\t<div class=\"elementor-divider\">\n\t\t\t<span class=\"elementor-divider-separator\">\n\t\t\t\t\t\t<\/span>\n\t\t<\/div>\n\t\t\t\t\t\t<\/div>\n\t\t\t\t<\/div>\n\t\t\t\t\t<\/div>\n\t\t<\/div>\n\t\t\t\t\t<\/div>\n\t\t<\/section>\n\t\t\t\t<section class=\"elementor-section elementor-top-section elementor-element elementor-element-42fd159 elementor-section-full_width elementor-section-height-default elementor-section-height-default\" data-id=\"42fd159\" data-element_type=\"section\" data-e-type=\"section\">\n\t\t\t\t\t\t<div class=\"elementor-container elementor-column-gap-default\">\n\t\t\t\t\t<div class=\"elementor-column elementor-col-100 elementor-top-column elementor-element elementor-element-35641fc\" data-id=\"35641fc\" data-element_type=\"column\" data-e-type=\"column\">\n\t\t\t<div class=\"elementor-widget-wrap elementor-element-populated\">\n\t\t\t\t\t\t<div class=\"elementor-element elementor-element-c647afa elementor-widget elementor-widget-spacer\" data-id=\"c647afa\" data-element_type=\"widget\" data-e-type=\"widget\" data-widget_type=\"spacer.default\">\n\t\t\t\t<div class=\"elementor-widget-container\">\n\t\t\t\t\t\t\t<div class=\"elementor-spacer\">\n\t\t\t<div class=\"elementor-spacer-inner\"><\/div>\n\t\t<\/div>\n\t\t\t\t\t\t<\/div>\n\t\t\t\t<\/div>\n\t\t\t\t\t<\/div>\n\t\t<\/div>\n\t\t\t\t\t<\/div>\n\t\t<\/section>\n\t\t\t\t<section class=\"elementor-section elementor-top-section elementor-element elementor-element-71d3942 elementor-section-full_width elementor-section-height-default elementor-section-height-default\" data-id=\"71d3942\" data-element_type=\"section\" data-e-type=\"section\">\n\t\t\t\t\t\t<div class=\"elementor-container elementor-column-gap-default\">\n\t\t\t\t\t<div class=\"elementor-column elementor-col-100 elementor-top-column elementor-element elementor-element-991de4d\" data-id=\"991de4d\" data-element_type=\"column\" data-e-type=\"column\">\n\t\t\t<div class=\"elementor-widget-wrap elementor-element-populated\">\n\t\t\t\t\t\t<div class=\"elementor-element elementor-element-bdbabf5 elementor-widget elementor-widget-heading\" data-id=\"bdbabf5\" data-element_type=\"widget\" data-e-type=\"widget\" data-widget_type=\"heading.default\">\n\t\t\t\t<div class=\"elementor-widget-container\">\n\t\t\t\t\t<h2 class=\"elementor-heading-title elementor-size-default\">RECORRENT EL MASS\u00cdS PER AGULLES, GORROS I CIMS<\/h2>\t\t\t\t<\/div>\n\t\t\t\t<\/div>\n\t\t\t\t\t<\/div>\n\t\t<\/div>\n\t\t\t\t\t<\/div>\n\t\t<\/section>\n\t\t\t\t<section class=\"elementor-section elementor-top-section elementor-element elementor-element-75d0eec elementor-section-full_width elementor-section-height-default elementor-section-height-default\" data-id=\"75d0eec\" data-element_type=\"section\" data-e-type=\"section\">\n\t\t\t\t\t\t<div class=\"elementor-container elementor-column-gap-default\">\n\t\t\t\t\t<div class=\"elementor-column elementor-col-100 elementor-top-column elementor-element elementor-element-2125826\" data-id=\"2125826\" data-element_type=\"column\" data-e-type=\"column\">\n\t\t\t<div class=\"elementor-widget-wrap elementor-element-populated\">\n\t\t\t\t\t\t<div class=\"elementor-element elementor-element-5711d63 elementor-widget elementor-widget-text-editor\" data-id=\"5711d63\" data-element_type=\"widget\" data-e-type=\"widget\" data-widget_type=\"text-editor.default\">\n\t\t\t\t<div class=\"elementor-widget-container\">\n\t\t\t\t\t\t\t\t\t<h6>Cr\u00f2nica escrita per DAMI\u00c0 PER\u00c9Z i publicada a la REVISTA MUNTANYA (936-937)<\/h6>\t\t\t\t\t\t\t\t<\/div>\n\t\t\t\t<\/div>\n\t\t\t\t\t<\/div>\n\t\t<\/div>\n\t\t\t\t\t<\/div>\n\t\t<\/section>\n\t\t\t\t<section class=\"elementor-section elementor-top-section elementor-element elementor-element-fb7a83f elementor-section-full_width elementor-section-height-default elementor-section-height-default\" data-id=\"fb7a83f\" data-element_type=\"section\" data-e-type=\"section\">\n\t\t\t\t\t\t<div class=\"elementor-container elementor-column-gap-default\">\n\t\t\t\t\t<div class=\"elementor-column elementor-col-100 elementor-top-column elementor-element elementor-element-8bf4b55\" data-id=\"8bf4b55\" data-element_type=\"column\" data-e-type=\"column\">\n\t\t\t<div class=\"elementor-widget-wrap elementor-element-populated\">\n\t\t\t\t\t\t<div class=\"elementor-element elementor-element-059e92b elementor-widget elementor-widget-text-editor\" data-id=\"059e92b\" data-element_type=\"widget\" data-e-type=\"widget\" data-widget_type=\"text-editor.default\">\n\t\t\t\t<div class=\"elementor-widget-container\">\n\t\t\t\t\t\t\t\t\t<h5>Excursi\u00f3 cl\u00e0ssica i molt espectacular, que permet travessar tot el mass\u00eds d\u2019oest a est, assolint els cims m\u00e9s emblem\u00e0tics de cada regi\u00f3, per acabar al monestir de Santa Maria. La gran travessa de Montserrat \u00e9s una excursi\u00f3 dif\u00edcil, que requereix experi\u00e8ncia en la grimpada i capacitat d\u2019orientaci\u00f3 i d\u2019improvisaci\u00f3. Malgrat que l\u2019itinerari es pot realitzar sense fer servir la corda ni tampoc cap mena de material t\u00e8cnic, caldr\u00e0 tenir en compte que les condicions dels camins, esperons i canals poden canviar molt segons les condicions del terreny: si \u00e9s mullat o fins i tot gla\u00e7at. Per tant, el primer que cal fer es posar la corda a la motxilla, per si de cas. Caldr\u00e0 comptar amb dos vehicles, un per aparcar a can Massana, i l\u2019altre al monestir de Montserrat, o b\u00e9 retornar pel GR 4\/GR 172 fins a can Massana, esmer\u00e7ant tres hores i mitja m\u00e9s de cam\u00ed.<\/h5>\t\t\t\t\t\t\t\t<\/div>\n\t\t\t\t<\/div>\n\t\t\t\t\t<\/div>\n\t\t<\/div>\n\t\t\t\t\t<\/div>\n\t\t<\/section>\n\t\t\t\t<section class=\"elementor-section elementor-top-section elementor-element elementor-element-ade46a4 elementor-section-full_width elementor-section-height-default elementor-section-height-default\" data-id=\"ade46a4\" data-element_type=\"section\" data-e-type=\"section\">\n\t\t\t\t\t\t<div class=\"elementor-container elementor-column-gap-default\">\n\t\t\t\t\t<div class=\"elementor-column elementor-col-100 elementor-top-column elementor-element elementor-element-9fec491\" data-id=\"9fec491\" data-element_type=\"column\" data-e-type=\"column\">\n\t\t\t<div class=\"elementor-widget-wrap elementor-element-populated\">\n\t\t\t\t\t\t<div class=\"elementor-element elementor-element-5de29ad elementor-widget elementor-widget-text-editor\" data-id=\"5de29ad\" data-element_type=\"widget\" data-e-type=\"widget\" data-widget_type=\"text-editor.default\">\n\t\t\t\t<div class=\"elementor-widget-container\">\n\t\t\t\t\t\t\t\t\t<h4><font color=\"#B40404\"><b><u>LES AGULLES<\/u><\/b><\/font>\n<h5>El coll de Can Massana \u00e9s el pas natural de l\u2019Anoia al Bages i la porta occidental del mass\u00eds de Montserrat, indret de batalles, campaments, bivacs, runes i records. Avui dia l\u2019indret ha estat arranjat pel Patronat de la Muntanya de Montserrat i compta amb un aparcament de pagament for\u00e7a espai\u00f3s, una zona de p\u00edcnic, una botiga i un punt d\u2019informaci\u00f3. \u00c9s el lloc de partida de la majoria d\u2019excursions i ascensions de la meitat occidental de Montserrat, on es troben les regions d\u2019Agulles, Frares Encantats i Ecos.<\/br>\n<\/br>\nLa nostra travessa comen\u00e7a precisament al coll de Can Ma\u00e7ana, on trobarem el GR que de seguida ens situa a la banda nord dels primers turons de la serra, el tur\u00f3 de Sant Pau Vell i el serrat de Guirl\u00f3, fins al coll de Guirl\u00f3, on prendrem el PR fins al refugi Vicen\u00e7 Barb\u00e9.<\/br>\n<\/br>\nEl PR supera en lleugera pujada els boscos que flanquegen la muralla oest d\u2019Agulles, amb la gran paret de la Palangana, solcada per la via Ven-Suri-Ven com a gran protagonista. El cam\u00ed \u00e9s ombr\u00edvol i remunta fins al pas de la Portella, canal rocallosa i estreta, de f\u00e0cil grimpada, que condueix al coll de la Portella, veritable porta d\u2019entrada a l\u2019interior del mass\u00eds de Montserrat.<\/br>\n<\/br>\nEn aquest punt comen\u00e7arem la travessa de la regi\u00f3 d\u2019Agulles, amb l\u2019objectiu d\u2019arribar al coll d\u2019Agulles fent dos cims, els Merlets i el Gep Llarg. El corriol aviat ens porta al peu de la roca Petita de la Portella, mon\u00f2lit magn\u00edfic i probablement l\u2019agulla m\u00e9s escalada de tot el mass\u00eds. Des del peu de la roca Petita podem albirar el cim dels Merlets, caracteritzat pels dos merlets que pengen del cim vers l\u2019aresta Brucs. Al seu costat est podrem veure el Gep Llarg.<\/br>\n<\/br>\nSeguint el corriol esmentat arribarem a un magn\u00edfic bosc just al peu de la paret oest dels Merlets, seguirem cap al nord fins al peu d\u2019un tram molt dret i que haurem de superar amb l\u2019ajuda d\u2019una corda fixa. Cal extremar les precaucions.<\/br>\n<\/br>\nUn cop superat aquest mal pas, arribarem al collet format pels Merlets i el Gep Llarg. Una grimpada d\u2019uns 5 m ens portar\u00e0 al cim de l\u2019agulla. Davallarem pel mateix lloc i pujarem al Gep Llarg, que \u00e9s la seg\u00fcent agulla vers l\u2019est. Per la banda est grimparem uns 5 m fins al cim, encara m\u00e9s f\u00e0cilment que la via dels Merlets.<\/h5>\t\t\t\t\t\t\t\t<\/div>\n\t\t\t\t<\/div>\n\t\t\t\t\t<\/div>\n\t\t<\/div>\n\t\t\t\t\t<\/div>\n\t\t<\/section>\n\t\t\t\t<section class=\"elementor-section elementor-top-section elementor-element elementor-element-648f8d1 elementor-section-full_width elementor-section-height-default elementor-section-height-default\" data-id=\"648f8d1\" data-element_type=\"section\" data-e-type=\"section\">\n\t\t\t\t\t\t<div class=\"elementor-container elementor-column-gap-default\">\n\t\t\t\t\t<div class=\"elementor-column elementor-col-50 elementor-top-column elementor-element elementor-element-f1e4b0c\" data-id=\"f1e4b0c\" data-element_type=\"column\" data-e-type=\"column\">\n\t\t\t<div class=\"elementor-widget-wrap elementor-element-populated\">\n\t\t\t\t\t\t<div class=\"elementor-element elementor-element-d812a27 elementor-widget elementor-widget-image\" data-id=\"d812a27\" data-element_type=\"widget\" data-e-type=\"widget\" data-widget_type=\"image.default\">\n\t\t\t\t<div class=\"elementor-widget-container\">\n\t\t\t\t\t\t\t\t\t\t\t\t\t\t\t<img decoding=\"async\" width=\"800\" height=\"480\" src=\"https:\/\/rutesentrerefugis.com\/wp-content\/uploads\/2025\/09\/Gran-Travessa-Montserrat-02.jpg\" class=\"attachment-large size-large wp-image-28378\" alt=\"\" srcset=\"https:\/\/rutesentrerefugis.com\/wp-content\/uploads\/2025\/09\/Gran-Travessa-Montserrat-02.jpg 1000w, https:\/\/rutesentrerefugis.com\/wp-content\/uploads\/2025\/09\/Gran-Travessa-Montserrat-02-300x180.jpg 300w, https:\/\/rutesentrerefugis.com\/wp-content\/uploads\/2025\/09\/Gran-Travessa-Montserrat-02-768x461.jpg 768w\" sizes=\"(max-width: 800px) 100vw, 800px\" \/>\t\t\t\t\t\t\t\t\t\t\t\t\t\t\t<\/div>\n\t\t\t\t<\/div>\n\t\t\t\t\t<\/div>\n\t\t<\/div>\n\t\t\t\t<div class=\"elementor-column elementor-col-50 elementor-top-column elementor-element elementor-element-d1a0be7\" data-id=\"d1a0be7\" data-element_type=\"column\" data-e-type=\"column\">\n\t\t\t<div class=\"elementor-widget-wrap elementor-element-populated\">\n\t\t\t\t\t\t<div class=\"elementor-element elementor-element-8c28af0 elementor-widget elementor-widget-image\" data-id=\"8c28af0\" data-element_type=\"widget\" data-e-type=\"widget\" data-widget_type=\"image.default\">\n\t\t\t\t<div class=\"elementor-widget-container\">\n\t\t\t\t\t\t\t\t\t\t\t\t\t\t\t<img decoding=\"async\" width=\"800\" height=\"480\" src=\"https:\/\/rutesentrerefugis.com\/wp-content\/uploads\/2025\/09\/Gran-Travessa-Montserrat-03.jpg\" class=\"attachment-large size-large wp-image-28379\" alt=\"\" srcset=\"https:\/\/rutesentrerefugis.com\/wp-content\/uploads\/2025\/09\/Gran-Travessa-Montserrat-03.jpg 1000w, https:\/\/rutesentrerefugis.com\/wp-content\/uploads\/2025\/09\/Gran-Travessa-Montserrat-03-300x180.jpg 300w, https:\/\/rutesentrerefugis.com\/wp-content\/uploads\/2025\/09\/Gran-Travessa-Montserrat-03-768x461.jpg 768w\" sizes=\"(max-width: 800px) 100vw, 800px\" \/>\t\t\t\t\t\t\t\t\t\t\t\t\t\t\t<\/div>\n\t\t\t\t<\/div>\n\t\t\t\t\t<\/div>\n\t\t<\/div>\n\t\t\t\t\t<\/div>\n\t\t<\/section>\n\t\t\t\t<section class=\"elementor-section elementor-top-section elementor-element elementor-element-58b5b46 elementor-section-full_width elementor-section-height-default elementor-section-height-default\" data-id=\"58b5b46\" data-element_type=\"section\" data-e-type=\"section\">\n\t\t\t\t\t\t<div class=\"elementor-container elementor-column-gap-default\">\n\t\t\t\t\t<div class=\"elementor-column elementor-col-100 elementor-top-column elementor-element elementor-element-1cb6c67\" data-id=\"1cb6c67\" data-element_type=\"column\" data-e-type=\"column\">\n\t\t\t<div class=\"elementor-widget-wrap elementor-element-populated\">\n\t\t\t\t\t\t<div class=\"elementor-element elementor-element-d5b0ec4 elementor-widget elementor-widget-text-editor\" data-id=\"d5b0ec4\" data-element_type=\"widget\" data-e-type=\"widget\" data-widget_type=\"text-editor.default\">\n\t\t\t\t<div class=\"elementor-widget-container\">\n\t\t\t\t\t\t\t\t\t<h4><span style=\"color: #b40404;\"><b><u>ELS FRARES ENCANTATS<\/u><\/b><\/span><\/h4>\n<h5>Un cop assolits els dos cims seguirem la travessa d\u2019Agulles. Uns metres m\u00e9s enll\u00e0 tenim l\u2019opci\u00f3 d\u2019assolir el cim del mirador de la Miranda de les Bo\u00efgues, per b\u00e9 que hem d\u2019abandonar moment\u00e0niament la ruta i la pujada \u00e9s l\u00f2gica, pel vessant nord, per\u00f2 for\u00e7a exposada.<\/br>\n<\/br>\nLa travessa per la l\u00ednia m\u00e9s alta de la muralla d\u2019agulles davalla fortament fins a la canal de les Bessones, que creuem per tot seguit trobar una canal for\u00e7a estreta, equipada amb una corda nuada que ens ajuda a situar-nos en una bonica balconada, on estarem envoltats de les agulles m\u00e9s esveltes de la regi\u00f3. Les Bessones, l\u2019Agulla de l\u2019Arbret, l\u2019Agulla dels Set, la Boteruda del Gra, etc. La travessa segueix alternant fortes pujades i baixades i collets angostos fins a arribar al Portell Estret o coll d\u2019Agulles.<\/br>\n<\/br>\nAl coll d\u2019Agulles cal davallar uns metres cap al sud, i a l\u2019al\u00e7ada de l\u2019aresta Brucs de l\u2019Agulla Sense Nom comen\u00e7a la travessa de la regi\u00f3 dels Frares Encantats, senyalitzada amb marques blaves en direcci\u00f3 est. El cam\u00ed remunta fortament cap al peu del cim del Morro Pla. Quan la magn\u00edfica vegetaci\u00f3 ens ho permeti, podrem albirar agulles d\u2019aspecte mastod\u00f2ntic, com el Lloro, o capritxoses, com la Nina.<\/br>\n<\/br>\nLa regi\u00f3 dels Frares Encantats \u00e9s com un bosc de fades i gegants. Sota el Bisbe, el Lloro i la Monja una canal davalla fortament pel torrent del Lloro. \u00c9s un pas on la roca \u00e9s noble, per\u00f2 pot esdevenir delicada si est\u00e0 humida. Un cop al torrent del Lloro remuntarem cap als cims dels Frares Encantats, superant diversos trams gaireb\u00e9 verticals amb l\u2019ajut de cordes fixes fins que arribem al peu del Frare Gros, on estan situats els dos cims que pujarem: les agulles anomenades Cristobalites, la Inferior i la Superior (roques 151 i 152).<\/br>\n<\/br>\nS\u00f3n dos cims que fan de contrafort del Frare Gros amb solv\u00e8ncia. Les seves arestes compten amb bones vies d\u2019escalada en un ambient exposat i aventurer, com acostumen a ser les vies d\u2019escalada d\u2019aquesta regi\u00f3. Per la banda nord ambdues agulles no ens plantejaran grans dificultats, ans al contrari, hi pujarem sense entrebancs.<\/br>\n<\/br>\nLa Cristobalita Inferior \u00e9s la que est\u00e0 situada a l\u2019oest de la seva parella, i tamb\u00e9 \u00e9s la que presenta un pas una mica vertical en arribar al cim, per\u00f2 t\u00e9 bona presa. Caldr\u00e0 prendre totes les mesures adients, una savina al cim ens permetr\u00e0 posar-hi una corda si cal. La Cristobalita Superior no t\u00e9 cap dificultat, el cam\u00ed dels Frares passa gaireb\u00e9 a nivell del cim, per\u00f2 \u00e9s un lloc estret i exposat a la cara nord, totalment vertical. Caldr\u00e0 anar amb molta cura per baixar del cim al cam\u00ed perqu\u00e8 el tram \u00e9s engany\u00f3s.<\/br>\n<\/br>\nEl cam\u00ed de la travessa de Frares Encantats descendeix tot seguit vertiginosament pel bell mig de la carena, deixant al nord els Frares Encantats i al sud el Bacall\u00e0. Trobarem dos trams equipats amb cadenes i una \u00faltima canal for\u00e7a vertical equipada amb una cadena i graons de ferro a la roca. El tram \u00e9s emocionant i exposat, i ens permet arribar al coll de Port.<\/h5>\t\t\t\t\t\t\t\t<\/div>\n\t\t\t\t<\/div>\n\t\t\t\t\t<\/div>\n\t\t<\/div>\n\t\t\t\t\t<\/div>\n\t\t<\/section>\n\t\t\t\t<section class=\"elementor-section elementor-top-section elementor-element elementor-element-a769be6 elementor-section-full_width elementor-section-height-default elementor-section-height-default\" data-id=\"a769be6\" data-element_type=\"section\" data-e-type=\"section\">\n\t\t\t\t\t\t<div class=\"elementor-container elementor-column-gap-default\">\n\t\t\t\t\t<div class=\"elementor-column elementor-col-100 elementor-top-column elementor-element elementor-element-1dccefc\" data-id=\"1dccefc\" data-element_type=\"column\" data-e-type=\"column\">\n\t\t\t<div class=\"elementor-widget-wrap elementor-element-populated\">\n\t\t\t\t\t\t<div class=\"elementor-element elementor-element-d0c9e10 elementor-widget elementor-widget-image\" data-id=\"d0c9e10\" data-element_type=\"widget\" data-e-type=\"widget\" data-widget_type=\"image.default\">\n\t\t\t\t<div class=\"elementor-widget-container\">\n\t\t\t\t\t\t\t\t\t\t\t\t\t\t\t<img loading=\"lazy\" decoding=\"async\" width=\"2000\" height=\"975\" src=\"https:\/\/rutesentrerefugis.com\/wp-content\/uploads\/2025\/09\/Gran-Travessa-Montserrat-05.jpg\" class=\"attachment-full size-full wp-image-28383\" alt=\"\" srcset=\"https:\/\/rutesentrerefugis.com\/wp-content\/uploads\/2025\/09\/Gran-Travessa-Montserrat-05.jpg 2000w, https:\/\/rutesentrerefugis.com\/wp-content\/uploads\/2025\/09\/Gran-Travessa-Montserrat-05-300x146.jpg 300w, https:\/\/rutesentrerefugis.com\/wp-content\/uploads\/2025\/09\/Gran-Travessa-Montserrat-05-1024x499.jpg 1024w, https:\/\/rutesentrerefugis.com\/wp-content\/uploads\/2025\/09\/Gran-Travessa-Montserrat-05-768x374.jpg 768w, https:\/\/rutesentrerefugis.com\/wp-content\/uploads\/2025\/09\/Gran-Travessa-Montserrat-05-1536x749.jpg 1536w\" sizes=\"(max-width: 2000px) 100vw, 2000px\" \/>\t\t\t\t\t\t\t\t\t\t\t\t\t\t\t<\/div>\n\t\t\t\t<\/div>\n\t\t\t\t\t<\/div>\n\t\t<\/div>\n\t\t\t\t\t<\/div>\n\t\t<\/section>\n\t\t\t\t<section class=\"elementor-section elementor-top-section elementor-element elementor-element-20d27b7 elementor-section-full_width elementor-section-height-default elementor-section-height-default\" data-id=\"20d27b7\" data-element_type=\"section\" data-e-type=\"section\">\n\t\t\t\t\t\t<div class=\"elementor-container elementor-column-gap-default\">\n\t\t\t\t\t<div class=\"elementor-column elementor-col-100 elementor-top-column elementor-element elementor-element-f23f908\" data-id=\"f23f908\" data-element_type=\"column\" data-e-type=\"column\">\n\t\t\t<div class=\"elementor-widget-wrap elementor-element-populated\">\n\t\t\t\t\t\t<div class=\"elementor-element elementor-element-1b4816a elementor-widget elementor-widget-text-editor\" data-id=\"1b4816a\" data-element_type=\"widget\" data-e-type=\"widget\" data-widget_type=\"text-editor.default\">\n\t\t\t\t<div class=\"elementor-widget-container\">\n\t\t\t\t\t\t\t\t\t<h4><span style=\"color: #b40404;\"><b><u>ELS ECOS<\/u><\/b><\/span><\/h4>\n<h5>Coll de Port \u00e9s un coll estrat\u00e8gic on trobarem el PR C-78, que hem abandonat al pas de la Portella, i que ve del vessant sud i el cam\u00ed que, cap al nord, ens portaria al GR de Can Ma\u00e7ana al monestir de Montserrat. \u00c9s doncs un lloc estrat\u00e8gic on, si volguessin podr\u00edem retornar a Can Ma\u00e7ana f\u00e0cilment fent una bonica volta circular. Per\u00f2 el nostre recorregut continua fermament cap a llevant.<\/br>\n<\/br>\nDe coll de Port seguirem el PR passant per sota l\u2019agulla Vista, el Cor de Be, l\u2019agulla del Miracle fins al coll del Miracle. El coll del Miracle \u00e9s un collet min\u00fascul per b\u00e9 que molt acollidor i que gaudeix de molt bona vista de la coma dels Cirers i el nostre seg\u00fcent objectiu, la travessa del pas de l\u2019Esfinx fins als Ecos.<\/br>\n<\/br>\nPrendrem el corriol del pas de l\u2019Esfinx pocs metres despr\u00e9s del coll del Miracle. Aquest corriol no ofereix treva i remunta amb molta verticalitat una gran quantitat de ressalts i flanquejos, sovint exposats, fins al pas de l\u2019Esfinx, un bon lloc per descansar abans d\u2019assolir el cim de l\u2019Esfinx dels Ecos.<\/br>\n<\/br>\nEns trobem a la zona m\u00e9s alpina de Montserrat, on els horitzons s\u00f3n m\u00e9s oberts i els colls m\u00e9s amples. El circ que inicia l\u2019Esfinx dels Ecos i tanca el serrat del Patufet forma una ferradura de cims magn\u00edfics i de f\u00e0cil acc\u00e9s gaireb\u00e9 tots. El cim m\u00e9s destacat de la banda oest \u00e9s precisament el que dona inici a aquest cim per l\u2019oest: l\u2019Esfinx dels Ecos.<\/br>\n<\/br>\nLa via d\u2019ascensi\u00f3 afronta directament la cresta nord de l\u2019agulla travessant un petit bosc i encarant un tram for\u00e7a vertical, per\u00f2 amb bones preses (caldr\u00e0 descartar el tram si trobem la roca mullada). Aquesta grimpada ens deixa al vessant est, on caldr\u00e0 flanquejar fins una petita canal que ens portar\u00e0 al cim. Caldr\u00e0 tenir molta cura a la baixada.<\/br>\n<\/br>\nRetornant al pas de l\u2019Esfinx passarem per sota l\u2019Enganxada i la miranda dels Aurons per iniciar tot seguit la travessa del circ del Salt de la Nina, passant per les bases de les arestes de les roques del Salt de la Nina, sempre acompanyats de magn\u00edfiques vistes del grup dels Ecos, veritables reis de la regi\u00f3.<\/br>\n<\/br>\nEl cam\u00ed davalla per pendents de roca, en alguns trams descomposta, fins a situar-nos al peu del grup de roques dels Ecos, que talment semblen un orgue, ben a prop de l\u2019aresta de l\u2019agulla Estas\u00e9n, d\u2019una puresa i simplicitat extraordin\u00e0ries.<\/h5>\t\t\t\t\t\t\t\t<\/div>\n\t\t\t\t<\/div>\n\t\t\t\t\t<\/div>\n\t\t<\/div>\n\t\t\t\t\t<\/div>\n\t\t<\/section>\n\t\t\t\t<section class=\"elementor-section elementor-top-section elementor-element elementor-element-356dabb elementor-section-full_width elementor-section-height-default elementor-section-height-default\" data-id=\"356dabb\" data-element_type=\"section\" data-e-type=\"section\">\n\t\t\t\t\t\t<div class=\"elementor-container elementor-column-gap-default\">\n\t\t\t\t\t<div class=\"elementor-column elementor-col-50 elementor-top-column elementor-element elementor-element-e4a28c1\" data-id=\"e4a28c1\" data-element_type=\"column\" data-e-type=\"column\">\n\t\t\t<div class=\"elementor-widget-wrap elementor-element-populated\">\n\t\t\t\t\t\t<div class=\"elementor-element elementor-element-7acd5ce elementor-widget elementor-widget-image\" data-id=\"7acd5ce\" data-element_type=\"widget\" data-e-type=\"widget\" data-widget_type=\"image.default\">\n\t\t\t\t<div class=\"elementor-widget-container\">\n\t\t\t\t\t\t\t\t\t\t\t\t\t\t\t<img loading=\"lazy\" decoding=\"async\" width=\"800\" height=\"528\" src=\"https:\/\/rutesentrerefugis.com\/wp-content\/uploads\/2025\/09\/Gran-Travessa-Montserrat-06.jpg\" class=\"attachment-large size-large wp-image-28393\" alt=\"\" srcset=\"https:\/\/rutesentrerefugis.com\/wp-content\/uploads\/2025\/09\/Gran-Travessa-Montserrat-06.jpg 1000w, https:\/\/rutesentrerefugis.com\/wp-content\/uploads\/2025\/09\/Gran-Travessa-Montserrat-06-300x198.jpg 300w, https:\/\/rutesentrerefugis.com\/wp-content\/uploads\/2025\/09\/Gran-Travessa-Montserrat-06-768x507.jpg 768w\" sizes=\"(max-width: 800px) 100vw, 800px\" \/>\t\t\t\t\t\t\t\t\t\t\t\t\t\t\t<\/div>\n\t\t\t\t<\/div>\n\t\t\t\t\t<\/div>\n\t\t<\/div>\n\t\t\t\t<div class=\"elementor-column elementor-col-50 elementor-top-column elementor-element elementor-element-5bb482d\" data-id=\"5bb482d\" data-element_type=\"column\" data-e-type=\"column\">\n\t\t\t<div class=\"elementor-widget-wrap elementor-element-populated\">\n\t\t\t\t\t\t<div class=\"elementor-element elementor-element-0fa1b41 elementor-widget elementor-widget-text-editor\" data-id=\"0fa1b41\" data-element_type=\"widget\" data-e-type=\"widget\" data-widget_type=\"text-editor.default\">\n\t\t\t\t<div class=\"elementor-widget-container\">\n\t\t\t\t\t\t\t\t\t<h5>La nostra travessa ens presenta en aquest punt dues variants extraordin\u00e0ries: la travessa dels Ecos per la Miranda o la travessa dels Ecos pel Montgr\u00f2s. Totes dues opcions ens porten a la vall del Migdia, ben a prop del portell del Migdia. Cal destacar que el cam\u00ed a la vall del Migdia torna a coincidir amb el PR C-78, que hav\u00edem abandonat a l\u2019inici de l\u2019itinerari del pas de l\u2019Esfinx.<\/br>\n<\/br>\nSi optem per la primera opci\u00f3, caldr\u00e0 remuntar la canal que separa les arestes dels Ecos i el serrat del Patufet, i situar-nos gaireb\u00e9 al cim del serrat del Patufet. Cap al nord, una canal vertical i rocallosa equipada amb una cadena remunta fins al coll nord de la miranda dels Ecos, que no ofereix cap dificultat per b\u00e9 que el cim \u00e9s allargassat i estret, d\u2019una panor\u00e0mica majestuosa. Fa molts anys s\u2019hi plant\u00e0 una creu grossa, avui dia queda tan sols algun s\u00edmbol sense personalitat. Per arribar a la vall del Portell del Migdia caldr\u00e0 desgrimpar el vessant est de la miranda dels Ecos, primer per un tram emboscat i rellisc\u00f3s, i despr\u00e9s per la canal dels Micos, amb t\u00e8cniques d\u2019oposici\u00f3 i desgrimpada dif\u00edcil, fins molt a prop del portell del Migdia, des d\u2019on, davallant la vall, trobarem el cam\u00ed PR C-78 que es dirigeix al Cam\u00ed dels Francesos.<\/h5>\t\t\t\t\t\t\t\t<\/div>\n\t\t\t\t<\/div>\n\t\t\t\t\t<\/div>\n\t\t<\/div>\n\t\t\t\t\t<\/div>\n\t\t<\/section>\n\t\t\t\t<section class=\"elementor-section elementor-top-section elementor-element elementor-element-44170ad elementor-section-full_width elementor-section-height-default elementor-section-height-default\" data-id=\"44170ad\" data-element_type=\"section\" data-e-type=\"section\">\n\t\t\t\t\t\t<div class=\"elementor-container elementor-column-gap-default\">\n\t\t\t\t\t<div class=\"elementor-column elementor-col-100 elementor-top-column elementor-element elementor-element-64186ee\" data-id=\"64186ee\" data-element_type=\"column\" data-e-type=\"column\">\n\t\t\t<div class=\"elementor-widget-wrap elementor-element-populated\">\n\t\t\t\t\t\t<div class=\"elementor-element elementor-element-0be6ed1 elementor-widget elementor-widget-text-editor\" data-id=\"0be6ed1\" data-element_type=\"widget\" data-e-type=\"widget\" data-widget_type=\"text-editor.default\">\n\t\t\t\t<div class=\"elementor-widget-container\">\n\t\t\t\t\t\t\t\t\t<h5>La primera escalada registrada als Ecos fou feta pel pioner Llu\u00eds Estas\u00e9n i els seus companys a la d\u00e8cada de 1920.<\/br>\n<\/br>\nSi optem per la segona opci\u00f3, caldr\u00e0 remuntar la canal que separa les arestes dels Ecos el serrat del Patufet, i situar-nos gaireb\u00e9 al cim del serrat del Patufet. En aquest punt albirarem al nord la canal amb la cadena de la miranda dels Ecos; cap al sud, un corriol que davalla cap al coll de la Salamandra i el cam\u00ed del Montgr\u00f2s. Caldr\u00e0 dirigir-nos cap al sud, i, un cop al cam\u00ed del Montgr\u00f2s, remuntar-lo per arribar al coll del Montgr\u00f2s i al cim del Montgr\u00f2s (1.133 m).<\/br>\n<\/br>\nEl Montgr\u00f2s \u00e9s un cim grandi\u00f3s situat al bell mig de la muntanya de Montserrat, des d\u2019on es gaudeix d\u2019una vista superba sobre pr\u00e0cticament tot el mass\u00eds. La primera ascensi\u00f3 per la via normal del coll nord es va fer l\u2019any 1880 a c\u00e0rrec del pioner de l\u2019excursionisme C\u00e8sar August Torras.<\/br>\n<\/br>\nDeixant el mastod\u00f2ntic i concorregut cim del Montgr\u00f2s ens dirigirem a la vall del Migdia desfent el tram de cam\u00ed que hem fet de pujada, desgrimpant la canal de la Salamandra i flanquejant dues feixes un xic exposades, fins a la vall del Migdia, on podem reposar a l\u2019ombra dels magn\u00edfics teixos. A la vall del Migdia, ben a prop del portell del Migdia hi arribarem tant si hem triat l\u2019opci\u00f3 de la miranda dels Ecos com la opci\u00f3 de l\u2019ascensi\u00f3 al Montgr\u00f2s. En aquest punt podem donar per acabada la part m\u00e9s t\u00e8cnica i dif\u00edcil de la travessa i entrarem a la regi\u00f3 de Sant Jeroni o Tabor.<\/h5>\t\t\t\t\t\t\t\t<\/div>\n\t\t\t\t<\/div>\n\t\t\t\t\t<\/div>\n\t\t<\/div>\n\t\t\t\t\t<\/div>\n\t\t<\/section>\n\t\t\t\t<section class=\"elementor-section elementor-top-section elementor-element elementor-element-6dde6cb elementor-section-full_width elementor-section-height-default elementor-section-height-default\" data-id=\"6dde6cb\" data-element_type=\"section\" data-e-type=\"section\">\n\t\t\t\t\t\t<div class=\"elementor-container elementor-column-gap-default\">\n\t\t\t\t\t<div class=\"elementor-column elementor-col-33 elementor-top-column elementor-element elementor-element-926c74a\" data-id=\"926c74a\" data-element_type=\"column\" data-e-type=\"column\">\n\t\t\t<div class=\"elementor-widget-wrap elementor-element-populated\">\n\t\t\t\t\t\t<div class=\"elementor-element elementor-element-b065051 elementor-widget elementor-widget-image\" data-id=\"b065051\" data-element_type=\"widget\" data-e-type=\"widget\" data-widget_type=\"image.default\">\n\t\t\t\t<div class=\"elementor-widget-container\">\n\t\t\t\t\t\t\t\t\t\t\t\t\t\t\t<img loading=\"lazy\" decoding=\"async\" width=\"800\" height=\"440\" src=\"https:\/\/rutesentrerefugis.com\/wp-content\/uploads\/2025\/09\/Gran-Travessa-Montserrat-08-1.jpg\" class=\"attachment-large size-large wp-image-28396\" alt=\"\" srcset=\"https:\/\/rutesentrerefugis.com\/wp-content\/uploads\/2025\/09\/Gran-Travessa-Montserrat-08-1.jpg 1000w, https:\/\/rutesentrerefugis.com\/wp-content\/uploads\/2025\/09\/Gran-Travessa-Montserrat-08-1-300x165.jpg 300w, https:\/\/rutesentrerefugis.com\/wp-content\/uploads\/2025\/09\/Gran-Travessa-Montserrat-08-1-768x422.jpg 768w\" sizes=\"(max-width: 800px) 100vw, 800px\" \/>\t\t\t\t\t\t\t\t\t\t\t\t\t\t\t<\/div>\n\t\t\t\t<\/div>\n\t\t\t\t\t<\/div>\n\t\t<\/div>\n\t\t\t\t<div class=\"elementor-column elementor-col-33 elementor-top-column elementor-element elementor-element-9e77e23\" data-id=\"9e77e23\" data-element_type=\"column\" data-e-type=\"column\">\n\t\t\t<div class=\"elementor-widget-wrap elementor-element-populated\">\n\t\t\t\t\t\t<div class=\"elementor-element elementor-element-d2f573b elementor-widget elementor-widget-image\" data-id=\"d2f573b\" data-element_type=\"widget\" data-e-type=\"widget\" data-widget_type=\"image.default\">\n\t\t\t\t<div class=\"elementor-widget-container\">\n\t\t\t\t\t\t\t\t\t\t\t\t\t\t\t<img loading=\"lazy\" decoding=\"async\" width=\"800\" height=\"440\" src=\"https:\/\/rutesentrerefugis.com\/wp-content\/uploads\/2025\/09\/Gran-Travessa-Montserrat-09.jpg\" class=\"attachment-large size-large wp-image-28397\" alt=\"\" srcset=\"https:\/\/rutesentrerefugis.com\/wp-content\/uploads\/2025\/09\/Gran-Travessa-Montserrat-09.jpg 1000w, https:\/\/rutesentrerefugis.com\/wp-content\/uploads\/2025\/09\/Gran-Travessa-Montserrat-09-300x165.jpg 300w, https:\/\/rutesentrerefugis.com\/wp-content\/uploads\/2025\/09\/Gran-Travessa-Montserrat-09-768x422.jpg 768w\" sizes=\"(max-width: 800px) 100vw, 800px\" \/>\t\t\t\t\t\t\t\t\t\t\t\t\t\t\t<\/div>\n\t\t\t\t<\/div>\n\t\t\t\t\t<\/div>\n\t\t<\/div>\n\t\t\t\t<div class=\"elementor-column elementor-col-33 elementor-top-column elementor-element elementor-element-6689b68\" data-id=\"6689b68\" data-element_type=\"column\" data-e-type=\"column\">\n\t\t\t<div class=\"elementor-widget-wrap elementor-element-populated\">\n\t\t\t\t\t\t<div class=\"elementor-element elementor-element-e28bc23 elementor-widget elementor-widget-image\" data-id=\"e28bc23\" data-element_type=\"widget\" data-e-type=\"widget\" data-widget_type=\"image.default\">\n\t\t\t\t<div class=\"elementor-widget-container\">\n\t\t\t\t\t\t\t\t\t\t\t\t\t\t\t<img loading=\"lazy\" decoding=\"async\" width=\"800\" height=\"440\" src=\"https:\/\/rutesentrerefugis.com\/wp-content\/uploads\/2025\/09\/Gran-Travessa-Montserrat-10.jpg\" class=\"attachment-large size-large wp-image-28398\" alt=\"\" srcset=\"https:\/\/rutesentrerefugis.com\/wp-content\/uploads\/2025\/09\/Gran-Travessa-Montserrat-10.jpg 1000w, https:\/\/rutesentrerefugis.com\/wp-content\/uploads\/2025\/09\/Gran-Travessa-Montserrat-10-300x165.jpg 300w, https:\/\/rutesentrerefugis.com\/wp-content\/uploads\/2025\/09\/Gran-Travessa-Montserrat-10-768x422.jpg 768w\" sizes=\"(max-width: 800px) 100vw, 800px\" \/>\t\t\t\t\t\t\t\t\t\t\t\t\t\t\t<\/div>\n\t\t\t\t<\/div>\n\t\t\t\t\t<\/div>\n\t\t<\/div>\n\t\t\t\t\t<\/div>\n\t\t<\/section>\n\t\t\t\t<section class=\"elementor-section elementor-top-section elementor-element elementor-element-f26006b elementor-section-full_width elementor-section-height-default elementor-section-height-default\" data-id=\"f26006b\" data-element_type=\"section\" data-e-type=\"section\">\n\t\t\t\t\t\t<div class=\"elementor-container elementor-column-gap-default\">\n\t\t\t\t\t<div class=\"elementor-column elementor-col-100 elementor-top-column elementor-element elementor-element-1db55eb\" data-id=\"1db55eb\" data-element_type=\"column\" data-e-type=\"column\">\n\t\t\t<div class=\"elementor-widget-wrap elementor-element-populated\">\n\t\t\t\t\t\t<div class=\"elementor-element elementor-element-5ba0fd6 elementor-widget elementor-widget-image\" data-id=\"5ba0fd6\" data-element_type=\"widget\" data-e-type=\"widget\" data-widget_type=\"image.default\">\n\t\t\t\t<div class=\"elementor-widget-container\">\n\t\t\t\t\t\t\t\t\t\t\t\t\t\t\t<img loading=\"lazy\" decoding=\"async\" width=\"2000\" height=\"675\" src=\"https:\/\/rutesentrerefugis.com\/wp-content\/uploads\/2025\/09\/Gran-Travessa-Montserrat-07.jpg\" class=\"attachment-full size-full wp-image-28395\" alt=\"\" srcset=\"https:\/\/rutesentrerefugis.com\/wp-content\/uploads\/2025\/09\/Gran-Travessa-Montserrat-07.jpg 2000w, https:\/\/rutesentrerefugis.com\/wp-content\/uploads\/2025\/09\/Gran-Travessa-Montserrat-07-300x101.jpg 300w, https:\/\/rutesentrerefugis.com\/wp-content\/uploads\/2025\/09\/Gran-Travessa-Montserrat-07-1024x346.jpg 1024w, https:\/\/rutesentrerefugis.com\/wp-content\/uploads\/2025\/09\/Gran-Travessa-Montserrat-07-768x259.jpg 768w, https:\/\/rutesentrerefugis.com\/wp-content\/uploads\/2025\/09\/Gran-Travessa-Montserrat-07-1536x518.jpg 1536w\" sizes=\"(max-width: 2000px) 100vw, 2000px\" \/>\t\t\t\t\t\t\t\t\t\t\t\t\t\t\t<\/div>\n\t\t\t\t<\/div>\n\t\t\t\t\t<\/div>\n\t\t<\/div>\n\t\t\t\t\t<\/div>\n\t\t<\/section>\n\t\t\t\t<section class=\"elementor-section elementor-top-section elementor-element elementor-element-e3cda49 elementor-section-full_width elementor-section-height-default elementor-section-height-default\" data-id=\"e3cda49\" data-element_type=\"section\" data-e-type=\"section\">\n\t\t\t\t\t\t<div class=\"elementor-container elementor-column-gap-default\">\n\t\t\t\t\t<div class=\"elementor-column elementor-col-100 elementor-top-column elementor-element elementor-element-13d4635\" data-id=\"13d4635\" data-element_type=\"column\" data-e-type=\"column\">\n\t\t\t<div class=\"elementor-widget-wrap elementor-element-populated\">\n\t\t\t\t\t\t<div class=\"elementor-element elementor-element-33980d8 elementor-widget elementor-widget-text-editor\" data-id=\"33980d8\" data-element_type=\"widget\" data-e-type=\"widget\" data-widget_type=\"text-editor.default\">\n\t\t\t\t<div class=\"elementor-widget-container\">\n\t\t\t\t\t\t\t\t\t<h4><span style=\"color: #b40404;\"><b><u>SANT JERONI<\/u><\/b><\/span><\/h4>\n<h5>Seguirem l\u2019excursi\u00f3 pel PR C-78 que es dirigeix cap al sud en pujada moderada fins a la carena del Camell de Sant Jeroni, simp\u00e0tic grup de roques for\u00e7a altiu que vorejarem per trobar el cam\u00ed dels Francesos o del Bassal dels Gats que, en direcci\u00f3 nord, ens porta al coll de les Pinasses.<\/br>\n<\/br>\n\u00c9s el moment de pujar un nou cim, l\u2019Albarda Castellana (1.178 m), sostre comarcal del Baix Llobregat. Des del coll de les Pinasses prendrem un corriol en direcci\u00f3 sud-est. Un cop superat un primer llom trobarem un pas en travessia lleugerament exposat, i uns metres m\u00e9s enll\u00e0, un mur vertical d\u2019uns quatre metres que podrem superar amb una corda fixa instal\u00b7lada. Un cop haguem passat el pas clau, el cam\u00ed esdev\u00e9 f\u00e0cil, per\u00f2 una mica descompost, fins a l\u2019ample cim de l\u2019Albarda Castellana, on trobarem un pessebre met\u00e0l\u00b7lic i una placa que ens indica que som al cim m\u00e9s alt del Baix Llobregat.<\/br>\n<\/br>\nRetornarem al coll de les Pinasses i pujarem al cim m\u00e9s alt de Montserrat. Des del coll de les Pinasses un corriol ben marcat ens menar\u00e0 en direcci\u00f3 nord-oest al cam\u00ed de pedra, amb escales que desentonen, que ens ajuden a remuntar cap al cim sortejant diferents bonys de roca i l\u2019empla\u00e7ament de l\u2019antic restaurant, fins al punt culminant, Sant Jeroni (1.236 m).<\/br>\n<\/br>\nAquesta \u00e9s l\u2019ascensi\u00f3 cl\u00e0ssica a Montserrat, \u00e9s el cim m\u00e9s alt de tot el mass\u00eds, all\u00e0 on Pere III va albirar tot Catalunya segons Jacint Verdaguer. El cim est\u00e0 format per dues roques. Al capdamunt de la roca principal hi ha el mirador m\u00e9s freq\u00fcentat del mass\u00eds, amb una taula d\u2019orientaci\u00f3, envoltat de baranes. Uns metres a l\u2019oest hi trobem el segon cim, que t\u00e9 un v\u00e8rtex i s\u2019hi pot pujar molt f\u00e0cilment.<\/br>\n<\/br>\nAbandonarem el cim de Sant Jeroni pel cam\u00ed empedrat fins a la capella de Sant Jeroni, empla\u00e7ada al bell mig del coll del Pou de Gla\u00e7, i comencem a baixar per la ruta habitual del monestir a Sant Jeroni. El cam\u00ed segueix el curs del torrent de Santa Maria en el seu inici. A prop d\u2019una petita gorja trobem una bifurcaci\u00f3 amb un pal indicador vers el Pla dels Ocells i el monestir. Es tracta del cam\u00ed vell del monestir a Sant Jeroni.<\/br>\n<\/br>\nEl cam\u00ed baixa i gaireb\u00e9 immediatament trobem a m\u00e0 esquerra el corriol que ens porta a l\u2019ermita de Sant Antoni i al Cavall Bernat, ja a la regi\u00f3 de Sant Antoni o Tebes-Tebaida, passant pel peu del Cap de Mort. Pujar a visitar l\u2019ermita de Sant Antoni \u00e9s opcional dins la travessa que estem fent, per\u00f2 val la pena atansar-s\u2019hi per gaudir de la fabulosa vista i aprofitar per pujar al cim de la roca 349.<\/br>\n<\/br>\nLa roca 349 \u00e9s el cim de sobre l\u2019ermita. Hi podem pujar tot caminant per una canal, a tocar de la roca de les Onze. \u00c9s un magn\u00edfic mirador i el cim del Pl\u00e0tan de Diables. Podem arrodonir la nostra visita a l\u2019ermita de Sant Antoni pujant al cim del Merlet de l\u2019ermita de Sant Antoni, per\u00f2 \u00e9s molt exposat malgrat que \u00e9s un tram curt i la roca \u00e9s mediocre.<\/br>\n<\/br>\nUn cop visitada l\u2019ermita de Sant Antoni, i havent pujat el seu cim, davallarem novament al cam\u00ed de la serra de les Lluernes, cap al Cavall Bernat i les roques de la serra de les Lluernes, f\u00e0cilment identificables a la banda nord del cam\u00ed; pujar el serrat no ens suposar\u00e0 cap dificultat. Simplement es tracta d\u2019anar-nos desviant del cam\u00ed i crestejar els diferents cimets, suaus per la banda sud i verticals per la nord. Tot gaudint de la facilitat i la vista dels cims de la serra de les Lluernes avan\u00e7arem r\u00e0pidament fins al coll de la Canal Plana.<\/br>\n<\/br>\nAl coll de la Canal Plana el cam\u00ed principal remunta cap al coll de Sant Salvador i davalla cap a l\u2019ermita de Sant Benet, on trobarem el GR 4 &#8211; GR 172, que baixa vertiginosament cap al monestir. La davallada des del coll de Sant Salvador ens ofereix unes vistes excepcionals dels grans cims de la regi\u00f3 de Sant Benet: la Prenyada, la roca de Sant Salvador, m\u00e9s coneguda com l\u2019Elefant, la M\u00f2mia, la Momieta i el grup dels Gorros, un xic allunyat cap al sud. El cam\u00ed compta amb prop d\u2019un miler de graons de ciment que faciliten el descens tot i que no s\u2019adiuen amb l\u2019entorn. Poc abans d\u2019arribar al monestir trobem el pas dels Francesos, un grau angost entre la roca del Pas dels Francesos i els contraforts de l\u2019Elefantet, \u00faltim cim que grimparem abans de arribar al monestir de Montserrat.<\/br>\n<\/br>\nLa roca del Pas dels Francesos \u00e9s desplomada per la banda del cam\u00ed i la cara est, per\u00f2 per la banda sud ens permet de pujar al seu cim f\u00e0cilment, per\u00f2 amb certa exposici\u00f3 que caldr\u00e0 valorar. Per pujar, doncs, ens situarem a la part superior del Pas dels Francesos i voltarem la roca per la seva banda sud pel pas m\u00e9s evident fins al cim. Un cop haguem pujat la roca del Pas dels Francesos nom\u00e9s caldr\u00e0 seguir novament el GR de graons, que en alguns trams s\u2019engorja seguint el torrent de Santa Maria, fins a la pla\u00e7a del monestir de Montserrat. Podem visitar la bas\u00edlica, anar a qualsevol dels miradors o visitar les paradetes de les pageses, mercat de tradici\u00f3 centen\u00e0ria on podrem adquirir el t\u00edpic mat\u00f3 de Montserrat.<\/h5>\t\t\t\t\t\t\t\t<\/div>\n\t\t\t\t<\/div>\n\t\t\t\t\t<\/div>\n\t\t<\/div>\n\t\t\t\t\t<\/div>\n\t\t<\/section>\n\t\t\t\t<section class=\"elementor-section elementor-top-section elementor-element elementor-element-56d96a6 elementor-section-full_width elementor-section-height-default elementor-section-height-default\" data-id=\"56d96a6\" data-element_type=\"section\" data-e-type=\"section\">\n\t\t\t\t\t\t<div class=\"elementor-container elementor-column-gap-default\">\n\t\t\t\t\t<div class=\"elementor-column elementor-col-100 elementor-top-column elementor-element elementor-element-2907161\" data-id=\"2907161\" data-element_type=\"column\" data-e-type=\"column\">\n\t\t\t<div class=\"elementor-widget-wrap elementor-element-populated\">\n\t\t\t\t\t\t<div class=\"elementor-element elementor-element-dc1b6f9 elementor-widget elementor-widget-image\" data-id=\"dc1b6f9\" data-element_type=\"widget\" data-e-type=\"widget\" data-widget_type=\"image.default\">\n\t\t\t\t<div class=\"elementor-widget-container\">\n\t\t\t\t\t\t\t\t\t\t\t\t\t\t\t<img loading=\"lazy\" decoding=\"async\" width=\"2000\" height=\"1000\" src=\"https:\/\/rutesentrerefugis.com\/wp-content\/uploads\/2025\/09\/Gran-Travessa-Montserrat-13.jpg\" class=\"attachment-full size-full wp-image-28420\" alt=\"\" srcset=\"https:\/\/rutesentrerefugis.com\/wp-content\/uploads\/2025\/09\/Gran-Travessa-Montserrat-13.jpg 2000w, https:\/\/rutesentrerefugis.com\/wp-content\/uploads\/2025\/09\/Gran-Travessa-Montserrat-13-300x150.jpg 300w, https:\/\/rutesentrerefugis.com\/wp-content\/uploads\/2025\/09\/Gran-Travessa-Montserrat-13-1024x512.jpg 1024w, https:\/\/rutesentrerefugis.com\/wp-content\/uploads\/2025\/09\/Gran-Travessa-Montserrat-13-768x384.jpg 768w, https:\/\/rutesentrerefugis.com\/wp-content\/uploads\/2025\/09\/Gran-Travessa-Montserrat-13-1536x768.jpg 1536w\" sizes=\"(max-width: 2000px) 100vw, 2000px\" \/>\t\t\t\t\t\t\t\t\t\t\t\t\t\t\t<\/div>\n\t\t\t\t<\/div>\n\t\t\t\t\t<\/div>\n\t\t<\/div>\n\t\t\t\t\t<\/div>\n\t\t<\/section>\n\t\t\t\t<section class=\"elementor-section elementor-top-section elementor-element elementor-element-5e826a6 elementor-section-full_width elementor-section-height-default elementor-section-height-default\" data-id=\"5e826a6\" data-element_type=\"section\" data-e-type=\"section\">\n\t\t\t\t\t\t\t<div class=\"elementor-background-overlay\"><\/div>\n\t\t\t\t\t\t\t<div class=\"elementor-container elementor-column-gap-default\">\n\t\t\t\t\t<div class=\"elementor-column elementor-col-100 elementor-top-column elementor-element elementor-element-a5363fa\" data-id=\"a5363fa\" data-element_type=\"column\" data-e-type=\"column\">\n\t\t\t<div class=\"elementor-widget-wrap elementor-element-populated\">\n\t\t\t\t\t\t<div class=\"elementor-element elementor-element-bb41d27 elementor-widget elementor-widget-text-editor\" data-id=\"bb41d27\" data-element_type=\"widget\" data-e-type=\"widget\" data-widget_type=\"text-editor.default\">\n\t\t\t\t<div class=\"elementor-widget-container\">\n\t\t\t\t\t\t\t\t\t<h4><span style=\"color: #b40404;\"><b><u>FITXA T\u00c8CNICA<\/u><\/b><\/span><\/h4><h5><span style=\"color: #000000;\"><b>Punt d&#8217;inici:<\/b><\/span> Coll de Can Massana<\/h5><h5><span style=\"color: #000000;\"><b>Itinerari:<\/b><\/span> Can Massana &#8211; Coll de Guirl\u00f3 &#8211; Roca Gran de la Portella &#8211; Les Bessones &#8211; Coll de Port &#8211; Montgr\u00f2s &#8211; Sant Jeroni &#8211; Monestir de Montserrat<\/h5><h5><span style=\"color: #000000;\"><b>Temps de cam\u00ed:<\/b><\/span> 8 h.<\/h5><h5><span style=\"color: #000000;\"><b>Desnivell:<\/b><\/span> +1.100 m<\/h5><h5><span style=\"color: #000000;\"><b>Dificultat:<\/b><\/span> Alta<\/h5><h5><span style=\"color: #000000;\"><b>Material:<\/b><\/span> Cal\u00e7at adherent, casc, talabard, corda auxiliar de 30 m, material per assegurar, aigua, queviures, roba adient, mapa.<\/h5>\t\t\t\t\t\t\t\t<\/div>\n\t\t\t\t<\/div>\n\t\t\t\t\t<\/div>\n\t\t<\/div>\n\t\t\t\t\t<\/div>\n\t\t<\/section>\n\t\t\t\t<section class=\"elementor-section elementor-top-section elementor-element elementor-element-43fdae4 elementor-section-full_width elementor-section-height-default elementor-section-height-default\" data-id=\"43fdae4\" data-element_type=\"section\" data-e-type=\"section\">\n\t\t\t\t\t\t<div class=\"elementor-container elementor-column-gap-default\">\n\t\t\t\t\t<div class=\"elementor-column elementor-col-100 elementor-top-column elementor-element elementor-element-4d8f465\" data-id=\"4d8f465\" data-element_type=\"column\" data-e-type=\"column\">\n\t\t\t<div class=\"elementor-widget-wrap elementor-element-populated\">\n\t\t\t\t\t\t<div class=\"elementor-element elementor-element-d1f5194 elementor-widget elementor-widget-spacer\" data-id=\"d1f5194\" data-element_type=\"widget\" data-e-type=\"widget\" data-widget_type=\"spacer.default\">\n\t\t\t\t<div class=\"elementor-widget-container\">\n\t\t\t\t\t\t\t<div class=\"elementor-spacer\">\n\t\t\t<div class=\"elementor-spacer-inner\"><\/div>\n\t\t<\/div>\n\t\t\t\t\t\t<\/div>\n\t\t\t\t<\/div>\n\t\t\t\t\t<\/div>\n\t\t<\/div>\n\t\t\t\t\t<\/div>\n\t\t<\/section>\n\t\t\t\t<section class=\"elementor-section elementor-top-section elementor-element elementor-element-7326131 elementor-section-full_width elementor-section-height-default elementor-section-height-default\" data-id=\"7326131\" data-element_type=\"section\" data-e-type=\"section\" data-settings=\"{&quot;background_background&quot;:&quot;classic&quot;}\">\n\t\t\t\t\t\t<div class=\"elementor-container elementor-column-gap-default\">\n\t\t\t\t\t<div class=\"elementor-column elementor-col-100 elementor-top-column elementor-element elementor-element-93725fa\" data-id=\"93725fa\" data-element_type=\"column\" data-e-type=\"column\">\n\t\t\t<div class=\"elementor-widget-wrap elementor-element-populated\">\n\t\t\t\t\t\t<div class=\"elementor-element elementor-element-3aa8fee elementor-widget elementor-widget-image\" data-id=\"3aa8fee\" data-element_type=\"widget\" data-e-type=\"widget\" data-widget_type=\"image.default\">\n\t\t\t\t<div class=\"elementor-widget-container\">\n\t\t\t\t\t\t\t\t\t\t\t\t\t\t\t<img loading=\"lazy\" decoding=\"async\" width=\"100\" height=\"100\" src=\"https:\/\/rutesentrerefugis.com\/wp-content\/uploads\/2025\/09\/Damia-Perez.jpg\" class=\"attachment-full size-full wp-image-28446\" alt=\"\" \/>\t\t\t\t\t\t\t\t\t\t\t\t\t\t\t<\/div>\n\t\t\t\t<\/div>\n\t\t\t\t\t<\/div>\n\t\t<\/div>\n\t\t\t\t\t<\/div>\n\t\t<\/section>\n\t\t\t\t<section class=\"elementor-section elementor-top-section elementor-element elementor-element-b48e0e9 elementor-section-full_width elementor-section-height-default elementor-section-height-default\" data-id=\"b48e0e9\" data-element_type=\"section\" data-e-type=\"section\" data-settings=\"{&quot;background_background&quot;:&quot;classic&quot;}\">\n\t\t\t\t\t\t<div class=\"elementor-container elementor-column-gap-default\">\n\t\t\t\t\t<div class=\"elementor-column elementor-col-100 elementor-top-column elementor-element elementor-element-d6ee9cf\" data-id=\"d6ee9cf\" data-element_type=\"column\" data-e-type=\"column\">\n\t\t\t<div class=\"elementor-widget-wrap elementor-element-populated\">\n\t\t\t\t\t\t<div class=\"elementor-element elementor-element-f13bb45 elementor-widget elementor-widget-text-editor\" data-id=\"f13bb45\" data-element_type=\"widget\" data-e-type=\"widget\" data-widget_type=\"text-editor.default\">\n\t\t\t\t<div class=\"elementor-widget-container\">\n\t\t\t\t\t\t\t\t\t<h4>DAMI\u00c0 PER\u00c9Z LADAGA<\/h4>\n<h5>(Barcelona, 1976) \u00e9s t\u00e9cnic en prevenci\u00f3 de riscos laborals i un apassionat muntanyenc. S&#8217;inicia en l&#8217;excursionisme de ben petit trescant per les muntanyes dels Brucs i Montserrat i despr\u00e9s per la resta de muntanyes catalanes. De ben jove es fa soci del Centre Excursionista de Catalunya i comen\u00e7a a fer excursions a l&#8217;alta muntanya, passi\u00f3 que no abandonar\u00e0 fins a dia d&#8217;avui, i que compagina amb el descens d&#8217;engorjats aconseguint ascensions i descensos arreu del m\u00f3n, per\u00f2 sense oblidar mai les seves muntanyes m\u00e9s estimades, Montserrat i els Pirineus. Es autor del llibre \u00ab<em>Montserrat, cims sense corda<\/em>\u00bb premi Artur Osona a la millor guia de muntanya en llengua catalana de l&#8217;any 2021 i col.laborador de la revista Muntanya.<\/h5>\t\t\t\t\t\t\t\t<\/div>\n\t\t\t\t<\/div>\n\t\t\t\t\t<\/div>\n\t\t<\/div>\n\t\t\t\t\t<\/div>\n\t\t<\/section>\n\t\t\t\t<section class=\"elementor-section elementor-top-section elementor-element elementor-element-6862852 elementor-section-full_width elementor-section-height-default elementor-section-height-default\" data-id=\"6862852\" data-element_type=\"section\" data-e-type=\"section\">\n\t\t\t\t\t\t<div class=\"elementor-container elementor-column-gap-default\">\n\t\t\t\t\t<div class=\"elementor-column elementor-col-100 elementor-top-column elementor-element elementor-element-535203f\" data-id=\"535203f\" data-element_type=\"column\" data-e-type=\"column\">\n\t\t\t<div class=\"elementor-widget-wrap elementor-element-populated\">\n\t\t\t\t\t\t<div class=\"elementor-element elementor-element-f58bc22 elementor-widget elementor-widget-spacer\" data-id=\"f58bc22\" data-element_type=\"widget\" data-e-type=\"widget\" data-widget_type=\"spacer.default\">\n\t\t\t\t<div class=\"elementor-widget-container\">\n\t\t\t\t\t\t\t<div class=\"elementor-spacer\">\n\t\t\t<div class=\"elementor-spacer-inner\"><\/div>\n\t\t<\/div>\n\t\t\t\t\t\t<\/div>\n\t\t\t\t<\/div>\n\t\t\t\t\t<\/div>\n\t\t<\/div>\n\t\t\t\t\t<\/div>\n\t\t<\/section>\n\t\t\t\t<section class=\"elementor-section elementor-top-section elementor-element elementor-element-8cdf51e elementor-section-full_width elementor-section-height-default elementor-section-height-default\" data-id=\"8cdf51e\" data-element_type=\"section\" data-e-type=\"section\">\n\t\t\t\t\t\t<div class=\"elementor-container elementor-column-gap-default\">\n\t\t\t\t\t<div class=\"elementor-column elementor-col-100 elementor-top-column elementor-element elementor-element-d0066f3\" data-id=\"d0066f3\" data-element_type=\"column\" data-e-type=\"column\">\n\t\t\t<div class=\"elementor-widget-wrap elementor-element-populated\">\n\t\t\t\t\t\t<div class=\"elementor-element elementor-element-fbbd880 elementor-widget elementor-widget-heading\" data-id=\"fbbd880\" data-element_type=\"widget\" data-e-type=\"widget\" data-widget_type=\"heading.default\">\n\t\t\t\t<div class=\"elementor-widget-container\">\n\t\t\t\t\t<h5 class=\"elementor-heading-title elementor-size-default\"><font color=\"#999999\"><u>Per si vols compartir aquesta cr\u00f2nica<\/u><\/font><\/h5>\t\t\t\t<\/div>\n\t\t\t\t<\/div>\n\t\t\t\t\t<\/div>\n\t\t<\/div>\n\t\t\t\t\t<\/div>\n\t\t<\/section>\n\t\t\t\t<section class=\"elementor-section elementor-top-section elementor-element elementor-element-57fc934 elementor-section-full_width elementor-section-height-default elementor-section-height-default\" data-id=\"57fc934\" data-element_type=\"section\" data-e-type=\"section\">\n\t\t\t\t\t\t<div class=\"elementor-container elementor-column-gap-default\">\n\t\t\t\t\t<div class=\"elementor-column elementor-col-100 elementor-top-column elementor-element elementor-element-d8afc0e\" data-id=\"d8afc0e\" data-element_type=\"column\" data-e-type=\"column\">\n\t\t\t<div class=\"elementor-widget-wrap elementor-element-populated\">\n\t\t\t\t\t\t<div class=\"elementor-element elementor-element-fb1f042 elementor-share-buttons--view-icon elementor-share-buttons--skin-framed elementor-share-buttons--shape-circle elementor-share-buttons--color-custom elementor-grid-0 elementor-widget elementor-widget-share-buttons\" data-id=\"fb1f042\" data-element_type=\"widget\" data-e-type=\"widget\" data-widget_type=\"share-buttons.default\">\n\t\t\t\t<div class=\"elementor-widget-container\">\n\t\t\t\t\t\t\t<div class=\"elementor-grid\" role=\"list\">\n\t\t\t\t\t\t\t\t<div class=\"elementor-grid-item\" role=\"listitem\">\n\t\t\t\t\t\t<div class=\"elementor-share-btn elementor-share-btn_facebook\" role=\"button\" tabindex=\"0\" aria-label=\"Compartici\u00f3 en facebook\">\n\t\t\t\t\t\t\t\t\t\t\t\t\t\t\t<span class=\"elementor-share-btn__icon\">\n\t\t\t\t\t\t\t\t<i class=\"fab fa-facebook\" aria-hidden=\"true\"><\/i>\t\t\t\t\t\t\t<\/span>\n\t\t\t\t\t\t\t\t\t\t\t\t\t\t\t\t\t\t\t\t<\/div>\n\t\t\t\t\t<\/div>\n\t\t\t\t\t\t\t\t\t<div class=\"elementor-grid-item\" role=\"listitem\">\n\t\t\t\t\t\t<div class=\"elementor-share-btn elementor-share-btn_twitter\" role=\"button\" tabindex=\"0\" aria-label=\"Compartici\u00f3 en twitter\">\n\t\t\t\t\t\t\t\t\t\t\t\t\t\t\t<span class=\"elementor-share-btn__icon\">\n\t\t\t\t\t\t\t\t<i class=\"fab fa-twitter\" aria-hidden=\"true\"><\/i>\t\t\t\t\t\t\t<\/span>\n\t\t\t\t\t\t\t\t\t\t\t\t\t\t\t\t\t\t\t\t<\/div>\n\t\t\t\t\t<\/div>\n\t\t\t\t\t\t\t\t\t<div class=\"elementor-grid-item\" role=\"listitem\">\n\t\t\t\t\t\t<div class=\"elementor-share-btn elementor-share-btn_telegram\" role=\"button\" tabindex=\"0\" aria-label=\"Compartici\u00f3 en telegram\">\n\t\t\t\t\t\t\t\t\t\t\t\t\t\t\t<span class=\"elementor-share-btn__icon\">\n\t\t\t\t\t\t\t\t<i class=\"fab fa-telegram\" aria-hidden=\"true\"><\/i>\t\t\t\t\t\t\t<\/span>\n\t\t\t\t\t\t\t\t\t\t\t\t\t\t\t\t\t\t\t\t<\/div>\n\t\t\t\t\t<\/div>\n\t\t\t\t\t\t\t\t\t<div class=\"elementor-grid-item\" role=\"listitem\">\n\t\t\t\t\t\t<div class=\"elementor-share-btn elementor-share-btn_pinterest\" role=\"button\" tabindex=\"0\" aria-label=\"Compartici\u00f3 en pinterest\">\n\t\t\t\t\t\t\t\t\t\t\t\t\t\t\t<span class=\"elementor-share-btn__icon\">\n\t\t\t\t\t\t\t\t<i class=\"fab fa-pinterest\" aria-hidden=\"true\"><\/i>\t\t\t\t\t\t\t<\/span>\n\t\t\t\t\t\t\t\t\t\t\t\t\t\t\t\t\t\t\t\t<\/div>\n\t\t\t\t\t<\/div>\n\t\t\t\t\t\t\t\t\t<div class=\"elementor-grid-item\" role=\"listitem\">\n\t\t\t\t\t\t<div class=\"elementor-share-btn elementor-share-btn_whatsapp\" role=\"button\" tabindex=\"0\" aria-label=\"Compartici\u00f3 en whatsapp\">\n\t\t\t\t\t\t\t\t\t\t\t\t\t\t\t<span class=\"elementor-share-btn__icon\">\n\t\t\t\t\t\t\t\t<i class=\"fab fa-whatsapp\" aria-hidden=\"true\"><\/i>\t\t\t\t\t\t\t<\/span>\n\t\t\t\t\t\t\t\t\t\t\t\t\t\t\t\t\t\t\t\t<\/div>\n\t\t\t\t\t<\/div>\n\t\t\t\t\t\t\t\t\t<div class=\"elementor-grid-item\" role=\"listitem\">\n\t\t\t\t\t\t<div class=\"elementor-share-btn elementor-share-btn_email\" role=\"button\" tabindex=\"0\" aria-label=\"Compartici\u00f3 en email\">\n\t\t\t\t\t\t\t\t\t\t\t\t\t\t\t<span class=\"elementor-share-btn__icon\">\n\t\t\t\t\t\t\t\t<i class=\"fas fa-envelope\" aria-hidden=\"true\"><\/i>\t\t\t\t\t\t\t<\/span>\n\t\t\t\t\t\t\t\t\t\t\t\t\t\t\t\t\t\t\t\t<\/div>\n\t\t\t\t\t<\/div>\n\t\t\t\t\t\t\t\t\t<div class=\"elementor-grid-item\" role=\"listitem\">\n\t\t\t\t\t\t<div class=\"elementor-share-btn elementor-share-btn_print\" role=\"button\" tabindex=\"0\" aria-label=\"Compartici\u00f3 en print\">\n\t\t\t\t\t\t\t\t\t\t\t\t\t\t\t<span class=\"elementor-share-btn__icon\">\n\t\t\t\t\t\t\t\t<i class=\"fas fa-print\" aria-hidden=\"true\"><\/i>\t\t\t\t\t\t\t<\/span>\n\t\t\t\t\t\t\t\t\t\t\t\t\t\t\t\t\t\t\t\t<\/div>\n\t\t\t\t\t<\/div>\n\t\t\t\t\t\t<\/div>\n\t\t\t\t\t\t<\/div>\n\t\t\t\t<\/div>\n\t\t\t\t\t<\/div>\n\t\t<\/div>\n\t\t\t\t\t<\/div>\n\t\t<\/section>\n\t\t\t\t<section class=\"elementor-section elementor-top-section elementor-element elementor-element-41314f0 elementor-section-full_width elementor-section-height-default elementor-section-height-default\" data-id=\"41314f0\" data-element_type=\"section\" data-e-type=\"section\">\n\t\t\t\t\t\t<div class=\"elementor-container elementor-column-gap-default\">\n\t\t\t\t\t<div class=\"elementor-column elementor-col-100 elementor-top-column elementor-element elementor-element-8c77b23\" data-id=\"8c77b23\" data-element_type=\"column\" data-e-type=\"column\">\n\t\t\t<div class=\"elementor-widget-wrap elementor-element-populated\">\n\t\t\t\t\t\t<div class=\"elementor-element elementor-element-d32d00e elementor-widget elementor-widget-spacer\" data-id=\"d32d00e\" data-element_type=\"widget\" data-e-type=\"widget\" data-widget_type=\"spacer.default\">\n\t\t\t\t<div class=\"elementor-widget-container\">\n\t\t\t\t\t\t\t<div class=\"elementor-spacer\">\n\t\t\t<div class=\"elementor-spacer-inner\"><\/div>\n\t\t<\/div>\n\t\t\t\t\t\t<\/div>\n\t\t\t\t<\/div>\n\t\t\t\t\t<\/div>\n\t\t<\/div>\n\t\t\t\t\t<\/div>\n\t\t<\/section>\n\t\t\t\t<\/div>\n\t\t","protected":false},"excerpt":{"rendered":"<p>LA GRAN TRAVESSA DE MONTSERRAT RECORRENT EL MASS\u00cdS PER AGULLES, GORROS I CIMS Cr\u00f2nica escrita per DAMI\u00c0 PER\u00c9Z i publicada a la REVISTA MUNTANYA (936-937) Excursi\u00f3 cl\u00e0ssica i molt espectacular, que permet travessar tot el mass\u00eds d\u2019oest a est, assolint els cims m\u00e9s emblem\u00e0tics de cada regi\u00f3, per acabar al monestir de Santa Maria. La [&hellip;]<\/p>\n","protected":false},"author":73,"featured_media":28362,"comment_status":"open","ping_status":"open","sticky":false,"template":"elementor_header_footer","format":"standard","meta":{"_monsterinsights_skip_tracking":false,"_monsterinsights_sitenote_active":false,"_monsterinsights_sitenote_note":"","_monsterinsights_sitenote_category":0,"footnotes":""},"categories":[5124,5120],"tags":[13060,13074,13072,13058,10124,5656,10380,13062,5924,13064,13070,13066,13068,5042],"class_list":["post-28361","post","type-post","status-publish","format-standard","has-post-thumbnail","hentry","category-blog","category-croniques-ca","tag-can-massana","tag-centre-excursionista-de-catalunya","tag-damia-perez","tag-la-gran-travessa-de-montserrat","tag-monestir-de-montserrat-ca","tag-montserrat-es-ca","tag-parc-natural-de-la-muntanya-de-montserrat-ca","tag-refugi-dagulles","tag-refugi-vicenc-barbe-es-ca","tag-regio-dagulles","tag-regio-de-sant-jeroni","tag-regio-dels-ecos","tag-regio-dels-frares-encantats","tag-revista-muntanya-ca"],"yoast_head":"<!-- This site is optimized with the Yoast SEO plugin v27.5 - https:\/\/yoast.com\/product\/yoast-seo-wordpress\/ -->\n<title>LA GRAN TRAVESSA DE MONTSERRAT - Rutes Entre Refugis<\/title>\n<meta name=\"robots\" content=\"index, follow, max-snippet:-1, max-image-preview:large, max-video-preview:-1\" \/>\n<link rel=\"canonical\" href=\"https:\/\/rutesentrerefugis.com\/index.php\/2025\/09\/05\/la-gran-travessa-de-montserrat\/\" \/>\n<meta property=\"og:locale\" content=\"es_ES\" \/>\n<meta property=\"og:type\" content=\"article\" \/>\n<meta property=\"og:title\" content=\"LA GRAN TRAVESSA DE MONTSERRAT - Rutes Entre Refugis\" \/>\n<meta property=\"og:description\" content=\"LA GRAN TRAVESSA DE MONTSERRAT RECORRENT EL MASS\u00cdS PER AGULLES, GORROS I CIMS Cr\u00f2nica escrita per DAMI\u00c0 PER\u00c9Z i publicada a la REVISTA MUNTANYA (936-937) Excursi\u00f3 cl\u00e0ssica i molt espectacular, que permet travessar tot el mass\u00eds d\u2019oest a est, assolint els cims m\u00e9s emblem\u00e0tics de cada regi\u00f3, per acabar al monestir de Santa Maria. La [&hellip;]\" \/>\n<meta property=\"og:url\" content=\"https:\/\/rutesentrerefugis.com\/index.php\/2025\/09\/05\/la-gran-travessa-de-montserrat\/\" \/>\n<meta property=\"og:site_name\" content=\"Rutes Entre Refugis\" \/>\n<meta property=\"article:published_time\" content=\"2025-09-05T09:02:52+00:00\" \/>\n<meta property=\"article:modified_time\" content=\"2025-09-09T16:53:14+00:00\" \/>\n<meta property=\"og:image\" content=\"https:\/\/rutesentrerefugis.com\/wp-content\/uploads\/2025\/09\/Gran-Travessa-Montserrat-Inici.jpg\" \/>\n\t<meta property=\"og:image:width\" content=\"1200\" \/>\n\t<meta property=\"og:image:height\" content=\"800\" \/>\n\t<meta property=\"og:image:type\" content=\"image\/jpeg\" \/>\n<meta name=\"author\" content=\"Damia Perez\" \/>\n<meta name=\"twitter:card\" content=\"summary_large_image\" \/>\n<meta name=\"twitter:label1\" content=\"Escrito por\" \/>\n\t<meta name=\"twitter:data1\" content=\"Damia Perez\" \/>\n\t<meta name=\"twitter:label2\" content=\"Tiempo de lectura\" \/>\n\t<meta name=\"twitter:data2\" content=\"20 minutos\" \/>\n<script type=\"application\/ld+json\" class=\"yoast-schema-graph\">{\"@context\":\"https:\\\/\\\/schema.org\",\"@graph\":[{\"@type\":\"Article\",\"@id\":\"https:\\\/\\\/rutesentrerefugis.com\\\/index.php\\\/2025\\\/09\\\/05\\\/la-gran-travessa-de-montserrat\\\/#article\",\"isPartOf\":{\"@id\":\"https:\\\/\\\/rutesentrerefugis.com\\\/index.php\\\/2025\\\/09\\\/05\\\/la-gran-travessa-de-montserrat\\\/\"},\"author\":{\"name\":\"Damia Perez\",\"@id\":\"https:\\\/\\\/rutesentrerefugis.com\\\/#\\\/schema\\\/person\\\/53b4430e327f39815b0403ea49b873ad\"},\"headline\":\"LA GRAN TRAVESSA DE MONTSERRAT\",\"datePublished\":\"2025-09-05T09:02:52+00:00\",\"dateModified\":\"2025-09-09T16:53:14+00:00\",\"mainEntityOfPage\":{\"@id\":\"https:\\\/\\\/rutesentrerefugis.com\\\/index.php\\\/2025\\\/09\\\/05\\\/la-gran-travessa-de-montserrat\\\/\"},\"wordCount\":3315,\"commentCount\":0,\"publisher\":{\"@id\":\"https:\\\/\\\/rutesentrerefugis.com\\\/#organization\"},\"image\":{\"@id\":\"https:\\\/\\\/rutesentrerefugis.com\\\/index.php\\\/2025\\\/09\\\/05\\\/la-gran-travessa-de-montserrat\\\/#primaryimage\"},\"thumbnailUrl\":\"https:\\\/\\\/rutesentrerefugis.com\\\/wp-content\\\/uploads\\\/2025\\\/09\\\/Gran-Travessa-Montserrat-Inici.jpg\",\"keywords\":[\"Can Massana\",\"Centre Excursionista de Catalunya\",\"Dami\u00e0 Per\u00e9z\",\"La Gran Travessa de Montserrat\",\"Monestir de Montserrat\",\"Montserrat\",\"Parc Natural de la Muntanya de Montserrat\",\"Refugi d'Agulles\",\"Refugi Vicen\u00e7 Barb\u00e9\",\"Regi\u00f3 d'Agulles\",\"Regi\u00f3 de Sant Jeroni\",\"Regi\u00f3 dels Ecos\",\"Regi\u00f3 dels Frares Encantats\",\"Revista Muntanya\"],\"articleSection\":[\"Blog\",\"Cr\u00f2niques\"],\"inLanguage\":\"es\",\"potentialAction\":[{\"@type\":\"CommentAction\",\"name\":\"Comment\",\"target\":[\"https:\\\/\\\/rutesentrerefugis.com\\\/index.php\\\/2025\\\/09\\\/05\\\/la-gran-travessa-de-montserrat\\\/#respond\"]}]},{\"@type\":\"WebPage\",\"@id\":\"https:\\\/\\\/rutesentrerefugis.com\\\/index.php\\\/2025\\\/09\\\/05\\\/la-gran-travessa-de-montserrat\\\/\",\"url\":\"https:\\\/\\\/rutesentrerefugis.com\\\/index.php\\\/2025\\\/09\\\/05\\\/la-gran-travessa-de-montserrat\\\/\",\"name\":\"LA GRAN TRAVESSA DE MONTSERRAT - Rutes Entre Refugis\",\"isPartOf\":{\"@id\":\"https:\\\/\\\/rutesentrerefugis.com\\\/#website\"},\"primaryImageOfPage\":{\"@id\":\"https:\\\/\\\/rutesentrerefugis.com\\\/index.php\\\/2025\\\/09\\\/05\\\/la-gran-travessa-de-montserrat\\\/#primaryimage\"},\"image\":{\"@id\":\"https:\\\/\\\/rutesentrerefugis.com\\\/index.php\\\/2025\\\/09\\\/05\\\/la-gran-travessa-de-montserrat\\\/#primaryimage\"},\"thumbnailUrl\":\"https:\\\/\\\/rutesentrerefugis.com\\\/wp-content\\\/uploads\\\/2025\\\/09\\\/Gran-Travessa-Montserrat-Inici.jpg\",\"datePublished\":\"2025-09-05T09:02:52+00:00\",\"dateModified\":\"2025-09-09T16:53:14+00:00\",\"breadcrumb\":{\"@id\":\"https:\\\/\\\/rutesentrerefugis.com\\\/index.php\\\/2025\\\/09\\\/05\\\/la-gran-travessa-de-montserrat\\\/#breadcrumb\"},\"inLanguage\":\"es\",\"potentialAction\":[{\"@type\":\"ReadAction\",\"target\":[\"https:\\\/\\\/rutesentrerefugis.com\\\/index.php\\\/2025\\\/09\\\/05\\\/la-gran-travessa-de-montserrat\\\/\"]}]},{\"@type\":\"ImageObject\",\"inLanguage\":\"es\",\"@id\":\"https:\\\/\\\/rutesentrerefugis.com\\\/index.php\\\/2025\\\/09\\\/05\\\/la-gran-travessa-de-montserrat\\\/#primaryimage\",\"url\":\"https:\\\/\\\/rutesentrerefugis.com\\\/wp-content\\\/uploads\\\/2025\\\/09\\\/Gran-Travessa-Montserrat-Inici.jpg\",\"contentUrl\":\"https:\\\/\\\/rutesentrerefugis.com\\\/wp-content\\\/uploads\\\/2025\\\/09\\\/Gran-Travessa-Montserrat-Inici.jpg\",\"width\":1200,\"height\":800},{\"@type\":\"BreadcrumbList\",\"@id\":\"https:\\\/\\\/rutesentrerefugis.com\\\/index.php\\\/2025\\\/09\\\/05\\\/la-gran-travessa-de-montserrat\\\/#breadcrumb\",\"itemListElement\":[{\"@type\":\"ListItem\",\"position\":1,\"name\":\"Inici\",\"item\":\"https:\\\/\\\/rutesentrerefugis.com\\\/\"},{\"@type\":\"ListItem\",\"position\":2,\"name\":\"LA GRAN TRAVESSA DE MONTSERRAT\"}]},{\"@type\":\"WebSite\",\"@id\":\"https:\\\/\\\/rutesentrerefugis.com\\\/#website\",\"url\":\"https:\\\/\\\/rutesentrerefugis.com\\\/\",\"name\":\"Rutes Entre Refugis\",\"description\":\"Caminant sota un nom\",\"publisher\":{\"@id\":\"https:\\\/\\\/rutesentrerefugis.com\\\/#organization\"},\"potentialAction\":[{\"@type\":\"SearchAction\",\"target\":{\"@type\":\"EntryPoint\",\"urlTemplate\":\"https:\\\/\\\/rutesentrerefugis.com\\\/?s={search_term_string}\"},\"query-input\":{\"@type\":\"PropertyValueSpecification\",\"valueRequired\":true,\"valueName\":\"search_term_string\"}}],\"inLanguage\":\"es\"},{\"@type\":\"Organization\",\"@id\":\"https:\\\/\\\/rutesentrerefugis.com\\\/#organization\",\"name\":\"Rutes Entre Refugis\",\"url\":\"https:\\\/\\\/rutesentrerefugis.com\\\/\",\"logo\":{\"@type\":\"ImageObject\",\"inLanguage\":\"es\",\"@id\":\"https:\\\/\\\/rutesentrerefugis.com\\\/#\\\/schema\\\/logo\\\/image\\\/\",\"url\":\"https:\\\/\\\/rutesentrerefugis.com\\\/wp-content\\\/uploads\\\/2022\\\/08\\\/RutesEntreRefugis-Blanc-Retina-1.png\",\"contentUrl\":\"https:\\\/\\\/rutesentrerefugis.com\\\/wp-content\\\/uploads\\\/2022\\\/08\\\/RutesEntreRefugis-Blanc-Retina-1.png\",\"width\":400,\"height\":400,\"caption\":\"Rutes Entre Refugis\"},\"image\":{\"@id\":\"https:\\\/\\\/rutesentrerefugis.com\\\/#\\\/schema\\\/logo\\\/image\\\/\"}},{\"@type\":\"Person\",\"@id\":\"https:\\\/\\\/rutesentrerefugis.com\\\/#\\\/schema\\\/person\\\/53b4430e327f39815b0403ea49b873ad\",\"name\":\"Damia Perez\",\"image\":{\"@type\":\"ImageObject\",\"inLanguage\":\"es\",\"@id\":\"https:\\\/\\\/rutesentrerefugis.com\\\/wp-content\\\/uploads\\\/2025\\\/09\\\/avatar_user_73_1757356151-96x96.jpg\",\"url\":\"https:\\\/\\\/rutesentrerefugis.com\\\/wp-content\\\/uploads\\\/2025\\\/09\\\/avatar_user_73_1757356151-96x96.jpg\",\"contentUrl\":\"https:\\\/\\\/rutesentrerefugis.com\\\/wp-content\\\/uploads\\\/2025\\\/09\\\/avatar_user_73_1757356151-96x96.jpg\",\"caption\":\"Damia Perez\"},\"url\":\"https:\\\/\\\/rutesentrerefugis.com\\\/index.php\\\/author\\\/damia-perez\\\/\"}]}<\/script>\n<!-- \/ Yoast SEO plugin. -->","yoast_head_json":{"title":"LA GRAN TRAVESSA DE MONTSERRAT - Rutes Entre Refugis","robots":{"index":"index","follow":"follow","max-snippet":"max-snippet:-1","max-image-preview":"max-image-preview:large","max-video-preview":"max-video-preview:-1"},"canonical":"https:\/\/rutesentrerefugis.com\/index.php\/2025\/09\/05\/la-gran-travessa-de-montserrat\/","og_locale":"es_ES","og_type":"article","og_title":"LA GRAN TRAVESSA DE MONTSERRAT - Rutes Entre Refugis","og_description":"LA GRAN TRAVESSA DE MONTSERRAT RECORRENT EL MASS\u00cdS PER AGULLES, GORROS I CIMS Cr\u00f2nica escrita per DAMI\u00c0 PER\u00c9Z i publicada a la REVISTA MUNTANYA (936-937) Excursi\u00f3 cl\u00e0ssica i molt espectacular, que permet travessar tot el mass\u00eds d\u2019oest a est, assolint els cims m\u00e9s emblem\u00e0tics de cada regi\u00f3, per acabar al monestir de Santa Maria. La [&hellip;]","og_url":"https:\/\/rutesentrerefugis.com\/index.php\/2025\/09\/05\/la-gran-travessa-de-montserrat\/","og_site_name":"Rutes Entre Refugis","article_published_time":"2025-09-05T09:02:52+00:00","article_modified_time":"2025-09-09T16:53:14+00:00","og_image":[{"width":1200,"height":800,"url":"https:\/\/rutesentrerefugis.com\/wp-content\/uploads\/2025\/09\/Gran-Travessa-Montserrat-Inici.jpg","type":"image\/jpeg"}],"author":"Damia Perez","twitter_card":"summary_large_image","twitter_misc":{"Escrito por":"Damia Perez","Tiempo de lectura":"20 minutos"},"schema":{"@context":"https:\/\/schema.org","@graph":[{"@type":"Article","@id":"https:\/\/rutesentrerefugis.com\/index.php\/2025\/09\/05\/la-gran-travessa-de-montserrat\/#article","isPartOf":{"@id":"https:\/\/rutesentrerefugis.com\/index.php\/2025\/09\/05\/la-gran-travessa-de-montserrat\/"},"author":{"name":"Damia Perez","@id":"https:\/\/rutesentrerefugis.com\/#\/schema\/person\/53b4430e327f39815b0403ea49b873ad"},"headline":"LA GRAN TRAVESSA DE MONTSERRAT","datePublished":"2025-09-05T09:02:52+00:00","dateModified":"2025-09-09T16:53:14+00:00","mainEntityOfPage":{"@id":"https:\/\/rutesentrerefugis.com\/index.php\/2025\/09\/05\/la-gran-travessa-de-montserrat\/"},"wordCount":3315,"commentCount":0,"publisher":{"@id":"https:\/\/rutesentrerefugis.com\/#organization"},"image":{"@id":"https:\/\/rutesentrerefugis.com\/index.php\/2025\/09\/05\/la-gran-travessa-de-montserrat\/#primaryimage"},"thumbnailUrl":"https:\/\/rutesentrerefugis.com\/wp-content\/uploads\/2025\/09\/Gran-Travessa-Montserrat-Inici.jpg","keywords":["Can Massana","Centre Excursionista de Catalunya","Dami\u00e0 Per\u00e9z","La Gran Travessa de Montserrat","Monestir de Montserrat","Montserrat","Parc Natural de la Muntanya de Montserrat","Refugi d'Agulles","Refugi Vicen\u00e7 Barb\u00e9","Regi\u00f3 d'Agulles","Regi\u00f3 de Sant Jeroni","Regi\u00f3 dels Ecos","Regi\u00f3 dels Frares Encantats","Revista Muntanya"],"articleSection":["Blog","Cr\u00f2niques"],"inLanguage":"es","potentialAction":[{"@type":"CommentAction","name":"Comment","target":["https:\/\/rutesentrerefugis.com\/index.php\/2025\/09\/05\/la-gran-travessa-de-montserrat\/#respond"]}]},{"@type":"WebPage","@id":"https:\/\/rutesentrerefugis.com\/index.php\/2025\/09\/05\/la-gran-travessa-de-montserrat\/","url":"https:\/\/rutesentrerefugis.com\/index.php\/2025\/09\/05\/la-gran-travessa-de-montserrat\/","name":"LA GRAN TRAVESSA DE MONTSERRAT - Rutes Entre Refugis","isPartOf":{"@id":"https:\/\/rutesentrerefugis.com\/#website"},"primaryImageOfPage":{"@id":"https:\/\/rutesentrerefugis.com\/index.php\/2025\/09\/05\/la-gran-travessa-de-montserrat\/#primaryimage"},"image":{"@id":"https:\/\/rutesentrerefugis.com\/index.php\/2025\/09\/05\/la-gran-travessa-de-montserrat\/#primaryimage"},"thumbnailUrl":"https:\/\/rutesentrerefugis.com\/wp-content\/uploads\/2025\/09\/Gran-Travessa-Montserrat-Inici.jpg","datePublished":"2025-09-05T09:02:52+00:00","dateModified":"2025-09-09T16:53:14+00:00","breadcrumb":{"@id":"https:\/\/rutesentrerefugis.com\/index.php\/2025\/09\/05\/la-gran-travessa-de-montserrat\/#breadcrumb"},"inLanguage":"es","potentialAction":[{"@type":"ReadAction","target":["https:\/\/rutesentrerefugis.com\/index.php\/2025\/09\/05\/la-gran-travessa-de-montserrat\/"]}]},{"@type":"ImageObject","inLanguage":"es","@id":"https:\/\/rutesentrerefugis.com\/index.php\/2025\/09\/05\/la-gran-travessa-de-montserrat\/#primaryimage","url":"https:\/\/rutesentrerefugis.com\/wp-content\/uploads\/2025\/09\/Gran-Travessa-Montserrat-Inici.jpg","contentUrl":"https:\/\/rutesentrerefugis.com\/wp-content\/uploads\/2025\/09\/Gran-Travessa-Montserrat-Inici.jpg","width":1200,"height":800},{"@type":"BreadcrumbList","@id":"https:\/\/rutesentrerefugis.com\/index.php\/2025\/09\/05\/la-gran-travessa-de-montserrat\/#breadcrumb","itemListElement":[{"@type":"ListItem","position":1,"name":"Inici","item":"https:\/\/rutesentrerefugis.com\/"},{"@type":"ListItem","position":2,"name":"LA GRAN TRAVESSA DE MONTSERRAT"}]},{"@type":"WebSite","@id":"https:\/\/rutesentrerefugis.com\/#website","url":"https:\/\/rutesentrerefugis.com\/","name":"Rutes Entre Refugis","description":"Caminant sota un nom","publisher":{"@id":"https:\/\/rutesentrerefugis.com\/#organization"},"potentialAction":[{"@type":"SearchAction","target":{"@type":"EntryPoint","urlTemplate":"https:\/\/rutesentrerefugis.com\/?s={search_term_string}"},"query-input":{"@type":"PropertyValueSpecification","valueRequired":true,"valueName":"search_term_string"}}],"inLanguage":"es"},{"@type":"Organization","@id":"https:\/\/rutesentrerefugis.com\/#organization","name":"Rutes Entre Refugis","url":"https:\/\/rutesentrerefugis.com\/","logo":{"@type":"ImageObject","inLanguage":"es","@id":"https:\/\/rutesentrerefugis.com\/#\/schema\/logo\/image\/","url":"https:\/\/rutesentrerefugis.com\/wp-content\/uploads\/2022\/08\/RutesEntreRefugis-Blanc-Retina-1.png","contentUrl":"https:\/\/rutesentrerefugis.com\/wp-content\/uploads\/2022\/08\/RutesEntreRefugis-Blanc-Retina-1.png","width":400,"height":400,"caption":"Rutes Entre Refugis"},"image":{"@id":"https:\/\/rutesentrerefugis.com\/#\/schema\/logo\/image\/"}},{"@type":"Person","@id":"https:\/\/rutesentrerefugis.com\/#\/schema\/person\/53b4430e327f39815b0403ea49b873ad","name":"Damia Perez","image":{"@type":"ImageObject","inLanguage":"es","@id":"https:\/\/rutesentrerefugis.com\/wp-content\/uploads\/2025\/09\/avatar_user_73_1757356151-96x96.jpg","url":"https:\/\/rutesentrerefugis.com\/wp-content\/uploads\/2025\/09\/avatar_user_73_1757356151-96x96.jpg","contentUrl":"https:\/\/rutesentrerefugis.com\/wp-content\/uploads\/2025\/09\/avatar_user_73_1757356151-96x96.jpg","caption":"Damia Perez"},"url":"https:\/\/rutesentrerefugis.com\/index.php\/author\/damia-perez\/"}]}},"_links":{"self":[{"href":"https:\/\/rutesentrerefugis.com\/index.php\/wp-json\/wp\/v2\/posts\/28361","targetHints":{"allow":["GET"]}}],"collection":[{"href":"https:\/\/rutesentrerefugis.com\/index.php\/wp-json\/wp\/v2\/posts"}],"about":[{"href":"https:\/\/rutesentrerefugis.com\/index.php\/wp-json\/wp\/v2\/types\/post"}],"author":[{"embeddable":true,"href":"https:\/\/rutesentrerefugis.com\/index.php\/wp-json\/wp\/v2\/users\/73"}],"replies":[{"embeddable":true,"href":"https:\/\/rutesentrerefugis.com\/index.php\/wp-json\/wp\/v2\/comments?post=28361"}],"version-history":[{"count":73,"href":"https:\/\/rutesentrerefugis.com\/index.php\/wp-json\/wp\/v2\/posts\/28361\/revisions"}],"predecessor-version":[{"id":28449,"href":"https:\/\/rutesentrerefugis.com\/index.php\/wp-json\/wp\/v2\/posts\/28361\/revisions\/28449"}],"wp:featuredmedia":[{"embeddable":true,"href":"https:\/\/rutesentrerefugis.com\/index.php\/wp-json\/wp\/v2\/media\/28362"}],"wp:attachment":[{"href":"https:\/\/rutesentrerefugis.com\/index.php\/wp-json\/wp\/v2\/media?parent=28361"}],"wp:term":[{"taxonomy":"category","embeddable":true,"href":"https:\/\/rutesentrerefugis.com\/index.php\/wp-json\/wp\/v2\/categories?post=28361"},{"taxonomy":"post_tag","embeddable":true,"href":"https:\/\/rutesentrerefugis.com\/index.php\/wp-json\/wp\/v2\/tags?post=28361"}],"curies":[{"name":"wp","href":"https:\/\/api.w.org\/{rel}","templated":true}]}}