{"id":28450,"date":"2025-09-09T16:20:32","date_gmt":"2025-09-09T16:20:32","guid":{"rendered":"https:\/\/rutesentrerefugis.com\/?p=28450"},"modified":"2025-09-09T16:53:01","modified_gmt":"2025-09-09T16:53:01","slug":"la-gran-travesia-de-montserrat","status":"publish","type":"post","link":"https:\/\/rutesentrerefugis.com\/index.php\/es\/2025\/09\/09\/la-gran-travesia-de-montserrat\/","title":{"rendered":"LA GRAN TRAVES\u00cdA DE MONTSERRAT"},"content":{"rendered":"\t\t<div data-elementor-type=\"wp-post\" data-elementor-id=\"28450\" class=\"elementor elementor-28450\" data-elementor-post-type=\"post\">\n\t\t\t\t\t\t<section class=\"elementor-section elementor-top-section elementor-element elementor-element-49e71f9 elementor-section-full_width elementor-section-height-default elementor-section-height-default\" data-id=\"49e71f9\" data-element_type=\"section\" data-e-type=\"section\">\n\t\t\t\t\t\t<div class=\"elementor-container elementor-column-gap-default\">\n\t\t\t\t\t<div class=\"elementor-column elementor-col-100 elementor-top-column elementor-element elementor-element-e8a3f1b\" data-id=\"e8a3f1b\" data-element_type=\"column\" data-e-type=\"column\" data-settings=\"{&quot;background_background&quot;:&quot;classic&quot;}\">\n\t\t\t<div class=\"elementor-widget-wrap elementor-element-populated\">\n\t\t\t\t\t\t<div class=\"elementor-element elementor-element-e0bd260 elementor-widget elementor-widget-image\" data-id=\"e0bd260\" data-element_type=\"widget\" data-e-type=\"widget\" data-widget_type=\"image.default\">\n\t\t\t\t<div class=\"elementor-widget-container\">\n\t\t\t\t\t\t\t\t\t\t\t\t\t\t\t<img fetchpriority=\"high\" decoding=\"async\" width=\"2000\" height=\"450\" src=\"https:\/\/rutesentrerefugis.com\/wp-content\/uploads\/2025\/09\/Gran-Travessa-Montserrat-Cap.jpg\" class=\"attachment-full size-full wp-image-28364\" alt=\"\" srcset=\"https:\/\/rutesentrerefugis.com\/wp-content\/uploads\/2025\/09\/Gran-Travessa-Montserrat-Cap.jpg 2000w, https:\/\/rutesentrerefugis.com\/wp-content\/uploads\/2025\/09\/Gran-Travessa-Montserrat-Cap-300x68.jpg 300w, https:\/\/rutesentrerefugis.com\/wp-content\/uploads\/2025\/09\/Gran-Travessa-Montserrat-Cap-1024x230.jpg 1024w, https:\/\/rutesentrerefugis.com\/wp-content\/uploads\/2025\/09\/Gran-Travessa-Montserrat-Cap-768x173.jpg 768w, https:\/\/rutesentrerefugis.com\/wp-content\/uploads\/2025\/09\/Gran-Travessa-Montserrat-Cap-1536x346.jpg 1536w\" sizes=\"(max-width: 2000px) 100vw, 2000px\" \/>\t\t\t\t\t\t\t\t\t\t\t\t\t\t\t<\/div>\n\t\t\t\t<\/div>\n\t\t\t\t\t<\/div>\n\t\t<\/div>\n\t\t\t\t\t<\/div>\n\t\t<\/section>\n\t\t\t\t<section class=\"elementor-section elementor-top-section elementor-element elementor-element-f5da543 elementor-section-full_width elementor-section-height-default elementor-section-height-default\" data-id=\"f5da543\" data-element_type=\"section\" data-e-type=\"section\">\n\t\t\t\t\t\t<div class=\"elementor-container elementor-column-gap-default\">\n\t\t\t\t\t<div class=\"elementor-column elementor-col-100 elementor-top-column elementor-element elementor-element-a7b3bf6\" data-id=\"a7b3bf6\" data-element_type=\"column\" data-e-type=\"column\" data-settings=\"{&quot;background_background&quot;:&quot;classic&quot;}\">\n\t\t\t<div class=\"elementor-widget-wrap elementor-element-populated\">\n\t\t\t\t\t\t<div class=\"elementor-element elementor-element-904cab1 elementor-widget elementor-widget-heading\" data-id=\"904cab1\" data-element_type=\"widget\" data-e-type=\"widget\" data-widget_type=\"heading.default\">\n\t\t\t\t<div class=\"elementor-widget-container\">\n\t\t\t\t\t<h2 class=\"elementor-heading-title elementor-size-default\">LA GRAN TRAVES\u00cdA DE MONTSERRAT<\/h2>\t\t\t\t<\/div>\n\t\t\t\t<\/div>\n\t\t\t\t\t<\/div>\n\t\t<\/div>\n\t\t\t\t\t<\/div>\n\t\t<\/section>\n\t\t\t\t<section class=\"elementor-section elementor-top-section elementor-element elementor-element-6dc0412 elementor-section-full_width elementor-section-height-default elementor-section-height-default\" data-id=\"6dc0412\" data-element_type=\"section\" data-e-type=\"section\">\n\t\t\t\t\t\t<div class=\"elementor-container elementor-column-gap-default\">\n\t\t\t\t\t<div class=\"elementor-column elementor-col-100 elementor-top-column elementor-element elementor-element-414505c\" data-id=\"414505c\" data-element_type=\"column\" data-e-type=\"column\" data-settings=\"{&quot;background_background&quot;:&quot;classic&quot;}\">\n\t\t\t<div class=\"elementor-widget-wrap elementor-element-populated\">\n\t\t\t\t\t\t<div class=\"elementor-element elementor-element-5b37f04 elementor-widget-divider--view-line elementor-widget elementor-widget-divider\" data-id=\"5b37f04\" data-element_type=\"widget\" data-e-type=\"widget\" data-widget_type=\"divider.default\">\n\t\t\t\t<div class=\"elementor-widget-container\">\n\t\t\t\t\t\t\t<div class=\"elementor-divider\">\n\t\t\t<span class=\"elementor-divider-separator\">\n\t\t\t\t\t\t<\/span>\n\t\t<\/div>\n\t\t\t\t\t\t<\/div>\n\t\t\t\t<\/div>\n\t\t\t\t\t<\/div>\n\t\t<\/div>\n\t\t\t\t\t<\/div>\n\t\t<\/section>\n\t\t\t\t<section class=\"elementor-section elementor-top-section elementor-element elementor-element-42fd159 elementor-section-full_width elementor-section-height-default elementor-section-height-default\" data-id=\"42fd159\" data-element_type=\"section\" data-e-type=\"section\">\n\t\t\t\t\t\t<div class=\"elementor-container elementor-column-gap-default\">\n\t\t\t\t\t<div class=\"elementor-column elementor-col-100 elementor-top-column elementor-element elementor-element-35641fc\" data-id=\"35641fc\" data-element_type=\"column\" data-e-type=\"column\">\n\t\t\t<div class=\"elementor-widget-wrap elementor-element-populated\">\n\t\t\t\t\t\t<div class=\"elementor-element elementor-element-c647afa elementor-widget elementor-widget-spacer\" data-id=\"c647afa\" data-element_type=\"widget\" data-e-type=\"widget\" data-widget_type=\"spacer.default\">\n\t\t\t\t<div class=\"elementor-widget-container\">\n\t\t\t\t\t\t\t<div class=\"elementor-spacer\">\n\t\t\t<div class=\"elementor-spacer-inner\"><\/div>\n\t\t<\/div>\n\t\t\t\t\t\t<\/div>\n\t\t\t\t<\/div>\n\t\t\t\t\t<\/div>\n\t\t<\/div>\n\t\t\t\t\t<\/div>\n\t\t<\/section>\n\t\t\t\t<section class=\"elementor-section elementor-top-section elementor-element elementor-element-71d3942 elementor-section-full_width elementor-section-height-default elementor-section-height-default\" data-id=\"71d3942\" data-element_type=\"section\" data-e-type=\"section\">\n\t\t\t\t\t\t<div class=\"elementor-container elementor-column-gap-default\">\n\t\t\t\t\t<div class=\"elementor-column elementor-col-100 elementor-top-column elementor-element elementor-element-991de4d\" data-id=\"991de4d\" data-element_type=\"column\" data-e-type=\"column\">\n\t\t\t<div class=\"elementor-widget-wrap elementor-element-populated\">\n\t\t\t\t\t\t<div class=\"elementor-element elementor-element-bdbabf5 elementor-widget elementor-widget-heading\" data-id=\"bdbabf5\" data-element_type=\"widget\" data-e-type=\"widget\" data-widget_type=\"heading.default\">\n\t\t\t\t<div class=\"elementor-widget-container\">\n\t\t\t\t\t<h2 class=\"elementor-heading-title elementor-size-default\">RECORRIENDO EL MACIZO POR AGULLES, GORROS Y CUMBRES<\/h2>\t\t\t\t<\/div>\n\t\t\t\t<\/div>\n\t\t\t\t\t<\/div>\n\t\t<\/div>\n\t\t\t\t\t<\/div>\n\t\t<\/section>\n\t\t\t\t<section class=\"elementor-section elementor-top-section elementor-element elementor-element-75d0eec elementor-section-full_width elementor-section-height-default elementor-section-height-default\" data-id=\"75d0eec\" data-element_type=\"section\" data-e-type=\"section\">\n\t\t\t\t\t\t<div class=\"elementor-container elementor-column-gap-default\">\n\t\t\t\t\t<div class=\"elementor-column elementor-col-100 elementor-top-column elementor-element elementor-element-2125826\" data-id=\"2125826\" data-element_type=\"column\" data-e-type=\"column\">\n\t\t\t<div class=\"elementor-widget-wrap elementor-element-populated\">\n\t\t\t\t\t\t<div class=\"elementor-element elementor-element-5711d63 elementor-widget elementor-widget-text-editor\" data-id=\"5711d63\" data-element_type=\"widget\" data-e-type=\"widget\" data-widget_type=\"text-editor.default\">\n\t\t\t\t<div class=\"elementor-widget-container\">\n\t\t\t\t\t\t\t\t\t<h6>Cr\u00f3nica escrita por DAMI\u00c0 PER\u00c9Z y publicada en la REVISTA MUNTANYA (936-937)<\/h6>\t\t\t\t\t\t\t\t<\/div>\n\t\t\t\t<\/div>\n\t\t\t\t\t<\/div>\n\t\t<\/div>\n\t\t\t\t\t<\/div>\n\t\t<\/section>\n\t\t\t\t<section class=\"elementor-section elementor-top-section elementor-element elementor-element-fb7a83f elementor-section-full_width elementor-section-height-default elementor-section-height-default\" data-id=\"fb7a83f\" data-element_type=\"section\" data-e-type=\"section\">\n\t\t\t\t\t\t<div class=\"elementor-container elementor-column-gap-default\">\n\t\t\t\t\t<div class=\"elementor-column elementor-col-100 elementor-top-column elementor-element elementor-element-8bf4b55\" data-id=\"8bf4b55\" data-element_type=\"column\" data-e-type=\"column\">\n\t\t\t<div class=\"elementor-widget-wrap elementor-element-populated\">\n\t\t\t\t\t\t<div class=\"elementor-element elementor-element-059e92b elementor-widget elementor-widget-text-editor\" data-id=\"059e92b\" data-element_type=\"widget\" data-e-type=\"widget\" data-widget_type=\"text-editor.default\">\n\t\t\t\t<div class=\"elementor-widget-container\">\n\t\t\t\t\t\t\t\t\t<h5>Excursi\u00f3n cl\u00e1sica y muy espectacular, que permite atravesar todo el macizo de oeste a este, alcanzando las cumbres m\u00e1s emblem\u00e1ticas de cada regi\u00f3n, para terminar en el monasterio de Santa Maria. La gran traves\u00eda de Montserrat es una excursi\u00f3n dif\u00edcil, que requiere experiencia en la trepada y capacidad de orientaci\u00f3n y de improvisaci\u00f3n. A pesar de que el itinerario se puede realizar sin utilizar la cuerda ni tampoco ning\u00fan material t\u00e9cnico, habr\u00e1 que tener en cuenta que las condiciones de los caminos, espolones y canales pueden cambiar mucho seg\u00fan las condiciones del terreno: si es mojado o incluso helado. Por tanto, lo primero que hay que hacer es poner la cuerda en la mochila, por si acaso. Habr\u00e1 que contar con dos veh\u00edculos, uno para aparcar en Can Massana, y el otro en el monasterio de Montserrat, o bien retornar por el GR 4\/GR 172 hasta Can Massana, empleando tres horas y media m\u00e1s de camino.<\/h5>\t\t\t\t\t\t\t\t<\/div>\n\t\t\t\t<\/div>\n\t\t\t\t\t<\/div>\n\t\t<\/div>\n\t\t\t\t\t<\/div>\n\t\t<\/section>\n\t\t\t\t<section class=\"elementor-section elementor-top-section elementor-element elementor-element-ade46a4 elementor-section-full_width elementor-section-height-default elementor-section-height-default\" data-id=\"ade46a4\" data-element_type=\"section\" data-e-type=\"section\">\n\t\t\t\t\t\t<div class=\"elementor-container elementor-column-gap-default\">\n\t\t\t\t\t<div class=\"elementor-column elementor-col-100 elementor-top-column elementor-element elementor-element-9fec491\" data-id=\"9fec491\" data-element_type=\"column\" data-e-type=\"column\">\n\t\t\t<div class=\"elementor-widget-wrap elementor-element-populated\">\n\t\t\t\t\t\t<div class=\"elementor-element elementor-element-5de29ad elementor-widget elementor-widget-text-editor\" data-id=\"5de29ad\" data-element_type=\"widget\" data-e-type=\"widget\" data-widget_type=\"text-editor.default\">\n\t\t\t\t<div class=\"elementor-widget-container\">\n\t\t\t\t\t\t\t\t\t<h4><span style=\"color: #b40404;\"><b><u>LAS AGULLES<\/u><\/b><\/span><\/h4>\n<h5>El collado de Can Massana es el paso natural de la Anoia al Bages y la puerta occidental del macizo de Montserrat, lugar de batallas, campamentos, vivacs, escombros y recuerdos. Hoy en d\u00eda el lugar ha sido arreglado por el Patronato de la Monta\u00f1a de Montserrat y cuenta con un aparcamiento de pago bastante espacioso, una zona de picnic, una tienda y un punto de informaci\u00f3n. Es el lugar de partida de la mayor\u00eda de excursiones y ascensiones de la mitad occidental de Montserrat, donde se encuentran las regiones de Agulles, Frares Encantats y Ecos.<\/br>\n<\/br>\nNuestra traves\u00eda comienza precisamente en el collado de Can Ma\u00e7ana, donde encontraremos el GR que enseguida nos sit\u00faa en el lado norte de las primeras colinas de la sierra, la colina de Sant Pau Vell y la sierra de Guirl\u00f3, hasta el collado de Guirl\u00f3, donde tomaremos el PR hasta el refugio Vicen\u00e7 Barb\u00e9.<\/br>\n<\/br>\nEl PR supera en ligera subida a los bosques que flanquean la muralla oeste de Agulles, con la gran pared de la Palangana, surcada por la v\u00eda Ven-Suri-Ven como gran protagonista. El camino es sombr\u00edo y remonta hasta el paso de la Portella, canal rocoso y estrecho, de f\u00e1cil trepada, que conduce al collado de la Portella, verdadera puerta de entrada al interior del macizo de Montserrat.<\/br>\n<\/br>\nEn este punto empezaremos la traves\u00eda de la regi\u00f3n de Agulles, con el objetivo de llegar al collado de Agulles haciendo dos cimas, los Merlets y el Gep Llarg. El sendero pronto nos lleva al pie de la roca Petita de la Portella, monolito magn\u00edfico y probablemente la aguja m\u00e1s escalada de todo el macizo. Desde el pie de la roca Petita podemos avistar la cima de los Merlets, caracterizada por las dos almenas que cuelgan de la cima hacia la arista Brucs. A su lado este podremos ver el Gep Llarg.<\/br>\n<\/br>\nSiguiendo el sendero mencionado llegaremos a un magn\u00edfico bosque justo al pie de la pared oeste de los Merlets, seguiremos hacia el norte hasta el pie de un tramo muy derecho y que deberemos superar con la ayuda de una cuerda fija. Hay que extremar las precauciones.<\/br>\n<\/br>\nUna vez superado este mal paso, llegaremos al collado formado por los Merlets y el Gep Llarg. Una trepada de unos 5 m nos llevar\u00e1 a la cima de la aguja. Bajaremos por el mismo sitio y subiremos al Gep Llarg, que es la siguiente aguja hacia el este. Por el lado este treparemos unos 5 m hasta la cima, a\u00fan m\u00e1s f\u00e1cilmente que la v\u00eda de los Merlets.<\/h5>\t\t\t\t\t\t\t\t<\/div>\n\t\t\t\t<\/div>\n\t\t\t\t\t<\/div>\n\t\t<\/div>\n\t\t\t\t\t<\/div>\n\t\t<\/section>\n\t\t\t\t<section class=\"elementor-section elementor-top-section elementor-element elementor-element-648f8d1 elementor-section-full_width elementor-section-height-default elementor-section-height-default\" data-id=\"648f8d1\" data-element_type=\"section\" data-e-type=\"section\">\n\t\t\t\t\t\t<div class=\"elementor-container elementor-column-gap-default\">\n\t\t\t\t\t<div class=\"elementor-column elementor-col-50 elementor-top-column elementor-element elementor-element-f1e4b0c\" data-id=\"f1e4b0c\" data-element_type=\"column\" data-e-type=\"column\">\n\t\t\t<div class=\"elementor-widget-wrap elementor-element-populated\">\n\t\t\t\t\t\t<div class=\"elementor-element elementor-element-d812a27 elementor-widget elementor-widget-image\" data-id=\"d812a27\" data-element_type=\"widget\" data-e-type=\"widget\" data-widget_type=\"image.default\">\n\t\t\t\t<div class=\"elementor-widget-container\">\n\t\t\t\t\t\t\t\t\t\t\t\t\t\t\t<img decoding=\"async\" width=\"800\" height=\"480\" src=\"https:\/\/rutesentrerefugis.com\/wp-content\/uploads\/2025\/09\/Gran-Travessa-Montserrat-02.jpg\" class=\"attachment-large size-large wp-image-28378\" alt=\"\" srcset=\"https:\/\/rutesentrerefugis.com\/wp-content\/uploads\/2025\/09\/Gran-Travessa-Montserrat-02.jpg 1000w, https:\/\/rutesentrerefugis.com\/wp-content\/uploads\/2025\/09\/Gran-Travessa-Montserrat-02-300x180.jpg 300w, https:\/\/rutesentrerefugis.com\/wp-content\/uploads\/2025\/09\/Gran-Travessa-Montserrat-02-768x461.jpg 768w\" sizes=\"(max-width: 800px) 100vw, 800px\" \/>\t\t\t\t\t\t\t\t\t\t\t\t\t\t\t<\/div>\n\t\t\t\t<\/div>\n\t\t\t\t\t<\/div>\n\t\t<\/div>\n\t\t\t\t<div class=\"elementor-column elementor-col-50 elementor-top-column elementor-element elementor-element-d1a0be7\" data-id=\"d1a0be7\" data-element_type=\"column\" data-e-type=\"column\">\n\t\t\t<div class=\"elementor-widget-wrap elementor-element-populated\">\n\t\t\t\t\t\t<div class=\"elementor-element elementor-element-8c28af0 elementor-widget elementor-widget-image\" data-id=\"8c28af0\" data-element_type=\"widget\" data-e-type=\"widget\" data-widget_type=\"image.default\">\n\t\t\t\t<div class=\"elementor-widget-container\">\n\t\t\t\t\t\t\t\t\t\t\t\t\t\t\t<img decoding=\"async\" width=\"800\" height=\"480\" src=\"https:\/\/rutesentrerefugis.com\/wp-content\/uploads\/2025\/09\/Gran-Travessa-Montserrat-03.jpg\" class=\"attachment-large size-large wp-image-28379\" alt=\"\" srcset=\"https:\/\/rutesentrerefugis.com\/wp-content\/uploads\/2025\/09\/Gran-Travessa-Montserrat-03.jpg 1000w, https:\/\/rutesentrerefugis.com\/wp-content\/uploads\/2025\/09\/Gran-Travessa-Montserrat-03-300x180.jpg 300w, https:\/\/rutesentrerefugis.com\/wp-content\/uploads\/2025\/09\/Gran-Travessa-Montserrat-03-768x461.jpg 768w\" sizes=\"(max-width: 800px) 100vw, 800px\" \/>\t\t\t\t\t\t\t\t\t\t\t\t\t\t\t<\/div>\n\t\t\t\t<\/div>\n\t\t\t\t\t<\/div>\n\t\t<\/div>\n\t\t\t\t\t<\/div>\n\t\t<\/section>\n\t\t\t\t<section class=\"elementor-section elementor-top-section elementor-element elementor-element-58b5b46 elementor-section-full_width elementor-section-height-default elementor-section-height-default\" data-id=\"58b5b46\" data-element_type=\"section\" data-e-type=\"section\">\n\t\t\t\t\t\t<div class=\"elementor-container elementor-column-gap-default\">\n\t\t\t\t\t<div class=\"elementor-column elementor-col-100 elementor-top-column elementor-element elementor-element-1cb6c67\" data-id=\"1cb6c67\" data-element_type=\"column\" data-e-type=\"column\">\n\t\t\t<div class=\"elementor-widget-wrap elementor-element-populated\">\n\t\t\t\t\t\t<div class=\"elementor-element elementor-element-d5b0ec4 elementor-widget elementor-widget-text-editor\" data-id=\"d5b0ec4\" data-element_type=\"widget\" data-e-type=\"widget\" data-widget_type=\"text-editor.default\">\n\t\t\t\t<div class=\"elementor-widget-container\">\n\t\t\t\t\t\t\t\t\t<h4><span style=\"color: #b40404;\"><b><u>LOS FRARES ENCANTATS<\/u><\/b><\/span><\/h4>\n<h5>Una vez alcanzadas las dos cumbres seguiremos la traves\u00eda de Agulles. Unos metros m\u00e1s all\u00e1 tenemos la opci\u00f3n de alcanzar la cima del mirador de la Miranda de les Bo\u00efgues, si bien debemos abandonar moment\u00e1neamente la ruta y la subida es l\u00f3gica, por la vertiente norte, pero bastante expuesta.<\/br>\n<\/br>\nLa traves\u00eda por la l\u00ednea m\u00e1s alta de la muralla de agujas desciende fuertemente hasta la canal de las Bessones, que cruzamos a continuaci\u00f3n para encontrar una canal bastante estrecha, equipada con una cuerda anudada que nos ayuda a situarnos en un bonito balc\u00f3n, donde estaremos rodeados de las agujas m\u00e1s esbeltas de la regi\u00f3n. Las Bessones, la Agulla de l&#8217;Arbret, la Agulla dels Set, la Boteruda del Gra, etc. La traves\u00eda sigue alternando fuertes subidas y bajadas y collados angostos hasta llegar al Portell Estret o collado de Agulles.<\/br>\n<\/br>\nEn el collado de Agulles hay que bajar unos metros hacia el sur, y a la altura de la arista Brucs de l&#8217;Agulla Sense Nom comienza la traves\u00eda de la regi\u00f3n de los Frares Encantats, se\u00f1alizada con marcas azules en direcci\u00f3n este. El camino remonta fuertemente hacia el pie de la cima del Morro Pla. Cuando la magn\u00edfica vegetaci\u00f3n nos lo permita, podremos avistar agujas de aspecto mastod\u00f3ntico, como el Lloro, o caprichosas, como la Nina.<\/br>\n<\/br>\nLa regi\u00f3n de los Frares Encantats es como un bosque de hadas y gigantes. Bajo el Bisbe, el Lloro y la Monja una canal desciende fuertemente por el torrente del Lloro. Es un paso donde la roca es noble, pero puede convertirse en delicada si est\u00e1 h\u00fameda. Una vez en el torrente del Lloro remontaremos hacia las cimas de los Frares Encantats, superando varios tramos casi verticales con la ayuda de cuerdas fijas hasta que llegamos al pie del Frare Gros, donde est\u00e1n situadas las dos cimas que subiremos: las agujas llamadas Cristobalites, la Inferior y la Superior (rocas 151 y 152).<\/br>\n<\/br>\nSon dos cimas que hacen de contrafuerte del Frare Gros con solvencia. Sus aristas cuentan con buenas v\u00edas de escalada en un ambiente expuesto y aventurero, como suelen ser las v\u00edas de escalada de esta regi\u00f3n. Por el lado norte ambas agujas no nos plantear\u00e1n grandes dificultades, al contrario, subiremos sin obst\u00e1culos.<\/br>\n<\/br>\nLa Cristobalita Inferior es la que est\u00e1 ubicada al oeste de su pareja, y tambi\u00e9n es la que presenta un paso un poco vertical al llegar a la cima, pero tiene buena presa. Habr\u00e1 que tomar todas las medidas adecuadas, una sabina en la cima nos permitir\u00e1 poner una cuerda si es necesario. La Cristobalita Superior no tiene dificultad alguna, el camino de los Frares pasa casi a nivel de la cima, pero es un lugar estrecho y expuesto en la cara norte, totalmente vertical. Habr\u00e1 que ir con mucho cuidado para bajar de la cima al camino porque el tramo es enga\u00f1oso.<\/br>\n<\/br>\nEl camino de la traves\u00eda de Frares Encantats desciende seguidamente vertiginosamente por el centro de la cresta, dejando al norte los Frares Encantats y al sur el Bacall\u00e0. Encontraremos dos tramos equipados con cadenas y una \u00faltima canal bastante vertical equipada con una cadena y escalones de hierro en la roca. El tramo es emocionante y expuesto, y nos permite llegar al collado de Port.<\/h5>\t\t\t\t\t\t\t\t<\/div>\n\t\t\t\t<\/div>\n\t\t\t\t\t<\/div>\n\t\t<\/div>\n\t\t\t\t\t<\/div>\n\t\t<\/section>\n\t\t\t\t<section class=\"elementor-section elementor-top-section elementor-element elementor-element-a769be6 elementor-section-full_width elementor-section-height-default elementor-section-height-default\" data-id=\"a769be6\" data-element_type=\"section\" data-e-type=\"section\">\n\t\t\t\t\t\t<div class=\"elementor-container elementor-column-gap-default\">\n\t\t\t\t\t<div class=\"elementor-column elementor-col-100 elementor-top-column elementor-element elementor-element-1dccefc\" data-id=\"1dccefc\" data-element_type=\"column\" data-e-type=\"column\">\n\t\t\t<div class=\"elementor-widget-wrap elementor-element-populated\">\n\t\t\t\t\t\t<div class=\"elementor-element elementor-element-d0c9e10 elementor-widget elementor-widget-image\" data-id=\"d0c9e10\" data-element_type=\"widget\" data-e-type=\"widget\" data-widget_type=\"image.default\">\n\t\t\t\t<div class=\"elementor-widget-container\">\n\t\t\t\t\t\t\t\t\t\t\t\t\t\t\t<img loading=\"lazy\" decoding=\"async\" width=\"2000\" height=\"975\" src=\"https:\/\/rutesentrerefugis.com\/wp-content\/uploads\/2025\/09\/Gran-Travessa-Montserrat-05.jpg\" class=\"attachment-full size-full wp-image-28383\" alt=\"\" srcset=\"https:\/\/rutesentrerefugis.com\/wp-content\/uploads\/2025\/09\/Gran-Travessa-Montserrat-05.jpg 2000w, https:\/\/rutesentrerefugis.com\/wp-content\/uploads\/2025\/09\/Gran-Travessa-Montserrat-05-300x146.jpg 300w, https:\/\/rutesentrerefugis.com\/wp-content\/uploads\/2025\/09\/Gran-Travessa-Montserrat-05-1024x499.jpg 1024w, https:\/\/rutesentrerefugis.com\/wp-content\/uploads\/2025\/09\/Gran-Travessa-Montserrat-05-768x374.jpg 768w, https:\/\/rutesentrerefugis.com\/wp-content\/uploads\/2025\/09\/Gran-Travessa-Montserrat-05-1536x749.jpg 1536w\" sizes=\"(max-width: 2000px) 100vw, 2000px\" \/>\t\t\t\t\t\t\t\t\t\t\t\t\t\t\t<\/div>\n\t\t\t\t<\/div>\n\t\t\t\t\t<\/div>\n\t\t<\/div>\n\t\t\t\t\t<\/div>\n\t\t<\/section>\n\t\t\t\t<section class=\"elementor-section elementor-top-section elementor-element elementor-element-20d27b7 elementor-section-full_width elementor-section-height-default elementor-section-height-default\" data-id=\"20d27b7\" data-element_type=\"section\" data-e-type=\"section\">\n\t\t\t\t\t\t<div class=\"elementor-container elementor-column-gap-default\">\n\t\t\t\t\t<div class=\"elementor-column elementor-col-100 elementor-top-column elementor-element elementor-element-f23f908\" data-id=\"f23f908\" data-element_type=\"column\" data-e-type=\"column\">\n\t\t\t<div class=\"elementor-widget-wrap elementor-element-populated\">\n\t\t\t\t\t\t<div class=\"elementor-element elementor-element-1b4816a elementor-widget elementor-widget-text-editor\" data-id=\"1b4816a\" data-element_type=\"widget\" data-e-type=\"widget\" data-widget_type=\"text-editor.default\">\n\t\t\t\t<div class=\"elementor-widget-container\">\n\t\t\t\t\t\t\t\t\t<h4><span style=\"color: #b40404;\"><b><u>LOS ECOS<\/u><\/b><\/span><\/h4>\n<h5>Coll de Port es un collado estrat\u00e9gico donde encontraremos el PR C-78, que hemos abandonado al paso de la Portella, y que viene de la vertiente sur y el camino que, hacia el norte, nos llevar\u00eda al GR de Can Ma\u00e7ana en el monasterio de Montserrat. Es pues un lugar estrat\u00e9gico donde, si quisieran podr\u00edamos volver a Can Ma\u00e7ana f\u00e1cilmente haciendo una bonita vuelta circular. Pero nuestro recorrido sigue firmemente hacia levante.<\/br>\n<\/br>\nDe coll de Port seguiremos el PR pasando por debajo de la aguja Vista, el Cor de Be, la aguja del Miracle hasta el coll del Miracle. El collado del Miracle es un peque\u00f1o collado min\u00fasculo aunque muy acogedor y que goza de muy buena vista de la coma dels Cirers y nuestro siguiente objetivo, la traves\u00eda del paso de la Esfinx dels Ecos.<\/br>\n<\/br>\nTomaremos el sendero del paso de la Esfinx pocos metros despu\u00e9s del collado del Miracle. Este sendero no ofrece tregua y remonta con mucha verticalidad una gran cantidad de resaltes y flanqueos, a menudo expuestos, hasta el paso de la Esfinx, un buen lugar para descansar antes de alcanzar la cima de la Esfinx dels Ecos.<\/br>\n<\/br>\nNos encontramos en la zona m\u00e1s alpina de Montserrat, donde los horizontes est\u00e1n m\u00e1s abiertos y los collados m\u00e1s anchos. El circo que inicia la Esfinx dels Ecos y cierra la sierra del Patufet forma una herradura de cimas magn\u00edficas y de f\u00e1cil acceso casi todos. La cima m\u00e1s destacada de la banda oeste es precisamente la que da inicio a esta cima por el oeste: la Esfinx dels Ecos.<\/br>\n<\/br>\nLa v\u00eda de ascensi\u00f3n afronta directamente la cresta norte de la aguja atravesando un peque\u00f1o bosque y encarando un tramo bastante vertical, pero con buenas presas (habr\u00e1 que descartar el tramo si encontramos la roca mojada). Esta trepada nos deja en la vertiente este, donde habr\u00e1 que flanquear hasta un peque\u00f1o canal que nos llevar\u00e1 a la cima. Habr\u00e1 que tener mucho cuidado en la bajada.<\/br>\n<\/br>\nVolviendo al paso de la Esfinx pasaremos por debajo de la Enganxada y la miranda de los Aurons para iniciar a continuaci\u00f3n la traves\u00eda del circo del Salt de la Nina, pasando por las bases de las aristas de las rocas del Salt de la Nina, siempre acompa\u00f1ados de magn\u00edficas vistas del grupo de los Ecos, verdaderos reyes de la regi\u00f3n.<\/br>\n<\/br>\nEl camino desciende por pendientes de roca, en algunos tramos descompuesta, hasta situarnos al pie del grupo de rocas de los Ecos, que parecen un \u00f3rgano, muy cerca de la arista de la aguja Estas\u00e9n, de una pureza y simplicidad extraordinarias.<\/h5>\t\t\t\t\t\t\t\t<\/div>\n\t\t\t\t<\/div>\n\t\t\t\t\t<\/div>\n\t\t<\/div>\n\t\t\t\t\t<\/div>\n\t\t<\/section>\n\t\t\t\t<section class=\"elementor-section elementor-top-section elementor-element elementor-element-356dabb elementor-section-full_width elementor-section-height-default elementor-section-height-default\" data-id=\"356dabb\" data-element_type=\"section\" data-e-type=\"section\">\n\t\t\t\t\t\t<div class=\"elementor-container elementor-column-gap-default\">\n\t\t\t\t\t<div class=\"elementor-column elementor-col-50 elementor-top-column elementor-element elementor-element-e4a28c1\" data-id=\"e4a28c1\" data-element_type=\"column\" data-e-type=\"column\">\n\t\t\t<div class=\"elementor-widget-wrap elementor-element-populated\">\n\t\t\t\t\t\t<div class=\"elementor-element elementor-element-7acd5ce elementor-widget elementor-widget-image\" data-id=\"7acd5ce\" data-element_type=\"widget\" data-e-type=\"widget\" data-widget_type=\"image.default\">\n\t\t\t\t<div class=\"elementor-widget-container\">\n\t\t\t\t\t\t\t\t\t\t\t\t\t\t\t<img loading=\"lazy\" decoding=\"async\" width=\"800\" height=\"528\" src=\"https:\/\/rutesentrerefugis.com\/wp-content\/uploads\/2025\/09\/Gran-Travessa-Montserrat-06.jpg\" class=\"attachment-large size-large wp-image-28393\" alt=\"\" srcset=\"https:\/\/rutesentrerefugis.com\/wp-content\/uploads\/2025\/09\/Gran-Travessa-Montserrat-06.jpg 1000w, https:\/\/rutesentrerefugis.com\/wp-content\/uploads\/2025\/09\/Gran-Travessa-Montserrat-06-300x198.jpg 300w, https:\/\/rutesentrerefugis.com\/wp-content\/uploads\/2025\/09\/Gran-Travessa-Montserrat-06-768x507.jpg 768w\" sizes=\"(max-width: 800px) 100vw, 800px\" \/>\t\t\t\t\t\t\t\t\t\t\t\t\t\t\t<\/div>\n\t\t\t\t<\/div>\n\t\t\t\t\t<\/div>\n\t\t<\/div>\n\t\t\t\t<div class=\"elementor-column elementor-col-50 elementor-top-column elementor-element elementor-element-5bb482d\" data-id=\"5bb482d\" data-element_type=\"column\" data-e-type=\"column\">\n\t\t\t<div class=\"elementor-widget-wrap elementor-element-populated\">\n\t\t\t\t\t\t<div class=\"elementor-element elementor-element-0fa1b41 elementor-widget elementor-widget-text-editor\" data-id=\"0fa1b41\" data-element_type=\"widget\" data-e-type=\"widget\" data-widget_type=\"text-editor.default\">\n\t\t\t\t<div class=\"elementor-widget-container\">\n\t\t\t\t\t\t\t\t\t<h5>Nuestra traves\u00eda nos presenta en este punto dos variantes extraordinarias: la traves\u00eda de los Ecos por la Miranda o la traves\u00eda de los Ecos por el Montgr\u00f2s. Ambas opciones nos llevan al valle del Migdia, cerca del portillo del Migdia. Cabe destacar que el camino al valle del Migdia vuelve a coincidir con el PR C-78, que hab\u00edamos abandonado al inicio del itinerario del paso de la Esfinx.<\/br>\n<\/br>\nSi optamos por la primera opci\u00f3n, habr\u00e1 que remontar la canal que separa las aristas de los Ecos y la sierra del Patufet, y situarnos casi en la cima del Serrat del Patufet. Hacia el norte, una canal vertical y rocosa equipada con una cadena remonta hasta el collado norte de la miranda de los Ecos, que no ofrece ninguna dificultad aunque la cima es alargada y estrecha, de una panor\u00e1mica majestuosa. Hace muchos a\u00f1os se plant\u00f3 una cruz grande, hoy en d\u00eda queda tan s\u00f3lo alg\u00fan s\u00edmbolo sin personalidad. Para llegar al valle del Portell del Migdia habr\u00e1 que destrepar la vertiente este de la miranda de los Ecos, primero por un tramo emboscado y resbaladizo, y despu\u00e9s por la canal de los Micos, con t\u00e9cnicas de oposici\u00f3n y destrepe dif\u00edcil, hasta muy cerca del portillo del Migdia, desde donde, descendiendo el valle, encontraremos el camino PR C-78 que se dirige al Cam\u00ed dels Francesos.<\/h5>\t\t\t\t\t\t\t\t<\/div>\n\t\t\t\t<\/div>\n\t\t\t\t\t<\/div>\n\t\t<\/div>\n\t\t\t\t\t<\/div>\n\t\t<\/section>\n\t\t\t\t<section class=\"elementor-section elementor-top-section elementor-element elementor-element-44170ad elementor-section-full_width elementor-section-height-default elementor-section-height-default\" data-id=\"44170ad\" data-element_type=\"section\" data-e-type=\"section\">\n\t\t\t\t\t\t<div class=\"elementor-container elementor-column-gap-default\">\n\t\t\t\t\t<div class=\"elementor-column elementor-col-100 elementor-top-column elementor-element elementor-element-64186ee\" data-id=\"64186ee\" data-element_type=\"column\" data-e-type=\"column\">\n\t\t\t<div class=\"elementor-widget-wrap elementor-element-populated\">\n\t\t\t\t\t\t<div class=\"elementor-element elementor-element-0be6ed1 elementor-widget elementor-widget-text-editor\" data-id=\"0be6ed1\" data-element_type=\"widget\" data-e-type=\"widget\" data-widget_type=\"text-editor.default\">\n\t\t\t\t<div class=\"elementor-widget-container\">\n\t\t\t\t\t\t\t\t\t<h5>La primera escalada registrada en los Ecos fue hecha por el pionero Llu\u00eds Estas\u00e9n y sus compa\u00f1eros en la d\u00e9cada de 1920.<\/br>\n<\/br>\nSi optamos por la segunda opci\u00f3n, habr\u00e1 que remontar la canal que separa las aristas de los Ecos la sierra del Patufet, y situarnos casi en la cima del Serrat del Patufet. En este punto vislumbraremos al norte la canal con la cadena de la miranda de los Ecos; hacia el sur, un sendero que desciende hacia el collado de la Salamandra y el camino del Montgr\u00f2s. Habr\u00e1 que dirigirnos hacia el sur, y, una vez en el camino del Montgr\u00f2s, remontarlo para llegar al collado del Montgr\u00f2s y la cima del Montgr\u00f2s (1.133 m).<\/br>\n<\/br>\nEl Montgr\u00f2s es una cima grandiosa situada en medio de la monta\u00f1a de Montserrat, desde donde se disfruta de una vista soberbia sobre pr\u00e1cticamente todo el macizo. La primera ascensi\u00f3n por la v\u00eda normal del collado norte se realiz\u00f3 en 1880 a cargo del pionero del excursionismo C\u00e8sar August Torras.<\/br>\n<\/br>\nDejando la mastod\u00f3ntica y concurrida cima del Montgr\u00f2s nos dirigiremos al valle del Migdia deshaciendo el tramo de camino que hemos hecho de subida, destrepando el canal de la Salamandra y flanqueando dos bancales algo expuestos, hasta el valle del Migdia, donde podemos reponer a la sombra de los magn\u00edficos tejos. En el valle del Migdia, muy cerca del portillo del Migdia llegaremos tanto si hemos elegido la opci\u00f3n de la miranda de los Ecos como la opci\u00f3n de la ascensi\u00f3n al Montgr\u00f2s. En este punto podemos dar por terminada la parte m\u00e1s t\u00e9cnica y dif\u00edcil de la traves\u00eda y entraremos en la regi\u00f3n de San Jeroni o Tabor.<\/h5>\t\t\t\t\t\t\t\t<\/div>\n\t\t\t\t<\/div>\n\t\t\t\t\t<\/div>\n\t\t<\/div>\n\t\t\t\t\t<\/div>\n\t\t<\/section>\n\t\t\t\t<section class=\"elementor-section elementor-top-section elementor-element elementor-element-6dde6cb elementor-section-full_width elementor-section-height-default elementor-section-height-default\" data-id=\"6dde6cb\" data-element_type=\"section\" data-e-type=\"section\">\n\t\t\t\t\t\t<div class=\"elementor-container elementor-column-gap-default\">\n\t\t\t\t\t<div class=\"elementor-column elementor-col-33 elementor-top-column elementor-element elementor-element-926c74a\" data-id=\"926c74a\" data-element_type=\"column\" data-e-type=\"column\">\n\t\t\t<div class=\"elementor-widget-wrap elementor-element-populated\">\n\t\t\t\t\t\t<div class=\"elementor-element elementor-element-b065051 elementor-widget elementor-widget-image\" data-id=\"b065051\" data-element_type=\"widget\" data-e-type=\"widget\" data-widget_type=\"image.default\">\n\t\t\t\t<div class=\"elementor-widget-container\">\n\t\t\t\t\t\t\t\t\t\t\t\t\t\t\t<img loading=\"lazy\" decoding=\"async\" width=\"800\" height=\"440\" src=\"https:\/\/rutesentrerefugis.com\/wp-content\/uploads\/2025\/09\/Gran-Travessa-Montserrat-08-1.jpg\" class=\"attachment-large size-large wp-image-28396\" alt=\"\" srcset=\"https:\/\/rutesentrerefugis.com\/wp-content\/uploads\/2025\/09\/Gran-Travessa-Montserrat-08-1.jpg 1000w, https:\/\/rutesentrerefugis.com\/wp-content\/uploads\/2025\/09\/Gran-Travessa-Montserrat-08-1-300x165.jpg 300w, https:\/\/rutesentrerefugis.com\/wp-content\/uploads\/2025\/09\/Gran-Travessa-Montserrat-08-1-768x422.jpg 768w\" sizes=\"(max-width: 800px) 100vw, 800px\" \/>\t\t\t\t\t\t\t\t\t\t\t\t\t\t\t<\/div>\n\t\t\t\t<\/div>\n\t\t\t\t\t<\/div>\n\t\t<\/div>\n\t\t\t\t<div class=\"elementor-column elementor-col-33 elementor-top-column elementor-element elementor-element-9e77e23\" data-id=\"9e77e23\" data-element_type=\"column\" data-e-type=\"column\">\n\t\t\t<div class=\"elementor-widget-wrap elementor-element-populated\">\n\t\t\t\t\t\t<div class=\"elementor-element elementor-element-d2f573b elementor-widget elementor-widget-image\" data-id=\"d2f573b\" data-element_type=\"widget\" data-e-type=\"widget\" data-widget_type=\"image.default\">\n\t\t\t\t<div class=\"elementor-widget-container\">\n\t\t\t\t\t\t\t\t\t\t\t\t\t\t\t<img loading=\"lazy\" decoding=\"async\" width=\"800\" height=\"440\" src=\"https:\/\/rutesentrerefugis.com\/wp-content\/uploads\/2025\/09\/Gran-Travessa-Montserrat-09.jpg\" class=\"attachment-large size-large wp-image-28397\" alt=\"\" srcset=\"https:\/\/rutesentrerefugis.com\/wp-content\/uploads\/2025\/09\/Gran-Travessa-Montserrat-09.jpg 1000w, https:\/\/rutesentrerefugis.com\/wp-content\/uploads\/2025\/09\/Gran-Travessa-Montserrat-09-300x165.jpg 300w, https:\/\/rutesentrerefugis.com\/wp-content\/uploads\/2025\/09\/Gran-Travessa-Montserrat-09-768x422.jpg 768w\" sizes=\"(max-width: 800px) 100vw, 800px\" \/>\t\t\t\t\t\t\t\t\t\t\t\t\t\t\t<\/div>\n\t\t\t\t<\/div>\n\t\t\t\t\t<\/div>\n\t\t<\/div>\n\t\t\t\t<div class=\"elementor-column elementor-col-33 elementor-top-column elementor-element elementor-element-6689b68\" data-id=\"6689b68\" data-element_type=\"column\" data-e-type=\"column\">\n\t\t\t<div class=\"elementor-widget-wrap elementor-element-populated\">\n\t\t\t\t\t\t<div class=\"elementor-element elementor-element-e28bc23 elementor-widget elementor-widget-image\" data-id=\"e28bc23\" data-element_type=\"widget\" data-e-type=\"widget\" data-widget_type=\"image.default\">\n\t\t\t\t<div class=\"elementor-widget-container\">\n\t\t\t\t\t\t\t\t\t\t\t\t\t\t\t<img loading=\"lazy\" decoding=\"async\" width=\"800\" height=\"440\" src=\"https:\/\/rutesentrerefugis.com\/wp-content\/uploads\/2025\/09\/Gran-Travessa-Montserrat-10.jpg\" class=\"attachment-large size-large wp-image-28398\" alt=\"\" srcset=\"https:\/\/rutesentrerefugis.com\/wp-content\/uploads\/2025\/09\/Gran-Travessa-Montserrat-10.jpg 1000w, https:\/\/rutesentrerefugis.com\/wp-content\/uploads\/2025\/09\/Gran-Travessa-Montserrat-10-300x165.jpg 300w, https:\/\/rutesentrerefugis.com\/wp-content\/uploads\/2025\/09\/Gran-Travessa-Montserrat-10-768x422.jpg 768w\" sizes=\"(max-width: 800px) 100vw, 800px\" \/>\t\t\t\t\t\t\t\t\t\t\t\t\t\t\t<\/div>\n\t\t\t\t<\/div>\n\t\t\t\t\t<\/div>\n\t\t<\/div>\n\t\t\t\t\t<\/div>\n\t\t<\/section>\n\t\t\t\t<section class=\"elementor-section elementor-top-section elementor-element elementor-element-f26006b elementor-section-full_width elementor-section-height-default elementor-section-height-default\" data-id=\"f26006b\" data-element_type=\"section\" data-e-type=\"section\">\n\t\t\t\t\t\t<div class=\"elementor-container elementor-column-gap-default\">\n\t\t\t\t\t<div class=\"elementor-column elementor-col-100 elementor-top-column elementor-element elementor-element-1db55eb\" data-id=\"1db55eb\" data-element_type=\"column\" data-e-type=\"column\">\n\t\t\t<div class=\"elementor-widget-wrap elementor-element-populated\">\n\t\t\t\t\t\t<div class=\"elementor-element elementor-element-5ba0fd6 elementor-widget elementor-widget-image\" data-id=\"5ba0fd6\" data-element_type=\"widget\" data-e-type=\"widget\" data-widget_type=\"image.default\">\n\t\t\t\t<div class=\"elementor-widget-container\">\n\t\t\t\t\t\t\t\t\t\t\t\t\t\t\t<img loading=\"lazy\" decoding=\"async\" width=\"2000\" height=\"675\" src=\"https:\/\/rutesentrerefugis.com\/wp-content\/uploads\/2025\/09\/Gran-Travessa-Montserrat-07.jpg\" class=\"attachment-full size-full wp-image-28395\" alt=\"\" srcset=\"https:\/\/rutesentrerefugis.com\/wp-content\/uploads\/2025\/09\/Gran-Travessa-Montserrat-07.jpg 2000w, https:\/\/rutesentrerefugis.com\/wp-content\/uploads\/2025\/09\/Gran-Travessa-Montserrat-07-300x101.jpg 300w, https:\/\/rutesentrerefugis.com\/wp-content\/uploads\/2025\/09\/Gran-Travessa-Montserrat-07-1024x346.jpg 1024w, https:\/\/rutesentrerefugis.com\/wp-content\/uploads\/2025\/09\/Gran-Travessa-Montserrat-07-768x259.jpg 768w, https:\/\/rutesentrerefugis.com\/wp-content\/uploads\/2025\/09\/Gran-Travessa-Montserrat-07-1536x518.jpg 1536w\" sizes=\"(max-width: 2000px) 100vw, 2000px\" \/>\t\t\t\t\t\t\t\t\t\t\t\t\t\t\t<\/div>\n\t\t\t\t<\/div>\n\t\t\t\t\t<\/div>\n\t\t<\/div>\n\t\t\t\t\t<\/div>\n\t\t<\/section>\n\t\t\t\t<section class=\"elementor-section elementor-top-section elementor-element elementor-element-e3cda49 elementor-section-full_width elementor-section-height-default elementor-section-height-default\" data-id=\"e3cda49\" data-element_type=\"section\" data-e-type=\"section\">\n\t\t\t\t\t\t<div class=\"elementor-container elementor-column-gap-default\">\n\t\t\t\t\t<div class=\"elementor-column elementor-col-100 elementor-top-column elementor-element elementor-element-13d4635\" data-id=\"13d4635\" data-element_type=\"column\" data-e-type=\"column\">\n\t\t\t<div class=\"elementor-widget-wrap elementor-element-populated\">\n\t\t\t\t\t\t<div class=\"elementor-element elementor-element-33980d8 elementor-widget elementor-widget-text-editor\" data-id=\"33980d8\" data-element_type=\"widget\" data-e-type=\"widget\" data-widget_type=\"text-editor.default\">\n\t\t\t\t<div class=\"elementor-widget-container\">\n\t\t\t\t\t\t\t\t\t<h4><span style=\"color: #b40404;\"><b><u>SANT JERONI<\/u><\/b><\/span><\/h4>\n<h5>Seguiremos la excursi\u00f3n por el PR C-78 que se dirige hacia el sur en subida moderada hasta la cresta del Camell de Sant Jeroni, simp\u00e1tico grupo de rocas bastante altivo que bordearemos para encontrar el camino de los Franceses o del Bassal dels Gats que, en direcci\u00f3n norte, nos lleva al collado de las Pinasses.<\/br>\n<\/br>\nEs el momento de subir una nueva cima, la Albarda Castellana (1.178 m), techo comarcal del Baix Llobregat. Desde el collado de las Pinasses tomaremos un sendero en direcci\u00f3n sureste. Una vez superado un primer lomo, encontraremos un paso en traves\u00eda ligeramente expuesto, y unos metros m\u00e1s all\u00e1, un muro vertical de unos cuatro metros que podremos superar con una cuerda fija instalada. Una vez hayamos pasado el paso clave, el camino resulta f\u00e1cil, pero algo descompuesto, hasta la ancha cima de la Albarda Castellana, donde encontraremos un pesebre met\u00e1lico y una placa que nos indica que estamos en la cima m\u00e1s alta del Baix Llobregat.<\/br>\n<\/br>\nRegresaremos al collado de las Pinasses y subiremos a la cima m\u00e1s alta de Montserrat. Desde el collado de las Pinasses un sendero bien marcado nos llevar\u00e1 en direcci\u00f3n noroeste al camino de piedra, con escaleras que desentonan, que nos ayudan a remontar hacia la cima sorteando diferentes bultos de roca y el emplazamiento del antiguo restaurante, hasta el punto culminante, Sant Jeroni (1.236 m).<\/br>\n<\/br>\n\u00c9sta es la ascensi\u00f3n cl\u00e1sica a Montserrat, es la cima m\u00e1s alta de todo el macizo, all\u00ed donde Pedro III vislumbr\u00f3 toda Catalu\u00f1a seg\u00fan Jacint Verdaguer. La cima est\u00e1 formada por dos rocas. En lo alto de la roca principal se encuentra el mirador m\u00e1s frecuentado del macizo, con una mesa de orientaci\u00f3n, rodeado de barandillas. Unos metros al oeste encontramos la segunda cima, que tiene un v\u00e9rtice y puede subirse muy f\u00e1cilmente.<\/br>\n<\/br>\nAbandonaremos la cima de Sant Jeroni por el camino empedrado hasta la capilla de Sant Jeroni, emplazada en medio del collado del Pou de Gla\u00e7, y empezamos a bajar por la ruta habitual del monasterio a Sant Jeroni. El camino sigue el curso del torrente de Santa Maria en su inicio. Cerca de una peque\u00f1a garganta encontramos una bifurcaci\u00f3n con un poste indicador hacia el Pla dels Ocells y el monasterio. Se trata del camino viejo del monasterio a San Jeroni.<\/br>\n<\/br>\nEl camino baja y casi inmediatamente encontramos a mano izquierda el sendero que nos lleva a la ermita de Sant Antoni y al Cavall Bernat, ya en la regi\u00f3n de Sant Antoni o Tebes-Tebaida, pasando por el pie del Cap de Mort. Subir a visitar la ermita de Sant Antoni es opcional en la traves\u00eda que estamos haciendo, pero vale la pena acercarse a ella para disfrutar de la fabulosa vista y aprovechar para subir a la cima de la roca 349.<\/br>\n<\/br>\nLa roca 349 es la cima de encima de la ermita. Podemos subir caminando por un canal, junto a la roca de las Onze. Es un magn\u00edfico mirador y la cima del Pl\u00e0tan de Diables. Podemos redondear nuestra visita a la ermita de Sant Antoni subiendo a la cima del Merlet de la ermita de Sant Antoni, pero est\u00e1 muy expuesto aunque es un tramo corto y la roca es mediocre.<\/br>\n<\/br>\nUna vez visitada la ermita de Sant Antoni, y habiendo subido su cima, bajaremos nuevamente al camino de la sierra de las Lluernes, hacia el Cavall Bernat y las rocas de la sierra de las Lluernes, f\u00e1cilmente identificables en el lado norte del camino; subir la sierra no nos supondr\u00e1 ninguna dificultad. Simplemente se trata de irnos desviando del camino y crestear las diferentes cimas, suaves por el lado sur y verticales por el norte. Disfrutando de la facilidad y la vista de las cimas de la sierra de las Lluernes avanzaremos r\u00e1pidamente hasta el collado de la Canal Plana.<\/br>\n<\/br>\nEn el collado de la Canal Plana el camino principal remonta hacia el collado de Sant Salvador y desciende hacia la ermita de Sant Benet, donde encontraremos el GR 4 &#8211; GR 172, que baja vertiginosamente hacia el monasterio. La bajada desde el collado de San Salvador nos ofrece unas vistas excepcionales de las grandes cimas de la regi\u00f3n de Sant Benet: la Prenyada, la roca de Sant Salvador, m\u00e1s conocida como el Elefant, la M\u00f2mia, la Momieta y el grupo de los Gorros, algo alejado hacia el sur. El camino cuenta con cerca de un millar de escalones de cemento que facilitan el descenso aunque no se adecuan al entorno. Poco antes de llegar al monasterio encontramos el Pas dels Francesos, un grado angosto entre la roca del Pas dels Francesos y los contrafuertes del Elefantet, \u00faltima cima que treparemos antes de llegar al monasterio de Montserrat.<\/br>\n<\/br>\nLa roca del Pas dels Francesos es desplomada por el lado del camino y la cara este, pero por el lado sur nos permite subir a su cumbre f\u00e1cilmente, pero con cierta exposici\u00f3n que habr\u00e1 que valorar. Para subir, pues, nos situaremos en la parte superior del Pas dels Francesos y rodearemos la roca por su parte sur por el paso m\u00e1s evidente hasta la cima. Una vez hayamos subido la roca del Pas dels Francesos s\u00f3lo habr\u00e1 que seguir nuevamente el GR de escalones, que en algunos tramos se engorda siguiendo el torrente de Santa Maria, hasta la plaza del monasterio de Montserrat. Podemos visitar la bas\u00edlica, ir a cualquiera de los miradores o visitar los tenderetes de las campesinas, mercado de tradici\u00f3n centenaria donde podremos adquirir el t\u00edpico reques\u00f3n de Montserrat.<\/h5>\t\t\t\t\t\t\t\t<\/div>\n\t\t\t\t<\/div>\n\t\t\t\t\t<\/div>\n\t\t<\/div>\n\t\t\t\t\t<\/div>\n\t\t<\/section>\n\t\t\t\t<section class=\"elementor-section elementor-top-section elementor-element elementor-element-56d96a6 elementor-section-full_width elementor-section-height-default elementor-section-height-default\" data-id=\"56d96a6\" data-element_type=\"section\" data-e-type=\"section\">\n\t\t\t\t\t\t<div class=\"elementor-container elementor-column-gap-default\">\n\t\t\t\t\t<div class=\"elementor-column elementor-col-100 elementor-top-column elementor-element elementor-element-2907161\" data-id=\"2907161\" data-element_type=\"column\" data-e-type=\"column\">\n\t\t\t<div class=\"elementor-widget-wrap elementor-element-populated\">\n\t\t\t\t\t\t<div class=\"elementor-element elementor-element-dc1b6f9 elementor-widget elementor-widget-image\" data-id=\"dc1b6f9\" data-element_type=\"widget\" data-e-type=\"widget\" data-widget_type=\"image.default\">\n\t\t\t\t<div class=\"elementor-widget-container\">\n\t\t\t\t\t\t\t\t\t\t\t\t\t\t\t<img loading=\"lazy\" decoding=\"async\" width=\"2000\" height=\"1000\" src=\"https:\/\/rutesentrerefugis.com\/wp-content\/uploads\/2025\/09\/Gran-Travessa-Montserrat-13.jpg\" class=\"attachment-full size-full wp-image-28420\" alt=\"\" srcset=\"https:\/\/rutesentrerefugis.com\/wp-content\/uploads\/2025\/09\/Gran-Travessa-Montserrat-13.jpg 2000w, https:\/\/rutesentrerefugis.com\/wp-content\/uploads\/2025\/09\/Gran-Travessa-Montserrat-13-300x150.jpg 300w, https:\/\/rutesentrerefugis.com\/wp-content\/uploads\/2025\/09\/Gran-Travessa-Montserrat-13-1024x512.jpg 1024w, https:\/\/rutesentrerefugis.com\/wp-content\/uploads\/2025\/09\/Gran-Travessa-Montserrat-13-768x384.jpg 768w, https:\/\/rutesentrerefugis.com\/wp-content\/uploads\/2025\/09\/Gran-Travessa-Montserrat-13-1536x768.jpg 1536w\" sizes=\"(max-width: 2000px) 100vw, 2000px\" \/>\t\t\t\t\t\t\t\t\t\t\t\t\t\t\t<\/div>\n\t\t\t\t<\/div>\n\t\t\t\t\t<\/div>\n\t\t<\/div>\n\t\t\t\t\t<\/div>\n\t\t<\/section>\n\t\t\t\t<section class=\"elementor-section elementor-top-section elementor-element elementor-element-5e826a6 elementor-section-full_width elementor-section-height-default elementor-section-height-default\" data-id=\"5e826a6\" data-element_type=\"section\" data-e-type=\"section\">\n\t\t\t\t\t\t\t<div class=\"elementor-background-overlay\"><\/div>\n\t\t\t\t\t\t\t<div class=\"elementor-container elementor-column-gap-default\">\n\t\t\t\t\t<div class=\"elementor-column elementor-col-100 elementor-top-column elementor-element elementor-element-a5363fa\" data-id=\"a5363fa\" data-element_type=\"column\" data-e-type=\"column\">\n\t\t\t<div class=\"elementor-widget-wrap elementor-element-populated\">\n\t\t\t\t\t\t<div class=\"elementor-element elementor-element-bb41d27 elementor-widget elementor-widget-text-editor\" data-id=\"bb41d27\" data-element_type=\"widget\" data-e-type=\"widget\" data-widget_type=\"text-editor.default\">\n\t\t\t\t<div class=\"elementor-widget-container\">\n\t\t\t\t\t\t\t\t\t<h4><span style=\"color: #b40404;\"><b><u>FICHA T\u00c9CNICA<\/u><\/b><\/span><\/h4><h5><span style=\"color: #000000;\"><b>Punto de inicio:<\/b><\/span> Coll de Can Massana<\/h5><h5><span style=\"color: #000000;\"><b>Itinerario:<\/b><\/span> Can Massana &#8211; Coll de Guirl\u00f3 &#8211; Roca Gran de la Portella &#8211; Les Bessones &#8211; Coll de Port &#8211; Montgr\u00f2s &#8211; Sant Jeroni &#8211; Monestir de Montserrat<\/h5><h5><span style=\"color: #000000;\"><b>Tiempo de camino:<\/b><\/span> 8 h.<\/h5><h5><span style=\"color: #000000;\"><b>Desnivel:<\/b><\/span> +1.100 m<\/h5><h5><span style=\"color: #000000;\"><b>Dificultad:<\/b><\/span> Alta<\/h5><h5><span style=\"color: #000000;\"><b>Material:<\/b><\/span> Calzado adherente, casco, talabarde, cuerda auxiliar de 30 m, material para asegurar, agua, viveres, ropa adecuada, mapa.<\/h5>\t\t\t\t\t\t\t\t<\/div>\n\t\t\t\t<\/div>\n\t\t\t\t\t<\/div>\n\t\t<\/div>\n\t\t\t\t\t<\/div>\n\t\t<\/section>\n\t\t\t\t<section class=\"elementor-section elementor-top-section elementor-element elementor-element-43fdae4 elementor-section-full_width elementor-section-height-default elementor-section-height-default\" data-id=\"43fdae4\" data-element_type=\"section\" data-e-type=\"section\">\n\t\t\t\t\t\t<div class=\"elementor-container elementor-column-gap-default\">\n\t\t\t\t\t<div class=\"elementor-column elementor-col-100 elementor-top-column elementor-element elementor-element-4d8f465\" data-id=\"4d8f465\" data-element_type=\"column\" data-e-type=\"column\">\n\t\t\t<div class=\"elementor-widget-wrap elementor-element-populated\">\n\t\t\t\t\t\t<div class=\"elementor-element elementor-element-d1f5194 elementor-widget elementor-widget-spacer\" data-id=\"d1f5194\" data-element_type=\"widget\" data-e-type=\"widget\" data-widget_type=\"spacer.default\">\n\t\t\t\t<div class=\"elementor-widget-container\">\n\t\t\t\t\t\t\t<div class=\"elementor-spacer\">\n\t\t\t<div class=\"elementor-spacer-inner\"><\/div>\n\t\t<\/div>\n\t\t\t\t\t\t<\/div>\n\t\t\t\t<\/div>\n\t\t\t\t\t<\/div>\n\t\t<\/div>\n\t\t\t\t\t<\/div>\n\t\t<\/section>\n\t\t\t\t<section class=\"elementor-section elementor-top-section elementor-element elementor-element-7326131 elementor-section-full_width elementor-section-height-default elementor-section-height-default\" data-id=\"7326131\" data-element_type=\"section\" data-e-type=\"section\" data-settings=\"{&quot;background_background&quot;:&quot;classic&quot;}\">\n\t\t\t\t\t\t<div class=\"elementor-container elementor-column-gap-default\">\n\t\t\t\t\t<div class=\"elementor-column elementor-col-100 elementor-top-column elementor-element elementor-element-93725fa\" data-id=\"93725fa\" data-element_type=\"column\" data-e-type=\"column\">\n\t\t\t<div class=\"elementor-widget-wrap elementor-element-populated\">\n\t\t\t\t\t\t<div class=\"elementor-element elementor-element-3aa8fee elementor-widget elementor-widget-image\" data-id=\"3aa8fee\" data-element_type=\"widget\" data-e-type=\"widget\" data-widget_type=\"image.default\">\n\t\t\t\t<div class=\"elementor-widget-container\">\n\t\t\t\t\t\t\t\t\t\t\t\t\t\t\t<img loading=\"lazy\" decoding=\"async\" width=\"100\" height=\"100\" src=\"https:\/\/rutesentrerefugis.com\/wp-content\/uploads\/2025\/09\/Damia-Perez.jpg\" class=\"attachment-full size-full wp-image-28446\" alt=\"\" \/>\t\t\t\t\t\t\t\t\t\t\t\t\t\t\t<\/div>\n\t\t\t\t<\/div>\n\t\t\t\t\t<\/div>\n\t\t<\/div>\n\t\t\t\t\t<\/div>\n\t\t<\/section>\n\t\t\t\t<section class=\"elementor-section elementor-top-section elementor-element elementor-element-b48e0e9 elementor-section-full_width elementor-section-height-default elementor-section-height-default\" data-id=\"b48e0e9\" data-element_type=\"section\" data-e-type=\"section\" data-settings=\"{&quot;background_background&quot;:&quot;classic&quot;}\">\n\t\t\t\t\t\t<div class=\"elementor-container elementor-column-gap-default\">\n\t\t\t\t\t<div class=\"elementor-column elementor-col-100 elementor-top-column elementor-element elementor-element-d6ee9cf\" data-id=\"d6ee9cf\" data-element_type=\"column\" data-e-type=\"column\">\n\t\t\t<div class=\"elementor-widget-wrap elementor-element-populated\">\n\t\t\t\t\t\t<div class=\"elementor-element elementor-element-f13bb45 elementor-widget elementor-widget-text-editor\" data-id=\"f13bb45\" data-element_type=\"widget\" data-e-type=\"widget\" data-widget_type=\"text-editor.default\">\n\t\t\t\t<div class=\"elementor-widget-container\">\n\t\t\t\t\t\t\t\t\t<h4>DAMI\u00c0 PER\u00c9Z LADAGA<\/h4>\n<h5>(Barcelona, 1976) es t\u00e9cnico en prevenci\u00f3n de riesgos laborales y un apasionado monta\u00f1ero. Se inicia en el excursionismo de bien peque\u00f1o por las monta\u00f1as de Els Brucs y Montserrat y despu\u00e9s por el resto de monta\u00f1as catalanas. De joven se hace socio del Centre Excursionista de Catalunya y empieza a hacer excursiones a la alta monta\u00f1a, pasi\u00f3n que no abandonar\u00e1 hasta el d\u00eda de hoy, y que compagina con el descenso de gargantas consiguiendo ascensiones y descensos en todo el mundo, pero sin olvidar nunca sus monta\u00f1as m\u00e1s queridas, Montserrat y los Pirineos. Es autor del libro \u00abMontserrat, cims sense corda\u00bb premio Artur Osona a la mejor gu\u00eda de monta\u00f1a en lengua catalana del a\u00f1o 2021 y colaborador de la revista Muntanya.<\/h5>\t\t\t\t\t\t\t\t<\/div>\n\t\t\t\t<\/div>\n\t\t\t\t\t<\/div>\n\t\t<\/div>\n\t\t\t\t\t<\/div>\n\t\t<\/section>\n\t\t\t\t<section class=\"elementor-section elementor-top-section elementor-element elementor-element-6862852 elementor-section-full_width elementor-section-height-default elementor-section-height-default\" data-id=\"6862852\" data-element_type=\"section\" data-e-type=\"section\">\n\t\t\t\t\t\t<div class=\"elementor-container elementor-column-gap-default\">\n\t\t\t\t\t<div class=\"elementor-column elementor-col-100 elementor-top-column elementor-element elementor-element-535203f\" data-id=\"535203f\" data-element_type=\"column\" data-e-type=\"column\">\n\t\t\t<div class=\"elementor-widget-wrap elementor-element-populated\">\n\t\t\t\t\t\t<div class=\"elementor-element elementor-element-f58bc22 elementor-widget elementor-widget-spacer\" data-id=\"f58bc22\" data-element_type=\"widget\" data-e-type=\"widget\" data-widget_type=\"spacer.default\">\n\t\t\t\t<div class=\"elementor-widget-container\">\n\t\t\t\t\t\t\t<div class=\"elementor-spacer\">\n\t\t\t<div class=\"elementor-spacer-inner\"><\/div>\n\t\t<\/div>\n\t\t\t\t\t\t<\/div>\n\t\t\t\t<\/div>\n\t\t\t\t\t<\/div>\n\t\t<\/div>\n\t\t\t\t\t<\/div>\n\t\t<\/section>\n\t\t\t\t<section class=\"elementor-section elementor-top-section elementor-element elementor-element-8cdf51e elementor-section-full_width elementor-section-height-default elementor-section-height-default\" data-id=\"8cdf51e\" data-element_type=\"section\" data-e-type=\"section\">\n\t\t\t\t\t\t<div class=\"elementor-container elementor-column-gap-default\">\n\t\t\t\t\t<div class=\"elementor-column elementor-col-100 elementor-top-column elementor-element elementor-element-d0066f3\" data-id=\"d0066f3\" data-element_type=\"column\" data-e-type=\"column\">\n\t\t\t<div class=\"elementor-widget-wrap elementor-element-populated\">\n\t\t\t\t\t\t<div class=\"elementor-element elementor-element-fbbd880 elementor-widget elementor-widget-heading\" data-id=\"fbbd880\" data-element_type=\"widget\" data-e-type=\"widget\" data-widget_type=\"heading.default\">\n\t\t\t\t<div class=\"elementor-widget-container\">\n\t\t\t\t\t<h5 class=\"elementor-heading-title elementor-size-default\"><font color=\"#999999\"><u>Por si quieres compartir esta cr\u00f3nica<\/u><\/font><\/h5>\t\t\t\t<\/div>\n\t\t\t\t<\/div>\n\t\t\t\t\t<\/div>\n\t\t<\/div>\n\t\t\t\t\t<\/div>\n\t\t<\/section>\n\t\t\t\t<section class=\"elementor-section elementor-top-section elementor-element elementor-element-57fc934 elementor-section-full_width elementor-section-height-default elementor-section-height-default\" data-id=\"57fc934\" data-element_type=\"section\" data-e-type=\"section\">\n\t\t\t\t\t\t<div class=\"elementor-container elementor-column-gap-default\">\n\t\t\t\t\t<div class=\"elementor-column elementor-col-100 elementor-top-column elementor-element elementor-element-d8afc0e\" data-id=\"d8afc0e\" data-element_type=\"column\" data-e-type=\"column\">\n\t\t\t<div class=\"elementor-widget-wrap elementor-element-populated\">\n\t\t\t\t\t\t<div class=\"elementor-element elementor-element-fb1f042 elementor-share-buttons--view-icon elementor-share-buttons--skin-framed elementor-share-buttons--shape-circle elementor-share-buttons--color-custom elementor-grid-0 elementor-widget elementor-widget-share-buttons\" data-id=\"fb1f042\" data-element_type=\"widget\" data-e-type=\"widget\" data-widget_type=\"share-buttons.default\">\n\t\t\t\t<div class=\"elementor-widget-container\">\n\t\t\t\t\t\t\t<div class=\"elementor-grid\" role=\"list\">\n\t\t\t\t\t\t\t\t<div class=\"elementor-grid-item\" role=\"listitem\">\n\t\t\t\t\t\t<div class=\"elementor-share-btn elementor-share-btn_facebook\" role=\"button\" tabindex=\"0\" aria-label=\"Compartir en facebook\">\n\t\t\t\t\t\t\t\t\t\t\t\t\t\t\t<span class=\"elementor-share-btn__icon\">\n\t\t\t\t\t\t\t\t<i class=\"fab fa-facebook\" aria-hidden=\"true\"><\/i>\t\t\t\t\t\t\t<\/span>\n\t\t\t\t\t\t\t\t\t\t\t\t\t\t\t\t\t\t\t\t<\/div>\n\t\t\t\t\t<\/div>\n\t\t\t\t\t\t\t\t\t<div class=\"elementor-grid-item\" role=\"listitem\">\n\t\t\t\t\t\t<div class=\"elementor-share-btn elementor-share-btn_twitter\" role=\"button\" tabindex=\"0\" aria-label=\"Compartir en twitter\">\n\t\t\t\t\t\t\t\t\t\t\t\t\t\t\t<span class=\"elementor-share-btn__icon\">\n\t\t\t\t\t\t\t\t<i class=\"fab fa-twitter\" aria-hidden=\"true\"><\/i>\t\t\t\t\t\t\t<\/span>\n\t\t\t\t\t\t\t\t\t\t\t\t\t\t\t\t\t\t\t\t<\/div>\n\t\t\t\t\t<\/div>\n\t\t\t\t\t\t\t\t\t<div class=\"elementor-grid-item\" role=\"listitem\">\n\t\t\t\t\t\t<div class=\"elementor-share-btn elementor-share-btn_telegram\" role=\"button\" tabindex=\"0\" aria-label=\"Compartir en telegram\">\n\t\t\t\t\t\t\t\t\t\t\t\t\t\t\t<span class=\"elementor-share-btn__icon\">\n\t\t\t\t\t\t\t\t<i class=\"fab fa-telegram\" aria-hidden=\"true\"><\/i>\t\t\t\t\t\t\t<\/span>\n\t\t\t\t\t\t\t\t\t\t\t\t\t\t\t\t\t\t\t\t<\/div>\n\t\t\t\t\t<\/div>\n\t\t\t\t\t\t\t\t\t<div class=\"elementor-grid-item\" role=\"listitem\">\n\t\t\t\t\t\t<div class=\"elementor-share-btn elementor-share-btn_pinterest\" role=\"button\" tabindex=\"0\" aria-label=\"Compartir en pinterest\">\n\t\t\t\t\t\t\t\t\t\t\t\t\t\t\t<span class=\"elementor-share-btn__icon\">\n\t\t\t\t\t\t\t\t<i class=\"fab fa-pinterest\" aria-hidden=\"true\"><\/i>\t\t\t\t\t\t\t<\/span>\n\t\t\t\t\t\t\t\t\t\t\t\t\t\t\t\t\t\t\t\t<\/div>\n\t\t\t\t\t<\/div>\n\t\t\t\t\t\t\t\t\t<div class=\"elementor-grid-item\" role=\"listitem\">\n\t\t\t\t\t\t<div class=\"elementor-share-btn elementor-share-btn_whatsapp\" role=\"button\" tabindex=\"0\" aria-label=\"Compartir en whatsapp\">\n\t\t\t\t\t\t\t\t\t\t\t\t\t\t\t<span class=\"elementor-share-btn__icon\">\n\t\t\t\t\t\t\t\t<i class=\"fab fa-whatsapp\" aria-hidden=\"true\"><\/i>\t\t\t\t\t\t\t<\/span>\n\t\t\t\t\t\t\t\t\t\t\t\t\t\t\t\t\t\t\t\t<\/div>\n\t\t\t\t\t<\/div>\n\t\t\t\t\t\t\t\t\t<div class=\"elementor-grid-item\" role=\"listitem\">\n\t\t\t\t\t\t<div class=\"elementor-share-btn elementor-share-btn_email\" role=\"button\" tabindex=\"0\" aria-label=\"Compartir en email\">\n\t\t\t\t\t\t\t\t\t\t\t\t\t\t\t<span class=\"elementor-share-btn__icon\">\n\t\t\t\t\t\t\t\t<i class=\"fas fa-envelope\" aria-hidden=\"true\"><\/i>\t\t\t\t\t\t\t<\/span>\n\t\t\t\t\t\t\t\t\t\t\t\t\t\t\t\t\t\t\t\t<\/div>\n\t\t\t\t\t<\/div>\n\t\t\t\t\t\t\t\t\t<div class=\"elementor-grid-item\" role=\"listitem\">\n\t\t\t\t\t\t<div class=\"elementor-share-btn elementor-share-btn_print\" role=\"button\" tabindex=\"0\" aria-label=\"Compartir en print\">\n\t\t\t\t\t\t\t\t\t\t\t\t\t\t\t<span class=\"elementor-share-btn__icon\">\n\t\t\t\t\t\t\t\t<i class=\"fas fa-print\" aria-hidden=\"true\"><\/i>\t\t\t\t\t\t\t<\/span>\n\t\t\t\t\t\t\t\t\t\t\t\t\t\t\t\t\t\t\t\t<\/div>\n\t\t\t\t\t<\/div>\n\t\t\t\t\t\t<\/div>\n\t\t\t\t\t\t<\/div>\n\t\t\t\t<\/div>\n\t\t\t\t\t<\/div>\n\t\t<\/div>\n\t\t\t\t\t<\/div>\n\t\t<\/section>\n\t\t\t\t<section class=\"elementor-section elementor-top-section elementor-element elementor-element-41314f0 elementor-section-full_width elementor-section-height-default elementor-section-height-default\" data-id=\"41314f0\" data-element_type=\"section\" data-e-type=\"section\">\n\t\t\t\t\t\t<div class=\"elementor-container elementor-column-gap-default\">\n\t\t\t\t\t<div class=\"elementor-column elementor-col-100 elementor-top-column elementor-element elementor-element-8c77b23\" data-id=\"8c77b23\" data-element_type=\"column\" data-e-type=\"column\">\n\t\t\t<div class=\"elementor-widget-wrap elementor-element-populated\">\n\t\t\t\t\t\t<div class=\"elementor-element elementor-element-d32d00e elementor-widget elementor-widget-spacer\" data-id=\"d32d00e\" data-element_type=\"widget\" data-e-type=\"widget\" data-widget_type=\"spacer.default\">\n\t\t\t\t<div class=\"elementor-widget-container\">\n\t\t\t\t\t\t\t<div class=\"elementor-spacer\">\n\t\t\t<div class=\"elementor-spacer-inner\"><\/div>\n\t\t<\/div>\n\t\t\t\t\t\t<\/div>\n\t\t\t\t<\/div>\n\t\t\t\t\t<\/div>\n\t\t<\/div>\n\t\t\t\t\t<\/div>\n\t\t<\/section>\n\t\t\t\t<\/div>\n\t\t","protected":false},"excerpt":{"rendered":"<p>LA GRAN TRAVES\u00cdA DE MONTSERRAT RECORRIENDO EL MACIZO POR AGULLES, GORROS Y CUMBRES Cr\u00f3nica escrita por DAMI\u00c0 PER\u00c9Z y publicada en la REVISTA MUNTANYA (936-937) Excursi\u00f3n cl\u00e1sica y muy espectacular, que permite atravesar todo el macizo de oeste a este, alcanzando las cumbres m\u00e1s emblem\u00e1ticas de cada regi\u00f3n, para terminar en el monasterio de Santa [&hellip;]<\/p>\n","protected":false},"author":73,"featured_media":28362,"comment_status":"open","ping_status":"open","sticky":false,"template":"elementor_header_footer","format":"standard","meta":{"_monsterinsights_skip_tracking":false,"_monsterinsights_sitenote_active":false,"_monsterinsights_sitenote_note":"","_monsterinsights_sitenote_category":0,"footnotes":""},"categories":[5126,5142],"tags":[13076,13079,13082,13085,10110,5636,10374,13088,5914,13091,13094,13097,13100,5158],"class_list":["post-28450","post","type-post","status-publish","format-standard","has-post-thumbnail","hentry","category-blog-es","category-cronicas-es","tag-can-massana-es","tag-centre-excursionista-de-catalunya-es","tag-damia-perez-es","tag-la-gran-travessa-de-montserrat-es","tag-monestir-de-montserrat-es","tag-montserrat-es","tag-parc-natural-de-la-muntanya-de-montserrat-es","tag-refugi-dagulles-es","tag-refugi-vicenc-barbe-es","tag-regio-dagulles-es","tag-regio-de-sant-jeroni-es","tag-regio-dels-ecos-es","tag-regio-dels-frares-encantats-es","tag-revista-muntanya-ca-es"],"yoast_head":"<!-- This site is optimized with the Yoast SEO plugin v27.5 - https:\/\/yoast.com\/product\/yoast-seo-wordpress\/ -->\n<title>LA GRAN TRAVES\u00cdA DE MONTSERRAT - Rutes Entre Refugis<\/title>\n<meta name=\"robots\" content=\"index, follow, max-snippet:-1, max-image-preview:large, max-video-preview:-1\" \/>\n<link rel=\"canonical\" href=\"https:\/\/rutesentrerefugis.com\/index.php\/es\/2025\/09\/09\/la-gran-travesia-de-montserrat\/\" \/>\n<meta property=\"og:locale\" content=\"es_ES\" \/>\n<meta property=\"og:type\" content=\"article\" \/>\n<meta property=\"og:title\" content=\"LA GRAN TRAVES\u00cdA DE MONTSERRAT - Rutes Entre Refugis\" \/>\n<meta property=\"og:description\" content=\"LA GRAN TRAVES\u00cdA DE MONTSERRAT RECORRIENDO EL MACIZO POR AGULLES, GORROS Y CUMBRES Cr\u00f3nica escrita por DAMI\u00c0 PER\u00c9Z y publicada en la REVISTA MUNTANYA (936-937) Excursi\u00f3n cl\u00e1sica y muy espectacular, que permite atravesar todo el macizo de oeste a este, alcanzando las cumbres m\u00e1s emblem\u00e1ticas de cada regi\u00f3n, para terminar en el monasterio de Santa [&hellip;]\" \/>\n<meta property=\"og:url\" content=\"https:\/\/rutesentrerefugis.com\/index.php\/es\/2025\/09\/09\/la-gran-travesia-de-montserrat\/\" \/>\n<meta property=\"og:site_name\" content=\"Rutes Entre Refugis\" \/>\n<meta property=\"article:published_time\" content=\"2025-09-09T16:20:32+00:00\" \/>\n<meta property=\"article:modified_time\" content=\"2025-09-09T16:53:01+00:00\" \/>\n<meta property=\"og:image\" content=\"https:\/\/rutesentrerefugis.com\/wp-content\/uploads\/2025\/09\/Gran-Travessa-Montserrat-Inici.jpg\" \/>\n\t<meta property=\"og:image:width\" content=\"1200\" \/>\n\t<meta property=\"og:image:height\" content=\"800\" \/>\n\t<meta property=\"og:image:type\" content=\"image\/jpeg\" \/>\n<meta name=\"author\" content=\"Damia Perez\" \/>\n<meta name=\"twitter:card\" content=\"summary_large_image\" \/>\n<meta name=\"twitter:label1\" content=\"Escrito por\" \/>\n\t<meta name=\"twitter:data1\" content=\"Damia Perez\" \/>\n\t<meta name=\"twitter:label2\" content=\"Tiempo de lectura\" \/>\n\t<meta name=\"twitter:data2\" content=\"20 minutos\" \/>\n<script type=\"application\/ld+json\" class=\"yoast-schema-graph\">{\"@context\":\"https:\\\/\\\/schema.org\",\"@graph\":[{\"@type\":\"Article\",\"@id\":\"https:\\\/\\\/rutesentrerefugis.com\\\/index.php\\\/es\\\/2025\\\/09\\\/09\\\/la-gran-travesia-de-montserrat\\\/#article\",\"isPartOf\":{\"@id\":\"https:\\\/\\\/rutesentrerefugis.com\\\/index.php\\\/es\\\/2025\\\/09\\\/09\\\/la-gran-travesia-de-montserrat\\\/\"},\"author\":{\"name\":\"Damia Perez\",\"@id\":\"https:\\\/\\\/rutesentrerefugis.com\\\/#\\\/schema\\\/person\\\/53b4430e327f39815b0403ea49b873ad\"},\"headline\":\"LA GRAN TRAVES\u00cdA DE MONTSERRAT\",\"datePublished\":\"2025-09-09T16:20:32+00:00\",\"dateModified\":\"2025-09-09T16:53:01+00:00\",\"mainEntityOfPage\":{\"@id\":\"https:\\\/\\\/rutesentrerefugis.com\\\/index.php\\\/es\\\/2025\\\/09\\\/09\\\/la-gran-travesia-de-montserrat\\\/\"},\"wordCount\":3379,\"commentCount\":0,\"publisher\":{\"@id\":\"https:\\\/\\\/rutesentrerefugis.com\\\/#organization\"},\"image\":{\"@id\":\"https:\\\/\\\/rutesentrerefugis.com\\\/index.php\\\/es\\\/2025\\\/09\\\/09\\\/la-gran-travesia-de-montserrat\\\/#primaryimage\"},\"thumbnailUrl\":\"https:\\\/\\\/rutesentrerefugis.com\\\/wp-content\\\/uploads\\\/2025\\\/09\\\/Gran-Travessa-Montserrat-Inici.jpg\",\"keywords\":[\"Can Massana\",\"Centre Excursionista de Catalunya\",\"Dami\u00e0 Per\u00e9z\",\"La Gran Travessa de Montserrat\",\"Monestir de Montserrat\",\"Montserrat\",\"Parc Natural de la Muntanya de Montserrat\",\"Refugi d'Agulles\",\"Refugi Vicen\u00e7 Barb\u00e9\",\"Regi\u00f3 d'Agulles\",\"Regi\u00f3 de Sant Jeroni\",\"Regi\u00f3 dels Ecos\",\"Regi\u00f3 dels Frares Encantats\",\"Revista Muntanya\"],\"articleSection\":[\"Blog.\",\"Cr\u00f3nicas\"],\"inLanguage\":\"es\",\"potentialAction\":[{\"@type\":\"CommentAction\",\"name\":\"Comment\",\"target\":[\"https:\\\/\\\/rutesentrerefugis.com\\\/index.php\\\/es\\\/2025\\\/09\\\/09\\\/la-gran-travesia-de-montserrat\\\/#respond\"]}]},{\"@type\":\"WebPage\",\"@id\":\"https:\\\/\\\/rutesentrerefugis.com\\\/index.php\\\/es\\\/2025\\\/09\\\/09\\\/la-gran-travesia-de-montserrat\\\/\",\"url\":\"https:\\\/\\\/rutesentrerefugis.com\\\/index.php\\\/es\\\/2025\\\/09\\\/09\\\/la-gran-travesia-de-montserrat\\\/\",\"name\":\"LA GRAN TRAVES\u00cdA DE MONTSERRAT - Rutes Entre Refugis\",\"isPartOf\":{\"@id\":\"https:\\\/\\\/rutesentrerefugis.com\\\/#website\"},\"primaryImageOfPage\":{\"@id\":\"https:\\\/\\\/rutesentrerefugis.com\\\/index.php\\\/es\\\/2025\\\/09\\\/09\\\/la-gran-travesia-de-montserrat\\\/#primaryimage\"},\"image\":{\"@id\":\"https:\\\/\\\/rutesentrerefugis.com\\\/index.php\\\/es\\\/2025\\\/09\\\/09\\\/la-gran-travesia-de-montserrat\\\/#primaryimage\"},\"thumbnailUrl\":\"https:\\\/\\\/rutesentrerefugis.com\\\/wp-content\\\/uploads\\\/2025\\\/09\\\/Gran-Travessa-Montserrat-Inici.jpg\",\"datePublished\":\"2025-09-09T16:20:32+00:00\",\"dateModified\":\"2025-09-09T16:53:01+00:00\",\"breadcrumb\":{\"@id\":\"https:\\\/\\\/rutesentrerefugis.com\\\/index.php\\\/es\\\/2025\\\/09\\\/09\\\/la-gran-travesia-de-montserrat\\\/#breadcrumb\"},\"inLanguage\":\"es\",\"potentialAction\":[{\"@type\":\"ReadAction\",\"target\":[\"https:\\\/\\\/rutesentrerefugis.com\\\/index.php\\\/es\\\/2025\\\/09\\\/09\\\/la-gran-travesia-de-montserrat\\\/\"]}]},{\"@type\":\"ImageObject\",\"inLanguage\":\"es\",\"@id\":\"https:\\\/\\\/rutesentrerefugis.com\\\/index.php\\\/es\\\/2025\\\/09\\\/09\\\/la-gran-travesia-de-montserrat\\\/#primaryimage\",\"url\":\"https:\\\/\\\/rutesentrerefugis.com\\\/wp-content\\\/uploads\\\/2025\\\/09\\\/Gran-Travessa-Montserrat-Inici.jpg\",\"contentUrl\":\"https:\\\/\\\/rutesentrerefugis.com\\\/wp-content\\\/uploads\\\/2025\\\/09\\\/Gran-Travessa-Montserrat-Inici.jpg\",\"width\":1200,\"height\":800},{\"@type\":\"BreadcrumbList\",\"@id\":\"https:\\\/\\\/rutesentrerefugis.com\\\/index.php\\\/es\\\/2025\\\/09\\\/09\\\/la-gran-travesia-de-montserrat\\\/#breadcrumb\",\"itemListElement\":[{\"@type\":\"ListItem\",\"position\":1,\"name\":\"Inici\",\"item\":\"https:\\\/\\\/rutesentrerefugis.com\\\/\"},{\"@type\":\"ListItem\",\"position\":2,\"name\":\"LA GRAN TRAVES\u00cdA DE MONTSERRAT\"}]},{\"@type\":\"WebSite\",\"@id\":\"https:\\\/\\\/rutesentrerefugis.com\\\/#website\",\"url\":\"https:\\\/\\\/rutesentrerefugis.com\\\/\",\"name\":\"Rutes Entre Refugis\",\"description\":\"Caminant sota un nom\",\"publisher\":{\"@id\":\"https:\\\/\\\/rutesentrerefugis.com\\\/#organization\"},\"potentialAction\":[{\"@type\":\"SearchAction\",\"target\":{\"@type\":\"EntryPoint\",\"urlTemplate\":\"https:\\\/\\\/rutesentrerefugis.com\\\/?s={search_term_string}\"},\"query-input\":{\"@type\":\"PropertyValueSpecification\",\"valueRequired\":true,\"valueName\":\"search_term_string\"}}],\"inLanguage\":\"es\"},{\"@type\":\"Organization\",\"@id\":\"https:\\\/\\\/rutesentrerefugis.com\\\/#organization\",\"name\":\"Rutes Entre Refugis\",\"url\":\"https:\\\/\\\/rutesentrerefugis.com\\\/\",\"logo\":{\"@type\":\"ImageObject\",\"inLanguage\":\"es\",\"@id\":\"https:\\\/\\\/rutesentrerefugis.com\\\/#\\\/schema\\\/logo\\\/image\\\/\",\"url\":\"https:\\\/\\\/rutesentrerefugis.com\\\/wp-content\\\/uploads\\\/2022\\\/08\\\/RutesEntreRefugis-Blanc-Retina-1.png\",\"contentUrl\":\"https:\\\/\\\/rutesentrerefugis.com\\\/wp-content\\\/uploads\\\/2022\\\/08\\\/RutesEntreRefugis-Blanc-Retina-1.png\",\"width\":400,\"height\":400,\"caption\":\"Rutes Entre Refugis\"},\"image\":{\"@id\":\"https:\\\/\\\/rutesentrerefugis.com\\\/#\\\/schema\\\/logo\\\/image\\\/\"}},{\"@type\":\"Person\",\"@id\":\"https:\\\/\\\/rutesentrerefugis.com\\\/#\\\/schema\\\/person\\\/53b4430e327f39815b0403ea49b873ad\",\"name\":\"Damia Perez\",\"image\":{\"@type\":\"ImageObject\",\"inLanguage\":\"es\",\"@id\":\"https:\\\/\\\/rutesentrerefugis.com\\\/wp-content\\\/uploads\\\/2025\\\/09\\\/avatar_user_73_1757356151-96x96.jpg\",\"url\":\"https:\\\/\\\/rutesentrerefugis.com\\\/wp-content\\\/uploads\\\/2025\\\/09\\\/avatar_user_73_1757356151-96x96.jpg\",\"contentUrl\":\"https:\\\/\\\/rutesentrerefugis.com\\\/wp-content\\\/uploads\\\/2025\\\/09\\\/avatar_user_73_1757356151-96x96.jpg\",\"caption\":\"Damia Perez\"},\"url\":\"https:\\\/\\\/rutesentrerefugis.com\\\/index.php\\\/author\\\/damia-perez\\\/\"}]}<\/script>\n<!-- \/ Yoast SEO plugin. -->","yoast_head_json":{"title":"LA GRAN TRAVES\u00cdA DE MONTSERRAT - Rutes Entre Refugis","robots":{"index":"index","follow":"follow","max-snippet":"max-snippet:-1","max-image-preview":"max-image-preview:large","max-video-preview":"max-video-preview:-1"},"canonical":"https:\/\/rutesentrerefugis.com\/index.php\/es\/2025\/09\/09\/la-gran-travesia-de-montserrat\/","og_locale":"es_ES","og_type":"article","og_title":"LA GRAN TRAVES\u00cdA DE MONTSERRAT - Rutes Entre Refugis","og_description":"LA GRAN TRAVES\u00cdA DE MONTSERRAT RECORRIENDO EL MACIZO POR AGULLES, GORROS Y CUMBRES Cr\u00f3nica escrita por DAMI\u00c0 PER\u00c9Z y publicada en la REVISTA MUNTANYA (936-937) Excursi\u00f3n cl\u00e1sica y muy espectacular, que permite atravesar todo el macizo de oeste a este, alcanzando las cumbres m\u00e1s emblem\u00e1ticas de cada regi\u00f3n, para terminar en el monasterio de Santa [&hellip;]","og_url":"https:\/\/rutesentrerefugis.com\/index.php\/es\/2025\/09\/09\/la-gran-travesia-de-montserrat\/","og_site_name":"Rutes Entre Refugis","article_published_time":"2025-09-09T16:20:32+00:00","article_modified_time":"2025-09-09T16:53:01+00:00","og_image":[{"width":1200,"height":800,"url":"https:\/\/rutesentrerefugis.com\/wp-content\/uploads\/2025\/09\/Gran-Travessa-Montserrat-Inici.jpg","type":"image\/jpeg"}],"author":"Damia Perez","twitter_card":"summary_large_image","twitter_misc":{"Escrito por":"Damia Perez","Tiempo de lectura":"20 minutos"},"schema":{"@context":"https:\/\/schema.org","@graph":[{"@type":"Article","@id":"https:\/\/rutesentrerefugis.com\/index.php\/es\/2025\/09\/09\/la-gran-travesia-de-montserrat\/#article","isPartOf":{"@id":"https:\/\/rutesentrerefugis.com\/index.php\/es\/2025\/09\/09\/la-gran-travesia-de-montserrat\/"},"author":{"name":"Damia Perez","@id":"https:\/\/rutesentrerefugis.com\/#\/schema\/person\/53b4430e327f39815b0403ea49b873ad"},"headline":"LA GRAN TRAVES\u00cdA DE MONTSERRAT","datePublished":"2025-09-09T16:20:32+00:00","dateModified":"2025-09-09T16:53:01+00:00","mainEntityOfPage":{"@id":"https:\/\/rutesentrerefugis.com\/index.php\/es\/2025\/09\/09\/la-gran-travesia-de-montserrat\/"},"wordCount":3379,"commentCount":0,"publisher":{"@id":"https:\/\/rutesentrerefugis.com\/#organization"},"image":{"@id":"https:\/\/rutesentrerefugis.com\/index.php\/es\/2025\/09\/09\/la-gran-travesia-de-montserrat\/#primaryimage"},"thumbnailUrl":"https:\/\/rutesentrerefugis.com\/wp-content\/uploads\/2025\/09\/Gran-Travessa-Montserrat-Inici.jpg","keywords":["Can Massana","Centre Excursionista de Catalunya","Dami\u00e0 Per\u00e9z","La Gran Travessa de Montserrat","Monestir de Montserrat","Montserrat","Parc Natural de la Muntanya de Montserrat","Refugi d'Agulles","Refugi Vicen\u00e7 Barb\u00e9","Regi\u00f3 d'Agulles","Regi\u00f3 de Sant Jeroni","Regi\u00f3 dels Ecos","Regi\u00f3 dels Frares Encantats","Revista Muntanya"],"articleSection":["Blog.","Cr\u00f3nicas"],"inLanguage":"es","potentialAction":[{"@type":"CommentAction","name":"Comment","target":["https:\/\/rutesentrerefugis.com\/index.php\/es\/2025\/09\/09\/la-gran-travesia-de-montserrat\/#respond"]}]},{"@type":"WebPage","@id":"https:\/\/rutesentrerefugis.com\/index.php\/es\/2025\/09\/09\/la-gran-travesia-de-montserrat\/","url":"https:\/\/rutesentrerefugis.com\/index.php\/es\/2025\/09\/09\/la-gran-travesia-de-montserrat\/","name":"LA GRAN TRAVES\u00cdA DE MONTSERRAT - Rutes Entre Refugis","isPartOf":{"@id":"https:\/\/rutesentrerefugis.com\/#website"},"primaryImageOfPage":{"@id":"https:\/\/rutesentrerefugis.com\/index.php\/es\/2025\/09\/09\/la-gran-travesia-de-montserrat\/#primaryimage"},"image":{"@id":"https:\/\/rutesentrerefugis.com\/index.php\/es\/2025\/09\/09\/la-gran-travesia-de-montserrat\/#primaryimage"},"thumbnailUrl":"https:\/\/rutesentrerefugis.com\/wp-content\/uploads\/2025\/09\/Gran-Travessa-Montserrat-Inici.jpg","datePublished":"2025-09-09T16:20:32+00:00","dateModified":"2025-09-09T16:53:01+00:00","breadcrumb":{"@id":"https:\/\/rutesentrerefugis.com\/index.php\/es\/2025\/09\/09\/la-gran-travesia-de-montserrat\/#breadcrumb"},"inLanguage":"es","potentialAction":[{"@type":"ReadAction","target":["https:\/\/rutesentrerefugis.com\/index.php\/es\/2025\/09\/09\/la-gran-travesia-de-montserrat\/"]}]},{"@type":"ImageObject","inLanguage":"es","@id":"https:\/\/rutesentrerefugis.com\/index.php\/es\/2025\/09\/09\/la-gran-travesia-de-montserrat\/#primaryimage","url":"https:\/\/rutesentrerefugis.com\/wp-content\/uploads\/2025\/09\/Gran-Travessa-Montserrat-Inici.jpg","contentUrl":"https:\/\/rutesentrerefugis.com\/wp-content\/uploads\/2025\/09\/Gran-Travessa-Montserrat-Inici.jpg","width":1200,"height":800},{"@type":"BreadcrumbList","@id":"https:\/\/rutesentrerefugis.com\/index.php\/es\/2025\/09\/09\/la-gran-travesia-de-montserrat\/#breadcrumb","itemListElement":[{"@type":"ListItem","position":1,"name":"Inici","item":"https:\/\/rutesentrerefugis.com\/"},{"@type":"ListItem","position":2,"name":"LA GRAN TRAVES\u00cdA DE MONTSERRAT"}]},{"@type":"WebSite","@id":"https:\/\/rutesentrerefugis.com\/#website","url":"https:\/\/rutesentrerefugis.com\/","name":"Rutes Entre Refugis","description":"Caminant sota un nom","publisher":{"@id":"https:\/\/rutesentrerefugis.com\/#organization"},"potentialAction":[{"@type":"SearchAction","target":{"@type":"EntryPoint","urlTemplate":"https:\/\/rutesentrerefugis.com\/?s={search_term_string}"},"query-input":{"@type":"PropertyValueSpecification","valueRequired":true,"valueName":"search_term_string"}}],"inLanguage":"es"},{"@type":"Organization","@id":"https:\/\/rutesentrerefugis.com\/#organization","name":"Rutes Entre Refugis","url":"https:\/\/rutesentrerefugis.com\/","logo":{"@type":"ImageObject","inLanguage":"es","@id":"https:\/\/rutesentrerefugis.com\/#\/schema\/logo\/image\/","url":"https:\/\/rutesentrerefugis.com\/wp-content\/uploads\/2022\/08\/RutesEntreRefugis-Blanc-Retina-1.png","contentUrl":"https:\/\/rutesentrerefugis.com\/wp-content\/uploads\/2022\/08\/RutesEntreRefugis-Blanc-Retina-1.png","width":400,"height":400,"caption":"Rutes Entre Refugis"},"image":{"@id":"https:\/\/rutesentrerefugis.com\/#\/schema\/logo\/image\/"}},{"@type":"Person","@id":"https:\/\/rutesentrerefugis.com\/#\/schema\/person\/53b4430e327f39815b0403ea49b873ad","name":"Damia Perez","image":{"@type":"ImageObject","inLanguage":"es","@id":"https:\/\/rutesentrerefugis.com\/wp-content\/uploads\/2025\/09\/avatar_user_73_1757356151-96x96.jpg","url":"https:\/\/rutesentrerefugis.com\/wp-content\/uploads\/2025\/09\/avatar_user_73_1757356151-96x96.jpg","contentUrl":"https:\/\/rutesentrerefugis.com\/wp-content\/uploads\/2025\/09\/avatar_user_73_1757356151-96x96.jpg","caption":"Damia Perez"},"url":"https:\/\/rutesentrerefugis.com\/index.php\/author\/damia-perez\/"}]}},"_links":{"self":[{"href":"https:\/\/rutesentrerefugis.com\/index.php\/wp-json\/wp\/v2\/posts\/28450","targetHints":{"allow":["GET"]}}],"collection":[{"href":"https:\/\/rutesentrerefugis.com\/index.php\/wp-json\/wp\/v2\/posts"}],"about":[{"href":"https:\/\/rutesentrerefugis.com\/index.php\/wp-json\/wp\/v2\/types\/post"}],"author":[{"embeddable":true,"href":"https:\/\/rutesentrerefugis.com\/index.php\/wp-json\/wp\/v2\/users\/73"}],"replies":[{"embeddable":true,"href":"https:\/\/rutesentrerefugis.com\/index.php\/wp-json\/wp\/v2\/comments?post=28450"}],"version-history":[{"count":44,"href":"https:\/\/rutesentrerefugis.com\/index.php\/wp-json\/wp\/v2\/posts\/28450\/revisions"}],"predecessor-version":[{"id":28495,"href":"https:\/\/rutesentrerefugis.com\/index.php\/wp-json\/wp\/v2\/posts\/28450\/revisions\/28495"}],"wp:featuredmedia":[{"embeddable":true,"href":"https:\/\/rutesentrerefugis.com\/index.php\/wp-json\/wp\/v2\/media\/28362"}],"wp:attachment":[{"href":"https:\/\/rutesentrerefugis.com\/index.php\/wp-json\/wp\/v2\/media?parent=28450"}],"wp:term":[{"taxonomy":"category","embeddable":true,"href":"https:\/\/rutesentrerefugis.com\/index.php\/wp-json\/wp\/v2\/categories?post=28450"},{"taxonomy":"post_tag","embeddable":true,"href":"https:\/\/rutesentrerefugis.com\/index.php\/wp-json\/wp\/v2\/tags?post=28450"}],"curies":[{"name":"wp","href":"https:\/\/api.w.org\/{rel}","templated":true}]}}