{"id":28897,"date":"2025-10-15T16:36:41","date_gmt":"2025-10-15T16:36:41","guid":{"rendered":"https:\/\/rutesentrerefugis.com\/?p=28897"},"modified":"2025-10-15T18:11:07","modified_gmt":"2025-10-15T18:11:07","slug":"alpinisme-de-seca","status":"publish","type":"post","link":"https:\/\/rutesentrerefugis.com\/index.php\/2025\/10\/15\/alpinisme-de-seca\/","title":{"rendered":"ALPINISME DE SECA"},"content":{"rendered":"\t\t<div data-elementor-type=\"wp-post\" data-elementor-id=\"28897\" class=\"elementor elementor-28897\" data-elementor-post-type=\"post\">\n\t\t\t\t\t\t<section class=\"elementor-section elementor-top-section elementor-element elementor-element-49e71f9 elementor-section-full_width elementor-section-height-default elementor-section-height-default\" data-id=\"49e71f9\" data-element_type=\"section\" data-e-type=\"section\">\n\t\t\t\t\t\t<div class=\"elementor-container elementor-column-gap-default\">\n\t\t\t\t\t<div class=\"elementor-column elementor-col-100 elementor-top-column elementor-element elementor-element-e8a3f1b\" data-id=\"e8a3f1b\" data-element_type=\"column\" data-e-type=\"column\" data-settings=\"{&quot;background_background&quot;:&quot;classic&quot;}\">\n\t\t\t<div class=\"elementor-widget-wrap elementor-element-populated\">\n\t\t\t\t\t\t<div class=\"elementor-element elementor-element-e0bd260 elementor-widget elementor-widget-image\" data-id=\"e0bd260\" data-element_type=\"widget\" data-e-type=\"widget\" data-widget_type=\"image.default\">\n\t\t\t\t<div class=\"elementor-widget-container\">\n\t\t\t\t\t\t\t\t\t\t\t\t\t\t\t<img fetchpriority=\"high\" decoding=\"async\" width=\"2000\" height=\"450\" src=\"https:\/\/rutesentrerefugis.com\/wp-content\/uploads\/2025\/10\/Alpinisme-de-Seca-Cap.jpg\" class=\"attachment-full size-full wp-image-28954\" alt=\"\" srcset=\"https:\/\/rutesentrerefugis.com\/wp-content\/uploads\/2025\/10\/Alpinisme-de-Seca-Cap.jpg 2000w, https:\/\/rutesentrerefugis.com\/wp-content\/uploads\/2025\/10\/Alpinisme-de-Seca-Cap-300x68.jpg 300w, https:\/\/rutesentrerefugis.com\/wp-content\/uploads\/2025\/10\/Alpinisme-de-Seca-Cap-1024x230.jpg 1024w, https:\/\/rutesentrerefugis.com\/wp-content\/uploads\/2025\/10\/Alpinisme-de-Seca-Cap-768x173.jpg 768w, https:\/\/rutesentrerefugis.com\/wp-content\/uploads\/2025\/10\/Alpinisme-de-Seca-Cap-1536x346.jpg 1536w\" sizes=\"(max-width: 2000px) 100vw, 2000px\" \/>\t\t\t\t\t\t\t\t\t\t\t\t\t\t\t<\/div>\n\t\t\t\t<\/div>\n\t\t\t\t\t<\/div>\n\t\t<\/div>\n\t\t\t\t\t<\/div>\n\t\t<\/section>\n\t\t\t\t<section class=\"elementor-section elementor-top-section elementor-element elementor-element-f5da543 elementor-section-full_width elementor-section-height-default elementor-section-height-default\" data-id=\"f5da543\" data-element_type=\"section\" data-e-type=\"section\">\n\t\t\t\t\t\t<div class=\"elementor-container elementor-column-gap-default\">\n\t\t\t\t\t<div class=\"elementor-column elementor-col-100 elementor-top-column elementor-element elementor-element-a7b3bf6\" data-id=\"a7b3bf6\" data-element_type=\"column\" data-e-type=\"column\" data-settings=\"{&quot;background_background&quot;:&quot;classic&quot;}\">\n\t\t\t<div class=\"elementor-widget-wrap elementor-element-populated\">\n\t\t\t\t\t\t<div class=\"elementor-element elementor-element-904cab1 elementor-widget elementor-widget-heading\" data-id=\"904cab1\" data-element_type=\"widget\" data-e-type=\"widget\" data-widget_type=\"heading.default\">\n\t\t\t\t<div class=\"elementor-widget-container\">\n\t\t\t\t\t<h2 class=\"elementor-heading-title elementor-size-default\">ALPINISME DE SEC\u00c0<\/h2>\t\t\t\t<\/div>\n\t\t\t\t<\/div>\n\t\t\t\t\t<\/div>\n\t\t<\/div>\n\t\t\t\t\t<\/div>\n\t\t<\/section>\n\t\t\t\t<section class=\"elementor-section elementor-top-section elementor-element elementor-element-6dc0412 elementor-section-full_width elementor-section-height-default elementor-section-height-default\" data-id=\"6dc0412\" data-element_type=\"section\" data-e-type=\"section\">\n\t\t\t\t\t\t<div class=\"elementor-container elementor-column-gap-default\">\n\t\t\t\t\t<div class=\"elementor-column elementor-col-100 elementor-top-column elementor-element elementor-element-414505c\" data-id=\"414505c\" data-element_type=\"column\" data-e-type=\"column\" data-settings=\"{&quot;background_background&quot;:&quot;classic&quot;}\">\n\t\t\t<div class=\"elementor-widget-wrap elementor-element-populated\">\n\t\t\t\t\t\t<div class=\"elementor-element elementor-element-5b37f04 elementor-widget-divider--view-line elementor-widget elementor-widget-divider\" data-id=\"5b37f04\" data-element_type=\"widget\" data-e-type=\"widget\" data-widget_type=\"divider.default\">\n\t\t\t\t<div class=\"elementor-widget-container\">\n\t\t\t\t\t\t\t<div class=\"elementor-divider\">\n\t\t\t<span class=\"elementor-divider-separator\">\n\t\t\t\t\t\t<\/span>\n\t\t<\/div>\n\t\t\t\t\t\t<\/div>\n\t\t\t\t<\/div>\n\t\t\t\t\t<\/div>\n\t\t<\/div>\n\t\t\t\t\t<\/div>\n\t\t<\/section>\n\t\t\t\t<section class=\"elementor-section elementor-top-section elementor-element elementor-element-42fd159 elementor-section-full_width elementor-section-height-default elementor-section-height-default\" data-id=\"42fd159\" data-element_type=\"section\" data-e-type=\"section\">\n\t\t\t\t\t\t<div class=\"elementor-container elementor-column-gap-default\">\n\t\t\t\t\t<div class=\"elementor-column elementor-col-100 elementor-top-column elementor-element elementor-element-35641fc\" data-id=\"35641fc\" data-element_type=\"column\" data-e-type=\"column\">\n\t\t\t<div class=\"elementor-widget-wrap elementor-element-populated\">\n\t\t\t\t\t\t<div class=\"elementor-element elementor-element-c647afa elementor-widget elementor-widget-spacer\" data-id=\"c647afa\" data-element_type=\"widget\" data-e-type=\"widget\" data-widget_type=\"spacer.default\">\n\t\t\t\t<div class=\"elementor-widget-container\">\n\t\t\t\t\t\t\t<div class=\"elementor-spacer\">\n\t\t\t<div class=\"elementor-spacer-inner\"><\/div>\n\t\t<\/div>\n\t\t\t\t\t\t<\/div>\n\t\t\t\t<\/div>\n\t\t\t\t\t<\/div>\n\t\t<\/div>\n\t\t\t\t\t<\/div>\n\t\t<\/section>\n\t\t\t\t<section class=\"elementor-section elementor-top-section elementor-element elementor-element-71d3942 elementor-section-full_width elementor-section-height-default elementor-section-height-default\" data-id=\"71d3942\" data-element_type=\"section\" data-e-type=\"section\">\n\t\t\t\t\t\t<div class=\"elementor-container elementor-column-gap-default\">\n\t\t\t\t\t<div class=\"elementor-column elementor-col-100 elementor-top-column elementor-element elementor-element-991de4d\" data-id=\"991de4d\" data-element_type=\"column\" data-e-type=\"column\">\n\t\t\t<div class=\"elementor-widget-wrap elementor-element-populated\">\n\t\t\t\t\t\t<div class=\"elementor-element elementor-element-bdbabf5 elementor-widget elementor-widget-heading\" data-id=\"bdbabf5\" data-element_type=\"widget\" data-e-type=\"widget\" data-widget_type=\"heading.default\">\n\t\t\t\t<div class=\"elementor-widget-container\">\n\t\t\t\t\t<h2 class=\"elementor-heading-title elementor-size-default\">L'ESS\u00c8NCIA DE L'ESCALADA NATURAL<\/h2>\t\t\t\t<\/div>\n\t\t\t\t<\/div>\n\t\t\t\t\t<\/div>\n\t\t<\/div>\n\t\t\t\t\t<\/div>\n\t\t<\/section>\n\t\t\t\t<section class=\"elementor-section elementor-top-section elementor-element elementor-element-75d0eec elementor-section-full_width elementor-section-height-default elementor-section-height-default\" data-id=\"75d0eec\" data-element_type=\"section\" data-e-type=\"section\">\n\t\t\t\t\t\t<div class=\"elementor-container elementor-column-gap-default\">\n\t\t\t\t\t<div class=\"elementor-column elementor-col-100 elementor-top-column elementor-element elementor-element-2125826\" data-id=\"2125826\" data-element_type=\"column\" data-e-type=\"column\">\n\t\t\t<div class=\"elementor-widget-wrap elementor-element-populated\">\n\t\t\t\t\t\t<div class=\"elementor-element elementor-element-5711d63 elementor-widget elementor-widget-text-editor\" data-id=\"5711d63\" data-element_type=\"widget\" data-e-type=\"widget\" data-widget_type=\"text-editor.default\">\n\t\t\t\t<div class=\"elementor-widget-container\">\n\t\t\t\t\t\t\t\t\t<h6>Fragment del llibre \u2018ALPINISME DE SEC\u00c0\u2019, escrit per l&#8217;EDU SALLENT,<br \/>amb pr\u00f2leg de JORDI COROMINAS i publicat per COSSET\u00c0NIA EDICIONS<\/h6>\t\t\t\t\t\t\t\t<\/div>\n\t\t\t\t<\/div>\n\t\t\t\t\t<\/div>\n\t\t<\/div>\n\t\t\t\t\t<\/div>\n\t\t<\/section>\n\t\t\t\t<section class=\"elementor-section elementor-top-section elementor-element elementor-element-43fdae4 elementor-section-full_width elementor-section-height-default elementor-section-height-default\" data-id=\"43fdae4\" data-element_type=\"section\" data-e-type=\"section\">\n\t\t\t\t\t\t<div class=\"elementor-container elementor-column-gap-default\">\n\t\t\t\t\t<div class=\"elementor-column elementor-col-100 elementor-top-column elementor-element elementor-element-4d8f465\" data-id=\"4d8f465\" data-element_type=\"column\" data-e-type=\"column\">\n\t\t\t<div class=\"elementor-widget-wrap elementor-element-populated\">\n\t\t\t\t\t\t<div class=\"elementor-element elementor-element-d1f5194 elementor-widget elementor-widget-spacer\" data-id=\"d1f5194\" data-element_type=\"widget\" data-e-type=\"widget\" data-widget_type=\"spacer.default\">\n\t\t\t\t<div class=\"elementor-widget-container\">\n\t\t\t\t\t\t\t<div class=\"elementor-spacer\">\n\t\t\t<div class=\"elementor-spacer-inner\"><\/div>\n\t\t<\/div>\n\t\t\t\t\t\t<\/div>\n\t\t\t\t<\/div>\n\t\t\t\t\t<\/div>\n\t\t<\/div>\n\t\t\t\t\t<\/div>\n\t\t<\/section>\n\t\t\t\t<section class=\"elementor-section elementor-top-section elementor-element elementor-element-82d921b elementor-section-full_width elementor-section-height-default elementor-section-height-default\" data-id=\"82d921b\" data-element_type=\"section\" data-e-type=\"section\">\n\t\t\t\t\t\t<div class=\"elementor-container elementor-column-gap-default\">\n\t\t\t\t\t<div class=\"elementor-column elementor-col-33 elementor-top-column elementor-element elementor-element-5f20fde\" data-id=\"5f20fde\" data-element_type=\"column\" data-e-type=\"column\">\n\t\t\t<div class=\"elementor-widget-wrap elementor-element-populated\">\n\t\t\t\t\t\t<div class=\"elementor-element elementor-element-76fab00 elementor-widget elementor-widget-image\" data-id=\"76fab00\" data-element_type=\"widget\" data-e-type=\"widget\" data-widget_type=\"image.default\">\n\t\t\t\t<div class=\"elementor-widget-container\">\n\t\t\t\t\t\t\t\t\t\t\t\t\t\t\t<img decoding=\"async\" width=\"500\" height=\"750\" src=\"https:\/\/rutesentrerefugis.com\/wp-content\/uploads\/2025\/10\/Alpinisme-de-Seca.jpg\" class=\"attachment-full size-full wp-image-28902\" alt=\"\" srcset=\"https:\/\/rutesentrerefugis.com\/wp-content\/uploads\/2025\/10\/Alpinisme-de-Seca.jpg 500w, https:\/\/rutesentrerefugis.com\/wp-content\/uploads\/2025\/10\/Alpinisme-de-Seca-200x300.jpg 200w\" sizes=\"(max-width: 500px) 100vw, 500px\" \/>\t\t\t\t\t\t\t\t\t\t\t\t\t\t\t<\/div>\n\t\t\t\t<\/div>\n\t\t\t\t<div class=\"elementor-element elementor-element-d370a68 elementor-widget elementor-widget-text-editor\" data-id=\"d370a68\" data-element_type=\"widget\" data-e-type=\"widget\" data-widget_type=\"text-editor.default\">\n\t\t\t\t<div class=\"elementor-widget-container\">\n\t\t\t\t\t\t\t\t\t<h6>Any 2019. Alps Italians. Mont Blanc, via del Papa. Quatre alpinistes remunten fins al refugi Gonella amb la intenci\u00f3 de fer el cim l\u2019endem\u00e0. Un dels dos m\u00e9s experts, l\u2019Edu, lluita contra una dificultat recentment diagnosticada: l\u2019asma. Mentre avan\u00e7a penosament ca\u00e7ant aire i molt endarrere del grup s\u2019adona que haur\u00e0 de canviar d\u2019objectiu: el cim pel refugi. L\u2019endem\u00e0, mentre espera a la cabana el retorn dels companys, el seu inconscient es posa a treballar. I la in\u00e8rcia de la vida li porta un regal tan inesperat com necessari: l\u2019aparici\u00f3 de l\u2019Edie. A partir d\u2019aquesta trobada tot ser\u00e0 una disbauxa d\u2019aventures rocambolesques on els valors del vertader alpinisme, a banda de la neu de les al\u00e7ades, no canvien.<\/br>\n<\/br>\nAlpinisme de sec\u00e0 \u00e9s un llibre del pur estil d\u2019Edu Sallent, amb aquella barreja de descripcions, sentiment i fogonades de bona literatura, amb un meravell\u00f3s equilibri de sensibilitat, poesia i saviesa. Una obra amb una for\u00e7a humana tan potent que \u00e9s capa\u00e7 de desbordar passi\u00f3, felicitat, r\u00e0bia, superaci\u00f3, resili\u00e8ncia, autenticitat, aventura genu\u00efna, comprom\u00eds i defensa de l\u2019amistat.<\/H6>\t\t\t\t\t\t\t\t<\/div>\n\t\t\t\t<\/div>\n\t\t\t\t\t<\/div>\n\t\t<\/div>\n\t\t\t\t<div class=\"elementor-column elementor-col-66 elementor-top-column elementor-element elementor-element-aac899d\" data-id=\"aac899d\" data-element_type=\"column\" data-e-type=\"column\">\n\t\t\t<div class=\"elementor-widget-wrap elementor-element-populated\">\n\t\t\t\t\t\t<div class=\"elementor-element elementor-element-8e63c33 elementor-widget elementor-widget-text-editor\" data-id=\"8e63c33\" data-element_type=\"widget\" data-e-type=\"widget\" data-widget_type=\"text-editor.default\">\n\t\t\t\t<div class=\"elementor-widget-container\">\n\t\t\t\t\t\t\t\t\t<h2><span style=\"color: #000000;\">PR\u00d2LEG<\/span><\/h2>\t\t\t\t\t\t\t\t<\/div>\n\t\t\t\t<\/div>\n\t\t\t\t<div class=\"elementor-element elementor-element-9653ca0 elementor-widget elementor-widget-text-editor\" data-id=\"9653ca0\" data-element_type=\"widget\" data-e-type=\"widget\" data-widget_type=\"text-editor.default\">\n\t\t\t\t<div class=\"elementor-widget-container\">\n\t\t\t\t\t\t\t\t\t<h5>Ja est\u00e0! Una altra vegada. Qui em mana a mi ficar-me en dificultats de nou? Tan b\u00e9 que estaria amb la boca tancada&#8230; Per\u00f2 \u00e9s superior a les meves forces. Em plantegen un nou repte i no puc negar-m\u2019hi; \u00e9s igual que sigui de muntanya, femen\u00ed o literari, m\u2019hi fico de cap. Ara l\u2019Edu em demana un pr\u00f2leg per al seu nou llibre. B\u00e9, l\u2019avantatge \u00e9s que la literatura tan sols em pot fer venir mal de cap, o aix\u00f2 espero&#8230; Tret que un foli em salti al coll, no em sembla que el meu f\u00edsic se\u2019n pugui ressentir gaire m\u00e9s, encara que el risc zero mai existeix.<\/br>\n<\/br>\nPer qu\u00e8 unes certes persones s\u00f3n gaireb\u00e9 sempre on no haurien de ser? Mullant-se enmig de la pluja, penjats en un estret repl\u00e0 abocat al buit, perduts al bosc, cansats despr\u00e9s de donar voltes com a pollastres sense cap, famolencs o deshidratats. Qui els obliga a fi- car-se de nou en terreny desconegut? I a m\u00e9s ho fan conscientment, perqu\u00e8 volen&#8230; Per qu\u00e8 es compliquen la vida ells mateixos quan podrien haver-se decantat per l\u2019opci\u00f3 m\u00e9s f\u00e0cil? \u00abEsteu bojos\u00bb, els etiqueten els altres, i no m\u2019estranya. No t\u00e9 sentit aquest estar dis- conforme constantment, el buscar-li cinc peus al gat, el no acceptar la primera soluci\u00f3 que se\u2019ns presenta. O s\u00ed? T\u00e9 alguna l\u00f2gica?<\/br>\n<\/br>\nLa majoria de persones el que busquen \u00e9s la seguretat, cosa que sembla que t\u00e9 tot el sentit; la finalitat de l\u2019\u00e9sser hum\u00e0 \u00e9s sobreviure i, de passada, procrear, que \u00e9s la superviv\u00e8ncia de l\u2019esp\u00e8cie.<\/br>\n<\/br>\nEn principi fem servir sempre la soluci\u00f3 m\u00e9s conforme, m\u00e9s eco- n\u00f2mica, la que reporti un benefici m\u00e9s segur. Per\u00f2 realment sempre ve de gust que tot no estigui perfectament controlat, que existeixi una certa sorpresa, una improvisaci\u00f3: anem al restaurant i demanem un plat nou, anem de vacances a un lloc desconegut o diferent del nostre entorn habitual. El conegut ens dona tranquil\u00b7litat, per\u00f2 una certa varietat ens agrada. El m\u00f3n, sense que ens plantegem nous reptes, no avan\u00e7a. En algun moment alg\u00fa va descobrir el foc, la roda o Am\u00e8rica. Per a alguns, sortir a un balc\u00f3 del pis vint-i-dos\u00e8 \u00e9s una bogeria, per a uns altres abocar-se a aquest balc\u00f3 \u00e9s divertit, per a uns pocs posar-se al costat exterior del balc\u00f3 \u00e9s estimulant.<\/br>\n<\/br>\nL\u2019Edu Sallent \u00e9s una de les persones que es col\u00b7loquen al costat exterior del balc\u00f3. Nascut al peu de les muntanyes, del Montseny, \u00e9s alpinista, escriptor i cuiner. L\u2019alpinisme sempre ha estat present en la seva vida, i ha seguit l\u2019itinerari cl\u00e0ssic d\u2019escalar en els volguts Pirineus, els Alps, els Andes i l\u2019Him\u00e0laia. El seu somni era arribar a ser guia de muntanya, per\u00f2 la vida, aquesta aventura quotidiana, li tenia marcats altres rumbs, que en realitat no l\u2019han apartat de les muntanyes, per\u00f2 s\u00ed que l\u2019itinerari no ha sigut el plantejat en un principi. Ell, sempre modest i tranquil, no es considera gaire bo t\u00e8cnicament, per\u00f2 en la vida del guia hi ha una part t\u00e8cnica, una part organitzativa, una part d\u2019ensenyament i una part de sensibi- litat i apassionament, i aqu\u00ed \u00e9s on l\u2019Edu domina el terreny al cent per cent.<\/br>\n<\/br>\nEl seu ofici \u00e9s la cuina, que \u00e9s tamb\u00e9 un art i, conseg\u00fcentment, amb mil opcions, on tamb\u00e9 l\u2019experimentaci\u00f3 \u00e9s present. I la seva passi\u00f3, m\u00e9s que pujar muntanyes, \u00e9s treure del seu interior les pa- raules per poder explicar aquest sentiment que l\u2019embarga quan ha d\u2019ajustar els ulls per les lluentors de la llum dels cims, aquestes llu- entors c\u00e0lides i fredes, com a idees contraposades, que es desprenen de les neus de les al\u00e7ades.<\/br>\n<\/br>\nL\u2019Edu, que ja ha publicat uns quants llibres, \u00e9s un mestre a l\u2019hora de relatar-nos una aventura de forma sentida i simple, per\u00f2 impregnada de matisos que al final s\u00f3n l\u2019art de viure el dia a dia.<\/br>\n<\/br>\nRealment t\u00e9 l\u2019Edu alguna altra possibilitat? Segurament no. Quan estem conven\u00e7uts del que fem, no tenim cap altra opci\u00f3. Si est\u00e0s tocat pel cuquet de la cerca, viure \u00e9s explorar cada moment que ens cau a sobre. Nom\u00e9s podrem viure traient-li el suc a la vida, segon a segon, estar amb qui volem i fer el que ens commou. A vegades s\u00ed!, podem morir, per\u00f2 com ens passa a tots tard o d\u2019hora, i podem equivocar-nos, tamb\u00e9 com tots constantment. Per\u00f2, al final, viure no \u00e9s aix\u00f2? Una aventura, una superaci\u00f3 de problemes i d\u2019inc\u00f2gnites: a casa, a la cuina, amb la fam\u00edlia, a la feina, amb els amics, a les parets. L\u2019Edu Sallent ens parla aqu\u00ed del seu alpinisme, que els camins de la vida li han portat a realitzar no gaire lluny de casa seva. Per\u00f2 no \u00e9s res m\u00e9s que una manera d\u2019estar viu. I, a m\u00e9s, vol compartir-ho amb la seva fam\u00edlia, amb els seus amics i amb els lectors.<\/br>\n<\/br>\nL\u2019alpinisme principalment el relacionem amb la neu, el gel, l\u2019\u00fas de piolets, els torbs, els bivacs freds&#8230; Pensem en terres llunyanes i en muntanyes altes. Per\u00f2 tamb\u00e9 \u00e9s una manera de veure la vida. L\u2019Edu ens proposa, en aquesta ocasi\u00f3, un alpinisme prop de casa. Amb l\u00ednies creades a les roques, els companys que comparteixen la corda, l\u2019art d\u2019escalar que no coneix fronteres; el comprom\u00eds, la por i la superaci\u00f3 s\u00f3n en tots els indrets. Poc importa que a vegades hi hagi neu o no, pot ser un alpinisme blanc, una manera de viure o un alpinisme de sec\u00e0.<\/br>\n<\/br>\nJORDI COROMINAS<\/h5>\n\t\t\t\t\t\t\t\t<\/div>\n\t\t\t\t<\/div>\n\t\t\t\t<div class=\"elementor-element elementor-element-09c30c7 elementor-widget elementor-widget-text-editor\" data-id=\"09c30c7\" data-element_type=\"widget\" data-e-type=\"widget\" data-widget_type=\"text-editor.default\">\n\t\t\t\t<div class=\"elementor-widget-container\">\n\t\t\t\t\t\t\t\t\t<h2><span style=\"color: #000000;\">VERSUS<\/span><\/h2>\t\t\t\t\t\t\t\t<\/div>\n\t\t\t\t<\/div>\n\t\t\t\t<div class=\"elementor-element elementor-element-c832dcc elementor-widget elementor-widget-text-editor\" data-id=\"c832dcc\" data-element_type=\"widget\" data-e-type=\"widget\" data-widget_type=\"text-editor.default\">\n\t\t\t\t<div class=\"elementor-widget-container\">\n\t\t\t\t\t\t\t\t\t<h5>El couloir de neu ser\u00e0 la xemeneia atarterada de sorra.<br \/>El mixt delicat seran els c\u00f2dols desunits pel ciment m\u00e9s tou.<br \/>El gel dur ser\u00e0 el fang compacte.<br \/>El fred extrem ser\u00e0 la calor extrema.<br \/>Els peus refredats i insensibles seran els peus acalorats i inflats.<br \/>L\u2019ombr\u00edvola paret nord ser\u00e0 el mirall roent de la cara sud.<br \/>La tra\u00e7a esgotadora a trav\u00e9s de la neu fonda ser\u00e0 obrir cam\u00ed com a senglars en el bosc esp\u00e8s.<br \/><br \/>Les aproximacions seran llargues. Les dues.<br \/>Les possibilitats de protecci\u00f3 durant l\u2019escalada seran prec\u00e0ries.<br \/>Les dues.<br \/>Les arestes i les crestes seran a\u00e8ries i esmolades. Les dues.<br \/>Les jornades seran llargues fins a l\u2019esgotament. Les dues.<br \/>Les vig\u00edlies esdevindran balls de neguits. Les dues.<br \/>Els bivacs seran entranyables. Els dos.<br \/><br \/>El comprom\u00eds ser\u00e0 el mateix.<br \/>El risc ser\u00e0 el mateix.<br \/>La incertesa ser\u00e0 igual.<br \/>La descoberta ser\u00e0 la mateixa.<br \/>La follia de vida ser\u00e0 igual.<br \/>L\u2019aventura ser\u00e0 molt gran.<br \/>I l\u2019alpinisme ser\u00e0, ara, de sec\u00e0.<\/h5>\t\t\t\t\t\t\t\t<\/div>\n\t\t\t\t<\/div>\n\t\t\t\t<div class=\"elementor-element elementor-element-84835ee elementor-widget elementor-widget-text-editor\" data-id=\"84835ee\" data-element_type=\"widget\" data-e-type=\"widget\" data-widget_type=\"text-editor.default\">\n\t\t\t\t<div class=\"elementor-widget-container\">\n\t\t\t\t\t\t\t\t\t<h2><span style=\"color: #000000;\">DE SEC\u00c0?<\/span><\/h2>\n<h5><font color=\"#000000\">22 I 23 DE JULIOL DEL 2019.<\/br>\nINTENT D&#8217;ASCENSI\u00d3 DEL MONT BLANC PER LA VIA DEL PAPA (IT\u00c0LIA)<\/font><\/h5>\t\t\t\t\t\t\t\t<\/div>\n\t\t\t\t<\/div>\n\t\t\t\t<div class=\"elementor-element elementor-element-ad14dd1 elementor-widget elementor-widget-text-editor\" data-id=\"ad14dd1\" data-element_type=\"widget\" data-e-type=\"widget\" data-widget_type=\"text-editor.default\">\n\t\t\t\t<div class=\"elementor-widget-container\">\n\t\t\t\t\t\t\t\t\t<h5>Aquells dos dies de juliol del dinou esdevindrien un punt d\u2019inflexi\u00f3 en la meva vida. Per\u00f2 en aquell moment encara no n\u2019era conscient. Com tampoc no tenia ni idea del rumb que prendria tot plegat.<\/br>\n<\/br>\nAll\u00e0, pocs metres abans d\u2019arribar al refugi Gonella del vessant itali\u00e0 del Mont Blanc, els meus pulmons ja s\u2019havien cansat de suplicar-me. Havien llan\u00e7at la tovallola davant la meva motivaci\u00f3 empobrida i desgastada.<\/br>\n<\/br>\nEls tres companys ja feia estona que hi havien arribat. Jo m\u2019havia quedat enrere. La dist\u00e0ncia que ens separava havia anat augmentant durant la pujada, de la mateixa manera que ho havia fet el meu des\u00e0nim.<\/br>\n<\/br>\nUna mena de sensaci\u00f3 encara interior, encara difuminada i sense gaire consci\u00e8ncia m\u2019anava anunciant que tot t\u00e9 un final. Que no hi ha res per sempre.<\/br>\n<\/br>\nAquest pensament que es repetia com un mantra no es referia al final del tram d\u2019ascens d\u2019aquell dia fins al refugi. Anava m\u00e9s enll\u00e0 i era m\u00e9s profund.<\/br>\n<\/br>\nQuan per fi vaig plantar-me damunt la terrassa de l\u2019entrada, el Quim, nom\u00e9s amb un creuament de mirades, va tenint clar que l\u2019asma, que se m\u2019havia agreujat feia un any, m\u2019estava consumint i m\u2019estava guanyant la batalla.<\/br>\n<\/br>\nEl Jordi i el Xavi, dos germans joves de Centelles i amics del Quim, m\u2019observaven sense entendre gaire la situaci\u00f3.<\/br>\n<\/br>\nLa situaci\u00f3: la realitat era que a mi, el company de tota la vida del Quim Bretcha, m\u2019havia costat D\u00e9u i ajuda acabar la primera etapa de l\u2019ascensi\u00f3 al Mont Blanc. Tots plegats van contemplar un alpinista tocat i enfonsat.<\/br>\n<\/br>\nL\u2019endem\u00e0, de matinada, vaig despertar-me com ells, encara enmig de la nit fosca i estelada dels Alps.<\/br>\n<\/br>\nFora, a la porta del refugi, vaig acomiadar-los mentre ells iniciaven l\u2019ascensi\u00f3 cap al sostre d\u2019aquestes muntanyes. Vaig restar uns minuts imm\u00f2bil mentre observava com les llums t\u00edmides dels frontals s\u2019allunyaven glacera amunt.<\/br>\n<\/br>\nEstava gla\u00e7at. Per fora i per dintre. Se m\u2019havien congelat els pensaments i els batecs. Una profunda i nova tristor havia cristallitzat la meva \u00e0nima. Les llums seguien ascendint nit amunt. Les ll\u00e0grimes em rodolaven galtes avall.<\/br>\n<\/br>\nResultats puntuables dels \u00faltims quatre anys: Asma 4 &#8211; Alpinisme d\u2019al\u00e7ada 0. Quatre anys en qu\u00e8 cada dia que passava els meus pulmons es tancaven m\u00e9s i m\u00e9s. Quatre anys que em van deixar sense gust ni olfacte. I aquella male\u00efda asma que no deixava d\u2019ofegar-me en tots els sentits.<\/br>\n<\/br>\nIntents d\u2019ascensi\u00f3 al Matagalls (Montseny) abismalment decep- cionants. Intents en plural. Ascensions penoses al meu estimat Roc Gros. Sempre en solitari. El meu amor propi no parava de repetir-me que no calia ensenyar a ning\u00fa on havia acabat. I no era pas que els amics i els companys passessin de mi. Era jo que passava de mostrar-me i de condicionar-los alhora.<\/br>\n<\/br>\nUrg\u00e8ncies, inhaladors, metges, espirometries, nits incorporades i poc aire&#8230;, molt poc aire&#8230;<\/br>\n<\/br>\nVa arribar un dia en qu\u00e8 em vaig adonar que, si aquella defici\u00e8ncia augmentava un grau m\u00e9s, el cor em diria: \u00abJa no puc m\u00e9s. Estic massa cansat&#8230;\u00bb<\/br>\n<\/br>\nEl Ventolin ja formava part dels objectes indispensables que equipaven les meves butxaques.<\/br>\n<\/br>\nLes nits eren temibles: uns espais foscos, un aut\u00e8ntic naufragi a la recerca d\u2019un aire dif\u00edcil en qu\u00e8 el cos esgotat intentava surar mentre navegava entre tenebres angoixants.<\/br>\n<\/br>\nEstava sempre crispat, nervi\u00f3s, sense paci\u00e8ncia i canviat.<\/br>\n<\/br>\nA la meva feina, la cuina, no podia ni olorar ni tastar tot el que creava cada dia. Intentava substituir les meves mancances amb molt concentraci\u00f3. La cuina de la Coope funcionava per la in\u00e8rcia que suposa l\u2019experi\u00e8ncia de tants anys elaborant aquells plats de cuina de tota la vida. I sort que era aix\u00ed, la de sempre. Perqu\u00e8 el que no estava com sempre era jo.<\/br>\n<\/br>\nAquell diumenge vint-i-nou de desembre en qu\u00e8 vam decidir cuinar els darrers plats i convidar a bombolles de Sant Sadurn\u00ed tot un menjador ple a vessar de bones persones, vaig fer un pas m\u00e9s cap a un no-futur personal com a cuiner.<\/br>\n<\/br>\nAl cap d\u2019uns dies, a casa, em vaig adonar de les dimensions que havia pres tot plegat, ja que em menjava aliments en mal estat i no me n\u2019adonava fins que la Dolors o les nenes m\u2019ho feien saber. Mentrestant, seguia intentant ca\u00e7ar aire amb totes les meves forces.<\/br>\n<\/br>\nDes del principi i fins ara, sempre he sigut un alpinista i escalador mediocre amb molta motivaci\u00f3 i amb infinites ganes d\u2019aventura. Aix\u00f2 ho he tingut clar\u00edssim des que vaig comen\u00e7ar a enfilar-me a les parets i a les muntanyes.<\/br>\n<\/br>\nPer\u00f2 llavors, aix\u00f2 de no aconseguir arribar a dalt del Matagalls no m\u2019ho havia imaginat mai. Era una activitat tan elemental del pati de casa que no l\u2019havia situat mai fora del meu trajecte per la vida.<\/br>\n<\/br>\nL\u2019abisme em xuclava cap al fons dia rere dia. Era una for\u00e7a magn\u00e8tica i fosca. Per\u00f2 jo tenia clar que ho lluitaria fins que no pogu\u00e9s m\u00e9s. I llavors&#8230; seguiria lluitant. Els l\u00edmits s\u00f3n per superar-los. En l\u2019escalada a un vuitmil, en la vida mateixa i contra la puta asma.<\/br>\n<\/br>\nQuan semblava tot perdut, vaig anar a parar a les mans d\u2019una doctora pneum\u00f2loga que em va proposar un tractament tipus vacuna (Nucala) que intentaria tornar a obrir els alv\u00e8ols dels meus pulmons que s\u2019havien anat tancant.<\/br>\n<\/br>\nAlhora, tamb\u00e9 vaig caure a les mans d\u2019un company que en pocs dies es va convertir en un vertader amic.<\/br>\n<\/br>\nIronies del dest\u00ed, el meu company es deia quasi com jo.<\/br>\n<\/br>\n\u2014Hola, Edu. Soc l\u2019Edie. \u2014M\u2019encantava aquest joc de paraules!<\/br>\n<\/br>\nHavia passat anys cercant una \u00e0nima bessona que m\u2019acom- pany\u00e9s en aquesta part de la meva vida d\u2019escalada i de muntanyes.<\/br>\n<\/br>\nHavia de ser una \u00e0nima assedegada d\u2019aventura, de risc i d\u2019incertesa. Havia de ser alg\u00fa capa\u00e7 de donar-me la m\u00e0 per seguir plegats aquell cam\u00ed que es volia acostar al nostre nirvana. Un cam\u00ed on no hi havia res segur ni res assegurat. El corriol que anava m\u00e9s enll\u00e0 dels nostres propis l\u00edmits. Aquell que em faria entendre que hi ha un altre alpinisme que va m\u00e9s enll\u00e0 de la hip\u00f2xia i del Gore-Tex. Un alpinisme de xandall i vambes gastades. Un alpinisme tan essencial, tan exposat, tan econ\u00f2mic i tan proper com arriscat i incert. I tot sense agafar avions, sense tramitar visats ni bregar amb conflictes entre expedicions occidentals.<\/br>\n<\/br>\nAquell amb qui compartiria uns bivacs on el que ens treia la son era el comprom\u00eds fiblant d\u2019aquella paret que ens esperava l\u2019endem\u00e0, aquella l\u00ednia descomposta i verge, en comptes del fred past\u00f3s de les al\u00e7ades, de la neu i del vent estressant obsessionat a envair la calidesa de l\u2019interior del sac de plomes.<\/br>\n<\/br>\nAquell amb qui gaudiria d\u2019unes vesprades on vaig canviar les mans insensibles que intentaven fondre neu amb el fogonet per un bon foc de llenya; on vaig substituir un for\u00e7ats sobres liofilitzats per unes botifarres a la brasa, unes birres fresques i el ritme de m\u00fasica de qualsevol grup que ens embog\u00eds amb els seus ritmes ska o punk.<\/br>\n<\/br>\nLa vertadera i rabiosa ess\u00e8ncia de l\u2019alpinisme de sec\u00e0!<\/br>\n<\/br>\nAquesta m\u00e0 estesa i aquesta \u00e0nima salvadora seria l\u2019Edie Palmer, el Poeta. El Rupal del meu present i del meu desitjat futur.<\/h5>\t\t\t\t\t\t\t\t<\/div>\n\t\t\t\t<\/div>\n\t\t\t\t\t<\/div>\n\t\t<\/div>\n\t\t\t\t\t<\/div>\n\t\t<\/section>\n\t\t\t\t<section class=\"elementor-section elementor-top-section elementor-element elementor-element-855ccf0 elementor-section-full_width elementor-section-height-default elementor-section-height-default\" data-id=\"855ccf0\" data-element_type=\"section\" data-e-type=\"section\">\n\t\t\t\t\t\t<div class=\"elementor-container elementor-column-gap-default\">\n\t\t\t\t\t<div class=\"elementor-column elementor-col-100 elementor-top-column elementor-element elementor-element-bd931d6\" data-id=\"bd931d6\" data-element_type=\"column\" data-e-type=\"column\">\n\t\t\t<div class=\"elementor-widget-wrap elementor-element-populated\">\n\t\t\t\t\t\t<div class=\"elementor-element elementor-element-e9004d0 elementor-widget elementor-widget-spacer\" data-id=\"e9004d0\" data-element_type=\"widget\" data-e-type=\"widget\" data-widget_type=\"spacer.default\">\n\t\t\t\t<div class=\"elementor-widget-container\">\n\t\t\t\t\t\t\t<div class=\"elementor-spacer\">\n\t\t\t<div class=\"elementor-spacer-inner\"><\/div>\n\t\t<\/div>\n\t\t\t\t\t\t<\/div>\n\t\t\t\t<\/div>\n\t\t\t\t\t<\/div>\n\t\t<\/div>\n\t\t\t\t\t<\/div>\n\t\t<\/section>\n\t\t\t\t<section class=\"elementor-section elementor-top-section elementor-element elementor-element-7326131 elementor-section-full_width elementor-section-height-default elementor-section-height-default\" data-id=\"7326131\" data-element_type=\"section\" data-e-type=\"section\" data-settings=\"{&quot;background_background&quot;:&quot;classic&quot;}\">\n\t\t\t\t\t\t<div class=\"elementor-container elementor-column-gap-default\">\n\t\t\t\t\t<div class=\"elementor-column elementor-col-100 elementor-top-column elementor-element elementor-element-93725fa\" data-id=\"93725fa\" data-element_type=\"column\" data-e-type=\"column\">\n\t\t\t<div class=\"elementor-widget-wrap elementor-element-populated\">\n\t\t\t\t\t\t<div class=\"elementor-element elementor-element-3aa8fee elementor-widget elementor-widget-image\" data-id=\"3aa8fee\" data-element_type=\"widget\" data-e-type=\"widget\" data-widget_type=\"image.default\">\n\t\t\t\t<div class=\"elementor-widget-container\">\n\t\t\t\t\t\t\t\t\t\t\t\t\t\t\t<img decoding=\"async\" width=\"100\" height=\"100\" src=\"https:\/\/rutesentrerefugis.com\/wp-content\/uploads\/2023\/03\/Edu-Fons-Negre.jpg\" class=\"attachment-full size-full wp-image-9036\" alt=\"\" \/>\t\t\t\t\t\t\t\t\t\t\t\t\t\t\t<\/div>\n\t\t\t\t<\/div>\n\t\t\t\t\t<\/div>\n\t\t<\/div>\n\t\t\t\t\t<\/div>\n\t\t<\/section>\n\t\t\t\t<section class=\"elementor-section elementor-top-section elementor-element elementor-element-b48e0e9 elementor-section-full_width elementor-section-height-default elementor-section-height-default\" data-id=\"b48e0e9\" data-element_type=\"section\" data-e-type=\"section\" data-settings=\"{&quot;background_background&quot;:&quot;classic&quot;}\">\n\t\t\t\t\t\t<div class=\"elementor-container elementor-column-gap-default\">\n\t\t\t\t\t<div class=\"elementor-column elementor-col-100 elementor-top-column elementor-element elementor-element-d6ee9cf\" data-id=\"d6ee9cf\" data-element_type=\"column\" data-e-type=\"column\">\n\t\t\t<div class=\"elementor-widget-wrap elementor-element-populated\">\n\t\t\t\t\t\t<div class=\"elementor-element elementor-element-f13bb45 elementor-widget elementor-widget-text-editor\" data-id=\"f13bb45\" data-element_type=\"widget\" data-e-type=\"widget\" data-widget_type=\"text-editor.default\">\n\t\t\t\t<div class=\"elementor-widget-container\">\n\t\t\t\t\t\t\t\t\t<h4>EDU SALLENT<\/h4><h5>(Els Hostalets de Baleny\u00e0, 1971). Iniciat a la muntanya pel seu pare, amb setze anys descobreix l\u2019escalada, l\u2019alpinisme i l\u2019esqu\u00ed de muntanya. El Figuer\u00f3, Montserrat, el Pedraforca, el Montsec, els Pirineus, els Alps, els Andes\u2026 La seva passi\u00f3 el porta a descobrir tots aquests indrets (i d\u2019altres), fins que el Nanga Parbat li dona la benvinguda a les grans muntanyes de l\u2019Him\u00e0laia. A partir d\u2019aquesta experi\u00e8ncia escriu els llibres <em>Mentre hi hagi llum<\/em> (Ediciones Desnivel, 2002) i <em>Per ser tan blanca<\/em> (Ediciones Desnivel, 2004). Tamb\u00e9 col\u00b7labora amb el llibre <em>Exploraciones espa\u00f1olas de hoy<\/em> (Ediciones Desnivel, 2003) amb un relat sobre l\u2019expedici\u00f3 catalana a l\u2019Everest el 1985. Publica un conte dins de <em>La viuda del Eiger<\/em> (Ediciones Desnivel, 2007). El 2008 surt el seu tercer llibre, <em>Cels de safir<\/em> (Cosset\u00e0nia Edicions). Les ascensions catalanes m\u00e9s emblem\u00e0tiques als 14 vuitmils. El 2012 publica la seva quarta obra, <em>El cam\u00ed dels estels<\/em> (Ediciones Desnivel), una novel\u00b7la basada en la vida de l\u2019alpinista \u00d2scar Cadiach. I, el 2021, <em>Aquell vol de papallones<\/em> (Ediciones Desnivel), una obra personal i dedicada als amics. Ha col\u00b7laborat en les revistes de muntanya V\u00e8rtex i Desnivel. Actualment es dedica a l\u2019obertura de noves vies llargues d\u2019escalada segueix practicant l\u2019alpinisme, escrivint i vivint a Sant Miquel de Baleny\u00e0, amb la Dolors, la X\u00e8nia i la Violeta.<\/h5>\t\t\t\t\t\t\t\t<\/div>\n\t\t\t\t<\/div>\n\t\t\t\t\t<\/div>\n\t\t<\/div>\n\t\t\t\t\t<\/div>\n\t\t<\/section>\n\t\t\t\t<section class=\"elementor-section elementor-top-section elementor-element elementor-element-ea604c3 elementor-section-full_width elementor-section-height-default elementor-section-height-default\" data-id=\"ea604c3\" data-element_type=\"section\" data-e-type=\"section\">\n\t\t\t\t\t\t<div class=\"elementor-container elementor-column-gap-default\">\n\t\t\t\t\t<div class=\"elementor-column elementor-col-100 elementor-top-column elementor-element elementor-element-dc0c868\" data-id=\"dc0c868\" data-element_type=\"column\" data-e-type=\"column\">\n\t\t\t<div class=\"elementor-widget-wrap elementor-element-populated\">\n\t\t\t\t\t\t<div class=\"elementor-element elementor-element-118e403 elementor-widget elementor-widget-spacer\" data-id=\"118e403\" data-element_type=\"widget\" data-e-type=\"widget\" data-widget_type=\"spacer.default\">\n\t\t\t\t<div class=\"elementor-widget-container\">\n\t\t\t\t\t\t\t<div class=\"elementor-spacer\">\n\t\t\t<div class=\"elementor-spacer-inner\"><\/div>\n\t\t<\/div>\n\t\t\t\t\t\t<\/div>\n\t\t\t\t<\/div>\n\t\t\t\t\t<\/div>\n\t\t<\/div>\n\t\t\t\t\t<\/div>\n\t\t<\/section>\n\t\t\t\t<section class=\"elementor-section elementor-top-section elementor-element elementor-element-8cdf51e elementor-section-full_width elementor-section-height-default elementor-section-height-default\" data-id=\"8cdf51e\" data-element_type=\"section\" data-e-type=\"section\">\n\t\t\t\t\t\t<div class=\"elementor-container elementor-column-gap-default\">\n\t\t\t\t\t<div class=\"elementor-column elementor-col-100 elementor-top-column elementor-element elementor-element-d0066f3\" data-id=\"d0066f3\" data-element_type=\"column\" data-e-type=\"column\">\n\t\t\t<div class=\"elementor-widget-wrap elementor-element-populated\">\n\t\t\t\t\t\t<div class=\"elementor-element elementor-element-fbbd880 elementor-widget elementor-widget-heading\" data-id=\"fbbd880\" data-element_type=\"widget\" data-e-type=\"widget\" data-widget_type=\"heading.default\">\n\t\t\t\t<div class=\"elementor-widget-container\">\n\t\t\t\t\t<h5 class=\"elementor-heading-title elementor-size-default\"><font color=\"#999999\"><u>Per si vols compartir aquesta cr\u00f2nica<\/u><\/font><\/h5>\t\t\t\t<\/div>\n\t\t\t\t<\/div>\n\t\t\t\t\t<\/div>\n\t\t<\/div>\n\t\t\t\t\t<\/div>\n\t\t<\/section>\n\t\t\t\t<section class=\"elementor-section elementor-top-section elementor-element elementor-element-57fc934 elementor-section-full_width elementor-section-height-default elementor-section-height-default\" data-id=\"57fc934\" data-element_type=\"section\" data-e-type=\"section\">\n\t\t\t\t\t\t<div class=\"elementor-container elementor-column-gap-default\">\n\t\t\t\t\t<div class=\"elementor-column elementor-col-100 elementor-top-column elementor-element elementor-element-d8afc0e\" data-id=\"d8afc0e\" data-element_type=\"column\" data-e-type=\"column\">\n\t\t\t<div class=\"elementor-widget-wrap elementor-element-populated\">\n\t\t\t\t\t\t<div class=\"elementor-element elementor-element-fb1f042 elementor-share-buttons--view-icon elementor-share-buttons--skin-framed elementor-share-buttons--shape-circle elementor-share-buttons--color-custom elementor-grid-0 elementor-widget elementor-widget-share-buttons\" data-id=\"fb1f042\" data-element_type=\"widget\" data-e-type=\"widget\" data-widget_type=\"share-buttons.default\">\n\t\t\t\t<div class=\"elementor-widget-container\">\n\t\t\t\t\t\t\t<div class=\"elementor-grid\" role=\"list\">\n\t\t\t\t\t\t\t\t<div class=\"elementor-grid-item\" role=\"listitem\">\n\t\t\t\t\t\t<div class=\"elementor-share-btn elementor-share-btn_facebook\" role=\"button\" tabindex=\"0\" aria-label=\"Compartici\u00f3 en facebook\">\n\t\t\t\t\t\t\t\t\t\t\t\t\t\t\t<span class=\"elementor-share-btn__icon\">\n\t\t\t\t\t\t\t\t<i class=\"fab fa-facebook\" aria-hidden=\"true\"><\/i>\t\t\t\t\t\t\t<\/span>\n\t\t\t\t\t\t\t\t\t\t\t\t\t\t\t\t\t\t\t\t<\/div>\n\t\t\t\t\t<\/div>\n\t\t\t\t\t\t\t\t\t<div class=\"elementor-grid-item\" role=\"listitem\">\n\t\t\t\t\t\t<div class=\"elementor-share-btn elementor-share-btn_twitter\" role=\"button\" tabindex=\"0\" aria-label=\"Compartici\u00f3 en twitter\">\n\t\t\t\t\t\t\t\t\t\t\t\t\t\t\t<span class=\"elementor-share-btn__icon\">\n\t\t\t\t\t\t\t\t<i class=\"fab fa-twitter\" aria-hidden=\"true\"><\/i>\t\t\t\t\t\t\t<\/span>\n\t\t\t\t\t\t\t\t\t\t\t\t\t\t\t\t\t\t\t\t<\/div>\n\t\t\t\t\t<\/div>\n\t\t\t\t\t\t\t\t\t<div class=\"elementor-grid-item\" role=\"listitem\">\n\t\t\t\t\t\t<div class=\"elementor-share-btn elementor-share-btn_telegram\" role=\"button\" tabindex=\"0\" aria-label=\"Compartici\u00f3 en telegram\">\n\t\t\t\t\t\t\t\t\t\t\t\t\t\t\t<span class=\"elementor-share-btn__icon\">\n\t\t\t\t\t\t\t\t<i class=\"fab fa-telegram\" aria-hidden=\"true\"><\/i>\t\t\t\t\t\t\t<\/span>\n\t\t\t\t\t\t\t\t\t\t\t\t\t\t\t\t\t\t\t\t<\/div>\n\t\t\t\t\t<\/div>\n\t\t\t\t\t\t\t\t\t<div class=\"elementor-grid-item\" role=\"listitem\">\n\t\t\t\t\t\t<div class=\"elementor-share-btn elementor-share-btn_pinterest\" role=\"button\" tabindex=\"0\" aria-label=\"Compartici\u00f3 en pinterest\">\n\t\t\t\t\t\t\t\t\t\t\t\t\t\t\t<span class=\"elementor-share-btn__icon\">\n\t\t\t\t\t\t\t\t<i class=\"fab fa-pinterest\" aria-hidden=\"true\"><\/i>\t\t\t\t\t\t\t<\/span>\n\t\t\t\t\t\t\t\t\t\t\t\t\t\t\t\t\t\t\t\t<\/div>\n\t\t\t\t\t<\/div>\n\t\t\t\t\t\t\t\t\t<div class=\"elementor-grid-item\" role=\"listitem\">\n\t\t\t\t\t\t<div class=\"elementor-share-btn elementor-share-btn_whatsapp\" role=\"button\" tabindex=\"0\" aria-label=\"Compartici\u00f3 en whatsapp\">\n\t\t\t\t\t\t\t\t\t\t\t\t\t\t\t<span class=\"elementor-share-btn__icon\">\n\t\t\t\t\t\t\t\t<i class=\"fab fa-whatsapp\" aria-hidden=\"true\"><\/i>\t\t\t\t\t\t\t<\/span>\n\t\t\t\t\t\t\t\t\t\t\t\t\t\t\t\t\t\t\t\t<\/div>\n\t\t\t\t\t<\/div>\n\t\t\t\t\t\t\t\t\t<div class=\"elementor-grid-item\" role=\"listitem\">\n\t\t\t\t\t\t<div class=\"elementor-share-btn elementor-share-btn_email\" role=\"button\" tabindex=\"0\" aria-label=\"Compartici\u00f3 en email\">\n\t\t\t\t\t\t\t\t\t\t\t\t\t\t\t<span class=\"elementor-share-btn__icon\">\n\t\t\t\t\t\t\t\t<i class=\"fas fa-envelope\" aria-hidden=\"true\"><\/i>\t\t\t\t\t\t\t<\/span>\n\t\t\t\t\t\t\t\t\t\t\t\t\t\t\t\t\t\t\t\t<\/div>\n\t\t\t\t\t<\/div>\n\t\t\t\t\t\t\t\t\t<div class=\"elementor-grid-item\" role=\"listitem\">\n\t\t\t\t\t\t<div class=\"elementor-share-btn elementor-share-btn_print\" role=\"button\" tabindex=\"0\" aria-label=\"Compartici\u00f3 en print\">\n\t\t\t\t\t\t\t\t\t\t\t\t\t\t\t<span class=\"elementor-share-btn__icon\">\n\t\t\t\t\t\t\t\t<i class=\"fas fa-print\" aria-hidden=\"true\"><\/i>\t\t\t\t\t\t\t<\/span>\n\t\t\t\t\t\t\t\t\t\t\t\t\t\t\t\t\t\t\t\t<\/div>\n\t\t\t\t\t<\/div>\n\t\t\t\t\t\t<\/div>\n\t\t\t\t\t\t<\/div>\n\t\t\t\t<\/div>\n\t\t\t\t\t<\/div>\n\t\t<\/div>\n\t\t\t\t\t<\/div>\n\t\t<\/section>\n\t\t\t\t<section class=\"elementor-section elementor-top-section elementor-element elementor-element-e9c9dad elementor-section-full_width elementor-section-height-default elementor-section-height-default\" data-id=\"e9c9dad\" data-element_type=\"section\" data-e-type=\"section\">\n\t\t\t\t\t\t<div class=\"elementor-container elementor-column-gap-default\">\n\t\t\t\t\t<div class=\"elementor-column elementor-col-100 elementor-top-column elementor-element elementor-element-54b26c7\" data-id=\"54b26c7\" data-element_type=\"column\" data-e-type=\"column\">\n\t\t\t<div class=\"elementor-widget-wrap elementor-element-populated\">\n\t\t\t\t\t\t<div class=\"elementor-element elementor-element-b403f97 elementor-widget elementor-widget-spacer\" data-id=\"b403f97\" data-element_type=\"widget\" data-e-type=\"widget\" data-widget_type=\"spacer.default\">\n\t\t\t\t<div class=\"elementor-widget-container\">\n\t\t\t\t\t\t\t<div class=\"elementor-spacer\">\n\t\t\t<div class=\"elementor-spacer-inner\"><\/div>\n\t\t<\/div>\n\t\t\t\t\t\t<\/div>\n\t\t\t\t<\/div>\n\t\t\t\t\t<\/div>\n\t\t<\/div>\n\t\t\t\t\t<\/div>\n\t\t<\/section>\n\t\t\t\t<section class=\"elementor-section elementor-top-section elementor-element elementor-element-95a2eb0 elementor-section-full_width elementor-section-height-default elementor-section-height-default\" data-id=\"95a2eb0\" data-element_type=\"section\" data-e-type=\"section\">\n\t\t\t\t\t\t<div class=\"elementor-container elementor-column-gap-default\">\n\t\t\t\t\t<div class=\"elementor-column elementor-col-100 elementor-top-column elementor-element elementor-element-6be4f97\" data-id=\"6be4f97\" data-element_type=\"column\" data-e-type=\"column\">\n\t\t\t<div class=\"elementor-widget-wrap elementor-element-populated\">\n\t\t\t\t\t\t<div class=\"elementor-element elementor-element-9da4086 elementor-widget-divider--view-line elementor-widget elementor-widget-divider\" data-id=\"9da4086\" data-element_type=\"widget\" data-e-type=\"widget\" data-widget_type=\"divider.default\">\n\t\t\t\t<div class=\"elementor-widget-container\">\n\t\t\t\t\t\t\t<div class=\"elementor-divider\">\n\t\t\t<span class=\"elementor-divider-separator\">\n\t\t\t\t\t\t<\/span>\n\t\t<\/div>\n\t\t\t\t\t\t<\/div>\n\t\t\t\t<\/div>\n\t\t\t\t\t<\/div>\n\t\t<\/div>\n\t\t\t\t\t<\/div>\n\t\t<\/section>\n\t\t\t\t<section class=\"elementor-section elementor-top-section elementor-element elementor-element-a69b973 elementor-section-full_width elementor-section-height-default elementor-section-height-default\" data-id=\"a69b973\" data-element_type=\"section\" data-e-type=\"section\">\n\t\t\t\t\t\t<div class=\"elementor-container elementor-column-gap-default\">\n\t\t\t\t\t<div class=\"elementor-column elementor-col-100 elementor-top-column elementor-element elementor-element-9d0ae32\" data-id=\"9d0ae32\" data-element_type=\"column\" data-e-type=\"column\">\n\t\t\t<div class=\"elementor-widget-wrap elementor-element-populated\">\n\t\t\t\t\t\t<div class=\"elementor-element elementor-element-5561118 elementor-widget elementor-widget-heading\" data-id=\"5561118\" data-element_type=\"widget\" data-e-type=\"widget\" data-widget_type=\"heading.default\">\n\t\t\t\t<div class=\"elementor-widget-container\">\n\t\t\t\t\t<h2 class=\"elementor-heading-title elementor-size-default\"><u>ALTRES ARTICLES PUBLICATS PER L'AUTOR<\/u><\/h2>\t\t\t\t<\/div>\n\t\t\t\t<\/div>\n\t\t\t\t\t<\/div>\n\t\t<\/div>\n\t\t\t\t\t<\/div>\n\t\t<\/section>\n\t\t\t\t<section class=\"elementor-section elementor-top-section elementor-element elementor-element-8a77160 elementor-section-full_width elementor-section-height-default elementor-section-height-default\" data-id=\"8a77160\" data-element_type=\"section\" data-e-type=\"section\">\n\t\t\t\t\t\t<div class=\"elementor-container elementor-column-gap-default\">\n\t\t\t\t\t<div class=\"elementor-column elementor-col-100 elementor-top-column elementor-element elementor-element-683a7b3\" data-id=\"683a7b3\" data-element_type=\"column\" data-e-type=\"column\">\n\t\t\t<div class=\"elementor-widget-wrap elementor-element-populated\">\n\t\t\t\t\t\t<div class=\"elementor-element elementor-element-60aa3f1 elementor-widget elementor-widget-spacer\" data-id=\"60aa3f1\" data-element_type=\"widget\" data-e-type=\"widget\" data-widget_type=\"spacer.default\">\n\t\t\t\t<div class=\"elementor-widget-container\">\n\t\t\t\t\t\t\t<div class=\"elementor-spacer\">\n\t\t\t<div class=\"elementor-spacer-inner\"><\/div>\n\t\t<\/div>\n\t\t\t\t\t\t<\/div>\n\t\t\t\t<\/div>\n\t\t\t\t\t<\/div>\n\t\t<\/div>\n\t\t\t\t\t<\/div>\n\t\t<\/section>\n\t\t\t\t<section class=\"elementor-section elementor-top-section elementor-element elementor-element-ff33b9a elementor-section-full_width elementor-section-height-default elementor-section-height-default\" data-id=\"ff33b9a\" data-element_type=\"section\" data-e-type=\"section\">\n\t\t\t\t\t\t<div class=\"elementor-container elementor-column-gap-default\">\n\t\t\t\t\t<div class=\"elementor-column elementor-col-100 elementor-top-column elementor-element elementor-element-f2b1f8f\" data-id=\"f2b1f8f\" data-element_type=\"column\" data-e-type=\"column\">\n\t\t\t<div class=\"elementor-widget-wrap elementor-element-populated\">\n\t\t\t\t\t\t<div class=\"elementor-element elementor-element-52c95a0 elementor-grid-5 elementor-posts--align-center elementor-grid-tablet-2 elementor-grid-mobile-1 elementor-posts--thumbnail-top elementor-posts--show-avatar elementor-card-shadow-yes elementor-posts__hover-gradient elementor-widget elementor-widget-posts\" data-id=\"52c95a0\" data-element_type=\"widget\" data-e-type=\"widget\" data-settings=\"{&quot;cards_columns&quot;:&quot;5&quot;,&quot;cards_columns_tablet&quot;:&quot;2&quot;,&quot;cards_columns_mobile&quot;:&quot;1&quot;,&quot;cards_row_gap&quot;:{&quot;unit&quot;:&quot;px&quot;,&quot;size&quot;:35,&quot;sizes&quot;:[]},&quot;cards_row_gap_tablet&quot;:{&quot;unit&quot;:&quot;px&quot;,&quot;size&quot;:&quot;&quot;,&quot;sizes&quot;:[]},&quot;cards_row_gap_mobile&quot;:{&quot;unit&quot;:&quot;px&quot;,&quot;size&quot;:&quot;&quot;,&quot;sizes&quot;:[]}}\" data-widget_type=\"posts.cards\">\n\t\t\t\t<div class=\"elementor-widget-container\">\n\t\t\t\t\t\t\t<div class=\"elementor-posts-container elementor-posts elementor-posts--skin-cards elementor-grid\" role=\"list\">\n\t\t\t\t<article class=\"elementor-post elementor-grid-item post-28897 post type-post status-publish format-standard has-post-thumbnail hentry category-blog category-croniques-ca category-edu-sallent-ca category-llibres tag-alpinisme-de-seca tag-colleccio-annapurna tag-cossetania-edicions-es-ca tag-edu-sallent-ca tag-eduard-sallent tag-jordi-coromines\" role=\"listitem\">\n\t\t\t<div class=\"elementor-post__card\">\n\t\t\t\t<a class=\"elementor-post__thumbnail__link\" href=\"https:\/\/rutesentrerefugis.com\/index.php\/2025\/10\/15\/alpinisme-de-seca\/\" tabindex=\"-1\" target=\"_blank\"><div class=\"elementor-post__thumbnail\"><img loading=\"lazy\" decoding=\"async\" width=\"300\" height=\"200\" src=\"https:\/\/rutesentrerefugis.com\/wp-content\/uploads\/2025\/10\/Alpinisme-de-Seca-Inici-300x200.jpg\" class=\"attachment-medium size-medium wp-image-28958\" alt=\"\" srcset=\"https:\/\/rutesentrerefugis.com\/wp-content\/uploads\/2025\/10\/Alpinisme-de-Seca-Inici-300x200.jpg 300w, https:\/\/rutesentrerefugis.com\/wp-content\/uploads\/2025\/10\/Alpinisme-de-Seca-Inici-1024x683.jpg 1024w, https:\/\/rutesentrerefugis.com\/wp-content\/uploads\/2025\/10\/Alpinisme-de-Seca-Inici-768x512.jpg 768w, https:\/\/rutesentrerefugis.com\/wp-content\/uploads\/2025\/10\/Alpinisme-de-Seca-Inici.jpg 1200w\" sizes=\"(max-width: 300px) 100vw, 300px\" \/><\/div><\/a>\n\t\t\t\t<div class=\"elementor-post__avatar\">\n\t\t\t<img alt='Edu Sallent' src='https:\/\/rutesentrerefugis.com\/wp-content\/uploads\/2023\/05\/avatar_user_22_1683354133.jpg' srcset='https:\/\/rutesentrerefugis.com\/wp-content\/uploads\/2023\/05\/avatar_user_22_1683354133.jpg 2x' class='avatar avatar-128 photo' height='128' width='128' \/>\t\t<\/div>\n\t\t\t\t<div class=\"elementor-post__text\">\n\t\t\t\t<h3 class=\"elementor-post__title\">\n\t\t\t<a href=\"https:\/\/rutesentrerefugis.com\/index.php\/2025\/10\/15\/alpinisme-de-seca\/\" target=&quot;_blank&quot;>\n\t\t\t\tALPINISME DE SECA\t\t\t<\/a>\n\t\t<\/h3>\n\t\t\n\t\t<a class=\"elementor-post__read-more\" href=\"https:\/\/rutesentrerefugis.com\/index.php\/2025\/10\/15\/alpinisme-de-seca\/\" aria-label=\"M\u00e1s informaci\u00f3n sobre ALPINISME DE SECA\" tabindex=\"-1\" target=\"_blank\">\n\t\t\t Llegir m\u00e9s \u00bb\t\t<\/a>\n\n\t\t\t\t<\/div>\n\t\t\t\t<div class=\"elementor-post__meta-data\">\n\t\t\t\t\t<span class=\"elementor-post-date\">\n\t\t\t15\/10\/2025\t\t<\/span>\n\t\t\t\t<\/div>\n\t\t\t\t\t<\/div>\n\t\t<\/article>\n\t\t\t\t<article class=\"elementor-post elementor-grid-item post-9291 post type-post status-publish format-standard has-post-thumbnail hentry category-blog category-edu-sallent-ca tag-de-mayor-sere-alpinista-es-ca tag-columnas-ca tag-columnes-ca tag-de-gran-sere-alpinista-ca tag-edu-sallent-ca\" role=\"listitem\">\n\t\t\t<div class=\"elementor-post__card\">\n\t\t\t\t<a class=\"elementor-post__thumbnail__link\" href=\"https:\/\/rutesentrerefugis.com\/index.php\/2021\/04\/13\/de-gran-sere-alpinista\/\" tabindex=\"-1\" target=\"_blank\"><div class=\"elementor-post__thumbnail\"><img loading=\"lazy\" decoding=\"async\" width=\"300\" height=\"200\" src=\"https:\/\/rutesentrerefugis.com\/wp-content\/uploads\/2023\/03\/De-Gran-Sere-Alpinista-Inici-NW-300x200.jpg\" class=\"attachment-medium size-medium wp-image-9292\" alt=\"\" srcset=\"https:\/\/rutesentrerefugis.com\/wp-content\/uploads\/2023\/03\/De-Gran-Sere-Alpinista-Inici-NW-300x200.jpg 300w, https:\/\/rutesentrerefugis.com\/wp-content\/uploads\/2023\/03\/De-Gran-Sere-Alpinista-Inici-NW-1024x683.jpg 1024w, https:\/\/rutesentrerefugis.com\/wp-content\/uploads\/2023\/03\/De-Gran-Sere-Alpinista-Inici-NW-768x512.jpg 768w, https:\/\/rutesentrerefugis.com\/wp-content\/uploads\/2023\/03\/De-Gran-Sere-Alpinista-Inici-NW.jpg 1200w\" sizes=\"(max-width: 300px) 100vw, 300px\" \/><\/div><\/a>\n\t\t\t\t<div class=\"elementor-post__avatar\">\n\t\t\t<img alt='Edu Sallent' src='https:\/\/rutesentrerefugis.com\/wp-content\/uploads\/2023\/05\/avatar_user_22_1683354133.jpg' srcset='https:\/\/rutesentrerefugis.com\/wp-content\/uploads\/2023\/05\/avatar_user_22_1683354133.jpg 2x' class='avatar avatar-128 photo' height='128' width='128' \/>\t\t<\/div>\n\t\t\t\t<div class=\"elementor-post__text\">\n\t\t\t\t<h3 class=\"elementor-post__title\">\n\t\t\t<a href=\"https:\/\/rutesentrerefugis.com\/index.php\/2021\/04\/13\/de-gran-sere-alpinista\/\" target=&quot;_blank&quot;>\n\t\t\t\tDE GRAN SER\u00c9 ALPINISTA?\t\t\t<\/a>\n\t\t<\/h3>\n\t\t\n\t\t<a class=\"elementor-post__read-more\" href=\"https:\/\/rutesentrerefugis.com\/index.php\/2021\/04\/13\/de-gran-sere-alpinista\/\" aria-label=\"M\u00e1s informaci\u00f3n sobre DE GRAN SER\u00c9 ALPINISTA?\" tabindex=\"-1\" target=\"_blank\">\n\t\t\t Llegir m\u00e9s \u00bb\t\t<\/a>\n\n\t\t\t\t<\/div>\n\t\t\t\t<div class=\"elementor-post__meta-data\">\n\t\t\t\t\t<span class=\"elementor-post-date\">\n\t\t\t13\/04\/2021\t\t<\/span>\n\t\t\t\t<\/div>\n\t\t\t\t\t<\/div>\n\t\t<\/article>\n\t\t\t\t<article class=\"elementor-post elementor-grid-item post-9027 post type-post status-publish format-standard has-post-thumbnail hentry category-blog category-edu-sallent-ca category-llibres tag-aquell-vol-de-papallones-ca tag-cronicas-ca tag-croniques-ca tag-ediciones-desnivel-es-ca tag-edu-sallent-ca\" role=\"listitem\">\n\t\t\t<div class=\"elementor-post__card\">\n\t\t\t\t<a class=\"elementor-post__thumbnail__link\" href=\"https:\/\/rutesentrerefugis.com\/index.php\/2021\/03\/25\/aquell-vol-de-papallones\/\" tabindex=\"-1\" target=\"_blank\"><div class=\"elementor-post__thumbnail\"><img loading=\"lazy\" decoding=\"async\" width=\"300\" height=\"200\" src=\"https:\/\/rutesentrerefugis.com\/wp-content\/uploads\/2023\/03\/Aquell-Vol-de-Papallones-Inici-NW-300x200.jpg\" class=\"attachment-medium size-medium wp-image-9030\" alt=\"\" srcset=\"https:\/\/rutesentrerefugis.com\/wp-content\/uploads\/2023\/03\/Aquell-Vol-de-Papallones-Inici-NW-300x200.jpg 300w, https:\/\/rutesentrerefugis.com\/wp-content\/uploads\/2023\/03\/Aquell-Vol-de-Papallones-Inici-NW-1024x683.jpg 1024w, https:\/\/rutesentrerefugis.com\/wp-content\/uploads\/2023\/03\/Aquell-Vol-de-Papallones-Inici-NW-768x512.jpg 768w, https:\/\/rutesentrerefugis.com\/wp-content\/uploads\/2023\/03\/Aquell-Vol-de-Papallones-Inici-NW.jpg 1200w\" sizes=\"(max-width: 300px) 100vw, 300px\" \/><\/div><\/a>\n\t\t\t\t<div class=\"elementor-post__avatar\">\n\t\t\t<img alt='Edu Sallent' src='https:\/\/rutesentrerefugis.com\/wp-content\/uploads\/2023\/05\/avatar_user_22_1683354133.jpg' srcset='https:\/\/rutesentrerefugis.com\/wp-content\/uploads\/2023\/05\/avatar_user_22_1683354133.jpg 2x' class='avatar avatar-128 photo' height='128' width='128' \/>\t\t<\/div>\n\t\t\t\t<div class=\"elementor-post__text\">\n\t\t\t\t<h3 class=\"elementor-post__title\">\n\t\t\t<a href=\"https:\/\/rutesentrerefugis.com\/index.php\/2021\/03\/25\/aquell-vol-de-papallones\/\" target=&quot;_blank&quot;>\n\t\t\t\tAQUELL VOL DE PAPALLONES\t\t\t<\/a>\n\t\t<\/h3>\n\t\t\n\t\t<a class=\"elementor-post__read-more\" href=\"https:\/\/rutesentrerefugis.com\/index.php\/2021\/03\/25\/aquell-vol-de-papallones\/\" aria-label=\"M\u00e1s informaci\u00f3n sobre AQUELL VOL DE PAPALLONES\" tabindex=\"-1\" target=\"_blank\">\n\t\t\t Llegir m\u00e9s \u00bb\t\t<\/a>\n\n\t\t\t\t<\/div>\n\t\t\t\t<div class=\"elementor-post__meta-data\">\n\t\t\t\t\t<span class=\"elementor-post-date\">\n\t\t\t25\/03\/2021\t\t<\/span>\n\t\t\t\t<\/div>\n\t\t\t\t\t<\/div>\n\t\t<\/article>\n\t\t\t\t<\/div>\n\t\t\n\t\t\t\t\t\t<\/div>\n\t\t\t\t<\/div>\n\t\t\t\t\t<\/div>\n\t\t<\/div>\n\t\t\t\t\t<\/div>\n\t\t<\/section>\n\t\t\t\t<section class=\"elementor-section elementor-top-section elementor-element elementor-element-d5fe471 elementor-section-full_width elementor-section-height-default elementor-section-height-default\" data-id=\"d5fe471\" data-element_type=\"section\" data-e-type=\"section\">\n\t\t\t\t\t\t<div class=\"elementor-container elementor-column-gap-default\">\n\t\t\t\t\t<div class=\"elementor-column elementor-col-100 elementor-top-column elementor-element elementor-element-de51786\" data-id=\"de51786\" data-element_type=\"column\" data-e-type=\"column\">\n\t\t\t<div class=\"elementor-widget-wrap elementor-element-populated\">\n\t\t\t\t\t\t<div class=\"elementor-element elementor-element-2e57fa0 elementor-widget-divider--view-line elementor-widget elementor-widget-divider\" data-id=\"2e57fa0\" data-element_type=\"widget\" data-e-type=\"widget\" data-widget_type=\"divider.default\">\n\t\t\t\t<div class=\"elementor-widget-container\">\n\t\t\t\t\t\t\t<div class=\"elementor-divider\">\n\t\t\t<span class=\"elementor-divider-separator\">\n\t\t\t\t\t\t<\/span>\n\t\t<\/div>\n\t\t\t\t\t\t<\/div>\n\t\t\t\t<\/div>\n\t\t\t\t\t<\/div>\n\t\t<\/div>\n\t\t\t\t\t<\/div>\n\t\t<\/section>\n\t\t\t\t<section class=\"elementor-section elementor-top-section elementor-element elementor-element-41314f0 elementor-section-full_width elementor-section-height-default elementor-section-height-default\" data-id=\"41314f0\" data-element_type=\"section\" data-e-type=\"section\">\n\t\t\t\t\t\t<div class=\"elementor-container elementor-column-gap-default\">\n\t\t\t\t\t<div class=\"elementor-column elementor-col-100 elementor-top-column elementor-element elementor-element-8c77b23\" data-id=\"8c77b23\" data-element_type=\"column\" data-e-type=\"column\">\n\t\t\t<div class=\"elementor-widget-wrap elementor-element-populated\">\n\t\t\t\t\t\t<div class=\"elementor-element elementor-element-d32d00e elementor-widget elementor-widget-spacer\" data-id=\"d32d00e\" data-element_type=\"widget\" data-e-type=\"widget\" data-widget_type=\"spacer.default\">\n\t\t\t\t<div class=\"elementor-widget-container\">\n\t\t\t\t\t\t\t<div class=\"elementor-spacer\">\n\t\t\t<div class=\"elementor-spacer-inner\"><\/div>\n\t\t<\/div>\n\t\t\t\t\t\t<\/div>\n\t\t\t\t<\/div>\n\t\t\t\t\t<\/div>\n\t\t<\/div>\n\t\t\t\t\t<\/div>\n\t\t<\/section>\n\t\t\t\t<\/div>\n\t\t","protected":false},"excerpt":{"rendered":"<p>ALPINISME DE SEC\u00c0 L&#8217;ESS\u00c8NCIA DE L&#8217;ESCALADA NATURAL Fragment del llibre \u2018ALPINISME DE SEC\u00c0\u2019, escrit per l&#8217;EDU SALLENT,amb pr\u00f2leg de JORDI COROMINAS i publicat per COSSET\u00c0NIA<\/p>\n","protected":false},"author":22,"featured_media":28958,"comment_status":"open","ping_status":"open","sticky":false,"template":"elementor_header_footer","format":"standard","meta":{"_monsterinsights_skip_tracking":false,"_monsterinsights_sitenote_active":false,"_monsterinsights_sitenote_note":"","_monsterinsights_sitenote_category":0,"footnotes":""},"categories":[5124,5120,5838,11418],"tags":[13212,13210,5540,5844,13208,13214],"class_list":["post-28897","post","type-post","status-publish","format-standard","has-post-thumbnail","hentry","category-blog","category-croniques-ca","category-edu-sallent-ca","category-llibres","tag-alpinisme-de-seca","tag-colleccio-annapurna","tag-cossetania-edicions-es-ca","tag-edu-sallent-ca","tag-eduard-sallent","tag-jordi-coromines"],"yoast_head":"<!-- This site is optimized with the Yoast SEO plugin v27.5 - https:\/\/yoast.com\/product\/yoast-seo-wordpress\/ -->\n<title>ALPINISME DE SECA - Rutes Entre Refugis<\/title>\n<meta name=\"robots\" content=\"index, follow, max-snippet:-1, max-image-preview:large, max-video-preview:-1\" \/>\n<link rel=\"canonical\" href=\"https:\/\/rutesentrerefugis.com\/index.php\/2025\/10\/15\/alpinisme-de-seca\/\" \/>\n<meta property=\"og:locale\" content=\"es_ES\" \/>\n<meta property=\"og:type\" content=\"article\" \/>\n<meta property=\"og:title\" content=\"ALPINISME DE SECA - Rutes Entre Refugis\" \/>\n<meta property=\"og:description\" content=\"ALPINISME DE SEC\u00c0 L&#8217;ESS\u00c8NCIA DE L&#8217;ESCALADA NATURAL Fragment del llibre \u2018ALPINISME DE SEC\u00c0\u2019, escrit per l&#8217;EDU SALLENT,amb pr\u00f2leg de JORDI COROMINAS i publicat per COSSET\u00c0NIA\" \/>\n<meta property=\"og:url\" content=\"https:\/\/rutesentrerefugis.com\/index.php\/2025\/10\/15\/alpinisme-de-seca\/\" \/>\n<meta property=\"og:site_name\" content=\"Rutes Entre Refugis\" \/>\n<meta property=\"article:published_time\" content=\"2025-10-15T16:36:41+00:00\" \/>\n<meta property=\"article:modified_time\" content=\"2025-10-15T18:11:07+00:00\" \/>\n<meta property=\"og:image\" content=\"https:\/\/rutesentrerefugis.com\/wp-content\/uploads\/2025\/10\/Alpinisme-de-Seca-Inici.jpg\" \/>\n\t<meta property=\"og:image:width\" content=\"1200\" \/>\n\t<meta property=\"og:image:height\" content=\"800\" \/>\n\t<meta property=\"og:image:type\" content=\"image\/jpeg\" \/>\n<meta name=\"author\" content=\"Edu Sallent\" \/>\n<meta name=\"twitter:card\" content=\"summary_large_image\" \/>\n<meta name=\"twitter:label1\" content=\"Escrito por\" \/>\n\t<meta name=\"twitter:data1\" content=\"Edu Sallent\" \/>\n\t<meta name=\"twitter:label2\" content=\"Tiempo de lectura\" \/>\n\t<meta name=\"twitter:data2\" content=\"17 minutos\" \/>\n<script type=\"application\/ld+json\" class=\"yoast-schema-graph\">{\"@context\":\"https:\\\/\\\/schema.org\",\"@graph\":[{\"@type\":\"Article\",\"@id\":\"https:\\\/\\\/rutesentrerefugis.com\\\/index.php\\\/2025\\\/10\\\/15\\\/alpinisme-de-seca\\\/#article\",\"isPartOf\":{\"@id\":\"https:\\\/\\\/rutesentrerefugis.com\\\/index.php\\\/2025\\\/10\\\/15\\\/alpinisme-de-seca\\\/\"},\"author\":{\"name\":\"Edu Sallent\",\"@id\":\"https:\\\/\\\/rutesentrerefugis.com\\\/#\\\/schema\\\/person\\\/3e62c1b2ea2dba754012f327a42fb44d\"},\"headline\":\"ALPINISME DE SECA\",\"datePublished\":\"2025-10-15T16:36:41+00:00\",\"dateModified\":\"2025-10-15T18:11:07+00:00\",\"mainEntityOfPage\":{\"@id\":\"https:\\\/\\\/rutesentrerefugis.com\\\/index.php\\\/2025\\\/10\\\/15\\\/alpinisme-de-seca\\\/\"},\"wordCount\":2933,\"commentCount\":0,\"publisher\":{\"@id\":\"https:\\\/\\\/rutesentrerefugis.com\\\/#organization\"},\"image\":{\"@id\":\"https:\\\/\\\/rutesentrerefugis.com\\\/index.php\\\/2025\\\/10\\\/15\\\/alpinisme-de-seca\\\/#primaryimage\"},\"thumbnailUrl\":\"https:\\\/\\\/rutesentrerefugis.com\\\/wp-content\\\/uploads\\\/2025\\\/10\\\/Alpinisme-de-Seca-Inici.jpg\",\"keywords\":[\"Alpinisme de Sec\u00e0\",\"Col\u00b7lecci\u00f3 Annapurna\",\"Coss\u00e8tania Edicions\",\"Edu Sallent\",\"Eduard Sallent\",\"Jordi Coromines\"],\"articleSection\":[\"Blog\",\"Cr\u00f2niques\",\"Edu Sallent\",\"Llibres\"],\"inLanguage\":\"es\",\"potentialAction\":[{\"@type\":\"CommentAction\",\"name\":\"Comment\",\"target\":[\"https:\\\/\\\/rutesentrerefugis.com\\\/index.php\\\/2025\\\/10\\\/15\\\/alpinisme-de-seca\\\/#respond\"]}]},{\"@type\":\"WebPage\",\"@id\":\"https:\\\/\\\/rutesentrerefugis.com\\\/index.php\\\/2025\\\/10\\\/15\\\/alpinisme-de-seca\\\/\",\"url\":\"https:\\\/\\\/rutesentrerefugis.com\\\/index.php\\\/2025\\\/10\\\/15\\\/alpinisme-de-seca\\\/\",\"name\":\"ALPINISME DE SECA - Rutes Entre Refugis\",\"isPartOf\":{\"@id\":\"https:\\\/\\\/rutesentrerefugis.com\\\/#website\"},\"primaryImageOfPage\":{\"@id\":\"https:\\\/\\\/rutesentrerefugis.com\\\/index.php\\\/2025\\\/10\\\/15\\\/alpinisme-de-seca\\\/#primaryimage\"},\"image\":{\"@id\":\"https:\\\/\\\/rutesentrerefugis.com\\\/index.php\\\/2025\\\/10\\\/15\\\/alpinisme-de-seca\\\/#primaryimage\"},\"thumbnailUrl\":\"https:\\\/\\\/rutesentrerefugis.com\\\/wp-content\\\/uploads\\\/2025\\\/10\\\/Alpinisme-de-Seca-Inici.jpg\",\"datePublished\":\"2025-10-15T16:36:41+00:00\",\"dateModified\":\"2025-10-15T18:11:07+00:00\",\"breadcrumb\":{\"@id\":\"https:\\\/\\\/rutesentrerefugis.com\\\/index.php\\\/2025\\\/10\\\/15\\\/alpinisme-de-seca\\\/#breadcrumb\"},\"inLanguage\":\"es\",\"potentialAction\":[{\"@type\":\"ReadAction\",\"target\":[\"https:\\\/\\\/rutesentrerefugis.com\\\/index.php\\\/2025\\\/10\\\/15\\\/alpinisme-de-seca\\\/\"]}]},{\"@type\":\"ImageObject\",\"inLanguage\":\"es\",\"@id\":\"https:\\\/\\\/rutesentrerefugis.com\\\/index.php\\\/2025\\\/10\\\/15\\\/alpinisme-de-seca\\\/#primaryimage\",\"url\":\"https:\\\/\\\/rutesentrerefugis.com\\\/wp-content\\\/uploads\\\/2025\\\/10\\\/Alpinisme-de-Seca-Inici.jpg\",\"contentUrl\":\"https:\\\/\\\/rutesentrerefugis.com\\\/wp-content\\\/uploads\\\/2025\\\/10\\\/Alpinisme-de-Seca-Inici.jpg\",\"width\":1200,\"height\":800},{\"@type\":\"BreadcrumbList\",\"@id\":\"https:\\\/\\\/rutesentrerefugis.com\\\/index.php\\\/2025\\\/10\\\/15\\\/alpinisme-de-seca\\\/#breadcrumb\",\"itemListElement\":[{\"@type\":\"ListItem\",\"position\":1,\"name\":\"Inici\",\"item\":\"https:\\\/\\\/rutesentrerefugis.com\\\/\"},{\"@type\":\"ListItem\",\"position\":2,\"name\":\"ALPINISME DE SECA\"}]},{\"@type\":\"WebSite\",\"@id\":\"https:\\\/\\\/rutesentrerefugis.com\\\/#website\",\"url\":\"https:\\\/\\\/rutesentrerefugis.com\\\/\",\"name\":\"Rutes Entre Refugis\",\"description\":\"Caminant sota un nom\",\"publisher\":{\"@id\":\"https:\\\/\\\/rutesentrerefugis.com\\\/#organization\"},\"potentialAction\":[{\"@type\":\"SearchAction\",\"target\":{\"@type\":\"EntryPoint\",\"urlTemplate\":\"https:\\\/\\\/rutesentrerefugis.com\\\/?s={search_term_string}\"},\"query-input\":{\"@type\":\"PropertyValueSpecification\",\"valueRequired\":true,\"valueName\":\"search_term_string\"}}],\"inLanguage\":\"es\"},{\"@type\":\"Organization\",\"@id\":\"https:\\\/\\\/rutesentrerefugis.com\\\/#organization\",\"name\":\"Rutes Entre Refugis\",\"url\":\"https:\\\/\\\/rutesentrerefugis.com\\\/\",\"logo\":{\"@type\":\"ImageObject\",\"inLanguage\":\"es\",\"@id\":\"https:\\\/\\\/rutesentrerefugis.com\\\/#\\\/schema\\\/logo\\\/image\\\/\",\"url\":\"https:\\\/\\\/rutesentrerefugis.com\\\/wp-content\\\/uploads\\\/2022\\\/08\\\/RutesEntreRefugis-Blanc-Retina-1.png\",\"contentUrl\":\"https:\\\/\\\/rutesentrerefugis.com\\\/wp-content\\\/uploads\\\/2022\\\/08\\\/RutesEntreRefugis-Blanc-Retina-1.png\",\"width\":400,\"height\":400,\"caption\":\"Rutes Entre Refugis\"},\"image\":{\"@id\":\"https:\\\/\\\/rutesentrerefugis.com\\\/#\\\/schema\\\/logo\\\/image\\\/\"}},{\"@type\":\"Person\",\"@id\":\"https:\\\/\\\/rutesentrerefugis.com\\\/#\\\/schema\\\/person\\\/3e62c1b2ea2dba754012f327a42fb44d\",\"name\":\"Edu Sallent\",\"image\":{\"@type\":\"ImageObject\",\"inLanguage\":\"es\",\"@id\":\"https:\\\/\\\/rutesentrerefugis.com\\\/wp-content\\\/uploads\\\/2023\\\/05\\\/avatar_user_22_1683354133-96x96.jpg\",\"url\":\"https:\\\/\\\/rutesentrerefugis.com\\\/wp-content\\\/uploads\\\/2023\\\/05\\\/avatar_user_22_1683354133-96x96.jpg\",\"contentUrl\":\"https:\\\/\\\/rutesentrerefugis.com\\\/wp-content\\\/uploads\\\/2023\\\/05\\\/avatar_user_22_1683354133-96x96.jpg\",\"caption\":\"Edu Sallent\"},\"url\":\"https:\\\/\\\/rutesentrerefugis.com\\\/index.php\\\/author\\\/edu-sallent\\\/\"}]}<\/script>\n<!-- \/ Yoast SEO plugin. -->","yoast_head_json":{"title":"ALPINISME DE SECA - Rutes Entre Refugis","robots":{"index":"index","follow":"follow","max-snippet":"max-snippet:-1","max-image-preview":"max-image-preview:large","max-video-preview":"max-video-preview:-1"},"canonical":"https:\/\/rutesentrerefugis.com\/index.php\/2025\/10\/15\/alpinisme-de-seca\/","og_locale":"es_ES","og_type":"article","og_title":"ALPINISME DE SECA - Rutes Entre Refugis","og_description":"ALPINISME DE SEC\u00c0 L&#8217;ESS\u00c8NCIA DE L&#8217;ESCALADA NATURAL Fragment del llibre \u2018ALPINISME DE SEC\u00c0\u2019, escrit per l&#8217;EDU SALLENT,amb pr\u00f2leg de JORDI COROMINAS i publicat per COSSET\u00c0NIA","og_url":"https:\/\/rutesentrerefugis.com\/index.php\/2025\/10\/15\/alpinisme-de-seca\/","og_site_name":"Rutes Entre Refugis","article_published_time":"2025-10-15T16:36:41+00:00","article_modified_time":"2025-10-15T18:11:07+00:00","og_image":[{"width":1200,"height":800,"url":"https:\/\/rutesentrerefugis.com\/wp-content\/uploads\/2025\/10\/Alpinisme-de-Seca-Inici.jpg","type":"image\/jpeg"}],"author":"Edu Sallent","twitter_card":"summary_large_image","twitter_misc":{"Escrito por":"Edu Sallent","Tiempo de lectura":"17 minutos"},"schema":{"@context":"https:\/\/schema.org","@graph":[{"@type":"Article","@id":"https:\/\/rutesentrerefugis.com\/index.php\/2025\/10\/15\/alpinisme-de-seca\/#article","isPartOf":{"@id":"https:\/\/rutesentrerefugis.com\/index.php\/2025\/10\/15\/alpinisme-de-seca\/"},"author":{"name":"Edu Sallent","@id":"https:\/\/rutesentrerefugis.com\/#\/schema\/person\/3e62c1b2ea2dba754012f327a42fb44d"},"headline":"ALPINISME DE SECA","datePublished":"2025-10-15T16:36:41+00:00","dateModified":"2025-10-15T18:11:07+00:00","mainEntityOfPage":{"@id":"https:\/\/rutesentrerefugis.com\/index.php\/2025\/10\/15\/alpinisme-de-seca\/"},"wordCount":2933,"commentCount":0,"publisher":{"@id":"https:\/\/rutesentrerefugis.com\/#organization"},"image":{"@id":"https:\/\/rutesentrerefugis.com\/index.php\/2025\/10\/15\/alpinisme-de-seca\/#primaryimage"},"thumbnailUrl":"https:\/\/rutesentrerefugis.com\/wp-content\/uploads\/2025\/10\/Alpinisme-de-Seca-Inici.jpg","keywords":["Alpinisme de Sec\u00e0","Col\u00b7lecci\u00f3 Annapurna","Coss\u00e8tania Edicions","Edu Sallent","Eduard Sallent","Jordi Coromines"],"articleSection":["Blog","Cr\u00f2niques","Edu Sallent","Llibres"],"inLanguage":"es","potentialAction":[{"@type":"CommentAction","name":"Comment","target":["https:\/\/rutesentrerefugis.com\/index.php\/2025\/10\/15\/alpinisme-de-seca\/#respond"]}]},{"@type":"WebPage","@id":"https:\/\/rutesentrerefugis.com\/index.php\/2025\/10\/15\/alpinisme-de-seca\/","url":"https:\/\/rutesentrerefugis.com\/index.php\/2025\/10\/15\/alpinisme-de-seca\/","name":"ALPINISME DE SECA - Rutes Entre Refugis","isPartOf":{"@id":"https:\/\/rutesentrerefugis.com\/#website"},"primaryImageOfPage":{"@id":"https:\/\/rutesentrerefugis.com\/index.php\/2025\/10\/15\/alpinisme-de-seca\/#primaryimage"},"image":{"@id":"https:\/\/rutesentrerefugis.com\/index.php\/2025\/10\/15\/alpinisme-de-seca\/#primaryimage"},"thumbnailUrl":"https:\/\/rutesentrerefugis.com\/wp-content\/uploads\/2025\/10\/Alpinisme-de-Seca-Inici.jpg","datePublished":"2025-10-15T16:36:41+00:00","dateModified":"2025-10-15T18:11:07+00:00","breadcrumb":{"@id":"https:\/\/rutesentrerefugis.com\/index.php\/2025\/10\/15\/alpinisme-de-seca\/#breadcrumb"},"inLanguage":"es","potentialAction":[{"@type":"ReadAction","target":["https:\/\/rutesentrerefugis.com\/index.php\/2025\/10\/15\/alpinisme-de-seca\/"]}]},{"@type":"ImageObject","inLanguage":"es","@id":"https:\/\/rutesentrerefugis.com\/index.php\/2025\/10\/15\/alpinisme-de-seca\/#primaryimage","url":"https:\/\/rutesentrerefugis.com\/wp-content\/uploads\/2025\/10\/Alpinisme-de-Seca-Inici.jpg","contentUrl":"https:\/\/rutesentrerefugis.com\/wp-content\/uploads\/2025\/10\/Alpinisme-de-Seca-Inici.jpg","width":1200,"height":800},{"@type":"BreadcrumbList","@id":"https:\/\/rutesentrerefugis.com\/index.php\/2025\/10\/15\/alpinisme-de-seca\/#breadcrumb","itemListElement":[{"@type":"ListItem","position":1,"name":"Inici","item":"https:\/\/rutesentrerefugis.com\/"},{"@type":"ListItem","position":2,"name":"ALPINISME DE SECA"}]},{"@type":"WebSite","@id":"https:\/\/rutesentrerefugis.com\/#website","url":"https:\/\/rutesentrerefugis.com\/","name":"Rutes Entre Refugis","description":"Caminant sota un nom","publisher":{"@id":"https:\/\/rutesentrerefugis.com\/#organization"},"potentialAction":[{"@type":"SearchAction","target":{"@type":"EntryPoint","urlTemplate":"https:\/\/rutesentrerefugis.com\/?s={search_term_string}"},"query-input":{"@type":"PropertyValueSpecification","valueRequired":true,"valueName":"search_term_string"}}],"inLanguage":"es"},{"@type":"Organization","@id":"https:\/\/rutesentrerefugis.com\/#organization","name":"Rutes Entre Refugis","url":"https:\/\/rutesentrerefugis.com\/","logo":{"@type":"ImageObject","inLanguage":"es","@id":"https:\/\/rutesentrerefugis.com\/#\/schema\/logo\/image\/","url":"https:\/\/rutesentrerefugis.com\/wp-content\/uploads\/2022\/08\/RutesEntreRefugis-Blanc-Retina-1.png","contentUrl":"https:\/\/rutesentrerefugis.com\/wp-content\/uploads\/2022\/08\/RutesEntreRefugis-Blanc-Retina-1.png","width":400,"height":400,"caption":"Rutes Entre Refugis"},"image":{"@id":"https:\/\/rutesentrerefugis.com\/#\/schema\/logo\/image\/"}},{"@type":"Person","@id":"https:\/\/rutesentrerefugis.com\/#\/schema\/person\/3e62c1b2ea2dba754012f327a42fb44d","name":"Edu Sallent","image":{"@type":"ImageObject","inLanguage":"es","@id":"https:\/\/rutesentrerefugis.com\/wp-content\/uploads\/2023\/05\/avatar_user_22_1683354133-96x96.jpg","url":"https:\/\/rutesentrerefugis.com\/wp-content\/uploads\/2023\/05\/avatar_user_22_1683354133-96x96.jpg","contentUrl":"https:\/\/rutesentrerefugis.com\/wp-content\/uploads\/2023\/05\/avatar_user_22_1683354133-96x96.jpg","caption":"Edu Sallent"},"url":"https:\/\/rutesentrerefugis.com\/index.php\/author\/edu-sallent\/"}]}},"_links":{"self":[{"href":"https:\/\/rutesentrerefugis.com\/index.php\/wp-json\/wp\/v2\/posts\/28897","targetHints":{"allow":["GET"]}}],"collection":[{"href":"https:\/\/rutesentrerefugis.com\/index.php\/wp-json\/wp\/v2\/posts"}],"about":[{"href":"https:\/\/rutesentrerefugis.com\/index.php\/wp-json\/wp\/v2\/types\/post"}],"author":[{"embeddable":true,"href":"https:\/\/rutesentrerefugis.com\/index.php\/wp-json\/wp\/v2\/users\/22"}],"replies":[{"embeddable":true,"href":"https:\/\/rutesentrerefugis.com\/index.php\/wp-json\/wp\/v2\/comments?post=28897"}],"version-history":[{"count":61,"href":"https:\/\/rutesentrerefugis.com\/index.php\/wp-json\/wp\/v2\/posts\/28897\/revisions"}],"predecessor-version":[{"id":29024,"href":"https:\/\/rutesentrerefugis.com\/index.php\/wp-json\/wp\/v2\/posts\/28897\/revisions\/29024"}],"wp:featuredmedia":[{"embeddable":true,"href":"https:\/\/rutesentrerefugis.com\/index.php\/wp-json\/wp\/v2\/media\/28958"}],"wp:attachment":[{"href":"https:\/\/rutesentrerefugis.com\/index.php\/wp-json\/wp\/v2\/media?parent=28897"}],"wp:term":[{"taxonomy":"category","embeddable":true,"href":"https:\/\/rutesentrerefugis.com\/index.php\/wp-json\/wp\/v2\/categories?post=28897"},{"taxonomy":"post_tag","embeddable":true,"href":"https:\/\/rutesentrerefugis.com\/index.php\/wp-json\/wp\/v2\/tags?post=28897"}],"curies":[{"name":"wp","href":"https:\/\/api.w.org\/{rel}","templated":true}]}}