{"id":29025,"date":"2025-10-25T11:24:10","date_gmt":"2025-10-25T11:24:10","guid":{"rendered":"https:\/\/rutesentrerefugis.com\/?p=29025"},"modified":"2025-10-25T12:27:22","modified_gmt":"2025-10-25T12:27:22","slug":"tot-es-politica","status":"publish","type":"post","link":"https:\/\/rutesentrerefugis.com\/index.php\/2025\/10\/25\/tot-es-politica\/","title":{"rendered":"TOT \u00c9S POL\u00cdTICA?"},"content":{"rendered":"\t\t<div data-elementor-type=\"wp-post\" data-elementor-id=\"29025\" class=\"elementor elementor-29025\" data-elementor-post-type=\"post\">\n\t\t\t\t\t\t<section class=\"elementor-section elementor-top-section elementor-element elementor-element-ab53242 elementor-section-full_width elementor-section-height-default elementor-section-height-default\" data-id=\"ab53242\" data-element_type=\"section\" data-e-type=\"section\" data-settings=\"{&quot;background_background&quot;:&quot;classic&quot;}\">\n\t\t\t\t\t\t<div class=\"elementor-container elementor-column-gap-default\">\n\t\t\t\t\t<div class=\"elementor-column elementor-col-100 elementor-top-column elementor-element elementor-element-8f03127\" data-id=\"8f03127\" data-element_type=\"column\" data-e-type=\"column\">\n\t\t\t<div class=\"elementor-widget-wrap elementor-element-populated\">\n\t\t\t\t\t\t<div class=\"elementor-element elementor-element-9b71a54 elementor-widget elementor-widget-image\" data-id=\"9b71a54\" data-element_type=\"widget\" data-e-type=\"widget\" data-widget_type=\"image.default\">\n\t\t\t\t<div class=\"elementor-widget-container\">\n\t\t\t\t\t\t\t\t\t\t\t\t\t\t\t<img fetchpriority=\"high\" decoding=\"async\" width=\"2000\" height=\"450\" src=\"https:\/\/rutesentrerefugis.com\/wp-content\/uploads\/2025\/10\/Tot-es-Politica-Cap.jpg\" class=\"attachment-full size-full wp-image-29035\" alt=\"\" srcset=\"https:\/\/rutesentrerefugis.com\/wp-content\/uploads\/2025\/10\/Tot-es-Politica-Cap.jpg 2000w, https:\/\/rutesentrerefugis.com\/wp-content\/uploads\/2025\/10\/Tot-es-Politica-Cap-300x68.jpg 300w, https:\/\/rutesentrerefugis.com\/wp-content\/uploads\/2025\/10\/Tot-es-Politica-Cap-1024x230.jpg 1024w, https:\/\/rutesentrerefugis.com\/wp-content\/uploads\/2025\/10\/Tot-es-Politica-Cap-768x173.jpg 768w, https:\/\/rutesentrerefugis.com\/wp-content\/uploads\/2025\/10\/Tot-es-Politica-Cap-1536x346.jpg 1536w\" sizes=\"(max-width: 2000px) 100vw, 2000px\" \/>\t\t\t\t\t\t\t\t\t\t\t\t\t\t\t<\/div>\n\t\t\t\t<\/div>\n\t\t\t\t\t<\/div>\n\t\t<\/div>\n\t\t\t\t\t<\/div>\n\t\t<\/section>\n\t\t\t\t<section class=\"elementor-section elementor-top-section elementor-element elementor-element-9bbab2a elementor-section-full_width elementor-section-height-default elementor-section-height-default\" data-id=\"9bbab2a\" data-element_type=\"section\" data-e-type=\"section\" data-settings=\"{&quot;background_background&quot;:&quot;classic&quot;}\">\n\t\t\t\t\t\t<div class=\"elementor-container elementor-column-gap-default\">\n\t\t\t\t\t<div class=\"elementor-column elementor-col-100 elementor-top-column elementor-element elementor-element-cbaaa3d\" data-id=\"cbaaa3d\" data-element_type=\"column\" data-e-type=\"column\">\n\t\t\t<div class=\"elementor-widget-wrap elementor-element-populated\">\n\t\t\t\t\t\t<div class=\"elementor-element elementor-element-88bb33a elementor-widget elementor-widget-heading\" data-id=\"88bb33a\" data-element_type=\"widget\" data-e-type=\"widget\" data-widget_type=\"heading.default\">\n\t\t\t\t<div class=\"elementor-widget-container\">\n\t\t\t\t\t<h2 class=\"elementor-heading-title elementor-size-default\">TOT \u00c9S POL\u00cdTICA?<\/h2>\t\t\t\t<\/div>\n\t\t\t\t<\/div>\n\t\t\t\t\t<\/div>\n\t\t<\/div>\n\t\t\t\t\t<\/div>\n\t\t<\/section>\n\t\t\t\t<section class=\"elementor-section elementor-top-section elementor-element elementor-element-f4c2fc7 elementor-section-full_width elementor-section-height-default elementor-section-height-default\" data-id=\"f4c2fc7\" data-element_type=\"section\" data-e-type=\"section\" data-settings=\"{&quot;background_background&quot;:&quot;classic&quot;}\">\n\t\t\t\t\t\t<div class=\"elementor-container elementor-column-gap-default\">\n\t\t\t\t\t<div class=\"elementor-column elementor-col-100 elementor-top-column elementor-element elementor-element-aef9847\" data-id=\"aef9847\" data-element_type=\"column\" data-e-type=\"column\">\n\t\t\t<div class=\"elementor-widget-wrap elementor-element-populated\">\n\t\t\t\t\t\t<div class=\"elementor-element elementor-element-96abed9 elementor-widget-divider--view-line elementor-widget elementor-widget-divider\" data-id=\"96abed9\" data-element_type=\"widget\" data-e-type=\"widget\" data-widget_type=\"divider.default\">\n\t\t\t\t<div class=\"elementor-widget-container\">\n\t\t\t\t\t\t\t<div class=\"elementor-divider\">\n\t\t\t<span class=\"elementor-divider-separator\">\n\t\t\t\t\t\t<\/span>\n\t\t<\/div>\n\t\t\t\t\t\t<\/div>\n\t\t\t\t<\/div>\n\t\t\t\t\t<\/div>\n\t\t<\/div>\n\t\t\t\t\t<\/div>\n\t\t<\/section>\n\t\t\t\t<section class=\"elementor-section elementor-top-section elementor-element elementor-element-29ce0f6 elementor-section-full_width elementor-section-height-default elementor-section-height-default\" data-id=\"29ce0f6\" data-element_type=\"section\" data-e-type=\"section\">\n\t\t\t\t\t\t<div class=\"elementor-container elementor-column-gap-default\">\n\t\t\t\t\t<div class=\"elementor-column elementor-col-100 elementor-top-column elementor-element elementor-element-a91799a\" data-id=\"a91799a\" data-element_type=\"column\" data-e-type=\"column\">\n\t\t\t<div class=\"elementor-widget-wrap elementor-element-populated\">\n\t\t\t\t\t\t<div class=\"elementor-element elementor-element-3506292 elementor-widget elementor-widget-spacer\" data-id=\"3506292\" data-element_type=\"widget\" data-e-type=\"widget\" data-widget_type=\"spacer.default\">\n\t\t\t\t<div class=\"elementor-widget-container\">\n\t\t\t\t\t\t\t<div class=\"elementor-spacer\">\n\t\t\t<div class=\"elementor-spacer-inner\"><\/div>\n\t\t<\/div>\n\t\t\t\t\t\t<\/div>\n\t\t\t\t<\/div>\n\t\t\t\t\t<\/div>\n\t\t<\/div>\n\t\t\t\t\t<\/div>\n\t\t<\/section>\n\t\t\t\t<section class=\"elementor-section elementor-top-section elementor-element elementor-element-7d04b51 elementor-section-full_width elementor-section-height-default elementor-section-height-default\" data-id=\"7d04b51\" data-element_type=\"section\" data-e-type=\"section\">\n\t\t\t\t\t\t<div class=\"elementor-container elementor-column-gap-default\">\n\t\t\t\t\t<div class=\"elementor-column elementor-col-100 elementor-top-column elementor-element elementor-element-dc3164a\" data-id=\"dc3164a\" data-element_type=\"column\" data-e-type=\"column\">\n\t\t\t<div class=\"elementor-widget-wrap elementor-element-populated\">\n\t\t\t\t\t\t<div class=\"elementor-element elementor-element-5623faa elementor-widget elementor-widget-text-editor\" data-id=\"5623faa\" data-element_type=\"widget\" data-e-type=\"widget\" data-widget_type=\"text-editor.default\">\n\t\t\t\t<div class=\"elementor-widget-container\">\n\t\t\t\t\t\t\t\t\t<p>Columna escrita per ENRIC FAURA<\/p>\t\t\t\t\t\t\t\t<\/div>\n\t\t\t\t<\/div>\n\t\t\t\t\t<\/div>\n\t\t<\/div>\n\t\t\t\t\t<\/div>\n\t\t<\/section>\n\t\t\t\t<section class=\"elementor-section elementor-top-section elementor-element elementor-element-7d60b46 elementor-section-full_width elementor-section-height-default elementor-section-height-default\" data-id=\"7d60b46\" data-element_type=\"section\" data-e-type=\"section\">\n\t\t\t\t\t\t<div class=\"elementor-container elementor-column-gap-default\">\n\t\t\t\t\t<div class=\"elementor-column elementor-col-100 elementor-top-column elementor-element elementor-element-905bfd8\" data-id=\"905bfd8\" data-element_type=\"column\" data-e-type=\"column\">\n\t\t\t<div class=\"elementor-widget-wrap elementor-element-populated\">\n\t\t\t\t\t\t<div class=\"elementor-element elementor-element-5ea6a62 elementor-widget elementor-widget-text-editor\" data-id=\"5ea6a62\" data-element_type=\"widget\" data-e-type=\"widget\" data-widget_type=\"text-editor.default\">\n\t\t\t\t<div class=\"elementor-widget-container\">\n\t\t\t\t\t\t\t\t\t<h5>A <em>La muntanya m\u00e0gica<\/em>, la cl\u00e0ssica novel\u00b7la de Thomas Mann, la conversa entre Settembrini, l\u2019humanista, racionalista, liberal, ma\u00e7\u00f3,  il\u00b7lustrat i Naphta, el jueu convers, educat pels jesu\u00eftes, cr\u00edtic de la modernitat liberal, assoleix un dels cims de la creaci\u00f3 liter\u00e0ria i intel\u00b7lectual m\u00e9s destacades de tot el segle XX.  S\u00f3n uns di\u00e0legs brillants, tallants, especulatius, d\u2019una enorme tensi\u00f3 creativa, a l\u2019escenari imponent de les muntanyes dels Alps, a la vall su\u00efssa de Saint Moritz. En un moment d\u2019aquestes converses, de vegades reflexives, altres el\u00e8ctriques, sempre respectuoses i creatives, es deixa anar una sentencia: \u201cNo existeix la no pol\u00edtica, tot \u00e9s pol\u00edtica\u201d.<\/br>\n<\/br>\nPer moltes raons, l\u2019alpinisme, a casa nostra l\u2019excursionisme, i en general els esports de muntanya, molt sovint han intentat defugir l\u2019etiqueta pol\u00edtica. Centrats en l\u2019exploraci\u00f3 geogr\u00e0fica o interior, el coneixement natural o simplement en el gaudi est\u00e8tic, l\u2019aproximaci\u00f3 al sublim, amb una clara deriva actual cap a l\u2019esport i la competici\u00f3, sovint els enderiats de les muntanyes han defugit qualsevol posicionament pol\u00edtic, aspirant potser a motivacions m\u00e9s elevades, vitalistes, arrauxades o  pures, lluny de les mis\u00e8ries i vileses de la societat material, en una mena de fugida d\u2019una terra baixa guimeraniana vers una terra alta neta i deslliurada del malestar de l\u2019home contemporani.<\/br>\n<\/br>\nPer\u00f2 vet aqu\u00ed que l\u2019escriptor i periodista, historiador i  muntanyenc Pablo Batalla, asturi\u00e0 i fill de la plana dels Pics d\u2019Europa, acaba de publicar un llibre LA BANDERA EN LA CUMBRE (Capit\u00e1n Swing 2025) que, com si fos un cop de puny per la seva contund\u00e8ncia i claredat, s\u2019alinea clarament amb els malalts de La muntanya m\u00e0gica. S\u00ed, efectivament, tot \u00e9s pol\u00edtica, la muntanya i l\u2019alpinisme tamb\u00e9 en s\u00f3n, sense cap dubte.<\/br>\n<\/br>\nAquest assaig no \u00e9s un llibre de muntanya, per\u00f2 va de muntanya. \u00c9s una reflexi\u00f3 sobre la muntanya com espai simb\u00f2lic, ideol\u00f2gic, de lluita i de resist\u00e8ncia, i terreny de joc de la pol\u00edtica en tots els seus \u00e0mbits. El seu punt de partida \u00e9s relativament senzill. Si qualsevol ideologia o sistema de pensament necessita alguna mena de paisatge, o de  context, la muntanya, des del segle XIX ha estat un espai sobre el qual s\u2019han projectat hero\u00efcitats, patriotisme, espais m\u00edstics o \u00e8xtasi personal. La muntanya no \u00e9s ni ha estat neutral; \u00e9s una construcci\u00f3 humana que s\u2019ha fet ress\u00f2 de la ideologia de cada moment. L\u2019autor defensa que l\u2019alpinisme \u00e9s una activitat pol\u00edtica per se, vinculat al mite liberal de l\u2019individu aut\u00f2nom i autosuficient, a les construccions nacionals de l\u2019estat-naci\u00f3, a l\u2019imperialisme d\u2019algunes metr\u00f2polis.<\/br>\n<\/br>\nEl llibre \u00e9s un assaig cultural, una mem\u00f2ria personal, una cr\u00edtica despietat del capitalisme des d\u2019uns postulats clarament marxistes, un cert pamflet a cops, sobre la muntanya, entesa com una hist\u00f2ria pol\u00edtica del muntanyisme.<\/br>\n<\/br>\nLa metodologia de treball \u00e9s clara. Partint d\u2019un llistat de les grans ideologies i de les tem\u00e0tiques dels moviments socials de la contemporane\u00eftat (p\u00e0tria, llibertat o nacionalisme, feminisme, pacifisme, religi\u00f3, antiracisme i descolonialisme, ecologisme, animalisme, etc) l\u2019autor fa l\u2019esfor\u00e7 d\u2019explicar-les  i posar-les en relaci\u00f3 amb el mon de la muntanya. De vegades, el pas de l\u2019an\u00e8cdota a la categoria queda una mica curt i justeja, tot cal dir-ho.<\/br>\n<\/br>\nPer\u00f2 en conjunt en surt una hist\u00f2ria de l\u2019alpinisme molt diferent a les que coneixem fins ara, una hist\u00f2ria volgudament pol\u00edtica i polititzada.<\/br>\n<\/br>\nQu\u00e8 vol dir aix\u00f2? \u00c9s un text purament especulatiu sense cap connexi\u00f3 amb la realitat? No, de cap manera. Ara mateix, la llarga cua d\u2019alpinistes que han pagat fortunes per ser pujats a l\u2019Everest, respon clarament a una ideologia pol\u00edtica, el capitalisme de les al\u00e7ades. La declaraci\u00f3 d\u2019un parc natural o nacional \u00e9s tan pol\u00edtica com una llei laboral, i tots sabem que la regulaci\u00f3 dels accessos a la natura no \u00e9s neutral, sin\u00f3 que respon a interessos de turisme esportiu, econ\u00f2mics, urban\u00edstics, i pol\u00edtics que mai s\u00f3n innocents.<\/br>\n<\/br>\nDes del punt de vista sociol\u00f2gic, i fins i tot, est\u00e8tic, les curses de muntanya que fan forrolla com a espectacles televisius en escenaris espectaculars, i que sovint segueixen itineraris irreflexius i fins i tot perillosos, s\u00f3n inseparables de la promoci\u00f3 de la competitivitat que mou la societat actual. La reconversi\u00f3 de l\u2019esport de muntanya enfocat a competitivitat dels ultratrails i a formes d\u2019esport extrem, massa vegades incompatible amb el reconeixement dels l\u00edmits del propi cos, no \u00e9s una simple evoluci\u00f3 natural del muntanyisme, sin\u00f3 el reflex d\u2019una societat consumista i respon a una ideologia neoliberal d\u2019autoexplotaci\u00f3.<\/br>\n<\/br>\nA Catalunya tenim un devessall d\u2019exemples d\u2019aquesta relaci\u00f3 entra la pol\u00edtica i la muntanya que massa cops s\u2019han interpretat i analitzat des de perspectives que precisament intentaven deslligar aquesta simbiosi. Des del mateix naixement de l\u2019excursionisme catal\u00e0, estretament lligat a la Renaixen\u00e7a i la lluita per recuperar un passat i uns mites fundacionals, la simbiosi de l\u2019escalada amb Montserrat, el moviment anarquista i la muntanya, l\u2019higienisme dels Amics del sol,  la lluita antifranquista del moviment excursionista, les accions a les muntanya del proc\u00e9s independentista o la convocat\u00f2ria d\u2019unes eleccions de Jordi Pujol des del cim de l\u2019Aneto, els exemples s\u00f3n nombrosos i evidents.  Per\u00f2 sobretot \u00e9s important aquelles accions que aparentment s\u00f3n t\u00e8cniques (regulacions de vies d\u2019escalada a Montserrat, nou telecadira a Vallter, regulacions d\u2019acc\u00e9s al Montseny, normatives de protecci\u00f3 al medi natural), que tenen un alt\u00edssim component pol\u00edtic que s\u2019intenta amagar darrera de proclames purament tecnocr\u00e0tiques, as\u00e8ptiques i neutrals.<\/br>\n<\/br>\nQu\u00e8 en surt? Un assaig molt original, radicalment diferent als llibres de muntanya que llegim habitualment. Resseguint les intu\u00efcions i les den\u00fancies de Pablo Batalla s\u2019obren molt camins, es dibuixen rastres i queden moltes preguntes sense respondre. \u00c9s un text valent, un assaig que convida a pensar, a desplegar una nova mirada sobre obvietats que no hem de donar per suposades ni inevitables.<\/br>\n<\/br>\nSegurament \u00e9s un llibre insuficient, per\u00f2 obre una via que caldria que altres seguissin, perqu\u00e8 aqu\u00ed hi ha molta tela per tallar o, per dir-ho d\u2019una altra manera, molta reflexi\u00f3 pendent sobre el sentit de l\u2019excursionisme en aquests temps tan complexos. Perqu\u00e8 com diu la dita: \u201cDe la discussi\u00f3 en neix la claror, si no s&#8217;apaga el llum&#8230;\u201d<\/br>\n<\/br>\nI si, es clar, tot \u00e9s pol\u00edtica.<\/h5>\t\t\t\t\t\t\t\t<\/div>\n\t\t\t\t<\/div>\n\t\t\t\t\t<\/div>\n\t\t<\/div>\n\t\t\t\t\t<\/div>\n\t\t<\/section>\n\t\t\t\t<section class=\"elementor-section elementor-top-section elementor-element elementor-element-2602cb7 elementor-section-full_width elementor-section-height-default elementor-section-height-default\" data-id=\"2602cb7\" data-element_type=\"section\" data-e-type=\"section\" data-settings=\"{&quot;background_background&quot;:&quot;classic&quot;}\">\n\t\t\t\t\t\t<div class=\"elementor-container elementor-column-gap-default\">\n\t\t\t\t\t<div class=\"elementor-column elementor-col-33 elementor-top-column elementor-element elementor-element-d4dd54d\" data-id=\"d4dd54d\" data-element_type=\"column\" data-e-type=\"column\">\n\t\t\t<div class=\"elementor-widget-wrap elementor-element-populated\">\n\t\t\t\t\t\t<div class=\"elementor-element elementor-element-63ef20f elementor-widget elementor-widget-image\" data-id=\"63ef20f\" data-element_type=\"widget\" data-e-type=\"widget\" data-widget_type=\"image.default\">\n\t\t\t\t<div class=\"elementor-widget-container\">\n\t\t\t\t\t\t\t\t\t\t\t\t\t\t\t<img decoding=\"async\" width=\"800\" height=\"500\" src=\"https:\/\/rutesentrerefugis.com\/wp-content\/uploads\/2025\/10\/Banner-La-Bandera-en-la-Cumbre.jpg\" class=\"attachment-large size-large wp-image-29045\" alt=\"\" srcset=\"https:\/\/rutesentrerefugis.com\/wp-content\/uploads\/2025\/10\/Banner-La-Bandera-en-la-Cumbre.jpg 800w, https:\/\/rutesentrerefugis.com\/wp-content\/uploads\/2025\/10\/Banner-La-Bandera-en-la-Cumbre-300x188.jpg 300w, https:\/\/rutesentrerefugis.com\/wp-content\/uploads\/2025\/10\/Banner-La-Bandera-en-la-Cumbre-768x480.jpg 768w\" sizes=\"(max-width: 800px) 100vw, 800px\" \/>\t\t\t\t\t\t\t\t\t\t\t\t\t\t\t<\/div>\n\t\t\t\t<\/div>\n\t\t\t\t\t<\/div>\n\t\t<\/div>\n\t\t\t\t<div class=\"elementor-column elementor-col-66 elementor-top-column elementor-element elementor-element-a96404c\" data-id=\"a96404c\" data-element_type=\"column\" data-e-type=\"column\">\n\t\t\t<div class=\"elementor-widget-wrap elementor-element-populated\">\n\t\t\t\t\t\t<div class=\"elementor-element elementor-element-d97781b elementor-widget elementor-widget-text-editor\" data-id=\"d97781b\" data-element_type=\"widget\" data-e-type=\"widget\" data-widget_type=\"text-editor.default\">\n\t\t\t\t<div class=\"elementor-widget-container\">\n\t\t\t\t\t\t\t\t\t<h5><span style=\"color: #b40404;\"><b>LA BANDERA EN LA CUMBRE<\/b><\/span><\/h5>\n<h6>Xerpes en vaga. Feministes que claven la bandera sufragista a dalt d\u2019un pic. Alpinistes vegans, alpinistes cecs, alpinistes per for\u00e7a a les serres del maquis, alpinistes trans onejant l\u2019est\u00e0ndard rosa, blanc-i-blau a cadascun dels Set Cims, muntanyencs evang\u00e8lics a la recerca de l\u2019Arca de No\u00e8 al cim de l\u2019Ararat. Anarquistes que van a la muntanya a practicar esperanto o a buscar amagatalls per a les armes de l\u2019acci\u00f3 directa. Muntanyencs feixistes, pacifistes, peronistes, liberals, conservadors. Papes i sants alpinistes, jueus ortodoxos estudiant la Tor\u00e0 a les faldes de l\u2019Everest. Les excursions de Tolkien, les de Lenin, les d\u2019en Helmut Kohl, el mountaintop somiat per Martin Luther King. Llargues cues a l\u2019Everest del segle xxi per onejar dues dotzenes de diverses banderes. \u00abNo hi ha no pol\u00edtica, tot \u00e9s pol\u00edtica\u00bb, es diuen dos personatges de La muntanya m\u00e0gica, de Thomas Mann, en un balneari dels Alps su\u00efssos, i amb aquesta refer\u00e8ncia liter\u00e0ria comen\u00e7a aquest llibre sobre les mil maneres en qu\u00e8 s\u2019ha fet pol\u00edtica des dels esmolats p\u00falpits dels pics del m\u00f3n. Mentrestant, van apareixent tant les grandeses com les mis\u00e8ries de la hist\u00f2ria de l\u2019alpinisme, de vegades espai de llibertat i emancipaci\u00f3, i d\u2019opressi\u00f3 moltes altres.<\/h6>\n<h6><a href=\"https:\/\/rutesentrerefugis.com\/index.php\/2025\/09\/14\/la-bandera-en-la-cumbre\/\" target=\"_blank\" rel=\"noopener\"><font color=\"#B40404\"><u>Llegir-ne un fragment del llibre >>><\/a><\/u><\/font><\/h6>\t\t\t\t\t\t\t\t<\/div>\n\t\t\t\t<\/div>\n\t\t\t\t\t<\/div>\n\t\t<\/div>\n\t\t\t\t\t<\/div>\n\t\t<\/section>\n\t\t\t\t<section class=\"elementor-section elementor-top-section elementor-element elementor-element-4c99e21 elementor-section-full_width elementor-section-height-default elementor-section-height-default\" data-id=\"4c99e21\" data-element_type=\"section\" data-e-type=\"section\">\n\t\t\t\t\t\t<div class=\"elementor-container elementor-column-gap-default\">\n\t\t\t\t\t<div class=\"elementor-column elementor-col-100 elementor-top-column elementor-element elementor-element-b85e95b\" data-id=\"b85e95b\" data-element_type=\"column\" data-e-type=\"column\">\n\t\t\t<div class=\"elementor-widget-wrap elementor-element-populated\">\n\t\t\t\t\t\t<div class=\"elementor-element elementor-element-d11ee19 elementor-widget elementor-widget-spacer\" data-id=\"d11ee19\" data-element_type=\"widget\" data-e-type=\"widget\" data-widget_type=\"spacer.default\">\n\t\t\t\t<div class=\"elementor-widget-container\">\n\t\t\t\t\t\t\t<div class=\"elementor-spacer\">\n\t\t\t<div class=\"elementor-spacer-inner\"><\/div>\n\t\t<\/div>\n\t\t\t\t\t\t<\/div>\n\t\t\t\t<\/div>\n\t\t\t\t\t<\/div>\n\t\t<\/div>\n\t\t\t\t\t<\/div>\n\t\t<\/section>\n\t\t\t\t<section class=\"elementor-section elementor-top-section elementor-element elementor-element-6e100c0 elementor-section-full_width elementor-section-height-default elementor-section-height-default\" data-id=\"6e100c0\" data-element_type=\"section\" data-e-type=\"section\" data-settings=\"{&quot;background_background&quot;:&quot;classic&quot;}\">\n\t\t\t\t\t\t<div class=\"elementor-container elementor-column-gap-default\">\n\t\t\t\t\t<div class=\"elementor-column elementor-col-100 elementor-top-column elementor-element elementor-element-4cdfdc9\" data-id=\"4cdfdc9\" data-element_type=\"column\" data-e-type=\"column\">\n\t\t\t<div class=\"elementor-widget-wrap elementor-element-populated\">\n\t\t\t\t\t\t<div class=\"elementor-element elementor-element-89ea803 elementor-widget elementor-widget-image\" data-id=\"89ea803\" data-element_type=\"widget\" data-e-type=\"widget\" data-widget_type=\"image.default\">\n\t\t\t\t<div class=\"elementor-widget-container\">\n\t\t\t\t\t\t\t\t\t\t\t\t\t\t\t<img decoding=\"async\" width=\"100\" height=\"100\" src=\"https:\/\/rutesentrerefugis.com\/wp-content\/uploads\/2022\/05\/Enric-Faura-NW.jpg\" class=\"attachment-full size-full wp-image-7170\" alt=\"\" \/>\t\t\t\t\t\t\t\t\t\t\t\t\t\t\t<\/div>\n\t\t\t\t<\/div>\n\t\t\t\t<div class=\"elementor-element elementor-element-5ba100f elementor-widget elementor-widget-text-editor\" data-id=\"5ba100f\" data-element_type=\"widget\" data-e-type=\"widget\" data-widget_type=\"text-editor.default\">\n\t\t\t\t<div class=\"elementor-widget-container\">\n\t\t\t\t\t\t\t\t\t<h4>ENRIC FAURA<\/h4>\n<h5>Excursionista, muntanyenc, articulista i autor de llibres<\/h5>\t\t\t\t\t\t\t\t<\/div>\n\t\t\t\t<\/div>\n\t\t\t\t\t<\/div>\n\t\t<\/div>\n\t\t\t\t\t<\/div>\n\t\t<\/section>\n\t\t\t\t<section class=\"elementor-section elementor-top-section elementor-element elementor-element-aec3cc3 elementor-section-full_width elementor-section-height-default elementor-section-height-default\" data-id=\"aec3cc3\" data-element_type=\"section\" data-e-type=\"section\">\n\t\t\t\t\t\t<div class=\"elementor-container elementor-column-gap-default\">\n\t\t\t\t\t<div class=\"elementor-column elementor-col-100 elementor-top-column elementor-element elementor-element-8b917ef\" data-id=\"8b917ef\" data-element_type=\"column\" data-e-type=\"column\">\n\t\t\t<div class=\"elementor-widget-wrap elementor-element-populated\">\n\t\t\t\t\t\t<div class=\"elementor-element elementor-element-55e1d57 elementor-widget elementor-widget-spacer\" data-id=\"55e1d57\" data-element_type=\"widget\" data-e-type=\"widget\" data-widget_type=\"spacer.default\">\n\t\t\t\t<div class=\"elementor-widget-container\">\n\t\t\t\t\t\t\t<div class=\"elementor-spacer\">\n\t\t\t<div class=\"elementor-spacer-inner\"><\/div>\n\t\t<\/div>\n\t\t\t\t\t\t<\/div>\n\t\t\t\t<\/div>\n\t\t\t\t\t<\/div>\n\t\t<\/div>\n\t\t\t\t\t<\/div>\n\t\t<\/section>\n\t\t\t\t<section class=\"elementor-section elementor-top-section elementor-element elementor-element-ba5a911 elementor-section-full_width elementor-section-height-default elementor-section-height-default\" data-id=\"ba5a911\" data-element_type=\"section\" data-e-type=\"section\">\n\t\t\t\t\t\t<div class=\"elementor-container elementor-column-gap-default\">\n\t\t\t\t\t<div class=\"elementor-column elementor-col-100 elementor-top-column elementor-element elementor-element-6599b13\" data-id=\"6599b13\" data-element_type=\"column\" data-e-type=\"column\">\n\t\t\t<div class=\"elementor-widget-wrap elementor-element-populated\">\n\t\t\t\t\t\t<div class=\"elementor-element elementor-element-2f736f8 elementor-widget elementor-widget-heading\" data-id=\"2f736f8\" data-element_type=\"widget\" data-e-type=\"widget\" data-widget_type=\"heading.default\">\n\t\t\t\t<div class=\"elementor-widget-container\">\n\t\t\t\t\t<h5 class=\"elementor-heading-title elementor-size-default\"><font color=\"#999999\"><u>Per si vols compartir aquesta columna<\/u><\/font><\/h5>\t\t\t\t<\/div>\n\t\t\t\t<\/div>\n\t\t\t\t\t<\/div>\n\t\t<\/div>\n\t\t\t\t\t<\/div>\n\t\t<\/section>\n\t\t\t\t<section class=\"elementor-section elementor-top-section elementor-element elementor-element-bd545f9 elementor-section-full_width elementor-section-height-default elementor-section-height-default\" data-id=\"bd545f9\" data-element_type=\"section\" data-e-type=\"section\">\n\t\t\t\t\t\t<div class=\"elementor-container elementor-column-gap-default\">\n\t\t\t\t\t<div class=\"elementor-column elementor-col-100 elementor-top-column elementor-element elementor-element-9db2400\" data-id=\"9db2400\" data-element_type=\"column\" data-e-type=\"column\">\n\t\t\t<div class=\"elementor-widget-wrap elementor-element-populated\">\n\t\t\t\t\t\t<div class=\"elementor-element elementor-element-20b91ca elementor-share-buttons--view-icon elementor-share-buttons--skin-framed elementor-share-buttons--shape-circle elementor-share-buttons--color-custom elementor-grid-0 elementor-widget elementor-widget-share-buttons\" data-id=\"20b91ca\" data-element_type=\"widget\" data-e-type=\"widget\" data-widget_type=\"share-buttons.default\">\n\t\t\t\t<div class=\"elementor-widget-container\">\n\t\t\t\t\t\t\t<div class=\"elementor-grid\" role=\"list\">\n\t\t\t\t\t\t\t\t<div class=\"elementor-grid-item\" role=\"listitem\">\n\t\t\t\t\t\t<div class=\"elementor-share-btn elementor-share-btn_facebook\" role=\"button\" tabindex=\"0\" aria-label=\"Compartici\u00f3 en facebook\">\n\t\t\t\t\t\t\t\t\t\t\t\t\t\t\t<span class=\"elementor-share-btn__icon\">\n\t\t\t\t\t\t\t\t<i class=\"fab fa-facebook\" aria-hidden=\"true\"><\/i>\t\t\t\t\t\t\t<\/span>\n\t\t\t\t\t\t\t\t\t\t\t\t\t\t\t\t\t\t\t\t<\/div>\n\t\t\t\t\t<\/div>\n\t\t\t\t\t\t\t\t\t<div class=\"elementor-grid-item\" role=\"listitem\">\n\t\t\t\t\t\t<div class=\"elementor-share-btn elementor-share-btn_twitter\" role=\"button\" tabindex=\"0\" aria-label=\"Compartici\u00f3 en twitter\">\n\t\t\t\t\t\t\t\t\t\t\t\t\t\t\t<span class=\"elementor-share-btn__icon\">\n\t\t\t\t\t\t\t\t<i class=\"fab fa-twitter\" aria-hidden=\"true\"><\/i>\t\t\t\t\t\t\t<\/span>\n\t\t\t\t\t\t\t\t\t\t\t\t\t\t\t\t\t\t\t\t<\/div>\n\t\t\t\t\t<\/div>\n\t\t\t\t\t\t\t\t\t<div class=\"elementor-grid-item\" role=\"listitem\">\n\t\t\t\t\t\t<div class=\"elementor-share-btn elementor-share-btn_telegram\" role=\"button\" tabindex=\"0\" aria-label=\"Compartici\u00f3 en telegram\">\n\t\t\t\t\t\t\t\t\t\t\t\t\t\t\t<span class=\"elementor-share-btn__icon\">\n\t\t\t\t\t\t\t\t<i class=\"fab fa-telegram\" aria-hidden=\"true\"><\/i>\t\t\t\t\t\t\t<\/span>\n\t\t\t\t\t\t\t\t\t\t\t\t\t\t\t\t\t\t\t\t<\/div>\n\t\t\t\t\t<\/div>\n\t\t\t\t\t\t\t\t\t<div class=\"elementor-grid-item\" role=\"listitem\">\n\t\t\t\t\t\t<div class=\"elementor-share-btn elementor-share-btn_pinterest\" role=\"button\" tabindex=\"0\" aria-label=\"Compartici\u00f3 en pinterest\">\n\t\t\t\t\t\t\t\t\t\t\t\t\t\t\t<span class=\"elementor-share-btn__icon\">\n\t\t\t\t\t\t\t\t<i class=\"fab fa-pinterest\" aria-hidden=\"true\"><\/i>\t\t\t\t\t\t\t<\/span>\n\t\t\t\t\t\t\t\t\t\t\t\t\t\t\t\t\t\t\t\t<\/div>\n\t\t\t\t\t<\/div>\n\t\t\t\t\t\t\t\t\t<div class=\"elementor-grid-item\" role=\"listitem\">\n\t\t\t\t\t\t<div class=\"elementor-share-btn elementor-share-btn_whatsapp\" role=\"button\" tabindex=\"0\" aria-label=\"Compartici\u00f3 en whatsapp\">\n\t\t\t\t\t\t\t\t\t\t\t\t\t\t\t<span class=\"elementor-share-btn__icon\">\n\t\t\t\t\t\t\t\t<i class=\"fab fa-whatsapp\" aria-hidden=\"true\"><\/i>\t\t\t\t\t\t\t<\/span>\n\t\t\t\t\t\t\t\t\t\t\t\t\t\t\t\t\t\t\t\t<\/div>\n\t\t\t\t\t<\/div>\n\t\t\t\t\t\t\t\t\t<div class=\"elementor-grid-item\" role=\"listitem\">\n\t\t\t\t\t\t<div class=\"elementor-share-btn elementor-share-btn_email\" role=\"button\" tabindex=\"0\" aria-label=\"Compartici\u00f3 en email\">\n\t\t\t\t\t\t\t\t\t\t\t\t\t\t\t<span class=\"elementor-share-btn__icon\">\n\t\t\t\t\t\t\t\t<i class=\"fas fa-envelope\" aria-hidden=\"true\"><\/i>\t\t\t\t\t\t\t<\/span>\n\t\t\t\t\t\t\t\t\t\t\t\t\t\t\t\t\t\t\t\t<\/div>\n\t\t\t\t\t<\/div>\n\t\t\t\t\t\t\t\t\t<div class=\"elementor-grid-item\" role=\"listitem\">\n\t\t\t\t\t\t<div class=\"elementor-share-btn elementor-share-btn_print\" role=\"button\" tabindex=\"0\" aria-label=\"Compartici\u00f3 en print\">\n\t\t\t\t\t\t\t\t\t\t\t\t\t\t\t<span class=\"elementor-share-btn__icon\">\n\t\t\t\t\t\t\t\t<i class=\"fas fa-print\" aria-hidden=\"true\"><\/i>\t\t\t\t\t\t\t<\/span>\n\t\t\t\t\t\t\t\t\t\t\t\t\t\t\t\t\t\t\t\t<\/div>\n\t\t\t\t\t<\/div>\n\t\t\t\t\t\t<\/div>\n\t\t\t\t\t\t<\/div>\n\t\t\t\t<\/div>\n\t\t\t\t\t<\/div>\n\t\t<\/div>\n\t\t\t\t\t<\/div>\n\t\t<\/section>\n\t\t\t\t<section class=\"elementor-section elementor-top-section elementor-element elementor-element-2686f08 elementor-section-full_width elementor-section-height-default elementor-section-height-default\" data-id=\"2686f08\" data-element_type=\"section\" data-e-type=\"section\">\n\t\t\t\t\t\t<div class=\"elementor-container elementor-column-gap-default\">\n\t\t\t\t\t<div class=\"elementor-column elementor-col-100 elementor-top-column elementor-element elementor-element-1a0fabf\" data-id=\"1a0fabf\" data-element_type=\"column\" data-e-type=\"column\">\n\t\t\t<div class=\"elementor-widget-wrap elementor-element-populated\">\n\t\t\t\t\t\t<div class=\"elementor-element elementor-element-d1a5ea4 elementor-widget elementor-widget-spacer\" data-id=\"d1a5ea4\" data-element_type=\"widget\" data-e-type=\"widget\" data-widget_type=\"spacer.default\">\n\t\t\t\t<div class=\"elementor-widget-container\">\n\t\t\t\t\t\t\t<div class=\"elementor-spacer\">\n\t\t\t<div class=\"elementor-spacer-inner\"><\/div>\n\t\t<\/div>\n\t\t\t\t\t\t<\/div>\n\t\t\t\t<\/div>\n\t\t\t\t\t<\/div>\n\t\t<\/div>\n\t\t\t\t\t<\/div>\n\t\t<\/section>\n\t\t\t\t<section class=\"elementor-section elementor-top-section elementor-element elementor-element-0132f83 elementor-section-full_width elementor-section-height-default elementor-section-height-default\" data-id=\"0132f83\" data-element_type=\"section\" data-e-type=\"section\">\n\t\t\t\t\t\t<div class=\"elementor-container elementor-column-gap-default\">\n\t\t\t\t\t<div class=\"elementor-column elementor-col-100 elementor-top-column elementor-element elementor-element-229327d\" data-id=\"229327d\" data-element_type=\"column\" data-e-type=\"column\">\n\t\t\t<div class=\"elementor-widget-wrap elementor-element-populated\">\n\t\t\t\t\t\t<div class=\"elementor-element elementor-element-b62ed63 elementor-widget-divider--view-line elementor-widget elementor-widget-divider\" data-id=\"b62ed63\" data-element_type=\"widget\" data-e-type=\"widget\" data-widget_type=\"divider.default\">\n\t\t\t\t<div class=\"elementor-widget-container\">\n\t\t\t\t\t\t\t<div class=\"elementor-divider\">\n\t\t\t<span class=\"elementor-divider-separator\">\n\t\t\t\t\t\t<\/span>\n\t\t<\/div>\n\t\t\t\t\t\t<\/div>\n\t\t\t\t<\/div>\n\t\t\t\t\t<\/div>\n\t\t<\/div>\n\t\t\t\t\t<\/div>\n\t\t<\/section>\n\t\t\t\t<section class=\"elementor-section elementor-top-section elementor-element elementor-element-c39983e elementor-section-full_width elementor-section-height-default elementor-section-height-default\" data-id=\"c39983e\" data-element_type=\"section\" data-e-type=\"section\">\n\t\t\t\t\t\t<div class=\"elementor-container elementor-column-gap-default\">\n\t\t\t\t\t<div class=\"elementor-column elementor-col-100 elementor-top-column elementor-element elementor-element-fa8f63a\" data-id=\"fa8f63a\" data-element_type=\"column\" data-e-type=\"column\">\n\t\t\t<div class=\"elementor-widget-wrap elementor-element-populated\">\n\t\t\t\t\t\t<div class=\"elementor-element elementor-element-6eafcef elementor-widget elementor-widget-heading\" data-id=\"6eafcef\" data-element_type=\"widget\" data-e-type=\"widget\" data-widget_type=\"heading.default\">\n\t\t\t\t<div class=\"elementor-widget-container\">\n\t\t\t\t\t<h2 class=\"elementor-heading-title elementor-size-default\"><u>ARTICLES PUBLICATS PER L'AUTOR<\/u><\/h2>\t\t\t\t<\/div>\n\t\t\t\t<\/div>\n\t\t\t\t\t<\/div>\n\t\t<\/div>\n\t\t\t\t\t<\/div>\n\t\t<\/section>\n\t\t\t\t<section class=\"elementor-section elementor-top-section elementor-element elementor-element-2dd77e8 elementor-section-full_width elementor-section-height-default elementor-section-height-default\" data-id=\"2dd77e8\" data-element_type=\"section\" data-e-type=\"section\">\n\t\t\t\t\t\t<div class=\"elementor-container elementor-column-gap-default\">\n\t\t\t\t\t<div class=\"elementor-column elementor-col-100 elementor-top-column elementor-element elementor-element-fd3f2e4\" data-id=\"fd3f2e4\" data-element_type=\"column\" data-e-type=\"column\">\n\t\t\t<div class=\"elementor-widget-wrap elementor-element-populated\">\n\t\t\t\t\t\t<div class=\"elementor-element elementor-element-dcc124d elementor-widget elementor-widget-spacer\" data-id=\"dcc124d\" data-element_type=\"widget\" data-e-type=\"widget\" data-widget_type=\"spacer.default\">\n\t\t\t\t<div class=\"elementor-widget-container\">\n\t\t\t\t\t\t\t<div class=\"elementor-spacer\">\n\t\t\t<div class=\"elementor-spacer-inner\"><\/div>\n\t\t<\/div>\n\t\t\t\t\t\t<\/div>\n\t\t\t\t<\/div>\n\t\t\t\t\t<\/div>\n\t\t<\/div>\n\t\t\t\t\t<\/div>\n\t\t<\/section>\n\t\t\t\t<section class=\"elementor-section elementor-top-section elementor-element elementor-element-739b617 elementor-section-full_width elementor-section-height-default elementor-section-height-default\" data-id=\"739b617\" data-element_type=\"section\" data-e-type=\"section\">\n\t\t\t\t\t\t<div class=\"elementor-container elementor-column-gap-default\">\n\t\t\t\t\t<div class=\"elementor-column elementor-col-100 elementor-top-column elementor-element elementor-element-ea32f56\" data-id=\"ea32f56\" data-element_type=\"column\" data-e-type=\"column\">\n\t\t\t<div class=\"elementor-widget-wrap elementor-element-populated\">\n\t\t\t\t\t\t<div class=\"elementor-element elementor-element-60c689f elementor-grid-5 elementor-grid-tablet-2 elementor-grid-mobile-1 elementor-posts--thumbnail-top elementor-widget elementor-widget-posts\" data-id=\"60c689f\" data-element_type=\"widget\" data-e-type=\"widget\" data-settings=\"{&quot;classic_columns&quot;:&quot;5&quot;,&quot;classic_columns_tablet&quot;:&quot;2&quot;,&quot;classic_columns_mobile&quot;:&quot;1&quot;,&quot;classic_row_gap&quot;:{&quot;unit&quot;:&quot;px&quot;,&quot;size&quot;:35,&quot;sizes&quot;:[]},&quot;classic_row_gap_tablet&quot;:{&quot;unit&quot;:&quot;px&quot;,&quot;size&quot;:&quot;&quot;,&quot;sizes&quot;:[]},&quot;classic_row_gap_mobile&quot;:{&quot;unit&quot;:&quot;px&quot;,&quot;size&quot;:&quot;&quot;,&quot;sizes&quot;:[]}}\" data-widget_type=\"posts.classic\">\n\t\t\t\t<div class=\"elementor-widget-container\">\n\t\t\t\t\t\t\t<div class=\"elementor-posts-container elementor-posts elementor-posts--skin-classic elementor-grid\" role=\"list\">\n\t\t\t\t<article class=\"elementor-post elementor-grid-item post-29025 post type-post status-publish format-standard has-post-thumbnail hentry category-blog category-enric-faura-ca category-llibres tag-article tag-articulo tag-blog tag-capitan-swing-es-ca tag-columnas-ca tag-columnes-ca tag-cronicas-ca tag-croniques-ca tag-enric-faura-es-ca tag-la-bandera-en-la-cumbre-ca tag-libros tag-llibres tag-pablo-batalla tag-politica-ca\" role=\"listitem\">\n\t\t\t\t<a class=\"elementor-post__thumbnail__link\" href=\"https:\/\/rutesentrerefugis.com\/index.php\/2025\/10\/25\/tot-es-politica\/\" tabindex=\"-1\" >\n\t\t\t<div class=\"elementor-post__thumbnail\"><img loading=\"lazy\" decoding=\"async\" width=\"1200\" height=\"800\" src=\"https:\/\/rutesentrerefugis.com\/wp-content\/uploads\/2025\/10\/Tot-es-Politica-Inici.jpg\" class=\"attachment-full size-full wp-image-29026\" alt=\"\" srcset=\"https:\/\/rutesentrerefugis.com\/wp-content\/uploads\/2025\/10\/Tot-es-Politica-Inici.jpg 1200w, https:\/\/rutesentrerefugis.com\/wp-content\/uploads\/2025\/10\/Tot-es-Politica-Inici-300x200.jpg 300w, https:\/\/rutesentrerefugis.com\/wp-content\/uploads\/2025\/10\/Tot-es-Politica-Inici-1024x683.jpg 1024w, https:\/\/rutesentrerefugis.com\/wp-content\/uploads\/2025\/10\/Tot-es-Politica-Inici-768x512.jpg 768w\" sizes=\"(max-width: 1200px) 100vw, 1200px\" \/><\/div>\n\t\t<\/a>\n\t\t\t\t<div class=\"elementor-post__text\">\n\t\t\t\t<h3 class=\"elementor-post__title\">\n\t\t\t<a href=\"https:\/\/rutesentrerefugis.com\/index.php\/2025\/10\/25\/tot-es-politica\/\" >\n\t\t\t\tTOT \u00c9S POL\u00cdTICA?\t\t\t<\/a>\n\t\t<\/h3>\n\t\t\t\t<div class=\"elementor-post__meta-data\">\n\t\t\t\t\t<span class=\"elementor-post-date\">\n\t\t\t25\/10\/2025\t\t<\/span>\n\t\t\t\t<\/div>\n\t\t\t\t<\/div>\n\t\t\t\t<\/article>\n\t\t\t\t<article class=\"elementor-post elementor-grid-item post-6708 post type-post status-publish format-standard has-post-thumbnail hentry category-blog category-enric-faura-ca category-llibres tag-angle-editorial-es-ca tag-columnas-ca tag-columnes-ca tag-cossetania-es-ca tag-enric-faura-es-ca tag-foucault-es-ca tag-frederic-gros-es-ca tag-kant-es-ca tag-nerval-ca tag-nietzsche-es-ca tag-rimbaud-ca tag-thoreau-ca\" role=\"listitem\">\n\t\t\t\t<a class=\"elementor-post__thumbnail__link\" href=\"https:\/\/rutesentrerefugis.com\/index.php\/2022\/05\/09\/caminar-una-filosofia\/\" tabindex=\"-1\" >\n\t\t\t<div class=\"elementor-post__thumbnail\"><img loading=\"lazy\" decoding=\"async\" width=\"1200\" height=\"800\" src=\"https:\/\/rutesentrerefugis.com\/wp-content\/uploads\/2023\/01\/Caminar-una-Filosofia-Inici-NW.jpg\" class=\"attachment-full size-full wp-image-6710\" alt=\"\" srcset=\"https:\/\/rutesentrerefugis.com\/wp-content\/uploads\/2023\/01\/Caminar-una-Filosofia-Inici-NW.jpg 1200w, https:\/\/rutesentrerefugis.com\/wp-content\/uploads\/2023\/01\/Caminar-una-Filosofia-Inici-NW-300x200.jpg 300w, https:\/\/rutesentrerefugis.com\/wp-content\/uploads\/2023\/01\/Caminar-una-Filosofia-Inici-NW-1024x683.jpg 1024w, https:\/\/rutesentrerefugis.com\/wp-content\/uploads\/2023\/01\/Caminar-una-Filosofia-Inici-NW-768x512.jpg 768w\" sizes=\"(max-width: 1200px) 100vw, 1200px\" \/><\/div>\n\t\t<\/a>\n\t\t\t\t<div class=\"elementor-post__text\">\n\t\t\t\t<h3 class=\"elementor-post__title\">\n\t\t\t<a href=\"https:\/\/rutesentrerefugis.com\/index.php\/2022\/05\/09\/caminar-una-filosofia\/\" >\n\t\t\t\tCAMINAR, UNA FILOSOFIA\t\t\t<\/a>\n\t\t<\/h3>\n\t\t\t\t<div class=\"elementor-post__meta-data\">\n\t\t\t\t\t<span class=\"elementor-post-date\">\n\t\t\t09\/05\/2022\t\t<\/span>\n\t\t\t\t<\/div>\n\t\t\t\t<\/div>\n\t\t\t\t<\/article>\n\t\t\t\t<article class=\"elementor-post elementor-grid-item post-6895 post type-post status-publish format-standard has-post-thumbnail hentry category-blog category-enric-faura-ca category-llibres tag-aransa-ca tag-boscuria-ca tag-cadi-ca tag-cap-del-rec-ca tag-columnas-ca tag-columnes-ca tag-enric-faura-es-ca tag-gaudi-es-ca tag-miquel-bassols-i-puig-es-ca tag-montserrat-es-ca tag-simbol-editors-es-ca tag-verdaguer-es-ca tag-witter-es-ca\" role=\"listitem\">\n\t\t\t\t<a class=\"elementor-post__thumbnail__link\" href=\"https:\/\/rutesentrerefugis.com\/index.php\/2021\/09\/20\/de-boscuries\/\" tabindex=\"-1\" >\n\t\t\t<div class=\"elementor-post__thumbnail\"><img loading=\"lazy\" decoding=\"async\" width=\"1200\" height=\"800\" src=\"https:\/\/rutesentrerefugis.com\/wp-content\/uploads\/2023\/01\/De-Boscuria-Inici-NW.jpg\" class=\"attachment-full size-full wp-image-6896\" alt=\"\" srcset=\"https:\/\/rutesentrerefugis.com\/wp-content\/uploads\/2023\/01\/De-Boscuria-Inici-NW.jpg 1200w, https:\/\/rutesentrerefugis.com\/wp-content\/uploads\/2023\/01\/De-Boscuria-Inici-NW-300x200.jpg 300w, https:\/\/rutesentrerefugis.com\/wp-content\/uploads\/2023\/01\/De-Boscuria-Inici-NW-1024x683.jpg 1024w, https:\/\/rutesentrerefugis.com\/wp-content\/uploads\/2023\/01\/De-Boscuria-Inici-NW-768x512.jpg 768w\" sizes=\"(max-width: 1200px) 100vw, 1200px\" \/><\/div>\n\t\t<\/a>\n\t\t\t\t<div class=\"elementor-post__text\">\n\t\t\t\t<h3 class=\"elementor-post__title\">\n\t\t\t<a href=\"https:\/\/rutesentrerefugis.com\/index.php\/2021\/09\/20\/de-boscuries\/\" >\n\t\t\t\tDE BOSC\u00daRIES\t\t\t<\/a>\n\t\t<\/h3>\n\t\t\t\t<div class=\"elementor-post__meta-data\">\n\t\t\t\t\t<span class=\"elementor-post-date\">\n\t\t\t20\/09\/2021\t\t<\/span>\n\t\t\t\t<\/div>\n\t\t\t\t<\/div>\n\t\t\t\t<\/article>\n\t\t\t\t<article class=\"elementor-post elementor-grid-item post-6875 post type-post status-publish format-standard has-post-thumbnail hentry category-blog category-enric-faura-ca category-llibres tag-columnas-ca tag-columnes-ca tag-elogi-dels-camins-ca tag-elogio-de-los-caminos-ca tag-enric-faura-es-ca tag-oslo-ca tag-simbol-editors-es-ca tag-torbjorn-ekelund-ca tag-volcano-editorial-ca\" role=\"listitem\">\n\t\t\t\t<a class=\"elementor-post__thumbnail__link\" href=\"https:\/\/rutesentrerefugis.com\/index.php\/2021\/03\/15\/elogi-dels-camins-un-text-suggestiu\/\" tabindex=\"-1\" >\n\t\t\t<div class=\"elementor-post__thumbnail\"><img loading=\"lazy\" decoding=\"async\" width=\"1200\" height=\"800\" src=\"https:\/\/rutesentrerefugis.com\/wp-content\/uploads\/2023\/01\/Elogi-dels-Camins-Inici-NW.jpg\" class=\"attachment-full size-full wp-image-6876\" alt=\"\" srcset=\"https:\/\/rutesentrerefugis.com\/wp-content\/uploads\/2023\/01\/Elogi-dels-Camins-Inici-NW.jpg 1200w, https:\/\/rutesentrerefugis.com\/wp-content\/uploads\/2023\/01\/Elogi-dels-Camins-Inici-NW-300x200.jpg 300w, https:\/\/rutesentrerefugis.com\/wp-content\/uploads\/2023\/01\/Elogi-dels-Camins-Inici-NW-1024x683.jpg 1024w, https:\/\/rutesentrerefugis.com\/wp-content\/uploads\/2023\/01\/Elogi-dels-Camins-Inici-NW-768x512.jpg 768w\" sizes=\"(max-width: 1200px) 100vw, 1200px\" \/><\/div>\n\t\t<\/a>\n\t\t\t\t<div class=\"elementor-post__text\">\n\t\t\t\t<h3 class=\"elementor-post__title\">\n\t\t\t<a href=\"https:\/\/rutesentrerefugis.com\/index.php\/2021\/03\/15\/elogi-dels-camins-un-text-suggestiu\/\" >\n\t\t\t\tELOGI DELS CAMINS, UN TEXT SUGGESTIU\t\t\t<\/a>\n\t\t<\/h3>\n\t\t\t\t<div class=\"elementor-post__meta-data\">\n\t\t\t\t\t<span class=\"elementor-post-date\">\n\t\t\t15\/03\/2021\t\t<\/span>\n\t\t\t\t<\/div>\n\t\t\t\t<\/div>\n\t\t\t\t<\/article>\n\t\t\t\t<article class=\"elementor-post elementor-grid-item post-6848 post type-post status-publish format-standard has-post-thumbnail hentry category-blog category-enric-faura-ca category-llibres tag-anglaterra-ca tag-columnas-ca tag-columnes-ca tag-enric-faura-es-ca tag-guadarrama-ca tag-himalaia-ca tag-himalaya-ca tag-inglaterra-ca tag-la-montanas-de-la-mente-ca tag-la-viejas-sendas-ca tag-naturaleza-virgen-ca tag-palestina-ca tag-raimon-panikkar-ca tag-robert-macfarlane-ca\" role=\"listitem\">\n\t\t\t\t<a class=\"elementor-post__thumbnail__link\" href=\"https:\/\/rutesentrerefugis.com\/index.php\/2020\/12\/05\/els-vells-camins\/\" tabindex=\"-1\" >\n\t\t\t<div class=\"elementor-post__thumbnail\"><img loading=\"lazy\" decoding=\"async\" width=\"1200\" height=\"800\" src=\"https:\/\/rutesentrerefugis.com\/wp-content\/uploads\/2023\/01\/Els-Vells-Camins-Inici-NW.jpg\" class=\"attachment-full size-full wp-image-6849\" alt=\"\" srcset=\"https:\/\/rutesentrerefugis.com\/wp-content\/uploads\/2023\/01\/Els-Vells-Camins-Inici-NW.jpg 1200w, https:\/\/rutesentrerefugis.com\/wp-content\/uploads\/2023\/01\/Els-Vells-Camins-Inici-NW-300x200.jpg 300w, https:\/\/rutesentrerefugis.com\/wp-content\/uploads\/2023\/01\/Els-Vells-Camins-Inici-NW-1024x683.jpg 1024w, https:\/\/rutesentrerefugis.com\/wp-content\/uploads\/2023\/01\/Els-Vells-Camins-Inici-NW-768x512.jpg 768w\" sizes=\"(max-width: 1200px) 100vw, 1200px\" \/><\/div>\n\t\t<\/a>\n\t\t\t\t<div class=\"elementor-post__text\">\n\t\t\t\t<h3 class=\"elementor-post__title\">\n\t\t\t<a href=\"https:\/\/rutesentrerefugis.com\/index.php\/2020\/12\/05\/els-vells-camins\/\" >\n\t\t\t\tELS VELLS CAMINS\t\t\t<\/a>\n\t\t<\/h3>\n\t\t\t\t<div class=\"elementor-post__meta-data\">\n\t\t\t\t\t<span class=\"elementor-post-date\">\n\t\t\t05\/12\/2020\t\t<\/span>\n\t\t\t\t<\/div>\n\t\t\t\t<\/div>\n\t\t\t\t<\/article>\n\t\t\t\t<article class=\"elementor-post elementor-grid-item post-6755 post type-post status-publish format-standard has-post-thumbnail hentry category-blog category-enric-faura-ca category-llibres tag-apalatxes-ca tag-capitan-swing-es-ca tag-columnas-ca tag-columnes-ca tag-en-los-senderos-es-ca tag-enric-faura-es-ca tag-estats-units-es-ca tag-georgia-es-ca tag-maine-es-ca tag-robert-moor-ca\" role=\"listitem\">\n\t\t\t\t<a class=\"elementor-post__thumbnail__link\" href=\"https:\/\/rutesentrerefugis.com\/index.php\/2020\/05\/05\/de-senders-i-pensaments\/\" tabindex=\"-1\" >\n\t\t\t<div class=\"elementor-post__thumbnail\"><img loading=\"lazy\" decoding=\"async\" width=\"1200\" height=\"800\" src=\"https:\/\/rutesentrerefugis.com\/wp-content\/uploads\/2023\/01\/Senders-Inici-NW.jpg\" class=\"attachment-full size-full wp-image-6756\" alt=\"\" srcset=\"https:\/\/rutesentrerefugis.com\/wp-content\/uploads\/2023\/01\/Senders-Inici-NW.jpg 1200w, https:\/\/rutesentrerefugis.com\/wp-content\/uploads\/2023\/01\/Senders-Inici-NW-300x200.jpg 300w, https:\/\/rutesentrerefugis.com\/wp-content\/uploads\/2023\/01\/Senders-Inici-NW-1024x683.jpg 1024w, https:\/\/rutesentrerefugis.com\/wp-content\/uploads\/2023\/01\/Senders-Inici-NW-768x512.jpg 768w\" sizes=\"(max-width: 1200px) 100vw, 1200px\" \/><\/div>\n\t\t<\/a>\n\t\t\t\t<div class=\"elementor-post__text\">\n\t\t\t\t<h3 class=\"elementor-post__title\">\n\t\t\t<a href=\"https:\/\/rutesentrerefugis.com\/index.php\/2020\/05\/05\/de-senders-i-pensaments\/\" >\n\t\t\t\tDE SENDERS I PENSAMENTS\t\t\t<\/a>\n\t\t<\/h3>\n\t\t\t\t<div class=\"elementor-post__meta-data\">\n\t\t\t\t\t<span class=\"elementor-post-date\">\n\t\t\t05\/05\/2020\t\t<\/span>\n\t\t\t\t<\/div>\n\t\t\t\t<\/div>\n\t\t\t\t<\/article>\n\t\t\t\t<article class=\"elementor-post elementor-grid-item post-6819 post type-post status-publish format-standard has-post-thumbnail hentry category-blog category-enric-faura-ca tag-alaska-ca tag-california-ca tag-canada-ca tag-columnas-ca tag-columnes-ca tag-el-pare-de-la-wilderness-ca tag-emerson-ca tag-enric-faura-es-ca tag-estats-units-es-ca tag-europa-ca tag-grand-canyon-ca tag-irlanda-ca tag-john-muir-ca tag-john-muir-trail-ca tag-los-angeles-ca tag-mount-ranier-ca tag-p-n-de-sequoia-ca tag-p-n-de-yellowstone-ca tag-petrified-forest-ca tag-sant-diego-ca tag-sierra-club-ca tag-sierra-nevada-es-ca tag-thoreau-ca tag-usa-ca tag-wilderness-ca tag-wisconsin-ca tag-yosemite-ca\" role=\"listitem\">\n\t\t\t\t<a class=\"elementor-post__thumbnail__link\" href=\"https:\/\/rutesentrerefugis.com\/index.php\/2020\/02\/02\/john-muir-el-pare-de-la-wilderness\/\" tabindex=\"-1\" >\n\t\t\t<div class=\"elementor-post__thumbnail\"><img loading=\"lazy\" decoding=\"async\" width=\"1200\" height=\"800\" src=\"https:\/\/rutesentrerefugis.com\/wp-content\/uploads\/2023\/01\/John-Muir-Inici-NW.jpg\" class=\"attachment-full size-full wp-image-6820\" alt=\"\" srcset=\"https:\/\/rutesentrerefugis.com\/wp-content\/uploads\/2023\/01\/John-Muir-Inici-NW.jpg 1200w, https:\/\/rutesentrerefugis.com\/wp-content\/uploads\/2023\/01\/John-Muir-Inici-NW-300x200.jpg 300w, https:\/\/rutesentrerefugis.com\/wp-content\/uploads\/2023\/01\/John-Muir-Inici-NW-1024x683.jpg 1024w, https:\/\/rutesentrerefugis.com\/wp-content\/uploads\/2023\/01\/John-Muir-Inici-NW-768x512.jpg 768w\" sizes=\"(max-width: 1200px) 100vw, 1200px\" \/><\/div>\n\t\t<\/a>\n\t\t\t\t<div class=\"elementor-post__text\">\n\t\t\t\t<h3 class=\"elementor-post__title\">\n\t\t\t<a href=\"https:\/\/rutesentrerefugis.com\/index.php\/2020\/02\/02\/john-muir-el-pare-de-la-wilderness\/\" >\n\t\t\t\tJOHN MUIR, EL PARE DE LA WILDERNESS\t\t\t<\/a>\n\t\t<\/h3>\n\t\t\t\t<div class=\"elementor-post__meta-data\">\n\t\t\t\t\t<span class=\"elementor-post-date\">\n\t\t\t02\/02\/2020\t\t<\/span>\n\t\t\t\t<\/div>\n\t\t\t\t<\/div>\n\t\t\t\t<\/article>\n\t\t\t\t<\/div>\n\t\t\n\t\t\t\t\t\t<\/div>\n\t\t\t\t<\/div>\n\t\t\t\t\t<\/div>\n\t\t<\/div>\n\t\t\t\t\t<\/div>\n\t\t<\/section>\n\t\t\t\t<section class=\"elementor-section elementor-top-section elementor-element elementor-element-a021424 elementor-section-full_width elementor-section-height-default elementor-section-height-default\" data-id=\"a021424\" data-element_type=\"section\" data-e-type=\"section\">\n\t\t\t\t\t\t<div class=\"elementor-container elementor-column-gap-default\">\n\t\t\t\t\t<div class=\"elementor-column elementor-col-100 elementor-top-column elementor-element elementor-element-566ecfd\" data-id=\"566ecfd\" data-element_type=\"column\" data-e-type=\"column\">\n\t\t\t<div class=\"elementor-widget-wrap elementor-element-populated\">\n\t\t\t\t\t\t<div class=\"elementor-element elementor-element-985f0fd elementor-widget-divider--view-line elementor-widget elementor-widget-divider\" data-id=\"985f0fd\" data-element_type=\"widget\" data-e-type=\"widget\" data-widget_type=\"divider.default\">\n\t\t\t\t<div class=\"elementor-widget-container\">\n\t\t\t\t\t\t\t<div class=\"elementor-divider\">\n\t\t\t<span class=\"elementor-divider-separator\">\n\t\t\t\t\t\t<\/span>\n\t\t<\/div>\n\t\t\t\t\t\t<\/div>\n\t\t\t\t<\/div>\n\t\t\t\t\t<\/div>\n\t\t<\/div>\n\t\t\t\t\t<\/div>\n\t\t<\/section>\n\t\t\t\t<section class=\"elementor-section elementor-top-section elementor-element elementor-element-3c73041 elementor-section-full_width elementor-section-height-default elementor-section-height-default\" data-id=\"3c73041\" data-element_type=\"section\" data-e-type=\"section\">\n\t\t\t\t\t\t<div class=\"elementor-container elementor-column-gap-default\">\n\t\t\t\t\t<div class=\"elementor-column elementor-col-100 elementor-top-column elementor-element elementor-element-1c10c07\" data-id=\"1c10c07\" data-element_type=\"column\" data-e-type=\"column\">\n\t\t\t<div class=\"elementor-widget-wrap elementor-element-populated\">\n\t\t\t\t\t\t<div class=\"elementor-element elementor-element-d392998 elementor-widget elementor-widget-spacer\" data-id=\"d392998\" data-element_type=\"widget\" data-e-type=\"widget\" data-widget_type=\"spacer.default\">\n\t\t\t\t<div class=\"elementor-widget-container\">\n\t\t\t\t\t\t\t<div class=\"elementor-spacer\">\n\t\t\t<div class=\"elementor-spacer-inner\"><\/div>\n\t\t<\/div>\n\t\t\t\t\t\t<\/div>\n\t\t\t\t<\/div>\n\t\t\t\t\t<\/div>\n\t\t<\/div>\n\t\t\t\t\t<\/div>\n\t\t<\/section>\n\t\t\t\t<\/div>\n\t\t","protected":false},"excerpt":{"rendered":"<p>TOT \u00c9S POL\u00cdTICA? Columna escrita per ENRIC FAURA A La muntanya m\u00e0gica, la cl\u00e0ssica novel\u00b7la de Thomas Mann, la conversa entre Settembrini, l\u2019humanista, racionalista, liberal,<\/p>\n","protected":false},"author":12,"featured_media":29026,"comment_status":"open","ping_status":"open","sticky":false,"template":"elementor_header_footer","format":"standard","meta":{"_monsterinsights_skip_tracking":false,"_monsterinsights_sitenote_active":false,"_monsterinsights_sitenote_note":"","_monsterinsights_sitenote_category":0,"footnotes":""},"categories":[5124,5390,11418],"tags":[13226,13235,12432,5394,5234,5236,5130,5132,5398,13134,12999,12997,13224,13144],"class_list":["post-29025","post","type-post","status-publish","format-standard","has-post-thumbnail","hentry","category-blog","category-enric-faura-ca","category-llibres","tag-article","tag-articulo","tag-blog","tag-capitan-swing-es-ca","tag-columnas-ca","tag-columnes-ca","tag-cronicas-ca","tag-croniques-ca","tag-enric-faura-es-ca","tag-la-bandera-en-la-cumbre-ca","tag-libros","tag-llibres","tag-pablo-batalla","tag-politica-ca"],"yoast_head":"<!-- This site is optimized with the Yoast SEO plugin v27.5 - https:\/\/yoast.com\/product\/yoast-seo-wordpress\/ -->\n<title>TOT \u00c9S POL\u00cdTICA? - Rutes Entre Refugis<\/title>\n<meta name=\"robots\" content=\"index, follow, max-snippet:-1, max-image-preview:large, max-video-preview:-1\" \/>\n<link rel=\"canonical\" href=\"https:\/\/rutesentrerefugis.com\/index.php\/2025\/10\/25\/tot-es-politica\/\" \/>\n<meta property=\"og:locale\" content=\"es_ES\" \/>\n<meta property=\"og:type\" content=\"article\" \/>\n<meta property=\"og:title\" content=\"TOT \u00c9S POL\u00cdTICA? - Rutes Entre Refugis\" \/>\n<meta property=\"og:description\" content=\"TOT \u00c9S POL\u00cdTICA? Columna escrita per ENRIC FAURA A La muntanya m\u00e0gica, la cl\u00e0ssica novel\u00b7la de Thomas Mann, la conversa entre Settembrini, l\u2019humanista, racionalista, liberal,\" \/>\n<meta property=\"og:url\" content=\"https:\/\/rutesentrerefugis.com\/index.php\/2025\/10\/25\/tot-es-politica\/\" \/>\n<meta property=\"og:site_name\" content=\"Rutes Entre Refugis\" \/>\n<meta property=\"article:published_time\" content=\"2025-10-25T11:24:10+00:00\" \/>\n<meta property=\"article:modified_time\" content=\"2025-10-25T12:27:22+00:00\" \/>\n<meta property=\"og:image\" content=\"https:\/\/rutesentrerefugis.com\/wp-content\/uploads\/2025\/10\/Tot-es-Politica-Inici.jpg\" \/>\n\t<meta property=\"og:image:width\" content=\"1200\" \/>\n\t<meta property=\"og:image:height\" content=\"800\" \/>\n\t<meta property=\"og:image:type\" content=\"image\/jpeg\" \/>\n<meta name=\"author\" content=\"Enric Faura\" \/>\n<meta name=\"twitter:card\" content=\"summary_large_image\" \/>\n<meta name=\"twitter:label1\" content=\"Escrito por\" \/>\n\t<meta name=\"twitter:data1\" content=\"Enric Faura\" \/>\n\t<meta name=\"twitter:label2\" content=\"Tiempo de lectura\" \/>\n\t<meta name=\"twitter:data2\" content=\"9 minutos\" \/>\n<script type=\"application\/ld+json\" class=\"yoast-schema-graph\">{\"@context\":\"https:\\\/\\\/schema.org\",\"@graph\":[{\"@type\":\"Article\",\"@id\":\"https:\\\/\\\/rutesentrerefugis.com\\\/index.php\\\/2025\\\/10\\\/25\\\/tot-es-politica\\\/#article\",\"isPartOf\":{\"@id\":\"https:\\\/\\\/rutesentrerefugis.com\\\/index.php\\\/2025\\\/10\\\/25\\\/tot-es-politica\\\/\"},\"author\":{\"name\":\"Enric Faura\",\"@id\":\"https:\\\/\\\/rutesentrerefugis.com\\\/#\\\/schema\\\/person\\\/858cc9d4d454491334eef37dbef40927\"},\"headline\":\"TOT \u00c9S POL\u00cdTICA?\",\"datePublished\":\"2025-10-25T11:24:10+00:00\",\"dateModified\":\"2025-10-25T12:27:22+00:00\",\"mainEntityOfPage\":{\"@id\":\"https:\\\/\\\/rutesentrerefugis.com\\\/index.php\\\/2025\\\/10\\\/25\\\/tot-es-politica\\\/\"},\"wordCount\":1389,\"commentCount\":0,\"publisher\":{\"@id\":\"https:\\\/\\\/rutesentrerefugis.com\\\/#organization\"},\"image\":{\"@id\":\"https:\\\/\\\/rutesentrerefugis.com\\\/index.php\\\/2025\\\/10\\\/25\\\/tot-es-politica\\\/#primaryimage\"},\"thumbnailUrl\":\"https:\\\/\\\/rutesentrerefugis.com\\\/wp-content\\\/uploads\\\/2025\\\/10\\\/Tot-es-Politica-Inici.jpg\",\"keywords\":[\"Article\",\"Art\u00edculo\",\"Blog\",\"Capit\u00e1n Swing\",\"Columnas\",\"Columnes\",\"Cr\u00f3nicas\",\"Cr\u00f2niques\",\"Enric Faura\",\"La Bandera en la Cumbre\",\"Libros\",\"Llibres\",\"Pablo Batalla\",\"Pol\u00edtica\"],\"articleSection\":[\"Blog\",\"Enric Faura\",\"Llibres\"],\"inLanguage\":\"es\",\"potentialAction\":[{\"@type\":\"CommentAction\",\"name\":\"Comment\",\"target\":[\"https:\\\/\\\/rutesentrerefugis.com\\\/index.php\\\/2025\\\/10\\\/25\\\/tot-es-politica\\\/#respond\"]}]},{\"@type\":\"WebPage\",\"@id\":\"https:\\\/\\\/rutesentrerefugis.com\\\/index.php\\\/2025\\\/10\\\/25\\\/tot-es-politica\\\/\",\"url\":\"https:\\\/\\\/rutesentrerefugis.com\\\/index.php\\\/2025\\\/10\\\/25\\\/tot-es-politica\\\/\",\"name\":\"TOT \u00c9S POL\u00cdTICA? - Rutes Entre Refugis\",\"isPartOf\":{\"@id\":\"https:\\\/\\\/rutesentrerefugis.com\\\/#website\"},\"primaryImageOfPage\":{\"@id\":\"https:\\\/\\\/rutesentrerefugis.com\\\/index.php\\\/2025\\\/10\\\/25\\\/tot-es-politica\\\/#primaryimage\"},\"image\":{\"@id\":\"https:\\\/\\\/rutesentrerefugis.com\\\/index.php\\\/2025\\\/10\\\/25\\\/tot-es-politica\\\/#primaryimage\"},\"thumbnailUrl\":\"https:\\\/\\\/rutesentrerefugis.com\\\/wp-content\\\/uploads\\\/2025\\\/10\\\/Tot-es-Politica-Inici.jpg\",\"datePublished\":\"2025-10-25T11:24:10+00:00\",\"dateModified\":\"2025-10-25T12:27:22+00:00\",\"breadcrumb\":{\"@id\":\"https:\\\/\\\/rutesentrerefugis.com\\\/index.php\\\/2025\\\/10\\\/25\\\/tot-es-politica\\\/#breadcrumb\"},\"inLanguage\":\"es\",\"potentialAction\":[{\"@type\":\"ReadAction\",\"target\":[\"https:\\\/\\\/rutesentrerefugis.com\\\/index.php\\\/2025\\\/10\\\/25\\\/tot-es-politica\\\/\"]}]},{\"@type\":\"ImageObject\",\"inLanguage\":\"es\",\"@id\":\"https:\\\/\\\/rutesentrerefugis.com\\\/index.php\\\/2025\\\/10\\\/25\\\/tot-es-politica\\\/#primaryimage\",\"url\":\"https:\\\/\\\/rutesentrerefugis.com\\\/wp-content\\\/uploads\\\/2025\\\/10\\\/Tot-es-Politica-Inici.jpg\",\"contentUrl\":\"https:\\\/\\\/rutesentrerefugis.com\\\/wp-content\\\/uploads\\\/2025\\\/10\\\/Tot-es-Politica-Inici.jpg\",\"width\":1200,\"height\":800},{\"@type\":\"BreadcrumbList\",\"@id\":\"https:\\\/\\\/rutesentrerefugis.com\\\/index.php\\\/2025\\\/10\\\/25\\\/tot-es-politica\\\/#breadcrumb\",\"itemListElement\":[{\"@type\":\"ListItem\",\"position\":1,\"name\":\"Inici\",\"item\":\"https:\\\/\\\/rutesentrerefugis.com\\\/\"},{\"@type\":\"ListItem\",\"position\":2,\"name\":\"TOT \u00c9S POL\u00cdTICA?\"}]},{\"@type\":\"WebSite\",\"@id\":\"https:\\\/\\\/rutesentrerefugis.com\\\/#website\",\"url\":\"https:\\\/\\\/rutesentrerefugis.com\\\/\",\"name\":\"Rutes Entre Refugis\",\"description\":\"Caminant sota un nom\",\"publisher\":{\"@id\":\"https:\\\/\\\/rutesentrerefugis.com\\\/#organization\"},\"potentialAction\":[{\"@type\":\"SearchAction\",\"target\":{\"@type\":\"EntryPoint\",\"urlTemplate\":\"https:\\\/\\\/rutesentrerefugis.com\\\/?s={search_term_string}\"},\"query-input\":{\"@type\":\"PropertyValueSpecification\",\"valueRequired\":true,\"valueName\":\"search_term_string\"}}],\"inLanguage\":\"es\"},{\"@type\":\"Organization\",\"@id\":\"https:\\\/\\\/rutesentrerefugis.com\\\/#organization\",\"name\":\"Rutes Entre Refugis\",\"url\":\"https:\\\/\\\/rutesentrerefugis.com\\\/\",\"logo\":{\"@type\":\"ImageObject\",\"inLanguage\":\"es\",\"@id\":\"https:\\\/\\\/rutesentrerefugis.com\\\/#\\\/schema\\\/logo\\\/image\\\/\",\"url\":\"https:\\\/\\\/rutesentrerefugis.com\\\/wp-content\\\/uploads\\\/2022\\\/08\\\/RutesEntreRefugis-Blanc-Retina-1.png\",\"contentUrl\":\"https:\\\/\\\/rutesentrerefugis.com\\\/wp-content\\\/uploads\\\/2022\\\/08\\\/RutesEntreRefugis-Blanc-Retina-1.png\",\"width\":400,\"height\":400,\"caption\":\"Rutes Entre Refugis\"},\"image\":{\"@id\":\"https:\\\/\\\/rutesentrerefugis.com\\\/#\\\/schema\\\/logo\\\/image\\\/\"}},{\"@type\":\"Person\",\"@id\":\"https:\\\/\\\/rutesentrerefugis.com\\\/#\\\/schema\\\/person\\\/858cc9d4d454491334eef37dbef40927\",\"name\":\"Enric Faura\",\"image\":{\"@type\":\"ImageObject\",\"inLanguage\":\"es\",\"@id\":\"https:\\\/\\\/rutesentrerefugis.com\\\/wp-content\\\/uploads\\\/2023\\\/05\\\/avatar_user_12_1683353104-96x96.jpg\",\"url\":\"https:\\\/\\\/rutesentrerefugis.com\\\/wp-content\\\/uploads\\\/2023\\\/05\\\/avatar_user_12_1683353104-96x96.jpg\",\"contentUrl\":\"https:\\\/\\\/rutesentrerefugis.com\\\/wp-content\\\/uploads\\\/2023\\\/05\\\/avatar_user_12_1683353104-96x96.jpg\",\"caption\":\"Enric Faura\"},\"url\":\"https:\\\/\\\/rutesentrerefugis.com\\\/index.php\\\/author\\\/enric-faura\\\/\"}]}<\/script>\n<!-- \/ Yoast SEO plugin. -->","yoast_head_json":{"title":"TOT \u00c9S POL\u00cdTICA? - Rutes Entre Refugis","robots":{"index":"index","follow":"follow","max-snippet":"max-snippet:-1","max-image-preview":"max-image-preview:large","max-video-preview":"max-video-preview:-1"},"canonical":"https:\/\/rutesentrerefugis.com\/index.php\/2025\/10\/25\/tot-es-politica\/","og_locale":"es_ES","og_type":"article","og_title":"TOT \u00c9S POL\u00cdTICA? - Rutes Entre Refugis","og_description":"TOT \u00c9S POL\u00cdTICA? Columna escrita per ENRIC FAURA A La muntanya m\u00e0gica, la cl\u00e0ssica novel\u00b7la de Thomas Mann, la conversa entre Settembrini, l\u2019humanista, racionalista, liberal,","og_url":"https:\/\/rutesentrerefugis.com\/index.php\/2025\/10\/25\/tot-es-politica\/","og_site_name":"Rutes Entre Refugis","article_published_time":"2025-10-25T11:24:10+00:00","article_modified_time":"2025-10-25T12:27:22+00:00","og_image":[{"width":1200,"height":800,"url":"https:\/\/rutesentrerefugis.com\/wp-content\/uploads\/2025\/10\/Tot-es-Politica-Inici.jpg","type":"image\/jpeg"}],"author":"Enric Faura","twitter_card":"summary_large_image","twitter_misc":{"Escrito por":"Enric Faura","Tiempo de lectura":"9 minutos"},"schema":{"@context":"https:\/\/schema.org","@graph":[{"@type":"Article","@id":"https:\/\/rutesentrerefugis.com\/index.php\/2025\/10\/25\/tot-es-politica\/#article","isPartOf":{"@id":"https:\/\/rutesentrerefugis.com\/index.php\/2025\/10\/25\/tot-es-politica\/"},"author":{"name":"Enric Faura","@id":"https:\/\/rutesentrerefugis.com\/#\/schema\/person\/858cc9d4d454491334eef37dbef40927"},"headline":"TOT \u00c9S POL\u00cdTICA?","datePublished":"2025-10-25T11:24:10+00:00","dateModified":"2025-10-25T12:27:22+00:00","mainEntityOfPage":{"@id":"https:\/\/rutesentrerefugis.com\/index.php\/2025\/10\/25\/tot-es-politica\/"},"wordCount":1389,"commentCount":0,"publisher":{"@id":"https:\/\/rutesentrerefugis.com\/#organization"},"image":{"@id":"https:\/\/rutesentrerefugis.com\/index.php\/2025\/10\/25\/tot-es-politica\/#primaryimage"},"thumbnailUrl":"https:\/\/rutesentrerefugis.com\/wp-content\/uploads\/2025\/10\/Tot-es-Politica-Inici.jpg","keywords":["Article","Art\u00edculo","Blog","Capit\u00e1n Swing","Columnas","Columnes","Cr\u00f3nicas","Cr\u00f2niques","Enric Faura","La Bandera en la Cumbre","Libros","Llibres","Pablo Batalla","Pol\u00edtica"],"articleSection":["Blog","Enric Faura","Llibres"],"inLanguage":"es","potentialAction":[{"@type":"CommentAction","name":"Comment","target":["https:\/\/rutesentrerefugis.com\/index.php\/2025\/10\/25\/tot-es-politica\/#respond"]}]},{"@type":"WebPage","@id":"https:\/\/rutesentrerefugis.com\/index.php\/2025\/10\/25\/tot-es-politica\/","url":"https:\/\/rutesentrerefugis.com\/index.php\/2025\/10\/25\/tot-es-politica\/","name":"TOT \u00c9S POL\u00cdTICA? - Rutes Entre Refugis","isPartOf":{"@id":"https:\/\/rutesentrerefugis.com\/#website"},"primaryImageOfPage":{"@id":"https:\/\/rutesentrerefugis.com\/index.php\/2025\/10\/25\/tot-es-politica\/#primaryimage"},"image":{"@id":"https:\/\/rutesentrerefugis.com\/index.php\/2025\/10\/25\/tot-es-politica\/#primaryimage"},"thumbnailUrl":"https:\/\/rutesentrerefugis.com\/wp-content\/uploads\/2025\/10\/Tot-es-Politica-Inici.jpg","datePublished":"2025-10-25T11:24:10+00:00","dateModified":"2025-10-25T12:27:22+00:00","breadcrumb":{"@id":"https:\/\/rutesentrerefugis.com\/index.php\/2025\/10\/25\/tot-es-politica\/#breadcrumb"},"inLanguage":"es","potentialAction":[{"@type":"ReadAction","target":["https:\/\/rutesentrerefugis.com\/index.php\/2025\/10\/25\/tot-es-politica\/"]}]},{"@type":"ImageObject","inLanguage":"es","@id":"https:\/\/rutesentrerefugis.com\/index.php\/2025\/10\/25\/tot-es-politica\/#primaryimage","url":"https:\/\/rutesentrerefugis.com\/wp-content\/uploads\/2025\/10\/Tot-es-Politica-Inici.jpg","contentUrl":"https:\/\/rutesentrerefugis.com\/wp-content\/uploads\/2025\/10\/Tot-es-Politica-Inici.jpg","width":1200,"height":800},{"@type":"BreadcrumbList","@id":"https:\/\/rutesentrerefugis.com\/index.php\/2025\/10\/25\/tot-es-politica\/#breadcrumb","itemListElement":[{"@type":"ListItem","position":1,"name":"Inici","item":"https:\/\/rutesentrerefugis.com\/"},{"@type":"ListItem","position":2,"name":"TOT \u00c9S POL\u00cdTICA?"}]},{"@type":"WebSite","@id":"https:\/\/rutesentrerefugis.com\/#website","url":"https:\/\/rutesentrerefugis.com\/","name":"Rutes Entre Refugis","description":"Caminant sota un nom","publisher":{"@id":"https:\/\/rutesentrerefugis.com\/#organization"},"potentialAction":[{"@type":"SearchAction","target":{"@type":"EntryPoint","urlTemplate":"https:\/\/rutesentrerefugis.com\/?s={search_term_string}"},"query-input":{"@type":"PropertyValueSpecification","valueRequired":true,"valueName":"search_term_string"}}],"inLanguage":"es"},{"@type":"Organization","@id":"https:\/\/rutesentrerefugis.com\/#organization","name":"Rutes Entre Refugis","url":"https:\/\/rutesentrerefugis.com\/","logo":{"@type":"ImageObject","inLanguage":"es","@id":"https:\/\/rutesentrerefugis.com\/#\/schema\/logo\/image\/","url":"https:\/\/rutesentrerefugis.com\/wp-content\/uploads\/2022\/08\/RutesEntreRefugis-Blanc-Retina-1.png","contentUrl":"https:\/\/rutesentrerefugis.com\/wp-content\/uploads\/2022\/08\/RutesEntreRefugis-Blanc-Retina-1.png","width":400,"height":400,"caption":"Rutes Entre Refugis"},"image":{"@id":"https:\/\/rutesentrerefugis.com\/#\/schema\/logo\/image\/"}},{"@type":"Person","@id":"https:\/\/rutesentrerefugis.com\/#\/schema\/person\/858cc9d4d454491334eef37dbef40927","name":"Enric Faura","image":{"@type":"ImageObject","inLanguage":"es","@id":"https:\/\/rutesentrerefugis.com\/wp-content\/uploads\/2023\/05\/avatar_user_12_1683353104-96x96.jpg","url":"https:\/\/rutesentrerefugis.com\/wp-content\/uploads\/2023\/05\/avatar_user_12_1683353104-96x96.jpg","contentUrl":"https:\/\/rutesentrerefugis.com\/wp-content\/uploads\/2023\/05\/avatar_user_12_1683353104-96x96.jpg","caption":"Enric Faura"},"url":"https:\/\/rutesentrerefugis.com\/index.php\/author\/enric-faura\/"}]}},"_links":{"self":[{"href":"https:\/\/rutesentrerefugis.com\/index.php\/wp-json\/wp\/v2\/posts\/29025","targetHints":{"allow":["GET"]}}],"collection":[{"href":"https:\/\/rutesentrerefugis.com\/index.php\/wp-json\/wp\/v2\/posts"}],"about":[{"href":"https:\/\/rutesentrerefugis.com\/index.php\/wp-json\/wp\/v2\/types\/post"}],"author":[{"embeddable":true,"href":"https:\/\/rutesentrerefugis.com\/index.php\/wp-json\/wp\/v2\/users\/12"}],"replies":[{"embeddable":true,"href":"https:\/\/rutesentrerefugis.com\/index.php\/wp-json\/wp\/v2\/comments?post=29025"}],"version-history":[{"count":29,"href":"https:\/\/rutesentrerefugis.com\/index.php\/wp-json\/wp\/v2\/posts\/29025\/revisions"}],"predecessor-version":[{"id":29084,"href":"https:\/\/rutesentrerefugis.com\/index.php\/wp-json\/wp\/v2\/posts\/29025\/revisions\/29084"}],"wp:featuredmedia":[{"embeddable":true,"href":"https:\/\/rutesentrerefugis.com\/index.php\/wp-json\/wp\/v2\/media\/29026"}],"wp:attachment":[{"href":"https:\/\/rutesentrerefugis.com\/index.php\/wp-json\/wp\/v2\/media?parent=29025"}],"wp:term":[{"taxonomy":"category","embeddable":true,"href":"https:\/\/rutesentrerefugis.com\/index.php\/wp-json\/wp\/v2\/categories?post=29025"},{"taxonomy":"post_tag","embeddable":true,"href":"https:\/\/rutesentrerefugis.com\/index.php\/wp-json\/wp\/v2\/tags?post=29025"}],"curies":[{"name":"wp","href":"https:\/\/api.w.org\/{rel}","templated":true}]}}