{"id":4033,"date":"2021-01-27T17:24:00","date_gmt":"2021-01-27T17:24:00","guid":{"rendered":"https:\/\/nova.rutesentrerefugis.com\/?p=4033"},"modified":"2025-08-29T10:03:40","modified_gmt":"2025-08-29T10:03:40","slug":"gran-pedals-foc-occitania","status":"publish","type":"post","link":"https:\/\/rutesentrerefugis.com\/index.php\/2021\/01\/27\/gran-pedals-foc-occitania\/","title":{"rendered":"GRAN PEDALS FOC D&#8217;OCCIT\u00c0NIA"},"content":{"rendered":"\t\t<div data-elementor-type=\"wp-post\" data-elementor-id=\"4033\" class=\"elementor elementor-4033\" data-elementor-post-type=\"post\">\n\t\t\t\t\t\t<section class=\"elementor-section elementor-top-section elementor-element elementor-element-56de444 elementor-section-full_width elementor-section-height-default elementor-section-height-default\" data-id=\"56de444\" data-element_type=\"section\" data-e-type=\"section\" data-settings=\"{&quot;background_background&quot;:&quot;classic&quot;}\">\n\t\t\t\t\t\t<div class=\"elementor-container elementor-column-gap-default\">\n\t\t\t\t\t<div class=\"elementor-column elementor-col-100 elementor-top-column elementor-element elementor-element-97fcd65\" data-id=\"97fcd65\" data-element_type=\"column\" data-e-type=\"column\">\n\t\t\t<div class=\"elementor-widget-wrap elementor-element-populated\">\n\t\t\t\t\t\t<div class=\"elementor-element elementor-element-9fc429e elementor-widget elementor-widget-image\" data-id=\"9fc429e\" data-element_type=\"widget\" data-e-type=\"widget\" data-widget_type=\"image.default\">\n\t\t\t\t<div class=\"elementor-widget-container\">\n\t\t\t\t\t\t\t\t\t\t\t\t\t\t\t<img fetchpriority=\"high\" decoding=\"async\" width=\"2000\" height=\"450\" src=\"https:\/\/rutesentrerefugis.com\/wp-content\/uploads\/2022\/08\/BTT-Inici-NW.jpg\" class=\"attachment-full size-full wp-image-389\" alt=\"Rutes Entre Refugis\" srcset=\"https:\/\/rutesentrerefugis.com\/wp-content\/uploads\/2022\/08\/BTT-Inici-NW.jpg 2000w, https:\/\/rutesentrerefugis.com\/wp-content\/uploads\/2022\/08\/BTT-Inici-NW-300x68.jpg 300w, https:\/\/rutesentrerefugis.com\/wp-content\/uploads\/2022\/08\/BTT-Inici-NW-1024x230.jpg 1024w, https:\/\/rutesentrerefugis.com\/wp-content\/uploads\/2022\/08\/BTT-Inici-NW-768x173.jpg 768w, https:\/\/rutesentrerefugis.com\/wp-content\/uploads\/2022\/08\/BTT-Inici-NW-1536x346.jpg 1536w\" sizes=\"(max-width: 2000px) 100vw, 2000px\" \/>\t\t\t\t\t\t\t\t\t\t\t\t\t\t\t<\/div>\n\t\t\t\t<\/div>\n\t\t\t\t\t<\/div>\n\t\t<\/div>\n\t\t\t\t\t<\/div>\n\t\t<\/section>\n\t\t\t\t<section class=\"elementor-section elementor-top-section elementor-element elementor-element-8fb9e08 elementor-section-full_width elementor-section-height-default elementor-section-height-default\" data-id=\"8fb9e08\" data-element_type=\"section\" data-e-type=\"section\" data-settings=\"{&quot;background_background&quot;:&quot;classic&quot;}\">\n\t\t\t\t\t\t<div class=\"elementor-container elementor-column-gap-default\">\n\t\t\t\t\t<div class=\"elementor-column elementor-col-100 elementor-top-column elementor-element elementor-element-26b1a68\" data-id=\"26b1a68\" data-element_type=\"column\" data-e-type=\"column\">\n\t\t\t<div class=\"elementor-widget-wrap elementor-element-populated\">\n\t\t\t\t\t\t<div class=\"elementor-element elementor-element-76dc064 elementor-widget elementor-widget-heading\" data-id=\"76dc064\" data-element_type=\"widget\" data-e-type=\"widget\" data-widget_type=\"heading.default\">\n\t\t\t\t<div class=\"elementor-widget-container\">\n\t\t\t\t\t<h1 class=\"elementor-heading-title elementor-size-default\">\u00b7 <font color=\"#000000\">GRAN PEDALS FOC D'OCCIT\u00c0NIA<\/font> \u00b7<\/h1>\t\t\t\t<\/div>\n\t\t\t\t<\/div>\n\t\t\t\t\t<\/div>\n\t\t<\/div>\n\t\t\t\t\t<\/div>\n\t\t<\/section>\n\t\t\t\t<section class=\"elementor-section elementor-top-section elementor-element elementor-element-6951ece elementor-section-full_width elementor-section-height-default elementor-section-height-default\" data-id=\"6951ece\" data-element_type=\"section\" data-e-type=\"section\" data-settings=\"{&quot;background_background&quot;:&quot;classic&quot;}\">\n\t\t\t\t\t\t<div class=\"elementor-container elementor-column-gap-default\">\n\t\t\t\t\t<div class=\"elementor-column elementor-col-100 elementor-top-column elementor-element elementor-element-d3e256c\" data-id=\"d3e256c\" data-element_type=\"column\" data-e-type=\"column\">\n\t\t\t<div class=\"elementor-widget-wrap elementor-element-populated\">\n\t\t\t\t\t\t<div class=\"elementor-element elementor-element-556ba83 elementor-widget-divider--view-line elementor-widget elementor-widget-divider\" data-id=\"556ba83\" data-element_type=\"widget\" data-e-type=\"widget\" data-widget_type=\"divider.default\">\n\t\t\t\t<div class=\"elementor-widget-container\">\n\t\t\t\t\t\t\t<div class=\"elementor-divider\">\n\t\t\t<span class=\"elementor-divider-separator\">\n\t\t\t\t\t\t<\/span>\n\t\t<\/div>\n\t\t\t\t\t\t<\/div>\n\t\t\t\t<\/div>\n\t\t\t\t\t<\/div>\n\t\t<\/div>\n\t\t\t\t\t<\/div>\n\t\t<\/section>\n\t\t\t\t<section class=\"elementor-section elementor-top-section elementor-element elementor-element-84829cf elementor-section-full_width elementor-section-height-default elementor-section-height-default\" data-id=\"84829cf\" data-element_type=\"section\" data-e-type=\"section\">\n\t\t\t\t\t\t<div class=\"elementor-container elementor-column-gap-default\">\n\t\t\t\t\t<div class=\"elementor-column elementor-col-100 elementor-top-column elementor-element elementor-element-57cae14\" data-id=\"57cae14\" data-element_type=\"column\" data-e-type=\"column\">\n\t\t\t<div class=\"elementor-widget-wrap elementor-element-populated\">\n\t\t\t\t\t\t<div class=\"elementor-element elementor-element-bb17a24 elementor-widget elementor-widget-spacer\" data-id=\"bb17a24\" data-element_type=\"widget\" data-e-type=\"widget\" data-widget_type=\"spacer.default\">\n\t\t\t\t<div class=\"elementor-widget-container\">\n\t\t\t\t\t\t\t<div class=\"elementor-spacer\">\n\t\t\t<div class=\"elementor-spacer-inner\"><\/div>\n\t\t<\/div>\n\t\t\t\t\t\t<\/div>\n\t\t\t\t<\/div>\n\t\t\t\t\t<\/div>\n\t\t<\/div>\n\t\t\t\t\t<\/div>\n\t\t<\/section>\n\t\t\t\t<section class=\"elementor-section elementor-top-section elementor-element elementor-element-d867956 elementor-section-full_width elementor-section-height-default elementor-section-height-default\" data-id=\"d867956\" data-element_type=\"section\" data-e-type=\"section\" data-settings=\"{&quot;background_background&quot;:&quot;classic&quot;}\">\n\t\t\t\t\t\t<div class=\"elementor-container elementor-column-gap-default\">\n\t\t\t\t\t<div class=\"elementor-column elementor-col-33 elementor-top-column elementor-element elementor-element-aa5225d\" data-id=\"aa5225d\" data-element_type=\"column\" data-e-type=\"column\">\n\t\t\t<div class=\"elementor-widget-wrap elementor-element-populated\">\n\t\t\t\t\t\t<div class=\"elementor-element elementor-element-0c35cdc elementor-widget elementor-widget-text-editor\" data-id=\"0c35cdc\" data-element_type=\"widget\" data-e-type=\"widget\" data-widget_type=\"text-editor.default\">\n\t\t\t\t<div class=\"elementor-widget-container\">\n\t\t\t\t\t\t\t\t\t<h5><span style=\"color: #b40404;\"><b><u>UBICACI\u00d3<\/u><\/b><\/span><\/h5><h6><span style=\"color: #666666;\"><span style=\"caret-color: #666666;\">P. N. d&#8217;Aig\u00fcestortes i Estany de Sant Maurici<br \/>P.N. de l&#8217;Alt Pirineu<br \/>Vall Fosca<br \/>Vall de Luchon<br \/>Vall d&#8217;Oueil<\/span><\/span><\/h6>\t\t\t\t\t\t\t\t<\/div>\n\t\t\t\t<\/div>\n\t\t\t\t<div class=\"elementor-element elementor-element-0036cfe elementor-widget elementor-widget-text-editor\" data-id=\"0036cfe\" data-element_type=\"widget\" data-e-type=\"widget\" data-widget_type=\"text-editor.default\">\n\t\t\t\t<div class=\"elementor-widget-container\">\n\t\t\t\t\t\t\t\t\t<h5><span style=\"color: #b40404;\"><b><u>COMARQUES<\/u><\/b><\/span><\/h5><h6><span style=\"color: #666666;\">Pallars Juss\u00e0<br \/>Pallars Sobir\u00e0<br \/>Alta Ribagor\u00e7a<br \/>Val d&#8217;Aran<br \/>Alta Garona<br \/>Hautes Pyr\u00e9n\u00e9es<\/span><\/h6>\t\t\t\t\t\t\t\t<\/div>\n\t\t\t\t<\/div>\n\t\t\t\t<div class=\"elementor-element elementor-element-272a4ba elementor-widget elementor-widget-text-editor\" data-id=\"272a4ba\" data-element_type=\"widget\" data-e-type=\"widget\" data-widget_type=\"text-editor.default\">\n\t\t\t\t<div class=\"elementor-widget-container\">\n\t\t\t\t\t\t\t\t\t<h5><strong><span style=\"color: #b40404;\"><u>WEB &#8211; XARXES SOCIALS<\/u><\/span><\/strong><\/h5>\n<h6><a href=\"https:\/\/www.pedalesdelmundo.com\/ca\/rutes\/gran-pedals-de-foc-i-occitania\" target=\"_blank\" rel=\"noopener\"><span style=\"color: #666666;\">www.gran-pedals-foc-occitania.com<\/span><\/a><\/h6>\n<a href=\"https:\/\/twitter.com\/pedalesdelmundo\" target=\"_blank\" rel=\"noopener\"><img decoding=\"async\" src=\"http:\/\/rutesentrerefugis.com\/wp-content\/uploads\/2021\/01\/Twitter-50x50-NW.jpg\" width=\"50\" height=\"50\" \/><\/a> <a href=\"https:\/\/www.facebook.com\/PedalesdelMundo\" target=\"_blank\" rel=\"noopener\"><img decoding=\"async\" src=\"http:\/\/rutesentrerefugis.com\/wp-content\/uploads\/2021\/01\/Facebook-50x50-2.jpg\" width=\"50\" height=\"50\" \/><\/a> <a href=\"https:\/\/www.instagram.com\/pedalesdelmundo\/\" target=\"_blank\" rel=\"noopener\"><img loading=\"lazy\" decoding=\"async\" src=\"http:\/\/rutesentrerefugis.com\/wp-content\/uploads\/2023\/04\/Instagram-50x50-1.jpg\" width=\"50\" height=\"50\" \/><\/a> <a href=\"https:\/\/www.youtube.com\/user\/PEDALESDELMUNDO1\" target=\"_blank\" rel=\"noopener\"><img loading=\"lazy\" decoding=\"async\" src=\"http:\/\/rutesentrerefugis.com\/wp-content\/uploads\/2023\/04\/YouTube-50x50-1.jpg\" width=\"50\" height=\"50\" \/><\/a>\t\t\t\t\t\t\t\t<\/div>\n\t\t\t\t<\/div>\n\t\t\t\t\t<\/div>\n\t\t<\/div>\n\t\t\t\t<div class=\"elementor-column elementor-col-33 elementor-top-column elementor-element elementor-element-14f9330\" data-id=\"14f9330\" data-element_type=\"column\" data-e-type=\"column\">\n\t\t\t<div class=\"elementor-widget-wrap elementor-element-populated\">\n\t\t\t\t\t\t<div class=\"elementor-element elementor-element-36fbece elementor-widget elementor-widget-text-editor\" data-id=\"36fbece\" data-element_type=\"widget\" data-e-type=\"widget\" data-widget_type=\"text-editor.default\">\n\t\t\t\t<div class=\"elementor-widget-container\">\n\t\t\t\t\t\t\t\t\t<h5><span style=\"color: #000000;\"><b><u>NIVELL MIG<\/u><\/b><br \/><\/span><\/h5><h6><span style=\"color: #b40404;\"><b><u>10 ETAPES<\/u><\/b><br \/><\/span><\/h6><h6><span style=\"color: #000000;\">441 kms | +11.900 m | -12.200<\/span><\/h6><h6><span style=\"color: #666666;\">Vielha &#8211; Castellars o Pont de Suert<br \/>Castellars o Pont de Suert &#8211; Espui<br \/>Espui &#8211; Espot<br \/>Espot &#8211; Val\u00e8ncia d&#8217;\u00c0neu<br \/>Val\u00e8ncia d&#8217;\u00c0neu &#8211; Bagergue<br \/>Bagergue &#8211; Luchon<br \/>Luchon &#8211; Lombr\u00e9s<br \/>Lombr\u00e9s &#8211; Aspet o Col de Ment\u00e9<br \/>Aspet o Col de Ment\u00e9 &#8211; Les<br \/>Les &#8211; Vielha<\/span><\/h6><h5><span style=\"color: #000000;\"><b><u>NIVELL MIG<\/u><\/b><\/span><\/h5><h6><span style=\"color: #b40404;\"><b><u>9 ETAPES<\/u><\/b><\/span><\/h6><h6><span style=\"color: #666666;\">Vielha &#8211; Castellars o Pont de Suert<br \/>Castellars o Pont de Suert &#8211; Espui<br \/>Espui &#8211; Espot<br \/>Espot &#8211; Val\u00e8ncia d&#8217;\u00c0neu<br \/>Val\u00e8ncia d&#8217;\u00c0neu &#8211; Bagergue<br \/>Bagergue &#8211; Luchon<br \/>Luchon &#8211; Lombr\u00e9s<br \/>Lombr\u00e9s &#8211; Aspet o Col de Ment\u00e9<br \/>Aspet o Col de Ment\u00e9 &#8211; Vielha<\/span><\/h6>\t\t\t\t\t\t\t\t<\/div>\n\t\t\t\t<\/div>\n\t\t\t\t<div class=\"elementor-element elementor-element-8cc0e53 elementor-widget elementor-widget-text-editor\" data-id=\"8cc0e53\" data-element_type=\"widget\" data-e-type=\"widget\" data-widget_type=\"text-editor.default\">\n\t\t\t\t<div class=\"elementor-widget-container\">\n\t\t\t\t\t\t\t\t\t<h5><strong><span style=\"color: #b40404;\"><u>ON DORMIR<\/u><\/span><\/strong><\/h5>\n<h6><a href=\"http:\/\/www.vielha-mijaran.org\/ca\/menu\/turisme-a-vielha\/6\/gaudeix-vielha\/8\/?idcategoria=25\" target=\"_blank\" rel=\"noopener\"><span style=\"color: #666666;\">Vielha (980 m)<\/span><\/a><br \/><a href=\"http:\/\/www.elpontdesuert.com\" target=\"_blank\" rel=\"noopener\"><span style=\"color: #666666;\">Castellars (1.217,4 m)<\/span><\/a><br \/><a href=\"https:\/\/www.escapadarural.com\/que-hacer\/les-esglesies\" target=\"_blank\" rel=\"noopener\"><span style=\"color: #666666;\">Pont de Suert (838 m)<\/span><\/a><br \/><a href=\"https:\/\/www.escapadarural.cat\/que-fer\/espui_es\" target=\"_blank\" rel=\"noopener\"><span style=\"color: #666666;\">Espui (1.283 m)<\/span><\/a><br \/><a href=\"https:\/\/www.femturisme.cat\/ca\/pobles\/espot\/on-dormir\" target=\"_blank\" rel=\"noopener\"><span style=\"color: #666666;\">Espot (1.318 m)<\/span><\/a><br \/><a href=\"https:\/\/www.escapadarural.cat\/que-fer\/valencia-d-aneu_es\" target=\"_blank\" rel=\"noopener\"><span style=\"color: #666666;\">Val\u00e8ncia d&#8217;\u00c0neu (1.076 m)<\/span><\/a><br \/><a href=\"https:\/\/www.visitvaldaran.com\/ca\/descobreix-la-val-daran\/pobles\/bagergue\/\" target=\"_blank\" rel=\"noopener\"><span style=\"color: #666666;\">Bagergue (1.419 m)<\/span><\/a><br \/><a href=\"https:\/\/www.turismo-occitanie.es\/grandes-sitios\/luchon\" target=\"_blank\" rel=\"noopener\"><span style=\"color: #666666;\">Luchon (630 m)<\/span><\/a><br \/><a href=\"https:\/\/www.france-voyage.com\/cities-towns\/lombres-25941.htm\" target=\"_blank\" rel=\"noopener\"><span style=\"color: #666666;\">Lombr\u00e9s (471 m)<\/span><\/a><br \/><a href=\"https:\/\/www.france-voyage.com\/cities-towns\/aspet-10002.htm\" target=\"_blank\" rel=\"noopener\"><span style=\"color: #666666;\">Aspet (470 m)<\/span><\/a><br \/><span style=\"color: #666666;\">Col du Ment\u00e9 (1.349 m)<\/span><br \/><a href=\"http:\/\/www.les.es\" target=\"_blank\" rel=\"noopener\"><span style=\"color: #666666;\">Les (634 m)<\/span><\/a><\/h6>\t\t\t\t\t\t\t\t<\/div>\n\t\t\t\t<\/div>\n\t\t\t\t\t<\/div>\n\t\t<\/div>\n\t\t\t\t<div class=\"elementor-column elementor-col-33 elementor-top-column elementor-element elementor-element-2568f90\" data-id=\"2568f90\" data-element_type=\"column\" data-e-type=\"column\">\n\t\t\t<div class=\"elementor-widget-wrap elementor-element-populated\">\n\t\t\t\t\t\t<div class=\"elementor-element elementor-element-d1c0937 elementor-widget elementor-widget-text-editor\" data-id=\"d1c0937\" data-element_type=\"widget\" data-e-type=\"widget\" data-widget_type=\"text-editor.default\">\n\t\t\t\t<div class=\"elementor-widget-container\">\n\t\t\t\t\t\t\t\t\t<h5><span style=\"color: #000000;\"><b><u>NIVELL ALT<\/u><\/b><br \/><\/span><\/h5><h6><span style=\"color: #b40404;\"><b><u>8 ETAPES<\/u><\/b><\/span><\/h6><h6><span style=\"color: #000000;\">441 kms | +11.900 m | -12.200 m<\/span><\/h6><h6><span style=\"color: #666666;\">Vielha &#8211; Castellars o Pont de Suert<br \/>Castellars o Pont de Suert &#8211; Espui<br \/>Espui &#8211; Espot<br \/>Espot &#8211; Bagergue<br \/>Bagergue &#8211; Luchon<br \/>Luchon &#8211; Lombr\u00e9s<br \/>Lombr\u00e9s &#8211; Aspet o Col de Ment\u00e9<br \/>Aspet o Col de Ment\u00e9 &#8211; Vielha<\/span><\/h6>\t\t\t\t\t\t\t\t<\/div>\n\t\t\t\t<\/div>\n\t\t\t\t<div class=\"elementor-element elementor-element-a055c4b elementor-widget elementor-widget-text-editor\" data-id=\"a055c4b\" data-element_type=\"widget\" data-e-type=\"widget\" data-widget_type=\"text-editor.default\">\n\t\t\t\t<div class=\"elementor-widget-container\">\n\t\t\t\t\t\t\t\t\t<h5><strong><span style=\"color: #b40404;\"><u>LLOCS DE PAS<\/u><\/span><\/strong><\/h5>\n<h6><span style=\"color: #666666;\">Vielha &#8211; Senet &#8211; Vinyal<\/br>\nGinast &#8211; Villaler &#8211; Coll &#8211; Iran &#8211; Irgo<\/br>\nGotarta &#8211; Raons &#8211; Malp\u00e0s<\/br>\nCastellars &#8211; Erta &#8211; Sas &#8211; Sent\u00eds<\/br>\nLes Esgl\u00e8sies &#8211; Guir\u00f3 &#8211; Astell<\/br>\nLa Torre de Capdella &#8211; Espui<\/br>\nEspot &#8211; Son &#8211; Sorpe &#8211; Bor\u00e9n<\/br>\nIsil &#8211; Al\u00f2s d&#8217;Isil &#8211; Montgarri<\/br>\nBagergue &#8211; Vielha &#8211; Gausac<\/br>\nAub\u00e8rt &#8211; Arr\u00f2s &#8211; Vilam\u00f2s<\/br>\nArres de Sus &#8211; Boss\u00f2st &#8211; St Mamet<\/br>\nBagn\u00e8res de Luchon &#8211; St Aventin<\/br>\nBenque-Dessous-et-Dessus<\/br>\nCir\u00e9s &#8211; Bourg d&#8217;Oeuil &#8211; Techo<\/br>\nEsbareich &#8211; Maule\u00f3n Barousse<\/br>\nBramevaque &#8211; Sacoue<\/br>\nSt Bertrand des Comminges<\/br>\nLoures Barousse &#8211; Barbazan<\/br>\nLourde &#8211; St P\u00e9 d&#8217;Ardet<\/br>\nGen\u00f3s &#8211; Gesset &#8211; Bagen<\/br>\nReston &#8211; L\u00f4o &#8211; Regades<\/br>\nEncausse-les-Thermes<\/br>\nSoueich &#8211; Gouillou &#8211; Girosp<\/br>\nJuzet d&#8217;Izaut &#8211; Melles &#8211; Les<\/br>\nBoss\u00f2st &#8211; Era Bordeta<\/br>\nEs B\u00f2rdes &#8211; Eth P\u00f2nt d&#8217;Arr\u00f2s<\/br>\nAub\u00e8rt &#8211; Vilac &#8211; Vielha<\/span><\/h6>\t\t\t\t\t\t\t\t<\/div>\n\t\t\t\t<\/div>\n\t\t\t\t\t<\/div>\n\t\t<\/div>\n\t\t\t\t\t<\/div>\n\t\t<\/section>\n\t\t\t\t<section class=\"elementor-section elementor-top-section elementor-element elementor-element-f2b368e elementor-section-full_width elementor-section-height-default elementor-section-height-default\" data-id=\"f2b368e\" data-element_type=\"section\" data-e-type=\"section\">\n\t\t\t\t\t\t<div class=\"elementor-container elementor-column-gap-default\">\n\t\t\t\t\t<div class=\"elementor-column elementor-col-100 elementor-top-column elementor-element elementor-element-0e60613\" data-id=\"0e60613\" data-element_type=\"column\" data-e-type=\"column\">\n\t\t\t<div class=\"elementor-widget-wrap elementor-element-populated\">\n\t\t\t\t\t\t<div class=\"elementor-element elementor-element-b589226 elementor-widget elementor-widget-text-editor\" data-id=\"b589226\" data-element_type=\"widget\" data-e-type=\"widget\" data-widget_type=\"text-editor.default\">\n\t\t\t\t<div class=\"elementor-widget-container\">\n\t\t\t\t\t\t\t\t\t<p><iframe src=\"https:\/\/www.google.com\/maps\/d\/embed?mid=1ssxwfgSSwgkJoZu4gRYw0f7xG7HYWopw\" width=\"2000\" height=\"500\"><\/iframe><\/p>\t\t\t\t\t\t\t\t<\/div>\n\t\t\t\t<\/div>\n\t\t\t\t\t<\/div>\n\t\t<\/div>\n\t\t\t\t\t<\/div>\n\t\t<\/section>\n\t\t\t\t<section class=\"elementor-section elementor-top-section elementor-element elementor-element-3d9d705 elementor-section-full_width elementor-section-height-default elementor-section-height-default\" data-id=\"3d9d705\" data-element_type=\"section\" data-e-type=\"section\" data-settings=\"{&quot;background_background&quot;:&quot;classic&quot;}\">\n\t\t\t\t\t\t<div class=\"elementor-container elementor-column-gap-default\">\n\t\t\t\t\t<div class=\"elementor-column elementor-col-100 elementor-top-column elementor-element elementor-element-23b48a4\" data-id=\"23b48a4\" data-element_type=\"column\" data-e-type=\"column\">\n\t\t\t<div class=\"elementor-widget-wrap elementor-element-populated\">\n\t\t\t\t\t\t<div class=\"elementor-element elementor-element-31d3049 elementor-widget elementor-widget-heading\" data-id=\"31d3049\" data-element_type=\"widget\" data-e-type=\"widget\" data-widget_type=\"heading.default\">\n\t\t\t\t<div class=\"elementor-widget-container\">\n\t\t\t\t\t<h3 class=\"elementor-heading-title elementor-size-default\">\u00b7 <u>CARTOGRAFIA - GUIES<\/u> \u00b7<\/h3>\t\t\t\t<\/div>\n\t\t\t\t<\/div>\n\t\t\t\t\t<\/div>\n\t\t<\/div>\n\t\t\t\t\t<\/div>\n\t\t<\/section>\n\t\t\t\t<section class=\"elementor-section elementor-top-section elementor-element elementor-element-2710395 elementor-section-full_width elementor-section-height-default elementor-section-height-default\" data-id=\"2710395\" data-element_type=\"section\" data-e-type=\"section\" data-settings=\"{&quot;background_background&quot;:&quot;classic&quot;}\">\n\t\t\t\t\t\t<div class=\"elementor-container elementor-column-gap-default\">\n\t\t\t\t\t<div class=\"elementor-column elementor-col-16 elementor-top-column elementor-element elementor-element-fad493f\" data-id=\"fad493f\" data-element_type=\"column\" data-e-type=\"column\">\n\t\t\t<div class=\"elementor-widget-wrap elementor-element-populated\">\n\t\t\t\t\t\t<div class=\"elementor-element elementor-element-c0a6a8e elementor-widget elementor-widget-image\" data-id=\"c0a6a8e\" data-element_type=\"widget\" data-e-type=\"widget\" data-widget_type=\"image.default\">\n\t\t\t\t<div class=\"elementor-widget-container\">\n\t\t\t\t\t\t\t\t\t\t\t\t\t\t\t<img loading=\"lazy\" decoding=\"async\" width=\"300\" height=\"550\" src=\"https:\/\/rutesentrerefugis.com\/wp-content\/uploads\/2022\/06\/PN-Aiguestortes-Sant-Maurici-04.jpg\" class=\"attachment-full size-full wp-image-7445\" alt=\"\" srcset=\"https:\/\/rutesentrerefugis.com\/wp-content\/uploads\/2022\/06\/PN-Aiguestortes-Sant-Maurici-04.jpg 300w, https:\/\/rutesentrerefugis.com\/wp-content\/uploads\/2022\/06\/PN-Aiguestortes-Sant-Maurici-04-164x300.jpg 164w\" sizes=\"(max-width: 300px) 100vw, 300px\" \/>\t\t\t\t\t\t\t\t\t\t\t\t\t\t\t<\/div>\n\t\t\t\t<\/div>\n\t\t\t\t\t<\/div>\n\t\t<\/div>\n\t\t\t\t<div class=\"elementor-column elementor-col-16 elementor-top-column elementor-element elementor-element-968d1e4\" data-id=\"968d1e4\" data-element_type=\"column\" data-e-type=\"column\">\n\t\t\t<div class=\"elementor-widget-wrap elementor-element-populated\">\n\t\t\t\t\t\t<div class=\"elementor-element elementor-element-99a83ac elementor-widget elementor-widget-image\" data-id=\"99a83ac\" data-element_type=\"widget\" data-e-type=\"widget\" data-widget_type=\"image.default\">\n\t\t\t\t<div class=\"elementor-widget-container\">\n\t\t\t\t\t\t\t\t\t\t\t\t\t\t\t<img loading=\"lazy\" decoding=\"async\" width=\"300\" height=\"550\" src=\"https:\/\/rutesentrerefugis.com\/wp-content\/uploads\/2022\/10\/Sant-Maurici-02.jpg\" class=\"attachment-full size-full wp-image-1723\" alt=\"\" srcset=\"https:\/\/rutesentrerefugis.com\/wp-content\/uploads\/2022\/10\/Sant-Maurici-02.jpg 300w, https:\/\/rutesentrerefugis.com\/wp-content\/uploads\/2022\/10\/Sant-Maurici-02-164x300.jpg 164w\" sizes=\"(max-width: 300px) 100vw, 300px\" \/>\t\t\t\t\t\t\t\t\t\t\t\t\t\t\t<\/div>\n\t\t\t\t<\/div>\n\t\t\t\t\t<\/div>\n\t\t<\/div>\n\t\t\t\t<div class=\"elementor-column elementor-col-16 elementor-top-column elementor-element elementor-element-3acba33\" data-id=\"3acba33\" data-element_type=\"column\" data-e-type=\"column\">\n\t\t\t<div class=\"elementor-widget-wrap elementor-element-populated\">\n\t\t\t\t\t\t<div class=\"elementor-element elementor-element-c1a26a6 elementor-widget elementor-widget-image\" data-id=\"c1a26a6\" data-element_type=\"widget\" data-e-type=\"widget\" data-widget_type=\"image.default\">\n\t\t\t\t<div class=\"elementor-widget-container\">\n\t\t\t\t\t\t\t\t\t\t\t\t\t\t\t<img loading=\"lazy\" decoding=\"async\" width=\"300\" height=\"550\" src=\"https:\/\/rutesentrerefugis.com\/wp-content\/uploads\/2018\/06\/Vall-Boi-02.jpg\" class=\"attachment-full size-full wp-image-26631\" alt=\"\" srcset=\"https:\/\/rutesentrerefugis.com\/wp-content\/uploads\/2018\/06\/Vall-Boi-02.jpg 300w, https:\/\/rutesentrerefugis.com\/wp-content\/uploads\/2018\/06\/Vall-Boi-02-164x300.jpg 164w\" sizes=\"(max-width: 300px) 100vw, 300px\" \/>\t\t\t\t\t\t\t\t\t\t\t\t\t\t\t<\/div>\n\t\t\t\t<\/div>\n\t\t\t\t\t<\/div>\n\t\t<\/div>\n\t\t\t\t<div class=\"elementor-column elementor-col-16 elementor-top-column elementor-element elementor-element-d0d54c3\" data-id=\"d0d54c3\" data-element_type=\"column\" data-e-type=\"column\">\n\t\t\t<div class=\"elementor-widget-wrap elementor-element-populated\">\n\t\t\t\t\t\t<div class=\"elementor-element elementor-element-d6d132f elementor-widget elementor-widget-image\" data-id=\"d6d132f\" data-element_type=\"widget\" data-e-type=\"widget\" data-widget_type=\"image.default\">\n\t\t\t\t<div class=\"elementor-widget-container\">\n\t\t\t\t\t\t\t\t\t\t\t\t\t\t\t<img loading=\"lazy\" decoding=\"async\" width=\"300\" height=\"550\" src=\"https:\/\/rutesentrerefugis.com\/wp-content\/uploads\/2022\/02\/Val-Aran-03.jpg\" class=\"attachment-full size-full wp-image-27695\" alt=\"\" srcset=\"https:\/\/rutesentrerefugis.com\/wp-content\/uploads\/2022\/02\/Val-Aran-03.jpg 300w, https:\/\/rutesentrerefugis.com\/wp-content\/uploads\/2022\/02\/Val-Aran-03-164x300.jpg 164w\" sizes=\"(max-width: 300px) 100vw, 300px\" \/>\t\t\t\t\t\t\t\t\t\t\t\t\t\t\t<\/div>\n\t\t\t\t<\/div>\n\t\t\t\t\t<\/div>\n\t\t<\/div>\n\t\t\t\t<div class=\"elementor-column elementor-col-16 elementor-top-column elementor-element elementor-element-3605a25\" data-id=\"3605a25\" data-element_type=\"column\" data-e-type=\"column\">\n\t\t\t<div class=\"elementor-widget-wrap elementor-element-populated\">\n\t\t\t\t\t\t<div class=\"elementor-element elementor-element-2dee33e elementor-widget elementor-widget-image\" data-id=\"2dee33e\" data-element_type=\"widget\" data-e-type=\"widget\" data-widget_type=\"image.default\">\n\t\t\t\t<div class=\"elementor-widget-container\">\n\t\t\t\t\t\t\t\t\t\t\t\t\t\t\t<img loading=\"lazy\" decoding=\"async\" width=\"300\" height=\"550\" src=\"https:\/\/rutesentrerefugis.com\/wp-content\/uploads\/2021\/01\/Vall-Fosca-02.jpg\" class=\"attachment-full size-full wp-image-4066\" alt=\"\" srcset=\"https:\/\/rutesentrerefugis.com\/wp-content\/uploads\/2021\/01\/Vall-Fosca-02.jpg 300w, https:\/\/rutesentrerefugis.com\/wp-content\/uploads\/2021\/01\/Vall-Fosca-02-164x300.jpg 164w\" sizes=\"(max-width: 300px) 100vw, 300px\" \/>\t\t\t\t\t\t\t\t\t\t\t\t\t\t\t<\/div>\n\t\t\t\t<\/div>\n\t\t\t\t\t<\/div>\n\t\t<\/div>\n\t\t\t\t<div class=\"elementor-column elementor-col-16 elementor-top-column elementor-element elementor-element-8be69ee\" data-id=\"8be69ee\" data-element_type=\"column\" data-e-type=\"column\">\n\t\t\t<div class=\"elementor-widget-wrap elementor-element-populated\">\n\t\t\t\t\t\t<div class=\"elementor-element elementor-element-d9c8b72 elementor-widget elementor-widget-image\" data-id=\"d9c8b72\" data-element_type=\"widget\" data-e-type=\"widget\" data-widget_type=\"image.default\">\n\t\t\t\t<div class=\"elementor-widget-container\">\n\t\t\t\t\t\t\t\t\t\t\t\t\t\t\t<img loading=\"lazy\" decoding=\"async\" width=\"300\" height=\"550\" src=\"https:\/\/rutesentrerefugis.com\/wp-content\/uploads\/2018\/06\/Alt-Pirineu-03.jpg\" class=\"attachment-full size-full wp-image-21461\" alt=\"\" srcset=\"https:\/\/rutesentrerefugis.com\/wp-content\/uploads\/2018\/06\/Alt-Pirineu-03.jpg 300w, https:\/\/rutesentrerefugis.com\/wp-content\/uploads\/2018\/06\/Alt-Pirineu-03-164x300.jpg 164w\" sizes=\"(max-width: 300px) 100vw, 300px\" \/>\t\t\t\t\t\t\t\t\t\t\t\t\t\t\t<\/div>\n\t\t\t\t<\/div>\n\t\t\t\t\t<\/div>\n\t\t<\/div>\n\t\t\t\t\t<\/div>\n\t\t<\/section>\n\t\t\t\t<section class=\"elementor-section elementor-top-section elementor-element elementor-element-e16bfbb elementor-section-full_width elementor-section-height-default elementor-section-height-default\" data-id=\"e16bfbb\" data-element_type=\"section\" data-e-type=\"section\" data-settings=\"{&quot;background_background&quot;:&quot;classic&quot;}\">\n\t\t\t\t\t\t<div class=\"elementor-container elementor-column-gap-default\">\n\t\t\t\t\t<div class=\"elementor-column elementor-col-16 elementor-top-column elementor-element elementor-element-53257bc\" data-id=\"53257bc\" data-element_type=\"column\" data-e-type=\"column\">\n\t\t\t<div class=\"elementor-widget-wrap elementor-element-populated\">\n\t\t\t\t\t\t<div class=\"elementor-element elementor-element-6fd4393 elementor-widget elementor-widget-image\" data-id=\"6fd4393\" data-element_type=\"widget\" data-e-type=\"widget\" data-widget_type=\"image.default\">\n\t\t\t\t<div class=\"elementor-widget-container\">\n\t\t\t\t\t\t\t\t\t\t\t\t\t\t\t<img loading=\"lazy\" decoding=\"async\" width=\"300\" height=\"550\" src=\"https:\/\/rutesentrerefugis.com\/wp-content\/uploads\/2022\/10\/39-Vielha.jpg\" class=\"attachment-full size-full wp-image-1732\" alt=\"\" srcset=\"https:\/\/rutesentrerefugis.com\/wp-content\/uploads\/2022\/10\/39-Vielha.jpg 300w, https:\/\/rutesentrerefugis.com\/wp-content\/uploads\/2022\/10\/39-Vielha-164x300.jpg 164w\" sizes=\"(max-width: 300px) 100vw, 300px\" \/>\t\t\t\t\t\t\t\t\t\t\t\t\t\t\t<\/div>\n\t\t\t\t<\/div>\n\t\t\t\t\t<\/div>\n\t\t<\/div>\n\t\t\t\t<div class=\"elementor-column elementor-col-16 elementor-top-column elementor-element elementor-element-381bd3d\" data-id=\"381bd3d\" data-element_type=\"column\" data-e-type=\"column\">\n\t\t\t<div class=\"elementor-widget-wrap elementor-element-populated\">\n\t\t\t\t\t\t<div class=\"elementor-element elementor-element-731fb08 elementor-widget elementor-widget-image\" data-id=\"731fb08\" data-element_type=\"widget\" data-e-type=\"widget\" data-widget_type=\"image.default\">\n\t\t\t\t<div class=\"elementor-widget-container\">\n\t\t\t\t\t\t\t\t\t\t\t\t\t\t\t<img loading=\"lazy\" decoding=\"async\" width=\"300\" height=\"550\" src=\"https:\/\/rutesentrerefugis.com\/wp-content\/uploads\/2022\/10\/42-Aiguestortes.jpg\" class=\"attachment-full size-full wp-image-1733\" alt=\"\" srcset=\"https:\/\/rutesentrerefugis.com\/wp-content\/uploads\/2022\/10\/42-Aiguestortes.jpg 300w, https:\/\/rutesentrerefugis.com\/wp-content\/uploads\/2022\/10\/42-Aiguestortes-164x300.jpg 164w\" sizes=\"(max-width: 300px) 100vw, 300px\" \/>\t\t\t\t\t\t\t\t\t\t\t\t\t\t\t<\/div>\n\t\t\t\t<\/div>\n\t\t\t\t\t<\/div>\n\t\t<\/div>\n\t\t\t\t<div class=\"elementor-column elementor-col-16 elementor-top-column elementor-element elementor-element-c05b643\" data-id=\"c05b643\" data-element_type=\"column\" data-e-type=\"column\">\n\t\t\t<div class=\"elementor-widget-wrap elementor-element-populated\">\n\t\t\t\t\t\t<div class=\"elementor-element elementor-element-2728730 elementor-widget elementor-widget-image\" data-id=\"2728730\" data-element_type=\"widget\" data-e-type=\"widget\" data-widget_type=\"image.default\">\n\t\t\t\t<div class=\"elementor-widget-container\">\n\t\t\t\t\t\t\t\t\t\t\t\t\t\t\t<img loading=\"lazy\" decoding=\"async\" width=\"300\" height=\"550\" src=\"https:\/\/rutesentrerefugis.com\/wp-content\/uploads\/2021\/01\/22-Pont-de-Suert.jpg\" class=\"attachment-full size-full wp-image-4067\" alt=\"\" srcset=\"https:\/\/rutesentrerefugis.com\/wp-content\/uploads\/2021\/01\/22-Pont-de-Suert.jpg 300w, https:\/\/rutesentrerefugis.com\/wp-content\/uploads\/2021\/01\/22-Pont-de-Suert-164x300.jpg 164w\" sizes=\"(max-width: 300px) 100vw, 300px\" \/>\t\t\t\t\t\t\t\t\t\t\t\t\t\t\t<\/div>\n\t\t\t\t<\/div>\n\t\t\t\t\t<\/div>\n\t\t<\/div>\n\t\t\t\t<div class=\"elementor-column elementor-col-16 elementor-top-column elementor-element elementor-element-4737035\" data-id=\"4737035\" data-element_type=\"column\" data-e-type=\"column\">\n\t\t\t<div class=\"elementor-widget-wrap elementor-element-populated\">\n\t\t\t\t\t\t<div class=\"elementor-element elementor-element-a041f54 elementor-widget elementor-widget-image\" data-id=\"a041f54\" data-element_type=\"widget\" data-e-type=\"widget\" data-widget_type=\"image.default\">\n\t\t\t\t<div class=\"elementor-widget-container\">\n\t\t\t\t\t\t\t\t\t\t\t\t\t\t\t<img loading=\"lazy\" decoding=\"async\" width=\"300\" height=\"550\" src=\"https:\/\/rutesentrerefugis.com\/wp-content\/uploads\/2021\/01\/54-Vall-Fosca.jpg\" class=\"attachment-full size-full wp-image-4068\" alt=\"\" srcset=\"https:\/\/rutesentrerefugis.com\/wp-content\/uploads\/2021\/01\/54-Vall-Fosca.jpg 300w, https:\/\/rutesentrerefugis.com\/wp-content\/uploads\/2021\/01\/54-Vall-Fosca-164x300.jpg 164w\" sizes=\"(max-width: 300px) 100vw, 300px\" \/>\t\t\t\t\t\t\t\t\t\t\t\t\t\t\t<\/div>\n\t\t\t\t<\/div>\n\t\t\t\t\t<\/div>\n\t\t<\/div>\n\t\t\t\t<div class=\"elementor-column elementor-col-16 elementor-top-column elementor-element elementor-element-c311b20\" data-id=\"c311b20\" data-element_type=\"column\" data-e-type=\"column\">\n\t\t\t<div class=\"elementor-widget-wrap elementor-element-populated\">\n\t\t\t\t\t\t<div class=\"elementor-element elementor-element-73ce46e elementor-widget elementor-widget-image\" data-id=\"73ce46e\" data-element_type=\"widget\" data-e-type=\"widget\" data-widget_type=\"image.default\">\n\t\t\t\t<div class=\"elementor-widget-container\">\n\t\t\t\t\t\t\t\t\t\t\t\t\t\t\t<img loading=\"lazy\" decoding=\"async\" width=\"300\" height=\"550\" src=\"https:\/\/rutesentrerefugis.com\/wp-content\/uploads\/2021\/03\/43-PN-Alt-Pirineu-NW.jpg\" class=\"attachment-full size-full wp-image-2449\" alt=\"\" srcset=\"https:\/\/rutesentrerefugis.com\/wp-content\/uploads\/2021\/03\/43-PN-Alt-Pirineu-NW.jpg 300w, https:\/\/rutesentrerefugis.com\/wp-content\/uploads\/2021\/03\/43-PN-Alt-Pirineu-NW-164x300.jpg 164w\" sizes=\"(max-width: 300px) 100vw, 300px\" \/>\t\t\t\t\t\t\t\t\t\t\t\t\t\t\t<\/div>\n\t\t\t\t<\/div>\n\t\t\t\t\t<\/div>\n\t\t<\/div>\n\t\t\t\t<div class=\"elementor-column elementor-col-16 elementor-top-column elementor-element elementor-element-b5afb5c\" data-id=\"b5afb5c\" data-element_type=\"column\" data-e-type=\"column\">\n\t\t\t<div class=\"elementor-widget-wrap elementor-element-populated\">\n\t\t\t\t\t\t<div class=\"elementor-element elementor-element-b956927 elementor-widget elementor-widget-image\" data-id=\"b956927\" data-element_type=\"widget\" data-e-type=\"widget\" data-widget_type=\"image.default\">\n\t\t\t\t<div class=\"elementor-widget-container\">\n\t\t\t\t\t\t\t\t\t\t\t\t\t\t\t<img loading=\"lazy\" decoding=\"async\" width=\"300\" height=\"550\" src=\"https:\/\/rutesentrerefugis.com\/wp-content\/uploads\/2021\/03\/44-Alt-Pirineu-NE.jpg\" class=\"attachment-full size-full wp-image-2450\" alt=\"\" srcset=\"https:\/\/rutesentrerefugis.com\/wp-content\/uploads\/2021\/03\/44-Alt-Pirineu-NE.jpg 300w, https:\/\/rutesentrerefugis.com\/wp-content\/uploads\/2021\/03\/44-Alt-Pirineu-NE-164x300.jpg 164w\" sizes=\"(max-width: 300px) 100vw, 300px\" \/>\t\t\t\t\t\t\t\t\t\t\t\t\t\t\t<\/div>\n\t\t\t\t<\/div>\n\t\t\t\t\t<\/div>\n\t\t<\/div>\n\t\t\t\t\t<\/div>\n\t\t<\/section>\n\t\t\t\t<section class=\"elementor-section elementor-top-section elementor-element elementor-element-af7266c elementor-section-full_width elementor-section-height-default elementor-section-height-default\" data-id=\"af7266c\" data-element_type=\"section\" data-e-type=\"section\">\n\t\t\t\t\t\t<div class=\"elementor-container elementor-column-gap-default\">\n\t\t\t\t\t<div class=\"elementor-column elementor-col-100 elementor-top-column elementor-element elementor-element-a355804\" data-id=\"a355804\" data-element_type=\"column\" data-e-type=\"column\">\n\t\t\t<div class=\"elementor-widget-wrap elementor-element-populated\">\n\t\t\t\t\t\t<div class=\"elementor-element elementor-element-1642e5b elementor-widget elementor-widget-spacer\" data-id=\"1642e5b\" data-element_type=\"widget\" data-e-type=\"widget\" data-widget_type=\"spacer.default\">\n\t\t\t\t<div class=\"elementor-widget-container\">\n\t\t\t\t\t\t\t<div class=\"elementor-spacer\">\n\t\t\t<div class=\"elementor-spacer-inner\"><\/div>\n\t\t<\/div>\n\t\t\t\t\t\t<\/div>\n\t\t\t\t<\/div>\n\t\t\t\t\t<\/div>\n\t\t<\/div>\n\t\t\t\t\t<\/div>\n\t\t<\/section>\n\t\t\t\t<section class=\"elementor-section elementor-top-section elementor-element elementor-element-b4ffd56 elementor-section-full_width elementor-section-height-default elementor-section-height-default\" data-id=\"b4ffd56\" data-element_type=\"section\" data-e-type=\"section\">\n\t\t\t\t\t\t<div class=\"elementor-container elementor-column-gap-default\">\n\t\t\t\t\t<div class=\"elementor-column elementor-col-100 elementor-top-column elementor-element elementor-element-dbb5c54\" data-id=\"dbb5c54\" data-element_type=\"column\" data-e-type=\"column\">\n\t\t\t<div class=\"elementor-widget-wrap elementor-element-populated\">\n\t\t\t\t\t\t<div class=\"elementor-element elementor-element-a4c59df elementor-widget-divider--view-line elementor-widget elementor-widget-divider\" data-id=\"a4c59df\" data-element_type=\"widget\" data-e-type=\"widget\" data-widget_type=\"divider.default\">\n\t\t\t\t<div class=\"elementor-widget-container\">\n\t\t\t\t\t\t\t<div class=\"elementor-divider\">\n\t\t\t<span class=\"elementor-divider-separator\">\n\t\t\t\t\t\t<\/span>\n\t\t<\/div>\n\t\t\t\t\t\t<\/div>\n\t\t\t\t<\/div>\n\t\t\t\t\t<\/div>\n\t\t<\/div>\n\t\t\t\t\t<\/div>\n\t\t<\/section>\n\t\t\t\t<section class=\"elementor-section elementor-top-section elementor-element elementor-element-6a91dbd elementor-section-full_width elementor-section-height-default elementor-section-height-default\" data-id=\"6a91dbd\" data-element_type=\"section\" data-e-type=\"section\">\n\t\t\t\t\t\t<div class=\"elementor-container elementor-column-gap-default\">\n\t\t\t\t\t<div class=\"elementor-column elementor-col-100 elementor-top-column elementor-element elementor-element-c559290\" data-id=\"c559290\" data-element_type=\"column\" data-e-type=\"column\">\n\t\t\t<div class=\"elementor-widget-wrap elementor-element-populated\">\n\t\t\t\t\t\t<div class=\"elementor-element elementor-element-92e3967 elementor-widget elementor-widget-heading\" data-id=\"92e3967\" data-element_type=\"widget\" data-e-type=\"widget\" data-widget_type=\"heading.default\">\n\t\t\t\t<div class=\"elementor-widget-container\">\n\t\t\t\t\t<h2 class=\"elementor-heading-title elementor-size-default\"><u>ARTICLES I RUTES RELACIONATS<\/u><\/h2>\t\t\t\t<\/div>\n\t\t\t\t<\/div>\n\t\t\t\t\t<\/div>\n\t\t<\/div>\n\t\t\t\t\t<\/div>\n\t\t<\/section>\n\t\t\t\t<section class=\"elementor-section elementor-top-section elementor-element elementor-element-b74c2ae elementor-section-full_width elementor-section-height-default elementor-section-height-default\" data-id=\"b74c2ae\" data-element_type=\"section\" data-e-type=\"section\">\n\t\t\t\t\t\t<div class=\"elementor-container elementor-column-gap-default\">\n\t\t\t\t\t<div class=\"elementor-column elementor-col-100 elementor-top-column elementor-element elementor-element-2a661a8\" data-id=\"2a661a8\" data-element_type=\"column\" data-e-type=\"column\">\n\t\t\t<div class=\"elementor-widget-wrap elementor-element-populated\">\n\t\t\t\t\t\t<div class=\"elementor-element elementor-element-2c700f2 elementor-widget elementor-widget-spacer\" data-id=\"2c700f2\" data-element_type=\"widget\" data-e-type=\"widget\" data-widget_type=\"spacer.default\">\n\t\t\t\t<div class=\"elementor-widget-container\">\n\t\t\t\t\t\t\t<div class=\"elementor-spacer\">\n\t\t\t<div class=\"elementor-spacer-inner\"><\/div>\n\t\t<\/div>\n\t\t\t\t\t\t<\/div>\n\t\t\t\t<\/div>\n\t\t\t\t\t<\/div>\n\t\t<\/div>\n\t\t\t\t\t<\/div>\n\t\t<\/section>\n\t\t\t\t<section class=\"elementor-section elementor-top-section elementor-element elementor-element-dedb765 elementor-section-full_width elementor-section-height-default elementor-section-height-default\" data-id=\"dedb765\" data-element_type=\"section\" data-e-type=\"section\">\n\t\t\t\t\t\t<div class=\"elementor-container elementor-column-gap-default\">\n\t\t\t\t\t<div class=\"elementor-column elementor-col-100 elementor-top-column elementor-element elementor-element-323e314\" data-id=\"323e314\" data-element_type=\"column\" data-e-type=\"column\">\n\t\t\t<div class=\"elementor-widget-wrap elementor-element-populated\">\n\t\t\t\t\t\t<div class=\"elementor-element elementor-element-1d2f4d4 elementor-grid-5 elementor-posts--align-left elementor-grid-tablet-2 elementor-grid-mobile-1 elementor-posts--thumbnail-top elementor-widget elementor-widget-posts\" data-id=\"1d2f4d4\" data-element_type=\"widget\" data-e-type=\"widget\" data-settings=\"{&quot;classic_columns&quot;:&quot;5&quot;,&quot;classic_columns_tablet&quot;:&quot;2&quot;,&quot;classic_columns_mobile&quot;:&quot;1&quot;,&quot;classic_row_gap&quot;:{&quot;unit&quot;:&quot;px&quot;,&quot;size&quot;:35,&quot;sizes&quot;:[]},&quot;classic_row_gap_tablet&quot;:{&quot;unit&quot;:&quot;px&quot;,&quot;size&quot;:&quot;&quot;,&quot;sizes&quot;:[]},&quot;classic_row_gap_mobile&quot;:{&quot;unit&quot;:&quot;px&quot;,&quot;size&quot;:&quot;&quot;,&quot;sizes&quot;:[]}}\" data-widget_type=\"posts.classic\">\n\t\t\t\t<div class=\"elementor-widget-container\">\n\t\t\t\t\t\t\t<div class=\"elementor-posts-container elementor-posts elementor-posts--skin-classic elementor-grid\" role=\"list\">\n\t\t\t\t<article class=\"elementor-post elementor-grid-item post-8768 post type-post status-publish format-standard has-post-thumbnail hentry category-blog category-llibres category-pn-aiguestortes-ca tag-cossetania-edicions-es-ca tag-cronicas-ca tag-croniques-ca tag-el-guardia-de-lestany-negre-ca tag-miquel-sanchez-2-es-ca tag-parc-nacional-daiguestortes-i-estany-de-sant-maurici-ca tag-refugi-ventosa-i-calvell-es-ca tag-rosa-ma-bosch-es-ca\" role=\"listitem\">\n\t\t\t\t<a class=\"elementor-post__thumbnail__link\" href=\"https:\/\/rutesentrerefugis.com\/index.php\/2022\/04\/21\/el-guardia-de-l-estany-negre\/\" tabindex=\"-1\" >\n\t\t\t<div class=\"elementor-post__thumbnail\"><img loading=\"lazy\" decoding=\"async\" width=\"300\" height=\"200\" src=\"https:\/\/rutesentrerefugis.com\/wp-content\/uploads\/2022\/04\/El-Guardia-de-l-Estany-Negre-Inici-NW-300x200.jpg\" class=\"attachment-medium size-medium wp-image-8821\" alt=\"\" srcset=\"https:\/\/rutesentrerefugis.com\/wp-content\/uploads\/2022\/04\/El-Guardia-de-l-Estany-Negre-Inici-NW-300x200.jpg 300w, https:\/\/rutesentrerefugis.com\/wp-content\/uploads\/2022\/04\/El-Guardia-de-l-Estany-Negre-Inici-NW-1024x683.jpg 1024w, https:\/\/rutesentrerefugis.com\/wp-content\/uploads\/2022\/04\/El-Guardia-de-l-Estany-Negre-Inici-NW-768x512.jpg 768w, https:\/\/rutesentrerefugis.com\/wp-content\/uploads\/2022\/04\/El-Guardia-de-l-Estany-Negre-Inici-NW.jpg 1200w\" sizes=\"(max-width: 300px) 100vw, 300px\" \/><\/div>\n\t\t<\/a>\n\t\t\t\t<div class=\"elementor-post__text\">\n\t\t\t\t<h3 class=\"elementor-post__title\">\n\t\t\t<a href=\"https:\/\/rutesentrerefugis.com\/index.php\/2022\/04\/21\/el-guardia-de-l-estany-negre\/\" >\n\t\t\t\tEL GUARDI\u00c0 DE L&#8217;ESTANY NEGRE\t\t\t<\/a>\n\t\t<\/h3>\n\t\t\t\t<div class=\"elementor-post__meta-data\">\n\t\t\t\t\t<span class=\"elementor-post-date\">\n\t\t\t21\/04\/2022\t\t<\/span>\n\t\t\t\t<\/div>\n\t\t\t\t<\/div>\n\t\t\t\t<\/article>\n\t\t\t\t<article class=\"elementor-post elementor-grid-item post-4033 post type-post status-publish format-standard has-post-thumbnail hentry category-btt-ca category-occitania-ca category-pn-aiguestortes-ca tag-alos-disil-es-ca tag-arties-ca tag-astell-ca tag-bagergue-ca tag-betren-ca tag-boren-ca tag-casarilh-ca tag-castellars-ca tag-encantats-ca tag-erta-es-ca tag-espot-ca tag-espui-ca tag-garos-ca tag-gessa-ca tag-ginast-ca tag-gotarta-es-ca tag-guiro-es-ca tag-iran-ca tag-irgo-es-ca tag-isil-es-ca tag-la-torre-de-capdella-ca tag-les-esglesies-es-ca tag-malpas-ca tag-montgarri-ca tag-pallars-jussa-es-ca tag-pallars-sobira-es-ca tag-parc-nacional-daiguestortes-i-estany-de-sant-maurici-ca tag-pedals-de-foc-es-ca tag-raons-ca tag-ribagorca-ca tag-sant-maurici-es-ca tag-sas-ca tag-senet-ca tag-son-ca tag-sorpe-ca tag-unha-ca tag-val-daran-es-ca tag-valencia-daneu-ca tag-vall-de-boi-es-ca tag-vielha-ca tag-villaler-ca\" role=\"listitem\">\n\t\t\t\t<a class=\"elementor-post__thumbnail__link\" href=\"https:\/\/rutesentrerefugis.com\/index.php\/2021\/01\/27\/gran-pedals-foc-occitania\/\" tabindex=\"-1\" >\n\t\t\t<div class=\"elementor-post__thumbnail\"><img loading=\"lazy\" decoding=\"async\" width=\"300\" height=\"210\" src=\"https:\/\/rutesentrerefugis.com\/wp-content\/uploads\/2022\/12\/Gran-Pedals-Foc-Occitania-NW-300x210.jpg\" class=\"attachment-medium size-medium wp-image-4034\" alt=\"\" srcset=\"https:\/\/rutesentrerefugis.com\/wp-content\/uploads\/2022\/12\/Gran-Pedals-Foc-Occitania-NW-300x210.jpg 300w, https:\/\/rutesentrerefugis.com\/wp-content\/uploads\/2022\/12\/Gran-Pedals-Foc-Occitania-NW.jpg 400w\" sizes=\"(max-width: 300px) 100vw, 300px\" \/><\/div>\n\t\t<\/a>\n\t\t\t\t<div class=\"elementor-post__text\">\n\t\t\t\t<h3 class=\"elementor-post__title\">\n\t\t\t<a href=\"https:\/\/rutesentrerefugis.com\/index.php\/2021\/01\/27\/gran-pedals-foc-occitania\/\" >\n\t\t\t\tGRAN PEDALS FOC D&#8217;OCCIT\u00c0NIA\t\t\t<\/a>\n\t\t<\/h3>\n\t\t\t\t<div class=\"elementor-post__meta-data\">\n\t\t\t\t\t<span class=\"elementor-post-date\">\n\t\t\t27\/01\/2021\t\t<\/span>\n\t\t\t\t<\/div>\n\t\t\t\t<\/div>\n\t\t\t\t<\/article>\n\t\t\t\t<article class=\"elementor-post elementor-grid-item post-1191 post type-post status-publish format-standard has-post-thumbnail hentry category-blog category-pn-aiguestortes-ca tag-aiguestortes-es-ca tag-alta-ribagorca-es-ca tag-miquel-sanchez-2-es-ca tag-pallars-jussa-es-ca tag-pallars-sobira-es-ca tag-pn-aiguestortes-i-estany-de-sant-maurici-es-ca tag-quim-farrero-es-ca tag-refugi-amitges-es-ca tag-refugi-colomers-es-ca tag-refugi-colomina-es-ca tag-refugi-ernest-mallafre-es-ca tag-refugi-estany-llong-es-ca tag-refugi-jm-blanch-es-ca tag-refugi-restanca-es-ca tag-refugi-saboredo-es-ca tag-refugi-ventosa-i-calvell-es-ca tag-sant-maurici-es-ca tag-val-daran-es-ca tag-vall-de-boi-es-ca\" role=\"listitem\">\n\t\t\t\t<a class=\"elementor-post__thumbnail__link\" href=\"https:\/\/rutesentrerefugis.com\/index.php\/2019\/06\/12\/carros-de-roc\/\" tabindex=\"-1\" >\n\t\t\t<div class=\"elementor-post__thumbnail\"><img loading=\"lazy\" decoding=\"async\" width=\"300\" height=\"200\" src=\"https:\/\/rutesentrerefugis.com\/wp-content\/uploads\/2022\/09\/Carros-de-Roc-Inici-NW-300x200.jpg\" class=\"attachment-medium size-medium wp-image-1193\" alt=\"Carros de Roc\" srcset=\"https:\/\/rutesentrerefugis.com\/wp-content\/uploads\/2022\/09\/Carros-de-Roc-Inici-NW-300x200.jpg 300w, https:\/\/rutesentrerefugis.com\/wp-content\/uploads\/2022\/09\/Carros-de-Roc-Inici-NW-1024x683.jpg 1024w, https:\/\/rutesentrerefugis.com\/wp-content\/uploads\/2022\/09\/Carros-de-Roc-Inici-NW-768x512.jpg 768w, https:\/\/rutesentrerefugis.com\/wp-content\/uploads\/2022\/09\/Carros-de-Roc-Inici-NW.jpg 1200w\" sizes=\"(max-width: 300px) 100vw, 300px\" \/><\/div>\n\t\t<\/a>\n\t\t\t\t<div class=\"elementor-post__text\">\n\t\t\t\t<h3 class=\"elementor-post__title\">\n\t\t\t<a href=\"https:\/\/rutesentrerefugis.com\/index.php\/2019\/06\/12\/carros-de-roc\/\" >\n\t\t\t\tCARROS DE ROC\t\t\t<\/a>\n\t\t<\/h3>\n\t\t\t\t<div class=\"elementor-post__meta-data\">\n\t\t\t\t\t<span class=\"elementor-post-date\">\n\t\t\t12\/06\/2019\t\t<\/span>\n\t\t\t\t<\/div>\n\t\t\t\t<\/div>\n\t\t\t\t<\/article>\n\t\t\t\t<article class=\"elementor-post elementor-grid-item post-1685 post type-post status-publish format-standard has-post-thumbnail hentry category-btt-ca category-pn-aiguestortes-ca tag-alos-disil-es-ca tag-arties-ca tag-astell-ca tag-bagergue-ca tag-betren-ca tag-boren-ca tag-casarilh-ca tag-castellars-ca tag-encantats-ca tag-erta-es-ca tag-espot-ca tag-espui-ca tag-garos-ca tag-gessa-ca tag-ginast-ca tag-gotarta-es-ca tag-guiro-es-ca tag-iran-ca tag-irgo-es-ca tag-isil-es-ca tag-la-torre-de-capdella-ca tag-les-esglesies-es-ca tag-malpas-ca tag-montgarri-ca tag-pallars-jussa-es-ca tag-pallars-sobira-es-ca tag-parc-nacional-daiguestortes-i-estany-de-sant-maurici-ca tag-pedals-de-foc-es-ca tag-raons-ca tag-ribagorca-ca tag-sant-maurici-es-ca tag-sas-ca tag-senet-ca tag-son-ca tag-sorpe-ca tag-unha-ca tag-val-daran-es-ca tag-valencia-daneu-ca tag-vall-de-boi-es-ca tag-vielha-ca tag-villaler-ca\" role=\"listitem\">\n\t\t\t\t<a class=\"elementor-post__thumbnail__link\" href=\"https:\/\/rutesentrerefugis.com\/index.php\/2018\/05\/07\/pedals-de-foc\/\" tabindex=\"-1\" >\n\t\t\t<div class=\"elementor-post__thumbnail\"><img loading=\"lazy\" decoding=\"async\" width=\"300\" height=\"210\" src=\"https:\/\/rutesentrerefugis.com\/wp-content\/uploads\/2022\/10\/Pedals-de-Foc-NW-300x210.jpg\" class=\"attachment-medium size-medium wp-image-1689\" alt=\"\" srcset=\"https:\/\/rutesentrerefugis.com\/wp-content\/uploads\/2022\/10\/Pedals-de-Foc-NW-300x210.jpg 300w, https:\/\/rutesentrerefugis.com\/wp-content\/uploads\/2022\/10\/Pedals-de-Foc-NW.jpg 400w\" sizes=\"(max-width: 300px) 100vw, 300px\" \/><\/div>\n\t\t<\/a>\n\t\t\t\t<div class=\"elementor-post__text\">\n\t\t\t\t<h3 class=\"elementor-post__title\">\n\t\t\t<a href=\"https:\/\/rutesentrerefugis.com\/index.php\/2018\/05\/07\/pedals-de-foc\/\" >\n\t\t\t\tPEDALS DE FOC\t\t\t<\/a>\n\t\t<\/h3>\n\t\t\t\t<div class=\"elementor-post__meta-data\">\n\t\t\t\t\t<span class=\"elementor-post-date\">\n\t\t\t07\/05\/2018\t\t<\/span>\n\t\t\t\t<\/div>\n\t\t\t\t<\/div>\n\t\t\t\t<\/article>\n\t\t\t\t<article class=\"elementor-post elementor-grid-item post-1917 post type-post status-publish format-standard has-post-thumbnail hentry category-a-peu-ca category-pn-aiguestortes-ca tag-carros-de-foc-ca tag-carros-de-foc-open-ca tag-carros-de-foc-plus-ca tag-cresta-de-lavio-ca tag-encantat-gran-ca tag-espot-ca tag-gran-tuc-de-colomers-ca tag-la-creu-de-colomers-ca tag-milpotros-ca tag-montardo-ca tag-montsaliente-ca tag-pallars-jussa-es-ca tag-pallars-sobira-es-ca tag-parc-nacional-daiguestortes-i-estany-de-sant-maurici-ca tag-pic-damitges-ca tag-pic-de-bassiero-ca tag-pic-de-bergus-ca tag-pic-de-comalesbienes-ca tag-pic-de-contraix-ca tag-pic-de-la-pala-pedregosa-ca tag-pic-de-mainera-ca tag-pic-de-mariolo-ca tag-pic-de-monestero-ca tag-pic-de-peguera-ca tag-pic-de-quartiules-ca tag-pic-de-ratera-ca tag-pic-de-saburo-ca tag-pic-de-subenuix-ca tag-pic-de-tort-ca tag-pic-del-pineto-ca tag-pic-del-portarro-ca tag-pic-dels-vidals-ca tag-punta-alta-de-comalesbienes-ca tag-punta-brulle-ca tag-refugi-damitges-ca tag-refugi-de-colomers-ca tag-refugi-de-colomina-ca tag-refugi-de-gerdar-ca tag-refugi-de-la-restanca-ca tag-refugi-de-saboredo-ca tag-refugi-ernest-mallafre-es-ca tag-refugi-estany-llong-es-ca tag-refugi-jm-blanch-es-ca tag-refugi-pla-de-la-font-ca tag-refugi-ventosa-i-calvell-es-ca tag-roca-blanca-ca tag-ruta-dels-9-refugis-ca tag-sant-maurici-es-ca tag-tesso-de-son-ca tag-tuc-de-saboredo-ca tag-tumeneis-ca tag-val-daran-es-ca tag-vall-de-boi-es-ca\" role=\"listitem\">\n\t\t\t\t<a class=\"elementor-post__thumbnail__link\" href=\"https:\/\/rutesentrerefugis.com\/index.php\/2018\/04\/22\/carros-de-foc\/\" tabindex=\"-1\" >\n\t\t\t<div class=\"elementor-post__thumbnail\"><img loading=\"lazy\" decoding=\"async\" width=\"300\" height=\"210\" src=\"https:\/\/rutesentrerefugis.com\/wp-content\/uploads\/2022\/10\/Carros-de-Foc-NW-300x210.jpg\" class=\"attachment-medium size-medium wp-image-1919\" alt=\"\" srcset=\"https:\/\/rutesentrerefugis.com\/wp-content\/uploads\/2022\/10\/Carros-de-Foc-NW-300x210.jpg 300w, https:\/\/rutesentrerefugis.com\/wp-content\/uploads\/2022\/10\/Carros-de-Foc-NW.jpg 400w\" sizes=\"(max-width: 300px) 100vw, 300px\" \/><\/div>\n\t\t<\/a>\n\t\t\t\t<div class=\"elementor-post__text\">\n\t\t\t\t<h3 class=\"elementor-post__title\">\n\t\t\t<a href=\"https:\/\/rutesentrerefugis.com\/index.php\/2018\/04\/22\/carros-de-foc\/\" >\n\t\t\t\tCARROS DE FOC\t\t\t<\/a>\n\t\t<\/h3>\n\t\t\t\t<div class=\"elementor-post__meta-data\">\n\t\t\t\t\t<span class=\"elementor-post-date\">\n\t\t\t22\/04\/2018\t\t<\/span>\n\t\t\t\t<\/div>\n\t\t\t\t<\/div>\n\t\t\t\t<\/article>\n\t\t\t\t<\/div>\n\t\t\n\t\t\t\t\t\t<\/div>\n\t\t\t\t<\/div>\n\t\t\t\t\t<\/div>\n\t\t<\/div>\n\t\t\t\t\t<\/div>\n\t\t<\/section>\n\t\t\t\t<section class=\"elementor-section elementor-top-section elementor-element elementor-element-c1eca68 elementor-section-full_width elementor-section-height-default elementor-section-height-default\" data-id=\"c1eca68\" data-element_type=\"section\" data-e-type=\"section\">\n\t\t\t\t\t\t<div class=\"elementor-container elementor-column-gap-default\">\n\t\t\t\t\t<div class=\"elementor-column elementor-col-100 elementor-top-column elementor-element elementor-element-5aad507\" data-id=\"5aad507\" data-element_type=\"column\" data-e-type=\"column\">\n\t\t\t<div class=\"elementor-widget-wrap elementor-element-populated\">\n\t\t\t\t\t\t<div class=\"elementor-element elementor-element-b0eca39 elementor-widget-divider--view-line elementor-widget elementor-widget-divider\" data-id=\"b0eca39\" data-element_type=\"widget\" data-e-type=\"widget\" data-widget_type=\"divider.default\">\n\t\t\t\t<div class=\"elementor-widget-container\">\n\t\t\t\t\t\t\t<div class=\"elementor-divider\">\n\t\t\t<span class=\"elementor-divider-separator\">\n\t\t\t\t\t\t<\/span>\n\t\t<\/div>\n\t\t\t\t\t\t<\/div>\n\t\t\t\t<\/div>\n\t\t\t\t\t<\/div>\n\t\t<\/div>\n\t\t\t\t\t<\/div>\n\t\t<\/section>\n\t\t\t\t<section class=\"elementor-section elementor-top-section elementor-element elementor-element-2bfa9da elementor-section-full_width elementor-section-height-default elementor-section-height-default\" data-id=\"2bfa9da\" data-element_type=\"section\" data-e-type=\"section\">\n\t\t\t\t\t\t<div class=\"elementor-container elementor-column-gap-default\">\n\t\t\t\t\t<div class=\"elementor-column elementor-col-100 elementor-top-column elementor-element elementor-element-b1171a9\" data-id=\"b1171a9\" data-element_type=\"column\" data-e-type=\"column\">\n\t\t\t<div class=\"elementor-widget-wrap elementor-element-populated\">\n\t\t\t\t\t\t<div class=\"elementor-element elementor-element-f355afe elementor-widget elementor-widget-spacer\" data-id=\"f355afe\" data-element_type=\"widget\" data-e-type=\"widget\" data-widget_type=\"spacer.default\">\n\t\t\t\t<div class=\"elementor-widget-container\">\n\t\t\t\t\t\t\t<div class=\"elementor-spacer\">\n\t\t\t<div class=\"elementor-spacer-inner\"><\/div>\n\t\t<\/div>\n\t\t\t\t\t\t<\/div>\n\t\t\t\t<\/div>\n\t\t\t\t\t<\/div>\n\t\t<\/div>\n\t\t\t\t\t<\/div>\n\t\t<\/section>\n\t\t\t\t<\/div>\n\t\t","protected":false},"excerpt":{"rendered":"<p>\u00b7 GRAN PEDALS FOC D&#8217;OCCIT\u00c0NIA \u00b7 UBICACI\u00d3 P. N. d&#8217;Aig\u00fcestortes i Estany de Sant MauriciP.N. de l&#8217;Alt PirineuVall FoscaVall de LuchonVall d&#8217;Oueil COMARQUES Pallars Juss\u00e0Pallars<\/p>\n","protected":false},"author":2,"featured_media":4034,"comment_status":"open","ping_status":"open","sticky":false,"template":"elementor_header_footer","format":"standard","meta":{"_monsterinsights_skip_tracking":false,"_monsterinsights_sitenote_active":false,"_monsterinsights_sitenote_note":"","_monsterinsights_sitenote_category":0,"footnotes":""},"categories":[7498,8994,5464],"tags":[8996,8422,8998,7326,9000,9002,8428,9004,9006,9008,5584,9010,8430,5588,9012,9014,9016,9018,9020,9022,7258,9024,9026,5598,5472,5474,5544,9028,9030,9032,5498,9034,8432,8726,9036,8434,5500,9038,5502,7342,9040],"class_list":["post-4033","post","type-post","status-publish","format-standard","has-post-thumbnail","hentry","category-btt-ca","category-occitania-ca","category-pn-aiguestortes-ca","tag-alos-disil-es-ca","tag-arties-ca","tag-astell-ca","tag-bagergue-ca","tag-betren-ca","tag-boren-ca","tag-casarilh-ca","tag-castellars-ca","tag-encantats-ca","tag-erta-es-ca","tag-espot-ca","tag-espui-ca","tag-garos-ca","tag-gessa-ca","tag-ginast-ca","tag-gotarta-es-ca","tag-guiro-es-ca","tag-iran-ca","tag-irgo-es-ca","tag-isil-es-ca","tag-la-torre-de-capdella-ca","tag-les-esglesies-es-ca","tag-malpas-ca","tag-montgarri-ca","tag-pallars-jussa-es-ca","tag-pallars-sobira-es-ca","tag-parc-nacional-daiguestortes-i-estany-de-sant-maurici-ca","tag-pedals-de-foc-es-ca","tag-raons-ca","tag-ribagorca-ca","tag-sant-maurici-es-ca","tag-sas-ca","tag-senet-ca","tag-son-ca","tag-sorpe-ca","tag-unha-ca","tag-val-daran-es-ca","tag-valencia-daneu-ca","tag-vall-de-boi-es-ca","tag-vielha-ca","tag-villaler-ca"],"yoast_head":"<!-- This site is optimized with the Yoast SEO plugin v27.5 - https:\/\/yoast.com\/product\/yoast-seo-wordpress\/ -->\n<title>GRAN PEDALS FOC D&#039;OCCIT\u00c0NIA - Rutes Entre Refugis<\/title>\n<meta name=\"robots\" content=\"index, follow, max-snippet:-1, max-image-preview:large, max-video-preview:-1\" \/>\n<link rel=\"canonical\" href=\"https:\/\/rutesentrerefugis.com\/index.php\/2021\/01\/27\/gran-pedals-foc-occitania\/\" \/>\n<meta property=\"og:locale\" content=\"es_ES\" \/>\n<meta property=\"og:type\" content=\"article\" \/>\n<meta property=\"og:title\" content=\"GRAN PEDALS FOC D&#039;OCCIT\u00c0NIA - Rutes Entre Refugis\" \/>\n<meta property=\"og:description\" content=\"\u00b7 GRAN PEDALS FOC D&#8217;OCCIT\u00c0NIA \u00b7 UBICACI\u00d3 P. N. d&#8217;Aig\u00fcestortes i Estany de Sant MauriciP.N. de l&#8217;Alt PirineuVall FoscaVall de LuchonVall d&#8217;Oueil COMARQUES Pallars Juss\u00e0Pallars\" \/>\n<meta property=\"og:url\" content=\"https:\/\/rutesentrerefugis.com\/index.php\/2021\/01\/27\/gran-pedals-foc-occitania\/\" \/>\n<meta property=\"og:site_name\" content=\"Rutes Entre Refugis\" \/>\n<meta property=\"article:published_time\" content=\"2021-01-27T17:24:00+00:00\" \/>\n<meta property=\"article:modified_time\" content=\"2025-08-29T10:03:40+00:00\" \/>\n<meta property=\"og:image\" content=\"https:\/\/rutesentrerefugis.com\/wp-content\/uploads\/2022\/12\/Gran-Pedals-Foc-Occitania-NW.jpg\" \/>\n\t<meta property=\"og:image:width\" content=\"400\" \/>\n\t<meta property=\"og:image:height\" content=\"280\" \/>\n\t<meta property=\"og:image:type\" content=\"image\/jpeg\" \/>\n<meta name=\"author\" content=\"Rutes Entre Refugis\" \/>\n<meta name=\"twitter:card\" content=\"summary_large_image\" \/>\n<meta name=\"twitter:label1\" content=\"Escrito por\" \/>\n\t<meta name=\"twitter:data1\" content=\"Rutes Entre Refugis\" \/>\n\t<meta name=\"twitter:label2\" content=\"Tiempo de lectura\" \/>\n\t<meta name=\"twitter:data2\" content=\"7 minutos\" \/>\n<script type=\"application\/ld+json\" class=\"yoast-schema-graph\">{\"@context\":\"https:\\\/\\\/schema.org\",\"@graph\":[{\"@type\":\"Article\",\"@id\":\"https:\\\/\\\/rutesentrerefugis.com\\\/index.php\\\/2021\\\/01\\\/27\\\/gran-pedals-foc-occitania\\\/#article\",\"isPartOf\":{\"@id\":\"https:\\\/\\\/rutesentrerefugis.com\\\/index.php\\\/2021\\\/01\\\/27\\\/gran-pedals-foc-occitania\\\/\"},\"author\":{\"name\":\"Rutes Entre Refugis\",\"@id\":\"https:\\\/\\\/rutesentrerefugis.com\\\/#\\\/schema\\\/person\\\/6e6f59c84210840610f19bafce39adc2\"},\"headline\":\"GRAN PEDALS FOC D&#8217;OCCIT\u00c0NIA\",\"datePublished\":\"2021-01-27T17:24:00+00:00\",\"dateModified\":\"2025-08-29T10:03:40+00:00\",\"mainEntityOfPage\":{\"@id\":\"https:\\\/\\\/rutesentrerefugis.com\\\/index.php\\\/2021\\\/01\\\/27\\\/gran-pedals-foc-occitania\\\/\"},\"wordCount\":403,\"commentCount\":0,\"publisher\":{\"@id\":\"https:\\\/\\\/rutesentrerefugis.com\\\/#organization\"},\"image\":{\"@id\":\"https:\\\/\\\/rutesentrerefugis.com\\\/index.php\\\/2021\\\/01\\\/27\\\/gran-pedals-foc-occitania\\\/#primaryimage\"},\"thumbnailUrl\":\"https:\\\/\\\/rutesentrerefugis.com\\\/wp-content\\\/uploads\\\/2022\\\/12\\\/Gran-Pedals-Foc-Occitania-NW.jpg\",\"keywords\":[\"Al\u00f2s d\u2019Isil\",\"Art\u00edes\",\"Astell\",\"Bagergue\",\"Betr\u00e9n\",\"Bor\u00e9n\",\"Casarilh\",\"Castellars\",\"Encantats\",\"Erta\",\"Espot\",\"Espui\",\"Gar\u00f2s\",\"Gessa\",\"Ginast\",\"Gotarta\",\"Guir\u00f3\",\"Iran\",\"Irgo\",\"Isil\",\"La Torre de Capdella\",\"Les Esgl\u00e8sies\",\"Malp\u00e0s\",\"Montgarri\",\"Pallars Jussa\",\"Pallars Sobira\",\"Parc Nacional d\u2019Aig\u00fcestortes i Estany de Sant Maurici\",\"Pedals de Foc\",\"Raons\",\"Ribagor\u00e7a\",\"Sant Maurici\",\"Sas\",\"Senet\",\"Son\",\"Sorpe\",\"Unha\",\"Val d\u2019Aran\",\"Val\u00e8ncia d\u2019\u00c0neu\",\"Vall de Boi\",\"Vielha\",\"Villaler\"],\"articleSection\":[\"BTT\",\"Occitania\",\"PN Aiguestortes\"],\"inLanguage\":\"es\",\"potentialAction\":[{\"@type\":\"CommentAction\",\"name\":\"Comment\",\"target\":[\"https:\\\/\\\/rutesentrerefugis.com\\\/index.php\\\/2021\\\/01\\\/27\\\/gran-pedals-foc-occitania\\\/#respond\"]}]},{\"@type\":\"WebPage\",\"@id\":\"https:\\\/\\\/rutesentrerefugis.com\\\/index.php\\\/2021\\\/01\\\/27\\\/gran-pedals-foc-occitania\\\/\",\"url\":\"https:\\\/\\\/rutesentrerefugis.com\\\/index.php\\\/2021\\\/01\\\/27\\\/gran-pedals-foc-occitania\\\/\",\"name\":\"GRAN PEDALS FOC D'OCCIT\u00c0NIA - Rutes Entre Refugis\",\"isPartOf\":{\"@id\":\"https:\\\/\\\/rutesentrerefugis.com\\\/#website\"},\"primaryImageOfPage\":{\"@id\":\"https:\\\/\\\/rutesentrerefugis.com\\\/index.php\\\/2021\\\/01\\\/27\\\/gran-pedals-foc-occitania\\\/#primaryimage\"},\"image\":{\"@id\":\"https:\\\/\\\/rutesentrerefugis.com\\\/index.php\\\/2021\\\/01\\\/27\\\/gran-pedals-foc-occitania\\\/#primaryimage\"},\"thumbnailUrl\":\"https:\\\/\\\/rutesentrerefugis.com\\\/wp-content\\\/uploads\\\/2022\\\/12\\\/Gran-Pedals-Foc-Occitania-NW.jpg\",\"datePublished\":\"2021-01-27T17:24:00+00:00\",\"dateModified\":\"2025-08-29T10:03:40+00:00\",\"breadcrumb\":{\"@id\":\"https:\\\/\\\/rutesentrerefugis.com\\\/index.php\\\/2021\\\/01\\\/27\\\/gran-pedals-foc-occitania\\\/#breadcrumb\"},\"inLanguage\":\"es\",\"potentialAction\":[{\"@type\":\"ReadAction\",\"target\":[\"https:\\\/\\\/rutesentrerefugis.com\\\/index.php\\\/2021\\\/01\\\/27\\\/gran-pedals-foc-occitania\\\/\"]}]},{\"@type\":\"ImageObject\",\"inLanguage\":\"es\",\"@id\":\"https:\\\/\\\/rutesentrerefugis.com\\\/index.php\\\/2021\\\/01\\\/27\\\/gran-pedals-foc-occitania\\\/#primaryimage\",\"url\":\"https:\\\/\\\/rutesentrerefugis.com\\\/wp-content\\\/uploads\\\/2022\\\/12\\\/Gran-Pedals-Foc-Occitania-NW.jpg\",\"contentUrl\":\"https:\\\/\\\/rutesentrerefugis.com\\\/wp-content\\\/uploads\\\/2022\\\/12\\\/Gran-Pedals-Foc-Occitania-NW.jpg\",\"width\":400,\"height\":280},{\"@type\":\"BreadcrumbList\",\"@id\":\"https:\\\/\\\/rutesentrerefugis.com\\\/index.php\\\/2021\\\/01\\\/27\\\/gran-pedals-foc-occitania\\\/#breadcrumb\",\"itemListElement\":[{\"@type\":\"ListItem\",\"position\":1,\"name\":\"Inici\",\"item\":\"https:\\\/\\\/rutesentrerefugis.com\\\/\"},{\"@type\":\"ListItem\",\"position\":2,\"name\":\"GRAN PEDALS FOC D&#8217;OCCIT\u00c0NIA\"}]},{\"@type\":\"WebSite\",\"@id\":\"https:\\\/\\\/rutesentrerefugis.com\\\/#website\",\"url\":\"https:\\\/\\\/rutesentrerefugis.com\\\/\",\"name\":\"Rutes Entre Refugis\",\"description\":\"Caminant sota un nom\",\"publisher\":{\"@id\":\"https:\\\/\\\/rutesentrerefugis.com\\\/#organization\"},\"potentialAction\":[{\"@type\":\"SearchAction\",\"target\":{\"@type\":\"EntryPoint\",\"urlTemplate\":\"https:\\\/\\\/rutesentrerefugis.com\\\/?s={search_term_string}\"},\"query-input\":{\"@type\":\"PropertyValueSpecification\",\"valueRequired\":true,\"valueName\":\"search_term_string\"}}],\"inLanguage\":\"es\"},{\"@type\":\"Organization\",\"@id\":\"https:\\\/\\\/rutesentrerefugis.com\\\/#organization\",\"name\":\"Rutes Entre Refugis\",\"url\":\"https:\\\/\\\/rutesentrerefugis.com\\\/\",\"logo\":{\"@type\":\"ImageObject\",\"inLanguage\":\"es\",\"@id\":\"https:\\\/\\\/rutesentrerefugis.com\\\/#\\\/schema\\\/logo\\\/image\\\/\",\"url\":\"https:\\\/\\\/rutesentrerefugis.com\\\/wp-content\\\/uploads\\\/2022\\\/08\\\/RutesEntreRefugis-Blanc-Retina-1.png\",\"contentUrl\":\"https:\\\/\\\/rutesentrerefugis.com\\\/wp-content\\\/uploads\\\/2022\\\/08\\\/RutesEntreRefugis-Blanc-Retina-1.png\",\"width\":400,\"height\":400,\"caption\":\"Rutes Entre Refugis\"},\"image\":{\"@id\":\"https:\\\/\\\/rutesentrerefugis.com\\\/#\\\/schema\\\/logo\\\/image\\\/\"}},{\"@type\":\"Person\",\"@id\":\"https:\\\/\\\/rutesentrerefugis.com\\\/#\\\/schema\\\/person\\\/6e6f59c84210840610f19bafce39adc2\",\"name\":\"Rutes Entre Refugis\",\"image\":{\"@type\":\"ImageObject\",\"inLanguage\":\"es\",\"@id\":\"https:\\\/\\\/rutesentrerefugis.com\\\/wp-content\\\/uploads\\\/2023\\\/05\\\/avatar_user_2_1683354561-96x96.jpg\",\"url\":\"https:\\\/\\\/rutesentrerefugis.com\\\/wp-content\\\/uploads\\\/2023\\\/05\\\/avatar_user_2_1683354561-96x96.jpg\",\"contentUrl\":\"https:\\\/\\\/rutesentrerefugis.com\\\/wp-content\\\/uploads\\\/2023\\\/05\\\/avatar_user_2_1683354561-96x96.jpg\",\"caption\":\"Rutes Entre Refugis\"},\"url\":\"https:\\\/\\\/rutesentrerefugis.com\\\/index.php\\\/author\\\/entre-refugis\\\/\"}]}<\/script>\n<!-- \/ Yoast SEO plugin. -->","yoast_head_json":{"title":"GRAN PEDALS FOC D'OCCIT\u00c0NIA - Rutes Entre Refugis","robots":{"index":"index","follow":"follow","max-snippet":"max-snippet:-1","max-image-preview":"max-image-preview:large","max-video-preview":"max-video-preview:-1"},"canonical":"https:\/\/rutesentrerefugis.com\/index.php\/2021\/01\/27\/gran-pedals-foc-occitania\/","og_locale":"es_ES","og_type":"article","og_title":"GRAN PEDALS FOC D'OCCIT\u00c0NIA - Rutes Entre Refugis","og_description":"\u00b7 GRAN PEDALS FOC D&#8217;OCCIT\u00c0NIA \u00b7 UBICACI\u00d3 P. N. d&#8217;Aig\u00fcestortes i Estany de Sant MauriciP.N. de l&#8217;Alt PirineuVall FoscaVall de LuchonVall d&#8217;Oueil COMARQUES Pallars Juss\u00e0Pallars","og_url":"https:\/\/rutesentrerefugis.com\/index.php\/2021\/01\/27\/gran-pedals-foc-occitania\/","og_site_name":"Rutes Entre Refugis","article_published_time":"2021-01-27T17:24:00+00:00","article_modified_time":"2025-08-29T10:03:40+00:00","og_image":[{"width":400,"height":280,"url":"https:\/\/rutesentrerefugis.com\/wp-content\/uploads\/2022\/12\/Gran-Pedals-Foc-Occitania-NW.jpg","type":"image\/jpeg"}],"author":"Rutes Entre Refugis","twitter_card":"summary_large_image","twitter_misc":{"Escrito por":"Rutes Entre Refugis","Tiempo de lectura":"7 minutos"},"schema":{"@context":"https:\/\/schema.org","@graph":[{"@type":"Article","@id":"https:\/\/rutesentrerefugis.com\/index.php\/2021\/01\/27\/gran-pedals-foc-occitania\/#article","isPartOf":{"@id":"https:\/\/rutesentrerefugis.com\/index.php\/2021\/01\/27\/gran-pedals-foc-occitania\/"},"author":{"name":"Rutes Entre Refugis","@id":"https:\/\/rutesentrerefugis.com\/#\/schema\/person\/6e6f59c84210840610f19bafce39adc2"},"headline":"GRAN PEDALS FOC D&#8217;OCCIT\u00c0NIA","datePublished":"2021-01-27T17:24:00+00:00","dateModified":"2025-08-29T10:03:40+00:00","mainEntityOfPage":{"@id":"https:\/\/rutesentrerefugis.com\/index.php\/2021\/01\/27\/gran-pedals-foc-occitania\/"},"wordCount":403,"commentCount":0,"publisher":{"@id":"https:\/\/rutesentrerefugis.com\/#organization"},"image":{"@id":"https:\/\/rutesentrerefugis.com\/index.php\/2021\/01\/27\/gran-pedals-foc-occitania\/#primaryimage"},"thumbnailUrl":"https:\/\/rutesentrerefugis.com\/wp-content\/uploads\/2022\/12\/Gran-Pedals-Foc-Occitania-NW.jpg","keywords":["Al\u00f2s d\u2019Isil","Art\u00edes","Astell","Bagergue","Betr\u00e9n","Bor\u00e9n","Casarilh","Castellars","Encantats","Erta","Espot","Espui","Gar\u00f2s","Gessa","Ginast","Gotarta","Guir\u00f3","Iran","Irgo","Isil","La Torre de Capdella","Les Esgl\u00e8sies","Malp\u00e0s","Montgarri","Pallars Jussa","Pallars Sobira","Parc Nacional d\u2019Aig\u00fcestortes i Estany de Sant Maurici","Pedals de Foc","Raons","Ribagor\u00e7a","Sant Maurici","Sas","Senet","Son","Sorpe","Unha","Val d\u2019Aran","Val\u00e8ncia d\u2019\u00c0neu","Vall de Boi","Vielha","Villaler"],"articleSection":["BTT","Occitania","PN Aiguestortes"],"inLanguage":"es","potentialAction":[{"@type":"CommentAction","name":"Comment","target":["https:\/\/rutesentrerefugis.com\/index.php\/2021\/01\/27\/gran-pedals-foc-occitania\/#respond"]}]},{"@type":"WebPage","@id":"https:\/\/rutesentrerefugis.com\/index.php\/2021\/01\/27\/gran-pedals-foc-occitania\/","url":"https:\/\/rutesentrerefugis.com\/index.php\/2021\/01\/27\/gran-pedals-foc-occitania\/","name":"GRAN PEDALS FOC D'OCCIT\u00c0NIA - Rutes Entre Refugis","isPartOf":{"@id":"https:\/\/rutesentrerefugis.com\/#website"},"primaryImageOfPage":{"@id":"https:\/\/rutesentrerefugis.com\/index.php\/2021\/01\/27\/gran-pedals-foc-occitania\/#primaryimage"},"image":{"@id":"https:\/\/rutesentrerefugis.com\/index.php\/2021\/01\/27\/gran-pedals-foc-occitania\/#primaryimage"},"thumbnailUrl":"https:\/\/rutesentrerefugis.com\/wp-content\/uploads\/2022\/12\/Gran-Pedals-Foc-Occitania-NW.jpg","datePublished":"2021-01-27T17:24:00+00:00","dateModified":"2025-08-29T10:03:40+00:00","breadcrumb":{"@id":"https:\/\/rutesentrerefugis.com\/index.php\/2021\/01\/27\/gran-pedals-foc-occitania\/#breadcrumb"},"inLanguage":"es","potentialAction":[{"@type":"ReadAction","target":["https:\/\/rutesentrerefugis.com\/index.php\/2021\/01\/27\/gran-pedals-foc-occitania\/"]}]},{"@type":"ImageObject","inLanguage":"es","@id":"https:\/\/rutesentrerefugis.com\/index.php\/2021\/01\/27\/gran-pedals-foc-occitania\/#primaryimage","url":"https:\/\/rutesentrerefugis.com\/wp-content\/uploads\/2022\/12\/Gran-Pedals-Foc-Occitania-NW.jpg","contentUrl":"https:\/\/rutesentrerefugis.com\/wp-content\/uploads\/2022\/12\/Gran-Pedals-Foc-Occitania-NW.jpg","width":400,"height":280},{"@type":"BreadcrumbList","@id":"https:\/\/rutesentrerefugis.com\/index.php\/2021\/01\/27\/gran-pedals-foc-occitania\/#breadcrumb","itemListElement":[{"@type":"ListItem","position":1,"name":"Inici","item":"https:\/\/rutesentrerefugis.com\/"},{"@type":"ListItem","position":2,"name":"GRAN PEDALS FOC D&#8217;OCCIT\u00c0NIA"}]},{"@type":"WebSite","@id":"https:\/\/rutesentrerefugis.com\/#website","url":"https:\/\/rutesentrerefugis.com\/","name":"Rutes Entre Refugis","description":"Caminant sota un nom","publisher":{"@id":"https:\/\/rutesentrerefugis.com\/#organization"},"potentialAction":[{"@type":"SearchAction","target":{"@type":"EntryPoint","urlTemplate":"https:\/\/rutesentrerefugis.com\/?s={search_term_string}"},"query-input":{"@type":"PropertyValueSpecification","valueRequired":true,"valueName":"search_term_string"}}],"inLanguage":"es"},{"@type":"Organization","@id":"https:\/\/rutesentrerefugis.com\/#organization","name":"Rutes Entre Refugis","url":"https:\/\/rutesentrerefugis.com\/","logo":{"@type":"ImageObject","inLanguage":"es","@id":"https:\/\/rutesentrerefugis.com\/#\/schema\/logo\/image\/","url":"https:\/\/rutesentrerefugis.com\/wp-content\/uploads\/2022\/08\/RutesEntreRefugis-Blanc-Retina-1.png","contentUrl":"https:\/\/rutesentrerefugis.com\/wp-content\/uploads\/2022\/08\/RutesEntreRefugis-Blanc-Retina-1.png","width":400,"height":400,"caption":"Rutes Entre Refugis"},"image":{"@id":"https:\/\/rutesentrerefugis.com\/#\/schema\/logo\/image\/"}},{"@type":"Person","@id":"https:\/\/rutesentrerefugis.com\/#\/schema\/person\/6e6f59c84210840610f19bafce39adc2","name":"Rutes Entre Refugis","image":{"@type":"ImageObject","inLanguage":"es","@id":"https:\/\/rutesentrerefugis.com\/wp-content\/uploads\/2023\/05\/avatar_user_2_1683354561-96x96.jpg","url":"https:\/\/rutesentrerefugis.com\/wp-content\/uploads\/2023\/05\/avatar_user_2_1683354561-96x96.jpg","contentUrl":"https:\/\/rutesentrerefugis.com\/wp-content\/uploads\/2023\/05\/avatar_user_2_1683354561-96x96.jpg","caption":"Rutes Entre Refugis"},"url":"https:\/\/rutesentrerefugis.com\/index.php\/author\/entre-refugis\/"}]}},"_links":{"self":[{"href":"https:\/\/rutesentrerefugis.com\/index.php\/wp-json\/wp\/v2\/posts\/4033","targetHints":{"allow":["GET"]}}],"collection":[{"href":"https:\/\/rutesentrerefugis.com\/index.php\/wp-json\/wp\/v2\/posts"}],"about":[{"href":"https:\/\/rutesentrerefugis.com\/index.php\/wp-json\/wp\/v2\/types\/post"}],"author":[{"embeddable":true,"href":"https:\/\/rutesentrerefugis.com\/index.php\/wp-json\/wp\/v2\/users\/2"}],"replies":[{"embeddable":true,"href":"https:\/\/rutesentrerefugis.com\/index.php\/wp-json\/wp\/v2\/comments?post=4033"}],"version-history":[{"count":53,"href":"https:\/\/rutesentrerefugis.com\/index.php\/wp-json\/wp\/v2\/posts\/4033\/revisions"}],"predecessor-version":[{"id":27776,"href":"https:\/\/rutesentrerefugis.com\/index.php\/wp-json\/wp\/v2\/posts\/4033\/revisions\/27776"}],"wp:featuredmedia":[{"embeddable":true,"href":"https:\/\/rutesentrerefugis.com\/index.php\/wp-json\/wp\/v2\/media\/4034"}],"wp:attachment":[{"href":"https:\/\/rutesentrerefugis.com\/index.php\/wp-json\/wp\/v2\/media?parent=4033"}],"wp:term":[{"taxonomy":"category","embeddable":true,"href":"https:\/\/rutesentrerefugis.com\/index.php\/wp-json\/wp\/v2\/categories?post=4033"},{"taxonomy":"post_tag","embeddable":true,"href":"https:\/\/rutesentrerefugis.com\/index.php\/wp-json\/wp\/v2\/tags?post=4033"}],"curies":[{"name":"wp","href":"https:\/\/api.w.org\/{rel}","templated":true}]}}