{"id":4290,"date":"2021-04-10T16:50:00","date_gmt":"2021-04-10T16:50:00","guid":{"rendered":"https:\/\/nova.rutesentrerefugis.com\/?p=4290"},"modified":"2024-04-25T11:28:51","modified_gmt":"2024-04-25T11:28:51","slug":"mapes-amb-historia-editorial-alpina","status":"publish","type":"post","link":"https:\/\/rutesentrerefugis.com\/index.php\/2021\/04\/10\/mapes-amb-historia-editorial-alpina\/","title":{"rendered":"MAPES AMB HIST\u00d2RIA"},"content":{"rendered":"\t\t<div data-elementor-type=\"wp-post\" data-elementor-id=\"4290\" class=\"elementor elementor-4290\" data-elementor-post-type=\"post\">\n\t\t\t\t\t\t<section class=\"elementor-section elementor-top-section elementor-element elementor-element-95df28b elementor-section-full_width elementor-section-height-default elementor-section-height-default\" data-id=\"95df28b\" data-element_type=\"section\" data-e-type=\"section\" data-settings=\"{&quot;background_background&quot;:&quot;classic&quot;}\">\n\t\t\t\t\t\t<div class=\"elementor-container elementor-column-gap-default\">\n\t\t\t\t\t<div class=\"elementor-column elementor-col-100 elementor-top-column elementor-element elementor-element-84065af\" data-id=\"84065af\" data-element_type=\"column\" data-e-type=\"column\">\n\t\t\t<div class=\"elementor-widget-wrap elementor-element-populated\">\n\t\t\t\t\t\t<div class=\"elementor-element elementor-element-c09c1a0 elementor-widget elementor-widget-image\" data-id=\"c09c1a0\" data-element_type=\"widget\" data-e-type=\"widget\" data-widget_type=\"image.default\">\n\t\t\t\t<div class=\"elementor-widget-container\">\n\t\t\t\t\t\t\t\t\t\t\t\t\t\t\t<img fetchpriority=\"high\" decoding=\"async\" width=\"2000\" height=\"450\" src=\"https:\/\/rutesentrerefugis.com\/wp-content\/uploads\/2022\/12\/Mapes-amb-Historia-Cap.jpg\" class=\"attachment-full size-full wp-image-4300\" alt=\"\" srcset=\"https:\/\/rutesentrerefugis.com\/wp-content\/uploads\/2022\/12\/Mapes-amb-Historia-Cap.jpg 2000w, https:\/\/rutesentrerefugis.com\/wp-content\/uploads\/2022\/12\/Mapes-amb-Historia-Cap-300x68.jpg 300w, https:\/\/rutesentrerefugis.com\/wp-content\/uploads\/2022\/12\/Mapes-amb-Historia-Cap-1024x230.jpg 1024w, https:\/\/rutesentrerefugis.com\/wp-content\/uploads\/2022\/12\/Mapes-amb-Historia-Cap-768x173.jpg 768w, https:\/\/rutesentrerefugis.com\/wp-content\/uploads\/2022\/12\/Mapes-amb-Historia-Cap-1536x346.jpg 1536w\" sizes=\"(max-width: 2000px) 100vw, 2000px\" \/>\t\t\t\t\t\t\t\t\t\t\t\t\t\t\t<\/div>\n\t\t\t\t<\/div>\n\t\t\t\t\t<\/div>\n\t\t<\/div>\n\t\t\t\t\t<\/div>\n\t\t<\/section>\n\t\t\t\t<section class=\"elementor-section elementor-top-section elementor-element elementor-element-c2db30a elementor-section-full_width elementor-section-height-default elementor-section-height-default\" data-id=\"c2db30a\" data-element_type=\"section\" data-e-type=\"section\" data-settings=\"{&quot;background_background&quot;:&quot;classic&quot;}\">\n\t\t\t\t\t\t<div class=\"elementor-container elementor-column-gap-default\">\n\t\t\t\t\t<div class=\"elementor-column elementor-col-100 elementor-top-column elementor-element elementor-element-7702d15\" data-id=\"7702d15\" data-element_type=\"column\" data-e-type=\"column\">\n\t\t\t<div class=\"elementor-widget-wrap elementor-element-populated\">\n\t\t\t\t\t\t<div class=\"elementor-element elementor-element-d6bdcec elementor-widget elementor-widget-heading\" data-id=\"d6bdcec\" data-element_type=\"widget\" data-e-type=\"widget\" data-widget_type=\"heading.default\">\n\t\t\t\t<div class=\"elementor-widget-container\">\n\t\t\t\t\t<h2 class=\"elementor-heading-title elementor-size-default\">MAPES AMB HIST\u00d2RIA<\/h2>\t\t\t\t<\/div>\n\t\t\t\t<\/div>\n\t\t\t\t\t<\/div>\n\t\t<\/div>\n\t\t\t\t\t<\/div>\n\t\t<\/section>\n\t\t\t\t<section class=\"elementor-section elementor-top-section elementor-element elementor-element-d4773d0 elementor-section-full_width elementor-section-height-default elementor-section-height-default\" data-id=\"d4773d0\" data-element_type=\"section\" data-e-type=\"section\" data-settings=\"{&quot;background_background&quot;:&quot;classic&quot;}\">\n\t\t\t\t\t\t<div class=\"elementor-container elementor-column-gap-default\">\n\t\t\t\t\t<div class=\"elementor-column elementor-col-100 elementor-top-column elementor-element elementor-element-a8be536\" data-id=\"a8be536\" data-element_type=\"column\" data-e-type=\"column\">\n\t\t\t<div class=\"elementor-widget-wrap elementor-element-populated\">\n\t\t\t\t\t\t<div class=\"elementor-element elementor-element-7b5d92c elementor-widget-divider--view-line elementor-widget elementor-widget-divider\" data-id=\"7b5d92c\" data-element_type=\"widget\" data-e-type=\"widget\" data-widget_type=\"divider.default\">\n\t\t\t\t<div class=\"elementor-widget-container\">\n\t\t\t\t\t\t\t<div class=\"elementor-divider\">\n\t\t\t<span class=\"elementor-divider-separator\">\n\t\t\t\t\t\t<\/span>\n\t\t<\/div>\n\t\t\t\t\t\t<\/div>\n\t\t\t\t<\/div>\n\t\t\t\t\t<\/div>\n\t\t<\/div>\n\t\t\t\t\t<\/div>\n\t\t<\/section>\n\t\t\t\t<section class=\"elementor-section elementor-top-section elementor-element elementor-element-88c38ed elementor-section-full_width elementor-section-height-default elementor-section-height-default\" data-id=\"88c38ed\" data-element_type=\"section\" data-e-type=\"section\">\n\t\t\t\t\t\t<div class=\"elementor-container elementor-column-gap-default\">\n\t\t\t\t\t<div class=\"elementor-column elementor-col-100 elementor-top-column elementor-element elementor-element-27365fc\" data-id=\"27365fc\" data-element_type=\"column\" data-e-type=\"column\">\n\t\t\t<div class=\"elementor-widget-wrap elementor-element-populated\">\n\t\t\t\t\t\t<div class=\"elementor-element elementor-element-a8716c3 elementor-widget elementor-widget-spacer\" data-id=\"a8716c3\" data-element_type=\"widget\" data-e-type=\"widget\" data-widget_type=\"spacer.default\">\n\t\t\t\t<div class=\"elementor-widget-container\">\n\t\t\t\t\t\t\t<div class=\"elementor-spacer\">\n\t\t\t<div class=\"elementor-spacer-inner\"><\/div>\n\t\t<\/div>\n\t\t\t\t\t\t<\/div>\n\t\t\t\t<\/div>\n\t\t\t\t\t<\/div>\n\t\t<\/div>\n\t\t\t\t\t<\/div>\n\t\t<\/section>\n\t\t\t\t<section class=\"elementor-section elementor-top-section elementor-element elementor-element-22508a8 elementor-section-full_width elementor-section-height-default elementor-section-height-default\" data-id=\"22508a8\" data-element_type=\"section\" data-e-type=\"section\">\n\t\t\t\t\t\t<div class=\"elementor-container elementor-column-gap-default\">\n\t\t\t\t\t<div class=\"elementor-column elementor-col-100 elementor-top-column elementor-element elementor-element-4f16c46\" data-id=\"4f16c46\" data-element_type=\"column\" data-e-type=\"column\">\n\t\t\t<div class=\"elementor-widget-wrap elementor-element-populated\">\n\t\t\t\t\t\t<div class=\"elementor-element elementor-element-b239672 elementor-widget elementor-widget-heading\" data-id=\"b239672\" data-element_type=\"widget\" data-e-type=\"widget\" data-widget_type=\"heading.default\">\n\t\t\t\t<div class=\"elementor-widget-container\">\n\t\t\t\t\t<h2 class=\"elementor-heading-title elementor-size-default\">\u00abEDITORIAL ALPINA\u00bb<\/h2>\t\t\t\t<\/div>\n\t\t\t\t<\/div>\n\t\t\t\t\t<\/div>\n\t\t<\/div>\n\t\t\t\t\t<\/div>\n\t\t<\/section>\n\t\t\t\t<section class=\"elementor-section elementor-top-section elementor-element elementor-element-d03fa05 elementor-section-full_width elementor-section-height-default elementor-section-height-default\" data-id=\"d03fa05\" data-element_type=\"section\" data-e-type=\"section\">\n\t\t\t\t\t\t<div class=\"elementor-container elementor-column-gap-default\">\n\t\t\t\t\t<div class=\"elementor-column elementor-col-100 elementor-top-column elementor-element elementor-element-c4e6e7c\" data-id=\"c4e6e7c\" data-element_type=\"column\" data-e-type=\"column\">\n\t\t\t<div class=\"elementor-widget-wrap elementor-element-populated\">\n\t\t\t\t\t\t<div class=\"elementor-element elementor-element-c9b0e54 elementor-widget elementor-widget-text-editor\" data-id=\"c9b0e54\" data-element_type=\"widget\" data-e-type=\"widget\" data-widget_type=\"text-editor.default\">\n\t\t\t\t<div class=\"elementor-widget-container\">\n\t\t\t\t\t\t\t\t\t<p>Cr\u00f2nica escrita per CLARA BLANCHAR (<img decoding=\"async\" class=\"scale-with-grid\" src=\"http:\/\/rutesentrerefugis.com\/wp-content\/uploads\/2021\/03\/Twitter-10-Negre.jpg\" alt=\"\" \/>@clarablanchar), periodista del diari EL PA\u00cdS i col\u00b7laboradora de la revista V\u00c8RTEX.<br \/>Publicada a la revista V\u00c8RTEX n\u00famero 291<\/p>\t\t\t\t\t\t\t\t<\/div>\n\t\t\t\t<\/div>\n\t\t\t\t\t<\/div>\n\t\t<\/div>\n\t\t\t\t\t<\/div>\n\t\t<\/section>\n\t\t\t\t<section class=\"elementor-section elementor-top-section elementor-element elementor-element-df088b6 elementor-section-full_width elementor-section-height-default elementor-section-height-default\" data-id=\"df088b6\" data-element_type=\"section\" data-e-type=\"section\">\n\t\t\t\t\t\t<div class=\"elementor-container elementor-column-gap-default\">\n\t\t\t\t\t<div class=\"elementor-column elementor-col-100 elementor-top-column elementor-element elementor-element-298e764\" data-id=\"298e764\" data-element_type=\"column\" data-e-type=\"column\">\n\t\t\t<div class=\"elementor-widget-wrap elementor-element-populated\">\n\t\t\t\t\t\t<div class=\"elementor-element elementor-element-8e13bf9 elementor-widget elementor-widget-text-editor\" data-id=\"8e13bf9\" data-element_type=\"widget\" data-e-type=\"widget\" data-widget_type=\"text-editor.default\">\n\t\t\t\t<div class=\"elementor-widget-container\">\n\t\t\t\t\t\t\t\t\t<h5><span lang=\"en-US\">Tres quarts de segle d&#8217;hist\u00f2ria s\u00f3n els que acumula la veterana editorial Alpina en la seva ingent aportaci\u00f3 a la cartografia excursionista catalana. Per\u00f2 no nom\u00e9s catalana, sin\u00f3 tamb\u00e9 de tots els Pirineus i d&#8217;Espanya; i no nom\u00e9s en l&#8217;edici\u00f3 de mapes, ja que Alpina tamb\u00e9 publica guies d&#8217;excursionisme, natura i esports de muntanya.<\/span><\/h5>\t\t\t\t\t\t\t\t<\/div>\n\t\t\t\t<\/div>\n\t\t\t\t\t<\/div>\n\t\t<\/div>\n\t\t\t\t\t<\/div>\n\t\t<\/section>\n\t\t\t\t<section class=\"elementor-section elementor-top-section elementor-element elementor-element-8742cf0 elementor-section-full_width elementor-section-height-default elementor-section-height-default\" data-id=\"8742cf0\" data-element_type=\"section\" data-e-type=\"section\">\n\t\t\t\t\t\t<div class=\"elementor-container elementor-column-gap-default\">\n\t\t\t\t\t<div class=\"elementor-column elementor-col-100 elementor-top-column elementor-element elementor-element-ed56909\" data-id=\"ed56909\" data-element_type=\"column\" data-e-type=\"column\">\n\t\t\t<div class=\"elementor-widget-wrap elementor-element-populated\">\n\t\t\t\t\t\t<div class=\"elementor-element elementor-element-dce3b4b elementor-widget elementor-widget-image\" data-id=\"dce3b4b\" data-element_type=\"widget\" data-e-type=\"widget\" data-widget_type=\"image.default\">\n\t\t\t\t<div class=\"elementor-widget-container\">\n\t\t\t\t\t\t\t\t\t\t\t\t<figure class=\"wp-caption\">\n\t\t\t\t\t\t\t\t\t\t<img decoding=\"async\" width=\"2000\" height=\"1270\" src=\"https:\/\/rutesentrerefugis.com\/wp-content\/uploads\/2022\/12\/Mapes-amb-Historia-01.jpg\" class=\"attachment-full size-full wp-image-4313\" alt=\"\" srcset=\"https:\/\/rutesentrerefugis.com\/wp-content\/uploads\/2022\/12\/Mapes-amb-Historia-01.jpg 2000w, https:\/\/rutesentrerefugis.com\/wp-content\/uploads\/2022\/12\/Mapes-amb-Historia-01-300x191.jpg 300w, https:\/\/rutesentrerefugis.com\/wp-content\/uploads\/2022\/12\/Mapes-amb-Historia-01-1024x650.jpg 1024w, https:\/\/rutesentrerefugis.com\/wp-content\/uploads\/2022\/12\/Mapes-amb-Historia-01-768x488.jpg 768w, https:\/\/rutesentrerefugis.com\/wp-content\/uploads\/2022\/12\/Mapes-amb-Historia-01-1536x975.jpg 1536w\" sizes=\"(max-width: 2000px) 100vw, 2000px\" \/>\t\t\t\t\t\t\t\t\t\t\t<figcaption class=\"widget-image-caption wp-caption-text\">El Posets des del cim del Perdiguero, al Pirineu aragon\u00e8s.<\/br>La cartografia no nom\u00e9s ens ubica en l'entorn, sin\u00f3 que reprodueix una cultura i una hist\u00f2ria per mitj\u00e0 dels top\u00f2nims de cada territori. (\u00a9 Jaume Tort)<\/figcaption>\n\t\t\t\t\t\t\t\t\t\t<\/figure>\n\t\t\t\t\t\t\t\t\t<\/div>\n\t\t\t\t<\/div>\n\t\t\t\t\t<\/div>\n\t\t<\/div>\n\t\t\t\t\t<\/div>\n\t\t<\/section>\n\t\t\t\t<section class=\"elementor-section elementor-top-section elementor-element elementor-element-d7a90e4 elementor-section-full_width elementor-section-height-default elementor-section-height-default\" data-id=\"d7a90e4\" data-element_type=\"section\" data-e-type=\"section\">\n\t\t\t\t\t\t<div class=\"elementor-container elementor-column-gap-default\">\n\t\t\t\t\t<div class=\"elementor-column elementor-col-100 elementor-top-column elementor-element elementor-element-153c029\" data-id=\"153c029\" data-element_type=\"column\" data-e-type=\"column\">\n\t\t\t<div class=\"elementor-widget-wrap elementor-element-populated\">\n\t\t\t\t\t\t<div class=\"elementor-element elementor-element-d152be4 elementor-widget elementor-widget-text-editor\" data-id=\"d152be4\" data-element_type=\"widget\" data-e-type=\"widget\" data-widget_type=\"text-editor.default\">\n\t\t\t\t<div class=\"elementor-widget-container\">\n\t\t\t\t\t\t\t\t\t<h4><span style=\"color: #000000;\"><span lang=\"en-US\"><u>DELS MAPES A INSTAGRAM<\/u><\/span><\/span><\/h4>\n<h5>Que aixequi la m\u00e0 el lector que no hagi posat mai un dit damunt d&#8217;un mapa de l&#8217;editorial Alpina. Cap? Tots sabem del que estem parlant? Seguim. La popular editora de cartografia excursionista i guies de muntanya \u00e9s a punt de fer 75 anys, una xifra rodona que t\u00e9 molt de m\u00e8rit quan tot vira fren\u00e8ticament cap als suports digitals. Per\u00f2 per molta i forta que sigui la colonitzaci\u00f3 d&#8217;Internet, Wikiloc i els GPS, els mapes de paper continuen tenint el seu lloc, tamb\u00e9 millorats gr\u00e0cies a la tecnologia digital.<\/br>\n<\/br>\n\u226aTu penges un mapa en un refugi, a la recepci\u00f3 d&#8217;un hotel o en un restaurant i \u00e9s com un imant: sempre estar\u00e0 envoltat de gent. Arribes a dalt d&#8217;un cim, treus el mapa i passa el mateix: se t&#8217;acosta una gentada a mirar-lo\u226b. Ho diu en Mart\u00ed Nadal, director de l&#8217;editorial i vehement quan defensa la cartografia. Gaireb\u00e9 en fa apologia. O, m\u00e9s que apologia, posa els mapes en valor. \u226aEl mapa \u00e9s primordial per planificar, per saber per on passar\u00e0s, per tenir perspectiva. No \u00e9s incompatible amb un rellotge amb GPS, per\u00f2 per seguretat no \u00e9s el mateix veure qu\u00e8 tens al voltant que limitar-te nom\u00e9s a una pantalleta. Un mapa el gaudeixes abans, durant i despr\u00e9s. El comparteixes&#8230; \u00c9s la vida\u226b. Nadal lamenta la poca cultura cartogr\u00e0fica que hi ha en aquestes latituds. A difer\u00e8ncia, troba a faltar, de Fran\u00e7a: \u226aAll\u00e0 venen el doble de mapes perqu\u00e8 des de petits saben on van\u226b.<\/h5>\t\t\t\t\t\t\t\t<\/div>\n\t\t\t\t<\/div>\n\t\t\t\t\t<\/div>\n\t\t<\/div>\n\t\t\t\t\t<\/div>\n\t\t<\/section>\n\t\t\t\t<section class=\"elementor-section elementor-top-section elementor-element elementor-element-dfb7f8a elementor-section-full_width elementor-section-height-default elementor-section-height-default\" data-id=\"dfb7f8a\" data-element_type=\"section\" data-e-type=\"section\">\n\t\t\t\t\t\t<div class=\"elementor-container elementor-column-gap-default\">\n\t\t\t\t\t<div class=\"elementor-column elementor-col-50 elementor-top-column elementor-element elementor-element-8d298a0\" data-id=\"8d298a0\" data-element_type=\"column\" data-e-type=\"column\">\n\t\t\t<div class=\"elementor-widget-wrap elementor-element-populated\">\n\t\t\t\t\t\t<div class=\"elementor-element elementor-element-7d10cd1 elementor-widget elementor-widget-image\" data-id=\"7d10cd1\" data-element_type=\"widget\" data-e-type=\"widget\" data-widget_type=\"image.default\">\n\t\t\t\t<div class=\"elementor-widget-container\">\n\t\t\t\t\t\t\t\t\t\t\t\t<figure class=\"wp-caption\">\n\t\t\t\t\t\t\t\t\t\t<img decoding=\"async\" width=\"1000\" height=\"700\" src=\"https:\/\/rutesentrerefugis.com\/wp-content\/uploads\/2022\/12\/Mapes-amb-Historia-02.jpg\" class=\"attachment-full size-full wp-image-4318\" alt=\"\" srcset=\"https:\/\/rutesentrerefugis.com\/wp-content\/uploads\/2022\/12\/Mapes-amb-Historia-02.jpg 1000w, https:\/\/rutesentrerefugis.com\/wp-content\/uploads\/2022\/12\/Mapes-amb-Historia-02-300x210.jpg 300w, https:\/\/rutesentrerefugis.com\/wp-content\/uploads\/2022\/12\/Mapes-amb-Historia-02-768x538.jpg 768w\" sizes=\"(max-width: 1000px) 100vw, 1000px\" \/>\t\t\t\t\t\t\t\t\t\t\t<figcaption class=\"widget-image-caption wp-caption-text\">Cany\u00f3 d'A\u00f1isclo, les Tres Sorores i les Tres Mar\u00edas, al mass\u00eds del Mont Perdut.<\/br>El mapa d'Ordesa y Monte Perdido ha estat el m\u00e9s venut de la hist\u00f2ria de l'editorial Alpina.<\/br>(\u00a9 Joan L\u00f3pez)<\/figcaption>\n\t\t\t\t\t\t\t\t\t\t<\/figure>\n\t\t\t\t\t\t\t\t\t<\/div>\n\t\t\t\t<\/div>\n\t\t\t\t\t<\/div>\n\t\t<\/div>\n\t\t\t\t<div class=\"elementor-column elementor-col-50 elementor-top-column elementor-element elementor-element-d2fb044\" data-id=\"d2fb044\" data-element_type=\"column\" data-e-type=\"column\">\n\t\t\t<div class=\"elementor-widget-wrap elementor-element-populated\">\n\t\t\t\t\t\t<div class=\"elementor-element elementor-element-838bcee elementor-widget elementor-widget-image\" data-id=\"838bcee\" data-element_type=\"widget\" data-e-type=\"widget\" data-widget_type=\"image.default\">\n\t\t\t\t<div class=\"elementor-widget-container\">\n\t\t\t\t\t\t\t\t\t\t\t\t<figure class=\"wp-caption\">\n\t\t\t\t\t\t\t\t\t\t<img loading=\"lazy\" decoding=\"async\" width=\"1000\" height=\"700\" src=\"https:\/\/rutesentrerefugis.com\/wp-content\/uploads\/2022\/12\/Mapes-amb-Historia-03.jpg\" class=\"attachment-full size-full wp-image-4319\" alt=\"\" srcset=\"https:\/\/rutesentrerefugis.com\/wp-content\/uploads\/2022\/12\/Mapes-amb-Historia-03.jpg 1000w, https:\/\/rutesentrerefugis.com\/wp-content\/uploads\/2022\/12\/Mapes-amb-Historia-03-300x210.jpg 300w, https:\/\/rutesentrerefugis.com\/wp-content\/uploads\/2022\/12\/Mapes-amb-Historia-03-768x538.jpg 768w\" sizes=\"(max-width: 1000px) 100vw, 1000px\" \/>\t\t\t\t\t\t\t\t\t\t\t<figcaption class=\"widget-image-caption wp-caption-text\">El primer mapa Alpina va ser el de Sant Lloren\u00e7 del Munt<\/br>i la segona publicaci\u00f3, el Manual de alpinismo.<\/br>Totes dues obres daten de 1946, l'any de la fundaci\u00f3 de l'editorial a Granollers. (\u00a9 Clara Blanchar)<\/figcaption>\n\t\t\t\t\t\t\t\t\t\t<\/figure>\n\t\t\t\t\t\t\t\t\t<\/div>\n\t\t\t\t<\/div>\n\t\t\t\t\t<\/div>\n\t\t<\/div>\n\t\t\t\t\t<\/div>\n\t\t<\/section>\n\t\t\t\t<section class=\"elementor-section elementor-top-section elementor-element elementor-element-8ff0afd elementor-section-full_width elementor-section-height-default elementor-section-height-default\" data-id=\"8ff0afd\" data-element_type=\"section\" data-e-type=\"section\">\n\t\t\t\t\t\t<div class=\"elementor-container elementor-column-gap-default\">\n\t\t\t\t\t<div class=\"elementor-column elementor-col-100 elementor-top-column elementor-element elementor-element-6e82def\" data-id=\"6e82def\" data-element_type=\"column\" data-e-type=\"column\">\n\t\t\t<div class=\"elementor-widget-wrap elementor-element-populated\">\n\t\t\t\t\t\t<div class=\"elementor-element elementor-element-9e21748 elementor-widget elementor-widget-text-editor\" data-id=\"9e21748\" data-element_type=\"widget\" data-e-type=\"widget\" data-widget_type=\"text-editor.default\">\n\t\t\t\t<div class=\"elementor-widget-container\">\n\t\t\t\t\t\t\t\t\t<h5>Alpina \u00e9s encara avui en dia una empresa familiar amb seu a Granollers, on tenen dos locals: en un les oficines i l&#8217;arxiu; i a l&#8217;altre, el magatzem. L&#8217;editorial pertany als descendents d&#8217;un dels quatre fundadors de 1946, Salvador Llobet, i t\u00e9 quatre treballadors i una vasta xarxa de col\u00b7laboradors: bi\u00f2legs, ge\u00f2grafs i persones del territori que fan treball de camp i coneixen la topon\u00edmia local. \u226aPer molta informaci\u00f3 que tinguem, ens hem de despla\u00e7ar: hi ha fonts que no saps si ragen, cal parlar amb la gent gran per saber com es diuen, de cada lloc&#8230;\u226b, defensa en Mart\u00ed. A m\u00e9s, cal anar de la m\u00e0 d&#8217;entitats, parcs naturals o consells comarcals. Aix\u00ed i tot, sempre hi ha qui els avisa de correccions a fer, sobretot de topon\u00edmia molt local de llocs o camins.<\/br>\n<\/br>\n\u226aAlpina existeix perqu\u00e8 complementem la cartografia oficial, l&#8217;enriquim i l&#8217;adaptem per a l&#8217;excursionisme\u226b, explica Nadal. Fins als anys 80 la base eren mapes militars, del Servicio Cartogr\u00e1fico del Ej\u00e9rcito, i despr\u00e9s van arribar els de l&#8217;Instituto Geogr\u00e1fico Nacional de Espa\u00f1a i de l&#8217;Institut Cartogr\u00e0fic de Catalunya. \u226aL&#8217;Alpina va fer un salt qualitatiu amb la incorporaci\u00f3 de tecnologia a finals dels anys noranta. Permet tenir m\u00e9s precisi\u00f3, m\u00e9s claredat i m\u00e9s rapidesa a l&#8217;hora de fer actualitzacions\u226b, diu en Mart\u00ed. Els primers mapes, els de les cobertes verda, taronja, vermella o marr\u00f3, es feien a m\u00e0 i les correccions s&#8217;afegien amb paper vegetal. Mant\u00e9 que \u226al&#8217;ess\u00e8ncia \u00e9s la mateixa del 46, tot i que els mitjans de captura de la informaci\u00f3 s\u00f3n molt m\u00e9s precisos\u226b. En el cas dels parcs naturals, els seus t\u00e8cnics s\u00f3n els qui tenen l&#8217;\u00faltima paraula. Tamb\u00e9 quan demanen no senyalar camins o paratges que conv\u00e9 preservar. \u226aEscolto la gent. L&#8217;equilibri entre posar o no posar \u00e9s delicat. Posem uns gorgs? Ho fem o no ho fem? M&#8217;agrada pensar que la persona que va fins a una llibreria i compra un mapa \u00e9s dif\u00edcil que no sigui respectuosa\u226b, argumenta.<\/br>\n<\/br>\nMart\u00ed Nadal no s&#8217;atraveix a contestar si Alpina \u00e9s l\u00edder a Espanya. \u226aNo ho s\u00e9, per\u00f2 som els qui tenim m\u00e9s cartografia d&#8217;Espanya\u226b, respon. Ara mateix el hit de l&#8217;editorial, el m\u00e9s venut, \u00e9s el mapa d&#8217;excursions per Mallorca, dirigit al p\u00fablic alemany. Nom\u00e9s de la serra de Tramuntana, Alpina t\u00e9 nou productes. I l&#8217;editorial t\u00e9 delegaci\u00f3 a l&#8217;illa i edita en sis idiomes: catal\u00e0, castell\u00e0, franc\u00e8s, angl\u00e8s, alemany i eusquera quan toquen al Pa\u00eds Basc. Rebobinant en el temps, no hi ha dubte: el m\u00e9s venut \u00e9s el mapa d&#8217;Ordesa. I descomptant el Pirineu (de punta a punta i del dret i del rev\u00e9s) i la resta de Catalunya, tenen material de \u226atot el que tingui inter\u00e8s\u226b: Sierra Nevada, Cabo de Gata, Picos de Europa, illes Can\u00e0ries. L&#8217;editorial tamb\u00e9 va editar mapes i guies d&#8217;Andalusia.<\/h5>\t\t\t\t\t\t\t\t<\/div>\n\t\t\t\t<\/div>\n\t\t\t\t\t<\/div>\n\t\t<\/div>\n\t\t\t\t\t<\/div>\n\t\t<\/section>\n\t\t\t\t<section class=\"elementor-section elementor-top-section elementor-element elementor-element-d02dff8 elementor-section-full_width elementor-section-height-default elementor-section-height-default\" data-id=\"d02dff8\" data-element_type=\"section\" data-e-type=\"section\">\n\t\t\t\t\t\t<div class=\"elementor-container elementor-column-gap-default\">\n\t\t\t\t\t<div class=\"elementor-column elementor-col-50 elementor-top-column elementor-element elementor-element-911c45a\" data-id=\"911c45a\" data-element_type=\"column\" data-e-type=\"column\">\n\t\t\t<div class=\"elementor-widget-wrap elementor-element-populated\">\n\t\t\t\t\t\t<div class=\"elementor-element elementor-element-abb4df2 elementor-widget elementor-widget-image\" data-id=\"abb4df2\" data-element_type=\"widget\" data-e-type=\"widget\" data-widget_type=\"image.default\">\n\t\t\t\t<div class=\"elementor-widget-container\">\n\t\t\t\t\t\t\t\t\t\t\t\t\t\t\t<img loading=\"lazy\" decoding=\"async\" width=\"1000\" height=\"750\" src=\"https:\/\/rutesentrerefugis.com\/wp-content\/uploads\/2022\/12\/Mapes-amb-Historia-04.jpg\" class=\"attachment-full size-full wp-image-4332\" alt=\"\" srcset=\"https:\/\/rutesentrerefugis.com\/wp-content\/uploads\/2022\/12\/Mapes-amb-Historia-04.jpg 1000w, https:\/\/rutesentrerefugis.com\/wp-content\/uploads\/2022\/12\/Mapes-amb-Historia-04-300x225.jpg 300w, https:\/\/rutesentrerefugis.com\/wp-content\/uploads\/2022\/12\/Mapes-amb-Historia-04-768x576.jpg 768w\" sizes=\"(max-width: 1000px) 100vw, 1000px\" \/>\t\t\t\t\t\t\t\t\t\t\t\t\t\t\t<\/div>\n\t\t\t\t<\/div>\n\t\t\t\t\t<\/div>\n\t\t<\/div>\n\t\t\t\t<div class=\"elementor-column elementor-col-50 elementor-top-column elementor-element elementor-element-9c419e7\" data-id=\"9c419e7\" data-element_type=\"column\" data-e-type=\"column\">\n\t\t\t<div class=\"elementor-widget-wrap elementor-element-populated\">\n\t\t\t\t\t\t<div class=\"elementor-element elementor-element-9ce8403 elementor-widget elementor-widget-text-editor\" data-id=\"9ce8403\" data-element_type=\"widget\" data-e-type=\"widget\" data-widget_type=\"text-editor.default\">\n\t\t\t\t<div class=\"elementor-widget-container\">\n\t\t\t\t\t\t\t\t\t<h5>A banda dels mapes, Alpina edita amb molt d&#8217;\u00e8xit guies familiars, de natura, travesses, senders GR, guies excursionistes, d&#8217;esqu\u00ed de muntanya, de vies ferrades, etc. Com a norma general, reediten cada dos anys.<\/br>\n<\/br>\nTamb\u00e9 treballen per enc\u00e0rrec. Fan, per exemple, els mapes oficials per a curses de muntanya i ultratrails, o impressions especials per penjar. Els plafons informatius de l&#8217;entorn i mapes del refugi Els Estudis d&#8217;Espinavell, per exemple, els van fer ells. Fins i tot han impr\u00e8s estovalles o estores de benvinguda.<\/br>\n<\/br>\nA part hi ha productes \u00fanics, com el detallad\u00edssim mapa <em>Monte Perdido<\/em> d&#8217;escala 1:15.000; o una d\u00e8ria del mateix Nadal que pocs veien clara, per\u00f2 que ja va per la tercera edici\u00f3: un mapa del Pirineu de punta a punta que fa dos metres. En total, el cat\u00e0leg t\u00e9 120 productes i editen tres o quatre mapes i guies a l&#8217;any. \u226aCada vegada costa m\u00e9s\u226b, assegura en Mart\u00ed, \u226aperqu\u00e8 amb el tema tecnol\u00f2gic hi ha de tot. Abans no hi havia res i ara vas a l&#8217;oficina de turisme i el primer que et donen \u00e9s un mapa: \u226aNo sabem si som cultura, turisme o esport&#8230; Som de tot\u226b, llan\u00e7a el director de l&#8217;editorial, que es queixa obertament de la \u226azero pres\u00e8ncia als mitjans que t\u00e9 la cartografia\u226b.<\/h5>\t\t\t\t\t\t\t\t<\/div>\n\t\t\t\t<\/div>\n\t\t\t\t\t<\/div>\n\t\t<\/div>\n\t\t\t\t\t<\/div>\n\t\t<\/section>\n\t\t\t\t<section class=\"elementor-section elementor-top-section elementor-element elementor-element-4003676 elementor-section-full_width elementor-section-height-default elementor-section-height-default\" data-id=\"4003676\" data-element_type=\"section\" data-e-type=\"section\">\n\t\t\t\t\t\t<div class=\"elementor-container elementor-column-gap-default\">\n\t\t\t\t\t<div class=\"elementor-column elementor-col-100 elementor-top-column elementor-element elementor-element-ea9473f\" data-id=\"ea9473f\" data-element_type=\"column\" data-e-type=\"column\">\n\t\t\t<div class=\"elementor-widget-wrap elementor-element-populated\">\n\t\t\t\t\t\t<div class=\"elementor-element elementor-element-e5dde9f elementor-widget elementor-widget-text-editor\" data-id=\"e5dde9f\" data-element_type=\"widget\" data-e-type=\"widget\" data-widget_type=\"text-editor.default\">\n\t\t\t\t<div class=\"elementor-widget-container\">\n\t\t\t\t\t\t\t\t\t<h5>Ells s\u00ed que fan un esfor\u00e7 per ampliar aquesta pres\u00e8ncia a les xarxes socials: \u226aS\u00f3n un aparador: Facebook per al producte, Instagram per a les fotos\u226b. Els canals de venda d&#8217;Alpina s\u00f3n les botigues dels pobles de les zones que tracten, allotjaments o les llibreries especialitzades. I Internet? \u226aEn volum, representa les comandes d&#8217;una llibreria de les que m\u00e9s compra\u226b. De les llibreries que m\u00e9s anys fa que despatxen mapes de l&#8217;Alpina, n\u00b4hi ha una que guanya l&#8217;editorial en anys. \u00c9s l&#8217;antiga i centen\u00e0ria Quera, al carrer de Petritxol de Barcelona, reconvertida en Espai Quera des que, a m\u00e9s de ser un dels epicentres de la cultura excursionista, tamb\u00e9 ofereix vins i <em>platillos<\/em>.<\/br>\n<\/br>\nAl capdavant hi ha en Raimon Quera, quarta generaci\u00f3 i net d&#8217;un dels fundadors d&#8217;Alpina. \u226aLa cartografia et d\u00f3na la independ\u00e8ncia. \u00c9s com quan et treus el carnet de conduir amb 18 anys; si saps llegir un mapa, el m\u00f3n \u00e9s teu\u226b, diu Quera amb un entusiasme que celebra \u226ala inquietud de qui s&#8217;interessa per l&#8217;entorn\u226b i que contrasta amb \u226aqui ja en t\u00e9 prou amb un <em>track<\/em> sense saber quins arbres ha vist, quin cim ha pujat, ni per quin mas ha passat\u226b. En Raimon aplaudeix com Alpina s&#8217;ha adaptat als temps: \u226aDes que la gent que anava a la muntanya va sentir la necessitat de tenir una cartografia m\u00e9s acurada que els fulls oficials, ha sabut evolucionar amb les noves eines i estan publicant mapes de gran precisi\u00f3. La millor prova de com ho fan \u00e9s que aguanten. Si la societat avan\u00e7a i tu no, ning\u00fa t&#8217;espera\u226b, assegura qui ha viscut la necessitat de reinventar-se. A la pregunta de Mart\u00ed Nadal, la del significat d&#8217;un mapa, t\u00e9 clara la resposta: \u226aUn mapa \u00e9s cultura. Et reflecteix l&#8217;entorn, el que t&#8217;envolta, et permet imaginar que ets un puntet que es mou i troba una font o un corriol. Un mapa te&#8217;l camines, \u00e9s un luxe, \u00e9s collonut, \u00e9s una gran eina tot i que no tothom la sap llegir\u226b. Quera discrepa amb el director de l&#8217;editorial quan compara la cartografia que fa l&#8217;Alpina amb la francesa: \u226aAlpina t&#8217;aporta m\u00e9s que els mapes oficials perqu\u00e8 s&#8217;atreveix a marcar possibles ascensions. Als mapes francesos hi surt estrictament el que hi ha\u226b.<\/br>\n<\/br>\nDes de Vic, el propietari de la llibreria Muntanya de Llibres, Xevi Cortacans, encara assenyala un altre valor de l&#8217;editorial de Granollers: \u226a\u00c9s una anomalia a nivell europeu o mundial. No hi ha gaires editorials privades que facin un treball tan rigor\u00f3s i una escala 1:25.000. Fan mapes 1:40.000 o 1:50.000, no estan pensats per fer excursions. La clau es troba en el rigor, en la feina artesana. Si fan els mapes de les curses, \u00e9s perqu\u00e8 tenen un prestigi\u226b. Cortacans explica que tot i el que pugui semblar, hi ha gent de totes les edats que compra mapes: \u226aQui ja ha fet tots els cl\u00e0ssics, encara que sigui jove, hi entra, s&#8217;hi interessa\u226b. I afegeix: \u226aTamb\u00e9 es nota qui ha tingut mapes a casa\u226b. El llibreter de Vic acaba amb una frase que semblaria m\u00e9s pr\u00f2pia d&#8217;un comercial que d&#8217;un client: \u226aL&#8217;Alpina \u00e9s com la Coca-Cola amb les begudes, \u00e9s el refresc per excel\u00b7l\u00e8ncia\u226b.<\/h5>\t\t\t\t\t\t\t\t<\/div>\n\t\t\t\t<\/div>\n\t\t\t\t\t<\/div>\n\t\t<\/div>\n\t\t\t\t\t<\/div>\n\t\t<\/section>\n\t\t\t\t<section class=\"elementor-section elementor-top-section elementor-element elementor-element-6176f36 elementor-section-full_width elementor-section-height-default elementor-section-height-default\" data-id=\"6176f36\" data-element_type=\"section\" data-e-type=\"section\">\n\t\t\t\t\t\t<div class=\"elementor-container elementor-column-gap-default\">\n\t\t\t\t\t<div class=\"elementor-column elementor-col-50 elementor-top-column elementor-element elementor-element-53a9a69\" data-id=\"53a9a69\" data-element_type=\"column\" data-e-type=\"column\">\n\t\t\t<div class=\"elementor-widget-wrap elementor-element-populated\">\n\t\t\t\t\t\t<div class=\"elementor-element elementor-element-072da71 elementor-widget elementor-widget-text-editor\" data-id=\"072da71\" data-element_type=\"widget\" data-e-type=\"widget\" data-widget_type=\"text-editor.default\">\n\t\t\t\t<div class=\"elementor-widget-container\">\n\t\t\t\t\t\t\t\t\t<h4><span style=\"color: #000000;\"><span lang=\"en-US\"><u>L&#8217;ALPINA NO PODIA NO TENIR EL CARLIT<\/u><\/span><\/span><\/h4>\n<h5>Encara \u00e9rem a la fase 1 de la crisi del coronavirus quan en Mart\u00ed Nadal demanava a qui firma aquestes l\u00ednies que s&#8217;esper\u00e9s. \u226aSi t&#8217;esperes, arribaran les carpetes del mapa del Carlit i te&#8217;l podr\u00e0s endur\u226b. El van avisar. Van arribar. Repartidor: \u226aBon dia, aqu\u00ed les tens\u226b, i les caixes ja s\u00f3n al magatzem. Faltava obrir-les, amb una emoci\u00f3 que nom\u00e9s s&#8217;explica quan hi ha molta feina darrere. \u226aL&#8217;Alpina no podia no tenir el Carlit\u226b, deia Nadal amb la satisfacci\u00f3 de qui elimina una cosa d&#8217;una llista de tasques pendents. I plegava la carpeta per ficar-hi el mapa. Perqu\u00e8 el <em>Carlit-Bollosa<\/em> estrena a m\u00e9s un nou format: en lloc de la guia que fins ara ha acompanyat els mapes, la presentaci\u00f3 consisteix ara en una carpeta m\u00e9s sint\u00e8tica i visual que es desplega en tres parts, com un tr\u00edptic. Per cert, que durant l&#8217;estat d&#8217;alarma el mapa m\u00e9s venut per Alpina va ser el <em>Guadarrama-Pedriza<\/em>, les dues serres on els madrilenys van poder fugir aix\u00ed que els canvis ho van permetre.<\/h5>\t\t\t\t\t\t\t\t<\/div>\n\t\t\t\t<\/div>\n\t\t\t\t\t<\/div>\n\t\t<\/div>\n\t\t\t\t<div class=\"elementor-column elementor-col-50 elementor-top-column elementor-element elementor-element-f61ede2\" data-id=\"f61ede2\" data-element_type=\"column\" data-e-type=\"column\">\n\t\t\t<div class=\"elementor-widget-wrap elementor-element-populated\">\n\t\t\t\t\t\t<div class=\"elementor-element elementor-element-ec6b3f5 elementor-widget elementor-widget-image\" data-id=\"ec6b3f5\" data-element_type=\"widget\" data-e-type=\"widget\" data-widget_type=\"image.default\">\n\t\t\t\t<div class=\"elementor-widget-container\">\n\t\t\t\t\t\t\t\t\t\t\t\t<figure class=\"wp-caption\">\n\t\t\t\t\t\t\t\t\t\t<img loading=\"lazy\" decoding=\"async\" width=\"1000\" height=\"570\" src=\"https:\/\/rutesentrerefugis.com\/wp-content\/uploads\/2022\/12\/Mapes-amb-Historia-05.jpg\" class=\"attachment-full size-full wp-image-4351\" alt=\"\" srcset=\"https:\/\/rutesentrerefugis.com\/wp-content\/uploads\/2022\/12\/Mapes-amb-Historia-05.jpg 1000w, https:\/\/rutesentrerefugis.com\/wp-content\/uploads\/2022\/12\/Mapes-amb-Historia-05-300x171.jpg 300w, https:\/\/rutesentrerefugis.com\/wp-content\/uploads\/2022\/12\/Mapes-amb-Historia-05-768x438.jpg 768w\" sizes=\"(max-width: 1000px) 100vw, 1000px\" \/>\t\t\t\t\t\t\t\t\t\t\t<figcaption class=\"widget-image-caption wp-caption-text\">Carpeta del mapa Carlit-Bollosa (\u00a9 Clara Blanchar)<\/figcaption>\n\t\t\t\t\t\t\t\t\t\t<\/figure>\n\t\t\t\t\t\t\t\t\t<\/div>\n\t\t\t\t<\/div>\n\t\t\t\t\t<\/div>\n\t\t<\/div>\n\t\t\t\t\t<\/div>\n\t\t<\/section>\n\t\t\t\t<section class=\"elementor-section elementor-top-section elementor-element elementor-element-d636ae4 elementor-section-full_width elementor-section-height-default elementor-section-height-default\" data-id=\"d636ae4\" data-element_type=\"section\" data-e-type=\"section\" data-settings=\"{&quot;background_background&quot;:&quot;classic&quot;}\">\n\t\t\t\t\t\t<div class=\"elementor-container elementor-column-gap-default\">\n\t\t\t\t\t<div class=\"elementor-column elementor-col-33 elementor-top-column elementor-element elementor-element-1144d0e\" data-id=\"1144d0e\" data-element_type=\"column\" data-e-type=\"column\">\n\t\t\t<div class=\"elementor-widget-wrap elementor-element-populated\">\n\t\t\t\t\t\t<div class=\"elementor-element elementor-element-5c0e1a4 elementor-widget elementor-widget-image\" data-id=\"5c0e1a4\" data-element_type=\"widget\" data-e-type=\"widget\" data-widget_type=\"image.default\">\n\t\t\t\t<div class=\"elementor-widget-container\">\n\t\t\t\t\t\t\t\t\t\t\t\t\t\t\t<img loading=\"lazy\" decoding=\"async\" width=\"300\" height=\"515\" src=\"https:\/\/rutesentrerefugis.com\/wp-content\/uploads\/2022\/12\/Rutes-Accessibles-Alpina.jpg\" class=\"attachment-full size-full wp-image-4356\" alt=\"\" srcset=\"https:\/\/rutesentrerefugis.com\/wp-content\/uploads\/2022\/12\/Rutes-Accessibles-Alpina.jpg 300w, https:\/\/rutesentrerefugis.com\/wp-content\/uploads\/2022\/12\/Rutes-Accessibles-Alpina-175x300.jpg 175w\" sizes=\"(max-width: 300px) 100vw, 300px\" \/>\t\t\t\t\t\t\t\t\t\t\t\t\t\t\t<\/div>\n\t\t\t\t<\/div>\n\t\t\t\t\t<\/div>\n\t\t<\/div>\n\t\t\t\t<div class=\"elementor-column elementor-col-33 elementor-top-column elementor-element elementor-element-592bbc1\" data-id=\"592bbc1\" data-element_type=\"column\" data-e-type=\"column\">\n\t\t\t<div class=\"elementor-widget-wrap elementor-element-populated\">\n\t\t\t\t\t\t<div class=\"elementor-element elementor-element-f526230 elementor-widget elementor-widget-text-editor\" data-id=\"f526230\" data-element_type=\"widget\" data-e-type=\"widget\" data-widget_type=\"text-editor.default\">\n\t\t\t\t<div class=\"elementor-widget-container\">\n\t\t\t\t\t\t\t\t\t<h4><span style=\"color: #000000;\"><span lang=\"en-US\"><u>UNA GUIA DE RUTES ACCESSIBLES AMB CADIRES DE RODES<\/u><\/span><\/span><\/h4>\t\t\t\t\t\t\t\t<\/div>\n\t\t\t\t<\/div>\n\t\t\t\t<div class=\"elementor-element elementor-element-f8c17ac elementor-widget elementor-widget-text-editor\" data-id=\"f8c17ac\" data-element_type=\"widget\" data-e-type=\"widget\" data-widget_type=\"text-editor.default\">\n\t\t\t\t<div class=\"elementor-widget-container\">\n\t\t\t\t\t\t\t\t\t<h5>El t\u00edtol \u00e9s Rutes accessibles per Catalunya i neix de la tossuderia de l&#8217;Anna Maria G\u00f2dia, ve\u00efna d&#8217;Arenys de Mar. Fins que va n\u00e9ixer el seu fill Aran el seu temps lliure el dedicava amb el seu company a la muntanya. Per\u00f2 el nen, que ara t\u00e9 sis anys, va n\u00e9ixer amb una malaltia minorit\u00e0ria que no t\u00e9 ni nom. \u00c9s fruit d&#8217;una mutaci\u00f3 del gen STXBP1 i converteix els pacients en molt dependents. \u226aQuan va sortir de l&#8217;UCI, vam anar a fer un cim\u226b, diu tot mostrant com va afrontar la situaci\u00f3. \u226a\u00c9n cr\u00e9ixer vam haver de comprar un cotxet i vam comen\u00e7ar a buscar rutes aptes, amb bon terreny i gens de desnivell, per\u00f2 tot el que trob\u00e0vem eren passejadetes de 200 metres\u226b, relata. Aix\u00ed va comen\u00e7ar una recerca que ha acabat amb la guia, editada per Alpina i amb la col\u00b7laboraci\u00f3 de l&#8217;associaci\u00f3 STXBP1. Aquesta publicaci\u00f3 compila 20 rutes \u226ad&#8217;una hora o m\u00e9s\u226b, des de la primera que van trobar a Andorra \u226aa 1.700 metres, vistes i un llac al final\u226b, fins al Delta, Banyoles o els Aiguamolls de l&#8217;Empord\u00e0.<\/h5>\t\t\t\t\t\t\t\t<\/div>\n\t\t\t\t<\/div>\n\t\t\t\t\t<\/div>\n\t\t<\/div>\n\t\t\t\t<div class=\"elementor-column elementor-col-33 elementor-top-column elementor-element elementor-element-ffb6c17\" data-id=\"ffb6c17\" data-element_type=\"column\" data-e-type=\"column\">\n\t\t\t<div class=\"elementor-widget-wrap elementor-element-populated\">\n\t\t\t\t\t\t<div class=\"elementor-element elementor-element-88fb480 elementor-widget elementor-widget-image\" data-id=\"88fb480\" data-element_type=\"widget\" data-e-type=\"widget\" data-widget_type=\"image.default\">\n\t\t\t\t<div class=\"elementor-widget-container\">\n\t\t\t\t\t\t\t\t\t\t\t\t\t\t\t<img loading=\"lazy\" decoding=\"async\" width=\"300\" height=\"287\" src=\"https:\/\/rutesentrerefugis.com\/wp-content\/uploads\/2022\/12\/Rutes-Accessibles-Alpina-Rutes.jpg\" class=\"attachment-full size-full wp-image-4357\" alt=\"\" \/>\t\t\t\t\t\t\t\t\t\t\t\t\t\t\t<\/div>\n\t\t\t\t<\/div>\n\t\t\t\t\t<\/div>\n\t\t<\/div>\n\t\t\t\t\t<\/div>\n\t\t<\/section>\n\t\t\t\t<section class=\"elementor-section elementor-top-section elementor-element elementor-element-aa8f872 elementor-section-full_width elementor-section-height-default elementor-section-height-default\" data-id=\"aa8f872\" data-element_type=\"section\" data-e-type=\"section\">\n\t\t\t\t\t\t<div class=\"elementor-container elementor-column-gap-default\">\n\t\t\t\t\t<div class=\"elementor-column elementor-col-100 elementor-top-column elementor-element elementor-element-cf94727\" data-id=\"cf94727\" data-element_type=\"column\" data-e-type=\"column\">\n\t\t\t<div class=\"elementor-widget-wrap elementor-element-populated\">\n\t\t\t\t\t\t<div class=\"elementor-element elementor-element-55d91d7 elementor-widget elementor-widget-spacer\" data-id=\"55d91d7\" data-element_type=\"widget\" data-e-type=\"widget\" data-widget_type=\"spacer.default\">\n\t\t\t\t<div class=\"elementor-widget-container\">\n\t\t\t\t\t\t\t<div class=\"elementor-spacer\">\n\t\t\t<div class=\"elementor-spacer-inner\"><\/div>\n\t\t<\/div>\n\t\t\t\t\t\t<\/div>\n\t\t\t\t<\/div>\n\t\t\t\t\t<\/div>\n\t\t<\/div>\n\t\t\t\t\t<\/div>\n\t\t<\/section>\n\t\t\t\t<section class=\"elementor-section elementor-top-section elementor-element elementor-element-0974111 elementor-section-full_width elementor-section-height-default elementor-section-height-default\" data-id=\"0974111\" data-element_type=\"section\" data-e-type=\"section\" data-settings=\"{&quot;background_background&quot;:&quot;classic&quot;}\">\n\t\t\t\t\t\t<div class=\"elementor-container elementor-column-gap-default\">\n\t\t\t\t\t<div class=\"elementor-column elementor-col-100 elementor-top-column elementor-element elementor-element-cc55e81\" data-id=\"cc55e81\" data-element_type=\"column\" data-e-type=\"column\">\n\t\t\t<div class=\"elementor-widget-wrap elementor-element-populated\">\n\t\t\t\t\t\t<div class=\"elementor-element elementor-element-29dcfc6 elementor-widget elementor-widget-image\" data-id=\"29dcfc6\" data-element_type=\"widget\" data-e-type=\"widget\" data-widget_type=\"image.default\">\n\t\t\t\t<div class=\"elementor-widget-container\">\n\t\t\t\t\t\t\t\t\t\t\t\t\t\t\t<img loading=\"lazy\" decoding=\"async\" width=\"100\" height=\"100\" src=\"https:\/\/rutesentrerefugis.com\/wp-content\/uploads\/2021\/04\/Clara-Blanchar-NW-Negre.jpg\" class=\"attachment-full size-full wp-image-7228\" alt=\"\" \/>\t\t\t\t\t\t\t\t\t\t\t\t\t\t\t<\/div>\n\t\t\t\t<\/div>\n\t\t\t\t<div class=\"elementor-element elementor-element-dff6861 elementor-widget elementor-widget-text-editor\" data-id=\"dff6861\" data-element_type=\"widget\" data-e-type=\"widget\" data-widget_type=\"text-editor.default\">\n\t\t\t\t<div class=\"elementor-widget-container\">\n\t\t\t\t\t\t\t\t\t<h4>CLARA BLANCHAR<\/h4>\n<h5>Periodista de la redacci\u00f3 de Barcelona del diari El Pa\u00eds, ha passat per les seccions d\u2019economia, pol\u00edtica, esports i municipal. La ciutat, l\u2019urbanisme i la mobilitat s\u00f3n les seves principals \u00e0rees informatives. Per prendre distancia intenta allunyar-se tant com pot de l\u2019asfalt per pedalar o caminar. Quan la informaci\u00f3 di\u00e0ria dona treva, col.labora amb Ciclosfera o V\u00e8rtex i t\u00e9 una mini secci\u00f3 setmanal al programa Aqu\u00ed Cun\u00ed de la Cadena SER.<\/h5>\t\t\t\t\t\t\t\t<\/div>\n\t\t\t\t<\/div>\n\t\t\t\t\t<\/div>\n\t\t<\/div>\n\t\t\t\t\t<\/div>\n\t\t<\/section>\n\t\t\t\t<section class=\"elementor-section elementor-top-section elementor-element elementor-element-c5916d8 elementor-section-full_width elementor-section-height-default elementor-section-height-default\" data-id=\"c5916d8\" data-element_type=\"section\" data-e-type=\"section\">\n\t\t\t\t\t\t<div class=\"elementor-container elementor-column-gap-default\">\n\t\t\t\t\t<div class=\"elementor-column elementor-col-100 elementor-top-column elementor-element elementor-element-eaf7d1c\" data-id=\"eaf7d1c\" data-element_type=\"column\" data-e-type=\"column\">\n\t\t\t<div class=\"elementor-widget-wrap elementor-element-populated\">\n\t\t\t\t\t\t<div class=\"elementor-element elementor-element-a4f2400 elementor-widget elementor-widget-spacer\" data-id=\"a4f2400\" data-element_type=\"widget\" data-e-type=\"widget\" data-widget_type=\"spacer.default\">\n\t\t\t\t<div class=\"elementor-widget-container\">\n\t\t\t\t\t\t\t<div class=\"elementor-spacer\">\n\t\t\t<div class=\"elementor-spacer-inner\"><\/div>\n\t\t<\/div>\n\t\t\t\t\t\t<\/div>\n\t\t\t\t<\/div>\n\t\t\t\t\t<\/div>\n\t\t<\/div>\n\t\t\t\t\t<\/div>\n\t\t<\/section>\n\t\t\t\t<section class=\"elementor-section elementor-top-section elementor-element elementor-element-d03f068 elementor-section-full_width elementor-section-height-default elementor-section-height-default\" data-id=\"d03f068\" data-element_type=\"section\" data-e-type=\"section\">\n\t\t\t\t\t\t<div class=\"elementor-container elementor-column-gap-default\">\n\t\t\t\t\t<div class=\"elementor-column elementor-col-100 elementor-top-column elementor-element elementor-element-67197d5\" data-id=\"67197d5\" data-element_type=\"column\" data-e-type=\"column\">\n\t\t\t<div class=\"elementor-widget-wrap elementor-element-populated\">\n\t\t\t\t\t\t<div class=\"elementor-element elementor-element-43b22c2 elementor-widget elementor-widget-heading\" data-id=\"43b22c2\" data-element_type=\"widget\" data-e-type=\"widget\" data-widget_type=\"heading.default\">\n\t\t\t\t<div class=\"elementor-widget-container\">\n\t\t\t\t\t<h5 class=\"elementor-heading-title elementor-size-default\"><font color=\"#999999\"><u>Per si vols compartir aquesta cr\u00f2nica<\/u><\/font><\/h5>\t\t\t\t<\/div>\n\t\t\t\t<\/div>\n\t\t\t\t\t<\/div>\n\t\t<\/div>\n\t\t\t\t\t<\/div>\n\t\t<\/section>\n\t\t\t\t<section class=\"elementor-section elementor-top-section elementor-element elementor-element-691fa33 elementor-section-full_width elementor-section-height-default elementor-section-height-default\" data-id=\"691fa33\" data-element_type=\"section\" data-e-type=\"section\">\n\t\t\t\t\t\t<div class=\"elementor-container elementor-column-gap-default\">\n\t\t\t\t\t<div class=\"elementor-column elementor-col-100 elementor-top-column elementor-element elementor-element-45d5ec7\" data-id=\"45d5ec7\" data-element_type=\"column\" data-e-type=\"column\">\n\t\t\t<div class=\"elementor-widget-wrap elementor-element-populated\">\n\t\t\t\t\t\t<div class=\"elementor-element elementor-element-75ed3c8 elementor-share-buttons--view-icon elementor-share-buttons--skin-framed elementor-share-buttons--shape-circle elementor-share-buttons--color-custom elementor-grid-0 elementor-widget elementor-widget-share-buttons\" data-id=\"75ed3c8\" data-element_type=\"widget\" data-e-type=\"widget\" data-widget_type=\"share-buttons.default\">\n\t\t\t\t<div class=\"elementor-widget-container\">\n\t\t\t\t\t\t\t<div class=\"elementor-grid\" role=\"list\">\n\t\t\t\t\t\t\t\t<div class=\"elementor-grid-item\" role=\"listitem\">\n\t\t\t\t\t\t<div class=\"elementor-share-btn elementor-share-btn_facebook\" role=\"button\" tabindex=\"0\" aria-label=\"Compartici\u00f3 en facebook\">\n\t\t\t\t\t\t\t\t\t\t\t\t\t\t\t<span class=\"elementor-share-btn__icon\">\n\t\t\t\t\t\t\t\t<i class=\"fab fa-facebook\" aria-hidden=\"true\"><\/i>\t\t\t\t\t\t\t<\/span>\n\t\t\t\t\t\t\t\t\t\t\t\t\t\t\t\t\t\t\t\t<\/div>\n\t\t\t\t\t<\/div>\n\t\t\t\t\t\t\t\t\t<div class=\"elementor-grid-item\" role=\"listitem\">\n\t\t\t\t\t\t<div class=\"elementor-share-btn elementor-share-btn_twitter\" role=\"button\" tabindex=\"0\" aria-label=\"Compartici\u00f3 en twitter\">\n\t\t\t\t\t\t\t\t\t\t\t\t\t\t\t<span class=\"elementor-share-btn__icon\">\n\t\t\t\t\t\t\t\t<i class=\"fab fa-twitter\" aria-hidden=\"true\"><\/i>\t\t\t\t\t\t\t<\/span>\n\t\t\t\t\t\t\t\t\t\t\t\t\t\t\t\t\t\t\t\t<\/div>\n\t\t\t\t\t<\/div>\n\t\t\t\t\t\t\t\t\t<div class=\"elementor-grid-item\" role=\"listitem\">\n\t\t\t\t\t\t<div class=\"elementor-share-btn elementor-share-btn_telegram\" role=\"button\" tabindex=\"0\" aria-label=\"Compartici\u00f3 en telegram\">\n\t\t\t\t\t\t\t\t\t\t\t\t\t\t\t<span class=\"elementor-share-btn__icon\">\n\t\t\t\t\t\t\t\t<i class=\"fab fa-telegram\" aria-hidden=\"true\"><\/i>\t\t\t\t\t\t\t<\/span>\n\t\t\t\t\t\t\t\t\t\t\t\t\t\t\t\t\t\t\t\t<\/div>\n\t\t\t\t\t<\/div>\n\t\t\t\t\t\t\t\t\t<div class=\"elementor-grid-item\" role=\"listitem\">\n\t\t\t\t\t\t<div class=\"elementor-share-btn elementor-share-btn_pinterest\" role=\"button\" tabindex=\"0\" aria-label=\"Compartici\u00f3 en pinterest\">\n\t\t\t\t\t\t\t\t\t\t\t\t\t\t\t<span class=\"elementor-share-btn__icon\">\n\t\t\t\t\t\t\t\t<i class=\"fab fa-pinterest\" aria-hidden=\"true\"><\/i>\t\t\t\t\t\t\t<\/span>\n\t\t\t\t\t\t\t\t\t\t\t\t\t\t\t\t\t\t\t\t<\/div>\n\t\t\t\t\t<\/div>\n\t\t\t\t\t\t\t\t\t<div class=\"elementor-grid-item\" role=\"listitem\">\n\t\t\t\t\t\t<div class=\"elementor-share-btn elementor-share-btn_whatsapp\" role=\"button\" tabindex=\"0\" aria-label=\"Compartici\u00f3 en whatsapp\">\n\t\t\t\t\t\t\t\t\t\t\t\t\t\t\t<span class=\"elementor-share-btn__icon\">\n\t\t\t\t\t\t\t\t<i class=\"fab fa-whatsapp\" aria-hidden=\"true\"><\/i>\t\t\t\t\t\t\t<\/span>\n\t\t\t\t\t\t\t\t\t\t\t\t\t\t\t\t\t\t\t\t<\/div>\n\t\t\t\t\t<\/div>\n\t\t\t\t\t\t\t\t\t<div class=\"elementor-grid-item\" role=\"listitem\">\n\t\t\t\t\t\t<div class=\"elementor-share-btn elementor-share-btn_email\" role=\"button\" tabindex=\"0\" aria-label=\"Compartici\u00f3 en email\">\n\t\t\t\t\t\t\t\t\t\t\t\t\t\t\t<span class=\"elementor-share-btn__icon\">\n\t\t\t\t\t\t\t\t<i class=\"fas fa-envelope\" aria-hidden=\"true\"><\/i>\t\t\t\t\t\t\t<\/span>\n\t\t\t\t\t\t\t\t\t\t\t\t\t\t\t\t\t\t\t\t<\/div>\n\t\t\t\t\t<\/div>\n\t\t\t\t\t\t\t\t\t<div class=\"elementor-grid-item\" role=\"listitem\">\n\t\t\t\t\t\t<div class=\"elementor-share-btn elementor-share-btn_print\" role=\"button\" tabindex=\"0\" aria-label=\"Compartici\u00f3 en print\">\n\t\t\t\t\t\t\t\t\t\t\t\t\t\t\t<span class=\"elementor-share-btn__icon\">\n\t\t\t\t\t\t\t\t<i class=\"fas fa-print\" aria-hidden=\"true\"><\/i>\t\t\t\t\t\t\t<\/span>\n\t\t\t\t\t\t\t\t\t\t\t\t\t\t\t\t\t\t\t\t<\/div>\n\t\t\t\t\t<\/div>\n\t\t\t\t\t\t<\/div>\n\t\t\t\t\t\t<\/div>\n\t\t\t\t<\/div>\n\t\t\t\t\t<\/div>\n\t\t<\/div>\n\t\t\t\t\t<\/div>\n\t\t<\/section>\n\t\t\t\t<section class=\"elementor-section elementor-top-section elementor-element elementor-element-f8892df elementor-section-full_width elementor-section-height-default elementor-section-height-default\" data-id=\"f8892df\" data-element_type=\"section\" data-e-type=\"section\">\n\t\t\t\t\t\t<div class=\"elementor-container elementor-column-gap-default\">\n\t\t\t\t\t<div class=\"elementor-column elementor-col-100 elementor-top-column elementor-element elementor-element-70b735e\" data-id=\"70b735e\" data-element_type=\"column\" data-e-type=\"column\">\n\t\t\t<div class=\"elementor-widget-wrap elementor-element-populated\">\n\t\t\t\t\t\t<div class=\"elementor-element elementor-element-cefc0b1 elementor-widget elementor-widget-spacer\" data-id=\"cefc0b1\" data-element_type=\"widget\" data-e-type=\"widget\" data-widget_type=\"spacer.default\">\n\t\t\t\t<div class=\"elementor-widget-container\">\n\t\t\t\t\t\t\t<div class=\"elementor-spacer\">\n\t\t\t<div class=\"elementor-spacer-inner\"><\/div>\n\t\t<\/div>\n\t\t\t\t\t\t<\/div>\n\t\t\t\t<\/div>\n\t\t\t\t\t<\/div>\n\t\t<\/div>\n\t\t\t\t\t<\/div>\n\t\t<\/section>\n\t\t\t\t<section class=\"elementor-section elementor-top-section elementor-element elementor-element-ef5e52d elementor-section-full_width elementor-section-height-default elementor-section-height-default\" data-id=\"ef5e52d\" data-element_type=\"section\" data-e-type=\"section\">\n\t\t\t\t\t\t<div class=\"elementor-container elementor-column-gap-default\">\n\t\t\t\t\t<div class=\"elementor-column elementor-col-100 elementor-top-column elementor-element elementor-element-c7bc544\" data-id=\"c7bc544\" data-element_type=\"column\" data-e-type=\"column\">\n\t\t\t<div class=\"elementor-widget-wrap elementor-element-populated\">\n\t\t\t\t\t\t<div class=\"elementor-element elementor-element-330fc54 elementor-widget-divider--view-line elementor-widget elementor-widget-divider\" data-id=\"330fc54\" data-element_type=\"widget\" data-e-type=\"widget\" data-widget_type=\"divider.default\">\n\t\t\t\t<div class=\"elementor-widget-container\">\n\t\t\t\t\t\t\t<div class=\"elementor-divider\">\n\t\t\t<span class=\"elementor-divider-separator\">\n\t\t\t\t\t\t<\/span>\n\t\t<\/div>\n\t\t\t\t\t\t<\/div>\n\t\t\t\t<\/div>\n\t\t\t\t\t<\/div>\n\t\t<\/div>\n\t\t\t\t\t<\/div>\n\t\t<\/section>\n\t\t\t\t<section class=\"elementor-section elementor-top-section elementor-element elementor-element-4ab3c04 elementor-section-full_width elementor-section-height-default elementor-section-height-default\" data-id=\"4ab3c04\" data-element_type=\"section\" data-e-type=\"section\">\n\t\t\t\t\t\t<div class=\"elementor-container elementor-column-gap-default\">\n\t\t\t\t\t<div class=\"elementor-column elementor-col-100 elementor-top-column elementor-element elementor-element-c06b13d\" data-id=\"c06b13d\" data-element_type=\"column\" data-e-type=\"column\">\n\t\t\t<div class=\"elementor-widget-wrap elementor-element-populated\">\n\t\t\t\t\t\t<div class=\"elementor-element elementor-element-1692ba6 elementor-widget elementor-widget-heading\" data-id=\"1692ba6\" data-element_type=\"widget\" data-e-type=\"widget\" data-widget_type=\"heading.default\">\n\t\t\t\t<div class=\"elementor-widget-container\">\n\t\t\t\t\t<h2 class=\"elementor-heading-title elementor-size-default\"><u>ARTICLES PUBLICATS PER L'AUTORA<\/u><\/h2>\t\t\t\t<\/div>\n\t\t\t\t<\/div>\n\t\t\t\t\t<\/div>\n\t\t<\/div>\n\t\t\t\t\t<\/div>\n\t\t<\/section>\n\t\t\t\t<section class=\"elementor-section elementor-top-section elementor-element elementor-element-82c0638 elementor-section-full_width elementor-section-height-default elementor-section-height-default\" data-id=\"82c0638\" data-element_type=\"section\" data-e-type=\"section\">\n\t\t\t\t\t\t<div class=\"elementor-container elementor-column-gap-default\">\n\t\t\t\t\t<div class=\"elementor-column elementor-col-100 elementor-top-column elementor-element elementor-element-978c63b\" data-id=\"978c63b\" data-element_type=\"column\" data-e-type=\"column\">\n\t\t\t<div class=\"elementor-widget-wrap elementor-element-populated\">\n\t\t\t\t\t\t<div class=\"elementor-element elementor-element-d656983 elementor-widget elementor-widget-spacer\" data-id=\"d656983\" data-element_type=\"widget\" data-e-type=\"widget\" data-widget_type=\"spacer.default\">\n\t\t\t\t<div class=\"elementor-widget-container\">\n\t\t\t\t\t\t\t<div class=\"elementor-spacer\">\n\t\t\t<div class=\"elementor-spacer-inner\"><\/div>\n\t\t<\/div>\n\t\t\t\t\t\t<\/div>\n\t\t\t\t<\/div>\n\t\t\t\t\t<\/div>\n\t\t<\/div>\n\t\t\t\t\t<\/div>\n\t\t<\/section>\n\t\t\t\t<section class=\"elementor-section elementor-top-section elementor-element elementor-element-4530529 elementor-section-full_width elementor-section-height-default elementor-section-height-default\" data-id=\"4530529\" data-element_type=\"section\" data-e-type=\"section\">\n\t\t\t\t\t\t<div class=\"elementor-container elementor-column-gap-default\">\n\t\t\t\t\t<div class=\"elementor-column elementor-col-100 elementor-top-column elementor-element elementor-element-883bb5f\" data-id=\"883bb5f\" data-element_type=\"column\" data-e-type=\"column\">\n\t\t\t<div class=\"elementor-widget-wrap elementor-element-populated\">\n\t\t\t\t\t\t<div class=\"elementor-element elementor-element-389220e elementor-grid-5 elementor-grid-tablet-2 elementor-grid-mobile-1 elementor-posts--thumbnail-top elementor-widget elementor-widget-posts\" data-id=\"389220e\" data-element_type=\"widget\" data-e-type=\"widget\" data-settings=\"{&quot;classic_columns&quot;:&quot;5&quot;,&quot;classic_columns_tablet&quot;:&quot;2&quot;,&quot;classic_columns_mobile&quot;:&quot;1&quot;,&quot;classic_row_gap&quot;:{&quot;unit&quot;:&quot;px&quot;,&quot;size&quot;:35,&quot;sizes&quot;:[]},&quot;classic_row_gap_tablet&quot;:{&quot;unit&quot;:&quot;px&quot;,&quot;size&quot;:&quot;&quot;,&quot;sizes&quot;:[]},&quot;classic_row_gap_mobile&quot;:{&quot;unit&quot;:&quot;px&quot;,&quot;size&quot;:&quot;&quot;,&quot;sizes&quot;:[]}}\" data-widget_type=\"posts.classic\">\n\t\t\t\t<div class=\"elementor-widget-container\">\n\t\t\t\t\t\t\t<div class=\"elementor-posts-container elementor-posts elementor-posts--skin-classic elementor-grid\" role=\"list\">\n\t\t\t\t<article class=\"elementor-post elementor-grid-item post-10195 post type-post status-publish format-standard has-post-thumbnail hentry category-blog category-clara-blanchar-ca tag-avituallament-que-ve-del-cel-ca tag-avituallamiento-que-cae-del-cielo-ca tag-clara-blanchar-es-ca tag-cronicas-ca tag-croniques-ca tag-revista-vertex-es-ca\" role=\"listitem\">\n\t\t\t\t<a class=\"elementor-post__thumbnail__link\" href=\"https:\/\/rutesentrerefugis.com\/index.php\/2022\/03\/08\/avituallament-que-ve-del-cel\/\" tabindex=\"-1\" >\n\t\t\t<div class=\"elementor-post__thumbnail\"><img loading=\"lazy\" decoding=\"async\" width=\"300\" height=\"200\" src=\"https:\/\/rutesentrerefugis.com\/wp-content\/uploads\/2023\/03\/Avituallament-Refugis-Inici-NW-300x200.jpg\" class=\"attachment-medium size-medium wp-image-10196\" alt=\"\" srcset=\"https:\/\/rutesentrerefugis.com\/wp-content\/uploads\/2023\/03\/Avituallament-Refugis-Inici-NW-300x200.jpg 300w, https:\/\/rutesentrerefugis.com\/wp-content\/uploads\/2023\/03\/Avituallament-Refugis-Inici-NW-1024x683.jpg 1024w, https:\/\/rutesentrerefugis.com\/wp-content\/uploads\/2023\/03\/Avituallament-Refugis-Inici-NW-768x512.jpg 768w, https:\/\/rutesentrerefugis.com\/wp-content\/uploads\/2023\/03\/Avituallament-Refugis-Inici-NW.jpg 1200w\" sizes=\"(max-width: 300px) 100vw, 300px\" \/><\/div>\n\t\t<\/a>\n\t\t\t\t<div class=\"elementor-post__text\">\n\t\t\t\t<h3 class=\"elementor-post__title\">\n\t\t\t<a href=\"https:\/\/rutesentrerefugis.com\/index.php\/2022\/03\/08\/avituallament-que-ve-del-cel\/\" >\n\t\t\t\tL&#8217;AVITUALLAMENT QUE VE DEL CEL\t\t\t<\/a>\n\t\t<\/h3>\n\t\t\t\t<div class=\"elementor-post__meta-data\">\n\t\t\t\t\t<span class=\"elementor-post-date\">\n\t\t\t08\/03\/2022\t\t<\/span>\n\t\t\t\t<\/div>\n\t\t\t\t<\/div>\n\t\t\t\t<\/article>\n\t\t\t\t<article class=\"elementor-post elementor-grid-item post-4290 post type-post status-publish format-standard has-post-thumbnail hentry category-blog category-clara-blanchar-ca tag-clara-blanchar-es-ca tag-editorial-alpina-es-ca tag-espai-quera-es-ca tag-llibreria-quera-es-ca tag-mapes-amb-historia-es-ca tag-marti-nadal-es-ca tag-muntanya-de-llibres-es-ca tag-raimon-quera-es-ca tag-revista-vertex-es-ca tag-xevi-cortacans-es-ca\" role=\"listitem\">\n\t\t\t\t<a class=\"elementor-post__thumbnail__link\" href=\"https:\/\/rutesentrerefugis.com\/index.php\/2021\/04\/10\/mapes-amb-historia-editorial-alpina\/\" tabindex=\"-1\" >\n\t\t\t<div class=\"elementor-post__thumbnail\"><img loading=\"lazy\" decoding=\"async\" width=\"300\" height=\"200\" src=\"https:\/\/rutesentrerefugis.com\/wp-content\/uploads\/2022\/12\/Mapes-amb-Historia-Inici-NW-300x200.jpg\" class=\"attachment-medium size-medium wp-image-4291\" alt=\"\" srcset=\"https:\/\/rutesentrerefugis.com\/wp-content\/uploads\/2022\/12\/Mapes-amb-Historia-Inici-NW-300x200.jpg 300w, https:\/\/rutesentrerefugis.com\/wp-content\/uploads\/2022\/12\/Mapes-amb-Historia-Inici-NW-1024x683.jpg 1024w, https:\/\/rutesentrerefugis.com\/wp-content\/uploads\/2022\/12\/Mapes-amb-Historia-Inici-NW-768x512.jpg 768w, https:\/\/rutesentrerefugis.com\/wp-content\/uploads\/2022\/12\/Mapes-amb-Historia-Inici-NW.jpg 1200w\" sizes=\"(max-width: 300px) 100vw, 300px\" \/><\/div>\n\t\t<\/a>\n\t\t\t\t<div class=\"elementor-post__text\">\n\t\t\t\t<h3 class=\"elementor-post__title\">\n\t\t\t<a href=\"https:\/\/rutesentrerefugis.com\/index.php\/2021\/04\/10\/mapes-amb-historia-editorial-alpina\/\" >\n\t\t\t\tMAPES AMB HIST\u00d2RIA\t\t\t<\/a>\n\t\t<\/h3>\n\t\t\t\t<div class=\"elementor-post__meta-data\">\n\t\t\t\t\t<span class=\"elementor-post-date\">\n\t\t\t10\/04\/2021\t\t<\/span>\n\t\t\t\t<\/div>\n\t\t\t\t<\/div>\n\t\t\t\t<\/article>\n\t\t\t\t<\/div>\n\t\t\n\t\t\t\t\t\t<\/div>\n\t\t\t\t<\/div>\n\t\t\t\t\t<\/div>\n\t\t<\/div>\n\t\t\t\t\t<\/div>\n\t\t<\/section>\n\t\t\t\t<section class=\"elementor-section elementor-top-section elementor-element elementor-element-5d35125 elementor-section-full_width elementor-section-height-default elementor-section-height-default\" data-id=\"5d35125\" data-element_type=\"section\" data-e-type=\"section\">\n\t\t\t\t\t\t<div class=\"elementor-container elementor-column-gap-default\">\n\t\t\t\t\t<div class=\"elementor-column elementor-col-100 elementor-top-column elementor-element elementor-element-0808a8b\" data-id=\"0808a8b\" data-element_type=\"column\" data-e-type=\"column\">\n\t\t\t<div class=\"elementor-widget-wrap elementor-element-populated\">\n\t\t\t\t\t\t<div class=\"elementor-element elementor-element-7eb524d elementor-widget-divider--view-line elementor-widget elementor-widget-divider\" data-id=\"7eb524d\" data-element_type=\"widget\" data-e-type=\"widget\" data-widget_type=\"divider.default\">\n\t\t\t\t<div class=\"elementor-widget-container\">\n\t\t\t\t\t\t\t<div class=\"elementor-divider\">\n\t\t\t<span class=\"elementor-divider-separator\">\n\t\t\t\t\t\t<\/span>\n\t\t<\/div>\n\t\t\t\t\t\t<\/div>\n\t\t\t\t<\/div>\n\t\t\t\t\t<\/div>\n\t\t<\/div>\n\t\t\t\t\t<\/div>\n\t\t<\/section>\n\t\t\t\t<section class=\"elementor-section elementor-top-section elementor-element elementor-element-e195794 elementor-section-full_width elementor-section-height-default elementor-section-height-default\" data-id=\"e195794\" data-element_type=\"section\" data-e-type=\"section\">\n\t\t\t\t\t\t<div class=\"elementor-container elementor-column-gap-default\">\n\t\t\t\t\t<div class=\"elementor-column elementor-col-100 elementor-top-column elementor-element elementor-element-5caa241\" data-id=\"5caa241\" data-element_type=\"column\" data-e-type=\"column\">\n\t\t\t<div class=\"elementor-widget-wrap elementor-element-populated\">\n\t\t\t\t\t\t<div class=\"elementor-element elementor-element-d2fe7b4 elementor-widget elementor-widget-spacer\" data-id=\"d2fe7b4\" data-element_type=\"widget\" data-e-type=\"widget\" data-widget_type=\"spacer.default\">\n\t\t\t\t<div class=\"elementor-widget-container\">\n\t\t\t\t\t\t\t<div class=\"elementor-spacer\">\n\t\t\t<div class=\"elementor-spacer-inner\"><\/div>\n\t\t<\/div>\n\t\t\t\t\t\t<\/div>\n\t\t\t\t<\/div>\n\t\t\t\t\t<\/div>\n\t\t<\/div>\n\t\t\t\t\t<\/div>\n\t\t<\/section>\n\t\t\t\t<\/div>\n\t\t","protected":false},"excerpt":{"rendered":"<p>MAPES AMB HIST\u00d2RIA \u00abEDITORIAL ALPINA\u00bb Cr\u00f2nica escrita per CLARA BLANCHAR (@clarablanchar), periodista del diari EL PA\u00cdS i col\u00b7laboradora de la revista V\u00c8RTEX.Publicada a la revista<\/p>\n","protected":false},"author":9,"featured_media":4291,"comment_status":"open","ping_status":"open","sticky":false,"template":"elementor_header_footer","format":"standard","meta":{"_monsterinsights_skip_tracking":false,"_monsterinsights_sitenote_active":false,"_monsterinsights_sitenote_note":"","_monsterinsights_sitenote_category":0,"footnotes":""},"categories":[5124,11160],"tags":[5718,5720,5722,5724,5726,5728,5730,5732,5172,5734],"class_list":["post-4290","post","type-post","status-publish","format-standard","has-post-thumbnail","hentry","category-blog","category-clara-blanchar-ca","tag-clara-blanchar-es-ca","tag-editorial-alpina-es-ca","tag-espai-quera-es-ca","tag-llibreria-quera-es-ca","tag-mapes-amb-historia-es-ca","tag-marti-nadal-es-ca","tag-muntanya-de-llibres-es-ca","tag-raimon-quera-es-ca","tag-revista-vertex-es-ca","tag-xevi-cortacans-es-ca"],"yoast_head":"<!-- This site is optimized with the Yoast SEO plugin v27.5 - https:\/\/yoast.com\/product\/yoast-seo-wordpress\/ -->\n<title>MAPES AMB HIST\u00d2RIA - Rutes Entre Refugis<\/title>\n<meta name=\"robots\" content=\"index, follow, max-snippet:-1, max-image-preview:large, max-video-preview:-1\" \/>\n<link rel=\"canonical\" href=\"https:\/\/rutesentrerefugis.com\/index.php\/2021\/04\/10\/mapes-amb-historia-editorial-alpina\/\" \/>\n<meta property=\"og:locale\" content=\"es_ES\" \/>\n<meta property=\"og:type\" content=\"article\" \/>\n<meta property=\"og:title\" content=\"MAPES AMB HIST\u00d2RIA - Rutes Entre Refugis\" \/>\n<meta property=\"og:description\" content=\"MAPES AMB HIST\u00d2RIA \u00abEDITORIAL ALPINA\u00bb Cr\u00f2nica escrita per CLARA BLANCHAR (@clarablanchar), periodista del diari EL PA\u00cdS i col\u00b7laboradora de la revista V\u00c8RTEX.Publicada a la revista\" \/>\n<meta property=\"og:url\" content=\"https:\/\/rutesentrerefugis.com\/index.php\/2021\/04\/10\/mapes-amb-historia-editorial-alpina\/\" \/>\n<meta property=\"og:site_name\" content=\"Rutes Entre Refugis\" \/>\n<meta property=\"article:published_time\" content=\"2021-04-10T16:50:00+00:00\" \/>\n<meta property=\"article:modified_time\" content=\"2024-04-25T11:28:51+00:00\" \/>\n<meta property=\"og:image\" content=\"https:\/\/rutesentrerefugis.com\/wp-content\/uploads\/2022\/12\/Mapes-amb-Historia-Inici-NW.jpg\" \/>\n\t<meta property=\"og:image:width\" content=\"1200\" \/>\n\t<meta property=\"og:image:height\" content=\"800\" \/>\n\t<meta property=\"og:image:type\" content=\"image\/jpeg\" \/>\n<meta name=\"author\" content=\"Clara Blanchar\" \/>\n<meta name=\"twitter:card\" content=\"summary_large_image\" \/>\n<meta name=\"twitter:label1\" content=\"Escrito por\" \/>\n\t<meta name=\"twitter:data1\" content=\"Clara Blanchar\" \/>\n\t<meta name=\"twitter:label2\" content=\"Tiempo de lectura\" \/>\n\t<meta name=\"twitter:data2\" content=\"14 minutos\" \/>\n<script type=\"application\/ld+json\" class=\"yoast-schema-graph\">{\"@context\":\"https:\\\/\\\/schema.org\",\"@graph\":[{\"@type\":\"Article\",\"@id\":\"https:\\\/\\\/rutesentrerefugis.com\\\/index.php\\\/2021\\\/04\\\/10\\\/mapes-amb-historia-editorial-alpina\\\/#article\",\"isPartOf\":{\"@id\":\"https:\\\/\\\/rutesentrerefugis.com\\\/index.php\\\/2021\\\/04\\\/10\\\/mapes-amb-historia-editorial-alpina\\\/\"},\"author\":{\"name\":\"Clara Blanchar\",\"@id\":\"https:\\\/\\\/rutesentrerefugis.com\\\/#\\\/schema\\\/person\\\/fb0047c44473751281c738241567f055\"},\"headline\":\"MAPES AMB HIST\u00d2RIA\",\"datePublished\":\"2021-04-10T16:50:00+00:00\",\"dateModified\":\"2024-04-25T11:28:51+00:00\",\"mainEntityOfPage\":{\"@id\":\"https:\\\/\\\/rutesentrerefugis.com\\\/index.php\\\/2021\\\/04\\\/10\\\/mapes-amb-historia-editorial-alpina\\\/\"},\"wordCount\":2303,\"commentCount\":0,\"publisher\":{\"@id\":\"https:\\\/\\\/rutesentrerefugis.com\\\/#organization\"},\"image\":{\"@id\":\"https:\\\/\\\/rutesentrerefugis.com\\\/index.php\\\/2021\\\/04\\\/10\\\/mapes-amb-historia-editorial-alpina\\\/#primaryimage\"},\"thumbnailUrl\":\"https:\\\/\\\/rutesentrerefugis.com\\\/wp-content\\\/uploads\\\/2022\\\/12\\\/Mapes-amb-Historia-Inici-NW.jpg\",\"keywords\":[\"Clara Blanchar\",\"Editorial Alpina\",\"Espai Quera\",\"Llibreria Quera\",\"Mapes amb Historia\",\"Mart\u00ed Nadal\",\"Muntanya de Llibres\",\"Raimon Quera\",\"Revista V\u00e8rtex\",\"Xevi Cortacans\"],\"articleSection\":[\"Blog\",\"Clara Blanchar\"],\"inLanguage\":\"es\",\"potentialAction\":[{\"@type\":\"CommentAction\",\"name\":\"Comment\",\"target\":[\"https:\\\/\\\/rutesentrerefugis.com\\\/index.php\\\/2021\\\/04\\\/10\\\/mapes-amb-historia-editorial-alpina\\\/#respond\"]}]},{\"@type\":\"WebPage\",\"@id\":\"https:\\\/\\\/rutesentrerefugis.com\\\/index.php\\\/2021\\\/04\\\/10\\\/mapes-amb-historia-editorial-alpina\\\/\",\"url\":\"https:\\\/\\\/rutesentrerefugis.com\\\/index.php\\\/2021\\\/04\\\/10\\\/mapes-amb-historia-editorial-alpina\\\/\",\"name\":\"MAPES AMB HIST\u00d2RIA - Rutes Entre Refugis\",\"isPartOf\":{\"@id\":\"https:\\\/\\\/rutesentrerefugis.com\\\/#website\"},\"primaryImageOfPage\":{\"@id\":\"https:\\\/\\\/rutesentrerefugis.com\\\/index.php\\\/2021\\\/04\\\/10\\\/mapes-amb-historia-editorial-alpina\\\/#primaryimage\"},\"image\":{\"@id\":\"https:\\\/\\\/rutesentrerefugis.com\\\/index.php\\\/2021\\\/04\\\/10\\\/mapes-amb-historia-editorial-alpina\\\/#primaryimage\"},\"thumbnailUrl\":\"https:\\\/\\\/rutesentrerefugis.com\\\/wp-content\\\/uploads\\\/2022\\\/12\\\/Mapes-amb-Historia-Inici-NW.jpg\",\"datePublished\":\"2021-04-10T16:50:00+00:00\",\"dateModified\":\"2024-04-25T11:28:51+00:00\",\"breadcrumb\":{\"@id\":\"https:\\\/\\\/rutesentrerefugis.com\\\/index.php\\\/2021\\\/04\\\/10\\\/mapes-amb-historia-editorial-alpina\\\/#breadcrumb\"},\"inLanguage\":\"es\",\"potentialAction\":[{\"@type\":\"ReadAction\",\"target\":[\"https:\\\/\\\/rutesentrerefugis.com\\\/index.php\\\/2021\\\/04\\\/10\\\/mapes-amb-historia-editorial-alpina\\\/\"]}]},{\"@type\":\"ImageObject\",\"inLanguage\":\"es\",\"@id\":\"https:\\\/\\\/rutesentrerefugis.com\\\/index.php\\\/2021\\\/04\\\/10\\\/mapes-amb-historia-editorial-alpina\\\/#primaryimage\",\"url\":\"https:\\\/\\\/rutesentrerefugis.com\\\/wp-content\\\/uploads\\\/2022\\\/12\\\/Mapes-amb-Historia-Inici-NW.jpg\",\"contentUrl\":\"https:\\\/\\\/rutesentrerefugis.com\\\/wp-content\\\/uploads\\\/2022\\\/12\\\/Mapes-amb-Historia-Inici-NW.jpg\",\"width\":1200,\"height\":800},{\"@type\":\"BreadcrumbList\",\"@id\":\"https:\\\/\\\/rutesentrerefugis.com\\\/index.php\\\/2021\\\/04\\\/10\\\/mapes-amb-historia-editorial-alpina\\\/#breadcrumb\",\"itemListElement\":[{\"@type\":\"ListItem\",\"position\":1,\"name\":\"Inici\",\"item\":\"https:\\\/\\\/rutesentrerefugis.com\\\/\"},{\"@type\":\"ListItem\",\"position\":2,\"name\":\"MAPES AMB HIST\u00d2RIA\"}]},{\"@type\":\"WebSite\",\"@id\":\"https:\\\/\\\/rutesentrerefugis.com\\\/#website\",\"url\":\"https:\\\/\\\/rutesentrerefugis.com\\\/\",\"name\":\"Rutes Entre Refugis\",\"description\":\"Caminant sota un nom\",\"publisher\":{\"@id\":\"https:\\\/\\\/rutesentrerefugis.com\\\/#organization\"},\"potentialAction\":[{\"@type\":\"SearchAction\",\"target\":{\"@type\":\"EntryPoint\",\"urlTemplate\":\"https:\\\/\\\/rutesentrerefugis.com\\\/?s={search_term_string}\"},\"query-input\":{\"@type\":\"PropertyValueSpecification\",\"valueRequired\":true,\"valueName\":\"search_term_string\"}}],\"inLanguage\":\"es\"},{\"@type\":\"Organization\",\"@id\":\"https:\\\/\\\/rutesentrerefugis.com\\\/#organization\",\"name\":\"Rutes Entre Refugis\",\"url\":\"https:\\\/\\\/rutesentrerefugis.com\\\/\",\"logo\":{\"@type\":\"ImageObject\",\"inLanguage\":\"es\",\"@id\":\"https:\\\/\\\/rutesentrerefugis.com\\\/#\\\/schema\\\/logo\\\/image\\\/\",\"url\":\"https:\\\/\\\/rutesentrerefugis.com\\\/wp-content\\\/uploads\\\/2022\\\/08\\\/RutesEntreRefugis-Blanc-Retina-1.png\",\"contentUrl\":\"https:\\\/\\\/rutesentrerefugis.com\\\/wp-content\\\/uploads\\\/2022\\\/08\\\/RutesEntreRefugis-Blanc-Retina-1.png\",\"width\":400,\"height\":400,\"caption\":\"Rutes Entre Refugis\"},\"image\":{\"@id\":\"https:\\\/\\\/rutesentrerefugis.com\\\/#\\\/schema\\\/logo\\\/image\\\/\"}},{\"@type\":\"Person\",\"@id\":\"https:\\\/\\\/rutesentrerefugis.com\\\/#\\\/schema\\\/person\\\/fb0047c44473751281c738241567f055\",\"name\":\"Clara Blanchar\",\"image\":{\"@type\":\"ImageObject\",\"inLanguage\":\"es\",\"@id\":\"https:\\\/\\\/rutesentrerefugis.com\\\/wp-content\\\/uploads\\\/2021\\\/04\\\/Clara-Blanchar-NW-Negre-96x96.jpg\",\"url\":\"https:\\\/\\\/rutesentrerefugis.com\\\/wp-content\\\/uploads\\\/2021\\\/04\\\/Clara-Blanchar-NW-Negre-96x96.jpg\",\"contentUrl\":\"https:\\\/\\\/rutesentrerefugis.com\\\/wp-content\\\/uploads\\\/2021\\\/04\\\/Clara-Blanchar-NW-Negre-96x96.jpg\",\"caption\":\"Clara Blanchar\"},\"url\":\"https:\\\/\\\/rutesentrerefugis.com\\\/index.php\\\/author\\\/clara-blanchar\\\/\"}]}<\/script>\n<!-- \/ Yoast SEO plugin. -->","yoast_head_json":{"title":"MAPES AMB HIST\u00d2RIA - Rutes Entre Refugis","robots":{"index":"index","follow":"follow","max-snippet":"max-snippet:-1","max-image-preview":"max-image-preview:large","max-video-preview":"max-video-preview:-1"},"canonical":"https:\/\/rutesentrerefugis.com\/index.php\/2021\/04\/10\/mapes-amb-historia-editorial-alpina\/","og_locale":"es_ES","og_type":"article","og_title":"MAPES AMB HIST\u00d2RIA - Rutes Entre Refugis","og_description":"MAPES AMB HIST\u00d2RIA \u00abEDITORIAL ALPINA\u00bb Cr\u00f2nica escrita per CLARA BLANCHAR (@clarablanchar), periodista del diari EL PA\u00cdS i col\u00b7laboradora de la revista V\u00c8RTEX.Publicada a la revista","og_url":"https:\/\/rutesentrerefugis.com\/index.php\/2021\/04\/10\/mapes-amb-historia-editorial-alpina\/","og_site_name":"Rutes Entre Refugis","article_published_time":"2021-04-10T16:50:00+00:00","article_modified_time":"2024-04-25T11:28:51+00:00","og_image":[{"width":1200,"height":800,"url":"https:\/\/rutesentrerefugis.com\/wp-content\/uploads\/2022\/12\/Mapes-amb-Historia-Inici-NW.jpg","type":"image\/jpeg"}],"author":"Clara Blanchar","twitter_card":"summary_large_image","twitter_misc":{"Escrito por":"Clara Blanchar","Tiempo de lectura":"14 minutos"},"schema":{"@context":"https:\/\/schema.org","@graph":[{"@type":"Article","@id":"https:\/\/rutesentrerefugis.com\/index.php\/2021\/04\/10\/mapes-amb-historia-editorial-alpina\/#article","isPartOf":{"@id":"https:\/\/rutesentrerefugis.com\/index.php\/2021\/04\/10\/mapes-amb-historia-editorial-alpina\/"},"author":{"name":"Clara Blanchar","@id":"https:\/\/rutesentrerefugis.com\/#\/schema\/person\/fb0047c44473751281c738241567f055"},"headline":"MAPES AMB HIST\u00d2RIA","datePublished":"2021-04-10T16:50:00+00:00","dateModified":"2024-04-25T11:28:51+00:00","mainEntityOfPage":{"@id":"https:\/\/rutesentrerefugis.com\/index.php\/2021\/04\/10\/mapes-amb-historia-editorial-alpina\/"},"wordCount":2303,"commentCount":0,"publisher":{"@id":"https:\/\/rutesentrerefugis.com\/#organization"},"image":{"@id":"https:\/\/rutesentrerefugis.com\/index.php\/2021\/04\/10\/mapes-amb-historia-editorial-alpina\/#primaryimage"},"thumbnailUrl":"https:\/\/rutesentrerefugis.com\/wp-content\/uploads\/2022\/12\/Mapes-amb-Historia-Inici-NW.jpg","keywords":["Clara Blanchar","Editorial Alpina","Espai Quera","Llibreria Quera","Mapes amb Historia","Mart\u00ed Nadal","Muntanya de Llibres","Raimon Quera","Revista V\u00e8rtex","Xevi Cortacans"],"articleSection":["Blog","Clara Blanchar"],"inLanguage":"es","potentialAction":[{"@type":"CommentAction","name":"Comment","target":["https:\/\/rutesentrerefugis.com\/index.php\/2021\/04\/10\/mapes-amb-historia-editorial-alpina\/#respond"]}]},{"@type":"WebPage","@id":"https:\/\/rutesentrerefugis.com\/index.php\/2021\/04\/10\/mapes-amb-historia-editorial-alpina\/","url":"https:\/\/rutesentrerefugis.com\/index.php\/2021\/04\/10\/mapes-amb-historia-editorial-alpina\/","name":"MAPES AMB HIST\u00d2RIA - Rutes Entre Refugis","isPartOf":{"@id":"https:\/\/rutesentrerefugis.com\/#website"},"primaryImageOfPage":{"@id":"https:\/\/rutesentrerefugis.com\/index.php\/2021\/04\/10\/mapes-amb-historia-editorial-alpina\/#primaryimage"},"image":{"@id":"https:\/\/rutesentrerefugis.com\/index.php\/2021\/04\/10\/mapes-amb-historia-editorial-alpina\/#primaryimage"},"thumbnailUrl":"https:\/\/rutesentrerefugis.com\/wp-content\/uploads\/2022\/12\/Mapes-amb-Historia-Inici-NW.jpg","datePublished":"2021-04-10T16:50:00+00:00","dateModified":"2024-04-25T11:28:51+00:00","breadcrumb":{"@id":"https:\/\/rutesentrerefugis.com\/index.php\/2021\/04\/10\/mapes-amb-historia-editorial-alpina\/#breadcrumb"},"inLanguage":"es","potentialAction":[{"@type":"ReadAction","target":["https:\/\/rutesentrerefugis.com\/index.php\/2021\/04\/10\/mapes-amb-historia-editorial-alpina\/"]}]},{"@type":"ImageObject","inLanguage":"es","@id":"https:\/\/rutesentrerefugis.com\/index.php\/2021\/04\/10\/mapes-amb-historia-editorial-alpina\/#primaryimage","url":"https:\/\/rutesentrerefugis.com\/wp-content\/uploads\/2022\/12\/Mapes-amb-Historia-Inici-NW.jpg","contentUrl":"https:\/\/rutesentrerefugis.com\/wp-content\/uploads\/2022\/12\/Mapes-amb-Historia-Inici-NW.jpg","width":1200,"height":800},{"@type":"BreadcrumbList","@id":"https:\/\/rutesentrerefugis.com\/index.php\/2021\/04\/10\/mapes-amb-historia-editorial-alpina\/#breadcrumb","itemListElement":[{"@type":"ListItem","position":1,"name":"Inici","item":"https:\/\/rutesentrerefugis.com\/"},{"@type":"ListItem","position":2,"name":"MAPES AMB HIST\u00d2RIA"}]},{"@type":"WebSite","@id":"https:\/\/rutesentrerefugis.com\/#website","url":"https:\/\/rutesentrerefugis.com\/","name":"Rutes Entre Refugis","description":"Caminant sota un nom","publisher":{"@id":"https:\/\/rutesentrerefugis.com\/#organization"},"potentialAction":[{"@type":"SearchAction","target":{"@type":"EntryPoint","urlTemplate":"https:\/\/rutesentrerefugis.com\/?s={search_term_string}"},"query-input":{"@type":"PropertyValueSpecification","valueRequired":true,"valueName":"search_term_string"}}],"inLanguage":"es"},{"@type":"Organization","@id":"https:\/\/rutesentrerefugis.com\/#organization","name":"Rutes Entre Refugis","url":"https:\/\/rutesentrerefugis.com\/","logo":{"@type":"ImageObject","inLanguage":"es","@id":"https:\/\/rutesentrerefugis.com\/#\/schema\/logo\/image\/","url":"https:\/\/rutesentrerefugis.com\/wp-content\/uploads\/2022\/08\/RutesEntreRefugis-Blanc-Retina-1.png","contentUrl":"https:\/\/rutesentrerefugis.com\/wp-content\/uploads\/2022\/08\/RutesEntreRefugis-Blanc-Retina-1.png","width":400,"height":400,"caption":"Rutes Entre Refugis"},"image":{"@id":"https:\/\/rutesentrerefugis.com\/#\/schema\/logo\/image\/"}},{"@type":"Person","@id":"https:\/\/rutesentrerefugis.com\/#\/schema\/person\/fb0047c44473751281c738241567f055","name":"Clara Blanchar","image":{"@type":"ImageObject","inLanguage":"es","@id":"https:\/\/rutesentrerefugis.com\/wp-content\/uploads\/2021\/04\/Clara-Blanchar-NW-Negre-96x96.jpg","url":"https:\/\/rutesentrerefugis.com\/wp-content\/uploads\/2021\/04\/Clara-Blanchar-NW-Negre-96x96.jpg","contentUrl":"https:\/\/rutesentrerefugis.com\/wp-content\/uploads\/2021\/04\/Clara-Blanchar-NW-Negre-96x96.jpg","caption":"Clara Blanchar"},"url":"https:\/\/rutesentrerefugis.com\/index.php\/author\/clara-blanchar\/"}]}},"_links":{"self":[{"href":"https:\/\/rutesentrerefugis.com\/index.php\/wp-json\/wp\/v2\/posts\/4290","targetHints":{"allow":["GET"]}}],"collection":[{"href":"https:\/\/rutesentrerefugis.com\/index.php\/wp-json\/wp\/v2\/posts"}],"about":[{"href":"https:\/\/rutesentrerefugis.com\/index.php\/wp-json\/wp\/v2\/types\/post"}],"author":[{"embeddable":true,"href":"https:\/\/rutesentrerefugis.com\/index.php\/wp-json\/wp\/v2\/users\/9"}],"replies":[{"embeddable":true,"href":"https:\/\/rutesentrerefugis.com\/index.php\/wp-json\/wp\/v2\/comments?post=4290"}],"version-history":[{"count":117,"href":"https:\/\/rutesentrerefugis.com\/index.php\/wp-json\/wp\/v2\/posts\/4290\/revisions"}],"predecessor-version":[{"id":20995,"href":"https:\/\/rutesentrerefugis.com\/index.php\/wp-json\/wp\/v2\/posts\/4290\/revisions\/20995"}],"wp:featuredmedia":[{"embeddable":true,"href":"https:\/\/rutesentrerefugis.com\/index.php\/wp-json\/wp\/v2\/media\/4291"}],"wp:attachment":[{"href":"https:\/\/rutesentrerefugis.com\/index.php\/wp-json\/wp\/v2\/media?parent=4290"}],"wp:term":[{"taxonomy":"category","embeddable":true,"href":"https:\/\/rutesentrerefugis.com\/index.php\/wp-json\/wp\/v2\/categories?post=4290"},{"taxonomy":"post_tag","embeddable":true,"href":"https:\/\/rutesentrerefugis.com\/index.php\/wp-json\/wp\/v2\/tags?post=4290"}],"curies":[{"name":"wp","href":"https:\/\/api.w.org\/{rel}","templated":true}]}}