{"id":4410,"date":"2021-04-10T18:27:00","date_gmt":"2021-04-10T18:27:00","guid":{"rendered":"https:\/\/nova.rutesentrerefugis.com\/?p=4410"},"modified":"2024-04-25T11:29:31","modified_gmt":"2024-04-25T11:29:31","slug":"mapas-con-historia-editorial-alpina","status":"publish","type":"post","link":"https:\/\/rutesentrerefugis.com\/index.php\/es\/2021\/04\/10\/mapas-con-historia-editorial-alpina\/","title":{"rendered":"MAPAS CON HISTORIA"},"content":{"rendered":"\t\t<div data-elementor-type=\"wp-post\" data-elementor-id=\"4410\" class=\"elementor elementor-4410\" data-elementor-post-type=\"post\">\n\t\t\t\t\t\t<section class=\"elementor-section elementor-top-section elementor-element elementor-element-95df28b elementor-section-full_width elementor-section-height-default elementor-section-height-default\" data-id=\"95df28b\" data-element_type=\"section\" data-e-type=\"section\" data-settings=\"{&quot;background_background&quot;:&quot;classic&quot;}\">\n\t\t\t\t\t\t<div class=\"elementor-container elementor-column-gap-default\">\n\t\t\t\t\t<div class=\"elementor-column elementor-col-100 elementor-top-column elementor-element elementor-element-84065af\" data-id=\"84065af\" data-element_type=\"column\" data-e-type=\"column\">\n\t\t\t<div class=\"elementor-widget-wrap elementor-element-populated\">\n\t\t\t\t\t\t<div class=\"elementor-element elementor-element-c09c1a0 elementor-widget elementor-widget-image\" data-id=\"c09c1a0\" data-element_type=\"widget\" data-e-type=\"widget\" data-widget_type=\"image.default\">\n\t\t\t\t<div class=\"elementor-widget-container\">\n\t\t\t\t\t\t\t\t\t\t\t\t\t\t\t<img fetchpriority=\"high\" decoding=\"async\" width=\"2000\" height=\"450\" src=\"https:\/\/rutesentrerefugis.com\/wp-content\/uploads\/2022\/12\/Mapes-amb-Historia-Cap.jpg\" class=\"attachment-full size-full wp-image-4300\" alt=\"\" srcset=\"https:\/\/rutesentrerefugis.com\/wp-content\/uploads\/2022\/12\/Mapes-amb-Historia-Cap.jpg 2000w, https:\/\/rutesentrerefugis.com\/wp-content\/uploads\/2022\/12\/Mapes-amb-Historia-Cap-300x68.jpg 300w, https:\/\/rutesentrerefugis.com\/wp-content\/uploads\/2022\/12\/Mapes-amb-Historia-Cap-1024x230.jpg 1024w, https:\/\/rutesentrerefugis.com\/wp-content\/uploads\/2022\/12\/Mapes-amb-Historia-Cap-768x173.jpg 768w, https:\/\/rutesentrerefugis.com\/wp-content\/uploads\/2022\/12\/Mapes-amb-Historia-Cap-1536x346.jpg 1536w\" sizes=\"(max-width: 2000px) 100vw, 2000px\" \/>\t\t\t\t\t\t\t\t\t\t\t\t\t\t\t<\/div>\n\t\t\t\t<\/div>\n\t\t\t\t\t<\/div>\n\t\t<\/div>\n\t\t\t\t\t<\/div>\n\t\t<\/section>\n\t\t\t\t<section class=\"elementor-section elementor-top-section elementor-element elementor-element-c2db30a elementor-section-full_width elementor-section-height-default elementor-section-height-default\" data-id=\"c2db30a\" data-element_type=\"section\" data-e-type=\"section\" data-settings=\"{&quot;background_background&quot;:&quot;classic&quot;}\">\n\t\t\t\t\t\t<div class=\"elementor-container elementor-column-gap-default\">\n\t\t\t\t\t<div class=\"elementor-column elementor-col-100 elementor-top-column elementor-element elementor-element-7702d15\" data-id=\"7702d15\" data-element_type=\"column\" data-e-type=\"column\">\n\t\t\t<div class=\"elementor-widget-wrap elementor-element-populated\">\n\t\t\t\t\t\t<div class=\"elementor-element elementor-element-d6bdcec elementor-widget elementor-widget-heading\" data-id=\"d6bdcec\" data-element_type=\"widget\" data-e-type=\"widget\" data-widget_type=\"heading.default\">\n\t\t\t\t<div class=\"elementor-widget-container\">\n\t\t\t\t\t<h2 class=\"elementor-heading-title elementor-size-default\">MAPAS CON HISTORIA<\/h2>\t\t\t\t<\/div>\n\t\t\t\t<\/div>\n\t\t\t\t\t<\/div>\n\t\t<\/div>\n\t\t\t\t\t<\/div>\n\t\t<\/section>\n\t\t\t\t<section class=\"elementor-section elementor-top-section elementor-element elementor-element-d4773d0 elementor-section-full_width elementor-section-height-default elementor-section-height-default\" data-id=\"d4773d0\" data-element_type=\"section\" data-e-type=\"section\" data-settings=\"{&quot;background_background&quot;:&quot;classic&quot;}\">\n\t\t\t\t\t\t<div class=\"elementor-container elementor-column-gap-default\">\n\t\t\t\t\t<div class=\"elementor-column elementor-col-100 elementor-top-column elementor-element elementor-element-a8be536\" data-id=\"a8be536\" data-element_type=\"column\" data-e-type=\"column\">\n\t\t\t<div class=\"elementor-widget-wrap elementor-element-populated\">\n\t\t\t\t\t\t<div class=\"elementor-element elementor-element-7b5d92c elementor-widget-divider--view-line elementor-widget elementor-widget-divider\" data-id=\"7b5d92c\" data-element_type=\"widget\" data-e-type=\"widget\" data-widget_type=\"divider.default\">\n\t\t\t\t<div class=\"elementor-widget-container\">\n\t\t\t\t\t\t\t<div class=\"elementor-divider\">\n\t\t\t<span class=\"elementor-divider-separator\">\n\t\t\t\t\t\t<\/span>\n\t\t<\/div>\n\t\t\t\t\t\t<\/div>\n\t\t\t\t<\/div>\n\t\t\t\t\t<\/div>\n\t\t<\/div>\n\t\t\t\t\t<\/div>\n\t\t<\/section>\n\t\t\t\t<section class=\"elementor-section elementor-top-section elementor-element elementor-element-88c38ed elementor-section-full_width elementor-section-height-default elementor-section-height-default\" data-id=\"88c38ed\" data-element_type=\"section\" data-e-type=\"section\">\n\t\t\t\t\t\t<div class=\"elementor-container elementor-column-gap-default\">\n\t\t\t\t\t<div class=\"elementor-column elementor-col-100 elementor-top-column elementor-element elementor-element-27365fc\" data-id=\"27365fc\" data-element_type=\"column\" data-e-type=\"column\">\n\t\t\t<div class=\"elementor-widget-wrap elementor-element-populated\">\n\t\t\t\t\t\t<div class=\"elementor-element elementor-element-a8716c3 elementor-widget elementor-widget-spacer\" data-id=\"a8716c3\" data-element_type=\"widget\" data-e-type=\"widget\" data-widget_type=\"spacer.default\">\n\t\t\t\t<div class=\"elementor-widget-container\">\n\t\t\t\t\t\t\t<div class=\"elementor-spacer\">\n\t\t\t<div class=\"elementor-spacer-inner\"><\/div>\n\t\t<\/div>\n\t\t\t\t\t\t<\/div>\n\t\t\t\t<\/div>\n\t\t\t\t\t<\/div>\n\t\t<\/div>\n\t\t\t\t\t<\/div>\n\t\t<\/section>\n\t\t\t\t<section class=\"elementor-section elementor-top-section elementor-element elementor-element-22508a8 elementor-section-full_width elementor-section-height-default elementor-section-height-default\" data-id=\"22508a8\" data-element_type=\"section\" data-e-type=\"section\">\n\t\t\t\t\t\t<div class=\"elementor-container elementor-column-gap-default\">\n\t\t\t\t\t<div class=\"elementor-column elementor-col-100 elementor-top-column elementor-element elementor-element-4f16c46\" data-id=\"4f16c46\" data-element_type=\"column\" data-e-type=\"column\">\n\t\t\t<div class=\"elementor-widget-wrap elementor-element-populated\">\n\t\t\t\t\t\t<div class=\"elementor-element elementor-element-b239672 elementor-widget elementor-widget-heading\" data-id=\"b239672\" data-element_type=\"widget\" data-e-type=\"widget\" data-widget_type=\"heading.default\">\n\t\t\t\t<div class=\"elementor-widget-container\">\n\t\t\t\t\t<h2 class=\"elementor-heading-title elementor-size-default\">\u00abEDITORIAL ALPINA\u00bb<\/h2>\t\t\t\t<\/div>\n\t\t\t\t<\/div>\n\t\t\t\t\t<\/div>\n\t\t<\/div>\n\t\t\t\t\t<\/div>\n\t\t<\/section>\n\t\t\t\t<section class=\"elementor-section elementor-top-section elementor-element elementor-element-d03fa05 elementor-section-full_width elementor-section-height-default elementor-section-height-default\" data-id=\"d03fa05\" data-element_type=\"section\" data-e-type=\"section\">\n\t\t\t\t\t\t<div class=\"elementor-container elementor-column-gap-default\">\n\t\t\t\t\t<div class=\"elementor-column elementor-col-100 elementor-top-column elementor-element elementor-element-c4e6e7c\" data-id=\"c4e6e7c\" data-element_type=\"column\" data-e-type=\"column\">\n\t\t\t<div class=\"elementor-widget-wrap elementor-element-populated\">\n\t\t\t\t\t\t<div class=\"elementor-element elementor-element-c9b0e54 elementor-widget elementor-widget-text-editor\" data-id=\"c9b0e54\" data-element_type=\"widget\" data-e-type=\"widget\" data-widget_type=\"text-editor.default\">\n\t\t\t\t<div class=\"elementor-widget-container\">\n\t\t\t\t\t\t\t\t\t<p>Cr\u00f3nica escrita por CLARA BLANCHAR (<img decoding=\"async\" class=\"scale-with-grid\" src=\"http:\/\/rutesentrerefugis.com\/wp-content\/uploads\/2021\/03\/Twitter-10-Negre.jpg\" alt=\"\" \/>@clarablanchar), periodista del diario EL PA\u00cdS y colaboradora de la revista V\u00c8RTEX.<br \/>Publicada en la revista V\u00c8RTEX n\u00famero 291<\/p>\t\t\t\t\t\t\t\t<\/div>\n\t\t\t\t<\/div>\n\t\t\t\t\t<\/div>\n\t\t<\/div>\n\t\t\t\t\t<\/div>\n\t\t<\/section>\n\t\t\t\t<section class=\"elementor-section elementor-top-section elementor-element elementor-element-df088b6 elementor-section-full_width elementor-section-height-default elementor-section-height-default\" data-id=\"df088b6\" data-element_type=\"section\" data-e-type=\"section\">\n\t\t\t\t\t\t<div class=\"elementor-container elementor-column-gap-default\">\n\t\t\t\t\t<div class=\"elementor-column elementor-col-100 elementor-top-column elementor-element elementor-element-298e764\" data-id=\"298e764\" data-element_type=\"column\" data-e-type=\"column\">\n\t\t\t<div class=\"elementor-widget-wrap elementor-element-populated\">\n\t\t\t\t\t\t<div class=\"elementor-element elementor-element-8e13bf9 elementor-widget elementor-widget-text-editor\" data-id=\"8e13bf9\" data-element_type=\"widget\" data-e-type=\"widget\" data-widget_type=\"text-editor.default\">\n\t\t\t\t<div class=\"elementor-widget-container\">\n\t\t\t\t\t\t\t\t\t<h5><span lang=\"en-US\">Tres cuartos de siglo de historia son los que acumula la veterana editorial Alpina en su ingente aportaci\u00f3n a la cartograf\u00eda excursionista catalana. Pero no s\u00f3lo catalana, sino tambi\u00e9n de todos los Pirineos y de Espa\u00f1a; y no s\u00f3lo en la edici\u00f3n de mapas, ya que Alpina tambi\u00e9n publica gu\u00edas de excursionismo, naturaleza y deportes de monta\u00f1a.<\/h5>\t\t\t\t\t\t\t\t<\/div>\n\t\t\t\t<\/div>\n\t\t\t\t\t<\/div>\n\t\t<\/div>\n\t\t\t\t\t<\/div>\n\t\t<\/section>\n\t\t\t\t<section class=\"elementor-section elementor-top-section elementor-element elementor-element-8742cf0 elementor-section-full_width elementor-section-height-default elementor-section-height-default\" data-id=\"8742cf0\" data-element_type=\"section\" data-e-type=\"section\">\n\t\t\t\t\t\t<div class=\"elementor-container elementor-column-gap-default\">\n\t\t\t\t\t<div class=\"elementor-column elementor-col-100 elementor-top-column elementor-element elementor-element-ed56909\" data-id=\"ed56909\" data-element_type=\"column\" data-e-type=\"column\">\n\t\t\t<div class=\"elementor-widget-wrap elementor-element-populated\">\n\t\t\t\t\t\t<div class=\"elementor-element elementor-element-dce3b4b elementor-widget elementor-widget-image\" data-id=\"dce3b4b\" data-element_type=\"widget\" data-e-type=\"widget\" data-widget_type=\"image.default\">\n\t\t\t\t<div class=\"elementor-widget-container\">\n\t\t\t\t\t\t\t\t\t\t\t\t<figure class=\"wp-caption\">\n\t\t\t\t\t\t\t\t\t\t<img decoding=\"async\" width=\"2000\" height=\"1270\" src=\"https:\/\/rutesentrerefugis.com\/wp-content\/uploads\/2022\/12\/Mapes-amb-Historia-01.jpg\" class=\"attachment-full size-full wp-image-4313\" alt=\"\" srcset=\"https:\/\/rutesentrerefugis.com\/wp-content\/uploads\/2022\/12\/Mapes-amb-Historia-01.jpg 2000w, https:\/\/rutesentrerefugis.com\/wp-content\/uploads\/2022\/12\/Mapes-amb-Historia-01-300x191.jpg 300w, https:\/\/rutesentrerefugis.com\/wp-content\/uploads\/2022\/12\/Mapes-amb-Historia-01-1024x650.jpg 1024w, https:\/\/rutesentrerefugis.com\/wp-content\/uploads\/2022\/12\/Mapes-amb-Historia-01-768x488.jpg 768w, https:\/\/rutesentrerefugis.com\/wp-content\/uploads\/2022\/12\/Mapes-amb-Historia-01-1536x975.jpg 1536w\" sizes=\"(max-width: 2000px) 100vw, 2000px\" \/>\t\t\t\t\t\t\t\t\t\t\t<figcaption class=\"widget-image-caption wp-caption-text\">El Posets desde la cima del Perdiguero, en el Pirineo aragon\u00e9s.<\/br>La cartograf\u00eda no solo nos ubica en el entorno, si no que reproduce una cultura y una historia por medio de los top\u00f3nimos de cada territorio. (\u00a9 Jaume Tort)<\/figcaption>\n\t\t\t\t\t\t\t\t\t\t<\/figure>\n\t\t\t\t\t\t\t\t\t<\/div>\n\t\t\t\t<\/div>\n\t\t\t\t\t<\/div>\n\t\t<\/div>\n\t\t\t\t\t<\/div>\n\t\t<\/section>\n\t\t\t\t<section class=\"elementor-section elementor-top-section elementor-element elementor-element-d7a90e4 elementor-section-full_width elementor-section-height-default elementor-section-height-default\" data-id=\"d7a90e4\" data-element_type=\"section\" data-e-type=\"section\">\n\t\t\t\t\t\t<div class=\"elementor-container elementor-column-gap-default\">\n\t\t\t\t\t<div class=\"elementor-column elementor-col-100 elementor-top-column elementor-element elementor-element-153c029\" data-id=\"153c029\" data-element_type=\"column\" data-e-type=\"column\">\n\t\t\t<div class=\"elementor-widget-wrap elementor-element-populated\">\n\t\t\t\t\t\t<div class=\"elementor-element elementor-element-d152be4 elementor-widget elementor-widget-text-editor\" data-id=\"d152be4\" data-element_type=\"widget\" data-e-type=\"widget\" data-widget_type=\"text-editor.default\">\n\t\t\t\t<div class=\"elementor-widget-container\">\n\t\t\t\t\t\t\t\t\t<h4><span style=\"color: #000000;\"><span lang=\"en-US\"><u>DE LOS MAPAS A INSTAGRAM<\/u><\/span><\/span><\/h4>\n<h5>Que levante la mano el lector que no haya puesto nunca un dedo sobre un mapa de la editorial Alpina. \u00bfNinguno? \u00bfTodos sabemos de lo que estamos hablando? Seguimos. La popular editora de cartograf\u00eda excursionista y gu\u00edas de monta\u00f1a este 2021 ha hecho 75 a\u00f1os, una cifra redonda que tiene mucho m\u00e9rito cuando todo gira fren\u00e9ticamente hacia los soportes digitales. Pero para mucha y fuerte que sea la colonizaci\u00f3n de Internet, Wikiloc y los GPS, los mapas de papel siguen teniendo su lugar, tambi\u00e9n mejorados gracias a la tecnolog\u00eda digital.<\/br>\n<\/br>\n\u00abTu cuelgas un mapa en un refugio, en la recepci\u00f3n de un hotel o en un restaurante y es como un im\u00e1n: siempre estar\u00e1 rodeado de gente. Llegas a lo alto de una cima, sacas el mapa y pasa lo mismo: se te acerca una multitud a mirarlo\u00bb. Lo dice Mart\u00ed Nadal, director de la editorial y vehemente cuando defiende la cartograf\u00eda. Casi hace apolog\u00eda. O, m\u00e1s que apolog\u00eda, pone los mapas en valor. \u00abEl mapa es primordial para planificar, para saber por donde pasar\u00e1s, para tener perspectiva. No es incompatible con un reloj con GPS, pero por seguridad no es lo mismo ver que tienes alrededor que limitarte s\u00f3lo a una pantallita. Un mapa lo disfrutas antes, durante y despu\u00e9s. Lo compartes &#8230; Es la vida\u00bb. Nadal lamenta la poca cultura cartogr\u00e1fica que hay en estas latitudes. A diferencia, echa de menos, de Francia: \u00abAll\u00ed venden el doble de mapas porque desde peque\u00f1os saben donde van\u00bb.<\/h5>\t\t\t\t\t\t\t\t<\/div>\n\t\t\t\t<\/div>\n\t\t\t\t\t<\/div>\n\t\t<\/div>\n\t\t\t\t\t<\/div>\n\t\t<\/section>\n\t\t\t\t<section class=\"elementor-section elementor-top-section elementor-element elementor-element-dfb7f8a elementor-section-full_width elementor-section-height-default elementor-section-height-default\" data-id=\"dfb7f8a\" data-element_type=\"section\" data-e-type=\"section\">\n\t\t\t\t\t\t<div class=\"elementor-container elementor-column-gap-default\">\n\t\t\t\t\t<div class=\"elementor-column elementor-col-50 elementor-top-column elementor-element elementor-element-8d298a0\" data-id=\"8d298a0\" data-element_type=\"column\" data-e-type=\"column\">\n\t\t\t<div class=\"elementor-widget-wrap elementor-element-populated\">\n\t\t\t\t\t\t<div class=\"elementor-element elementor-element-7d10cd1 elementor-widget elementor-widget-image\" data-id=\"7d10cd1\" data-element_type=\"widget\" data-e-type=\"widget\" data-widget_type=\"image.default\">\n\t\t\t\t<div class=\"elementor-widget-container\">\n\t\t\t\t\t\t\t\t\t\t\t\t<figure class=\"wp-caption\">\n\t\t\t\t\t\t\t\t\t\t<img decoding=\"async\" width=\"1000\" height=\"700\" src=\"https:\/\/rutesentrerefugis.com\/wp-content\/uploads\/2022\/12\/Mapes-amb-Historia-02.jpg\" class=\"attachment-full size-full wp-image-4318\" alt=\"\" srcset=\"https:\/\/rutesentrerefugis.com\/wp-content\/uploads\/2022\/12\/Mapes-amb-Historia-02.jpg 1000w, https:\/\/rutesentrerefugis.com\/wp-content\/uploads\/2022\/12\/Mapes-amb-Historia-02-300x210.jpg 300w, https:\/\/rutesentrerefugis.com\/wp-content\/uploads\/2022\/12\/Mapes-amb-Historia-02-768x538.jpg 768w\" sizes=\"(max-width: 1000px) 100vw, 1000px\" \/>\t\t\t\t\t\t\t\t\t\t\t<figcaption class=\"widget-image-caption wp-caption-text\">Ca\u00f1on de A\u00f1isclo, las Tres Sorores y las Tres Mar\u00edas, en el macizo del Monte Perdido.<\/br>El mapa de Ordesa y Monte Perdido ha sido el m\u00e1s vendido de la historia de la Editorial Alpina.<\/br>(\u00a9 Joan L\u00f3pez)<\/figcaption>\n\t\t\t\t\t\t\t\t\t\t<\/figure>\n\t\t\t\t\t\t\t\t\t<\/div>\n\t\t\t\t<\/div>\n\t\t\t\t\t<\/div>\n\t\t<\/div>\n\t\t\t\t<div class=\"elementor-column elementor-col-50 elementor-top-column elementor-element elementor-element-d2fb044\" data-id=\"d2fb044\" data-element_type=\"column\" data-e-type=\"column\">\n\t\t\t<div class=\"elementor-widget-wrap elementor-element-populated\">\n\t\t\t\t\t\t<div class=\"elementor-element elementor-element-838bcee elementor-widget elementor-widget-image\" data-id=\"838bcee\" data-element_type=\"widget\" data-e-type=\"widget\" data-widget_type=\"image.default\">\n\t\t\t\t<div class=\"elementor-widget-container\">\n\t\t\t\t\t\t\t\t\t\t\t\t<figure class=\"wp-caption\">\n\t\t\t\t\t\t\t\t\t\t<img loading=\"lazy\" decoding=\"async\" width=\"1000\" height=\"700\" src=\"https:\/\/rutesentrerefugis.com\/wp-content\/uploads\/2022\/12\/Mapes-amb-Historia-03.jpg\" class=\"attachment-full size-full wp-image-4319\" alt=\"\" srcset=\"https:\/\/rutesentrerefugis.com\/wp-content\/uploads\/2022\/12\/Mapes-amb-Historia-03.jpg 1000w, https:\/\/rutesentrerefugis.com\/wp-content\/uploads\/2022\/12\/Mapes-amb-Historia-03-300x210.jpg 300w, https:\/\/rutesentrerefugis.com\/wp-content\/uploads\/2022\/12\/Mapes-amb-Historia-03-768x538.jpg 768w\" sizes=\"(max-width: 1000px) 100vw, 1000px\" \/>\t\t\t\t\t\t\t\t\t\t\t<figcaption class=\"widget-image-caption wp-caption-text\">El primer mapa Alpina fue el de Sant Lloren\u00e7 del Munt<\/br>y la segunda publicaci\u00f3n, el Manual de alpinismo.<\/br>Ambas obras datan de 1946, el a\u00f1o de la fundaci\u00f3n de la editorial en Granollers. (\u00a9 Clara Blanchar)<\/figcaption>\n\t\t\t\t\t\t\t\t\t\t<\/figure>\n\t\t\t\t\t\t\t\t\t<\/div>\n\t\t\t\t<\/div>\n\t\t\t\t\t<\/div>\n\t\t<\/div>\n\t\t\t\t\t<\/div>\n\t\t<\/section>\n\t\t\t\t<section class=\"elementor-section elementor-top-section elementor-element elementor-element-8ff0afd elementor-section-full_width elementor-section-height-default elementor-section-height-default\" data-id=\"8ff0afd\" data-element_type=\"section\" data-e-type=\"section\">\n\t\t\t\t\t\t<div class=\"elementor-container elementor-column-gap-default\">\n\t\t\t\t\t<div class=\"elementor-column elementor-col-100 elementor-top-column elementor-element elementor-element-6e82def\" data-id=\"6e82def\" data-element_type=\"column\" data-e-type=\"column\">\n\t\t\t<div class=\"elementor-widget-wrap elementor-element-populated\">\n\t\t\t\t\t\t<div class=\"elementor-element elementor-element-9e21748 elementor-widget elementor-widget-text-editor\" data-id=\"9e21748\" data-element_type=\"widget\" data-e-type=\"widget\" data-widget_type=\"text-editor.default\">\n\t\t\t\t<div class=\"elementor-widget-container\">\n\t\t\t\t\t\t\t\t\t<h5>Alpina es a\u00fan hoy en d\u00eda una empresa familiar con sede en Granollers, donde tienen dos locales: en uno las oficinas y el archivo; y en el otro, el almac\u00e9n. La editorial pertenece a los descendientes de uno de los cuatro fundadores en 1946, Salvador Llobet, y tiene cuatro trabajadores y una vasta red de colaboradores: bi\u00f3logos, ge\u00f3grafos y personas del territorio que hacen trabajo de campo y conocen la toponimia local. \u00abPor mucha informaci\u00f3n que tengamos, hay que desplazarse: hay fuentes que no sabes si manan, hay que hablar con la gente mayor para saber c\u00f3mo se llaman, de cada lugar &#8230; \u00bb, defiende Mart\u00ed. Adem\u00e1s, hay que ir de la mano de entidades, parques naturales o consejos comarcales. Aun as\u00ed, siempre hay quien les avisa de correcciones a hacer, sobre todo de toponimia muy local de sitios o caminos.<\/br>\n<\/br>\n\u00abAlpina existe porque complementamos la cartograf\u00eda oficial, la enriquecemos y la adaptamos para el excursionismo\u00bb, explica Nadal. Hasta los a\u00f1os 80 la base eran mapas militares, del Servicio Cartogr\u00e1fico del Ej\u00e9rcito, y luego llegaron los del Instituto Geogr\u00e1fico Nacional de Espa\u00f1a y del Institut Cartogr\u00e0fic de Catalunya. \u00abAlpina dio un salto cualitativo con la incorporaci\u00f3n de tecnolog\u00eda a finales de los a\u00f1os noventa. Permite tener m\u00e1s precisi\u00f3n, m\u00e1s claridad y m\u00e1s rapidez a la hora de hacer actualizaciones\u00bb, dice Mart\u00ed. Los primeros mapas, los de las cubiertas verde, naranja, roja o marr\u00f3n, se hac\u00edan a mano y las correcciones se a\u00f1ad\u00edan con papel vegetal. Mantiene que \u00abla esencia es la misma del 46, aunque los medios de captura de la informaci\u00f3n son mucho m\u00e1s precisos\u00bb. En el caso de los parques naturales, sus t\u00e9cnicos son los que tienen la \u00faltima palabra. Tambi\u00e9n cuando piden no se\u00f1alar caminos o parajes que conviene preservar. \u00abEscucho a la gente. El equilibrio entre poner o no poner es delicado. \u00bfPonemos unas pozas? \u00bfLo hacemos o no lo hacemos? Me gusta pensar que la persona que va hasta una librer\u00eda y compra un mapa es dif\u00edcil que no sea respectuosa\u00bb, argumenta.<\/br>\n<\/br>\nMart\u00ed Nadal no se atreve a contestar si Alpina es l\u00edder en Espa\u00f1a. \u00abNo lo s\u00e9, pero somos los que tenemos m\u00e1s cartograf\u00eda de Espa\u00f1a\u00bb, responde. Ahora mismo el hit de la editorial, el m\u00e1s vendido, es el mapa de excursiones por Mallorca, dirigido al p\u00fablico alem\u00e1n. S\u00f3lo de la sierra de Tramuntana, Alpina tiene nueve productos. Y la editorial tiene delegaci\u00f3n en la isla y edita en seis idiomas: catal\u00e1n, castellano, franc\u00e9s, ingl\u00e9s, alem\u00e1n y euskera cuando tocan en el Pa\u00eds Vasco. Rebobinando en el tiempo, no hay duda: el m\u00e1s vendido es el mapa de Ordesa. Y descontando el Pirineo (de punta a punta y del derecho y del rev\u00e9s) y el resto de Catalu\u00f1a, tienen material de \u00abtodo lo que tenga inter\u00e9s\u00bb: Sierra Nevada, Cabo de Gata, Picos de Europa, islas Canarias. La editorial tambi\u00e9n edit\u00f3 mapas y gu\u00edas de Andaluc\u00eda.<\/h5>\t\t\t\t\t\t\t\t<\/div>\n\t\t\t\t<\/div>\n\t\t\t\t\t<\/div>\n\t\t<\/div>\n\t\t\t\t\t<\/div>\n\t\t<\/section>\n\t\t\t\t<section class=\"elementor-section elementor-top-section elementor-element elementor-element-d02dff8 elementor-section-full_width elementor-section-height-default elementor-section-height-default\" data-id=\"d02dff8\" data-element_type=\"section\" data-e-type=\"section\">\n\t\t\t\t\t\t<div class=\"elementor-container elementor-column-gap-default\">\n\t\t\t\t\t<div class=\"elementor-column elementor-col-50 elementor-top-column elementor-element elementor-element-911c45a\" data-id=\"911c45a\" data-element_type=\"column\" data-e-type=\"column\">\n\t\t\t<div class=\"elementor-widget-wrap elementor-element-populated\">\n\t\t\t\t\t\t<div class=\"elementor-element elementor-element-abb4df2 elementor-widget elementor-widget-image\" data-id=\"abb4df2\" data-element_type=\"widget\" data-e-type=\"widget\" data-widget_type=\"image.default\">\n\t\t\t\t<div class=\"elementor-widget-container\">\n\t\t\t\t\t\t\t\t\t\t\t\t\t\t\t<img loading=\"lazy\" decoding=\"async\" width=\"1000\" height=\"750\" src=\"https:\/\/rutesentrerefugis.com\/wp-content\/uploads\/2022\/12\/Mapes-amb-Historia-04.jpg\" class=\"attachment-full size-full wp-image-4332\" alt=\"\" srcset=\"https:\/\/rutesentrerefugis.com\/wp-content\/uploads\/2022\/12\/Mapes-amb-Historia-04.jpg 1000w, https:\/\/rutesentrerefugis.com\/wp-content\/uploads\/2022\/12\/Mapes-amb-Historia-04-300x225.jpg 300w, https:\/\/rutesentrerefugis.com\/wp-content\/uploads\/2022\/12\/Mapes-amb-Historia-04-768x576.jpg 768w\" sizes=\"(max-width: 1000px) 100vw, 1000px\" \/>\t\t\t\t\t\t\t\t\t\t\t\t\t\t\t<\/div>\n\t\t\t\t<\/div>\n\t\t\t\t\t<\/div>\n\t\t<\/div>\n\t\t\t\t<div class=\"elementor-column elementor-col-50 elementor-top-column elementor-element elementor-element-9c419e7\" data-id=\"9c419e7\" data-element_type=\"column\" data-e-type=\"column\">\n\t\t\t<div class=\"elementor-widget-wrap elementor-element-populated\">\n\t\t\t\t\t\t<div class=\"elementor-element elementor-element-9ce8403 elementor-widget elementor-widget-text-editor\" data-id=\"9ce8403\" data-element_type=\"widget\" data-e-type=\"widget\" data-widget_type=\"text-editor.default\">\n\t\t\t\t<div class=\"elementor-widget-container\">\n\t\t\t\t\t\t\t\t\t<h5>Adem\u00e1s de los mapas, Alpina edita con mucho \u00e9xito gu\u00edas familiares, de naturaleza, traves\u00edas, senderos GR, gu\u00edas excursionistas, de esqu\u00ed de monta\u00f1a, de v\u00edas ferratas, etc. Como norma general, reeditan cada dos a\u00f1os.<\/br>\n<\/br>\nTambi\u00e9n trabajan por encargo. Hacen, por ejemplo, los mapas oficiales para carreras de monta\u00f1a y ultratrail, o impresiones especiales para colgar. Los paneles informativos del entorno y mapas del refugio Els Estudis de Espinavell, por ejemplo, los hicieron ellos. Incluso han impreso manteles o alfombras de bienvenida.<\/br>\n<\/br>\nAparte hay productos \u00fanicos, como el detallad\u00edsimo mapa <em>Monte Perdido<\/em> de escala 1:15.000; o una idea fija del mismo Nadal que pocos ve\u00edan clara, pero que ya va por la tercera edici\u00f3n: un mapa del Pirineo de punta a punta que hace dos metros. En total, el cat\u00e1logo tiene 120 productos y editan tres o cuatro mapas y gu\u00edas al a\u00f1o. \u00abCada vez cuesta m\u00e1s\u00bb, asegura Mart\u00ed, \u00abporque con el tema tecnol\u00f3gico hay de todo. Antes no hab\u00eda nada y ahora vas a la oficina de turismo y lo primero que te dan es un mapa: \u00abNo sabemos si somos cultura, turismo o deporte &#8230; Somos de todo\u00bb, lanza el director de la editorial, que se queja abiertamente de la \u00abcero presencia en los medios que tiene la cartograf\u00eda\u00bb.<\/h5>\t\t\t\t\t\t\t\t<\/div>\n\t\t\t\t<\/div>\n\t\t\t\t\t<\/div>\n\t\t<\/div>\n\t\t\t\t\t<\/div>\n\t\t<\/section>\n\t\t\t\t<section class=\"elementor-section elementor-top-section elementor-element elementor-element-4003676 elementor-section-full_width elementor-section-height-default elementor-section-height-default\" data-id=\"4003676\" data-element_type=\"section\" data-e-type=\"section\">\n\t\t\t\t\t\t<div class=\"elementor-container elementor-column-gap-default\">\n\t\t\t\t\t<div class=\"elementor-column elementor-col-100 elementor-top-column elementor-element elementor-element-ea9473f\" data-id=\"ea9473f\" data-element_type=\"column\" data-e-type=\"column\">\n\t\t\t<div class=\"elementor-widget-wrap elementor-element-populated\">\n\t\t\t\t\t\t<div class=\"elementor-element elementor-element-e5dde9f elementor-widget elementor-widget-text-editor\" data-id=\"e5dde9f\" data-element_type=\"widget\" data-e-type=\"widget\" data-widget_type=\"text-editor.default\">\n\t\t\t\t<div class=\"elementor-widget-container\">\n\t\t\t\t\t\t\t\t\t<h5>Ellos s\u00ed hacen un esfuerzo por ampliar esta presencia en las redes sociales: \u00abSon un escaparate: Facebook para el producto, Instagram para las fotos\u00bb. Los canales de venta de Alpina son las tiendas de los pueblos de las zonas que tratan, alojamientos o las librer\u00edas especializadas. \u00bfY Internet? \u00abEn volumen, representa los pedidos de una librer\u00eda de las que m\u00e1s compra\u00bb. De las librer\u00edas que m\u00e1s a\u00f1os hace que despachan mapas de Alpina, hay una que gana la editorial en a\u00f1os. Es la antigua y centenaria Quera, en la calle de Petritxol de Barcelona, reconvertida en Espacio Quera desde que, adem\u00e1s de ser uno de los epicentros de la cultura excursionista, tambi\u00e9n ofrece vinos y <em>platillos<\/em>.<\/br>\n<\/br>\nAl frente est\u00e1 Raimon Quera, cuarta generaci\u00f3n y nieto de uno de los fundadores de Alpina. \u00abLa cartograf\u00eda te da la independencia. Es como cuando te sacas el carnet de conducir con 18 a\u00f1os; si sabes leer un mapa, el mundo es tuyo\u00bb, dice Quera con un entusiasmo que celebra \u00abla inquietud de quien se interesa por el entorno\u00bb y que contrasta con \u00aba quien le basta con un <em>track<\/em> sin saber qu\u00e9 \u00e1rboles ha visto, qu\u00e9 cima ha subido, ni por qu\u00e9 por donde ha pasado\u00bb. Raimon aplaude como Alpina se ha adaptado a los tiempos: \u00abDesde que la gente que iba a la monta\u00f1a sinti\u00f3 la necesidad de tener una cartograf\u00eda m\u00e1s precisa que las hojas oficiales, ha sabido evolucionar con las nuevas herramientas y est\u00e1n publicando mapas de gran precisi\u00f3n. La mejor prueba de c\u00f3mo lo hacen es que aguantan. Si la sociedad avanza y t\u00fa no, nadie te espera\u00bb, asegura quien ha vivido la necesidad de reinventarse. A la pregunta de Mart\u00ed Nadal, la del significado de un mapa, tiene clara la respuesta: \u00abUn mapa es cultura. Te refleja el entorno, lo que te rodea, te permite imaginar que eres un puntito que se mueve y encuentra una fuente o un sendero. Un mapa te lo andas, es un lujo, es cojonudo, es una gran herramienta aunque no todo el mundo la sabe leer\u00bb. Quera discrepa con el director de la editorial cuando compara la cartograf\u00eda que hace Alpina con la francesa: \u00abAlpina te aporta m\u00e1s que los mapas oficiales porque se atreve a marcar posibles ascensiones. En los mapas franceses sale estrictamente lo que hay\u00bb.<\/br>\n<\/br>\nDesde Vic, el propietario de la librer\u00eda Muntanya de Llibres, Xevi Cortacans, aun se\u00f1ala otro valor de la editorial de Granollers: \u00ab\u00c9s una anomal\u00eda a nivel europeo o mundial. No hay muchas editoriales privadas que hagan un trabajo tan riguroso y una escala 1:25.000. Hacen mapas 1:40.000 o 1:50.000, no est\u00e1n pensados para hacer excursiones. La clave se encuentra en el rigor, en el trabajo artesanal. Si hacen los mapas de las carreras, es porque tienen un prestigio\u00bb. Cortacans explica que a pesar de lo que pueda parecer, hay gente de todas las edades que compra mapas: \u00abQuien ya ha hecho todos los cl\u00e1sicos, aunque sea joven, entra, se interesa\u00bb. Y a\u00f1ade: \u00abTambi\u00e9n se nota quien ha tenido mapas en casa\u00bb. El librero de Vic acaba con una frase que parecer\u00eda m\u00e1s propia de un comercial que de un cliente: \u00abAlpina es como la Coca-Cola con las bebidas, es el refresco por excelencia\u00bb.<\/h5>\t\t\t\t\t\t\t\t<\/div>\n\t\t\t\t<\/div>\n\t\t\t\t\t<\/div>\n\t\t<\/div>\n\t\t\t\t\t<\/div>\n\t\t<\/section>\n\t\t\t\t<section class=\"elementor-section elementor-top-section elementor-element elementor-element-6176f36 elementor-section-full_width elementor-section-height-default elementor-section-height-default\" data-id=\"6176f36\" data-element_type=\"section\" data-e-type=\"section\">\n\t\t\t\t\t\t<div class=\"elementor-container elementor-column-gap-default\">\n\t\t\t\t\t<div class=\"elementor-column elementor-col-50 elementor-top-column elementor-element elementor-element-53a9a69\" data-id=\"53a9a69\" data-element_type=\"column\" data-e-type=\"column\">\n\t\t\t<div class=\"elementor-widget-wrap elementor-element-populated\">\n\t\t\t\t\t\t<div class=\"elementor-element elementor-element-072da71 elementor-widget elementor-widget-text-editor\" data-id=\"072da71\" data-element_type=\"widget\" data-e-type=\"widget\" data-widget_type=\"text-editor.default\">\n\t\t\t\t<div class=\"elementor-widget-container\">\n\t\t\t\t\t\t\t\t\t<h4><span style=\"color: #000000;\"><span lang=\"en-US\"><u>ALPINA NO POD\u00cdA NO TENER EL CARLIT<\/u><\/span><\/span><\/h4>\n<h5>Aunque est\u00e1bamos en la fase 1 de la crisis del coronavirus cuando Mart\u00ed Nadal ped\u00eda a quien firma estas l\u00edneas que esperara. \u00abSi te esperas, llegar\u00e1n las carpetas del mapa del Carlit y te lo podr\u00e1s llevar\u00bb. Le avisaron. Llegaron. Repartidor: \u00abBuenos d\u00edas, aqu\u00ed las tienes\u00bb, y las cajas ya est\u00e1n en el almac\u00e9n. Faltaba abrirlas, con una emoci\u00f3n que s\u00f3lo se explica cuando hay mucho trabajo detr\u00e1s. \u00abAlpina no pod\u00eda no tener el Carlit\u00bb, dec\u00eda Nadal con la satisfacci\u00f3n de quien elimina algo de una lista de tareas pendientes. Y plegaba la carpeta para meter el mapa. Porque el Carlit-Bollosa estrena adem\u00e1s un nuevo formato: en lugar de la gu\u00eda que hasta ahora ha acompa\u00f1ado a los mapas, la presentaci\u00f3n consiste ahora en una carpeta m\u00e1s sint\u00e9tica y visual que se desarrolla en tres partes, como un tr\u00edptico. Por cierto, que durante el estado de alarma el mapa m\u00e1s vendido por Alpina fue el <em>Guadarrama-Pedriza<\/em>, las dos sierras donde los madrile\u00f1os pudieron huir as\u00ed que los cambios lo permitieron.<\/h5>\t\t\t\t\t\t\t\t<\/div>\n\t\t\t\t<\/div>\n\t\t\t\t\t<\/div>\n\t\t<\/div>\n\t\t\t\t<div class=\"elementor-column elementor-col-50 elementor-top-column elementor-element elementor-element-f61ede2\" data-id=\"f61ede2\" data-element_type=\"column\" data-e-type=\"column\">\n\t\t\t<div class=\"elementor-widget-wrap elementor-element-populated\">\n\t\t\t\t\t\t<div class=\"elementor-element elementor-element-ec6b3f5 elementor-widget elementor-widget-image\" data-id=\"ec6b3f5\" data-element_type=\"widget\" data-e-type=\"widget\" data-widget_type=\"image.default\">\n\t\t\t\t<div class=\"elementor-widget-container\">\n\t\t\t\t\t\t\t\t\t\t\t\t<figure class=\"wp-caption\">\n\t\t\t\t\t\t\t\t\t\t<img loading=\"lazy\" decoding=\"async\" width=\"1000\" height=\"570\" src=\"https:\/\/rutesentrerefugis.com\/wp-content\/uploads\/2022\/12\/Mapes-amb-Historia-05.jpg\" class=\"attachment-full size-full wp-image-4351\" alt=\"\" srcset=\"https:\/\/rutesentrerefugis.com\/wp-content\/uploads\/2022\/12\/Mapes-amb-Historia-05.jpg 1000w, https:\/\/rutesentrerefugis.com\/wp-content\/uploads\/2022\/12\/Mapes-amb-Historia-05-300x171.jpg 300w, https:\/\/rutesentrerefugis.com\/wp-content\/uploads\/2022\/12\/Mapes-amb-Historia-05-768x438.jpg 768w\" sizes=\"(max-width: 1000px) 100vw, 1000px\" \/>\t\t\t\t\t\t\t\t\t\t\t<figcaption class=\"widget-image-caption wp-caption-text\">Carpeta del mapa Carlit-Bollosa (\u00a9 Clara Blanchar)<\/figcaption>\n\t\t\t\t\t\t\t\t\t\t<\/figure>\n\t\t\t\t\t\t\t\t\t<\/div>\n\t\t\t\t<\/div>\n\t\t\t\t\t<\/div>\n\t\t<\/div>\n\t\t\t\t\t<\/div>\n\t\t<\/section>\n\t\t\t\t<section class=\"elementor-section elementor-top-section elementor-element elementor-element-d636ae4 elementor-section-full_width elementor-section-height-default elementor-section-height-default\" data-id=\"d636ae4\" data-element_type=\"section\" data-e-type=\"section\" data-settings=\"{&quot;background_background&quot;:&quot;classic&quot;}\">\n\t\t\t\t\t\t<div class=\"elementor-container elementor-column-gap-default\">\n\t\t\t\t\t<div class=\"elementor-column elementor-col-33 elementor-top-column elementor-element elementor-element-1144d0e\" data-id=\"1144d0e\" data-element_type=\"column\" data-e-type=\"column\">\n\t\t\t<div class=\"elementor-widget-wrap elementor-element-populated\">\n\t\t\t\t\t\t<div class=\"elementor-element elementor-element-5c0e1a4 elementor-widget elementor-widget-image\" data-id=\"5c0e1a4\" data-element_type=\"widget\" data-e-type=\"widget\" data-widget_type=\"image.default\">\n\t\t\t\t<div class=\"elementor-widget-container\">\n\t\t\t\t\t\t\t\t\t\t\t\t\t\t\t<img loading=\"lazy\" decoding=\"async\" width=\"300\" height=\"515\" src=\"https:\/\/rutesentrerefugis.com\/wp-content\/uploads\/2022\/12\/Rutes-Accessibles-Alpina.jpg\" class=\"attachment-full size-full wp-image-4356\" alt=\"\" srcset=\"https:\/\/rutesentrerefugis.com\/wp-content\/uploads\/2022\/12\/Rutes-Accessibles-Alpina.jpg 300w, https:\/\/rutesentrerefugis.com\/wp-content\/uploads\/2022\/12\/Rutes-Accessibles-Alpina-175x300.jpg 175w\" sizes=\"(max-width: 300px) 100vw, 300px\" \/>\t\t\t\t\t\t\t\t\t\t\t\t\t\t\t<\/div>\n\t\t\t\t<\/div>\n\t\t\t\t\t<\/div>\n\t\t<\/div>\n\t\t\t\t<div class=\"elementor-column elementor-col-33 elementor-top-column elementor-element elementor-element-592bbc1\" data-id=\"592bbc1\" data-element_type=\"column\" data-e-type=\"column\">\n\t\t\t<div class=\"elementor-widget-wrap elementor-element-populated\">\n\t\t\t\t\t\t<div class=\"elementor-element elementor-element-f526230 elementor-widget elementor-widget-text-editor\" data-id=\"f526230\" data-element_type=\"widget\" data-e-type=\"widget\" data-widget_type=\"text-editor.default\">\n\t\t\t\t<div class=\"elementor-widget-container\">\n\t\t\t\t\t\t\t\t\t<h4><span style=\"color: #000000;\"><span lang=\"en-US\"><u>UNA GU\u00cdA DE RUTAS ACCESIBLES EN SILLA DE RUEDAS<\/u><\/span><\/span><\/h4>\t\t\t\t\t\t\t\t<\/div>\n\t\t\t\t<\/div>\n\t\t\t\t<div class=\"elementor-element elementor-element-f8c17ac elementor-widget elementor-widget-text-editor\" data-id=\"f8c17ac\" data-element_type=\"widget\" data-e-type=\"widget\" data-widget_type=\"text-editor.default\">\n\t\t\t\t<div class=\"elementor-widget-container\">\n\t\t\t\t\t\t\t\t\t<h5>El t\u00edtulo es <em>Rutes accesibles per Catalunya<\/em> y nace de la terquedad de Anna Maria G\u00f2dia, vecina de Arenys de Mar. Hasta que naci\u00f3 su hijo Aran su tiempo libre lo dedicaba con su compa\u00f1ero a la monta\u00f1a. Pero el ni\u00f1o, que ahora tiene seis a\u00f1os, naci\u00f3 con una enfermedad minoritaria que no tiene ni nombre. Es fruto de una mutaci\u00f3n del gen STXBP1 y convierte los pacientes en muy dependientes. \u00abCuando sali\u00f3 de la UCI, fuimos a hacer una cima\u00bb, dice mostrando c\u00f3mo afrontar la situaci\u00f3n. \u00abAl crecer tuvimos que comprar un cochecito y empezamos a buscar rutas aptas, con buen terreno y nada de desnivel, pero todo lo que encontr\u00e1bamos eran pase\u00edtos de 200 metros\u00bb, relata. As\u00ed comenz\u00f3 una b\u00fasqueda que ha acabado con la gu\u00eda, editada por Alpina y con la colaboraci\u00f3n de la asociaci\u00f3n STXBP1. Esta publicaci\u00f3n compila 20 rutas \u00abde una hora o m\u00e1s\u00bb, desde la primera que encontraron en Andorra \u00aba 1.700 metros, vistas y un lago al final\u00bb, hasta el Delta, Banyoles o los Aiguamolls del Empord\u00e0.<\/h5>\t\t\t\t\t\t\t\t<\/div>\n\t\t\t\t<\/div>\n\t\t\t\t\t<\/div>\n\t\t<\/div>\n\t\t\t\t<div class=\"elementor-column elementor-col-33 elementor-top-column elementor-element elementor-element-ffb6c17\" data-id=\"ffb6c17\" data-element_type=\"column\" data-e-type=\"column\">\n\t\t\t<div class=\"elementor-widget-wrap elementor-element-populated\">\n\t\t\t\t\t\t<div class=\"elementor-element elementor-element-88fb480 elementor-widget elementor-widget-image\" data-id=\"88fb480\" data-element_type=\"widget\" data-e-type=\"widget\" data-widget_type=\"image.default\">\n\t\t\t\t<div class=\"elementor-widget-container\">\n\t\t\t\t\t\t\t\t\t\t\t\t\t\t\t<img loading=\"lazy\" decoding=\"async\" width=\"300\" height=\"287\" src=\"https:\/\/rutesentrerefugis.com\/wp-content\/uploads\/2022\/12\/Rutes-Accessibles-Alpina-Rutes.jpg\" class=\"attachment-full size-full wp-image-4357\" alt=\"\" \/>\t\t\t\t\t\t\t\t\t\t\t\t\t\t\t<\/div>\n\t\t\t\t<\/div>\n\t\t\t\t\t<\/div>\n\t\t<\/div>\n\t\t\t\t\t<\/div>\n\t\t<\/section>\n\t\t\t\t<section class=\"elementor-section elementor-top-section elementor-element elementor-element-aa8f872 elementor-section-full_width elementor-section-height-default elementor-section-height-default\" data-id=\"aa8f872\" data-element_type=\"section\" data-e-type=\"section\">\n\t\t\t\t\t\t<div class=\"elementor-container elementor-column-gap-default\">\n\t\t\t\t\t<div class=\"elementor-column elementor-col-100 elementor-top-column elementor-element elementor-element-cf94727\" data-id=\"cf94727\" data-element_type=\"column\" data-e-type=\"column\">\n\t\t\t<div class=\"elementor-widget-wrap elementor-element-populated\">\n\t\t\t\t\t\t<div class=\"elementor-element elementor-element-55d91d7 elementor-widget elementor-widget-spacer\" data-id=\"55d91d7\" data-element_type=\"widget\" data-e-type=\"widget\" data-widget_type=\"spacer.default\">\n\t\t\t\t<div class=\"elementor-widget-container\">\n\t\t\t\t\t\t\t<div class=\"elementor-spacer\">\n\t\t\t<div class=\"elementor-spacer-inner\"><\/div>\n\t\t<\/div>\n\t\t\t\t\t\t<\/div>\n\t\t\t\t<\/div>\n\t\t\t\t\t<\/div>\n\t\t<\/div>\n\t\t\t\t\t<\/div>\n\t\t<\/section>\n\t\t\t\t<section class=\"elementor-section elementor-top-section elementor-element elementor-element-4c223a0 elementor-section-full_width elementor-section-height-default elementor-section-height-default\" data-id=\"4c223a0\" data-element_type=\"section\" data-e-type=\"section\" data-settings=\"{&quot;background_background&quot;:&quot;classic&quot;}\">\n\t\t\t\t\t\t<div class=\"elementor-container elementor-column-gap-default\">\n\t\t\t\t\t<div class=\"elementor-column elementor-col-100 elementor-top-column elementor-element elementor-element-b76722a\" data-id=\"b76722a\" data-element_type=\"column\" data-e-type=\"column\">\n\t\t\t<div class=\"elementor-widget-wrap elementor-element-populated\">\n\t\t\t\t\t\t<div class=\"elementor-element elementor-element-db5dfd6 elementor-widget elementor-widget-image\" data-id=\"db5dfd6\" data-element_type=\"widget\" data-e-type=\"widget\" data-widget_type=\"image.default\">\n\t\t\t\t<div class=\"elementor-widget-container\">\n\t\t\t\t\t\t\t\t\t\t\t\t\t\t\t<img loading=\"lazy\" decoding=\"async\" width=\"100\" height=\"100\" src=\"https:\/\/rutesentrerefugis.com\/wp-content\/uploads\/2021\/04\/Clara-Blanchar-NW-Negre.jpg\" class=\"attachment-full size-full wp-image-7228\" alt=\"\" \/>\t\t\t\t\t\t\t\t\t\t\t\t\t\t\t<\/div>\n\t\t\t\t<\/div>\n\t\t\t\t<div class=\"elementor-element elementor-element-289da04 elementor-widget elementor-widget-text-editor\" data-id=\"289da04\" data-element_type=\"widget\" data-e-type=\"widget\" data-widget_type=\"text-editor.default\">\n\t\t\t\t<div class=\"elementor-widget-container\">\n\t\t\t\t\t\t\t\t\t<h4>CLARA BLANCHAR<\/h4>\n<h5>Periodista de la redacci\u00f3n de Barcelona del diario El Pa\u00eds, ha pasado por las secciones de econom\u00eda, pol\u00edtica, deportes y municipal. La ciudad, el urbanismo y la movilidad son sus principales \u00e1reas de informaci\u00f3n. Para tomar distancia, intenta salir todo lo que puede de la urbe para pedalear o caminar. Cuando la informaci\u00f3n diaria le da una tregua colabora con Ciclosfera o V\u00e8rtex y tiene una mini secci\u00f3n semanal en el programa Aqu\u00ed Cun\u00ed de la Cadena SER.<\/h5>\t\t\t\t\t\t\t\t<\/div>\n\t\t\t\t<\/div>\n\t\t\t\t\t<\/div>\n\t\t<\/div>\n\t\t\t\t\t<\/div>\n\t\t<\/section>\n\t\t\t\t<section class=\"elementor-section elementor-top-section elementor-element elementor-element-c5916d8 elementor-section-full_width elementor-section-height-default elementor-section-height-default\" data-id=\"c5916d8\" data-element_type=\"section\" data-e-type=\"section\">\n\t\t\t\t\t\t<div class=\"elementor-container elementor-column-gap-default\">\n\t\t\t\t\t<div class=\"elementor-column elementor-col-100 elementor-top-column elementor-element elementor-element-eaf7d1c\" data-id=\"eaf7d1c\" data-element_type=\"column\" data-e-type=\"column\">\n\t\t\t<div class=\"elementor-widget-wrap elementor-element-populated\">\n\t\t\t\t\t\t<div class=\"elementor-element elementor-element-a4f2400 elementor-widget elementor-widget-spacer\" data-id=\"a4f2400\" data-element_type=\"widget\" data-e-type=\"widget\" data-widget_type=\"spacer.default\">\n\t\t\t\t<div class=\"elementor-widget-container\">\n\t\t\t\t\t\t\t<div class=\"elementor-spacer\">\n\t\t\t<div class=\"elementor-spacer-inner\"><\/div>\n\t\t<\/div>\n\t\t\t\t\t\t<\/div>\n\t\t\t\t<\/div>\n\t\t\t\t\t<\/div>\n\t\t<\/div>\n\t\t\t\t\t<\/div>\n\t\t<\/section>\n\t\t\t\t<section class=\"elementor-section elementor-top-section elementor-element elementor-element-d03f068 elementor-section-full_width elementor-section-height-default elementor-section-height-default\" data-id=\"d03f068\" data-element_type=\"section\" data-e-type=\"section\">\n\t\t\t\t\t\t<div class=\"elementor-container elementor-column-gap-default\">\n\t\t\t\t\t<div class=\"elementor-column elementor-col-100 elementor-top-column elementor-element elementor-element-67197d5\" data-id=\"67197d5\" data-element_type=\"column\" data-e-type=\"column\">\n\t\t\t<div class=\"elementor-widget-wrap elementor-element-populated\">\n\t\t\t\t\t\t<div class=\"elementor-element elementor-element-43b22c2 elementor-widget elementor-widget-heading\" data-id=\"43b22c2\" data-element_type=\"widget\" data-e-type=\"widget\" data-widget_type=\"heading.default\">\n\t\t\t\t<div class=\"elementor-widget-container\">\n\t\t\t\t\t<h5 class=\"elementor-heading-title elementor-size-default\"><font color=\"#999999\"><u>Por si quieres compartir esta cr\u00f3nica<\/u><\/font><\/h5>\t\t\t\t<\/div>\n\t\t\t\t<\/div>\n\t\t\t\t\t<\/div>\n\t\t<\/div>\n\t\t\t\t\t<\/div>\n\t\t<\/section>\n\t\t\t\t<section class=\"elementor-section elementor-top-section elementor-element elementor-element-691fa33 elementor-section-full_width elementor-section-height-default elementor-section-height-default\" data-id=\"691fa33\" data-element_type=\"section\" data-e-type=\"section\">\n\t\t\t\t\t\t<div class=\"elementor-container elementor-column-gap-default\">\n\t\t\t\t\t<div class=\"elementor-column elementor-col-100 elementor-top-column elementor-element elementor-element-45d5ec7\" data-id=\"45d5ec7\" data-element_type=\"column\" data-e-type=\"column\">\n\t\t\t<div class=\"elementor-widget-wrap elementor-element-populated\">\n\t\t\t\t\t\t<div class=\"elementor-element elementor-element-75ed3c8 elementor-share-buttons--view-icon elementor-share-buttons--skin-framed elementor-share-buttons--shape-circle elementor-share-buttons--color-custom elementor-grid-0 elementor-widget elementor-widget-share-buttons\" data-id=\"75ed3c8\" data-element_type=\"widget\" data-e-type=\"widget\" data-widget_type=\"share-buttons.default\">\n\t\t\t\t<div class=\"elementor-widget-container\">\n\t\t\t\t\t\t\t<div class=\"elementor-grid\" role=\"list\">\n\t\t\t\t\t\t\t\t<div class=\"elementor-grid-item\" role=\"listitem\">\n\t\t\t\t\t\t<div class=\"elementor-share-btn elementor-share-btn_facebook\" role=\"button\" tabindex=\"0\" aria-label=\"Compartir en facebook\">\n\t\t\t\t\t\t\t\t\t\t\t\t\t\t\t<span class=\"elementor-share-btn__icon\">\n\t\t\t\t\t\t\t\t<i class=\"fab fa-facebook\" aria-hidden=\"true\"><\/i>\t\t\t\t\t\t\t<\/span>\n\t\t\t\t\t\t\t\t\t\t\t\t\t\t\t\t\t\t\t\t<\/div>\n\t\t\t\t\t<\/div>\n\t\t\t\t\t\t\t\t\t<div class=\"elementor-grid-item\" role=\"listitem\">\n\t\t\t\t\t\t<div class=\"elementor-share-btn elementor-share-btn_twitter\" role=\"button\" tabindex=\"0\" aria-label=\"Compartir en twitter\">\n\t\t\t\t\t\t\t\t\t\t\t\t\t\t\t<span class=\"elementor-share-btn__icon\">\n\t\t\t\t\t\t\t\t<i class=\"fab fa-twitter\" aria-hidden=\"true\"><\/i>\t\t\t\t\t\t\t<\/span>\n\t\t\t\t\t\t\t\t\t\t\t\t\t\t\t\t\t\t\t\t<\/div>\n\t\t\t\t\t<\/div>\n\t\t\t\t\t\t\t\t\t<div class=\"elementor-grid-item\" role=\"listitem\">\n\t\t\t\t\t\t<div class=\"elementor-share-btn elementor-share-btn_telegram\" role=\"button\" tabindex=\"0\" aria-label=\"Compartir en telegram\">\n\t\t\t\t\t\t\t\t\t\t\t\t\t\t\t<span class=\"elementor-share-btn__icon\">\n\t\t\t\t\t\t\t\t<i class=\"fab fa-telegram\" aria-hidden=\"true\"><\/i>\t\t\t\t\t\t\t<\/span>\n\t\t\t\t\t\t\t\t\t\t\t\t\t\t\t\t\t\t\t\t<\/div>\n\t\t\t\t\t<\/div>\n\t\t\t\t\t\t\t\t\t<div class=\"elementor-grid-item\" role=\"listitem\">\n\t\t\t\t\t\t<div class=\"elementor-share-btn elementor-share-btn_pinterest\" role=\"button\" tabindex=\"0\" aria-label=\"Compartir en pinterest\">\n\t\t\t\t\t\t\t\t\t\t\t\t\t\t\t<span class=\"elementor-share-btn__icon\">\n\t\t\t\t\t\t\t\t<i class=\"fab fa-pinterest\" aria-hidden=\"true\"><\/i>\t\t\t\t\t\t\t<\/span>\n\t\t\t\t\t\t\t\t\t\t\t\t\t\t\t\t\t\t\t\t<\/div>\n\t\t\t\t\t<\/div>\n\t\t\t\t\t\t\t\t\t<div class=\"elementor-grid-item\" role=\"listitem\">\n\t\t\t\t\t\t<div class=\"elementor-share-btn elementor-share-btn_whatsapp\" role=\"button\" tabindex=\"0\" aria-label=\"Compartir en whatsapp\">\n\t\t\t\t\t\t\t\t\t\t\t\t\t\t\t<span class=\"elementor-share-btn__icon\">\n\t\t\t\t\t\t\t\t<i class=\"fab fa-whatsapp\" aria-hidden=\"true\"><\/i>\t\t\t\t\t\t\t<\/span>\n\t\t\t\t\t\t\t\t\t\t\t\t\t\t\t\t\t\t\t\t<\/div>\n\t\t\t\t\t<\/div>\n\t\t\t\t\t\t\t\t\t<div class=\"elementor-grid-item\" role=\"listitem\">\n\t\t\t\t\t\t<div class=\"elementor-share-btn elementor-share-btn_email\" role=\"button\" tabindex=\"0\" aria-label=\"Compartir en email\">\n\t\t\t\t\t\t\t\t\t\t\t\t\t\t\t<span class=\"elementor-share-btn__icon\">\n\t\t\t\t\t\t\t\t<i class=\"fas fa-envelope\" aria-hidden=\"true\"><\/i>\t\t\t\t\t\t\t<\/span>\n\t\t\t\t\t\t\t\t\t\t\t\t\t\t\t\t\t\t\t\t<\/div>\n\t\t\t\t\t<\/div>\n\t\t\t\t\t\t\t\t\t<div class=\"elementor-grid-item\" role=\"listitem\">\n\t\t\t\t\t\t<div class=\"elementor-share-btn elementor-share-btn_print\" role=\"button\" tabindex=\"0\" aria-label=\"Compartir en print\">\n\t\t\t\t\t\t\t\t\t\t\t\t\t\t\t<span class=\"elementor-share-btn__icon\">\n\t\t\t\t\t\t\t\t<i class=\"fas fa-print\" aria-hidden=\"true\"><\/i>\t\t\t\t\t\t\t<\/span>\n\t\t\t\t\t\t\t\t\t\t\t\t\t\t\t\t\t\t\t\t<\/div>\n\t\t\t\t\t<\/div>\n\t\t\t\t\t\t<\/div>\n\t\t\t\t\t\t<\/div>\n\t\t\t\t<\/div>\n\t\t\t\t\t<\/div>\n\t\t<\/div>\n\t\t\t\t\t<\/div>\n\t\t<\/section>\n\t\t\t\t<section class=\"elementor-section elementor-top-section elementor-element elementor-element-f8892df elementor-section-full_width elementor-section-height-default elementor-section-height-default\" data-id=\"f8892df\" data-element_type=\"section\" data-e-type=\"section\">\n\t\t\t\t\t\t<div class=\"elementor-container elementor-column-gap-default\">\n\t\t\t\t\t<div class=\"elementor-column elementor-col-100 elementor-top-column elementor-element elementor-element-70b735e\" data-id=\"70b735e\" data-element_type=\"column\" data-e-type=\"column\">\n\t\t\t<div class=\"elementor-widget-wrap elementor-element-populated\">\n\t\t\t\t\t\t<div class=\"elementor-element elementor-element-cefc0b1 elementor-widget elementor-widget-spacer\" data-id=\"cefc0b1\" data-element_type=\"widget\" data-e-type=\"widget\" data-widget_type=\"spacer.default\">\n\t\t\t\t<div class=\"elementor-widget-container\">\n\t\t\t\t\t\t\t<div class=\"elementor-spacer\">\n\t\t\t<div class=\"elementor-spacer-inner\"><\/div>\n\t\t<\/div>\n\t\t\t\t\t\t<\/div>\n\t\t\t\t<\/div>\n\t\t\t\t\t<\/div>\n\t\t<\/div>\n\t\t\t\t\t<\/div>\n\t\t<\/section>\n\t\t\t\t<section class=\"elementor-section elementor-top-section elementor-element elementor-element-ef5e52d elementor-section-full_width elementor-section-height-default elementor-section-height-default\" data-id=\"ef5e52d\" data-element_type=\"section\" data-e-type=\"section\">\n\t\t\t\t\t\t<div class=\"elementor-container elementor-column-gap-default\">\n\t\t\t\t\t<div class=\"elementor-column elementor-col-100 elementor-top-column elementor-element elementor-element-c7bc544\" data-id=\"c7bc544\" data-element_type=\"column\" data-e-type=\"column\">\n\t\t\t<div class=\"elementor-widget-wrap elementor-element-populated\">\n\t\t\t\t\t\t<div class=\"elementor-element elementor-element-330fc54 elementor-widget-divider--view-line elementor-widget elementor-widget-divider\" data-id=\"330fc54\" data-element_type=\"widget\" data-e-type=\"widget\" data-widget_type=\"divider.default\">\n\t\t\t\t<div class=\"elementor-widget-container\">\n\t\t\t\t\t\t\t<div class=\"elementor-divider\">\n\t\t\t<span class=\"elementor-divider-separator\">\n\t\t\t\t\t\t<\/span>\n\t\t<\/div>\n\t\t\t\t\t\t<\/div>\n\t\t\t\t<\/div>\n\t\t\t\t\t<\/div>\n\t\t<\/div>\n\t\t\t\t\t<\/div>\n\t\t<\/section>\n\t\t\t\t<section class=\"elementor-section elementor-top-section elementor-element elementor-element-4ab3c04 elementor-section-full_width elementor-section-height-default elementor-section-height-default\" data-id=\"4ab3c04\" data-element_type=\"section\" data-e-type=\"section\">\n\t\t\t\t\t\t<div class=\"elementor-container elementor-column-gap-default\">\n\t\t\t\t\t<div class=\"elementor-column elementor-col-100 elementor-top-column elementor-element elementor-element-c06b13d\" data-id=\"c06b13d\" data-element_type=\"column\" data-e-type=\"column\">\n\t\t\t<div class=\"elementor-widget-wrap elementor-element-populated\">\n\t\t\t\t\t\t<div class=\"elementor-element elementor-element-1692ba6 elementor-widget elementor-widget-heading\" data-id=\"1692ba6\" data-element_type=\"widget\" data-e-type=\"widget\" data-widget_type=\"heading.default\">\n\t\t\t\t<div class=\"elementor-widget-container\">\n\t\t\t\t\t<h2 class=\"elementor-heading-title elementor-size-default\"><u>ART\u00cdCULOS PUBLICADOS POR LA AUTORA<\/u><\/h2>\t\t\t\t<\/div>\n\t\t\t\t<\/div>\n\t\t\t\t\t<\/div>\n\t\t<\/div>\n\t\t\t\t\t<\/div>\n\t\t<\/section>\n\t\t\t\t<section class=\"elementor-section elementor-top-section elementor-element elementor-element-82c0638 elementor-section-full_width elementor-section-height-default elementor-section-height-default\" data-id=\"82c0638\" data-element_type=\"section\" data-e-type=\"section\">\n\t\t\t\t\t\t<div class=\"elementor-container elementor-column-gap-default\">\n\t\t\t\t\t<div class=\"elementor-column elementor-col-100 elementor-top-column elementor-element elementor-element-978c63b\" data-id=\"978c63b\" data-element_type=\"column\" data-e-type=\"column\">\n\t\t\t<div class=\"elementor-widget-wrap elementor-element-populated\">\n\t\t\t\t\t\t<div class=\"elementor-element elementor-element-d656983 elementor-widget elementor-widget-spacer\" data-id=\"d656983\" data-element_type=\"widget\" data-e-type=\"widget\" data-widget_type=\"spacer.default\">\n\t\t\t\t<div class=\"elementor-widget-container\">\n\t\t\t\t\t\t\t<div class=\"elementor-spacer\">\n\t\t\t<div class=\"elementor-spacer-inner\"><\/div>\n\t\t<\/div>\n\t\t\t\t\t\t<\/div>\n\t\t\t\t<\/div>\n\t\t\t\t\t<\/div>\n\t\t<\/div>\n\t\t\t\t\t<\/div>\n\t\t<\/section>\n\t\t\t\t<section class=\"elementor-section elementor-top-section elementor-element elementor-element-4530529 elementor-section-full_width elementor-section-height-default elementor-section-height-default\" data-id=\"4530529\" data-element_type=\"section\" data-e-type=\"section\">\n\t\t\t\t\t\t<div class=\"elementor-container elementor-column-gap-default\">\n\t\t\t\t\t<div class=\"elementor-column elementor-col-100 elementor-top-column elementor-element elementor-element-883bb5f\" data-id=\"883bb5f\" data-element_type=\"column\" data-e-type=\"column\">\n\t\t\t<div class=\"elementor-widget-wrap elementor-element-populated\">\n\t\t\t\t\t\t<div class=\"elementor-element elementor-element-389220e elementor-grid-5 elementor-grid-tablet-2 elementor-grid-mobile-1 elementor-posts--thumbnail-top elementor-widget elementor-widget-posts\" data-id=\"389220e\" data-element_type=\"widget\" data-e-type=\"widget\" data-settings=\"{&quot;classic_columns&quot;:&quot;5&quot;,&quot;classic_columns_tablet&quot;:&quot;2&quot;,&quot;classic_columns_mobile&quot;:&quot;1&quot;,&quot;classic_row_gap&quot;:{&quot;unit&quot;:&quot;px&quot;,&quot;size&quot;:35,&quot;sizes&quot;:[]},&quot;classic_row_gap_tablet&quot;:{&quot;unit&quot;:&quot;px&quot;,&quot;size&quot;:&quot;&quot;,&quot;sizes&quot;:[]},&quot;classic_row_gap_mobile&quot;:{&quot;unit&quot;:&quot;px&quot;,&quot;size&quot;:&quot;&quot;,&quot;sizes&quot;:[]}}\" data-widget_type=\"posts.classic\">\n\t\t\t\t<div class=\"elementor-widget-container\">\n\t\t\t\t\t\t\t<div class=\"elementor-posts-container elementor-posts elementor-posts--skin-classic elementor-grid\" role=\"list\">\n\t\t\t\t<article class=\"elementor-post elementor-grid-item post-10241 post type-post status-publish format-standard has-post-thumbnail hentry category-blog-es category-clara-blanchar-es-es tag-avituallament-que-ve-del-cel-es tag-avituallamiento-que-cae-del-cielo-es tag-clara-blanchar-es tag-cronicas-ca-es tag-croniques-ca-es tag-revista-vertex-es\" role=\"listitem\">\n\t\t\t\t<a class=\"elementor-post__thumbnail__link\" href=\"https:\/\/rutesentrerefugis.com\/index.php\/es\/2022\/03\/08\/el-avituallamiento-que-cae-del-cielo\/\" tabindex=\"-1\" >\n\t\t\t<div class=\"elementor-post__thumbnail\"><img loading=\"lazy\" decoding=\"async\" width=\"300\" height=\"200\" src=\"https:\/\/rutesentrerefugis.com\/wp-content\/uploads\/2023\/03\/Avituallament-Refugis-Inici-NW-300x200.jpg\" class=\"attachment-medium size-medium wp-image-10196\" alt=\"\" srcset=\"https:\/\/rutesentrerefugis.com\/wp-content\/uploads\/2023\/03\/Avituallament-Refugis-Inici-NW-300x200.jpg 300w, https:\/\/rutesentrerefugis.com\/wp-content\/uploads\/2023\/03\/Avituallament-Refugis-Inici-NW-1024x683.jpg 1024w, https:\/\/rutesentrerefugis.com\/wp-content\/uploads\/2023\/03\/Avituallament-Refugis-Inici-NW-768x512.jpg 768w, https:\/\/rutesentrerefugis.com\/wp-content\/uploads\/2023\/03\/Avituallament-Refugis-Inici-NW.jpg 1200w\" sizes=\"(max-width: 300px) 100vw, 300px\" \/><\/div>\n\t\t<\/a>\n\t\t\t\t<div class=\"elementor-post__text\">\n\t\t\t\t<h3 class=\"elementor-post__title\">\n\t\t\t<a href=\"https:\/\/rutesentrerefugis.com\/index.php\/es\/2022\/03\/08\/el-avituallamiento-que-cae-del-cielo\/\" >\n\t\t\t\tEL AVITUALLAMIENTO QUE CAE DEL CIELO\t\t\t<\/a>\n\t\t<\/h3>\n\t\t\t\t<div class=\"elementor-post__meta-data\">\n\t\t\t\t\t<span class=\"elementor-post-date\">\n\t\t\t08\/03\/2022\t\t<\/span>\n\t\t\t\t<\/div>\n\t\t\t\t<\/div>\n\t\t\t\t<\/article>\n\t\t\t\t<article class=\"elementor-post elementor-grid-item post-4410 post type-post status-publish format-standard has-post-thumbnail hentry category-blog-es category-clara-blanchar-es-es tag-clara-blanchar-es tag-editorial-alpina-es tag-espai-quera-es tag-llibreria-quera-es tag-mapes-amb-historia-es tag-marti-nadal-es tag-muntanya-de-llibres-es tag-raimon-quera-es tag-revista-vertex-es tag-xevi-cortacans-es\" role=\"listitem\">\n\t\t\t\t<a class=\"elementor-post__thumbnail__link\" href=\"https:\/\/rutesentrerefugis.com\/index.php\/es\/2021\/04\/10\/mapas-con-historia-editorial-alpina\/\" tabindex=\"-1\" >\n\t\t\t<div class=\"elementor-post__thumbnail\"><img loading=\"lazy\" decoding=\"async\" width=\"300\" height=\"200\" src=\"https:\/\/rutesentrerefugis.com\/wp-content\/uploads\/2022\/12\/Mapes-amb-Historia-Inici-NW-300x200.jpg\" class=\"attachment-medium size-medium wp-image-4291\" alt=\"\" srcset=\"https:\/\/rutesentrerefugis.com\/wp-content\/uploads\/2022\/12\/Mapes-amb-Historia-Inici-NW-300x200.jpg 300w, https:\/\/rutesentrerefugis.com\/wp-content\/uploads\/2022\/12\/Mapes-amb-Historia-Inici-NW-1024x683.jpg 1024w, https:\/\/rutesentrerefugis.com\/wp-content\/uploads\/2022\/12\/Mapes-amb-Historia-Inici-NW-768x512.jpg 768w, https:\/\/rutesentrerefugis.com\/wp-content\/uploads\/2022\/12\/Mapes-amb-Historia-Inici-NW.jpg 1200w\" sizes=\"(max-width: 300px) 100vw, 300px\" \/><\/div>\n\t\t<\/a>\n\t\t\t\t<div class=\"elementor-post__text\">\n\t\t\t\t<h3 class=\"elementor-post__title\">\n\t\t\t<a href=\"https:\/\/rutesentrerefugis.com\/index.php\/es\/2021\/04\/10\/mapas-con-historia-editorial-alpina\/\" >\n\t\t\t\tMAPAS CON HISTORIA\t\t\t<\/a>\n\t\t<\/h3>\n\t\t\t\t<div class=\"elementor-post__meta-data\">\n\t\t\t\t\t<span class=\"elementor-post-date\">\n\t\t\t10\/04\/2021\t\t<\/span>\n\t\t\t\t<\/div>\n\t\t\t\t<\/div>\n\t\t\t\t<\/article>\n\t\t\t\t<\/div>\n\t\t\n\t\t\t\t\t\t<\/div>\n\t\t\t\t<\/div>\n\t\t\t\t\t<\/div>\n\t\t<\/div>\n\t\t\t\t\t<\/div>\n\t\t<\/section>\n\t\t\t\t<section class=\"elementor-section elementor-top-section elementor-element elementor-element-5d35125 elementor-section-full_width elementor-section-height-default elementor-section-height-default\" data-id=\"5d35125\" data-element_type=\"section\" data-e-type=\"section\">\n\t\t\t\t\t\t<div class=\"elementor-container elementor-column-gap-default\">\n\t\t\t\t\t<div class=\"elementor-column elementor-col-100 elementor-top-column elementor-element elementor-element-0808a8b\" data-id=\"0808a8b\" data-element_type=\"column\" data-e-type=\"column\">\n\t\t\t<div class=\"elementor-widget-wrap elementor-element-populated\">\n\t\t\t\t\t\t<div class=\"elementor-element elementor-element-7eb524d elementor-widget-divider--view-line elementor-widget elementor-widget-divider\" data-id=\"7eb524d\" data-element_type=\"widget\" data-e-type=\"widget\" data-widget_type=\"divider.default\">\n\t\t\t\t<div class=\"elementor-widget-container\">\n\t\t\t\t\t\t\t<div class=\"elementor-divider\">\n\t\t\t<span class=\"elementor-divider-separator\">\n\t\t\t\t\t\t<\/span>\n\t\t<\/div>\n\t\t\t\t\t\t<\/div>\n\t\t\t\t<\/div>\n\t\t\t\t\t<\/div>\n\t\t<\/div>\n\t\t\t\t\t<\/div>\n\t\t<\/section>\n\t\t\t\t<section class=\"elementor-section elementor-top-section elementor-element elementor-element-e195794 elementor-section-full_width elementor-section-height-default elementor-section-height-default\" data-id=\"e195794\" data-element_type=\"section\" data-e-type=\"section\">\n\t\t\t\t\t\t<div class=\"elementor-container elementor-column-gap-default\">\n\t\t\t\t\t<div class=\"elementor-column elementor-col-100 elementor-top-column elementor-element elementor-element-5caa241\" data-id=\"5caa241\" data-element_type=\"column\" data-e-type=\"column\">\n\t\t\t<div class=\"elementor-widget-wrap elementor-element-populated\">\n\t\t\t\t\t\t<div class=\"elementor-element elementor-element-d2fe7b4 elementor-widget elementor-widget-spacer\" data-id=\"d2fe7b4\" data-element_type=\"widget\" data-e-type=\"widget\" data-widget_type=\"spacer.default\">\n\t\t\t\t<div class=\"elementor-widget-container\">\n\t\t\t\t\t\t\t<div class=\"elementor-spacer\">\n\t\t\t<div class=\"elementor-spacer-inner\"><\/div>\n\t\t<\/div>\n\t\t\t\t\t\t<\/div>\n\t\t\t\t<\/div>\n\t\t\t\t\t<\/div>\n\t\t<\/div>\n\t\t\t\t\t<\/div>\n\t\t<\/section>\n\t\t\t\t<\/div>\n\t\t","protected":false},"excerpt":{"rendered":"<p>MAPAS CON HISTORIA \u00abEDITORIAL ALPINA\u00bb Cr\u00f3nica escrita por CLARA BLANCHAR (@clarablanchar), periodista del diario EL PA\u00cdS y colaboradora de la revista V\u00c8RTEX.Publicada en la revista<\/p>\n","protected":false},"author":9,"featured_media":4291,"comment_status":"open","ping_status":"open","sticky":false,"template":"elementor_header_footer","format":"standard","meta":{"_monsterinsights_skip_tracking":false,"_monsterinsights_sitenote_active":false,"_monsterinsights_sitenote_note":"","_monsterinsights_sitenote_category":0,"footnotes":""},"categories":[5126,11162],"tags":[5700,5702,5704,5706,5708,5710,5712,5714,5166,5716],"class_list":["post-4410","post","type-post","status-publish","format-standard","has-post-thumbnail","hentry","category-blog-es","category-clara-blanchar-es-es","tag-clara-blanchar-es","tag-editorial-alpina-es","tag-espai-quera-es","tag-llibreria-quera-es","tag-mapes-amb-historia-es","tag-marti-nadal-es","tag-muntanya-de-llibres-es","tag-raimon-quera-es","tag-revista-vertex-es","tag-xevi-cortacans-es"],"yoast_head":"<!-- This site is optimized with the Yoast SEO plugin v27.5 - https:\/\/yoast.com\/product\/yoast-seo-wordpress\/ -->\n<title>MAPAS CON HISTORIA - Rutes Entre Refugis<\/title>\n<meta name=\"robots\" content=\"index, follow, max-snippet:-1, max-image-preview:large, max-video-preview:-1\" \/>\n<link rel=\"canonical\" href=\"https:\/\/rutesentrerefugis.com\/index.php\/es\/2021\/04\/10\/mapas-con-historia-editorial-alpina\/\" \/>\n<meta property=\"og:locale\" content=\"es_ES\" \/>\n<meta property=\"og:type\" content=\"article\" \/>\n<meta property=\"og:title\" content=\"MAPAS CON HISTORIA - Rutes Entre Refugis\" \/>\n<meta property=\"og:description\" content=\"MAPAS CON HISTORIA \u00abEDITORIAL ALPINA\u00bb Cr\u00f3nica escrita por CLARA BLANCHAR (@clarablanchar), periodista del diario EL PA\u00cdS y colaboradora de la revista V\u00c8RTEX.Publicada en la revista\" \/>\n<meta property=\"og:url\" content=\"https:\/\/rutesentrerefugis.com\/index.php\/es\/2021\/04\/10\/mapas-con-historia-editorial-alpina\/\" \/>\n<meta property=\"og:site_name\" content=\"Rutes Entre Refugis\" \/>\n<meta property=\"article:published_time\" content=\"2021-04-10T18:27:00+00:00\" \/>\n<meta property=\"article:modified_time\" content=\"2024-04-25T11:29:31+00:00\" \/>\n<meta property=\"og:image\" content=\"https:\/\/rutesentrerefugis.com\/wp-content\/uploads\/2022\/12\/Mapes-amb-Historia-Inici-NW.jpg\" \/>\n\t<meta property=\"og:image:width\" content=\"1200\" \/>\n\t<meta property=\"og:image:height\" content=\"800\" \/>\n\t<meta property=\"og:image:type\" content=\"image\/jpeg\" \/>\n<meta name=\"author\" content=\"Clara Blanchar\" \/>\n<meta name=\"twitter:card\" content=\"summary_large_image\" \/>\n<meta name=\"twitter:label1\" content=\"Escrito por\" \/>\n\t<meta name=\"twitter:data1\" content=\"Clara Blanchar\" \/>\n\t<meta name=\"twitter:label2\" content=\"Tiempo de lectura\" \/>\n\t<meta name=\"twitter:data2\" content=\"15 minutos\" \/>\n<script type=\"application\/ld+json\" class=\"yoast-schema-graph\">{\"@context\":\"https:\\\/\\\/schema.org\",\"@graph\":[{\"@type\":\"Article\",\"@id\":\"https:\\\/\\\/rutesentrerefugis.com\\\/index.php\\\/es\\\/2021\\\/04\\\/10\\\/mapas-con-historia-editorial-alpina\\\/#article\",\"isPartOf\":{\"@id\":\"https:\\\/\\\/rutesentrerefugis.com\\\/index.php\\\/es\\\/2021\\\/04\\\/10\\\/mapas-con-historia-editorial-alpina\\\/\"},\"author\":{\"name\":\"Clara Blanchar\",\"@id\":\"https:\\\/\\\/rutesentrerefugis.com\\\/#\\\/schema\\\/person\\\/fb0047c44473751281c738241567f055\"},\"headline\":\"MAPAS CON HISTORIA\",\"datePublished\":\"2021-04-10T18:27:00+00:00\",\"dateModified\":\"2024-04-25T11:29:31+00:00\",\"mainEntityOfPage\":{\"@id\":\"https:\\\/\\\/rutesentrerefugis.com\\\/index.php\\\/es\\\/2021\\\/04\\\/10\\\/mapas-con-historia-editorial-alpina\\\/\"},\"wordCount\":2318,\"commentCount\":0,\"publisher\":{\"@id\":\"https:\\\/\\\/rutesentrerefugis.com\\\/#organization\"},\"image\":{\"@id\":\"https:\\\/\\\/rutesentrerefugis.com\\\/index.php\\\/es\\\/2021\\\/04\\\/10\\\/mapas-con-historia-editorial-alpina\\\/#primaryimage\"},\"thumbnailUrl\":\"https:\\\/\\\/rutesentrerefugis.com\\\/wp-content\\\/uploads\\\/2022\\\/12\\\/Mapes-amb-Historia-Inici-NW.jpg\",\"keywords\":[\"Clara Blanchar\",\"Editorial Alpina\",\"Espai Quera\",\"Llibreria Quera\",\"Mapes amb Historia\",\"Mart\u00ed Nadal\",\"Muntanya de Llibres\",\"Raimon Quera\",\"Revista V\u00e8rtex\",\"Xevi Cortacans\"],\"articleSection\":[\"Blog.\",\"Clara Blanchar.\"],\"inLanguage\":\"es\",\"potentialAction\":[{\"@type\":\"CommentAction\",\"name\":\"Comment\",\"target\":[\"https:\\\/\\\/rutesentrerefugis.com\\\/index.php\\\/es\\\/2021\\\/04\\\/10\\\/mapas-con-historia-editorial-alpina\\\/#respond\"]}]},{\"@type\":\"WebPage\",\"@id\":\"https:\\\/\\\/rutesentrerefugis.com\\\/index.php\\\/es\\\/2021\\\/04\\\/10\\\/mapas-con-historia-editorial-alpina\\\/\",\"url\":\"https:\\\/\\\/rutesentrerefugis.com\\\/index.php\\\/es\\\/2021\\\/04\\\/10\\\/mapas-con-historia-editorial-alpina\\\/\",\"name\":\"MAPAS CON HISTORIA - Rutes Entre Refugis\",\"isPartOf\":{\"@id\":\"https:\\\/\\\/rutesentrerefugis.com\\\/#website\"},\"primaryImageOfPage\":{\"@id\":\"https:\\\/\\\/rutesentrerefugis.com\\\/index.php\\\/es\\\/2021\\\/04\\\/10\\\/mapas-con-historia-editorial-alpina\\\/#primaryimage\"},\"image\":{\"@id\":\"https:\\\/\\\/rutesentrerefugis.com\\\/index.php\\\/es\\\/2021\\\/04\\\/10\\\/mapas-con-historia-editorial-alpina\\\/#primaryimage\"},\"thumbnailUrl\":\"https:\\\/\\\/rutesentrerefugis.com\\\/wp-content\\\/uploads\\\/2022\\\/12\\\/Mapes-amb-Historia-Inici-NW.jpg\",\"datePublished\":\"2021-04-10T18:27:00+00:00\",\"dateModified\":\"2024-04-25T11:29:31+00:00\",\"breadcrumb\":{\"@id\":\"https:\\\/\\\/rutesentrerefugis.com\\\/index.php\\\/es\\\/2021\\\/04\\\/10\\\/mapas-con-historia-editorial-alpina\\\/#breadcrumb\"},\"inLanguage\":\"es\",\"potentialAction\":[{\"@type\":\"ReadAction\",\"target\":[\"https:\\\/\\\/rutesentrerefugis.com\\\/index.php\\\/es\\\/2021\\\/04\\\/10\\\/mapas-con-historia-editorial-alpina\\\/\"]}]},{\"@type\":\"ImageObject\",\"inLanguage\":\"es\",\"@id\":\"https:\\\/\\\/rutesentrerefugis.com\\\/index.php\\\/es\\\/2021\\\/04\\\/10\\\/mapas-con-historia-editorial-alpina\\\/#primaryimage\",\"url\":\"https:\\\/\\\/rutesentrerefugis.com\\\/wp-content\\\/uploads\\\/2022\\\/12\\\/Mapes-amb-Historia-Inici-NW.jpg\",\"contentUrl\":\"https:\\\/\\\/rutesentrerefugis.com\\\/wp-content\\\/uploads\\\/2022\\\/12\\\/Mapes-amb-Historia-Inici-NW.jpg\",\"width\":1200,\"height\":800},{\"@type\":\"BreadcrumbList\",\"@id\":\"https:\\\/\\\/rutesentrerefugis.com\\\/index.php\\\/es\\\/2021\\\/04\\\/10\\\/mapas-con-historia-editorial-alpina\\\/#breadcrumb\",\"itemListElement\":[{\"@type\":\"ListItem\",\"position\":1,\"name\":\"Inici\",\"item\":\"https:\\\/\\\/rutesentrerefugis.com\\\/\"},{\"@type\":\"ListItem\",\"position\":2,\"name\":\"MAPAS CON HISTORIA\"}]},{\"@type\":\"WebSite\",\"@id\":\"https:\\\/\\\/rutesentrerefugis.com\\\/#website\",\"url\":\"https:\\\/\\\/rutesentrerefugis.com\\\/\",\"name\":\"Rutes Entre Refugis\",\"description\":\"Caminant sota un nom\",\"publisher\":{\"@id\":\"https:\\\/\\\/rutesentrerefugis.com\\\/#organization\"},\"potentialAction\":[{\"@type\":\"SearchAction\",\"target\":{\"@type\":\"EntryPoint\",\"urlTemplate\":\"https:\\\/\\\/rutesentrerefugis.com\\\/?s={search_term_string}\"},\"query-input\":{\"@type\":\"PropertyValueSpecification\",\"valueRequired\":true,\"valueName\":\"search_term_string\"}}],\"inLanguage\":\"es\"},{\"@type\":\"Organization\",\"@id\":\"https:\\\/\\\/rutesentrerefugis.com\\\/#organization\",\"name\":\"Rutes Entre Refugis\",\"url\":\"https:\\\/\\\/rutesentrerefugis.com\\\/\",\"logo\":{\"@type\":\"ImageObject\",\"inLanguage\":\"es\",\"@id\":\"https:\\\/\\\/rutesentrerefugis.com\\\/#\\\/schema\\\/logo\\\/image\\\/\",\"url\":\"https:\\\/\\\/rutesentrerefugis.com\\\/wp-content\\\/uploads\\\/2022\\\/08\\\/RutesEntreRefugis-Blanc-Retina-1.png\",\"contentUrl\":\"https:\\\/\\\/rutesentrerefugis.com\\\/wp-content\\\/uploads\\\/2022\\\/08\\\/RutesEntreRefugis-Blanc-Retina-1.png\",\"width\":400,\"height\":400,\"caption\":\"Rutes Entre Refugis\"},\"image\":{\"@id\":\"https:\\\/\\\/rutesentrerefugis.com\\\/#\\\/schema\\\/logo\\\/image\\\/\"}},{\"@type\":\"Person\",\"@id\":\"https:\\\/\\\/rutesentrerefugis.com\\\/#\\\/schema\\\/person\\\/fb0047c44473751281c738241567f055\",\"name\":\"Clara Blanchar\",\"image\":{\"@type\":\"ImageObject\",\"inLanguage\":\"es\",\"@id\":\"https:\\\/\\\/rutesentrerefugis.com\\\/wp-content\\\/uploads\\\/2021\\\/04\\\/Clara-Blanchar-NW-Negre-96x96.jpg\",\"url\":\"https:\\\/\\\/rutesentrerefugis.com\\\/wp-content\\\/uploads\\\/2021\\\/04\\\/Clara-Blanchar-NW-Negre-96x96.jpg\",\"contentUrl\":\"https:\\\/\\\/rutesentrerefugis.com\\\/wp-content\\\/uploads\\\/2021\\\/04\\\/Clara-Blanchar-NW-Negre-96x96.jpg\",\"caption\":\"Clara Blanchar\"},\"url\":\"https:\\\/\\\/rutesentrerefugis.com\\\/index.php\\\/author\\\/clara-blanchar\\\/\"}]}<\/script>\n<!-- \/ Yoast SEO plugin. -->","yoast_head_json":{"title":"MAPAS CON HISTORIA - Rutes Entre Refugis","robots":{"index":"index","follow":"follow","max-snippet":"max-snippet:-1","max-image-preview":"max-image-preview:large","max-video-preview":"max-video-preview:-1"},"canonical":"https:\/\/rutesentrerefugis.com\/index.php\/es\/2021\/04\/10\/mapas-con-historia-editorial-alpina\/","og_locale":"es_ES","og_type":"article","og_title":"MAPAS CON HISTORIA - Rutes Entre Refugis","og_description":"MAPAS CON HISTORIA \u00abEDITORIAL ALPINA\u00bb Cr\u00f3nica escrita por CLARA BLANCHAR (@clarablanchar), periodista del diario EL PA\u00cdS y colaboradora de la revista V\u00c8RTEX.Publicada en la revista","og_url":"https:\/\/rutesentrerefugis.com\/index.php\/es\/2021\/04\/10\/mapas-con-historia-editorial-alpina\/","og_site_name":"Rutes Entre Refugis","article_published_time":"2021-04-10T18:27:00+00:00","article_modified_time":"2024-04-25T11:29:31+00:00","og_image":[{"width":1200,"height":800,"url":"https:\/\/rutesentrerefugis.com\/wp-content\/uploads\/2022\/12\/Mapes-amb-Historia-Inici-NW.jpg","type":"image\/jpeg"}],"author":"Clara Blanchar","twitter_card":"summary_large_image","twitter_misc":{"Escrito por":"Clara Blanchar","Tiempo de lectura":"15 minutos"},"schema":{"@context":"https:\/\/schema.org","@graph":[{"@type":"Article","@id":"https:\/\/rutesentrerefugis.com\/index.php\/es\/2021\/04\/10\/mapas-con-historia-editorial-alpina\/#article","isPartOf":{"@id":"https:\/\/rutesentrerefugis.com\/index.php\/es\/2021\/04\/10\/mapas-con-historia-editorial-alpina\/"},"author":{"name":"Clara Blanchar","@id":"https:\/\/rutesentrerefugis.com\/#\/schema\/person\/fb0047c44473751281c738241567f055"},"headline":"MAPAS CON HISTORIA","datePublished":"2021-04-10T18:27:00+00:00","dateModified":"2024-04-25T11:29:31+00:00","mainEntityOfPage":{"@id":"https:\/\/rutesentrerefugis.com\/index.php\/es\/2021\/04\/10\/mapas-con-historia-editorial-alpina\/"},"wordCount":2318,"commentCount":0,"publisher":{"@id":"https:\/\/rutesentrerefugis.com\/#organization"},"image":{"@id":"https:\/\/rutesentrerefugis.com\/index.php\/es\/2021\/04\/10\/mapas-con-historia-editorial-alpina\/#primaryimage"},"thumbnailUrl":"https:\/\/rutesentrerefugis.com\/wp-content\/uploads\/2022\/12\/Mapes-amb-Historia-Inici-NW.jpg","keywords":["Clara Blanchar","Editorial Alpina","Espai Quera","Llibreria Quera","Mapes amb Historia","Mart\u00ed Nadal","Muntanya de Llibres","Raimon Quera","Revista V\u00e8rtex","Xevi Cortacans"],"articleSection":["Blog.","Clara Blanchar."],"inLanguage":"es","potentialAction":[{"@type":"CommentAction","name":"Comment","target":["https:\/\/rutesentrerefugis.com\/index.php\/es\/2021\/04\/10\/mapas-con-historia-editorial-alpina\/#respond"]}]},{"@type":"WebPage","@id":"https:\/\/rutesentrerefugis.com\/index.php\/es\/2021\/04\/10\/mapas-con-historia-editorial-alpina\/","url":"https:\/\/rutesentrerefugis.com\/index.php\/es\/2021\/04\/10\/mapas-con-historia-editorial-alpina\/","name":"MAPAS CON HISTORIA - Rutes Entre Refugis","isPartOf":{"@id":"https:\/\/rutesentrerefugis.com\/#website"},"primaryImageOfPage":{"@id":"https:\/\/rutesentrerefugis.com\/index.php\/es\/2021\/04\/10\/mapas-con-historia-editorial-alpina\/#primaryimage"},"image":{"@id":"https:\/\/rutesentrerefugis.com\/index.php\/es\/2021\/04\/10\/mapas-con-historia-editorial-alpina\/#primaryimage"},"thumbnailUrl":"https:\/\/rutesentrerefugis.com\/wp-content\/uploads\/2022\/12\/Mapes-amb-Historia-Inici-NW.jpg","datePublished":"2021-04-10T18:27:00+00:00","dateModified":"2024-04-25T11:29:31+00:00","breadcrumb":{"@id":"https:\/\/rutesentrerefugis.com\/index.php\/es\/2021\/04\/10\/mapas-con-historia-editorial-alpina\/#breadcrumb"},"inLanguage":"es","potentialAction":[{"@type":"ReadAction","target":["https:\/\/rutesentrerefugis.com\/index.php\/es\/2021\/04\/10\/mapas-con-historia-editorial-alpina\/"]}]},{"@type":"ImageObject","inLanguage":"es","@id":"https:\/\/rutesentrerefugis.com\/index.php\/es\/2021\/04\/10\/mapas-con-historia-editorial-alpina\/#primaryimage","url":"https:\/\/rutesentrerefugis.com\/wp-content\/uploads\/2022\/12\/Mapes-amb-Historia-Inici-NW.jpg","contentUrl":"https:\/\/rutesentrerefugis.com\/wp-content\/uploads\/2022\/12\/Mapes-amb-Historia-Inici-NW.jpg","width":1200,"height":800},{"@type":"BreadcrumbList","@id":"https:\/\/rutesentrerefugis.com\/index.php\/es\/2021\/04\/10\/mapas-con-historia-editorial-alpina\/#breadcrumb","itemListElement":[{"@type":"ListItem","position":1,"name":"Inici","item":"https:\/\/rutesentrerefugis.com\/"},{"@type":"ListItem","position":2,"name":"MAPAS CON HISTORIA"}]},{"@type":"WebSite","@id":"https:\/\/rutesentrerefugis.com\/#website","url":"https:\/\/rutesentrerefugis.com\/","name":"Rutes Entre Refugis","description":"Caminant sota un nom","publisher":{"@id":"https:\/\/rutesentrerefugis.com\/#organization"},"potentialAction":[{"@type":"SearchAction","target":{"@type":"EntryPoint","urlTemplate":"https:\/\/rutesentrerefugis.com\/?s={search_term_string}"},"query-input":{"@type":"PropertyValueSpecification","valueRequired":true,"valueName":"search_term_string"}}],"inLanguage":"es"},{"@type":"Organization","@id":"https:\/\/rutesentrerefugis.com\/#organization","name":"Rutes Entre Refugis","url":"https:\/\/rutesentrerefugis.com\/","logo":{"@type":"ImageObject","inLanguage":"es","@id":"https:\/\/rutesentrerefugis.com\/#\/schema\/logo\/image\/","url":"https:\/\/rutesentrerefugis.com\/wp-content\/uploads\/2022\/08\/RutesEntreRefugis-Blanc-Retina-1.png","contentUrl":"https:\/\/rutesentrerefugis.com\/wp-content\/uploads\/2022\/08\/RutesEntreRefugis-Blanc-Retina-1.png","width":400,"height":400,"caption":"Rutes Entre Refugis"},"image":{"@id":"https:\/\/rutesentrerefugis.com\/#\/schema\/logo\/image\/"}},{"@type":"Person","@id":"https:\/\/rutesentrerefugis.com\/#\/schema\/person\/fb0047c44473751281c738241567f055","name":"Clara Blanchar","image":{"@type":"ImageObject","inLanguage":"es","@id":"https:\/\/rutesentrerefugis.com\/wp-content\/uploads\/2021\/04\/Clara-Blanchar-NW-Negre-96x96.jpg","url":"https:\/\/rutesentrerefugis.com\/wp-content\/uploads\/2021\/04\/Clara-Blanchar-NW-Negre-96x96.jpg","contentUrl":"https:\/\/rutesentrerefugis.com\/wp-content\/uploads\/2021\/04\/Clara-Blanchar-NW-Negre-96x96.jpg","caption":"Clara Blanchar"},"url":"https:\/\/rutesentrerefugis.com\/index.php\/author\/clara-blanchar\/"}]}},"_links":{"self":[{"href":"https:\/\/rutesentrerefugis.com\/index.php\/wp-json\/wp\/v2\/posts\/4410","targetHints":{"allow":["GET"]}}],"collection":[{"href":"https:\/\/rutesentrerefugis.com\/index.php\/wp-json\/wp\/v2\/posts"}],"about":[{"href":"https:\/\/rutesentrerefugis.com\/index.php\/wp-json\/wp\/v2\/types\/post"}],"author":[{"embeddable":true,"href":"https:\/\/rutesentrerefugis.com\/index.php\/wp-json\/wp\/v2\/users\/9"}],"replies":[{"embeddable":true,"href":"https:\/\/rutesentrerefugis.com\/index.php\/wp-json\/wp\/v2\/comments?post=4410"}],"version-history":[{"count":45,"href":"https:\/\/rutesentrerefugis.com\/index.php\/wp-json\/wp\/v2\/posts\/4410\/revisions"}],"predecessor-version":[{"id":20998,"href":"https:\/\/rutesentrerefugis.com\/index.php\/wp-json\/wp\/v2\/posts\/4410\/revisions\/20998"}],"wp:featuredmedia":[{"embeddable":true,"href":"https:\/\/rutesentrerefugis.com\/index.php\/wp-json\/wp\/v2\/media\/4291"}],"wp:attachment":[{"href":"https:\/\/rutesentrerefugis.com\/index.php\/wp-json\/wp\/v2\/media?parent=4410"}],"wp:term":[{"taxonomy":"category","embeddable":true,"href":"https:\/\/rutesentrerefugis.com\/index.php\/wp-json\/wp\/v2\/categories?post=4410"},{"taxonomy":"post_tag","embeddable":true,"href":"https:\/\/rutesentrerefugis.com\/index.php\/wp-json\/wp\/v2\/tags?post=4410"}],"curies":[{"name":"wp","href":"https:\/\/api.w.org\/{rel}","templated":true}]}}