{"id":4782,"date":"2021-02-12T17:41:00","date_gmt":"2021-02-12T17:41:00","guid":{"rendered":"https:\/\/nova.rutesentrerefugis.com\/?p=4782"},"modified":"2024-07-16T16:46:16","modified_gmt":"2024-07-16T16:46:16","slug":"andorra-grp","status":"publish","type":"post","link":"https:\/\/rutesentrerefugis.com\/index.php\/2021\/02\/12\/andorra-grp\/","title":{"rendered":"ANDORRA GRP"},"content":{"rendered":"\t\t<div data-elementor-type=\"wp-post\" data-elementor-id=\"4782\" class=\"elementor elementor-4782\" data-elementor-post-type=\"post\">\n\t\t\t\t\t\t<section class=\"elementor-section elementor-top-section elementor-element elementor-element-56de444 elementor-section-full_width elementor-section-height-default elementor-section-height-default\" data-id=\"56de444\" data-element_type=\"section\" data-e-type=\"section\" data-settings=\"{&quot;background_background&quot;:&quot;classic&quot;}\">\n\t\t\t\t\t\t<div class=\"elementor-container elementor-column-gap-default\">\n\t\t\t\t\t<div class=\"elementor-column elementor-col-100 elementor-top-column elementor-element elementor-element-97fcd65\" data-id=\"97fcd65\" data-element_type=\"column\" data-e-type=\"column\">\n\t\t\t<div class=\"elementor-widget-wrap elementor-element-populated\">\n\t\t\t\t\t\t<div class=\"elementor-element elementor-element-9fc429e elementor-widget elementor-widget-image\" data-id=\"9fc429e\" data-element_type=\"widget\" data-e-type=\"widget\" data-widget_type=\"image.default\">\n\t\t\t\t<div class=\"elementor-widget-container\">\n\t\t\t\t\t\t\t\t\t\t\t\t\t\t\t<img fetchpriority=\"high\" decoding=\"async\" width=\"2000\" height=\"450\" src=\"https:\/\/rutesentrerefugis.com\/wp-content\/uploads\/2022\/08\/A-Peu-Inici-NW.jpg\" class=\"attachment-full size-full wp-image-849\" alt=\"Rutes Entre Refugis\" srcset=\"https:\/\/rutesentrerefugis.com\/wp-content\/uploads\/2022\/08\/A-Peu-Inici-NW.jpg 2000w, https:\/\/rutesentrerefugis.com\/wp-content\/uploads\/2022\/08\/A-Peu-Inici-NW-300x68.jpg 300w, https:\/\/rutesentrerefugis.com\/wp-content\/uploads\/2022\/08\/A-Peu-Inici-NW-1024x230.jpg 1024w, https:\/\/rutesentrerefugis.com\/wp-content\/uploads\/2022\/08\/A-Peu-Inici-NW-768x173.jpg 768w, https:\/\/rutesentrerefugis.com\/wp-content\/uploads\/2022\/08\/A-Peu-Inici-NW-1536x346.jpg 1536w\" sizes=\"(max-width: 2000px) 100vw, 2000px\" \/>\t\t\t\t\t\t\t\t\t\t\t\t\t\t\t<\/div>\n\t\t\t\t<\/div>\n\t\t\t\t\t<\/div>\n\t\t<\/div>\n\t\t\t\t\t<\/div>\n\t\t<\/section>\n\t\t\t\t<section class=\"elementor-section elementor-top-section elementor-element elementor-element-8fb9e08 elementor-section-full_width elementor-section-height-default elementor-section-height-default\" data-id=\"8fb9e08\" data-element_type=\"section\" data-e-type=\"section\" data-settings=\"{&quot;background_background&quot;:&quot;classic&quot;}\">\n\t\t\t\t\t\t<div class=\"elementor-container elementor-column-gap-default\">\n\t\t\t\t\t<div class=\"elementor-column elementor-col-100 elementor-top-column elementor-element elementor-element-26b1a68\" data-id=\"26b1a68\" data-element_type=\"column\" data-e-type=\"column\">\n\t\t\t<div class=\"elementor-widget-wrap elementor-element-populated\">\n\t\t\t\t\t\t<div class=\"elementor-element elementor-element-76dc064 elementor-widget elementor-widget-heading\" data-id=\"76dc064\" data-element_type=\"widget\" data-e-type=\"widget\" data-widget_type=\"heading.default\">\n\t\t\t\t<div class=\"elementor-widget-container\">\n\t\t\t\t\t<h1 class=\"elementor-heading-title elementor-size-default\">\u00b7 <font color=\"#000000\">ANDORRA GRP<\/font> \u00b7<\/h1>\t\t\t\t<\/div>\n\t\t\t\t<\/div>\n\t\t\t\t\t<\/div>\n\t\t<\/div>\n\t\t\t\t\t<\/div>\n\t\t<\/section>\n\t\t\t\t<section class=\"elementor-section elementor-top-section elementor-element elementor-element-6951ece elementor-section-full_width elementor-section-height-default elementor-section-height-default\" data-id=\"6951ece\" data-element_type=\"section\" data-e-type=\"section\" data-settings=\"{&quot;background_background&quot;:&quot;classic&quot;}\">\n\t\t\t\t\t\t<div class=\"elementor-container elementor-column-gap-default\">\n\t\t\t\t\t<div class=\"elementor-column elementor-col-100 elementor-top-column elementor-element elementor-element-d3e256c\" data-id=\"d3e256c\" data-element_type=\"column\" data-e-type=\"column\">\n\t\t\t<div class=\"elementor-widget-wrap elementor-element-populated\">\n\t\t\t\t\t\t<div class=\"elementor-element elementor-element-556ba83 elementor-widget-divider--view-line elementor-widget elementor-widget-divider\" data-id=\"556ba83\" data-element_type=\"widget\" data-e-type=\"widget\" data-widget_type=\"divider.default\">\n\t\t\t\t<div class=\"elementor-widget-container\">\n\t\t\t\t\t\t\t<div class=\"elementor-divider\">\n\t\t\t<span class=\"elementor-divider-separator\">\n\t\t\t\t\t\t<\/span>\n\t\t<\/div>\n\t\t\t\t\t\t<\/div>\n\t\t\t\t<\/div>\n\t\t\t\t\t<\/div>\n\t\t<\/div>\n\t\t\t\t\t<\/div>\n\t\t<\/section>\n\t\t\t\t<section class=\"elementor-section elementor-top-section elementor-element elementor-element-84829cf elementor-section-full_width elementor-section-height-default elementor-section-height-default\" data-id=\"84829cf\" data-element_type=\"section\" data-e-type=\"section\">\n\t\t\t\t\t\t<div class=\"elementor-container elementor-column-gap-default\">\n\t\t\t\t\t<div class=\"elementor-column elementor-col-100 elementor-top-column elementor-element elementor-element-57cae14\" data-id=\"57cae14\" data-element_type=\"column\" data-e-type=\"column\">\n\t\t\t<div class=\"elementor-widget-wrap elementor-element-populated\">\n\t\t\t\t\t\t<div class=\"elementor-element elementor-element-bb17a24 elementor-widget elementor-widget-spacer\" data-id=\"bb17a24\" data-element_type=\"widget\" data-e-type=\"widget\" data-widget_type=\"spacer.default\">\n\t\t\t\t<div class=\"elementor-widget-container\">\n\t\t\t\t\t\t\t<div class=\"elementor-spacer\">\n\t\t\t<div class=\"elementor-spacer-inner\"><\/div>\n\t\t<\/div>\n\t\t\t\t\t\t<\/div>\n\t\t\t\t<\/div>\n\t\t\t\t\t<\/div>\n\t\t<\/div>\n\t\t\t\t\t<\/div>\n\t\t<\/section>\n\t\t\t\t<section class=\"elementor-section elementor-top-section elementor-element elementor-element-2d893be elementor-section-full_width elementor-section-height-default elementor-section-height-default\" data-id=\"2d893be\" data-element_type=\"section\" data-e-type=\"section\">\n\t\t\t\t\t\t<div class=\"elementor-container elementor-column-gap-default\">\n\t\t\t\t\t<div class=\"elementor-column elementor-col-33 elementor-top-column elementor-element elementor-element-7341d12\" data-id=\"7341d12\" data-element_type=\"column\" data-e-type=\"column\">\n\t\t\t<div class=\"elementor-widget-wrap elementor-element-populated\">\n\t\t\t\t\t\t<div class=\"elementor-element elementor-element-24d0f00 elementor-widget elementor-widget-text-editor\" data-id=\"24d0f00\" data-element_type=\"widget\" data-e-type=\"widget\" data-widget_type=\"text-editor.default\">\n\t\t\t\t<div class=\"elementor-widget-container\">\n\t\t\t\t\t\t\t\t\t<h5><span style=\"color: #b40404;\"><b><u>UBICACI\u00d3<\/u><\/b><\/span><\/h5><h6><span style=\"color: #666666;\"><span style=\"caret-color: #666666;\">Andorra<br \/><\/span><\/span><\/h6><p>\u00a0<\/p>\t\t\t\t\t\t\t\t<\/div>\n\t\t\t\t<\/div>\n\t\t\t\t<div class=\"elementor-element elementor-element-eb7cf05 elementor-widget elementor-widget-text-editor\" data-id=\"eb7cf05\" data-element_type=\"widget\" data-e-type=\"widget\" data-widget_type=\"text-editor.default\">\n\t\t\t\t<div class=\"elementor-widget-container\">\n\t\t\t\t\t\t\t\t\t<h5><span style=\"color: #b40404;\"><b><u>PARR\u00d2QUIES<\/u><\/b><\/span><\/h5><h6><span style=\"color: #666666;\">Sant Juli\u00e0 de L\u00f2ria<br \/>Encamp<br \/>Canillo<br \/>Ordino<br \/>La Massana<\/span><\/h6>\t\t\t\t\t\t\t\t<\/div>\n\t\t\t\t<\/div>\n\t\t\t\t<div class=\"elementor-element elementor-element-ea55cbe elementor-widget elementor-widget-text-editor\" data-id=\"ea55cbe\" data-element_type=\"widget\" data-e-type=\"widget\" data-widget_type=\"text-editor.default\">\n\t\t\t\t<div class=\"elementor-widget-container\">\n\t\t\t\t\t\t\t\t\t<h5><span style=\"color: #b40404;\"><b><u>WEB &#8211; XARXES SOCIALS<\/u><\/b><\/span><\/h5>\t\t\t\t\t\t\t\t<\/div>\n\t\t\t\t<\/div>\n\t\t\t\t\t<\/div>\n\t\t<\/div>\n\t\t\t\t<div class=\"elementor-column elementor-col-33 elementor-top-column elementor-element elementor-element-b05ad06\" data-id=\"b05ad06\" data-element_type=\"column\" data-e-type=\"column\">\n\t\t\t<div class=\"elementor-widget-wrap elementor-element-populated\">\n\t\t\t\t\t\t<div class=\"elementor-element elementor-element-f7a318c elementor-widget elementor-widget-text-editor\" data-id=\"f7a318c\" data-element_type=\"widget\" data-e-type=\"widget\" data-widget_type=\"text-editor.default\">\n\t\t\t\t<div class=\"elementor-widget-container\">\n\t\t\t\t\t\t\t\t\t<h5><span style=\"color: #000000;\"><b><u>RUTA CL\u00c0SSICA<\/u><\/b><\/span><\/h5><h6><span style=\"color: #b40404;\"><b><u>7 ETAPES<\/u><\/b><\/span><\/h6><h6><span style=\"color: #000000;\">119 kms \u239c\u00b19.244<\/span><\/h6><h6><span style=\"color: #666666;\"><span style=\"caret-color: #666666;\">Aixovall &#8211; Ref. de Claror<br \/>Ref. de Claror &#8211; Ref. de l&#8217;Illa<br \/>Ref. de l&#8217;Illa &#8211; Peretol<br \/>Peretol &#8211; Ref. de Jucl\u00e0<br \/>Ref. de Jucl\u00e0 &#8211; El Serrat<br \/>El Serrat &#8211; Ref. de Comapedrosa<br \/>Ref. de Comapedros &#8211; Aixovall<\/span><\/span><\/h6>\t\t\t\t\t\t\t\t<\/div>\n\t\t\t\t<\/div>\n\t\t\t\t<div class=\"elementor-element elementor-element-d079ae3 elementor-widget elementor-widget-text-editor\" data-id=\"d079ae3\" data-element_type=\"widget\" data-e-type=\"widget\" data-widget_type=\"text-editor.default\">\n\t\t\t\t<div class=\"elementor-widget-container\">\n\t\t\t\t\t\t\t\t\t<h5><span style=\"color: #b40404;\"><b><u>ON DORMIR<\/u><\/b><\/span><\/h5>\n<h6><span style=\"color: #666666;\">Aixovall (1.044 m)<\/span><br \/><a href=\"https:\/\/visitandorra.com\/ca\/dormir\/refugi-de-claror\/\" target=\"_blank\" rel=\"noopener\"><span style=\"color: #666666;\">Refugi de Claror (2.280 m)<\/span><\/a><br \/><a href=\"https:\/\/www.refugidelilla.com\" target=\"_blank\" rel=\"noopener\"><span style=\"color: #666666;\">Refugi de l&#8217;Illa (2.488 m)<\/span><\/a><br \/><a href=\"https:\/\/www.grandvalira.com\/ca\/ski-peretol\" target=\"_blank\" rel=\"noopener\"><span style=\"color: #666666;\">Peretol (1.960 m)<\/span><\/a><br \/><a href=\"http:\/\/www.refugidejuclar.com\" target=\"_blank\" rel=\"noopener\"><span style=\"color: #666666;\">Refugi de Jucl\u00e0 (2.310 m)<\/span><\/a><br \/><span style=\"color: #666666;\">El Serrat (1.540 m)<\/span><br \/><a href=\"https:\/\/visitandorra.com\/ca\/dormir\/refugi-comapedrosa\/\" target=\"_blank\" rel=\"noopener\"><span style=\"color: #666666;\">Refugi Comapedrosa (2.265 m)<\/span><\/a><\/h6>\t\t\t\t\t\t\t\t<\/div>\n\t\t\t\t<\/div>\n\t\t\t\t\t<\/div>\n\t\t<\/div>\n\t\t\t\t<div class=\"elementor-column elementor-col-33 elementor-top-column elementor-element elementor-element-81dab2b\" data-id=\"81dab2b\" data-element_type=\"column\" data-e-type=\"column\">\n\t\t\t<div class=\"elementor-widget-wrap elementor-element-populated\">\n\t\t\t\t\t\t<div class=\"elementor-element elementor-element-2c00003 elementor-widget elementor-widget-text-editor\" data-id=\"2c00003\" data-element_type=\"widget\" data-e-type=\"widget\" data-widget_type=\"text-editor.default\">\n\t\t\t\t<div class=\"elementor-widget-container\">\n\t\t\t\t\t\t\t\t\t<h5><span style=\"color: #b40404;\"><b><u>PICS OPCIONALS\n<\/u><\/b><\/span><\/h5>\n<h6><span style=\"color: #666666;\">Pic Negre (2.642 m)<\/br>\nPic de la Maiana (2.521 m)<\/br>\nPic de Serra Mitjana (2.523 m)<\/br>\nPic dels Pessons (2.862 m)<\/br>\nPic Alt del Cubil (2.833 m)<\/br>\nPic de Siscar\u00f3 (2.637 m)<\/br>\nPic d&#8217;Escobes (2.779 m)<\/br>\nPic de No\u00e8 (2.745 m)<\/br>\nPic de la Coma de Varilles (2.759 m)<\/br>\nPic de la Cabaneta (2.863 m)<\/br>\nPic de les Fonts (2.749 m)<\/br>\nPic de Percanela (2.422 m)<\/br>\nPic de la Coma Seignac (2.850 m)<\/br>\nPic de la Serrera (2.913 m)<\/br>\nPic de Coma Pedrosa (2.943 m)<\/br>\nPic d&#8217;Enclar (2.402 m)<\/span><\/h6>\t\t\t\t\t\t\t\t<\/div>\n\t\t\t\t<\/div>\n\t\t\t\t\t<\/div>\n\t\t<\/div>\n\t\t\t\t\t<\/div>\n\t\t<\/section>\n\t\t\t\t<section class=\"elementor-section elementor-top-section elementor-element elementor-element-f2b368e elementor-section-full_width elementor-section-height-default elementor-section-height-default\" data-id=\"f2b368e\" data-element_type=\"section\" data-e-type=\"section\">\n\t\t\t\t\t\t<div class=\"elementor-container elementor-column-gap-default\">\n\t\t\t\t\t<div class=\"elementor-column elementor-col-100 elementor-top-column elementor-element elementor-element-0e60613\" data-id=\"0e60613\" data-element_type=\"column\" data-e-type=\"column\">\n\t\t\t<div class=\"elementor-widget-wrap\">\n\t\t\t\t\t\t\t<\/div>\n\t\t<\/div>\n\t\t\t\t\t<\/div>\n\t\t<\/section>\n\t\t\t\t<section class=\"elementor-section elementor-top-section elementor-element elementor-element-3d9d705 elementor-section-full_width elementor-section-height-default elementor-section-height-default\" data-id=\"3d9d705\" data-element_type=\"section\" data-e-type=\"section\" data-settings=\"{&quot;background_background&quot;:&quot;classic&quot;}\">\n\t\t\t\t\t\t<div class=\"elementor-container elementor-column-gap-default\">\n\t\t\t\t\t<div class=\"elementor-column elementor-col-100 elementor-top-column elementor-element elementor-element-23b48a4\" data-id=\"23b48a4\" data-element_type=\"column\" data-e-type=\"column\">\n\t\t\t<div class=\"elementor-widget-wrap elementor-element-populated\">\n\t\t\t\t\t\t<div class=\"elementor-element elementor-element-b589226 elementor-widget elementor-widget-text-editor\" data-id=\"b589226\" data-element_type=\"widget\" data-e-type=\"widget\" data-widget_type=\"text-editor.default\">\n\t\t\t\t<div class=\"elementor-widget-container\">\n\t\t\t\t\t\t\t\t\t<p><iframe src=\"https:\/\/www.google.com\/maps\/d\/embed?mid=13v5M1DItL-L7mZz7PBNBFdGW6lHlvVl5\" width=\"2000\" height=\"500\"><\/iframe><\/p>\t\t\t\t\t\t\t\t<\/div>\n\t\t\t\t<\/div>\n\t\t\t\t<div class=\"elementor-element elementor-element-31d3049 elementor-widget elementor-widget-heading\" data-id=\"31d3049\" data-element_type=\"widget\" data-e-type=\"widget\" data-widget_type=\"heading.default\">\n\t\t\t\t<div class=\"elementor-widget-container\">\n\t\t\t\t\t<h3 class=\"elementor-heading-title elementor-size-default\">\u00b7 <u>CARTOGRAFIA - GUIES<\/u> \u00b7<\/h3>\t\t\t\t<\/div>\n\t\t\t\t<\/div>\n\t\t\t\t\t<\/div>\n\t\t<\/div>\n\t\t\t\t\t<\/div>\n\t\t<\/section>\n\t\t\t\t<section class=\"elementor-section elementor-top-section elementor-element elementor-element-2710395 elementor-section-full_width elementor-section-height-default elementor-section-height-default\" data-id=\"2710395\" data-element_type=\"section\" data-e-type=\"section\" data-settings=\"{&quot;background_background&quot;:&quot;classic&quot;}\">\n\t\t\t\t\t\t<div class=\"elementor-container elementor-column-gap-default\">\n\t\t\t\t\t<div class=\"elementor-column elementor-col-16 elementor-top-column elementor-element elementor-element-55019c4\" data-id=\"55019c4\" data-element_type=\"column\" data-e-type=\"column\">\n\t\t\t<div class=\"elementor-widget-wrap elementor-element-populated\">\n\t\t\t\t\t\t<div class=\"elementor-element elementor-element-2fa47ed elementor-widget elementor-widget-image\" data-id=\"2fa47ed\" data-element_type=\"widget\" data-e-type=\"widget\" data-widget_type=\"image.default\">\n\t\t\t\t<div class=\"elementor-widget-container\">\n\t\t\t\t\t\t\t\t\t\t\t\t\t\t\t<img decoding=\"async\" width=\"300\" height=\"550\" src=\"https:\/\/rutesentrerefugis.com\/wp-content\/uploads\/2021\/02\/Andorra-GRP.jpg\" class=\"attachment-full size-full wp-image-4790\" alt=\"\" srcset=\"https:\/\/rutesentrerefugis.com\/wp-content\/uploads\/2021\/02\/Andorra-GRP.jpg 300w, https:\/\/rutesentrerefugis.com\/wp-content\/uploads\/2021\/02\/Andorra-GRP-164x300.jpg 164w\" sizes=\"(max-width: 300px) 100vw, 300px\" \/>\t\t\t\t\t\t\t\t\t\t\t\t\t\t\t<\/div>\n\t\t\t\t<\/div>\n\t\t\t\t\t<\/div>\n\t\t<\/div>\n\t\t\t\t<div class=\"elementor-column elementor-col-16 elementor-top-column elementor-element elementor-element-470d054\" data-id=\"470d054\" data-element_type=\"column\" data-e-type=\"column\">\n\t\t\t<div class=\"elementor-widget-wrap elementor-element-populated\">\n\t\t\t\t\t\t<div class=\"elementor-element elementor-element-ce60deb elementor-widget elementor-widget-image\" data-id=\"ce60deb\" data-element_type=\"widget\" data-e-type=\"widget\" data-widget_type=\"image.default\">\n\t\t\t\t<div class=\"elementor-widget-container\">\n\t\t\t\t\t\t\t\t\t\t\t\t\t\t\t<img decoding=\"async\" width=\"300\" height=\"550\" src=\"https:\/\/rutesentrerefugis.com\/wp-content\/uploads\/2022\/08\/Andorra.jpg\" class=\"attachment-full size-full wp-image-962\" alt=\"\" srcset=\"https:\/\/rutesentrerefugis.com\/wp-content\/uploads\/2022\/08\/Andorra.jpg 300w, https:\/\/rutesentrerefugis.com\/wp-content\/uploads\/2022\/08\/Andorra-164x300.jpg 164w\" sizes=\"(max-width: 300px) 100vw, 300px\" \/>\t\t\t\t\t\t\t\t\t\t\t\t\t\t\t<\/div>\n\t\t\t\t<\/div>\n\t\t\t\t\t<\/div>\n\t\t<\/div>\n\t\t\t\t<div class=\"elementor-column elementor-col-16 elementor-top-column elementor-element elementor-element-0c8f33d\" data-id=\"0c8f33d\" data-element_type=\"column\" data-e-type=\"column\">\n\t\t\t<div class=\"elementor-widget-wrap elementor-element-populated\">\n\t\t\t\t\t\t<div class=\"elementor-element elementor-element-201de04 elementor-widget elementor-widget-image\" data-id=\"201de04\" data-element_type=\"widget\" data-e-type=\"widget\" data-widget_type=\"image.default\">\n\t\t\t\t<div class=\"elementor-widget-container\">\n\t\t\t\t\t\t\t\t\t\t\t\t\t\t\t<img loading=\"lazy\" decoding=\"async\" width=\"300\" height=\"550\" src=\"https:\/\/rutesentrerefugis.com\/wp-content\/uploads\/2021\/02\/Andorra-03.jpg\" class=\"attachment-full size-full wp-image-21495\" alt=\"\" srcset=\"https:\/\/rutesentrerefugis.com\/wp-content\/uploads\/2021\/02\/Andorra-03.jpg 300w, https:\/\/rutesentrerefugis.com\/wp-content\/uploads\/2021\/02\/Andorra-03-164x300.jpg 164w\" sizes=\"(max-width: 300px) 100vw, 300px\" \/>\t\t\t\t\t\t\t\t\t\t\t\t\t\t\t<\/div>\n\t\t\t\t<\/div>\n\t\t\t\t\t<\/div>\n\t\t<\/div>\n\t\t\t\t<div class=\"elementor-column elementor-col-16 elementor-top-column elementor-element elementor-element-6802bb9\" data-id=\"6802bb9\" data-element_type=\"column\" data-e-type=\"column\">\n\t\t\t<div class=\"elementor-widget-wrap elementor-element-populated\">\n\t\t\t\t\t\t<div class=\"elementor-element elementor-element-4a9ce10 elementor-widget elementor-widget-image\" data-id=\"4a9ce10\" data-element_type=\"widget\" data-e-type=\"widget\" data-widget_type=\"image.default\">\n\t\t\t\t<div class=\"elementor-widget-container\">\n\t\t\t\t\t\t\t\t\t\t\t\t\t\t\t<img loading=\"lazy\" decoding=\"async\" width=\"300\" height=\"550\" src=\"https:\/\/rutesentrerefugis.com\/wp-content\/uploads\/2021\/02\/Andorra-GRP-A.jpg\" class=\"attachment-full size-full wp-image-4791\" alt=\"\" srcset=\"https:\/\/rutesentrerefugis.com\/wp-content\/uploads\/2021\/02\/Andorra-GRP-A.jpg 300w, https:\/\/rutesentrerefugis.com\/wp-content\/uploads\/2021\/02\/Andorra-GRP-A-164x300.jpg 164w\" sizes=\"(max-width: 300px) 100vw, 300px\" \/>\t\t\t\t\t\t\t\t\t\t\t\t\t\t\t<\/div>\n\t\t\t\t<\/div>\n\t\t\t\t\t<\/div>\n\t\t<\/div>\n\t\t\t\t<div class=\"elementor-column elementor-col-16 elementor-top-column elementor-element elementor-element-abbe819\" data-id=\"abbe819\" data-element_type=\"column\" data-e-type=\"column\">\n\t\t\t<div class=\"elementor-widget-wrap\">\n\t\t\t\t\t\t\t<\/div>\n\t\t<\/div>\n\t\t\t\t<div class=\"elementor-column elementor-col-16 elementor-top-column elementor-element elementor-element-1a11dcd\" data-id=\"1a11dcd\" data-element_type=\"column\" data-e-type=\"column\">\n\t\t\t<div class=\"elementor-widget-wrap\">\n\t\t\t\t\t\t\t<\/div>\n\t\t<\/div>\n\t\t\t\t\t<\/div>\n\t\t<\/section>\n\t\t\t\t<section class=\"elementor-section elementor-top-section elementor-element elementor-element-dfd5fe0 elementor-section-full_width elementor-section-height-default elementor-section-height-default\" data-id=\"dfd5fe0\" data-element_type=\"section\" data-e-type=\"section\">\n\t\t\t\t\t\t<div class=\"elementor-container elementor-column-gap-default\">\n\t\t\t\t\t<div class=\"elementor-column elementor-col-100 elementor-top-column elementor-element elementor-element-c8879df\" data-id=\"c8879df\" data-element_type=\"column\" data-e-type=\"column\">\n\t\t\t<div class=\"elementor-widget-wrap elementor-element-populated\">\n\t\t\t\t\t\t<div class=\"elementor-element elementor-element-51368b2 elementor-widget elementor-widget-spacer\" data-id=\"51368b2\" data-element_type=\"widget\" data-e-type=\"widget\" data-widget_type=\"spacer.default\">\n\t\t\t\t<div class=\"elementor-widget-container\">\n\t\t\t\t\t\t\t<div class=\"elementor-spacer\">\n\t\t\t<div class=\"elementor-spacer-inner\"><\/div>\n\t\t<\/div>\n\t\t\t\t\t\t<\/div>\n\t\t\t\t<\/div>\n\t\t\t\t\t<\/div>\n\t\t<\/div>\n\t\t\t\t\t<\/div>\n\t\t<\/section>\n\t\t\t\t<section class=\"elementor-section elementor-top-section elementor-element elementor-element-afe2869 elementor-section-full_width elementor-section-height-default elementor-section-height-default\" data-id=\"afe2869\" data-element_type=\"section\" data-e-type=\"section\">\n\t\t\t\t\t\t<div class=\"elementor-container elementor-column-gap-default\">\n\t\t\t\t\t<div class=\"elementor-column elementor-col-100 elementor-top-column elementor-element elementor-element-13ba49e\" data-id=\"13ba49e\" data-element_type=\"column\" data-e-type=\"column\">\n\t\t\t<div class=\"elementor-widget-wrap elementor-element-populated\">\n\t\t\t\t\t\t<div class=\"elementor-element elementor-element-e978d9d elementor-widget-divider--view-line elementor-widget elementor-widget-divider\" data-id=\"e978d9d\" data-element_type=\"widget\" data-e-type=\"widget\" data-widget_type=\"divider.default\">\n\t\t\t\t<div class=\"elementor-widget-container\">\n\t\t\t\t\t\t\t<div class=\"elementor-divider\">\n\t\t\t<span class=\"elementor-divider-separator\">\n\t\t\t\t\t\t<\/span>\n\t\t<\/div>\n\t\t\t\t\t\t<\/div>\n\t\t\t\t<\/div>\n\t\t\t\t\t<\/div>\n\t\t<\/div>\n\t\t\t\t\t<\/div>\n\t\t<\/section>\n\t\t\t\t<section class=\"elementor-section elementor-top-section elementor-element elementor-element-fda4e6c elementor-section-full_width elementor-section-height-default elementor-section-height-default\" data-id=\"fda4e6c\" data-element_type=\"section\" data-e-type=\"section\">\n\t\t\t\t\t\t<div class=\"elementor-container elementor-column-gap-default\">\n\t\t\t\t\t<div class=\"elementor-column elementor-col-100 elementor-top-column elementor-element elementor-element-fdee7bb\" data-id=\"fdee7bb\" data-element_type=\"column\" data-e-type=\"column\">\n\t\t\t<div class=\"elementor-widget-wrap elementor-element-populated\">\n\t\t\t\t\t\t<div class=\"elementor-element elementor-element-4acd857 elementor-widget elementor-widget-heading\" data-id=\"4acd857\" data-element_type=\"widget\" data-e-type=\"widget\" data-widget_type=\"heading.default\">\n\t\t\t\t<div class=\"elementor-widget-container\">\n\t\t\t\t\t<h2 class=\"elementor-heading-title elementor-size-default\"><u>ARTICLES I RUTES RELACIONATS<\/u><\/h2>\t\t\t\t<\/div>\n\t\t\t\t<\/div>\n\t\t\t\t\t<\/div>\n\t\t<\/div>\n\t\t\t\t\t<\/div>\n\t\t<\/section>\n\t\t\t\t<section class=\"elementor-section elementor-top-section elementor-element elementor-element-7bb27bd elementor-section-full_width elementor-section-height-default elementor-section-height-default\" data-id=\"7bb27bd\" data-element_type=\"section\" data-e-type=\"section\">\n\t\t\t\t\t\t<div class=\"elementor-container elementor-column-gap-default\">\n\t\t\t\t\t<div class=\"elementor-column elementor-col-100 elementor-top-column elementor-element elementor-element-079d3a0\" data-id=\"079d3a0\" data-element_type=\"column\" data-e-type=\"column\">\n\t\t\t<div class=\"elementor-widget-wrap elementor-element-populated\">\n\t\t\t\t\t\t<div class=\"elementor-element elementor-element-4145ee5 elementor-widget elementor-widget-spacer\" data-id=\"4145ee5\" data-element_type=\"widget\" data-e-type=\"widget\" data-widget_type=\"spacer.default\">\n\t\t\t\t<div class=\"elementor-widget-container\">\n\t\t\t\t\t\t\t<div class=\"elementor-spacer\">\n\t\t\t<div class=\"elementor-spacer-inner\"><\/div>\n\t\t<\/div>\n\t\t\t\t\t\t<\/div>\n\t\t\t\t<\/div>\n\t\t\t\t\t<\/div>\n\t\t<\/div>\n\t\t\t\t\t<\/div>\n\t\t<\/section>\n\t\t\t\t<section class=\"elementor-section elementor-top-section elementor-element elementor-element-7337563 elementor-section-full_width elementor-section-height-default elementor-section-height-default\" data-id=\"7337563\" data-element_type=\"section\" data-e-type=\"section\">\n\t\t\t\t\t\t<div class=\"elementor-container elementor-column-gap-default\">\n\t\t\t\t\t<div class=\"elementor-column elementor-col-100 elementor-top-column elementor-element elementor-element-4d9ae43\" data-id=\"4d9ae43\" data-element_type=\"column\" data-e-type=\"column\">\n\t\t\t<div class=\"elementor-widget-wrap elementor-element-populated\">\n\t\t\t\t\t\t<div class=\"elementor-element elementor-element-8026de6 elementor-grid-5 elementor-grid-tablet-2 elementor-grid-mobile-1 elementor-posts--thumbnail-top elementor-widget elementor-widget-posts\" data-id=\"8026de6\" data-element_type=\"widget\" data-e-type=\"widget\" data-settings=\"{&quot;classic_columns&quot;:&quot;5&quot;,&quot;classic_columns_tablet&quot;:&quot;2&quot;,&quot;classic_columns_mobile&quot;:&quot;1&quot;,&quot;classic_row_gap&quot;:{&quot;unit&quot;:&quot;px&quot;,&quot;size&quot;:35,&quot;sizes&quot;:[]},&quot;classic_row_gap_tablet&quot;:{&quot;unit&quot;:&quot;px&quot;,&quot;size&quot;:&quot;&quot;,&quot;sizes&quot;:[]},&quot;classic_row_gap_mobile&quot;:{&quot;unit&quot;:&quot;px&quot;,&quot;size&quot;:&quot;&quot;,&quot;sizes&quot;:[]}}\" data-widget_type=\"posts.classic\">\n\t\t\t\t<div class=\"elementor-widget-container\">\n\t\t\t\t\t\t\t<div class=\"elementor-posts-container elementor-posts elementor-posts--skin-classic elementor-grid\" role=\"list\">\n\t\t\t\t<article class=\"elementor-post elementor-grid-item post-22341 post type-post status-publish format-standard has-post-thumbnail hentry category-andorra-ca category-cicloturisme-ca category-ultima-ruta tag-alt-urgell-ca tag-andorra-ca tag-andorra-bike-tracks-ca tag-andorra-la-vella-ca tag-ariege-ca tag-catalunya-ca tag-cerdanya-ca tag-el-tarter-ca tag-encamp-ca tag-os-de-civis-2-ca tag-pas-de-la-casa-ca tag-puigcerda-ca tag-sant-julia-de-loria-ca\" role=\"listitem\">\n\t\t\t\t<a class=\"elementor-post__thumbnail__link\" href=\"https:\/\/rutesentrerefugis.com\/index.php\/2024\/01\/22\/andorra-bike-3-nacions\/\" tabindex=\"-1\" >\n\t\t\t<div class=\"elementor-post__thumbnail\"><img loading=\"lazy\" decoding=\"async\" width=\"300\" height=\"210\" src=\"https:\/\/rutesentrerefugis.com\/wp-content\/uploads\/2024\/08\/Andorra-Bike-3-Nacions-NW-300x210.jpg\" class=\"attachment-medium size-medium wp-image-22375\" alt=\"\" srcset=\"https:\/\/rutesentrerefugis.com\/wp-content\/uploads\/2024\/08\/Andorra-Bike-3-Nacions-NW-300x210.jpg 300w, https:\/\/rutesentrerefugis.com\/wp-content\/uploads\/2024\/08\/Andorra-Bike-3-Nacions-NW.jpg 400w\" sizes=\"(max-width: 300px) 100vw, 300px\" \/><\/div>\n\t\t<\/a>\n\t\t\t\t<div class=\"elementor-post__text\">\n\t\t\t\t<h3 class=\"elementor-post__title\">\n\t\t\t<a href=\"https:\/\/rutesentrerefugis.com\/index.php\/2024\/01\/22\/andorra-bike-3-nacions\/\" >\n\t\t\t\tANDORRA BIKE 3 NACIONS\t\t\t<\/a>\n\t\t<\/h3>\n\t\t\t\t<div class=\"elementor-post__meta-data\">\n\t\t\t\t\t<span class=\"elementor-post-date\">\n\t\t\t22\/01\/2024\t\t<\/span>\n\t\t\t\t<\/div>\n\t\t\t\t<\/div>\n\t\t\t\t<\/article>\n\t\t\t\t<article class=\"elementor-post elementor-grid-item post-4101 post type-post status-publish format-standard has-post-thumbnail hentry category-andorra-ca category-pirineus category-trail-running-ca tag-andorra-ca tag-arinsal-es-ca tag-cerdanya-ca tag-encamp-ca tag-esterri-daneu-ca tag-guils-de-cerdanya-es-ca tag-la-masella-es-ca tag-la-massana-es-ca tag-nuria-es-ca tag-pallars-sobira-es-ca tag-parc-natural-de-lalt-pirineu-ca tag-parc-natural-de-les-capcaleres-del-ter-i-del-freser-ca tag-pica-destats-es-ca tag-pyrenees-stage-run-es-ca tag-ribes-de-freser-ca tag-ripolles-ca tag-salardu-es-ca tag-tavascan-ca tag-trail-running-es-ca tag-val-daran-es-ca tag-valls-daneu-ca\" role=\"listitem\">\n\t\t\t\t<a class=\"elementor-post__thumbnail__link\" href=\"https:\/\/rutesentrerefugis.com\/index.php\/2022\/12\/08\/pyrenees-stage-run\/\" tabindex=\"-1\" >\n\t\t\t<div class=\"elementor-post__thumbnail\"><img loading=\"lazy\" decoding=\"async\" width=\"300\" height=\"210\" src=\"https:\/\/rutesentrerefugis.com\/wp-content\/uploads\/2022\/12\/Pyrenees-Stage-Run-300x210.jpg\" class=\"attachment-medium size-medium wp-image-4103\" alt=\"\" srcset=\"https:\/\/rutesentrerefugis.com\/wp-content\/uploads\/2022\/12\/Pyrenees-Stage-Run-300x210.jpg 300w, https:\/\/rutesentrerefugis.com\/wp-content\/uploads\/2022\/12\/Pyrenees-Stage-Run.jpg 400w\" sizes=\"(max-width: 300px) 100vw, 300px\" \/><\/div>\n\t\t<\/a>\n\t\t\t\t<div class=\"elementor-post__text\">\n\t\t\t\t<h3 class=\"elementor-post__title\">\n\t\t\t<a href=\"https:\/\/rutesentrerefugis.com\/index.php\/2022\/12\/08\/pyrenees-stage-run\/\" >\n\t\t\t\tPYRENEES STAGE RUN\t\t\t<\/a>\n\t\t<\/h3>\n\t\t\t\t<div class=\"elementor-post__meta-data\">\n\t\t\t\t\t<span class=\"elementor-post-date\">\n\t\t\t08\/12\/2022\t\t<\/span>\n\t\t\t\t<\/div>\n\t\t\t\t<\/div>\n\t\t\t\t<\/article>\n\t\t\t\t<article class=\"elementor-post elementor-grid-item post-4782 post type-post status-publish format-standard has-post-thumbnail hentry category-a-peu-ca category-andorra-ca tag-aixovall-ca tag-andorra-ca tag-canillo-ca tag-el-serrat-ca tag-encamp-ca tag-la-massana-es-ca tag-ordino-ca tag-peretol-ca tag-refugi-comapedrosa-ca tag-refugi-de-claror-ca tag-refugi-de-jucla-ca tag-refugi-illa-ca tag-sant-julia-de-loria-ca\" role=\"listitem\">\n\t\t\t\t<a class=\"elementor-post__thumbnail__link\" href=\"https:\/\/rutesentrerefugis.com\/index.php\/2021\/02\/12\/andorra-grp\/\" tabindex=\"-1\" >\n\t\t\t<div class=\"elementor-post__thumbnail\"><img loading=\"lazy\" decoding=\"async\" width=\"300\" height=\"210\" src=\"https:\/\/rutesentrerefugis.com\/wp-content\/uploads\/2022\/12\/Andorra-GRP-300x210.jpg\" class=\"attachment-medium size-medium wp-image-4783\" alt=\"\" srcset=\"https:\/\/rutesentrerefugis.com\/wp-content\/uploads\/2022\/12\/Andorra-GRP-300x210.jpg 300w, https:\/\/rutesentrerefugis.com\/wp-content\/uploads\/2022\/12\/Andorra-GRP.jpg 400w\" sizes=\"(max-width: 300px) 100vw, 300px\" \/><\/div>\n\t\t<\/a>\n\t\t\t\t<div class=\"elementor-post__text\">\n\t\t\t\t<h3 class=\"elementor-post__title\">\n\t\t\t<a href=\"https:\/\/rutesentrerefugis.com\/index.php\/2021\/02\/12\/andorra-grp\/\" >\n\t\t\t\tANDORRA GRP\t\t\t<\/a>\n\t\t<\/h3>\n\t\t\t\t<div class=\"elementor-post__meta-data\">\n\t\t\t\t\t<span class=\"elementor-post-date\">\n\t\t\t12\/02\/2021\t\t<\/span>\n\t\t\t\t<\/div>\n\t\t\t\t<\/div>\n\t\t\t\t<\/article>\n\t\t\t\t<article class=\"elementor-post elementor-grid-item post-4883 post type-post status-publish format-standard has-post-thumbnail hentry category-a-peu-ca category-andorra-ca tag-andorra-ca tag-ariege-ca tag-arinsal-es-ca tag-el-serrat-ca tag-la-massana-es-ca tag-mounicou-es-ca tag-ordino-ca tag-p-n-r-des-pyrenees-ariegeoises-es-ca tag-pallars-sobira-es-ca tag-parc-natural-de-lalt-pirineu-ca tag-parc-natural-valls-de-comapedrosa-es-ca tag-parc-pirinenc-de-les-tres-nacions-es-ca tag-refugi-de-comapedrosa-ca tag-refugi-de-pinet-es-ca tag-refugi-de-vallferrera-ca tag-refugi-estanys-fourcats-es-ca\" role=\"listitem\">\n\t\t\t\t<a class=\"elementor-post__thumbnail__link\" href=\"https:\/\/rutesentrerefugis.com\/index.php\/2021\/01\/15\/els-gegants-de-les-3-nacions\/\" tabindex=\"-1\" >\n\t\t\t<div class=\"elementor-post__thumbnail\"><img loading=\"lazy\" decoding=\"async\" width=\"300\" height=\"210\" src=\"https:\/\/rutesentrerefugis.com\/wp-content\/uploads\/2022\/12\/Els-Gegants-de-les-3-Nacions-NW-300x210.jpg\" class=\"attachment-medium size-medium wp-image-4896\" alt=\"\" srcset=\"https:\/\/rutesentrerefugis.com\/wp-content\/uploads\/2022\/12\/Els-Gegants-de-les-3-Nacions-NW-300x210.jpg 300w, https:\/\/rutesentrerefugis.com\/wp-content\/uploads\/2022\/12\/Els-Gegants-de-les-3-Nacions-NW.jpg 400w\" sizes=\"(max-width: 300px) 100vw, 300px\" \/><\/div>\n\t\t<\/a>\n\t\t\t\t<div class=\"elementor-post__text\">\n\t\t\t\t<h3 class=\"elementor-post__title\">\n\t\t\t<a href=\"https:\/\/rutesentrerefugis.com\/index.php\/2021\/01\/15\/els-gegants-de-les-3-nacions\/\" >\n\t\t\t\tELS GEGANTS DE LES 3 NACIONS\t\t\t<\/a>\n\t\t<\/h3>\n\t\t\t\t<div class=\"elementor-post__meta-data\">\n\t\t\t\t\t<span class=\"elementor-post-date\">\n\t\t\t15\/01\/2021\t\t<\/span>\n\t\t\t\t<\/div>\n\t\t\t\t<\/div>\n\t\t\t\t<\/article>\n\t\t\t\t<article class=\"elementor-post elementor-grid-item post-4740 post type-post status-publish format-standard has-post-thumbnail hentry category-andorra-ca category-btt-ca tag-alt-urgell-ca tag-andorra-ca tag-andorra-bike-tracks-ca tag-andorra-la-vella-ca tag-ars-ca tag-canillo-ca tag-el-tarter-ca tag-encamp-ca tag-escaldes-engordany-ca tag-grandvalira-ca tag-la-farga-de-moles-ca tag-la-massana-es-ca tag-la-seu-durgell-ca tag-naturlandia-ca tag-os-de-civis-2-ca tag-pas-de-la-casa-ca tag-sant-julia-de-loria-ca tag-soldeu-ca tag-tracks-tour-ca\" role=\"listitem\">\n\t\t\t\t<a class=\"elementor-post__thumbnail__link\" href=\"https:\/\/rutesentrerefugis.com\/index.php\/2021\/01\/12\/tracks-andorra-btt\/\" tabindex=\"-1\" >\n\t\t\t<div class=\"elementor-post__thumbnail\"><img loading=\"lazy\" decoding=\"async\" width=\"300\" height=\"210\" src=\"https:\/\/rutesentrerefugis.com\/wp-content\/uploads\/2022\/12\/Tracks-Andorra-NW-300x210.jpg\" class=\"attachment-medium size-medium wp-image-4741\" alt=\"\" srcset=\"https:\/\/rutesentrerefugis.com\/wp-content\/uploads\/2022\/12\/Tracks-Andorra-NW-300x210.jpg 300w, https:\/\/rutesentrerefugis.com\/wp-content\/uploads\/2022\/12\/Tracks-Andorra-NW.jpg 400w\" sizes=\"(max-width: 300px) 100vw, 300px\" \/><\/div>\n\t\t<\/a>\n\t\t\t\t<div class=\"elementor-post__text\">\n\t\t\t\t<h3 class=\"elementor-post__title\">\n\t\t\t<a href=\"https:\/\/rutesentrerefugis.com\/index.php\/2021\/01\/12\/tracks-andorra-btt\/\" >\n\t\t\t\tTRACKS ANDORRA BTT\t\t\t<\/a>\n\t\t<\/h3>\n\t\t\t\t<div class=\"elementor-post__meta-data\">\n\t\t\t\t\t<span class=\"elementor-post-date\">\n\t\t\t12\/01\/2021\t\t<\/span>\n\t\t\t\t<\/div>\n\t\t\t\t<\/div>\n\t\t\t\t<\/article>\n\t\t\t\t<article class=\"elementor-post elementor-grid-item post-959 post type-post status-publish format-standard has-post-thumbnail hentry category-andorra-ca category-btt-ca tag-andorra-ca tag-andorra-bike-tracks-ca tag-arcavell-ca tag-bescaran-ca tag-canillo-ca tag-el-tarter-ca tag-encamp-ca tag-la-massana-es-ca tag-ordino-ca tag-os-de-civis-2-ca tag-seturia-ca\" role=\"listitem\">\n\t\t\t\t<a class=\"elementor-post__thumbnail__link\" href=\"https:\/\/rutesentrerefugis.com\/index.php\/2021\/01\/11\/andorra-bike-tracks-btt\/\" tabindex=\"-1\" >\n\t\t\t<div class=\"elementor-post__thumbnail\"><img loading=\"lazy\" decoding=\"async\" width=\"300\" height=\"210\" src=\"https:\/\/rutesentrerefugis.com\/wp-content\/uploads\/2021\/01\/Andorra-Bike-Tracks-NW-300x210.jpg\" class=\"attachment-medium size-medium wp-image-1148\" alt=\"\" srcset=\"https:\/\/rutesentrerefugis.com\/wp-content\/uploads\/2021\/01\/Andorra-Bike-Tracks-NW-300x210.jpg 300w, https:\/\/rutesentrerefugis.com\/wp-content\/uploads\/2021\/01\/Andorra-Bike-Tracks-NW.jpg 400w\" sizes=\"(max-width: 300px) 100vw, 300px\" \/><\/div>\n\t\t<\/a>\n\t\t\t\t<div class=\"elementor-post__text\">\n\t\t\t\t<h3 class=\"elementor-post__title\">\n\t\t\t<a href=\"https:\/\/rutesentrerefugis.com\/index.php\/2021\/01\/11\/andorra-bike-tracks-btt\/\" >\n\t\t\t\tANDORRA BIKE TRACKS EN BTT\t\t\t<\/a>\n\t\t<\/h3>\n\t\t\t\t<div class=\"elementor-post__meta-data\">\n\t\t\t\t\t<span class=\"elementor-post-date\">\n\t\t\t11\/01\/2021\t\t<\/span>\n\t\t\t\t<\/div>\n\t\t\t\t<\/div>\n\t\t\t\t<\/article>\n\t\t\t\t<article class=\"elementor-post elementor-grid-item post-1972 post type-post status-publish format-standard has-post-thumbnail hentry category-andorra-ca category-cicloturisme-ca tag-alt-urgell-ca tag-andorra-ca tag-andorra-bike-tracks-ca tag-andorra-la-vella-ca tag-ariege-ca tag-catalunya-ca tag-cerdanya-ca tag-el-tarter-ca tag-encamp-ca tag-os-de-civis-2-ca tag-pas-de-la-casa-ca tag-puigcerda-ca tag-sant-julia-de-loria-ca\" role=\"listitem\">\n\t\t\t\t<a class=\"elementor-post__thumbnail__link\" href=\"https:\/\/rutesentrerefugis.com\/index.php\/2021\/01\/11\/andorra-bike-tracks-road\/\" tabindex=\"-1\" >\n\t\t\t<div class=\"elementor-post__thumbnail\"><img loading=\"lazy\" decoding=\"async\" width=\"300\" height=\"210\" src=\"https:\/\/rutesentrerefugis.com\/wp-content\/uploads\/2022\/10\/Andorra-Bike-Tracks-NW-300x210.jpg\" class=\"attachment-medium size-medium wp-image-1973\" alt=\"\" srcset=\"https:\/\/rutesentrerefugis.com\/wp-content\/uploads\/2022\/10\/Andorra-Bike-Tracks-NW-300x210.jpg 300w, https:\/\/rutesentrerefugis.com\/wp-content\/uploads\/2022\/10\/Andorra-Bike-Tracks-NW.jpg 400w\" sizes=\"(max-width: 300px) 100vw, 300px\" \/><\/div>\n\t\t<\/a>\n\t\t\t\t<div class=\"elementor-post__text\">\n\t\t\t\t<h3 class=\"elementor-post__title\">\n\t\t\t<a href=\"https:\/\/rutesentrerefugis.com\/index.php\/2021\/01\/11\/andorra-bike-tracks-road\/\" >\n\t\t\t\tANDORRA BIKE TRACKS ROAD\t\t\t<\/a>\n\t\t<\/h3>\n\t\t\t\t<div class=\"elementor-post__meta-data\">\n\t\t\t\t\t<span class=\"elementor-post-date\">\n\t\t\t11\/01\/2021\t\t<\/span>\n\t\t\t\t<\/div>\n\t\t\t\t<\/div>\n\t\t\t\t<\/article>\n\t\t\t\t<article class=\"elementor-post elementor-grid-item post-4905 post type-post status-publish format-standard has-post-thumbnail hentry category-a-peu-ca category-andorra-ca tag-andorra-ca tag-cerdanya-ca tag-circ-de-pessons-es-ca tag-circ-dels-estanys-de-la-pera-es-ca tag-encamp-ca tag-escaldes-engordany-ca tag-estany-dengolasters-ca tag-grau-roig-es-ca tag-refugi-cap-del-rec-es-ca tag-refugi-de-lilla-ca tag-refugi-dels-estanys-de-la-pera-es-ca tag-vall-de-la-llosa-ca tag-vall-de-madriu-es-ca\" role=\"listitem\">\n\t\t\t\t<a class=\"elementor-post__thumbnail__link\" href=\"https:\/\/rutesentrerefugis.com\/index.php\/2021\/01\/02\/ruta-dels-101-llacs\/\" tabindex=\"-1\" >\n\t\t\t<div class=\"elementor-post__thumbnail\"><img loading=\"lazy\" decoding=\"async\" width=\"300\" height=\"210\" src=\"https:\/\/rutesentrerefugis.com\/wp-content\/uploads\/2022\/12\/101-Llacs-300x210.jpg\" class=\"attachment-medium size-medium wp-image-4906\" alt=\"\" srcset=\"https:\/\/rutesentrerefugis.com\/wp-content\/uploads\/2022\/12\/101-Llacs-300x210.jpg 300w, https:\/\/rutesentrerefugis.com\/wp-content\/uploads\/2022\/12\/101-Llacs.jpg 400w\" sizes=\"(max-width: 300px) 100vw, 300px\" \/><\/div>\n\t\t<\/a>\n\t\t\t\t<div class=\"elementor-post__text\">\n\t\t\t\t<h3 class=\"elementor-post__title\">\n\t\t\t<a href=\"https:\/\/rutesentrerefugis.com\/index.php\/2021\/01\/02\/ruta-dels-101-llacs\/\" >\n\t\t\t\tRUTA DELS 101 LLACS\t\t\t<\/a>\n\t\t<\/h3>\n\t\t\t\t<div class=\"elementor-post__meta-data\">\n\t\t\t\t\t<span class=\"elementor-post-date\">\n\t\t\t02\/01\/2021\t\t<\/span>\n\t\t\t\t<\/div>\n\t\t\t\t<\/div>\n\t\t\t\t<\/article>\n\t\t\t\t<article class=\"elementor-post elementor-grid-item post-4809 post type-post status-publish format-standard has-post-thumbnail hentry category-a-peu-ca category-andorra-ca tag-aixovall-ca tag-andorra-ca tag-andorra-la-vella-ca tag-canillo-ca tag-escaldes-engordany-ca tag-la-massana-es-ca tag-ordino-ca tag-refugi-de-comapedrosa-ca tag-refugi-de-jucla-ca tag-refugi-de-sorteny-ca tag-refugi-illa-ca\" role=\"listitem\">\n\t\t\t\t<a class=\"elementor-post__thumbnail__link\" href=\"https:\/\/rutesentrerefugis.com\/index.php\/2018\/07\/06\/coronallacs\/\" tabindex=\"-1\" >\n\t\t\t<div class=\"elementor-post__thumbnail\"><img loading=\"lazy\" decoding=\"async\" width=\"300\" height=\"210\" src=\"https:\/\/rutesentrerefugis.com\/wp-content\/uploads\/2022\/12\/Coronallacs-300x210.jpg\" class=\"attachment-medium size-medium wp-image-4810\" alt=\"\" srcset=\"https:\/\/rutesentrerefugis.com\/wp-content\/uploads\/2022\/12\/Coronallacs-300x210.jpg 300w, https:\/\/rutesentrerefugis.com\/wp-content\/uploads\/2022\/12\/Coronallacs.jpg 400w\" sizes=\"(max-width: 300px) 100vw, 300px\" \/><\/div>\n\t\t<\/a>\n\t\t\t\t<div class=\"elementor-post__text\">\n\t\t\t\t<h3 class=\"elementor-post__title\">\n\t\t\t<a href=\"https:\/\/rutesentrerefugis.com\/index.php\/2018\/07\/06\/coronallacs\/\" >\n\t\t\t\tCORONALLACS\t\t\t<\/a>\n\t\t<\/h3>\n\t\t\t\t<div class=\"elementor-post__meta-data\">\n\t\t\t\t\t<span class=\"elementor-post-date\">\n\t\t\t06\/07\/2018\t\t<\/span>\n\t\t\t\t<\/div>\n\t\t\t\t<\/div>\n\t\t\t\t<\/article>\n\t\t\t\t<article class=\"elementor-post elementor-grid-item post-4835 post type-post status-publish format-standard has-post-thumbnail hentry category-a-peu-ca category-andorra-ca category-rutes-ca tag-alt-urgell-ca tag-andorra-ca tag-cal-pere-sidro-ca tag-cerdanya-ca tag-encamp-ca tag-refugi-cap-del-rec-es-ca tag-refugi-de-malniu-ca tag-refugi-estanys-de-la-pera-ca tag-refugi-illa-ca\" role=\"listitem\">\n\t\t\t\t<a class=\"elementor-post__thumbnail__link\" href=\"https:\/\/rutesentrerefugis.com\/index.php\/2018\/06\/23\/ruta-dels-estanys-amagats\/\" tabindex=\"-1\" >\n\t\t\t<div class=\"elementor-post__thumbnail\"><img loading=\"lazy\" decoding=\"async\" width=\"300\" height=\"210\" src=\"https:\/\/rutesentrerefugis.com\/wp-content\/uploads\/2022\/12\/Ruta-dels-Estanys-Amagats-NW-300x210.jpg\" class=\"attachment-medium size-medium wp-image-4836\" alt=\"\" srcset=\"https:\/\/rutesentrerefugis.com\/wp-content\/uploads\/2022\/12\/Ruta-dels-Estanys-Amagats-NW-300x210.jpg 300w, https:\/\/rutesentrerefugis.com\/wp-content\/uploads\/2022\/12\/Ruta-dels-Estanys-Amagats-NW.jpg 400w\" sizes=\"(max-width: 300px) 100vw, 300px\" \/><\/div>\n\t\t<\/a>\n\t\t\t\t<div class=\"elementor-post__text\">\n\t\t\t\t<h3 class=\"elementor-post__title\">\n\t\t\t<a href=\"https:\/\/rutesentrerefugis.com\/index.php\/2018\/06\/23\/ruta-dels-estanys-amagats\/\" >\n\t\t\t\tRUTA DELS ESTANYS AMAGATS\t\t\t<\/a>\n\t\t<\/h3>\n\t\t\t\t<div class=\"elementor-post__meta-data\">\n\t\t\t\t\t<span class=\"elementor-post-date\">\n\t\t\t23\/06\/2018\t\t<\/span>\n\t\t\t\t<\/div>\n\t\t\t\t<\/div>\n\t\t\t\t<\/article>\n\t\t\t\t<article class=\"elementor-post elementor-grid-item post-4860 post type-post status-publish format-standard has-post-thumbnail hentry category-a-peu-ca category-andorra-ca category-rutes-ca tag-alt-urgell-ca tag-andorra-ca tag-andorra-la-vella-ca tag-ariege-ca tag-arinsal-es-ca tag-auzat-ca tag-bescaran-ca tag-canillo-ca tag-el-serrat-ca tag-encamp-ca tag-escaldes-engordany-ca tag-la-comella-ca tag-la-massana-es-ca tag-la-seu-durgell-ca tag-naturlandia-ca tag-ordino-ca tag-orris-du-carla-ca tag-p-n-r-des-pyrenees-ariegeoises-es-ca tag-parc-natural-de-lalt-pirineu-2-ca tag-prats-ca tag-refugi-de-claror-ca tag-sant-julia-de-loria-ca\" role=\"listitem\">\n\t\t\t\t<a class=\"elementor-post__thumbnail__link\" href=\"https:\/\/rutesentrerefugis.com\/index.php\/2018\/05\/29\/cami-de-retrobament\/\" tabindex=\"-1\" >\n\t\t\t<div class=\"elementor-post__thumbnail\"><img loading=\"lazy\" decoding=\"async\" width=\"300\" height=\"210\" src=\"https:\/\/rutesentrerefugis.com\/wp-content\/uploads\/2022\/12\/Cami-de-Retrobament-NW-300x210.jpg\" class=\"attachment-medium size-medium wp-image-4861\" alt=\"\" srcset=\"https:\/\/rutesentrerefugis.com\/wp-content\/uploads\/2022\/12\/Cami-de-Retrobament-NW-300x210.jpg 300w, https:\/\/rutesentrerefugis.com\/wp-content\/uploads\/2022\/12\/Cami-de-Retrobament-NW.jpg 400w\" sizes=\"(max-width: 300px) 100vw, 300px\" \/><\/div>\n\t\t<\/a>\n\t\t\t\t<div class=\"elementor-post__text\">\n\t\t\t\t<h3 class=\"elementor-post__title\">\n\t\t\t<a href=\"https:\/\/rutesentrerefugis.com\/index.php\/2018\/05\/29\/cami-de-retrobament\/\" >\n\t\t\t\tCAM\u00cd DE RETROBAMENT\t\t\t<\/a>\n\t\t<\/h3>\n\t\t\t\t<div class=\"elementor-post__meta-data\">\n\t\t\t\t\t<span class=\"elementor-post-date\">\n\t\t\t29\/05\/2018\t\t<\/span>\n\t\t\t\t<\/div>\n\t\t\t\t<\/div>\n\t\t\t\t<\/article>\n\t\t\t\t<article class=\"elementor-post elementor-grid-item post-4764 post type-post status-publish format-standard has-post-thumbnail hentry category-a-peu-ca category-andorra-ca tag-andorra-ca tag-encamp-ca tag-escaldes-engordany-ca tag-refugi-de-fontverd-es-ca tag-refugi-del-riu-dels-orris-es-ca tag-refugi-ensagents-es-ca tag-refugi-illa-ca tag-vall-de-madriu-es-ca\" role=\"listitem\">\n\t\t\t\t<a class=\"elementor-post__thumbnail__link\" href=\"https:\/\/rutesentrerefugis.com\/index.php\/2018\/05\/05\/cami-ossa\/\" tabindex=\"-1\" >\n\t\t\t<div class=\"elementor-post__thumbnail\"><img loading=\"lazy\" decoding=\"async\" width=\"300\" height=\"210\" src=\"https:\/\/rutesentrerefugis.com\/wp-content\/uploads\/2022\/12\/Cami-de-l-Ossa-NW-300x210.jpg\" class=\"attachment-medium size-medium wp-image-4765\" alt=\"\" srcset=\"https:\/\/rutesentrerefugis.com\/wp-content\/uploads\/2022\/12\/Cami-de-l-Ossa-NW-300x210.jpg 300w, https:\/\/rutesentrerefugis.com\/wp-content\/uploads\/2022\/12\/Cami-de-l-Ossa-NW.jpg 400w\" sizes=\"(max-width: 300px) 100vw, 300px\" \/><\/div>\n\t\t<\/a>\n\t\t\t\t<div class=\"elementor-post__text\">\n\t\t\t\t<h3 class=\"elementor-post__title\">\n\t\t\t<a href=\"https:\/\/rutesentrerefugis.com\/index.php\/2018\/05\/05\/cami-ossa\/\" >\n\t\t\t\tCAM\u00cd DE L&#8217;OSSA\t\t\t<\/a>\n\t\t<\/h3>\n\t\t\t\t<div class=\"elementor-post__meta-data\">\n\t\t\t\t\t<span class=\"elementor-post-date\">\n\t\t\t05\/05\/2018\t\t<\/span>\n\t\t\t\t<\/div>\n\t\t\t\t<\/div>\n\t\t\t\t<\/article>\n\t\t\t\t<\/div>\n\t\t\n\t\t\t\t\t\t<\/div>\n\t\t\t\t<\/div>\n\t\t\t\t\t<\/div>\n\t\t<\/div>\n\t\t\t\t\t<\/div>\n\t\t<\/section>\n\t\t\t\t<section class=\"elementor-section elementor-top-section elementor-element elementor-element-83d831a elementor-section-full_width elementor-section-height-default elementor-section-height-default\" data-id=\"83d831a\" data-element_type=\"section\" data-e-type=\"section\">\n\t\t\t\t\t\t<div class=\"elementor-container elementor-column-gap-default\">\n\t\t\t\t\t<div class=\"elementor-column elementor-col-100 elementor-top-column elementor-element elementor-element-98480a6\" data-id=\"98480a6\" data-element_type=\"column\" data-e-type=\"column\">\n\t\t\t<div class=\"elementor-widget-wrap elementor-element-populated\">\n\t\t\t\t\t\t<div class=\"elementor-element elementor-element-c4ee0eb elementor-widget-divider--view-line elementor-widget elementor-widget-divider\" data-id=\"c4ee0eb\" data-element_type=\"widget\" data-e-type=\"widget\" data-widget_type=\"divider.default\">\n\t\t\t\t<div class=\"elementor-widget-container\">\n\t\t\t\t\t\t\t<div class=\"elementor-divider\">\n\t\t\t<span class=\"elementor-divider-separator\">\n\t\t\t\t\t\t<\/span>\n\t\t<\/div>\n\t\t\t\t\t\t<\/div>\n\t\t\t\t<\/div>\n\t\t\t\t\t<\/div>\n\t\t<\/div>\n\t\t\t\t\t<\/div>\n\t\t<\/section>\n\t\t\t\t<section class=\"elementor-section elementor-top-section elementor-element elementor-element-e55ca84 elementor-section-full_width elementor-section-height-default elementor-section-height-default\" data-id=\"e55ca84\" data-element_type=\"section\" data-e-type=\"section\">\n\t\t\t\t\t\t<div class=\"elementor-container elementor-column-gap-default\">\n\t\t\t\t\t<div class=\"elementor-column elementor-col-100 elementor-top-column elementor-element elementor-element-95bf4fd\" data-id=\"95bf4fd\" data-element_type=\"column\" data-e-type=\"column\">\n\t\t\t<div class=\"elementor-widget-wrap elementor-element-populated\">\n\t\t\t\t\t\t<div class=\"elementor-element elementor-element-f27ba9a elementor-widget elementor-widget-spacer\" data-id=\"f27ba9a\" data-element_type=\"widget\" data-e-type=\"widget\" data-widget_type=\"spacer.default\">\n\t\t\t\t<div class=\"elementor-widget-container\">\n\t\t\t\t\t\t\t<div class=\"elementor-spacer\">\n\t\t\t<div class=\"elementor-spacer-inner\"><\/div>\n\t\t<\/div>\n\t\t\t\t\t\t<\/div>\n\t\t\t\t<\/div>\n\t\t\t\t\t<\/div>\n\t\t<\/div>\n\t\t\t\t\t<\/div>\n\t\t<\/section>\n\t\t\t\t<\/div>\n\t\t","protected":false},"excerpt":{"rendered":"<p>\u00b7 ANDORRA GRP \u00b7 UBICACI\u00d3 Andorra \u00a0 PARR\u00d2QUIES Sant Juli\u00e0 de L\u00f2riaEncampCanilloOrdinoLa Massana WEB &#8211; XARXES SOCIALS RUTA CL\u00c0SSICA 7 ETAPES 119 kms \u239c\u00b19.244 Aixovall<\/p>\n","protected":false},"author":2,"featured_media":4783,"comment_status":"open","ping_status":"open","sticky":false,"template":"elementor_header_footer","format":"standard","meta":{"_monsterinsights_skip_tracking":false,"_monsterinsights_sitenote_active":false,"_monsterinsights_sitenote_note":"","_monsterinsights_sitenote_category":0,"footnotes":""},"categories":[7244,700],"tags":[8924,5776,8926,8928,7250,7810,8930,8932,8934,8936,7278,8938,8940],"class_list":["post-4782","post","type-post","status-publish","format-standard","has-post-thumbnail","hentry","category-a-peu-ca","category-andorra-ca","tag-aixovall-ca","tag-andorra-ca","tag-canillo-ca","tag-el-serrat-ca","tag-encamp-ca","tag-la-massana-es-ca","tag-ordino-ca","tag-peretol-ca","tag-refugi-comapedrosa-ca","tag-refugi-de-claror-ca","tag-refugi-de-jucla-ca","tag-refugi-illa-ca","tag-sant-julia-de-loria-ca"],"yoast_head":"<!-- This site is optimized with the Yoast SEO plugin v27.5 - https:\/\/yoast.com\/product\/yoast-seo-wordpress\/ -->\n<title>ANDORRA GRP - Rutes Entre Refugis<\/title>\n<meta name=\"robots\" content=\"index, follow, max-snippet:-1, max-image-preview:large, max-video-preview:-1\" \/>\n<link rel=\"canonical\" href=\"https:\/\/rutesentrerefugis.com\/index.php\/2021\/02\/12\/andorra-grp\/\" \/>\n<meta property=\"og:locale\" content=\"es_ES\" \/>\n<meta property=\"og:type\" content=\"article\" \/>\n<meta property=\"og:title\" content=\"ANDORRA GRP - Rutes Entre Refugis\" \/>\n<meta property=\"og:description\" content=\"\u00b7 ANDORRA GRP \u00b7 UBICACI\u00d3 Andorra \u00a0 PARR\u00d2QUIES Sant Juli\u00e0 de L\u00f2riaEncampCanilloOrdinoLa Massana WEB &#8211; XARXES SOCIALS RUTA CL\u00c0SSICA 7 ETAPES 119 kms \u239c\u00b19.244 Aixovall\" \/>\n<meta property=\"og:url\" content=\"https:\/\/rutesentrerefugis.com\/index.php\/2021\/02\/12\/andorra-grp\/\" \/>\n<meta property=\"og:site_name\" content=\"Rutes Entre Refugis\" \/>\n<meta property=\"article:published_time\" content=\"2021-02-12T17:41:00+00:00\" \/>\n<meta property=\"article:modified_time\" content=\"2024-07-16T16:46:16+00:00\" \/>\n<meta property=\"og:image\" content=\"https:\/\/rutesentrerefugis.com\/wp-content\/uploads\/2022\/12\/Andorra-GRP.jpg\" \/>\n\t<meta property=\"og:image:width\" content=\"400\" \/>\n\t<meta property=\"og:image:height\" content=\"280\" \/>\n\t<meta property=\"og:image:type\" content=\"image\/jpeg\" \/>\n<meta name=\"author\" content=\"Rutes Entre Refugis\" \/>\n<meta name=\"twitter:card\" content=\"summary_large_image\" \/>\n<meta name=\"twitter:label1\" content=\"Escrito por\" \/>\n\t<meta name=\"twitter:data1\" content=\"Rutes Entre Refugis\" \/>\n\t<meta name=\"twitter:label2\" content=\"Tiempo de lectura\" \/>\n\t<meta name=\"twitter:data2\" content=\"5 minutos\" \/>\n<script type=\"application\/ld+json\" class=\"yoast-schema-graph\">{\"@context\":\"https:\\\/\\\/schema.org\",\"@graph\":[{\"@type\":\"Article\",\"@id\":\"https:\\\/\\\/rutesentrerefugis.com\\\/index.php\\\/2021\\\/02\\\/12\\\/andorra-grp\\\/#article\",\"isPartOf\":{\"@id\":\"https:\\\/\\\/rutesentrerefugis.com\\\/index.php\\\/2021\\\/02\\\/12\\\/andorra-grp\\\/\"},\"author\":{\"name\":\"Rutes Entre Refugis\",\"@id\":\"https:\\\/\\\/rutesentrerefugis.com\\\/#\\\/schema\\\/person\\\/6e6f59c84210840610f19bafce39adc2\"},\"headline\":\"ANDORRA GRP\",\"datePublished\":\"2021-02-12T17:41:00+00:00\",\"dateModified\":\"2024-07-16T16:46:16+00:00\",\"mainEntityOfPage\":{\"@id\":\"https:\\\/\\\/rutesentrerefugis.com\\\/index.php\\\/2021\\\/02\\\/12\\\/andorra-grp\\\/\"},\"wordCount\":168,\"commentCount\":0,\"publisher\":{\"@id\":\"https:\\\/\\\/rutesentrerefugis.com\\\/#organization\"},\"image\":{\"@id\":\"https:\\\/\\\/rutesentrerefugis.com\\\/index.php\\\/2021\\\/02\\\/12\\\/andorra-grp\\\/#primaryimage\"},\"thumbnailUrl\":\"https:\\\/\\\/rutesentrerefugis.com\\\/wp-content\\\/uploads\\\/2022\\\/12\\\/Andorra-GRP.jpg\",\"keywords\":[\"Aixovall\",\"Andorra\",\"Canillo\",\"El Serrat\",\"Encamp\",\"La Massana\",\"Ordino\",\"Peretol\",\"Refugi Comapedrosa\",\"Refugi de Claror\",\"Refugi de Jucl\u00e0\",\"Refugi Illa\",\"Sant Juli\u00e0 de L\u00f2ria\"],\"articleSection\":[\"A Peu\",\"ANDORRA\"],\"inLanguage\":\"es\",\"potentialAction\":[{\"@type\":\"CommentAction\",\"name\":\"Comment\",\"target\":[\"https:\\\/\\\/rutesentrerefugis.com\\\/index.php\\\/2021\\\/02\\\/12\\\/andorra-grp\\\/#respond\"]}]},{\"@type\":\"WebPage\",\"@id\":\"https:\\\/\\\/rutesentrerefugis.com\\\/index.php\\\/2021\\\/02\\\/12\\\/andorra-grp\\\/\",\"url\":\"https:\\\/\\\/rutesentrerefugis.com\\\/index.php\\\/2021\\\/02\\\/12\\\/andorra-grp\\\/\",\"name\":\"ANDORRA GRP - Rutes Entre Refugis\",\"isPartOf\":{\"@id\":\"https:\\\/\\\/rutesentrerefugis.com\\\/#website\"},\"primaryImageOfPage\":{\"@id\":\"https:\\\/\\\/rutesentrerefugis.com\\\/index.php\\\/2021\\\/02\\\/12\\\/andorra-grp\\\/#primaryimage\"},\"image\":{\"@id\":\"https:\\\/\\\/rutesentrerefugis.com\\\/index.php\\\/2021\\\/02\\\/12\\\/andorra-grp\\\/#primaryimage\"},\"thumbnailUrl\":\"https:\\\/\\\/rutesentrerefugis.com\\\/wp-content\\\/uploads\\\/2022\\\/12\\\/Andorra-GRP.jpg\",\"datePublished\":\"2021-02-12T17:41:00+00:00\",\"dateModified\":\"2024-07-16T16:46:16+00:00\",\"breadcrumb\":{\"@id\":\"https:\\\/\\\/rutesentrerefugis.com\\\/index.php\\\/2021\\\/02\\\/12\\\/andorra-grp\\\/#breadcrumb\"},\"inLanguage\":\"es\",\"potentialAction\":[{\"@type\":\"ReadAction\",\"target\":[\"https:\\\/\\\/rutesentrerefugis.com\\\/index.php\\\/2021\\\/02\\\/12\\\/andorra-grp\\\/\"]}]},{\"@type\":\"ImageObject\",\"inLanguage\":\"es\",\"@id\":\"https:\\\/\\\/rutesentrerefugis.com\\\/index.php\\\/2021\\\/02\\\/12\\\/andorra-grp\\\/#primaryimage\",\"url\":\"https:\\\/\\\/rutesentrerefugis.com\\\/wp-content\\\/uploads\\\/2022\\\/12\\\/Andorra-GRP.jpg\",\"contentUrl\":\"https:\\\/\\\/rutesentrerefugis.com\\\/wp-content\\\/uploads\\\/2022\\\/12\\\/Andorra-GRP.jpg\",\"width\":400,\"height\":280},{\"@type\":\"BreadcrumbList\",\"@id\":\"https:\\\/\\\/rutesentrerefugis.com\\\/index.php\\\/2021\\\/02\\\/12\\\/andorra-grp\\\/#breadcrumb\",\"itemListElement\":[{\"@type\":\"ListItem\",\"position\":1,\"name\":\"Inici\",\"item\":\"https:\\\/\\\/rutesentrerefugis.com\\\/\"},{\"@type\":\"ListItem\",\"position\":2,\"name\":\"ANDORRA GRP\"}]},{\"@type\":\"WebSite\",\"@id\":\"https:\\\/\\\/rutesentrerefugis.com\\\/#website\",\"url\":\"https:\\\/\\\/rutesentrerefugis.com\\\/\",\"name\":\"Rutes Entre Refugis\",\"description\":\"Caminant sota un nom\",\"publisher\":{\"@id\":\"https:\\\/\\\/rutesentrerefugis.com\\\/#organization\"},\"potentialAction\":[{\"@type\":\"SearchAction\",\"target\":{\"@type\":\"EntryPoint\",\"urlTemplate\":\"https:\\\/\\\/rutesentrerefugis.com\\\/?s={search_term_string}\"},\"query-input\":{\"@type\":\"PropertyValueSpecification\",\"valueRequired\":true,\"valueName\":\"search_term_string\"}}],\"inLanguage\":\"es\"},{\"@type\":\"Organization\",\"@id\":\"https:\\\/\\\/rutesentrerefugis.com\\\/#organization\",\"name\":\"Rutes Entre Refugis\",\"url\":\"https:\\\/\\\/rutesentrerefugis.com\\\/\",\"logo\":{\"@type\":\"ImageObject\",\"inLanguage\":\"es\",\"@id\":\"https:\\\/\\\/rutesentrerefugis.com\\\/#\\\/schema\\\/logo\\\/image\\\/\",\"url\":\"https:\\\/\\\/rutesentrerefugis.com\\\/wp-content\\\/uploads\\\/2022\\\/08\\\/RutesEntreRefugis-Blanc-Retina-1.png\",\"contentUrl\":\"https:\\\/\\\/rutesentrerefugis.com\\\/wp-content\\\/uploads\\\/2022\\\/08\\\/RutesEntreRefugis-Blanc-Retina-1.png\",\"width\":400,\"height\":400,\"caption\":\"Rutes Entre Refugis\"},\"image\":{\"@id\":\"https:\\\/\\\/rutesentrerefugis.com\\\/#\\\/schema\\\/logo\\\/image\\\/\"}},{\"@type\":\"Person\",\"@id\":\"https:\\\/\\\/rutesentrerefugis.com\\\/#\\\/schema\\\/person\\\/6e6f59c84210840610f19bafce39adc2\",\"name\":\"Rutes Entre Refugis\",\"image\":{\"@type\":\"ImageObject\",\"inLanguage\":\"es\",\"@id\":\"https:\\\/\\\/rutesentrerefugis.com\\\/wp-content\\\/uploads\\\/2023\\\/05\\\/avatar_user_2_1683354561-96x96.jpg\",\"url\":\"https:\\\/\\\/rutesentrerefugis.com\\\/wp-content\\\/uploads\\\/2023\\\/05\\\/avatar_user_2_1683354561-96x96.jpg\",\"contentUrl\":\"https:\\\/\\\/rutesentrerefugis.com\\\/wp-content\\\/uploads\\\/2023\\\/05\\\/avatar_user_2_1683354561-96x96.jpg\",\"caption\":\"Rutes Entre Refugis\"},\"url\":\"https:\\\/\\\/rutesentrerefugis.com\\\/index.php\\\/author\\\/entre-refugis\\\/\"}]}<\/script>\n<!-- \/ Yoast SEO plugin. -->","yoast_head_json":{"title":"ANDORRA GRP - Rutes Entre Refugis","robots":{"index":"index","follow":"follow","max-snippet":"max-snippet:-1","max-image-preview":"max-image-preview:large","max-video-preview":"max-video-preview:-1"},"canonical":"https:\/\/rutesentrerefugis.com\/index.php\/2021\/02\/12\/andorra-grp\/","og_locale":"es_ES","og_type":"article","og_title":"ANDORRA GRP - Rutes Entre Refugis","og_description":"\u00b7 ANDORRA GRP \u00b7 UBICACI\u00d3 Andorra \u00a0 PARR\u00d2QUIES Sant Juli\u00e0 de L\u00f2riaEncampCanilloOrdinoLa Massana WEB &#8211; XARXES SOCIALS RUTA CL\u00c0SSICA 7 ETAPES 119 kms \u239c\u00b19.244 Aixovall","og_url":"https:\/\/rutesentrerefugis.com\/index.php\/2021\/02\/12\/andorra-grp\/","og_site_name":"Rutes Entre Refugis","article_published_time":"2021-02-12T17:41:00+00:00","article_modified_time":"2024-07-16T16:46:16+00:00","og_image":[{"width":400,"height":280,"url":"https:\/\/rutesentrerefugis.com\/wp-content\/uploads\/2022\/12\/Andorra-GRP.jpg","type":"image\/jpeg"}],"author":"Rutes Entre Refugis","twitter_card":"summary_large_image","twitter_misc":{"Escrito por":"Rutes Entre Refugis","Tiempo de lectura":"5 minutos"},"schema":{"@context":"https:\/\/schema.org","@graph":[{"@type":"Article","@id":"https:\/\/rutesentrerefugis.com\/index.php\/2021\/02\/12\/andorra-grp\/#article","isPartOf":{"@id":"https:\/\/rutesentrerefugis.com\/index.php\/2021\/02\/12\/andorra-grp\/"},"author":{"name":"Rutes Entre Refugis","@id":"https:\/\/rutesentrerefugis.com\/#\/schema\/person\/6e6f59c84210840610f19bafce39adc2"},"headline":"ANDORRA GRP","datePublished":"2021-02-12T17:41:00+00:00","dateModified":"2024-07-16T16:46:16+00:00","mainEntityOfPage":{"@id":"https:\/\/rutesentrerefugis.com\/index.php\/2021\/02\/12\/andorra-grp\/"},"wordCount":168,"commentCount":0,"publisher":{"@id":"https:\/\/rutesentrerefugis.com\/#organization"},"image":{"@id":"https:\/\/rutesentrerefugis.com\/index.php\/2021\/02\/12\/andorra-grp\/#primaryimage"},"thumbnailUrl":"https:\/\/rutesentrerefugis.com\/wp-content\/uploads\/2022\/12\/Andorra-GRP.jpg","keywords":["Aixovall","Andorra","Canillo","El Serrat","Encamp","La Massana","Ordino","Peretol","Refugi Comapedrosa","Refugi de Claror","Refugi de Jucl\u00e0","Refugi Illa","Sant Juli\u00e0 de L\u00f2ria"],"articleSection":["A Peu","ANDORRA"],"inLanguage":"es","potentialAction":[{"@type":"CommentAction","name":"Comment","target":["https:\/\/rutesentrerefugis.com\/index.php\/2021\/02\/12\/andorra-grp\/#respond"]}]},{"@type":"WebPage","@id":"https:\/\/rutesentrerefugis.com\/index.php\/2021\/02\/12\/andorra-grp\/","url":"https:\/\/rutesentrerefugis.com\/index.php\/2021\/02\/12\/andorra-grp\/","name":"ANDORRA GRP - Rutes Entre Refugis","isPartOf":{"@id":"https:\/\/rutesentrerefugis.com\/#website"},"primaryImageOfPage":{"@id":"https:\/\/rutesentrerefugis.com\/index.php\/2021\/02\/12\/andorra-grp\/#primaryimage"},"image":{"@id":"https:\/\/rutesentrerefugis.com\/index.php\/2021\/02\/12\/andorra-grp\/#primaryimage"},"thumbnailUrl":"https:\/\/rutesentrerefugis.com\/wp-content\/uploads\/2022\/12\/Andorra-GRP.jpg","datePublished":"2021-02-12T17:41:00+00:00","dateModified":"2024-07-16T16:46:16+00:00","breadcrumb":{"@id":"https:\/\/rutesentrerefugis.com\/index.php\/2021\/02\/12\/andorra-grp\/#breadcrumb"},"inLanguage":"es","potentialAction":[{"@type":"ReadAction","target":["https:\/\/rutesentrerefugis.com\/index.php\/2021\/02\/12\/andorra-grp\/"]}]},{"@type":"ImageObject","inLanguage":"es","@id":"https:\/\/rutesentrerefugis.com\/index.php\/2021\/02\/12\/andorra-grp\/#primaryimage","url":"https:\/\/rutesentrerefugis.com\/wp-content\/uploads\/2022\/12\/Andorra-GRP.jpg","contentUrl":"https:\/\/rutesentrerefugis.com\/wp-content\/uploads\/2022\/12\/Andorra-GRP.jpg","width":400,"height":280},{"@type":"BreadcrumbList","@id":"https:\/\/rutesentrerefugis.com\/index.php\/2021\/02\/12\/andorra-grp\/#breadcrumb","itemListElement":[{"@type":"ListItem","position":1,"name":"Inici","item":"https:\/\/rutesentrerefugis.com\/"},{"@type":"ListItem","position":2,"name":"ANDORRA GRP"}]},{"@type":"WebSite","@id":"https:\/\/rutesentrerefugis.com\/#website","url":"https:\/\/rutesentrerefugis.com\/","name":"Rutes Entre Refugis","description":"Caminant sota un nom","publisher":{"@id":"https:\/\/rutesentrerefugis.com\/#organization"},"potentialAction":[{"@type":"SearchAction","target":{"@type":"EntryPoint","urlTemplate":"https:\/\/rutesentrerefugis.com\/?s={search_term_string}"},"query-input":{"@type":"PropertyValueSpecification","valueRequired":true,"valueName":"search_term_string"}}],"inLanguage":"es"},{"@type":"Organization","@id":"https:\/\/rutesentrerefugis.com\/#organization","name":"Rutes Entre Refugis","url":"https:\/\/rutesentrerefugis.com\/","logo":{"@type":"ImageObject","inLanguage":"es","@id":"https:\/\/rutesentrerefugis.com\/#\/schema\/logo\/image\/","url":"https:\/\/rutesentrerefugis.com\/wp-content\/uploads\/2022\/08\/RutesEntreRefugis-Blanc-Retina-1.png","contentUrl":"https:\/\/rutesentrerefugis.com\/wp-content\/uploads\/2022\/08\/RutesEntreRefugis-Blanc-Retina-1.png","width":400,"height":400,"caption":"Rutes Entre Refugis"},"image":{"@id":"https:\/\/rutesentrerefugis.com\/#\/schema\/logo\/image\/"}},{"@type":"Person","@id":"https:\/\/rutesentrerefugis.com\/#\/schema\/person\/6e6f59c84210840610f19bafce39adc2","name":"Rutes Entre Refugis","image":{"@type":"ImageObject","inLanguage":"es","@id":"https:\/\/rutesentrerefugis.com\/wp-content\/uploads\/2023\/05\/avatar_user_2_1683354561-96x96.jpg","url":"https:\/\/rutesentrerefugis.com\/wp-content\/uploads\/2023\/05\/avatar_user_2_1683354561-96x96.jpg","contentUrl":"https:\/\/rutesentrerefugis.com\/wp-content\/uploads\/2023\/05\/avatar_user_2_1683354561-96x96.jpg","caption":"Rutes Entre Refugis"},"url":"https:\/\/rutesentrerefugis.com\/index.php\/author\/entre-refugis\/"}]}},"_links":{"self":[{"href":"https:\/\/rutesentrerefugis.com\/index.php\/wp-json\/wp\/v2\/posts\/4782","targetHints":{"allow":["GET"]}}],"collection":[{"href":"https:\/\/rutesentrerefugis.com\/index.php\/wp-json\/wp\/v2\/posts"}],"about":[{"href":"https:\/\/rutesentrerefugis.com\/index.php\/wp-json\/wp\/v2\/types\/post"}],"author":[{"embeddable":true,"href":"https:\/\/rutesentrerefugis.com\/index.php\/wp-json\/wp\/v2\/users\/2"}],"replies":[{"embeddable":true,"href":"https:\/\/rutesentrerefugis.com\/index.php\/wp-json\/wp\/v2\/comments?post=4782"}],"version-history":[{"count":14,"href":"https:\/\/rutesentrerefugis.com\/index.php\/wp-json\/wp\/v2\/posts\/4782\/revisions"}],"predecessor-version":[{"id":21501,"href":"https:\/\/rutesentrerefugis.com\/index.php\/wp-json\/wp\/v2\/posts\/4782\/revisions\/21501"}],"wp:featuredmedia":[{"embeddable":true,"href":"https:\/\/rutesentrerefugis.com\/index.php\/wp-json\/wp\/v2\/media\/4783"}],"wp:attachment":[{"href":"https:\/\/rutesentrerefugis.com\/index.php\/wp-json\/wp\/v2\/media?parent=4782"}],"wp:term":[{"taxonomy":"category","embeddable":true,"href":"https:\/\/rutesentrerefugis.com\/index.php\/wp-json\/wp\/v2\/categories?post=4782"},{"taxonomy":"post_tag","embeddable":true,"href":"https:\/\/rutesentrerefugis.com\/index.php\/wp-json\/wp\/v2\/tags?post=4782"}],"curies":[{"name":"wp","href":"https:\/\/api.w.org\/{rel}","templated":true}]}}