{"id":5244,"date":"2018-05-08T10:51:00","date_gmt":"2018-05-08T10:51:00","guid":{"rendered":"https:\/\/nova.rutesentrerefugis.com\/?p=5244"},"modified":"2024-07-20T10:36:30","modified_gmt":"2024-07-20T10:36:30","slug":"trinxat-btt","status":"publish","type":"post","link":"https:\/\/rutesentrerefugis.com\/index.php\/2018\/05\/08\/trinxat-btt\/","title":{"rendered":"TRINXAT BTT"},"content":{"rendered":"\t\t<div data-elementor-type=\"wp-post\" data-elementor-id=\"5244\" class=\"elementor elementor-5244\" data-elementor-post-type=\"post\">\n\t\t\t\t\t\t<section class=\"elementor-section elementor-top-section elementor-element elementor-element-56de444 elementor-section-full_width elementor-section-height-default elementor-section-height-default\" data-id=\"56de444\" data-element_type=\"section\" data-e-type=\"section\" data-settings=\"{&quot;background_background&quot;:&quot;classic&quot;}\">\n\t\t\t\t\t\t<div class=\"elementor-container elementor-column-gap-default\">\n\t\t\t\t\t<div class=\"elementor-column elementor-col-100 elementor-top-column elementor-element elementor-element-97fcd65\" data-id=\"97fcd65\" data-element_type=\"column\" data-e-type=\"column\">\n\t\t\t<div class=\"elementor-widget-wrap elementor-element-populated\">\n\t\t\t\t\t\t<div class=\"elementor-element elementor-element-9fc429e elementor-widget elementor-widget-image\" data-id=\"9fc429e\" data-element_type=\"widget\" data-e-type=\"widget\" data-widget_type=\"image.default\">\n\t\t\t\t<div class=\"elementor-widget-container\">\n\t\t\t\t\t\t\t\t\t\t\t\t\t\t\t<img fetchpriority=\"high\" decoding=\"async\" width=\"2000\" height=\"450\" src=\"https:\/\/rutesentrerefugis.com\/wp-content\/uploads\/2022\/08\/BTT-Inici-NW.jpg\" class=\"attachment-full size-full wp-image-389\" alt=\"Rutes Entre Refugis\" srcset=\"https:\/\/rutesentrerefugis.com\/wp-content\/uploads\/2022\/08\/BTT-Inici-NW.jpg 2000w, https:\/\/rutesentrerefugis.com\/wp-content\/uploads\/2022\/08\/BTT-Inici-NW-300x68.jpg 300w, https:\/\/rutesentrerefugis.com\/wp-content\/uploads\/2022\/08\/BTT-Inici-NW-1024x230.jpg 1024w, https:\/\/rutesentrerefugis.com\/wp-content\/uploads\/2022\/08\/BTT-Inici-NW-768x173.jpg 768w, https:\/\/rutesentrerefugis.com\/wp-content\/uploads\/2022\/08\/BTT-Inici-NW-1536x346.jpg 1536w\" sizes=\"(max-width: 2000px) 100vw, 2000px\" \/>\t\t\t\t\t\t\t\t\t\t\t\t\t\t\t<\/div>\n\t\t\t\t<\/div>\n\t\t\t\t\t<\/div>\n\t\t<\/div>\n\t\t\t\t\t<\/div>\n\t\t<\/section>\n\t\t\t\t<section class=\"elementor-section elementor-top-section elementor-element elementor-element-8fb9e08 elementor-section-full_width elementor-section-height-default elementor-section-height-default\" data-id=\"8fb9e08\" data-element_type=\"section\" data-e-type=\"section\" data-settings=\"{&quot;background_background&quot;:&quot;classic&quot;}\">\n\t\t\t\t\t\t<div class=\"elementor-container elementor-column-gap-default\">\n\t\t\t\t\t<div class=\"elementor-column elementor-col-100 elementor-top-column elementor-element elementor-element-26b1a68\" data-id=\"26b1a68\" data-element_type=\"column\" data-e-type=\"column\">\n\t\t\t<div class=\"elementor-widget-wrap elementor-element-populated\">\n\t\t\t\t\t\t<div class=\"elementor-element elementor-element-76dc064 elementor-widget elementor-widget-heading\" data-id=\"76dc064\" data-element_type=\"widget\" data-e-type=\"widget\" data-widget_type=\"heading.default\">\n\t\t\t\t<div class=\"elementor-widget-container\">\n\t\t\t\t\t<h1 class=\"elementor-heading-title elementor-size-default\">\u00b7 <font color=\"#000000\">TRINXAT BTT<\/font> \u00b7<\/h1>\t\t\t\t<\/div>\n\t\t\t\t<\/div>\n\t\t\t\t\t<\/div>\n\t\t<\/div>\n\t\t\t\t\t<\/div>\n\t\t<\/section>\n\t\t\t\t<section class=\"elementor-section elementor-top-section elementor-element elementor-element-6951ece elementor-section-full_width elementor-section-height-default elementor-section-height-default\" data-id=\"6951ece\" data-element_type=\"section\" data-e-type=\"section\" data-settings=\"{&quot;background_background&quot;:&quot;classic&quot;}\">\n\t\t\t\t\t\t<div class=\"elementor-container elementor-column-gap-default\">\n\t\t\t\t\t<div class=\"elementor-column elementor-col-100 elementor-top-column elementor-element elementor-element-d3e256c\" data-id=\"d3e256c\" data-element_type=\"column\" data-e-type=\"column\">\n\t\t\t<div class=\"elementor-widget-wrap elementor-element-populated\">\n\t\t\t\t\t\t<div class=\"elementor-element elementor-element-556ba83 elementor-widget-divider--view-line elementor-widget elementor-widget-divider\" data-id=\"556ba83\" data-element_type=\"widget\" data-e-type=\"widget\" data-widget_type=\"divider.default\">\n\t\t\t\t<div class=\"elementor-widget-container\">\n\t\t\t\t\t\t\t<div class=\"elementor-divider\">\n\t\t\t<span class=\"elementor-divider-separator\">\n\t\t\t\t\t\t<\/span>\n\t\t<\/div>\n\t\t\t\t\t\t<\/div>\n\t\t\t\t<\/div>\n\t\t\t\t\t<\/div>\n\t\t<\/div>\n\t\t\t\t\t<\/div>\n\t\t<\/section>\n\t\t\t\t<section class=\"elementor-section elementor-top-section elementor-element elementor-element-84829cf elementor-section-full_width elementor-section-height-default elementor-section-height-default\" data-id=\"84829cf\" data-element_type=\"section\" data-e-type=\"section\">\n\t\t\t\t\t\t<div class=\"elementor-container elementor-column-gap-default\">\n\t\t\t\t\t<div class=\"elementor-column elementor-col-100 elementor-top-column elementor-element elementor-element-57cae14\" data-id=\"57cae14\" data-element_type=\"column\" data-e-type=\"column\">\n\t\t\t<div class=\"elementor-widget-wrap elementor-element-populated\">\n\t\t\t\t\t\t<div class=\"elementor-element elementor-element-bb17a24 elementor-widget elementor-widget-spacer\" data-id=\"bb17a24\" data-element_type=\"widget\" data-e-type=\"widget\" data-widget_type=\"spacer.default\">\n\t\t\t\t<div class=\"elementor-widget-container\">\n\t\t\t\t\t\t\t<div class=\"elementor-spacer\">\n\t\t\t<div class=\"elementor-spacer-inner\"><\/div>\n\t\t<\/div>\n\t\t\t\t\t\t<\/div>\n\t\t\t\t<\/div>\n\t\t\t\t\t<\/div>\n\t\t<\/div>\n\t\t\t\t\t<\/div>\n\t\t<\/section>\n\t\t\t\t<section class=\"elementor-section elementor-top-section elementor-element elementor-element-2d893be elementor-section-full_width elementor-section-height-default elementor-section-height-default\" data-id=\"2d893be\" data-element_type=\"section\" data-e-type=\"section\">\n\t\t\t\t\t\t<div class=\"elementor-container elementor-column-gap-default\">\n\t\t\t\t\t<div class=\"elementor-column elementor-col-33 elementor-top-column elementor-element elementor-element-7341d12\" data-id=\"7341d12\" data-element_type=\"column\" data-e-type=\"column\">\n\t\t\t<div class=\"elementor-widget-wrap elementor-element-populated\">\n\t\t\t\t\t\t<div class=\"elementor-element elementor-element-24d0f00 elementor-widget elementor-widget-text-editor\" data-id=\"24d0f00\" data-element_type=\"widget\" data-e-type=\"widget\" data-widget_type=\"text-editor.default\">\n\t\t\t\t<div class=\"elementor-widget-container\">\n\t\t\t\t\t\t\t\t\t<h5><span style=\"color: #b40404;\"><b><u>UBICACI\u00d3<\/u><\/b><\/span><\/h5><h6><span style=\"color: #666666;\">P.N. del Cad\u00ed-Moixer\u00f3<br \/>P.N. de l&#8217;Alt Pirineu<br \/>Andorra<\/span><\/h6>\t\t\t\t\t\t\t\t<\/div>\n\t\t\t\t<\/div>\n\t\t\t\t<div class=\"elementor-element elementor-element-eb7cf05 elementor-widget elementor-widget-text-editor\" data-id=\"eb7cf05\" data-element_type=\"widget\" data-e-type=\"widget\" data-widget_type=\"text-editor.default\">\n\t\t\t\t<div class=\"elementor-widget-container\">\n\t\t\t\t\t\t\t\t\t<h5><span style=\"color: #b40404;\"><b><u>COMARQUES<\/u><\/b><\/span><\/h5><h6><span style=\"color: #666666;\"><span style=\"caret-color: #666666;\">Alt Urgell<br \/>Cerdanya<br \/>Pallars Sobir\u00e0<br \/><\/span><\/span><\/h6>\t\t\t\t\t\t\t\t<\/div>\n\t\t\t\t<\/div>\n\t\t\t\t<div class=\"elementor-element elementor-element-ea55cbe elementor-widget elementor-widget-text-editor\" data-id=\"ea55cbe\" data-element_type=\"widget\" data-e-type=\"widget\" data-widget_type=\"text-editor.default\">\n\t\t\t\t<div class=\"elementor-widget-container\">\n\t\t\t\t\t\t\t\t\t<h5><span style=\"color: #b40404;\"><b><u>WEB &#8211; XARXES SOCIALS<\/u><\/b><\/span><\/h5>\n<h6><a href=\"http:\/\/www.cadibike.com\/?page_id=331\" target=\"_blank\" rel=\"noopener\"><span style=\"color: #666666;\">www.cadibike\/trinxatbtt.com<\/span><\/a><\/h6>\n<a href=\"https:\/\/www.facebook.com\/TrinxatbttHiperpiribike?fref=ts\" target=\"_blank\" rel=\"noopener\"><img decoding=\"async\" src=\"http:\/\/rutesentrerefugis.com\/wp-content\/uploads\/2021\/01\/Facebook-50x50-2.jpg\" width=\"50\" height=\"50\" \/><\/a> <a href=\"https:\/\/www.instagram.com\/trackstour\/\" target=\"_blank\" rel=\"noopener\"><img decoding=\"async\" src=\"http:\/\/rutesentrerefugis.com\/wp-content\/uploads\/2023\/04\/Instagram-50x50-1.jpg\" width=\"50\" height=\"50\" \/><\/a>\t\t\t\t\t\t\t\t<\/div>\n\t\t\t\t<\/div>\n\t\t\t\t\t<\/div>\n\t\t<\/div>\n\t\t\t\t<div class=\"elementor-column elementor-col-33 elementor-top-column elementor-element elementor-element-b05ad06\" data-id=\"b05ad06\" data-element_type=\"column\" data-e-type=\"column\">\n\t\t\t<div class=\"elementor-widget-wrap elementor-element-populated\">\n\t\t\t\t\t\t<div class=\"elementor-element elementor-element-f7a318c elementor-widget elementor-widget-text-editor\" data-id=\"f7a318c\" data-element_type=\"widget\" data-e-type=\"widget\" data-widget_type=\"text-editor.default\">\n\t\t\t\t<div class=\"elementor-widget-container\">\n\t\t\t\t\t\t\t\t\t<h5><span style=\"color: #000000;\"><b><u>RUTA CL\u00c0SSICA<\/u><\/b><\/span><\/h5><h6><span style=\"color: #b40404;\"><b><u>5 ETAPES<\/u><\/b><\/span><\/h6><h6><span style=\"color: #000000;\">298 kms \u239c+7.638 m \u239c-7.700 m<\/span><\/h6><h6><span style=\"color: #666666;\"><span style=\"caret-color: #666666;\">Al\u00e0s\/La Seu d&#8217;Urgell &#8211; Puigcerd\u00e0<br \/>Puigcerd\u00e0 &#8211; Lles de Cerdanya<br \/>Lles de Cerdanya &#8211; Frontera Park<br \/>Frontera Park &#8211; Ref. de la Basseta<br \/>Ref. de la Basseta &#8211; Al\u00e0s\/La Seu d&#8217;Urgell<\/span><\/span><\/h6>\t\t\t\t\t\t\t\t<\/div>\n\t\t\t\t<\/div>\n\t\t\t\t<div class=\"elementor-element elementor-element-d079ae3 elementor-widget elementor-widget-text-editor\" data-id=\"d079ae3\" data-element_type=\"widget\" data-e-type=\"widget\" data-widget_type=\"text-editor.default\">\n\t\t\t\t<div class=\"elementor-widget-container\">\n\t\t\t\t\t\t\t\t\t<h5><span style=\"color: #b40404;\"><b><u>ON DORMIR<\/u><\/b><\/span><\/h5>\n<h6><a href=\"https:\/\/www.femturisme.cat\/ca\/pobles\/la-seu-urgell\/on-dormir\" target=\"_blank\" rel=\"noopener\"><span style=\"color: #666666;\">Al\u00e0s\/La Seu d&#8217;Urgell (691 m)<\/span><\/a><br \/><a href=\"https:\/\/www.femturisme.cat\/ca\/pobles\/puigcerda\/on-dormir\" target=\"_blank\" rel=\"noopener\"><span style=\"color: #666666;\">Puigcerd\u00e0 (1.202 m)<\/span><\/a><br \/><a href=\"https:\/\/www.femturisme.cat\/ca\/pobles\/lles-de-cerdanya\/on-dormir\" target=\"_blank\" rel=\"noopener\"><span style=\"color: #666666;\">Lles de Cerdanya (1.471 m)<\/span><\/a><br \/><a href=\"https:\/\/www.fronterapark.com\" target=\"_blank\" rel=\"noopener\"><span style=\"color: #666666;\">Frontera Park (900 m)<\/span><\/a><br \/><a href=\"http:\/\/www.santjoandelerm.com\" target=\"_blank\" rel=\"noopener\"><span style=\"color: #666666;\">Refugi de la Basseta (1.720 m)<\/span><\/a><br \/><a href=\"https:\/\/www.santjoandelerm.com\/castell.htm\" target=\"_blank\" rel=\"noopener\"><span style=\"color: #666666;\">Sant Joan de l&#8217;Erm (1.690 m)<\/span><\/a><\/h6>\t\t\t\t\t\t\t\t<\/div>\n\t\t\t\t<\/div>\n\t\t\t\t\t<\/div>\n\t\t<\/div>\n\t\t\t\t<div class=\"elementor-column elementor-col-33 elementor-top-column elementor-element elementor-element-81dab2b\" data-id=\"81dab2b\" data-element_type=\"column\" data-e-type=\"column\">\n\t\t\t<div class=\"elementor-widget-wrap elementor-element-populated\">\n\t\t\t\t\t\t<div class=\"elementor-element elementor-element-2c00003 elementor-widget elementor-widget-text-editor\" data-id=\"2c00003\" data-element_type=\"widget\" data-e-type=\"widget\" data-widget_type=\"text-editor.default\">\n\t\t\t\t<div class=\"elementor-widget-container\">\n\t\t\t\t\t\t\t\t\t<h5><span style=\"color: #b40404;\"><b><u>LLOCS DE PAS<\/u><\/b><\/span><\/h5>\n<h6><span style=\"color: #666666;\">Al\u00e0s \/ La Seu d&#8217;Urgell<\/br>\nAnsovell &#8211; Martinet &#8211; Montell\u00e0<\/br>\nCol\u00f2nies Ridolaina<\/br>\nBellver de Cerdanya &#8211; Bolvir<\/br>\nPuigcerd\u00e0 &#8211; Saneja<\/br>\nEstaci\u00f3 Guils-Fontanera<\/br>\nEstany de Malniu &#8211; Meranges<\/br>\n\u00c9ller &#8211; Ord\u00e8n &#8211; Talltendre<\/br>\nCoborriu de la Llosa<\/br>\nCal Jan de la Llosa &#8211; Cal Dirigent<\/br>\nViliella &#8211; Lles de Cerdanya<\/br>\nTossa Plana de Lles &#8211; Ref. Cap del Rec<\/br>\nEstaci\u00f3 Esqu\u00ed de Muntanya de Lles<\/br>\nRefugi Font de Pollineres<\/br>\nEstaci\u00f3 d&#8217;Aransa &#8211; Refugi Prat Mir\u00f3<\/br>\nArcavell &#8211; La Farga de Moles<\/br>\nLa Valira &#8211; C\u00e0mping Frontera Park<\/br>\nFarrera dels Llops &#8211; Santa Agn\u00e8s<\/br>\nRefugi Ras de Conques<\/br>\nRefugi de la Basseta<\/br>\nSant Joan de l&#8217;Erm<\/br>\nRefugi Comes de Rubi\u00f3<\/br>\nPla de Sant Tirs<\/br>\nAl\u00e0s \/ La Seu d&#8217;Urgell<\/span><\/h6>\t\t\t\t\t\t\t\t<\/div>\n\t\t\t\t<\/div>\n\t\t\t\t\t<\/div>\n\t\t<\/div>\n\t\t\t\t\t<\/div>\n\t\t<\/section>\n\t\t\t\t<section class=\"elementor-section elementor-top-section elementor-element elementor-element-3d9d705 elementor-section-full_width elementor-section-height-default elementor-section-height-default\" data-id=\"3d9d705\" data-element_type=\"section\" data-e-type=\"section\" data-settings=\"{&quot;background_background&quot;:&quot;classic&quot;}\">\n\t\t\t\t\t\t<div class=\"elementor-container elementor-column-gap-default\">\n\t\t\t\t\t<div class=\"elementor-column elementor-col-100 elementor-top-column elementor-element elementor-element-23b48a4\" data-id=\"23b48a4\" data-element_type=\"column\" data-e-type=\"column\">\n\t\t\t<div class=\"elementor-widget-wrap elementor-element-populated\">\n\t\t\t\t\t\t<div class=\"elementor-element elementor-element-b589226 elementor-widget elementor-widget-text-editor\" data-id=\"b589226\" data-element_type=\"widget\" data-e-type=\"widget\" data-widget_type=\"text-editor.default\">\n\t\t\t\t<div class=\"elementor-widget-container\">\n\t\t\t\t\t\t\t\t\t<p><iframe src=\"https:\/\/www.google.com\/maps\/d\/embed?mid=19kjhcFwWXNp4oVTHOdvsR38goU6R_wB4\" width=\"2000\" height=\"500\"><\/iframe><\/p>\t\t\t\t\t\t\t\t<\/div>\n\t\t\t\t<\/div>\n\t\t\t\t<div class=\"elementor-element elementor-element-31d3049 elementor-widget elementor-widget-heading\" data-id=\"31d3049\" data-element_type=\"widget\" data-e-type=\"widget\" data-widget_type=\"heading.default\">\n\t\t\t\t<div class=\"elementor-widget-container\">\n\t\t\t\t\t<h3 class=\"elementor-heading-title elementor-size-default\">\u00b7 <u>CARTOGRAFIA - GUIES<\/u> \u00b7<\/h3>\t\t\t\t<\/div>\n\t\t\t\t<\/div>\n\t\t\t\t\t<\/div>\n\t\t<\/div>\n\t\t\t\t\t<\/div>\n\t\t<\/section>\n\t\t\t\t<section class=\"elementor-section elementor-top-section elementor-element elementor-element-2710395 elementor-section-full_width elementor-section-height-default elementor-section-height-default\" data-id=\"2710395\" data-element_type=\"section\" data-e-type=\"section\" data-settings=\"{&quot;background_background&quot;:&quot;classic&quot;}\">\n\t\t\t\t\t\t<div class=\"elementor-container elementor-column-gap-default\">\n\t\t\t\t\t<div class=\"elementor-column elementor-col-14 elementor-top-column elementor-element elementor-element-55019c4\" data-id=\"55019c4\" data-element_type=\"column\" data-e-type=\"column\">\n\t\t\t<div class=\"elementor-widget-wrap elementor-element-populated\">\n\t\t\t\t\t\t<div class=\"elementor-element elementor-element-2fa47ed elementor-widget elementor-widget-image\" data-id=\"2fa47ed\" data-element_type=\"widget\" data-e-type=\"widget\" data-widget_type=\"image.default\">\n\t\t\t\t<div class=\"elementor-widget-container\">\n\t\t\t\t\t\t\t\t\t\t\t\t\t\t\t<img loading=\"lazy\" decoding=\"async\" width=\"300\" height=\"550\" src=\"https:\/\/rutesentrerefugis.com\/wp-content\/uploads\/2018\/05\/Cadi-Bike.jpg\" class=\"attachment-full size-full wp-image-5230\" alt=\"\" srcset=\"https:\/\/rutesentrerefugis.com\/wp-content\/uploads\/2018\/05\/Cadi-Bike.jpg 300w, https:\/\/rutesentrerefugis.com\/wp-content\/uploads\/2018\/05\/Cadi-Bike-164x300.jpg 164w\" sizes=\"(max-width: 300px) 100vw, 300px\" \/>\t\t\t\t\t\t\t\t\t\t\t\t\t\t\t<\/div>\n\t\t\t\t<\/div>\n\t\t\t\t\t<\/div>\n\t\t<\/div>\n\t\t\t\t<div class=\"elementor-column elementor-col-14 elementor-top-column elementor-element elementor-element-bae976b\" data-id=\"bae976b\" data-element_type=\"column\" data-e-type=\"column\">\n\t\t\t<div class=\"elementor-widget-wrap elementor-element-populated\">\n\t\t\t\t\t\t<div class=\"elementor-element elementor-element-f89bedf elementor-widget elementor-widget-image\" data-id=\"f89bedf\" data-element_type=\"widget\" data-e-type=\"widget\" data-widget_type=\"image.default\">\n\t\t\t\t<div class=\"elementor-widget-container\">\n\t\t\t\t\t\t\t\t\t\t\t\t\t\t\t<img loading=\"lazy\" decoding=\"async\" width=\"300\" height=\"550\" src=\"https:\/\/rutesentrerefugis.com\/wp-content\/uploads\/2022\/06\/PN-Cadi-Moixero.jpg\" class=\"attachment-full size-full wp-image-2084\" alt=\"\" srcset=\"https:\/\/rutesentrerefugis.com\/wp-content\/uploads\/2022\/06\/PN-Cadi-Moixero.jpg 300w, https:\/\/rutesentrerefugis.com\/wp-content\/uploads\/2022\/06\/PN-Cadi-Moixero-164x300.jpg 164w\" sizes=\"(max-width: 300px) 100vw, 300px\" \/>\t\t\t\t\t\t\t\t\t\t\t\t\t\t\t<\/div>\n\t\t\t\t<\/div>\n\t\t\t\t\t<\/div>\n\t\t<\/div>\n\t\t\t\t<div class=\"elementor-column elementor-col-14 elementor-top-column elementor-element elementor-element-9f2dc13\" data-id=\"9f2dc13\" data-element_type=\"column\" data-e-type=\"column\">\n\t\t\t<div class=\"elementor-widget-wrap elementor-element-populated\">\n\t\t\t\t\t\t<div class=\"elementor-element elementor-element-05fdf35 elementor-widget elementor-widget-image\" data-id=\"05fdf35\" data-element_type=\"widget\" data-e-type=\"widget\" data-widget_type=\"image.default\">\n\t\t\t\t<div class=\"elementor-widget-container\">\n\t\t\t\t\t\t\t\t\t\t\t\t\t\t\t<img loading=\"lazy\" decoding=\"async\" width=\"300\" height=\"550\" src=\"https:\/\/rutesentrerefugis.com\/wp-content\/uploads\/2022\/06\/Cerdanya-02.jpg\" class=\"attachment-full size-full wp-image-2083\" alt=\"\" srcset=\"https:\/\/rutesentrerefugis.com\/wp-content\/uploads\/2022\/06\/Cerdanya-02.jpg 300w, https:\/\/rutesentrerefugis.com\/wp-content\/uploads\/2022\/06\/Cerdanya-02-164x300.jpg 164w\" sizes=\"(max-width: 300px) 100vw, 300px\" \/>\t\t\t\t\t\t\t\t\t\t\t\t\t\t\t<\/div>\n\t\t\t\t<\/div>\n\t\t\t\t\t<\/div>\n\t\t<\/div>\n\t\t\t\t<div class=\"elementor-column elementor-col-14 elementor-top-column elementor-element elementor-element-c3bacdf\" data-id=\"c3bacdf\" data-element_type=\"column\" data-e-type=\"column\">\n\t\t\t<div class=\"elementor-widget-wrap elementor-element-populated\">\n\t\t\t\t\t\t<div class=\"elementor-element elementor-element-5887485 elementor-widget elementor-widget-image\" data-id=\"5887485\" data-element_type=\"widget\" data-e-type=\"widget\" data-widget_type=\"image.default\">\n\t\t\t\t<div class=\"elementor-widget-container\">\n\t\t\t\t\t\t\t\t\t\t\t\t\t\t\t<img loading=\"lazy\" decoding=\"async\" width=\"300\" height=\"550\" src=\"https:\/\/rutesentrerefugis.com\/wp-content\/uploads\/2018\/06\/Alt-Pirineu-03.jpg\" class=\"attachment-full size-full wp-image-21461\" alt=\"\" srcset=\"https:\/\/rutesentrerefugis.com\/wp-content\/uploads\/2018\/06\/Alt-Pirineu-03.jpg 300w, https:\/\/rutesentrerefugis.com\/wp-content\/uploads\/2018\/06\/Alt-Pirineu-03-164x300.jpg 164w\" sizes=\"(max-width: 300px) 100vw, 300px\" \/>\t\t\t\t\t\t\t\t\t\t\t\t\t\t\t<\/div>\n\t\t\t\t<\/div>\n\t\t\t\t\t<\/div>\n\t\t<\/div>\n\t\t\t\t<div class=\"elementor-column elementor-col-14 elementor-top-column elementor-element elementor-element-0c6e799\" data-id=\"0c6e799\" data-element_type=\"column\" data-e-type=\"column\">\n\t\t\t<div class=\"elementor-widget-wrap elementor-element-populated\">\n\t\t\t\t\t\t<div class=\"elementor-element elementor-element-8ae5768 elementor-widget elementor-widget-image\" data-id=\"8ae5768\" data-element_type=\"widget\" data-e-type=\"widget\" data-widget_type=\"image.default\">\n\t\t\t\t<div class=\"elementor-widget-container\">\n\t\t\t\t\t\t\t\t\t\t\t\t\t\t\t<img loading=\"lazy\" decoding=\"async\" width=\"300\" height=\"550\" src=\"https:\/\/rutesentrerefugis.com\/wp-content\/uploads\/2022\/08\/29-Seu-Urgell.jpg\" class=\"attachment-full size-full wp-image-964\" alt=\"\" srcset=\"https:\/\/rutesentrerefugis.com\/wp-content\/uploads\/2022\/08\/29-Seu-Urgell.jpg 300w, https:\/\/rutesentrerefugis.com\/wp-content\/uploads\/2022\/08\/29-Seu-Urgell-164x300.jpg 164w\" sizes=\"(max-width: 300px) 100vw, 300px\" \/>\t\t\t\t\t\t\t\t\t\t\t\t\t\t\t<\/div>\n\t\t\t\t<\/div>\n\t\t\t\t\t<\/div>\n\t\t<\/div>\n\t\t\t\t<div class=\"elementor-column elementor-col-14 elementor-top-column elementor-element elementor-element-58fabbe\" data-id=\"58fabbe\" data-element_type=\"column\" data-e-type=\"column\">\n\t\t\t<div class=\"elementor-widget-wrap elementor-element-populated\">\n\t\t\t\t\t\t<div class=\"elementor-element elementor-element-8355707 elementor-widget elementor-widget-image\" data-id=\"8355707\" data-element_type=\"widget\" data-e-type=\"widget\" data-widget_type=\"image.default\">\n\t\t\t\t<div class=\"elementor-widget-container\">\n\t\t\t\t\t\t\t\t\t\t\t\t\t\t\t<img loading=\"lazy\" decoding=\"async\" width=\"300\" height=\"550\" src=\"https:\/\/rutesentrerefugis.com\/wp-content\/uploads\/2022\/08\/55-Vall-Llosa-Barida-2.jpg\" class=\"attachment-full size-full wp-image-963\" alt=\"Andorra Bike Tracks\" srcset=\"https:\/\/rutesentrerefugis.com\/wp-content\/uploads\/2022\/08\/55-Vall-Llosa-Barida-2.jpg 300w, https:\/\/rutesentrerefugis.com\/wp-content\/uploads\/2022\/08\/55-Vall-Llosa-Barida-2-164x300.jpg 164w\" sizes=\"(max-width: 300px) 100vw, 300px\" \/>\t\t\t\t\t\t\t\t\t\t\t\t\t\t\t<\/div>\n\t\t\t\t<\/div>\n\t\t\t\t\t<\/div>\n\t\t<\/div>\n\t\t\t\t<div class=\"elementor-column elementor-col-14 elementor-top-column elementor-element elementor-element-96c1b41\" data-id=\"96c1b41\" data-element_type=\"column\" data-e-type=\"column\">\n\t\t\t<div class=\"elementor-widget-wrap elementor-element-populated\">\n\t\t\t\t\t\t<div class=\"elementor-element elementor-element-d6348cb elementor-widget elementor-widget-image\" data-id=\"d6348cb\" data-element_type=\"widget\" data-e-type=\"widget\" data-widget_type=\"image.default\">\n\t\t\t\t<div class=\"elementor-widget-container\">\n\t\t\t\t\t\t\t\t\t\t\t\t\t\t\t<img loading=\"lazy\" decoding=\"async\" width=\"300\" height=\"550\" src=\"https:\/\/rutesentrerefugis.com\/wp-content\/uploads\/2021\/01\/23-Puigcerda.jpg\" class=\"attachment-full size-full wp-image-1996\" alt=\"\" srcset=\"https:\/\/rutesentrerefugis.com\/wp-content\/uploads\/2021\/01\/23-Puigcerda.jpg 300w, https:\/\/rutesentrerefugis.com\/wp-content\/uploads\/2021\/01\/23-Puigcerda-164x300.jpg 164w\" sizes=\"(max-width: 300px) 100vw, 300px\" \/>\t\t\t\t\t\t\t\t\t\t\t\t\t\t\t<\/div>\n\t\t\t\t<\/div>\n\t\t\t\t\t<\/div>\n\t\t<\/div>\n\t\t\t\t\t<\/div>\n\t\t<\/section>\n\t\t\t\t<section class=\"elementor-section elementor-top-section elementor-element elementor-element-dfd5fe0 elementor-section-full_width elementor-section-height-default elementor-section-height-default\" data-id=\"dfd5fe0\" data-element_type=\"section\" data-e-type=\"section\">\n\t\t\t\t\t\t<div class=\"elementor-container elementor-column-gap-default\">\n\t\t\t\t\t<div class=\"elementor-column elementor-col-100 elementor-top-column elementor-element elementor-element-c8879df\" data-id=\"c8879df\" data-element_type=\"column\" data-e-type=\"column\">\n\t\t\t<div class=\"elementor-widget-wrap elementor-element-populated\">\n\t\t\t\t\t\t<div class=\"elementor-element elementor-element-51368b2 elementor-widget elementor-widget-spacer\" data-id=\"51368b2\" data-element_type=\"widget\" data-e-type=\"widget\" data-widget_type=\"spacer.default\">\n\t\t\t\t<div class=\"elementor-widget-container\">\n\t\t\t\t\t\t\t<div class=\"elementor-spacer\">\n\t\t\t<div class=\"elementor-spacer-inner\"><\/div>\n\t\t<\/div>\n\t\t\t\t\t\t<\/div>\n\t\t\t\t<\/div>\n\t\t\t\t\t<\/div>\n\t\t<\/div>\n\t\t\t\t\t<\/div>\n\t\t<\/section>\n\t\t\t\t<section class=\"elementor-section elementor-top-section elementor-element elementor-element-6199cf0 elementor-section-full_width elementor-section-height-default elementor-section-height-default\" data-id=\"6199cf0\" data-element_type=\"section\" data-e-type=\"section\">\n\t\t\t\t\t\t<div class=\"elementor-container elementor-column-gap-default\">\n\t\t\t\t\t<div class=\"elementor-column elementor-col-100 elementor-top-column elementor-element elementor-element-fca8849\" data-id=\"fca8849\" data-element_type=\"column\" data-e-type=\"column\">\n\t\t\t<div class=\"elementor-widget-wrap elementor-element-populated\">\n\t\t\t\t\t\t<div class=\"elementor-element elementor-element-9065031 elementor-widget-divider--view-line elementor-widget elementor-widget-divider\" data-id=\"9065031\" data-element_type=\"widget\" data-e-type=\"widget\" data-widget_type=\"divider.default\">\n\t\t\t\t<div class=\"elementor-widget-container\">\n\t\t\t\t\t\t\t<div class=\"elementor-divider\">\n\t\t\t<span class=\"elementor-divider-separator\">\n\t\t\t\t\t\t<\/span>\n\t\t<\/div>\n\t\t\t\t\t\t<\/div>\n\t\t\t\t<\/div>\n\t\t\t\t\t<\/div>\n\t\t<\/div>\n\t\t\t\t\t<\/div>\n\t\t<\/section>\n\t\t\t\t<section class=\"elementor-section elementor-top-section elementor-element elementor-element-01d1fd3 elementor-section-full_width elementor-section-height-default elementor-section-height-default\" data-id=\"01d1fd3\" data-element_type=\"section\" data-e-type=\"section\">\n\t\t\t\t\t\t<div class=\"elementor-container elementor-column-gap-default\">\n\t\t\t\t\t<div class=\"elementor-column elementor-col-100 elementor-top-column elementor-element elementor-element-f95e5a5\" data-id=\"f95e5a5\" data-element_type=\"column\" data-e-type=\"column\">\n\t\t\t<div class=\"elementor-widget-wrap elementor-element-populated\">\n\t\t\t\t\t\t<div class=\"elementor-element elementor-element-6c3bb74 elementor-widget elementor-widget-heading\" data-id=\"6c3bb74\" data-element_type=\"widget\" data-e-type=\"widget\" data-widget_type=\"heading.default\">\n\t\t\t\t<div class=\"elementor-widget-container\">\n\t\t\t\t\t<h2 class=\"elementor-heading-title elementor-size-default\"><u>ARTICLES I RUTES RELACIONATS<\/u><\/h2>\t\t\t\t<\/div>\n\t\t\t\t<\/div>\n\t\t\t\t\t<\/div>\n\t\t<\/div>\n\t\t\t\t\t<\/div>\n\t\t<\/section>\n\t\t\t\t<section class=\"elementor-section elementor-top-section elementor-element elementor-element-d9407b4 elementor-section-full_width elementor-section-height-default elementor-section-height-default\" data-id=\"d9407b4\" data-element_type=\"section\" data-e-type=\"section\">\n\t\t\t\t\t\t<div class=\"elementor-container elementor-column-gap-default\">\n\t\t\t\t\t<div class=\"elementor-column elementor-col-100 elementor-top-column elementor-element elementor-element-a6026bf\" data-id=\"a6026bf\" data-element_type=\"column\" data-e-type=\"column\">\n\t\t\t<div class=\"elementor-widget-wrap elementor-element-populated\">\n\t\t\t\t\t\t<div class=\"elementor-element elementor-element-db626ea elementor-widget elementor-widget-spacer\" data-id=\"db626ea\" data-element_type=\"widget\" data-e-type=\"widget\" data-widget_type=\"spacer.default\">\n\t\t\t\t<div class=\"elementor-widget-container\">\n\t\t\t\t\t\t\t<div class=\"elementor-spacer\">\n\t\t\t<div class=\"elementor-spacer-inner\"><\/div>\n\t\t<\/div>\n\t\t\t\t\t\t<\/div>\n\t\t\t\t<\/div>\n\t\t\t\t\t<\/div>\n\t\t<\/div>\n\t\t\t\t\t<\/div>\n\t\t<\/section>\n\t\t\t\t<section class=\"elementor-section elementor-top-section elementor-element elementor-element-72e1ea5 elementor-section-full_width elementor-section-height-default elementor-section-height-default\" data-id=\"72e1ea5\" data-element_type=\"section\" data-e-type=\"section\">\n\t\t\t\t\t\t<div class=\"elementor-container elementor-column-gap-default\">\n\t\t\t\t\t<div class=\"elementor-column elementor-col-100 elementor-top-column elementor-element elementor-element-de781c7\" data-id=\"de781c7\" data-element_type=\"column\" data-e-type=\"column\">\n\t\t\t<div class=\"elementor-widget-wrap elementor-element-populated\">\n\t\t\t\t\t\t<div class=\"elementor-element elementor-element-ae85d1a elementor-grid-5 elementor-grid-tablet-2 elementor-grid-mobile-1 elementor-posts--thumbnail-top elementor-widget elementor-widget-posts\" data-id=\"ae85d1a\" data-element_type=\"widget\" data-e-type=\"widget\" data-settings=\"{&quot;classic_columns&quot;:&quot;5&quot;,&quot;classic_columns_tablet&quot;:&quot;2&quot;,&quot;classic_columns_mobile&quot;:&quot;1&quot;,&quot;classic_row_gap&quot;:{&quot;unit&quot;:&quot;px&quot;,&quot;size&quot;:35,&quot;sizes&quot;:[]},&quot;classic_row_gap_tablet&quot;:{&quot;unit&quot;:&quot;px&quot;,&quot;size&quot;:&quot;&quot;,&quot;sizes&quot;:[]},&quot;classic_row_gap_mobile&quot;:{&quot;unit&quot;:&quot;px&quot;,&quot;size&quot;:&quot;&quot;,&quot;sizes&quot;:[]}}\" data-widget_type=\"posts.classic\">\n\t\t\t\t<div class=\"elementor-widget-container\">\n\t\t\t\t\t\t\t<div class=\"elementor-posts-container elementor-posts elementor-posts--skin-classic elementor-grid\" role=\"list\">\n\t\t\t\t<article class=\"elementor-post elementor-grid-item post-10942 post type-post status-publish format-standard has-post-thumbnail hentry category-blog category-cadi-moixero-ca tag-alt-bergueda-es-ca tag-bergueda-es-ca tag-cronicas-ca tag-croniques-ca tag-guardes-refugis-serra-densija-i-rasos-de-peguera-ca tag-refugi-rasos-de-peguera-es-ca tag-ruta-tora-blava-ca\" role=\"listitem\">\n\t\t\t\t<a class=\"elementor-post__thumbnail__link\" href=\"https:\/\/rutesentrerefugis.com\/index.php\/2022\/03\/07\/ruta-tora-blava-a-lalt-bergueda\/\" tabindex=\"-1\" >\n\t\t\t<div class=\"elementor-post__thumbnail\"><img loading=\"lazy\" decoding=\"async\" width=\"300\" height=\"200\" src=\"https:\/\/rutesentrerefugis.com\/wp-content\/uploads\/2023\/03\/Tora-Blava-Inici-NW-300x200.jpg\" class=\"attachment-medium size-medium wp-image-10943\" alt=\"\" srcset=\"https:\/\/rutesentrerefugis.com\/wp-content\/uploads\/2023\/03\/Tora-Blava-Inici-NW-300x200.jpg 300w, https:\/\/rutesentrerefugis.com\/wp-content\/uploads\/2023\/03\/Tora-Blava-Inici-NW-1024x683.jpg 1024w, https:\/\/rutesentrerefugis.com\/wp-content\/uploads\/2023\/03\/Tora-Blava-Inici-NW-768x512.jpg 768w, https:\/\/rutesentrerefugis.com\/wp-content\/uploads\/2023\/03\/Tora-Blava-Inici-NW.jpg 1200w\" sizes=\"(max-width: 300px) 100vw, 300px\" \/><\/div>\n\t\t<\/a>\n\t\t\t\t<div class=\"elementor-post__text\">\n\t\t\t\t<h3 class=\"elementor-post__title\">\n\t\t\t<a href=\"https:\/\/rutesentrerefugis.com\/index.php\/2022\/03\/07\/ruta-tora-blava-a-lalt-bergueda\/\" >\n\t\t\t\tRUTA \u00abTORA BLAVA\u00bb A L&#8217;ALT BERGUED\u00c0\t\t\t<\/a>\n\t\t<\/h3>\n\t\t\t\t<div class=\"elementor-post__meta-data\">\n\t\t\t\t\t<span class=\"elementor-post-date\">\n\t\t\t07\/03\/2022\t\t<\/span>\n\t\t\t\t<\/div>\n\t\t\t\t<\/div>\n\t\t\t\t<\/article>\n\t\t\t\t<article class=\"elementor-post elementor-grid-item post-13945 post type-post status-publish format-standard has-post-thumbnail hentry category-a-peu-ca category-cadi-moixero-ca tag-alt-bergueda-es-ca tag-berga-es-ca tag-bergueda-es-ca tag-parc-natural-del-cadi-moixero-ca tag-rasos-de-peguera-ca tag-refugi-de-rasos-de-peguera-ca tag-refugi-lluis-estasen-es-ca tag-refugi-moli-de-gosol-ca tag-refugi-serra-densija-ca tag-ruta-tora-blava-ca tag-ruta-tora-blava-nord-ca tag-ruta-tora-blava-sud-ca tag-serra-densija-ca tag-tora-blava-ca\" role=\"listitem\">\n\t\t\t\t<a class=\"elementor-post__thumbnail__link\" href=\"https:\/\/rutesentrerefugis.com\/index.php\/2021\/06\/18\/tora-blava\/\" tabindex=\"-1\" >\n\t\t\t<div class=\"elementor-post__thumbnail\"><img loading=\"lazy\" decoding=\"async\" width=\"300\" height=\"210\" src=\"https:\/\/rutesentrerefugis.com\/wp-content\/uploads\/2023\/03\/Ruta-Tora-Blava-300x210.jpg\" class=\"attachment-medium size-medium wp-image-13946\" alt=\"\" srcset=\"https:\/\/rutesentrerefugis.com\/wp-content\/uploads\/2023\/03\/Ruta-Tora-Blava-300x210.jpg 300w, https:\/\/rutesentrerefugis.com\/wp-content\/uploads\/2023\/03\/Ruta-Tora-Blava.jpg 400w\" sizes=\"(max-width: 300px) 100vw, 300px\" \/><\/div>\n\t\t<\/a>\n\t\t\t\t<div class=\"elementor-post__text\">\n\t\t\t\t<h3 class=\"elementor-post__title\">\n\t\t\t<a href=\"https:\/\/rutesentrerefugis.com\/index.php\/2021\/06\/18\/tora-blava\/\" >\n\t\t\t\tTORA BLAVA\t\t\t<\/a>\n\t\t<\/h3>\n\t\t\t\t<div class=\"elementor-post__meta-data\">\n\t\t\t\t\t<span class=\"elementor-post-date\">\n\t\t\t18\/06\/2021\t\t<\/span>\n\t\t\t\t<\/div>\n\t\t\t\t<\/div>\n\t\t\t\t<\/article>\n\t\t\t\t<article class=\"elementor-post elementor-grid-item post-5205 post type-post status-publish format-standard has-post-thumbnail hentry category-pirineus category-trail-running-ca category-cadi-moixero-ca tag-alta-ruta-del-cadi-ca tag-bergueda-es-ca tag-parc-natural-del-cadi-moixero-ca tag-refugi-moli-de-gosol-ca tag-refugi-sant-jordi-ca tag-refugi-vents-de-cadi-ca\" role=\"listitem\">\n\t\t\t\t<a class=\"elementor-post__thumbnail__link\" href=\"https:\/\/rutesentrerefugis.com\/index.php\/2021\/05\/10\/trail-del-cadi\/\" tabindex=\"-1\" >\n\t\t\t<div class=\"elementor-post__thumbnail\"><img loading=\"lazy\" decoding=\"async\" width=\"300\" height=\"210\" src=\"https:\/\/rutesentrerefugis.com\/wp-content\/uploads\/2022\/12\/Trail-del-Cadi-NW-300x210.jpg\" class=\"attachment-medium size-medium wp-image-5206\" alt=\"\" srcset=\"https:\/\/rutesentrerefugis.com\/wp-content\/uploads\/2022\/12\/Trail-del-Cadi-NW-300x210.jpg 300w, https:\/\/rutesentrerefugis.com\/wp-content\/uploads\/2022\/12\/Trail-del-Cadi-NW.jpg 400w\" sizes=\"(max-width: 300px) 100vw, 300px\" \/><\/div>\n\t\t<\/a>\n\t\t\t\t<div class=\"elementor-post__text\">\n\t\t\t\t<h3 class=\"elementor-post__title\">\n\t\t\t<a href=\"https:\/\/rutesentrerefugis.com\/index.php\/2021\/05\/10\/trail-del-cadi\/\" >\n\t\t\t\tTRAIL DEL CAD\u00cd\t\t\t<\/a>\n\t\t<\/h3>\n\t\t\t\t<div class=\"elementor-post__meta-data\">\n\t\t\t\t\t<span class=\"elementor-post-date\">\n\t\t\t10\/05\/2021\t\t<\/span>\n\t\t\t\t<\/div>\n\t\t\t\t<\/div>\n\t\t\t\t<\/article>\n\t\t\t\t<article class=\"elementor-post elementor-grid-item post-5153 post type-post status-publish format-standard has-post-thumbnail hentry category-a-peu-ca category-cadi-moixero-ca tag-alta-ruta-del-cadi-ca tag-bergueda-es-ca tag-parc-natural-del-cadi-moixero-ca tag-refugi-lluis-estasen-es-ca tag-refugi-moli-de-gosol-ca tag-refugi-prat-daguilo-ca tag-refugi-sant-jordi-ca tag-refugi-vents-de-cadi-ca\" role=\"listitem\">\n\t\t\t\t<a class=\"elementor-post__thumbnail__link\" href=\"https:\/\/rutesentrerefugis.com\/index.php\/2021\/05\/09\/tour-del-cadi\/\" tabindex=\"-1\" >\n\t\t\t<div class=\"elementor-post__thumbnail\"><img loading=\"lazy\" decoding=\"async\" width=\"300\" height=\"210\" src=\"https:\/\/rutesentrerefugis.com\/wp-content\/uploads\/2022\/12\/Tour-del-Cadi-NW-300x210.jpg\" class=\"attachment-medium size-medium wp-image-5154\" alt=\"\" srcset=\"https:\/\/rutesentrerefugis.com\/wp-content\/uploads\/2022\/12\/Tour-del-Cadi-NW-300x210.jpg 300w, https:\/\/rutesentrerefugis.com\/wp-content\/uploads\/2022\/12\/Tour-del-Cadi-NW.jpg 400w\" sizes=\"(max-width: 300px) 100vw, 300px\" \/><\/div>\n\t\t<\/a>\n\t\t\t\t<div class=\"elementor-post__text\">\n\t\t\t\t<h3 class=\"elementor-post__title\">\n\t\t\t<a href=\"https:\/\/rutesentrerefugis.com\/index.php\/2021\/05\/09\/tour-del-cadi\/\" >\n\t\t\t\tTOUR DEL CAD\u00cd\t\t\t<\/a>\n\t\t<\/h3>\n\t\t\t\t<div class=\"elementor-post__meta-data\">\n\t\t\t\t\t<span class=\"elementor-post-date\">\n\t\t\t09\/05\/2021\t\t<\/span>\n\t\t\t\t<\/div>\n\t\t\t\t<\/div>\n\t\t\t\t<\/article>\n\t\t\t\t<article class=\"elementor-post elementor-grid-item post-5176 post type-post status-publish format-standard has-post-thumbnail hentry category-a-peu-ca category-cadi-moixero-ca tag-alta-ruta-del-cadi-ca tag-bergueda-es-ca tag-parc-natural-del-cadi-moixero-ca tag-refugi-del-rebost-ca tag-refugi-niu-de-laliga-ca tag-refugi-sant-jordi-ca tag-refugi-vents-de-cadi-ca\" role=\"listitem\">\n\t\t\t\t<a class=\"elementor-post__thumbnail__link\" href=\"https:\/\/rutesentrerefugis.com\/index.php\/2021\/05\/08\/tour-del-moixero\/\" tabindex=\"-1\" >\n\t\t\t<div class=\"elementor-post__thumbnail\"><img loading=\"lazy\" decoding=\"async\" width=\"300\" height=\"210\" src=\"https:\/\/rutesentrerefugis.com\/wp-content\/uploads\/2022\/12\/Tour-del-Moixero-NW-300x210.jpg\" class=\"attachment-medium size-medium wp-image-5177\" alt=\"\" srcset=\"https:\/\/rutesentrerefugis.com\/wp-content\/uploads\/2022\/12\/Tour-del-Moixero-NW-300x210.jpg 300w, https:\/\/rutesentrerefugis.com\/wp-content\/uploads\/2022\/12\/Tour-del-Moixero-NW.jpg 400w\" sizes=\"(max-width: 300px) 100vw, 300px\" \/><\/div>\n\t\t<\/a>\n\t\t\t\t<div class=\"elementor-post__text\">\n\t\t\t\t<h3 class=\"elementor-post__title\">\n\t\t\t<a href=\"https:\/\/rutesentrerefugis.com\/index.php\/2021\/05\/08\/tour-del-moixero\/\" >\n\t\t\t\tTOUR DEL MOIXER\u00d3\t\t\t<\/a>\n\t\t<\/h3>\n\t\t\t\t<div class=\"elementor-post__meta-data\">\n\t\t\t\t\t<span class=\"elementor-post-date\">\n\t\t\t08\/05\/2021\t\t<\/span>\n\t\t\t\t<\/div>\n\t\t\t\t<\/div>\n\t\t\t\t<\/article>\n\t\t\t\t<article class=\"elementor-post elementor-grid-item post-5089 post type-post status-publish format-standard has-post-thumbnail hentry category-a-peu-ca category-cadi-moixero-ca tag-alta-ruta-del-cadi-ca tag-bergueda-es-ca tag-parc-natural-del-cadi-moixero-ca tag-refugi-lluis-estasen-es-ca tag-refugi-moli-de-gosol-ca tag-refugi-niu-de-laliga-ca tag-refugi-prat-daguilo-ca tag-refugi-sant-jordi-ca tag-refugi-vents-de-cadi-ca\" role=\"listitem\">\n\t\t\t\t<a class=\"elementor-post__thumbnail__link\" href=\"https:\/\/rutesentrerefugis.com\/index.php\/2021\/05\/07\/alta-ruta-del-cadi\/\" tabindex=\"-1\" >\n\t\t\t<div class=\"elementor-post__thumbnail\"><img loading=\"lazy\" decoding=\"async\" width=\"300\" height=\"210\" src=\"https:\/\/rutesentrerefugis.com\/wp-content\/uploads\/2022\/12\/Alta-Ruta-del-Cadi-NW-300x210.jpg\" class=\"attachment-medium size-medium wp-image-5090\" alt=\"\" srcset=\"https:\/\/rutesentrerefugis.com\/wp-content\/uploads\/2022\/12\/Alta-Ruta-del-Cadi-NW-300x210.jpg 300w, https:\/\/rutesentrerefugis.com\/wp-content\/uploads\/2022\/12\/Alta-Ruta-del-Cadi-NW.jpg 400w\" sizes=\"(max-width: 300px) 100vw, 300px\" \/><\/div>\n\t\t<\/a>\n\t\t\t\t<div class=\"elementor-post__text\">\n\t\t\t\t<h3 class=\"elementor-post__title\">\n\t\t\t<a href=\"https:\/\/rutesentrerefugis.com\/index.php\/2021\/05\/07\/alta-ruta-del-cadi\/\" >\n\t\t\t\tALTA RUTA DEL CAD\u00cd\t\t\t<\/a>\n\t\t<\/h3>\n\t\t\t\t<div class=\"elementor-post__meta-data\">\n\t\t\t\t\t<span class=\"elementor-post-date\">\n\t\t\t07\/05\/2021\t\t<\/span>\n\t\t\t\t<\/div>\n\t\t\t\t<\/div>\n\t\t\t\t<\/article>\n\t\t\t\t<article class=\"elementor-post elementor-grid-item post-14836 post type-post status-publish format-standard has-post-thumbnail hentry category-a-peu-ca category-cadi-moixero-ca tag-beixec-ca tag-gosol-ca tag-laltra-cara-de-la-forca-ca tag-la-seu-durgell-ca tag-moli-de-fornols-es-ca tag-parc-natural-del-cadi-moixero-ca tag-refugi-prat-daguilo-ca\" role=\"listitem\">\n\t\t\t\t<a class=\"elementor-post__thumbnail__link\" href=\"https:\/\/rutesentrerefugis.com\/index.php\/2021\/01\/08\/laltra-cara-de-la-forca\/\" tabindex=\"-1\" >\n\t\t\t<div class=\"elementor-post__thumbnail\"><img loading=\"lazy\" decoding=\"async\" width=\"300\" height=\"210\" src=\"https:\/\/rutesentrerefugis.com\/wp-content\/uploads\/2023\/04\/L-Altra-Cara-de-la-Forca-NW-300x210.jpg\" class=\"attachment-medium size-medium wp-image-14837\" alt=\"\" srcset=\"https:\/\/rutesentrerefugis.com\/wp-content\/uploads\/2023\/04\/L-Altra-Cara-de-la-Forca-NW-300x210.jpg 300w, https:\/\/rutesentrerefugis.com\/wp-content\/uploads\/2023\/04\/L-Altra-Cara-de-la-Forca-NW.jpg 400w\" sizes=\"(max-width: 300px) 100vw, 300px\" \/><\/div>\n\t\t<\/a>\n\t\t\t\t<div class=\"elementor-post__text\">\n\t\t\t\t<h3 class=\"elementor-post__title\">\n\t\t\t<a href=\"https:\/\/rutesentrerefugis.com\/index.php\/2021\/01\/08\/laltra-cara-de-la-forca\/\" >\n\t\t\t\tL&#8217;ALTRA CARA DE LA FORCA\t\t\t<\/a>\n\t\t<\/h3>\n\t\t\t\t<div class=\"elementor-post__meta-data\">\n\t\t\t\t\t<span class=\"elementor-post-date\">\n\t\t\t08\/01\/2021\t\t<\/span>\n\t\t\t\t<\/div>\n\t\t\t\t<\/div>\n\t\t\t\t<\/article>\n\t\t\t\t<article class=\"elementor-post elementor-grid-item post-5131 post type-post status-publish format-standard has-post-thumbnail hentry category-a-peu-ca category-cadi-moixero-ca tag-alt-urgell-ca tag-bergueda-es-ca tag-cerdanya-ca tag-estana-ca tag-gosol-ca tag-la-seu-durgell-ca tag-parc-natural-del-cadi-moixero-ca tag-refugi-prat-daguilo-ca tag-tuixent-ca\" role=\"listitem\">\n\t\t\t\t<a class=\"elementor-post__thumbnail__link\" href=\"https:\/\/rutesentrerefugis.com\/index.php\/2020\/12\/31\/cadi-360\/\" tabindex=\"-1\" >\n\t\t\t<div class=\"elementor-post__thumbnail\"><img loading=\"lazy\" decoding=\"async\" width=\"300\" height=\"210\" src=\"https:\/\/rutesentrerefugis.com\/wp-content\/uploads\/2022\/12\/Cadi-360-300x210.jpg\" class=\"attachment-medium size-medium wp-image-5132\" alt=\"\" srcset=\"https:\/\/rutesentrerefugis.com\/wp-content\/uploads\/2022\/12\/Cadi-360-300x210.jpg 300w, https:\/\/rutesentrerefugis.com\/wp-content\/uploads\/2022\/12\/Cadi-360.jpg 400w\" sizes=\"(max-width: 300px) 100vw, 300px\" \/><\/div>\n\t\t<\/a>\n\t\t\t\t<div class=\"elementor-post__text\">\n\t\t\t\t<h3 class=\"elementor-post__title\">\n\t\t\t<a href=\"https:\/\/rutesentrerefugis.com\/index.php\/2020\/12\/31\/cadi-360\/\" >\n\t\t\t\tCAD\u00cd 360\u00ba\t\t\t<\/a>\n\t\t<\/h3>\n\t\t\t\t<div class=\"elementor-post__meta-data\">\n\t\t\t\t\t<span class=\"elementor-post-date\">\n\t\t\t31\/12\/2020\t\t<\/span>\n\t\t\t\t<\/div>\n\t\t\t\t<\/div>\n\t\t\t\t<\/article>\n\t\t\t\t<article class=\"elementor-post elementor-grid-item post-7937 post type-post status-publish format-standard has-post-thumbnail hentry category-a-peu-ca category-rutes-ca category-cadi-moixero-ca tag-alt-bergueda-es-ca tag-bellver-de-cerdanya-es-ca tag-bergueda-es-ca tag-cami-de-picasso-ca tag-cerdanya-ca tag-gosol-ca tag-guardiola-de-bergueda-es-ca tag-parc-natural-del-cadi-moixero-ca tag-picasso-ca tag-pirineu-oriental-es-ca tag-refugi-prat-daguilo-ca tag-saldes-ca\" role=\"listitem\">\n\t\t\t\t<a class=\"elementor-post__thumbnail__link\" href=\"https:\/\/rutesentrerefugis.com\/index.php\/2018\/07\/01\/cami-de-picasso\/\" tabindex=\"-1\" >\n\t\t\t<div class=\"elementor-post__thumbnail\"><img loading=\"lazy\" decoding=\"async\" width=\"300\" height=\"210\" src=\"https:\/\/rutesentrerefugis.com\/wp-content\/uploads\/2023\/02\/Cami-de-Picasso-300x210.jpg\" class=\"attachment-medium size-medium wp-image-7938\" alt=\"\" srcset=\"https:\/\/rutesentrerefugis.com\/wp-content\/uploads\/2023\/02\/Cami-de-Picasso-300x210.jpg 300w, https:\/\/rutesentrerefugis.com\/wp-content\/uploads\/2023\/02\/Cami-de-Picasso.jpg 400w\" sizes=\"(max-width: 300px) 100vw, 300px\" \/><\/div>\n\t\t<\/a>\n\t\t\t\t<div class=\"elementor-post__text\">\n\t\t\t\t<h3 class=\"elementor-post__title\">\n\t\t\t<a href=\"https:\/\/rutesentrerefugis.com\/index.php\/2018\/07\/01\/cami-de-picasso\/\" >\n\t\t\t\tCAM\u00cd DE PICASSO\t\t\t<\/a>\n\t\t<\/h3>\n\t\t\t\t<div class=\"elementor-post__meta-data\">\n\t\t\t\t\t<span class=\"elementor-post-date\">\n\t\t\t01\/07\/2018\t\t<\/span>\n\t\t\t\t<\/div>\n\t\t\t\t<\/div>\n\t\t\t\t<\/article>\n\t\t\t\t<article class=\"elementor-post elementor-grid-item post-14181 post type-post status-publish format-standard has-post-thumbnail hentry category-a-peu-ca category-rutes-ca category-cadi-moixero-ca tag-alberg-la-closa-ca tag-alt-bergueda-es-ca tag-camping-moli-serradell-ca tag-cerdanya-ca tag-parc-natural-del-cadi-moixero-ca tag-refugi-arderico-ca tag-refugi-erols-ca tag-refugi-niu-de-laliga-ca tag-ripolles-ca tag-ruta-de-lermita-ca\" role=\"listitem\">\n\t\t\t\t<a class=\"elementor-post__thumbnail__link\" href=\"https:\/\/rutesentrerefugis.com\/index.php\/2018\/06\/20\/ruta-ermita\/\" tabindex=\"-1\" >\n\t\t\t<div class=\"elementor-post__thumbnail\"><img loading=\"lazy\" decoding=\"async\" width=\"300\" height=\"210\" src=\"https:\/\/rutesentrerefugis.com\/wp-content\/uploads\/2023\/03\/Ruta-de-l-Ermita-NW-300x210.jpg\" class=\"attachment-medium size-medium wp-image-14182\" alt=\"\" srcset=\"https:\/\/rutesentrerefugis.com\/wp-content\/uploads\/2023\/03\/Ruta-de-l-Ermita-NW-300x210.jpg 300w, https:\/\/rutesentrerefugis.com\/wp-content\/uploads\/2023\/03\/Ruta-de-l-Ermita-NW.jpg 400w\" sizes=\"(max-width: 300px) 100vw, 300px\" \/><\/div>\n\t\t<\/a>\n\t\t\t\t<div class=\"elementor-post__text\">\n\t\t\t\t<h3 class=\"elementor-post__title\">\n\t\t\t<a href=\"https:\/\/rutesentrerefugis.com\/index.php\/2018\/06\/20\/ruta-ermita\/\" >\n\t\t\t\tRUTA DE L&#8217;ERMIT\u00c0\t\t\t<\/a>\n\t\t<\/h3>\n\t\t\t\t<div class=\"elementor-post__meta-data\">\n\t\t\t\t\t<span class=\"elementor-post-date\">\n\t\t\t20\/06\/2018\t\t<\/span>\n\t\t\t\t<\/div>\n\t\t\t\t<\/div>\n\t\t\t\t<\/article>\n\t\t\t\t<article class=\"elementor-post elementor-grid-item post-7608 post type-post status-publish format-standard has-post-thumbnail hentry category-btt-ca category-rutes-ca category-cadi-moixero-ca tag-alt-bergueda-es-ca tag-bergueda-es-ca tag-btt-ca tag-cerdanya-ca tag-la-closa-ca tag-moli-serradell-ca tag-parc-natural-del-cadi-moixero-ca tag-refugi-arderico-ca tag-refugi-erols-ca tag-refugi-niu-de-laliga-ca tag-ripolles-ca tag-ruta-de-lermita-ca tag-serra-de-catllaras-ca tag-serra-de-montgrony-ca\" role=\"listitem\">\n\t\t\t\t<a class=\"elementor-post__thumbnail__link\" href=\"https:\/\/rutesentrerefugis.com\/index.php\/2018\/06\/16\/ruta-ermita-en-btt\/\" tabindex=\"-1\" >\n\t\t\t<div class=\"elementor-post__thumbnail\"><img loading=\"lazy\" decoding=\"async\" width=\"300\" height=\"210\" src=\"https:\/\/rutesentrerefugis.com\/wp-content\/uploads\/2023\/02\/Ruta-de-l-Ermita-NW-300x210.jpg\" class=\"attachment-medium size-medium wp-image-7609\" alt=\"\" srcset=\"https:\/\/rutesentrerefugis.com\/wp-content\/uploads\/2023\/02\/Ruta-de-l-Ermita-NW-300x210.jpg 300w, https:\/\/rutesentrerefugis.com\/wp-content\/uploads\/2023\/02\/Ruta-de-l-Ermita-NW.jpg 400w\" sizes=\"(max-width: 300px) 100vw, 300px\" \/><\/div>\n\t\t<\/a>\n\t\t\t\t<div class=\"elementor-post__text\">\n\t\t\t\t<h3 class=\"elementor-post__title\">\n\t\t\t<a href=\"https:\/\/rutesentrerefugis.com\/index.php\/2018\/06\/16\/ruta-ermita-en-btt\/\" >\n\t\t\t\tRUTA DE L&#8217;ERMIT\u00c0 EN BTT\t\t\t<\/a>\n\t\t<\/h3>\n\t\t\t\t<div class=\"elementor-post__meta-data\">\n\t\t\t\t\t<span class=\"elementor-post-date\">\n\t\t\t16\/06\/2018\t\t<\/span>\n\t\t\t\t<\/div>\n\t\t\t\t<\/div>\n\t\t\t\t<\/article>\n\t\t\t\t<article class=\"elementor-post elementor-grid-item post-5294 post type-post status-publish format-standard has-post-thumbnail hentry category-btt-ca category-rutes-ca category-cadi-moixero-ca tag-alas-ca tag-alt-urgell-ca tag-baga-es-ca tag-baixa-cerdanya-es-ca tag-bellver-de-cerdanya-es-ca tag-bergueda-es-ca tag-cornellana-ca tag-frontera-park-ca tag-la-seu-durgell-ca tag-lles-de-cerdanya-ca tag-parc-natural-de-lalt-pirineu-ca tag-parc-natural-del-cadi-moixero-ca tag-puigcerda-ca tag-refugi-de-la-basseta-es-ca tag-sant-joan-de-lerm-ca\" role=\"listitem\">\n\t\t\t\t<a class=\"elementor-post__thumbnail__link\" href=\"https:\/\/rutesentrerefugis.com\/index.php\/2018\/05\/08\/urgellet-expres-btt\/\" tabindex=\"-1\" >\n\t\t\t<div class=\"elementor-post__thumbnail\"><img loading=\"lazy\" decoding=\"async\" width=\"300\" height=\"210\" src=\"https:\/\/rutesentrerefugis.com\/wp-content\/uploads\/2022\/12\/Urgellet-Express-BTT-300x210.jpg\" class=\"attachment-medium size-medium wp-image-5247\" alt=\"\" srcset=\"https:\/\/rutesentrerefugis.com\/wp-content\/uploads\/2022\/12\/Urgellet-Express-BTT-300x210.jpg 300w, https:\/\/rutesentrerefugis.com\/wp-content\/uploads\/2022\/12\/Urgellet-Express-BTT.jpg 400w\" sizes=\"(max-width: 300px) 100vw, 300px\" \/><\/div>\n\t\t<\/a>\n\t\t\t\t<div class=\"elementor-post__text\">\n\t\t\t\t<h3 class=\"elementor-post__title\">\n\t\t\t<a href=\"https:\/\/rutesentrerefugis.com\/index.php\/2018\/05\/08\/urgellet-expres-btt\/\" >\n\t\t\t\tURGELLET EXPRES BTT\t\t\t<\/a>\n\t\t<\/h3>\n\t\t\t\t<div class=\"elementor-post__meta-data\">\n\t\t\t\t\t<span class=\"elementor-post-date\">\n\t\t\t08\/05\/2018\t\t<\/span>\n\t\t\t\t<\/div>\n\t\t\t\t<\/div>\n\t\t\t\t<\/article>\n\t\t\t\t<article class=\"elementor-post elementor-grid-item post-5267 post type-post status-publish format-standard has-post-thumbnail hentry category-btt-ca category-rutes-ca category-cadi-moixero-ca tag-alas-ca tag-alt-urgell-ca tag-baga-es-ca tag-baixa-cerdanya-es-ca tag-bellver-de-cerdanya-es-ca tag-bergueda-es-ca tag-cornellana-ca tag-frontera-park-ca tag-la-seu-durgell-ca tag-lles-de-cerdanya-ca tag-parc-natural-de-lalt-pirineu-ca tag-parc-natural-del-cadi-moixero-ca tag-puigcerda-ca tag-refugi-de-la-basseta-es-ca tag-sant-joan-de-lerm-ca\" role=\"listitem\">\n\t\t\t\t<a class=\"elementor-post__thumbnail__link\" href=\"https:\/\/rutesentrerefugis.com\/index.php\/2018\/05\/08\/trinxat-express-btt\/\" tabindex=\"-1\" >\n\t\t\t<div class=\"elementor-post__thumbnail\"><img loading=\"lazy\" decoding=\"async\" width=\"300\" height=\"210\" src=\"https:\/\/rutesentrerefugis.com\/wp-content\/uploads\/2022\/12\/Trinxat-Expres-BTT-NW-300x210.jpg\" class=\"attachment-medium size-medium wp-image-5246\" alt=\"\" srcset=\"https:\/\/rutesentrerefugis.com\/wp-content\/uploads\/2022\/12\/Trinxat-Expres-BTT-NW-300x210.jpg 300w, https:\/\/rutesentrerefugis.com\/wp-content\/uploads\/2022\/12\/Trinxat-Expres-BTT-NW.jpg 400w\" sizes=\"(max-width: 300px) 100vw, 300px\" \/><\/div>\n\t\t<\/a>\n\t\t\t\t<div class=\"elementor-post__text\">\n\t\t\t\t<h3 class=\"elementor-post__title\">\n\t\t\t<a href=\"https:\/\/rutesentrerefugis.com\/index.php\/2018\/05\/08\/trinxat-express-btt\/\" >\n\t\t\t\tTRINXAT EXPRESS BTT\t\t\t<\/a>\n\t\t<\/h3>\n\t\t\t\t<div class=\"elementor-post__meta-data\">\n\t\t\t\t\t<span class=\"elementor-post-date\">\n\t\t\t08\/05\/2018\t\t<\/span>\n\t\t\t\t<\/div>\n\t\t\t\t<\/div>\n\t\t\t\t<\/article>\n\t\t\t\t<article class=\"elementor-post elementor-grid-item post-5244 post type-post status-publish format-standard has-post-thumbnail hentry category-btt-ca category-cadi-moixero-ca tag-alas-ca tag-alt-urgell-ca tag-baga-es-ca tag-baixa-cerdanya-es-ca tag-bellver-de-cerdanya-es-ca tag-bergueda-es-ca tag-cornellana-ca tag-frontera-park-ca tag-la-seu-durgell-ca tag-lles-de-cerdanya-ca tag-parc-natural-de-lalt-pirineu-ca tag-parc-natural-del-cadi-moixero-ca tag-puigcerda-ca tag-refugi-de-la-basseta-es-ca tag-sant-joan-de-lerm-ca\" role=\"listitem\">\n\t\t\t\t<a class=\"elementor-post__thumbnail__link\" href=\"https:\/\/rutesentrerefugis.com\/index.php\/2018\/05\/08\/trinxat-btt\/\" tabindex=\"-1\" >\n\t\t\t<div class=\"elementor-post__thumbnail\"><img loading=\"lazy\" decoding=\"async\" width=\"300\" height=\"210\" src=\"https:\/\/rutesentrerefugis.com\/wp-content\/uploads\/2022\/12\/Trinxat-BTT-NW-300x210.jpg\" class=\"attachment-medium size-medium wp-image-5245\" alt=\"\" srcset=\"https:\/\/rutesentrerefugis.com\/wp-content\/uploads\/2022\/12\/Trinxat-BTT-NW-300x210.jpg 300w, https:\/\/rutesentrerefugis.com\/wp-content\/uploads\/2022\/12\/Trinxat-BTT-NW.jpg 400w\" sizes=\"(max-width: 300px) 100vw, 300px\" \/><\/div>\n\t\t<\/a>\n\t\t\t\t<div class=\"elementor-post__text\">\n\t\t\t\t<h3 class=\"elementor-post__title\">\n\t\t\t<a href=\"https:\/\/rutesentrerefugis.com\/index.php\/2018\/05\/08\/trinxat-btt\/\" >\n\t\t\t\tTRINXAT BTT\t\t\t<\/a>\n\t\t<\/h3>\n\t\t\t\t<div class=\"elementor-post__meta-data\">\n\t\t\t\t\t<span class=\"elementor-post-date\">\n\t\t\t08\/05\/2018\t\t<\/span>\n\t\t\t\t<\/div>\n\t\t\t\t<\/div>\n\t\t\t\t<\/article>\n\t\t\t\t<article class=\"elementor-post elementor-grid-item post-5219 post type-post status-publish format-standard has-post-thumbnail hentry category-btt-ca category-cadi-moixero-ca tag-alas-ca tag-alt-urgell-ca tag-baga-es-ca tag-baixa-cerdanya-es-ca tag-bellver-de-cerdanya-es-ca tag-bergueda-es-ca tag-cornellana-ca tag-la-seu-durgell-ca tag-parc-natural-del-cadi-moixero-ca\" role=\"listitem\">\n\t\t\t\t<a class=\"elementor-post__thumbnail__link\" href=\"https:\/\/rutesentrerefugis.com\/index.php\/2018\/05\/08\/volta-cadi-moixero-en-btt\/\" tabindex=\"-1\" >\n\t\t\t<div class=\"elementor-post__thumbnail\"><img loading=\"lazy\" decoding=\"async\" width=\"300\" height=\"210\" src=\"https:\/\/rutesentrerefugis.com\/wp-content\/uploads\/2022\/12\/Volta-al-Cadi-Moixero-NW-300x210.jpg\" class=\"attachment-medium size-medium wp-image-5220\" alt=\"\" srcset=\"https:\/\/rutesentrerefugis.com\/wp-content\/uploads\/2022\/12\/Volta-al-Cadi-Moixero-NW-300x210.jpg 300w, https:\/\/rutesentrerefugis.com\/wp-content\/uploads\/2022\/12\/Volta-al-Cadi-Moixero-NW.jpg 400w\" sizes=\"(max-width: 300px) 100vw, 300px\" \/><\/div>\n\t\t<\/a>\n\t\t\t\t<div class=\"elementor-post__text\">\n\t\t\t\t<h3 class=\"elementor-post__title\">\n\t\t\t<a href=\"https:\/\/rutesentrerefugis.com\/index.php\/2018\/05\/08\/volta-cadi-moixero-en-btt\/\" >\n\t\t\t\tVOLTA CAD\u00cd-MOIXER\u00d3 EN BTT\t\t\t<\/a>\n\t\t<\/h3>\n\t\t\t\t<div class=\"elementor-post__meta-data\">\n\t\t\t\t\t<span class=\"elementor-post-date\">\n\t\t\t08\/05\/2018\t\t<\/span>\n\t\t\t\t<\/div>\n\t\t\t\t<\/div>\n\t\t\t\t<\/article>\n\t\t\t\t<article class=\"elementor-post elementor-grid-item post-6008 post type-post status-publish format-standard has-post-thumbnail hentry category-btt-ca category-cadi-moixero-ca tag-alt-urgell-ca tag-bergueda-es-ca tag-gosol-ca tag-la-coma-i-la-pedra-es-ca tag-parc-natural-del-cadi-moixero-ca tag-pedales-del-mundo-es-ca tag-pedals-del-pedraforca-es-ca tag-port-del-comte-es-ca tag-solsones-ca tag-tuixent-ca\" role=\"listitem\">\n\t\t\t\t<a class=\"elementor-post__thumbnail__link\" href=\"https:\/\/rutesentrerefugis.com\/index.php\/2018\/05\/06\/pedals-del-pedraforca\/\" tabindex=\"-1\" >\n\t\t\t<div class=\"elementor-post__thumbnail\"><img loading=\"lazy\" decoding=\"async\" width=\"300\" height=\"210\" src=\"https:\/\/rutesentrerefugis.com\/wp-content\/uploads\/2023\/01\/Pedals-del-Pedraforca-NW-300x210.jpg\" class=\"attachment-medium size-medium wp-image-6009\" alt=\"\" srcset=\"https:\/\/rutesentrerefugis.com\/wp-content\/uploads\/2023\/01\/Pedals-del-Pedraforca-NW-300x210.jpg 300w, https:\/\/rutesentrerefugis.com\/wp-content\/uploads\/2023\/01\/Pedals-del-Pedraforca-NW.jpg 400w\" sizes=\"(max-width: 300px) 100vw, 300px\" \/><\/div>\n\t\t<\/a>\n\t\t\t\t<div class=\"elementor-post__text\">\n\t\t\t\t<h3 class=\"elementor-post__title\">\n\t\t\t<a href=\"https:\/\/rutesentrerefugis.com\/index.php\/2018\/05\/06\/pedals-del-pedraforca\/\" >\n\t\t\t\tPEDALS DEL PEDRAFORCA\t\t\t<\/a>\n\t\t<\/h3>\n\t\t\t\t<div class=\"elementor-post__meta-data\">\n\t\t\t\t\t<span class=\"elementor-post-date\">\n\t\t\t06\/05\/2018\t\t<\/span>\n\t\t\t\t<\/div>\n\t\t\t\t<\/div>\n\t\t\t\t<\/article>\n\t\t\t\t<article class=\"elementor-post elementor-grid-item post-7364 post type-post status-publish format-standard has-post-thumbnail hentry category-btt-ca category-cadi-moixero-ca tag-alt-urgell-ca tag-arseguel-es-ca tag-baga-es-ca tag-bellver-de-cerdanya-es-ca tag-bergueda-es-ca tag-cavalls-del-vent-ca tag-cavalls-del-vent-mtb-es-ca tag-cerdanya-ca tag-la-seu-durgell-ca tag-montella-es-ca tag-parc-natural-del-cadi-moixero-ca tag-refugi-cortals-de-lingla-ca tag-refugi-de-gresolet-es-ca tag-refugi-del-rebost-ca tag-refugi-lluis-estasen-es-ca tag-refugi-niu-de-laliga-ca tag-refugi-prat-daguilo-ca tag-refugi-sant-jordi-ca tag-refugi-serrat-de-les-esposes-ca tag-tuixent-ca\" role=\"listitem\">\n\t\t\t\t<a class=\"elementor-post__thumbnail__link\" href=\"https:\/\/rutesentrerefugis.com\/index.php\/2018\/05\/05\/cavalls-del-vent-mtb\/\" tabindex=\"-1\" >\n\t\t\t<div class=\"elementor-post__thumbnail\"><img loading=\"lazy\" decoding=\"async\" width=\"300\" height=\"210\" src=\"https:\/\/rutesentrerefugis.com\/wp-content\/uploads\/2023\/02\/Cavalls-del-Vent-300x210.jpg\" class=\"attachment-medium size-medium wp-image-7365\" alt=\"\" srcset=\"https:\/\/rutesentrerefugis.com\/wp-content\/uploads\/2023\/02\/Cavalls-del-Vent-300x210.jpg 300w, https:\/\/rutesentrerefugis.com\/wp-content\/uploads\/2023\/02\/Cavalls-del-Vent.jpg 400w\" sizes=\"(max-width: 300px) 100vw, 300px\" \/><\/div>\n\t\t<\/a>\n\t\t\t\t<div class=\"elementor-post__text\">\n\t\t\t\t<h3 class=\"elementor-post__title\">\n\t\t\t<a href=\"https:\/\/rutesentrerefugis.com\/index.php\/2018\/05\/05\/cavalls-del-vent-mtb\/\" >\n\t\t\t\tCAVALLS DEL VENT MTB\t\t\t<\/a>\n\t\t<\/h3>\n\t\t\t\t<div class=\"elementor-post__meta-data\">\n\t\t\t\t\t<span class=\"elementor-post-date\">\n\t\t\t05\/05\/2018\t\t<\/span>\n\t\t\t\t<\/div>\n\t\t\t\t<\/div>\n\t\t\t\t<\/article>\n\t\t\t\t<article class=\"elementor-post elementor-grid-item post-13900 post type-post status-publish format-standard has-post-thumbnail hentry category-a-peu-ca category-cadi-moixero-ca tag-alt-urgell-ca tag-bergueda-es-ca tag-cavalls-del-vent-ca tag-cavalls-del-vent-half tag-cavalls-del-vent-open tag-cavalls-del-vent-tast tag-cerdanya-ca tag-comabona tag-la-tossa tag-moixero tag-parc-natural-del-cadi-moixero-ca tag-pedraforca tag-pedro-dels-quatre-balles tag-penyes-altes-de-moixero tag-puigllancada tag-refugi-cortals-de-lingla-ca tag-refugi-de-gresolet-es-ca tag-refugi-del-niu-de-laliga tag-refugi-del-rebost-ca tag-refugi-lluis-estasen-es-ca tag-refugi-prat-daguilo-ca tag-refugi-sant-jordi-ca tag-refugi-serrat-de-les-esposes-ca tag-serra-del-cadi tag-tossa-dalp tag-ultra-pirineu\" role=\"listitem\">\n\t\t\t\t<a class=\"elementor-post__thumbnail__link\" href=\"https:\/\/rutesentrerefugis.com\/index.php\/2018\/04\/24\/cavalls-del-vent\/\" tabindex=\"-1\" >\n\t\t\t<div class=\"elementor-post__thumbnail\"><img loading=\"lazy\" decoding=\"async\" width=\"300\" height=\"210\" src=\"https:\/\/rutesentrerefugis.com\/wp-content\/uploads\/2023\/03\/Cavalls-del-Vent-300x210.jpg\" class=\"attachment-medium size-medium wp-image-13802\" alt=\"\" srcset=\"https:\/\/rutesentrerefugis.com\/wp-content\/uploads\/2023\/03\/Cavalls-del-Vent-300x210.jpg 300w, https:\/\/rutesentrerefugis.com\/wp-content\/uploads\/2023\/03\/Cavalls-del-Vent.jpg 400w\" sizes=\"(max-width: 300px) 100vw, 300px\" \/><\/div>\n\t\t<\/a>\n\t\t\t\t<div class=\"elementor-post__text\">\n\t\t\t\t<h3 class=\"elementor-post__title\">\n\t\t\t<a href=\"https:\/\/rutesentrerefugis.com\/index.php\/2018\/04\/24\/cavalls-del-vent\/\" >\n\t\t\t\tCAVALLS DEL VENT\t\t\t<\/a>\n\t\t<\/h3>\n\t\t\t\t<div class=\"elementor-post__meta-data\">\n\t\t\t\t\t<span class=\"elementor-post-date\">\n\t\t\t24\/04\/2018\t\t<\/span>\n\t\t\t\t<\/div>\n\t\t\t\t<\/div>\n\t\t\t\t<\/article>\n\t\t\t\t<\/div>\n\t\t\n\t\t\t\t\t\t<\/div>\n\t\t\t\t<\/div>\n\t\t\t\t\t<\/div>\n\t\t<\/div>\n\t\t\t\t\t<\/div>\n\t\t<\/section>\n\t\t\t\t<section class=\"elementor-section elementor-top-section elementor-element elementor-element-f70dd08 elementor-section-full_width elementor-section-height-default elementor-section-height-default\" data-id=\"f70dd08\" data-element_type=\"section\" data-e-type=\"section\">\n\t\t\t\t\t\t<div class=\"elementor-container elementor-column-gap-default\">\n\t\t\t\t\t<div class=\"elementor-column elementor-col-100 elementor-top-column elementor-element elementor-element-c60ed00\" data-id=\"c60ed00\" data-element_type=\"column\" data-e-type=\"column\">\n\t\t\t<div class=\"elementor-widget-wrap elementor-element-populated\">\n\t\t\t\t\t\t<div class=\"elementor-element elementor-element-423b868 elementor-widget-divider--view-line elementor-widget elementor-widget-divider\" data-id=\"423b868\" data-element_type=\"widget\" data-e-type=\"widget\" data-widget_type=\"divider.default\">\n\t\t\t\t<div class=\"elementor-widget-container\">\n\t\t\t\t\t\t\t<div class=\"elementor-divider\">\n\t\t\t<span class=\"elementor-divider-separator\">\n\t\t\t\t\t\t<\/span>\n\t\t<\/div>\n\t\t\t\t\t\t<\/div>\n\t\t\t\t<\/div>\n\t\t\t\t\t<\/div>\n\t\t<\/div>\n\t\t\t\t\t<\/div>\n\t\t<\/section>\n\t\t\t\t<section class=\"elementor-section elementor-top-section elementor-element elementor-element-2c2479f elementor-section-full_width elementor-section-height-default elementor-section-height-default\" data-id=\"2c2479f\" data-element_type=\"section\" data-e-type=\"section\">\n\t\t\t\t\t\t<div class=\"elementor-container elementor-column-gap-default\">\n\t\t\t\t\t<div class=\"elementor-column elementor-col-100 elementor-top-column elementor-element elementor-element-d44d022\" data-id=\"d44d022\" data-element_type=\"column\" data-e-type=\"column\">\n\t\t\t<div class=\"elementor-widget-wrap elementor-element-populated\">\n\t\t\t\t\t\t<div class=\"elementor-element elementor-element-c5a9ac3 elementor-widget elementor-widget-spacer\" data-id=\"c5a9ac3\" data-element_type=\"widget\" data-e-type=\"widget\" data-widget_type=\"spacer.default\">\n\t\t\t\t<div class=\"elementor-widget-container\">\n\t\t\t\t\t\t\t<div class=\"elementor-spacer\">\n\t\t\t<div class=\"elementor-spacer-inner\"><\/div>\n\t\t<\/div>\n\t\t\t\t\t\t<\/div>\n\t\t\t\t<\/div>\n\t\t\t\t\t<\/div>\n\t\t<\/div>\n\t\t\t\t\t<\/div>\n\t\t<\/section>\n\t\t\t\t<\/div>\n\t\t","protected":false},"excerpt":{"rendered":"<p>\u00b7 TRINXAT BTT \u00b7 UBICACI\u00d3 P.N. del Cad\u00ed-Moixer\u00f3P.N. de l&#8217;Alt PirineuAndorra COMARQUES Alt UrgellCerdanyaPallars Sobir\u00e0 WEB &#8211; XARXES SOCIALS www.cadibike\/trinxatbtt.com RUTA CL\u00c0SSICA 5 ETAPES 298<\/p>\n","protected":false},"author":2,"featured_media":5245,"comment_status":"open","ping_status":"open","sticky":false,"template":"elementor_header_footer","format":"standard","meta":{"_monsterinsights_skip_tracking":false,"_monsterinsights_sitenote_active":false,"_monsterinsights_sitenote_note":"","_monsterinsights_sitenote_category":0,"footnotes":""},"categories":[7498,775],"tags":[9504,7246,9506,8746,7510,5186,8414,9508,7334,7512,7260,7264,7518,7336,7338],"class_list":["post-5244","post","type-post","status-publish","format-standard","has-post-thumbnail","hentry","category-btt-ca","category-cadi-moixero-ca","tag-alas-ca","tag-alt-urgell-ca","tag-baga-es-ca","tag-baixa-cerdanya-es-ca","tag-bellver-de-cerdanya-es-ca","tag-bergueda-es-ca","tag-cornellana-ca","tag-frontera-park-ca","tag-la-seu-durgell-ca","tag-lles-de-cerdanya-ca","tag-parc-natural-de-lalt-pirineu-ca","tag-parc-natural-del-cadi-moixero-ca","tag-puigcerda-ca","tag-refugi-de-la-basseta-es-ca","tag-sant-joan-de-lerm-ca"],"yoast_head":"<!-- This site is optimized with the Yoast SEO plugin v27.5 - https:\/\/yoast.com\/product\/yoast-seo-wordpress\/ -->\n<title>TRINXAT BTT - Rutes Entre Refugis<\/title>\n<meta name=\"robots\" content=\"index, follow, max-snippet:-1, max-image-preview:large, max-video-preview:-1\" \/>\n<link rel=\"canonical\" href=\"https:\/\/rutesentrerefugis.com\/index.php\/2018\/05\/08\/trinxat-btt\/\" \/>\n<meta property=\"og:locale\" content=\"es_ES\" \/>\n<meta property=\"og:type\" content=\"article\" \/>\n<meta property=\"og:title\" content=\"TRINXAT BTT - Rutes Entre Refugis\" \/>\n<meta property=\"og:description\" content=\"\u00b7 TRINXAT BTT \u00b7 UBICACI\u00d3 P.N. del Cad\u00ed-Moixer\u00f3P.N. de l&#8217;Alt PirineuAndorra COMARQUES Alt UrgellCerdanyaPallars Sobir\u00e0 WEB &#8211; XARXES SOCIALS www.cadibike\/trinxatbtt.com RUTA CL\u00c0SSICA 5 ETAPES 298\" \/>\n<meta property=\"og:url\" content=\"https:\/\/rutesentrerefugis.com\/index.php\/2018\/05\/08\/trinxat-btt\/\" \/>\n<meta property=\"og:site_name\" content=\"Rutes Entre Refugis\" \/>\n<meta property=\"article:published_time\" content=\"2018-05-08T10:51:00+00:00\" \/>\n<meta property=\"article:modified_time\" content=\"2024-07-20T10:36:30+00:00\" \/>\n<meta property=\"og:image\" content=\"https:\/\/rutesentrerefugis.com\/wp-content\/uploads\/2022\/12\/Trinxat-BTT-NW.jpg\" \/>\n\t<meta property=\"og:image:width\" content=\"400\" \/>\n\t<meta property=\"og:image:height\" content=\"280\" \/>\n\t<meta property=\"og:image:type\" content=\"image\/jpeg\" \/>\n<meta name=\"author\" content=\"Rutes Entre Refugis\" \/>\n<meta name=\"twitter:card\" content=\"summary_large_image\" \/>\n<meta name=\"twitter:label1\" content=\"Escrito por\" \/>\n\t<meta name=\"twitter:data1\" content=\"Rutes Entre Refugis\" \/>\n\t<meta name=\"twitter:label2\" content=\"Tiempo de lectura\" \/>\n\t<meta name=\"twitter:data2\" content=\"7 minutos\" \/>\n<script type=\"application\/ld+json\" class=\"yoast-schema-graph\">{\"@context\":\"https:\\\/\\\/schema.org\",\"@graph\":[{\"@type\":\"Article\",\"@id\":\"https:\\\/\\\/rutesentrerefugis.com\\\/index.php\\\/2018\\\/05\\\/08\\\/trinxat-btt\\\/#article\",\"isPartOf\":{\"@id\":\"https:\\\/\\\/rutesentrerefugis.com\\\/index.php\\\/2018\\\/05\\\/08\\\/trinxat-btt\\\/\"},\"author\":{\"name\":\"Rutes Entre Refugis\",\"@id\":\"https:\\\/\\\/rutesentrerefugis.com\\\/#\\\/schema\\\/person\\\/6e6f59c84210840610f19bafce39adc2\"},\"headline\":\"TRINXAT BTT\",\"datePublished\":\"2018-05-08T10:51:00+00:00\",\"dateModified\":\"2024-07-20T10:36:30+00:00\",\"mainEntityOfPage\":{\"@id\":\"https:\\\/\\\/rutesentrerefugis.com\\\/index.php\\\/2018\\\/05\\\/08\\\/trinxat-btt\\\/\"},\"wordCount\":234,\"commentCount\":0,\"publisher\":{\"@id\":\"https:\\\/\\\/rutesentrerefugis.com\\\/#organization\"},\"image\":{\"@id\":\"https:\\\/\\\/rutesentrerefugis.com\\\/index.php\\\/2018\\\/05\\\/08\\\/trinxat-btt\\\/#primaryimage\"},\"thumbnailUrl\":\"https:\\\/\\\/rutesentrerefugis.com\\\/wp-content\\\/uploads\\\/2022\\\/12\\\/Trinxat-BTT-NW.jpg\",\"keywords\":[\"Al\u00e0s\",\"Alt Urgell\",\"Bag\u00e0\",\"Baixa Cerdanya\",\"Bellver de Cerdanya\",\"Bergueda\",\"Cornellana\",\"Frontera Park\",\"La Seu d\u2019Urgell\",\"Lles de Cerdanya\",\"Parc Natural de l\u2019Alt Pirineu\",\"Parc Natural del Cad\u00ed-Moixer\u00f3\",\"Puigcerd\u00e0\",\"Refugi de la Basseta\",\"Sant Joan de l&#039;Erm\"],\"articleSection\":[\"BTT\",\"Z-Cadi-Moixero\"],\"inLanguage\":\"es\",\"potentialAction\":[{\"@type\":\"CommentAction\",\"name\":\"Comment\",\"target\":[\"https:\\\/\\\/rutesentrerefugis.com\\\/index.php\\\/2018\\\/05\\\/08\\\/trinxat-btt\\\/#respond\"]}]},{\"@type\":\"WebPage\",\"@id\":\"https:\\\/\\\/rutesentrerefugis.com\\\/index.php\\\/2018\\\/05\\\/08\\\/trinxat-btt\\\/\",\"url\":\"https:\\\/\\\/rutesentrerefugis.com\\\/index.php\\\/2018\\\/05\\\/08\\\/trinxat-btt\\\/\",\"name\":\"TRINXAT BTT - Rutes Entre Refugis\",\"isPartOf\":{\"@id\":\"https:\\\/\\\/rutesentrerefugis.com\\\/#website\"},\"primaryImageOfPage\":{\"@id\":\"https:\\\/\\\/rutesentrerefugis.com\\\/index.php\\\/2018\\\/05\\\/08\\\/trinxat-btt\\\/#primaryimage\"},\"image\":{\"@id\":\"https:\\\/\\\/rutesentrerefugis.com\\\/index.php\\\/2018\\\/05\\\/08\\\/trinxat-btt\\\/#primaryimage\"},\"thumbnailUrl\":\"https:\\\/\\\/rutesentrerefugis.com\\\/wp-content\\\/uploads\\\/2022\\\/12\\\/Trinxat-BTT-NW.jpg\",\"datePublished\":\"2018-05-08T10:51:00+00:00\",\"dateModified\":\"2024-07-20T10:36:30+00:00\",\"breadcrumb\":{\"@id\":\"https:\\\/\\\/rutesentrerefugis.com\\\/index.php\\\/2018\\\/05\\\/08\\\/trinxat-btt\\\/#breadcrumb\"},\"inLanguage\":\"es\",\"potentialAction\":[{\"@type\":\"ReadAction\",\"target\":[\"https:\\\/\\\/rutesentrerefugis.com\\\/index.php\\\/2018\\\/05\\\/08\\\/trinxat-btt\\\/\"]}]},{\"@type\":\"ImageObject\",\"inLanguage\":\"es\",\"@id\":\"https:\\\/\\\/rutesentrerefugis.com\\\/index.php\\\/2018\\\/05\\\/08\\\/trinxat-btt\\\/#primaryimage\",\"url\":\"https:\\\/\\\/rutesentrerefugis.com\\\/wp-content\\\/uploads\\\/2022\\\/12\\\/Trinxat-BTT-NW.jpg\",\"contentUrl\":\"https:\\\/\\\/rutesentrerefugis.com\\\/wp-content\\\/uploads\\\/2022\\\/12\\\/Trinxat-BTT-NW.jpg\",\"width\":400,\"height\":280},{\"@type\":\"BreadcrumbList\",\"@id\":\"https:\\\/\\\/rutesentrerefugis.com\\\/index.php\\\/2018\\\/05\\\/08\\\/trinxat-btt\\\/#breadcrumb\",\"itemListElement\":[{\"@type\":\"ListItem\",\"position\":1,\"name\":\"Inici\",\"item\":\"https:\\\/\\\/rutesentrerefugis.com\\\/\"},{\"@type\":\"ListItem\",\"position\":2,\"name\":\"TRINXAT BTT\"}]},{\"@type\":\"WebSite\",\"@id\":\"https:\\\/\\\/rutesentrerefugis.com\\\/#website\",\"url\":\"https:\\\/\\\/rutesentrerefugis.com\\\/\",\"name\":\"Rutes Entre Refugis\",\"description\":\"Caminant sota un nom\",\"publisher\":{\"@id\":\"https:\\\/\\\/rutesentrerefugis.com\\\/#organization\"},\"potentialAction\":[{\"@type\":\"SearchAction\",\"target\":{\"@type\":\"EntryPoint\",\"urlTemplate\":\"https:\\\/\\\/rutesentrerefugis.com\\\/?s={search_term_string}\"},\"query-input\":{\"@type\":\"PropertyValueSpecification\",\"valueRequired\":true,\"valueName\":\"search_term_string\"}}],\"inLanguage\":\"es\"},{\"@type\":\"Organization\",\"@id\":\"https:\\\/\\\/rutesentrerefugis.com\\\/#organization\",\"name\":\"Rutes Entre Refugis\",\"url\":\"https:\\\/\\\/rutesentrerefugis.com\\\/\",\"logo\":{\"@type\":\"ImageObject\",\"inLanguage\":\"es\",\"@id\":\"https:\\\/\\\/rutesentrerefugis.com\\\/#\\\/schema\\\/logo\\\/image\\\/\",\"url\":\"https:\\\/\\\/rutesentrerefugis.com\\\/wp-content\\\/uploads\\\/2022\\\/08\\\/RutesEntreRefugis-Blanc-Retina-1.png\",\"contentUrl\":\"https:\\\/\\\/rutesentrerefugis.com\\\/wp-content\\\/uploads\\\/2022\\\/08\\\/RutesEntreRefugis-Blanc-Retina-1.png\",\"width\":400,\"height\":400,\"caption\":\"Rutes Entre Refugis\"},\"image\":{\"@id\":\"https:\\\/\\\/rutesentrerefugis.com\\\/#\\\/schema\\\/logo\\\/image\\\/\"}},{\"@type\":\"Person\",\"@id\":\"https:\\\/\\\/rutesentrerefugis.com\\\/#\\\/schema\\\/person\\\/6e6f59c84210840610f19bafce39adc2\",\"name\":\"Rutes Entre Refugis\",\"image\":{\"@type\":\"ImageObject\",\"inLanguage\":\"es\",\"@id\":\"https:\\\/\\\/rutesentrerefugis.com\\\/wp-content\\\/uploads\\\/2023\\\/05\\\/avatar_user_2_1683354561-96x96.jpg\",\"url\":\"https:\\\/\\\/rutesentrerefugis.com\\\/wp-content\\\/uploads\\\/2023\\\/05\\\/avatar_user_2_1683354561-96x96.jpg\",\"contentUrl\":\"https:\\\/\\\/rutesentrerefugis.com\\\/wp-content\\\/uploads\\\/2023\\\/05\\\/avatar_user_2_1683354561-96x96.jpg\",\"caption\":\"Rutes Entre Refugis\"},\"url\":\"https:\\\/\\\/rutesentrerefugis.com\\\/index.php\\\/author\\\/entre-refugis\\\/\"}]}<\/script>\n<!-- \/ Yoast SEO plugin. -->","yoast_head_json":{"title":"TRINXAT BTT - Rutes Entre Refugis","robots":{"index":"index","follow":"follow","max-snippet":"max-snippet:-1","max-image-preview":"max-image-preview:large","max-video-preview":"max-video-preview:-1"},"canonical":"https:\/\/rutesentrerefugis.com\/index.php\/2018\/05\/08\/trinxat-btt\/","og_locale":"es_ES","og_type":"article","og_title":"TRINXAT BTT - Rutes Entre Refugis","og_description":"\u00b7 TRINXAT BTT \u00b7 UBICACI\u00d3 P.N. del Cad\u00ed-Moixer\u00f3P.N. de l&#8217;Alt PirineuAndorra COMARQUES Alt UrgellCerdanyaPallars Sobir\u00e0 WEB &#8211; XARXES SOCIALS www.cadibike\/trinxatbtt.com RUTA CL\u00c0SSICA 5 ETAPES 298","og_url":"https:\/\/rutesentrerefugis.com\/index.php\/2018\/05\/08\/trinxat-btt\/","og_site_name":"Rutes Entre Refugis","article_published_time":"2018-05-08T10:51:00+00:00","article_modified_time":"2024-07-20T10:36:30+00:00","og_image":[{"width":400,"height":280,"url":"https:\/\/rutesentrerefugis.com\/wp-content\/uploads\/2022\/12\/Trinxat-BTT-NW.jpg","type":"image\/jpeg"}],"author":"Rutes Entre Refugis","twitter_card":"summary_large_image","twitter_misc":{"Escrito por":"Rutes Entre Refugis","Tiempo de lectura":"7 minutos"},"schema":{"@context":"https:\/\/schema.org","@graph":[{"@type":"Article","@id":"https:\/\/rutesentrerefugis.com\/index.php\/2018\/05\/08\/trinxat-btt\/#article","isPartOf":{"@id":"https:\/\/rutesentrerefugis.com\/index.php\/2018\/05\/08\/trinxat-btt\/"},"author":{"name":"Rutes Entre Refugis","@id":"https:\/\/rutesentrerefugis.com\/#\/schema\/person\/6e6f59c84210840610f19bafce39adc2"},"headline":"TRINXAT BTT","datePublished":"2018-05-08T10:51:00+00:00","dateModified":"2024-07-20T10:36:30+00:00","mainEntityOfPage":{"@id":"https:\/\/rutesentrerefugis.com\/index.php\/2018\/05\/08\/trinxat-btt\/"},"wordCount":234,"commentCount":0,"publisher":{"@id":"https:\/\/rutesentrerefugis.com\/#organization"},"image":{"@id":"https:\/\/rutesentrerefugis.com\/index.php\/2018\/05\/08\/trinxat-btt\/#primaryimage"},"thumbnailUrl":"https:\/\/rutesentrerefugis.com\/wp-content\/uploads\/2022\/12\/Trinxat-BTT-NW.jpg","keywords":["Al\u00e0s","Alt Urgell","Bag\u00e0","Baixa Cerdanya","Bellver de Cerdanya","Bergueda","Cornellana","Frontera Park","La Seu d\u2019Urgell","Lles de Cerdanya","Parc Natural de l\u2019Alt Pirineu","Parc Natural del Cad\u00ed-Moixer\u00f3","Puigcerd\u00e0","Refugi de la Basseta","Sant Joan de l&#039;Erm"],"articleSection":["BTT","Z-Cadi-Moixero"],"inLanguage":"es","potentialAction":[{"@type":"CommentAction","name":"Comment","target":["https:\/\/rutesentrerefugis.com\/index.php\/2018\/05\/08\/trinxat-btt\/#respond"]}]},{"@type":"WebPage","@id":"https:\/\/rutesentrerefugis.com\/index.php\/2018\/05\/08\/trinxat-btt\/","url":"https:\/\/rutesentrerefugis.com\/index.php\/2018\/05\/08\/trinxat-btt\/","name":"TRINXAT BTT - Rutes Entre Refugis","isPartOf":{"@id":"https:\/\/rutesentrerefugis.com\/#website"},"primaryImageOfPage":{"@id":"https:\/\/rutesentrerefugis.com\/index.php\/2018\/05\/08\/trinxat-btt\/#primaryimage"},"image":{"@id":"https:\/\/rutesentrerefugis.com\/index.php\/2018\/05\/08\/trinxat-btt\/#primaryimage"},"thumbnailUrl":"https:\/\/rutesentrerefugis.com\/wp-content\/uploads\/2022\/12\/Trinxat-BTT-NW.jpg","datePublished":"2018-05-08T10:51:00+00:00","dateModified":"2024-07-20T10:36:30+00:00","breadcrumb":{"@id":"https:\/\/rutesentrerefugis.com\/index.php\/2018\/05\/08\/trinxat-btt\/#breadcrumb"},"inLanguage":"es","potentialAction":[{"@type":"ReadAction","target":["https:\/\/rutesentrerefugis.com\/index.php\/2018\/05\/08\/trinxat-btt\/"]}]},{"@type":"ImageObject","inLanguage":"es","@id":"https:\/\/rutesentrerefugis.com\/index.php\/2018\/05\/08\/trinxat-btt\/#primaryimage","url":"https:\/\/rutesentrerefugis.com\/wp-content\/uploads\/2022\/12\/Trinxat-BTT-NW.jpg","contentUrl":"https:\/\/rutesentrerefugis.com\/wp-content\/uploads\/2022\/12\/Trinxat-BTT-NW.jpg","width":400,"height":280},{"@type":"BreadcrumbList","@id":"https:\/\/rutesentrerefugis.com\/index.php\/2018\/05\/08\/trinxat-btt\/#breadcrumb","itemListElement":[{"@type":"ListItem","position":1,"name":"Inici","item":"https:\/\/rutesentrerefugis.com\/"},{"@type":"ListItem","position":2,"name":"TRINXAT BTT"}]},{"@type":"WebSite","@id":"https:\/\/rutesentrerefugis.com\/#website","url":"https:\/\/rutesentrerefugis.com\/","name":"Rutes Entre Refugis","description":"Caminant sota un nom","publisher":{"@id":"https:\/\/rutesentrerefugis.com\/#organization"},"potentialAction":[{"@type":"SearchAction","target":{"@type":"EntryPoint","urlTemplate":"https:\/\/rutesentrerefugis.com\/?s={search_term_string}"},"query-input":{"@type":"PropertyValueSpecification","valueRequired":true,"valueName":"search_term_string"}}],"inLanguage":"es"},{"@type":"Organization","@id":"https:\/\/rutesentrerefugis.com\/#organization","name":"Rutes Entre Refugis","url":"https:\/\/rutesentrerefugis.com\/","logo":{"@type":"ImageObject","inLanguage":"es","@id":"https:\/\/rutesentrerefugis.com\/#\/schema\/logo\/image\/","url":"https:\/\/rutesentrerefugis.com\/wp-content\/uploads\/2022\/08\/RutesEntreRefugis-Blanc-Retina-1.png","contentUrl":"https:\/\/rutesentrerefugis.com\/wp-content\/uploads\/2022\/08\/RutesEntreRefugis-Blanc-Retina-1.png","width":400,"height":400,"caption":"Rutes Entre Refugis"},"image":{"@id":"https:\/\/rutesentrerefugis.com\/#\/schema\/logo\/image\/"}},{"@type":"Person","@id":"https:\/\/rutesentrerefugis.com\/#\/schema\/person\/6e6f59c84210840610f19bafce39adc2","name":"Rutes Entre Refugis","image":{"@type":"ImageObject","inLanguage":"es","@id":"https:\/\/rutesentrerefugis.com\/wp-content\/uploads\/2023\/05\/avatar_user_2_1683354561-96x96.jpg","url":"https:\/\/rutesentrerefugis.com\/wp-content\/uploads\/2023\/05\/avatar_user_2_1683354561-96x96.jpg","contentUrl":"https:\/\/rutesentrerefugis.com\/wp-content\/uploads\/2023\/05\/avatar_user_2_1683354561-96x96.jpg","caption":"Rutes Entre Refugis"},"url":"https:\/\/rutesentrerefugis.com\/index.php\/author\/entre-refugis\/"}]}},"_links":{"self":[{"href":"https:\/\/rutesentrerefugis.com\/index.php\/wp-json\/wp\/v2\/posts\/5244","targetHints":{"allow":["GET"]}}],"collection":[{"href":"https:\/\/rutesentrerefugis.com\/index.php\/wp-json\/wp\/v2\/posts"}],"about":[{"href":"https:\/\/rutesentrerefugis.com\/index.php\/wp-json\/wp\/v2\/types\/post"}],"author":[{"embeddable":true,"href":"https:\/\/rutesentrerefugis.com\/index.php\/wp-json\/wp\/v2\/users\/2"}],"replies":[{"embeddable":true,"href":"https:\/\/rutesentrerefugis.com\/index.php\/wp-json\/wp\/v2\/comments?post=5244"}],"version-history":[{"count":19,"href":"https:\/\/rutesentrerefugis.com\/index.php\/wp-json\/wp\/v2\/posts\/5244\/revisions"}],"predecessor-version":[{"id":21783,"href":"https:\/\/rutesentrerefugis.com\/index.php\/wp-json\/wp\/v2\/posts\/5244\/revisions\/21783"}],"wp:featuredmedia":[{"embeddable":true,"href":"https:\/\/rutesentrerefugis.com\/index.php\/wp-json\/wp\/v2\/media\/5245"}],"wp:attachment":[{"href":"https:\/\/rutesentrerefugis.com\/index.php\/wp-json\/wp\/v2\/media?parent=5244"}],"wp:term":[{"taxonomy":"category","embeddable":true,"href":"https:\/\/rutesentrerefugis.com\/index.php\/wp-json\/wp\/v2\/categories?post=5244"},{"taxonomy":"post_tag","embeddable":true,"href":"https:\/\/rutesentrerefugis.com\/index.php\/wp-json\/wp\/v2\/tags?post=5244"}],"curies":[{"name":"wp","href":"https:\/\/api.w.org\/{rel}","templated":true}]}}