{"id":5713,"date":"2023-01-09T12:00:42","date_gmt":"2023-01-09T12:00:42","guid":{"rendered":"https:\/\/nova.rutesentrerefugis.com\/?p=5713"},"modified":"2025-08-29T09:22:03","modified_gmt":"2025-08-29T09:22:03","slug":"cami-de-cavalls-en-trail-running-es","status":"publish","type":"post","link":"https:\/\/rutesentrerefugis.com\/index.php\/es\/2023\/01\/09\/cami-de-cavalls-en-trail-running-es\/","title":{"rendered":"CAM\u00cd DE CAVALLS 360\u00ba EN TRAIL RUNNING"},"content":{"rendered":"\t\t<div data-elementor-type=\"wp-post\" data-elementor-id=\"5713\" class=\"elementor elementor-5713\" data-elementor-post-type=\"post\">\n\t\t\t\t\t\t<section class=\"elementor-section elementor-top-section elementor-element elementor-element-56de444 elementor-section-full_width elementor-section-height-default elementor-section-height-default\" data-id=\"56de444\" data-element_type=\"section\" data-e-type=\"section\" data-settings=\"{&quot;background_background&quot;:&quot;classic&quot;}\">\n\t\t\t\t\t\t<div class=\"elementor-container elementor-column-gap-default\">\n\t\t\t\t\t<div class=\"elementor-column elementor-col-100 elementor-top-column elementor-element elementor-element-97fcd65\" data-id=\"97fcd65\" data-element_type=\"column\" data-e-type=\"column\">\n\t\t\t<div class=\"elementor-widget-wrap elementor-element-populated\">\n\t\t\t\t\t\t<div class=\"elementor-element elementor-element-9fc429e elementor-widget elementor-widget-image\" data-id=\"9fc429e\" data-element_type=\"widget\" data-e-type=\"widget\" data-widget_type=\"image.default\">\n\t\t\t\t<div class=\"elementor-widget-container\">\n\t\t\t\t\t\t\t\t\t\t\t\t\t\t\t<img fetchpriority=\"high\" decoding=\"async\" width=\"2000\" height=\"450\" src=\"https:\/\/rutesentrerefugis.com\/wp-content\/uploads\/2022\/08\/Trail-Running-Cap.jpg\" class=\"attachment-full size-full wp-image-881\" alt=\"\" srcset=\"https:\/\/rutesentrerefugis.com\/wp-content\/uploads\/2022\/08\/Trail-Running-Cap.jpg 2000w, https:\/\/rutesentrerefugis.com\/wp-content\/uploads\/2022\/08\/Trail-Running-Cap-300x68.jpg 300w, https:\/\/rutesentrerefugis.com\/wp-content\/uploads\/2022\/08\/Trail-Running-Cap-1024x230.jpg 1024w, https:\/\/rutesentrerefugis.com\/wp-content\/uploads\/2022\/08\/Trail-Running-Cap-768x173.jpg 768w, https:\/\/rutesentrerefugis.com\/wp-content\/uploads\/2022\/08\/Trail-Running-Cap-1536x346.jpg 1536w\" sizes=\"(max-width: 2000px) 100vw, 2000px\" \/>\t\t\t\t\t\t\t\t\t\t\t\t\t\t\t<\/div>\n\t\t\t\t<\/div>\n\t\t\t\t\t<\/div>\n\t\t<\/div>\n\t\t\t\t\t<\/div>\n\t\t<\/section>\n\t\t\t\t<section class=\"elementor-section elementor-top-section elementor-element elementor-element-8fb9e08 elementor-section-full_width elementor-section-height-default elementor-section-height-default\" data-id=\"8fb9e08\" data-element_type=\"section\" data-e-type=\"section\" data-settings=\"{&quot;background_background&quot;:&quot;classic&quot;}\">\n\t\t\t\t\t\t<div class=\"elementor-container elementor-column-gap-default\">\n\t\t\t\t\t<div class=\"elementor-column elementor-col-100 elementor-top-column elementor-element elementor-element-26b1a68\" data-id=\"26b1a68\" data-element_type=\"column\" data-e-type=\"column\">\n\t\t\t<div class=\"elementor-widget-wrap elementor-element-populated\">\n\t\t\t\t\t\t<div class=\"elementor-element elementor-element-76dc064 elementor-widget elementor-widget-heading\" data-id=\"76dc064\" data-element_type=\"widget\" data-e-type=\"widget\" data-widget_type=\"heading.default\">\n\t\t\t\t<div class=\"elementor-widget-container\">\n\t\t\t\t\t<h1 class=\"elementor-heading-title elementor-size-default\">\u00b7 <font color=\"#000000\">CAM\u00cd DE CAVALLS 360\u00ba EN TRAIL RUNNING<\/font> \u00b7<\/h1>\t\t\t\t<\/div>\n\t\t\t\t<\/div>\n\t\t\t\t\t<\/div>\n\t\t<\/div>\n\t\t\t\t\t<\/div>\n\t\t<\/section>\n\t\t\t\t<section class=\"elementor-section elementor-top-section elementor-element elementor-element-6951ece elementor-section-full_width elementor-section-height-default elementor-section-height-default\" data-id=\"6951ece\" data-element_type=\"section\" data-e-type=\"section\" data-settings=\"{&quot;background_background&quot;:&quot;classic&quot;}\">\n\t\t\t\t\t\t<div class=\"elementor-container elementor-column-gap-default\">\n\t\t\t\t\t<div class=\"elementor-column elementor-col-100 elementor-top-column elementor-element elementor-element-d3e256c\" data-id=\"d3e256c\" data-element_type=\"column\" data-e-type=\"column\">\n\t\t\t<div class=\"elementor-widget-wrap elementor-element-populated\">\n\t\t\t\t\t\t<div class=\"elementor-element elementor-element-556ba83 elementor-widget-divider--view-line elementor-widget elementor-widget-divider\" data-id=\"556ba83\" data-element_type=\"widget\" data-e-type=\"widget\" data-widget_type=\"divider.default\">\n\t\t\t\t<div class=\"elementor-widget-container\">\n\t\t\t\t\t\t\t<div class=\"elementor-divider\">\n\t\t\t<span class=\"elementor-divider-separator\">\n\t\t\t\t\t\t<\/span>\n\t\t<\/div>\n\t\t\t\t\t\t<\/div>\n\t\t\t\t<\/div>\n\t\t\t\t\t<\/div>\n\t\t<\/div>\n\t\t\t\t\t<\/div>\n\t\t<\/section>\n\t\t\t\t<section class=\"elementor-section elementor-top-section elementor-element elementor-element-84829cf elementor-section-full_width elementor-section-height-default elementor-section-height-default\" data-id=\"84829cf\" data-element_type=\"section\" data-e-type=\"section\">\n\t\t\t\t\t\t<div class=\"elementor-container elementor-column-gap-default\">\n\t\t\t\t\t<div class=\"elementor-column elementor-col-100 elementor-top-column elementor-element elementor-element-57cae14\" data-id=\"57cae14\" data-element_type=\"column\" data-e-type=\"column\">\n\t\t\t<div class=\"elementor-widget-wrap elementor-element-populated\">\n\t\t\t\t\t\t<div class=\"elementor-element elementor-element-bb17a24 elementor-widget elementor-widget-spacer\" data-id=\"bb17a24\" data-element_type=\"widget\" data-e-type=\"widget\" data-widget_type=\"spacer.default\">\n\t\t\t\t<div class=\"elementor-widget-container\">\n\t\t\t\t\t\t\t<div class=\"elementor-spacer\">\n\t\t\t<div class=\"elementor-spacer-inner\"><\/div>\n\t\t<\/div>\n\t\t\t\t\t\t<\/div>\n\t\t\t\t<\/div>\n\t\t\t\t\t<\/div>\n\t\t<\/div>\n\t\t\t\t\t<\/div>\n\t\t<\/section>\n\t\t\t\t<section class=\"elementor-section elementor-top-section elementor-element elementor-element-2d893be elementor-section-full_width elementor-section-height-default elementor-section-height-default\" data-id=\"2d893be\" data-element_type=\"section\" data-e-type=\"section\">\n\t\t\t\t\t\t<div class=\"elementor-container elementor-column-gap-default\">\n\t\t\t\t\t<div class=\"elementor-column elementor-col-33 elementor-top-column elementor-element elementor-element-7341d12\" data-id=\"7341d12\" data-element_type=\"column\" data-e-type=\"column\">\n\t\t\t<div class=\"elementor-widget-wrap elementor-element-populated\">\n\t\t\t\t\t\t<div class=\"elementor-element elementor-element-24d0f00 elementor-widget elementor-widget-text-editor\" data-id=\"24d0f00\" data-element_type=\"widget\" data-e-type=\"widget\" data-widget_type=\"text-editor.default\">\n\t\t\t\t<div class=\"elementor-widget-container\">\n\t\t\t\t\t\t\t\t\t<h5><span style=\"color: #b40404;\"><b><u>UBICACI\u00d3N<\/u><\/b><\/span><\/h5><h6><span style=\"color: #666666;\"><span style=\"caret-color: #666666;\">Illa de Menorca<\/span><\/span><\/h6>\t\t\t\t\t\t\t\t<\/div>\n\t\t\t\t<\/div>\n\t\t\t\t<div class=\"elementor-element elementor-element-eb7cf05 elementor-widget elementor-widget-text-editor\" data-id=\"eb7cf05\" data-element_type=\"widget\" data-e-type=\"widget\" data-widget_type=\"text-editor.default\">\n\t\t\t\t<div class=\"elementor-widget-container\">\n\t\t\t\t\t\t\t\t\t<h5><span style=\"color: #b40404;\"><b><u>COMARCAS<\/u><\/b><\/span><\/h5><h6><span style=\"color: #666666;\"><span style=\"caret-color: #666666;\">Ciutadella<br \/>Ferreries<br \/>Es Migjorn Gran<br \/>Alaior<br \/>Ma\u00f3<br \/>Sant Llu\u00eds<br \/>Es Castell<br \/>Es Mercadal<\/span><\/span><\/h6>\t\t\t\t\t\t\t\t<\/div>\n\t\t\t\t<\/div>\n\t\t\t\t<div class=\"elementor-element elementor-element-ea55cbe elementor-widget elementor-widget-text-editor\" data-id=\"ea55cbe\" data-element_type=\"widget\" data-e-type=\"widget\" data-widget_type=\"text-editor.default\">\n\t\t\t\t<div class=\"elementor-widget-container\">\n\t\t\t\t\t\t\t\t\t<h5><span style=\"color: #b40404;\"><b><u>WEB &#8211; REDES SOCIALES<\/u><\/b><\/span><\/h5>\n<h6><span style=\"color: #666666;\"><a href=\"https:\/\/www.camidecavalls360.com\/ca\/\" target=\"_blank\" rel=\"noopener\"><span style=\"color: #666666;\">www.camidecavalls.com<\/span><\/a><\/span><\/h6>\n<a href=\"https:\/\/twitter.com\/camicavalls360\/\" target=\"_blank\" rel=\"noopener\"><img decoding=\"async\" src=\"http:\/\/rutesentrerefugis.com\/wp-content\/uploads\/2021\/01\/Twitter-50x50-NW.jpg\" width=\"50\" height=\"50\" \/><\/a> <a href=\"https:\/\/www.facebook.com\/camidecavalls360\/\" target=\"_blank\" rel=\"noopener\"><img decoding=\"async\" src=\"http:\/\/rutesentrerefugis.com\/wp-content\/uploads\/2021\/01\/Facebook-50x50-2.jpg\" width=\"50\" height=\"50\" \/><\/a> <a href=\"https:\/\/www.instagram.com\/camidecavalls360\/\" target=\"_blank\" rel=\"noopener\"><img loading=\"lazy\" decoding=\"async\" src=\"http:\/\/rutesentrerefugis.com\/wp-content\/uploads\/2023\/04\/Instagram-50x50-1.jpg\" width=\"50\" height=\"50\" \/><\/a> <a href=\"https:\/\/www.youtube.com\/user\/camidecavalls360\" target=\"_blank\" rel=\"noopener\"><img loading=\"lazy\" decoding=\"async\" src=\"http:\/\/rutesentrerefugis.com\/wp-content\/uploads\/2023\/04\/YouTube-50x50-1.jpg\" width=\"50\" height=\"50\" \/><\/a>\t\t\t\t\t\t\t\t<\/div>\n\t\t\t\t<\/div>\n\t\t\t\t<div class=\"elementor-element elementor-element-d079ae3 elementor-widget elementor-widget-text-editor\" data-id=\"d079ae3\" data-element_type=\"widget\" data-e-type=\"widget\" data-widget_type=\"text-editor.default\">\n\t\t\t\t<div class=\"elementor-widget-container\">\n\t\t\t\t\t\t\t\t\t<h5><span style=\"color: #b40404;\"><b><u>DONDE DORMIR<\/u><\/b><\/span><\/h5><h6><a href=\"http:\/\/www.ajmao.org\/\" target=\"_blank\" rel=\"noopener\"><span style=\"color: #666666;\">Ma\u00f3 (72 m)<\/span><\/a><br \/><span style=\"color: #666666;\">Fav\u00e0ritx (28 m)<\/span><br \/><span style=\"color: #666666;\">Ses Salines de Fornells (12 m)<\/span><br \/><span style=\"color: #666666;\">Es Alocs (1 m)<\/span><br \/><a href=\"https:\/\/www.calamorell.net\/es\/\" target=\"_blank\" rel=\"noopener\"><span style=\"color: #666666;\">Cala Morell (35 m)<\/span><\/a><br \/><a href=\"http:\/\/www.ajciutadella.org\/\" target=\"_blank\" rel=\"noopener\"><span style=\"color: #666666;\">Ciutadella (24 m)<\/span><\/a><br \/><span style=\"color: #666666;\">Cap d&#8217;Artrutx ( m)<\/span><br \/><a href=\"https:\/\/www.descobreixmenorca.com\/platges-de-menorca\/cala-galdana\/\" target=\"_blank\" rel=\"noopener\"><span style=\"color: #666666;\">Cala Galdana ( m)<\/span><\/a><br \/><span style=\"color: #666666;\">Son Bou ( m)<\/span><br \/><span style=\"color: #666666;\">Binb\u00e8quer (3 m)<\/span><\/h6>\t\t\t\t\t\t\t\t<\/div>\n\t\t\t\t<\/div>\n\t\t\t\t\t<\/div>\n\t\t<\/div>\n\t\t\t\t<div class=\"elementor-column elementor-col-33 elementor-top-column elementor-element elementor-element-b05ad06\" data-id=\"b05ad06\" data-element_type=\"column\" data-e-type=\"column\">\n\t\t\t<div class=\"elementor-widget-wrap elementor-element-populated\">\n\t\t\t\t\t\t<div class=\"elementor-element elementor-element-f7a318c elementor-widget elementor-widget-text-editor\" data-id=\"f7a318c\" data-element_type=\"widget\" data-e-type=\"widget\" data-widget_type=\"text-editor.default\">\n\t\t\t\t<div class=\"elementor-widget-container\">\n\t\t\t\t\t\t\t\t\t<h5><strong><span style=\"color: #000000;\"><u>RUTA CL\u00c1SICA<\/u><\/span><\/strong><\/h5><h6><strong><span style=\"color: #b40404;\"><u>4 ETAPAS<\/u><\/span><\/strong><\/h6><h6><span style=\"color: #000000;\">185 kms\u00a0<\/span><span style=\"color: #000000;\">| +2.680 m<\/span><\/h6><h6><span style=\"color: #666666;\"><span style=\"caret-color: #666666;\">Ma\u00f3 &#8211; Ses Salines<br \/>Ses Salines &#8211; Ciutadella<br \/>Ciutadella &#8211; Sant Tom\u00e0s<br \/>Sant Tom\u00e0s &#8211; Ma\u00f3<\/span><\/span><\/h6>\t\t\t\t\t\t\t\t<\/div>\n\t\t\t\t<\/div>\n\t\t\t\t<div class=\"elementor-element elementor-element-edaf3c8 elementor-widget elementor-widget-text-editor\" data-id=\"edaf3c8\" data-element_type=\"widget\" data-e-type=\"widget\" data-widget_type=\"text-editor.default\">\n\t\t\t\t<div class=\"elementor-widget-container\">\n\t\t\t\t\t\t\t\t\t<h6><strong><span style=\"color: #b40404;\"><u>5 ETAPAS<\/u><\/span><\/strong><\/h6><h6><span style=\"color: #000000;\">185 kms\u00a0<\/span><span style=\"color: #000000;\">| +2.680 m<\/span><\/h6><h6><span style=\"color: #666666;\"><span style=\"caret-color: #666666;\">Ma\u00f3 &#8211; Ses Salines<br \/>Ses Salines &#8211; Cala Morell<br \/>Cala Morell &#8211; Cap d&#8217;Artrutx<br \/>Cap d&#8217;Artrutx &#8211; Son Bou<br \/>Son Bou &#8211; Ma\u00f3<\/span><\/span><\/h6>\t\t\t\t\t\t\t\t<\/div>\n\t\t\t\t<\/div>\n\t\t\t\t<div class=\"elementor-element elementor-element-160ea43 elementor-widget elementor-widget-text-editor\" data-id=\"160ea43\" data-element_type=\"widget\" data-e-type=\"widget\" data-widget_type=\"text-editor.default\">\n\t\t\t\t<div class=\"elementor-widget-container\">\n\t\t\t\t\t\t\t\t\t<h6><strong><span style=\"color: #b40404;\"><u>6 ETAPAS<\/u><\/span><\/strong><\/h6><h6><span style=\"color: #000000;\">193 kms\u00a0<\/span><span style=\"color: #000000;\">| +2.863 m<\/span><\/h6><h6><span style=\"color: #666666;\"><span style=\"caret-color: #666666;\">Ma\u00f3 &#8211; Arenal d&#8217;en Castell<br \/>Arenal d&#8217;en Castell &#8211; Cam\u00ed des Alocs<br \/>Cam\u00ed des Alocs &#8211; Ciutadella<br \/>Ciutadella &#8211; Cala Galdana<br \/>Cala Galdana &#8211; Cala en Porter<br \/>Cala en Porter &#8211; Ma\u00f3<\/span><\/span><\/h6>\t\t\t\t\t\t\t\t<\/div>\n\t\t\t\t<\/div>\n\t\t\t\t<div class=\"elementor-element elementor-element-026ddd6 elementor-widget elementor-widget-text-editor\" data-id=\"026ddd6\" data-element_type=\"widget\" data-e-type=\"widget\" data-widget_type=\"text-editor.default\">\n\t\t\t\t<div class=\"elementor-widget-container\">\n\t\t\t\t\t\t\t\t\t<h6><strong><span style=\"color: #b40404;\"><u>8 ETAPAS<\/u><\/span><\/strong><\/h6><h6><span style=\"color: #000000;\">186 kms\u00a0<\/span><span style=\"color: #000000;\">| +2.680 m<\/span><\/h6><h6><span style=\"color: #666666;\"><span style=\"caret-color: #666666;\">Ma\u00f3 &#8211; Arenal d&#8217;en Castell<br \/>Arenal d&#8217;en Castell &#8211; Binimel\u00b7l\u00e0<br \/>Binimel\u00b7l\u00e0 &#8211; Cala Morell<br \/>Cala Morell &#8211; Ciutadella<br \/>Ciutadella &#8211; Cala Galdana<br \/>Cala Galdana &#8211; Son Bou<br \/>Son Bou &#8211; Binib\u00e8quer<br \/>Binib\u00e8quer &#8211; Ma\u00f3<\/span><\/span><\/h6>\t\t\t\t\t\t\t\t<\/div>\n\t\t\t\t<\/div>\n\t\t\t\t\t<\/div>\n\t\t<\/div>\n\t\t\t\t<div class=\"elementor-column elementor-col-33 elementor-top-column elementor-element elementor-element-81dab2b\" data-id=\"81dab2b\" data-element_type=\"column\" data-e-type=\"column\">\n\t\t\t<div class=\"elementor-widget-wrap elementor-element-populated\">\n\t\t\t\t\t\t<div class=\"elementor-element elementor-element-c6bf17a elementor-widget elementor-widget-text-editor\" data-id=\"c6bf17a\" data-element_type=\"widget\" data-e-type=\"widget\" data-widget_type=\"text-editor.default\">\n\t\t\t\t<div class=\"elementor-widget-container\">\n\t\t\t\t\t\t\t\t\t<h5><font color=\"#000000\"><b><u>RUTA CL\u00c1SICA<\/u><\/b><\/font><\/h5>\n<h6><strong><span style=\"color: #b40404;\"><u>7 ETAPAS<\/u><\/span><\/strong><\/h6>\n<h6><span style=\"color: #000000;\">188 kms\u00a0<\/span><span style=\"color: #000000;\">| +2.680 m<\/span><\/h6>\n<h6><span style=\"color: #666666;\"><span style=\"caret-color: #666666;\">Ma\u00f3 &#8211; Arenal d&#8217;en Castell<\/br>\nArenal d&#8217;en Castell &#8211; Binimel\u00b7l\u00e0<\/br>\nBinimel\u00b7l\u00e0 &#8211; Cala Morell<\/br>\nCala Morell &#8211; Ciutadella<\/br>\nCiutadella &#8211; Cala Galdana<\/br>\nCala Galdana &#8211; Cala en Porter<\/br>\nCala en Porter &#8211; Ma\u00f3<\/span><\/span><\/h6>\t\t\t\t\t\t\t\t<\/div>\n\t\t\t\t<\/div>\n\t\t\t\t<div class=\"elementor-element elementor-element-2c00003 elementor-widget elementor-widget-text-editor\" data-id=\"2c00003\" data-element_type=\"widget\" data-e-type=\"widget\" data-widget_type=\"text-editor.default\">\n\t\t\t\t<div class=\"elementor-widget-container\">\n\t\t\t\t\t\t\t\t\t<h5><span style=\"color: #b40404;\"><b><u>LUGARES DE PASO<\/u><\/b><\/span><\/h5><h6><span style=\"color: #666666;\">Ma\u00f3 &#8211; Sa Mesquida &#8211; Es Grau<br \/>Cala Tamarells &#8211; Cala Rambles<br \/>Cala Morella &#8211; Platja d&#8217;en Tortuga<br \/>Fav\u00e0ritx &#8211; Cala Calders &#8211; Mongofra<br \/>Addaia &#8211; Arena d&#8217;en Castell<br \/>Son Parc &#8211; Ses Salines de Fornells<br \/>Tirant &#8211; Cala Mica &#8211; Cavalleria<br \/>Pregonda &#8211; Cala Barril<br \/>Cala en Calderer &#8211; Es Alocs &#8211; El Pilar<br \/>Pla de Mar &#8211; Algaiarens<br \/>Ses Fontanelles &#8211; Biniatram<br \/>Cala Morell &#8211; Calesmorts<br \/>Punta Nati &#8211; Torre del Ram<br \/>Cala Blanes &#8211; Sa Farola &#8211; Ciutadella<br \/>Santadria &#8211; Cala Blanca<br \/>Cala en Bast\u00f3 &#8211; Marina de Son Olivar<br \/>Cap d&#8217;Artrutx &#8211; Son Saura<br \/>Es Talaier &#8211; Cala en Turqueta<br \/>Macarella i Macarelleta<br \/>Cala Galdana &#8211; Cala Mitjana<br \/>Binigaus &#8211; Sant Tom\u00e0s &#8211; Talis<br \/>Son Bou &#8211; Llucalari &#8211; Cala en Porter<br \/>Calescoves &#8211; Es Canutells<br \/>Binissaf\u00faller &#8211; Binib\u00e8quer<br \/>Punta Prima &#8211; Alcalfar &#8211; Cala Rafalet<br \/>Es Castell &#8211; Ma\u00f3<\/span><\/h6>\t\t\t\t\t\t\t\t<\/div>\n\t\t\t\t<\/div>\n\t\t\t\t\t<\/div>\n\t\t<\/div>\n\t\t\t\t\t<\/div>\n\t\t<\/section>\n\t\t\t\t<section class=\"elementor-section elementor-top-section elementor-element elementor-element-f2b368e elementor-section-full_width elementor-section-height-default elementor-section-height-default\" data-id=\"f2b368e\" data-element_type=\"section\" data-e-type=\"section\">\n\t\t\t\t\t\t<div class=\"elementor-container elementor-column-gap-default\">\n\t\t\t\t\t<div class=\"elementor-column elementor-col-100 elementor-top-column elementor-element elementor-element-0e60613\" data-id=\"0e60613\" data-element_type=\"column\" data-e-type=\"column\">\n\t\t\t<div class=\"elementor-widget-wrap elementor-element-populated\">\n\t\t\t\t\t\t<div class=\"elementor-element elementor-element-b589226 elementor-widget elementor-widget-text-editor\" data-id=\"b589226\" data-element_type=\"widget\" data-e-type=\"widget\" data-widget_type=\"text-editor.default\">\n\t\t\t\t<div class=\"elementor-widget-container\">\n\t\t\t\t\t\t\t\t\t<p><iframe src=\"https:\/\/www.google.com\/maps\/d\/embed?mid=11f7w2HM44YbC2ABC2Noomh9Zbe6IYMJl\" width=\"2000\" height=\"500\"><\/iframe><\/p>\t\t\t\t\t\t\t\t<\/div>\n\t\t\t\t<\/div>\n\t\t\t\t\t<\/div>\n\t\t<\/div>\n\t\t\t\t\t<\/div>\n\t\t<\/section>\n\t\t\t\t<section class=\"elementor-section elementor-top-section elementor-element elementor-element-3d9d705 elementor-section-full_width elementor-section-height-default elementor-section-height-default\" data-id=\"3d9d705\" data-element_type=\"section\" data-e-type=\"section\" data-settings=\"{&quot;background_background&quot;:&quot;classic&quot;}\">\n\t\t\t\t\t\t<div class=\"elementor-container elementor-column-gap-default\">\n\t\t\t\t\t<div class=\"elementor-column elementor-col-100 elementor-top-column elementor-element elementor-element-23b48a4\" data-id=\"23b48a4\" data-element_type=\"column\" data-e-type=\"column\">\n\t\t\t<div class=\"elementor-widget-wrap elementor-element-populated\">\n\t\t\t\t\t\t<div class=\"elementor-element elementor-element-31d3049 elementor-widget elementor-widget-heading\" data-id=\"31d3049\" data-element_type=\"widget\" data-e-type=\"widget\" data-widget_type=\"heading.default\">\n\t\t\t\t<div class=\"elementor-widget-container\">\n\t\t\t\t\t<h3 class=\"elementor-heading-title elementor-size-default\">\u00b7 <u>CARTOGRAF\u00cdA - GU\u00cdAS<\/u> \u00b7<\/h3>\t\t\t\t<\/div>\n\t\t\t\t<\/div>\n\t\t\t\t\t<\/div>\n\t\t<\/div>\n\t\t\t\t\t<\/div>\n\t\t<\/section>\n\t\t\t\t<section class=\"elementor-section elementor-top-section elementor-element elementor-element-2710395 elementor-section-full_width elementor-section-height-default elementor-section-height-default\" data-id=\"2710395\" data-element_type=\"section\" data-e-type=\"section\" data-settings=\"{&quot;background_background&quot;:&quot;classic&quot;}\">\n\t\t\t\t\t\t<div class=\"elementor-container elementor-column-gap-default\">\n\t\t\t\t\t<div class=\"elementor-column elementor-col-16 elementor-top-column elementor-element elementor-element-55019c4\" data-id=\"55019c4\" data-element_type=\"column\" data-e-type=\"column\">\n\t\t\t<div class=\"elementor-widget-wrap elementor-element-populated\">\n\t\t\t\t\t\t<div class=\"elementor-element elementor-element-2fa47ed elementor-widget elementor-widget-image\" data-id=\"2fa47ed\" data-element_type=\"widget\" data-e-type=\"widget\" data-widget_type=\"image.default\">\n\t\t\t\t<div class=\"elementor-widget-container\">\n\t\t\t\t\t\t\t\t\t\t\t\t\t\t\t<img loading=\"lazy\" decoding=\"async\" width=\"300\" height=\"550\" src=\"https:\/\/rutesentrerefugis.com\/wp-content\/uploads\/2018\/07\/Cami-de-Cavalls-03.jpg\" class=\"attachment-full size-full wp-image-27670\" alt=\"\" srcset=\"https:\/\/rutesentrerefugis.com\/wp-content\/uploads\/2018\/07\/Cami-de-Cavalls-03.jpg 300w, https:\/\/rutesentrerefugis.com\/wp-content\/uploads\/2018\/07\/Cami-de-Cavalls-03-164x300.jpg 164w\" sizes=\"(max-width: 300px) 100vw, 300px\" \/>\t\t\t\t\t\t\t\t\t\t\t\t\t\t\t<\/div>\n\t\t\t\t<\/div>\n\t\t\t\t\t<\/div>\n\t\t<\/div>\n\t\t\t\t<div class=\"elementor-column elementor-col-16 elementor-top-column elementor-element elementor-element-506ff7b\" data-id=\"506ff7b\" data-element_type=\"column\" data-e-type=\"column\">\n\t\t\t<div class=\"elementor-widget-wrap\">\n\t\t\t\t\t\t\t<\/div>\n\t\t<\/div>\n\t\t\t\t<div class=\"elementor-column elementor-col-16 elementor-top-column elementor-element elementor-element-4d0defa\" data-id=\"4d0defa\" data-element_type=\"column\" data-e-type=\"column\">\n\t\t\t<div class=\"elementor-widget-wrap\">\n\t\t\t\t\t\t\t<\/div>\n\t\t<\/div>\n\t\t\t\t<div class=\"elementor-column elementor-col-16 elementor-top-column elementor-element elementor-element-1a3d146\" data-id=\"1a3d146\" data-element_type=\"column\" data-e-type=\"column\">\n\t\t\t<div class=\"elementor-widget-wrap\">\n\t\t\t\t\t\t\t<\/div>\n\t\t<\/div>\n\t\t\t\t<div class=\"elementor-column elementor-col-16 elementor-top-column elementor-element elementor-element-f9e8a63\" data-id=\"f9e8a63\" data-element_type=\"column\" data-e-type=\"column\">\n\t\t\t<div class=\"elementor-widget-wrap\">\n\t\t\t\t\t\t\t<\/div>\n\t\t<\/div>\n\t\t\t\t<div class=\"elementor-column elementor-col-16 elementor-top-column elementor-element elementor-element-99da986\" data-id=\"99da986\" data-element_type=\"column\" data-e-type=\"column\">\n\t\t\t<div class=\"elementor-widget-wrap\">\n\t\t\t\t\t\t\t<\/div>\n\t\t<\/div>\n\t\t\t\t\t<\/div>\n\t\t<\/section>\n\t\t\t\t<section class=\"elementor-section elementor-top-section elementor-element elementor-element-af7266c elementor-section-full_width elementor-section-height-default elementor-section-height-default\" data-id=\"af7266c\" data-element_type=\"section\" data-e-type=\"section\">\n\t\t\t\t\t\t<div class=\"elementor-container elementor-column-gap-default\">\n\t\t\t\t\t<div class=\"elementor-column elementor-col-100 elementor-top-column elementor-element elementor-element-a355804\" data-id=\"a355804\" data-element_type=\"column\" data-e-type=\"column\">\n\t\t\t<div class=\"elementor-widget-wrap elementor-element-populated\">\n\t\t\t\t\t\t<div class=\"elementor-element elementor-element-1642e5b elementor-widget elementor-widget-spacer\" data-id=\"1642e5b\" data-element_type=\"widget\" data-e-type=\"widget\" data-widget_type=\"spacer.default\">\n\t\t\t\t<div class=\"elementor-widget-container\">\n\t\t\t\t\t\t\t<div class=\"elementor-spacer\">\n\t\t\t<div class=\"elementor-spacer-inner\"><\/div>\n\t\t<\/div>\n\t\t\t\t\t\t<\/div>\n\t\t\t\t<\/div>\n\t\t\t\t\t<\/div>\n\t\t<\/div>\n\t\t\t\t\t<\/div>\n\t\t<\/section>\n\t\t\t\t<section class=\"elementor-section elementor-top-section elementor-element elementor-element-deab9a1 elementor-section-full_width elementor-section-height-default elementor-section-height-default\" data-id=\"deab9a1\" data-element_type=\"section\" data-e-type=\"section\">\n\t\t\t\t\t\t<div class=\"elementor-container elementor-column-gap-default\">\n\t\t\t\t\t<div class=\"elementor-column elementor-col-100 elementor-top-column elementor-element elementor-element-74d18ed\" data-id=\"74d18ed\" data-element_type=\"column\" data-e-type=\"column\">\n\t\t\t<div class=\"elementor-widget-wrap elementor-element-populated\">\n\t\t\t\t\t\t<div class=\"elementor-element elementor-element-50e6ae2 elementor-widget-divider--view-line elementor-widget elementor-widget-divider\" data-id=\"50e6ae2\" data-element_type=\"widget\" data-e-type=\"widget\" data-widget_type=\"divider.default\">\n\t\t\t\t<div class=\"elementor-widget-container\">\n\t\t\t\t\t\t\t<div class=\"elementor-divider\">\n\t\t\t<span class=\"elementor-divider-separator\">\n\t\t\t\t\t\t<\/span>\n\t\t<\/div>\n\t\t\t\t\t\t<\/div>\n\t\t\t\t<\/div>\n\t\t\t\t\t<\/div>\n\t\t<\/div>\n\t\t\t\t\t<\/div>\n\t\t<\/section>\n\t\t\t\t<section class=\"elementor-section elementor-top-section elementor-element elementor-element-88a1071 elementor-section-full_width elementor-section-height-default elementor-section-height-default\" data-id=\"88a1071\" data-element_type=\"section\" data-e-type=\"section\">\n\t\t\t\t\t\t<div class=\"elementor-container elementor-column-gap-default\">\n\t\t\t\t\t<div class=\"elementor-column elementor-col-100 elementor-top-column elementor-element elementor-element-4ae444e\" data-id=\"4ae444e\" data-element_type=\"column\" data-e-type=\"column\">\n\t\t\t<div class=\"elementor-widget-wrap elementor-element-populated\">\n\t\t\t\t\t\t<div class=\"elementor-element elementor-element-31ea13e elementor-widget elementor-widget-heading\" data-id=\"31ea13e\" data-element_type=\"widget\" data-e-type=\"widget\" data-widget_type=\"heading.default\">\n\t\t\t\t<div class=\"elementor-widget-container\">\n\t\t\t\t\t<h2 class=\"elementor-heading-title elementor-size-default\"><u>ART\u00cdCULOS Y RUTAS RELACIONADOS<\/h2>\t\t\t\t<\/div>\n\t\t\t\t<\/div>\n\t\t\t\t\t<\/div>\n\t\t<\/div>\n\t\t\t\t\t<\/div>\n\t\t<\/section>\n\t\t\t\t<section class=\"elementor-section elementor-top-section elementor-element elementor-element-dc044ee elementor-section-full_width elementor-section-height-default elementor-section-height-default\" data-id=\"dc044ee\" data-element_type=\"section\" data-e-type=\"section\">\n\t\t\t\t\t\t<div class=\"elementor-container elementor-column-gap-default\">\n\t\t\t\t\t<div class=\"elementor-column elementor-col-100 elementor-top-column elementor-element elementor-element-629d364\" data-id=\"629d364\" data-element_type=\"column\" data-e-type=\"column\">\n\t\t\t<div class=\"elementor-widget-wrap elementor-element-populated\">\n\t\t\t\t\t\t<div class=\"elementor-element elementor-element-a09e4ee elementor-widget elementor-widget-spacer\" data-id=\"a09e4ee\" data-element_type=\"widget\" data-e-type=\"widget\" data-widget_type=\"spacer.default\">\n\t\t\t\t<div class=\"elementor-widget-container\">\n\t\t\t\t\t\t\t<div class=\"elementor-spacer\">\n\t\t\t<div class=\"elementor-spacer-inner\"><\/div>\n\t\t<\/div>\n\t\t\t\t\t\t<\/div>\n\t\t\t\t<\/div>\n\t\t\t\t\t<\/div>\n\t\t<\/div>\n\t\t\t\t\t<\/div>\n\t\t<\/section>\n\t\t\t\t<section class=\"elementor-section elementor-top-section elementor-element elementor-element-b6ddf2d elementor-section-full_width elementor-section-height-default elementor-section-height-default\" data-id=\"b6ddf2d\" data-element_type=\"section\" data-e-type=\"section\">\n\t\t\t\t\t\t<div class=\"elementor-container elementor-column-gap-default\">\n\t\t\t\t\t<div class=\"elementor-column elementor-col-100 elementor-top-column elementor-element elementor-element-5e2ab6e\" data-id=\"5e2ab6e\" data-element_type=\"column\" data-e-type=\"column\">\n\t\t\t<div class=\"elementor-widget-wrap elementor-element-populated\">\n\t\t\t\t\t\t<div class=\"elementor-element elementor-element-bdc2d7b elementor-grid-5 elementor-grid-tablet-2 elementor-grid-mobile-1 elementor-posts--thumbnail-top elementor-widget elementor-widget-posts\" data-id=\"bdc2d7b\" data-element_type=\"widget\" data-e-type=\"widget\" data-settings=\"{&quot;classic_columns&quot;:&quot;5&quot;,&quot;classic_columns_tablet&quot;:&quot;2&quot;,&quot;classic_columns_mobile&quot;:&quot;1&quot;,&quot;classic_row_gap&quot;:{&quot;unit&quot;:&quot;px&quot;,&quot;size&quot;:35,&quot;sizes&quot;:[]},&quot;classic_row_gap_tablet&quot;:{&quot;unit&quot;:&quot;px&quot;,&quot;size&quot;:&quot;&quot;,&quot;sizes&quot;:[]},&quot;classic_row_gap_mobile&quot;:{&quot;unit&quot;:&quot;px&quot;,&quot;size&quot;:&quot;&quot;,&quot;sizes&quot;:[]}}\" data-widget_type=\"posts.classic\">\n\t\t\t\t<div class=\"elementor-widget-container\">\n\t\t\t\t\t\t\t<div class=\"elementor-posts-container elementor-posts elementor-posts--skin-classic elementor-grid\" role=\"list\">\n\t\t\t\t<article class=\"elementor-post elementor-grid-item post-5713 post type-post status-publish format-standard has-post-thumbnail hentry category-cami-de-cavalls-es-es category-islas category-trail-running-es-es tag-alaior-es tag-arenal-den-castell-es tag-binbequer-es tag-cala-en-porter-es tag-cala-galdana-es tag-cami-de-cavalls-es tag-cap-dartrutx-es tag-ciutadella-es tag-es-alocs-es tag-es-castell-es tag-es-mercadal-es tag-favaritx-es tag-ferreries-es tag-menorca-es tag-sant-lluis-es tag-sant-tomas-es tag-ses-salines-es tag-ses-salines-de-fornells-es tag-son-bou-es\" role=\"listitem\">\n\t\t\t\t<a class=\"elementor-post__thumbnail__link\" href=\"https:\/\/rutesentrerefugis.com\/index.php\/es\/2023\/01\/09\/cami-de-cavalls-en-trail-running-es\/\" tabindex=\"-1\" >\n\t\t\t<div class=\"elementor-post__thumbnail\"><img loading=\"lazy\" decoding=\"async\" width=\"300\" height=\"210\" src=\"https:\/\/rutesentrerefugis.com\/wp-content\/uploads\/2023\/01\/Cami-de-Cavalls-TR-NW-300x210.jpg\" class=\"attachment-medium size-medium wp-image-6254\" alt=\"\" srcset=\"https:\/\/rutesentrerefugis.com\/wp-content\/uploads\/2023\/01\/Cami-de-Cavalls-TR-NW-300x210.jpg 300w, https:\/\/rutesentrerefugis.com\/wp-content\/uploads\/2023\/01\/Cami-de-Cavalls-TR-NW.jpg 400w\" sizes=\"(max-width: 300px) 100vw, 300px\" \/><\/div>\n\t\t<\/a>\n\t\t\t\t<div class=\"elementor-post__text\">\n\t\t\t\t<h3 class=\"elementor-post__title\">\n\t\t\t<a href=\"https:\/\/rutesentrerefugis.com\/index.php\/es\/2023\/01\/09\/cami-de-cavalls-en-trail-running-es\/\" >\n\t\t\t\tCAM\u00cd DE CAVALLS 360\u00ba EN TRAIL RUNNING\t\t\t<\/a>\n\t\t<\/h3>\n\t\t\t\t<div class=\"elementor-post__meta-data\">\n\t\t\t\t\t<span class=\"elementor-post-date\">\n\t\t\t09\/01\/2023\t\t<\/span>\n\t\t\t\t<\/div>\n\t\t\t\t<\/div>\n\t\t\t\t<\/article>\n\t\t\t\t<article class=\"elementor-post elementor-grid-item post-5589 post type-post status-publish format-standard has-post-thumbnail hentry category-btt-es-es category-cami-de-cavalls-es-es tag-alaior-es tag-arenal-den-castell-es tag-cala-en-porter-es tag-cala-galdana-es tag-cami-de-cavalls-es tag-ciutadella-es tag-es-castell-es tag-es-mercadal-es tag-ferreries-es tag-menorca-es tag-sant-lluis-es tag-sant-tomas-es tag-ses-salines-es tag-ses-salines-de-fornells-es\" role=\"listitem\">\n\t\t\t\t<a class=\"elementor-post__thumbnail__link\" href=\"https:\/\/rutesentrerefugis.com\/index.php\/es\/2021\/02\/05\/cami-de-cavalls-en-btt-es\/\" tabindex=\"-1\" >\n\t\t\t<div class=\"elementor-post__thumbnail\"><img loading=\"lazy\" decoding=\"async\" width=\"300\" height=\"210\" src=\"https:\/\/rutesentrerefugis.com\/wp-content\/uploads\/2021\/02\/Cami-de-Cavalls-BTT-NW-300x210.jpg\" class=\"attachment-medium size-medium wp-image-6257\" alt=\"\" srcset=\"https:\/\/rutesentrerefugis.com\/wp-content\/uploads\/2021\/02\/Cami-de-Cavalls-BTT-NW-300x210.jpg 300w, https:\/\/rutesentrerefugis.com\/wp-content\/uploads\/2021\/02\/Cami-de-Cavalls-BTT-NW.jpg 400w\" sizes=\"(max-width: 300px) 100vw, 300px\" \/><\/div>\n\t\t<\/a>\n\t\t\t\t<div class=\"elementor-post__text\">\n\t\t\t\t<h3 class=\"elementor-post__title\">\n\t\t\t<a href=\"https:\/\/rutesentrerefugis.com\/index.php\/es\/2021\/02\/05\/cami-de-cavalls-en-btt-es\/\" >\n\t\t\t\tCAM\u00cd DE CAVALLS 360\u00ba EN BTT\t\t\t<\/a>\n\t\t<\/h3>\n\t\t\t\t<div class=\"elementor-post__meta-data\">\n\t\t\t\t\t<span class=\"elementor-post-date\">\n\t\t\t05\/02\/2021\t\t<\/span>\n\t\t\t\t<\/div>\n\t\t\t\t<\/div>\n\t\t\t\t<\/article>\n\t\t\t\t<article class=\"elementor-post elementor-grid-item post-5671 post type-post status-publish format-standard has-post-thumbnail hentry category-a-pie-es category-cami-de-cavalls-es-es tag-alaior-es tag-arenal-den-castell-es tag-binbequer-es tag-cala-en-porter-es tag-cala-galdana-es tag-cami-de-cavalls-es tag-cap-dartrutx-es tag-ciutadella-es tag-es-alocs-es tag-es-castell-es tag-es-mercadal-es tag-favaritx-es tag-ferreries-es tag-menorca-es tag-sant-lluis-es tag-sant-tomas-es tag-ses-salines-es tag-ses-salines-de-fornells-es tag-son-bou-es\" role=\"listitem\">\n\t\t\t\t<a class=\"elementor-post__thumbnail__link\" href=\"https:\/\/rutesentrerefugis.com\/index.php\/es\/2018\/08\/03\/cami-de-cavalls-es\/\" tabindex=\"-1\" >\n\t\t\t<div class=\"elementor-post__thumbnail\"><img loading=\"lazy\" decoding=\"async\" width=\"300\" height=\"210\" src=\"https:\/\/rutesentrerefugis.com\/wp-content\/uploads\/2023\/01\/Cami-de-Cavalls-NW-02-300x210.jpg\" class=\"attachment-medium size-medium wp-image-5683\" alt=\"\" srcset=\"https:\/\/rutesentrerefugis.com\/wp-content\/uploads\/2023\/01\/Cami-de-Cavalls-NW-02-300x210.jpg 300w, https:\/\/rutesentrerefugis.com\/wp-content\/uploads\/2023\/01\/Cami-de-Cavalls-NW-02.jpg 400w\" sizes=\"(max-width: 300px) 100vw, 300px\" \/><\/div>\n\t\t<\/a>\n\t\t\t\t<div class=\"elementor-post__text\">\n\t\t\t\t<h3 class=\"elementor-post__title\">\n\t\t\t<a href=\"https:\/\/rutesentrerefugis.com\/index.php\/es\/2018\/08\/03\/cami-de-cavalls-es\/\" >\n\t\t\t\tCAM\u00cd DE CAVALLS 360\u00ba\t\t\t<\/a>\n\t\t<\/h3>\n\t\t\t\t<div class=\"elementor-post__meta-data\">\n\t\t\t\t\t<span class=\"elementor-post-date\">\n\t\t\t03\/08\/2018\t\t<\/span>\n\t\t\t\t<\/div>\n\t\t\t\t<\/div>\n\t\t\t\t<\/article>\n\t\t\t\t<\/div>\n\t\t\n\t\t\t\t\t\t<\/div>\n\t\t\t\t<\/div>\n\t\t\t\t\t<\/div>\n\t\t<\/div>\n\t\t\t\t\t<\/div>\n\t\t<\/section>\n\t\t\t\t<section class=\"elementor-section elementor-top-section elementor-element elementor-element-f011ad4 elementor-section-full_width elementor-section-height-default elementor-section-height-default\" data-id=\"f011ad4\" data-element_type=\"section\" data-e-type=\"section\">\n\t\t\t\t\t\t<div class=\"elementor-container elementor-column-gap-default\">\n\t\t\t\t\t<div class=\"elementor-column elementor-col-100 elementor-top-column elementor-element elementor-element-05c80d4\" data-id=\"05c80d4\" data-element_type=\"column\" data-e-type=\"column\">\n\t\t\t<div class=\"elementor-widget-wrap elementor-element-populated\">\n\t\t\t\t\t\t<div class=\"elementor-element elementor-element-a8a9d0c elementor-widget-divider--view-line elementor-widget elementor-widget-divider\" data-id=\"a8a9d0c\" data-element_type=\"widget\" data-e-type=\"widget\" data-widget_type=\"divider.default\">\n\t\t\t\t<div class=\"elementor-widget-container\">\n\t\t\t\t\t\t\t<div class=\"elementor-divider\">\n\t\t\t<span class=\"elementor-divider-separator\">\n\t\t\t\t\t\t<\/span>\n\t\t<\/div>\n\t\t\t\t\t\t<\/div>\n\t\t\t\t<\/div>\n\t\t\t\t\t<\/div>\n\t\t<\/div>\n\t\t\t\t\t<\/div>\n\t\t<\/section>\n\t\t\t\t<section class=\"elementor-section elementor-top-section elementor-element elementor-element-1582973 elementor-section-full_width elementor-section-height-default elementor-section-height-default\" data-id=\"1582973\" data-element_type=\"section\" data-e-type=\"section\">\n\t\t\t\t\t\t<div class=\"elementor-container elementor-column-gap-default\">\n\t\t\t\t\t<div class=\"elementor-column elementor-col-100 elementor-top-column elementor-element elementor-element-506a591\" data-id=\"506a591\" data-element_type=\"column\" data-e-type=\"column\">\n\t\t\t<div class=\"elementor-widget-wrap elementor-element-populated\">\n\t\t\t\t\t\t<div class=\"elementor-element elementor-element-08a56d9 elementor-widget elementor-widget-spacer\" data-id=\"08a56d9\" data-element_type=\"widget\" data-e-type=\"widget\" data-widget_type=\"spacer.default\">\n\t\t\t\t<div class=\"elementor-widget-container\">\n\t\t\t\t\t\t\t<div class=\"elementor-spacer\">\n\t\t\t<div class=\"elementor-spacer-inner\"><\/div>\n\t\t<\/div>\n\t\t\t\t\t\t<\/div>\n\t\t\t\t<\/div>\n\t\t\t\t\t<\/div>\n\t\t<\/div>\n\t\t\t\t\t<\/div>\n\t\t<\/section>\n\t\t\t\t<\/div>\n\t\t","protected":false},"excerpt":{"rendered":"<p>\u00b7 CAM\u00cd DE CAVALLS 360\u00ba EN TRAIL RUNNING \u00b7 UBICACI\u00d3N Illa de Menorca COMARCAS CiutadellaFerreriesEs Migjorn GranAlaiorMa\u00f3Sant Llu\u00edsEs CastellEs Mercadal WEB &#8211; REDES SOCIALES www.camidecavalls.com<\/p>\n","protected":false},"author":2,"featured_media":6254,"comment_status":"open","ping_status":"open","sticky":false,"template":"elementor_header_footer","format":"standard","meta":{"_monsterinsights_skip_tracking":false,"_monsterinsights_sitenote_active":false,"_monsterinsights_sitenote_note":"","_monsterinsights_sitenote_category":0,"footnotes":""},"categories":[7698,4967,7700],"tags":[7702,7704,7706,7708,7710,7712,7714,7716,7718,7720,7722,7724,7726,7728,7730,7732,7734,7736,7738],"class_list":["post-5713","post","type-post","status-publish","format-standard","has-post-thumbnail","hentry","category-cami-de-cavalls-es-es","category-islas","category-trail-running-es-es","tag-alaior-es","tag-arenal-den-castell-es","tag-binbequer-es","tag-cala-en-porter-es","tag-cala-galdana-es","tag-cami-de-cavalls-es","tag-cap-dartrutx-es","tag-ciutadella-es","tag-es-alocs-es","tag-es-castell-es","tag-es-mercadal-es","tag-favaritx-es","tag-ferreries-es","tag-menorca-es","tag-sant-lluis-es","tag-sant-tomas-es","tag-ses-salines-es","tag-ses-salines-de-fornells-es","tag-son-bou-es"],"yoast_head":"<!-- This site is optimized with the Yoast SEO plugin v27.5 - https:\/\/yoast.com\/product\/yoast-seo-wordpress\/ -->\n<title>CAM\u00cd DE CAVALLS 360\u00ba EN TRAIL RUNNING - Rutes Entre Refugis<\/title>\n<meta name=\"robots\" content=\"index, follow, max-snippet:-1, max-image-preview:large, max-video-preview:-1\" \/>\n<link rel=\"canonical\" href=\"https:\/\/rutesentrerefugis.com\/index.php\/es\/2023\/01\/09\/cami-de-cavalls-en-trail-running-es\/\" \/>\n<meta property=\"og:locale\" content=\"es_ES\" \/>\n<meta property=\"og:type\" content=\"article\" \/>\n<meta property=\"og:title\" content=\"CAM\u00cd DE CAVALLS 360\u00ba EN TRAIL RUNNING - Rutes Entre Refugis\" \/>\n<meta property=\"og:description\" content=\"\u00b7 CAM\u00cd DE CAVALLS 360\u00ba EN TRAIL RUNNING \u00b7 UBICACI\u00d3N Illa de Menorca COMARCAS CiutadellaFerreriesEs Migjorn GranAlaiorMa\u00f3Sant Llu\u00edsEs CastellEs Mercadal WEB &#8211; REDES SOCIALES www.camidecavalls.com\" \/>\n<meta property=\"og:url\" content=\"https:\/\/rutesentrerefugis.com\/index.php\/es\/2023\/01\/09\/cami-de-cavalls-en-trail-running-es\/\" \/>\n<meta property=\"og:site_name\" content=\"Rutes Entre Refugis\" \/>\n<meta property=\"article:published_time\" content=\"2023-01-09T12:00:42+00:00\" \/>\n<meta property=\"article:modified_time\" content=\"2025-08-29T09:22:03+00:00\" \/>\n<meta property=\"og:image\" content=\"https:\/\/rutesentrerefugis.com\/wp-content\/uploads\/2023\/01\/Cami-de-Cavalls-TR-NW.jpg\" \/>\n\t<meta property=\"og:image:width\" content=\"400\" \/>\n\t<meta property=\"og:image:height\" content=\"280\" \/>\n\t<meta property=\"og:image:type\" content=\"image\/jpeg\" \/>\n<meta name=\"author\" content=\"Rutes Entre Refugis\" \/>\n<meta name=\"twitter:card\" content=\"summary_large_image\" \/>\n<meta name=\"twitter:label1\" content=\"Escrito por\" \/>\n\t<meta name=\"twitter:data1\" content=\"Rutes Entre Refugis\" \/>\n\t<meta name=\"twitter:label2\" content=\"Tiempo de lectura\" \/>\n\t<meta name=\"twitter:data2\" content=\"4 minutos\" \/>\n<script type=\"application\/ld+json\" class=\"yoast-schema-graph\">{\"@context\":\"https:\\\/\\\/schema.org\",\"@graph\":[{\"@type\":\"Article\",\"@id\":\"https:\\\/\\\/rutesentrerefugis.com\\\/index.php\\\/es\\\/2023\\\/01\\\/09\\\/cami-de-cavalls-en-trail-running-es\\\/#article\",\"isPartOf\":{\"@id\":\"https:\\\/\\\/rutesentrerefugis.com\\\/index.php\\\/es\\\/2023\\\/01\\\/09\\\/cami-de-cavalls-en-trail-running-es\\\/\"},\"author\":{\"name\":\"Rutes Entre Refugis\",\"@id\":\"https:\\\/\\\/rutesentrerefugis.com\\\/#\\\/schema\\\/person\\\/6e6f59c84210840610f19bafce39adc2\"},\"headline\":\"CAM\u00cd DE CAVALLS 360\u00ba EN TRAIL RUNNING\",\"datePublished\":\"2023-01-09T12:00:42+00:00\",\"dateModified\":\"2025-08-29T09:22:03+00:00\",\"mainEntityOfPage\":{\"@id\":\"https:\\\/\\\/rutesentrerefugis.com\\\/index.php\\\/es\\\/2023\\\/01\\\/09\\\/cami-de-cavalls-en-trail-running-es\\\/\"},\"wordCount\":362,\"commentCount\":0,\"publisher\":{\"@id\":\"https:\\\/\\\/rutesentrerefugis.com\\\/#organization\"},\"image\":{\"@id\":\"https:\\\/\\\/rutesentrerefugis.com\\\/index.php\\\/es\\\/2023\\\/01\\\/09\\\/cami-de-cavalls-en-trail-running-es\\\/#primaryimage\"},\"thumbnailUrl\":\"https:\\\/\\\/rutesentrerefugis.com\\\/wp-content\\\/uploads\\\/2023\\\/01\\\/Cami-de-Cavalls-TR-NW.jpg\",\"keywords\":[\"Alaior\",\"Arenal d&#039;en Castell\",\"Binb\u00e8quer\",\"Cala en Porter\",\"Cala Galdana\",\"Cam\u00ed de Cavalls\",\"Cap d&#039;Artrutx\",\"Ciutadella\",\"Es Alocs\",\"Es Castell\",\"Es Mercadal\",\"Fav\u00e0ritx\",\"Ferreries\",\"Menorca\",\"Sant Llu\u00eds\",\"Sant Tom\u00e0s\",\"Ses Salines\",\"Ses Salines de Fornells\",\"Son Bou\"],\"articleSection\":[\"Cami de Cavalls.\",\"ISLAS\",\"Trail Running.\"],\"inLanguage\":\"es\",\"potentialAction\":[{\"@type\":\"CommentAction\",\"name\":\"Comment\",\"target\":[\"https:\\\/\\\/rutesentrerefugis.com\\\/index.php\\\/es\\\/2023\\\/01\\\/09\\\/cami-de-cavalls-en-trail-running-es\\\/#respond\"]}]},{\"@type\":\"WebPage\",\"@id\":\"https:\\\/\\\/rutesentrerefugis.com\\\/index.php\\\/es\\\/2023\\\/01\\\/09\\\/cami-de-cavalls-en-trail-running-es\\\/\",\"url\":\"https:\\\/\\\/rutesentrerefugis.com\\\/index.php\\\/es\\\/2023\\\/01\\\/09\\\/cami-de-cavalls-en-trail-running-es\\\/\",\"name\":\"CAM\u00cd DE CAVALLS 360\u00ba EN TRAIL RUNNING - Rutes Entre Refugis\",\"isPartOf\":{\"@id\":\"https:\\\/\\\/rutesentrerefugis.com\\\/#website\"},\"primaryImageOfPage\":{\"@id\":\"https:\\\/\\\/rutesentrerefugis.com\\\/index.php\\\/es\\\/2023\\\/01\\\/09\\\/cami-de-cavalls-en-trail-running-es\\\/#primaryimage\"},\"image\":{\"@id\":\"https:\\\/\\\/rutesentrerefugis.com\\\/index.php\\\/es\\\/2023\\\/01\\\/09\\\/cami-de-cavalls-en-trail-running-es\\\/#primaryimage\"},\"thumbnailUrl\":\"https:\\\/\\\/rutesentrerefugis.com\\\/wp-content\\\/uploads\\\/2023\\\/01\\\/Cami-de-Cavalls-TR-NW.jpg\",\"datePublished\":\"2023-01-09T12:00:42+00:00\",\"dateModified\":\"2025-08-29T09:22:03+00:00\",\"breadcrumb\":{\"@id\":\"https:\\\/\\\/rutesentrerefugis.com\\\/index.php\\\/es\\\/2023\\\/01\\\/09\\\/cami-de-cavalls-en-trail-running-es\\\/#breadcrumb\"},\"inLanguage\":\"es\",\"potentialAction\":[{\"@type\":\"ReadAction\",\"target\":[\"https:\\\/\\\/rutesentrerefugis.com\\\/index.php\\\/es\\\/2023\\\/01\\\/09\\\/cami-de-cavalls-en-trail-running-es\\\/\"]}]},{\"@type\":\"ImageObject\",\"inLanguage\":\"es\",\"@id\":\"https:\\\/\\\/rutesentrerefugis.com\\\/index.php\\\/es\\\/2023\\\/01\\\/09\\\/cami-de-cavalls-en-trail-running-es\\\/#primaryimage\",\"url\":\"https:\\\/\\\/rutesentrerefugis.com\\\/wp-content\\\/uploads\\\/2023\\\/01\\\/Cami-de-Cavalls-TR-NW.jpg\",\"contentUrl\":\"https:\\\/\\\/rutesentrerefugis.com\\\/wp-content\\\/uploads\\\/2023\\\/01\\\/Cami-de-Cavalls-TR-NW.jpg\",\"width\":400,\"height\":280},{\"@type\":\"BreadcrumbList\",\"@id\":\"https:\\\/\\\/rutesentrerefugis.com\\\/index.php\\\/es\\\/2023\\\/01\\\/09\\\/cami-de-cavalls-en-trail-running-es\\\/#breadcrumb\",\"itemListElement\":[{\"@type\":\"ListItem\",\"position\":1,\"name\":\"Inici\",\"item\":\"https:\\\/\\\/rutesentrerefugis.com\\\/\"},{\"@type\":\"ListItem\",\"position\":2,\"name\":\"CAM\u00cd DE CAVALLS 360\u00ba EN TRAIL RUNNING\"}]},{\"@type\":\"WebSite\",\"@id\":\"https:\\\/\\\/rutesentrerefugis.com\\\/#website\",\"url\":\"https:\\\/\\\/rutesentrerefugis.com\\\/\",\"name\":\"Rutes Entre Refugis\",\"description\":\"Caminant sota un nom\",\"publisher\":{\"@id\":\"https:\\\/\\\/rutesentrerefugis.com\\\/#organization\"},\"potentialAction\":[{\"@type\":\"SearchAction\",\"target\":{\"@type\":\"EntryPoint\",\"urlTemplate\":\"https:\\\/\\\/rutesentrerefugis.com\\\/?s={search_term_string}\"},\"query-input\":{\"@type\":\"PropertyValueSpecification\",\"valueRequired\":true,\"valueName\":\"search_term_string\"}}],\"inLanguage\":\"es\"},{\"@type\":\"Organization\",\"@id\":\"https:\\\/\\\/rutesentrerefugis.com\\\/#organization\",\"name\":\"Rutes Entre Refugis\",\"url\":\"https:\\\/\\\/rutesentrerefugis.com\\\/\",\"logo\":{\"@type\":\"ImageObject\",\"inLanguage\":\"es\",\"@id\":\"https:\\\/\\\/rutesentrerefugis.com\\\/#\\\/schema\\\/logo\\\/image\\\/\",\"url\":\"https:\\\/\\\/rutesentrerefugis.com\\\/wp-content\\\/uploads\\\/2022\\\/08\\\/RutesEntreRefugis-Blanc-Retina-1.png\",\"contentUrl\":\"https:\\\/\\\/rutesentrerefugis.com\\\/wp-content\\\/uploads\\\/2022\\\/08\\\/RutesEntreRefugis-Blanc-Retina-1.png\",\"width\":400,\"height\":400,\"caption\":\"Rutes Entre Refugis\"},\"image\":{\"@id\":\"https:\\\/\\\/rutesentrerefugis.com\\\/#\\\/schema\\\/logo\\\/image\\\/\"}},{\"@type\":\"Person\",\"@id\":\"https:\\\/\\\/rutesentrerefugis.com\\\/#\\\/schema\\\/person\\\/6e6f59c84210840610f19bafce39adc2\",\"name\":\"Rutes Entre Refugis\",\"image\":{\"@type\":\"ImageObject\",\"inLanguage\":\"es\",\"@id\":\"https:\\\/\\\/rutesentrerefugis.com\\\/wp-content\\\/uploads\\\/2023\\\/05\\\/avatar_user_2_1683354561-96x96.jpg\",\"url\":\"https:\\\/\\\/rutesentrerefugis.com\\\/wp-content\\\/uploads\\\/2023\\\/05\\\/avatar_user_2_1683354561-96x96.jpg\",\"contentUrl\":\"https:\\\/\\\/rutesentrerefugis.com\\\/wp-content\\\/uploads\\\/2023\\\/05\\\/avatar_user_2_1683354561-96x96.jpg\",\"caption\":\"Rutes Entre Refugis\"},\"url\":\"https:\\\/\\\/rutesentrerefugis.com\\\/index.php\\\/author\\\/entre-refugis\\\/\"}]}<\/script>\n<!-- \/ Yoast SEO plugin. -->","yoast_head_json":{"title":"CAM\u00cd DE CAVALLS 360\u00ba EN TRAIL RUNNING - Rutes Entre Refugis","robots":{"index":"index","follow":"follow","max-snippet":"max-snippet:-1","max-image-preview":"max-image-preview:large","max-video-preview":"max-video-preview:-1"},"canonical":"https:\/\/rutesentrerefugis.com\/index.php\/es\/2023\/01\/09\/cami-de-cavalls-en-trail-running-es\/","og_locale":"es_ES","og_type":"article","og_title":"CAM\u00cd DE CAVALLS 360\u00ba EN TRAIL RUNNING - Rutes Entre Refugis","og_description":"\u00b7 CAM\u00cd DE CAVALLS 360\u00ba EN TRAIL RUNNING \u00b7 UBICACI\u00d3N Illa de Menorca COMARCAS CiutadellaFerreriesEs Migjorn GranAlaiorMa\u00f3Sant Llu\u00edsEs CastellEs Mercadal WEB &#8211; REDES SOCIALES www.camidecavalls.com","og_url":"https:\/\/rutesentrerefugis.com\/index.php\/es\/2023\/01\/09\/cami-de-cavalls-en-trail-running-es\/","og_site_name":"Rutes Entre Refugis","article_published_time":"2023-01-09T12:00:42+00:00","article_modified_time":"2025-08-29T09:22:03+00:00","og_image":[{"width":400,"height":280,"url":"https:\/\/rutesentrerefugis.com\/wp-content\/uploads\/2023\/01\/Cami-de-Cavalls-TR-NW.jpg","type":"image\/jpeg"}],"author":"Rutes Entre Refugis","twitter_card":"summary_large_image","twitter_misc":{"Escrito por":"Rutes Entre Refugis","Tiempo de lectura":"4 minutos"},"schema":{"@context":"https:\/\/schema.org","@graph":[{"@type":"Article","@id":"https:\/\/rutesentrerefugis.com\/index.php\/es\/2023\/01\/09\/cami-de-cavalls-en-trail-running-es\/#article","isPartOf":{"@id":"https:\/\/rutesentrerefugis.com\/index.php\/es\/2023\/01\/09\/cami-de-cavalls-en-trail-running-es\/"},"author":{"name":"Rutes Entre Refugis","@id":"https:\/\/rutesentrerefugis.com\/#\/schema\/person\/6e6f59c84210840610f19bafce39adc2"},"headline":"CAM\u00cd DE CAVALLS 360\u00ba EN TRAIL RUNNING","datePublished":"2023-01-09T12:00:42+00:00","dateModified":"2025-08-29T09:22:03+00:00","mainEntityOfPage":{"@id":"https:\/\/rutesentrerefugis.com\/index.php\/es\/2023\/01\/09\/cami-de-cavalls-en-trail-running-es\/"},"wordCount":362,"commentCount":0,"publisher":{"@id":"https:\/\/rutesentrerefugis.com\/#organization"},"image":{"@id":"https:\/\/rutesentrerefugis.com\/index.php\/es\/2023\/01\/09\/cami-de-cavalls-en-trail-running-es\/#primaryimage"},"thumbnailUrl":"https:\/\/rutesentrerefugis.com\/wp-content\/uploads\/2023\/01\/Cami-de-Cavalls-TR-NW.jpg","keywords":["Alaior","Arenal d&#039;en Castell","Binb\u00e8quer","Cala en Porter","Cala Galdana","Cam\u00ed de Cavalls","Cap d&#039;Artrutx","Ciutadella","Es Alocs","Es Castell","Es Mercadal","Fav\u00e0ritx","Ferreries","Menorca","Sant Llu\u00eds","Sant Tom\u00e0s","Ses Salines","Ses Salines de Fornells","Son Bou"],"articleSection":["Cami de Cavalls.","ISLAS","Trail Running."],"inLanguage":"es","potentialAction":[{"@type":"CommentAction","name":"Comment","target":["https:\/\/rutesentrerefugis.com\/index.php\/es\/2023\/01\/09\/cami-de-cavalls-en-trail-running-es\/#respond"]}]},{"@type":"WebPage","@id":"https:\/\/rutesentrerefugis.com\/index.php\/es\/2023\/01\/09\/cami-de-cavalls-en-trail-running-es\/","url":"https:\/\/rutesentrerefugis.com\/index.php\/es\/2023\/01\/09\/cami-de-cavalls-en-trail-running-es\/","name":"CAM\u00cd DE CAVALLS 360\u00ba EN TRAIL RUNNING - Rutes Entre Refugis","isPartOf":{"@id":"https:\/\/rutesentrerefugis.com\/#website"},"primaryImageOfPage":{"@id":"https:\/\/rutesentrerefugis.com\/index.php\/es\/2023\/01\/09\/cami-de-cavalls-en-trail-running-es\/#primaryimage"},"image":{"@id":"https:\/\/rutesentrerefugis.com\/index.php\/es\/2023\/01\/09\/cami-de-cavalls-en-trail-running-es\/#primaryimage"},"thumbnailUrl":"https:\/\/rutesentrerefugis.com\/wp-content\/uploads\/2023\/01\/Cami-de-Cavalls-TR-NW.jpg","datePublished":"2023-01-09T12:00:42+00:00","dateModified":"2025-08-29T09:22:03+00:00","breadcrumb":{"@id":"https:\/\/rutesentrerefugis.com\/index.php\/es\/2023\/01\/09\/cami-de-cavalls-en-trail-running-es\/#breadcrumb"},"inLanguage":"es","potentialAction":[{"@type":"ReadAction","target":["https:\/\/rutesentrerefugis.com\/index.php\/es\/2023\/01\/09\/cami-de-cavalls-en-trail-running-es\/"]}]},{"@type":"ImageObject","inLanguage":"es","@id":"https:\/\/rutesentrerefugis.com\/index.php\/es\/2023\/01\/09\/cami-de-cavalls-en-trail-running-es\/#primaryimage","url":"https:\/\/rutesentrerefugis.com\/wp-content\/uploads\/2023\/01\/Cami-de-Cavalls-TR-NW.jpg","contentUrl":"https:\/\/rutesentrerefugis.com\/wp-content\/uploads\/2023\/01\/Cami-de-Cavalls-TR-NW.jpg","width":400,"height":280},{"@type":"BreadcrumbList","@id":"https:\/\/rutesentrerefugis.com\/index.php\/es\/2023\/01\/09\/cami-de-cavalls-en-trail-running-es\/#breadcrumb","itemListElement":[{"@type":"ListItem","position":1,"name":"Inici","item":"https:\/\/rutesentrerefugis.com\/"},{"@type":"ListItem","position":2,"name":"CAM\u00cd DE CAVALLS 360\u00ba EN TRAIL RUNNING"}]},{"@type":"WebSite","@id":"https:\/\/rutesentrerefugis.com\/#website","url":"https:\/\/rutesentrerefugis.com\/","name":"Rutes Entre Refugis","description":"Caminant sota un nom","publisher":{"@id":"https:\/\/rutesentrerefugis.com\/#organization"},"potentialAction":[{"@type":"SearchAction","target":{"@type":"EntryPoint","urlTemplate":"https:\/\/rutesentrerefugis.com\/?s={search_term_string}"},"query-input":{"@type":"PropertyValueSpecification","valueRequired":true,"valueName":"search_term_string"}}],"inLanguage":"es"},{"@type":"Organization","@id":"https:\/\/rutesentrerefugis.com\/#organization","name":"Rutes Entre Refugis","url":"https:\/\/rutesentrerefugis.com\/","logo":{"@type":"ImageObject","inLanguage":"es","@id":"https:\/\/rutesentrerefugis.com\/#\/schema\/logo\/image\/","url":"https:\/\/rutesentrerefugis.com\/wp-content\/uploads\/2022\/08\/RutesEntreRefugis-Blanc-Retina-1.png","contentUrl":"https:\/\/rutesentrerefugis.com\/wp-content\/uploads\/2022\/08\/RutesEntreRefugis-Blanc-Retina-1.png","width":400,"height":400,"caption":"Rutes Entre Refugis"},"image":{"@id":"https:\/\/rutesentrerefugis.com\/#\/schema\/logo\/image\/"}},{"@type":"Person","@id":"https:\/\/rutesentrerefugis.com\/#\/schema\/person\/6e6f59c84210840610f19bafce39adc2","name":"Rutes Entre Refugis","image":{"@type":"ImageObject","inLanguage":"es","@id":"https:\/\/rutesentrerefugis.com\/wp-content\/uploads\/2023\/05\/avatar_user_2_1683354561-96x96.jpg","url":"https:\/\/rutesentrerefugis.com\/wp-content\/uploads\/2023\/05\/avatar_user_2_1683354561-96x96.jpg","contentUrl":"https:\/\/rutesentrerefugis.com\/wp-content\/uploads\/2023\/05\/avatar_user_2_1683354561-96x96.jpg","caption":"Rutes Entre Refugis"},"url":"https:\/\/rutesentrerefugis.com\/index.php\/author\/entre-refugis\/"}]}},"_links":{"self":[{"href":"https:\/\/rutesentrerefugis.com\/index.php\/wp-json\/wp\/v2\/posts\/5713","targetHints":{"allow":["GET"]}}],"collection":[{"href":"https:\/\/rutesentrerefugis.com\/index.php\/wp-json\/wp\/v2\/posts"}],"about":[{"href":"https:\/\/rutesentrerefugis.com\/index.php\/wp-json\/wp\/v2\/types\/post"}],"author":[{"embeddable":true,"href":"https:\/\/rutesentrerefugis.com\/index.php\/wp-json\/wp\/v2\/users\/2"}],"replies":[{"embeddable":true,"href":"https:\/\/rutesentrerefugis.com\/index.php\/wp-json\/wp\/v2\/comments?post=5713"}],"version-history":[{"count":27,"href":"https:\/\/rutesentrerefugis.com\/index.php\/wp-json\/wp\/v2\/posts\/5713\/revisions"}],"predecessor-version":[{"id":27679,"href":"https:\/\/rutesentrerefugis.com\/index.php\/wp-json\/wp\/v2\/posts\/5713\/revisions\/27679"}],"wp:featuredmedia":[{"embeddable":true,"href":"https:\/\/rutesentrerefugis.com\/index.php\/wp-json\/wp\/v2\/media\/6254"}],"wp:attachment":[{"href":"https:\/\/rutesentrerefugis.com\/index.php\/wp-json\/wp\/v2\/media?parent=5713"}],"wp:term":[{"taxonomy":"category","embeddable":true,"href":"https:\/\/rutesentrerefugis.com\/index.php\/wp-json\/wp\/v2\/categories?post=5713"},{"taxonomy":"post_tag","embeddable":true,"href":"https:\/\/rutesentrerefugis.com\/index.php\/wp-json\/wp\/v2\/tags?post=5713"}],"curies":[{"name":"wp","href":"https:\/\/api.w.org\/{rel}","templated":true}]}}