{"id":6443,"date":"2021-01-09T11:07:00","date_gmt":"2021-01-09T11:07:00","guid":{"rendered":"https:\/\/nova.rutesentrerefugis.com\/?p=6443"},"modified":"2025-02-23T12:56:43","modified_gmt":"2025-02-23T12:56:43","slug":"penedes-360-en-btt","status":"publish","type":"post","link":"https:\/\/rutesentrerefugis.com\/index.php\/2021\/01\/09\/penedes-360-en-btt\/","title":{"rendered":"PENED\u00c8S 360\u00ba EN BTT"},"content":{"rendered":"\t\t<div data-elementor-type=\"wp-post\" data-elementor-id=\"6443\" class=\"elementor elementor-6443\" data-elementor-post-type=\"post\">\n\t\t\t\t\t\t<section class=\"elementor-section elementor-top-section elementor-element elementor-element-56de444 elementor-section-full_width elementor-section-height-default elementor-section-height-default\" data-id=\"56de444\" data-element_type=\"section\" data-e-type=\"section\" data-settings=\"{&quot;background_background&quot;:&quot;classic&quot;}\">\n\t\t\t\t\t\t<div class=\"elementor-container elementor-column-gap-default\">\n\t\t\t\t\t<div class=\"elementor-column elementor-col-100 elementor-top-column elementor-element elementor-element-97fcd65\" data-id=\"97fcd65\" data-element_type=\"column\" data-e-type=\"column\">\n\t\t\t<div class=\"elementor-widget-wrap elementor-element-populated\">\n\t\t\t\t\t\t<div class=\"elementor-element elementor-element-9fc429e elementor-widget elementor-widget-image\" data-id=\"9fc429e\" data-element_type=\"widget\" data-e-type=\"widget\" data-widget_type=\"image.default\">\n\t\t\t\t<div class=\"elementor-widget-container\">\n\t\t\t\t\t\t\t\t\t\t\t\t\t\t\t<img fetchpriority=\"high\" decoding=\"async\" width=\"2000\" height=\"450\" src=\"https:\/\/rutesentrerefugis.com\/wp-content\/uploads\/2022\/08\/BTT-Inici-NW.jpg\" class=\"attachment-full size-full wp-image-389\" alt=\"Rutes Entre Refugis\" srcset=\"https:\/\/rutesentrerefugis.com\/wp-content\/uploads\/2022\/08\/BTT-Inici-NW.jpg 2000w, https:\/\/rutesentrerefugis.com\/wp-content\/uploads\/2022\/08\/BTT-Inici-NW-300x68.jpg 300w, https:\/\/rutesentrerefugis.com\/wp-content\/uploads\/2022\/08\/BTT-Inici-NW-1024x230.jpg 1024w, https:\/\/rutesentrerefugis.com\/wp-content\/uploads\/2022\/08\/BTT-Inici-NW-768x173.jpg 768w, https:\/\/rutesentrerefugis.com\/wp-content\/uploads\/2022\/08\/BTT-Inici-NW-1536x346.jpg 1536w\" sizes=\"(max-width: 2000px) 100vw, 2000px\" \/>\t\t\t\t\t\t\t\t\t\t\t\t\t\t\t<\/div>\n\t\t\t\t<\/div>\n\t\t\t\t\t<\/div>\n\t\t<\/div>\n\t\t\t\t\t<\/div>\n\t\t<\/section>\n\t\t\t\t<section class=\"elementor-section elementor-top-section elementor-element elementor-element-8fb9e08 elementor-section-full_width elementor-section-height-default elementor-section-height-default\" data-id=\"8fb9e08\" data-element_type=\"section\" data-e-type=\"section\" data-settings=\"{&quot;background_background&quot;:&quot;classic&quot;}\">\n\t\t\t\t\t\t<div class=\"elementor-container elementor-column-gap-default\">\n\t\t\t\t\t<div class=\"elementor-column elementor-col-100 elementor-top-column elementor-element elementor-element-26b1a68\" data-id=\"26b1a68\" data-element_type=\"column\" data-e-type=\"column\">\n\t\t\t<div class=\"elementor-widget-wrap elementor-element-populated\">\n\t\t\t\t\t\t<div class=\"elementor-element elementor-element-76dc064 elementor-widget elementor-widget-heading\" data-id=\"76dc064\" data-element_type=\"widget\" data-e-type=\"widget\" data-widget_type=\"heading.default\">\n\t\t\t\t<div class=\"elementor-widget-container\">\n\t\t\t\t\t<h1 class=\"elementor-heading-title elementor-size-default\">\u00b7 <font color=\"#000000\">PENED\u00c8S 360\u00ba EN BTT<\/font> \u00b7<\/h1>\t\t\t\t<\/div>\n\t\t\t\t<\/div>\n\t\t\t\t\t<\/div>\n\t\t<\/div>\n\t\t\t\t\t<\/div>\n\t\t<\/section>\n\t\t\t\t<section class=\"elementor-section elementor-top-section elementor-element elementor-element-6951ece elementor-section-full_width elementor-section-height-default elementor-section-height-default\" data-id=\"6951ece\" data-element_type=\"section\" data-e-type=\"section\" data-settings=\"{&quot;background_background&quot;:&quot;classic&quot;}\">\n\t\t\t\t\t\t<div class=\"elementor-container elementor-column-gap-default\">\n\t\t\t\t\t<div class=\"elementor-column elementor-col-100 elementor-top-column elementor-element elementor-element-d3e256c\" data-id=\"d3e256c\" data-element_type=\"column\" data-e-type=\"column\">\n\t\t\t<div class=\"elementor-widget-wrap elementor-element-populated\">\n\t\t\t\t\t\t<div class=\"elementor-element elementor-element-556ba83 elementor-widget-divider--view-line elementor-widget elementor-widget-divider\" data-id=\"556ba83\" data-element_type=\"widget\" data-e-type=\"widget\" data-widget_type=\"divider.default\">\n\t\t\t\t<div class=\"elementor-widget-container\">\n\t\t\t\t\t\t\t<div class=\"elementor-divider\">\n\t\t\t<span class=\"elementor-divider-separator\">\n\t\t\t\t\t\t<\/span>\n\t\t<\/div>\n\t\t\t\t\t\t<\/div>\n\t\t\t\t<\/div>\n\t\t\t\t\t<\/div>\n\t\t<\/div>\n\t\t\t\t\t<\/div>\n\t\t<\/section>\n\t\t\t\t<section class=\"elementor-section elementor-top-section elementor-element elementor-element-84829cf elementor-section-full_width elementor-section-height-default elementor-section-height-default\" data-id=\"84829cf\" data-element_type=\"section\" data-e-type=\"section\">\n\t\t\t\t\t\t<div class=\"elementor-container elementor-column-gap-default\">\n\t\t\t\t\t<div class=\"elementor-column elementor-col-100 elementor-top-column elementor-element elementor-element-57cae14\" data-id=\"57cae14\" data-element_type=\"column\" data-e-type=\"column\">\n\t\t\t<div class=\"elementor-widget-wrap elementor-element-populated\">\n\t\t\t\t\t\t<div class=\"elementor-element elementor-element-bb17a24 elementor-widget elementor-widget-spacer\" data-id=\"bb17a24\" data-element_type=\"widget\" data-e-type=\"widget\" data-widget_type=\"spacer.default\">\n\t\t\t\t<div class=\"elementor-widget-container\">\n\t\t\t\t\t\t\t<div class=\"elementor-spacer\">\n\t\t\t<div class=\"elementor-spacer-inner\"><\/div>\n\t\t<\/div>\n\t\t\t\t\t\t<\/div>\n\t\t\t\t<\/div>\n\t\t\t\t\t<\/div>\n\t\t<\/div>\n\t\t\t\t\t<\/div>\n\t\t<\/section>\n\t\t\t\t<section class=\"elementor-section elementor-top-section elementor-element elementor-element-2d893be elementor-section-full_width elementor-section-height-default elementor-section-height-default\" data-id=\"2d893be\" data-element_type=\"section\" data-e-type=\"section\">\n\t\t\t\t\t\t<div class=\"elementor-container elementor-column-gap-default\">\n\t\t\t\t\t<div class=\"elementor-column elementor-col-33 elementor-top-column elementor-element elementor-element-7341d12\" data-id=\"7341d12\" data-element_type=\"column\" data-e-type=\"column\">\n\t\t\t<div class=\"elementor-widget-wrap elementor-element-populated\">\n\t\t\t\t\t\t<div class=\"elementor-element elementor-element-24d0f00 elementor-widget elementor-widget-text-editor\" data-id=\"24d0f00\" data-element_type=\"widget\" data-e-type=\"widget\" data-widget_type=\"text-editor.default\">\n\t\t\t\t<div class=\"elementor-widget-container\">\n\t\t\t\t\t\t\t\t\t<h5><strong><span style=\"color: #b40404;\"><u>UBICACI\u00d3<\/u><\/span><\/strong><\/h5><h6><span style=\"color: #666666;\"><span style=\"caret-color: #666666;\">Parc del Garraf<br \/>Parc d&#8217;Ol\u00e8rdola<br \/>Parc del Foix<br \/>Muntanyes de l&#8217;Ordal<\/span><\/span><\/h6>\t\t\t\t\t\t\t\t<\/div>\n\t\t\t\t<\/div>\n\t\t\t\t<div class=\"elementor-element elementor-element-eb7cf05 elementor-widget elementor-widget-text-editor\" data-id=\"eb7cf05\" data-element_type=\"widget\" data-e-type=\"widget\" data-widget_type=\"text-editor.default\">\n\t\t\t\t<div class=\"elementor-widget-container\">\n\t\t\t\t\t\t\t\t\t<h5><strong><span style=\"color: #b40404;\"><u>COMARQUES<\/u><\/span><\/strong><\/h5><h6><span style=\"color: #666666;\"><span style=\"caret-color: #666666;\">Alt Pened\u00e8s<br \/>Baix Pened\u00e8s<br \/>Garraf<\/span><\/span><\/h6>\t\t\t\t\t\t\t\t<\/div>\n\t\t\t\t<\/div>\n\t\t\t\t<div class=\"elementor-element elementor-element-ea55cbe elementor-widget elementor-widget-text-editor\" data-id=\"ea55cbe\" data-element_type=\"widget\" data-e-type=\"widget\" data-widget_type=\"text-editor.default\">\n\t\t\t\t<div class=\"elementor-widget-container\">\n\t\t\t\t\t\t\t\t\t<h5><strong><span style=\"color: #b40404;\"><u>WEB &#8211; XARXES SOCIALS<\/u><\/span><\/strong><\/h5>\n<h6><span style=\"color: #666666;\"><a href=\"https:\/\/www.penedes360.cat\/rutes\/ruta-btt\" target=\"_blank\" rel=\"noopener\"><span style=\"color: #666666;\">www.penedes-360-btt.com<\/span><\/a><\/span><\/h6>\n<a href=\"https:\/\/www.instagram.com\/penedes360\/\" target=\"_blank\" rel=\"noopener\"><img decoding=\"async\" src=\"http:\/\/rutesentrerefugis.com\/wp-content\/uploads\/2023\/04\/Instagram-50x50-1.jpg\" width=\"50\" height=\"50\" \/><\/a>\t\t\t\t\t\t\t\t<\/div>\n\t\t\t\t<\/div>\n\t\t\t\t\t<\/div>\n\t\t<\/div>\n\t\t\t\t<div class=\"elementor-column elementor-col-33 elementor-top-column elementor-element elementor-element-b05ad06\" data-id=\"b05ad06\" data-element_type=\"column\" data-e-type=\"column\">\n\t\t\t<div class=\"elementor-widget-wrap elementor-element-populated\">\n\t\t\t\t\t\t<div class=\"elementor-element elementor-element-f7a318c elementor-widget elementor-widget-text-editor\" data-id=\"f7a318c\" data-element_type=\"widget\" data-e-type=\"widget\" data-widget_type=\"text-editor.default\">\n\t\t\t\t<div class=\"elementor-widget-container\">\n\t\t\t\t\t\t\t\t\t<h5><strong><span style=\"color: #000000;\"><u>RUTA CL\u00c0SSICA<\/u><\/span><\/strong><\/h5><h6><strong><span style=\"color: #b40404;\"><u>4 ETAPES<\/u><\/span><\/strong><\/h6><h6><span style=\"color: #333333;\">180 kms | +4.014 m \u239c-4.016 m<\/span><\/h6><h6><span style=\"color: #666666;\"><span style=\"caret-color: #666666;\">Sant Sadurn\u00ed d&#8217;Anoia &#8211; Sant Miquel d&#8217;Ol\u00e8rdola<br \/>Sant Miquel d&#8217;Ol\u00e8rdola &#8211; Calafell<br \/>Calafell &#8211; Pontons<br \/>Pontons &#8211; Sant Sadurn\u00ed d&#8217;Anoia<\/span><\/span><\/h6>\t\t\t\t\t\t\t\t<\/div>\n\t\t\t\t<\/div>\n\t\t\t\t\t<\/div>\n\t\t<\/div>\n\t\t\t\t<div class=\"elementor-column elementor-col-33 elementor-top-column elementor-element elementor-element-81dab2b\" data-id=\"81dab2b\" data-element_type=\"column\" data-e-type=\"column\">\n\t\t\t<div class=\"elementor-widget-wrap elementor-element-populated\">\n\t\t\t\t\t\t<div class=\"elementor-element elementor-element-d079ae3 elementor-widget elementor-widget-text-editor\" data-id=\"d079ae3\" data-element_type=\"widget\" data-e-type=\"widget\" data-widget_type=\"text-editor.default\">\n\t\t\t\t<div class=\"elementor-widget-container\">\n\t\t\t\t\t\t\t\t\t<h5><strong><span style=\"color: #b40404;\"><u>ON DORMIR<\/u><\/span><\/strong><\/h5>\n<h6><a href=\"https:\/\/santsadurni.cat\/portada.php\" target=\"_blank\" rel=\"noopener\"><span style=\"color: #666666;\">Sant Sadurn\u00ed d&#8217;Anoia (162 m)<\/span><\/a><\/br>\n<a href=\"http:\/\/www.olerdola.cat\" target=\"_blank\" rel=\"noopener\"><span style=\"color: #666666;\">Sant Miquel d&#8217;Ol\u00e8rdola (189 m)<\/span><\/a><\/br>\n<a href=\"http:\/\/calafell.cat\" target=\"_blank\" rel=\"noopener\"><span style=\"color: #666666;\">Calafell (67 m)<\/span><\/a><\/br>\n<a href=\"https:\/\/pontons.org\" target=\"_blank\" rel=\"noopener\"><span style=\"color: #666666;\">Pontons (584 m)<\/span><\/a><\/h6>\t\t\t\t\t\t\t\t<\/div>\n\t\t\t\t<\/div>\n\t\t\t\t<div class=\"elementor-element elementor-element-2c00003 elementor-widget elementor-widget-text-editor\" data-id=\"2c00003\" data-element_type=\"widget\" data-e-type=\"widget\" data-widget_type=\"text-editor.default\">\n\t\t\t\t<div class=\"elementor-widget-container\">\n\t\t\t\t\t\t\t\t\t<h5><strong><span style=\"color: #b40404;\"><u>LLOCS DE PAS<\/u><\/span><\/strong><\/h5><h6><span style=\"color: #666666;\">Sant Sadurn\u00ed d&#8217;Anoia &#8211; Ordal<br \/>L&#8217;Arbocar de Baix &#8211; Sant Miquel d&#8217;Ol\u00e8rdola<br \/>Les Cases de la Vall &#8211; Tur\u00f3 de les Tres Partions<br \/>Castellet &#8211; Montpa\u00f3 &#8211; Calafell<br \/>Sant Vicen\u00e7 de Calders &#8211; Les Torretes<br \/>La Bisbal del Pened\u00e8s &#8211; La Joncosa del Montmell<br \/>La Vall de Sant Marc &#8211; Pla de Manlleu<br \/>Pontons &#8211; Can Pot\u00e7 i els Subals<br \/>Les Llambardes &#8211; Font-Rub\u00ed<br \/>Sant Quint\u00ed de Mediona<br \/>Sant Pere de Riudebitlles &#8211; Terrassola i Lavit<br \/>Sant Sadurn\u00ed d&#8217;Anoia<\/span><\/h6>\t\t\t\t\t\t\t\t<\/div>\n\t\t\t\t<\/div>\n\t\t\t\t\t<\/div>\n\t\t<\/div>\n\t\t\t\t\t<\/div>\n\t\t<\/section>\n\t\t\t\t<section class=\"elementor-section elementor-top-section elementor-element elementor-element-f2b368e elementor-section-full_width elementor-section-height-default elementor-section-height-default\" data-id=\"f2b368e\" data-element_type=\"section\" data-e-type=\"section\">\n\t\t\t\t\t\t<div class=\"elementor-container elementor-column-gap-default\">\n\t\t\t\t\t<div class=\"elementor-column elementor-col-100 elementor-top-column elementor-element elementor-element-0e60613\" data-id=\"0e60613\" data-element_type=\"column\" data-e-type=\"column\">\n\t\t\t<div class=\"elementor-widget-wrap elementor-element-populated\">\n\t\t\t\t\t\t<div class=\"elementor-element elementor-element-b589226 elementor-widget elementor-widget-text-editor\" data-id=\"b589226\" data-element_type=\"widget\" data-e-type=\"widget\" data-widget_type=\"text-editor.default\">\n\t\t\t\t<div class=\"elementor-widget-container\">\n\t\t\t\t\t\t\t\t\t<p><iframe src=\"https:\/\/www.google.com\/maps\/d\/embed?mid=18ZodMi77TfeHPnPqPVaLajb9Cp364xnD\" width=\"2000\" height=\"500\"><\/iframe><\/p>\t\t\t\t\t\t\t\t<\/div>\n\t\t\t\t<\/div>\n\t\t\t\t\t<\/div>\n\t\t<\/div>\n\t\t\t\t\t<\/div>\n\t\t<\/section>\n\t\t\t\t<section class=\"elementor-section elementor-top-section elementor-element elementor-element-3d9d705 elementor-section-full_width elementor-section-height-default elementor-section-height-default\" data-id=\"3d9d705\" data-element_type=\"section\" data-e-type=\"section\" data-settings=\"{&quot;background_background&quot;:&quot;classic&quot;}\">\n\t\t\t\t\t\t<div class=\"elementor-container elementor-column-gap-default\">\n\t\t\t\t\t<div class=\"elementor-column elementor-col-100 elementor-top-column elementor-element elementor-element-23b48a4\" data-id=\"23b48a4\" data-element_type=\"column\" data-e-type=\"column\">\n\t\t\t<div class=\"elementor-widget-wrap elementor-element-populated\">\n\t\t\t\t\t\t<div class=\"elementor-element elementor-element-31d3049 elementor-widget elementor-widget-heading\" data-id=\"31d3049\" data-element_type=\"widget\" data-e-type=\"widget\" data-widget_type=\"heading.default\">\n\t\t\t\t<div class=\"elementor-widget-container\">\n\t\t\t\t\t<h3 class=\"elementor-heading-title elementor-size-default\">\u00b7 <u>CARTOGRAFIA - GUIES<\/u> \u00b7<\/h3>\t\t\t\t<\/div>\n\t\t\t\t<\/div>\n\t\t\t\t\t<\/div>\n\t\t<\/div>\n\t\t\t\t\t<\/div>\n\t\t<\/section>\n\t\t\t\t<section class=\"elementor-section elementor-top-section elementor-element elementor-element-2710395 elementor-section-full_width elementor-section-height-default elementor-section-height-default\" data-id=\"2710395\" data-element_type=\"section\" data-e-type=\"section\" data-settings=\"{&quot;background_background&quot;:&quot;classic&quot;}\">\n\t\t\t\t\t\t<div class=\"elementor-container elementor-column-gap-default\">\n\t\t\t\t\t<div class=\"elementor-column elementor-col-16 elementor-top-column elementor-element elementor-element-55019c4\" data-id=\"55019c4\" data-element_type=\"column\" data-e-type=\"column\">\n\t\t\t<div class=\"elementor-widget-wrap elementor-element-populated\">\n\t\t\t\t\t\t<div class=\"elementor-element elementor-element-2fa47ed elementor-widget elementor-widget-image\" data-id=\"2fa47ed\" data-element_type=\"widget\" data-e-type=\"widget\" data-widget_type=\"image.default\">\n\t\t\t\t<div class=\"elementor-widget-container\">\n\t\t\t\t\t\t\t\t\t\t\t\t\t\t\t<img decoding=\"async\" width=\"300\" height=\"550\" src=\"https:\/\/rutesentrerefugis.com\/wp-content\/uploads\/2021\/01\/Penedes.jpg\" class=\"attachment-full size-full wp-image-6464\" alt=\"\" srcset=\"https:\/\/rutesentrerefugis.com\/wp-content\/uploads\/2021\/01\/Penedes.jpg 300w, https:\/\/rutesentrerefugis.com\/wp-content\/uploads\/2021\/01\/Penedes-164x300.jpg 164w\" sizes=\"(max-width: 300px) 100vw, 300px\" \/>\t\t\t\t\t\t\t\t\t\t\t\t\t\t\t<\/div>\n\t\t\t\t<\/div>\n\t\t\t\t\t<\/div>\n\t\t<\/div>\n\t\t\t\t<div class=\"elementor-column elementor-col-16 elementor-top-column elementor-element elementor-element-fad493f\" data-id=\"fad493f\" data-element_type=\"column\" data-e-type=\"column\">\n\t\t\t<div class=\"elementor-widget-wrap elementor-element-populated\">\n\t\t\t\t\t\t<div class=\"elementor-element elementor-element-c0a6a8e elementor-widget elementor-widget-image\" data-id=\"c0a6a8e\" data-element_type=\"widget\" data-e-type=\"widget\" data-widget_type=\"image.default\">\n\t\t\t\t<div class=\"elementor-widget-container\">\n\t\t\t\t\t\t\t\t\t\t\t\t\t\t\t<img loading=\"lazy\" decoding=\"async\" width=\"300\" height=\"550\" src=\"https:\/\/rutesentrerefugis.com\/wp-content\/uploads\/2023\/01\/Garraf-02.jpg\" class=\"attachment-full size-full wp-image-24356\" alt=\"\" srcset=\"https:\/\/rutesentrerefugis.com\/wp-content\/uploads\/2023\/01\/Garraf-02.jpg 300w, https:\/\/rutesentrerefugis.com\/wp-content\/uploads\/2023\/01\/Garraf-02-164x300.jpg 164w\" sizes=\"(max-width: 300px) 100vw, 300px\" \/>\t\t\t\t\t\t\t\t\t\t\t\t\t\t\t<\/div>\n\t\t\t\t<\/div>\n\t\t\t\t\t<\/div>\n\t\t<\/div>\n\t\t\t\t<div class=\"elementor-column elementor-col-16 elementor-top-column elementor-element elementor-element-3acba33\" data-id=\"3acba33\" data-element_type=\"column\" data-e-type=\"column\">\n\t\t\t<div class=\"elementor-widget-wrap elementor-element-populated\">\n\t\t\t\t\t\t<div class=\"elementor-element elementor-element-c1a26a6 elementor-widget elementor-widget-image\" data-id=\"c1a26a6\" data-element_type=\"widget\" data-e-type=\"widget\" data-widget_type=\"image.default\">\n\t\t\t\t<div class=\"elementor-widget-container\">\n\t\t\t\t\t\t\t\t\t\t\t\t\t\t\t<img loading=\"lazy\" decoding=\"async\" width=\"300\" height=\"550\" src=\"https:\/\/rutesentrerefugis.com\/wp-content\/uploads\/2021\/01\/40-Vilafranca-Penedes.jpg\" class=\"attachment-full size-full wp-image-6466\" alt=\"\" srcset=\"https:\/\/rutesentrerefugis.com\/wp-content\/uploads\/2021\/01\/40-Vilafranca-Penedes.jpg 300w, https:\/\/rutesentrerefugis.com\/wp-content\/uploads\/2021\/01\/40-Vilafranca-Penedes-164x300.jpg 164w\" sizes=\"(max-width: 300px) 100vw, 300px\" \/>\t\t\t\t\t\t\t\t\t\t\t\t\t\t\t<\/div>\n\t\t\t\t<\/div>\n\t\t\t\t\t<\/div>\n\t\t<\/div>\n\t\t\t\t<div class=\"elementor-column elementor-col-16 elementor-top-column elementor-element elementor-element-d0d54c3\" data-id=\"d0d54c3\" data-element_type=\"column\" data-e-type=\"column\">\n\t\t\t<div class=\"elementor-widget-wrap elementor-element-populated\">\n\t\t\t\t\t\t<div class=\"elementor-element elementor-element-d6d132f elementor-widget elementor-widget-image\" data-id=\"d6d132f\" data-element_type=\"widget\" data-e-type=\"widget\" data-widget_type=\"image.default\">\n\t\t\t\t<div class=\"elementor-widget-container\">\n\t\t\t\t\t\t\t\t\t\t\t\t\t\t\t<img loading=\"lazy\" decoding=\"async\" width=\"300\" height=\"550\" src=\"https:\/\/rutesentrerefugis.com\/wp-content\/uploads\/2021\/01\/41-Vilanova-Geltru.jpg\" class=\"attachment-full size-full wp-image-6467\" alt=\"\" srcset=\"https:\/\/rutesentrerefugis.com\/wp-content\/uploads\/2021\/01\/41-Vilanova-Geltru.jpg 300w, https:\/\/rutesentrerefugis.com\/wp-content\/uploads\/2021\/01\/41-Vilanova-Geltru-164x300.jpg 164w\" sizes=\"(max-width: 300px) 100vw, 300px\" \/>\t\t\t\t\t\t\t\t\t\t\t\t\t\t\t<\/div>\n\t\t\t\t<\/div>\n\t\t\t\t\t<\/div>\n\t\t<\/div>\n\t\t\t\t<div class=\"elementor-column elementor-col-16 elementor-top-column elementor-element elementor-element-2ab7bb3\" data-id=\"2ab7bb3\" data-element_type=\"column\" data-e-type=\"column\">\n\t\t\t<div class=\"elementor-widget-wrap elementor-element-populated\">\n\t\t\t\t\t\t<div class=\"elementor-element elementor-element-127909a elementor-widget elementor-widget-image\" data-id=\"127909a\" data-element_type=\"widget\" data-e-type=\"widget\" data-widget_type=\"image.default\">\n\t\t\t\t<div class=\"elementor-widget-container\">\n\t\t\t\t\t\t\t\t\t\t\t\t\t\t\t<img loading=\"lazy\" decoding=\"async\" width=\"300\" height=\"460\" src=\"https:\/\/rutesentrerefugis.com\/wp-content\/uploads\/2021\/01\/Parc-del-Foix-Olerdola-02.jpg\" class=\"attachment-full size-full wp-image-6468\" alt=\"\" srcset=\"https:\/\/rutesentrerefugis.com\/wp-content\/uploads\/2021\/01\/Parc-del-Foix-Olerdola-02.jpg 300w, https:\/\/rutesentrerefugis.com\/wp-content\/uploads\/2021\/01\/Parc-del-Foix-Olerdola-02-196x300.jpg 196w\" sizes=\"(max-width: 300px) 100vw, 300px\" \/>\t\t\t\t\t\t\t\t\t\t\t\t\t\t\t<\/div>\n\t\t\t\t<\/div>\n\t\t\t\t\t<\/div>\n\t\t<\/div>\n\t\t\t\t<div class=\"elementor-column elementor-col-16 elementor-top-column elementor-element elementor-element-e66df4a\" data-id=\"e66df4a\" data-element_type=\"column\" data-e-type=\"column\">\n\t\t\t<div class=\"elementor-widget-wrap\">\n\t\t\t\t\t\t\t<\/div>\n\t\t<\/div>\n\t\t\t\t\t<\/div>\n\t\t<\/section>\n\t\t\t\t<section class=\"elementor-section elementor-top-section elementor-element elementor-element-af7266c elementor-section-full_width elementor-section-height-default elementor-section-height-default\" data-id=\"af7266c\" data-element_type=\"section\" data-e-type=\"section\">\n\t\t\t\t\t\t<div class=\"elementor-container elementor-column-gap-default\">\n\t\t\t\t\t<div class=\"elementor-column elementor-col-100 elementor-top-column elementor-element elementor-element-a355804\" data-id=\"a355804\" data-element_type=\"column\" data-e-type=\"column\">\n\t\t\t<div class=\"elementor-widget-wrap elementor-element-populated\">\n\t\t\t\t\t\t<div class=\"elementor-element elementor-element-1642e5b elementor-widget elementor-widget-spacer\" data-id=\"1642e5b\" data-element_type=\"widget\" data-e-type=\"widget\" data-widget_type=\"spacer.default\">\n\t\t\t\t<div class=\"elementor-widget-container\">\n\t\t\t\t\t\t\t<div class=\"elementor-spacer\">\n\t\t\t<div class=\"elementor-spacer-inner\"><\/div>\n\t\t<\/div>\n\t\t\t\t\t\t<\/div>\n\t\t\t\t<\/div>\n\t\t\t\t\t<\/div>\n\t\t<\/div>\n\t\t\t\t\t<\/div>\n\t\t<\/section>\n\t\t\t\t<section class=\"elementor-section elementor-top-section elementor-element elementor-element-ff7644b elementor-section-full_width elementor-section-height-default elementor-section-height-default\" data-id=\"ff7644b\" data-element_type=\"section\" data-e-type=\"section\">\n\t\t\t\t\t\t<div class=\"elementor-container elementor-column-gap-default\">\n\t\t\t\t\t<div class=\"elementor-column elementor-col-100 elementor-top-column elementor-element elementor-element-221f058\" data-id=\"221f058\" data-element_type=\"column\" data-e-type=\"column\">\n\t\t\t<div class=\"elementor-widget-wrap elementor-element-populated\">\n\t\t\t\t\t\t<div class=\"elementor-element elementor-element-e7780b9 elementor-widget-divider--view-line elementor-widget elementor-widget-divider\" data-id=\"e7780b9\" data-element_type=\"widget\" data-e-type=\"widget\" data-widget_type=\"divider.default\">\n\t\t\t\t<div class=\"elementor-widget-container\">\n\t\t\t\t\t\t\t<div class=\"elementor-divider\">\n\t\t\t<span class=\"elementor-divider-separator\">\n\t\t\t\t\t\t<\/span>\n\t\t<\/div>\n\t\t\t\t\t\t<\/div>\n\t\t\t\t<\/div>\n\t\t\t\t\t<\/div>\n\t\t<\/div>\n\t\t\t\t\t<\/div>\n\t\t<\/section>\n\t\t\t\t<section class=\"elementor-section elementor-top-section elementor-element elementor-element-8b3cc6a elementor-section-full_width elementor-section-height-default elementor-section-height-default\" data-id=\"8b3cc6a\" data-element_type=\"section\" data-e-type=\"section\">\n\t\t\t\t\t\t<div class=\"elementor-container elementor-column-gap-default\">\n\t\t\t\t\t<div class=\"elementor-column elementor-col-100 elementor-top-column elementor-element elementor-element-8d1a8d2\" data-id=\"8d1a8d2\" data-element_type=\"column\" data-e-type=\"column\">\n\t\t\t<div class=\"elementor-widget-wrap elementor-element-populated\">\n\t\t\t\t\t\t<div class=\"elementor-element elementor-element-e35031e elementor-widget elementor-widget-heading\" data-id=\"e35031e\" data-element_type=\"widget\" data-e-type=\"widget\" data-widget_type=\"heading.default\">\n\t\t\t\t<div class=\"elementor-widget-container\">\n\t\t\t\t\t<h2 class=\"elementor-heading-title elementor-size-default\"><u>ARTICLES I RUTES RELACIONATS<\/u><\/h2>\t\t\t\t<\/div>\n\t\t\t\t<\/div>\n\t\t\t\t\t<\/div>\n\t\t<\/div>\n\t\t\t\t\t<\/div>\n\t\t<\/section>\n\t\t\t\t<section class=\"elementor-section elementor-top-section elementor-element elementor-element-fd0a2fe elementor-section-full_width elementor-section-height-default elementor-section-height-default\" data-id=\"fd0a2fe\" data-element_type=\"section\" data-e-type=\"section\">\n\t\t\t\t\t\t<div class=\"elementor-container elementor-column-gap-default\">\n\t\t\t\t\t<div class=\"elementor-column elementor-col-100 elementor-top-column elementor-element elementor-element-06c7acd\" data-id=\"06c7acd\" data-element_type=\"column\" data-e-type=\"column\">\n\t\t\t<div class=\"elementor-widget-wrap elementor-element-populated\">\n\t\t\t\t\t\t<div class=\"elementor-element elementor-element-7a821e7 elementor-widget elementor-widget-spacer\" data-id=\"7a821e7\" data-element_type=\"widget\" data-e-type=\"widget\" data-widget_type=\"spacer.default\">\n\t\t\t\t<div class=\"elementor-widget-container\">\n\t\t\t\t\t\t\t<div class=\"elementor-spacer\">\n\t\t\t<div class=\"elementor-spacer-inner\"><\/div>\n\t\t<\/div>\n\t\t\t\t\t\t<\/div>\n\t\t\t\t<\/div>\n\t\t\t\t\t<\/div>\n\t\t<\/div>\n\t\t\t\t\t<\/div>\n\t\t<\/section>\n\t\t\t\t<section class=\"elementor-section elementor-top-section elementor-element elementor-element-f06e3a1 elementor-section-full_width elementor-section-height-default elementor-section-height-default\" data-id=\"f06e3a1\" data-element_type=\"section\" data-e-type=\"section\">\n\t\t\t\t\t\t<div class=\"elementor-container elementor-column-gap-default\">\n\t\t\t\t\t<div class=\"elementor-column elementor-col-100 elementor-top-column elementor-element elementor-element-7389eb9\" data-id=\"7389eb9\" data-element_type=\"column\" data-e-type=\"column\">\n\t\t\t<div class=\"elementor-widget-wrap elementor-element-populated\">\n\t\t\t\t\t\t<div class=\"elementor-element elementor-element-73bc45b elementor-grid-5 elementor-grid-tablet-2 elementor-grid-mobile-1 elementor-posts--thumbnail-top elementor-widget elementor-widget-posts\" data-id=\"73bc45b\" data-element_type=\"widget\" data-e-type=\"widget\" data-settings=\"{&quot;classic_columns&quot;:&quot;5&quot;,&quot;classic_columns_tablet&quot;:&quot;2&quot;,&quot;classic_columns_mobile&quot;:&quot;1&quot;,&quot;classic_row_gap&quot;:{&quot;unit&quot;:&quot;px&quot;,&quot;size&quot;:35,&quot;sizes&quot;:[]},&quot;classic_row_gap_tablet&quot;:{&quot;unit&quot;:&quot;px&quot;,&quot;size&quot;:&quot;&quot;,&quot;sizes&quot;:[]},&quot;classic_row_gap_mobile&quot;:{&quot;unit&quot;:&quot;px&quot;,&quot;size&quot;:&quot;&quot;,&quot;sizes&quot;:[]}}\" data-widget_type=\"posts.classic\">\n\t\t\t\t<div class=\"elementor-widget-container\">\n\t\t\t\t\t\t\t<div class=\"elementor-posts-container elementor-posts elementor-posts--skin-classic elementor-grid\" role=\"list\">\n\t\t\t\t<article class=\"elementor-post elementor-grid-item post-6547 post type-post status-publish format-standard has-post-thumbnail hentry category-gravel-ca category-penedes-ca tag-alt-penedes-es-ca tag-baix-penedes-es-ca tag-calafell-es-ca tag-garraf-es-ca tag-la-llacuna-es-ca tag-muntanyes-de-lordal-ca tag-parc-dolerdola-ca tag-parc-del-foix-es-ca tag-parc-del-garraf-es-ca tag-pontons-es-ca tag-priorat-ca tag-sant-sadurni-danoia-ca tag-santes-creus-ca tag-sitges-es-ca\" role=\"listitem\">\n\t\t\t\t<a class=\"elementor-post__thumbnail__link\" href=\"https:\/\/rutesentrerefugis.com\/index.php\/2023\/01\/16\/penedes-360-the-original\/\" tabindex=\"-1\" >\n\t\t\t<div class=\"elementor-post__thumbnail\"><img loading=\"lazy\" decoding=\"async\" width=\"300\" height=\"210\" src=\"https:\/\/rutesentrerefugis.com\/wp-content\/uploads\/2023\/01\/Penedes-360-Gravel-300x210.jpg\" class=\"attachment-medium size-medium wp-image-6548\" alt=\"\" srcset=\"https:\/\/rutesentrerefugis.com\/wp-content\/uploads\/2023\/01\/Penedes-360-Gravel-300x210.jpg 300w, https:\/\/rutesentrerefugis.com\/wp-content\/uploads\/2023\/01\/Penedes-360-Gravel.jpg 400w\" sizes=\"(max-width: 300px) 100vw, 300px\" \/><\/div>\n\t\t<\/a>\n\t\t\t\t<div class=\"elementor-post__text\">\n\t\t\t\t<h3 class=\"elementor-post__title\">\n\t\t\t<a href=\"https:\/\/rutesentrerefugis.com\/index.php\/2023\/01\/16\/penedes-360-the-original\/\" >\n\t\t\t\tPENED\u00c8S 360\u00ba THE ORIGINAL\t\t\t<\/a>\n\t\t<\/h3>\n\t\t\t\t<div class=\"elementor-post__meta-data\">\n\t\t\t\t\t<span class=\"elementor-post-date\">\n\t\t\t16\/01\/2023\t\t<\/span>\n\t\t\t\t<\/div>\n\t\t\t\t<\/div>\n\t\t\t\t<\/article>\n\t\t\t\t<article class=\"elementor-post elementor-grid-item post-8370 post type-post status-publish format-standard has-post-thumbnail hentry category-a-peu-ca category-penedes-ca tag-alt-penedes-es-ca tag-baix-penedes-es-ca tag-banyeres-del-penedes-ca tag-castellet-es-ca tag-muntanyes-de-lordal-ca tag-parc-del-foix-es-ca tag-parc-del-garraf-es-ca tag-penedes-360o-es-ca tag-sant-marti-sarroca-es-ca tag-sant-pau-dordal-ca tag-sant-quinti-de-mediona-es-ca tag-sant-sadurni-danoia-ca tag-vilobi-del-penedes-es-ca\" role=\"listitem\">\n\t\t\t\t<a class=\"elementor-post__thumbnail__link\" href=\"https:\/\/rutesentrerefugis.com\/index.php\/2021\/01\/09\/penedes-360\/\" tabindex=\"-1\" >\n\t\t\t<div class=\"elementor-post__thumbnail\"><img loading=\"lazy\" decoding=\"async\" width=\"300\" height=\"210\" src=\"https:\/\/rutesentrerefugis.com\/wp-content\/uploads\/2023\/02\/Penedes-360-300x210.jpg\" class=\"attachment-medium size-medium wp-image-8371\" alt=\"\" srcset=\"https:\/\/rutesentrerefugis.com\/wp-content\/uploads\/2023\/02\/Penedes-360-300x210.jpg 300w, https:\/\/rutesentrerefugis.com\/wp-content\/uploads\/2023\/02\/Penedes-360.jpg 400w\" sizes=\"(max-width: 300px) 100vw, 300px\" \/><\/div>\n\t\t<\/a>\n\t\t\t\t<div class=\"elementor-post__text\">\n\t\t\t\t<h3 class=\"elementor-post__title\">\n\t\t\t<a href=\"https:\/\/rutesentrerefugis.com\/index.php\/2021\/01\/09\/penedes-360\/\" >\n\t\t\t\tPENED\u00c8S 360\u00ba\t\t\t<\/a>\n\t\t<\/h3>\n\t\t\t\t<div class=\"elementor-post__meta-data\">\n\t\t\t\t\t<span class=\"elementor-post-date\">\n\t\t\t09\/01\/2021\t\t<\/span>\n\t\t\t\t<\/div>\n\t\t\t\t<\/div>\n\t\t\t\t<\/article>\n\t\t\t\t<article class=\"elementor-post elementor-grid-item post-6487 post type-post status-publish format-standard has-post-thumbnail hentry category-cicloturisme-ca category-penedes-ca tag-alt-penedes-es-ca tag-baix-penedes-es-ca tag-calafell-es-ca tag-garraf-es-ca tag-la-llacuna-es-ca tag-muntanyes-de-lordal-ca tag-parc-dolerdola-ca tag-parc-del-foix-es-ca tag-parc-del-garraf-es-ca tag-pontons-es-ca tag-priorat-ca tag-sant-sadurni-danoia-ca tag-santes-creus-ca tag-sitges-es-ca\" role=\"listitem\">\n\t\t\t\t<a class=\"elementor-post__thumbnail__link\" href=\"https:\/\/rutesentrerefugis.com\/index.php\/2021\/01\/09\/penedes-360-back-roads\/\" tabindex=\"-1\" >\n\t\t\t<div class=\"elementor-post__thumbnail\"><img loading=\"lazy\" decoding=\"async\" width=\"300\" height=\"210\" src=\"https:\/\/rutesentrerefugis.com\/wp-content\/uploads\/2023\/01\/Penedes-360-Road-300x210.jpg\" class=\"attachment-medium size-medium wp-image-6488\" alt=\"\" srcset=\"https:\/\/rutesentrerefugis.com\/wp-content\/uploads\/2023\/01\/Penedes-360-Road-300x210.jpg 300w, https:\/\/rutesentrerefugis.com\/wp-content\/uploads\/2023\/01\/Penedes-360-Road.jpg 400w\" sizes=\"(max-width: 300px) 100vw, 300px\" \/><\/div>\n\t\t<\/a>\n\t\t\t\t<div class=\"elementor-post__text\">\n\t\t\t\t<h3 class=\"elementor-post__title\">\n\t\t\t<a href=\"https:\/\/rutesentrerefugis.com\/index.php\/2021\/01\/09\/penedes-360-back-roads\/\" >\n\t\t\t\tPENED\u00c8S 360\u00ba BACK ROADS\t\t\t<\/a>\n\t\t<\/h3>\n\t\t\t\t<div class=\"elementor-post__meta-data\">\n\t\t\t\t\t<span class=\"elementor-post-date\">\n\t\t\t09\/01\/2021\t\t<\/span>\n\t\t\t\t<\/div>\n\t\t\t\t<\/div>\n\t\t\t\t<\/article>\n\t\t\t\t<article class=\"elementor-post elementor-grid-item post-6443 post type-post status-publish format-standard has-post-thumbnail hentry category-btt-ca category-penedes-ca tag-alt-penedes-es-ca tag-baix-penedes-es-ca tag-calafell-es-ca tag-garraf-es-ca tag-la-llacuna-es-ca tag-muntanyes-de-lordal-ca tag-parc-dolerdola-ca tag-parc-del-foix-es-ca tag-parc-del-garraf-es-ca tag-pontons-es-ca tag-priorat-ca tag-sant-sadurni-danoia-ca tag-santes-creus-ca tag-sitges-es-ca\" role=\"listitem\">\n\t\t\t\t<a class=\"elementor-post__thumbnail__link\" href=\"https:\/\/rutesentrerefugis.com\/index.php\/2021\/01\/09\/penedes-360-en-btt\/\" tabindex=\"-1\" >\n\t\t\t<div class=\"elementor-post__thumbnail\"><img loading=\"lazy\" decoding=\"async\" width=\"300\" height=\"210\" src=\"https:\/\/rutesentrerefugis.com\/wp-content\/uploads\/2023\/01\/Penedes-360-BTT-300x210.jpg\" class=\"attachment-medium size-medium wp-image-6444\" alt=\"\" srcset=\"https:\/\/rutesentrerefugis.com\/wp-content\/uploads\/2023\/01\/Penedes-360-BTT-300x210.jpg 300w, https:\/\/rutesentrerefugis.com\/wp-content\/uploads\/2023\/01\/Penedes-360-BTT.jpg 400w\" sizes=\"(max-width: 300px) 100vw, 300px\" \/><\/div>\n\t\t<\/a>\n\t\t\t\t<div class=\"elementor-post__text\">\n\t\t\t\t<h3 class=\"elementor-post__title\">\n\t\t\t<a href=\"https:\/\/rutesentrerefugis.com\/index.php\/2021\/01\/09\/penedes-360-en-btt\/\" >\n\t\t\t\tPENED\u00c8S 360\u00ba EN BTT\t\t\t<\/a>\n\t\t<\/h3>\n\t\t\t\t<div class=\"elementor-post__meta-data\">\n\t\t\t\t\t<span class=\"elementor-post-date\">\n\t\t\t09\/01\/2021\t\t<\/span>\n\t\t\t\t<\/div>\n\t\t\t\t<\/div>\n\t\t\t\t<\/article>\n\t\t\t\t<\/div>\n\t\t\n\t\t\t\t\t\t<\/div>\n\t\t\t\t<\/div>\n\t\t\t\t\t<\/div>\n\t\t<\/div>\n\t\t\t\t\t<\/div>\n\t\t<\/section>\n\t\t\t\t<section class=\"elementor-section elementor-top-section elementor-element elementor-element-d8f2dc0 elementor-section-full_width elementor-section-height-default elementor-section-height-default\" data-id=\"d8f2dc0\" data-element_type=\"section\" data-e-type=\"section\">\n\t\t\t\t\t\t<div class=\"elementor-container elementor-column-gap-default\">\n\t\t\t\t\t<div class=\"elementor-column elementor-col-100 elementor-top-column elementor-element elementor-element-2078006\" data-id=\"2078006\" data-element_type=\"column\" data-e-type=\"column\">\n\t\t\t<div class=\"elementor-widget-wrap elementor-element-populated\">\n\t\t\t\t\t\t<div class=\"elementor-element elementor-element-e38ea67 elementor-widget-divider--view-line elementor-widget elementor-widget-divider\" data-id=\"e38ea67\" data-element_type=\"widget\" data-e-type=\"widget\" data-widget_type=\"divider.default\">\n\t\t\t\t<div class=\"elementor-widget-container\">\n\t\t\t\t\t\t\t<div class=\"elementor-divider\">\n\t\t\t<span class=\"elementor-divider-separator\">\n\t\t\t\t\t\t<\/span>\n\t\t<\/div>\n\t\t\t\t\t\t<\/div>\n\t\t\t\t<\/div>\n\t\t\t\t\t<\/div>\n\t\t<\/div>\n\t\t\t\t\t<\/div>\n\t\t<\/section>\n\t\t\t\t<section class=\"elementor-section elementor-top-section elementor-element elementor-element-77dc62f elementor-section-full_width elementor-section-height-default elementor-section-height-default\" data-id=\"77dc62f\" data-element_type=\"section\" data-e-type=\"section\">\n\t\t\t\t\t\t<div class=\"elementor-container elementor-column-gap-default\">\n\t\t\t\t\t<div class=\"elementor-column elementor-col-100 elementor-top-column elementor-element elementor-element-ea27821\" data-id=\"ea27821\" data-element_type=\"column\" data-e-type=\"column\">\n\t\t\t<div class=\"elementor-widget-wrap elementor-element-populated\">\n\t\t\t\t\t\t<div class=\"elementor-element elementor-element-e379305 elementor-widget elementor-widget-spacer\" data-id=\"e379305\" data-element_type=\"widget\" data-e-type=\"widget\" data-widget_type=\"spacer.default\">\n\t\t\t\t<div class=\"elementor-widget-container\">\n\t\t\t\t\t\t\t<div class=\"elementor-spacer\">\n\t\t\t<div class=\"elementor-spacer-inner\"><\/div>\n\t\t<\/div>\n\t\t\t\t\t\t<\/div>\n\t\t\t\t<\/div>\n\t\t\t\t\t<\/div>\n\t\t<\/div>\n\t\t\t\t\t<\/div>\n\t\t<\/section>\n\t\t\t\t<\/div>\n\t\t","protected":false},"excerpt":{"rendered":"<p>\u00b7 PENED\u00c8S 360\u00ba EN BTT \u00b7 UBICACI\u00d3 Parc del GarrafParc d&#8217;Ol\u00e8rdolaParc del FoixMuntanyes de l&#8217;Ordal COMARQUES Alt Pened\u00e8sBaix Pened\u00e8sGarraf WEB &#8211; XARXES SOCIALS www.penedes-360-btt.com RUTA<\/p>\n","protected":false},"author":2,"featured_media":6444,"comment_status":"open","ping_status":"open","sticky":false,"template":"elementor_header_footer","format":"standard","meta":{"_monsterinsights_skip_tracking":false,"_monsterinsights_sitenote_active":false,"_monsterinsights_sitenote_note":"","_monsterinsights_sitenote_category":0,"footnotes":""},"categories":[7498,7602],"tags":[7604,7606,7608,7610,7612,7614,7616,7618,7620,7622,5109,7624,7626,7628],"class_list":["post-6443","post","type-post","status-publish","format-standard","has-post-thumbnail","hentry","category-btt-ca","category-penedes-ca","tag-alt-penedes-es-ca","tag-baix-penedes-es-ca","tag-calafell-es-ca","tag-garraf-es-ca","tag-la-llacuna-es-ca","tag-muntanyes-de-lordal-ca","tag-parc-dolerdola-ca","tag-parc-del-foix-es-ca","tag-parc-del-garraf-es-ca","tag-pontons-es-ca","tag-priorat-ca","tag-sant-sadurni-danoia-ca","tag-santes-creus-ca","tag-sitges-es-ca"],"yoast_head":"<!-- This site is optimized with the Yoast SEO plugin v27.5 - https:\/\/yoast.com\/product\/yoast-seo-wordpress\/ -->\n<title>PENED\u00c8S 360\u00ba EN BTT - Rutes Entre Refugis<\/title>\n<meta name=\"robots\" content=\"index, follow, max-snippet:-1, max-image-preview:large, max-video-preview:-1\" \/>\n<link rel=\"canonical\" href=\"https:\/\/rutesentrerefugis.com\/index.php\/2021\/01\/09\/penedes-360-en-btt\/\" \/>\n<meta property=\"og:locale\" content=\"es_ES\" \/>\n<meta property=\"og:type\" content=\"article\" \/>\n<meta property=\"og:title\" content=\"PENED\u00c8S 360\u00ba EN BTT - Rutes Entre Refugis\" \/>\n<meta property=\"og:description\" content=\"\u00b7 PENED\u00c8S 360\u00ba EN BTT \u00b7 UBICACI\u00d3 Parc del GarrafParc d&#8217;Ol\u00e8rdolaParc del FoixMuntanyes de l&#8217;Ordal COMARQUES Alt Pened\u00e8sBaix Pened\u00e8sGarraf WEB &#8211; XARXES SOCIALS www.penedes-360-btt.com RUTA\" \/>\n<meta property=\"og:url\" content=\"https:\/\/rutesentrerefugis.com\/index.php\/2021\/01\/09\/penedes-360-en-btt\/\" \/>\n<meta property=\"og:site_name\" content=\"Rutes Entre Refugis\" \/>\n<meta property=\"article:published_time\" content=\"2021-01-09T11:07:00+00:00\" \/>\n<meta property=\"article:modified_time\" content=\"2025-02-23T12:56:43+00:00\" \/>\n<meta property=\"og:image\" content=\"https:\/\/rutesentrerefugis.com\/wp-content\/uploads\/2023\/01\/Penedes-360-BTT.jpg\" \/>\n\t<meta property=\"og:image:width\" content=\"400\" \/>\n\t<meta property=\"og:image:height\" content=\"280\" \/>\n\t<meta property=\"og:image:type\" content=\"image\/jpeg\" \/>\n<meta name=\"author\" content=\"Rutes Entre Refugis\" \/>\n<meta name=\"twitter:card\" content=\"summary_large_image\" \/>\n<meta name=\"twitter:label1\" content=\"Escrito por\" \/>\n\t<meta name=\"twitter:data1\" content=\"Rutes Entre Refugis\" \/>\n\t<meta name=\"twitter:label2\" content=\"Tiempo de lectura\" \/>\n\t<meta name=\"twitter:data2\" content=\"4 minutos\" \/>\n<script type=\"application\/ld+json\" class=\"yoast-schema-graph\">{\"@context\":\"https:\\\/\\\/schema.org\",\"@graph\":[{\"@type\":\"Article\",\"@id\":\"https:\\\/\\\/rutesentrerefugis.com\\\/index.php\\\/2021\\\/01\\\/09\\\/penedes-360-en-btt\\\/#article\",\"isPartOf\":{\"@id\":\"https:\\\/\\\/rutesentrerefugis.com\\\/index.php\\\/2021\\\/01\\\/09\\\/penedes-360-en-btt\\\/\"},\"author\":{\"name\":\"Rutes Entre Refugis\",\"@id\":\"https:\\\/\\\/rutesentrerefugis.com\\\/#\\\/schema\\\/person\\\/6e6f59c84210840610f19bafce39adc2\"},\"headline\":\"PENED\u00c8S 360\u00ba EN BTT\",\"datePublished\":\"2021-01-09T11:07:00+00:00\",\"dateModified\":\"2025-02-23T12:56:43+00:00\",\"mainEntityOfPage\":{\"@id\":\"https:\\\/\\\/rutesentrerefugis.com\\\/index.php\\\/2021\\\/01\\\/09\\\/penedes-360-en-btt\\\/\"},\"wordCount\":167,\"commentCount\":0,\"publisher\":{\"@id\":\"https:\\\/\\\/rutesentrerefugis.com\\\/#organization\"},\"image\":{\"@id\":\"https:\\\/\\\/rutesentrerefugis.com\\\/index.php\\\/2021\\\/01\\\/09\\\/penedes-360-en-btt\\\/#primaryimage\"},\"thumbnailUrl\":\"https:\\\/\\\/rutesentrerefugis.com\\\/wp-content\\\/uploads\\\/2023\\\/01\\\/Penedes-360-BTT.jpg\",\"keywords\":[\"Alt Pened\u00e8s\",\"Baix Pened\u00e8s\",\"Calafell\",\"Garraf\",\"La Llacuna\",\"Muntanyes de l&#039;Ordal\",\"Parc d&#039;Ol\u00e8rdola\",\"Parc del Foix\",\"Parc del Garraf\",\"Pontons\",\"Priorat\",\"Sant Sadurn\u00ed d&#039;Anoia\",\"Santes Creus\",\"Sitges\"],\"articleSection\":[\"BTT\",\"Penedes\"],\"inLanguage\":\"es\",\"potentialAction\":[{\"@type\":\"CommentAction\",\"name\":\"Comment\",\"target\":[\"https:\\\/\\\/rutesentrerefugis.com\\\/index.php\\\/2021\\\/01\\\/09\\\/penedes-360-en-btt\\\/#respond\"]}]},{\"@type\":\"WebPage\",\"@id\":\"https:\\\/\\\/rutesentrerefugis.com\\\/index.php\\\/2021\\\/01\\\/09\\\/penedes-360-en-btt\\\/\",\"url\":\"https:\\\/\\\/rutesentrerefugis.com\\\/index.php\\\/2021\\\/01\\\/09\\\/penedes-360-en-btt\\\/\",\"name\":\"PENED\u00c8S 360\u00ba EN BTT - Rutes Entre Refugis\",\"isPartOf\":{\"@id\":\"https:\\\/\\\/rutesentrerefugis.com\\\/#website\"},\"primaryImageOfPage\":{\"@id\":\"https:\\\/\\\/rutesentrerefugis.com\\\/index.php\\\/2021\\\/01\\\/09\\\/penedes-360-en-btt\\\/#primaryimage\"},\"image\":{\"@id\":\"https:\\\/\\\/rutesentrerefugis.com\\\/index.php\\\/2021\\\/01\\\/09\\\/penedes-360-en-btt\\\/#primaryimage\"},\"thumbnailUrl\":\"https:\\\/\\\/rutesentrerefugis.com\\\/wp-content\\\/uploads\\\/2023\\\/01\\\/Penedes-360-BTT.jpg\",\"datePublished\":\"2021-01-09T11:07:00+00:00\",\"dateModified\":\"2025-02-23T12:56:43+00:00\",\"breadcrumb\":{\"@id\":\"https:\\\/\\\/rutesentrerefugis.com\\\/index.php\\\/2021\\\/01\\\/09\\\/penedes-360-en-btt\\\/#breadcrumb\"},\"inLanguage\":\"es\",\"potentialAction\":[{\"@type\":\"ReadAction\",\"target\":[\"https:\\\/\\\/rutesentrerefugis.com\\\/index.php\\\/2021\\\/01\\\/09\\\/penedes-360-en-btt\\\/\"]}]},{\"@type\":\"ImageObject\",\"inLanguage\":\"es\",\"@id\":\"https:\\\/\\\/rutesentrerefugis.com\\\/index.php\\\/2021\\\/01\\\/09\\\/penedes-360-en-btt\\\/#primaryimage\",\"url\":\"https:\\\/\\\/rutesentrerefugis.com\\\/wp-content\\\/uploads\\\/2023\\\/01\\\/Penedes-360-BTT.jpg\",\"contentUrl\":\"https:\\\/\\\/rutesentrerefugis.com\\\/wp-content\\\/uploads\\\/2023\\\/01\\\/Penedes-360-BTT.jpg\",\"width\":400,\"height\":280},{\"@type\":\"BreadcrumbList\",\"@id\":\"https:\\\/\\\/rutesentrerefugis.com\\\/index.php\\\/2021\\\/01\\\/09\\\/penedes-360-en-btt\\\/#breadcrumb\",\"itemListElement\":[{\"@type\":\"ListItem\",\"position\":1,\"name\":\"Inici\",\"item\":\"https:\\\/\\\/rutesentrerefugis.com\\\/\"},{\"@type\":\"ListItem\",\"position\":2,\"name\":\"PENED\u00c8S 360\u00ba EN BTT\"}]},{\"@type\":\"WebSite\",\"@id\":\"https:\\\/\\\/rutesentrerefugis.com\\\/#website\",\"url\":\"https:\\\/\\\/rutesentrerefugis.com\\\/\",\"name\":\"Rutes Entre Refugis\",\"description\":\"Caminant sota un nom\",\"publisher\":{\"@id\":\"https:\\\/\\\/rutesentrerefugis.com\\\/#organization\"},\"potentialAction\":[{\"@type\":\"SearchAction\",\"target\":{\"@type\":\"EntryPoint\",\"urlTemplate\":\"https:\\\/\\\/rutesentrerefugis.com\\\/?s={search_term_string}\"},\"query-input\":{\"@type\":\"PropertyValueSpecification\",\"valueRequired\":true,\"valueName\":\"search_term_string\"}}],\"inLanguage\":\"es\"},{\"@type\":\"Organization\",\"@id\":\"https:\\\/\\\/rutesentrerefugis.com\\\/#organization\",\"name\":\"Rutes Entre Refugis\",\"url\":\"https:\\\/\\\/rutesentrerefugis.com\\\/\",\"logo\":{\"@type\":\"ImageObject\",\"inLanguage\":\"es\",\"@id\":\"https:\\\/\\\/rutesentrerefugis.com\\\/#\\\/schema\\\/logo\\\/image\\\/\",\"url\":\"https:\\\/\\\/rutesentrerefugis.com\\\/wp-content\\\/uploads\\\/2022\\\/08\\\/RutesEntreRefugis-Blanc-Retina-1.png\",\"contentUrl\":\"https:\\\/\\\/rutesentrerefugis.com\\\/wp-content\\\/uploads\\\/2022\\\/08\\\/RutesEntreRefugis-Blanc-Retina-1.png\",\"width\":400,\"height\":400,\"caption\":\"Rutes Entre Refugis\"},\"image\":{\"@id\":\"https:\\\/\\\/rutesentrerefugis.com\\\/#\\\/schema\\\/logo\\\/image\\\/\"}},{\"@type\":\"Person\",\"@id\":\"https:\\\/\\\/rutesentrerefugis.com\\\/#\\\/schema\\\/person\\\/6e6f59c84210840610f19bafce39adc2\",\"name\":\"Rutes Entre Refugis\",\"image\":{\"@type\":\"ImageObject\",\"inLanguage\":\"es\",\"@id\":\"https:\\\/\\\/rutesentrerefugis.com\\\/wp-content\\\/uploads\\\/2023\\\/05\\\/avatar_user_2_1683354561-96x96.jpg\",\"url\":\"https:\\\/\\\/rutesentrerefugis.com\\\/wp-content\\\/uploads\\\/2023\\\/05\\\/avatar_user_2_1683354561-96x96.jpg\",\"contentUrl\":\"https:\\\/\\\/rutesentrerefugis.com\\\/wp-content\\\/uploads\\\/2023\\\/05\\\/avatar_user_2_1683354561-96x96.jpg\",\"caption\":\"Rutes Entre Refugis\"},\"url\":\"https:\\\/\\\/rutesentrerefugis.com\\\/index.php\\\/author\\\/entre-refugis\\\/\"}]}<\/script>\n<!-- \/ Yoast SEO plugin. -->","yoast_head_json":{"title":"PENED\u00c8S 360\u00ba EN BTT - Rutes Entre Refugis","robots":{"index":"index","follow":"follow","max-snippet":"max-snippet:-1","max-image-preview":"max-image-preview:large","max-video-preview":"max-video-preview:-1"},"canonical":"https:\/\/rutesentrerefugis.com\/index.php\/2021\/01\/09\/penedes-360-en-btt\/","og_locale":"es_ES","og_type":"article","og_title":"PENED\u00c8S 360\u00ba EN BTT - Rutes Entre Refugis","og_description":"\u00b7 PENED\u00c8S 360\u00ba EN BTT \u00b7 UBICACI\u00d3 Parc del GarrafParc d&#8217;Ol\u00e8rdolaParc del FoixMuntanyes de l&#8217;Ordal COMARQUES Alt Pened\u00e8sBaix Pened\u00e8sGarraf WEB &#8211; XARXES SOCIALS www.penedes-360-btt.com RUTA","og_url":"https:\/\/rutesentrerefugis.com\/index.php\/2021\/01\/09\/penedes-360-en-btt\/","og_site_name":"Rutes Entre Refugis","article_published_time":"2021-01-09T11:07:00+00:00","article_modified_time":"2025-02-23T12:56:43+00:00","og_image":[{"width":400,"height":280,"url":"https:\/\/rutesentrerefugis.com\/wp-content\/uploads\/2023\/01\/Penedes-360-BTT.jpg","type":"image\/jpeg"}],"author":"Rutes Entre Refugis","twitter_card":"summary_large_image","twitter_misc":{"Escrito por":"Rutes Entre Refugis","Tiempo de lectura":"4 minutos"},"schema":{"@context":"https:\/\/schema.org","@graph":[{"@type":"Article","@id":"https:\/\/rutesentrerefugis.com\/index.php\/2021\/01\/09\/penedes-360-en-btt\/#article","isPartOf":{"@id":"https:\/\/rutesentrerefugis.com\/index.php\/2021\/01\/09\/penedes-360-en-btt\/"},"author":{"name":"Rutes Entre Refugis","@id":"https:\/\/rutesentrerefugis.com\/#\/schema\/person\/6e6f59c84210840610f19bafce39adc2"},"headline":"PENED\u00c8S 360\u00ba EN BTT","datePublished":"2021-01-09T11:07:00+00:00","dateModified":"2025-02-23T12:56:43+00:00","mainEntityOfPage":{"@id":"https:\/\/rutesentrerefugis.com\/index.php\/2021\/01\/09\/penedes-360-en-btt\/"},"wordCount":167,"commentCount":0,"publisher":{"@id":"https:\/\/rutesentrerefugis.com\/#organization"},"image":{"@id":"https:\/\/rutesentrerefugis.com\/index.php\/2021\/01\/09\/penedes-360-en-btt\/#primaryimage"},"thumbnailUrl":"https:\/\/rutesentrerefugis.com\/wp-content\/uploads\/2023\/01\/Penedes-360-BTT.jpg","keywords":["Alt Pened\u00e8s","Baix Pened\u00e8s","Calafell","Garraf","La Llacuna","Muntanyes de l&#039;Ordal","Parc d&#039;Ol\u00e8rdola","Parc del Foix","Parc del Garraf","Pontons","Priorat","Sant Sadurn\u00ed d&#039;Anoia","Santes Creus","Sitges"],"articleSection":["BTT","Penedes"],"inLanguage":"es","potentialAction":[{"@type":"CommentAction","name":"Comment","target":["https:\/\/rutesentrerefugis.com\/index.php\/2021\/01\/09\/penedes-360-en-btt\/#respond"]}]},{"@type":"WebPage","@id":"https:\/\/rutesentrerefugis.com\/index.php\/2021\/01\/09\/penedes-360-en-btt\/","url":"https:\/\/rutesentrerefugis.com\/index.php\/2021\/01\/09\/penedes-360-en-btt\/","name":"PENED\u00c8S 360\u00ba EN BTT - Rutes Entre Refugis","isPartOf":{"@id":"https:\/\/rutesentrerefugis.com\/#website"},"primaryImageOfPage":{"@id":"https:\/\/rutesentrerefugis.com\/index.php\/2021\/01\/09\/penedes-360-en-btt\/#primaryimage"},"image":{"@id":"https:\/\/rutesentrerefugis.com\/index.php\/2021\/01\/09\/penedes-360-en-btt\/#primaryimage"},"thumbnailUrl":"https:\/\/rutesentrerefugis.com\/wp-content\/uploads\/2023\/01\/Penedes-360-BTT.jpg","datePublished":"2021-01-09T11:07:00+00:00","dateModified":"2025-02-23T12:56:43+00:00","breadcrumb":{"@id":"https:\/\/rutesentrerefugis.com\/index.php\/2021\/01\/09\/penedes-360-en-btt\/#breadcrumb"},"inLanguage":"es","potentialAction":[{"@type":"ReadAction","target":["https:\/\/rutesentrerefugis.com\/index.php\/2021\/01\/09\/penedes-360-en-btt\/"]}]},{"@type":"ImageObject","inLanguage":"es","@id":"https:\/\/rutesentrerefugis.com\/index.php\/2021\/01\/09\/penedes-360-en-btt\/#primaryimage","url":"https:\/\/rutesentrerefugis.com\/wp-content\/uploads\/2023\/01\/Penedes-360-BTT.jpg","contentUrl":"https:\/\/rutesentrerefugis.com\/wp-content\/uploads\/2023\/01\/Penedes-360-BTT.jpg","width":400,"height":280},{"@type":"BreadcrumbList","@id":"https:\/\/rutesentrerefugis.com\/index.php\/2021\/01\/09\/penedes-360-en-btt\/#breadcrumb","itemListElement":[{"@type":"ListItem","position":1,"name":"Inici","item":"https:\/\/rutesentrerefugis.com\/"},{"@type":"ListItem","position":2,"name":"PENED\u00c8S 360\u00ba EN BTT"}]},{"@type":"WebSite","@id":"https:\/\/rutesentrerefugis.com\/#website","url":"https:\/\/rutesentrerefugis.com\/","name":"Rutes Entre Refugis","description":"Caminant sota un nom","publisher":{"@id":"https:\/\/rutesentrerefugis.com\/#organization"},"potentialAction":[{"@type":"SearchAction","target":{"@type":"EntryPoint","urlTemplate":"https:\/\/rutesentrerefugis.com\/?s={search_term_string}"},"query-input":{"@type":"PropertyValueSpecification","valueRequired":true,"valueName":"search_term_string"}}],"inLanguage":"es"},{"@type":"Organization","@id":"https:\/\/rutesentrerefugis.com\/#organization","name":"Rutes Entre Refugis","url":"https:\/\/rutesentrerefugis.com\/","logo":{"@type":"ImageObject","inLanguage":"es","@id":"https:\/\/rutesentrerefugis.com\/#\/schema\/logo\/image\/","url":"https:\/\/rutesentrerefugis.com\/wp-content\/uploads\/2022\/08\/RutesEntreRefugis-Blanc-Retina-1.png","contentUrl":"https:\/\/rutesentrerefugis.com\/wp-content\/uploads\/2022\/08\/RutesEntreRefugis-Blanc-Retina-1.png","width":400,"height":400,"caption":"Rutes Entre Refugis"},"image":{"@id":"https:\/\/rutesentrerefugis.com\/#\/schema\/logo\/image\/"}},{"@type":"Person","@id":"https:\/\/rutesentrerefugis.com\/#\/schema\/person\/6e6f59c84210840610f19bafce39adc2","name":"Rutes Entre Refugis","image":{"@type":"ImageObject","inLanguage":"es","@id":"https:\/\/rutesentrerefugis.com\/wp-content\/uploads\/2023\/05\/avatar_user_2_1683354561-96x96.jpg","url":"https:\/\/rutesentrerefugis.com\/wp-content\/uploads\/2023\/05\/avatar_user_2_1683354561-96x96.jpg","contentUrl":"https:\/\/rutesentrerefugis.com\/wp-content\/uploads\/2023\/05\/avatar_user_2_1683354561-96x96.jpg","caption":"Rutes Entre Refugis"},"url":"https:\/\/rutesentrerefugis.com\/index.php\/author\/entre-refugis\/"}]}},"_links":{"self":[{"href":"https:\/\/rutesentrerefugis.com\/index.php\/wp-json\/wp\/v2\/posts\/6443","targetHints":{"allow":["GET"]}}],"collection":[{"href":"https:\/\/rutesentrerefugis.com\/index.php\/wp-json\/wp\/v2\/posts"}],"about":[{"href":"https:\/\/rutesentrerefugis.com\/index.php\/wp-json\/wp\/v2\/types\/post"}],"author":[{"embeddable":true,"href":"https:\/\/rutesentrerefugis.com\/index.php\/wp-json\/wp\/v2\/users\/2"}],"replies":[{"embeddable":true,"href":"https:\/\/rutesentrerefugis.com\/index.php\/wp-json\/wp\/v2\/comments?post=6443"}],"version-history":[{"count":48,"href":"https:\/\/rutesentrerefugis.com\/index.php\/wp-json\/wp\/v2\/posts\/6443\/revisions"}],"predecessor-version":[{"id":24596,"href":"https:\/\/rutesentrerefugis.com\/index.php\/wp-json\/wp\/v2\/posts\/6443\/revisions\/24596"}],"wp:featuredmedia":[{"embeddable":true,"href":"https:\/\/rutesentrerefugis.com\/index.php\/wp-json\/wp\/v2\/media\/6444"}],"wp:attachment":[{"href":"https:\/\/rutesentrerefugis.com\/index.php\/wp-json\/wp\/v2\/media?parent=6443"}],"wp:term":[{"taxonomy":"category","embeddable":true,"href":"https:\/\/rutesentrerefugis.com\/index.php\/wp-json\/wp\/v2\/categories?post=6443"},{"taxonomy":"post_tag","embeddable":true,"href":"https:\/\/rutesentrerefugis.com\/index.php\/wp-json\/wp\/v2\/tags?post=6443"}],"curies":[{"name":"wp","href":"https:\/\/api.w.org\/{rel}","templated":true}]}}