{"id":6708,"date":"2022-05-09T09:15:00","date_gmt":"2022-05-09T09:15:00","guid":{"rendered":"https:\/\/nova.rutesentrerefugis.com\/?p=6708"},"modified":"2024-10-01T17:03:45","modified_gmt":"2024-10-01T17:03:45","slug":"caminar-una-filosofia","status":"publish","type":"post","link":"https:\/\/rutesentrerefugis.com\/index.php\/2022\/05\/09\/caminar-una-filosofia\/","title":{"rendered":"CAMINAR, UNA FILOSOFIA"},"content":{"rendered":"\t\t<div data-elementor-type=\"wp-post\" data-elementor-id=\"6708\" class=\"elementor elementor-6708\" data-elementor-post-type=\"post\">\n\t\t\t\t\t\t<section class=\"elementor-section elementor-top-section elementor-element elementor-element-ab53242 elementor-section-full_width elementor-section-height-default elementor-section-height-default\" data-id=\"ab53242\" data-element_type=\"section\" data-e-type=\"section\" data-settings=\"{&quot;background_background&quot;:&quot;classic&quot;}\">\n\t\t\t\t\t\t<div class=\"elementor-container elementor-column-gap-default\">\n\t\t\t\t\t<div class=\"elementor-column elementor-col-100 elementor-top-column elementor-element elementor-element-8f03127\" data-id=\"8f03127\" data-element_type=\"column\" data-e-type=\"column\">\n\t\t\t<div class=\"elementor-widget-wrap elementor-element-populated\">\n\t\t\t\t\t\t<div class=\"elementor-element elementor-element-9b71a54 elementor-widget elementor-widget-image\" data-id=\"9b71a54\" data-element_type=\"widget\" data-e-type=\"widget\" data-widget_type=\"image.default\">\n\t\t\t\t<div class=\"elementor-widget-container\">\n\t\t\t\t\t\t\t\t\t\t\t\t\t\t\t<img fetchpriority=\"high\" decoding=\"async\" width=\"2000\" height=\"450\" src=\"https:\/\/rutesentrerefugis.com\/wp-content\/uploads\/2023\/01\/Caminar-una-Filosofia-Cap.jpg\" class=\"attachment-full size-full wp-image-6711\" alt=\"\" srcset=\"https:\/\/rutesentrerefugis.com\/wp-content\/uploads\/2023\/01\/Caminar-una-Filosofia-Cap.jpg 2000w, https:\/\/rutesentrerefugis.com\/wp-content\/uploads\/2023\/01\/Caminar-una-Filosofia-Cap-300x68.jpg 300w, https:\/\/rutesentrerefugis.com\/wp-content\/uploads\/2023\/01\/Caminar-una-Filosofia-Cap-1024x230.jpg 1024w, https:\/\/rutesentrerefugis.com\/wp-content\/uploads\/2023\/01\/Caminar-una-Filosofia-Cap-768x173.jpg 768w, https:\/\/rutesentrerefugis.com\/wp-content\/uploads\/2023\/01\/Caminar-una-Filosofia-Cap-1536x346.jpg 1536w\" sizes=\"(max-width: 2000px) 100vw, 2000px\" \/>\t\t\t\t\t\t\t\t\t\t\t\t\t\t\t<\/div>\n\t\t\t\t<\/div>\n\t\t\t\t\t<\/div>\n\t\t<\/div>\n\t\t\t\t\t<\/div>\n\t\t<\/section>\n\t\t\t\t<section class=\"elementor-section elementor-top-section elementor-element elementor-element-9bbab2a elementor-section-full_width elementor-section-height-default elementor-section-height-default\" data-id=\"9bbab2a\" data-element_type=\"section\" data-e-type=\"section\" data-settings=\"{&quot;background_background&quot;:&quot;classic&quot;}\">\n\t\t\t\t\t\t<div class=\"elementor-container elementor-column-gap-default\">\n\t\t\t\t\t<div class=\"elementor-column elementor-col-100 elementor-top-column elementor-element elementor-element-cbaaa3d\" data-id=\"cbaaa3d\" data-element_type=\"column\" data-e-type=\"column\">\n\t\t\t<div class=\"elementor-widget-wrap elementor-element-populated\">\n\t\t\t\t\t\t<div class=\"elementor-element elementor-element-88bb33a elementor-widget elementor-widget-heading\" data-id=\"88bb33a\" data-element_type=\"widget\" data-e-type=\"widget\" data-widget_type=\"heading.default\">\n\t\t\t\t<div class=\"elementor-widget-container\">\n\t\t\t\t\t<h2 class=\"elementor-heading-title elementor-size-default\">CAMINAR, UNA FILOSOFIA<\/h2>\t\t\t\t<\/div>\n\t\t\t\t<\/div>\n\t\t\t\t\t<\/div>\n\t\t<\/div>\n\t\t\t\t\t<\/div>\n\t\t<\/section>\n\t\t\t\t<section class=\"elementor-section elementor-top-section elementor-element elementor-element-f4c2fc7 elementor-section-full_width elementor-section-height-default elementor-section-height-default\" data-id=\"f4c2fc7\" data-element_type=\"section\" data-e-type=\"section\" data-settings=\"{&quot;background_background&quot;:&quot;classic&quot;}\">\n\t\t\t\t\t\t<div class=\"elementor-container elementor-column-gap-default\">\n\t\t\t\t\t<div class=\"elementor-column elementor-col-100 elementor-top-column elementor-element elementor-element-aef9847\" data-id=\"aef9847\" data-element_type=\"column\" data-e-type=\"column\">\n\t\t\t<div class=\"elementor-widget-wrap elementor-element-populated\">\n\t\t\t\t\t\t<div class=\"elementor-element elementor-element-96abed9 elementor-widget-divider--view-line elementor-widget elementor-widget-divider\" data-id=\"96abed9\" data-element_type=\"widget\" data-e-type=\"widget\" data-widget_type=\"divider.default\">\n\t\t\t\t<div class=\"elementor-widget-container\">\n\t\t\t\t\t\t\t<div class=\"elementor-divider\">\n\t\t\t<span class=\"elementor-divider-separator\">\n\t\t\t\t\t\t<\/span>\n\t\t<\/div>\n\t\t\t\t\t\t<\/div>\n\t\t\t\t<\/div>\n\t\t\t\t\t<\/div>\n\t\t<\/div>\n\t\t\t\t\t<\/div>\n\t\t<\/section>\n\t\t\t\t<section class=\"elementor-section elementor-top-section elementor-element elementor-element-29ce0f6 elementor-section-full_width elementor-section-height-default elementor-section-height-default\" data-id=\"29ce0f6\" data-element_type=\"section\" data-e-type=\"section\">\n\t\t\t\t\t\t<div class=\"elementor-container elementor-column-gap-default\">\n\t\t\t\t\t<div class=\"elementor-column elementor-col-100 elementor-top-column elementor-element elementor-element-a91799a\" data-id=\"a91799a\" data-element_type=\"column\" data-e-type=\"column\">\n\t\t\t<div class=\"elementor-widget-wrap elementor-element-populated\">\n\t\t\t\t\t\t<div class=\"elementor-element elementor-element-3506292 elementor-widget elementor-widget-spacer\" data-id=\"3506292\" data-element_type=\"widget\" data-e-type=\"widget\" data-widget_type=\"spacer.default\">\n\t\t\t\t<div class=\"elementor-widget-container\">\n\t\t\t\t\t\t\t<div class=\"elementor-spacer\">\n\t\t\t<div class=\"elementor-spacer-inner\"><\/div>\n\t\t<\/div>\n\t\t\t\t\t\t<\/div>\n\t\t\t\t<\/div>\n\t\t\t\t\t<\/div>\n\t\t<\/div>\n\t\t\t\t\t<\/div>\n\t\t<\/section>\n\t\t\t\t<section class=\"elementor-section elementor-top-section elementor-element elementor-element-7d04b51 elementor-section-full_width elementor-section-height-default elementor-section-height-default\" data-id=\"7d04b51\" data-element_type=\"section\" data-e-type=\"section\">\n\t\t\t\t\t\t<div class=\"elementor-container elementor-column-gap-default\">\n\t\t\t\t\t<div class=\"elementor-column elementor-col-100 elementor-top-column elementor-element elementor-element-dc3164a\" data-id=\"dc3164a\" data-element_type=\"column\" data-e-type=\"column\">\n\t\t\t<div class=\"elementor-widget-wrap elementor-element-populated\">\n\t\t\t\t\t\t<div class=\"elementor-element elementor-element-5623faa elementor-widget elementor-widget-text-editor\" data-id=\"5623faa\" data-element_type=\"widget\" data-e-type=\"widget\" data-widget_type=\"text-editor.default\">\n\t\t\t\t<div class=\"elementor-widget-container\">\n\t\t\t\t\t\t\t\t\t<p>Columna escrita per ENRIC FAURA<\/p>\t\t\t\t\t\t\t\t<\/div>\n\t\t\t\t<\/div>\n\t\t\t\t\t<\/div>\n\t\t<\/div>\n\t\t\t\t\t<\/div>\n\t\t<\/section>\n\t\t\t\t<section class=\"elementor-section elementor-top-section elementor-element elementor-element-7d60b46 elementor-section-full_width elementor-section-height-default elementor-section-height-default\" data-id=\"7d60b46\" data-element_type=\"section\" data-e-type=\"section\">\n\t\t\t\t\t\t<div class=\"elementor-container elementor-column-gap-default\">\n\t\t\t\t\t<div class=\"elementor-column elementor-col-100 elementor-top-column elementor-element elementor-element-905bfd8\" data-id=\"905bfd8\" data-element_type=\"column\" data-e-type=\"column\">\n\t\t\t<div class=\"elementor-widget-wrap elementor-element-populated\">\n\t\t\t\t\t\t<div class=\"elementor-element elementor-element-5ea6a62 elementor-widget elementor-widget-text-editor\" data-id=\"5ea6a62\" data-element_type=\"widget\" data-e-type=\"widget\" data-widget_type=\"text-editor.default\">\n\t\t\t\t<div class=\"elementor-widget-container\">\n\t\t\t\t\t\t\t\t\t<h5>\u201cCaminar no \u00e9s cap esport\u201d. Aquesta contundent afirmaci\u00f3, que sembla evident, en ple segle XXI potser cal explicitar-la per marcar dist\u00e0ncies de l\u2019esport i la competici\u00f3 i obre aquest llibre com a declaraci\u00f3 d\u2019intencions.<\/br>\n<\/br>\n<font color=\"#000000\">FR\u00c9D\u00c9RIC GROS<\/font> (1967), professor de filosofia pol\u00edtica a la universitat PAR\u00cdS XII, conegut sobretot com a editor de les obres p\u00f2stumes de <font color=\"#000000\">FOUCAULT<\/font> i com a autor d\u2019un llibre intrigant, <font color=\"#B40404\"><em>DESOBEIR<\/em><\/font> (Angle Editorial), publica el seu llibre m\u00e9s popular i d\u2019\u00e8xit, <font color=\"#B40404\"><em><b>CAMINAR, UNA FILOSOFIA<\/b><\/em><\/font>. Original de 2009, editat en catal\u00e0 per Cosset\u00e0nia el 2021.<\/h5>\t\t\t\t\t\t\t\t<\/div>\n\t\t\t\t<\/div>\n\t\t\t\t\t<\/div>\n\t\t<\/div>\n\t\t\t\t\t<\/div>\n\t\t<\/section>\n\t\t\t\t<section class=\"elementor-section elementor-top-section elementor-element elementor-element-52c24bc elementor-section-full_width elementor-section-height-default elementor-section-height-default\" data-id=\"52c24bc\" data-element_type=\"section\" data-e-type=\"section\">\n\t\t\t\t\t\t<div class=\"elementor-container elementor-column-gap-default\">\n\t\t\t\t\t<div class=\"elementor-column elementor-col-100 elementor-top-column elementor-element elementor-element-c8877c4\" data-id=\"c8877c4\" data-element_type=\"column\" data-e-type=\"column\">\n\t\t\t<div class=\"elementor-widget-wrap elementor-element-populated\">\n\t\t\t\t\t\t<div class=\"elementor-element elementor-element-252d6f0 elementor-widget elementor-widget-image\" data-id=\"252d6f0\" data-element_type=\"widget\" data-e-type=\"widget\" data-widget_type=\"image.default\">\n\t\t\t\t<div class=\"elementor-widget-container\">\n\t\t\t\t\t\t\t\t\t\t\t\t<figure class=\"wp-caption\">\n\t\t\t\t\t\t\t\t\t\t<img decoding=\"async\" width=\"2000\" height=\"800\" src=\"https:\/\/rutesentrerefugis.com\/wp-content\/uploads\/2023\/01\/01-Caminar-una-Filosofia.jpg\" class=\"attachment-full size-full wp-image-6715\" alt=\"\" srcset=\"https:\/\/rutesentrerefugis.com\/wp-content\/uploads\/2023\/01\/01-Caminar-una-Filosofia.jpg 2000w, https:\/\/rutesentrerefugis.com\/wp-content\/uploads\/2023\/01\/01-Caminar-una-Filosofia-300x120.jpg 300w, https:\/\/rutesentrerefugis.com\/wp-content\/uploads\/2023\/01\/01-Caminar-una-Filosofia-1024x410.jpg 1024w, https:\/\/rutesentrerefugis.com\/wp-content\/uploads\/2023\/01\/01-Caminar-una-Filosofia-768x307.jpg 768w, https:\/\/rutesentrerefugis.com\/wp-content\/uploads\/2023\/01\/01-Caminar-una-Filosofia-1536x614.jpg 1536w\" sizes=\"(max-width: 2000px) 100vw, 2000px\" \/>\t\t\t\t\t\t\t\t\t\t\t<figcaption class=\"widget-image-caption wp-caption-text\">(\u00a9 Emanuela Boros)<\/figcaption>\n\t\t\t\t\t\t\t\t\t\t<\/figure>\n\t\t\t\t\t\t\t\t\t<\/div>\n\t\t\t\t<\/div>\n\t\t\t\t\t<\/div>\n\t\t<\/div>\n\t\t\t\t\t<\/div>\n\t\t<\/section>\n\t\t\t\t<section class=\"elementor-section elementor-top-section elementor-element elementor-element-8c8568b elementor-section-full_width elementor-section-height-default elementor-section-height-default\" data-id=\"8c8568b\" data-element_type=\"section\" data-e-type=\"section\">\n\t\t\t\t\t\t<div class=\"elementor-container elementor-column-gap-default\">\n\t\t\t\t\t<div class=\"elementor-column elementor-col-100 elementor-top-column elementor-element elementor-element-0f9adff\" data-id=\"0f9adff\" data-element_type=\"column\" data-e-type=\"column\">\n\t\t\t<div class=\"elementor-widget-wrap elementor-element-populated\">\n\t\t\t\t\t\t<div class=\"elementor-element elementor-element-6f5d802 elementor-widget elementor-widget-text-editor\" data-id=\"6f5d802\" data-element_type=\"widget\" data-e-type=\"widget\" data-widget_type=\"text-editor.default\">\n\t\t\t\t<div class=\"elementor-widget-container\">\n\t\t\t\t\t\t\t\t\t<h5>Un llibre m\u00e9s sobre la moda del caminar? \u00c9s clar que si, per\u00f2 no nom\u00e9s. L\u2019objectiu del llibre \u00e9s doble. Per una banda l\u2019autor presenta alguns grans pensadors, com ara <font color=\"#000000\">KANT<\/font>, <font color=\"#000000\">NIETZSCHE<\/font>, <font color=\"#000000\">RIMBAUD<\/font>, <font color=\"#000000\">ROUSSEAU<\/font>, <font color=\"#000000\">THOREAU<\/font>, <font color=\"#000000\">NERVAL<\/font>, entre d\u2019altres, com a intel\u00b7lectuals que han pogut desenvolupar el seu sistema de pensament gr\u00e0cies a caminar i a com caminem. \u00c9s a dir, l\u2019acte de caminar per algunes persones ha estat motor de pensament, de creaci\u00f3, de reflexi\u00f3 i de filosofia. Al costat d\u2019aquests mestres, persones an\u00f2nimes com nosaltres, que sens dubte no estem cridats a desenvolupar grans teories, podem aprendre d\u2019ells i seguir els seus ensenyaments per a crear les nostres petites filosofies quotidianes, potser simplement casolanes, que ens ajudin en el cam\u00ed de la vida. Amb un estil clar i did\u00e0ctic l\u2019autor ens convida a caminar agafats de la m\u00e0 d\u2019aquests fil\u00f2sofs, posant-nos darrera la seva estela, i deixar-nos envair pel seu pensament.<\/br>\n<\/br>\nPer\u00f2 no nom\u00e9s explica els grans fil\u00f2sofs, sin\u00f3 que s\u2019atura i pensa per explicar-nos alguns dels grans conceptes del caminar, que sempre hi s\u00f3n, que tots sabrem recon\u00e8ixer, per\u00f2 potser no hi parem esment o interpretem correctament. El silenci, la solitud, la lentitud, l\u2019energia, l\u2019eternitat, el benestar, el sentit de pelegrinatge s\u00f3n algunes de les idees que l\u2019autor ens ensenya, comparteix amb nosaltres i ens obre portes per endinsar-nos en el seu m\u00f3n, en una reflexi\u00f3 filos\u00f2fica tot caminant.<\/br>\n<\/br>\nCaminar, que no t\u00e9 res d\u2019heroic i potser no fa gaire de modern o glamur\u00f3s, vol dir posar el cos en tensi\u00f3 i provoca un estat de fascinaci\u00f3 que totes les religions han sabut aprofitar des de sempre. El ritme repetitiu, com la salm\u00f2dia de les preg\u00e0ries, t\u00e9 la curiosa capacitat de provocar el que alguns psic\u00f2legs anomenen l\u2019estat alfa de la ment. Un estat alfa \u00e9s una situaci\u00f3 de relaxaci\u00f3 total que es produeix quan s\u2019est\u00e0 despert i el cervell comen\u00e7a a emetre ones alfa per comptes d\u2019ones beta que s\u00f3n les que s\u2019emeten quan s\u2019est\u00e0 del tot despert. Ones alfa s\u00f3n les que tenim despr\u00e9s del sexe o quan ens endormisquem. Caminar buida el cap, per\u00f2 li dona una altra consist\u00e8ncia, estranya i fascinant.<\/h5>\t\t\t\t\t\t\t\t<\/div>\n\t\t\t\t<\/div>\n\t\t\t\t\t<\/div>\n\t\t<\/div>\n\t\t\t\t\t<\/div>\n\t\t<\/section>\n\t\t\t\t<section class=\"elementor-section elementor-top-section elementor-element elementor-element-3c06572 elementor-section-full_width elementor-section-height-default elementor-section-height-default\" data-id=\"3c06572\" data-element_type=\"section\" data-e-type=\"section\">\n\t\t\t\t\t\t<div class=\"elementor-container elementor-column-gap-default\">\n\t\t\t\t\t<div class=\"elementor-column elementor-col-100 elementor-top-column elementor-element elementor-element-11e2299\" data-id=\"11e2299\" data-element_type=\"column\" data-e-type=\"column\">\n\t\t\t<div class=\"elementor-widget-wrap elementor-element-populated\">\n\t\t\t\t\t\t<div class=\"elementor-element elementor-element-2d4d38c elementor-widget elementor-widget-image\" data-id=\"2d4d38c\" data-element_type=\"widget\" data-e-type=\"widget\" data-widget_type=\"image.default\">\n\t\t\t\t<div class=\"elementor-widget-container\">\n\t\t\t\t\t\t\t\t\t\t\t\t<figure class=\"wp-caption\">\n\t\t\t\t\t\t\t\t\t\t<img decoding=\"async\" width=\"2000\" height=\"800\" src=\"https:\/\/rutesentrerefugis.com\/wp-content\/uploads\/2023\/01\/02-Caminar-una-Filosofia.jpg\" class=\"attachment-full size-full wp-image-6725\" alt=\"\" srcset=\"https:\/\/rutesentrerefugis.com\/wp-content\/uploads\/2023\/01\/02-Caminar-una-Filosofia.jpg 2000w, https:\/\/rutesentrerefugis.com\/wp-content\/uploads\/2023\/01\/02-Caminar-una-Filosofia-300x120.jpg 300w, https:\/\/rutesentrerefugis.com\/wp-content\/uploads\/2023\/01\/02-Caminar-una-Filosofia-1024x410.jpg 1024w, https:\/\/rutesentrerefugis.com\/wp-content\/uploads\/2023\/01\/02-Caminar-una-Filosofia-768x307.jpg 768w, https:\/\/rutesentrerefugis.com\/wp-content\/uploads\/2023\/01\/02-Caminar-una-Filosofia-1536x614.jpg 1536w\" sizes=\"(max-width: 2000px) 100vw, 2000px\" \/>\t\t\t\t\t\t\t\t\t\t\t<figcaption class=\"widget-image-caption wp-caption-text\">(\u00a9 Fabrizio Conti)<\/figcaption>\n\t\t\t\t\t\t\t\t\t\t<\/figure>\n\t\t\t\t\t\t\t\t\t<\/div>\n\t\t\t\t<\/div>\n\t\t\t\t\t<\/div>\n\t\t<\/div>\n\t\t\t\t\t<\/div>\n\t\t<\/section>\n\t\t\t\t<section class=\"elementor-section elementor-top-section elementor-element elementor-element-c8f7892 elementor-section-full_width elementor-section-height-default elementor-section-height-default\" data-id=\"c8f7892\" data-element_type=\"section\" data-e-type=\"section\">\n\t\t\t\t\t\t<div class=\"elementor-container elementor-column-gap-default\">\n\t\t\t\t\t<div class=\"elementor-column elementor-col-100 elementor-top-column elementor-element elementor-element-121a480\" data-id=\"121a480\" data-element_type=\"column\" data-e-type=\"column\">\n\t\t\t<div class=\"elementor-widget-wrap elementor-element-populated\">\n\t\t\t\t\t\t<div class=\"elementor-element elementor-element-20ef52c elementor-widget elementor-widget-text-editor\" data-id=\"20ef52c\" data-element_type=\"widget\" data-e-type=\"widget\" data-widget_type=\"text-editor.default\">\n\t\t\t\t<div class=\"elementor-widget-container\">\n\t\t\t\t\t\t\t\t\t<h5>La filosofia i la poesia sempre han tingut molt en compte l\u2019acte de caminar precisament en la mesura que trescar, seguir el cop compassat dels peus sobre la terra, indica el ritme b\u00e0sic del pensament.<\/br>\n<\/br>\nEn un moment que la filosofia sembla que va desorientada, que li costa trobar i donar resposta a les grans preguntes del segle XXI, sembla que es replegui en un simple art de viure i  el caminar \u00e9s una eina simple i senzilla, per\u00f2 extraordin\u00e0riament potent per fer pensament, i aquest llibre \u00e9s una invitaci\u00f3 a endinsar-nos en aquest m\u00f3n.<\/br>\n<\/br>\nLlibre llumin\u00f3s, enormement suggestiu, a l\u2019abast de qualsevol lector, per\u00f2 no per aix\u00f2 menys profund, endre\u00e7at i per alguns inspirador, el caminar de la m\u00e0 de <font color=\"#000000\">FR\u00c9D\u00c9RIC GROS<\/font> \u00e9s una invitaci\u00f3 per fixar els elements b\u00e0sics d\u2019una moral del nostre temps on molts caminadors s\u2019hi sentiran a gust. Perqu\u00e8 caminar \u00e9s molt m\u00e9s que un esport, \u00e9s una invitaci\u00f3 al pensament i a la reflexi\u00f3. Text savi, per gaudir i degustar paraula a paraula, cap\u00edtol a cap\u00edtol. Llegiu-lo per\u00f2 sobretot sortiu a caminar. En tornareu canviats, una mica millors, potser tamb\u00e9 una mica m\u00e9s savis, a cops una mica m\u00e9s feli\u00e7os. Qu\u00e8 m\u00e9s se li pot demanar a un llibre i a una passejada? Un llibre important, que quedar\u00e0, i que sense fer gaire soroll sabr\u00e0 trobar els seus lectors.<\/h5>\t\t\t\t\t\t\t\t<\/div>\n\t\t\t\t<\/div>\n\t\t\t\t\t<\/div>\n\t\t<\/div>\n\t\t\t\t\t<\/div>\n\t\t<\/section>\n\t\t\t\t<section class=\"elementor-section elementor-top-section elementor-element elementor-element-4a899da elementor-section-full_width elementor-section-height-default elementor-section-height-default\" data-id=\"4a899da\" data-element_type=\"section\" data-e-type=\"section\">\n\t\t\t\t\t\t<div class=\"elementor-container elementor-column-gap-default\">\n\t\t\t\t\t<div class=\"elementor-column elementor-col-100 elementor-top-column elementor-element elementor-element-6038c67\" data-id=\"6038c67\" data-element_type=\"column\" data-e-type=\"column\">\n\t\t\t<div class=\"elementor-widget-wrap elementor-element-populated\">\n\t\t\t\t\t\t<div class=\"elementor-element elementor-element-0cf02b5 elementor-widget elementor-widget-image\" data-id=\"0cf02b5\" data-element_type=\"widget\" data-e-type=\"widget\" data-widget_type=\"image.default\">\n\t\t\t\t<div class=\"elementor-widget-container\">\n\t\t\t\t\t\t\t\t\t\t\t\t\t\t\t<img loading=\"lazy\" decoding=\"async\" width=\"2000\" height=\"800\" src=\"https:\/\/rutesentrerefugis.com\/wp-content\/uploads\/2023\/01\/03-Caminar-una-Filosofia.jpg\" class=\"attachment-full size-full wp-image-6729\" alt=\"\" srcset=\"https:\/\/rutesentrerefugis.com\/wp-content\/uploads\/2023\/01\/03-Caminar-una-Filosofia.jpg 2000w, https:\/\/rutesentrerefugis.com\/wp-content\/uploads\/2023\/01\/03-Caminar-una-Filosofia-300x120.jpg 300w, https:\/\/rutesentrerefugis.com\/wp-content\/uploads\/2023\/01\/03-Caminar-una-Filosofia-1024x410.jpg 1024w, https:\/\/rutesentrerefugis.com\/wp-content\/uploads\/2023\/01\/03-Caminar-una-Filosofia-768x307.jpg 768w, https:\/\/rutesentrerefugis.com\/wp-content\/uploads\/2023\/01\/03-Caminar-una-Filosofia-1536x614.jpg 1536w\" sizes=\"(max-width: 2000px) 100vw, 2000px\" \/>\t\t\t\t\t\t\t\t\t\t\t\t\t\t\t<\/div>\n\t\t\t\t<\/div>\n\t\t\t\t\t<\/div>\n\t\t<\/div>\n\t\t\t\t\t<\/div>\n\t\t<\/section>\n\t\t\t\t<section class=\"elementor-section elementor-top-section elementor-element elementor-element-4c99e21 elementor-section-full_width elementor-section-height-default elementor-section-height-default\" data-id=\"4c99e21\" data-element_type=\"section\" data-e-type=\"section\">\n\t\t\t\t\t\t<div class=\"elementor-container elementor-column-gap-default\">\n\t\t\t\t\t<div class=\"elementor-column elementor-col-100 elementor-top-column elementor-element elementor-element-b85e95b\" data-id=\"b85e95b\" data-element_type=\"column\" data-e-type=\"column\">\n\t\t\t<div class=\"elementor-widget-wrap elementor-element-populated\">\n\t\t\t\t\t\t<div class=\"elementor-element elementor-element-d11ee19 elementor-widget elementor-widget-spacer\" data-id=\"d11ee19\" data-element_type=\"widget\" data-e-type=\"widget\" data-widget_type=\"spacer.default\">\n\t\t\t\t<div class=\"elementor-widget-container\">\n\t\t\t\t\t\t\t<div class=\"elementor-spacer\">\n\t\t\t<div class=\"elementor-spacer-inner\"><\/div>\n\t\t<\/div>\n\t\t\t\t\t\t<\/div>\n\t\t\t\t<\/div>\n\t\t\t\t\t<\/div>\n\t\t<\/div>\n\t\t\t\t\t<\/div>\n\t\t<\/section>\n\t\t\t\t<section class=\"elementor-section elementor-top-section elementor-element elementor-element-6e100c0 elementor-section-full_width elementor-section-height-default elementor-section-height-default\" data-id=\"6e100c0\" data-element_type=\"section\" data-e-type=\"section\" data-settings=\"{&quot;background_background&quot;:&quot;classic&quot;}\">\n\t\t\t\t\t\t<div class=\"elementor-container elementor-column-gap-default\">\n\t\t\t\t\t<div class=\"elementor-column elementor-col-100 elementor-top-column elementor-element elementor-element-4cdfdc9\" data-id=\"4cdfdc9\" data-element_type=\"column\" data-e-type=\"column\">\n\t\t\t<div class=\"elementor-widget-wrap elementor-element-populated\">\n\t\t\t\t\t\t<div class=\"elementor-element elementor-element-89ea803 elementor-widget elementor-widget-image\" data-id=\"89ea803\" data-element_type=\"widget\" data-e-type=\"widget\" data-widget_type=\"image.default\">\n\t\t\t\t<div class=\"elementor-widget-container\">\n\t\t\t\t\t\t\t\t\t\t\t\t\t\t\t<img loading=\"lazy\" decoding=\"async\" width=\"100\" height=\"100\" src=\"https:\/\/rutesentrerefugis.com\/wp-content\/uploads\/2022\/05\/Enric-Faura-NW.jpg\" class=\"attachment-full size-full wp-image-7170\" alt=\"\" \/>\t\t\t\t\t\t\t\t\t\t\t\t\t\t\t<\/div>\n\t\t\t\t<\/div>\n\t\t\t\t<div class=\"elementor-element elementor-element-5ba100f elementor-widget elementor-widget-text-editor\" data-id=\"5ba100f\" data-element_type=\"widget\" data-e-type=\"widget\" data-widget_type=\"text-editor.default\">\n\t\t\t\t<div class=\"elementor-widget-container\">\n\t\t\t\t\t\t\t\t\t<h4>ENRIC FAURA<\/h4>\n<h5>Excursionista, muntanyenc, articulista i autor de llibres<\/h5>\t\t\t\t\t\t\t\t<\/div>\n\t\t\t\t<\/div>\n\t\t\t\t\t<\/div>\n\t\t<\/div>\n\t\t\t\t\t<\/div>\n\t\t<\/section>\n\t\t\t\t<section class=\"elementor-section elementor-top-section elementor-element elementor-element-aec3cc3 elementor-section-full_width elementor-section-height-default elementor-section-height-default\" data-id=\"aec3cc3\" data-element_type=\"section\" data-e-type=\"section\">\n\t\t\t\t\t\t<div class=\"elementor-container elementor-column-gap-default\">\n\t\t\t\t\t<div class=\"elementor-column elementor-col-100 elementor-top-column elementor-element elementor-element-8b917ef\" data-id=\"8b917ef\" data-element_type=\"column\" data-e-type=\"column\">\n\t\t\t<div class=\"elementor-widget-wrap elementor-element-populated\">\n\t\t\t\t\t\t<div class=\"elementor-element elementor-element-55e1d57 elementor-widget elementor-widget-spacer\" data-id=\"55e1d57\" data-element_type=\"widget\" data-e-type=\"widget\" data-widget_type=\"spacer.default\">\n\t\t\t\t<div class=\"elementor-widget-container\">\n\t\t\t\t\t\t\t<div class=\"elementor-spacer\">\n\t\t\t<div class=\"elementor-spacer-inner\"><\/div>\n\t\t<\/div>\n\t\t\t\t\t\t<\/div>\n\t\t\t\t<\/div>\n\t\t\t\t\t<\/div>\n\t\t<\/div>\n\t\t\t\t\t<\/div>\n\t\t<\/section>\n\t\t\t\t<section class=\"elementor-section elementor-top-section elementor-element elementor-element-ba5a911 elementor-section-full_width elementor-section-height-default elementor-section-height-default\" data-id=\"ba5a911\" data-element_type=\"section\" data-e-type=\"section\">\n\t\t\t\t\t\t<div class=\"elementor-container elementor-column-gap-default\">\n\t\t\t\t\t<div class=\"elementor-column elementor-col-100 elementor-top-column elementor-element elementor-element-6599b13\" data-id=\"6599b13\" data-element_type=\"column\" data-e-type=\"column\">\n\t\t\t<div class=\"elementor-widget-wrap elementor-element-populated\">\n\t\t\t\t\t\t<div class=\"elementor-element elementor-element-2f736f8 elementor-widget elementor-widget-heading\" data-id=\"2f736f8\" data-element_type=\"widget\" data-e-type=\"widget\" data-widget_type=\"heading.default\">\n\t\t\t\t<div class=\"elementor-widget-container\">\n\t\t\t\t\t<h5 class=\"elementor-heading-title elementor-size-default\"><font color=\"#999999\"><u>Per si vols compartir aquesta columna<\/u><\/font><\/h5>\t\t\t\t<\/div>\n\t\t\t\t<\/div>\n\t\t\t\t\t<\/div>\n\t\t<\/div>\n\t\t\t\t\t<\/div>\n\t\t<\/section>\n\t\t\t\t<section class=\"elementor-section elementor-top-section elementor-element elementor-element-bd545f9 elementor-section-full_width elementor-section-height-default elementor-section-height-default\" data-id=\"bd545f9\" data-element_type=\"section\" data-e-type=\"section\">\n\t\t\t\t\t\t<div class=\"elementor-container elementor-column-gap-default\">\n\t\t\t\t\t<div class=\"elementor-column elementor-col-100 elementor-top-column elementor-element elementor-element-9db2400\" data-id=\"9db2400\" data-element_type=\"column\" data-e-type=\"column\">\n\t\t\t<div class=\"elementor-widget-wrap elementor-element-populated\">\n\t\t\t\t\t\t<div class=\"elementor-element elementor-element-20b91ca elementor-share-buttons--view-icon elementor-share-buttons--skin-framed elementor-share-buttons--shape-circle elementor-share-buttons--color-custom elementor-grid-0 elementor-widget elementor-widget-share-buttons\" data-id=\"20b91ca\" data-element_type=\"widget\" data-e-type=\"widget\" data-widget_type=\"share-buttons.default\">\n\t\t\t\t<div class=\"elementor-widget-container\">\n\t\t\t\t\t\t\t<div class=\"elementor-grid\" role=\"list\">\n\t\t\t\t\t\t\t\t<div class=\"elementor-grid-item\" role=\"listitem\">\n\t\t\t\t\t\t<div class=\"elementor-share-btn elementor-share-btn_facebook\" role=\"button\" tabindex=\"0\" aria-label=\"Compartici\u00f3 en facebook\">\n\t\t\t\t\t\t\t\t\t\t\t\t\t\t\t<span class=\"elementor-share-btn__icon\">\n\t\t\t\t\t\t\t\t<i class=\"fab fa-facebook\" aria-hidden=\"true\"><\/i>\t\t\t\t\t\t\t<\/span>\n\t\t\t\t\t\t\t\t\t\t\t\t\t\t\t\t\t\t\t\t<\/div>\n\t\t\t\t\t<\/div>\n\t\t\t\t\t\t\t\t\t<div class=\"elementor-grid-item\" role=\"listitem\">\n\t\t\t\t\t\t<div class=\"elementor-share-btn elementor-share-btn_twitter\" role=\"button\" tabindex=\"0\" aria-label=\"Compartici\u00f3 en twitter\">\n\t\t\t\t\t\t\t\t\t\t\t\t\t\t\t<span class=\"elementor-share-btn__icon\">\n\t\t\t\t\t\t\t\t<i class=\"fab fa-twitter\" aria-hidden=\"true\"><\/i>\t\t\t\t\t\t\t<\/span>\n\t\t\t\t\t\t\t\t\t\t\t\t\t\t\t\t\t\t\t\t<\/div>\n\t\t\t\t\t<\/div>\n\t\t\t\t\t\t\t\t\t<div class=\"elementor-grid-item\" role=\"listitem\">\n\t\t\t\t\t\t<div class=\"elementor-share-btn elementor-share-btn_telegram\" role=\"button\" tabindex=\"0\" aria-label=\"Compartici\u00f3 en telegram\">\n\t\t\t\t\t\t\t\t\t\t\t\t\t\t\t<span class=\"elementor-share-btn__icon\">\n\t\t\t\t\t\t\t\t<i class=\"fab fa-telegram\" aria-hidden=\"true\"><\/i>\t\t\t\t\t\t\t<\/span>\n\t\t\t\t\t\t\t\t\t\t\t\t\t\t\t\t\t\t\t\t<\/div>\n\t\t\t\t\t<\/div>\n\t\t\t\t\t\t\t\t\t<div class=\"elementor-grid-item\" role=\"listitem\">\n\t\t\t\t\t\t<div class=\"elementor-share-btn elementor-share-btn_pinterest\" role=\"button\" tabindex=\"0\" aria-label=\"Compartici\u00f3 en pinterest\">\n\t\t\t\t\t\t\t\t\t\t\t\t\t\t\t<span class=\"elementor-share-btn__icon\">\n\t\t\t\t\t\t\t\t<i class=\"fab fa-pinterest\" aria-hidden=\"true\"><\/i>\t\t\t\t\t\t\t<\/span>\n\t\t\t\t\t\t\t\t\t\t\t\t\t\t\t\t\t\t\t\t<\/div>\n\t\t\t\t\t<\/div>\n\t\t\t\t\t\t\t\t\t<div class=\"elementor-grid-item\" role=\"listitem\">\n\t\t\t\t\t\t<div class=\"elementor-share-btn elementor-share-btn_whatsapp\" role=\"button\" tabindex=\"0\" aria-label=\"Compartici\u00f3 en whatsapp\">\n\t\t\t\t\t\t\t\t\t\t\t\t\t\t\t<span class=\"elementor-share-btn__icon\">\n\t\t\t\t\t\t\t\t<i class=\"fab fa-whatsapp\" aria-hidden=\"true\"><\/i>\t\t\t\t\t\t\t<\/span>\n\t\t\t\t\t\t\t\t\t\t\t\t\t\t\t\t\t\t\t\t<\/div>\n\t\t\t\t\t<\/div>\n\t\t\t\t\t\t\t\t\t<div class=\"elementor-grid-item\" role=\"listitem\">\n\t\t\t\t\t\t<div class=\"elementor-share-btn elementor-share-btn_email\" role=\"button\" tabindex=\"0\" aria-label=\"Compartici\u00f3 en email\">\n\t\t\t\t\t\t\t\t\t\t\t\t\t\t\t<span class=\"elementor-share-btn__icon\">\n\t\t\t\t\t\t\t\t<i class=\"fas fa-envelope\" aria-hidden=\"true\"><\/i>\t\t\t\t\t\t\t<\/span>\n\t\t\t\t\t\t\t\t\t\t\t\t\t\t\t\t\t\t\t\t<\/div>\n\t\t\t\t\t<\/div>\n\t\t\t\t\t\t\t\t\t<div class=\"elementor-grid-item\" role=\"listitem\">\n\t\t\t\t\t\t<div class=\"elementor-share-btn elementor-share-btn_print\" role=\"button\" tabindex=\"0\" aria-label=\"Compartici\u00f3 en print\">\n\t\t\t\t\t\t\t\t\t\t\t\t\t\t\t<span class=\"elementor-share-btn__icon\">\n\t\t\t\t\t\t\t\t<i class=\"fas fa-print\" aria-hidden=\"true\"><\/i>\t\t\t\t\t\t\t<\/span>\n\t\t\t\t\t\t\t\t\t\t\t\t\t\t\t\t\t\t\t\t<\/div>\n\t\t\t\t\t<\/div>\n\t\t\t\t\t\t<\/div>\n\t\t\t\t\t\t<\/div>\n\t\t\t\t<\/div>\n\t\t\t\t\t<\/div>\n\t\t<\/div>\n\t\t\t\t\t<\/div>\n\t\t<\/section>\n\t\t\t\t<section class=\"elementor-section elementor-top-section elementor-element elementor-element-2686f08 elementor-section-full_width elementor-section-height-default elementor-section-height-default\" data-id=\"2686f08\" data-element_type=\"section\" data-e-type=\"section\">\n\t\t\t\t\t\t<div class=\"elementor-container elementor-column-gap-default\">\n\t\t\t\t\t<div class=\"elementor-column elementor-col-100 elementor-top-column elementor-element elementor-element-1a0fabf\" data-id=\"1a0fabf\" data-element_type=\"column\" data-e-type=\"column\">\n\t\t\t<div class=\"elementor-widget-wrap elementor-element-populated\">\n\t\t\t\t\t\t<div class=\"elementor-element elementor-element-d1a5ea4 elementor-widget elementor-widget-spacer\" data-id=\"d1a5ea4\" data-element_type=\"widget\" data-e-type=\"widget\" data-widget_type=\"spacer.default\">\n\t\t\t\t<div class=\"elementor-widget-container\">\n\t\t\t\t\t\t\t<div class=\"elementor-spacer\">\n\t\t\t<div class=\"elementor-spacer-inner\"><\/div>\n\t\t<\/div>\n\t\t\t\t\t\t<\/div>\n\t\t\t\t<\/div>\n\t\t\t\t\t<\/div>\n\t\t<\/div>\n\t\t\t\t\t<\/div>\n\t\t<\/section>\n\t\t\t\t<section class=\"elementor-section elementor-top-section elementor-element elementor-element-0132f83 elementor-section-full_width elementor-section-height-default elementor-section-height-default\" data-id=\"0132f83\" data-element_type=\"section\" data-e-type=\"section\">\n\t\t\t\t\t\t<div class=\"elementor-container elementor-column-gap-default\">\n\t\t\t\t\t<div class=\"elementor-column elementor-col-100 elementor-top-column elementor-element elementor-element-229327d\" data-id=\"229327d\" data-element_type=\"column\" data-e-type=\"column\">\n\t\t\t<div class=\"elementor-widget-wrap elementor-element-populated\">\n\t\t\t\t\t\t<div class=\"elementor-element elementor-element-b62ed63 elementor-widget-divider--view-line elementor-widget elementor-widget-divider\" data-id=\"b62ed63\" data-element_type=\"widget\" data-e-type=\"widget\" data-widget_type=\"divider.default\">\n\t\t\t\t<div class=\"elementor-widget-container\">\n\t\t\t\t\t\t\t<div class=\"elementor-divider\">\n\t\t\t<span class=\"elementor-divider-separator\">\n\t\t\t\t\t\t<\/span>\n\t\t<\/div>\n\t\t\t\t\t\t<\/div>\n\t\t\t\t<\/div>\n\t\t\t\t\t<\/div>\n\t\t<\/div>\n\t\t\t\t\t<\/div>\n\t\t<\/section>\n\t\t\t\t<section class=\"elementor-section elementor-top-section elementor-element elementor-element-c39983e elementor-section-full_width elementor-section-height-default elementor-section-height-default\" data-id=\"c39983e\" data-element_type=\"section\" data-e-type=\"section\">\n\t\t\t\t\t\t<div class=\"elementor-container elementor-column-gap-default\">\n\t\t\t\t\t<div class=\"elementor-column elementor-col-100 elementor-top-column elementor-element elementor-element-fa8f63a\" data-id=\"fa8f63a\" data-element_type=\"column\" data-e-type=\"column\">\n\t\t\t<div class=\"elementor-widget-wrap elementor-element-populated\">\n\t\t\t\t\t\t<div class=\"elementor-element elementor-element-6eafcef elementor-widget elementor-widget-heading\" data-id=\"6eafcef\" data-element_type=\"widget\" data-e-type=\"widget\" data-widget_type=\"heading.default\">\n\t\t\t\t<div class=\"elementor-widget-container\">\n\t\t\t\t\t<h2 class=\"elementor-heading-title elementor-size-default\"><u>ARTICLES PUBLICATS PER L'AUTOR<\/u><\/h2>\t\t\t\t<\/div>\n\t\t\t\t<\/div>\n\t\t\t\t\t<\/div>\n\t\t<\/div>\n\t\t\t\t\t<\/div>\n\t\t<\/section>\n\t\t\t\t<section class=\"elementor-section elementor-top-section elementor-element elementor-element-2dd77e8 elementor-section-full_width elementor-section-height-default elementor-section-height-default\" data-id=\"2dd77e8\" data-element_type=\"section\" data-e-type=\"section\">\n\t\t\t\t\t\t<div class=\"elementor-container elementor-column-gap-default\">\n\t\t\t\t\t<div class=\"elementor-column elementor-col-100 elementor-top-column elementor-element elementor-element-fd3f2e4\" data-id=\"fd3f2e4\" data-element_type=\"column\" data-e-type=\"column\">\n\t\t\t<div class=\"elementor-widget-wrap elementor-element-populated\">\n\t\t\t\t\t\t<div class=\"elementor-element elementor-element-dcc124d elementor-widget elementor-widget-spacer\" data-id=\"dcc124d\" data-element_type=\"widget\" data-e-type=\"widget\" data-widget_type=\"spacer.default\">\n\t\t\t\t<div class=\"elementor-widget-container\">\n\t\t\t\t\t\t\t<div class=\"elementor-spacer\">\n\t\t\t<div class=\"elementor-spacer-inner\"><\/div>\n\t\t<\/div>\n\t\t\t\t\t\t<\/div>\n\t\t\t\t<\/div>\n\t\t\t\t\t<\/div>\n\t\t<\/div>\n\t\t\t\t\t<\/div>\n\t\t<\/section>\n\t\t\t\t<section class=\"elementor-section elementor-top-section elementor-element elementor-element-739b617 elementor-section-full_width elementor-section-height-default elementor-section-height-default\" data-id=\"739b617\" data-element_type=\"section\" data-e-type=\"section\">\n\t\t\t\t\t\t<div class=\"elementor-container elementor-column-gap-default\">\n\t\t\t\t\t<div class=\"elementor-column elementor-col-100 elementor-top-column elementor-element elementor-element-ea32f56\" data-id=\"ea32f56\" data-element_type=\"column\" data-e-type=\"column\">\n\t\t\t<div class=\"elementor-widget-wrap elementor-element-populated\">\n\t\t\t\t\t\t<div class=\"elementor-element elementor-element-60c689f elementor-grid-5 elementor-grid-tablet-2 elementor-grid-mobile-1 elementor-posts--thumbnail-top elementor-widget elementor-widget-posts\" data-id=\"60c689f\" data-element_type=\"widget\" data-e-type=\"widget\" data-settings=\"{&quot;classic_columns&quot;:&quot;5&quot;,&quot;classic_columns_tablet&quot;:&quot;2&quot;,&quot;classic_columns_mobile&quot;:&quot;1&quot;,&quot;classic_row_gap&quot;:{&quot;unit&quot;:&quot;px&quot;,&quot;size&quot;:35,&quot;sizes&quot;:[]},&quot;classic_row_gap_tablet&quot;:{&quot;unit&quot;:&quot;px&quot;,&quot;size&quot;:&quot;&quot;,&quot;sizes&quot;:[]},&quot;classic_row_gap_mobile&quot;:{&quot;unit&quot;:&quot;px&quot;,&quot;size&quot;:&quot;&quot;,&quot;sizes&quot;:[]}}\" data-widget_type=\"posts.classic\">\n\t\t\t\t<div class=\"elementor-widget-container\">\n\t\t\t\t\t\t\t<div class=\"elementor-posts-container elementor-posts elementor-posts--skin-classic elementor-grid\" role=\"list\">\n\t\t\t\t<article class=\"elementor-post elementor-grid-item post-29025 post type-post status-publish format-standard has-post-thumbnail hentry category-blog category-enric-faura-ca category-llibres tag-article tag-articulo tag-blog tag-capitan-swing-es-ca tag-columnas-ca tag-columnes-ca tag-cronicas-ca tag-croniques-ca tag-enric-faura-es-ca tag-la-bandera-en-la-cumbre-ca tag-libros tag-llibres tag-pablo-batalla tag-politica-ca\" role=\"listitem\">\n\t\t\t\t<a class=\"elementor-post__thumbnail__link\" href=\"https:\/\/rutesentrerefugis.com\/index.php\/2025\/10\/25\/tot-es-politica\/\" tabindex=\"-1\" >\n\t\t\t<div class=\"elementor-post__thumbnail\"><img loading=\"lazy\" decoding=\"async\" width=\"1200\" height=\"800\" src=\"https:\/\/rutesentrerefugis.com\/wp-content\/uploads\/2025\/10\/Tot-es-Politica-Inici.jpg\" class=\"attachment-full size-full wp-image-29026\" alt=\"\" srcset=\"https:\/\/rutesentrerefugis.com\/wp-content\/uploads\/2025\/10\/Tot-es-Politica-Inici.jpg 1200w, https:\/\/rutesentrerefugis.com\/wp-content\/uploads\/2025\/10\/Tot-es-Politica-Inici-300x200.jpg 300w, https:\/\/rutesentrerefugis.com\/wp-content\/uploads\/2025\/10\/Tot-es-Politica-Inici-1024x683.jpg 1024w, https:\/\/rutesentrerefugis.com\/wp-content\/uploads\/2025\/10\/Tot-es-Politica-Inici-768x512.jpg 768w\" sizes=\"(max-width: 1200px) 100vw, 1200px\" \/><\/div>\n\t\t<\/a>\n\t\t\t\t<div class=\"elementor-post__text\">\n\t\t\t\t<h3 class=\"elementor-post__title\">\n\t\t\t<a href=\"https:\/\/rutesentrerefugis.com\/index.php\/2025\/10\/25\/tot-es-politica\/\" >\n\t\t\t\tTOT \u00c9S POL\u00cdTICA?\t\t\t<\/a>\n\t\t<\/h3>\n\t\t\t\t<div class=\"elementor-post__meta-data\">\n\t\t\t\t\t<span class=\"elementor-post-date\">\n\t\t\t25\/10\/2025\t\t<\/span>\n\t\t\t\t<\/div>\n\t\t\t\t<\/div>\n\t\t\t\t<\/article>\n\t\t\t\t<article class=\"elementor-post elementor-grid-item post-6708 post type-post status-publish format-standard has-post-thumbnail hentry category-blog category-enric-faura-ca category-llibres tag-angle-editorial-es-ca tag-columnas-ca tag-columnes-ca tag-cossetania-es-ca tag-enric-faura-es-ca tag-foucault-es-ca tag-frederic-gros-es-ca tag-kant-es-ca tag-nerval-ca tag-nietzsche-es-ca tag-rimbaud-ca tag-thoreau-ca\" role=\"listitem\">\n\t\t\t\t<a class=\"elementor-post__thumbnail__link\" href=\"https:\/\/rutesentrerefugis.com\/index.php\/2022\/05\/09\/caminar-una-filosofia\/\" tabindex=\"-1\" >\n\t\t\t<div class=\"elementor-post__thumbnail\"><img loading=\"lazy\" decoding=\"async\" width=\"1200\" height=\"800\" src=\"https:\/\/rutesentrerefugis.com\/wp-content\/uploads\/2023\/01\/Caminar-una-Filosofia-Inici-NW.jpg\" class=\"attachment-full size-full wp-image-6710\" alt=\"\" srcset=\"https:\/\/rutesentrerefugis.com\/wp-content\/uploads\/2023\/01\/Caminar-una-Filosofia-Inici-NW.jpg 1200w, https:\/\/rutesentrerefugis.com\/wp-content\/uploads\/2023\/01\/Caminar-una-Filosofia-Inici-NW-300x200.jpg 300w, https:\/\/rutesentrerefugis.com\/wp-content\/uploads\/2023\/01\/Caminar-una-Filosofia-Inici-NW-1024x683.jpg 1024w, https:\/\/rutesentrerefugis.com\/wp-content\/uploads\/2023\/01\/Caminar-una-Filosofia-Inici-NW-768x512.jpg 768w\" sizes=\"(max-width: 1200px) 100vw, 1200px\" \/><\/div>\n\t\t<\/a>\n\t\t\t\t<div class=\"elementor-post__text\">\n\t\t\t\t<h3 class=\"elementor-post__title\">\n\t\t\t<a href=\"https:\/\/rutesentrerefugis.com\/index.php\/2022\/05\/09\/caminar-una-filosofia\/\" >\n\t\t\t\tCAMINAR, UNA FILOSOFIA\t\t\t<\/a>\n\t\t<\/h3>\n\t\t\t\t<div class=\"elementor-post__meta-data\">\n\t\t\t\t\t<span class=\"elementor-post-date\">\n\t\t\t09\/05\/2022\t\t<\/span>\n\t\t\t\t<\/div>\n\t\t\t\t<\/div>\n\t\t\t\t<\/article>\n\t\t\t\t<article class=\"elementor-post elementor-grid-item post-6895 post type-post status-publish format-standard has-post-thumbnail hentry category-blog category-enric-faura-ca category-llibres tag-aransa-ca tag-boscuria-ca tag-cadi-ca tag-cap-del-rec-ca tag-columnas-ca tag-columnes-ca tag-enric-faura-es-ca tag-gaudi-es-ca tag-miquel-bassols-i-puig-es-ca tag-montserrat-es-ca tag-simbol-editors-es-ca tag-verdaguer-es-ca tag-witter-es-ca\" role=\"listitem\">\n\t\t\t\t<a class=\"elementor-post__thumbnail__link\" href=\"https:\/\/rutesentrerefugis.com\/index.php\/2021\/09\/20\/de-boscuries\/\" tabindex=\"-1\" >\n\t\t\t<div class=\"elementor-post__thumbnail\"><img loading=\"lazy\" decoding=\"async\" width=\"1200\" height=\"800\" src=\"https:\/\/rutesentrerefugis.com\/wp-content\/uploads\/2023\/01\/De-Boscuria-Inici-NW.jpg\" class=\"attachment-full size-full wp-image-6896\" alt=\"\" srcset=\"https:\/\/rutesentrerefugis.com\/wp-content\/uploads\/2023\/01\/De-Boscuria-Inici-NW.jpg 1200w, https:\/\/rutesentrerefugis.com\/wp-content\/uploads\/2023\/01\/De-Boscuria-Inici-NW-300x200.jpg 300w, https:\/\/rutesentrerefugis.com\/wp-content\/uploads\/2023\/01\/De-Boscuria-Inici-NW-1024x683.jpg 1024w, https:\/\/rutesentrerefugis.com\/wp-content\/uploads\/2023\/01\/De-Boscuria-Inici-NW-768x512.jpg 768w\" sizes=\"(max-width: 1200px) 100vw, 1200px\" \/><\/div>\n\t\t<\/a>\n\t\t\t\t<div class=\"elementor-post__text\">\n\t\t\t\t<h3 class=\"elementor-post__title\">\n\t\t\t<a href=\"https:\/\/rutesentrerefugis.com\/index.php\/2021\/09\/20\/de-boscuries\/\" >\n\t\t\t\tDE BOSC\u00daRIES\t\t\t<\/a>\n\t\t<\/h3>\n\t\t\t\t<div class=\"elementor-post__meta-data\">\n\t\t\t\t\t<span class=\"elementor-post-date\">\n\t\t\t20\/09\/2021\t\t<\/span>\n\t\t\t\t<\/div>\n\t\t\t\t<\/div>\n\t\t\t\t<\/article>\n\t\t\t\t<article class=\"elementor-post elementor-grid-item post-6875 post type-post status-publish format-standard has-post-thumbnail hentry category-blog category-enric-faura-ca category-llibres tag-columnas-ca tag-columnes-ca tag-elogi-dels-camins-ca tag-elogio-de-los-caminos-ca tag-enric-faura-es-ca tag-oslo-ca tag-simbol-editors-es-ca tag-torbjorn-ekelund-ca tag-volcano-editorial-ca\" role=\"listitem\">\n\t\t\t\t<a class=\"elementor-post__thumbnail__link\" href=\"https:\/\/rutesentrerefugis.com\/index.php\/2021\/03\/15\/elogi-dels-camins-un-text-suggestiu\/\" tabindex=\"-1\" >\n\t\t\t<div class=\"elementor-post__thumbnail\"><img loading=\"lazy\" decoding=\"async\" width=\"1200\" height=\"800\" src=\"https:\/\/rutesentrerefugis.com\/wp-content\/uploads\/2023\/01\/Elogi-dels-Camins-Inici-NW.jpg\" class=\"attachment-full size-full wp-image-6876\" alt=\"\" srcset=\"https:\/\/rutesentrerefugis.com\/wp-content\/uploads\/2023\/01\/Elogi-dels-Camins-Inici-NW.jpg 1200w, https:\/\/rutesentrerefugis.com\/wp-content\/uploads\/2023\/01\/Elogi-dels-Camins-Inici-NW-300x200.jpg 300w, https:\/\/rutesentrerefugis.com\/wp-content\/uploads\/2023\/01\/Elogi-dels-Camins-Inici-NW-1024x683.jpg 1024w, https:\/\/rutesentrerefugis.com\/wp-content\/uploads\/2023\/01\/Elogi-dels-Camins-Inici-NW-768x512.jpg 768w\" sizes=\"(max-width: 1200px) 100vw, 1200px\" \/><\/div>\n\t\t<\/a>\n\t\t\t\t<div class=\"elementor-post__text\">\n\t\t\t\t<h3 class=\"elementor-post__title\">\n\t\t\t<a href=\"https:\/\/rutesentrerefugis.com\/index.php\/2021\/03\/15\/elogi-dels-camins-un-text-suggestiu\/\" >\n\t\t\t\tELOGI DELS CAMINS, UN TEXT SUGGESTIU\t\t\t<\/a>\n\t\t<\/h3>\n\t\t\t\t<div class=\"elementor-post__meta-data\">\n\t\t\t\t\t<span class=\"elementor-post-date\">\n\t\t\t15\/03\/2021\t\t<\/span>\n\t\t\t\t<\/div>\n\t\t\t\t<\/div>\n\t\t\t\t<\/article>\n\t\t\t\t<article class=\"elementor-post elementor-grid-item post-6848 post type-post status-publish format-standard has-post-thumbnail hentry category-blog category-enric-faura-ca category-llibres tag-anglaterra-ca tag-columnas-ca tag-columnes-ca tag-enric-faura-es-ca tag-guadarrama-ca tag-himalaia-ca tag-himalaya-ca tag-inglaterra-ca tag-la-montanas-de-la-mente-ca tag-la-viejas-sendas-ca tag-naturaleza-virgen-ca tag-palestina-ca tag-raimon-panikkar-ca tag-robert-macfarlane-ca\" role=\"listitem\">\n\t\t\t\t<a class=\"elementor-post__thumbnail__link\" href=\"https:\/\/rutesentrerefugis.com\/index.php\/2020\/12\/05\/els-vells-camins\/\" tabindex=\"-1\" >\n\t\t\t<div class=\"elementor-post__thumbnail\"><img loading=\"lazy\" decoding=\"async\" width=\"1200\" height=\"800\" src=\"https:\/\/rutesentrerefugis.com\/wp-content\/uploads\/2023\/01\/Els-Vells-Camins-Inici-NW.jpg\" class=\"attachment-full size-full wp-image-6849\" alt=\"\" srcset=\"https:\/\/rutesentrerefugis.com\/wp-content\/uploads\/2023\/01\/Els-Vells-Camins-Inici-NW.jpg 1200w, https:\/\/rutesentrerefugis.com\/wp-content\/uploads\/2023\/01\/Els-Vells-Camins-Inici-NW-300x200.jpg 300w, https:\/\/rutesentrerefugis.com\/wp-content\/uploads\/2023\/01\/Els-Vells-Camins-Inici-NW-1024x683.jpg 1024w, https:\/\/rutesentrerefugis.com\/wp-content\/uploads\/2023\/01\/Els-Vells-Camins-Inici-NW-768x512.jpg 768w\" sizes=\"(max-width: 1200px) 100vw, 1200px\" \/><\/div>\n\t\t<\/a>\n\t\t\t\t<div class=\"elementor-post__text\">\n\t\t\t\t<h3 class=\"elementor-post__title\">\n\t\t\t<a href=\"https:\/\/rutesentrerefugis.com\/index.php\/2020\/12\/05\/els-vells-camins\/\" >\n\t\t\t\tELS VELLS CAMINS\t\t\t<\/a>\n\t\t<\/h3>\n\t\t\t\t<div class=\"elementor-post__meta-data\">\n\t\t\t\t\t<span class=\"elementor-post-date\">\n\t\t\t05\/12\/2020\t\t<\/span>\n\t\t\t\t<\/div>\n\t\t\t\t<\/div>\n\t\t\t\t<\/article>\n\t\t\t\t<article class=\"elementor-post elementor-grid-item post-6755 post type-post status-publish format-standard has-post-thumbnail hentry category-blog category-enric-faura-ca category-llibres tag-apalatxes-ca tag-capitan-swing-es-ca tag-columnas-ca tag-columnes-ca tag-en-los-senderos-es-ca tag-enric-faura-es-ca tag-estats-units-es-ca tag-georgia-es-ca tag-maine-es-ca tag-robert-moor-ca\" role=\"listitem\">\n\t\t\t\t<a class=\"elementor-post__thumbnail__link\" href=\"https:\/\/rutesentrerefugis.com\/index.php\/2020\/05\/05\/de-senders-i-pensaments\/\" tabindex=\"-1\" >\n\t\t\t<div class=\"elementor-post__thumbnail\"><img loading=\"lazy\" decoding=\"async\" width=\"1200\" height=\"800\" src=\"https:\/\/rutesentrerefugis.com\/wp-content\/uploads\/2023\/01\/Senders-Inici-NW.jpg\" class=\"attachment-full size-full wp-image-6756\" alt=\"\" srcset=\"https:\/\/rutesentrerefugis.com\/wp-content\/uploads\/2023\/01\/Senders-Inici-NW.jpg 1200w, https:\/\/rutesentrerefugis.com\/wp-content\/uploads\/2023\/01\/Senders-Inici-NW-300x200.jpg 300w, https:\/\/rutesentrerefugis.com\/wp-content\/uploads\/2023\/01\/Senders-Inici-NW-1024x683.jpg 1024w, https:\/\/rutesentrerefugis.com\/wp-content\/uploads\/2023\/01\/Senders-Inici-NW-768x512.jpg 768w\" sizes=\"(max-width: 1200px) 100vw, 1200px\" \/><\/div>\n\t\t<\/a>\n\t\t\t\t<div class=\"elementor-post__text\">\n\t\t\t\t<h3 class=\"elementor-post__title\">\n\t\t\t<a href=\"https:\/\/rutesentrerefugis.com\/index.php\/2020\/05\/05\/de-senders-i-pensaments\/\" >\n\t\t\t\tDE SENDERS I PENSAMENTS\t\t\t<\/a>\n\t\t<\/h3>\n\t\t\t\t<div class=\"elementor-post__meta-data\">\n\t\t\t\t\t<span class=\"elementor-post-date\">\n\t\t\t05\/05\/2020\t\t<\/span>\n\t\t\t\t<\/div>\n\t\t\t\t<\/div>\n\t\t\t\t<\/article>\n\t\t\t\t<article class=\"elementor-post elementor-grid-item post-6819 post type-post status-publish format-standard has-post-thumbnail hentry category-blog category-enric-faura-ca tag-alaska-ca tag-california-ca tag-canada-ca tag-columnas-ca tag-columnes-ca tag-el-pare-de-la-wilderness-ca tag-emerson-ca tag-enric-faura-es-ca tag-estats-units-es-ca tag-europa-ca tag-grand-canyon-ca tag-irlanda-ca tag-john-muir-ca tag-john-muir-trail-ca tag-los-angeles-ca tag-mount-ranier-ca tag-p-n-de-sequoia-ca tag-p-n-de-yellowstone-ca tag-petrified-forest-ca tag-sant-diego-ca tag-sierra-club-ca tag-sierra-nevada-es-ca tag-thoreau-ca tag-usa-ca tag-wilderness-ca tag-wisconsin-ca tag-yosemite-ca\" role=\"listitem\">\n\t\t\t\t<a class=\"elementor-post__thumbnail__link\" href=\"https:\/\/rutesentrerefugis.com\/index.php\/2020\/02\/02\/john-muir-el-pare-de-la-wilderness\/\" tabindex=\"-1\" >\n\t\t\t<div class=\"elementor-post__thumbnail\"><img loading=\"lazy\" decoding=\"async\" width=\"1200\" height=\"800\" src=\"https:\/\/rutesentrerefugis.com\/wp-content\/uploads\/2023\/01\/John-Muir-Inici-NW.jpg\" class=\"attachment-full size-full wp-image-6820\" alt=\"\" srcset=\"https:\/\/rutesentrerefugis.com\/wp-content\/uploads\/2023\/01\/John-Muir-Inici-NW.jpg 1200w, https:\/\/rutesentrerefugis.com\/wp-content\/uploads\/2023\/01\/John-Muir-Inici-NW-300x200.jpg 300w, https:\/\/rutesentrerefugis.com\/wp-content\/uploads\/2023\/01\/John-Muir-Inici-NW-1024x683.jpg 1024w, https:\/\/rutesentrerefugis.com\/wp-content\/uploads\/2023\/01\/John-Muir-Inici-NW-768x512.jpg 768w\" sizes=\"(max-width: 1200px) 100vw, 1200px\" \/><\/div>\n\t\t<\/a>\n\t\t\t\t<div class=\"elementor-post__text\">\n\t\t\t\t<h3 class=\"elementor-post__title\">\n\t\t\t<a href=\"https:\/\/rutesentrerefugis.com\/index.php\/2020\/02\/02\/john-muir-el-pare-de-la-wilderness\/\" >\n\t\t\t\tJOHN MUIR, EL PARE DE LA WILDERNESS\t\t\t<\/a>\n\t\t<\/h3>\n\t\t\t\t<div class=\"elementor-post__meta-data\">\n\t\t\t\t\t<span class=\"elementor-post-date\">\n\t\t\t02\/02\/2020\t\t<\/span>\n\t\t\t\t<\/div>\n\t\t\t\t<\/div>\n\t\t\t\t<\/article>\n\t\t\t\t<\/div>\n\t\t\n\t\t\t\t\t\t<\/div>\n\t\t\t\t<\/div>\n\t\t\t\t\t<\/div>\n\t\t<\/div>\n\t\t\t\t\t<\/div>\n\t\t<\/section>\n\t\t\t\t<section class=\"elementor-section elementor-top-section elementor-element elementor-element-a021424 elementor-section-full_width elementor-section-height-default elementor-section-height-default\" data-id=\"a021424\" data-element_type=\"section\" data-e-type=\"section\">\n\t\t\t\t\t\t<div class=\"elementor-container elementor-column-gap-default\">\n\t\t\t\t\t<div class=\"elementor-column elementor-col-100 elementor-top-column elementor-element elementor-element-566ecfd\" data-id=\"566ecfd\" data-element_type=\"column\" data-e-type=\"column\">\n\t\t\t<div class=\"elementor-widget-wrap elementor-element-populated\">\n\t\t\t\t\t\t<div class=\"elementor-element elementor-element-985f0fd elementor-widget-divider--view-line elementor-widget elementor-widget-divider\" data-id=\"985f0fd\" data-element_type=\"widget\" data-e-type=\"widget\" data-widget_type=\"divider.default\">\n\t\t\t\t<div class=\"elementor-widget-container\">\n\t\t\t\t\t\t\t<div class=\"elementor-divider\">\n\t\t\t<span class=\"elementor-divider-separator\">\n\t\t\t\t\t\t<\/span>\n\t\t<\/div>\n\t\t\t\t\t\t<\/div>\n\t\t\t\t<\/div>\n\t\t\t\t\t<\/div>\n\t\t<\/div>\n\t\t\t\t\t<\/div>\n\t\t<\/section>\n\t\t\t\t<section class=\"elementor-section elementor-top-section elementor-element elementor-element-3c73041 elementor-section-full_width elementor-section-height-default elementor-section-height-default\" data-id=\"3c73041\" data-element_type=\"section\" data-e-type=\"section\">\n\t\t\t\t\t\t<div class=\"elementor-container elementor-column-gap-default\">\n\t\t\t\t\t<div class=\"elementor-column elementor-col-100 elementor-top-column elementor-element elementor-element-1c10c07\" data-id=\"1c10c07\" data-element_type=\"column\" data-e-type=\"column\">\n\t\t\t<div class=\"elementor-widget-wrap elementor-element-populated\">\n\t\t\t\t\t\t<div class=\"elementor-element elementor-element-d392998 elementor-widget elementor-widget-spacer\" data-id=\"d392998\" data-element_type=\"widget\" data-e-type=\"widget\" data-widget_type=\"spacer.default\">\n\t\t\t\t<div class=\"elementor-widget-container\">\n\t\t\t\t\t\t\t<div class=\"elementor-spacer\">\n\t\t\t<div class=\"elementor-spacer-inner\"><\/div>\n\t\t<\/div>\n\t\t\t\t\t\t<\/div>\n\t\t\t\t<\/div>\n\t\t\t\t\t<\/div>\n\t\t<\/div>\n\t\t\t\t\t<\/div>\n\t\t<\/section>\n\t\t\t\t<\/div>\n\t\t","protected":false},"excerpt":{"rendered":"<p>CAMINAR, UNA FILOSOFIA Columna escrita per ENRIC FAURA \u201cCaminar no \u00e9s cap esport\u201d. Aquesta contundent afirmaci\u00f3, que sembla evident, en ple segle XXI potser cal<\/p>\n","protected":false},"author":12,"featured_media":6710,"comment_status":"open","ping_status":"open","sticky":false,"template":"elementor_header_footer","format":"standard","meta":{"_monsterinsights_skip_tracking":false,"_monsterinsights_sitenote_active":false,"_monsterinsights_sitenote_note":"","_monsterinsights_sitenote_category":0,"footnotes":""},"categories":[5124,5390,11418],"tags":[6752,5234,5236,6754,5398,6756,6758,6760,6762,6764,6766,6056],"class_list":["post-6708","post","type-post","status-publish","format-standard","has-post-thumbnail","hentry","category-blog","category-enric-faura-ca","category-llibres","tag-angle-editorial-es-ca","tag-columnas-ca","tag-columnes-ca","tag-cossetania-es-ca","tag-enric-faura-es-ca","tag-foucault-es-ca","tag-frederic-gros-es-ca","tag-kant-es-ca","tag-nerval-ca","tag-nietzsche-es-ca","tag-rimbaud-ca","tag-thoreau-ca"],"yoast_head":"<!-- This site is optimized with the Yoast SEO plugin v27.5 - https:\/\/yoast.com\/product\/yoast-seo-wordpress\/ -->\n<title>CAMINAR, UNA FILOSOFIA - Rutes Entre Refugis<\/title>\n<meta name=\"robots\" content=\"index, follow, max-snippet:-1, max-image-preview:large, max-video-preview:-1\" \/>\n<link rel=\"canonical\" href=\"https:\/\/rutesentrerefugis.com\/index.php\/2022\/05\/09\/caminar-una-filosofia\/\" \/>\n<meta property=\"og:locale\" content=\"es_ES\" \/>\n<meta property=\"og:type\" content=\"article\" \/>\n<meta property=\"og:title\" content=\"CAMINAR, UNA FILOSOFIA - Rutes Entre Refugis\" \/>\n<meta property=\"og:description\" content=\"CAMINAR, UNA FILOSOFIA Columna escrita per ENRIC FAURA \u201cCaminar no \u00e9s cap esport\u201d. Aquesta contundent afirmaci\u00f3, que sembla evident, en ple segle XXI potser cal\" \/>\n<meta property=\"og:url\" content=\"https:\/\/rutesentrerefugis.com\/index.php\/2022\/05\/09\/caminar-una-filosofia\/\" \/>\n<meta property=\"og:site_name\" content=\"Rutes Entre Refugis\" \/>\n<meta property=\"article:published_time\" content=\"2022-05-09T09:15:00+00:00\" \/>\n<meta property=\"article:modified_time\" content=\"2024-10-01T17:03:45+00:00\" \/>\n<meta property=\"og:image\" content=\"https:\/\/rutesentrerefugis.com\/wp-content\/uploads\/2023\/01\/Caminar-una-Filosofia-Inici-NW.jpg\" \/>\n\t<meta property=\"og:image:width\" content=\"1200\" \/>\n\t<meta property=\"og:image:height\" content=\"800\" \/>\n\t<meta property=\"og:image:type\" content=\"image\/jpeg\" \/>\n<meta name=\"author\" content=\"Enric Faura\" \/>\n<meta name=\"twitter:card\" content=\"summary_large_image\" \/>\n<meta name=\"twitter:label1\" content=\"Escrito por\" \/>\n\t<meta name=\"twitter:data1\" content=\"Enric Faura\" \/>\n\t<meta name=\"twitter:label2\" content=\"Tiempo de lectura\" \/>\n\t<meta name=\"twitter:data2\" content=\"7 minutos\" \/>\n<script type=\"application\/ld+json\" class=\"yoast-schema-graph\">{\"@context\":\"https:\\\/\\\/schema.org\",\"@graph\":[{\"@type\":\"Article\",\"@id\":\"https:\\\/\\\/rutesentrerefugis.com\\\/index.php\\\/2022\\\/05\\\/09\\\/caminar-una-filosofia\\\/#article\",\"isPartOf\":{\"@id\":\"https:\\\/\\\/rutesentrerefugis.com\\\/index.php\\\/2022\\\/05\\\/09\\\/caminar-una-filosofia\\\/\"},\"author\":{\"name\":\"Enric Faura\",\"@id\":\"https:\\\/\\\/rutesentrerefugis.com\\\/#\\\/schema\\\/person\\\/858cc9d4d454491334eef37dbef40927\"},\"headline\":\"CAMINAR, UNA FILOSOFIA\",\"datePublished\":\"2022-05-09T09:15:00+00:00\",\"dateModified\":\"2024-10-01T17:03:45+00:00\",\"mainEntityOfPage\":{\"@id\":\"https:\\\/\\\/rutesentrerefugis.com\\\/index.php\\\/2022\\\/05\\\/09\\\/caminar-una-filosofia\\\/\"},\"wordCount\":774,\"commentCount\":0,\"publisher\":{\"@id\":\"https:\\\/\\\/rutesentrerefugis.com\\\/#organization\"},\"image\":{\"@id\":\"https:\\\/\\\/rutesentrerefugis.com\\\/index.php\\\/2022\\\/05\\\/09\\\/caminar-una-filosofia\\\/#primaryimage\"},\"thumbnailUrl\":\"https:\\\/\\\/rutesentrerefugis.com\\\/wp-content\\\/uploads\\\/2023\\\/01\\\/Caminar-una-Filosofia-Inici-NW.jpg\",\"keywords\":[\"Angle Editorial\",\"Columnas\",\"Columnes\",\"Cosset\u00e0nia\",\"Enric Faura\",\"Foucault\",\"Fr\u00e9d\u00e9ric Gros\",\"Kant\",\"Nerval\",\"Nietzsche\",\"Rimbaud\",\"Thoreau\"],\"articleSection\":[\"Blog\",\"Enric Faura\",\"Llibres\"],\"inLanguage\":\"es\",\"potentialAction\":[{\"@type\":\"CommentAction\",\"name\":\"Comment\",\"target\":[\"https:\\\/\\\/rutesentrerefugis.com\\\/index.php\\\/2022\\\/05\\\/09\\\/caminar-una-filosofia\\\/#respond\"]}]},{\"@type\":\"WebPage\",\"@id\":\"https:\\\/\\\/rutesentrerefugis.com\\\/index.php\\\/2022\\\/05\\\/09\\\/caminar-una-filosofia\\\/\",\"url\":\"https:\\\/\\\/rutesentrerefugis.com\\\/index.php\\\/2022\\\/05\\\/09\\\/caminar-una-filosofia\\\/\",\"name\":\"CAMINAR, UNA FILOSOFIA - Rutes Entre Refugis\",\"isPartOf\":{\"@id\":\"https:\\\/\\\/rutesentrerefugis.com\\\/#website\"},\"primaryImageOfPage\":{\"@id\":\"https:\\\/\\\/rutesentrerefugis.com\\\/index.php\\\/2022\\\/05\\\/09\\\/caminar-una-filosofia\\\/#primaryimage\"},\"image\":{\"@id\":\"https:\\\/\\\/rutesentrerefugis.com\\\/index.php\\\/2022\\\/05\\\/09\\\/caminar-una-filosofia\\\/#primaryimage\"},\"thumbnailUrl\":\"https:\\\/\\\/rutesentrerefugis.com\\\/wp-content\\\/uploads\\\/2023\\\/01\\\/Caminar-una-Filosofia-Inici-NW.jpg\",\"datePublished\":\"2022-05-09T09:15:00+00:00\",\"dateModified\":\"2024-10-01T17:03:45+00:00\",\"breadcrumb\":{\"@id\":\"https:\\\/\\\/rutesentrerefugis.com\\\/index.php\\\/2022\\\/05\\\/09\\\/caminar-una-filosofia\\\/#breadcrumb\"},\"inLanguage\":\"es\",\"potentialAction\":[{\"@type\":\"ReadAction\",\"target\":[\"https:\\\/\\\/rutesentrerefugis.com\\\/index.php\\\/2022\\\/05\\\/09\\\/caminar-una-filosofia\\\/\"]}]},{\"@type\":\"ImageObject\",\"inLanguage\":\"es\",\"@id\":\"https:\\\/\\\/rutesentrerefugis.com\\\/index.php\\\/2022\\\/05\\\/09\\\/caminar-una-filosofia\\\/#primaryimage\",\"url\":\"https:\\\/\\\/rutesentrerefugis.com\\\/wp-content\\\/uploads\\\/2023\\\/01\\\/Caminar-una-Filosofia-Inici-NW.jpg\",\"contentUrl\":\"https:\\\/\\\/rutesentrerefugis.com\\\/wp-content\\\/uploads\\\/2023\\\/01\\\/Caminar-una-Filosofia-Inici-NW.jpg\",\"width\":1200,\"height\":800},{\"@type\":\"BreadcrumbList\",\"@id\":\"https:\\\/\\\/rutesentrerefugis.com\\\/index.php\\\/2022\\\/05\\\/09\\\/caminar-una-filosofia\\\/#breadcrumb\",\"itemListElement\":[{\"@type\":\"ListItem\",\"position\":1,\"name\":\"Inici\",\"item\":\"https:\\\/\\\/rutesentrerefugis.com\\\/\"},{\"@type\":\"ListItem\",\"position\":2,\"name\":\"CAMINAR, UNA FILOSOFIA\"}]},{\"@type\":\"WebSite\",\"@id\":\"https:\\\/\\\/rutesentrerefugis.com\\\/#website\",\"url\":\"https:\\\/\\\/rutesentrerefugis.com\\\/\",\"name\":\"Rutes Entre Refugis\",\"description\":\"Caminant sota un nom\",\"publisher\":{\"@id\":\"https:\\\/\\\/rutesentrerefugis.com\\\/#organization\"},\"potentialAction\":[{\"@type\":\"SearchAction\",\"target\":{\"@type\":\"EntryPoint\",\"urlTemplate\":\"https:\\\/\\\/rutesentrerefugis.com\\\/?s={search_term_string}\"},\"query-input\":{\"@type\":\"PropertyValueSpecification\",\"valueRequired\":true,\"valueName\":\"search_term_string\"}}],\"inLanguage\":\"es\"},{\"@type\":\"Organization\",\"@id\":\"https:\\\/\\\/rutesentrerefugis.com\\\/#organization\",\"name\":\"Rutes Entre Refugis\",\"url\":\"https:\\\/\\\/rutesentrerefugis.com\\\/\",\"logo\":{\"@type\":\"ImageObject\",\"inLanguage\":\"es\",\"@id\":\"https:\\\/\\\/rutesentrerefugis.com\\\/#\\\/schema\\\/logo\\\/image\\\/\",\"url\":\"https:\\\/\\\/rutesentrerefugis.com\\\/wp-content\\\/uploads\\\/2022\\\/08\\\/RutesEntreRefugis-Blanc-Retina-1.png\",\"contentUrl\":\"https:\\\/\\\/rutesentrerefugis.com\\\/wp-content\\\/uploads\\\/2022\\\/08\\\/RutesEntreRefugis-Blanc-Retina-1.png\",\"width\":400,\"height\":400,\"caption\":\"Rutes Entre Refugis\"},\"image\":{\"@id\":\"https:\\\/\\\/rutesentrerefugis.com\\\/#\\\/schema\\\/logo\\\/image\\\/\"}},{\"@type\":\"Person\",\"@id\":\"https:\\\/\\\/rutesentrerefugis.com\\\/#\\\/schema\\\/person\\\/858cc9d4d454491334eef37dbef40927\",\"name\":\"Enric Faura\",\"image\":{\"@type\":\"ImageObject\",\"inLanguage\":\"es\",\"@id\":\"https:\\\/\\\/rutesentrerefugis.com\\\/wp-content\\\/uploads\\\/2023\\\/05\\\/avatar_user_12_1683353104-96x96.jpg\",\"url\":\"https:\\\/\\\/rutesentrerefugis.com\\\/wp-content\\\/uploads\\\/2023\\\/05\\\/avatar_user_12_1683353104-96x96.jpg\",\"contentUrl\":\"https:\\\/\\\/rutesentrerefugis.com\\\/wp-content\\\/uploads\\\/2023\\\/05\\\/avatar_user_12_1683353104-96x96.jpg\",\"caption\":\"Enric Faura\"},\"url\":\"https:\\\/\\\/rutesentrerefugis.com\\\/index.php\\\/author\\\/enric-faura\\\/\"}]}<\/script>\n<!-- \/ Yoast SEO plugin. -->","yoast_head_json":{"title":"CAMINAR, UNA FILOSOFIA - Rutes Entre Refugis","robots":{"index":"index","follow":"follow","max-snippet":"max-snippet:-1","max-image-preview":"max-image-preview:large","max-video-preview":"max-video-preview:-1"},"canonical":"https:\/\/rutesentrerefugis.com\/index.php\/2022\/05\/09\/caminar-una-filosofia\/","og_locale":"es_ES","og_type":"article","og_title":"CAMINAR, UNA FILOSOFIA - Rutes Entre Refugis","og_description":"CAMINAR, UNA FILOSOFIA Columna escrita per ENRIC FAURA \u201cCaminar no \u00e9s cap esport\u201d. Aquesta contundent afirmaci\u00f3, que sembla evident, en ple segle XXI potser cal","og_url":"https:\/\/rutesentrerefugis.com\/index.php\/2022\/05\/09\/caminar-una-filosofia\/","og_site_name":"Rutes Entre Refugis","article_published_time":"2022-05-09T09:15:00+00:00","article_modified_time":"2024-10-01T17:03:45+00:00","og_image":[{"width":1200,"height":800,"url":"https:\/\/rutesentrerefugis.com\/wp-content\/uploads\/2023\/01\/Caminar-una-Filosofia-Inici-NW.jpg","type":"image\/jpeg"}],"author":"Enric Faura","twitter_card":"summary_large_image","twitter_misc":{"Escrito por":"Enric Faura","Tiempo de lectura":"7 minutos"},"schema":{"@context":"https:\/\/schema.org","@graph":[{"@type":"Article","@id":"https:\/\/rutesentrerefugis.com\/index.php\/2022\/05\/09\/caminar-una-filosofia\/#article","isPartOf":{"@id":"https:\/\/rutesentrerefugis.com\/index.php\/2022\/05\/09\/caminar-una-filosofia\/"},"author":{"name":"Enric Faura","@id":"https:\/\/rutesentrerefugis.com\/#\/schema\/person\/858cc9d4d454491334eef37dbef40927"},"headline":"CAMINAR, UNA FILOSOFIA","datePublished":"2022-05-09T09:15:00+00:00","dateModified":"2024-10-01T17:03:45+00:00","mainEntityOfPage":{"@id":"https:\/\/rutesentrerefugis.com\/index.php\/2022\/05\/09\/caminar-una-filosofia\/"},"wordCount":774,"commentCount":0,"publisher":{"@id":"https:\/\/rutesentrerefugis.com\/#organization"},"image":{"@id":"https:\/\/rutesentrerefugis.com\/index.php\/2022\/05\/09\/caminar-una-filosofia\/#primaryimage"},"thumbnailUrl":"https:\/\/rutesentrerefugis.com\/wp-content\/uploads\/2023\/01\/Caminar-una-Filosofia-Inici-NW.jpg","keywords":["Angle Editorial","Columnas","Columnes","Cosset\u00e0nia","Enric Faura","Foucault","Fr\u00e9d\u00e9ric Gros","Kant","Nerval","Nietzsche","Rimbaud","Thoreau"],"articleSection":["Blog","Enric Faura","Llibres"],"inLanguage":"es","potentialAction":[{"@type":"CommentAction","name":"Comment","target":["https:\/\/rutesentrerefugis.com\/index.php\/2022\/05\/09\/caminar-una-filosofia\/#respond"]}]},{"@type":"WebPage","@id":"https:\/\/rutesentrerefugis.com\/index.php\/2022\/05\/09\/caminar-una-filosofia\/","url":"https:\/\/rutesentrerefugis.com\/index.php\/2022\/05\/09\/caminar-una-filosofia\/","name":"CAMINAR, UNA FILOSOFIA - Rutes Entre Refugis","isPartOf":{"@id":"https:\/\/rutesentrerefugis.com\/#website"},"primaryImageOfPage":{"@id":"https:\/\/rutesentrerefugis.com\/index.php\/2022\/05\/09\/caminar-una-filosofia\/#primaryimage"},"image":{"@id":"https:\/\/rutesentrerefugis.com\/index.php\/2022\/05\/09\/caminar-una-filosofia\/#primaryimage"},"thumbnailUrl":"https:\/\/rutesentrerefugis.com\/wp-content\/uploads\/2023\/01\/Caminar-una-Filosofia-Inici-NW.jpg","datePublished":"2022-05-09T09:15:00+00:00","dateModified":"2024-10-01T17:03:45+00:00","breadcrumb":{"@id":"https:\/\/rutesentrerefugis.com\/index.php\/2022\/05\/09\/caminar-una-filosofia\/#breadcrumb"},"inLanguage":"es","potentialAction":[{"@type":"ReadAction","target":["https:\/\/rutesentrerefugis.com\/index.php\/2022\/05\/09\/caminar-una-filosofia\/"]}]},{"@type":"ImageObject","inLanguage":"es","@id":"https:\/\/rutesentrerefugis.com\/index.php\/2022\/05\/09\/caminar-una-filosofia\/#primaryimage","url":"https:\/\/rutesentrerefugis.com\/wp-content\/uploads\/2023\/01\/Caminar-una-Filosofia-Inici-NW.jpg","contentUrl":"https:\/\/rutesentrerefugis.com\/wp-content\/uploads\/2023\/01\/Caminar-una-Filosofia-Inici-NW.jpg","width":1200,"height":800},{"@type":"BreadcrumbList","@id":"https:\/\/rutesentrerefugis.com\/index.php\/2022\/05\/09\/caminar-una-filosofia\/#breadcrumb","itemListElement":[{"@type":"ListItem","position":1,"name":"Inici","item":"https:\/\/rutesentrerefugis.com\/"},{"@type":"ListItem","position":2,"name":"CAMINAR, UNA FILOSOFIA"}]},{"@type":"WebSite","@id":"https:\/\/rutesentrerefugis.com\/#website","url":"https:\/\/rutesentrerefugis.com\/","name":"Rutes Entre Refugis","description":"Caminant sota un nom","publisher":{"@id":"https:\/\/rutesentrerefugis.com\/#organization"},"potentialAction":[{"@type":"SearchAction","target":{"@type":"EntryPoint","urlTemplate":"https:\/\/rutesentrerefugis.com\/?s={search_term_string}"},"query-input":{"@type":"PropertyValueSpecification","valueRequired":true,"valueName":"search_term_string"}}],"inLanguage":"es"},{"@type":"Organization","@id":"https:\/\/rutesentrerefugis.com\/#organization","name":"Rutes Entre Refugis","url":"https:\/\/rutesentrerefugis.com\/","logo":{"@type":"ImageObject","inLanguage":"es","@id":"https:\/\/rutesentrerefugis.com\/#\/schema\/logo\/image\/","url":"https:\/\/rutesentrerefugis.com\/wp-content\/uploads\/2022\/08\/RutesEntreRefugis-Blanc-Retina-1.png","contentUrl":"https:\/\/rutesentrerefugis.com\/wp-content\/uploads\/2022\/08\/RutesEntreRefugis-Blanc-Retina-1.png","width":400,"height":400,"caption":"Rutes Entre Refugis"},"image":{"@id":"https:\/\/rutesentrerefugis.com\/#\/schema\/logo\/image\/"}},{"@type":"Person","@id":"https:\/\/rutesentrerefugis.com\/#\/schema\/person\/858cc9d4d454491334eef37dbef40927","name":"Enric Faura","image":{"@type":"ImageObject","inLanguage":"es","@id":"https:\/\/rutesentrerefugis.com\/wp-content\/uploads\/2023\/05\/avatar_user_12_1683353104-96x96.jpg","url":"https:\/\/rutesentrerefugis.com\/wp-content\/uploads\/2023\/05\/avatar_user_12_1683353104-96x96.jpg","contentUrl":"https:\/\/rutesentrerefugis.com\/wp-content\/uploads\/2023\/05\/avatar_user_12_1683353104-96x96.jpg","caption":"Enric Faura"},"url":"https:\/\/rutesentrerefugis.com\/index.php\/author\/enric-faura\/"}]}},"_links":{"self":[{"href":"https:\/\/rutesentrerefugis.com\/index.php\/wp-json\/wp\/v2\/posts\/6708","targetHints":{"allow":["GET"]}}],"collection":[{"href":"https:\/\/rutesentrerefugis.com\/index.php\/wp-json\/wp\/v2\/posts"}],"about":[{"href":"https:\/\/rutesentrerefugis.com\/index.php\/wp-json\/wp\/v2\/types\/post"}],"author":[{"embeddable":true,"href":"https:\/\/rutesentrerefugis.com\/index.php\/wp-json\/wp\/v2\/users\/12"}],"replies":[{"embeddable":true,"href":"https:\/\/rutesentrerefugis.com\/index.php\/wp-json\/wp\/v2\/comments?post=6708"}],"version-history":[{"count":42,"href":"https:\/\/rutesentrerefugis.com\/index.php\/wp-json\/wp\/v2\/posts\/6708\/revisions"}],"predecessor-version":[{"id":20953,"href":"https:\/\/rutesentrerefugis.com\/index.php\/wp-json\/wp\/v2\/posts\/6708\/revisions\/20953"}],"wp:featuredmedia":[{"embeddable":true,"href":"https:\/\/rutesentrerefugis.com\/index.php\/wp-json\/wp\/v2\/media\/6710"}],"wp:attachment":[{"href":"https:\/\/rutesentrerefugis.com\/index.php\/wp-json\/wp\/v2\/media?parent=6708"}],"wp:term":[{"taxonomy":"category","embeddable":true,"href":"https:\/\/rutesentrerefugis.com\/index.php\/wp-json\/wp\/v2\/categories?post=6708"},{"taxonomy":"post_tag","embeddable":true,"href":"https:\/\/rutesentrerefugis.com\/index.php\/wp-json\/wp\/v2\/tags?post=6708"}],"curies":[{"name":"wp","href":"https:\/\/api.w.org\/{rel}","templated":true}]}}