{"id":7056,"date":"2022-07-26T08:02:00","date_gmt":"2022-07-26T08:02:00","guid":{"rendered":"https:\/\/nova.rutesentrerefugis.com\/?p=7056"},"modified":"2024-09-04T15:48:26","modified_gmt":"2024-09-04T15:48:26","slug":"la-vida-en-la-punta-de-los-dedos","status":"publish","type":"post","link":"https:\/\/rutesentrerefugis.com\/index.php\/2022\/07\/26\/la-vida-en-la-punta-de-los-dedos\/","title":{"rendered":"LA VIDA EN LA PUNTA DE LOS DEDOS"},"content":{"rendered":"\t\t<div data-elementor-type=\"wp-post\" data-elementor-id=\"7056\" class=\"elementor elementor-7056\" data-elementor-post-type=\"post\">\n\t\t\t\t\t\t<section class=\"elementor-section elementor-top-section elementor-element elementor-element-95df28b elementor-section-full_width elementor-section-height-default elementor-section-height-default\" data-id=\"95df28b\" data-element_type=\"section\" data-e-type=\"section\" data-settings=\"{&quot;background_background&quot;:&quot;classic&quot;}\">\n\t\t\t\t\t\t<div class=\"elementor-container elementor-column-gap-default\">\n\t\t\t\t\t<div class=\"elementor-column elementor-col-100 elementor-top-column elementor-element elementor-element-84065af\" data-id=\"84065af\" data-element_type=\"column\" data-e-type=\"column\">\n\t\t\t<div class=\"elementor-widget-wrap elementor-element-populated\">\n\t\t\t\t\t\t<div class=\"elementor-element elementor-element-c09c1a0 elementor-widget elementor-widget-image\" data-id=\"c09c1a0\" data-element_type=\"widget\" data-e-type=\"widget\" data-widget_type=\"image.default\">\n\t\t\t\t<div class=\"elementor-widget-container\">\n\t\t\t\t\t\t\t\t\t\t\t\t\t\t\t<img fetchpriority=\"high\" decoding=\"async\" width=\"2000\" height=\"450\" src=\"https:\/\/rutesentrerefugis.com\/wp-content\/uploads\/2023\/01\/La-Vida-en-la-Punta-de-los-Dedos-Cap.jpg\" class=\"attachment-full size-full wp-image-7059\" alt=\"\" srcset=\"https:\/\/rutesentrerefugis.com\/wp-content\/uploads\/2023\/01\/La-Vida-en-la-Punta-de-los-Dedos-Cap.jpg 2000w, https:\/\/rutesentrerefugis.com\/wp-content\/uploads\/2023\/01\/La-Vida-en-la-Punta-de-los-Dedos-Cap-300x68.jpg 300w, https:\/\/rutesentrerefugis.com\/wp-content\/uploads\/2023\/01\/La-Vida-en-la-Punta-de-los-Dedos-Cap-1024x230.jpg 1024w, https:\/\/rutesentrerefugis.com\/wp-content\/uploads\/2023\/01\/La-Vida-en-la-Punta-de-los-Dedos-Cap-768x173.jpg 768w, https:\/\/rutesentrerefugis.com\/wp-content\/uploads\/2023\/01\/La-Vida-en-la-Punta-de-los-Dedos-Cap-1536x346.jpg 1536w\" sizes=\"(max-width: 2000px) 100vw, 2000px\" \/>\t\t\t\t\t\t\t\t\t\t\t\t\t\t\t<\/div>\n\t\t\t\t<\/div>\n\t\t\t\t\t<\/div>\n\t\t<\/div>\n\t\t\t\t\t<\/div>\n\t\t<\/section>\n\t\t\t\t<section class=\"elementor-section elementor-top-section elementor-element elementor-element-c2db30a elementor-section-full_width elementor-section-height-default elementor-section-height-default\" data-id=\"c2db30a\" data-element_type=\"section\" data-e-type=\"section\" data-settings=\"{&quot;background_background&quot;:&quot;classic&quot;}\">\n\t\t\t\t\t\t<div class=\"elementor-container elementor-column-gap-default\">\n\t\t\t\t\t<div class=\"elementor-column elementor-col-100 elementor-top-column elementor-element elementor-element-7702d15\" data-id=\"7702d15\" data-element_type=\"column\" data-e-type=\"column\">\n\t\t\t<div class=\"elementor-widget-wrap elementor-element-populated\">\n\t\t\t\t\t\t<div class=\"elementor-element elementor-element-d6bdcec elementor-widget elementor-widget-heading\" data-id=\"d6bdcec\" data-element_type=\"widget\" data-e-type=\"widget\" data-widget_type=\"heading.default\">\n\t\t\t\t<div class=\"elementor-widget-container\">\n\t\t\t\t\t<h2 class=\"elementor-heading-title elementor-size-default\">LA VIDA EN LA PUNTA DE LOS DEDOS<\/h2>\t\t\t\t<\/div>\n\t\t\t\t<\/div>\n\t\t\t\t\t<\/div>\n\t\t<\/div>\n\t\t\t\t\t<\/div>\n\t\t<\/section>\n\t\t\t\t<section class=\"elementor-section elementor-top-section elementor-element elementor-element-d4773d0 elementor-section-full_width elementor-section-height-default elementor-section-height-default\" data-id=\"d4773d0\" data-element_type=\"section\" data-e-type=\"section\" data-settings=\"{&quot;background_background&quot;:&quot;classic&quot;}\">\n\t\t\t\t\t\t<div class=\"elementor-container elementor-column-gap-default\">\n\t\t\t\t\t<div class=\"elementor-column elementor-col-100 elementor-top-column elementor-element elementor-element-a8be536\" data-id=\"a8be536\" data-element_type=\"column\" data-e-type=\"column\">\n\t\t\t<div class=\"elementor-widget-wrap elementor-element-populated\">\n\t\t\t\t\t\t<div class=\"elementor-element elementor-element-7b5d92c elementor-widget-divider--view-line elementor-widget elementor-widget-divider\" data-id=\"7b5d92c\" data-element_type=\"widget\" data-e-type=\"widget\" data-widget_type=\"divider.default\">\n\t\t\t\t<div class=\"elementor-widget-container\">\n\t\t\t\t\t\t\t<div class=\"elementor-divider\">\n\t\t\t<span class=\"elementor-divider-separator\">\n\t\t\t\t\t\t<\/span>\n\t\t<\/div>\n\t\t\t\t\t\t<\/div>\n\t\t\t\t<\/div>\n\t\t\t\t\t<\/div>\n\t\t<\/div>\n\t\t\t\t\t<\/div>\n\t\t<\/section>\n\t\t\t\t<section class=\"elementor-section elementor-top-section elementor-element elementor-element-88c38ed elementor-section-full_width elementor-section-height-default elementor-section-height-default\" data-id=\"88c38ed\" data-element_type=\"section\" data-e-type=\"section\">\n\t\t\t\t\t\t<div class=\"elementor-container elementor-column-gap-default\">\n\t\t\t\t\t<div class=\"elementor-column elementor-col-100 elementor-top-column elementor-element elementor-element-27365fc\" data-id=\"27365fc\" data-element_type=\"column\" data-e-type=\"column\">\n\t\t\t<div class=\"elementor-widget-wrap elementor-element-populated\">\n\t\t\t\t\t\t<div class=\"elementor-element elementor-element-a8716c3 elementor-widget elementor-widget-spacer\" data-id=\"a8716c3\" data-element_type=\"widget\" data-e-type=\"widget\" data-widget_type=\"spacer.default\">\n\t\t\t\t<div class=\"elementor-widget-container\">\n\t\t\t\t\t\t\t<div class=\"elementor-spacer\">\n\t\t\t<div class=\"elementor-spacer-inner\"><\/div>\n\t\t<\/div>\n\t\t\t\t\t\t<\/div>\n\t\t\t\t<\/div>\n\t\t\t\t\t<\/div>\n\t\t<\/div>\n\t\t\t\t\t<\/div>\n\t\t<\/section>\n\t\t\t\t<section class=\"elementor-section elementor-top-section elementor-element elementor-element-d03fa05 elementor-section-full_width elementor-section-height-default elementor-section-height-default\" data-id=\"d03fa05\" data-element_type=\"section\" data-e-type=\"section\">\n\t\t\t\t\t\t<div class=\"elementor-container elementor-column-gap-default\">\n\t\t\t\t\t<div class=\"elementor-column elementor-col-100 elementor-top-column elementor-element elementor-element-c4e6e7c\" data-id=\"c4e6e7c\" data-element_type=\"column\" data-e-type=\"column\">\n\t\t\t<div class=\"elementor-widget-wrap elementor-element-populated\">\n\t\t\t\t\t\t<div class=\"elementor-element elementor-element-c9b0e54 elementor-widget elementor-widget-text-editor\" data-id=\"c9b0e54\" data-element_type=\"widget\" data-e-type=\"widget\" data-widget_type=\"text-editor.default\">\n\t\t\t\t<div class=\"elementor-widget-container\">\n\t\t\t\t\t\t\t\t\t<p>Extracte del llibre &#8216;LA VIDA EN LA PUNTA DE LOS DEDOS&#8217; escrit per JOKIN AZKETA (RBA Libros)<\/p>\t\t\t\t\t\t\t\t<\/div>\n\t\t\t\t<\/div>\n\t\t\t\t\t<\/div>\n\t\t<\/div>\n\t\t\t\t\t<\/div>\n\t\t<\/section>\n\t\t\t\t<section class=\"elementor-section elementor-top-section elementor-element elementor-element-df088b6 elementor-section-full_width elementor-section-height-default elementor-section-height-default\" data-id=\"df088b6\" data-element_type=\"section\" data-e-type=\"section\">\n\t\t\t\t\t\t<div class=\"elementor-container elementor-column-gap-default\">\n\t\t\t\t\t<div class=\"elementor-column elementor-col-100 elementor-top-column elementor-element elementor-element-298e764\" data-id=\"298e764\" data-element_type=\"column\" data-e-type=\"column\">\n\t\t\t<div class=\"elementor-widget-wrap elementor-element-populated\">\n\t\t\t\t\t\t<div class=\"elementor-element elementor-element-8e13bf9 elementor-widget elementor-widget-text-editor\" data-id=\"8e13bf9\" data-element_type=\"widget\" data-e-type=\"widget\" data-widget_type=\"text-editor.default\">\n\t\t\t\t<div class=\"elementor-widget-container\">\n\t\t\t\t\t\t\t\t\t<h5><span style=\"color: #b40404;\">El Chalt\u00e9n, a la Patag\u00f2nia, sol ser un lloc on acudeixen alpinistes de tot el m\u00f3n. Tot i aix\u00f2, una sinistra ombra ha caigut sobre la zona despr\u00e9s de l&#8217;assassinat de dues nenes que han estat penjades. Fins all\u00e0 hi viatja l&#8217;escriptor Norman Scarf, c\u00e8lebre per les seves obres d&#8217;arguments turbulents, amb afany investigador i buscant material per a la seva nova feina. El que troba en aquest rac\u00f3 de l&#8217;Argentina \u00e9s un muntanyenc nord-americ\u00e0 sospit\u00f3s i unes autoritats que volen tancar r\u00e0pidament el cas per no fer fora el turisme. Per\u00f2 aix\u00f2 ser\u00e0 impossible, ja que una tercera nena acaba de desapar\u00e8ixer.<\/br>\n<\/br>\nA continuaci\u00f3 podeu llegir uns fragments del llibre&#8230;\n<\/h5>\t\t\t\t\t\t\t\t<\/div>\n\t\t\t\t<\/div>\n\t\t\t\t\t<\/div>\n\t\t<\/div>\n\t\t\t\t\t<\/div>\n\t\t<\/section>\n\t\t\t\t<section class=\"elementor-section elementor-top-section elementor-element elementor-element-7683a4a elementor-section-full_width elementor-section-height-default elementor-section-height-default\" data-id=\"7683a4a\" data-element_type=\"section\" data-e-type=\"section\">\n\t\t\t\t\t\t<div class=\"elementor-container elementor-column-gap-default\">\n\t\t\t\t\t<div class=\"elementor-column elementor-col-100 elementor-top-column elementor-element elementor-element-2f85c39\" data-id=\"2f85c39\" data-element_type=\"column\" data-e-type=\"column\">\n\t\t\t<div class=\"elementor-widget-wrap elementor-element-populated\">\n\t\t\t\t\t\t<div class=\"elementor-element elementor-element-0141fc6 elementor-widget elementor-widget-text-editor\" data-id=\"0141fc6\" data-element_type=\"widget\" data-e-type=\"widget\" data-widget_type=\"text-editor.default\">\n\t\t\t\t<div class=\"elementor-widget-container\">\n\t\t\t\t\t\t\t\t\t<p>* * * * *<\/p>\t\t\t\t\t\t\t\t<\/div>\n\t\t\t\t<\/div>\n\t\t\t\t\t<\/div>\n\t\t<\/div>\n\t\t\t\t\t<\/div>\n\t\t<\/section>\n\t\t\t\t<section class=\"elementor-section elementor-top-section elementor-element elementor-element-20dcee0 elementor-section-full_width elementor-section-height-default elementor-section-height-default\" data-id=\"20dcee0\" data-element_type=\"section\" data-e-type=\"section\">\n\t\t\t\t\t\t<div class=\"elementor-container elementor-column-gap-default\">\n\t\t\t\t\t<div class=\"elementor-column elementor-col-100 elementor-top-column elementor-element elementor-element-e5e3c21\" data-id=\"e5e3c21\" data-element_type=\"column\" data-e-type=\"column\">\n\t\t\t<div class=\"elementor-widget-wrap elementor-element-populated\">\n\t\t\t\t\t\t<div class=\"elementor-element elementor-element-74e4dfb elementor-widget elementor-widget-text-editor\" data-id=\"74e4dfb\" data-element_type=\"widget\" data-e-type=\"widget\" data-widget_type=\"text-editor.default\">\n\t\t\t\t<div class=\"elementor-widget-container\">\n\t\t\t\t\t\t\t\t\t<h5>El crujido de la grava bajo sus pies asusta a unos cuervos que se agitan y revuelven al un\u00edsono entre las ramas del \u00e1rbol que les los cobija, revoloteando inquietos como si formaran todos ellos, parte de un mismo cuerpo negro y palpitante.<\/br>\n<\/br>\nNada m\u00e1s mas entrar en la habitaci\u00f3n, conecta el televisor y -por lo que podr\u00eda ser un prodigio- aparecen en la pantalla cientos de aves, \u00e9sta vez muy blancas, chillonas, pendencieras y peligrosas. Los p\u00e1jaros, otros p\u00e1jaros.<\/br>\n<\/br>\nMientras tanto, el cielo azul ha desaparecido cediendo terreno al crep\u00fasculo y a trav\u00e9s de la ventana, las luces del letrero luminoso del motel, parpadean encendiendo la escena con destellos rojizos.\nA \u00e9ste hombre solo, ni se le ocurre que alguno de aquellos detalles pueda ser una se\u00f1al de alarma, y mucho menos a\u00fan un mal presagio. Simplemente olvida todo y en pocos minutos, cae profundamente dormido. Al d\u00eda siguiente subir\u00eda a un avi\u00f3n. Una prodigiosa m\u00e1quina met\u00e1lica que le llevar\u00eda lejos, cruzando un cielo transparente -una gran masa de luz- y eso era lo \u00fanico que importaba.<\/br>\n<\/br>\n<\/br>\nAs\u00ed fue como transcrib\u00ed las palabras con las que Jacob Anderson, a qui\u00e9n presentar\u00e9 m\u00e1s tarde, empez\u00f3 a contarme lo que sucedi\u00f3 durante aquellos d\u00edas tr\u00e1gicos y desquiciados, cuando alg\u00fan tiempo despu\u00e9s, solicit\u00e9 visitarle en la c\u00e1rcel. Ya desde esos primeros momentos, supe que mi novela deb\u00eda comenzar en ese instante, mientras escuchaba la voz de aqu\u00e9l chico y yo, sentado frente a \u00e9l, asent\u00eda, pero sin dejar de escribir en mi cuaderno.<\/br>\n<\/br>\nPero en realidad, para m\u00ed, todo hab\u00eda comenzado ya algunas semanas antes, cuando en la cuarta o quinta p\u00e1gina de un diario encontr\u00e9 una foto que, por alg\u00fan motivo, me llam\u00f3 la atenci\u00f3n. En ella, hab\u00eda dos j\u00f3venes posando delante de una casa que se ca\u00eda a pedazos, un lugar sin duda muy humilde, frente a la que ellos aparec\u00edan risue\u00f1os y luciendo sus caras hermosas. Sin saber a\u00fan qu\u00e9 ten\u00edan que ver con la noticia, me fij\u00e9 en el pie de foto \u00abInexplicables e inquietantes desapariciones en una aldea de La Patagonia\u00bb. Desde que los vi, pens\u00e9 en ellos como en los dos grandes personajes que soportan todo el peso de la trama y a los que los lectores, a\u00fan con el paso de los a\u00f1os, no consiguen olvidar f\u00e1cilmente. Aunque tambi\u00e9n reconocer\u00e9 que, a lo largo de la novela, en algunos momentos, su importancia se vio disminuida.<\/br>\n<\/br>\nLo sucedido en aqu\u00e9l pueblo era demasiado siniestro, demasiado terrible, como para no resultar profundamente atractivo para un escritor como yo.<\/br>\n<\/br>\nVolv\u00ed a fijarme en aquellos chicos con detenimiento. \u00c9l era fornido y grandote, estuve un buen rato d\u00e1ndole vueltas y al final ca\u00ed a quien me recordaba, era como Burt Lancaster en El nadador, aunque mucho m\u00e1s joven que el actor cuando rod\u00f3 la pel\u00edcula. Miraba a la c\u00e1mara de una manera franca e inocente, puede que hasta ingenua, con una cara rebosante de vida y llena todav\u00eda de esperanza. Ella, era m\u00e1s baja a su lado y esbelta, llevaba un vestido blanco que parec\u00eda algo sucio, aunque puede que se tratara de algunas manchas que hab\u00eda en la foto, o en el mismo diario que yo le\u00eda. Ten\u00eda el pelo muy negro y largo, desordenado por el viento, aunque en la imagen aparec\u00eda detenido y atrapando todo el brillo de la luz del sol.<\/br>\n<\/br>\nAl igual que el chico, miraba fijamente al fot\u00f3grafo desconocido, sonriendo levemente y con unos grandes ojos del color de la brea. Sin embargo hab\u00eda algo, una sombra apenas perceptible, que recorr\u00eda su cara dejando una sospecha acerca de su expresi\u00f3n alegre y que invitaba a creer que se trataba de una mujer muy bella pero, sobre todo, muy triste.<\/br>\n<\/br>\nMe era imposible no pensar en lo que estaba sucediendo en aqu\u00e9l peque\u00f1o pueblo extra\u00f1o y fascinante del que tambi\u00e9n hablar\u00e9 m\u00e1s tarde. Por el momento, no consegu\u00eda quitarme de la cabeza que, en un lugar tan apartado como aqu\u00e9l, entre tantas brumas, y al abrigo de los Andes, bien pod\u00edan suceder muchas cosas.<\/br>\n<\/br>\nY aunque llevaba a\u00f1os pregunt\u00e1ndome si viajar serv\u00eda para algo, todav\u00eda me gustaba hacer el equipaje y conservaba algo de la antigua emoci\u00f3n por cambiar de lugares y de gente, pero sobre todo, por explorar una historia que me permitiera volver a escribir.<\/br>\n<\/br>\nA\u00fan sin abandonar mi casa, empec\u00e9 por consultar qu\u00e9 informaci\u00f3n circulaba ya por la red. Hasta hac\u00eda muy poco tiempo, El Chalt\u00e9n hab\u00eda sido un lugar a trasmano y casi solamente conocido por alpinistas o por los propios colonos, pero ahora, decenas de autobuses surcaban las pistas que lo un\u00edan con El Calafate. Tantos que, en gran parte, el ripio hab\u00eda sido sustituido por asfalto, para que pudieran acercarse hasta aqu\u00ed todos los turistas ansiosos por grabarse con sus m\u00f3viles a los pies del Fitz Roy, una, otra, monta\u00f1a m\u00e1gica.<\/br>\n<\/br>\nEsto era parte de lo que le\u00ed, pero en realidad, antes de ir pude ver en internet solo una foto. Un atardecer asombroso con el sol hundi\u00e9ndose tras la barrera de los Andes y el brillo de varios cientos de lucecitas encendi\u00e9ndose casi al mismo tiempo. En esa imagen, el pueblo parec\u00eda mayor de lo que es.<\/br>\n<\/br>\nDespu\u00e9s, tecle\u00e9 en el buscador sucesivamente: \u00abDesapariciones en Los Andes\u00bb, \u00abExtra\u00f1as desapariciones en Los Andes argentinos\u00bb y, por \u00faltimo, \u00abEl enigma de El Chalt\u00e9n\u00bb y las tres me condujeron a una rueda de prensa que pude ver completa en Youtube. En la parte de arriba de la pantalla y destacando en letras blancas sobre un fondo rojo, se pod\u00eda leer, \u00abNi\u00f1as desaparecidas en La Patagonia\u00bb y, al pi\u00e9, \u00abDon Jes\u00fas Acosta L\u00f3pez, intendente de la Municipalidad de El Chalt\u00e9n\u00bb. En la imagen aparec\u00eda un hombre ancho de espaldas, no muy alto pero s\u00ed voluminoso, al que le sobraban unos cuantos kilos y con pelo casi plateado quitamos pero que empezaba a escasear. Rodeado por una aut\u00e9ntica nube de micr\u00f3fonos y por el estallido continuo de los flashes, parec\u00eda satisfecho mientras respond\u00eda a los periodistas con un estilo, para mi gusto, demasiado teatral.<\/h5>\t\t\t\t\t\t\t\t<\/div>\n\t\t\t\t<\/div>\n\t\t\t\t\t<\/div>\n\t\t<\/div>\n\t\t\t\t\t<\/div>\n\t\t<\/section>\n\t\t\t\t<section class=\"elementor-section elementor-top-section elementor-element elementor-element-51e546c elementor-section-full_width elementor-section-height-default elementor-section-height-default\" data-id=\"51e546c\" data-element_type=\"section\" data-e-type=\"section\">\n\t\t\t\t\t\t<div class=\"elementor-container elementor-column-gap-default\">\n\t\t\t\t\t<div class=\"elementor-column elementor-col-100 elementor-top-column elementor-element elementor-element-88adacc\" data-id=\"88adacc\" data-element_type=\"column\" data-e-type=\"column\">\n\t\t\t<div class=\"elementor-widget-wrap elementor-element-populated\">\n\t\t\t\t\t\t<div class=\"elementor-element elementor-element-9e0f840 elementor-widget elementor-widget-image\" data-id=\"9e0f840\" data-element_type=\"widget\" data-e-type=\"widget\" data-widget_type=\"image.default\">\n\t\t\t\t<div class=\"elementor-widget-container\">\n\t\t\t\t\t\t\t\t\t\t\t\t<figure class=\"wp-caption\">\n\t\t\t\t\t\t\t\t\t\t<img decoding=\"async\" width=\"2000\" height=\"800\" src=\"https:\/\/rutesentrerefugis.com\/wp-content\/uploads\/2023\/01\/01-La-Vida-en-la-Punta-de-los-Dedos.jpg\" class=\"attachment-full size-full wp-image-7063\" alt=\"\" srcset=\"https:\/\/rutesentrerefugis.com\/wp-content\/uploads\/2023\/01\/01-La-Vida-en-la-Punta-de-los-Dedos.jpg 2000w, https:\/\/rutesentrerefugis.com\/wp-content\/uploads\/2023\/01\/01-La-Vida-en-la-Punta-de-los-Dedos-300x120.jpg 300w, https:\/\/rutesentrerefugis.com\/wp-content\/uploads\/2023\/01\/01-La-Vida-en-la-Punta-de-los-Dedos-1024x410.jpg 1024w, https:\/\/rutesentrerefugis.com\/wp-content\/uploads\/2023\/01\/01-La-Vida-en-la-Punta-de-los-Dedos-768x307.jpg 768w, https:\/\/rutesentrerefugis.com\/wp-content\/uploads\/2023\/01\/01-La-Vida-en-la-Punta-de-los-Dedos-1536x614.jpg 1536w\" sizes=\"(max-width: 2000px) 100vw, 2000px\" \/>\t\t\t\t\t\t\t\t\t\t\t<figcaption class=\"widget-image-caption wp-caption-text\"><\/figcaption>\n\t\t\t\t\t\t\t\t\t\t<\/figure>\n\t\t\t\t\t\t\t\t\t<\/div>\n\t\t\t\t<\/div>\n\t\t\t\t\t<\/div>\n\t\t<\/div>\n\t\t\t\t\t<\/div>\n\t\t<\/section>\n\t\t\t\t<section class=\"elementor-section elementor-top-section elementor-element elementor-element-03291a5 elementor-section-full_width elementor-section-height-default elementor-section-height-default\" data-id=\"03291a5\" data-element_type=\"section\" data-e-type=\"section\">\n\t\t\t\t\t\t<div class=\"elementor-container elementor-column-gap-default\">\n\t\t\t\t\t<div class=\"elementor-column elementor-col-100 elementor-top-column elementor-element elementor-element-6916ae7\" data-id=\"6916ae7\" data-element_type=\"column\" data-e-type=\"column\">\n\t\t\t<div class=\"elementor-widget-wrap elementor-element-populated\">\n\t\t\t\t\t\t<div class=\"elementor-element elementor-element-96f2c33 elementor-widget elementor-widget-text-editor\" data-id=\"96f2c33\" data-element_type=\"widget\" data-e-type=\"widget\" data-widget_type=\"text-editor.default\">\n\t\t\t\t<div class=\"elementor-widget-container\">\n\t\t\t\t\t\t\t\t\t<h5>Mi primera impresi\u00f3n, nada m\u00e1s bajarme del coche, fue la de haber llegado a un sitio sumido en una calma escalofriante, pero tambi\u00e9n, muy especial. Hay lugares en el mundo que pueden cruzarse decenas de veces a lo largo de muchos viajes y casi nunca se recuerdan. El Chalt\u00e9n, por el contrario, solo con haberlo visto una vez no se olvida nunca.<\/br>\n<\/br>\nLos enviados de los distintos canales de televisi\u00f3n, de las radios y los peri\u00f3dicos, hab\u00edan abandonado hac\u00eda d\u00edas la peque\u00f1a poblaci\u00f3n, conforme la intensidad de la noticia fue disminuyendo. En su desbandada, hab\u00edan dejado unas calles vac\u00edas por las que no pasaba un alma y en las que s\u00f3lo pude distinguir a unos perros tirados en el suelo a resguardo del viento, que apenas se mov\u00edan y, todo lo m\u00e1s -perezosos o indecisos- se levantaban para volver a tumbarse un poco m\u00e1s all\u00e1.<\/br>\n<\/br>\nA cambio, los \u00faltimos rayos del sol doraban las cumbres. Las torres que ven\u00eda viendo desde muy lejos, desde las orillas del lago Viedma como si fueran una alucinaci\u00f3n m\u00edstica, destacaban ahora como vig\u00edas en el cielo azul y parec\u00edan estar tan pr\u00f3ximas, tan presentes y tan reales, como si en cualquier momento me fueran a caer encima.<\/br>\n<\/br>\nEl perfil de estas monta\u00f1as afiladas es uno de los mejores del mundo, tanto, que acaba por influir en los sucesos y, a menudo, deja a las palabras sin sentido y fuera de lugar. No puede haber nada tan m\u00e1gico, ni tan blanco, como los hongos de nieve que a menudo las coronan y que han quedado detenidos de manera imposible en la c\u00faspide de aquellas agujas.<\/br>\n<\/br>\nY como contrapunto est\u00e1 el llano, en el que abundan \u00e1rboles duros y retorcidos como las lengas, entre los cuales es f\u00e1cil distinguir a los guanacos, que con sus cabezas erguidas parecen estar m\u00e1s perplejos que intrigados por el hombre. Si alguien consigue acercarse, permanecen unos instantes inm\u00f3viles, con sus ojitos fijos en el intruso, y despu\u00e9s, como si recibieran una se\u00f1al, salen de estampida aterrados&#8230; Resulta m\u00e1s dif\u00edcil contemplar a los huemules, que frecuentan las mismas zonas y se alimentan de las hojas de los notros, pero que son mucho m\u00e1s escurridizos.<\/br>\n<\/br>\nMe pregunt\u00e9 qu\u00e9 papel desempe\u00f1a la belleza en nuestras vidas si la raz\u00f3n de que yo est\u00e9 aqu\u00ed es que esta tierra alberga las sepulturas de unas ni\u00f1as muy j\u00f3venes, tanto, que apenas hab\u00edan empezado a\u00fan a vivir.\u2028<\/br>\n<\/br>\nAl final de la tarde de mi primer d\u00eda, empez\u00f3 a soplar un viento terrible que por fuerza de la costumbre a ninguno pareci\u00f3 extra\u00f1ar. Nadie sab\u00eda qu\u00e9 suceder\u00eda despu\u00e9s y todos aguardaban con el coraz\u00f3n encogido. El tiempo transcurr\u00eda lentamente y la espera terminaba por convertirse en una maldici\u00f3n.<\/h5>\t\t\t\t\t\t\t\t<\/div>\n\t\t\t\t<\/div>\n\t\t\t\t\t<\/div>\n\t\t<\/div>\n\t\t\t\t\t<\/div>\n\t\t<\/section>\n\t\t\t\t<section class=\"elementor-section elementor-top-section elementor-element elementor-element-27152ee elementor-section-full_width elementor-section-height-default elementor-section-height-default\" data-id=\"27152ee\" data-element_type=\"section\" data-e-type=\"section\">\n\t\t\t\t\t\t<div class=\"elementor-container elementor-column-gap-default\">\n\t\t\t\t\t<div class=\"elementor-column elementor-col-100 elementor-top-column elementor-element elementor-element-a8db9f0\" data-id=\"a8db9f0\" data-element_type=\"column\" data-e-type=\"column\">\n\t\t\t<div class=\"elementor-widget-wrap elementor-element-populated\">\n\t\t\t\t\t\t<div class=\"elementor-element elementor-element-bf4d6aa elementor-widget elementor-widget-image\" data-id=\"bf4d6aa\" data-element_type=\"widget\" data-e-type=\"widget\" data-widget_type=\"image.default\">\n\t\t\t\t<div class=\"elementor-widget-container\">\n\t\t\t\t\t\t\t\t\t\t\t\t<figure class=\"wp-caption\">\n\t\t\t\t\t\t\t\t\t\t<img decoding=\"async\" width=\"2000\" height=\"675\" src=\"https:\/\/rutesentrerefugis.com\/wp-content\/uploads\/2023\/01\/02-La-Vida-en-la-Punta-de-los-Dedos.jpg\" class=\"attachment-full size-full wp-image-7064\" alt=\"\" srcset=\"https:\/\/rutesentrerefugis.com\/wp-content\/uploads\/2023\/01\/02-La-Vida-en-la-Punta-de-los-Dedos.jpg 2000w, https:\/\/rutesentrerefugis.com\/wp-content\/uploads\/2023\/01\/02-La-Vida-en-la-Punta-de-los-Dedos-300x101.jpg 300w, https:\/\/rutesentrerefugis.com\/wp-content\/uploads\/2023\/01\/02-La-Vida-en-la-Punta-de-los-Dedos-1024x346.jpg 1024w, https:\/\/rutesentrerefugis.com\/wp-content\/uploads\/2023\/01\/02-La-Vida-en-la-Punta-de-los-Dedos-768x259.jpg 768w, https:\/\/rutesentrerefugis.com\/wp-content\/uploads\/2023\/01\/02-La-Vida-en-la-Punta-de-los-Dedos-1536x518.jpg 1536w\" sizes=\"(max-width: 2000px) 100vw, 2000px\" \/>\t\t\t\t\t\t\t\t\t\t\t<figcaption class=\"widget-image-caption wp-caption-text\"><\/figcaption>\n\t\t\t\t\t\t\t\t\t\t<\/figure>\n\t\t\t\t\t\t\t\t\t<\/div>\n\t\t\t\t<\/div>\n\t\t\t\t\t<\/div>\n\t\t<\/div>\n\t\t\t\t\t<\/div>\n\t\t<\/section>\n\t\t\t\t<section class=\"elementor-section elementor-top-section elementor-element elementor-element-f148020 elementor-section-full_width elementor-section-height-default elementor-section-height-default\" data-id=\"f148020\" data-element_type=\"section\" data-e-type=\"section\">\n\t\t\t\t\t\t<div class=\"elementor-container elementor-column-gap-default\">\n\t\t\t\t\t<div class=\"elementor-column elementor-col-100 elementor-top-column elementor-element elementor-element-8f9f6f4\" data-id=\"8f9f6f4\" data-element_type=\"column\" data-e-type=\"column\">\n\t\t\t<div class=\"elementor-widget-wrap elementor-element-populated\">\n\t\t\t\t\t\t<div class=\"elementor-element elementor-element-50d54f6 elementor-widget elementor-widget-spacer\" data-id=\"50d54f6\" data-element_type=\"widget\" data-e-type=\"widget\" data-widget_type=\"spacer.default\">\n\t\t\t\t<div class=\"elementor-widget-container\">\n\t\t\t\t\t\t\t<div class=\"elementor-spacer\">\n\t\t\t<div class=\"elementor-spacer-inner\"><\/div>\n\t\t<\/div>\n\t\t\t\t\t\t<\/div>\n\t\t\t\t<\/div>\n\t\t\t\t\t<\/div>\n\t\t<\/div>\n\t\t\t\t\t<\/div>\n\t\t<\/section>\n\t\t\t\t<section class=\"elementor-section elementor-top-section elementor-element elementor-element-b7002c1 elementor-section-full_width elementor-section-height-default elementor-section-height-default\" data-id=\"b7002c1\" data-element_type=\"section\" data-e-type=\"section\" data-settings=\"{&quot;background_background&quot;:&quot;classic&quot;}\">\n\t\t\t\t\t\t<div class=\"elementor-container elementor-column-gap-default\">\n\t\t\t\t\t<div class=\"elementor-column elementor-col-100 elementor-top-column elementor-element elementor-element-7907b10\" data-id=\"7907b10\" data-element_type=\"column\" data-e-type=\"column\">\n\t\t\t<div class=\"elementor-widget-wrap elementor-element-populated\">\n\t\t\t\t\t\t<div class=\"elementor-element elementor-element-65ac145 elementor-widget elementor-widget-image\" data-id=\"65ac145\" data-element_type=\"widget\" data-e-type=\"widget\" data-widget_type=\"image.default\">\n\t\t\t\t<div class=\"elementor-widget-container\">\n\t\t\t\t\t\t\t\t\t\t\t\t\t\t\t<img loading=\"lazy\" decoding=\"async\" width=\"100\" height=\"100\" src=\"https:\/\/rutesentrerefugis.com\/wp-content\/uploads\/2020\/09\/Jokin-Azketa-NW-Negre.jpg\" class=\"attachment-full size-full wp-image-7263\" alt=\"\" \/>\t\t\t\t\t\t\t\t\t\t\t\t\t\t\t<\/div>\n\t\t\t\t<\/div>\n\t\t\t\t<div class=\"elementor-element elementor-element-a13caad elementor-widget elementor-widget-text-editor\" data-id=\"a13caad\" data-element_type=\"widget\" data-e-type=\"widget\" data-widget_type=\"text-editor.default\">\n\t\t\t\t<div class=\"elementor-widget-container\">\n\t\t\t\t\t\t\t\t\t<h4>JOKIN AZKETA<\/h4>\n<h5>Jokin Azketa \u00e9s un dels socis fundadors de MUGA (Pamplona) que va obrir les portes l&#8217;any 1986 i que continua sent lloc de trobada imprescindible entre viatgers i muntanyencs. L&#8217;any 2012 va publicar la seva primera novel\u00b7la \u00abDONDE VIVEN LOS DIOSES MENORES\u00bb en la qual va desenvolupar una trama intensa al voltant d&#8217;una travessia hivernal dels Pirineus. A l&#8217;any seg\u00fcent, va guanyar el Premi Desnivel de literatura de muntanya amb \u00abLO QUE LA NIEVE ESCONDE\u00bb en qu\u00e8 una expedici\u00f3 al Kedarnath Dome a l&#8217;Him\u00e0laia indi servia com a tel\u00f3 de fons per a la intriga i per donar curs a uns personatges de passat fosc. Aquest mateix any 2013, va participar al costat d&#8217;altres autors, en el llibre \u00abINQUIETOS VASCONES\u00bb que recollia diferents relats i experi\u00e8ncies viatgeres i que va ser editat tamb\u00e9 per Desnivel amb finalitats ben\u00e8fiques. Forma part del blog \u00abLA L\u00cdNEA DEL HORIZONTE\u00bb i dedica gran part del seu temps a viatjar, rec\u00f3rrer massissos muntanyosos i a escriure sobre ells per diferents mitjans sempre sota diferents pseud\u00f2nims. \u00abEL TIEMPO DEL VAC\u00cdO\u00bb \u00e9s la seva tercera novel\u00b7la i sembla consolidar-lo definitivament en el panorama de la literatura de muntanya com un autor interessat tant en la tensi\u00f3 psicol\u00f2gica com en la bellesa del medi natural.<\/h5>\t\t\t\t\t\t\t\t<\/div>\n\t\t\t\t<\/div>\n\t\t\t\t\t<\/div>\n\t\t<\/div>\n\t\t\t\t\t<\/div>\n\t\t<\/section>\n\t\t\t\t<section class=\"elementor-section elementor-top-section elementor-element elementor-element-c5916d8 elementor-section-full_width elementor-section-height-default elementor-section-height-default\" data-id=\"c5916d8\" data-element_type=\"section\" data-e-type=\"section\">\n\t\t\t\t\t\t<div class=\"elementor-container elementor-column-gap-default\">\n\t\t\t\t\t<div class=\"elementor-column elementor-col-100 elementor-top-column elementor-element elementor-element-eaf7d1c\" data-id=\"eaf7d1c\" data-element_type=\"column\" data-e-type=\"column\">\n\t\t\t<div class=\"elementor-widget-wrap elementor-element-populated\">\n\t\t\t\t\t\t<div class=\"elementor-element elementor-element-a4f2400 elementor-widget elementor-widget-spacer\" data-id=\"a4f2400\" data-element_type=\"widget\" data-e-type=\"widget\" data-widget_type=\"spacer.default\">\n\t\t\t\t<div class=\"elementor-widget-container\">\n\t\t\t\t\t\t\t<div class=\"elementor-spacer\">\n\t\t\t<div class=\"elementor-spacer-inner\"><\/div>\n\t\t<\/div>\n\t\t\t\t\t\t<\/div>\n\t\t\t\t<\/div>\n\t\t\t\t\t<\/div>\n\t\t<\/div>\n\t\t\t\t\t<\/div>\n\t\t<\/section>\n\t\t\t\t<section class=\"elementor-section elementor-top-section elementor-element elementor-element-d03f068 elementor-section-full_width elementor-section-height-default elementor-section-height-default\" data-id=\"d03f068\" data-element_type=\"section\" data-e-type=\"section\">\n\t\t\t\t\t\t<div class=\"elementor-container elementor-column-gap-default\">\n\t\t\t\t\t<div class=\"elementor-column elementor-col-100 elementor-top-column elementor-element elementor-element-67197d5\" data-id=\"67197d5\" data-element_type=\"column\" data-e-type=\"column\">\n\t\t\t<div class=\"elementor-widget-wrap elementor-element-populated\">\n\t\t\t\t\t\t<div class=\"elementor-element elementor-element-43b22c2 elementor-widget elementor-widget-heading\" data-id=\"43b22c2\" data-element_type=\"widget\" data-e-type=\"widget\" data-widget_type=\"heading.default\">\n\t\t\t\t<div class=\"elementor-widget-container\">\n\t\t\t\t\t<h5 class=\"elementor-heading-title elementor-size-default\"><font color=\"#999999\"><u>Per si vols compartir aquesta cr\u00f2nica<\/u><\/font><\/h5>\t\t\t\t<\/div>\n\t\t\t\t<\/div>\n\t\t\t\t\t<\/div>\n\t\t<\/div>\n\t\t\t\t\t<\/div>\n\t\t<\/section>\n\t\t\t\t<section class=\"elementor-section elementor-top-section elementor-element elementor-element-691fa33 elementor-section-full_width elementor-section-height-default elementor-section-height-default\" data-id=\"691fa33\" data-element_type=\"section\" data-e-type=\"section\">\n\t\t\t\t\t\t<div class=\"elementor-container elementor-column-gap-default\">\n\t\t\t\t\t<div class=\"elementor-column elementor-col-100 elementor-top-column elementor-element elementor-element-45d5ec7\" data-id=\"45d5ec7\" data-element_type=\"column\" data-e-type=\"column\">\n\t\t\t<div class=\"elementor-widget-wrap elementor-element-populated\">\n\t\t\t\t\t\t<div class=\"elementor-element elementor-element-75ed3c8 elementor-share-buttons--view-icon elementor-share-buttons--skin-framed elementor-share-buttons--shape-circle elementor-share-buttons--color-custom elementor-grid-0 elementor-widget elementor-widget-share-buttons\" data-id=\"75ed3c8\" data-element_type=\"widget\" data-e-type=\"widget\" data-widget_type=\"share-buttons.default\">\n\t\t\t\t<div class=\"elementor-widget-container\">\n\t\t\t\t\t\t\t<div class=\"elementor-grid\" role=\"list\">\n\t\t\t\t\t\t\t\t<div class=\"elementor-grid-item\" role=\"listitem\">\n\t\t\t\t\t\t<div class=\"elementor-share-btn elementor-share-btn_facebook\" role=\"button\" tabindex=\"0\" aria-label=\"Compartici\u00f3 en facebook\">\n\t\t\t\t\t\t\t\t\t\t\t\t\t\t\t<span class=\"elementor-share-btn__icon\">\n\t\t\t\t\t\t\t\t<i class=\"fab fa-facebook\" aria-hidden=\"true\"><\/i>\t\t\t\t\t\t\t<\/span>\n\t\t\t\t\t\t\t\t\t\t\t\t\t\t\t\t\t\t\t\t<\/div>\n\t\t\t\t\t<\/div>\n\t\t\t\t\t\t\t\t\t<div class=\"elementor-grid-item\" role=\"listitem\">\n\t\t\t\t\t\t<div class=\"elementor-share-btn elementor-share-btn_twitter\" role=\"button\" tabindex=\"0\" aria-label=\"Compartici\u00f3 en twitter\">\n\t\t\t\t\t\t\t\t\t\t\t\t\t\t\t<span class=\"elementor-share-btn__icon\">\n\t\t\t\t\t\t\t\t<i class=\"fab fa-twitter\" aria-hidden=\"true\"><\/i>\t\t\t\t\t\t\t<\/span>\n\t\t\t\t\t\t\t\t\t\t\t\t\t\t\t\t\t\t\t\t<\/div>\n\t\t\t\t\t<\/div>\n\t\t\t\t\t\t\t\t\t<div class=\"elementor-grid-item\" role=\"listitem\">\n\t\t\t\t\t\t<div class=\"elementor-share-btn elementor-share-btn_telegram\" role=\"button\" tabindex=\"0\" aria-label=\"Compartici\u00f3 en telegram\">\n\t\t\t\t\t\t\t\t\t\t\t\t\t\t\t<span class=\"elementor-share-btn__icon\">\n\t\t\t\t\t\t\t\t<i class=\"fab fa-telegram\" aria-hidden=\"true\"><\/i>\t\t\t\t\t\t\t<\/span>\n\t\t\t\t\t\t\t\t\t\t\t\t\t\t\t\t\t\t\t\t<\/div>\n\t\t\t\t\t<\/div>\n\t\t\t\t\t\t\t\t\t<div class=\"elementor-grid-item\" role=\"listitem\">\n\t\t\t\t\t\t<div class=\"elementor-share-btn elementor-share-btn_pinterest\" role=\"button\" tabindex=\"0\" aria-label=\"Compartici\u00f3 en pinterest\">\n\t\t\t\t\t\t\t\t\t\t\t\t\t\t\t<span class=\"elementor-share-btn__icon\">\n\t\t\t\t\t\t\t\t<i class=\"fab fa-pinterest\" aria-hidden=\"true\"><\/i>\t\t\t\t\t\t\t<\/span>\n\t\t\t\t\t\t\t\t\t\t\t\t\t\t\t\t\t\t\t\t<\/div>\n\t\t\t\t\t<\/div>\n\t\t\t\t\t\t\t\t\t<div class=\"elementor-grid-item\" role=\"listitem\">\n\t\t\t\t\t\t<div class=\"elementor-share-btn elementor-share-btn_whatsapp\" role=\"button\" tabindex=\"0\" aria-label=\"Compartici\u00f3 en whatsapp\">\n\t\t\t\t\t\t\t\t\t\t\t\t\t\t\t<span class=\"elementor-share-btn__icon\">\n\t\t\t\t\t\t\t\t<i class=\"fab fa-whatsapp\" aria-hidden=\"true\"><\/i>\t\t\t\t\t\t\t<\/span>\n\t\t\t\t\t\t\t\t\t\t\t\t\t\t\t\t\t\t\t\t<\/div>\n\t\t\t\t\t<\/div>\n\t\t\t\t\t\t\t\t\t<div class=\"elementor-grid-item\" role=\"listitem\">\n\t\t\t\t\t\t<div class=\"elementor-share-btn elementor-share-btn_email\" role=\"button\" tabindex=\"0\" aria-label=\"Compartici\u00f3 en email\">\n\t\t\t\t\t\t\t\t\t\t\t\t\t\t\t<span class=\"elementor-share-btn__icon\">\n\t\t\t\t\t\t\t\t<i class=\"fas fa-envelope\" aria-hidden=\"true\"><\/i>\t\t\t\t\t\t\t<\/span>\n\t\t\t\t\t\t\t\t\t\t\t\t\t\t\t\t\t\t\t\t<\/div>\n\t\t\t\t\t<\/div>\n\t\t\t\t\t\t\t\t\t<div class=\"elementor-grid-item\" role=\"listitem\">\n\t\t\t\t\t\t<div class=\"elementor-share-btn elementor-share-btn_print\" role=\"button\" tabindex=\"0\" aria-label=\"Compartici\u00f3 en print\">\n\t\t\t\t\t\t\t\t\t\t\t\t\t\t\t<span class=\"elementor-share-btn__icon\">\n\t\t\t\t\t\t\t\t<i class=\"fas fa-print\" aria-hidden=\"true\"><\/i>\t\t\t\t\t\t\t<\/span>\n\t\t\t\t\t\t\t\t\t\t\t\t\t\t\t\t\t\t\t\t<\/div>\n\t\t\t\t\t<\/div>\n\t\t\t\t\t\t<\/div>\n\t\t\t\t\t\t<\/div>\n\t\t\t\t<\/div>\n\t\t\t\t\t<\/div>\n\t\t<\/div>\n\t\t\t\t\t<\/div>\n\t\t<\/section>\n\t\t\t\t<section class=\"elementor-section elementor-top-section elementor-element elementor-element-f8892df elementor-section-full_width elementor-section-height-default elementor-section-height-default\" data-id=\"f8892df\" data-element_type=\"section\" data-e-type=\"section\">\n\t\t\t\t\t\t<div class=\"elementor-container elementor-column-gap-default\">\n\t\t\t\t\t<div class=\"elementor-column elementor-col-100 elementor-top-column elementor-element elementor-element-70b735e\" data-id=\"70b735e\" data-element_type=\"column\" data-e-type=\"column\">\n\t\t\t<div class=\"elementor-widget-wrap elementor-element-populated\">\n\t\t\t\t\t\t<div class=\"elementor-element elementor-element-cefc0b1 elementor-widget elementor-widget-spacer\" data-id=\"cefc0b1\" data-element_type=\"widget\" data-e-type=\"widget\" data-widget_type=\"spacer.default\">\n\t\t\t\t<div class=\"elementor-widget-container\">\n\t\t\t\t\t\t\t<div class=\"elementor-spacer\">\n\t\t\t<div class=\"elementor-spacer-inner\"><\/div>\n\t\t<\/div>\n\t\t\t\t\t\t<\/div>\n\t\t\t\t<\/div>\n\t\t\t\t\t<\/div>\n\t\t<\/div>\n\t\t\t\t\t<\/div>\n\t\t<\/section>\n\t\t\t\t<section class=\"elementor-section elementor-top-section elementor-element elementor-element-d9b512c elementor-section-full_width elementor-section-height-default elementor-section-height-default\" data-id=\"d9b512c\" data-element_type=\"section\" data-e-type=\"section\">\n\t\t\t\t\t\t<div class=\"elementor-container elementor-column-gap-default\">\n\t\t\t\t\t<div class=\"elementor-column elementor-col-100 elementor-top-column elementor-element elementor-element-c63fdca\" data-id=\"c63fdca\" data-element_type=\"column\" data-e-type=\"column\">\n\t\t\t<div class=\"elementor-widget-wrap elementor-element-populated\">\n\t\t\t\t\t\t<div class=\"elementor-element elementor-element-513ff8c elementor-widget-divider--view-line elementor-widget elementor-widget-divider\" data-id=\"513ff8c\" data-element_type=\"widget\" data-e-type=\"widget\" data-widget_type=\"divider.default\">\n\t\t\t\t<div class=\"elementor-widget-container\">\n\t\t\t\t\t\t\t<div class=\"elementor-divider\">\n\t\t\t<span class=\"elementor-divider-separator\">\n\t\t\t\t\t\t<\/span>\n\t\t<\/div>\n\t\t\t\t\t\t<\/div>\n\t\t\t\t<\/div>\n\t\t\t\t\t<\/div>\n\t\t<\/div>\n\t\t\t\t\t<\/div>\n\t\t<\/section>\n\t\t\t\t<section class=\"elementor-section elementor-top-section elementor-element elementor-element-cb66a5f elementor-section-full_width elementor-section-height-default elementor-section-height-default\" data-id=\"cb66a5f\" data-element_type=\"section\" data-e-type=\"section\">\n\t\t\t\t\t\t<div class=\"elementor-container elementor-column-gap-default\">\n\t\t\t\t\t<div class=\"elementor-column elementor-col-100 elementor-top-column elementor-element elementor-element-20e8dd4\" data-id=\"20e8dd4\" data-element_type=\"column\" data-e-type=\"column\">\n\t\t\t<div class=\"elementor-widget-wrap elementor-element-populated\">\n\t\t\t\t\t\t<div class=\"elementor-element elementor-element-ec3909d elementor-widget elementor-widget-heading\" data-id=\"ec3909d\" data-element_type=\"widget\" data-e-type=\"widget\" data-widget_type=\"heading.default\">\n\t\t\t\t<div class=\"elementor-widget-container\">\n\t\t\t\t\t<h2 class=\"elementor-heading-title elementor-size-default\"><u>ARTICLES PUBLICATS PER L'AUTOR<\/u><\/h2>\t\t\t\t<\/div>\n\t\t\t\t<\/div>\n\t\t\t\t\t<\/div>\n\t\t<\/div>\n\t\t\t\t\t<\/div>\n\t\t<\/section>\n\t\t\t\t<section class=\"elementor-section elementor-top-section elementor-element elementor-element-51b6da6 elementor-section-full_width elementor-section-height-default elementor-section-height-default\" data-id=\"51b6da6\" data-element_type=\"section\" data-e-type=\"section\">\n\t\t\t\t\t\t<div class=\"elementor-container elementor-column-gap-default\">\n\t\t\t\t\t<div class=\"elementor-column elementor-col-100 elementor-top-column elementor-element elementor-element-df996bb\" data-id=\"df996bb\" data-element_type=\"column\" data-e-type=\"column\">\n\t\t\t<div class=\"elementor-widget-wrap elementor-element-populated\">\n\t\t\t\t\t\t<div class=\"elementor-element elementor-element-5fbb780 elementor-widget elementor-widget-spacer\" data-id=\"5fbb780\" data-element_type=\"widget\" data-e-type=\"widget\" data-widget_type=\"spacer.default\">\n\t\t\t\t<div class=\"elementor-widget-container\">\n\t\t\t\t\t\t\t<div class=\"elementor-spacer\">\n\t\t\t<div class=\"elementor-spacer-inner\"><\/div>\n\t\t<\/div>\n\t\t\t\t\t\t<\/div>\n\t\t\t\t<\/div>\n\t\t\t\t\t<\/div>\n\t\t<\/div>\n\t\t\t\t\t<\/div>\n\t\t<\/section>\n\t\t\t\t<section class=\"elementor-section elementor-top-section elementor-element elementor-element-cd738cf elementor-section-full_width elementor-section-height-default elementor-section-height-default\" data-id=\"cd738cf\" data-element_type=\"section\" data-e-type=\"section\">\n\t\t\t\t\t\t<div class=\"elementor-container elementor-column-gap-default\">\n\t\t\t\t\t<div class=\"elementor-column elementor-col-100 elementor-top-column elementor-element elementor-element-740523a\" data-id=\"740523a\" data-element_type=\"column\" data-e-type=\"column\">\n\t\t\t<div class=\"elementor-widget-wrap elementor-element-populated\">\n\t\t\t\t\t\t<div class=\"elementor-element elementor-element-dc568fd elementor-grid-5 elementor-grid-tablet-2 elementor-grid-mobile-1 elementor-posts--thumbnail-top elementor-widget elementor-widget-posts\" data-id=\"dc568fd\" data-element_type=\"widget\" data-e-type=\"widget\" data-settings=\"{&quot;classic_columns&quot;:&quot;5&quot;,&quot;classic_columns_tablet&quot;:&quot;2&quot;,&quot;classic_columns_mobile&quot;:&quot;1&quot;,&quot;classic_row_gap&quot;:{&quot;unit&quot;:&quot;px&quot;,&quot;size&quot;:35,&quot;sizes&quot;:[]},&quot;classic_row_gap_tablet&quot;:{&quot;unit&quot;:&quot;px&quot;,&quot;size&quot;:&quot;&quot;,&quot;sizes&quot;:[]},&quot;classic_row_gap_mobile&quot;:{&quot;unit&quot;:&quot;px&quot;,&quot;size&quot;:&quot;&quot;,&quot;sizes&quot;:[]}}\" data-widget_type=\"posts.classic\">\n\t\t\t\t<div class=\"elementor-widget-container\">\n\t\t\t\t\t\t\t<div class=\"elementor-posts-container elementor-posts elementor-posts--skin-classic elementor-grid\" role=\"list\">\n\t\t\t\t<article class=\"elementor-post elementor-grid-item post-17579 post type-post status-publish format-standard has-post-thumbnail hentry category-blog category-jokin-azketa-ca tag-alex-heibert tag-arctic tag-artic tag-artico tag-chus-lago tag-columnas-ca tag-columnes-ca tag-crocker-land tag-donald-baxter-macmillan tag-el-espejo-de-hielo tag-jokin-azketa-es-ca tag-north-pole tag-pol-nord tag-polo-norte tag-robert-peary tag-terra-de-crocker tag-tierra-de-crocker\" role=\"listitem\">\n\t\t\t\t<a class=\"elementor-post__thumbnail__link\" href=\"https:\/\/rutesentrerefugis.com\/index.php\/2023\/05\/31\/un-mon-gelat\/\" tabindex=\"-1\" >\n\t\t\t<div class=\"elementor-post__thumbnail\"><img loading=\"lazy\" decoding=\"async\" width=\"300\" height=\"200\" src=\"https:\/\/rutesentrerefugis.com\/wp-content\/uploads\/2023\/05\/Un-Mon-Gelat-Inici-300x200.jpg\" class=\"attachment-medium size-medium wp-image-17600\" alt=\"\" srcset=\"https:\/\/rutesentrerefugis.com\/wp-content\/uploads\/2023\/05\/Un-Mon-Gelat-Inici-300x200.jpg 300w, https:\/\/rutesentrerefugis.com\/wp-content\/uploads\/2023\/05\/Un-Mon-Gelat-Inici-1024x683.jpg 1024w, https:\/\/rutesentrerefugis.com\/wp-content\/uploads\/2023\/05\/Un-Mon-Gelat-Inici-768x512.jpg 768w, https:\/\/rutesentrerefugis.com\/wp-content\/uploads\/2023\/05\/Un-Mon-Gelat-Inici.jpg 1200w\" sizes=\"(max-width: 300px) 100vw, 300px\" \/><\/div>\n\t\t<\/a>\n\t\t\t\t<div class=\"elementor-post__text\">\n\t\t\t\t<h3 class=\"elementor-post__title\">\n\t\t\t<a href=\"https:\/\/rutesentrerefugis.com\/index.php\/2023\/05\/31\/un-mon-gelat\/\" >\n\t\t\t\tUN M\u00d3N GELAT\t\t\t<\/a>\n\t\t<\/h3>\n\t\t\t\t<div class=\"elementor-post__meta-data\">\n\t\t\t\t\t<span class=\"elementor-post-date\">\n\t\t\t31\/05\/2023\t\t<\/span>\n\t\t\t\t<\/div>\n\t\t\t\t<\/div>\n\t\t\t\t<\/article>\n\t\t\t\t<article class=\"elementor-post elementor-grid-item post-7056 post type-post status-publish format-standard has-post-thumbnail hentry category-blog category-jokin-azketa-ca category-llibres tag-andes-es-ca tag-calafate-es-ca tag-chalten-es-ca tag-cronicas-ca tag-croniques-ca tag-fitz-roy-es-ca tag-jokin-azketa-es-ca tag-patagonia-es-ca tag-rba-es-ca tag-scarf-es-ca\" role=\"listitem\">\n\t\t\t\t<a class=\"elementor-post__thumbnail__link\" href=\"https:\/\/rutesentrerefugis.com\/index.php\/2022\/07\/26\/la-vida-en-la-punta-de-los-dedos\/\" tabindex=\"-1\" >\n\t\t\t<div class=\"elementor-post__thumbnail\"><img loading=\"lazy\" decoding=\"async\" width=\"300\" height=\"200\" src=\"https:\/\/rutesentrerefugis.com\/wp-content\/uploads\/2023\/01\/La-Vida-en-la-Punta-de-los-Dedos-Inici-NW-300x200.jpg\" class=\"attachment-medium size-medium wp-image-7057\" alt=\"\" srcset=\"https:\/\/rutesentrerefugis.com\/wp-content\/uploads\/2023\/01\/La-Vida-en-la-Punta-de-los-Dedos-Inici-NW-300x200.jpg 300w, https:\/\/rutesentrerefugis.com\/wp-content\/uploads\/2023\/01\/La-Vida-en-la-Punta-de-los-Dedos-Inici-NW-1024x683.jpg 1024w, https:\/\/rutesentrerefugis.com\/wp-content\/uploads\/2023\/01\/La-Vida-en-la-Punta-de-los-Dedos-Inici-NW-768x512.jpg 768w, https:\/\/rutesentrerefugis.com\/wp-content\/uploads\/2023\/01\/La-Vida-en-la-Punta-de-los-Dedos-Inici-NW.jpg 1200w\" sizes=\"(max-width: 300px) 100vw, 300px\" \/><\/div>\n\t\t<\/a>\n\t\t\t\t<div class=\"elementor-post__text\">\n\t\t\t\t<h3 class=\"elementor-post__title\">\n\t\t\t<a href=\"https:\/\/rutesentrerefugis.com\/index.php\/2022\/07\/26\/la-vida-en-la-punta-de-los-dedos\/\" >\n\t\t\t\tLA VIDA EN LA PUNTA DE LOS DEDOS\t\t\t<\/a>\n\t\t<\/h3>\n\t\t\t\t<div class=\"elementor-post__meta-data\">\n\t\t\t\t\t<span class=\"elementor-post-date\">\n\t\t\t26\/07\/2022\t\t<\/span>\n\t\t\t\t<\/div>\n\t\t\t\t<\/div>\n\t\t\t\t<\/article>\n\t\t\t\t<article class=\"elementor-post elementor-grid-item post-1357 post type-post status-publish format-standard has-post-thumbnail hentry category-blog category-jokin-azketa-ca tag-annapurna-es-ca tag-columnas-ca tag-columnes-ca tag-david-roberts-es-ca tag-jokin-azketa-es-ca tag-laltra-veritat-ca tag-la-otra-verdad-es-ca tag-tushita-edicions-es-ca\" role=\"listitem\">\n\t\t\t\t<a class=\"elementor-post__thumbnail__link\" href=\"https:\/\/rutesentrerefugis.com\/index.php\/2021\/02\/02\/annapurna-altra-veritat\/\" tabindex=\"-1\" >\n\t\t\t<div class=\"elementor-post__thumbnail\"><img loading=\"lazy\" decoding=\"async\" width=\"300\" height=\"200\" src=\"https:\/\/rutesentrerefugis.com\/wp-content\/uploads\/2022\/09\/Annapurna-Inici-NW-300x200.jpg\" class=\"attachment-medium size-medium wp-image-1360\" alt=\"Annapurna\" srcset=\"https:\/\/rutesentrerefugis.com\/wp-content\/uploads\/2022\/09\/Annapurna-Inici-NW-300x200.jpg 300w, https:\/\/rutesentrerefugis.com\/wp-content\/uploads\/2022\/09\/Annapurna-Inici-NW-1024x683.jpg 1024w, https:\/\/rutesentrerefugis.com\/wp-content\/uploads\/2022\/09\/Annapurna-Inici-NW-768x512.jpg 768w, https:\/\/rutesentrerefugis.com\/wp-content\/uploads\/2022\/09\/Annapurna-Inici-NW.jpg 1200w\" sizes=\"(max-width: 300px) 100vw, 300px\" \/><\/div>\n\t\t<\/a>\n\t\t\t\t<div class=\"elementor-post__text\">\n\t\t\t\t<h3 class=\"elementor-post__title\">\n\t\t\t<a href=\"https:\/\/rutesentrerefugis.com\/index.php\/2021\/02\/02\/annapurna-altra-veritat\/\" >\n\t\t\t\tANNAPURNA &#8230; (l&#8217;altra veritat)\t\t\t<\/a>\n\t\t<\/h3>\n\t\t\t\t<div class=\"elementor-post__meta-data\">\n\t\t\t\t\t<span class=\"elementor-post-date\">\n\t\t\t02\/02\/2021\t\t<\/span>\n\t\t\t\t<\/div>\n\t\t\t\t<\/div>\n\t\t\t\t<\/article>\n\t\t\t\t<article class=\"elementor-post elementor-grid-item post-1405 post type-post status-publish format-standard has-post-thumbnail hentry category-blog category-jokin-azketa-ca tag-columnas-ca tag-columnes-ca tag-el-chalten-es-ca tag-fitz-roy-es-ca tag-guido-magnone-es-ca tag-jim-reynolds-es-ca tag-jokin-azketa-es-ca tag-lionel-terray-es-ca\" role=\"listitem\">\n\t\t\t\t<a class=\"elementor-post__thumbnail__link\" href=\"https:\/\/rutesentrerefugis.com\/index.php\/2020\/09\/30\/fitz-roy\/\" tabindex=\"-1\" >\n\t\t\t<div class=\"elementor-post__thumbnail\"><img loading=\"lazy\" decoding=\"async\" width=\"300\" height=\"200\" src=\"https:\/\/rutesentrerefugis.com\/wp-content\/uploads\/2022\/09\/Fitz-Roy-Inici-NW-300x200.jpg\" class=\"attachment-medium size-medium wp-image-1430\" alt=\"Fitz Roy\" srcset=\"https:\/\/rutesentrerefugis.com\/wp-content\/uploads\/2022\/09\/Fitz-Roy-Inici-NW-300x200.jpg 300w, https:\/\/rutesentrerefugis.com\/wp-content\/uploads\/2022\/09\/Fitz-Roy-Inici-NW-1024x683.jpg 1024w, https:\/\/rutesentrerefugis.com\/wp-content\/uploads\/2022\/09\/Fitz-Roy-Inici-NW-768x512.jpg 768w, https:\/\/rutesentrerefugis.com\/wp-content\/uploads\/2022\/09\/Fitz-Roy-Inici-NW.jpg 1200w\" sizes=\"(max-width: 300px) 100vw, 300px\" \/><\/div>\n\t\t<\/a>\n\t\t\t\t<div class=\"elementor-post__text\">\n\t\t\t\t<h3 class=\"elementor-post__title\">\n\t\t\t<a href=\"https:\/\/rutesentrerefugis.com\/index.php\/2020\/09\/30\/fitz-roy\/\" >\n\t\t\t\tFITZ ROY\t\t\t<\/a>\n\t\t<\/h3>\n\t\t\t\t<div class=\"elementor-post__meta-data\">\n\t\t\t\t\t<span class=\"elementor-post-date\">\n\t\t\t30\/09\/2020\t\t<\/span>\n\t\t\t\t<\/div>\n\t\t\t\t<\/div>\n\t\t\t\t<\/article>\n\t\t\t\t<article class=\"elementor-post elementor-grid-item post-1466 post type-post status-publish format-standard has-post-thumbnail hentry category-blog category-jokin-azketa-ca tag-charles-evans-es-ca tag-columnas-ca tag-columnes-ca tag-darjeeling-es-ca tag-georges-band-es-ca tag-joe-brown-es-ca tag-jokin-azketa-es-ca tag-kangchenjunga-es-ca\" role=\"listitem\">\n\t\t\t\t<a class=\"elementor-post__thumbnail__link\" href=\"https:\/\/rutesentrerefugis.com\/index.php\/2020\/06\/10\/kangchenjunga\/\" tabindex=\"-1\" >\n\t\t\t<div class=\"elementor-post__thumbnail\"><img loading=\"lazy\" decoding=\"async\" width=\"300\" height=\"200\" src=\"https:\/\/rutesentrerefugis.com\/wp-content\/uploads\/2020\/06\/Kangchenjunga-Inici-NW-300x200.jpg\" class=\"attachment-medium size-medium wp-image-1470\" alt=\"Kangchenjunga\" srcset=\"https:\/\/rutesentrerefugis.com\/wp-content\/uploads\/2020\/06\/Kangchenjunga-Inici-NW-300x200.jpg 300w, https:\/\/rutesentrerefugis.com\/wp-content\/uploads\/2020\/06\/Kangchenjunga-Inici-NW-1024x683.jpg 1024w, https:\/\/rutesentrerefugis.com\/wp-content\/uploads\/2020\/06\/Kangchenjunga-Inici-NW-768x512.jpg 768w, https:\/\/rutesentrerefugis.com\/wp-content\/uploads\/2020\/06\/Kangchenjunga-Inici-NW.jpg 1200w\" sizes=\"(max-width: 300px) 100vw, 300px\" \/><\/div>\n\t\t<\/a>\n\t\t\t\t<div class=\"elementor-post__text\">\n\t\t\t\t<h3 class=\"elementor-post__title\">\n\t\t\t<a href=\"https:\/\/rutesentrerefugis.com\/index.php\/2020\/06\/10\/kangchenjunga\/\" >\n\t\t\t\tKANGCHENJUNGA\t\t\t<\/a>\n\t\t<\/h3>\n\t\t\t\t<div class=\"elementor-post__meta-data\">\n\t\t\t\t\t<span class=\"elementor-post-date\">\n\t\t\t10\/06\/2020\t\t<\/span>\n\t\t\t\t<\/div>\n\t\t\t\t<\/div>\n\t\t\t\t<\/article>\n\t\t\t\t<article class=\"elementor-post elementor-grid-item post-1505 post type-post status-publish format-standard has-post-thumbnail hentry category-blog category-jokin-azketa-ca category-llibres tag-columnas-ca tag-columnes-ca tag-ediciones-desnivel-es-ca tag-el-tiempo-del-vacio-es-ca tag-jokin-azketa-es-ca\" role=\"listitem\">\n\t\t\t\t<a class=\"elementor-post__thumbnail__link\" href=\"https:\/\/rutesentrerefugis.com\/index.php\/2020\/05\/18\/el-tiempo-del-vacio\/\" tabindex=\"-1\" >\n\t\t\t<div class=\"elementor-post__thumbnail\"><img loading=\"lazy\" decoding=\"async\" width=\"300\" height=\"200\" src=\"https:\/\/rutesentrerefugis.com\/wp-content\/uploads\/2020\/05\/Tiempo-del-Vacio-Inici-NW-300x200.jpg\" class=\"attachment-medium size-medium wp-image-1539\" alt=\"El Tiempo del Vacio\" srcset=\"https:\/\/rutesentrerefugis.com\/wp-content\/uploads\/2020\/05\/Tiempo-del-Vacio-Inici-NW-300x200.jpg 300w, https:\/\/rutesentrerefugis.com\/wp-content\/uploads\/2020\/05\/Tiempo-del-Vacio-Inici-NW-1024x683.jpg 1024w, https:\/\/rutesentrerefugis.com\/wp-content\/uploads\/2020\/05\/Tiempo-del-Vacio-Inici-NW-768x512.jpg 768w, https:\/\/rutesentrerefugis.com\/wp-content\/uploads\/2020\/05\/Tiempo-del-Vacio-Inici-NW.jpg 1200w\" sizes=\"(max-width: 300px) 100vw, 300px\" \/><\/div>\n\t\t<\/a>\n\t\t\t\t<div class=\"elementor-post__text\">\n\t\t\t\t<h3 class=\"elementor-post__title\">\n\t\t\t<a href=\"https:\/\/rutesentrerefugis.com\/index.php\/2020\/05\/18\/el-tiempo-del-vacio\/\" >\n\t\t\t\tEL TIEMPO DEL VAC\u00cdO\t\t\t<\/a>\n\t\t<\/h3>\n\t\t\t\t<div class=\"elementor-post__meta-data\">\n\t\t\t\t\t<span class=\"elementor-post-date\">\n\t\t\t18\/05\/2020\t\t<\/span>\n\t\t\t\t<\/div>\n\t\t\t\t<\/div>\n\t\t\t\t<\/article>\n\t\t\t\t<article class=\"elementor-post elementor-grid-item post-1546 post type-post status-publish format-standard has-post-thumbnail hentry category-blog category-jokin-azketa-ca tag-albert-mummery-es-ca tag-alison-hargreaves-es-ca tag-andi-harvard-es-ca tag-columnas-ca tag-columnes-ca tag-daniele-nardi-es-ca tag-gomar-sing-es-ca tag-jim-states-es-ca tag-jokin-azketa-es-ca tag-k2-es-ca tag-karakorum-es-ca tag-les-muntanyes-del-desti-es-ca tag-lou-reichardt-es-ca tag-mary-elizabeth-frye-es-ca tag-nanda-devi-es-ca tag-nanga-parbat-es-ca tag-pete-lev-es-ca tag-ragobir-es-ca tag-tom-ballard-es-ca tag-willi-unsoeld-es-ca\" role=\"listitem\">\n\t\t\t\t<a class=\"elementor-post__thumbnail__link\" href=\"https:\/\/rutesentrerefugis.com\/index.php\/2020\/04\/03\/les-muntanyes-del-desti\/\" tabindex=\"-1\" >\n\t\t\t<div class=\"elementor-post__thumbnail\"><img loading=\"lazy\" decoding=\"async\" width=\"300\" height=\"200\" src=\"https:\/\/rutesentrerefugis.com\/wp-content\/uploads\/2022\/09\/Annapurna-Inici-NW-300x200.jpg\" class=\"attachment-medium size-medium wp-image-1360\" alt=\"Annapurna\" srcset=\"https:\/\/rutesentrerefugis.com\/wp-content\/uploads\/2022\/09\/Annapurna-Inici-NW-300x200.jpg 300w, https:\/\/rutesentrerefugis.com\/wp-content\/uploads\/2022\/09\/Annapurna-Inici-NW-1024x683.jpg 1024w, https:\/\/rutesentrerefugis.com\/wp-content\/uploads\/2022\/09\/Annapurna-Inici-NW-768x512.jpg 768w, https:\/\/rutesentrerefugis.com\/wp-content\/uploads\/2022\/09\/Annapurna-Inici-NW.jpg 1200w\" sizes=\"(max-width: 300px) 100vw, 300px\" \/><\/div>\n\t\t<\/a>\n\t\t\t\t<div class=\"elementor-post__text\">\n\t\t\t\t<h3 class=\"elementor-post__title\">\n\t\t\t<a href=\"https:\/\/rutesentrerefugis.com\/index.php\/2020\/04\/03\/les-muntanyes-del-desti\/\" >\n\t\t\t\tLES MUNTANYES DEL DEST\u00cd\t\t\t<\/a>\n\t\t<\/h3>\n\t\t\t\t<div class=\"elementor-post__meta-data\">\n\t\t\t\t\t<span class=\"elementor-post-date\">\n\t\t\t03\/04\/2020\t\t<\/span>\n\t\t\t\t<\/div>\n\t\t\t\t<\/div>\n\t\t\t\t<\/article>\n\t\t\t\t<\/div>\n\t\t\n\t\t\t\t\t\t<\/div>\n\t\t\t\t<\/div>\n\t\t\t\t\t<\/div>\n\t\t<\/div>\n\t\t\t\t\t<\/div>\n\t\t<\/section>\n\t\t\t\t<section class=\"elementor-section elementor-top-section elementor-element elementor-element-24091e8 elementor-section-full_width elementor-section-height-default elementor-section-height-default\" data-id=\"24091e8\" data-element_type=\"section\" data-e-type=\"section\">\n\t\t\t\t\t\t<div class=\"elementor-container elementor-column-gap-default\">\n\t\t\t\t\t<div class=\"elementor-column elementor-col-100 elementor-top-column elementor-element elementor-element-bcf0e5d\" data-id=\"bcf0e5d\" data-element_type=\"column\" data-e-type=\"column\">\n\t\t\t<div class=\"elementor-widget-wrap elementor-element-populated\">\n\t\t\t\t\t\t<div class=\"elementor-element elementor-element-4046bbe elementor-widget-divider--view-line elementor-widget elementor-widget-divider\" data-id=\"4046bbe\" data-element_type=\"widget\" data-e-type=\"widget\" data-widget_type=\"divider.default\">\n\t\t\t\t<div class=\"elementor-widget-container\">\n\t\t\t\t\t\t\t<div class=\"elementor-divider\">\n\t\t\t<span class=\"elementor-divider-separator\">\n\t\t\t\t\t\t<\/span>\n\t\t<\/div>\n\t\t\t\t\t\t<\/div>\n\t\t\t\t<\/div>\n\t\t\t\t\t<\/div>\n\t\t<\/div>\n\t\t\t\t\t<\/div>\n\t\t<\/section>\n\t\t\t\t<section class=\"elementor-section elementor-top-section elementor-element elementor-element-2497fed elementor-section-full_width elementor-section-height-default elementor-section-height-default\" data-id=\"2497fed\" data-element_type=\"section\" data-e-type=\"section\">\n\t\t\t\t\t\t<div class=\"elementor-container elementor-column-gap-default\">\n\t\t\t\t\t<div class=\"elementor-column elementor-col-100 elementor-top-column elementor-element elementor-element-ec68757\" data-id=\"ec68757\" data-element_type=\"column\" data-e-type=\"column\">\n\t\t\t<div class=\"elementor-widget-wrap elementor-element-populated\">\n\t\t\t\t\t\t<div class=\"elementor-element elementor-element-f86efba elementor-widget elementor-widget-spacer\" data-id=\"f86efba\" data-element_type=\"widget\" data-e-type=\"widget\" data-widget_type=\"spacer.default\">\n\t\t\t\t<div class=\"elementor-widget-container\">\n\t\t\t\t\t\t\t<div class=\"elementor-spacer\">\n\t\t\t<div class=\"elementor-spacer-inner\"><\/div>\n\t\t<\/div>\n\t\t\t\t\t\t<\/div>\n\t\t\t\t<\/div>\n\t\t\t\t\t<\/div>\n\t\t<\/div>\n\t\t\t\t\t<\/div>\n\t\t<\/section>\n\t\t\t\t<\/div>\n\t\t","protected":false},"excerpt":{"rendered":"<p>LA VIDA EN LA PUNTA DE LOS DEDOS Extracte del llibre &#8216;LA VIDA EN LA PUNTA DE LOS DEDOS&#8217; escrit per JOKIN AZKETA (RBA Libros)<\/p>\n","protected":false},"author":7,"featured_media":7057,"comment_status":"open","ping_status":"open","sticky":false,"template":"elementor_header_footer","format":"standard","meta":{"_monsterinsights_skip_tracking":false,"_monsterinsights_sitenote_active":false,"_monsterinsights_sitenote_note":"","_monsterinsights_sitenote_category":0,"footnotes":""},"categories":[5124,6208,11418],"tags":[6716,6718,6720,5130,5132,6460,6222,6722,6724,6726],"class_list":["post-7056","post","type-post","status-publish","format-standard","has-post-thumbnail","hentry","category-blog","category-jokin-azketa-ca","category-llibres","tag-andes-es-ca","tag-calafate-es-ca","tag-chalten-es-ca","tag-cronicas-ca","tag-croniques-ca","tag-fitz-roy-es-ca","tag-jokin-azketa-es-ca","tag-patagonia-es-ca","tag-rba-es-ca","tag-scarf-es-ca"],"yoast_head":"<!-- This site is optimized with the Yoast SEO plugin v27.5 - https:\/\/yoast.com\/product\/yoast-seo-wordpress\/ -->\n<title>LA VIDA EN LA PUNTA DE LOS DEDOS - Rutes Entre Refugis<\/title>\n<meta name=\"robots\" content=\"index, follow, max-snippet:-1, max-image-preview:large, max-video-preview:-1\" \/>\n<link rel=\"canonical\" href=\"https:\/\/rutesentrerefugis.com\/index.php\/2022\/07\/26\/la-vida-en-la-punta-de-los-dedos\/\" \/>\n<meta property=\"og:locale\" content=\"es_ES\" \/>\n<meta property=\"og:type\" content=\"article\" \/>\n<meta property=\"og:title\" content=\"LA VIDA EN LA PUNTA DE LOS DEDOS - Rutes Entre Refugis\" \/>\n<meta property=\"og:description\" content=\"LA VIDA EN LA PUNTA DE LOS DEDOS Extracte del llibre &#8216;LA VIDA EN LA PUNTA DE LOS DEDOS&#8217; escrit per JOKIN AZKETA (RBA Libros)\" \/>\n<meta property=\"og:url\" content=\"https:\/\/rutesentrerefugis.com\/index.php\/2022\/07\/26\/la-vida-en-la-punta-de-los-dedos\/\" \/>\n<meta property=\"og:site_name\" content=\"Rutes Entre Refugis\" \/>\n<meta property=\"article:published_time\" content=\"2022-07-26T08:02:00+00:00\" \/>\n<meta property=\"article:modified_time\" content=\"2024-09-04T15:48:26+00:00\" \/>\n<meta property=\"og:image\" content=\"https:\/\/rutesentrerefugis.com\/wp-content\/uploads\/2023\/01\/La-Vida-en-la-Punta-de-los-Dedos-Inici-NW.jpg\" \/>\n\t<meta property=\"og:image:width\" content=\"1200\" \/>\n\t<meta property=\"og:image:height\" content=\"800\" \/>\n\t<meta property=\"og:image:type\" content=\"image\/jpeg\" \/>\n<meta name=\"author\" content=\"Jokin Azketa\" \/>\n<meta name=\"twitter:card\" content=\"summary_large_image\" \/>\n<meta name=\"twitter:label1\" content=\"Escrito por\" \/>\n\t<meta name=\"twitter:data1\" content=\"Jokin Azketa\" \/>\n\t<meta name=\"twitter:label2\" content=\"Tiempo de lectura\" \/>\n\t<meta name=\"twitter:data2\" content=\"13 minutos\" \/>\n<script type=\"application\/ld+json\" class=\"yoast-schema-graph\">{\"@context\":\"https:\\\/\\\/schema.org\",\"@graph\":[{\"@type\":\"Article\",\"@id\":\"https:\\\/\\\/rutesentrerefugis.com\\\/index.php\\\/2022\\\/07\\\/26\\\/la-vida-en-la-punta-de-los-dedos\\\/#article\",\"isPartOf\":{\"@id\":\"https:\\\/\\\/rutesentrerefugis.com\\\/index.php\\\/2022\\\/07\\\/26\\\/la-vida-en-la-punta-de-los-dedos\\\/\"},\"author\":{\"name\":\"Jokin Azketa\",\"@id\":\"https:\\\/\\\/rutesentrerefugis.com\\\/#\\\/schema\\\/person\\\/4c1fbc144455a50d30749b98eb99624d\"},\"headline\":\"LA VIDA EN LA PUNTA DE LOS DEDOS\",\"datePublished\":\"2022-07-26T08:02:00+00:00\",\"dateModified\":\"2024-09-04T15:48:26+00:00\",\"mainEntityOfPage\":{\"@id\":\"https:\\\/\\\/rutesentrerefugis.com\\\/index.php\\\/2022\\\/07\\\/26\\\/la-vida-en-la-punta-de-los-dedos\\\/\"},\"wordCount\":1988,\"commentCount\":0,\"publisher\":{\"@id\":\"https:\\\/\\\/rutesentrerefugis.com\\\/#organization\"},\"image\":{\"@id\":\"https:\\\/\\\/rutesentrerefugis.com\\\/index.php\\\/2022\\\/07\\\/26\\\/la-vida-en-la-punta-de-los-dedos\\\/#primaryimage\"},\"thumbnailUrl\":\"https:\\\/\\\/rutesentrerefugis.com\\\/wp-content\\\/uploads\\\/2023\\\/01\\\/La-Vida-en-la-Punta-de-los-Dedos-Inici-NW.jpg\",\"keywords\":[\"Andes\",\"Calafate\",\"Chalten\",\"Cr\u00f3nicas\",\"Cr\u00f2niques\",\"Fitz Roy\",\"Jokin Azketa\",\"Patagonia\",\"RBA\",\"Scarf\"],\"articleSection\":[\"Blog\",\"Jokin Azketa\",\"Llibres\"],\"inLanguage\":\"es\",\"potentialAction\":[{\"@type\":\"CommentAction\",\"name\":\"Comment\",\"target\":[\"https:\\\/\\\/rutesentrerefugis.com\\\/index.php\\\/2022\\\/07\\\/26\\\/la-vida-en-la-punta-de-los-dedos\\\/#respond\"]}]},{\"@type\":\"WebPage\",\"@id\":\"https:\\\/\\\/rutesentrerefugis.com\\\/index.php\\\/2022\\\/07\\\/26\\\/la-vida-en-la-punta-de-los-dedos\\\/\",\"url\":\"https:\\\/\\\/rutesentrerefugis.com\\\/index.php\\\/2022\\\/07\\\/26\\\/la-vida-en-la-punta-de-los-dedos\\\/\",\"name\":\"LA VIDA EN LA PUNTA DE LOS DEDOS - Rutes Entre Refugis\",\"isPartOf\":{\"@id\":\"https:\\\/\\\/rutesentrerefugis.com\\\/#website\"},\"primaryImageOfPage\":{\"@id\":\"https:\\\/\\\/rutesentrerefugis.com\\\/index.php\\\/2022\\\/07\\\/26\\\/la-vida-en-la-punta-de-los-dedos\\\/#primaryimage\"},\"image\":{\"@id\":\"https:\\\/\\\/rutesentrerefugis.com\\\/index.php\\\/2022\\\/07\\\/26\\\/la-vida-en-la-punta-de-los-dedos\\\/#primaryimage\"},\"thumbnailUrl\":\"https:\\\/\\\/rutesentrerefugis.com\\\/wp-content\\\/uploads\\\/2023\\\/01\\\/La-Vida-en-la-Punta-de-los-Dedos-Inici-NW.jpg\",\"datePublished\":\"2022-07-26T08:02:00+00:00\",\"dateModified\":\"2024-09-04T15:48:26+00:00\",\"breadcrumb\":{\"@id\":\"https:\\\/\\\/rutesentrerefugis.com\\\/index.php\\\/2022\\\/07\\\/26\\\/la-vida-en-la-punta-de-los-dedos\\\/#breadcrumb\"},\"inLanguage\":\"es\",\"potentialAction\":[{\"@type\":\"ReadAction\",\"target\":[\"https:\\\/\\\/rutesentrerefugis.com\\\/index.php\\\/2022\\\/07\\\/26\\\/la-vida-en-la-punta-de-los-dedos\\\/\"]}]},{\"@type\":\"ImageObject\",\"inLanguage\":\"es\",\"@id\":\"https:\\\/\\\/rutesentrerefugis.com\\\/index.php\\\/2022\\\/07\\\/26\\\/la-vida-en-la-punta-de-los-dedos\\\/#primaryimage\",\"url\":\"https:\\\/\\\/rutesentrerefugis.com\\\/wp-content\\\/uploads\\\/2023\\\/01\\\/La-Vida-en-la-Punta-de-los-Dedos-Inici-NW.jpg\",\"contentUrl\":\"https:\\\/\\\/rutesentrerefugis.com\\\/wp-content\\\/uploads\\\/2023\\\/01\\\/La-Vida-en-la-Punta-de-los-Dedos-Inici-NW.jpg\",\"width\":1200,\"height\":800},{\"@type\":\"BreadcrumbList\",\"@id\":\"https:\\\/\\\/rutesentrerefugis.com\\\/index.php\\\/2022\\\/07\\\/26\\\/la-vida-en-la-punta-de-los-dedos\\\/#breadcrumb\",\"itemListElement\":[{\"@type\":\"ListItem\",\"position\":1,\"name\":\"Inici\",\"item\":\"https:\\\/\\\/rutesentrerefugis.com\\\/\"},{\"@type\":\"ListItem\",\"position\":2,\"name\":\"LA VIDA EN LA PUNTA DE LOS DEDOS\"}]},{\"@type\":\"WebSite\",\"@id\":\"https:\\\/\\\/rutesentrerefugis.com\\\/#website\",\"url\":\"https:\\\/\\\/rutesentrerefugis.com\\\/\",\"name\":\"Rutes Entre Refugis\",\"description\":\"Caminant sota un nom\",\"publisher\":{\"@id\":\"https:\\\/\\\/rutesentrerefugis.com\\\/#organization\"},\"potentialAction\":[{\"@type\":\"SearchAction\",\"target\":{\"@type\":\"EntryPoint\",\"urlTemplate\":\"https:\\\/\\\/rutesentrerefugis.com\\\/?s={search_term_string}\"},\"query-input\":{\"@type\":\"PropertyValueSpecification\",\"valueRequired\":true,\"valueName\":\"search_term_string\"}}],\"inLanguage\":\"es\"},{\"@type\":\"Organization\",\"@id\":\"https:\\\/\\\/rutesentrerefugis.com\\\/#organization\",\"name\":\"Rutes Entre Refugis\",\"url\":\"https:\\\/\\\/rutesentrerefugis.com\\\/\",\"logo\":{\"@type\":\"ImageObject\",\"inLanguage\":\"es\",\"@id\":\"https:\\\/\\\/rutesentrerefugis.com\\\/#\\\/schema\\\/logo\\\/image\\\/\",\"url\":\"https:\\\/\\\/rutesentrerefugis.com\\\/wp-content\\\/uploads\\\/2022\\\/08\\\/RutesEntreRefugis-Blanc-Retina-1.png\",\"contentUrl\":\"https:\\\/\\\/rutesentrerefugis.com\\\/wp-content\\\/uploads\\\/2022\\\/08\\\/RutesEntreRefugis-Blanc-Retina-1.png\",\"width\":400,\"height\":400,\"caption\":\"Rutes Entre Refugis\"},\"image\":{\"@id\":\"https:\\\/\\\/rutesentrerefugis.com\\\/#\\\/schema\\\/logo\\\/image\\\/\"}},{\"@type\":\"Person\",\"@id\":\"https:\\\/\\\/rutesentrerefugis.com\\\/#\\\/schema\\\/person\\\/4c1fbc144455a50d30749b98eb99624d\",\"name\":\"Jokin Azketa\",\"image\":{\"@type\":\"ImageObject\",\"inLanguage\":\"es\",\"@id\":\"https:\\\/\\\/rutesentrerefugis.com\\\/wp-content\\\/uploads\\\/2023\\\/05\\\/avatar_user_7_1683353297-96x96.jpg\",\"url\":\"https:\\\/\\\/rutesentrerefugis.com\\\/wp-content\\\/uploads\\\/2023\\\/05\\\/avatar_user_7_1683353297-96x96.jpg\",\"contentUrl\":\"https:\\\/\\\/rutesentrerefugis.com\\\/wp-content\\\/uploads\\\/2023\\\/05\\\/avatar_user_7_1683353297-96x96.jpg\",\"caption\":\"Jokin Azketa\"},\"url\":\"https:\\\/\\\/rutesentrerefugis.com\\\/index.php\\\/author\\\/jokin-azketa\\\/\"}]}<\/script>\n<!-- \/ Yoast SEO plugin. -->","yoast_head_json":{"title":"LA VIDA EN LA PUNTA DE LOS DEDOS - Rutes Entre Refugis","robots":{"index":"index","follow":"follow","max-snippet":"max-snippet:-1","max-image-preview":"max-image-preview:large","max-video-preview":"max-video-preview:-1"},"canonical":"https:\/\/rutesentrerefugis.com\/index.php\/2022\/07\/26\/la-vida-en-la-punta-de-los-dedos\/","og_locale":"es_ES","og_type":"article","og_title":"LA VIDA EN LA PUNTA DE LOS DEDOS - Rutes Entre Refugis","og_description":"LA VIDA EN LA PUNTA DE LOS DEDOS Extracte del llibre &#8216;LA VIDA EN LA PUNTA DE LOS DEDOS&#8217; escrit per JOKIN AZKETA (RBA Libros)","og_url":"https:\/\/rutesentrerefugis.com\/index.php\/2022\/07\/26\/la-vida-en-la-punta-de-los-dedos\/","og_site_name":"Rutes Entre Refugis","article_published_time":"2022-07-26T08:02:00+00:00","article_modified_time":"2024-09-04T15:48:26+00:00","og_image":[{"width":1200,"height":800,"url":"https:\/\/rutesentrerefugis.com\/wp-content\/uploads\/2023\/01\/La-Vida-en-la-Punta-de-los-Dedos-Inici-NW.jpg","type":"image\/jpeg"}],"author":"Jokin Azketa","twitter_card":"summary_large_image","twitter_misc":{"Escrito por":"Jokin Azketa","Tiempo de lectura":"13 minutos"},"schema":{"@context":"https:\/\/schema.org","@graph":[{"@type":"Article","@id":"https:\/\/rutesentrerefugis.com\/index.php\/2022\/07\/26\/la-vida-en-la-punta-de-los-dedos\/#article","isPartOf":{"@id":"https:\/\/rutesentrerefugis.com\/index.php\/2022\/07\/26\/la-vida-en-la-punta-de-los-dedos\/"},"author":{"name":"Jokin Azketa","@id":"https:\/\/rutesentrerefugis.com\/#\/schema\/person\/4c1fbc144455a50d30749b98eb99624d"},"headline":"LA VIDA EN LA PUNTA DE LOS DEDOS","datePublished":"2022-07-26T08:02:00+00:00","dateModified":"2024-09-04T15:48:26+00:00","mainEntityOfPage":{"@id":"https:\/\/rutesentrerefugis.com\/index.php\/2022\/07\/26\/la-vida-en-la-punta-de-los-dedos\/"},"wordCount":1988,"commentCount":0,"publisher":{"@id":"https:\/\/rutesentrerefugis.com\/#organization"},"image":{"@id":"https:\/\/rutesentrerefugis.com\/index.php\/2022\/07\/26\/la-vida-en-la-punta-de-los-dedos\/#primaryimage"},"thumbnailUrl":"https:\/\/rutesentrerefugis.com\/wp-content\/uploads\/2023\/01\/La-Vida-en-la-Punta-de-los-Dedos-Inici-NW.jpg","keywords":["Andes","Calafate","Chalten","Cr\u00f3nicas","Cr\u00f2niques","Fitz Roy","Jokin Azketa","Patagonia","RBA","Scarf"],"articleSection":["Blog","Jokin Azketa","Llibres"],"inLanguage":"es","potentialAction":[{"@type":"CommentAction","name":"Comment","target":["https:\/\/rutesentrerefugis.com\/index.php\/2022\/07\/26\/la-vida-en-la-punta-de-los-dedos\/#respond"]}]},{"@type":"WebPage","@id":"https:\/\/rutesentrerefugis.com\/index.php\/2022\/07\/26\/la-vida-en-la-punta-de-los-dedos\/","url":"https:\/\/rutesentrerefugis.com\/index.php\/2022\/07\/26\/la-vida-en-la-punta-de-los-dedos\/","name":"LA VIDA EN LA PUNTA DE LOS DEDOS - Rutes Entre Refugis","isPartOf":{"@id":"https:\/\/rutesentrerefugis.com\/#website"},"primaryImageOfPage":{"@id":"https:\/\/rutesentrerefugis.com\/index.php\/2022\/07\/26\/la-vida-en-la-punta-de-los-dedos\/#primaryimage"},"image":{"@id":"https:\/\/rutesentrerefugis.com\/index.php\/2022\/07\/26\/la-vida-en-la-punta-de-los-dedos\/#primaryimage"},"thumbnailUrl":"https:\/\/rutesentrerefugis.com\/wp-content\/uploads\/2023\/01\/La-Vida-en-la-Punta-de-los-Dedos-Inici-NW.jpg","datePublished":"2022-07-26T08:02:00+00:00","dateModified":"2024-09-04T15:48:26+00:00","breadcrumb":{"@id":"https:\/\/rutesentrerefugis.com\/index.php\/2022\/07\/26\/la-vida-en-la-punta-de-los-dedos\/#breadcrumb"},"inLanguage":"es","potentialAction":[{"@type":"ReadAction","target":["https:\/\/rutesentrerefugis.com\/index.php\/2022\/07\/26\/la-vida-en-la-punta-de-los-dedos\/"]}]},{"@type":"ImageObject","inLanguage":"es","@id":"https:\/\/rutesentrerefugis.com\/index.php\/2022\/07\/26\/la-vida-en-la-punta-de-los-dedos\/#primaryimage","url":"https:\/\/rutesentrerefugis.com\/wp-content\/uploads\/2023\/01\/La-Vida-en-la-Punta-de-los-Dedos-Inici-NW.jpg","contentUrl":"https:\/\/rutesentrerefugis.com\/wp-content\/uploads\/2023\/01\/La-Vida-en-la-Punta-de-los-Dedos-Inici-NW.jpg","width":1200,"height":800},{"@type":"BreadcrumbList","@id":"https:\/\/rutesentrerefugis.com\/index.php\/2022\/07\/26\/la-vida-en-la-punta-de-los-dedos\/#breadcrumb","itemListElement":[{"@type":"ListItem","position":1,"name":"Inici","item":"https:\/\/rutesentrerefugis.com\/"},{"@type":"ListItem","position":2,"name":"LA VIDA EN LA PUNTA DE LOS DEDOS"}]},{"@type":"WebSite","@id":"https:\/\/rutesentrerefugis.com\/#website","url":"https:\/\/rutesentrerefugis.com\/","name":"Rutes Entre Refugis","description":"Caminant sota un nom","publisher":{"@id":"https:\/\/rutesentrerefugis.com\/#organization"},"potentialAction":[{"@type":"SearchAction","target":{"@type":"EntryPoint","urlTemplate":"https:\/\/rutesentrerefugis.com\/?s={search_term_string}"},"query-input":{"@type":"PropertyValueSpecification","valueRequired":true,"valueName":"search_term_string"}}],"inLanguage":"es"},{"@type":"Organization","@id":"https:\/\/rutesentrerefugis.com\/#organization","name":"Rutes Entre Refugis","url":"https:\/\/rutesentrerefugis.com\/","logo":{"@type":"ImageObject","inLanguage":"es","@id":"https:\/\/rutesentrerefugis.com\/#\/schema\/logo\/image\/","url":"https:\/\/rutesentrerefugis.com\/wp-content\/uploads\/2022\/08\/RutesEntreRefugis-Blanc-Retina-1.png","contentUrl":"https:\/\/rutesentrerefugis.com\/wp-content\/uploads\/2022\/08\/RutesEntreRefugis-Blanc-Retina-1.png","width":400,"height":400,"caption":"Rutes Entre Refugis"},"image":{"@id":"https:\/\/rutesentrerefugis.com\/#\/schema\/logo\/image\/"}},{"@type":"Person","@id":"https:\/\/rutesentrerefugis.com\/#\/schema\/person\/4c1fbc144455a50d30749b98eb99624d","name":"Jokin Azketa","image":{"@type":"ImageObject","inLanguage":"es","@id":"https:\/\/rutesentrerefugis.com\/wp-content\/uploads\/2023\/05\/avatar_user_7_1683353297-96x96.jpg","url":"https:\/\/rutesentrerefugis.com\/wp-content\/uploads\/2023\/05\/avatar_user_7_1683353297-96x96.jpg","contentUrl":"https:\/\/rutesentrerefugis.com\/wp-content\/uploads\/2023\/05\/avatar_user_7_1683353297-96x96.jpg","caption":"Jokin Azketa"},"url":"https:\/\/rutesentrerefugis.com\/index.php\/author\/jokin-azketa\/"}]}},"_links":{"self":[{"href":"https:\/\/rutesentrerefugis.com\/index.php\/wp-json\/wp\/v2\/posts\/7056","targetHints":{"allow":["GET"]}}],"collection":[{"href":"https:\/\/rutesentrerefugis.com\/index.php\/wp-json\/wp\/v2\/posts"}],"about":[{"href":"https:\/\/rutesentrerefugis.com\/index.php\/wp-json\/wp\/v2\/types\/post"}],"author":[{"embeddable":true,"href":"https:\/\/rutesentrerefugis.com\/index.php\/wp-json\/wp\/v2\/users\/7"}],"replies":[{"embeddable":true,"href":"https:\/\/rutesentrerefugis.com\/index.php\/wp-json\/wp\/v2\/comments?post=7056"}],"version-history":[{"count":39,"href":"https:\/\/rutesentrerefugis.com\/index.php\/wp-json\/wp\/v2\/posts\/7056\/revisions"}],"predecessor-version":[{"id":20884,"href":"https:\/\/rutesentrerefugis.com\/index.php\/wp-json\/wp\/v2\/posts\/7056\/revisions\/20884"}],"wp:featuredmedia":[{"embeddable":true,"href":"https:\/\/rutesentrerefugis.com\/index.php\/wp-json\/wp\/v2\/media\/7057"}],"wp:attachment":[{"href":"https:\/\/rutesentrerefugis.com\/index.php\/wp-json\/wp\/v2\/media?parent=7056"}],"wp:term":[{"taxonomy":"category","embeddable":true,"href":"https:\/\/rutesentrerefugis.com\/index.php\/wp-json\/wp\/v2\/categories?post=7056"},{"taxonomy":"post_tag","embeddable":true,"href":"https:\/\/rutesentrerefugis.com\/index.php\/wp-json\/wp\/v2\/tags?post=7056"}],"curies":[{"name":"wp","href":"https:\/\/api.w.org\/{rel}","templated":true}]}}