{"id":7346,"date":"2020-02-29T11:56:00","date_gmt":"2020-02-29T11:56:00","guid":{"rendered":"https:\/\/nova.rutesentrerefugis.com\/?p=7346"},"modified":"2024-04-25T11:54:48","modified_gmt":"2024-04-25T11:54:48","slug":"cavall-bernat-de-llaberia-840-m","status":"publish","type":"post","link":"https:\/\/rutesentrerefugis.com\/index.php\/2020\/02\/29\/cavall-bernat-de-llaberia-840-m\/","title":{"rendered":"CAVALL BERNAT DE LLABERIA (840 m)"},"content":{"rendered":"\t\t<div data-elementor-type=\"wp-post\" data-elementor-id=\"7346\" class=\"elementor elementor-7346\" data-elementor-post-type=\"post\">\n\t\t\t\t\t\t<section class=\"elementor-section elementor-top-section elementor-element elementor-element-ab53242 elementor-section-full_width elementor-section-height-default elementor-section-height-default\" data-id=\"ab53242\" data-element_type=\"section\" data-e-type=\"section\" data-settings=\"{&quot;background_background&quot;:&quot;classic&quot;}\">\n\t\t\t\t\t\t<div class=\"elementor-container elementor-column-gap-default\">\n\t\t\t\t\t<div class=\"elementor-column elementor-col-100 elementor-top-column elementor-element elementor-element-8f03127\" data-id=\"8f03127\" data-element_type=\"column\" data-e-type=\"column\">\n\t\t\t<div class=\"elementor-widget-wrap elementor-element-populated\">\n\t\t\t\t\t\t<div class=\"elementor-element elementor-element-9b71a54 elementor-widget elementor-widget-image\" data-id=\"9b71a54\" data-element_type=\"widget\" data-e-type=\"widget\" data-widget_type=\"image.default\">\n\t\t\t\t<div class=\"elementor-widget-container\">\n\t\t\t\t\t\t\t\t\t\t\t\t\t\t\t<img fetchpriority=\"high\" decoding=\"async\" width=\"2000\" height=\"450\" src=\"https:\/\/rutesentrerefugis.com\/wp-content\/uploads\/2023\/02\/Serra-Llaberia-Cap-02.jpg\" class=\"attachment-full size-full wp-image-7351\" alt=\"\" srcset=\"https:\/\/rutesentrerefugis.com\/wp-content\/uploads\/2023\/02\/Serra-Llaberia-Cap-02.jpg 2000w, https:\/\/rutesentrerefugis.com\/wp-content\/uploads\/2023\/02\/Serra-Llaberia-Cap-02-300x68.jpg 300w, https:\/\/rutesentrerefugis.com\/wp-content\/uploads\/2023\/02\/Serra-Llaberia-Cap-02-1024x230.jpg 1024w, https:\/\/rutesentrerefugis.com\/wp-content\/uploads\/2023\/02\/Serra-Llaberia-Cap-02-768x173.jpg 768w, https:\/\/rutesentrerefugis.com\/wp-content\/uploads\/2023\/02\/Serra-Llaberia-Cap-02-1536x346.jpg 1536w\" sizes=\"(max-width: 2000px) 100vw, 2000px\" \/>\t\t\t\t\t\t\t\t\t\t\t\t\t\t\t<\/div>\n\t\t\t\t<\/div>\n\t\t\t\t\t<\/div>\n\t\t<\/div>\n\t\t\t\t\t<\/div>\n\t\t<\/section>\n\t\t\t\t<section class=\"elementor-section elementor-top-section elementor-element elementor-element-9bbab2a elementor-section-full_width elementor-section-height-default elementor-section-height-default\" data-id=\"9bbab2a\" data-element_type=\"section\" data-e-type=\"section\" data-settings=\"{&quot;background_background&quot;:&quot;classic&quot;}\">\n\t\t\t\t\t\t<div class=\"elementor-container elementor-column-gap-default\">\n\t\t\t\t\t<div class=\"elementor-column elementor-col-100 elementor-top-column elementor-element elementor-element-cbaaa3d\" data-id=\"cbaaa3d\" data-element_type=\"column\" data-e-type=\"column\">\n\t\t\t<div class=\"elementor-widget-wrap elementor-element-populated\">\n\t\t\t\t\t\t<div class=\"elementor-element elementor-element-88bb33a elementor-widget elementor-widget-heading\" data-id=\"88bb33a\" data-element_type=\"widget\" data-e-type=\"widget\" data-widget_type=\"heading.default\">\n\t\t\t\t<div class=\"elementor-widget-container\">\n\t\t\t\t\t<h2 class=\"elementor-heading-title elementor-size-default\">CAVALL BERNAT DE LLABERIA (840 m)<\/h2>\t\t\t\t<\/div>\n\t\t\t\t<\/div>\n\t\t\t\t\t<\/div>\n\t\t<\/div>\n\t\t\t\t\t<\/div>\n\t\t<\/section>\n\t\t\t\t<section class=\"elementor-section elementor-top-section elementor-element elementor-element-f4c2fc7 elementor-section-full_width elementor-section-height-default elementor-section-height-default\" data-id=\"f4c2fc7\" data-element_type=\"section\" data-e-type=\"section\" data-settings=\"{&quot;background_background&quot;:&quot;classic&quot;}\">\n\t\t\t\t\t\t<div class=\"elementor-container elementor-column-gap-default\">\n\t\t\t\t\t<div class=\"elementor-column elementor-col-100 elementor-top-column elementor-element elementor-element-aef9847\" data-id=\"aef9847\" data-element_type=\"column\" data-e-type=\"column\">\n\t\t\t<div class=\"elementor-widget-wrap elementor-element-populated\">\n\t\t\t\t\t\t<div class=\"elementor-element elementor-element-96abed9 elementor-widget-divider--view-line elementor-widget elementor-widget-divider\" data-id=\"96abed9\" data-element_type=\"widget\" data-e-type=\"widget\" data-widget_type=\"divider.default\">\n\t\t\t\t<div class=\"elementor-widget-container\">\n\t\t\t\t\t\t\t<div class=\"elementor-divider\">\n\t\t\t<span class=\"elementor-divider-separator\">\n\t\t\t\t\t\t<\/span>\n\t\t<\/div>\n\t\t\t\t\t\t<\/div>\n\t\t\t\t<\/div>\n\t\t\t\t\t<\/div>\n\t\t<\/div>\n\t\t\t\t\t<\/div>\n\t\t<\/section>\n\t\t\t\t<section class=\"elementor-section elementor-top-section elementor-element elementor-element-29ce0f6 elementor-section-full_width elementor-section-height-default elementor-section-height-default\" data-id=\"29ce0f6\" data-element_type=\"section\" data-e-type=\"section\">\n\t\t\t\t\t\t<div class=\"elementor-container elementor-column-gap-default\">\n\t\t\t\t\t<div class=\"elementor-column elementor-col-100 elementor-top-column elementor-element elementor-element-a91799a\" data-id=\"a91799a\" data-element_type=\"column\" data-e-type=\"column\">\n\t\t\t<div class=\"elementor-widget-wrap elementor-element-populated\">\n\t\t\t\t\t\t<div class=\"elementor-element elementor-element-3506292 elementor-widget elementor-widget-spacer\" data-id=\"3506292\" data-element_type=\"widget\" data-e-type=\"widget\" data-widget_type=\"spacer.default\">\n\t\t\t\t<div class=\"elementor-widget-container\">\n\t\t\t\t\t\t\t<div class=\"elementor-spacer\">\n\t\t\t<div class=\"elementor-spacer-inner\"><\/div>\n\t\t<\/div>\n\t\t\t\t\t\t<\/div>\n\t\t\t\t<\/div>\n\t\t\t\t\t<\/div>\n\t\t<\/div>\n\t\t\t\t\t<\/div>\n\t\t<\/section>\n\t\t\t\t<section class=\"elementor-section elementor-top-section elementor-element elementor-element-7d04b51 elementor-section-full_width elementor-section-height-default elementor-section-height-default\" data-id=\"7d04b51\" data-element_type=\"section\" data-e-type=\"section\">\n\t\t\t\t\t\t<div class=\"elementor-container elementor-column-gap-default\">\n\t\t\t\t\t<div class=\"elementor-column elementor-col-100 elementor-top-column elementor-element elementor-element-dc3164a\" data-id=\"dc3164a\" data-element_type=\"column\" data-e-type=\"column\">\n\t\t\t<div class=\"elementor-widget-wrap elementor-element-populated\">\n\t\t\t\t\t\t<div class=\"elementor-element elementor-element-5623faa elementor-widget elementor-widget-text-editor\" data-id=\"5623faa\" data-element_type=\"widget\" data-e-type=\"widget\" data-widget_type=\"text-editor.default\">\n\t\t\t\t<div class=\"elementor-widget-container\">\n\t\t\t\t\t\t\t\t\t<p>Columna escrita per FERRAN ALEXANDRI<\/p>\t\t\t\t\t\t\t\t<\/div>\n\t\t\t\t<\/div>\n\t\t\t\t\t<\/div>\n\t\t<\/div>\n\t\t\t\t\t<\/div>\n\t\t<\/section>\n\t\t\t\t<section class=\"elementor-section elementor-top-section elementor-element elementor-element-7d60b46 elementor-section-full_width elementor-section-height-default elementor-section-height-default\" data-id=\"7d60b46\" data-element_type=\"section\" data-e-type=\"section\">\n\t\t\t\t\t\t<div class=\"elementor-container elementor-column-gap-default\">\n\t\t\t\t\t<div class=\"elementor-column elementor-col-100 elementor-top-column elementor-element elementor-element-905bfd8\" data-id=\"905bfd8\" data-element_type=\"column\" data-e-type=\"column\">\n\t\t\t<div class=\"elementor-widget-wrap elementor-element-populated\">\n\t\t\t\t\t\t<div class=\"elementor-element elementor-element-5ea6a62 elementor-widget elementor-widget-text-editor\" data-id=\"5ea6a62\" data-element_type=\"widget\" data-e-type=\"widget\" data-widget_type=\"text-editor.default\">\n\t\t\t\t<div class=\"elementor-widget-container\">\n\t\t\t\t\t\t\t\t\t<h5> Situat entre els municipis de Colldejou i Pratdip, el Cavall Bernat de Llaberia \u00e9s un cim agullonat, en forma de dent, isolat i molt aeri, separat vers l\u2019est del cingle principal de la serra de Llaberia. L\u2019excursi\u00f3 es completa amb un itinerari circular que ens duu tamb\u00e9 fins als cims de la Creu de Llaberia i la Miranda, la m\u00e0xima altitud de la serra, per davallar despr\u00e9s a trav\u00e9s d\u2019un cam\u00ed de drecera fins al coll de Guix i Colldejou.<\/br>\n<\/br>\nLa serra de Llaberia constitueix un relleu, en forma de ferradura, del bra\u00e7 costaner de la serralada Prelitoral Catalana que, a grans trets, s\u2019est\u00e9n des del coll del Guix fins al Montalt. Per\u00f2 al nord-est, on hi ha el sector m\u00e9s enlairat, al municipi de Colldejou, presenta una cinglera molt vertical de prop de 500 m: una aut\u00e8ntica muralla de roca, flanquejada per relleus tabulars o immenses planes rocoses. Un terreny torturat, en definitiva, amb canals i barrancs encaixats, on la naturalesa calc\u00e0ria de les roques ha produ\u00eft nombroses balmes, coves i avencs, i on sovint bufa potent el mestral. Ens trobem en una zona molt muntanyosa, ocupada al peu de mont per boscos frondosos d\u2019ambient mediterrani. La seva situaci\u00f3 i el relleu abrupte han fet que Llaberia sigui un espai poc freq\u00fcentat i, per tant, poc alterat, on prolifera una gran biodiversitat. En aquesta excursi\u00f3 podrem con\u00e8ixer Colldejou, situat entre la serra de Llaberia i la mola de Colldejou, un indret habitat ja des de la prehist\u00f2ria. Colldejou \u00e9s un petit poble de muntanya que ha sabut mantenir la seva estructura tradicional i aut\u00e8ntica. Entre la muni\u00f3 de cases sobresurt l\u2019esgl\u00e9sia barroca, erigida al segle xvii, dedicada a Sant Lloren\u00e7; per\u00f2 tamb\u00e9 cases medievals molt ben conservades. <\/h5>\t\t\t\t\t\t\t\t<\/div>\n\t\t\t\t<\/div>\n\t\t\t\t\t<\/div>\n\t\t<\/div>\n\t\t\t\t\t<\/div>\n\t\t<\/section>\n\t\t\t\t<section class=\"elementor-section elementor-top-section elementor-element elementor-element-8c5d25a elementor-section-full_width elementor-section-height-default elementor-section-height-default\" data-id=\"8c5d25a\" data-element_type=\"section\" data-e-type=\"section\">\n\t\t\t\t\t\t<div class=\"elementor-container elementor-column-gap-default\">\n\t\t\t\t\t<div class=\"elementor-column elementor-col-100 elementor-top-column elementor-element elementor-element-56e1cd3\" data-id=\"56e1cd3\" data-element_type=\"column\" data-e-type=\"column\">\n\t\t\t<div class=\"elementor-widget-wrap elementor-element-populated\">\n\t\t\t\t\t\t<div class=\"elementor-element elementor-element-1b66b1b elementor-widget elementor-widget-image\" data-id=\"1b66b1b\" data-element_type=\"widget\" data-e-type=\"widget\" data-widget_type=\"image.default\">\n\t\t\t\t<div class=\"elementor-widget-container\">\n\t\t\t\t\t\t\t\t\t\t\t\t\t\t\t<img decoding=\"async\" width=\"2000\" height=\"375\" src=\"https:\/\/rutesentrerefugis.com\/wp-content\/uploads\/2023\/02\/Serra-de-Llaberia-01-G.jpg\" class=\"attachment-full size-full wp-image-7350\" alt=\"\" srcset=\"https:\/\/rutesentrerefugis.com\/wp-content\/uploads\/2023\/02\/Serra-de-Llaberia-01-G.jpg 2000w, https:\/\/rutesentrerefugis.com\/wp-content\/uploads\/2023\/02\/Serra-de-Llaberia-01-G-300x56.jpg 300w, https:\/\/rutesentrerefugis.com\/wp-content\/uploads\/2023\/02\/Serra-de-Llaberia-01-G-1024x192.jpg 1024w, https:\/\/rutesentrerefugis.com\/wp-content\/uploads\/2023\/02\/Serra-de-Llaberia-01-G-768x144.jpg 768w, https:\/\/rutesentrerefugis.com\/wp-content\/uploads\/2023\/02\/Serra-de-Llaberia-01-G-1536x288.jpg 1536w\" sizes=\"(max-width: 2000px) 100vw, 2000px\" \/>\t\t\t\t\t\t\t\t\t\t\t\t\t\t\t<\/div>\n\t\t\t\t<\/div>\n\t\t\t\t\t<\/div>\n\t\t<\/div>\n\t\t\t\t\t<\/div>\n\t\t<\/section>\n\t\t\t\t<section class=\"elementor-section elementor-top-section elementor-element elementor-element-8c8568b elementor-section-full_width elementor-section-height-default elementor-section-height-default\" data-id=\"8c8568b\" data-element_type=\"section\" data-e-type=\"section\">\n\t\t\t\t\t\t<div class=\"elementor-container elementor-column-gap-default\">\n\t\t\t\t\t<div class=\"elementor-column elementor-col-100 elementor-top-column elementor-element elementor-element-0f9adff\" data-id=\"0f9adff\" data-element_type=\"column\" data-e-type=\"column\">\n\t\t\t<div class=\"elementor-widget-wrap elementor-element-populated\">\n\t\t\t\t\t\t<div class=\"elementor-element elementor-element-6f5d802 elementor-widget elementor-widget-text-editor\" data-id=\"6f5d802\" data-element_type=\"widget\" data-e-type=\"widget\" data-widget_type=\"text-editor.default\">\n\t\t\t\t<div class=\"elementor-widget-container\">\n\t\t\t\t\t\t\t\t\t<h5><span style=\"color: #b40440;\"><u><b>L&#8217;EXCURSI\u00d3<\/b><\/u><\/span><\/br>\nA la carretera T-322 de Mont-roig del Camp a Colldejou, a l\u2019altura del km 13, abans d\u2019arribar a Colldejou (al barranc de les Estellades), hi ha una pista forestal que va al coll del Guix, just abans d\u2019un pontet. Es pot aparcar el cotxe en un espai a l\u2019entrada mateix de la pista o b\u00e9 una mica m\u00e9s amunt. Per\u00f2 el cam\u00ed comen\u00e7a al PR-C 96, que va de Colldejou a Pratdip, que trobem a la carretera, al costat del pont. Tamb\u00e9 es pot seguir un tros la pista forestal, per\u00f2 es fa m\u00e9s volta.\u2028\u2028<\/br>\n<\/br>\n0:00 Comencem a caminar pel PR-C 96 en sentit ascendent pel barranc de les Estellades fins que canvia de nom i esdev\u00e9 el barranc del Bullidor, degut a la font del mateix nom.<\/br>\n<\/br>\n\u2028\u20280:20 En arribar a la font del Bullidor continuem el PR en sentit sud, per una pujada moderada, fins al coll de la Terra Blanca, atape\u00eft de vegetaci\u00f3, on trobem una fita a m\u00e0 dreta que ens indica el canvi de direcci\u00f3 cap a la roca dels Esperits.<\/br>\n<\/br>\n\u2028\u20280:35 Girem, per tant, a la dreta i continuem pujant per un cam\u00ed en fort pendent, passant alguns trams tarterosos (on \u00e9s possible trobar f\u00f2ssils bivalves). Som enmig d\u2019un bosc espl\u00e8ndid, on veiem algun teix de grans dimensions. Arribem a la roca dels Esperits, la primera talaia de la serra.<\/br>\n<\/br>\n\u2028\u20281:05 Continuem el cam\u00ed en la mateixa direcci\u00f3 i voregem la base del Cavall Bernat per la cara nord per anar fins al portell de la Roca Mitjanera, on hi ha una cru\u00eflla de camins. Un pal indicador ens assenyala els camins del Cavall Bernat i l\u2019enlla\u00e7 amb el cam\u00ed ral de Pratdip a Colldejou, a l\u2019esquerra pel vessant sud, i el cam\u00ed de la Creu de Llaberia i la Miranda, a la dreta. Anem cap a l\u2019esquerra, i, tot seguit, apareix de sobte i imponent el Cavall Bernat.<\/br>\n<\/br>\n\u2028\u20281:20 Baixem per una tartera fins a trobar una canal a l\u2019esquerra del Cavall, on hi entrem. La canal t\u00e9 un pendent pronunciat, per\u00f2 una corda fixa ens pot fer servei. La remuntem fins que trobem fi tes i una cadena fi xa a m\u00e0 dreta, que ens indica el lloc de la grimpada. Es tracta de dos trams aeris que podem considerar de primer grau, per la qual cosa no cal dur material d\u2019escalada.\u2028\u2028<\/br>\n<\/br>\n1:25 Arribem al primer repl\u00e0, on un petit mur ens separa del cim, que veiem coronat per una creu de ferro. La pujada \u00e9s vertical, per\u00f2 les preses son bones i grans. Superem un pas del mateix nivell que l\u2019anterior i tot seguit fem cim.<\/br>\n<\/br>\n\u2028\u20281:30 Des del cim es domina una espl\u00e8ndida vista cap a la Miranda i la mola de Colldejou, al nord; el Mont-redon, el puig de la Cabrafiga i el mar de la costa de Cambrils, al sud. Al nord-est, s\u2019albiren les serres de Pradell l\u2019Argentera, i, al lluny, sorgeix la roca Corbatera del Montsant. <\/h5>\t\t\t\t\t\t\t\t<\/div>\n\t\t\t\t<\/div>\n\t\t\t\t\t<\/div>\n\t\t<\/div>\n\t\t\t\t\t<\/div>\n\t\t<\/section>\n\t\t\t\t<section class=\"elementor-section elementor-top-section elementor-element elementor-element-3c06572 elementor-section-full_width elementor-section-height-default elementor-section-height-default\" data-id=\"3c06572\" data-element_type=\"section\" data-e-type=\"section\">\n\t\t\t\t\t\t<div class=\"elementor-container elementor-column-gap-default\">\n\t\t\t\t\t<div class=\"elementor-column elementor-col-100 elementor-top-column elementor-element elementor-element-11e2299\" data-id=\"11e2299\" data-element_type=\"column\" data-e-type=\"column\">\n\t\t\t<div class=\"elementor-widget-wrap elementor-element-populated\">\n\t\t\t\t\t\t<div class=\"elementor-element elementor-element-2d4d38c elementor-widget elementor-widget-image\" data-id=\"2d4d38c\" data-element_type=\"widget\" data-e-type=\"widget\" data-widget_type=\"image.default\">\n\t\t\t\t<div class=\"elementor-widget-container\">\n\t\t\t\t\t\t\t\t\t\t\t\t<figure class=\"wp-caption\">\n\t\t\t\t\t\t\t\t\t\t<img decoding=\"async\" width=\"2000\" height=\"975\" src=\"https:\/\/rutesentrerefugis.com\/wp-content\/uploads\/2023\/02\/Serra-de-Llaberia-02-G.jpg\" class=\"attachment-full size-full wp-image-7352\" alt=\"\" srcset=\"https:\/\/rutesentrerefugis.com\/wp-content\/uploads\/2023\/02\/Serra-de-Llaberia-02-G.jpg 2000w, https:\/\/rutesentrerefugis.com\/wp-content\/uploads\/2023\/02\/Serra-de-Llaberia-02-G-300x146.jpg 300w, https:\/\/rutesentrerefugis.com\/wp-content\/uploads\/2023\/02\/Serra-de-Llaberia-02-G-1024x499.jpg 1024w, https:\/\/rutesentrerefugis.com\/wp-content\/uploads\/2023\/02\/Serra-de-Llaberia-02-G-768x374.jpg 768w, https:\/\/rutesentrerefugis.com\/wp-content\/uploads\/2023\/02\/Serra-de-Llaberia-02-G-1536x749.jpg 1536w\" sizes=\"(max-width: 2000px) 100vw, 2000px\" \/>\t\t\t\t\t\t\t\t\t\t\t<figcaption class=\"widget-image-caption wp-caption-text\"><\/figcaption>\n\t\t\t\t\t\t\t\t\t\t<\/figure>\n\t\t\t\t\t\t\t\t\t<\/div>\n\t\t\t\t<\/div>\n\t\t\t\t\t<\/div>\n\t\t<\/div>\n\t\t\t\t\t<\/div>\n\t\t<\/section>\n\t\t\t\t<section class=\"elementor-section elementor-top-section elementor-element elementor-element-c8f7892 elementor-section-full_width elementor-section-height-default elementor-section-height-default\" data-id=\"c8f7892\" data-element_type=\"section\" data-e-type=\"section\">\n\t\t\t\t\t\t<div class=\"elementor-container elementor-column-gap-default\">\n\t\t\t\t\t<div class=\"elementor-column elementor-col-100 elementor-top-column elementor-element elementor-element-121a480\" data-id=\"121a480\" data-element_type=\"column\" data-e-type=\"column\">\n\t\t\t<div class=\"elementor-widget-wrap elementor-element-populated\">\n\t\t\t\t\t\t<div class=\"elementor-element elementor-element-20ef52c elementor-widget elementor-widget-text-editor\" data-id=\"20ef52c\" data-element_type=\"widget\" data-e-type=\"widget\" data-widget_type=\"text-editor.default\">\n\t\t\t\t<div class=\"elementor-widget-container\">\n\t\t\t\t\t\t\t\t\t<h5>2:00 Baixem el Cavall Bernat pel mateix cam\u00ed i tornem fins al portell de la Roca Mitjanera. A continuaci\u00f3 seguirem el cam\u00ed marcat fins a la Creu de Llaberia i la Miranda, passant per la punta de Fornells. Fem cim de la Creu (908 m).<\/br>\n<\/br>\n\u2028\u20282:20 Continuem, ara pel cam\u00ed de Recingle, en direcci\u00f3 a la Miranda, on hi ha el radar meteorol\u00f2gic de Tivissa Llaberia, que destaca per l\u2019enorme esfera blanca. \u00c9s un cam\u00ed que passa una mica per sota de la carena principal de la serra de Llaberia, on trobem algun boix gr\u00e8vol gegant. Un cop passada la canal del Roc i el rac\u00f3 dels Frares, tornem a la carena de la serra i assolim, una mica m\u00e9s endavant, el cim de la Miranda (918 m), el punt m\u00e9s alt de la serra de Llaberia.\u2028\u2028<\/br>\n<\/br>\n3:10 Passat el cim i el v\u00e8rtex geod\u00e8sic (situat al terra), trobem fi tes i senyals que ens indiquen el cam\u00ed de descens per la drecera d\u2019en Ramon, que passa pel pla de Moll\u00f3, i que duu per un cam\u00ed de baixada molt dret fins al coll del Guix (629 m) en una r\u00e0pida davallada.\u2028\u2028<\/br>\n<\/br>\n3:40 Al coll del Guix (anomenat aix\u00ed perqu\u00e8 hi aflora aquest mineral) agafem la pista senyalitzada que duu fins a Colldejou (GR 7).<\/br>\n<\/br>\n\u2028\u20284:00 Un cop entrem a Colldejou ens hem de dirigir a l\u2019entrada del poble per trobar novament la carretera T-322, que seguirem una mica menys d\u2019un quil\u00f2metre fi ns a arribar al km. 13, on hav\u00edem deixat el vehicle. <\/h5>\t\t\t\t\t\t\t\t<\/div>\n\t\t\t\t<\/div>\n\t\t\t\t\t<\/div>\n\t\t<\/div>\n\t\t\t\t\t<\/div>\n\t\t<\/section>\n\t\t\t\t<section class=\"elementor-section elementor-top-section elementor-element elementor-element-0a09998 elementor-section-full_width elementor-section-height-default elementor-section-height-default\" data-id=\"0a09998\" data-element_type=\"section\" data-e-type=\"section\" data-settings=\"{&quot;background_background&quot;:&quot;classic&quot;}\">\n\t\t\t\t\t\t<div class=\"elementor-container elementor-column-gap-default\">\n\t\t\t\t\t<div class=\"elementor-column elementor-col-100 elementor-top-column elementor-element elementor-element-4cd02c7\" data-id=\"4cd02c7\" data-element_type=\"column\" data-e-type=\"column\">\n\t\t\t<div class=\"elementor-widget-wrap elementor-element-populated\">\n\t\t\t\t\t\t<div class=\"elementor-element elementor-element-8e15b5b elementor-widget elementor-widget-text-editor\" data-id=\"8e15b5b\" data-element_type=\"widget\" data-e-type=\"widget\" data-widget_type=\"text-editor.default\">\n\t\t\t\t<div class=\"elementor-widget-container\">\n\t\t\t\t\t\t\t\t\t<h5><font color=\"#B40404\"><b><u>FITXA T\u00c8CNICA<\/u><\/b><\/font><\/br>\n<font color=\"#000000\"><b>\u2028Lloc:<\/b><\/font> Espai Natural Protegit de la Serra de Llaberia. Incl\u00f2s en l\u2019inventari d\u2019espais d\u2019inter\u00e8s geol\u00f2gic de Catalunya.<\/br>\u2028<font color=\"#000000\"><b>\u2028Dist\u00e0ncia:<\/b><\/font> 10 km.<\/br>\n<font color=\"#000000\"><b>\u2028\u2028Desnivell:<\/b><\/font> + 750 m.<\/br>\n<font color=\"#000000\"><b>\u2028\u2028Durada:<\/b><\/font> 4 h.<\/br>\n<font color=\"#000000\"><b>\u2028\u2028Di\ufb01cultat:<\/b><\/font> mitjana.<\/br>\n<font color=\"#000000\"><b>\u2028\u2028Itinerari:<\/b><\/font> km 13 (ctra. T-322), barranc de les Estellades, barranc del Bullidor, font del Bullidor, collet de la Terra Blanca, roca dels Esperits, portell de la Roca Mitjanera, Cavall Bernat de Llaberia (840 m), la Creu de Llaberia (908 m), cam\u00ed del Recingle, la Miranda (918 m), drecera d\u2019en Ramon, coll del Guix, Colldejou, km 13 (ctra. T-322).<\/br>\n<font color=\"#000000\"><b>\u2028\u00c8poca recomanable:<\/b><\/font> de la tardor fins a l\u2019inici de la primavera, quan bufa el mestral, que escombra els n\u00favols i fa que la boira no hi penetri.<\/br>\n<font color=\"#000000\"><b>\u2028\u2028Cartogra\ufb01a:<\/b><\/font> Serra de Llaberia (Ed. Piolet, Escala: 1:20.000)<\/h5>\t\t\t\t\t\t\t\t<\/div>\n\t\t\t\t<\/div>\n\t\t\t\t\t<\/div>\n\t\t<\/div>\n\t\t\t\t\t<\/div>\n\t\t<\/section>\n\t\t\t\t<section class=\"elementor-section elementor-top-section elementor-element elementor-element-4922e55 elementor-section-full_width elementor-section-height-default elementor-section-height-default\" data-id=\"4922e55\" data-element_type=\"section\" data-e-type=\"section\">\n\t\t\t\t\t\t<div class=\"elementor-container elementor-column-gap-default\">\n\t\t\t\t\t<div class=\"elementor-column elementor-col-100 elementor-top-column elementor-element elementor-element-09c2463\" data-id=\"09c2463\" data-element_type=\"column\" data-e-type=\"column\">\n\t\t\t<div class=\"elementor-widget-wrap elementor-element-populated\">\n\t\t\t\t\t\t<div class=\"elementor-element elementor-element-63f9ef1 elementor-widget elementor-widget-spacer\" data-id=\"63f9ef1\" data-element_type=\"widget\" data-e-type=\"widget\" data-widget_type=\"spacer.default\">\n\t\t\t\t<div class=\"elementor-widget-container\">\n\t\t\t\t\t\t\t<div class=\"elementor-spacer\">\n\t\t\t<div class=\"elementor-spacer-inner\"><\/div>\n\t\t<\/div>\n\t\t\t\t\t\t<\/div>\n\t\t\t\t<\/div>\n\t\t\t\t\t<\/div>\n\t\t<\/div>\n\t\t\t\t\t<\/div>\n\t\t<\/section>\n\t\t\t\t<section class=\"elementor-section elementor-top-section elementor-element elementor-element-f1bcb91 elementor-section-full_width elementor-section-height-default elementor-section-height-default\" data-id=\"f1bcb91\" data-element_type=\"section\" data-e-type=\"section\" data-settings=\"{&quot;background_background&quot;:&quot;classic&quot;}\">\n\t\t\t\t\t\t<div class=\"elementor-container elementor-column-gap-default\">\n\t\t\t\t\t<div class=\"elementor-column elementor-col-100 elementor-top-column elementor-element elementor-element-25d7747\" data-id=\"25d7747\" data-element_type=\"column\" data-e-type=\"column\">\n\t\t\t<div class=\"elementor-widget-wrap elementor-element-populated\">\n\t\t\t\t\t\t<div class=\"elementor-element elementor-element-f50e81e elementor-widget elementor-widget-image\" data-id=\"f50e81e\" data-element_type=\"widget\" data-e-type=\"widget\" data-widget_type=\"image.default\">\n\t\t\t\t<div class=\"elementor-widget-container\">\n\t\t\t\t\t\t\t\t\t\t\t\t\t\t\t<img loading=\"lazy\" decoding=\"async\" width=\"100\" height=\"100\" src=\"https:\/\/rutesentrerefugis.com\/wp-content\/uploads\/2023\/02\/Ferran-Alexandri-Cartell-NW.jpg\" class=\"attachment-full size-full wp-image-7321\" alt=\"\" \/>\t\t\t\t\t\t\t\t\t\t\t\t\t\t\t<\/div>\n\t\t\t\t<\/div>\n\t\t\t\t<div class=\"elementor-element elementor-element-45f7817 elementor-widget elementor-widget-text-editor\" data-id=\"45f7817\" data-element_type=\"widget\" data-e-type=\"widget\" data-widget_type=\"text-editor.default\">\n\t\t\t\t<div class=\"elementor-widget-container\">\n\t\t\t\t\t\t\t\t\t<h4>FERRAN ALEXANDRI<\/h4>\n<h5>Professor i editor, llicenciat en filologia catalana per la Universitat de Barcelona (1990). Excursionista, espele\u00f2leg i viatger. Ha publicat TURISME TRANQUIL 1 i TURISME TRANQUIL 2 (2006), dos volums amb 90 itineraris de muntanya i 90 establiments (refugis, monestirs i cases rurals) de Catalunya. En el terreny de l\u2019espeleologia ha publicat EXCURSIONS A L&#8217;INTERIOR DE LA TERRA (2011), una guia per con\u00e8ixer diferents coves i avencs del nostre pa\u00eds. Sobre comarques i paratges de Catalunya, \u00e9s autor de dues obres: 1001 CURIOSITATS DELS PIRINEUS CATALANS (2016) i 1001 CURIOSITATS DEL ROM\u00c0NIC CATAL\u00c0 (2018), una col\u00b7lecci\u00f3 dins la qual actualment est\u00e0 redactant les 1001 CURIOSITATS DELS PARCS NATURALS CATALANS. Des del 2004, \u00e9s el director i editor de la revista MUNTANYA del Centre Excursionista de Catalunya, on ha publicat diverses entrevistes a muntanyencs i alpinistes, i tamb\u00e9 nombrosos articles i reportatges, tant d\u2019indrets de la Pen\u00ednsula com de muntanyes llunyanes dels pa\u00efsos on ha viatjat.<\/h5>\t\t\t\t\t\t\t\t<\/div>\n\t\t\t\t<\/div>\n\t\t\t\t\t<\/div>\n\t\t<\/div>\n\t\t\t\t\t<\/div>\n\t\t<\/section>\n\t\t\t\t<section class=\"elementor-section elementor-top-section elementor-element elementor-element-aec3cc3 elementor-section-full_width elementor-section-height-default elementor-section-height-default\" data-id=\"aec3cc3\" data-element_type=\"section\" data-e-type=\"section\">\n\t\t\t\t\t\t<div class=\"elementor-container elementor-column-gap-default\">\n\t\t\t\t\t<div class=\"elementor-column elementor-col-100 elementor-top-column elementor-element elementor-element-8b917ef\" data-id=\"8b917ef\" data-element_type=\"column\" data-e-type=\"column\">\n\t\t\t<div class=\"elementor-widget-wrap elementor-element-populated\">\n\t\t\t\t\t\t<div class=\"elementor-element elementor-element-55e1d57 elementor-widget elementor-widget-spacer\" data-id=\"55e1d57\" data-element_type=\"widget\" data-e-type=\"widget\" data-widget_type=\"spacer.default\">\n\t\t\t\t<div class=\"elementor-widget-container\">\n\t\t\t\t\t\t\t<div class=\"elementor-spacer\">\n\t\t\t<div class=\"elementor-spacer-inner\"><\/div>\n\t\t<\/div>\n\t\t\t\t\t\t<\/div>\n\t\t\t\t<\/div>\n\t\t\t\t\t<\/div>\n\t\t<\/div>\n\t\t\t\t\t<\/div>\n\t\t<\/section>\n\t\t\t\t<section class=\"elementor-section elementor-top-section elementor-element elementor-element-ba5a911 elementor-section-full_width elementor-section-height-default elementor-section-height-default\" data-id=\"ba5a911\" data-element_type=\"section\" data-e-type=\"section\">\n\t\t\t\t\t\t<div class=\"elementor-container elementor-column-gap-default\">\n\t\t\t\t\t<div class=\"elementor-column elementor-col-100 elementor-top-column elementor-element elementor-element-6599b13\" data-id=\"6599b13\" data-element_type=\"column\" data-e-type=\"column\">\n\t\t\t<div class=\"elementor-widget-wrap elementor-element-populated\">\n\t\t\t\t\t\t<div class=\"elementor-element elementor-element-2f736f8 elementor-widget elementor-widget-heading\" data-id=\"2f736f8\" data-element_type=\"widget\" data-e-type=\"widget\" data-widget_type=\"heading.default\">\n\t\t\t\t<div class=\"elementor-widget-container\">\n\t\t\t\t\t<h5 class=\"elementor-heading-title elementor-size-default\"><font color=\"#999999\"><u>Per si vols compartir aquesta columna<\/u><\/font><\/h5>\t\t\t\t<\/div>\n\t\t\t\t<\/div>\n\t\t\t\t\t<\/div>\n\t\t<\/div>\n\t\t\t\t\t<\/div>\n\t\t<\/section>\n\t\t\t\t<section class=\"elementor-section elementor-top-section elementor-element elementor-element-bd545f9 elementor-section-full_width elementor-section-height-default elementor-section-height-default\" data-id=\"bd545f9\" data-element_type=\"section\" data-e-type=\"section\">\n\t\t\t\t\t\t<div class=\"elementor-container elementor-column-gap-default\">\n\t\t\t\t\t<div class=\"elementor-column elementor-col-100 elementor-top-column elementor-element elementor-element-9db2400\" data-id=\"9db2400\" data-element_type=\"column\" data-e-type=\"column\">\n\t\t\t<div class=\"elementor-widget-wrap elementor-element-populated\">\n\t\t\t\t\t\t<div class=\"elementor-element elementor-element-20b91ca elementor-share-buttons--view-icon elementor-share-buttons--skin-framed elementor-share-buttons--shape-circle elementor-share-buttons--color-custom elementor-grid-0 elementor-widget elementor-widget-share-buttons\" data-id=\"20b91ca\" data-element_type=\"widget\" data-e-type=\"widget\" data-widget_type=\"share-buttons.default\">\n\t\t\t\t<div class=\"elementor-widget-container\">\n\t\t\t\t\t\t\t<div class=\"elementor-grid\" role=\"list\">\n\t\t\t\t\t\t\t\t<div class=\"elementor-grid-item\" role=\"listitem\">\n\t\t\t\t\t\t<div class=\"elementor-share-btn elementor-share-btn_facebook\" role=\"button\" tabindex=\"0\" aria-label=\"Compartici\u00f3 en facebook\">\n\t\t\t\t\t\t\t\t\t\t\t\t\t\t\t<span class=\"elementor-share-btn__icon\">\n\t\t\t\t\t\t\t\t<i class=\"fab fa-facebook\" aria-hidden=\"true\"><\/i>\t\t\t\t\t\t\t<\/span>\n\t\t\t\t\t\t\t\t\t\t\t\t\t\t\t\t\t\t\t\t<\/div>\n\t\t\t\t\t<\/div>\n\t\t\t\t\t\t\t\t\t<div class=\"elementor-grid-item\" role=\"listitem\">\n\t\t\t\t\t\t<div class=\"elementor-share-btn elementor-share-btn_twitter\" role=\"button\" tabindex=\"0\" aria-label=\"Compartici\u00f3 en twitter\">\n\t\t\t\t\t\t\t\t\t\t\t\t\t\t\t<span class=\"elementor-share-btn__icon\">\n\t\t\t\t\t\t\t\t<i class=\"fab fa-twitter\" aria-hidden=\"true\"><\/i>\t\t\t\t\t\t\t<\/span>\n\t\t\t\t\t\t\t\t\t\t\t\t\t\t\t\t\t\t\t\t<\/div>\n\t\t\t\t\t<\/div>\n\t\t\t\t\t\t\t\t\t<div class=\"elementor-grid-item\" role=\"listitem\">\n\t\t\t\t\t\t<div class=\"elementor-share-btn elementor-share-btn_telegram\" role=\"button\" tabindex=\"0\" aria-label=\"Compartici\u00f3 en telegram\">\n\t\t\t\t\t\t\t\t\t\t\t\t\t\t\t<span class=\"elementor-share-btn__icon\">\n\t\t\t\t\t\t\t\t<i class=\"fab fa-telegram\" aria-hidden=\"true\"><\/i>\t\t\t\t\t\t\t<\/span>\n\t\t\t\t\t\t\t\t\t\t\t\t\t\t\t\t\t\t\t\t<\/div>\n\t\t\t\t\t<\/div>\n\t\t\t\t\t\t\t\t\t<div class=\"elementor-grid-item\" role=\"listitem\">\n\t\t\t\t\t\t<div class=\"elementor-share-btn elementor-share-btn_pinterest\" role=\"button\" tabindex=\"0\" aria-label=\"Compartici\u00f3 en pinterest\">\n\t\t\t\t\t\t\t\t\t\t\t\t\t\t\t<span class=\"elementor-share-btn__icon\">\n\t\t\t\t\t\t\t\t<i class=\"fab fa-pinterest\" aria-hidden=\"true\"><\/i>\t\t\t\t\t\t\t<\/span>\n\t\t\t\t\t\t\t\t\t\t\t\t\t\t\t\t\t\t\t\t<\/div>\n\t\t\t\t\t<\/div>\n\t\t\t\t\t\t\t\t\t<div class=\"elementor-grid-item\" role=\"listitem\">\n\t\t\t\t\t\t<div class=\"elementor-share-btn elementor-share-btn_whatsapp\" role=\"button\" tabindex=\"0\" aria-label=\"Compartici\u00f3 en whatsapp\">\n\t\t\t\t\t\t\t\t\t\t\t\t\t\t\t<span class=\"elementor-share-btn__icon\">\n\t\t\t\t\t\t\t\t<i class=\"fab fa-whatsapp\" aria-hidden=\"true\"><\/i>\t\t\t\t\t\t\t<\/span>\n\t\t\t\t\t\t\t\t\t\t\t\t\t\t\t\t\t\t\t\t<\/div>\n\t\t\t\t\t<\/div>\n\t\t\t\t\t\t\t\t\t<div class=\"elementor-grid-item\" role=\"listitem\">\n\t\t\t\t\t\t<div class=\"elementor-share-btn elementor-share-btn_email\" role=\"button\" tabindex=\"0\" aria-label=\"Compartici\u00f3 en email\">\n\t\t\t\t\t\t\t\t\t\t\t\t\t\t\t<span class=\"elementor-share-btn__icon\">\n\t\t\t\t\t\t\t\t<i class=\"fas fa-envelope\" aria-hidden=\"true\"><\/i>\t\t\t\t\t\t\t<\/span>\n\t\t\t\t\t\t\t\t\t\t\t\t\t\t\t\t\t\t\t\t<\/div>\n\t\t\t\t\t<\/div>\n\t\t\t\t\t\t\t\t\t<div class=\"elementor-grid-item\" role=\"listitem\">\n\t\t\t\t\t\t<div class=\"elementor-share-btn elementor-share-btn_print\" role=\"button\" tabindex=\"0\" aria-label=\"Compartici\u00f3 en print\">\n\t\t\t\t\t\t\t\t\t\t\t\t\t\t\t<span class=\"elementor-share-btn__icon\">\n\t\t\t\t\t\t\t\t<i class=\"fas fa-print\" aria-hidden=\"true\"><\/i>\t\t\t\t\t\t\t<\/span>\n\t\t\t\t\t\t\t\t\t\t\t\t\t\t\t\t\t\t\t\t<\/div>\n\t\t\t\t\t<\/div>\n\t\t\t\t\t\t<\/div>\n\t\t\t\t\t\t<\/div>\n\t\t\t\t<\/div>\n\t\t\t\t\t<\/div>\n\t\t<\/div>\n\t\t\t\t\t<\/div>\n\t\t<\/section>\n\t\t\t\t<section class=\"elementor-section elementor-top-section elementor-element elementor-element-2686f08 elementor-section-full_width elementor-section-height-default elementor-section-height-default\" data-id=\"2686f08\" data-element_type=\"section\" data-e-type=\"section\">\n\t\t\t\t\t\t<div class=\"elementor-container elementor-column-gap-default\">\n\t\t\t\t\t<div class=\"elementor-column elementor-col-100 elementor-top-column elementor-element elementor-element-1a0fabf\" data-id=\"1a0fabf\" data-element_type=\"column\" data-e-type=\"column\">\n\t\t\t<div class=\"elementor-widget-wrap elementor-element-populated\">\n\t\t\t\t\t\t<div class=\"elementor-element elementor-element-d1a5ea4 elementor-widget elementor-widget-spacer\" data-id=\"d1a5ea4\" data-element_type=\"widget\" data-e-type=\"widget\" data-widget_type=\"spacer.default\">\n\t\t\t\t<div class=\"elementor-widget-container\">\n\t\t\t\t\t\t\t<div class=\"elementor-spacer\">\n\t\t\t<div class=\"elementor-spacer-inner\"><\/div>\n\t\t<\/div>\n\t\t\t\t\t\t<\/div>\n\t\t\t\t<\/div>\n\t\t\t\t\t<\/div>\n\t\t<\/div>\n\t\t\t\t\t<\/div>\n\t\t<\/section>\n\t\t\t\t<section class=\"elementor-section elementor-top-section elementor-element elementor-element-0132f83 elementor-section-full_width elementor-section-height-default elementor-section-height-default\" data-id=\"0132f83\" data-element_type=\"section\" data-e-type=\"section\">\n\t\t\t\t\t\t<div class=\"elementor-container elementor-column-gap-default\">\n\t\t\t\t\t<div class=\"elementor-column elementor-col-100 elementor-top-column elementor-element elementor-element-229327d\" data-id=\"229327d\" data-element_type=\"column\" data-e-type=\"column\">\n\t\t\t<div class=\"elementor-widget-wrap elementor-element-populated\">\n\t\t\t\t\t\t<div class=\"elementor-element elementor-element-b62ed63 elementor-widget-divider--view-line elementor-widget elementor-widget-divider\" data-id=\"b62ed63\" data-element_type=\"widget\" data-e-type=\"widget\" data-widget_type=\"divider.default\">\n\t\t\t\t<div class=\"elementor-widget-container\">\n\t\t\t\t\t\t\t<div class=\"elementor-divider\">\n\t\t\t<span class=\"elementor-divider-separator\">\n\t\t\t\t\t\t<\/span>\n\t\t<\/div>\n\t\t\t\t\t\t<\/div>\n\t\t\t\t<\/div>\n\t\t\t\t\t<\/div>\n\t\t<\/div>\n\t\t\t\t\t<\/div>\n\t\t<\/section>\n\t\t\t\t<section class=\"elementor-section elementor-top-section elementor-element elementor-element-c39983e elementor-section-full_width elementor-section-height-default elementor-section-height-default\" data-id=\"c39983e\" data-element_type=\"section\" data-e-type=\"section\">\n\t\t\t\t\t\t<div class=\"elementor-container elementor-column-gap-default\">\n\t\t\t\t\t<div class=\"elementor-column elementor-col-100 elementor-top-column elementor-element elementor-element-fa8f63a\" data-id=\"fa8f63a\" data-element_type=\"column\" data-e-type=\"column\">\n\t\t\t<div class=\"elementor-widget-wrap elementor-element-populated\">\n\t\t\t\t\t\t<div class=\"elementor-element elementor-element-6eafcef elementor-widget elementor-widget-heading\" data-id=\"6eafcef\" data-element_type=\"widget\" data-e-type=\"widget\" data-widget_type=\"heading.default\">\n\t\t\t\t<div class=\"elementor-widget-container\">\n\t\t\t\t\t<h2 class=\"elementor-heading-title elementor-size-default\"><u>ARTICLES PUBLICATS PER L'AUTOR<\/u><\/h2>\t\t\t\t<\/div>\n\t\t\t\t<\/div>\n\t\t\t\t\t<\/div>\n\t\t<\/div>\n\t\t\t\t\t<\/div>\n\t\t<\/section>\n\t\t\t\t<section class=\"elementor-section elementor-top-section elementor-element elementor-element-2dd77e8 elementor-section-full_width elementor-section-height-default elementor-section-height-default\" data-id=\"2dd77e8\" data-element_type=\"section\" data-e-type=\"section\">\n\t\t\t\t\t\t<div class=\"elementor-container elementor-column-gap-default\">\n\t\t\t\t\t<div class=\"elementor-column elementor-col-100 elementor-top-column elementor-element elementor-element-fd3f2e4\" data-id=\"fd3f2e4\" data-element_type=\"column\" data-e-type=\"column\">\n\t\t\t<div class=\"elementor-widget-wrap elementor-element-populated\">\n\t\t\t\t\t\t<div class=\"elementor-element elementor-element-dcc124d elementor-widget elementor-widget-spacer\" data-id=\"dcc124d\" data-element_type=\"widget\" data-e-type=\"widget\" data-widget_type=\"spacer.default\">\n\t\t\t\t<div class=\"elementor-widget-container\">\n\t\t\t\t\t\t\t<div class=\"elementor-spacer\">\n\t\t\t<div class=\"elementor-spacer-inner\"><\/div>\n\t\t<\/div>\n\t\t\t\t\t\t<\/div>\n\t\t\t\t<\/div>\n\t\t\t\t\t<\/div>\n\t\t<\/div>\n\t\t\t\t\t<\/div>\n\t\t<\/section>\n\t\t\t\t<section class=\"elementor-section elementor-top-section elementor-element elementor-element-739b617 elementor-section-full_width elementor-section-height-default elementor-section-height-default\" data-id=\"739b617\" data-element_type=\"section\" data-e-type=\"section\">\n\t\t\t\t\t\t<div class=\"elementor-container elementor-column-gap-default\">\n\t\t\t\t\t<div class=\"elementor-column elementor-col-100 elementor-top-column elementor-element elementor-element-ea32f56\" data-id=\"ea32f56\" data-element_type=\"column\" data-e-type=\"column\">\n\t\t\t<div class=\"elementor-widget-wrap elementor-element-populated\">\n\t\t\t\t\t\t<div class=\"elementor-element elementor-element-60c689f elementor-grid-5 elementor-grid-tablet-2 elementor-grid-mobile-1 elementor-posts--thumbnail-top elementor-widget elementor-widget-posts\" data-id=\"60c689f\" data-element_type=\"widget\" data-e-type=\"widget\" data-settings=\"{&quot;classic_columns&quot;:&quot;5&quot;,&quot;classic_columns_tablet&quot;:&quot;2&quot;,&quot;classic_columns_mobile&quot;:&quot;1&quot;,&quot;classic_row_gap&quot;:{&quot;unit&quot;:&quot;px&quot;,&quot;size&quot;:35,&quot;sizes&quot;:[]},&quot;classic_row_gap_tablet&quot;:{&quot;unit&quot;:&quot;px&quot;,&quot;size&quot;:&quot;&quot;,&quot;sizes&quot;:[]},&quot;classic_row_gap_mobile&quot;:{&quot;unit&quot;:&quot;px&quot;,&quot;size&quot;:&quot;&quot;,&quot;sizes&quot;:[]}}\" data-widget_type=\"posts.classic\">\n\t\t\t\t<div class=\"elementor-widget-container\">\n\t\t\t\t\t\t\t<div class=\"elementor-posts-container elementor-posts elementor-posts--skin-classic elementor-grid\" role=\"list\">\n\t\t\t\t<article class=\"elementor-post elementor-grid-item post-7306 post type-post status-publish format-standard has-post-thumbnail hentry category-blog category-ferran-alexandri-ca tag-cavall-bernat-ca tag-columnas-ca tag-columnes-ca tag-els-cavalls-bernats-dels-paisos-catalans-ca tag-ferran-alexandri-ca tag-la-joventut-de-bacus-ca tag-les-tebaides-ca tag-montserrat-es-ca tag-parc-natural-de-montserrat-ca tag-sant-llorenc-del-munt-i-serra-de-lobac-ca tag-serra-de-llaberia-ca tag-william-adolphe-bouguereau-ca\" role=\"listitem\">\n\t\t\t\t<a class=\"elementor-post__thumbnail__link\" href=\"https:\/\/rutesentrerefugis.com\/index.php\/2021\/05\/13\/els-cavalls-bernats-dels-paisos-catalans\/\" tabindex=\"-1\" >\n\t\t\t<div class=\"elementor-post__thumbnail\"><img loading=\"lazy\" decoding=\"async\" width=\"1212\" height=\"800\" src=\"https:\/\/rutesentrerefugis.com\/wp-content\/uploads\/2023\/02\/Cavalls-Bernats-Paisos-Catalans-Inici-NW.jpg\" class=\"attachment-full size-full wp-image-7307\" alt=\"\" srcset=\"https:\/\/rutesentrerefugis.com\/wp-content\/uploads\/2023\/02\/Cavalls-Bernats-Paisos-Catalans-Inici-NW.jpg 1212w, https:\/\/rutesentrerefugis.com\/wp-content\/uploads\/2023\/02\/Cavalls-Bernats-Paisos-Catalans-Inici-NW-300x198.jpg 300w, https:\/\/rutesentrerefugis.com\/wp-content\/uploads\/2023\/02\/Cavalls-Bernats-Paisos-Catalans-Inici-NW-1024x676.jpg 1024w, https:\/\/rutesentrerefugis.com\/wp-content\/uploads\/2023\/02\/Cavalls-Bernats-Paisos-Catalans-Inici-NW-768x507.jpg 768w\" sizes=\"(max-width: 1212px) 100vw, 1212px\" \/><\/div>\n\t\t<\/a>\n\t\t\t\t<div class=\"elementor-post__text\">\n\t\t\t\t<h3 class=\"elementor-post__title\">\n\t\t\t<a href=\"https:\/\/rutesentrerefugis.com\/index.php\/2021\/05\/13\/els-cavalls-bernats-dels-paisos-catalans\/\" >\n\t\t\t\tELS CAVALLS BERNATS DELS PA\u00cfSOS CATALANS\t\t\t<\/a>\n\t\t<\/h3>\n\t\t\t\t<div class=\"elementor-post__meta-data\">\n\t\t\t\t\t<span class=\"elementor-post-date\">\n\t\t\t13\/05\/2021\t\t<\/span>\n\t\t\t\t<\/div>\n\t\t\t\t<\/div>\n\t\t\t\t<\/article>\n\t\t\t\t<article class=\"elementor-post elementor-grid-item post-11163 post type-post status-publish format-standard has-post-thumbnail hentry category-blog category-ferran-alexandri-ca tag-cronicas-ca tag-cronicas-de-mali-y-burkina-faso-ca tag-croniques-ca tag-croniques-de-mali-i-burkina-faso-ca tag-ferran-alexandri-ca\" role=\"listitem\">\n\t\t\t\t<a class=\"elementor-post__thumbnail__link\" href=\"https:\/\/rutesentrerefugis.com\/index.php\/2021\/02\/09\/croniques-de-mali-i-burkina-faso\/\" tabindex=\"-1\" >\n\t\t\t<div class=\"elementor-post__thumbnail\"><img loading=\"lazy\" decoding=\"async\" width=\"1200\" height=\"800\" src=\"https:\/\/rutesentrerefugis.com\/wp-content\/uploads\/2023\/03\/Croniques-Mali-Burkina-Faso-Inici-NW.jpg\" class=\"attachment-full size-full wp-image-11164\" alt=\"\" srcset=\"https:\/\/rutesentrerefugis.com\/wp-content\/uploads\/2023\/03\/Croniques-Mali-Burkina-Faso-Inici-NW.jpg 1200w, https:\/\/rutesentrerefugis.com\/wp-content\/uploads\/2023\/03\/Croniques-Mali-Burkina-Faso-Inici-NW-300x200.jpg 300w, https:\/\/rutesentrerefugis.com\/wp-content\/uploads\/2023\/03\/Croniques-Mali-Burkina-Faso-Inici-NW-1024x683.jpg 1024w, https:\/\/rutesentrerefugis.com\/wp-content\/uploads\/2023\/03\/Croniques-Mali-Burkina-Faso-Inici-NW-768x512.jpg 768w\" sizes=\"(max-width: 1200px) 100vw, 1200px\" \/><\/div>\n\t\t<\/a>\n\t\t\t\t<div class=\"elementor-post__text\">\n\t\t\t\t<h3 class=\"elementor-post__title\">\n\t\t\t<a href=\"https:\/\/rutesentrerefugis.com\/index.php\/2021\/02\/09\/croniques-de-mali-i-burkina-faso\/\" >\n\t\t\t\tCR\u00d2NIQUES DE MALI I BURKINA FASO\t\t\t<\/a>\n\t\t<\/h3>\n\t\t\t\t<div class=\"elementor-post__meta-data\">\n\t\t\t\t\t<span class=\"elementor-post-date\">\n\t\t\t09\/02\/2021\t\t<\/span>\n\t\t\t\t<\/div>\n\t\t\t\t<\/div>\n\t\t\t\t<\/article>\n\t\t\t\t<article class=\"elementor-post elementor-grid-item post-9169 post type-post status-publish format-standard has-post-thumbnail hentry category-blog category-ferran-alexandri-ca tag-columnas-ca tag-columnes-ca tag-ferran-alexandri-ca tag-revista-muntanya-ca\" role=\"listitem\">\n\t\t\t\t<a class=\"elementor-post__thumbnail__link\" href=\"https:\/\/rutesentrerefugis.com\/index.php\/2020\/10\/13\/50-anys-de-la-revista-muntanya-1970-2020\/\" tabindex=\"-1\" >\n\t\t\t<div class=\"elementor-post__thumbnail\"><img loading=\"lazy\" decoding=\"async\" width=\"1200\" height=\"800\" src=\"https:\/\/rutesentrerefugis.com\/wp-content\/uploads\/2023\/03\/Muntanya-50-Anys-Inici-NW.jpg\" class=\"attachment-full size-full wp-image-9170\" alt=\"\" srcset=\"https:\/\/rutesentrerefugis.com\/wp-content\/uploads\/2023\/03\/Muntanya-50-Anys-Inici-NW.jpg 1200w, https:\/\/rutesentrerefugis.com\/wp-content\/uploads\/2023\/03\/Muntanya-50-Anys-Inici-NW-300x200.jpg 300w, https:\/\/rutesentrerefugis.com\/wp-content\/uploads\/2023\/03\/Muntanya-50-Anys-Inici-NW-1024x683.jpg 1024w, https:\/\/rutesentrerefugis.com\/wp-content\/uploads\/2023\/03\/Muntanya-50-Anys-Inici-NW-768x512.jpg 768w\" sizes=\"(max-width: 1200px) 100vw, 1200px\" \/><\/div>\n\t\t<\/a>\n\t\t\t\t<div class=\"elementor-post__text\">\n\t\t\t\t<h3 class=\"elementor-post__title\">\n\t\t\t<a href=\"https:\/\/rutesentrerefugis.com\/index.php\/2020\/10\/13\/50-anys-de-la-revista-muntanya-1970-2020\/\" >\n\t\t\t\t50 ANYS DE LA REVISTA MUNTANYA (1970-2020)\t\t\t<\/a>\n\t\t<\/h3>\n\t\t\t\t<div class=\"elementor-post__meta-data\">\n\t\t\t\t\t<span class=\"elementor-post-date\">\n\t\t\t13\/10\/2020\t\t<\/span>\n\t\t\t\t<\/div>\n\t\t\t\t<\/div>\n\t\t\t\t<\/article>\n\t\t\t\t<article class=\"elementor-post elementor-grid-item post-9201 post type-post status-publish format-standard has-post-thumbnail hentry category-blog category-ferran-alexandri-ca tag-columnas-ca tag-columnes-ca tag-els-espais-naturals-protegits-de-catalunya-es-ca tag-ferran-alexandri-ca\" role=\"listitem\">\n\t\t\t\t<a class=\"elementor-post__thumbnail__link\" href=\"https:\/\/rutesentrerefugis.com\/index.php\/2020\/05\/15\/els-espais-naturals-protegits-de-catalunya\/\" tabindex=\"-1\" >\n\t\t\t<div class=\"elementor-post__thumbnail\"><img loading=\"lazy\" decoding=\"async\" width=\"1200\" height=\"800\" src=\"https:\/\/rutesentrerefugis.com\/wp-content\/uploads\/2023\/03\/Espais-Naturals-Catalunya-Inici-NW.jpg\" class=\"attachment-full size-full wp-image-9202\" alt=\"\" srcset=\"https:\/\/rutesentrerefugis.com\/wp-content\/uploads\/2023\/03\/Espais-Naturals-Catalunya-Inici-NW.jpg 1200w, https:\/\/rutesentrerefugis.com\/wp-content\/uploads\/2023\/03\/Espais-Naturals-Catalunya-Inici-NW-300x200.jpg 300w, https:\/\/rutesentrerefugis.com\/wp-content\/uploads\/2023\/03\/Espais-Naturals-Catalunya-Inici-NW-1024x683.jpg 1024w, https:\/\/rutesentrerefugis.com\/wp-content\/uploads\/2023\/03\/Espais-Naturals-Catalunya-Inici-NW-768x512.jpg 768w\" sizes=\"(max-width: 1200px) 100vw, 1200px\" \/><\/div>\n\t\t<\/a>\n\t\t\t\t<div class=\"elementor-post__text\">\n\t\t\t\t<h3 class=\"elementor-post__title\">\n\t\t\t<a href=\"https:\/\/rutesentrerefugis.com\/index.php\/2020\/05\/15\/els-espais-naturals-protegits-de-catalunya\/\" >\n\t\t\t\tELS ESPAIS NATURALS PROTEGITS DE CATALUNYA\t\t\t<\/a>\n\t\t<\/h3>\n\t\t\t\t<div class=\"elementor-post__meta-data\">\n\t\t\t\t\t<span class=\"elementor-post-date\">\n\t\t\t15\/05\/2020\t\t<\/span>\n\t\t\t\t<\/div>\n\t\t\t\t<\/div>\n\t\t\t\t<\/article>\n\t\t\t\t<article class=\"elementor-post elementor-grid-item post-7346 post type-post status-publish format-standard has-post-thumbnail hentry category-blog category-ferran-alexandri-ca tag-cavall-bernat-ca tag-cavall-bernat-de-llaberia-ca tag-coll-de-guix-es-ca tag-colldejou-es-ca tag-columnas-ca tag-columnes-ca tag-creu-de-llaberia-es-ca tag-ferran-alexandri-ca tag-la-miranda-es-ca tag-pratdip-es-ca tag-serra-de-llaberia-ca\" role=\"listitem\">\n\t\t\t\t<a class=\"elementor-post__thumbnail__link\" href=\"https:\/\/rutesentrerefugis.com\/index.php\/2020\/02\/29\/cavall-bernat-de-llaberia-840-m\/\" tabindex=\"-1\" >\n\t\t\t<div class=\"elementor-post__thumbnail\"><img loading=\"lazy\" decoding=\"async\" width=\"1200\" height=\"800\" src=\"https:\/\/rutesentrerefugis.com\/wp-content\/uploads\/2023\/02\/Serra-Llaberia-Inici-NW.jpg\" class=\"attachment-full size-full wp-image-7347\" alt=\"\" srcset=\"https:\/\/rutesentrerefugis.com\/wp-content\/uploads\/2023\/02\/Serra-Llaberia-Inici-NW.jpg 1200w, https:\/\/rutesentrerefugis.com\/wp-content\/uploads\/2023\/02\/Serra-Llaberia-Inici-NW-300x200.jpg 300w, https:\/\/rutesentrerefugis.com\/wp-content\/uploads\/2023\/02\/Serra-Llaberia-Inici-NW-1024x683.jpg 1024w, https:\/\/rutesentrerefugis.com\/wp-content\/uploads\/2023\/02\/Serra-Llaberia-Inici-NW-768x512.jpg 768w\" sizes=\"(max-width: 1200px) 100vw, 1200px\" \/><\/div>\n\t\t<\/a>\n\t\t\t\t<div class=\"elementor-post__text\">\n\t\t\t\t<h3 class=\"elementor-post__title\">\n\t\t\t<a href=\"https:\/\/rutesentrerefugis.com\/index.php\/2020\/02\/29\/cavall-bernat-de-llaberia-840-m\/\" >\n\t\t\t\tCAVALL BERNAT DE LLABERIA (840 m)\t\t\t<\/a>\n\t\t<\/h3>\n\t\t\t\t<div class=\"elementor-post__meta-data\">\n\t\t\t\t\t<span class=\"elementor-post-date\">\n\t\t\t29\/02\/2020\t\t<\/span>\n\t\t\t\t<\/div>\n\t\t\t\t<\/div>\n\t\t\t\t<\/article>\n\t\t\t\t<article class=\"elementor-post elementor-grid-item post-11729 post type-post status-publish format-standard has-post-thumbnail hentry category-blog category-ferran-alexandri-ca tag-cronicas-ca tag-croniques-ca tag-els-camins-de-la-palma-ca tag-ferran-alexandri-ca tag-los-caminos-de-la-palma-ca\" role=\"listitem\">\n\t\t\t\t<a class=\"elementor-post__thumbnail__link\" href=\"https:\/\/rutesentrerefugis.com\/index.php\/2019\/06\/21\/els-camins-de-la-palma\/\" tabindex=\"-1\" >\n\t\t\t<div class=\"elementor-post__thumbnail\"><img loading=\"lazy\" decoding=\"async\" width=\"1200\" height=\"800\" src=\"https:\/\/rutesentrerefugis.com\/wp-content\/uploads\/2023\/03\/La-Palma-Inici-NW.jpg\" class=\"attachment-full size-full wp-image-11725\" alt=\"\" srcset=\"https:\/\/rutesentrerefugis.com\/wp-content\/uploads\/2023\/03\/La-Palma-Inici-NW.jpg 1200w, https:\/\/rutesentrerefugis.com\/wp-content\/uploads\/2023\/03\/La-Palma-Inici-NW-300x200.jpg 300w, https:\/\/rutesentrerefugis.com\/wp-content\/uploads\/2023\/03\/La-Palma-Inici-NW-1024x683.jpg 1024w, https:\/\/rutesentrerefugis.com\/wp-content\/uploads\/2023\/03\/La-Palma-Inici-NW-768x512.jpg 768w\" sizes=\"(max-width: 1200px) 100vw, 1200px\" \/><\/div>\n\t\t<\/a>\n\t\t\t\t<div class=\"elementor-post__text\">\n\t\t\t\t<h3 class=\"elementor-post__title\">\n\t\t\t<a href=\"https:\/\/rutesentrerefugis.com\/index.php\/2019\/06\/21\/els-camins-de-la-palma\/\" >\n\t\t\t\tELS CAMINS DE LA PALMA\t\t\t<\/a>\n\t\t<\/h3>\n\t\t\t\t<div class=\"elementor-post__meta-data\">\n\t\t\t\t\t<span class=\"elementor-post-date\">\n\t\t\t21\/06\/2019\t\t<\/span>\n\t\t\t\t<\/div>\n\t\t\t\t<\/div>\n\t\t\t\t<\/article>\n\t\t\t\t<\/div>\n\t\t\n\t\t\t\t\t\t<\/div>\n\t\t\t\t<\/div>\n\t\t\t\t\t<\/div>\n\t\t<\/div>\n\t\t\t\t\t<\/div>\n\t\t<\/section>\n\t\t\t\t<section class=\"elementor-section elementor-top-section elementor-element elementor-element-a021424 elementor-section-full_width elementor-section-height-default elementor-section-height-default\" data-id=\"a021424\" data-element_type=\"section\" data-e-type=\"section\">\n\t\t\t\t\t\t<div class=\"elementor-container elementor-column-gap-default\">\n\t\t\t\t\t<div class=\"elementor-column elementor-col-100 elementor-top-column elementor-element elementor-element-566ecfd\" data-id=\"566ecfd\" data-element_type=\"column\" data-e-type=\"column\">\n\t\t\t<div class=\"elementor-widget-wrap elementor-element-populated\">\n\t\t\t\t\t\t<div class=\"elementor-element elementor-element-985f0fd elementor-widget-divider--view-line elementor-widget elementor-widget-divider\" data-id=\"985f0fd\" data-element_type=\"widget\" data-e-type=\"widget\" data-widget_type=\"divider.default\">\n\t\t\t\t<div class=\"elementor-widget-container\">\n\t\t\t\t\t\t\t<div class=\"elementor-divider\">\n\t\t\t<span class=\"elementor-divider-separator\">\n\t\t\t\t\t\t<\/span>\n\t\t<\/div>\n\t\t\t\t\t\t<\/div>\n\t\t\t\t<\/div>\n\t\t\t\t\t<\/div>\n\t\t<\/div>\n\t\t\t\t\t<\/div>\n\t\t<\/section>\n\t\t\t\t<section class=\"elementor-section elementor-top-section elementor-element elementor-element-3c73041 elementor-section-full_width elementor-section-height-default elementor-section-height-default\" data-id=\"3c73041\" data-element_type=\"section\" data-e-type=\"section\">\n\t\t\t\t\t\t<div class=\"elementor-container elementor-column-gap-default\">\n\t\t\t\t\t<div class=\"elementor-column elementor-col-100 elementor-top-column elementor-element elementor-element-1c10c07\" data-id=\"1c10c07\" data-element_type=\"column\" data-e-type=\"column\">\n\t\t\t<div class=\"elementor-widget-wrap elementor-element-populated\">\n\t\t\t\t\t\t<div class=\"elementor-element elementor-element-d392998 elementor-widget elementor-widget-spacer\" data-id=\"d392998\" data-element_type=\"widget\" data-e-type=\"widget\" data-widget_type=\"spacer.default\">\n\t\t\t\t<div class=\"elementor-widget-container\">\n\t\t\t\t\t\t\t<div class=\"elementor-spacer\">\n\t\t\t<div class=\"elementor-spacer-inner\"><\/div>\n\t\t<\/div>\n\t\t\t\t\t\t<\/div>\n\t\t\t\t<\/div>\n\t\t\t\t\t<\/div>\n\t\t<\/div>\n\t\t\t\t\t<\/div>\n\t\t<\/section>\n\t\t\t\t<\/div>\n\t\t","protected":false},"excerpt":{"rendered":"<p>CAVALL BERNAT DE LLABERIA (840 m) Columna escrita per FERRAN ALEXANDRI Situat entre els municipis de Colldejou i Pratdip, el Cavall Bernat de Llaberia \u00e9s<\/p>\n","protected":false},"author":14,"featured_media":7347,"comment_status":"open","ping_status":"open","sticky":false,"template":"elementor_header_footer","format":"standard","meta":{"_monsterinsights_skip_tracking":false,"_monsterinsights_sitenote_active":false,"_monsterinsights_sitenote_note":"","_monsterinsights_sitenote_category":0,"footnotes":""},"categories":[5124,5556],"tags":[6126,6154,6156,6158,5234,5236,6160,5560,6162,6164,6138],"class_list":["post-7346","post","type-post","status-publish","format-standard","has-post-thumbnail","hentry","category-blog","category-ferran-alexandri-ca","tag-cavall-bernat-ca","tag-cavall-bernat-de-llaberia-ca","tag-coll-de-guix-es-ca","tag-colldejou-es-ca","tag-columnas-ca","tag-columnes-ca","tag-creu-de-llaberia-es-ca","tag-ferran-alexandri-ca","tag-la-miranda-es-ca","tag-pratdip-es-ca","tag-serra-de-llaberia-ca"],"yoast_head":"<!-- This site is optimized with the Yoast SEO plugin v27.5 - https:\/\/yoast.com\/product\/yoast-seo-wordpress\/ -->\n<title>CAVALL BERNAT DE LLABERIA (840 m) - Rutes Entre Refugis<\/title>\n<meta name=\"robots\" content=\"index, follow, max-snippet:-1, max-image-preview:large, max-video-preview:-1\" \/>\n<link rel=\"canonical\" href=\"https:\/\/rutesentrerefugis.com\/index.php\/2020\/02\/29\/cavall-bernat-de-llaberia-840-m\/\" \/>\n<meta property=\"og:locale\" content=\"es_ES\" \/>\n<meta property=\"og:type\" content=\"article\" \/>\n<meta property=\"og:title\" content=\"CAVALL BERNAT DE LLABERIA (840 m) - Rutes Entre Refugis\" \/>\n<meta property=\"og:description\" content=\"CAVALL BERNAT DE LLABERIA (840 m) Columna escrita per FERRAN ALEXANDRI Situat entre els municipis de Colldejou i Pratdip, el Cavall Bernat de Llaberia \u00e9s\" \/>\n<meta property=\"og:url\" content=\"https:\/\/rutesentrerefugis.com\/index.php\/2020\/02\/29\/cavall-bernat-de-llaberia-840-m\/\" \/>\n<meta property=\"og:site_name\" content=\"Rutes Entre Refugis\" \/>\n<meta property=\"article:published_time\" content=\"2020-02-29T11:56:00+00:00\" \/>\n<meta property=\"article:modified_time\" content=\"2024-04-25T11:54:48+00:00\" \/>\n<meta property=\"og:image\" content=\"https:\/\/rutesentrerefugis.com\/wp-content\/uploads\/2023\/02\/Serra-Llaberia-Inici-NW.jpg\" \/>\n\t<meta property=\"og:image:width\" content=\"1200\" \/>\n\t<meta property=\"og:image:height\" content=\"800\" \/>\n\t<meta property=\"og:image:type\" content=\"image\/jpeg\" \/>\n<meta name=\"author\" content=\"Ferran Alexandri\" \/>\n<meta name=\"twitter:card\" content=\"summary_large_image\" \/>\n<meta name=\"twitter:label1\" content=\"Escrito por\" \/>\n\t<meta name=\"twitter:data1\" content=\"Ferran Alexandri\" \/>\n\t<meta name=\"twitter:label2\" content=\"Tiempo de lectura\" \/>\n\t<meta name=\"twitter:data2\" content=\"9 minutos\" \/>\n<script type=\"application\/ld+json\" class=\"yoast-schema-graph\">{\"@context\":\"https:\\\/\\\/schema.org\",\"@graph\":[{\"@type\":\"Article\",\"@id\":\"https:\\\/\\\/rutesentrerefugis.com\\\/index.php\\\/2020\\\/02\\\/29\\\/cavall-bernat-de-llaberia-840-m\\\/#article\",\"isPartOf\":{\"@id\":\"https:\\\/\\\/rutesentrerefugis.com\\\/index.php\\\/2020\\\/02\\\/29\\\/cavall-bernat-de-llaberia-840-m\\\/\"},\"author\":{\"name\":\"Ferran Alexandri\",\"@id\":\"https:\\\/\\\/rutesentrerefugis.com\\\/#\\\/schema\\\/person\\\/073d12ffca5169c94ad0054127e49eec\"},\"headline\":\"CAVALL BERNAT DE LLABERIA (840 m)\",\"datePublished\":\"2020-02-29T11:56:00+00:00\",\"dateModified\":\"2024-04-25T11:54:48+00:00\",\"mainEntityOfPage\":{\"@id\":\"https:\\\/\\\/rutesentrerefugis.com\\\/index.php\\\/2020\\\/02\\\/29\\\/cavall-bernat-de-llaberia-840-m\\\/\"},\"wordCount\":1371,\"commentCount\":0,\"publisher\":{\"@id\":\"https:\\\/\\\/rutesentrerefugis.com\\\/#organization\"},\"image\":{\"@id\":\"https:\\\/\\\/rutesentrerefugis.com\\\/index.php\\\/2020\\\/02\\\/29\\\/cavall-bernat-de-llaberia-840-m\\\/#primaryimage\"},\"thumbnailUrl\":\"https:\\\/\\\/rutesentrerefugis.com\\\/wp-content\\\/uploads\\\/2023\\\/02\\\/Serra-Llaberia-Inici-NW.jpg\",\"keywords\":[\"Cavall Bernat\",\"Cavall Bernat de Llaberia\",\"Coll de Guix\",\"Colldejou\",\"Columnas\",\"Columnes\",\"Creu de Llaberia\",\"Ferran Alexandri\",\"La Miranda\",\"Pratdip\",\"Serra de Llaberia\"],\"articleSection\":[\"Blog\",\"Ferran Alexandri\"],\"inLanguage\":\"es\",\"potentialAction\":[{\"@type\":\"CommentAction\",\"name\":\"Comment\",\"target\":[\"https:\\\/\\\/rutesentrerefugis.com\\\/index.php\\\/2020\\\/02\\\/29\\\/cavall-bernat-de-llaberia-840-m\\\/#respond\"]}]},{\"@type\":\"WebPage\",\"@id\":\"https:\\\/\\\/rutesentrerefugis.com\\\/index.php\\\/2020\\\/02\\\/29\\\/cavall-bernat-de-llaberia-840-m\\\/\",\"url\":\"https:\\\/\\\/rutesentrerefugis.com\\\/index.php\\\/2020\\\/02\\\/29\\\/cavall-bernat-de-llaberia-840-m\\\/\",\"name\":\"CAVALL BERNAT DE LLABERIA (840 m) - Rutes Entre Refugis\",\"isPartOf\":{\"@id\":\"https:\\\/\\\/rutesentrerefugis.com\\\/#website\"},\"primaryImageOfPage\":{\"@id\":\"https:\\\/\\\/rutesentrerefugis.com\\\/index.php\\\/2020\\\/02\\\/29\\\/cavall-bernat-de-llaberia-840-m\\\/#primaryimage\"},\"image\":{\"@id\":\"https:\\\/\\\/rutesentrerefugis.com\\\/index.php\\\/2020\\\/02\\\/29\\\/cavall-bernat-de-llaberia-840-m\\\/#primaryimage\"},\"thumbnailUrl\":\"https:\\\/\\\/rutesentrerefugis.com\\\/wp-content\\\/uploads\\\/2023\\\/02\\\/Serra-Llaberia-Inici-NW.jpg\",\"datePublished\":\"2020-02-29T11:56:00+00:00\",\"dateModified\":\"2024-04-25T11:54:48+00:00\",\"breadcrumb\":{\"@id\":\"https:\\\/\\\/rutesentrerefugis.com\\\/index.php\\\/2020\\\/02\\\/29\\\/cavall-bernat-de-llaberia-840-m\\\/#breadcrumb\"},\"inLanguage\":\"es\",\"potentialAction\":[{\"@type\":\"ReadAction\",\"target\":[\"https:\\\/\\\/rutesentrerefugis.com\\\/index.php\\\/2020\\\/02\\\/29\\\/cavall-bernat-de-llaberia-840-m\\\/\"]}]},{\"@type\":\"ImageObject\",\"inLanguage\":\"es\",\"@id\":\"https:\\\/\\\/rutesentrerefugis.com\\\/index.php\\\/2020\\\/02\\\/29\\\/cavall-bernat-de-llaberia-840-m\\\/#primaryimage\",\"url\":\"https:\\\/\\\/rutesentrerefugis.com\\\/wp-content\\\/uploads\\\/2023\\\/02\\\/Serra-Llaberia-Inici-NW.jpg\",\"contentUrl\":\"https:\\\/\\\/rutesentrerefugis.com\\\/wp-content\\\/uploads\\\/2023\\\/02\\\/Serra-Llaberia-Inici-NW.jpg\",\"width\":1200,\"height\":800},{\"@type\":\"BreadcrumbList\",\"@id\":\"https:\\\/\\\/rutesentrerefugis.com\\\/index.php\\\/2020\\\/02\\\/29\\\/cavall-bernat-de-llaberia-840-m\\\/#breadcrumb\",\"itemListElement\":[{\"@type\":\"ListItem\",\"position\":1,\"name\":\"Inici\",\"item\":\"https:\\\/\\\/rutesentrerefugis.com\\\/\"},{\"@type\":\"ListItem\",\"position\":2,\"name\":\"CAVALL BERNAT DE LLABERIA (840 m)\"}]},{\"@type\":\"WebSite\",\"@id\":\"https:\\\/\\\/rutesentrerefugis.com\\\/#website\",\"url\":\"https:\\\/\\\/rutesentrerefugis.com\\\/\",\"name\":\"Rutes Entre Refugis\",\"description\":\"Caminant sota un nom\",\"publisher\":{\"@id\":\"https:\\\/\\\/rutesentrerefugis.com\\\/#organization\"},\"potentialAction\":[{\"@type\":\"SearchAction\",\"target\":{\"@type\":\"EntryPoint\",\"urlTemplate\":\"https:\\\/\\\/rutesentrerefugis.com\\\/?s={search_term_string}\"},\"query-input\":{\"@type\":\"PropertyValueSpecification\",\"valueRequired\":true,\"valueName\":\"search_term_string\"}}],\"inLanguage\":\"es\"},{\"@type\":\"Organization\",\"@id\":\"https:\\\/\\\/rutesentrerefugis.com\\\/#organization\",\"name\":\"Rutes Entre Refugis\",\"url\":\"https:\\\/\\\/rutesentrerefugis.com\\\/\",\"logo\":{\"@type\":\"ImageObject\",\"inLanguage\":\"es\",\"@id\":\"https:\\\/\\\/rutesentrerefugis.com\\\/#\\\/schema\\\/logo\\\/image\\\/\",\"url\":\"https:\\\/\\\/rutesentrerefugis.com\\\/wp-content\\\/uploads\\\/2022\\\/08\\\/RutesEntreRefugis-Blanc-Retina-1.png\",\"contentUrl\":\"https:\\\/\\\/rutesentrerefugis.com\\\/wp-content\\\/uploads\\\/2022\\\/08\\\/RutesEntreRefugis-Blanc-Retina-1.png\",\"width\":400,\"height\":400,\"caption\":\"Rutes Entre Refugis\"},\"image\":{\"@id\":\"https:\\\/\\\/rutesentrerefugis.com\\\/#\\\/schema\\\/logo\\\/image\\\/\"}},{\"@type\":\"Person\",\"@id\":\"https:\\\/\\\/rutesentrerefugis.com\\\/#\\\/schema\\\/person\\\/073d12ffca5169c94ad0054127e49eec\",\"name\":\"Ferran Alexandri\",\"image\":{\"@type\":\"ImageObject\",\"inLanguage\":\"es\",\"@id\":\"https:\\\/\\\/rutesentrerefugis.com\\\/wp-content\\\/uploads\\\/2023\\\/05\\\/avatar_user_14_1683353245-96x96.jpg\",\"url\":\"https:\\\/\\\/rutesentrerefugis.com\\\/wp-content\\\/uploads\\\/2023\\\/05\\\/avatar_user_14_1683353245-96x96.jpg\",\"contentUrl\":\"https:\\\/\\\/rutesentrerefugis.com\\\/wp-content\\\/uploads\\\/2023\\\/05\\\/avatar_user_14_1683353245-96x96.jpg\",\"caption\":\"Ferran Alexandri\"},\"url\":\"https:\\\/\\\/rutesentrerefugis.com\\\/index.php\\\/author\\\/ferran-alexandri\\\/\"}]}<\/script>\n<!-- \/ Yoast SEO plugin. -->","yoast_head_json":{"title":"CAVALL BERNAT DE LLABERIA (840 m) - Rutes Entre Refugis","robots":{"index":"index","follow":"follow","max-snippet":"max-snippet:-1","max-image-preview":"max-image-preview:large","max-video-preview":"max-video-preview:-1"},"canonical":"https:\/\/rutesentrerefugis.com\/index.php\/2020\/02\/29\/cavall-bernat-de-llaberia-840-m\/","og_locale":"es_ES","og_type":"article","og_title":"CAVALL BERNAT DE LLABERIA (840 m) - Rutes Entre Refugis","og_description":"CAVALL BERNAT DE LLABERIA (840 m) Columna escrita per FERRAN ALEXANDRI Situat entre els municipis de Colldejou i Pratdip, el Cavall Bernat de Llaberia \u00e9s","og_url":"https:\/\/rutesentrerefugis.com\/index.php\/2020\/02\/29\/cavall-bernat-de-llaberia-840-m\/","og_site_name":"Rutes Entre Refugis","article_published_time":"2020-02-29T11:56:00+00:00","article_modified_time":"2024-04-25T11:54:48+00:00","og_image":[{"width":1200,"height":800,"url":"https:\/\/rutesentrerefugis.com\/wp-content\/uploads\/2023\/02\/Serra-Llaberia-Inici-NW.jpg","type":"image\/jpeg"}],"author":"Ferran Alexandri","twitter_card":"summary_large_image","twitter_misc":{"Escrito por":"Ferran Alexandri","Tiempo de lectura":"9 minutos"},"schema":{"@context":"https:\/\/schema.org","@graph":[{"@type":"Article","@id":"https:\/\/rutesentrerefugis.com\/index.php\/2020\/02\/29\/cavall-bernat-de-llaberia-840-m\/#article","isPartOf":{"@id":"https:\/\/rutesentrerefugis.com\/index.php\/2020\/02\/29\/cavall-bernat-de-llaberia-840-m\/"},"author":{"name":"Ferran Alexandri","@id":"https:\/\/rutesentrerefugis.com\/#\/schema\/person\/073d12ffca5169c94ad0054127e49eec"},"headline":"CAVALL BERNAT DE LLABERIA (840 m)","datePublished":"2020-02-29T11:56:00+00:00","dateModified":"2024-04-25T11:54:48+00:00","mainEntityOfPage":{"@id":"https:\/\/rutesentrerefugis.com\/index.php\/2020\/02\/29\/cavall-bernat-de-llaberia-840-m\/"},"wordCount":1371,"commentCount":0,"publisher":{"@id":"https:\/\/rutesentrerefugis.com\/#organization"},"image":{"@id":"https:\/\/rutesentrerefugis.com\/index.php\/2020\/02\/29\/cavall-bernat-de-llaberia-840-m\/#primaryimage"},"thumbnailUrl":"https:\/\/rutesentrerefugis.com\/wp-content\/uploads\/2023\/02\/Serra-Llaberia-Inici-NW.jpg","keywords":["Cavall Bernat","Cavall Bernat de Llaberia","Coll de Guix","Colldejou","Columnas","Columnes","Creu de Llaberia","Ferran Alexandri","La Miranda","Pratdip","Serra de Llaberia"],"articleSection":["Blog","Ferran Alexandri"],"inLanguage":"es","potentialAction":[{"@type":"CommentAction","name":"Comment","target":["https:\/\/rutesentrerefugis.com\/index.php\/2020\/02\/29\/cavall-bernat-de-llaberia-840-m\/#respond"]}]},{"@type":"WebPage","@id":"https:\/\/rutesentrerefugis.com\/index.php\/2020\/02\/29\/cavall-bernat-de-llaberia-840-m\/","url":"https:\/\/rutesentrerefugis.com\/index.php\/2020\/02\/29\/cavall-bernat-de-llaberia-840-m\/","name":"CAVALL BERNAT DE LLABERIA (840 m) - Rutes Entre Refugis","isPartOf":{"@id":"https:\/\/rutesentrerefugis.com\/#website"},"primaryImageOfPage":{"@id":"https:\/\/rutesentrerefugis.com\/index.php\/2020\/02\/29\/cavall-bernat-de-llaberia-840-m\/#primaryimage"},"image":{"@id":"https:\/\/rutesentrerefugis.com\/index.php\/2020\/02\/29\/cavall-bernat-de-llaberia-840-m\/#primaryimage"},"thumbnailUrl":"https:\/\/rutesentrerefugis.com\/wp-content\/uploads\/2023\/02\/Serra-Llaberia-Inici-NW.jpg","datePublished":"2020-02-29T11:56:00+00:00","dateModified":"2024-04-25T11:54:48+00:00","breadcrumb":{"@id":"https:\/\/rutesentrerefugis.com\/index.php\/2020\/02\/29\/cavall-bernat-de-llaberia-840-m\/#breadcrumb"},"inLanguage":"es","potentialAction":[{"@type":"ReadAction","target":["https:\/\/rutesentrerefugis.com\/index.php\/2020\/02\/29\/cavall-bernat-de-llaberia-840-m\/"]}]},{"@type":"ImageObject","inLanguage":"es","@id":"https:\/\/rutesentrerefugis.com\/index.php\/2020\/02\/29\/cavall-bernat-de-llaberia-840-m\/#primaryimage","url":"https:\/\/rutesentrerefugis.com\/wp-content\/uploads\/2023\/02\/Serra-Llaberia-Inici-NW.jpg","contentUrl":"https:\/\/rutesentrerefugis.com\/wp-content\/uploads\/2023\/02\/Serra-Llaberia-Inici-NW.jpg","width":1200,"height":800},{"@type":"BreadcrumbList","@id":"https:\/\/rutesentrerefugis.com\/index.php\/2020\/02\/29\/cavall-bernat-de-llaberia-840-m\/#breadcrumb","itemListElement":[{"@type":"ListItem","position":1,"name":"Inici","item":"https:\/\/rutesentrerefugis.com\/"},{"@type":"ListItem","position":2,"name":"CAVALL BERNAT DE LLABERIA (840 m)"}]},{"@type":"WebSite","@id":"https:\/\/rutesentrerefugis.com\/#website","url":"https:\/\/rutesentrerefugis.com\/","name":"Rutes Entre Refugis","description":"Caminant sota un nom","publisher":{"@id":"https:\/\/rutesentrerefugis.com\/#organization"},"potentialAction":[{"@type":"SearchAction","target":{"@type":"EntryPoint","urlTemplate":"https:\/\/rutesentrerefugis.com\/?s={search_term_string}"},"query-input":{"@type":"PropertyValueSpecification","valueRequired":true,"valueName":"search_term_string"}}],"inLanguage":"es"},{"@type":"Organization","@id":"https:\/\/rutesentrerefugis.com\/#organization","name":"Rutes Entre Refugis","url":"https:\/\/rutesentrerefugis.com\/","logo":{"@type":"ImageObject","inLanguage":"es","@id":"https:\/\/rutesentrerefugis.com\/#\/schema\/logo\/image\/","url":"https:\/\/rutesentrerefugis.com\/wp-content\/uploads\/2022\/08\/RutesEntreRefugis-Blanc-Retina-1.png","contentUrl":"https:\/\/rutesentrerefugis.com\/wp-content\/uploads\/2022\/08\/RutesEntreRefugis-Blanc-Retina-1.png","width":400,"height":400,"caption":"Rutes Entre Refugis"},"image":{"@id":"https:\/\/rutesentrerefugis.com\/#\/schema\/logo\/image\/"}},{"@type":"Person","@id":"https:\/\/rutesentrerefugis.com\/#\/schema\/person\/073d12ffca5169c94ad0054127e49eec","name":"Ferran Alexandri","image":{"@type":"ImageObject","inLanguage":"es","@id":"https:\/\/rutesentrerefugis.com\/wp-content\/uploads\/2023\/05\/avatar_user_14_1683353245-96x96.jpg","url":"https:\/\/rutesentrerefugis.com\/wp-content\/uploads\/2023\/05\/avatar_user_14_1683353245-96x96.jpg","contentUrl":"https:\/\/rutesentrerefugis.com\/wp-content\/uploads\/2023\/05\/avatar_user_14_1683353245-96x96.jpg","caption":"Ferran Alexandri"},"url":"https:\/\/rutesentrerefugis.com\/index.php\/author\/ferran-alexandri\/"}]}},"_links":{"self":[{"href":"https:\/\/rutesentrerefugis.com\/index.php\/wp-json\/wp\/v2\/posts\/7346","targetHints":{"allow":["GET"]}}],"collection":[{"href":"https:\/\/rutesentrerefugis.com\/index.php\/wp-json\/wp\/v2\/posts"}],"about":[{"href":"https:\/\/rutesentrerefugis.com\/index.php\/wp-json\/wp\/v2\/types\/post"}],"author":[{"embeddable":true,"href":"https:\/\/rutesentrerefugis.com\/index.php\/wp-json\/wp\/v2\/users\/14"}],"replies":[{"embeddable":true,"href":"https:\/\/rutesentrerefugis.com\/index.php\/wp-json\/wp\/v2\/comments?post=7346"}],"version-history":[{"count":12,"href":"https:\/\/rutesentrerefugis.com\/index.php\/wp-json\/wp\/v2\/posts\/7346\/revisions"}],"predecessor-version":[{"id":21079,"href":"https:\/\/rutesentrerefugis.com\/index.php\/wp-json\/wp\/v2\/posts\/7346\/revisions\/21079"}],"wp:featuredmedia":[{"embeddable":true,"href":"https:\/\/rutesentrerefugis.com\/index.php\/wp-json\/wp\/v2\/media\/7347"}],"wp:attachment":[{"href":"https:\/\/rutesentrerefugis.com\/index.php\/wp-json\/wp\/v2\/media?parent=7346"}],"wp:term":[{"taxonomy":"category","embeddable":true,"href":"https:\/\/rutesentrerefugis.com\/index.php\/wp-json\/wp\/v2\/categories?post=7346"},{"taxonomy":"post_tag","embeddable":true,"href":"https:\/\/rutesentrerefugis.com\/index.php\/wp-json\/wp\/v2\/tags?post=7346"}],"curies":[{"name":"wp","href":"https:\/\/api.w.org\/{rel}","templated":true}]}}