{"id":7357,"date":"2020-02-29T12:14:00","date_gmt":"2020-02-29T12:14:00","guid":{"rendered":"https:\/\/nova.rutesentrerefugis.com\/?p=7357"},"modified":"2024-04-25T11:54:17","modified_gmt":"2024-04-25T11:54:17","slug":"cavall-bernat-de-llaberia-840-m-es","status":"publish","type":"post","link":"https:\/\/rutesentrerefugis.com\/index.php\/es\/2020\/02\/29\/cavall-bernat-de-llaberia-840-m-es\/","title":{"rendered":"CAVALL BERNAT DE LLABERIA (840 m)"},"content":{"rendered":"\t\t<div data-elementor-type=\"wp-post\" data-elementor-id=\"7357\" class=\"elementor elementor-7357\" data-elementor-post-type=\"post\">\n\t\t\t\t\t\t<section class=\"elementor-section elementor-top-section elementor-element elementor-element-ab53242 elementor-section-full_width elementor-section-height-default elementor-section-height-default\" data-id=\"ab53242\" data-element_type=\"section\" data-e-type=\"section\" data-settings=\"{&quot;background_background&quot;:&quot;classic&quot;}\">\n\t\t\t\t\t\t<div class=\"elementor-container elementor-column-gap-default\">\n\t\t\t\t\t<div class=\"elementor-column elementor-col-100 elementor-top-column elementor-element elementor-element-8f03127\" data-id=\"8f03127\" data-element_type=\"column\" data-e-type=\"column\">\n\t\t\t<div class=\"elementor-widget-wrap elementor-element-populated\">\n\t\t\t\t\t\t<div class=\"elementor-element elementor-element-9b71a54 elementor-widget elementor-widget-image\" data-id=\"9b71a54\" data-element_type=\"widget\" data-e-type=\"widget\" data-widget_type=\"image.default\">\n\t\t\t\t<div class=\"elementor-widget-container\">\n\t\t\t\t\t\t\t\t\t\t\t\t\t\t\t<img fetchpriority=\"high\" decoding=\"async\" width=\"2000\" height=\"450\" src=\"https:\/\/rutesentrerefugis.com\/wp-content\/uploads\/2023\/02\/Serra-Llaberia-Cap-02.jpg\" class=\"attachment-full size-full wp-image-7351\" alt=\"\" srcset=\"https:\/\/rutesentrerefugis.com\/wp-content\/uploads\/2023\/02\/Serra-Llaberia-Cap-02.jpg 2000w, https:\/\/rutesentrerefugis.com\/wp-content\/uploads\/2023\/02\/Serra-Llaberia-Cap-02-300x68.jpg 300w, https:\/\/rutesentrerefugis.com\/wp-content\/uploads\/2023\/02\/Serra-Llaberia-Cap-02-1024x230.jpg 1024w, https:\/\/rutesentrerefugis.com\/wp-content\/uploads\/2023\/02\/Serra-Llaberia-Cap-02-768x173.jpg 768w, https:\/\/rutesentrerefugis.com\/wp-content\/uploads\/2023\/02\/Serra-Llaberia-Cap-02-1536x346.jpg 1536w\" sizes=\"(max-width: 2000px) 100vw, 2000px\" \/>\t\t\t\t\t\t\t\t\t\t\t\t\t\t\t<\/div>\n\t\t\t\t<\/div>\n\t\t\t\t\t<\/div>\n\t\t<\/div>\n\t\t\t\t\t<\/div>\n\t\t<\/section>\n\t\t\t\t<section class=\"elementor-section elementor-top-section elementor-element elementor-element-9bbab2a elementor-section-full_width elementor-section-height-default elementor-section-height-default\" data-id=\"9bbab2a\" data-element_type=\"section\" data-e-type=\"section\" data-settings=\"{&quot;background_background&quot;:&quot;classic&quot;}\">\n\t\t\t\t\t\t<div class=\"elementor-container elementor-column-gap-default\">\n\t\t\t\t\t<div class=\"elementor-column elementor-col-100 elementor-top-column elementor-element elementor-element-cbaaa3d\" data-id=\"cbaaa3d\" data-element_type=\"column\" data-e-type=\"column\">\n\t\t\t<div class=\"elementor-widget-wrap elementor-element-populated\">\n\t\t\t\t\t\t<div class=\"elementor-element elementor-element-88bb33a elementor-widget elementor-widget-heading\" data-id=\"88bb33a\" data-element_type=\"widget\" data-e-type=\"widget\" data-widget_type=\"heading.default\">\n\t\t\t\t<div class=\"elementor-widget-container\">\n\t\t\t\t\t<h2 class=\"elementor-heading-title elementor-size-default\">CAVALL BERNAT DE LLABERIA (840 m)<\/h2>\t\t\t\t<\/div>\n\t\t\t\t<\/div>\n\t\t\t\t\t<\/div>\n\t\t<\/div>\n\t\t\t\t\t<\/div>\n\t\t<\/section>\n\t\t\t\t<section class=\"elementor-section elementor-top-section elementor-element elementor-element-f4c2fc7 elementor-section-full_width elementor-section-height-default elementor-section-height-default\" data-id=\"f4c2fc7\" data-element_type=\"section\" data-e-type=\"section\" data-settings=\"{&quot;background_background&quot;:&quot;classic&quot;}\">\n\t\t\t\t\t\t<div class=\"elementor-container elementor-column-gap-default\">\n\t\t\t\t\t<div class=\"elementor-column elementor-col-100 elementor-top-column elementor-element elementor-element-aef9847\" data-id=\"aef9847\" data-element_type=\"column\" data-e-type=\"column\">\n\t\t\t<div class=\"elementor-widget-wrap elementor-element-populated\">\n\t\t\t\t\t\t<div class=\"elementor-element elementor-element-96abed9 elementor-widget-divider--view-line elementor-widget elementor-widget-divider\" data-id=\"96abed9\" data-element_type=\"widget\" data-e-type=\"widget\" data-widget_type=\"divider.default\">\n\t\t\t\t<div class=\"elementor-widget-container\">\n\t\t\t\t\t\t\t<div class=\"elementor-divider\">\n\t\t\t<span class=\"elementor-divider-separator\">\n\t\t\t\t\t\t<\/span>\n\t\t<\/div>\n\t\t\t\t\t\t<\/div>\n\t\t\t\t<\/div>\n\t\t\t\t\t<\/div>\n\t\t<\/div>\n\t\t\t\t\t<\/div>\n\t\t<\/section>\n\t\t\t\t<section class=\"elementor-section elementor-top-section elementor-element elementor-element-29ce0f6 elementor-section-full_width elementor-section-height-default elementor-section-height-default\" data-id=\"29ce0f6\" data-element_type=\"section\" data-e-type=\"section\">\n\t\t\t\t\t\t<div class=\"elementor-container elementor-column-gap-default\">\n\t\t\t\t\t<div class=\"elementor-column elementor-col-100 elementor-top-column elementor-element elementor-element-a91799a\" data-id=\"a91799a\" data-element_type=\"column\" data-e-type=\"column\">\n\t\t\t<div class=\"elementor-widget-wrap elementor-element-populated\">\n\t\t\t\t\t\t<div class=\"elementor-element elementor-element-3506292 elementor-widget elementor-widget-spacer\" data-id=\"3506292\" data-element_type=\"widget\" data-e-type=\"widget\" data-widget_type=\"spacer.default\">\n\t\t\t\t<div class=\"elementor-widget-container\">\n\t\t\t\t\t\t\t<div class=\"elementor-spacer\">\n\t\t\t<div class=\"elementor-spacer-inner\"><\/div>\n\t\t<\/div>\n\t\t\t\t\t\t<\/div>\n\t\t\t\t<\/div>\n\t\t\t\t\t<\/div>\n\t\t<\/div>\n\t\t\t\t\t<\/div>\n\t\t<\/section>\n\t\t\t\t<section class=\"elementor-section elementor-top-section elementor-element elementor-element-7d04b51 elementor-section-full_width elementor-section-height-default elementor-section-height-default\" data-id=\"7d04b51\" data-element_type=\"section\" data-e-type=\"section\">\n\t\t\t\t\t\t<div class=\"elementor-container elementor-column-gap-default\">\n\t\t\t\t\t<div class=\"elementor-column elementor-col-100 elementor-top-column elementor-element elementor-element-dc3164a\" data-id=\"dc3164a\" data-element_type=\"column\" data-e-type=\"column\">\n\t\t\t<div class=\"elementor-widget-wrap elementor-element-populated\">\n\t\t\t\t\t\t<div class=\"elementor-element elementor-element-5623faa elementor-widget elementor-widget-text-editor\" data-id=\"5623faa\" data-element_type=\"widget\" data-e-type=\"widget\" data-widget_type=\"text-editor.default\">\n\t\t\t\t<div class=\"elementor-widget-container\">\n\t\t\t\t\t\t\t\t\t<p>Columna escrita por FERRAN ALEXANDRI<\/p>\t\t\t\t\t\t\t\t<\/div>\n\t\t\t\t<\/div>\n\t\t\t\t\t<\/div>\n\t\t<\/div>\n\t\t\t\t\t<\/div>\n\t\t<\/section>\n\t\t\t\t<section class=\"elementor-section elementor-top-section elementor-element elementor-element-7d60b46 elementor-section-full_width elementor-section-height-default elementor-section-height-default\" data-id=\"7d60b46\" data-element_type=\"section\" data-e-type=\"section\">\n\t\t\t\t\t\t<div class=\"elementor-container elementor-column-gap-default\">\n\t\t\t\t\t<div class=\"elementor-column elementor-col-100 elementor-top-column elementor-element elementor-element-905bfd8\" data-id=\"905bfd8\" data-element_type=\"column\" data-e-type=\"column\">\n\t\t\t<div class=\"elementor-widget-wrap elementor-element-populated\">\n\t\t\t\t\t\t<div class=\"elementor-element elementor-element-5ea6a62 elementor-widget elementor-widget-text-editor\" data-id=\"5ea6a62\" data-element_type=\"widget\" data-e-type=\"widget\" data-widget_type=\"text-editor.default\">\n\t\t\t\t<div class=\"elementor-widget-container\">\n\t\t\t\t\t\t\t\t\t<h5> Situado entre los municipios de Colldejou y Pratdip, el Cavall Bernat de Llaberia es una cima aguijoneada, en forma de diente, aislada y muy a\u00e9rea, separada hacia el este del risco principal de la sierra de Llaberia. La excursi\u00f3n se completa con un itinerario circular que nos lleva tambi\u00e9n hasta las cimas de la Creu de Llaberia y la Miranda, la m\u00e1xima altitud de la sierra, para descender luego a trav\u00e9s de un camino de acceso directo hasta el collado de Guix y Colldejou.<\/br>\n<\/br>\nLa sierra de Llaberia constituye un relieve, en forma de herradura, del brazo costero de la cordillera Prelitoral Catalana que, a grandes rasgos, se extiende desde el collado del Guix hasta el Montalt. Pero al nordeste, donde est\u00e1 el sector m\u00e1s elevado, en el municipio de Colldejou, presenta un risco muy vertical de cerca de 500 m: una aut\u00e9ntica muralla de roca, flanqueada por relieves tabulares o inmensas llanuras rocosas. Un terreno torturado, en definitiva, con canales y barrancos encajados, donde la naturaleza caliza de las rocas ha producido numerosas grutas, cuevas y simas, y donde a menudo sopla potente el mestral. Nos encontramos en una zona muy monta\u00f1osa, ocupada en su pie de monte por bosques frondosos de ambiente mediterr\u00e1neo. Su situaci\u00f3n y el relieve abrupto han hecho que Llaberia sea un espacio poco frecuentado y, por tanto, poco alterado, donde prolifera una gran biodiversidad. En esta excursi\u00f3n podremos conocer Colldejou, situado entre la sierra de Llaberia y la mola de Colldejou, un lugar habitado ya desde la prehistoria. Colldejou es un peque\u00f1o pueblo de monta\u00f1a que ha sabido mantener su estructura tradicional y aut\u00e9ntica. Entre la multitud de casas sobresale la iglesia barroca, erigida en el siglo XVII, dedicada a San Lloren\u00e7; pero tambi\u00e9n casas medievales muy bien conservadas. <\/h5>\t\t\t\t\t\t\t\t<\/div>\n\t\t\t\t<\/div>\n\t\t\t\t\t<\/div>\n\t\t<\/div>\n\t\t\t\t\t<\/div>\n\t\t<\/section>\n\t\t\t\t<section class=\"elementor-section elementor-top-section elementor-element elementor-element-8c5d25a elementor-section-full_width elementor-section-height-default elementor-section-height-default\" data-id=\"8c5d25a\" data-element_type=\"section\" data-e-type=\"section\">\n\t\t\t\t\t\t<div class=\"elementor-container elementor-column-gap-default\">\n\t\t\t\t\t<div class=\"elementor-column elementor-col-100 elementor-top-column elementor-element elementor-element-56e1cd3\" data-id=\"56e1cd3\" data-element_type=\"column\" data-e-type=\"column\">\n\t\t\t<div class=\"elementor-widget-wrap elementor-element-populated\">\n\t\t\t\t\t\t<div class=\"elementor-element elementor-element-1b66b1b elementor-widget elementor-widget-image\" data-id=\"1b66b1b\" data-element_type=\"widget\" data-e-type=\"widget\" data-widget_type=\"image.default\">\n\t\t\t\t<div class=\"elementor-widget-container\">\n\t\t\t\t\t\t\t\t\t\t\t\t\t\t\t<img decoding=\"async\" width=\"2000\" height=\"375\" src=\"https:\/\/rutesentrerefugis.com\/wp-content\/uploads\/2023\/02\/Serra-de-Llaberia-01-G.jpg\" class=\"attachment-full size-full wp-image-7350\" alt=\"\" srcset=\"https:\/\/rutesentrerefugis.com\/wp-content\/uploads\/2023\/02\/Serra-de-Llaberia-01-G.jpg 2000w, https:\/\/rutesentrerefugis.com\/wp-content\/uploads\/2023\/02\/Serra-de-Llaberia-01-G-300x56.jpg 300w, https:\/\/rutesentrerefugis.com\/wp-content\/uploads\/2023\/02\/Serra-de-Llaberia-01-G-1024x192.jpg 1024w, https:\/\/rutesentrerefugis.com\/wp-content\/uploads\/2023\/02\/Serra-de-Llaberia-01-G-768x144.jpg 768w, https:\/\/rutesentrerefugis.com\/wp-content\/uploads\/2023\/02\/Serra-de-Llaberia-01-G-1536x288.jpg 1536w\" sizes=\"(max-width: 2000px) 100vw, 2000px\" \/>\t\t\t\t\t\t\t\t\t\t\t\t\t\t\t<\/div>\n\t\t\t\t<\/div>\n\t\t\t\t\t<\/div>\n\t\t<\/div>\n\t\t\t\t\t<\/div>\n\t\t<\/section>\n\t\t\t\t<section class=\"elementor-section elementor-top-section elementor-element elementor-element-8c8568b elementor-section-full_width elementor-section-height-default elementor-section-height-default\" data-id=\"8c8568b\" data-element_type=\"section\" data-e-type=\"section\">\n\t\t\t\t\t\t<div class=\"elementor-container elementor-column-gap-default\">\n\t\t\t\t\t<div class=\"elementor-column elementor-col-100 elementor-top-column elementor-element elementor-element-0f9adff\" data-id=\"0f9adff\" data-element_type=\"column\" data-e-type=\"column\">\n\t\t\t<div class=\"elementor-widget-wrap elementor-element-populated\">\n\t\t\t\t\t\t<div class=\"elementor-element elementor-element-6f5d802 elementor-widget elementor-widget-text-editor\" data-id=\"6f5d802\" data-element_type=\"widget\" data-e-type=\"widget\" data-widget_type=\"text-editor.default\">\n\t\t\t\t<div class=\"elementor-widget-container\">\n\t\t\t\t\t\t\t\t\t<h5><span style=\"color: #b40440;\"><u><b>LA EXCURSI\u00d3N<\/b><\/u><\/span><\/br>\nEn la carretera T-322 de Mont-roig del Camp a Colldejou, a la altura del km 13, antes de llegar a Colldejou (en el barranco de las Estellades), hay una pista forestal que nos lleva al collado del Guix, justo antes de un peque\u00f1o puente. Se puede aparcar el coche en un espacio en la entrada misma de la pista o bien un poco m\u00e1s arriba. Pero el camino comienza en el PR-C 96, que va de Colldejou a Pratdip, que encontramos en la carretera, junto al puente. Tambi\u00e9n se puede seguir un tramo de la pista forestal, pero se da m\u00e1s vuelta.<\/br>\n<\/br>\n0:00 Empezamos a caminar por el PR-C 96 en sentido ascendente por el barranco de las Estellades hasta que cambia de nombre y se convierte en el barranco del Bullidor, debido a la fuente del mismo nombre.<\/br>\n<\/br>\n0:20 Al llegar a la fuente del Bullidor seguimos el PR en sentido sur, por una subida moderada, hasta el collado de la Terra Blanca, apretado de vegetaci\u00f3n, donde encontramos un hito a mano derecha que nos indica el cambio de direcci\u00f3n hacia la roca de los Esperits.<\/br>\n<\/br>\n0:35 Giramos a la derecha y continuamos subiendo por un camino con fuerte pendiente, pasando algunos tramos tarterosos (donde es posible encontrar f\u00f3siles bivalvos). Estamos en medio de un bosque espl\u00e9ndido, donde vemos alg\u00fan tejo de gran tama\u00f1o. Llegamos a la roca de los Esperits, la primera atalaya de la sierra.<\/br>\n<\/br>\n1:05 Continuamos el camino en la misma direcci\u00f3n y bordeamos la base del Cavall Bernat por la cara norte para ir hasta el portillo de la Roca Mitjanera, donde hay un cruce de caminos. Un poste indicador nos se\u00f1ala los caminos del Cavall Bernat y el enlace con el camino real de Pratdip a Colldejou, a la izquierda por la vertiente sur, y el camino de la Creu de Llaberia y la Miranda, a la derecha. Vamos hacia la izquierda, y, a continuaci\u00f3n, aparece de repente e imponente el Cavall Bernat.<\/br>\n<\/br>\n1:20 Bajamos por una tartera hasta encontrar una canal a la izquierda del Cavall, donde entramos. La canal tiene una pendiente pronunciada, pero una cuerda fija nos puede ser \u00fatil. La remontamos hasta que encontramos hitos y una cadena fija a mano derecha, que nos indica el lugar de la trepada. Se trata de dos tramos a\u00e9reos que podemos considerar de primer grado, por lo que no hay que llevar material de escalada.<\/br>\n<\/br>\n1:25 Llegamos al primer rellano, donde un peque\u00f1o muro nos separa de la cima, que vemos coronado por una cruz de hierro. La subida es vertical, pero las tomas son buenas y grandes. Superamos un paso del mismo nivel que el anterior y a continuaci\u00f3n hacemos cima.<\/br>\n<\/br>\n1:30 Desde la cima se domina una espl\u00e9ndida vista hacia la Miranda y la mola de Colldejou, en el norte; el Mont-redon, el Puig de la Cabrafiga y el mar de la costa de Cambrils, al sur. En el noreste, se divisan las sierras de Pradell la Argentera, y, a lo lejos, surge la roca Corbatera del Montsant. <\/h5>\t\t\t\t\t\t\t\t<\/div>\n\t\t\t\t<\/div>\n\t\t\t\t\t<\/div>\n\t\t<\/div>\n\t\t\t\t\t<\/div>\n\t\t<\/section>\n\t\t\t\t<section class=\"elementor-section elementor-top-section elementor-element elementor-element-3c06572 elementor-section-full_width elementor-section-height-default elementor-section-height-default\" data-id=\"3c06572\" data-element_type=\"section\" data-e-type=\"section\">\n\t\t\t\t\t\t<div class=\"elementor-container elementor-column-gap-default\">\n\t\t\t\t\t<div class=\"elementor-column elementor-col-100 elementor-top-column elementor-element elementor-element-11e2299\" data-id=\"11e2299\" data-element_type=\"column\" data-e-type=\"column\">\n\t\t\t<div class=\"elementor-widget-wrap elementor-element-populated\">\n\t\t\t\t\t\t<div class=\"elementor-element elementor-element-2d4d38c elementor-widget elementor-widget-image\" data-id=\"2d4d38c\" data-element_type=\"widget\" data-e-type=\"widget\" data-widget_type=\"image.default\">\n\t\t\t\t<div class=\"elementor-widget-container\">\n\t\t\t\t\t\t\t\t\t\t\t\t<figure class=\"wp-caption\">\n\t\t\t\t\t\t\t\t\t\t<img decoding=\"async\" width=\"2000\" height=\"975\" src=\"https:\/\/rutesentrerefugis.com\/wp-content\/uploads\/2023\/02\/Serra-de-Llaberia-02-G.jpg\" class=\"attachment-full size-full wp-image-7352\" alt=\"\" srcset=\"https:\/\/rutesentrerefugis.com\/wp-content\/uploads\/2023\/02\/Serra-de-Llaberia-02-G.jpg 2000w, https:\/\/rutesentrerefugis.com\/wp-content\/uploads\/2023\/02\/Serra-de-Llaberia-02-G-300x146.jpg 300w, https:\/\/rutesentrerefugis.com\/wp-content\/uploads\/2023\/02\/Serra-de-Llaberia-02-G-1024x499.jpg 1024w, https:\/\/rutesentrerefugis.com\/wp-content\/uploads\/2023\/02\/Serra-de-Llaberia-02-G-768x374.jpg 768w, https:\/\/rutesentrerefugis.com\/wp-content\/uploads\/2023\/02\/Serra-de-Llaberia-02-G-1536x749.jpg 1536w\" sizes=\"(max-width: 2000px) 100vw, 2000px\" \/>\t\t\t\t\t\t\t\t\t\t\t<figcaption class=\"widget-image-caption wp-caption-text\"><\/figcaption>\n\t\t\t\t\t\t\t\t\t\t<\/figure>\n\t\t\t\t\t\t\t\t\t<\/div>\n\t\t\t\t<\/div>\n\t\t\t\t\t<\/div>\n\t\t<\/div>\n\t\t\t\t\t<\/div>\n\t\t<\/section>\n\t\t\t\t<section class=\"elementor-section elementor-top-section elementor-element elementor-element-c8f7892 elementor-section-full_width elementor-section-height-default elementor-section-height-default\" data-id=\"c8f7892\" data-element_type=\"section\" data-e-type=\"section\">\n\t\t\t\t\t\t<div class=\"elementor-container elementor-column-gap-default\">\n\t\t\t\t\t<div class=\"elementor-column elementor-col-100 elementor-top-column elementor-element elementor-element-121a480\" data-id=\"121a480\" data-element_type=\"column\" data-e-type=\"column\">\n\t\t\t<div class=\"elementor-widget-wrap elementor-element-populated\">\n\t\t\t\t\t\t<div class=\"elementor-element elementor-element-20ef52c elementor-widget elementor-widget-text-editor\" data-id=\"20ef52c\" data-element_type=\"widget\" data-e-type=\"widget\" data-widget_type=\"text-editor.default\">\n\t\t\t\t<div class=\"elementor-widget-container\">\n\t\t\t\t\t\t\t\t\t<h5> 2:00 Bajamos del Cavall Bernat por el mismo camino y volvemos hasta el portillo de la Roca Mitjanera. A continuaci\u00f3n, seguiremos el camino marcado hasta la Creu de Llaberia y la Miranda, pasando por la punta de Fornells. Hacemos la cima de la Creu (908 m).<\/br>\n<\/br>\n2:20 Continuamos, ahora por el camino de Recingle, en direcci\u00f3n a la Miranda, donde est\u00e1 el radar meteorol\u00f3gico de Tivissa Llaberia, que destaca por la enorme esfera blanca. Es un camino que pasa un poco por debajo de la cresta principal de la sierra de Llaberia, donde encontramos alg\u00fan acebo gigante. Una vez pasada la canal del Roc y el rinc\u00f3n de los Frares, volvemos a la cresta de la sierra y logramos, un poco m\u00e1s adelante, la cima de la Miranda (918 m), el punto m\u00e1s alto de la sierra de Llaberia.<\/br>\n<\/br>\n3:10 Pasada la cima y el v\u00e9rtice geod\u00e9sico (situado en el suelo), encontramos hitos y se\u00f1ales que nos indican el camino de descenso por el atajo de Ram\u00f3n, que pasa por el llano de Moll\u00f3, y que nos lleva por un camino de bajada muy derecho hasta el collado del Guix (629 m) en una r\u00e1pida bajada.<\/br>\n<\/br>\n3:40 En el collado del Guix (llamado as\u00ed porque aflora este mineral) cogemos la pista se\u00f1alizada que lleva hasta Colldejou (GR 7).<\/br>\n<\/br>\n4:00 Una vez entramos en Colldejou nos debemos dirigir a la entrada del pueblo para encontrar nuevamente la carretera T-322, que seguiremos en poco menos de un kil\u00f3metro hasta llegar al km. 13, donde hab\u00edamos dejado el veh\u00edculo.<\/h5>\t\t\t\t\t\t\t\t<\/div>\n\t\t\t\t<\/div>\n\t\t\t\t\t<\/div>\n\t\t<\/div>\n\t\t\t\t\t<\/div>\n\t\t<\/section>\n\t\t\t\t<section class=\"elementor-section elementor-top-section elementor-element elementor-element-0a09998 elementor-section-full_width elementor-section-height-default elementor-section-height-default\" data-id=\"0a09998\" data-element_type=\"section\" data-e-type=\"section\" data-settings=\"{&quot;background_background&quot;:&quot;classic&quot;}\">\n\t\t\t\t\t\t<div class=\"elementor-container elementor-column-gap-default\">\n\t\t\t\t\t<div class=\"elementor-column elementor-col-100 elementor-top-column elementor-element elementor-element-4cd02c7\" data-id=\"4cd02c7\" data-element_type=\"column\" data-e-type=\"column\">\n\t\t\t<div class=\"elementor-widget-wrap elementor-element-populated\">\n\t\t\t\t\t\t<div class=\"elementor-element elementor-element-8e15b5b elementor-widget elementor-widget-text-editor\" data-id=\"8e15b5b\" data-element_type=\"widget\" data-e-type=\"widget\" data-widget_type=\"text-editor.default\">\n\t\t\t\t<div class=\"elementor-widget-container\">\n\t\t\t\t\t\t\t\t\t<h5><span style=\"color: #b40404;\"><b><u>FITXA T\u00c9CNICA<\/u><\/b><\/span><\/br>\n<span style=\"color: #000000;\"><b>\u2028Lugar:<\/b><\/span> Espai Natural Protegit de la Serra de Llaberia. Incluido en el inventario de espacios de inter\u00e9s geol\u00f3gico de Catalu\u00f1a.<\/br>\n<span style=\"color: #000000;\"><b>\u2028Distancia:<\/b><\/span> 10 km.<\/br>\n<span style=\"color: #000000;\"><b>\u2028\u2028Desnivel:<\/b><\/span> + 750 m.<\/br>\n<span style=\"color: #000000;\"><b>\u2028\u2028Duraci\u00f3n:<\/b><\/span> 4 h.<\/br>\n<span style=\"color: #000000;\"><b>\u2028\u2028Di\ufb01cultad:<\/b><\/span> mediana.<\/br>\n<span style=\"color: #000000;\"><b>\u2028\u2028Itinerario:<\/b><\/span> km 13 (ctra. T-322), barranco de les Estellades, barranco del Bullidor, fuente del Bullidor, collado de la Terra Blanca, roca de los Esperits, portillo de la Roca Mitjanera, Cavall Bernat de Llaberia (840 m), la Creu de Llaberia (908 m), camino del Recingle, la Miranda (918 m), atajo de Ramon, collado del Guix, Colldejou, km 13 (ctra. T-322).<\/br>\n<span style=\"color: #000000;\"><b>\u2028\u00c9poca recomendada:<\/b><\/span> de oto\u00f1o hasta el inicio de la primavera, cuando sopla el mestral, que barre las nubes y logra que la niebla no entre.<\/br>\n<span style=\"color: #000000;\"><b>\u2028\u2028Cartogra\u00eda:<\/b><\/span> Serra de Llaberia (Ed. Piolet, Escala: 1:20.000)<\/h5>\t\t\t\t\t\t\t\t<\/div>\n\t\t\t\t<\/div>\n\t\t\t\t\t<\/div>\n\t\t<\/div>\n\t\t\t\t\t<\/div>\n\t\t<\/section>\n\t\t\t\t<section class=\"elementor-section elementor-top-section elementor-element elementor-element-4922e55 elementor-section-full_width elementor-section-height-default elementor-section-height-default\" data-id=\"4922e55\" data-element_type=\"section\" data-e-type=\"section\">\n\t\t\t\t\t\t<div class=\"elementor-container elementor-column-gap-default\">\n\t\t\t\t\t<div class=\"elementor-column elementor-col-100 elementor-top-column elementor-element elementor-element-09c2463\" data-id=\"09c2463\" data-element_type=\"column\" data-e-type=\"column\">\n\t\t\t<div class=\"elementor-widget-wrap elementor-element-populated\">\n\t\t\t\t\t\t<div class=\"elementor-element elementor-element-63f9ef1 elementor-widget elementor-widget-spacer\" data-id=\"63f9ef1\" data-element_type=\"widget\" data-e-type=\"widget\" data-widget_type=\"spacer.default\">\n\t\t\t\t<div class=\"elementor-widget-container\">\n\t\t\t\t\t\t\t<div class=\"elementor-spacer\">\n\t\t\t<div class=\"elementor-spacer-inner\"><\/div>\n\t\t<\/div>\n\t\t\t\t\t\t<\/div>\n\t\t\t\t<\/div>\n\t\t\t\t\t<\/div>\n\t\t<\/div>\n\t\t\t\t\t<\/div>\n\t\t<\/section>\n\t\t\t\t<section class=\"elementor-section elementor-top-section elementor-element elementor-element-f1bcb91 elementor-section-full_width elementor-section-height-default elementor-section-height-default\" data-id=\"f1bcb91\" data-element_type=\"section\" data-e-type=\"section\" data-settings=\"{&quot;background_background&quot;:&quot;classic&quot;}\">\n\t\t\t\t\t\t<div class=\"elementor-container elementor-column-gap-default\">\n\t\t\t\t\t<div class=\"elementor-column elementor-col-100 elementor-top-column elementor-element elementor-element-25d7747\" data-id=\"25d7747\" data-element_type=\"column\" data-e-type=\"column\">\n\t\t\t<div class=\"elementor-widget-wrap elementor-element-populated\">\n\t\t\t\t\t\t<div class=\"elementor-element elementor-element-f50e81e elementor-widget elementor-widget-image\" data-id=\"f50e81e\" data-element_type=\"widget\" data-e-type=\"widget\" data-widget_type=\"image.default\">\n\t\t\t\t<div class=\"elementor-widget-container\">\n\t\t\t\t\t\t\t\t\t\t\t\t\t\t\t<img loading=\"lazy\" decoding=\"async\" width=\"100\" height=\"100\" src=\"https:\/\/rutesentrerefugis.com\/wp-content\/uploads\/2023\/02\/Ferran-Alexandri-Cartell-NW.jpg\" class=\"attachment-full size-full wp-image-7321\" alt=\"\" \/>\t\t\t\t\t\t\t\t\t\t\t\t\t\t\t<\/div>\n\t\t\t\t<\/div>\n\t\t\t\t<div class=\"elementor-element elementor-element-45f7817 elementor-widget elementor-widget-text-editor\" data-id=\"45f7817\" data-element_type=\"widget\" data-e-type=\"widget\" data-widget_type=\"text-editor.default\">\n\t\t\t\t<div class=\"elementor-widget-container\">\n\t\t\t\t\t\t\t\t\t<h4>FERRAN ALEXANDRI<\/h4>\n<h5>Profesor y editor, licenciado en filolog\u00eda catalana por la Universitat de Barcelona (1990). Excursionista, espele\u00f3logo y viajero. Ha publicado TURISME TRANQUIL 1 y TURISME TRANQUIL 2 (2006), dos vol\u00famenes con 90 itinerarios de monta\u00f1a y 90 establecimientos (refugios, monasterios y casas rurales) de Catalu\u00f1a. En el terreno de la espeleolog\u00eda ha publicado EXCURSIONS A L&#8217;INTERIOR DE LA TERRA (2011), una gu\u00eda para conocer diferentes cuevas y simas de nuestro pa\u00eds. Sobre comarcas y parajes de Catalu\u00f1a, es autor de dos obras: 1001 CURIOSITATS DELS PIRINEUS CATALANS (2016) y 1001 CURIOSITATS DEL ROM\u00c0NIC CATAL\u00c0 (2018), una colecci\u00f3n dentro de la cual actualmente est\u00e1 redactando las 1001 CURIOSITATS DELS PARCS NATURALS CATALANS. Desde el 2004, es el director y editor de la revista MUNTANYA del Centre Excursionista de Catalunya, donde ha publicado diversas entrevistas a monta\u00f1eros y alpinistas, y tambi\u00e9n numerosos art\u00edculos y reportajes, tanto de lugares de la Pen\u00ednsula como de monta\u00f1as lejanas de los pa\u00edses donde ha viajado.<\/h5>\t\t\t\t\t\t\t\t<\/div>\n\t\t\t\t<\/div>\n\t\t\t\t\t<\/div>\n\t\t<\/div>\n\t\t\t\t\t<\/div>\n\t\t<\/section>\n\t\t\t\t<section class=\"elementor-section elementor-top-section elementor-element elementor-element-aec3cc3 elementor-section-full_width elementor-section-height-default elementor-section-height-default\" data-id=\"aec3cc3\" data-element_type=\"section\" data-e-type=\"section\">\n\t\t\t\t\t\t<div class=\"elementor-container elementor-column-gap-default\">\n\t\t\t\t\t<div class=\"elementor-column elementor-col-100 elementor-top-column elementor-element elementor-element-8b917ef\" data-id=\"8b917ef\" data-element_type=\"column\" data-e-type=\"column\">\n\t\t\t<div class=\"elementor-widget-wrap elementor-element-populated\">\n\t\t\t\t\t\t<div class=\"elementor-element elementor-element-55e1d57 elementor-widget elementor-widget-spacer\" data-id=\"55e1d57\" data-element_type=\"widget\" data-e-type=\"widget\" data-widget_type=\"spacer.default\">\n\t\t\t\t<div class=\"elementor-widget-container\">\n\t\t\t\t\t\t\t<div class=\"elementor-spacer\">\n\t\t\t<div class=\"elementor-spacer-inner\"><\/div>\n\t\t<\/div>\n\t\t\t\t\t\t<\/div>\n\t\t\t\t<\/div>\n\t\t\t\t\t<\/div>\n\t\t<\/div>\n\t\t\t\t\t<\/div>\n\t\t<\/section>\n\t\t\t\t<section class=\"elementor-section elementor-top-section elementor-element elementor-element-ba5a911 elementor-section-full_width elementor-section-height-default elementor-section-height-default\" data-id=\"ba5a911\" data-element_type=\"section\" data-e-type=\"section\">\n\t\t\t\t\t\t<div class=\"elementor-container elementor-column-gap-default\">\n\t\t\t\t\t<div class=\"elementor-column elementor-col-100 elementor-top-column elementor-element elementor-element-6599b13\" data-id=\"6599b13\" data-element_type=\"column\" data-e-type=\"column\">\n\t\t\t<div class=\"elementor-widget-wrap elementor-element-populated\">\n\t\t\t\t\t\t<div class=\"elementor-element elementor-element-2f736f8 elementor-widget elementor-widget-heading\" data-id=\"2f736f8\" data-element_type=\"widget\" data-e-type=\"widget\" data-widget_type=\"heading.default\">\n\t\t\t\t<div class=\"elementor-widget-container\">\n\t\t\t\t\t<h5 class=\"elementor-heading-title elementor-size-default\"><font color=\"#999999\"><u>Por si quieres compartir esta columna<\/u><\/font><\/h5>\t\t\t\t<\/div>\n\t\t\t\t<\/div>\n\t\t\t\t\t<\/div>\n\t\t<\/div>\n\t\t\t\t\t<\/div>\n\t\t<\/section>\n\t\t\t\t<section class=\"elementor-section elementor-top-section elementor-element elementor-element-bd545f9 elementor-section-full_width elementor-section-height-default elementor-section-height-default\" data-id=\"bd545f9\" data-element_type=\"section\" data-e-type=\"section\">\n\t\t\t\t\t\t<div class=\"elementor-container elementor-column-gap-default\">\n\t\t\t\t\t<div class=\"elementor-column elementor-col-100 elementor-top-column elementor-element elementor-element-9db2400\" data-id=\"9db2400\" data-element_type=\"column\" data-e-type=\"column\">\n\t\t\t<div class=\"elementor-widget-wrap elementor-element-populated\">\n\t\t\t\t\t\t<div class=\"elementor-element elementor-element-20b91ca elementor-share-buttons--view-icon elementor-share-buttons--skin-framed elementor-share-buttons--shape-circle elementor-share-buttons--color-custom elementor-grid-0 elementor-widget elementor-widget-share-buttons\" data-id=\"20b91ca\" data-element_type=\"widget\" data-e-type=\"widget\" data-widget_type=\"share-buttons.default\">\n\t\t\t\t<div class=\"elementor-widget-container\">\n\t\t\t\t\t\t\t<div class=\"elementor-grid\" role=\"list\">\n\t\t\t\t\t\t\t\t<div class=\"elementor-grid-item\" role=\"listitem\">\n\t\t\t\t\t\t<div class=\"elementor-share-btn elementor-share-btn_facebook\" role=\"button\" tabindex=\"0\" aria-label=\"Compartir en facebook\">\n\t\t\t\t\t\t\t\t\t\t\t\t\t\t\t<span class=\"elementor-share-btn__icon\">\n\t\t\t\t\t\t\t\t<i class=\"fab fa-facebook\" aria-hidden=\"true\"><\/i>\t\t\t\t\t\t\t<\/span>\n\t\t\t\t\t\t\t\t\t\t\t\t\t\t\t\t\t\t\t\t<\/div>\n\t\t\t\t\t<\/div>\n\t\t\t\t\t\t\t\t\t<div class=\"elementor-grid-item\" role=\"listitem\">\n\t\t\t\t\t\t<div class=\"elementor-share-btn elementor-share-btn_twitter\" role=\"button\" tabindex=\"0\" aria-label=\"Compartir en twitter\">\n\t\t\t\t\t\t\t\t\t\t\t\t\t\t\t<span class=\"elementor-share-btn__icon\">\n\t\t\t\t\t\t\t\t<i class=\"fab fa-twitter\" aria-hidden=\"true\"><\/i>\t\t\t\t\t\t\t<\/span>\n\t\t\t\t\t\t\t\t\t\t\t\t\t\t\t\t\t\t\t\t<\/div>\n\t\t\t\t\t<\/div>\n\t\t\t\t\t\t\t\t\t<div class=\"elementor-grid-item\" role=\"listitem\">\n\t\t\t\t\t\t<div class=\"elementor-share-btn elementor-share-btn_telegram\" role=\"button\" tabindex=\"0\" aria-label=\"Compartir en telegram\">\n\t\t\t\t\t\t\t\t\t\t\t\t\t\t\t<span class=\"elementor-share-btn__icon\">\n\t\t\t\t\t\t\t\t<i class=\"fab fa-telegram\" aria-hidden=\"true\"><\/i>\t\t\t\t\t\t\t<\/span>\n\t\t\t\t\t\t\t\t\t\t\t\t\t\t\t\t\t\t\t\t<\/div>\n\t\t\t\t\t<\/div>\n\t\t\t\t\t\t\t\t\t<div class=\"elementor-grid-item\" role=\"listitem\">\n\t\t\t\t\t\t<div class=\"elementor-share-btn elementor-share-btn_pinterest\" role=\"button\" tabindex=\"0\" aria-label=\"Compartir en pinterest\">\n\t\t\t\t\t\t\t\t\t\t\t\t\t\t\t<span class=\"elementor-share-btn__icon\">\n\t\t\t\t\t\t\t\t<i class=\"fab fa-pinterest\" aria-hidden=\"true\"><\/i>\t\t\t\t\t\t\t<\/span>\n\t\t\t\t\t\t\t\t\t\t\t\t\t\t\t\t\t\t\t\t<\/div>\n\t\t\t\t\t<\/div>\n\t\t\t\t\t\t\t\t\t<div class=\"elementor-grid-item\" role=\"listitem\">\n\t\t\t\t\t\t<div class=\"elementor-share-btn elementor-share-btn_whatsapp\" role=\"button\" tabindex=\"0\" aria-label=\"Compartir en whatsapp\">\n\t\t\t\t\t\t\t\t\t\t\t\t\t\t\t<span class=\"elementor-share-btn__icon\">\n\t\t\t\t\t\t\t\t<i class=\"fab fa-whatsapp\" aria-hidden=\"true\"><\/i>\t\t\t\t\t\t\t<\/span>\n\t\t\t\t\t\t\t\t\t\t\t\t\t\t\t\t\t\t\t\t<\/div>\n\t\t\t\t\t<\/div>\n\t\t\t\t\t\t\t\t\t<div class=\"elementor-grid-item\" role=\"listitem\">\n\t\t\t\t\t\t<div class=\"elementor-share-btn elementor-share-btn_email\" role=\"button\" tabindex=\"0\" aria-label=\"Compartir en email\">\n\t\t\t\t\t\t\t\t\t\t\t\t\t\t\t<span class=\"elementor-share-btn__icon\">\n\t\t\t\t\t\t\t\t<i class=\"fas fa-envelope\" aria-hidden=\"true\"><\/i>\t\t\t\t\t\t\t<\/span>\n\t\t\t\t\t\t\t\t\t\t\t\t\t\t\t\t\t\t\t\t<\/div>\n\t\t\t\t\t<\/div>\n\t\t\t\t\t\t\t\t\t<div class=\"elementor-grid-item\" role=\"listitem\">\n\t\t\t\t\t\t<div class=\"elementor-share-btn elementor-share-btn_print\" role=\"button\" tabindex=\"0\" aria-label=\"Compartir en print\">\n\t\t\t\t\t\t\t\t\t\t\t\t\t\t\t<span class=\"elementor-share-btn__icon\">\n\t\t\t\t\t\t\t\t<i class=\"fas fa-print\" aria-hidden=\"true\"><\/i>\t\t\t\t\t\t\t<\/span>\n\t\t\t\t\t\t\t\t\t\t\t\t\t\t\t\t\t\t\t\t<\/div>\n\t\t\t\t\t<\/div>\n\t\t\t\t\t\t<\/div>\n\t\t\t\t\t\t<\/div>\n\t\t\t\t<\/div>\n\t\t\t\t\t<\/div>\n\t\t<\/div>\n\t\t\t\t\t<\/div>\n\t\t<\/section>\n\t\t\t\t<section class=\"elementor-section elementor-top-section elementor-element elementor-element-2686f08 elementor-section-full_width elementor-section-height-default elementor-section-height-default\" data-id=\"2686f08\" data-element_type=\"section\" data-e-type=\"section\">\n\t\t\t\t\t\t<div class=\"elementor-container elementor-column-gap-default\">\n\t\t\t\t\t<div class=\"elementor-column elementor-col-100 elementor-top-column elementor-element elementor-element-1a0fabf\" data-id=\"1a0fabf\" data-element_type=\"column\" data-e-type=\"column\">\n\t\t\t<div class=\"elementor-widget-wrap elementor-element-populated\">\n\t\t\t\t\t\t<div class=\"elementor-element elementor-element-d1a5ea4 elementor-widget elementor-widget-spacer\" data-id=\"d1a5ea4\" data-element_type=\"widget\" data-e-type=\"widget\" data-widget_type=\"spacer.default\">\n\t\t\t\t<div class=\"elementor-widget-container\">\n\t\t\t\t\t\t\t<div class=\"elementor-spacer\">\n\t\t\t<div class=\"elementor-spacer-inner\"><\/div>\n\t\t<\/div>\n\t\t\t\t\t\t<\/div>\n\t\t\t\t<\/div>\n\t\t\t\t\t<\/div>\n\t\t<\/div>\n\t\t\t\t\t<\/div>\n\t\t<\/section>\n\t\t\t\t<section class=\"elementor-section elementor-top-section elementor-element elementor-element-0132f83 elementor-section-full_width elementor-section-height-default elementor-section-height-default\" data-id=\"0132f83\" data-element_type=\"section\" data-e-type=\"section\">\n\t\t\t\t\t\t<div class=\"elementor-container elementor-column-gap-default\">\n\t\t\t\t\t<div class=\"elementor-column elementor-col-100 elementor-top-column elementor-element elementor-element-229327d\" data-id=\"229327d\" data-element_type=\"column\" data-e-type=\"column\">\n\t\t\t<div class=\"elementor-widget-wrap elementor-element-populated\">\n\t\t\t\t\t\t<div class=\"elementor-element elementor-element-b62ed63 elementor-widget-divider--view-line elementor-widget elementor-widget-divider\" data-id=\"b62ed63\" data-element_type=\"widget\" data-e-type=\"widget\" data-widget_type=\"divider.default\">\n\t\t\t\t<div class=\"elementor-widget-container\">\n\t\t\t\t\t\t\t<div class=\"elementor-divider\">\n\t\t\t<span class=\"elementor-divider-separator\">\n\t\t\t\t\t\t<\/span>\n\t\t<\/div>\n\t\t\t\t\t\t<\/div>\n\t\t\t\t<\/div>\n\t\t\t\t\t<\/div>\n\t\t<\/div>\n\t\t\t\t\t<\/div>\n\t\t<\/section>\n\t\t\t\t<section class=\"elementor-section elementor-top-section elementor-element elementor-element-c39983e elementor-section-full_width elementor-section-height-default elementor-section-height-default\" data-id=\"c39983e\" data-element_type=\"section\" data-e-type=\"section\">\n\t\t\t\t\t\t<div class=\"elementor-container elementor-column-gap-default\">\n\t\t\t\t\t<div class=\"elementor-column elementor-col-100 elementor-top-column elementor-element elementor-element-fa8f63a\" data-id=\"fa8f63a\" data-element_type=\"column\" data-e-type=\"column\">\n\t\t\t<div class=\"elementor-widget-wrap elementor-element-populated\">\n\t\t\t\t\t\t<div class=\"elementor-element elementor-element-6eafcef elementor-widget elementor-widget-heading\" data-id=\"6eafcef\" data-element_type=\"widget\" data-e-type=\"widget\" data-widget_type=\"heading.default\">\n\t\t\t\t<div class=\"elementor-widget-container\">\n\t\t\t\t\t<h2 class=\"elementor-heading-title elementor-size-default\"><u>ART\u00cdCULOS PUBLICADOS POR EL AUTOR<\/u><\/h2>\t\t\t\t<\/div>\n\t\t\t\t<\/div>\n\t\t\t\t\t<\/div>\n\t\t<\/div>\n\t\t\t\t\t<\/div>\n\t\t<\/section>\n\t\t\t\t<section class=\"elementor-section elementor-top-section elementor-element elementor-element-2dd77e8 elementor-section-full_width elementor-section-height-default elementor-section-height-default\" data-id=\"2dd77e8\" data-element_type=\"section\" data-e-type=\"section\">\n\t\t\t\t\t\t<div class=\"elementor-container elementor-column-gap-default\">\n\t\t\t\t\t<div class=\"elementor-column elementor-col-100 elementor-top-column elementor-element elementor-element-fd3f2e4\" data-id=\"fd3f2e4\" data-element_type=\"column\" data-e-type=\"column\">\n\t\t\t<div class=\"elementor-widget-wrap elementor-element-populated\">\n\t\t\t\t\t\t<div class=\"elementor-element elementor-element-dcc124d elementor-widget elementor-widget-spacer\" data-id=\"dcc124d\" data-element_type=\"widget\" data-e-type=\"widget\" data-widget_type=\"spacer.default\">\n\t\t\t\t<div class=\"elementor-widget-container\">\n\t\t\t\t\t\t\t<div class=\"elementor-spacer\">\n\t\t\t<div class=\"elementor-spacer-inner\"><\/div>\n\t\t<\/div>\n\t\t\t\t\t\t<\/div>\n\t\t\t\t<\/div>\n\t\t\t\t\t<\/div>\n\t\t<\/div>\n\t\t\t\t\t<\/div>\n\t\t<\/section>\n\t\t\t\t<section class=\"elementor-section elementor-top-section elementor-element elementor-element-739b617 elementor-section-full_width elementor-section-height-default elementor-section-height-default\" data-id=\"739b617\" data-element_type=\"section\" data-e-type=\"section\">\n\t\t\t\t\t\t<div class=\"elementor-container elementor-column-gap-default\">\n\t\t\t\t\t<div class=\"elementor-column elementor-col-100 elementor-top-column elementor-element elementor-element-ea32f56\" data-id=\"ea32f56\" data-element_type=\"column\" data-e-type=\"column\">\n\t\t\t<div class=\"elementor-widget-wrap elementor-element-populated\">\n\t\t\t\t\t\t<div class=\"elementor-element elementor-element-60c689f elementor-grid-5 elementor-grid-tablet-2 elementor-grid-mobile-1 elementor-posts--thumbnail-top elementor-widget elementor-widget-posts\" data-id=\"60c689f\" data-element_type=\"widget\" data-e-type=\"widget\" data-settings=\"{&quot;classic_columns&quot;:&quot;5&quot;,&quot;classic_columns_tablet&quot;:&quot;2&quot;,&quot;classic_columns_mobile&quot;:&quot;1&quot;,&quot;classic_row_gap&quot;:{&quot;unit&quot;:&quot;px&quot;,&quot;size&quot;:35,&quot;sizes&quot;:[]},&quot;classic_row_gap_tablet&quot;:{&quot;unit&quot;:&quot;px&quot;,&quot;size&quot;:&quot;&quot;,&quot;sizes&quot;:[]},&quot;classic_row_gap_mobile&quot;:{&quot;unit&quot;:&quot;px&quot;,&quot;size&quot;:&quot;&quot;,&quot;sizes&quot;:[]}}\" data-widget_type=\"posts.classic\">\n\t\t\t\t<div class=\"elementor-widget-container\">\n\t\t\t\t\t\t\t<div class=\"elementor-posts-container elementor-posts elementor-posts--skin-classic elementor-grid\" role=\"list\">\n\t\t\t\t<article class=\"elementor-post elementor-grid-item post-7333 post type-post status-publish format-standard has-post-thumbnail hentry category-blog-es category-ferran-alexandri-es-es tag-cavall-bernat-es tag-columnas-es tag-columnes-es tag-els-cavalls-bernats-dels-paisos-catalans-es tag-ferran-alexandri-es tag-la-joventut-de-bacus-es tag-les-tebaides-es tag-montserrat-es tag-parc-natural-de-montserrat-es tag-sant-llorenc-del-munt-i-serra-de-lobac-es tag-serra-de-llaberia-es tag-william-adolphe-bouguereau-es\" role=\"listitem\">\n\t\t\t\t<a class=\"elementor-post__thumbnail__link\" href=\"https:\/\/rutesentrerefugis.com\/index.php\/es\/2021\/05\/13\/los-cavalls-bernats-de-los-paisos-catalans\/\" tabindex=\"-1\" >\n\t\t\t<div class=\"elementor-post__thumbnail\"><img loading=\"lazy\" decoding=\"async\" width=\"1212\" height=\"800\" src=\"https:\/\/rutesentrerefugis.com\/wp-content\/uploads\/2023\/02\/Cavalls-Bernats-Paisos-Catalans-Inici-NW.jpg\" class=\"attachment-full size-full wp-image-7307\" alt=\"\" srcset=\"https:\/\/rutesentrerefugis.com\/wp-content\/uploads\/2023\/02\/Cavalls-Bernats-Paisos-Catalans-Inici-NW.jpg 1212w, https:\/\/rutesentrerefugis.com\/wp-content\/uploads\/2023\/02\/Cavalls-Bernats-Paisos-Catalans-Inici-NW-300x198.jpg 300w, https:\/\/rutesentrerefugis.com\/wp-content\/uploads\/2023\/02\/Cavalls-Bernats-Paisos-Catalans-Inici-NW-1024x676.jpg 1024w, https:\/\/rutesentrerefugis.com\/wp-content\/uploads\/2023\/02\/Cavalls-Bernats-Paisos-Catalans-Inici-NW-768x507.jpg 768w\" sizes=\"(max-width: 1212px) 100vw, 1212px\" \/><\/div>\n\t\t<\/a>\n\t\t\t\t<div class=\"elementor-post__text\">\n\t\t\t\t<h3 class=\"elementor-post__title\">\n\t\t\t<a href=\"https:\/\/rutesentrerefugis.com\/index.php\/es\/2021\/05\/13\/los-cavalls-bernats-de-los-paisos-catalans\/\" >\n\t\t\t\tLOS CAVALLS BERNATS DE LOS PA\u00cfSOS CATALANS\t\t\t<\/a>\n\t\t<\/h3>\n\t\t\t\t<div class=\"elementor-post__meta-data\">\n\t\t\t\t\t<span class=\"elementor-post-date\">\n\t\t\t13\/05\/2021\t\t<\/span>\n\t\t\t\t<\/div>\n\t\t\t\t<\/div>\n\t\t\t\t<\/article>\n\t\t\t\t<article class=\"elementor-post elementor-grid-item post-11207 post type-post status-publish format-standard has-post-thumbnail hentry category-blog-es category-ferran-alexandri-es-es tag-cronicas-ca-es tag-cronicas-de-mali-y-burkina-faso-es tag-croniques-ca-es tag-croniques-de-mali-i-burkina-faso-es tag-ferran-alexandri-es\" role=\"listitem\">\n\t\t\t\t<a class=\"elementor-post__thumbnail__link\" href=\"https:\/\/rutesentrerefugis.com\/index.php\/es\/2021\/02\/09\/cronicas-de-mali-y-burkina-faso\/\" tabindex=\"-1\" >\n\t\t\t<div class=\"elementor-post__thumbnail\"><img loading=\"lazy\" decoding=\"async\" width=\"1200\" height=\"800\" src=\"https:\/\/rutesentrerefugis.com\/wp-content\/uploads\/2023\/03\/Croniques-Mali-Burkina-Faso-Inici-NW.jpg\" class=\"attachment-full size-full wp-image-11164\" alt=\"\" srcset=\"https:\/\/rutesentrerefugis.com\/wp-content\/uploads\/2023\/03\/Croniques-Mali-Burkina-Faso-Inici-NW.jpg 1200w, https:\/\/rutesentrerefugis.com\/wp-content\/uploads\/2023\/03\/Croniques-Mali-Burkina-Faso-Inici-NW-300x200.jpg 300w, https:\/\/rutesentrerefugis.com\/wp-content\/uploads\/2023\/03\/Croniques-Mali-Burkina-Faso-Inici-NW-1024x683.jpg 1024w, https:\/\/rutesentrerefugis.com\/wp-content\/uploads\/2023\/03\/Croniques-Mali-Burkina-Faso-Inici-NW-768x512.jpg 768w\" sizes=\"(max-width: 1200px) 100vw, 1200px\" \/><\/div>\n\t\t<\/a>\n\t\t\t\t<div class=\"elementor-post__text\">\n\t\t\t\t<h3 class=\"elementor-post__title\">\n\t\t\t<a href=\"https:\/\/rutesentrerefugis.com\/index.php\/es\/2021\/02\/09\/cronicas-de-mali-y-burkina-faso\/\" >\n\t\t\t\tCR\u00d3NICAS DE MAL\u00cd Y BURKINA FASO\t\t\t<\/a>\n\t\t<\/h3>\n\t\t\t\t<div class=\"elementor-post__meta-data\">\n\t\t\t\t\t<span class=\"elementor-post-date\">\n\t\t\t09\/02\/2021\t\t<\/span>\n\t\t\t\t<\/div>\n\t\t\t\t<\/div>\n\t\t\t\t<\/article>\n\t\t\t\t<article class=\"elementor-post elementor-grid-item post-9184 post type-post status-publish format-standard has-post-thumbnail hentry category-blog-es category-ferran-alexandri-es-es tag-columnas-es tag-columnes-es tag-ferran-alexandri-es tag-revista-muntanya-ca-es\" role=\"listitem\">\n\t\t\t\t<a class=\"elementor-post__thumbnail__link\" href=\"https:\/\/rutesentrerefugis.com\/index.php\/es\/2020\/10\/13\/50-anos-de-la-revista-muntanya-1970-2020\/\" tabindex=\"-1\" >\n\t\t\t<div class=\"elementor-post__thumbnail\"><img loading=\"lazy\" decoding=\"async\" width=\"1200\" height=\"800\" src=\"https:\/\/rutesentrerefugis.com\/wp-content\/uploads\/2023\/03\/Muntanya-50-Anys-Inici-NW.jpg\" class=\"attachment-full size-full wp-image-9170\" alt=\"\" srcset=\"https:\/\/rutesentrerefugis.com\/wp-content\/uploads\/2023\/03\/Muntanya-50-Anys-Inici-NW.jpg 1200w, https:\/\/rutesentrerefugis.com\/wp-content\/uploads\/2023\/03\/Muntanya-50-Anys-Inici-NW-300x200.jpg 300w, https:\/\/rutesentrerefugis.com\/wp-content\/uploads\/2023\/03\/Muntanya-50-Anys-Inici-NW-1024x683.jpg 1024w, https:\/\/rutesentrerefugis.com\/wp-content\/uploads\/2023\/03\/Muntanya-50-Anys-Inici-NW-768x512.jpg 768w\" sizes=\"(max-width: 1200px) 100vw, 1200px\" \/><\/div>\n\t\t<\/a>\n\t\t\t\t<div class=\"elementor-post__text\">\n\t\t\t\t<h3 class=\"elementor-post__title\">\n\t\t\t<a href=\"https:\/\/rutesentrerefugis.com\/index.php\/es\/2020\/10\/13\/50-anos-de-la-revista-muntanya-1970-2020\/\" >\n\t\t\t\t50 A\u00d1OS DE LA REVISTA MUNTANYA (1970-2020)\t\t\t<\/a>\n\t\t<\/h3>\n\t\t\t\t<div class=\"elementor-post__meta-data\">\n\t\t\t\t\t<span class=\"elementor-post-date\">\n\t\t\t13\/10\/2020\t\t<\/span>\n\t\t\t\t<\/div>\n\t\t\t\t<\/div>\n\t\t\t\t<\/article>\n\t\t\t\t<article class=\"elementor-post elementor-grid-item post-9211 post type-post status-publish format-standard has-post-thumbnail hentry category-blog-es category-ferran-alexandri-es-es tag-columnas-es tag-columnes-es tag-els-espais-naturals-protegits-de-catalunya-es tag-ferran-alexandri-es\" role=\"listitem\">\n\t\t\t\t<a class=\"elementor-post__thumbnail__link\" href=\"https:\/\/rutesentrerefugis.com\/index.php\/es\/2020\/05\/15\/els-espais-naturals-protegits-de-catalunya-es\/\" tabindex=\"-1\" >\n\t\t\t<div class=\"elementor-post__thumbnail\"><img loading=\"lazy\" decoding=\"async\" width=\"1200\" height=\"800\" src=\"https:\/\/rutesentrerefugis.com\/wp-content\/uploads\/2023\/03\/Espais-Naturals-Catalunya-Inici-NW.jpg\" class=\"attachment-full size-full wp-image-9202\" alt=\"\" srcset=\"https:\/\/rutesentrerefugis.com\/wp-content\/uploads\/2023\/03\/Espais-Naturals-Catalunya-Inici-NW.jpg 1200w, https:\/\/rutesentrerefugis.com\/wp-content\/uploads\/2023\/03\/Espais-Naturals-Catalunya-Inici-NW-300x200.jpg 300w, https:\/\/rutesentrerefugis.com\/wp-content\/uploads\/2023\/03\/Espais-Naturals-Catalunya-Inici-NW-1024x683.jpg 1024w, https:\/\/rutesentrerefugis.com\/wp-content\/uploads\/2023\/03\/Espais-Naturals-Catalunya-Inici-NW-768x512.jpg 768w\" sizes=\"(max-width: 1200px) 100vw, 1200px\" \/><\/div>\n\t\t<\/a>\n\t\t\t\t<div class=\"elementor-post__text\">\n\t\t\t\t<h3 class=\"elementor-post__title\">\n\t\t\t<a href=\"https:\/\/rutesentrerefugis.com\/index.php\/es\/2020\/05\/15\/els-espais-naturals-protegits-de-catalunya-es\/\" >\n\t\t\t\tELS ESPAIS NATURALS PROTEGITS DE CATALUNYA\t\t\t<\/a>\n\t\t<\/h3>\n\t\t\t\t<div class=\"elementor-post__meta-data\">\n\t\t\t\t\t<span class=\"elementor-post-date\">\n\t\t\t15\/05\/2020\t\t<\/span>\n\t\t\t\t<\/div>\n\t\t\t\t<\/div>\n\t\t\t\t<\/article>\n\t\t\t\t<article class=\"elementor-post elementor-grid-item post-7357 post type-post status-publish format-standard has-post-thumbnail hentry category-blog-es category-ferran-alexandri-es-es tag-cavall-bernat-es tag-cavall-bernat-de-llaberia-es tag-coll-de-guix-es tag-colldejou-es tag-columnas-es tag-columnes-es tag-creu-de-llaberia-es tag-ferran-alexandri-es tag-la-miranda-es tag-pratdip-es tag-serra-de-llaberia-es\" role=\"listitem\">\n\t\t\t\t<a class=\"elementor-post__thumbnail__link\" href=\"https:\/\/rutesentrerefugis.com\/index.php\/es\/2020\/02\/29\/cavall-bernat-de-llaberia-840-m-es\/\" tabindex=\"-1\" >\n\t\t\t<div class=\"elementor-post__thumbnail\"><img loading=\"lazy\" decoding=\"async\" width=\"1200\" height=\"800\" src=\"https:\/\/rutesentrerefugis.com\/wp-content\/uploads\/2023\/02\/Serra-Llaberia-Inici-NW.jpg\" class=\"attachment-full size-full wp-image-7347\" alt=\"\" srcset=\"https:\/\/rutesentrerefugis.com\/wp-content\/uploads\/2023\/02\/Serra-Llaberia-Inici-NW.jpg 1200w, https:\/\/rutesentrerefugis.com\/wp-content\/uploads\/2023\/02\/Serra-Llaberia-Inici-NW-300x200.jpg 300w, https:\/\/rutesentrerefugis.com\/wp-content\/uploads\/2023\/02\/Serra-Llaberia-Inici-NW-1024x683.jpg 1024w, https:\/\/rutesentrerefugis.com\/wp-content\/uploads\/2023\/02\/Serra-Llaberia-Inici-NW-768x512.jpg 768w\" sizes=\"(max-width: 1200px) 100vw, 1200px\" \/><\/div>\n\t\t<\/a>\n\t\t\t\t<div class=\"elementor-post__text\">\n\t\t\t\t<h3 class=\"elementor-post__title\">\n\t\t\t<a href=\"https:\/\/rutesentrerefugis.com\/index.php\/es\/2020\/02\/29\/cavall-bernat-de-llaberia-840-m-es\/\" >\n\t\t\t\tCAVALL BERNAT DE LLABERIA (840 m)\t\t\t<\/a>\n\t\t<\/h3>\n\t\t\t\t<div class=\"elementor-post__meta-data\">\n\t\t\t\t\t<span class=\"elementor-post-date\">\n\t\t\t29\/02\/2020\t\t<\/span>\n\t\t\t\t<\/div>\n\t\t\t\t<\/div>\n\t\t\t\t<\/article>\n\t\t\t\t<article class=\"elementor-post elementor-grid-item post-11763 post type-post status-publish format-standard has-post-thumbnail hentry category-blog-es category-ferran-alexandri-es-es tag-cronicas-ca-es tag-croniques-ca-es tag-els-camins-de-la-palma-es tag-ferran-alexandri-es tag-los-caminos-de-la-palma-es\" role=\"listitem\">\n\t\t\t\t<a class=\"elementor-post__thumbnail__link\" href=\"https:\/\/rutesentrerefugis.com\/index.php\/es\/2019\/06\/21\/los-caminos-de-la-palma\/\" tabindex=\"-1\" >\n\t\t\t<div class=\"elementor-post__thumbnail\"><img loading=\"lazy\" decoding=\"async\" width=\"1200\" height=\"800\" src=\"https:\/\/rutesentrerefugis.com\/wp-content\/uploads\/2023\/03\/La-Palma-Inici-NW.jpg\" class=\"attachment-full size-full wp-image-11725\" alt=\"\" srcset=\"https:\/\/rutesentrerefugis.com\/wp-content\/uploads\/2023\/03\/La-Palma-Inici-NW.jpg 1200w, https:\/\/rutesentrerefugis.com\/wp-content\/uploads\/2023\/03\/La-Palma-Inici-NW-300x200.jpg 300w, https:\/\/rutesentrerefugis.com\/wp-content\/uploads\/2023\/03\/La-Palma-Inici-NW-1024x683.jpg 1024w, https:\/\/rutesentrerefugis.com\/wp-content\/uploads\/2023\/03\/La-Palma-Inici-NW-768x512.jpg 768w\" sizes=\"(max-width: 1200px) 100vw, 1200px\" \/><\/div>\n\t\t<\/a>\n\t\t\t\t<div class=\"elementor-post__text\">\n\t\t\t\t<h3 class=\"elementor-post__title\">\n\t\t\t<a href=\"https:\/\/rutesentrerefugis.com\/index.php\/es\/2019\/06\/21\/los-caminos-de-la-palma\/\" >\n\t\t\t\tLOS CAMINOS DE LA PALMA\t\t\t<\/a>\n\t\t<\/h3>\n\t\t\t\t<div class=\"elementor-post__meta-data\">\n\t\t\t\t\t<span class=\"elementor-post-date\">\n\t\t\t21\/06\/2019\t\t<\/span>\n\t\t\t\t<\/div>\n\t\t\t\t<\/div>\n\t\t\t\t<\/article>\n\t\t\t\t<\/div>\n\t\t\n\t\t\t\t\t\t<\/div>\n\t\t\t\t<\/div>\n\t\t\t\t\t<\/div>\n\t\t<\/div>\n\t\t\t\t\t<\/div>\n\t\t<\/section>\n\t\t\t\t<section class=\"elementor-section elementor-top-section elementor-element elementor-element-a021424 elementor-section-full_width elementor-section-height-default elementor-section-height-default\" data-id=\"a021424\" data-element_type=\"section\" data-e-type=\"section\">\n\t\t\t\t\t\t<div class=\"elementor-container elementor-column-gap-default\">\n\t\t\t\t\t<div class=\"elementor-column elementor-col-100 elementor-top-column elementor-element elementor-element-566ecfd\" data-id=\"566ecfd\" data-element_type=\"column\" data-e-type=\"column\">\n\t\t\t<div class=\"elementor-widget-wrap elementor-element-populated\">\n\t\t\t\t\t\t<div class=\"elementor-element elementor-element-985f0fd elementor-widget-divider--view-line elementor-widget elementor-widget-divider\" data-id=\"985f0fd\" data-element_type=\"widget\" data-e-type=\"widget\" data-widget_type=\"divider.default\">\n\t\t\t\t<div class=\"elementor-widget-container\">\n\t\t\t\t\t\t\t<div class=\"elementor-divider\">\n\t\t\t<span class=\"elementor-divider-separator\">\n\t\t\t\t\t\t<\/span>\n\t\t<\/div>\n\t\t\t\t\t\t<\/div>\n\t\t\t\t<\/div>\n\t\t\t\t\t<\/div>\n\t\t<\/div>\n\t\t\t\t\t<\/div>\n\t\t<\/section>\n\t\t\t\t<section class=\"elementor-section elementor-top-section elementor-element elementor-element-3c73041 elementor-section-full_width elementor-section-height-default elementor-section-height-default\" data-id=\"3c73041\" data-element_type=\"section\" data-e-type=\"section\">\n\t\t\t\t\t\t<div class=\"elementor-container elementor-column-gap-default\">\n\t\t\t\t\t<div class=\"elementor-column elementor-col-100 elementor-top-column elementor-element elementor-element-1c10c07\" data-id=\"1c10c07\" data-element_type=\"column\" data-e-type=\"column\">\n\t\t\t<div class=\"elementor-widget-wrap elementor-element-populated\">\n\t\t\t\t\t\t<div class=\"elementor-element elementor-element-d392998 elementor-widget elementor-widget-spacer\" data-id=\"d392998\" data-element_type=\"widget\" data-e-type=\"widget\" data-widget_type=\"spacer.default\">\n\t\t\t\t<div class=\"elementor-widget-container\">\n\t\t\t\t\t\t\t<div class=\"elementor-spacer\">\n\t\t\t<div class=\"elementor-spacer-inner\"><\/div>\n\t\t<\/div>\n\t\t\t\t\t\t<\/div>\n\t\t\t\t<\/div>\n\t\t\t\t\t<\/div>\n\t\t<\/div>\n\t\t\t\t\t<\/div>\n\t\t<\/section>\n\t\t\t\t<\/div>\n\t\t","protected":false},"excerpt":{"rendered":"<p>CAVALL BERNAT DE LLABERIA (840 m) Columna escrita por FERRAN ALEXANDRI Situado entre los municipios de Colldejou y Pratdip, el Cavall Bernat de Llaberia es<\/p>\n","protected":false},"author":14,"featured_media":7347,"comment_status":"open","ping_status":"open","sticky":false,"template":"elementor_header_footer","format":"standard","meta":{"_monsterinsights_skip_tracking":false,"_monsterinsights_sitenote_active":false,"_monsterinsights_sitenote_note":"","_monsterinsights_sitenote_category":0,"footnotes":""},"categories":[5126,5548],"tags":[6110,6142,6144,6146,5226,5228,6148,5552,6150,6152,6122],"class_list":["post-7357","post","type-post","status-publish","format-standard","has-post-thumbnail","hentry","category-blog-es","category-ferran-alexandri-es-es","tag-cavall-bernat-es","tag-cavall-bernat-de-llaberia-es","tag-coll-de-guix-es","tag-colldejou-es","tag-columnas-es","tag-columnes-es","tag-creu-de-llaberia-es","tag-ferran-alexandri-es","tag-la-miranda-es","tag-pratdip-es","tag-serra-de-llaberia-es"],"yoast_head":"<!-- This site is optimized with the Yoast SEO plugin v27.5 - https:\/\/yoast.com\/product\/yoast-seo-wordpress\/ -->\n<title>CAVALL BERNAT DE LLABERIA (840 m) - Rutes Entre Refugis<\/title>\n<meta name=\"robots\" content=\"index, follow, max-snippet:-1, max-image-preview:large, max-video-preview:-1\" \/>\n<link rel=\"canonical\" href=\"https:\/\/rutesentrerefugis.com\/index.php\/es\/2020\/02\/29\/cavall-bernat-de-llaberia-840-m-es\/\" \/>\n<meta property=\"og:locale\" content=\"es_ES\" \/>\n<meta property=\"og:type\" content=\"article\" \/>\n<meta property=\"og:title\" content=\"CAVALL BERNAT DE LLABERIA (840 m) - Rutes Entre Refugis\" \/>\n<meta property=\"og:description\" content=\"CAVALL BERNAT DE LLABERIA (840 m) Columna escrita por FERRAN ALEXANDRI Situado entre los municipios de Colldejou y Pratdip, el Cavall Bernat de Llaberia es\" \/>\n<meta property=\"og:url\" content=\"https:\/\/rutesentrerefugis.com\/index.php\/es\/2020\/02\/29\/cavall-bernat-de-llaberia-840-m-es\/\" \/>\n<meta property=\"og:site_name\" content=\"Rutes Entre Refugis\" \/>\n<meta property=\"article:published_time\" content=\"2020-02-29T12:14:00+00:00\" \/>\n<meta property=\"article:modified_time\" content=\"2024-04-25T11:54:17+00:00\" \/>\n<meta property=\"og:image\" content=\"https:\/\/rutesentrerefugis.com\/wp-content\/uploads\/2023\/02\/Serra-Llaberia-Inici-NW.jpg\" \/>\n\t<meta property=\"og:image:width\" content=\"1200\" \/>\n\t<meta property=\"og:image:height\" content=\"800\" \/>\n\t<meta property=\"og:image:type\" content=\"image\/jpeg\" \/>\n<meta name=\"author\" content=\"Ferran Alexandri\" \/>\n<meta name=\"twitter:card\" content=\"summary_large_image\" \/>\n<meta name=\"twitter:label1\" content=\"Escrito por\" \/>\n\t<meta name=\"twitter:data1\" content=\"Ferran Alexandri\" \/>\n\t<meta name=\"twitter:label2\" content=\"Tiempo de lectura\" \/>\n\t<meta name=\"twitter:data2\" content=\"10 minutos\" \/>\n<script type=\"application\/ld+json\" class=\"yoast-schema-graph\">{\"@context\":\"https:\\\/\\\/schema.org\",\"@graph\":[{\"@type\":\"Article\",\"@id\":\"https:\\\/\\\/rutesentrerefugis.com\\\/index.php\\\/es\\\/2020\\\/02\\\/29\\\/cavall-bernat-de-llaberia-840-m-es\\\/#article\",\"isPartOf\":{\"@id\":\"https:\\\/\\\/rutesentrerefugis.com\\\/index.php\\\/es\\\/2020\\\/02\\\/29\\\/cavall-bernat-de-llaberia-840-m-es\\\/\"},\"author\":{\"name\":\"Ferran Alexandri\",\"@id\":\"https:\\\/\\\/rutesentrerefugis.com\\\/#\\\/schema\\\/person\\\/073d12ffca5169c94ad0054127e49eec\"},\"headline\":\"CAVALL BERNAT DE LLABERIA (840 m)\",\"datePublished\":\"2020-02-29T12:14:00+00:00\",\"dateModified\":\"2024-04-25T11:54:17+00:00\",\"mainEntityOfPage\":{\"@id\":\"https:\\\/\\\/rutesentrerefugis.com\\\/index.php\\\/es\\\/2020\\\/02\\\/29\\\/cavall-bernat-de-llaberia-840-m-es\\\/\"},\"wordCount\":1404,\"commentCount\":0,\"publisher\":{\"@id\":\"https:\\\/\\\/rutesentrerefugis.com\\\/#organization\"},\"image\":{\"@id\":\"https:\\\/\\\/rutesentrerefugis.com\\\/index.php\\\/es\\\/2020\\\/02\\\/29\\\/cavall-bernat-de-llaberia-840-m-es\\\/#primaryimage\"},\"thumbnailUrl\":\"https:\\\/\\\/rutesentrerefugis.com\\\/wp-content\\\/uploads\\\/2023\\\/02\\\/Serra-Llaberia-Inici-NW.jpg\",\"keywords\":[\"Cavall Bernat\",\"Cavall Bernat de Llaberia\",\"Coll de Guix\",\"Colldejou\",\"Columnas\",\"Columnes\",\"Creu de Llaberia\",\"Ferran Alexandri\",\"La Miranda\",\"Pratdip\",\"Serra de Llaberia\"],\"articleSection\":[\"Blog.\",\"Ferran Alexandri.\"],\"inLanguage\":\"es\",\"potentialAction\":[{\"@type\":\"CommentAction\",\"name\":\"Comment\",\"target\":[\"https:\\\/\\\/rutesentrerefugis.com\\\/index.php\\\/es\\\/2020\\\/02\\\/29\\\/cavall-bernat-de-llaberia-840-m-es\\\/#respond\"]}]},{\"@type\":\"WebPage\",\"@id\":\"https:\\\/\\\/rutesentrerefugis.com\\\/index.php\\\/es\\\/2020\\\/02\\\/29\\\/cavall-bernat-de-llaberia-840-m-es\\\/\",\"url\":\"https:\\\/\\\/rutesentrerefugis.com\\\/index.php\\\/es\\\/2020\\\/02\\\/29\\\/cavall-bernat-de-llaberia-840-m-es\\\/\",\"name\":\"CAVALL BERNAT DE LLABERIA (840 m) - Rutes Entre Refugis\",\"isPartOf\":{\"@id\":\"https:\\\/\\\/rutesentrerefugis.com\\\/#website\"},\"primaryImageOfPage\":{\"@id\":\"https:\\\/\\\/rutesentrerefugis.com\\\/index.php\\\/es\\\/2020\\\/02\\\/29\\\/cavall-bernat-de-llaberia-840-m-es\\\/#primaryimage\"},\"image\":{\"@id\":\"https:\\\/\\\/rutesentrerefugis.com\\\/index.php\\\/es\\\/2020\\\/02\\\/29\\\/cavall-bernat-de-llaberia-840-m-es\\\/#primaryimage\"},\"thumbnailUrl\":\"https:\\\/\\\/rutesentrerefugis.com\\\/wp-content\\\/uploads\\\/2023\\\/02\\\/Serra-Llaberia-Inici-NW.jpg\",\"datePublished\":\"2020-02-29T12:14:00+00:00\",\"dateModified\":\"2024-04-25T11:54:17+00:00\",\"breadcrumb\":{\"@id\":\"https:\\\/\\\/rutesentrerefugis.com\\\/index.php\\\/es\\\/2020\\\/02\\\/29\\\/cavall-bernat-de-llaberia-840-m-es\\\/#breadcrumb\"},\"inLanguage\":\"es\",\"potentialAction\":[{\"@type\":\"ReadAction\",\"target\":[\"https:\\\/\\\/rutesentrerefugis.com\\\/index.php\\\/es\\\/2020\\\/02\\\/29\\\/cavall-bernat-de-llaberia-840-m-es\\\/\"]}]},{\"@type\":\"ImageObject\",\"inLanguage\":\"es\",\"@id\":\"https:\\\/\\\/rutesentrerefugis.com\\\/index.php\\\/es\\\/2020\\\/02\\\/29\\\/cavall-bernat-de-llaberia-840-m-es\\\/#primaryimage\",\"url\":\"https:\\\/\\\/rutesentrerefugis.com\\\/wp-content\\\/uploads\\\/2023\\\/02\\\/Serra-Llaberia-Inici-NW.jpg\",\"contentUrl\":\"https:\\\/\\\/rutesentrerefugis.com\\\/wp-content\\\/uploads\\\/2023\\\/02\\\/Serra-Llaberia-Inici-NW.jpg\",\"width\":1200,\"height\":800},{\"@type\":\"BreadcrumbList\",\"@id\":\"https:\\\/\\\/rutesentrerefugis.com\\\/index.php\\\/es\\\/2020\\\/02\\\/29\\\/cavall-bernat-de-llaberia-840-m-es\\\/#breadcrumb\",\"itemListElement\":[{\"@type\":\"ListItem\",\"position\":1,\"name\":\"Inici\",\"item\":\"https:\\\/\\\/rutesentrerefugis.com\\\/\"},{\"@type\":\"ListItem\",\"position\":2,\"name\":\"CAVALL BERNAT DE LLABERIA (840 m)\"}]},{\"@type\":\"WebSite\",\"@id\":\"https:\\\/\\\/rutesentrerefugis.com\\\/#website\",\"url\":\"https:\\\/\\\/rutesentrerefugis.com\\\/\",\"name\":\"Rutes Entre Refugis\",\"description\":\"Caminant sota un nom\",\"publisher\":{\"@id\":\"https:\\\/\\\/rutesentrerefugis.com\\\/#organization\"},\"potentialAction\":[{\"@type\":\"SearchAction\",\"target\":{\"@type\":\"EntryPoint\",\"urlTemplate\":\"https:\\\/\\\/rutesentrerefugis.com\\\/?s={search_term_string}\"},\"query-input\":{\"@type\":\"PropertyValueSpecification\",\"valueRequired\":true,\"valueName\":\"search_term_string\"}}],\"inLanguage\":\"es\"},{\"@type\":\"Organization\",\"@id\":\"https:\\\/\\\/rutesentrerefugis.com\\\/#organization\",\"name\":\"Rutes Entre Refugis\",\"url\":\"https:\\\/\\\/rutesentrerefugis.com\\\/\",\"logo\":{\"@type\":\"ImageObject\",\"inLanguage\":\"es\",\"@id\":\"https:\\\/\\\/rutesentrerefugis.com\\\/#\\\/schema\\\/logo\\\/image\\\/\",\"url\":\"https:\\\/\\\/rutesentrerefugis.com\\\/wp-content\\\/uploads\\\/2022\\\/08\\\/RutesEntreRefugis-Blanc-Retina-1.png\",\"contentUrl\":\"https:\\\/\\\/rutesentrerefugis.com\\\/wp-content\\\/uploads\\\/2022\\\/08\\\/RutesEntreRefugis-Blanc-Retina-1.png\",\"width\":400,\"height\":400,\"caption\":\"Rutes Entre Refugis\"},\"image\":{\"@id\":\"https:\\\/\\\/rutesentrerefugis.com\\\/#\\\/schema\\\/logo\\\/image\\\/\"}},{\"@type\":\"Person\",\"@id\":\"https:\\\/\\\/rutesentrerefugis.com\\\/#\\\/schema\\\/person\\\/073d12ffca5169c94ad0054127e49eec\",\"name\":\"Ferran Alexandri\",\"image\":{\"@type\":\"ImageObject\",\"inLanguage\":\"es\",\"@id\":\"https:\\\/\\\/rutesentrerefugis.com\\\/wp-content\\\/uploads\\\/2023\\\/05\\\/avatar_user_14_1683353245-96x96.jpg\",\"url\":\"https:\\\/\\\/rutesentrerefugis.com\\\/wp-content\\\/uploads\\\/2023\\\/05\\\/avatar_user_14_1683353245-96x96.jpg\",\"contentUrl\":\"https:\\\/\\\/rutesentrerefugis.com\\\/wp-content\\\/uploads\\\/2023\\\/05\\\/avatar_user_14_1683353245-96x96.jpg\",\"caption\":\"Ferran Alexandri\"},\"url\":\"https:\\\/\\\/rutesentrerefugis.com\\\/index.php\\\/author\\\/ferran-alexandri\\\/\"}]}<\/script>\n<!-- \/ Yoast SEO plugin. -->","yoast_head_json":{"title":"CAVALL BERNAT DE LLABERIA (840 m) - Rutes Entre Refugis","robots":{"index":"index","follow":"follow","max-snippet":"max-snippet:-1","max-image-preview":"max-image-preview:large","max-video-preview":"max-video-preview:-1"},"canonical":"https:\/\/rutesentrerefugis.com\/index.php\/es\/2020\/02\/29\/cavall-bernat-de-llaberia-840-m-es\/","og_locale":"es_ES","og_type":"article","og_title":"CAVALL BERNAT DE LLABERIA (840 m) - Rutes Entre Refugis","og_description":"CAVALL BERNAT DE LLABERIA (840 m) Columna escrita por FERRAN ALEXANDRI Situado entre los municipios de Colldejou y Pratdip, el Cavall Bernat de Llaberia es","og_url":"https:\/\/rutesentrerefugis.com\/index.php\/es\/2020\/02\/29\/cavall-bernat-de-llaberia-840-m-es\/","og_site_name":"Rutes Entre Refugis","article_published_time":"2020-02-29T12:14:00+00:00","article_modified_time":"2024-04-25T11:54:17+00:00","og_image":[{"width":1200,"height":800,"url":"https:\/\/rutesentrerefugis.com\/wp-content\/uploads\/2023\/02\/Serra-Llaberia-Inici-NW.jpg","type":"image\/jpeg"}],"author":"Ferran Alexandri","twitter_card":"summary_large_image","twitter_misc":{"Escrito por":"Ferran Alexandri","Tiempo de lectura":"10 minutos"},"schema":{"@context":"https:\/\/schema.org","@graph":[{"@type":"Article","@id":"https:\/\/rutesentrerefugis.com\/index.php\/es\/2020\/02\/29\/cavall-bernat-de-llaberia-840-m-es\/#article","isPartOf":{"@id":"https:\/\/rutesentrerefugis.com\/index.php\/es\/2020\/02\/29\/cavall-bernat-de-llaberia-840-m-es\/"},"author":{"name":"Ferran Alexandri","@id":"https:\/\/rutesentrerefugis.com\/#\/schema\/person\/073d12ffca5169c94ad0054127e49eec"},"headline":"CAVALL BERNAT DE LLABERIA (840 m)","datePublished":"2020-02-29T12:14:00+00:00","dateModified":"2024-04-25T11:54:17+00:00","mainEntityOfPage":{"@id":"https:\/\/rutesentrerefugis.com\/index.php\/es\/2020\/02\/29\/cavall-bernat-de-llaberia-840-m-es\/"},"wordCount":1404,"commentCount":0,"publisher":{"@id":"https:\/\/rutesentrerefugis.com\/#organization"},"image":{"@id":"https:\/\/rutesentrerefugis.com\/index.php\/es\/2020\/02\/29\/cavall-bernat-de-llaberia-840-m-es\/#primaryimage"},"thumbnailUrl":"https:\/\/rutesentrerefugis.com\/wp-content\/uploads\/2023\/02\/Serra-Llaberia-Inici-NW.jpg","keywords":["Cavall Bernat","Cavall Bernat de Llaberia","Coll de Guix","Colldejou","Columnas","Columnes","Creu de Llaberia","Ferran Alexandri","La Miranda","Pratdip","Serra de Llaberia"],"articleSection":["Blog.","Ferran Alexandri."],"inLanguage":"es","potentialAction":[{"@type":"CommentAction","name":"Comment","target":["https:\/\/rutesentrerefugis.com\/index.php\/es\/2020\/02\/29\/cavall-bernat-de-llaberia-840-m-es\/#respond"]}]},{"@type":"WebPage","@id":"https:\/\/rutesentrerefugis.com\/index.php\/es\/2020\/02\/29\/cavall-bernat-de-llaberia-840-m-es\/","url":"https:\/\/rutesentrerefugis.com\/index.php\/es\/2020\/02\/29\/cavall-bernat-de-llaberia-840-m-es\/","name":"CAVALL BERNAT DE LLABERIA (840 m) - Rutes Entre Refugis","isPartOf":{"@id":"https:\/\/rutesentrerefugis.com\/#website"},"primaryImageOfPage":{"@id":"https:\/\/rutesentrerefugis.com\/index.php\/es\/2020\/02\/29\/cavall-bernat-de-llaberia-840-m-es\/#primaryimage"},"image":{"@id":"https:\/\/rutesentrerefugis.com\/index.php\/es\/2020\/02\/29\/cavall-bernat-de-llaberia-840-m-es\/#primaryimage"},"thumbnailUrl":"https:\/\/rutesentrerefugis.com\/wp-content\/uploads\/2023\/02\/Serra-Llaberia-Inici-NW.jpg","datePublished":"2020-02-29T12:14:00+00:00","dateModified":"2024-04-25T11:54:17+00:00","breadcrumb":{"@id":"https:\/\/rutesentrerefugis.com\/index.php\/es\/2020\/02\/29\/cavall-bernat-de-llaberia-840-m-es\/#breadcrumb"},"inLanguage":"es","potentialAction":[{"@type":"ReadAction","target":["https:\/\/rutesentrerefugis.com\/index.php\/es\/2020\/02\/29\/cavall-bernat-de-llaberia-840-m-es\/"]}]},{"@type":"ImageObject","inLanguage":"es","@id":"https:\/\/rutesentrerefugis.com\/index.php\/es\/2020\/02\/29\/cavall-bernat-de-llaberia-840-m-es\/#primaryimage","url":"https:\/\/rutesentrerefugis.com\/wp-content\/uploads\/2023\/02\/Serra-Llaberia-Inici-NW.jpg","contentUrl":"https:\/\/rutesentrerefugis.com\/wp-content\/uploads\/2023\/02\/Serra-Llaberia-Inici-NW.jpg","width":1200,"height":800},{"@type":"BreadcrumbList","@id":"https:\/\/rutesentrerefugis.com\/index.php\/es\/2020\/02\/29\/cavall-bernat-de-llaberia-840-m-es\/#breadcrumb","itemListElement":[{"@type":"ListItem","position":1,"name":"Inici","item":"https:\/\/rutesentrerefugis.com\/"},{"@type":"ListItem","position":2,"name":"CAVALL BERNAT DE LLABERIA (840 m)"}]},{"@type":"WebSite","@id":"https:\/\/rutesentrerefugis.com\/#website","url":"https:\/\/rutesentrerefugis.com\/","name":"Rutes Entre Refugis","description":"Caminant sota un nom","publisher":{"@id":"https:\/\/rutesentrerefugis.com\/#organization"},"potentialAction":[{"@type":"SearchAction","target":{"@type":"EntryPoint","urlTemplate":"https:\/\/rutesentrerefugis.com\/?s={search_term_string}"},"query-input":{"@type":"PropertyValueSpecification","valueRequired":true,"valueName":"search_term_string"}}],"inLanguage":"es"},{"@type":"Organization","@id":"https:\/\/rutesentrerefugis.com\/#organization","name":"Rutes Entre Refugis","url":"https:\/\/rutesentrerefugis.com\/","logo":{"@type":"ImageObject","inLanguage":"es","@id":"https:\/\/rutesentrerefugis.com\/#\/schema\/logo\/image\/","url":"https:\/\/rutesentrerefugis.com\/wp-content\/uploads\/2022\/08\/RutesEntreRefugis-Blanc-Retina-1.png","contentUrl":"https:\/\/rutesentrerefugis.com\/wp-content\/uploads\/2022\/08\/RutesEntreRefugis-Blanc-Retina-1.png","width":400,"height":400,"caption":"Rutes Entre Refugis"},"image":{"@id":"https:\/\/rutesentrerefugis.com\/#\/schema\/logo\/image\/"}},{"@type":"Person","@id":"https:\/\/rutesentrerefugis.com\/#\/schema\/person\/073d12ffca5169c94ad0054127e49eec","name":"Ferran Alexandri","image":{"@type":"ImageObject","inLanguage":"es","@id":"https:\/\/rutesentrerefugis.com\/wp-content\/uploads\/2023\/05\/avatar_user_14_1683353245-96x96.jpg","url":"https:\/\/rutesentrerefugis.com\/wp-content\/uploads\/2023\/05\/avatar_user_14_1683353245-96x96.jpg","contentUrl":"https:\/\/rutesentrerefugis.com\/wp-content\/uploads\/2023\/05\/avatar_user_14_1683353245-96x96.jpg","caption":"Ferran Alexandri"},"url":"https:\/\/rutesentrerefugis.com\/index.php\/author\/ferran-alexandri\/"}]}},"_links":{"self":[{"href":"https:\/\/rutesentrerefugis.com\/index.php\/wp-json\/wp\/v2\/posts\/7357","targetHints":{"allow":["GET"]}}],"collection":[{"href":"https:\/\/rutesentrerefugis.com\/index.php\/wp-json\/wp\/v2\/posts"}],"about":[{"href":"https:\/\/rutesentrerefugis.com\/index.php\/wp-json\/wp\/v2\/types\/post"}],"author":[{"embeddable":true,"href":"https:\/\/rutesentrerefugis.com\/index.php\/wp-json\/wp\/v2\/users\/14"}],"replies":[{"embeddable":true,"href":"https:\/\/rutesentrerefugis.com\/index.php\/wp-json\/wp\/v2\/comments?post=7357"}],"version-history":[{"count":13,"href":"https:\/\/rutesentrerefugis.com\/index.php\/wp-json\/wp\/v2\/posts\/7357\/revisions"}],"predecessor-version":[{"id":21076,"href":"https:\/\/rutesentrerefugis.com\/index.php\/wp-json\/wp\/v2\/posts\/7357\/revisions\/21076"}],"wp:featuredmedia":[{"embeddable":true,"href":"https:\/\/rutesentrerefugis.com\/index.php\/wp-json\/wp\/v2\/media\/7347"}],"wp:attachment":[{"href":"https:\/\/rutesentrerefugis.com\/index.php\/wp-json\/wp\/v2\/media?parent=7357"}],"wp:term":[{"taxonomy":"category","embeddable":true,"href":"https:\/\/rutesentrerefugis.com\/index.php\/wp-json\/wp\/v2\/categories?post=7357"},{"taxonomy":"post_tag","embeddable":true,"href":"https:\/\/rutesentrerefugis.com\/index.php\/wp-json\/wp\/v2\/tags?post=7357"}],"curies":[{"name":"wp","href":"https:\/\/api.w.org\/{rel}","templated":true}]}}