{"id":8162,"date":"2018-09-27T11:47:00","date_gmt":"2018-09-27T11:47:00","guid":{"rendered":"https:\/\/nova.rutesentrerefugis.com\/?p=8162"},"modified":"2023-11-01T11:56:13","modified_gmt":"2023-11-01T11:56:13","slug":"travessa-costa-brava","status":"publish","type":"post","link":"https:\/\/rutesentrerefugis.com\/index.php\/2018\/09\/27\/travessa-costa-brava\/","title":{"rendered":"TRAVESSA COSTA BRAVA"},"content":{"rendered":"\t\t<div data-elementor-type=\"wp-post\" data-elementor-id=\"8162\" class=\"elementor elementor-8162\" data-elementor-post-type=\"post\">\n\t\t\t\t\t\t<section class=\"elementor-section elementor-top-section elementor-element elementor-element-56de444 elementor-section-full_width elementor-section-height-default elementor-section-height-default\" data-id=\"56de444\" data-element_type=\"section\" data-e-type=\"section\" data-settings=\"{&quot;background_background&quot;:&quot;classic&quot;}\">\n\t\t\t\t\t\t<div class=\"elementor-container elementor-column-gap-default\">\n\t\t\t\t\t<div class=\"elementor-column elementor-col-100 elementor-top-column elementor-element elementor-element-97fcd65\" data-id=\"97fcd65\" data-element_type=\"column\" data-e-type=\"column\">\n\t\t\t<div class=\"elementor-widget-wrap elementor-element-populated\">\n\t\t\t\t\t\t<div class=\"elementor-element elementor-element-9fc429e elementor-widget elementor-widget-image\" data-id=\"9fc429e\" data-element_type=\"widget\" data-e-type=\"widget\" data-widget_type=\"image.default\">\n\t\t\t\t<div class=\"elementor-widget-container\">\n\t\t\t\t\t\t\t\t\t\t\t\t\t\t\t<img fetchpriority=\"high\" decoding=\"async\" width=\"2000\" height=\"450\" src=\"https:\/\/rutesentrerefugis.com\/wp-content\/uploads\/2022\/08\/A-Peu-Inici-NW.jpg\" class=\"attachment-full size-full wp-image-849\" alt=\"Rutes Entre Refugis\" srcset=\"https:\/\/rutesentrerefugis.com\/wp-content\/uploads\/2022\/08\/A-Peu-Inici-NW.jpg 2000w, https:\/\/rutesentrerefugis.com\/wp-content\/uploads\/2022\/08\/A-Peu-Inici-NW-300x68.jpg 300w, https:\/\/rutesentrerefugis.com\/wp-content\/uploads\/2022\/08\/A-Peu-Inici-NW-1024x230.jpg 1024w, https:\/\/rutesentrerefugis.com\/wp-content\/uploads\/2022\/08\/A-Peu-Inici-NW-768x173.jpg 768w, https:\/\/rutesentrerefugis.com\/wp-content\/uploads\/2022\/08\/A-Peu-Inici-NW-1536x346.jpg 1536w\" sizes=\"(max-width: 2000px) 100vw, 2000px\" \/>\t\t\t\t\t\t\t\t\t\t\t\t\t\t\t<\/div>\n\t\t\t\t<\/div>\n\t\t\t\t\t<\/div>\n\t\t<\/div>\n\t\t\t\t\t<\/div>\n\t\t<\/section>\n\t\t\t\t<section class=\"elementor-section elementor-top-section elementor-element elementor-element-8fb9e08 elementor-section-full_width elementor-section-height-default elementor-section-height-default\" data-id=\"8fb9e08\" data-element_type=\"section\" data-e-type=\"section\" data-settings=\"{&quot;background_background&quot;:&quot;classic&quot;}\">\n\t\t\t\t\t\t<div class=\"elementor-container elementor-column-gap-default\">\n\t\t\t\t\t<div class=\"elementor-column elementor-col-100 elementor-top-column elementor-element elementor-element-26b1a68\" data-id=\"26b1a68\" data-element_type=\"column\" data-e-type=\"column\">\n\t\t\t<div class=\"elementor-widget-wrap elementor-element-populated\">\n\t\t\t\t\t\t<div class=\"elementor-element elementor-element-76dc064 elementor-widget elementor-widget-heading\" data-id=\"76dc064\" data-element_type=\"widget\" data-e-type=\"widget\" data-widget_type=\"heading.default\">\n\t\t\t\t<div class=\"elementor-widget-container\">\n\t\t\t\t\t<h1 class=\"elementor-heading-title elementor-size-default\">\u00b7 <font color=\"#000000\">TRAVESSA DE LA COSTA BRAVA<\/font> \u00b7<\/h1>\t\t\t\t<\/div>\n\t\t\t\t<\/div>\n\t\t\t\t\t<\/div>\n\t\t<\/div>\n\t\t\t\t\t<\/div>\n\t\t<\/section>\n\t\t\t\t<section class=\"elementor-section elementor-top-section elementor-element elementor-element-6951ece elementor-section-full_width elementor-section-height-default elementor-section-height-default\" data-id=\"6951ece\" data-element_type=\"section\" data-e-type=\"section\" data-settings=\"{&quot;background_background&quot;:&quot;classic&quot;}\">\n\t\t\t\t\t\t<div class=\"elementor-container elementor-column-gap-default\">\n\t\t\t\t\t<div class=\"elementor-column elementor-col-100 elementor-top-column elementor-element elementor-element-d3e256c\" data-id=\"d3e256c\" data-element_type=\"column\" data-e-type=\"column\">\n\t\t\t<div class=\"elementor-widget-wrap elementor-element-populated\">\n\t\t\t\t\t\t<div class=\"elementor-element elementor-element-556ba83 elementor-widget-divider--view-line elementor-widget elementor-widget-divider\" data-id=\"556ba83\" data-element_type=\"widget\" data-e-type=\"widget\" data-widget_type=\"divider.default\">\n\t\t\t\t<div class=\"elementor-widget-container\">\n\t\t\t\t\t\t\t<div class=\"elementor-divider\">\n\t\t\t<span class=\"elementor-divider-separator\">\n\t\t\t\t\t\t<\/span>\n\t\t<\/div>\n\t\t\t\t\t\t<\/div>\n\t\t\t\t<\/div>\n\t\t\t\t\t<\/div>\n\t\t<\/div>\n\t\t\t\t\t<\/div>\n\t\t<\/section>\n\t\t\t\t<section class=\"elementor-section elementor-top-section elementor-element elementor-element-84829cf elementor-section-full_width elementor-section-height-default elementor-section-height-default\" data-id=\"84829cf\" data-element_type=\"section\" data-e-type=\"section\">\n\t\t\t\t\t\t<div class=\"elementor-container elementor-column-gap-default\">\n\t\t\t\t\t<div class=\"elementor-column elementor-col-100 elementor-top-column elementor-element elementor-element-57cae14\" data-id=\"57cae14\" data-element_type=\"column\" data-e-type=\"column\">\n\t\t\t<div class=\"elementor-widget-wrap elementor-element-populated\">\n\t\t\t\t\t\t<div class=\"elementor-element elementor-element-bb17a24 elementor-widget elementor-widget-spacer\" data-id=\"bb17a24\" data-element_type=\"widget\" data-e-type=\"widget\" data-widget_type=\"spacer.default\">\n\t\t\t\t<div class=\"elementor-widget-container\">\n\t\t\t\t\t\t\t<div class=\"elementor-spacer\">\n\t\t\t<div class=\"elementor-spacer-inner\"><\/div>\n\t\t<\/div>\n\t\t\t\t\t\t<\/div>\n\t\t\t\t<\/div>\n\t\t\t\t\t<\/div>\n\t\t<\/div>\n\t\t\t\t\t<\/div>\n\t\t<\/section>\n\t\t\t\t<section class=\"elementor-section elementor-top-section elementor-element elementor-element-2d893be elementor-section-full_width elementor-section-height-default elementor-section-height-default\" data-id=\"2d893be\" data-element_type=\"section\" data-e-type=\"section\">\n\t\t\t\t\t\t<div class=\"elementor-container elementor-column-gap-default\">\n\t\t\t\t\t<div class=\"elementor-column elementor-col-33 elementor-top-column elementor-element elementor-element-7341d12\" data-id=\"7341d12\" data-element_type=\"column\" data-e-type=\"column\">\n\t\t\t<div class=\"elementor-widget-wrap elementor-element-populated\">\n\t\t\t\t\t\t<div class=\"elementor-element elementor-element-24d0f00 elementor-widget elementor-widget-text-editor\" data-id=\"24d0f00\" data-element_type=\"widget\" data-e-type=\"widget\" data-widget_type=\"text-editor.default\">\n\t\t\t\t<div class=\"elementor-widget-container\">\n\t\t\t\t\t\t\t\t\t<h5><strong><span style=\"color: #b40404;\"><u>UBICACI\u00d3<\/u><\/span><\/strong><\/h5>\n<h6><span style=\"color: #666666;\">Sistema Costaner Catal\u00e0<\/br>\nL&#8217;Ardenya<\/br>\nLes Gavarres<\/br>\nMass\u00eds de Montgr\u00ed<\/br>\nPlana de l&#8217;Empord\u00e0<\/br>\nGolf de Roses<\/br>\nP. N. dels Aiguamolls de l&#8217;Empord\u00e0<\/br>\nParc Natural del Cap de Creus<\/br>\nSerra de l&#8217;Albera<\/br>\nCosta Vermella<\/span><\/h6>\t\t\t\t\t\t\t\t<\/div>\n\t\t\t\t<\/div>\n\t\t\t\t<div class=\"elementor-element elementor-element-eb7cf05 elementor-widget elementor-widget-text-editor\" data-id=\"eb7cf05\" data-element_type=\"widget\" data-e-type=\"widget\" data-widget_type=\"text-editor.default\">\n\t\t\t\t<div class=\"elementor-widget-container\">\n\t\t\t\t\t\t\t\t\t<h5><strong><span style=\"color: #b40404;\"><u>COMARQUES<\/u><\/span><\/strong><\/h5><h6><span style=\"color: #666666;\"><span style=\"caret-color: #666666;\">La Selva<br \/>Baix Empord\u00e0<br \/>Alt Empord\u00e0<br \/>Rossell\u00f3<\/span><\/span><\/h6>\t\t\t\t\t\t\t\t<\/div>\n\t\t\t\t<\/div>\n\t\t\t\t<div class=\"elementor-element elementor-element-ea55cbe elementor-widget elementor-widget-text-editor\" data-id=\"ea55cbe\" data-element_type=\"widget\" data-e-type=\"widget\" data-widget_type=\"text-editor.default\">\n\t\t\t\t<div class=\"elementor-widget-container\">\n\t\t\t\t\t\t\t\t\t<h5><strong><span style=\"color: #b40404;\"><u>WEB &#8211; XARXES SOCIALS<\/u><\/span><\/strong><\/h5>\t\t\t\t\t\t\t\t<\/div>\n\t\t\t\t<\/div>\n\t\t\t\t\t<\/div>\n\t\t<\/div>\n\t\t\t\t<div class=\"elementor-column elementor-col-33 elementor-top-column elementor-element elementor-element-b05ad06\" data-id=\"b05ad06\" data-element_type=\"column\" data-e-type=\"column\">\n\t\t\t<div class=\"elementor-widget-wrap elementor-element-populated\">\n\t\t\t\t\t\t<div class=\"elementor-element elementor-element-f7a318c elementor-widget elementor-widget-text-editor\" data-id=\"f7a318c\" data-element_type=\"widget\" data-e-type=\"widget\" data-widget_type=\"text-editor.default\">\n\t\t\t\t<div class=\"elementor-widget-container\">\n\t\t\t\t\t\t\t\t\t<h5><strong><span style=\"color: #000000;\"><u>RUTA CL\u00c0SSICA<\/u><\/span><\/strong><\/h5><h6><strong><span style=\"color: #b40404;\"><u>12 ETAPES<\/u><\/span><\/strong><\/h6><h6><span style=\"color: #333333;\">255 kms | +7.000 m \u239c- m<\/span><\/h6><h6><span style=\"color: #666666;\">Blanes &#8211; Tossa de Mar<br \/><span style=\"color: #666666;\">Tossa de Mar &#8211; Sant Feliu de Gu\u00edxols<br \/><span style=\"color: #666666;\">Sant Feliu de Gu\u00edxols &#8211; Palam\u00f3s<br \/><span style=\"color: #666666;\">Palam\u00f3s &#8211; Begur<br \/><span style=\"color: #666666;\">Begur &#8211; L&#8217;Estartit<br \/><span style=\"color: #666666;\">L&#8217;Estartit &#8211; Empuries (L&#8217;Escala)<br \/><span style=\"color: #666666;\">Empuries (L&#8217;Escala) &#8211; Roses<br \/><span style=\"color: #666666;\">Roses &#8211; Cadaqu\u00e9s<br \/><span style=\"color: #666666;\">Cadaqu\u00e9s &#8211; El Port de la Selva<br \/><span style=\"color: #666666;\">El Port de la Selva &#8211; Portbou<br \/><span style=\"color: #666666;\">Portbou &#8211; Banyuls-Sur-Mer<br \/><span style=\"color: #666666;\">Banyuls-Sur-Mer &#8211; Collioure<\/span><\/span><\/span><\/span><\/span><\/span><\/span><\/span><\/span><\/span><\/span><\/span><\/h6>\t\t\t\t\t\t\t\t<\/div>\n\t\t\t\t<\/div>\n\t\t\t\t\t<\/div>\n\t\t<\/div>\n\t\t\t\t<div class=\"elementor-column elementor-col-33 elementor-top-column elementor-element elementor-element-81dab2b\" data-id=\"81dab2b\" data-element_type=\"column\" data-e-type=\"column\">\n\t\t\t<div class=\"elementor-widget-wrap elementor-element-populated\">\n\t\t\t\t\t\t<div class=\"elementor-element elementor-element-d079ae3 elementor-widget elementor-widget-text-editor\" data-id=\"d079ae3\" data-element_type=\"widget\" data-e-type=\"widget\" data-widget_type=\"text-editor.default\">\n\t\t\t\t<div class=\"elementor-widget-container\">\n\t\t\t\t\t\t\t\t\t<h5><strong><span style=\"color: #b40404;\"><u>ON DORMIR<\/u><\/span><\/strong><\/h5>\n<h6><a href=\"https:\/\/www.blanes.cat\/catala\" target=\"_blank\" rel=\"noopener\"><span style=\"color: #666666;\">Blanes (13 m)<\/span><\/a><br \/><a href=\"http:\/\/www.tossademar.cat\/\" target=\"_blank\" rel=\"noopener\"><span style=\"color: #666666;\">Tossa de Mar (6 m)<\/span><\/a><br \/><a href=\"http:\/\/www.guixols.cat\/\" target=\"_blank\" rel=\"noopener\"><span style=\"color: #666666;\">Sant Feliu de Gu\u00edxols (4 m)<\/span><\/a><br \/><a href=\"http:\/\/www.palamos.cat\/\" target=\"_blank\" rel=\"noopener\"><span style=\"color: #666666;\">Palam\u00f3s (12 m)<\/span><\/a><br \/><a href=\"http:\/\/visitbegur.cat\/\" target=\"_blank\" rel=\"noopener\"><span style=\"color: #666666;\">Begur (200 m)<\/span><\/a><br \/><a href=\"http:\/\/www.visitestartit.com\/ca\/\" target=\"_blank\" rel=\"noopener\"><span style=\"color: #666666;\">L&#8217;Estartit (31 m)<\/span><\/a><br \/><a href=\"https:\/\/www.visitlescala.com\/\" target=\"_blank\" rel=\"noopener\"><span style=\"color: #666666;\">Empuries (L&#8217;Escala) (14 m)<\/span><\/a><br \/><a href=\"https:\/\/www.roses.cat\/\" target=\"_blank\" rel=\"noopener\"><span style=\"color: #666666;\">Roses (5 m)<\/span><\/a><br \/><a href=\"http:\/\/www.visitcadaques.org\/\" target=\"_blank\" rel=\"noopener\"><span style=\"color: #666666;\">Cadaqu\u00e9s (23 m)<\/span><\/a><br \/><a href=\"https:\/\/www.elportdelaselva.cat\/ca\/\" target=\"_blank\" rel=\"noopener\"><span style=\"color: #666666;\">El Port de la Selva (13 m)<\/span><\/a><br \/><a href=\"http:\/\/www.portbou.cat\/\" target=\"_blank\" rel=\"noopener\"><span style=\"color: #666666;\">Portbou (28 m)<\/span><\/a><br \/><a href=\"https:\/\/www.banyuls-sur-mer.com\/fr\" target=\"_blank\" rel=\"noopener\"><span style=\"color: #666666;\">Banyuls-Sur-Mer (6 m)<\/span><\/a><br \/><a href=\"http:\/\/www.collioure.fr\/fr\" target=\"_blank\" rel=\"noopener\"><span style=\"color: #666666;\">Collioure (Cotlliure) (10 m)<\/span><\/a><\/h6>\t\t\t\t\t\t\t\t<\/div>\n\t\t\t\t<\/div>\n\t\t\t\t<div class=\"elementor-element elementor-element-2c00003 elementor-widget elementor-widget-text-editor\" data-id=\"2c00003\" data-element_type=\"widget\" data-e-type=\"widget\" data-widget_type=\"text-editor.default\">\n\t\t\t\t<div class=\"elementor-widget-container\">\n\t\t\t\t\t\t\t\t\t<h5><strong><span style=\"color: #b40404;\"><u>PICS OPCIONALS<\/u><\/span><\/strong><\/h5>\t\t\t\t\t\t\t\t<\/div>\n\t\t\t\t<\/div>\n\t\t\t\t\t<\/div>\n\t\t<\/div>\n\t\t\t\t\t<\/div>\n\t\t<\/section>\n\t\t\t\t<section class=\"elementor-section elementor-top-section elementor-element elementor-element-f2b368e elementor-section-full_width elementor-section-height-default elementor-section-height-default\" data-id=\"f2b368e\" data-element_type=\"section\" data-e-type=\"section\">\n\t\t\t\t\t\t<div class=\"elementor-container elementor-column-gap-default\">\n\t\t\t\t\t<div class=\"elementor-column elementor-col-100 elementor-top-column elementor-element elementor-element-0e60613\" data-id=\"0e60613\" data-element_type=\"column\" data-e-type=\"column\">\n\t\t\t<div class=\"elementor-widget-wrap elementor-element-populated\">\n\t\t\t\t\t\t<div class=\"elementor-element elementor-element-b589226 elementor-widget elementor-widget-text-editor\" data-id=\"b589226\" data-element_type=\"widget\" data-e-type=\"widget\" data-widget_type=\"text-editor.default\">\n\t\t\t\t<div class=\"elementor-widget-container\">\n\t\t\t\t\t\t\t\t\t<p><iframe src=\"https:\/\/www.google.com\/maps\/d\/embed?mid=1DKTscN96JXKHCnxUkCWQaUPqCEu8FlM8\" width=\"2000\" height=\"500\"><\/iframe><\/p>\t\t\t\t\t\t\t\t<\/div>\n\t\t\t\t<\/div>\n\t\t\t\t\t<\/div>\n\t\t<\/div>\n\t\t\t\t\t<\/div>\n\t\t<\/section>\n\t\t\t\t<section class=\"elementor-section elementor-top-section elementor-element elementor-element-3d9d705 elementor-section-full_width elementor-section-height-default elementor-section-height-default\" data-id=\"3d9d705\" data-element_type=\"section\" data-e-type=\"section\" data-settings=\"{&quot;background_background&quot;:&quot;classic&quot;}\">\n\t\t\t\t\t\t<div class=\"elementor-container elementor-column-gap-default\">\n\t\t\t\t\t<div class=\"elementor-column elementor-col-100 elementor-top-column elementor-element elementor-element-23b48a4\" data-id=\"23b48a4\" data-element_type=\"column\" data-e-type=\"column\">\n\t\t\t<div class=\"elementor-widget-wrap elementor-element-populated\">\n\t\t\t\t\t\t<div class=\"elementor-element elementor-element-31d3049 elementor-widget elementor-widget-heading\" data-id=\"31d3049\" data-element_type=\"widget\" data-e-type=\"widget\" data-widget_type=\"heading.default\">\n\t\t\t\t<div class=\"elementor-widget-container\">\n\t\t\t\t\t<h3 class=\"elementor-heading-title elementor-size-default\">\u00b7 <u>CARTOGRAFIA - GUIES<\/u> \u00b7<\/h3>\t\t\t\t<\/div>\n\t\t\t\t<\/div>\n\t\t\t\t\t<\/div>\n\t\t<\/div>\n\t\t\t\t\t<\/div>\n\t\t<\/section>\n\t\t\t\t<section class=\"elementor-section elementor-top-section elementor-element elementor-element-2710395 elementor-section-full_width elementor-section-height-default elementor-section-height-default\" data-id=\"2710395\" data-element_type=\"section\" data-e-type=\"section\" data-settings=\"{&quot;background_background&quot;:&quot;classic&quot;}\">\n\t\t\t\t\t\t<div class=\"elementor-container elementor-column-gap-default\">\n\t\t\t\t\t<div class=\"elementor-column elementor-col-14 elementor-top-column elementor-element elementor-element-55019c4\" data-id=\"55019c4\" data-element_type=\"column\" data-e-type=\"column\">\n\t\t\t<div class=\"elementor-widget-wrap elementor-element-populated\">\n\t\t\t\t\t\t<div class=\"elementor-element elementor-element-2fa47ed elementor-widget elementor-widget-image\" data-id=\"2fa47ed\" data-element_type=\"widget\" data-e-type=\"widget\" data-widget_type=\"image.default\">\n\t\t\t\t<div class=\"elementor-widget-container\">\n\t\t\t\t\t\t\t\t\t\t\t\t\t\t\t<img decoding=\"async\" width=\"300\" height=\"400\" src=\"https:\/\/rutesentrerefugis.com\/wp-content\/uploads\/2023\/02\/Travessa-Costa-Brava-Cat.jpg\" class=\"attachment-full size-full wp-image-8165\" alt=\"\" srcset=\"https:\/\/rutesentrerefugis.com\/wp-content\/uploads\/2023\/02\/Travessa-Costa-Brava-Cat.jpg 300w, https:\/\/rutesentrerefugis.com\/wp-content\/uploads\/2023\/02\/Travessa-Costa-Brava-Cat-225x300.jpg 225w\" sizes=\"(max-width: 300px) 100vw, 300px\" \/>\t\t\t\t\t\t\t\t\t\t\t\t\t\t\t<\/div>\n\t\t\t\t<\/div>\n\t\t\t\t\t<\/div>\n\t\t<\/div>\n\t\t\t\t<div class=\"elementor-column elementor-col-14 elementor-top-column elementor-element elementor-element-fad493f\" data-id=\"fad493f\" data-element_type=\"column\" data-e-type=\"column\">\n\t\t\t<div class=\"elementor-widget-wrap elementor-element-populated\">\n\t\t\t\t\t\t<div class=\"elementor-element elementor-element-c0a6a8e elementor-widget elementor-widget-image\" data-id=\"c0a6a8e\" data-element_type=\"widget\" data-e-type=\"widget\" data-widget_type=\"image.default\">\n\t\t\t\t<div class=\"elementor-widget-container\">\n\t\t\t\t\t\t\t\t\t\t\t\t\t\t\t<img decoding=\"async\" width=\"300\" height=\"550\" src=\"https:\/\/rutesentrerefugis.com\/wp-content\/uploads\/2023\/02\/68-Costa-Brava-Sud.jpg\" class=\"attachment-full size-full wp-image-8168\" alt=\"\" srcset=\"https:\/\/rutesentrerefugis.com\/wp-content\/uploads\/2023\/02\/68-Costa-Brava-Sud.jpg 300w, https:\/\/rutesentrerefugis.com\/wp-content\/uploads\/2023\/02\/68-Costa-Brava-Sud-164x300.jpg 164w\" sizes=\"(max-width: 300px) 100vw, 300px\" \/>\t\t\t\t\t\t\t\t\t\t\t\t\t\t\t<\/div>\n\t\t\t\t<\/div>\n\t\t\t\t\t<\/div>\n\t\t<\/div>\n\t\t\t\t<div class=\"elementor-column elementor-col-14 elementor-top-column elementor-element elementor-element-3acba33\" data-id=\"3acba33\" data-element_type=\"column\" data-e-type=\"column\">\n\t\t\t<div class=\"elementor-widget-wrap elementor-element-populated\">\n\t\t\t\t\t\t<div class=\"elementor-element elementor-element-c1a26a6 elementor-widget elementor-widget-image\" data-id=\"c1a26a6\" data-element_type=\"widget\" data-e-type=\"widget\" data-widget_type=\"image.default\">\n\t\t\t\t<div class=\"elementor-widget-container\">\n\t\t\t\t\t\t\t\t\t\t\t\t\t\t\t<img loading=\"lazy\" decoding=\"async\" width=\"300\" height=\"550\" src=\"https:\/\/rutesentrerefugis.com\/wp-content\/uploads\/2021\/03\/67-Costa-Brava-Gavarres.jpg\" class=\"attachment-full size-full wp-image-3358\" alt=\"\" srcset=\"https:\/\/rutesentrerefugis.com\/wp-content\/uploads\/2021\/03\/67-Costa-Brava-Gavarres.jpg 300w, https:\/\/rutesentrerefugis.com\/wp-content\/uploads\/2021\/03\/67-Costa-Brava-Gavarres-164x300.jpg 164w\" sizes=\"(max-width: 300px) 100vw, 300px\" \/>\t\t\t\t\t\t\t\t\t\t\t\t\t\t\t<\/div>\n\t\t\t\t<\/div>\n\t\t\t\t\t<\/div>\n\t\t<\/div>\n\t\t\t\t<div class=\"elementor-column elementor-col-14 elementor-top-column elementor-element elementor-element-d0d54c3\" data-id=\"d0d54c3\" data-element_type=\"column\" data-e-type=\"column\">\n\t\t\t<div class=\"elementor-widget-wrap elementor-element-populated\">\n\t\t\t\t\t\t<div class=\"elementor-element elementor-element-d6d132f elementor-widget elementor-widget-image\" data-id=\"d6d132f\" data-element_type=\"widget\" data-e-type=\"widget\" data-widget_type=\"image.default\">\n\t\t\t\t<div class=\"elementor-widget-container\">\n\t\t\t\t\t\t\t\t\t\t\t\t\t\t\t<img loading=\"lazy\" decoding=\"async\" width=\"300\" height=\"550\" src=\"https:\/\/rutesentrerefugis.com\/wp-content\/uploads\/2023\/02\/6-La-Bisbal-Emporda.jpg\" class=\"attachment-full size-full wp-image-7640\" alt=\"\" srcset=\"https:\/\/rutesentrerefugis.com\/wp-content\/uploads\/2023\/02\/6-La-Bisbal-Emporda.jpg 300w, https:\/\/rutesentrerefugis.com\/wp-content\/uploads\/2023\/02\/6-La-Bisbal-Emporda-164x300.jpg 164w\" sizes=\"(max-width: 300px) 100vw, 300px\" \/>\t\t\t\t\t\t\t\t\t\t\t\t\t\t\t<\/div>\n\t\t\t\t<\/div>\n\t\t\t\t\t<\/div>\n\t\t<\/div>\n\t\t\t\t<div class=\"elementor-column elementor-col-14 elementor-top-column elementor-element elementor-element-2ab7bb3\" data-id=\"2ab7bb3\" data-element_type=\"column\" data-e-type=\"column\">\n\t\t\t<div class=\"elementor-widget-wrap elementor-element-populated\">\n\t\t\t\t\t\t<div class=\"elementor-element elementor-element-127909a elementor-widget elementor-widget-image\" data-id=\"127909a\" data-element_type=\"widget\" data-e-type=\"widget\" data-widget_type=\"image.default\">\n\t\t\t\t<div class=\"elementor-widget-container\">\n\t\t\t\t\t\t\t\t\t\t\t\t\t\t\t<img loading=\"lazy\" decoding=\"async\" width=\"300\" height=\"550\" src=\"https:\/\/rutesentrerefugis.com\/wp-content\/uploads\/2021\/03\/10-PN-Aiguamolls.jpg\" class=\"attachment-full size-full wp-image-3356\" alt=\"\" srcset=\"https:\/\/rutesentrerefugis.com\/wp-content\/uploads\/2021\/03\/10-PN-Aiguamolls.jpg 300w, https:\/\/rutesentrerefugis.com\/wp-content\/uploads\/2021\/03\/10-PN-Aiguamolls-164x300.jpg 164w\" sizes=\"(max-width: 300px) 100vw, 300px\" \/>\t\t\t\t\t\t\t\t\t\t\t\t\t\t\t<\/div>\n\t\t\t\t<\/div>\n\t\t\t\t\t<\/div>\n\t\t<\/div>\n\t\t\t\t<div class=\"elementor-column elementor-col-14 elementor-top-column elementor-element elementor-element-ca6cac8\" data-id=\"ca6cac8\" data-element_type=\"column\" data-e-type=\"column\">\n\t\t\t<div class=\"elementor-widget-wrap elementor-element-populated\">\n\t\t\t\t\t\t<div class=\"elementor-element elementor-element-67769b6 elementor-widget elementor-widget-image\" data-id=\"67769b6\" data-element_type=\"widget\" data-e-type=\"widget\" data-widget_type=\"image.default\">\n\t\t\t\t<div class=\"elementor-widget-container\">\n\t\t\t\t\t\t\t\t\t\t\t\t\t\t\t<img loading=\"lazy\" decoding=\"async\" width=\"300\" height=\"550\" src=\"https:\/\/rutesentrerefugis.com\/wp-content\/uploads\/2021\/03\/48-PN-Cap-de-Creus.jpg\" class=\"attachment-full size-full wp-image-3355\" alt=\"\" srcset=\"https:\/\/rutesentrerefugis.com\/wp-content\/uploads\/2021\/03\/48-PN-Cap-de-Creus.jpg 300w, https:\/\/rutesentrerefugis.com\/wp-content\/uploads\/2021\/03\/48-PN-Cap-de-Creus-164x300.jpg 164w\" sizes=\"(max-width: 300px) 100vw, 300px\" \/>\t\t\t\t\t\t\t\t\t\t\t\t\t\t\t<\/div>\n\t\t\t\t<\/div>\n\t\t\t\t\t<\/div>\n\t\t<\/div>\n\t\t\t\t<div class=\"elementor-column elementor-col-14 elementor-top-column elementor-element elementor-element-d903900\" data-id=\"d903900\" data-element_type=\"column\" data-e-type=\"column\">\n\t\t\t<div class=\"elementor-widget-wrap elementor-element-populated\">\n\t\t\t\t\t\t<div class=\"elementor-element elementor-element-f0ce868 elementor-widget elementor-widget-image\" data-id=\"f0ce868\" data-element_type=\"widget\" data-e-type=\"widget\" data-widget_type=\"image.default\">\n\t\t\t\t<div class=\"elementor-widget-container\">\n\t\t\t\t\t\t\t\t\t\t\t\t\t\t\t<img loading=\"lazy\" decoding=\"async\" width=\"300\" height=\"550\" src=\"https:\/\/rutesentrerefugis.com\/wp-content\/uploads\/2021\/03\/47-PN-Albera.jpg\" class=\"attachment-full size-full wp-image-3354\" alt=\"\" srcset=\"https:\/\/rutesentrerefugis.com\/wp-content\/uploads\/2021\/03\/47-PN-Albera.jpg 300w, https:\/\/rutesentrerefugis.com\/wp-content\/uploads\/2021\/03\/47-PN-Albera-164x300.jpg 164w\" sizes=\"(max-width: 300px) 100vw, 300px\" \/>\t\t\t\t\t\t\t\t\t\t\t\t\t\t\t<\/div>\n\t\t\t\t<\/div>\n\t\t\t\t\t<\/div>\n\t\t<\/div>\n\t\t\t\t\t<\/div>\n\t\t<\/section>\n\t\t\t\t<section class=\"elementor-section elementor-top-section elementor-element elementor-element-af7266c elementor-section-full_width elementor-section-height-default elementor-section-height-default\" data-id=\"af7266c\" data-element_type=\"section\" data-e-type=\"section\">\n\t\t\t\t\t\t<div class=\"elementor-container elementor-column-gap-default\">\n\t\t\t\t\t<div class=\"elementor-column elementor-col-100 elementor-top-column elementor-element elementor-element-a355804\" data-id=\"a355804\" data-element_type=\"column\" data-e-type=\"column\">\n\t\t\t<div class=\"elementor-widget-wrap elementor-element-populated\">\n\t\t\t\t\t\t<div class=\"elementor-element elementor-element-1642e5b elementor-widget elementor-widget-spacer\" data-id=\"1642e5b\" data-element_type=\"widget\" data-e-type=\"widget\" data-widget_type=\"spacer.default\">\n\t\t\t\t<div class=\"elementor-widget-container\">\n\t\t\t\t\t\t\t<div class=\"elementor-spacer\">\n\t\t\t<div class=\"elementor-spacer-inner\"><\/div>\n\t\t<\/div>\n\t\t\t\t\t\t<\/div>\n\t\t\t\t<\/div>\n\t\t\t\t\t<\/div>\n\t\t<\/div>\n\t\t\t\t\t<\/div>\n\t\t<\/section>\n\t\t\t\t<\/div>\n\t\t","protected":false},"excerpt":{"rendered":"<p>\u00b7 TRAVESSA DE LA COSTA BRAVA \u00b7 UBICACI\u00d3 Sistema Costaner Catal\u00e0 L&#8217;Ardenya Les Gavarres Mass\u00eds de Montgr\u00ed Plana de l&#8217;Empord\u00e0 Golf de Roses P. N. dels Aiguamolls de l&#8217;Empord\u00e0 Parc Natural del Cap de Creus Serra de l&#8217;Albera Costa Vermella COMARQUES La Selva Baix Empord\u00e0 Alt Empord\u00e0 Rossell\u00f3 WEB &#8211; XARXES SOCIALS RUTA CL\u00c0SSICA 12 [&hellip;]<\/p>\n","protected":false},"author":2,"featured_media":8163,"comment_status":"open","ping_status":"open","sticky":false,"template":"elementor_header_footer","format":"standard","meta":{"_monsterinsights_skip_tracking":false,"_monsterinsights_sitenote_active":false,"_monsterinsights_sitenote_note":"","_monsterinsights_sitenote_category":0,"footnotes":""},"categories":[7244],"tags":[5059,7474,5061,5063,5065,7476,7478,7480,7482,7484,7400,7486,7404,5067,7408,7488,5069,7448,7410,7352,7490,7492,7494],"class_list":["post-8162","post","type-post","status-publish","format-standard","has-post-thumbnail","hentry","category-a-peu-ca","tag-banyuls-sur-mer-ca","tag-blanes-es-ca","tag-cadaques-ca","tag-costa-vermella-ca","tag-cotlliure-ca","tag-el-port-de-la-selva-es-ca","tag-empuries-es-ca","tag-golf-de-roses-ca","tag-lardenya-ca","tag-lestartit-ca","tag-les-gavarres-es-ca","tag-massis-de-montgri-ca","tag-palamos-ca","tag-parc-natural-del-cap-de-creus-ca","tag-parc-natural-dels-aiguamolls-de-lemporda-ca","tag-plana-de-lemporda-ca","tag-portbou-ca","tag-roses-es-ca","tag-sant-feliu-de-guixols-ca","tag-serra-de-lalbera-ca","tag-sistema-costaner-catala-ca","tag-tossa-de-mar-ca","tag-travessa-de-la-costa-brava-ca"],"yoast_head":"<!-- This site is optimized with the Yoast SEO plugin v27.5 - https:\/\/yoast.com\/product\/yoast-seo-wordpress\/ -->\n<title>TRAVESSA COSTA BRAVA - Rutes Entre Refugis<\/title>\n<meta name=\"robots\" content=\"index, follow, max-snippet:-1, max-image-preview:large, max-video-preview:-1\" \/>\n<link rel=\"canonical\" href=\"https:\/\/rutesentrerefugis.com\/index.php\/2018\/09\/27\/travessa-costa-brava\/\" \/>\n<meta property=\"og:locale\" content=\"es_ES\" \/>\n<meta property=\"og:type\" content=\"article\" \/>\n<meta property=\"og:title\" content=\"TRAVESSA COSTA BRAVA - Rutes Entre Refugis\" \/>\n<meta property=\"og:description\" content=\"\u00b7 TRAVESSA DE LA COSTA BRAVA \u00b7 UBICACI\u00d3 Sistema Costaner Catal\u00e0 L&#8217;Ardenya Les Gavarres Mass\u00eds de Montgr\u00ed Plana de l&#8217;Empord\u00e0 Golf de Roses P. N. dels Aiguamolls de l&#8217;Empord\u00e0 Parc Natural del Cap de Creus Serra de l&#8217;Albera Costa Vermella COMARQUES La Selva Baix Empord\u00e0 Alt Empord\u00e0 Rossell\u00f3 WEB &#8211; XARXES SOCIALS RUTA CL\u00c0SSICA 12 [&hellip;]\" \/>\n<meta property=\"og:url\" content=\"https:\/\/rutesentrerefugis.com\/index.php\/2018\/09\/27\/travessa-costa-brava\/\" \/>\n<meta property=\"og:site_name\" content=\"Rutes Entre Refugis\" \/>\n<meta property=\"article:published_time\" content=\"2018-09-27T11:47:00+00:00\" \/>\n<meta property=\"article:modified_time\" content=\"2023-11-01T11:56:13+00:00\" \/>\n<meta property=\"og:image\" content=\"https:\/\/rutesentrerefugis.com\/wp-content\/uploads\/2023\/02\/Travessa-de-la-Costa-Brava.jpg\" \/>\n\t<meta property=\"og:image:width\" content=\"400\" \/>\n\t<meta property=\"og:image:height\" content=\"280\" \/>\n\t<meta property=\"og:image:type\" content=\"image\/jpeg\" \/>\n<meta name=\"author\" content=\"Rutes Entre Refugis\" \/>\n<meta name=\"twitter:card\" content=\"summary_large_image\" \/>\n<meta name=\"twitter:label1\" content=\"Escrito por\" \/>\n\t<meta name=\"twitter:data1\" content=\"Rutes Entre Refugis\" \/>\n<script type=\"application\/ld+json\" class=\"yoast-schema-graph\">{\"@context\":\"https:\\\/\\\/schema.org\",\"@graph\":[{\"@type\":\"Article\",\"@id\":\"https:\\\/\\\/rutesentrerefugis.com\\\/index.php\\\/2018\\\/09\\\/27\\\/travessa-costa-brava\\\/#article\",\"isPartOf\":{\"@id\":\"https:\\\/\\\/rutesentrerefugis.com\\\/index.php\\\/2018\\\/09\\\/27\\\/travessa-costa-brava\\\/\"},\"author\":{\"name\":\"Rutes Entre Refugis\",\"@id\":\"https:\\\/\\\/rutesentrerefugis.com\\\/#\\\/schema\\\/person\\\/6e6f59c84210840610f19bafce39adc2\"},\"headline\":\"TRAVESSA COSTA BRAVA\",\"datePublished\":\"2018-09-27T11:47:00+00:00\",\"dateModified\":\"2023-11-01T11:56:13+00:00\",\"mainEntityOfPage\":{\"@id\":\"https:\\\/\\\/rutesentrerefugis.com\\\/index.php\\\/2018\\\/09\\\/27\\\/travessa-costa-brava\\\/\"},\"wordCount\":181,\"commentCount\":0,\"publisher\":{\"@id\":\"https:\\\/\\\/rutesentrerefugis.com\\\/#organization\"},\"image\":{\"@id\":\"https:\\\/\\\/rutesentrerefugis.com\\\/index.php\\\/2018\\\/09\\\/27\\\/travessa-costa-brava\\\/#primaryimage\"},\"thumbnailUrl\":\"https:\\\/\\\/rutesentrerefugis.com\\\/wp-content\\\/uploads\\\/2023\\\/02\\\/Travessa-de-la-Costa-Brava.jpg\",\"keywords\":[\"Banyuls-Sur-Mer\",\"Blanes\",\"Cadaqu\u00e8s\",\"Costa Vermella\",\"Cotlliure\",\"El Port de la Selva\",\"Empuries\",\"Golf de Roses\",\"L&#039;Ardenya\",\"L&#039;Estartit\",\"Les Gavarres\",\"Mass\u00eds de Montgr\u00ed\",\"Palam\u00f3s\",\"Parc Natural del Cap de Creus\",\"Parc Natural dels Aiguamolls de l&#039;Empord\u00e0\",\"Plana de l&#039;Empord\u00e0\",\"Portbou\",\"Roses\",\"Sant Feliu de Gu\u00edxols\",\"Serra de l&#039;Albera\",\"Sistema Costaner Catal\u00e0\",\"Tossa de Mar\",\"Travessa de la Costa Brava\"],\"articleSection\":[\"A Peu\"],\"inLanguage\":\"es\",\"potentialAction\":[{\"@type\":\"CommentAction\",\"name\":\"Comment\",\"target\":[\"https:\\\/\\\/rutesentrerefugis.com\\\/index.php\\\/2018\\\/09\\\/27\\\/travessa-costa-brava\\\/#respond\"]}]},{\"@type\":\"WebPage\",\"@id\":\"https:\\\/\\\/rutesentrerefugis.com\\\/index.php\\\/2018\\\/09\\\/27\\\/travessa-costa-brava\\\/\",\"url\":\"https:\\\/\\\/rutesentrerefugis.com\\\/index.php\\\/2018\\\/09\\\/27\\\/travessa-costa-brava\\\/\",\"name\":\"TRAVESSA COSTA BRAVA - Rutes Entre Refugis\",\"isPartOf\":{\"@id\":\"https:\\\/\\\/rutesentrerefugis.com\\\/#website\"},\"primaryImageOfPage\":{\"@id\":\"https:\\\/\\\/rutesentrerefugis.com\\\/index.php\\\/2018\\\/09\\\/27\\\/travessa-costa-brava\\\/#primaryimage\"},\"image\":{\"@id\":\"https:\\\/\\\/rutesentrerefugis.com\\\/index.php\\\/2018\\\/09\\\/27\\\/travessa-costa-brava\\\/#primaryimage\"},\"thumbnailUrl\":\"https:\\\/\\\/rutesentrerefugis.com\\\/wp-content\\\/uploads\\\/2023\\\/02\\\/Travessa-de-la-Costa-Brava.jpg\",\"datePublished\":\"2018-09-27T11:47:00+00:00\",\"dateModified\":\"2023-11-01T11:56:13+00:00\",\"breadcrumb\":{\"@id\":\"https:\\\/\\\/rutesentrerefugis.com\\\/index.php\\\/2018\\\/09\\\/27\\\/travessa-costa-brava\\\/#breadcrumb\"},\"inLanguage\":\"es\",\"potentialAction\":[{\"@type\":\"ReadAction\",\"target\":[\"https:\\\/\\\/rutesentrerefugis.com\\\/index.php\\\/2018\\\/09\\\/27\\\/travessa-costa-brava\\\/\"]}]},{\"@type\":\"ImageObject\",\"inLanguage\":\"es\",\"@id\":\"https:\\\/\\\/rutesentrerefugis.com\\\/index.php\\\/2018\\\/09\\\/27\\\/travessa-costa-brava\\\/#primaryimage\",\"url\":\"https:\\\/\\\/rutesentrerefugis.com\\\/wp-content\\\/uploads\\\/2023\\\/02\\\/Travessa-de-la-Costa-Brava.jpg\",\"contentUrl\":\"https:\\\/\\\/rutesentrerefugis.com\\\/wp-content\\\/uploads\\\/2023\\\/02\\\/Travessa-de-la-Costa-Brava.jpg\",\"width\":400,\"height\":280},{\"@type\":\"BreadcrumbList\",\"@id\":\"https:\\\/\\\/rutesentrerefugis.com\\\/index.php\\\/2018\\\/09\\\/27\\\/travessa-costa-brava\\\/#breadcrumb\",\"itemListElement\":[{\"@type\":\"ListItem\",\"position\":1,\"name\":\"Inici\",\"item\":\"https:\\\/\\\/rutesentrerefugis.com\\\/\"},{\"@type\":\"ListItem\",\"position\":2,\"name\":\"TRAVESSA COSTA BRAVA\"}]},{\"@type\":\"WebSite\",\"@id\":\"https:\\\/\\\/rutesentrerefugis.com\\\/#website\",\"url\":\"https:\\\/\\\/rutesentrerefugis.com\\\/\",\"name\":\"Rutes Entre Refugis\",\"description\":\"Caminant sota un nom\",\"publisher\":{\"@id\":\"https:\\\/\\\/rutesentrerefugis.com\\\/#organization\"},\"potentialAction\":[{\"@type\":\"SearchAction\",\"target\":{\"@type\":\"EntryPoint\",\"urlTemplate\":\"https:\\\/\\\/rutesentrerefugis.com\\\/?s={search_term_string}\"},\"query-input\":{\"@type\":\"PropertyValueSpecification\",\"valueRequired\":true,\"valueName\":\"search_term_string\"}}],\"inLanguage\":\"es\"},{\"@type\":\"Organization\",\"@id\":\"https:\\\/\\\/rutesentrerefugis.com\\\/#organization\",\"name\":\"Rutes Entre Refugis\",\"url\":\"https:\\\/\\\/rutesentrerefugis.com\\\/\",\"logo\":{\"@type\":\"ImageObject\",\"inLanguage\":\"es\",\"@id\":\"https:\\\/\\\/rutesentrerefugis.com\\\/#\\\/schema\\\/logo\\\/image\\\/\",\"url\":\"https:\\\/\\\/rutesentrerefugis.com\\\/wp-content\\\/uploads\\\/2022\\\/08\\\/RutesEntreRefugis-Blanc-Retina-1.png\",\"contentUrl\":\"https:\\\/\\\/rutesentrerefugis.com\\\/wp-content\\\/uploads\\\/2022\\\/08\\\/RutesEntreRefugis-Blanc-Retina-1.png\",\"width\":400,\"height\":400,\"caption\":\"Rutes Entre Refugis\"},\"image\":{\"@id\":\"https:\\\/\\\/rutesentrerefugis.com\\\/#\\\/schema\\\/logo\\\/image\\\/\"}},{\"@type\":\"Person\",\"@id\":\"https:\\\/\\\/rutesentrerefugis.com\\\/#\\\/schema\\\/person\\\/6e6f59c84210840610f19bafce39adc2\",\"name\":\"Rutes Entre Refugis\",\"image\":{\"@type\":\"ImageObject\",\"inLanguage\":\"es\",\"@id\":\"https:\\\/\\\/rutesentrerefugis.com\\\/wp-content\\\/uploads\\\/2023\\\/05\\\/avatar_user_2_1683354561-96x96.jpg\",\"url\":\"https:\\\/\\\/rutesentrerefugis.com\\\/wp-content\\\/uploads\\\/2023\\\/05\\\/avatar_user_2_1683354561-96x96.jpg\",\"contentUrl\":\"https:\\\/\\\/rutesentrerefugis.com\\\/wp-content\\\/uploads\\\/2023\\\/05\\\/avatar_user_2_1683354561-96x96.jpg\",\"caption\":\"Rutes Entre Refugis\"},\"url\":\"https:\\\/\\\/rutesentrerefugis.com\\\/index.php\\\/author\\\/entre-refugis\\\/\"}]}<\/script>\n<!-- \/ Yoast SEO plugin. -->","yoast_head_json":{"title":"TRAVESSA COSTA BRAVA - Rutes Entre Refugis","robots":{"index":"index","follow":"follow","max-snippet":"max-snippet:-1","max-image-preview":"max-image-preview:large","max-video-preview":"max-video-preview:-1"},"canonical":"https:\/\/rutesentrerefugis.com\/index.php\/2018\/09\/27\/travessa-costa-brava\/","og_locale":"es_ES","og_type":"article","og_title":"TRAVESSA COSTA BRAVA - Rutes Entre Refugis","og_description":"\u00b7 TRAVESSA DE LA COSTA BRAVA \u00b7 UBICACI\u00d3 Sistema Costaner Catal\u00e0 L&#8217;Ardenya Les Gavarres Mass\u00eds de Montgr\u00ed Plana de l&#8217;Empord\u00e0 Golf de Roses P. N. dels Aiguamolls de l&#8217;Empord\u00e0 Parc Natural del Cap de Creus Serra de l&#8217;Albera Costa Vermella COMARQUES La Selva Baix Empord\u00e0 Alt Empord\u00e0 Rossell\u00f3 WEB &#8211; XARXES SOCIALS RUTA CL\u00c0SSICA 12 [&hellip;]","og_url":"https:\/\/rutesentrerefugis.com\/index.php\/2018\/09\/27\/travessa-costa-brava\/","og_site_name":"Rutes Entre Refugis","article_published_time":"2018-09-27T11:47:00+00:00","article_modified_time":"2023-11-01T11:56:13+00:00","og_image":[{"width":400,"height":280,"url":"https:\/\/rutesentrerefugis.com\/wp-content\/uploads\/2023\/02\/Travessa-de-la-Costa-Brava.jpg","type":"image\/jpeg"}],"author":"Rutes Entre Refugis","twitter_card":"summary_large_image","twitter_misc":{"Escrito por":"Rutes Entre Refugis"},"schema":{"@context":"https:\/\/schema.org","@graph":[{"@type":"Article","@id":"https:\/\/rutesentrerefugis.com\/index.php\/2018\/09\/27\/travessa-costa-brava\/#article","isPartOf":{"@id":"https:\/\/rutesentrerefugis.com\/index.php\/2018\/09\/27\/travessa-costa-brava\/"},"author":{"name":"Rutes Entre Refugis","@id":"https:\/\/rutesentrerefugis.com\/#\/schema\/person\/6e6f59c84210840610f19bafce39adc2"},"headline":"TRAVESSA COSTA BRAVA","datePublished":"2018-09-27T11:47:00+00:00","dateModified":"2023-11-01T11:56:13+00:00","mainEntityOfPage":{"@id":"https:\/\/rutesentrerefugis.com\/index.php\/2018\/09\/27\/travessa-costa-brava\/"},"wordCount":181,"commentCount":0,"publisher":{"@id":"https:\/\/rutesentrerefugis.com\/#organization"},"image":{"@id":"https:\/\/rutesentrerefugis.com\/index.php\/2018\/09\/27\/travessa-costa-brava\/#primaryimage"},"thumbnailUrl":"https:\/\/rutesentrerefugis.com\/wp-content\/uploads\/2023\/02\/Travessa-de-la-Costa-Brava.jpg","keywords":["Banyuls-Sur-Mer","Blanes","Cadaqu\u00e8s","Costa Vermella","Cotlliure","El Port de la Selva","Empuries","Golf de Roses","L&#039;Ardenya","L&#039;Estartit","Les Gavarres","Mass\u00eds de Montgr\u00ed","Palam\u00f3s","Parc Natural del Cap de Creus","Parc Natural dels Aiguamolls de l&#039;Empord\u00e0","Plana de l&#039;Empord\u00e0","Portbou","Roses","Sant Feliu de Gu\u00edxols","Serra de l&#039;Albera","Sistema Costaner Catal\u00e0","Tossa de Mar","Travessa de la Costa Brava"],"articleSection":["A Peu"],"inLanguage":"es","potentialAction":[{"@type":"CommentAction","name":"Comment","target":["https:\/\/rutesentrerefugis.com\/index.php\/2018\/09\/27\/travessa-costa-brava\/#respond"]}]},{"@type":"WebPage","@id":"https:\/\/rutesentrerefugis.com\/index.php\/2018\/09\/27\/travessa-costa-brava\/","url":"https:\/\/rutesentrerefugis.com\/index.php\/2018\/09\/27\/travessa-costa-brava\/","name":"TRAVESSA COSTA BRAVA - Rutes Entre Refugis","isPartOf":{"@id":"https:\/\/rutesentrerefugis.com\/#website"},"primaryImageOfPage":{"@id":"https:\/\/rutesentrerefugis.com\/index.php\/2018\/09\/27\/travessa-costa-brava\/#primaryimage"},"image":{"@id":"https:\/\/rutesentrerefugis.com\/index.php\/2018\/09\/27\/travessa-costa-brava\/#primaryimage"},"thumbnailUrl":"https:\/\/rutesentrerefugis.com\/wp-content\/uploads\/2023\/02\/Travessa-de-la-Costa-Brava.jpg","datePublished":"2018-09-27T11:47:00+00:00","dateModified":"2023-11-01T11:56:13+00:00","breadcrumb":{"@id":"https:\/\/rutesentrerefugis.com\/index.php\/2018\/09\/27\/travessa-costa-brava\/#breadcrumb"},"inLanguage":"es","potentialAction":[{"@type":"ReadAction","target":["https:\/\/rutesentrerefugis.com\/index.php\/2018\/09\/27\/travessa-costa-brava\/"]}]},{"@type":"ImageObject","inLanguage":"es","@id":"https:\/\/rutesentrerefugis.com\/index.php\/2018\/09\/27\/travessa-costa-brava\/#primaryimage","url":"https:\/\/rutesentrerefugis.com\/wp-content\/uploads\/2023\/02\/Travessa-de-la-Costa-Brava.jpg","contentUrl":"https:\/\/rutesentrerefugis.com\/wp-content\/uploads\/2023\/02\/Travessa-de-la-Costa-Brava.jpg","width":400,"height":280},{"@type":"BreadcrumbList","@id":"https:\/\/rutesentrerefugis.com\/index.php\/2018\/09\/27\/travessa-costa-brava\/#breadcrumb","itemListElement":[{"@type":"ListItem","position":1,"name":"Inici","item":"https:\/\/rutesentrerefugis.com\/"},{"@type":"ListItem","position":2,"name":"TRAVESSA COSTA BRAVA"}]},{"@type":"WebSite","@id":"https:\/\/rutesentrerefugis.com\/#website","url":"https:\/\/rutesentrerefugis.com\/","name":"Rutes Entre Refugis","description":"Caminant sota un nom","publisher":{"@id":"https:\/\/rutesentrerefugis.com\/#organization"},"potentialAction":[{"@type":"SearchAction","target":{"@type":"EntryPoint","urlTemplate":"https:\/\/rutesentrerefugis.com\/?s={search_term_string}"},"query-input":{"@type":"PropertyValueSpecification","valueRequired":true,"valueName":"search_term_string"}}],"inLanguage":"es"},{"@type":"Organization","@id":"https:\/\/rutesentrerefugis.com\/#organization","name":"Rutes Entre Refugis","url":"https:\/\/rutesentrerefugis.com\/","logo":{"@type":"ImageObject","inLanguage":"es","@id":"https:\/\/rutesentrerefugis.com\/#\/schema\/logo\/image\/","url":"https:\/\/rutesentrerefugis.com\/wp-content\/uploads\/2022\/08\/RutesEntreRefugis-Blanc-Retina-1.png","contentUrl":"https:\/\/rutesentrerefugis.com\/wp-content\/uploads\/2022\/08\/RutesEntreRefugis-Blanc-Retina-1.png","width":400,"height":400,"caption":"Rutes Entre Refugis"},"image":{"@id":"https:\/\/rutesentrerefugis.com\/#\/schema\/logo\/image\/"}},{"@type":"Person","@id":"https:\/\/rutesentrerefugis.com\/#\/schema\/person\/6e6f59c84210840610f19bafce39adc2","name":"Rutes Entre Refugis","image":{"@type":"ImageObject","inLanguage":"es","@id":"https:\/\/rutesentrerefugis.com\/wp-content\/uploads\/2023\/05\/avatar_user_2_1683354561-96x96.jpg","url":"https:\/\/rutesentrerefugis.com\/wp-content\/uploads\/2023\/05\/avatar_user_2_1683354561-96x96.jpg","contentUrl":"https:\/\/rutesentrerefugis.com\/wp-content\/uploads\/2023\/05\/avatar_user_2_1683354561-96x96.jpg","caption":"Rutes Entre Refugis"},"url":"https:\/\/rutesentrerefugis.com\/index.php\/author\/entre-refugis\/"}]}},"_links":{"self":[{"href":"https:\/\/rutesentrerefugis.com\/index.php\/wp-json\/wp\/v2\/posts\/8162","targetHints":{"allow":["GET"]}}],"collection":[{"href":"https:\/\/rutesentrerefugis.com\/index.php\/wp-json\/wp\/v2\/posts"}],"about":[{"href":"https:\/\/rutesentrerefugis.com\/index.php\/wp-json\/wp\/v2\/types\/post"}],"author":[{"embeddable":true,"href":"https:\/\/rutesentrerefugis.com\/index.php\/wp-json\/wp\/v2\/users\/2"}],"replies":[{"embeddable":true,"href":"https:\/\/rutesentrerefugis.com\/index.php\/wp-json\/wp\/v2\/comments?post=8162"}],"version-history":[{"count":9,"href":"https:\/\/rutesentrerefugis.com\/index.php\/wp-json\/wp\/v2\/posts\/8162\/revisions"}],"predecessor-version":[{"id":8182,"href":"https:\/\/rutesentrerefugis.com\/index.php\/wp-json\/wp\/v2\/posts\/8162\/revisions\/8182"}],"wp:featuredmedia":[{"embeddable":true,"href":"https:\/\/rutesentrerefugis.com\/index.php\/wp-json\/wp\/v2\/media\/8163"}],"wp:attachment":[{"href":"https:\/\/rutesentrerefugis.com\/index.php\/wp-json\/wp\/v2\/media?parent=8162"}],"wp:term":[{"taxonomy":"category","embeddable":true,"href":"https:\/\/rutesentrerefugis.com\/index.php\/wp-json\/wp\/v2\/categories?post=8162"},{"taxonomy":"post_tag","embeddable":true,"href":"https:\/\/rutesentrerefugis.com\/index.php\/wp-json\/wp\/v2\/tags?post=8162"}],"curies":[{"name":"wp","href":"https:\/\/api.w.org\/{rel}","templated":true}]}}