{"id":9150,"date":"2020-11-27T17:50:00","date_gmt":"2020-11-27T17:50:00","guid":{"rendered":"https:\/\/nova.rutesentrerefugis.com\/?p=9150"},"modified":"2025-03-25T19:30:29","modified_gmt":"2025-03-25T19:30:29","slug":"els-descobridors-de-paisatges-es","status":"publish","type":"post","link":"https:\/\/rutesentrerefugis.com\/index.php\/es\/2020\/11\/27\/els-descobridors-de-paisatges-es\/","title":{"rendered":"ELS DESCOBRIDORS DE PAISATGES"},"content":{"rendered":"\t\t<div data-elementor-type=\"wp-post\" data-elementor-id=\"9150\" class=\"elementor elementor-9150\" data-elementor-post-type=\"post\">\n\t\t\t\t\t\t<section class=\"elementor-section elementor-top-section elementor-element elementor-element-95df28b elementor-section-full_width elementor-section-height-default elementor-section-height-default\" data-id=\"95df28b\" data-element_type=\"section\" data-e-type=\"section\" data-settings=\"{&quot;background_background&quot;:&quot;classic&quot;}\">\n\t\t\t\t\t\t<div class=\"elementor-container elementor-column-gap-default\">\n\t\t\t\t\t<div class=\"elementor-column elementor-col-100 elementor-top-column elementor-element elementor-element-84065af\" data-id=\"84065af\" data-element_type=\"column\" data-e-type=\"column\">\n\t\t\t<div class=\"elementor-widget-wrap elementor-element-populated\">\n\t\t\t\t\t\t<div class=\"elementor-element elementor-element-c09c1a0 elementor-widget elementor-widget-image\" data-id=\"c09c1a0\" data-element_type=\"widget\" data-e-type=\"widget\" data-widget_type=\"image.default\">\n\t\t\t\t<div class=\"elementor-widget-container\">\n\t\t\t\t\t\t\t\t\t\t\t\t\t\t\t<img fetchpriority=\"high\" decoding=\"async\" width=\"2000\" height=\"450\" src=\"https:\/\/rutesentrerefugis.com\/wp-content\/uploads\/2023\/03\/Descobridors-de-Paisatges-Cap.jpg\" class=\"attachment-full size-full wp-image-9103\" alt=\"\" srcset=\"https:\/\/rutesentrerefugis.com\/wp-content\/uploads\/2023\/03\/Descobridors-de-Paisatges-Cap.jpg 2000w, https:\/\/rutesentrerefugis.com\/wp-content\/uploads\/2023\/03\/Descobridors-de-Paisatges-Cap-300x68.jpg 300w, https:\/\/rutesentrerefugis.com\/wp-content\/uploads\/2023\/03\/Descobridors-de-Paisatges-Cap-1024x230.jpg 1024w, https:\/\/rutesentrerefugis.com\/wp-content\/uploads\/2023\/03\/Descobridors-de-Paisatges-Cap-768x173.jpg 768w, https:\/\/rutesentrerefugis.com\/wp-content\/uploads\/2023\/03\/Descobridors-de-Paisatges-Cap-1536x346.jpg 1536w\" sizes=\"(max-width: 2000px) 100vw, 2000px\" \/>\t\t\t\t\t\t\t\t\t\t\t\t\t\t\t<\/div>\n\t\t\t\t<\/div>\n\t\t\t\t\t<\/div>\n\t\t<\/div>\n\t\t\t\t\t<\/div>\n\t\t<\/section>\n\t\t\t\t<section class=\"elementor-section elementor-top-section elementor-element elementor-element-c2db30a elementor-section-full_width elementor-section-height-default elementor-section-height-default\" data-id=\"c2db30a\" data-element_type=\"section\" data-e-type=\"section\" data-settings=\"{&quot;background_background&quot;:&quot;classic&quot;}\">\n\t\t\t\t\t\t<div class=\"elementor-container elementor-column-gap-default\">\n\t\t\t\t\t<div class=\"elementor-column elementor-col-100 elementor-top-column elementor-element elementor-element-7702d15\" data-id=\"7702d15\" data-element_type=\"column\" data-e-type=\"column\">\n\t\t\t<div class=\"elementor-widget-wrap elementor-element-populated\">\n\t\t\t\t\t\t<div class=\"elementor-element elementor-element-d6bdcec elementor-widget elementor-widget-heading\" data-id=\"d6bdcec\" data-element_type=\"widget\" data-e-type=\"widget\" data-widget_type=\"heading.default\">\n\t\t\t\t<div class=\"elementor-widget-container\">\n\t\t\t\t\t<h2 class=\"elementor-heading-title elementor-size-default\">ELS DESCOBRIDORS DE PAISATGES<\/h2>\t\t\t\t<\/div>\n\t\t\t\t<\/div>\n\t\t\t\t\t<\/div>\n\t\t<\/div>\n\t\t\t\t\t<\/div>\n\t\t<\/section>\n\t\t\t\t<section class=\"elementor-section elementor-top-section elementor-element elementor-element-d4773d0 elementor-section-full_width elementor-section-height-default elementor-section-height-default\" data-id=\"d4773d0\" data-element_type=\"section\" data-e-type=\"section\" data-settings=\"{&quot;background_background&quot;:&quot;classic&quot;}\">\n\t\t\t\t\t\t<div class=\"elementor-container elementor-column-gap-default\">\n\t\t\t\t\t<div class=\"elementor-column elementor-col-100 elementor-top-column elementor-element elementor-element-a8be536\" data-id=\"a8be536\" data-element_type=\"column\" data-e-type=\"column\">\n\t\t\t<div class=\"elementor-widget-wrap elementor-element-populated\">\n\t\t\t\t\t\t<div class=\"elementor-element elementor-element-7b5d92c elementor-widget-divider--view-line elementor-widget elementor-widget-divider\" data-id=\"7b5d92c\" data-element_type=\"widget\" data-e-type=\"widget\" data-widget_type=\"divider.default\">\n\t\t\t\t<div class=\"elementor-widget-container\">\n\t\t\t\t\t\t\t<div class=\"elementor-divider\">\n\t\t\t<span class=\"elementor-divider-separator\">\n\t\t\t\t\t\t<\/span>\n\t\t<\/div>\n\t\t\t\t\t\t<\/div>\n\t\t\t\t<\/div>\n\t\t\t\t\t<\/div>\n\t\t<\/div>\n\t\t\t\t\t<\/div>\n\t\t<\/section>\n\t\t\t\t<section class=\"elementor-section elementor-top-section elementor-element elementor-element-88c38ed elementor-section-full_width elementor-section-height-default elementor-section-height-default\" data-id=\"88c38ed\" data-element_type=\"section\" data-e-type=\"section\">\n\t\t\t\t\t\t<div class=\"elementor-container elementor-column-gap-default\">\n\t\t\t\t\t<div class=\"elementor-column elementor-col-100 elementor-top-column elementor-element elementor-element-27365fc\" data-id=\"27365fc\" data-element_type=\"column\" data-e-type=\"column\">\n\t\t\t<div class=\"elementor-widget-wrap elementor-element-populated\">\n\t\t\t\t\t\t<div class=\"elementor-element elementor-element-a8716c3 elementor-widget elementor-widget-spacer\" data-id=\"a8716c3\" data-element_type=\"widget\" data-e-type=\"widget\" data-widget_type=\"spacer.default\">\n\t\t\t\t<div class=\"elementor-widget-container\">\n\t\t\t\t\t\t\t<div class=\"elementor-spacer\">\n\t\t\t<div class=\"elementor-spacer-inner\"><\/div>\n\t\t<\/div>\n\t\t\t\t\t\t<\/div>\n\t\t\t\t<\/div>\n\t\t\t\t\t<\/div>\n\t\t<\/div>\n\t\t\t\t\t<\/div>\n\t\t<\/section>\n\t\t\t\t<section class=\"elementor-section elementor-top-section elementor-element elementor-element-d03fa05 elementor-section-full_width elementor-section-height-default elementor-section-height-default\" data-id=\"d03fa05\" data-element_type=\"section\" data-e-type=\"section\">\n\t\t\t\t\t\t<div class=\"elementor-container elementor-column-gap-default\">\n\t\t\t\t\t<div class=\"elementor-column elementor-col-100 elementor-top-column elementor-element elementor-element-c4e6e7c\" data-id=\"c4e6e7c\" data-element_type=\"column\" data-e-type=\"column\">\n\t\t\t<div class=\"elementor-widget-wrap elementor-element-populated\">\n\t\t\t\t\t\t<div class=\"elementor-element elementor-element-c9b0e54 elementor-widget elementor-widget-text-editor\" data-id=\"c9b0e54\" data-element_type=\"widget\" data-e-type=\"widget\" data-widget_type=\"text-editor.default\">\n\t\t\t\t<div class=\"elementor-widget-container\">\n\t\t\t\t\t\t\t\t\t<p>Extracto del libro &#8216;ELS DESCOBRIDORS DE PAISATGES&#8217; escrito por DAVID VILASECA (Tushita Edicions)<\/p>\t\t\t\t\t\t\t\t<\/div>\n\t\t\t\t<\/div>\n\t\t\t\t\t<\/div>\n\t\t<\/div>\n\t\t\t\t\t<\/div>\n\t\t<\/section>\n\t\t\t\t<section class=\"elementor-section elementor-top-section elementor-element elementor-element-df088b6 elementor-section-full_width elementor-section-height-default elementor-section-height-default\" data-id=\"df088b6\" data-element_type=\"section\" data-e-type=\"section\">\n\t\t\t\t\t\t<div class=\"elementor-container elementor-column-gap-default\">\n\t\t\t\t\t<div class=\"elementor-column elementor-col-100 elementor-top-column elementor-element elementor-element-298e764\" data-id=\"298e764\" data-element_type=\"column\" data-e-type=\"column\">\n\t\t\t<div class=\"elementor-widget-wrap elementor-element-populated\">\n\t\t\t\t\t\t<div class=\"elementor-element elementor-element-8e13bf9 elementor-widget elementor-widget-text-editor\" data-id=\"8e13bf9\" data-element_type=\"widget\" data-e-type=\"widget\" data-widget_type=\"text-editor.default\">\n\t\t\t\t<div class=\"elementor-widget-container\">\n\t\t\t\t\t\t\t\t\t<h5><span style=\"color: #2147c3;\">Esta es la peque\u00f1a historia de unas haza\u00f1as gloriosas y de un clan proscrito que el horror de dos guerras termin\u00f3 borrando. De los albores de una revoluci\u00f3n est\u00e9tica que, durante m\u00e1s de treinta a\u00f1os, propici\u00f3 una transformaci\u00f3n en la manera de interpretar y ver el paisaje.<\/br>\nUna novela hist\u00f3rica con un toque fant\u00e1stico sobre los sublimes paisajes pirenaicos.<\/span><\/h5>\t\t\t\t\t\t\t\t<\/div>\n\t\t\t\t<\/div>\n\t\t\t\t\t<\/div>\n\t\t<\/div>\n\t\t\t\t\t<\/div>\n\t\t<\/section>\n\t\t\t\t<section class=\"elementor-section elementor-top-section elementor-element elementor-element-7683a4a elementor-section-full_width elementor-section-height-default elementor-section-height-default\" data-id=\"7683a4a\" data-element_type=\"section\" data-e-type=\"section\">\n\t\t\t\t\t\t<div class=\"elementor-container elementor-column-gap-default\">\n\t\t\t\t\t<div class=\"elementor-column elementor-col-100 elementor-top-column elementor-element elementor-element-2f85c39\" data-id=\"2f85c39\" data-element_type=\"column\" data-e-type=\"column\">\n\t\t\t<div class=\"elementor-widget-wrap elementor-element-populated\">\n\t\t\t\t\t\t<div class=\"elementor-element elementor-element-0141fc6 elementor-widget elementor-widget-text-editor\" data-id=\"0141fc6\" data-element_type=\"widget\" data-e-type=\"widget\" data-widget_type=\"text-editor.default\">\n\t\t\t\t<div class=\"elementor-widget-container\">\n\t\t\t\t\t\t\t\t\t<p>* * * * *<\/p>\t\t\t\t\t\t\t\t<\/div>\n\t\t\t\t<\/div>\n\t\t\t\t\t<\/div>\n\t\t<\/div>\n\t\t\t\t\t<\/div>\n\t\t<\/section>\n\t\t\t\t<section class=\"elementor-section elementor-top-section elementor-element elementor-element-eabfd2e elementor-section-full_width elementor-section-height-default elementor-section-height-default\" data-id=\"eabfd2e\" data-element_type=\"section\" data-e-type=\"section\">\n\t\t\t\t\t\t<div class=\"elementor-container elementor-column-gap-default\">\n\t\t\t\t\t<div class=\"elementor-column elementor-col-33 elementor-top-column elementor-element elementor-element-3491b4a\" data-id=\"3491b4a\" data-element_type=\"column\" data-e-type=\"column\">\n\t\t\t<div class=\"elementor-widget-wrap elementor-element-populated\">\n\t\t\t\t\t\t<div class=\"elementor-element elementor-element-8a6d708 elementor-widget elementor-widget-image\" data-id=\"8a6d708\" data-element_type=\"widget\" data-e-type=\"widget\" data-widget_type=\"image.default\">\n\t\t\t\t<div class=\"elementor-widget-container\">\n\t\t\t\t\t\t\t\t\t\t\t\t\t\t\t\t<a href=\"https:\/\/nova.rutesentrerefugis.com\/wp-content\/uploads\/2023\/03\/01-ELS-DESCOBRIDORS-DE-PAISATGES-1-proleg.pdf\" target=\"_blank\">\n\t\t\t\t\t\t\t<img decoding=\"async\" width=\"500\" height=\"300\" src=\"https:\/\/rutesentrerefugis.com\/wp-content\/uploads\/2023\/03\/Proleg-Cat.jpg\" class=\"attachment-full size-full wp-image-9122\" alt=\"\" srcset=\"https:\/\/rutesentrerefugis.com\/wp-content\/uploads\/2023\/03\/Proleg-Cat.jpg 500w, https:\/\/rutesentrerefugis.com\/wp-content\/uploads\/2023\/03\/Proleg-Cat-300x180.jpg 300w\" sizes=\"(max-width: 500px) 100vw, 500px\" \/>\t\t\t\t\t\t\t\t<\/a>\n\t\t\t\t\t\t\t\t\t\t\t\t\t\t\t<\/div>\n\t\t\t\t<\/div>\n\t\t\t\t\t<\/div>\n\t\t<\/div>\n\t\t\t\t<div class=\"elementor-column elementor-col-33 elementor-top-column elementor-element elementor-element-5422ff6\" data-id=\"5422ff6\" data-element_type=\"column\" data-e-type=\"column\">\n\t\t\t<div class=\"elementor-widget-wrap elementor-element-populated\">\n\t\t\t\t\t\t<div class=\"elementor-element elementor-element-3a06e86 elementor-widget elementor-widget-image\" data-id=\"3a06e86\" data-element_type=\"widget\" data-e-type=\"widget\" data-widget_type=\"image.default\">\n\t\t\t\t<div class=\"elementor-widget-container\">\n\t\t\t\t\t\t\t\t\t\t\t\t\t\t\t\t<a href=\"https:\/\/nova.rutesentrerefugis.com\/wp-content\/uploads\/2023\/03\/02-ELS-DESCOBRIDORS-DE-PAISATGES-2-introduccio.pdf\" target=\"_blank\">\n\t\t\t\t\t\t\t<img decoding=\"async\" width=\"500\" height=\"300\" src=\"https:\/\/rutesentrerefugis.com\/wp-content\/uploads\/2023\/03\/Introduccio-Cat.jpg\" class=\"attachment-full size-full wp-image-9127\" alt=\"\" srcset=\"https:\/\/rutesentrerefugis.com\/wp-content\/uploads\/2023\/03\/Introduccio-Cat.jpg 500w, https:\/\/rutesentrerefugis.com\/wp-content\/uploads\/2023\/03\/Introduccio-Cat-300x180.jpg 300w\" sizes=\"(max-width: 500px) 100vw, 500px\" \/>\t\t\t\t\t\t\t\t<\/a>\n\t\t\t\t\t\t\t\t\t\t\t\t\t\t\t<\/div>\n\t\t\t\t<\/div>\n\t\t\t\t\t<\/div>\n\t\t<\/div>\n\t\t\t\t<div class=\"elementor-column elementor-col-33 elementor-top-column elementor-element elementor-element-9d0f39e\" data-id=\"9d0f39e\" data-element_type=\"column\" data-e-type=\"column\">\n\t\t\t<div class=\"elementor-widget-wrap elementor-element-populated\">\n\t\t\t\t\t\t<div class=\"elementor-element elementor-element-05eb4c2 elementor-widget elementor-widget-image\" data-id=\"05eb4c2\" data-element_type=\"widget\" data-e-type=\"widget\" data-widget_type=\"image.default\">\n\t\t\t\t<div class=\"elementor-widget-container\">\n\t\t\t\t\t\t\t\t\t\t\t\t\t\t\t\t<a href=\"https:\/\/nova.rutesentrerefugis.com\/wp-content\/uploads\/2023\/03\/03-ELS-DESCOBRIDORS-DE-PAISATGES-3-resum-de-personatges.pdf\" target=\"_blank\">\n\t\t\t\t\t\t\t<img loading=\"lazy\" decoding=\"async\" width=\"500\" height=\"300\" src=\"https:\/\/rutesentrerefugis.com\/wp-content\/uploads\/2023\/03\/Resum-de-Personatges-Cat.jpg\" class=\"attachment-full size-full wp-image-9126\" alt=\"\" srcset=\"https:\/\/rutesentrerefugis.com\/wp-content\/uploads\/2023\/03\/Resum-de-Personatges-Cat.jpg 500w, https:\/\/rutesentrerefugis.com\/wp-content\/uploads\/2023\/03\/Resum-de-Personatges-Cat-300x180.jpg 300w\" sizes=\"(max-width: 500px) 100vw, 500px\" \/>\t\t\t\t\t\t\t\t<\/a>\n\t\t\t\t\t\t\t\t\t\t\t\t\t\t\t<\/div>\n\t\t\t\t<\/div>\n\t\t\t\t\t<\/div>\n\t\t<\/div>\n\t\t\t\t\t<\/div>\n\t\t<\/section>\n\t\t\t\t<section class=\"elementor-section elementor-top-section elementor-element elementor-element-3cf2613 elementor-section-full_width elementor-section-height-default elementor-section-height-default\" data-id=\"3cf2613\" data-element_type=\"section\" data-e-type=\"section\">\n\t\t\t\t\t\t<div class=\"elementor-container elementor-column-gap-default\">\n\t\t\t\t\t<div class=\"elementor-column elementor-col-100 elementor-top-column elementor-element elementor-element-2f2bdf4\" data-id=\"2f2bdf4\" data-element_type=\"column\" data-e-type=\"column\">\n\t\t\t<div class=\"elementor-widget-wrap elementor-element-populated\">\n\t\t\t\t\t\t<div class=\"elementor-element elementor-element-0c5ac0f elementor-widget elementor-widget-text-editor\" data-id=\"0c5ac0f\" data-element_type=\"widget\" data-e-type=\"widget\" data-widget_type=\"text-editor.default\">\n\t\t\t\t<div class=\"elementor-widget-container\">\n\t\t\t\t\t\t\t\t\t<h5><em>En el juizio de muchos Autores, los Montes de Monserate<\/br>\ny de Monseny, son los dos mas encumbrados de Catalu\u00f1a.<\/br>\nConvengo que sean los mas altos, pero no los mas elevados,<\/br>\npues es constante que algunos de los Montes Pirin\u00e8os grandes,<\/br>\ndescuellan sus cumbres sobre estos.<\/em><\/br>\n<\/br>\nPere Serra i Postius, 1747<\/h5>\t\t\t\t\t\t\t\t<\/div>\n\t\t\t\t<\/div>\n\t\t\t\t\t<\/div>\n\t\t<\/div>\n\t\t\t\t\t<\/div>\n\t\t<\/section>\n\t\t\t\t<section class=\"elementor-section elementor-top-section elementor-element elementor-element-690c14d elementor-section-full_width elementor-section-height-default elementor-section-height-default\" data-id=\"690c14d\" data-element_type=\"section\" data-e-type=\"section\">\n\t\t\t\t\t\t<div class=\"elementor-container elementor-column-gap-default\">\n\t\t\t\t\t<div class=\"elementor-column elementor-col-100 elementor-top-column elementor-element elementor-element-d1d4073\" data-id=\"d1d4073\" data-element_type=\"column\" data-e-type=\"column\">\n\t\t\t<div class=\"elementor-widget-wrap elementor-element-populated\">\n\t\t\t\t\t\t<div class=\"elementor-element elementor-element-05c40df elementor-widget elementor-widget-text-editor\" data-id=\"05c40df\" data-element_type=\"widget\" data-e-type=\"widget\" data-widget_type=\"text-editor.default\">\n\t\t\t\t<div class=\"elementor-widget-container\">\n\t\t\t\t\t\t\t\t\t<p>CAP\u00cdTOL 0<\/p>\t\t\t\t\t\t\t\t<\/div>\n\t\t\t\t<\/div>\n\t\t\t\t\t<\/div>\n\t\t<\/div>\n\t\t\t\t\t<\/div>\n\t\t<\/section>\n\t\t\t\t<section class=\"elementor-section elementor-top-section elementor-element elementor-element-a78c011 elementor-section-full_width elementor-section-height-default elementor-section-height-default\" data-id=\"a78c011\" data-element_type=\"section\" data-e-type=\"section\">\n\t\t\t\t\t\t<div class=\"elementor-container elementor-column-gap-default\">\n\t\t\t\t\t<div class=\"elementor-column elementor-col-100 elementor-top-column elementor-element elementor-element-cd2a7b7\" data-id=\"cd2a7b7\" data-element_type=\"column\" data-e-type=\"column\">\n\t\t\t<div class=\"elementor-widget-wrap elementor-element-populated\">\n\t\t\t\t\t\t<div class=\"elementor-element elementor-element-4a5d6f2 elementor-widget elementor-widget-text-editor\" data-id=\"4a5d6f2\" data-element_type=\"widget\" data-e-type=\"widget\" data-widget_type=\"text-editor.default\">\n\t\t\t\t<div class=\"elementor-widget-container\">\n\t\t\t\t\t\t\t\t\t<h4>ALL\u00c0 DALT, ON TOT ES VEU I NING\u00da MIRA<\/h4>\t\t\t\t\t\t\t\t<\/div>\n\t\t\t\t<\/div>\n\t\t\t\t\t<\/div>\n\t\t<\/div>\n\t\t\t\t\t<\/div>\n\t\t<\/section>\n\t\t\t\t<section class=\"elementor-section elementor-top-section elementor-element elementor-element-20dcee0 elementor-section-full_width elementor-section-height-default elementor-section-height-default\" data-id=\"20dcee0\" data-element_type=\"section\" data-e-type=\"section\">\n\t\t\t\t\t\t<div class=\"elementor-container elementor-column-gap-default\">\n\t\t\t\t\t<div class=\"elementor-column elementor-col-100 elementor-top-column elementor-element elementor-element-e5e3c21\" data-id=\"e5e3c21\" data-element_type=\"column\" data-e-type=\"column\">\n\t\t\t<div class=\"elementor-widget-wrap elementor-element-populated\">\n\t\t\t\t\t\t<div class=\"elementor-element elementor-element-74e4dfb elementor-widget elementor-widget-text-editor\" data-id=\"74e4dfb\" data-element_type=\"widget\" data-e-type=\"widget\" data-widget_type=\"text-editor.default\">\n\t\t\t\t<div class=\"elementor-widget-container\">\n\t\t\t\t\t\t\t\t\t<h5>L\u2019estiu del 1779 en aquesta terra maltractada per les guerres, conf\u00ed inh\u00f2spit de valls engorjades i solcades per p\u00e8ssims camins, on els hiverns s\u00f3n m\u00e9s durs i g\u00e8lids que enlloc i les primaveres m\u00e9s esclatants, va passar un fet que, sense voler-ho ni saber-ho, havia de provocar un canvi de mentalitat d\u2019una \u00e8poca i d\u2019un pa\u00eds. Dos homes van trepitjar per primera vegada una de les muntanyes m\u00e9s altes de tota la serralada dels Pirineus; m\u00e9s alta que el Mieidia de Pau i m\u00e9s que el Canig\u00f3, que durant anys es tenia per una de les m\u00e9s altes de la vella Europa.<\/br>\nAquella mola gegantina era coneguda com la Malhaeta. Imaginada durant segles com un paisatge maligne, un desert on la f\u00faria de la pluja, el vent i la neu impedia el domini de la m\u00e0 de l\u2019home, comen\u00e7aria a ser percebuda d\u2019una manera m\u00e9s real i menys fant\u00e0stica. Dos nadius van trencar el dogma: es van enfilar fins al cim i en van baixar indemnes. Cap maledicci\u00f3 divina no els havia fulminat. Es va iniciar aix\u00ed un canvi cultural total que de mica en mica canviaria la nostra manera de veure, de sentir, d\u2019olorar i fins i tot de tocar aquell paisatge.<\/br>\nDes de temps immemorials, aquells cims havien estat l\u2019escenari ideal de tota mena d\u2019hist\u00f2ries fabuloses i de meravelles d\u2019origen sobrenatural. Els pastors explicaven l\u2019estrany comportament del bestiar en determinats llocs m\u00e0gics i, sovint, no hi faltava qui afirmava haver vist diables, faunes o nimfes. All\u00e0 on desapareixia l\u2019herba comen\u00e7ava un desert esgarrif\u00f3s que res de profit podia portar als habitants de les valls, i els seus gels, habitats per esperits, eren temuts com el dimoni.<\/br>\nA la plana llunyana i a la terra baixa, s\u2019havia sentit parlar d\u2019un pa\u00eds de conte entre muntanyes, a\u00efllat per muralles de serres encantades i pel gel dels seus fossars. Un rac\u00f3 de m\u00f3n on les agulles i crestes eren torres i baluards que esguardaven els camins, i els seus colls eren portalades que ning\u00fa creuava per gust. All\u00e0 l\u2019aigua brollava arreu i les dist\u00e0ncies encara es mesuraven a peu. Era el regne de l\u2019os, el linx, el llop, l\u2019\u00e0liga daurada i la perdiu blanca, per a gl\u00f2ria i fascinaci\u00f3 dels ca\u00e7adors i dels llibres d\u2019 hist\u00f2ria natural.<\/h5>\t\t\t\t\t\t\t\t<\/div>\n\t\t\t\t<\/div>\n\t\t\t\t\t<\/div>\n\t\t<\/div>\n\t\t\t\t\t<\/div>\n\t\t<\/section>\n\t\t\t\t<section class=\"elementor-section elementor-top-section elementor-element elementor-element-0cd2314 elementor-section-full_width elementor-section-height-default elementor-section-height-default\" data-id=\"0cd2314\" data-element_type=\"section\" data-e-type=\"section\">\n\t\t\t\t\t\t<div class=\"elementor-container elementor-column-gap-default\">\n\t\t\t\t\t<div class=\"elementor-column elementor-col-100 elementor-top-column elementor-element elementor-element-0f0a8e0\" data-id=\"0f0a8e0\" data-element_type=\"column\" data-e-type=\"column\">\n\t\t\t<div class=\"elementor-widget-wrap elementor-element-populated\">\n\t\t\t\t\t\t<div class=\"elementor-element elementor-element-2c6861d elementor-widget elementor-widget-image\" data-id=\"2c6861d\" data-element_type=\"widget\" data-e-type=\"widget\" data-widget_type=\"image.default\">\n\t\t\t\t<div class=\"elementor-widget-container\">\n\t\t\t\t\t\t\t\t\t\t\t\t\t\t\t<img loading=\"lazy\" decoding=\"async\" width=\"2000\" height=\"1125\" src=\"https:\/\/rutesentrerefugis.com\/wp-content\/uploads\/2023\/03\/Descobridors-de-Paisatges-1-NW.jpg\" class=\"attachment-full size-full wp-image-9142\" alt=\"\" srcset=\"https:\/\/rutesentrerefugis.com\/wp-content\/uploads\/2023\/03\/Descobridors-de-Paisatges-1-NW.jpg 2000w, https:\/\/rutesentrerefugis.com\/wp-content\/uploads\/2023\/03\/Descobridors-de-Paisatges-1-NW-300x169.jpg 300w, https:\/\/rutesentrerefugis.com\/wp-content\/uploads\/2023\/03\/Descobridors-de-Paisatges-1-NW-1024x576.jpg 1024w, https:\/\/rutesentrerefugis.com\/wp-content\/uploads\/2023\/03\/Descobridors-de-Paisatges-1-NW-768x432.jpg 768w, https:\/\/rutesentrerefugis.com\/wp-content\/uploads\/2023\/03\/Descobridors-de-Paisatges-1-NW-1536x864.jpg 1536w\" sizes=\"(max-width: 2000px) 100vw, 2000px\" \/>\t\t\t\t\t\t\t\t\t\t\t\t\t\t\t<\/div>\n\t\t\t\t<\/div>\n\t\t\t\t\t<\/div>\n\t\t<\/div>\n\t\t\t\t\t<\/div>\n\t\t<\/section>\n\t\t\t\t<section class=\"elementor-section elementor-top-section elementor-element elementor-element-be7075b elementor-section-full_width elementor-section-height-default elementor-section-height-default\" data-id=\"be7075b\" data-element_type=\"section\" data-e-type=\"section\">\n\t\t\t\t\t\t<div class=\"elementor-container elementor-column-gap-default\">\n\t\t\t\t\t<div class=\"elementor-column elementor-col-100 elementor-top-column elementor-element elementor-element-e90c1cb\" data-id=\"e90c1cb\" data-element_type=\"column\" data-e-type=\"column\">\n\t\t\t<div class=\"elementor-widget-wrap elementor-element-populated\">\n\t\t\t\t\t\t<div class=\"elementor-element elementor-element-345a916 elementor-widget elementor-widget-text-editor\" data-id=\"345a916\" data-element_type=\"widget\" data-e-type=\"widget\" data-widget_type=\"text-editor.default\">\n\t\t\t\t<div class=\"elementor-widget-container\">\n\t\t\t\t\t\t\t\t\t<h5>Els pocs que hi havien estat afirmaven que cap a les zones m\u00e9s altes, lluny dels poblats, tot aquell laberint de pedra i gel era una terra salvatge nom\u00e9s accessible a trav\u00e9s de ports transitables quatre o cinc mesos a l\u2019any per ocults viaranys que nom\u00e9s coneixien pastors i ca\u00e7adors, alguns miners i els contrabandistes. Fins i tot els ge\u00f2grafs del rei van tenir grans problemes a l\u2019hora de fer-ne un mapa que resultava massa buit, inconcret, gaireb\u00e9 sense camins, i en el qual els cims no eren altra cosa que un destorb geogr\u00e0fic que ni el mateix ex\u00e8rcit s\u2019 havia atrevit a explorar.<\/br>\nCertament, es podria dir que aquells enclavaments fronterers i els seus pobladors eren tan desconeguts pel rei Carles III com els ind\u00edgenes dels llunyans virregnats de l\u2019imperi. Per aix\u00f2, afeccionat com era a la ca\u00e7a i a col\u00b7leccionar tota mena de trofeus, va quedar molt sorpr\u00e8s quan va saber de l\u2019exist\u00e8ncia d\u2019un gran nombre d\u2019hercs d\u2019una mida excepcional que en ramades de m\u00e9s de cent caps campaven per aquells confins del regne. Es tractava d\u2019una mena de cabra amb una gran cornamenta, i hauria fet molt de goig en alguna de les sales de palau. Es veu que era tan singular i extraordin\u00e0ria com aquella \u00e8tnia de rudes muntanyencs que l\u2019hi feien companyia.<\/br>\nSa majestat cat\u00f2lica, rei de les dues Sic\u00edlies, de Jerusalem, de C\u00f2rsega i Sardenya, de les \u00cdndies Orientals i Occidentals, de las islas y tierra firme del mar Oc\u00e9ano i de qui sap quantes terres m\u00e9s, no en sabia ben b\u00e9 res dels Pirineus. De fet, ni tan sols sabia per on passava exactament la l\u00ednia divis\u00f2ria que separava els regnes d\u2019Espanya i de Fran\u00e7a. Estava encuriosit per aquella mena de pen\u00ednsula enmig de les terres franceses que restava amagada al vessant septentrional de la serralada i que mai cap rei espanyol havia trepitjat encara. Va transmetre aquest desig degudament en una carta al governador de l\u2019Aran:<\/br>\n<\/br>\n<em>Apreciado Gonzalo, bien sab\u00e9is mi deseo de visitar alg\u00fan verano este apartado districto de mi reino, en cuando mi obligaciones y salud lo permitan, y as\u00ed poder conocer las aldeas y sus naturales, como todos aquellos montes ricos en metales, la cr\u00eda de ganado y las cacer\u00edas de las que me hablast\u00e9is.<\/em><\/br>\n<\/br>\nI el governador, que s\u2019ho va haver de llegir dos cops, va pensar que millor que no, que s\u2019hi estava molt b\u00e9 ben lluny del rei i els seus ministres. De fet, tothom sabia que sempre havia estat molt m\u00e9s avantatj\u00f3s passar desapercebut en els afers de palau que no pas voler fer m\u00e8rits. La missiva, per\u00f2, el va sorprendre, i algun par\u00e0graf fins i tot el va inquietar:<\/br>\n<\/br>\n<em>Debo confesaros que tengo mucha mas confianza en vuestra merced que en los obispos de Commege, pero estoy preocupado por las he- rej\u00edas que llegan de Francia y las malas influencias que continuada- mente se ejercen en estos lindes.<\/em><\/br>\n<\/br>\nA l\u2019esquerpa Vielha, el cavaller don Juan Gonzalo s\u2019havia acomodat b\u00e9 al clima i als costums locals. Sabedor que el Borb\u00f3 s\u2019allunyava poc de la cort i els boscos d\u2019El Pardo, no hi havia gaire perill que compl\u00eds els seus desitjos de visitar el districte exposant-se a un viatge tan pesat.\nDes de l\u2019estrat\u00e8gica Val d\u2019Aran, perla de la Gascunha, la principal via de comunicaci\u00f3 amb Ben\u00e0s era el P\u00f2rt dera Picada, una de les rutes m\u00e9s usades per a l\u2019abastiment de tota mena de productes procedents dels corregiments aragonesos i d\u2019altres regions castellanes. Des del Plan dera Artiga, el cam\u00ed s\u2019enfilava per la Canaleta de Pom\u00e8ro cap al C\u00f2th de Lunf\u00e8rn, i per sota del Cap dera Picada arribava fins al port franc del mateix nom, on comen\u00e7ava un descens ple de giragonses en direcci\u00f3 al Plan d\u2019Estanys i cap a l\u2019espitalet de Ben\u00e0s.<\/h5>\t\t\t\t\t\t\t\t<\/div>\n\t\t\t\t<\/div>\n\t\t\t\t\t<\/div>\n\t\t<\/div>\n\t\t\t\t\t<\/div>\n\t\t<\/section>\n\t\t\t\t<section class=\"elementor-section elementor-top-section elementor-element elementor-element-5c56026 elementor-section-full_width elementor-section-height-default elementor-section-height-default\" data-id=\"5c56026\" data-element_type=\"section\" data-e-type=\"section\">\n\t\t\t\t\t\t<div class=\"elementor-container elementor-column-gap-default\">\n\t\t\t\t\t<div class=\"elementor-column elementor-col-100 elementor-top-column elementor-element elementor-element-9f9a311\" data-id=\"9f9a311\" data-element_type=\"column\" data-e-type=\"column\">\n\t\t\t<div class=\"elementor-widget-wrap elementor-element-populated\">\n\t\t\t\t\t\t<div class=\"elementor-element elementor-element-53cc1b9 elementor-widget elementor-widget-image\" data-id=\"53cc1b9\" data-element_type=\"widget\" data-e-type=\"widget\" data-widget_type=\"image.default\">\n\t\t\t\t<div class=\"elementor-widget-container\">\n\t\t\t\t\t\t\t\t\t\t\t\t\t\t\t<img loading=\"lazy\" decoding=\"async\" width=\"2000\" height=\"1125\" src=\"https:\/\/rutesentrerefugis.com\/wp-content\/uploads\/2023\/03\/Descobridors-de-Paisatges-2-NW.jpg\" class=\"attachment-full size-full wp-image-9143\" alt=\"\" srcset=\"https:\/\/rutesentrerefugis.com\/wp-content\/uploads\/2023\/03\/Descobridors-de-Paisatges-2-NW.jpg 2000w, https:\/\/rutesentrerefugis.com\/wp-content\/uploads\/2023\/03\/Descobridors-de-Paisatges-2-NW-300x169.jpg 300w, https:\/\/rutesentrerefugis.com\/wp-content\/uploads\/2023\/03\/Descobridors-de-Paisatges-2-NW-1024x576.jpg 1024w, https:\/\/rutesentrerefugis.com\/wp-content\/uploads\/2023\/03\/Descobridors-de-Paisatges-2-NW-768x432.jpg 768w, https:\/\/rutesentrerefugis.com\/wp-content\/uploads\/2023\/03\/Descobridors-de-Paisatges-2-NW-1536x864.jpg 1536w\" sizes=\"(max-width: 2000px) 100vw, 2000px\" \/>\t\t\t\t\t\t\t\t\t\t\t\t\t\t\t<\/div>\n\t\t\t\t<\/div>\n\t\t\t\t\t<\/div>\n\t\t<\/div>\n\t\t\t\t\t<\/div>\n\t\t<\/section>\n\t\t\t\t<section class=\"elementor-section elementor-top-section elementor-element elementor-element-7a1619c elementor-section-full_width elementor-section-height-default elementor-section-height-default\" data-id=\"7a1619c\" data-element_type=\"section\" data-e-type=\"section\">\n\t\t\t\t\t\t<div class=\"elementor-container elementor-column-gap-default\">\n\t\t\t\t\t<div class=\"elementor-column elementor-col-100 elementor-top-column elementor-element elementor-element-b944478\" data-id=\"b944478\" data-element_type=\"column\" data-e-type=\"column\">\n\t\t\t<div class=\"elementor-widget-wrap elementor-element-populated\">\n\t\t\t\t\t\t<div class=\"elementor-element elementor-element-cbdbe6f elementor-widget elementor-widget-text-editor\" data-id=\"cbdbe6f\" data-element_type=\"widget\" data-e-type=\"widget\" data-widget_type=\"text-editor.default\">\n\t\t\t\t<div class=\"elementor-widget-container\">\n\t\t\t\t\t\t\t\t\t<h5>Prop del port hi havia tamb\u00e9 el Pas dera Escaleta, una via directa cap a l\u2019espitau de Banh\u00e8res per la vall de la Fr\u00e8isha i, m\u00e9s al nord, els ports de la Montj\u00f2ia o el Pas de Vilam\u00f2s, amb alguns dels corriols m\u00e9s tortuosos de la zona, amb passos i bretxes que comunicaven amb penes i treballs els habitants de l\u2019Aran amb els ve\u00efnats de Luishon, com el C\u00f2th de Baretja. Una altra via era Eth Portilhon, l\u2019\u00fanic pas d\u2019aquesta zona vigilat tot l\u2019any per la gu\u00e0rdia fronterera i que tenia un manteniment peri\u00f2dic que permetia la circulaci\u00f3 de carruatges.<\/br>\nMirant cap a migjorn i seguint el termenal per les serres de Bargues, la Tuca Blanca de P\u00f2mero, Penanera, fins a la poderosa penya Forcanada, hi havia tamb\u00e9 alguns passos solitaris com el port Deth Toro o el Des Aranesi, \u00fanicament transitats per ca\u00e7adors i guillats sense pena ni gl\u00f2ria; es tractava d\u2019uns corriols que des de la Valleta de l\u2019Escaleta menaven cap a Artiga de Lin. M\u00e9s enll\u00e0, hi havia el cam\u00ed del riu Nere, o b\u00e9 el barranc de Moli\u00e8res, terreny de buscadors d\u2019or i cau de bruixes, que tenien les seves barraques a prop de la riba del riu. I m\u00e9s enll\u00e0, el fam\u00f3s port de Vielha, la principal via de comunicaci\u00f3 cap a les terres de Lleida i punt de pas obligat per anar cap al Pont de Suert, apte per a les cavalleries, i que rebia l\u2019assist\u00e8ncia de l\u2019 hospitau de Vielha i la capelleta de Sant Nicolau d\u2019Es Pont\u00e8hs. Era en aquesta celeb\u00e8rrima collada, a la falda del Tuc de Montan\u00e8ro, on cada primavera es podia observar un fenomen curi\u00f3s i propi d\u2019aquelles congestes: uns mossos prove\u00efts amb una pell de cabra o amb part dels mateixos guarniments de les b\u00e8sties es deixaven anar per la neu lliscant pendent avall. Aix\u00ed escur\u00e7aven un bon tros de trajecte amb una t\u00e8cnica tan rudiment\u00e0ria com efectiva; per aix\u00f2 ben aviat la van copiar els seus ve\u00efns ribagor\u00e7ans.<\/br>\nDes de la fecunda vall de Ben\u00e0s, les comunicacions cap a Fran\u00e7a oferien no pas poques penalitats als viatgers: calia superar grans desnivells a una banda i l\u2019altra de la muga, i transitar per camins de cabres que feien perillar les caravanes de mules i els cavalls dels genets m\u00e9s experimentats, per aix\u00f2 sovint calia reparar les ferradures que es desprenien de les pe\u00fclles dels animals.<\/br>\nEls passos m\u00e9s utilitzats eren el de la Glera, el de Gorgutas i el fam\u00f3s Portill\u00f3 de Ben\u00e0s, una petita bretxa eixamplada a cops de mall i cisell per permetre el pas d\u2019aquests animals de c\u00e0rrega. Eren corriols tortuosos aguantats per parets de pedra seca tossudament refetes durant d\u00e8cades i d\u00e8cades.<\/br>\nDel sud de les Male\u00efdes, de les vastes solituds de Maliberna i les Roques Trencades, la Serra Negra, Llauset, Anglos i Salenques, ben poca cosa se\u2019n sabia encara. Eren paratges remots que quedaven lluny dels camins i de totes les bordes i refugis coneguts on hivernaven les b\u00e8sties.<\/br>\nSens dubte tot aquell paisatge havia determinat la mentalitat i el car\u00e0cter dels naturals del pa\u00eds, que eren aspres i hostils, durs, freds i reconsagrats. Ning\u00fa com ells coneixia el poder destructiu d\u2019una natura que patien i lamentaven, i no podien sin\u00f3 avorrir aquelles muntanyotes que els limitaven els moviments i els migrats recursos. Eren homes i dones bregats que durant segles havien maldat per transformar la natura, que des del fons de les valls havien anat remuntant els rius per establir-hi els seus llogarrets, colonitzant feixes, boscos i praderies, i construint-hi una xarxa de camins, refugis, molins, passeres i petites canalitzacions d\u2019aigua.<\/br>\nAlguns d\u2019aquests homes, contrabandistes i ca\u00e7adors, formaven part d\u2019un clan que va arribar a ser conegut per tota la Val d\u2019Aran, la Ribagor\u00e7a i la Garona-Nauta amb el nom de deth Horcalh. D\u2019aquets individus semisalvatges en parlaven certs viatgers en tert\u00falies de sobretaula per vantar-se d\u2019haver-s\u2019hi topat cara a cara als espitaus o en alguna marrada d\u2019un port solitari. Es tractava dels mateixos homenots que alguns van arribar a con\u00e8ixer amb el sobrenom for\u00e0 de \u00abels descobridors de paisatges\u00bb.<\/h5>\t\t\t\t\t\t\t\t<\/div>\n\t\t\t\t<\/div>\n\t\t\t\t\t<\/div>\n\t\t<\/div>\n\t\t\t\t\t<\/div>\n\t\t<\/section>\n\t\t\t\t<section class=\"elementor-section elementor-top-section elementor-element elementor-element-a685271 elementor-section-full_width elementor-section-height-default elementor-section-height-default\" data-id=\"a685271\" data-element_type=\"section\" data-e-type=\"section\">\n\t\t\t\t\t\t<div class=\"elementor-container elementor-column-gap-default\">\n\t\t\t\t\t<div class=\"elementor-column elementor-col-100 elementor-top-column elementor-element elementor-element-88e866e\" data-id=\"88e866e\" data-element_type=\"column\" data-e-type=\"column\">\n\t\t\t<div class=\"elementor-widget-wrap elementor-element-populated\">\n\t\t\t\t\t\t<div class=\"elementor-element elementor-element-173d53b elementor-widget elementor-widget-image\" data-id=\"173d53b\" data-element_type=\"widget\" data-e-type=\"widget\" data-widget_type=\"image.default\">\n\t\t\t\t<div class=\"elementor-widget-container\">\n\t\t\t\t\t\t\t\t\t\t\t\t\t\t\t<img loading=\"lazy\" decoding=\"async\" width=\"2000\" height=\"1500\" src=\"https:\/\/rutesentrerefugis.com\/wp-content\/uploads\/2023\/03\/Descobridors-de-Paisatges-3-NW.jpg\" class=\"attachment-full size-full wp-image-9144\" alt=\"\" srcset=\"https:\/\/rutesentrerefugis.com\/wp-content\/uploads\/2023\/03\/Descobridors-de-Paisatges-3-NW.jpg 2000w, https:\/\/rutesentrerefugis.com\/wp-content\/uploads\/2023\/03\/Descobridors-de-Paisatges-3-NW-300x225.jpg 300w, https:\/\/rutesentrerefugis.com\/wp-content\/uploads\/2023\/03\/Descobridors-de-Paisatges-3-NW-1024x768.jpg 1024w, https:\/\/rutesentrerefugis.com\/wp-content\/uploads\/2023\/03\/Descobridors-de-Paisatges-3-NW-768x576.jpg 768w, https:\/\/rutesentrerefugis.com\/wp-content\/uploads\/2023\/03\/Descobridors-de-Paisatges-3-NW-1536x1152.jpg 1536w\" sizes=\"(max-width: 2000px) 100vw, 2000px\" \/>\t\t\t\t\t\t\t\t\t\t\t\t\t\t\t<\/div>\n\t\t\t\t<\/div>\n\t\t\t\t\t<\/div>\n\t\t<\/div>\n\t\t\t\t\t<\/div>\n\t\t<\/section>\n\t\t\t\t<section class=\"elementor-section elementor-top-section elementor-element elementor-element-cb3e3bb elementor-section-full_width elementor-section-height-default elementor-section-height-default\" data-id=\"cb3e3bb\" data-element_type=\"section\" data-e-type=\"section\">\n\t\t\t\t\t\t<div class=\"elementor-container elementor-column-gap-default\">\n\t\t\t\t\t<div class=\"elementor-column elementor-col-100 elementor-top-column elementor-element elementor-element-f42f027\" data-id=\"f42f027\" data-element_type=\"column\" data-e-type=\"column\">\n\t\t\t<div class=\"elementor-widget-wrap elementor-element-populated\">\n\t\t\t\t\t\t<div class=\"elementor-element elementor-element-d9b8aa7 elementor-widget elementor-widget-text-editor\" data-id=\"d9b8aa7\" data-element_type=\"widget\" data-e-type=\"widget\" data-widget_type=\"text-editor.default\">\n\t\t\t\t<div class=\"elementor-widget-container\">\n\t\t\t\t\t\t\t\t\t<h5>No eren bandits ni malfactors, per\u00f2 s\u00ed que eren uns tipus excepcionals. Tant passaven clandestins burlant la gu\u00e0rdia fronterera, com tractaven amb clergues i arist\u00f2crates. Tant podien traficar amb tabac, armes, llibres o moneda, com escortar caravanes i conduir naturalistes fins a les cornises m\u00e9s vertiginoses per cercar les plantes i els minerals m\u00e9s estranys.<\/br>\nDiu la llegenda que se\u2019ls podia recon\u00e8ixer per unes marques que duien als bra\u00e7os, sembla que fetes amb foc o amb escarificacions, que identificaven la pertinen\u00e7a al clan. Aquestes marques simbolitzaven un penyal en forma de forca que anomenaven Malh des Pois i que posse\u00efa una gran c\u00e0rrega m\u00e0gica o energ\u00e8tica. Ben poc se\u2019n sap, per\u00f2, de l\u2019origen del clan, de quants homes l\u2019integraven i de les seves gestes perqu\u00e8 els seus trets est\u00e8tics no van arribar a les seg\u00fcents generacions, i a la fi de la invasi\u00f3 napole\u00f2nica se\u2019n va esborrar el rastre.<\/br>\nUn d\u2019aquells homenots genials era en Rigaut Moli\u00e8res, nascut a Es B\u00f2rdes de Ben\u00f3s i criat a les muntanyes del riu Jo\u00e8u. Ja de ben jove, fugint de la mis\u00e8ria com tants d\u2019altres, va estar a punt de tirar riu avall i anar a buscar feina a les planes franceses. Per\u00f2 va tirar riu amunt, va vendre les quatre cabres que tenia i es va unir als contrabandistes de les cabanes d\u2019Artiga. Primer com a portejador que havia de recollir els fardos que li deixaven de matinada a dalt de Era Picada, i m\u00e9s tard, empunyant un pedrenyal com a guardi\u00e0 de les caravanes de mules.<\/br>\nEl dest\u00ed va voler que un dia, als Uelhs deth Jo\u00e8u, es top\u00e9s amb l\u2019explorador Bartomieu Bigalt, un personatge estrafolari i sinistre que solia rondar pel Pallars, per l\u2019Aran, i m\u00e9s o menys per tota la Ribagor\u00e7a, sempre buscant antigalles i tota mena d\u2019objectes amb poders m\u00e0gics. Era el que en deien llavors un \u00abca\u00e7ador de meravelles\u00bb, una mena de marxant de rel\u00edquies i objectes estranys, que despr\u00e9s acostumava a vendre\u2019ls a Barcelona, d\u2019on deien que rebia enc\u00e0rrecs d\u2019algun senyor molt ric i d\u2019un gabinet de curiositats. Tant se li podia demanar una pell d\u2019os com un reliquiari, llibres, gravats, segells, vitralls&#8230; o qualsevol pedra o herba amb poders sobrenaturals.<\/br>\n<\/br>\n\u2014Noi! Hauries de ser el meu escuder \u2014li va dir el marxant barrut abusant de la confian\u00e7a al fer-lo massa jove\u2014. Et pagar\u00e9 b\u00e9.<\/br>\n\u2014V\u00f3s no sou de fiar, Bartomieu, no abuseu de la meva paci\u00e8ncia, que aqu\u00ed dalt, si us pass\u00e9s res, mai m\u00e9s us trobaria ning\u00fa \u2014va dir-li tot jugant amb el pedrenyal i apuntant les alforges del seu cavall.<\/br>\n<\/br>\nBen cert \u00e9s per\u00f2 que en Rigaut va acompanyar m\u00e9s d\u2019una vegada aquell homenot muntanya amunt a cercar la meravella dels pastors i xais convertits en pedra, fins i tot maldaren amb totes les seves forces per arrencar un cabrit petrificat, sense aconseguir-ho. Amb nom\u00e9s vint anys, en Rigaut ja era un l\u00edder respectat que controlava el pas de mercaderies entre l\u2019espitau de Ben\u00e0s i el d\u2019Artiga. La gosadia de les seves accions \u2014era capa\u00e7 de travessar els ports en ple hivern\u2014 i la seva capacitat de fer-se foned\u00eds a la frontera acabarien convertint-lo en un contrabandista llegendari. No se sap quantes vegades va arribar a pujar a la Malhaeta al llarg de la seva vida, per\u00f2 sobrevisqu\u00e9 a la Guerra Gran. I encara el 1806, quan ja era un home d\u2019edat avan\u00e7ada, va participar en les pomposes expedicions d\u2019abans de l\u2019ocupaci\u00f3 napole\u00f2nica.<\/h5>\t\t\t\t\t\t\t\t<\/div>\n\t\t\t\t<\/div>\n\t\t\t\t\t<\/div>\n\t\t<\/div>\n\t\t\t\t\t<\/div>\n\t\t<\/section>\n\t\t\t\t<section class=\"elementor-section elementor-top-section elementor-element elementor-element-a04f799 elementor-section-full_width elementor-section-height-default elementor-section-height-default\" data-id=\"a04f799\" data-element_type=\"section\" data-e-type=\"section\">\n\t\t\t\t\t\t<div class=\"elementor-container elementor-column-gap-default\">\n\t\t\t\t\t<div class=\"elementor-column elementor-col-100 elementor-top-column elementor-element elementor-element-d6156e0\" data-id=\"d6156e0\" data-element_type=\"column\" data-e-type=\"column\">\n\t\t\t<div class=\"elementor-widget-wrap elementor-element-populated\">\n\t\t\t\t\t\t<div class=\"elementor-element elementor-element-98e0943 elementor-widget elementor-widget-image\" data-id=\"98e0943\" data-element_type=\"widget\" data-e-type=\"widget\" data-widget_type=\"image.default\">\n\t\t\t\t<div class=\"elementor-widget-container\">\n\t\t\t\t\t\t\t\t\t\t\t\t\t\t\t<img loading=\"lazy\" decoding=\"async\" width=\"2000\" height=\"1500\" src=\"https:\/\/rutesentrerefugis.com\/wp-content\/uploads\/2023\/03\/Descobridors-de-Paisatges-4-NW.jpg\" class=\"attachment-full size-full wp-image-9146\" alt=\"\" srcset=\"https:\/\/rutesentrerefugis.com\/wp-content\/uploads\/2023\/03\/Descobridors-de-Paisatges-4-NW.jpg 2000w, https:\/\/rutesentrerefugis.com\/wp-content\/uploads\/2023\/03\/Descobridors-de-Paisatges-4-NW-300x225.jpg 300w, https:\/\/rutesentrerefugis.com\/wp-content\/uploads\/2023\/03\/Descobridors-de-Paisatges-4-NW-1024x768.jpg 1024w, https:\/\/rutesentrerefugis.com\/wp-content\/uploads\/2023\/03\/Descobridors-de-Paisatges-4-NW-768x576.jpg 768w, https:\/\/rutesentrerefugis.com\/wp-content\/uploads\/2023\/03\/Descobridors-de-Paisatges-4-NW-1536x1152.jpg 1536w\" sizes=\"(max-width: 2000px) 100vw, 2000px\" \/>\t\t\t\t\t\t\t\t\t\t\t\t\t\t\t<\/div>\n\t\t\t\t<\/div>\n\t\t\t\t\t<\/div>\n\t\t<\/div>\n\t\t\t\t\t<\/div>\n\t\t<\/section>\n\t\t\t\t<section class=\"elementor-section elementor-top-section elementor-element elementor-element-8e9edc0 elementor-section-full_width elementor-section-height-default elementor-section-height-default\" data-id=\"8e9edc0\" data-element_type=\"section\" data-e-type=\"section\">\n\t\t\t\t\t\t<div class=\"elementor-container elementor-column-gap-default\">\n\t\t\t\t\t<div class=\"elementor-column elementor-col-100 elementor-top-column elementor-element elementor-element-fb7806d\" data-id=\"fb7806d\" data-element_type=\"column\" data-e-type=\"column\">\n\t\t\t<div class=\"elementor-widget-wrap elementor-element-populated\">\n\t\t\t\t\t\t<div class=\"elementor-element elementor-element-c5f557f elementor-widget elementor-widget-text-editor\" data-id=\"c5f557f\" data-element_type=\"widget\" data-e-type=\"widget\" data-widget_type=\"text-editor.default\">\n\t\t\t\t<div class=\"elementor-widget-container\">\n\t\t\t\t\t\t\t\t\t<h5>El seu soci, que tamb\u00e9 havia tirat riu amunt, era un tal Pueyo, \u00e0lies Chuanot, nascut al llogarret de Grist. Era un ardit contrabandista i ca\u00e7ador d\u2019ossos, la carn i el greix dels quals venia a Luishon, on eren molt apreciats. Deien a Ben\u00e0s que practicava conjurs contra les tempestes i que exercia de curandero perqu\u00e8 coneixia el poder de les pedres i les plantes. Durant els mesos de bonan\u00e7a, solia habitar una cabana al pla d\u2019Aigualluts. All\u00e0, cada nit de Sant Joan, juntament amb altres membres del clan feien un ritual que els donava bona sort i els allunyava de les malalties: es treien la roba i es rebolcaven en un prat moll per la rosada. Fins la seva mort, ocorreguda durant la guerra del Franc\u00e8s, va ser l\u2019 home que havia pujat m\u00e9s vegades a la Malhaeta.<\/br>\nEntre tots dos exercien el patriarcat del clan deth Horcalh i els seus integrants els devien lleialtat. Al seu costat, i fent les funcions de lloctinent, hi havia llavors un home anomenat Franc Lagouli\u00e8res, fill de Luishon, el segon m\u00e9s gran per edat. Era un conegut especialista en el comer\u00e7 il\u00b7legal de bestiar de peu rod\u00f3 a banda i banda de la muga. Es tractava d\u2019un home viatjat, que ja des de ben jove, i amb els seus germans, havia trescat per totes les carrerades, des de Campsaure i per tot l\u2019Aran, fins al Coll de Jard\u00f3, al Conflent. Era un trinxeraire il\u00b7lustrat que encara mantenia un cau al mateix tuguri que l\u2019havia vist n\u00e9ixer, encofurnat en aquells carrerons foscos i l\u00fagubres, i els ve\u00efns li seguien professant respecte i estimaci\u00f3. Verals de Luishon on, si s\u2019anava porta per porta, en sortien m\u00e9s contrabandistes, saltejadors, tafurs i rapinyaires, que no pas artesans, marxants o comerciants de pro. \u00bfQu\u00e8 dir-ne? Era un lloc on dif\u00edcilment aniria a parar un bourgeois si no fos per alleujar les passions mes baixes.<\/br>\nVan ser ells tres i els seus sequa\u00e7os qui van obrir nous passos, van travessar bretxes, crestes i congestes, i van grimpar m\u00e9s amunt que ning\u00fa, fins all\u00e0 dalt on tot es veu i ning\u00fa mira, convertits en fidels assistents al servei dels somnis d\u2019uns forasters rics i poderosos. Es van avesar a fer la feina bruta, a ser discrets quan la imaginaci\u00f3 d\u2019aquells senyors anava m\u00e9s lluny d\u2019on podien arribar a peu o amb cavalleries. Eren vulgars per\u00f2 imprescindibles i els llibres ometien sempre els seus noms.<\/br>\nAl sud de Fran\u00e7a, la moda de viatjar havia propiciat l\u2019eclosi\u00f3 de les termes de Luishon i, d\u2019en\u00e7\u00e0 de la visita del gran duc de Richelieu, molta gent benestant anava a gaudir de les seves aig\u00fces, de l\u2019aire pur de la muntanya i de la seva bona cuina. Gran recompensa si es comparava amb les infames postes i fondes de cam\u00ed ral que feien dels viatges un malson. A la vila termal hi havia feina per a tothom: mercaders, metges, pelegrins, tractants de bestiar, perolers, llenyataires i venedors de fum. Gent de tota condici\u00f3 omplia els seus carrers, els hostals i les tavernes. Els bordells eren can Mai Tanquis i per les avingudes deambulaven vestits llampants, idiomes estranys i les dones m\u00e9s boniques del m\u00f3n.<\/br>\nAquesta \u00e9s la petita hist\u00f2ria d\u2019unes gestes glorioses i d\u2019un clan proscrit que l\u2019 horror de dues guerres va acabar esborrant. De les primeres albors d\u2019una revoluci\u00f3 est\u00e8tica que, durant m\u00e9s de trenta anys, va propiciar una transformaci\u00f3 en la manera d\u2019interpretar i veure el paisatge.<\/h5>\t\t\t\t\t\t\t\t<\/div>\n\t\t\t\t<\/div>\n\t\t\t\t\t<\/div>\n\t\t<\/div>\n\t\t\t\t\t<\/div>\n\t\t<\/section>\n\t\t\t\t<section class=\"elementor-section elementor-top-section elementor-element elementor-element-f148020 elementor-section-full_width elementor-section-height-default elementor-section-height-default\" data-id=\"f148020\" data-element_type=\"section\" data-e-type=\"section\">\n\t\t\t\t\t\t<div class=\"elementor-container elementor-column-gap-default\">\n\t\t\t\t\t<div class=\"elementor-column elementor-col-100 elementor-top-column elementor-element elementor-element-8f9f6f4\" data-id=\"8f9f6f4\" data-element_type=\"column\" data-e-type=\"column\">\n\t\t\t<div class=\"elementor-widget-wrap elementor-element-populated\">\n\t\t\t\t\t\t<div class=\"elementor-element elementor-element-50d54f6 elementor-widget elementor-widget-spacer\" data-id=\"50d54f6\" data-element_type=\"widget\" data-e-type=\"widget\" data-widget_type=\"spacer.default\">\n\t\t\t\t<div class=\"elementor-widget-container\">\n\t\t\t\t\t\t\t<div class=\"elementor-spacer\">\n\t\t\t<div class=\"elementor-spacer-inner\"><\/div>\n\t\t<\/div>\n\t\t\t\t\t\t<\/div>\n\t\t\t\t<\/div>\n\t\t\t\t\t<\/div>\n\t\t<\/div>\n\t\t\t\t\t<\/div>\n\t\t<\/section>\n\t\t\t\t<section class=\"elementor-section elementor-top-section elementor-element elementor-element-b7002c1 elementor-section-full_width elementor-section-height-default elementor-section-height-default\" data-id=\"b7002c1\" data-element_type=\"section\" data-e-type=\"section\" data-settings=\"{&quot;background_background&quot;:&quot;classic&quot;}\">\n\t\t\t\t\t\t<div class=\"elementor-container elementor-column-gap-default\">\n\t\t\t\t\t<div class=\"elementor-column elementor-col-100 elementor-top-column elementor-element elementor-element-7907b10\" data-id=\"7907b10\" data-element_type=\"column\" data-e-type=\"column\">\n\t\t\t<div class=\"elementor-widget-wrap elementor-element-populated\">\n\t\t\t\t\t\t<div class=\"elementor-element elementor-element-65ac145 elementor-widget elementor-widget-image\" data-id=\"65ac145\" data-element_type=\"widget\" data-e-type=\"widget\" data-widget_type=\"image.default\">\n\t\t\t\t<div class=\"elementor-widget-container\">\n\t\t\t\t\t\t\t\t\t\t\t\t\t\t\t<img loading=\"lazy\" decoding=\"async\" width=\"100\" height=\"100\" src=\"https:\/\/rutesentrerefugis.com\/wp-content\/uploads\/2023\/03\/David-Vilaseca-NW.jpg\" class=\"attachment-full size-full wp-image-9104\" alt=\"\" \/>\t\t\t\t\t\t\t\t\t\t\t\t\t\t\t<\/div>\n\t\t\t\t<\/div>\n\t\t\t\t<div class=\"elementor-element elementor-element-a13caad elementor-widget elementor-widget-text-editor\" data-id=\"a13caad\" data-element_type=\"widget\" data-e-type=\"widget\" data-widget_type=\"text-editor.default\">\n\t\t\t\t<div class=\"elementor-widget-container\">\n\t\t\t\t\t\t\t\t\t<h4>DAVID VILASECA<\/h4>\n<h5>(Sant Quirze de Besora, 1973) Pirineista y escritor. Ha publicado los libros: Emili Juncadella aventures d\u2019un burg\u00e8s als Pirineus (Cosset\u00e0nia 2004) personaje sobre el cual ha realizado charlas y exposiciones. Rere Els Passos d\u2019Artur Osona (Gombau de Besora 2016) y Masos R\u00f2necs (Adet 2018) junto con Antoni Prat. Redactor de la revista El 855, Butllet\u00ed Independent del Bisaura, ha colaborado en: Descobrir Catalunya, Arrels, V\u00e8rtex, Muntanya, Excursionisme, Monografies del Montseny, el digital El Muntanyenc.cat y otros como La Lluna en un Cove. Los a\u00f1os 2010 y 2013 gan\u00f3 el premio de periodismo de monta\u00f1a y aventura en el &#8216;Festival de Cinema de Muntanya de Torell\u00f3&#8217;. Y el 2018, como coautor, el premio &#8216;Pica d\u2019Estats&#8217; de la Diputaci\u00f3 de Lleida al mejor trabajo en prensa especializada en viajes y turismo.<\/h5>\t\t\t\t\t\t\t\t<\/div>\n\t\t\t\t<\/div>\n\t\t\t\t\t<\/div>\n\t\t<\/div>\n\t\t\t\t\t<\/div>\n\t\t<\/section>\n\t\t\t\t<section class=\"elementor-section elementor-top-section elementor-element elementor-element-c5916d8 elementor-section-full_width elementor-section-height-default elementor-section-height-default\" data-id=\"c5916d8\" data-element_type=\"section\" data-e-type=\"section\">\n\t\t\t\t\t\t<div class=\"elementor-container elementor-column-gap-default\">\n\t\t\t\t\t<div class=\"elementor-column elementor-col-100 elementor-top-column elementor-element elementor-element-eaf7d1c\" data-id=\"eaf7d1c\" data-element_type=\"column\" data-e-type=\"column\">\n\t\t\t<div class=\"elementor-widget-wrap elementor-element-populated\">\n\t\t\t\t\t\t<div class=\"elementor-element elementor-element-a4f2400 elementor-widget elementor-widget-spacer\" data-id=\"a4f2400\" data-element_type=\"widget\" data-e-type=\"widget\" data-widget_type=\"spacer.default\">\n\t\t\t\t<div class=\"elementor-widget-container\">\n\t\t\t\t\t\t\t<div class=\"elementor-spacer\">\n\t\t\t<div class=\"elementor-spacer-inner\"><\/div>\n\t\t<\/div>\n\t\t\t\t\t\t<\/div>\n\t\t\t\t<\/div>\n\t\t\t\t\t<\/div>\n\t\t<\/div>\n\t\t\t\t\t<\/div>\n\t\t<\/section>\n\t\t\t\t<section class=\"elementor-section elementor-top-section elementor-element elementor-element-d03f068 elementor-section-full_width elementor-section-height-default elementor-section-height-default\" data-id=\"d03f068\" data-element_type=\"section\" data-e-type=\"section\">\n\t\t\t\t\t\t<div class=\"elementor-container elementor-column-gap-default\">\n\t\t\t\t\t<div class=\"elementor-column elementor-col-100 elementor-top-column elementor-element elementor-element-67197d5\" data-id=\"67197d5\" data-element_type=\"column\" data-e-type=\"column\">\n\t\t\t<div class=\"elementor-widget-wrap elementor-element-populated\">\n\t\t\t\t\t\t<div class=\"elementor-element elementor-element-43b22c2 elementor-widget elementor-widget-heading\" data-id=\"43b22c2\" data-element_type=\"widget\" data-e-type=\"widget\" data-widget_type=\"heading.default\">\n\t\t\t\t<div class=\"elementor-widget-container\">\n\t\t\t\t\t<h5 class=\"elementor-heading-title elementor-size-default\"><font color=\"#999999\"><u>Por si quieres compartir esta cr\u00f3nica<\/u><\/font><\/h5>\t\t\t\t<\/div>\n\t\t\t\t<\/div>\n\t\t\t\t\t<\/div>\n\t\t<\/div>\n\t\t\t\t\t<\/div>\n\t\t<\/section>\n\t\t\t\t<section class=\"elementor-section elementor-top-section elementor-element elementor-element-691fa33 elementor-section-full_width elementor-section-height-default elementor-section-height-default\" data-id=\"691fa33\" data-element_type=\"section\" data-e-type=\"section\">\n\t\t\t\t\t\t<div class=\"elementor-container elementor-column-gap-default\">\n\t\t\t\t\t<div class=\"elementor-column elementor-col-100 elementor-top-column elementor-element elementor-element-45d5ec7\" data-id=\"45d5ec7\" data-element_type=\"column\" data-e-type=\"column\">\n\t\t\t<div class=\"elementor-widget-wrap elementor-element-populated\">\n\t\t\t\t\t\t<div class=\"elementor-element elementor-element-75ed3c8 elementor-share-buttons--view-icon elementor-share-buttons--skin-framed elementor-share-buttons--shape-circle elementor-share-buttons--color-custom elementor-grid-0 elementor-widget elementor-widget-share-buttons\" data-id=\"75ed3c8\" data-element_type=\"widget\" data-e-type=\"widget\" data-widget_type=\"share-buttons.default\">\n\t\t\t\t<div class=\"elementor-widget-container\">\n\t\t\t\t\t\t\t<div class=\"elementor-grid\" role=\"list\">\n\t\t\t\t\t\t\t\t<div class=\"elementor-grid-item\" role=\"listitem\">\n\t\t\t\t\t\t<div class=\"elementor-share-btn elementor-share-btn_facebook\" role=\"button\" tabindex=\"0\" aria-label=\"Compartir en facebook\">\n\t\t\t\t\t\t\t\t\t\t\t\t\t\t\t<span class=\"elementor-share-btn__icon\">\n\t\t\t\t\t\t\t\t<i class=\"fab fa-facebook\" aria-hidden=\"true\"><\/i>\t\t\t\t\t\t\t<\/span>\n\t\t\t\t\t\t\t\t\t\t\t\t\t\t\t\t\t\t\t\t<\/div>\n\t\t\t\t\t<\/div>\n\t\t\t\t\t\t\t\t\t<div class=\"elementor-grid-item\" role=\"listitem\">\n\t\t\t\t\t\t<div class=\"elementor-share-btn elementor-share-btn_twitter\" role=\"button\" tabindex=\"0\" aria-label=\"Compartir en twitter\">\n\t\t\t\t\t\t\t\t\t\t\t\t\t\t\t<span class=\"elementor-share-btn__icon\">\n\t\t\t\t\t\t\t\t<i class=\"fab fa-twitter\" aria-hidden=\"true\"><\/i>\t\t\t\t\t\t\t<\/span>\n\t\t\t\t\t\t\t\t\t\t\t\t\t\t\t\t\t\t\t\t<\/div>\n\t\t\t\t\t<\/div>\n\t\t\t\t\t\t\t\t\t<div class=\"elementor-grid-item\" role=\"listitem\">\n\t\t\t\t\t\t<div class=\"elementor-share-btn elementor-share-btn_telegram\" role=\"button\" tabindex=\"0\" aria-label=\"Compartir en telegram\">\n\t\t\t\t\t\t\t\t\t\t\t\t\t\t\t<span class=\"elementor-share-btn__icon\">\n\t\t\t\t\t\t\t\t<i class=\"fab fa-telegram\" aria-hidden=\"true\"><\/i>\t\t\t\t\t\t\t<\/span>\n\t\t\t\t\t\t\t\t\t\t\t\t\t\t\t\t\t\t\t\t<\/div>\n\t\t\t\t\t<\/div>\n\t\t\t\t\t\t\t\t\t<div class=\"elementor-grid-item\" role=\"listitem\">\n\t\t\t\t\t\t<div class=\"elementor-share-btn elementor-share-btn_pinterest\" role=\"button\" tabindex=\"0\" aria-label=\"Compartir en pinterest\">\n\t\t\t\t\t\t\t\t\t\t\t\t\t\t\t<span class=\"elementor-share-btn__icon\">\n\t\t\t\t\t\t\t\t<i class=\"fab fa-pinterest\" aria-hidden=\"true\"><\/i>\t\t\t\t\t\t\t<\/span>\n\t\t\t\t\t\t\t\t\t\t\t\t\t\t\t\t\t\t\t\t<\/div>\n\t\t\t\t\t<\/div>\n\t\t\t\t\t\t\t\t\t<div class=\"elementor-grid-item\" role=\"listitem\">\n\t\t\t\t\t\t<div class=\"elementor-share-btn elementor-share-btn_whatsapp\" role=\"button\" tabindex=\"0\" aria-label=\"Compartir en whatsapp\">\n\t\t\t\t\t\t\t\t\t\t\t\t\t\t\t<span class=\"elementor-share-btn__icon\">\n\t\t\t\t\t\t\t\t<i class=\"fab fa-whatsapp\" aria-hidden=\"true\"><\/i>\t\t\t\t\t\t\t<\/span>\n\t\t\t\t\t\t\t\t\t\t\t\t\t\t\t\t\t\t\t\t<\/div>\n\t\t\t\t\t<\/div>\n\t\t\t\t\t\t\t\t\t<div class=\"elementor-grid-item\" role=\"listitem\">\n\t\t\t\t\t\t<div class=\"elementor-share-btn elementor-share-btn_email\" role=\"button\" tabindex=\"0\" aria-label=\"Compartir en email\">\n\t\t\t\t\t\t\t\t\t\t\t\t\t\t\t<span class=\"elementor-share-btn__icon\">\n\t\t\t\t\t\t\t\t<i class=\"fas fa-envelope\" aria-hidden=\"true\"><\/i>\t\t\t\t\t\t\t<\/span>\n\t\t\t\t\t\t\t\t\t\t\t\t\t\t\t\t\t\t\t\t<\/div>\n\t\t\t\t\t<\/div>\n\t\t\t\t\t\t\t\t\t<div class=\"elementor-grid-item\" role=\"listitem\">\n\t\t\t\t\t\t<div class=\"elementor-share-btn elementor-share-btn_print\" role=\"button\" tabindex=\"0\" aria-label=\"Compartir en print\">\n\t\t\t\t\t\t\t\t\t\t\t\t\t\t\t<span class=\"elementor-share-btn__icon\">\n\t\t\t\t\t\t\t\t<i class=\"fas fa-print\" aria-hidden=\"true\"><\/i>\t\t\t\t\t\t\t<\/span>\n\t\t\t\t\t\t\t\t\t\t\t\t\t\t\t\t\t\t\t\t<\/div>\n\t\t\t\t\t<\/div>\n\t\t\t\t\t\t<\/div>\n\t\t\t\t\t\t<\/div>\n\t\t\t\t<\/div>\n\t\t\t\t\t<\/div>\n\t\t<\/div>\n\t\t\t\t\t<\/div>\n\t\t<\/section>\n\t\t\t\t<section class=\"elementor-section elementor-top-section elementor-element elementor-element-0f44de6 elementor-section-full_width elementor-section-height-default elementor-section-height-default\" data-id=\"0f44de6\" data-element_type=\"section\" data-e-type=\"section\">\n\t\t\t\t\t\t<div class=\"elementor-container elementor-column-gap-default\">\n\t\t\t\t\t<div class=\"elementor-column elementor-col-100 elementor-top-column elementor-element elementor-element-c4c577a\" data-id=\"c4c577a\" data-element_type=\"column\" data-e-type=\"column\">\n\t\t\t<div class=\"elementor-widget-wrap elementor-element-populated\">\n\t\t\t\t\t\t<div class=\"elementor-element elementor-element-06d9b81 elementor-widget elementor-widget-spacer\" data-id=\"06d9b81\" data-element_type=\"widget\" data-e-type=\"widget\" data-widget_type=\"spacer.default\">\n\t\t\t\t<div class=\"elementor-widget-container\">\n\t\t\t\t\t\t\t<div class=\"elementor-spacer\">\n\t\t\t<div class=\"elementor-spacer-inner\"><\/div>\n\t\t<\/div>\n\t\t\t\t\t\t<\/div>\n\t\t\t\t<\/div>\n\t\t\t\t\t<\/div>\n\t\t<\/div>\n\t\t\t\t\t<\/div>\n\t\t<\/section>\n\t\t\t\t<section class=\"elementor-section elementor-top-section elementor-element elementor-element-beffe08 elementor-section-full_width elementor-section-height-default elementor-section-height-default\" data-id=\"beffe08\" data-element_type=\"section\" data-e-type=\"section\">\n\t\t\t\t\t\t<div class=\"elementor-container elementor-column-gap-default\">\n\t\t\t\t\t<div class=\"elementor-column elementor-col-100 elementor-top-column elementor-element elementor-element-bedf5ec\" data-id=\"bedf5ec\" data-element_type=\"column\" data-e-type=\"column\">\n\t\t\t<div class=\"elementor-widget-wrap elementor-element-populated\">\n\t\t\t\t\t\t<div class=\"elementor-element elementor-element-04addc6 elementor-widget elementor-widget-heading\" data-id=\"04addc6\" data-element_type=\"widget\" data-e-type=\"widget\" data-widget_type=\"heading.default\">\n\t\t\t\t<div class=\"elementor-widget-container\">\n\t\t\t\t\t<h2 class=\"elementor-heading-title elementor-size-default\">OTROS LIBROS DE TUSHITA EDICIONS<\/h2>\t\t\t\t<\/div>\n\t\t\t\t<\/div>\n\t\t\t\t\t<\/div>\n\t\t<\/div>\n\t\t\t\t\t<\/div>\n\t\t<\/section>\n\t\t\t\t<section class=\"elementor-section elementor-top-section elementor-element elementor-element-374ff37 elementor-section-full_width elementor-section-height-default elementor-section-height-default\" data-id=\"374ff37\" data-element_type=\"section\" data-e-type=\"section\">\n\t\t\t\t\t\t<div class=\"elementor-container elementor-column-gap-default\">\n\t\t\t\t\t<div class=\"elementor-column elementor-col-100 elementor-top-column elementor-element elementor-element-444ebe8\" data-id=\"444ebe8\" data-element_type=\"column\" data-e-type=\"column\">\n\t\t\t<div class=\"elementor-widget-wrap elementor-element-populated\">\n\t\t\t\t\t\t<div class=\"elementor-element elementor-element-f54614a elementor-widget elementor-widget-spacer\" data-id=\"f54614a\" data-element_type=\"widget\" data-e-type=\"widget\" data-widget_type=\"spacer.default\">\n\t\t\t\t<div class=\"elementor-widget-container\">\n\t\t\t\t\t\t\t<div class=\"elementor-spacer\">\n\t\t\t<div class=\"elementor-spacer-inner\"><\/div>\n\t\t<\/div>\n\t\t\t\t\t\t<\/div>\n\t\t\t\t<\/div>\n\t\t\t\t\t<\/div>\n\t\t<\/div>\n\t\t\t\t\t<\/div>\n\t\t<\/section>\n\t\t\t\t<section class=\"elementor-section elementor-top-section elementor-element elementor-element-b987912 elementor-section-full_width elementor-section-height-default elementor-section-height-default\" data-id=\"b987912\" data-element_type=\"section\" data-e-type=\"section\">\n\t\t\t\t\t\t<div class=\"elementor-container elementor-column-gap-default\">\n\t\t\t\t\t<div class=\"elementor-column elementor-col-100 elementor-top-column elementor-element elementor-element-152d00c\" data-id=\"152d00c\" data-element_type=\"column\" data-e-type=\"column\">\n\t\t\t<div class=\"elementor-widget-wrap elementor-element-populated\">\n\t\t\t\t\t\t<div class=\"elementor-element elementor-element-11049c7 elementor-grid-4 elementor-posts--align-center elementor-grid-tablet-2 elementor-grid-mobile-1 elementor-posts--thumbnail-top elementor-posts--show-avatar elementor-card-shadow-yes elementor-posts__hover-gradient elementor-widget elementor-widget-posts\" data-id=\"11049c7\" data-element_type=\"widget\" data-e-type=\"widget\" data-settings=\"{&quot;cards_columns&quot;:&quot;4&quot;,&quot;cards_columns_tablet&quot;:&quot;2&quot;,&quot;cards_columns_mobile&quot;:&quot;1&quot;,&quot;cards_row_gap&quot;:{&quot;unit&quot;:&quot;px&quot;,&quot;size&quot;:35,&quot;sizes&quot;:[]},&quot;cards_row_gap_tablet&quot;:{&quot;unit&quot;:&quot;px&quot;,&quot;size&quot;:&quot;&quot;,&quot;sizes&quot;:[]},&quot;cards_row_gap_mobile&quot;:{&quot;unit&quot;:&quot;px&quot;,&quot;size&quot;:&quot;&quot;,&quot;sizes&quot;:[]}}\" data-widget_type=\"posts.cards\">\n\t\t\t\t<div class=\"elementor-widget-container\">\n\t\t\t\t\t\t\t<div class=\"elementor-posts-container elementor-posts elementor-posts--skin-cards elementor-grid\" role=\"list\">\n\t\t\t\t<article class=\"elementor-post elementor-grid-item post-23997 post type-post status-publish format-standard has-post-thumbnail hentry category-blog-es category-josep-jane-vallvey-es category-libros category-tushita-edicions-es tag-armand-ballart-es tag-josep-jane-vallvey-es tag-la-quimera-duna-primera-es tag-tushita-edicions-es\" role=\"listitem\">\n\t\t\t<div class=\"elementor-post__card\">\n\t\t\t\t<a class=\"elementor-post__thumbnail__link\" href=\"https:\/\/rutesentrerefugis.com\/index.php\/es\/2024\/12\/11\/la-quimera-de-una-primera-es\/\" tabindex=\"-1\" ><div class=\"elementor-post__thumbnail\"><img loading=\"lazy\" decoding=\"async\" width=\"300\" height=\"200\" src=\"https:\/\/rutesentrerefugis.com\/wp-content\/uploads\/2024\/12\/La-Quimera-d-una-Primera-Inici-300x200.jpg\" class=\"attachment-medium size-medium wp-image-23984\" alt=\"\" srcset=\"https:\/\/rutesentrerefugis.com\/wp-content\/uploads\/2024\/12\/La-Quimera-d-una-Primera-Inici-300x200.jpg 300w, https:\/\/rutesentrerefugis.com\/wp-content\/uploads\/2024\/12\/La-Quimera-d-una-Primera-Inici-1024x683.jpg 1024w, https:\/\/rutesentrerefugis.com\/wp-content\/uploads\/2024\/12\/La-Quimera-d-una-Primera-Inici-768x512.jpg 768w, https:\/\/rutesentrerefugis.com\/wp-content\/uploads\/2024\/12\/La-Quimera-d-una-Primera-Inici.jpg 1200w\" sizes=\"(max-width: 300px) 100vw, 300px\" \/><\/div><\/a>\n\t\t\t\t<div class=\"elementor-post__avatar\">\n\t\t\t<img alt='Josep Jan\u00e9 Vallvey' src='https:\/\/rutesentrerefugis.com\/wp-content\/uploads\/2024\/12\/avatar_user_61_1733684235.jpg' srcset='https:\/\/rutesentrerefugis.com\/wp-content\/uploads\/2024\/12\/avatar_user_61_1733684235.jpg 2x' class='avatar avatar-128 photo' height='128' width='128' \/>\t\t<\/div>\n\t\t\t\t<div class=\"elementor-post__text\">\n\t\t\t\t<h3 class=\"elementor-post__title\">\n\t\t\t<a href=\"https:\/\/rutesentrerefugis.com\/index.php\/es\/2024\/12\/11\/la-quimera-de-una-primera-es\/\" >\n\t\t\t\tLA QUIMERA DE UNA PRIMERA\t\t\t<\/a>\n\t\t<\/h3>\n\t\t\n\t\t<a class=\"elementor-post__read-more\" href=\"https:\/\/rutesentrerefugis.com\/index.php\/es\/2024\/12\/11\/la-quimera-de-una-primera-es\/\" aria-label=\"M\u00e1s informaci\u00f3n sobre LA QUIMERA DE UNA PRIMERA\" tabindex=\"-1\" >\n\t\t\t Leer m\u00e1s \u00bb\t\t<\/a>\n\n\t\t\t\t<\/div>\n\t\t\t\t<div class=\"elementor-post__meta-data\">\n\t\t\t\t\t<span class=\"elementor-post-date\">\n\t\t\t11\/12\/2024\t\t<\/span>\n\t\t\t\t<\/div>\n\t\t\t\t\t<\/div>\n\t\t<\/article>\n\t\t\t\t<article class=\"elementor-post elementor-grid-item post-19916 post type-post status-publish format-standard has-post-thumbnail hentry category-blog-es category-enric-soler-es-es category-libros category-tushita-edicions-es tag-domenech-i-montaner-es tag-enric-soler-i-raspall-es tag-marededeu-quin-viatge-es tag-tushita-edicions-es\" role=\"listitem\">\n\t\t\t<div class=\"elementor-post__card\">\n\t\t\t\t<a class=\"elementor-post__thumbnail__link\" href=\"https:\/\/rutesentrerefugis.com\/index.php\/es\/2024\/01\/16\/marededeu-quin-viatge-es\/\" tabindex=\"-1\" ><div class=\"elementor-post__thumbnail\"><img loading=\"lazy\" decoding=\"async\" width=\"300\" height=\"200\" src=\"https:\/\/rutesentrerefugis.com\/wp-content\/uploads\/2024\/01\/Marededeu-Quin-Viatge-Inici-300x200.jpg\" class=\"attachment-medium size-medium wp-image-19813\" alt=\"\" srcset=\"https:\/\/rutesentrerefugis.com\/wp-content\/uploads\/2024\/01\/Marededeu-Quin-Viatge-Inici-300x200.jpg 300w, https:\/\/rutesentrerefugis.com\/wp-content\/uploads\/2024\/01\/Marededeu-Quin-Viatge-Inici-1024x683.jpg 1024w, https:\/\/rutesentrerefugis.com\/wp-content\/uploads\/2024\/01\/Marededeu-Quin-Viatge-Inici-768x512.jpg 768w, https:\/\/rutesentrerefugis.com\/wp-content\/uploads\/2024\/01\/Marededeu-Quin-Viatge-Inici.jpg 1200w\" sizes=\"(max-width: 300px) 100vw, 300px\" \/><\/div><\/a>\n\t\t\t\t<div class=\"elementor-post__avatar\">\n\t\t\t<img alt='Enric Soler i Raspall' src='https:\/\/rutesentrerefugis.com\/wp-content\/uploads\/2023\/05\/avatar_user_18_1683353182.jpg' srcset='https:\/\/rutesentrerefugis.com\/wp-content\/uploads\/2023\/05\/avatar_user_18_1683353182.jpg 2x' class='avatar avatar-128 photo' height='128' width='128' \/>\t\t<\/div>\n\t\t\t\t<div class=\"elementor-post__text\">\n\t\t\t\t<h3 class=\"elementor-post__title\">\n\t\t\t<a href=\"https:\/\/rutesentrerefugis.com\/index.php\/es\/2024\/01\/16\/marededeu-quin-viatge-es\/\" >\n\t\t\t\tMAREDED\u00c9U, QUIN VIATGE!\t\t\t<\/a>\n\t\t<\/h3>\n\t\t\n\t\t<a class=\"elementor-post__read-more\" href=\"https:\/\/rutesentrerefugis.com\/index.php\/es\/2024\/01\/16\/marededeu-quin-viatge-es\/\" aria-label=\"M\u00e1s informaci\u00f3n sobre MAREDED\u00c9U, QUIN VIATGE!\" tabindex=\"-1\" >\n\t\t\t Leer m\u00e1s \u00bb\t\t<\/a>\n\n\t\t\t\t<\/div>\n\t\t\t\t<div class=\"elementor-post__meta-data\">\n\t\t\t\t\t<span class=\"elementor-post-date\">\n\t\t\t16\/01\/2024\t\t<\/span>\n\t\t\t\t<\/div>\n\t\t\t\t\t<\/div>\n\t\t<\/article>\n\t\t\t\t<article class=\"elementor-post elementor-grid-item post-9150 post type-post status-publish format-standard has-post-thumbnail hentry category-blog-es category-david-vilaseca-es-es category-libros category-tushita-edicions-es tag-cronicas-ca-es tag-croniques-ca-es tag-david-vilaseca-es tag-els-descobridors-de-paisatges-es tag-tushita-edicions-es\" role=\"listitem\">\n\t\t\t<div class=\"elementor-post__card\">\n\t\t\t\t<a class=\"elementor-post__thumbnail__link\" href=\"https:\/\/rutesentrerefugis.com\/index.php\/es\/2020\/11\/27\/els-descobridors-de-paisatges-es\/\" tabindex=\"-1\" ><div class=\"elementor-post__thumbnail\"><img loading=\"lazy\" decoding=\"async\" width=\"300\" height=\"200\" src=\"https:\/\/rutesentrerefugis.com\/wp-content\/uploads\/2023\/03\/Descobridors-de-Paisatges-Inici-NW-300x200.jpg\" class=\"attachment-medium size-medium wp-image-9101\" alt=\"\" srcset=\"https:\/\/rutesentrerefugis.com\/wp-content\/uploads\/2023\/03\/Descobridors-de-Paisatges-Inici-NW-300x200.jpg 300w, https:\/\/rutesentrerefugis.com\/wp-content\/uploads\/2023\/03\/Descobridors-de-Paisatges-Inici-NW-1024x683.jpg 1024w, https:\/\/rutesentrerefugis.com\/wp-content\/uploads\/2023\/03\/Descobridors-de-Paisatges-Inici-NW-768x512.jpg 768w, https:\/\/rutesentrerefugis.com\/wp-content\/uploads\/2023\/03\/Descobridors-de-Paisatges-Inici-NW.jpg 1200w\" sizes=\"(max-width: 300px) 100vw, 300px\" \/><\/div><\/a>\n\t\t\t\t<div class=\"elementor-post__avatar\">\n\t\t\t<img alt='David Vilaseca' src='https:\/\/rutesentrerefugis.com\/wp-content\/uploads\/2023\/05\/avatar_user_23_1683354103.jpg' srcset='https:\/\/rutesentrerefugis.com\/wp-content\/uploads\/2023\/05\/avatar_user_23_1683354103.jpg 2x' class='avatar avatar-128 photo' height='128' width='128' \/>\t\t<\/div>\n\t\t\t\t<div class=\"elementor-post__text\">\n\t\t\t\t<h3 class=\"elementor-post__title\">\n\t\t\t<a href=\"https:\/\/rutesentrerefugis.com\/index.php\/es\/2020\/11\/27\/els-descobridors-de-paisatges-es\/\" >\n\t\t\t\tELS DESCOBRIDORS DE PAISATGES\t\t\t<\/a>\n\t\t<\/h3>\n\t\t\n\t\t<a class=\"elementor-post__read-more\" href=\"https:\/\/rutesentrerefugis.com\/index.php\/es\/2020\/11\/27\/els-descobridors-de-paisatges-es\/\" aria-label=\"M\u00e1s informaci\u00f3n sobre ELS DESCOBRIDORS DE PAISATGES\" tabindex=\"-1\" >\n\t\t\t Leer m\u00e1s \u00bb\t\t<\/a>\n\n\t\t\t\t<\/div>\n\t\t\t\t<div class=\"elementor-post__meta-data\">\n\t\t\t\t\t<span class=\"elementor-post-date\">\n\t\t\t27\/11\/2020\t\t<\/span>\n\t\t\t\t<\/div>\n\t\t\t\t\t<\/div>\n\t\t<\/article>\n\t\t\t\t<article class=\"elementor-post elementor-grid-item post-8905 post type-post status-publish format-standard has-post-thumbnail hentry category-blog-es category-ester-sabadell-es-es category-libros category-tushita-edicions-es tag-cronicas-ca-es tag-croniques-ca-es tag-ester-sabadell-es tag-linies-de-somnis-es tag-tushita-edicions-es\" role=\"listitem\">\n\t\t\t<div class=\"elementor-post__card\">\n\t\t\t\t<a class=\"elementor-post__thumbnail__link\" href=\"https:\/\/rutesentrerefugis.com\/index.php\/es\/2019\/11\/27\/linies-de-somnis-es\/\" tabindex=\"-1\" ><div class=\"elementor-post__thumbnail\"><img loading=\"lazy\" decoding=\"async\" width=\"300\" height=\"200\" src=\"https:\/\/rutesentrerefugis.com\/wp-content\/uploads\/2023\/03\/Linies-de-Somnis-Inici-NW-300x200.jpg\" class=\"attachment-medium size-medium wp-image-8884\" alt=\"\" srcset=\"https:\/\/rutesentrerefugis.com\/wp-content\/uploads\/2023\/03\/Linies-de-Somnis-Inici-NW-300x200.jpg 300w, https:\/\/rutesentrerefugis.com\/wp-content\/uploads\/2023\/03\/Linies-de-Somnis-Inici-NW-1024x683.jpg 1024w, https:\/\/rutesentrerefugis.com\/wp-content\/uploads\/2023\/03\/Linies-de-Somnis-Inici-NW-768x512.jpg 768w, https:\/\/rutesentrerefugis.com\/wp-content\/uploads\/2023\/03\/Linies-de-Somnis-Inici-NW.jpg 1200w\" sizes=\"(max-width: 300px) 100vw, 300px\" \/><\/div><\/a>\n\t\t\t\t<div class=\"elementor-post__avatar\">\n\t\t\t<img alt='Ester Sabadell' src='https:\/\/rutesentrerefugis.com\/wp-content\/uploads\/2023\/05\/avatar_user_19_1683353216.jpg' srcset='https:\/\/rutesentrerefugis.com\/wp-content\/uploads\/2023\/05\/avatar_user_19_1683353216.jpg 2x' class='avatar avatar-128 photo' height='128' width='128' \/>\t\t<\/div>\n\t\t\t\t<div class=\"elementor-post__text\">\n\t\t\t\t<h3 class=\"elementor-post__title\">\n\t\t\t<a href=\"https:\/\/rutesentrerefugis.com\/index.php\/es\/2019\/11\/27\/linies-de-somnis-es\/\" >\n\t\t\t\tL\u00cdNIES DE SOMNIS\t\t\t<\/a>\n\t\t<\/h3>\n\t\t\n\t\t<a class=\"elementor-post__read-more\" href=\"https:\/\/rutesentrerefugis.com\/index.php\/es\/2019\/11\/27\/linies-de-somnis-es\/\" aria-label=\"M\u00e1s informaci\u00f3n sobre L\u00cdNIES DE SOMNIS\" tabindex=\"-1\" >\n\t\t\t Leer m\u00e1s \u00bb\t\t<\/a>\n\n\t\t\t\t<\/div>\n\t\t\t\t<div class=\"elementor-post__meta-data\">\n\t\t\t\t\t<span class=\"elementor-post-date\">\n\t\t\t27\/11\/2019\t\t<\/span>\n\t\t\t\t<\/div>\n\t\t\t\t\t<\/div>\n\t\t<\/article>\n\t\t\t\t<article class=\"elementor-post elementor-grid-item post-8871 post type-post status-publish format-standard has-post-thumbnail hentry category-blog-es category-enric-soler-es-es category-libros category-tushita-edicions-es tag-cronicas-ca-es tag-croniques-ca-es tag-enric-soler-i-raspall-es tag-pantocrator-es tag-tushita-edicions-es\" role=\"listitem\">\n\t\t\t<div class=\"elementor-post__card\">\n\t\t\t\t<a class=\"elementor-post__thumbnail__link\" href=\"https:\/\/rutesentrerefugis.com\/index.php\/es\/2019\/01\/21\/pantocrator-es\/\" tabindex=\"-1\" ><div class=\"elementor-post__thumbnail\"><img loading=\"lazy\" decoding=\"async\" width=\"300\" height=\"200\" src=\"https:\/\/rutesentrerefugis.com\/wp-content\/uploads\/2023\/03\/Pantocrator-Inici-NW-300x200.jpg\" class=\"attachment-medium size-medium wp-image-8830\" alt=\"\" srcset=\"https:\/\/rutesentrerefugis.com\/wp-content\/uploads\/2023\/03\/Pantocrator-Inici-NW-300x200.jpg 300w, https:\/\/rutesentrerefugis.com\/wp-content\/uploads\/2023\/03\/Pantocrator-Inici-NW-1024x683.jpg 1024w, https:\/\/rutesentrerefugis.com\/wp-content\/uploads\/2023\/03\/Pantocrator-Inici-NW-768x512.jpg 768w, https:\/\/rutesentrerefugis.com\/wp-content\/uploads\/2023\/03\/Pantocrator-Inici-NW.jpg 1200w\" sizes=\"(max-width: 300px) 100vw, 300px\" \/><\/div><\/a>\n\t\t\t\t<div class=\"elementor-post__avatar\">\n\t\t\t<img alt='Enric Soler i Raspall' src='https:\/\/rutesentrerefugis.com\/wp-content\/uploads\/2023\/05\/avatar_user_18_1683353182.jpg' srcset='https:\/\/rutesentrerefugis.com\/wp-content\/uploads\/2023\/05\/avatar_user_18_1683353182.jpg 2x' class='avatar avatar-128 photo' height='128' width='128' \/>\t\t<\/div>\n\t\t\t\t<div class=\"elementor-post__text\">\n\t\t\t\t<h3 class=\"elementor-post__title\">\n\t\t\t<a href=\"https:\/\/rutesentrerefugis.com\/index.php\/es\/2019\/01\/21\/pantocrator-es\/\" >\n\t\t\t\tPANTOCR\u00c0TOR\t\t\t<\/a>\n\t\t<\/h3>\n\t\t\n\t\t<a class=\"elementor-post__read-more\" href=\"https:\/\/rutesentrerefugis.com\/index.php\/es\/2019\/01\/21\/pantocrator-es\/\" aria-label=\"M\u00e1s informaci\u00f3n sobre PANTOCR\u00c0TOR\" tabindex=\"-1\" >\n\t\t\t Leer m\u00e1s \u00bb\t\t<\/a>\n\n\t\t\t\t<\/div>\n\t\t\t\t<div class=\"elementor-post__meta-data\">\n\t\t\t\t\t<span class=\"elementor-post-date\">\n\t\t\t21\/01\/2019\t\t<\/span>\n\t\t\t\t<\/div>\n\t\t\t\t\t<\/div>\n\t\t<\/article>\n\t\t\t\t<\/div>\n\t\t\n\t\t\t\t\t\t<\/div>\n\t\t\t\t<\/div>\n\t\t\t\t\t<\/div>\n\t\t<\/div>\n\t\t\t\t\t<\/div>\n\t\t<\/section>\n\t\t\t\t<section class=\"elementor-section elementor-top-section elementor-element elementor-element-f8892df elementor-section-full_width elementor-section-height-default elementor-section-height-default\" data-id=\"f8892df\" data-element_type=\"section\" data-e-type=\"section\">\n\t\t\t\t\t\t<div class=\"elementor-container elementor-column-gap-default\">\n\t\t\t\t\t<div class=\"elementor-column elementor-col-100 elementor-top-column elementor-element elementor-element-70b735e\" data-id=\"70b735e\" data-element_type=\"column\" data-e-type=\"column\">\n\t\t\t<div class=\"elementor-widget-wrap elementor-element-populated\">\n\t\t\t\t\t\t<div class=\"elementor-element elementor-element-cefc0b1 elementor-widget elementor-widget-spacer\" data-id=\"cefc0b1\" data-element_type=\"widget\" data-e-type=\"widget\" data-widget_type=\"spacer.default\">\n\t\t\t\t<div class=\"elementor-widget-container\">\n\t\t\t\t\t\t\t<div class=\"elementor-spacer\">\n\t\t\t<div class=\"elementor-spacer-inner\"><\/div>\n\t\t<\/div>\n\t\t\t\t\t\t<\/div>\n\t\t\t\t<\/div>\n\t\t\t\t\t<\/div>\n\t\t<\/div>\n\t\t\t\t\t<\/div>\n\t\t<\/section>\n\t\t\t\t<\/div>\n\t\t","protected":false},"excerpt":{"rendered":"<p>ELS DESCOBRIDORS DE PAISATGES Extracto del libro &#8216;ELS DESCOBRIDORS DE PAISATGES&#8217; escrito por DAVID VILASECA (Tushita Edicions) Esta es la peque\u00f1a historia de unas haza\u00f1as<\/p>\n","protected":false},"author":23,"featured_media":9101,"comment_status":"open","ping_status":"open","sticky":false,"template":"elementor_header_footer","format":"standard","meta":{"_monsterinsights_skip_tracking":false,"_monsterinsights_sitenote_active":false,"_monsterinsights_sitenote_note":"","_monsterinsights_sitenote_category":0,"footnotes":""},"categories":[5126,5818,11420,11545],"tags":[5146,5148,5820,5822,5216],"class_list":["post-9150","post","type-post","status-publish","format-standard","has-post-thumbnail","hentry","category-blog-es","category-david-vilaseca-es-es","category-libros","category-tushita-edicions-es","tag-cronicas-ca-es","tag-croniques-ca-es","tag-david-vilaseca-es","tag-els-descobridors-de-paisatges-es","tag-tushita-edicions-es"],"yoast_head":"<!-- This site is optimized with the Yoast SEO plugin v27.5 - https:\/\/yoast.com\/product\/yoast-seo-wordpress\/ -->\n<title>ELS DESCOBRIDORS DE PAISATGES - Rutes Entre Refugis<\/title>\n<meta name=\"robots\" content=\"index, follow, max-snippet:-1, max-image-preview:large, max-video-preview:-1\" \/>\n<link rel=\"canonical\" href=\"https:\/\/rutesentrerefugis.com\/index.php\/es\/2020\/11\/27\/els-descobridors-de-paisatges-es\/\" \/>\n<meta property=\"og:locale\" content=\"es_ES\" \/>\n<meta property=\"og:type\" content=\"article\" \/>\n<meta property=\"og:title\" content=\"ELS DESCOBRIDORS DE PAISATGES - Rutes Entre Refugis\" \/>\n<meta property=\"og:description\" content=\"ELS DESCOBRIDORS DE PAISATGES Extracto del libro &#8216;ELS DESCOBRIDORS DE PAISATGES&#8217; escrito por DAVID VILASECA (Tushita Edicions) Esta es la peque\u00f1a historia de unas haza\u00f1as\" \/>\n<meta property=\"og:url\" content=\"https:\/\/rutesentrerefugis.com\/index.php\/es\/2020\/11\/27\/els-descobridors-de-paisatges-es\/\" \/>\n<meta property=\"og:site_name\" content=\"Rutes Entre Refugis\" \/>\n<meta property=\"article:published_time\" content=\"2020-11-27T17:50:00+00:00\" \/>\n<meta property=\"article:modified_time\" content=\"2025-03-25T19:30:29+00:00\" \/>\n<meta property=\"og:image\" content=\"https:\/\/rutesentrerefugis.com\/wp-content\/uploads\/2023\/03\/Descobridors-de-Paisatges-Inici-NW.jpg\" \/>\n\t<meta property=\"og:image:width\" content=\"1200\" \/>\n\t<meta property=\"og:image:height\" content=\"800\" \/>\n\t<meta property=\"og:image:type\" content=\"image\/jpeg\" \/>\n<meta name=\"author\" content=\"David Vilaseca\" \/>\n<meta name=\"twitter:card\" content=\"summary_large_image\" \/>\n<meta name=\"twitter:label1\" content=\"Escrito por\" \/>\n\t<meta name=\"twitter:data1\" content=\"David Vilaseca\" \/>\n\t<meta name=\"twitter:label2\" content=\"Tiempo de lectura\" \/>\n\t<meta name=\"twitter:data2\" content=\"21 minutos\" \/>\n<script type=\"application\/ld+json\" class=\"yoast-schema-graph\">{\"@context\":\"https:\\\/\\\/schema.org\",\"@graph\":[{\"@type\":\"Article\",\"@id\":\"https:\\\/\\\/rutesentrerefugis.com\\\/index.php\\\/es\\\/2020\\\/11\\\/27\\\/els-descobridors-de-paisatges-es\\\/#article\",\"isPartOf\":{\"@id\":\"https:\\\/\\\/rutesentrerefugis.com\\\/index.php\\\/es\\\/2020\\\/11\\\/27\\\/els-descobridors-de-paisatges-es\\\/\"},\"author\":{\"name\":\"David Vilaseca\",\"@id\":\"https:\\\/\\\/rutesentrerefugis.com\\\/#\\\/schema\\\/person\\\/62e0e259f630a4514fa189293c3f4fca\"},\"headline\":\"ELS DESCOBRIDORS DE PAISATGES\",\"datePublished\":\"2020-11-27T17:50:00+00:00\",\"dateModified\":\"2025-03-25T19:30:29+00:00\",\"mainEntityOfPage\":{\"@id\":\"https:\\\/\\\/rutesentrerefugis.com\\\/index.php\\\/es\\\/2020\\\/11\\\/27\\\/els-descobridors-de-paisatges-es\\\/\"},\"wordCount\":3407,\"commentCount\":0,\"publisher\":{\"@id\":\"https:\\\/\\\/rutesentrerefugis.com\\\/#organization\"},\"image\":{\"@id\":\"https:\\\/\\\/rutesentrerefugis.com\\\/index.php\\\/es\\\/2020\\\/11\\\/27\\\/els-descobridors-de-paisatges-es\\\/#primaryimage\"},\"thumbnailUrl\":\"https:\\\/\\\/rutesentrerefugis.com\\\/wp-content\\\/uploads\\\/2023\\\/03\\\/Descobridors-de-Paisatges-Inici-NW.jpg\",\"keywords\":[\"Cr\u00f3nicas\",\"Cr\u00f2niques\",\"David Vilaseca\",\"Els Descobridors de Paisatges\",\"Tushita Edicions\"],\"articleSection\":[\"Blog.\",\"David Vilaseca.\",\"Libros\",\"Tushita Edicions.\"],\"inLanguage\":\"es\",\"potentialAction\":[{\"@type\":\"CommentAction\",\"name\":\"Comment\",\"target\":[\"https:\\\/\\\/rutesentrerefugis.com\\\/index.php\\\/es\\\/2020\\\/11\\\/27\\\/els-descobridors-de-paisatges-es\\\/#respond\"]}]},{\"@type\":\"WebPage\",\"@id\":\"https:\\\/\\\/rutesentrerefugis.com\\\/index.php\\\/es\\\/2020\\\/11\\\/27\\\/els-descobridors-de-paisatges-es\\\/\",\"url\":\"https:\\\/\\\/rutesentrerefugis.com\\\/index.php\\\/es\\\/2020\\\/11\\\/27\\\/els-descobridors-de-paisatges-es\\\/\",\"name\":\"ELS DESCOBRIDORS DE PAISATGES - Rutes Entre Refugis\",\"isPartOf\":{\"@id\":\"https:\\\/\\\/rutesentrerefugis.com\\\/#website\"},\"primaryImageOfPage\":{\"@id\":\"https:\\\/\\\/rutesentrerefugis.com\\\/index.php\\\/es\\\/2020\\\/11\\\/27\\\/els-descobridors-de-paisatges-es\\\/#primaryimage\"},\"image\":{\"@id\":\"https:\\\/\\\/rutesentrerefugis.com\\\/index.php\\\/es\\\/2020\\\/11\\\/27\\\/els-descobridors-de-paisatges-es\\\/#primaryimage\"},\"thumbnailUrl\":\"https:\\\/\\\/rutesentrerefugis.com\\\/wp-content\\\/uploads\\\/2023\\\/03\\\/Descobridors-de-Paisatges-Inici-NW.jpg\",\"datePublished\":\"2020-11-27T17:50:00+00:00\",\"dateModified\":\"2025-03-25T19:30:29+00:00\",\"breadcrumb\":{\"@id\":\"https:\\\/\\\/rutesentrerefugis.com\\\/index.php\\\/es\\\/2020\\\/11\\\/27\\\/els-descobridors-de-paisatges-es\\\/#breadcrumb\"},\"inLanguage\":\"es\",\"potentialAction\":[{\"@type\":\"ReadAction\",\"target\":[\"https:\\\/\\\/rutesentrerefugis.com\\\/index.php\\\/es\\\/2020\\\/11\\\/27\\\/els-descobridors-de-paisatges-es\\\/\"]}]},{\"@type\":\"ImageObject\",\"inLanguage\":\"es\",\"@id\":\"https:\\\/\\\/rutesentrerefugis.com\\\/index.php\\\/es\\\/2020\\\/11\\\/27\\\/els-descobridors-de-paisatges-es\\\/#primaryimage\",\"url\":\"https:\\\/\\\/rutesentrerefugis.com\\\/wp-content\\\/uploads\\\/2023\\\/03\\\/Descobridors-de-Paisatges-Inici-NW.jpg\",\"contentUrl\":\"https:\\\/\\\/rutesentrerefugis.com\\\/wp-content\\\/uploads\\\/2023\\\/03\\\/Descobridors-de-Paisatges-Inici-NW.jpg\",\"width\":1200,\"height\":800},{\"@type\":\"BreadcrumbList\",\"@id\":\"https:\\\/\\\/rutesentrerefugis.com\\\/index.php\\\/es\\\/2020\\\/11\\\/27\\\/els-descobridors-de-paisatges-es\\\/#breadcrumb\",\"itemListElement\":[{\"@type\":\"ListItem\",\"position\":1,\"name\":\"Inici\",\"item\":\"https:\\\/\\\/rutesentrerefugis.com\\\/\"},{\"@type\":\"ListItem\",\"position\":2,\"name\":\"ELS DESCOBRIDORS DE PAISATGES\"}]},{\"@type\":\"WebSite\",\"@id\":\"https:\\\/\\\/rutesentrerefugis.com\\\/#website\",\"url\":\"https:\\\/\\\/rutesentrerefugis.com\\\/\",\"name\":\"Rutes Entre Refugis\",\"description\":\"Caminant sota un nom\",\"publisher\":{\"@id\":\"https:\\\/\\\/rutesentrerefugis.com\\\/#organization\"},\"potentialAction\":[{\"@type\":\"SearchAction\",\"target\":{\"@type\":\"EntryPoint\",\"urlTemplate\":\"https:\\\/\\\/rutesentrerefugis.com\\\/?s={search_term_string}\"},\"query-input\":{\"@type\":\"PropertyValueSpecification\",\"valueRequired\":true,\"valueName\":\"search_term_string\"}}],\"inLanguage\":\"es\"},{\"@type\":\"Organization\",\"@id\":\"https:\\\/\\\/rutesentrerefugis.com\\\/#organization\",\"name\":\"Rutes Entre Refugis\",\"url\":\"https:\\\/\\\/rutesentrerefugis.com\\\/\",\"logo\":{\"@type\":\"ImageObject\",\"inLanguage\":\"es\",\"@id\":\"https:\\\/\\\/rutesentrerefugis.com\\\/#\\\/schema\\\/logo\\\/image\\\/\",\"url\":\"https:\\\/\\\/rutesentrerefugis.com\\\/wp-content\\\/uploads\\\/2022\\\/08\\\/RutesEntreRefugis-Blanc-Retina-1.png\",\"contentUrl\":\"https:\\\/\\\/rutesentrerefugis.com\\\/wp-content\\\/uploads\\\/2022\\\/08\\\/RutesEntreRefugis-Blanc-Retina-1.png\",\"width\":400,\"height\":400,\"caption\":\"Rutes Entre Refugis\"},\"image\":{\"@id\":\"https:\\\/\\\/rutesentrerefugis.com\\\/#\\\/schema\\\/logo\\\/image\\\/\"}},{\"@type\":\"Person\",\"@id\":\"https:\\\/\\\/rutesentrerefugis.com\\\/#\\\/schema\\\/person\\\/62e0e259f630a4514fa189293c3f4fca\",\"name\":\"David Vilaseca\",\"image\":{\"@type\":\"ImageObject\",\"inLanguage\":\"es\",\"@id\":\"https:\\\/\\\/rutesentrerefugis.com\\\/wp-content\\\/uploads\\\/2023\\\/05\\\/avatar_user_23_1683354103-96x96.jpg\",\"url\":\"https:\\\/\\\/rutesentrerefugis.com\\\/wp-content\\\/uploads\\\/2023\\\/05\\\/avatar_user_23_1683354103-96x96.jpg\",\"contentUrl\":\"https:\\\/\\\/rutesentrerefugis.com\\\/wp-content\\\/uploads\\\/2023\\\/05\\\/avatar_user_23_1683354103-96x96.jpg\",\"caption\":\"David Vilaseca\"},\"url\":\"https:\\\/\\\/rutesentrerefugis.com\\\/index.php\\\/author\\\/david-vilaseca\\\/\"}]}<\/script>\n<!-- \/ Yoast SEO plugin. -->","yoast_head_json":{"title":"ELS DESCOBRIDORS DE PAISATGES - Rutes Entre Refugis","robots":{"index":"index","follow":"follow","max-snippet":"max-snippet:-1","max-image-preview":"max-image-preview:large","max-video-preview":"max-video-preview:-1"},"canonical":"https:\/\/rutesentrerefugis.com\/index.php\/es\/2020\/11\/27\/els-descobridors-de-paisatges-es\/","og_locale":"es_ES","og_type":"article","og_title":"ELS DESCOBRIDORS DE PAISATGES - Rutes Entre Refugis","og_description":"ELS DESCOBRIDORS DE PAISATGES Extracto del libro &#8216;ELS DESCOBRIDORS DE PAISATGES&#8217; escrito por DAVID VILASECA (Tushita Edicions) Esta es la peque\u00f1a historia de unas haza\u00f1as","og_url":"https:\/\/rutesentrerefugis.com\/index.php\/es\/2020\/11\/27\/els-descobridors-de-paisatges-es\/","og_site_name":"Rutes Entre Refugis","article_published_time":"2020-11-27T17:50:00+00:00","article_modified_time":"2025-03-25T19:30:29+00:00","og_image":[{"width":1200,"height":800,"url":"https:\/\/rutesentrerefugis.com\/wp-content\/uploads\/2023\/03\/Descobridors-de-Paisatges-Inici-NW.jpg","type":"image\/jpeg"}],"author":"David Vilaseca","twitter_card":"summary_large_image","twitter_misc":{"Escrito por":"David Vilaseca","Tiempo de lectura":"21 minutos"},"schema":{"@context":"https:\/\/schema.org","@graph":[{"@type":"Article","@id":"https:\/\/rutesentrerefugis.com\/index.php\/es\/2020\/11\/27\/els-descobridors-de-paisatges-es\/#article","isPartOf":{"@id":"https:\/\/rutesentrerefugis.com\/index.php\/es\/2020\/11\/27\/els-descobridors-de-paisatges-es\/"},"author":{"name":"David Vilaseca","@id":"https:\/\/rutesentrerefugis.com\/#\/schema\/person\/62e0e259f630a4514fa189293c3f4fca"},"headline":"ELS DESCOBRIDORS DE PAISATGES","datePublished":"2020-11-27T17:50:00+00:00","dateModified":"2025-03-25T19:30:29+00:00","mainEntityOfPage":{"@id":"https:\/\/rutesentrerefugis.com\/index.php\/es\/2020\/11\/27\/els-descobridors-de-paisatges-es\/"},"wordCount":3407,"commentCount":0,"publisher":{"@id":"https:\/\/rutesentrerefugis.com\/#organization"},"image":{"@id":"https:\/\/rutesentrerefugis.com\/index.php\/es\/2020\/11\/27\/els-descobridors-de-paisatges-es\/#primaryimage"},"thumbnailUrl":"https:\/\/rutesentrerefugis.com\/wp-content\/uploads\/2023\/03\/Descobridors-de-Paisatges-Inici-NW.jpg","keywords":["Cr\u00f3nicas","Cr\u00f2niques","David Vilaseca","Els Descobridors de Paisatges","Tushita Edicions"],"articleSection":["Blog.","David Vilaseca.","Libros","Tushita Edicions."],"inLanguage":"es","potentialAction":[{"@type":"CommentAction","name":"Comment","target":["https:\/\/rutesentrerefugis.com\/index.php\/es\/2020\/11\/27\/els-descobridors-de-paisatges-es\/#respond"]}]},{"@type":"WebPage","@id":"https:\/\/rutesentrerefugis.com\/index.php\/es\/2020\/11\/27\/els-descobridors-de-paisatges-es\/","url":"https:\/\/rutesentrerefugis.com\/index.php\/es\/2020\/11\/27\/els-descobridors-de-paisatges-es\/","name":"ELS DESCOBRIDORS DE PAISATGES - Rutes Entre Refugis","isPartOf":{"@id":"https:\/\/rutesentrerefugis.com\/#website"},"primaryImageOfPage":{"@id":"https:\/\/rutesentrerefugis.com\/index.php\/es\/2020\/11\/27\/els-descobridors-de-paisatges-es\/#primaryimage"},"image":{"@id":"https:\/\/rutesentrerefugis.com\/index.php\/es\/2020\/11\/27\/els-descobridors-de-paisatges-es\/#primaryimage"},"thumbnailUrl":"https:\/\/rutesentrerefugis.com\/wp-content\/uploads\/2023\/03\/Descobridors-de-Paisatges-Inici-NW.jpg","datePublished":"2020-11-27T17:50:00+00:00","dateModified":"2025-03-25T19:30:29+00:00","breadcrumb":{"@id":"https:\/\/rutesentrerefugis.com\/index.php\/es\/2020\/11\/27\/els-descobridors-de-paisatges-es\/#breadcrumb"},"inLanguage":"es","potentialAction":[{"@type":"ReadAction","target":["https:\/\/rutesentrerefugis.com\/index.php\/es\/2020\/11\/27\/els-descobridors-de-paisatges-es\/"]}]},{"@type":"ImageObject","inLanguage":"es","@id":"https:\/\/rutesentrerefugis.com\/index.php\/es\/2020\/11\/27\/els-descobridors-de-paisatges-es\/#primaryimage","url":"https:\/\/rutesentrerefugis.com\/wp-content\/uploads\/2023\/03\/Descobridors-de-Paisatges-Inici-NW.jpg","contentUrl":"https:\/\/rutesentrerefugis.com\/wp-content\/uploads\/2023\/03\/Descobridors-de-Paisatges-Inici-NW.jpg","width":1200,"height":800},{"@type":"BreadcrumbList","@id":"https:\/\/rutesentrerefugis.com\/index.php\/es\/2020\/11\/27\/els-descobridors-de-paisatges-es\/#breadcrumb","itemListElement":[{"@type":"ListItem","position":1,"name":"Inici","item":"https:\/\/rutesentrerefugis.com\/"},{"@type":"ListItem","position":2,"name":"ELS DESCOBRIDORS DE PAISATGES"}]},{"@type":"WebSite","@id":"https:\/\/rutesentrerefugis.com\/#website","url":"https:\/\/rutesentrerefugis.com\/","name":"Rutes Entre Refugis","description":"Caminant sota un nom","publisher":{"@id":"https:\/\/rutesentrerefugis.com\/#organization"},"potentialAction":[{"@type":"SearchAction","target":{"@type":"EntryPoint","urlTemplate":"https:\/\/rutesentrerefugis.com\/?s={search_term_string}"},"query-input":{"@type":"PropertyValueSpecification","valueRequired":true,"valueName":"search_term_string"}}],"inLanguage":"es"},{"@type":"Organization","@id":"https:\/\/rutesentrerefugis.com\/#organization","name":"Rutes Entre Refugis","url":"https:\/\/rutesentrerefugis.com\/","logo":{"@type":"ImageObject","inLanguage":"es","@id":"https:\/\/rutesentrerefugis.com\/#\/schema\/logo\/image\/","url":"https:\/\/rutesentrerefugis.com\/wp-content\/uploads\/2022\/08\/RutesEntreRefugis-Blanc-Retina-1.png","contentUrl":"https:\/\/rutesentrerefugis.com\/wp-content\/uploads\/2022\/08\/RutesEntreRefugis-Blanc-Retina-1.png","width":400,"height":400,"caption":"Rutes Entre Refugis"},"image":{"@id":"https:\/\/rutesentrerefugis.com\/#\/schema\/logo\/image\/"}},{"@type":"Person","@id":"https:\/\/rutesentrerefugis.com\/#\/schema\/person\/62e0e259f630a4514fa189293c3f4fca","name":"David Vilaseca","image":{"@type":"ImageObject","inLanguage":"es","@id":"https:\/\/rutesentrerefugis.com\/wp-content\/uploads\/2023\/05\/avatar_user_23_1683354103-96x96.jpg","url":"https:\/\/rutesentrerefugis.com\/wp-content\/uploads\/2023\/05\/avatar_user_23_1683354103-96x96.jpg","contentUrl":"https:\/\/rutesentrerefugis.com\/wp-content\/uploads\/2023\/05\/avatar_user_23_1683354103-96x96.jpg","caption":"David Vilaseca"},"url":"https:\/\/rutesentrerefugis.com\/index.php\/author\/david-vilaseca\/"}]}},"_links":{"self":[{"href":"https:\/\/rutesentrerefugis.com\/index.php\/wp-json\/wp\/v2\/posts\/9150","targetHints":{"allow":["GET"]}}],"collection":[{"href":"https:\/\/rutesentrerefugis.com\/index.php\/wp-json\/wp\/v2\/posts"}],"about":[{"href":"https:\/\/rutesentrerefugis.com\/index.php\/wp-json\/wp\/v2\/types\/post"}],"author":[{"embeddable":true,"href":"https:\/\/rutesentrerefugis.com\/index.php\/wp-json\/wp\/v2\/users\/23"}],"replies":[{"embeddable":true,"href":"https:\/\/rutesentrerefugis.com\/index.php\/wp-json\/wp\/v2\/comments?post=9150"}],"version-history":[{"count":29,"href":"https:\/\/rutesentrerefugis.com\/index.php\/wp-json\/wp\/v2\/posts\/9150\/revisions"}],"predecessor-version":[{"id":25284,"href":"https:\/\/rutesentrerefugis.com\/index.php\/wp-json\/wp\/v2\/posts\/9150\/revisions\/25284"}],"wp:featuredmedia":[{"embeddable":true,"href":"https:\/\/rutesentrerefugis.com\/index.php\/wp-json\/wp\/v2\/media\/9101"}],"wp:attachment":[{"href":"https:\/\/rutesentrerefugis.com\/index.php\/wp-json\/wp\/v2\/media?parent=9150"}],"wp:term":[{"taxonomy":"category","embeddable":true,"href":"https:\/\/rutesentrerefugis.com\/index.php\/wp-json\/wp\/v2\/categories?post=9150"},{"taxonomy":"post_tag","embeddable":true,"href":"https:\/\/rutesentrerefugis.com\/index.php\/wp-json\/wp\/v2\/tags?post=9150"}],"curies":[{"name":"wp","href":"https:\/\/api.w.org\/{rel}","templated":true}]}}